{"id":995,"date":"2024-07-20T08:09:18","date_gmt":"2024-07-20T06:09:18","guid":{"rendered":"https:\/\/editionsbussiere.com\/blog\/leglise-du-congo-prend-ses-distances-avec-les-rebelles-apres-le-discours-dun-homme-politique-dans-une-paroisse-avec-une-priere-au-petit-jour\/"},"modified":"2024-07-20T08:09:18","modified_gmt":"2024-07-20T06:09:18","slug":"leglise-du-congo-prend-ses-distances-avec-les-rebelles-apres-le-discours-dun-homme-politique-dans-une-paroisse-avec-une-priere-au-petit-jour","status":"publish","type":"post","link":"https:\/\/editionsbussiere.com\/blog\/leglise-du-congo-prend-ses-distances-avec-les-rebelles-apres-le-discours-dun-homme-politique-dans-une-paroisse-avec-une-priere-au-petit-jour\/","title":{"rendered":"L\u2019\u00e9glise du Congo prend ses distances avec les rebelles apr\u00e8s le discours d\u2019un homme politique dans une paroisse\n avec une pri\u00e8re au petit jour."},"content":{"rendered":"<div><img width=\"580\" height=\"386\" src=\"https:\/\/editionsbussiere.com\/blog\/wp-content\/uploads\/2024\/07\/Leglise-du-Congo-prend-ses-distances-avec-les-rebelles-apres.webp.webp\" class=\"attachment-large size-large wp-post-image\" alt=\"L'\u00e9glise du Congo prend ses distances avec les rebelles apr\u00e8s\" style=\"float:left; margin:0 15px 15px 0;\" decoding=\"async\" srcset=\"https:\/\/editionsbussiere.com\/blog\/wp-content\/uploads\/2024\/07\/Leglise-du-Congo-prend-ses-distances-avec-les-rebelles-apres.webp.webp 980w, https:\/\/www.n42.fr\/wp-content\/uploads\/2024\/07\/Leglise-du-Congo-prend-ses-distances-avec-les-rebelles-apres.webp-300x200.webp 300w, https:\/\/www.n42.fr\/wp-content\/uploads\/2024\/07\/Leglise-du-Congo-prend-ses-distances-avec-les-rebelles-apres.webp-768x512.webp 768w\" sizes=\"(max-width: 580px) 100vw, 580px\"><\/p>\n<p>\n<\/p>\n<div>\n<p>YAOUND\u00c9, Cameroun \u2013 Apr\u00e8s qu\u2019une vid\u00e9o d\u2019un homme politique \u00e0 la t\u00eate d\u2019un groupe rebelle arm\u00e9 s\u2019exprimant dans une paroisse catholique de l\u2019est du Congo en proie \u00e0 la violence est devenue virale, les dirigeants de l\u2019\u00c9glise du plus grand pays catholique d\u2019Afrique tentent de se distancier de l\u2019impression qu\u2019ils apportent leur soutien \u00e0 l\u2019insurrection.<\/p>\n<p>Le 14 juillet, Corneille Nangaa, protestant \u00e9vang\u00e9lique et fondateur de la <em>Alliance Fleuve Congo <\/em>(\u00ab Congo River Alliance \u00bb), un groupe rebelle li\u00e9 au mouvement rebelle M23 soutenu par le Rwanda, a assist\u00e9 \u00e0 une messe catholique dans une paroisse de Rutshuru, situ\u00e9e dans la province du Nord-Kivu, \u00e0 l\u2019est de la R\u00e9publique d\u00e9mocratique du Congo.<\/p>\n<div class=\"mb-6 last:mb-0\">\n<div id=\"div-gpt-ad-3284456-7\" data-variant=\"large\" class=\"md:hidden ad-box bg-bg-shade mx-auto clear-both relative max-w-full z-0 overflow-hidden mb-6 last:mb-0  w-80 h-[50px] lg:w-[970px] lg:h-[250px] \">\n<div class=\"absolute top-1\/2 left-1\/2 -translate-x-1\/2 -translate-y-1\/2 h-8 w-32 max-h-[40%] max-w-[90%] -z-10 dark:opacity-25\"><\/div>\n<\/div>\n<\/div>\n<div class=\"mb-6 last:mb-0\">\n<div id=\"div-gpt-ad-3284456-2\" data-variant=\"small\" class=\"hidden md:block ad-box bg-bg-shade mx-auto clear-both relative max-w-full z-0 overflow-hidden mb-6 last:mb-0 w-[300px] h-[250px]  \">\n<div class=\"absolute top-1\/2 left-1\/2 -translate-x-1\/2 -translate-y-1\/2 h-8 w-32 max-h-[40%] max-w-[90%] -z-10 dark:opacity-25\"><\/div>\n<\/div>\n<\/div>\n<p>La vid\u00e9o de cette apparition est devenue une sensation sur les r\u00e9seaux sociaux au Congo, o\u00f9 les quelque 60 millions de catholiques du pays repr\u00e9sentent plus de la moiti\u00e9 de la population nationale, et o\u00f9 l\u2019\u00c9glise joue depuis longtemps un r\u00f4le essentiel dans la vie politique.<\/p>\n<p>\u00ab Je remercie le Seigneur de nous avoir permis de prier ensemble aujourd\u2019hui \u00bb, a d\u00e9clar\u00e9 Nangaa dans la vid\u00e9o.<\/p>\n<div class=\"mb-6 last:mb-0\">\n<div id=\"div-gpt-ad-3284456-4\" data-variant=\"small\" class=\" ad-box bg-bg-shade mx-auto clear-both relative max-w-full z-0 overflow-hidden mb-6 last:mb-0 w-[300px] h-[250px]  \">\n<div class=\"absolute top-1\/2 left-1\/2 -translate-x-1\/2 -translate-y-1\/2 h-8 w-32 max-h-[40%] max-w-[90%] -z-10 dark:opacity-25\"><\/div>\n<\/div>\n<\/div>\n<p>\u00ab C\u2019est un grand honneur pour moi de b\u00e9n\u00e9ficier aujourd\u2019hui de votre accueil chaleureux. Ma posture personnelle ne compte pas, car je me tiens devant le Seigneur Dieu et devant vous tous en toute humilit\u00e9 \u00bb, a-t-il d\u00e9clar\u00e9.<\/p>\n<p>\u00ab Aujourd\u2019hui, j\u2019ai eu la gr\u00e2ce divine de communier avec vous tous dans cette magnifique c\u00e9l\u00e9bration eucharistique fraternelle. Je remercie Dieu et je vous remercie. Je suis votre serviteur ; je suis votre enfant ; je suis votre p\u00e8re ; et je suis votre fr\u00e8re \u00bb, a d\u00e9clar\u00e9 Ndanga, sous les applaudissements de l\u2019assembl\u00e9e.<\/p>\n<p>Une controverse a \u00e9clat\u00e9 apr\u00e8s la diffusion de la vid\u00e9o, de nombreux observateurs sugg\u00e9rant qu\u2019elle donnait l\u2019impression que l\u2019\u00c9glise soutenait les groupes rebelles.<\/p>\n<div class=\"mb-6 last:mb-0\">\n<div id=\"div-gpt-ad-3284456-5\" data-variant=\"small\" class=\"hidden md:block ad-box bg-bg-shade mx-auto clear-both relative max-w-full z-0 overflow-hidden mb-6 last:mb-0 w-[300px] h-[250px]  \">\n<div class=\"absolute top-1\/2 left-1\/2 -translate-x-1\/2 -translate-y-1\/2 h-8 w-32 max-h-[40%] max-w-[90%] -z-10 dark:opacity-25\"><\/div>\n<\/div>\n<\/div>\n<p>En r\u00e9ponse, le secr\u00e9taire g\u00e9n\u00e9ral de la Conf\u00e9rence \u00e9piscopale nationale du Congo a publi\u00e9 une d\u00e9claration deux jours plus tard, insistant sur le fait que l\u2019apparition de Ndanga avait \u00e9t\u00e9 un \u00ab choc \u00bb pour les dirigeants de l\u2019\u00c9glise et qu\u2019elle n\u2019impliquait aucune approbation de ses positions.<\/p>\n<p>\u00ab Loin d\u2019\u00eatre une expression de soutien de l\u2019Eglise catholique aux rebelles, comme le pensent certaines personnes mal intentionn\u00e9es, il s\u2019agit plut\u00f4t d\u2019un incident survenu \u00e0 la grande surprise du pr\u00eatre officiant dans le contexte que nous pouvons tous imaginer \u00bb, a d\u00e9clar\u00e9 Monseigneur Donatien Nshole.<\/p>\n<p>Nshole a d\u00e9clar\u00e9 que le discours improvis\u00e9 violait en r\u00e9alit\u00e9 une politique de la conf\u00e9rence des \u00e9v\u00eaques datant de 14 ans interdisant aux politiciens de parler pendant les services religieux \u00ab \u00e0 des fins de propagande \u00bb.<\/p>\n<p>Il a d\u00e9clar\u00e9 que les \u00e9v\u00eaques du pays ont toujours \u0153uvr\u00e9 pour favoriser un sentiment de coh\u00e9sion nationale, et a not\u00e9 que pour consolider ce sentiment national, il est n\u00e9cessaire d\u2019organiser \u00ab des consultations entre les repr\u00e9sentants des forces vives du pays, au-del\u00e0 des clivages politiques \u00bb.<\/p>\n<p>Certains catholiques congolais ont demand\u00e9 que des mesures disciplinaires soient prises contre le pasteur qui a permis que ce discours soit prononc\u00e9.<\/p>\n<p>\u00ab Le cardinal devrait interroger le cur\u00e9 de cette \u00e9glise \u00bb, a d\u00e9clar\u00e9 Parfait Engamba, un \u00e9minent catholique local, dans une interview accord\u00e9e \u00e0 <em>N\u0153ud<\/em>.<\/p>\n<p>Il faisait r\u00e9f\u00e9rence au cardinal Fridolin Ambongo de Kinshasa, largement consid\u00e9r\u00e9 comme le pr\u00e9lat le plus important du Congo, qui a lui-m\u00eame fait face \u00e0 des menaces de poursuites pour s\u00e9dition pour ses critiques publiques du gouvernement du pr\u00e9sident F\u00e9lix Tshisekedi.<\/p>\n<p>\u00ab Je ne comprends toujours pas pourquoi les forces de l\u2019ordre n\u2019arr\u00eatent pas cet homme de Nangaa \u00bb, a d\u00e9clar\u00e9 Engamba, accusant Nangaa de chercher \u00e0 semer la discorde entre l\u2019\u00c9glise et l\u2019\u00c9tat, et insistant sur le fait que \u00ab l\u2019\u00c9glise ne soutient pas ceux qui trahissent l\u2019\u00c9tat \u00bb.<\/p>\n<p>La RDC est en proie depuis des d\u00e9cennies \u00e0 des conflits, les rebelles exer\u00e7ant un pouvoir absolu, notamment dans l\u2019est du pays.<\/p>\n<p>Riche en ressources min\u00e9rales, dont certaines sont consid\u00e9r\u00e9es comme essentielles \u00e0 la transition \u00e9nerg\u00e9tique, l\u2019est du Congo est devenu un lieu attractif pour plus de 100 groupes rebelles, comme le M23 soutenu par le Rwanda voisin.<\/p>\n<p>La R\u00e9publique d\u00e9mocratique du Congo produit 41 % du cobalt mondial, un \u00e9l\u00e9ment essentiel \u00e0 la production de voitures \u00e9lectriques. C\u2019est le sixi\u00e8me producteur mondial de diamants industriels, avec une production de dix millions de carats par an, et elle dispose du plus grand potentiel hydro\u00e9lectrique d\u2019Afrique et de l\u2019un des plus importants au monde, avec une capacit\u00e9 techniquement r\u00e9alisable d\u2019environ 100 000 m\u00e9gawatts.<\/p>\n<p>Malgr\u00e9 ces ressources consid\u00e9rables, les b\u00e9n\u00e9fices pour la population ont \u00e9t\u00e9 minimes. En 2021, le pays se classait au 179e rang sur 191 dans l\u2019indice de d\u00e9veloppement humain, avec plus de 70 % de la population vivant avec moins de 2 dollars par jour.<\/p>\n<p>Le p\u00e8re Godefroid Mombula Alekiabo, secr\u00e9taire acad\u00e9mique de l\u2019Universit\u00e9 Saint Augustin de Kinshasa, la capitale nationale, a d\u00e9plor\u00e9 le fait que ces ressources ne b\u00e9n\u00e9ficient pas aux populations.<\/p>\n<p>\u00ab C\u2019est devenu une mal\u00e9diction pour la RDC, entra\u00eenant la mort de milliers de personnes \u00bb, a-t-il d\u00e9clar\u00e9. <em>N\u0153ud<\/em>.<\/p>\n<p>Selon un rapport publi\u00e9 en mars par les Nations Unies, 7,2 millions de personnes ont \u00e9t\u00e9 d\u00e9plac\u00e9es depuis le d\u00e9but de la guerre il y a pr\u00e8s de trente ans. Le Global Conflict Tracker ajoute que les conflits cycliques et violents ont \u00e9galement entra\u00een\u00e9 la mort d\u2019au moins 6 millions de personnes.<\/p>\n<p>Nshole croit qu\u2019une solution durable viendra des soins affectueux de M\u00e8re Marie.<\/p>\n<p>\u00ab Que la Vierge Marie, Reine de la Paix, interc\u00e8de pour notre pays aupr\u00e8s de son Fils, le Prince de la Paix \u00bb, a d\u00e9clar\u00e9 Nshole.<\/p>\n<\/div>\n<h2> \u00c9lever nos pri\u00e8res pour nos proches au Seigneur matin.<\/h2>\n<p>La ult\u00e9rieure phase de la pri\u00e8re du matin consiste \u00e0 prier pour nos proches, nos famille, nos coll\u00e8gues et notre communaut\u00e9. Nous pouvons prier pour leur, leur bonheur, leur s\u00fbret\u00e9, et leur r\u00e9ussite. Nous pouvons \u00e9galement prier pour nos adversaires et pour celles qui nous ont bless\u00e9s, et demander \u00e0 Dieu de nous aider \u00e0 leur pardonner et \u00e0 leur exprimer la compassion.<\/p>\n<h3> Implorer pour la bien-\u00eatre et la tranquillit\u00e9 de nos amis.<\/h3>\n<p>Dieu tout-puissant, nous autres te confions nos familles, nos familles avec nos compagnons. Garde, \u00f4 Dieu, au-dessus de eux, avec pr\u00e9serve -les de tout risque et de toute affliction. Donne, \u00d4 Seigneur, une sant\u00e9 du corps avec de l\u2019esprit \u00e0 eux, ainsi que la paix au sein de leur esprit. Que ta protection forte les \u00e2mes veille ainsi que les individus conduise tout au long de cette journ\u00e9e, pour qu\u2019ils jouissent dans une protection ainsi que la paix.<\/p>\n<p>Nous autres te prions pareillement pour nos propres enfants, Seigneur tout-puissant, afin qu\u2019ils grandissent dans leur foi ainsi que dans l\u2019amour de ton sacr\u00e9 nom. Offre, cher Dieu, une sagesse avec la vigueur n\u00e9cessaires pour affronter les obstacles de la vie, et aussi dirige leurs pas le long de le chemin de la v\u00e9rit\u00e9 ainsi que de la justice.<\/p>\n<p>Enfin, nous autres te prions pour nos amis ainsi que nos voisins, Seigneur, pour qu\u2019ils connaissent la joie de ton amour ainsi que la tranquillit\u00e9 de ton pardon. Accorde-leur, \u00d4 Dieu, de c\u0153urs pleins de g\u00e9n\u00e9rosit\u00e9 afin de partager avec ceux qui sont dans le besoin, et aussi bras accueillantes en vue de accueillir ceux qui seuls et aussi abandonn\u00e9s.<\/p>\n<h3> Prier pour les n\u00f4tres ennemis ainsi que ceux qui nous autres ont offens\u00e9s. <\/h3>\n<p>Seigneur Dieu, le Christ, nous t\u2019 prions pour les n\u00f4tres ennemis ainsi que pour ceux-ci qui sont nous ont offens\u00e9s. Accorde-leur, \u00f4 J\u00e9sus, votre mis\u00e9ricorde ainsi que ton pardon, ainsi que ouvre leur c\u0153ur \u00e0 la lumi\u00e8re de ta v\u00e9rit\u00e9. Aide-nous, Seigneur, \u00e0 leur montrer de la compassion et aussi \u00e0 leur pardonner comme tu nous-m\u00eames as pardonn\u00e9. Que votre paix r\u00e8gne dans notre c\u0153urs et que ton amour guide nos actions, pour que nous puissions vivre en harmonie avec tous ceux qui sont nous autres entourent.<\/p>\n<h3> Appr\u00e9hender la pri\u00e8re : <\/h3>\n<p>Pour terminer, la pri\u00e8re nous reconna\u00eet notre mission comme prog\u00e9niture de Dieu : exister des t\u00e9moins de sa lumi\u00e8re et de son affection dans l\u2019 \u00e8re touch\u00e9e aux t\u00e9n\u00e8bres. \u00c0 travers notre paroles et nos actes, nous diffusons le message de l\u2019 s\u00e9r\u00e9nit\u00e9 et de la rapprochement, amenant l\u2019attente et la cicatrisation \u00e0 un milieu endommag\u00e9.<\/p>\n<p>Au sein de l\u2019 foi chr\u00e9tienne, l\u2019 matin porte une valeur particuli\u00e8re, illustrant le renouveau et l\u2019 r\u00e9g\u00e9n\u00e9ration spirituelle. C\u2019est au d\u00e9but de chaque journ\u00e9e que le c\u0153ur se dirige vers le Seigneur dans la pri\u00e8re, recherchant \u00e0 devenir \u00e9clair\u00e9e par la lumi\u00e8re c\u00e9leste. La coutume des pri\u00e8res matinales s\u2019av\u00e8re profond\u00e9ment enracin\u00e9e dans la tradition chr\u00e9tienne, proposant un instant privil\u00e9gi\u00e9 pour communier avec Dieu et se pr\u00e9parer int\u00e9rieurement aux \u00e9preuves de la journ\u00e9e qui s\u2019annonce.<\/p>\n<p>Au l\u2019int\u00e9rieur de ces pri\u00e8re matinales se rep\u00e8re r\u00e9guli\u00e8rement une d\u00e9votion distincte pour Marie, maman mam de J\u00e9sus et figure sainte ador\u00e9e par un grand nombre fid\u00e8les. En qualit\u00e9 d\u2019 intercesseur parmi les hommes et Dieu, Marie est invoqu\u00e9e pour m\u00e9dier en notre nom, nous orientant dans le chemin de la saintet\u00e9 et ainsi que la gr\u00e2ce divine. Son apparition maternelle offre apaisement et s\u00e9curit\u00e9, enveloppant nos oraisons matinales avec une d\u00e9licatesse c\u00e9leste.<\/p>\n<p>Au travers l\u2019 pri\u00e8res du matin, on se trouve invit\u00e9s \u00e0 nous unir \u00e0 Marie dans une initiative de sanctification personnelle. Par m\u00e9ditant sur sa vie et ses vertus, nous cherchons pour imiter son humilit\u00e9, la puret\u00e9 et son ob\u00e9issance \u00e0 la volont\u00e9 de Dieu. \u00c0 travers la saintet\u00e9 parfaite, Marie devient pour nous une mod\u00e8le de vie chr\u00e9tienne, on souvenant l\u2019importance de la pri\u00e8re et du contemplation dans notre cheminement spirituel.<\/p>\n<p>Unissons-nous dans la pri\u00e8re du matin, dans l\u2019unit\u00e9 de notre foi, en Marie, la m\u00e8re de J\u00e9sus. Dans notre monde tourment\u00e9 par les conflits et la division, optons \u00e0 la pri\u00e8re comme un moyen de trouver la s\u00e9r\u00e9nit\u00e9 et la r\u00e9conciliation. On peut faire d\u00e9poser une intention de pri\u00e8re pour la Vierge Marie <a target=\"_blank\" rel=\"nofollow\" href=\"https:\/\/editionsbussiere.com\/blog\/goto\/https:\/\/www.avemariasound.org\/\" >sur le web.<\/a> Que nos pri\u00e8res montent vers le ciel, comme une offrande agr\u00e9able \u00e0 Dieu, afin qu\u2019il guide nous guider nos chemins vers le chemin de la v\u00e9rit\u00e9 et de la justice. Saint Paul nous exhorte dans ses lettres \u00e0 maintenir une pri\u00e8re incessante, en toutes circonstances, afin que notre connexion avec Dieu soit solide et passionn\u00e9e. La pri\u00e8re, quand elle est sinc\u00e8rement offerte, poss\u00e8de la capacit\u00e9 pour changer nos c\u0153urs et d\u2019influer le cours de l\u2019histoire.<\/p>\n<p>La pri\u00e8re du matin est ainsi un temps favoris\u00e9 pour nous consacrer \u00e0 Dieu avec l\u2019intercession de Marie, en lui pr\u00e9sentant nos louanges, nos remerciements ainsi que nos intentions les plus profondes. Au sein de la qui\u00e9tude de l\u2019aurore, on est invit\u00e9s \u00e0 se tourner envers la m\u00e8re sainte, laquelle nous guide par tendresse au sujet de le chemin de la foi et du sentiment amoureux divin. \u00c0 travers unissant notre voix pour celle-ci du Marie, nous haussant notre pri\u00e8res matinales \u00e0 le tr\u00f4ne de la gr\u00e2ce, confiants que notre supplications seront entendues ainsi que accueillies par le c\u0153ur mis\u00e9ricordieux de Dieu.<\/p>\n<h2> Pri\u00e8re envers le d\u00e9but de journ\u00e9e avec dieu et la Vierge Marie<\/h2>\n<p>\u00d4 Tout-Puissant et Mis\u00e9ricordieux Seigneur, en ce nouveau jour qui commence sous la clart\u00e9 de ta lumi\u00e8re c\u00e9leste, je viens \u00e0 Toi avec confiance et humilit\u00e9. Que cette jour qui commence soit consacr\u00e9e \u00e0 ta gloire sainte, que chaque pulsation de mon \u00eatre |chaque regard de mes yeux|chacune de mes paroles|chacun de mes gestes} te soit offert en sacrifice. Que chaque souffle de vie que tu m\u2019as donn\u00e9 soit un souffle d\u2019adoration |un souffle vers toi|un souffle de vie en toi}. Que la pri\u00e8re r\u00e9sonne, priez, que nos c\u0153urs implorent, priez, suppliez.<\/p>\n<p>Tel Marie, la m\u00e8re sainte qui a port\u00e9 en son sein l\u2019enfant J\u00e9sus, accompagne-moi dans ce voyage de foi et de d\u00e9votion. Que je puisse, en parcourant les pages de l\u2019\u00c9vangile, trouver la lumi\u00e8re pour \u00e9clairer mes pas et fortifier ma foi. \u00c0 l\u2019instar de Pierre, donne-moi la puissance et l\u2019audace d\u2019affronter les tourments de l\u2019existence avec une confiance absolue en ta providence.<\/p>\n<p>Dans ce moment de Car\u00eame, o\u00f9 les croyants et les fid\u00e8les se pr\u00e9parent \u00e0 honorer la r\u00e9surrection de J\u00e9sus-Christ, donne-moi, Seigneur, l\u2019\u00e9veil spirituel. Que mon esprit soit purifi\u00e9 de toute impuret\u00e9, afin qu\u2019il devienne un temple digne de ta pr\u00e9sence. Que mes pri\u00e8res, inspir\u00e9e par l\u2019exemple de Fran\u00e7ois d\u2019Assise, r\u00e9sonne tel un hymne de louange \u00e0 travers les si\u00e8cles.<br \/>\n\u00d4 Seigneur, que ma journ\u00e9e soit impr\u00e9gn\u00e9 de ta gr\u00e2ce, que chacun des instants soit une occasion de te voir et de te servir dans mes fr\u00e8res et s\u0153urs. Que mon existence soit un t\u00e9moignage vivant de ta tendresse infinie pour l\u2019humanit\u00e9. Puissent les supplications de Hozana monter vers toi comme un doux parfum, enveloppant chacune de mes journ\u00e9es dans une douce tranquillit\u00e9. Priez, \u00c9glise, Fran\u00e7ois, Hozana.<\/p>\n<p>Puissent mon c\u0153ur, \u00d4 Seigneur, devienne un reflet du tien, rempli d\u2019amour, de compassion et de mis\u00e9ricorde envers autrui. Que toutes mes pens\u00e9es et mes actions soient conduites par ton Esprit saint, afin que je puisse contribuer \u00e0 l\u2019av\u00e8nement de ta justice sur cette terre.<\/p>\n<p>Puissent cette journ\u00e9e soit une nouvelle \u00e9tape dans mon cheminement spirituel, une occasion de grandir dans la foi. Seigneur, envahis mon c\u0153ur, transforme-le en ton sanctuaire, o\u00f9 ta pr\u00e9sence se manifeste constamment. Que chacun de mes battements de c\u0153ur devienne un chant en ton honneur, Seigneur, pour les si\u00e8cles des si\u00e8cles. Amen.<\/p>\n<p>Dans l\u2019\u00e9veil spiritualiste de chaque \u00e2me chr\u00e9tienne, la supplication joue. Elle est le lien intime entre l\u2019enfant divin et sa m\u00e8re c\u00e9leste, Marie, laquelle prie en faveur de nous devant son c\u00e9leste Fils. \u00c0 travers la pri\u00e8re, nous entrons au c\u0153ur de la lumi\u00e8re de la parole de Dieu, guid\u00e9s sous l\u2019Esprit divin, pour d\u00e9couvrir la v\u00e9rit\u00e9 et la gr\u00e2ce que J\u00e9sus nous dispense.<\/p>\n<h2>Contemplation en ce qui concerne la sainte Parole du Seigneur : <\/h2>\n<p>Il nous est possible de pouvons contempler sur un extrait biblique lequel nous parle de la tendresse divin. \u00c0 titre d\u2019exemple :<\/p>\n<h3>1 Corinthiens 13, 1-8 : <\/h3>\n<p>\u00ab\u00a0Quand je parlerais les langues des hommes et des anges, si je n\u2019ai pas l\u2019amour, je suis un airain qui r\u00e9sonne ou une cymbale qui retentit. Et quand j\u2019aurais le don de proph\u00e9tie, la science de tous les myst\u00e8res et toute la connaissance, quand j\u2019aurais m\u00eame toute la foi jusqu\u2019\u00e0 transporter des montagnes, si je n\u2019ai pas l\u2019amour, je ne suis rien. .\u00a0\u00bb<\/p>\n<p>Publications sur le m\u00eame th\u00e8me:<\/p>\n<p>Revue musicale \u2013 31 mai 1895.,<a target=\"_blank\" rel=\"nofollow\" href=\"https:\/\/editionsbussiere.com\/blog\/goto\/https:\/\/fr.wikisource.org\/wiki\/Revue_musicale_-_31_mai_1895\"  target=\"_blank\" rel=\"noopener noreferrer nofollow\">Le texte de l\u2019article.<\/a><span><\/span><\/p>\n<p>Les Si\u00e8cles morts\/Consolation \u00e0 S\u00e9r\u00e9na.,<a target=\"_blank\" rel=\"nofollow\" href=\"https:\/\/editionsbussiere.com\/blog\/goto\/https:\/\/fr.wikisource.org\/wiki\/Les_Si%C3%A8cles_morts\/Consolation_%C3%A0_S%C3%A9r%C3%A9na\"  target=\"_blank\" rel=\"noopener noreferrer nofollow\">L\u2019article ICI.<\/a><span><\/span><\/p>\n<p>Les Chroniques de Sire Jean Froissart\/Prologue.,<a target=\"_blank\" rel=\"nofollow\" href=\"https:\/\/editionsbussiere.com\/blog\/goto\/https:\/\/fr.wikisource.org\/wiki\/Les_Chroniques_de_Sire_Jean_Froissart\/Prologue\"  target=\"_blank\" rel=\"noopener noreferrer nofollow\">A lire ici.<\/a><span><\/span><\/p>\n<p>La Nouvelle Atala\/Chapitre II.,<a target=\"_blank\" rel=\"nofollow\" href=\"https:\/\/editionsbussiere.com\/blog\/goto\/https:\/\/fr.wikisource.org\/wiki\/La_Nouvelle_Atala\/Chapitre_II\"  target=\"_blank\" rel=\"noopener noreferrer nofollow\">Article complet.<\/a><span><\/span>. Suite sur le prochain article.<\/p>\n<p>L\u2019Antoniade\/Premier \u00c2ge\/Prologue.,<a target=\"_blank\" rel=\"nofollow\" href=\"https:\/\/editionsbussiere.com\/blog\/goto\/https:\/\/fr.wikisource.org\/wiki\/L%E2%80%99Antoniade\/Premier_%C3%82ge\/Prologue\"  target=\"_blank\" rel=\"noopener noreferrer nofollow\">Le post d\u2019actualit\u00e9.<\/a><span><\/span>. Suite sur le prochain article.<\/p>\n<p>Dictionnaire de th\u00e9ologie catholique\/IMMACUL\u00c9E CONCEPTION I. Dans l\u2019Ecriture et la tradition jusqu\u2019au concile d\u2019Eph\u00e8se III.En Occident et en Orient jusqu\u2019au concile d\u2019Eph\u00e8se.,<a target=\"_blank\" rel=\"nofollow\" href=\"https:\/\/editionsbussiere.com\/blog\/goto\/https:\/\/fr.wikisource.org\/wiki\/Dictionnaire_de_th%C3%A9ologie_catholique\/IMMACUL%C3%89E_CONCEPTION_I._Dans_l%27Ecriture_et_la_tradition_jusqu%27au_concile_d%27Eph%C3%A8se_III.En_Occident_et_en_Orient_jusqu%27au_concile_d%27Eph%C3%A8se\"  target=\"_blank\" rel=\"noopener noreferrer nofollow\">Cliquer ICI.<\/a><span><\/span><\/p>\n<\/div>\n<p><img decoding=\"async\" class=\"wpe_imgrss\" src=\"https:\/\/editionsbussiere.com\/blog\/wp-content\/uploads\/2024\/07\/Leglise-du-Congo-prend-ses-distances-avec-les-rebelles-apres.webp.webp\">Cet article a \u00e9t\u00e9 reconstitu\u00e9 du mieux possible. Dans l\u2019hypoth\u00e8se o\u00f9 vous souhaitez apporter quelques modifications concernant le th\u00e8me \u00ab\u00a0Editions \u00e9sot\u00e9rique fond\u00e9e en 1927\u00a0\u00bb, il est possible de discuter avec notre r\u00e9daction. Vous pouvez tirer profit de cet article traitant le sujet \u00ab\u00a0Editions \u00e9sot\u00e9rique fond\u00e9e en 1927\u00a0\u00bb. Il est concoct\u00e9 par l\u2019\u00e9quipe editionsbussiere.com. Le site editionsbussiere.com est fait pour cr\u00e9er divers posts autour du th\u00e8me Editions \u00e9sot\u00e9rique fond\u00e9e en 1927 d\u00e9velopp\u00e9es sur internet. Consultez notre site internet editionsbussiere.com et nos r\u00e9seaux sociaux pour \u00eatre au courant des futures annonces.<\/p>\n","protected":false},"excerpt":{"rendered":"<p>YAOUND\u00c9, Cameroun \u2013 Apr\u00e8s qu\u2019une vid\u00e9o d\u2019un homme politique \u00e0 la t\u00eate d\u2019un groupe rebelle arm\u00e9 s\u2019exprimant dans une paroisse catholique de l\u2019est du Congo en proie \u00e0 la violence est devenue virale, les dirigeants de l\u2019\u00c9glise du plus grand pays catholique d\u2019Afrique tentent de se distancier de l\u2019impression qu\u2019ils apportent leur soutien \u00e0 l\u2019insurrection. [&hellip;]<\/p>\n","protected":false},"author":3,"featured_media":996,"comment_status":"closed","ping_status":"closed","sticky":false,"template":"","format":"standard","meta":{"footnotes":""},"categories":[3],"tags":[],"class_list":["post-995","post","type-post","status-publish","format-standard","has-post-thumbnail","hentry","category-editions-esoterique-fondee-en-1927-depeches","entry","fw-tab-6 fw-tabr-4","has-featured-image"],"yoast_head":"<!-- This site is optimized with the Yoast SEO plugin v27.5 - https:\/\/yoast.com\/product\/yoast-seo-wordpress\/ -->\n<title>L\u2019\u00e9glise du Congo prend ses distances avec les rebelles apr\u00e8s le discours d\u2019un homme politique dans une paroisse avec une pri\u00e8re au petit jour. - EDITIONSBUSSIERE<\/title>\n<meta name=\"robots\" content=\"index, follow, max-snippet:-1, max-image-preview:large, max-video-preview:-1\" \/>\n<link rel=\"canonical\" href=\"https:\/\/editionsbussiere.com\/blog\/leglise-du-congo-prend-ses-distances-avec-les-rebelles-apres-le-discours-dun-homme-politique-dans-une-paroisse-avec-une-priere-au-petit-jour\/\" \/>\n<meta property=\"og:locale\" content=\"fr_FR\" \/>\n<meta property=\"og:type\" content=\"article\" \/>\n<meta property=\"og:title\" content=\"L\u2019\u00e9glise du Congo prend ses distances avec les rebelles apr\u00e8s le discours d\u2019un homme politique dans une paroisse avec une pri\u00e8re au petit jour. - EDITIONSBUSSIERE\" \/>\n<meta property=\"og:description\" content=\"YAOUND\u00c9, Cameroun \u2013 Apr\u00e8s qu\u2019une vid\u00e9o d\u2019un homme politique \u00e0 la t\u00eate d\u2019un groupe rebelle arm\u00e9 s\u2019exprimant dans une paroisse catholique de l\u2019est du Congo en proie \u00e0 la violence est devenue virale, les dirigeants de l\u2019\u00c9glise du plus grand pays catholique d\u2019Afrique tentent de se distancier de l\u2019impression qu\u2019ils apportent leur soutien \u00e0 l\u2019insurrection. [&hellip;]\" \/>\n<meta property=\"og:url\" content=\"https:\/\/editionsbussiere.com\/blog\/leglise-du-congo-prend-ses-distances-avec-les-rebelles-apres-le-discours-dun-homme-politique-dans-une-paroisse-avec-une-priere-au-petit-jour\/\" \/>\n<meta property=\"og:site_name\" content=\"EDITIONSBUSSIERE\" \/>\n<meta property=\"article:published_time\" content=\"2024-07-20T06:09:18+00:00\" \/>\n<meta property=\"og:image\" content=\"https:\/\/editionsbussiere.com\/blog\/wp-content\/uploads\/2024\/07\/Leglise-du-Congo-prend-ses-distances-avec-les-rebelles-apres.webp.webp\" \/>\n<meta name=\"author\" content=\"Marie BATICLE\" \/>\n<meta name=\"twitter:card\" content=\"summary_large_image\" \/>\n<meta name=\"twitter:label1\" content=\"\u00c9crit par\" \/>\n\t<meta name=\"twitter:data1\" content=\"Marie BATICLE\" \/>\n\t<meta name=\"twitter:label2\" content=\"Dur\u00e9e de lecture estim\u00e9e\" \/>\n\t<meta name=\"twitter:data2\" content=\"14 minutes\" \/>\n<script type=\"application\/ld+json\" class=\"yoast-schema-graph\">{\"@context\":\"https:\\\/\\\/schema.org\",\"@graph\":[{\"@type\":\"Article\",\"@id\":\"https:\\\/\\\/editionsbussiere.com\\\/blog\\\/leglise-du-congo-prend-ses-distances-avec-les-rebelles-apres-le-discours-dun-homme-politique-dans-une-paroisse-avec-une-priere-au-petit-jour\\\/#article\",\"isPartOf\":{\"@id\":\"https:\\\/\\\/editionsbussiere.com\\\/blog\\\/leglise-du-congo-prend-ses-distances-avec-les-rebelles-apres-le-discours-dun-homme-politique-dans-une-paroisse-avec-une-priere-au-petit-jour\\\/\"},\"author\":{\"name\":\"Marie BATICLE\",\"@id\":\"https:\\\/\\\/editionsbussiere.com\\\/blog\\\/#\\\/schema\\\/person\\\/ec90e102792148c97e46ab871010dd8f\"},\"headline\":\"L\u2019\u00e9glise du Congo prend ses distances avec les rebelles apr\u00e8s le discours d\u2019un homme politique dans une paroisse avec une pri\u00e8re au petit jour.\",\"datePublished\":\"2024-07-20T06:09:18+00:00\",\"mainEntityOfPage\":{\"@id\":\"https:\\\/\\\/editionsbussiere.com\\\/blog\\\/leglise-du-congo-prend-ses-distances-avec-les-rebelles-apres-le-discours-dun-homme-politique-dans-une-paroisse-avec-une-priere-au-petit-jour\\\/\"},\"wordCount\":2839,\"publisher\":{\"@id\":\"https:\\\/\\\/editionsbussiere.com\\\/blog\\\/#organization\"},\"image\":{\"@id\":\"https:\\\/\\\/editionsbussiere.com\\\/blog\\\/leglise-du-congo-prend-ses-distances-avec-les-rebelles-apres-le-discours-dun-homme-politique-dans-une-paroisse-avec-une-priere-au-petit-jour\\\/#primaryimage\"},\"thumbnailUrl\":\"https:\\\/\\\/editionsbussiere.com\\\/blog\\\/wp-content\\\/uploads\\\/2024\\\/07\\\/Leglise-du-Congo-prend-ses-distances-avec-les-rebelles-apres.webp.webp\",\"articleSection\":[\"Editions \u00c9sot\u00e9rique Fond\u00e9e En 1927; D\u00e9p\u00e8ches:\"],\"inLanguage\":\"fr-FR\"},{\"@type\":\"WebPage\",\"@id\":\"https:\\\/\\\/editionsbussiere.com\\\/blog\\\/leglise-du-congo-prend-ses-distances-avec-les-rebelles-apres-le-discours-dun-homme-politique-dans-une-paroisse-avec-une-priere-au-petit-jour\\\/\",\"url\":\"https:\\\/\\\/editionsbussiere.com\\\/blog\\\/leglise-du-congo-prend-ses-distances-avec-les-rebelles-apres-le-discours-dun-homme-politique-dans-une-paroisse-avec-une-priere-au-petit-jour\\\/\",\"name\":\"L\u2019\u00e9glise du Congo prend ses distances avec les rebelles apr\u00e8s le discours d\u2019un homme politique dans une paroisse avec une pri\u00e8re au petit jour. - EDITIONSBUSSIERE\",\"isPartOf\":{\"@id\":\"https:\\\/\\\/editionsbussiere.com\\\/blog\\\/#website\"},\"primaryImageOfPage\":{\"@id\":\"https:\\\/\\\/editionsbussiere.com\\\/blog\\\/leglise-du-congo-prend-ses-distances-avec-les-rebelles-apres-le-discours-dun-homme-politique-dans-une-paroisse-avec-une-priere-au-petit-jour\\\/#primaryimage\"},\"image\":{\"@id\":\"https:\\\/\\\/editionsbussiere.com\\\/blog\\\/leglise-du-congo-prend-ses-distances-avec-les-rebelles-apres-le-discours-dun-homme-politique-dans-une-paroisse-avec-une-priere-au-petit-jour\\\/#primaryimage\"},\"thumbnailUrl\":\"https:\\\/\\\/editionsbussiere.com\\\/blog\\\/wp-content\\\/uploads\\\/2024\\\/07\\\/Leglise-du-Congo-prend-ses-distances-avec-les-rebelles-apres.webp.webp\",\"datePublished\":\"2024-07-20T06:09:18+00:00\",\"breadcrumb\":{\"@id\":\"https:\\\/\\\/editionsbussiere.com\\\/blog\\\/leglise-du-congo-prend-ses-distances-avec-les-rebelles-apres-le-discours-dun-homme-politique-dans-une-paroisse-avec-une-priere-au-petit-jour\\\/#breadcrumb\"},\"inLanguage\":\"fr-FR\",\"potentialAction\":[{\"@type\":\"ReadAction\",\"target\":[\"https:\\\/\\\/editionsbussiere.com\\\/blog\\\/leglise-du-congo-prend-ses-distances-avec-les-rebelles-apres-le-discours-dun-homme-politique-dans-une-paroisse-avec-une-priere-au-petit-jour\\\/\"]}]},{\"@type\":\"ImageObject\",\"inLanguage\":\"fr-FR\",\"@id\":\"https:\\\/\\\/editionsbussiere.com\\\/blog\\\/leglise-du-congo-prend-ses-distances-avec-les-rebelles-apres-le-discours-dun-homme-politique-dans-une-paroisse-avec-une-priere-au-petit-jour\\\/#primaryimage\",\"url\":\"https:\\\/\\\/editionsbussiere.com\\\/blog\\\/wp-content\\\/uploads\\\/2024\\\/07\\\/Leglise-du-Congo-prend-ses-distances-avec-les-rebelles-apres.webp.webp\",\"contentUrl\":\"https:\\\/\\\/editionsbussiere.com\\\/blog\\\/wp-content\\\/uploads\\\/2024\\\/07\\\/Leglise-du-Congo-prend-ses-distances-avec-les-rebelles-apres.webp.webp\",\"width\":980,\"height\":653,\"caption\":\"Leglise du Congo prend ses distances avec les rebelles apres.webp\"},{\"@type\":\"BreadcrumbList\",\"@id\":\"https:\\\/\\\/editionsbussiere.com\\\/blog\\\/leglise-du-congo-prend-ses-distances-avec-les-rebelles-apres-le-discours-dun-homme-politique-dans-une-paroisse-avec-une-priere-au-petit-jour\\\/#breadcrumb\",\"itemListElement\":[{\"@type\":\"ListItem\",\"position\":1,\"name\":\"Accueil\",\"item\":\"https:\\\/\\\/editionsbussiere.com\\\/blog\\\/\"},{\"@type\":\"ListItem\",\"position\":2,\"name\":\"L\u2019\u00e9glise du Congo prend ses distances avec les rebelles apr\u00e8s le discours d\u2019un homme politique dans une paroisse avec une pri\u00e8re au petit jour.\"}]},{\"@type\":\"WebSite\",\"@id\":\"https:\\\/\\\/editionsbussiere.com\\\/blog\\\/#website\",\"url\":\"https:\\\/\\\/editionsbussiere.com\\\/blog\\\/\",\"name\":\"EDITIONSBUSSIERE\",\"description\":\"Editions \u00e9sot\u00e9rique fond\u00e9e en 1927; site historique, A SAVOIR ET RETENIR.\",\"publisher\":{\"@id\":\"https:\\\/\\\/editionsbussiere.com\\\/blog\\\/#organization\"},\"potentialAction\":[{\"@type\":\"SearchAction\",\"target\":{\"@type\":\"EntryPoint\",\"urlTemplate\":\"https:\\\/\\\/editionsbussiere.com\\\/blog\\\/?s={search_term_string}\"},\"query-input\":{\"@type\":\"PropertyValueSpecification\",\"valueRequired\":true,\"valueName\":\"search_term_string\"}}],\"inLanguage\":\"fr-FR\"},{\"@type\":\"Organization\",\"@id\":\"https:\\\/\\\/editionsbussiere.com\\\/blog\\\/#organization\",\"name\":\"editionsbussiere\",\"url\":\"https:\\\/\\\/editionsbussiere.com\\\/blog\\\/\",\"logo\":{\"@type\":\"ImageObject\",\"inLanguage\":\"fr-FR\",\"@id\":\"https:\\\/\\\/editionsbussiere.com\\\/blog\\\/#\\\/schema\\\/logo\\\/image\\\/\",\"url\":\"https:\\\/\\\/editionsbussiere.com\\\/blog\\\/wp-content\\\/uploads\\\/2023\\\/09\\\/cropped-buss.gif\",\"contentUrl\":\"https:\\\/\\\/editionsbussiere.com\\\/blog\\\/wp-content\\\/uploads\\\/2023\\\/09\\\/cropped-buss.gif\",\"width\":298,\"height\":120,\"caption\":\"editionsbussiere\"},\"image\":{\"@id\":\"https:\\\/\\\/editionsbussiere.com\\\/blog\\\/#\\\/schema\\\/logo\\\/image\\\/\"}},{\"@type\":\"Person\",\"@id\":\"https:\\\/\\\/editionsbussiere.com\\\/blog\\\/#\\\/schema\\\/person\\\/ec90e102792148c97e46ab871010dd8f\",\"name\":\"Marie BATICLE\",\"image\":{\"@type\":\"ImageObject\",\"inLanguage\":\"fr-FR\",\"@id\":\"https:\\\/\\\/secure.gravatar.com\\\/avatar\\\/c923e52403b1b8137e2d929127211d21967e6aecaa053bd43b09da29f212e76e?s=96&d=mm&r=g\",\"url\":\"https:\\\/\\\/secure.gravatar.com\\\/avatar\\\/c923e52403b1b8137e2d929127211d21967e6aecaa053bd43b09da29f212e76e?s=96&d=mm&r=g\",\"contentUrl\":\"https:\\\/\\\/secure.gravatar.com\\\/avatar\\\/c923e52403b1b8137e2d929127211d21967e6aecaa053bd43b09da29f212e76e?s=96&d=mm&r=g\",\"caption\":\"Marie BATICLE\"},\"url\":\"https:\\\/\\\/editionsbussiere.com\\\/blog\\\/author\\\/eremarie\\\/\"}]}<\/script>\n<!-- \/ Yoast SEO plugin. -->","yoast_head_json":{"title":"L\u2019\u00e9glise du Congo prend ses distances avec les rebelles apr\u00e8s le discours d\u2019un homme politique dans une paroisse avec une pri\u00e8re au petit jour. - EDITIONSBUSSIERE","robots":{"index":"index","follow":"follow","max-snippet":"max-snippet:-1","max-image-preview":"max-image-preview:large","max-video-preview":"max-video-preview:-1"},"canonical":"https:\/\/editionsbussiere.com\/blog\/leglise-du-congo-prend-ses-distances-avec-les-rebelles-apres-le-discours-dun-homme-politique-dans-une-paroisse-avec-une-priere-au-petit-jour\/","og_locale":"fr_FR","og_type":"article","og_title":"L\u2019\u00e9glise du Congo prend ses distances avec les rebelles apr\u00e8s le discours d\u2019un homme politique dans une paroisse avec une pri\u00e8re au petit jour. - EDITIONSBUSSIERE","og_description":"YAOUND\u00c9, Cameroun \u2013 Apr\u00e8s qu\u2019une vid\u00e9o d\u2019un homme politique \u00e0 la t\u00eate d\u2019un groupe rebelle arm\u00e9 s\u2019exprimant dans une paroisse catholique de l\u2019est du Congo en proie \u00e0 la violence est devenue virale, les dirigeants de l\u2019\u00c9glise du plus grand pays catholique d\u2019Afrique tentent de se distancier de l\u2019impression qu\u2019ils apportent leur soutien \u00e0 l\u2019insurrection. [&hellip;]","og_url":"https:\/\/editionsbussiere.com\/blog\/leglise-du-congo-prend-ses-distances-avec-les-rebelles-apres-le-discours-dun-homme-politique-dans-une-paroisse-avec-une-priere-au-petit-jour\/","og_site_name":"EDITIONSBUSSIERE","article_published_time":"2024-07-20T06:09:18+00:00","og_image":[{"url":"https:\/\/editionsbussiere.com\/blog\/wp-content\/uploads\/2024\/07\/Leglise-du-Congo-prend-ses-distances-avec-les-rebelles-apres.webp.webp","type":"","width":"","height":""}],"author":"Marie BATICLE","twitter_card":"summary_large_image","twitter_misc":{"\u00c9crit par":"Marie BATICLE","Dur\u00e9e de lecture estim\u00e9e":"14 minutes"},"schema":{"@context":"https:\/\/schema.org","@graph":[{"@type":"Article","@id":"https:\/\/editionsbussiere.com\/blog\/leglise-du-congo-prend-ses-distances-avec-les-rebelles-apres-le-discours-dun-homme-politique-dans-une-paroisse-avec-une-priere-au-petit-jour\/#article","isPartOf":{"@id":"https:\/\/editionsbussiere.com\/blog\/leglise-du-congo-prend-ses-distances-avec-les-rebelles-apres-le-discours-dun-homme-politique-dans-une-paroisse-avec-une-priere-au-petit-jour\/"},"author":{"name":"Marie BATICLE","@id":"https:\/\/editionsbussiere.com\/blog\/#\/schema\/person\/ec90e102792148c97e46ab871010dd8f"},"headline":"L\u2019\u00e9glise du Congo prend ses distances avec les rebelles apr\u00e8s le discours d\u2019un homme politique dans une paroisse avec une pri\u00e8re au petit jour.","datePublished":"2024-07-20T06:09:18+00:00","mainEntityOfPage":{"@id":"https:\/\/editionsbussiere.com\/blog\/leglise-du-congo-prend-ses-distances-avec-les-rebelles-apres-le-discours-dun-homme-politique-dans-une-paroisse-avec-une-priere-au-petit-jour\/"},"wordCount":2839,"publisher":{"@id":"https:\/\/editionsbussiere.com\/blog\/#organization"},"image":{"@id":"https:\/\/editionsbussiere.com\/blog\/leglise-du-congo-prend-ses-distances-avec-les-rebelles-apres-le-discours-dun-homme-politique-dans-une-paroisse-avec-une-priere-au-petit-jour\/#primaryimage"},"thumbnailUrl":"https:\/\/editionsbussiere.com\/blog\/wp-content\/uploads\/2024\/07\/Leglise-du-Congo-prend-ses-distances-avec-les-rebelles-apres.webp.webp","articleSection":["Editions \u00c9sot\u00e9rique Fond\u00e9e En 1927; D\u00e9p\u00e8ches:"],"inLanguage":"fr-FR"},{"@type":"WebPage","@id":"https:\/\/editionsbussiere.com\/blog\/leglise-du-congo-prend-ses-distances-avec-les-rebelles-apres-le-discours-dun-homme-politique-dans-une-paroisse-avec-une-priere-au-petit-jour\/","url":"https:\/\/editionsbussiere.com\/blog\/leglise-du-congo-prend-ses-distances-avec-les-rebelles-apres-le-discours-dun-homme-politique-dans-une-paroisse-avec-une-priere-au-petit-jour\/","name":"L\u2019\u00e9glise du Congo prend ses distances avec les rebelles apr\u00e8s le discours d\u2019un homme politique dans une paroisse avec une pri\u00e8re au petit jour. - EDITIONSBUSSIERE","isPartOf":{"@id":"https:\/\/editionsbussiere.com\/blog\/#website"},"primaryImageOfPage":{"@id":"https:\/\/editionsbussiere.com\/blog\/leglise-du-congo-prend-ses-distances-avec-les-rebelles-apres-le-discours-dun-homme-politique-dans-une-paroisse-avec-une-priere-au-petit-jour\/#primaryimage"},"image":{"@id":"https:\/\/editionsbussiere.com\/blog\/leglise-du-congo-prend-ses-distances-avec-les-rebelles-apres-le-discours-dun-homme-politique-dans-une-paroisse-avec-une-priere-au-petit-jour\/#primaryimage"},"thumbnailUrl":"https:\/\/editionsbussiere.com\/blog\/wp-content\/uploads\/2024\/07\/Leglise-du-Congo-prend-ses-distances-avec-les-rebelles-apres.webp.webp","datePublished":"2024-07-20T06:09:18+00:00","breadcrumb":{"@id":"https:\/\/editionsbussiere.com\/blog\/leglise-du-congo-prend-ses-distances-avec-les-rebelles-apres-le-discours-dun-homme-politique-dans-une-paroisse-avec-une-priere-au-petit-jour\/#breadcrumb"},"inLanguage":"fr-FR","potentialAction":[{"@type":"ReadAction","target":["https:\/\/editionsbussiere.com\/blog\/leglise-du-congo-prend-ses-distances-avec-les-rebelles-apres-le-discours-dun-homme-politique-dans-une-paroisse-avec-une-priere-au-petit-jour\/"]}]},{"@type":"ImageObject","inLanguage":"fr-FR","@id":"https:\/\/editionsbussiere.com\/blog\/leglise-du-congo-prend-ses-distances-avec-les-rebelles-apres-le-discours-dun-homme-politique-dans-une-paroisse-avec-une-priere-au-petit-jour\/#primaryimage","url":"https:\/\/editionsbussiere.com\/blog\/wp-content\/uploads\/2024\/07\/Leglise-du-Congo-prend-ses-distances-avec-les-rebelles-apres.webp.webp","contentUrl":"https:\/\/editionsbussiere.com\/blog\/wp-content\/uploads\/2024\/07\/Leglise-du-Congo-prend-ses-distances-avec-les-rebelles-apres.webp.webp","width":980,"height":653,"caption":"Leglise du Congo prend ses distances avec les rebelles apres.webp"},{"@type":"BreadcrumbList","@id":"https:\/\/editionsbussiere.com\/blog\/leglise-du-congo-prend-ses-distances-avec-les-rebelles-apres-le-discours-dun-homme-politique-dans-une-paroisse-avec-une-priere-au-petit-jour\/#breadcrumb","itemListElement":[{"@type":"ListItem","position":1,"name":"Accueil","item":"https:\/\/editionsbussiere.com\/blog\/"},{"@type":"ListItem","position":2,"name":"L\u2019\u00e9glise du Congo prend ses distances avec les rebelles apr\u00e8s le discours d\u2019un homme politique dans une paroisse avec une pri\u00e8re au petit jour."}]},{"@type":"WebSite","@id":"https:\/\/editionsbussiere.com\/blog\/#website","url":"https:\/\/editionsbussiere.com\/blog\/","name":"EDITIONSBUSSIERE","description":"Editions \u00e9sot\u00e9rique fond\u00e9e en 1927; site historique, A SAVOIR ET RETENIR.","publisher":{"@id":"https:\/\/editionsbussiere.com\/blog\/#organization"},"potentialAction":[{"@type":"SearchAction","target":{"@type":"EntryPoint","urlTemplate":"https:\/\/editionsbussiere.com\/blog\/?s={search_term_string}"},"query-input":{"@type":"PropertyValueSpecification","valueRequired":true,"valueName":"search_term_string"}}],"inLanguage":"fr-FR"},{"@type":"Organization","@id":"https:\/\/editionsbussiere.com\/blog\/#organization","name":"editionsbussiere","url":"https:\/\/editionsbussiere.com\/blog\/","logo":{"@type":"ImageObject","inLanguage":"fr-FR","@id":"https:\/\/editionsbussiere.com\/blog\/#\/schema\/logo\/image\/","url":"https:\/\/editionsbussiere.com\/blog\/wp-content\/uploads\/2023\/09\/cropped-buss.gif","contentUrl":"https:\/\/editionsbussiere.com\/blog\/wp-content\/uploads\/2023\/09\/cropped-buss.gif","width":298,"height":120,"caption":"editionsbussiere"},"image":{"@id":"https:\/\/editionsbussiere.com\/blog\/#\/schema\/logo\/image\/"}},{"@type":"Person","@id":"https:\/\/editionsbussiere.com\/blog\/#\/schema\/person\/ec90e102792148c97e46ab871010dd8f","name":"Marie BATICLE","image":{"@type":"ImageObject","inLanguage":"fr-FR","@id":"https:\/\/secure.gravatar.com\/avatar\/c923e52403b1b8137e2d929127211d21967e6aecaa053bd43b09da29f212e76e?s=96&d=mm&r=g","url":"https:\/\/secure.gravatar.com\/avatar\/c923e52403b1b8137e2d929127211d21967e6aecaa053bd43b09da29f212e76e?s=96&d=mm&r=g","contentUrl":"https:\/\/secure.gravatar.com\/avatar\/c923e52403b1b8137e2d929127211d21967e6aecaa053bd43b09da29f212e76e?s=96&d=mm&r=g","caption":"Marie BATICLE"},"url":"https:\/\/editionsbussiere.com\/blog\/author\/eremarie\/"}]}},"_links":{"self":[{"href":"https:\/\/editionsbussiere.com\/blog\/wp-json\/wp\/v2\/posts\/995","targetHints":{"allow":["GET"]}}],"collection":[{"href":"https:\/\/editionsbussiere.com\/blog\/wp-json\/wp\/v2\/posts"}],"about":[{"href":"https:\/\/editionsbussiere.com\/blog\/wp-json\/wp\/v2\/types\/post"}],"author":[{"embeddable":true,"href":"https:\/\/editionsbussiere.com\/blog\/wp-json\/wp\/v2\/users\/3"}],"replies":[{"embeddable":true,"href":"https:\/\/editionsbussiere.com\/blog\/wp-json\/wp\/v2\/comments?post=995"}],"version-history":[{"count":0,"href":"https:\/\/editionsbussiere.com\/blog\/wp-json\/wp\/v2\/posts\/995\/revisions"}],"wp:featuredmedia":[{"embeddable":true,"href":"https:\/\/editionsbussiere.com\/blog\/wp-json\/wp\/v2\/media\/996"}],"wp:attachment":[{"href":"https:\/\/editionsbussiere.com\/blog\/wp-json\/wp\/v2\/media?parent=995"}],"wp:term":[{"taxonomy":"category","embeddable":true,"href":"https:\/\/editionsbussiere.com\/blog\/wp-json\/wp\/v2\/categories?post=995"},{"taxonomy":"post_tag","embeddable":true,"href":"https:\/\/editionsbussiere.com\/blog\/wp-json\/wp\/v2\/tags?post=995"}],"curies":[{"name":"wp","href":"https:\/\/api.w.org\/{rel}","templated":true}]}}