{"id":990,"date":"2024-07-19T15:06:43","date_gmt":"2024-07-19T13:06:43","guid":{"rendered":"https:\/\/editionsbussiere.com\/blog\/actualites-du-village-de-misterton-et-west-stockwith-avec-une-invocation-du-matin\/"},"modified":"2024-07-19T15:06:43","modified_gmt":"2024-07-19T13:06:43","slug":"actualites-du-village-de-misterton-et-west-stockwith-avec-une-invocation-du-matin","status":"publish","type":"post","link":"https:\/\/editionsbussiere.com\/blog\/actualites-du-village-de-misterton-et-west-stockwith-avec-une-invocation-du-matin\/","title":{"rendered":"Actualit\u00e9s du village de Misterton et West Stockwith\n avec une invocation du matin."},"content":{"rendered":"<div><img width=\"580\" height=\"773\" src=\"https:\/\/editionsbussiere.com\/blog\/wp-content\/uploads\/2024\/07\/1721390868_Actualites-du-village-de-Misterton-et-West-Stockwith-avec-une-768x1024-1.jpg\" class=\"attachment-large size-large wp-post-image\" alt=\"Actualit\u00e9s du village de Misterton et West Stockwith avec une\" style=\"float:left; margin:0 15px 15px 0;\" decoding=\"async\" srcset=\"https:\/\/editionsbussiere.com\/blog\/wp-content\/uploads\/2024\/07\/1721390868_Actualites-du-village-de-Misterton-et-West-Stockwith-avec-une-768x1024-1.jpg 768w, https:\/\/www.n42.fr\/wp-content\/uploads\/2024\/07\/1721390868_Actualites-du-village-de-Misterton-et-West-Stockwith-avec-une-225x300.jpg 225w, https:\/\/www.n42.fr\/wp-content\/uploads\/2024\/07\/1721390868_Actualites-du-village-de-Misterton-et-West-Stockwith-avec-une.jpg 790w\" sizes=\"(max-width: 580px) 100vw, 580px\"><\/p>\n<p>\n<\/p>\n<div>\n<div class=\"sc-iWajrY gSTxRr\">\n<div class=\"sc-gJwTLC dbUhNg\">\n<p>Regardez davantage de nos vid\u00e9os sur Shots ! <br class=\"sc-fxvKuh eMghsc\">et en direct sur la cha\u00eene Freeview 276<\/p>\n<p>Visitez Shots! maintenant<\/p>\n<\/div>\n<\/div>\n<p>Actualit\u00e9s et agenda des villages<\/p>\n<div class=\"Markup__ParagraphWrapper-sc-13q6ywe-0 ioxa-DF markup \">\n<p><strong>DONNEZ VOTRE AVIS SUR LES PRIORIT\u00c9S DE LA POLICE<\/strong>Les habitants de Misterton sont invit\u00e9s \u00e0 saisir l\u2019opportunit\u00e9 d\u2019influencer l\u2019avenir des services de police, de pr\u00e9vention du crime et de soutien aux victimes dans le comt\u00e9 au cours des cinq prochaines ann\u00e9es.<\/p>\n<\/div>\n<div class=\"Markup__ParagraphWrapper-sc-13q6ywe-0 ioxa-DF markup \">\n<p>Le nouveau commissaire de police et de la criminalit\u00e9 de Notts, Gary Godden, a lanc\u00e9 une consultation publique sur son nouveau plan de police et de criminalit\u00e9. Les principaux piliers de ses propositions incluent la priorit\u00e9 accord\u00e9e aux victimes et aux communaut\u00e9s, le renforcement du travail avec les agences partenaires et la garantie d\u2019une police efficace et r\u00e9siliente.<\/p>\n<\/div>\n<div class=\"Markup__ParagraphWrapper-sc-13q6ywe-0 ioxa-DF markup \">\n<p>Les habitants du Nottinghamshire sont d\u00e9sormais invit\u00e9s \u00e0 donner leur avis sur les questions qui devraient \u00eatre prioritaires, notamment une plus grande visibilit\u00e9 et un meilleur acc\u00e8s \u00e0 la police de proximit\u00e9, la lutte contre les violences graves, notamment les crimes au couteau, et un meilleur soutien aux victimes de crimes. Donnez votre avis en remplissant le questionnaire avant le lundi 2 septembre.<\/p>\n<\/div>\n<div class=\"Markup__ParagraphWrapper-sc-13q6ywe-0 ioxa-DF markup \">\n<p><strong>B\u00c9N\u00c9VOLES DE LA BIBLIOTH\u00c8QUE RECHERCH\u00c9S\u00a0!<\/strong><\/p>\n<\/div>\n<div class=\"Markup__ParagraphWrapper-sc-13q6ywe-0 ioxa-DF markup \">\n<p>Pouvez-vous consacrer un peu de temps \u00e0 faire du b\u00e9n\u00e9volat \u00e0 la biblioth\u00e8que de Misterton ? La biblioth\u00e8que recherche davantage de b\u00e9n\u00e9voles pour l\u2019aider \u00e0 rester ouverte et \u00e0 continuer \u00e0 proposer des activit\u00e9s aux enfants et \u00e0 leurs parents\/tuteurs.<\/p>\n<\/div>\n<div class=\"Markup__ParagraphWrapper-sc-13q6ywe-0 ioxa-DF markup \">\n<p>Si vous pouvez consacrer une heure ou deux r\u00e9guli\u00e8rement, contactez l\u2019administrateur de la biblioth\u00e8que du Misterton Centre (890646).<\/p>\n<\/div>\n<div class=\"Markup__ParagraphWrapper-sc-13q6ywe-0 ioxa-DF markup \">\n<p><strong>CENTRE D\u2019ACTION BASSETLAW : MISE \u00c0 JOUR<\/strong><\/p>\n<\/div>\n<div class=\"Markup__ParagraphWrapper-sc-13q6ywe-0 ioxa-DF markup \">\n<p>Le Bassetlaw Action Centre (BAC) continue de fournir :<\/p>\n<\/div>\n<div class=\"Markup__ParagraphWrapper-sc-13q6ywe-0 ioxa-DF markup \">\n<p>\u00b7 les transports collectifs pour les d\u00e9placements essentiels \u2013 rendez-vous m\u00e9dicaux et courses par exemple<\/p>\n<\/div>\n<div class=\"Markup__ParagraphWrapper-sc-13q6ywe-0 ioxa-DF markup \">\n<p>\u00b7 des services de conseil en mati\u00e8re de logement, qui se font principalement par t\u00e9l\u00e9phone, mais des rendez-vous en face \u00e0 face sont \u00e9galement disponibles<\/p>\n<\/div>\n<div class=\"Markup__ParagraphWrapper-sc-13q6ywe-0 ioxa-DF markup \">\n<p>\u00b7 un menu de services d\u2019amiti\u00e9 \u2013 y compris l\u2019amiti\u00e9 de groupe, l\u2019amiti\u00e9 par t\u00e9l\u00e9phone, l\u2019amiti\u00e9 en face \u00e0 face et l\u2019amiti\u00e9 entre pairs<\/p>\n<\/div>\n<div class=\"Markup__ParagraphWrapper-sc-13q6ywe-0 ioxa-DF markup \">\n<p>\u00b7 le programme Staying Well (cours d\u2019autogestion de 6 semaines pour les personnes atteintes d\u2019une maladie chronique) disponible \u00e0 la fois virtuellement et en face \u00e0 face <\/p>\n<\/div>\n<div class=\"Markup__ParagraphWrapper-sc-13q6ywe-0 ioxa-DF markup \">\n<p>\u00b7 Le service Get Out Get Active (GOGA) encourage les gens \u00e0 devenir plus actifs et continuera d\u2019offrir un soutien individuel<\/p>\n<\/div>\n<div class=\"Markup__ParagraphWrapper-sc-13q6ywe-0 ioxa-DF markup \">\n<p>\u00b7 service d\u2019aide \u00e0 domicile \u2013 un service \u00e0 domicile pour aider les personnes qui commencent tout juste \u00e0 avoir des difficult\u00e9s \u00e0 la maison (il s\u2019agit d\u2019un service payant)<\/p>\n<\/div>\n<div class=\"Markup__ParagraphWrapper-sc-13q6ywe-0 ioxa-DF markup \">\n<p>\u00b7 voyages en minibus \u2013 y compris les voyages du club d\u00e9jeuner r\u00e9cemment lanc\u00e9s.<\/p>\n<\/div>\n<div class=\"Markup__ParagraphWrapper-sc-13q6ywe-0 ioxa-DF markup \">\n<p>BAC souhaite conna\u00eetre l\u2019avis de toute personne disposant de quelques heures de libre et souhaitant se porter volontaire pour aider le Centre d\u2019action \u00e0 fournir des services essentiels aux personnes \u00e2g\u00e9es et vuln\u00e9rables de la r\u00e9gion. En particulier, BAC recherche davantage de chauffeurs b\u00e9n\u00e9voles locaux pour aider les gens \u00e0 se rendre \u00e0 leurs rendez-vous m\u00e9dicaux et \u00e0 faire leurs courses. Les b\u00e9n\u00e9voles sont pay\u00e9s 45 pence par mile pour chaque mile parcouru au nom du programme.<\/p>\n<\/div>\n<div class=\"Markup__ParagraphWrapper-sc-13q6ywe-0 ioxa-DF markup \">\n<p>Atelier de fabrication de coquelicots, The Misterton Centre &amp; Library, 10h00-11h30<\/p>\n<\/div>\n<div class=\"Markup__ParagraphWrapper-sc-13q6ywe-0 ioxa-DF markup \">\n<p>Caf\u00e9 du matin, salle paroissiale, 10h30. Des p\u00e2tisseries fra\u00eechement pr\u00e9par\u00e9es et des visages amicaux ! 2 \u00a3 plus tombola<\/p>\n<\/div>\n<div class=\"Markup__ParagraphWrapper-sc-13q6ywe-0 ioxa-DF markup \">\n<p>Petit d\u00e9jeuner pour hommes, Haxey Gate Inn, 10h00. Une occasion pour les gars de se r\u00e9unir et de parler de tout et de rien !<\/p>\n<\/div>\n<div class=\"Markup__ParagraphWrapper-sc-13q6ywe-0 ioxa-DF markup \">\n<p>Service de pri\u00e8re du matin, 10h00, \u00e0 l\u2019\u00e9glise de Misterton (de juin \u00e0 septembre) <\/p>\n<\/div>\n<div class=\"Markup__ParagraphWrapper-sc-13q6ywe-0 ioxa-DF markup \">\n<p>S\u00e9ance de comptines et de jeux pour les tout-petits et leurs accompagnateurs, biblioth\u00e8que de Misterton, de 14h30 \u00e0 15h15<\/p>\n<\/div>\n<div class=\"Markup__ParagraphWrapper-sc-13q6ywe-0 ioxa-DF markup \">\n<p>Fin de l\u2019ann\u00e9e scolaire, reprise le mardi 3 septembre<\/p>\n<\/div>\n<div class=\"Markup__ParagraphWrapper-sc-13q6ywe-0 ioxa-DF markup \">\n<p>Caf\u00e9 du matin, Misterton Methodist Hall, 10h00-11h00<\/p>\n<\/div>\n<div class=\"Markup__ParagraphWrapper-sc-13q6ywe-0 ioxa-DF markup \">\n<p>Boutique communautaire mobile, de 10h30 \u00e0 12h00, \u00e0 l\u2019ext\u00e9rieur de l\u2019\u00e9glise paroissiale <\/p>\n<\/div>\n<div class=\"Markup__ParagraphWrapper-sc-13q6ywe-0 ioxa-DF markup \">\n<p>Cabinet du conseiller de district, Centre Misterton, 10h00-11h00 (pas de cabinet en ao\u00fbt)<\/p>\n<\/div>\n<div class=\"Markup__ParagraphWrapper-sc-13q6ywe-0 ioxa-DF markup \">\n<p>S\u00e9ance de d\u00e9dicaces par l\u2019auteur de Misterton, Annie Hunt, Biblioth\u00e8que de Misterton, de 10h00 \u00e0 12h00<\/p>\n<\/div>\n<div class=\"Markup__ParagraphWrapper-sc-13q6ywe-0 ioxa-DF markup \">\n<p>Sainte Communion, \u00c9glise paroissiale de Misterton, 11h00<\/p>\n<\/div>\n<div class=\"Markup__ParagraphWrapper-sc-13q6ywe-0 ioxa-DF markup \">\n<p><strong>Du lundi 29 juillet au vendredi 2 ao\u00fbt<\/strong><\/p>\n<\/div>\n<div class=\"Markup__ParagraphWrapper-sc-13q6ywe-0 ioxa-DF markup \">\n<p>Camp d\u2019\u00e9t\u00e9 \u00e0 l\u2019\u00e9cole de danse Everett Fox. Appelez le 07887 664883 pour plus de d\u00e9tails et pour r\u00e9server<\/p>\n<\/div>\n<div class=\"Markup__ParagraphWrapper-sc-13q6ywe-0 ioxa-DF markup \">\n<p>Service de pri\u00e8re du matin, 10h00, \u00e0 l\u2019\u00e9glise (juin-septembre)<\/p>\n<\/div>\n<div class=\"Markup__ParagraphWrapper-sc-13q6ywe-0 ioxa-DF markup \">\n<p>Heures de comptines et de jeux pour les tout-petits et leurs accompagnateurs \u00e0 la biblioth\u00e8que de Misterton, de 14h30 \u00e0 15h15 <\/p>\n<\/div>\n<div class=\"Markup__ParagraphWrapper-sc-13q6ywe-0 ioxa-DF markup \">\n<p>Exposition annuelle de produits frais, Methodist Hall, Misterton. Expositions de 10h00 \u00e0 11h30 ; entr\u00e9e au public de 14h00 \u00e0 16h00<\/p>\n<\/div>\n<div class=\"Markup__ParagraphWrapper-sc-13q6ywe-0 ioxa-DF markup \">\n<p>Journ\u00e9e de grand march\u00e9, place du march\u00e9 de Retford, avec un parcours de mini-animaux pour les enfants<\/p>\n<\/div>\n<div class=\"Markup__ParagraphWrapper-sc-13q6ywe-0 ioxa-DF markup \">\n<p>Fin du d\u00e9fi de lecture d\u2019\u00e9t\u00e9 pour les enfants<\/p>\n<\/div>\n<div class=\"Markup__ParagraphWrapper-sc-13q6ywe-0 ioxa-DF markup \">\n<p>Bassetlaw Focus on Farming, r\u00e9serve naturelle d\u2019Idle Valley, 19h00. Conf\u00e9rences d\u2019experts en sant\u00e9, projets similaires, Riders Minds et bien plus encore \u2013 une occasion id\u00e9ale pour nous faire savoir ce que vous aimeriez voir se produire d\u2019autre dans le cadre de ce projet<\/p>\n<\/div>\n<div class=\"Markup__ParagraphWrapper-sc-13q6ywe-0 ioxa-DF markup \">\n<p>Phil Okwedy, conteur, \u00e9glise paroissiale St Mary, West Stockwith, 19h30. Pour r\u00e9server, appelez le 891376 (billets 10 \u00a3 \u00e0 l\u2019avance, 12 \u00a3 \u00e0 la porte)<\/p>\n<\/div>\n<div class=\"Markup__ParagraphWrapper-sc-13q6ywe-0 ioxa-DF markup \">\n<p>Ride &amp; Stride : marche, trajet en voiture ou en v\u00e9lo parrain\u00e9s autour des \u00e9glises locales. Formulaires d\u2019inscription disponibles \u00e0 l\u2019\u00e9glise paroissiale de Misterton \u00e0 partir du 1er ao\u00fbt<\/p>\n<\/div>\n<div class=\"Markup__ParagraphWrapper-sc-13q6ywe-0 ioxa-DF markup \">\n<p>Concert du Big Band Room 21, Misterton Parish Church, 15h00. Billets en vente \u00e0 partir du 1er ao\u00fbt<\/p>\n<\/div>\n<div class=\"Markup__ParagraphWrapper-sc-13q6ywe-0 ioxa-DF markup \">\n<p><strong>ACCORD SUR LA R\u00c9NOVATION DU PARC DE JEUX<\/strong><\/p>\n<\/div>\n<div class=\"Markup__ParagraphWrapper-sc-13q6ywe-0 ioxa-DF markup \">\n<p>Des \u00e9quipements de gymnastique en plein air seront ajout\u00e9s au parc de jeux de Malt Kiln dans le cadre d\u2019un investissement majeur du conseil paroissial. Cette d\u00e9pense a \u00e9t\u00e9 approuv\u00e9e par les conseillers lors de la r\u00e9union de juillet. En outre, le conseil envisage de remplacer la surface de jeu et d\u2019\u00e9laguer les arbres de la zone.<\/p>\n<\/div>\n<div class=\"Markup__ParagraphWrapper-sc-13q6ywe-0 ioxa-DF markup \">\n<p>\u25cf Le Conseil paroissial recherche toujours un secr\u00e9taire, id\u00e9alement quelqu\u2019un ayant une exp\u00e9rience dans l\u2019administration locale ou similaire. En attendant la nomination d\u2019un nouveau secr\u00e9taire, les r\u00e9unions auront lieu tous les deux mois, la prochaine le jeudi 5 septembre \u00e0 19h30 \u00e0 la salle des f\u00eates.<\/p>\n<\/div>\n<div class=\"Markup__ParagraphWrapper-sc-13q6ywe-0 ioxa-DF markup \">\n<p><strong>CENTRE D\u2019ACTION BASSETLAW : MISE \u00c0 JOUR<\/strong><\/p>\n<\/div>\n<div class=\"Markup__ParagraphWrapper-sc-13q6ywe-0 ioxa-DF markup \">\n<p>Le Bassetlaw Action Centre (BAC) continue de fournir :<\/p>\n<\/div>\n<div class=\"Markup__ParagraphWrapper-sc-13q6ywe-0 ioxa-DF markup \">\n<p>\u00b7 les transports collectifs pour les d\u00e9placements essentiels \u2013 rendez-vous m\u00e9dicaux et courses par exemple<\/p>\n<\/div>\n<div class=\"Markup__ParagraphWrapper-sc-13q6ywe-0 ioxa-DF markup \">\n<p>\u00b7 des services de conseil en mati\u00e8re de logement, qui se font principalement par t\u00e9l\u00e9phone, mais des rendez-vous en face \u00e0 face sont \u00e9galement disponibles<\/p>\n<\/div>\n<div class=\"Markup__ParagraphWrapper-sc-13q6ywe-0 ioxa-DF markup \">\n<p>\u00b7 un menu de services d\u2019amiti\u00e9 \u2013 y compris l\u2019amiti\u00e9 de groupe, l\u2019amiti\u00e9 par t\u00e9l\u00e9phone, l\u2019amiti\u00e9 en face \u00e0 face et l\u2019amiti\u00e9 entre pairs<\/p>\n<\/div>\n<div class=\"Markup__ParagraphWrapper-sc-13q6ywe-0 ioxa-DF markup \">\n<p>\u00b7 le programme Staying Well (cours d\u2019autogestion de 6 semaines pour les personnes atteintes d\u2019une maladie chronique) disponible \u00e0 la fois virtuellement et en face \u00e0 face <\/p>\n<\/div>\n<div class=\"Markup__ParagraphWrapper-sc-13q6ywe-0 ioxa-DF markup \">\n<p>\u00b7 Le service Get Out Get Active (GOGA) encourage les gens \u00e0 devenir plus actifs et continuera d\u2019offrir un soutien individuel<\/p>\n<\/div>\n<div class=\"Markup__ParagraphWrapper-sc-13q6ywe-0 ioxa-DF markup \">\n<p>\u00b7 service d\u2019aide \u00e0 domicile \u2013 un service \u00e0 domicile pour aider les personnes qui commencent tout juste \u00e0 avoir des difficult\u00e9s \u00e0 la maison (il s\u2019agit d\u2019un service payant)<\/p>\n<\/div>\n<div class=\"Markup__ParagraphWrapper-sc-13q6ywe-0 ioxa-DF markup \">\n<p>\u00b7 voyages en minibus \u2013 y compris les voyages du club d\u00e9jeuner r\u00e9cemment lanc\u00e9s.<\/p>\n<\/div>\n<div class=\"Markup__ParagraphWrapper-sc-13q6ywe-0 ioxa-DF markup \">\n<p>BAC souhaite conna\u00eetre l\u2019avis de toute personne disposant de quelques heures de libre et souhaitant se porter volontaire pour aider le Centre d\u2019action \u00e0 fournir des services essentiels aux personnes \u00e2g\u00e9es et vuln\u00e9rables de la r\u00e9gion. En particulier, BAC recherche davantage de chauffeurs b\u00e9n\u00e9voles locaux pour aider les gens \u00e0 se rendre \u00e0 leurs rendez-vous m\u00e9dicaux et \u00e0 faire leurs courses. Les b\u00e9n\u00e9voles sont pay\u00e9s 45 pence par mile pour chaque mile parcouru au nom du programme.<\/p>\n<\/div>\n<div class=\"Markup__ParagraphWrapper-sc-13q6ywe-0 ioxa-DF markup \">\n<p>Caf\u00e9 du matin, salle paroissiale, 10h30. Des p\u00e2tisseries fra\u00eechement pr\u00e9par\u00e9es et des visages amicaux ! 2 \u00a3 plus tombola<\/p>\n<\/div>\n<div class=\"Markup__ParagraphWrapper-sc-13q6ywe-0 ioxa-DF markup \">\n<p>Petit d\u00e9jeuner pour hommes, Haxey Gate Inn, 10h00. Une occasion pour les gars de se r\u00e9unir et de parler de tout et de rien !<\/p>\n<\/div>\n<div class=\"Markup__ParagraphWrapper-sc-13q6ywe-0 ioxa-DF markup \">\n<p>Caf\u00e9 du matin, Misterton Methodist Hall, 10h00-11h00<\/p>\n<\/div>\n<div class=\"Markup__ParagraphWrapper-sc-13q6ywe-0 ioxa-DF markup \">\n<p>Boutique communautaire mobile, de 10h30 \u00e0 12h00, \u00e0 l\u2019ext\u00e9rieur de l\u2019\u00e9glise paroissiale <\/p>\n<\/div>\n<div class=\"Markup__ParagraphWrapper-sc-13q6ywe-0 ioxa-DF markup \">\n<p>Sainte Communion, \u00c9glise paroissiale de Gringley, 9h30<\/p>\n<\/div>\n<div class=\"Markup__ParagraphWrapper-sc-13q6ywe-0 ioxa-DF markup \">\n<p>Service de pri\u00e8re du matin, 10h00, \u00e0 l\u2019\u00e9glise de Misterton (de juin \u00e0 septembre) <\/p>\n<\/div>\n<div class=\"Markup__ParagraphWrapper-sc-13q6ywe-0 ioxa-DF markup \">\n<p>S\u00e9ance de comptines et de jeux pour les tout-petits et leurs accompagnateurs, biblioth\u00e8que de Misterton, de 14h30 \u00e0 15h15<\/p>\n<\/div>\n<div class=\"Markup__ParagraphWrapper-sc-13q6ywe-0 ioxa-DF markup \">\n<p>Fin de l\u2019ann\u00e9e scolaire, reprise le mardi 3 septembre<\/p>\n<\/div>\n<div class=\"Markup__ParagraphWrapper-sc-13q6ywe-0 ioxa-DF markup \">\n<p>Cabinet du conseiller de district, salle des f\u00eates, de 9h00 \u00e0 9h45 (pas de cabinet en ao\u00fbt)<\/p>\n<\/div>\n<div class=\"Markup__ParagraphWrapper-sc-13q6ywe-0 ioxa-DF markup \">\n<p>Fin de l\u2019ann\u00e9e scolaire, reprise le mardi 3 septembre<\/p>\n<\/div>\n<div class=\"Markup__ParagraphWrapper-sc-13q6ywe-0 ioxa-DF markup \">\n<p>Exposition annuelle de produits frais, Methodist Hall, Misterton. Expositions de 10h00 \u00e0 11h30 ; entr\u00e9e au public de 14h00 \u00e0 16h00<\/p>\n<\/div>\n<div class=\"Markup__ParagraphWrapper-sc-13q6ywe-0 ioxa-DF markup \">\n<p>Journ\u00e9e de grand march\u00e9, place du march\u00e9 de Retford, avec un parcours de mini-animaux pour les enfants<\/p>\n<\/div>\n<div class=\"Markup__ParagraphWrapper-sc-13q6ywe-0 ioxa-DF markup \">\n<p>Fin du d\u00e9fi de lecture d\u2019\u00e9t\u00e9 pour les enfants<\/p>\n<\/div>\n<div class=\"Markup__ParagraphWrapper-sc-13q6ywe-0 ioxa-DF markup \">\n<p>Bassetlaw Focus on Farming, r\u00e9serve naturelle d\u2019Idle Valley, 19h00. Conf\u00e9rences d\u2019experts en sant\u00e9, projets similaires, Riders Minds et bien plus encore \u2013 une occasion id\u00e9ale pour nous faire savoir ce que vous aimeriez voir se produire d\u2019autre dans le cadre de ce projet<\/p>\n<\/div>\n<div class=\"Markup__ParagraphWrapper-sc-13q6ywe-0 ioxa-DF markup \">\n<p>Phil Okwedy, conteur, \u00e9glise paroissiale St Mary, 19h30. Pour r\u00e9server, appelez le (01427) 891376 (billets 10 \u00a3 \u00e0 l\u2019avance, 12 \u00a3 \u00e0 la porte)<\/p>\n<\/div>\n<div class=\"Markup__ParagraphWrapper-sc-13q6ywe-0 ioxa-DF markup \">\n<p>Ride &amp; Stride avec exposition d\u2019art : marche, trajet en voiture ou en v\u00e9lo parrain\u00e9s autour des \u00e9glises locales. Formulaires d\u2019inscription disponibles \u00e0 l\u2019\u00e9glise paroissiale de West Stockwith \u00e0 partir du 1er ao\u00fbt<\/p>\n<\/div>\n<div class=\"Markup__ParagraphWrapper-sc-13q6ywe-0 ioxa-DF markup \">\n<p>Concert du Big Band Room 21, Misterton Parish Church, 15h00. Billets en vente \u00e0 partir du 1er ao\u00fbt \u2013 appelez le 891376<\/p>\n<\/div>\n<\/div>\n<h2>Un moment de pri\u00e8re intime afin de nous relier envers Dieu. <\/h2>\n<p>Cher P\u00e8re c\u00e9leste, je viens face \u00e0 toi afin que je puisse te exprimer ma gratitude en raison de cette nouvelle journ\u00e9e. Je te glorifie en raison de ta bienveillance et aussi ta loyaut\u00e9 envers moi. Je te demande de me remplir de ta saintet\u00e9 et de me donner la gr\u00e2ce d\u2019\u00e9prouver ta pr\u00e8s de moi pendant toute la dur\u00e9e de cette journ\u00e9e. Je te confie toutes mes inqui\u00e9tudes, mes all\u00e9gresses, mes chagrins, mes envies et mes attentes. Puisses ton Esprit Saint \u00e9claire mon esprit et fortifie ma foi, de sorte que je puisse marcher dans ta voie et effectuer ta volont\u00e9. Donne-moi la gr\u00e2ce de passer ma vie selon la compassion dont tu nous as montr\u00e9 le mod\u00e8le \u00e0 travers ton Fils bien-aim\u00e9, J\u00e9sus-Christ.<\/p>\n<h3> Note \u00e0 propos de compr\u00e9hension : <\/h3>\n<p>La pri\u00e8re nous emm\u00e8ne dans la famille divine, o\u00f9 le Tout-Puissant le P\u00e8re nous re\u00e7oit tel ses enfants bien-aim\u00e9s. \u00c0 travers cette relation familial, nous rencontrons le courage et aussi la consolation afin de traverser les difficult\u00e9s du. La pri\u00e8re nous renvoie \u00e0 les paroles de Pierre, lequel exhorte les chr\u00e9tiennes et les chr\u00e9tiens \u00e0 demeurer fermes dans la foi, m\u00eame face \u00e0 au milieu des tourments de la vie.<\/p>\n<h3>\nRenforcer notre lien avec J\u00e9sus d\u00e8s chaque matin<\/h3>\n<p>Nous pouvons m\u00e9diter \u00e0 propos de l\u2019un des \u00e9vangiles en vue de nous connecter avec J\u00e9sus. Par exemple :<\/p>\n<h3>Jean 15, 9-17 : <\/h3>\n<p>\u00a0\u00bb<br \/>\nC\u2019est ici mon commandement: Aimez-vous les uns les autres, comme je vous ai aim\u00e9s. Il n\u2019y a pas de plus grand amour que de donner sa vie pour ses amis. Vous \u00eates mes amis, si vous faites ce que je vous commande. Je ne vous appelle plus serviteurs, parce que le serviteur ne sait pas ce que fait son ma\u00eetre; mais je vous ai appel\u00e9s amis, parce que je vous ai fait conna\u00eetre tout ce que j\u2019ai appris de mon P\u00e8re.\u00a0\u00bb<\/p>\n<h2> Demander pardon \u00e0 Dieu en raison de nos p\u00e9ch\u00e9s <\/h2>\n<p>Seigneur J\u00e9sus, j\u2019arrive te supplier de pardonner mes p\u00e9ch\u00e9s. Je suis que je ne suis pas sans d\u00e9faut et que j\u2019ai besoin de ton mis\u00e9ricorde. Je te demande de me affranchir de toute ce qui me \u00e9loigne de toi et de me accorder la gr\u00e2ce pour vivre en accord avec ta volont\u00e9. Que ta b\u00e9n\u00e9diction c\u00e9leste \u00e9claire les endroits les plus sombres de mon c\u0153ur, purifiant ma personne et me guidant sur le chemin de la saintet\u00e9. Amen.<\/p>\n<h3> Discussion en le Seigneur comme avec un ami. <\/h3>\n<p>Nous avons la possibilit\u00e9 de parler avec Dieu de la m\u00eame mani\u00e8re que envers un ami proche, l\u2019\u00c9ternel confier nos joies et nos peines, le Seigneur demander de l\u2019aide dans nos d\u00e9fis quotidiens. Par exemple : Dieu, merci \u00e0 cause de cette fra\u00eeche journ\u00e9e. Je me pr\u00e9sente te implorer de \u00e0 \u00eatre patient envers mes enfants et pour me donner la force de faire face aux d\u00e9fis de la journ\u00e9e. Je te confie mes projets et mes soucis, et je sollicite de me montrer de quelle fa\u00e7on je suis en mesure de te assister et t\u2019honorer aujourd\u2019hui. Accorde-moi, \u00f4 Seigneur, ta connaissance pour que je puisse prendre les bonnes d\u00e9cisions et ton soutien pour traverser les \u00e9preuves avec foi. Amen.<\/p>\n<h3> Un moment de tranquillit\u00e9 pour \u00e9couter Dieu. <\/h3>\n<p>Apr\u00e8s cette pri\u00e8re et cette m\u00e9ditation, il est crucial de prendre quelques moment de silence pour \u00e9couter cette voix de Dieu dans nos propres c\u0153urs. Dans ce silence, on peut ressentir sa pr\u00e9sence sereine et accueillir ses inspirations en vue de la journ\u00e9e \u00e0.<\/p>\n<h3> Se tourner en direction de le Christ pour d\u00e9couvrir cette paix int\u00e9rieure. <\/h3>\n<p>Nous pouvons prier J\u00e9sus de nous fournir sa paix et de nous assister en vue de \u00e9couter sa parole. Par exemple :<br \/>\nSeigneur J\u00e9sus, je viens te prier m\u2019assister remplir mon propre c\u0153ur par ta tendresse. Je te demande m\u2019assister me d\u00e9livrer de chaque pens\u00e9es et les inqui\u00e9tudes me perturbent. Aide-moi en vue de \u00e9couter ta parole et en vue de la mettre en pratique dans ma vie. Que ton Esprit Saint, \u00f4 Christ, devienne ma force tout au long de cette journ\u00e9e. Amen.<\/p>\n<h3> Achever cette pri\u00e8re matinale en d\u00e9diant notre journ\u00e9e pour Dieu. <\/h3>\n<p>Nous pouvonsoffrir notre journ\u00e9e \u00e0 l\u2019\u00e9gard de Dieu et m\u00eame lui demander pour la remplir de sa pr\u00e9sence et aussi de sa b\u00e9n\u00e9diction. Par exemple :<br \/>\nSeigneur, nous te remets cette journ\u00e9e entre ta mains. Que tous de mes pas soit dirig\u00e9 par ton sagesse, que chacun de mes paroles soit inspir\u00e9e par ta amour. Que toutes mes actions soient accomplies selon ta volont\u00e9, pour ta gloire et le bien. Que ta divine lumi\u00e8re \u00e9claire ma route et que tu habites mon c\u0153ur. Amen.<\/p>\n<h3> Invocation d\u2019intercession matinale. <\/h3>\n<p>La supplication du matin consiste \u00e0 prier pour les besoins de nos chr\u00e9tiennes et de tous les chr\u00e9tiens. Nous sommes capables de prier pour les personnes dans le besoin, pour les malades, pour les personnes qui sont souffrent, pour les personnes qui se trouvent confront\u00e9es \u00e0 des difficult\u00e9s, pour les personnes d\u00e9courag\u00e9es et pour les personnes qui sont dans l\u2019erreur.<\/p>\n<h3> Prier pour tous individus au sein de le besoin. <\/p>\n<h3>\n<\/h3>\n<\/h3>\n<p>Seigneur, dans ta grande mis\u00e9ricorde, je te implorons en vue de chacune des personnes qui traversent de difficult\u00e9s financi\u00e8res. Que lui leur accordes la force ainsi que la pers\u00e9v\u00e9rance en vue de surmonter ces \u00e9preuves, et \u00e9galement que lui leur apportes les ressources n\u00e9cessaires afin de subvenir \u00e0 chaque leurs besoins. Accorde-leur, \u00f4, votre providence en vue de illuminer leur pas dans l\u2019obscurit\u00e9 de leurs soucis financiers.<\/p>\n<p>Nous autres te demandons \u00e9galement en vue de l\u2019ensemble des personnes qui luttent face \u00e0 de probl\u00e8mes de sant\u00e9. Que ta main puissante se pose sur elles, Seigneur, pour les gu\u00e9rir et aussi les r\u00e9conforter dans leur douleur. Accorde-leur, Grand, la force ainsi que le courage de faire face \u00e0 leurs d\u00e9fis de sant\u00e9 avec confiance en votre divine providence.<\/p>\n<p>On te demandons \u00e9galement pour l\u2019ensemble des personnes qui sont confront\u00e9es \u00e0 de difficult\u00e9s dans leur vie, que ce soit-ce sur le secteur professionnel, relationnel ou \u00e9motionnel. Que ta gr\u00e2ce, Seigneur, devienne leur soutien et aussi leur r\u00e9confort dans ces moments d\u2019\u00e9preuve. Accorde-leur, \u00f4, ton Esprit Saint pour guider leur chemin ainsi que les guider vers la s\u00e9r\u00e9nit\u00e9.<\/p>\n<p>En conclusion, nous lui prions afin de toutes personnes qui sont sans-abri, celles qui sont marginalis\u00e9es et aussi exclues de la soci\u00e9t\u00e9. Que votre mis\u00e9ricorde, Seigneur, se r\u00e9pande sur elles comme une certaine douce ros\u00e9e, leur apportant r\u00e9confort et \u00e9galement espoir dans leur d\u00e9tresse. Accorde-leur, \u00f4, des mains g\u00e9n\u00e9reuses en vue de les aider et aussi des c\u0153urs compatissants en vue de les accueillir dans leur communaut\u00e9.<\/p>\n<h3> explication sur la fameuse pri\u00e8re du matin. <\/h3>\n<p>Dans la pri\u00e8re, nous \u00e9levons nos esprits envers le Ciel, demandant la lumi\u00e8re de Dieu pour guider nos chemins obscurs. Marie, notre m\u00e8re, nous soutient dans ce cheminement, nous instruisant \u00e0 ruminer sur les myst\u00e8res de la vie de son divin enfant. Elle nous m\u00e8ne vers J\u00e9sus, le rayon du monde, qui \u00e9claire nos t\u00e9n\u00e8bres et nous guide vers la v\u00e9rit\u00e9.<br \/>\nLa pri\u00e8re nous relie aussi \u00e0 notre famille religieuse, la famille des croyants, o\u00f9 nous communiquons nos joies et nos douleurs, nos esp\u00e9rances et nos inqui\u00e9tudes. Unis, nous formons le corps du Christ, convoqu\u00e9s \u00e0 attester de son charit\u00e9. Par nos invocations, nous sollicitons pour les exigences des disciples et des fid\u00e8les, pr\u00e9sentant notre amour et notre piti\u00e9 \u00e0 ceux qui endurent.<br \/>\nJoignons nos c\u0153urs dans la pri\u00e8re du matin, dans l\u2019unit\u00e9 de notre foi, en Marie, la m\u00e8re de J\u00e9sus. Au sein de notre monde tourment\u00e9 par les conflits et la discorde, optons \u00e0 la pri\u00e8re pour trouver de trouver la s\u00e9r\u00e9nit\u00e9 et l\u2019harmonie. Les catholiques du monde entier peuvent \u00e9crire une intention de pri\u00e8re pour Marie <a target=\"_blank\" rel=\"nofollow\" href=\"https:\/\/editionsbussiere.com\/blog\/goto\/https:\/\/www.avemariasound.org\/\" >sur ce lien.<\/a> Que nos pri\u00e8res montent vers le ciel, comme un hommage agr\u00e9able \u00e0 Dieu, pour qu\u2019il puisse nous guider nos chemins vers la voie de la v\u00e9rit\u00e9 et de la justice. L\u2019ap\u00f4tre Paul nous dans ses lettres \u00e0 maintenir une pri\u00e8re incessante, en toutes circonstances, pour que notre connexion \u00e0 Dieu soit solide et passionn\u00e9e. La pri\u00e8re, quand elle est sinc\u00e8rement offerte, a la capacit\u00e9 de changer les c\u0153urs et d\u2019influer le destin de l\u2019histoire.<\/p>\n<h2> \u00c9lever nos propres et les pri\u00e8res pour nos amis au Seigneur matin.<\/h2>\n<p>Cette ultime partie de la pri\u00e8re du matin consiste \u00e0 prier pour nos familles amis, nos famille, nos coll\u00e8gues et nos communaut\u00e9. Nous pouvons prier pour leur bien-\u00eatre, leur bonheur, leur tranquillit\u00e9, et leur abondance. Nous pouvons \u00e9galement prier pour ceux qui nous ont nui et pour ces individus qui nous ont offens\u00e9s, et demander \u00e0 Dieu de nous aider \u00e0 leur propre pardonner et \u00e0 leur exprimer la compassion.<\/p>\n<h3> Prier pour la sant\u00e9 et la tranquillit\u00e9 de nos amis.<\/h3>\n<p>Dieu tout-puissant, nous autres te confions nos amis, nos propres familles et nos connaissances. Surveille, cher Dieu, au-dessus de eux, et sauvegarde -les de tout risque et de toute maladie. Accorde, \u00d4 Seigneur, la sant\u00e9 du corps ainsi que de l\u2019esprit \u00e0 eux, ainsi que la paix dans leur c\u0153ur. Puisses-tu permettre ta guidance forte les veille avec les personnes dirige tout au long de cette journ\u00e9e, pour qu\u2019il puissent puissent vivre dans la s\u00e9curit\u00e9 et la paix.<\/p>\n<p>Nous te prions \u00e9galement pour notre enfants, Dieu, pour qu\u2019ils grandissent dans leur foi ainsi que dans l\u2019amour de ton saint nom. Accorde, cher Dieu, la sagesse et le courage n\u00e9cessaires afin de affronter les obstacles de la vie, et conduise leurs pas le long de le chemin de la v\u00e9rit\u00e9 et de la justice.<\/p>\n<p>Enfin, nous tous te prions \u00e0 nos amis ainsi que nos voisins, Seigneur, qu\u2019ils exp\u00e9rimentent la joie de ton amour avec la s\u00e9r\u00e9nit\u00e9 de ton pardon. Accorde-leur, \u00f4 Dieu, de c\u0153urs bienveillants pour partager avec ceux qui dans le besoin, ainsi que mains ouvertes pour accueillir ceux qui sont seuls et abandonn\u00e9s.<\/p>\n<h3> Prier pour nos ennemis et aussi ceux que nous-m\u00eames ont offens\u00e9s. <\/h3>\n<p>Seigneur Dieu, J\u00e9sus, nous vous prions pour notre ennemis et pour ceux-ci qui nous ont offens\u00e9s. Accorde-leur, \u00f4 Christ, ta mis\u00e9ricorde et ton pardon, et ouvre leur c\u0153ur \u00e0 la lumi\u00e8re des ta v\u00e9rit\u00e9. Aide-nous, Seigneur Dieu, \u00e0 leur montrer de la compassion et \u00e0 leur pardonner comme tu nous-m\u00eames as pardonn\u00e9. Que votre paix r\u00e8gne dans notre c\u0153urs et aussi que votre amour guide notre actions, pour que nous puissions vivre en harmonie avec tous ceux qui nous entourent.<\/p>\n<h3> Saisir l\u2019 pri\u00e8re : <\/h3>\n<p>Pour terminer, la pri\u00e8re nous souviens notre mission comme enfant de Dieu : exister des t\u00e9moins de l\u2019 lumi\u00e8re et de ses affection dans une \u00e9poque en proie aux t\u00e9n\u00e8bres. \u00c0 travers notre discours et notre actions, nous diffusons le message de l\u2019 tranquillit\u00e9 et de la rapprochement, apportant l\u2019attente et la cicatrisation \u00e0 un environnement bris\u00e9.<\/p>\n<p>\u00c0 l\u2019int\u00e9rieur de la spiritualit\u00e9 chr\u00e9tienne, l\u2019 matin rev\u00eat une valeur sp\u00e9ciale, symbolisant le renouveau et la r\u00e9g\u00e9n\u00e9ration spirituelle. C\u2019est au d\u00e9but de chaque matin\u00e9e que l\u2019\u00e2me se dirige vers Dieu dans la pri\u00e8re, cherchant \u00e0 devenir \u00e9clair\u00e9e par la clart\u00e9 surnaturelle. La pratique des pri\u00e8res matinales se r\u00e9v\u00e8le profond\u00e9ment enracin\u00e9e dans la tradition chr\u00e9tienne, offrant un moment particulier pour communier avec le Seigneur et se disposer int\u00e9rieurement aux d\u00e9fis de la journ\u00e9e qui vient.<\/p>\n<p>Au au c\u0153ur de ces pri\u00e8re matinales se trouve souvent une d\u00e9votion particuli\u00e8re \u00e0 l\u2019\u00e9gard de Marie, maman maternelle de J\u00e9sus et ic\u00f4ne sainte respect\u00e9e aupr\u00e8s de un grand nombre fid\u00e8les. En tant de m\u00e9diatrice entre les hommes et Dieu, Marie est invoqu\u00e9e afin de intervenir en notre faveur, nous guidant dans le chemin vers la saintet\u00e9 ainsi que ainsi que la gr\u00e2ce divine. Sa pr\u00e9sentation parentale fournit r\u00e9confort et protection, enveloppant nos propres oraisons matinales d\u2019une tendresse c\u00e9leste.<\/p>\n<p>\u00c0 travers les pri\u00e8res du matin, nous sommes invit\u00e9s \u00e0 se joindre \u00e0 Marie dans une d\u00e9marche de purification individuelle. En m\u00e9ditant sur sa vie et ses vertus, nous cherchons pour imiter sa humilit\u00e9, sa puret\u00e9 et son ob\u00e9issance \u00e0 la volont\u00e9 du Dieu. Par le biais de sa saintet\u00e9 mod\u00e8le, Marie se transforme en en nous un mod\u00e8le de vie chr\u00e9tienne, on rem\u00e9morant l\u2019importance de la pri\u00e8re ainsi que de la contemplation au sein de nos cheminement spirituel.<\/p>\n<p>La oraison du matin est donc un moment avantag\u00e9 pour se consacrer \u00e0 Dieu avec l\u2019intercession de Marie, en lui sacrifiant nos adorations, nos remerciements et nos intentions les plus profondes. \u00c0 travers la qui\u00e9tude de l\u2019aurore, on se trouve invit\u00e9s \u00e0 se tourner vers la m\u00e8re divine, qui nous guide avec douceur sur le chemin de la foi ainsi que l\u2019amour divin. En associant nos voix \u00e0 cette derni\u00e8re du Marie, nous augmentons nos pri\u00e8res matinales \u00e0 le tr\u00f4ne du du don divin, s\u00fbrs que notre supplications seront entendues et accueillies par le c\u0153ur mis\u00e9ricordieux de Dieu.<\/p>\n<p>Ce propos correspond \u00e0 vos investigations vous adorerez \u00e9galement ces ouvrages:<\/p>\n<p>Po\u00e9sie \u2013 L\u2019Annonciade.,<a target=\"_blank\" rel=\"nofollow\" href=\"https:\/\/editionsbussiere.com\/blog\/goto\/https:\/\/fr.wikisource.org\/wiki\/Po%C3%A9sie_-_L%E2%80%99Annonciade\"  target=\"_blank\" rel=\"noopener noreferrer nofollow\">Ici.<\/a><span><\/span><\/p>\n<p>Lourdes\/Premi\u00e8re journ\u00e9e\/Chapitre I.,<a target=\"_blank\" rel=\"nofollow\" href=\"https:\/\/editionsbussiere.com\/blog\/goto\/https:\/\/fr.wikisource.org\/wiki\/Lourdes\/Premi%C3%A8re_journ%C3%A9e\/Chapitre_I\"  target=\"_blank\" rel=\"noopener noreferrer nofollow\">Le post d\u2019actualit\u00e9.<\/a><span><\/span><\/p>\n<p>Les Amours de Lancelot du Lac\/33.,<a target=\"_blank\" rel=\"nofollow\" href=\"https:\/\/editionsbussiere.com\/blog\/goto\/https:\/\/fr.wikisource.org\/wiki\/Les_Amours_de_Lancelot_du_Lac\/33\"  target=\"_blank\" rel=\"noopener noreferrer nofollow\">Le texte de l\u2019article.<\/a><span><\/span>. Suite sur le prochain article.<\/p>\n<p>Le Conscrit (Conscience)\/6.,<a target=\"_blank\" rel=\"nofollow\" href=\"https:\/\/editionsbussiere.com\/blog\/goto\/https:\/\/fr.wikisource.org\/wiki\/Le_Conscrit_(Conscience)\/6\"  target=\"_blank\" rel=\"noopener noreferrer nofollow\">Le post d\u2019actualit\u00e9.<\/a><span><\/span>. Suite sur le prochain article.<\/p>\n<p>Dictionnaire de Tr\u00e9voux\/6e \u00e9dition, 1771\/BENO\u00ceT.,<a target=\"_blank\" rel=\"nofollow\" href=\"https:\/\/editionsbussiere.com\/blog\/goto\/https:\/\/fr.wikisource.org\/wiki\/Dictionnaire_de_Tr%C3%A9voux\/6e_%C3%A9dition,_1771\/BENO%C3%8ET\"  target=\"_blank\" rel=\"noopener noreferrer nofollow\">L\u2019article de presse.<\/a><span><\/span>. Suite sur le prochain article.<\/p>\n<p>Bleu, blanc, rouge\/41.,<a target=\"_blank\" rel=\"nofollow\" href=\"https:\/\/editionsbussiere.com\/blog\/goto\/https:\/\/fr.wikisource.org\/wiki\/Bleu,_blanc,_rouge\/41\"  target=\"_blank\" rel=\"noopener noreferrer nofollow\">L\u2019article de presse.<\/a><span><\/span><\/p>\n<\/div>\n<p><img decoding=\"async\" class=\"wpe_imgrss\" src=\"https:\/\/editionsbussiere.com\/blog\/wp-content\/uploads\/2024\/07\/1721390868_Actualites-du-village-de-Misterton-et-West-Stockwith-avec-une-768x1024-1.jpg\">Cet article a \u00e9t\u00e9 reconstitu\u00e9 du mieux possible. Dans l\u2019hypoth\u00e8se o\u00f9 vous souhaitez apporter quelques modifications concernant le th\u00e8me \u00ab\u00a0Editions \u00e9sot\u00e9rique fond\u00e9e en 1927\u00a0\u00bb, il est possible de discuter avec notre r\u00e9daction. Vous pouvez tirer profit de cet article traitant le sujet \u00ab\u00a0Editions \u00e9sot\u00e9rique fond\u00e9e en 1927\u00a0\u00bb. Il est concoct\u00e9 par l\u2019\u00e9quipe editionsbussiere.com. Le site editionsbussiere.com est fait pour cr\u00e9er divers posts autour du th\u00e8me Editions \u00e9sot\u00e9rique fond\u00e9e en 1927 d\u00e9velopp\u00e9es sur internet. Consultez notre site internet editionsbussiere.com et nos r\u00e9seaux sociaux pour \u00eatre au courant des futures annonces.<\/p>\n","protected":false},"excerpt":{"rendered":"<p>Regardez davantage de nos vid\u00e9os sur Shots ! et en direct sur la cha\u00eene Freeview 276 Visitez Shots! maintenant Actualit\u00e9s et agenda des villages DONNEZ VOTRE AVIS SUR LES PRIORIT\u00c9S DE LA POLICELes habitants de Misterton sont invit\u00e9s \u00e0 saisir l\u2019opportunit\u00e9 d\u2019influencer l\u2019avenir des services de police, de pr\u00e9vention du crime et de soutien aux [&hellip;]<\/p>\n","protected":false},"author":3,"featured_media":991,"comment_status":"closed","ping_status":"closed","sticky":false,"template":"","format":"standard","meta":{"footnotes":""},"categories":[3],"tags":[],"class_list":["post-990","post","type-post","status-publish","format-standard","has-post-thumbnail","hentry","category-editions-esoterique-fondee-en-1927-depeches","entry","fw-tab-6 fw-tabr-4","has-featured-image"],"yoast_head":"<!-- This site is optimized with the Yoast SEO plugin v27.5 - https:\/\/yoast.com\/product\/yoast-seo-wordpress\/ -->\n<title>Actualit\u00e9s du village de Misterton et West Stockwith avec une invocation du matin. - EDITIONSBUSSIERE<\/title>\n<meta name=\"robots\" content=\"index, follow, max-snippet:-1, max-image-preview:large, max-video-preview:-1\" \/>\n<link rel=\"canonical\" href=\"https:\/\/editionsbussiere.com\/blog\/actualites-du-village-de-misterton-et-west-stockwith-avec-une-invocation-du-matin\/\" \/>\n<meta property=\"og:locale\" content=\"fr_FR\" \/>\n<meta property=\"og:type\" content=\"article\" \/>\n<meta property=\"og:title\" content=\"Actualit\u00e9s du village de Misterton et West Stockwith avec une invocation du matin. - EDITIONSBUSSIERE\" \/>\n<meta property=\"og:description\" content=\"Regardez davantage de nos vid\u00e9os sur Shots ! et en direct sur la cha\u00eene Freeview 276 Visitez Shots! maintenant Actualit\u00e9s et agenda des villages DONNEZ VOTRE AVIS SUR LES PRIORIT\u00c9S DE LA POLICELes habitants de Misterton sont invit\u00e9s \u00e0 saisir l\u2019opportunit\u00e9 d\u2019influencer l\u2019avenir des services de police, de pr\u00e9vention du crime et de soutien aux [&hellip;]\" \/>\n<meta property=\"og:url\" content=\"https:\/\/editionsbussiere.com\/blog\/actualites-du-village-de-misterton-et-west-stockwith-avec-une-invocation-du-matin\/\" \/>\n<meta property=\"og:site_name\" content=\"EDITIONSBUSSIERE\" \/>\n<meta property=\"article:published_time\" content=\"2024-07-19T13:06:43+00:00\" \/>\n<meta property=\"og:image\" content=\"https:\/\/editionsbussiere.com\/blog\/wp-content\/uploads\/2024\/07\/1721390868_Actualites-du-village-de-Misterton-et-West-Stockwith-avec-une-768x1024-1.jpg\" \/>\n<meta name=\"author\" content=\"Marie BATICLE\" \/>\n<meta name=\"twitter:card\" content=\"summary_large_image\" \/>\n<meta name=\"twitter:label1\" content=\"\u00c9crit par\" \/>\n\t<meta name=\"twitter:data1\" content=\"Marie BATICLE\" \/>\n\t<meta name=\"twitter:label2\" content=\"Dur\u00e9e de lecture estim\u00e9e\" \/>\n\t<meta name=\"twitter:data2\" content=\"21 minutes\" \/>\n<script type=\"application\/ld+json\" class=\"yoast-schema-graph\">{\"@context\":\"https:\\\/\\\/schema.org\",\"@graph\":[{\"@type\":\"Article\",\"@id\":\"https:\\\/\\\/editionsbussiere.com\\\/blog\\\/actualites-du-village-de-misterton-et-west-stockwith-avec-une-invocation-du-matin\\\/#article\",\"isPartOf\":{\"@id\":\"https:\\\/\\\/editionsbussiere.com\\\/blog\\\/actualites-du-village-de-misterton-et-west-stockwith-avec-une-invocation-du-matin\\\/\"},\"author\":{\"name\":\"Marie BATICLE\",\"@id\":\"https:\\\/\\\/editionsbussiere.com\\\/blog\\\/#\\\/schema\\\/person\\\/ec90e102792148c97e46ab871010dd8f\"},\"headline\":\"Actualit\u00e9s du village de Misterton et West Stockwith avec une invocation du matin.\",\"datePublished\":\"2024-07-19T13:06:43+00:00\",\"mainEntityOfPage\":{\"@id\":\"https:\\\/\\\/editionsbussiere.com\\\/blog\\\/actualites-du-village-de-misterton-et-west-stockwith-avec-une-invocation-du-matin\\\/\"},\"wordCount\":4137,\"publisher\":{\"@id\":\"https:\\\/\\\/editionsbussiere.com\\\/blog\\\/#organization\"},\"image\":{\"@id\":\"https:\\\/\\\/editionsbussiere.com\\\/blog\\\/actualites-du-village-de-misterton-et-west-stockwith-avec-une-invocation-du-matin\\\/#primaryimage\"},\"thumbnailUrl\":\"https:\\\/\\\/editionsbussiere.com\\\/blog\\\/wp-content\\\/uploads\\\/2024\\\/07\\\/1721390868_Actualites-du-village-de-Misterton-et-West-Stockwith-avec-une-768x1024-1.jpg\",\"articleSection\":[\"Editions \u00c9sot\u00e9rique Fond\u00e9e En 1927; D\u00e9p\u00e8ches:\"],\"inLanguage\":\"fr-FR\"},{\"@type\":\"WebPage\",\"@id\":\"https:\\\/\\\/editionsbussiere.com\\\/blog\\\/actualites-du-village-de-misterton-et-west-stockwith-avec-une-invocation-du-matin\\\/\",\"url\":\"https:\\\/\\\/editionsbussiere.com\\\/blog\\\/actualites-du-village-de-misterton-et-west-stockwith-avec-une-invocation-du-matin\\\/\",\"name\":\"Actualit\u00e9s du village de Misterton et West Stockwith avec une invocation du matin. - EDITIONSBUSSIERE\",\"isPartOf\":{\"@id\":\"https:\\\/\\\/editionsbussiere.com\\\/blog\\\/#website\"},\"primaryImageOfPage\":{\"@id\":\"https:\\\/\\\/editionsbussiere.com\\\/blog\\\/actualites-du-village-de-misterton-et-west-stockwith-avec-une-invocation-du-matin\\\/#primaryimage\"},\"image\":{\"@id\":\"https:\\\/\\\/editionsbussiere.com\\\/blog\\\/actualites-du-village-de-misterton-et-west-stockwith-avec-une-invocation-du-matin\\\/#primaryimage\"},\"thumbnailUrl\":\"https:\\\/\\\/editionsbussiere.com\\\/blog\\\/wp-content\\\/uploads\\\/2024\\\/07\\\/1721390868_Actualites-du-village-de-Misterton-et-West-Stockwith-avec-une-768x1024-1.jpg\",\"datePublished\":\"2024-07-19T13:06:43+00:00\",\"breadcrumb\":{\"@id\":\"https:\\\/\\\/editionsbussiere.com\\\/blog\\\/actualites-du-village-de-misterton-et-west-stockwith-avec-une-invocation-du-matin\\\/#breadcrumb\"},\"inLanguage\":\"fr-FR\",\"potentialAction\":[{\"@type\":\"ReadAction\",\"target\":[\"https:\\\/\\\/editionsbussiere.com\\\/blog\\\/actualites-du-village-de-misterton-et-west-stockwith-avec-une-invocation-du-matin\\\/\"]}]},{\"@type\":\"ImageObject\",\"inLanguage\":\"fr-FR\",\"@id\":\"https:\\\/\\\/editionsbussiere.com\\\/blog\\\/actualites-du-village-de-misterton-et-west-stockwith-avec-une-invocation-du-matin\\\/#primaryimage\",\"url\":\"https:\\\/\\\/editionsbussiere.com\\\/blog\\\/wp-content\\\/uploads\\\/2024\\\/07\\\/1721390868_Actualites-du-village-de-Misterton-et-West-Stockwith-avec-une-768x1024-1.jpg\",\"contentUrl\":\"https:\\\/\\\/editionsbussiere.com\\\/blog\\\/wp-content\\\/uploads\\\/2024\\\/07\\\/1721390868_Actualites-du-village-de-Misterton-et-West-Stockwith-avec-une-768x1024-1.jpg\",\"width\":768,\"height\":1024,\"caption\":\"1721390868 Actualites du village de Misterton et West Stockwith avec une 768x1024 1\"},{\"@type\":\"BreadcrumbList\",\"@id\":\"https:\\\/\\\/editionsbussiere.com\\\/blog\\\/actualites-du-village-de-misterton-et-west-stockwith-avec-une-invocation-du-matin\\\/#breadcrumb\",\"itemListElement\":[{\"@type\":\"ListItem\",\"position\":1,\"name\":\"Accueil\",\"item\":\"https:\\\/\\\/editionsbussiere.com\\\/blog\\\/\"},{\"@type\":\"ListItem\",\"position\":2,\"name\":\"Actualit\u00e9s du village de Misterton et West Stockwith avec une invocation du matin.\"}]},{\"@type\":\"WebSite\",\"@id\":\"https:\\\/\\\/editionsbussiere.com\\\/blog\\\/#website\",\"url\":\"https:\\\/\\\/editionsbussiere.com\\\/blog\\\/\",\"name\":\"EDITIONSBUSSIERE\",\"description\":\"Editions \u00e9sot\u00e9rique fond\u00e9e en 1927; site historique, A SAVOIR ET RETENIR.\",\"publisher\":{\"@id\":\"https:\\\/\\\/editionsbussiere.com\\\/blog\\\/#organization\"},\"potentialAction\":[{\"@type\":\"SearchAction\",\"target\":{\"@type\":\"EntryPoint\",\"urlTemplate\":\"https:\\\/\\\/editionsbussiere.com\\\/blog\\\/?s={search_term_string}\"},\"query-input\":{\"@type\":\"PropertyValueSpecification\",\"valueRequired\":true,\"valueName\":\"search_term_string\"}}],\"inLanguage\":\"fr-FR\"},{\"@type\":\"Organization\",\"@id\":\"https:\\\/\\\/editionsbussiere.com\\\/blog\\\/#organization\",\"name\":\"editionsbussiere\",\"url\":\"https:\\\/\\\/editionsbussiere.com\\\/blog\\\/\",\"logo\":{\"@type\":\"ImageObject\",\"inLanguage\":\"fr-FR\",\"@id\":\"https:\\\/\\\/editionsbussiere.com\\\/blog\\\/#\\\/schema\\\/logo\\\/image\\\/\",\"url\":\"https:\\\/\\\/editionsbussiere.com\\\/blog\\\/wp-content\\\/uploads\\\/2023\\\/09\\\/cropped-buss.gif\",\"contentUrl\":\"https:\\\/\\\/editionsbussiere.com\\\/blog\\\/wp-content\\\/uploads\\\/2023\\\/09\\\/cropped-buss.gif\",\"width\":298,\"height\":120,\"caption\":\"editionsbussiere\"},\"image\":{\"@id\":\"https:\\\/\\\/editionsbussiere.com\\\/blog\\\/#\\\/schema\\\/logo\\\/image\\\/\"}},{\"@type\":\"Person\",\"@id\":\"https:\\\/\\\/editionsbussiere.com\\\/blog\\\/#\\\/schema\\\/person\\\/ec90e102792148c97e46ab871010dd8f\",\"name\":\"Marie BATICLE\",\"image\":{\"@type\":\"ImageObject\",\"inLanguage\":\"fr-FR\",\"@id\":\"https:\\\/\\\/secure.gravatar.com\\\/avatar\\\/c923e52403b1b8137e2d929127211d21967e6aecaa053bd43b09da29f212e76e?s=96&d=mm&r=g\",\"url\":\"https:\\\/\\\/secure.gravatar.com\\\/avatar\\\/c923e52403b1b8137e2d929127211d21967e6aecaa053bd43b09da29f212e76e?s=96&d=mm&r=g\",\"contentUrl\":\"https:\\\/\\\/secure.gravatar.com\\\/avatar\\\/c923e52403b1b8137e2d929127211d21967e6aecaa053bd43b09da29f212e76e?s=96&d=mm&r=g\",\"caption\":\"Marie BATICLE\"},\"url\":\"https:\\\/\\\/editionsbussiere.com\\\/blog\\\/author\\\/eremarie\\\/\"}]}<\/script>\n<!-- \/ Yoast SEO plugin. -->","yoast_head_json":{"title":"Actualit\u00e9s du village de Misterton et West Stockwith avec une invocation du matin. - EDITIONSBUSSIERE","robots":{"index":"index","follow":"follow","max-snippet":"max-snippet:-1","max-image-preview":"max-image-preview:large","max-video-preview":"max-video-preview:-1"},"canonical":"https:\/\/editionsbussiere.com\/blog\/actualites-du-village-de-misterton-et-west-stockwith-avec-une-invocation-du-matin\/","og_locale":"fr_FR","og_type":"article","og_title":"Actualit\u00e9s du village de Misterton et West Stockwith avec une invocation du matin. - EDITIONSBUSSIERE","og_description":"Regardez davantage de nos vid\u00e9os sur Shots ! et en direct sur la cha\u00eene Freeview 276 Visitez Shots! maintenant Actualit\u00e9s et agenda des villages DONNEZ VOTRE AVIS SUR LES PRIORIT\u00c9S DE LA POLICELes habitants de Misterton sont invit\u00e9s \u00e0 saisir l\u2019opportunit\u00e9 d\u2019influencer l\u2019avenir des services de police, de pr\u00e9vention du crime et de soutien aux [&hellip;]","og_url":"https:\/\/editionsbussiere.com\/blog\/actualites-du-village-de-misterton-et-west-stockwith-avec-une-invocation-du-matin\/","og_site_name":"EDITIONSBUSSIERE","article_published_time":"2024-07-19T13:06:43+00:00","og_image":[{"url":"https:\/\/editionsbussiere.com\/blog\/wp-content\/uploads\/2024\/07\/1721390868_Actualites-du-village-de-Misterton-et-West-Stockwith-avec-une-768x1024-1.jpg","type":"","width":"","height":""}],"author":"Marie BATICLE","twitter_card":"summary_large_image","twitter_misc":{"\u00c9crit par":"Marie BATICLE","Dur\u00e9e de lecture estim\u00e9e":"21 minutes"},"schema":{"@context":"https:\/\/schema.org","@graph":[{"@type":"Article","@id":"https:\/\/editionsbussiere.com\/blog\/actualites-du-village-de-misterton-et-west-stockwith-avec-une-invocation-du-matin\/#article","isPartOf":{"@id":"https:\/\/editionsbussiere.com\/blog\/actualites-du-village-de-misterton-et-west-stockwith-avec-une-invocation-du-matin\/"},"author":{"name":"Marie BATICLE","@id":"https:\/\/editionsbussiere.com\/blog\/#\/schema\/person\/ec90e102792148c97e46ab871010dd8f"},"headline":"Actualit\u00e9s du village de Misterton et West Stockwith avec une invocation du matin.","datePublished":"2024-07-19T13:06:43+00:00","mainEntityOfPage":{"@id":"https:\/\/editionsbussiere.com\/blog\/actualites-du-village-de-misterton-et-west-stockwith-avec-une-invocation-du-matin\/"},"wordCount":4137,"publisher":{"@id":"https:\/\/editionsbussiere.com\/blog\/#organization"},"image":{"@id":"https:\/\/editionsbussiere.com\/blog\/actualites-du-village-de-misterton-et-west-stockwith-avec-une-invocation-du-matin\/#primaryimage"},"thumbnailUrl":"https:\/\/editionsbussiere.com\/blog\/wp-content\/uploads\/2024\/07\/1721390868_Actualites-du-village-de-Misterton-et-West-Stockwith-avec-une-768x1024-1.jpg","articleSection":["Editions \u00c9sot\u00e9rique Fond\u00e9e En 1927; D\u00e9p\u00e8ches:"],"inLanguage":"fr-FR"},{"@type":"WebPage","@id":"https:\/\/editionsbussiere.com\/blog\/actualites-du-village-de-misterton-et-west-stockwith-avec-une-invocation-du-matin\/","url":"https:\/\/editionsbussiere.com\/blog\/actualites-du-village-de-misterton-et-west-stockwith-avec-une-invocation-du-matin\/","name":"Actualit\u00e9s du village de Misterton et West Stockwith avec une invocation du matin. - EDITIONSBUSSIERE","isPartOf":{"@id":"https:\/\/editionsbussiere.com\/blog\/#website"},"primaryImageOfPage":{"@id":"https:\/\/editionsbussiere.com\/blog\/actualites-du-village-de-misterton-et-west-stockwith-avec-une-invocation-du-matin\/#primaryimage"},"image":{"@id":"https:\/\/editionsbussiere.com\/blog\/actualites-du-village-de-misterton-et-west-stockwith-avec-une-invocation-du-matin\/#primaryimage"},"thumbnailUrl":"https:\/\/editionsbussiere.com\/blog\/wp-content\/uploads\/2024\/07\/1721390868_Actualites-du-village-de-Misterton-et-West-Stockwith-avec-une-768x1024-1.jpg","datePublished":"2024-07-19T13:06:43+00:00","breadcrumb":{"@id":"https:\/\/editionsbussiere.com\/blog\/actualites-du-village-de-misterton-et-west-stockwith-avec-une-invocation-du-matin\/#breadcrumb"},"inLanguage":"fr-FR","potentialAction":[{"@type":"ReadAction","target":["https:\/\/editionsbussiere.com\/blog\/actualites-du-village-de-misterton-et-west-stockwith-avec-une-invocation-du-matin\/"]}]},{"@type":"ImageObject","inLanguage":"fr-FR","@id":"https:\/\/editionsbussiere.com\/blog\/actualites-du-village-de-misterton-et-west-stockwith-avec-une-invocation-du-matin\/#primaryimage","url":"https:\/\/editionsbussiere.com\/blog\/wp-content\/uploads\/2024\/07\/1721390868_Actualites-du-village-de-Misterton-et-West-Stockwith-avec-une-768x1024-1.jpg","contentUrl":"https:\/\/editionsbussiere.com\/blog\/wp-content\/uploads\/2024\/07\/1721390868_Actualites-du-village-de-Misterton-et-West-Stockwith-avec-une-768x1024-1.jpg","width":768,"height":1024,"caption":"1721390868 Actualites du village de Misterton et West Stockwith avec une 768x1024 1"},{"@type":"BreadcrumbList","@id":"https:\/\/editionsbussiere.com\/blog\/actualites-du-village-de-misterton-et-west-stockwith-avec-une-invocation-du-matin\/#breadcrumb","itemListElement":[{"@type":"ListItem","position":1,"name":"Accueil","item":"https:\/\/editionsbussiere.com\/blog\/"},{"@type":"ListItem","position":2,"name":"Actualit\u00e9s du village de Misterton et West Stockwith avec une invocation du matin."}]},{"@type":"WebSite","@id":"https:\/\/editionsbussiere.com\/blog\/#website","url":"https:\/\/editionsbussiere.com\/blog\/","name":"EDITIONSBUSSIERE","description":"Editions \u00e9sot\u00e9rique fond\u00e9e en 1927; site historique, A SAVOIR ET RETENIR.","publisher":{"@id":"https:\/\/editionsbussiere.com\/blog\/#organization"},"potentialAction":[{"@type":"SearchAction","target":{"@type":"EntryPoint","urlTemplate":"https:\/\/editionsbussiere.com\/blog\/?s={search_term_string}"},"query-input":{"@type":"PropertyValueSpecification","valueRequired":true,"valueName":"search_term_string"}}],"inLanguage":"fr-FR"},{"@type":"Organization","@id":"https:\/\/editionsbussiere.com\/blog\/#organization","name":"editionsbussiere","url":"https:\/\/editionsbussiere.com\/blog\/","logo":{"@type":"ImageObject","inLanguage":"fr-FR","@id":"https:\/\/editionsbussiere.com\/blog\/#\/schema\/logo\/image\/","url":"https:\/\/editionsbussiere.com\/blog\/wp-content\/uploads\/2023\/09\/cropped-buss.gif","contentUrl":"https:\/\/editionsbussiere.com\/blog\/wp-content\/uploads\/2023\/09\/cropped-buss.gif","width":298,"height":120,"caption":"editionsbussiere"},"image":{"@id":"https:\/\/editionsbussiere.com\/blog\/#\/schema\/logo\/image\/"}},{"@type":"Person","@id":"https:\/\/editionsbussiere.com\/blog\/#\/schema\/person\/ec90e102792148c97e46ab871010dd8f","name":"Marie BATICLE","image":{"@type":"ImageObject","inLanguage":"fr-FR","@id":"https:\/\/secure.gravatar.com\/avatar\/c923e52403b1b8137e2d929127211d21967e6aecaa053bd43b09da29f212e76e?s=96&d=mm&r=g","url":"https:\/\/secure.gravatar.com\/avatar\/c923e52403b1b8137e2d929127211d21967e6aecaa053bd43b09da29f212e76e?s=96&d=mm&r=g","contentUrl":"https:\/\/secure.gravatar.com\/avatar\/c923e52403b1b8137e2d929127211d21967e6aecaa053bd43b09da29f212e76e?s=96&d=mm&r=g","caption":"Marie BATICLE"},"url":"https:\/\/editionsbussiere.com\/blog\/author\/eremarie\/"}]}},"_links":{"self":[{"href":"https:\/\/editionsbussiere.com\/blog\/wp-json\/wp\/v2\/posts\/990","targetHints":{"allow":["GET"]}}],"collection":[{"href":"https:\/\/editionsbussiere.com\/blog\/wp-json\/wp\/v2\/posts"}],"about":[{"href":"https:\/\/editionsbussiere.com\/blog\/wp-json\/wp\/v2\/types\/post"}],"author":[{"embeddable":true,"href":"https:\/\/editionsbussiere.com\/blog\/wp-json\/wp\/v2\/users\/3"}],"replies":[{"embeddable":true,"href":"https:\/\/editionsbussiere.com\/blog\/wp-json\/wp\/v2\/comments?post=990"}],"version-history":[{"count":0,"href":"https:\/\/editionsbussiere.com\/blog\/wp-json\/wp\/v2\/posts\/990\/revisions"}],"wp:featuredmedia":[{"embeddable":true,"href":"https:\/\/editionsbussiere.com\/blog\/wp-json\/wp\/v2\/media\/991"}],"wp:attachment":[{"href":"https:\/\/editionsbussiere.com\/blog\/wp-json\/wp\/v2\/media?parent=990"}],"wp:term":[{"taxonomy":"category","embeddable":true,"href":"https:\/\/editionsbussiere.com\/blog\/wp-json\/wp\/v2\/categories?post=990"},{"taxonomy":"post_tag","embeddable":true,"href":"https:\/\/editionsbussiere.com\/blog\/wp-json\/wp\/v2\/tags?post=990"}],"curies":[{"name":"wp","href":"https:\/\/api.w.org\/{rel}","templated":true}]}}