{"id":977,"date":"2024-07-18T06:33:02","date_gmt":"2024-07-18T04:33:02","guid":{"rendered":"https:\/\/editionsbussiere.com\/blog\/leglise-syro-malabare-en-inde-lance-un-plan-pour-resoudre-un-conflit-liturgique-amer-catholic-world-report-avec-une-priere-matinale\/"},"modified":"2024-07-18T06:33:02","modified_gmt":"2024-07-18T04:33:02","slug":"leglise-syro-malabare-en-inde-lance-un-plan-pour-resoudre-un-conflit-liturgique-amer-catholic-world-report-avec-une-priere-matinale","status":"publish","type":"post","link":"https:\/\/editionsbussiere.com\/blog\/leglise-syro-malabare-en-inde-lance-un-plan-pour-resoudre-un-conflit-liturgique-amer-catholic-world-report-avec-une-priere-matinale\/","title":{"rendered":"L\u2019\u00c9glise syro-malabare en Inde lance un plan pour r\u00e9soudre un conflit liturgique amer \u2013 Catholic World Report\n avec une pri\u00e8re matinale."},"content":{"rendered":"<div><img width=\"580\" height=\"381\" src=\"https:\/\/editionsbussiere.com\/blog\/wp-content\/uploads\/2024\/07\/LEglise-syro-malabare-en-Inde-lance-un-plan-pour-resoudre-un.jpg\" class=\"attachment-large size-large wp-post-image\" alt=\"L\u2019\u00c9glise syro-malabare en Inde lance un plan pour r\u00e9soudre un\" style=\"float:left; margin:0 15px 15px 0;\" decoding=\"async\" srcset=\"https:\/\/editionsbussiere.com\/blog\/wp-content\/uploads\/2024\/07\/LEglise-syro-malabare-en-Inde-lance-un-plan-pour-resoudre-un.jpg 800w, https:\/\/www.n42.fr\/wp-content\/uploads\/2024\/07\/LEglise-syro-malabare-en-Inde-lance-un-plan-pour-resoudre-un-300x197.jpg 300w, https:\/\/www.n42.fr\/wp-content\/uploads\/2024\/07\/LEglise-syro-malabare-en-Inde-lance-un-plan-pour-resoudre-un-768x505.jpg 768w\" sizes=\"(max-width: 580px) 100vw, 580px\"><\/p>\n<p>\n<\/p>\n<div>\n<div style=\"width: 100%; margin-bottom: 25px;\">\n<figure style=\"width: 800px\" class=\"wp-caption alignnone\"><figcaption class=\"wp-caption-text\">Une messe synodale en cours \u00e0 l\u2019\u00e9glise Saint-Dominique d\u2019Aluva dans l\u2019archidioc\u00e8se d\u2019Ernakulam de l\u2019\u00c9glise syro-malabare le 14 juillet 2024. \/ Cr\u00e9dit : Anto Akkara<\/figcaption><\/figure>\n<\/div>\n<p>Kochi, Inde, 17 juillet 2024 \/ 14h50 (CNA).<\/p>\n<p>La querelle liturgique qui couvait au sujet de la mise en \u0153uvre de la messe synodale, qui a failli aboutir \u00e0 l\u2019\u00e9mission d\u2019excommunications dans l\u2019archidioc\u00e8se d\u2019Ernakulam de l\u2019\u00c9glise syro-malabare (SMC) en Inde, s\u2019est apais\u00e9e avec un \u00ab compromis \u00bb le 3 juillet, f\u00eate de saint Thomas, patron de la SMC.<\/p>\n<p>\u00ab La Sainte Qurbana [Mass] \u00ab Cela ne devrait pas \u00eatre la raison de la division dans l\u2019\u00c9glise \u00bb, a d\u00e9clar\u00e9 le p\u00e8re Antony Vadakkekara, porte-parole du SMC, \u00e0 CNA le 16 juillet.<\/p>\n<p>\u00ab C\u2019est pourquoi le [SMC] \u00ab Le synode a fait la proposition de compromis de dire au moins une messe synodale dans chacune des paroisses. \u00bb<\/p>\n<p>Les troubles ont commenc\u00e9 \u00e0 se produire dans l\u2019archidioc\u00e8se apr\u00e8s que le synode du SMC d\u2019ao\u00fbt 2021 a rendu obligatoire la messe synodale, \u00e9galement connue sous le nom de \u00ab messe uniforme \u00bb, au cours de laquelle le pr\u00eatre se tourne vers l\u2019autel, dos \u00e0 la congr\u00e9gation apr\u00e8s la pri\u00e8re de l\u2019offrande. Les pr\u00eatres de l\u2019archidioc\u00e8se d\u2019Ernakulam ont rejet\u00e9 cette mesure et ont continu\u00e9 \u00e0 dire la messe face au peuple tout au long de la liturgie.<\/p>\n<p>Les exhortations synodales et papales ont suscit\u00e9 des protestations de la part du clerg\u00e9 et des la\u00efcs, aboutissant \u00e0 ce que le pape Fran\u00e7ois fixe dans un message vid\u00e9o \u00e0 l\u2019archidioc\u00e8se la date limite pour la mise en \u0153uvre de la messe synodale \u00e0 partir du 7 d\u00e9cembre 2023.<\/p>\n<p>Suivant ce conseil pontifical, la messe synodale a \u00e9t\u00e9 instaur\u00e9e \u00e0 No\u00ebl 2023, mais l\u2019\u00e9crasante majorit\u00e9 des 450 pr\u00eatres de l\u2019archidioc\u00e8se s\u2019y est oppos\u00e9e. Une lettre pastorale a alors \u00e9t\u00e9 publi\u00e9e par l\u2019archev\u00eaque le 14 juin, avec des menaces d\u2019excommunication et une date limite fix\u00e9e au mois de juillet.<\/p>\n<p>\u00ab Les pr\u00eatres qui ne se conformeront pas \u00e0 notre d\u00e9cision du 3 juillet seront trait\u00e9s comme ceux qui ont quitt\u00e9 la fraternit\u00e9 de l\u2019\u00c9glise catholique. Ces pr\u00eatres ne pourront plus c\u00e9l\u00e9brer la messe dans l\u2019\u00c9glise catholique \u00e0 partir du 3 juillet \u00bb, a averti l\u2019archev\u00eaque majeur Raphael Thattil, qui pr\u00e9side le synode de la SMC, dans la lettre pastorale.<\/p>\n<p>La lettre a suscit\u00e9 de vives protestations le 16 juin, un dimanche. En plus d\u2019\u00eatre \u00ab non lue \u00bb dans la plupart des 330 paroisses de l\u2019archidioc\u00e8se, plusieurs paroisses ont \u00e9t\u00e9 t\u00e9moins de manifestations sans pr\u00e9c\u00e9dent, comme l\u2019incendie de la lettre pastorale, son d\u00e9p\u00f4t dans des poubelles et son d\u00e9versement dans les plans d\u2019eau autour des \u00e9glises.<\/p>\n<p>Alors que la tension montait \u00e0 l\u2019approche de la date limite du 3 juillet, Thattil et l\u2019administrateur apostolique d\u2019Ernakulam, l\u2019\u00e9v\u00eaque Bosco Puthur, se sont pr\u00e9cipit\u00e9s pour tenir des r\u00e9unions avec les organismes sacerdotaux et sont parvenus \u00e0 un plan rendu public le 1er juillet.<\/p>\n<figure class=\"mx-auto\" style=\"width: 100%;\">\n<p><figure style=\"width: 4134px\" class=\"wp-caption alignnone\"><img decoding=\"async\" loading=\"lazy\" class=\"img-fluid\" src=\"https:\/\/editionsbussiere.com\/blog\/wp-content\/uploads\/2024\/07\/st-george-deenery-kaloor.jpg\" alt=\"\u00c9glise Saint-Georges Forane (Doyenn\u00e9), \u00e0 Edappally, en Inde, le 13 juillet 2024, pendant la saison de la mousson. Cr\u00e9dit : Anto Akkara\" width=\"4134\" height=\"2787\"><figcaption class=\"wp-caption-text\">\u00c9glise Saint-Georges Forane (Doyenn\u00e9), \u00e0 Edappally, en Inde, le 13 juillet 2024, pendant la saison de la mousson. Cr\u00e9dit : Anto Akkara<\/figcaption><\/figure>\n<\/p>\n<\/figure>\n<p>En pr\u00e9voyant qu\u2019au moins une messe synodale soit c\u00e9l\u00e9br\u00e9e dans chacune des paroisses le dimanche et les autres jours obligatoires, le plan permet de poursuivre la liturgie existante face au peuple. La d\u00e9claration indique \u00e9galement que l\u2019organisme presbyt\u00e9rien cl\u00e9 et le conseil pastoral seront consult\u00e9s avant que le synode du SMC ne prenne de nouvelles d\u00e9cisions sur la question.<\/p>\n<p>\u00ab C\u2019\u00e9tait une grande avanc\u00e9e et cela fonctionne \u00bb, a d\u00e9clar\u00e9 Vadakkekara. \u00ab La conformit\u00e9 du 3 juillet [for the synodal Mass] \u00ab Le taux de ch\u00f4mage \u00e9tait sup\u00e9rieur \u00e0 50 %. Le 7 juillet, dimanche, il \u00e9tait \u00e0 75 %. La situation devrait s\u2019am\u00e9liorer \u00e0 partir de maintenant. \u00bb<\/p>\n<p>\u00ab Nous sommes heureux que l\u2019archev\u00eaque Thattil ait propos\u00e9 une formule tr\u00e8s positive. Nous l\u2019avons accept\u00e9e sans h\u00e9siter \u00bb, a d\u00e9clar\u00e9 \u00e0 CNA le p\u00e8re Jose Vailikodath, porte-parole du Comit\u00e9 de protection de l\u2019archidioc\u00e8se (APC).<\/p>\n<p>\u00ab Nous n\u2019avions pas l\u2019intention de d\u00e9sob\u00e9ir aux dirigeants de l\u2019\u00c9glise, mais nous voulions que l\u2019\u00c9glise reconnaisse notre opposition \u00e0 la messe synodale pour des raisons historiques. Maintenant, la glace est bris\u00e9e. Nous prions pour que la querelle soit d\u00e9finitivement derri\u00e8re nous \u00bb, a d\u00e9clar\u00e9 Vailikodath.<\/p>\n<p>\u00ab Nous sommes heureux qu\u2019il n\u2019y ait eu aucun probl\u00e8me dans aucune paroisse dimanche. C\u2019est un bon signe. J\u2019esp\u00e8re que c\u2019est un nouveau d\u00e9part \u00bb, a d\u00e9clar\u00e9 \u00e0 CNA Riju Kanjookaran, membre du mouvement la\u00efc, qui a men\u00e9 plusieurs manifestations.<\/p>\n<p>Malgr\u00e9 les craintes de perturbations, rien n\u2019a \u00e9t\u00e9 signal\u00e9 de la part de l\u2019archidioc\u00e8se alors qu\u2019une messe synodale a \u00e9t\u00e9 c\u00e9l\u00e9br\u00e9e dans la plupart des paroisses.<\/p>\n<p>\u00ab Nous avons d\u00e9cid\u00e9 d\u2019avoir la messe synodale le soir \u2013 la quatri\u00e8me messe du dimanche \u00bb, a d\u00e9clar\u00e9 le p\u00e8re Joseph Karumathy, cur\u00e9 de l\u2019\u00e9glise Saint-Dominique, \u00e0 CNA le 14 juillet.<\/p>\n<p>Alors que les critiques affirment que la messe synodale est programm\u00e9e \u00e0 des heures inhabituelles dans plusieurs paroisses sans \u00eatre incluse dans le calendrier r\u00e9gulier, certains pr\u00eatres affirment qu\u2019elle est programm\u00e9e \u00e0 un cr\u00e9neau sp\u00e9cial car seuls quelques-uns sont d\u00e9sireux d\u2019y assister.<\/p>\n<p>La paroisse Saints-Pierre-et-Paul de Thaikattukara, pr\u00e8s d\u2019Aluva, qui compte 370 familles, a c\u00e9l\u00e9br\u00e9 la nouvelle messe synodale \u00e0 15h30, comme troisi\u00e8me messe de la journ\u00e9e. Le 14 juillet, il n\u2019y avait que deux douzaines de personnes pour la nouvelle messe synodale et parmi les participants, un seul a dit \u00ab Je suis ici pour la messe synodale \u00bb, tandis que d\u2019autres ont d\u00e9clar\u00e9 que la nouvelle messe suppl\u00e9mentaire de l\u2019apr\u00e8s-midi leur convenait.<\/p>\n<p>Mais la paroisse Mary Queen de Thoppil, avec plus de 1 000 familles, est l\u2019une des sept paroisses de l\u2019archidioc\u00e8se o\u00f9 seule la messe synodale est c\u00e9l\u00e9br\u00e9e.<\/p>\n<p>\u00ab Les trois messes ici sont exclusivement synodales \u00bb, a d\u00e9clar\u00e9 \u00e0 CNA le p\u00e8re Simon Pallupetta, vicaire de la paroisse Mary Queen de Thoppil. \u00ab Lorsqu\u2019on m\u2019a propos\u00e9 de changer de paroisse, j\u2019ai insist\u00e9 pour que la messe synodale soit c\u00e9l\u00e9br\u00e9e. Il y a eu quelques objections, mais j\u2019ai convaincu les fid\u00e8les de suivre ce syst\u00e8me. \u00bb<\/p>\n<p>\u00ab Je maintiens fermement la d\u00e9cision du synode. Le probl\u00e8me doit \u00eatre r\u00e9solu par le dialogue et l\u2019action au plus vite, car la division de l\u2019\u00c9glise est un scandale \u00bb, a d\u00e9clar\u00e9 Pallupetta.<\/p>\n<figure class=\"mx-auto\" style=\"width: 100%;\">\n<p><figure style=\"width: 3151px\" class=\"wp-caption alignnone\"><img decoding=\"async\" loading=\"lazy\" class=\"img-fluid\" src=\"https:\/\/editionsbussiere.com\/blog\/wp-content\/uploads\/2024\/07\/ghost-like-st-marys-basilica.jpg\" alt=\"L'une des paroisses de l'archidioc\u00e8se les plus touch\u00e9es par cette querelle am\u00e8re est la basilique-cath\u00e9drale Sainte-Marie. Bien que la basilique ait \u00e9t\u00e9 ouverte en mars apr\u00e8s avoir \u00e9t\u00e9 ferm\u00e9e pendant plus d'un an, elle semblait d\u00e9serte le 14 juillet 2024, et presque personne n'y est entr\u00e9, m\u00eame le dimanche, car la messe n'est pas autoris\u00e9e \u00e0 y \u00eatre c\u00e9l\u00e9br\u00e9e en raison d'une d\u00e9cision de justice. Cr\u00e9dit : Anto Akkara\" width=\"3151\" height=\"4134\"><figcaption class=\"wp-caption-text\">L\u2019une des paroisses de l\u2019archidioc\u00e8se les plus touch\u00e9es par cette querelle am\u00e8re est la basilique-cath\u00e9drale Sainte-Marie. Bien que la basilique ait \u00e9t\u00e9 ouverte en mars apr\u00e8s avoir \u00e9t\u00e9 ferm\u00e9e pendant plus d\u2019un an, elle semblait d\u00e9serte le 14 juillet 2024, et presque personne n\u2019y est entr\u00e9, m\u00eame le dimanche, car la messe n\u2019est pas autoris\u00e9e \u00e0 y \u00eatre c\u00e9l\u00e9br\u00e9e en raison d\u2019une d\u00e9cision de justice. Cr\u00e9dit : Anto Akkara<\/figcaption><\/figure>\n<\/p>\n<\/figure>\n<p>D\u2019autres paroisses du dioc\u00e8se n\u2019ont pas r\u00e9agi de la m\u00eame mani\u00e8re. Soixante \u00e9glises, comme le doyenn\u00e9 Saint-Georges d\u2019Edappally, n\u2019ont pas encore c\u00e9l\u00e9br\u00e9 de messe synodale, car des groupes la\u00efcs rivaux ont intent\u00e9 des actions en justice pour et contre sa mise en \u0153uvre.<\/p>\n<p>L\u2019une des paroisses de l\u2019archidioc\u00e8se les plus touch\u00e9es par ce conflit est la basilique-cath\u00e9drale Sainte-Marie. Bien que la basilique ait \u00e9t\u00e9 ouverte en mars apr\u00e8s avoir \u00e9t\u00e9 ferm\u00e9e pendant plus d\u2019un an, elle semblait d\u00e9serte le 14 juillet, et presque personne n\u2019y p\u00e9n\u00e9trait, m\u00eame un dimanche, car la messe n\u2019est pas autoris\u00e9e \u00e0 y \u00eatre c\u00e9l\u00e9br\u00e9e en raison d\u2019une d\u00e9cision de justice.<\/p>\n<p>\u00ab Je me sens tr\u00e8s triste ici car je ne peux pas dire la messe dans la basilique, m\u00eame si je peux pr\u00e9sider les b\u00e9n\u00e9dictions de mariage, diriger les bapt\u00eames et les services fun\u00e9raires \u00e0 l\u2019int\u00e9rieur \u00bb, a d\u00e9clar\u00e9 \u00e0 CNA le p\u00e8re Varghese Manavalan, vicaire de la paroisse de la basilique, qui compte 1 900 familles enregistr\u00e9es.<\/p>\n<p>\u00ab Je prie ardemment pour que les parties impliqu\u00e9es dans cette affaire soient \u00e9mues par le message du 3 juillet et veillent \u00e0 ce que la basilique soit ouverte pour la messe au plus t\u00f4t \u00bb, a-t-il d\u00e9clar\u00e9. \u00ab Les fid\u00e8les qui viennent me voir sont frustr\u00e9s. Nous ne pouvons pas continuer comme \u00e7a. \u00bb Manavalan dit actuellement la messe dans des lieux ext\u00e9rieurs \u00e0 l\u2019\u00e9glise.<\/p>\n<p>\u00ab Les \u00e9v\u00e9nements du 3 juillet nous donnent de l\u2019espoir. Les deux parties ont adopt\u00e9 une position intransigeante qui a conduit \u00e0 cette situation scandaleuse \u00bb, a d\u00e9clar\u00e9 \u00e0 CNA le p\u00e8re Ignatius Payyappilly, responsable des archives de l\u2019archidioc\u00e8se.<\/p>\n<p>\u00ab Les deux parties ont fait plus de mal que de bien \u00e0 l\u2019\u00c9glise, notamment en \u00e9loignant les jeunes de l\u2019\u00c9glise \u00bb, a soulign\u00e9 Payyappilly. \u00ab Le scandale a commenc\u00e9 au plus fort de la pand\u00e9mie de COVID en 2021. \u00c0 mesure que la division s\u2019est aggrav\u00e9e, les jeunes ont \u00e9t\u00e9 vraiment d\u00e9senchant\u00e9s. \u00bb<\/p>\n<p>La querelle am\u00e8re avec le synode a laiss\u00e9 l\u2019archidioc\u00e8se d\u2019Ernakulam, l\u2019un des plus grands du pays avec plus de 600 000 catholiques et 330 paroisses, avec sa direction pastorale et ses pr\u00e9occupations en d\u00e9sordre.<\/p>\n<p>L\u2019archidioc\u00e8se reste sous la direction d\u2019un \u00e9v\u00eaque administrateur apostolique et l\u2019ordination de huit diacres, qui ont suivi au moins 11 ans de formation au s\u00e9minaire, reste en suspens. Les diacres devaient initialement \u00eatre ordonn\u00e9s pr\u00eatres \u00e0 No\u00ebl dernier.<\/p>\n<div class=\"post-donation-box\">\n<hr>\n<p>Si vous appr\u00e9ciez les informations et les points de vue fournis par Catholic World Report, pensez \u00e0 faire un don pour soutenir nos efforts. Votre contribution nous aidera \u00e0 continuer \u00e0 mettre CWR \u00e0 la disposition de tous les lecteurs du monde entier, gratuitement, sans abonnement. Merci pour votre g\u00e9n\u00e9rosit\u00e9 !<\/p>\n<p>Cliquez ici pour plus d\u2019informations sur les dons au CWR. Cliquez ici pour vous inscrire \u00e0 notre newsletter.<\/p>\n<hr style=\"margin-bottom: 25px;\">\n      <\/div>\n<\/div>\n<p><script>\n!function(f,b,e,v,n,t,s)\nif(f.fbq)return;n=f.fbq=function()n.callMethod?\nn.callMethod.apply(n,arguments):n.queue.push(arguments);\nif(!f._fbq)f._fbq=n;n.push=n;n.loaded=!0;n.version='2.0';\nn.queue=[];t=b.createElement(e);t.async=!0;\nt.src=v;s=b.getElementsByTagName(e)[0];\ns.parentNode.insertBefore(t,s)(window, document,'script',\n'\nfbq('init', '860643031454650');\nfbq('track', 'PageView');\n<\/script><script>\n\t\t\t\t(function(d, s, id)\n\t\t\t\t\tvar js, fjs = d.getElementsByTagName(s)[0];\n\t\t\t\t\tif (d.getElementById(id)) return;\n\t\t\t\t\tjs = d.createElement(s); js.id = id;\n\t\t\t\t\tjs.src = \"\/\/connect.facebook.net\/en_US\/sdk.js#xfbml=1&version=v2.6\";\n\t\t\t\t\tfjs.parentNode.insertBefore(js, fjs);\n\t\t\t\t(document, 'script', 'facebook-jssdk'));\n\t\t\t<\/script><\/p>\n<h2> \u00c9lever nos proches pri\u00e8res pour notre entourage au Seigneur matin.<\/h2>\n<p>L\u2019ultime finale \u00e9tape de la pri\u00e8re du matin consiste \u00e0 prier pour nos proches, nos famille, nos connaissances et nos communaut\u00e9. Nous pouvons prier pour leur bien-\u00eatre, leur bonheur, leur s\u00e9curit\u00e9, et leur abondance. Nous pouvons \u00e9galement prier pour ceux qui nous ont nui et pour celles qui nous ont l\u00e9s\u00e9s, et demander \u00e0 Dieu de nous aider \u00e0 leur propre pardonner et \u00e0 leur d\u00e9montrer la compassion.<\/p>\n<h3> Prier pour la sant\u00e9 et la protection de nos proches.<\/h3>\n<p>\u00d4 Seigneur, nous autres te confions nos familles, nos propres familles avec nos connaissances. Veille, cher Dieu, sur eux, avec prot\u00e8ge -les de tout risque et de toute affliction. Offre, Dieu mis\u00e9ricordieux, une bien-\u00eatre du corps ainsi que de l\u2019esprit pour eux, et la paix au sein de leur c\u0153ur. Puissante soit la volont\u00e9 pour que ta guidance omnipotente les \u00e2mes veille ainsi que les dirige tout au long de cette journ\u00e9e, afin qu\u2019ils puissent vivre dans une tranquillit\u00e9 et aussi la qui\u00e9tude.<\/p>\n<p>Nous autres \u00e0 toi prions aussi pour nos propres enfants, Seigneur tout-puissant, qu\u2019ils grandissent dans la foi et dans l\u2019amour de ton sacr\u00e9 nom. Donne, cher Dieu, une sagesse avec la force n\u00e9cessaires pour faire face \u00e0 les d\u00e9fis de la vie, et conduise leurs pas le long de le chemin de la v\u00e9rit\u00e9 ainsi que de la justice.<\/p>\n<p>Enfin, nous tous te prions en vue de nos amis et aussi nos voisins, Seigneur, afin qu\u2019ils exp\u00e9rimentent la joie de ton amour et la paix de ton pardon. Accorde-leur, \u00d4 Dieu, des c\u0153urs g\u00e9n\u00e9reux pour partager avec ceux que dans le besoin, et aussi des accueillantes en vue de accueillir ceux que seuls et aussi abandonn\u00e9s.<\/p>\n<h3> Prier pour les n\u00f4tres ennemis et aussi ceux que nous autres ont offens\u00e9s. <\/h3>\n<p>Seigneur, le Christ, nous vous prions pour nos ennemis et aussi pour ceux-ci qui sont nous-m\u00eames ont offens\u00e9s. Accorde-leur, \u00f4 J\u00e9sus, votre mis\u00e9ricorde et aussi ton pardon, ainsi que ouvre leur c\u0153ur \u00e0 la lumi\u00e8re de ta v\u00e9rit\u00e9. Aide-nous, Seigneur Dieu, \u00e0 leur montrer de la compassion et \u00e0 leur pardonner comme tu nous-m\u00eames as pardonn\u00e9. Que ta paix r\u00e8gne dans les n\u00f4tres c\u0153urs et que votre amour guide nos actions, pour que nous puissions vivre en harmonie avec tous ceux qui nous autres entourent.<\/p>\n<h3> Saisir la pri\u00e8re : <\/h3>\n<p>Pour terminer, la invocation nous reconna\u00eet notre mission tel que enfants de Dieu : se trouver des t\u00e9moin de l\u2019 clart\u00e9 et de ses affection dans l\u2019 p\u00e9riode en proie aux obscurit\u00e9s. \u00c0 travers nos mots et nos actions, nous propageons l\u2019\u00c9vangile de la tranquillit\u00e9 et de la conciliation, apportant l\u2019attente et la gu\u00e9rison \u00e0 un environnement ab\u00eem\u00e9.<\/p>\n<p>Au sein de la foi chr\u00e9tienne, l\u2019 aube adopte l\u2019 importance sp\u00e9ciale, repr\u00e9sentant le renouveau et la reconstruction spirituelle. C\u2019est au d\u00e9but de chaque jour que l\u2019esprit se tourne vers l\u2019\u00c9ternel dans la pri\u00e8re, cherchant \u00e0 \u00eatre \u00e9clair\u00e9e par la lumi\u00e8re c\u00e9leste. La pratique des pri\u00e8res matinales est profond\u00e9ment enracin\u00e9e dans la tradition chr\u00e9tienne, offrant une p\u00e9riode exclusif pour communier avec Dieu et se disposer mentalement aux d\u00e9fis de la journ\u00e9e qui vient.<\/p>\n<p>\u00c0 l\u2019int\u00e9rieur de ces pri\u00e8res matinales se trouve habituellement une d\u00e9votion sp\u00e9ciale envers Marie, la maternelle de J\u00e9sus et aussi personnage sainte respect\u00e9e par de nombreux fid\u00e8les. En tant d\u2019 intercesseur parmi les hommes et Dieu, Marie est pri\u00e9e pour intervenir pour nous, nous-m\u00eames conduisant sur le chemin de la saintet\u00e9 et ainsi que la gr\u00e2ce divine. Ses pr\u00e9sence parentale donne r\u00e9confort et protection, enveloppant nos propres pri\u00e8res matinales d\u2019une d\u00e9licatesse c\u00e9leste.<\/p>\n<p>\u00c0 par l\u2019 pri\u00e8res du matin, on est invit\u00e9s \u00e0 nous rallier \u00e0 Marie dans une initiative pour b\u00e9atification personnelle. En m\u00e9ditant sur sa vie ainsi que ses vertus, on explorons pour imiter son humilit\u00e9, sa puret\u00e9 et sa ob\u00e9issance \u00e0 l\u2019 volont\u00e9 de Dieu. \u00c0 travers sa saintet\u00e9 mod\u00e8le, Marie se transforme en en nous une mod\u00e8le pour vie chr\u00e9tienne, nous rem\u00e9morant l\u2019importance du pri\u00e8re et de la contemplation dans notre cheminement spirituel.<\/p>\n<p>Unissons-nous dans la pri\u00e8re matinale, dans l\u2019unit\u00e9 de notre esp\u00e9rance, en nous tournant vers Marie, la m\u00e8re de J\u00e9sus. Dans notre monde troubl\u00e9 par les conflits et la discorde, optons \u00e0 la pri\u00e8re comme un moyen de trouver la s\u00e9r\u00e9nit\u00e9 et l\u2019harmonie. Les chr\u00e9tiens ont la possibilit\u00e9 exprimer une pri\u00e8re pour la m\u00e8re de dieu <a target=\"_blank\" rel=\"nofollow\" href=\"https:\/\/editionsbussiere.com\/blog\/goto\/https:\/\/www.avemariasound.org\/\" >sur ce lien.<\/a> Que nos supplications montent vers le ciel, comme une offrande agr\u00e9able par Dieu, afin qu\u2019il guide \u00e9clairer nos chemins sur le chemin de la v\u00e9rit\u00e9 et de la justice. Saint Paul nous exhorte dans ses lettres \u00e0 maintenir une pri\u00e8re incessante, en toutes circonstances, pour que notre communion avec Dieu reste constante et passionn\u00e9e. La pri\u00e8re, lorsqu\u2019elle est offerte sinc\u00e8rement, poss\u00e8de la capacit\u00e9 de transformer nos c\u0153urs et d\u2019influer le cours de l\u2019histoire.<\/p>\n<p>La pri\u00e8re du matin est ainsi un moment favoris\u00e9 pour nous consacrer \u00e0 Dieu avec l\u2019intercession de Marie, en sacrifiant nos adorations, nos remerciements ainsi que nos intentions les plus intimes. Au sein de l\u2019 qui\u00e9tude du l\u2019aurore, nous sommes invit\u00e9s \u00e0 tourner \u00e0 la m\u00e8re divine, laquelle on guide par douceur au sujet de du chemin de la foi et l\u2019amour divin. En faisant l\u2019union notre voix \u00e0 celle de Marie, on haussant nos pri\u00e8res matinales envers le tr\u00f4ne de la gr\u00e2ce, s\u00fbrs que notre supplications seront entendues et accueillies aupr\u00e8s de le c\u0153ur mis\u00e9ricordieux de Dieu.<\/p>\n<h2> Pri\u00e8re pour le d\u00e9but de journ\u00e9e avec Dieu et la Vierge Marie<\/h2>\n<p>Seigneur tout-puissant et mis\u00e9ricordieux, en ce nouveau jour qui commence sous la clart\u00e9 de ta divine lumi\u00e8re, je viens \u00e0 Toi avec foi et modestie. Que cette journ\u00e9e qui s\u2019ouvre soit consacr\u00e9e \u00e0 ta saintet\u00e9, que chaque battement de mon c\u0153ur |chaque regard de mes yeux|chacune de mes paroles|chacun de mes gestes} te soit offert en acte d\u2019amour. Que chaque respiration qui anime mon \u00eatre soit un souffle d\u2019adoration |un souffle vers toi|un souffle de vie en toi}. Priez, priez, suppliez, priez, que nos esprits s\u2019\u00e9l\u00e8vent.<\/p>\n<p>Comme Marie, la sainte m\u00e8re qui a port\u00e9 en son sein l\u2019enfant J\u00e9sus, accompagne-moi dans ce parcours de foi et de d\u00e9votion. Que je puisse, en parcourant les pages de l\u2019\u00c9vangile, rencontrer la lueur pour \u00e9clairer mes pas et fortifier ma foi. Tel Pierre, accorde-moi la force et l\u2019audace de surmonter les temp\u00eates de la vie avec une foi in\u00e9branlable en ta divine providence.<\/p>\n<p>Dans ce temps de Car\u00eame, o\u00f9 les croyants et les croyantes se pr\u00e9parent \u00e0 comm\u00e9morer la r\u00e9surrection de J\u00e9sus-Christ, donne-moi, Seigneur, la b\u00e9n\u00e9diction de la renaissance spirituelle. Que mon esprit soit purifi\u00e9 de tout ce qui le souille, afin qu\u2019il devienne un sanctuaire pour ta divinit\u00e9. Que ma pri\u00e8re, inspir\u00e9e par l\u2019exemple de Fran\u00e7ois d\u2019Assise, retentisse comme un hymne de louange \u00e0 travers les si\u00e8cles.<br \/>\n\u00d4 Seigneur, que ma journ\u00e9e soit impr\u00e9gn\u00e9 de ta gr\u00e2ce, que chacun des instants soit une occasion de te rencontrer et de te servir dans mes prochains. Que mon existence soit un t\u00e9moignage vivant de ta tendresse infinie pour l\u2019humanit\u00e9. Puissent les mots de la pri\u00e8re de Hozana monter vers toi comme un doux parfum, enveloppant toute ma journ\u00e9e dans une atmosph\u00e8re de s\u00e9r\u00e9nit\u00e9. Priez, \u00c9glise, Fran\u00e7ois, Hozana.<\/p>\n<p>Puissent mon c\u0153ur, Seigneur, devienne une r\u00e9plique du tien, rempli d\u2019amour, de compassion et de mis\u00e9ricorde envers les autres. Que toutes mes pens\u00e9es et mes actions soient conduites par ton Esprit saint, afin que je puisse contribuer \u00e0 l\u2019av\u00e8nement de ton r\u00e8gne de justice sur cette terre.<\/p>\n<p>Que cette journ\u00e9e constitue une nouvelle \u00e9tape dans mon cheminement spirituel, un moment de grandir dans la foi. Seigneur, envahis mon c\u0153ur, fais-en ton sanctuaire, o\u00f9 ta pr\u00e9sence se manifeste constamment. Que chaque battement de mon c\u0153ur devienne un chant en ton honneur, Seigneur, pour toujours. Amen.<\/p>\n<p>Dans le r\u00e9veil spirituel de toute \u00e2me chr\u00e9tienne, la supplication joue. C\u2019est le lien profonde entre le croyant de Dieu et sa m\u00e8re c\u00e9leste, la Sainte M\u00e8re, qui supplie pour nous aupr\u00e8s de son divin Fils. En utilisant la pri\u00e8re, les croyants nous introduisons dans la clart\u00e9 de la parole de Dieu, dirig\u00e9s sous l\u2019Esprit Saint, dans le but de d\u00e9celer la v\u00e9rit\u00e9 et la b\u00e9n\u00e9diction que J\u00e9sus nous dispense.<\/p>\n<h2>M\u00e9ditation de la Parole divine : <\/h2>\n<p>Il nous est possible de avons la capacit\u00e9 de m\u00e9diter sur un extrait de la Bible qui nous \u00e9voque de l\u2019amour divin. \u00c0 titre d\u2019exemple :<\/p>\n<h3>1 Corinthiens 13, 1-8 : <\/h3>\n<p>\u00a0\u00bb<br \/>\nL\u2019amour est patient, il est plein de bont\u00e9; l\u2019amour n\u2019est point envieux; l\u2019amour ne se vante point, il ne s\u2019enfle point d\u2019orgueil, il ne fait rien de malhonn\u00eate, il ne cherche point son int\u00e9r\u00eat, il ne s\u2019irrite point, il ne soup\u00e7onne point le mal, il ne se r\u00e9jouit point de l\u2019injustice, mais il se r\u00e9jouit de la v\u00e9rit\u00e9; il supporte tout, il croit tout, il esp\u00e8re tout, il endure tout.<br \/>\nL\u2019amour ne p\u00e9rit jamais; mais, les proph\u00e9ties, elles seront abolies; les langues, elles cesseront; la connaissance, elle sera abolie.\u00a0\u00bb<\/p>\n<p>Bibliographie :<\/p>\n<p>Quo vadis\/Chapitre LXVI.,<a target=\"_blank\" rel=\"nofollow\" href=\"https:\/\/editionsbussiere.com\/blog\/goto\/https:\/\/fr.wikisource.org\/wiki\/Quo_vadis\/Chapitre_LXVI\"  target=\"_blank\" rel=\"noopener noreferrer nofollow\">Le texte de l\u2019article.<\/a><span><\/span><\/p>\n<p>Marie (Auguste Brizeux)\/Le Livre blanc.,<a target=\"_blank\" rel=\"nofollow\" href=\"https:\/\/editionsbussiere.com\/blog\/goto\/https:\/\/fr.wikisource.org\/wiki\/Marie_(Auguste_Brizeux)\/Le_Livre_blanc\"  target=\"_blank\" rel=\"noopener noreferrer nofollow\">L\u2019article ICI.<\/a><span><\/span>. Suite sur le prochain article.<\/p>\n<p>Les Dieux antiques\/La D\u00e9m\u00e9ter grecque ou la C\u00e9r\u00e8s latine.,<a target=\"_blank\" rel=\"nofollow\" href=\"https:\/\/editionsbussiere.com\/blog\/goto\/https:\/\/fr.wikisource.org\/wiki\/Les_Dieux_antiques\/La_D%C3%A9m%C3%A9ter_grecque_ou_la_C%C3%A9r%C3%A8s_latine\"  target=\"_blank\" rel=\"noopener noreferrer nofollow\">A lire ici.<\/a><span><\/span><\/p>\n<p>Le Jardin du Silence et la Ville du Roy\/IV\/La foi, cette raison\u2026.,<a target=\"_blank\" rel=\"nofollow\" href=\"https:\/\/editionsbussiere.com\/blog\/goto\/https:\/\/fr.wikisource.org\/wiki\/Le_Jardin_du_Silence_et_la_Ville_du_Roy\/IV\/La_foi,_cette_raison%E2%80%A6\"  target=\"_blank\" rel=\"noopener noreferrer nofollow\">Cliquer ICI.<\/a><span><\/span><\/p>\n<p>La L\u00e9gende de la rose de J\u00e9richo.,<a target=\"_blank\" rel=\"nofollow\" href=\"https:\/\/editionsbussiere.com\/blog\/goto\/https:\/\/fr.wikisource.org\/wiki\/La_L%C3%A9gende_de_la_rose_de_J%C3%A9richo\"  target=\"_blank\" rel=\"noopener noreferrer nofollow\">Article complet.<\/a><span><\/span>. Suite sur le prochain article.<\/p>\n<p>Chants populaires de la Basse-Bretagne\/Sainte Henori.,<a target=\"_blank\" rel=\"nofollow\" href=\"https:\/\/editionsbussiere.com\/blog\/goto\/https:\/\/fr.wikisource.org\/wiki\/Chants_populaires_de_la_Basse-Bretagne\/Sainte_Henori\"  target=\"_blank\" rel=\"noopener noreferrer nofollow\">A lire ici.<\/a><span><\/span>. Suite sur le prochain article.<\/p>\n<\/div>\n<p><img decoding=\"async\" class=\"wpe_imgrss\" src=\"https:\/\/editionsbussiere.com\/blog\/wp-content\/uploads\/2024\/07\/LEglise-syro-malabare-en-Inde-lance-un-plan-pour-resoudre-un.jpg\">Cet article a \u00e9t\u00e9 reconstitu\u00e9 du mieux possible. Dans l\u2019hypoth\u00e8se o\u00f9 vous souhaitez apporter quelques modifications concernant le th\u00e8me \u00ab\u00a0Editions \u00e9sot\u00e9rique fond\u00e9e en 1927\u00a0\u00bb, il est possible de discuter avec notre r\u00e9daction. Vous pouvez tirer profit de cet article traitant le sujet \u00ab\u00a0Editions \u00e9sot\u00e9rique fond\u00e9e en 1927\u00a0\u00bb. Il est concoct\u00e9 par l\u2019\u00e9quipe editionsbussiere.com. Le site editionsbussiere.com est fait pour cr\u00e9er divers posts autour du th\u00e8me Editions \u00e9sot\u00e9rique fond\u00e9e en 1927 d\u00e9velopp\u00e9es sur internet. Consultez notre site internet editionsbussiere.com et nos r\u00e9seaux sociaux pour \u00eatre au courant des futures annonces.<\/p>\n","protected":false},"excerpt":{"rendered":"<p>Une messe synodale en cours \u00e0 l\u2019\u00e9glise Saint-Dominique d\u2019Aluva dans l\u2019archidioc\u00e8se d\u2019Ernakulam de l\u2019\u00c9glise syro-malabare le 14 juillet 2024. \/ Cr\u00e9dit : Anto Akkara Kochi, Inde, 17 juillet 2024 \/ 14h50 (CNA). La querelle liturgique qui couvait au sujet de la mise en \u0153uvre de la messe synodale, qui a failli aboutir \u00e0 l\u2019\u00e9mission d\u2019excommunications [&hellip;]<\/p>\n","protected":false},"author":3,"featured_media":978,"comment_status":"closed","ping_status":"closed","sticky":false,"template":"","format":"standard","meta":{"footnotes":""},"categories":[3],"tags":[],"class_list":["post-977","post","type-post","status-publish","format-standard","has-post-thumbnail","hentry","category-editions-esoterique-fondee-en-1927-depeches","entry","fw-tab-6 fw-tabr-4","has-featured-image"],"yoast_head":"<!-- This site is optimized with the Yoast SEO plugin v27.5 - https:\/\/yoast.com\/product\/yoast-seo-wordpress\/ -->\n<title>L\u2019\u00c9glise syro-malabare en Inde lance un plan pour r\u00e9soudre un conflit liturgique amer \u2013 Catholic World Report avec une pri\u00e8re matinale. - EDITIONSBUSSIERE<\/title>\n<meta name=\"robots\" content=\"index, follow, max-snippet:-1, max-image-preview:large, max-video-preview:-1\" \/>\n<link rel=\"canonical\" href=\"https:\/\/editionsbussiere.com\/blog\/leglise-syro-malabare-en-inde-lance-un-plan-pour-resoudre-un-conflit-liturgique-amer-catholic-world-report-avec-une-priere-matinale\/\" \/>\n<meta property=\"og:locale\" content=\"fr_FR\" \/>\n<meta property=\"og:type\" content=\"article\" \/>\n<meta property=\"og:title\" content=\"L\u2019\u00c9glise syro-malabare en Inde lance un plan pour r\u00e9soudre un conflit liturgique amer \u2013 Catholic World Report avec une pri\u00e8re matinale. - EDITIONSBUSSIERE\" \/>\n<meta property=\"og:description\" content=\"Une messe synodale en cours \u00e0 l\u2019\u00e9glise Saint-Dominique d\u2019Aluva dans l\u2019archidioc\u00e8se d\u2019Ernakulam de l\u2019\u00c9glise syro-malabare le 14 juillet 2024. \/ Cr\u00e9dit : Anto Akkara Kochi, Inde, 17 juillet 2024 \/ 14h50 (CNA). La querelle liturgique qui couvait au sujet de la mise en \u0153uvre de la messe synodale, qui a failli aboutir \u00e0 l\u2019\u00e9mission d\u2019excommunications [&hellip;]\" \/>\n<meta property=\"og:url\" content=\"https:\/\/editionsbussiere.com\/blog\/leglise-syro-malabare-en-inde-lance-un-plan-pour-resoudre-un-conflit-liturgique-amer-catholic-world-report-avec-une-priere-matinale\/\" \/>\n<meta property=\"og:site_name\" content=\"EDITIONSBUSSIERE\" \/>\n<meta property=\"article:published_time\" content=\"2024-07-18T04:33:02+00:00\" \/>\n<meta property=\"og:image\" content=\"https:\/\/editionsbussiere.com\/blog\/wp-content\/uploads\/2024\/07\/LEglise-syro-malabare-en-Inde-lance-un-plan-pour-resoudre-un.jpg\" \/>\n<meta name=\"author\" content=\"Marie BATICLE\" \/>\n<meta name=\"twitter:card\" content=\"summary_large_image\" \/>\n<meta name=\"twitter:label1\" content=\"\u00c9crit par\" \/>\n\t<meta name=\"twitter:data1\" content=\"Marie BATICLE\" \/>\n\t<meta name=\"twitter:label2\" content=\"Dur\u00e9e de lecture estim\u00e9e\" \/>\n\t<meta name=\"twitter:data2\" content=\"18 minutes\" \/>\n<script type=\"application\/ld+json\" class=\"yoast-schema-graph\">{\"@context\":\"https:\\\/\\\/schema.org\",\"@graph\":[{\"@type\":\"Article\",\"@id\":\"https:\\\/\\\/editionsbussiere.com\\\/blog\\\/leglise-syro-malabare-en-inde-lance-un-plan-pour-resoudre-un-conflit-liturgique-amer-catholic-world-report-avec-une-priere-matinale\\\/#article\",\"isPartOf\":{\"@id\":\"https:\\\/\\\/editionsbussiere.com\\\/blog\\\/leglise-syro-malabare-en-inde-lance-un-plan-pour-resoudre-un-conflit-liturgique-amer-catholic-world-report-avec-une-priere-matinale\\\/\"},\"author\":{\"name\":\"Marie BATICLE\",\"@id\":\"https:\\\/\\\/editionsbussiere.com\\\/blog\\\/#\\\/schema\\\/person\\\/ec90e102792148c97e46ab871010dd8f\"},\"headline\":\"L\u2019\u00c9glise syro-malabare en Inde lance un plan pour r\u00e9soudre un conflit liturgique amer \u2013 Catholic World Report avec une pri\u00e8re matinale.\",\"datePublished\":\"2024-07-18T04:33:02+00:00\",\"mainEntityOfPage\":{\"@id\":\"https:\\\/\\\/editionsbussiere.com\\\/blog\\\/leglise-syro-malabare-en-inde-lance-un-plan-pour-resoudre-un-conflit-liturgique-amer-catholic-world-report-avec-une-priere-matinale\\\/\"},\"wordCount\":3593,\"publisher\":{\"@id\":\"https:\\\/\\\/editionsbussiere.com\\\/blog\\\/#organization\"},\"image\":{\"@id\":\"https:\\\/\\\/editionsbussiere.com\\\/blog\\\/leglise-syro-malabare-en-inde-lance-un-plan-pour-resoudre-un-conflit-liturgique-amer-catholic-world-report-avec-une-priere-matinale\\\/#primaryimage\"},\"thumbnailUrl\":\"https:\\\/\\\/editionsbussiere.com\\\/blog\\\/wp-content\\\/uploads\\\/2024\\\/07\\\/LEglise-syro-malabare-en-Inde-lance-un-plan-pour-resoudre-un.jpg\",\"articleSection\":[\"Editions \u00c9sot\u00e9rique Fond\u00e9e En 1927; D\u00e9p\u00e8ches:\"],\"inLanguage\":\"fr-FR\"},{\"@type\":\"WebPage\",\"@id\":\"https:\\\/\\\/editionsbussiere.com\\\/blog\\\/leglise-syro-malabare-en-inde-lance-un-plan-pour-resoudre-un-conflit-liturgique-amer-catholic-world-report-avec-une-priere-matinale\\\/\",\"url\":\"https:\\\/\\\/editionsbussiere.com\\\/blog\\\/leglise-syro-malabare-en-inde-lance-un-plan-pour-resoudre-un-conflit-liturgique-amer-catholic-world-report-avec-une-priere-matinale\\\/\",\"name\":\"L\u2019\u00c9glise syro-malabare en Inde lance un plan pour r\u00e9soudre un conflit liturgique amer \u2013 Catholic World Report avec une pri\u00e8re matinale. - EDITIONSBUSSIERE\",\"isPartOf\":{\"@id\":\"https:\\\/\\\/editionsbussiere.com\\\/blog\\\/#website\"},\"primaryImageOfPage\":{\"@id\":\"https:\\\/\\\/editionsbussiere.com\\\/blog\\\/leglise-syro-malabare-en-inde-lance-un-plan-pour-resoudre-un-conflit-liturgique-amer-catholic-world-report-avec-une-priere-matinale\\\/#primaryimage\"},\"image\":{\"@id\":\"https:\\\/\\\/editionsbussiere.com\\\/blog\\\/leglise-syro-malabare-en-inde-lance-un-plan-pour-resoudre-un-conflit-liturgique-amer-catholic-world-report-avec-une-priere-matinale\\\/#primaryimage\"},\"thumbnailUrl\":\"https:\\\/\\\/editionsbussiere.com\\\/blog\\\/wp-content\\\/uploads\\\/2024\\\/07\\\/LEglise-syro-malabare-en-Inde-lance-un-plan-pour-resoudre-un.jpg\",\"datePublished\":\"2024-07-18T04:33:02+00:00\",\"breadcrumb\":{\"@id\":\"https:\\\/\\\/editionsbussiere.com\\\/blog\\\/leglise-syro-malabare-en-inde-lance-un-plan-pour-resoudre-un-conflit-liturgique-amer-catholic-world-report-avec-une-priere-matinale\\\/#breadcrumb\"},\"inLanguage\":\"fr-FR\",\"potentialAction\":[{\"@type\":\"ReadAction\",\"target\":[\"https:\\\/\\\/editionsbussiere.com\\\/blog\\\/leglise-syro-malabare-en-inde-lance-un-plan-pour-resoudre-un-conflit-liturgique-amer-catholic-world-report-avec-une-priere-matinale\\\/\"]}]},{\"@type\":\"ImageObject\",\"inLanguage\":\"fr-FR\",\"@id\":\"https:\\\/\\\/editionsbussiere.com\\\/blog\\\/leglise-syro-malabare-en-inde-lance-un-plan-pour-resoudre-un-conflit-liturgique-amer-catholic-world-report-avec-une-priere-matinale\\\/#primaryimage\",\"url\":\"https:\\\/\\\/editionsbussiere.com\\\/blog\\\/wp-content\\\/uploads\\\/2024\\\/07\\\/LEglise-syro-malabare-en-Inde-lance-un-plan-pour-resoudre-un.jpg\",\"contentUrl\":\"https:\\\/\\\/editionsbussiere.com\\\/blog\\\/wp-content\\\/uploads\\\/2024\\\/07\\\/LEglise-syro-malabare-en-Inde-lance-un-plan-pour-resoudre-un.jpg\",\"width\":800,\"height\":526,\"caption\":\"LEglise syro malabare en Inde lance un plan pour resoudre un\"},{\"@type\":\"BreadcrumbList\",\"@id\":\"https:\\\/\\\/editionsbussiere.com\\\/blog\\\/leglise-syro-malabare-en-inde-lance-un-plan-pour-resoudre-un-conflit-liturgique-amer-catholic-world-report-avec-une-priere-matinale\\\/#breadcrumb\",\"itemListElement\":[{\"@type\":\"ListItem\",\"position\":1,\"name\":\"Accueil\",\"item\":\"https:\\\/\\\/editionsbussiere.com\\\/blog\\\/\"},{\"@type\":\"ListItem\",\"position\":2,\"name\":\"L\u2019\u00c9glise syro-malabare en Inde lance un plan pour r\u00e9soudre un conflit liturgique amer \u2013 Catholic World Report avec une pri\u00e8re matinale.\"}]},{\"@type\":\"WebSite\",\"@id\":\"https:\\\/\\\/editionsbussiere.com\\\/blog\\\/#website\",\"url\":\"https:\\\/\\\/editionsbussiere.com\\\/blog\\\/\",\"name\":\"EDITIONSBUSSIERE\",\"description\":\"Editions \u00e9sot\u00e9rique fond\u00e9e en 1927; site historique, A SAVOIR ET RETENIR.\",\"publisher\":{\"@id\":\"https:\\\/\\\/editionsbussiere.com\\\/blog\\\/#organization\"},\"potentialAction\":[{\"@type\":\"SearchAction\",\"target\":{\"@type\":\"EntryPoint\",\"urlTemplate\":\"https:\\\/\\\/editionsbussiere.com\\\/blog\\\/?s={search_term_string}\"},\"query-input\":{\"@type\":\"PropertyValueSpecification\",\"valueRequired\":true,\"valueName\":\"search_term_string\"}}],\"inLanguage\":\"fr-FR\"},{\"@type\":\"Organization\",\"@id\":\"https:\\\/\\\/editionsbussiere.com\\\/blog\\\/#organization\",\"name\":\"editionsbussiere\",\"url\":\"https:\\\/\\\/editionsbussiere.com\\\/blog\\\/\",\"logo\":{\"@type\":\"ImageObject\",\"inLanguage\":\"fr-FR\",\"@id\":\"https:\\\/\\\/editionsbussiere.com\\\/blog\\\/#\\\/schema\\\/logo\\\/image\\\/\",\"url\":\"https:\\\/\\\/editionsbussiere.com\\\/blog\\\/wp-content\\\/uploads\\\/2023\\\/09\\\/cropped-buss.gif\",\"contentUrl\":\"https:\\\/\\\/editionsbussiere.com\\\/blog\\\/wp-content\\\/uploads\\\/2023\\\/09\\\/cropped-buss.gif\",\"width\":298,\"height\":120,\"caption\":\"editionsbussiere\"},\"image\":{\"@id\":\"https:\\\/\\\/editionsbussiere.com\\\/blog\\\/#\\\/schema\\\/logo\\\/image\\\/\"}},{\"@type\":\"Person\",\"@id\":\"https:\\\/\\\/editionsbussiere.com\\\/blog\\\/#\\\/schema\\\/person\\\/ec90e102792148c97e46ab871010dd8f\",\"name\":\"Marie BATICLE\",\"image\":{\"@type\":\"ImageObject\",\"inLanguage\":\"fr-FR\",\"@id\":\"https:\\\/\\\/secure.gravatar.com\\\/avatar\\\/c923e52403b1b8137e2d929127211d21967e6aecaa053bd43b09da29f212e76e?s=96&d=mm&r=g\",\"url\":\"https:\\\/\\\/secure.gravatar.com\\\/avatar\\\/c923e52403b1b8137e2d929127211d21967e6aecaa053bd43b09da29f212e76e?s=96&d=mm&r=g\",\"contentUrl\":\"https:\\\/\\\/secure.gravatar.com\\\/avatar\\\/c923e52403b1b8137e2d929127211d21967e6aecaa053bd43b09da29f212e76e?s=96&d=mm&r=g\",\"caption\":\"Marie BATICLE\"},\"url\":\"https:\\\/\\\/editionsbussiere.com\\\/blog\\\/author\\\/eremarie\\\/\"}]}<\/script>\n<!-- \/ Yoast SEO plugin. -->","yoast_head_json":{"title":"L\u2019\u00c9glise syro-malabare en Inde lance un plan pour r\u00e9soudre un conflit liturgique amer \u2013 Catholic World Report avec une pri\u00e8re matinale. - EDITIONSBUSSIERE","robots":{"index":"index","follow":"follow","max-snippet":"max-snippet:-1","max-image-preview":"max-image-preview:large","max-video-preview":"max-video-preview:-1"},"canonical":"https:\/\/editionsbussiere.com\/blog\/leglise-syro-malabare-en-inde-lance-un-plan-pour-resoudre-un-conflit-liturgique-amer-catholic-world-report-avec-une-priere-matinale\/","og_locale":"fr_FR","og_type":"article","og_title":"L\u2019\u00c9glise syro-malabare en Inde lance un plan pour r\u00e9soudre un conflit liturgique amer \u2013 Catholic World Report avec une pri\u00e8re matinale. - EDITIONSBUSSIERE","og_description":"Une messe synodale en cours \u00e0 l\u2019\u00e9glise Saint-Dominique d\u2019Aluva dans l\u2019archidioc\u00e8se d\u2019Ernakulam de l\u2019\u00c9glise syro-malabare le 14 juillet 2024. \/ Cr\u00e9dit : Anto Akkara Kochi, Inde, 17 juillet 2024 \/ 14h50 (CNA). La querelle liturgique qui couvait au sujet de la mise en \u0153uvre de la messe synodale, qui a failli aboutir \u00e0 l\u2019\u00e9mission d\u2019excommunications [&hellip;]","og_url":"https:\/\/editionsbussiere.com\/blog\/leglise-syro-malabare-en-inde-lance-un-plan-pour-resoudre-un-conflit-liturgique-amer-catholic-world-report-avec-une-priere-matinale\/","og_site_name":"EDITIONSBUSSIERE","article_published_time":"2024-07-18T04:33:02+00:00","og_image":[{"url":"https:\/\/editionsbussiere.com\/blog\/wp-content\/uploads\/2024\/07\/LEglise-syro-malabare-en-Inde-lance-un-plan-pour-resoudre-un.jpg","type":"","width":"","height":""}],"author":"Marie BATICLE","twitter_card":"summary_large_image","twitter_misc":{"\u00c9crit par":"Marie BATICLE","Dur\u00e9e de lecture estim\u00e9e":"18 minutes"},"schema":{"@context":"https:\/\/schema.org","@graph":[{"@type":"Article","@id":"https:\/\/editionsbussiere.com\/blog\/leglise-syro-malabare-en-inde-lance-un-plan-pour-resoudre-un-conflit-liturgique-amer-catholic-world-report-avec-une-priere-matinale\/#article","isPartOf":{"@id":"https:\/\/editionsbussiere.com\/blog\/leglise-syro-malabare-en-inde-lance-un-plan-pour-resoudre-un-conflit-liturgique-amer-catholic-world-report-avec-une-priere-matinale\/"},"author":{"name":"Marie BATICLE","@id":"https:\/\/editionsbussiere.com\/blog\/#\/schema\/person\/ec90e102792148c97e46ab871010dd8f"},"headline":"L\u2019\u00c9glise syro-malabare en Inde lance un plan pour r\u00e9soudre un conflit liturgique amer \u2013 Catholic World Report avec une pri\u00e8re matinale.","datePublished":"2024-07-18T04:33:02+00:00","mainEntityOfPage":{"@id":"https:\/\/editionsbussiere.com\/blog\/leglise-syro-malabare-en-inde-lance-un-plan-pour-resoudre-un-conflit-liturgique-amer-catholic-world-report-avec-une-priere-matinale\/"},"wordCount":3593,"publisher":{"@id":"https:\/\/editionsbussiere.com\/blog\/#organization"},"image":{"@id":"https:\/\/editionsbussiere.com\/blog\/leglise-syro-malabare-en-inde-lance-un-plan-pour-resoudre-un-conflit-liturgique-amer-catholic-world-report-avec-une-priere-matinale\/#primaryimage"},"thumbnailUrl":"https:\/\/editionsbussiere.com\/blog\/wp-content\/uploads\/2024\/07\/LEglise-syro-malabare-en-Inde-lance-un-plan-pour-resoudre-un.jpg","articleSection":["Editions \u00c9sot\u00e9rique Fond\u00e9e En 1927; D\u00e9p\u00e8ches:"],"inLanguage":"fr-FR"},{"@type":"WebPage","@id":"https:\/\/editionsbussiere.com\/blog\/leglise-syro-malabare-en-inde-lance-un-plan-pour-resoudre-un-conflit-liturgique-amer-catholic-world-report-avec-une-priere-matinale\/","url":"https:\/\/editionsbussiere.com\/blog\/leglise-syro-malabare-en-inde-lance-un-plan-pour-resoudre-un-conflit-liturgique-amer-catholic-world-report-avec-une-priere-matinale\/","name":"L\u2019\u00c9glise syro-malabare en Inde lance un plan pour r\u00e9soudre un conflit liturgique amer \u2013 Catholic World Report avec une pri\u00e8re matinale. - EDITIONSBUSSIERE","isPartOf":{"@id":"https:\/\/editionsbussiere.com\/blog\/#website"},"primaryImageOfPage":{"@id":"https:\/\/editionsbussiere.com\/blog\/leglise-syro-malabare-en-inde-lance-un-plan-pour-resoudre-un-conflit-liturgique-amer-catholic-world-report-avec-une-priere-matinale\/#primaryimage"},"image":{"@id":"https:\/\/editionsbussiere.com\/blog\/leglise-syro-malabare-en-inde-lance-un-plan-pour-resoudre-un-conflit-liturgique-amer-catholic-world-report-avec-une-priere-matinale\/#primaryimage"},"thumbnailUrl":"https:\/\/editionsbussiere.com\/blog\/wp-content\/uploads\/2024\/07\/LEglise-syro-malabare-en-Inde-lance-un-plan-pour-resoudre-un.jpg","datePublished":"2024-07-18T04:33:02+00:00","breadcrumb":{"@id":"https:\/\/editionsbussiere.com\/blog\/leglise-syro-malabare-en-inde-lance-un-plan-pour-resoudre-un-conflit-liturgique-amer-catholic-world-report-avec-une-priere-matinale\/#breadcrumb"},"inLanguage":"fr-FR","potentialAction":[{"@type":"ReadAction","target":["https:\/\/editionsbussiere.com\/blog\/leglise-syro-malabare-en-inde-lance-un-plan-pour-resoudre-un-conflit-liturgique-amer-catholic-world-report-avec-une-priere-matinale\/"]}]},{"@type":"ImageObject","inLanguage":"fr-FR","@id":"https:\/\/editionsbussiere.com\/blog\/leglise-syro-malabare-en-inde-lance-un-plan-pour-resoudre-un-conflit-liturgique-amer-catholic-world-report-avec-une-priere-matinale\/#primaryimage","url":"https:\/\/editionsbussiere.com\/blog\/wp-content\/uploads\/2024\/07\/LEglise-syro-malabare-en-Inde-lance-un-plan-pour-resoudre-un.jpg","contentUrl":"https:\/\/editionsbussiere.com\/blog\/wp-content\/uploads\/2024\/07\/LEglise-syro-malabare-en-Inde-lance-un-plan-pour-resoudre-un.jpg","width":800,"height":526,"caption":"LEglise syro malabare en Inde lance un plan pour resoudre un"},{"@type":"BreadcrumbList","@id":"https:\/\/editionsbussiere.com\/blog\/leglise-syro-malabare-en-inde-lance-un-plan-pour-resoudre-un-conflit-liturgique-amer-catholic-world-report-avec-une-priere-matinale\/#breadcrumb","itemListElement":[{"@type":"ListItem","position":1,"name":"Accueil","item":"https:\/\/editionsbussiere.com\/blog\/"},{"@type":"ListItem","position":2,"name":"L\u2019\u00c9glise syro-malabare en Inde lance un plan pour r\u00e9soudre un conflit liturgique amer \u2013 Catholic World Report avec une pri\u00e8re matinale."}]},{"@type":"WebSite","@id":"https:\/\/editionsbussiere.com\/blog\/#website","url":"https:\/\/editionsbussiere.com\/blog\/","name":"EDITIONSBUSSIERE","description":"Editions \u00e9sot\u00e9rique fond\u00e9e en 1927; site historique, A SAVOIR ET RETENIR.","publisher":{"@id":"https:\/\/editionsbussiere.com\/blog\/#organization"},"potentialAction":[{"@type":"SearchAction","target":{"@type":"EntryPoint","urlTemplate":"https:\/\/editionsbussiere.com\/blog\/?s={search_term_string}"},"query-input":{"@type":"PropertyValueSpecification","valueRequired":true,"valueName":"search_term_string"}}],"inLanguage":"fr-FR"},{"@type":"Organization","@id":"https:\/\/editionsbussiere.com\/blog\/#organization","name":"editionsbussiere","url":"https:\/\/editionsbussiere.com\/blog\/","logo":{"@type":"ImageObject","inLanguage":"fr-FR","@id":"https:\/\/editionsbussiere.com\/blog\/#\/schema\/logo\/image\/","url":"https:\/\/editionsbussiere.com\/blog\/wp-content\/uploads\/2023\/09\/cropped-buss.gif","contentUrl":"https:\/\/editionsbussiere.com\/blog\/wp-content\/uploads\/2023\/09\/cropped-buss.gif","width":298,"height":120,"caption":"editionsbussiere"},"image":{"@id":"https:\/\/editionsbussiere.com\/blog\/#\/schema\/logo\/image\/"}},{"@type":"Person","@id":"https:\/\/editionsbussiere.com\/blog\/#\/schema\/person\/ec90e102792148c97e46ab871010dd8f","name":"Marie BATICLE","image":{"@type":"ImageObject","inLanguage":"fr-FR","@id":"https:\/\/secure.gravatar.com\/avatar\/c923e52403b1b8137e2d929127211d21967e6aecaa053bd43b09da29f212e76e?s=96&d=mm&r=g","url":"https:\/\/secure.gravatar.com\/avatar\/c923e52403b1b8137e2d929127211d21967e6aecaa053bd43b09da29f212e76e?s=96&d=mm&r=g","contentUrl":"https:\/\/secure.gravatar.com\/avatar\/c923e52403b1b8137e2d929127211d21967e6aecaa053bd43b09da29f212e76e?s=96&d=mm&r=g","caption":"Marie BATICLE"},"url":"https:\/\/editionsbussiere.com\/blog\/author\/eremarie\/"}]}},"_links":{"self":[{"href":"https:\/\/editionsbussiere.com\/blog\/wp-json\/wp\/v2\/posts\/977","targetHints":{"allow":["GET"]}}],"collection":[{"href":"https:\/\/editionsbussiere.com\/blog\/wp-json\/wp\/v2\/posts"}],"about":[{"href":"https:\/\/editionsbussiere.com\/blog\/wp-json\/wp\/v2\/types\/post"}],"author":[{"embeddable":true,"href":"https:\/\/editionsbussiere.com\/blog\/wp-json\/wp\/v2\/users\/3"}],"replies":[{"embeddable":true,"href":"https:\/\/editionsbussiere.com\/blog\/wp-json\/wp\/v2\/comments?post=977"}],"version-history":[{"count":0,"href":"https:\/\/editionsbussiere.com\/blog\/wp-json\/wp\/v2\/posts\/977\/revisions"}],"wp:featuredmedia":[{"embeddable":true,"href":"https:\/\/editionsbussiere.com\/blog\/wp-json\/wp\/v2\/media\/978"}],"wp:attachment":[{"href":"https:\/\/editionsbussiere.com\/blog\/wp-json\/wp\/v2\/media?parent=977"}],"wp:term":[{"taxonomy":"category","embeddable":true,"href":"https:\/\/editionsbussiere.com\/blog\/wp-json\/wp\/v2\/categories?post=977"},{"taxonomy":"post_tag","embeddable":true,"href":"https:\/\/editionsbussiere.com\/blog\/wp-json\/wp\/v2\/tags?post=977"}],"curies":[{"name":"wp","href":"https:\/\/api.w.org\/{rel}","templated":true}]}}