{"id":969,"date":"2024-07-16T18:51:39","date_gmt":"2024-07-16T16:51:39","guid":{"rendered":"https:\/\/editionsbussiere.com\/blog\/vierge-marie-jesus-etait-il-vraiment-juif-et-requete-du-matin\/"},"modified":"2024-07-16T18:51:39","modified_gmt":"2024-07-16T16:51:39","slug":"vierge-marie-jesus-etait-il-vraiment-juif-et-requete-du-matin","status":"publish","type":"post","link":"https:\/\/editionsbussiere.com\/blog\/vierge-marie-jesus-etait-il-vraiment-juif-et-requete-du-matin\/","title":{"rendered":"Vierge Marie \u2013 J\u00e9sus \u00e9tait-il vraiment juif ?\n et requ\u00eate du matin."},"content":{"rendered":"<div><img width=\"316\" height=\"316\" src=\"https:\/\/editionsbussiere.com\/blog\/wp-content\/uploads\/2024\/07\/Existe-t-il-des-textes-de-la-Bible-qui-resument-lEvangile.png\" class=\"attachment-large size-large wp-post-image\" alt=\"Existe-t-il des textes de la Bible qui r\u00e9sument l\u2019\u00c9vangile ?\" style=\"float:left; margin:0 15px 15px 0;\" decoding=\"async\" srcset=\"https:\/\/editionsbussiere.com\/blog\/wp-content\/uploads\/2024\/07\/Existe-t-il-des-textes-de-la-Bible-qui-resument-lEvangile.png 316w, https:\/\/www.n42.fr\/wp-content\/uploads\/2024\/02\/Existe-t-il-des-textes-de-la-Bible-qui-resument-lEvangile-300x300.png 300w, https:\/\/www.n42.fr\/wp-content\/uploads\/2024\/02\/Existe-t-il-des-textes-de-la-Bible-qui-resument-lEvangile-150x150.png 150w\" sizes=\"(max-width: 316px) 100vw, 316px\"><\/p>\n<p>\n<\/p>\n<div itemprop=\"text\">\n<p><em>Tout d\u2019abord, par \u00ab Juif \u00bb, j\u2019entends ici la nationalit\u00e9 et non la religion. La question de savoir si J\u00e9sus \u00e9tait juif revient donc \u00e0 savoir si J\u00e9sus \u00e9tait isra\u00e9lien, c\u2019est-\u00e0-dire un descendant de Jacob\/Isra\u00ebl. L\u2019accent n\u2019est pas mis ici sur le fait de savoir si J\u00e9sus \u00e9tait juif d\u2019un point de vue religieux, c\u2019est-\u00e0-dire s\u2019il \u00e9tait un adepte du juda\u00efsme.<\/em><\/p>\n<p>J\u00e9sus \u00e9tait-il vraiment juif ? Il n\u2019avait pas de p\u00e8re juif, il n\u2019est pas issu d\u2019un sperme juif. Selon la Bible, un enfant h\u00e9rite de la nationalit\u00e9\/ethnicit\u00e9 de son p\u00e8re. Deux exemples : 1. La femme de Joseph \u00e9tait une non juive (\u00e9gyptienne), et avec elle il eut deux enfants, \u00c9phra\u00efm et Manass\u00e9. Bien que leur m\u00e8re f\u00fbt une non juive, ils sont toujours appel\u00e9s fils d\u2019Isra\u00ebl parce que leur p\u00e8re \u00e9tait isra\u00e9lien. Ils ont h\u00e9rit\u00e9 de la nationalit\u00e9 de leur p\u00e8re. 2. Mo\u00efse a permis aux hommes d\u2019Isra\u00ebl de prendre des femmes non juives, mais il ne leur a pas permis de prendre des hommes non juifs pour des femmes isra\u00e9liennes.<\/p>\n<p>Puisque J\u00e9sus n\u2019est pas issu du sperme d\u2019un Juif, il ne peut pas \u00eatre Juif de nationalit\u00e9. Il est faux de dire que J\u00e9sus \u00e9tait \u00ab \u00e0 moiti\u00e9 Juif \u00bb parce que sa m\u00e8re \u00e9tait Juive. Dans la Bible, il n\u2019existe pas de \u00ab \u00e0 moiti\u00e9 Juif \u00bb. Vous \u00eates ce qu\u2019est votre p\u00e8re. Si votre p\u00e8re est italien et votre m\u00e8re espagnole, alors vous \u00eates italien. Vous n\u2019\u00eates pas \u00e0 moiti\u00e9 italien et \u00e0 moiti\u00e9 espagnol. Vous \u00eates ce qu\u2019est votre p\u00e8re parce que vous \u00eates issu de son sperme.<\/p>\n<\/div>\n<h2>Un moment de communion personnelle en vue de nous ouvrir \u00e0 Dieu. <\/h2>\n<p>Bien-aim\u00e9 P\u00e8re divin, je me pr\u00e9sente en face de toi afin de te remercier \u00e0 cause de cette fra\u00eeche journ\u00e9e. Je te loue en raison de ton amour ainsi que ta loyaut\u00e9 envers moi. Je t\u2019implore de me remplir de ton esprit et de me donner la gr\u00e2ce d\u2019\u00e9prouver ta pr\u00e8s de moi tout au long de cette journ\u00e9e. Je te remets toutes mes soucis, mes joies, mes peines, mes aspirations et mes esp\u00e9rances. Puisses ton Esprit Saint \u00e9claire de sa lumi\u00e8re mon esprit et fortifie ma foi, pour que je puisse avancer dans tes voies et accomplir ta volont\u00e9. Donne-moi la gr\u00e2ce de mener selon la compassion dont tu nous as montr\u00e9 le mod\u00e8le \u00e0 travers ton Fils admir\u00e9, J\u00e9sus-Christ.<\/p>\n<h3> Note de compr\u00e9hension : <\/h3>\n<p>La pri\u00e8re nous entra\u00eene dans le myst\u00e8re de la famille sacr\u00e9e, dans laquelle Dieu le P\u00e8re nous prend tel ses enfants bien-aim\u00e9s. Dans ce lien familial, nous trouvons le courage et aussi la consolation afin de traverser les \u00e9preuves du. La pri\u00e8re nous rem\u00e9more la parole de Pierre, lequel exhorte les chr\u00e9tiennes et les chr\u00e9tiens \u00e0 demeurer fermes dans foi, m\u00eame face \u00e0 au milieu des tourments de la vie.<\/p>\n<h3>\nRenforcer notre lien envers J\u00e9sus d\u00e8s chaque matin<\/h3>\n<p>Nous sommes capables de m\u00e9diter en ce qui concerne l\u2019un des diff\u00e9rents \u00e9vangiles afin de nous connecter \u00e0 J\u00e9sus. Par exemple :<\/p>\n<h3>Jean 15, 9-17 : <\/h3>\n<p>\u00a0\u00bb<br \/>\nC\u2019est ici mon commandement: Aimez-vous les uns les autres, comme je vous ai aim\u00e9s. Il n\u2019y a pas de plus grand amour que de donner sa vie pour ses amis. Vous \u00eates mes amis, si vous faites ce que je vous commande. Je ne vous appelle plus serviteurs, parce que le serviteur ne sait pas ce que fait son ma\u00eetre; mais je vous ai appel\u00e9s amis, parce que je vous ai fait conna\u00eetre tout ce que j\u2019ai appris de mon P\u00e8re.\u00a0\u00bb<\/p>\n<h2> Demander indulgence \u00e0 Dieu pour nos p\u00e9ch\u00e9s <\/h2>\n<p>Seigneur J\u00e9sus, je viens te implorer de pardonner mes p\u00e9ch\u00e9s. Je suis que je ne suis pas parfait et que j\u2019ai besoin de ta sainte mis\u00e9ricorde. Je te demande de me lib\u00e9rer de toute ce qui me s\u00e9pare de toi et de me accorder la gr\u00e2ce pour vivre en accord avec ta volont\u00e9. Que ta b\u00e9n\u00e9diction sacr\u00e9e dissipe les coins les plus sombres de mon c\u0153ur, purifiant ma personne et me guidant sur la route de la saintet\u00e9. Amen.<\/p>\n<h3> Discussion en le Seigneur tel que avec un ami. <\/h3>\n<p>Nous pouvons communiquer \u00e0 Dieu de la m\u00eame mani\u00e8re que \u00e0 l\u2019\u00e9gard de un ami intime, lui confier nos joies et nos peines, le Seigneur demander de l\u2019aide dans nos d\u00e9fis quotidiens. Par exemple : Seigneur, merci en raison de cette fra\u00eeche journ\u00e9e. Je viens te implorer de \u00e0 \u00eatre patient \u00e0 l\u2019\u00e9gard de mes enfants et \u00e0 me octroyer la force de surmonter aux d\u00e9fis de la journ\u00e9e. Je te remets mes projets et mes soucis, et je sollicite de me montrer de quelle mani\u00e8re je ai la capacit\u00e9 de te servir et t\u2019honorer aujourd\u2019hui. Accorde-moi, \u00f4 Seigneur, ta connaissance afin de prendre les bonnes d\u00e9cisions et ton soutien pour traverser les \u00e9preuves avec foi. Amen.<\/p>\n<h3> Un moment de calme pour entendre Dieu. <\/h3>\n<p>Apr\u00e8s une pri\u00e8re et une m\u00e9ditation, il est important de prendre quelques moment de silence pour \u00e9couter la voix de Dieu dans nos propres c\u0153urs. Dans ce silence, on peut ressentir sa pr\u00e9sence sereine et obtenir ses inspirations pour la journ\u00e9e \u00e0.<\/p>\n<h3> Se diriger vers le Christ afin de d\u00e9couvrir une paix int\u00e9rieure. <\/h3>\n<p>Nous sommes capables de prier J\u00e9sus de nous donner sa paix et m\u2019assister nous soutenir pour \u00e9couter sa parole. Par exemple :<br \/>\nSeigneur J\u00e9sus, je me pr\u00e9sente te supplier de remplir mon propre c\u0153ur de ta tendresse. Je te demande m\u2019assister me d\u00e9gager de chaque pens\u00e9es et les diverses inqui\u00e9tudes me perturbent. Aide-moi \u00e0 \u00e9couter ta parole et \u00e0 la mettre en pratique dans ma vie. Que ton Esprit Saint, \u00f4 Christ, devienne ma force tout au long de cette journ\u00e9e. Amen.<\/p>\n<h3> Achever la pri\u00e8re matinale en d\u00e9diant notre journ\u00e9e \u00e0 Dieu. <\/h3>\n<p>Nous sommes en mesure d\u2019offrir nos journ\u00e9e envers Dieu et m\u00eame lui demander de la remplir de sa pr\u00e9sence et de sa b\u00e9n\u00e9diction. Par exemple :<br \/>\nSeigneur, moi te confesse cette journ\u00e9e entre vos mains. Que chacun de mes pas soit dirig\u00e9 par ta divine sagesse, que chacune de mes paroles soit inspir\u00e9e par ton amour. Que toutes mes actions soient accomplies selon ton volont\u00e9, pour ta divine gloire et tous bien. Que ton lumi\u00e8re \u00e9claire ma route et que tu habites mon c\u0153ur. Amen.<\/p>\n<h3> Invocation d\u2019imploration matinale. <\/h3>\n<p>La invocation du matin consiste \u00e0 prier pour les besoins de nos chr\u00e9tiennes et des chr\u00e9tiens. Nous avons la possibilit\u00e9 de prier pour les personnes dans le besoin, pour les malades, pour les personnes qui se trouvent souffrent, pour les personnes qui sont confront\u00e9es \u00e0 des difficult\u00e9s, pour les personnes d\u00e9courag\u00e9es et pour les personnes qui dans l\u2019erreur.<\/p>\n<h3> Prier pour l\u2019ensemble des individus en le besoin. <\/p>\n<h3>\n<\/h3>\n<\/h3>\n<p>Seigneur, dans sa grande mis\u00e9ricorde, nous te implorons pour l\u2019ensemble des personnes qui traversent d\u2019innombrables difficult\u00e9s financi\u00e8res. Que tu leur accordes la force ainsi que la pers\u00e9v\u00e9rance pour affronter ces \u00e9preuves, ainsi que que lui leur apportes les ressources n\u00e9cessaires pour subvenir \u00e0 l\u2019ensemble de leurs besoins. Accorde-leur, Dieu Tout-Puissant, ta providence afin de guider leur pas dans l\u2019ombre de leurs soucis financiers.<\/p>\n<p>On te demandons \u00e9galement en vue de chaque personnes qui luttent contre d\u2019innombrables probl\u00e8mes de sant\u00e9. Que ta main puissante se pose sur elles, Seigneur, pour les gu\u00e9rir et aussi les r\u00e9conforter dans leur douleur. Accorde-leur, \u00f4, la force et le courage pour faire face \u00e0 leurs d\u00e9fis de sant\u00e9 en confiance en ta divine providence.<\/p>\n<p>Nous autres te demandons \u00e9galement afin de chaque personnes qui sont confront\u00e9es \u00e0 d\u2019innombrables difficult\u00e9s dans leur vie, peu importe ce que ce soit sur le domaine professionnel, relationnel ou encore \u00e9motionnel. Que ta gr\u00e2ce, Seigneur, devienne leur soutien ainsi que leur r\u00e9confort dans ces moments d\u2019\u00e9preuve. Accorde-leur, \u00f4, ton Esprit Saint en vue de illuminer leur chemin et aussi les guider vers la s\u00e9r\u00e9nit\u00e9.<\/p>\n<p>En conclusion, nous lui prions pour l\u2019ensemble des personnes qui sont sans-abri, les personnes qui sont marginalis\u00e9es et aussi exclues de la soci\u00e9t\u00e9. Que sa mis\u00e9ricorde, Seigneur, se r\u00e9pande sur elles comme une douce ros\u00e9e, leur apportant r\u00e9confort et \u00e9galement espoir dans leur d\u00e9tresse. Accorde-leur, Grand, des mains g\u00e9n\u00e9reuses en vue de les aider et des c\u0153urs compatissants afin de les accueillir dans leur communaut\u00e9.<\/p>\n<h3> explication sur la pri\u00e8re du matin. <\/h3>\n<p>Durant la pri\u00e8re, nous \u00e9voquons nos esprits vers le Ciel, suppliant la lumi\u00e8re de Dieu pour guider nos chemins sombres. Marie, notre m\u00e8re, nous soutient dans ce voyage, nous \u00e9duquant \u00e0 m\u00e9diter sur les myst\u00e8res de la vie de son divin enfant. Elle nous conduit \u00e0 J\u00e9sus, le lumi\u00e8re du monde, qui lumine nos t\u00e9n\u00e8bres et nous oriente vers la v\u00e9rit\u00e9.<br \/>\nLa pri\u00e8re nous relie aussi \u00e0 notre communaut\u00e9 spirituelle, la famille des croyants, o\u00f9 nous communiquons nos joies et nos afflictions, nos esp\u00e9rances et nos inqui\u00e9tudes. Unis, nous formons le corps du Christ, convoqu\u00e9s \u00e0 t\u00e9moigner de son affection. Par nos pri\u00e8res, nous pla\u00e7ons pour les exigences des chr\u00e9tiennes et des chr\u00e9tiens, pr\u00e9sentant notre affection et notre compassion \u00e0 ceux qui endurent.<br \/>\nUnissons-nous dans la pri\u00e8re du matin, dans notre foi, en Marie, la m\u00e8re de notre Seigneur J\u00e9sus-Christ. Au sein de notre monde tourment\u00e9 par les conflits et la division, optons \u00e0 la pri\u00e8re pour trouver pour trouver la paix et l\u2019harmonie. On peut exprimer une pri\u00e8re pour la Sainte Vierge <a target=\"_blank\" rel=\"nofollow\" href=\"https:\/\/editionsbussiere.com\/blog\/goto\/https:\/\/www.avemariasound.org\/\" >en visitant cette page.<\/a> Que nos supplications s\u2019\u00e9l\u00e8vent vers le ciel, comme une offrande agr\u00e9able \u00e0 Dieu, pour qu\u2019il guide nous guider nos pas sur la voie de la justice et de la v\u00e9rit\u00e9. Saint Paul nous exhorte dans ses lettres \u00e0 maintenir une pri\u00e8re incessante, quelle que soit la situation, afin que notre connexion avec Dieu reste constante et ardente. La pri\u00e8re, quand elle est sinc\u00e8rement offerte, a le pouvoir de transformer les c\u0153urs et de modifier le cours de l\u2019histoire.<\/p>\n<h2> \u00c9lever nos proches pri\u00e8res pour nos amis au Seigneur au lever du jour.<\/h2>\n<p>L\u2019ultime ult\u00e9rieure partie de la pri\u00e8re du matin consiste \u00e0 prier pour nos proches amis, l\u2019ensemble de notre famille, nos connaissances et nos communaut\u00e9. Nous pouvons prier pour leur propre, leur bonheur, leur s\u00e9curit\u00e9, et leur abondance. Nous pouvons \u00e9galement prier pour ceux qui nous ont nui et pour ces personnes qui nous ont heurt\u00e9s, et demander \u00e0 Dieu de nous aider \u00e0 leur propre pardonner et \u00e0 leur exprimer la compassion.<\/p>\n<h3> Prier pour la vigueur et la s\u00e9curit\u00e9 de nos \u00eatres chers.<\/h3>\n<p>Seigneur, nous te confions nos familles, notre familles et nos amis. Surveille, \u00d4 Dieu, sur eux, avec prot\u00e8ge -les de tout danger et de toute affliction. Donne, Dieu mis\u00e9ricordieux, une sant\u00e9 du corps avec de l\u2019esprit pour eux, et la paix dans leur c\u0153ur. Puisses-tu permettre ta b\u00e9n\u00e9diction omnipotente les veille ainsi que les individus guide tout au long de cette journ\u00e9e, afin qu\u2019ils puissent vivre dans une protection et aussi la s\u00e9r\u00e9nit\u00e9.<\/p>\n<p>Nous \u00e0 toi prions aussi pour nos enfants, Dieu, afin qu\u2019ils grandissent dans leur foi et dans l\u2019amour de ton saint nom. Donne, \u00d4 Dieu, une sagesse et la force n\u00e9cessaires en vue de affronter les obstacles de la vie, et aussi conduise leurs pas le long de le chemin de la v\u00e9rit\u00e9 ainsi que de la justice.<\/p>\n<p>Enfin, nous te prions pour nos amis ainsi que nos voisins, Seigneur, qu\u2019ils connaissent la joie de ton amour et la s\u00e9r\u00e9nit\u00e9 de ton pardon. Offre-leur, \u00f4 Dieu, des c\u0153urs bienveillants en vue de partager avec ceux que dans le besoin, et aussi mains largement ouvertes afin de accueillir ceux qui sont seuls et aussi abandonn\u00e9s.<\/p>\n<h3> Prier pour nos ennemis et aussi ceux qui nous ont offens\u00e9s. <\/h3>\n<p>Seigneur, J\u00e9sus, nous vous prions pour nos ennemis et pour ceux qui nous ont offens\u00e9s. Accorde-leur, \u00f4 J\u00e9sus, votre mis\u00e9ricorde et aussi votre pardon, et ouvre leur c\u0153ur \u00e0 la lumi\u00e8re de ta v\u00e9rit\u00e9. Aide-nous, Seigneur, \u00e0 leur montrer de la compassion et aussi \u00e0 leur pardonner comme tu nous autres as pardonn\u00e9. Que votre paix r\u00e8gne dans nos c\u0153urs et aussi que ton amour guide nos actions, pour que nous puissions vivre en harmonie avec tous ceux que nous entourent.<\/p>\n<h3> Comprendre l\u2019 pri\u00e8re : <\/h3>\n<p>En conclusion, la pri\u00e8re nous reconna\u00eet notre devoir comme enfant de Dieu : se trouver des t\u00e9moin de sa lumi\u00e8re et de ses affection dans l\u2019 \u00e9poque en proie aux t\u00e9n\u00e8bres. \u00c0 travers notre mots et nos actions, nous r\u00e9pandons l\u2019\u00c9vangile de la s\u00e9r\u00e9nit\u00e9 et de la r\u00e9conciliation, apportant l\u2019esp\u00e9rance et la r\u00e9paration \u00e0 un environnement bris\u00e9.<\/p>\n<p>Au sein de la spiritualit\u00e9 chr\u00e9tienne, l\u2019 lever du jour rev\u00eat une signification sp\u00e9ciale, symbolisant le renouvellement et la reconstruction spirituelle. C\u2019est \u00e0 l\u2019aube de chaque jour que l\u2019esprit se oriente vers l\u2019\u00c9ternel dans la pri\u00e8re, recherchant \u00e0 devenir \u00e9clair\u00e9e par la lumi\u00e8re divine. La pratique des pri\u00e8res matinales se r\u00e9v\u00e8le profond\u00e9ment enracin\u00e9e dans la tradition chr\u00e9tienne, proposant un instant privil\u00e9gi\u00e9 pour \u00e9tablir une connexion avec l\u2019\u00c9ternel et se disposer int\u00e9rieurement aux d\u00e9fis de la journ\u00e9e qui s\u2019annonce.<\/p>\n<p>Au l\u2019int\u00e9rieur au sein de ces pri\u00e8res matinales se trouve r\u00e9guli\u00e8rement une d\u00e9votion distincte pour Marie, la mam de J\u00e9sus et ic\u00f4ne sainte respect\u00e9e par un grand nombre fid\u00e8les. En qualit\u00e9 m\u00e8re m\u00e9diatrice parmi les hommes et Dieu, Marie est pri\u00e9e afin de m\u00e9dier en notre faveur, nous-m\u00eames orientant dans le chemin de la saintet\u00e9 et de la gr\u00e2ce divine. Son apparition parentale donne consolation et abri, enveloppant nos oraisons matinales d\u2019une douceur c\u00e9leste.<\/p>\n<p>\u00c0 travers les oraisons du matin, on se trouve convives \u00e0 nous rallier \u00e0 Marie dans une d\u00e9marche de sanctification individuelle. Dans m\u00e9ditant au sujet de sa vie et les vertus, nous recherchons pour imiter sa humilit\u00e9, sa puret\u00e9 et son ob\u00e9issance \u00e0 l\u2019 volont\u00e9 de Dieu. Par le biais de sa saintet\u00e9 mod\u00e8le, Marie est pour nous un mod\u00e8le de vie chr\u00e9tienne, nous souvenant l\u2019importance de la pri\u00e8re et de la contemplation dans nos cheminement spirituel.<\/p>\n<p>La r\u00e9citation du matin se trouve \u00eatre un temps avantag\u00e9 afin de se consacrer \u00e0 Dieu avec l\u2019intercession de Marie, en pr\u00e9sentant nos adorations, nos actions de gr\u00e2ce et nos intentions les plus intimes. Dans la qui\u00e9tude du l\u2019aurore, on est invit\u00e9s \u00e0 tourner \u00e0 cette m\u00e8re sainte, qui on guide par affection sur du chemin de la croyance ainsi que l\u2019amour divin. En unissant nos voix \u00e0 celle-ci du Marie, nous haussant nos pri\u00e8res matinales envers le tr\u00f4ne de du don divin, s\u00fbrs que notre supplications seront entendues et accueillies par le c\u0153ur mis\u00e9ricordieux de Dieu.<\/p>\n<p>Ouvrages sur un th\u00e8me \u00e9quivalent:<\/p>\n<p>Po\u00e9sies d\u2019Humilis et vers in\u00e9dits\/Couples pr\u00e9destin\u00e9s.,<a target=\"_blank\" rel=\"nofollow\" href=\"https:\/\/editionsbussiere.com\/blog\/goto\/https:\/\/fr.wikisource.org\/wiki\/Po%C3%A9sies_d%E2%80%99Humilis_et_vers_in%C3%A9dits\/Couples_pr%C3%A9destin%C3%A9s\"  target=\"_blank\" rel=\"noopener noreferrer nofollow\">Le texte de l\u2019article.<\/a><span><\/span>. Suite sur le prochain article.<\/p>\n<p>Lourdes\/Troisi\u00e8me journ\u00e9e\/Chapitre IV.,<a target=\"_blank\" rel=\"nofollow\" href=\"https:\/\/editionsbussiere.com\/blog\/goto\/https:\/\/fr.wikisource.org\/wiki\/Lourdes\/Troisi%C3%A8me_journ%C3%A9e\/Chapitre_IV\"  target=\"_blank\" rel=\"noopener noreferrer nofollow\">L\u2019article ICI.<\/a><span><\/span><\/p>\n<p>Les anciens couvents de Lyon\/35.3. Sainte-Marie-des-Cha\u00eenes.,<a target=\"_blank\" rel=\"nofollow\" href=\"https:\/\/editionsbussiere.com\/blog\/goto\/https:\/\/fr.wikisource.org\/wiki\/Les_anciens_couvents_de_Lyon\/35.3._Sainte-Marie-des-Cha%C3%AEnes\"  target=\"_blank\" rel=\"noopener noreferrer nofollow\">Le texte de l\u2019article.<\/a><span><\/span><\/p>\n<p>Le Satanisme et la magie\/Pr\u00e9face.,<a target=\"_blank\" rel=\"nofollow\" href=\"https:\/\/editionsbussiere.com\/blog\/goto\/https:\/\/fr.wikisource.org\/wiki\/Le_Satanisme_et_la_magie\/Pr%C3%A9face\"  target=\"_blank\" rel=\"noopener noreferrer nofollow\">Ici.<\/a><span><\/span><\/p>\n<p>L\u00e9gendes chr\u00e9tiennes\/Cantique spirituel de saint Corentin.,<a target=\"_blank\" rel=\"nofollow\" href=\"https:\/\/editionsbussiere.com\/blog\/goto\/https:\/\/fr.wikisource.org\/wiki\/L%C3%A9gendes_chr%C3%A9tiennes\/Cantique_spirituel_de_saint_Corentin\"  target=\"_blank\" rel=\"noopener noreferrer nofollow\">Article complet.<\/a><span><\/span><\/p>\n<p>Biographie nationale de Belgique\/Tome 2\/BENEDEN, Laurent VAN.,<a target=\"_blank\" rel=\"nofollow\" href=\"https:\/\/editionsbussiere.com\/blog\/goto\/https:\/\/fr.wikisource.org\/wiki\/Biographie_nationale_de_Belgique\/Tome_2\/BENEDEN,_Laurent_VAN\"  target=\"_blank\" rel=\"noopener noreferrer nofollow\">Le texte de l\u2019article.<\/a><span><\/span><\/p>\n<\/div>\n<p><img decoding=\"async\" class=\"wpe_imgrss\" src=\"https:\/\/editionsbussiere.com\/blog\/wp-content\/uploads\/2024\/07\/Existe-t-il-des-textes-de-la-Bible-qui-resument-lEvangile.png\">Cet article a \u00e9t\u00e9 reconstitu\u00e9 du mieux possible. Dans l\u2019hypoth\u00e8se o\u00f9 vous souhaitez apporter quelques modifications concernant le th\u00e8me \u00ab\u00a0Editions \u00e9sot\u00e9rique fond\u00e9e en 1927\u00a0\u00bb, il est possible de discuter avec notre r\u00e9daction. Vous pouvez tirer profit de cet article traitant le sujet \u00ab\u00a0Editions \u00e9sot\u00e9rique fond\u00e9e en 1927\u00a0\u00bb. Il est concoct\u00e9 par l\u2019\u00e9quipe editionsbussiere.com. Le site editionsbussiere.com est fait pour cr\u00e9er divers posts autour du th\u00e8me Editions \u00e9sot\u00e9rique fond\u00e9e en 1927 d\u00e9velopp\u00e9es sur internet. Consultez notre site internet editionsbussiere.com et nos r\u00e9seaux sociaux pour \u00eatre au courant des futures annonces.<\/p>\n","protected":false},"excerpt":{"rendered":"<p>Tout d\u2019abord, par \u00ab Juif \u00bb, j\u2019entends ici la nationalit\u00e9 et non la religion. La question de savoir si J\u00e9sus \u00e9tait juif revient donc \u00e0 savoir si J\u00e9sus \u00e9tait isra\u00e9lien, c\u2019est-\u00e0-dire un descendant de Jacob\/Isra\u00ebl. L\u2019accent n\u2019est pas mis ici sur le fait de savoir si J\u00e9sus \u00e9tait juif d\u2019un point de vue religieux, c\u2019est-\u00e0-dire [&hellip;]<\/p>\n","protected":false},"author":3,"featured_media":970,"comment_status":"closed","ping_status":"closed","sticky":false,"template":"","format":"standard","meta":{"footnotes":""},"categories":[3],"tags":[],"class_list":["post-969","post","type-post","status-publish","format-standard","has-post-thumbnail","hentry","category-editions-esoterique-fondee-en-1927-depeches","entry","fw-tab-6 fw-tabr-4","has-featured-image"],"yoast_head":"<!-- This site is optimized with the Yoast SEO plugin v27.5 - https:\/\/yoast.com\/product\/yoast-seo-wordpress\/ -->\n<title>Vierge Marie \u2013 J\u00e9sus \u00e9tait-il vraiment juif ? et requ\u00eate du matin. - EDITIONSBUSSIERE<\/title>\n<meta name=\"robots\" content=\"index, follow, max-snippet:-1, max-image-preview:large, max-video-preview:-1\" \/>\n<link rel=\"canonical\" href=\"https:\/\/editionsbussiere.com\/blog\/vierge-marie-jesus-etait-il-vraiment-juif-et-requete-du-matin\/\" \/>\n<meta property=\"og:locale\" content=\"fr_FR\" \/>\n<meta property=\"og:type\" content=\"article\" \/>\n<meta property=\"og:title\" content=\"Vierge Marie \u2013 J\u00e9sus \u00e9tait-il vraiment juif ? et requ\u00eate du matin. - EDITIONSBUSSIERE\" \/>\n<meta property=\"og:description\" content=\"Tout d\u2019abord, par \u00ab Juif \u00bb, j\u2019entends ici la nationalit\u00e9 et non la religion. La question de savoir si J\u00e9sus \u00e9tait juif revient donc \u00e0 savoir si J\u00e9sus \u00e9tait isra\u00e9lien, c\u2019est-\u00e0-dire un descendant de Jacob\/Isra\u00ebl. L\u2019accent n\u2019est pas mis ici sur le fait de savoir si J\u00e9sus \u00e9tait juif d\u2019un point de vue religieux, c\u2019est-\u00e0-dire [&hellip;]\" \/>\n<meta property=\"og:url\" content=\"https:\/\/editionsbussiere.com\/blog\/vierge-marie-jesus-etait-il-vraiment-juif-et-requete-du-matin\/\" \/>\n<meta property=\"og:site_name\" content=\"EDITIONSBUSSIERE\" \/>\n<meta property=\"article:published_time\" content=\"2024-07-16T16:51:39+00:00\" \/>\n<meta property=\"og:image\" content=\"https:\/\/editionsbussiere.com\/blog\/wp-content\/uploads\/2024\/07\/Existe-t-il-des-textes-de-la-Bible-qui-resument-lEvangile.png\" \/>\n<meta name=\"author\" content=\"Marie BATICLE\" \/>\n<meta name=\"twitter:card\" content=\"summary_large_image\" \/>\n<meta name=\"twitter:label1\" content=\"\u00c9crit par\" \/>\n\t<meta name=\"twitter:data1\" content=\"Marie BATICLE\" \/>\n\t<meta name=\"twitter:label2\" content=\"Dur\u00e9e de lecture estim\u00e9e\" \/>\n\t<meta name=\"twitter:data2\" content=\"14 minutes\" \/>\n<script type=\"application\/ld+json\" class=\"yoast-schema-graph\">{\"@context\":\"https:\\\/\\\/schema.org\",\"@graph\":[{\"@type\":\"Article\",\"@id\":\"https:\\\/\\\/editionsbussiere.com\\\/blog\\\/vierge-marie-jesus-etait-il-vraiment-juif-et-requete-du-matin\\\/#article\",\"isPartOf\":{\"@id\":\"https:\\\/\\\/editionsbussiere.com\\\/blog\\\/vierge-marie-jesus-etait-il-vraiment-juif-et-requete-du-matin\\\/\"},\"author\":{\"name\":\"Marie BATICLE\",\"@id\":\"https:\\\/\\\/editionsbussiere.com\\\/blog\\\/#\\\/schema\\\/person\\\/ec90e102792148c97e46ab871010dd8f\"},\"headline\":\"Vierge Marie \u2013 J\u00e9sus \u00e9tait-il vraiment juif ? et requ\u00eate du matin.\",\"datePublished\":\"2024-07-16T16:51:39+00:00\",\"mainEntityOfPage\":{\"@id\":\"https:\\\/\\\/editionsbussiere.com\\\/blog\\\/vierge-marie-jesus-etait-il-vraiment-juif-et-requete-du-matin\\\/\"},\"wordCount\":2839,\"publisher\":{\"@id\":\"https:\\\/\\\/editionsbussiere.com\\\/blog\\\/#organization\"},\"image\":{\"@id\":\"https:\\\/\\\/editionsbussiere.com\\\/blog\\\/vierge-marie-jesus-etait-il-vraiment-juif-et-requete-du-matin\\\/#primaryimage\"},\"thumbnailUrl\":\"https:\\\/\\\/editionsbussiere.com\\\/blog\\\/wp-content\\\/uploads\\\/2024\\\/07\\\/Existe-t-il-des-textes-de-la-Bible-qui-resument-lEvangile.png\",\"articleSection\":[\"Editions \u00c9sot\u00e9rique Fond\u00e9e En 1927; D\u00e9p\u00e8ches:\"],\"inLanguage\":\"fr-FR\"},{\"@type\":\"WebPage\",\"@id\":\"https:\\\/\\\/editionsbussiere.com\\\/blog\\\/vierge-marie-jesus-etait-il-vraiment-juif-et-requete-du-matin\\\/\",\"url\":\"https:\\\/\\\/editionsbussiere.com\\\/blog\\\/vierge-marie-jesus-etait-il-vraiment-juif-et-requete-du-matin\\\/\",\"name\":\"Vierge Marie \u2013 J\u00e9sus \u00e9tait-il vraiment juif ? et requ\u00eate du matin. - EDITIONSBUSSIERE\",\"isPartOf\":{\"@id\":\"https:\\\/\\\/editionsbussiere.com\\\/blog\\\/#website\"},\"primaryImageOfPage\":{\"@id\":\"https:\\\/\\\/editionsbussiere.com\\\/blog\\\/vierge-marie-jesus-etait-il-vraiment-juif-et-requete-du-matin\\\/#primaryimage\"},\"image\":{\"@id\":\"https:\\\/\\\/editionsbussiere.com\\\/blog\\\/vierge-marie-jesus-etait-il-vraiment-juif-et-requete-du-matin\\\/#primaryimage\"},\"thumbnailUrl\":\"https:\\\/\\\/editionsbussiere.com\\\/blog\\\/wp-content\\\/uploads\\\/2024\\\/07\\\/Existe-t-il-des-textes-de-la-Bible-qui-resument-lEvangile.png\",\"datePublished\":\"2024-07-16T16:51:39+00:00\",\"breadcrumb\":{\"@id\":\"https:\\\/\\\/editionsbussiere.com\\\/blog\\\/vierge-marie-jesus-etait-il-vraiment-juif-et-requete-du-matin\\\/#breadcrumb\"},\"inLanguage\":\"fr-FR\",\"potentialAction\":[{\"@type\":\"ReadAction\",\"target\":[\"https:\\\/\\\/editionsbussiere.com\\\/blog\\\/vierge-marie-jesus-etait-il-vraiment-juif-et-requete-du-matin\\\/\"]}]},{\"@type\":\"ImageObject\",\"inLanguage\":\"fr-FR\",\"@id\":\"https:\\\/\\\/editionsbussiere.com\\\/blog\\\/vierge-marie-jesus-etait-il-vraiment-juif-et-requete-du-matin\\\/#primaryimage\",\"url\":\"https:\\\/\\\/editionsbussiere.com\\\/blog\\\/wp-content\\\/uploads\\\/2024\\\/07\\\/Existe-t-il-des-textes-de-la-Bible-qui-resument-lEvangile.png\",\"contentUrl\":\"https:\\\/\\\/editionsbussiere.com\\\/blog\\\/wp-content\\\/uploads\\\/2024\\\/07\\\/Existe-t-il-des-textes-de-la-Bible-qui-resument-lEvangile.png\",\"width\":316,\"height\":316,\"caption\":\"Existe t il des textes de la Bible qui resument lEvangile\"},{\"@type\":\"BreadcrumbList\",\"@id\":\"https:\\\/\\\/editionsbussiere.com\\\/blog\\\/vierge-marie-jesus-etait-il-vraiment-juif-et-requete-du-matin\\\/#breadcrumb\",\"itemListElement\":[{\"@type\":\"ListItem\",\"position\":1,\"name\":\"Accueil\",\"item\":\"https:\\\/\\\/editionsbussiere.com\\\/blog\\\/\"},{\"@type\":\"ListItem\",\"position\":2,\"name\":\"Vierge Marie \u2013 J\u00e9sus \u00e9tait-il vraiment juif ? et requ\u00eate du matin.\"}]},{\"@type\":\"WebSite\",\"@id\":\"https:\\\/\\\/editionsbussiere.com\\\/blog\\\/#website\",\"url\":\"https:\\\/\\\/editionsbussiere.com\\\/blog\\\/\",\"name\":\"EDITIONSBUSSIERE\",\"description\":\"Editions \u00e9sot\u00e9rique fond\u00e9e en 1927; site historique, A SAVOIR ET RETENIR.\",\"publisher\":{\"@id\":\"https:\\\/\\\/editionsbussiere.com\\\/blog\\\/#organization\"},\"potentialAction\":[{\"@type\":\"SearchAction\",\"target\":{\"@type\":\"EntryPoint\",\"urlTemplate\":\"https:\\\/\\\/editionsbussiere.com\\\/blog\\\/?s={search_term_string}\"},\"query-input\":{\"@type\":\"PropertyValueSpecification\",\"valueRequired\":true,\"valueName\":\"search_term_string\"}}],\"inLanguage\":\"fr-FR\"},{\"@type\":\"Organization\",\"@id\":\"https:\\\/\\\/editionsbussiere.com\\\/blog\\\/#organization\",\"name\":\"editionsbussiere\",\"url\":\"https:\\\/\\\/editionsbussiere.com\\\/blog\\\/\",\"logo\":{\"@type\":\"ImageObject\",\"inLanguage\":\"fr-FR\",\"@id\":\"https:\\\/\\\/editionsbussiere.com\\\/blog\\\/#\\\/schema\\\/logo\\\/image\\\/\",\"url\":\"https:\\\/\\\/editionsbussiere.com\\\/blog\\\/wp-content\\\/uploads\\\/2023\\\/09\\\/cropped-buss.gif\",\"contentUrl\":\"https:\\\/\\\/editionsbussiere.com\\\/blog\\\/wp-content\\\/uploads\\\/2023\\\/09\\\/cropped-buss.gif\",\"width\":298,\"height\":120,\"caption\":\"editionsbussiere\"},\"image\":{\"@id\":\"https:\\\/\\\/editionsbussiere.com\\\/blog\\\/#\\\/schema\\\/logo\\\/image\\\/\"}},{\"@type\":\"Person\",\"@id\":\"https:\\\/\\\/editionsbussiere.com\\\/blog\\\/#\\\/schema\\\/person\\\/ec90e102792148c97e46ab871010dd8f\",\"name\":\"Marie BATICLE\",\"image\":{\"@type\":\"ImageObject\",\"inLanguage\":\"fr-FR\",\"@id\":\"https:\\\/\\\/secure.gravatar.com\\\/avatar\\\/c923e52403b1b8137e2d929127211d21967e6aecaa053bd43b09da29f212e76e?s=96&d=mm&r=g\",\"url\":\"https:\\\/\\\/secure.gravatar.com\\\/avatar\\\/c923e52403b1b8137e2d929127211d21967e6aecaa053bd43b09da29f212e76e?s=96&d=mm&r=g\",\"contentUrl\":\"https:\\\/\\\/secure.gravatar.com\\\/avatar\\\/c923e52403b1b8137e2d929127211d21967e6aecaa053bd43b09da29f212e76e?s=96&d=mm&r=g\",\"caption\":\"Marie BATICLE\"},\"url\":\"https:\\\/\\\/editionsbussiere.com\\\/blog\\\/author\\\/eremarie\\\/\"}]}<\/script>\n<!-- \/ Yoast SEO plugin. -->","yoast_head_json":{"title":"Vierge Marie \u2013 J\u00e9sus \u00e9tait-il vraiment juif ? et requ\u00eate du matin. - EDITIONSBUSSIERE","robots":{"index":"index","follow":"follow","max-snippet":"max-snippet:-1","max-image-preview":"max-image-preview:large","max-video-preview":"max-video-preview:-1"},"canonical":"https:\/\/editionsbussiere.com\/blog\/vierge-marie-jesus-etait-il-vraiment-juif-et-requete-du-matin\/","og_locale":"fr_FR","og_type":"article","og_title":"Vierge Marie \u2013 J\u00e9sus \u00e9tait-il vraiment juif ? et requ\u00eate du matin. - EDITIONSBUSSIERE","og_description":"Tout d\u2019abord, par \u00ab Juif \u00bb, j\u2019entends ici la nationalit\u00e9 et non la religion. La question de savoir si J\u00e9sus \u00e9tait juif revient donc \u00e0 savoir si J\u00e9sus \u00e9tait isra\u00e9lien, c\u2019est-\u00e0-dire un descendant de Jacob\/Isra\u00ebl. L\u2019accent n\u2019est pas mis ici sur le fait de savoir si J\u00e9sus \u00e9tait juif d\u2019un point de vue religieux, c\u2019est-\u00e0-dire [&hellip;]","og_url":"https:\/\/editionsbussiere.com\/blog\/vierge-marie-jesus-etait-il-vraiment-juif-et-requete-du-matin\/","og_site_name":"EDITIONSBUSSIERE","article_published_time":"2024-07-16T16:51:39+00:00","og_image":[{"url":"https:\/\/editionsbussiere.com\/blog\/wp-content\/uploads\/2024\/07\/Existe-t-il-des-textes-de-la-Bible-qui-resument-lEvangile.png","type":"","width":"","height":""}],"author":"Marie BATICLE","twitter_card":"summary_large_image","twitter_misc":{"\u00c9crit par":"Marie BATICLE","Dur\u00e9e de lecture estim\u00e9e":"14 minutes"},"schema":{"@context":"https:\/\/schema.org","@graph":[{"@type":"Article","@id":"https:\/\/editionsbussiere.com\/blog\/vierge-marie-jesus-etait-il-vraiment-juif-et-requete-du-matin\/#article","isPartOf":{"@id":"https:\/\/editionsbussiere.com\/blog\/vierge-marie-jesus-etait-il-vraiment-juif-et-requete-du-matin\/"},"author":{"name":"Marie BATICLE","@id":"https:\/\/editionsbussiere.com\/blog\/#\/schema\/person\/ec90e102792148c97e46ab871010dd8f"},"headline":"Vierge Marie \u2013 J\u00e9sus \u00e9tait-il vraiment juif ? et requ\u00eate du matin.","datePublished":"2024-07-16T16:51:39+00:00","mainEntityOfPage":{"@id":"https:\/\/editionsbussiere.com\/blog\/vierge-marie-jesus-etait-il-vraiment-juif-et-requete-du-matin\/"},"wordCount":2839,"publisher":{"@id":"https:\/\/editionsbussiere.com\/blog\/#organization"},"image":{"@id":"https:\/\/editionsbussiere.com\/blog\/vierge-marie-jesus-etait-il-vraiment-juif-et-requete-du-matin\/#primaryimage"},"thumbnailUrl":"https:\/\/editionsbussiere.com\/blog\/wp-content\/uploads\/2024\/07\/Existe-t-il-des-textes-de-la-Bible-qui-resument-lEvangile.png","articleSection":["Editions \u00c9sot\u00e9rique Fond\u00e9e En 1927; D\u00e9p\u00e8ches:"],"inLanguage":"fr-FR"},{"@type":"WebPage","@id":"https:\/\/editionsbussiere.com\/blog\/vierge-marie-jesus-etait-il-vraiment-juif-et-requete-du-matin\/","url":"https:\/\/editionsbussiere.com\/blog\/vierge-marie-jesus-etait-il-vraiment-juif-et-requete-du-matin\/","name":"Vierge Marie \u2013 J\u00e9sus \u00e9tait-il vraiment juif ? et requ\u00eate du matin. - EDITIONSBUSSIERE","isPartOf":{"@id":"https:\/\/editionsbussiere.com\/blog\/#website"},"primaryImageOfPage":{"@id":"https:\/\/editionsbussiere.com\/blog\/vierge-marie-jesus-etait-il-vraiment-juif-et-requete-du-matin\/#primaryimage"},"image":{"@id":"https:\/\/editionsbussiere.com\/blog\/vierge-marie-jesus-etait-il-vraiment-juif-et-requete-du-matin\/#primaryimage"},"thumbnailUrl":"https:\/\/editionsbussiere.com\/blog\/wp-content\/uploads\/2024\/07\/Existe-t-il-des-textes-de-la-Bible-qui-resument-lEvangile.png","datePublished":"2024-07-16T16:51:39+00:00","breadcrumb":{"@id":"https:\/\/editionsbussiere.com\/blog\/vierge-marie-jesus-etait-il-vraiment-juif-et-requete-du-matin\/#breadcrumb"},"inLanguage":"fr-FR","potentialAction":[{"@type":"ReadAction","target":["https:\/\/editionsbussiere.com\/blog\/vierge-marie-jesus-etait-il-vraiment-juif-et-requete-du-matin\/"]}]},{"@type":"ImageObject","inLanguage":"fr-FR","@id":"https:\/\/editionsbussiere.com\/blog\/vierge-marie-jesus-etait-il-vraiment-juif-et-requete-du-matin\/#primaryimage","url":"https:\/\/editionsbussiere.com\/blog\/wp-content\/uploads\/2024\/07\/Existe-t-il-des-textes-de-la-Bible-qui-resument-lEvangile.png","contentUrl":"https:\/\/editionsbussiere.com\/blog\/wp-content\/uploads\/2024\/07\/Existe-t-il-des-textes-de-la-Bible-qui-resument-lEvangile.png","width":316,"height":316,"caption":"Existe t il des textes de la Bible qui resument lEvangile"},{"@type":"BreadcrumbList","@id":"https:\/\/editionsbussiere.com\/blog\/vierge-marie-jesus-etait-il-vraiment-juif-et-requete-du-matin\/#breadcrumb","itemListElement":[{"@type":"ListItem","position":1,"name":"Accueil","item":"https:\/\/editionsbussiere.com\/blog\/"},{"@type":"ListItem","position":2,"name":"Vierge Marie \u2013 J\u00e9sus \u00e9tait-il vraiment juif ? et requ\u00eate du matin."}]},{"@type":"WebSite","@id":"https:\/\/editionsbussiere.com\/blog\/#website","url":"https:\/\/editionsbussiere.com\/blog\/","name":"EDITIONSBUSSIERE","description":"Editions \u00e9sot\u00e9rique fond\u00e9e en 1927; site historique, A SAVOIR ET RETENIR.","publisher":{"@id":"https:\/\/editionsbussiere.com\/blog\/#organization"},"potentialAction":[{"@type":"SearchAction","target":{"@type":"EntryPoint","urlTemplate":"https:\/\/editionsbussiere.com\/blog\/?s={search_term_string}"},"query-input":{"@type":"PropertyValueSpecification","valueRequired":true,"valueName":"search_term_string"}}],"inLanguage":"fr-FR"},{"@type":"Organization","@id":"https:\/\/editionsbussiere.com\/blog\/#organization","name":"editionsbussiere","url":"https:\/\/editionsbussiere.com\/blog\/","logo":{"@type":"ImageObject","inLanguage":"fr-FR","@id":"https:\/\/editionsbussiere.com\/blog\/#\/schema\/logo\/image\/","url":"https:\/\/editionsbussiere.com\/blog\/wp-content\/uploads\/2023\/09\/cropped-buss.gif","contentUrl":"https:\/\/editionsbussiere.com\/blog\/wp-content\/uploads\/2023\/09\/cropped-buss.gif","width":298,"height":120,"caption":"editionsbussiere"},"image":{"@id":"https:\/\/editionsbussiere.com\/blog\/#\/schema\/logo\/image\/"}},{"@type":"Person","@id":"https:\/\/editionsbussiere.com\/blog\/#\/schema\/person\/ec90e102792148c97e46ab871010dd8f","name":"Marie BATICLE","image":{"@type":"ImageObject","inLanguage":"fr-FR","@id":"https:\/\/secure.gravatar.com\/avatar\/c923e52403b1b8137e2d929127211d21967e6aecaa053bd43b09da29f212e76e?s=96&d=mm&r=g","url":"https:\/\/secure.gravatar.com\/avatar\/c923e52403b1b8137e2d929127211d21967e6aecaa053bd43b09da29f212e76e?s=96&d=mm&r=g","contentUrl":"https:\/\/secure.gravatar.com\/avatar\/c923e52403b1b8137e2d929127211d21967e6aecaa053bd43b09da29f212e76e?s=96&d=mm&r=g","caption":"Marie BATICLE"},"url":"https:\/\/editionsbussiere.com\/blog\/author\/eremarie\/"}]}},"_links":{"self":[{"href":"https:\/\/editionsbussiere.com\/blog\/wp-json\/wp\/v2\/posts\/969","targetHints":{"allow":["GET"]}}],"collection":[{"href":"https:\/\/editionsbussiere.com\/blog\/wp-json\/wp\/v2\/posts"}],"about":[{"href":"https:\/\/editionsbussiere.com\/blog\/wp-json\/wp\/v2\/types\/post"}],"author":[{"embeddable":true,"href":"https:\/\/editionsbussiere.com\/blog\/wp-json\/wp\/v2\/users\/3"}],"replies":[{"embeddable":true,"href":"https:\/\/editionsbussiere.com\/blog\/wp-json\/wp\/v2\/comments?post=969"}],"version-history":[{"count":0,"href":"https:\/\/editionsbussiere.com\/blog\/wp-json\/wp\/v2\/posts\/969\/revisions"}],"wp:featuredmedia":[{"embeddable":true,"href":"https:\/\/editionsbussiere.com\/blog\/wp-json\/wp\/v2\/media\/970"}],"wp:attachment":[{"href":"https:\/\/editionsbussiere.com\/blog\/wp-json\/wp\/v2\/media?parent=969"}],"wp:term":[{"taxonomy":"category","embeddable":true,"href":"https:\/\/editionsbussiere.com\/blog\/wp-json\/wp\/v2\/categories?post=969"},{"taxonomy":"post_tag","embeddable":true,"href":"https:\/\/editionsbussiere.com\/blog\/wp-json\/wp\/v2\/tags?post=969"}],"curies":[{"name":"wp","href":"https:\/\/api.w.org\/{rel}","templated":true}]}}