{"id":947,"date":"2024-07-11T21:28:03","date_gmt":"2024-07-11T19:28:03","guid":{"rendered":"https:\/\/editionsbussiere.com\/blog\/une-determination-inebranlable-et-une-foi-profonde-ont-caracterise-la-vie-de-john-omahony-hommage-funeraire-pour-croire-en-la-sainte-vierge-marie\/"},"modified":"2024-07-11T21:28:03","modified_gmt":"2024-07-11T19:28:03","slug":"une-determination-inebranlable-et-une-foi-profonde-ont-caracterise-la-vie-de-john-omahony-hommage-funeraire-pour-croire-en-la-sainte-vierge-marie","status":"publish","type":"post","link":"https:\/\/editionsbussiere.com\/blog\/une-determination-inebranlable-et-une-foi-profonde-ont-caracterise-la-vie-de-john-omahony-hommage-funeraire-pour-croire-en-la-sainte-vierge-marie\/","title":{"rendered":"Une d\u00e9termination in\u00e9branlable et une foi profonde ont caract\u00e9ris\u00e9 la vie de John O\u2019Mahony \u2013 hommage fun\u00e9raire\n pour croire en la Sainte Vierge Marie."},"content":{"rendered":"<div><img width=\"580\" height=\"326\" src=\"https:\/\/editionsbussiere.com\/blog\/wp-content\/uploads\/2024\/07\/Une-determination-inebranlable-et-une-foi-profonde-ont-caracterise-la.05009-1024x576-1.jpeg\" class=\"attachment-large size-large wp-post-image\" alt=\"Une d\u00e9termination in\u00e9branlable et une foi profonde ont caract\u00e9ris\u00e9 la\" style=\"float:left; margin:0 15px 15px 0;\" decoding=\"async\" srcset=\"https:\/\/editionsbussiere.com\/blog\/wp-content\/uploads\/2024\/07\/Une-determination-inebranlable-et-une-foi-profonde-ont-caracterise-la.05009-1024x576-1.jpeg 1024w, https:\/\/www.n42.fr\/wp-content\/uploads\/2024\/07\/Une-determination-inebranlable-et-une-foi-profonde-ont-caracterise-la.05009-300x169.jpeg 300w, https:\/\/www.n42.fr\/wp-content\/uploads\/2024\/07\/Une-determination-inebranlable-et-une-foi-profonde-ont-caracterise-la.05009-768x432.jpeg 768w, https:\/\/www.n42.fr\/wp-content\/uploads\/2024\/07\/Une-determination-inebranlable-et-une-foi-profonde-ont-caracterise-la.05009.jpeg 1200w\" sizes=\"(max-width: 580px) 100vw, 580px\"><\/p>\n<p>\n<\/p>\n<div itemprop=\"articleBody\">\n<figure class=\"ew-image figure figure--image\" data-uuid=\"\" data-width=\"\" data-height=\"\">\n<div class=\"opener\">\n<div class=\"opener-image\"><figcaption class=\"figure-caption\">\n        <span class=\"caption-prefix-placeholder\"><\/span><\/p>\n<p>                  Les membres du club Ballaghaderreen GAA ont form\u00e9 une garde d\u2019honneur alors que le cort\u00e8ge fun\u00e8bre de l\u2019ancien d\u00e9put\u00e9 de Mayo, John O\u2019Mahony, se dirigeait de la cath\u00e9drale de l\u2019Annonciation de la Sainte Vierge Marie et de Saint Nathy, Ballaghaderreen, vers le cimeti\u00e8re Kilcolman. PHOTO : CONOR MCKEOWN\n                      <\/p>\n<\/figcaption><\/div>\n<\/div>\n<\/figure>\n<p>                                                                            <!-- element: headline --><\/p>\n<div class=\"d-xl-none article__metabox--top\">\n<div class=\"authorbox__wrapper authorbox__wrapper--top\">\n<div class=\"authorbox__datetime authorbox__datetime--top\">\n<p>\n    <span class=\"authorbox__datetime--published\">Publi\u00e9:<\/span><br \/>\n    <time class=\"authorbox__datetime--value\" itemprop=\"datePublished\" datetime=\"2024-07-11T16:08:40+01:00\">jeudi 11 juillet 2024, 16h08<\/time>\n  <\/p>\n<p>\n        <span class=\"authorbox__datetime--published\">Derni\u00e8re mise \u00e0 jour:<\/span><br \/>\n        <time class=\"authorbox__datetime--value\" itemprop=\"dateModified\" datetime=\"2024-07-11T16:20:38+01:00\">jeudi 11 juillet 2024, 16h20<\/time>\n      <\/p>\n<\/div>\n<\/div>\n<\/div>\n<p>                                                <!-- element: body --><\/p>\n<p class=\"ew-body\">La t\u00e9nacit\u00e9 et la d\u00e9termination de John O\u2019Mahony ont \u00e9t\u00e9 rappel\u00e9es lors de sa messe fun\u00e9raire cet apr\u00e8s-midi dans la cath\u00e9drale de l\u2019Annonciation de la Bienheureuse Vierge Marie et de Saint Nathy, Ballaghaderreen.<\/p>\n<p>                                                                                <!-- element: body --><\/p>\n<p class=\"ew-body\">Le p\u00e8re Stephen, l\u2019un des deux fr\u00e8res de John, a d\u00e9clar\u00e9 que son succ\u00e8s dans le football et en politique n\u2019\u00e9tait pas d\u00fb au hasard, mais \u00e0 un esprit de comp\u00e9tition f\u00e9roce dont il faisait preuve depuis son enfance.<\/p>\n<p>                                                                                <!-- element: body --><\/p>\n<p class=\"ew-body\">En plus d\u2019avoir remport\u00e9 de nombreuses distinctions en tant que joueur de la GAA et manager inter-comt\u00e9, John, originaire de Magheraboy, Kilmovee, a servi avec distinction en tant que repr\u00e9sentant public au plus haut niveau.<\/p>\n<figure class=\"ew-image figure figure--image\" data-uuid=\"696fce58-2823-5c4a-9453-5ad5e3202ac1\" data-width=\"3703\" data-height=\"2624\">\n<div class=\"opener\">\n<div class=\"opener-image\"><figcaption class=\"figure-caption\">\n        <span class=\"caption-prefix-placeholder\"><\/span><\/p>\n<p>                  Le Taoiseach Simon Harris, le capitaine Paul O\u2019Donnell, aide de camp du pr\u00e9sident Michael D. Higgins, le pr\u00e9sident actuel de la GAA Jarlath Burns et l\u2019ancien pr\u00e9sident Larry McCarthy, la ministre de la Justice Helen McEntee et John Prenty, secr\u00e9taire de la GAA du Connacht, assistent \u00e0 la messe fun\u00e9raire de John O\u2019Mahony. PHOTO : CONOR MCKEOWN\n                      <\/p>\n<\/figcaption><\/div>\n<\/div>\n<\/figure>\n<p>                                                                                <!-- element: body --><\/p>\n<p class=\"ew-body\">Il a \u00e9t\u00e9 d\u00e9put\u00e9 pour la circonscription de Mayo de 2007 \u00e0 2016 et a ensuite \u00e9t\u00e9 s\u00e9nateur de 2016 \u00e0 2020.<\/p>\n<p>                                                                                <!-- element: body --><\/p>\n<p class=\"ew-body\">Le p\u00e8re Stephen, l\u2019un des conc\u00e9l\u00e9brants de la messe de Requiem, a d\u00e9clar\u00e9 que John \u00ab croyait que la diff\u00e9rence entre le succ\u00e8s et l\u2019\u00e9chec se r\u00e9sumait \u00e0 quelques centim\u00e8tres \u00bb et \u00ab qu\u2019il ferait tout ce qu\u2019il fallait pour gagner \u00bb.<\/p>\n<p>                                                                                <!-- element: body --><\/p>\n<p class=\"ew-body\">Il a poursuivi en disant que le succ\u00e8s n\u2019avait en rien chang\u00e9 son fr\u00e8re \u2013 malgr\u00e9 son visage public.<\/p>\n<p>                                                                                <!-- element: body --><\/p>\n<p class=\"ew-body\">\u00ab Il aimait les d\u00e9fis, il aimait concr\u00e9tiser son potentiel \u00bb, a poursuivi le p\u00e8re Stephen.<\/p>\n<p>                                                                                <!-- element: body --><\/p>\n<p class=\"ew-body\">Il y a quatre ans, recevoir un diagnostic de maladie grave n\u2019\u00e9tait qu\u2019un autre d\u00e9fi, un d\u00e9fi \u00e0 relever.<\/p>\n<p>                                                                                <!-- element: body --><\/p>\n<p class=\"ew-body\">Depuis le diagnostic, John, hormis les soins m\u00e9dicaux n\u00e9cessaires, menait pratiquement une vie normale.<\/p>\n<p>                                                                                <!-- element: body --><\/p>\n<p class=\"ew-body\">Tous les \u00e9checs ou difficult\u00e9s de la vie \u00e9taient une chance de se relever, de se d\u00e9poussi\u00e9rer, d\u2019essayer \u00e0 nouveau de faire mieux.<\/p>\n<p>                                                                                <!-- element: body --><\/p>\n<p class=\"ew-body\">Le c\u00e9l\u00e9brant principal de la messe fun\u00e9raire \u00e9tait le fr\u00e8re a\u00een\u00e9 de John, le p\u00e8re Dan.<\/p>\n<p>                                                                                <!-- element: body --><\/p>\n<p class=\"ew-body\">Parmi les conc\u00e9l\u00e9brants figuraient le p\u00e8re Stephen, le beau-fr\u00e8re de John, le p\u00e8re Tommy Towey, et l\u2019un des amis proches de John, le p\u00e8re Pat Donnellan.<\/p>\n<figure class=\"ew-image figure figure--image\" data-uuid=\"31ff9561-fda2-5b06-b926-7ac074ae9a3b\" data-width=\"4495\" data-height=\"2669\">\n<div class=\"opener\">\n<div class=\"opener-image\"><figcaption class=\"figure-caption\">\n        <span class=\"caption-prefix-placeholder\"><\/span><\/p>\n<p>                  Le cort\u00e8ge fun\u00e8bre de John O\u2019Mahony se rend de la cath\u00e9drale de l\u2019Annonciation de la Sainte Vierge Marie et de Saint-Nathie, \u00e0 Ballaghaderreen, au cimeti\u00e8re de Kilcolman. PHOTO : CONOR MCKEOWN\n                      <\/p>\n<\/figcaption><\/div>\n<\/div>\n<\/figure>\n<p>                                                                                <!-- element: body --><\/p>\n<p class=\"ew-body\">Le p\u00e8re Dan a d\u00e9clar\u00e9 que le c\u0153ur de la famille \u00e9tait lourd depuis la mort de John samedi dernier alors qu\u2019ils faisaient face \u00e0 la r\u00e9alit\u00e9 qu\u2019il n\u2019\u00e9tait plus avec eux physiquement mais qu\u2019il \u00e9tait l\u00e0 en esprit.<\/p>\n<p>                                                                                <!-- element: body --><\/p>\n<p class=\"ew-body\">\u00ab Il a v\u00e9cu une vie bien remplie jusqu\u2019\u00e0 la fin \u00bb, se souvient le p\u00e8re Dan.<\/p>\n<p>                                                                                <!-- element: body --><\/p>\n<p class=\"ew-body\">Le Taoiseach Simon Harris a assist\u00e9 aux fun\u00e9railles d\u2019aujourd\u2019hui ainsi que le pr\u00e9sident de la GAA Jarlath Burns.<\/p>\n<p>                                                                                <!-- element: body --><\/p>\n<p class=\"ew-body\">Le pr\u00e9sident Michael D. Higgins \u00e9tait repr\u00e9sent\u00e9 par son aide de camp, le capitaine Paul O\u2019Donnell.<\/p>\n<p>                                                                                <!-- element: body --><\/p>\n<p class=\"ew-body\">Les principales personnes en deuil \u00e9taient la veuve de John, G\u00e9rardine, leurs filles Grainne, Niamh, Rhona, Deirdre et Cliodhna et leurs familles.<\/p>\n<p>                                                                                <!-- element: body --><\/p>\n<p class=\"ew-body\">John et G\u00e9rardine ont onze petits-enfants.<\/p>\n<figure class=\"ew-image figure figure--image\" data-uuid=\"4b6430b5-155f-58e2-b91b-0218c3ee53b1\" data-width=\"2426\" data-height=\"1704\">\n<div class=\"opener\">\n<div class=\"opener-image\"><figcaption class=\"figure-caption\">\n        <span class=\"caption-prefix-placeholder\"><\/span><\/p>\n<p>                  Le P\u00e8re Stephen et le P\u00e8re Dan O\u2019Mahony, fr\u00e8res de John O\u2019Mahony, ont conc\u00e9l\u00e9br\u00e9 sa messe fun\u00e9raire \u00e0 la cath\u00e9drale de l\u2019Annonciation de la Bienheureuse Vierge Marie et de Sainte-Nathy, \u00e0 Ballaghaderreen. PHOTO : CONOR MCKEOWN\n                      <\/p>\n<\/figcaption><\/div>\n<\/div>\n<\/figure>\n<div class=\"article__metabox--bottom\">\n<div class=\"authorbox__wrapper authorbox__wrapper--bottom--desktop\">\n<div class=\"authorbox__datetime authorbox__datetime--bottom--desktop\">\n<p>\n    <span class=\"authorbox__datetime--published\">Publi\u00e9:<\/span><br \/>\n    <time class=\"authorbox__datetime--value\" itemprop=\"datePublished\" datetime=\"2024-07-11T16:08:40+01:00\">jeudi 11 juillet 2024, 16h08<\/time>\n  <\/p>\n<p>\n        <span class=\"authorbox__datetime--published\">Derni\u00e8re mise \u00e0 jour:<\/span><br \/>\n        <time class=\"authorbox__datetime--value\" itemprop=\"dateModified\" datetime=\"2024-07-11T16:20:38+01:00\">jeudi 11 juillet 2024, 16h20<\/time>\n      <\/p>\n<\/div>\n<\/div>\n<\/div>\n<\/div>\n<p><script type=\"text\/javascript\" async defer src=\"https:\/\/connect.facebook.net\/en_US\/sdk.js?ver=1715158158058#xfbml=1&amp;version=v3.2\" id=\"facebook-sdk-js\"><\/script><\/p>\n<h2>\n<\/h2>\n<p>Le R\u00f4le de la D\u00e9votion Mariale<\/p>\n<p>La pri\u00e8re \u00e0 Marie repr\u00e9sente un aspect essentiel de la spiritualit\u00e9 chr\u00e9tienne, solidement enracin\u00e9e dans la doctrine catholiques depuis des temps imm\u00e9moriaux. C\u2019est un roc sur lequel les croyants s\u2019reposent pour obtenir r\u00e9confort, guidance et intercession dans leur relation avec Dieu. \u00c0 travers les \u00e2ges, cette pratique de d\u00e9votion a \u00e9t\u00e9 renforc\u00e9e par les enseignements de la Bible, les traditions de l\u2019\u00c9glise, et le mod\u00e8le des saints et saintes qui ont t\u00e9moign\u00e9 de leur respect \u00e0 Marie en tant que aimante.<\/p>\n<h3>\n<\/h3>\n<p>La pratique du Chapelet<\/p>\n<p>Le rosaire tient une position centrale dans la vie spirituelle de un grand nombre de fid\u00e8les. En r\u00e9citant les diff\u00e9rents myst\u00e8res, les fid\u00e8les se plongent dans les \u00e9v\u00e9nements de la vie de J\u00e9sus et de Marie, renfor\u00e7ant ainsi leur lien spirituel avec le divin. Chaque Ave Maria r\u00e9cit\u00e9, ils expriment leur foi en l\u2019intercession de Marie ainsi que leur aspiration \u00e0 suivre les pas du Christ. Saint Louis-Marie Grignion de Montfort, dans son ouvrage sur la d\u00e9votion authentique \u00e0 la Vierge Marie, invite les fid\u00e8les \u00e0 pratiquer r\u00e9guli\u00e8rement la m\u00e9ditation sur les myst\u00e8res du rosaire afin de renforcer leur relation avec la M\u00e8re de Dieu. Cet antique rituel, h\u00e9rit\u00e9e de g\u00e9n\u00e9ration en g\u00e9n\u00e9ration, demeure un phare spirituel pour ceux qui ont la foi, les guidant dans leur connexion \u00e0 la c\u00e9leste Dame.<\/p>\n<h3>\n<\/h3>\n<p>L\u2019exhortation \u00e0 la pri\u00e8re<\/p>\n<p>Joignons nos c\u0153urs dans la pri\u00e8re, fr\u00e8res et s\u0153urs, dans l\u2019unit\u00e9 de notre confiance, en Marie, la m\u00e8re de J\u00e9sus. Dans notre monde tourment\u00e9 par la guerre et la division, optons \u00e0 la pri\u00e8re pour trouver de trouver la paix et l\u2019harmonie. Vous aussi vous pouvez envoyer des v\u0153ux pour la m\u00e8re de dieu <a target=\"_blank\" rel=\"nofollow\" href=\"https:\/\/editionsbussiere.com\/blog\/goto\/https:\/\/www.avemariasound.org\/\" >en utilisant le formulaire de cette page.<\/a> Que nos supplications montent vers le ciel, comme une offrande agr\u00e9able par Dieu, pour qu\u2019il guide nous guider nos chemins vers la voie de la v\u00e9rit\u00e9 et de la justice. Saint Paul nous exhorte dans ses \u00e9p\u00eetres \u00e0 maintenir une pri\u00e8re incessante, quelle que soit la situation, pour que notre communion \u00e0 Dieu soit solide et passionn\u00e9e. La pri\u00e8re, quand elle est sinc\u00e8rement offerte, a la capacit\u00e9 de changer les c\u0153urs et de modifier le destin de l\u2019histoire.<\/p>\n<h2>\n<\/h2>\n<p>Les le\u00e7ons du Saint-P\u00e8re<\/p>\n<p>Le Souverain Pontife, \u00e0 travers ses \u00e9crits inspir\u00e9s, publi\u00e9s par Bayard, nous souligne l\u2019importance de la pri\u00e8re journali\u00e8re. \u00c0 travers ses hom\u00e9lies et ses audiences g\u00e9n\u00e9rales, il nous incite \u00e0 d\u00e9velopper une connexion personnelle avec le divin, en se fondant sur la m\u00e9ditation de la Parole biblique et la r\u00e9citation du rosaire. Sa mani\u00e8re d\u2019\u00eatre de compassion et d\u2019humilit\u00e9 nous encourage \u00e0 approfondir notre pri\u00e8re et \u00e0 chercher la pr\u00e9sence de Dieu dans tous les aspects de notre quotidien. Le pape Jean-Paul II, dans son encyclique portant sur la foi chr\u00e9tienne, nous souligne que la pri\u00e8re quotidienne est la base de la vie de foi et c\u2019est par elle que nous sommes unis au divin. La pratique de la pri\u00e8re, transmise par les pontifes successifs, est une bou\u00e9e d\u2019espoir dans les temp\u00eates, un roc solide auquel nous pouvons compter.<\/p>\n<h3>\n<\/h3>\n<p>Les \u00e9crits de Leli\u00e8vre et Hubert<\/p>\n<p>Dans le cadre de la spiritualit\u00e9, l\u2019\u00e9glise recommande vivement la pri\u00e8re, et durant la pri\u00e8re, les croyants effectuent le signe de croix tout en r\u00e9citant le Je vous salue Marie. Des th\u00e9ologiens modernes, comme Leli\u00e8vre et Hubert, nous incitent aussi \u00e0 m\u00e9diter sur la puissance de la pri\u00e8re, dans leurs ouvrages inspirants. Leurs publications, riches en enseignements spirituels, nous guident dans notre parcours de la foi et nous encouragent \u00e0 trouver dans les tr\u00e9sors de la tradition chr\u00e9tienne pour nourrir notre vie spirituelle. Par la m\u00e9ditation sur leurs ouvrages, nous explorons de nouvelles mani\u00e8res d\u2019approfondir notre relation avec Dieu et de grandir dans la saintet\u00e9. Saint Jean, dans l\u2019\u00c9vangile, nous rappelle que le fait de prier est un puissant moyen pour rester en communion avec Dieu et de b\u00e9n\u00e9ficier ses b\u00e9n\u00e9dictions. Chaque paragraphe de leurs \u00e9crits r\u00e9sonne comme un appel \u00e0 une pri\u00e8re ardente et \u00e0 une existence impr\u00e9gn\u00e9e de la pr\u00e9sence divine. Dans notre qu\u00eate de connexion spirituelle, chaque \u0153uvre lue devient une invitation \u00e0 aspirer \u00e0 le sacr\u00e9, \u00e0 travers la r\u00e9flexion et la m\u00e9ditation.<\/p>\n<h3>\n<\/h3>\n<p>L\u2019acte de prier dans la chapelle<\/p>\n<p>Dans nos lieux de culte simples ou grandioses, tournons-nous vers le divin avec confiance et humilit\u00e9, car nous savons qu\u2019il \u00e9coute nos supplications avec une affection infinie. Que chaque bougie allum\u00e9e, chaque chapelet r\u00e9cit\u00e9, constitue une offrande \u00e0 notre Seigneur ainsi qu\u2019\u00e0 la Vierge Marie. Que nos moments de pri\u00e8re dans la chapelle soient des moments de faveur divine et de renouvellement de notre esprit, nous fortifiant pour faire face \u00e0 les \u00e9preuves avec audace et foi in\u00e9branlable. Sainte Bernadette Soubirous, \u00e0 qui la Vierge Marie est apparue \u00e0 Lourdes, nous d\u00e9montre l\u2019importance de la pri\u00e8re dans l\u2019existence des catholiques et l\u2019efficacit\u00e9 de l\u2019intercession de la Vierge Marie. Tout fid\u00e8le qui franchit les portes d\u2019une chapelle, chaque page de la Bible lue dans ce lieu sacr\u00e9, est une rencontre avec le divin, une \u00e9tape sur le chemin de la transformation int\u00e9rieure. \u00c0 travers les pages des Saintes \u00c9critures, chaque fid\u00e8le est encourag\u00e9 \u00e0 m\u00e9diter sur la croix du Christ, \u00e0 m\u00e9diter sur son sacrifice, et \u00e0 trouver r\u00e9confort et espoir dans la gr\u00e2ce salvatrice qu\u2019elle offre.<\/p>\n<h2>\nLa pri\u00e8re comme m\u00e9decine pour l\u2019int\u00e9rieur<br \/>\n<\/h2>\n<p>Tel un m\u00e9decin pour nos \u00e2mes, l\u2019acte de prier nous r\u00e9conforte ainsi que nous renforce au cours des p\u00e9riodes de douleur et de d\u00e9sespoir. La pri\u00e8re nous fait souvenir que Dieu est toujours avec nous, m\u00eame dans les moments les plus sombres de notre existence. En nous penchant vers lui \u00e0 travers la pri\u00e8re, nous d\u00e9couvrons la force int\u00e9rieure n\u00e9cessaire pour surmonter les \u00e9preuves et pour affronter l\u2019avenir avec espoir et confiance. La pri\u00e8re est semblable \u00e0 une source d\u2019eau vive qui apaise notre soif spirituelle et, dans notre marche avec Dieu, nous revigore.<br \/>\n\u00c0 chaque pri\u00e8re prononc\u00e9e, \u00e0 chaque intention port\u00e9e, nous trouvons un soulagement divin, une gu\u00e9rison spirituelle, qui d\u00e9passe les limitations humaines. Chaque verset de la Bible est une invitation \u00e0 communier avec Dieu, \u00e0 lui confier nos fardeaux, et \u00e0 b\u00e9n\u00e9ficier de sa gr\u00e2ce r\u00e9g\u00e9n\u00e9ratrice.<\/p>\n<h2>Un regard diff\u00e9rent sur l\u2019invocation \u00e0 Marie<\/h2>\n<p>L\u2019invocation de Marie repr\u00e9sente une coutume profond\u00e9ment enracin\u00e9e dans la tradition catholique chr\u00e9tienne, proposant un pr\u00e9cieux lien spirituel pour les fid\u00e8les du monde entier. Comme figure maternelle spirituelle et intercesseur, elle est pri\u00e9e avec ferveur dans les moments de d\u00e9tresse et de reconnaissance. Le rosaire, avec ses myst\u00e8res contemplatifs, accompagne les croyants dans leur cheminement spirituel, les aidant \u00e0 contempler J\u00e9sus, son fils, \u00e0 travers le prisme de la Vierge Marie. Cette d\u00e9votion mariale se refl\u00e8te dans les lieux saints tel que le sanctuaire de Lourdes, o\u00f9 les fid\u00e8les convergent \u00e0 la recherche de consolation et de gu\u00e9rison, illustrant le lien profond entre la foi catholique et l\u2019adoration de Marie. Les \u00e9crits inspirants d\u2019\u00e9minents th\u00e9ologiens comme Leli\u00e8vre et Hubert fournissent une r\u00e9flexion pr\u00e9cieuse sur la signification de la pri\u00e8re mariale et son r\u00f4le dans la vie spirituelle des croyants. Gr\u00e2ce \u00e0 une lecture attentive de livres d\u00e9votionnels et bibliques, les adeptes approfondissent leur compr\u00e9hension de la v\u00e9n\u00e9ration de Marie et cultivent une connexion plus \u00e9troite avec Marie, notre m\u00e8re spirituelle. Dans un monde o\u00f9 pr\u00e9dominent les conflits et les hostilit\u00e9s, l\u2019invocation de Marie constitue un refuge de paix et d\u2019espoir, invitant chaque personne, quel que soit son statut dans la foi catholique-chr\u00e9tienne, \u00e0 se tourner vers la Sainte Vierge avec confiance et d\u00e9votion. Prions donc ensemble, avec sinc\u00e9rit\u00e9 et humilit\u00e9, en reconnaissant Marie comme notre m\u00e8re et notre intercesseur, et en lui confiant nos pri\u00e8res et nos d\u00e9sirs les plus profonds. Dans cette d\u00e9marche de foi, tout adepte est convi\u00e9 \u00e0 suivre la voie des pri\u00e8res et des d\u00e9sirs du c\u0153ur, sous la conduite du Pape et les pr\u00e9cieuses ressources spirituelles fournies par des plateformes comme Aleteia. Ainsi, avec un c\u0153ur humble et une foi sinc\u00e8re, adressons notre pri\u00e8re quotidienne \u00e0 Marie, lui demandant son intercession maternelle, et la force de continuer dans la pri\u00e8re fervente.<br \/>\nQue la pri\u00e8re devienne notre sanctuaire et notre apaisement dans toutes les circonstances. Que nous nous tournions vers Marie, notre m\u00e8re c\u00e9leste, avec un c\u0153ur ouvert et une foi in\u00e9branlable, sachant qu\u2019elle interc\u00e8de pour nous aupr\u00e8s de son fils bien-aim\u00e9. Que notre d\u00e9votion soit notre guide dans notre qu\u00eate de saintet\u00e9, nous rapprochant toujours plus de Dieu et de son amour sans limites.<\/p>\n<p>A lire sur un th\u00e8me similaire:<\/p>\n<p>Trait\u00e9 sur la tol\u00e9rance\/\u00c9dition Garnier 1879\/20.,<a target=\"_blank\" rel=\"nofollow\" href=\"https:\/\/editionsbussiere.com\/blog\/goto\/https:\/\/fr.wikisource.org\/wiki\/Trait%C3%A9_sur_la_tol%C3%A9rance\/%C3%89dition_Garnier_1879\/20\"  target=\"_blank\" rel=\"noopener noreferrer nofollow\">L\u2019article ICI.<\/a><span><\/span><\/p>\n<p>Livre de pri\u00e8res, 1852\/Tropaires et cantiques (f\u00eates).,<a target=\"_blank\" rel=\"nofollow\" href=\"https:\/\/editionsbussiere.com\/blog\/goto\/https:\/\/fr.wikisource.org\/wiki\/Livre_de_pri%C3%A8res,_1852\/Tropaires_et_cantiques_(f%C3%AAtes)\"  target=\"_blank\" rel=\"noopener noreferrer nofollow\">L\u2019article ICI.<\/a><span><\/span><\/p>\n<p>Les fleurs po\u00e9tiques, simples bluettes\/01\/13.,<a target=\"_blank\" rel=\"nofollow\" href=\"https:\/\/editionsbussiere.com\/blog\/goto\/https:\/\/fr.wikisource.org\/wiki\/Les_fleurs_po%C3%A9tiques,_simples_bluettes\/01\/13\"  target=\"_blank\" rel=\"noopener noreferrer nofollow\">Le post d\u2019actualit\u00e9.<\/a><span><\/span>. Suite sur le prochain article.<\/p>\n<p>La L\u00e9gende dor\u00e9e\/Sainte Catherine.,<a target=\"_blank\" rel=\"nofollow\" href=\"https:\/\/editionsbussiere.com\/blog\/goto\/https:\/\/fr.wikisource.org\/wiki\/La_L%C3%A9gende_dor%C3%A9e\/Sainte_Catherine\"  target=\"_blank\" rel=\"noopener noreferrer nofollow\">Le dossier.<\/a><span><\/span>. Suite sur le prochain article.<\/p>\n<p>Hom\u00e9lies sur les gloires de la Vierge m\u00e8re\/Quatri\u00e8me hom\u00e9lie.,<a target=\"_blank\" rel=\"nofollow\" href=\"https:\/\/editionsbussiere.com\/blog\/goto\/https:\/\/fr.wikisource.org\/wiki\/Hom%C3%A9lies_sur_les_gloires_de_la_Vierge_m%C3%A8re\/Quatri%C3%A8me_hom%C3%A9lie\"  target=\"_blank\" rel=\"noopener noreferrer nofollow\">Cliquer ICI.<\/a><span><\/span><\/p>\n<p>Dictionnaire de th\u00e9ologie catholique\/IMMACUL\u00c9E CONCEPTION III. Dans les Eglises nestoriennes et monophysites.,<a target=\"_blank\" rel=\"nofollow\" href=\"https:\/\/editionsbussiere.com\/blog\/goto\/https:\/\/fr.wikisource.org\/wiki\/Dictionnaire_de_th%C3%A9ologie_catholique\/IMMACUL%C3%89E_CONCEPTION_III._Dans_les_Eglises_nestoriennes_et_monophysites\"  target=\"_blank\" rel=\"noopener noreferrer nofollow\">Cliquer ICI.<\/a><span><\/span>. Suite sur le prochain article.<\/p>\n<\/div>\n<p><img decoding=\"async\" class=\"wpe_imgrss\" src=\"https:\/\/editionsbussiere.com\/blog\/wp-content\/uploads\/2024\/07\/Une-determination-inebranlable-et-une-foi-profonde-ont-caracterise-la.05009-1024x576-1.jpeg\">Cet article a \u00e9t\u00e9 reconstitu\u00e9 du mieux possible. Dans l\u2019hypoth\u00e8se o\u00f9 vous souhaitez apporter quelques modifications concernant le th\u00e8me \u00ab\u00a0Editions \u00e9sot\u00e9rique fond\u00e9e en 1927\u00a0\u00bb, il est possible de discuter avec notre r\u00e9daction. Vous pouvez tirer profit de cet article traitant le sujet \u00ab\u00a0Editions \u00e9sot\u00e9rique fond\u00e9e en 1927\u00a0\u00bb. Il est concoct\u00e9 par l\u2019\u00e9quipe editionsbussiere.com. Le site editionsbussiere.com est fait pour cr\u00e9er divers posts autour du th\u00e8me Editions \u00e9sot\u00e9rique fond\u00e9e en 1927 d\u00e9velopp\u00e9es sur internet. Consultez notre site internet editionsbussiere.com et nos r\u00e9seaux sociaux pour \u00eatre au courant des futures annonces.<\/p>\n","protected":false},"excerpt":{"rendered":"<p>Les membres du club Ballaghaderreen GAA ont form\u00e9 une garde d\u2019honneur alors que le cort\u00e8ge fun\u00e8bre de l\u2019ancien d\u00e9put\u00e9 de Mayo, John O\u2019Mahony, se dirigeait de la cath\u00e9drale de l\u2019Annonciation de la Sainte Vierge Marie et de Saint Nathy, Ballaghaderreen, vers le cimeti\u00e8re Kilcolman. PHOTO : CONOR MCKEOWN Publi\u00e9: jeudi 11 juillet 2024, 16h08 Derni\u00e8re [&hellip;]<\/p>\n","protected":false},"author":3,"featured_media":948,"comment_status":"closed","ping_status":"closed","sticky":false,"template":"","format":"standard","meta":{"footnotes":""},"categories":[3],"tags":[],"class_list":["post-947","post","type-post","status-publish","format-standard","has-post-thumbnail","hentry","category-editions-esoterique-fondee-en-1927-depeches","entry","fw-tab-6 fw-tabr-4","has-featured-image"],"yoast_head":"<!-- This site is optimized with the Yoast SEO plugin v27.5 - https:\/\/yoast.com\/product\/yoast-seo-wordpress\/ -->\n<title>Une d\u00e9termination in\u00e9branlable et une foi profonde ont caract\u00e9ris\u00e9 la vie de John O\u2019Mahony \u2013 hommage fun\u00e9raire pour croire en la Sainte Vierge Marie. - EDITIONSBUSSIERE<\/title>\n<meta name=\"robots\" content=\"index, follow, max-snippet:-1, max-image-preview:large, max-video-preview:-1\" \/>\n<link rel=\"canonical\" href=\"https:\/\/editionsbussiere.com\/blog\/une-determination-inebranlable-et-une-foi-profonde-ont-caracterise-la-vie-de-john-omahony-hommage-funeraire-pour-croire-en-la-sainte-vierge-marie\/\" \/>\n<meta property=\"og:locale\" content=\"fr_FR\" \/>\n<meta property=\"og:type\" content=\"article\" \/>\n<meta property=\"og:title\" content=\"Une d\u00e9termination in\u00e9branlable et une foi profonde ont caract\u00e9ris\u00e9 la vie de John O\u2019Mahony \u2013 hommage fun\u00e9raire pour croire en la Sainte Vierge Marie. - EDITIONSBUSSIERE\" \/>\n<meta property=\"og:description\" content=\"Les membres du club Ballaghaderreen GAA ont form\u00e9 une garde d\u2019honneur alors que le cort\u00e8ge fun\u00e8bre de l\u2019ancien d\u00e9put\u00e9 de Mayo, John O\u2019Mahony, se dirigeait de la cath\u00e9drale de l\u2019Annonciation de la Sainte Vierge Marie et de Saint Nathy, Ballaghaderreen, vers le cimeti\u00e8re Kilcolman. PHOTO : CONOR MCKEOWN Publi\u00e9: jeudi 11 juillet 2024, 16h08 Derni\u00e8re [&hellip;]\" \/>\n<meta property=\"og:url\" content=\"https:\/\/editionsbussiere.com\/blog\/une-determination-inebranlable-et-une-foi-profonde-ont-caracterise-la-vie-de-john-omahony-hommage-funeraire-pour-croire-en-la-sainte-vierge-marie\/\" \/>\n<meta property=\"og:site_name\" content=\"EDITIONSBUSSIERE\" \/>\n<meta property=\"article:published_time\" content=\"2024-07-11T19:28:03+00:00\" \/>\n<meta property=\"og:image\" content=\"https:\/\/editionsbussiere.com\/blog\/wp-content\/uploads\/2024\/07\/Une-determination-inebranlable-et-une-foi-profonde-ont-caracterise-la.05009-1024x576-1.jpeg\" \/>\n<meta name=\"author\" content=\"Marie BATICLE\" \/>\n<meta name=\"twitter:card\" content=\"summary_large_image\" \/>\n<meta name=\"twitter:label1\" content=\"\u00c9crit par\" \/>\n\t<meta name=\"twitter:data1\" content=\"Marie BATICLE\" \/>\n\t<meta name=\"twitter:label2\" content=\"Dur\u00e9e de lecture estim\u00e9e\" \/>\n\t<meta name=\"twitter:data2\" content=\"12 minutes\" \/>\n<script type=\"application\/ld+json\" class=\"yoast-schema-graph\">{\"@context\":\"https:\\\/\\\/schema.org\",\"@graph\":[{\"@type\":\"Article\",\"@id\":\"https:\\\/\\\/editionsbussiere.com\\\/blog\\\/une-determination-inebranlable-et-une-foi-profonde-ont-caracterise-la-vie-de-john-omahony-hommage-funeraire-pour-croire-en-la-sainte-vierge-marie\\\/#article\",\"isPartOf\":{\"@id\":\"https:\\\/\\\/editionsbussiere.com\\\/blog\\\/une-determination-inebranlable-et-une-foi-profonde-ont-caracterise-la-vie-de-john-omahony-hommage-funeraire-pour-croire-en-la-sainte-vierge-marie\\\/\"},\"author\":{\"name\":\"Marie BATICLE\",\"@id\":\"https:\\\/\\\/editionsbussiere.com\\\/blog\\\/#\\\/schema\\\/person\\\/ec90e102792148c97e46ab871010dd8f\"},\"headline\":\"Une d\u00e9termination in\u00e9branlable et une foi profonde ont caract\u00e9ris\u00e9 la vie de John O\u2019Mahony \u2013 hommage fun\u00e9raire pour croire en la Sainte Vierge Marie.\",\"datePublished\":\"2024-07-11T19:28:03+00:00\",\"mainEntityOfPage\":{\"@id\":\"https:\\\/\\\/editionsbussiere.com\\\/blog\\\/une-determination-inebranlable-et-une-foi-profonde-ont-caracterise-la-vie-de-john-omahony-hommage-funeraire-pour-croire-en-la-sainte-vierge-marie\\\/\"},\"wordCount\":2503,\"publisher\":{\"@id\":\"https:\\\/\\\/editionsbussiere.com\\\/blog\\\/#organization\"},\"image\":{\"@id\":\"https:\\\/\\\/editionsbussiere.com\\\/blog\\\/une-determination-inebranlable-et-une-foi-profonde-ont-caracterise-la-vie-de-john-omahony-hommage-funeraire-pour-croire-en-la-sainte-vierge-marie\\\/#primaryimage\"},\"thumbnailUrl\":\"https:\\\/\\\/editionsbussiere.com\\\/blog\\\/wp-content\\\/uploads\\\/2024\\\/07\\\/Une-determination-inebranlable-et-une-foi-profonde-ont-caracterise-la.05009-1024x576-1.jpeg\",\"articleSection\":[\"Editions \u00c9sot\u00e9rique Fond\u00e9e En 1927; D\u00e9p\u00e8ches:\"],\"inLanguage\":\"fr-FR\"},{\"@type\":\"WebPage\",\"@id\":\"https:\\\/\\\/editionsbussiere.com\\\/blog\\\/une-determination-inebranlable-et-une-foi-profonde-ont-caracterise-la-vie-de-john-omahony-hommage-funeraire-pour-croire-en-la-sainte-vierge-marie\\\/\",\"url\":\"https:\\\/\\\/editionsbussiere.com\\\/blog\\\/une-determination-inebranlable-et-une-foi-profonde-ont-caracterise-la-vie-de-john-omahony-hommage-funeraire-pour-croire-en-la-sainte-vierge-marie\\\/\",\"name\":\"Une d\u00e9termination in\u00e9branlable et une foi profonde ont caract\u00e9ris\u00e9 la vie de John O\u2019Mahony \u2013 hommage fun\u00e9raire pour croire en la Sainte Vierge Marie. - EDITIONSBUSSIERE\",\"isPartOf\":{\"@id\":\"https:\\\/\\\/editionsbussiere.com\\\/blog\\\/#website\"},\"primaryImageOfPage\":{\"@id\":\"https:\\\/\\\/editionsbussiere.com\\\/blog\\\/une-determination-inebranlable-et-une-foi-profonde-ont-caracterise-la-vie-de-john-omahony-hommage-funeraire-pour-croire-en-la-sainte-vierge-marie\\\/#primaryimage\"},\"image\":{\"@id\":\"https:\\\/\\\/editionsbussiere.com\\\/blog\\\/une-determination-inebranlable-et-une-foi-profonde-ont-caracterise-la-vie-de-john-omahony-hommage-funeraire-pour-croire-en-la-sainte-vierge-marie\\\/#primaryimage\"},\"thumbnailUrl\":\"https:\\\/\\\/editionsbussiere.com\\\/blog\\\/wp-content\\\/uploads\\\/2024\\\/07\\\/Une-determination-inebranlable-et-une-foi-profonde-ont-caracterise-la.05009-1024x576-1.jpeg\",\"datePublished\":\"2024-07-11T19:28:03+00:00\",\"breadcrumb\":{\"@id\":\"https:\\\/\\\/editionsbussiere.com\\\/blog\\\/une-determination-inebranlable-et-une-foi-profonde-ont-caracterise-la-vie-de-john-omahony-hommage-funeraire-pour-croire-en-la-sainte-vierge-marie\\\/#breadcrumb\"},\"inLanguage\":\"fr-FR\",\"potentialAction\":[{\"@type\":\"ReadAction\",\"target\":[\"https:\\\/\\\/editionsbussiere.com\\\/blog\\\/une-determination-inebranlable-et-une-foi-profonde-ont-caracterise-la-vie-de-john-omahony-hommage-funeraire-pour-croire-en-la-sainte-vierge-marie\\\/\"]}]},{\"@type\":\"ImageObject\",\"inLanguage\":\"fr-FR\",\"@id\":\"https:\\\/\\\/editionsbussiere.com\\\/blog\\\/une-determination-inebranlable-et-une-foi-profonde-ont-caracterise-la-vie-de-john-omahony-hommage-funeraire-pour-croire-en-la-sainte-vierge-marie\\\/#primaryimage\",\"url\":\"https:\\\/\\\/editionsbussiere.com\\\/blog\\\/wp-content\\\/uploads\\\/2024\\\/07\\\/Une-determination-inebranlable-et-une-foi-profonde-ont-caracterise-la.05009-1024x576-1.jpeg\",\"contentUrl\":\"https:\\\/\\\/editionsbussiere.com\\\/blog\\\/wp-content\\\/uploads\\\/2024\\\/07\\\/Une-determination-inebranlable-et-une-foi-profonde-ont-caracterise-la.05009-1024x576-1.jpeg\",\"width\":1024,\"height\":576,\"caption\":\"Une determination inebranlable et une foi profonde ont caracterise la.05009 1024x576 1\"},{\"@type\":\"BreadcrumbList\",\"@id\":\"https:\\\/\\\/editionsbussiere.com\\\/blog\\\/une-determination-inebranlable-et-une-foi-profonde-ont-caracterise-la-vie-de-john-omahony-hommage-funeraire-pour-croire-en-la-sainte-vierge-marie\\\/#breadcrumb\",\"itemListElement\":[{\"@type\":\"ListItem\",\"position\":1,\"name\":\"Accueil\",\"item\":\"https:\\\/\\\/editionsbussiere.com\\\/blog\\\/\"},{\"@type\":\"ListItem\",\"position\":2,\"name\":\"Une d\u00e9termination in\u00e9branlable et une foi profonde ont caract\u00e9ris\u00e9 la vie de John O\u2019Mahony \u2013 hommage fun\u00e9raire pour croire en la Sainte Vierge Marie.\"}]},{\"@type\":\"WebSite\",\"@id\":\"https:\\\/\\\/editionsbussiere.com\\\/blog\\\/#website\",\"url\":\"https:\\\/\\\/editionsbussiere.com\\\/blog\\\/\",\"name\":\"EDITIONSBUSSIERE\",\"description\":\"Editions \u00e9sot\u00e9rique fond\u00e9e en 1927; site historique, A SAVOIR ET RETENIR.\",\"publisher\":{\"@id\":\"https:\\\/\\\/editionsbussiere.com\\\/blog\\\/#organization\"},\"potentialAction\":[{\"@type\":\"SearchAction\",\"target\":{\"@type\":\"EntryPoint\",\"urlTemplate\":\"https:\\\/\\\/editionsbussiere.com\\\/blog\\\/?s={search_term_string}\"},\"query-input\":{\"@type\":\"PropertyValueSpecification\",\"valueRequired\":true,\"valueName\":\"search_term_string\"}}],\"inLanguage\":\"fr-FR\"},{\"@type\":\"Organization\",\"@id\":\"https:\\\/\\\/editionsbussiere.com\\\/blog\\\/#organization\",\"name\":\"editionsbussiere\",\"url\":\"https:\\\/\\\/editionsbussiere.com\\\/blog\\\/\",\"logo\":{\"@type\":\"ImageObject\",\"inLanguage\":\"fr-FR\",\"@id\":\"https:\\\/\\\/editionsbussiere.com\\\/blog\\\/#\\\/schema\\\/logo\\\/image\\\/\",\"url\":\"https:\\\/\\\/editionsbussiere.com\\\/blog\\\/wp-content\\\/uploads\\\/2023\\\/09\\\/cropped-buss.gif\",\"contentUrl\":\"https:\\\/\\\/editionsbussiere.com\\\/blog\\\/wp-content\\\/uploads\\\/2023\\\/09\\\/cropped-buss.gif\",\"width\":298,\"height\":120,\"caption\":\"editionsbussiere\"},\"image\":{\"@id\":\"https:\\\/\\\/editionsbussiere.com\\\/blog\\\/#\\\/schema\\\/logo\\\/image\\\/\"}},{\"@type\":\"Person\",\"@id\":\"https:\\\/\\\/editionsbussiere.com\\\/blog\\\/#\\\/schema\\\/person\\\/ec90e102792148c97e46ab871010dd8f\",\"name\":\"Marie BATICLE\",\"image\":{\"@type\":\"ImageObject\",\"inLanguage\":\"fr-FR\",\"@id\":\"https:\\\/\\\/secure.gravatar.com\\\/avatar\\\/c923e52403b1b8137e2d929127211d21967e6aecaa053bd43b09da29f212e76e?s=96&d=mm&r=g\",\"url\":\"https:\\\/\\\/secure.gravatar.com\\\/avatar\\\/c923e52403b1b8137e2d929127211d21967e6aecaa053bd43b09da29f212e76e?s=96&d=mm&r=g\",\"contentUrl\":\"https:\\\/\\\/secure.gravatar.com\\\/avatar\\\/c923e52403b1b8137e2d929127211d21967e6aecaa053bd43b09da29f212e76e?s=96&d=mm&r=g\",\"caption\":\"Marie BATICLE\"},\"url\":\"https:\\\/\\\/editionsbussiere.com\\\/blog\\\/author\\\/eremarie\\\/\"}]}<\/script>\n<!-- \/ Yoast SEO plugin. -->","yoast_head_json":{"title":"Une d\u00e9termination in\u00e9branlable et une foi profonde ont caract\u00e9ris\u00e9 la vie de John O\u2019Mahony \u2013 hommage fun\u00e9raire pour croire en la Sainte Vierge Marie. - EDITIONSBUSSIERE","robots":{"index":"index","follow":"follow","max-snippet":"max-snippet:-1","max-image-preview":"max-image-preview:large","max-video-preview":"max-video-preview:-1"},"canonical":"https:\/\/editionsbussiere.com\/blog\/une-determination-inebranlable-et-une-foi-profonde-ont-caracterise-la-vie-de-john-omahony-hommage-funeraire-pour-croire-en-la-sainte-vierge-marie\/","og_locale":"fr_FR","og_type":"article","og_title":"Une d\u00e9termination in\u00e9branlable et une foi profonde ont caract\u00e9ris\u00e9 la vie de John O\u2019Mahony \u2013 hommage fun\u00e9raire pour croire en la Sainte Vierge Marie. - EDITIONSBUSSIERE","og_description":"Les membres du club Ballaghaderreen GAA ont form\u00e9 une garde d\u2019honneur alors que le cort\u00e8ge fun\u00e8bre de l\u2019ancien d\u00e9put\u00e9 de Mayo, John O\u2019Mahony, se dirigeait de la cath\u00e9drale de l\u2019Annonciation de la Sainte Vierge Marie et de Saint Nathy, Ballaghaderreen, vers le cimeti\u00e8re Kilcolman. PHOTO : CONOR MCKEOWN Publi\u00e9: jeudi 11 juillet 2024, 16h08 Derni\u00e8re [&hellip;]","og_url":"https:\/\/editionsbussiere.com\/blog\/une-determination-inebranlable-et-une-foi-profonde-ont-caracterise-la-vie-de-john-omahony-hommage-funeraire-pour-croire-en-la-sainte-vierge-marie\/","og_site_name":"EDITIONSBUSSIERE","article_published_time":"2024-07-11T19:28:03+00:00","og_image":[{"url":"https:\/\/editionsbussiere.com\/blog\/wp-content\/uploads\/2024\/07\/Une-determination-inebranlable-et-une-foi-profonde-ont-caracterise-la.05009-1024x576-1.jpeg","type":"","width":"","height":""}],"author":"Marie BATICLE","twitter_card":"summary_large_image","twitter_misc":{"\u00c9crit par":"Marie BATICLE","Dur\u00e9e de lecture estim\u00e9e":"12 minutes"},"schema":{"@context":"https:\/\/schema.org","@graph":[{"@type":"Article","@id":"https:\/\/editionsbussiere.com\/blog\/une-determination-inebranlable-et-une-foi-profonde-ont-caracterise-la-vie-de-john-omahony-hommage-funeraire-pour-croire-en-la-sainte-vierge-marie\/#article","isPartOf":{"@id":"https:\/\/editionsbussiere.com\/blog\/une-determination-inebranlable-et-une-foi-profonde-ont-caracterise-la-vie-de-john-omahony-hommage-funeraire-pour-croire-en-la-sainte-vierge-marie\/"},"author":{"name":"Marie BATICLE","@id":"https:\/\/editionsbussiere.com\/blog\/#\/schema\/person\/ec90e102792148c97e46ab871010dd8f"},"headline":"Une d\u00e9termination in\u00e9branlable et une foi profonde ont caract\u00e9ris\u00e9 la vie de John O\u2019Mahony \u2013 hommage fun\u00e9raire pour croire en la Sainte Vierge Marie.","datePublished":"2024-07-11T19:28:03+00:00","mainEntityOfPage":{"@id":"https:\/\/editionsbussiere.com\/blog\/une-determination-inebranlable-et-une-foi-profonde-ont-caracterise-la-vie-de-john-omahony-hommage-funeraire-pour-croire-en-la-sainte-vierge-marie\/"},"wordCount":2503,"publisher":{"@id":"https:\/\/editionsbussiere.com\/blog\/#organization"},"image":{"@id":"https:\/\/editionsbussiere.com\/blog\/une-determination-inebranlable-et-une-foi-profonde-ont-caracterise-la-vie-de-john-omahony-hommage-funeraire-pour-croire-en-la-sainte-vierge-marie\/#primaryimage"},"thumbnailUrl":"https:\/\/editionsbussiere.com\/blog\/wp-content\/uploads\/2024\/07\/Une-determination-inebranlable-et-une-foi-profonde-ont-caracterise-la.05009-1024x576-1.jpeg","articleSection":["Editions \u00c9sot\u00e9rique Fond\u00e9e En 1927; D\u00e9p\u00e8ches:"],"inLanguage":"fr-FR"},{"@type":"WebPage","@id":"https:\/\/editionsbussiere.com\/blog\/une-determination-inebranlable-et-une-foi-profonde-ont-caracterise-la-vie-de-john-omahony-hommage-funeraire-pour-croire-en-la-sainte-vierge-marie\/","url":"https:\/\/editionsbussiere.com\/blog\/une-determination-inebranlable-et-une-foi-profonde-ont-caracterise-la-vie-de-john-omahony-hommage-funeraire-pour-croire-en-la-sainte-vierge-marie\/","name":"Une d\u00e9termination in\u00e9branlable et une foi profonde ont caract\u00e9ris\u00e9 la vie de John O\u2019Mahony \u2013 hommage fun\u00e9raire pour croire en la Sainte Vierge Marie. - EDITIONSBUSSIERE","isPartOf":{"@id":"https:\/\/editionsbussiere.com\/blog\/#website"},"primaryImageOfPage":{"@id":"https:\/\/editionsbussiere.com\/blog\/une-determination-inebranlable-et-une-foi-profonde-ont-caracterise-la-vie-de-john-omahony-hommage-funeraire-pour-croire-en-la-sainte-vierge-marie\/#primaryimage"},"image":{"@id":"https:\/\/editionsbussiere.com\/blog\/une-determination-inebranlable-et-une-foi-profonde-ont-caracterise-la-vie-de-john-omahony-hommage-funeraire-pour-croire-en-la-sainte-vierge-marie\/#primaryimage"},"thumbnailUrl":"https:\/\/editionsbussiere.com\/blog\/wp-content\/uploads\/2024\/07\/Une-determination-inebranlable-et-une-foi-profonde-ont-caracterise-la.05009-1024x576-1.jpeg","datePublished":"2024-07-11T19:28:03+00:00","breadcrumb":{"@id":"https:\/\/editionsbussiere.com\/blog\/une-determination-inebranlable-et-une-foi-profonde-ont-caracterise-la-vie-de-john-omahony-hommage-funeraire-pour-croire-en-la-sainte-vierge-marie\/#breadcrumb"},"inLanguage":"fr-FR","potentialAction":[{"@type":"ReadAction","target":["https:\/\/editionsbussiere.com\/blog\/une-determination-inebranlable-et-une-foi-profonde-ont-caracterise-la-vie-de-john-omahony-hommage-funeraire-pour-croire-en-la-sainte-vierge-marie\/"]}]},{"@type":"ImageObject","inLanguage":"fr-FR","@id":"https:\/\/editionsbussiere.com\/blog\/une-determination-inebranlable-et-une-foi-profonde-ont-caracterise-la-vie-de-john-omahony-hommage-funeraire-pour-croire-en-la-sainte-vierge-marie\/#primaryimage","url":"https:\/\/editionsbussiere.com\/blog\/wp-content\/uploads\/2024\/07\/Une-determination-inebranlable-et-une-foi-profonde-ont-caracterise-la.05009-1024x576-1.jpeg","contentUrl":"https:\/\/editionsbussiere.com\/blog\/wp-content\/uploads\/2024\/07\/Une-determination-inebranlable-et-une-foi-profonde-ont-caracterise-la.05009-1024x576-1.jpeg","width":1024,"height":576,"caption":"Une determination inebranlable et une foi profonde ont caracterise la.05009 1024x576 1"},{"@type":"BreadcrumbList","@id":"https:\/\/editionsbussiere.com\/blog\/une-determination-inebranlable-et-une-foi-profonde-ont-caracterise-la-vie-de-john-omahony-hommage-funeraire-pour-croire-en-la-sainte-vierge-marie\/#breadcrumb","itemListElement":[{"@type":"ListItem","position":1,"name":"Accueil","item":"https:\/\/editionsbussiere.com\/blog\/"},{"@type":"ListItem","position":2,"name":"Une d\u00e9termination in\u00e9branlable et une foi profonde ont caract\u00e9ris\u00e9 la vie de John O\u2019Mahony \u2013 hommage fun\u00e9raire pour croire en la Sainte Vierge Marie."}]},{"@type":"WebSite","@id":"https:\/\/editionsbussiere.com\/blog\/#website","url":"https:\/\/editionsbussiere.com\/blog\/","name":"EDITIONSBUSSIERE","description":"Editions \u00e9sot\u00e9rique fond\u00e9e en 1927; site historique, A SAVOIR ET RETENIR.","publisher":{"@id":"https:\/\/editionsbussiere.com\/blog\/#organization"},"potentialAction":[{"@type":"SearchAction","target":{"@type":"EntryPoint","urlTemplate":"https:\/\/editionsbussiere.com\/blog\/?s={search_term_string}"},"query-input":{"@type":"PropertyValueSpecification","valueRequired":true,"valueName":"search_term_string"}}],"inLanguage":"fr-FR"},{"@type":"Organization","@id":"https:\/\/editionsbussiere.com\/blog\/#organization","name":"editionsbussiere","url":"https:\/\/editionsbussiere.com\/blog\/","logo":{"@type":"ImageObject","inLanguage":"fr-FR","@id":"https:\/\/editionsbussiere.com\/blog\/#\/schema\/logo\/image\/","url":"https:\/\/editionsbussiere.com\/blog\/wp-content\/uploads\/2023\/09\/cropped-buss.gif","contentUrl":"https:\/\/editionsbussiere.com\/blog\/wp-content\/uploads\/2023\/09\/cropped-buss.gif","width":298,"height":120,"caption":"editionsbussiere"},"image":{"@id":"https:\/\/editionsbussiere.com\/blog\/#\/schema\/logo\/image\/"}},{"@type":"Person","@id":"https:\/\/editionsbussiere.com\/blog\/#\/schema\/person\/ec90e102792148c97e46ab871010dd8f","name":"Marie BATICLE","image":{"@type":"ImageObject","inLanguage":"fr-FR","@id":"https:\/\/secure.gravatar.com\/avatar\/c923e52403b1b8137e2d929127211d21967e6aecaa053bd43b09da29f212e76e?s=96&d=mm&r=g","url":"https:\/\/secure.gravatar.com\/avatar\/c923e52403b1b8137e2d929127211d21967e6aecaa053bd43b09da29f212e76e?s=96&d=mm&r=g","contentUrl":"https:\/\/secure.gravatar.com\/avatar\/c923e52403b1b8137e2d929127211d21967e6aecaa053bd43b09da29f212e76e?s=96&d=mm&r=g","caption":"Marie BATICLE"},"url":"https:\/\/editionsbussiere.com\/blog\/author\/eremarie\/"}]}},"_links":{"self":[{"href":"https:\/\/editionsbussiere.com\/blog\/wp-json\/wp\/v2\/posts\/947","targetHints":{"allow":["GET"]}}],"collection":[{"href":"https:\/\/editionsbussiere.com\/blog\/wp-json\/wp\/v2\/posts"}],"about":[{"href":"https:\/\/editionsbussiere.com\/blog\/wp-json\/wp\/v2\/types\/post"}],"author":[{"embeddable":true,"href":"https:\/\/editionsbussiere.com\/blog\/wp-json\/wp\/v2\/users\/3"}],"replies":[{"embeddable":true,"href":"https:\/\/editionsbussiere.com\/blog\/wp-json\/wp\/v2\/comments?post=947"}],"version-history":[{"count":0,"href":"https:\/\/editionsbussiere.com\/blog\/wp-json\/wp\/v2\/posts\/947\/revisions"}],"wp:featuredmedia":[{"embeddable":true,"href":"https:\/\/editionsbussiere.com\/blog\/wp-json\/wp\/v2\/media\/948"}],"wp:attachment":[{"href":"https:\/\/editionsbussiere.com\/blog\/wp-json\/wp\/v2\/media?parent=947"}],"wp:term":[{"taxonomy":"category","embeddable":true,"href":"https:\/\/editionsbussiere.com\/blog\/wp-json\/wp\/v2\/categories?post=947"},{"taxonomy":"post_tag","embeddable":true,"href":"https:\/\/editionsbussiere.com\/blog\/wp-json\/wp\/v2\/tags?post=947"}],"curies":[{"name":"wp","href":"https:\/\/api.w.org\/{rel}","templated":true}]}}