{"id":940,"date":"2024-07-11T02:15:37","date_gmt":"2024-07-11T00:15:37","guid":{"rendered":"https:\/\/editionsbussiere.com\/blog\/jubilarian-connu-pour-son-travail-en-tant-que-ministre-des-prisons-et-conseiller-de-crise-arkansas-catholic-et-requete-en-debut-de-journee\/"},"modified":"2024-07-11T02:15:37","modified_gmt":"2024-07-11T00:15:37","slug":"jubilarian-connu-pour-son-travail-en-tant-que-ministre-des-prisons-et-conseiller-de-crise-arkansas-catholic-et-requete-en-debut-de-journee","status":"publish","type":"post","link":"https:\/\/editionsbussiere.com\/blog\/jubilarian-connu-pour-son-travail-en-tant-que-ministre-des-prisons-et-conseiller-de-crise-arkansas-catholic-et-requete-en-debut-de-journee\/","title":{"rendered":"Jubilarian connu pour son travail en tant que ministre des prisons et conseiller de crise \u2013 Arkansas Catholic\n et requ\u00eate en d\u00e9but de journ\u00e9e."},"content":{"rendered":"<div><img width=\"488\" height=\"1024\" src=\"https:\/\/editionsbussiere.com\/blog\/wp-content\/uploads\/2024\/07\/1720654443_Jubilarian-connu-pour-son-travail-en-tant-que-ministre-des-488x1024-1.jpg\" class=\"attachment-large size-large wp-post-image\" alt=\"Jubilarian connu pour son travail en tant que ministre des\" style=\"float:left; margin:0 15px 15px 0;\" decoding=\"async\" srcset=\"https:\/\/editionsbussiere.com\/blog\/wp-content\/uploads\/2024\/07\/1720654443_Jubilarian-connu-pour-son-travail-en-tant-que-ministre-des-488x1024-1.jpg 488w, https:\/\/www.n42.fr\/wp-content\/uploads\/2024\/07\/1720654443_Jubilarian-connu-pour-son-travail-en-tant-que-ministre-des-143x300.jpg 143w, https:\/\/www.n42.fr\/wp-content\/uploads\/2024\/07\/1720654443_Jubilarian-connu-pour-son-travail-en-tant-que-ministre-des.jpg 710w\" sizes=\"(max-width: 488px) 100vw, 488px\"><\/p>\n<p>\n<\/p>\n<div>\n<style><![CDATA[\/*! elementor - v3.22.0 - 26-06-2024 *\/\n.elementor-widget-text-editor.elementor-drop-cap-view-stacked .elementor-drop-capbackground-color:#69727d;color:#fff.elementor-widget-text-editor.elementor-drop-cap-view-framed .elementor-drop-capcolor:#69727d;border:3px solid;background-color:transparent.elementor-widget-text-editor:not(.elementor-drop-cap-view-default) .elementor-drop-capmargin-top:8px.elementor-widget-text-editor:not(.elementor-drop-cap-view-default) .elementor-drop-cap-letterwidth:1em;height:1em.elementor-widget-text-editor .elementor-drop-capfloat:left;text-align:center;line-height:1;font-size:50px.elementor-widget-text-editor .elementor-drop-cap-letterdisplay:inline-block]]&gt;<\/style>\n\n\n\n\n<p><span style=\"font-weight: 400;\">Lorsqu\u2019on lui a demand\u00e9 <\/span><i><span style=\"font-weight: 400;\">\u00c9glise catholique de l\u2019Arkansas<\/span><\/i><span style=\"font-weight: 400;\">  Comment il a pris la d\u00e9cision de devenir pr\u00eatre, Mgr Jack Harris sourit ironiquement avant de r\u00e9pondre. <\/span><\/p>\n\n\n\n\n<p><span style=\"font-weight: 400;\">\u00ab Je n\u2019ai pas encore pris ma d\u00e9cision \u00bb, a-t-il d\u00e9clar\u00e9. \u00ab Cela ne s\u2019est jamais produit \u00e0 un moment donn\u00e9. J\u2019ai regard\u00e9 la situation, j\u2019ai d\u00e9cid\u00e9 d\u2019entrer et de regarder autour de moi, mais je n\u2019ai jamais trouv\u00e9 de raison de partir. \u00bb<\/span><\/p>\n\n\n\n\n<p><span style=\"font-weight: 400;\">Mgr Harris est impliqu\u00e9 dans de nombreux domaines, mais vous ne le savez peut-\u00eatre pas : l\u2019humble pasteur ne parle pas beaucoup de sa longue carri\u00e8re dans le minist\u00e8re carc\u00e9ral en tant que ministre dans le couloir de la mort, du fait qu\u2019il est un conseiller de crise qualifi\u00e9 ou qu\u2019il a \u00e9t\u00e9 finaliste pour le prix Lumen Christi de Catholic Extension. Beaucoup de gens ne savent m\u00eame pas qu\u2019il est monseigneur \u2013 il insiste souvent pour que les gens l\u2019appellent P\u00e8re Jack. <\/span><\/p>\n\n\n\n\n<p><span style=\"font-weight: 400;\">Mgr Harris est dipl\u00f4m\u00e9 du lyc\u00e9e catholique en 1965 avant de fr\u00e9quenter l\u2019Universit\u00e9 de l\u2019Arkansas \u00e0 Fayetteville de 1965 \u00e0 1967. <\/span><\/p>\n\n\n\n\n<p><span style=\"font-weight: 400;\">Peu de temps apr\u00e8s, Mgr Harris a choisi le s\u00e9minaire plut\u00f4t que de terminer ses \u00e9tudes et a \u00e9t\u00e9 ordonn\u00e9 pr\u00eatre le 8 juin 1974. Alors qu\u2019il c\u00e9l\u00e8bre le 50e anniversaire de son ordination, Mgr Harris se demande souvent comment il en est arriv\u00e9 l\u00e0. <\/span><\/p>\n\n\n\n\n<p><span style=\"font-weight: 400;\">\u00ab J\u2019en parle parfois au Seigneur \u00bb, a-t-il dit. \u00ab M\u2019as-tu appel\u00e9 ici ou suis-je venu de mon propre chef et tu l\u2019as tol\u00e9r\u00e9 ? \u00bb<\/span><\/p>\n\n\n\n\n<p><span style=\"font-weight: 400;\">Durant ses 22 premi\u00e8res ann\u00e9es de sacerdoce, Mgr Harris s\u2019est consacr\u00e9 \u00e0 la d\u00e9linquance juv\u00e9nile et \u00e0 la pr\u00e9vention de la d\u00e9linquance dans les comt\u00e9s de Pulaski, Sebastian et Crawford. <\/span><\/p>\n\n\n\n\n<p><span style=\"font-weight: 400;\">\u00ab C\u2019est vraiment pour cela que je crois avoir \u00e9t\u00e9 appel\u00e9 au sacerdoce \u00bb, a d\u00e9clar\u00e9 Mgr Harris. \u00ab \u2026 Il faut chercher la vocation dans la vocation. Tous ceux qui sont appel\u00e9s au sacerdoce ne sont pas destin\u00e9s \u00e0 \u00eatre pasteurs\u2026 il faut voir ce pour quoi on est fait. \u00bb<\/span><\/p>\n\n\n\n\n<p><span style=\"font-weight: 400;\">Mgr Harris a d\u00e9clar\u00e9 qu\u2019il avait souvent eu du mal \u00e0 \u00eatre pasteur pendant les premi\u00e8res ann\u00e9es apr\u00e8s son ordination \u00e0 Jonesboro et Pine Bluff.<\/span><\/p>\n\n\n\n\n<p><span style=\"font-weight: 400;\">\u00ab Je me souviens, chaque matin, de prier pour tous ces gens que j\u2019avais soi-disant \u00ab servis \u00bb au d\u00e9but de mon minist\u00e8re pastoral, parce que je n\u2019avais pas fait du tr\u00e8s bon travail \u00bb, a-t-il d\u00e9clar\u00e9. \u00ab Je n\u2019avais aucune id\u00e9e de ce \u00e0 quoi cela devait ressembler\u2026 c\u2019\u00e9tait malheureux. Il m\u2019a fallu beaucoup de temps pour comprendre que, pour \u00eatre pasteur, je devais m\u2019entourer de personnes qui savaient ce qu\u2019il fallait faire dans une paroisse. \u00bb<\/span><\/p>\n\n\n\n\n<p><span style=\"font-weight: 400;\">Mgr Harris essaie de ne pas \u00eatre trop autoritaire lorsqu\u2019il est dans une paroisse, car il aborde souvent les probl\u00e8mes en tant qu\u2019intervenant de crise et aum\u00f4nier de prison \u2013 il est habitu\u00e9 \u00e0 d\u00e9samorcer les probl\u00e8mes et \u00e0 apaiser les inqui\u00e9tudes. <\/span><\/p>\n\n\n\n\n<p><span style=\"font-weight: 400;\">En tant que conseiller de crise, il a aid\u00e9 des personnes et des groupes \u00e0 g\u00e9rer leurs traumatismes et leurs \u00e9motions apr\u00e8s les fusillades dans les \u00e9coles et les cons\u00e9quences du 11 septembre. <\/span><\/p>\n\n\n\n\n<p><span style=\"font-weight: 400;\">\u00ab Ces choses ont probablement influenc\u00e9 ma fa\u00e7on d\u2019aborder les gens plus que tout ce que j\u2019ai appris au s\u00e9minaire \u00bb, a d\u00e9clar\u00e9 Mgr Harris. <\/span><\/p>\n\n\n\n\n<p><span style=\"font-weight: 400;\">Mais il croit que travailler dans le minist\u00e8re p\u00e9nitentiaire l\u2019a aid\u00e9 en tant que pasteur \u2013 en r\u00e9confortant et en consolant les hommes qui ont rat\u00e9 leur chance de changer leurs habitudes, et en \u00e9loignant les enfants des chemins dangereux. <\/span><\/p>\n\n\n\n\n<p><span style=\"font-weight: 400;\">\u00ab Je d\u00e9crirais mon travail comme suit : j\u2019ai deux paroisses, quatre \u00e9coles secondaires et une prison \u00bb, a d\u00e9clar\u00e9 Mgr Harris. \u00ab Le soir, je suis dans un gymnase quelque part. Je reste occup\u00e9 sur notre terrain de balle ici. En \u00e9t\u00e9, avec toutes les \u00e9quipes de baseball et de softball et les petits qui jouent partout ici, c\u2019est l\u00e0 que je vais \u00eatre. \u2026 Cela fait partie de ce que je fais et j\u2019aime le faire. \u00bb<\/span><\/p>\n\n\n\n\n<p><span style=\"font-weight: 400;\">C\u2019est probablement ce qui a \u00e9t\u00e9 le plus influenc\u00e9 par mon minist\u00e8re dans les prisons, car ce sont eux qui ont encore la vie devant eux. Les hommes avec qui j\u2019ai travaill\u00e9 l\u00e0-bas (dans les prisons) ont eu leur chance, puis l\u2019ont perdue d\u2019une mani\u00e8re ou d\u2019une autre. \u2026 Nous sommes tous fa\u00e7onn\u00e9s par notre histoire et par ce que nous faisons, et d\u2019une mani\u00e8re que nous ne connaissons pas.<\/span><\/p>\n\n\n\n\n<p><span style=\"font-weight: 400;\">Le 8 juin, les quatre paroisses de Mgr Harris \u2014 l\u2019\u00e9glise Saint-Joseph \u00e0 Center Ridge et l\u2019\u00e9glise Sainte-Marie \u00e0 Saint-Vincent, o\u00f9 il est cur\u00e9, ainsi que l\u2019\u00e9glise Sacr\u00e9-C\u0153ur \u00e0 Morrilton et l\u2019\u00e9glise Sainte-\u00c9lisabeth \u00e0 Oppelo, o\u00f9 il est cur\u00e9 associ\u00e9 \u2014 ont organis\u00e9 une r\u00e9ception en l\u2019honneur de Mgr Harris. <\/span><\/p>\n\n\n\n\n<p><span style=\"font-weight: 400;\">Linda Boedeker, paroissienne de l\u2019\u00e9glise du Sacr\u00e9-C\u0153ur \u00e0 Morrilton et ancienne secr\u00e9taire et comptable de Mgr Harris pendant 12 ans, a assist\u00e9 \u00e0 la r\u00e9ception. <\/span><\/p>\n\n\n\n\n<p><span style=\"font-weight: 400;\">\u00ab C\u2019est l\u2019une des personnes les plus g\u00e9n\u00e9reuses, les plus gentilles et les plus comp\u00e9tentes en ce qui concerne la Bible \u00bb, a d\u00e9clar\u00e9 Boedeker. \u00ab Il est tellement humble. C\u2019est l\u2019une des personnes les plus humbles que j\u2019aie jamais rencontr\u00e9es. Et son minist\u00e8re dans les prisons est \u00e9galement tr\u00e8s important. Nous avons p\u00e9riodiquement recueilli des dons pour lui et pour les prisons. \u00bb<\/span><\/p>\n\n\n\n\n<p><span style=\"font-weight: 400;\">M\u00eame si Mgr Harris ne pense pas \u00eatre le meilleur pasteur, Boedeker n\u2019est pas d\u2019accord. <\/span><\/p>\n\n\n\n\n<p><span style=\"font-weight: 400;\">\u00ab C\u2019est le meilleur homme que j\u2019aie jamais entendu sur l\u2019autel avec son hom\u00e9lie \u00bb, a-t-elle d\u00e9clar\u00e9. \u00ab Il y a une signification spirituelle derri\u00e8re tout ce qu\u2019il dit sur cet autel\u2026 Il y a un sens \u00e0 ce qu\u2019il dit. Il disait : \u00ab Bon, \u00e7a suffit \u00bb, et nous r\u00e9pondions tous : \u00ab Non, \u00e7a ne suffit pas, continuez \u00e0 parler \u00bb. \u2026 C\u2019est l\u2019un des hommes les plus g\u00e9n\u00e9reux que j\u2019aie jamais rencontr\u00e9s dans ma vie, et ce fut vraiment un honneur de servir sous ses ordres en tant que secr\u00e9taire et comptable. \u00bb<\/span><\/p>\n\n\n\n\n<p><span style=\"font-weight: 400;\">Larry Taylor, r\u00e9ceptionniste au St. John Center du dioc\u00e8se de Little Rock, a obtenu son dipl\u00f4me du lyc\u00e9e catholique avec Mgr Harris. Les deux sont rest\u00e9s en contact depuis. <\/span><\/p>\n\n\n\n\n<p><span style=\"font-weight: 400;\">\u00ab Je connais Monseigneur depuis longtemps, depuis nos ann\u00e9es au lyc\u00e9e catholique, et j\u2019appr\u00e9cie donc sa compagnie \u00bb, a d\u00e9clar\u00e9 Taylor. \u00ab J\u2019ai r\u00e9cemment embauch\u00e9 un homme pour faire du travail pour moi, et il a fait un excellent travail. Quand est venu le moment de le payer, je lui ai dit que j\u2019\u00e9tais au Centre St. John\u2019s et que je pourrais \u00eatre \u00e0 la maison en quelques minutes. Il s\u2019est exclam\u00e9 : \u00ab Connaissez-vous le p\u00e8re Jack ? Est-il l\u00e0 par hasard ? Il a \u00e9t\u00e9 si gentil et si serviable envers moi lorsque j\u2019\u00e9tais dans le couloir de la mort. \u00bb <\/span><\/p>\n\n\n\n\n<p><span style=\"font-weight: 400;\">\u00ab Il a ajout\u00e9 que le p\u00e8re Jack avait jou\u00e9 un r\u00f4le d\u00e9terminant dans sa disculpation et dans son retour \u00e0 un statut de membre productif de la soci\u00e9t\u00e9. Mon intuition me dit que ce n\u2019est qu\u2019une des nombreuses histoires merveilleuses concernant le p\u00e8re Jack. \u00bb<\/span><\/p>\n\n\n\n\n<p><span style=\"font-weight: 400;\">Aujourd\u2019hui, le travail de Mgr Harris aide chacun \u2013 du paroissien au prisonnier \u2013 \u00e0 voir Dieu en toutes choses. <\/span><\/p>\n\n\n\n\n<p><span style=\"font-weight: 400;\">\u00ab Les gens avec qui j\u2019ai travaill\u00e9 en r\u00e9ponse aux crises et les gens avec qui j\u2019ai travaill\u00e9 en prison \u2013 pour eux, l\u2019\u00e9v\u00e9nement, la crise, la d\u00e9cision ont d\u00e9j\u00e0 eu lieu \u00bb, a-t-il d\u00e9clar\u00e9. \u00ab Et maintenant, nous cherchons : o\u00f9 est Dieu dans tout cela ? Pas avant. Je ne pense pas qu\u2019il ait fait quoi que ce soit de tout cela. Il n\u2019a pas provoqu\u00e9 la fusillade dans l\u2019\u00e9cole. Il n\u2019a pouss\u00e9 aucun des hommes avec qui je travaille \u00e0 commettre leurs crimes horribles. Il a probablement essay\u00e9 de les emp\u00eacher. Maintenant, nous devons essayer de trouver ce qu\u2019il essaie de faire maintenant. \u00bb <\/span><\/p>\n\n\n<\/div>\n\n\n\n\n<p><script>\n!function(f,b,e,v,n,t,s)if(f.fbq)return;n=f.fbq=function()n.callMethod?\nn.callMethod.apply(n,arguments):n.queue.push(arguments);if(!f._fbq)f._fbq=n;\nn.push=n;n.loaded=!0;n.version='2.0';n.queue=[];t=b.createElement(e);t.async=!0;\nt.src=v;s=b.getElementsByTagName(e)[0];s.parentNode.insertBefore(t,s)(window,\ndocument,'script','\nfbq('init', '495190757992211');\nfbq('track', 'PageView');\n<\/script>\n\n<\/p>\n\n\n\n\n<h2>Un de supplication individuelle pour nous connecter envers Dieu. <\/h2>\n\n\n\n\n<p>Bien-aim\u00e9 P\u00e8re des cieux, j\u2019arrive en face de toi afin de te rendre gr\u00e2ce pour cette fra\u00eeche journ\u00e9e. Je te glorifie en raison de ta bont\u00e9 et ta loyaut\u00e9 envers moi. Je te supplie de me remplir de ta saintet\u00e9 et de me donner la gr\u00e2ce de te sentir pr\u00e8s de moi pendant toute la dur\u00e9e de cette journ\u00e9e. Je d\u00e9pose entre tes mains toutes mes soucis, mes joies, mes chagrins, mes d\u00e9sirs et mes attentes. Puisses ton Esprit Saint \u00e9claire de sa lumi\u00e8re mon esprit et fortifie ma foi, afin que je puisse marcher dans ta voie et r\u00e9aliser ta volont\u00e9. Donne-moi la gr\u00e2ce de mener selon la compassion qui tu nous as enseign\u00e9 l\u2019exemple \u00e0 travers ton Fils ch\u00e9ri, J\u00e9sus-Christ.<\/p>\n\n\n\n\n<h3> Note sur compr\u00e9hension : <\/h3>\n\n\n\n\n<p>La pratique de pri\u00e8re nous plonge dans le famille sacr\u00e9e, o\u00f9 Dieu le Cr\u00e9ateur nous prend tel ses enfants bien-aim\u00e9s. Dans cette relation familial, nous d\u00e9couvrons la force ainsi que le r\u00e9confort afin de surmonter les \u00e9preuves du. La pri\u00e8re nous rappelle la parole du disciple Pierre, lequel encourage les fid\u00e8les \u00e0 demeurer fermes dans la foi, m\u00eame face \u00e0 au c\u0153ur des \u00e9preuves de ce monde.<\/p>\n\n\n\n\n<h3>\nRenforcer notre lien envers J\u00e9sus d\u00e8s chaque matin<\/h3>\n\n\n\n\n<p>Nous pouvons ruminer \u00e0 propos de l\u2019un des diff\u00e9rents \u00e9vangiles pour nous connecter avec J\u00e9sus. Par exemple :<\/p>\n\n\n\n\n<h3>Jean 15, 9-17 : <\/h3>\n\n\n\n\n<p>\u00a0\u00bb<br \/>\nC\u2019est ici mon commandement: Aimez-vous les uns les autres, comme je vous ai aim\u00e9s. Il n\u2019y a pas de plus grand amour que de donner sa vie pour ses amis. Vous \u00eates mes amis, si vous faites ce que je vous commande. Je ne vous appelle plus serviteurs, parce que le serviteur ne sait pas ce que fait son ma\u00eetre; mais je vous ai appel\u00e9s amis, parce que je vous ai fait conna\u00eetre tout ce que j\u2019ai appris de mon P\u00e8re.\u00a0\u00bb<\/p>\n\n\n\n\n<h2> Demander indulgence \u00e0 Dieu pour nos p\u00e9ch\u00e9s <\/h2>\n\n\n\n\n<p>Dieu J\u00e9sus, j\u2019arrive te implorer de pardonner mes propres p\u00e9ch\u00e9s. Je reconnais que je ne suis pas sans d\u00e9faut et que j\u2019ai besoin de ta mis\u00e9ricorde. Je te demande de me lib\u00e9rer de chaque ce qui me \u00e9loigne de toi et de me octroyer la gr\u00e2ce pour vivre en harmonie avec ta volont\u00e9. Que ta b\u00e9n\u00e9diction c\u00e9leste \u00e9claire les recoins les plus sombres de mon c\u0153ur, purifiant mon \u00eatre et me conduisant sur le chemin de la saintet\u00e9. Amen.<\/p>\n\n\n\n\n<h3> Discussion envers le Seigneur tel que en compagnie de un ami. <\/h3>\n\n\n\n\n<p>Nous sommes capables de parler \u00e0 Dieu tel que \u00e0 un ami intime, lui confier nos joies et nos peines, l\u2019\u00c9ternel demander de l\u2019aide dans nos d\u00e9fis quotidiens. Par exemple : Ma\u00eetre, merci en raison de cette fra\u00eeche journ\u00e9e. Je viens te implorer de \u00e0 \u00eatre tol\u00e9rant \u00e0 l\u2019\u00e9gard de mes enfants et pour me donner la vigueur de surmonter aux d\u00e9fis de la journ\u00e9e. Je te remets mes projets et mes soucis, et je te demande de me montrer de quelle mani\u00e8re je ai la capacit\u00e9 de te servir et t\u2019honorer aujourd\u2019hui. Accorde-moi, \u00f4 Seigneur, ton intelligence afin de prendre les bonnes d\u00e9cisions et ton soutien pour traverser les \u00e9preuves avec foi. Amen.<\/p>\n\n\n\n\n<h3> Un moment de tranquillit\u00e9 pour \u00e9couter Dieu. <\/h3>\n\n\n\n\n<p>Apr\u00e8s cette pri\u00e8re et cette m\u00e9ditation, il est essentiel de prendre un moment de silence pour \u00e9couter cette voix de Dieu dans nos propres c\u0153urs. Dans ce silence, il nous ressentir sa pr\u00e9sence apaisante et recevoir ses inspirations pour la journ\u00e9e qui vient.<\/p>\n\n\n\n\n<h3> Se orienter vers le Christ pour trouver la paix int\u00e9rieure. <\/h3>\n\n\n\n\n<p>Nous pouvons prier J\u00e9sus m\u2019assister nous fournir sa paix et m\u2019assister nous assister en vue de \u00e9couter sa parole. Par exemple :<br \/>\nSeigneur J\u00e9sus, j\u2019arrive te prier m\u2019assister remplir mon c\u0153ur par ta tendresse. Je te demande m\u2019assister me d\u00e9gager de toutes les pens\u00e9es et les diff\u00e9rentes inqui\u00e9tudes m\u2019ennuient. Aide-moi pour \u00e9couter ta parole et pour la mettre en pratique dans ma vie. Que ton Esprit Saint, \u00f4 Christ, se transforme en ma force durant de cette journ\u00e9e. Amen.<\/p>\n\n\n\n\n<h3> Achever cette pri\u00e8re matinale en offrant notre journ\u00e9e envers Dieu. <\/h3>\n\n\n\n\n<p>Nous sommes en mesure d\u2019offrir nos journ\u00e9e \u00e0 l\u2019\u00e9gard de Dieu m\u00eame lui demander afin de la remplir de sa pr\u00e9sence et de sa b\u00e9n\u00e9diction. Par exemple :<br \/>\nSeigneur, nous te confesse cette journ\u00e9e entre tes mains. Que toutes de mes pas soit dirig\u00e9 par ton sagesse, que chacun de mes paroles soit inspir\u00e9e par ta amour. Que toutes mes actions soient accomplies selon ton volont\u00e9, pour ta divine gloire et l\u2019ensemble des bien. Que ton lumi\u00e8re \u00e9claire ma route et \u00e9galement que tu habites mon c\u0153ur. Amen.<\/p>\n\n\n\n\n<h3> Invocation d\u2019intercession matinale. <\/h3>\n\n\n\n\n<p>La supplication du matin consiste \u00e0 implorer pour les besoins des chr\u00e9tiennes et de tous les chr\u00e9tiens. Nous pouvons prier pour les personnes dans le besoin, pour les malades, pour les personnes qui souffrent, pour les personnes qui sont confront\u00e9es \u00e0 des difficult\u00e9s, pour les personnes d\u00e9courag\u00e9es et pour les personnes qui dans l\u2019erreur.<\/p>\n\n\n\n\n<h3> Prier en vue de chacun individus au sein de le besoin. \n\n\n<h3>\n<\/h3>\n\n<\/h3>\n\n\n\n<p>Divin, dans votre grande mis\u00e9ricorde, tu te implorons en vue de l\u2019ensemble des personnes qui traversent d\u2019innombrables difficult\u00e9s financi\u00e8res. Que tu leur accordes la force ainsi que la pers\u00e9v\u00e9rance pour surmonter ces \u00e9preuves, et \u00e9galement que lui leur apportes les ressources n\u00e9cessaires pour subvenir \u00e0 leurs besoins. Accorde-leur, \u00f4, sa providence afin de illuminer leur pas dans l\u2019obscurit\u00e9 de leurs soucis financiers.<\/p>\n\n\n\n\n<p>On te prions \u00e9galement en vue de toutes personnes qui luttent vis-\u00e0-vis de de probl\u00e8mes de sant\u00e9. Que sa main puissante se pose sur elles, Seigneur, pour les gu\u00e9rir et les r\u00e9conforter dans leur douleur. Accorde-leur, \u00f4, la force et aussi le courage de faire face \u00e0 leurs d\u00e9fis de sant\u00e9 en ayant confiance en sa divine providence.<\/p>\n\n\n\n\n<p>On te demandons \u00e9galement afin de chaque personnes qui sont confront\u00e9es vis-\u00e0-vis de des difficult\u00e9s dans leur vie, peu importe ce que ce soit sur le plan professionnel, relationnel ou \u00e9motionnel. Que votre gr\u00e2ce, Seigneur, reste leur soutien ainsi que leur r\u00e9confort dans ces moments d\u2019\u00e9preuve. Accorde-leur, Dieu Tout-Puissant, ton Esprit Saint afin de guider leur chemin et aussi les guider vers la s\u00e9r\u00e9nit\u00e9.<\/p>\n\n\n\n\n<p>Pour terminer, nous lui prions en vue de chacune des personnes qui sont sans-abri, celles qui sont marginalis\u00e9es et aussi exclues de la soci\u00e9t\u00e9. Que ta mis\u00e9ricorde, Seigneur, se r\u00e9pande sur elles comme la douce ros\u00e9e, leur apportant r\u00e9confort et espoir dans leur d\u00e9tresse. Accorde-leur, \u00f4, des mains g\u00e9n\u00e9reuses pour les aider ainsi que des c\u0153urs compatissants pour les accueillir dans leur communaut\u00e9.<\/p>\n\n\n\n\n<h3> \u00e9claircissement sur la pri\u00e8re du matin. <\/h3>\n\n\n\n\n<p>Dans la pri\u00e8re, nous tournons nos esprits \u00e0 l\u2019\u00e9gard de le Ciel, implorant la lumi\u00e8re de Dieu pour illuminer nos chemins t\u00e9n\u00e9breux. Marie, notre m\u00e8re, nous accompagne dans ce parcours, nous \u00e9duquant \u00e0 m\u00e9diter sur les myst\u00e8res de la vie de son divin enfant. Elle nous m\u00e8ne vers J\u00e9sus, le lumi\u00e8re du monde, qui lumine nos t\u00e9n\u00e8bres et nous guide vers la v\u00e9rit\u00e9.<br \/>\nLa pri\u00e8re nous relie aussi \u00e0 notre communaut\u00e9 c\u00e9leste, la communaut\u00e9 des croyants, o\u00f9 nous communiquons nos contentements et nos peines, nos attentes et nos craintes. Collectivement, nous formons le corps du Christ, appel\u00e9s \u00e0 attester de son amour. Par nos supplications, nous sollicitons pour les exigences des chr\u00e9tiennes et des croyants, pr\u00e9sentant notre charit\u00e9 et notre piti\u00e9 \u00e0 ceux qui souffrent.<br \/>\nUnissons-nous dans la pri\u00e8re du matin, dans notre foi, en Marie, la m\u00e8re de notre Seigneur J\u00e9sus-Christ. Au sein de notre monde troubl\u00e9 par la guerre et la discorde, optons \u00e0 la pri\u00e8re pour trouver de trouver la paix et l\u2019harmonie. Les chr\u00e9tiens ont la possibilit\u00e9 faire d\u00e9poser une intention de pri\u00e8re pour la Vierge Marie <a target=\"_blank\" rel=\"nofollow\" href=\"https:\/\/editionsbussiere.com\/blog\/goto\/https:\/\/www.avemariasound.org\/\" >en nous faisant appel.<\/a> Que nos supplications s\u2019\u00e9l\u00e8vent vers le ciel, comme un hommage re\u00e7u avec faveur \u00e0 Dieu, pour qu\u2019il puisse nous guider nos pas sur le chemin de la v\u00e9rit\u00e9 et de la justice. L\u2019ap\u00f4tre Paul nous dans ses lettres \u00e0 prier sans cesse, quelle que soit la situation, afin que notre communion avec Dieu soit constante et passionn\u00e9e. La pri\u00e8re, lorsqu\u2019elle est offerte sinc\u00e8rement, a la capacit\u00e9 de transformer les c\u0153urs et de modifier le destin de l\u2019histoire.<\/p>\n\n\n\n\n<h2> \u00c9lever nos pri\u00e8res pour nos proches au Seigneur matinale.<\/h2>\n\n\n\n\n<p>Cette derni\u00e8re phase de la pri\u00e8re du matin consiste \u00e0 prier pour nos familles familles, notre propre famille, nos connaissances et notre propre communaut\u00e9. Nous pouvons prier pour leur bien-\u00eatre, leur sant\u00e9, leur protection, et leur fortune. Nous pouvons \u00e9galement prier pour nos ennemis et pour ces personnes qui nous ont heurt\u00e9s, et demander \u00e0 Dieu de nous aider \u00e0 leur propre pardonner et \u00e0 leur exprimer la compassion.<\/p>\n\n\n\n\n<h3> Prier pour la bien-\u00eatre et la s\u00fbret\u00e9 de nos familles.<\/h3>\n\n\n\n\n<p>Dieu tout-puissant, nous autres te confions nos amis, notre familles avec nos connaissances. Surveille, \u00d4 Dieu, au-dessus de eux, avec pr\u00e9serve -les de tout p\u00e9ril et de toute affliction. Accorde, \u00d4 Seigneur, la vigueur du corps et de l\u2019esprit \u00e0 eux, et aussi la paix au sein de leur c\u0153ur. Puisses-tu permettre ta main omnipotente les esprits garde avec les individus conduise chacun au long de cette journ\u00e9e, pour qu\u2019il puissent vivent dans la s\u00e9curit\u00e9 ainsi que la qui\u00e9tude.<\/p>\n\n\n\n\n<p>Nous \u00e0 toi prions \u00e9galement pour notre enfants, Seigneur tout-puissant, pour qu\u2019ils grandissent dans leur foi et dans l\u2019amour de ton saint nom. Donne, cher Dieu, une sagesse avec le courage n\u00e9cessaires pour surmonter les \u00e9preuves de la vie, et dirige leurs pas le long de le chemin de la v\u00e9rit\u00e9 et de la justice.<\/p>\n\n\n\n\n<p>Enfin, nous autres te prions en vue de nos amis et nos voisins, Seigneur, afin qu\u2019ils d\u00e9couvrent la joie de ton amour et la s\u00e9r\u00e9nit\u00e9 de ton pardon. Accorde-leur, \u00d4 Dieu, de c\u0153urs bienveillants en vue de partager avec ceux que dans le besoin, et aussi des ouvertes pour accueillir ceux que seuls ainsi que abandonn\u00e9s.<\/p>\n\n\n\n\n<h3> Prier pour les n\u00f4tres ennemis et aussi ceux qui nous autres ont offens\u00e9s. <\/h3>\n\n\n\n\n<p>Seigneur Dieu, le Christ, nous vous prions pour les n\u00f4tres ennemis ainsi que pour ces qui nous-m\u00eames ont offens\u00e9s. Accorde-leur, \u00f4 J\u00e9sus, ta mis\u00e9ricorde et ton pardon, et ouvre leur c\u0153ur \u00e0 la lumi\u00e8re de ta v\u00e9rit\u00e9. Aide-nous, Seigneur, \u00e0 leur montrer de la compassion et aussi \u00e0 leur pardonner comme tu nous autres as pardonn\u00e9. Que votre paix r\u00e8gne dans notre c\u0153urs et aussi que ton amour guide les n\u00f4tres actions, pour que nous puissions vivre en harmonie avec tous ceux que nous autres entourent.<\/p>\n\n\n\n\n<h3> Appr\u00e9hender l\u2019 pri\u00e8re : <\/h3>\n\n\n\n\n<p>Finalement, la invocation nous rappelle notre mission comme prog\u00e9niture de l\u2019\u00c9ternel : exister des t\u00e9moins de l\u2019 lumi\u00e8re et de son amour dans une \u00e8re affect\u00e9e aux t\u00e9n\u00e8bres. \u00c0 travers nos discours et notre \u0153uvres, nous r\u00e9pandons le message de la s\u00e9r\u00e9nit\u00e9 et de la rapprochement, amenant l\u2019attente et la gu\u00e9rison \u00e0 un contexte bris\u00e9.<\/p>\n\n\n\n\n<p>\u00c0 l\u2019int\u00e9rieur de la foi chr\u00e9tienne, le aube porte une importance sp\u00e9ciale, symbolisant l\u2019 renouvellement et l\u2019 renaissance spirituelle. C\u2019est au lever du jour de chaque matin\u00e9e que l\u2019\u00e2me se dirige vers l\u2019\u00c9ternel dans l\u2019oraison, cherchant \u00e0 devenir \u00e9clair\u00e9e par la lumi\u00e8re surnaturelle. L\u2019habitude des pri\u00e8res matinales se r\u00e9v\u00e8le essentiellement enracin\u00e9e dans la tradition chr\u00e9tienne, proposant un instant particulier pour communier avec Dieu et se pr\u00e9parer spirituellement aux \u00e9preuves de la journ\u00e9e qui vient.<\/p>\n\n\n\n\n<p>En au c\u0153ur de ces pri\u00e8res matinales se rep\u00e8re habituellement une d\u00e9votion distincte \u00e0 l\u2019\u00e9gard de Marie, la maternelle de J\u00e9sus et figure sainte ador\u00e9e par un grand nombre fid\u00e8les. En qualit\u00e9 de interm\u00e9diaire entre les hommes et Dieu, Marie reste pri\u00e9e pour interc\u00e9der en notre faveur, nous-m\u00eames orientant sur le sentier de la saintet\u00e9 ainsi que de la gr\u00e2ce divine. Son apparition maternelle offre consolation et abri, entourant nos pri\u00e8res matinales d\u2019une d\u00e9licatesse c\u00e9leste.<\/p>\n\n\n\n\n<p>En via l\u2019 pri\u00e8res du matin, nous sommes convives \u00e0 nous rallier vers Marie dans une d\u00e9marche de sanctification personnelle. En m\u00e9ditant sur sa vie et les vertus, on recherchons pour imiter sa humilit\u00e9, sa puret\u00e9 ainsi que son ob\u00e9issance \u00e0 l\u2019 volont\u00e9 du Dieu. Gr\u00e2ce \u00e0 sa saintet\u00e9 mod\u00e8le, Marie est pour nous une mod\u00e8le de vie chr\u00e9tienne, nous souvenant l\u2019importance de la pri\u00e8re et de la contemplation dans nos cheminement spirituel.<\/p>\n\n\n\n\n<p>La oraison du matin est ainsi un moment favoris\u00e9 afin de se consacrer \u00e0 Dieu avec l\u2019intercession de Marie, en sacrifiant nos adorations, nos actions de gr\u00e2ce et nos intentions les plus profondes. Dans la qui\u00e9tude de l\u2019aurore, nous sommes invit\u00e9s pour se tourner \u00e0 cette m\u00e8re divine, laquelle nous guide avec tendresse au sujet de du chemin de la croyance et de l\u2019amour divin. En unissant notre voix pour celle de Marie, on \u00e9levons nos pri\u00e8res matinales vers du tr\u00f4ne du la gr\u00e2ce, confiants que nos supplications seront entendues et accueillies par du c\u0153ur mis\u00e9ricordieux de Dieu.<\/p>\n\n\n\n\n<p>Livres sur un objet analogue:<\/p>\n\n\n\n\n<p>Terres vierges\/21.,<a target=\"_blank\" rel=\"nofollow\" href=\"https:\/\/editionsbussiere.com\/blog\/goto\/https:\/\/fr.wikisource.org\/wiki\/Terres_vierges\/21\"  target=\"_blank\" rel=\"noopener noreferrer nofollow\">Article complet.<\/a><span><\/span>. Suite sur le prochain article.<\/p>\n\n\n\n\n<p>Livre de pri\u00e8res, 1852\/Office ou pri\u00e8re \u00e0 la Tr\u00e8s-Sainte Vierge.,<a target=\"_blank\" rel=\"nofollow\" href=\"https:\/\/editionsbussiere.com\/blog\/goto\/https:\/\/fr.wikisource.org\/wiki\/Livre_de_pri%C3%A8res,_1852\/Office_ou_pri%C3%A8re_%C3%A0_la_Tr%C3%A8s-Sainte_Vierge\"  target=\"_blank\" rel=\"noopener noreferrer nofollow\">Cliquer ICI.<\/a><span><\/span><\/p>\n\n\n\n\n<p>Les cinq nouveaux Tableaux espagnols du Mus\u00e9e du Louvre.,<a target=\"_blank\" rel=\"nofollow\" href=\"https:\/\/editionsbussiere.com\/blog\/goto\/https:\/\/fr.wikisource.org\/wiki\/Les_cinq_nouveaux_Tableaux_espagnols_du_Mus%C3%A9e_du_Louvre\"  target=\"_blank\" rel=\"noopener noreferrer nofollow\">A lire ici.<\/a><span><\/span><\/p>\n\n\n\n\n<p>La Petite Vierge (Verhaeren).,<a target=\"_blank\" rel=\"nofollow\" href=\"https:\/\/editionsbussiere.com\/blog\/goto\/https:\/\/fr.wikisource.org\/wiki\/La_Petite_Vierge_(Verhaeren)\"  target=\"_blank\" rel=\"noopener noreferrer nofollow\">L\u2019article de presse.<\/a><span><\/span><\/p>\n\n\n\n\n<p>L\u2019Isolement (Moreau).,<a target=\"_blank\" rel=\"nofollow\" href=\"https:\/\/editionsbussiere.com\/blog\/goto\/https:\/\/fr.wikisource.org\/wiki\/L%E2%80%99Isolement_(Moreau)\"  target=\"_blank\" rel=\"noopener noreferrer nofollow\">Article complet.<\/a><span><\/span><\/p>\n\n\n\n\n<p>Arthur et Marie \u2013 Le Faux-Pont.,<a target=\"_blank\" rel=\"nofollow\" href=\"https:\/\/editionsbussiere.com\/blog\/goto\/https:\/\/fr.wikisource.org\/wiki\/Arthur_et_Marie_-_Le_Faux-Pont\"  target=\"_blank\" rel=\"noopener noreferrer nofollow\">L\u2019article ICI.<\/a><span><\/span><\/p>\n\n<\/div>\n\n<img decoding=\"async\" class=\"wpe_imgrss\" src=\"https:\/\/editionsbussiere.com\/blog\/wp-content\/uploads\/2024\/07\/1720654443_Jubilarian-connu-pour-son-travail-en-tant-que-ministre-des-488x1024-1.jpg\">Cet article a \u00e9t\u00e9 reconstitu\u00e9 du mieux possible. Dans l\u2019hypoth\u00e8se o\u00f9 vous souhaitez apporter quelques modifications concernant le th\u00e8me \"Editions \u00e9sot\u00e9rique fond\u00e9e en 1927\", il est possible de discuter avec notre r\u00e9daction. Vous pouvez tirer profit de cet article traitant le sujet \"Editions \u00e9sot\u00e9rique fond\u00e9e en 1927\". Il est concoct\u00e9 par l\u2019\u00e9quipe editionsbussiere.com. Le site editionsbussiere.com est fait pour cr\u00e9er divers posts autour du th\u00e8me Editions \u00e9sot\u00e9rique fond\u00e9e en 1927 d\u00e9velopp\u00e9es sur internet. Consultez notre site internet editionsbussiere.com et nos r\u00e9seaux sociaux pour \u00eatre au courant des futures annonces.\n<\/p>\n","protected":false},"excerpt":{"rendered":"<p>Lorsqu\u2019on lui a demand\u00e9 \u00c9glise catholique de l\u2019Arkansas Comment il a pris la d\u00e9cision de devenir pr\u00eatre, Mgr Jack Harris sourit ironiquement avant de r\u00e9pondre. \u00ab Je n\u2019ai pas encore pris ma d\u00e9cision \u00bb, a-t-il d\u00e9clar\u00e9. \u00ab Cela ne s\u2019est jamais produit \u00e0 un moment donn\u00e9. J\u2019ai regard\u00e9 la situation, j\u2019ai d\u00e9cid\u00e9 d\u2019entrer et de [&hellip;]<\/p>\n","protected":false},"author":3,"featured_media":941,"comment_status":"closed","ping_status":"closed","sticky":false,"template":"","format":"standard","meta":{"footnotes":""},"categories":[3],"tags":[],"class_list":["post-940","post","type-post","status-publish","format-standard","has-post-thumbnail","hentry","category-editions-esoterique-fondee-en-1927-depeches","entry","fw-tab-6 fw-tabr-4","has-featured-image"],"yoast_head":"<!-- This site is optimized with the Yoast SEO plugin v27.5 - https:\/\/yoast.com\/product\/yoast-seo-wordpress\/ -->\n<title>Jubilarian connu pour son travail en tant que ministre des prisons et conseiller de crise \u2013 Arkansas Catholic et requ\u00eate en d\u00e9but de journ\u00e9e. - EDITIONSBUSSIERE<\/title>\n<meta name=\"robots\" content=\"index, follow, max-snippet:-1, max-image-preview:large, max-video-preview:-1\" \/>\n<link rel=\"canonical\" href=\"https:\/\/editionsbussiere.com\/blog\/jubilarian-connu-pour-son-travail-en-tant-que-ministre-des-prisons-et-conseiller-de-crise-arkansas-catholic-et-requete-en-debut-de-journee\/\" \/>\n<meta property=\"og:locale\" content=\"fr_FR\" \/>\n<meta property=\"og:type\" content=\"article\" \/>\n<meta property=\"og:title\" content=\"Jubilarian connu pour son travail en tant que ministre des prisons et conseiller de crise \u2013 Arkansas Catholic et requ\u00eate en d\u00e9but de journ\u00e9e. - EDITIONSBUSSIERE\" \/>\n<meta property=\"og:description\" content=\"Lorsqu\u2019on lui a demand\u00e9 \u00c9glise catholique de l\u2019Arkansas Comment il a pris la d\u00e9cision de devenir pr\u00eatre, Mgr Jack Harris sourit ironiquement avant de r\u00e9pondre. \u00ab Je n\u2019ai pas encore pris ma d\u00e9cision \u00bb, a-t-il d\u00e9clar\u00e9. \u00ab Cela ne s\u2019est jamais produit \u00e0 un moment donn\u00e9. J\u2019ai regard\u00e9 la situation, j\u2019ai d\u00e9cid\u00e9 d\u2019entrer et de [&hellip;]\" \/>\n<meta property=\"og:url\" content=\"https:\/\/editionsbussiere.com\/blog\/jubilarian-connu-pour-son-travail-en-tant-que-ministre-des-prisons-et-conseiller-de-crise-arkansas-catholic-et-requete-en-debut-de-journee\/\" \/>\n<meta property=\"og:site_name\" content=\"EDITIONSBUSSIERE\" \/>\n<meta property=\"article:published_time\" content=\"2024-07-11T00:15:37+00:00\" \/>\n<meta property=\"og:image\" content=\"https:\/\/editionsbussiere.com\/blog\/wp-content\/uploads\/2024\/07\/1720654443_Jubilarian-connu-pour-son-travail-en-tant-que-ministre-des-488x1024-1.jpg\" \/>\n<meta name=\"author\" content=\"Marie BATICLE\" \/>\n<meta name=\"twitter:card\" content=\"summary_large_image\" \/>\n<meta name=\"twitter:label1\" content=\"\u00c9crit par\" \/>\n\t<meta name=\"twitter:data1\" content=\"Marie BATICLE\" \/>\n\t<meta name=\"twitter:label2\" content=\"Dur\u00e9e de lecture estim\u00e9e\" \/>\n\t<meta name=\"twitter:data2\" content=\"19 minutes\" \/>\n<script type=\"application\/ld+json\" class=\"yoast-schema-graph\">{\"@context\":\"https:\\\/\\\/schema.org\",\"@graph\":[{\"@type\":\"Article\",\"@id\":\"https:\\\/\\\/editionsbussiere.com\\\/blog\\\/jubilarian-connu-pour-son-travail-en-tant-que-ministre-des-prisons-et-conseiller-de-crise-arkansas-catholic-et-requete-en-debut-de-journee\\\/#article\",\"isPartOf\":{\"@id\":\"https:\\\/\\\/editionsbussiere.com\\\/blog\\\/jubilarian-connu-pour-son-travail-en-tant-que-ministre-des-prisons-et-conseiller-de-crise-arkansas-catholic-et-requete-en-debut-de-journee\\\/\"},\"author\":{\"name\":\"Marie BATICLE\",\"@id\":\"https:\\\/\\\/editionsbussiere.com\\\/blog\\\/#\\\/schema\\\/person\\\/ec90e102792148c97e46ab871010dd8f\"},\"headline\":\"Jubilarian connu pour son travail en tant que ministre des prisons et conseiller de crise \u2013 Arkansas Catholic et requ\u00eate en d\u00e9but de journ\u00e9e.\",\"datePublished\":\"2024-07-11T00:15:37+00:00\",\"mainEntityOfPage\":{\"@id\":\"https:\\\/\\\/editionsbussiere.com\\\/blog\\\/jubilarian-connu-pour-son-travail-en-tant-que-ministre-des-prisons-et-conseiller-de-crise-arkansas-catholic-et-requete-en-debut-de-journee\\\/\"},\"wordCount\":3893,\"publisher\":{\"@id\":\"https:\\\/\\\/editionsbussiere.com\\\/blog\\\/#organization\"},\"image\":{\"@id\":\"https:\\\/\\\/editionsbussiere.com\\\/blog\\\/jubilarian-connu-pour-son-travail-en-tant-que-ministre-des-prisons-et-conseiller-de-crise-arkansas-catholic-et-requete-en-debut-de-journee\\\/#primaryimage\"},\"thumbnailUrl\":\"https:\\\/\\\/editionsbussiere.com\\\/blog\\\/wp-content\\\/uploads\\\/2024\\\/07\\\/1720654443_Jubilarian-connu-pour-son-travail-en-tant-que-ministre-des-488x1024-1.jpg\",\"articleSection\":[\"Editions \u00c9sot\u00e9rique Fond\u00e9e En 1927; D\u00e9p\u00e8ches:\"],\"inLanguage\":\"fr-FR\"},{\"@type\":\"WebPage\",\"@id\":\"https:\\\/\\\/editionsbussiere.com\\\/blog\\\/jubilarian-connu-pour-son-travail-en-tant-que-ministre-des-prisons-et-conseiller-de-crise-arkansas-catholic-et-requete-en-debut-de-journee\\\/\",\"url\":\"https:\\\/\\\/editionsbussiere.com\\\/blog\\\/jubilarian-connu-pour-son-travail-en-tant-que-ministre-des-prisons-et-conseiller-de-crise-arkansas-catholic-et-requete-en-debut-de-journee\\\/\",\"name\":\"Jubilarian connu pour son travail en tant que ministre des prisons et conseiller de crise \u2013 Arkansas Catholic et requ\u00eate en d\u00e9but de journ\u00e9e. - EDITIONSBUSSIERE\",\"isPartOf\":{\"@id\":\"https:\\\/\\\/editionsbussiere.com\\\/blog\\\/#website\"},\"primaryImageOfPage\":{\"@id\":\"https:\\\/\\\/editionsbussiere.com\\\/blog\\\/jubilarian-connu-pour-son-travail-en-tant-que-ministre-des-prisons-et-conseiller-de-crise-arkansas-catholic-et-requete-en-debut-de-journee\\\/#primaryimage\"},\"image\":{\"@id\":\"https:\\\/\\\/editionsbussiere.com\\\/blog\\\/jubilarian-connu-pour-son-travail-en-tant-que-ministre-des-prisons-et-conseiller-de-crise-arkansas-catholic-et-requete-en-debut-de-journee\\\/#primaryimage\"},\"thumbnailUrl\":\"https:\\\/\\\/editionsbussiere.com\\\/blog\\\/wp-content\\\/uploads\\\/2024\\\/07\\\/1720654443_Jubilarian-connu-pour-son-travail-en-tant-que-ministre-des-488x1024-1.jpg\",\"datePublished\":\"2024-07-11T00:15:37+00:00\",\"breadcrumb\":{\"@id\":\"https:\\\/\\\/editionsbussiere.com\\\/blog\\\/jubilarian-connu-pour-son-travail-en-tant-que-ministre-des-prisons-et-conseiller-de-crise-arkansas-catholic-et-requete-en-debut-de-journee\\\/#breadcrumb\"},\"inLanguage\":\"fr-FR\",\"potentialAction\":[{\"@type\":\"ReadAction\",\"target\":[\"https:\\\/\\\/editionsbussiere.com\\\/blog\\\/jubilarian-connu-pour-son-travail-en-tant-que-ministre-des-prisons-et-conseiller-de-crise-arkansas-catholic-et-requete-en-debut-de-journee\\\/\"]}]},{\"@type\":\"ImageObject\",\"inLanguage\":\"fr-FR\",\"@id\":\"https:\\\/\\\/editionsbussiere.com\\\/blog\\\/jubilarian-connu-pour-son-travail-en-tant-que-ministre-des-prisons-et-conseiller-de-crise-arkansas-catholic-et-requete-en-debut-de-journee\\\/#primaryimage\",\"url\":\"https:\\\/\\\/editionsbussiere.com\\\/blog\\\/wp-content\\\/uploads\\\/2024\\\/07\\\/1720654443_Jubilarian-connu-pour-son-travail-en-tant-que-ministre-des-488x1024-1.jpg\",\"contentUrl\":\"https:\\\/\\\/editionsbussiere.com\\\/blog\\\/wp-content\\\/uploads\\\/2024\\\/07\\\/1720654443_Jubilarian-connu-pour-son-travail-en-tant-que-ministre-des-488x1024-1.jpg\",\"width\":488,\"height\":1024,\"caption\":\"1720654443 Jubilarian connu pour son travail en tant que ministre des 488x1024 1\"},{\"@type\":\"BreadcrumbList\",\"@id\":\"https:\\\/\\\/editionsbussiere.com\\\/blog\\\/jubilarian-connu-pour-son-travail-en-tant-que-ministre-des-prisons-et-conseiller-de-crise-arkansas-catholic-et-requete-en-debut-de-journee\\\/#breadcrumb\",\"itemListElement\":[{\"@type\":\"ListItem\",\"position\":1,\"name\":\"Accueil\",\"item\":\"https:\\\/\\\/editionsbussiere.com\\\/blog\\\/\"},{\"@type\":\"ListItem\",\"position\":2,\"name\":\"Jubilarian connu pour son travail en tant que ministre des prisons et conseiller de crise \u2013 Arkansas Catholic et requ\u00eate en d\u00e9but de journ\u00e9e.\"}]},{\"@type\":\"WebSite\",\"@id\":\"https:\\\/\\\/editionsbussiere.com\\\/blog\\\/#website\",\"url\":\"https:\\\/\\\/editionsbussiere.com\\\/blog\\\/\",\"name\":\"EDITIONSBUSSIERE\",\"description\":\"Editions \u00e9sot\u00e9rique fond\u00e9e en 1927; site historique, A SAVOIR ET RETENIR.\",\"publisher\":{\"@id\":\"https:\\\/\\\/editionsbussiere.com\\\/blog\\\/#organization\"},\"potentialAction\":[{\"@type\":\"SearchAction\",\"target\":{\"@type\":\"EntryPoint\",\"urlTemplate\":\"https:\\\/\\\/editionsbussiere.com\\\/blog\\\/?s={search_term_string}\"},\"query-input\":{\"@type\":\"PropertyValueSpecification\",\"valueRequired\":true,\"valueName\":\"search_term_string\"}}],\"inLanguage\":\"fr-FR\"},{\"@type\":\"Organization\",\"@id\":\"https:\\\/\\\/editionsbussiere.com\\\/blog\\\/#organization\",\"name\":\"editionsbussiere\",\"url\":\"https:\\\/\\\/editionsbussiere.com\\\/blog\\\/\",\"logo\":{\"@type\":\"ImageObject\",\"inLanguage\":\"fr-FR\",\"@id\":\"https:\\\/\\\/editionsbussiere.com\\\/blog\\\/#\\\/schema\\\/logo\\\/image\\\/\",\"url\":\"https:\\\/\\\/editionsbussiere.com\\\/blog\\\/wp-content\\\/uploads\\\/2023\\\/09\\\/cropped-buss.gif\",\"contentUrl\":\"https:\\\/\\\/editionsbussiere.com\\\/blog\\\/wp-content\\\/uploads\\\/2023\\\/09\\\/cropped-buss.gif\",\"width\":298,\"height\":120,\"caption\":\"editionsbussiere\"},\"image\":{\"@id\":\"https:\\\/\\\/editionsbussiere.com\\\/blog\\\/#\\\/schema\\\/logo\\\/image\\\/\"}},{\"@type\":\"Person\",\"@id\":\"https:\\\/\\\/editionsbussiere.com\\\/blog\\\/#\\\/schema\\\/person\\\/ec90e102792148c97e46ab871010dd8f\",\"name\":\"Marie BATICLE\",\"image\":{\"@type\":\"ImageObject\",\"inLanguage\":\"fr-FR\",\"@id\":\"https:\\\/\\\/secure.gravatar.com\\\/avatar\\\/c923e52403b1b8137e2d929127211d21967e6aecaa053bd43b09da29f212e76e?s=96&d=mm&r=g\",\"url\":\"https:\\\/\\\/secure.gravatar.com\\\/avatar\\\/c923e52403b1b8137e2d929127211d21967e6aecaa053bd43b09da29f212e76e?s=96&d=mm&r=g\",\"contentUrl\":\"https:\\\/\\\/secure.gravatar.com\\\/avatar\\\/c923e52403b1b8137e2d929127211d21967e6aecaa053bd43b09da29f212e76e?s=96&d=mm&r=g\",\"caption\":\"Marie BATICLE\"},\"url\":\"https:\\\/\\\/editionsbussiere.com\\\/blog\\\/author\\\/eremarie\\\/\"}]}<\/script>\n<!-- \/ Yoast SEO plugin. -->","yoast_head_json":{"title":"Jubilarian connu pour son travail en tant que ministre des prisons et conseiller de crise \u2013 Arkansas Catholic et requ\u00eate en d\u00e9but de journ\u00e9e. - EDITIONSBUSSIERE","robots":{"index":"index","follow":"follow","max-snippet":"max-snippet:-1","max-image-preview":"max-image-preview:large","max-video-preview":"max-video-preview:-1"},"canonical":"https:\/\/editionsbussiere.com\/blog\/jubilarian-connu-pour-son-travail-en-tant-que-ministre-des-prisons-et-conseiller-de-crise-arkansas-catholic-et-requete-en-debut-de-journee\/","og_locale":"fr_FR","og_type":"article","og_title":"Jubilarian connu pour son travail en tant que ministre des prisons et conseiller de crise \u2013 Arkansas Catholic et requ\u00eate en d\u00e9but de journ\u00e9e. - EDITIONSBUSSIERE","og_description":"Lorsqu\u2019on lui a demand\u00e9 \u00c9glise catholique de l\u2019Arkansas Comment il a pris la d\u00e9cision de devenir pr\u00eatre, Mgr Jack Harris sourit ironiquement avant de r\u00e9pondre. \u00ab Je n\u2019ai pas encore pris ma d\u00e9cision \u00bb, a-t-il d\u00e9clar\u00e9. \u00ab Cela ne s\u2019est jamais produit \u00e0 un moment donn\u00e9. J\u2019ai regard\u00e9 la situation, j\u2019ai d\u00e9cid\u00e9 d\u2019entrer et de [&hellip;]","og_url":"https:\/\/editionsbussiere.com\/blog\/jubilarian-connu-pour-son-travail-en-tant-que-ministre-des-prisons-et-conseiller-de-crise-arkansas-catholic-et-requete-en-debut-de-journee\/","og_site_name":"EDITIONSBUSSIERE","article_published_time":"2024-07-11T00:15:37+00:00","og_image":[{"url":"https:\/\/editionsbussiere.com\/blog\/wp-content\/uploads\/2024\/07\/1720654443_Jubilarian-connu-pour-son-travail-en-tant-que-ministre-des-488x1024-1.jpg","type":"","width":"","height":""}],"author":"Marie BATICLE","twitter_card":"summary_large_image","twitter_misc":{"\u00c9crit par":"Marie BATICLE","Dur\u00e9e de lecture estim\u00e9e":"19 minutes"},"schema":{"@context":"https:\/\/schema.org","@graph":[{"@type":"Article","@id":"https:\/\/editionsbussiere.com\/blog\/jubilarian-connu-pour-son-travail-en-tant-que-ministre-des-prisons-et-conseiller-de-crise-arkansas-catholic-et-requete-en-debut-de-journee\/#article","isPartOf":{"@id":"https:\/\/editionsbussiere.com\/blog\/jubilarian-connu-pour-son-travail-en-tant-que-ministre-des-prisons-et-conseiller-de-crise-arkansas-catholic-et-requete-en-debut-de-journee\/"},"author":{"name":"Marie BATICLE","@id":"https:\/\/editionsbussiere.com\/blog\/#\/schema\/person\/ec90e102792148c97e46ab871010dd8f"},"headline":"Jubilarian connu pour son travail en tant que ministre des prisons et conseiller de crise \u2013 Arkansas Catholic et requ\u00eate en d\u00e9but de journ\u00e9e.","datePublished":"2024-07-11T00:15:37+00:00","mainEntityOfPage":{"@id":"https:\/\/editionsbussiere.com\/blog\/jubilarian-connu-pour-son-travail-en-tant-que-ministre-des-prisons-et-conseiller-de-crise-arkansas-catholic-et-requete-en-debut-de-journee\/"},"wordCount":3893,"publisher":{"@id":"https:\/\/editionsbussiere.com\/blog\/#organization"},"image":{"@id":"https:\/\/editionsbussiere.com\/blog\/jubilarian-connu-pour-son-travail-en-tant-que-ministre-des-prisons-et-conseiller-de-crise-arkansas-catholic-et-requete-en-debut-de-journee\/#primaryimage"},"thumbnailUrl":"https:\/\/editionsbussiere.com\/blog\/wp-content\/uploads\/2024\/07\/1720654443_Jubilarian-connu-pour-son-travail-en-tant-que-ministre-des-488x1024-1.jpg","articleSection":["Editions \u00c9sot\u00e9rique Fond\u00e9e En 1927; D\u00e9p\u00e8ches:"],"inLanguage":"fr-FR"},{"@type":"WebPage","@id":"https:\/\/editionsbussiere.com\/blog\/jubilarian-connu-pour-son-travail-en-tant-que-ministre-des-prisons-et-conseiller-de-crise-arkansas-catholic-et-requete-en-debut-de-journee\/","url":"https:\/\/editionsbussiere.com\/blog\/jubilarian-connu-pour-son-travail-en-tant-que-ministre-des-prisons-et-conseiller-de-crise-arkansas-catholic-et-requete-en-debut-de-journee\/","name":"Jubilarian connu pour son travail en tant que ministre des prisons et conseiller de crise \u2013 Arkansas Catholic et requ\u00eate en d\u00e9but de journ\u00e9e. - EDITIONSBUSSIERE","isPartOf":{"@id":"https:\/\/editionsbussiere.com\/blog\/#website"},"primaryImageOfPage":{"@id":"https:\/\/editionsbussiere.com\/blog\/jubilarian-connu-pour-son-travail-en-tant-que-ministre-des-prisons-et-conseiller-de-crise-arkansas-catholic-et-requete-en-debut-de-journee\/#primaryimage"},"image":{"@id":"https:\/\/editionsbussiere.com\/blog\/jubilarian-connu-pour-son-travail-en-tant-que-ministre-des-prisons-et-conseiller-de-crise-arkansas-catholic-et-requete-en-debut-de-journee\/#primaryimage"},"thumbnailUrl":"https:\/\/editionsbussiere.com\/blog\/wp-content\/uploads\/2024\/07\/1720654443_Jubilarian-connu-pour-son-travail-en-tant-que-ministre-des-488x1024-1.jpg","datePublished":"2024-07-11T00:15:37+00:00","breadcrumb":{"@id":"https:\/\/editionsbussiere.com\/blog\/jubilarian-connu-pour-son-travail-en-tant-que-ministre-des-prisons-et-conseiller-de-crise-arkansas-catholic-et-requete-en-debut-de-journee\/#breadcrumb"},"inLanguage":"fr-FR","potentialAction":[{"@type":"ReadAction","target":["https:\/\/editionsbussiere.com\/blog\/jubilarian-connu-pour-son-travail-en-tant-que-ministre-des-prisons-et-conseiller-de-crise-arkansas-catholic-et-requete-en-debut-de-journee\/"]}]},{"@type":"ImageObject","inLanguage":"fr-FR","@id":"https:\/\/editionsbussiere.com\/blog\/jubilarian-connu-pour-son-travail-en-tant-que-ministre-des-prisons-et-conseiller-de-crise-arkansas-catholic-et-requete-en-debut-de-journee\/#primaryimage","url":"https:\/\/editionsbussiere.com\/blog\/wp-content\/uploads\/2024\/07\/1720654443_Jubilarian-connu-pour-son-travail-en-tant-que-ministre-des-488x1024-1.jpg","contentUrl":"https:\/\/editionsbussiere.com\/blog\/wp-content\/uploads\/2024\/07\/1720654443_Jubilarian-connu-pour-son-travail-en-tant-que-ministre-des-488x1024-1.jpg","width":488,"height":1024,"caption":"1720654443 Jubilarian connu pour son travail en tant que ministre des 488x1024 1"},{"@type":"BreadcrumbList","@id":"https:\/\/editionsbussiere.com\/blog\/jubilarian-connu-pour-son-travail-en-tant-que-ministre-des-prisons-et-conseiller-de-crise-arkansas-catholic-et-requete-en-debut-de-journee\/#breadcrumb","itemListElement":[{"@type":"ListItem","position":1,"name":"Accueil","item":"https:\/\/editionsbussiere.com\/blog\/"},{"@type":"ListItem","position":2,"name":"Jubilarian connu pour son travail en tant que ministre des prisons et conseiller de crise \u2013 Arkansas Catholic et requ\u00eate en d\u00e9but de journ\u00e9e."}]},{"@type":"WebSite","@id":"https:\/\/editionsbussiere.com\/blog\/#website","url":"https:\/\/editionsbussiere.com\/blog\/","name":"EDITIONSBUSSIERE","description":"Editions \u00e9sot\u00e9rique fond\u00e9e en 1927; site historique, A SAVOIR ET RETENIR.","publisher":{"@id":"https:\/\/editionsbussiere.com\/blog\/#organization"},"potentialAction":[{"@type":"SearchAction","target":{"@type":"EntryPoint","urlTemplate":"https:\/\/editionsbussiere.com\/blog\/?s={search_term_string}"},"query-input":{"@type":"PropertyValueSpecification","valueRequired":true,"valueName":"search_term_string"}}],"inLanguage":"fr-FR"},{"@type":"Organization","@id":"https:\/\/editionsbussiere.com\/blog\/#organization","name":"editionsbussiere","url":"https:\/\/editionsbussiere.com\/blog\/","logo":{"@type":"ImageObject","inLanguage":"fr-FR","@id":"https:\/\/editionsbussiere.com\/blog\/#\/schema\/logo\/image\/","url":"https:\/\/editionsbussiere.com\/blog\/wp-content\/uploads\/2023\/09\/cropped-buss.gif","contentUrl":"https:\/\/editionsbussiere.com\/blog\/wp-content\/uploads\/2023\/09\/cropped-buss.gif","width":298,"height":120,"caption":"editionsbussiere"},"image":{"@id":"https:\/\/editionsbussiere.com\/blog\/#\/schema\/logo\/image\/"}},{"@type":"Person","@id":"https:\/\/editionsbussiere.com\/blog\/#\/schema\/person\/ec90e102792148c97e46ab871010dd8f","name":"Marie BATICLE","image":{"@type":"ImageObject","inLanguage":"fr-FR","@id":"https:\/\/secure.gravatar.com\/avatar\/c923e52403b1b8137e2d929127211d21967e6aecaa053bd43b09da29f212e76e?s=96&d=mm&r=g","url":"https:\/\/secure.gravatar.com\/avatar\/c923e52403b1b8137e2d929127211d21967e6aecaa053bd43b09da29f212e76e?s=96&d=mm&r=g","contentUrl":"https:\/\/secure.gravatar.com\/avatar\/c923e52403b1b8137e2d929127211d21967e6aecaa053bd43b09da29f212e76e?s=96&d=mm&r=g","caption":"Marie BATICLE"},"url":"https:\/\/editionsbussiere.com\/blog\/author\/eremarie\/"}]}},"_links":{"self":[{"href":"https:\/\/editionsbussiere.com\/blog\/wp-json\/wp\/v2\/posts\/940","targetHints":{"allow":["GET"]}}],"collection":[{"href":"https:\/\/editionsbussiere.com\/blog\/wp-json\/wp\/v2\/posts"}],"about":[{"href":"https:\/\/editionsbussiere.com\/blog\/wp-json\/wp\/v2\/types\/post"}],"author":[{"embeddable":true,"href":"https:\/\/editionsbussiere.com\/blog\/wp-json\/wp\/v2\/users\/3"}],"replies":[{"embeddable":true,"href":"https:\/\/editionsbussiere.com\/blog\/wp-json\/wp\/v2\/comments?post=940"}],"version-history":[{"count":0,"href":"https:\/\/editionsbussiere.com\/blog\/wp-json\/wp\/v2\/posts\/940\/revisions"}],"wp:featuredmedia":[{"embeddable":true,"href":"https:\/\/editionsbussiere.com\/blog\/wp-json\/wp\/v2\/media\/941"}],"wp:attachment":[{"href":"https:\/\/editionsbussiere.com\/blog\/wp-json\/wp\/v2\/media?parent=940"}],"wp:term":[{"taxonomy":"category","embeddable":true,"href":"https:\/\/editionsbussiere.com\/blog\/wp-json\/wp\/v2\/categories?post=940"},{"taxonomy":"post_tag","embeddable":true,"href":"https:\/\/editionsbussiere.com\/blog\/wp-json\/wp\/v2\/tags?post=940"}],"curies":[{"name":"wp","href":"https:\/\/api.w.org\/{rel}","templated":true}]}}