{"id":920,"date":"2024-07-05T08:36:04","date_gmt":"2024-07-05T06:36:04","guid":{"rendered":"https:\/\/editionsbussiere.com\/blog\/le-vatican-a-reconnu-la-celebre-statue-de-la-vierge-marie-pleurant-du-sang-comme-etant-un-faux-photo-et-se-devouer-a-la-mere-de-dieu-marie\/"},"modified":"2024-07-05T08:36:04","modified_gmt":"2024-07-05T06:36:04","slug":"le-vatican-a-reconnu-la-celebre-statue-de-la-vierge-marie-pleurant-du-sang-comme-etant-un-faux-photo-et-se-devouer-a-la-mere-de-dieu-marie","status":"publish","type":"post","link":"https:\/\/editionsbussiere.com\/blog\/le-vatican-a-reconnu-la-celebre-statue-de-la-vierge-marie-pleurant-du-sang-comme-etant-un-faux-photo-et-se-devouer-a-la-mere-de-dieu-marie\/","title":{"rendered":"Le Vatican a reconnu la c\u00e9l\u00e8bre statue de la Vierge Marie \u00ab pleurant du sang \u00bb comme \u00e9tant un faux. Photo\n et se d\u00e9vouer \u00e0 la m\u00e8re de dieu Marie."},"content":{"rendered":"<div><img width=\"580\" height=\"303\" src=\"https:\/\/editionsbussiere.com\/blog\/wp-content\/uploads\/2024\/07\/Le-Vatican-a-reconnu-la-celebre-statue-de-la-Vierge-1024x535-1.jpg\" class=\"attachment-large size-large wp-post-image\" alt=\"Le Vatican a reconnu la c\u00e9l\u00e8bre statue de la Vierge\" style=\"float:left; margin:0 15px 15px 0;\" decoding=\"async\" srcset=\"https:\/\/editionsbussiere.com\/blog\/wp-content\/uploads\/2024\/07\/Le-Vatican-a-reconnu-la-celebre-statue-de-la-Vierge-1024x535-1.jpg 1024w, https:\/\/www.n42.fr\/wp-content\/uploads\/2024\/07\/Le-Vatican-a-reconnu-la-celebre-statue-de-la-Vierge-300x157.jpg 300w, https:\/\/www.n42.fr\/wp-content\/uploads\/2024\/07\/Le-Vatican-a-reconnu-la-celebre-statue-de-la-Vierge-768x401.jpg 768w, https:\/\/www.n42.fr\/wp-content\/uploads\/2024\/07\/Le-Vatican-a-reconnu-la-celebre-statue-de-la-Vierge-1536x802.jpg 1536w, https:\/\/www.n42.fr\/wp-content\/uploads\/2024\/07\/Le-Vatican-a-reconnu-la-celebre-statue-de-la-Vierge-1200x627.jpg 1200w, https:\/\/www.n42.fr\/wp-content\/uploads\/2024\/07\/Le-Vatican-a-reconnu-la-celebre-statue-de-la-Vierge-1980x1034.jpg 1980w, https:\/\/www.n42.fr\/wp-content\/uploads\/2024\/07\/Le-Vatican-a-reconnu-la-celebre-statue-de-la-Vierge.jpg 2010w\" sizes=\"(max-width: 580px) 100vw, 580px\"><\/p>\n<p>\n<\/p>\n<div>\n<p>Le Vatican a officiellement reconnu comme fausse la c\u00e9l\u00e8bre statue de la Vierge Marie de Trevigliano-Romano, qui pleurerait du sang. Maria Giuseppa Scarpulla, dite Gisella Cardia, qui a rapport\u00e9 la statue de Medjugorje en Bosnie-Herz\u00e9govine, a affirm\u00e9 que celle-ci s\u2019est mise \u00e0 pleurer des larmes de sang et que la femme elle-m\u00eame recevait des r\u00e9v\u00e9lations de la Vierge Marie, attirant l\u2019attention de milliers de personnes.<\/p>\n<aside class=\"banner --size_330x280\">\n<p>PUBLICIT\u00c9<\/p>\n<\/aside>\n<p>Cependant, des repr\u00e9sentants de l\u2019\u00c9glise catholique ont d\u00e9couvert que les larmes miraculeuses de la figure \u00e9taient du sang de porc, qui avait probablement \u00e9t\u00e9 appliqu\u00e9 sur la statue par Gisella Cardia, rapporte MailOnline.<\/p>\n<div class=\"newsFull_embed newsFull_imageWrap\" data-descr=\"Pilgrims from all over Italy gathered to see the ''miracle'' of the statue on the third day of each month and make confessions before it.\">\n                    <i style=\"display: block; padding-bottom: min(148.92%, 600px);\"><\/i><br \/>\n                    <img decoding=\"async\" class=\"newsFull_image\" src=\"https:\/\/editionsbussiere.com\/blog\/wp-content\/uploads\/2024\/07\/diva1.jpg\" data-srcset=\"https:\/\/editionsbussiere.com\/blog\/wp-content\/uploads\/2024\/07\/diva1.jpg\" srcset=\"https:\/\/cdn2.obozrevatel.com\/img\/lazy3x2.png\" alt=\"Le Vatican a reconnu la c\u00e9l\u00e8bre statue de la Vierge Marie \u00ab pleurant du sang \u00bb comme \u00e9tant un faux. Photo\" style=\"max-height: 600px\" loading=\"lazy\">\n                <\/div>\n<p>Les affirmations sur les super pouvoirs de la \u00ab Madone ensanglant\u00e9e \u00bb ont suscit\u00e9 une vaste controverse apr\u00e8s que des p\u00e8lerins de toute l\u2019Italie se sont rassembl\u00e9s pour assister au \u00ab miracle \u00bb de la statue le troisi\u00e8me de chaque mois et se confesser devant elle.<\/p>\n<p>Gisella Cardia, la propri\u00e9taire de la Madonna di Trevi\u00f1ano, a affirm\u00e9 que la statue versait des larmes de sang depuis 2016, tout en affirmant que la Vierge Marie lui donnait depuis lors des r\u00e9v\u00e9lations priv\u00e9es.<\/p>\n<aside class=\"banner --size_330x280\">\n<p>PUBLICIT\u00c9<\/p>\n<\/aside>\n<p>Elle se vantait \u00e9galement d\u2019avoir v\u00e9cu des ph\u00e9nom\u00e8nes surnaturels, notamment lorsqu\u2019elle avait donn\u00e9 \u00e0 manger \u00e0 15 personnes des portions infinies de pizza, de gnocchi et de lapin. Ceux qui la croyaient pensaient qu\u2019elle apportait des messages de la Vierge Marie, et certains ont m\u00eame dit qu\u2019elle avait pr\u00e9dit la pand\u00e9mie de Covid.<\/p>\n<div class=\"newsFull_embed newsFull_imageWrap\" data-descr=\"Gisella Cardia, the owner of the Madonna di Trevi\u00f1ano, has claimed that the statue has been shedding blood tears since 2016.\">\n                    <i style=\"display: block; padding-bottom: min(67.15%, 600px);\"><\/i><br \/>\n                    <img decoding=\"async\" class=\"newsFull_image\" src=\"https:\/\/editionsbussiere.com\/blog\/wp-content\/uploads\/2024\/07\/diva.jpg\" data-srcset=\"https:\/\/editionsbussiere.com\/blog\/wp-content\/uploads\/2024\/07\/diva.jpg\" srcset=\"https:\/\/cdn2.obozrevatel.com\/img\/lazy3x2.png\" alt=\"Le Vatican a reconnu la c\u00e9l\u00e8bre statue de la Vierge Marie \u00ab pleurant du sang \u00bb comme \u00e9tant un faux. Photo\" style=\"max-height: 600px\" loading=\"lazy\">\n                <\/div>\n<p>Mais l\u2019ann\u00e9e derni\u00e8re, des habitants de la petite ville de Trevignano Romano, sceptiques quant \u00e0 la pr\u00e9sence de sang dans la statue, ont fait appel \u00e0 un enqu\u00eateur priv\u00e9 qui a rencontr\u00e9 la police militaire italienne. Les habitants auraient montr\u00e9 des preuves que le liquide rouge qui sortait des yeux de la statue \u00e9tait du sang de porc.<\/p>\n<div class=\"newsFull_embed newsFull_imageWrap\" data-descr=\"The heads of the Catholic Church have recognized this ''supernatural phenomenon'' as false, having approved it by the authoritative Vatican.\">\n                    <i style=\"display: block; padding-bottom: min(67.15%, 600px);\"><\/i><br \/>\n                    <img decoding=\"async\" class=\"newsFull_image\" src=\"https:\/\/editionsbussiere.com\/blog\/wp-content\/uploads\/2024\/07\/diva2.jpg\" data-srcset=\"https:\/\/editionsbussiere.com\/blog\/wp-content\/uploads\/2024\/07\/diva2.jpg\" srcset=\"https:\/\/cdn2.obozrevatel.com\/img\/lazy3x2.png\" alt=\"Le Vatican a reconnu la c\u00e9l\u00e8bre statue de la Vierge Marie \u00ab pleurant du sang \u00bb comme \u00e9tant un faux. Photo\" style=\"max-height: 600px\" loading=\"lazy\">\n                <\/div>\n<aside class=\"banner --size_330x280\">\n<p>PUBLICIT\u00c9<\/p>\n<\/aside>\n<p>Les dirigeants de l\u2019Eglise catholique ont reconnu ce \u00ab\u00a0ph\u00e9nom\u00e8ne surnaturel\u00a0\u00bb comme faux, en le faisant approuver par le Vatican, qui fait autorit\u00e9. Ils se sont r\u00e9f\u00e9r\u00e9s \u00e0 un rapport d\u2019enqu\u00eate pr\u00e9liminaire du dioc\u00e8se de Civita-Castellan qui n\u2019a trouv\u00e9 aucun caract\u00e8re surnaturel dans la statue.<\/p>\n<p>\u00ab Il est clair que ce n\u2019est pas surnaturel. Que la Sainte Vierge Marie, M\u00e8re de J\u00e9sus, M\u00e8re de l\u2019\u00c9glise et notre M\u00e8re, r\u00e9tablisse la paix et la tranquillit\u00e9 pour le bien spirituel des fid\u00e8les de la paroisse de Trevignano Romano et du peuple de Dieu dans tout le dioc\u00e8se de Civita Castellana \u00bb, peut-on lire dans le communiqu\u00e9.<\/p>\n<p>Le communiqu\u00e9 du Dicast\u00e8re, \u00e9galement connu sous le nom d\u2019ancien Saint-Office, r\u00e9affirme avec force l\u2019interdiction faite aux pr\u00eatres d\u2019administrer les sacrements ou d\u2019accomplir des actes de pi\u00e9t\u00e9 publique li\u00e9s aux \u00e9v\u00e9nements de Trevignano Romano. L\u2019interdiction s\u2019applique \u00e0 tous les \u00e9v\u00e9nements religieux organis\u00e9s par l\u2019Association Madonna di Trevignano ETS, dirig\u00e9e par Gianni Cardia, \u00e9poux de la \u00ab\u00a0voyante\u00a0\u00bb Gisella Cardia.<\/p>\n<aside class=\"banner --size_330x280\">\n<p>PUBLICIT\u00c9<\/p>\n<\/aside>\n<p><b><em>Seulement<\/em> <em>des informations v\u00e9rifi\u00e9es sont disponibles sur la cha\u00eene Telegram OBOZ.UA et sur Viber<\/em>. <em>Ne tombez pas dans le pi\u00e8ge des contrefa\u00e7ons !<\/em><\/b><\/p>\n<aside class=\"banner --size_330x280\">\n<p>PUBLICIT\u00c9<\/p>\n<\/aside>\n<\/div>\n<h2>\n<\/h2>\n<p>La Signification de la D\u00e9votion Mariale<\/p>\n<p>L\u2019invocation \u00e0 Marie constitue un aspect essentiel de la spiritualit\u00e9 chr\u00e9tienne, solidement enracin\u00e9e dans la doctrine catholique depuis des temps imm\u00e9moriaux. C\u2019est un fondement sur lequel les croyants s\u2019reposent pour trouver r\u00e9confort, direction et intercession dans leur marche envers Dieu. Au fil du temps, cette pratique de d\u00e9votion a gagn\u00e9 en force par les enseignements de la Bible, les traditions de l\u2019\u00c9glise, ainsi que les exemples des saints et saintes qui ont honor\u00e9 Marie m\u00e8re spirituelle aimante.<\/p>\n<h3>\n<\/h3>\n<p>L\u2019application du Ave Maria<\/p>\n<p>Le Chapelet occupe une place centrale au sein de la spiritualit\u00e9 de nombreux croyants. En r\u00e9citant les myst\u00e8res joyeux, douloureux, lumineux et glorieux, les d\u00e9vots se plongent dans les moments li\u00e9s \u00e0 J\u00e9sus et Marie, renfor\u00e7ant leur lien spirituel avec eux. \u00c0 travers chaque Ave Maria, ils manifestent leur confiance en l\u2019intercession de Marie ainsi que leur aspiration \u00e0 suivre les pas du Christ. Saint Louis-Marie Grignion de Montfort, dans son livre sur la vraie d\u00e9votion \u00e0 la Sainte Vierge, encourage les chr\u00e9tiens \u00e0 pratiquer r\u00e9guli\u00e8rement la m\u00e9ditation des diff\u00e9rents myst\u00e8res du rosaire afin de renforcer leur lien avec la M\u00e8re de Dieu. Cette pratique ancienne, h\u00e9rit\u00e9e de g\u00e9n\u00e9ration en g\u00e9n\u00e9ration, demeure un phare spirituel pour ceux qui ont la foi, les aidant \u00e0 se connecter avec la divine Dame du Ciel.<\/p>\n<h3>\n<\/h3>\n<p>L\u2019exhortation \u00e0 la pri\u00e8re<\/p>\n<p>Prions ensemble, en tant que fr\u00e8res et s\u0153urs, fr\u00e8res et s\u0153urs, dans l\u2019unit\u00e9 de notre esp\u00e9rance, en nous tournant vers Marie, la m\u00e8re de J\u00e9sus. Dans notre monde troubl\u00e9 par les conflits et la division, optons \u00e0 la pri\u00e8re comme un moyen pour retrouver la s\u00e9r\u00e9nit\u00e9 et la r\u00e9conciliation. Il est possible envoyer des v\u0153ux pour Marie <a target=\"_blank\" rel=\"nofollow\" href=\"https:\/\/editionsbussiere.com\/blog\/goto\/https:\/\/www.avemariasound.org\/\" >sur le web.<\/a> Que nos supplications montent vers le ciel, comme un hommage agr\u00e9able \u00e0 Dieu, afin qu\u2019il puisse \u00e9clairer nos pas vers la voie de la justice et de la v\u00e9rit\u00e9. L\u2019ap\u00f4tre Paul nous dans ses \u00e9p\u00eetres \u00e0 prier sans cesse, quelle que soit la situation, afin que notre communion avec Dieu soit constante et ardente. La pri\u00e8re, lorsqu\u2019elle est offerte sinc\u00e8rement, a la capacit\u00e9 de transformer nos c\u0153urs et de modifier le cours de l\u2019histoire.<\/p>\n<h2>\n<\/h2>\n<p>L\u2019enseignement du Pape Fran\u00e7ois<\/p>\n<p>Le Saint-P\u00e8re, dans ses enseignements \u00e9clair\u00e9s, disponibles gr\u00e2ce \u00e0 Bayard, nous rappelle l\u2019importance de la pri\u00e8re quotidienne. Par le biais de ses hom\u00e9lies et de ses audiences publiques, il nous incite \u00e0 d\u00e9velopper une connexion personnelle avec le divin, en s\u2019appuyant sur la m\u00e9ditation de la Parole biblique et la pratique du Rosaire. Son exemple de compassion et d\u2019humilit\u00e9 nous encourage \u00e0 approfondir davantage nos pri\u00e8res et \u00e0 chercher la pr\u00e9sence divine dans tous les domaines de notre quotidien. Saint Jean-Paul II, dans son \u00e9crit sur la foi chr\u00e9tienne, nous souligne que la pri\u00e8re est la base de la vie de foi et par elle que nous nous unissons au divin. La pratique de la pri\u00e8re, transmise par les pontifes de g\u00e9n\u00e9ration en g\u00e9n\u00e9ration, est une bou\u00e9e d\u2019espoir dans les temp\u00eates, un roc solide sur lequel nous pouvons compter.<\/p>\n<h3>\n<\/h3>\n<p>Les publications \u00e9crits par Leli\u00e8vre et Hubert<\/p>\n<p>Dans le contexte de la vie de foi, l\u2019\u00e9glise recommande vivement la pri\u00e8re, et durant les moments de pri\u00e8re, les fid\u00e8les effectuent le signe de croix et r\u00e9citent le Je vous salue Marie. Des intellectuels contemporains, tels que Leli\u00e8vre et Hubert, nous convient \u00e9galement \u00e0 m\u00e9diter sur la force de la pri\u00e8re, dans leurs ouvrages inspirants. Leurs publications, porteurs de riches enseignements spirituels, nous orientent sur le chemin de la foi et nous invitent \u00e0 trouver dans les richesses de la tradition chr\u00e9tienne pour nourrir notre vie spirituelle. Par la m\u00e9ditation sur leurs ouvrages, nous explorons de nouvelles mani\u00e8res d\u2019approfondir notre connexion avec le divin et de grandir dans la saintet\u00e9. Saint Jean, dans l\u2019\u00c9vangile, nous rappelle que la pri\u00e8re est une puissante voie de demeurer en communion avec Dieu et de recevoir de ses gr\u00e2ces. Chaque page de leurs \u00e9crits ressemble \u00e0 un appel \u00e0 une pri\u00e8re fervente et \u00e0 une vie impr\u00e9gn\u00e9e de la pr\u00e9sence divine. Dans notre qu\u00eate de spiritualit\u00e9, chaque lecture devient une invitation \u00e0 aspirer \u00e0 le sacr\u00e9, \u00e0 travers la m\u00e9ditation et la contemplation.<\/p>\n<h3>\n<\/h3>\n<p>L\u2019acte de prier dans la chapelle<\/p>\n<p>Dans nos chapelles modestes ou majestueuses, orientons-nous vers Dieu en toute confiance et humilit\u00e9, sachant qu\u2019il \u00e9coute nos supplications avec amour et sollicitude. Que chaque flamme vacillante, chaque chapelet r\u00e9cit\u00e9, soit une offrande \u00e0 notre Seigneur et \u00e0 sa sainte m\u00e8re, Marie. Que nos instants de d\u00e9votion dans la chapelle soient des moments de gr\u00e2ce et de renouvellement spirituel, nous renfor\u00e7ant pour faire face \u00e0 les challenges avec courage et foi. La sainte Bernadette Soubirous, qui a re\u00e7u les apparitions de la Vierge Marie \u00e0 Lourdes, nous montre la valeur de la pri\u00e8re dans la vie des fid\u00e8les et l\u2019efficacit\u00e9 de l\u2019intercession de la Sainte Vierge. Chaque personne qui entre dans une chapelle, chaque page de la Bible lue dans ce lieu sacr\u00e9, constitue une rencontre avec le divin, une \u00e9tape dans le processus de transformation spirituelle. \u00c0 travers les pages des Saintes \u00c9critures, tout croyant est encourag\u00e9 \u00e0 m\u00e9diter sur la croix du Christ, \u00e0 r\u00e9fl\u00e9chir \u00e0 son sacrifice, et \u00e0 trouver r\u00e9confort et espoir dans la gr\u00e2ce salvatrice qu\u2019elle offre.<\/p>\n<h2>\nL\u2019acte de prier comme m\u00e9decine pour l\u2019esprit<br \/>\n<\/h2>\n<p>Tel un m\u00e9decin pour nos \u00e2mes, l\u2019acte de prier nous gu\u00e9rit ainsi que nous fortifie au cours des p\u00e9riodes de douleur et de d\u00e9sespoir. La pri\u00e8re nous rappelle que Dieu est toujours avec nous, m\u00eame lorsque nous traversons les t\u00e9n\u00e8bres les plus profondes de notre existence. En nous penchant vers lui \u00e0 travers la pri\u00e8re, nous trouvons la force int\u00e9rieure dont nous avons besoin pour surmonter les \u00e9preuves et pour faire face \u00e0 l\u2019avenir avec espoir et confiance. L\u2019acte de prier est comme une source d\u2019eau vive qui apaise notre soif spirituelle et, au cours de notre marche avec Dieu, nous r\u00e9g\u00e9n\u00e8re.<br \/>\n\u00c0 chaque pri\u00e8re prononc\u00e9e, \u00e0 chaque intention confi\u00e9e, notre \u00e2me trouve une paix divine, une gu\u00e9rison c\u00e9leste, qui transcende les limitations humaines. Chaque passage des \u00c9critures est une invitation \u00e0 dialoguer avec Dieu, \u00e0 lui remettre nos fardeaux, et \u00e0 accueillir sa gr\u00e2ce transformatrice.<\/p>\n<h2>Une vision alternative sur la pri\u00e8re \u00e0 Marie<\/h2>\n<p>La pri\u00e8re \u00e0 Marie constitue une pratique \u00e9troitement enracin\u00e9e dans la tradition religieuse catholique chr\u00e9tienne, fournissant un lien spirituel pr\u00e9cieux pour les adeptes de tous horizons. Comme figure maternelle spirituelle et interm\u00e9diaire, elle est invoqu\u00e9e avec d\u00e9votion dans les moments de d\u00e9tresse et de louange. Le chapelet, avec ses myst\u00e8res contemplatifs, dirige les fid\u00e8les dans leur cheminement spirituel, les aidant \u00e0 m\u00e9diter sur J\u00e9sus, son fils, \u00e0 travers les yeux de la Vierge Marie. Cette d\u00e9votion \u00e0 Marie se refl\u00e8te dans les sanctuaires comme le sanctuaire de Lourdes, o\u00f9 les fid\u00e8les convergent \u00e0 la recherche de consolation et de gu\u00e9rison, repr\u00e9sentant la profonde connexion entre la foi catholique et la v\u00e9n\u00e9ration de la Vierge Marie. Les \u00e9crits inspirants d\u2019\u00e9minents th\u00e9ologiens comme Leli\u00e8vre et Hubert offrent une r\u00e9flexion pr\u00e9cieuse sur la valeur de la pri\u00e8re \u00e0 Marie et son impact sur la spiritualit\u00e9 des croyants. Gr\u00e2ce \u00e0 une lecture attentive de textes religieux et spirituels, les adeptes approfondissent leur compr\u00e9hension de l\u2019adoration de Marie et nourrissent un lien plus fort avec Marie, notre m\u00e8re spirituelle. Dans un monde marqu\u00e9 par les conflits et les hostilit\u00e9s, l\u2019invocation de Marie offre un refuge de calme et de confiance, invitant chaque personne, ind\u00e9pendamment de son rang dans la foi catholique, \u00e0 solliciter la Vierge Marie avec confiance et d\u00e9votion. Prions donc ensemble, avec un c\u0153ur humble et sinc\u00e8re, en saluant Marie comme notre m\u00e8re et notre intercesseur, en lui confiant nos v\u0153ux et nos aspirations les plus profondes. Dans cette d\u00e9marche de foi, chaque fid\u00e8le est appel\u00e9 \u00e0 suivre la voie des pri\u00e8res et des d\u00e9sirs du c\u0153ur, guid\u00e9 par le saint P\u00e8re et les ressources spirituelles inestimables offertes par des plateformes telles que Aleteia. Ainsi, avec une humble confiance et un c\u0153ur ouvert, saluons Marie dans notre pri\u00e8re quotidienne, lui demandant de nous interc\u00e9der, et la force de continuer dans la pri\u00e8re fervente.<br \/>\nQue la pri\u00e8re devienne notre sanctuaire et notre apaisement quelle que soit la situation. Que nous nous orientions vers Marie, notre m\u00e8re c\u00e9leste, avec un c\u0153ur ouvert et une croyance in\u00e9branlable, sachant qu\u2019elle interc\u00e8de pour nous aupr\u00e8s de son fils bien-aim\u00e9. Que notre d\u00e9votion nous guide dans notre qu\u00eate de saintet\u00e9, nous approchant toujours plus de Dieu et de son amour sans limites.<\/p>\n<p>Bibliographie :<\/p>\n<p>Savoir aimer\/Cantique \u00e0 la reine.,<a target=\"_blank\" rel=\"nofollow\" href=\"https:\/\/editionsbussiere.com\/blog\/goto\/https:\/\/fr.wikisource.org\/wiki\/Savoir_aimer\/Cantique_%C3%A0_la_reine\"  target=\"_blank\" rel=\"noopener noreferrer nofollow\">Le dossier.<\/a><span><\/span><\/p>\n<p>Liturgie de saint Jean Chrysostome\/Liturgie des Cat\u00e9chum\u00e8nes.,<a target=\"_blank\" rel=\"nofollow\" href=\"https:\/\/editionsbussiere.com\/blog\/goto\/https:\/\/fr.wikisource.org\/wiki\/Liturgie_de_saint_Jean_Chrysostome\/Liturgie_des_Cat%C3%A9chum%C3%A8nes\"  target=\"_blank\" rel=\"noopener noreferrer nofollow\">Article complet.<\/a><span><\/span><\/p>\n<p>Les P\u00e8res de l\u2019\u00c9glise\/Tome 3\/Livre III.,<a target=\"_blank\" rel=\"nofollow\" href=\"https:\/\/editionsbussiere.com\/blog\/goto\/https:\/\/fr.wikisource.org\/wiki\/Les_P%C3%A8res_de_l%E2%80%99%C3%89glise\/Tome_3\/Livre_III\"  target=\"_blank\" rel=\"noopener noreferrer nofollow\">Le dossier.<\/a><span><\/span><\/p>\n<p>La Th\u00e9ba\u00efde en Am\u00e9rique.,<a target=\"_blank\" rel=\"nofollow\" href=\"https:\/\/editionsbussiere.com\/blog\/goto\/https:\/\/fr.wikisource.org\/wiki\/La_Th%C3%A9ba%C3%AFde_en_Am%C3%A9rique\"  target=\"_blank\" rel=\"noopener noreferrer nofollow\">Le post d\u2019actualit\u00e9.<\/a><span><\/span><\/p>\n<p>Histoire de la R\u00e9volution russe (1905-1917)\/Chapitre XXX.,<a target=\"_blank\" rel=\"nofollow\" href=\"https:\/\/editionsbussiere.com\/blog\/goto\/https:\/\/fr.wikisource.org\/wiki\/Histoire_de_la_R%C3%A9volution_russe_(1905-1917)\/Chapitre_XXX\"  target=\"_blank\" rel=\"noopener noreferrer nofollow\">Article complet.<\/a><span><\/span><\/p>\n<p>Cinq Pri\u00e8res pour le temps de la guerre\/De la femme d\u2019un soldat.,<a target=\"_blank\" rel=\"nofollow\" href=\"https:\/\/editionsbussiere.com\/blog\/goto\/https:\/\/fr.wikisource.org\/wiki\/Cinq_Pri%C3%A8res_pour_le_temps_de_la_guerre\/De_la_femme_d%E2%80%99un_soldat\"  target=\"_blank\" rel=\"noopener noreferrer nofollow\">A lire ici.<\/a><span><\/span><\/p>\n<\/div>\n<p><img decoding=\"async\" class=\"wpe_imgrss\" src=\"https:\/\/editionsbussiere.com\/blog\/wp-content\/uploads\/2024\/07\/Le-Vatican-a-reconnu-la-celebre-statue-de-la-Vierge-1024x535-1.jpg\">Cet article a \u00e9t\u00e9 reconstitu\u00e9 du mieux possible. Dans l\u2019hypoth\u00e8se o\u00f9 vous souhaitez apporter quelques modifications concernant le th\u00e8me \u00ab\u00a0Editions \u00e9sot\u00e9rique fond\u00e9e en 1927\u00a0\u00bb, il est possible de discuter avec notre r\u00e9daction. Vous pouvez tirer profit de cet article traitant le sujet \u00ab\u00a0Editions \u00e9sot\u00e9rique fond\u00e9e en 1927\u00a0\u00bb. Il est concoct\u00e9 par l\u2019\u00e9quipe editionsbussiere.com. Le site editionsbussiere.com est fait pour cr\u00e9er divers posts autour du th\u00e8me Editions \u00e9sot\u00e9rique fond\u00e9e en 1927 d\u00e9velopp\u00e9es sur internet. Consultez notre site internet editionsbussiere.com et nos r\u00e9seaux sociaux pour \u00eatre au courant des futures annonces.<\/p>\n","protected":false},"excerpt":{"rendered":"<p>Le Vatican a officiellement reconnu comme fausse la c\u00e9l\u00e8bre statue de la Vierge Marie de Trevigliano-Romano, qui pleurerait du sang. Maria Giuseppa Scarpulla, dite Gisella Cardia, qui a rapport\u00e9 la statue de Medjugorje en Bosnie-Herz\u00e9govine, a affirm\u00e9 que celle-ci s\u2019est mise \u00e0 pleurer des larmes de sang et que la femme elle-m\u00eame recevait des r\u00e9v\u00e9lations [&hellip;]<\/p>\n","protected":false},"author":3,"featured_media":921,"comment_status":"closed","ping_status":"closed","sticky":false,"template":"","format":"standard","meta":{"footnotes":""},"categories":[3],"tags":[],"class_list":["post-920","post","type-post","status-publish","format-standard","has-post-thumbnail","hentry","category-editions-esoterique-fondee-en-1927-depeches","entry","fw-tab-6 fw-tabr-4","has-featured-image"],"yoast_head":"<!-- This site is optimized with the Yoast SEO plugin v27.5 - https:\/\/yoast.com\/product\/yoast-seo-wordpress\/ -->\n<title>Le Vatican a reconnu la c\u00e9l\u00e8bre statue de la Vierge Marie \u00ab pleurant du sang \u00bb comme \u00e9tant un faux. Photo et se d\u00e9vouer \u00e0 la m\u00e8re de dieu Marie. - EDITIONSBUSSIERE<\/title>\n<meta name=\"robots\" content=\"index, follow, max-snippet:-1, max-image-preview:large, max-video-preview:-1\" \/>\n<link rel=\"canonical\" href=\"https:\/\/editionsbussiere.com\/blog\/le-vatican-a-reconnu-la-celebre-statue-de-la-vierge-marie-pleurant-du-sang-comme-etant-un-faux-photo-et-se-devouer-a-la-mere-de-dieu-marie\/\" \/>\n<meta property=\"og:locale\" content=\"fr_FR\" \/>\n<meta property=\"og:type\" content=\"article\" \/>\n<meta property=\"og:title\" content=\"Le Vatican a reconnu la c\u00e9l\u00e8bre statue de la Vierge Marie \u00ab pleurant du sang \u00bb comme \u00e9tant un faux. Photo et se d\u00e9vouer \u00e0 la m\u00e8re de dieu Marie. - EDITIONSBUSSIERE\" \/>\n<meta property=\"og:description\" content=\"Le Vatican a officiellement reconnu comme fausse la c\u00e9l\u00e8bre statue de la Vierge Marie de Trevigliano-Romano, qui pleurerait du sang. Maria Giuseppa Scarpulla, dite Gisella Cardia, qui a rapport\u00e9 la statue de Medjugorje en Bosnie-Herz\u00e9govine, a affirm\u00e9 que celle-ci s\u2019est mise \u00e0 pleurer des larmes de sang et que la femme elle-m\u00eame recevait des r\u00e9v\u00e9lations [&hellip;]\" \/>\n<meta property=\"og:url\" content=\"https:\/\/editionsbussiere.com\/blog\/le-vatican-a-reconnu-la-celebre-statue-de-la-vierge-marie-pleurant-du-sang-comme-etant-un-faux-photo-et-se-devouer-a-la-mere-de-dieu-marie\/\" \/>\n<meta property=\"og:site_name\" content=\"EDITIONSBUSSIERE\" \/>\n<meta property=\"article:published_time\" content=\"2024-07-05T06:36:04+00:00\" \/>\n<meta property=\"og:image\" content=\"https:\/\/editionsbussiere.com\/blog\/wp-content\/uploads\/2024\/07\/Le-Vatican-a-reconnu-la-celebre-statue-de-la-Vierge-1024x535-1.jpg\" \/>\n<meta name=\"author\" content=\"Marie BATICLE\" \/>\n<meta name=\"twitter:card\" content=\"summary_large_image\" \/>\n<meta name=\"twitter:label1\" content=\"\u00c9crit par\" \/>\n\t<meta name=\"twitter:data1\" content=\"Marie BATICLE\" \/>\n\t<meta name=\"twitter:label2\" content=\"Dur\u00e9e de lecture estim\u00e9e\" \/>\n\t<meta name=\"twitter:data2\" content=\"11 minutes\" \/>\n<script type=\"application\/ld+json\" class=\"yoast-schema-graph\">{\"@context\":\"https:\\\/\\\/schema.org\",\"@graph\":[{\"@type\":\"Article\",\"@id\":\"https:\\\/\\\/editionsbussiere.com\\\/blog\\\/le-vatican-a-reconnu-la-celebre-statue-de-la-vierge-marie-pleurant-du-sang-comme-etant-un-faux-photo-et-se-devouer-a-la-mere-de-dieu-marie\\\/#article\",\"isPartOf\":{\"@id\":\"https:\\\/\\\/editionsbussiere.com\\\/blog\\\/le-vatican-a-reconnu-la-celebre-statue-de-la-vierge-marie-pleurant-du-sang-comme-etant-un-faux-photo-et-se-devouer-a-la-mere-de-dieu-marie\\\/\"},\"author\":{\"name\":\"Marie BATICLE\",\"@id\":\"https:\\\/\\\/editionsbussiere.com\\\/blog\\\/#\\\/schema\\\/person\\\/ec90e102792148c97e46ab871010dd8f\"},\"headline\":\"Le Vatican a reconnu la c\u00e9l\u00e8bre statue de la Vierge Marie \u00ab pleurant du sang \u00bb comme \u00e9tant un faux. Photo et se d\u00e9vouer \u00e0 la m\u00e8re de dieu Marie.\",\"datePublished\":\"2024-07-05T06:36:04+00:00\",\"mainEntityOfPage\":{\"@id\":\"https:\\\/\\\/editionsbussiere.com\\\/blog\\\/le-vatican-a-reconnu-la-celebre-statue-de-la-vierge-marie-pleurant-du-sang-comme-etant-un-faux-photo-et-se-devouer-a-la-mere-de-dieu-marie\\\/\"},\"wordCount\":2307,\"publisher\":{\"@id\":\"https:\\\/\\\/editionsbussiere.com\\\/blog\\\/#organization\"},\"image\":{\"@id\":\"https:\\\/\\\/editionsbussiere.com\\\/blog\\\/le-vatican-a-reconnu-la-celebre-statue-de-la-vierge-marie-pleurant-du-sang-comme-etant-un-faux-photo-et-se-devouer-a-la-mere-de-dieu-marie\\\/#primaryimage\"},\"thumbnailUrl\":\"https:\\\/\\\/editionsbussiere.com\\\/blog\\\/wp-content\\\/uploads\\\/2024\\\/07\\\/Le-Vatican-a-reconnu-la-celebre-statue-de-la-Vierge-1024x535-1.jpg\",\"articleSection\":[\"Editions \u00c9sot\u00e9rique Fond\u00e9e En 1927; D\u00e9p\u00e8ches:\"],\"inLanguage\":\"fr-FR\"},{\"@type\":\"WebPage\",\"@id\":\"https:\\\/\\\/editionsbussiere.com\\\/blog\\\/le-vatican-a-reconnu-la-celebre-statue-de-la-vierge-marie-pleurant-du-sang-comme-etant-un-faux-photo-et-se-devouer-a-la-mere-de-dieu-marie\\\/\",\"url\":\"https:\\\/\\\/editionsbussiere.com\\\/blog\\\/le-vatican-a-reconnu-la-celebre-statue-de-la-vierge-marie-pleurant-du-sang-comme-etant-un-faux-photo-et-se-devouer-a-la-mere-de-dieu-marie\\\/\",\"name\":\"Le Vatican a reconnu la c\u00e9l\u00e8bre statue de la Vierge Marie \u00ab pleurant du sang \u00bb comme \u00e9tant un faux. Photo et se d\u00e9vouer \u00e0 la m\u00e8re de dieu Marie. - EDITIONSBUSSIERE\",\"isPartOf\":{\"@id\":\"https:\\\/\\\/editionsbussiere.com\\\/blog\\\/#website\"},\"primaryImageOfPage\":{\"@id\":\"https:\\\/\\\/editionsbussiere.com\\\/blog\\\/le-vatican-a-reconnu-la-celebre-statue-de-la-vierge-marie-pleurant-du-sang-comme-etant-un-faux-photo-et-se-devouer-a-la-mere-de-dieu-marie\\\/#primaryimage\"},\"image\":{\"@id\":\"https:\\\/\\\/editionsbussiere.com\\\/blog\\\/le-vatican-a-reconnu-la-celebre-statue-de-la-vierge-marie-pleurant-du-sang-comme-etant-un-faux-photo-et-se-devouer-a-la-mere-de-dieu-marie\\\/#primaryimage\"},\"thumbnailUrl\":\"https:\\\/\\\/editionsbussiere.com\\\/blog\\\/wp-content\\\/uploads\\\/2024\\\/07\\\/Le-Vatican-a-reconnu-la-celebre-statue-de-la-Vierge-1024x535-1.jpg\",\"datePublished\":\"2024-07-05T06:36:04+00:00\",\"breadcrumb\":{\"@id\":\"https:\\\/\\\/editionsbussiere.com\\\/blog\\\/le-vatican-a-reconnu-la-celebre-statue-de-la-vierge-marie-pleurant-du-sang-comme-etant-un-faux-photo-et-se-devouer-a-la-mere-de-dieu-marie\\\/#breadcrumb\"},\"inLanguage\":\"fr-FR\",\"potentialAction\":[{\"@type\":\"ReadAction\",\"target\":[\"https:\\\/\\\/editionsbussiere.com\\\/blog\\\/le-vatican-a-reconnu-la-celebre-statue-de-la-vierge-marie-pleurant-du-sang-comme-etant-un-faux-photo-et-se-devouer-a-la-mere-de-dieu-marie\\\/\"]}]},{\"@type\":\"ImageObject\",\"inLanguage\":\"fr-FR\",\"@id\":\"https:\\\/\\\/editionsbussiere.com\\\/blog\\\/le-vatican-a-reconnu-la-celebre-statue-de-la-vierge-marie-pleurant-du-sang-comme-etant-un-faux-photo-et-se-devouer-a-la-mere-de-dieu-marie\\\/#primaryimage\",\"url\":\"https:\\\/\\\/editionsbussiere.com\\\/blog\\\/wp-content\\\/uploads\\\/2024\\\/07\\\/Le-Vatican-a-reconnu-la-celebre-statue-de-la-Vierge-1024x535-1.jpg\",\"contentUrl\":\"https:\\\/\\\/editionsbussiere.com\\\/blog\\\/wp-content\\\/uploads\\\/2024\\\/07\\\/Le-Vatican-a-reconnu-la-celebre-statue-de-la-Vierge-1024x535-1.jpg\",\"width\":1024,\"height\":535,\"caption\":\"Le Vatican a reconnu la celebre statue de la Vierge 1024x535 1\"},{\"@type\":\"BreadcrumbList\",\"@id\":\"https:\\\/\\\/editionsbussiere.com\\\/blog\\\/le-vatican-a-reconnu-la-celebre-statue-de-la-vierge-marie-pleurant-du-sang-comme-etant-un-faux-photo-et-se-devouer-a-la-mere-de-dieu-marie\\\/#breadcrumb\",\"itemListElement\":[{\"@type\":\"ListItem\",\"position\":1,\"name\":\"Accueil\",\"item\":\"https:\\\/\\\/editionsbussiere.com\\\/blog\\\/\"},{\"@type\":\"ListItem\",\"position\":2,\"name\":\"Le Vatican a reconnu la c\u00e9l\u00e8bre statue de la Vierge Marie \u00ab pleurant du sang \u00bb comme \u00e9tant un faux. Photo et se d\u00e9vouer \u00e0 la m\u00e8re de dieu Marie.\"}]},{\"@type\":\"WebSite\",\"@id\":\"https:\\\/\\\/editionsbussiere.com\\\/blog\\\/#website\",\"url\":\"https:\\\/\\\/editionsbussiere.com\\\/blog\\\/\",\"name\":\"EDITIONSBUSSIERE\",\"description\":\"Editions \u00e9sot\u00e9rique fond\u00e9e en 1927; site historique, A SAVOIR ET RETENIR.\",\"publisher\":{\"@id\":\"https:\\\/\\\/editionsbussiere.com\\\/blog\\\/#organization\"},\"potentialAction\":[{\"@type\":\"SearchAction\",\"target\":{\"@type\":\"EntryPoint\",\"urlTemplate\":\"https:\\\/\\\/editionsbussiere.com\\\/blog\\\/?s={search_term_string}\"},\"query-input\":{\"@type\":\"PropertyValueSpecification\",\"valueRequired\":true,\"valueName\":\"search_term_string\"}}],\"inLanguage\":\"fr-FR\"},{\"@type\":\"Organization\",\"@id\":\"https:\\\/\\\/editionsbussiere.com\\\/blog\\\/#organization\",\"name\":\"editionsbussiere\",\"url\":\"https:\\\/\\\/editionsbussiere.com\\\/blog\\\/\",\"logo\":{\"@type\":\"ImageObject\",\"inLanguage\":\"fr-FR\",\"@id\":\"https:\\\/\\\/editionsbussiere.com\\\/blog\\\/#\\\/schema\\\/logo\\\/image\\\/\",\"url\":\"https:\\\/\\\/editionsbussiere.com\\\/blog\\\/wp-content\\\/uploads\\\/2023\\\/09\\\/cropped-buss.gif\",\"contentUrl\":\"https:\\\/\\\/editionsbussiere.com\\\/blog\\\/wp-content\\\/uploads\\\/2023\\\/09\\\/cropped-buss.gif\",\"width\":298,\"height\":120,\"caption\":\"editionsbussiere\"},\"image\":{\"@id\":\"https:\\\/\\\/editionsbussiere.com\\\/blog\\\/#\\\/schema\\\/logo\\\/image\\\/\"}},{\"@type\":\"Person\",\"@id\":\"https:\\\/\\\/editionsbussiere.com\\\/blog\\\/#\\\/schema\\\/person\\\/ec90e102792148c97e46ab871010dd8f\",\"name\":\"Marie BATICLE\",\"image\":{\"@type\":\"ImageObject\",\"inLanguage\":\"fr-FR\",\"@id\":\"https:\\\/\\\/secure.gravatar.com\\\/avatar\\\/c923e52403b1b8137e2d929127211d21967e6aecaa053bd43b09da29f212e76e?s=96&d=mm&r=g\",\"url\":\"https:\\\/\\\/secure.gravatar.com\\\/avatar\\\/c923e52403b1b8137e2d929127211d21967e6aecaa053bd43b09da29f212e76e?s=96&d=mm&r=g\",\"contentUrl\":\"https:\\\/\\\/secure.gravatar.com\\\/avatar\\\/c923e52403b1b8137e2d929127211d21967e6aecaa053bd43b09da29f212e76e?s=96&d=mm&r=g\",\"caption\":\"Marie BATICLE\"},\"url\":\"https:\\\/\\\/editionsbussiere.com\\\/blog\\\/author\\\/eremarie\\\/\"}]}<\/script>\n<!-- \/ Yoast SEO plugin. -->","yoast_head_json":{"title":"Le Vatican a reconnu la c\u00e9l\u00e8bre statue de la Vierge Marie \u00ab pleurant du sang \u00bb comme \u00e9tant un faux. Photo et se d\u00e9vouer \u00e0 la m\u00e8re de dieu Marie. - EDITIONSBUSSIERE","robots":{"index":"index","follow":"follow","max-snippet":"max-snippet:-1","max-image-preview":"max-image-preview:large","max-video-preview":"max-video-preview:-1"},"canonical":"https:\/\/editionsbussiere.com\/blog\/le-vatican-a-reconnu-la-celebre-statue-de-la-vierge-marie-pleurant-du-sang-comme-etant-un-faux-photo-et-se-devouer-a-la-mere-de-dieu-marie\/","og_locale":"fr_FR","og_type":"article","og_title":"Le Vatican a reconnu la c\u00e9l\u00e8bre statue de la Vierge Marie \u00ab pleurant du sang \u00bb comme \u00e9tant un faux. Photo et se d\u00e9vouer \u00e0 la m\u00e8re de dieu Marie. - EDITIONSBUSSIERE","og_description":"Le Vatican a officiellement reconnu comme fausse la c\u00e9l\u00e8bre statue de la Vierge Marie de Trevigliano-Romano, qui pleurerait du sang. Maria Giuseppa Scarpulla, dite Gisella Cardia, qui a rapport\u00e9 la statue de Medjugorje en Bosnie-Herz\u00e9govine, a affirm\u00e9 que celle-ci s\u2019est mise \u00e0 pleurer des larmes de sang et que la femme elle-m\u00eame recevait des r\u00e9v\u00e9lations [&hellip;]","og_url":"https:\/\/editionsbussiere.com\/blog\/le-vatican-a-reconnu-la-celebre-statue-de-la-vierge-marie-pleurant-du-sang-comme-etant-un-faux-photo-et-se-devouer-a-la-mere-de-dieu-marie\/","og_site_name":"EDITIONSBUSSIERE","article_published_time":"2024-07-05T06:36:04+00:00","og_image":[{"url":"https:\/\/editionsbussiere.com\/blog\/wp-content\/uploads\/2024\/07\/Le-Vatican-a-reconnu-la-celebre-statue-de-la-Vierge-1024x535-1.jpg","type":"","width":"","height":""}],"author":"Marie BATICLE","twitter_card":"summary_large_image","twitter_misc":{"\u00c9crit par":"Marie BATICLE","Dur\u00e9e de lecture estim\u00e9e":"11 minutes"},"schema":{"@context":"https:\/\/schema.org","@graph":[{"@type":"Article","@id":"https:\/\/editionsbussiere.com\/blog\/le-vatican-a-reconnu-la-celebre-statue-de-la-vierge-marie-pleurant-du-sang-comme-etant-un-faux-photo-et-se-devouer-a-la-mere-de-dieu-marie\/#article","isPartOf":{"@id":"https:\/\/editionsbussiere.com\/blog\/le-vatican-a-reconnu-la-celebre-statue-de-la-vierge-marie-pleurant-du-sang-comme-etant-un-faux-photo-et-se-devouer-a-la-mere-de-dieu-marie\/"},"author":{"name":"Marie BATICLE","@id":"https:\/\/editionsbussiere.com\/blog\/#\/schema\/person\/ec90e102792148c97e46ab871010dd8f"},"headline":"Le Vatican a reconnu la c\u00e9l\u00e8bre statue de la Vierge Marie \u00ab pleurant du sang \u00bb comme \u00e9tant un faux. Photo et se d\u00e9vouer \u00e0 la m\u00e8re de dieu Marie.","datePublished":"2024-07-05T06:36:04+00:00","mainEntityOfPage":{"@id":"https:\/\/editionsbussiere.com\/blog\/le-vatican-a-reconnu-la-celebre-statue-de-la-vierge-marie-pleurant-du-sang-comme-etant-un-faux-photo-et-se-devouer-a-la-mere-de-dieu-marie\/"},"wordCount":2307,"publisher":{"@id":"https:\/\/editionsbussiere.com\/blog\/#organization"},"image":{"@id":"https:\/\/editionsbussiere.com\/blog\/le-vatican-a-reconnu-la-celebre-statue-de-la-vierge-marie-pleurant-du-sang-comme-etant-un-faux-photo-et-se-devouer-a-la-mere-de-dieu-marie\/#primaryimage"},"thumbnailUrl":"https:\/\/editionsbussiere.com\/blog\/wp-content\/uploads\/2024\/07\/Le-Vatican-a-reconnu-la-celebre-statue-de-la-Vierge-1024x535-1.jpg","articleSection":["Editions \u00c9sot\u00e9rique Fond\u00e9e En 1927; D\u00e9p\u00e8ches:"],"inLanguage":"fr-FR"},{"@type":"WebPage","@id":"https:\/\/editionsbussiere.com\/blog\/le-vatican-a-reconnu-la-celebre-statue-de-la-vierge-marie-pleurant-du-sang-comme-etant-un-faux-photo-et-se-devouer-a-la-mere-de-dieu-marie\/","url":"https:\/\/editionsbussiere.com\/blog\/le-vatican-a-reconnu-la-celebre-statue-de-la-vierge-marie-pleurant-du-sang-comme-etant-un-faux-photo-et-se-devouer-a-la-mere-de-dieu-marie\/","name":"Le Vatican a reconnu la c\u00e9l\u00e8bre statue de la Vierge Marie \u00ab pleurant du sang \u00bb comme \u00e9tant un faux. Photo et se d\u00e9vouer \u00e0 la m\u00e8re de dieu Marie. - EDITIONSBUSSIERE","isPartOf":{"@id":"https:\/\/editionsbussiere.com\/blog\/#website"},"primaryImageOfPage":{"@id":"https:\/\/editionsbussiere.com\/blog\/le-vatican-a-reconnu-la-celebre-statue-de-la-vierge-marie-pleurant-du-sang-comme-etant-un-faux-photo-et-se-devouer-a-la-mere-de-dieu-marie\/#primaryimage"},"image":{"@id":"https:\/\/editionsbussiere.com\/blog\/le-vatican-a-reconnu-la-celebre-statue-de-la-vierge-marie-pleurant-du-sang-comme-etant-un-faux-photo-et-se-devouer-a-la-mere-de-dieu-marie\/#primaryimage"},"thumbnailUrl":"https:\/\/editionsbussiere.com\/blog\/wp-content\/uploads\/2024\/07\/Le-Vatican-a-reconnu-la-celebre-statue-de-la-Vierge-1024x535-1.jpg","datePublished":"2024-07-05T06:36:04+00:00","breadcrumb":{"@id":"https:\/\/editionsbussiere.com\/blog\/le-vatican-a-reconnu-la-celebre-statue-de-la-vierge-marie-pleurant-du-sang-comme-etant-un-faux-photo-et-se-devouer-a-la-mere-de-dieu-marie\/#breadcrumb"},"inLanguage":"fr-FR","potentialAction":[{"@type":"ReadAction","target":["https:\/\/editionsbussiere.com\/blog\/le-vatican-a-reconnu-la-celebre-statue-de-la-vierge-marie-pleurant-du-sang-comme-etant-un-faux-photo-et-se-devouer-a-la-mere-de-dieu-marie\/"]}]},{"@type":"ImageObject","inLanguage":"fr-FR","@id":"https:\/\/editionsbussiere.com\/blog\/le-vatican-a-reconnu-la-celebre-statue-de-la-vierge-marie-pleurant-du-sang-comme-etant-un-faux-photo-et-se-devouer-a-la-mere-de-dieu-marie\/#primaryimage","url":"https:\/\/editionsbussiere.com\/blog\/wp-content\/uploads\/2024\/07\/Le-Vatican-a-reconnu-la-celebre-statue-de-la-Vierge-1024x535-1.jpg","contentUrl":"https:\/\/editionsbussiere.com\/blog\/wp-content\/uploads\/2024\/07\/Le-Vatican-a-reconnu-la-celebre-statue-de-la-Vierge-1024x535-1.jpg","width":1024,"height":535,"caption":"Le Vatican a reconnu la celebre statue de la Vierge 1024x535 1"},{"@type":"BreadcrumbList","@id":"https:\/\/editionsbussiere.com\/blog\/le-vatican-a-reconnu-la-celebre-statue-de-la-vierge-marie-pleurant-du-sang-comme-etant-un-faux-photo-et-se-devouer-a-la-mere-de-dieu-marie\/#breadcrumb","itemListElement":[{"@type":"ListItem","position":1,"name":"Accueil","item":"https:\/\/editionsbussiere.com\/blog\/"},{"@type":"ListItem","position":2,"name":"Le Vatican a reconnu la c\u00e9l\u00e8bre statue de la Vierge Marie \u00ab pleurant du sang \u00bb comme \u00e9tant un faux. Photo et se d\u00e9vouer \u00e0 la m\u00e8re de dieu Marie."}]},{"@type":"WebSite","@id":"https:\/\/editionsbussiere.com\/blog\/#website","url":"https:\/\/editionsbussiere.com\/blog\/","name":"EDITIONSBUSSIERE","description":"Editions \u00e9sot\u00e9rique fond\u00e9e en 1927; site historique, A SAVOIR ET RETENIR.","publisher":{"@id":"https:\/\/editionsbussiere.com\/blog\/#organization"},"potentialAction":[{"@type":"SearchAction","target":{"@type":"EntryPoint","urlTemplate":"https:\/\/editionsbussiere.com\/blog\/?s={search_term_string}"},"query-input":{"@type":"PropertyValueSpecification","valueRequired":true,"valueName":"search_term_string"}}],"inLanguage":"fr-FR"},{"@type":"Organization","@id":"https:\/\/editionsbussiere.com\/blog\/#organization","name":"editionsbussiere","url":"https:\/\/editionsbussiere.com\/blog\/","logo":{"@type":"ImageObject","inLanguage":"fr-FR","@id":"https:\/\/editionsbussiere.com\/blog\/#\/schema\/logo\/image\/","url":"https:\/\/editionsbussiere.com\/blog\/wp-content\/uploads\/2023\/09\/cropped-buss.gif","contentUrl":"https:\/\/editionsbussiere.com\/blog\/wp-content\/uploads\/2023\/09\/cropped-buss.gif","width":298,"height":120,"caption":"editionsbussiere"},"image":{"@id":"https:\/\/editionsbussiere.com\/blog\/#\/schema\/logo\/image\/"}},{"@type":"Person","@id":"https:\/\/editionsbussiere.com\/blog\/#\/schema\/person\/ec90e102792148c97e46ab871010dd8f","name":"Marie BATICLE","image":{"@type":"ImageObject","inLanguage":"fr-FR","@id":"https:\/\/secure.gravatar.com\/avatar\/c923e52403b1b8137e2d929127211d21967e6aecaa053bd43b09da29f212e76e?s=96&d=mm&r=g","url":"https:\/\/secure.gravatar.com\/avatar\/c923e52403b1b8137e2d929127211d21967e6aecaa053bd43b09da29f212e76e?s=96&d=mm&r=g","contentUrl":"https:\/\/secure.gravatar.com\/avatar\/c923e52403b1b8137e2d929127211d21967e6aecaa053bd43b09da29f212e76e?s=96&d=mm&r=g","caption":"Marie BATICLE"},"url":"https:\/\/editionsbussiere.com\/blog\/author\/eremarie\/"}]}},"_links":{"self":[{"href":"https:\/\/editionsbussiere.com\/blog\/wp-json\/wp\/v2\/posts\/920","targetHints":{"allow":["GET"]}}],"collection":[{"href":"https:\/\/editionsbussiere.com\/blog\/wp-json\/wp\/v2\/posts"}],"about":[{"href":"https:\/\/editionsbussiere.com\/blog\/wp-json\/wp\/v2\/types\/post"}],"author":[{"embeddable":true,"href":"https:\/\/editionsbussiere.com\/blog\/wp-json\/wp\/v2\/users\/3"}],"replies":[{"embeddable":true,"href":"https:\/\/editionsbussiere.com\/blog\/wp-json\/wp\/v2\/comments?post=920"}],"version-history":[{"count":0,"href":"https:\/\/editionsbussiere.com\/blog\/wp-json\/wp\/v2\/posts\/920\/revisions"}],"wp:featuredmedia":[{"embeddable":true,"href":"https:\/\/editionsbussiere.com\/blog\/wp-json\/wp\/v2\/media\/921"}],"wp:attachment":[{"href":"https:\/\/editionsbussiere.com\/blog\/wp-json\/wp\/v2\/media?parent=920"}],"wp:term":[{"taxonomy":"category","embeddable":true,"href":"https:\/\/editionsbussiere.com\/blog\/wp-json\/wp\/v2\/categories?post=920"},{"taxonomy":"post_tag","embeddable":true,"href":"https:\/\/editionsbussiere.com\/blog\/wp-json\/wp\/v2\/tags?post=920"}],"curies":[{"name":"wp","href":"https:\/\/api.w.org\/{rel}","templated":true}]}}