{"id":918,"date":"2024-07-04T00:20:01","date_gmt":"2024-07-03T22:20:01","guid":{"rendered":"https:\/\/editionsbussiere.com\/blog\/leveque-de-lourdes-declare-que-les-mosaiques-de-rupnik-doivent-etre-retirees-du-sanctuaire-supplication-au-petit-jour\/"},"modified":"2024-07-04T00:20:01","modified_gmt":"2024-07-03T22:20:01","slug":"leveque-de-lourdes-declare-que-les-mosaiques-de-rupnik-doivent-etre-retirees-du-sanctuaire-supplication-au-petit-jour","status":"publish","type":"post","link":"https:\/\/editionsbussiere.com\/blog\/leveque-de-lourdes-declare-que-les-mosaiques-de-rupnik-doivent-etre-retirees-du-sanctuaire-supplication-au-petit-jour\/","title":{"rendered":"L\u2019\u00e9v\u00eaque de Lourdes d\u00e9clare que les mosa\u00efques de Rupnik \u00ab doivent \u00eatre retir\u00e9es \u00bb du sanctuaire\n &amp; supplication au petit jour."},"content":{"rendered":"<div><img width=\"580\" height=\"387\" src=\"https:\/\/editionsbussiere.com\/blog\/wp-content\/uploads\/2024\/07\/Leveque-de-Lourdes-declare-que-les-mosaiques-de-Rupnik.jpg\" class=\"attachment-large size-large wp-post-image\" alt=\"L'\u00e9v\u00eaque de Lourdes d\u00e9clare que les mosa\u00efques de Rupnik \u00ab\" style=\"float:left; margin:0 15px 15px 0;\" decoding=\"async\" srcset=\"https:\/\/editionsbussiere.com\/blog\/wp-content\/uploads\/2024\/07\/Leveque-de-Lourdes-declare-que-les-mosaiques-de-Rupnik.jpg 900w, https:\/\/www.n42.fr\/wp-content\/uploads\/2024\/07\/Leveque-de-Lourdes-declare-que-les-mosaiques-de-Rupnik-300x200.jpg 300w, https:\/\/www.n42.fr\/wp-content\/uploads\/2024\/07\/Leveque-de-Lourdes-declare-que-les-mosaiques-de-Rupnik-768x512.jpg 768w\" sizes=\"(max-width: 580px) 100vw, 580px\"><\/p>\n<p>\n<\/p>\n<div>\n<p>CITE DU VATICAN (CNS) \u2014 Les mosa\u00efques bien en vue dans le sanctuaire marial de Lourdes, en France, r\u00e9alis\u00e9es par le p\u00e8re Marko Rupnik \u2014 accus\u00e9 d\u2019avoir abus\u00e9 de dizaines de femmes au cours de ses d\u00e9cennies de minist\u00e8re \u2014 doivent \u00eatre retir\u00e9es de la basilique o\u00f9 elles sont actuellement expos\u00e9es, a d\u00e9clar\u00e9 l\u2019\u00e9v\u00eaque de Tarbes et Lourdes.<\/p>\n<p>\u00ab Ma conviction profonde, intime et bien ancr\u00e9e est qu\u2019il faudra un jour les enlever \u00bb, a d\u00e9clar\u00e9 Mgr Jean-Marc Micas, \u00e9v\u00eaque de Tarbes et Lourdes, dans un entretien au journal La Croix publi\u00e9 le 2 juillet, soulignant que les mosa\u00efques du sanctuaire \u00ab emp\u00eachent Lourdes d\u2019atteindre tous les peuples \u00e0 qui le message du sanctuaire est destin\u00e9 \u00bb.<\/p>\n<div class=\"wp-block-image\">\n<figure class=\"alignright size-large is-resized\"><img decoding=\"async\" loading=\"lazy\" src=\"https:\/\/editionsbussiere.com\/blog\/wp-content\/uploads\/2024\/07\/rupnik-mosaic-vert.jpg\" alt=\"\" class=\"wp-image-248326\" width=\"424\" height=\"649\" srcset=\"https:\/\/editionsbussiere.com\/blog\/wp-content\/uploads\/2024\/07\/rupnik-mosaic-vert.jpg 588w, https:\/\/catholicreview.org\/wp-content\/uploads\/2024\/07\/rupnik-mosaic-vert-196x300.jpg 196w\" sizes=\"auto, (max-width: 424px) 100vw, 424px\"><figcaption>La mosa\u00efque du P\u00e8re Marko Rupnik repr\u00e9sentant Marie et l\u2019Enfant J\u00e9sus au Sanctuaire de Notre-Dame de Lourdes \u00e0 Lourdes, en France, est pr\u00e9sent\u00e9e sur une photo d\u2019archive. (Photo OSV News\/fichier CNS, Nancy Wiechec)<\/figcaption><\/figure>\n<\/div>\n<p>L\u2019\u00e9v\u00eaque a lanc\u00e9 un groupe de r\u00e9flexion de mai \u00e0 octobre 2023, compos\u00e9 de victimes, d\u2019experts en art sacr\u00e9 et d\u2019avocats entre autres, pour aider \u00e0 d\u00e9cider de l\u2019avenir des mosa\u00efques figurant sur la fa\u00e7ade de la basilique Notre-Dame du Rosaire \u00e0 Lourdes.<\/p>\n<p>Mais l\u2019\u00e9v\u00eaque Micas a d\u00e9clar\u00e9 qu\u2019il avait d\u00e9cid\u00e9 de \u00ab ne pas les retirer imm\u00e9diatement, compte tenu des passions et de la violence que le sujet suscite \u00bb, notant qu\u2019il souhaite travailler avec les victimes pour recueillir un soutien plus large en faveur de leur retrait afin d\u2019\u00e9viter de \u00ab d\u00e9chirer davantage l\u2019\u00c9glise \u00bb.<\/p>\n<p>Toutefois, comme \u00ab premi\u00e8re \u00e9tape \u00bb, l\u2019\u00e9v\u00eaque a d\u00e9clar\u00e9 que les mosa\u00efques ne seront plus illumin\u00e9es lors de la procession mariale nocturne \u00e0 laquelle les p\u00e8lerins de Lourdes participent chaque soir.<\/p>\n<p>Ses commentaires interviennent quelques jours apr\u00e8s que le cardinal am\u00e9ricain Sean P. O\u2019Malley de Boston, pr\u00e9sident de la Commission pontificale pour la protection des mineurs, a \u00e9crit une lettre \u00e0 tous les dicast\u00e8res du Vatican les exhortant \u00e0 faire preuve de \u00ab prudence pastorale \u00bb avant de d\u00e9cider d\u2019exposer des \u0153uvres d\u2019art du p\u00e8re Rupnik.<\/p>\n<p>Le pr\u00eatre slov\u00e8ne fait actuellement l\u2019objet d\u2019une enqu\u00eate du Dicast\u00e8re pour la doctrine de la foi. Il est accus\u00e9 d\u2019avoir abus\u00e9 sexuellement, psychologiquement et spirituellement de plus de 20 femmes sur une p\u00e9riode de 40 ans. Il a \u00e9t\u00e9 bri\u00e8vement excommuni\u00e9 et expuls\u00e9 des j\u00e9suites en 2023.<\/p>\n<p>Laura Sgr\u00f2, l\u2019avocate qui repr\u00e9sente cinq femmes qui ont affirm\u00e9 avoir \u00e9t\u00e9 abus\u00e9es par le p\u00e8re Rupnik, a publi\u00e9 une d\u00e9claration le 3 juillet soulignant que m\u00eame si les mosa\u00efques ne seront pas illumin\u00e9es la nuit, \u00ab pendant la journ\u00e9e, elles seront clairement visibles et continueront d\u2019alimenter la perplexit\u00e9 des fid\u00e8les et le sentiment de douleur des victimes \u00bb.<\/p>\n<p>La d\u00e9claration note que les cinq femmes repr\u00e9sent\u00e9es par Sgr\u00f2 sont dispos\u00e9es \u00e0 rencontrer l\u2019\u00e9v\u00eaque Micas pour discerner une voie \u00e0 suivre \u00ab qui peut v\u00e9ritablement conduire \u00e0 la r\u00e9paration et \u00e0 la consolation \u00bb.<\/p>\n<p>Les d\u00e9clarations de l\u2019\u00e9v\u00eaque Micas interviennent alors que les \u00e9glises et les sanctuaires du monde entier qui pr\u00e9sentent des \u0153uvres du p\u00e8re Rupnik, y compris au Vatican, doivent d\u00e9cider s\u2019ils continuent ou non \u00e0 exposer ses \u0153uvres.<\/p>\n<p>Le sanctuaire national de Saint-Jean-Paul II \u00e0 Washington DC est richement d\u00e9cor\u00e9 de mosa\u00efques con\u00e7ues par le p\u00e8re Rupnik. Les Chevaliers de Colomb, qui poss\u00e8dent et g\u00e8rent le sanctuaire, ont d\u00e9clar\u00e9 en mars \u00e0 l\u2019agence de presse catholique qu\u2019ils \u00ab r\u00e9fl\u00e9chissaient attentivement \u00e0 la meilleure marche \u00e0 suivre \u00bb concernant l\u2019avenir des mosa\u00efques du sanctuaire.<\/p>\n<p>En mai, cependant, le sanctuaire national d\u2019Aparecida, pr\u00e8s de Sao Paulo, a inaugur\u00e9 de nouvelles mosa\u00efques sur sa basilique, r\u00e9alis\u00e9es par le Centro Aletti, une communaut\u00e9 d\u2019artistes et d\u2019\u00e9rudits bas\u00e9e \u00e0 Rome et fond\u00e9e par le p\u00e8re Rupnik, et qui mettent en valeur son style facilement reconnaissable : des sc\u00e8nes color\u00e9es de la Bible montrant des personnages plac\u00e9s dans un d\u00e9cor complexe et portant des visages calmes aux yeux noirs et agrandis.<\/p>\n<section class=\"ab-block-post-grid featuredpost aligncenter\">\n<h2 class=\"ab-post-grid-section-title\">Lire la suite Arts et culture<\/h2>\n<\/section>\n<p class=\"post-copyright\">Copyright \u00a9 2024 Catholic News Service\/Conf\u00e9rence des \u00e9v\u00eaques catholiques des \u00c9tats-Unis<\/p>\n<p class=\"print-friendly\"><img decoding=\"async\" class=\"WP-PrintIcon\" src=\"https:\/\/editionsbussiere.com\/blog\/wp-content\/uploads\/2024\/07\/printer_famfamfam.gif\" alt=\"Imprimer\" title=\"Imprimer\" style=\"border: 0px;\"> Imprimer<\/p>\n<p>\t\t\t<!--<rdf:RDF xmlns:rdf=\"http:\/\/www.w3.org\/1999\/02\/22-rdf-syntax-ns#\"\n\t\t\txmlns:dc=\"http:\/\/purl.org\/dc\/elements\/1.1\/\"\n\t\t\txmlns:trackback=\"http:\/\/madskills.com\/public\/xml\/rss\/module\/trackback\/\">\n\t\t<rdf:Description rdf:about=\"https:\/\/catholicreview.org\/lourdes-bishop-says-rupnik-mosaics-need-to-be-removed-from-sanctuary\/\"\n    dc:identifier=\"https:\/\/catholicreview.org\/lourdes-bishop-says-rupnik-mosaics-need-to-be-removed-from-sanctuary\/\"\n    dc:title=\"Lourdes bishop says Rupnik mosaics &#8216;need to be removed&#8217; from sanctuary\"\n    trackback:ping=\"https:\/\/catholicreview.org\/lourdes-bishop-says-rupnik-mosaics-need-to-be-removed-from-sanctuary\/trackback\/\" \/>\n<\/rdf:RDF>-->\n<\/p>\n<\/div>\n<h2>Une p\u00e9riode de supplication individuelle en vue de nous relier \u00e0 Dieu. <\/h2>\n<p>Cher P\u00e8re divin, je viens face \u00e0 toi afin de te rendre gr\u00e2ce pour cette nouvelle journ\u00e9e. Je te glorifie en raison de ton amour et ton engagement envers moi. Je te demande de me remplir par ta saintet\u00e9 et de me fournir la gr\u00e2ce d\u2019\u00e9prouver ta pr\u00e8s de moi durant de cette journ\u00e9e. Je te remets toutes mes inqui\u00e9tudes, mes all\u00e9gresses, mes afflictions, mes envies et mes espoirs. Que ton esprit sacr\u00e9 \u00e9claire mon esprit et consolide ma foi, de sorte que je puisse marcher dans ton chemin et accomplir ta volont\u00e9. Accorde-moi la gr\u00e2ce de mener selon la compassion que tu nous as illustr\u00e9 le mod\u00e8le \u00e0 travers ton Fils bien-aim\u00e9, J\u00e9sus-Christ.<\/p>\n<h3> Note \u00e0 propos de compr\u00e9hension : <\/h3>\n<p>La pratique de pri\u00e8re nous plonge au c\u0153ur de la famille divine, o\u00f9 le Seigneur le P\u00e8re nous re\u00e7oit comme ses fils et filles bien-aim\u00e9s. Dans cette relation familial, nous rencontrons la force ainsi que la consolation pour affronter les difficult\u00e9s de ce. Elle nous rappelle la parole de l\u2019ap\u00f4tre Pierre, lequel encourage les disciples du Christ \u00e0 rester fermes dans leur foi, m\u00eame en dans le tumulte des temp\u00eates de ce monde-ci.<\/p>\n<h3>\nRenforcer notre lien avec J\u00e9sus d\u00e8s chaque matin<\/h3>\n<p>Nous avons la possibilit\u00e9 de ruminer sur l\u2019un des \u00e9vangiles pour nous connecter \u00e0 J\u00e9sus. Par exemple :<\/p>\n<h3>Jean 15, 9-17 : <\/h3>\n<p>\u00a0\u00bb Ce n\u2019est pas vous qui m\u2019avez choisi; mais c\u2019est moi qui vous ai choisis, et qui vous ai \u00e9tablis, afin que vous alliez, et que vous portiez du fruit, et que votre fruit demeure, afin que ce que vous demanderez au P\u00e8re en mon nom, il vous le donne. Ce que je vous commande, c\u2019est de vous aimer les uns les autres.\u00a0\u00bb<\/p>\n<h2> Demander indulgence \u00e0 Dieu en raison de nos p\u00e9ch\u00e9s <\/h2>\n<p>Dieu J\u00e9sus, j\u2019arrive te prier de pardonner mes p\u00e9ch\u00e9s. Je suis que je ne suis pas sans d\u00e9faut et que j\u2019ai besoin de ton mis\u00e9ricorde. Je te demande de me d\u00e9livrer de toute ce qui me \u00e9loigne de toi et de me donner la gr\u00e2ce afin de vivre en conformit\u00e9 avec ta volont\u00e9. Que ta b\u00e9n\u00e9diction sacr\u00e9e dissipe les endroits les plus sombres de mon c\u0153ur, purifiant moi-m\u00eame et me conduisant sur la voie de la saintet\u00e9. Amen.<\/p>\n<h3> Discussion en le Seigneur tel que en compagnie de un ami. <\/h3>\n<p>Nous avons la possibilit\u00e9 de communiquer envers Dieu comme \u00e0 l\u2019\u00e9gard de un ami intime, le Seigneur confier nos joies et nos peines, l\u2019\u00c9ternel demander de l\u2019aide dans nos d\u00e9fis quotidiens. Par exemple : Ma\u00eetre, merci en raison de cette in\u00e9dite journ\u00e9e. Je m\u2019approche te implorer de me soutenir \u00e0 \u00eatre patient avec mes enfants et \u00e0 me octroyer la force de surmonter aux d\u00e9fis de la journ\u00e9e. Je te remets mes projets et mes soucis, et je sollicite de me indiquer de quelle fa\u00e7on je ai la capacit\u00e9 de te servir et t\u2019honorer aujourd\u2019hui. Accorde-moi, \u00f4 Seigneur, ta sagesse pour prendre les bonnes d\u00e9cisions et ta gr\u00e2ce pour traverser les \u00e9preuves avec foi. Amen.<\/p>\n<h3> Un moment de silence pour entendre Dieu. <\/h3>\n<p>Apr\u00e8s une pri\u00e8re et une m\u00e9ditation, il est essentiel de prendre un bref moment de silence afin de \u00e9couter sa voix de Dieu dans nos c\u0153urs. Dans ce silence, il nous ressentir sa pr\u00e9sence sereine et recevoir ses inspirations afin de la journ\u00e9e qui se.<\/p>\n<h3> Se diriger vers le Christ afin de d\u00e9couvrir cette paix int\u00e9rieure. <\/h3>\n<p>Nous sommes capables de prier J\u00e9sus de nous accorder sa paix et m\u2019assister nous soutenir \u00e0 \u00e9couter sa parole. Par exemple :<br \/>\nSeigneur J\u00e9sus, j\u2019arrive te prier de remplir mon c\u0153ur par ta tendresse. Je te demande de me lib\u00e9rer de toutes les pens\u00e9es et les diverses inqui\u00e9tudes qui. Aide-moi \u00e0 \u00e9couter ta parole et \u00e0 la mettre en pratique dans ma vie. Que ton Esprit Saint, \u00f4 Christ, soit ma force durant de cette journ\u00e9e. Amen.<\/p>\n<h3> Achever cette pri\u00e8re matinale en consacrant notre journ\u00e9e \u00e0 Dieu. <\/h3>\n<p>Nous avons la capacit\u00e9 d\u2019offrir nos journ\u00e9e \u00e0 Dieu m\u00eame lui demander pour la remplir de sa pr\u00e9sence et de sa b\u00e9n\u00e9diction. Par exemple :<br \/>\nSeigneur, nous te remets cette journ\u00e9e entre ta mains. Que chacun de mes pas soit dirig\u00e9 par ta sagesse, que chacun de mes paroles soit inspir\u00e9e par ta amour. Que toutes mes actions soient accomplies selon ton volont\u00e9, pour ta divine gloire et l\u2019ensemble des bien. Que ta lumi\u00e8re \u00e9claire ma route ainsi que que tu habites mon c\u0153ur. Amen.<\/p>\n<h3> Invocation d\u2019imploration matinale. <\/h3>\n<p>La pri\u00e8re du matin consiste \u00e0 implorer pour les besoins des chr\u00e9tiennes et de tous les chr\u00e9tiens. Nous pouvons prier pour les personnes dans le besoin, pour les malades, pour les personnes qui se trouvent souffrent, pour les personnes qui se trouvent confront\u00e9es \u00e0 des difficult\u00e9s, pour les personnes d\u00e9courag\u00e9es et pour les personnes qui se trouvent dans l\u2019erreur.<\/p>\n<h3> Prier afin de chacun individus au sein de le besoin. <\/p>\n<h3>\n<\/h3>\n<\/h3>\n<p>\u00d4 Cr\u00e9ateur, dans sa grande mis\u00e9ricorde, je te supplions en vue de chacune des personnes qui traversent de difficult\u00e9s financi\u00e8res. Que lui leur accordes la force ainsi que la pers\u00e9v\u00e9rance en vue de affronter ces \u00e9preuves, et que vous leur apportes les ressources n\u00e9cessaires pour subvenir \u00e0 chaque leurs besoins. Accorde-leur, Grand, ta providence en vue de illuminer leur pas dans l\u2019ombre de leurs soucis financiers.<\/p>\n<p>Nous autres te prions \u00e9galement en vue de l\u2019ensemble des personnes qui luttent vis-\u00e0-vis de d\u2019innombrables probl\u00e8mes de sant\u00e9. Que sa main puissante se pose sur elles, Seigneur, pour les gu\u00e9rir ainsi que les r\u00e9conforter dans leur douleur. Accorde-leur, \u00f4, la force et le courage pour faire face \u00e0 leurs d\u00e9fis de sant\u00e9 en ayant confiance en ta divine providence.<\/p>\n<p>Nous te demandons \u00e9galement afin de chaque personnes qui sont confront\u00e9es face \u00e0 de difficult\u00e9s dans leur vie, que ce soit-ce sur le plan professionnel, relationnel ou bien \u00e9motionnel. Que votre gr\u00e2ce, Seigneur, devienne leur soutien ainsi que leur r\u00e9confort dans ces moments d\u2019\u00e9preuve. Accorde-leur, Dieu Tout-Puissant, ton Esprit Saint pour \u00e9clairer leur chemin et les guider vers la s\u00e9r\u00e9nit\u00e9.<\/p>\n<p>Pour terminer, nous te prions en vue de toutes personnes qui sont sans-abri, les personnes qui sont marginalis\u00e9es ainsi que exclues de la soci\u00e9t\u00e9. Que sa mis\u00e9ricorde, Seigneur, se r\u00e9pande sur elles comme une certaine douce ros\u00e9e, leur apportant r\u00e9confort et \u00e9galement espoir dans leur d\u00e9tresse. Accorde-leur, \u00f4, des mains g\u00e9n\u00e9reuses pour les aider et des c\u0153urs compatissants en vue de les accueillir dans leur communaut\u00e9.<\/p>\n<h3> \u00e9claircissement sur la fameuse pri\u00e8re du matin. <\/h3>\n<p>Dans la pri\u00e8re, nous \u00e9levons nos c\u0153urs vers le Ciel, demandant la lumi\u00e8re de Dieu pour \u00e9clairer nos chemins t\u00e9n\u00e9breux. Marie, notre m\u00e8re, nous accompagne dans ce parcours, nous enseignant \u00e0 contempler sur les myst\u00e8res de la vie de son divin enfant. Elle nous m\u00e8ne vers J\u00e9sus, le rayon du monde, qui illumine nos t\u00e9n\u00e8bres et nous guide vers la v\u00e9rit\u00e9.<br \/>\nLa oraison nous relie aussi \u00e0 notre famille spirituelle spirituelle, la assembl\u00e9e des croyants, o\u00f9 nous partageons nos contentements et nos douleurs, nos espoirs et nos inqui\u00e9tudes. Collectivement, nous formons le corps du Christ, d\u00e9sign\u00e9s \u00e0 d\u00e9montrer de son amour. Par nos supplications, nous pla\u00e7ons pour les besoins des chr\u00e9tiennes et des croyants, pr\u00e9sentant notre amour et notre piti\u00e9 \u00e0 ceux qui \u00e9prouvent.<br \/>\nUnissons nos voix dans la pri\u00e8re matinale, dans notre confiance, en Marie, la m\u00e8re de J\u00e9sus. Dans notre monde tourment\u00e9 par les conflits et la discorde, recourons \u00e0 la pri\u00e8re pour trouver de trouver la paix et la r\u00e9conciliation. Les catholiques du monde entier peuvent \u00e9crire un message pour la Sainte Vierge <a target=\"_blank\" rel=\"nofollow\" href=\"https:\/\/editionsbussiere.com\/blog\/goto\/https:\/\/www.avemariasound.org\/\" >en utilisant le formulaire de cette page.<\/a> Que nos supplications montent vers le ciel, comme une offrande agr\u00e9able par Dieu, afin qu\u2019il guide \u00e9clairer nos pas sur la voie de la v\u00e9rit\u00e9 et de la justice. L\u2019ap\u00f4tre Paul nous dans ses \u00e9p\u00eetres \u00e0 prier sans cesse, en toutes circonstances, pour que notre communion avec Dieu reste solide et ardente. La pri\u00e8re, quand elle est sinc\u00e8rement offerte, a le pouvoir de changer les c\u0153urs et de modifier le destin de l\u2019histoire.<\/p>\n<h2> \u00c9lever nos proches pri\u00e8res pour nos amis au Seigneur au lever du jour.<\/h2>\n<p>Cette finale \u00e9tape de la pri\u00e8re du matin consiste \u00e0 prier pour nos proches amis, notre famille, nos connaissances et nos communaut\u00e9. Nous pouvons prier pour leur bien-\u00eatre, leur bonheur, leur protection, et leur fortune. Nous pouvons \u00e9galement prier pour ceux qui nous ont nui et pour ces personnes qui nous ont l\u00e9s\u00e9s, et demander \u00e0 Dieu de nous aider \u00e0 leur propre pardonner et \u00e0 leur exprimer la compassion.<\/p>\n<h3> Invoquer pour la condition physique et la s\u00fbret\u00e9 de nos familles.<\/h3>\n<p>\u00d4 Seigneur, nous autres te confions nos amis, notre familles ainsi que nos amis. Garde, \u00d4 Dieu, sur eux, avec prot\u00e8ge -les de tout p\u00e9ril et de toute affliction. Accorde, Dieu mis\u00e9ricordieux, la vigueur du corps et de l\u2019esprit \u00e0 eux, et la paix dans leur c\u0153ur. Puissante soit la volont\u00e9 pour que ta protection forte les veille avec les dirige chacun au long de cette journ\u00e9e, pour qu\u2019ils puissent vivre dans la protection et la qui\u00e9tude.<\/p>\n<p>Nous autres \u00e0 toi prions \u00e9galement pour notre enfants, Dieu, qu\u2019ils grandissent dans leur foi ainsi que dans l\u2019amour de ton sacr\u00e9 nom. Accorde, cher Dieu, une sagesse ainsi que la vigueur n\u00e9cessaires afin de surmonter les \u00e9preuves de la vie, ainsi que dirige leurs pas sur le chemin de la v\u00e9rit\u00e9 ainsi que de la justice.<\/p>\n<p>Enfin, nous te prions en vue de nos amis ainsi que nos voisins, Seigneur, afin qu\u2019ils connaissent la joie de ton amour avec la tranquillit\u00e9 de ton pardon. Donne-leur, cher Dieu, des c\u0153urs bienveillants en vue de partager avec ceux qui sont dans le besoin, et bras ouvertes afin de accueillir ceux qui sont seuls et aussi abandonn\u00e9s.<\/p>\n<h3> Prier pour notre ennemis ainsi que ceux qui sont nous ont offens\u00e9s. <\/h3>\n<p>Seigneur, le Christ, nous t\u2019 prions pour nos ennemis ainsi que pour ceux-ci qui nous-m\u00eames ont offens\u00e9s. Accorde-leur, \u00f4 Christ, votre mis\u00e9ricorde et ton pardon, et ouvre leur c\u0153ur \u00e0 la lumi\u00e8re de ta v\u00e9rit\u00e9. Aide-nous, \u00d4 Seigneur, \u00e0 leur montrer de la compassion ainsi que \u00e0 leur pardonner comme tu nous-m\u00eames as pardonn\u00e9. Que votre paix r\u00e8gne dans notre c\u0153urs et aussi que ton amour guide nos actions, pour que nous puissions vivre en harmonie avec tous ceux qui nous autres entourent.<\/p>\n<h3> Appr\u00e9hender la pri\u00e8re : <\/h3>\n<p>En conclusion, la invocation nous souviens notre mission tel que prog\u00e9niture de Dieu : \u00eatre des t\u00e9moins de l\u2019 lumi\u00e8re et de son amour dans l\u2019 \u00e9poque affect\u00e9e aux obscurit\u00e9s. \u00c0 travers nos paroles et nos actes, nous r\u00e9pandons le message de la paix et de la rapprochement, apportant l\u2019espoir et la cicatrisation \u00e0 un environnement endommag\u00e9.<\/p>\n<p>Au sein de la spiritualit\u00e9 chr\u00e9tienne, le lever du jour rev\u00eat une signification distincte, repr\u00e9sentant le renouvellement et la reconstruction spirituelle. C\u2019est au lever du jour de chaque jour que le c\u0153ur se oriente vers l\u2019\u00c9ternel dans la pri\u00e8re, cherchant \u00e0 se trouver \u00e9clair\u00e9e par la lumi\u00e8re divine. La pratique des pri\u00e8res matinales se r\u00e9v\u00e8le profond\u00e9ment enracin\u00e9e dans la tradition chr\u00e9tienne, fournissant un moment privil\u00e9gi\u00e9 pour \u00e9tablir une connexion avec l\u2019\u00c9ternel et se pr\u00e9parer spirituellement aux d\u00e9fis de la journ\u00e9e qui s\u2019annonce.<\/p>\n<p>Au l\u2019int\u00e9rieur au sein de ces pri\u00e8res matinales se observe r\u00e9guli\u00e8rement une d\u00e9votion distincte envers Marie, la mam de J\u00e9sus et figure sainte respect\u00e9e par beaucoup fid\u00e8les. En tant m\u00e8re intercesseur au milieu de les hommes et Dieu, Marie reste sollicit\u00e9e pour m\u00e9dier en notre faveur, nous orientant dans le chemin vers la saintet\u00e9 ainsi que de la gr\u00e2ce divine. Sa apparition maternelle offre consolation ainsi que protection, cercant nos pri\u00e8res matinales d\u2019une douceur c\u00e9leste.<\/p>\n<p>Au travers les oraisons du matin, on se trouve convives pour nous unir vers Marie dans une approche pour sanctification personnelle. Par m\u00e9ditant sur sa vie ainsi que ses vertus, nous cherchons pour imiter sa humilit\u00e9, sa puret\u00e9 et sa ob\u00e9issance vers la volont\u00e9 du Dieu. Gr\u00e2ce \u00e0 sa saintet\u00e9 mod\u00e8le, Marie devient pour nous un mod\u00e8le de vie chr\u00e9tienne, nous rappelant l\u2019importance de la pri\u00e8re et du contemplation dans notre cheminement spirituel.<\/p>\n<p>La r\u00e9citation du matin est donc un temps privil\u00e9gi\u00e9 afin de se consacrer \u00e0 Dieu avec l\u2019intercession de Marie, en pr\u00e9sentant nos adorations, nos actions de gr\u00e2ce ainsi que nos intentions les plus intimes. Dans la qui\u00e9tude du l\u2019aurore, nous sommes invit\u00e9s \u00e0 tourner envers cette m\u00e8re divine, qui nous guide avec tendresse au sujet de le chemin du la croyance ainsi que de l\u2019amour divin. En associant nos voix \u00e0 celle de Marie, on augmentons notre pri\u00e8res matinales vers le tr\u00f4ne de la gr\u00e2ce, assur\u00e9s que nos supplications seront entendues ainsi que accueillies aupr\u00e8s de le c\u0153ur mis\u00e9ricordieux de Dieu.<\/p>\n<p>A lire sur un objet concordant:<\/p>\n<p>Po\u00e8mes antiques\/H\u00e9l\u00e8ne.,<a target=\"_blank\" rel=\"nofollow\" href=\"https:\/\/editionsbussiere.com\/blog\/goto\/https:\/\/fr.wikisource.org\/wiki\/Po%C3%A8mes_antiques\/H%C3%A9l%C3%A8ne\"  target=\"_blank\" rel=\"noopener noreferrer nofollow\">L\u2019article de presse.<\/a><span><\/span><\/p>\n<p>M\u00e9moires d\u2019une ex-palladiste parfaite, initi\u00e9e, ind\u00e9pendante\/01\/14 juin 1895.,<a target=\"_blank\" rel=\"nofollow\" href=\"https:\/\/editionsbussiere.com\/blog\/goto\/https:\/\/fr.wikisource.org\/wiki\/M%C3%A9moires_d%E2%80%99une_ex-palladiste_parfaite,_initi%C3%A9e,_ind%C3%A9pendante\/01\/14_juin_1895\"  target=\"_blank\" rel=\"noopener noreferrer nofollow\">Cliquer ICI.<\/a><span><\/span><\/p>\n<p>Les Lettres d\u2019Amabed\/Lettre 11b d\u2019Amabed.,<a target=\"_blank\" rel=\"nofollow\" href=\"https:\/\/editionsbussiere.com\/blog\/goto\/https:\/\/fr.wikisource.org\/wiki\/Les_Lettres_d%E2%80%99Amabed\/Lettre_11b_d%E2%80%99Amabed\"  target=\"_blank\" rel=\"noopener noreferrer nofollow\">Le post d\u2019actualit\u00e9.<\/a><span><\/span><\/p>\n<p>Les Actes des Ap\u00f4tres\/22.,<a target=\"_blank\" rel=\"nofollow\" href=\"https:\/\/editionsbussiere.com\/blog\/goto\/https:\/\/fr.wikisource.org\/wiki\/Les_Actes_des_Ap%C3%B4tres\/22\"  target=\"_blank\" rel=\"noopener noreferrer nofollow\">Le texte de l\u2019article.<\/a><span><\/span><\/p>\n<p>L\u2019\u00c9vangile et l\u2019\u00c9glise\/VI.,<a target=\"_blank\" rel=\"nofollow\" href=\"https:\/\/editionsbussiere.com\/blog\/goto\/https:\/\/fr.wikisource.org\/wiki\/L%E2%80%99%C3%89vangile_et_l%E2%80%99%C3%89glise\/VI\"  target=\"_blank\" rel=\"noopener noreferrer nofollow\">Ici.<\/a><span><\/span>. Suite sur le prochain article.<\/p>\n<p>Chants populaires de la Basse-Bretagne\/Jean Le Gall.,<a target=\"_blank\" rel=\"nofollow\" href=\"https:\/\/editionsbussiere.com\/blog\/goto\/https:\/\/fr.wikisource.org\/wiki\/Chants_populaires_de_la_Basse-Bretagne\/Jean_Le_Gall\"  target=\"_blank\" rel=\"noopener noreferrer nofollow\">Le dossier.<\/a><span><\/span><\/p>\n<\/div>\n<p><img decoding=\"async\" class=\"wpe_imgrss\" src=\"https:\/\/editionsbussiere.com\/blog\/wp-content\/uploads\/2024\/07\/Leveque-de-Lourdes-declare-que-les-mosaiques-de-Rupnik.jpg\">Cet article a \u00e9t\u00e9 reconstitu\u00e9 du mieux possible. Dans l\u2019hypoth\u00e8se o\u00f9 vous souhaitez apporter quelques modifications concernant le th\u00e8me \u00ab\u00a0Editions \u00e9sot\u00e9rique fond\u00e9e en 1927\u00a0\u00bb, il est possible de discuter avec notre r\u00e9daction. Vous pouvez tirer profit de cet article traitant le sujet \u00ab\u00a0Editions \u00e9sot\u00e9rique fond\u00e9e en 1927\u00a0\u00bb. Il est concoct\u00e9 par l\u2019\u00e9quipe editionsbussiere.com. Le site editionsbussiere.com est fait pour cr\u00e9er divers posts autour du th\u00e8me Editions \u00e9sot\u00e9rique fond\u00e9e en 1927 d\u00e9velopp\u00e9es sur internet. Consultez notre site internet editionsbussiere.com et nos r\u00e9seaux sociaux pour \u00eatre au courant des futures annonces.<\/p>\n","protected":false},"excerpt":{"rendered":"<p>CITE DU VATICAN (CNS) \u2014 Les mosa\u00efques bien en vue dans le sanctuaire marial de Lourdes, en France, r\u00e9alis\u00e9es par le p\u00e8re Marko Rupnik \u2014 accus\u00e9 d\u2019avoir abus\u00e9 de dizaines de femmes au cours de ses d\u00e9cennies de minist\u00e8re \u2014 doivent \u00eatre retir\u00e9es de la basilique o\u00f9 elles sont actuellement expos\u00e9es, a d\u00e9clar\u00e9 l\u2019\u00e9v\u00eaque de [&hellip;]<\/p>\n","protected":false},"author":3,"featured_media":919,"comment_status":"closed","ping_status":"closed","sticky":false,"template":"","format":"standard","meta":{"footnotes":""},"categories":[3],"tags":[],"class_list":["post-918","post","type-post","status-publish","format-standard","has-post-thumbnail","hentry","category-editions-esoterique-fondee-en-1927-depeches","entry","fw-tab-6 fw-tabr-4","has-featured-image"],"yoast_head":"<!-- This site is optimized with the Yoast SEO plugin v27.5 - https:\/\/yoast.com\/product\/yoast-seo-wordpress\/ -->\n<title>L\u2019\u00e9v\u00eaque de Lourdes d\u00e9clare que les mosa\u00efques de Rupnik \u00ab doivent \u00eatre retir\u00e9es \u00bb du sanctuaire &amp; supplication au petit jour. - EDITIONSBUSSIERE<\/title>\n<meta name=\"robots\" content=\"index, follow, max-snippet:-1, max-image-preview:large, max-video-preview:-1\" \/>\n<link rel=\"canonical\" href=\"https:\/\/editionsbussiere.com\/blog\/leveque-de-lourdes-declare-que-les-mosaiques-de-rupnik-doivent-etre-retirees-du-sanctuaire-supplication-au-petit-jour\/\" \/>\n<meta property=\"og:locale\" content=\"fr_FR\" \/>\n<meta property=\"og:type\" content=\"article\" \/>\n<meta property=\"og:title\" content=\"L\u2019\u00e9v\u00eaque de Lourdes d\u00e9clare que les mosa\u00efques de Rupnik \u00ab doivent \u00eatre retir\u00e9es \u00bb du sanctuaire &amp; supplication au petit jour. - EDITIONSBUSSIERE\" \/>\n<meta property=\"og:description\" content=\"CITE DU VATICAN (CNS) \u2014 Les mosa\u00efques bien en vue dans le sanctuaire marial de Lourdes, en France, r\u00e9alis\u00e9es par le p\u00e8re Marko Rupnik \u2014 accus\u00e9 d\u2019avoir abus\u00e9 de dizaines de femmes au cours de ses d\u00e9cennies de minist\u00e8re \u2014 doivent \u00eatre retir\u00e9es de la basilique o\u00f9 elles sont actuellement expos\u00e9es, a d\u00e9clar\u00e9 l\u2019\u00e9v\u00eaque de [&hellip;]\" \/>\n<meta property=\"og:url\" content=\"https:\/\/editionsbussiere.com\/blog\/leveque-de-lourdes-declare-que-les-mosaiques-de-rupnik-doivent-etre-retirees-du-sanctuaire-supplication-au-petit-jour\/\" \/>\n<meta property=\"og:site_name\" content=\"EDITIONSBUSSIERE\" \/>\n<meta property=\"article:published_time\" content=\"2024-07-03T22:20:01+00:00\" \/>\n<meta property=\"og:image\" content=\"https:\/\/editionsbussiere.com\/blog\/wp-content\/uploads\/2024\/07\/Leveque-de-Lourdes-declare-que-les-mosaiques-de-Rupnik.jpg\" \/>\n<meta name=\"author\" content=\"Marie BATICLE\" \/>\n<meta name=\"twitter:card\" content=\"summary_large_image\" \/>\n<meta name=\"twitter:label1\" content=\"\u00c9crit par\" \/>\n\t<meta name=\"twitter:data1\" content=\"Marie BATICLE\" \/>\n\t<meta name=\"twitter:label2\" content=\"Dur\u00e9e de lecture estim\u00e9e\" \/>\n\t<meta name=\"twitter:data2\" content=\"16 minutes\" \/>\n<script type=\"application\/ld+json\" class=\"yoast-schema-graph\">{\"@context\":\"https:\\\/\\\/schema.org\",\"@graph\":[{\"@type\":\"Article\",\"@id\":\"https:\\\/\\\/editionsbussiere.com\\\/blog\\\/leveque-de-lourdes-declare-que-les-mosaiques-de-rupnik-doivent-etre-retirees-du-sanctuaire-supplication-au-petit-jour\\\/#article\",\"isPartOf\":{\"@id\":\"https:\\\/\\\/editionsbussiere.com\\\/blog\\\/leveque-de-lourdes-declare-que-les-mosaiques-de-rupnik-doivent-etre-retirees-du-sanctuaire-supplication-au-petit-jour\\\/\"},\"author\":{\"name\":\"Marie BATICLE\",\"@id\":\"https:\\\/\\\/editionsbussiere.com\\\/blog\\\/#\\\/schema\\\/person\\\/ec90e102792148c97e46ab871010dd8f\"},\"headline\":\"L\u2019\u00e9v\u00eaque de Lourdes d\u00e9clare que les mosa\u00efques de Rupnik \u00ab doivent \u00eatre retir\u00e9es \u00bb du sanctuaire &amp; supplication au petit jour.\",\"datePublished\":\"2024-07-03T22:20:01+00:00\",\"mainEntityOfPage\":{\"@id\":\"https:\\\/\\\/editionsbussiere.com\\\/blog\\\/leveque-de-lourdes-declare-que-les-mosaiques-de-rupnik-doivent-etre-retirees-du-sanctuaire-supplication-au-petit-jour\\\/\"},\"wordCount\":3257,\"publisher\":{\"@id\":\"https:\\\/\\\/editionsbussiere.com\\\/blog\\\/#organization\"},\"image\":{\"@id\":\"https:\\\/\\\/editionsbussiere.com\\\/blog\\\/leveque-de-lourdes-declare-que-les-mosaiques-de-rupnik-doivent-etre-retirees-du-sanctuaire-supplication-au-petit-jour\\\/#primaryimage\"},\"thumbnailUrl\":\"https:\\\/\\\/editionsbussiere.com\\\/blog\\\/wp-content\\\/uploads\\\/2024\\\/07\\\/Leveque-de-Lourdes-declare-que-les-mosaiques-de-Rupnik.jpg\",\"articleSection\":[\"Editions \u00c9sot\u00e9rique Fond\u00e9e En 1927; D\u00e9p\u00e8ches:\"],\"inLanguage\":\"fr-FR\"},{\"@type\":\"WebPage\",\"@id\":\"https:\\\/\\\/editionsbussiere.com\\\/blog\\\/leveque-de-lourdes-declare-que-les-mosaiques-de-rupnik-doivent-etre-retirees-du-sanctuaire-supplication-au-petit-jour\\\/\",\"url\":\"https:\\\/\\\/editionsbussiere.com\\\/blog\\\/leveque-de-lourdes-declare-que-les-mosaiques-de-rupnik-doivent-etre-retirees-du-sanctuaire-supplication-au-petit-jour\\\/\",\"name\":\"L\u2019\u00e9v\u00eaque de Lourdes d\u00e9clare que les mosa\u00efques de Rupnik \u00ab doivent \u00eatre retir\u00e9es \u00bb du sanctuaire &amp; supplication au petit jour. - EDITIONSBUSSIERE\",\"isPartOf\":{\"@id\":\"https:\\\/\\\/editionsbussiere.com\\\/blog\\\/#website\"},\"primaryImageOfPage\":{\"@id\":\"https:\\\/\\\/editionsbussiere.com\\\/blog\\\/leveque-de-lourdes-declare-que-les-mosaiques-de-rupnik-doivent-etre-retirees-du-sanctuaire-supplication-au-petit-jour\\\/#primaryimage\"},\"image\":{\"@id\":\"https:\\\/\\\/editionsbussiere.com\\\/blog\\\/leveque-de-lourdes-declare-que-les-mosaiques-de-rupnik-doivent-etre-retirees-du-sanctuaire-supplication-au-petit-jour\\\/#primaryimage\"},\"thumbnailUrl\":\"https:\\\/\\\/editionsbussiere.com\\\/blog\\\/wp-content\\\/uploads\\\/2024\\\/07\\\/Leveque-de-Lourdes-declare-que-les-mosaiques-de-Rupnik.jpg\",\"datePublished\":\"2024-07-03T22:20:01+00:00\",\"breadcrumb\":{\"@id\":\"https:\\\/\\\/editionsbussiere.com\\\/blog\\\/leveque-de-lourdes-declare-que-les-mosaiques-de-rupnik-doivent-etre-retirees-du-sanctuaire-supplication-au-petit-jour\\\/#breadcrumb\"},\"inLanguage\":\"fr-FR\",\"potentialAction\":[{\"@type\":\"ReadAction\",\"target\":[\"https:\\\/\\\/editionsbussiere.com\\\/blog\\\/leveque-de-lourdes-declare-que-les-mosaiques-de-rupnik-doivent-etre-retirees-du-sanctuaire-supplication-au-petit-jour\\\/\"]}]},{\"@type\":\"ImageObject\",\"inLanguage\":\"fr-FR\",\"@id\":\"https:\\\/\\\/editionsbussiere.com\\\/blog\\\/leveque-de-lourdes-declare-que-les-mosaiques-de-rupnik-doivent-etre-retirees-du-sanctuaire-supplication-au-petit-jour\\\/#primaryimage\",\"url\":\"https:\\\/\\\/editionsbussiere.com\\\/blog\\\/wp-content\\\/uploads\\\/2024\\\/07\\\/Leveque-de-Lourdes-declare-que-les-mosaiques-de-Rupnik.jpg\",\"contentUrl\":\"https:\\\/\\\/editionsbussiere.com\\\/blog\\\/wp-content\\\/uploads\\\/2024\\\/07\\\/Leveque-de-Lourdes-declare-que-les-mosaiques-de-Rupnik.jpg\",\"width\":900,\"height\":600,\"caption\":\"Leveque de Lourdes declare que les mosaiques de Rupnik\"},{\"@type\":\"BreadcrumbList\",\"@id\":\"https:\\\/\\\/editionsbussiere.com\\\/blog\\\/leveque-de-lourdes-declare-que-les-mosaiques-de-rupnik-doivent-etre-retirees-du-sanctuaire-supplication-au-petit-jour\\\/#breadcrumb\",\"itemListElement\":[{\"@type\":\"ListItem\",\"position\":1,\"name\":\"Accueil\",\"item\":\"https:\\\/\\\/editionsbussiere.com\\\/blog\\\/\"},{\"@type\":\"ListItem\",\"position\":2,\"name\":\"L\u2019\u00e9v\u00eaque de Lourdes d\u00e9clare que les mosa\u00efques de Rupnik \u00ab doivent \u00eatre retir\u00e9es \u00bb du sanctuaire &amp; supplication au petit jour.\"}]},{\"@type\":\"WebSite\",\"@id\":\"https:\\\/\\\/editionsbussiere.com\\\/blog\\\/#website\",\"url\":\"https:\\\/\\\/editionsbussiere.com\\\/blog\\\/\",\"name\":\"EDITIONSBUSSIERE\",\"description\":\"Editions \u00e9sot\u00e9rique fond\u00e9e en 1927; site historique, A SAVOIR ET RETENIR.\",\"publisher\":{\"@id\":\"https:\\\/\\\/editionsbussiere.com\\\/blog\\\/#organization\"},\"potentialAction\":[{\"@type\":\"SearchAction\",\"target\":{\"@type\":\"EntryPoint\",\"urlTemplate\":\"https:\\\/\\\/editionsbussiere.com\\\/blog\\\/?s={search_term_string}\"},\"query-input\":{\"@type\":\"PropertyValueSpecification\",\"valueRequired\":true,\"valueName\":\"search_term_string\"}}],\"inLanguage\":\"fr-FR\"},{\"@type\":\"Organization\",\"@id\":\"https:\\\/\\\/editionsbussiere.com\\\/blog\\\/#organization\",\"name\":\"editionsbussiere\",\"url\":\"https:\\\/\\\/editionsbussiere.com\\\/blog\\\/\",\"logo\":{\"@type\":\"ImageObject\",\"inLanguage\":\"fr-FR\",\"@id\":\"https:\\\/\\\/editionsbussiere.com\\\/blog\\\/#\\\/schema\\\/logo\\\/image\\\/\",\"url\":\"https:\\\/\\\/editionsbussiere.com\\\/blog\\\/wp-content\\\/uploads\\\/2023\\\/09\\\/cropped-buss.gif\",\"contentUrl\":\"https:\\\/\\\/editionsbussiere.com\\\/blog\\\/wp-content\\\/uploads\\\/2023\\\/09\\\/cropped-buss.gif\",\"width\":298,\"height\":120,\"caption\":\"editionsbussiere\"},\"image\":{\"@id\":\"https:\\\/\\\/editionsbussiere.com\\\/blog\\\/#\\\/schema\\\/logo\\\/image\\\/\"}},{\"@type\":\"Person\",\"@id\":\"https:\\\/\\\/editionsbussiere.com\\\/blog\\\/#\\\/schema\\\/person\\\/ec90e102792148c97e46ab871010dd8f\",\"name\":\"Marie BATICLE\",\"image\":{\"@type\":\"ImageObject\",\"inLanguage\":\"fr-FR\",\"@id\":\"https:\\\/\\\/secure.gravatar.com\\\/avatar\\\/c923e52403b1b8137e2d929127211d21967e6aecaa053bd43b09da29f212e76e?s=96&d=mm&r=g\",\"url\":\"https:\\\/\\\/secure.gravatar.com\\\/avatar\\\/c923e52403b1b8137e2d929127211d21967e6aecaa053bd43b09da29f212e76e?s=96&d=mm&r=g\",\"contentUrl\":\"https:\\\/\\\/secure.gravatar.com\\\/avatar\\\/c923e52403b1b8137e2d929127211d21967e6aecaa053bd43b09da29f212e76e?s=96&d=mm&r=g\",\"caption\":\"Marie BATICLE\"},\"url\":\"https:\\\/\\\/editionsbussiere.com\\\/blog\\\/author\\\/eremarie\\\/\"}]}<\/script>\n<!-- \/ Yoast SEO plugin. -->","yoast_head_json":{"title":"L\u2019\u00e9v\u00eaque de Lourdes d\u00e9clare que les mosa\u00efques de Rupnik \u00ab doivent \u00eatre retir\u00e9es \u00bb du sanctuaire &amp; supplication au petit jour. - EDITIONSBUSSIERE","robots":{"index":"index","follow":"follow","max-snippet":"max-snippet:-1","max-image-preview":"max-image-preview:large","max-video-preview":"max-video-preview:-1"},"canonical":"https:\/\/editionsbussiere.com\/blog\/leveque-de-lourdes-declare-que-les-mosaiques-de-rupnik-doivent-etre-retirees-du-sanctuaire-supplication-au-petit-jour\/","og_locale":"fr_FR","og_type":"article","og_title":"L\u2019\u00e9v\u00eaque de Lourdes d\u00e9clare que les mosa\u00efques de Rupnik \u00ab doivent \u00eatre retir\u00e9es \u00bb du sanctuaire &amp; supplication au petit jour. - EDITIONSBUSSIERE","og_description":"CITE DU VATICAN (CNS) \u2014 Les mosa\u00efques bien en vue dans le sanctuaire marial de Lourdes, en France, r\u00e9alis\u00e9es par le p\u00e8re Marko Rupnik \u2014 accus\u00e9 d\u2019avoir abus\u00e9 de dizaines de femmes au cours de ses d\u00e9cennies de minist\u00e8re \u2014 doivent \u00eatre retir\u00e9es de la basilique o\u00f9 elles sont actuellement expos\u00e9es, a d\u00e9clar\u00e9 l\u2019\u00e9v\u00eaque de [&hellip;]","og_url":"https:\/\/editionsbussiere.com\/blog\/leveque-de-lourdes-declare-que-les-mosaiques-de-rupnik-doivent-etre-retirees-du-sanctuaire-supplication-au-petit-jour\/","og_site_name":"EDITIONSBUSSIERE","article_published_time":"2024-07-03T22:20:01+00:00","og_image":[{"url":"https:\/\/editionsbussiere.com\/blog\/wp-content\/uploads\/2024\/07\/Leveque-de-Lourdes-declare-que-les-mosaiques-de-Rupnik.jpg","type":"","width":"","height":""}],"author":"Marie BATICLE","twitter_card":"summary_large_image","twitter_misc":{"\u00c9crit par":"Marie BATICLE","Dur\u00e9e de lecture estim\u00e9e":"16 minutes"},"schema":{"@context":"https:\/\/schema.org","@graph":[{"@type":"Article","@id":"https:\/\/editionsbussiere.com\/blog\/leveque-de-lourdes-declare-que-les-mosaiques-de-rupnik-doivent-etre-retirees-du-sanctuaire-supplication-au-petit-jour\/#article","isPartOf":{"@id":"https:\/\/editionsbussiere.com\/blog\/leveque-de-lourdes-declare-que-les-mosaiques-de-rupnik-doivent-etre-retirees-du-sanctuaire-supplication-au-petit-jour\/"},"author":{"name":"Marie BATICLE","@id":"https:\/\/editionsbussiere.com\/blog\/#\/schema\/person\/ec90e102792148c97e46ab871010dd8f"},"headline":"L\u2019\u00e9v\u00eaque de Lourdes d\u00e9clare que les mosa\u00efques de Rupnik \u00ab doivent \u00eatre retir\u00e9es \u00bb du sanctuaire &amp; supplication au petit jour.","datePublished":"2024-07-03T22:20:01+00:00","mainEntityOfPage":{"@id":"https:\/\/editionsbussiere.com\/blog\/leveque-de-lourdes-declare-que-les-mosaiques-de-rupnik-doivent-etre-retirees-du-sanctuaire-supplication-au-petit-jour\/"},"wordCount":3257,"publisher":{"@id":"https:\/\/editionsbussiere.com\/blog\/#organization"},"image":{"@id":"https:\/\/editionsbussiere.com\/blog\/leveque-de-lourdes-declare-que-les-mosaiques-de-rupnik-doivent-etre-retirees-du-sanctuaire-supplication-au-petit-jour\/#primaryimage"},"thumbnailUrl":"https:\/\/editionsbussiere.com\/blog\/wp-content\/uploads\/2024\/07\/Leveque-de-Lourdes-declare-que-les-mosaiques-de-Rupnik.jpg","articleSection":["Editions \u00c9sot\u00e9rique Fond\u00e9e En 1927; D\u00e9p\u00e8ches:"],"inLanguage":"fr-FR"},{"@type":"WebPage","@id":"https:\/\/editionsbussiere.com\/blog\/leveque-de-lourdes-declare-que-les-mosaiques-de-rupnik-doivent-etre-retirees-du-sanctuaire-supplication-au-petit-jour\/","url":"https:\/\/editionsbussiere.com\/blog\/leveque-de-lourdes-declare-que-les-mosaiques-de-rupnik-doivent-etre-retirees-du-sanctuaire-supplication-au-petit-jour\/","name":"L\u2019\u00e9v\u00eaque de Lourdes d\u00e9clare que les mosa\u00efques de Rupnik \u00ab doivent \u00eatre retir\u00e9es \u00bb du sanctuaire &amp; supplication au petit jour. - EDITIONSBUSSIERE","isPartOf":{"@id":"https:\/\/editionsbussiere.com\/blog\/#website"},"primaryImageOfPage":{"@id":"https:\/\/editionsbussiere.com\/blog\/leveque-de-lourdes-declare-que-les-mosaiques-de-rupnik-doivent-etre-retirees-du-sanctuaire-supplication-au-petit-jour\/#primaryimage"},"image":{"@id":"https:\/\/editionsbussiere.com\/blog\/leveque-de-lourdes-declare-que-les-mosaiques-de-rupnik-doivent-etre-retirees-du-sanctuaire-supplication-au-petit-jour\/#primaryimage"},"thumbnailUrl":"https:\/\/editionsbussiere.com\/blog\/wp-content\/uploads\/2024\/07\/Leveque-de-Lourdes-declare-que-les-mosaiques-de-Rupnik.jpg","datePublished":"2024-07-03T22:20:01+00:00","breadcrumb":{"@id":"https:\/\/editionsbussiere.com\/blog\/leveque-de-lourdes-declare-que-les-mosaiques-de-rupnik-doivent-etre-retirees-du-sanctuaire-supplication-au-petit-jour\/#breadcrumb"},"inLanguage":"fr-FR","potentialAction":[{"@type":"ReadAction","target":["https:\/\/editionsbussiere.com\/blog\/leveque-de-lourdes-declare-que-les-mosaiques-de-rupnik-doivent-etre-retirees-du-sanctuaire-supplication-au-petit-jour\/"]}]},{"@type":"ImageObject","inLanguage":"fr-FR","@id":"https:\/\/editionsbussiere.com\/blog\/leveque-de-lourdes-declare-que-les-mosaiques-de-rupnik-doivent-etre-retirees-du-sanctuaire-supplication-au-petit-jour\/#primaryimage","url":"https:\/\/editionsbussiere.com\/blog\/wp-content\/uploads\/2024\/07\/Leveque-de-Lourdes-declare-que-les-mosaiques-de-Rupnik.jpg","contentUrl":"https:\/\/editionsbussiere.com\/blog\/wp-content\/uploads\/2024\/07\/Leveque-de-Lourdes-declare-que-les-mosaiques-de-Rupnik.jpg","width":900,"height":600,"caption":"Leveque de Lourdes declare que les mosaiques de Rupnik"},{"@type":"BreadcrumbList","@id":"https:\/\/editionsbussiere.com\/blog\/leveque-de-lourdes-declare-que-les-mosaiques-de-rupnik-doivent-etre-retirees-du-sanctuaire-supplication-au-petit-jour\/#breadcrumb","itemListElement":[{"@type":"ListItem","position":1,"name":"Accueil","item":"https:\/\/editionsbussiere.com\/blog\/"},{"@type":"ListItem","position":2,"name":"L\u2019\u00e9v\u00eaque de Lourdes d\u00e9clare que les mosa\u00efques de Rupnik \u00ab doivent \u00eatre retir\u00e9es \u00bb du sanctuaire &amp; supplication au petit jour."}]},{"@type":"WebSite","@id":"https:\/\/editionsbussiere.com\/blog\/#website","url":"https:\/\/editionsbussiere.com\/blog\/","name":"EDITIONSBUSSIERE","description":"Editions \u00e9sot\u00e9rique fond\u00e9e en 1927; site historique, A SAVOIR ET RETENIR.","publisher":{"@id":"https:\/\/editionsbussiere.com\/blog\/#organization"},"potentialAction":[{"@type":"SearchAction","target":{"@type":"EntryPoint","urlTemplate":"https:\/\/editionsbussiere.com\/blog\/?s={search_term_string}"},"query-input":{"@type":"PropertyValueSpecification","valueRequired":true,"valueName":"search_term_string"}}],"inLanguage":"fr-FR"},{"@type":"Organization","@id":"https:\/\/editionsbussiere.com\/blog\/#organization","name":"editionsbussiere","url":"https:\/\/editionsbussiere.com\/blog\/","logo":{"@type":"ImageObject","inLanguage":"fr-FR","@id":"https:\/\/editionsbussiere.com\/blog\/#\/schema\/logo\/image\/","url":"https:\/\/editionsbussiere.com\/blog\/wp-content\/uploads\/2023\/09\/cropped-buss.gif","contentUrl":"https:\/\/editionsbussiere.com\/blog\/wp-content\/uploads\/2023\/09\/cropped-buss.gif","width":298,"height":120,"caption":"editionsbussiere"},"image":{"@id":"https:\/\/editionsbussiere.com\/blog\/#\/schema\/logo\/image\/"}},{"@type":"Person","@id":"https:\/\/editionsbussiere.com\/blog\/#\/schema\/person\/ec90e102792148c97e46ab871010dd8f","name":"Marie BATICLE","image":{"@type":"ImageObject","inLanguage":"fr-FR","@id":"https:\/\/secure.gravatar.com\/avatar\/c923e52403b1b8137e2d929127211d21967e6aecaa053bd43b09da29f212e76e?s=96&d=mm&r=g","url":"https:\/\/secure.gravatar.com\/avatar\/c923e52403b1b8137e2d929127211d21967e6aecaa053bd43b09da29f212e76e?s=96&d=mm&r=g","contentUrl":"https:\/\/secure.gravatar.com\/avatar\/c923e52403b1b8137e2d929127211d21967e6aecaa053bd43b09da29f212e76e?s=96&d=mm&r=g","caption":"Marie BATICLE"},"url":"https:\/\/editionsbussiere.com\/blog\/author\/eremarie\/"}]}},"_links":{"self":[{"href":"https:\/\/editionsbussiere.com\/blog\/wp-json\/wp\/v2\/posts\/918","targetHints":{"allow":["GET"]}}],"collection":[{"href":"https:\/\/editionsbussiere.com\/blog\/wp-json\/wp\/v2\/posts"}],"about":[{"href":"https:\/\/editionsbussiere.com\/blog\/wp-json\/wp\/v2\/types\/post"}],"author":[{"embeddable":true,"href":"https:\/\/editionsbussiere.com\/blog\/wp-json\/wp\/v2\/users\/3"}],"replies":[{"embeddable":true,"href":"https:\/\/editionsbussiere.com\/blog\/wp-json\/wp\/v2\/comments?post=918"}],"version-history":[{"count":0,"href":"https:\/\/editionsbussiere.com\/blog\/wp-json\/wp\/v2\/posts\/918\/revisions"}],"wp:featuredmedia":[{"embeddable":true,"href":"https:\/\/editionsbussiere.com\/blog\/wp-json\/wp\/v2\/media\/919"}],"wp:attachment":[{"href":"https:\/\/editionsbussiere.com\/blog\/wp-json\/wp\/v2\/media?parent=918"}],"wp:term":[{"taxonomy":"category","embeddable":true,"href":"https:\/\/editionsbussiere.com\/blog\/wp-json\/wp\/v2\/categories?post=918"},{"taxonomy":"post_tag","embeddable":true,"href":"https:\/\/editionsbussiere.com\/blog\/wp-json\/wp\/v2\/tags?post=918"}],"curies":[{"name":"wp","href":"https:\/\/api.w.org\/{rel}","templated":true}]}}