{"id":913,"date":"2024-07-03T15:19:04","date_gmt":"2024-07-03T13:19:04","guid":{"rendered":"https:\/\/editionsbussiere.com\/blog\/sculpture-controversee-de-la-vierge-marie-decapitee-dans-la-cathedrale-de-linz-croire-en-la-sainte-vierge-marie\/"},"modified":"2024-07-03T15:19:04","modified_gmt":"2024-07-03T13:19:04","slug":"sculpture-controversee-de-la-vierge-marie-decapitee-dans-la-cathedrale-de-linz-croire-en-la-sainte-vierge-marie","status":"publish","type":"post","link":"https:\/\/editionsbussiere.com\/blog\/sculpture-controversee-de-la-vierge-marie-decapitee-dans-la-cathedrale-de-linz-croire-en-la-sainte-vierge-marie\/","title":{"rendered":"Sculpture controvers\u00e9e de la Vierge Marie d\u00e9capit\u00e9e dans la cath\u00e9drale de Linz\n &amp; croire en la Sainte Vierge Marie."},"content":{"rendered":"<div><img width=\"580\" height=\"318\" src=\"https:\/\/editionsbussiere.com\/blog\/wp-content\/uploads\/2024\/07\/Sculpture-controversee-de-la-Vierge-Marie-decapitee-dans-la-cathedrale-1024x561-1.jpg\" class=\"attachment-large size-large wp-post-image\" alt=\"Sculpture controvers\u00e9e de la Vierge Marie d\u00e9capit\u00e9e dans la cath\u00e9drale\" style=\"float:left; margin:0 15px 15px 0;\" decoding=\"async\" srcset=\"https:\/\/editionsbussiere.com\/blog\/wp-content\/uploads\/2024\/07\/Sculpture-controversee-de-la-Vierge-Marie-decapitee-dans-la-cathedrale-1024x561-1.jpg 1024w, https:\/\/www.n42.fr\/wp-content\/uploads\/2024\/07\/Sculpture-controversee-de-la-Vierge-Marie-decapitee-dans-la-cathedrale-300x164.jpg 300w, https:\/\/www.n42.fr\/wp-content\/uploads\/2024\/07\/Sculpture-controversee-de-la-Vierge-Marie-decapitee-dans-la-cathedrale-768x421.jpg 768w, https:\/\/www.n42.fr\/wp-content\/uploads\/2024\/07\/Sculpture-controversee-de-la-Vierge-Marie-decapitee-dans-la-cathedrale-1200x657.jpg 1200w, https:\/\/www.n42.fr\/wp-content\/uploads\/2024\/07\/Sculpture-controversee-de-la-Vierge-Marie-decapitee-dans-la-cathedrale.jpg 1280w\" sizes=\"(max-width: 580px) 100vw, 580px\"><\/p>\n<p>\n<\/p>\n<div wp_automatic_readability=\"62.261703327693\">\n<p>La sculpture \u00ab La Vierge en train d\u2019accoucher \u00bb, jug\u00e9e blasph\u00e9matoire par les catholiques du monde entier, a eu une vie tr\u00e8s courte : la statue d\u2019Esther Strauss, qui \u00e9tait expos\u00e9e dans la cath\u00e9drale de Linz en Autriche et repr\u00e9sentait la Vierge en train d\u2019accoucher de J\u00e9sus, a \u00e9t\u00e9 d\u00e9capit\u00e9e par des inconnus. Elle a \u00e9t\u00e9 retrouv\u00e9e en morceaux, comme l\u2019a rapport\u00e9 la police locale, mettant ainsi fin \u00e0 une exposition d\u2019art qui avait \u00e9t\u00e9 au centre de vives critiques. L\u2019\u0153uvre faisait partie d\u2019une installation plus vaste consacr\u00e9e au r\u00f4le des femmes dans l\u2019histoire.<\/p>\n<p>Le voleur de Pachamama est un Autrichien de 26 ans : \u00ab Je les ai jet\u00e9s dans le Tibre parce que ce sont des idoles pa\u00efennes \u00bb<\/p>\n<h3>L\u2019incident<\/h3>\n<p>Alexander Tschugguel, un catholique autrichien traditionaliste responsable de l\u2019acte de vandalisme dit \u00ab Pachamama \u00bb lors du synode amazonien au Vatican en 2019, en jetant dans le Tibre la statue de la Terre M\u00e8re conserv\u00e9e dans l\u2019\u00e9glise de Traspontina, a affirm\u00e9 sur les r\u00e9seaux sociaux qu\u2019il n\u2019\u00e9tait pas le responsable mais a lou\u00e9 le \u00ab h\u00e9ros \u00bb de Linz qui a bris\u00e9 cette statue obsc\u00e8ne.<\/p>\n<p>\u00ab Face \u00e0 cette caricature abominable et blasph\u00e9matoire, une action urgente et d\u00e9cisive \u00e9tait donc n\u00e9cessaire \u00bb, a-t-il d\u00e9clar\u00e9 sur les r\u00e9seaux sociaux, ajoutant que la d\u00e9capitation \u00e9tait le moyen le plus rapide de d\u00e9figurer la sculpture afin qu\u2019elle ne ressemble plus \u00e0 Marie. Naturellement, le vicaire \u00e9piscopal du dioc\u00e8se de Linz, Johann Hintermaier, a condamn\u00e9 l\u2019acte de vandalisme. \u00ab Nous \u00e9tions conscients que nous provoquerions un d\u00e9bat avec cette installation. Si nous heurtons les sentiments religieux des gens, nous en sommes d\u00e9sol\u00e9s, mais je condamne fermement cet acte de destruction violente, le refus du dialogue et l\u2019attaque contre la libert\u00e9 de l\u2019art. \u00bb<\/p>\n<p>Rome, des statues indig\u00e8nes vol\u00e9es dans une \u00e9glise et jet\u00e9es dans le Tibre<\/p>\n<div class=\"data-pubblicazione-bottom\" wp_automatic_readability=\"7\">\n<p>\u00a9 TOUS DROITS R\u00c9SERV\u00c9S <br \/>Cet article est traduit automatiquement<\/p>\n<\/div>\n<\/div>\n<p><script class=\"oncookielaw_5_accepted\" type=\"text\/plain\">\n        !function(f,b,e,v,n,t,s)\n        if(f.fbq)return;n=f.fbq=function()n.callMethod?\n            n.callMethod.apply(n,arguments):n.queue.push(arguments);\n            if(!f._fbq)f._fbq=n;n.push=n;n.loaded=!0;n.version='2.0';\n            n.queue=[];t=b.createElement(e);t.async=!0;\n            t.src=v;s=b.getElementsByTagName(e)[0];\n            s.parentNode.insertBefore(t,s)(window,document,'script',\n            '\n        fbq('init', '613826478728879');\n                \/\/ questa var serve anche in altro file\n        impostazioni_testata.fbq_swg_promo = \"556738118336305\";\n        fbq('init', impostazioni_testata.fbq_swg_promo);\n        fbq('track', 'PageView');\n    <\/script><\/p>\n<h2>\n<\/h2>\n<p>L\u2019Importance de la Pri\u00e8re \u00e0 Marie<\/p>\n<p>La pri\u00e8re \u00e0 Marie repr\u00e9sente un aspect essentiel de la spiritualit\u00e9 chr\u00e9tienne, solidement enracin\u00e9e dans la doctrine catholiques depuis des temps imm\u00e9moriaux. C\u2019est un roc sur lequel les fid\u00e8les s\u2019reposent pour obtenir r\u00e9confort, direction et intercession dans leur relation avec Dieu. Au fil du temps, cette pi\u00e9t\u00e9 a gagn\u00e9 en force par les enseignements de la Bible, les traditions de l\u2019\u00c9glise, et le mod\u00e8le des saints qui ont honor\u00e9 Marie en tant que aimante.<\/p>\n<h3>\n<\/h3>\n<p>L\u2019accomplissement du Ave Maria<\/p>\n<p>Le rosaire tient une position centrale dans la vie spirituelle de nombreux croyants. En r\u00e9citant les myst\u00e8res joyeux, douloureux, lumineux et glorieux, les fid\u00e8les se plongent dans les moments li\u00e9s \u00e0 J\u00e9sus et Marie, renfor\u00e7ant ainsi leur connexion spirituelle avec eux. Chaque Ave Maria r\u00e9cit\u00e9, ils manifestent leur foi en l\u2019intercession de Marie ainsi que leur aspiration \u00e0 suivre les pas du Christ. Saint Louis-Marie Grignion de Montfort, dans son livre sur la vraie d\u00e9votion \u00e0 la Sainte Vierge, invite les fid\u00e8les \u00e0 pratiquer r\u00e9guli\u00e8rement la m\u00e9ditation des diff\u00e9rents myst\u00e8res du rosaire afin de renforcer leur relation avec la M\u00e8re de Dieu. Cet antique rituel, transmise de g\u00e9n\u00e9ration en g\u00e9n\u00e9ration, reste un phare spirituel pour les croyants, les aidant \u00e0 se connecter avec la divine Dame du Ciel.<\/p>\n<h3>\n<\/h3>\n<p>L\u2019incitation \u00e0 la pri\u00e8re<\/p>\n<p>Unissons nos voix dans la pri\u00e8re, fr\u00e8res et s\u0153urs, dans l\u2019unit\u00e9 de notre foi, en Marie, la m\u00e8re de J\u00e9sus. Au sein de notre monde tourment\u00e9 par les conflits et la discorde, recourons \u00e0 la pri\u00e8re pour trouver de trouver la s\u00e9r\u00e9nit\u00e9 et l\u2019harmonie. Il est possible \u00e9crire une intention de pri\u00e8re pour la Sainte Vierge <a target=\"_blank\" rel=\"nofollow\" href=\"https:\/\/editionsbussiere.com\/blog\/goto\/https:\/\/www.avemariasound.org\/\" >sur ce lien.<\/a> Que nos supplications montent vers le ciel, comme une offrande re\u00e7u avec faveur \u00e0 Dieu, pour qu\u2019il guide \u00e9clairer nos chemins vers le chemin de la justice et de la v\u00e9rit\u00e9. L\u2019ap\u00f4tre Paul nous exhorte dans ses \u00e9p\u00eetres \u00e0 prier sans cesse, en toutes circonstances, afin que notre connexion \u00e0 Dieu soit solide et passionn\u00e9e. La pri\u00e8re, lorsqu\u2019elle est offerte sinc\u00e8rement, a le pouvoir de changer nos c\u0153urs et de modifier le destin de l\u2019histoire.<\/p>\n<h2>\n<\/h2>\n<p>Les le\u00e7ons du Saint-P\u00e8re<\/p>\n<p>Le Saint-P\u00e8re, dans ses enseignements \u00e9clair\u00e9s, disponibles gr\u00e2ce \u00e0 Bayard, nous rappelle la valeur de la pri\u00e8re journali\u00e8re. \u00c0 travers ses discours et ses audiences, il nous encourage \u00e0 cultiver un lien personnel avec Dieu, en se fondant sur la r\u00e9flexion sur les Saintes \u00c9critures ainsi que la pratique du Rosaire. Sa mani\u00e8re d\u2019\u00eatre de compassion et d\u2019humilit\u00e9 nous encourage \u00e0 approfondir encore nos pri\u00e8res et \u00e0 chercher la pr\u00e9sence divine dans chaque aspect de notre existence. Le Souverain Pontife Jean-Paul II, dans son encyclique sur la foi chr\u00e9tienne, nous rappelle que la pratique de la pri\u00e8re est la base de notre vie spirituelle et par elle que nous trouvons notre unit\u00e9 \u00e0 Dieu. La pri\u00e8re, enseign\u00e9e par les pontifes successifs, est une bou\u00e9e d\u2019espoir dans les temp\u00eates, un fondement solide sur lequel les \u00e2mes peuvent s\u2019appuyer.<\/p>\n<h3>\n<\/h3>\n<p>Les publications attribu\u00e9s \u00e0 Leli\u00e8vre et Hubert<\/p>\n<p>Dans le contexte de la vie de foi, l\u2019\u00e9glise pr\u00e9conise le recours \u00e0 la pri\u00e8re, et lors de les moments de pri\u00e8re, les fid\u00e8les accomplissent le signe de croix tout en r\u00e9citant le Je vous salue Marie. Des intellectuels contemporains, tels que Leli\u00e8vre et Hubert, nous convient \u00e9galement \u00e0 m\u00e9diter sur la puissance de la pri\u00e8re, \u00e0 travers leurs \u00e9crits inspirants. Leurs ouvrages, riches en enseignements spirituels, nous guident sur le chemin de la foi et nous invitent \u00e0 puiser dans les richesses de la tradition chr\u00e9tienne pour nourrir notre vie spirituelle. En m\u00e9ditant sur leurs ouvrages, nous explorons de nouvelles voies d\u2019approfondir notre relation avec Dieu et de progresser dans notre cheminement vers la saintet\u00e9. Saint Jean, dans l\u2019\u00c9vangile, nous rappelle que le fait de prier est une puissante voie de demeurer en communion avec Dieu et de b\u00e9n\u00e9ficier ses b\u00e9n\u00e9dictions. Chaque paragraphe de leurs \u00e9crits est semblable \u00e0 un appel \u00e0 une pri\u00e8re fervente et \u00e0 une existence impr\u00e9gn\u00e9e de la pr\u00e9sence divine. Dans notre recherche de connexion spirituelle, chaque lecture devient une invitation \u00e0 aspirer \u00e0 le divin, par le biais de la m\u00e9ditation et la contemplation.<\/p>\n<h3>\n<\/h3>\n<p>La pratique de la pri\u00e8re<\/p>\n<p>Dans nos lieux de culte simples ou grandioses, orientons-nous vers Dieu avec confiance et humilit\u00e9, car nous savons qu\u2019il \u00e9coute nos supplications avec amour et sollicitude. Que chaque bougie allum\u00e9e, chaque chapelet r\u00e9cit\u00e9, constitue une offrande \u00e0 notre Seigneur et \u00e0 sa sainte m\u00e8re, Marie. Que nos moments de pri\u00e8re dans la chapelle soient des occasions de faveur divine et de renouvellement de notre esprit, nous fortifiant pour affronter les challenges avec courage et foi. Sainte Bernadette Soubirous, \u00e0 qui la Vierge Marie est apparue \u00e0 Lourdes, nous enseigne l\u2019importance de la pri\u00e8re dans la vie des fid\u00e8les et l\u2019efficacit\u00e9 de l\u2019intercession de la Sainte Vierge. Tout fid\u00e8le qui franchit les portes d\u2019une chapelle, chaque page de la Bible lue dans ce lieu sacr\u00e9, constitue une rencontre avec la divinit\u00e9, une \u00e9tape importante dans le processus de transformation spirituelle. \u00c0 travers les \u00c9critures saintes, tout croyant est invit\u00e9 \u00e0 contempler sur la croix du Christ, \u00e0 m\u00e9diter sur son sacrifice, et \u00e0 trouver r\u00e9confort et espoir dans la gr\u00e2ce salvatrice qu\u2019elle offre.<\/p>\n<h2>\nLa pri\u00e8re comme rem\u00e8de pour l\u2019\u00e2me<br \/>\n<\/h2>\n<p>Tel un m\u00e9decin pour nos \u00e2mes, l\u2019acte de prier nous r\u00e9conforte ainsi que nous fortifie dans les moments de douleur et de d\u00e9sespoir. Elle nous rappelle que Dieu est toujours avec nous, m\u00eame au c\u0153ur de nos heures les plus sombres. En nous penchant vers lui \u00e0 travers la pri\u00e8re, nous d\u00e9couvrons la force int\u00e9rieure dont nous avons besoin pour surmonter les \u00e9preuves et pour faire face \u00e0 l\u2019avenir avec espoir et confiance. La pri\u00e8re est semblable \u00e0 une rivi\u00e8re vivifiante qui apaise notre soif spirituelle et qui, dans notre marche avec Dieu, nous revigore.<br \/>\n\u00c0 chaque pri\u00e8re prononc\u00e9e, \u00e0 chaque intention confi\u00e9e, notre \u00e2me trouve un r\u00e9confort c\u00e9leste, une gu\u00e9rison c\u00e9leste, qui d\u00e9passe les limites de notre condition terrestre. Chaque passage des \u00c9critures est une invitation \u00e0 dialoguer avec Dieu, \u00e0 lui confier nos fardeaux, et \u00e0 b\u00e9n\u00e9ficier de sa gr\u00e2ce r\u00e9g\u00e9n\u00e9ratrice.<\/p>\n<h2>Un point de vue alternatif sur la pri\u00e8re \u00e0 Marie<\/h2>\n<p>La pri\u00e8re \u00e0 Marie repr\u00e9sente une coutume profond\u00e9ment enracin\u00e9e dans la tradition catholique chr\u00e9tienne, offrant un lien spirituel pr\u00e9cieux pour les croyants \u00e0 travers le globe. Comme m\u00e8re spirituelle aimante et interm\u00e9diaire, elle est invoqu\u00e9e avec ferveur dans les moments de besoin et de louange. Le rosaire, avec ses myst\u00e8res contemplatifs, guide les catholiques dans leur cheminement spirituel, les aidant \u00e0 m\u00e9diter sur J\u00e9sus, son fils, \u00e0 travers le regard de la Vierge Marie. Cette d\u00e9votion \u00e0 Marie s\u2019exprime dans les sites sacr\u00e9s tel que le sanctuaire de Lourdes, o\u00f9 les p\u00e8lerins affluent en qu\u00eate de r\u00e9confort et de gu\u00e9rison, illustrant le lien profond entre la foi catholique et la v\u00e9n\u00e9ration de la Vierge Marie. Les enseignements \u00e9clairants d\u2019\u00e9minents th\u00e9ologiens comme Leli\u00e8vre et Hubert fournissent une r\u00e9flexion pr\u00e9cieuse sur la valeur de la pri\u00e8re \u00e0 Marie et son influence sur la vie spirituelle des fid\u00e8les. Gr\u00e2ce \u00e0 une lecture attentive de textes de d\u00e9votion et des \u00c9critures, les croyants \u00e9largissent leur compr\u00e9hension de l\u2019adoration de Marie et cultivent un lien plus fort avec Marie, notre m\u00e8re spirituelle. Dans un monde marqu\u00e9 par les conflits et les troubles, la d\u00e9votion \u00e0 Marie constitue un refuge de calme et de confiance, incitant chaque individu, quel que soit son statut dans la foi catholique-chr\u00e9tienne, \u00e0 se tourner vers la Dame du Ciel avec une foi profonde et une d\u00e9votion sinc\u00e8re. Unissons donc nos pri\u00e8res, avec sinc\u00e9rit\u00e9 et humilit\u00e9, en reconnaissant Marie comme notre m\u00e8re et notre intercesseur, en lui confiant nos v\u0153ux et nos aspirations les plus profondes. Dans cette d\u00e9marche de foi, tout adepte est convi\u00e9 \u00e0 suivre la liste des pri\u00e8res et des intentions du c\u0153ur, sous la direction du saint P\u00e8re et les ressources spirituelles inestimables fournies par des plateformes comme Aleteia. De cette mani\u00e8re, avec un c\u0153ur humble et une foi sinc\u00e8re, saluons Marie dans notre pri\u00e8re quotidienne, lui demandant son intercession maternelle, ainsi que la gr\u00e2ce de pers\u00e9v\u00e9rer dans la pri\u00e8re ardente.<br \/>\nQue la pri\u00e8re constitue notre refuge et notre r\u00e9confort en toute circonstance. Que nous nous tournions vers Marie, notre m\u00e8re c\u00e9leste, avec un c\u0153ur ouvert et une croyance in\u00e9branlable, en ayant conscience qu\u2019elle interc\u00e8de pour nous devant son fils bien-aim\u00e9. Que notre dialogue avec le divin nous guide vers la voie de la saintet\u00e9, nous conduisant toujours plus pr\u00e8s de Dieu et de son amour \u00e9ternel.<\/p>\n<p>Ce objet correspond \u00e0 vos interrogations vous adorerez tout autant ces ouvrages:<\/p>\n<p>R\u00eaveries d\u2019un pa\u00efen mystique\/Panth\u00e9on.,<a target=\"_blank\" rel=\"nofollow\" href=\"https:\/\/editionsbussiere.com\/blog\/goto\/https:\/\/fr.wikisource.org\/wiki\/R%C3%AAveries_d%E2%80%99un_pa%C3%AFen_mystique\/Panth%C3%A9on\"  target=\"_blank\" rel=\"noopener noreferrer nofollow\">Article complet.<\/a><span><\/span><\/p>\n<p>Lou\u00ffs \u2013 Po\u00e9sies\/Astart\u00e9 11.,<a target=\"_blank\" rel=\"nofollow\" href=\"https:\/\/editionsbussiere.com\/blog\/goto\/https:\/\/fr.wikisource.org\/wiki\/Lou%C3%BFs_%E2%80%93_Po%C3%A9sies\/Astart%C3%A9_11\"  target=\"_blank\" rel=\"noopener noreferrer nofollow\">L\u2019article ICI.<\/a><span><\/span><\/p>\n<p>Les Foules de Lourdes\/Chapitre XV.,<a target=\"_blank\" rel=\"nofollow\" href=\"https:\/\/editionsbussiere.com\/blog\/goto\/https:\/\/fr.wikisource.org\/wiki\/Les_Foules_de_Lourdes\/Chapitre_XV\"  target=\"_blank\" rel=\"noopener noreferrer nofollow\">L\u2019article ICI.<\/a><span><\/span>. Suite sur le prochain article.<\/p>\n<p>Le Fl\u00e2neur des deux rives\/Les No\u00ebls de la rue de Buci.,<a target=\"_blank\" rel=\"nofollow\" href=\"https:\/\/editionsbussiere.com\/blog\/goto\/https:\/\/fr.wikisource.org\/wiki\/Le_Fl%C3%A2neur_des_deux_rives\/Les_No%C3%ABls_de_la_rue_de_Buci\"  target=\"_blank\" rel=\"noopener noreferrer nofollow\">L\u2019article de presse.<\/a><span><\/span><\/p>\n<p>L\u2019\u00c2me humaine.,<a target=\"_blank\" rel=\"nofollow\" href=\"https:\/\/editionsbussiere.com\/blog\/goto\/https:\/\/fr.wikisource.org\/wiki\/L%E2%80%99%C3%82me_humaine\"  target=\"_blank\" rel=\"noopener noreferrer nofollow\">Le dossier.<\/a><span><\/span><\/p>\n<p>Biographie nationale de Belgique\/Tome 1\/ALAR, Antoine.,<a target=\"_blank\" rel=\"nofollow\" href=\"https:\/\/editionsbussiere.com\/blog\/goto\/https:\/\/fr.wikisource.org\/wiki\/Biographie_nationale_de_Belgique\/Tome_1\/ALAR,_Antoine\"  target=\"_blank\" rel=\"noopener noreferrer nofollow\">Cliquer ICI.<\/a><span><\/span>. Suite sur le prochain article.<\/p>\n<\/div>\n<p><img decoding=\"async\" class=\"wpe_imgrss\" src=\"https:\/\/editionsbussiere.com\/blog\/wp-content\/uploads\/2024\/07\/Sculpture-controversee-de-la-Vierge-Marie-decapitee-dans-la-cathedrale-1024x561-1.jpg\">Cet article a \u00e9t\u00e9 reconstitu\u00e9 du mieux possible. Dans l\u2019hypoth\u00e8se o\u00f9 vous souhaitez apporter quelques modifications concernant le th\u00e8me \u00ab\u00a0Editions \u00e9sot\u00e9rique fond\u00e9e en 1927\u00a0\u00bb, il est possible de discuter avec notre r\u00e9daction. Vous pouvez tirer profit de cet article traitant le sujet \u00ab\u00a0Editions \u00e9sot\u00e9rique fond\u00e9e en 1927\u00a0\u00bb. Il est concoct\u00e9 par l\u2019\u00e9quipe editionsbussiere.com. Le site editionsbussiere.com est fait pour cr\u00e9er divers posts autour du th\u00e8me Editions \u00e9sot\u00e9rique fond\u00e9e en 1927 d\u00e9velopp\u00e9es sur internet. Consultez notre site internet editionsbussiere.com et nos r\u00e9seaux sociaux pour \u00eatre au courant des futures annonces.<\/p>\n","protected":false},"excerpt":{"rendered":"<p>La sculpture \u00ab La Vierge en train d\u2019accoucher \u00bb, jug\u00e9e blasph\u00e9matoire par les catholiques du monde entier, a eu une vie tr\u00e8s courte : la statue d\u2019Esther Strauss, qui \u00e9tait expos\u00e9e dans la cath\u00e9drale de Linz en Autriche et repr\u00e9sentait la Vierge en train d\u2019accoucher de J\u00e9sus, a \u00e9t\u00e9 d\u00e9capit\u00e9e par des inconnus. Elle a [&hellip;]<\/p>\n","protected":false},"author":3,"featured_media":914,"comment_status":"closed","ping_status":"closed","sticky":false,"template":"","format":"standard","meta":{"footnotes":""},"categories":[3],"tags":[],"class_list":["post-913","post","type-post","status-publish","format-standard","has-post-thumbnail","hentry","category-editions-esoterique-fondee-en-1927-depeches","entry","fw-tab-6 fw-tabr-4","has-featured-image"],"yoast_head":"<!-- This site is optimized with the Yoast SEO plugin v27.5 - https:\/\/yoast.com\/product\/yoast-seo-wordpress\/ -->\n<title>Sculpture controvers\u00e9e de la Vierge Marie d\u00e9capit\u00e9e dans la cath\u00e9drale de Linz &amp; croire en la Sainte Vierge Marie. - EDITIONSBUSSIERE<\/title>\n<meta name=\"robots\" content=\"index, follow, max-snippet:-1, max-image-preview:large, max-video-preview:-1\" \/>\n<link rel=\"canonical\" href=\"https:\/\/editionsbussiere.com\/blog\/sculpture-controversee-de-la-vierge-marie-decapitee-dans-la-cathedrale-de-linz-croire-en-la-sainte-vierge-marie\/\" \/>\n<meta property=\"og:locale\" content=\"fr_FR\" \/>\n<meta property=\"og:type\" content=\"article\" \/>\n<meta property=\"og:title\" content=\"Sculpture controvers\u00e9e de la Vierge Marie d\u00e9capit\u00e9e dans la cath\u00e9drale de Linz &amp; croire en la Sainte Vierge Marie. - EDITIONSBUSSIERE\" \/>\n<meta property=\"og:description\" content=\"La sculpture \u00ab La Vierge en train d\u2019accoucher \u00bb, jug\u00e9e blasph\u00e9matoire par les catholiques du monde entier, a eu une vie tr\u00e8s courte : la statue d\u2019Esther Strauss, qui \u00e9tait expos\u00e9e dans la cath\u00e9drale de Linz en Autriche et repr\u00e9sentait la Vierge en train d\u2019accoucher de J\u00e9sus, a \u00e9t\u00e9 d\u00e9capit\u00e9e par des inconnus. Elle a [&hellip;]\" \/>\n<meta property=\"og:url\" content=\"https:\/\/editionsbussiere.com\/blog\/sculpture-controversee-de-la-vierge-marie-decapitee-dans-la-cathedrale-de-linz-croire-en-la-sainte-vierge-marie\/\" \/>\n<meta property=\"og:site_name\" content=\"EDITIONSBUSSIERE\" \/>\n<meta property=\"article:published_time\" content=\"2024-07-03T13:19:04+00:00\" \/>\n<meta property=\"og:image\" content=\"https:\/\/editionsbussiere.com\/blog\/wp-content\/uploads\/2024\/07\/Sculpture-controversee-de-la-Vierge-Marie-decapitee-dans-la-cathedrale-1024x561-1.jpg\" \/>\n<meta name=\"author\" content=\"Marie BATICLE\" \/>\n<meta name=\"twitter:card\" content=\"summary_large_image\" \/>\n<meta name=\"twitter:label1\" content=\"\u00c9crit par\" \/>\n\t<meta name=\"twitter:data1\" content=\"Marie BATICLE\" \/>\n\t<meta name=\"twitter:label2\" content=\"Dur\u00e9e de lecture estim\u00e9e\" \/>\n\t<meta name=\"twitter:data2\" content=\"11 minutes\" \/>\n<script type=\"application\/ld+json\" class=\"yoast-schema-graph\">{\"@context\":\"https:\\\/\\\/schema.org\",\"@graph\":[{\"@type\":\"Article\",\"@id\":\"https:\\\/\\\/editionsbussiere.com\\\/blog\\\/sculpture-controversee-de-la-vierge-marie-decapitee-dans-la-cathedrale-de-linz-croire-en-la-sainte-vierge-marie\\\/#article\",\"isPartOf\":{\"@id\":\"https:\\\/\\\/editionsbussiere.com\\\/blog\\\/sculpture-controversee-de-la-vierge-marie-decapitee-dans-la-cathedrale-de-linz-croire-en-la-sainte-vierge-marie\\\/\"},\"author\":{\"name\":\"Marie BATICLE\",\"@id\":\"https:\\\/\\\/editionsbussiere.com\\\/blog\\\/#\\\/schema\\\/person\\\/ec90e102792148c97e46ab871010dd8f\"},\"headline\":\"Sculpture controvers\u00e9e de la Vierge Marie d\u00e9capit\u00e9e dans la cath\u00e9drale de Linz &amp; croire en la Sainte Vierge Marie.\",\"datePublished\":\"2024-07-03T13:19:04+00:00\",\"mainEntityOfPage\":{\"@id\":\"https:\\\/\\\/editionsbussiere.com\\\/blog\\\/sculpture-controversee-de-la-vierge-marie-decapitee-dans-la-cathedrale-de-linz-croire-en-la-sainte-vierge-marie\\\/\"},\"wordCount\":2127,\"publisher\":{\"@id\":\"https:\\\/\\\/editionsbussiere.com\\\/blog\\\/#organization\"},\"image\":{\"@id\":\"https:\\\/\\\/editionsbussiere.com\\\/blog\\\/sculpture-controversee-de-la-vierge-marie-decapitee-dans-la-cathedrale-de-linz-croire-en-la-sainte-vierge-marie\\\/#primaryimage\"},\"thumbnailUrl\":\"https:\\\/\\\/editionsbussiere.com\\\/blog\\\/wp-content\\\/uploads\\\/2024\\\/07\\\/Sculpture-controversee-de-la-Vierge-Marie-decapitee-dans-la-cathedrale-1024x561-1.jpg\",\"articleSection\":[\"Editions \u00c9sot\u00e9rique Fond\u00e9e En 1927; D\u00e9p\u00e8ches:\"],\"inLanguage\":\"fr-FR\"},{\"@type\":\"WebPage\",\"@id\":\"https:\\\/\\\/editionsbussiere.com\\\/blog\\\/sculpture-controversee-de-la-vierge-marie-decapitee-dans-la-cathedrale-de-linz-croire-en-la-sainte-vierge-marie\\\/\",\"url\":\"https:\\\/\\\/editionsbussiere.com\\\/blog\\\/sculpture-controversee-de-la-vierge-marie-decapitee-dans-la-cathedrale-de-linz-croire-en-la-sainte-vierge-marie\\\/\",\"name\":\"Sculpture controvers\u00e9e de la Vierge Marie d\u00e9capit\u00e9e dans la cath\u00e9drale de Linz &amp; croire en la Sainte Vierge Marie. - EDITIONSBUSSIERE\",\"isPartOf\":{\"@id\":\"https:\\\/\\\/editionsbussiere.com\\\/blog\\\/#website\"},\"primaryImageOfPage\":{\"@id\":\"https:\\\/\\\/editionsbussiere.com\\\/blog\\\/sculpture-controversee-de-la-vierge-marie-decapitee-dans-la-cathedrale-de-linz-croire-en-la-sainte-vierge-marie\\\/#primaryimage\"},\"image\":{\"@id\":\"https:\\\/\\\/editionsbussiere.com\\\/blog\\\/sculpture-controversee-de-la-vierge-marie-decapitee-dans-la-cathedrale-de-linz-croire-en-la-sainte-vierge-marie\\\/#primaryimage\"},\"thumbnailUrl\":\"https:\\\/\\\/editionsbussiere.com\\\/blog\\\/wp-content\\\/uploads\\\/2024\\\/07\\\/Sculpture-controversee-de-la-Vierge-Marie-decapitee-dans-la-cathedrale-1024x561-1.jpg\",\"datePublished\":\"2024-07-03T13:19:04+00:00\",\"breadcrumb\":{\"@id\":\"https:\\\/\\\/editionsbussiere.com\\\/blog\\\/sculpture-controversee-de-la-vierge-marie-decapitee-dans-la-cathedrale-de-linz-croire-en-la-sainte-vierge-marie\\\/#breadcrumb\"},\"inLanguage\":\"fr-FR\",\"potentialAction\":[{\"@type\":\"ReadAction\",\"target\":[\"https:\\\/\\\/editionsbussiere.com\\\/blog\\\/sculpture-controversee-de-la-vierge-marie-decapitee-dans-la-cathedrale-de-linz-croire-en-la-sainte-vierge-marie\\\/\"]}]},{\"@type\":\"ImageObject\",\"inLanguage\":\"fr-FR\",\"@id\":\"https:\\\/\\\/editionsbussiere.com\\\/blog\\\/sculpture-controversee-de-la-vierge-marie-decapitee-dans-la-cathedrale-de-linz-croire-en-la-sainte-vierge-marie\\\/#primaryimage\",\"url\":\"https:\\\/\\\/editionsbussiere.com\\\/blog\\\/wp-content\\\/uploads\\\/2024\\\/07\\\/Sculpture-controversee-de-la-Vierge-Marie-decapitee-dans-la-cathedrale-1024x561-1.jpg\",\"contentUrl\":\"https:\\\/\\\/editionsbussiere.com\\\/blog\\\/wp-content\\\/uploads\\\/2024\\\/07\\\/Sculpture-controversee-de-la-Vierge-Marie-decapitee-dans-la-cathedrale-1024x561-1.jpg\",\"width\":1024,\"height\":561,\"caption\":\"Sculpture controversee de la Vierge Marie decapitee dans la cathedrale 1024x561 1\"},{\"@type\":\"BreadcrumbList\",\"@id\":\"https:\\\/\\\/editionsbussiere.com\\\/blog\\\/sculpture-controversee-de-la-vierge-marie-decapitee-dans-la-cathedrale-de-linz-croire-en-la-sainte-vierge-marie\\\/#breadcrumb\",\"itemListElement\":[{\"@type\":\"ListItem\",\"position\":1,\"name\":\"Accueil\",\"item\":\"https:\\\/\\\/editionsbussiere.com\\\/blog\\\/\"},{\"@type\":\"ListItem\",\"position\":2,\"name\":\"Sculpture controvers\u00e9e de la Vierge Marie d\u00e9capit\u00e9e dans la cath\u00e9drale de Linz &amp; croire en la Sainte Vierge Marie.\"}]},{\"@type\":\"WebSite\",\"@id\":\"https:\\\/\\\/editionsbussiere.com\\\/blog\\\/#website\",\"url\":\"https:\\\/\\\/editionsbussiere.com\\\/blog\\\/\",\"name\":\"EDITIONSBUSSIERE\",\"description\":\"Editions \u00e9sot\u00e9rique fond\u00e9e en 1927; site historique, A SAVOIR ET RETENIR.\",\"publisher\":{\"@id\":\"https:\\\/\\\/editionsbussiere.com\\\/blog\\\/#organization\"},\"potentialAction\":[{\"@type\":\"SearchAction\",\"target\":{\"@type\":\"EntryPoint\",\"urlTemplate\":\"https:\\\/\\\/editionsbussiere.com\\\/blog\\\/?s={search_term_string}\"},\"query-input\":{\"@type\":\"PropertyValueSpecification\",\"valueRequired\":true,\"valueName\":\"search_term_string\"}}],\"inLanguage\":\"fr-FR\"},{\"@type\":\"Organization\",\"@id\":\"https:\\\/\\\/editionsbussiere.com\\\/blog\\\/#organization\",\"name\":\"editionsbussiere\",\"url\":\"https:\\\/\\\/editionsbussiere.com\\\/blog\\\/\",\"logo\":{\"@type\":\"ImageObject\",\"inLanguage\":\"fr-FR\",\"@id\":\"https:\\\/\\\/editionsbussiere.com\\\/blog\\\/#\\\/schema\\\/logo\\\/image\\\/\",\"url\":\"https:\\\/\\\/editionsbussiere.com\\\/blog\\\/wp-content\\\/uploads\\\/2023\\\/09\\\/cropped-buss.gif\",\"contentUrl\":\"https:\\\/\\\/editionsbussiere.com\\\/blog\\\/wp-content\\\/uploads\\\/2023\\\/09\\\/cropped-buss.gif\",\"width\":298,\"height\":120,\"caption\":\"editionsbussiere\"},\"image\":{\"@id\":\"https:\\\/\\\/editionsbussiere.com\\\/blog\\\/#\\\/schema\\\/logo\\\/image\\\/\"}},{\"@type\":\"Person\",\"@id\":\"https:\\\/\\\/editionsbussiere.com\\\/blog\\\/#\\\/schema\\\/person\\\/ec90e102792148c97e46ab871010dd8f\",\"name\":\"Marie BATICLE\",\"image\":{\"@type\":\"ImageObject\",\"inLanguage\":\"fr-FR\",\"@id\":\"https:\\\/\\\/secure.gravatar.com\\\/avatar\\\/c923e52403b1b8137e2d929127211d21967e6aecaa053bd43b09da29f212e76e?s=96&d=mm&r=g\",\"url\":\"https:\\\/\\\/secure.gravatar.com\\\/avatar\\\/c923e52403b1b8137e2d929127211d21967e6aecaa053bd43b09da29f212e76e?s=96&d=mm&r=g\",\"contentUrl\":\"https:\\\/\\\/secure.gravatar.com\\\/avatar\\\/c923e52403b1b8137e2d929127211d21967e6aecaa053bd43b09da29f212e76e?s=96&d=mm&r=g\",\"caption\":\"Marie BATICLE\"},\"url\":\"https:\\\/\\\/editionsbussiere.com\\\/blog\\\/author\\\/eremarie\\\/\"}]}<\/script>\n<!-- \/ Yoast SEO plugin. -->","yoast_head_json":{"title":"Sculpture controvers\u00e9e de la Vierge Marie d\u00e9capit\u00e9e dans la cath\u00e9drale de Linz &amp; croire en la Sainte Vierge Marie. - EDITIONSBUSSIERE","robots":{"index":"index","follow":"follow","max-snippet":"max-snippet:-1","max-image-preview":"max-image-preview:large","max-video-preview":"max-video-preview:-1"},"canonical":"https:\/\/editionsbussiere.com\/blog\/sculpture-controversee-de-la-vierge-marie-decapitee-dans-la-cathedrale-de-linz-croire-en-la-sainte-vierge-marie\/","og_locale":"fr_FR","og_type":"article","og_title":"Sculpture controvers\u00e9e de la Vierge Marie d\u00e9capit\u00e9e dans la cath\u00e9drale de Linz &amp; croire en la Sainte Vierge Marie. - EDITIONSBUSSIERE","og_description":"La sculpture \u00ab La Vierge en train d\u2019accoucher \u00bb, jug\u00e9e blasph\u00e9matoire par les catholiques du monde entier, a eu une vie tr\u00e8s courte : la statue d\u2019Esther Strauss, qui \u00e9tait expos\u00e9e dans la cath\u00e9drale de Linz en Autriche et repr\u00e9sentait la Vierge en train d\u2019accoucher de J\u00e9sus, a \u00e9t\u00e9 d\u00e9capit\u00e9e par des inconnus. Elle a [&hellip;]","og_url":"https:\/\/editionsbussiere.com\/blog\/sculpture-controversee-de-la-vierge-marie-decapitee-dans-la-cathedrale-de-linz-croire-en-la-sainte-vierge-marie\/","og_site_name":"EDITIONSBUSSIERE","article_published_time":"2024-07-03T13:19:04+00:00","og_image":[{"url":"https:\/\/editionsbussiere.com\/blog\/wp-content\/uploads\/2024\/07\/Sculpture-controversee-de-la-Vierge-Marie-decapitee-dans-la-cathedrale-1024x561-1.jpg","type":"","width":"","height":""}],"author":"Marie BATICLE","twitter_card":"summary_large_image","twitter_misc":{"\u00c9crit par":"Marie BATICLE","Dur\u00e9e de lecture estim\u00e9e":"11 minutes"},"schema":{"@context":"https:\/\/schema.org","@graph":[{"@type":"Article","@id":"https:\/\/editionsbussiere.com\/blog\/sculpture-controversee-de-la-vierge-marie-decapitee-dans-la-cathedrale-de-linz-croire-en-la-sainte-vierge-marie\/#article","isPartOf":{"@id":"https:\/\/editionsbussiere.com\/blog\/sculpture-controversee-de-la-vierge-marie-decapitee-dans-la-cathedrale-de-linz-croire-en-la-sainte-vierge-marie\/"},"author":{"name":"Marie BATICLE","@id":"https:\/\/editionsbussiere.com\/blog\/#\/schema\/person\/ec90e102792148c97e46ab871010dd8f"},"headline":"Sculpture controvers\u00e9e de la Vierge Marie d\u00e9capit\u00e9e dans la cath\u00e9drale de Linz &amp; croire en la Sainte Vierge Marie.","datePublished":"2024-07-03T13:19:04+00:00","mainEntityOfPage":{"@id":"https:\/\/editionsbussiere.com\/blog\/sculpture-controversee-de-la-vierge-marie-decapitee-dans-la-cathedrale-de-linz-croire-en-la-sainte-vierge-marie\/"},"wordCount":2127,"publisher":{"@id":"https:\/\/editionsbussiere.com\/blog\/#organization"},"image":{"@id":"https:\/\/editionsbussiere.com\/blog\/sculpture-controversee-de-la-vierge-marie-decapitee-dans-la-cathedrale-de-linz-croire-en-la-sainte-vierge-marie\/#primaryimage"},"thumbnailUrl":"https:\/\/editionsbussiere.com\/blog\/wp-content\/uploads\/2024\/07\/Sculpture-controversee-de-la-Vierge-Marie-decapitee-dans-la-cathedrale-1024x561-1.jpg","articleSection":["Editions \u00c9sot\u00e9rique Fond\u00e9e En 1927; D\u00e9p\u00e8ches:"],"inLanguage":"fr-FR"},{"@type":"WebPage","@id":"https:\/\/editionsbussiere.com\/blog\/sculpture-controversee-de-la-vierge-marie-decapitee-dans-la-cathedrale-de-linz-croire-en-la-sainte-vierge-marie\/","url":"https:\/\/editionsbussiere.com\/blog\/sculpture-controversee-de-la-vierge-marie-decapitee-dans-la-cathedrale-de-linz-croire-en-la-sainte-vierge-marie\/","name":"Sculpture controvers\u00e9e de la Vierge Marie d\u00e9capit\u00e9e dans la cath\u00e9drale de Linz &amp; croire en la Sainte Vierge Marie. - EDITIONSBUSSIERE","isPartOf":{"@id":"https:\/\/editionsbussiere.com\/blog\/#website"},"primaryImageOfPage":{"@id":"https:\/\/editionsbussiere.com\/blog\/sculpture-controversee-de-la-vierge-marie-decapitee-dans-la-cathedrale-de-linz-croire-en-la-sainte-vierge-marie\/#primaryimage"},"image":{"@id":"https:\/\/editionsbussiere.com\/blog\/sculpture-controversee-de-la-vierge-marie-decapitee-dans-la-cathedrale-de-linz-croire-en-la-sainte-vierge-marie\/#primaryimage"},"thumbnailUrl":"https:\/\/editionsbussiere.com\/blog\/wp-content\/uploads\/2024\/07\/Sculpture-controversee-de-la-Vierge-Marie-decapitee-dans-la-cathedrale-1024x561-1.jpg","datePublished":"2024-07-03T13:19:04+00:00","breadcrumb":{"@id":"https:\/\/editionsbussiere.com\/blog\/sculpture-controversee-de-la-vierge-marie-decapitee-dans-la-cathedrale-de-linz-croire-en-la-sainte-vierge-marie\/#breadcrumb"},"inLanguage":"fr-FR","potentialAction":[{"@type":"ReadAction","target":["https:\/\/editionsbussiere.com\/blog\/sculpture-controversee-de-la-vierge-marie-decapitee-dans-la-cathedrale-de-linz-croire-en-la-sainte-vierge-marie\/"]}]},{"@type":"ImageObject","inLanguage":"fr-FR","@id":"https:\/\/editionsbussiere.com\/blog\/sculpture-controversee-de-la-vierge-marie-decapitee-dans-la-cathedrale-de-linz-croire-en-la-sainte-vierge-marie\/#primaryimage","url":"https:\/\/editionsbussiere.com\/blog\/wp-content\/uploads\/2024\/07\/Sculpture-controversee-de-la-Vierge-Marie-decapitee-dans-la-cathedrale-1024x561-1.jpg","contentUrl":"https:\/\/editionsbussiere.com\/blog\/wp-content\/uploads\/2024\/07\/Sculpture-controversee-de-la-Vierge-Marie-decapitee-dans-la-cathedrale-1024x561-1.jpg","width":1024,"height":561,"caption":"Sculpture controversee de la Vierge Marie decapitee dans la cathedrale 1024x561 1"},{"@type":"BreadcrumbList","@id":"https:\/\/editionsbussiere.com\/blog\/sculpture-controversee-de-la-vierge-marie-decapitee-dans-la-cathedrale-de-linz-croire-en-la-sainte-vierge-marie\/#breadcrumb","itemListElement":[{"@type":"ListItem","position":1,"name":"Accueil","item":"https:\/\/editionsbussiere.com\/blog\/"},{"@type":"ListItem","position":2,"name":"Sculpture controvers\u00e9e de la Vierge Marie d\u00e9capit\u00e9e dans la cath\u00e9drale de Linz &amp; croire en la Sainte Vierge Marie."}]},{"@type":"WebSite","@id":"https:\/\/editionsbussiere.com\/blog\/#website","url":"https:\/\/editionsbussiere.com\/blog\/","name":"EDITIONSBUSSIERE","description":"Editions \u00e9sot\u00e9rique fond\u00e9e en 1927; site historique, A SAVOIR ET RETENIR.","publisher":{"@id":"https:\/\/editionsbussiere.com\/blog\/#organization"},"potentialAction":[{"@type":"SearchAction","target":{"@type":"EntryPoint","urlTemplate":"https:\/\/editionsbussiere.com\/blog\/?s={search_term_string}"},"query-input":{"@type":"PropertyValueSpecification","valueRequired":true,"valueName":"search_term_string"}}],"inLanguage":"fr-FR"},{"@type":"Organization","@id":"https:\/\/editionsbussiere.com\/blog\/#organization","name":"editionsbussiere","url":"https:\/\/editionsbussiere.com\/blog\/","logo":{"@type":"ImageObject","inLanguage":"fr-FR","@id":"https:\/\/editionsbussiere.com\/blog\/#\/schema\/logo\/image\/","url":"https:\/\/editionsbussiere.com\/blog\/wp-content\/uploads\/2023\/09\/cropped-buss.gif","contentUrl":"https:\/\/editionsbussiere.com\/blog\/wp-content\/uploads\/2023\/09\/cropped-buss.gif","width":298,"height":120,"caption":"editionsbussiere"},"image":{"@id":"https:\/\/editionsbussiere.com\/blog\/#\/schema\/logo\/image\/"}},{"@type":"Person","@id":"https:\/\/editionsbussiere.com\/blog\/#\/schema\/person\/ec90e102792148c97e46ab871010dd8f","name":"Marie BATICLE","image":{"@type":"ImageObject","inLanguage":"fr-FR","@id":"https:\/\/secure.gravatar.com\/avatar\/c923e52403b1b8137e2d929127211d21967e6aecaa053bd43b09da29f212e76e?s=96&d=mm&r=g","url":"https:\/\/secure.gravatar.com\/avatar\/c923e52403b1b8137e2d929127211d21967e6aecaa053bd43b09da29f212e76e?s=96&d=mm&r=g","contentUrl":"https:\/\/secure.gravatar.com\/avatar\/c923e52403b1b8137e2d929127211d21967e6aecaa053bd43b09da29f212e76e?s=96&d=mm&r=g","caption":"Marie BATICLE"},"url":"https:\/\/editionsbussiere.com\/blog\/author\/eremarie\/"}]}},"_links":{"self":[{"href":"https:\/\/editionsbussiere.com\/blog\/wp-json\/wp\/v2\/posts\/913","targetHints":{"allow":["GET"]}}],"collection":[{"href":"https:\/\/editionsbussiere.com\/blog\/wp-json\/wp\/v2\/posts"}],"about":[{"href":"https:\/\/editionsbussiere.com\/blog\/wp-json\/wp\/v2\/types\/post"}],"author":[{"embeddable":true,"href":"https:\/\/editionsbussiere.com\/blog\/wp-json\/wp\/v2\/users\/3"}],"replies":[{"embeddable":true,"href":"https:\/\/editionsbussiere.com\/blog\/wp-json\/wp\/v2\/comments?post=913"}],"version-history":[{"count":0,"href":"https:\/\/editionsbussiere.com\/blog\/wp-json\/wp\/v2\/posts\/913\/revisions"}],"wp:featuredmedia":[{"embeddable":true,"href":"https:\/\/editionsbussiere.com\/blog\/wp-json\/wp\/v2\/media\/914"}],"wp:attachment":[{"href":"https:\/\/editionsbussiere.com\/blog\/wp-json\/wp\/v2\/media?parent=913"}],"wp:term":[{"taxonomy":"category","embeddable":true,"href":"https:\/\/editionsbussiere.com\/blog\/wp-json\/wp\/v2\/categories?post=913"},{"taxonomy":"post_tag","embeddable":true,"href":"https:\/\/editionsbussiere.com\/blog\/wp-json\/wp\/v2\/tags?post=913"}],"curies":[{"name":"wp","href":"https:\/\/api.w.org\/{rel}","templated":true}]}}