{"id":877,"date":"2024-06-24T20:51:00","date_gmt":"2024-06-24T18:51:00","guid":{"rendered":"https:\/\/editionsbussiere.com\/blog\/le-pape-nomme-un-nouvel-eveque-de-hangzhou-en-chine-pour-se-devouer-a-la-mere-de-dieu\/"},"modified":"2024-06-24T20:51:00","modified_gmt":"2024-06-24T18:51:00","slug":"le-pape-nomme-un-nouvel-eveque-de-hangzhou-en-chine-pour-se-devouer-a-la-mere-de-dieu","status":"publish","type":"post","link":"https:\/\/editionsbussiere.com\/blog\/le-pape-nomme-un-nouvel-eveque-de-hangzhou-en-chine-pour-se-devouer-a-la-mere-de-dieu\/","title":{"rendered":"Le pape nomme un nouvel \u00e9v\u00eaque de Hangzhou en Chine\n pour se d\u00e9vouer \u00e0 la m\u00e8re de dieu ."},"content":{"rendered":"<div><img width=\"580\" height=\"326\" src=\"https:\/\/editionsbussiere.com\/blog\/wp-content\/uploads\/2024\/06\/Le-pape-nomme-un-nouvel-eveque-de-Hangzhou-en-Chine-1024x576-1.jpeg\" class=\"attachment-large size-large wp-post-image\" alt=\"Le pape nomme un nouvel \u00e9v\u00eaque de Hangzhou en Chine\" style=\"float:left; margin:0 15px 15px 0;\" decoding=\"async\" srcset=\"https:\/\/editionsbussiere.com\/blog\/wp-content\/uploads\/2024\/06\/Le-pape-nomme-un-nouvel-eveque-de-Hangzhou-en-Chine-1024x576-1.jpeg 1024w, https:\/\/www.n42.fr\/wp-content\/uploads\/2024\/06\/Le-pape-nomme-un-nouvel-eveque-de-Hangzhou-en-Chine-300x169.jpeg 300w, https:\/\/www.n42.fr\/wp-content\/uploads\/2024\/06\/Le-pape-nomme-un-nouvel-eveque-de-Hangzhou-en-Chine-768x432.jpeg 768w, https:\/\/www.n42.fr\/wp-content\/uploads\/2024\/06\/Le-pape-nomme-un-nouvel-eveque-de-Hangzhou-en-Chine-1200x675.jpeg 1200w, https:\/\/www.n42.fr\/wp-content\/uploads\/2024\/06\/Le-pape-nomme-un-nouvel-eveque-de-Hangzhou-en-Chine.jpeg 1280w\" sizes=\"(max-width: 580px) 100vw, 580px\"><\/p>\n<p><img decoding=\"async\" src=\"https:\/\/editionsbussiere.com\/blog\/wp-content\/uploads\/2024\/06\/cq5dam.thumbnail.cropped.750.422-4.jpeg\"><\/p>\n<p>Le samedi 22 juin, le pape Fran\u00e7ois a nomm\u00e9 Giuseppe Yang Yongqiang \u00e9v\u00eaque de Hangzhou, le d\u00e9pla\u00e7ant de Zhoucun, dans la province du Shandong (est de la Chine).  Cette nomination s\u2019inscrit dans le cadre de l\u2019Accord entre le Saint-Si\u00e8ge et la R\u00e9publique populaire de Chine.  Le pr\u00e9lat avait particip\u00e9 \u00e0 l\u2019Assembl\u00e9e du Synode des \u00c9v\u00eaques. <\/p>\n<div>\n<p><b>Par Gianni Valente*<\/b><\/p>\n<p>Giuseppe Yang Yongqiang est le nouvel \u00e9v\u00eaque de Hangzhou, la capitale de la province chinoise du Zhejiang.  \u00ab\u00a0Dans le cadre du dialogue concernant la mise en \u0153uvre de l\u2019Accord provisoire entre le Saint-Si\u00e8ge et la R\u00e9publique populaire de Chine.\u00a0\u00bb<\/p>\n<p>Un communiqu\u00e9 publi\u00e9 samedi 22 juin par le Bureau de Presse du Saint-Si\u00e8ge : \u00ab Le 12 juin 2024, le Saint-P\u00e8re a nomm\u00e9 Giuseppe Yang Yongqiang \u00e9v\u00eaque de Hangzhou (province du Zhejiang, Chine), le transf\u00e9rant du si\u00e8ge de Zhoucun (province du Shandong). , Chine).\u00a0\u00bb  La liturgie eucharistique solennelle pour l\u2019installation de l\u2019\u00e9v\u00eaque dans son nouveau si\u00e8ge \u00e9piscopal sera c\u00e9l\u00e9br\u00e9e dans la cath\u00e9drale de Hangzhou le jeudi 27 juin.<\/p>\n<p>Giuseppe Yang Yongqiang est n\u00e9 le 11 avril 1970 \u00e0 Boxing (Shandong), dans une famille catholique.  En 1987, il entre au S\u00e9minaire Saint-Esprit de Jinan.  Il a men\u00e9 ses \u00e9tudes philosophiques et th\u00e9ologiques dans ce s\u00e9minaire et au s\u00e9minaire Sheshan \u00e0 Shanghai.  Le 15 juin 1995, il est ordonn\u00e9 pr\u00eatre.  Apr\u00e8s avoir \u00e9t\u00e9 cur\u00e9 de paroisse, il a \u00e9t\u00e9 envoy\u00e9 poursuivre ses \u00e9tudes au S\u00e9minaire national de P\u00e9kin.  Par la suite, il a \u00e9t\u00e9 conf\u00e9rencier au S\u00e9minaire Saint-Esprit.  Nomm\u00e9 \u00e9v\u00eaque coadjuteur de Zhoucun, il a \u00e9t\u00e9 consacr\u00e9 le 15 novembre 2010 et le 8 f\u00e9vrier 2013, il a succ\u00e9d\u00e9 \u00e0 Mgr Ma Xuesheng \u00e0 la t\u00eate de ce dioc\u00e8se.  Le 12 juin 2024, le pape Fran\u00e7ois le nomme \u00e9v\u00eaque de Hangzhou.<\/p>\n<p>En octobre 2023, avec un autre \u00e9v\u00eaque de Chine continentale, Antonio Yao Shen, du dioc\u00e8se de Jining\/Wumeng, Giuseppe Yang Yongqiang a particip\u00e9 \u00e0 la XVIe Assembl\u00e9e g\u00e9n\u00e9rale ordinaire du Synode des \u00e9v\u00eaques, consacr\u00e9e au th\u00e8me \u00ab Pour une \u00c9glise synodale : communion , Participation et Mission.\u00a0\u00bb  Plus tard, dans un entretien exclusif avec l\u2019Agence Fides, Mgr Yang s\u2019est dit \u00ab honor\u00e9 \u00bb d\u2019avoir \u00e9t\u00e9 invit\u00e9 \u00e0 participer \u00e0 l\u2019Assembl\u00e9e synodale des \u00c9v\u00eaques qui s\u2019est tenue \u00e0 Rome, affirmant que c\u2019\u00e9tait \u00ab une opportunit\u00e9 de partager mon chemin de foi tout en \u00e9coutant celui des autres.\u00a0\u00bb<\/p>\n<p>Dans cette m\u00eame interview, Mgr Yang raconte l\u2019\u00e9panouissement de sa vocation sacerdotale : \u00ab Je suis issu d\u2019une famille de tradition catholique, et la foi des a\u00een\u00e9s de ma famille a eu une grande influence sur moi, en particulier celle de ma grand-m\u00e8re. qu\u2019elle nous demandait de lire les pri\u00e8res tous les soirs et aussi de nous incliner devant les statues ou images de J\u00e9sus, de la Vierge Marie, de saint Joseph ou d\u2019autres saints avant de nous coucher. Elle-m\u00eame continuait \u00e0 prier jusque tard dans la nuit.  Il a ajout\u00e9 : \u00ab Un jour, ma m\u00e8re est partie en p\u00e8lerinage au Mont Notre-Dame \u00e0 Huzhuang. \u00c0 son retour, elle nous a dit qu\u2019elle avait vu des jeunes s\u00e9minaristes assis et lisant dans l\u2019\u00e9glise de la zone ouest de Jinan, semblant calmes et disciplin\u00e9e. Ses yeux brillaient pendant qu\u2019elle parlait. Ses paroles sont rest\u00e9es avec moi, plantant en moi la graine du sacerdoce.<\/p>\n<p>Dans l\u2019interview, le nouvel \u00e9v\u00eaque de Hangzhou a \u00e9galement cit\u00e9 un passage du <i>De l\u2019imitation du Christ<\/i> qui l\u2019a inspir\u00e9 au cours de son voyage : \u00ab Abstenez-vous de conversations inutiles. Dans la mesure du possible, restez \u00e0 l\u2019\u00e9cart de l\u2019agitation des gens. En effet, m\u00eame si l\u2019on y assiste avec une intention pure, s\u2019occuper des affaires du monde est un obstacle important, car on devient vite entach\u00e9 de vanit\u00e9s et asservi, plus d\u2019une fois, j\u2019ai souhait\u00e9 rester silencieux et ne pas aller parmi les gens.<\/p>\n<p>Mgr Yang a \u00e9galement partag\u00e9 une histoire personnelle li\u00e9e \u00e0 son ordination sacerdotale : \u00ab Mon p\u00e8re m\u2019a pr\u00e9sent\u00e9 au p\u00e8re Li Chonglun, chef dioc\u00e9sain, et m\u2019a dit : \u2018Aujourd\u2019hui, je remets ce gar\u00e7on \u00e0 l\u2019\u00c9glise. Je ne reposerai pas en paix jusqu\u2019\u00e0 ce qu\u2019il soit ordonn\u00e9.  Je n\u2019aurais jamais pens\u00e9 que ses paroles se r\u00e9v\u00e9leraient proph\u00e9tiques. Le lendemain de mon ordination sacerdotale par Mgr Aloysius Jin Luxian, j\u2019ai re\u00e7u un appel t\u00e9l\u00e9phonique m\u2019informant que mon p\u00e8re venait de mourir. Ses paroles \u00e9taient comme celles de Sim\u00e9on. dans l\u2019\u00c9vangile de Luc, \u00e9galement cit\u00e9 dans les pri\u00e8res des Complies : \u00ab\u00a0Maintenant, Ma\u00eetre, tu peux laisser partir ton serviteur en paix, selon ta parole\u2026\u00a0\u00bb C\u2019est pourquoi, chaque fois que je r\u00e9cite ces pri\u00e8res, j\u2019ai l\u2019impression que je suis je prie pour mon p\u00e8re.\u00a0\u00bb<\/p>\n<p>Le dioc\u00e8se de Hangzhou abrite 30 000 catholiques.  Le si\u00e8ge \u00e9piscopal \u00e9tait vacant.  Le 25 juin 2000, le p\u00e8re Matteo Cao Xiangde a re\u00e7u une ordination \u00e9piscopale ill\u00e9gitime (car non accord\u00e9e par le mandat pontifical) comme \u00e9v\u00eaque de Hangzhou.  Par la suite, le 8 juin 2008, le Saint-Si\u00e8ge l\u2019a l\u00e9gitim\u00e9 sans lui accorder de juridiction.  Mgr Cao est d\u00e9c\u00e9d\u00e9 le 9 juillet 2021, \u00e0 l\u2019\u00e2ge de 92 ans, des suites d\u2019une longue maladie.<\/p>\n<p>* Directeur de l\u2019Agence de Presse Fides<\/p>\n<\/div>\n<h2>\n<\/h2>\n<p>La Signification de la Pri\u00e8re \u00e0 Marie<\/p>\n<p>La pri\u00e8re \u00e0 Marie constitue un aspect essentiel de la spiritualit\u00e9 chr\u00e9tienne, profond\u00e9ment ancr\u00e9e dans les enseignements catholiques depuis des si\u00e8cles. C\u2019est un roc sur lequel les fid\u00e8les s\u2019appuient pour obtenir confort, direction et intervention dans leur relation envers Dieu. \u00c0 travers les \u00e2ges, cette pi\u00e9t\u00e9 a gagn\u00e9 en force par les enseignements de la Bible, les traditions de l\u2019\u00c9glise, et les exemples des saints et saintes qui ont t\u00e9moign\u00e9 de leur respect \u00e0 Marie m\u00e8re spirituelle bienveillante.<\/p>\n<h3>\n<\/h3>\n<p>L\u2019usage du Chapelet<\/p>\n<p>Le rosaire occupe une place centrale dans la vie spirituelle de un grand nombre de fid\u00e8les. En r\u00e9citant les myst\u00e8res joyeux, douloureux, lumineux et glorieux, les fid\u00e8les se plongent dans les \u00e9v\u00e9nements de la vie de J\u00e9sus et de Marie, renfor\u00e7ant leur connexion spirituelle avec eux. \u00c0 travers chaque Ave Maria, ils manifestent leur foi en l\u2019intercession de Marie ainsi que leur aspiration \u00e0 suivre les pas du Christ. Saint Louis-Marie Grignion de Montfort, dans son ouvrage sur la d\u00e9votion authentique \u00e0 la Vierge Marie, encourage les chr\u00e9tiens \u00e0 pratiquer r\u00e9guli\u00e8rement la m\u00e9ditation sur les myst\u00e8res du rosaire pour approfondir leur relation avec la M\u00e8re de Dieu. Cette pratique ancienne, h\u00e9rit\u00e9e de g\u00e9n\u00e9ration en g\u00e9n\u00e9ration, demeure un phare spirituel pour les croyants, les aidant \u00e0 se connecter avec la divine Dame du Ciel.<\/p>\n<h3>\n<\/h3>\n<p>L\u2019exhortation \u00e0 la pri\u00e8re<\/p>\n<p>Unissons-nous dans la pri\u00e8re, fr\u00e8res et s\u0153urs, dans l\u2019unit\u00e9 de notre foi, en Marie, la m\u00e8re de notre Seigneur J\u00e9sus-Christ. Au sein de notre monde tourment\u00e9 par les conflits et la discorde, optons \u00e0 la pri\u00e8re pour trouver de trouver la paix et l\u2019harmonie. Il est possible envoyer une pri\u00e8re pour la Vierge Marie <a target=\"_blank\" rel=\"nofollow\" href=\"https:\/\/editionsbussiere.com\/blog\/goto\/https:\/\/www.avemariasound.org\/\" >ici.<\/a> Que nos pri\u00e8res s\u2019\u00e9l\u00e8vent vers le ciel, comme un hommage agr\u00e9able par Dieu, afin qu\u2019il puisse nous guider nos pas vers la voie de la justice et de la v\u00e9rit\u00e9. L\u2019ap\u00f4tre Paul nous dans ses \u00e9p\u00eetres \u00e0 prier sans cesse, quelle que soit la situation, pour que notre communion \u00e0 Dieu reste constante et passionn\u00e9e. La pri\u00e8re, lorsqu\u2019elle est offerte sinc\u00e8rement, poss\u00e8de la capacit\u00e9 pour changer nos c\u0153urs et de modifier le destin de l\u2019histoire.<\/p>\n<h2>\n<\/h2>\n<p>Les le\u00e7ons du Souverain Pontife<\/p>\n<p>Le Saint-P\u00e8re, \u00e0 travers ses \u00e9crits inspir\u00e9s, disponibles gr\u00e2ce \u00e0 Bayard, nous rappelle la valeur de la pri\u00e8re journali\u00e8re. Par le biais de ses hom\u00e9lies et de ses audiences publiques, il nous incite \u00e0 cultiver une connexion personnelle avec Dieu, en se fondant sur la r\u00e9flexion sur les Saintes \u00c9critures ainsi que la pratique du Rosaire. Son exemple d\u2019humilit\u00e9 et de compassion nous motive \u00e0 approfondir nos pri\u00e8res et \u00e0 chercher la pr\u00e9sence divine dans tous les domaines de notre existence. Saint Jean-Paul II, dans son encyclique portant sur la foi chr\u00e9tienne, nous rappelle que la pri\u00e8re est le fondement de notre vie spirituelle et que c\u2019est par elle que nous trouvons notre unit\u00e9 \u00e0 la volont\u00e9 divine. La pri\u00e8re quotidienne, enseign\u00e9e par les pontifes successifs, est une source d\u2019espoir en p\u00e9riode de temp\u00eate, un roc solide sur lequel les \u00e2mes peuvent s\u2019appuyer.<\/p>\n<h3>\n<\/h3>\n<p>Les ouvrages provenant de Leli\u00e8vre et Hubert<\/p>\n<p>Dans le contexte de la vie de foi, l\u2019\u00e9glise recommande vivement le recours \u00e0 la pri\u00e8re, et lors de la pri\u00e8re, les fid\u00e8les effectuent le geste du signe de la croix tout en r\u00e9citant le Je vous salue Marie. Des penseurs contemporains, tels que Leli\u00e8vre et Hubert, nous incitent aussi \u00e0 r\u00e9fl\u00e9chir sur la puissance de la pri\u00e8re, dans leurs ouvrages inspirants. Leurs publications, riches en enseignements spirituels, nous orientent sur le chemin de la foi et nous invitent \u00e0 trouver dans les tr\u00e9sors de la tradition chr\u00e9tienne pour nourrir notre spiritualit\u00e9. En m\u00e9ditant sur leurs publications, nous trouvons de nouvelles voies de d\u00e9velopper notre connexion avec le divin et de progresser dans la saintet\u00e9. Saint Jean, dans l\u2019\u00c9vangile, nous rappelle que la pri\u00e8re est une puissante voie de demeurer en communion avec Dieu et de recevoir ses b\u00e9n\u00e9dictions. Chaque page de leurs ouvrages r\u00e9sonne comme un appel \u00e0 une pri\u00e8re ardente et \u00e0 une vie emplie de la pr\u00e9sence divine. Dans notre recherche de connexion spirituelle, chaque lecture devient une invitation \u00e0 s\u2019\u00e9lever vers le sacr\u00e9, par le biais de la r\u00e9flexion et la m\u00e9ditation.<\/p>\n<h3>\n<\/h3>\n<p>La d\u00e9votion dans la chapelle<\/p>\n<p>Au sein de nos chapelles modestes ou majestueuses, orientons-nous vers le divin en toute confiance et humilit\u00e9, sachant qu\u2019il \u00e9coute nos pri\u00e8res avec une affection infinie. Que chaque flamme vacillante, chaque chapelet r\u00e9cit\u00e9, constitue une offrande \u00e0 notre Seigneur ainsi qu\u2019\u00e0 la Vierge Marie. Que nos instants de d\u00e9votion dans la chapelle soient des moments de faveur divine et de renouvellement spirituel, nous renfor\u00e7ant pour affronter les d\u00e9fis avec courage et foi. Sainte Bernadette Soubirous, \u00e0 qui la Vierge Marie est apparue \u00e0 Lourdes, nous d\u00e9montre l\u2019importance de la pri\u00e8re dans l\u2019existence des catholiques et l\u2019efficacit\u00e9 de l\u2019intercession de la Vierge Marie. Chaque personne qui entre dans une chapelle, chaque page de la Bible lue dans ce lieu sacr\u00e9, est une rencontre avec le divin, une \u00e9tape sur le chemin de la transformation int\u00e9rieure. \u00c0 travers les \u00c9critures saintes, tout croyant est invit\u00e9 \u00e0 contempler sur la croix du Christ, \u00e0 r\u00e9fl\u00e9chir \u00e0 son sacrifice, et \u00e0 trouver r\u00e9confort et espoir dans la gr\u00e2ce salvatrice qu\u2019elle offre.<\/p>\n<h2>\nLa pratique de la pri\u00e8re comme m\u00e9decine pour l\u2019int\u00e9rieur<br \/>\n<\/h2>\n<p>Comme un gu\u00e9risseur pour nos esprits, l\u2019acte de prier nous r\u00e9conforte ainsi que nous fortifie au cours des p\u00e9riodes de douleur et de d\u00e9sespoir. Elle nous rappelle que Dieu est toujours avec nous, m\u00eame au c\u0153ur de nos heures les plus sombres. En nous tournant vers lui \u00e0 travers la pri\u00e8re, nous d\u00e9couvrons la force int\u00e9rieure dont nous avons besoin pour traverser les \u00e9preuves et pour faire face \u00e0 l\u2019avenir avec espoir et confiance. L\u2019acte de prier est comme une fontaine d\u2019eau vive qui apaise notre soif spirituelle et, au cours de notre marche avec Dieu, nous revigore.<br \/>\n\u00c0 chaque pri\u00e8re prononc\u00e9e, \u00e0 chaque intention confi\u00e9e, nous trouvons une paix divine, une gu\u00e9rison spirituelle, qui transcende les limitations humaines. Chaque page de la Bible nous invite \u00e0 dialoguer avec Dieu, \u00e0 lui confier nos fardeaux, et \u00e0 recevoir sa gr\u00e2ce transformante.<\/p>\n<h2>Un point de vue alternatif sur la pri\u00e8re \u00e0 Marie<\/h2>\n<p>La pri\u00e8re \u00e0 Marie repr\u00e9sente une coutume profond\u00e9ment enracin\u00e9e dans le patrimoine catholique chr\u00e9tienne, offrant un lien spirituel pr\u00e9cieux pour les fid\u00e8les du monde entier. Comme m\u00e8re spirituelle aimante et interm\u00e9diaire, elle est pri\u00e9e avec ardeur lors des instants de n\u00e9cessit\u00e9 et de louange. Le chapelet, avec ses myst\u00e8res \u00e0 m\u00e9diter, dirige les fid\u00e8les dans leur cheminement spirituel, les aidant \u00e0 m\u00e9diter sur J\u00e9sus, son fils, \u00e0 travers les yeux de la Vierge Marie. Cette d\u00e9votion \u00e0 Marie s\u2019exprime dans les sanctuaires comme Lourdes, o\u00f9 les p\u00e8lerins affluent pour rechercher r\u00e9confort et gu\u00e9rison, repr\u00e9sentant la profonde connexion entre la foi catholique et la d\u00e9votion mariale. Les enseignements \u00e9clairants d\u2019\u00e9minents th\u00e9ologiens comme Leli\u00e8vre et Hubert offrent une r\u00e9flexion pr\u00e9cieuse sur la valeur de la pri\u00e8re \u00e0 Marie et son r\u00f4le dans la vie spirituelle des croyants. Par le biais d\u2019une lecture approfondie de textes religieux et spirituels, les fid\u00e8les \u00e9largissent leur compr\u00e9hension de l\u2019adoration de Marie et cultivent une connexion plus \u00e9troite avec Marie, notre m\u00e8re dans la foi. Dans un monde caract\u00e9ris\u00e9 par les conflits et les troubles, la pri\u00e8re \u00e0 Marie est un sanctuaire de paix et d\u2019espoir, incitant chaque individu, quel que soit son statut dans la foi catholique-chr\u00e9tienne, \u00e0 solliciter la Vierge Marie avec confiance et d\u00e9votion. Prions donc en commun, avec un c\u0153ur sinc\u00e8re et humble, en saluant Marie comme notre m\u00e8re et notre intercesseur, et en lui confiant nos pri\u00e8res et nos d\u00e9sirs les plus profonds. Dans cette qu\u00eate spirituelle, chaque fid\u00e8le est appel\u00e9 \u00e0 suivre la voie des pri\u00e8res et des d\u00e9sirs du c\u0153ur, sous la conduite du Pape et les ressources spirituelles pr\u00e9cieuses offertes par des plateformes telles que Aleteia. De cette mani\u00e8re, avec un c\u0153ur ouvert et une humble confiance, \u00e9levons notre pri\u00e8re quotidienne vers Marie, lui demandant son intercession affectueuse, et la gr\u00e2ce de pers\u00e9v\u00e9rer dans la pri\u00e8re fervente.<br \/>\nQue la pri\u00e8re devienne notre sanctuaire et notre apaisement en toute circonstance. Que nous nous inclinions envers Marie, notre m\u00e8re divine, avec un c\u0153ur ouvert et une croyance in\u00e9branlable, sachant qu\u2019elle interc\u00e8de pour nous aupr\u00e8s de son fils bien-aim\u00e9. Que notre d\u00e9votion nous m\u00e8ne vers la voie de la saintet\u00e9, nous rapprochant toujours plus de Dieu et de son amour \u00e9ternel.<\/p>\n<p>Livres sur le m\u00eame objet:<\/p>\n<p>Trait\u00e9 sur la tol\u00e9rance\/\u00c9dition Garnier 1879\/18.,<a target=\"_blank\" rel=\"nofollow\" href=\"https:\/\/editionsbussiere.com\/blog\/goto\/https:\/\/fr.wikisource.org\/wiki\/Trait%C3%A9_sur_la_tol%C3%A9rance\/%C3%89dition_Garnier_1879\/18\"  target=\"_blank\" rel=\"noopener noreferrer nofollow\">Le dossier.<\/a><span><\/span>. Suite sur le prochain article.<\/p>\n<p>Les Quatre \u00c9vangiles (Crampon 1864)\/Table des Evangiles.,<a target=\"_blank\" rel=\"nofollow\" href=\"https:\/\/editionsbussiere.com\/blog\/goto\/https:\/\/fr.wikisource.org\/wiki\/Les_Quatre_%C3%89vangiles_(Crampon_1864)\/Table_des_Evangiles\"  target=\"_blank\" rel=\"noopener noreferrer nofollow\">L\u2019article ICI.<\/a><span><\/span>. Suite sur le prochain article.<\/p>\n<p>Les Fac\u00e9ties \u00e9rotiques de Bebelius\/30.,<a target=\"_blank\" rel=\"nofollow\" href=\"https:\/\/editionsbussiere.com\/blog\/goto\/https:\/\/fr.wikisource.org\/wiki\/Les_Fac%C3%A9ties_%C3%A9rotiques_de_Bebelius\/30\"  target=\"_blank\" rel=\"noopener noreferrer nofollow\">Le post d\u2019actualit\u00e9.<\/a><span><\/span><\/p>\n<p>Le P\u00e8lerin (Verhaeren).,<a target=\"_blank\" rel=\"nofollow\" href=\"https:\/\/editionsbussiere.com\/blog\/goto\/https:\/\/fr.wikisource.org\/wiki\/Le_P%C3%A8lerin_(Verhaeren)\"  target=\"_blank\" rel=\"noopener noreferrer nofollow\">Le texte de l\u2019article.<\/a><span><\/span>. Suite sur le prochain article.<\/p>\n<p>La Divine Com\u00e9die (trad. Lamennais)\/Le Paradis\/Chant XXXII.,<a target=\"_blank\" rel=\"nofollow\" href=\"https:\/\/editionsbussiere.com\/blog\/goto\/https:\/\/fr.wikisource.org\/wiki\/La_Divine_Com%C3%A9die_(trad._Lamennais)\/Le_Paradis\/Chant_XXXII\"  target=\"_blank\" rel=\"noopener noreferrer nofollow\">Cliquer ICI.<\/a><span><\/span><\/p>\n<p>Coups de clairon\/Clocher nouveau.,<a target=\"_blank\" rel=\"nofollow\" href=\"https:\/\/editionsbussiere.com\/blog\/goto\/https:\/\/fr.wikisource.org\/wiki\/Coups_de_clairon\/Clocher_nouveau\"  target=\"_blank\" rel=\"noopener noreferrer nofollow\">Ici.<\/a><span><\/span><\/p>\n<\/div>\n<p><img decoding=\"async\" class=\"wpe_imgrss\" src=\"https:\/\/editionsbussiere.com\/blog\/wp-content\/uploads\/2024\/06\/Le-pape-nomme-un-nouvel-eveque-de-Hangzhou-en-Chine-1024x576-1.jpeg\">Cet article a \u00e9t\u00e9 reconstitu\u00e9 du mieux possible. Dans l\u2019hypoth\u00e8se o\u00f9 vous souhaitez apporter quelques modifications concernant le th\u00e8me \u00ab\u00a0Editions \u00e9sot\u00e9rique fond\u00e9e en 1927\u00a0\u00bb, il est possible de discuter avec notre r\u00e9daction. Vous pouvez tirer profit de cet article traitant le sujet \u00ab\u00a0Editions \u00e9sot\u00e9rique fond\u00e9e en 1927\u00a0\u00bb. Il est concoct\u00e9 par l\u2019\u00e9quipe editionsbussiere.com. Le site editionsbussiere.com est fait pour cr\u00e9er divers posts autour du th\u00e8me Editions \u00e9sot\u00e9rique fond\u00e9e en 1927 d\u00e9velopp\u00e9es sur internet. Consultez notre site internet editionsbussiere.com et nos r\u00e9seaux sociaux pour \u00eatre au courant des futures annonces.<\/p>\n","protected":false},"excerpt":{"rendered":"<p>Le samedi 22 juin, le pape Fran\u00e7ois a nomm\u00e9 Giuseppe Yang Yongqiang \u00e9v\u00eaque de Hangzhou, le d\u00e9pla\u00e7ant de Zhoucun, dans la province du Shandong (est de la Chine). Cette nomination s\u2019inscrit dans le cadre de l\u2019Accord entre le Saint-Si\u00e8ge et la R\u00e9publique populaire de Chine. Le pr\u00e9lat avait particip\u00e9 \u00e0 l\u2019Assembl\u00e9e du Synode des \u00c9v\u00eaques. [&hellip;]<\/p>\n","protected":false},"author":3,"featured_media":878,"comment_status":"closed","ping_status":"closed","sticky":false,"template":"","format":"standard","meta":{"footnotes":""},"categories":[3],"tags":[],"class_list":["post-877","post","type-post","status-publish","format-standard","has-post-thumbnail","hentry","category-editions-esoterique-fondee-en-1927-depeches","entry","fw-tab-6 fw-tabr-4","has-featured-image"],"yoast_head":"<!-- This site is optimized with the Yoast SEO plugin v27.5 - https:\/\/yoast.com\/product\/yoast-seo-wordpress\/ -->\n<title>Le pape nomme un nouvel \u00e9v\u00eaque de Hangzhou en Chine pour se d\u00e9vouer \u00e0 la m\u00e8re de dieu . - EDITIONSBUSSIERE<\/title>\n<meta name=\"robots\" content=\"index, follow, max-snippet:-1, max-image-preview:large, max-video-preview:-1\" \/>\n<link rel=\"canonical\" href=\"https:\/\/editionsbussiere.com\/blog\/le-pape-nomme-un-nouvel-eveque-de-hangzhou-en-chine-pour-se-devouer-a-la-mere-de-dieu\/\" \/>\n<meta property=\"og:locale\" content=\"fr_FR\" \/>\n<meta property=\"og:type\" content=\"article\" \/>\n<meta property=\"og:title\" content=\"Le pape nomme un nouvel \u00e9v\u00eaque de Hangzhou en Chine pour se d\u00e9vouer \u00e0 la m\u00e8re de dieu . - EDITIONSBUSSIERE\" \/>\n<meta property=\"og:description\" content=\"Le samedi 22 juin, le pape Fran\u00e7ois a nomm\u00e9 Giuseppe Yang Yongqiang \u00e9v\u00eaque de Hangzhou, le d\u00e9pla\u00e7ant de Zhoucun, dans la province du Shandong (est de la Chine). Cette nomination s\u2019inscrit dans le cadre de l\u2019Accord entre le Saint-Si\u00e8ge et la R\u00e9publique populaire de Chine. Le pr\u00e9lat avait particip\u00e9 \u00e0 l\u2019Assembl\u00e9e du Synode des \u00c9v\u00eaques. [&hellip;]\" \/>\n<meta property=\"og:url\" content=\"https:\/\/editionsbussiere.com\/blog\/le-pape-nomme-un-nouvel-eveque-de-hangzhou-en-chine-pour-se-devouer-a-la-mere-de-dieu\/\" \/>\n<meta property=\"og:site_name\" content=\"EDITIONSBUSSIERE\" \/>\n<meta property=\"article:published_time\" content=\"2024-06-24T18:51:00+00:00\" \/>\n<meta property=\"og:image\" content=\"https:\/\/editionsbussiere.com\/blog\/wp-content\/uploads\/2024\/06\/Le-pape-nomme-un-nouvel-eveque-de-Hangzhou-en-Chine-1024x576-1.jpeg\" \/>\n<meta name=\"author\" content=\"Marie BATICLE\" \/>\n<meta name=\"twitter:card\" content=\"summary_large_image\" \/>\n<meta name=\"twitter:label1\" content=\"\u00c9crit par\" \/>\n\t<meta name=\"twitter:data1\" content=\"Marie BATICLE\" \/>\n\t<meta name=\"twitter:label2\" content=\"Dur\u00e9e de lecture estim\u00e9e\" \/>\n\t<meta name=\"twitter:data2\" content=\"13 minutes\" \/>\n<script type=\"application\/ld+json\" class=\"yoast-schema-graph\">{\"@context\":\"https:\\\/\\\/schema.org\",\"@graph\":[{\"@type\":\"Article\",\"@id\":\"https:\\\/\\\/editionsbussiere.com\\\/blog\\\/le-pape-nomme-un-nouvel-eveque-de-hangzhou-en-chine-pour-se-devouer-a-la-mere-de-dieu\\\/#article\",\"isPartOf\":{\"@id\":\"https:\\\/\\\/editionsbussiere.com\\\/blog\\\/le-pape-nomme-un-nouvel-eveque-de-hangzhou-en-chine-pour-se-devouer-a-la-mere-de-dieu\\\/\"},\"author\":{\"name\":\"Marie BATICLE\",\"@id\":\"https:\\\/\\\/editionsbussiere.com\\\/blog\\\/#\\\/schema\\\/person\\\/ec90e102792148c97e46ab871010dd8f\"},\"headline\":\"Le pape nomme un nouvel \u00e9v\u00eaque de Hangzhou en Chine pour se d\u00e9vouer \u00e0 la m\u00e8re de dieu .\",\"datePublished\":\"2024-06-24T18:51:00+00:00\",\"mainEntityOfPage\":{\"@id\":\"https:\\\/\\\/editionsbussiere.com\\\/blog\\\/le-pape-nomme-un-nouvel-eveque-de-hangzhou-en-chine-pour-se-devouer-a-la-mere-de-dieu\\\/\"},\"wordCount\":2673,\"publisher\":{\"@id\":\"https:\\\/\\\/editionsbussiere.com\\\/blog\\\/#organization\"},\"image\":{\"@id\":\"https:\\\/\\\/editionsbussiere.com\\\/blog\\\/le-pape-nomme-un-nouvel-eveque-de-hangzhou-en-chine-pour-se-devouer-a-la-mere-de-dieu\\\/#primaryimage\"},\"thumbnailUrl\":\"https:\\\/\\\/editionsbussiere.com\\\/blog\\\/wp-content\\\/uploads\\\/2024\\\/06\\\/Le-pape-nomme-un-nouvel-eveque-de-Hangzhou-en-Chine-1024x576-1.jpeg\",\"articleSection\":[\"Editions \u00c9sot\u00e9rique Fond\u00e9e En 1927; D\u00e9p\u00e8ches:\"],\"inLanguage\":\"fr-FR\"},{\"@type\":\"WebPage\",\"@id\":\"https:\\\/\\\/editionsbussiere.com\\\/blog\\\/le-pape-nomme-un-nouvel-eveque-de-hangzhou-en-chine-pour-se-devouer-a-la-mere-de-dieu\\\/\",\"url\":\"https:\\\/\\\/editionsbussiere.com\\\/blog\\\/le-pape-nomme-un-nouvel-eveque-de-hangzhou-en-chine-pour-se-devouer-a-la-mere-de-dieu\\\/\",\"name\":\"Le pape nomme un nouvel \u00e9v\u00eaque de Hangzhou en Chine pour se d\u00e9vouer \u00e0 la m\u00e8re de dieu . - EDITIONSBUSSIERE\",\"isPartOf\":{\"@id\":\"https:\\\/\\\/editionsbussiere.com\\\/blog\\\/#website\"},\"primaryImageOfPage\":{\"@id\":\"https:\\\/\\\/editionsbussiere.com\\\/blog\\\/le-pape-nomme-un-nouvel-eveque-de-hangzhou-en-chine-pour-se-devouer-a-la-mere-de-dieu\\\/#primaryimage\"},\"image\":{\"@id\":\"https:\\\/\\\/editionsbussiere.com\\\/blog\\\/le-pape-nomme-un-nouvel-eveque-de-hangzhou-en-chine-pour-se-devouer-a-la-mere-de-dieu\\\/#primaryimage\"},\"thumbnailUrl\":\"https:\\\/\\\/editionsbussiere.com\\\/blog\\\/wp-content\\\/uploads\\\/2024\\\/06\\\/Le-pape-nomme-un-nouvel-eveque-de-Hangzhou-en-Chine-1024x576-1.jpeg\",\"datePublished\":\"2024-06-24T18:51:00+00:00\",\"breadcrumb\":{\"@id\":\"https:\\\/\\\/editionsbussiere.com\\\/blog\\\/le-pape-nomme-un-nouvel-eveque-de-hangzhou-en-chine-pour-se-devouer-a-la-mere-de-dieu\\\/#breadcrumb\"},\"inLanguage\":\"fr-FR\",\"potentialAction\":[{\"@type\":\"ReadAction\",\"target\":[\"https:\\\/\\\/editionsbussiere.com\\\/blog\\\/le-pape-nomme-un-nouvel-eveque-de-hangzhou-en-chine-pour-se-devouer-a-la-mere-de-dieu\\\/\"]}]},{\"@type\":\"ImageObject\",\"inLanguage\":\"fr-FR\",\"@id\":\"https:\\\/\\\/editionsbussiere.com\\\/blog\\\/le-pape-nomme-un-nouvel-eveque-de-hangzhou-en-chine-pour-se-devouer-a-la-mere-de-dieu\\\/#primaryimage\",\"url\":\"https:\\\/\\\/editionsbussiere.com\\\/blog\\\/wp-content\\\/uploads\\\/2024\\\/06\\\/Le-pape-nomme-un-nouvel-eveque-de-Hangzhou-en-Chine-1024x576-1.jpeg\",\"contentUrl\":\"https:\\\/\\\/editionsbussiere.com\\\/blog\\\/wp-content\\\/uploads\\\/2024\\\/06\\\/Le-pape-nomme-un-nouvel-eveque-de-Hangzhou-en-Chine-1024x576-1.jpeg\",\"width\":1024,\"height\":576,\"caption\":\"Le pape nomme un nouvel eveque de Hangzhou en Chine 1024x576 1\"},{\"@type\":\"BreadcrumbList\",\"@id\":\"https:\\\/\\\/editionsbussiere.com\\\/blog\\\/le-pape-nomme-un-nouvel-eveque-de-hangzhou-en-chine-pour-se-devouer-a-la-mere-de-dieu\\\/#breadcrumb\",\"itemListElement\":[{\"@type\":\"ListItem\",\"position\":1,\"name\":\"Accueil\",\"item\":\"https:\\\/\\\/editionsbussiere.com\\\/blog\\\/\"},{\"@type\":\"ListItem\",\"position\":2,\"name\":\"Le pape nomme un nouvel \u00e9v\u00eaque de Hangzhou en Chine pour se d\u00e9vouer \u00e0 la m\u00e8re de dieu .\"}]},{\"@type\":\"WebSite\",\"@id\":\"https:\\\/\\\/editionsbussiere.com\\\/blog\\\/#website\",\"url\":\"https:\\\/\\\/editionsbussiere.com\\\/blog\\\/\",\"name\":\"EDITIONSBUSSIERE\",\"description\":\"Editions \u00e9sot\u00e9rique fond\u00e9e en 1927; site historique, A SAVOIR ET RETENIR.\",\"publisher\":{\"@id\":\"https:\\\/\\\/editionsbussiere.com\\\/blog\\\/#organization\"},\"potentialAction\":[{\"@type\":\"SearchAction\",\"target\":{\"@type\":\"EntryPoint\",\"urlTemplate\":\"https:\\\/\\\/editionsbussiere.com\\\/blog\\\/?s={search_term_string}\"},\"query-input\":{\"@type\":\"PropertyValueSpecification\",\"valueRequired\":true,\"valueName\":\"search_term_string\"}}],\"inLanguage\":\"fr-FR\"},{\"@type\":\"Organization\",\"@id\":\"https:\\\/\\\/editionsbussiere.com\\\/blog\\\/#organization\",\"name\":\"editionsbussiere\",\"url\":\"https:\\\/\\\/editionsbussiere.com\\\/blog\\\/\",\"logo\":{\"@type\":\"ImageObject\",\"inLanguage\":\"fr-FR\",\"@id\":\"https:\\\/\\\/editionsbussiere.com\\\/blog\\\/#\\\/schema\\\/logo\\\/image\\\/\",\"url\":\"https:\\\/\\\/editionsbussiere.com\\\/blog\\\/wp-content\\\/uploads\\\/2023\\\/09\\\/cropped-buss.gif\",\"contentUrl\":\"https:\\\/\\\/editionsbussiere.com\\\/blog\\\/wp-content\\\/uploads\\\/2023\\\/09\\\/cropped-buss.gif\",\"width\":298,\"height\":120,\"caption\":\"editionsbussiere\"},\"image\":{\"@id\":\"https:\\\/\\\/editionsbussiere.com\\\/blog\\\/#\\\/schema\\\/logo\\\/image\\\/\"}},{\"@type\":\"Person\",\"@id\":\"https:\\\/\\\/editionsbussiere.com\\\/blog\\\/#\\\/schema\\\/person\\\/ec90e102792148c97e46ab871010dd8f\",\"name\":\"Marie BATICLE\",\"image\":{\"@type\":\"ImageObject\",\"inLanguage\":\"fr-FR\",\"@id\":\"https:\\\/\\\/secure.gravatar.com\\\/avatar\\\/c923e52403b1b8137e2d929127211d21967e6aecaa053bd43b09da29f212e76e?s=96&d=mm&r=g\",\"url\":\"https:\\\/\\\/secure.gravatar.com\\\/avatar\\\/c923e52403b1b8137e2d929127211d21967e6aecaa053bd43b09da29f212e76e?s=96&d=mm&r=g\",\"contentUrl\":\"https:\\\/\\\/secure.gravatar.com\\\/avatar\\\/c923e52403b1b8137e2d929127211d21967e6aecaa053bd43b09da29f212e76e?s=96&d=mm&r=g\",\"caption\":\"Marie BATICLE\"},\"url\":\"https:\\\/\\\/editionsbussiere.com\\\/blog\\\/author\\\/eremarie\\\/\"}]}<\/script>\n<!-- \/ Yoast SEO plugin. -->","yoast_head_json":{"title":"Le pape nomme un nouvel \u00e9v\u00eaque de Hangzhou en Chine pour se d\u00e9vouer \u00e0 la m\u00e8re de dieu . - EDITIONSBUSSIERE","robots":{"index":"index","follow":"follow","max-snippet":"max-snippet:-1","max-image-preview":"max-image-preview:large","max-video-preview":"max-video-preview:-1"},"canonical":"https:\/\/editionsbussiere.com\/blog\/le-pape-nomme-un-nouvel-eveque-de-hangzhou-en-chine-pour-se-devouer-a-la-mere-de-dieu\/","og_locale":"fr_FR","og_type":"article","og_title":"Le pape nomme un nouvel \u00e9v\u00eaque de Hangzhou en Chine pour se d\u00e9vouer \u00e0 la m\u00e8re de dieu . - EDITIONSBUSSIERE","og_description":"Le samedi 22 juin, le pape Fran\u00e7ois a nomm\u00e9 Giuseppe Yang Yongqiang \u00e9v\u00eaque de Hangzhou, le d\u00e9pla\u00e7ant de Zhoucun, dans la province du Shandong (est de la Chine). Cette nomination s\u2019inscrit dans le cadre de l\u2019Accord entre le Saint-Si\u00e8ge et la R\u00e9publique populaire de Chine. Le pr\u00e9lat avait particip\u00e9 \u00e0 l\u2019Assembl\u00e9e du Synode des \u00c9v\u00eaques. [&hellip;]","og_url":"https:\/\/editionsbussiere.com\/blog\/le-pape-nomme-un-nouvel-eveque-de-hangzhou-en-chine-pour-se-devouer-a-la-mere-de-dieu\/","og_site_name":"EDITIONSBUSSIERE","article_published_time":"2024-06-24T18:51:00+00:00","og_image":[{"url":"https:\/\/editionsbussiere.com\/blog\/wp-content\/uploads\/2024\/06\/Le-pape-nomme-un-nouvel-eveque-de-Hangzhou-en-Chine-1024x576-1.jpeg","type":"","width":"","height":""}],"author":"Marie BATICLE","twitter_card":"summary_large_image","twitter_misc":{"\u00c9crit par":"Marie BATICLE","Dur\u00e9e de lecture estim\u00e9e":"13 minutes"},"schema":{"@context":"https:\/\/schema.org","@graph":[{"@type":"Article","@id":"https:\/\/editionsbussiere.com\/blog\/le-pape-nomme-un-nouvel-eveque-de-hangzhou-en-chine-pour-se-devouer-a-la-mere-de-dieu\/#article","isPartOf":{"@id":"https:\/\/editionsbussiere.com\/blog\/le-pape-nomme-un-nouvel-eveque-de-hangzhou-en-chine-pour-se-devouer-a-la-mere-de-dieu\/"},"author":{"name":"Marie BATICLE","@id":"https:\/\/editionsbussiere.com\/blog\/#\/schema\/person\/ec90e102792148c97e46ab871010dd8f"},"headline":"Le pape nomme un nouvel \u00e9v\u00eaque de Hangzhou en Chine pour se d\u00e9vouer \u00e0 la m\u00e8re de dieu .","datePublished":"2024-06-24T18:51:00+00:00","mainEntityOfPage":{"@id":"https:\/\/editionsbussiere.com\/blog\/le-pape-nomme-un-nouvel-eveque-de-hangzhou-en-chine-pour-se-devouer-a-la-mere-de-dieu\/"},"wordCount":2673,"publisher":{"@id":"https:\/\/editionsbussiere.com\/blog\/#organization"},"image":{"@id":"https:\/\/editionsbussiere.com\/blog\/le-pape-nomme-un-nouvel-eveque-de-hangzhou-en-chine-pour-se-devouer-a-la-mere-de-dieu\/#primaryimage"},"thumbnailUrl":"https:\/\/editionsbussiere.com\/blog\/wp-content\/uploads\/2024\/06\/Le-pape-nomme-un-nouvel-eveque-de-Hangzhou-en-Chine-1024x576-1.jpeg","articleSection":["Editions \u00c9sot\u00e9rique Fond\u00e9e En 1927; D\u00e9p\u00e8ches:"],"inLanguage":"fr-FR"},{"@type":"WebPage","@id":"https:\/\/editionsbussiere.com\/blog\/le-pape-nomme-un-nouvel-eveque-de-hangzhou-en-chine-pour-se-devouer-a-la-mere-de-dieu\/","url":"https:\/\/editionsbussiere.com\/blog\/le-pape-nomme-un-nouvel-eveque-de-hangzhou-en-chine-pour-se-devouer-a-la-mere-de-dieu\/","name":"Le pape nomme un nouvel \u00e9v\u00eaque de Hangzhou en Chine pour se d\u00e9vouer \u00e0 la m\u00e8re de dieu . - EDITIONSBUSSIERE","isPartOf":{"@id":"https:\/\/editionsbussiere.com\/blog\/#website"},"primaryImageOfPage":{"@id":"https:\/\/editionsbussiere.com\/blog\/le-pape-nomme-un-nouvel-eveque-de-hangzhou-en-chine-pour-se-devouer-a-la-mere-de-dieu\/#primaryimage"},"image":{"@id":"https:\/\/editionsbussiere.com\/blog\/le-pape-nomme-un-nouvel-eveque-de-hangzhou-en-chine-pour-se-devouer-a-la-mere-de-dieu\/#primaryimage"},"thumbnailUrl":"https:\/\/editionsbussiere.com\/blog\/wp-content\/uploads\/2024\/06\/Le-pape-nomme-un-nouvel-eveque-de-Hangzhou-en-Chine-1024x576-1.jpeg","datePublished":"2024-06-24T18:51:00+00:00","breadcrumb":{"@id":"https:\/\/editionsbussiere.com\/blog\/le-pape-nomme-un-nouvel-eveque-de-hangzhou-en-chine-pour-se-devouer-a-la-mere-de-dieu\/#breadcrumb"},"inLanguage":"fr-FR","potentialAction":[{"@type":"ReadAction","target":["https:\/\/editionsbussiere.com\/blog\/le-pape-nomme-un-nouvel-eveque-de-hangzhou-en-chine-pour-se-devouer-a-la-mere-de-dieu\/"]}]},{"@type":"ImageObject","inLanguage":"fr-FR","@id":"https:\/\/editionsbussiere.com\/blog\/le-pape-nomme-un-nouvel-eveque-de-hangzhou-en-chine-pour-se-devouer-a-la-mere-de-dieu\/#primaryimage","url":"https:\/\/editionsbussiere.com\/blog\/wp-content\/uploads\/2024\/06\/Le-pape-nomme-un-nouvel-eveque-de-Hangzhou-en-Chine-1024x576-1.jpeg","contentUrl":"https:\/\/editionsbussiere.com\/blog\/wp-content\/uploads\/2024\/06\/Le-pape-nomme-un-nouvel-eveque-de-Hangzhou-en-Chine-1024x576-1.jpeg","width":1024,"height":576,"caption":"Le pape nomme un nouvel eveque de Hangzhou en Chine 1024x576 1"},{"@type":"BreadcrumbList","@id":"https:\/\/editionsbussiere.com\/blog\/le-pape-nomme-un-nouvel-eveque-de-hangzhou-en-chine-pour-se-devouer-a-la-mere-de-dieu\/#breadcrumb","itemListElement":[{"@type":"ListItem","position":1,"name":"Accueil","item":"https:\/\/editionsbussiere.com\/blog\/"},{"@type":"ListItem","position":2,"name":"Le pape nomme un nouvel \u00e9v\u00eaque de Hangzhou en Chine pour se d\u00e9vouer \u00e0 la m\u00e8re de dieu ."}]},{"@type":"WebSite","@id":"https:\/\/editionsbussiere.com\/blog\/#website","url":"https:\/\/editionsbussiere.com\/blog\/","name":"EDITIONSBUSSIERE","description":"Editions \u00e9sot\u00e9rique fond\u00e9e en 1927; site historique, A SAVOIR ET RETENIR.","publisher":{"@id":"https:\/\/editionsbussiere.com\/blog\/#organization"},"potentialAction":[{"@type":"SearchAction","target":{"@type":"EntryPoint","urlTemplate":"https:\/\/editionsbussiere.com\/blog\/?s={search_term_string}"},"query-input":{"@type":"PropertyValueSpecification","valueRequired":true,"valueName":"search_term_string"}}],"inLanguage":"fr-FR"},{"@type":"Organization","@id":"https:\/\/editionsbussiere.com\/blog\/#organization","name":"editionsbussiere","url":"https:\/\/editionsbussiere.com\/blog\/","logo":{"@type":"ImageObject","inLanguage":"fr-FR","@id":"https:\/\/editionsbussiere.com\/blog\/#\/schema\/logo\/image\/","url":"https:\/\/editionsbussiere.com\/blog\/wp-content\/uploads\/2023\/09\/cropped-buss.gif","contentUrl":"https:\/\/editionsbussiere.com\/blog\/wp-content\/uploads\/2023\/09\/cropped-buss.gif","width":298,"height":120,"caption":"editionsbussiere"},"image":{"@id":"https:\/\/editionsbussiere.com\/blog\/#\/schema\/logo\/image\/"}},{"@type":"Person","@id":"https:\/\/editionsbussiere.com\/blog\/#\/schema\/person\/ec90e102792148c97e46ab871010dd8f","name":"Marie BATICLE","image":{"@type":"ImageObject","inLanguage":"fr-FR","@id":"https:\/\/secure.gravatar.com\/avatar\/c923e52403b1b8137e2d929127211d21967e6aecaa053bd43b09da29f212e76e?s=96&d=mm&r=g","url":"https:\/\/secure.gravatar.com\/avatar\/c923e52403b1b8137e2d929127211d21967e6aecaa053bd43b09da29f212e76e?s=96&d=mm&r=g","contentUrl":"https:\/\/secure.gravatar.com\/avatar\/c923e52403b1b8137e2d929127211d21967e6aecaa053bd43b09da29f212e76e?s=96&d=mm&r=g","caption":"Marie BATICLE"},"url":"https:\/\/editionsbussiere.com\/blog\/author\/eremarie\/"}]}},"_links":{"self":[{"href":"https:\/\/editionsbussiere.com\/blog\/wp-json\/wp\/v2\/posts\/877","targetHints":{"allow":["GET"]}}],"collection":[{"href":"https:\/\/editionsbussiere.com\/blog\/wp-json\/wp\/v2\/posts"}],"about":[{"href":"https:\/\/editionsbussiere.com\/blog\/wp-json\/wp\/v2\/types\/post"}],"author":[{"embeddable":true,"href":"https:\/\/editionsbussiere.com\/blog\/wp-json\/wp\/v2\/users\/3"}],"replies":[{"embeddable":true,"href":"https:\/\/editionsbussiere.com\/blog\/wp-json\/wp\/v2\/comments?post=877"}],"version-history":[{"count":0,"href":"https:\/\/editionsbussiere.com\/blog\/wp-json\/wp\/v2\/posts\/877\/revisions"}],"wp:featuredmedia":[{"embeddable":true,"href":"https:\/\/editionsbussiere.com\/blog\/wp-json\/wp\/v2\/media\/878"}],"wp:attachment":[{"href":"https:\/\/editionsbussiere.com\/blog\/wp-json\/wp\/v2\/media?parent=877"}],"wp:term":[{"taxonomy":"category","embeddable":true,"href":"https:\/\/editionsbussiere.com\/blog\/wp-json\/wp\/v2\/categories?post=877"},{"taxonomy":"post_tag","embeddable":true,"href":"https:\/\/editionsbussiere.com\/blog\/wp-json\/wp\/v2\/tags?post=877"}],"curies":[{"name":"wp","href":"https:\/\/api.w.org\/{rel}","templated":true}]}}