{"id":868,"date":"2024-06-23T15:12:07","date_gmt":"2024-06-23T13:12:07","guid":{"rendered":"https:\/\/editionsbussiere.com\/blog\/le-pape-a-langelus-au-milieu-des-epreuves-et-des-tempetes-est-ce-que-je-maccroche-au-christ-croire-en-la-vierge\/"},"modified":"2024-06-23T15:12:07","modified_gmt":"2024-06-23T13:12:07","slug":"le-pape-a-langelus-au-milieu-des-epreuves-et-des-tempetes-est-ce-que-je-maccroche-au-christ-croire-en-la-vierge","status":"publish","type":"post","link":"https:\/\/editionsbussiere.com\/blog\/le-pape-a-langelus-au-milieu-des-epreuves-et-des-tempetes-est-ce-que-je-maccroche-au-christ-croire-en-la-vierge\/","title":{"rendered":"Le pape \u00e0 l\u2019Ang\u00e9lus : \u00ab Au milieu des \u00e9preuves et des \u00ab temp\u00eates \u00bb, est-ce que je m\u2019accroche au Christ ?\n &amp; croire en la Vierge ."},"content":{"rendered":"<div><img width=\"580\" height=\"326\" src=\"https:\/\/editionsbussiere.com\/blog\/wp-content\/uploads\/2024\/06\/Le-pape-a-lAngelus-Au-milieu-des-epreuves-1024x576-1.jpeg\" class=\"attachment-large size-large wp-post-image\" alt=\"Le pape \u00e0 l'Ang\u00e9lus : \u00ab Au milieu des \u00e9preuves\" style=\"float:left; margin:0 15px 15px 0;\" decoding=\"async\" srcset=\"https:\/\/editionsbussiere.com\/blog\/wp-content\/uploads\/2024\/06\/Le-pape-a-lAngelus-Au-milieu-des-epreuves-1024x576-1.jpeg 1024w, https:\/\/www.n42.fr\/wp-content\/uploads\/2024\/06\/Le-pape-a-lAngelus-Au-milieu-des-epreuves-300x169.jpeg 300w, https:\/\/www.n42.fr\/wp-content\/uploads\/2024\/06\/Le-pape-a-lAngelus-Au-milieu-des-epreuves-768x432.jpeg 768w, https:\/\/www.n42.fr\/wp-content\/uploads\/2024\/06\/Le-pape-a-lAngelus-Au-milieu-des-epreuves-1200x675.jpeg 1200w, https:\/\/www.n42.fr\/wp-content\/uploads\/2024\/06\/Le-pape-a-lAngelus-Au-milieu-des-epreuves.jpeg 1500w\" sizes=\"(max-width: 580px) 100vw, 580px\"><\/p>\n<p><img decoding=\"async\" src=\"https:\/\/editionsbussiere.com\/blog\/wp-content\/uploads\/2024\/06\/cq5dam.thumbnail.cropped.750.422-3.jpeg\"><\/p>\n<p>Lors de son Ang\u00e9lus dominical, le pape Fran\u00e7ois appelle les fid\u00e8les, en pleine incertitude et peur, \u00e0 se tourner sans crainte vers le Christ qui calmera toujours la temp\u00eate.<\/p>\n<div>\n<p><b>Deborah Castellano Lubov<\/b><\/p>\n<p>M\u00eame au milieu de la tourmente et de la d\u00e9tresse, nous devons nous abandonner au Seigneur, en lui faisant toujours confiance\u2026<\/p>\n<p>C\u2019est le message r\u00e9confortant que le pape Fran\u00e7ois a offert aux fid\u00e8les lors de son discours hebdomadaire de l\u2019Ang\u00e9lus dimanche.<\/p>\n<p>S\u2019adressant aux milliers de p\u00e8lerins rassembl\u00e9s sur la place Saint-Pierre \u00e0 midi, le Saint-P\u00e8re a r\u00e9fl\u00e9chi sur la lecture de l\u2019\u00c9vangile d\u2019aujourd\u2019hui selon saint Marc, qui raconte l\u2019histoire de J\u00e9sus et de ses disciples dans un bateau sur le lac de Tib\u00e9riade, et les disciples \u00e9taient terrifi\u00e9s, pendant que J\u00e9sus dormait, lorsqu\u2019une temp\u00eate soudaine et forte mena\u00e7ait, du moins \u00e0 ce qu\u2019il semblait, le naufrage du bateau.<\/p>\n<h2>Faire confiance au Seigneur dans la tourmente<\/h2>\n<p>En fin de compte, le Seigneur avait toute la situation sous contr\u00f4le et leur a enseign\u00e9 une le\u00e7on sur la fa\u00e7on de lui faire confiance.<\/p>\n<p>M\u00eame s\u2019il a pu sembler \u00ab que J\u00e9sus voulait les tester \u00bb ainsi que leur foi, le Pape a observ\u00e9 qu\u2019en fin de compte, ils sortent de cette exp\u00e9rience plus conscients de la puissance de J\u00e9sus et de sa pr\u00e9sence parmi eux. <\/p>\n<p>Par cons\u00e9quent, cet \u00e9pisode effrayant, a expliqu\u00e9 le Saint-P\u00e8re, les rend plus forts et plus pr\u00eats \u00e0 affronter d\u2019autres obstacles et difficult\u00e9s, y compris la peur de s\u2019aventurer dehors pour annoncer l\u2019\u00c9vangile.  En demandant pourquoi le Seigneur a fait cela, le Pape a sugg\u00e9r\u00e9 que cet \u00e9pisode avait renforc\u00e9 leur foi et les avait rendus plus courageux.<\/p>\n<p>\u00ab\u00a0Apr\u00e8s avoir surmont\u00e9 cette \u00e9preuve avec Lui\u00a0\u00bb, a observ\u00e9 le Pape, \u00ab\u00a0ils sauront en affronter beaucoup d\u2019autres, jusqu\u2019\u00e0 la croix et au martyre, pour apporter l\u2019\u00c9vangile \u00e0 tous les peuples\u00a0\u00bb.<\/p>\n<h2>S\u2019applique \u00e0 nous<\/h2>\n<p>De m\u00eame, a sugg\u00e9r\u00e9 le Saint-P\u00e8re, J\u00e9sus fait la m\u00eame chose avec nous.<\/p>\n<p>\u00ab\u00a0Surtout dans l\u2019Eucharistie\u00a0\u00bb, a-t-il soulign\u00e9, \u00ab\u00a0le Christ nous rassemble autour de lui, nous donne sa Parole et nous nourrit de son Corps et de son Sang\u00a0\u00bb.<\/p>\n<p>Fort de cette exp\u00e9rience, a d\u00e9clar\u00e9 le Pape, le Seigneur \u00ab\u00a0nous invite \u00e0 prendre la mer, \u00e0 transmettre tout ce que nous avons entendu et \u00e0 partager avec tous ce que nous avons re\u00e7u, dans la vie de tous les jours\u00a0\u00bb, et \u00e0 le faire \u00ab\u00a0m\u00eame lorsque c\u2019est difficile\u00a0\u00bb.<\/p>\n<p>Le Seigneur, observe-t-il, ne nous \u00e9pargne pas les moments difficiles, mais, sans jamais nous abandonner, il nous aide \u00e0 les affronter.<\/p>\n<p>Ainsi, a-t-il sugg\u00e9r\u00e9, nous aussi, de les surmonter avec son aide, en apprenant de plus en plus \u00e0 nous accrocher \u00e0 lui et \u00e0 avoir confiance en sa puissance, qui d\u00e9passe de loin nos capacit\u00e9s. \u00bb<\/p>\n<p>Cet abandon \u00e0 J\u00e9sus, a-t-il \u00e9galement sugg\u00e9r\u00e9, nous permet de \u00ab surmonter les incertitudes et les h\u00e9sitations \u00bb et plut\u00f4t, \u00ab avec courage et grandeur de c\u0153ur \u00bb, de dire \u00e0 tous \u00ab que le Royaume des Cieux est pr\u00e9sent, ici, et cela avec J\u00e9sus \u00e0 nos c\u00f4t\u00e9s \u00bb. , nous pouvons le faire grandir ensemble, au-del\u00e0 de toutes les barri\u00e8res.\u00a0\u00bb<\/p>\n<h2>Mon aide constante au milieu de toute temp\u00eate<\/h2>\n<p>Face \u00e0 cela, le Pape a appel\u00e9 les fid\u00e8les \u00e0 se poser quelques questions.<\/p>\n<p>\u00ab Dans les moments d\u2019\u00e9preuve, r\u00e9fl\u00e9chit-il, puis-je me souvenir des moments o\u00f9 j\u2019ai exp\u00e9riment\u00e9, dans ma vie, la pr\u00e9sence et l\u2019aide du Seigneur ?<\/p>\n<p>\u00ab\u00a0Quand une temp\u00eate arrive\u00a0\u00bb, a-t-il poursuivi, \u00ab\u00a0est-ce que je me laisse submerger par la tourmente, ou est-ce que je m\u2019accroche \u00e0 Lui, pour trouver le calme et la paix, dans la pri\u00e8re, le silence, l\u2019\u00e9coute de la Parole, l\u2019adoration et le partage fraternel de la foi. ?\u00a0\u00bb<\/p>\n<p>Le pape Fran\u00e7ois a conclu en implorant que la Vierge Marie, qui a accept\u00e9 la volont\u00e9 de Dieu avec humilit\u00e9 et courage, nous accorde, dans les moments difficiles, la s\u00e9r\u00e9nit\u00e9 de l\u2019abandon en Lui.<\/p>\n<\/div>\n<h2>\n<\/h2>\n<p>Le R\u00f4le de la D\u00e9votion Mariale<\/p>\n<p>L\u2019invocation \u00e0 Marie repr\u00e9sente un \u00e9l\u00e9ment crucial de la foi chr\u00e9tienne, profond\u00e9ment ancr\u00e9e dans les enseignements catholiques depuis des temps imm\u00e9moriaux. C\u2019est un roc sur lequel les croyants s\u2019reposent pour obtenir r\u00e9confort, guidance et intercession dans leur marche avec Dieu. Au fil du temps, cette pratique de d\u00e9votion a gagn\u00e9 en force par les \u00e9crits bibliques, les coutumes eccl\u00e9siastiques, et les exemples des saints qui ont t\u00e9moign\u00e9 de leur respect \u00e0 Marie m\u00e8re spirituelle bienveillante.<\/p>\n<h3>\n<\/h3>\n<p>La pratique du Chapelet<\/p>\n<p>Le rosaire occupe une place centrale dans la vie spirituelle de nombreux croyants. En r\u00e9citant les diff\u00e9rents myst\u00e8res, les fid\u00e8les se plongent dans les \u00e9v\u00e9nements de la vie de J\u00e9sus et de Marie, renfor\u00e7ant leur connexion spirituelle avec le divin. \u00c0 travers chaque Ave Maria, ils manifestent leur confiance en l\u2019intercession de Marie et leur d\u00e9sir de suivre les enseignements du Christ. Saint Louis-Marie Grignion de Montfort, dans son ouvrage sur la d\u00e9votion authentique \u00e0 la Vierge Marie, encourage les chr\u00e9tiens \u00e0 pratiquer r\u00e9guli\u00e8rement la m\u00e9ditation sur les myst\u00e8res du rosaire afin de renforcer leur lien avec la M\u00e8re de Dieu. Cet antique rituel, transmise de g\u00e9n\u00e9ration en g\u00e9n\u00e9ration, demeure une source d\u2019illumination spirituelle pour ceux qui ont la foi, les guidant dans leur connexion \u00e0 la c\u00e9leste Dame.<\/p>\n<h3>\n<\/h3>\n<p>L\u2019encouragement \u00e0 prier<\/p>\n<p>Unissons nos voix dans la pri\u00e8re, fr\u00e8res et s\u0153urs, dans l\u2019unit\u00e9 de notre confiance, en Marie, la m\u00e8re de J\u00e9sus. Au sein de notre monde troubl\u00e9 par les conflits et la division, recourons \u00e0 la pri\u00e8re pour trouver de trouver la s\u00e9r\u00e9nit\u00e9 et l\u2019harmonie. Les chr\u00e9tiens ont la possibilit\u00e9 faire d\u00e9poser un message pour la Sainte Vierge <a target=\"_blank\" rel=\"nofollow\" href=\"https:\/\/editionsbussiere.com\/blog\/goto\/https:\/\/www.avemariasound.org\/\" >par internet.<\/a> Que nos supplications s\u2019\u00e9l\u00e8vent vers le ciel, comme un hommage re\u00e7u avec faveur par Dieu, afin qu\u2019il puisse \u00e9clairer nos pas vers la voie de la v\u00e9rit\u00e9 et de la justice. L\u2019ap\u00f4tre Paul nous exhorte dans ses \u00e9p\u00eetres \u00e0 maintenir une pri\u00e8re incessante, en toutes circonstances, pour que notre communion \u00e0 Dieu soit constante et ardente. La pri\u00e8re, quand elle est sinc\u00e8rement offerte, a le pouvoir de changer les c\u0153urs et d\u2019influer le destin de l\u2019histoire.<\/p>\n<h2>\n<\/h2>\n<p>Les le\u00e7ons du Souverain Pontife<\/p>\n<p>Le Souverain Pontife, \u00e0 travers ses \u00e9crits inspir\u00e9s, disponibles gr\u00e2ce \u00e0 Bayard, nous rappelle la valeur de la pri\u00e8re journali\u00e8re. \u00c0 travers ses hom\u00e9lies et ses audiences g\u00e9n\u00e9rales, il nous incite \u00e0 d\u00e9velopper une connexion personnelle avec Dieu, en s\u2019appuyant sur la m\u00e9ditation de la Parole biblique et la r\u00e9citation du rosaire. Son exemple de compassion et d\u2019humilit\u00e9 nous encourage \u00e0 approfondir encore notre pri\u00e8re et \u00e0 rechercher la pr\u00e9sence de Dieu dans tous les aspects de notre quotidien. Saint Jean-Paul II, dans son encyclique sur la foi chr\u00e9tienne, nous souligne que la pri\u00e8re quotidienne est le fondement de notre vie spirituelle et c\u2019est par elle que nous sommes unis \u00e0 la volont\u00e9 divine. La pri\u00e8re quotidienne, transmise par les pontifes de g\u00e9n\u00e9ration en g\u00e9n\u00e9ration, est une source d\u2019espoir en p\u00e9riode de temp\u00eate, un fondement solide sur lequel nous pouvons compter.<\/p>\n<h3>\n<\/h3>\n<p>Les publications \u00e9crits par Leli\u00e8vre et Hubert<\/p>\n<p>Au sein de la pratique religieuse, l\u2019\u00e9glise recommande vivement la pri\u00e8re, et durant la pri\u00e8re, les croyants effectuent le geste du signe de la croix tout en r\u00e9citant le Je vous salue Marie. Des penseurs contemporains, tels que Leli\u00e8vre et Hubert, nous incitent aussi \u00e0 r\u00e9fl\u00e9chir sur la puissance de la pri\u00e8re, dans leurs ouvrages inspirants. Leurs ouvrages, abondant en enseignements spirituels, nous orientent sur le chemin de la foi et nous invitent \u00e0 trouver dans les richesses de la tradition chr\u00e9tienne pour nourrir notre spiritualit\u00e9. En m\u00e9ditant sur leurs \u00e9crits, nous d\u00e9couvrons de nouvelles mani\u00e8res de d\u00e9velopper notre relation avec Dieu et de grandir dans la saintet\u00e9. L\u2019ap\u00f4tre Jean, dans l\u2019\u00c9vangile, nous rappelle que le fait de prier est une puissante voie pour rester en communion avec Dieu et de recevoir ses b\u00e9n\u00e9dictions. Chaque page de leurs ouvrages r\u00e9sonne comme une invitation \u00e0 une pri\u00e8re ardente et \u00e0 une vie emplie de la pr\u00e9sence divine. Dans notre recherche de connexion spirituelle, chaque \u0153uvre lue devient une invitation \u00e0 s\u2019\u00e9lever vers le sacr\u00e9, \u00e0 travers la r\u00e9flexion et la m\u00e9ditation.<\/p>\n<h3>\n<\/h3>\n<p>La pratique de la pri\u00e8re<\/p>\n<p>Dans nos chapelles modestes ou majestueuses, orientons-nous vers le divin avec confiance et humilit\u00e9, car nous savons qu\u2019il \u00e9coute nos pri\u00e8res avec une sollicitude infinie. Que chaque flamme vacillante, chaque Ave Maria r\u00e9cit\u00e9, constitue une offrande \u00e0 notre Seigneur ainsi qu\u2019\u00e0 la Vierge Marie. Que nos instants de d\u00e9votion dans la chapelle soient des occasions de b\u00e9n\u00e9diction et de renouvellement de notre esprit, nous fortifiant pour affronter les \u00e9preuves avec courage et foi. Sainte Bernadette Soubirous, qui a re\u00e7u les apparitions de la Vierge Marie \u00e0 Lourdes, nous enseigne la valeur de la pri\u00e8re dans la vie des fid\u00e8les et l\u2019efficacit\u00e9 de l\u2019intercession de la Vierge Marie. Tout fid\u00e8le qui franchit les portes d\u2019une chapelle, chaque page de la Bible lue dans ce lieu sacr\u00e9, est une rencontre avec la divinit\u00e9, une \u00e9tape sur le chemin de la transformation int\u00e9rieure. \u00c0 travers les \u00c9critures saintes, tout disciple est invit\u00e9 \u00e0 contempler la croix du Christ, \u00e0 r\u00e9fl\u00e9chir \u00e0 son sacrifice, et \u00e0 trouver r\u00e9confort et espoir dans sa gr\u00e2ce r\u00e9demptrice.<\/p>\n<h2>\nLa pri\u00e8re comme m\u00e9decine pour l\u2019\u00e2me<br \/>\n<\/h2>\n<p>Tel un th\u00e9rapeute pour notre \u00eatre int\u00e9rieur, l\u2019acte de prier nous gu\u00e9rit et nous renforce lorsque nous traversons des moments de douleur et de d\u00e9sespoir. La pri\u00e8re nous rappelle que Dieu est toujours avec nous, m\u00eame lorsque nous traversons les t\u00e9n\u00e8bres les plus profondes de notre existence. En nous penchant vers lui \u00e0 travers la pri\u00e8re, nous d\u00e9couvrons la force int\u00e9rieure dont nous avons besoin pour surmonter les \u00e9preuves et pour faire face \u00e0 l\u2019avenir avec espoir et confiance. L\u2019acte de prier est comme une fontaine d\u2019eau vive qui \u00e9tanche notre soif spirituelle et qui, dans notre marche avec Dieu, nous r\u00e9g\u00e9n\u00e8re.<br \/>\n\u00c0 chaque pri\u00e8re prononc\u00e9e, \u00e0 chaque intention port\u00e9e, nous trouvons une paix divine, une gu\u00e9rison c\u00e9leste, qui transcende les limitations humaines. Chaque verset de la Bible nous invite \u00e0 communier avec Dieu, \u00e0 lui remettre nos fardeaux, et \u00e0 recevoir sa gr\u00e2ce transformante.<\/p>\n<h2>Une vision alternative sur l\u2019acte de prier Marie<\/h2>\n<p>L\u2019invocation de Marie constitue une pratique solidement ancr\u00e9e dans la tradition religieuse catholique chr\u00e9tienne, fournissant un lien spirituel pr\u00e9cieux pour les adeptes de tous horizons. Comme m\u00e8re spirituelle et intercesseur d\u00e9vou\u00e9, elle est invoqu\u00e9e avec ferveur lors des instants de n\u00e9cessit\u00e9 et de louange. Le chapelet, avec ses myst\u00e8res m\u00e9ditatifs, guide les catholiques dans leur parcours religieux, les aidant \u00e0 m\u00e9diter sur J\u00e9sus, son fils, \u00e0 travers le regard de la Vierge Marie. Cette affection envers Marie se manifeste dans les lieux saints comme Lourdes, o\u00f9 les fid\u00e8les convergent pour rechercher r\u00e9confort et gu\u00e9rison, illustrant le lien profond entre la foi catholique et la d\u00e9votion mariale. Les enseignements \u00e9clairants de th\u00e9ologiens comme Leli\u00e8vre et Hubert proposent une r\u00e9flexion pr\u00e9cieuse sur la signification de la pri\u00e8re mariale et son impact sur la spiritualit\u00e9 des croyants. \u00c0 travers la lecture attentive de livres d\u00e9votionnels et bibliques, les adeptes approfondissent leur compr\u00e9hension de l\u2019adoration de Marie et nourrissent une relation plus profonde avec la Vierge Marie, notre m\u00e8re spirituelle. Dans un monde marqu\u00e9 par les conflits et les troubles, la pri\u00e8re \u00e0 Marie est un sanctuaire de paix et d\u2019espoir, invitant chaque personne, quel que soit son statut dans la foi catholique-chr\u00e9tienne, \u00e0 se tourner vers la Sainte Vierge avec une foi profonde et une d\u00e9votion sinc\u00e8re. Unissons donc nos pri\u00e8res, avec un c\u0153ur sinc\u00e8re et humble, en saluant Marie comme notre m\u00e8re et notre intercesseur, en lui confiant nos v\u0153ux et nos aspirations les plus profondes. Dans cette qu\u00eate spirituelle, chaque croyant est invit\u00e9 \u00e0 poursuivre la voie des pri\u00e8res et des aspirations du c\u0153ur, sous la direction du saint P\u00e8re et les pr\u00e9cieuses ressources spirituelles offertes par des plateformes telles que Aleteia. De cette mani\u00e8re, avec un c\u0153ur ouvert et une humble confiance, adressons notre pri\u00e8re quotidienne \u00e0 Marie, lui demandant son intercession maternelle, ainsi que la gr\u00e2ce de pers\u00e9v\u00e9rer dans la pri\u00e8re ardente.<br \/>\nQue la pri\u00e8re soit notre refuge et notre consolation quelle que soit la situation. Que nous nous inclinions en direction de Marie, notre m\u00e8re du ciel, avec un c\u0153ur ouvert et une croyance in\u00e9branlable, sachant qu\u2019elle interc\u00e8de pour nous aupr\u00e8s de son fils bien-aim\u00e9. Que notre dialogue avec le divin soit notre guide vers la voie de la saintet\u00e9, nous approchant toujours plus de Dieu et de son amour \u00e9ternel.<\/p>\n<p>Ce sujet vous a plu vous adorerez beaucoup ces livres:<\/p>\n<p>Quand j\u2019\u00e9tais chez mon p\u00e8re.,<a target=\"_blank\" rel=\"nofollow\" href=\"https:\/\/editionsbussiere.com\/blog\/goto\/https:\/\/fr.wikisource.org\/wiki\/Quand_j%E2%80%99%C3%A9tais_chez_mon_p%C3%A8re\"  target=\"_blank\" rel=\"noopener noreferrer nofollow\">A lire ici.<\/a><span><\/span><\/p>\n<p>Liturgie de saint Jean Chrysostome\/Liturgie des Fid\u00e8les.,<a target=\"_blank\" rel=\"nofollow\" href=\"https:\/\/editionsbussiere.com\/blog\/goto\/https:\/\/fr.wikisource.org\/wiki\/Liturgie_de_saint_Jean_Chrysostome\/Liturgie_des_Fid%C3%A8les\"  target=\"_blank\" rel=\"noopener noreferrer nofollow\">Le dossier.<\/a><span><\/span><\/p>\n<p>Les P\u00e8res de l\u2019\u00c9glise\/Tome 3\/Livre III\/Chapitre XXII.,<a target=\"_blank\" rel=\"nofollow\" href=\"https:\/\/editionsbussiere.com\/blog\/goto\/https:\/\/fr.wikisource.org\/wiki\/Les_P%C3%A8res_de_l%E2%80%99%C3%89glise\/Tome_3\/Livre_III\/Chapitre_XXII\"  target=\"_blank\" rel=\"noopener noreferrer nofollow\">Cliquer ICI.<\/a><span><\/span><\/p>\n<p>La Science et l\u2019amour\/5.,<a target=\"_blank\" rel=\"nofollow\" href=\"https:\/\/editionsbussiere.com\/blog\/goto\/https:\/\/fr.wikisource.org\/wiki\/La_Science_et_l%E2%80%99amour\/5\"  target=\"_blank\" rel=\"noopener noreferrer nofollow\">L\u2019article ICI.<\/a><span><\/span><\/p>\n<p>L\u2019Encyclop\u00e9die\/1re \u00e9dition\/SAMEDI.,<a target=\"_blank\" rel=\"nofollow\" href=\"https:\/\/editionsbussiere.com\/blog\/goto\/https:\/\/fr.wikisource.org\/wiki\/L%E2%80%99Encyclop%C3%A9die\/1re_%C3%A9dition\/SAMEDI\"  target=\"_blank\" rel=\"noopener noreferrer nofollow\">Le texte de l\u2019article.<\/a><span><\/span><\/p>\n<p>Dictionnaire de th\u00e9ologie catholique\/ABELLY Louis.,<a target=\"_blank\" rel=\"nofollow\" href=\"https:\/\/editionsbussiere.com\/blog\/goto\/https:\/\/fr.wikisource.org\/wiki\/Dictionnaire_de_th%C3%A9ologie_catholique\/ABELLY_Louis\"  target=\"_blank\" rel=\"noopener noreferrer nofollow\">Cliquer ICI.<\/a><span><\/span>. Suite sur le prochain article.<\/p>\n<\/div>\n<p><img decoding=\"async\" class=\"wpe_imgrss\" src=\"https:\/\/editionsbussiere.com\/blog\/wp-content\/uploads\/2024\/06\/Le-pape-a-lAngelus-Au-milieu-des-epreuves-1024x576-1.jpeg\">Cet article a \u00e9t\u00e9 reconstitu\u00e9 du mieux possible. Dans l\u2019hypoth\u00e8se o\u00f9 vous souhaitez apporter quelques modifications concernant le th\u00e8me \u00ab\u00a0Editions \u00e9sot\u00e9rique fond\u00e9e en 1927\u00a0\u00bb, il est possible de discuter avec notre r\u00e9daction. Vous pouvez tirer profit de cet article traitant le sujet \u00ab\u00a0Editions \u00e9sot\u00e9rique fond\u00e9e en 1927\u00a0\u00bb. Il est concoct\u00e9 par l\u2019\u00e9quipe editionsbussiere.com. Le site editionsbussiere.com est fait pour cr\u00e9er divers posts autour du th\u00e8me Editions \u00e9sot\u00e9rique fond\u00e9e en 1927 d\u00e9velopp\u00e9es sur internet. Consultez notre site internet editionsbussiere.com et nos r\u00e9seaux sociaux pour \u00eatre au courant des futures annonces.<\/p>\n","protected":false},"excerpt":{"rendered":"<p>Lors de son Ang\u00e9lus dominical, le pape Fran\u00e7ois appelle les fid\u00e8les, en pleine incertitude et peur, \u00e0 se tourner sans crainte vers le Christ qui calmera toujours la temp\u00eate. Deborah Castellano Lubov M\u00eame au milieu de la tourmente et de la d\u00e9tresse, nous devons nous abandonner au Seigneur, en lui faisant toujours confiance\u2026 C\u2019est le [&hellip;]<\/p>\n","protected":false},"author":3,"featured_media":869,"comment_status":"closed","ping_status":"closed","sticky":false,"template":"","format":"standard","meta":{"footnotes":""},"categories":[3],"tags":[],"class_list":["post-868","post","type-post","status-publish","format-standard","has-post-thumbnail","hentry","category-editions-esoterique-fondee-en-1927-depeches","entry","fw-tab-6 fw-tabr-4","has-featured-image"],"yoast_head":"<!-- This site is optimized with the Yoast SEO plugin v27.5 - https:\/\/yoast.com\/product\/yoast-seo-wordpress\/ -->\n<title>Le pape \u00e0 l\u2019Ang\u00e9lus : \u00ab Au milieu des \u00e9preuves et des \u00ab temp\u00eates \u00bb, est-ce que je m\u2019accroche au Christ ? &amp; croire en la Vierge . - EDITIONSBUSSIERE<\/title>\n<meta name=\"robots\" content=\"index, follow, max-snippet:-1, max-image-preview:large, max-video-preview:-1\" \/>\n<link rel=\"canonical\" href=\"https:\/\/editionsbussiere.com\/blog\/le-pape-a-langelus-au-milieu-des-epreuves-et-des-tempetes-est-ce-que-je-maccroche-au-christ-croire-en-la-vierge\/\" \/>\n<meta property=\"og:locale\" content=\"fr_FR\" \/>\n<meta property=\"og:type\" content=\"article\" \/>\n<meta property=\"og:title\" content=\"Le pape \u00e0 l\u2019Ang\u00e9lus : \u00ab Au milieu des \u00e9preuves et des \u00ab temp\u00eates \u00bb, est-ce que je m\u2019accroche au Christ ? &amp; croire en la Vierge . - EDITIONSBUSSIERE\" \/>\n<meta property=\"og:description\" content=\"Lors de son Ang\u00e9lus dominical, le pape Fran\u00e7ois appelle les fid\u00e8les, en pleine incertitude et peur, \u00e0 se tourner sans crainte vers le Christ qui calmera toujours la temp\u00eate. Deborah Castellano Lubov M\u00eame au milieu de la tourmente et de la d\u00e9tresse, nous devons nous abandonner au Seigneur, en lui faisant toujours confiance\u2026 C\u2019est le [&hellip;]\" \/>\n<meta property=\"og:url\" content=\"https:\/\/editionsbussiere.com\/blog\/le-pape-a-langelus-au-milieu-des-epreuves-et-des-tempetes-est-ce-que-je-maccroche-au-christ-croire-en-la-vierge\/\" \/>\n<meta property=\"og:site_name\" content=\"EDITIONSBUSSIERE\" \/>\n<meta property=\"article:published_time\" content=\"2024-06-23T13:12:07+00:00\" \/>\n<meta property=\"og:image\" content=\"https:\/\/editionsbussiere.com\/blog\/wp-content\/uploads\/2024\/06\/Le-pape-a-lAngelus-Au-milieu-des-epreuves-1024x576-1.jpeg\" \/>\n<meta name=\"author\" content=\"Marie BATICLE\" \/>\n<meta name=\"twitter:card\" content=\"summary_large_image\" \/>\n<meta name=\"twitter:label1\" content=\"\u00c9crit par\" \/>\n\t<meta name=\"twitter:data1\" content=\"Marie BATICLE\" \/>\n\t<meta name=\"twitter:label2\" content=\"Dur\u00e9e de lecture estim\u00e9e\" \/>\n\t<meta name=\"twitter:data2\" content=\"12 minutes\" \/>\n<script type=\"application\/ld+json\" class=\"yoast-schema-graph\">{\"@context\":\"https:\\\/\\\/schema.org\",\"@graph\":[{\"@type\":\"Article\",\"@id\":\"https:\\\/\\\/editionsbussiere.com\\\/blog\\\/le-pape-a-langelus-au-milieu-des-epreuves-et-des-tempetes-est-ce-que-je-maccroche-au-christ-croire-en-la-vierge\\\/#article\",\"isPartOf\":{\"@id\":\"https:\\\/\\\/editionsbussiere.com\\\/blog\\\/le-pape-a-langelus-au-milieu-des-epreuves-et-des-tempetes-est-ce-que-je-maccroche-au-christ-croire-en-la-vierge\\\/\"},\"author\":{\"name\":\"Marie BATICLE\",\"@id\":\"https:\\\/\\\/editionsbussiere.com\\\/blog\\\/#\\\/schema\\\/person\\\/ec90e102792148c97e46ab871010dd8f\"},\"headline\":\"Le pape \u00e0 l\u2019Ang\u00e9lus : \u00ab Au milieu des \u00e9preuves et des \u00ab temp\u00eates \u00bb, est-ce que je m\u2019accroche au Christ ? &amp; croire en la Vierge .\",\"datePublished\":\"2024-06-23T13:12:07+00:00\",\"mainEntityOfPage\":{\"@id\":\"https:\\\/\\\/editionsbussiere.com\\\/blog\\\/le-pape-a-langelus-au-milieu-des-epreuves-et-des-tempetes-est-ce-que-je-maccroche-au-christ-croire-en-la-vierge\\\/\"},\"wordCount\":2481,\"publisher\":{\"@id\":\"https:\\\/\\\/editionsbussiere.com\\\/blog\\\/#organization\"},\"image\":{\"@id\":\"https:\\\/\\\/editionsbussiere.com\\\/blog\\\/le-pape-a-langelus-au-milieu-des-epreuves-et-des-tempetes-est-ce-que-je-maccroche-au-christ-croire-en-la-vierge\\\/#primaryimage\"},\"thumbnailUrl\":\"https:\\\/\\\/editionsbussiere.com\\\/blog\\\/wp-content\\\/uploads\\\/2024\\\/06\\\/Le-pape-a-lAngelus-Au-milieu-des-epreuves-1024x576-1.jpeg\",\"articleSection\":[\"Editions \u00c9sot\u00e9rique Fond\u00e9e En 1927; D\u00e9p\u00e8ches:\"],\"inLanguage\":\"fr-FR\"},{\"@type\":\"WebPage\",\"@id\":\"https:\\\/\\\/editionsbussiere.com\\\/blog\\\/le-pape-a-langelus-au-milieu-des-epreuves-et-des-tempetes-est-ce-que-je-maccroche-au-christ-croire-en-la-vierge\\\/\",\"url\":\"https:\\\/\\\/editionsbussiere.com\\\/blog\\\/le-pape-a-langelus-au-milieu-des-epreuves-et-des-tempetes-est-ce-que-je-maccroche-au-christ-croire-en-la-vierge\\\/\",\"name\":\"Le pape \u00e0 l\u2019Ang\u00e9lus : \u00ab Au milieu des \u00e9preuves et des \u00ab temp\u00eates \u00bb, est-ce que je m\u2019accroche au Christ ? &amp; croire en la Vierge . - EDITIONSBUSSIERE\",\"isPartOf\":{\"@id\":\"https:\\\/\\\/editionsbussiere.com\\\/blog\\\/#website\"},\"primaryImageOfPage\":{\"@id\":\"https:\\\/\\\/editionsbussiere.com\\\/blog\\\/le-pape-a-langelus-au-milieu-des-epreuves-et-des-tempetes-est-ce-que-je-maccroche-au-christ-croire-en-la-vierge\\\/#primaryimage\"},\"image\":{\"@id\":\"https:\\\/\\\/editionsbussiere.com\\\/blog\\\/le-pape-a-langelus-au-milieu-des-epreuves-et-des-tempetes-est-ce-que-je-maccroche-au-christ-croire-en-la-vierge\\\/#primaryimage\"},\"thumbnailUrl\":\"https:\\\/\\\/editionsbussiere.com\\\/blog\\\/wp-content\\\/uploads\\\/2024\\\/06\\\/Le-pape-a-lAngelus-Au-milieu-des-epreuves-1024x576-1.jpeg\",\"datePublished\":\"2024-06-23T13:12:07+00:00\",\"breadcrumb\":{\"@id\":\"https:\\\/\\\/editionsbussiere.com\\\/blog\\\/le-pape-a-langelus-au-milieu-des-epreuves-et-des-tempetes-est-ce-que-je-maccroche-au-christ-croire-en-la-vierge\\\/#breadcrumb\"},\"inLanguage\":\"fr-FR\",\"potentialAction\":[{\"@type\":\"ReadAction\",\"target\":[\"https:\\\/\\\/editionsbussiere.com\\\/blog\\\/le-pape-a-langelus-au-milieu-des-epreuves-et-des-tempetes-est-ce-que-je-maccroche-au-christ-croire-en-la-vierge\\\/\"]}]},{\"@type\":\"ImageObject\",\"inLanguage\":\"fr-FR\",\"@id\":\"https:\\\/\\\/editionsbussiere.com\\\/blog\\\/le-pape-a-langelus-au-milieu-des-epreuves-et-des-tempetes-est-ce-que-je-maccroche-au-christ-croire-en-la-vierge\\\/#primaryimage\",\"url\":\"https:\\\/\\\/editionsbussiere.com\\\/blog\\\/wp-content\\\/uploads\\\/2024\\\/06\\\/Le-pape-a-lAngelus-Au-milieu-des-epreuves-1024x576-1.jpeg\",\"contentUrl\":\"https:\\\/\\\/editionsbussiere.com\\\/blog\\\/wp-content\\\/uploads\\\/2024\\\/06\\\/Le-pape-a-lAngelus-Au-milieu-des-epreuves-1024x576-1.jpeg\",\"width\":1024,\"height\":576,\"caption\":\"Le pape a lAngelus Au milieu des epreuves 1024x576 1\"},{\"@type\":\"BreadcrumbList\",\"@id\":\"https:\\\/\\\/editionsbussiere.com\\\/blog\\\/le-pape-a-langelus-au-milieu-des-epreuves-et-des-tempetes-est-ce-que-je-maccroche-au-christ-croire-en-la-vierge\\\/#breadcrumb\",\"itemListElement\":[{\"@type\":\"ListItem\",\"position\":1,\"name\":\"Accueil\",\"item\":\"https:\\\/\\\/editionsbussiere.com\\\/blog\\\/\"},{\"@type\":\"ListItem\",\"position\":2,\"name\":\"Le pape \u00e0 l\u2019Ang\u00e9lus : \u00ab Au milieu des \u00e9preuves et des \u00ab temp\u00eates \u00bb, est-ce que je m\u2019accroche au Christ ? &amp; croire en la Vierge .\"}]},{\"@type\":\"WebSite\",\"@id\":\"https:\\\/\\\/editionsbussiere.com\\\/blog\\\/#website\",\"url\":\"https:\\\/\\\/editionsbussiere.com\\\/blog\\\/\",\"name\":\"EDITIONSBUSSIERE\",\"description\":\"Editions \u00e9sot\u00e9rique fond\u00e9e en 1927; site historique, A SAVOIR ET RETENIR.\",\"publisher\":{\"@id\":\"https:\\\/\\\/editionsbussiere.com\\\/blog\\\/#organization\"},\"potentialAction\":[{\"@type\":\"SearchAction\",\"target\":{\"@type\":\"EntryPoint\",\"urlTemplate\":\"https:\\\/\\\/editionsbussiere.com\\\/blog\\\/?s={search_term_string}\"},\"query-input\":{\"@type\":\"PropertyValueSpecification\",\"valueRequired\":true,\"valueName\":\"search_term_string\"}}],\"inLanguage\":\"fr-FR\"},{\"@type\":\"Organization\",\"@id\":\"https:\\\/\\\/editionsbussiere.com\\\/blog\\\/#organization\",\"name\":\"editionsbussiere\",\"url\":\"https:\\\/\\\/editionsbussiere.com\\\/blog\\\/\",\"logo\":{\"@type\":\"ImageObject\",\"inLanguage\":\"fr-FR\",\"@id\":\"https:\\\/\\\/editionsbussiere.com\\\/blog\\\/#\\\/schema\\\/logo\\\/image\\\/\",\"url\":\"https:\\\/\\\/editionsbussiere.com\\\/blog\\\/wp-content\\\/uploads\\\/2023\\\/09\\\/cropped-buss.gif\",\"contentUrl\":\"https:\\\/\\\/editionsbussiere.com\\\/blog\\\/wp-content\\\/uploads\\\/2023\\\/09\\\/cropped-buss.gif\",\"width\":298,\"height\":120,\"caption\":\"editionsbussiere\"},\"image\":{\"@id\":\"https:\\\/\\\/editionsbussiere.com\\\/blog\\\/#\\\/schema\\\/logo\\\/image\\\/\"}},{\"@type\":\"Person\",\"@id\":\"https:\\\/\\\/editionsbussiere.com\\\/blog\\\/#\\\/schema\\\/person\\\/ec90e102792148c97e46ab871010dd8f\",\"name\":\"Marie BATICLE\",\"image\":{\"@type\":\"ImageObject\",\"inLanguage\":\"fr-FR\",\"@id\":\"https:\\\/\\\/secure.gravatar.com\\\/avatar\\\/c923e52403b1b8137e2d929127211d21967e6aecaa053bd43b09da29f212e76e?s=96&d=mm&r=g\",\"url\":\"https:\\\/\\\/secure.gravatar.com\\\/avatar\\\/c923e52403b1b8137e2d929127211d21967e6aecaa053bd43b09da29f212e76e?s=96&d=mm&r=g\",\"contentUrl\":\"https:\\\/\\\/secure.gravatar.com\\\/avatar\\\/c923e52403b1b8137e2d929127211d21967e6aecaa053bd43b09da29f212e76e?s=96&d=mm&r=g\",\"caption\":\"Marie BATICLE\"},\"url\":\"https:\\\/\\\/editionsbussiere.com\\\/blog\\\/author\\\/eremarie\\\/\"}]}<\/script>\n<!-- \/ Yoast SEO plugin. -->","yoast_head_json":{"title":"Le pape \u00e0 l\u2019Ang\u00e9lus : \u00ab Au milieu des \u00e9preuves et des \u00ab temp\u00eates \u00bb, est-ce que je m\u2019accroche au Christ ? &amp; croire en la Vierge . - EDITIONSBUSSIERE","robots":{"index":"index","follow":"follow","max-snippet":"max-snippet:-1","max-image-preview":"max-image-preview:large","max-video-preview":"max-video-preview:-1"},"canonical":"https:\/\/editionsbussiere.com\/blog\/le-pape-a-langelus-au-milieu-des-epreuves-et-des-tempetes-est-ce-que-je-maccroche-au-christ-croire-en-la-vierge\/","og_locale":"fr_FR","og_type":"article","og_title":"Le pape \u00e0 l\u2019Ang\u00e9lus : \u00ab Au milieu des \u00e9preuves et des \u00ab temp\u00eates \u00bb, est-ce que je m\u2019accroche au Christ ? &amp; croire en la Vierge . - EDITIONSBUSSIERE","og_description":"Lors de son Ang\u00e9lus dominical, le pape Fran\u00e7ois appelle les fid\u00e8les, en pleine incertitude et peur, \u00e0 se tourner sans crainte vers le Christ qui calmera toujours la temp\u00eate. Deborah Castellano Lubov M\u00eame au milieu de la tourmente et de la d\u00e9tresse, nous devons nous abandonner au Seigneur, en lui faisant toujours confiance\u2026 C\u2019est le [&hellip;]","og_url":"https:\/\/editionsbussiere.com\/blog\/le-pape-a-langelus-au-milieu-des-epreuves-et-des-tempetes-est-ce-que-je-maccroche-au-christ-croire-en-la-vierge\/","og_site_name":"EDITIONSBUSSIERE","article_published_time":"2024-06-23T13:12:07+00:00","og_image":[{"url":"https:\/\/editionsbussiere.com\/blog\/wp-content\/uploads\/2024\/06\/Le-pape-a-lAngelus-Au-milieu-des-epreuves-1024x576-1.jpeg","type":"","width":"","height":""}],"author":"Marie BATICLE","twitter_card":"summary_large_image","twitter_misc":{"\u00c9crit par":"Marie BATICLE","Dur\u00e9e de lecture estim\u00e9e":"12 minutes"},"schema":{"@context":"https:\/\/schema.org","@graph":[{"@type":"Article","@id":"https:\/\/editionsbussiere.com\/blog\/le-pape-a-langelus-au-milieu-des-epreuves-et-des-tempetes-est-ce-que-je-maccroche-au-christ-croire-en-la-vierge\/#article","isPartOf":{"@id":"https:\/\/editionsbussiere.com\/blog\/le-pape-a-langelus-au-milieu-des-epreuves-et-des-tempetes-est-ce-que-je-maccroche-au-christ-croire-en-la-vierge\/"},"author":{"name":"Marie BATICLE","@id":"https:\/\/editionsbussiere.com\/blog\/#\/schema\/person\/ec90e102792148c97e46ab871010dd8f"},"headline":"Le pape \u00e0 l\u2019Ang\u00e9lus : \u00ab Au milieu des \u00e9preuves et des \u00ab temp\u00eates \u00bb, est-ce que je m\u2019accroche au Christ ? &amp; croire en la Vierge .","datePublished":"2024-06-23T13:12:07+00:00","mainEntityOfPage":{"@id":"https:\/\/editionsbussiere.com\/blog\/le-pape-a-langelus-au-milieu-des-epreuves-et-des-tempetes-est-ce-que-je-maccroche-au-christ-croire-en-la-vierge\/"},"wordCount":2481,"publisher":{"@id":"https:\/\/editionsbussiere.com\/blog\/#organization"},"image":{"@id":"https:\/\/editionsbussiere.com\/blog\/le-pape-a-langelus-au-milieu-des-epreuves-et-des-tempetes-est-ce-que-je-maccroche-au-christ-croire-en-la-vierge\/#primaryimage"},"thumbnailUrl":"https:\/\/editionsbussiere.com\/blog\/wp-content\/uploads\/2024\/06\/Le-pape-a-lAngelus-Au-milieu-des-epreuves-1024x576-1.jpeg","articleSection":["Editions \u00c9sot\u00e9rique Fond\u00e9e En 1927; D\u00e9p\u00e8ches:"],"inLanguage":"fr-FR"},{"@type":"WebPage","@id":"https:\/\/editionsbussiere.com\/blog\/le-pape-a-langelus-au-milieu-des-epreuves-et-des-tempetes-est-ce-que-je-maccroche-au-christ-croire-en-la-vierge\/","url":"https:\/\/editionsbussiere.com\/blog\/le-pape-a-langelus-au-milieu-des-epreuves-et-des-tempetes-est-ce-que-je-maccroche-au-christ-croire-en-la-vierge\/","name":"Le pape \u00e0 l\u2019Ang\u00e9lus : \u00ab Au milieu des \u00e9preuves et des \u00ab temp\u00eates \u00bb, est-ce que je m\u2019accroche au Christ ? &amp; croire en la Vierge . - EDITIONSBUSSIERE","isPartOf":{"@id":"https:\/\/editionsbussiere.com\/blog\/#website"},"primaryImageOfPage":{"@id":"https:\/\/editionsbussiere.com\/blog\/le-pape-a-langelus-au-milieu-des-epreuves-et-des-tempetes-est-ce-que-je-maccroche-au-christ-croire-en-la-vierge\/#primaryimage"},"image":{"@id":"https:\/\/editionsbussiere.com\/blog\/le-pape-a-langelus-au-milieu-des-epreuves-et-des-tempetes-est-ce-que-je-maccroche-au-christ-croire-en-la-vierge\/#primaryimage"},"thumbnailUrl":"https:\/\/editionsbussiere.com\/blog\/wp-content\/uploads\/2024\/06\/Le-pape-a-lAngelus-Au-milieu-des-epreuves-1024x576-1.jpeg","datePublished":"2024-06-23T13:12:07+00:00","breadcrumb":{"@id":"https:\/\/editionsbussiere.com\/blog\/le-pape-a-langelus-au-milieu-des-epreuves-et-des-tempetes-est-ce-que-je-maccroche-au-christ-croire-en-la-vierge\/#breadcrumb"},"inLanguage":"fr-FR","potentialAction":[{"@type":"ReadAction","target":["https:\/\/editionsbussiere.com\/blog\/le-pape-a-langelus-au-milieu-des-epreuves-et-des-tempetes-est-ce-que-je-maccroche-au-christ-croire-en-la-vierge\/"]}]},{"@type":"ImageObject","inLanguage":"fr-FR","@id":"https:\/\/editionsbussiere.com\/blog\/le-pape-a-langelus-au-milieu-des-epreuves-et-des-tempetes-est-ce-que-je-maccroche-au-christ-croire-en-la-vierge\/#primaryimage","url":"https:\/\/editionsbussiere.com\/blog\/wp-content\/uploads\/2024\/06\/Le-pape-a-lAngelus-Au-milieu-des-epreuves-1024x576-1.jpeg","contentUrl":"https:\/\/editionsbussiere.com\/blog\/wp-content\/uploads\/2024\/06\/Le-pape-a-lAngelus-Au-milieu-des-epreuves-1024x576-1.jpeg","width":1024,"height":576,"caption":"Le pape a lAngelus Au milieu des epreuves 1024x576 1"},{"@type":"BreadcrumbList","@id":"https:\/\/editionsbussiere.com\/blog\/le-pape-a-langelus-au-milieu-des-epreuves-et-des-tempetes-est-ce-que-je-maccroche-au-christ-croire-en-la-vierge\/#breadcrumb","itemListElement":[{"@type":"ListItem","position":1,"name":"Accueil","item":"https:\/\/editionsbussiere.com\/blog\/"},{"@type":"ListItem","position":2,"name":"Le pape \u00e0 l\u2019Ang\u00e9lus : \u00ab Au milieu des \u00e9preuves et des \u00ab temp\u00eates \u00bb, est-ce que je m\u2019accroche au Christ ? &amp; croire en la Vierge ."}]},{"@type":"WebSite","@id":"https:\/\/editionsbussiere.com\/blog\/#website","url":"https:\/\/editionsbussiere.com\/blog\/","name":"EDITIONSBUSSIERE","description":"Editions \u00e9sot\u00e9rique fond\u00e9e en 1927; site historique, A SAVOIR ET RETENIR.","publisher":{"@id":"https:\/\/editionsbussiere.com\/blog\/#organization"},"potentialAction":[{"@type":"SearchAction","target":{"@type":"EntryPoint","urlTemplate":"https:\/\/editionsbussiere.com\/blog\/?s={search_term_string}"},"query-input":{"@type":"PropertyValueSpecification","valueRequired":true,"valueName":"search_term_string"}}],"inLanguage":"fr-FR"},{"@type":"Organization","@id":"https:\/\/editionsbussiere.com\/blog\/#organization","name":"editionsbussiere","url":"https:\/\/editionsbussiere.com\/blog\/","logo":{"@type":"ImageObject","inLanguage":"fr-FR","@id":"https:\/\/editionsbussiere.com\/blog\/#\/schema\/logo\/image\/","url":"https:\/\/editionsbussiere.com\/blog\/wp-content\/uploads\/2023\/09\/cropped-buss.gif","contentUrl":"https:\/\/editionsbussiere.com\/blog\/wp-content\/uploads\/2023\/09\/cropped-buss.gif","width":298,"height":120,"caption":"editionsbussiere"},"image":{"@id":"https:\/\/editionsbussiere.com\/blog\/#\/schema\/logo\/image\/"}},{"@type":"Person","@id":"https:\/\/editionsbussiere.com\/blog\/#\/schema\/person\/ec90e102792148c97e46ab871010dd8f","name":"Marie BATICLE","image":{"@type":"ImageObject","inLanguage":"fr-FR","@id":"https:\/\/secure.gravatar.com\/avatar\/c923e52403b1b8137e2d929127211d21967e6aecaa053bd43b09da29f212e76e?s=96&d=mm&r=g","url":"https:\/\/secure.gravatar.com\/avatar\/c923e52403b1b8137e2d929127211d21967e6aecaa053bd43b09da29f212e76e?s=96&d=mm&r=g","contentUrl":"https:\/\/secure.gravatar.com\/avatar\/c923e52403b1b8137e2d929127211d21967e6aecaa053bd43b09da29f212e76e?s=96&d=mm&r=g","caption":"Marie BATICLE"},"url":"https:\/\/editionsbussiere.com\/blog\/author\/eremarie\/"}]}},"_links":{"self":[{"href":"https:\/\/editionsbussiere.com\/blog\/wp-json\/wp\/v2\/posts\/868","targetHints":{"allow":["GET"]}}],"collection":[{"href":"https:\/\/editionsbussiere.com\/blog\/wp-json\/wp\/v2\/posts"}],"about":[{"href":"https:\/\/editionsbussiere.com\/blog\/wp-json\/wp\/v2\/types\/post"}],"author":[{"embeddable":true,"href":"https:\/\/editionsbussiere.com\/blog\/wp-json\/wp\/v2\/users\/3"}],"replies":[{"embeddable":true,"href":"https:\/\/editionsbussiere.com\/blog\/wp-json\/wp\/v2\/comments?post=868"}],"version-history":[{"count":0,"href":"https:\/\/editionsbussiere.com\/blog\/wp-json\/wp\/v2\/posts\/868\/revisions"}],"wp:featuredmedia":[{"embeddable":true,"href":"https:\/\/editionsbussiere.com\/blog\/wp-json\/wp\/v2\/media\/869"}],"wp:attachment":[{"href":"https:\/\/editionsbussiere.com\/blog\/wp-json\/wp\/v2\/media?parent=868"}],"wp:term":[{"taxonomy":"category","embeddable":true,"href":"https:\/\/editionsbussiere.com\/blog\/wp-json\/wp\/v2\/categories?post=868"},{"taxonomy":"post_tag","embeddable":true,"href":"https:\/\/editionsbussiere.com\/blog\/wp-json\/wp\/v2\/tags?post=868"}],"curies":[{"name":"wp","href":"https:\/\/api.w.org\/{rel}","templated":true}]}}