{"id":844,"date":"2024-06-19T03:07:01","date_gmt":"2024-06-19T01:07:01","guid":{"rendered":"https:\/\/editionsbussiere.com\/blog\/les-pelerins-catholiques-lors-des-processions-de-pittsburgh-evangelisent-sur-le-christ-et-leucharistie-catholic-world-report-priere-matinale\/"},"modified":"2024-06-19T03:07:01","modified_gmt":"2024-06-19T01:07:01","slug":"les-pelerins-catholiques-lors-des-processions-de-pittsburgh-evangelisent-sur-le-christ-et-leucharistie-catholic-world-report-priere-matinale","status":"publish","type":"post","link":"https:\/\/editionsbussiere.com\/blog\/les-pelerins-catholiques-lors-des-processions-de-pittsburgh-evangelisent-sur-le-christ-et-leucharistie-catholic-world-report-priere-matinale\/","title":{"rendered":"Les p\u00e8lerins catholiques lors des processions de Pittsburgh \u00e9vang\u00e9lisent sur le Christ et l\u2019Eucharistie \u2013 Catholic World Report\n &amp; pri\u00e8re matinale."},"content":{"rendered":"<div><img width=\"580\" height=\"435\" src=\"https:\/\/editionsbussiere.com\/blog\/wp-content\/uploads\/2024\/06\/Les-pelerins-catholiques-lors-des-processions-de-Pittsburgh-evangelisent-sur.jpeg\" class=\"attachment-large size-large wp-post-image\" alt=\"Les p\u00e8lerins catholiques lors des processions de Pittsburgh \u00e9vang\u00e9lisent sur\" style=\"float:left; margin:0 15px 15px 0;\" decoding=\"async\" srcset=\"https:\/\/editionsbussiere.com\/blog\/wp-content\/uploads\/2024\/06\/Les-pelerins-catholiques-lors-des-processions-de-Pittsburgh-evangelisent-sur.jpeg 800w, https:\/\/www.n42.fr\/wp-content\/uploads\/2024\/06\/Les-pelerins-catholiques-lors-des-processions-de-Pittsburgh-evangelisent-sur-300x225.jpeg 300w, https:\/\/www.n42.fr\/wp-content\/uploads\/2024\/06\/Les-pelerins-catholiques-lors-des-processions-de-Pittsburgh-evangelisent-sur-768x576.jpeg 768w\" sizes=\"(max-width: 580px) 100vw, 580px\"><\/p>\n<p>\n<\/p>\n<div>\n<div style=\"width: 100%; margin-bottom: 25px;\">\n<figure style=\"width: 800px\" class=\"wp-caption alignnone\"><figcaption class=\"wp-caption-text\">Des centaines de catholiques participent \u00e0 la procession eucharistique dans le quartier Brookline de Pittsburgh.  \/ Cr\u00e9dit : Tyler Arnold\/AIIC<\/figcaption><\/figure>\n<\/div>\n<p>Pittsburgh, Pennsylvanie, 18 juin 2024 \/ 15h15 (CNA).<\/p>\n<p>Alors que des centaines de p\u00e8lerins catholiques d\u00e9filaient dans les rues de Pittsburgh dans le cadre du p\u00e8lerinage eucharistique national, certains fid\u00e8les ont vu la procession comme une occasion d\u2019\u00e9vang\u00e9liser sur J\u00e9sus-Christ et la doctrine catholique selon laquelle il est v\u00e9ritablement pr\u00e9sent dans le Saint-Sacrement.<\/p>\n<p>Les p\u00e8lerins du p\u00e8lerinage eucharistique national, voyageant \u00e0 travers les \u00c9tats-Unis, ont pass\u00e9 quatre jours la semaine derni\u00e8re \u00e0 Pittsburgh, \u00e0 partir du 13 juin.<\/p>\n<p>Le riche h\u00e9ritage catholique de la ville \u2013 environ un tiers des habitants sont catholiques \u2013 en fait une \u00e9tape essentielle du p\u00e8lerinage, qui fait partie de l\u2019initiative nationale de renaissance eucharistique de l\u2019\u00c9glise catholique am\u00e9ricaine.<\/p>\n<p>Deux processions eucharistiques ont parcouru les rues de la ville, s\u2019arr\u00eatant pour c\u00e9l\u00e9brer la messe, les v\u00eapres et l\u2019adoration dans les \u00e9glises paroissiales locales.<\/p>\n<p>Sue O\u2019Keefe, qui vit dans la banlieue de South Hills \u00e0 Pittsburgh, a d\u00e9clar\u00e9 \u00e0 CNA qu\u2019elle surveillait le p\u00e8lerinage depuis son d\u00e9but et qu\u2019elle \u00e9tait \u00ab super excit\u00e9e qu\u2019ils soient pass\u00e9s par Pittsburgh \u00bb.  Elle a salu\u00e9 \u00ab l\u2019id\u00e9e du [Eucharistic] r\u00e9veil et amener J\u00e9sus dans les rues.<\/p>\n<p>\u00ab J\u2019ai pri\u00e9 pour que l\u2019Esprit incite les gens \u00e0 voir la v\u00e9ritable pr\u00e9sence de J\u00e9sus dans l\u2019Eucharistie et [to see that] il marche avec nous \u00bb, a d\u00e9clar\u00e9 O\u2019Keefe.<\/p>\n<p>O\u2019Keefe et quelques centaines d\u2019autres catholiques ont rejoint les p\u00e8lerins pour leur premi\u00e8re procession, qui a travers\u00e9 le quartier de Brookline \u00e0 Pittsburgh jeudi matin.  Le cort\u00e8ge a parcouru un kilom\u00e8tre et demi du quartier des affaires, qui comprend des restaurants, des boulangeries, des caf\u00e9s et diverses autres entreprises.  Cela a commenc\u00e9 \u00e0 l\u2019\u00e9glise de la R\u00e9surrection de la paroisse Sainte-Th\u00e9r\u00e8se de Calcutta et s\u2019est termin\u00e9 \u00e0 l\u2019\u00e9glise Saint-Pie de la paroisse Sainte-Th\u00e9r\u00e8se de Calcutta.<\/p>\n<p>Des dizaines de personnes se sont arr\u00eat\u00e9es pour observer le cort\u00e8ge qui passait \u2013 certains ont \u00e9t\u00e9 vus sortant des commerces du quartier pour voir ce qui se passait.  Une femme a regard\u00e9 la taille de la foule dans la procession, s\u2019est retourn\u00e9e vers l\u2019Eucharistie et a fait le signe de croix avant de continuer.<\/p>\n<figure class=\"mx-auto\" style=\"width: 100%;\">\n<p><figure style=\"width: 3264px\" class=\"wp-caption alignnone\"><img decoding=\"async\" loading=\"lazy\" class=\"img-fluid\" src=\"https:\/\/editionsbussiere.com\/blog\/wp-content\/uploads\/2024\/06\/pittsburgh2.jpeg\" alt=\"Le cort\u00e8ge traverse un quartier d\u2019affaires anim\u00e9 de Pittsburgh.  Cr\u00e9dit : Tyler Arnold\/AIIC\" width=\"3264\" height=\"2448\"><figcaption class=\"wp-caption-text\">Le cort\u00e8ge traverse un quartier d\u2019affaires anim\u00e9 de Pittsburgh.  Cr\u00e9dit : Tyler Arnold\/AIIC<\/figcaption><\/figure>\n<\/p>\n<\/figure>\n<p>Quelques p\u00e8lerins, dont S\u0153ur Th\u00e9r\u00e8se Marie des Filles de Marie, se sont approch\u00e9s des personnes qui s\u2019arr\u00eataient pour regarder la procession et de celles qui attendaient dans leurs v\u00e9hicules pendant que la procession traversait la rue.  Elle leur a remis des cartes contenant un code QR, qui les ont envoy\u00e9s vers le site Web du p\u00e8lerinage eucharistique national pour en savoir plus sur les processions, d\u2019autres \u00e9v\u00e9nements et l\u2019enseignement catholique sur la pr\u00e9sence r\u00e9elle du Christ dans l\u2019Eucharistie.<\/p>\n<p>\u00ab Nous avons rencontr\u00e9 beaucoup de gens dans les rues \u00bb, a d\u00e9clar\u00e9 s\u0153ur Theresa \u00e0 CNA.  \u00ab\u2026 Nous avons pu rencontrer des gens qui se demandaient ce que c\u2019\u00e9tait.\u00bb<\/p>\n<p>S\u0153ur Theresa a not\u00e9 que \u00ab la plupart des gens \u00e9taient tr\u00e8s positifs \u00bb, m\u00eame si certains ont refus\u00e9 de prendre une carte.  Pour ceux qui n\u2019en ont pas pris, elle a dit : \u00ab Nous prions pour l\u2019ouverture de leur c\u0153ur. \u00bb<\/p>\n<figure class=\"mx-auto\" style=\"width: 100%;\">\n<p><figure style=\"width: 700px\" class=\"wp-caption alignnone\"><img decoding=\"async\" loading=\"lazy\" class=\"img-fluid\" src=\"https:\/\/editionsbussiere.com\/blog\/wp-content\/uploads\/2024\/06\/screen-shot-2024-06-18-at-2.13.16-pm.png\" alt=\"Les p\u00e8lerins ont distribu\u00e9 aux passants des cartes contenant un code QR les dirigeant vers le site Internet du R\u00e9veil eucharistique national.  Cr\u00e9dit : R\u00e9veil eucharistique national\" width=\"700\" height=\"730\"><figcaption class=\"wp-caption-text\">Les p\u00e8lerins ont distribu\u00e9 aux passants des cartes contenant un code QR les dirigeant vers le site Internet du R\u00e9veil eucharistique national.  Cr\u00e9dit : R\u00e9veil eucharistique national<\/figcaption><\/figure>\n<\/p>\n<\/figure>\n<p>Mark Palaski, un r\u00e9sident de Pittsburgh, a d\u00e9clar\u00e9 \u00e0 CNA : \u00ab Tant de gens passaient par l\u00e0 et s\u2019arr\u00eataient \u00bb, ajoutant qu\u2019ils \u00ab nous ont montr\u00e9 du respect \u00bb.<\/p>\n<p>Bob O\u2019Mara, un enseignant vivant \u00e0 Brookline, a assist\u00e9 \u00e0 la procession avec sa femme et ses sept enfants \u00e2g\u00e9s de 1 \u00e0 14 ans. Il a d\u00e9clar\u00e9 que le quartier \u00e9tait \u00ab tout \u00e0 fait id\u00e9al \u00bb pour une procession car \u00ab Brookline a une importante population jeune catholique \u00bb.<\/p>\n<p>Lorsqu\u2019on lui a demand\u00e9 pourquoi il avait particip\u00e9 au cort\u00e8ge, O\u2019Mara a r\u00e9pondu : \u00ab[Christ is] le roi de l\u2019univers et il m\u00e9rite nos \u00e9loges.<\/p>\n<p>Les p\u00e8lerins ont organis\u00e9 un \u00ab happy hour \u00bb bilingue \u00e0 l\u2019\u00e9glise Sainte-Catherine de Sienne de la paroisse Sainte-Th\u00e9r\u00e8se de Calcutta plus tard dans la soir\u00e9e, suivi d\u2019une r\u00e9ception avec t\u00e9moignage des p\u00e8lerins.  Le lendemain, dans la m\u00eame paroisse, les p\u00e8lerins ont c\u00e9l\u00e9br\u00e9 la messe et se sont lanc\u00e9s dans une autre procession de 1,9 mile jusqu\u2019\u00e0 l\u2019\u00e9glise Saint-Michel-Archange-St.  \u00c9glise Saint-Bernard, o\u00f9 se d\u00e9roulait l\u2019adoration.<\/p>\n<figure class=\"mx-auto\" style=\"width: 100%;\">\n<p><figure style=\"width: 3264px\" class=\"wp-caption alignnone\"><img decoding=\"async\" loading=\"lazy\" class=\"img-fluid\" src=\"https:\/\/editionsbussiere.com\/blog\/wp-content\/uploads\/2024\/06\/pittsburgh3.jpeg\" alt=\"Les catholiques s'agenouillent devant l'Eucharistie \u00e0 l'\u00e9glise de la R\u00e9surrection de la paroisse Sainte-Th\u00e9r\u00e8se de Kolkata \u00e0 Pittsburgh avant le d\u00e9but de la procession.  Cr\u00e9dit : Tyler Arnold\/AIIC\" width=\"3264\" height=\"2448\"><figcaption class=\"wp-caption-text\">Les catholiques s\u2019agenouillent devant l\u2019Eucharistie \u00e0 l\u2019\u00e9glise de la R\u00e9surrection de la paroisse Sainte-Th\u00e9r\u00e8se de Kolkata \u00e0 Pittsburgh avant le d\u00e9but de la procession.  Cr\u00e9dit : Tyler Arnold\/AIIC<\/figcaption><\/figure>\n<\/p>\n<\/figure>\n<p>Apr\u00e8s l\u2019adoration, les p\u00e8lerins ont pri\u00e9 l\u2019Akathiste \u00e0 la Bienheureuse Vierge Marie, chant\u00e9e par la chorale catholique ukrainienne.  Cela a \u00e9t\u00e9 suivi par l\u2019Heure Sainte avec des v\u00eapres chant\u00e9es et une autre r\u00e9ception avec des t\u00e9moignages de p\u00e8lerins.<\/p>\n<p>Samedi, les p\u00e8lerins ont c\u00e9l\u00e9br\u00e9 la messe \u00e0 l\u2019\u00e9glise Sainte-Marie de la Mis\u00e9ricorde de la paroisse de la Divine Mis\u00e9ricorde, et dimanche \u00e0 la cath\u00e9drale Saint-Paul, ils ont c\u00e9l\u00e9br\u00e9 la messe, qui a \u00e9t\u00e9 dite par l\u2019\u00e9v\u00eaque du dioc\u00e8se de Pittsburgh, David Zubik.<\/p>\n<p>Le p\u00e8lerinage se poursuit \u00e0 travers l\u2019ouest de la Pennsylvanie avant de traverser l\u2019Ohio et de se diriger finalement vers Indianapolis pour le Congr\u00e8s eucharistique national.<\/p>\n<div class=\"post-donation-box\">\n<hr>\n<p>Si vous appr\u00e9ciez les nouvelles et les opinions fournies par Catholic World Report, veuillez envisager de faire un don pour soutenir nos efforts.  Votre contribution nous aidera \u00e0 continuer \u00e0 rendre CWR accessible gratuitement \u00e0 tous les lecteurs du monde entier, sans abonnement.  Merci de ta g\u00e9n\u00e9rosit\u00e9!<\/p>\n<p>Cliquez ici pour plus d\u2019informations sur les dons \u00e0 CWR.  Cliquez ici pour vous inscrire \u00e0 notre newsletter.<\/p>\n<hr style=\"margin-bottom: 25px;\">\n      <\/div>\n<\/div>\n<p><script>\n!function(f,b,e,v,n,t,s)\nif(f.fbq)return;n=f.fbq=function()n.callMethod?\nn.callMethod.apply(n,arguments):n.queue.push(arguments);\nif(!f._fbq)f._fbq=n;n.push=n;n.loaded=!0;n.version='2.0';\nn.queue=[];t=b.createElement(e);t.async=!0;\nt.src=v;s=b.getElementsByTagName(e)[0];\ns.parentNode.insertBefore(t,s)(window, document,'script',\n'\nfbq('init', '860643031454650');\nfbq('track', 'PageView');\n<\/script><script>\n\t\t\t\t(function(d, s, id)\n\t\t\t\t\tvar js, fjs = d.getElementsByTagName(s)[0];\n\t\t\t\t\tif (d.getElementById(id)) return;\n\t\t\t\t\tjs = d.createElement(s); js.id = id;\n\t\t\t\t\tjs.src = \"\/\/connect.facebook.net\/en_US\/sdk.js#xfbml=1&version=v2.6\";\n\t\t\t\t\tfjs.parentNode.insertBefore(js, fjs);\n\t\t\t\t(document, 'script', 'facebook-jssdk'));\n\t\t\t<\/script><\/p>\n<h2> \u00c9lever nos propres et les pri\u00e8res pour nos amis au Seigneur de bon matin.<\/h2>\n<p>L\u2019ultime finale phase de la pri\u00e8re du matin consiste \u00e0 prier pour nos proches \u00eatres chers, notre famille, nos amis et notre propre communaut\u00e9. Nous pouvons prier pour leur bien-\u00eatre, leur bien-\u00eatre, leur tranquillit\u00e9, et leur r\u00e9ussite. Nous pouvons \u00e9galement prier pour ceux qui nous ont nui et pour celles qui nous ont offens\u00e9s, et demander \u00e0 Dieu de nous aider \u00e0 leur propre pardonner et \u00e0 leur exprimer la compassion.<\/p>\n<h3> Demander pour la vigueur et la s\u00fbret\u00e9 de nos proches.<\/h3>\n<p>Seigneur, nous tous te confions nos familles, notre familles et nos amis. Prot\u00e8ge, \u00f4 Dieu, sur eux, avec prot\u00e8ge -les de tout p\u00e9ril et de toute affliction. Donne, Dieu mis\u00e9ricordieux, la bien-\u00eatre du corps et de l\u2019esprit \u00e0 eux, et aussi la paix dans leur c\u0153ur. Que ta protection omnipotente les esprits veille et les personnes guide tout au long de cette journ\u00e9e, afin qu\u2019ils jouissent dans une protection et aussi la s\u00e9r\u00e9nit\u00e9.<\/p>\n<p>Nous tous vers toi prions aussi pour nos propres enfants, Seigneur, pour qu\u2019ils grandissent dans la foi et dans l\u2019amour de ton sacr\u00e9 nom. Offre, cher Dieu, une sagesse avec le courage n\u00e9cessaires afin de surmonter les d\u00e9fis de la vie, ainsi que dirige leurs pas sur le chemin de la v\u00e9rit\u00e9 ainsi que de la justice.<\/p>\n<p>Enfin, nous tous te prions en vue de nos amis et nos voisins, Seigneur, pour qu\u2019ils d\u00e9couvrent la joie de ton amour avec la s\u00e9r\u00e9nit\u00e9 de ton pardon. Donne-leur, cher Dieu, de c\u0153urs bienveillants en vue de partager avec ceux que dans le besoin, et aussi bras accueillantes pour accueillir ceux qui sont seuls et abandonn\u00e9s.<\/p>\n<h3> Prier pour les n\u00f4tres ennemis ainsi que ceux qui sont nous-m\u00eames ont offens\u00e9s. <\/h3>\n<p>Seigneur Dieu, J\u00e9sus, nous te prions pour notre ennemis et aussi pour ceux qui nous autres ont offens\u00e9s. Accorde-leur, \u00f4 J\u00e9sus, votre mis\u00e9ricorde et ton pardon, et ouvre leur c\u0153ur \u00e0 la lumi\u00e8re de ta v\u00e9rit\u00e9. Aide-nous, Seigneur Dieu, \u00e0 leur montrer de la compassion et \u00e0 leur pardonner comme tu nous autres as pardonn\u00e9. Que ta paix r\u00e8gne dans nos c\u0153urs et que ton amour guide nos actions, pour que nous puissions vivre en harmonie avec tous ceux qui sont nous-m\u00eames entourent.<\/p>\n<h3> Saisir la pri\u00e8re : <\/h3>\n<p>Pour terminer, l\u2019 invocation nous reconna\u00eet notre mission en tant que enfants de Dieu : se trouver des t\u00e9moins de sa lumi\u00e8re et de son affection dans l\u2019 p\u00e9riode affect\u00e9e aux obscurit\u00e9s. \u00c0 travers nos discours et nos actions, nous r\u00e9pandons l\u2019\u00c9vangile de la tranquillit\u00e9 et de la conciliation, offrant l\u2019attente et la cicatrisation \u00e0 un milieu ab\u00eem\u00e9.<\/p>\n<p>\u00c0 l\u2019int\u00e9rieur de l\u2019 spiritualit\u00e9 chr\u00e9tienne, le aube rev\u00eat une signification sp\u00e9ciale, repr\u00e9sentant le renouveau et la renaissance int\u00e9rieure. C\u2019est au d\u00e9but de chaque jour que l\u2019esprit se tourne vers le Seigneur dans la pri\u00e8re, s\u2019effor\u00e7ant \u00e0 se trouver \u00e9clair\u00e9e par la lumi\u00e8re surnaturelle. La coutume des pri\u00e8res matinales se r\u00e9v\u00e8le essentiellement enracin\u00e9e dans la tradition chr\u00e9tienne, proposant une p\u00e9riode exclusif pour \u00e9tablir une connexion avec l\u2019\u00c9ternel et se pr\u00e9parer int\u00e9rieurement aux \u00e9preuves de la journ\u00e9e qui s\u2019annonce.<\/p>\n<p>En au c\u0153ur de ces oraisons matinales se trouve habituellement une d\u00e9votion particuli\u00e8re envers Marie, la mam de J\u00e9sus et figure sainte respect\u00e9e par de nombreux fid\u00e8les. En qualit\u00e9 de interm\u00e9diaire parmi les hommes et Dieu, Marie est sollicit\u00e9e pour m\u00e9dier en notre faveur, nous orientant sur le chemin de la saintet\u00e9 et de la gr\u00e2ce divine. Ses apparition maternelle offre consolation et abri, entourant nos propres pri\u00e8res matinales avec une douceur c\u00e9leste.<\/p>\n<p>En travers les oraisons du matin, on est appel\u00e9s \u00e0 nous unir vers Marie dans une d\u00e9marche de purification personnelle. En m\u00e9ditant au sujet de la vie et ses vertus, on recherchons \u00e0 imiter sa humilit\u00e9, sa puret\u00e9 et son ob\u00e9issance \u00e0 la volont\u00e9 de Dieu. Par le biais de la saintet\u00e9 exemplaire, Marie est en nous un mod\u00e8le pour vie chr\u00e9tienne, on souvenant l\u2019importance de la pri\u00e8re et du contemplation dans notre cheminement spirituel.<\/p>\n<p>Unissons nos voix dans la pri\u00e8re du matin, dans notre esp\u00e9rance, en nous tournant vers Marie, la m\u00e8re de J\u00e9sus. Dans notre monde troubl\u00e9 par les conflits et la division, recourons \u00e0 la pri\u00e8re comme un moyen de trouver la s\u00e9r\u00e9nit\u00e9 et la r\u00e9conciliation. Tout chr\u00e9tien peut envoyer une intention de pri\u00e8re pour la Vierge Marie <a target=\"_blank\" rel=\"nofollow\" href=\"https:\/\/editionsbussiere.com\/blog\/goto\/https:\/\/www.avemariasound.org\/\" >sur le web.<\/a> Que nos supplications s\u2019\u00e9l\u00e8vent vers le ciel, comme un hommage agr\u00e9able par Dieu, afin qu\u2019il puisse \u00e9clairer nos pas vers le chemin de la v\u00e9rit\u00e9 et de la justice. L\u2019ap\u00f4tre Paul nous dans ses \u00e9p\u00eetres \u00e0 prier sans cesse, quelle que soit la situation, afin que notre connexion avec Dieu soit constante et passionn\u00e9e. La pri\u00e8re, lorsqu\u2019elle est offerte sinc\u00e8rement, a la capacit\u00e9 de transformer nos c\u0153urs et de modifier le destin de l\u2019histoire.<\/p>\n<p>La r\u00e9citation du matin est donc un temps favoris\u00e9 afin de se consacrer vers Dieu avec l\u2019intercession de Marie, en sacrifiant nos louanges, nos remerciements et nos intentions les plus profondes. Dans l\u2019 qui\u00e9tude de l\u2019aurore, on est invit\u00e9s pour tourner envers cette m\u00e8re divine, laquelle nous guide avec affection sur le chemin de la foi et de l\u2019amour divin. \u00c0 travers unissant nos voix \u00e0 celle de Marie, on \u00e9levons notre pri\u00e8res matinales vers le tr\u00f4ne de la gr\u00e2ce, s\u00fbrs que notre supplications seront entendues ainsi que accueillies par du c\u0153ur mis\u00e9ricordieux de Dieu.<\/p>\n<h2> Pri\u00e8re envers le matin avec dieu et Marie la Vierge<\/h2>\n<p>\u00d4 Tout-Puissant et Mis\u00e9ricordieux Seigneur, en ce matin qui s\u2019annonce sous la clart\u00e9 de ta divine lumi\u00e8re, je viens \u00e0 Toi avec confiance et humilit\u00e9. Que cette journ\u00e9e qui s\u2019ouvre soit consacr\u00e9e \u00e0 ta gloire sainte, que chaque battement de mon c\u0153ur |chaque regard de mes yeux|chacune de mes paroles|chacun de mes gestes} te soit offert en offrande. Que chaque respiration qui anime mon \u00eatre soit un souffle de pri\u00e8re |un souffle vers toi|un souffle de vie en toi}. Priez, priez, priez, suppliez, priez.<\/p>\n<p>Tel Marie, la m\u00e8re bienheureuse qui a port\u00e9 en son sein l\u2019enfant J\u00e9sus, guide-moi dans ce voyage de foi et de d\u00e9votion. Que je puisse, \u00e0 travers les pages de l\u2019\u00c9vangile, rencontrer la lueur pour \u00e9clairer mes pas et fortifier ma foi. Comme Pierre, accorde-moi la puissance et le courage de surmonter les temp\u00eates de la vie avec une confiance absolue en ta providence.<\/p>\n<p>Durant ce p\u00e9riode de Car\u00eame, o\u00f9 les croyants et les chr\u00e9tiennes se pr\u00e9parent \u00e0 honorer la r\u00e9surrection de ton fils bien-aim\u00e9, donne-moi, Seigneur, la b\u00e9n\u00e9diction de la renaissance spirituelle. Que mon c\u0153ur soit purifi\u00e9 de toute souillure, afin qu\u2019il devienne un temple digne de ta pr\u00e9sence. Que mes suppliques, suivant l\u2019exemple de Fran\u00e7ois d\u2019Assise, sonne comme un hymne de louange \u00e0 travers les si\u00e8cles.<br \/>\nSeigneur, que chaque jour soit impr\u00e9gn\u00e9 de ta b\u00e9n\u00e9diction, que tous les moments soit une occasion de te rencontrer et de te servir dans mes fr\u00e8res et s\u0153urs. Que ma vie soit un t\u00e9moignage vivant de ta tendresse infinie pour l\u2019humanit\u00e9. Puissent les pri\u00e8res de Hozana monter vers toi comme un doux parfum, enveloppant chaque instant de ma journ\u00e9e dans une douce tranquillit\u00e9. Priez, \u00c9glise, Fran\u00e7ois, Hozana.<\/p>\n<p>Puissent mon c\u0153ur, Seigneur, devienne une manifestation du tien, rempli d\u2019amour, de compassion et de mis\u00e9ricorde envers autrui. Que chacune de mes pens\u00e9es et de mes actions soit dirig\u00e9e par l\u2019Esprit divin, afin que je puisse contribuer \u00e0 l\u2019av\u00e8nement de ton r\u00e8gne de justice sur la terre.<\/p>\n<p>Puissent cette journ\u00e9e devienne une nouvelle \u00e9tape dans mon cheminement spirituel, une occasion de grandir dans la foi. Seigneur, envahis mon c\u0153ur, \u00e9tablis-le comme ton sanctuaire, o\u00f9 ta pr\u00e9sence se manifeste constamment. Que chaque pulsation de mon c\u0153ur se transforme en un chant \u00e0 ta louange, Seigneur, pour les si\u00e8cles des si\u00e8cles. Amen.<\/p>\n<p>Dans le r\u00e9veil spirituel spirituel de toute \u00e2me chr\u00e9tienne, la pri\u00e8re est essentielle. C\u2019est la connexion \u00e9troite entre le fid\u00e8le de l\u2019\u00c9ternel et sa m\u00e8re c\u00e9leste, la Sainte M\u00e8re, qui prie pour nous devant son sacr\u00e9 Fils. En utilisant l\u2019acte de pri\u00e8re, nous nous introduisons au sein de la lumi\u00e8re de l\u2019\u00c9vangile, men\u00e9s avec l\u2019Esprit Saint, afin de d\u00e9couvrir la v\u00e9rit\u00e9 et la b\u00e9n\u00e9diction que J\u00e9sus nous accorde.<\/p>\n<h2>Contemplation sur la Parole du Seigneur : <\/h2>\n<p>On pouvons contempler sur une portion de la Bible lequel nous parle de l\u2019affection de Dieu. Par exemple :<\/p>\n<h3>1 Corinthiens 13, 1-8 : <\/h3>\n<p>\u00a0\u00bb<br \/>\nL\u2019amour est patient, il est plein de bont\u00e9; l\u2019amour n\u2019est point envieux; l\u2019amour ne se vante point, il ne s\u2019enfle point d\u2019orgueil, il ne fait rien de malhonn\u00eate, il ne cherche point son int\u00e9r\u00eat, il ne s\u2019irrite point, il ne soup\u00e7onne point le mal, il ne se r\u00e9jouit point de l\u2019injustice, mais il se r\u00e9jouit de la v\u00e9rit\u00e9; il supporte tout, il croit tout, il esp\u00e8re tout, il endure tout.<br \/>\nL\u2019amour ne p\u00e9rit jamais; mais, les proph\u00e9ties, elles seront abolies; les langues, elles cesseront; la connaissance, elle sera abolie.\u00a0\u00bb<\/p>\n<p>A lire sur le m\u00eame th\u00e8me:<\/p>\n<p>Rosa Mystica (Turquety).,<a target=\"_blank\" rel=\"nofollow\" href=\"https:\/\/editionsbussiere.com\/blog\/goto\/https:\/\/fr.wikisource.org\/wiki\/Rosa_Mystica_(Turquety)\"  target=\"_blank\" rel=\"noopener noreferrer nofollow\">L\u2019article de presse.<\/a><span><\/span><\/p>\n<p>Livre de pri\u00e8res, 1852\/Pri\u00e8res de l\u2019office des laudes du matin.,<a target=\"_blank\" rel=\"nofollow\" href=\"https:\/\/editionsbussiere.com\/blog\/goto\/https:\/\/fr.wikisource.org\/wiki\/Livre_de_pri%C3%A8res,_1852\/Pri%C3%A8res_de_l%E2%80%99office_des_laudes_du_matin\"  target=\"_blank\" rel=\"noopener noreferrer nofollow\">Le dossier.<\/a><span><\/span><\/p>\n<p>Les Contemplations\/Le Pont.,<a target=\"_blank\" rel=\"nofollow\" href=\"https:\/\/editionsbussiere.com\/blog\/goto\/https:\/\/fr.wikisource.org\/wiki\/Les_Contemplations\/Le_Pont\"  target=\"_blank\" rel=\"noopener noreferrer nofollow\">Le post d\u2019actualit\u00e9.<\/a><span><\/span><\/p>\n<p>La m\u00e9tisse\/Chapitre XXIII.,<a target=\"_blank\" rel=\"nofollow\" href=\"https:\/\/editionsbussiere.com\/blog\/goto\/https:\/\/fr.wikisource.org\/wiki\/La_m%C3%A9tisse\/Chapitre_XXIII\"  target=\"_blank\" rel=\"noopener noreferrer nofollow\">Cliquer ICI.<\/a><span><\/span>. Suite sur le prochain article.<\/p>\n<p>L\u2019Antoniade\/Premier \u00c2ge\/D\u00e9dicace.,<a target=\"_blank\" rel=\"nofollow\" href=\"https:\/\/editionsbussiere.com\/blog\/goto\/https:\/\/fr.wikisource.org\/wiki\/L%E2%80%99Antoniade\/Premier_%C3%82ge\/D%C3%A9dicace\"  target=\"_blank\" rel=\"noopener noreferrer nofollow\">L\u2019article de presse.<\/a><span><\/span><\/p>\n<p>Chansons allemandes.,<a target=\"_blank\" rel=\"nofollow\" href=\"https:\/\/editionsbussiere.com\/blog\/goto\/https:\/\/fr.wikisource.org\/wiki\/Chansons_allemandes\"  target=\"_blank\" rel=\"noopener noreferrer nofollow\">L\u2019article ICI.<\/a><span><\/span><\/p>\n<\/div>\n<p><img decoding=\"async\" class=\"wpe_imgrss\" src=\"https:\/\/editionsbussiere.com\/blog\/wp-content\/uploads\/2024\/06\/Les-pelerins-catholiques-lors-des-processions-de-Pittsburgh-evangelisent-sur.jpeg\">Cet article a \u00e9t\u00e9 reconstitu\u00e9 du mieux possible. Dans l\u2019hypoth\u00e8se o\u00f9 vous souhaitez apporter quelques modifications concernant le th\u00e8me \u00ab\u00a0Editions \u00e9sot\u00e9rique fond\u00e9e en 1927\u00a0\u00bb, il est possible de discuter avec notre r\u00e9daction. Vous pouvez tirer profit de cet article traitant le sujet \u00ab\u00a0Editions \u00e9sot\u00e9rique fond\u00e9e en 1927\u00a0\u00bb. Il est concoct\u00e9 par l\u2019\u00e9quipe editionsbussiere.com. Le site editionsbussiere.com est fait pour cr\u00e9er divers posts autour du th\u00e8me Editions \u00e9sot\u00e9rique fond\u00e9e en 1927 d\u00e9velopp\u00e9es sur internet. Consultez notre site internet editionsbussiere.com et nos r\u00e9seaux sociaux pour \u00eatre au courant des futures annonces.<\/p>\n","protected":false},"excerpt":{"rendered":"<p>Des centaines de catholiques participent \u00e0 la procession eucharistique dans le quartier Brookline de Pittsburgh. \/ Cr\u00e9dit : Tyler Arnold\/AIIC Pittsburgh, Pennsylvanie, 18 juin 2024 \/ 15h15 (CNA). Alors que des centaines de p\u00e8lerins catholiques d\u00e9filaient dans les rues de Pittsburgh dans le cadre du p\u00e8lerinage eucharistique national, certains fid\u00e8les ont vu la procession comme [&hellip;]<\/p>\n","protected":false},"author":3,"featured_media":845,"comment_status":"closed","ping_status":"closed","sticky":false,"template":"","format":"standard","meta":{"footnotes":""},"categories":[3],"tags":[],"class_list":["post-844","post","type-post","status-publish","format-standard","has-post-thumbnail","hentry","category-editions-esoterique-fondee-en-1927-depeches","entry","fw-tab-6 fw-tabr-4","has-featured-image"],"yoast_head":"<!-- This site is optimized with the Yoast SEO plugin v27.5 - https:\/\/yoast.com\/product\/yoast-seo-wordpress\/ -->\n<title>Les p\u00e8lerins catholiques lors des processions de Pittsburgh \u00e9vang\u00e9lisent sur le Christ et l\u2019Eucharistie \u2013 Catholic World Report &amp; pri\u00e8re matinale. - EDITIONSBUSSIERE<\/title>\n<meta name=\"robots\" content=\"index, follow, max-snippet:-1, max-image-preview:large, max-video-preview:-1\" \/>\n<link rel=\"canonical\" href=\"https:\/\/editionsbussiere.com\/blog\/les-pelerins-catholiques-lors-des-processions-de-pittsburgh-evangelisent-sur-le-christ-et-leucharistie-catholic-world-report-priere-matinale\/\" \/>\n<meta property=\"og:locale\" content=\"fr_FR\" \/>\n<meta property=\"og:type\" content=\"article\" \/>\n<meta property=\"og:title\" content=\"Les p\u00e8lerins catholiques lors des processions de Pittsburgh \u00e9vang\u00e9lisent sur le Christ et l\u2019Eucharistie \u2013 Catholic World Report &amp; pri\u00e8re matinale. - EDITIONSBUSSIERE\" \/>\n<meta property=\"og:description\" content=\"Des centaines de catholiques participent \u00e0 la procession eucharistique dans le quartier Brookline de Pittsburgh. \/ Cr\u00e9dit : Tyler Arnold\/AIIC Pittsburgh, Pennsylvanie, 18 juin 2024 \/ 15h15 (CNA). Alors que des centaines de p\u00e8lerins catholiques d\u00e9filaient dans les rues de Pittsburgh dans le cadre du p\u00e8lerinage eucharistique national, certains fid\u00e8les ont vu la procession comme [&hellip;]\" \/>\n<meta property=\"og:url\" content=\"https:\/\/editionsbussiere.com\/blog\/les-pelerins-catholiques-lors-des-processions-de-pittsburgh-evangelisent-sur-le-christ-et-leucharistie-catholic-world-report-priere-matinale\/\" \/>\n<meta property=\"og:site_name\" content=\"EDITIONSBUSSIERE\" \/>\n<meta property=\"article:published_time\" content=\"2024-06-19T01:07:01+00:00\" \/>\n<meta property=\"og:image\" content=\"https:\/\/editionsbussiere.com\/blog\/wp-content\/uploads\/2024\/06\/Les-pelerins-catholiques-lors-des-processions-de-Pittsburgh-evangelisent-sur.jpeg\" \/>\n<meta name=\"author\" content=\"Marie BATICLE\" \/>\n<meta name=\"twitter:card\" content=\"summary_large_image\" \/>\n<meta name=\"twitter:label1\" content=\"\u00c9crit par\" \/>\n\t<meta name=\"twitter:data1\" content=\"Marie BATICLE\" \/>\n\t<meta name=\"twitter:label2\" content=\"Dur\u00e9e de lecture estim\u00e9e\" \/>\n\t<meta name=\"twitter:data2\" content=\"14 minutes\" \/>\n<script type=\"application\/ld+json\" class=\"yoast-schema-graph\">{\"@context\":\"https:\\\/\\\/schema.org\",\"@graph\":[{\"@type\":\"Article\",\"@id\":\"https:\\\/\\\/editionsbussiere.com\\\/blog\\\/les-pelerins-catholiques-lors-des-processions-de-pittsburgh-evangelisent-sur-le-christ-et-leucharistie-catholic-world-report-priere-matinale\\\/#article\",\"isPartOf\":{\"@id\":\"https:\\\/\\\/editionsbussiere.com\\\/blog\\\/les-pelerins-catholiques-lors-des-processions-de-pittsburgh-evangelisent-sur-le-christ-et-leucharistie-catholic-world-report-priere-matinale\\\/\"},\"author\":{\"name\":\"Marie BATICLE\",\"@id\":\"https:\\\/\\\/editionsbussiere.com\\\/blog\\\/#\\\/schema\\\/person\\\/ec90e102792148c97e46ab871010dd8f\"},\"headline\":\"Les p\u00e8lerins catholiques lors des processions de Pittsburgh \u00e9vang\u00e9lisent sur le Christ et l\u2019Eucharistie \u2013 Catholic World Report &amp; pri\u00e8re matinale.\",\"datePublished\":\"2024-06-19T01:07:01+00:00\",\"mainEntityOfPage\":{\"@id\":\"https:\\\/\\\/editionsbussiere.com\\\/blog\\\/les-pelerins-catholiques-lors-des-processions-de-pittsburgh-evangelisent-sur-le-christ-et-leucharistie-catholic-world-report-priere-matinale\\\/\"},\"wordCount\":2895,\"publisher\":{\"@id\":\"https:\\\/\\\/editionsbussiere.com\\\/blog\\\/#organization\"},\"image\":{\"@id\":\"https:\\\/\\\/editionsbussiere.com\\\/blog\\\/les-pelerins-catholiques-lors-des-processions-de-pittsburgh-evangelisent-sur-le-christ-et-leucharistie-catholic-world-report-priere-matinale\\\/#primaryimage\"},\"thumbnailUrl\":\"https:\\\/\\\/editionsbussiere.com\\\/blog\\\/wp-content\\\/uploads\\\/2024\\\/06\\\/Les-pelerins-catholiques-lors-des-processions-de-Pittsburgh-evangelisent-sur.jpeg\",\"articleSection\":[\"Editions \u00c9sot\u00e9rique Fond\u00e9e En 1927; D\u00e9p\u00e8ches:\"],\"inLanguage\":\"fr-FR\"},{\"@type\":\"WebPage\",\"@id\":\"https:\\\/\\\/editionsbussiere.com\\\/blog\\\/les-pelerins-catholiques-lors-des-processions-de-pittsburgh-evangelisent-sur-le-christ-et-leucharistie-catholic-world-report-priere-matinale\\\/\",\"url\":\"https:\\\/\\\/editionsbussiere.com\\\/blog\\\/les-pelerins-catholiques-lors-des-processions-de-pittsburgh-evangelisent-sur-le-christ-et-leucharistie-catholic-world-report-priere-matinale\\\/\",\"name\":\"Les p\u00e8lerins catholiques lors des processions de Pittsburgh \u00e9vang\u00e9lisent sur le Christ et l\u2019Eucharistie \u2013 Catholic World Report &amp; pri\u00e8re matinale. - EDITIONSBUSSIERE\",\"isPartOf\":{\"@id\":\"https:\\\/\\\/editionsbussiere.com\\\/blog\\\/#website\"},\"primaryImageOfPage\":{\"@id\":\"https:\\\/\\\/editionsbussiere.com\\\/blog\\\/les-pelerins-catholiques-lors-des-processions-de-pittsburgh-evangelisent-sur-le-christ-et-leucharistie-catholic-world-report-priere-matinale\\\/#primaryimage\"},\"image\":{\"@id\":\"https:\\\/\\\/editionsbussiere.com\\\/blog\\\/les-pelerins-catholiques-lors-des-processions-de-pittsburgh-evangelisent-sur-le-christ-et-leucharistie-catholic-world-report-priere-matinale\\\/#primaryimage\"},\"thumbnailUrl\":\"https:\\\/\\\/editionsbussiere.com\\\/blog\\\/wp-content\\\/uploads\\\/2024\\\/06\\\/Les-pelerins-catholiques-lors-des-processions-de-Pittsburgh-evangelisent-sur.jpeg\",\"datePublished\":\"2024-06-19T01:07:01+00:00\",\"breadcrumb\":{\"@id\":\"https:\\\/\\\/editionsbussiere.com\\\/blog\\\/les-pelerins-catholiques-lors-des-processions-de-pittsburgh-evangelisent-sur-le-christ-et-leucharistie-catholic-world-report-priere-matinale\\\/#breadcrumb\"},\"inLanguage\":\"fr-FR\",\"potentialAction\":[{\"@type\":\"ReadAction\",\"target\":[\"https:\\\/\\\/editionsbussiere.com\\\/blog\\\/les-pelerins-catholiques-lors-des-processions-de-pittsburgh-evangelisent-sur-le-christ-et-leucharistie-catholic-world-report-priere-matinale\\\/\"]}]},{\"@type\":\"ImageObject\",\"inLanguage\":\"fr-FR\",\"@id\":\"https:\\\/\\\/editionsbussiere.com\\\/blog\\\/les-pelerins-catholiques-lors-des-processions-de-pittsburgh-evangelisent-sur-le-christ-et-leucharistie-catholic-world-report-priere-matinale\\\/#primaryimage\",\"url\":\"https:\\\/\\\/editionsbussiere.com\\\/blog\\\/wp-content\\\/uploads\\\/2024\\\/06\\\/Les-pelerins-catholiques-lors-des-processions-de-Pittsburgh-evangelisent-sur.jpeg\",\"contentUrl\":\"https:\\\/\\\/editionsbussiere.com\\\/blog\\\/wp-content\\\/uploads\\\/2024\\\/06\\\/Les-pelerins-catholiques-lors-des-processions-de-Pittsburgh-evangelisent-sur.jpeg\",\"width\":800,\"height\":600,\"caption\":\"Les pelerins catholiques lors des processions de Pittsburgh evangelisent sur\"},{\"@type\":\"BreadcrumbList\",\"@id\":\"https:\\\/\\\/editionsbussiere.com\\\/blog\\\/les-pelerins-catholiques-lors-des-processions-de-pittsburgh-evangelisent-sur-le-christ-et-leucharistie-catholic-world-report-priere-matinale\\\/#breadcrumb\",\"itemListElement\":[{\"@type\":\"ListItem\",\"position\":1,\"name\":\"Accueil\",\"item\":\"https:\\\/\\\/editionsbussiere.com\\\/blog\\\/\"},{\"@type\":\"ListItem\",\"position\":2,\"name\":\"Les p\u00e8lerins catholiques lors des processions de Pittsburgh \u00e9vang\u00e9lisent sur le Christ et l\u2019Eucharistie \u2013 Catholic World Report &amp; pri\u00e8re matinale.\"}]},{\"@type\":\"WebSite\",\"@id\":\"https:\\\/\\\/editionsbussiere.com\\\/blog\\\/#website\",\"url\":\"https:\\\/\\\/editionsbussiere.com\\\/blog\\\/\",\"name\":\"EDITIONSBUSSIERE\",\"description\":\"Editions \u00e9sot\u00e9rique fond\u00e9e en 1927; site historique, A SAVOIR ET RETENIR.\",\"publisher\":{\"@id\":\"https:\\\/\\\/editionsbussiere.com\\\/blog\\\/#organization\"},\"potentialAction\":[{\"@type\":\"SearchAction\",\"target\":{\"@type\":\"EntryPoint\",\"urlTemplate\":\"https:\\\/\\\/editionsbussiere.com\\\/blog\\\/?s={search_term_string}\"},\"query-input\":{\"@type\":\"PropertyValueSpecification\",\"valueRequired\":true,\"valueName\":\"search_term_string\"}}],\"inLanguage\":\"fr-FR\"},{\"@type\":\"Organization\",\"@id\":\"https:\\\/\\\/editionsbussiere.com\\\/blog\\\/#organization\",\"name\":\"editionsbussiere\",\"url\":\"https:\\\/\\\/editionsbussiere.com\\\/blog\\\/\",\"logo\":{\"@type\":\"ImageObject\",\"inLanguage\":\"fr-FR\",\"@id\":\"https:\\\/\\\/editionsbussiere.com\\\/blog\\\/#\\\/schema\\\/logo\\\/image\\\/\",\"url\":\"https:\\\/\\\/editionsbussiere.com\\\/blog\\\/wp-content\\\/uploads\\\/2023\\\/09\\\/cropped-buss.gif\",\"contentUrl\":\"https:\\\/\\\/editionsbussiere.com\\\/blog\\\/wp-content\\\/uploads\\\/2023\\\/09\\\/cropped-buss.gif\",\"width\":298,\"height\":120,\"caption\":\"editionsbussiere\"},\"image\":{\"@id\":\"https:\\\/\\\/editionsbussiere.com\\\/blog\\\/#\\\/schema\\\/logo\\\/image\\\/\"}},{\"@type\":\"Person\",\"@id\":\"https:\\\/\\\/editionsbussiere.com\\\/blog\\\/#\\\/schema\\\/person\\\/ec90e102792148c97e46ab871010dd8f\",\"name\":\"Marie BATICLE\",\"image\":{\"@type\":\"ImageObject\",\"inLanguage\":\"fr-FR\",\"@id\":\"https:\\\/\\\/secure.gravatar.com\\\/avatar\\\/c923e52403b1b8137e2d929127211d21967e6aecaa053bd43b09da29f212e76e?s=96&d=mm&r=g\",\"url\":\"https:\\\/\\\/secure.gravatar.com\\\/avatar\\\/c923e52403b1b8137e2d929127211d21967e6aecaa053bd43b09da29f212e76e?s=96&d=mm&r=g\",\"contentUrl\":\"https:\\\/\\\/secure.gravatar.com\\\/avatar\\\/c923e52403b1b8137e2d929127211d21967e6aecaa053bd43b09da29f212e76e?s=96&d=mm&r=g\",\"caption\":\"Marie BATICLE\"},\"url\":\"https:\\\/\\\/editionsbussiere.com\\\/blog\\\/author\\\/eremarie\\\/\"}]}<\/script>\n<!-- \/ Yoast SEO plugin. -->","yoast_head_json":{"title":"Les p\u00e8lerins catholiques lors des processions de Pittsburgh \u00e9vang\u00e9lisent sur le Christ et l\u2019Eucharistie \u2013 Catholic World Report &amp; pri\u00e8re matinale. - EDITIONSBUSSIERE","robots":{"index":"index","follow":"follow","max-snippet":"max-snippet:-1","max-image-preview":"max-image-preview:large","max-video-preview":"max-video-preview:-1"},"canonical":"https:\/\/editionsbussiere.com\/blog\/les-pelerins-catholiques-lors-des-processions-de-pittsburgh-evangelisent-sur-le-christ-et-leucharistie-catholic-world-report-priere-matinale\/","og_locale":"fr_FR","og_type":"article","og_title":"Les p\u00e8lerins catholiques lors des processions de Pittsburgh \u00e9vang\u00e9lisent sur le Christ et l\u2019Eucharistie \u2013 Catholic World Report &amp; pri\u00e8re matinale. - EDITIONSBUSSIERE","og_description":"Des centaines de catholiques participent \u00e0 la procession eucharistique dans le quartier Brookline de Pittsburgh. \/ Cr\u00e9dit : Tyler Arnold\/AIIC Pittsburgh, Pennsylvanie, 18 juin 2024 \/ 15h15 (CNA). Alors que des centaines de p\u00e8lerins catholiques d\u00e9filaient dans les rues de Pittsburgh dans le cadre du p\u00e8lerinage eucharistique national, certains fid\u00e8les ont vu la procession comme [&hellip;]","og_url":"https:\/\/editionsbussiere.com\/blog\/les-pelerins-catholiques-lors-des-processions-de-pittsburgh-evangelisent-sur-le-christ-et-leucharistie-catholic-world-report-priere-matinale\/","og_site_name":"EDITIONSBUSSIERE","article_published_time":"2024-06-19T01:07:01+00:00","og_image":[{"url":"https:\/\/editionsbussiere.com\/blog\/wp-content\/uploads\/2024\/06\/Les-pelerins-catholiques-lors-des-processions-de-Pittsburgh-evangelisent-sur.jpeg","type":"","width":"","height":""}],"author":"Marie BATICLE","twitter_card":"summary_large_image","twitter_misc":{"\u00c9crit par":"Marie BATICLE","Dur\u00e9e de lecture estim\u00e9e":"14 minutes"},"schema":{"@context":"https:\/\/schema.org","@graph":[{"@type":"Article","@id":"https:\/\/editionsbussiere.com\/blog\/les-pelerins-catholiques-lors-des-processions-de-pittsburgh-evangelisent-sur-le-christ-et-leucharistie-catholic-world-report-priere-matinale\/#article","isPartOf":{"@id":"https:\/\/editionsbussiere.com\/blog\/les-pelerins-catholiques-lors-des-processions-de-pittsburgh-evangelisent-sur-le-christ-et-leucharistie-catholic-world-report-priere-matinale\/"},"author":{"name":"Marie BATICLE","@id":"https:\/\/editionsbussiere.com\/blog\/#\/schema\/person\/ec90e102792148c97e46ab871010dd8f"},"headline":"Les p\u00e8lerins catholiques lors des processions de Pittsburgh \u00e9vang\u00e9lisent sur le Christ et l\u2019Eucharistie \u2013 Catholic World Report &amp; pri\u00e8re matinale.","datePublished":"2024-06-19T01:07:01+00:00","mainEntityOfPage":{"@id":"https:\/\/editionsbussiere.com\/blog\/les-pelerins-catholiques-lors-des-processions-de-pittsburgh-evangelisent-sur-le-christ-et-leucharistie-catholic-world-report-priere-matinale\/"},"wordCount":2895,"publisher":{"@id":"https:\/\/editionsbussiere.com\/blog\/#organization"},"image":{"@id":"https:\/\/editionsbussiere.com\/blog\/les-pelerins-catholiques-lors-des-processions-de-pittsburgh-evangelisent-sur-le-christ-et-leucharistie-catholic-world-report-priere-matinale\/#primaryimage"},"thumbnailUrl":"https:\/\/editionsbussiere.com\/blog\/wp-content\/uploads\/2024\/06\/Les-pelerins-catholiques-lors-des-processions-de-Pittsburgh-evangelisent-sur.jpeg","articleSection":["Editions \u00c9sot\u00e9rique Fond\u00e9e En 1927; D\u00e9p\u00e8ches:"],"inLanguage":"fr-FR"},{"@type":"WebPage","@id":"https:\/\/editionsbussiere.com\/blog\/les-pelerins-catholiques-lors-des-processions-de-pittsburgh-evangelisent-sur-le-christ-et-leucharistie-catholic-world-report-priere-matinale\/","url":"https:\/\/editionsbussiere.com\/blog\/les-pelerins-catholiques-lors-des-processions-de-pittsburgh-evangelisent-sur-le-christ-et-leucharistie-catholic-world-report-priere-matinale\/","name":"Les p\u00e8lerins catholiques lors des processions de Pittsburgh \u00e9vang\u00e9lisent sur le Christ et l\u2019Eucharistie \u2013 Catholic World Report &amp; pri\u00e8re matinale. - EDITIONSBUSSIERE","isPartOf":{"@id":"https:\/\/editionsbussiere.com\/blog\/#website"},"primaryImageOfPage":{"@id":"https:\/\/editionsbussiere.com\/blog\/les-pelerins-catholiques-lors-des-processions-de-pittsburgh-evangelisent-sur-le-christ-et-leucharistie-catholic-world-report-priere-matinale\/#primaryimage"},"image":{"@id":"https:\/\/editionsbussiere.com\/blog\/les-pelerins-catholiques-lors-des-processions-de-pittsburgh-evangelisent-sur-le-christ-et-leucharistie-catholic-world-report-priere-matinale\/#primaryimage"},"thumbnailUrl":"https:\/\/editionsbussiere.com\/blog\/wp-content\/uploads\/2024\/06\/Les-pelerins-catholiques-lors-des-processions-de-Pittsburgh-evangelisent-sur.jpeg","datePublished":"2024-06-19T01:07:01+00:00","breadcrumb":{"@id":"https:\/\/editionsbussiere.com\/blog\/les-pelerins-catholiques-lors-des-processions-de-pittsburgh-evangelisent-sur-le-christ-et-leucharistie-catholic-world-report-priere-matinale\/#breadcrumb"},"inLanguage":"fr-FR","potentialAction":[{"@type":"ReadAction","target":["https:\/\/editionsbussiere.com\/blog\/les-pelerins-catholiques-lors-des-processions-de-pittsburgh-evangelisent-sur-le-christ-et-leucharistie-catholic-world-report-priere-matinale\/"]}]},{"@type":"ImageObject","inLanguage":"fr-FR","@id":"https:\/\/editionsbussiere.com\/blog\/les-pelerins-catholiques-lors-des-processions-de-pittsburgh-evangelisent-sur-le-christ-et-leucharistie-catholic-world-report-priere-matinale\/#primaryimage","url":"https:\/\/editionsbussiere.com\/blog\/wp-content\/uploads\/2024\/06\/Les-pelerins-catholiques-lors-des-processions-de-Pittsburgh-evangelisent-sur.jpeg","contentUrl":"https:\/\/editionsbussiere.com\/blog\/wp-content\/uploads\/2024\/06\/Les-pelerins-catholiques-lors-des-processions-de-Pittsburgh-evangelisent-sur.jpeg","width":800,"height":600,"caption":"Les pelerins catholiques lors des processions de Pittsburgh evangelisent sur"},{"@type":"BreadcrumbList","@id":"https:\/\/editionsbussiere.com\/blog\/les-pelerins-catholiques-lors-des-processions-de-pittsburgh-evangelisent-sur-le-christ-et-leucharistie-catholic-world-report-priere-matinale\/#breadcrumb","itemListElement":[{"@type":"ListItem","position":1,"name":"Accueil","item":"https:\/\/editionsbussiere.com\/blog\/"},{"@type":"ListItem","position":2,"name":"Les p\u00e8lerins catholiques lors des processions de Pittsburgh \u00e9vang\u00e9lisent sur le Christ et l\u2019Eucharistie \u2013 Catholic World Report &amp; pri\u00e8re matinale."}]},{"@type":"WebSite","@id":"https:\/\/editionsbussiere.com\/blog\/#website","url":"https:\/\/editionsbussiere.com\/blog\/","name":"EDITIONSBUSSIERE","description":"Editions \u00e9sot\u00e9rique fond\u00e9e en 1927; site historique, A SAVOIR ET RETENIR.","publisher":{"@id":"https:\/\/editionsbussiere.com\/blog\/#organization"},"potentialAction":[{"@type":"SearchAction","target":{"@type":"EntryPoint","urlTemplate":"https:\/\/editionsbussiere.com\/blog\/?s={search_term_string}"},"query-input":{"@type":"PropertyValueSpecification","valueRequired":true,"valueName":"search_term_string"}}],"inLanguage":"fr-FR"},{"@type":"Organization","@id":"https:\/\/editionsbussiere.com\/blog\/#organization","name":"editionsbussiere","url":"https:\/\/editionsbussiere.com\/blog\/","logo":{"@type":"ImageObject","inLanguage":"fr-FR","@id":"https:\/\/editionsbussiere.com\/blog\/#\/schema\/logo\/image\/","url":"https:\/\/editionsbussiere.com\/blog\/wp-content\/uploads\/2023\/09\/cropped-buss.gif","contentUrl":"https:\/\/editionsbussiere.com\/blog\/wp-content\/uploads\/2023\/09\/cropped-buss.gif","width":298,"height":120,"caption":"editionsbussiere"},"image":{"@id":"https:\/\/editionsbussiere.com\/blog\/#\/schema\/logo\/image\/"}},{"@type":"Person","@id":"https:\/\/editionsbussiere.com\/blog\/#\/schema\/person\/ec90e102792148c97e46ab871010dd8f","name":"Marie BATICLE","image":{"@type":"ImageObject","inLanguage":"fr-FR","@id":"https:\/\/secure.gravatar.com\/avatar\/c923e52403b1b8137e2d929127211d21967e6aecaa053bd43b09da29f212e76e?s=96&d=mm&r=g","url":"https:\/\/secure.gravatar.com\/avatar\/c923e52403b1b8137e2d929127211d21967e6aecaa053bd43b09da29f212e76e?s=96&d=mm&r=g","contentUrl":"https:\/\/secure.gravatar.com\/avatar\/c923e52403b1b8137e2d929127211d21967e6aecaa053bd43b09da29f212e76e?s=96&d=mm&r=g","caption":"Marie BATICLE"},"url":"https:\/\/editionsbussiere.com\/blog\/author\/eremarie\/"}]}},"_links":{"self":[{"href":"https:\/\/editionsbussiere.com\/blog\/wp-json\/wp\/v2\/posts\/844","targetHints":{"allow":["GET"]}}],"collection":[{"href":"https:\/\/editionsbussiere.com\/blog\/wp-json\/wp\/v2\/posts"}],"about":[{"href":"https:\/\/editionsbussiere.com\/blog\/wp-json\/wp\/v2\/types\/post"}],"author":[{"embeddable":true,"href":"https:\/\/editionsbussiere.com\/blog\/wp-json\/wp\/v2\/users\/3"}],"replies":[{"embeddable":true,"href":"https:\/\/editionsbussiere.com\/blog\/wp-json\/wp\/v2\/comments?post=844"}],"version-history":[{"count":0,"href":"https:\/\/editionsbussiere.com\/blog\/wp-json\/wp\/v2\/posts\/844\/revisions"}],"wp:featuredmedia":[{"embeddable":true,"href":"https:\/\/editionsbussiere.com\/blog\/wp-json\/wp\/v2\/media\/845"}],"wp:attachment":[{"href":"https:\/\/editionsbussiere.com\/blog\/wp-json\/wp\/v2\/media?parent=844"}],"wp:term":[{"taxonomy":"category","embeddable":true,"href":"https:\/\/editionsbussiere.com\/blog\/wp-json\/wp\/v2\/categories?post=844"},{"taxonomy":"post_tag","embeddable":true,"href":"https:\/\/editionsbussiere.com\/blog\/wp-json\/wp\/v2\/tags?post=844"}],"curies":[{"name":"wp","href":"https:\/\/api.w.org\/{rel}","templated":true}]}}