{"id":842,"date":"2024-06-18T21:04:39","date_gmt":"2024-06-18T19:04:39","guid":{"rendered":"https:\/\/editionsbussiere.com\/blog\/moment-de-larrivee-du-pelerinage-au-sanctuaire-marial-du-wisconsin-a-champion-appele-providentiel-et-invocation-en-debut-de-journee\/"},"modified":"2024-06-18T21:04:39","modified_gmt":"2024-06-18T19:04:39","slug":"moment-de-larrivee-du-pelerinage-au-sanctuaire-marial-du-wisconsin-a-champion-appele-providentiel-et-invocation-en-debut-de-journee","status":"publish","type":"post","link":"https:\/\/editionsbussiere.com\/blog\/moment-de-larrivee-du-pelerinage-au-sanctuaire-marial-du-wisconsin-a-champion-appele-providentiel-et-invocation-en-debut-de-journee\/","title":{"rendered":"Moment de l\u2019arriv\u00e9e du p\u00e8lerinage au sanctuaire marial du Wisconsin \u00e0 Champion appel\u00e9 \u00ab providentiel \u00bb\n et invocation en d\u00e9but de journ\u00e9e."},"content":{"rendered":"<div><img width=\"580\" height=\"387\" src=\"https:\/\/editionsbussiere.com\/blog\/wp-content\/uploads\/2024\/06\/Moment-de-larrivee-du-pelerinage-au-sanctuaire-marial-du-Wisconsin.jpg\" class=\"attachment-large size-large wp-post-image\" alt=\"Moment de l'arriv\u00e9e du p\u00e8lerinage au sanctuaire marial du Wisconsin\" style=\"float:left; margin:0 15px 15px 0;\" decoding=\"async\" srcset=\"https:\/\/editionsbussiere.com\/blog\/wp-content\/uploads\/2024\/06\/Moment-de-larrivee-du-pelerinage-au-sanctuaire-marial-du-Wisconsin.jpg 900w, https:\/\/www.n42.fr\/wp-content\/uploads\/2024\/06\/Moment-de-larrivee-du-pelerinage-au-sanctuaire-marial-du-Wisconsin-300x200.jpg 300w, https:\/\/www.n42.fr\/wp-content\/uploads\/2024\/06\/Moment-de-larrivee-du-pelerinage-au-sanctuaire-marial-du-Wisconsin-768x512.jpg 768w\" sizes=\"(max-width: 580px) 100vw, 580px\"><\/p>\n<p>\n<\/p>\n<div>\n<p>CHAMPION, Wisconsin (OSV News) \u2014 Deux jours apr\u00e8s que les \u00e9v\u00eaques am\u00e9ricains ont approuv\u00e9 une proposition visant \u00e0 examiner la cause de canonisation d\u2019Adele Brise, le p\u00e8lerinage eucharistique national est arriv\u00e9 au sanctuaire national de Notre-Dame de Champion le 16 juin. apparitions que Brise connut en 1859.<\/p>\n<p>Le timing des deux \u00e9v\u00e9nements n\u2019a pas \u00e9chapp\u00e9 \u00e0 l\u2019\u00e9v\u00eaque de Green Bay, David L. Ricken, qui a pr\u00e9sent\u00e9 la proposition le 14 juin lors d\u2019une consultation \u00e0 l\u2019Assembl\u00e9e pl\u00e9ni\u00e8re de printemps de la Conf\u00e9rence des \u00e9v\u00eaques catholiques des \u00c9tats-Unis \u00e0 Louisville, Kentucky.<\/p>\n<div class=\"wp-block-image\">\n<figure class=\"alignright size-large is-resized\"><img decoding=\"async\" loading=\"lazy\" src=\"https:\/\/editionsbussiere.com\/blog\/wp-content\/uploads\/2024\/06\/brise-procession.jpg\" alt=\"\" class=\"wp-image-247657\" width=\"510\" height=\"340\" srcset=\"https:\/\/editionsbussiere.com\/blog\/wp-content\/uploads\/2024\/06\/brise-procession.jpg 900w, https:\/\/catholicreview.org\/wp-content\/uploads\/2024\/06\/brise-procession-300x200.jpg 300w, https:\/\/catholicreview.org\/wp-content\/uploads\/2024\/06\/brise-procession-768x512.jpg 768w, https:\/\/catholicreview.org\/wp-content\/uploads\/2024\/06\/brise-procession-600x400.jpg 600w\" sizes=\"auto, (max-width: 510px) 100vw, 510px\"><figcaption>Une procession eucharistique du chapelet dirig\u00e9e par l\u2019\u00e9v\u00eaque David L. Ricken de Green Bay, Wisconsin, passe devant une statue de Saint Fran\u00e7ois d\u2019Assise sur le terrain du sanctuaire national de notre-Dame de Champion le 16 juin 2024. Le sanctuaire \u00e9tait un arr\u00eat sur la Route Mariale du P\u00e8lerinage Eucharistique National.  (Photo d\u2019OSV News\/Sam Lucero)<\/figcaption><\/figure>\n<\/div>\n<p>\u00ab\u00a0Vous ne pouvez pas planifier ce genre de chose\u00a0\u00bb, a d\u00e9clar\u00e9 Mgr Ricken \u00e0 OSV News apr\u00e8s avoir c\u00e9l\u00e9br\u00e9 la messe avec environ 2 000 personnes et termin\u00e9 une procession eucharistique du chapelet de 1,7 mile autour du sanctuaire.<\/p>\n<p>\u00abC\u2019est totalement providentiel.  Je ne savais pas avec certitude que je serais pr\u00e9sent lors de cet ordre du jour de la r\u00e9union des \u00e9v\u00eaques et je n\u2019avais pas vraiment pens\u00e9 \u00e0\u2026 faire ce p\u00e8lerinage eucharistique national ici \u00bb, a-t-il ajout\u00e9.  \u00ab Je n\u2019avais pas fait le rapprochement jusqu\u2019\u00e0 ce que je parle d\u2019Ad\u00e8le aux \u00e9v\u00eaques.  C\u2019est incroyable de voir \u00e0 quel point Dieu a toutes ces choses \u00e0 l\u2019esprit et nous suivons et faisons ce que nous pensons \u00eatre juste et il est derri\u00e8re tout cela.  La Sainte M\u00e8re aussi.<\/p>\n<p>L\u2019arriv\u00e9e de p\u00e8lerins perp\u00e9tuels et de leur personnel de soutien au sanctuaire situ\u00e9 dans le comt\u00e9 rural de Brown, entour\u00e9 de fermes laiti\u00e8res et de champs de ma\u00efs, a constitu\u00e9 une \u00e9tape importante.  Cela marquait la moiti\u00e9 de leur voyage de quelque 800 milles \u00e0 travers quatre \u00c9tats jusqu\u2019\u00e0 Indianapolis pour le Congr\u00e8s eucharistique national en juillet.  La Route Mariale, l\u2019une des quatre routes de p\u00e8lerinage \u00e0 travers le pays, doit son nom au sanctuaire Champion, le premier et le seul site d\u2019apparition mariale approuv\u00e9 aux \u00c9tats-Unis.<\/p>\n<p>Chacune des routes \u2013 venant du nord (Marian), de l\u2019est (Seton), du sud (Juan Diego) et de l\u2019ouest (Serra) \u2013 est parcourue par un groupe de p\u00e8lerins perp\u00e9tuels.  Les itin\u00e9raires convergeront le 16 juillet \u00e0 Indianapolis avant le congr\u00e8s du 17 au 21 juillet, point culminant du r\u00e9veil eucharistique national des \u00e9v\u00eaques am\u00e9ricains.<\/p>\n<p>Les \u00e9v\u00e9nements de la journ\u00e9e \u00e0 Champion ont commenc\u00e9 par un discours sur l\u2019Eucharistie du P\u00e8re de la Mis\u00e9ricorde Joseph Aytona, recteur du sanctuaire.  Mgr Ricken, rejoint par des pr\u00eatres dioc\u00e9sains et religieux, a ensuite c\u00e9l\u00e9br\u00e9 la messe dans la salle de la M\u00e8re de Mis\u00e9ricorde du sanctuaire.<\/p>\n<div class=\"wp-block-image\">\n<figure class=\"alignleft size-large is-resized\"><img decoding=\"async\" loading=\"lazy\" src=\"https:\/\/editionsbussiere.com\/blog\/wp-content\/uploads\/2024\/06\/brise-bw.jpg\" alt=\"\" class=\"wp-image-247658\" width=\"461\" height=\"587\" srcset=\"https:\/\/editionsbussiere.com\/blog\/wp-content\/uploads\/2024\/06\/brise-bw.jpg 602w, https:\/\/catholicreview.org\/wp-content\/uploads\/2024\/06\/brise-bw-235x300.jpg 235w\" sizes=\"auto, (max-width: 461px) 100vw, 461px\"><figcaption>Ad\u00e8le Brise est repr\u00e9sent\u00e9e en habit sur une photo non dat\u00e9e.  En 1859, alors qu\u2019elle avait 28 ans, elle vit des apparitions de Marie pr\u00e8s de chez elle dans ce qui est aujourd\u2019hui Champion, Wisconsin. Brise enseigna la foi catholique aux enfants et cr\u00e9a une communaut\u00e9 de franciscains du tiers-ordre.  Le 14 juin 2024, les \u00e9v\u00eaques am\u00e9ricains ont vot\u00e9 pour affirmer que la cause de la saintet\u00e9 de Brise devait aller de l\u2019avant.  (Photo d\u2019OSV News\/photo d\u2019archives CNS, gracieuset\u00e9 du Sanctuaire de Notre-Dame du Bon Secours)<\/figcaption><\/figure>\n<\/div>\n<p>Dans son hom\u00e9lie, Mgr Ricken a rendu hommage aux six p\u00e8lerins perp\u00e9tuels, assis au premier rang.  \u00ab C\u2019est une telle joie de les avoir ici \u00bb, a-t-il d\u00e9clar\u00e9.  \u00ab Ils sont un bon exemple de ce que signifie marcher sur les traces de J\u00e9sus alors que nous apportons la bonne nouvelle de la personne du Christ dans le don de la Sainte Eucharistie. \u00bb<\/p>\n<p>Le point culminant de la journ\u00e9e a \u00e9t\u00e9 la procession eucharistique du chapelet qui a imm\u00e9diatement suivi la messe.<\/p>\n<p>\u00ab Nous allons emmener le Seigneur dans ce bel endroit et nous devrions dire : \u00ab Seigneur, manifeste-toi, manifeste ta puissance \u00bb \u00bb, a d\u00e9clar\u00e9 Mgr Ricken.  Faisant r\u00e9f\u00e9rence au d\u00e9clin du nombre de membres de l\u2019\u00c9glise, il a d\u00e9clar\u00e9 : \u00ab Le Seigneur est ici pour commencer \u00e0 r\u00e9clamer son peuple et son territoire. \u00bb<\/p>\n<p>\u00ab\u00a0Il y a tellement d\u2019\u00e2mes perdues, de gens qui errent d\u00e9prim\u00e9s, d\u00e9courag\u00e9s, enferm\u00e9s chez eux, regardant leurs appareils toute la journ\u00e9e\u00a0\u00bb, a-t-il poursuivi.  \u00ab Alors prions les uns pour les autres.  Vous voir si nombreux ici aujourd\u2019hui est un formidable t\u00e9moignage de votre foi.  Cela me donne un grand espoir que le Seigneur touche votre vie et que vous vouliez faire une diff\u00e9rence ;  pour vous-m\u00eame, votre famille, votre paroisse, votre communaut\u00e9.<\/p>\n<p>Vers la fin de la procession eucharistique du chapelet de 1,7 mile, Mgr Ricken s\u2019est arr\u00eat\u00e9 sur la tombe de Brise, situ\u00e9e \u00e0 c\u00f4t\u00e9 de la chapelle des apparitions du sanctuaire.  Il a pri\u00e9 en silence puis a b\u00e9ni la tombe.<\/p>\n<p>Plusieurs p\u00e8lerins perp\u00e9tuels ont d\u00e9clar\u00e9 \u00e0 OSV News que la visite du sanctuaire \u00e9tait un moment fort de leur p\u00e8lerinage.<\/p>\n<p>Sarah Cahill a d\u00e9clar\u00e9 qu\u2019en entrant dans l\u2019enceinte du sanctuaire, une pens\u00e9e m\u2019est venue \u00e0 l\u2019esprit : \u00ab Voil\u00e0 \u00e0 quoi doit ressembler le ciel, entrer et suivre le Seigneur, mais \u00eatre entour\u00e9 de fid\u00e8les. \u00bb<\/p>\n<p>Cahill a d\u00e9clar\u00e9 que le premier mois de voyage sur la Route Mariale avec d\u2019autres jeunes adultes a \u00e9t\u00e9 sp\u00e9cial.<\/p>\n<p>\u00ab Cela a \u00e9t\u00e9 incroyable de voir J\u00e9sus rencontrer tous ceux que nous rencontrons \u00bb, a-t-elle d\u00e9clar\u00e9.  \u00ab M\u00eame les gens qui ne le connaissent pas, il est clair qu\u2019ils sont attir\u00e9s par quelque chose.  C\u2019est pour nous des montagnes russes, comme la fatigue et juste la pers\u00e9v\u00e9rance, mais aussi la gr\u00e2ce d\u2019\u00eatre simplement avec l\u2019Eucharistie et en sa pr\u00e9sence toute la journ\u00e9e en gros.<\/p>\n<p>Kai Weiss a qualifi\u00e9 le sanctuaire de \u00ab lieu de repos et de paix profonde \u00bb.<\/p>\n<p>\u00ab Nous attendions ce jour depuis le d\u00e9but du p\u00e8lerinage et m\u00eame bien avant \u00bb, a-t-il d\u00e9clar\u00e9.  \u00abNous venons d\u2019entrer dans la chapelle des apparitions et c\u2019\u00e9tait tout simplement incroyable de voir \u00e0 quel point c\u2019est paisible.  Il \u00e9tait imm\u00e9diatement \u00e9vident qu\u2019il s\u2019agissait d\u2019un lieu de gr\u00e2ce particulier.<\/p>\n<p>Weiss a d\u00e9clar\u00e9 que la premi\u00e8re moiti\u00e9 du parcours \u00e0 travers le Minnesota et le Wisconsin n\u2019avait pas \u00e9t\u00e9 physiquement difficile \u00ab jusqu\u2019\u00e0 pr\u00e9sent \u00bb.<\/p>\n<div class=\"wp-block-image\">\n<figure class=\"alignright size-large is-resized\"><img decoding=\"async\" loading=\"lazy\" src=\"https:\/\/editionsbussiere.com\/blog\/wp-content\/uploads\/2024\/06\/brise-gravesite.jpg\" alt=\"\" class=\"wp-image-247659\" width=\"478\" height=\"718\" srcset=\"https:\/\/editionsbussiere.com\/blog\/wp-content\/uploads\/2024\/06\/brise-gravesite.jpg 599w, https:\/\/catholicreview.org\/wp-content\/uploads\/2024\/06\/brise-gravesite-200x300.jpg 200w\" sizes=\"auto, (max-width: 478px) 100vw, 478px\"><figcaption>Des chapelets ornent la pierre tombale d\u2019Adele Brise sur le terrain du sanctuaire national de Notre-Dame de Champion \u00e0 Champion, Wisconsin. On pense que la Sainte M\u00e8re est apparue \u00e0 Brise pr\u00e8s du site en 1859. (Photo OSV News\/Sam Lucero)<\/figcaption><\/figure>\n<\/div>\n<p>\u00ab Ce qui est plus difficile, c\u2019est l\u2019aspect mental et spirituel \u00bb, a-t-il d\u00e9clar\u00e9.  \u00ab Je pense que le Christ J\u00e9sus, en passant autant de temps avec lui, essaie vraiment de nous purifier ainsi que de purifier nos intentions.  Il veut nous voir nous rapprocher de lui et \u00e9videmment, c\u2019est parfois un d\u00e9fi.  Nos blessures et nos difficult\u00e9s sont r\u00e9v\u00e9l\u00e9es beaucoup plus clairement qu\u2019elles ne l\u2019auraient peut-\u00eatre \u00e9t\u00e9 autrement.  Cela a \u00e9t\u00e9 un d\u00e9fi spirituel, mais aussi un tr\u00e8s beau d\u00e9fi.<\/p>\n<p>Avec une grande pile d\u2019intentions de pri\u00e8re dans ses mains, Matthew Heidenreich a d\u00e9clar\u00e9 que les p\u00e8lerins avaient re\u00e7u des milliers d\u2019intentions de pri\u00e8re.  \u00ab Nous avons d\u00e9j\u00e0 rempli deux ou trois cartons \u00bb, a-t-il d\u00e9clar\u00e9.  \u00ab C\u2019est juste une joie de porter avec nous les pri\u00e8res de tant de gens et de pouvoir interc\u00e9der pour eux.  Bien souvent, au cours d\u2019une longue marche, nous retirerons certaines intentions de pri\u00e8re et les emporterons avec nous.<\/p>\n<p>Heidenreich a d\u00e9clar\u00e9 qu\u2019\u00eatre au sanctuaire \u00ab ressemble vraiment \u00e0 un jour de recueillement \u2013 \u200b\u200bcomme si nous pouvions revenir sur tout ce qui s\u2019est pass\u00e9 jusqu\u2019\u00e0 pr\u00e9sent \u2013 \u200b\u200bet \u00e0 une c\u00e9l\u00e9bration.  Nous c\u00e9l\u00e9brons tout ce que le Seigneur a fait et apportons un grand nombre de nos intentions que nous avons recueillies \u00e0 notre Sainte M\u00e8re.<\/p>\n<p>Comme ses compagnons p\u00e8lerins perp\u00e9tuels, Heidenreich a d\u00e9clar\u00e9 que c\u2019\u00e9tait une b\u00e9n\u00e9diction de d\u00e9couvrir le sanctuaire.<\/p>\n<p>\u00ab J\u2019attendais cela avec impatience depuis que j\u2019ai d\u00e9couvert que j\u2019\u00e9tais sur la Route Mariale.  \u2026 Je suis entr\u00e9 dans Mother of Mercy Hall et j\u2019ai d\u00fb prendre une profonde inspiration \u00bb, a-t-il d\u00e9clar\u00e9.  \u00ab\u00a0Ce (sanctuaire) est une b\u00e9n\u00e9diction pour notre pays, et c\u2019est une b\u00e9n\u00e9diction pour nous de pouvoir entrer et \u00eatre re\u00e7us par autant de compagnons de p\u00e8lerinage ici.\u00a0\u00bb<\/p>\n<p>Bien que le p\u00e8lerinage eucharistique national soit arriv\u00e9 plus tard en juin dans son archidioc\u00e8se de Milwaukee, Mary Ann Rauworth, membre de la paroisse Saint-Joseph de Big Bend, a fait le voyage de 140 milles au nord jusqu\u2019\u00e0 Champion pour assister aux festivit\u00e9s du p\u00e8lerinage.<\/p>\n<p>Lorsqu\u2019on lui a demand\u00e9 ce qui l\u2019avait amen\u00e9e au sanctuaire, elle a r\u00e9pondu : \u00ab L\u2019Eucharistie.  Je suis en feu avec le Seigneur.<\/p>\n<p>Elle a dit que sa rencontre avec le Seigneur eucharistique pendant la procession a \u00e9t\u00e9 \u00e9mouvante.  \u00ab Votre c\u0153ur se remplit.  Vous avez juste envie de pleurer \u00bb, a-t-elle d\u00e9clar\u00e9.  \u00abJ\u2019aime le Seigneur et j\u2019aime ce (p\u00e8lerinage).  A travers cette rencontre eucharistique, nous devons \u00e9clairer ces personnes.  Ils n\u2019en ont aucune id\u00e9e.  Donc avec \u00e7a, j\u2019esp\u00e8re que nous allons r\u00e9veiller plus de gens.<\/p>\n<p>Le p\u00e8re Aytona, recteur du sanctuaire, a d\u00e9clar\u00e9 que c\u2019\u00e9tait une b\u00e9n\u00e9diction d\u2019avoir autant de personnes \u00ab manifestant ext\u00e9rieurement leur foi en se joignant \u00e0 la procession \u00bb.<\/p>\n<p>\u00ab Les gens viennent ici de leur propre initiative pour montrer leur d\u00e9votion eucharistique, donc c\u2019est toujours bien \u00bb, a-t-il d\u00e9clar\u00e9.  \u00ab\u00a0Nous devons nous entraider et des choses comme celle-ci sont des opportunit\u00e9s, notamment pour montrer au monde, pour ainsi dire, que le Christ est vraiment pr\u00e9sent dans l\u2019Eucharistie.\u00a0\u00bb<\/p>\n<section class=\"ab-block-post-grid featuredpost aligncenter\">\n<h2 class=\"ab-post-grid-section-title\">Lire la suite Eucharistie<\/h2>\n<\/section>\n<p class=\"post-copyright\">Copyright \u00a9 2024 OSV Actualit\u00e9s<\/p>\n<p class=\"print-friendly\"><img decoding=\"async\" class=\"WP-PrintIcon\" src=\"https:\/\/editionsbussiere.com\/blog\/wp-content\/uploads\/2024\/06\/printer_famfamfam-3.gif\" alt=\"Imprimer\" title=\"Imprimer\" style=\"border: 0px;\"> Imprimer<\/p>\n<p>\t\t\t<!--<rdf:RDF xmlns:rdf=\"http:\/\/www.w3.org\/1999\/02\/22-rdf-syntax-ns#\"\n\t\t\txmlns:dc=\"http:\/\/purl.org\/dc\/elements\/1.1\/\"\n\t\t\txmlns:trackback=\"http:\/\/madskills.com\/public\/xml\/rss\/module\/trackback\/\">\n\t\t<rdf:Description rdf:about=\"https:\/\/catholicreview.org\/timing-of-pilgrimages-arrival-at-wisconsin-marian-shrine-in-champion-called-providential\/\"\n    dc:identifier=\"https:\/\/catholicreview.org\/timing-of-pilgrimages-arrival-at-wisconsin-marian-shrine-in-champion-called-providential\/\"\n    dc:title=\"Timing of pilgrimage&#8217;s arrival at Wisconsin Marian shrine in Champion called &#8216;providential&#8217;\"\n    trackback:ping=\"https:\/\/catholicreview.org\/timing-of-pilgrimages-arrival-at-wisconsin-marian-shrine-in-champion-called-providential\/trackback\/\" \/>\n<\/rdf:RDF>-->\n<\/p>\n<\/div>\n<h2>Un moment de supplication intime en vue de nous connecter avec Dieu. <\/h2>\n<p>Bien-aim\u00e9 P\u00e8re divin, j\u2019arrive en face de toi afin de te rendre gr\u00e2ce \u00e0 cause de cette nouvelle journ\u00e9e. Je te glorifie pour ton amour et aussi ta fid\u00e9lit\u00e9 envers moi. Je te demande de me remplir par ton esprit et de me fournir la gr\u00e2ce de te sentir pr\u00e8s de moi durant de cette journ\u00e9e. Je d\u00e9pose entre tes mains toutes mes inqui\u00e9tudes, mes joies, mes afflictions, mes d\u00e9sirs et mes esp\u00e9rances. Puisses ton Saint-Esprit \u00e9claire mon esprit et consolide ma foi, de sorte que je puisse avancer dans tes voies et r\u00e9aliser ta volont\u00e9. Octroie-moi la gr\u00e2ce de mener selon la compassion dont tu nous as enseign\u00e9 le mod\u00e8le \u00e0 travers ton Fils bien-aim\u00e9, J\u00e9sus-Christ.<\/p>\n<h3> Note de compr\u00e9hension : <\/h3>\n<p>La pratique de pri\u00e8re nous entra\u00eene au c\u0153ur de la famille sacr\u00e9e, dans laquelle le Tout-Puissant le Cr\u00e9ateur nous accueille tel ses prog\u00e9nitures bien-aim\u00e9s. \u00c0 travers ce lien familial, nous rencontrons la puissance et aussi la consolation en vue de affronter les d\u00e9fis de ce monde. Elle nous rem\u00e9more la parole de l\u2019ap\u00f4tre Pierre, celui-ci exhorte les chr\u00e9tiennes et les chr\u00e9tiens \u00e0 demeurer fermes dans foi, m\u00eame au milieu des \u00e9preuves de ce monde-ci.<\/p>\n<h3>\nRenforcer notre lien envers J\u00e9sus d\u00e8s le matin<\/h3>\n<p>Nous pouvons ruminer \u00e0 propos de l\u2019un des diff\u00e9rents \u00e9vangiles afin de nous ouvrir envers J\u00e9sus. Par exemple :<\/p>\n<h3>Jean 15, 9-17 : <\/h3>\n<p>\u00a0\u00bb Ce n\u2019est pas vous qui m\u2019avez choisi; mais c\u2019est moi qui vous ai choisis, et qui vous ai \u00e9tablis, afin que vous alliez, et que vous portiez du fruit, et que votre fruit demeure, afin que ce que vous demanderez au P\u00e8re en mon nom, il vous le donne. Ce que je vous commande, c\u2019est de vous aimer les uns les autres.\u00a0\u00bb<\/p>\n<h2> Demander pardon \u00e0 Dieu en raison de nos p\u00e9ch\u00e9s <\/h2>\n<p>Dieu J\u00e9sus, je viens te implorer de pardonner mes propres p\u00e9ch\u00e9s. Je suis que je ne suis pas sans d\u00e9faut et que j\u2019ai besoin de ton mis\u00e9ricorde. Je te demande de me lib\u00e9rer de tout ce qui me \u00e9loigne de toi et de me octroyer la gr\u00e2ce pour vivre en harmonie avec ta volont\u00e9. Que ta b\u00e9n\u00e9diction divine illumine les endroits les plus sombres de mon c\u0153ur, purifiant mon \u00eatre et me conduisant sur la route de la saintet\u00e9. Amen.<\/p>\n<h3> Discussion en le Seigneur de la m\u00eame mani\u00e8re que en compagnie de un ami. <\/h3>\n<p>Nous avons la possibilit\u00e9 de discuter envers Dieu comme \u00e0 un ami fid\u00e8le, lui confier nos joies et nos peines, l\u2019\u00c9ternel demander de l\u2019aide dans nos d\u00e9fis quotidiens. Par exemple : Dieu, b\u00e9n\u00e9diction en raison de cette in\u00e9dite journ\u00e9e. Je me pr\u00e9sente te prier de me soutenir \u00e0 \u00eatre tol\u00e9rant avec mes enfants et pour me accorder la vigueur d\u2019affronter aux d\u00e9fis de la journ\u00e9e. Je te confie mes projets et mes soucis, et je te demande de me montrer de quelle fa\u00e7on je suis en mesure de te servir et t\u2019honorer aujourd\u2019hui. Accorde-moi, \u00f4 Seigneur, ta sagesse pour que je puisse prendre les bonnes d\u00e9cisions et ton soutien pour traverser les \u00e9preuves avec foi. Amen.<\/p>\n<h3> Un moment de calme pour percevoir Dieu. <\/h3>\n<p>Apr\u00e8s la pri\u00e8re et la m\u00e9ditation, il est important de prendre un moment de silence afin de \u00e9couter cette voix de Dieu dans nos propres c\u0153urs. Dans ce silence, on peut ressentir sa pr\u00e9sence sereine et accueillir ses inspirations afin de la journ\u00e9e qui se.<\/p>\n<h3> Se orienter \u00e0 le Christ en vue de trouver cette paix int\u00e9rieure. <\/h3>\n<p>Nous avons la possibilit\u00e9 de prier J\u00e9sus de nous donner sa paix et m\u2019assister nous assister pour \u00e9couter sa parole. Par exemple :<br \/>\nSeigneur J\u00e9sus, je me pr\u00e9sente te prier de remplir mon c\u0153ur par ta tendresse. Je te demande de me d\u00e9gager de toutes pens\u00e9es et les diverses inqui\u00e9tudes m\u2019ennuient. Aide-moi pour \u00e9couter ta parole et \u00e0 la mettre en pratique dans ma vie. Que ton Esprit Saint, \u00f4 Christ, se transforme en ma force durant de cette journ\u00e9e. Amen.<\/p>\n<h3> Achever cette pri\u00e8re matinale en consacrant notre journ\u00e9e envers Dieu. <\/h3>\n<p>Nous pouvonsoffrir la journ\u00e9e \u00e0 l\u2019\u00e9gard de Dieu et m\u00eame lui demander pour la remplir de sa pr\u00e9sence et aussi de sa b\u00e9n\u00e9diction. Par exemple :<br \/>\nSeigneur, nous te remets cette journ\u00e9e entre tes mains. Que toutes de mes pas soit dirig\u00e9 par ta sagesse, que toutes de mes paroles soit inspir\u00e9e par ton amour. Que toutes mes actions soient accomplies selon ta divine volont\u00e9, pour ta divine gloire et l\u2019ensemble des bien. Que ta divine lumi\u00e8re \u00e9claire ma route et que tu habites mon c\u0153ur. Amen.<\/p>\n<h3> Invocation d\u2019imploration matinale. <\/h3>\n<p>La supplication du matin consiste \u00e0 implorer pour les besoins de tous les chr\u00e9tiennes et de nos chr\u00e9tiens. Nous avons la possibilit\u00e9 de prier pour les personnes dans le besoin, pour les malades, pour les personnes qui souffrent, pour les personnes qui se trouvent confront\u00e9es \u00e0 des difficult\u00e9s, pour les personnes d\u00e9courag\u00e9es et pour les personnes qui sont dans l\u2019erreur.<\/p>\n<h3> Prier en vue de l\u2019ensemble des individus au sein de le besoin. <\/p>\n<h3>\n<\/h3>\n<\/h3>\n<p>Divin, dans ta grande mis\u00e9ricorde, je te demandons en vue de l\u2019ensemble des personnes qui traversent d\u2019innombrables difficult\u00e9s financi\u00e8res. Que tu leur accordes la force et aussi la pers\u00e9v\u00e9rance pour surmonter ces \u00e9preuves, et \u00e9galement que tu leur apportes les ressources n\u00e9cessaires pour subvenir \u00e0 leurs besoins. Accorde-leur, Dieu Tout-Puissant, votre providence en vue de illuminer leur pas dans l\u2019obscurit\u00e9 de leurs soucis financiers.<\/p>\n<p>On te prions \u00e9galement en vue de toutes personnes qui luttent face \u00e0 de probl\u00e8mes de sant\u00e9. Que votre main puissante se pose sur elles, Seigneur, pour les gu\u00e9rir ainsi que les r\u00e9conforter dans leur douleur. Accorde-leur, Grand, la force et le courage afin de faire face \u00e0 leurs d\u00e9fis de sant\u00e9 en ayant confiance en ta divine providence.<\/p>\n<p>On te prions encore afin de l\u2019ensemble des personnes qui sont confront\u00e9es \u00e0 d\u2019innombrables difficult\u00e9s dans leur vie, que ce soit sur le domaine professionnel, relationnel ou encore \u00e9motionnel. Que votre gr\u00e2ce, Seigneur, devienne leur soutien et leur r\u00e9confort dans ces moments d\u2019\u00e9preuve. Accorde-leur, \u00f4, ton Esprit Saint en vue de \u00e9clairer leur chemin ainsi que les guider vers la s\u00e9r\u00e9nit\u00e9.<\/p>\n<p>Pour terminer, nous lui prions afin de chacune des personnes qui sont sans-abri, les personnes qui sont marginalis\u00e9es ainsi que exclues de la soci\u00e9t\u00e9. Que ta mis\u00e9ricorde, Seigneur, se r\u00e9pande sur elles comme la douce ros\u00e9e, leur apportant r\u00e9confort ainsi que espoir dans leur d\u00e9tresse. Accorde-leur, \u00f4, des mains g\u00e9n\u00e9reuses en vue de les aider et aussi des c\u0153urs compatissants en vue de les accueillir dans leur communaut\u00e9.<\/p>\n<h3> explication sur la pri\u00e8re du matin. <\/h3>\n<p>Durant la pri\u00e8re, nous \u00e9voquons nos c\u0153urs vers le Ciel, implorant la lumi\u00e8re de Dieu pour illuminer nos chemins t\u00e9n\u00e9breux. Marie, notre m\u00e8re, nous accompagne dans ce voyage, nous \u00e9duquant \u00e0 ruminer sur les myst\u00e8res de la vie de son divin enfant. Elle nous conduit \u00e0 J\u00e9sus, le lumi\u00e8re du monde, qui \u00e9claire nos t\u00e9n\u00e8bres et nous oriente vers la v\u00e9rit\u00e9.<br \/>\nLa supplication nous relie aussi \u00e0 notre communaut\u00e9 religieuse, la assembl\u00e9e des croyants, o\u00f9 nous communiquons nos joies et nos afflictions, nos espoirs et nos anxi\u00e9t\u00e9s. Unis, nous formons le corps du Christ, appel\u00e9s \u00e0 attester de son amour. Par nos invocations, nous sollicitons pour les n\u00e9cessit\u00e9s des chr\u00e9tiennes et des chr\u00e9tiens, offrant notre amour et notre piti\u00e9 \u00e0 ceux qui \u00e9prouvent.<br \/>\nUnissons nos voix dans la pri\u00e8re du matin, dans l\u2019unit\u00e9 de notre foi, en Marie, la m\u00e8re de notre Seigneur J\u00e9sus-Christ. Dans notre monde troubl\u00e9 par la guerre et la division, recourons \u00e0 la pri\u00e8re comme un moyen de retrouver la s\u00e9r\u00e9nit\u00e9 et l\u2019harmonie. Tout chr\u00e9tien peut faire d\u00e9poser une pri\u00e8re pour la m\u00e8re de dieu <a target=\"_blank\" rel=\"nofollow\" href=\"https:\/\/editionsbussiere.com\/blog\/goto\/https:\/\/www.avemariasound.org\/\" >sur la page de pri\u00e8re pour marie.<\/a> Que nos pri\u00e8res s\u2019\u00e9l\u00e8vent vers le ciel, comme une offrande agr\u00e9able \u00e0 Dieu, afin qu\u2019il guide nous guider nos pas sur le chemin de la v\u00e9rit\u00e9 et de la justice. Saint Paul nous dans ses lettres \u00e0 prier sans cesse, en toutes circonstances, afin que notre communion \u00e0 Dieu reste constante et ardente. La pri\u00e8re, quand elle est sinc\u00e8rement offerte, poss\u00e8de la capacit\u00e9 de changer nos c\u0153urs et de modifier le destin de l\u2019histoire.<\/p>\n<h2> \u00c9lever nos propres pri\u00e8res pour nos amis au Seigneur au lever du jour.<\/h2>\n<p>Cette ultime section de la pri\u00e8re du matin consiste \u00e0 prier pour nos proches proches, l\u2019ensemble de notre famille, nos coll\u00e8gues et notre communaut\u00e9. Nous pouvons prier pour leur bien-\u00eatre, leur bien-\u00eatre, leur tranquillit\u00e9, et leur abondance. Nous pouvons \u00e9galement prier pour nos adversaires et pour ces individus qui nous ont offens\u00e9s, et demander \u00e0 Dieu de nous aider \u00e0 leur propre pardonner et \u00e0 leur t\u00e9moigner de la compassion.<\/p>\n<h3> Implorer pour la vigueur et la tranquillit\u00e9 de nos proches.<\/h3>\n<p>Seigneur, nous autres te confions nos amis, nos propres familles ainsi que nos amis. Surveille, cher Dieu, sur eux, ainsi que pr\u00e9serve -les de tout risque et de toute affliction. Donne, \u00d4 Seigneur, la bien-\u00eatre du corps et de l\u2019esprit pour eux, ainsi que la paix au sein de leur esprit. Que ta b\u00e9n\u00e9diction puissante les esprits veille avec les personnes conduise chacun au long de cette journ\u00e9e, pour qu\u2019ils vivent dans la tranquillit\u00e9 et la paix.<\/p>\n<p>Nous te prions aussi pour notre enfants, Seigneur tout-puissant, afin qu\u2019ils grandissent dans la foi et dans l\u2019amour de ton b\u00e9ni nom. Donne, \u00f4 Dieu, la sagesse avec la vigueur n\u00e9cessaires afin de affronter les d\u00e9fis de la vie, et aussi guide leurs pas sur le chemin de la v\u00e9rit\u00e9 ainsi que de la justice.<\/p>\n<p>Enfin, nous te prions pour nos amis et nos voisins, Seigneur, pour qu\u2019ils d\u00e9couvrent la joie de ton amour avec la tranquillit\u00e9 de ton pardon. Donne-leur, \u00f4 Dieu, des c\u0153urs bienveillants pour partager avec ceux qui dans le besoin, et bras accueillantes afin de accueillir ceux qui sont seuls ainsi que abandonn\u00e9s.<\/p>\n<h3> Prier pour nos ennemis et ceux que nous ont offens\u00e9s. <\/h3>\n<p>Seigneur, le Christ, nous te prions pour nos ennemis et aussi pour ceux-ci qui sont nous-m\u00eames ont offens\u00e9s. Accorde-leur, \u00f4 Christ, ta mis\u00e9ricorde et aussi votre pardon, ainsi que ouvre leur c\u0153ur \u00e0 la lumi\u00e8re de ta v\u00e9rit\u00e9. Aide-nous, Seigneur, \u00e0 leur montrer de la compassion ainsi que \u00e0 leur pardonner comme tu nous-m\u00eames as pardonn\u00e9. Que ta paix r\u00e8gne dans notre c\u0153urs et aussi que votre amour guide notre actions, pour que nous puissions vivre en harmonie avec tous ceux qui sont nous-m\u00eames entourent.<\/p>\n<h3> Appr\u00e9hender la pri\u00e8re : <\/h3>\n<p>Pour terminer, la pri\u00e8re nous souviens notre mission tel que prog\u00e9niture de Dieu : se trouver des observateurs de sa clart\u00e9 et de son amour dans une \u00e8re touch\u00e9e aux t\u00e9n\u00e8bres. \u00c0 travers nos mots et nos \u0153uvres, nous propageons l\u2019\u00c9vangile de l\u2019 paix et de la conciliation, amenant l\u2019attente et la r\u00e9paration \u00e0 un milieu ab\u00eem\u00e9.<\/p>\n<p>Au sein de la spiritualit\u00e9 chr\u00e9tienne, le aube porte une importance particuli\u00e8re, symbolisant le rafra\u00eechissement et l\u2019 reconstruction spirituelle. C\u2019est \u00e0 l\u2019aube de chaque journ\u00e9e que l\u2019esprit se oriente vers Dieu dans la pri\u00e8re, cherchant \u00e0 se trouver \u00e9clair\u00e9e par la lumi\u00e8re surnaturelle. La pratique des pri\u00e8res matinales se r\u00e9v\u00e8le profond\u00e9ment enracin\u00e9e dans la tradition chr\u00e9tienne, proposant une p\u00e9riode exclusif pour communier avec l\u2019\u00c9ternel et se pr\u00e9parer spirituellement aux d\u00e9fis de la journ\u00e9e qui s\u2019annonce.<\/p>\n<p>En l\u2019int\u00e9rieur de ces pri\u00e8res matinales se observe souvent une d\u00e9votion sp\u00e9ciale \u00e0 l\u2019\u00e9gard de Marie, la m\u00e8re de J\u00e9sus et aussi figure sainte v\u00e9n\u00e9r\u00e9e par beaucoup fid\u00e8les. En tant de interm\u00e9diaire parmi les hommes et Dieu, Marie reste invoqu\u00e9e afin de interc\u00e9der pour nous, nous-m\u00eames guidant sur le chemin de la saintet\u00e9 ainsi que de la gr\u00e2ce divine. Ses apparition maternelle fournit r\u00e9confort et protection, cercant nos pri\u00e8re matinales avec une d\u00e9licatesse c\u00e9leste.<\/p>\n<p>En par les pri\u00e8re du matin, nous sommes appel\u00e9s \u00e0 nous joindre \u00e0 Marie dans une initiative de purification personnelle. Dans m\u00e9ditant au sujet de sa vie et ses vertus, nous explorons \u00e0 imiter son humilit\u00e9, sa puret\u00e9 et son ob\u00e9issance \u00e0 la volont\u00e9 du Dieu. Par le biais de sa saintet\u00e9 parfaite, Marie devient pour nous une mod\u00e8le pour vie chr\u00e9tienne, nous rappelant l\u2019importance de la pri\u00e8re ainsi que du contemplation dans notre cheminement spirituel.<\/p>\n<p>La r\u00e9citation du matin se trouve \u00eatre un instant privil\u00e9gi\u00e9 pour se consacrer \u00e0 Dieu avec l\u2019intercession de Marie, en lui pr\u00e9sentant nos louanges, nos reconnaissances ainsi que nos intentions les plus intimes. Au sein de l\u2019 qui\u00e9tude de l\u2019aurore, on est invit\u00e9s \u00e0 se tourner vers la maman sacr\u00e9e, qui nous guide par douceur sur le chemin de la foi et l\u2019amour divin. En unissant nos voix \u00e0 celle de Marie, on \u00e9levons notre pri\u00e8res matinales vers du tr\u00f4ne du la gr\u00e2ce, confiants que notre supplications seront entendues et accueillies par le c\u0153ur mis\u00e9ricordieux de Dieu.<\/p>\n<p>Parutions sur le m\u00eame sujet:<\/p>\n<p>Plan d\u2019une biblioth\u00e8que universelle\/Th\u00e9ologie.,<a target=\"_blank\" rel=\"nofollow\" href=\"https:\/\/editionsbussiere.com\/blog\/goto\/https:\/\/fr.wikisource.org\/wiki\/Plan_d%E2%80%99une_biblioth%C3%A8que_universelle\/Th%C3%A9ologie\"  target=\"_blank\" rel=\"noopener noreferrer nofollow\">Ici.<\/a><span><\/span><\/p>\n<p>Lourdes\/Cinqui\u00e8me journ\u00e9e\/Chapitre IV.,<a target=\"_blank\" rel=\"nofollow\" href=\"https:\/\/editionsbussiere.com\/blog\/goto\/https:\/\/fr.wikisource.org\/wiki\/Lourdes\/Cinqui%C3%A8me_journ%C3%A9e\/Chapitre_IV\"  target=\"_blank\" rel=\"noopener noreferrer nofollow\">L\u2019article de presse.<\/a><span><\/span><\/p>\n<p>Les Oiseaux de passage (S\u00e9galas)\/03\/06.,<a target=\"_blank\" rel=\"nofollow\" href=\"https:\/\/editionsbussiere.com\/blog\/goto\/https:\/\/fr.wikisource.org\/wiki\/Les_Oiseaux_de_passage_(S%C3%A9galas)\/03\/06\"  target=\"_blank\" rel=\"noopener noreferrer nofollow\">L\u2019article ICI.<\/a><span><\/span>. Suite sur le prochain article.<\/p>\n<p>La Petite Fadette (illustr\u00e9, Hetzel 1852)\/Chapitre 22.,<a target=\"_blank\" rel=\"nofollow\" href=\"https:\/\/editionsbussiere.com\/blog\/goto\/https:\/\/fr.wikisource.org\/wiki\/La_Petite_Fadette_(illustr%C3%A9,_Hetzel_1852)\/Chapitre_22\"  target=\"_blank\" rel=\"noopener noreferrer nofollow\">Le dossier.<\/a><span><\/span>. Suite sur le prochain article.<\/p>\n<p>L\u2019Antoniade\/Premier \u00c2ge\/D\u00e9dicace.,<a target=\"_blank\" rel=\"nofollow\" href=\"https:\/\/editionsbussiere.com\/blog\/goto\/https:\/\/fr.wikisource.org\/wiki\/L%E2%80%99Antoniade\/Premier_%C3%82ge\/D%C3%A9dicace\"  target=\"_blank\" rel=\"noopener noreferrer nofollow\">Ici.<\/a><span><\/span><\/p>\n<p>Chansons populaires enfantines\/Il \u00e9tait un petit navire.,<a target=\"_blank\" rel=\"nofollow\" href=\"https:\/\/editionsbussiere.com\/blog\/goto\/https:\/\/fr.wikisource.org\/wiki\/Chansons_populaires_enfantines\/Il_%C3%A9tait_un_petit_navire\"  target=\"_blank\" rel=\"noopener noreferrer nofollow\">Ici.<\/a><span><\/span>. Suite sur le prochain article.<\/p>\n<\/div>\n<p><img decoding=\"async\" class=\"wpe_imgrss\" src=\"https:\/\/editionsbussiere.com\/blog\/wp-content\/uploads\/2024\/06\/Moment-de-larrivee-du-pelerinage-au-sanctuaire-marial-du-Wisconsin.jpg\">Cet article a \u00e9t\u00e9 reconstitu\u00e9 du mieux possible. Dans l\u2019hypoth\u00e8se o\u00f9 vous souhaitez apporter quelques modifications concernant le th\u00e8me \u00ab\u00a0Editions \u00e9sot\u00e9rique fond\u00e9e en 1927\u00a0\u00bb, il est possible de discuter avec notre r\u00e9daction. Vous pouvez tirer profit de cet article traitant le sujet \u00ab\u00a0Editions \u00e9sot\u00e9rique fond\u00e9e en 1927\u00a0\u00bb. Il est concoct\u00e9 par l\u2019\u00e9quipe editionsbussiere.com. Le site editionsbussiere.com est fait pour cr\u00e9er divers posts autour du th\u00e8me Editions \u00e9sot\u00e9rique fond\u00e9e en 1927 d\u00e9velopp\u00e9es sur internet. Consultez notre site internet editionsbussiere.com et nos r\u00e9seaux sociaux pour \u00eatre au courant des futures annonces.<\/p>\n","protected":false},"excerpt":{"rendered":"<p>CHAMPION, Wisconsin (OSV News) \u2014 Deux jours apr\u00e8s que les \u00e9v\u00eaques am\u00e9ricains ont approuv\u00e9 une proposition visant \u00e0 examiner la cause de canonisation d\u2019Adele Brise, le p\u00e8lerinage eucharistique national est arriv\u00e9 au sanctuaire national de Notre-Dame de Champion le 16 juin. apparitions que Brise connut en 1859. Le timing des deux \u00e9v\u00e9nements n\u2019a pas \u00e9chapp\u00e9 [&hellip;]<\/p>\n","protected":false},"author":3,"featured_media":843,"comment_status":"closed","ping_status":"closed","sticky":false,"template":"","format":"standard","meta":{"footnotes":""},"categories":[3],"tags":[],"class_list":["post-842","post","type-post","status-publish","format-standard","has-post-thumbnail","hentry","category-editions-esoterique-fondee-en-1927-depeches","entry","fw-tab-6 fw-tabr-4","has-featured-image"],"yoast_head":"<!-- This site is optimized with the Yoast SEO plugin v27.5 - https:\/\/yoast.com\/product\/yoast-seo-wordpress\/ -->\n<title>Moment de l\u2019arriv\u00e9e du p\u00e8lerinage au sanctuaire marial du Wisconsin \u00e0 Champion appel\u00e9 \u00ab providentiel \u00bb et invocation en d\u00e9but de journ\u00e9e. - EDITIONSBUSSIERE<\/title>\n<meta name=\"robots\" content=\"index, follow, max-snippet:-1, max-image-preview:large, max-video-preview:-1\" \/>\n<link rel=\"canonical\" href=\"https:\/\/editionsbussiere.com\/blog\/moment-de-larrivee-du-pelerinage-au-sanctuaire-marial-du-wisconsin-a-champion-appele-providentiel-et-invocation-en-debut-de-journee\/\" \/>\n<meta property=\"og:locale\" content=\"fr_FR\" \/>\n<meta property=\"og:type\" content=\"article\" \/>\n<meta property=\"og:title\" content=\"Moment de l\u2019arriv\u00e9e du p\u00e8lerinage au sanctuaire marial du Wisconsin \u00e0 Champion appel\u00e9 \u00ab providentiel \u00bb et invocation en d\u00e9but de journ\u00e9e. - EDITIONSBUSSIERE\" \/>\n<meta property=\"og:description\" content=\"CHAMPION, Wisconsin (OSV News) \u2014 Deux jours apr\u00e8s que les \u00e9v\u00eaques am\u00e9ricains ont approuv\u00e9 une proposition visant \u00e0 examiner la cause de canonisation d\u2019Adele Brise, le p\u00e8lerinage eucharistique national est arriv\u00e9 au sanctuaire national de Notre-Dame de Champion le 16 juin. apparitions que Brise connut en 1859. Le timing des deux \u00e9v\u00e9nements n\u2019a pas \u00e9chapp\u00e9 [&hellip;]\" \/>\n<meta property=\"og:url\" content=\"https:\/\/editionsbussiere.com\/blog\/moment-de-larrivee-du-pelerinage-au-sanctuaire-marial-du-wisconsin-a-champion-appele-providentiel-et-invocation-en-debut-de-journee\/\" \/>\n<meta property=\"og:site_name\" content=\"EDITIONSBUSSIERE\" \/>\n<meta property=\"article:published_time\" content=\"2024-06-18T19:04:39+00:00\" \/>\n<meta property=\"og:image\" content=\"https:\/\/editionsbussiere.com\/blog\/wp-content\/uploads\/2024\/06\/Moment-de-larrivee-du-pelerinage-au-sanctuaire-marial-du-Wisconsin.jpg\" \/>\n<meta name=\"author\" content=\"Marie BATICLE\" \/>\n<meta name=\"twitter:card\" content=\"summary_large_image\" \/>\n<meta name=\"twitter:label1\" content=\"\u00c9crit par\" \/>\n\t<meta name=\"twitter:data1\" content=\"Marie BATICLE\" \/>\n\t<meta name=\"twitter:label2\" content=\"Dur\u00e9e de lecture estim\u00e9e\" \/>\n\t<meta name=\"twitter:data2\" content=\"21 minutes\" \/>\n<script type=\"application\/ld+json\" class=\"yoast-schema-graph\">{\"@context\":\"https:\\\/\\\/schema.org\",\"@graph\":[{\"@type\":\"Article\",\"@id\":\"https:\\\/\\\/editionsbussiere.com\\\/blog\\\/moment-de-larrivee-du-pelerinage-au-sanctuaire-marial-du-wisconsin-a-champion-appele-providentiel-et-invocation-en-debut-de-journee\\\/#article\",\"isPartOf\":{\"@id\":\"https:\\\/\\\/editionsbussiere.com\\\/blog\\\/moment-de-larrivee-du-pelerinage-au-sanctuaire-marial-du-wisconsin-a-champion-appele-providentiel-et-invocation-en-debut-de-journee\\\/\"},\"author\":{\"name\":\"Marie BATICLE\",\"@id\":\"https:\\\/\\\/editionsbussiere.com\\\/blog\\\/#\\\/schema\\\/person\\\/ec90e102792148c97e46ab871010dd8f\"},\"headline\":\"Moment de l\u2019arriv\u00e9e du p\u00e8lerinage au sanctuaire marial du Wisconsin \u00e0 Champion appel\u00e9 \u00ab providentiel \u00bb et invocation en d\u00e9but de journ\u00e9e.\",\"datePublished\":\"2024-06-18T19:04:39+00:00\",\"mainEntityOfPage\":{\"@id\":\"https:\\\/\\\/editionsbussiere.com\\\/blog\\\/moment-de-larrivee-du-pelerinage-au-sanctuaire-marial-du-wisconsin-a-champion-appele-providentiel-et-invocation-en-debut-de-journee\\\/\"},\"wordCount\":4290,\"publisher\":{\"@id\":\"https:\\\/\\\/editionsbussiere.com\\\/blog\\\/#organization\"},\"image\":{\"@id\":\"https:\\\/\\\/editionsbussiere.com\\\/blog\\\/moment-de-larrivee-du-pelerinage-au-sanctuaire-marial-du-wisconsin-a-champion-appele-providentiel-et-invocation-en-debut-de-journee\\\/#primaryimage\"},\"thumbnailUrl\":\"https:\\\/\\\/editionsbussiere.com\\\/blog\\\/wp-content\\\/uploads\\\/2024\\\/06\\\/Moment-de-larrivee-du-pelerinage-au-sanctuaire-marial-du-Wisconsin.jpg\",\"articleSection\":[\"Editions \u00c9sot\u00e9rique Fond\u00e9e En 1927; D\u00e9p\u00e8ches:\"],\"inLanguage\":\"fr-FR\"},{\"@type\":\"WebPage\",\"@id\":\"https:\\\/\\\/editionsbussiere.com\\\/blog\\\/moment-de-larrivee-du-pelerinage-au-sanctuaire-marial-du-wisconsin-a-champion-appele-providentiel-et-invocation-en-debut-de-journee\\\/\",\"url\":\"https:\\\/\\\/editionsbussiere.com\\\/blog\\\/moment-de-larrivee-du-pelerinage-au-sanctuaire-marial-du-wisconsin-a-champion-appele-providentiel-et-invocation-en-debut-de-journee\\\/\",\"name\":\"Moment de l\u2019arriv\u00e9e du p\u00e8lerinage au sanctuaire marial du Wisconsin \u00e0 Champion appel\u00e9 \u00ab providentiel \u00bb et invocation en d\u00e9but de journ\u00e9e. - EDITIONSBUSSIERE\",\"isPartOf\":{\"@id\":\"https:\\\/\\\/editionsbussiere.com\\\/blog\\\/#website\"},\"primaryImageOfPage\":{\"@id\":\"https:\\\/\\\/editionsbussiere.com\\\/blog\\\/moment-de-larrivee-du-pelerinage-au-sanctuaire-marial-du-wisconsin-a-champion-appele-providentiel-et-invocation-en-debut-de-journee\\\/#primaryimage\"},\"image\":{\"@id\":\"https:\\\/\\\/editionsbussiere.com\\\/blog\\\/moment-de-larrivee-du-pelerinage-au-sanctuaire-marial-du-wisconsin-a-champion-appele-providentiel-et-invocation-en-debut-de-journee\\\/#primaryimage\"},\"thumbnailUrl\":\"https:\\\/\\\/editionsbussiere.com\\\/blog\\\/wp-content\\\/uploads\\\/2024\\\/06\\\/Moment-de-larrivee-du-pelerinage-au-sanctuaire-marial-du-Wisconsin.jpg\",\"datePublished\":\"2024-06-18T19:04:39+00:00\",\"breadcrumb\":{\"@id\":\"https:\\\/\\\/editionsbussiere.com\\\/blog\\\/moment-de-larrivee-du-pelerinage-au-sanctuaire-marial-du-wisconsin-a-champion-appele-providentiel-et-invocation-en-debut-de-journee\\\/#breadcrumb\"},\"inLanguage\":\"fr-FR\",\"potentialAction\":[{\"@type\":\"ReadAction\",\"target\":[\"https:\\\/\\\/editionsbussiere.com\\\/blog\\\/moment-de-larrivee-du-pelerinage-au-sanctuaire-marial-du-wisconsin-a-champion-appele-providentiel-et-invocation-en-debut-de-journee\\\/\"]}]},{\"@type\":\"ImageObject\",\"inLanguage\":\"fr-FR\",\"@id\":\"https:\\\/\\\/editionsbussiere.com\\\/blog\\\/moment-de-larrivee-du-pelerinage-au-sanctuaire-marial-du-wisconsin-a-champion-appele-providentiel-et-invocation-en-debut-de-journee\\\/#primaryimage\",\"url\":\"https:\\\/\\\/editionsbussiere.com\\\/blog\\\/wp-content\\\/uploads\\\/2024\\\/06\\\/Moment-de-larrivee-du-pelerinage-au-sanctuaire-marial-du-Wisconsin.jpg\",\"contentUrl\":\"https:\\\/\\\/editionsbussiere.com\\\/blog\\\/wp-content\\\/uploads\\\/2024\\\/06\\\/Moment-de-larrivee-du-pelerinage-au-sanctuaire-marial-du-Wisconsin.jpg\",\"width\":900,\"height\":600,\"caption\":\"Moment de larrivee du pelerinage au sanctuaire marial du Wisconsin\"},{\"@type\":\"BreadcrumbList\",\"@id\":\"https:\\\/\\\/editionsbussiere.com\\\/blog\\\/moment-de-larrivee-du-pelerinage-au-sanctuaire-marial-du-wisconsin-a-champion-appele-providentiel-et-invocation-en-debut-de-journee\\\/#breadcrumb\",\"itemListElement\":[{\"@type\":\"ListItem\",\"position\":1,\"name\":\"Accueil\",\"item\":\"https:\\\/\\\/editionsbussiere.com\\\/blog\\\/\"},{\"@type\":\"ListItem\",\"position\":2,\"name\":\"Moment de l\u2019arriv\u00e9e du p\u00e8lerinage au sanctuaire marial du Wisconsin \u00e0 Champion appel\u00e9 \u00ab providentiel \u00bb et invocation en d\u00e9but de journ\u00e9e.\"}]},{\"@type\":\"WebSite\",\"@id\":\"https:\\\/\\\/editionsbussiere.com\\\/blog\\\/#website\",\"url\":\"https:\\\/\\\/editionsbussiere.com\\\/blog\\\/\",\"name\":\"EDITIONSBUSSIERE\",\"description\":\"Editions \u00e9sot\u00e9rique fond\u00e9e en 1927; site historique, A SAVOIR ET RETENIR.\",\"publisher\":{\"@id\":\"https:\\\/\\\/editionsbussiere.com\\\/blog\\\/#organization\"},\"potentialAction\":[{\"@type\":\"SearchAction\",\"target\":{\"@type\":\"EntryPoint\",\"urlTemplate\":\"https:\\\/\\\/editionsbussiere.com\\\/blog\\\/?s={search_term_string}\"},\"query-input\":{\"@type\":\"PropertyValueSpecification\",\"valueRequired\":true,\"valueName\":\"search_term_string\"}}],\"inLanguage\":\"fr-FR\"},{\"@type\":\"Organization\",\"@id\":\"https:\\\/\\\/editionsbussiere.com\\\/blog\\\/#organization\",\"name\":\"editionsbussiere\",\"url\":\"https:\\\/\\\/editionsbussiere.com\\\/blog\\\/\",\"logo\":{\"@type\":\"ImageObject\",\"inLanguage\":\"fr-FR\",\"@id\":\"https:\\\/\\\/editionsbussiere.com\\\/blog\\\/#\\\/schema\\\/logo\\\/image\\\/\",\"url\":\"https:\\\/\\\/editionsbussiere.com\\\/blog\\\/wp-content\\\/uploads\\\/2023\\\/09\\\/cropped-buss.gif\",\"contentUrl\":\"https:\\\/\\\/editionsbussiere.com\\\/blog\\\/wp-content\\\/uploads\\\/2023\\\/09\\\/cropped-buss.gif\",\"width\":298,\"height\":120,\"caption\":\"editionsbussiere\"},\"image\":{\"@id\":\"https:\\\/\\\/editionsbussiere.com\\\/blog\\\/#\\\/schema\\\/logo\\\/image\\\/\"}},{\"@type\":\"Person\",\"@id\":\"https:\\\/\\\/editionsbussiere.com\\\/blog\\\/#\\\/schema\\\/person\\\/ec90e102792148c97e46ab871010dd8f\",\"name\":\"Marie BATICLE\",\"image\":{\"@type\":\"ImageObject\",\"inLanguage\":\"fr-FR\",\"@id\":\"https:\\\/\\\/secure.gravatar.com\\\/avatar\\\/c923e52403b1b8137e2d929127211d21967e6aecaa053bd43b09da29f212e76e?s=96&d=mm&r=g\",\"url\":\"https:\\\/\\\/secure.gravatar.com\\\/avatar\\\/c923e52403b1b8137e2d929127211d21967e6aecaa053bd43b09da29f212e76e?s=96&d=mm&r=g\",\"contentUrl\":\"https:\\\/\\\/secure.gravatar.com\\\/avatar\\\/c923e52403b1b8137e2d929127211d21967e6aecaa053bd43b09da29f212e76e?s=96&d=mm&r=g\",\"caption\":\"Marie BATICLE\"},\"url\":\"https:\\\/\\\/editionsbussiere.com\\\/blog\\\/author\\\/eremarie\\\/\"}]}<\/script>\n<!-- \/ Yoast SEO plugin. -->","yoast_head_json":{"title":"Moment de l\u2019arriv\u00e9e du p\u00e8lerinage au sanctuaire marial du Wisconsin \u00e0 Champion appel\u00e9 \u00ab providentiel \u00bb et invocation en d\u00e9but de journ\u00e9e. - EDITIONSBUSSIERE","robots":{"index":"index","follow":"follow","max-snippet":"max-snippet:-1","max-image-preview":"max-image-preview:large","max-video-preview":"max-video-preview:-1"},"canonical":"https:\/\/editionsbussiere.com\/blog\/moment-de-larrivee-du-pelerinage-au-sanctuaire-marial-du-wisconsin-a-champion-appele-providentiel-et-invocation-en-debut-de-journee\/","og_locale":"fr_FR","og_type":"article","og_title":"Moment de l\u2019arriv\u00e9e du p\u00e8lerinage au sanctuaire marial du Wisconsin \u00e0 Champion appel\u00e9 \u00ab providentiel \u00bb et invocation en d\u00e9but de journ\u00e9e. - EDITIONSBUSSIERE","og_description":"CHAMPION, Wisconsin (OSV News) \u2014 Deux jours apr\u00e8s que les \u00e9v\u00eaques am\u00e9ricains ont approuv\u00e9 une proposition visant \u00e0 examiner la cause de canonisation d\u2019Adele Brise, le p\u00e8lerinage eucharistique national est arriv\u00e9 au sanctuaire national de Notre-Dame de Champion le 16 juin. apparitions que Brise connut en 1859. Le timing des deux \u00e9v\u00e9nements n\u2019a pas \u00e9chapp\u00e9 [&hellip;]","og_url":"https:\/\/editionsbussiere.com\/blog\/moment-de-larrivee-du-pelerinage-au-sanctuaire-marial-du-wisconsin-a-champion-appele-providentiel-et-invocation-en-debut-de-journee\/","og_site_name":"EDITIONSBUSSIERE","article_published_time":"2024-06-18T19:04:39+00:00","og_image":[{"url":"https:\/\/editionsbussiere.com\/blog\/wp-content\/uploads\/2024\/06\/Moment-de-larrivee-du-pelerinage-au-sanctuaire-marial-du-Wisconsin.jpg","type":"","width":"","height":""}],"author":"Marie BATICLE","twitter_card":"summary_large_image","twitter_misc":{"\u00c9crit par":"Marie BATICLE","Dur\u00e9e de lecture estim\u00e9e":"21 minutes"},"schema":{"@context":"https:\/\/schema.org","@graph":[{"@type":"Article","@id":"https:\/\/editionsbussiere.com\/blog\/moment-de-larrivee-du-pelerinage-au-sanctuaire-marial-du-wisconsin-a-champion-appele-providentiel-et-invocation-en-debut-de-journee\/#article","isPartOf":{"@id":"https:\/\/editionsbussiere.com\/blog\/moment-de-larrivee-du-pelerinage-au-sanctuaire-marial-du-wisconsin-a-champion-appele-providentiel-et-invocation-en-debut-de-journee\/"},"author":{"name":"Marie BATICLE","@id":"https:\/\/editionsbussiere.com\/blog\/#\/schema\/person\/ec90e102792148c97e46ab871010dd8f"},"headline":"Moment de l\u2019arriv\u00e9e du p\u00e8lerinage au sanctuaire marial du Wisconsin \u00e0 Champion appel\u00e9 \u00ab providentiel \u00bb et invocation en d\u00e9but de journ\u00e9e.","datePublished":"2024-06-18T19:04:39+00:00","mainEntityOfPage":{"@id":"https:\/\/editionsbussiere.com\/blog\/moment-de-larrivee-du-pelerinage-au-sanctuaire-marial-du-wisconsin-a-champion-appele-providentiel-et-invocation-en-debut-de-journee\/"},"wordCount":4290,"publisher":{"@id":"https:\/\/editionsbussiere.com\/blog\/#organization"},"image":{"@id":"https:\/\/editionsbussiere.com\/blog\/moment-de-larrivee-du-pelerinage-au-sanctuaire-marial-du-wisconsin-a-champion-appele-providentiel-et-invocation-en-debut-de-journee\/#primaryimage"},"thumbnailUrl":"https:\/\/editionsbussiere.com\/blog\/wp-content\/uploads\/2024\/06\/Moment-de-larrivee-du-pelerinage-au-sanctuaire-marial-du-Wisconsin.jpg","articleSection":["Editions \u00c9sot\u00e9rique Fond\u00e9e En 1927; D\u00e9p\u00e8ches:"],"inLanguage":"fr-FR"},{"@type":"WebPage","@id":"https:\/\/editionsbussiere.com\/blog\/moment-de-larrivee-du-pelerinage-au-sanctuaire-marial-du-wisconsin-a-champion-appele-providentiel-et-invocation-en-debut-de-journee\/","url":"https:\/\/editionsbussiere.com\/blog\/moment-de-larrivee-du-pelerinage-au-sanctuaire-marial-du-wisconsin-a-champion-appele-providentiel-et-invocation-en-debut-de-journee\/","name":"Moment de l\u2019arriv\u00e9e du p\u00e8lerinage au sanctuaire marial du Wisconsin \u00e0 Champion appel\u00e9 \u00ab providentiel \u00bb et invocation en d\u00e9but de journ\u00e9e. - EDITIONSBUSSIERE","isPartOf":{"@id":"https:\/\/editionsbussiere.com\/blog\/#website"},"primaryImageOfPage":{"@id":"https:\/\/editionsbussiere.com\/blog\/moment-de-larrivee-du-pelerinage-au-sanctuaire-marial-du-wisconsin-a-champion-appele-providentiel-et-invocation-en-debut-de-journee\/#primaryimage"},"image":{"@id":"https:\/\/editionsbussiere.com\/blog\/moment-de-larrivee-du-pelerinage-au-sanctuaire-marial-du-wisconsin-a-champion-appele-providentiel-et-invocation-en-debut-de-journee\/#primaryimage"},"thumbnailUrl":"https:\/\/editionsbussiere.com\/blog\/wp-content\/uploads\/2024\/06\/Moment-de-larrivee-du-pelerinage-au-sanctuaire-marial-du-Wisconsin.jpg","datePublished":"2024-06-18T19:04:39+00:00","breadcrumb":{"@id":"https:\/\/editionsbussiere.com\/blog\/moment-de-larrivee-du-pelerinage-au-sanctuaire-marial-du-wisconsin-a-champion-appele-providentiel-et-invocation-en-debut-de-journee\/#breadcrumb"},"inLanguage":"fr-FR","potentialAction":[{"@type":"ReadAction","target":["https:\/\/editionsbussiere.com\/blog\/moment-de-larrivee-du-pelerinage-au-sanctuaire-marial-du-wisconsin-a-champion-appele-providentiel-et-invocation-en-debut-de-journee\/"]}]},{"@type":"ImageObject","inLanguage":"fr-FR","@id":"https:\/\/editionsbussiere.com\/blog\/moment-de-larrivee-du-pelerinage-au-sanctuaire-marial-du-wisconsin-a-champion-appele-providentiel-et-invocation-en-debut-de-journee\/#primaryimage","url":"https:\/\/editionsbussiere.com\/blog\/wp-content\/uploads\/2024\/06\/Moment-de-larrivee-du-pelerinage-au-sanctuaire-marial-du-Wisconsin.jpg","contentUrl":"https:\/\/editionsbussiere.com\/blog\/wp-content\/uploads\/2024\/06\/Moment-de-larrivee-du-pelerinage-au-sanctuaire-marial-du-Wisconsin.jpg","width":900,"height":600,"caption":"Moment de larrivee du pelerinage au sanctuaire marial du Wisconsin"},{"@type":"BreadcrumbList","@id":"https:\/\/editionsbussiere.com\/blog\/moment-de-larrivee-du-pelerinage-au-sanctuaire-marial-du-wisconsin-a-champion-appele-providentiel-et-invocation-en-debut-de-journee\/#breadcrumb","itemListElement":[{"@type":"ListItem","position":1,"name":"Accueil","item":"https:\/\/editionsbussiere.com\/blog\/"},{"@type":"ListItem","position":2,"name":"Moment de l\u2019arriv\u00e9e du p\u00e8lerinage au sanctuaire marial du Wisconsin \u00e0 Champion appel\u00e9 \u00ab providentiel \u00bb et invocation en d\u00e9but de journ\u00e9e."}]},{"@type":"WebSite","@id":"https:\/\/editionsbussiere.com\/blog\/#website","url":"https:\/\/editionsbussiere.com\/blog\/","name":"EDITIONSBUSSIERE","description":"Editions \u00e9sot\u00e9rique fond\u00e9e en 1927; site historique, A SAVOIR ET RETENIR.","publisher":{"@id":"https:\/\/editionsbussiere.com\/blog\/#organization"},"potentialAction":[{"@type":"SearchAction","target":{"@type":"EntryPoint","urlTemplate":"https:\/\/editionsbussiere.com\/blog\/?s={search_term_string}"},"query-input":{"@type":"PropertyValueSpecification","valueRequired":true,"valueName":"search_term_string"}}],"inLanguage":"fr-FR"},{"@type":"Organization","@id":"https:\/\/editionsbussiere.com\/blog\/#organization","name":"editionsbussiere","url":"https:\/\/editionsbussiere.com\/blog\/","logo":{"@type":"ImageObject","inLanguage":"fr-FR","@id":"https:\/\/editionsbussiere.com\/blog\/#\/schema\/logo\/image\/","url":"https:\/\/editionsbussiere.com\/blog\/wp-content\/uploads\/2023\/09\/cropped-buss.gif","contentUrl":"https:\/\/editionsbussiere.com\/blog\/wp-content\/uploads\/2023\/09\/cropped-buss.gif","width":298,"height":120,"caption":"editionsbussiere"},"image":{"@id":"https:\/\/editionsbussiere.com\/blog\/#\/schema\/logo\/image\/"}},{"@type":"Person","@id":"https:\/\/editionsbussiere.com\/blog\/#\/schema\/person\/ec90e102792148c97e46ab871010dd8f","name":"Marie BATICLE","image":{"@type":"ImageObject","inLanguage":"fr-FR","@id":"https:\/\/secure.gravatar.com\/avatar\/c923e52403b1b8137e2d929127211d21967e6aecaa053bd43b09da29f212e76e?s=96&d=mm&r=g","url":"https:\/\/secure.gravatar.com\/avatar\/c923e52403b1b8137e2d929127211d21967e6aecaa053bd43b09da29f212e76e?s=96&d=mm&r=g","contentUrl":"https:\/\/secure.gravatar.com\/avatar\/c923e52403b1b8137e2d929127211d21967e6aecaa053bd43b09da29f212e76e?s=96&d=mm&r=g","caption":"Marie BATICLE"},"url":"https:\/\/editionsbussiere.com\/blog\/author\/eremarie\/"}]}},"_links":{"self":[{"href":"https:\/\/editionsbussiere.com\/blog\/wp-json\/wp\/v2\/posts\/842","targetHints":{"allow":["GET"]}}],"collection":[{"href":"https:\/\/editionsbussiere.com\/blog\/wp-json\/wp\/v2\/posts"}],"about":[{"href":"https:\/\/editionsbussiere.com\/blog\/wp-json\/wp\/v2\/types\/post"}],"author":[{"embeddable":true,"href":"https:\/\/editionsbussiere.com\/blog\/wp-json\/wp\/v2\/users\/3"}],"replies":[{"embeddable":true,"href":"https:\/\/editionsbussiere.com\/blog\/wp-json\/wp\/v2\/comments?post=842"}],"version-history":[{"count":0,"href":"https:\/\/editionsbussiere.com\/blog\/wp-json\/wp\/v2\/posts\/842\/revisions"}],"wp:featuredmedia":[{"embeddable":true,"href":"https:\/\/editionsbussiere.com\/blog\/wp-json\/wp\/v2\/media\/843"}],"wp:attachment":[{"href":"https:\/\/editionsbussiere.com\/blog\/wp-json\/wp\/v2\/media?parent=842"}],"wp:term":[{"taxonomy":"category","embeddable":true,"href":"https:\/\/editionsbussiere.com\/blog\/wp-json\/wp\/v2\/categories?post=842"},{"taxonomy":"post_tag","embeddable":true,"href":"https:\/\/editionsbussiere.com\/blog\/wp-json\/wp\/v2\/tags?post=842"}],"curies":[{"name":"wp","href":"https:\/\/api.w.org\/{rel}","templated":true}]}}