{"id":810,"date":"2024-06-15T18:47:40","date_gmt":"2024-06-15T16:47:40","guid":{"rendered":"https:\/\/editionsbussiere.com\/blog\/le-memoire-a-notre-dame-de-guadalupe-requete-au-petit-jour\/"},"modified":"2024-06-15T18:47:40","modified_gmt":"2024-06-15T16:47:40","slug":"le-memoire-a-notre-dame-de-guadalupe-requete-au-petit-jour","status":"publish","type":"post","link":"https:\/\/editionsbussiere.com\/blog\/le-memoire-a-notre-dame-de-guadalupe-requete-au-petit-jour\/","title":{"rendered":"Le M\u00e9moire \u00e0 Notre-Dame de Guadalupe\n &amp; requ\u00eate au petit jour."},"content":{"rendered":"<div><img width=\"580\" height=\"303\" src=\"https:\/\/editionsbussiere.com\/blog\/wp-content\/uploads\/2024\/06\/Le-Memoire-a-Notre-Dame-de-Guadalupe-requete-au-petit.jpg\" class=\"attachment-large size-large wp-post-image\" alt=\"Le M\u00e9moire \u00e0 Notre-Dame de Guadalupe &amp; requ\u00eate au petit\" style=\"float:left; margin:0 15px 15px 0;\" decoding=\"async\" srcset=\"https:\/\/editionsbussiere.com\/blog\/wp-content\/uploads\/2024\/06\/Le-Memoire-a-Notre-Dame-de-Guadalupe-requete-au-petit.jpg 788w, https:\/\/www.n42.fr\/wp-content\/uploads\/2024\/06\/Le-Memoire-a-Notre-Dame-de-Guadalupe-requete-au-petit-300x157.jpg 300w, https:\/\/www.n42.fr\/wp-content\/uploads\/2024\/06\/Le-Memoire-a-Notre-Dame-de-Guadalupe-requete-au-petit-768x402.jpg 768w\" sizes=\"(max-width: 580px) 100vw, 580px\"><\/p>\n<p>\n<\/p>\n<div>\n<p>Notre-Dame de Guadalupe, ic\u00f4ne v\u00e9n\u00e9r\u00e9e de la Vierge Marie, occupe une place particuli\u00e8re dans le tissu spirituel et culturel du Mexique et au-del\u00e0.  On pense qu&rsquo;elle est apparue \u00e0 Juan Diego, un paysan indig\u00e8ne, en 1531 sur la colline de Tepeyac, son image miraculeusement imprim\u00e9e sur sa tilma a inspir\u00e9 la d\u00e9votion pendant des si\u00e8cles.  Cette figure sacr\u00e9e, symbolisant la foi, l&rsquo;espoir et le m\u00e9lange des cultures indig\u00e8nes et espagnoles, continue d&rsquo;attirer chaque ann\u00e9e des millions de p\u00e8lerins vers sa basilique de Mexico, ce qui en fait l&rsquo;un des sites religieux les plus visit\u00e9s au monde.  Son histoire n\u2019est pas seulement un t\u00e9moignage d\u2019une foi miraculeuse, mais aussi un puissant embl\u00e8me d\u2019identit\u00e9 culturelle et de r\u00e9silience.<\/p>\n<pre class=\"wp-block-verse has-text-align-center\"><strong>Memorare to Our Lady of Guadalupe<\/strong>\r\n\r\nRemember, O most gracious Virgin Mary of Guadalupe, that in thy celestial apparitions on the mount of Tepeyac, thou didst promise to show thy compassion and pity towards all whom, loving and trusting thee, seek thy help and call upon thee in their necessities and afflictions. \r\n\r\nThou didst promise to hearken to our supplications, to dry our tears and to give us consolation and relief. Never was it known that anyone who fled to thy protection, implored thy help, or sought thy intercession, either for the common welfare, or in personal anxieties, was left unaided. \r\n\r\nInspired with this confidence, we fly unto thee, O Mary, ever Virgin Mother of the True God! Though grieving under the weight of our sins, we come to prostrate ourselves in thy august presence; certain that thou wilt deign to fulfill thy merciful promises. We are full of hope that, standing beneath thy shadow and protection, nothing will trouble or afflict us, nor need we fear illness, or misfortune, or any other sorrow. \r\n\r\nThou hast decided to remain with us through thy admirable image, thou who art our Mother, our health and our life. Placing ourselves beneath thy maternal gaze and having recourse to thee in all our necessities we need do nothing more. O Holy Mother of God, despise not our petitions, but in thy mercy hear and answer us. Amen.\r\n\r\n(Here mention your petition.)\r\nFive Hail Marys...in gratitude for the four apparitions to Juan Diego and the one to Juan Bernardino<\/pre>\n<p><!-- AI CONTENT END 2 -->\n\t\t<\/p>\n<\/div>\n<h2>Un moment de pri\u00e8re individuelle pour nous relier \u00e0 Dieu. <\/h2>\n<p>Adorable P\u00e8re des cieux, j\u2019arrive devant toi afin que je puisse te rendre gr\u00e2ce pour cette nouvelle journ\u00e9e. Je t\u2019adore en raison de ton amour ainsi que ton engagement envers moi. Je te demande de me remplir de ton esprit et de me donner la gr\u00e2ce de te sentir pr\u00e8s de moi durant de cette journ\u00e9e. Je te remets toutes mes inqui\u00e9tudes, mes plaisirs, mes afflictions, mes d\u00e9sirs et mes espoirs. Puisses ton Esprit Saint \u00e9claire de sa lumi\u00e8re mon esprit et renforce ma foi, afin que je puisse marcher dans ta voie et effectuer ta volont\u00e9. Accorde-moi la gr\u00e2ce de passer ma vie selon la compassion qui tu nous as enseign\u00e9 l\u2019exemple \u00e0 travers ton Fils admir\u00e9, J\u00e9sus-Christ.<\/p>\n<h3> Note \u00e0 propos de compr\u00e9hension : <\/h3>\n<p>La pri\u00e8re nous entra\u00eene au c\u0153ur de la famille divine, dans laquelle le Seigneur notre P\u00e8re nous prend tel ses enfants bien-aim\u00e9s. \u00c0 travers cette connexion familial, nous trouvons le courage et aussi la consolation afin de traverser les d\u00e9fis de ce. Elle nous renvoie \u00e0 la parole de l\u2019ap\u00f4tre Pierre, lequel exhorte les chr\u00e9tiennes et les chr\u00e9tiens \u00e0 demeurer fermes dans la foi, m\u00eame en au milieu des tourments de ce monde-ci.<\/p>\n<h3>\nRenforcer notre lien \u00e0 J\u00e9sus d\u00e8s chaque matin<\/h3>\n<p>Nous pouvons ruminer \u00e0 propos de l\u2019un des nombreux \u00e9vangiles en vue de nous connecter avec J\u00e9sus. Par exemple :<\/p>\n<h3>Jean 15, 9-17 : <\/h3>\n<p>\u00ab\u00a0Comme le P\u00e8re m\u2019a aim\u00e9, je vous ai aussi aim\u00e9s. Demeurez dans mon amour. Si vous gardez mes commandements, vous demeurerez dans mon amour, de m\u00eame que j\u2019ai gard\u00e9 les commandements de mon P\u00e8re et que je demeure dans son amour. Je vous ai dit ces choses, afin que ma joie soit en vous, et que votre joie soit parfaite.\u00a0\u00bb<\/p>\n<h2> Demander r\u00e9mission \u00e0 Dieu \u00e0 cause de nos p\u00e9ch\u00e9s <\/h2>\n<p>Ma\u00eetre J\u00e9sus, j\u2019arrive te prier de pardonner mes propres p\u00e9ch\u00e9s. Je reconnais que je ne suis pas irr\u00e9prochable et que j\u2019ai besoin de ton mis\u00e9ricorde. Je te demande de me d\u00e9livrer de chaque ce qui me s\u00e9pare de toi et de me accorder la gr\u00e2ce pour vivre en harmonie avec ta volont\u00e9. Que ta b\u00e9n\u00e9diction sacr\u00e9e illumine les coins les plus sombres de mon c\u0153ur, purifiant moi-m\u00eame et me m\u2019orientant sur la voie de la saintet\u00e9. Amen.<\/p>\n<h3> Discussion envers le Seigneur comme avec un ami. <\/h3>\n<p>Nous pouvons parler avec Dieu comme \u00e0 un ami proche, l\u2019\u00c9ternel confier nos joies et nos peines, lui demander de l\u2019aide dans nos d\u00e9fis quotidiens. Par exemple : Ma\u00eetre, b\u00e9n\u00e9diction pour cette nouvelle journ\u00e9e. Je viens te implorer m\u2019assister \u00e0 \u00eatre calme \u00e0 l\u2019\u00e9gard de mes enfants et pour me donner la force de faire face aux d\u00e9fis de la journ\u00e9e. Je te confie mes projets et mes soucis, et je sollicite de me montrer comment je ai la capacit\u00e9 de te assister et t\u2019honorer aujourd\u2019hui. Accorde-moi, \u00f4 Seigneur, ton intelligence afin de prendre les bonnes d\u00e9cisions et ta faveur pour traverser les \u00e9preuves avec foi. Amen.<\/p>\n<h3> Un moment de tranquillit\u00e9 pour entendre Dieu. <\/h3>\n<p>Apr\u00e8s la pri\u00e8re et cette m\u00e9ditation, il est essentiel de prendre un bref moment de silence pour \u00e9couter la voix de Dieu dans nos propres c\u0153urs. Dans ce silence, on peut ressentir sa pr\u00e9sence apaisante et recevoir ses inspirations pour la journ\u00e9e \u00e0.<\/p>\n<h3> Se tourner \u00e0 le Christ en vue de d\u00e9couvrir une paix int\u00e9rieure. <\/h3>\n<p>Nous sommes capables de prier J\u00e9sus m\u2019assister nous donner sa paix et de nous aider pour \u00e9couter sa parole. Par exemple :<br \/>\nSeigneur J\u00e9sus, je me pr\u00e9sente te implorer de remplir mon propre c\u0153ur de ta tendresse. Je te demande de me d\u00e9livrer de chaque pens\u00e9es et les inqui\u00e9tudes me perturbent. Aide-moi pour \u00e9couter ta parole et en vue de la mettre en pratique dans ma vie. Que ton Esprit Saint, \u00f4 Christ, soit ma force pendant toute la dur\u00e9e de cette journ\u00e9e. Amen.<\/p>\n<h3> Achever la pri\u00e8re matinale en consacrant notre journ\u00e9e \u00e0 Dieu. <\/h3>\n<p>Nous pouvonsoffrir notre journ\u00e9e \u00e0 Dieu m\u00eame lui demander de la remplir de sa pr\u00e9sence et aussi de sa b\u00e9n\u00e9diction. Par exemple :<br \/>\nSeigneur, nous te confesse cette journ\u00e9e entre ta mains. Que tous de mes pas soit dirig\u00e9 par ta sagesse, que chacune de mes paroles soit inspir\u00e9e par ta amour. Que toutes mes actions soient accomplies selon ta volont\u00e9, pour ta gloire et tous bien. Que ta lumi\u00e8re \u00e9claire ma route et que tu habites mon c\u0153ur. Amen.<\/p>\n<h3> Invocation d\u2019imploration matinale. <\/h3>\n<p>La pri\u00e8re du matin consiste \u00e0 implorer pour les besoins de nos chr\u00e9tiennes et de nos chr\u00e9tiens. Nous pouvons prier pour les personnes dans le besoin, pour les malades, pour les personnes qui se trouvent souffrent, pour les personnes qui confront\u00e9es \u00e0 des difficult\u00e9s, pour les personnes d\u00e9courag\u00e9es et pour les personnes qui sont dans l\u2019erreur.<\/p>\n<h3> Prier afin de chacun individus au sein de le besoin. <\/p>\n<h3>\n<\/h3>\n<\/h3>\n<p>\u00d4 Cr\u00e9ateur, dans votre grande mis\u00e9ricorde, tu te supplions en vue de toutes personnes qui traversent d\u2019innombrables difficult\u00e9s financi\u00e8res. Que vous leur accordes la force ainsi que la pers\u00e9v\u00e9rance pour affronter ces \u00e9preuves, ainsi que que lui leur apportes les ressources n\u00e9cessaires afin de subvenir \u00e0 l\u2019ensemble de leurs besoins. Accorde-leur, Dieu Tout-Puissant, sa providence pour illuminer leur pas dans l\u2019ombre de leurs soucis financiers.<\/p>\n<p>On te demandons \u00e9galement afin de toutes personnes qui luttent contre d\u2019innombrables probl\u00e8mes de sant\u00e9. Que votre main puissante se pose sur elles, Seigneur, pour les gu\u00e9rir et les r\u00e9conforter dans leur douleur. Accorde-leur, Dieu Tout-Puissant, la force et le courage pour faire face \u00e0 leurs d\u00e9fis de sant\u00e9 avec confiance en ta divine providence.<\/p>\n<p>Nous autres te demandons aussi pour toutes personnes qui sont confront\u00e9es vis-\u00e0-vis de d\u2019innombrables difficult\u00e9s dans leur vie, peu importe ce soit sur le plan professionnel, relationnel ou bien \u00e9motionnel. Que votre gr\u00e2ce, Seigneur, devienne leur soutien ainsi que leur r\u00e9confort dans ces moments d\u2019\u00e9preuve. Accorde-leur, \u00f4, ton Esprit Saint pour \u00e9clairer leur chemin ainsi que les guider vers la s\u00e9r\u00e9nit\u00e9.<\/p>\n<p>Pour terminer, nous vous prions pour l\u2019ensemble des personnes qui sont sans-abri, les personnes qui sont marginalis\u00e9es et exclues de la soci\u00e9t\u00e9. Que sa mis\u00e9ricorde, Seigneur, se r\u00e9pande sur elles comme une certaine douce ros\u00e9e, leur apportant r\u00e9confort et espoir dans leur d\u00e9tresse. Accorde-leur, \u00f4, des mains g\u00e9n\u00e9reuses en vue de les aider et des c\u0153urs compatissants afin de les accueillir dans leur communaut\u00e9.<\/p>\n<h3> \u00e9claircissement sur la pri\u00e8re du matin. <\/h3>\n<p>Durant la pri\u00e8re, nous \u00e9voquons nos c\u0153urs vers le Ciel, demandant la lumi\u00e8re de Dieu pour guider nos chemins t\u00e9n\u00e9breux. Marie, notre m\u00e8re, nous soutient dans ce parcours, nous instruisant \u00e0 ruminer sur les myst\u00e8res de la vie de son divin enfant. Elle nous guide vers J\u00e9sus, le rayon du monde, qui \u00e9claire nos t\u00e9n\u00e8bres et nous conduit \u00e0 la v\u00e9rit\u00e9.<br \/>\nLa supplication nous relie aussi \u00e0 notre communaut\u00e9 religieuse, la famille des croyants, o\u00f9 nous \u00e9changeons nos all\u00e9gresses et nos peines, nos esp\u00e9rances et nos anxi\u00e9t\u00e9s. Ensemble, nous formons le corps du Christ, appel\u00e9s \u00e0 attester de son affection. Par nos pri\u00e8res, nous pla\u00e7ons pour les besoins des croyantes et des croyants, offrant notre charit\u00e9 et notre piti\u00e9 \u00e0 ceux qui souffrent.<br \/>\nJoignons nos c\u0153urs dans la pri\u00e8re matinale, dans l\u2019unit\u00e9 de notre foi, en nous tournant vers Marie, la m\u00e8re de J\u00e9sus. Au sein de notre monde troubl\u00e9 par les conflits et la discorde, recourons \u00e0 la pri\u00e8re pour trouver pour retrouver la s\u00e9r\u00e9nit\u00e9 et l\u2019harmonie. Les chr\u00e9tiens ont la possibilit\u00e9 envoyer des v\u0153ux pour la Vierge Marie <a target=\"_blank\" rel=\"nofollow\" href=\"https:\/\/editionsbussiere.com\/blog\/goto\/https:\/\/www.avemariasound.org\/\" >gr\u00e2ce \u00e0 notre site.<\/a> Que nos pri\u00e8res montent vers le ciel, comme une offrande agr\u00e9able par Dieu, afin qu\u2019il puisse nous guider nos chemins vers la voie de la v\u00e9rit\u00e9 et de la justice. L\u2019ap\u00f4tre Paul nous dans ses \u00e9p\u00eetres \u00e0 maintenir une pri\u00e8re incessante, en toutes circonstances, pour que notre connexion \u00e0 Dieu soit constante et ardente. La pri\u00e8re, lorsqu\u2019elle est offerte sinc\u00e8rement, a la capacit\u00e9 pour transformer les c\u0153urs et d\u2019influer le destin de l\u2019histoire.<\/p>\n<h2> \u00c9lever nos pri\u00e8res pour notre entourage au Seigneur matin.<\/h2>\n<p>L\u2019ultime ultime \u00e9tape de la pri\u00e8re du matin consiste \u00e0 prier pour nos propres familles, notre propre famille, nos compagnons et notre propre communaut\u00e9. Nous pouvons prier pour leur, leur bonheur, leur tranquillit\u00e9, et leur prosp\u00e9rit\u00e9. Nous pouvons \u00e9galement prier pour nos d\u00e9tracteurs et pour ceux qui nous ont heurt\u00e9s, et demander \u00e0 Dieu de nous aider \u00e0 leur propre pardonner et \u00e0 leur d\u00e9montrer la compassion.<\/p>\n<h3> Demander pour la bien-\u00eatre et la s\u00e9curit\u00e9 de nos familles.<\/h3>\n<p>Dieu tout-puissant, nous autres te confions nos amis, nos familles et nos amis. Garde, \u00d4 Dieu, au-dessus de eux, ainsi que sauvegarde -les de tout danger et de toute maladie. Donne, \u00d4 Seigneur, une vigueur du corps et de l\u2019esprit pour eux, ainsi que la paix au sein de leur c\u0153ur. Puisses-tu permettre ta main puissante les \u00e2mes prot\u00e8ge avec les individus guide chacun au long de cette journ\u00e9e, afin qu\u2019ils puissent vivre dans une tranquillit\u00e9 ainsi que la paix.<\/p>\n<p>Nous tous te prions \u00e9galement pour notre enfants, Dieu, qu\u2019ils grandissent dans leur foi et dans l\u2019amour de ton saint nom. Offre, cher Dieu, la sagesse ainsi que la vigueur n\u00e9cessaires afin de faire face \u00e0 les obstacles de la vie, et aussi guide leurs pas le long de le chemin de la v\u00e9rit\u00e9 et aussi de la justice.<\/p>\n<p>Enfin, nous autres te prions en vue de nos amis et nos voisins, Seigneur, qu\u2019ils connaissent la joie de ton amour ainsi que la s\u00e9r\u00e9nit\u00e9 de ton pardon. Accorde-leur, \u00d4 Dieu, des c\u0153urs bienveillants en vue de partager avec ceux que dans le besoin, et bras largement ouvertes pour accueillir ceux qui sont seuls et aussi abandonn\u00e9s.<\/p>\n<h3> Prier pour les n\u00f4tres ennemis et ceux qui nous ont offens\u00e9s. <\/h3>\n<p>\u00d4 Seigneur, le Christ, nous t\u2019 prions pour nos ennemis et pour ces qui nous ont offens\u00e9s. Accorde-leur, \u00f4 Christ, ta mis\u00e9ricorde et votre pardon, et aussi ouvre leur c\u0153ur \u00e0 la lumi\u00e8re des ta v\u00e9rit\u00e9. Aide-nous, Seigneur Dieu, \u00e0 leur montrer de la compassion et aussi \u00e0 leur pardonner comme tu nous-m\u00eames as pardonn\u00e9. Que ta paix r\u00e8gne dans nos c\u0153urs ainsi que que ton amour guide nos actions, pour que nous puissions vivre en harmonie avec tous ceux qui nous-m\u00eames entourent.<\/p>\n<h3> Comprendre la pri\u00e8re : <\/h3>\n<p>Finalement, la invocation nous reconna\u00eet notre mission tel que enfants de l\u2019\u00c9ternel : \u00eatre des t\u00e9moins de l\u2019 lumi\u00e8re et de ses amour dans une p\u00e9riode en proie aux t\u00e9n\u00e8bres. \u00c0 travers nos paroles et nos actions, nous propageons le message de l\u2019 s\u00e9r\u00e9nit\u00e9 et de la conciliation, amenant l\u2019attente et la cicatrisation \u00e0 un contexte ab\u00eem\u00e9.<\/p>\n<p>Dans la spiritualit\u00e9 chr\u00e9tienne, le lever du jour porte une signification particuli\u00e8re, symbolisant le renouvellement et la renaissance int\u00e9rieure. C\u2019est au lever du jour de chaque jour que l\u2019esprit se dirige vers Dieu dans la pri\u00e8re, cherchant \u00e0 \u00eatre \u00e9clair\u00e9e par la lumi\u00e8re divine. La coutume des pri\u00e8res matinales est essentiellement enracin\u00e9e dans la tradition chr\u00e9tienne, proposant une p\u00e9riode particulier pour se connecter avec le Seigneur et se pr\u00e9parer mentalement aux d\u00e9fis de la journ\u00e9e qui vient.<\/p>\n<p>Au l\u2019int\u00e9rieur de ces oraisons matinales se observe habituellement une d\u00e9votion particuli\u00e8re pour Marie, la mam de J\u00e9sus et figure sainte ador\u00e9e par un grand nombre fid\u00e8les. En tant de intercesseur parmi les hommes et Dieu, Marie est invoqu\u00e9e pour intervenir pour nous, nous-m\u00eames conduisant dans le sentier de la saintet\u00e9 et ainsi que la gr\u00e2ce divine. Ses apparition maternelle donne apaisement et abri, cercant nos propres pri\u00e8res matinales d\u2019une tendresse c\u00e9leste.<\/p>\n<p>Au travers les pri\u00e8res du matin, on se trouve invit\u00e9s \u00e0 nous joindre \u00e0 Marie dans une d\u00e9marche de purification personnelle. Dans m\u00e9ditant sur la vie et ses vertus, on recherchons \u00e0 imiter son humilit\u00e9, sa puret\u00e9 et son ob\u00e9issance vers la volont\u00e9 de Dieu. Par le biais de sa saintet\u00e9 parfaite, Marie se transforme en pour nous un mod\u00e8le de vie chr\u00e9tienne, nous souvenant l\u2019importance de la pri\u00e8re ainsi que de la contemplation dans notre cheminement spirituel.<\/p>\n<p>La pri\u00e8re du matin est donc un instant avantag\u00e9 pour se consacrer \u00e0 Dieu avec l\u2019intercession de Marie, en lui pr\u00e9sentant nos adorations, nos actions de gr\u00e2ce ainsi que nos intentions les plus profondes. \u00c0 travers l\u2019 qui\u00e9tude de l\u2019aurore, nous sommes invit\u00e9s \u00e0 se tourner vers cette m\u00e8re sacr\u00e9e, qui on guide avec douceur sur du chemin de la croyance et du sentiment amoureux divin. En associant notre voix \u00e0 cette derni\u00e8re du Marie, nous \u00e9levons notre pri\u00e8res matinales vers le tr\u00f4ne du la gr\u00e2ce, assur\u00e9s que nos supplications seront entendues et accueillies aupr\u00e8s de le c\u0153ur mis\u00e9ricordieux de Dieu.<\/p>\n<p>Ce objet apporte des r\u00e9ponses \u00e0 vos recherches vous aimerez \u00e9galement ces publications :<\/p>\n<p>Saint Georges (Verhaeren).,<a target=\"_blank\" rel=\"nofollow\" href=\"https:\/\/editionsbussiere.com\/blog\/goto\/https:\/\/fr.wikisource.org\/wiki\/Saint_Georges_(Verhaeren)\"  target=\"_blank\" rel=\"noopener noreferrer nofollow\">Article complet.<\/a><span><\/span><\/p>\n<p>Les vitraux du Moyen \u00e2ge et de la Renaissance dans la r\u00e9gion lyonnaise\/1.02.,<a target=\"_blank\" rel=\"nofollow\" href=\"https:\/\/editionsbussiere.com\/blog\/goto\/https:\/\/fr.wikisource.org\/wiki\/Les_vitraux_du_Moyen_%C3%A2ge_et_de_la_Renaissance_dans_la_r%C3%A9gion_lyonnaise\/1.02\"  target=\"_blank\" rel=\"noopener noreferrer nofollow\">L\u2019article ICI.<\/a><span><\/span>. Suite sur le prochain article.<\/p>\n<p>Les Confessions (Tolsto\u00ef)\/14.,<a target=\"_blank\" rel=\"nofollow\" href=\"https:\/\/editionsbussiere.com\/blog\/goto\/https:\/\/fr.wikisource.org\/wiki\/Les_Confessions_(Tolsto%C3%AF)\/14\"  target=\"_blank\" rel=\"noopener noreferrer nofollow\">A lire ici.<\/a><span><\/span><\/p>\n<p>Le Livre des milles nuits et une nuit\/Tome 03\/Histoire de la mort du roi.,<a target=\"_blank\" rel=\"nofollow\" href=\"https:\/\/editionsbussiere.com\/blog\/goto\/https:\/\/fr.wikisource.org\/wiki\/Le_Livre_des_milles_nuits_et_une_nuit\/Tome_03\/Histoire_de_la_mort_du_roi\"  target=\"_blank\" rel=\"noopener noreferrer nofollow\">Le post d\u2019actualit\u00e9.<\/a><span><\/span><\/p>\n<p>L\u2019Antoniade\/Troisi\u00e8me \u00c2ge\/Dieu seul !.,<a target=\"_blank\" rel=\"nofollow\" href=\"https:\/\/editionsbussiere.com\/blog\/goto\/https:\/\/fr.wikisource.org\/wiki\/L%E2%80%99Antoniade\/Troisi%C3%A8me_%C3%82ge\/Dieu_seul_!\"  target=\"_blank\" rel=\"noopener noreferrer nofollow\">Le post d\u2019actualit\u00e9.<\/a><span><\/span><\/p>\n<p>Cat\u00e9chisme du dioc\u00e8se de Sens\/Du 2 et 3, articles du symbole.,<a target=\"_blank\" rel=\"nofollow\" href=\"https:\/\/editionsbussiere.com\/blog\/goto\/https:\/\/fr.wikisource.org\/wiki\/Cat%C3%A9chisme_du_dioc%C3%A8se_de_Sens\/Du_2_et_3,_articles_du_symbole\"  target=\"_blank\" rel=\"noopener noreferrer nofollow\">A lire ici.<\/a><span><\/span><\/p>\n<\/div>\n<p><img decoding=\"async\" class=\"wpe_imgrss\" src=\"https:\/\/editionsbussiere.com\/blog\/wp-content\/uploads\/2024\/06\/Le-Memoire-a-Notre-Dame-de-Guadalupe-requete-au-petit.jpg\">Cet article a \u00e9t\u00e9 reconstitu\u00e9 du mieux possible. Dans l\u2019hypoth\u00e8se o\u00f9 vous souhaitez apporter quelques modifications concernant le th\u00e8me \u00ab\u00a0Editions \u00e9sot\u00e9rique fond\u00e9e en 1927\u00a0\u00bb, il est possible de discuter avec notre r\u00e9daction. Vous pouvez tirer profit de cet article traitant le sujet \u00ab\u00a0Editions \u00e9sot\u00e9rique fond\u00e9e en 1927\u00a0\u00bb. Il est concoct\u00e9 par l\u2019\u00e9quipe editionsbussiere.com. Le site editionsbussiere.com est fait pour cr\u00e9er divers posts autour du th\u00e8me Editions \u00e9sot\u00e9rique fond\u00e9e en 1927 d\u00e9velopp\u00e9es sur internet. Consultez notre site internet editionsbussiere.com et nos r\u00e9seaux sociaux pour \u00eatre au courant des futures annonces.<\/p>\n","protected":false},"excerpt":{"rendered":"<p>Notre-Dame de Guadalupe, ic\u00f4ne v\u00e9n\u00e9r\u00e9e de la Vierge Marie, occupe une place particuli\u00e8re dans le tissu spirituel et culturel du Mexique et au-del\u00e0. On pense qu&rsquo;elle est apparue \u00e0 Juan Diego, un paysan indig\u00e8ne, en 1531 sur la colline de Tepeyac, son image miraculeusement imprim\u00e9e sur sa tilma a inspir\u00e9 la d\u00e9votion pendant des si\u00e8cles. [&hellip;]<\/p>\n","protected":false},"author":3,"featured_media":811,"comment_status":"closed","ping_status":"closed","sticky":false,"template":"","format":"standard","meta":{"footnotes":""},"categories":[3],"tags":[],"class_list":["post-810","post","type-post","status-publish","format-standard","has-post-thumbnail","hentry","category-editions-esoterique-fondee-en-1927-depeches","entry","fw-tab-6 fw-tabr-4","has-featured-image"],"yoast_head":"<!-- This site is optimized with the Yoast SEO plugin v27.5 - https:\/\/yoast.com\/product\/yoast-seo-wordpress\/ -->\n<title>Le M\u00e9moire \u00e0 Notre-Dame de Guadalupe &amp; requ\u00eate au petit jour. - EDITIONSBUSSIERE<\/title>\n<meta name=\"robots\" content=\"index, follow, max-snippet:-1, max-image-preview:large, max-video-preview:-1\" \/>\n<link rel=\"canonical\" href=\"https:\/\/editionsbussiere.com\/blog\/le-memoire-a-notre-dame-de-guadalupe-requete-au-petit-jour\/\" \/>\n<meta property=\"og:locale\" content=\"fr_FR\" \/>\n<meta property=\"og:type\" content=\"article\" \/>\n<meta property=\"og:title\" content=\"Le M\u00e9moire \u00e0 Notre-Dame de Guadalupe &amp; requ\u00eate au petit jour. - EDITIONSBUSSIERE\" \/>\n<meta property=\"og:description\" content=\"Notre-Dame de Guadalupe, ic\u00f4ne v\u00e9n\u00e9r\u00e9e de la Vierge Marie, occupe une place particuli\u00e8re dans le tissu spirituel et culturel du Mexique et au-del\u00e0. On pense qu&rsquo;elle est apparue \u00e0 Juan Diego, un paysan indig\u00e8ne, en 1531 sur la colline de Tepeyac, son image miraculeusement imprim\u00e9e sur sa tilma a inspir\u00e9 la d\u00e9votion pendant des si\u00e8cles. [&hellip;]\" \/>\n<meta property=\"og:url\" content=\"https:\/\/editionsbussiere.com\/blog\/le-memoire-a-notre-dame-de-guadalupe-requete-au-petit-jour\/\" \/>\n<meta property=\"og:site_name\" content=\"EDITIONSBUSSIERE\" \/>\n<meta property=\"article:published_time\" content=\"2024-06-15T16:47:40+00:00\" \/>\n<meta property=\"og:image\" content=\"https:\/\/editionsbussiere.com\/blog\/wp-content\/uploads\/2024\/06\/Le-Memoire-a-Notre-Dame-de-Guadalupe-requete-au-petit.jpg\" \/>\n<meta name=\"author\" content=\"Marie BATICLE\" \/>\n<meta name=\"twitter:card\" content=\"summary_large_image\" \/>\n<meta name=\"twitter:label1\" content=\"\u00c9crit par\" \/>\n\t<meta name=\"twitter:data1\" content=\"Marie BATICLE\" \/>\n\t<meta name=\"twitter:label2\" content=\"Dur\u00e9e de lecture estim\u00e9e\" \/>\n\t<meta name=\"twitter:data2\" content=\"14 minutes\" \/>\n<script type=\"application\/ld+json\" class=\"yoast-schema-graph\">{\"@context\":\"https:\\\/\\\/schema.org\",\"@graph\":[{\"@type\":\"Article\",\"@id\":\"https:\\\/\\\/editionsbussiere.com\\\/blog\\\/le-memoire-a-notre-dame-de-guadalupe-requete-au-petit-jour\\\/#article\",\"isPartOf\":{\"@id\":\"https:\\\/\\\/editionsbussiere.com\\\/blog\\\/le-memoire-a-notre-dame-de-guadalupe-requete-au-petit-jour\\\/\"},\"author\":{\"name\":\"Marie BATICLE\",\"@id\":\"https:\\\/\\\/editionsbussiere.com\\\/blog\\\/#\\\/schema\\\/person\\\/ec90e102792148c97e46ab871010dd8f\"},\"headline\":\"Le M\u00e9moire \u00e0 Notre-Dame de Guadalupe &amp; requ\u00eate au petit jour.\",\"datePublished\":\"2024-06-15T16:47:40+00:00\",\"mainEntityOfPage\":{\"@id\":\"https:\\\/\\\/editionsbussiere.com\\\/blog\\\/le-memoire-a-notre-dame-de-guadalupe-requete-au-petit-jour\\\/\"},\"wordCount\":2644,\"publisher\":{\"@id\":\"https:\\\/\\\/editionsbussiere.com\\\/blog\\\/#organization\"},\"image\":{\"@id\":\"https:\\\/\\\/editionsbussiere.com\\\/blog\\\/le-memoire-a-notre-dame-de-guadalupe-requete-au-petit-jour\\\/#primaryimage\"},\"thumbnailUrl\":\"https:\\\/\\\/editionsbussiere.com\\\/blog\\\/wp-content\\\/uploads\\\/2024\\\/06\\\/Le-Memoire-a-Notre-Dame-de-Guadalupe-requete-au-petit.jpg\",\"articleSection\":[\"Editions \u00c9sot\u00e9rique Fond\u00e9e En 1927; D\u00e9p\u00e8ches:\"],\"inLanguage\":\"fr-FR\"},{\"@type\":\"WebPage\",\"@id\":\"https:\\\/\\\/editionsbussiere.com\\\/blog\\\/le-memoire-a-notre-dame-de-guadalupe-requete-au-petit-jour\\\/\",\"url\":\"https:\\\/\\\/editionsbussiere.com\\\/blog\\\/le-memoire-a-notre-dame-de-guadalupe-requete-au-petit-jour\\\/\",\"name\":\"Le M\u00e9moire \u00e0 Notre-Dame de Guadalupe &amp; requ\u00eate au petit jour. - EDITIONSBUSSIERE\",\"isPartOf\":{\"@id\":\"https:\\\/\\\/editionsbussiere.com\\\/blog\\\/#website\"},\"primaryImageOfPage\":{\"@id\":\"https:\\\/\\\/editionsbussiere.com\\\/blog\\\/le-memoire-a-notre-dame-de-guadalupe-requete-au-petit-jour\\\/#primaryimage\"},\"image\":{\"@id\":\"https:\\\/\\\/editionsbussiere.com\\\/blog\\\/le-memoire-a-notre-dame-de-guadalupe-requete-au-petit-jour\\\/#primaryimage\"},\"thumbnailUrl\":\"https:\\\/\\\/editionsbussiere.com\\\/blog\\\/wp-content\\\/uploads\\\/2024\\\/06\\\/Le-Memoire-a-Notre-Dame-de-Guadalupe-requete-au-petit.jpg\",\"datePublished\":\"2024-06-15T16:47:40+00:00\",\"breadcrumb\":{\"@id\":\"https:\\\/\\\/editionsbussiere.com\\\/blog\\\/le-memoire-a-notre-dame-de-guadalupe-requete-au-petit-jour\\\/#breadcrumb\"},\"inLanguage\":\"fr-FR\",\"potentialAction\":[{\"@type\":\"ReadAction\",\"target\":[\"https:\\\/\\\/editionsbussiere.com\\\/blog\\\/le-memoire-a-notre-dame-de-guadalupe-requete-au-petit-jour\\\/\"]}]},{\"@type\":\"ImageObject\",\"inLanguage\":\"fr-FR\",\"@id\":\"https:\\\/\\\/editionsbussiere.com\\\/blog\\\/le-memoire-a-notre-dame-de-guadalupe-requete-au-petit-jour\\\/#primaryimage\",\"url\":\"https:\\\/\\\/editionsbussiere.com\\\/blog\\\/wp-content\\\/uploads\\\/2024\\\/06\\\/Le-Memoire-a-Notre-Dame-de-Guadalupe-requete-au-petit.jpg\",\"contentUrl\":\"https:\\\/\\\/editionsbussiere.com\\\/blog\\\/wp-content\\\/uploads\\\/2024\\\/06\\\/Le-Memoire-a-Notre-Dame-de-Guadalupe-requete-au-petit.jpg\",\"width\":788,\"height\":412,\"caption\":\"Le Memoire a Notre Dame de Guadalupe requete au petit\"},{\"@type\":\"BreadcrumbList\",\"@id\":\"https:\\\/\\\/editionsbussiere.com\\\/blog\\\/le-memoire-a-notre-dame-de-guadalupe-requete-au-petit-jour\\\/#breadcrumb\",\"itemListElement\":[{\"@type\":\"ListItem\",\"position\":1,\"name\":\"Accueil\",\"item\":\"https:\\\/\\\/editionsbussiere.com\\\/blog\\\/\"},{\"@type\":\"ListItem\",\"position\":2,\"name\":\"Le M\u00e9moire \u00e0 Notre-Dame de Guadalupe &amp; requ\u00eate au petit jour.\"}]},{\"@type\":\"WebSite\",\"@id\":\"https:\\\/\\\/editionsbussiere.com\\\/blog\\\/#website\",\"url\":\"https:\\\/\\\/editionsbussiere.com\\\/blog\\\/\",\"name\":\"EDITIONSBUSSIERE\",\"description\":\"Editions \u00e9sot\u00e9rique fond\u00e9e en 1927; site historique, A SAVOIR ET RETENIR.\",\"publisher\":{\"@id\":\"https:\\\/\\\/editionsbussiere.com\\\/blog\\\/#organization\"},\"potentialAction\":[{\"@type\":\"SearchAction\",\"target\":{\"@type\":\"EntryPoint\",\"urlTemplate\":\"https:\\\/\\\/editionsbussiere.com\\\/blog\\\/?s={search_term_string}\"},\"query-input\":{\"@type\":\"PropertyValueSpecification\",\"valueRequired\":true,\"valueName\":\"search_term_string\"}}],\"inLanguage\":\"fr-FR\"},{\"@type\":\"Organization\",\"@id\":\"https:\\\/\\\/editionsbussiere.com\\\/blog\\\/#organization\",\"name\":\"editionsbussiere\",\"url\":\"https:\\\/\\\/editionsbussiere.com\\\/blog\\\/\",\"logo\":{\"@type\":\"ImageObject\",\"inLanguage\":\"fr-FR\",\"@id\":\"https:\\\/\\\/editionsbussiere.com\\\/blog\\\/#\\\/schema\\\/logo\\\/image\\\/\",\"url\":\"https:\\\/\\\/editionsbussiere.com\\\/blog\\\/wp-content\\\/uploads\\\/2023\\\/09\\\/cropped-buss.gif\",\"contentUrl\":\"https:\\\/\\\/editionsbussiere.com\\\/blog\\\/wp-content\\\/uploads\\\/2023\\\/09\\\/cropped-buss.gif\",\"width\":298,\"height\":120,\"caption\":\"editionsbussiere\"},\"image\":{\"@id\":\"https:\\\/\\\/editionsbussiere.com\\\/blog\\\/#\\\/schema\\\/logo\\\/image\\\/\"}},{\"@type\":\"Person\",\"@id\":\"https:\\\/\\\/editionsbussiere.com\\\/blog\\\/#\\\/schema\\\/person\\\/ec90e102792148c97e46ab871010dd8f\",\"name\":\"Marie BATICLE\",\"image\":{\"@type\":\"ImageObject\",\"inLanguage\":\"fr-FR\",\"@id\":\"https:\\\/\\\/secure.gravatar.com\\\/avatar\\\/c923e52403b1b8137e2d929127211d21967e6aecaa053bd43b09da29f212e76e?s=96&d=mm&r=g\",\"url\":\"https:\\\/\\\/secure.gravatar.com\\\/avatar\\\/c923e52403b1b8137e2d929127211d21967e6aecaa053bd43b09da29f212e76e?s=96&d=mm&r=g\",\"contentUrl\":\"https:\\\/\\\/secure.gravatar.com\\\/avatar\\\/c923e52403b1b8137e2d929127211d21967e6aecaa053bd43b09da29f212e76e?s=96&d=mm&r=g\",\"caption\":\"Marie BATICLE\"},\"url\":\"https:\\\/\\\/editionsbussiere.com\\\/blog\\\/author\\\/eremarie\\\/\"}]}<\/script>\n<!-- \/ Yoast SEO plugin. -->","yoast_head_json":{"title":"Le M\u00e9moire \u00e0 Notre-Dame de Guadalupe &amp; requ\u00eate au petit jour. - EDITIONSBUSSIERE","robots":{"index":"index","follow":"follow","max-snippet":"max-snippet:-1","max-image-preview":"max-image-preview:large","max-video-preview":"max-video-preview:-1"},"canonical":"https:\/\/editionsbussiere.com\/blog\/le-memoire-a-notre-dame-de-guadalupe-requete-au-petit-jour\/","og_locale":"fr_FR","og_type":"article","og_title":"Le M\u00e9moire \u00e0 Notre-Dame de Guadalupe &amp; requ\u00eate au petit jour. - EDITIONSBUSSIERE","og_description":"Notre-Dame de Guadalupe, ic\u00f4ne v\u00e9n\u00e9r\u00e9e de la Vierge Marie, occupe une place particuli\u00e8re dans le tissu spirituel et culturel du Mexique et au-del\u00e0. On pense qu&rsquo;elle est apparue \u00e0 Juan Diego, un paysan indig\u00e8ne, en 1531 sur la colline de Tepeyac, son image miraculeusement imprim\u00e9e sur sa tilma a inspir\u00e9 la d\u00e9votion pendant des si\u00e8cles. [&hellip;]","og_url":"https:\/\/editionsbussiere.com\/blog\/le-memoire-a-notre-dame-de-guadalupe-requete-au-petit-jour\/","og_site_name":"EDITIONSBUSSIERE","article_published_time":"2024-06-15T16:47:40+00:00","og_image":[{"url":"https:\/\/editionsbussiere.com\/blog\/wp-content\/uploads\/2024\/06\/Le-Memoire-a-Notre-Dame-de-Guadalupe-requete-au-petit.jpg","type":"","width":"","height":""}],"author":"Marie BATICLE","twitter_card":"summary_large_image","twitter_misc":{"\u00c9crit par":"Marie BATICLE","Dur\u00e9e de lecture estim\u00e9e":"14 minutes"},"schema":{"@context":"https:\/\/schema.org","@graph":[{"@type":"Article","@id":"https:\/\/editionsbussiere.com\/blog\/le-memoire-a-notre-dame-de-guadalupe-requete-au-petit-jour\/#article","isPartOf":{"@id":"https:\/\/editionsbussiere.com\/blog\/le-memoire-a-notre-dame-de-guadalupe-requete-au-petit-jour\/"},"author":{"name":"Marie BATICLE","@id":"https:\/\/editionsbussiere.com\/blog\/#\/schema\/person\/ec90e102792148c97e46ab871010dd8f"},"headline":"Le M\u00e9moire \u00e0 Notre-Dame de Guadalupe &amp; requ\u00eate au petit jour.","datePublished":"2024-06-15T16:47:40+00:00","mainEntityOfPage":{"@id":"https:\/\/editionsbussiere.com\/blog\/le-memoire-a-notre-dame-de-guadalupe-requete-au-petit-jour\/"},"wordCount":2644,"publisher":{"@id":"https:\/\/editionsbussiere.com\/blog\/#organization"},"image":{"@id":"https:\/\/editionsbussiere.com\/blog\/le-memoire-a-notre-dame-de-guadalupe-requete-au-petit-jour\/#primaryimage"},"thumbnailUrl":"https:\/\/editionsbussiere.com\/blog\/wp-content\/uploads\/2024\/06\/Le-Memoire-a-Notre-Dame-de-Guadalupe-requete-au-petit.jpg","articleSection":["Editions \u00c9sot\u00e9rique Fond\u00e9e En 1927; D\u00e9p\u00e8ches:"],"inLanguage":"fr-FR"},{"@type":"WebPage","@id":"https:\/\/editionsbussiere.com\/blog\/le-memoire-a-notre-dame-de-guadalupe-requete-au-petit-jour\/","url":"https:\/\/editionsbussiere.com\/blog\/le-memoire-a-notre-dame-de-guadalupe-requete-au-petit-jour\/","name":"Le M\u00e9moire \u00e0 Notre-Dame de Guadalupe &amp; requ\u00eate au petit jour. - EDITIONSBUSSIERE","isPartOf":{"@id":"https:\/\/editionsbussiere.com\/blog\/#website"},"primaryImageOfPage":{"@id":"https:\/\/editionsbussiere.com\/blog\/le-memoire-a-notre-dame-de-guadalupe-requete-au-petit-jour\/#primaryimage"},"image":{"@id":"https:\/\/editionsbussiere.com\/blog\/le-memoire-a-notre-dame-de-guadalupe-requete-au-petit-jour\/#primaryimage"},"thumbnailUrl":"https:\/\/editionsbussiere.com\/blog\/wp-content\/uploads\/2024\/06\/Le-Memoire-a-Notre-Dame-de-Guadalupe-requete-au-petit.jpg","datePublished":"2024-06-15T16:47:40+00:00","breadcrumb":{"@id":"https:\/\/editionsbussiere.com\/blog\/le-memoire-a-notre-dame-de-guadalupe-requete-au-petit-jour\/#breadcrumb"},"inLanguage":"fr-FR","potentialAction":[{"@type":"ReadAction","target":["https:\/\/editionsbussiere.com\/blog\/le-memoire-a-notre-dame-de-guadalupe-requete-au-petit-jour\/"]}]},{"@type":"ImageObject","inLanguage":"fr-FR","@id":"https:\/\/editionsbussiere.com\/blog\/le-memoire-a-notre-dame-de-guadalupe-requete-au-petit-jour\/#primaryimage","url":"https:\/\/editionsbussiere.com\/blog\/wp-content\/uploads\/2024\/06\/Le-Memoire-a-Notre-Dame-de-Guadalupe-requete-au-petit.jpg","contentUrl":"https:\/\/editionsbussiere.com\/blog\/wp-content\/uploads\/2024\/06\/Le-Memoire-a-Notre-Dame-de-Guadalupe-requete-au-petit.jpg","width":788,"height":412,"caption":"Le Memoire a Notre Dame de Guadalupe requete au petit"},{"@type":"BreadcrumbList","@id":"https:\/\/editionsbussiere.com\/blog\/le-memoire-a-notre-dame-de-guadalupe-requete-au-petit-jour\/#breadcrumb","itemListElement":[{"@type":"ListItem","position":1,"name":"Accueil","item":"https:\/\/editionsbussiere.com\/blog\/"},{"@type":"ListItem","position":2,"name":"Le M\u00e9moire \u00e0 Notre-Dame de Guadalupe &amp; requ\u00eate au petit jour."}]},{"@type":"WebSite","@id":"https:\/\/editionsbussiere.com\/blog\/#website","url":"https:\/\/editionsbussiere.com\/blog\/","name":"EDITIONSBUSSIERE","description":"Editions \u00e9sot\u00e9rique fond\u00e9e en 1927; site historique, A SAVOIR ET RETENIR.","publisher":{"@id":"https:\/\/editionsbussiere.com\/blog\/#organization"},"potentialAction":[{"@type":"SearchAction","target":{"@type":"EntryPoint","urlTemplate":"https:\/\/editionsbussiere.com\/blog\/?s={search_term_string}"},"query-input":{"@type":"PropertyValueSpecification","valueRequired":true,"valueName":"search_term_string"}}],"inLanguage":"fr-FR"},{"@type":"Organization","@id":"https:\/\/editionsbussiere.com\/blog\/#organization","name":"editionsbussiere","url":"https:\/\/editionsbussiere.com\/blog\/","logo":{"@type":"ImageObject","inLanguage":"fr-FR","@id":"https:\/\/editionsbussiere.com\/blog\/#\/schema\/logo\/image\/","url":"https:\/\/editionsbussiere.com\/blog\/wp-content\/uploads\/2023\/09\/cropped-buss.gif","contentUrl":"https:\/\/editionsbussiere.com\/blog\/wp-content\/uploads\/2023\/09\/cropped-buss.gif","width":298,"height":120,"caption":"editionsbussiere"},"image":{"@id":"https:\/\/editionsbussiere.com\/blog\/#\/schema\/logo\/image\/"}},{"@type":"Person","@id":"https:\/\/editionsbussiere.com\/blog\/#\/schema\/person\/ec90e102792148c97e46ab871010dd8f","name":"Marie BATICLE","image":{"@type":"ImageObject","inLanguage":"fr-FR","@id":"https:\/\/secure.gravatar.com\/avatar\/c923e52403b1b8137e2d929127211d21967e6aecaa053bd43b09da29f212e76e?s=96&d=mm&r=g","url":"https:\/\/secure.gravatar.com\/avatar\/c923e52403b1b8137e2d929127211d21967e6aecaa053bd43b09da29f212e76e?s=96&d=mm&r=g","contentUrl":"https:\/\/secure.gravatar.com\/avatar\/c923e52403b1b8137e2d929127211d21967e6aecaa053bd43b09da29f212e76e?s=96&d=mm&r=g","caption":"Marie BATICLE"},"url":"https:\/\/editionsbussiere.com\/blog\/author\/eremarie\/"}]}},"_links":{"self":[{"href":"https:\/\/editionsbussiere.com\/blog\/wp-json\/wp\/v2\/posts\/810","targetHints":{"allow":["GET"]}}],"collection":[{"href":"https:\/\/editionsbussiere.com\/blog\/wp-json\/wp\/v2\/posts"}],"about":[{"href":"https:\/\/editionsbussiere.com\/blog\/wp-json\/wp\/v2\/types\/post"}],"author":[{"embeddable":true,"href":"https:\/\/editionsbussiere.com\/blog\/wp-json\/wp\/v2\/users\/3"}],"replies":[{"embeddable":true,"href":"https:\/\/editionsbussiere.com\/blog\/wp-json\/wp\/v2\/comments?post=810"}],"version-history":[{"count":0,"href":"https:\/\/editionsbussiere.com\/blog\/wp-json\/wp\/v2\/posts\/810\/revisions"}],"wp:featuredmedia":[{"embeddable":true,"href":"https:\/\/editionsbussiere.com\/blog\/wp-json\/wp\/v2\/media\/811"}],"wp:attachment":[{"href":"https:\/\/editionsbussiere.com\/blog\/wp-json\/wp\/v2\/media?parent=810"}],"wp:term":[{"taxonomy":"category","embeddable":true,"href":"https:\/\/editionsbussiere.com\/blog\/wp-json\/wp\/v2\/categories?post=810"},{"taxonomy":"post_tag","embeddable":true,"href":"https:\/\/editionsbussiere.com\/blog\/wp-json\/wp\/v2\/tags?post=810"}],"curies":[{"name":"wp","href":"https:\/\/api.w.org\/{rel}","templated":true}]}}