{"id":798,"date":"2024-06-13T15:09:45","date_gmt":"2024-06-13T13:09:45","guid":{"rendered":"https:\/\/editionsbussiere.com\/blog\/le-sanctuaire-du-reconfort-et-requete-en-debut-de-journee\/"},"modified":"2024-06-13T15:09:45","modified_gmt":"2024-06-13T13:09:45","slug":"le-sanctuaire-du-reconfort-et-requete-en-debut-de-journee","status":"publish","type":"post","link":"https:\/\/editionsbussiere.com\/blog\/le-sanctuaire-du-reconfort-et-requete-en-debut-de-journee\/","title":{"rendered":"Le sanctuaire du r\u00e9confort\n et requ\u00eate en d\u00e9but de journ\u00e9e."},"content":{"rendered":"<div><img width=\"580\" height=\"290\" src=\"https:\/\/editionsbussiere.com\/blog\/wp-content\/uploads\/2024\/06\/Le-sanctuaire-du-reconfort-et-requete-en-debut-de-journee.pngkeepProtocol.png\" class=\"attachment-large size-large wp-post-image\" alt=\"Le sanctuaire du r\u00e9confort et requ\u00eate en d\u00e9but de journ\u00e9e.\" style=\"float:left; margin:0 15px 15px 0;\" decoding=\"async\" srcset=\"https:\/\/editionsbussiere.com\/blog\/wp-content\/uploads\/2024\/06\/Le-sanctuaire-du-reconfort-et-requete-en-debut-de-journee.pngkeepProtocol.png 1024w, https:\/\/www.n42.fr\/wp-content\/uploads\/2024\/06\/Le-sanctuaire-du-reconfort-et-requete-en-debut-de-journee.pngkeepProtocol-300x150.png 300w, https:\/\/www.n42.fr\/wp-content\/uploads\/2024\/06\/Le-sanctuaire-du-reconfort-et-requete-en-debut-de-journee.pngkeepProtocol-768x384.png 768w\" sizes=\"(max-width: 580px) 100vw, 580px\"><\/p>\n<p>\n<\/p>\n<div id=\"hs_cos_wrapper_post_body\">\n<p><em>Debra Black r\u00e9fl\u00e9chit au sanctuaire que J\u00e9sus nous offre pour \u00e9chapper au chaos de la vie quotidienne.<\/em><\/p>\n<p><span id=\"more-174571\"><\/span><\/p>\n<hr>\n<blockquote>\n<p>\u00c0 partir de ce moment, j\u2019ai install\u00e9 une petite cellule dans mon c\u0153ur o\u00f9 j\u2019ai toujours tenu compagnie \u00e0 J\u00e9sus.  (Journal de Sainte Faustine, 16) <\/p>\n<\/blockquote>\n<h2>Notre monde de plus en plus complexe <\/h2>\n<p>Il se peut que ce soit un fait scientifique selon lequel plus nous poss\u00e9dons, plus nous avons de probl\u00e8mes li\u00e9s \u00e0 nos possessions\u00a0!  La technologie devrait simplement vivre, mais elle cr\u00e9e plut\u00f4t sa propre forme d\u2019activit\u00e9.  Autrefois, cuisiner \u00e9tait simple, mais l&rsquo;acquisition de soi-disant gadgets permettant de gagner du temps nous incite \u00e0 \u00e9tendre le repas normal de trois plats \u00e0 un repas de sept plats.  Pendant ce temps, sur Internet, les personnalit\u00e9s extraverties trouvent d\u2019innombrables fa\u00e7ons d\u2019interagir avec leurs amis et avec des inconnus, tandis que les introvertis plongent dans un ab\u00eeme de lieux de rencontre isol\u00e9s.  <\/p>\n<p><img decoding=\"async\" src=\"https:\/\/editionsbussiere.com\/blog\/wp-content\/uploads\/2024\/06\/202406132520DBlack25203.png3Fwidth3D108026height3D108026name3D202406132520DBlack25203.png\" width=\"1080\" height=\"1080\" loading=\"lazy\" alt=\"nul\" style=\"height: auto; max-width: 100%; width: 1080px;\" srcset=\"https:\/\/www.catholicmom.com\/hs-fs\/hubfs\/20240613%20DBlack%203.png?width=540&amp;height=540&amp;name=20240613%20DBlack%203.png 540w, https:\/\/editionsbussiere.com\/blog\/wp-content\/uploads\/2024\/06\/202406132520DBlack25203.png3Fwidth3D108026height3D108026name3D202406132520DBlack25203.png 1080w, https:\/\/www.catholicmom.com\/hs-fs\/hubfs\/20240613%20DBlack%203.png?width=1620&amp;height=1620&amp;name=20240613%20DBlack%203.png 1620w, https:\/\/www.catholicmom.com\/hs-fs\/hubfs\/20240613%20DBlack%203.png?width=2160&amp;height=2160&amp;name=20240613%20DBlack%203.png 2160w, https:\/\/www.catholicmom.com\/hs-fs\/hubfs\/20240613%20DBlack%203.png?width=2700&amp;height=2700&amp;name=20240613%20DBlack%203.png 2700w, https:\/\/www.catholicmom.com\/hs-fs\/hubfs\/20240613%20DBlack%203.png?width=3240&amp;height=3240&amp;name=20240613%20DBlack%203.png 3240w\" sizes=\"auto, (max-width: 1080px) 100vw, 1080px\"><\/p>\n<p>Nous nous y engageons pour combler le vide que seul Dieu peut combler.  Mais cela nous d\u00e9tourne \u00e9galement du fait d\u2019\u00eatre avec notre P\u00e8re.  Soyons r\u00e9alistes : la personne humaine a \u00e9t\u00e9 con\u00e7ue avec le d\u00e9sir d&rsquo;\u00eatre prise en charge et aim\u00e9e par Dieu, et pourtant nous avons peur de la vuln\u00e9rabilit\u00e9 et de la confiance que cela exige.  Faire confiance \u00e0 notre Dieu P\u00e8re est particuli\u00e8rement difficile.  Les p\u00e8res humains et les figures d\u2019autorit\u00e9, qui ne peuvent nous aimer qu\u2019\u00e0 la mesure de leur propre fragilit\u00e9, sont les seuls mod\u00e8les de paternit\u00e9 que nous connaissons.  Les blessures psychologiques et \u00e9motionnelles nous emp\u00eachent encore plus d\u2019imaginer \u00e0 quoi ressemble le v\u00e9ritable amour paternel.  <\/p>\n<blockquote>\n<p>Le Seigneur prot\u00e8ge les simples ;  J&rsquo;\u00e9tais impuissant, mais Il m&rsquo;a sauv\u00e9.  (Psaume 116:6)<\/p>\n<\/blockquote>\n<h2>L&rsquo;amour du P\u00e8re : alliance et fid\u00e9lit\u00e9 <\/h2>\n<p>Pourtant, c\u2019est Dieu notre P\u00e8re qui a envoy\u00e9 son Fils unique parcourir la terre avec nous, nous r\u00e9v\u00e9lant son amour.  Plut\u00f4t que d\u2019\u00eatre un Dieu de col\u00e8re et de col\u00e8re, Il est un Dieu d\u2019alliance et de fid\u00e9lit\u00e9.  Loin d\u2019\u00eatre un veilleur lointain, Il est proche de nous \u00e0 chaque souffle.  Dieu entend en effet vos cris et vos appels.  Le fait que vous soyez toujours l\u00e0, respirant, t\u00e9moigne qu\u2019Il \u200b\u200ba gard\u00e9 votre \u00e2me de la mort.  Les forces naturelles et mal\u00e9fiques du monde pourraient an\u00e9antir votre vie \u00e0 tout moment, mais Il vous a permis d\u2019arriver \u00e0 cette heure m\u00eame.  Votre impuissance le pousse \u00e0 la piti\u00e9, et de la piti\u00e9 \u00e0 vous sauver.  <\/p>\n<p><img decoding=\"async\" src=\"https:\/\/editionsbussiere.com\/blog\/wp-content\/uploads\/2024\/06\/202406132520DBlack25202.png3Fwidth3D108026height3D108026name3D202406132520DBlack25202.png\" width=\"1080\" height=\"1080\" loading=\"lazy\" alt=\"nul\" style=\"height: auto; max-width: 100%; width: 1080px;\" srcset=\"https:\/\/www.catholicmom.com\/hs-fs\/hubfs\/20240613%20DBlack%202.png?width=540&amp;height=540&amp;name=20240613%20DBlack%202.png 540w, https:\/\/editionsbussiere.com\/blog\/wp-content\/uploads\/2024\/06\/202406132520DBlack25202.png3Fwidth3D108026height3D108026name3D202406132520DBlack25202.png 1080w, https:\/\/www.catholicmom.com\/hs-fs\/hubfs\/20240613%20DBlack%202.png?width=1620&amp;height=1620&amp;name=20240613%20DBlack%202.png 1620w, https:\/\/www.catholicmom.com\/hs-fs\/hubfs\/20240613%20DBlack%202.png?width=2160&amp;height=2160&amp;name=20240613%20DBlack%202.png 2160w, https:\/\/www.catholicmom.com\/hs-fs\/hubfs\/20240613%20DBlack%202.png?width=2700&amp;height=2700&amp;name=20240613%20DBlack%202.png 2700w, https:\/\/www.catholicmom.com\/hs-fs\/hubfs\/20240613%20DBlack%202.png?width=3240&amp;height=3240&amp;name=20240613%20DBlack%202.png 3240w\" sizes=\"auto, (max-width: 1080px) 100vw, 1080px\"><\/p>\n<blockquote>\n<p>\u00ab Personne ne vous a condamn\u00e9 ? <br \/>Elle a r\u00e9pondu : \u00ab Personne, monsieur. \u00bb <br \/>Alors J\u00e9sus dit : \u00ab Moi non plus, je ne vous condamne pas.  Allez, et d\u00e9sormais ne p\u00e9chez plus.  (Jean 8\u00a0:\u00a010-11) <\/p>\n<\/blockquote>\n<h2>Le Sacr\u00e9-C\u0153ur : une \u00e9treinte curative et mis\u00e9ricordieuse<\/h2>\n<p>J\u00e9sus a promis \u00e0 Sainte Marguerite-Marie Alacoque que les p\u00e9cheurs trouveraient la source et un oc\u00e9an de mis\u00e9ricorde infinie dans Son Sacr\u00e9-C\u0153ur.  Tr\u00e8s souvent, la honte et les scrupules nous emp\u00eachent d\u2019accepter son don.  Nous devons simplement nous tourner vers Lui avec un c\u0153ur contrit pour recevoir l\u2019amour et la gu\u00e9rison de Son \u00e9treinte mis\u00e9ricordieuse.  Alors que les gens dans nos vies et dans notre culture se moquent de nous parce que nous choisissons de vivre dans la justice, J\u00e9sus couronne nos efforts de paix, d\u2019humilit\u00e9, de douceur et de gentillesse.  Si nous le permettons, il honorera les moindres d\u00e9tails de nos vies, son Esprit \u0153uvrant en nous et \u00e0 travers nous.  Nous devons avoir confiance en son amour fid\u00e8le d\u2019o\u00f9 d\u00e9coule ce flot incessant de mis\u00e9ricorde. <\/p>\n<p><img decoding=\"async\" src=\"https:\/\/editionsbussiere.com\/blog\/wp-content\/uploads\/2024\/06\/202406132520DBlack25204.png3Fwidth3D108026height3D108026name3D202406132520DBlack25204.png\" width=\"1080\" height=\"1080\" loading=\"lazy\" alt=\"nul\" style=\"height: auto; max-width: 100%; width: 1080px;\" srcset=\"https:\/\/www.catholicmom.com\/hs-fs\/hubfs\/20240613%20DBlack%204.png?width=540&amp;height=540&amp;name=20240613%20DBlack%204.png 540w, https:\/\/editionsbussiere.com\/blog\/wp-content\/uploads\/2024\/06\/202406132520DBlack25204.png3Fwidth3D108026height3D108026name3D202406132520DBlack25204.png 1080w, https:\/\/www.catholicmom.com\/hs-fs\/hubfs\/20240613%20DBlack%204.png?width=1620&amp;height=1620&amp;name=20240613%20DBlack%204.png 1620w, https:\/\/www.catholicmom.com\/hs-fs\/hubfs\/20240613%20DBlack%204.png?width=2160&amp;height=2160&amp;name=20240613%20DBlack%204.png 2160w, https:\/\/www.catholicmom.com\/hs-fs\/hubfs\/20240613%20DBlack%204.png?width=2700&amp;height=2700&amp;name=20240613%20DBlack%204.png 2700w, https:\/\/www.catholicmom.com\/hs-fs\/hubfs\/20240613%20DBlack%204.png?width=3240&amp;height=3240&amp;name=20240613%20DBlack%204.png 3240w\" sizes=\"auto, (max-width: 1080px) 100vw, 1080px\"><\/p>\n<p>J\u00e9sus est notre sanctuaire de r\u00e9confort, notre refuge de soulagement.  Il suffit d&rsquo;un simple instant, d&rsquo;une pens\u00e9e de Lui, pour entrer dans Son Sacr\u00e9-C\u0153ur et Il vous entra\u00eenera avec les cordes de l&rsquo;amour Divin dans la danse \u00e9ternelle de la Trinit\u00e9.  <\/p>\n<blockquote>\n<p>Voyez, les jours viennent\u2026 o\u00f9 je ferai une nouvelle alliance\u2026 Je placerai ma loi en eux et je l&rsquo;\u00e9crirai dans leur c\u0153ur ;  Je serai leur Dieu et ils seront mon peuple.  \u2026 Tous, du plus petit au plus grand, me conna\u00eetront\u2026 car je pardonnerai leur iniquit\u00e9 et je ne me souviendrai plus de leur p\u00e9ch\u00e9.  (J\u00e9r\u00e9mie 31\u00a0:31, 33b, 34b) <span style=\"background-color: transparent; font-size: 16px;\"> <\/span><\/p>\n<\/blockquote>\n<p>Ad Majorem Dei Gloriam.<\/p>\n<p style=\"font-weight: bold;\">Partagez vos r\u00e9flexions avec la communaut\u00e9 des mamans catholiques\u00a0!  Vous trouverez la zone de commentaires sous la biographie de l&rsquo;auteur et la liste des articles recommand\u00e9s.<\/p>\n<hr>\n<p>Copyright 2024 Debra Noir<br \/>Images\u00a0:\u00a0Canva<\/p>\n<\/div>\n<p><script>(function(d, s, id) \n  var js, fjs = d.getElementsByTagName(s)[0];\n  if (d.getElementById(id)) return;\n  js = d.createElement(s); js.id = id;\n  js.src = \"\/\/connect.facebook.net\/en_GB\/sdk.js#xfbml=1&version=v3.0\";\n  fjs.parentNode.insertBefore(js, fjs);\n (document, 'script', 'facebook-jssdk'));<\/script><\/p>\n<h2>Une p\u00e9riode de supplication individuelle en vue de nous ouvrir envers Dieu. <\/h2>\n<p>Adorable P\u00e8re divin, je viens en face de toi afin que je puisse te exprimer ma gratitude pour cette fra\u00eeche journ\u00e9e. Je t\u2019adore en raison de ta bont\u00e9 ainsi que ton engagement envers moi. Je t\u2019implore de me remplir avec ta saintet\u00e9 et de m\u2019accorder la gr\u00e2ce d\u2019\u00e9prouver ta pr\u00e8s de moi tout au long de cette journ\u00e9e. Je d\u00e9pose entre tes mains toutes mes soucis, mes joies, mes chagrins, mes d\u00e9sirs et mes attentes. Puisses ton Esprit Saint \u00e9claire mon esprit et renforce ma foi, pour que je puisse marcher dans ton chemin et effectuer ta volont\u00e9. Accorde-moi la gr\u00e2ce de vivre selon la compassion dont tu nous as montr\u00e9 l\u2019exemple \u00e0 travers ton Fils ch\u00e9ri, J\u00e9sus-Christ.<\/p>\n<h3> Note de compr\u00e9hension : <\/h3>\n<p>La pri\u00e8re nous plonge dans le famille sacr\u00e9e, dans laquelle le Tout-Puissant le Cr\u00e9ateur nous re\u00e7oit comme ses fils et filles bien-aim\u00e9s. \u00c0 travers cette connexion familial, nous rencontrons le courage et le r\u00e9confort en vue de affronter les difficult\u00e9s du. Elle nous rappelle les enseignements du disciple Pierre, lequel exhorte les disciples du Christ \u00e0 demeurer fermes dans la foi, m\u00eame face \u00e0 au milieu des tourments de la vie.<\/p>\n<h3>\nRenforcer notre relation \u00e0 J\u00e9sus d\u00e8s chaque matin<\/h3>\n<p>Nous avons la possibilit\u00e9 de m\u00e9diter \u00e0 propos de l\u2019un des diff\u00e9rents \u00e9vangiles pour nous relier envers J\u00e9sus. Par exemple :<\/p>\n<h3>Jean 15, 9-17 : <\/h3>\n<p>\u00a0\u00bb Ce n\u2019est pas vous qui m\u2019avez choisi; mais c\u2019est moi qui vous ai choisis, et qui vous ai \u00e9tablis, afin que vous alliez, et que vous portiez du fruit, et que votre fruit demeure, afin que ce que vous demanderez au P\u00e8re en mon nom, il vous le donne. Ce que je vous commande, c\u2019est de vous aimer les uns les autres.\u00a0\u00bb<\/p>\n<h2> Demander r\u00e9mission \u00e0 Dieu \u00e0 cause de nos p\u00e9ch\u00e9s <\/h2>\n<p>Seigneur J\u00e9sus, je viens te prier de pardonner mes p\u00e9ch\u00e9s. Je reconnais que je ne suis pas sans d\u00e9faut et que j\u2019ai besoin de ta sainte mis\u00e9ricorde. Je te demande de me d\u00e9livrer de chaque ce qui me d\u00e9tache de toi et de me donner la gr\u00e2ce de vivre en harmonie avec ta volont\u00e9. Que ta b\u00e9n\u00e9diction c\u00e9leste \u00e9claire les coins les plus sombres de mon c\u0153ur, purifiant mon \u00eatre et me m\u2019orientant sur la voie de la saintet\u00e9. Amen.<\/p>\n<h3> Discussion en le Seigneur tel que avec un ami. <\/h3>\n<p>Nous avons la possibilit\u00e9 de parler \u00e0 Dieu comme \u00e0 un ami fid\u00e8le, l\u2019\u00c9ternel confier nos joies et nos peines, lui demander de l\u2019aide dans nos d\u00e9fis quotidiens. Par exemple : Ma\u00eetre, gr\u00e2ce pour cette in\u00e9dite journ\u00e9e. Je viens te implorer m\u2019assister \u00e0 \u00eatre calme \u00e0 l\u2019\u00e9gard de mes enfants et \u00e0 me accorder la puissance d\u2019affronter aux d\u00e9fis de la journ\u00e9e. Je te remets mes projets et mes soucis, et je sollicite de me montrer comment je suis en mesure de te rendre service et t\u2019honorer aujourd\u2019hui. Accorde-moi, \u00f4 Seigneur, ta connaissance pour que je puisse prendre les bonnes d\u00e9cisions et ta faveur pour traverser les \u00e9preuves avec foi. Amen.<\/p>\n<h3> Un moment de calme pour percevoir Dieu. <\/h3>\n<p>Apr\u00e8s la pri\u00e8re et la m\u00e9ditation, il est important de prendre un moment de silence afin de \u00e9couter sa voix de Dieu dans nos propres c\u0153urs. Dans ce silence, il nous ressentir sa pr\u00e9sence sereine et recevoir ses inspirations pour la journ\u00e9e \u00e0.<\/p>\n<h3> Se diriger vers le Christ afin de retrouver cette paix int\u00e9rieure. <\/h3>\n<p>Nous sommes capables de prier J\u00e9sus m\u2019assister nous donner sa paix et m\u2019assister nous aider en vue de \u00e9couter sa parole. Par exemple :<br \/>\nSeigneur J\u00e9sus, j\u2019arrive te implorer m\u2019assister remplir mon propre c\u0153ur de ta tendresse. Je te demande m\u2019assister me d\u00e9livrer de toutes les pens\u00e9es et les diverses inqui\u00e9tudes qui. Aide-moi pour \u00e9couter ta parole et en vue de la mettre en pratique dans ma vie. Que ton Esprit Saint, \u00f4 Christ, soit ma force durant de cette journ\u00e9e. Amen.<\/p>\n<h3> Achever notre pri\u00e8re matinale en offrant notre journ\u00e9e \u00e0 Dieu. <\/h3>\n<p>Nous pouvonsoffrir nos journ\u00e9e \u00e0 Dieu et lui demander afin de la remplir de sa pr\u00e9sence et de sa b\u00e9n\u00e9diction. Par exemple :<br \/>\nSeigneur, nous te confesse cette journ\u00e9e entre tes mains. Que tous de mes pas soit dirig\u00e9 par ta sagesse, que chacune de mes paroles soit inspir\u00e9e par ta amour. Que toutes mes actions soient accomplies selon ton volont\u00e9, pour ta divine gloire et tous bien. Que ta divine lumi\u00e8re \u00e9claire ma route et que tu habites mon c\u0153ur. Amen.<\/p>\n<h3> Invocation d\u2019imploration matinale. <\/h3>\n<p>La invocation du matin consiste \u00e0 prier pour les besoins de tous les chr\u00e9tiennes et de tous les chr\u00e9tiens. Nous sommes capables de prier pour les personnes dans le besoin, pour les malades, pour les personnes qui souffrent, pour les personnes qui sont confront\u00e9es \u00e0 des difficult\u00e9s, pour les personnes d\u00e9courag\u00e9es et pour les personnes qui se trouvent dans l\u2019erreur.<\/p>\n<h3> Prier pour chacun individus au sein de le besoin. <\/p>\n<h3>\n<\/h3>\n<\/h3>\n<p>Seigneur, dans votre grande mis\u00e9ricorde, tu te implorons pour chacune des personnes qui traversent des difficult\u00e9s financi\u00e8res. Que vous leur accordes la force ainsi que la pers\u00e9v\u00e9rance pour d\u00e9passer ces \u00e9preuves, et que vous leur apportes les ressources n\u00e9cessaires afin de subvenir \u00e0 chaque leurs besoins. Accorde-leur, \u00f4, sa providence afin de \u00e9clairer leur pas dans les t\u00e9n\u00e8bres de leurs soucis financiers.<\/p>\n<p>Nous te prions \u00e9galement afin de chaque personnes qui luttent face \u00e0 des probl\u00e8mes de sant\u00e9. Que ta main puissante se pose sur elles, Seigneur, pour les gu\u00e9rir et aussi les r\u00e9conforter dans leur douleur. Accorde-leur, Grand, la force et le courage pour faire face \u00e0 leurs d\u00e9fis de sant\u00e9 en ayant confiance en sa divine providence.<\/p>\n<p>Nous te implorons encore en vue de l\u2019ensemble des personnes qui sont confront\u00e9es vis-\u00e0-vis de d\u2019innombrables difficult\u00e9s dans leur vie, peu importe ce que ce soit sur le secteur professionnel, relationnel ou encore \u00e9motionnel. Que sa gr\u00e2ce, Seigneur, reste leur soutien ainsi que leur r\u00e9confort dans ces moments d\u2019\u00e9preuve. Accorde-leur, Grand, ton Esprit Saint afin de \u00e9clairer leur chemin ainsi que les guider vers la s\u00e9r\u00e9nit\u00e9.<\/p>\n<p>Enfin, nous lui prions pour chacune des personnes qui sont sans-abri, qui sont marginalis\u00e9es et exclues de la soci\u00e9t\u00e9. Que ta mis\u00e9ricorde, Seigneur, se r\u00e9pande sur elles comme une certaine douce ros\u00e9e, leur apportant r\u00e9confort ainsi que espoir dans leur d\u00e9tresse. Accorde-leur, Dieu Tout-Puissant, des mains g\u00e9n\u00e9reuses afin de les aider et aussi des c\u0153urs compatissants pour les accueillir dans leur communaut\u00e9.<\/p>\n<h3> \u00e9claircissement sur cette pri\u00e8re du matin. <\/h3>\n<p>Au cours de la pri\u00e8re, nous \u00e9levons nos esprits envers le Ciel, suppliant la lumi\u00e8re de Dieu pour \u00e9clairer nos chemins sombres. Marie, notre m\u00e8re, nous guide dans ce parcours, nous instruisant \u00e0 contempler sur les myst\u00e8res de la vie de son divin enfant. Elle nous m\u00e8ne vers J\u00e9sus, le rayon du monde, qui lumine nos t\u00e9n\u00e8bres et nous guide vers la v\u00e9rit\u00e9.<br \/>\nLa pri\u00e8re nous relie aussi \u00e0 notre famille spirituelle, la communaut\u00e9 des croyants, o\u00f9 nous partageons nos contentements et nos afflictions, nos attentes et nos inqui\u00e9tudes. Collectivement, nous formons le corps du Christ, convoqu\u00e9s \u00e0 d\u00e9montrer de son affection. Par nos invocations, nous sollicitons pour les besoins des disciples et des fid\u00e8les, donnant notre amour et notre mis\u00e9ricorde \u00e0 ceux qui \u00e9prouvent.<br \/>\nUnissons nos voix dans la pri\u00e8re de debut de journ\u00e9e, dans l\u2019unit\u00e9 de notre foi, en Marie, la m\u00e8re de notre Seigneur J\u00e9sus-Christ. Dans notre monde troubl\u00e9 par la guerre et la division, optons \u00e0 la pri\u00e8re comme un moyen pour trouver la s\u00e9r\u00e9nit\u00e9 et la r\u00e9conciliation. Tout chr\u00e9tien peut faire d\u00e9poser un message pour la Sainte Vierge <a target=\"_blank\" rel=\"nofollow\" href=\"https:\/\/editionsbussiere.com\/blog\/goto\/https:\/\/www.avemariasound.org\/\" >ici.<\/a> Que nos supplications montent vers le ciel, comme un hommage re\u00e7u avec faveur \u00e0 Dieu, pour qu\u2019il guide nous guider nos chemins vers le chemin de la v\u00e9rit\u00e9 et de la justice. L\u2019ap\u00f4tre Paul nous dans ses lettres \u00e0 maintenir une pri\u00e8re incessante, en toutes circonstances, pour que notre connexion \u00e0 Dieu reste constante et passionn\u00e9e. La pri\u00e8re, lorsqu\u2019elle est offerte sinc\u00e8rement, a la capacit\u00e9 de transformer nos c\u0153urs et d\u2019influer le destin de l\u2019histoire.<\/p>\n<h2> \u00c9lever nos pri\u00e8res pour notre entourage au Seigneur matin.<\/h2>\n<p>L\u2019ultime ult\u00e9rieure section de la pri\u00e8re du matin consiste \u00e0 prier pour nos proches amis, notre propre famille, nos compagnons et nos communaut\u00e9. Nous pouvons prier pour leur bien-\u00eatre, leur prosp\u00e9rit\u00e9, leur s\u00fbret\u00e9, et leur r\u00e9ussite. Nous pouvons \u00e9galement prier pour nos ennemis et pour ces individus qui nous ont l\u00e9s\u00e9s, et demander \u00e0 Dieu de nous aider \u00e0 leur propre pardonner et \u00e0 leur montrer la compassion.<\/p>\n<h3> Prier pour la bien-\u00eatre et la s\u00fbret\u00e9 de nos amis.<\/h3>\n<p>Dieu tout-puissant, nous tous te confions nos proches, nos propres familles avec nos amis. Veille, cher Dieu, sur eux, avec sauvegarde -les de tout p\u00e9ril et de toute maladie. Donne, Dieu mis\u00e9ricordieux, une sant\u00e9 du corps et de l\u2019esprit pour eux, et aussi la paix au sein de leur esprit. Puissante soit la volont\u00e9 pour que ta b\u00e9n\u00e9diction puissante les garde et les individus guide chacun au long de cette journ\u00e9e, afin qu\u2019ils jouissent dans la tranquillit\u00e9 et aussi la paix.<\/p>\n<p>Nous autres vers toi prions pareillement pour nos enfants, Seigneur tout-puissant, afin qu\u2019ils grandissent dans la foi avec dans l\u2019amour de ton saint nom. Offre, cher Dieu, une sagesse avec la vigueur n\u00e9cessaires pour affronter les obstacles de la vie, ainsi que guide leurs pas sur le chemin de la v\u00e9rit\u00e9 ainsi que de la justice.<\/p>\n<p>Enfin, nous autres te prions pour nos amis et nos voisins, Seigneur, pour qu\u2019ils d\u00e9couvrent la joie de ton amour avec la paix de ton pardon. Offre-leur, \u00d4 Dieu, de c\u0153urs bienveillants pour partager avec ceux qui sont dans le besoin, et bras ouvertes afin de accueillir ceux qui seuls et abandonn\u00e9s.<\/p>\n<h3> Prier pour les n\u00f4tres ennemis ainsi que ceux qui nous-m\u00eames ont offens\u00e9s. <\/h3>\n<p>Seigneur, J\u00e9sus, nous vous prions pour notre ennemis et pour ceux-ci que nous-m\u00eames ont offens\u00e9s. Accorde-leur, \u00f4 J\u00e9sus, ta mis\u00e9ricorde et aussi votre pardon, et aussi ouvre leur c\u0153ur \u00e0 la lumi\u00e8re de ta v\u00e9rit\u00e9. Aide-nous, Seigneur, \u00e0 leur montrer de la compassion ainsi que \u00e0 leur pardonner comme tu nous-m\u00eames as pardonn\u00e9. Que votre paix r\u00e8gne dans nos c\u0153urs et aussi que ton amour guide nos actions, pour que nous puissions vivre en harmonie avec tous ceux qui sont nous autres entourent.<\/p>\n<h3> Appr\u00e9hender la pri\u00e8re : <\/h3>\n<p>Pour terminer, l\u2019 invocation nous rappelle notre devoir comme enfant de Dieu : \u00eatre des t\u00e9moin de sa clart\u00e9 et de son amour dans une \u00e9poque touch\u00e9e aux t\u00e9n\u00e8bres. \u00c0 travers nos discours et nos actions, nous propageons l\u2019\u00c9vangile de la paix et de la r\u00e9conciliation, amenant l\u2019esp\u00e9rance et la gu\u00e9rison \u00e0 un environnement endommag\u00e9.<\/p>\n<p>Au sein de la spiritualit\u00e9 chr\u00e9tienne, le lever du jour rev\u00eat l\u2019 valeur particuli\u00e8re, illustrant l\u2019 rafra\u00eechissement et la renaissance spirituelle. C\u2019est au lever du jour de chaque journ\u00e9e que le c\u0153ur se tourne vers le Seigneur dans l\u2019oraison, cherchant \u00e0 \u00eatre \u00e9clair\u00e9e par la lumi\u00e8re divine. La pratique des pri\u00e8res matinales s\u2019av\u00e8re profond\u00e9ment enracin\u00e9e dans le patrimoine chr\u00e9tienne, proposant un moment particulier pour communier avec le Seigneur et se pr\u00e9parer int\u00e9rieurement aux \u00e9preuves de la journ\u00e9e qui vient.<\/p>\n<p>\u00c0 l\u2019int\u00e9rieur de ces oraisons matinales se trouve r\u00e9guli\u00e8rement une d\u00e9votion particuli\u00e8re pour Marie, la maternelle de J\u00e9sus et personnage sainte respect\u00e9e par de nombreux fid\u00e8les. En qualit\u00e9 d\u2019 interm\u00e9diaire entre les hommes et Dieu, Marie est sollicit\u00e9e pour interc\u00e9der pour nous, nous-m\u00eames conduisant sur le chemin vers la saintet\u00e9 ainsi que ainsi que la gr\u00e2ce divine. Sa pr\u00e9sentation maternelle offre consolation ainsi que protection, enveloppant nos propres oraisons matinales d\u2019une tendresse c\u00e9leste.<\/p>\n<p>Au travers l\u2019 pri\u00e8res du matin, nous sommes appel\u00e9s pour nous unir \u00e0 Marie au sein de une initiative de b\u00e9atification individuelle. Par m\u00e9ditant sur la vie et ses vertus, nous cherchons \u00e0 imiter son humilit\u00e9, sa puret\u00e9 ainsi que sa ob\u00e9issance \u00e0 la volont\u00e9 de Dieu. \u00c0 travers la saintet\u00e9 mod\u00e8le, Marie est pour nous une mod\u00e8le de vie chr\u00e9tienne, nous rem\u00e9morant l\u2019importance de la pri\u00e8re et de la contemplation au sein de notre cheminement spirituel.<\/p>\n<p>La pri\u00e8re du matin est ainsi un moment privil\u00e9gi\u00e9 afin de se consacrer \u00e0 Dieu avec l\u2019intercession de Marie, en lui offrant nos adorations, nos reconnaissances ainsi que nos intentions les plus intimes. Dans la qui\u00e9tude de l\u2019aurore, on est invit\u00e9s \u00e0 se tourner vers cette maman sainte, laquelle on guide avec affection sur le chemin de la foi et l\u2019amour divin. \u00c0 travers associant notre voix pour celle de Marie, nous \u00e9levons nos pri\u00e8res matinales envers le tr\u00f4ne du la gr\u00e2ce, s\u00fbrs que nos supplications seront entendues et accueillies par le c\u0153ur mis\u00e9ricordieux de Dieu.<\/p>\n<p>Vous aimerez aussi:<\/p>\n<p>Vie et opinions de Tristram Shandy\/2\/23.,<a target=\"_blank\" rel=\"nofollow\" href=\"https:\/\/editionsbussiere.com\/blog\/goto\/https:\/\/fr.wikisource.org\/wiki\/Vie_et_opinions_de_Tristram_Shandy\/2\/23\"  target=\"_blank\" rel=\"noopener noreferrer nofollow\">L\u2019article de presse.<\/a><span><\/span>. Suite sur le prochain article.<\/p>\n<p>Madeleine et Marie.,<a target=\"_blank\" rel=\"nofollow\" href=\"https:\/\/editionsbussiere.com\/blog\/goto\/https:\/\/fr.wikisource.org\/wiki\/Madeleine_et_Marie\"  target=\"_blank\" rel=\"noopener noreferrer nofollow\">Le dossier.<\/a><span><\/span>. Suite sur le prochain article.<\/p>\n<p>Les Quatre \u00c9vangiles (Crampon 1864)\/Luc\/01.,<a target=\"_blank\" rel=\"nofollow\" href=\"https:\/\/editionsbussiere.com\/blog\/goto\/https:\/\/fr.wikisource.org\/wiki\/Les_Quatre_%C3%89vangiles_(Crampon_1864)\/Luc\/01\"  target=\"_blank\" rel=\"noopener noreferrer nofollow\">A lire ici.<\/a><span><\/span><\/p>\n<p>La Vierge sensuelle\/01.,<a target=\"_blank\" rel=\"nofollow\" href=\"https:\/\/editionsbussiere.com\/blog\/goto\/https:\/\/fr.wikisource.org\/wiki\/La_Vierge_sensuelle\/01\"  target=\"_blank\" rel=\"noopener noreferrer nofollow\">Cliquer ICI.<\/a><span><\/span><\/p>\n<p>L\u2019oubli\u00e9\/V.,<a target=\"_blank\" rel=\"nofollow\" href=\"https:\/\/editionsbussiere.com\/blog\/goto\/https:\/\/fr.wikisource.org\/wiki\/L%E2%80%99oubli%C3%A9\/V\"  target=\"_blank\" rel=\"noopener noreferrer nofollow\">Article complet.<\/a><span><\/span><\/p>\n<p>Chants populaires de la Basse-Bretagne\/Celui qui alla voir sa ma\u00eetresse dans l\u2019enfer.,<a target=\"_blank\" rel=\"nofollow\" href=\"https:\/\/editionsbussiere.com\/blog\/goto\/https:\/\/fr.wikisource.org\/wiki\/Chants_populaires_de_la_Basse-Bretagne\/Celui_qui_alla_voir_sa_ma%C3%AEtresse_dans_l%E2%80%99enfer\"  target=\"_blank\" rel=\"noopener noreferrer nofollow\">A lire ici.<\/a><span><\/span>. Suite sur le prochain article.<\/p>\n<\/div>\n<p><img decoding=\"async\" class=\"wpe_imgrss\" src=\"https:\/\/editionsbussiere.com\/blog\/wp-content\/uploads\/2024\/06\/Le-sanctuaire-du-reconfort-et-requete-en-debut-de-journee.pngkeepProtocol.png\">Cet article a \u00e9t\u00e9 reconstitu\u00e9 du mieux possible. Dans l\u2019hypoth\u00e8se o\u00f9 vous souhaitez apporter quelques modifications concernant le th\u00e8me \u00ab\u00a0Editions \u00e9sot\u00e9rique fond\u00e9e en 1927\u00a0\u00bb, il est possible de discuter avec notre r\u00e9daction. Vous pouvez tirer profit de cet article traitant le sujet \u00ab\u00a0Editions \u00e9sot\u00e9rique fond\u00e9e en 1927\u00a0\u00bb. Il est concoct\u00e9 par l\u2019\u00e9quipe editionsbussiere.com. Le site editionsbussiere.com est fait pour cr\u00e9er divers posts autour du th\u00e8me Editions \u00e9sot\u00e9rique fond\u00e9e en 1927 d\u00e9velopp\u00e9es sur internet. Consultez notre site internet editionsbussiere.com et nos r\u00e9seaux sociaux pour \u00eatre au courant des futures annonces.<\/p>\n","protected":false},"excerpt":{"rendered":"<p>Debra Black r\u00e9fl\u00e9chit au sanctuaire que J\u00e9sus nous offre pour \u00e9chapper au chaos de la vie quotidienne. \u00c0 partir de ce moment, j\u2019ai install\u00e9 une petite cellule dans mon c\u0153ur o\u00f9 j\u2019ai toujours tenu compagnie \u00e0 J\u00e9sus. (Journal de Sainte Faustine, 16) Notre monde de plus en plus complexe Il se peut que ce soit [&hellip;]<\/p>\n","protected":false},"author":3,"featured_media":799,"comment_status":"closed","ping_status":"closed","sticky":false,"template":"","format":"standard","meta":{"footnotes":""},"categories":[3],"tags":[],"class_list":["post-798","post","type-post","status-publish","format-standard","has-post-thumbnail","hentry","category-editions-esoterique-fondee-en-1927-depeches","entry","fw-tab-6 fw-tabr-4","has-featured-image"],"yoast_head":"<!-- This site is optimized with the Yoast SEO plugin v27.5 - https:\/\/yoast.com\/product\/yoast-seo-wordpress\/ -->\n<title>Le sanctuaire du r\u00e9confort et requ\u00eate en d\u00e9but de journ\u00e9e. - EDITIONSBUSSIERE<\/title>\n<meta name=\"robots\" content=\"index, follow, max-snippet:-1, max-image-preview:large, max-video-preview:-1\" \/>\n<link rel=\"canonical\" href=\"https:\/\/editionsbussiere.com\/blog\/le-sanctuaire-du-reconfort-et-requete-en-debut-de-journee\/\" \/>\n<meta property=\"og:locale\" content=\"fr_FR\" \/>\n<meta property=\"og:type\" content=\"article\" \/>\n<meta property=\"og:title\" content=\"Le sanctuaire du r\u00e9confort et requ\u00eate en d\u00e9but de journ\u00e9e. - EDITIONSBUSSIERE\" \/>\n<meta property=\"og:description\" content=\"Debra Black r\u00e9fl\u00e9chit au sanctuaire que J\u00e9sus nous offre pour \u00e9chapper au chaos de la vie quotidienne. \u00c0 partir de ce moment, j\u2019ai install\u00e9 une petite cellule dans mon c\u0153ur o\u00f9 j\u2019ai toujours tenu compagnie \u00e0 J\u00e9sus. (Journal de Sainte Faustine, 16) Notre monde de plus en plus complexe Il se peut que ce soit [&hellip;]\" \/>\n<meta property=\"og:url\" content=\"https:\/\/editionsbussiere.com\/blog\/le-sanctuaire-du-reconfort-et-requete-en-debut-de-journee\/\" \/>\n<meta property=\"og:site_name\" content=\"EDITIONSBUSSIERE\" \/>\n<meta property=\"article:published_time\" content=\"2024-06-13T13:09:45+00:00\" \/>\n<meta property=\"og:image\" content=\"https:\/\/editionsbussiere.com\/blog\/wp-content\/uploads\/2024\/06\/Le-sanctuaire-du-reconfort-et-requete-en-debut-de-journee.pngkeepProtocol.png\" \/>\n<meta name=\"author\" content=\"Marie BATICLE\" \/>\n<meta name=\"twitter:card\" content=\"summary_large_image\" \/>\n<meta name=\"twitter:label1\" content=\"\u00c9crit par\" \/>\n\t<meta name=\"twitter:data1\" content=\"Marie BATICLE\" \/>\n\t<meta name=\"twitter:label2\" content=\"Dur\u00e9e de lecture estim\u00e9e\" \/>\n\t<meta name=\"twitter:data2\" content=\"16 minutes\" \/>\n<script type=\"application\/ld+json\" class=\"yoast-schema-graph\">{\"@context\":\"https:\\\/\\\/schema.org\",\"@graph\":[{\"@type\":\"Article\",\"@id\":\"https:\\\/\\\/editionsbussiere.com\\\/blog\\\/le-sanctuaire-du-reconfort-et-requete-en-debut-de-journee\\\/#article\",\"isPartOf\":{\"@id\":\"https:\\\/\\\/editionsbussiere.com\\\/blog\\\/le-sanctuaire-du-reconfort-et-requete-en-debut-de-journee\\\/\"},\"author\":{\"name\":\"Marie BATICLE\",\"@id\":\"https:\\\/\\\/editionsbussiere.com\\\/blog\\\/#\\\/schema\\\/person\\\/ec90e102792148c97e46ab871010dd8f\"},\"headline\":\"Le sanctuaire du r\u00e9confort et requ\u00eate en d\u00e9but de journ\u00e9e.\",\"datePublished\":\"2024-06-13T13:09:45+00:00\",\"mainEntityOfPage\":{\"@id\":\"https:\\\/\\\/editionsbussiere.com\\\/blog\\\/le-sanctuaire-du-reconfort-et-requete-en-debut-de-journee\\\/\"},\"wordCount\":3272,\"publisher\":{\"@id\":\"https:\\\/\\\/editionsbussiere.com\\\/blog\\\/#organization\"},\"image\":{\"@id\":\"https:\\\/\\\/editionsbussiere.com\\\/blog\\\/le-sanctuaire-du-reconfort-et-requete-en-debut-de-journee\\\/#primaryimage\"},\"thumbnailUrl\":\"https:\\\/\\\/editionsbussiere.com\\\/blog\\\/wp-content\\\/uploads\\\/2024\\\/06\\\/Le-sanctuaire-du-reconfort-et-requete-en-debut-de-journee.pngkeepProtocol.png\",\"articleSection\":[\"Editions \u00c9sot\u00e9rique Fond\u00e9e En 1927; D\u00e9p\u00e8ches:\"],\"inLanguage\":\"fr-FR\"},{\"@type\":\"WebPage\",\"@id\":\"https:\\\/\\\/editionsbussiere.com\\\/blog\\\/le-sanctuaire-du-reconfort-et-requete-en-debut-de-journee\\\/\",\"url\":\"https:\\\/\\\/editionsbussiere.com\\\/blog\\\/le-sanctuaire-du-reconfort-et-requete-en-debut-de-journee\\\/\",\"name\":\"Le sanctuaire du r\u00e9confort et requ\u00eate en d\u00e9but de journ\u00e9e. - EDITIONSBUSSIERE\",\"isPartOf\":{\"@id\":\"https:\\\/\\\/editionsbussiere.com\\\/blog\\\/#website\"},\"primaryImageOfPage\":{\"@id\":\"https:\\\/\\\/editionsbussiere.com\\\/blog\\\/le-sanctuaire-du-reconfort-et-requete-en-debut-de-journee\\\/#primaryimage\"},\"image\":{\"@id\":\"https:\\\/\\\/editionsbussiere.com\\\/blog\\\/le-sanctuaire-du-reconfort-et-requete-en-debut-de-journee\\\/#primaryimage\"},\"thumbnailUrl\":\"https:\\\/\\\/editionsbussiere.com\\\/blog\\\/wp-content\\\/uploads\\\/2024\\\/06\\\/Le-sanctuaire-du-reconfort-et-requete-en-debut-de-journee.pngkeepProtocol.png\",\"datePublished\":\"2024-06-13T13:09:45+00:00\",\"breadcrumb\":{\"@id\":\"https:\\\/\\\/editionsbussiere.com\\\/blog\\\/le-sanctuaire-du-reconfort-et-requete-en-debut-de-journee\\\/#breadcrumb\"},\"inLanguage\":\"fr-FR\",\"potentialAction\":[{\"@type\":\"ReadAction\",\"target\":[\"https:\\\/\\\/editionsbussiere.com\\\/blog\\\/le-sanctuaire-du-reconfort-et-requete-en-debut-de-journee\\\/\"]}]},{\"@type\":\"ImageObject\",\"inLanguage\":\"fr-FR\",\"@id\":\"https:\\\/\\\/editionsbussiere.com\\\/blog\\\/le-sanctuaire-du-reconfort-et-requete-en-debut-de-journee\\\/#primaryimage\",\"url\":\"https:\\\/\\\/editionsbussiere.com\\\/blog\\\/wp-content\\\/uploads\\\/2024\\\/06\\\/Le-sanctuaire-du-reconfort-et-requete-en-debut-de-journee.pngkeepProtocol.png\",\"contentUrl\":\"https:\\\/\\\/editionsbussiere.com\\\/blog\\\/wp-content\\\/uploads\\\/2024\\\/06\\\/Le-sanctuaire-du-reconfort-et-requete-en-debut-de-journee.pngkeepProtocol.png\",\"width\":1024,\"height\":512,\"caption\":\"Le sanctuaire du reconfort et requete en debut de journee.pngkeepProtocol\"},{\"@type\":\"BreadcrumbList\",\"@id\":\"https:\\\/\\\/editionsbussiere.com\\\/blog\\\/le-sanctuaire-du-reconfort-et-requete-en-debut-de-journee\\\/#breadcrumb\",\"itemListElement\":[{\"@type\":\"ListItem\",\"position\":1,\"name\":\"Accueil\",\"item\":\"https:\\\/\\\/editionsbussiere.com\\\/blog\\\/\"},{\"@type\":\"ListItem\",\"position\":2,\"name\":\"Le sanctuaire du r\u00e9confort et requ\u00eate en d\u00e9but de journ\u00e9e.\"}]},{\"@type\":\"WebSite\",\"@id\":\"https:\\\/\\\/editionsbussiere.com\\\/blog\\\/#website\",\"url\":\"https:\\\/\\\/editionsbussiere.com\\\/blog\\\/\",\"name\":\"EDITIONSBUSSIERE\",\"description\":\"Editions \u00e9sot\u00e9rique fond\u00e9e en 1927; site historique, A SAVOIR ET RETENIR.\",\"publisher\":{\"@id\":\"https:\\\/\\\/editionsbussiere.com\\\/blog\\\/#organization\"},\"potentialAction\":[{\"@type\":\"SearchAction\",\"target\":{\"@type\":\"EntryPoint\",\"urlTemplate\":\"https:\\\/\\\/editionsbussiere.com\\\/blog\\\/?s={search_term_string}\"},\"query-input\":{\"@type\":\"PropertyValueSpecification\",\"valueRequired\":true,\"valueName\":\"search_term_string\"}}],\"inLanguage\":\"fr-FR\"},{\"@type\":\"Organization\",\"@id\":\"https:\\\/\\\/editionsbussiere.com\\\/blog\\\/#organization\",\"name\":\"editionsbussiere\",\"url\":\"https:\\\/\\\/editionsbussiere.com\\\/blog\\\/\",\"logo\":{\"@type\":\"ImageObject\",\"inLanguage\":\"fr-FR\",\"@id\":\"https:\\\/\\\/editionsbussiere.com\\\/blog\\\/#\\\/schema\\\/logo\\\/image\\\/\",\"url\":\"https:\\\/\\\/editionsbussiere.com\\\/blog\\\/wp-content\\\/uploads\\\/2023\\\/09\\\/cropped-buss.gif\",\"contentUrl\":\"https:\\\/\\\/editionsbussiere.com\\\/blog\\\/wp-content\\\/uploads\\\/2023\\\/09\\\/cropped-buss.gif\",\"width\":298,\"height\":120,\"caption\":\"editionsbussiere\"},\"image\":{\"@id\":\"https:\\\/\\\/editionsbussiere.com\\\/blog\\\/#\\\/schema\\\/logo\\\/image\\\/\"}},{\"@type\":\"Person\",\"@id\":\"https:\\\/\\\/editionsbussiere.com\\\/blog\\\/#\\\/schema\\\/person\\\/ec90e102792148c97e46ab871010dd8f\",\"name\":\"Marie BATICLE\",\"image\":{\"@type\":\"ImageObject\",\"inLanguage\":\"fr-FR\",\"@id\":\"https:\\\/\\\/secure.gravatar.com\\\/avatar\\\/c923e52403b1b8137e2d929127211d21967e6aecaa053bd43b09da29f212e76e?s=96&d=mm&r=g\",\"url\":\"https:\\\/\\\/secure.gravatar.com\\\/avatar\\\/c923e52403b1b8137e2d929127211d21967e6aecaa053bd43b09da29f212e76e?s=96&d=mm&r=g\",\"contentUrl\":\"https:\\\/\\\/secure.gravatar.com\\\/avatar\\\/c923e52403b1b8137e2d929127211d21967e6aecaa053bd43b09da29f212e76e?s=96&d=mm&r=g\",\"caption\":\"Marie BATICLE\"},\"url\":\"https:\\\/\\\/editionsbussiere.com\\\/blog\\\/author\\\/eremarie\\\/\"}]}<\/script>\n<!-- \/ Yoast SEO plugin. -->","yoast_head_json":{"title":"Le sanctuaire du r\u00e9confort et requ\u00eate en d\u00e9but de journ\u00e9e. - EDITIONSBUSSIERE","robots":{"index":"index","follow":"follow","max-snippet":"max-snippet:-1","max-image-preview":"max-image-preview:large","max-video-preview":"max-video-preview:-1"},"canonical":"https:\/\/editionsbussiere.com\/blog\/le-sanctuaire-du-reconfort-et-requete-en-debut-de-journee\/","og_locale":"fr_FR","og_type":"article","og_title":"Le sanctuaire du r\u00e9confort et requ\u00eate en d\u00e9but de journ\u00e9e. - EDITIONSBUSSIERE","og_description":"Debra Black r\u00e9fl\u00e9chit au sanctuaire que J\u00e9sus nous offre pour \u00e9chapper au chaos de la vie quotidienne. \u00c0 partir de ce moment, j\u2019ai install\u00e9 une petite cellule dans mon c\u0153ur o\u00f9 j\u2019ai toujours tenu compagnie \u00e0 J\u00e9sus. (Journal de Sainte Faustine, 16) Notre monde de plus en plus complexe Il se peut que ce soit [&hellip;]","og_url":"https:\/\/editionsbussiere.com\/blog\/le-sanctuaire-du-reconfort-et-requete-en-debut-de-journee\/","og_site_name":"EDITIONSBUSSIERE","article_published_time":"2024-06-13T13:09:45+00:00","og_image":[{"url":"https:\/\/editionsbussiere.com\/blog\/wp-content\/uploads\/2024\/06\/Le-sanctuaire-du-reconfort-et-requete-en-debut-de-journee.pngkeepProtocol.png","type":"","width":"","height":""}],"author":"Marie BATICLE","twitter_card":"summary_large_image","twitter_misc":{"\u00c9crit par":"Marie BATICLE","Dur\u00e9e de lecture estim\u00e9e":"16 minutes"},"schema":{"@context":"https:\/\/schema.org","@graph":[{"@type":"Article","@id":"https:\/\/editionsbussiere.com\/blog\/le-sanctuaire-du-reconfort-et-requete-en-debut-de-journee\/#article","isPartOf":{"@id":"https:\/\/editionsbussiere.com\/blog\/le-sanctuaire-du-reconfort-et-requete-en-debut-de-journee\/"},"author":{"name":"Marie BATICLE","@id":"https:\/\/editionsbussiere.com\/blog\/#\/schema\/person\/ec90e102792148c97e46ab871010dd8f"},"headline":"Le sanctuaire du r\u00e9confort et requ\u00eate en d\u00e9but de journ\u00e9e.","datePublished":"2024-06-13T13:09:45+00:00","mainEntityOfPage":{"@id":"https:\/\/editionsbussiere.com\/blog\/le-sanctuaire-du-reconfort-et-requete-en-debut-de-journee\/"},"wordCount":3272,"publisher":{"@id":"https:\/\/editionsbussiere.com\/blog\/#organization"},"image":{"@id":"https:\/\/editionsbussiere.com\/blog\/le-sanctuaire-du-reconfort-et-requete-en-debut-de-journee\/#primaryimage"},"thumbnailUrl":"https:\/\/editionsbussiere.com\/blog\/wp-content\/uploads\/2024\/06\/Le-sanctuaire-du-reconfort-et-requete-en-debut-de-journee.pngkeepProtocol.png","articleSection":["Editions \u00c9sot\u00e9rique Fond\u00e9e En 1927; D\u00e9p\u00e8ches:"],"inLanguage":"fr-FR"},{"@type":"WebPage","@id":"https:\/\/editionsbussiere.com\/blog\/le-sanctuaire-du-reconfort-et-requete-en-debut-de-journee\/","url":"https:\/\/editionsbussiere.com\/blog\/le-sanctuaire-du-reconfort-et-requete-en-debut-de-journee\/","name":"Le sanctuaire du r\u00e9confort et requ\u00eate en d\u00e9but de journ\u00e9e. - EDITIONSBUSSIERE","isPartOf":{"@id":"https:\/\/editionsbussiere.com\/blog\/#website"},"primaryImageOfPage":{"@id":"https:\/\/editionsbussiere.com\/blog\/le-sanctuaire-du-reconfort-et-requete-en-debut-de-journee\/#primaryimage"},"image":{"@id":"https:\/\/editionsbussiere.com\/blog\/le-sanctuaire-du-reconfort-et-requete-en-debut-de-journee\/#primaryimage"},"thumbnailUrl":"https:\/\/editionsbussiere.com\/blog\/wp-content\/uploads\/2024\/06\/Le-sanctuaire-du-reconfort-et-requete-en-debut-de-journee.pngkeepProtocol.png","datePublished":"2024-06-13T13:09:45+00:00","breadcrumb":{"@id":"https:\/\/editionsbussiere.com\/blog\/le-sanctuaire-du-reconfort-et-requete-en-debut-de-journee\/#breadcrumb"},"inLanguage":"fr-FR","potentialAction":[{"@type":"ReadAction","target":["https:\/\/editionsbussiere.com\/blog\/le-sanctuaire-du-reconfort-et-requete-en-debut-de-journee\/"]}]},{"@type":"ImageObject","inLanguage":"fr-FR","@id":"https:\/\/editionsbussiere.com\/blog\/le-sanctuaire-du-reconfort-et-requete-en-debut-de-journee\/#primaryimage","url":"https:\/\/editionsbussiere.com\/blog\/wp-content\/uploads\/2024\/06\/Le-sanctuaire-du-reconfort-et-requete-en-debut-de-journee.pngkeepProtocol.png","contentUrl":"https:\/\/editionsbussiere.com\/blog\/wp-content\/uploads\/2024\/06\/Le-sanctuaire-du-reconfort-et-requete-en-debut-de-journee.pngkeepProtocol.png","width":1024,"height":512,"caption":"Le sanctuaire du reconfort et requete en debut de journee.pngkeepProtocol"},{"@type":"BreadcrumbList","@id":"https:\/\/editionsbussiere.com\/blog\/le-sanctuaire-du-reconfort-et-requete-en-debut-de-journee\/#breadcrumb","itemListElement":[{"@type":"ListItem","position":1,"name":"Accueil","item":"https:\/\/editionsbussiere.com\/blog\/"},{"@type":"ListItem","position":2,"name":"Le sanctuaire du r\u00e9confort et requ\u00eate en d\u00e9but de journ\u00e9e."}]},{"@type":"WebSite","@id":"https:\/\/editionsbussiere.com\/blog\/#website","url":"https:\/\/editionsbussiere.com\/blog\/","name":"EDITIONSBUSSIERE","description":"Editions \u00e9sot\u00e9rique fond\u00e9e en 1927; site historique, A SAVOIR ET RETENIR.","publisher":{"@id":"https:\/\/editionsbussiere.com\/blog\/#organization"},"potentialAction":[{"@type":"SearchAction","target":{"@type":"EntryPoint","urlTemplate":"https:\/\/editionsbussiere.com\/blog\/?s={search_term_string}"},"query-input":{"@type":"PropertyValueSpecification","valueRequired":true,"valueName":"search_term_string"}}],"inLanguage":"fr-FR"},{"@type":"Organization","@id":"https:\/\/editionsbussiere.com\/blog\/#organization","name":"editionsbussiere","url":"https:\/\/editionsbussiere.com\/blog\/","logo":{"@type":"ImageObject","inLanguage":"fr-FR","@id":"https:\/\/editionsbussiere.com\/blog\/#\/schema\/logo\/image\/","url":"https:\/\/editionsbussiere.com\/blog\/wp-content\/uploads\/2023\/09\/cropped-buss.gif","contentUrl":"https:\/\/editionsbussiere.com\/blog\/wp-content\/uploads\/2023\/09\/cropped-buss.gif","width":298,"height":120,"caption":"editionsbussiere"},"image":{"@id":"https:\/\/editionsbussiere.com\/blog\/#\/schema\/logo\/image\/"}},{"@type":"Person","@id":"https:\/\/editionsbussiere.com\/blog\/#\/schema\/person\/ec90e102792148c97e46ab871010dd8f","name":"Marie BATICLE","image":{"@type":"ImageObject","inLanguage":"fr-FR","@id":"https:\/\/secure.gravatar.com\/avatar\/c923e52403b1b8137e2d929127211d21967e6aecaa053bd43b09da29f212e76e?s=96&d=mm&r=g","url":"https:\/\/secure.gravatar.com\/avatar\/c923e52403b1b8137e2d929127211d21967e6aecaa053bd43b09da29f212e76e?s=96&d=mm&r=g","contentUrl":"https:\/\/secure.gravatar.com\/avatar\/c923e52403b1b8137e2d929127211d21967e6aecaa053bd43b09da29f212e76e?s=96&d=mm&r=g","caption":"Marie BATICLE"},"url":"https:\/\/editionsbussiere.com\/blog\/author\/eremarie\/"}]}},"_links":{"self":[{"href":"https:\/\/editionsbussiere.com\/blog\/wp-json\/wp\/v2\/posts\/798","targetHints":{"allow":["GET"]}}],"collection":[{"href":"https:\/\/editionsbussiere.com\/blog\/wp-json\/wp\/v2\/posts"}],"about":[{"href":"https:\/\/editionsbussiere.com\/blog\/wp-json\/wp\/v2\/types\/post"}],"author":[{"embeddable":true,"href":"https:\/\/editionsbussiere.com\/blog\/wp-json\/wp\/v2\/users\/3"}],"replies":[{"embeddable":true,"href":"https:\/\/editionsbussiere.com\/blog\/wp-json\/wp\/v2\/comments?post=798"}],"version-history":[{"count":0,"href":"https:\/\/editionsbussiere.com\/blog\/wp-json\/wp\/v2\/posts\/798\/revisions"}],"wp:featuredmedia":[{"embeddable":true,"href":"https:\/\/editionsbussiere.com\/blog\/wp-json\/wp\/v2\/media\/799"}],"wp:attachment":[{"href":"https:\/\/editionsbussiere.com\/blog\/wp-json\/wp\/v2\/media?parent=798"}],"wp:term":[{"taxonomy":"category","embeddable":true,"href":"https:\/\/editionsbussiere.com\/blog\/wp-json\/wp\/v2\/categories?post=798"},{"taxonomy":"post_tag","embeddable":true,"href":"https:\/\/editionsbussiere.com\/blog\/wp-json\/wp\/v2\/tags?post=798"}],"curies":[{"name":"wp","href":"https:\/\/api.w.org\/{rel}","templated":true}]}}