{"id":787,"date":"2024-06-11T15:13:49","date_gmt":"2024-06-11T13:13:49","guid":{"rendered":"https:\/\/editionsbussiere.com\/blog\/prier-comme-leglise-primitive-avec-une-priere-au-petit-jour\/"},"modified":"2024-06-11T15:13:49","modified_gmt":"2024-06-11T13:13:49","slug":"prier-comme-leglise-primitive-avec-une-priere-au-petit-jour","status":"publish","type":"post","link":"https:\/\/editionsbussiere.com\/blog\/prier-comme-leglise-primitive-avec-une-priere-au-petit-jour\/","title":{"rendered":"Prier comme l&rsquo;\u00c9glise primitive\n avec une pri\u00e8re au petit jour."},"content":{"rendered":"<div><img width=\"580\" height=\"290\" src=\"https:\/\/editionsbussiere.com\/blog\/wp-content\/uploads\/2024\/06\/Prier-comme-l39Eglise-primitive-avec-une-priere-au-petit-jour.pngkeepProtocol.png\" class=\"attachment-large size-large wp-post-image\" alt=\"Prier comme l'\u00c9glise primitive avec une pri\u00e8re au petit jour.\" style=\"float:left; margin:0 15px 15px 0;\" decoding=\"async\" srcset=\"https:\/\/editionsbussiere.com\/blog\/wp-content\/uploads\/2024\/06\/Prier-comme-l39Eglise-primitive-avec-une-priere-au-petit-jour.pngkeepProtocol.png 1024w, https:\/\/www.n42.fr\/wp-content\/uploads\/2024\/06\/Prier-comme-l39Eglise-primitive-avec-une-priere-au-petit-jour.pngkeepProtocol-300x150.png 300w, https:\/\/www.n42.fr\/wp-content\/uploads\/2024\/06\/Prier-comme-l39Eglise-primitive-avec-une-priere-au-petit-jour.pngkeepProtocol-768x384.png 768w\" sizes=\"(max-width: 580px) 100vw, 580px\"><\/p>\n<p>\n<\/p>\n<div id=\"hs_cos_wrapper_post_body\">\n<p><em><span data-contrast=\"none\" xml:lang=\"EN-US\" lang=\"EN-US\">Caitrin Bennett passe en revue une nouvelle ressource de James L. Papandrea qui vous aidera \u00e0 modeler votre vie de pri\u00e8re sur celle des premiers chr\u00e9tiens.<\/span> <\/em><\/p>\n<p><span id=\"more-174225\"><\/span><\/p>\n<hr>\n<p><span data-contrast=\"none\">par James L. Papandrea<\/span><\/p>\n<p><span data-contrast=\"none\">Si vous aviez \u00e9t\u00e9 chr\u00e9tien au cours des premiers si\u00e8cles de notre \u00e8re, \u00e0 quoi aurait ressembl\u00e9 votre vie de pri\u00e8re ?  Quelles pri\u00e8res par c\u0153ur auriez-vous r\u00e9cit\u00e9es\u00a0?  Quel r\u00f4le la messe et les \u00c9critures auraient-elles jou\u00e9 dans votre pri\u00e8re ?  Qu\u2019ont \u00e0 dire des personnes comme saint Ignace (mort 110) et saint Gr\u00e9goire de Nysse (mort 395) sur la fonction et l\u2019efficacit\u00e9 de la pri\u00e8re ?  Si ce genre de questions vous int\u00e9resse, vous devriez absolument vous procurer une copie de <em><span style=\"font-weight: bold;\">Prier comme l&rsquo;\u00c9glise primitive\u00a0: sept id\u00e9es des p\u00e8res de l&rsquo;\u00c9glise pour vous aider \u00e0 vous connecter avec Dieu<\/span><\/em>  par James L. Papandrea, disponible aupr\u00e8s de Sophia Institute Press.<\/span><span data-ccp-props='\"201341983\":0,\"335559739\":0,\"335559740\":240'> <\/span><\/p>\n<p><span data-ccp-props='\"201341983\":0,\"335559739\":0,\"335559740\":240'><img decoding=\"async\" src=\"https:\/\/editionsbussiere.com\/blog\/wp-content\/uploads\/2024\/06\/praying2520like2520the2520early2520church.jpg3Fwidth3D97126height3D150026name3Dpraying2520like2520the2520early2520church.jpg\" width=\"971\" height=\"1500\" loading=\"lazy\" alt=\"priant comme l'\u00e9glise primitive\" style=\"height: auto; max-width: 100%; width: 971px;\" srcset=\"https:\/\/www.catholicmom.com\/hs-fs\/hubfs\/praying%20like%20the%20early%20church.jpg?width=486&amp;height=750&amp;name=praying%20like%20the%20early%20church.jpg 486w, https:\/\/editionsbussiere.com\/blog\/wp-content\/uploads\/2024\/06\/praying2520like2520the2520early2520church.jpg3Fwidth3D97126height3D150026name3Dpraying2520like2520the2520early2520church.jpg 971w, https:\/\/www.catholicmom.com\/hs-fs\/hubfs\/praying%20like%20the%20early%20church.jpg?width=1457&amp;height=2250&amp;name=praying%20like%20the%20early%20church.jpg 1457w, https:\/\/www.catholicmom.com\/hs-fs\/hubfs\/praying%20like%20the%20early%20church.jpg?width=1942&amp;height=3000&amp;name=praying%20like%20the%20early%20church.jpg 1942w, https:\/\/www.catholicmom.com\/hs-fs\/hubfs\/praying%20like%20the%20early%20church.jpg?width=2428&amp;height=3750&amp;name=praying%20like%20the%20early%20church.jpg 2428w, https:\/\/www.catholicmom.com\/hs-fs\/hubfs\/praying%20like%20the%20early%20church.jpg?width=2913&amp;height=4500&amp;name=praying%20like%20the%20early%20church.jpg 2913w\" sizes=\"auto, (max-width: 971px) 100vw, 971px\"><\/span><\/p>\n<p><span data-ccp-props='\"201341983\":0,\"335559739\":0,\"335559740\":240'> <\/span><\/p>\n<p><span data-contrast=\"none\">Lorsque j\u2019ai choisi ce livre, j\u2019esp\u00e9rais qu\u2019il m\u2019aiderait \u00e0 ajouter de nouvelles \u00ab astuces \u00bb pour m\u2019aider \u00e0 intensifier ma vie de pri\u00e8re.  M\u00eame si cela m&rsquo;a d\u00e9finitivement aid\u00e9 \u00e0 progresser dans la pri\u00e8re, c&rsquo;\u00e9tait en grande partie par une simplification de la pri\u00e8re plut\u00f4t que par une complication.  Addition par soustraction, pourrait-on dire.  Et c\u2019est pr\u00e9cis\u00e9ment pourquoi je recommanderais cette ressource m\u00eame aux chr\u00e9tiens les plus r\u00e9cents ou les moins cat\u00e9chis\u00e9s.  Au lieu de me submerger de nouvelles id\u00e9es et de me faire me sentir inad\u00e9quat, <em><span style=\"font-weight: bold;\">Prier comme l&rsquo;\u00c9glise primitive<\/span><\/em>  m&rsquo;a aid\u00e9 \u00e0 voir certains des \u00e9l\u00e9ments les plus simples des pri\u00e8res que je prie d\u00e9j\u00e0 sous un nouvel angle et avec une nouvelle profondeur.<\/span><span data-ccp-props='\"201341983\":0,\"335559739\":0,\"335559740\":240'> <\/span><span data-ccp-props='\"201341983\":0,\"335559739\":0,\"335559740\":240'> <\/span><\/p>\n<h2><span data-ccp-props='\"201341983\":0,\"335559739\":0,\"335559740\":240'>Une nouvelle perspective sur les pri\u00e8res pr\u00e9f\u00e9r\u00e9es<\/span><\/h2>\n<p><span data-contrast=\"none\">Par exemple, trois des parties les plus importantes de la vie de pri\u00e8re de tout chr\u00e9tien devraient \u00eatre la messe, le signe de croix et le Notre P\u00e8re.  Tous les trois faisaient d\u00e9j\u00e0 partie de mon emploi du temps, mais ce livre m&rsquo;a renforc\u00e9 pourquoi ils sont si importants.  Cela m&rsquo;a donn\u00e9 un nouvel z\u00e8le pour vraiment prier la messe, en accord avec les pri\u00e8res de cons\u00e9cration du pr\u00eatre avec un \u00ab Amen ! \u00bb r\u00e9solu.  J&rsquo;ai appris \u00e0 ralentir lorsque je prie les paroles du Christ dans le Notre P\u00e8re, ainsi que lorsque je fais le signe de croix pour invoquer v\u00e9ritablement les trois personnes de la Trinit\u00e9.  Papandrea m&rsquo;a aid\u00e9e \u00e0 comprendre que si je vais simplement \u00e0 la messe, prie le Notre P\u00e8re et fais le signe de la croix, c&rsquo;est d\u00e9j\u00e0 une journ\u00e9e de pri\u00e8re tr\u00e8s solide en soi !<\/span><span data-ccp-props='\"201341983\":0,\"335559739\":0,\"335559740\":240'> <\/span><span data-ccp-props='\"201341983\":0,\"335559739\":0,\"335559740\":240'> <\/span><\/p>\n<p><span data-contrast=\"none\">Il y a plus ici aussi, mais tout est \u00e9tonnamment simple.  Demandez \u00e0 Marie et aux saints de prier pour vous.  Essayez des pri\u00e8res respiratoires courtes, o\u00f9 chaque ligne correspond \u00e0 une inspiration ou une expiration : \u00ab Seigneur J\u00e9sus-Christ, Fils de Dieu, aie piti\u00e9 de moi, p\u00e9cheur. \u00bb  Prier les psaumes, notamment \u00e0 travers la Liturgie des Heures, a toujours \u00e9t\u00e9 une belle fa\u00e7on d\u2019incorporer l\u2019\u00c9criture dans la pri\u00e8re.  Cela a longtemps \u00e9t\u00e9 l\u2019une de mes fa\u00e7ons pr\u00e9f\u00e9r\u00e9es de prier \u2013 et puis-je recommander le podcast gratuit <em>La Liturgie des Heures : Chantez les Heures,<\/em> qui propose chaque jour des pri\u00e8res de Laudes (matin) et de V\u00eapres (soir), magnifiquement chant\u00e9es dans un m\u00e9lange de latin et d&rsquo;anglais.<\/span><span data-ccp-props='\"201341983\":0,\"335559739\":0,\"335559740\":240'> <\/span><span data-ccp-props='\"201341983\":0,\"335559739\":0,\"335559740\":240'> <\/span><\/p>\n<p><span data-contrast=\"none\">Le livre d\u00e9crit \u00e9galement les vertus qui rendent la pri\u00e8re la plus efficace, la compr\u00e9hension des P\u00e8res de l&rsquo;\u00c9glise sur le fonctionnement de la pri\u00e8re et pourquoi nous devrions prier, comment \u00ab prier sans cesse \u00bb et comment \u00eatre s\u00fbr de prier selon la volont\u00e9 de Dieu.  Chaque chapitre condense une montagne de recherches, afin que le lecteur le plus \u00e9rudit puisse se plonger dans les notes de bas de page d\u00e9taill\u00e9es pendant que le reste d&rsquo;entre nous profite du corps accessible du texte.<\/span><span data-ccp-props='\"201341983\":0,\"335559739\":0,\"335559740\":240'> <\/span><span data-ccp-props='\"201341983\":0,\"335559739\":0,\"335559740\":240'> <\/span><\/p>\n<p><span data-contrast=\"none\"><em><span style=\"font-weight: bold;\">Prier comme l&rsquo;\u00c9glise primitive<\/span><\/em>  m&rsquo;a donn\u00e9 un nouvel amour pour la pri\u00e8re, et en particulier pour la pri\u00e8re de l&rsquo;\u00c9glise qu&rsquo;est la messe. Pr\u00e8s de deux mille ans apr\u00e8s que ces premiers P\u00e8res en ont parl\u00e9, les \u00e9l\u00e9ments liturgiques importants restent inchang\u00e9s alors que les catholiques du monde entier s&rsquo;unissent chaque jour pour offrir la Saint Sacrifice de la Messe \u00e0 notre P\u00e8re C\u00e9leste.<\/span><span data-ccp-props=\"\"> <\/span><\/p>\n<p>Demander <em>Prier comme l&rsquo;\u00c9glise primitive<\/em> chez votre libraire catholique local, ou commandez en ligne sur <strong>Amazon.com<\/strong> ou l&rsquo;\u00e9diteur, <strong>Presse de l&rsquo;Institut Sophia.<\/strong><\/p>\n<p style=\"font-weight: bold;\">Est-ce un livre que vous aimeriez lire ?  Partagez vos r\u00e9flexions avec la communaut\u00e9 des mamans catholiques\u00a0!  Vous trouverez la zone de commentaires sous la biographie de l&rsquo;auteur et la liste des articles recommand\u00e9s.<\/p>\n<p style=\"font-weight: bold;\">\n<p style=\"font-weight: bold;\"><img decoding=\"async\" src=\"https:\/\/editionsbussiere.com\/blog\/wp-content\/uploads\/2024\/06\/202406112520CBennett2520BOOK.png3Fwidth3D108026height3D108026name3D202406112520CBennett2520BOOK.png\" width=\"1080\" height=\"1080\" loading=\"lazy\" alt=\"nul\" style=\"height: auto; max-width: 100%; width: 1080px;\" srcset=\"https:\/\/www.catholicmom.com\/hs-fs\/hubfs\/20240611%20CBennett%20BOOK.png?width=540&amp;height=540&amp;name=20240611%20CBennett%20BOOK.png 540w, https:\/\/editionsbussiere.com\/blog\/wp-content\/uploads\/2024\/06\/202406112520CBennett2520BOOK.png3Fwidth3D108026height3D108026name3D202406112520CBennett2520BOOK.png 1080w, https:\/\/www.catholicmom.com\/hs-fs\/hubfs\/20240611%20CBennett%20BOOK.png?width=1620&amp;height=1620&amp;name=20240611%20CBennett%20BOOK.png 1620w, https:\/\/www.catholicmom.com\/hs-fs\/hubfs\/20240611%20CBennett%20BOOK.png?width=2160&amp;height=2160&amp;name=20240611%20CBennett%20BOOK.png 2160w, https:\/\/www.catholicmom.com\/hs-fs\/hubfs\/20240611%20CBennett%20BOOK.png?width=2700&amp;height=2700&amp;name=20240611%20CBennett%20BOOK.png 2700w, https:\/\/www.catholicmom.com\/hs-fs\/hubfs\/20240611%20CBennett%20BOOK.png?width=3240&amp;height=3240&amp;name=20240611%20CBennett%20BOOK.png 3240w\" sizes=\"auto, (max-width: 1080px) 100vw, 1080px\"><\/p>\n<hr>\n<p>Copyright 2024 Caitrin Bennett<br \/>Images\u00a0:\u00a0Canva<\/p>\n<\/div>\n<p><script>(function(d, s, id) \n  var js, fjs = d.getElementsByTagName(s)[0];\n  if (d.getElementById(id)) return;\n  js = d.createElement(s); js.id = id;\n  js.src = \"\/\/connect.facebook.net\/en_GB\/sdk.js#xfbml=1&version=v3.0\";\n  fjs.parentNode.insertBefore(js, fjs);\n (document, 'script', 'facebook-jssdk'));<\/script><\/p>\n<h2>Un de supplication personnelle pour nous relier \u00e0 Dieu. <\/h2>\n<p>Bien-aim\u00e9 P\u00e8re c\u00e9leste, je me pr\u00e9sente face \u00e0 toi afin que je puisse te rendre gr\u00e2ce pour cette in\u00e9dite journ\u00e9e. Je te glorifie pour ton amour ainsi que ta fid\u00e9lit\u00e9 envers moi. Je te supplie de me remplir avec ta saintet\u00e9 et de me donner la gr\u00e2ce de te sentir pr\u00e8s de moi durant de cette journ\u00e9e. Je te remets toutes mes inqui\u00e9tudes, mes all\u00e9gresses, mes afflictions, mes envies et mes espoirs. Que ton esprit sacr\u00e9 \u00e9claire mon esprit et fortifie ma foi, afin que je puisse cheminer dans tes voies et accomplir ta volont\u00e9. Accorde-moi la gr\u00e2ce de passer ma vie selon la compassion que tu nous as illustr\u00e9 le mod\u00e8le \u00e0 travers ton Fils bien-aim\u00e9, J\u00e9sus-Christ.<\/p>\n<h3> Note \u00e0 propos de compr\u00e9hension : <\/h3>\n<p>La pri\u00e8re nous emm\u00e8ne dans le famille divine, dans laquelle le Tout-Puissant le P\u00e8re nous re\u00e7oit tel ses prog\u00e9nitures bien-aim\u00e9s. Au sein de cette connexion familial, nous rencontrons la force ainsi que la consolation pour traverser les d\u00e9fis du. Elle nous rappelle la parole de Pierre, lequel incite les chr\u00e9tiennes et les chr\u00e9tiens \u00e0 demeurer fermes dans la foi, m\u00eame face \u00e0 au c\u0153ur des tourments de la vie.<\/p>\n<h3>\nRenforcer notre connexion \u00e0 J\u00e9sus d\u00e8s le matin<\/h3>\n<p>Nous sommes capables de m\u00e9diter sur l\u2019un des diff\u00e9rents \u00e9vangiles pour nous relier avec J\u00e9sus. Par exemple :<\/p>\n<h3>Jean 15, 9-17 : <\/h3>\n<p>\u00a0\u00bb<br \/>\nC\u2019est ici mon commandement: Aimez-vous les uns les autres, comme je vous ai aim\u00e9s. Il n\u2019y a pas de plus grand amour que de donner sa vie pour ses amis. Vous \u00eates mes amis, si vous faites ce que je vous commande. Je ne vous appelle plus serviteurs, parce que le serviteur ne sait pas ce que fait son ma\u00eetre; mais je vous ai appel\u00e9s amis, parce que je vous ai fait conna\u00eetre tout ce que j\u2019ai appris de mon P\u00e8re.\u00a0\u00bb<\/p>\n<h2> Demander pardon \u00e0 Dieu en raison de nos p\u00e9ch\u00e9s <\/h2>\n<p>Dieu J\u00e9sus, j\u2019arrive te implorer de pardonner mes p\u00e9ch\u00e9s. Je suis que je ne suis pas irr\u00e9prochable et que j\u2019ai besoin de ta sainte mis\u00e9ricorde. Je te demande de me lib\u00e9rer de toute ce qui me d\u00e9tache de toi et de me octroyer la gr\u00e2ce pour vivre en harmonie avec ta volont\u00e9. Que ta b\u00e9n\u00e9diction c\u00e9leste illumine les coins les plus sombres de mon c\u0153ur, purifiant moi-m\u00eame et me conduisant sur le chemin de la saintet\u00e9. Amen.<\/p>\n<h3> Discussion avec le Seigneur de la m\u00eame mani\u00e8re que avec un ami. <\/h3>\n<p>Nous avons la possibilit\u00e9 de parler avec Dieu comme envers un ami fid\u00e8le, le Seigneur confier nos joies et nos peines, lui demander de l\u2019aide dans nos d\u00e9fis quotidiens. Par exemple : Seigneur, b\u00e9n\u00e9diction \u00e0 cause de cette in\u00e9dite journ\u00e9e. Je me pr\u00e9sente te supplier m\u2019assister \u00e0 \u00eatre tol\u00e9rant \u00e0 l\u2019\u00e9gard de mes enfants et pour me octroyer la force de faire face aux d\u00e9fis de la journ\u00e9e. Je te confie mes projets et mes soucis, et je supplie de me r\u00e9v\u00e9ler comment je ai la capacit\u00e9 de te rendre service et t\u2019honorer aujourd\u2019hui. Accorde-moi, \u00f4 Seigneur, ta sagesse pour prendre les bonnes d\u00e9cisions et ta gr\u00e2ce pour traverser les \u00e9preuves avec foi. Amen.<\/p>\n<h3> Un moment de calme pour entendre Dieu. <\/h3>\n<p>Apr\u00e8s cette pri\u00e8re et cette m\u00e9ditation, il est important de prendre quelques moment de silence en vue de \u00e9couter sa voix de Dieu dans nos propres c\u0153urs. Dans ce silence, nous ressentir sa pr\u00e9sence calme et accueillir ses inspirations en vue de la journ\u00e9e qui vient.<\/p>\n<h3> Se diriger vers le Christ afin de retrouver cette paix int\u00e9rieure. <\/h3>\n<p>Nous avons la possibilit\u00e9 de prier J\u00e9sus de nous accorder sa paix et de nous soutenir pour \u00e9couter sa parole. Par exemple :<br \/>\nSeigneur J\u00e9sus, je me pr\u00e9sente te supplier de remplir mon propre c\u0153ur de ta tendresse. Je te demande m\u2019assister me lib\u00e9rer de toutes pens\u00e9es et les diff\u00e9rentes inqui\u00e9tudes me perturbent. Aide-moi \u00e0 \u00e9couter ta parole et en vue de la mettre en pratique dans ma vie. Que ton Esprit Saint, \u00f4 Christ, soit ma force pendant toute la dur\u00e9e de cette journ\u00e9e. Amen.<\/p>\n<h3> Achever la pri\u00e8re matinale en offrant notre journ\u00e9e \u00e0 Dieu. <\/h3>\n<p>Nous sommes en mesure d\u2019offrir notre journ\u00e9e envers Dieu m\u00eame lui demander afin de la remplir de sa pr\u00e9sence et de sa b\u00e9n\u00e9diction. Par exemple :<br \/>\nSeigneur, moi te remets cette journ\u00e9e entre ta mains. Que chacun de mes pas soit dirig\u00e9 par ton sagesse, que toutes de mes paroles soit inspir\u00e9e par ton amour. Que toutes mes actions soient accomplies selon ton volont\u00e9, pour ta gloire et tous bien. Que ton lumi\u00e8re \u00e9claire ma route et que tu habites mon c\u0153ur. Amen.<\/p>\n<h3> Invocation d\u2019intercession matinale. <\/h3>\n<p>La invocation du matin consiste \u00e0 prier pour les besoins de tous les chr\u00e9tiennes et des chr\u00e9tiens. Nous pouvons prier pour les personnes dans le besoin, pour les malades, pour les personnes qui se trouvent souffrent, pour les personnes qui confront\u00e9es \u00e0 des difficult\u00e9s, pour les personnes d\u00e9courag\u00e9es et pour les personnes qui sont dans l\u2019erreur.<\/p>\n<h3> Prier pour l\u2019ensemble des individus au sein de le besoin. <\/p>\n<h3>\n<\/h3>\n<\/h3>\n<p>\u00d4 Cr\u00e9ateur, dans ta grande mis\u00e9ricorde, tu te supplions afin de toutes personnes qui traversent de difficult\u00e9s financi\u00e8res. Que lui leur accordes la force ainsi que la pers\u00e9v\u00e9rance pour surmonter ces \u00e9preuves, et que lui leur apportes les ressources n\u00e9cessaires pour subvenir \u00e0 l\u2019ensemble de leurs besoins. Accorde-leur, Dieu Tout-Puissant, votre providence en vue de guider leur pas dans l\u2019obscurit\u00e9 de leurs soucis financiers.<\/p>\n<p>Nous autres te demandons \u00e9galement pour toutes personnes qui luttent contre de probl\u00e8mes de sant\u00e9. Que sa main puissante se pose sur elles, Seigneur, pour les gu\u00e9rir ainsi que les r\u00e9conforter dans leur douleur. Accorde-leur, Grand, la force et le courage de faire face \u00e0 leurs d\u00e9fis de sant\u00e9 avec confiance en ta divine providence.<\/p>\n<p>On te demandons encore en vue de chaque personnes qui sont confront\u00e9es face \u00e0 des difficult\u00e9s dans leur vie, que ce soit sur le plan professionnel, relationnel ou \u00e9motionnel. Que ta gr\u00e2ce, Seigneur, reste leur soutien et leur r\u00e9confort dans ces moments d\u2019\u00e9preuve. Accorde-leur, Grand, ton Esprit Saint pour \u00e9clairer leur chemin et les guider vers la s\u00e9r\u00e9nit\u00e9.<\/p>\n<p>Pour terminer, nous te prions en vue de chacune des personnes qui sont sans-abri, celles qui sont marginalis\u00e9es et aussi exclues de la soci\u00e9t\u00e9. Que sa mis\u00e9ricorde, Seigneur, se r\u00e9pande sur elles comme une douce ros\u00e9e, leur apportant r\u00e9confort et \u00e9galement espoir dans leur d\u00e9tresse. Accorde-leur, \u00f4, des mains g\u00e9n\u00e9reuses afin de les aider et des c\u0153urs compatissants en vue de les accueillir dans leur communaut\u00e9.<\/p>\n<h3> \u00e9claircissement sur cette pri\u00e8re du matin. <\/h3>\n<p>Au cours de la pri\u00e8re, nous \u00e9voquons nos c\u0153urs \u00e0 l\u2019\u00e9gard de le Ciel, suppliant la lumi\u00e8re de Dieu pour \u00e9clairer nos chemins obscurs. Marie, notre m\u00e8re, nous soutient dans ce voyage, nous \u00e9duquant \u00e0 m\u00e9diter sur les myst\u00e8res de la vie de son divin enfant. Elle nous m\u00e8ne vers J\u00e9sus, le phare du monde, qui illumine nos t\u00e9n\u00e8bres et nous guide vers la v\u00e9rit\u00e9.<br \/>\nLa supplication nous relie aussi \u00e0 notre communaut\u00e9 c\u00e9leste, la assembl\u00e9e des croyants, o\u00f9 nous \u00e9changeons nos contentements et nos douleurs, nos attentes et nos inqui\u00e9tudes. Collectivement, nous formons le corps du Christ, convoqu\u00e9s \u00e0 attester de son affection. Par nos invocations, nous interc\u00e9dons pour les besoins des chr\u00e9tiennes et des chr\u00e9tiens, pr\u00e9sentant notre amour et notre compassion \u00e0 ceux qui souffrent.<br \/>\nUnissons-nous dans la pri\u00e8re de debut de journ\u00e9e, dans l\u2019unit\u00e9 de notre confiance, en Marie, la m\u00e8re de J\u00e9sus. Dans notre monde tourment\u00e9 par les conflits et la discorde, recourons \u00e0 la pri\u00e8re pour trouver de retrouver la s\u00e9r\u00e9nit\u00e9 et la r\u00e9conciliation. Chacun exprimer une demande pour la Vierge Marie <a target=\"_blank\" rel=\"nofollow\" href=\"https:\/\/editionsbussiere.com\/blog\/goto\/https:\/\/www.avemariasound.org\/\" >en sollicitant les b\u00e9n\u00e9voles.<\/a> Que nos pri\u00e8res montent vers le ciel, comme un hommage re\u00e7u avec faveur par Dieu, afin qu\u2019il puisse \u00e9clairer nos chemins vers le chemin de la v\u00e9rit\u00e9 et de la justice. Saint Paul nous exhorte dans ses lettres \u00e0 maintenir une pri\u00e8re incessante, quelle que soit la situation, pour que notre connexion avec Dieu reste constante et ardente. La pri\u00e8re, quand elle est sinc\u00e8rement offerte, a le pouvoir de changer les c\u0153urs et de modifier le destin de l\u2019histoire.<\/p>\n<h2> \u00c9lever nos proches pri\u00e8res pour nos familles au Seigneur matinale.<\/h2>\n<p>La derni\u00e8re partie de la pri\u00e8re du matin consiste \u00e0 prier pour nos propres proches, nos famille, nos compagnons et notre communaut\u00e9. Nous pouvons prier pour leur bien-\u00eatre, leur bien-\u00eatre, leur protection, et leur r\u00e9ussite. Nous pouvons \u00e9galement prier pour ceux qui nous ont nui et pour ceux qui nous ont heurt\u00e9s, et demander \u00e0 Dieu de nous aider \u00e0 leur pardonner et \u00e0 leur exprimer la compassion.<\/p>\n<h3> Prier pour la bien-\u00eatre et la protection de nos familles.<\/h3>\n<p>Dieu tout-puissant, nous tous te confions nos proches, nos propres familles et nos compagnons. Surveille, cher Dieu, au-dessus de eux, et sauvegarde -les de tout p\u00e9ril et de toute maladie. Offre, Seigneur, une vigueur du corps et de l\u2019esprit pour eux, et aussi la paix dans leur c\u0153ur. Puisses-tu permettre ta b\u00e9n\u00e9diction forte les \u00e2mes veille avec les personnes dirige chacun au long de cette journ\u00e9e, pour qu\u2019ils puissent vivre dans une tranquillit\u00e9 et la qui\u00e9tude.<\/p>\n<p>Nous \u00e0 toi prions pareillement pour nos propres enfants, Seigneur, qu\u2019ils grandissent dans la foi ainsi que dans l\u2019amour de ton saint nom. Offre, \u00d4 Dieu, la sagesse et la vigueur n\u00e9cessaires afin de faire face \u00e0 les obstacles de la vie, et aussi guide leurs pas le long de le chemin de la v\u00e9rit\u00e9 et aussi de la justice.<\/p>\n<p>Enfin, nous te prions \u00e0 nos amis et aussi nos voisins, Seigneur, pour qu\u2019ils exp\u00e9rimentent la joie de ton amour avec la s\u00e9r\u00e9nit\u00e9 de ton pardon. Offre-leur, \u00d4 Dieu, des c\u0153urs pleins de g\u00e9n\u00e9rosit\u00e9 en vue de partager avec ceux que dans le besoin, et bras largement ouvertes pour accueillir ceux que seuls ainsi que abandonn\u00e9s.<\/p>\n<h3> Prier pour les n\u00f4tres ennemis et ceux qui sont nous autres ont offens\u00e9s. <\/h3>\n<p>\u00d4 Seigneur, J\u00e9sus, nous vous prions pour notre ennemis et aussi pour ceux-ci qui sont nous autres ont offens\u00e9s. Accorde-leur, \u00f4 Christ, ta mis\u00e9ricorde et ton pardon, et aussi ouvre leur c\u0153ur \u00e0 la lumi\u00e8re de ta v\u00e9rit\u00e9. Aide-nous, Seigneur, \u00e0 leur montrer de la compassion et aussi \u00e0 leur pardonner comme tu nous-m\u00eames as pardonn\u00e9. Que votre paix r\u00e8gne dans nos c\u0153urs ainsi que que ton amour guide notre actions, pour que nous puissions vivre en harmonie avec tous ceux qui sont nous-m\u00eames entourent.<\/p>\n<h3> Saisir l\u2019 pri\u00e8re : <\/h3>\n<p>Pour terminer, la pri\u00e8re nous souviens notre mission en tant que enfants de l\u2019\u00c9ternel : exister des t\u00e9moin de sa lumi\u00e8re et de son amour dans une \u00e8re affect\u00e9e aux obscurit\u00e9s. \u00c0 travers nos mots et notre actes, nous diffusons le message de l\u2019 s\u00e9r\u00e9nit\u00e9 et de la r\u00e9conciliation, offrant l\u2019esp\u00e9rance et la cicatrisation \u00e0 un contexte endommag\u00e9.<\/p>\n<p>\u00c0 l\u2019int\u00e9rieur de la spiritualit\u00e9 chr\u00e9tienne, l\u2019 lever du jour rev\u00eat une signification distincte, symbolisant le renouveau et l\u2019 reconstruction spirituelle. C\u2019est au lever du jour de chaque jour que le c\u0153ur se tourne vers l\u2019\u00c9ternel dans l\u2019oraison, recherchant \u00e0 devenir \u00e9clair\u00e9e par la clart\u00e9 surnaturelle. La pratique des pri\u00e8res matinales se r\u00e9v\u00e8le profond\u00e9ment enracin\u00e9e dans la tradition chr\u00e9tienne, offrant un instant particulier pour communier avec Dieu et se disposer spirituellement aux d\u00e9fis de la journ\u00e9e qui s\u2019annonce.<\/p>\n<p>Au l\u2019int\u00e9rieur de ces pri\u00e8re matinales se rep\u00e8re habituellement une d\u00e9votion particuli\u00e8re pour Marie, la maternelle de J\u00e9sus et personnage sainte v\u00e9n\u00e9r\u00e9e par beaucoup fid\u00e8les. En tant d\u2019 intercesseur parmi les hommes et Dieu, Marie reste pri\u00e9e pour m\u00e9dier en notre faveur, nous orientant sur le chemin de la saintet\u00e9 et de la gr\u00e2ce divine. Son apparition maternelle fournit r\u00e9confort ainsi que s\u00e9curit\u00e9, enveloppant nos propres pri\u00e8re matinales d\u2019une douceur c\u00e9leste.<\/p>\n<p>\u00c0 travers l\u2019 oraisons du matin, on est invit\u00e9s pour se rallier \u00e0 Marie au sein de une initiative de b\u00e9atification individuelle. Dans m\u00e9ditant au sujet de la vie et ses vertus, nous cherchons \u00e0 imiter son humilit\u00e9, sa puret\u00e9 et son ob\u00e9issance \u00e0 l\u2019 volont\u00e9 de Dieu. Gr\u00e2ce \u00e0 la saintet\u00e9 exemplaire, Marie se transforme en pour nous un mod\u00e8le pour vie chr\u00e9tienne, on rem\u00e9morant l\u2019importance de la pri\u00e8re et du contemplation au sein de notre cheminement spirituel.<\/p>\n<p>La r\u00e9citation du matin se trouve \u00eatre un instant avantag\u00e9 pour se consacrer \u00e0 Dieu avec l\u2019intercession de Marie, en sacrifiant nos adorations, nos remerciements et nos intentions les plus intimes. Dans l\u2019 qui\u00e9tude du l\u2019aurore, nous sommes invit\u00e9s pour se tourner envers cette maman sacr\u00e9e, laquelle nous guide avec affection sur le chemin de la foi et du sentiment amoureux divin. En associant nos voix \u00e0 cette derni\u00e8re du Marie, nous \u00e9levons nos pri\u00e8res matinales vers le tr\u00f4ne du la gr\u00e2ce, assur\u00e9s que nos supplications seront entendues et accueillies par du c\u0153ur mis\u00e9ricordieux de Dieu.<\/p>\n<p>Parutions sur le m\u00eame th\u00e8me:<\/p>\n<p>Revue musicale \u2013 31 mai 1895.,<a target=\"_blank\" rel=\"nofollow\" href=\"https:\/\/editionsbussiere.com\/blog\/goto\/https:\/\/fr.wikisource.org\/wiki\/Revue_musicale_-_31_mai_1895\"  target=\"_blank\" rel=\"noopener noreferrer nofollow\">Le texte de l\u2019article.<\/a><span><\/span><\/p>\n<p>Marie Calumet\/14.,<a target=\"_blank\" rel=\"nofollow\" href=\"https:\/\/editionsbussiere.com\/blog\/goto\/https:\/\/fr.wikisource.org\/wiki\/Marie_Calumet\/14\"  target=\"_blank\" rel=\"noopener noreferrer nofollow\">Ici.<\/a><span><\/span>. Suite sur le prochain article.<\/p>\n<p>Les Contemplations\/Le Pont.,<a target=\"_blank\" rel=\"nofollow\" href=\"https:\/\/editionsbussiere.com\/blog\/goto\/https:\/\/fr.wikisource.org\/wiki\/Les_Contemplations\/Le_Pont\"  target=\"_blank\" rel=\"noopener noreferrer nofollow\">Cliquer ICI.<\/a><span><\/span>. Suite sur le prochain article.<\/p>\n<p>La L\u00e9gende dor\u00e9e\/Sainte Agn\u00e8s.,<a target=\"_blank\" rel=\"nofollow\" href=\"https:\/\/editionsbussiere.com\/blog\/goto\/https:\/\/fr.wikisource.org\/wiki\/La_L%C3%A9gende_dor%C3%A9e\/Sainte_Agn%C3%A8s\"  target=\"_blank\" rel=\"noopener noreferrer nofollow\">L\u2019article de presse.<\/a><span><\/span><\/p>\n<p>La L\u00e9gende dor\u00e9e\/Saint Gilles.,<a target=\"_blank\" rel=\"nofollow\" href=\"https:\/\/editionsbussiere.com\/blog\/goto\/https:\/\/fr.wikisource.org\/wiki\/La_L%C3%A9gende_dor%C3%A9e\/Saint_Gilles\"  target=\"_blank\" rel=\"noopener noreferrer nofollow\">Le post d\u2019actualit\u00e9.<\/a><span><\/span><\/p>\n<p>Chronique de Guillaume de Nangis\/Ann\u00e9e 1221.,<a target=\"_blank\" rel=\"nofollow\" href=\"https:\/\/editionsbussiere.com\/blog\/goto\/https:\/\/fr.wikisource.org\/wiki\/Chronique_de_Guillaume_de_Nangis\/Ann%C3%A9e_1221\"  target=\"_blank\" rel=\"noopener noreferrer nofollow\">Le texte de l\u2019article.<\/a><span><\/span><\/p>\n<\/div>\n<p><img decoding=\"async\" class=\"wpe_imgrss\" src=\"https:\/\/editionsbussiere.com\/blog\/wp-content\/uploads\/2024\/06\/Prier-comme-l39Eglise-primitive-avec-une-priere-au-petit-jour.pngkeepProtocol.png\">Cet article a \u00e9t\u00e9 reconstitu\u00e9 du mieux possible. Dans l\u2019hypoth\u00e8se o\u00f9 vous souhaitez apporter quelques modifications concernant le th\u00e8me \u00ab\u00a0Editions \u00e9sot\u00e9rique fond\u00e9e en 1927\u00a0\u00bb, il est possible de discuter avec notre r\u00e9daction. Vous pouvez tirer profit de cet article traitant le sujet \u00ab\u00a0Editions \u00e9sot\u00e9rique fond\u00e9e en 1927\u00a0\u00bb. Il est concoct\u00e9 par l\u2019\u00e9quipe editionsbussiere.com. Le site editionsbussiere.com est fait pour cr\u00e9er divers posts autour du th\u00e8me Editions \u00e9sot\u00e9rique fond\u00e9e en 1927 d\u00e9velopp\u00e9es sur internet. Consultez notre site internet editionsbussiere.com et nos r\u00e9seaux sociaux pour \u00eatre au courant des futures annonces.<\/p>\n","protected":false},"excerpt":{"rendered":"<p>Caitrin Bennett passe en revue une nouvelle ressource de James L. Papandrea qui vous aidera \u00e0 modeler votre vie de pri\u00e8re sur celle des premiers chr\u00e9tiens. par James L. Papandrea Si vous aviez \u00e9t\u00e9 chr\u00e9tien au cours des premiers si\u00e8cles de notre \u00e8re, \u00e0 quoi aurait ressembl\u00e9 votre vie de pri\u00e8re ? Quelles pri\u00e8res par [&hellip;]<\/p>\n","protected":false},"author":3,"featured_media":788,"comment_status":"closed","ping_status":"closed","sticky":false,"template":"","format":"standard","meta":{"footnotes":""},"categories":[3],"tags":[],"class_list":["post-787","post","type-post","status-publish","format-standard","has-post-thumbnail","hentry","category-editions-esoterique-fondee-en-1927-depeches","entry","fw-tab-6 fw-tabr-4","has-featured-image"],"yoast_head":"<!-- This site is optimized with the Yoast SEO plugin v27.5 - https:\/\/yoast.com\/product\/yoast-seo-wordpress\/ -->\n<title>Prier comme l&#039;\u00c9glise primitive avec une pri\u00e8re au petit jour. - EDITIONSBUSSIERE<\/title>\n<meta name=\"robots\" content=\"index, follow, max-snippet:-1, max-image-preview:large, max-video-preview:-1\" \/>\n<link rel=\"canonical\" href=\"https:\/\/editionsbussiere.com\/blog\/prier-comme-leglise-primitive-avec-une-priere-au-petit-jour\/\" \/>\n<meta property=\"og:locale\" content=\"fr_FR\" \/>\n<meta property=\"og:type\" content=\"article\" \/>\n<meta property=\"og:title\" content=\"Prier comme l&#039;\u00c9glise primitive avec une pri\u00e8re au petit jour. - EDITIONSBUSSIERE\" \/>\n<meta property=\"og:description\" content=\"Caitrin Bennett passe en revue une nouvelle ressource de James L. Papandrea qui vous aidera \u00e0 modeler votre vie de pri\u00e8re sur celle des premiers chr\u00e9tiens. par James L. Papandrea Si vous aviez \u00e9t\u00e9 chr\u00e9tien au cours des premiers si\u00e8cles de notre \u00e8re, \u00e0 quoi aurait ressembl\u00e9 votre vie de pri\u00e8re ? Quelles pri\u00e8res par [&hellip;]\" \/>\n<meta property=\"og:url\" content=\"https:\/\/editionsbussiere.com\/blog\/prier-comme-leglise-primitive-avec-une-priere-au-petit-jour\/\" \/>\n<meta property=\"og:site_name\" content=\"EDITIONSBUSSIERE\" \/>\n<meta property=\"article:published_time\" content=\"2024-06-11T13:13:49+00:00\" \/>\n<meta property=\"og:image\" content=\"https:\/\/editionsbussiere.com\/blog\/wp-content\/uploads\/2024\/06\/Prier-comme-l39Eglise-primitive-avec-une-priere-au-petit-jour.pngkeepProtocol.png\" \/>\n<meta name=\"author\" content=\"Marie BATICLE\" \/>\n<meta name=\"twitter:card\" content=\"summary_large_image\" \/>\n<meta name=\"twitter:label1\" content=\"\u00c9crit par\" \/>\n\t<meta name=\"twitter:data1\" content=\"Marie BATICLE\" \/>\n\t<meta name=\"twitter:label2\" content=\"Dur\u00e9e de lecture estim\u00e9e\" \/>\n\t<meta name=\"twitter:data2\" content=\"17 minutes\" \/>\n<script type=\"application\/ld+json\" class=\"yoast-schema-graph\">{\"@context\":\"https:\\\/\\\/schema.org\",\"@graph\":[{\"@type\":\"Article\",\"@id\":\"https:\\\/\\\/editionsbussiere.com\\\/blog\\\/prier-comme-leglise-primitive-avec-une-priere-au-petit-jour\\\/#article\",\"isPartOf\":{\"@id\":\"https:\\\/\\\/editionsbussiere.com\\\/blog\\\/prier-comme-leglise-primitive-avec-une-priere-au-petit-jour\\\/\"},\"author\":{\"name\":\"Marie BATICLE\",\"@id\":\"https:\\\/\\\/editionsbussiere.com\\\/blog\\\/#\\\/schema\\\/person\\\/ec90e102792148c97e46ab871010dd8f\"},\"headline\":\"Prier comme l&rsquo;\u00c9glise primitive avec une pri\u00e8re au petit jour.\",\"datePublished\":\"2024-06-11T13:13:49+00:00\",\"mainEntityOfPage\":{\"@id\":\"https:\\\/\\\/editionsbussiere.com\\\/blog\\\/prier-comme-leglise-primitive-avec-une-priere-au-petit-jour\\\/\"},\"wordCount\":3343,\"publisher\":{\"@id\":\"https:\\\/\\\/editionsbussiere.com\\\/blog\\\/#organization\"},\"image\":{\"@id\":\"https:\\\/\\\/editionsbussiere.com\\\/blog\\\/prier-comme-leglise-primitive-avec-une-priere-au-petit-jour\\\/#primaryimage\"},\"thumbnailUrl\":\"https:\\\/\\\/editionsbussiere.com\\\/blog\\\/wp-content\\\/uploads\\\/2024\\\/06\\\/Prier-comme-l39Eglise-primitive-avec-une-priere-au-petit-jour.pngkeepProtocol.png\",\"articleSection\":[\"Editions \u00c9sot\u00e9rique Fond\u00e9e En 1927; D\u00e9p\u00e8ches:\"],\"inLanguage\":\"fr-FR\"},{\"@type\":\"WebPage\",\"@id\":\"https:\\\/\\\/editionsbussiere.com\\\/blog\\\/prier-comme-leglise-primitive-avec-une-priere-au-petit-jour\\\/\",\"url\":\"https:\\\/\\\/editionsbussiere.com\\\/blog\\\/prier-comme-leglise-primitive-avec-une-priere-au-petit-jour\\\/\",\"name\":\"Prier comme l'\u00c9glise primitive avec une pri\u00e8re au petit jour. - EDITIONSBUSSIERE\",\"isPartOf\":{\"@id\":\"https:\\\/\\\/editionsbussiere.com\\\/blog\\\/#website\"},\"primaryImageOfPage\":{\"@id\":\"https:\\\/\\\/editionsbussiere.com\\\/blog\\\/prier-comme-leglise-primitive-avec-une-priere-au-petit-jour\\\/#primaryimage\"},\"image\":{\"@id\":\"https:\\\/\\\/editionsbussiere.com\\\/blog\\\/prier-comme-leglise-primitive-avec-une-priere-au-petit-jour\\\/#primaryimage\"},\"thumbnailUrl\":\"https:\\\/\\\/editionsbussiere.com\\\/blog\\\/wp-content\\\/uploads\\\/2024\\\/06\\\/Prier-comme-l39Eglise-primitive-avec-une-priere-au-petit-jour.pngkeepProtocol.png\",\"datePublished\":\"2024-06-11T13:13:49+00:00\",\"breadcrumb\":{\"@id\":\"https:\\\/\\\/editionsbussiere.com\\\/blog\\\/prier-comme-leglise-primitive-avec-une-priere-au-petit-jour\\\/#breadcrumb\"},\"inLanguage\":\"fr-FR\",\"potentialAction\":[{\"@type\":\"ReadAction\",\"target\":[\"https:\\\/\\\/editionsbussiere.com\\\/blog\\\/prier-comme-leglise-primitive-avec-une-priere-au-petit-jour\\\/\"]}]},{\"@type\":\"ImageObject\",\"inLanguage\":\"fr-FR\",\"@id\":\"https:\\\/\\\/editionsbussiere.com\\\/blog\\\/prier-comme-leglise-primitive-avec-une-priere-au-petit-jour\\\/#primaryimage\",\"url\":\"https:\\\/\\\/editionsbussiere.com\\\/blog\\\/wp-content\\\/uploads\\\/2024\\\/06\\\/Prier-comme-l39Eglise-primitive-avec-une-priere-au-petit-jour.pngkeepProtocol.png\",\"contentUrl\":\"https:\\\/\\\/editionsbussiere.com\\\/blog\\\/wp-content\\\/uploads\\\/2024\\\/06\\\/Prier-comme-l39Eglise-primitive-avec-une-priere-au-petit-jour.pngkeepProtocol.png\",\"width\":1024,\"height\":512,\"caption\":\"Prier comme l39Eglise primitive avec une priere au petit jour.pngkeepProtocol\"},{\"@type\":\"BreadcrumbList\",\"@id\":\"https:\\\/\\\/editionsbussiere.com\\\/blog\\\/prier-comme-leglise-primitive-avec-une-priere-au-petit-jour\\\/#breadcrumb\",\"itemListElement\":[{\"@type\":\"ListItem\",\"position\":1,\"name\":\"Accueil\",\"item\":\"https:\\\/\\\/editionsbussiere.com\\\/blog\\\/\"},{\"@type\":\"ListItem\",\"position\":2,\"name\":\"Prier comme l&rsquo;\u00c9glise primitive avec une pri\u00e8re au petit jour.\"}]},{\"@type\":\"WebSite\",\"@id\":\"https:\\\/\\\/editionsbussiere.com\\\/blog\\\/#website\",\"url\":\"https:\\\/\\\/editionsbussiere.com\\\/blog\\\/\",\"name\":\"EDITIONSBUSSIERE\",\"description\":\"Editions \u00e9sot\u00e9rique fond\u00e9e en 1927; site historique, A SAVOIR ET RETENIR.\",\"publisher\":{\"@id\":\"https:\\\/\\\/editionsbussiere.com\\\/blog\\\/#organization\"},\"potentialAction\":[{\"@type\":\"SearchAction\",\"target\":{\"@type\":\"EntryPoint\",\"urlTemplate\":\"https:\\\/\\\/editionsbussiere.com\\\/blog\\\/?s={search_term_string}\"},\"query-input\":{\"@type\":\"PropertyValueSpecification\",\"valueRequired\":true,\"valueName\":\"search_term_string\"}}],\"inLanguage\":\"fr-FR\"},{\"@type\":\"Organization\",\"@id\":\"https:\\\/\\\/editionsbussiere.com\\\/blog\\\/#organization\",\"name\":\"editionsbussiere\",\"url\":\"https:\\\/\\\/editionsbussiere.com\\\/blog\\\/\",\"logo\":{\"@type\":\"ImageObject\",\"inLanguage\":\"fr-FR\",\"@id\":\"https:\\\/\\\/editionsbussiere.com\\\/blog\\\/#\\\/schema\\\/logo\\\/image\\\/\",\"url\":\"https:\\\/\\\/editionsbussiere.com\\\/blog\\\/wp-content\\\/uploads\\\/2023\\\/09\\\/cropped-buss.gif\",\"contentUrl\":\"https:\\\/\\\/editionsbussiere.com\\\/blog\\\/wp-content\\\/uploads\\\/2023\\\/09\\\/cropped-buss.gif\",\"width\":298,\"height\":120,\"caption\":\"editionsbussiere\"},\"image\":{\"@id\":\"https:\\\/\\\/editionsbussiere.com\\\/blog\\\/#\\\/schema\\\/logo\\\/image\\\/\"}},{\"@type\":\"Person\",\"@id\":\"https:\\\/\\\/editionsbussiere.com\\\/blog\\\/#\\\/schema\\\/person\\\/ec90e102792148c97e46ab871010dd8f\",\"name\":\"Marie BATICLE\",\"image\":{\"@type\":\"ImageObject\",\"inLanguage\":\"fr-FR\",\"@id\":\"https:\\\/\\\/secure.gravatar.com\\\/avatar\\\/c923e52403b1b8137e2d929127211d21967e6aecaa053bd43b09da29f212e76e?s=96&d=mm&r=g\",\"url\":\"https:\\\/\\\/secure.gravatar.com\\\/avatar\\\/c923e52403b1b8137e2d929127211d21967e6aecaa053bd43b09da29f212e76e?s=96&d=mm&r=g\",\"contentUrl\":\"https:\\\/\\\/secure.gravatar.com\\\/avatar\\\/c923e52403b1b8137e2d929127211d21967e6aecaa053bd43b09da29f212e76e?s=96&d=mm&r=g\",\"caption\":\"Marie BATICLE\"},\"url\":\"https:\\\/\\\/editionsbussiere.com\\\/blog\\\/author\\\/eremarie\\\/\"}]}<\/script>\n<!-- \/ Yoast SEO plugin. -->","yoast_head_json":{"title":"Prier comme l'\u00c9glise primitive avec une pri\u00e8re au petit jour. - EDITIONSBUSSIERE","robots":{"index":"index","follow":"follow","max-snippet":"max-snippet:-1","max-image-preview":"max-image-preview:large","max-video-preview":"max-video-preview:-1"},"canonical":"https:\/\/editionsbussiere.com\/blog\/prier-comme-leglise-primitive-avec-une-priere-au-petit-jour\/","og_locale":"fr_FR","og_type":"article","og_title":"Prier comme l'\u00c9glise primitive avec une pri\u00e8re au petit jour. - EDITIONSBUSSIERE","og_description":"Caitrin Bennett passe en revue une nouvelle ressource de James L. Papandrea qui vous aidera \u00e0 modeler votre vie de pri\u00e8re sur celle des premiers chr\u00e9tiens. par James L. Papandrea Si vous aviez \u00e9t\u00e9 chr\u00e9tien au cours des premiers si\u00e8cles de notre \u00e8re, \u00e0 quoi aurait ressembl\u00e9 votre vie de pri\u00e8re ? Quelles pri\u00e8res par [&hellip;]","og_url":"https:\/\/editionsbussiere.com\/blog\/prier-comme-leglise-primitive-avec-une-priere-au-petit-jour\/","og_site_name":"EDITIONSBUSSIERE","article_published_time":"2024-06-11T13:13:49+00:00","og_image":[{"url":"https:\/\/editionsbussiere.com\/blog\/wp-content\/uploads\/2024\/06\/Prier-comme-l39Eglise-primitive-avec-une-priere-au-petit-jour.pngkeepProtocol.png","type":"","width":"","height":""}],"author":"Marie BATICLE","twitter_card":"summary_large_image","twitter_misc":{"\u00c9crit par":"Marie BATICLE","Dur\u00e9e de lecture estim\u00e9e":"17 minutes"},"schema":{"@context":"https:\/\/schema.org","@graph":[{"@type":"Article","@id":"https:\/\/editionsbussiere.com\/blog\/prier-comme-leglise-primitive-avec-une-priere-au-petit-jour\/#article","isPartOf":{"@id":"https:\/\/editionsbussiere.com\/blog\/prier-comme-leglise-primitive-avec-une-priere-au-petit-jour\/"},"author":{"name":"Marie BATICLE","@id":"https:\/\/editionsbussiere.com\/blog\/#\/schema\/person\/ec90e102792148c97e46ab871010dd8f"},"headline":"Prier comme l&rsquo;\u00c9glise primitive avec une pri\u00e8re au petit jour.","datePublished":"2024-06-11T13:13:49+00:00","mainEntityOfPage":{"@id":"https:\/\/editionsbussiere.com\/blog\/prier-comme-leglise-primitive-avec-une-priere-au-petit-jour\/"},"wordCount":3343,"publisher":{"@id":"https:\/\/editionsbussiere.com\/blog\/#organization"},"image":{"@id":"https:\/\/editionsbussiere.com\/blog\/prier-comme-leglise-primitive-avec-une-priere-au-petit-jour\/#primaryimage"},"thumbnailUrl":"https:\/\/editionsbussiere.com\/blog\/wp-content\/uploads\/2024\/06\/Prier-comme-l39Eglise-primitive-avec-une-priere-au-petit-jour.pngkeepProtocol.png","articleSection":["Editions \u00c9sot\u00e9rique Fond\u00e9e En 1927; D\u00e9p\u00e8ches:"],"inLanguage":"fr-FR"},{"@type":"WebPage","@id":"https:\/\/editionsbussiere.com\/blog\/prier-comme-leglise-primitive-avec-une-priere-au-petit-jour\/","url":"https:\/\/editionsbussiere.com\/blog\/prier-comme-leglise-primitive-avec-une-priere-au-petit-jour\/","name":"Prier comme l'\u00c9glise primitive avec une pri\u00e8re au petit jour. - EDITIONSBUSSIERE","isPartOf":{"@id":"https:\/\/editionsbussiere.com\/blog\/#website"},"primaryImageOfPage":{"@id":"https:\/\/editionsbussiere.com\/blog\/prier-comme-leglise-primitive-avec-une-priere-au-petit-jour\/#primaryimage"},"image":{"@id":"https:\/\/editionsbussiere.com\/blog\/prier-comme-leglise-primitive-avec-une-priere-au-petit-jour\/#primaryimage"},"thumbnailUrl":"https:\/\/editionsbussiere.com\/blog\/wp-content\/uploads\/2024\/06\/Prier-comme-l39Eglise-primitive-avec-une-priere-au-petit-jour.pngkeepProtocol.png","datePublished":"2024-06-11T13:13:49+00:00","breadcrumb":{"@id":"https:\/\/editionsbussiere.com\/blog\/prier-comme-leglise-primitive-avec-une-priere-au-petit-jour\/#breadcrumb"},"inLanguage":"fr-FR","potentialAction":[{"@type":"ReadAction","target":["https:\/\/editionsbussiere.com\/blog\/prier-comme-leglise-primitive-avec-une-priere-au-petit-jour\/"]}]},{"@type":"ImageObject","inLanguage":"fr-FR","@id":"https:\/\/editionsbussiere.com\/blog\/prier-comme-leglise-primitive-avec-une-priere-au-petit-jour\/#primaryimage","url":"https:\/\/editionsbussiere.com\/blog\/wp-content\/uploads\/2024\/06\/Prier-comme-l39Eglise-primitive-avec-une-priere-au-petit-jour.pngkeepProtocol.png","contentUrl":"https:\/\/editionsbussiere.com\/blog\/wp-content\/uploads\/2024\/06\/Prier-comme-l39Eglise-primitive-avec-une-priere-au-petit-jour.pngkeepProtocol.png","width":1024,"height":512,"caption":"Prier comme l39Eglise primitive avec une priere au petit jour.pngkeepProtocol"},{"@type":"BreadcrumbList","@id":"https:\/\/editionsbussiere.com\/blog\/prier-comme-leglise-primitive-avec-une-priere-au-petit-jour\/#breadcrumb","itemListElement":[{"@type":"ListItem","position":1,"name":"Accueil","item":"https:\/\/editionsbussiere.com\/blog\/"},{"@type":"ListItem","position":2,"name":"Prier comme l&rsquo;\u00c9glise primitive avec une pri\u00e8re au petit jour."}]},{"@type":"WebSite","@id":"https:\/\/editionsbussiere.com\/blog\/#website","url":"https:\/\/editionsbussiere.com\/blog\/","name":"EDITIONSBUSSIERE","description":"Editions \u00e9sot\u00e9rique fond\u00e9e en 1927; site historique, A SAVOIR ET RETENIR.","publisher":{"@id":"https:\/\/editionsbussiere.com\/blog\/#organization"},"potentialAction":[{"@type":"SearchAction","target":{"@type":"EntryPoint","urlTemplate":"https:\/\/editionsbussiere.com\/blog\/?s={search_term_string}"},"query-input":{"@type":"PropertyValueSpecification","valueRequired":true,"valueName":"search_term_string"}}],"inLanguage":"fr-FR"},{"@type":"Organization","@id":"https:\/\/editionsbussiere.com\/blog\/#organization","name":"editionsbussiere","url":"https:\/\/editionsbussiere.com\/blog\/","logo":{"@type":"ImageObject","inLanguage":"fr-FR","@id":"https:\/\/editionsbussiere.com\/blog\/#\/schema\/logo\/image\/","url":"https:\/\/editionsbussiere.com\/blog\/wp-content\/uploads\/2023\/09\/cropped-buss.gif","contentUrl":"https:\/\/editionsbussiere.com\/blog\/wp-content\/uploads\/2023\/09\/cropped-buss.gif","width":298,"height":120,"caption":"editionsbussiere"},"image":{"@id":"https:\/\/editionsbussiere.com\/blog\/#\/schema\/logo\/image\/"}},{"@type":"Person","@id":"https:\/\/editionsbussiere.com\/blog\/#\/schema\/person\/ec90e102792148c97e46ab871010dd8f","name":"Marie BATICLE","image":{"@type":"ImageObject","inLanguage":"fr-FR","@id":"https:\/\/secure.gravatar.com\/avatar\/c923e52403b1b8137e2d929127211d21967e6aecaa053bd43b09da29f212e76e?s=96&d=mm&r=g","url":"https:\/\/secure.gravatar.com\/avatar\/c923e52403b1b8137e2d929127211d21967e6aecaa053bd43b09da29f212e76e?s=96&d=mm&r=g","contentUrl":"https:\/\/secure.gravatar.com\/avatar\/c923e52403b1b8137e2d929127211d21967e6aecaa053bd43b09da29f212e76e?s=96&d=mm&r=g","caption":"Marie BATICLE"},"url":"https:\/\/editionsbussiere.com\/blog\/author\/eremarie\/"}]}},"_links":{"self":[{"href":"https:\/\/editionsbussiere.com\/blog\/wp-json\/wp\/v2\/posts\/787","targetHints":{"allow":["GET"]}}],"collection":[{"href":"https:\/\/editionsbussiere.com\/blog\/wp-json\/wp\/v2\/posts"}],"about":[{"href":"https:\/\/editionsbussiere.com\/blog\/wp-json\/wp\/v2\/types\/post"}],"author":[{"embeddable":true,"href":"https:\/\/editionsbussiere.com\/blog\/wp-json\/wp\/v2\/users\/3"}],"replies":[{"embeddable":true,"href":"https:\/\/editionsbussiere.com\/blog\/wp-json\/wp\/v2\/comments?post=787"}],"version-history":[{"count":0,"href":"https:\/\/editionsbussiere.com\/blog\/wp-json\/wp\/v2\/posts\/787\/revisions"}],"wp:featuredmedia":[{"embeddable":true,"href":"https:\/\/editionsbussiere.com\/blog\/wp-json\/wp\/v2\/media\/788"}],"wp:attachment":[{"href":"https:\/\/editionsbussiere.com\/blog\/wp-json\/wp\/v2\/media?parent=787"}],"wp:term":[{"taxonomy":"category","embeddable":true,"href":"https:\/\/editionsbussiere.com\/blog\/wp-json\/wp\/v2\/categories?post=787"},{"taxonomy":"post_tag","embeddable":true,"href":"https:\/\/editionsbussiere.com\/blog\/wp-json\/wp\/v2\/tags?post=787"}],"curies":[{"name":"wp","href":"https:\/\/api.w.org\/{rel}","templated":true}]}}