{"id":785,"date":"2024-06-11T11:30:00","date_gmt":"2024-06-11T09:30:00","guid":{"rendered":"https:\/\/editionsbussiere.com\/blog\/plus-de-1-200-personnes-descendent-dans-les-rues-de-la-capitale-nationale-pour-le-pelerinage-eucharistique-national-et-invocation-matinale\/"},"modified":"2024-06-11T11:30:00","modified_gmt":"2024-06-11T09:30:00","slug":"plus-de-1-200-personnes-descendent-dans-les-rues-de-la-capitale-nationale-pour-le-pelerinage-eucharistique-national-et-invocation-matinale","status":"publish","type":"post","link":"https:\/\/editionsbussiere.com\/blog\/plus-de-1-200-personnes-descendent-dans-les-rues-de-la-capitale-nationale-pour-le-pelerinage-eucharistique-national-et-invocation-matinale\/","title":{"rendered":"Plus de 1 200 personnes descendent dans les rues de la capitale nationale pour le p\u00e8lerinage eucharistique national\n et invocation matinale."},"content":{"rendered":"<div><img width=\"580\" height=\"326\" src=\"https:\/\/editionsbussiere.com\/blog\/wp-content\/uploads\/2024\/06\/1718100080_Plus-de-1-200-personnes-descendent-dans-les-rues-de.jpg\" class=\"attachment-large size-large wp-post-image\" alt=\"Plus de 1 200 personnes descendent dans les rues de\" style=\"float:left; margin:0 15px 15px 0;\" decoding=\"async\" srcset=\"https:\/\/editionsbussiere.com\/blog\/wp-content\/uploads\/2024\/06\/1718100080_Plus-de-1-200-personnes-descendent-dans-les-rues-de.jpg 1024w, https:\/\/www.n42.fr\/wp-content\/uploads\/2024\/06\/1718100080_Plus-de-1-200-personnes-descendent-dans-les-rues-de-300x169.jpg 300w, https:\/\/www.n42.fr\/wp-content\/uploads\/2024\/06\/1718100080_Plus-de-1-200-personnes-descendent-dans-les-rues-de-768x432.jpg 768w\" sizes=\"(max-width: 580px) 100vw, 580px\"><\/p>\n<p>\n<\/p>\n<div>\n<p>WASHINGTON (OSV News) \u2014 Plus de 1 200 fid\u00e8les sont descendus dans les rues de la capitale nationale le 8 juin pour c\u00e9l\u00e9brer l&rsquo;arriv\u00e9e du p\u00e8lerinage eucharistique national dans l&rsquo;archidioc\u00e8se de Washington avec des pri\u00e8res, des chants et une procession.<\/p>\n<p>Priant les myst\u00e8res lumineux du chapelet, entendant la proclamation de la Parole de Dieu et suivant derri\u00e8re un ostensoir tenant J\u00e9sus-Christ dans le Tr\u00e8s Saint Sacrement, les fid\u00e8les ont d\u00e9fil\u00e9 dans les rues du nord-est de Washington.<\/p>\n<p>\u00ab J&rsquo;avais h\u00e2te de participer \u00e0 ce projet depuis la premi\u00e8re fois que j&rsquo;en ai entendu parler \u00bb, a d\u00e9clar\u00e9 le participant Mark Forrest.  Il a dit qu\u2019il voulait faire partie du cort\u00e8ge parce que \u00ab si d\u2019autres voient ce que je crois, peut-\u00eatre que cela les incitera \u00e0 croire \u00bb.<\/p>\n<p>Washington \u00e9tait l&rsquo;une des nombreuses \u00e9tapes le long de la route orientale de Seton du p\u00e8lerinage eucharistique national, du nom de Sainte Elizabeth Ann Seton.  Il s&rsquo;agit de l&rsquo;un des quatre p\u00e8lerinages nationaux qui doivent converger \u00e0 Indianapolis le 16 juillet pour le Congr\u00e8s eucharistique national, qui aura lieu du 17 au 21 juillet.  Les trois autres \u2013 les routes Marian, Serra et Juan Diego \u2013 se dirigent vers Indianapolis respectivement par le nord, l&rsquo;ouest et le sud.<\/p>\n<p>Six \u00ab p\u00e8lerins perp\u00e9tuels \u00bb et un pr\u00eatre font tout le chemin avec l&rsquo;Eucharistie dans un ostensoir.  Les catholiques ont \u00e9t\u00e9 invit\u00e9s \u00e0 rejoindre les p\u00e8lerins tout au long du chemin et \u00e0 participer aux \u00e9v\u00e9nements associ\u00e9s aux arr\u00eats le long du chemin de p\u00e8lerinage.<\/p>\n<p>Natalie Garza, professeur de th\u00e9ologie dans un lyc\u00e9e catholique de la banlieue de Kansas City, au Kansas, qui est l&rsquo;un des p\u00e8lerins perp\u00e9tuels de la Seton Route, a d\u00e9clar\u00e9 qu&rsquo;elle parcourait le pays avec l&rsquo;Eucharistie \u00ab pour montrer que Dieu est toujours avec nous. \u00bb<\/p>\n<p>\u00ab\u00a0Il a promis : &lsquo;Je serai avec toi jusqu&rsquo;\u00e0 la fin des temps&rsquo;\u00a0\u00bb, a d\u00e9clar\u00e9 Garza.  \u00ab\u00a0Et c&rsquo;est ce que montre ce p\u00e8lerinage.\u00a0\u00bb<\/p>\n<p>Avant la procession, l&rsquo;\u00e9v\u00eaque auxiliaire de Washington, Evelio Menjivar, a c\u00e9l\u00e9br\u00e9 la messe \u00e0 la basilique du sanctuaire national de l&rsquo;Immacul\u00e9e Conception.  Environ 36 pr\u00eatres conc\u00e9l\u00e9braient, dont le cardinal Donald W. Wuerl, archev\u00eaque \u00e0 la retraite de Washington.<\/p>\n<p>Plus de 2.000 personnes ont assist\u00e9 \u00e0 la messe. Plus de la moiti\u00e9 d&rsquo;entre elles ont ensuite particip\u00e9 \u00e0 la procession eucharistique, qui avait pour th\u00e8me \u00ab Marcher avec J\u00e9sus : vers J\u00e9sus par Marie \u00bb.<\/p>\n<p>\u00ab C&rsquo;est vraiment \u00e9difiant et beau de voir cette \u00e9glise si pleine \u00bb, a d\u00e9clar\u00e9 le p\u00e8re Michael JK Fuller, secr\u00e9taire g\u00e9n\u00e9ral de la Conf\u00e9rence des \u00e9v\u00eaques catholiques des \u00c9tats-Unis, qui \u00e9tait l&rsquo;hom\u00e9lie de la messe. voyage avec le Christ. \u00bb<\/p>\n<p>\u00ab Un p\u00e8lerinage est un voyage ext\u00e9rieur destin\u00e9 \u00e0 d\u00e9clencher un voyage int\u00e9rieur \u2013 un voyage du c\u0153ur\u2026 o\u00f9 nous rencontrons le Seigneur \u00bb, a d\u00e9clar\u00e9 le p\u00e8re Fuller.  \u00ab Nous sommes des personnes en route vers une rencontre plus profonde avec le Seigneur. \u00bb<\/p>\n<p>Notant que la messe et la procession avaient lieu le jour o\u00f9 l&rsquo;\u00c9glise catholique c\u00e9l\u00e8bre la f\u00eate du C\u0153ur Immacul\u00e9 de Marie, le p\u00e8re Fuller a encourag\u00e9 les p\u00e8lerins \u00e0 \u00ab imiter le c\u0153ur de Marie et \u00e0 s&rsquo;impr\u00e9gner de la pr\u00e9sence r\u00e9elle du Seigneur \u00bb.<\/p>\n<p>\u00ab Que nos c\u0153urs exultent dans le Seigneur et se r\u00e9jouissent de son amour \u00bb, a d\u00e9clar\u00e9 le p\u00e8re Fuller.<\/p>\n<p>Notant \u00e9galement que la procession se d\u00e9roulait un jour de f\u00eate mariale, Mgr.  Walter Rossi, recteur de la basilique, a salu\u00e9 les participants et a pri\u00e9 pour que \u00ab Notre-Dame accompagne nos pas, afin que, pendant que nous \u00ab Marchons avec J\u00e9sus : Vers J\u00e9sus par Marie \u00bb, nos c\u0153urs de volont\u00e9 battent toujours comme un seul avec le c\u0153ur de son Divin Fils. .\u00bb<\/p>\n<p>Au cours de la messe, des pri\u00e8res ont \u00e9t\u00e9 offertes pour les dirigeants civiques et religieux et pour la fin de la violence en Ukraine, en Ha\u00efti et en Terre Sainte.<\/p>\n<p>A la fin de la messe, avant le d\u00e9but de la procession, le Tr\u00e8s Saint Sacrement a \u00e9t\u00e9 expos\u00e9 sur le ma\u00eetre-autel de l&rsquo;\u00e9glise sup\u00e9rieure o\u00f9 les fid\u00e8les ont pu offrir leur adoration dans une pri\u00e8re silencieuse.<\/p>\n<p>Apr\u00e8s avoir quitt\u00e9 la basilique, les p\u00e8lerins \u2013 dirig\u00e9s par l\u2019\u00e9v\u00eaque Menjivar, les religieux et religieuses et les p\u00e8lerins perp\u00e9tuels \u2013 ont suivi un itin\u00e9raire traversant le quartier de Brookland, au nord-est de Washington.  Il comprenait des arr\u00eats \u00e0 la statue Angels Unaware sur le campus de l&rsquo;Universit\u00e9 catholique d&rsquo;Am\u00e9rique, \u00e0 la Maison dominicaine d&rsquo;\u00e9tudes et au si\u00e8ge de l&rsquo;USCCB, pour se terminer au sanctuaire national Saint-Jean-Paul II.<\/p>\n<p>Chaque arr\u00eat comprenait une lecture et une r\u00e9flexion des \u00c9critures ainsi qu&rsquo;un temps d&rsquo;adoration.  Des pri\u00e8res et des r\u00e9flexions ont \u00e9t\u00e9 propos\u00e9es en anglais et en espagnol<\/p>\n<p>Certains p\u00e8lerins ont fait la procession en fauteuil roulant.  Certains \u00e9taient tir\u00e9s dans des chariots ou pouss\u00e9s dans des poussettes.  Tous ont \u00e9lev\u00e9 la voix dans la pri\u00e8re pour professer publiquement leur conviction que l&rsquo;Eucharistie est bien le corps, le sang, l&rsquo;\u00e2me et la divinit\u00e9 de J\u00e9sus-Christ.<\/p>\n<p>Parfois, le long du parcours, les r\u00e9sidents se tenaient devant les portes et sur les balcons des appartements ou sortaient sur le trottoir pour regarder l&rsquo;Eucharistie d\u00e9filer.  Bien souvent, les spectateurs faisaient une g\u00e9nuflexion, s&rsquo;inclinaient ou se b\u00e9nissaient.  Plusieurs agit\u00e8rent et envoy\u00e8rent des baisers.<\/p>\n<p>Plus d&rsquo;une heure avant le d\u00e9but de la messe et de la procession matinales, les fid\u00e8les ont commenc\u00e9 \u00e0 arriver au Sanctuaire national.  Parmi eux se trouvaient Arayely Guzman, Ana Reyes et Mayte Naredo \u2013 camarades de classe \u00e0 l\u2019Universit\u00e9 Virginia Tech \u2013 venues de Roanoke, en Virginie, pour participer au p\u00e8lerinage.  Il s&rsquo;agissait de leur toute premi\u00e8re visite dans la capitale nationale.<\/p>\n<p>\u00ab Nous avons de la chance que nos familles nous aient enseign\u00e9 la foi \u00bb, a d\u00e9clar\u00e9 Guzman, parlant au nom du groupe.  \u00ab Nous voulions participer \u00e0 ce p\u00e8lerinage en remerciement pour notre foi et en pri\u00e8re pour la r\u00e9ussite de nos \u00e9tudes. \u00bb<\/p>\n<p>La procession s&rsquo;est termin\u00e9e au Sanctuaire national Saint Jean-Paul II par une b\u00e9n\u00e9diction suivie d&rsquo;une cat\u00e9ch\u00e8se.<\/p>\n<p><em>Richard Szczepanowski est r\u00e9dacteur en chef du Catholic Standard, journal de l&rsquo;archidioc\u00e8se de Washington.<\/em><\/p>\n<\/div>\n<h2> \u00c9lever nos pri\u00e8res pour notre entourage au Seigneur matin.<\/h2>\n<p>La ultime phase de la pri\u00e8re du matin consiste \u00e0 prier pour nos familles amis, nos famille, nos connaissances et notre propre communaut\u00e9. Nous pouvons prier pour leur propre, leur sant\u00e9, leur protection, et leur prosp\u00e9rit\u00e9. Nous pouvons \u00e9galement prier pour nos adversaires et pour ceux qui nous ont offens\u00e9s, et demander \u00e0 Dieu de nous aider \u00e0 leur pardonner et \u00e0 leur exprimer la compassion.<\/p>\n<h3> Implorer pour la sant\u00e9 et la protection de nos \u00eatres chers.<\/h3>\n<p>Dieu tout-puissant, nous autres te confions nos familles, nos propres familles avec nos connaissances. Veille, cher Dieu, sur eux, ainsi que prot\u00e8ge -les de tout risque et de toute affliction. Offre, Seigneur, la vigueur du corps et de l\u2019esprit pour eux, et la paix dans leur c\u0153ur. Puisses-tu permettre ta b\u00e9n\u00e9diction omnipotente les \u00e2mes veille et les personnes guide chacun au long de cette journ\u00e9e, pour qu\u2019ils puissent vivre dans une tranquillit\u00e9 ainsi que la s\u00e9r\u00e9nit\u00e9.<\/p>\n<p>Nous autres \u00e0 toi prions pareillement pour nos enfants, Seigneur tout-puissant, afin qu\u2019ils grandissent dans la foi et dans l\u2019amour de ton sacr\u00e9 nom. Offre, \u00d4 Dieu, une sagesse ainsi que le courage n\u00e9cessaires en vue de surmonter les \u00e9preuves de la vie, ainsi que guide leurs pas le long de le chemin de la v\u00e9rit\u00e9 et aussi de la justice.<\/p>\n<p>Enfin, nous tous te prions en vue de nos amis ainsi que nos voisins, Seigneur, pour qu\u2019ils d\u00e9couvrent la joie de ton amour et la tranquillit\u00e9 de ton pardon. Offre-leur, cher Dieu, de c\u0153urs pleins de g\u00e9n\u00e9rosit\u00e9 en vue de partager avec ceux qui dans le besoin, et aussi mains ouvertes afin de accueillir ceux qui seuls et aussi abandonn\u00e9s.<\/p>\n<h3> Prier pour les n\u00f4tres ennemis et aussi ceux qui nous-m\u00eames ont offens\u00e9s. <\/h3>\n<p>\u00d4 Seigneur, le Christ, nous vous prions pour les n\u00f4tres ennemis et pour ceux-ci que nous autres ont offens\u00e9s. Accorde-leur, \u00f4 J\u00e9sus, ta mis\u00e9ricorde et ton pardon, et ouvre leur c\u0153ur \u00e0 la lumi\u00e8re de ta v\u00e9rit\u00e9. Aide-nous, Seigneur Dieu, \u00e0 leur montrer de la compassion et aussi \u00e0 leur pardonner comme tu nous-m\u00eames as pardonn\u00e9. Que votre paix r\u00e8gne dans les n\u00f4tres c\u0153urs ainsi que que ton amour guide les n\u00f4tres actions, pour que nous puissions vivre en harmonie avec tous ceux qui sont nous-m\u00eames entourent.<\/p>\n<h3> Saisir l\u2019 pri\u00e8re : <\/h3>\n<p>En conclusion, l\u2019 oraison nous reconna\u00eet notre mission tel que enfants de l\u2019\u00c9ternel : se trouver des t\u00e9moin de sa lumi\u00e8re et de son attachement dans l\u2019 p\u00e9riode en proie aux t\u00e9n\u00e8bres. \u00c0 travers nos discours et nos actions, nous diffusons la bonne nouvelle de l\u2019 s\u00e9r\u00e9nit\u00e9 et de la r\u00e9conciliation, offrant l\u2019espoir et la cicatrisation \u00e0 un contexte endommag\u00e9.<\/p>\n<p>Dans la spiritualit\u00e9 chr\u00e9tienne, l\u2019 matin porte une valeur particuli\u00e8re, illustrant l\u2019 renouveau et la r\u00e9g\u00e9n\u00e9ration spirituelle. C\u2019est au lever du jour de chaque matin\u00e9e que l\u2019esprit se tourne vers Dieu dans la pri\u00e8re, s\u2019effor\u00e7ant \u00e0 devenir \u00e9clair\u00e9e par la clart\u00e9 c\u00e9leste. La pratique des pri\u00e8res matinales s\u2019av\u00e8re profond\u00e9ment enracin\u00e9e dans la tradition chr\u00e9tienne, offrant une p\u00e9riode particulier pour \u00e9tablir une connexion avec Dieu et se disposer spirituellement aux \u00e9preuves de la journ\u00e9e \u00e0 venir.<\/p>\n<p>Au l\u2019int\u00e9rieur au sein de ces oraisons matinales s\u2019 trouve r\u00e9guli\u00e8rement une d\u00e9votion distincte envers Marie, la maternelle de J\u00e9sus et figure sainte v\u00e9n\u00e9r\u00e9e aupr\u00e8s de un grand nombre fid\u00e8les. En qualit\u00e9 d\u2019 intercesseur entre les hommes et Dieu, Marie est pri\u00e9e pour m\u00e9dier en notre faveur, nous-m\u00eames conduisant sur le sentier vers la saintet\u00e9 et ainsi que la gr\u00e2ce divine. Son pr\u00e9sence parentale offre apaisement et abri, entourant nos pri\u00e8re matinales d\u2019une douceur c\u00e9leste.<\/p>\n<p>\u00c0 travers les oraisons du matin, nous sommes convives \u00e0 se unir \u00e0 Marie au sein de une initiative pour b\u00e9atification personnelle. Dans m\u00e9ditant au sujet de sa vie et ses vertus, nous cherchons \u00e0 imiter sa humilit\u00e9, la puret\u00e9 et son ob\u00e9issance \u00e0 la volont\u00e9 du Dieu. Par le biais de sa saintet\u00e9 parfaite, Marie est pour nous une mod\u00e8le de vie chr\u00e9tienne, nous souvenant l\u2019importance de la pri\u00e8re et de la contemplation au sein de nos cheminement spirituel.<\/p>\n<p>Joignons nos c\u0153urs dans la pri\u00e8re matinale, dans notre esp\u00e9rance, en nous tournant vers Marie, la m\u00e8re de notre Seigneur J\u00e9sus-Christ. Dans notre monde troubl\u00e9 par les conflits et la division, recourons \u00e0 la pri\u00e8re pour trouver pour trouver la s\u00e9r\u00e9nit\u00e9 et l\u2019harmonie. Tout chr\u00e9tien peut \u00e9crire une pri\u00e8re pour la Sainte Vierge <a target=\"_blank\" rel=\"nofollow\" href=\"https:\/\/editionsbussiere.com\/blog\/goto\/https:\/\/www.avemariasound.org\/\" >ici.<\/a> Que nos pri\u00e8res montent vers le ciel, comme un hommage agr\u00e9able par Dieu, afin qu\u2019il puisse \u00e9clairer nos pas vers la voie de la v\u00e9rit\u00e9 et de la justice. L\u2019ap\u00f4tre Paul nous dans ses lettres \u00e0 maintenir une pri\u00e8re incessante, en toutes circonstances, afin que notre connexion \u00e0 Dieu reste constante et passionn\u00e9e. La pri\u00e8re, quand elle est sinc\u00e8rement offerte, a le pouvoir pour changer nos c\u0153urs et d\u2019influer le cours de l\u2019histoire.<\/p>\n<p>La r\u00e9citation du matin est donc un temps favoris\u00e9 afin de se consacrer \u00e0 Dieu avec l\u2019intercession de Marie, en offrant nos acclamations, nos actions de gr\u00e2ce ainsi que nos intentions les plus profondes. Dans la qui\u00e9tude de l\u2019aurore, on se trouve invit\u00e9s \u00e0 tourner \u00e0 cette m\u00e8re divine, laquelle nous guide par douceur sur du chemin de la foi ainsi que du sentiment amoureux divin. En associant nos voix \u00e0 cette derni\u00e8re de Marie, nous augmentons nos pri\u00e8res matinales envers le tr\u00f4ne du du don divin, s\u00fbrs que notre supplications seront entendues et accueillies par le c\u0153ur mis\u00e9ricordieux de Dieu.<\/p>\n<h2> Pri\u00e8re envers le matin avec dieu et la Sainte M\u00e8re<\/h2>\n<p>Seigneur tout-puissant et mis\u00e9ricordieux, en ce jour qui se l\u00e8ve sous la clart\u00e9 de ta divine lumi\u00e8re, je viens \u00e0 toi avec foi et modestie. Que cette journ\u00e9e qui s\u2019ouvre soit consacr\u00e9e \u00e0 ta saintet\u00e9, que chaque battement de mon c\u0153ur |chaque regard de mes yeux|chacune de mes paroles|chacun de mes gestes} te soit offert en offrande. Que chaque souffle qui anime mon corps soit un souffle d\u2019adoration |un souffle vers toi|un souffle de vie en toi}. Priez, que nos pri\u00e8res montent, priez, suppliez, suppliez.<\/p>\n<p>Tel Marie, la sainte m\u00e8re qui a port\u00e9 en son sein l\u2019enfant J\u00e9sus, conduis-moi dans ce voyage de foi et de d\u00e9votion. Que je puisse, \u00e0 travers les pages de l\u2019\u00c9vangile, d\u00e9couvrir la clart\u00e9 pour \u00e9clairer mes pas et consolider ma foi. Tel Pierre, accorde-moi la puissance et la bravoure de surmonter les temp\u00eates de la vie avec une confiance absolue en ta providence.<\/p>\n<p>Dans ce p\u00e9riode de Car\u00eame, o\u00f9 les croyants et les croyantes se pr\u00e9parent \u00e0 c\u00e9l\u00e9brer la r\u00e9surrection de notre Seigneur bien-aim\u00e9, accorde-moi, Seigneur, la gr\u00e2ce du r\u00e9veil spirituel. Que mon \u00e2me soit purifi\u00e9 de toute impuret\u00e9, afin qu\u2019il devienne un lieu sacr\u00e9 o\u00f9 tu r\u00e9sides. Que mes suppliques, inspir\u00e9e par l\u2019exemple de Fran\u00e7ois d\u2019Assise, retentisse comme une m\u00e9lodie de louanges \u00e0 travers les si\u00e8cles.<br \/>\nDieu Tout-Puissant, que mon quotidien soit impr\u00e9gn\u00e9 de ton amour, que chaque instant soit une occasion de entrer en communion avec toi et de te servir dans mes semblables. Que mon chemin soit un t\u00e9moignage vivant de ta tendresse infinie pour l\u2019humanit\u00e9. Puissent les pri\u00e8res de Hozana monter vers toi comme un doux parfum, enveloppant chacune de mes journ\u00e9es dans une atmosph\u00e8re de s\u00e9r\u00e9nit\u00e9. Priez, \u00c9glise, Fran\u00e7ois, Hozana.<\/p>\n<p>Puissent mon c\u0153ur, Seigneur, devienne un reflet du tien, rempli d\u2019amour, de compassion et de mis\u00e9ricorde envers autrui. Que toutes mes pens\u00e9es et mes actions soient conduites par l\u2019Esprit divin, afin que je puisse contribuer \u00e0 l\u2019av\u00e8nement de ton r\u00e8gne de justice sur ce monde.<\/p>\n<p>Que cette journ\u00e9e constitue une nouvelle \u00e9tape dans mon cheminement spirituel, une occasion de grandir dans la foi. Seigneur, envahis mon c\u0153ur, fais-en ton sanctuaire, o\u00f9 ta pr\u00e9sence se manifeste en tout temps. Que chaque battement de mon c\u0153ur devienne un chant en ton honneur, Seigneur, pour les si\u00e8cles des si\u00e8cles. Amen.<\/p>\n<p>Au sein de l\u2019\u00e9veil spiritualiste de tout \u00e2me chr\u00e9tienne, la pri\u00e8re joue. Celle-ci constitue le lien \u00e9troite entre le fid\u00e8le divin et sa m\u00e8re c\u00e9leste, Marie, la sainte interc\u00e8de pour le compte de nous aupr\u00e8s de son c\u00e9leste Fils. Par le biais de l\u2019acte de pri\u00e8re, les fid\u00e8les nous introduisons dans la clart\u00e9 de l\u2019\u00c9vangile, men\u00e9s sous l\u2019Esprit divin, dans le but de d\u00e9celer la v\u00e9rit\u00e9 et la faveur que J\u00e9sus nous dispense.<\/p>\n<h2>R\u00e9flexion en ce qui concerne la divine Parole de Dieu : <\/h2>\n<p>On pouvons ruminer au sujet de un extrait religieux qui nous parle de l\u2019amour du Seigneur. \u00c0 titre d\u2019exemple :<\/p>\n<h3>1 Corinthiens 13, 1-8 : <\/h3>\n<p>\u00ab\u00a0Quand je parlerais les langues des hommes et des anges, si je n\u2019ai pas l\u2019amour, je suis un airain qui r\u00e9sonne ou une cymbale qui retentit. Et quand j\u2019aurais le don de proph\u00e9tie, la science de tous les myst\u00e8res et toute la connaissance, quand j\u2019aurais m\u00eame toute la foi jusqu\u2019\u00e0 transporter des montagnes, si je n\u2019ai pas l\u2019amour, je ne suis rien. .\u00a0\u00bb<\/p>\n<p>Ce th\u00e8me correspond \u00e0 vos recherches vous adorerez \u00e9galement ces livres:<\/p>\n<p>Rational (Durand de Mende)\/Volume 2\/Cinqui\u00e8me livre\/Chapitre 09.,<a target=\"_blank\" rel=\"nofollow\" href=\"https:\/\/editionsbussiere.com\/blog\/goto\/https:\/\/fr.wikisource.org\/wiki\/Rational_(Durand_de_Mende)\/Volume_2\/Cinqui%C3%A8me_livre\/Chapitre_09\"  target=\"_blank\" rel=\"noopener noreferrer nofollow\">Cliquer ICI.<\/a><span><\/span><\/p>\n<p>Marie-Claire\/18.,<a target=\"_blank\" rel=\"nofollow\" href=\"https:\/\/editionsbussiere.com\/blog\/goto\/https:\/\/fr.wikisource.org\/wiki\/Marie-Claire\/18\"  target=\"_blank\" rel=\"noopener noreferrer nofollow\">Article complet.<\/a><span><\/span><\/p>\n<p>Les Feuilles d\u2019automne\/\u00c0 Madame Marie M..,<a target=\"_blank\" rel=\"nofollow\" href=\"https:\/\/editionsbussiere.com\/blog\/goto\/https:\/\/fr.wikisource.org\/wiki\/Les_Feuilles_d%E2%80%99automne\/%C3%80_Madame_Marie_M.\"  target=\"_blank\" rel=\"noopener noreferrer nofollow\">Cliquer ICI.<\/a><span><\/span><\/p>\n<p>La Vocation\/Premi\u00e8re partie\/V.,<a target=\"_blank\" rel=\"nofollow\" href=\"https:\/\/editionsbussiere.com\/blog\/goto\/https:\/\/fr.wikisource.org\/wiki\/La_Vocation\/Premi%C3%A8re_partie\/V\"  target=\"_blank\" rel=\"noopener noreferrer nofollow\">Le post d\u2019actualit\u00e9.<\/a><span><\/span>. Suite sur le prochain article.<\/p>\n<p>L\u00e9gendes chr\u00e9tiennes\/Le diable et la sainte Vierge parrain et marraine.,<a target=\"_blank\" rel=\"nofollow\" href=\"https:\/\/editionsbussiere.com\/blog\/goto\/https:\/\/fr.wikisource.org\/wiki\/L%C3%A9gendes_chr%C3%A9tiennes\/Le_diable_et_la_sainte_Vierge_parrain_et_marraine\"  target=\"_blank\" rel=\"noopener noreferrer nofollow\">Article complet.<\/a><span><\/span><\/p>\n<p>\u00c0 l\u2019\u0153uvre et \u00e0 l\u2019\u00e9preuve\/21.,<a target=\"_blank\" rel=\"nofollow\" href=\"https:\/\/editionsbussiere.com\/blog\/goto\/https:\/\/fr.wikisource.org\/wiki\/%C3%80_l%E2%80%99%C5%93uvre_et_%C3%A0_l%E2%80%99%C3%A9preuve\/21\"  target=\"_blank\" rel=\"noopener noreferrer nofollow\">Le post d\u2019actualit\u00e9.<\/a><span><\/span><\/p>\n<\/div>\n<p><img decoding=\"async\" class=\"wpe_imgrss\" src=\"https:\/\/editionsbussiere.com\/blog\/wp-content\/uploads\/2024\/06\/1718100080_Plus-de-1-200-personnes-descendent-dans-les-rues-de.jpg\">Cet article a \u00e9t\u00e9 reconstitu\u00e9 du mieux possible. Dans l\u2019hypoth\u00e8se o\u00f9 vous souhaitez apporter quelques modifications concernant le th\u00e8me \u00ab\u00a0Editions \u00e9sot\u00e9rique fond\u00e9e en 1927\u00a0\u00bb, il est possible de discuter avec notre r\u00e9daction. Vous pouvez tirer profit de cet article traitant le sujet \u00ab\u00a0Editions \u00e9sot\u00e9rique fond\u00e9e en 1927\u00a0\u00bb. Il est concoct\u00e9 par l\u2019\u00e9quipe editionsbussiere.com. Le site editionsbussiere.com est fait pour cr\u00e9er divers posts autour du th\u00e8me Editions \u00e9sot\u00e9rique fond\u00e9e en 1927 d\u00e9velopp\u00e9es sur internet. Consultez notre site internet editionsbussiere.com et nos r\u00e9seaux sociaux pour \u00eatre au courant des futures annonces.<\/p>\n","protected":false},"excerpt":{"rendered":"<p>WASHINGTON (OSV News) \u2014 Plus de 1 200 fid\u00e8les sont descendus dans les rues de la capitale nationale le 8 juin pour c\u00e9l\u00e9brer l&rsquo;arriv\u00e9e du p\u00e8lerinage eucharistique national dans l&rsquo;archidioc\u00e8se de Washington avec des pri\u00e8res, des chants et une procession. Priant les myst\u00e8res lumineux du chapelet, entendant la proclamation de la Parole de Dieu et [&hellip;]<\/p>\n","protected":false},"author":3,"featured_media":786,"comment_status":"closed","ping_status":"closed","sticky":false,"template":"","format":"standard","meta":{"footnotes":""},"categories":[3],"tags":[],"class_list":["post-785","post","type-post","status-publish","format-standard","has-post-thumbnail","hentry","category-editions-esoterique-fondee-en-1927-depeches","entry","fw-tab-6 fw-tabr-4","has-featured-image"],"yoast_head":"<!-- This site is optimized with the Yoast SEO plugin v27.5 - https:\/\/yoast.com\/product\/yoast-seo-wordpress\/ -->\n<title>Plus de 1 200 personnes descendent dans les rues de la capitale nationale pour le p\u00e8lerinage eucharistique national et invocation matinale. - EDITIONSBUSSIERE<\/title>\n<meta name=\"robots\" content=\"index, follow, max-snippet:-1, max-image-preview:large, max-video-preview:-1\" \/>\n<link rel=\"canonical\" href=\"https:\/\/editionsbussiere.com\/blog\/plus-de-1-200-personnes-descendent-dans-les-rues-de-la-capitale-nationale-pour-le-pelerinage-eucharistique-national-et-invocation-matinale\/\" \/>\n<meta property=\"og:locale\" content=\"fr_FR\" \/>\n<meta property=\"og:type\" content=\"article\" \/>\n<meta property=\"og:title\" content=\"Plus de 1 200 personnes descendent dans les rues de la capitale nationale pour le p\u00e8lerinage eucharistique national et invocation matinale. - EDITIONSBUSSIERE\" \/>\n<meta property=\"og:description\" content=\"WASHINGTON (OSV News) \u2014 Plus de 1 200 fid\u00e8les sont descendus dans les rues de la capitale nationale le 8 juin pour c\u00e9l\u00e9brer l&rsquo;arriv\u00e9e du p\u00e8lerinage eucharistique national dans l&rsquo;archidioc\u00e8se de Washington avec des pri\u00e8res, des chants et une procession. Priant les myst\u00e8res lumineux du chapelet, entendant la proclamation de la Parole de Dieu et [&hellip;]\" \/>\n<meta property=\"og:url\" content=\"https:\/\/editionsbussiere.com\/blog\/plus-de-1-200-personnes-descendent-dans-les-rues-de-la-capitale-nationale-pour-le-pelerinage-eucharistique-national-et-invocation-matinale\/\" \/>\n<meta property=\"og:site_name\" content=\"EDITIONSBUSSIERE\" \/>\n<meta property=\"article:published_time\" content=\"2024-06-11T09:30:00+00:00\" \/>\n<meta property=\"og:image\" content=\"https:\/\/editionsbussiere.com\/blog\/wp-content\/uploads\/2024\/06\/1718100080_Plus-de-1-200-personnes-descendent-dans-les-rues-de.jpg\" \/>\n<meta name=\"author\" content=\"Marie BATICLE\" \/>\n<meta name=\"twitter:card\" content=\"summary_large_image\" \/>\n<meta name=\"twitter:label1\" content=\"\u00c9crit par\" \/>\n\t<meta name=\"twitter:data1\" content=\"Marie BATICLE\" \/>\n\t<meta name=\"twitter:label2\" content=\"Dur\u00e9e de lecture estim\u00e9e\" \/>\n\t<meta name=\"twitter:data2\" content=\"15 minutes\" \/>\n<script type=\"application\/ld+json\" class=\"yoast-schema-graph\">{\"@context\":\"https:\\\/\\\/schema.org\",\"@graph\":[{\"@type\":\"Article\",\"@id\":\"https:\\\/\\\/editionsbussiere.com\\\/blog\\\/plus-de-1-200-personnes-descendent-dans-les-rues-de-la-capitale-nationale-pour-le-pelerinage-eucharistique-national-et-invocation-matinale\\\/#article\",\"isPartOf\":{\"@id\":\"https:\\\/\\\/editionsbussiere.com\\\/blog\\\/plus-de-1-200-personnes-descendent-dans-les-rues-de-la-capitale-nationale-pour-le-pelerinage-eucharistique-national-et-invocation-matinale\\\/\"},\"author\":{\"name\":\"Marie BATICLE\",\"@id\":\"https:\\\/\\\/editionsbussiere.com\\\/blog\\\/#\\\/schema\\\/person\\\/ec90e102792148c97e46ab871010dd8f\"},\"headline\":\"Plus de 1 200 personnes descendent dans les rues de la capitale nationale pour le p\u00e8lerinage eucharistique national et invocation matinale.\",\"datePublished\":\"2024-06-11T09:30:00+00:00\",\"mainEntityOfPage\":{\"@id\":\"https:\\\/\\\/editionsbussiere.com\\\/blog\\\/plus-de-1-200-personnes-descendent-dans-les-rues-de-la-capitale-nationale-pour-le-pelerinage-eucharistique-national-et-invocation-matinale\\\/\"},\"wordCount\":2924,\"publisher\":{\"@id\":\"https:\\\/\\\/editionsbussiere.com\\\/blog\\\/#organization\"},\"image\":{\"@id\":\"https:\\\/\\\/editionsbussiere.com\\\/blog\\\/plus-de-1-200-personnes-descendent-dans-les-rues-de-la-capitale-nationale-pour-le-pelerinage-eucharistique-national-et-invocation-matinale\\\/#primaryimage\"},\"thumbnailUrl\":\"https:\\\/\\\/editionsbussiere.com\\\/blog\\\/wp-content\\\/uploads\\\/2024\\\/06\\\/1718100080_Plus-de-1-200-personnes-descendent-dans-les-rues-de.jpg\",\"articleSection\":[\"Editions \u00c9sot\u00e9rique Fond\u00e9e En 1927; D\u00e9p\u00e8ches:\"],\"inLanguage\":\"fr-FR\"},{\"@type\":\"WebPage\",\"@id\":\"https:\\\/\\\/editionsbussiere.com\\\/blog\\\/plus-de-1-200-personnes-descendent-dans-les-rues-de-la-capitale-nationale-pour-le-pelerinage-eucharistique-national-et-invocation-matinale\\\/\",\"url\":\"https:\\\/\\\/editionsbussiere.com\\\/blog\\\/plus-de-1-200-personnes-descendent-dans-les-rues-de-la-capitale-nationale-pour-le-pelerinage-eucharistique-national-et-invocation-matinale\\\/\",\"name\":\"Plus de 1 200 personnes descendent dans les rues de la capitale nationale pour le p\u00e8lerinage eucharistique national et invocation matinale. - EDITIONSBUSSIERE\",\"isPartOf\":{\"@id\":\"https:\\\/\\\/editionsbussiere.com\\\/blog\\\/#website\"},\"primaryImageOfPage\":{\"@id\":\"https:\\\/\\\/editionsbussiere.com\\\/blog\\\/plus-de-1-200-personnes-descendent-dans-les-rues-de-la-capitale-nationale-pour-le-pelerinage-eucharistique-national-et-invocation-matinale\\\/#primaryimage\"},\"image\":{\"@id\":\"https:\\\/\\\/editionsbussiere.com\\\/blog\\\/plus-de-1-200-personnes-descendent-dans-les-rues-de-la-capitale-nationale-pour-le-pelerinage-eucharistique-national-et-invocation-matinale\\\/#primaryimage\"},\"thumbnailUrl\":\"https:\\\/\\\/editionsbussiere.com\\\/blog\\\/wp-content\\\/uploads\\\/2024\\\/06\\\/1718100080_Plus-de-1-200-personnes-descendent-dans-les-rues-de.jpg\",\"datePublished\":\"2024-06-11T09:30:00+00:00\",\"breadcrumb\":{\"@id\":\"https:\\\/\\\/editionsbussiere.com\\\/blog\\\/plus-de-1-200-personnes-descendent-dans-les-rues-de-la-capitale-nationale-pour-le-pelerinage-eucharistique-national-et-invocation-matinale\\\/#breadcrumb\"},\"inLanguage\":\"fr-FR\",\"potentialAction\":[{\"@type\":\"ReadAction\",\"target\":[\"https:\\\/\\\/editionsbussiere.com\\\/blog\\\/plus-de-1-200-personnes-descendent-dans-les-rues-de-la-capitale-nationale-pour-le-pelerinage-eucharistique-national-et-invocation-matinale\\\/\"]}]},{\"@type\":\"ImageObject\",\"inLanguage\":\"fr-FR\",\"@id\":\"https:\\\/\\\/editionsbussiere.com\\\/blog\\\/plus-de-1-200-personnes-descendent-dans-les-rues-de-la-capitale-nationale-pour-le-pelerinage-eucharistique-national-et-invocation-matinale\\\/#primaryimage\",\"url\":\"https:\\\/\\\/editionsbussiere.com\\\/blog\\\/wp-content\\\/uploads\\\/2024\\\/06\\\/1718100080_Plus-de-1-200-personnes-descendent-dans-les-rues-de.jpg\",\"contentUrl\":\"https:\\\/\\\/editionsbussiere.com\\\/blog\\\/wp-content\\\/uploads\\\/2024\\\/06\\\/1718100080_Plus-de-1-200-personnes-descendent-dans-les-rues-de.jpg\",\"width\":1024,\"height\":576,\"caption\":\"1718100080 Plus de 1 200 personnes descendent dans les rues de\"},{\"@type\":\"BreadcrumbList\",\"@id\":\"https:\\\/\\\/editionsbussiere.com\\\/blog\\\/plus-de-1-200-personnes-descendent-dans-les-rues-de-la-capitale-nationale-pour-le-pelerinage-eucharistique-national-et-invocation-matinale\\\/#breadcrumb\",\"itemListElement\":[{\"@type\":\"ListItem\",\"position\":1,\"name\":\"Accueil\",\"item\":\"https:\\\/\\\/editionsbussiere.com\\\/blog\\\/\"},{\"@type\":\"ListItem\",\"position\":2,\"name\":\"Plus de 1 200 personnes descendent dans les rues de la capitale nationale pour le p\u00e8lerinage eucharistique national et invocation matinale.\"}]},{\"@type\":\"WebSite\",\"@id\":\"https:\\\/\\\/editionsbussiere.com\\\/blog\\\/#website\",\"url\":\"https:\\\/\\\/editionsbussiere.com\\\/blog\\\/\",\"name\":\"EDITIONSBUSSIERE\",\"description\":\"Editions \u00e9sot\u00e9rique fond\u00e9e en 1927; site historique, A SAVOIR ET RETENIR.\",\"publisher\":{\"@id\":\"https:\\\/\\\/editionsbussiere.com\\\/blog\\\/#organization\"},\"potentialAction\":[{\"@type\":\"SearchAction\",\"target\":{\"@type\":\"EntryPoint\",\"urlTemplate\":\"https:\\\/\\\/editionsbussiere.com\\\/blog\\\/?s={search_term_string}\"},\"query-input\":{\"@type\":\"PropertyValueSpecification\",\"valueRequired\":true,\"valueName\":\"search_term_string\"}}],\"inLanguage\":\"fr-FR\"},{\"@type\":\"Organization\",\"@id\":\"https:\\\/\\\/editionsbussiere.com\\\/blog\\\/#organization\",\"name\":\"editionsbussiere\",\"url\":\"https:\\\/\\\/editionsbussiere.com\\\/blog\\\/\",\"logo\":{\"@type\":\"ImageObject\",\"inLanguage\":\"fr-FR\",\"@id\":\"https:\\\/\\\/editionsbussiere.com\\\/blog\\\/#\\\/schema\\\/logo\\\/image\\\/\",\"url\":\"https:\\\/\\\/editionsbussiere.com\\\/blog\\\/wp-content\\\/uploads\\\/2023\\\/09\\\/cropped-buss.gif\",\"contentUrl\":\"https:\\\/\\\/editionsbussiere.com\\\/blog\\\/wp-content\\\/uploads\\\/2023\\\/09\\\/cropped-buss.gif\",\"width\":298,\"height\":120,\"caption\":\"editionsbussiere\"},\"image\":{\"@id\":\"https:\\\/\\\/editionsbussiere.com\\\/blog\\\/#\\\/schema\\\/logo\\\/image\\\/\"}},{\"@type\":\"Person\",\"@id\":\"https:\\\/\\\/editionsbussiere.com\\\/blog\\\/#\\\/schema\\\/person\\\/ec90e102792148c97e46ab871010dd8f\",\"name\":\"Marie BATICLE\",\"image\":{\"@type\":\"ImageObject\",\"inLanguage\":\"fr-FR\",\"@id\":\"https:\\\/\\\/secure.gravatar.com\\\/avatar\\\/c923e52403b1b8137e2d929127211d21967e6aecaa053bd43b09da29f212e76e?s=96&d=mm&r=g\",\"url\":\"https:\\\/\\\/secure.gravatar.com\\\/avatar\\\/c923e52403b1b8137e2d929127211d21967e6aecaa053bd43b09da29f212e76e?s=96&d=mm&r=g\",\"contentUrl\":\"https:\\\/\\\/secure.gravatar.com\\\/avatar\\\/c923e52403b1b8137e2d929127211d21967e6aecaa053bd43b09da29f212e76e?s=96&d=mm&r=g\",\"caption\":\"Marie BATICLE\"},\"url\":\"https:\\\/\\\/editionsbussiere.com\\\/blog\\\/author\\\/eremarie\\\/\"}]}<\/script>\n<!-- \/ Yoast SEO plugin. -->","yoast_head_json":{"title":"Plus de 1 200 personnes descendent dans les rues de la capitale nationale pour le p\u00e8lerinage eucharistique national et invocation matinale. - EDITIONSBUSSIERE","robots":{"index":"index","follow":"follow","max-snippet":"max-snippet:-1","max-image-preview":"max-image-preview:large","max-video-preview":"max-video-preview:-1"},"canonical":"https:\/\/editionsbussiere.com\/blog\/plus-de-1-200-personnes-descendent-dans-les-rues-de-la-capitale-nationale-pour-le-pelerinage-eucharistique-national-et-invocation-matinale\/","og_locale":"fr_FR","og_type":"article","og_title":"Plus de 1 200 personnes descendent dans les rues de la capitale nationale pour le p\u00e8lerinage eucharistique national et invocation matinale. - EDITIONSBUSSIERE","og_description":"WASHINGTON (OSV News) \u2014 Plus de 1 200 fid\u00e8les sont descendus dans les rues de la capitale nationale le 8 juin pour c\u00e9l\u00e9brer l&rsquo;arriv\u00e9e du p\u00e8lerinage eucharistique national dans l&rsquo;archidioc\u00e8se de Washington avec des pri\u00e8res, des chants et une procession. Priant les myst\u00e8res lumineux du chapelet, entendant la proclamation de la Parole de Dieu et [&hellip;]","og_url":"https:\/\/editionsbussiere.com\/blog\/plus-de-1-200-personnes-descendent-dans-les-rues-de-la-capitale-nationale-pour-le-pelerinage-eucharistique-national-et-invocation-matinale\/","og_site_name":"EDITIONSBUSSIERE","article_published_time":"2024-06-11T09:30:00+00:00","og_image":[{"url":"https:\/\/editionsbussiere.com\/blog\/wp-content\/uploads\/2024\/06\/1718100080_Plus-de-1-200-personnes-descendent-dans-les-rues-de.jpg","type":"","width":"","height":""}],"author":"Marie BATICLE","twitter_card":"summary_large_image","twitter_misc":{"\u00c9crit par":"Marie BATICLE","Dur\u00e9e de lecture estim\u00e9e":"15 minutes"},"schema":{"@context":"https:\/\/schema.org","@graph":[{"@type":"Article","@id":"https:\/\/editionsbussiere.com\/blog\/plus-de-1-200-personnes-descendent-dans-les-rues-de-la-capitale-nationale-pour-le-pelerinage-eucharistique-national-et-invocation-matinale\/#article","isPartOf":{"@id":"https:\/\/editionsbussiere.com\/blog\/plus-de-1-200-personnes-descendent-dans-les-rues-de-la-capitale-nationale-pour-le-pelerinage-eucharistique-national-et-invocation-matinale\/"},"author":{"name":"Marie BATICLE","@id":"https:\/\/editionsbussiere.com\/blog\/#\/schema\/person\/ec90e102792148c97e46ab871010dd8f"},"headline":"Plus de 1 200 personnes descendent dans les rues de la capitale nationale pour le p\u00e8lerinage eucharistique national et invocation matinale.","datePublished":"2024-06-11T09:30:00+00:00","mainEntityOfPage":{"@id":"https:\/\/editionsbussiere.com\/blog\/plus-de-1-200-personnes-descendent-dans-les-rues-de-la-capitale-nationale-pour-le-pelerinage-eucharistique-national-et-invocation-matinale\/"},"wordCount":2924,"publisher":{"@id":"https:\/\/editionsbussiere.com\/blog\/#organization"},"image":{"@id":"https:\/\/editionsbussiere.com\/blog\/plus-de-1-200-personnes-descendent-dans-les-rues-de-la-capitale-nationale-pour-le-pelerinage-eucharistique-national-et-invocation-matinale\/#primaryimage"},"thumbnailUrl":"https:\/\/editionsbussiere.com\/blog\/wp-content\/uploads\/2024\/06\/1718100080_Plus-de-1-200-personnes-descendent-dans-les-rues-de.jpg","articleSection":["Editions \u00c9sot\u00e9rique Fond\u00e9e En 1927; D\u00e9p\u00e8ches:"],"inLanguage":"fr-FR"},{"@type":"WebPage","@id":"https:\/\/editionsbussiere.com\/blog\/plus-de-1-200-personnes-descendent-dans-les-rues-de-la-capitale-nationale-pour-le-pelerinage-eucharistique-national-et-invocation-matinale\/","url":"https:\/\/editionsbussiere.com\/blog\/plus-de-1-200-personnes-descendent-dans-les-rues-de-la-capitale-nationale-pour-le-pelerinage-eucharistique-national-et-invocation-matinale\/","name":"Plus de 1 200 personnes descendent dans les rues de la capitale nationale pour le p\u00e8lerinage eucharistique national et invocation matinale. - EDITIONSBUSSIERE","isPartOf":{"@id":"https:\/\/editionsbussiere.com\/blog\/#website"},"primaryImageOfPage":{"@id":"https:\/\/editionsbussiere.com\/blog\/plus-de-1-200-personnes-descendent-dans-les-rues-de-la-capitale-nationale-pour-le-pelerinage-eucharistique-national-et-invocation-matinale\/#primaryimage"},"image":{"@id":"https:\/\/editionsbussiere.com\/blog\/plus-de-1-200-personnes-descendent-dans-les-rues-de-la-capitale-nationale-pour-le-pelerinage-eucharistique-national-et-invocation-matinale\/#primaryimage"},"thumbnailUrl":"https:\/\/editionsbussiere.com\/blog\/wp-content\/uploads\/2024\/06\/1718100080_Plus-de-1-200-personnes-descendent-dans-les-rues-de.jpg","datePublished":"2024-06-11T09:30:00+00:00","breadcrumb":{"@id":"https:\/\/editionsbussiere.com\/blog\/plus-de-1-200-personnes-descendent-dans-les-rues-de-la-capitale-nationale-pour-le-pelerinage-eucharistique-national-et-invocation-matinale\/#breadcrumb"},"inLanguage":"fr-FR","potentialAction":[{"@type":"ReadAction","target":["https:\/\/editionsbussiere.com\/blog\/plus-de-1-200-personnes-descendent-dans-les-rues-de-la-capitale-nationale-pour-le-pelerinage-eucharistique-national-et-invocation-matinale\/"]}]},{"@type":"ImageObject","inLanguage":"fr-FR","@id":"https:\/\/editionsbussiere.com\/blog\/plus-de-1-200-personnes-descendent-dans-les-rues-de-la-capitale-nationale-pour-le-pelerinage-eucharistique-national-et-invocation-matinale\/#primaryimage","url":"https:\/\/editionsbussiere.com\/blog\/wp-content\/uploads\/2024\/06\/1718100080_Plus-de-1-200-personnes-descendent-dans-les-rues-de.jpg","contentUrl":"https:\/\/editionsbussiere.com\/blog\/wp-content\/uploads\/2024\/06\/1718100080_Plus-de-1-200-personnes-descendent-dans-les-rues-de.jpg","width":1024,"height":576,"caption":"1718100080 Plus de 1 200 personnes descendent dans les rues de"},{"@type":"BreadcrumbList","@id":"https:\/\/editionsbussiere.com\/blog\/plus-de-1-200-personnes-descendent-dans-les-rues-de-la-capitale-nationale-pour-le-pelerinage-eucharistique-national-et-invocation-matinale\/#breadcrumb","itemListElement":[{"@type":"ListItem","position":1,"name":"Accueil","item":"https:\/\/editionsbussiere.com\/blog\/"},{"@type":"ListItem","position":2,"name":"Plus de 1 200 personnes descendent dans les rues de la capitale nationale pour le p\u00e8lerinage eucharistique national et invocation matinale."}]},{"@type":"WebSite","@id":"https:\/\/editionsbussiere.com\/blog\/#website","url":"https:\/\/editionsbussiere.com\/blog\/","name":"EDITIONSBUSSIERE","description":"Editions \u00e9sot\u00e9rique fond\u00e9e en 1927; site historique, A SAVOIR ET RETENIR.","publisher":{"@id":"https:\/\/editionsbussiere.com\/blog\/#organization"},"potentialAction":[{"@type":"SearchAction","target":{"@type":"EntryPoint","urlTemplate":"https:\/\/editionsbussiere.com\/blog\/?s={search_term_string}"},"query-input":{"@type":"PropertyValueSpecification","valueRequired":true,"valueName":"search_term_string"}}],"inLanguage":"fr-FR"},{"@type":"Organization","@id":"https:\/\/editionsbussiere.com\/blog\/#organization","name":"editionsbussiere","url":"https:\/\/editionsbussiere.com\/blog\/","logo":{"@type":"ImageObject","inLanguage":"fr-FR","@id":"https:\/\/editionsbussiere.com\/blog\/#\/schema\/logo\/image\/","url":"https:\/\/editionsbussiere.com\/blog\/wp-content\/uploads\/2023\/09\/cropped-buss.gif","contentUrl":"https:\/\/editionsbussiere.com\/blog\/wp-content\/uploads\/2023\/09\/cropped-buss.gif","width":298,"height":120,"caption":"editionsbussiere"},"image":{"@id":"https:\/\/editionsbussiere.com\/blog\/#\/schema\/logo\/image\/"}},{"@type":"Person","@id":"https:\/\/editionsbussiere.com\/blog\/#\/schema\/person\/ec90e102792148c97e46ab871010dd8f","name":"Marie BATICLE","image":{"@type":"ImageObject","inLanguage":"fr-FR","@id":"https:\/\/secure.gravatar.com\/avatar\/c923e52403b1b8137e2d929127211d21967e6aecaa053bd43b09da29f212e76e?s=96&d=mm&r=g","url":"https:\/\/secure.gravatar.com\/avatar\/c923e52403b1b8137e2d929127211d21967e6aecaa053bd43b09da29f212e76e?s=96&d=mm&r=g","contentUrl":"https:\/\/secure.gravatar.com\/avatar\/c923e52403b1b8137e2d929127211d21967e6aecaa053bd43b09da29f212e76e?s=96&d=mm&r=g","caption":"Marie BATICLE"},"url":"https:\/\/editionsbussiere.com\/blog\/author\/eremarie\/"}]}},"_links":{"self":[{"href":"https:\/\/editionsbussiere.com\/blog\/wp-json\/wp\/v2\/posts\/785","targetHints":{"allow":["GET"]}}],"collection":[{"href":"https:\/\/editionsbussiere.com\/blog\/wp-json\/wp\/v2\/posts"}],"about":[{"href":"https:\/\/editionsbussiere.com\/blog\/wp-json\/wp\/v2\/types\/post"}],"author":[{"embeddable":true,"href":"https:\/\/editionsbussiere.com\/blog\/wp-json\/wp\/v2\/users\/3"}],"replies":[{"embeddable":true,"href":"https:\/\/editionsbussiere.com\/blog\/wp-json\/wp\/v2\/comments?post=785"}],"version-history":[{"count":0,"href":"https:\/\/editionsbussiere.com\/blog\/wp-json\/wp\/v2\/posts\/785\/revisions"}],"wp:featuredmedia":[{"embeddable":true,"href":"https:\/\/editionsbussiere.com\/blog\/wp-json\/wp\/v2\/media\/786"}],"wp:attachment":[{"href":"https:\/\/editionsbussiere.com\/blog\/wp-json\/wp\/v2\/media?parent=785"}],"wp:term":[{"taxonomy":"category","embeddable":true,"href":"https:\/\/editionsbussiere.com\/blog\/wp-json\/wp\/v2\/categories?post=785"},{"taxonomy":"post_tag","embeddable":true,"href":"https:\/\/editionsbussiere.com\/blog\/wp-json\/wp\/v2\/tags?post=785"}],"curies":[{"name":"wp","href":"https:\/\/api.w.org\/{rel}","templated":true}]}}