{"id":780,"date":"2024-06-10T18:01:37","date_gmt":"2024-06-10T16:01:37","guid":{"rendered":"https:\/\/editionsbussiere.com\/blog\/un-pretre-enleve-au-nigeria-vatican-news-afin-de-croire-en-la-sainte-vierge\/"},"modified":"2024-06-10T18:01:37","modified_gmt":"2024-06-10T16:01:37","slug":"un-pretre-enleve-au-nigeria-vatican-news-afin-de-croire-en-la-sainte-vierge","status":"publish","type":"post","link":"https:\/\/editionsbussiere.com\/blog\/un-pretre-enleve-au-nigeria-vatican-news-afin-de-croire-en-la-sainte-vierge\/","title":{"rendered":"Un pr\u00eatre enlev\u00e9 au Nigeria \u2013 Vatican News\n afin de croire en la Sainte Vierge ."},"content":{"rendered":"<div><img width=\"580\" height=\"326\" src=\"https:\/\/editionsbussiere.com\/blog\/wp-content\/uploads\/2024\/06\/Un-pretre-enleve-au-Nigeria-Vatican-News-afin-de-1024x576-1.jpeg\" class=\"attachment-large size-large wp-post-image\" alt=\"Un pr\u00eatre enlev\u00e9 au Nigeria - Vatican News afin de\" style=\"float:left; margin:0 15px 15px 0;\" decoding=\"async\" srcset=\"https:\/\/editionsbussiere.com\/blog\/wp-content\/uploads\/2024\/06\/Un-pretre-enleve-au-Nigeria-Vatican-News-afin-de-1024x576-1.jpeg 1024w, https:\/\/www.n42.fr\/wp-content\/uploads\/2024\/06\/Un-pretre-enleve-au-Nigeria-Vatican-News-afin-de-300x169.jpeg 300w, https:\/\/www.n42.fr\/wp-content\/uploads\/2024\/06\/Un-pretre-enleve-au-Nigeria-Vatican-News-afin-de-768x432.jpeg 768w, https:\/\/www.n42.fr\/wp-content\/uploads\/2024\/06\/Un-pretre-enleve-au-Nigeria-Vatican-News-afin-de-1200x675.jpeg 1200w, https:\/\/www.n42.fr\/wp-content\/uploads\/2024\/06\/Un-pretre-enleve-au-Nigeria-Vatican-News-afin-de.jpeg 1500w\" sizes=\"(max-width: 580px) 100vw, 580px\"><\/p>\n<p><img decoding=\"async\" src=\"https:\/\/editionsbussiere.com\/blog\/wp-content\/uploads\/2024\/06\/cq5dam.thumbnail.cropped.750.422-2.jpeg\"><\/p>\n<p>Un autre pr\u00eatre a \u00e9t\u00e9 kidnapp\u00e9 dans l\u2019\u00c9tat de Kaduna, au nord-ouest du Nigeria.\n<\/p>\n<div>\n<p><b>Par Christopher Wells<\/b><\/p>\n<p>Le Vicaire g\u00e9n\u00e9ral du dioc\u00e8se de Kafanchan, au Nigeria, a d\u00e9nonc\u00e9 l&rsquo;enl\u00e8vement d&rsquo;un autre pr\u00eatre dans la r\u00e9gion.<\/p>\n<p>\u00ab\u00a0Tout en priant pour la lib\u00e9ration saine et sauve du P\u00e8re Ukeh\u00a0\u00bb, a d\u00e9clar\u00e9 le P\u00e8re Emmanuel Kazah Faweh, \u00ab\u00a0nous condamnons les enl\u00e8vements incessants contre ran\u00e7on de citoyens innocents et sans d\u00e9fense de nos paroisses\u00a0\u00bb.<\/p>\n<p>Le p\u00e8re Gabriel Ukeh a \u00e9t\u00e9 kidnapp\u00e9 par des hommes arm\u00e9s qui sont entr\u00e9s par effraction dans le presbyt\u00e8re de l&rsquo;\u00e9glise Saint-Thomas, dans le nord-ouest du Nigeria, aux premi\u00e8res heures du dimanche 9 juin.<\/p>\n<h2>Crise de s\u00e9curit\u00e9<\/h2>\n<p>Les enl\u00e8vements sont monnaie courante dans tout le Nigeria, les bandits et les insurg\u00e9s emmenant des personnes en captivit\u00e9 contre de lourdes ran\u00e7ons, mais aussi pour des raisons politiques ou id\u00e9ologiques.  Plus de 4\u00a0000 enl\u00e8vements ont eu lieu depuis mai 2023. <\/p>\n<p>Plus t\u00f4t cette ann\u00e9e, le Dicast\u00e8re pour l&rsquo;\u00e9vang\u00e9lisation du Vatican a publi\u00e9 une d\u00e9claration d\u00e9non\u00e7ant la vague d&rsquo;enl\u00e8vements et exprimant sa \u00ab solidarit\u00e9 la plus profonde et la plus sinc\u00e8re \u00bb avec le peuple nig\u00e9rian face \u00e0 la crise.<\/p>\n<h2>Appel \u00e0 \u00ab accro\u00eetre la s\u00e9curit\u00e9 \u00bb<\/h2>\n<p>\u00c0 la suite de l&rsquo;enl\u00e8vement de dimanche, le p\u00e8re Faweh a exhort\u00e9 le gouvernement \u00e0 \u00ab renforcer la s\u00e9curit\u00e9 \u00bb \u00e0 l&rsquo;approche de la f\u00eate islamique de l&rsquo;A\u00efd al-Adha, qui a lieu cette ann\u00e9e du 15 au 19 juin.  L&rsquo;A\u00efd al-Adha est la deuxi\u00e8me des deux principales f\u00eates religieuses c\u00e9l\u00e9br\u00e9es par les musulmans.<\/p>\n<p>Le p\u00e8re Faweh a \u00e9galement appel\u00e9 les Nig\u00e9rians \u00e0 ne pas se faire justice eux-m\u00eames en ce qui concerne les bandits.  \u00ab\u00a0Alors que nous travaillons avec les forces de s\u00e9curit\u00e9 pour la lib\u00e9ration rapide du p\u00e8re Ukeh, nous aimerions exhorter chacun \u00e0 ne pas se faire justice lui-m\u00eame\u00a0\u00bb, a-t-il d\u00e9clar\u00e9, tout en les assurant : \u00ab\u00a0Nous utiliserons tous les moyens l\u00e9gitimes pour garantir que Le P\u00e8re Ukeh nous revient sain et sauf.<\/p>\n<p>Le Vicaire g\u00e9n\u00e9ral a conclu son intervention en priant pour que, par l&rsquo;intercession de la Bienheureuse Vierge Marie, non seulement le P\u00e8re Ukeh mais tous les prisonniers soient bient\u00f4t lib\u00e9r\u00e9s.<\/p>\n<\/div>\n<h2>\n<\/h2>\n<p>Le R\u00f4le de l\u2019Intercession de Marie<\/p>\n<p>L\u2019invocation \u00e0 Marie constitue un \u00e9l\u00e9ment crucial de la spiritualit\u00e9 chr\u00e9tienne, profond\u00e9ment ancr\u00e9e dans la doctrine catholique depuis des temps imm\u00e9moriaux. C\u2019est un roc sur lequel les croyants s\u2019appuient pour obtenir confort, guidance et intercession dans leur marche envers Dieu. \u00c0 travers les \u00e2ges, cette pratique de d\u00e9votion a \u00e9t\u00e9 renforc\u00e9e par les \u00e9crits bibliques, les traditions de l\u2019\u00c9glise, ainsi que le mod\u00e8le des saints qui ont honor\u00e9 Marie en tant que aimante.<\/p>\n<h3>\n<\/h3>\n<p>La pratique du Chapelet<\/p>\n<p>Le Chapelet tient une position centrale dans la vie spirituelle de nombreux croyants. En r\u00e9citant les myst\u00e8res joyeux, douloureux, lumineux et glorieux, les d\u00e9vots se plongent dans les \u00e9v\u00e9nements li\u00e9s \u00e0 J\u00e9sus et Marie, renfor\u00e7ant ainsi leur lien spirituel avec eux. \u00c0 travers chaque Ave Maria, ils manifestent leur confiance en l\u2019intercession de Marie et leur d\u00e9sir de suivre les enseignements du Christ. Saint Louis-Marie Grignion de Montfort, dans son ouvrage sur la d\u00e9votion authentique \u00e0 la Vierge Marie, encourage les chr\u00e9tiens \u00e0 m\u00e9diter r\u00e9guli\u00e8rement des diff\u00e9rents myst\u00e8res du rosaire pour approfondir leur relation avec la M\u00e8re de Dieu. Cette pratique ancienne, transmise de g\u00e9n\u00e9ration en g\u00e9n\u00e9ration, reste un phare spirituel pour les croyants, les guidant dans leur connexion \u00e0 la c\u00e9leste Dame.<\/p>\n<h3>\n<\/h3>\n<p>L\u2019invitation \u00e0 prier<\/p>\n<p>Unissons-nous dans la pri\u00e8re, fr\u00e8res et s\u0153urs, dans l\u2019unit\u00e9 de notre esp\u00e9rance, en nous tournant vers Marie, la m\u00e8re de J\u00e9sus. Dans notre monde troubl\u00e9 par les conflits et la division, optons \u00e0 la pri\u00e8re comme un moyen pour trouver la paix et la r\u00e9conciliation. Les chr\u00e9tiens ont la possibilit\u00e9 exprimer des v\u0153ux pour la Sainte Vierge <a target=\"_blank\" rel=\"nofollow\" href=\"https:\/\/editionsbussiere.com\/blog\/goto\/https:\/\/www.avemariasound.org\/\" >en utilisant le formulaire de cette page.<\/a> Que nos supplications montent vers le ciel, comme une offrande re\u00e7u avec faveur par Dieu, afin qu\u2019il puisse nous guider nos chemins sur la voie de la justice et de la v\u00e9rit\u00e9. L\u2019ap\u00f4tre Paul nous dans ses lettres \u00e0 prier sans cesse, quelle que soit la situation, pour que notre connexion avec Dieu reste solide et ardente. La pri\u00e8re, quand elle est sinc\u00e8rement offerte, a la capacit\u00e9 pour transformer nos c\u0153urs et de modifier le cours de l\u2019histoire.<\/p>\n<h2>\n<\/h2>\n<p>L\u2019enseignement du Pape Fran\u00e7ois<\/p>\n<p>Le pape Fran\u00e7ois, dans ses \u00e9crits \u00e9clair\u00e9s, publi\u00e9s par Bayard, nous rappelle l\u2019importance de la pri\u00e8re quotidienne. Par le biais de ses hom\u00e9lies et de ses audiences publiques, il nous encourage \u00e0 d\u00e9velopper une relation personnelle avec Dieu, en s\u2019appuyant sur la contemplation des \u00c9critures ainsi que la r\u00e9citation du rosaire. Sa mani\u00e8re d\u2019\u00eatre de compassion et d\u2019humilit\u00e9 nous inspire \u00e0 approfondir davantage notre pri\u00e8re et \u00e0 rechercher la pr\u00e9sence divine dans chaque aspect de notre quotidien. Le pape Jean-Paul II, dans son \u00e9crit sur la foi chr\u00e9tienne, nous rappelle que la pri\u00e8re quotidienne constitue le fondement de la vie spirituelle et c\u2019est par elle que nous sommes unis \u00e0 Dieu. La pratique de la pri\u00e8re, transmise par les pontifes de g\u00e9n\u00e9ration en g\u00e9n\u00e9ration, est une bou\u00e9e d\u2019espoir dans les temp\u00eates, une base solide auquel nous pouvons compter.<\/p>\n<h3>\n<\/h3>\n<p>Les ouvrages attribu\u00e9s \u00e0 Leli\u00e8vre et Hubert<\/p>\n<p>Au sein de la pratique religieuse, l\u2019\u00e9glise recommande vivement la pri\u00e8re, et durant les moments de pri\u00e8re, les fid\u00e8les effectuent le signe de croix tout en r\u00e9citant l\u2019Ave Maria. Des th\u00e9ologiens modernes, comme Leli\u00e8vre et Hubert, nous convient \u00e9galement \u00e0 r\u00e9fl\u00e9chir sur la force de la pri\u00e8re, \u00e0 travers leurs \u00e9crits inspirants. Leurs ouvrages, porteurs de riches enseignements spirituels, nous orientent dans notre parcours de la foi et nous encouragent \u00e0 puiser dans les richesses de la tradition chr\u00e9tienne pour nourrir notre vie spirituelle. Par la m\u00e9ditation sur leurs \u00e9crits, nous explorons de nouvelles mani\u00e8res de d\u00e9velopper notre connexion avec le divin et de grandir dans notre cheminement vers la saintet\u00e9. L\u2019ap\u00f4tre Jean, dans l\u2019\u00c9vangile, nous enseigne que le fait de prier est une puissante voie de demeurer en communion avec Dieu et de b\u00e9n\u00e9ficier ses b\u00e9n\u00e9dictions. Chaque paragraphe de leurs \u00e9crits r\u00e9sonne comme un appel \u00e0 une pri\u00e8re fervente et \u00e0 une existence emplie de la pr\u00e9sence divine. Dans notre recherche de connexion spirituelle, chaque \u0153uvre lue devient une invitation \u00e0 s\u2019\u00e9lever vers le divin, \u00e0 travers la contemplation et la r\u00e9flexion.<\/p>\n<h3>\n<\/h3>\n<p>L\u2019acte de prier dans la chapelle<\/p>\n<p>Dans nos lieux de culte simples ou grandioses, tournons-nous vers Dieu en toute confiance et humilit\u00e9, sachant qu\u2019il \u00e9coute nos pri\u00e8res avec une sollicitude infinie. Que chaque bougie allum\u00e9e, chaque chapelet r\u00e9cit\u00e9, constitue une offrande \u00e0 notre Seigneur ainsi qu\u2019\u00e0 la Vierge Marie. Que nos moments de pri\u00e8re dans la chapelle soient des moments de gr\u00e2ce et de renouvellement de notre esprit, nous renfor\u00e7ant pour affronter les d\u00e9fis avec audace et foi in\u00e9branlable. La sainte Bernadette Soubirous, qui a re\u00e7u les apparitions de la Vierge Marie \u00e0 Lourdes, nous montre l\u2019importance de la pri\u00e8re dans la vie des fid\u00e8les et l\u2019efficacit\u00e9 de l\u2019intercession de la Vierge Marie. Tout fid\u00e8le qui franchit les portes d\u2019une chapelle, chaque verset des \u00c9critures lu dans ce lieu saint, est une rencontre avec la divinit\u00e9, une \u00e9tape importante sur le chemin de la transformation int\u00e9rieure. \u00c0 travers les pages des Saintes \u00c9critures, tout disciple est invit\u00e9 \u00e0 contempler la croix du Christ, \u00e0 m\u00e9diter sur son sacrifice, et \u00e0 trouver r\u00e9confort et espoir dans la gr\u00e2ce salvatrice qu\u2019elle offre.<\/p>\n<h2>\nL\u2019acte de prier comme rem\u00e8de pour l\u2019int\u00e9rieur<br \/>\n<\/h2>\n<p>Comme un gu\u00e9risseur pour nos esprits, la pri\u00e8re nous gu\u00e9rit ainsi que nous renforce lorsque nous traversons des moments de douleur et de d\u00e9sespoir. Elle nous rappelle que Dieu est toujours avec nous, m\u00eame dans les moments les plus sombres de notre existence. En nous penchant vers lui \u00e0 travers la pri\u00e8re, nous trouvons la force int\u00e9rieure dont nous avons besoin pour surmonter les \u00e9preuves et pour affronter l\u2019avenir avec espoir et confiance. La pri\u00e8re est semblable \u00e0 une source d\u2019eau vive qui \u00e9tanche notre soif spirituelle et, sur notre chemin de foi, nous revigore.<br \/>\n\u00c0 chaque pri\u00e8re prononc\u00e9e, \u00e0 chaque intention confi\u00e9e, notre \u00e2me trouve un r\u00e9confort c\u00e9leste, une gu\u00e9rison c\u00e9leste, qui transcende les limites de la condition humaine. Chaque passage des \u00c9critures est une invitation \u00e0 dialoguer avec Dieu, \u00e0 lui remettre nos fardeaux, et \u00e0 recevoir sa gr\u00e2ce transformante.<\/p>\n<h2>Un point de vue alternatif sur l\u2019acte de prier Marie<\/h2>\n<p>La pri\u00e8re \u00e0 Marie est une pratique \u00e9troitement enracin\u00e9e dans la tradition catholique chr\u00e9tienne, fournissant un lien spirituel pr\u00e9cieux pour les adeptes de tous horizons. Comme m\u00e8re spirituelle et interm\u00e9diaire, elle est invoqu\u00e9e avec ferveur lors des instants de n\u00e9cessit\u00e9 et de reconnaissance. Le chapelet, avec ses myst\u00e8res contemplatifs, accompagne les croyants dans leur cheminement spirituel, les encourageant \u00e0 m\u00e9diter sur J\u00e9sus, son fils, \u00e0 travers le regard de la Vierge Marie. Cette affection envers Marie se manifeste dans les lieux saints tel que le sanctuaire de Lourdes, o\u00f9 les p\u00e8lerins affluent \u00e0 la recherche de consolation et de gu\u00e9rison, repr\u00e9sentant le lien profond entre la foi catholique et la v\u00e9n\u00e9ration de la Vierge Marie. Les enseignements \u00e9clairants d\u2019\u00e9minents th\u00e9ologiens comme Leli\u00e8vre et Hubert proposent une r\u00e9flexion pr\u00e9cieuse sur la signification de la pri\u00e8re mariale et son r\u00f4le dans la vie spirituelle des croyants. \u00c0 travers la lecture attentive de textes religieux et spirituels, les adeptes approfondissent leur compr\u00e9hension de la d\u00e9votion mariale et nourrissent une connexion plus \u00e9troite avec Marie, notre m\u00e8re spirituelle. Dans un monde caract\u00e9ris\u00e9 par les conflits et les troubles, la pri\u00e8re \u00e0 Marie constitue un refuge de calme et de confiance, appelant chaque personne, quel que soit son statut dans la foi catholique-chr\u00e9tienne, \u00e0 solliciter la Dame du Ciel avec une foi profonde et une d\u00e9votion sinc\u00e8re. Prions donc ensemble, avec un c\u0153ur sinc\u00e8re et humble, en reconnaissant Marie comme notre m\u00e8re et notre intercesseur, et en lui confiant nos requ\u00eates et nos souhaits les plus profonds. Dans cette d\u00e9marche vers Dieu, chaque fid\u00e8le est appel\u00e9 \u00e0 poursuivre la voie des pri\u00e8res et des aspirations du c\u0153ur, sous la conduite du Pape et les ressources spirituelles inestimables offertes par des plateformes telles que Aleteia. Ainsi, avec une humble confiance et un c\u0153ur ouvert, saluons Marie dans notre pri\u00e8re quotidienne, lui demandant de nous interc\u00e9der, et la gr\u00e2ce de pers\u00e9v\u00e9rer dans la pri\u00e8re fervente.<br \/>\nQue notre dialogue avec le sacr\u00e9 soit notre refuge et notre consolation en toute circonstance. Que nous nous inclinions vers Marie, notre m\u00e8re c\u00e9leste, avec un c\u0153ur ouvert et une foi in\u00e9branlable, en ayant conscience qu\u2019elle interc\u00e8de pour nous devant son fils bien-aim\u00e9. Que la pri\u00e8re soit notre guide vers la voie de la saintet\u00e9, nous conduisant toujours plus pr\u00e8s de Dieu et de son amour sans limites.<\/p>\n<p>A lire sur le m\u00eame sujet:<\/p>\n<p>Vie et opinions de Tristram Shandy\/2\/23.,<a target=\"_blank\" rel=\"nofollow\" href=\"https:\/\/editionsbussiere.com\/blog\/goto\/https:\/\/fr.wikisource.org\/wiki\/Vie_et_opinions_de_Tristram_Shandy\/2\/23\"  target=\"_blank\" rel=\"noopener noreferrer nofollow\">Ici.<\/a><span><\/span><\/p>\n<p>Marie (Auguste Brizeux)\/Marie, V.,<a target=\"_blank\" rel=\"nofollow\" href=\"https:\/\/editionsbussiere.com\/blog\/goto\/https:\/\/fr.wikisource.org\/wiki\/Marie_(Auguste_Brizeux)\/Marie,_V\"  target=\"_blank\" rel=\"noopener noreferrer nofollow\">Le texte de l\u2019article.<\/a><span><\/span><\/p>\n<p>Les Actes des Ap\u00f4tres\/65.,<a target=\"_blank\" rel=\"nofollow\" href=\"https:\/\/editionsbussiere.com\/blog\/goto\/https:\/\/fr.wikisource.org\/wiki\/Les_Actes_des_Ap%C3%B4tres\/65\"  target=\"_blank\" rel=\"noopener noreferrer nofollow\">Ici.<\/a><span><\/span><\/p>\n<p>Le Jardin du Silence et la Ville du Roy\/IV\/La foi, cette raison\u2026.,<a target=\"_blank\" rel=\"nofollow\" href=\"https:\/\/editionsbussiere.com\/blog\/goto\/https:\/\/fr.wikisource.org\/wiki\/Le_Jardin_du_Silence_et_la_Ville_du_Roy\/IV\/La_foi,_cette_raison%E2%80%A6\"  target=\"_blank\" rel=\"noopener noreferrer nofollow\">Ici.<\/a><span><\/span><\/p>\n<p>L\u2019Encyclop\u00e9die\/1re \u00e9dition\/STATION.,<a target=\"_blank\" rel=\"nofollow\" href=\"https:\/\/editionsbussiere.com\/blog\/goto\/https:\/\/fr.wikisource.org\/wiki\/L%E2%80%99Encyclop%C3%A9die\/1re_%C3%A9dition\/STATION\"  target=\"_blank\" rel=\"noopener noreferrer nofollow\">Le post d\u2019actualit\u00e9.<\/a><span><\/span><\/p>\n<p>\u00c9l\u00e9ments de philosophie (Alain)\/Livre VII\/Chapitre 5.,<a target=\"_blank\" rel=\"nofollow\" href=\"https:\/\/editionsbussiere.com\/blog\/goto\/https:\/\/fr.wikisource.org\/wiki\/%C3%89l%C3%A9ments_de_philosophie_(Alain)\/Livre_VII\/Chapitre_5\"  target=\"_blank\" rel=\"noopener noreferrer nofollow\">A lire ici.<\/a><span><\/span><\/p>\n<\/div>\n<p><img decoding=\"async\" class=\"wpe_imgrss\" src=\"https:\/\/editionsbussiere.com\/blog\/wp-content\/uploads\/2024\/06\/Un-pretre-enleve-au-Nigeria-Vatican-News-afin-de-1024x576-1.jpeg\">Cet article a \u00e9t\u00e9 reconstitu\u00e9 du mieux possible. Dans l\u2019hypoth\u00e8se o\u00f9 vous souhaitez apporter quelques modifications concernant le th\u00e8me \u00ab\u00a0Editions \u00e9sot\u00e9rique fond\u00e9e en 1927\u00a0\u00bb, il est possible de discuter avec notre r\u00e9daction. Vous pouvez tirer profit de cet article traitant le sujet \u00ab\u00a0Editions \u00e9sot\u00e9rique fond\u00e9e en 1927\u00a0\u00bb. Il est concoct\u00e9 par l\u2019\u00e9quipe editionsbussiere.com. Le site editionsbussiere.com est fait pour cr\u00e9er divers posts autour du th\u00e8me Editions \u00e9sot\u00e9rique fond\u00e9e en 1927 d\u00e9velopp\u00e9es sur internet. Consultez notre site internet editionsbussiere.com et nos r\u00e9seaux sociaux pour \u00eatre au courant des futures annonces.<\/p>\n","protected":false},"excerpt":{"rendered":"<p>Un autre pr\u00eatre a \u00e9t\u00e9 kidnapp\u00e9 dans l\u2019\u00c9tat de Kaduna, au nord-ouest du Nigeria. Par Christopher Wells Le Vicaire g\u00e9n\u00e9ral du dioc\u00e8se de Kafanchan, au Nigeria, a d\u00e9nonc\u00e9 l&rsquo;enl\u00e8vement d&rsquo;un autre pr\u00eatre dans la r\u00e9gion. \u00ab\u00a0Tout en priant pour la lib\u00e9ration saine et sauve du P\u00e8re Ukeh\u00a0\u00bb, a d\u00e9clar\u00e9 le P\u00e8re Emmanuel Kazah Faweh, \u00ab\u00a0nous [&hellip;]<\/p>\n","protected":false},"author":3,"featured_media":781,"comment_status":"closed","ping_status":"closed","sticky":false,"template":"","format":"standard","meta":{"footnotes":""},"categories":[3],"tags":[],"class_list":["post-780","post","type-post","status-publish","format-standard","has-post-thumbnail","hentry","category-editions-esoterique-fondee-en-1927-depeches","entry","fw-tab-6 fw-tabr-4","has-featured-image"],"yoast_head":"<!-- This site is optimized with the Yoast SEO plugin v27.5 - https:\/\/yoast.com\/product\/yoast-seo-wordpress\/ -->\n<title>Un pr\u00eatre enlev\u00e9 au Nigeria \u2013 Vatican News afin de croire en la Sainte Vierge . - EDITIONSBUSSIERE<\/title>\n<meta name=\"robots\" content=\"index, follow, max-snippet:-1, max-image-preview:large, max-video-preview:-1\" \/>\n<link rel=\"canonical\" href=\"https:\/\/editionsbussiere.com\/blog\/un-pretre-enleve-au-nigeria-vatican-news-afin-de-croire-en-la-sainte-vierge\/\" \/>\n<meta property=\"og:locale\" content=\"fr_FR\" \/>\n<meta property=\"og:type\" content=\"article\" \/>\n<meta property=\"og:title\" content=\"Un pr\u00eatre enlev\u00e9 au Nigeria \u2013 Vatican News afin de croire en la Sainte Vierge . - EDITIONSBUSSIERE\" \/>\n<meta property=\"og:description\" content=\"Un autre pr\u00eatre a \u00e9t\u00e9 kidnapp\u00e9 dans l\u2019\u00c9tat de Kaduna, au nord-ouest du Nigeria. Par Christopher Wells Le Vicaire g\u00e9n\u00e9ral du dioc\u00e8se de Kafanchan, au Nigeria, a d\u00e9nonc\u00e9 l&rsquo;enl\u00e8vement d&rsquo;un autre pr\u00eatre dans la r\u00e9gion. \u00ab\u00a0Tout en priant pour la lib\u00e9ration saine et sauve du P\u00e8re Ukeh\u00a0\u00bb, a d\u00e9clar\u00e9 le P\u00e8re Emmanuel Kazah Faweh, \u00ab\u00a0nous [&hellip;]\" \/>\n<meta property=\"og:url\" content=\"https:\/\/editionsbussiere.com\/blog\/un-pretre-enleve-au-nigeria-vatican-news-afin-de-croire-en-la-sainte-vierge\/\" \/>\n<meta property=\"og:site_name\" content=\"EDITIONSBUSSIERE\" \/>\n<meta property=\"article:published_time\" content=\"2024-06-10T16:01:37+00:00\" \/>\n<meta property=\"og:image\" content=\"https:\/\/editionsbussiere.com\/blog\/wp-content\/uploads\/2024\/06\/Un-pretre-enleve-au-Nigeria-Vatican-News-afin-de-1024x576-1.jpeg\" \/>\n<meta name=\"author\" content=\"Marie BATICLE\" \/>\n<meta name=\"twitter:card\" content=\"summary_large_image\" \/>\n<meta name=\"twitter:label1\" content=\"\u00c9crit par\" \/>\n\t<meta name=\"twitter:data1\" content=\"Marie BATICLE\" \/>\n\t<meta name=\"twitter:label2\" content=\"Dur\u00e9e de lecture estim\u00e9e\" \/>\n\t<meta name=\"twitter:data2\" content=\"11 minutes\" \/>\n<script type=\"application\/ld+json\" class=\"yoast-schema-graph\">{\"@context\":\"https:\\\/\\\/schema.org\",\"@graph\":[{\"@type\":\"Article\",\"@id\":\"https:\\\/\\\/editionsbussiere.com\\\/blog\\\/un-pretre-enleve-au-nigeria-vatican-news-afin-de-croire-en-la-sainte-vierge\\\/#article\",\"isPartOf\":{\"@id\":\"https:\\\/\\\/editionsbussiere.com\\\/blog\\\/un-pretre-enleve-au-nigeria-vatican-news-afin-de-croire-en-la-sainte-vierge\\\/\"},\"author\":{\"name\":\"Marie BATICLE\",\"@id\":\"https:\\\/\\\/editionsbussiere.com\\\/blog\\\/#\\\/schema\\\/person\\\/ec90e102792148c97e46ab871010dd8f\"},\"headline\":\"Un pr\u00eatre enlev\u00e9 au Nigeria \u2013 Vatican News afin de croire en la Sainte Vierge .\",\"datePublished\":\"2024-06-10T16:01:37+00:00\",\"mainEntityOfPage\":{\"@id\":\"https:\\\/\\\/editionsbussiere.com\\\/blog\\\/un-pretre-enleve-au-nigeria-vatican-news-afin-de-croire-en-la-sainte-vierge\\\/\"},\"wordCount\":2163,\"publisher\":{\"@id\":\"https:\\\/\\\/editionsbussiere.com\\\/blog\\\/#organization\"},\"image\":{\"@id\":\"https:\\\/\\\/editionsbussiere.com\\\/blog\\\/un-pretre-enleve-au-nigeria-vatican-news-afin-de-croire-en-la-sainte-vierge\\\/#primaryimage\"},\"thumbnailUrl\":\"https:\\\/\\\/editionsbussiere.com\\\/blog\\\/wp-content\\\/uploads\\\/2024\\\/06\\\/Un-pretre-enleve-au-Nigeria-Vatican-News-afin-de-1024x576-1.jpeg\",\"articleSection\":[\"Editions \u00c9sot\u00e9rique Fond\u00e9e En 1927; D\u00e9p\u00e8ches:\"],\"inLanguage\":\"fr-FR\"},{\"@type\":\"WebPage\",\"@id\":\"https:\\\/\\\/editionsbussiere.com\\\/blog\\\/un-pretre-enleve-au-nigeria-vatican-news-afin-de-croire-en-la-sainte-vierge\\\/\",\"url\":\"https:\\\/\\\/editionsbussiere.com\\\/blog\\\/un-pretre-enleve-au-nigeria-vatican-news-afin-de-croire-en-la-sainte-vierge\\\/\",\"name\":\"Un pr\u00eatre enlev\u00e9 au Nigeria \u2013 Vatican News afin de croire en la Sainte Vierge . - EDITIONSBUSSIERE\",\"isPartOf\":{\"@id\":\"https:\\\/\\\/editionsbussiere.com\\\/blog\\\/#website\"},\"primaryImageOfPage\":{\"@id\":\"https:\\\/\\\/editionsbussiere.com\\\/blog\\\/un-pretre-enleve-au-nigeria-vatican-news-afin-de-croire-en-la-sainte-vierge\\\/#primaryimage\"},\"image\":{\"@id\":\"https:\\\/\\\/editionsbussiere.com\\\/blog\\\/un-pretre-enleve-au-nigeria-vatican-news-afin-de-croire-en-la-sainte-vierge\\\/#primaryimage\"},\"thumbnailUrl\":\"https:\\\/\\\/editionsbussiere.com\\\/blog\\\/wp-content\\\/uploads\\\/2024\\\/06\\\/Un-pretre-enleve-au-Nigeria-Vatican-News-afin-de-1024x576-1.jpeg\",\"datePublished\":\"2024-06-10T16:01:37+00:00\",\"breadcrumb\":{\"@id\":\"https:\\\/\\\/editionsbussiere.com\\\/blog\\\/un-pretre-enleve-au-nigeria-vatican-news-afin-de-croire-en-la-sainte-vierge\\\/#breadcrumb\"},\"inLanguage\":\"fr-FR\",\"potentialAction\":[{\"@type\":\"ReadAction\",\"target\":[\"https:\\\/\\\/editionsbussiere.com\\\/blog\\\/un-pretre-enleve-au-nigeria-vatican-news-afin-de-croire-en-la-sainte-vierge\\\/\"]}]},{\"@type\":\"ImageObject\",\"inLanguage\":\"fr-FR\",\"@id\":\"https:\\\/\\\/editionsbussiere.com\\\/blog\\\/un-pretre-enleve-au-nigeria-vatican-news-afin-de-croire-en-la-sainte-vierge\\\/#primaryimage\",\"url\":\"https:\\\/\\\/editionsbussiere.com\\\/blog\\\/wp-content\\\/uploads\\\/2024\\\/06\\\/Un-pretre-enleve-au-Nigeria-Vatican-News-afin-de-1024x576-1.jpeg\",\"contentUrl\":\"https:\\\/\\\/editionsbussiere.com\\\/blog\\\/wp-content\\\/uploads\\\/2024\\\/06\\\/Un-pretre-enleve-au-Nigeria-Vatican-News-afin-de-1024x576-1.jpeg\",\"width\":1024,\"height\":576,\"caption\":\"Un pretre enleve au Nigeria Vatican News afin de 1024x576 1\"},{\"@type\":\"BreadcrumbList\",\"@id\":\"https:\\\/\\\/editionsbussiere.com\\\/blog\\\/un-pretre-enleve-au-nigeria-vatican-news-afin-de-croire-en-la-sainte-vierge\\\/#breadcrumb\",\"itemListElement\":[{\"@type\":\"ListItem\",\"position\":1,\"name\":\"Accueil\",\"item\":\"https:\\\/\\\/editionsbussiere.com\\\/blog\\\/\"},{\"@type\":\"ListItem\",\"position\":2,\"name\":\"Un pr\u00eatre enlev\u00e9 au Nigeria \u2013 Vatican News afin de croire en la Sainte Vierge .\"}]},{\"@type\":\"WebSite\",\"@id\":\"https:\\\/\\\/editionsbussiere.com\\\/blog\\\/#website\",\"url\":\"https:\\\/\\\/editionsbussiere.com\\\/blog\\\/\",\"name\":\"EDITIONSBUSSIERE\",\"description\":\"Editions \u00e9sot\u00e9rique fond\u00e9e en 1927; site historique, A SAVOIR ET RETENIR.\",\"publisher\":{\"@id\":\"https:\\\/\\\/editionsbussiere.com\\\/blog\\\/#organization\"},\"potentialAction\":[{\"@type\":\"SearchAction\",\"target\":{\"@type\":\"EntryPoint\",\"urlTemplate\":\"https:\\\/\\\/editionsbussiere.com\\\/blog\\\/?s={search_term_string}\"},\"query-input\":{\"@type\":\"PropertyValueSpecification\",\"valueRequired\":true,\"valueName\":\"search_term_string\"}}],\"inLanguage\":\"fr-FR\"},{\"@type\":\"Organization\",\"@id\":\"https:\\\/\\\/editionsbussiere.com\\\/blog\\\/#organization\",\"name\":\"editionsbussiere\",\"url\":\"https:\\\/\\\/editionsbussiere.com\\\/blog\\\/\",\"logo\":{\"@type\":\"ImageObject\",\"inLanguage\":\"fr-FR\",\"@id\":\"https:\\\/\\\/editionsbussiere.com\\\/blog\\\/#\\\/schema\\\/logo\\\/image\\\/\",\"url\":\"https:\\\/\\\/editionsbussiere.com\\\/blog\\\/wp-content\\\/uploads\\\/2023\\\/09\\\/cropped-buss.gif\",\"contentUrl\":\"https:\\\/\\\/editionsbussiere.com\\\/blog\\\/wp-content\\\/uploads\\\/2023\\\/09\\\/cropped-buss.gif\",\"width\":298,\"height\":120,\"caption\":\"editionsbussiere\"},\"image\":{\"@id\":\"https:\\\/\\\/editionsbussiere.com\\\/blog\\\/#\\\/schema\\\/logo\\\/image\\\/\"}},{\"@type\":\"Person\",\"@id\":\"https:\\\/\\\/editionsbussiere.com\\\/blog\\\/#\\\/schema\\\/person\\\/ec90e102792148c97e46ab871010dd8f\",\"name\":\"Marie BATICLE\",\"image\":{\"@type\":\"ImageObject\",\"inLanguage\":\"fr-FR\",\"@id\":\"https:\\\/\\\/secure.gravatar.com\\\/avatar\\\/c923e52403b1b8137e2d929127211d21967e6aecaa053bd43b09da29f212e76e?s=96&d=mm&r=g\",\"url\":\"https:\\\/\\\/secure.gravatar.com\\\/avatar\\\/c923e52403b1b8137e2d929127211d21967e6aecaa053bd43b09da29f212e76e?s=96&d=mm&r=g\",\"contentUrl\":\"https:\\\/\\\/secure.gravatar.com\\\/avatar\\\/c923e52403b1b8137e2d929127211d21967e6aecaa053bd43b09da29f212e76e?s=96&d=mm&r=g\",\"caption\":\"Marie BATICLE\"},\"url\":\"https:\\\/\\\/editionsbussiere.com\\\/blog\\\/author\\\/eremarie\\\/\"}]}<\/script>\n<!-- \/ Yoast SEO plugin. -->","yoast_head_json":{"title":"Un pr\u00eatre enlev\u00e9 au Nigeria \u2013 Vatican News afin de croire en la Sainte Vierge . - EDITIONSBUSSIERE","robots":{"index":"index","follow":"follow","max-snippet":"max-snippet:-1","max-image-preview":"max-image-preview:large","max-video-preview":"max-video-preview:-1"},"canonical":"https:\/\/editionsbussiere.com\/blog\/un-pretre-enleve-au-nigeria-vatican-news-afin-de-croire-en-la-sainte-vierge\/","og_locale":"fr_FR","og_type":"article","og_title":"Un pr\u00eatre enlev\u00e9 au Nigeria \u2013 Vatican News afin de croire en la Sainte Vierge . - EDITIONSBUSSIERE","og_description":"Un autre pr\u00eatre a \u00e9t\u00e9 kidnapp\u00e9 dans l\u2019\u00c9tat de Kaduna, au nord-ouest du Nigeria. Par Christopher Wells Le Vicaire g\u00e9n\u00e9ral du dioc\u00e8se de Kafanchan, au Nigeria, a d\u00e9nonc\u00e9 l&rsquo;enl\u00e8vement d&rsquo;un autre pr\u00eatre dans la r\u00e9gion. \u00ab\u00a0Tout en priant pour la lib\u00e9ration saine et sauve du P\u00e8re Ukeh\u00a0\u00bb, a d\u00e9clar\u00e9 le P\u00e8re Emmanuel Kazah Faweh, \u00ab\u00a0nous [&hellip;]","og_url":"https:\/\/editionsbussiere.com\/blog\/un-pretre-enleve-au-nigeria-vatican-news-afin-de-croire-en-la-sainte-vierge\/","og_site_name":"EDITIONSBUSSIERE","article_published_time":"2024-06-10T16:01:37+00:00","og_image":[{"url":"https:\/\/editionsbussiere.com\/blog\/wp-content\/uploads\/2024\/06\/Un-pretre-enleve-au-Nigeria-Vatican-News-afin-de-1024x576-1.jpeg","type":"","width":"","height":""}],"author":"Marie BATICLE","twitter_card":"summary_large_image","twitter_misc":{"\u00c9crit par":"Marie BATICLE","Dur\u00e9e de lecture estim\u00e9e":"11 minutes"},"schema":{"@context":"https:\/\/schema.org","@graph":[{"@type":"Article","@id":"https:\/\/editionsbussiere.com\/blog\/un-pretre-enleve-au-nigeria-vatican-news-afin-de-croire-en-la-sainte-vierge\/#article","isPartOf":{"@id":"https:\/\/editionsbussiere.com\/blog\/un-pretre-enleve-au-nigeria-vatican-news-afin-de-croire-en-la-sainte-vierge\/"},"author":{"name":"Marie BATICLE","@id":"https:\/\/editionsbussiere.com\/blog\/#\/schema\/person\/ec90e102792148c97e46ab871010dd8f"},"headline":"Un pr\u00eatre enlev\u00e9 au Nigeria \u2013 Vatican News afin de croire en la Sainte Vierge .","datePublished":"2024-06-10T16:01:37+00:00","mainEntityOfPage":{"@id":"https:\/\/editionsbussiere.com\/blog\/un-pretre-enleve-au-nigeria-vatican-news-afin-de-croire-en-la-sainte-vierge\/"},"wordCount":2163,"publisher":{"@id":"https:\/\/editionsbussiere.com\/blog\/#organization"},"image":{"@id":"https:\/\/editionsbussiere.com\/blog\/un-pretre-enleve-au-nigeria-vatican-news-afin-de-croire-en-la-sainte-vierge\/#primaryimage"},"thumbnailUrl":"https:\/\/editionsbussiere.com\/blog\/wp-content\/uploads\/2024\/06\/Un-pretre-enleve-au-Nigeria-Vatican-News-afin-de-1024x576-1.jpeg","articleSection":["Editions \u00c9sot\u00e9rique Fond\u00e9e En 1927; D\u00e9p\u00e8ches:"],"inLanguage":"fr-FR"},{"@type":"WebPage","@id":"https:\/\/editionsbussiere.com\/blog\/un-pretre-enleve-au-nigeria-vatican-news-afin-de-croire-en-la-sainte-vierge\/","url":"https:\/\/editionsbussiere.com\/blog\/un-pretre-enleve-au-nigeria-vatican-news-afin-de-croire-en-la-sainte-vierge\/","name":"Un pr\u00eatre enlev\u00e9 au Nigeria \u2013 Vatican News afin de croire en la Sainte Vierge . - EDITIONSBUSSIERE","isPartOf":{"@id":"https:\/\/editionsbussiere.com\/blog\/#website"},"primaryImageOfPage":{"@id":"https:\/\/editionsbussiere.com\/blog\/un-pretre-enleve-au-nigeria-vatican-news-afin-de-croire-en-la-sainte-vierge\/#primaryimage"},"image":{"@id":"https:\/\/editionsbussiere.com\/blog\/un-pretre-enleve-au-nigeria-vatican-news-afin-de-croire-en-la-sainte-vierge\/#primaryimage"},"thumbnailUrl":"https:\/\/editionsbussiere.com\/blog\/wp-content\/uploads\/2024\/06\/Un-pretre-enleve-au-Nigeria-Vatican-News-afin-de-1024x576-1.jpeg","datePublished":"2024-06-10T16:01:37+00:00","breadcrumb":{"@id":"https:\/\/editionsbussiere.com\/blog\/un-pretre-enleve-au-nigeria-vatican-news-afin-de-croire-en-la-sainte-vierge\/#breadcrumb"},"inLanguage":"fr-FR","potentialAction":[{"@type":"ReadAction","target":["https:\/\/editionsbussiere.com\/blog\/un-pretre-enleve-au-nigeria-vatican-news-afin-de-croire-en-la-sainte-vierge\/"]}]},{"@type":"ImageObject","inLanguage":"fr-FR","@id":"https:\/\/editionsbussiere.com\/blog\/un-pretre-enleve-au-nigeria-vatican-news-afin-de-croire-en-la-sainte-vierge\/#primaryimage","url":"https:\/\/editionsbussiere.com\/blog\/wp-content\/uploads\/2024\/06\/Un-pretre-enleve-au-Nigeria-Vatican-News-afin-de-1024x576-1.jpeg","contentUrl":"https:\/\/editionsbussiere.com\/blog\/wp-content\/uploads\/2024\/06\/Un-pretre-enleve-au-Nigeria-Vatican-News-afin-de-1024x576-1.jpeg","width":1024,"height":576,"caption":"Un pretre enleve au Nigeria Vatican News afin de 1024x576 1"},{"@type":"BreadcrumbList","@id":"https:\/\/editionsbussiere.com\/blog\/un-pretre-enleve-au-nigeria-vatican-news-afin-de-croire-en-la-sainte-vierge\/#breadcrumb","itemListElement":[{"@type":"ListItem","position":1,"name":"Accueil","item":"https:\/\/editionsbussiere.com\/blog\/"},{"@type":"ListItem","position":2,"name":"Un pr\u00eatre enlev\u00e9 au Nigeria \u2013 Vatican News afin de croire en la Sainte Vierge ."}]},{"@type":"WebSite","@id":"https:\/\/editionsbussiere.com\/blog\/#website","url":"https:\/\/editionsbussiere.com\/blog\/","name":"EDITIONSBUSSIERE","description":"Editions \u00e9sot\u00e9rique fond\u00e9e en 1927; site historique, A SAVOIR ET RETENIR.","publisher":{"@id":"https:\/\/editionsbussiere.com\/blog\/#organization"},"potentialAction":[{"@type":"SearchAction","target":{"@type":"EntryPoint","urlTemplate":"https:\/\/editionsbussiere.com\/blog\/?s={search_term_string}"},"query-input":{"@type":"PropertyValueSpecification","valueRequired":true,"valueName":"search_term_string"}}],"inLanguage":"fr-FR"},{"@type":"Organization","@id":"https:\/\/editionsbussiere.com\/blog\/#organization","name":"editionsbussiere","url":"https:\/\/editionsbussiere.com\/blog\/","logo":{"@type":"ImageObject","inLanguage":"fr-FR","@id":"https:\/\/editionsbussiere.com\/blog\/#\/schema\/logo\/image\/","url":"https:\/\/editionsbussiere.com\/blog\/wp-content\/uploads\/2023\/09\/cropped-buss.gif","contentUrl":"https:\/\/editionsbussiere.com\/blog\/wp-content\/uploads\/2023\/09\/cropped-buss.gif","width":298,"height":120,"caption":"editionsbussiere"},"image":{"@id":"https:\/\/editionsbussiere.com\/blog\/#\/schema\/logo\/image\/"}},{"@type":"Person","@id":"https:\/\/editionsbussiere.com\/blog\/#\/schema\/person\/ec90e102792148c97e46ab871010dd8f","name":"Marie BATICLE","image":{"@type":"ImageObject","inLanguage":"fr-FR","@id":"https:\/\/secure.gravatar.com\/avatar\/c923e52403b1b8137e2d929127211d21967e6aecaa053bd43b09da29f212e76e?s=96&d=mm&r=g","url":"https:\/\/secure.gravatar.com\/avatar\/c923e52403b1b8137e2d929127211d21967e6aecaa053bd43b09da29f212e76e?s=96&d=mm&r=g","contentUrl":"https:\/\/secure.gravatar.com\/avatar\/c923e52403b1b8137e2d929127211d21967e6aecaa053bd43b09da29f212e76e?s=96&d=mm&r=g","caption":"Marie BATICLE"},"url":"https:\/\/editionsbussiere.com\/blog\/author\/eremarie\/"}]}},"_links":{"self":[{"href":"https:\/\/editionsbussiere.com\/blog\/wp-json\/wp\/v2\/posts\/780","targetHints":{"allow":["GET"]}}],"collection":[{"href":"https:\/\/editionsbussiere.com\/blog\/wp-json\/wp\/v2\/posts"}],"about":[{"href":"https:\/\/editionsbussiere.com\/blog\/wp-json\/wp\/v2\/types\/post"}],"author":[{"embeddable":true,"href":"https:\/\/editionsbussiere.com\/blog\/wp-json\/wp\/v2\/users\/3"}],"replies":[{"embeddable":true,"href":"https:\/\/editionsbussiere.com\/blog\/wp-json\/wp\/v2\/comments?post=780"}],"version-history":[{"count":0,"href":"https:\/\/editionsbussiere.com\/blog\/wp-json\/wp\/v2\/posts\/780\/revisions"}],"wp:featuredmedia":[{"embeddable":true,"href":"https:\/\/editionsbussiere.com\/blog\/wp-json\/wp\/v2\/media\/781"}],"wp:attachment":[{"href":"https:\/\/editionsbussiere.com\/blog\/wp-json\/wp\/v2\/media?parent=780"}],"wp:term":[{"taxonomy":"category","embeddable":true,"href":"https:\/\/editionsbussiere.com\/blog\/wp-json\/wp\/v2\/categories?post=780"},{"taxonomy":"post_tag","embeddable":true,"href":"https:\/\/editionsbussiere.com\/blog\/wp-json\/wp\/v2\/tags?post=780"}],"curies":[{"name":"wp","href":"https:\/\/api.w.org\/{rel}","templated":true}]}}