{"id":751,"date":"2024-06-06T15:07:10","date_gmt":"2024-06-06T13:07:10","guid":{"rendered":"https:\/\/editionsbussiere.com\/blog\/marie-bossmin-avis-de-deces-il-se-devouer-a-la-vierge\/"},"modified":"2024-06-06T15:07:10","modified_gmt":"2024-06-06T13:07:10","slug":"marie-bossmin-avis-de-deces-il-se-devouer-a-la-vierge","status":"publish","type":"post","link":"https:\/\/editionsbussiere.com\/blog\/marie-bossmin-avis-de-deces-il-se-devouer-a-la-vierge\/","title":{"rendered":"Marie Bossmin avis de d\u00e9c\u00e8s \u2013 IL\n &amp; se d\u00e9vouer \u00e0 la Vierge ."},"content":{"rendered":"<div><img width=\"580\" height=\"304\" src=\"https:\/\/editionsbussiere.com\/blog\/wp-content\/uploads\/2024\/06\/Avis-de-deces-de-Steve-Krochta-IN-et-croire-2.jpeg\" class=\"attachment-large size-large wp-post-image\" alt=\"Avis de d\u00e9c\u00e8s de Steve Krochta - IN et croire\" style=\"float:left; margin:0 15px 15px 0;\" decoding=\"async\" loading=\"lazy\" srcset=\"https:\/\/editionsbussiere.com\/blog\/wp-content\/uploads\/2024\/06\/Avis-de-deces-de-Steve-Krochta-IN-et-croire-2.jpeg 600w, https:\/\/www.n42.fr\/wp-content\/uploads\/2024\/06\/Avis-de-deces-de-Steve-Krochta-IN-et-croire-300x157.jpeg 300w\" sizes=\"auto, (max-width: 580px) 100vw, 580px\"><\/p>\n<p>\n<\/p>\n<div>\n<p>Marie Bossmin, pr\u00e9c\u00e9d\u00e9e dans la mort par son mari, Edward T. Visite le mercredi 16h jusqu&rsquo;\u00e0 20h \u00e0 la Maison Fun\u00e9raire Blake-Lamb, 4727 W. 103rd St., Oak Lawn, avec un Pamanakhyda \u00e0 19h. La famille et les amis se retrouveront jeudi \u00e0 la Nativit\u00e9 de l&rsquo;\u00e9glise Blessed Virgin Mary, 131e rue et 86e avenue, Palos Park, Illinois, pour la messe \u00e0 10 heures. Inhumation au cimeti\u00e8re St. Mary.  Au lieu de fleurs, des dons \u00e0 l&rsquo;\u00e9glise de la Nativit\u00e9 de la Bienheureuse Vierge Marie seraient appr\u00e9ci\u00e9s.  Pour informations, 708-636-1193 .<\/p>\n<\/div>\n<h2>\n<\/h2>\n<p>L\u2019Importance de la D\u00e9votion Mariale<\/p>\n<p>L\u2019invocation \u00e0 Marie repr\u00e9sente un \u00e9l\u00e9ment crucial de la foi chr\u00e9tienne, solidement enracin\u00e9e dans les enseignements catholiques depuis des temps imm\u00e9moriaux. C\u2019est un roc sur lequel les croyants s\u2019reposent pour trouver confort, direction et intervention dans leur relation avec Dieu. \u00c0 travers les \u00e2ges, cette pi\u00e9t\u00e9 a gagn\u00e9 en force par les \u00e9crits bibliques, les traditions de l\u2019\u00c9glise, et les exemples des saints et saintes qui ont t\u00e9moign\u00e9 de leur respect \u00e0 Marie m\u00e8re spirituelle aimante.<\/p>\n<h3>\n<\/h3>\n<p>L\u2019application du Ave Maria<\/p>\n<p>Cette pri\u00e8re traditionnelle mariale tient une position centrale au sein de la spiritualit\u00e9 de un grand nombre de fid\u00e8les. En r\u00e9citant les myst\u00e8res joyeux, douloureux, lumineux et glorieux, les fid\u00e8les se plongent dans les \u00e9v\u00e9nements li\u00e9s \u00e0 J\u00e9sus et Marie, renfor\u00e7ant ainsi leur lien spirituel avec le divin. \u00c0 travers chaque Ave Maria, ils expriment leur confiance en l\u2019intercession de Marie ainsi que leur aspiration \u00e0 suivre les pas du Christ. Saint Louis-Marie Grignion de Montfort, dans son livre sur la vraie d\u00e9votion \u00e0 la Sainte Vierge, encourage les chr\u00e9tiens \u00e0 pratiquer r\u00e9guli\u00e8rement la m\u00e9ditation des diff\u00e9rents myst\u00e8res du rosaire pour approfondir leur relation avec la M\u00e8re de Dieu. Cette pratique ancienne, transmise de g\u00e9n\u00e9ration en g\u00e9n\u00e9ration, demeure un phare spirituel pour les croyants, les guidant dans leur connexion \u00e0 la c\u00e9leste Dame.<\/p>\n<h3>\n<\/h3>\n<p>L\u2019exhortation \u00e0 la pri\u00e8re<\/p>\n<p>Prions ensemble, en tant que fr\u00e8res et s\u0153urs, fr\u00e8res et s\u0153urs, dans l\u2019unit\u00e9 de notre foi, en nous tournant vers Marie, la m\u00e8re de notre Seigneur J\u00e9sus-Christ. Au sein de notre monde tourment\u00e9 par la guerre et la discorde, optons \u00e0 la pri\u00e8re comme un moyen de trouver la paix et la r\u00e9conciliation. Vous aussi vous pouvez exprimer une demande pour la m\u00e8re de dieu <a target=\"_blank\" rel=\"nofollow\" href=\"https:\/\/editionsbussiere.com\/blog\/goto\/https:\/\/www.avemariasound.org\/\" >ici.<\/a> Que nos supplications montent vers le ciel, comme une offrande agr\u00e9able \u00e0 Dieu, pour qu\u2019il puisse nous guider nos pas sur le chemin de la v\u00e9rit\u00e9 et de la justice. Saint Paul nous exhorte dans ses \u00e9p\u00eetres \u00e0 prier sans cesse, en toutes circonstances, afin que notre connexion \u00e0 Dieu soit solide et ardente. La pri\u00e8re, quand elle est sinc\u00e8rement offerte, a le pouvoir pour transformer les c\u0153urs et de modifier le cours de l\u2019histoire.<\/p>\n<h2>\n<\/h2>\n<p>L\u2019enseignement du Pape Fran\u00e7ois<\/p>\n<p>Le pape Fran\u00e7ois, dans ses \u00e9crits \u00e9clair\u00e9s, publi\u00e9s par Bayard, nous rappelle l\u2019importance de la pri\u00e8re journali\u00e8re. Par le biais de ses hom\u00e9lies et de ses audiences publiques, il nous incite \u00e0 d\u00e9velopper une relation personnelle avec le divin, en se fondant sur la m\u00e9ditation de la Parole biblique et la pratique du Rosaire. Sa conduite d\u2019humilit\u00e9 et de compassion nous motive \u00e0 approfondir encore nos pri\u00e8res et \u00e0 rechercher la pr\u00e9sence de Dieu dans tous les domaines de notre quotidien. Le pape Jean-Paul II, dans son \u00e9crit sur la foi chr\u00e9tienne, nous souligne que la pri\u00e8re quotidienne est la base de la vie spirituelle et par elle que nous nous unissons \u00e0 Dieu. La pri\u00e8re quotidienne, enseign\u00e9e par les pontifes successifs, est une bou\u00e9e d\u2019espoir dans les temp\u00eates, une base solide auquel les \u00e2mes peuvent s\u2019appuyer.<\/p>\n<h3>\n<\/h3>\n<p>Les \u00e9crits \u00e9crits par Leli\u00e8vre et Hubert<\/p>\n<p>Dans le contexte de la vie de foi, l\u2019\u00e9glise recommande vivement le recours \u00e0 la pri\u00e8re, et lors de la pri\u00e8re, les fid\u00e8les accomplissent le signe de croix tout en r\u00e9citant le Je vous salue Marie. Des intellectuels contemporains, tels que Leli\u00e8vre et Hubert, nous incitent aussi \u00e0 r\u00e9fl\u00e9chir sur la puissance de la pri\u00e8re, dans leurs ouvrages inspirants. Leurs publications, porteurs de riches enseignements spirituels, nous orientent dans notre parcours de la foi et nous invitent \u00e0 puiser dans les tr\u00e9sors de la tradition chr\u00e9tienne pour nourrir notre spiritualit\u00e9. Par la m\u00e9ditation sur leurs \u00e9crits, nous trouvons de nouvelles voies de d\u00e9velopper notre connexion avec le divin et de progresser dans la saintet\u00e9. L\u2019ap\u00f4tre Jean, dans l\u2019\u00c9vangile, nous enseigne que la pri\u00e8re est une puissante voie de demeurer en communion avec Dieu et de b\u00e9n\u00e9ficier de ses gr\u00e2ces. Chaque passage de leurs publications r\u00e9sonne comme une invitation \u00e0 une pri\u00e8re ardente et \u00e0 une existence impr\u00e9gn\u00e9e de la pr\u00e9sence divine. Dans notre qu\u00eate de spiritualit\u00e9, chaque lecture devient un appel \u00e0 s\u2019\u00e9lever vers le sacr\u00e9, \u00e0 travers la contemplation et la r\u00e9flexion.<\/p>\n<h3>\n<\/h3>\n<p>L\u2019acte de prier dans la chapelle<\/p>\n<p>Au sein de nos chapelles simples ou grandioses, orientons-nous vers le divin en toute confiance et humilit\u00e9, sachant qu\u2019il \u00e9coute nos pri\u00e8res avec une sollicitude infinie. Que chaque bougie allum\u00e9e, chaque Ave Maria r\u00e9cit\u00e9, constitue une offrande \u00e0 notre Seigneur ainsi qu\u2019\u00e0 la Vierge Marie. Que nos moments de pri\u00e8re dans la chapelle soient des moments de gr\u00e2ce et de renouvellement spirituel, nous renfor\u00e7ant pour faire face \u00e0 les d\u00e9fis avec courage et foi. La sainte Bernadette Soubirous, \u00e0 qui la Vierge Marie est apparue \u00e0 Lourdes, nous montre l\u2019importance de la pri\u00e8re dans la vie des fid\u00e8les et l\u2019efficacit\u00e9 de l\u2019intercession de la Sainte Vierge. Tout fid\u00e8le qui franchit les portes d\u2019une chapelle, chaque verset des \u00c9critures lu dans ce lieu saint, constitue une rencontre avec le divin, une \u00e9tape dans le processus de transformation spirituelle. \u00c0 travers les pages des Saintes \u00c9critures, tout disciple est encourag\u00e9 \u00e0 m\u00e9diter sur la croix du Christ, \u00e0 m\u00e9diter sur son sacrifice, et \u00e0 trouver r\u00e9confort et espoir dans sa gr\u00e2ce r\u00e9demptrice.<\/p>\n<h2>\nLa pri\u00e8re comme m\u00e9decine pour l\u2019\u00e2me<br \/>\n<\/h2>\n<p>Tel un m\u00e9decin pour nos \u00e2mes, l\u2019acte de prier nous apaise et nous fortifie au cours des p\u00e9riodes de douleur et de d\u00e9sespoir. La pri\u00e8re nous rappelle que Dieu est toujours avec nous, m\u00eame lorsque nous traversons les t\u00e9n\u00e8bres les plus profondes de notre existence. En nous tournant vers lui \u00e0 travers la pri\u00e8re, nous d\u00e9couvrons la force int\u00e9rieure dont nous avons besoin pour traverser les \u00e9preuves et pour affronter l\u2019avenir avec esp\u00e9rance et confiance. La pri\u00e8re est semblable \u00e0 une fontaine d\u2019eau vive qui satisfait notre soif spirituelle et qui, dans notre marche avec Dieu, nous revigore.<br \/>\n\u00c0 chaque pri\u00e8re prononc\u00e9e, \u00e0 chaque intention confi\u00e9e, nous trouvons un soulagement divin, une gu\u00e9rison c\u00e9leste, qui va au-del\u00e0 de les limites de notre condition terrestre. Chaque verset de la Bible est une invitation \u00e0 communier avec Dieu, \u00e0 lui remettre nos fardeaux, et \u00e0 recevoir sa gr\u00e2ce transformante.<\/p>\n<h2>Un regard diff\u00e9rent sur l\u2019acte de prier Marie<\/h2>\n<p>L\u2019invocation de Marie repr\u00e9sente une coutume profond\u00e9ment enracin\u00e9e dans la tradition religieuse catholique chr\u00e9tienne, proposant un pr\u00e9cieux lien spirituel pour les croyants \u00e0 travers le globe. En tant que figure maternelle spirituelle et interm\u00e9diaire, Marie est invoqu\u00e9e avec ardeur dans les moments de besoin et de gratitude. Le chapelet, avec ses myst\u00e8res contemplatifs, dirige les fid\u00e8les dans leur cheminement spirituel, les aidant \u00e0 contempler J\u00e9sus, son fils, \u00e0 travers le regard de la Vierge Marie. Cette affection envers Marie se refl\u00e8te dans les lieux saints comme le sanctuaire de Lourdes, o\u00f9 les fid\u00e8les convergent en qu\u00eate de r\u00e9confort et de gu\u00e9rison, symbolisant la forte connexion entre la foi catholique et la d\u00e9votion mariale. Les enseignements \u00e9clairants de th\u00e9ologiens tels que Leli\u00e8vre et Hubert proposent une r\u00e9flexion pr\u00e9cieuse sur l\u2019importance de la pri\u00e8re \u00e0 Marie et son influence sur la vie spirituelle des fid\u00e8les. \u00c0 travers la lecture attentive de textes religieux et spirituels, les croyants \u00e9largissent leur compr\u00e9hension de l\u2019adoration de Marie et nourrissent un lien plus fort avec Marie, notre m\u00e8re spirituelle. Dans un monde o\u00f9 pr\u00e9dominent la guerre et les conflits, l\u2019invocation de Marie est un sanctuaire de tranquillit\u00e9 et d\u2019espoir, invitant chaque personne, quelle que soit sa position dans la foi catholique, \u00e0 s\u2019adresser \u00e0 la Vierge Marie avec confiance et d\u00e9votion. Prions donc en commun, avec un c\u0153ur humble et sinc\u00e8re, en reconnaissant Marie comme notre m\u00e8re et notre intercesseur, en lui confiant nos v\u0153ux et nos aspirations les plus profondes. Dans cette d\u00e9marche de foi, chaque croyant est invit\u00e9 \u00e0 poursuivre la voie des pri\u00e8res et des aspirations du c\u0153ur, guid\u00e9 par le saint P\u00e8re et les ressources spirituelles inestimables fournies par des plateformes comme Aleteia. Par cons\u00e9quent, avec un c\u0153ur humble et une foi sinc\u00e8re, \u00e9levons notre pri\u00e8re quotidienne vers Marie, lui demandant de nous interc\u00e9der, et la gr\u00e2ce de pers\u00e9v\u00e9rer dans la pri\u00e8re fervente.<br \/>\nQue notre communion avec le divin devienne notre sanctuaire et notre apaisement dans toutes les circonstances. Que nous nous orientions vers Marie, notre m\u00e8re c\u00e9leste, avec un c\u0153ur ouvert et une foi in\u00e9branlable, sachant qu\u2019elle interc\u00e8de pour nous aupr\u00e8s de son fils bien-aim\u00e9. Que notre d\u00e9votion nous m\u00e8ne sur le chemin de la saintet\u00e9, nous conduisant toujours plus pr\u00e8s de Dieu et de son amour infini.<\/p>\n<p>Vous aimerez aussi:<\/p>\n<p>Vies des peintres, sculpteurs et architectes\/tome 1\/25.,<a target=\"_blank\" rel=\"nofollow\" href=\"https:\/\/editionsbussiere.com\/blog\/goto\/https:\/\/fr.wikisource.org\/wiki\/Vies_des_peintres,_sculpteurs_et_architectes\/tome_1\/25\"  target=\"_blank\" rel=\"noopener noreferrer nofollow\">L\u2019article ICI.<\/a><span><\/span><\/p>\n<p>Livre de pri\u00e8res, 1852\/Cantiques, pri\u00e8res et versets.,<a target=\"_blank\" rel=\"nofollow\" href=\"https:\/\/editionsbussiere.com\/blog\/goto\/https:\/\/fr.wikisource.org\/wiki\/Livre_de_pri%C3%A8res,_1852\/Cantiques,_pri%C3%A8res_et_versets\"  target=\"_blank\" rel=\"noopener noreferrer nofollow\">Le post d\u2019actualit\u00e9.<\/a><span><\/span>. Suite sur le prochain article.<\/p>\n<p>Les Plateaux de la balance\/Pr\u00e9face d\u2019Ernest Hello.,<a target=\"_blank\" rel=\"nofollow\" href=\"https:\/\/editionsbussiere.com\/blog\/goto\/https:\/\/fr.wikisource.org\/wiki\/Les_Plateaux_de_la_balance\/Pr%C3%A9face_d%E2%80%99Ernest_Hello\"  target=\"_blank\" rel=\"noopener noreferrer nofollow\">Ici.<\/a><span><\/span><\/p>\n<p>Le Couronnement de la Vierge.,<a target=\"_blank\" rel=\"nofollow\" href=\"https:\/\/editionsbussiere.com\/blog\/goto\/https:\/\/fr.wikisource.org\/wiki\/Le_Couronnement_de_la_Vierge\"  target=\"_blank\" rel=\"noopener noreferrer nofollow\">Le texte de l\u2019article.<\/a><span><\/span><\/p>\n<p>L\u2019\u00c2me des saisons\/Sedes sapienti\u00e6.,<a target=\"_blank\" rel=\"nofollow\" href=\"https:\/\/editionsbussiere.com\/blog\/goto\/https:\/\/fr.wikisource.org\/wiki\/L%E2%80%99%C3%82me_des_saisons\/Sedes_sapienti%C3%A6\"  target=\"_blank\" rel=\"noopener noreferrer nofollow\">Le texte de l\u2019article.<\/a><span><\/span><\/p>\n<p>\u0152uvres compl\u00e8tes de Fr\u00e9d\u00e9ric Ozanam, 3e \u00e9dition\/Volume 05\/7\/32.,<a target=\"_blank\" rel=\"nofollow\" href=\"https:\/\/editionsbussiere.com\/blog\/goto\/https:\/\/fr.wikisource.org\/wiki\/%C5%92uvres_compl%C3%A8tes_de_Fr%C3%A9d%C3%A9ric_Ozanam,_3e_%C3%A9dition\/Volume_05\/7\/32\"  target=\"_blank\" rel=\"noopener noreferrer nofollow\">L\u2019article ICI.<\/a><span><\/span><\/p>\n<\/div>\n<p><img decoding=\"async\" class=\"wpe_imgrss\" src=\"https:\/\/editionsbussiere.com\/blog\/wp-content\/uploads\/2024\/06\/Avis-de-deces-de-Steve-Krochta-IN-et-croire-2.jpeg\">Cet article a \u00e9t\u00e9 reconstitu\u00e9 du mieux possible. Dans l\u2019hypoth\u00e8se o\u00f9 vous souhaitez apporter quelques modifications concernant le th\u00e8me \u00ab\u00a0Editions \u00e9sot\u00e9rique fond\u00e9e en 1927\u00a0\u00bb, il est possible de discuter avec notre r\u00e9daction. Vous pouvez tirer profit de cet article traitant le sujet \u00ab\u00a0Editions \u00e9sot\u00e9rique fond\u00e9e en 1927\u00a0\u00bb. Il est concoct\u00e9 par l\u2019\u00e9quipe editionsbussiere.com. Le site editionsbussiere.com est fait pour cr\u00e9er divers posts autour du th\u00e8me Editions \u00e9sot\u00e9rique fond\u00e9e en 1927 d\u00e9velopp\u00e9es sur internet. Consultez notre site internet editionsbussiere.com et nos r\u00e9seaux sociaux pour \u00eatre au courant des futures annonces.<\/p>\n","protected":false},"excerpt":{"rendered":"<p>Marie Bossmin, pr\u00e9c\u00e9d\u00e9e dans la mort par son mari, Edward T. Visite le mercredi 16h jusqu&rsquo;\u00e0 20h \u00e0 la Maison Fun\u00e9raire Blake-Lamb, 4727 W. 103rd St., Oak Lawn, avec un Pamanakhyda \u00e0 19h. La famille et les amis se retrouveront jeudi \u00e0 la Nativit\u00e9 de l&rsquo;\u00e9glise Blessed Virgin Mary, 131e rue et 86e avenue, Palos [&hellip;]<\/p>\n","protected":false},"author":3,"featured_media":752,"comment_status":"closed","ping_status":"closed","sticky":false,"template":"","format":"standard","meta":{"footnotes":""},"categories":[3],"tags":[],"class_list":["post-751","post","type-post","status-publish","format-standard","has-post-thumbnail","hentry","category-editions-esoterique-fondee-en-1927-depeches","entry","fw-tab-6 fw-tabr-4","has-featured-image"],"yoast_head":"<!-- This site is optimized with the Yoast SEO plugin v27.5 - https:\/\/yoast.com\/product\/yoast-seo-wordpress\/ -->\n<title>Marie Bossmin avis de d\u00e9c\u00e8s \u2013 IL &amp; se d\u00e9vouer \u00e0 la Vierge . - EDITIONSBUSSIERE<\/title>\n<meta name=\"robots\" content=\"index, follow, max-snippet:-1, max-image-preview:large, max-video-preview:-1\" \/>\n<link rel=\"canonical\" href=\"https:\/\/editionsbussiere.com\/blog\/marie-bossmin-avis-de-deces-il-se-devouer-a-la-vierge\/\" \/>\n<meta property=\"og:locale\" content=\"fr_FR\" \/>\n<meta property=\"og:type\" content=\"article\" \/>\n<meta property=\"og:title\" content=\"Marie Bossmin avis de d\u00e9c\u00e8s \u2013 IL &amp; se d\u00e9vouer \u00e0 la Vierge . - EDITIONSBUSSIERE\" \/>\n<meta property=\"og:description\" content=\"Marie Bossmin, pr\u00e9c\u00e9d\u00e9e dans la mort par son mari, Edward T. Visite le mercredi 16h jusqu&rsquo;\u00e0 20h \u00e0 la Maison Fun\u00e9raire Blake-Lamb, 4727 W. 103rd St., Oak Lawn, avec un Pamanakhyda \u00e0 19h. La famille et les amis se retrouveront jeudi \u00e0 la Nativit\u00e9 de l&rsquo;\u00e9glise Blessed Virgin Mary, 131e rue et 86e avenue, Palos [&hellip;]\" \/>\n<meta property=\"og:url\" content=\"https:\/\/editionsbussiere.com\/blog\/marie-bossmin-avis-de-deces-il-se-devouer-a-la-vierge\/\" \/>\n<meta property=\"og:site_name\" content=\"EDITIONSBUSSIERE\" \/>\n<meta property=\"article:published_time\" content=\"2024-06-06T13:07:10+00:00\" \/>\n<meta property=\"og:image\" content=\"https:\/\/editionsbussiere.com\/blog\/wp-content\/uploads\/2024\/06\/Avis-de-deces-de-Steve-Krochta-IN-et-croire-2.jpeg\" \/>\n<meta name=\"author\" content=\"Marie BATICLE\" \/>\n<meta name=\"twitter:card\" content=\"summary_large_image\" \/>\n<meta name=\"twitter:label1\" content=\"\u00c9crit par\" \/>\n\t<meta name=\"twitter:data1\" content=\"Marie BATICLE\" \/>\n\t<meta name=\"twitter:label2\" content=\"Dur\u00e9e de lecture estim\u00e9e\" \/>\n\t<meta name=\"twitter:data2\" content=\"9 minutes\" \/>\n<script type=\"application\/ld+json\" class=\"yoast-schema-graph\">{\"@context\":\"https:\\\/\\\/schema.org\",\"@graph\":[{\"@type\":\"Article\",\"@id\":\"https:\\\/\\\/editionsbussiere.com\\\/blog\\\/marie-bossmin-avis-de-deces-il-se-devouer-a-la-vierge\\\/#article\",\"isPartOf\":{\"@id\":\"https:\\\/\\\/editionsbussiere.com\\\/blog\\\/marie-bossmin-avis-de-deces-il-se-devouer-a-la-vierge\\\/\"},\"author\":{\"name\":\"Marie BATICLE\",\"@id\":\"https:\\\/\\\/editionsbussiere.com\\\/blog\\\/#\\\/schema\\\/person\\\/ec90e102792148c97e46ab871010dd8f\"},\"headline\":\"Marie Bossmin avis de d\u00e9c\u00e8s \u2013 IL &amp; se d\u00e9vouer \u00e0 la Vierge .\",\"datePublished\":\"2024-06-06T13:07:10+00:00\",\"mainEntityOfPage\":{\"@id\":\"https:\\\/\\\/editionsbussiere.com\\\/blog\\\/marie-bossmin-avis-de-deces-il-se-devouer-a-la-vierge\\\/\"},\"wordCount\":1863,\"publisher\":{\"@id\":\"https:\\\/\\\/editionsbussiere.com\\\/blog\\\/#organization\"},\"image\":{\"@id\":\"https:\\\/\\\/editionsbussiere.com\\\/blog\\\/marie-bossmin-avis-de-deces-il-se-devouer-a-la-vierge\\\/#primaryimage\"},\"thumbnailUrl\":\"https:\\\/\\\/editionsbussiere.com\\\/blog\\\/wp-content\\\/uploads\\\/2024\\\/06\\\/Avis-de-deces-de-Steve-Krochta-IN-et-croire-2.jpeg\",\"articleSection\":[\"Editions \u00c9sot\u00e9rique Fond\u00e9e En 1927; D\u00e9p\u00e8ches:\"],\"inLanguage\":\"fr-FR\"},{\"@type\":\"WebPage\",\"@id\":\"https:\\\/\\\/editionsbussiere.com\\\/blog\\\/marie-bossmin-avis-de-deces-il-se-devouer-a-la-vierge\\\/\",\"url\":\"https:\\\/\\\/editionsbussiere.com\\\/blog\\\/marie-bossmin-avis-de-deces-il-se-devouer-a-la-vierge\\\/\",\"name\":\"Marie Bossmin avis de d\u00e9c\u00e8s \u2013 IL &amp; se d\u00e9vouer \u00e0 la Vierge . - EDITIONSBUSSIERE\",\"isPartOf\":{\"@id\":\"https:\\\/\\\/editionsbussiere.com\\\/blog\\\/#website\"},\"primaryImageOfPage\":{\"@id\":\"https:\\\/\\\/editionsbussiere.com\\\/blog\\\/marie-bossmin-avis-de-deces-il-se-devouer-a-la-vierge\\\/#primaryimage\"},\"image\":{\"@id\":\"https:\\\/\\\/editionsbussiere.com\\\/blog\\\/marie-bossmin-avis-de-deces-il-se-devouer-a-la-vierge\\\/#primaryimage\"},\"thumbnailUrl\":\"https:\\\/\\\/editionsbussiere.com\\\/blog\\\/wp-content\\\/uploads\\\/2024\\\/06\\\/Avis-de-deces-de-Steve-Krochta-IN-et-croire-2.jpeg\",\"datePublished\":\"2024-06-06T13:07:10+00:00\",\"breadcrumb\":{\"@id\":\"https:\\\/\\\/editionsbussiere.com\\\/blog\\\/marie-bossmin-avis-de-deces-il-se-devouer-a-la-vierge\\\/#breadcrumb\"},\"inLanguage\":\"fr-FR\",\"potentialAction\":[{\"@type\":\"ReadAction\",\"target\":[\"https:\\\/\\\/editionsbussiere.com\\\/blog\\\/marie-bossmin-avis-de-deces-il-se-devouer-a-la-vierge\\\/\"]}]},{\"@type\":\"ImageObject\",\"inLanguage\":\"fr-FR\",\"@id\":\"https:\\\/\\\/editionsbussiere.com\\\/blog\\\/marie-bossmin-avis-de-deces-il-se-devouer-a-la-vierge\\\/#primaryimage\",\"url\":\"https:\\\/\\\/editionsbussiere.com\\\/blog\\\/wp-content\\\/uploads\\\/2024\\\/06\\\/Avis-de-deces-de-Steve-Krochta-IN-et-croire-2.jpeg\",\"contentUrl\":\"https:\\\/\\\/editionsbussiere.com\\\/blog\\\/wp-content\\\/uploads\\\/2024\\\/06\\\/Avis-de-deces-de-Steve-Krochta-IN-et-croire-2.jpeg\",\"width\":600,\"height\":314,\"caption\":\"Avis de deces de Steve Krochta IN et croire 2\"},{\"@type\":\"BreadcrumbList\",\"@id\":\"https:\\\/\\\/editionsbussiere.com\\\/blog\\\/marie-bossmin-avis-de-deces-il-se-devouer-a-la-vierge\\\/#breadcrumb\",\"itemListElement\":[{\"@type\":\"ListItem\",\"position\":1,\"name\":\"Accueil\",\"item\":\"https:\\\/\\\/editionsbussiere.com\\\/blog\\\/\"},{\"@type\":\"ListItem\",\"position\":2,\"name\":\"Marie Bossmin avis de d\u00e9c\u00e8s \u2013 IL &amp; se d\u00e9vouer \u00e0 la Vierge .\"}]},{\"@type\":\"WebSite\",\"@id\":\"https:\\\/\\\/editionsbussiere.com\\\/blog\\\/#website\",\"url\":\"https:\\\/\\\/editionsbussiere.com\\\/blog\\\/\",\"name\":\"EDITIONSBUSSIERE\",\"description\":\"Editions \u00e9sot\u00e9rique fond\u00e9e en 1927; site historique, A SAVOIR ET RETENIR.\",\"publisher\":{\"@id\":\"https:\\\/\\\/editionsbussiere.com\\\/blog\\\/#organization\"},\"potentialAction\":[{\"@type\":\"SearchAction\",\"target\":{\"@type\":\"EntryPoint\",\"urlTemplate\":\"https:\\\/\\\/editionsbussiere.com\\\/blog\\\/?s={search_term_string}\"},\"query-input\":{\"@type\":\"PropertyValueSpecification\",\"valueRequired\":true,\"valueName\":\"search_term_string\"}}],\"inLanguage\":\"fr-FR\"},{\"@type\":\"Organization\",\"@id\":\"https:\\\/\\\/editionsbussiere.com\\\/blog\\\/#organization\",\"name\":\"editionsbussiere\",\"url\":\"https:\\\/\\\/editionsbussiere.com\\\/blog\\\/\",\"logo\":{\"@type\":\"ImageObject\",\"inLanguage\":\"fr-FR\",\"@id\":\"https:\\\/\\\/editionsbussiere.com\\\/blog\\\/#\\\/schema\\\/logo\\\/image\\\/\",\"url\":\"https:\\\/\\\/editionsbussiere.com\\\/blog\\\/wp-content\\\/uploads\\\/2023\\\/09\\\/cropped-buss.gif\",\"contentUrl\":\"https:\\\/\\\/editionsbussiere.com\\\/blog\\\/wp-content\\\/uploads\\\/2023\\\/09\\\/cropped-buss.gif\",\"width\":298,\"height\":120,\"caption\":\"editionsbussiere\"},\"image\":{\"@id\":\"https:\\\/\\\/editionsbussiere.com\\\/blog\\\/#\\\/schema\\\/logo\\\/image\\\/\"}},{\"@type\":\"Person\",\"@id\":\"https:\\\/\\\/editionsbussiere.com\\\/blog\\\/#\\\/schema\\\/person\\\/ec90e102792148c97e46ab871010dd8f\",\"name\":\"Marie BATICLE\",\"image\":{\"@type\":\"ImageObject\",\"inLanguage\":\"fr-FR\",\"@id\":\"https:\\\/\\\/secure.gravatar.com\\\/avatar\\\/c923e52403b1b8137e2d929127211d21967e6aecaa053bd43b09da29f212e76e?s=96&d=mm&r=g\",\"url\":\"https:\\\/\\\/secure.gravatar.com\\\/avatar\\\/c923e52403b1b8137e2d929127211d21967e6aecaa053bd43b09da29f212e76e?s=96&d=mm&r=g\",\"contentUrl\":\"https:\\\/\\\/secure.gravatar.com\\\/avatar\\\/c923e52403b1b8137e2d929127211d21967e6aecaa053bd43b09da29f212e76e?s=96&d=mm&r=g\",\"caption\":\"Marie BATICLE\"},\"url\":\"https:\\\/\\\/editionsbussiere.com\\\/blog\\\/author\\\/eremarie\\\/\"}]}<\/script>\n<!-- \/ Yoast SEO plugin. -->","yoast_head_json":{"title":"Marie Bossmin avis de d\u00e9c\u00e8s \u2013 IL &amp; se d\u00e9vouer \u00e0 la Vierge . - EDITIONSBUSSIERE","robots":{"index":"index","follow":"follow","max-snippet":"max-snippet:-1","max-image-preview":"max-image-preview:large","max-video-preview":"max-video-preview:-1"},"canonical":"https:\/\/editionsbussiere.com\/blog\/marie-bossmin-avis-de-deces-il-se-devouer-a-la-vierge\/","og_locale":"fr_FR","og_type":"article","og_title":"Marie Bossmin avis de d\u00e9c\u00e8s \u2013 IL &amp; se d\u00e9vouer \u00e0 la Vierge . - EDITIONSBUSSIERE","og_description":"Marie Bossmin, pr\u00e9c\u00e9d\u00e9e dans la mort par son mari, Edward T. Visite le mercredi 16h jusqu&rsquo;\u00e0 20h \u00e0 la Maison Fun\u00e9raire Blake-Lamb, 4727 W. 103rd St., Oak Lawn, avec un Pamanakhyda \u00e0 19h. La famille et les amis se retrouveront jeudi \u00e0 la Nativit\u00e9 de l&rsquo;\u00e9glise Blessed Virgin Mary, 131e rue et 86e avenue, Palos [&hellip;]","og_url":"https:\/\/editionsbussiere.com\/blog\/marie-bossmin-avis-de-deces-il-se-devouer-a-la-vierge\/","og_site_name":"EDITIONSBUSSIERE","article_published_time":"2024-06-06T13:07:10+00:00","og_image":[{"url":"https:\/\/editionsbussiere.com\/blog\/wp-content\/uploads\/2024\/06\/Avis-de-deces-de-Steve-Krochta-IN-et-croire-2.jpeg","type":"","width":"","height":""}],"author":"Marie BATICLE","twitter_card":"summary_large_image","twitter_misc":{"\u00c9crit par":"Marie BATICLE","Dur\u00e9e de lecture estim\u00e9e":"9 minutes"},"schema":{"@context":"https:\/\/schema.org","@graph":[{"@type":"Article","@id":"https:\/\/editionsbussiere.com\/blog\/marie-bossmin-avis-de-deces-il-se-devouer-a-la-vierge\/#article","isPartOf":{"@id":"https:\/\/editionsbussiere.com\/blog\/marie-bossmin-avis-de-deces-il-se-devouer-a-la-vierge\/"},"author":{"name":"Marie BATICLE","@id":"https:\/\/editionsbussiere.com\/blog\/#\/schema\/person\/ec90e102792148c97e46ab871010dd8f"},"headline":"Marie Bossmin avis de d\u00e9c\u00e8s \u2013 IL &amp; se d\u00e9vouer \u00e0 la Vierge .","datePublished":"2024-06-06T13:07:10+00:00","mainEntityOfPage":{"@id":"https:\/\/editionsbussiere.com\/blog\/marie-bossmin-avis-de-deces-il-se-devouer-a-la-vierge\/"},"wordCount":1863,"publisher":{"@id":"https:\/\/editionsbussiere.com\/blog\/#organization"},"image":{"@id":"https:\/\/editionsbussiere.com\/blog\/marie-bossmin-avis-de-deces-il-se-devouer-a-la-vierge\/#primaryimage"},"thumbnailUrl":"https:\/\/editionsbussiere.com\/blog\/wp-content\/uploads\/2024\/06\/Avis-de-deces-de-Steve-Krochta-IN-et-croire-2.jpeg","articleSection":["Editions \u00c9sot\u00e9rique Fond\u00e9e En 1927; D\u00e9p\u00e8ches:"],"inLanguage":"fr-FR"},{"@type":"WebPage","@id":"https:\/\/editionsbussiere.com\/blog\/marie-bossmin-avis-de-deces-il-se-devouer-a-la-vierge\/","url":"https:\/\/editionsbussiere.com\/blog\/marie-bossmin-avis-de-deces-il-se-devouer-a-la-vierge\/","name":"Marie Bossmin avis de d\u00e9c\u00e8s \u2013 IL &amp; se d\u00e9vouer \u00e0 la Vierge . - EDITIONSBUSSIERE","isPartOf":{"@id":"https:\/\/editionsbussiere.com\/blog\/#website"},"primaryImageOfPage":{"@id":"https:\/\/editionsbussiere.com\/blog\/marie-bossmin-avis-de-deces-il-se-devouer-a-la-vierge\/#primaryimage"},"image":{"@id":"https:\/\/editionsbussiere.com\/blog\/marie-bossmin-avis-de-deces-il-se-devouer-a-la-vierge\/#primaryimage"},"thumbnailUrl":"https:\/\/editionsbussiere.com\/blog\/wp-content\/uploads\/2024\/06\/Avis-de-deces-de-Steve-Krochta-IN-et-croire-2.jpeg","datePublished":"2024-06-06T13:07:10+00:00","breadcrumb":{"@id":"https:\/\/editionsbussiere.com\/blog\/marie-bossmin-avis-de-deces-il-se-devouer-a-la-vierge\/#breadcrumb"},"inLanguage":"fr-FR","potentialAction":[{"@type":"ReadAction","target":["https:\/\/editionsbussiere.com\/blog\/marie-bossmin-avis-de-deces-il-se-devouer-a-la-vierge\/"]}]},{"@type":"ImageObject","inLanguage":"fr-FR","@id":"https:\/\/editionsbussiere.com\/blog\/marie-bossmin-avis-de-deces-il-se-devouer-a-la-vierge\/#primaryimage","url":"https:\/\/editionsbussiere.com\/blog\/wp-content\/uploads\/2024\/06\/Avis-de-deces-de-Steve-Krochta-IN-et-croire-2.jpeg","contentUrl":"https:\/\/editionsbussiere.com\/blog\/wp-content\/uploads\/2024\/06\/Avis-de-deces-de-Steve-Krochta-IN-et-croire-2.jpeg","width":600,"height":314,"caption":"Avis de deces de Steve Krochta IN et croire 2"},{"@type":"BreadcrumbList","@id":"https:\/\/editionsbussiere.com\/blog\/marie-bossmin-avis-de-deces-il-se-devouer-a-la-vierge\/#breadcrumb","itemListElement":[{"@type":"ListItem","position":1,"name":"Accueil","item":"https:\/\/editionsbussiere.com\/blog\/"},{"@type":"ListItem","position":2,"name":"Marie Bossmin avis de d\u00e9c\u00e8s \u2013 IL &amp; se d\u00e9vouer \u00e0 la Vierge ."}]},{"@type":"WebSite","@id":"https:\/\/editionsbussiere.com\/blog\/#website","url":"https:\/\/editionsbussiere.com\/blog\/","name":"EDITIONSBUSSIERE","description":"Editions \u00e9sot\u00e9rique fond\u00e9e en 1927; site historique, A SAVOIR ET RETENIR.","publisher":{"@id":"https:\/\/editionsbussiere.com\/blog\/#organization"},"potentialAction":[{"@type":"SearchAction","target":{"@type":"EntryPoint","urlTemplate":"https:\/\/editionsbussiere.com\/blog\/?s={search_term_string}"},"query-input":{"@type":"PropertyValueSpecification","valueRequired":true,"valueName":"search_term_string"}}],"inLanguage":"fr-FR"},{"@type":"Organization","@id":"https:\/\/editionsbussiere.com\/blog\/#organization","name":"editionsbussiere","url":"https:\/\/editionsbussiere.com\/blog\/","logo":{"@type":"ImageObject","inLanguage":"fr-FR","@id":"https:\/\/editionsbussiere.com\/blog\/#\/schema\/logo\/image\/","url":"https:\/\/editionsbussiere.com\/blog\/wp-content\/uploads\/2023\/09\/cropped-buss.gif","contentUrl":"https:\/\/editionsbussiere.com\/blog\/wp-content\/uploads\/2023\/09\/cropped-buss.gif","width":298,"height":120,"caption":"editionsbussiere"},"image":{"@id":"https:\/\/editionsbussiere.com\/blog\/#\/schema\/logo\/image\/"}},{"@type":"Person","@id":"https:\/\/editionsbussiere.com\/blog\/#\/schema\/person\/ec90e102792148c97e46ab871010dd8f","name":"Marie BATICLE","image":{"@type":"ImageObject","inLanguage":"fr-FR","@id":"https:\/\/secure.gravatar.com\/avatar\/c923e52403b1b8137e2d929127211d21967e6aecaa053bd43b09da29f212e76e?s=96&d=mm&r=g","url":"https:\/\/secure.gravatar.com\/avatar\/c923e52403b1b8137e2d929127211d21967e6aecaa053bd43b09da29f212e76e?s=96&d=mm&r=g","contentUrl":"https:\/\/secure.gravatar.com\/avatar\/c923e52403b1b8137e2d929127211d21967e6aecaa053bd43b09da29f212e76e?s=96&d=mm&r=g","caption":"Marie BATICLE"},"url":"https:\/\/editionsbussiere.com\/blog\/author\/eremarie\/"}]}},"_links":{"self":[{"href":"https:\/\/editionsbussiere.com\/blog\/wp-json\/wp\/v2\/posts\/751","targetHints":{"allow":["GET"]}}],"collection":[{"href":"https:\/\/editionsbussiere.com\/blog\/wp-json\/wp\/v2\/posts"}],"about":[{"href":"https:\/\/editionsbussiere.com\/blog\/wp-json\/wp\/v2\/types\/post"}],"author":[{"embeddable":true,"href":"https:\/\/editionsbussiere.com\/blog\/wp-json\/wp\/v2\/users\/3"}],"replies":[{"embeddable":true,"href":"https:\/\/editionsbussiere.com\/blog\/wp-json\/wp\/v2\/comments?post=751"}],"version-history":[{"count":0,"href":"https:\/\/editionsbussiere.com\/blog\/wp-json\/wp\/v2\/posts\/751\/revisions"}],"wp:featuredmedia":[{"embeddable":true,"href":"https:\/\/editionsbussiere.com\/blog\/wp-json\/wp\/v2\/media\/752"}],"wp:attachment":[{"href":"https:\/\/editionsbussiere.com\/blog\/wp-json\/wp\/v2\/media?parent=751"}],"wp:term":[{"taxonomy":"category","embeddable":true,"href":"https:\/\/editionsbussiere.com\/blog\/wp-json\/wp\/v2\/categories?post=751"},{"taxonomy":"post_tag","embeddable":true,"href":"https:\/\/editionsbussiere.com\/blog\/wp-json\/wp\/v2\/tags?post=751"}],"curies":[{"name":"wp","href":"https:\/\/api.w.org\/{rel}","templated":true}]}}