{"id":749,"date":"2024-06-06T09:15:58","date_gmt":"2024-06-06T07:15:58","guid":{"rendered":"https:\/\/editionsbussiere.com\/blog\/michael-jula-avis-de-deces-il-afin-de-se-devouer-a-la-sainte-vierge\/"},"modified":"2024-06-06T09:15:58","modified_gmt":"2024-06-06T07:15:58","slug":"michael-jula-avis-de-deces-il-afin-de-se-devouer-a-la-sainte-vierge","status":"publish","type":"post","link":"https:\/\/editionsbussiere.com\/blog\/michael-jula-avis-de-deces-il-afin-de-se-devouer-a-la-sainte-vierge\/","title":{"rendered":"Michael Jula avis de d\u00e9c\u00e8s \u2013 IL\n afin de se d\u00e9vouer \u00e0 la Sainte Vierge ."},"content":{"rendered":"<div><img width=\"580\" height=\"304\" src=\"https:\/\/editionsbussiere.com\/blog\/wp-content\/uploads\/2024\/06\/Avis-de-deces-de-Steve-Krochta-IN-et-croire-1.jpeg\" class=\"attachment-large size-large wp-post-image\" alt=\"Avis de d\u00e9c\u00e8s de Steve Krochta - IN et croire\" style=\"float:left; margin:0 15px 15px 0;\" decoding=\"async\" srcset=\"https:\/\/editionsbussiere.com\/blog\/wp-content\/uploads\/2024\/06\/Avis-de-deces-de-Steve-Krochta-IN-et-croire-1.jpeg 600w, https:\/\/www.n42.fr\/wp-content\/uploads\/2024\/06\/Avis-de-deces-de-Steve-Krochta-IN-et-croire-300x157.jpeg 300w\" sizes=\"(max-width: 580px) 100vw, 580px\"><\/p>\n<p>\n<\/p>\n<div>\n<p>Michael Jula, v\u00e9t\u00e9ran de la marine, Pacific Theatre WWII.  \u00c9poux bien-aim\u00e9 de Margaret n\u00e9e Schott depuis 56 ans.  P\u00e8re bien-aim\u00e9 de Michael [Kathleen] et Jean [Anne] Jula.  Cher grand-p\u00e8re de Michael P. [Louri], Brian, Mary, Nicholas et Leslie, anciens r\u00e9sidents de la r\u00e9gion de Burnside \u00e0 Chicago, du Country Club Hills et actuellement de Monee, ont fait du b\u00e9n\u00e9volat pour l&rsquo;Illinois.  Veterans Home, Oak Forest Hospital, Howe Developmental Center et Eastern Extension, membre du poste Owen Winters Jr. #4241 VFW, de la section locale #241 CTA et de l&rsquo;\u00e9glise Nativity of the Blessed Virgin Mary HNS.  Les fun\u00e9railles ont eu lieu samedi \u00e0 9h15 de la maison fun\u00e9raire McKenzie, 15618 S. Cicero Ave, Oak Forest \u00e0 l&rsquo;\u00e9glise de la Nativit\u00e9 de la Bienheureuse Vierge Marie, parc Palos pour la messe \u00e0 10h00, l&rsquo;inhumation au cimeti\u00e8re du Saint-S\u00e9pulcre, visite le vendredi de 14h \u00e0 21h 708-687- 2990<\/p>\n<\/div>\n<h2>\n<\/h2>\n<p>L\u2019Importance de l\u2019Intercession de Marie<\/p>\n<p>La pri\u00e8re \u00e0 Marie constitue un aspect essentiel de la foi chr\u00e9tienne, profond\u00e9ment ancr\u00e9e dans les enseignements catholiques depuis des temps imm\u00e9moriaux. C\u2019est un fondement sur lequel les croyants s\u2019reposent pour obtenir r\u00e9confort, direction et intervention dans leur marche avec Dieu. \u00c0 travers les \u00e2ges, cette pi\u00e9t\u00e9 a \u00e9t\u00e9 renforc\u00e9e par les \u00e9crits bibliques, les traditions de l\u2019\u00c9glise, ainsi que les exemples des saints et saintes qui ont t\u00e9moign\u00e9 de leur respect \u00e0 Marie m\u00e8re spirituelle aimante.<\/p>\n<h3>\n<\/h3>\n<p>L\u2019exercice du Chapelet<\/p>\n<p>Cette pri\u00e8re traditionnelle mariale tient une position centrale au sein de la spiritualit\u00e9 de un grand nombre de fid\u00e8les. En r\u00e9citant les diff\u00e9rents myst\u00e8res, les d\u00e9vots m\u00e9ditent dans les \u00e9v\u00e9nements de la vie de J\u00e9sus et de Marie, renfor\u00e7ant leur lien spirituel avec eux. \u00c0 travers chaque Ave Maria, ils expriment leur foi en l\u2019intercession de Marie et leur d\u00e9sir de suivre les enseignements du Christ. Saint Louis-Marie Grignion de Montfort, dans son ouvrage sur la d\u00e9votion authentique \u00e0 la Vierge Marie, invite les fid\u00e8les \u00e0 pratiquer r\u00e9guli\u00e8rement la m\u00e9ditation des diff\u00e9rents myst\u00e8res du rosaire pour approfondir leur relation avec la M\u00e8re de Dieu. Cette pratique ancienne, h\u00e9rit\u00e9e de g\u00e9n\u00e9ration en g\u00e9n\u00e9ration, reste une source d\u2019illumination spirituelle pour ceux qui ont la foi, les aidant \u00e0 se connecter avec la c\u00e9leste Dame.<\/p>\n<h3>\n<\/h3>\n<p>L\u2019incitation \u00e0 la pri\u00e8re<\/p>\n<p>Unissons nos voix dans la pri\u00e8re, fr\u00e8res et s\u0153urs, dans l\u2019unit\u00e9 de notre esp\u00e9rance, en Marie, la m\u00e8re de notre Seigneur J\u00e9sus-Christ. Au sein de notre monde tourment\u00e9 par la guerre et la division, optons \u00e0 la pri\u00e8re comme un moyen de retrouver la s\u00e9r\u00e9nit\u00e9 et l\u2019harmonie. Les chr\u00e9tiens ont la possibilit\u00e9 exprimer une intention de pri\u00e8re pour la m\u00e8re de dieu <a target=\"_blank\" rel=\"nofollow\" href=\"https:\/\/editionsbussiere.com\/blog\/goto\/https:\/\/www.avemariasound.org\/\" >en utilisant le formulaire de cette page.<\/a> Que nos supplications s\u2019\u00e9l\u00e8vent vers le ciel, comme une offrande agr\u00e9able \u00e0 Dieu, pour qu\u2019il guide \u00e9clairer nos pas vers le chemin de la v\u00e9rit\u00e9 et de la justice. Saint Paul nous dans ses \u00e9p\u00eetres \u00e0 maintenir une pri\u00e8re incessante, quelle que soit la situation, afin que notre communion avec Dieu soit constante et passionn\u00e9e. La pri\u00e8re, quand elle est sinc\u00e8rement offerte, poss\u00e8de la capacit\u00e9 pour transformer les c\u0153urs et de modifier le destin de l\u2019histoire.<\/p>\n<h2>\n<\/h2>\n<p>L\u2019enseignement du Pape Fran\u00e7ois<\/p>\n<p>Le Saint-P\u00e8re, dans ses enseignements \u00e9clair\u00e9s, publi\u00e9s par Bayard, nous rappelle la signification de la pri\u00e8re journali\u00e8re. \u00c0 travers ses hom\u00e9lies et ses audiences g\u00e9n\u00e9rales, il nous incite \u00e0 cultiver une connexion personnelle avec Dieu, en s\u2019appuyant sur la contemplation des \u00c9critures ainsi que la pratique du Rosaire. Son exemple d\u2019humilit\u00e9 et de compassion nous inspire \u00e0 approfondir encore notre pri\u00e8re et \u00e0 rechercher la pr\u00e9sence de Dieu dans tous les domaines de notre vie. Saint Jean-Paul II, dans son encyclique sur la foi chr\u00e9tienne, nous rappelle que la pri\u00e8re constitue le fondement de la vie de foi et par elle que nous trouvons notre unit\u00e9 au divin. La pri\u00e8re quotidienne, enseign\u00e9e par les pontifes successifs, est une bou\u00e9e d\u2019espoir dans les temp\u00eates, une base solide auquel nous pouvons compter.<\/p>\n<h3>\n<\/h3>\n<p>Les \u00e9crits provenant de Leli\u00e8vre et Hubert<\/p>\n<p>Dans le contexte de la vie de foi, l\u2019\u00e9glise recommande vivement le recours \u00e0 la pri\u00e8re, et lors de les moments de pri\u00e8re, les croyants accomplissent le geste du signe de la croix tout en r\u00e9citant l\u2019Ave Maria. Des penseurs contemporains, comme Leli\u00e8vre et Hubert, nous incitent aussi \u00e0 r\u00e9fl\u00e9chir sur la force de la pri\u00e8re, \u00e0 travers leurs \u00e9crits inspirants. Leurs ouvrages, riches en enseignements spirituels, nous guident sur le chemin de la foi et nous encouragent \u00e0 puiser dans les tr\u00e9sors de la tradition chr\u00e9tienne pour nourrir notre vie spirituelle. En r\u00e9fl\u00e9chissant sur leurs \u00e9crits, nous d\u00e9couvrons de nouvelles mani\u00e8res d\u2019approfondir notre relation avec Dieu et de grandir dans la saintet\u00e9. Saint Jean, dans son \u00e9vangile, nous rappelle que le fait de prier est une puissante voie pour rester en communion avec Dieu et de b\u00e9n\u00e9ficier ses b\u00e9n\u00e9dictions. Chaque paragraphe de leurs ouvrages r\u00e9sonne comme une invitation \u00e0 une pri\u00e8re fervente et \u00e0 une existence impr\u00e9gn\u00e9e de la pr\u00e9sence divine. Dans notre recherche de connexion spirituelle, chaque \u0153uvre lue devient un appel \u00e0 s\u2019\u00e9lever vers le divin, \u00e0 travers la m\u00e9ditation et la contemplation.<\/p>\n<h3>\n<\/h3>\n<p>La d\u00e9votion dans la chapelle<\/p>\n<p>Dans nos lieux de culte simples ou grandioses, tournons-nous vers Dieu avec confiance et humilit\u00e9, car nous savons qu\u2019il \u00e9coute nos pri\u00e8res avec amour et sollicitude. Que chaque bougie allum\u00e9e, chaque Ave Maria r\u00e9cit\u00e9, soit une offrande \u00e0 notre Seigneur et \u00e0 sa sainte m\u00e8re, Marie. Que nos instants de d\u00e9votion dans la chapelle soient des occasions de b\u00e9n\u00e9diction et de renouvellement de notre esprit, nous renfor\u00e7ant pour affronter les d\u00e9fis avec courage et foi. La sainte Bernadette Soubirous, qui a re\u00e7u les apparitions de la Vierge Marie \u00e0 Lourdes, nous d\u00e9montre l\u2019importance de la pri\u00e8re dans l\u2019existence des catholiques et l\u2019efficacit\u00e9 de l\u2019intercession de la Sainte Vierge. Tout fid\u00e8le qui franchit les portes d\u2019une chapelle, chaque verset des \u00c9critures lu dans ce lieu saint, est une rencontre avec la divinit\u00e9, une \u00e9tape dans le processus de transformation spirituelle. \u00c0 travers les textes sacr\u00e9s, tout disciple est encourag\u00e9 \u00e0 m\u00e9diter la croix du Christ, \u00e0 r\u00e9fl\u00e9chir \u00e0 son sacrifice, et \u00e0 trouver consolation et esp\u00e9rance dans la gr\u00e2ce salvatrice qu\u2019elle offre.<\/p>\n<h2>\nLa pri\u00e8re comme m\u00e9decine pour l\u2019int\u00e9rieur<br \/>\n<\/h2>\n<p>Comme un gu\u00e9risseur pour nos esprits, l\u2019acte de prier nous gu\u00e9rit et nous fortifie au cours des p\u00e9riodes de douleur et de d\u00e9sespoir. Elle nous rappelle que Dieu est toujours avec nous, m\u00eame dans les moments les plus sombres de notre existence. En nous tournant vers lui dans la pri\u00e8re, nous d\u00e9couvrons la force int\u00e9rieure dont nous avons besoin pour surmonter les \u00e9preuves et pour faire face \u00e0 l\u2019avenir avec esp\u00e9rance et confiance. L\u2019acte de prier est comme une source d\u2019eau vive qui apaise notre soif spirituelle et, dans notre marche avec Dieu, nous r\u00e9g\u00e9n\u00e8re.<br \/>\n\u00c0 chaque pri\u00e8re murmur\u00e9e, \u00e0 chaque intention port\u00e9e, nous trouvons un r\u00e9confort c\u00e9leste, une gu\u00e9rison c\u00e9leste, qui va au-del\u00e0 de les limites de la condition humaine. Chaque verset de la Bible nous invite \u00e0 \u00e9changer avec Dieu, \u00e0 lui remettre nos fardeaux, et \u00e0 accueillir sa gr\u00e2ce transformatrice.<\/p>\n<h2>Un point de vue alternatif sur la pri\u00e8re \u00e0 Marie<\/h2>\n<p>La d\u00e9votion \u00e0 Marie constitue une pratique profond\u00e9ment enracin\u00e9e dans la tradition catholique chr\u00e9tienne, offrant un lien spirituel pr\u00e9cieux pour les adeptes de tous horizons. Comme m\u00e8re spirituelle aimante et interm\u00e9diaire, elle est invoqu\u00e9e avec ardeur lors des instants de n\u00e9cessit\u00e9 et de louange. Le chapelet, avec ses myst\u00e8res \u00e0 m\u00e9diter, guide les catholiques dans leur voyage de foi, les encourageant \u00e0 m\u00e9diter sur J\u00e9sus, son fils, \u00e0 travers les yeux de la Vierge Marie. Cette d\u00e9votion \u00e0 Marie se manifeste dans les lieux saints comme le sanctuaire de Lourdes, o\u00f9 les fid\u00e8les convergent \u00e0 la recherche de consolation et de gu\u00e9rison, symbolisant la forte connexion entre la foi catholique et la d\u00e9votion mariale. Les \u00e9crits inspirants de th\u00e9ologiens tels que Leli\u00e8vre et Hubert proposent une r\u00e9flexion pr\u00e9cieuse sur la valeur de la pri\u00e8re \u00e0 Marie et son influence sur la vie spirituelle des fid\u00e8les. Par le biais d\u2019une lecture approfondie de textes de d\u00e9votion et des \u00c9critures, les fid\u00e8les \u00e9largissent leur compr\u00e9hension de la d\u00e9votion mariale et cultivent un lien plus fort avec Marie, notre m\u00e8re dans la foi. Dans un monde caract\u00e9ris\u00e9 par les conflits et les hostilit\u00e9s, la d\u00e9votion \u00e0 Marie est un sanctuaire de calme et de confiance, appelant chaque personne, ind\u00e9pendamment de son rang dans la foi catholique, \u00e0 se tourner vers la Sainte Vierge avec une foi profonde et une d\u00e9votion sinc\u00e8re. Unissons donc nos pri\u00e8res, avec sinc\u00e9rit\u00e9 et humilit\u00e9, en saluant Marie comme notre m\u00e8re et notre intercesseur, en lui confiant nos v\u0153ux et nos aspirations les plus profondes. Dans cette d\u00e9marche vers Dieu, tout adepte est convi\u00e9 \u00e0 poursuivre la voie des pri\u00e8res et des aspirations du c\u0153ur, guid\u00e9 par le saint P\u00e8re et les pr\u00e9cieuses ressources spirituelles disponibles sur des plateformes comme Aleteia. Ainsi, avec un c\u0153ur ouvert et une humble confiance, adressons notre pri\u00e8re quotidienne \u00e0 Marie, lui demandant son intercession maternelle, ainsi que la gr\u00e2ce de pers\u00e9v\u00e9rer dans la pri\u00e8re ardente.<br \/>\nQue notre communion avec le divin soit notre refuge et notre consolation dans toutes les circonstances. Que nous nous orientions envers Marie, notre m\u00e8re divine, avec un c\u0153ur ouvert et une croyance in\u00e9branlable, en ayant conscience qu\u2019elle interc\u00e8de pour nous devant son fils bien-aim\u00e9. Que la pri\u00e8re soit notre guide sur le chemin de la saintet\u00e9, nous rapprochant toujours plus de Dieu et de son amour sans limites.<\/p>\n<p>Ce th\u00e8me r\u00e9pond \u00e0 vos investigations vous appr\u00e9cierez pareillement ces ouvrages:<\/p>\n<p>Nostradamus (Bonnellier)\/Tome 1\/Le Mariage.,<a target=\"_blank\" rel=\"nofollow\" href=\"https:\/\/editionsbussiere.com\/blog\/goto\/https:\/\/fr.wikisource.org\/wiki\/Nostradamus_(Bonnellier)\/Tome_1\/Le_Mariage\"  target=\"_blank\" rel=\"noopener noreferrer nofollow\">Article complet.<\/a><span><\/span><\/p>\n<p>Les Quatre \u00c9vangiles (Crampon 1864)\/Table des Evangiles.,<a target=\"_blank\" rel=\"nofollow\" href=\"https:\/\/editionsbussiere.com\/blog\/goto\/https:\/\/fr.wikisource.org\/wiki\/Les_Quatre_%C3%89vangiles_(Crampon_1864)\/Table_des_Evangiles\"  target=\"_blank\" rel=\"noopener noreferrer nofollow\">Le dossier.<\/a><span><\/span><\/p>\n<p>Les Caresses (Richepin)\/Flor\u00e9al\/Sonnet romain.,<a target=\"_blank\" rel=\"nofollow\" href=\"https:\/\/editionsbussiere.com\/blog\/goto\/https:\/\/fr.wikisource.org\/wiki\/Les_Caresses_(Richepin)\/Flor%C3%A9al\/Sonnet_romain\"  target=\"_blank\" rel=\"noopener noreferrer nofollow\">L\u2019article de presse.<\/a><span><\/span><\/p>\n<p>La Tentation de l\u2019homme\/Le Cirque.,<a target=\"_blank\" rel=\"nofollow\" href=\"https:\/\/editionsbussiere.com\/blog\/goto\/https:\/\/fr.wikisource.org\/wiki\/La_Tentation_de_l%E2%80%99homme\/Le_Cirque\"  target=\"_blank\" rel=\"noopener noreferrer nofollow\">Le texte de l\u2019article.<\/a><span><\/span><\/p>\n<p>Hymne \u00e0 la Vierge de Vesoul.,<a target=\"_blank\" rel=\"nofollow\" href=\"https:\/\/editionsbussiere.com\/blog\/goto\/https:\/\/fr.wikisource.org\/wiki\/Hymne_%C3%A0_la_Vierge_de_Vesoul\"  target=\"_blank\" rel=\"noopener noreferrer nofollow\">Cliquer ICI.<\/a><span><\/span><\/p>\n<p>\u2026 le C\u0153ur populaire (1914)\/La Charlotte prie Notre-Dame durant la nuit du R\u00e9veillon.,<a target=\"_blank\" rel=\"nofollow\" href=\"https:\/\/editionsbussiere.com\/blog\/goto\/https:\/\/fr.wikisource.org\/wiki\/..._le_C%C5%93ur_populaire_(1914)\/La_Charlotte_prie_Notre-Dame_durant_la_nuit_du_R%C3%A9veillon\"  target=\"_blank\" rel=\"noopener noreferrer nofollow\">Ici.<\/a><span><\/span><\/p>\n<\/div>\n<p><img decoding=\"async\" class=\"wpe_imgrss\" src=\"https:\/\/editionsbussiere.com\/blog\/wp-content\/uploads\/2024\/06\/Avis-de-deces-de-Steve-Krochta-IN-et-croire-1.jpeg\">Cet article a \u00e9t\u00e9 reconstitu\u00e9 du mieux possible. Dans l\u2019hypoth\u00e8se o\u00f9 vous souhaitez apporter quelques modifications concernant le th\u00e8me \u00ab\u00a0Editions \u00e9sot\u00e9rique fond\u00e9e en 1927\u00a0\u00bb, il est possible de discuter avec notre r\u00e9daction. Vous pouvez tirer profit de cet article traitant le sujet \u00ab\u00a0Editions \u00e9sot\u00e9rique fond\u00e9e en 1927\u00a0\u00bb. Il est concoct\u00e9 par l\u2019\u00e9quipe editionsbussiere.com. Le site editionsbussiere.com est fait pour cr\u00e9er divers posts autour du th\u00e8me Editions \u00e9sot\u00e9rique fond\u00e9e en 1927 d\u00e9velopp\u00e9es sur internet. Consultez notre site internet editionsbussiere.com et nos r\u00e9seaux sociaux pour \u00eatre au courant des futures annonces.<\/p>\n","protected":false},"excerpt":{"rendered":"<p>Michael Jula, v\u00e9t\u00e9ran de la marine, Pacific Theatre WWII. \u00c9poux bien-aim\u00e9 de Margaret n\u00e9e Schott depuis 56 ans. P\u00e8re bien-aim\u00e9 de Michael [Kathleen] et Jean [Anne] Jula. Cher grand-p\u00e8re de Michael P. [Louri], Brian, Mary, Nicholas et Leslie, anciens r\u00e9sidents de la r\u00e9gion de Burnside \u00e0 Chicago, du Country Club Hills et actuellement de Monee, [&hellip;]<\/p>\n","protected":false},"author":3,"featured_media":750,"comment_status":"closed","ping_status":"closed","sticky":false,"template":"","format":"standard","meta":{"footnotes":""},"categories":[3],"tags":[],"class_list":["post-749","post","type-post","status-publish","format-standard","has-post-thumbnail","hentry","category-editions-esoterique-fondee-en-1927-depeches","entry","fw-tab-6 fw-tabr-4","has-featured-image"],"yoast_head":"<!-- This site is optimized with the Yoast SEO plugin v27.5 - https:\/\/yoast.com\/product\/yoast-seo-wordpress\/ -->\n<title>Michael Jula avis de d\u00e9c\u00e8s \u2013 IL afin de se d\u00e9vouer \u00e0 la Sainte Vierge . - EDITIONSBUSSIERE<\/title>\n<meta name=\"robots\" content=\"index, follow, max-snippet:-1, max-image-preview:large, max-video-preview:-1\" \/>\n<link rel=\"canonical\" href=\"https:\/\/editionsbussiere.com\/blog\/michael-jula-avis-de-deces-il-afin-de-se-devouer-a-la-sainte-vierge\/\" \/>\n<meta property=\"og:locale\" content=\"fr_FR\" \/>\n<meta property=\"og:type\" content=\"article\" \/>\n<meta property=\"og:title\" content=\"Michael Jula avis de d\u00e9c\u00e8s \u2013 IL afin de se d\u00e9vouer \u00e0 la Sainte Vierge . - EDITIONSBUSSIERE\" \/>\n<meta property=\"og:description\" content=\"Michael Jula, v\u00e9t\u00e9ran de la marine, Pacific Theatre WWII. \u00c9poux bien-aim\u00e9 de Margaret n\u00e9e Schott depuis 56 ans. P\u00e8re bien-aim\u00e9 de Michael [Kathleen] et Jean [Anne] Jula. Cher grand-p\u00e8re de Michael P. [Louri], Brian, Mary, Nicholas et Leslie, anciens r\u00e9sidents de la r\u00e9gion de Burnside \u00e0 Chicago, du Country Club Hills et actuellement de Monee, [&hellip;]\" \/>\n<meta property=\"og:url\" content=\"https:\/\/editionsbussiere.com\/blog\/michael-jula-avis-de-deces-il-afin-de-se-devouer-a-la-sainte-vierge\/\" \/>\n<meta property=\"og:site_name\" content=\"EDITIONSBUSSIERE\" \/>\n<meta property=\"article:published_time\" content=\"2024-06-06T07:15:58+00:00\" \/>\n<meta property=\"og:image\" content=\"https:\/\/editionsbussiere.com\/blog\/wp-content\/uploads\/2024\/06\/Avis-de-deces-de-Steve-Krochta-IN-et-croire-1.jpeg\" \/>\n<meta name=\"author\" content=\"Marie BATICLE\" \/>\n<meta name=\"twitter:card\" content=\"summary_large_image\" \/>\n<meta name=\"twitter:label1\" content=\"\u00c9crit par\" \/>\n\t<meta name=\"twitter:data1\" content=\"Marie BATICLE\" \/>\n\t<meta name=\"twitter:label2\" content=\"Dur\u00e9e de lecture estim\u00e9e\" \/>\n\t<meta name=\"twitter:data2\" content=\"10 minutes\" \/>\n<script type=\"application\/ld+json\" class=\"yoast-schema-graph\">{\"@context\":\"https:\\\/\\\/schema.org\",\"@graph\":[{\"@type\":\"Article\",\"@id\":\"https:\\\/\\\/editionsbussiere.com\\\/blog\\\/michael-jula-avis-de-deces-il-afin-de-se-devouer-a-la-sainte-vierge\\\/#article\",\"isPartOf\":{\"@id\":\"https:\\\/\\\/editionsbussiere.com\\\/blog\\\/michael-jula-avis-de-deces-il-afin-de-se-devouer-a-la-sainte-vierge\\\/\"},\"author\":{\"name\":\"Marie BATICLE\",\"@id\":\"https:\\\/\\\/editionsbussiere.com\\\/blog\\\/#\\\/schema\\\/person\\\/ec90e102792148c97e46ab871010dd8f\"},\"headline\":\"Michael Jula avis de d\u00e9c\u00e8s \u2013 IL afin de se d\u00e9vouer \u00e0 la Sainte Vierge .\",\"datePublished\":\"2024-06-06T07:15:58+00:00\",\"mainEntityOfPage\":{\"@id\":\"https:\\\/\\\/editionsbussiere.com\\\/blog\\\/michael-jula-avis-de-deces-il-afin-de-se-devouer-a-la-sainte-vierge\\\/\"},\"wordCount\":1950,\"publisher\":{\"@id\":\"https:\\\/\\\/editionsbussiere.com\\\/blog\\\/#organization\"},\"image\":{\"@id\":\"https:\\\/\\\/editionsbussiere.com\\\/blog\\\/michael-jula-avis-de-deces-il-afin-de-se-devouer-a-la-sainte-vierge\\\/#primaryimage\"},\"thumbnailUrl\":\"https:\\\/\\\/editionsbussiere.com\\\/blog\\\/wp-content\\\/uploads\\\/2024\\\/06\\\/Avis-de-deces-de-Steve-Krochta-IN-et-croire-1.jpeg\",\"articleSection\":[\"Editions \u00c9sot\u00e9rique Fond\u00e9e En 1927; D\u00e9p\u00e8ches:\"],\"inLanguage\":\"fr-FR\"},{\"@type\":\"WebPage\",\"@id\":\"https:\\\/\\\/editionsbussiere.com\\\/blog\\\/michael-jula-avis-de-deces-il-afin-de-se-devouer-a-la-sainte-vierge\\\/\",\"url\":\"https:\\\/\\\/editionsbussiere.com\\\/blog\\\/michael-jula-avis-de-deces-il-afin-de-se-devouer-a-la-sainte-vierge\\\/\",\"name\":\"Michael Jula avis de d\u00e9c\u00e8s \u2013 IL afin de se d\u00e9vouer \u00e0 la Sainte Vierge . - EDITIONSBUSSIERE\",\"isPartOf\":{\"@id\":\"https:\\\/\\\/editionsbussiere.com\\\/blog\\\/#website\"},\"primaryImageOfPage\":{\"@id\":\"https:\\\/\\\/editionsbussiere.com\\\/blog\\\/michael-jula-avis-de-deces-il-afin-de-se-devouer-a-la-sainte-vierge\\\/#primaryimage\"},\"image\":{\"@id\":\"https:\\\/\\\/editionsbussiere.com\\\/blog\\\/michael-jula-avis-de-deces-il-afin-de-se-devouer-a-la-sainte-vierge\\\/#primaryimage\"},\"thumbnailUrl\":\"https:\\\/\\\/editionsbussiere.com\\\/blog\\\/wp-content\\\/uploads\\\/2024\\\/06\\\/Avis-de-deces-de-Steve-Krochta-IN-et-croire-1.jpeg\",\"datePublished\":\"2024-06-06T07:15:58+00:00\",\"breadcrumb\":{\"@id\":\"https:\\\/\\\/editionsbussiere.com\\\/blog\\\/michael-jula-avis-de-deces-il-afin-de-se-devouer-a-la-sainte-vierge\\\/#breadcrumb\"},\"inLanguage\":\"fr-FR\",\"potentialAction\":[{\"@type\":\"ReadAction\",\"target\":[\"https:\\\/\\\/editionsbussiere.com\\\/blog\\\/michael-jula-avis-de-deces-il-afin-de-se-devouer-a-la-sainte-vierge\\\/\"]}]},{\"@type\":\"ImageObject\",\"inLanguage\":\"fr-FR\",\"@id\":\"https:\\\/\\\/editionsbussiere.com\\\/blog\\\/michael-jula-avis-de-deces-il-afin-de-se-devouer-a-la-sainte-vierge\\\/#primaryimage\",\"url\":\"https:\\\/\\\/editionsbussiere.com\\\/blog\\\/wp-content\\\/uploads\\\/2024\\\/06\\\/Avis-de-deces-de-Steve-Krochta-IN-et-croire-1.jpeg\",\"contentUrl\":\"https:\\\/\\\/editionsbussiere.com\\\/blog\\\/wp-content\\\/uploads\\\/2024\\\/06\\\/Avis-de-deces-de-Steve-Krochta-IN-et-croire-1.jpeg\",\"width\":600,\"height\":314,\"caption\":\"Avis de deces de Steve Krochta IN et croire 1\"},{\"@type\":\"BreadcrumbList\",\"@id\":\"https:\\\/\\\/editionsbussiere.com\\\/blog\\\/michael-jula-avis-de-deces-il-afin-de-se-devouer-a-la-sainte-vierge\\\/#breadcrumb\",\"itemListElement\":[{\"@type\":\"ListItem\",\"position\":1,\"name\":\"Accueil\",\"item\":\"https:\\\/\\\/editionsbussiere.com\\\/blog\\\/\"},{\"@type\":\"ListItem\",\"position\":2,\"name\":\"Michael Jula avis de d\u00e9c\u00e8s \u2013 IL afin de se d\u00e9vouer \u00e0 la Sainte Vierge .\"}]},{\"@type\":\"WebSite\",\"@id\":\"https:\\\/\\\/editionsbussiere.com\\\/blog\\\/#website\",\"url\":\"https:\\\/\\\/editionsbussiere.com\\\/blog\\\/\",\"name\":\"EDITIONSBUSSIERE\",\"description\":\"Editions \u00e9sot\u00e9rique fond\u00e9e en 1927; site historique, A SAVOIR ET RETENIR.\",\"publisher\":{\"@id\":\"https:\\\/\\\/editionsbussiere.com\\\/blog\\\/#organization\"},\"potentialAction\":[{\"@type\":\"SearchAction\",\"target\":{\"@type\":\"EntryPoint\",\"urlTemplate\":\"https:\\\/\\\/editionsbussiere.com\\\/blog\\\/?s={search_term_string}\"},\"query-input\":{\"@type\":\"PropertyValueSpecification\",\"valueRequired\":true,\"valueName\":\"search_term_string\"}}],\"inLanguage\":\"fr-FR\"},{\"@type\":\"Organization\",\"@id\":\"https:\\\/\\\/editionsbussiere.com\\\/blog\\\/#organization\",\"name\":\"editionsbussiere\",\"url\":\"https:\\\/\\\/editionsbussiere.com\\\/blog\\\/\",\"logo\":{\"@type\":\"ImageObject\",\"inLanguage\":\"fr-FR\",\"@id\":\"https:\\\/\\\/editionsbussiere.com\\\/blog\\\/#\\\/schema\\\/logo\\\/image\\\/\",\"url\":\"https:\\\/\\\/editionsbussiere.com\\\/blog\\\/wp-content\\\/uploads\\\/2023\\\/09\\\/cropped-buss.gif\",\"contentUrl\":\"https:\\\/\\\/editionsbussiere.com\\\/blog\\\/wp-content\\\/uploads\\\/2023\\\/09\\\/cropped-buss.gif\",\"width\":298,\"height\":120,\"caption\":\"editionsbussiere\"},\"image\":{\"@id\":\"https:\\\/\\\/editionsbussiere.com\\\/blog\\\/#\\\/schema\\\/logo\\\/image\\\/\"}},{\"@type\":\"Person\",\"@id\":\"https:\\\/\\\/editionsbussiere.com\\\/blog\\\/#\\\/schema\\\/person\\\/ec90e102792148c97e46ab871010dd8f\",\"name\":\"Marie BATICLE\",\"image\":{\"@type\":\"ImageObject\",\"inLanguage\":\"fr-FR\",\"@id\":\"https:\\\/\\\/secure.gravatar.com\\\/avatar\\\/c923e52403b1b8137e2d929127211d21967e6aecaa053bd43b09da29f212e76e?s=96&d=mm&r=g\",\"url\":\"https:\\\/\\\/secure.gravatar.com\\\/avatar\\\/c923e52403b1b8137e2d929127211d21967e6aecaa053bd43b09da29f212e76e?s=96&d=mm&r=g\",\"contentUrl\":\"https:\\\/\\\/secure.gravatar.com\\\/avatar\\\/c923e52403b1b8137e2d929127211d21967e6aecaa053bd43b09da29f212e76e?s=96&d=mm&r=g\",\"caption\":\"Marie BATICLE\"},\"url\":\"https:\\\/\\\/editionsbussiere.com\\\/blog\\\/author\\\/eremarie\\\/\"}]}<\/script>\n<!-- \/ Yoast SEO plugin. -->","yoast_head_json":{"title":"Michael Jula avis de d\u00e9c\u00e8s \u2013 IL afin de se d\u00e9vouer \u00e0 la Sainte Vierge . - EDITIONSBUSSIERE","robots":{"index":"index","follow":"follow","max-snippet":"max-snippet:-1","max-image-preview":"max-image-preview:large","max-video-preview":"max-video-preview:-1"},"canonical":"https:\/\/editionsbussiere.com\/blog\/michael-jula-avis-de-deces-il-afin-de-se-devouer-a-la-sainte-vierge\/","og_locale":"fr_FR","og_type":"article","og_title":"Michael Jula avis de d\u00e9c\u00e8s \u2013 IL afin de se d\u00e9vouer \u00e0 la Sainte Vierge . - EDITIONSBUSSIERE","og_description":"Michael Jula, v\u00e9t\u00e9ran de la marine, Pacific Theatre WWII. \u00c9poux bien-aim\u00e9 de Margaret n\u00e9e Schott depuis 56 ans. P\u00e8re bien-aim\u00e9 de Michael [Kathleen] et Jean [Anne] Jula. Cher grand-p\u00e8re de Michael P. [Louri], Brian, Mary, Nicholas et Leslie, anciens r\u00e9sidents de la r\u00e9gion de Burnside \u00e0 Chicago, du Country Club Hills et actuellement de Monee, [&hellip;]","og_url":"https:\/\/editionsbussiere.com\/blog\/michael-jula-avis-de-deces-il-afin-de-se-devouer-a-la-sainte-vierge\/","og_site_name":"EDITIONSBUSSIERE","article_published_time":"2024-06-06T07:15:58+00:00","og_image":[{"url":"https:\/\/editionsbussiere.com\/blog\/wp-content\/uploads\/2024\/06\/Avis-de-deces-de-Steve-Krochta-IN-et-croire-1.jpeg","type":"","width":"","height":""}],"author":"Marie BATICLE","twitter_card":"summary_large_image","twitter_misc":{"\u00c9crit par":"Marie BATICLE","Dur\u00e9e de lecture estim\u00e9e":"10 minutes"},"schema":{"@context":"https:\/\/schema.org","@graph":[{"@type":"Article","@id":"https:\/\/editionsbussiere.com\/blog\/michael-jula-avis-de-deces-il-afin-de-se-devouer-a-la-sainte-vierge\/#article","isPartOf":{"@id":"https:\/\/editionsbussiere.com\/blog\/michael-jula-avis-de-deces-il-afin-de-se-devouer-a-la-sainte-vierge\/"},"author":{"name":"Marie BATICLE","@id":"https:\/\/editionsbussiere.com\/blog\/#\/schema\/person\/ec90e102792148c97e46ab871010dd8f"},"headline":"Michael Jula avis de d\u00e9c\u00e8s \u2013 IL afin de se d\u00e9vouer \u00e0 la Sainte Vierge .","datePublished":"2024-06-06T07:15:58+00:00","mainEntityOfPage":{"@id":"https:\/\/editionsbussiere.com\/blog\/michael-jula-avis-de-deces-il-afin-de-se-devouer-a-la-sainte-vierge\/"},"wordCount":1950,"publisher":{"@id":"https:\/\/editionsbussiere.com\/blog\/#organization"},"image":{"@id":"https:\/\/editionsbussiere.com\/blog\/michael-jula-avis-de-deces-il-afin-de-se-devouer-a-la-sainte-vierge\/#primaryimage"},"thumbnailUrl":"https:\/\/editionsbussiere.com\/blog\/wp-content\/uploads\/2024\/06\/Avis-de-deces-de-Steve-Krochta-IN-et-croire-1.jpeg","articleSection":["Editions \u00c9sot\u00e9rique Fond\u00e9e En 1927; D\u00e9p\u00e8ches:"],"inLanguage":"fr-FR"},{"@type":"WebPage","@id":"https:\/\/editionsbussiere.com\/blog\/michael-jula-avis-de-deces-il-afin-de-se-devouer-a-la-sainte-vierge\/","url":"https:\/\/editionsbussiere.com\/blog\/michael-jula-avis-de-deces-il-afin-de-se-devouer-a-la-sainte-vierge\/","name":"Michael Jula avis de d\u00e9c\u00e8s \u2013 IL afin de se d\u00e9vouer \u00e0 la Sainte Vierge . - EDITIONSBUSSIERE","isPartOf":{"@id":"https:\/\/editionsbussiere.com\/blog\/#website"},"primaryImageOfPage":{"@id":"https:\/\/editionsbussiere.com\/blog\/michael-jula-avis-de-deces-il-afin-de-se-devouer-a-la-sainte-vierge\/#primaryimage"},"image":{"@id":"https:\/\/editionsbussiere.com\/blog\/michael-jula-avis-de-deces-il-afin-de-se-devouer-a-la-sainte-vierge\/#primaryimage"},"thumbnailUrl":"https:\/\/editionsbussiere.com\/blog\/wp-content\/uploads\/2024\/06\/Avis-de-deces-de-Steve-Krochta-IN-et-croire-1.jpeg","datePublished":"2024-06-06T07:15:58+00:00","breadcrumb":{"@id":"https:\/\/editionsbussiere.com\/blog\/michael-jula-avis-de-deces-il-afin-de-se-devouer-a-la-sainte-vierge\/#breadcrumb"},"inLanguage":"fr-FR","potentialAction":[{"@type":"ReadAction","target":["https:\/\/editionsbussiere.com\/blog\/michael-jula-avis-de-deces-il-afin-de-se-devouer-a-la-sainte-vierge\/"]}]},{"@type":"ImageObject","inLanguage":"fr-FR","@id":"https:\/\/editionsbussiere.com\/blog\/michael-jula-avis-de-deces-il-afin-de-se-devouer-a-la-sainte-vierge\/#primaryimage","url":"https:\/\/editionsbussiere.com\/blog\/wp-content\/uploads\/2024\/06\/Avis-de-deces-de-Steve-Krochta-IN-et-croire-1.jpeg","contentUrl":"https:\/\/editionsbussiere.com\/blog\/wp-content\/uploads\/2024\/06\/Avis-de-deces-de-Steve-Krochta-IN-et-croire-1.jpeg","width":600,"height":314,"caption":"Avis de deces de Steve Krochta IN et croire 1"},{"@type":"BreadcrumbList","@id":"https:\/\/editionsbussiere.com\/blog\/michael-jula-avis-de-deces-il-afin-de-se-devouer-a-la-sainte-vierge\/#breadcrumb","itemListElement":[{"@type":"ListItem","position":1,"name":"Accueil","item":"https:\/\/editionsbussiere.com\/blog\/"},{"@type":"ListItem","position":2,"name":"Michael Jula avis de d\u00e9c\u00e8s \u2013 IL afin de se d\u00e9vouer \u00e0 la Sainte Vierge ."}]},{"@type":"WebSite","@id":"https:\/\/editionsbussiere.com\/blog\/#website","url":"https:\/\/editionsbussiere.com\/blog\/","name":"EDITIONSBUSSIERE","description":"Editions \u00e9sot\u00e9rique fond\u00e9e en 1927; site historique, A SAVOIR ET RETENIR.","publisher":{"@id":"https:\/\/editionsbussiere.com\/blog\/#organization"},"potentialAction":[{"@type":"SearchAction","target":{"@type":"EntryPoint","urlTemplate":"https:\/\/editionsbussiere.com\/blog\/?s={search_term_string}"},"query-input":{"@type":"PropertyValueSpecification","valueRequired":true,"valueName":"search_term_string"}}],"inLanguage":"fr-FR"},{"@type":"Organization","@id":"https:\/\/editionsbussiere.com\/blog\/#organization","name":"editionsbussiere","url":"https:\/\/editionsbussiere.com\/blog\/","logo":{"@type":"ImageObject","inLanguage":"fr-FR","@id":"https:\/\/editionsbussiere.com\/blog\/#\/schema\/logo\/image\/","url":"https:\/\/editionsbussiere.com\/blog\/wp-content\/uploads\/2023\/09\/cropped-buss.gif","contentUrl":"https:\/\/editionsbussiere.com\/blog\/wp-content\/uploads\/2023\/09\/cropped-buss.gif","width":298,"height":120,"caption":"editionsbussiere"},"image":{"@id":"https:\/\/editionsbussiere.com\/blog\/#\/schema\/logo\/image\/"}},{"@type":"Person","@id":"https:\/\/editionsbussiere.com\/blog\/#\/schema\/person\/ec90e102792148c97e46ab871010dd8f","name":"Marie BATICLE","image":{"@type":"ImageObject","inLanguage":"fr-FR","@id":"https:\/\/secure.gravatar.com\/avatar\/c923e52403b1b8137e2d929127211d21967e6aecaa053bd43b09da29f212e76e?s=96&d=mm&r=g","url":"https:\/\/secure.gravatar.com\/avatar\/c923e52403b1b8137e2d929127211d21967e6aecaa053bd43b09da29f212e76e?s=96&d=mm&r=g","contentUrl":"https:\/\/secure.gravatar.com\/avatar\/c923e52403b1b8137e2d929127211d21967e6aecaa053bd43b09da29f212e76e?s=96&d=mm&r=g","caption":"Marie BATICLE"},"url":"https:\/\/editionsbussiere.com\/blog\/author\/eremarie\/"}]}},"_links":{"self":[{"href":"https:\/\/editionsbussiere.com\/blog\/wp-json\/wp\/v2\/posts\/749","targetHints":{"allow":["GET"]}}],"collection":[{"href":"https:\/\/editionsbussiere.com\/blog\/wp-json\/wp\/v2\/posts"}],"about":[{"href":"https:\/\/editionsbussiere.com\/blog\/wp-json\/wp\/v2\/types\/post"}],"author":[{"embeddable":true,"href":"https:\/\/editionsbussiere.com\/blog\/wp-json\/wp\/v2\/users\/3"}],"replies":[{"embeddable":true,"href":"https:\/\/editionsbussiere.com\/blog\/wp-json\/wp\/v2\/comments?post=749"}],"version-history":[{"count":0,"href":"https:\/\/editionsbussiere.com\/blog\/wp-json\/wp\/v2\/posts\/749\/revisions"}],"wp:featuredmedia":[{"embeddable":true,"href":"https:\/\/editionsbussiere.com\/blog\/wp-json\/wp\/v2\/media\/750"}],"wp:attachment":[{"href":"https:\/\/editionsbussiere.com\/blog\/wp-json\/wp\/v2\/media?parent=749"}],"wp:term":[{"taxonomy":"category","embeddable":true,"href":"https:\/\/editionsbussiere.com\/blog\/wp-json\/wp\/v2\/categories?post=749"},{"taxonomy":"post_tag","embeddable":true,"href":"https:\/\/editionsbussiere.com\/blog\/wp-json\/wp\/v2\/tags?post=749"}],"curies":[{"name":"wp","href":"https:\/\/api.w.org\/{rel}","templated":true}]}}