{"id":738,"date":"2024-06-04T12:04:17","date_gmt":"2024-06-04T10:04:17","guid":{"rendered":"https:\/\/editionsbussiere.com\/blog\/3-defis-a-connaitre-avant-de-decider-denseigner-a-vos-enfants-a-la-maison-avec-une-requete-en-debut-de-journee\/"},"modified":"2024-06-04T12:04:17","modified_gmt":"2024-06-04T10:04:17","slug":"3-defis-a-connaitre-avant-de-decider-denseigner-a-vos-enfants-a-la-maison-avec-une-requete-en-debut-de-journee","status":"publish","type":"post","link":"https:\/\/editionsbussiere.com\/blog\/3-defis-a-connaitre-avant-de-decider-denseigner-a-vos-enfants-a-la-maison-avec-une-requete-en-debut-de-journee\/","title":{"rendered":"3 d\u00e9fis \u00e0 conna\u00eetre avant de d\u00e9cider d\u2019enseigner \u00e0 vos enfants \u00e0 la maison\n avec une requ\u00eate en d\u00e9but de journ\u00e9e."},"content":{"rendered":"<div><img width=\"580\" height=\"290\" src=\"https:\/\/editionsbussiere.com\/blog\/wp-content\/uploads\/2024\/06\/3-defis-a-connaitre-avant-de-decider-denseigner-a-vos.jpg\" class=\"attachment-large size-large wp-post-image\" alt=\"3 d\u00e9fis \u00e0 conna\u00eetre avant de d\u00e9cider d\u2019enseigner \u00e0 vos\" style=\"float:left; margin:0 15px 15px 0;\" decoding=\"async\" srcset=\"https:\/\/editionsbussiere.com\/blog\/wp-content\/uploads\/2024\/06\/3-defis-a-connaitre-avant-de-decider-denseigner-a-vos.jpg 620w, https:\/\/www.n42.fr\/wp-content\/uploads\/2024\/06\/3-defis-a-connaitre-avant-de-decider-denseigner-a-vos-300x150.jpg 300w\" sizes=\"(max-width: 580px) 100vw, 580px\"><\/p>\n<p>\n<\/p>\n<div id=\"\"><span class=\"subtitle\">Si vous souhaitez scolariser vos enfants \u00e0 la maison et que vous souhaitez conna\u00eetre les tenants et les aboutissants de la d\u00e9cision, vous devrez faire attention \u00e0 ces d\u00e9fis.<\/span><\/p>\n<p>En tant que m\u00e8re d&rsquo;\u00e9cole \u00e0 la maison depuis six ans, j&rsquo;ai une longue liste de choses que j&rsquo;aime dans l&rsquo;\u00e9ducation de mes enfants de cette fa\u00e7on.<\/p>\n<p><strong>J&rsquo;aime pouvoir personnaliser le programme pour chaque enfant<\/strong>donc un enfant est tr\u00e8s en avance en litt\u00e9rature et en histoire, tandis qu&rsquo;un autre a une ann\u00e9e d&rsquo;avance en math\u00e9matiques. <\/p>\n<p><strong>J&rsquo;aime ne pas avoir \u00e0 pr\u00e9cipiter tout le monde dehors le matin<\/strong> mais peut profiter de matin\u00e9es plus lentes et paisibles en lisant des livres, en \u00e9coutant de la musique, en jouant \u00e0 des jeux imaginatifs et en passant du temps en famille.<\/p>\n<p><strong>J&rsquo;aime que mes enfants passent beaucoup de temps dehors<\/strong>par tous les temps, apprendre \u00e0 conna\u00eetre les plantes et les animaux locaux bien mieux que moi et apprendre \u00e0 aimer ce monde incroyable que Dieu a cr\u00e9\u00e9.<\/p>\n<p><strong>J&rsquo;aime que nous puissions voyager facilement<\/strong>quand on le souhaite, pr\u00e9parer les manuels scolaires pour prendre la route hors saison comme mi-septembre ou fin janvier.<\/p>\n<p><strong>J&rsquo;aime pouvoir \u00eatre l\u00e0 pour tous les hauts et les bas de leur vie quotidienne<\/strong>leur apprenant \u00e0 g\u00e9rer les interactions sociales avec courtoisie et \u00e0 traverser les moments difficiles avec courage.<\/p>\n<p><strong>J&rsquo;aime savoir exactement ce qu&rsquo;ils apprennent<\/strong> et peut pr\u00e9senter des informations \u00e0 travers le prisme de la v\u00e9rit\u00e9, de la beaut\u00e9 et de la bont\u00e9 que nous recherchons constamment en tant que famille catholique.<\/p>\n<p>Il y a tellement de choses \u00e0 aimer dans l\u2019\u00e9cole \u00e0 la maison, mais ce n\u2019est pas facile.  J&rsquo;ai \u00e9t\u00e9 un peu surpris, en tant que personne qui n&rsquo;avait pas moi-m\u00eame \u00e9t\u00e9 scolaris\u00e9e \u00e0 la maison, de d\u00e9couvrir que certaines parties de l&rsquo;\u00e9ducation de cette mani\u00e8re sont beaucoup plus difficiles que pr\u00e9vu. <\/p>\n<p>Si vous souhaitez scolariser vos enfants \u00e0 la maison et que vous souhaitez conna\u00eetre les tenants et les aboutissants de la d\u00e9cision, <strong>voici trois d\u00e9fis inattendus de l&rsquo;\u00e9cole \u00e0 la maison<\/strong>.<\/p>\n<h2 class=\"wp-block-aleteia-rich-list\"><span>1<\/span><br \/><strong>L&rsquo;\u00e9cole \u00e0 la maison demande beaucoup de discipline<\/strong><br \/><\/h2>\n<p>Pour moi, la partie la plus difficile de l&rsquo;\u00e9cole \u00e0 la maison est sans conteste <strong>le haut niveau de discipline personnelle que cela exige<\/strong>.  Je dois \u00eatre tr\u00e8s organis\u00e9 avec notre emploi du temps, nos livres et notre mat\u00e9riel si je veux r\u00e9ussir avec les cours quotidiens.<\/p>\n<p>Une partie de cette discipline consiste \u00e0 \u00eatre ferme et autoritaire dans la parentalit\u00e9.  J&rsquo;adh\u00e8re au style parental autoritaire, dans lequel les enfants sont trait\u00e9s avec respect et affection chaleureuse tandis que le parent fixe \u00e9galement des limites fermes avec des cons\u00e9quences coh\u00e9rentes.  Parce que je suis l&rsquo;enseignant de mes enfants, j&rsquo;ai de nombreuses occasions pendant la journ\u00e9e pour eux de repousser les limites, ce qui peut entra\u00eener des frictions entre nous.<\/p>\n<p>J&rsquo;ai d\u00e9couvert que le meilleur rem\u00e8de \u00e0 ces frictions et \u00e0 ces r\u00e9ticences est de maintenir fermement la limite tout en reconnaissant et en sympathisant avec ce que ressent l&rsquo;enfant, mais cela m&rsquo;enl\u00e8ve beaucoup.  En bref, si vous aimez \u00eatre un \u00ab parent amusant \u00bb et n&rsquo;aimez pas devoir \u00eatre un disciplinaire ferme (je tends moi-m\u00eame vers cette cat\u00e9gorie), cet aspect de l&rsquo;enseignement \u00e0 la maison va \u00eatre difficile pour vous.  En m\u00eame temps, je pense que cela a fait de moi un meilleur parent et m&rsquo;a aid\u00e9 \u00e0 grandir en tant que personne. Il y a donc aussi des aspects positifs dans le besoin \u00e9lev\u00e9 de discipline.<\/p>\n<h2 class=\"wp-block-aleteia-rich-list\"><span>2<\/span><br \/><strong>L&rsquo;\u00e9cole \u00e0 la maison peut signifier un foyer plus d\u00e9sordonn\u00e9<\/strong><br \/><\/h2>\n<p>Cette partie de l\u2019\u00e9cole \u00e0 la maison m\u2019a vraiment surprise et il m\u2019a fallu un certain temps pour m\u2019y habituer\u00a0! <strong>Parce que mes enfants sont litt\u00e9ralement toujours \u00e0 la maison, je suis tr\u00e8s rarement en mesure de nettoyer toute notre maison en m\u00eame temps.<\/strong> Si je nettoie dans une pi\u00e8ce, ils jouent et font des d\u00e9g\u00e2ts cr\u00e9atifs dans une autre !  Ajoutez \u00e0 cela des projets artistiques, des exp\u00e9riences scientifiques et des activit\u00e9s pour divertir les enfants d&rsquo;\u00e2ge pr\u00e9scolaire et les tout-petits pendant les cours, et vous comprendrez \u00e0 quel point il est difficile de nettoyer toute la maison si vous faites l&rsquo;\u00e9cole \u00e0 la maison.<\/p>\n<p>Bien s\u00fbr, mes enfants participent \u00e0 de nombreuses t\u00e2ches m\u00e9nag\u00e8res et nous avons des horaires de m\u00e9nage quotidiens r\u00e9guliers dans notre emploi du temps.  Ils sont tr\u00e8s dou\u00e9s pour nettoyer apr\u00e8s eux, pour les jeunes enfants.  Mais c&rsquo;est la fa\u00e7on naturelle qu&rsquo;ont les enfants de semer le d\u00e9sordre lorsqu&rsquo;ils jouent, donc le plus souvent, nous avons une sorte de chaos cr\u00e9atif dans la maison. <\/p>\n<p>Mon mari a appris \u00e0 \u00eatre tr\u00e8s patient lorsque je lui envoie un message : \u00ab Juste pour vous pr\u00e9venir, les enfants ont jou\u00e9 <em>TR\u00c8S <\/em>de mani\u00e8re cr\u00e9ative partout dans la maison aujourd&rsquo;hui\u00a0!\u00a0\u00bb<\/p>\n<h2 class=\"wp-block-aleteia-rich-list\"><span>3<\/span><br \/><strong>L&rsquo;\u00e9cole \u00e0 la maison peut rendre plus difficile la prise en charge de soi<\/strong><br \/><\/h2>\n<p>Encore une fois, parce que je suis toujours avec mes enfants, avec de rares pauses, <strong>Je trouve qu&rsquo;il peut \u00eatre facile pour moi d&rsquo;aborder le burn-out<\/strong>.  Mes enfants sont tr\u00e8s \u00e9nergiques et c&rsquo;est beaucoup de les suivre. <\/p>\n<p>Prendre soin de soi est l\u2019une des choses dont on parle le moins dans le monde de l\u2019\u00e9cole \u00e0 la maison, mais pour moi, c\u2019est l\u2019une des choses les plus importantes \u00e0 inclure dans mes projets d\u2019\u00e9cole \u00e0 la maison.  Sinon, ce style de vie consistant \u00e0 servir \u00e0 la fois de m\u00e8re et d\u2019enseignante peut devenir \u00e9crasant.<\/p>\n<p>Prendre soin de soi en tant que m\u00e8re scolaris\u00e9e \u00e0 la maison a \u00e9t\u00e9 diff\u00e9rent pour moi selon les saisons, mais en ce moment, je trouve tr\u00e8s utile de me r\u00e9veiller avant mes enfants et de prier, de faire de l&rsquo;exercice et de passer du temps seul et tranquille.  L\u2019ann\u00e9e scolaire derni\u00e8re, j\u2019ai inscrit mes enfants dans une \u00e9cole hybride un matin par semaine pour m\u2019accorder une petite pause.  L\u2019ann\u00e9e pr\u00e9c\u00e9dente, l\u2019un de mes enfants les plus \u00e9nergiques allait \u00e0 l\u2019\u00e9cole maternelle deux matins par semaine.  L\u2019ann\u00e9e pr\u00e9c\u00e9dente, j\u2019avais rejoint une salle de sport avec garderie o\u00f9 je pouvais d\u00e9poser mes enfants pendant que je faisais de l\u2019exercice et prenais une douche. <\/p>\n<p>Vous avez eu l&rsquo;id\u00e9e.  En tant que parents scolaris\u00e9s \u00e0 la maison, nous devons r\u00e9fl\u00e9chir et planifier davantage la fa\u00e7on dont nous allons obtenir des pauses pour nous ressourcer et prendre soin de nous-m\u00eames.  Nos conjoints jouent \u00e9galement un r\u00f4le important ici : mon mari assume une grande partie de la charge mentale dans notre maison afin de me lib\u00e9rer du temps pour l&rsquo;\u00e9cole \u00e0 la maison.  Le r\u00f4le de l\u2019autre parent pour garantir que le parent qui fait l\u2019\u00e9cole \u00e0 la maison dispose de suffisamment de temps pour lui-m\u00eame est un \u00e9l\u00e9ment vraiment crucial dans la d\u00e9cision de faire ou non l\u2019\u00e9cole \u00e0 la maison. <\/p>\n<p>En tant que m\u00e8re qui fait l&rsquo;\u00e9cole \u00e0 la maison, j&rsquo;ai trouv\u00e9 que ces trois choses \u00e9taient la partie la plus difficile de l&rsquo;\u00e9cole \u00e0 la maison.  J&rsquo;aimerais conna\u00eetre votre avis\u00a0: si vous faites l&rsquo;\u00e9cole \u00e0 la maison, \u00eates-vous d&rsquo;accord avec cette liste\u00a0?  Qu&rsquo;ajouteriez-vous ?<\/p>\n<div data-category=\"Lifestyle\" data-category-english=\"lifestyle\" class=\"wp-block-aleteia-read-also read-also\">\n<figure><\/figure>\n<\/div>\n<div data-category=\"Lifestyle\" data-category-english=\"lifestyle\" class=\"wp-block-aleteia-read-also read-also\">\n<figure><\/figure>\n<\/div>\n<\/div>\n<p><script data-rh=\"true\">\n            window.addEventListener('load', function () \n                !function (f, b, e, v, n, t, s) \n                    if (f.fbq) return;\n                    n = f.fbq = function () \n                        n.callMethod ?\n                            n.callMethod.apply(n, arguments) : n.queue.push(arguments)\n                    ;\n                    if (!f._fbq) f._fbq = n;\n                    n.push = n;\n                    n.loaded = !0;\n                    n.version = '2.0';\n                    n.queue = [];\n                    t = b.createElement(e);\n                    t.defer = true;\n                    t.src = v;\n                    s = b.getElementsByTagName(e)[0];\n                    s.parentNode.insertBefore(t, s)\n                (window, document, 'script',\n                    '\n                fbq('init', '1064056854112873');\n                fbq('track', 'PageView');\n            );\n\t\t<\/script><script id=\"__FRONTITY_CONNECT_STATE__\" type=\"application\/json\">{\"source\":{\"data\":{\"@layout\/\":\"isFetching\":false,\"isReady\":true,\"route\":\"@layout\/\",\"link\":\"@layout\/\",\"query\":,\"page\":1,\"@premium-content\/\":\"isFetching\":false,\"isReady\":true,\"route\":\"@premium-content\/\",\"link\":\"@premium-content\/\",\"query\":,\"page\":1,\"isPremiumContent\":true,\"\/2024\/06\/04\/3-challenges-to-know-before-deciding-to-homeschool-your-kids\/\":{\"isFetching\":false,\"isReady\":true,\"route\":\"\/2024\/06\/04\/3-challenges-to-know-before-deciding-to-homeschool-your-kids\/\",\"link\":\"\/2024\/06\/04\/3-challenges-to-know-before-deciding-to-homeschool-your-kids\/\",\"query\":,\"page\":1,\"id\":807151,\"type\":\"post\",\"isPostType\":true,\"isPost\":true,\"commentsOpen\":true,\"isSponsored\":false,\"isSponsoredWithAds\":true,\"isPhotoOfTheDay\":false,\"isDailyWisdom\":false,\"body\":{\"simple\":false,\"id\":807151,\"related\":[],\"content\":\"u003cspan class=\"subtitle\"u003eIf you\u2019re interested in homeschooling your children and want to know the ins and outs of the decision, you'll want to look out for these challenges.u003c\/spanu003eu003cpu003eAs a homeschool mom for the past six years, I have a long list of things I love about educating my kids this way.u003c\/pu003enu003cpu003eu003cstrongu003eI love that I can customize the curriculum to each individual childu003c\/strongu003e, so one kid is way ahead in literature and history, while another is working a grade ahead in math.u0026nbsp;u003c\/pu003enu003cpu003eu003cstrongu003eI love that I don\u2019t have to rush everyone out the door in the morningu003c\/strongu003e but can enjoy slower, peaceful mornings reading books, listening to music, playing imaginative games, and having family time.u003c\/pu003enu003cpu003eu003cstrongu003eI love that my kids spend tons of time outsideu003c\/strongu003e, in all weather, getting to know the local plants and animals far better than I do and learning to love this incredible world God created.u003c\/pu003enu003cpu003eu003cstrongu003eI love that we can travel easilyu003c\/strongu003e, whenever we want, packing up the school books to hit the road in off-season times like mid-September or the end of January.u003c\/pu003enu003cdiv id='aleteia-welcome'u003eu003c\/divu003enu003cpu003eu003cstrongu003eI love that I get to be there for all the ups and downs of their daily livesu003c\/strongu003e, teaching them to navigate social interactions with courtesy and push through hard times with fortitude.u003c\/pu003enu003cpu003eu003cstrongu003eI love that I know exactly what they\u2019re learningu003c\/strongu003e and can present information through the lens of the truth, beauty and goodness that we constantly seek as a Catholic family.u003c\/pu003enu003cpu003eThere is so much to love about homeschooling, but it\u2019s not easy. I was a little surprised, as someone who was not homeschooled myself, to discover that some parts of educating this way are a lot harder than I expected.u0026nbsp;u003c\/pu003enu003cpu003eIf you\u2019re interested in homeschooling your children and want to know the ins and outs of the decision, u003cstrongu003ehere are three unexpected challenges of homeschoolingu003c\/strongu003e.u003c\/pu003enu003ch2 class=\"wp-block-aleteia-rich-list\"u003entttu003cspanu003e1u003c\/spanu003eu003cbr \/u003entttu003cstrongu003eHomeschooling calls for a lot of disciplineu003c\/strongu003eu003cbr \/u003enttu003c\/h2u003enu003cpu003eHands down the hardest part of homeschooling for me is u003cstrongu003ethe high level of personal discipline it calls foru003c\/strongu003e. I need to be very organized with our schedule, books and materials if I\u2019m going to have any success with daily lessons.u003c\/pu003enu003cpu003ePart of this discipline includes being firm and authoritative in parenting. I ascribe to the u003ca href=\" target=\"_blank\" rel=\"noopener\" title=\"\"u003eauthoritative parenting styleu003c\/au003e, in which children are treated with respect and warm affection while the parent also sets firm boundaries with consistent consequences. Because I am my children\u2019s teacher, I have a lot of opportunities during the day for them to push back against boundaries and that can lead to friction between us.u003c\/pu003enu003cpu003eI\u2019ve found that the best remedy for this friction and pushback is to hold the boundary firmly while acknowledging and sympathizing with how the child feels, but it takes a lot out of me. In short, if you like being a \u201cfun parent\u201d and don\u2019t love having to be a firm disciplinarian (I tend toward this category myself), this aspect of homeschooling is going to be tough for you. At the same time, I think it\u2019s made me a better parent and helped me grow as a person, so there are definitely positive things about the high need for discipline too.u003c\/pu003enu003ch2 class=\"wp-block-aleteia-rich-list\"u003entttu003cspanu003e2u003c\/spanu003eu003cbr \/u003entttu003cstrongu003eHomeschooling can mean a messier homeu003c\/strongu003eu003cbr \/u003enttu003c\/h2u003enu003cpu003eThis part of homeschooling really surprised me and took some getting used to! u003cstrongu003eBecause my children are literally always at home, I\u2019m very rarely able to get our whole house clean at the same time.u003c\/strongu003e If I\u2019m cleaning in one room, they are playing and making creative messes in another! Add on to that the art projects, science experiments, and activities to entertain the preschoolers and toddlers during lessons, and you can see how challenging it is to get the whole house cleaned up if you homeschool.u003c\/pu003enu003cpu003eOf course, my children help with many of the chores, and we have regular daily cleaning times in our schedule. They are very good about cleaning up after themselves, for young children. But it\u2019s the natural way of children to make a mess as they play, so more often than not, we have some kind of creative chaos going on in the house.u0026nbsp;u003c\/pu003enu003cpu003eMy husband has learned to be extra patient when I text him, \u201cJust to warn you, the children have been playing u003cemu003eVERY u003c\/emu003ecreatively all over the house today!\u201du003c\/pu003enu003ch2 class=\"wp-block-aleteia-rich-list\"u003entttu003cspanu003e3u003c\/spanu003eu003cbr \/u003entttu003cstrongu003eHomeschooling can make it harder to take care of yourselfu003c\/strongu003eu003cbr \/u003enttu003c\/h2u003enu003cpu003eAgain, because I\u2019m always with my children, with rare breaks, u003cstrongu003eI find that it can be easy for me to approach burn-outu003c\/strongu003e. My kids are very energetic and it\u2019s a lot to keep up with them.u0026nbsp;u003c\/pu003enu003cpu003eSelf-care is one of the things I see talked about the least in the homeschool world, but to me, it\u2019s one of the most important things to include in my homeschool plans. Otherwise, this lifestyle of serving as both mom and teacher can become overwhelming.u003c\/pu003enu003cpu003eSelf-care as a homeschool mom has looked different for me in different seasons, but right now, I am finding it really helpful to u003ca href=\" target=\"_blank\" rel=\"noopener\" title=\"\"u003ewake up before my kidsu003c\/au003e and get in some prayer, exercise, and quiet alone time. This past school year, I enrolled my children in a hybrid school one morning a week to give myself a little break. The year before that, one of my most energetic children attended preschool two mornings a week. The year before that, I joined a gym with childcare where I could drop off my kids while I got in some exercise and a shower.\u00a0u003c\/pu003enu003cpu003eYou get the idea. As homeschool parents, we need to give some extra thought and planning to how we are going to get breaks to recharge and take care of ourselves. Our spouses also play a huge role here: My husband takes on a big share of the mental load in our home in order to free up my time for homeschooling. The role of the other parent in ensuring that the homeschooling parent gets enough time to themselves is a really crucial part of deciding whether to homeschool.u0026nbsp;u003c\/pu003enu003cpu003eAs a homeschool mom, I\u2019ve found these three things to be the most challenging part of homeschooling. I\u2019d love to hear your thoughts: If you homeschool, do you agree with this list? What would you add?u003c\/pu003entu003cdiv data-category=\"Lifestyle\" data-category-english=\"lifestyle\" class=\"wp-block-aleteia-read-also read-also\"u003enttu003cfigureu003entttu003cimgnttttsrc=\" homeschool, homework\"nttttloading=\"lazy\" \/u003enttu003c\/figureu003enttu003cdiv class=\"read-also-inner\"u003entttu003cemu003eRead more:u003c\/emu003eu003ca href=\" Big myths people still believe about homeschoolingu003c\/au003enttu003c\/divu003entu003c\/divu003etu003cdiv data-category=\"Lifestyle\" data-category-english=\"lifestyle\" class=\"wp-block-aleteia-read-also read-also\"u003enttu003cfigureu003entttu003cimgnttttsrc=\" \/u003enttu003c\/figureu003enttu003cdiv class=\"read-also-inner\"u003entttu003cemu003eRead more:u003c\/emu003eu003ca href=\"u003e5 Small changes made a big difference for this homeschooleru003c\/au003enttu003c\/divu003entu003c\/divu003e\",\"rawcontent\":\"u003c!-- wp:aleteia\/subtitle \/--u003ennu003c!-- wp:paragraph --u003enu003cpu003eAs a homeschool mom for the past six years, I have a long list of things I love about educating my kids this way.u003c\/pu003enu003c!-- \/wp:paragraph --u003ennu003c!-- wp:paragraph --u003enu003cpu003eu003cstrongu003eI love that I can customize the curriculum to each individual childu003c\/strongu003e, so one kid is way ahead in literature and history, while another is working a grade ahead in math.u0026nbsp;u003c\/pu003enu003c!-- \/wp:paragraph --u003ennu003c!-- wp:paragraph --u003enu003cpu003eu003cstrongu003eI love that I don\u2019t have to rush everyone out the door in the morningu003c\/strongu003e but can enjoy slower, peaceful mornings reading books, listening to music, playing imaginative games, and having family time.u003c\/pu003enu003c!-- \/wp:paragraph --u003ennu003c!-- wp:paragraph --u003enu003cpu003eu003cstrongu003eI love that my kids spend tons of time outsideu003c\/strongu003e, in all weather, getting to know the local plants and animals far better than I do and learning to love this incredible world God created.u003c\/pu003enu003c!-- \/wp:paragraph --u003ennu003c!-- wp:paragraph --u003enu003cpu003eu003cstrongu003eI love that we can travel easilyu003c\/strongu003e, whenever we want, packing up the school books to hit the road in off-season times like mid-September or the end of January.u003c\/pu003enu003c!-- \/wp:paragraph --u003ennu003c!-- wp:paragraph --u003enu003cpu003eu003cstrongu003eI love that I get to be there for all the ups and downs of their daily livesu003c\/strongu003e, teaching them to navigate social interactions with courtesy and push through hard times with fortitude.u003c\/pu003enu003c!-- \/wp:paragraph --u003ennu003c!-- wp:paragraph --u003enu003cpu003eu003cstrongu003eI love that I know exactly what they\u2019re learningu003c\/strongu003e and can present information through the lens of the truth, beauty and goodness that we constantly seek as a Catholic family.u003c\/pu003enu003c!-- \/wp:paragraph --u003ennu003c!-- wp:paragraph --u003enu003cpu003eThere is so much to love about homeschooling, but it\u2019s not easy. I was a little surprised, as someone who was not homeschooled myself, to discover that some parts of educating this way are a lot harder than I expected.u0026nbsp;u003c\/pu003enu003c!-- \/wp:paragraph --u003ennu003c!-- wp:paragraph --u003enu003cpu003eIf you\u2019re interested in homeschooling your children and want to know the ins and outs of the decision, u003cstrongu003ehere are three unexpected challenges of homeschoolingu003c\/strongu003e.u003c\/pu003enu003c!-- \/wp:paragraph --u003ennu003c!-- wp:aleteia\/rich-list \"index\":\"1\",\"text\":\"Homeschooling calls for a lot of discipline\" --u003enu003ch3 class=\"wp-block-aleteia-rich-list\"u003eu003cspanu003e1u003c\/spanu003eu003cstrongu003eHomeschooling calls for a lot of disciplineu003c\/strongu003eu003c\/h3u003enu003c!-- \/wp:aleteia\/rich-list --u003ennu003c!-- wp:paragraph --u003enu003cpu003eHands down the hardest part of homeschooling for me is u003cstrongu003ethe high level of personal discipline it calls foru003c\/strongu003e. I need to be very organized with our schedule, books and materials if I\u2019m going to have any success with daily lessons.u003c\/pu003enu003c!-- \/wp:paragraph --u003ennu003c!-- wp:paragraph --u003enu003cpu003ePart of this discipline includes being firm and authoritative in parenting. I ascribe to the u003ca href=\" target=\"_blank\" rel=\"noopener\" title=\"\"u003eauthoritative parenting styleu003c\/au003e, in which children are treated with respect and warm affection while the parent also sets firm boundaries with consistent consequences. Because I am my children\u2019s teacher, I have a lot of opportunities during the day for them to push back against boundaries and that can lead to friction between us.u003c\/pu003enu003c!-- \/wp:paragraph --u003ennu003c!-- wp:paragraph --u003enu003cpu003eI\u2019ve found that the best remedy for this friction and pushback is to hold the boundary firmly while acknowledging and sympathizing with how the child feels, but it takes a lot out of me. In short, if you like being a \u201cfun parent\u201d and don\u2019t love having to be a firm disciplinarian (I tend toward this category myself), this aspect of homeschooling is going to be tough for you. At the same time, I think it\u2019s made me a better parent and helped me grow as a person, so there are definitely positive things about the high need for discipline too.u003c\/pu003enu003c!-- \/wp:paragraph --u003ennu003c!-- wp:aleteia\/rich-list \"index\":\"2\",\"text\":\"Homeschooling can mean a messier home\" --u003enu003ch3 class=\"wp-block-aleteia-rich-list\"u003eu003cspanu003e2u003c\/spanu003eu003cstrongu003eHomeschooling can mean a messier homeu003c\/strongu003eu003c\/h3u003enu003c!-- \/wp:aleteia\/rich-list --u003ennu003c!-- wp:paragraph --u003enu003cpu003eThis part of homeschooling really surprised me and took some getting used to! u003cstrongu003eBecause my children are literally always at home, I\u2019m very rarely able to get our whole house clean at the same time.u003c\/strongu003e If I\u2019m cleaning in one room, they are playing and making creative messes in another! Add on to that the art projects, science experiments, and activities to entertain the preschoolers and toddlers during lessons, and you can see how challenging it is to get the whole house cleaned up if you homeschool.u003c\/pu003enu003c!-- \/wp:paragraph --u003ennu003c!-- wp:paragraph --u003enu003cpu003eOf course, my children help with many of the chores, and we have regular daily cleaning times in our schedule. They are very good about cleaning up after themselves, for young children. But it\u2019s the natural way of children to make a mess as they play, so more often than not, we have some kind of creative chaos going on in the house.u0026nbsp;u003c\/pu003enu003c!-- \/wp:paragraph --u003ennu003c!-- wp:paragraph --u003enu003cpu003eMy husband has learned to be extra patient when I text him, \u201cJust to warn you, the children have been playing u003cemu003eVERY u003c\/emu003ecreatively all over the house today!\u201du003c\/pu003enu003c!-- \/wp:paragraph --u003ennu003c!-- wp:aleteia\/rich-list \"index\":\"3\",\"text\":\"Homeschooling can make it harder to take care of yourself\" --u003enu003ch3 class=\"wp-block-aleteia-rich-list\"u003eu003cspanu003e3u003c\/spanu003eu003cstrongu003eHomeschooling can make it harder to take care of yourselfu003c\/strongu003eu003c\/h3u003enu003c!-- \/wp:aleteia\/rich-list --u003ennu003c!-- wp:paragraph --u003enu003cpu003eAgain, because I\u2019m always with my children, with rare breaks, u003cstrongu003eI find that it can be easy for me to approach burn-outu003c\/strongu003e. My kids are very energetic and it\u2019s a lot to keep up with them.u0026nbsp;u003c\/pu003enu003c!-- \/wp:paragraph --u003ennu003c!-- wp:paragraph --u003enu003cpu003eSelf-care is one of the things I see talked about the least in the homeschool world, but to me, it\u2019s one of the most important things to include in my homeschool plans. Otherwise, this lifestyle of serving as both mom and teacher can become overwhelming.u003c\/pu003enu003c!-- \/wp:paragraph --u003ennu003c!-- wp:paragraph --u003enu003cpu003eSelf-care as a homeschool mom has looked different for me in different seasons, but right now, I am finding it really helpful to u003ca href=\" target=\"_blank\" rel=\"noopener\" title=\"\"u003ewake up before my kidsu003c\/au003e and get in some prayer, exercise, and quiet alone time. This past school year, I enrolled my children in a hybrid school one morning a week to give myself a little break. The year before that, one of my most energetic children attended preschool two mornings a week. The year before that, I joined a gym with childcare where I could drop off my kids while I got in some exercise and a shower.\u00a0u003c\/pu003enu003c!-- \/wp:paragraph --u003ennu003c!-- wp:paragraph --u003enu003cpu003eYou get the idea. As homeschool parents, we need to give some extra thought and planning to how we are going to get breaks to recharge and take care of ourselves. Our spouses also play a huge role here: My husband takes on a big share of the mental load in our home in order to free up my time for homeschooling. The role of the other parent in ensuring that the homeschooling parent gets enough time to themselves is a really crucial part of deciding whether to homeschool.u0026nbsp;u003c\/pu003enu003c!-- \/wp:paragraph --u003ennu003c!-- wp:paragraph --u003enu003cpu003eAs a homeschool mom, I\u2019ve found these three things to be the most challenging part of homeschooling. I\u2019d love to hear your thoughts: If you homeschool, do you agree with this list? What would you add?u003c\/pu003enu003c!-- \/wp:paragraph --u003ennu003c!-- wp:aleteia\/read-also {\"link\":\" Big myths people still believe about homeschooling\",\"image\":\" --u003enu003cdiv class=\"read-also\"u003eu003ca href=\" Big myths people still believe about homeschoolingu003c\/au003eu003c\/divu003enu003c!-- \/wp:aleteia\/read-also --u003ennu003c!-- wp:aleteia\/read-also {\"link\":\",\"text\":\"5 Small changes made a big difference for this homeschooler\",\"image\":\" --u003enu003cdiv class=\"read-also\"u003eu003ca href=\"u003e5 Small changes made a big difference for this homeschooleru003c\/au003eu003c\/divu003enu003c!-- \/wp:aleteia\/read-also --u003e\",\"pages\":1,\"language\":\"en\",\"galleries\":[],\"video\":false,\"title\":\"3 Challenges to know before deciding to homeschool your kids\",\"subheading\":\"If you\u2019re interested in homeschooling your children and want to know the ins and outs of the decision, you'll want to look out for these challenges.\",\"author\":\"Theresa Civantos Barber\",\"author_2\":\"\",\"authors_obj\":[\"ID\":\"327797\",\"link\":\" class=\"p1\"u003eu003cspan class=\"s1\"u003eTheresa Civantos Barber is an assistant editor for Aleteia. She has worked as an editor for Regnery Publishing, University of Chicago and Midwest Theological Forum.\u00a0u003c\/spanu003eu003c\/pu003e\",\"twitter\":\"\",\"facebook\":\"\",\"subtitle\":\"\",\"title_guest_author\":\"\",\"thumb\":\" Civantos Barber\",\"hreflangs\":\"en\":\" images ,\"link\":\"\/2024\/06\/04\/3-challenges-to-know-before-deciding-to-homeschool-your-kids\/\",\"category_obj\":\"link\":\" 0, 31, 77, 1 )\",\"term_id\":278,\"category\":\"Lifestyle\",\"category_slug\":\"lifestyle\",\"category_id\":278,\"category_color\":\"#001F4D\",\"parent_category\":\"Lifestyle\",\"published\":1717473600,\"published_datalayer\":\"2024.06.04\",\"article_modified_date\":\"\",\"article_modified\":false,\"published_formatted\":\"published on 06\/04\/24\",\"tags\":\"Children, Education, Homeschooling, Parenting\",\"firsttag\":\"Parenting\",\"tags_items\":[\"term_id\":423716117,\"name\":\"Children\",\"link\":\" Department\",\"settings\":\"disable_slideshow_cta\":\"\",\"template_customizations\":\"\",\"post_appearance_setting\":\"no_drop_caps\":false,\"hide_from_tops\":false,\"hide_date\":false,\"hide_post\":false,\"hide_post_in_newsletter\":false,\"ads_disabled\":false,\"inread_ads_disabled\":false,\"custom_inread_position_enabled\":false,\"custom_inread_position\":\"2\",\"test_pixel_enabled\":false,\"test_pixel_position\":\"\",\"exclude_banner_article\":false,\"div_moneytags_position\":\"\",\"hide_promotional_box\":false,\"original_article\":\"is_original\":\"1\",\"url\":\"\",\"edition\":\"en\",\"gtm\":\"page_type\":\"\",\"page_type_2\":\"\",\"category_name\":\"lifestyle\",\"article_subcategory\":\"Lifestyle\",\"article_type\":\"article\",\"cd\":\"dimension1\":\"Theresa Civantos Barber\",\"dimension2\":\"Lifestyle\",\"dimension3\":\"1717473600\",\"dimension4\":\"en\",\"dimension5\":\"\",\"dimension6\":\"article\",\"dimension7\":\"2024.06.04\",\"dimension8\":\"Children, Education, Homeschooling, Parenting\",\"dimension9\":\"If you\u2019re interested in homeschooling your children and want to know the ins and outs of the decision, you'll want to look out for these challenges.\",\"dimension10\":\"807151\",\"dimension11\":\"Children\",\"dimension12\":\"web\",\"dimension13\":\"\",\"dimension17\":\"Lifestyle Department\",\"dimension14\":\"Lifestyle\",\"photo_of_the_day\":false,\"daily_wisdom\":false,\"word_count\":1486,\"shortcodes\":[],\"sponsoredSettings\":,\"isSponsored\":false,\"custom_skin_settings\":\"slot\":\"custom-skin\",\"library\":\"theme.Skin\",\"skin_default_article\":\"1\",\"hide_from_layout_endpoint\":\"1\",\"props\":\"id\":\"custom-skid-ad\",\"unit\":\"64500793\/EN_DESK_ARTICLE_SKIN_1x1\",\"collapse_empty_divs\":false,\"premium_ads\":false,\"bids\":\"\",\"nexxx360_id\":\"\",\"size\":[],\"adjacent_posts\":\"next_post\":\"link\":\" Article \",\"prev_post\":\"link\":\" Article \",\"close_comments\":false,\"premium_content\":\"\",\"trunked_content\":\"u003ch2 class=\"subtitle\"u003eIf you\u2019re interested in homeschooling your children and want to know the ins and outs of the decision, you'll want to look out for these challenges.u003c\/h2u003enu003cpu003eAs a homeschool mom for the past six years, I have a long list of things I love about educating my kids this way.u003c\/pu003ennu003cpu003eu003cstrongu003eI love that I can customize the curriculum to each individual childu003c\/strongu003e, so one kid is way ahead in literature and history, while another is working a grade ahead in math.u0026nbsp;u003c\/pu003en\",\"typeform_embed_code\":\"\",\"rightcolumn\":{\"items\":[\"type\":\"right-column-banner\",\"data\":\"enabled\":\"1\",\"image\":\"full\":\"https:\/\/wp.en.aleteia.org\/wp-content\/uploads\/sites\/2\/2024\/04\/Aleteia-Pilgrimage-300x250-1.png\",\"url\":\"https:\/\/wp.en.aleteia.org\/wp-content\/uploads\/sites\/2\/2024\/04\/Aleteia-Pilgrimage-300x250-1.png?w=300u0026h=250u0026crop=1\",\"thumb\":\"https:\/\/wp.en.aleteia.org\/wp-content\/uploads\/sites\/2\/2024\/04\/Aleteia-Pilgrimage-300x250-1.png?w=300u0026h=250u0026crop=1\",\"thumb_big\":\"https:\/\/wp.en.aleteia.org\/wp-content\/uploads\/sites\/2\/2024\/04\/Aleteia-Pilgrimage-300x250-1.png?w=300u0026h=250u0026crop=1\",\"uncropped\":\"https:\/\/wp.en.aleteia.org\/wp-content\/uploads\/sites\/2\/2024\/04\/Aleteia-Pilgrimage-300x250-1.png?w=300\",\"medium\":\"https:\/\/wp.en.aleteia.org\/wp-content\/uploads\/sites\/2\/2024\/04\/Aleteia-Pilgrimage-300x250-1.png?w=300u0026h=230u0026crop=1\",\"small\":\"https:\/\/wp.en.aleteia.org\/wp-content\/uploads\/sites\/2\/2024\/04\/Aleteia-Pilgrimage-300x250-1.png?w=220u0026h=110u0026crop=1\",\"credits\":\"title\":\"Aleteia-Pilgrimage-300u0026#215;250-1.png\",\"copyright\":\"\",\"link\":\"\",\"caption\":\"\",\"alt\":\"Aleteia-Pilgrimage-300u0026#215;250-1.png\",\"link\":\"https:\/\/aleteia.org\/2024\/04\/02\/join-aleteia-in-2024-for-four-spectacular-pilgrimages\/?utm_source=Aleteiau0026utm_medium=banners\",\"geolinks\":[],\"add_target_blank\":\"1\",\"enabled_only_home\":false,\"disabled_only_home\":false,\"image_logged_in\":798152,\"link_logged_in\":\"https:\/\/aleteia.org\/2024\/04\/02\/join-aleteia-in-2024-for-four-spectacular-pilgrimages\/?utm_source=Aleteiau0026utm_medium=banners\",\"add_cd\":\"1\",\"disable_in_app\":false,\"ap_item_name\":\"donation\",\"ap_promotion_name\":\"support_aleteia\",\"image_loggedin\":\"full\":\"https:\/\/wp.en.aleteia.org\/wp-content\/uploads\/sites\/2\/2024\/04\/Aleteia-Pilgrimage-300x250-1.png\",\"url\":\"https:\/\/wp.en.aleteia.org\/wp-content\/uploads\/sites\/2\/2024\/04\/Aleteia-Pilgrimage-300x250-1.png?w=300u0026h=250u0026crop=1\",\"thumb\":\"https:\/\/wp.en.aleteia.org\/wp-content\/uploads\/sites\/2\/2024\/04\/Aleteia-Pilgrimage-300x250-1.png?w=300u0026h=250u0026crop=1\",\"thumb_big\":\"https:\/\/wp.en.aleteia.org\/wp-content\/uploads\/sites\/2\/2024\/04\/Aleteia-Pilgrimage-300x250-1.png?w=300u0026h=250u0026crop=1\",\"uncropped\":\"https:\/\/wp.en.aleteia.org\/wp-content\/uploads\/sites\/2\/2024\/04\/Aleteia-Pilgrimage-300x250-1.png?w=300\",\"medium\":\"https:\/\/wp.en.aleteia.org\/wp-content\/uploads\/sites\/2\/2024\/04\/Aleteia-Pilgrimage-300x250-1.png?w=300u0026h=230u0026crop=1\",\"small\":\"https:\/\/wp.en.aleteia.org\/wp-content\/uploads\/sites\/2\/2024\/04\/Aleteia-Pilgrimage-300x250-1.png?w=220u0026h=110u0026crop=1\",\"credits\":\"title\":\"Aleteia-Pilgrimage-300u0026#215;250-1.png\",\"copyright\":\"\",\"link\":\"\",\"caption\":\"\",\"alt\":\"Aleteia-Pilgrimage-300u0026#215;250-1.png\",\"link_loggedin\":\"http:\/\/u0026#038;cd1=Theresa%20Civantos%20Barberu0026#038;cd14=Lifestyle\",\"type\":\"daily-prayer-menu\",\"data\":\"title\":\"Daily prayer\",\"fotd\":\"Feast of the day\",\"prayer\":\"ID\":804922,\"published\":1717459236,\"daily_prayer\":\"Daily Prayer\",\"today_we_celebrate\":\"And today we celebrate...\",\"contents\":\"saint\":\"Saint of the Day: Bl. Domingo del Barrio Batz and Jos\u00e9 Mar\u00eda Gran Cirera\",\"saint_info\":\"Martyred in Guatemala in 1980\",\"saint_bio\":\"u003cpu003eu0026nbsp;u003c\/pu003enu003cpu003eu003cspan style=\"font-weight: 400\"u003eMartyrs (d. June 4, 1980)u003c\/spanu003eu003c\/pu003enu003cpu003eu003cbu003eTheir storyu003c\/bu003eu003c\/pu003enu003cpu003eu003cspan style=\"font-weight: 400\"u003e+ Domingo was born in 1951 in Ilom in the municipality of Chajul, Guatemala.\u00a0u003c\/spanu003eu003c\/pu003enu003cpu003eu003cspan style=\"font-weight: 400\"u003e+ A sacristan of the parish of San Gaspar, he served as a translator and nurse as he accompanied the missionary priests (members of the u003c\/spanu003eu003ca href=\" style=\"font-weight: 400\"u003eMissionaries of the Sacred Heartu003c\/spanu003eu003c\/au003eu003cspan style=\"font-weight: 400\"u003e) in their journeys to the parish\u2019s many chapels and stations.\u00a0u003c\/spanu003eu003c\/pu003enu003cdiv id='aleteia-welcome'u003eu003c\/divu003eu003cpu003eu003cspan style=\"font-weight: 400\"u003e+ Padre Jos\u00e9 Maria was born in 1945 in Barcelona, Spain. He was assigned to the Sacred Heart Fathers\u2019 mission in El Quich\u00e9 in 1975.\u00a0u003c\/spanu003eu003c\/pu003enu003cpu003eu003cspan style=\"font-weight: 400\"u003e+ The government\u2019s repression of the u003c\/spanu003eu003ciu003eu003cspan style=\"font-weight: 400\"u003ecampesinos\u2014u003c\/spanu003eu003c\/iu003eu003cspan style=\"font-weight: 400\"u003epoor tenant farmers\u2014was especially severe in the region of El Quich\u00e9. The u003c\/spanu003eu003ciu003eu003cspan style=\"font-weight: 400\"u003ecampesinosu003c\/spanu003eu003c\/iu003eu003cspan style=\"font-weight: 400\"u003e were primarily Catholic and members of the indigenous Mayan people and seen as sympathetic of the anti-government guerilla forces. In retaliation, the government often attempted to destroy church organizations during the civil war, which lasted from 1960 to 1996.\u00a0u003c\/spanu003eu003c\/pu003enu003cpu003eu003cspan style=\"font-weight: 400\"u003e+ Despite having been warned of impending danger and threats from the military leaders of the Republic of Guatemala, Jos\u00e9 Maria and Domingo would not abandon the people they were committed to serving. Although Jos\u00e9 Maria encouraged Domingo to return to his home and family, Domingo replied that he would not leave the priest alone: \u201cIf anything happens to us, God willing\u2026 if they kill you they will kill me too, because we come together and return together. Don\u2019t be sad.\u201du003c\/spanu003eu003c\/pu003enu003cpu003eu003cspan style=\"font-weight: 400\"u003e+ The priest and his companion were ambushed by government soldiers and shot to death as they were making their way to the village of Chajul on June 4, 1980. Father Jos\u00e9 Maria was 35 and Domingo was 29.\u00a0u003c\/spanu003eu003c\/pu003enu003cpu003eu003cspan style=\"font-weight: 400\"u003e+ These two men were beatified seven other martyrs (including both Missionaries of the Sacred Heart and Mayan laymen) on January 23, 2020, and they are honored collectively as the Martyrs of El Quich\u00e9.\u00a0u003c\/spanu003eu003c\/pu003enu003cpu003eu003cbu003eFor prayer and reflectionu003c\/bu003eu003c\/pu003enu003cpu003eu003cspan style=\"font-weight: 400\"u003e\u201cBlessed are they who are persecuted for the sake of righteousness, for theirs is the kingdom of Heaven.\u201d\u2014Matthew 5:10u003c\/spanu003eu003c\/pu003enu003cpu003eu003cbu003ePrayeru003c\/bu003eu003c\/pu003enu003cpu003eu003cspan style=\"font-weight: 400\"u003eWe humbly beseech the mercy of your majesty, almighty and merciful God, that, as you have poured the knowledge of your Only Begotten Son into the hearts of the peoples by the preaching of the blessed Martyrs Jos\u00e9 Maria and Domingo, so, through their intercession, we may be made steadfast in the faith. Through our Lord Jesus Christ, your Son, who lives and reigns with you in the unity of the Holy Spirit, God, for ever and ever. Amen.u003c\/spanu003eu003c\/pu003enu003cpu003eu003cspan style=\"font-weight: 400\"u003e(from u003c\/spanu003eu003ciu003eu003cspan style=\"font-weight: 400\"u003eThe Roman Missalu003c\/spanu003eu003c\/iu003eu003cspan style=\"font-weight: 400\"u003e: Common of Martyrs\u2014For Missionary-Martyrs)u003c\/spanu003eu003c\/pu003enu003cpu003eu003ciu003eu003cspan style=\"font-weight: 400\"u003eSaint profiles prepared by Brother Silas Henderson, S.D.S.u003c\/spanu003eu003c\/iu003eu003c\/pu003enu003cpu003eu003cbr style=\"font-weight: 400\" \/u003eu003cbr style=\"font-weight: 400\" \/u003eu003c\/pu003en\",\"saint_url\":\"\",\"total_pages\":1,\"magnificat_link\":\" our archives of daily saint biographies here\",\"prayer_link\":\" saints pr\u00e9f\u00e9r\u00e9s des saints FR547721L.jpg\",\"copyright\":\"Catherine Leblanc \/ Godong\",\"link\":\"https:\/\/www.godong-photo.com\/godong\/media?mediaTitle=title_FR547721Lu0026mediaId=140466\",\"caption\":\"\",\"alt\":\"saints\",\"contents_items\":[\"title\":\"Prayer for this morning\",\"raw_id\":2025769,\"is_morning_prayer\":\"1\",\"html\":\" meditation\",\"raw_id\":2025771,\"is_daily_meditation\":\"1\",\"html\":\" for this evening\",\"raw_id\":2025772,\"is_evening_prayer\":\"1\",\"html\":\" corner\",\"saint_of_the_day\":\"saint of the day\",\"morning_prayer\":\"morning prayer\",\"evening_prayer\":\"evening prayer\",\"daily_gospel\":\"daily gospel\",\"daily_meditation\":\"daily meditation\",\"particular_intention\":\"prayers for particular needs\",\"pope_reflexion\":\"thoughts of the pope\",\"bbq\":\"bbq\",\"prayer_for_you\":\"prayer for you today\"}},\"cross\":\"https:\/\/wp.en.aleteia.org\/wp-content\/themes\/aleteia-2017\/assets\/images\/daily-prayers\/cross.svg\",\"particular_intentions_link\":null,\"saint_post\":\"\"}},{\"type\":\"top-ten-module\",\"data\":{\"items\":[{\"simple\":false,\"id\":451221,\"related\":[],\"content\":\"u003cspan class=\"subtitle\"u003eI haven't always loved motherhood but here's what I discovered that changed my outlook. u003c\/spanu003eu003cpu003eu003cspan style=\"font-weight:400;\"u003eI love being married, and I love my kids, but I haven\u2019t always loved motherhood. I want to tell you how that changed, and how, when I started to understand the true meaning of \u201cvocation,\u201d the nagging sense of resentment and loss that had always been there suddenly lifted.\u00a0u003c\/spanu003eu003c\/pu003enu003cpu003eu003cspan style=\"font-weight:400;\"u003eIt began when I was a first-time mom, determined, come hell or high water, to do motherhood right. To put my kids first. To throw myself into this amazing new vocation, no matter what it meant. I went into motherhood sure of exactly one thing: That this role is not supposed to be about me.u003c\/spanu003eu003c\/pu003enu003cpu003eu003cspan style=\"font-weight:400;\"u003eI wasn\u2019t totally wrong. Motherhood is a noble and a difficult calling to constantly put the needs of your children first. The work of motherhood is largely invisible, largely thankless, and totally exhausting. A mother\u2019s role is one of radical selflessness.\u00a0u003c\/spanu003eu003c\/pu003enu003cpu003eu003cspan style=\"font-weight:400;\"u003eI knew what I was signing up for.\u00a0u003c\/spanu003eu003c\/pu003enu003cpu003eu003cspan style=\"font-weight:400;\"u003eWhen my first child was born, I felt a tug of resentment as I saw the ways my life was changing. But instead of asking myself what I was missing, I firmly told myself, \u201cYou\u2019re a mother now u0026#8212; your life isn\u2019t about you. It\u2019s about them.\u201d I stopped finding time for what I used to be good at. My gardening, my poetry, my love of psychology and sociology and the natural sciences, even my social life. It\u2019s not that there wasn\u2019t time for it all, so much as it felt strange to me to focus on any part of me that didn\u2019t support my new, all-important identity as mother.\u00a0u003c\/spanu003eu003c\/pu003enu003cpu003eu003cstrongu003eI figured that this loss of the rest of my identity was natural and necessary u0026#8212; a sign that I was doing motherhood right.\u00a0u003c\/strongu003eu003c\/pu003enu003cpu003eu003cspan style=\"font-weight:400;\"u003eAnd truly, God u003c\/spanu003eu003ciu003eu003cspan style=\"font-weight:400;\"u003edoesu003c\/spanu003eu003c\/iu003eu003cspan style=\"font-weight:400;\"u003e ask total self-sacrifice of us. He u003c\/spanu003eu003ciu003eu003cspan style=\"font-weight:400;\"u003edoesu003c\/spanu003eu003c\/iu003eu003cspan style=\"font-weight:400;\"u003e ask us to give everything we have in the service of love. But here\u2019s what I forgot: love is not supposed to efface us, it\u2019s supposed to complete us. It\u2019s supposed to make possible what St. John Paul II urged: \u201cu003c\/spanu003eu003ciu003eu003cspan style=\"font-weight:400;\"u003eBecome who you areu003c\/spanu003eu003c\/iu003eu003cspan style=\"font-weight:400;\"u003e.\u201d\u00a0u003c\/spanu003eu003c\/pu003enu003cpu003eu003cspan style=\"font-weight:400;\"u003eI felt diminished because I u003cemu003ewasu003c\/emu003e diminished. But that\u2019s not because motherhood is oppressive, it\u2019s because I was misunderstanding the whole point of a vocation.\u00a0u003c\/spanu003eu003c\/pu003enu003cpu003eu003cspan style=\"font-weight:400;\"u003eAlthough motherhood is a gift to my children, motherhood is my vocation, which means it\u2019s a gift to me, too. u003cstrongu003eA vocation is the role through which God calls us to holiness, and to heaven.u003c\/strongu003e A vocation lived well is supposed to nourish you the way a marriage is supposed to nourish you. Marriage doesn\u2019t strip us of our individuality, it supports and celebrates it. Motherhood is the same.\u00a0u003c\/spanu003eu003c\/pu003enu003cpu003eu003cspan style=\"font-weight:400;\"u003eI started to understand that God didn\u2019t make me with these particular strengths, interests, and desires only for me to totally disregard those parts of myself. Heaven is supposed to be a place where I\u2019m really myself, for the first time u0026#8212; so how could it be that my vocation, my own personal path to heaven, should make\u00a0 me recognize myself less and less?\u00a0u003c\/spanu003eu003c\/pu003enu003cpu003eu003cspan style=\"font-weight:400;\"u003eu003cstrongu003eI began to think of motherhood as a gift, and part of my identity, not as job that subsumes every other thing that makes me who I am.u003c\/strongu003e It changed everything. I started to discover myself again. I started checking books out of the library. I started listening to TED Talks while I folded laundry, and cooked interesting meals, when I had the energy, for the sheer pleasure of the art. I let my u003c\/spanu003eu003ciu003eu003cspan style=\"font-weight:400;\"u003eselfu003c\/spanu003eu003c\/iu003eu003cspan style=\"font-weight:400;\"u003e back into my life. I stopped questioning whether my own interests and talents were appropriate for a young mother of babies and toddlers to pursue. I forgot the stereotypes, and gave myself permission to live a life that made sense to me u0026#8212; and saw that the fruit was always peace and joy.\u00a0u003c\/spanu003eu003c\/pu003enu003cpu003eu003cspan style=\"font-weight:400;\"u003eAnd, what goes around comes around. As I let myself be who I was made to be, without trying to cram myself into a box that\u2019s much too small for me, I model the same freedom for my children. I hope that they\u2019ll grow up at peace with who they are, confident that whatever vocation God calls them towards, it will always be to a life that works with, not against, who they are in their entirety.\u00a0u003c\/spanu003eu003c\/pu003enu003cpu003ettttu003cspan class=\"bkreadmore\" data-category=\"Lifestyle\" data-category-english=\"lifestyle\"u003eu003cbr \/u003entttt    u003cimg loading=\"lazy\" decoding=\"async\" alt=\"THE MUSIC LESSON\" width=\"150\" height=\"75\" src=\" \/u003eu003cbr \/u003entttt    u003cspan class=\"text-container-with-image\"u003eu003cbr \/u003en                        u003cspan class=\"read-more\"u003eu003cemu003eRead more:u003c\/emu003eu003c\/spanu003eu003cbr \/u003en                        u003ca href=\"  u003cstrongu003e10 Beautiful quotes on motherhood from u0026#8216;The Eternal Womanu0026#8217;u003c\/strongu003eu003c\/au003eu003cbr \/u003en                    u003c\/spanu003eu003cbr \/u003en                u003c\/spanu003eu003c\/pu003enu003cpu003ettttu003cspan class=\"bkreadmore\" data-category=\"For Her\" data-category-english=\"for her\"u003eu003cbr \/u003entttt    u003cimg loading=\"lazy\" decoding=\"async\" alt=\"HALEY STEWART\" width=\"150\" height=\"75\" src=\" \/u003eu003cbr \/u003entttt    u003cspan class=\"text-container-with-image\"u003eu003cbr \/u003en                        u003cspan class=\"read-more\"u003eu003cemu003eRead more:u003c\/emu003eu003c\/spanu003eu003cbr \/u003en                        u003ca href=\"  u003cstrongu003eMotherhood didn\u2019t squelch my creativity, it made me a makeru003c\/strongu003eu003c\/au003eu003cbr \/u003en                    u003c\/spanu003eu003cbr \/u003en                u003c\/spanu003eu003c\/pu003en\",\"rawcontent\":\"u003cspan style=\"font-weight:400;\"u003eI love being married, and I love my kids, but I haven\u2019t always loved motherhood. I want to tell you how that changed, and how, when I started to understand the true meaning of \u201cvocation,\u201d the nagging sense of resentment and loss that had always been there suddenly lifted.\u00a0u003c\/spanu003ernrnu003cspan style=\"font-weight:400;\"u003eIt began when I was a first-time mom, determined, come hell or high water, to do motherhood right. To put my kids first. To throw myself into this amazing new vocation, no matter what it meant. I went into motherhood sure of exactly one thing: That this role is not supposed to be about me.u003c\/spanu003ernrnu003cspan style=\"font-weight:400;\"u003eI wasn\u2019t totally wrong. Motherhood is a noble and a difficult calling to constantly put the needs of your children first. The work of motherhood is largely invisible, largely thankless, and totally exhausting. A mother\u2019s role is one of radical selflessness.\u00a0u003c\/spanu003ernrnu003cspan style=\"font-weight:400;\"u003eI knew what I was signing up for.\u00a0u003c\/spanu003ernrnu003cspan style=\"font-weight:400;\"u003eWhen my first child was born, I felt a tug of resentment as I saw the ways my life was changing. But instead of asking myself what I was missing, I firmly told myself, \u201cYou\u2019re a mother now -- your life isn\u2019t about you. It\u2019s about them.\u201d I stopped finding time for what I used to be good at. My gardening, my poetry, my love of psychology and sociology and the natural sciences, even my social life. It\u2019s not that there wasn\u2019t time for it all, so much as it felt strange to me to focus on any part of me that didn\u2019t support my new, all-important identity as mother.\u00a0u003c\/spanu003ernrnu003cstrongu003eI figured that this loss of the rest of my identity was natural and necessary -- a sign that I was doing motherhood right.\u00a0u003c\/strongu003ernrnu003cspan style=\"font-weight:400;\"u003eAnd truly, God u003c\/spanu003eu003ciu003eu003cspan style=\"font-weight:400;\"u003edoesu003c\/spanu003eu003c\/iu003eu003cspan style=\"font-weight:400;\"u003e ask total self-sacrifice of us. He u003c\/spanu003eu003ciu003eu003cspan style=\"font-weight:400;\"u003edoesu003c\/spanu003eu003c\/iu003eu003cspan style=\"font-weight:400;\"u003e ask us to give everything we have in the service of love. But here\u2019s what I forgot: love is not supposed to efface us, it\u2019s supposed to complete us. It\u2019s supposed to make possible what St. John Paul II urged: \u201cu003c\/spanu003eu003ciu003eu003cspan style=\"font-weight:400;\"u003eBecome who you areu003c\/spanu003eu003c\/iu003eu003cspan style=\"font-weight:400;\"u003e.\u201d\u00a0u003c\/spanu003ernrnu003cspan style=\"font-weight:400;\"u003eI felt diminished because I u003cemu003ewasu003c\/emu003e diminished. But that\u2019s not because motherhood is oppressive, it\u2019s because I was misunderstanding the whole point of a vocation.\u00a0u003c\/spanu003ernrnu003cspan style=\"font-weight:400;\"u003eAlthough motherhood is a gift to my children, motherhood is my vocation, which means it\u2019s a gift to me, too. u003cstrongu003eA vocation is the role through which God calls us to holiness, and to heaven.u003c\/strongu003e A vocation lived well is supposed to nourish you the way a marriage is supposed to nourish you. Marriage doesn\u2019t strip us of our individuality, it supports and celebrates it. Motherhood is the same.\u00a0u003c\/spanu003ernrnu003cspan style=\"font-weight:400;\"u003eI started to understand that God didn\u2019t make me with these particular strengths, interests, and desires only for me to totally disregard those parts of myself. Heaven is supposed to be a place where I\u2019m really myself, for the first time -- so how could it be that my vocation, my own personal path to heaven, should make\u00a0 me recognize myself less and less?\u00a0u003c\/spanu003ernrnu003cspan style=\"font-weight:400;\"u003eu003cstrongu003eI began to think of motherhood as a gift, and part of my identity, not as job that subsumes every other thing that makes me who I am.u003c\/strongu003e It changed everything. I started to discover myself again. I started checking books out of the library. I started listening to TED Talks while I folded laundry, and cooked interesting meals, when I had the energy, for the sheer pleasure of the art. I let my u003c\/spanu003eu003ciu003eu003cspan style=\"font-weight:400;\"u003eselfu003c\/spanu003eu003c\/iu003eu003cspan style=\"font-weight:400;\"u003e back into my life. I stopped questioning whether my own interests and talents were appropriate for a young mother of babies and toddlers to pursue. I forgot the stereotypes, and gave myself permission to live a life that made sense to me -- and saw that the fruit was always peace and joy.\u00a0u003c\/spanu003ernrnu003cspan style=\"font-weight:400;\"u003eAnd, what goes around comes around. As I let myself be who I was made to be, without trying to cram myself into a box that\u2019s much too small for me, I model the same freedom for my children. I hope that they\u2019ll grow up at peace with who they are, confident that whatever vocation God calls them towards, it will always be to a life that works with, not against, who they are in their entirety.\u00a0u003c\/spanu003ernrn[read_also art1=\"408327\" \/]rnrn[read_also art1=\"364483\" \/]\",\"pages\":1,\"language\":\"en\",\"galleries\":[],\"video\":false,\"title\":\"How I finally learned to appreciate my vocation to motherhood\",\"subheading\":\"I haven't always loved motherhood but here's what I discovered that changed my outlook. \",\"author\":\"Anna O'Neil\",\"author_2\":\"\",\"authors_obj\":[\"ID\":\"100180\",\"link\":\" O\u2019Neilu003c\/strongu003e likes cows, confession and the color yellow, not necessarily in that order. She lives in Rhode Island with her husband, son, and daughter, and tries hard to remember that \u201cAnything worth doing is worth doing badly.\"u003c\/emu003e\",\"twitter\":\"\",\"facebook\":\"\",\"subtitle\":\"\",\"title_guest_author\":\"\",\"thumb\":\" O'Neil\",\"hreflangs\":\"en\":\" MOTHER BABY CHILD CHEST SLEEPING COMFORT SAFE HOME NEWBORN shutterstock_750763306\",\"copyright\":\"Shutterstock\",\"link\":\"\",\"caption\":\"\",\"alt\":\"FAMILY\",\"link\":\"\/2019\/11\/16\/how-i-finally-learned-to-appreciate-my-vocation-to-motherhood\/\",\"category_obj\":\"link\":\" Her\",\"name\":\"For Her\",\"slug\":\"for-her\",\"color\":\"rgba( 205, 38, 73, 1 )\",\"term_id\":423715165,\"category\":\"For Her\",\"category_slug\":\"for-her\",\"category_id\":423715165,\"category_color\":\"#cd2649\",\"parent_category\":\"For Her\",\"published\":1573862419,\"published_datalayer\":\"2019.11.16\",\"article_modified_date\":\"\",\"article_modified\":false,\"published_formatted\":\"published on 11\/16\/19\",\"tags\":\"Motherhood, Women\",\"firsttag\":\"Women\",\"tags_items\":[\"term_id\":423714727,\"name\":\"Motherhood\",\"link\":\" Department\",\"settings\":\"disable_slideshow_cta\":\"\",\"template_customizations\":\"\",\"post_appearance_setting\":\"no_drop_caps\":false,\"hide_from_tops\":false,\"hide_date\":false,\"no_index\":false,\"hide_post\":false,\"hide_post_in_newsletter\":false,\"wibbitz_enabled\":false,\"ads_disabled\":false,\"connatix_carousel_enabled\":false,\"test_pixel_enabled\":false,\"test_pixel_position\":\"\",\"div_moneytags_position\":\"\",\"hide_promotional_box\":false,\"original_article\":\"is_original\":\"1\",\"url\":\"\",\"edition\":\"en\",\"gtm\":\"page_type\":\"\",\"page_type_2\":\"\",\"category_name\":\"for her\",\"article_subcategory\":\"For Her\",\"article_type\":\"article\",\"cd\":\"dimension1\":\"Anna O'Neil\",\"dimension2\":\"For Her\",\"dimension3\":\"1573862419\",\"dimension4\":\"en\",\"dimension5\":\"\",\"dimension6\":\"article\",\"dimension7\":\"2019.11.16\",\"dimension8\":\"Motherhood, Women\",\"dimension9\":\"I haven't always loved motherhood but here's what I discovered that changed my outlook. \",\"dimension10\":\"451221\",\"dimension11\":\"Motherhood\",\"dimension12\":\"web\",\"dimension13\":\"\",\"dimension17\":\"Lifestyle Department\",\"dimension14\":\"For Her\",\"photo_of_the_day\":false,\"daily_wisdom\":false,\"word_count\":823,\"shortcodes\":[\"tag\":\"read_also\",\"text\":\"[read_also art1=\"408327\" \/]\",\"attrs\":\"art1\":\"408327\",\"tag\":\"read_also\",\"text\":\"[read_also art1=\"364483\" \/]\",\"attrs\":\"art1\":\"364483\"],\"sponsoredSettings\":,\"isSponsored\":false,\"custom_skin_settings\":\"slot\":\"custom-skin\",\"library\":\"theme.Skin\",\"hide_from_layout_endpoint\":\"1\",\"props\":\"id\":\"custom-skid-ad\",\"unit\":\"64500793\/EN_DESK_FHARTICLE_SKIN_1x1\",\"collapse_empty_divs\":false,\"premium_ads\":false,\"bids\":\"\",\"nexxx360_id\":\"\",\"size\":[],\"adjacent_posts\":\"next_post\":\"link\":\" Article \",\"prev_post\":\"link\":\" Article \",\"close_comments\":false,\"premium_content\":\"\",\"trunked_content\":\"\",{\"simple\":false,\"id\":772016,\"related\":[],\"content\":\"u003cspan class=\"subtitle\"u003eWhile the body of Blessed Carlo Acutis may appear incorrupt, it was never officially declared so.u003c\/spanu003eu003cpu003eWhen searching the internet for images of Blessed Carlo Acutisu0026#8217; tomb, it may appear at first glance that the teenage-saintu0026#8217;s body is incorrupt.u003c\/pu003enu003cpu003eReports are also confusing, as some u003ca href=\" title=\"Postulator tells Italian TV of report that Carlo Acutis\u2019 body is incorrupt\"u003eItalian news reports from 2020u003c\/au003e claimed that his body was incorrupt.u003c\/pu003enu003cpu003eHowever, the official word is that his body is u0026#8220;not incorrupt.u0026#8221;u003c\/pu003enu003cpu003eArchbishop Domenico Sorrentino of Assisi said at the Mass at the opening of the tomb on u003ca href=\" 1, 2020u003c\/au003e, that, u0026#8220;Today we \u2026 see him again in his mortal body. A body that has passed, in the years of burial in Assisi, u003cstrongu003ethrough the normal process of decayu003c\/strongu003e.u0026#8221;u003c\/pu003enu003cpu003eAs stated in a previous article on u003ca href=\" Fr. Carlos Ac\u00e1cio Gon\u00e7alves Ferreira, the rector of the shrine where Carlo\u2019s tomb is, said that his body was discovered \u201cfully integral,\u201d though not intact.u003c\/pu003enu003cdiv id='aleteia-welcome'u003eu003c\/divu003enu003cpu003eu003cstrongu003eWhile his body appears to be incorrupt through the viewing glass,u003c\/strongu003e it is covered with a u003cstrongu003ewax layer u003c\/strongu003ethat is molded to look like his body prior to burial. This is not uncommon for the presentation of saints\u2019 bodies.u003c\/pu003enu003cpu003eThe remains of saints in Europe, especially in Italy, are often encased in a wax layer, so that they can be presented in a glass reliquary and pilgrims can see the saint as they were when they died.u003c\/pu003enu003cpu003eEven though his body is not incorrupt, the holiness of Blessed Carlou0026#8217;s life remains a powerful example for all people, especially teenagers.u003c\/pu003enu003cpu003eu003ca href=\" target=\"_blank\" rel=\"noopener\" title=\"Read here\"u003eRead hereu003c\/au003e to understand what an u0026#8220;incorrupt bodyu0026#8221; is in relation to the saints.u003c\/pu003enu003cfigure class=\"wp-block-embed is-type-video is-provider-dailymotion wp-block-embed-dailymotion wp-embed-aspect-16-9 wp-has-aspect-ratio\" data-original=\"false\"u003enu003cdiv class=\"wp-block-embed__wrapper\"u003enu003ciframe loading=\"lazy\" title=\"Meet Carlo Acutis: A Teenage Testament to the Faith\" frameborder=\"0\" width=\"1200\" height=\"674\" src=\" allowfullscreen allow=\"autoplay; fullscreen; picture-in-picture; web-share\"u003eu003c\/iframeu003enu003c\/divu003enu003c\/figureu003entu003cdiv data-category=\"Art u0026amp; Culture\" data-category-english=\"culture\" class=\"wp-block-aleteia-read-also read-also\"u003enttu003cfigureu003entttu003cimgnttttsrc=\" acutis comic book\"nttttloading=\"lazy\" \/u003enttu003c\/figureu003enttu003cdiv class=\"read-also-inner\"u003entttu003cemu003eRead more:u003c\/emu003eu003ca href=\" comic book on Blessed Carlo Acutisu0026#8217; life unveiled on feast dayu003c\/au003enttu003c\/divu003entu003c\/divu003etu003cdiv data-category=\"Spirituality\" data-category-english=\"spirituality\" class=\"wp-block-aleteia-read-also read-also\"u003enttu003cfigureu003entttu003cimgnttttsrc=\" ACUTIS\"nttttloading=\"lazy\" \/u003enttu003c\/figureu003enttu003cdiv class=\"read-also-inner\"u003entttu003cemu003eRead more:u003c\/emu003eu003ca href=\" Blessed Carlo Acutis\u2019 tomb highlights the universal call to holinessu003c\/au003enttu003c\/divu003entu003c\/divu003e\",\"rawcontent\":\"u003c!-- wp:aleteia\/subtitle \/--u003ennu003c!-- wp:paragraph --u003enu003cpu003eWhen searching the internet for images of Blessed Carlo Acutis' tomb, it may appear at first glance that the teenage-saint's body is incorrupt.u003c\/pu003enu003c!-- \/wp:paragraph --u003ennu003c!-- wp:paragraph --u003enu003cpu003eReports are also confusing, as some u003ca href=\" title=\"Postulator tells Italian TV of report that Carlo Acutis\u2019 body is incorrupt\"u003eItalian news reports from 2020u003c\/au003e claimed that his body was incorrupt.u003c\/pu003enu003c!-- \/wp:paragraph --u003ennu003c!-- wp:paragraph --u003enu003cpu003eHowever, the official word is that his body is \"not incorrupt.\"u003c\/pu003enu003c!-- \/wp:paragraph --u003ennu003c!-- wp:paragraph --u003enu003cpu003eArchbishop Domenico Sorrentino of Assisi said at the Mass at the opening of the tomb on u003ca href=\" 1, 2020u003c\/au003e, that, \"Today we \u2026 see him again in his mortal body. A body that has passed, in the years of burial in Assisi, u003cstrongu003ethrough the normal process of decayu003c\/strongu003e.\"u003c\/pu003enu003c!-- \/wp:paragraph --u003ennu003c!-- wp:paragraph --u003enu003cpu003eAs stated in a previous article on u003ca href=\" Fr. Carlos Ac\u00e1cio Gon\u00e7alves Ferreira, the rector of the shrine where Carlo\u2019s tomb is, said that his body was discovered \u201cfully integral,\u201d though not intact.u003c\/pu003enu003c!-- \/wp:paragraph --u003ennu003c!-- wp:paragraph --u003enu003cpu003eu003cstrongu003eWhile his body appears to be incorrupt through the viewing glass,u003c\/strongu003e it is covered with a u003cstrongu003ewax layer u003c\/strongu003ethat is molded to look like his body prior to burial. This is not uncommon for the presentation of saints\u2019 bodies.u003c\/pu003enu003c!-- \/wp:paragraph --u003ennu003c!-- wp:paragraph --u003enu003cpu003eThe remains of saints in Europe, especially in Italy, are often encased in a wax layer, so that they can be presented in a glass reliquary and pilgrims can see the saint as they were when they died.u003c\/pu003enu003c!-- \/wp:paragraph --u003ennu003c!-- wp:paragraph --u003enu003cpu003eEven though his body is not incorrupt, the holiness of Blessed Carlo's life remains a powerful example for all people, especially teenagers.u003c\/pu003enu003c!-- \/wp:paragraph --u003ennu003c!-- wp:paragraph --u003enu003cpu003eu003ca href=\" target=\"_blank\" rel=\"noopener\" title=\"Read here\"u003eRead hereu003c\/au003e to understand what an \"incorrupt body\" is in relation to the saints.u003c\/pu003enu003c!-- \/wp:paragraph --u003ennu003c!-- wp:embed \"url\":\" wp-has-aspect-ratio\" --u003enu003cfigure class=\"wp-block-embed is-type-video is-provider-dailymotion wp-block-embed-dailymotion wp-embed-aspect-16-9 wp-has-aspect-ratio\"u003eu003cdiv class=\"wp-block-embed__wrapper\"u003en \/wp:embed --u003ennu003c!-- wp:aleteia\/read-also {\"link\":\" comic book on Blessed Carlo Acutis\\u0026#8217; life unveiled on feast day\",\"image\":\" --u003enu003cdiv class=\"read-also\"u003eu003ca href=\" comic book on Blessed Carlo Acutisu0026#8217; life unveiled on feast dayu003c\/au003eu003c\/divu003enu003c!-- \/wp:aleteia\/read-also --u003ennu003c!-- wp:aleteia\/read-also {\"link\":\" Blessed Carlo Acutis\u2019 tomb highlights the universal call to holiness\",\"image\":\" --u003enu003cdiv class=\"read-also\"u003eu003ca href=\" Blessed Carlo Acutis\u2019 tomb highlights the universal call to holinessu003c\/au003eu003c\/divu003enu003c!-- \/wp:aleteia\/read-also --u003e\",\"pages\":1,\"language\":\"en\",\"galleries\":[],\"video\":false,\"title\":\"Is the body of Blessed Carlo Acutis incorrupt?\",\"subheading\":\"While the body of Blessed Carlo Acutis may appear incorrupt, it was never officially declared so.\",\"author\":\"Philip Kosloski\",\"author_2\":\"\",\"authors_obj\":[\"ID\":\"1243\",\"link\":\" Kosloski graduated from the University of Saint Thomas in Minnesota with a bachelor's degree in philosophy and Catholic studies and a master's degree in theology from the Augustine Institute. He is currently a spirituality writer for Aleteia.org and has been featured on such places as The Huffington Post, Crisis Magazine, The Catholic Herald, Catholic Exchange, National Catholic Register and EWTN Radio.\",\"twitter\":\"PhilipKosloski\",\"facebook\":\"philipkosloski\",\"subtitle\":\"\",\"title_guest_author\":\"\",\"thumb\":\" Kosloski\",\"hreflangs\":\"en\":\" Assisi - Nocera Umbra - Gualdo Tadino\",\"link\":\"\",\"caption\":\"\",\"alt\":\"CARLO ACUTIS, CIA\u0141O\",\"link\":\"\/2023\/10\/09\/is-the-body-of-bl-carlo-acutis-incorrupt\/\",\"category_obj\":\"link\":\" 78, 21, 171, 1 )\",\"term_id\":1494,\"category\":\"Spirituality\",\"category_slug\":\"spirituality\",\"category_id\":1494,\"category_color\":\"#4e15ab\",\"parent_category\":\"Spirituality\",\"published\":1696838400,\"published_datalayer\":\"2023.10.09\",\"article_modified_date\":\"\",\"article_modified\":false,\"published_formatted\":\"published on 10\/09\/23\",\"tags\":\"Carlo Acutis, Saints\",\"firsttag\":\"Saints\",\"tags_items\":[\"term_id\":423717326,\"name\":\"Carlo Acutis\",\"link\":\" Department\",\"settings\":\"disable_slideshow_cta\":\"\",\"template_customizations\":\"\",\"post_appearance_setting\":\"no_drop_caps\":false,\"hide_from_tops\":false,\"hide_date\":false,\"hide_post\":false,\"hide_post_in_newsletter\":false,\"ads_disabled\":false,\"inread_ads_disabled\":false,\"custom_inread_position_enabled\":false,\"custom_inread_position\":\"2\",\"test_pixel_enabled\":false,\"test_pixel_position\":\"\",\"exclude_banner_article\":false,\"div_moneytags_position\":\"\",\"hide_promotional_box\":false,\"original_article\":\"is_original\":\"1\",\"url\":\"\",\"edition\":\"en\",\"gtm\":\"page_type\":\"\",\"page_type_2\":\"\",\"category_name\":\"spirituality\",\"article_subcategory\":\"Spirituality\",\"article_type\":\"article\",\"cd\":\"dimension1\":\"Philip Kosloski\",\"dimension2\":\"Spirituality\",\"dimension3\":\"1696838400\",\"dimension4\":\"en\",\"dimension5\":\"\",\"dimension6\":\"article\",\"dimension7\":\"2023.10.09\",\"dimension8\":\"Carlo Acutis, Saints\",\"dimension9\":\"While the body of Blessed Carlo Acutis may appear incorrupt, it was never officially declared so.\",\"dimension10\":\"772016\",\"dimension11\":\"Carlo Acutis\",\"dimension12\":\"web\",\"dimension13\":\"\",\"dimension17\":\"Spirituality Department\",\"dimension14\":\"Spirituality\",\"photo_of_the_day\":false,\"daily_wisdom\":false,\"word_count\":573,\"shortcodes\":[],\"sponsoredSettings\":,\"isSponsored\":false,\"custom_skin_settings\":\"slot\":\"custom-skin\",\"library\":\"theme.Skin\",\"skin_default_article\":\"1\",\"hide_from_layout_endpoint\":\"1\",\"props\":\"id\":\"custom-skid-ad\",\"unit\":\"64500793\/EN_DESK_ARTICLE_SKIN_1x1\",\"collapse_empty_divs\":false,\"premium_ads\":false,\"bids\":\"\",\"nexxx360_id\":\"\",\"size\":[],\"adjacent_posts\":\"next_post\":\"link\":\" Article \",\"prev_post\":\"link\":\" Article \",\"close_comments\":false,\"premium_content\":\"\",\"trunked_content\":\"u003ch2 class=\"subtitle\"u003eWhile the body of Blessed Carlo Acutis may appear incorrupt, it was never officially declared so.u003c\/h2u003enu003cpu003eWhen searching the internet for images of Blessed Carlo Acutis' tomb, it may appear at first glance that the teenage-saint's body is incorrupt.u003c\/pu003ennu003cpu003eReports are also confusing, as some u003ca href=\" title=\"Postulator tells Italian TV of report that Carlo Acutis\u2019 body is incorrupt\"u003eItalian news reports from 2020u003c\/au003e claimed that his body was incorrupt.u003c\/pu003en\",{\"simple\":false,\"id\":806289,\"related\":[],\"content\":\"u003cspan class=\"subtitle\"u003eTo mark the 150-year anniversary of the writer's birth, here are just a few of his best witticisms. u003c\/spanu003eu003cpu003eu003cstrongu003eMay 29 marks the 150th anniversary of the birth of Gilbert Keith Chesterton,u003c\/strongu003e born on this day in 1874. Better known as u003ca href=\" target=\"_blank\" rel=\"noopener\" title=\"G.K. Chesterton, the devout English Catholic was a prolific writer\"u003eG.K. Chesterton, the devout English Catholic was a prolific writeru003c\/au003e, philosopher, lay theologian, and literary and art critic. Known for his wit, wisdom, and ability to craft insightful and thought-provoking prose, Chesterton wrote on a wide array of subjects, from theology and apologetics to mystery novels and literary criticism.u003c\/pu003enu003cpu003eThe Englishmanu0026#8217;s most famous works include the Father Brown detective series and the Christian apologetic work u003cemu003eOrthodoxyu003c\/emu003e. Chestertonu0026#8217;s unique style, marked by paradoxes and humor, continues to resonate with readers today, making his writings both timeless and relevant.u003c\/pu003enu003cpu003eChesterton also remains popular 150 years after his birth because he addresses universal themes such as faith, reason, and the human condition with a blend of humor and profound insight. u003c\/pu003enu003cpu003eTherefore, to celebrate this special anniversary, u003cstrongu003ehere are seven of his humorous quotes that demonstrate his wit and charm, but also his ability to provoke thought and reflection. u003c\/strongu003eu003c\/pu003enu003cblockquote class=\"wp-block-aleteia-blockquote\"u003eu003cspan class=\"text\"u003eu003cpu003eAngels can fly because they take themselves lightly.u0026#8221;u003c\/pu003eu003c\/spanu003eu003c\/blockquoteu003enu003cdiv id='aleteia-welcome'u003eu003c\/divu003enu003cpu003eThis quote reflects Chestertonu0026#8217;s playful take on humility and joy, suggesting that a light-hearted approach to life is a source of freedom.`u003c\/pu003enu003cblockquote class=\"wp-block-aleteia-blockquote\"u003eu003cspan class=\"text\"u003eu003cpu003eI\u2019ve searched all the parks in all the cities and found no statues of committees.u0026#8221;u003c\/pu003eu003c\/spanu003eu003c\/blockquoteu003enu003cpu003eWith this quip, Chesterton humorously critiques bureaucracy while celebrating individual achievement and creativity.u003c\/pu003enu003cblockquote class=\"wp-block-aleteia-blockquote\"u003eu003cspan class=\"text\"u003eu003cpu003eThe poets have been mysteriously silent on the subject of cheese.u0026#8221;u003c\/pu003eu003c\/spanu003eu003c\/blockquoteu003enu003cpu003eA classic Chestertonian observation that uses humor to point out the everyday subjects often overlooked by serious writers. u003c\/pu003enu003cblockquote class=\"wp-block-aleteia-blockquote\"u003eu003cspan class=\"text\"u003eu003cpu003eAn adventure is only an inconvenience rightly considered. An inconvenience is only an adventure wrongly considered.u0026#8221;u003c\/pu003eu003c\/spanu003eu003c\/blockquoteu003enu003cpu003eThis quote showcases Chestertonu0026#8217;s optimistic outlook and his belief in finding joy and excitement in the unexpected twists of life.u003c\/pu003enu003cblockquote class=\"wp-block-aleteia-blockquote\"u003eu003cspan class=\"text\"u003eu003cpu003eThe Bible tells us to love our neighbors, and also to love our enemies; probably because they are generally the same people.u0026#8221;u003c\/pu003eu003c\/spanu003eu003c\/blockquoteu003enu003cpu003eHere, Chesterton combines humor with a deeper reflection on the challenges of human relationships and the universal call to love. Itu0026#8217;s something many of us may still struggle with today.u003c\/pu003enu003cblockquote class=\"wp-block-aleteia-blockquote\"u003eu003cspan class=\"text\"u003eu003cpu003eTo have a right to do a thing is not at all the same as to be right in doing it.u0026#8221;u003c\/pu003eu003c\/spanu003eu003c\/blockquoteu003enu003cpu003eWith his sharp wit, Chesterton draws attention to the ethical considerations behind our actions, beyond mere legality.u003c\/pu003enu003cblockquote class=\"wp-block-aleteia-blockquote\"u003eu003cspan class=\"text\"u003eu003cpu003eArt, like morality, consists in drawing the line somewhere.u0026#8221;u003c\/pu003eu003c\/spanu003eu003c\/blockquoteu003enu003cpu003eThis witty statement encapsulates Chestertonu0026#8217;s views on the necessity of boundaries and discernment in both art and life.u003c\/pu003enu003colu003enu003cliu003eu003c\/liu003enu003c\/olu003entu003cdiv data-category=\"Lifestyle\" data-category-english=\"lifestyle\" class=\"wp-block-aleteia-read-also read-also\"u003enttu003cfigureu003entttu003cimgnttttsrc=\" \/u003enttu003c\/figureu003enttu003cdiv class=\"read-also-inner\"u003entttu003cemu003eRead more:u003c\/emu003eu003ca href=\" Chesterton tells us why parenting is so exhaustingu003c\/au003enttu003c\/divu003entu003c\/divu003etu003cdiv data-category=\"Lifestyle\" data-category-english=\"lifestyle\" class=\"wp-block-aleteia-read-also read-also\"u003enttu003cfigureu003entttu003cimgnttttsrc=\" \/u003enttu003c\/figureu003enttu003cdiv class=\"read-also-inner\"u003entttu003cemu003eRead more:u003c\/emu003eu003ca href=\" Tolkien teaches us to fight our inner dragonsu003c\/au003enttu003c\/divu003entu003c\/divu003e\",\"rawcontent\":\"u003c!-- wp:aleteia\/subtitle \/--u003ennu003c!-- wp:paragraph --u003enu003cpu003eu003cstrongu003eMay 29 marks the 150th anniversary of the birth of Gilbert Keith Chesterton,u003c\/strongu003e born on this day in 1874. Better known as u003ca href=\" target=\"_blank\" rel=\"noopener\" title=\"G.K. Chesterton, the devout English Catholic was a prolific writer\"u003eG.K. Chesterton, the devout English Catholic was a prolific writeru003c\/au003e, philosopher, lay theologian, and literary and art critic. Known for his wit, wisdom, and ability to craft insightful and thought-provoking prose, Chesterton wrote on a wide array of subjects, from theology and apologetics to mystery novels and literary criticism.u003c\/pu003enu003c!-- \/wp:paragraph --u003ennu003c!-- wp:paragraph --u003enu003cpu003eThe Englishman's most famous works include the Father Brown detective series and the Christian apologetic work u003cemu003eOrthodoxyu003c\/emu003e. Chesterton's unique style, marked by paradoxes and humor, continues to resonate with readers today, making his writings both timeless and relevant.u003c\/pu003enu003c!-- \/wp:paragraph --u003ennu003c!-- wp:paragraph --u003enu003cpu003eChesterton also remains popular 150 years after his birth because he addresses universal themes such as faith, reason, and the human condition with a blend of humor and profound insight. u003c\/pu003enu003c!-- \/wp:paragraph --u003ennu003c!-- wp:paragraph --u003enu003cpu003eTherefore, to celebrate this special anniversary, u003cstrongu003ehere are seven of his humorous quotes that demonstrate his wit and charm, but also his ability to provoke thought and reflection. u003c\/strongu003eu003c\/pu003enu003c!-- \/wp:paragraph --u003ennu003c!-- wp:aleteia\/blockquote \"content\":\"Angels can fly because they take themselves lightly.\\u0022\" --u003enu003cblockquote class=\"wp-block-aleteia-blockquote\"u003eu003cspan class=\"text\"u003eu003cpu003eAngels can fly because they take themselves lightly.\"u003c\/pu003eu003c\/spanu003eu003c\/blockquoteu003enu003c!-- \/wp:aleteia\/blockquote --u003ennu003c!-- wp:paragraph --u003enu003cpu003eThis quote reflects Chesterton's playful take on humility and joy, suggesting that a light-hearted approach to life is a source of freedom.`u003c\/pu003enu003c!-- \/wp:paragraph --u003ennu003c!-- wp:aleteia\/blockquote \"content\":\"I\u2019ve searched all the parks in all the cities and found no statues of committees.\\u0022\" --u003enu003cblockquote class=\"wp-block-aleteia-blockquote\"u003eu003cspan class=\"text\"u003eu003cpu003eI\u2019ve searched all the parks in all the cities and found no statues of committees.\"u003c\/pu003eu003c\/spanu003eu003c\/blockquoteu003enu003c!-- \/wp:aleteia\/blockquote --u003ennu003c!-- wp:paragraph --u003enu003cpu003eWith this quip, Chesterton humorously critiques bureaucracy while celebrating individual achievement and creativity.u003c\/pu003enu003c!-- \/wp:paragraph --u003ennu003c!-- wp:aleteia\/blockquote \"content\":\"The poets have been mysteriously silent on the subject of cheese.\\u0022\" --u003enu003cblockquote class=\"wp-block-aleteia-blockquote\"u003eu003cspan class=\"text\"u003eu003cpu003eThe poets have been mysteriously silent on the subject of cheese.\"u003c\/pu003eu003c\/spanu003eu003c\/blockquoteu003enu003c!-- \/wp:aleteia\/blockquote --u003ennu003c!-- wp:paragraph --u003enu003cpu003eA classic Chestertonian observation that uses humor to point out the everyday subjects often overlooked by serious writers. u003c\/pu003enu003c!-- \/wp:paragraph --u003ennu003c!-- wp:aleteia\/blockquote \"content\":\"An adventure is only an inconvenience rightly considered. An inconvenience is only an adventure wrongly considered.\\u0022\" --u003enu003cblockquote class=\"wp-block-aleteia-blockquote\"u003eu003cspan class=\"text\"u003eu003cpu003eAn adventure is only an inconvenience rightly considered. An inconvenience is only an adventure wrongly considered.\"u003c\/pu003eu003c\/spanu003eu003c\/blockquoteu003enu003c!-- \/wp:aleteia\/blockquote --u003ennu003c!-- wp:paragraph --u003enu003cpu003eThis quote showcases Chesterton's optimistic outlook and his belief in finding joy and excitement in the unexpected twists of life.u003c\/pu003enu003c!-- \/wp:paragraph --u003ennu003c!-- wp:aleteia\/blockquote \"content\":\"The Bible tells us to love our neighbors, and also to love our enemies; probably because they are generally the same people.\\u0022\" --u003enu003cblockquote class=\"wp-block-aleteia-blockquote\"u003eu003cspan class=\"text\"u003eu003cpu003eThe Bible tells us to love our neighbors, and also to love our enemies; probably because they are generally the same people.\"u003c\/pu003eu003c\/spanu003eu003c\/blockquoteu003enu003c!-- \/wp:aleteia\/blockquote --u003ennu003c!-- wp:paragraph --u003enu003cpu003eHere, Chesterton combines humor with a deeper reflection on the challenges of human relationships and the universal call to love. It's something many of us may still struggle with today.u003c\/pu003enu003c!-- \/wp:paragraph --u003ennu003c!-- wp:aleteia\/blockquote \"content\":\"To have a right to do a thing is not at all the same as to be right in doing it.\\u0022\" --u003enu003cblockquote class=\"wp-block-aleteia-blockquote\"u003eu003cspan class=\"text\"u003eu003cpu003eTo have a right to do a thing is not at all the same as to be right in doing it.\"u003c\/pu003eu003c\/spanu003eu003c\/blockquoteu003enu003c!-- \/wp:aleteia\/blockquote --u003ennu003c!-- wp:paragraph --u003enu003cpu003eWith his sharp wit, Chesterton draws attention to the ethical considerations behind our actions, beyond mere legality.u003c\/pu003enu003c!-- \/wp:paragraph --u003ennu003c!-- wp:aleteia\/blockquote \"content\":\"Art, like morality, consists in drawing the line somewhere.\\u0022\" --u003enu003cblockquote class=\"wp-block-aleteia-blockquote\"u003eu003cspan class=\"text\"u003eu003cpu003eArt, like morality, consists in drawing the line somewhere.\"u003c\/pu003eu003c\/spanu003eu003c\/blockquoteu003enu003c!-- \/wp:aleteia\/blockquote --u003ennu003c!-- wp:paragraph --u003enu003cpu003eThis witty statement encapsulates Chesterton's views on the necessity of boundaries and discernment in both art and life.u003c\/pu003enu003c!-- \/wp:paragraph --u003ennu003c!-- wp:list \"ordered\":true --u003enu003colu003eu003c!-- wp:list-item --u003enu003cliu003eu003c\/liu003enu003c!-- \/wp:list-item --u003eu003c\/olu003enu003c!-- \/wp:list --u003ennu003c!-- wp:aleteia\/read-also {\"link\":\" Chesterton tells us why parenting is so exhausting\",\"image\":\" --u003enu003cdiv class=\"read-also\"u003eu003ca href=\" Chesterton tells us why parenting is so exhaustingu003c\/au003eu003c\/divu003enu003c!-- \/wp:aleteia\/read-also --u003ennu003c!-- wp:aleteia\/read-also {\"link\":\" Tolkien teaches us to fight our inner dragons\",\"image\":\" --u003enu003cdiv class=\"read-also\"u003eu003ca href=\" Tolkien teaches us to fight our inner dragonsu003c\/au003eu003c\/divu003enu003c!-- \/wp:aleteia\/read-also --u003e\",\"pages\":1,\"language\":\"en\",\"galleries\":[],\"video\":false,\"title\":\"7 Humorous quotes from Catholic writer G.K. Chesterton\",\"subheading\":\"To mark the 150-year anniversary of the writer's birth, here are just a few of his best witticisms. \",\"author\":\"Cerith Gardiner\",\"author_2\":\"\",\"authors_obj\":[\"ID\":\"146762\",\"link\":\" a bachelor of science in Management Sciences from UMIST in England, Cerith Gardiner started her teaching career as a catechist to young children and now she teaches English\u00a0 to art students at Penninghen in Paris, France. She has been writing for Aleteia for four years, relying on her experiences as a mom of four, and a sister to eight to help guide her along the way.\",\"twitter\":\"\",\"facebook\":\"\",\"subtitle\":\"\",\"title_guest_author\":\"\",\"thumb\":\" Gardiner\",\"hreflangs\":\"en\":\" Touhey ,\"link\":\"\/2024\/05\/28\/7-humorous-quotes-from-catholic-writer-g-k-chesterton\/\",\"category_obj\":\"link\":\" 0, 31, 77, 1 )\",\"term_id\":278,\"category\":\"Lifestyle\",\"category_slug\":\"lifestyle\",\"category_id\":278,\"category_color\":\"#001F4D\",\"parent_category\":\"Lifestyle\",\"published\":1716936093,\"published_datalayer\":\"2024.05.28\",\"article_modified_date\":\"\",\"article_modified\":false,\"published_formatted\":\"published on 05\/28\/24\",\"tags\":\"Catholic Lifestyle, Catholic Quotes, Faith, GK Chesterton\",\"firsttag\":\"GK Chesterton\",\"tags_items\":[\"term_id\":423717264,\"name\":\"Catholic Lifestyle\",\"link\":\" Quotes\",\"link\":\" Chesterton\",\"link\":\" Department\",\"settings\":\"disable_slideshow_cta\":\"\",\"template_customizations\":\"\",\"post_appearance_setting\":\"no_drop_caps\":false,\"hide_from_tops\":false,\"hide_date\":false,\"hide_post\":false,\"hide_post_in_newsletter\":false,\"ads_disabled\":false,\"inread_ads_disabled\":false,\"custom_inread_position_enabled\":false,\"custom_inread_position\":\"2\",\"test_pixel_enabled\":false,\"test_pixel_position\":\"\",\"exclude_banner_article\":false,\"div_moneytags_position\":\"\",\"hide_promotional_box\":false,\"original_article\":\"is_original\":\"1\",\"url\":\"\",\"edition\":\"en\",\"gtm\":\"page_type\":\"\",\"page_type_2\":\"\",\"category_name\":\"lifestyle\",\"article_subcategory\":\"Lifestyle\",\"article_type\":\"article\",\"cd\":\"dimension1\":\"Cerith Gardiner\",\"dimension2\":\"Lifestyle\",\"dimension3\":\"1716936093\",\"dimension4\":\"en\",\"dimension5\":\"\",\"dimension6\":\"article\",\"dimension7\":\"2024.05.28\",\"dimension8\":\"Catholic Lifestyle, Catholic Quotes, Faith, GK Chesterton\",\"dimension9\":\"To mark the 150-year anniversary of the writer's birth, here are just a few of his best witticisms. \",\"dimension10\":\"806289\",\"dimension11\":\"Catholic Lifestyle\",\"dimension12\":\"web\",\"dimension13\":\"\",\"dimension17\":\"Lifestyle Department\",\"dimension14\":\"Lifestyle\",\"photo_of_the_day\":false,\"daily_wisdom\":false,\"word_count\":957,\"shortcodes\":[],\"sponsoredSettings\":,\"isSponsored\":false,\"custom_skin_settings\":\"slot\":\"custom-skin\",\"library\":\"theme.Skin\",\"skin_default_article\":\"1\",\"hide_from_layout_endpoint\":\"1\",\"props\":\"id\":\"custom-skid-ad\",\"unit\":\"64500793\/EN_DESK_ARTICLE_SKIN_1x1\",\"collapse_empty_divs\":false,\"premium_ads\":false,\"bids\":\"\",\"nexxx360_id\":\"\",\"size\":[],\"adjacent_posts\":\"next_post\":\"link\":\" Article \",\"prev_post\":\"link\":\" Article \",\"close_comments\":false,\"premium_content\":\"\",\"trunked_content\":\"u003ch2 class=\"subtitle\"u003eTo mark the 150-year anniversary of the writer's birth, here are just a few of his best witticisms. u003c\/h2u003enu003cpu003eu003cstrongu003eMay 29 marks the 150th anniversary of the birth of Gilbert Keith Chesterton,u003c\/strongu003e born on this day in 1874. Better known as u003ca href=\" target=\"_blank\" rel=\"noopener\" title=\"G.K. Chesterton, the devout English Catholic was a prolific writer\"u003eG.K. Chesterton, the devout English Catholic was a prolific writeru003c\/au003e, philosopher, lay theologian, and literary and art critic. Known for his wit, wisdom, and ability to craft insightful and thought-provoking prose, Chesterton wrote on a wide array of subjects, from theology and apologetics to mystery novels and literary criticism.u003c\/pu003ennu003cpu003eThe Englishman's most famous works include the Father Brown detective series and the Christian apologetic work u003cemu003eOrthodoxyu003c\/emu003e. Chesterton's unique style, marked by paradoxes and humor, continues to resonate with readers today, making his writings both timeless and relevant.u003c\/pu003en\",{\"simple\":false,\"id\":806445,\"related\":[],\"content\":\"u003cspan class=\"subtitle\"u003eWhile the Church believed in Jesus' presence in the Eucharist since the beginning, adoration of the Blessed Sacrament developed later.u003c\/spanu003eu003cpu003eThe Catholic Church has believed since the time of the Apostles that Jesus is truly and substantially present in the consecrated Eucharistic host at Mass.u003c\/pu003enu003cpu003eHowever, the practice of Eucharistic adoration, wherebyu003cstrongu003e individuals gaze lovingly at a consecrated hostu003c\/strongu003e, did not develop until later.u003c\/pu003enu003cpu003eInitially most hosts consecrated at Mass were consumed immediately, or were distributed to the sick and suffering. Tabernacles were rare and typically set off from the main church, not designed for individual devotion.u003c\/pu003enu003cpu003eThat all changed in the 10th and 11th centuries when u003cstrongu003ean archdeacon in France publicly denied Jesusu0026#8217; presence in the Eucharist.u003c\/strongu003eu003c\/pu003enu003cpu003eThis prompted an intervention from u003cstrongu003ePope Gregory VIIu003c\/strongu003e and afterwards a type of u0026#8220;Eucharistic revivalu0026#8221; occurred in France.u003c\/pu003enu003cdiv id='aleteia-welcome'u003eu003c\/divu003enu003cpu003eFr. John Hardon describes what happened next in the book u003cemu003eu003ca href=\" target=\"_blank\" rel=\"noopener\" title=\"\"u003eThe History of Eucharistic Adorationu003c\/au003eu003c\/emu003e:u003c\/pu003enu003cblockquote class=\"wp-block-quote is-layout-flow wp-block-quote-is-layout-flow\"u003enu003cpu003eWith this profession of faith, the churches of Europe began what can only be described as a Eucharistic Renascence. u003cstrongu003eProcessions of the Blessed Sacrament were instituted; prescribed acts of adoration were legislated; visits to Christ in the pyx were encouraged; the cells of anchoresses had windows made into the church to allow the religious to view and adore before the tabernacle. u003c\/strongu003eAn early ordinal of the Carmelites included the words u0026#8220;for the devotion of those in the choiru0026#8221; when referring to the reservation of the species.u003c\/pu003enu003c\/blockquoteu003enu003cdiv class=\"wp-block-aleteia-heading3\"u003enu003ch2u003eElevation of the host at Massu003c\/h2u003enu003c\/pu003eu003c\/divu003enu003cpu003eAnother major development that happened around the same time was the new practice of elevating the host after the words of consecration.u003c\/pu003enu003cpu003eFor much of Church history, the priest was accustomed to face the altar in the same direction as the people. This meant that when the priest was reciting the Eucharistic Prayer,u0026nbsp;u003cstrongu003ethe host and chalice were hidden from view.u003c\/strongu003eu003c\/pu003enu003cpu003eInitially this did not pose any problem for the people, but by the 13th century, many saints were seeking ways to deepen the Eucharistic faith of the people.u003c\/pu003enu003cpu003eThe u003cemu003eu003ca href=\" target=\"_blank\" rel=\"noopener\" title=\"\"u003eCatholic Encyclopediau003c\/au003e u003c\/emu003eexplains how this development started to spread:u003c\/pu003enu003cblockquote class=\"wp-block-quote is-layout-flow wp-block-quote-is-layout-flow\"u003enu003cpu003eAtu0026nbsp;Paris, this elevation became a matter of synodal precept, probably before the year 1200. Before long it came to be regarded as u003cstrongu003ea very meritorious act to look upon and salute the Body of the Lord. u003c\/strongu003eIn this way, even before the middle of the thirteenth century, all kinds of fanciful promises were in circulation regarding the special privileges enjoyed by him, who, on any day, saw the Body of his Maker.u0026nbsp;u003c\/pu003enu003c\/blockquoteu003enu003cpu003eThe institution of the feast of u003cstrongu003eCorpus Christiu003cemu003e u003c\/emu003eu003c\/strongu003eshortly after these events solidified the devotion ofu003cstrongu003e adoring Jesus in the Eucharistu003c\/strongu003e and has continued ever since in the Roman Rite of the Catholic Church.u003c\/pu003entu003cdiv data-category=\"Spirituality\" data-category-english=\"spirituality\" class=\"wp-block-aleteia-read-also read-also\"u003enttu003cfigureu003entttu003cimgnttttsrc=\" \/u003enttu003c\/figureu003enttu003cdiv class=\"read-also-inner\"u003entttu003cemu003eRead more:u003c\/emu003eu003ca href=\" does the priest elevate the host and the chalice during Mass?u003c\/au003enttu003c\/divu003entu003c\/divu003etu003cdiv data-category=\"Spirituality\" data-category-english=\"spirituality\" class=\"wp-block-aleteia-read-also read-also\"u003enttu003cfigureu003entttu003cimgnttttsrc=\" \/u003enttu003c\/figureu003enttu003cdiv class=\"read-also-inner\"u003entttu003cemu003eRead more:u003c\/emu003eu003ca href=\" Eucharistic miracle that expanded the Corpus Christi feastu003c\/au003enttu003c\/divu003entu003c\/divu003e\",\"rawcontent\":\"u003c!-- wp:aleteia\/subtitle \/--u003ennu003c!-- wp:paragraph --u003enu003cpu003eThe Catholic Church has believed since the time of the Apostles that Jesus is truly and substantially present in the consecrated Eucharistic host at Mass.u003c\/pu003enu003c!-- \/wp:paragraph --u003ennu003c!-- wp:paragraph --u003enu003cpu003eHowever, the practice of Eucharistic adoration, wherebyu003cstrongu003e individuals gaze lovingly at a consecrated hostu003c\/strongu003e, did not develop until later.u003c\/pu003enu003c!-- \/wp:paragraph --u003ennu003c!-- wp:paragraph --u003enu003cpu003eInitially most hosts consecrated at Mass were consumed immediately, or were distributed to the sick and suffering. Tabernacles were rare and typically set off from the main church, not designed for individual devotion.u003c\/pu003enu003c!-- \/wp:paragraph --u003ennu003c!-- wp:paragraph --u003enu003cpu003eThat all changed in the 10th and 11th centuries when u003cstrongu003ean archdeacon in France publicly denied Jesus' presence in the Eucharist.u003c\/strongu003eu003c\/pu003enu003c!-- \/wp:paragraph --u003ennu003c!-- wp:paragraph --u003enu003cpu003eThis prompted an intervention from u003cstrongu003ePope Gregory VIIu003c\/strongu003e and afterwards a type of \"Eucharistic revival\" occurred in France.u003c\/pu003enu003c!-- \/wp:paragraph --u003ennu003c!-- wp:paragraph --u003enu003cpu003eFr. John Hardon describes what happened next in the book u003cemu003eu003ca href=\" target=\"_blank\" rel=\"noopener\" title=\"\"u003eThe History of Eucharistic Adorationu003c\/au003eu003c\/emu003e:u003c\/pu003enu003c!-- \/wp:paragraph --u003ennu003c!-- wp:quote --u003enu003cblockquote class=\"wp-block-quote\"u003eu003c!-- wp:paragraph --u003enu003cpu003eWith this profession of faith, the churches of Europe began what can only be described as a Eucharistic Renascence. u003cstrongu003eProcessions of the Blessed Sacrament were instituted; prescribed acts of adoration were legislated; visits to Christ in the pyx were encouraged; the cells of anchoresses had windows made into the church to allow the religious to view and adore before the tabernacle. u003c\/strongu003eAn early ordinal of the Carmelites included the words \"for the devotion of those in the choir\" when referring to the reservation of the species.u003c\/pu003enu003c!-- \/wp:paragraph --u003eu003c\/blockquoteu003enu003c!-- \/wp:quote --u003ennu003c!-- wp:aleteia\/heading3 \"content\":\"Elevation of the host at Mass\" --u003enu003ch3u003eElevation of the host at Massu003c\/h3u003enu003c!-- \/wp:aleteia\/heading3 --u003ennu003c!-- wp:paragraph --u003enu003cpu003eAnother major development that happened around the same time was the new practice of elevating the host after the words of consecration.u003c\/pu003enu003c!-- \/wp:paragraph --u003ennu003c!-- wp:paragraph --u003enu003cpu003eFor much of Church history, the priest was accustomed to face the altar in the same direction as the people. This meant that when the priest was reciting the Eucharistic Prayer,u0026nbsp;u003cstrongu003ethe host and chalice were hidden from view.u003c\/strongu003eu003c\/pu003enu003c!-- \/wp:paragraph --u003ennu003c!-- wp:paragraph --u003enu003cpu003eInitially this did not pose any problem for the people, but by the 13th century, many saints were seeking ways to deepen the Eucharistic faith of the people.u003c\/pu003enu003c!-- \/wp:paragraph --u003ennu003c!-- wp:paragraph --u003enu003cpu003eThe u003cemu003eu003ca href=\" target=\"_blank\" rel=\"noopener\" title=\"\"u003eCatholic Encyclopediau003c\/au003e u003c\/emu003eexplains how this development started to spread:u003c\/pu003enu003c!-- \/wp:paragraph --u003ennu003c!-- wp:quote --u003enu003cblockquote class=\"wp-block-quote\"u003eu003c!-- wp:paragraph --u003enu003cpu003eAtu0026nbsp;Paris, this elevation became a matter of synodal precept, probably before the year 1200. Before long it came to be regarded as u003cstrongu003ea very meritorious act to look upon and salute the Body of the Lord. u003c\/strongu003eIn this way, even before the middle of the thirteenth century, all kinds of fanciful promises were in circulation regarding the special privileges enjoyed by him, who, on any day, saw the Body of his Maker.u0026nbsp;u003c\/pu003enu003c!-- \/wp:paragraph --u003eu003c\/blockquoteu003enu003c!-- \/wp:quote --u003ennu003c!-- wp:paragraph --u003enu003cpu003eThe institution of the feast of u003cstrongu003eCorpus Christiu003cemu003e u003c\/emu003eu003c\/strongu003eshortly after these events solidified the devotion ofu003cstrongu003e adoring Jesus in the Eucharistu003c\/strongu003e and has continued ever since in the Roman Rite of the Catholic Church.u003c\/pu003enu003c!-- \/wp:paragraph --u003ennu003c!-- wp:aleteia\/read-also {\"link\":\" does the priest elevate the host and the chalice during Mass?\",\"image\":\" --u003enu003cdiv class=\"read-also\"u003eu003ca href=\" does the priest elevate the host and the chalice during Mass?u003c\/au003eu003c\/divu003enu003c!-- \/wp:aleteia\/read-also --u003ennu003c!-- wp:aleteia\/read-also {\"link\":\" Eucharistic miracle that expanded the Corpus Christi feast\",\"image\":\" --u003enu003cdiv class=\"read-also\"u003eu003ca href=\" Eucharistic miracle that expanded the Corpus Christi feastu003c\/au003eu003c\/divu003enu003c!-- \/wp:aleteia\/read-also --u003e\",\"pages\":1,\"language\":\"en\",\"galleries\":[],\"video\":false,\"title\":\"When did Eucharistic adoration first start in the Church?\",\"subheading\":\"While the Church believed in Jesus' presence in the Eucharist since the beginning, adoration of the Blessed Sacrament developed later.\",\"author\":\"Philip Kosloski\",\"author_2\":\"\",\"authors_obj\":[\"ID\":\"1243\",\"link\":\" Kosloski graduated from the University of Saint Thomas in Minnesota with a bachelor's degree in philosophy and Catholic studies and a master's degree in theology from the Augustine Institute. He is currently a spirituality writer for Aleteia.org and has been featured on such places as The Huffington Post, Crisis Magazine, The Catholic Herald, Catholic Exchange, National Catholic Register and EWTN Radio.\",\"twitter\":\"PhilipKosloski\",\"facebook\":\"philipkosloski\",\"subtitle\":\"\",\"title_guest_author\":\"\",\"thumb\":\" Kosloski\",\"hreflangs\": Shutterstock\",\"link\":\"\",\"caption\":\"#image_title\",\"alt\":\"fragment marmurowego o\u0142tarza przedstawiaj\u0105cy Naj\u015bwi\u0119tszy Sakrament czczony przez dw\u00f3ch anio\u0142\u00f3w\",\"link\":\"\/2024\/05\/31\/when-did-eucharistic-adoration-first-start-in-the-church\/\",\"category_obj\":\"link\":\" 0, 31, 77, 1 )\",\"term_id\":1494,\"category\":\"Spirituality\",\"category_slug\":\"spirituality\",\"category_id\":1494,\"category_color\":\"#001F4D\",\"parent_category\":\"Spirituality\",\"published\":1717146000,\"published_datalayer\":\"2024.05.31\",\"article_modified_date\":\"\",\"article_modified\":false,\"published_formatted\":\"published on 05\/31\/24\",\"tags\":\"Eucharist, Liturgy, Mass\",\"firsttag\":\"Mass\",\"tags_items\":[\"term_id\":423716675,\"name\":\"Eucharist\",\"link\":\" Department\",\"settings\":\"disable_slideshow_cta\":\"\",\"template_customizations\":\"\",\"post_appearance_setting\":\"no_drop_caps\":false,\"hide_from_tops\":false,\"hide_date\":false,\"hide_post\":false,\"hide_post_in_newsletter\":false,\"ads_disabled\":false,\"inread_ads_disabled\":false,\"custom_inread_position_enabled\":false,\"custom_inread_position\":\"2\",\"test_pixel_enabled\":false,\"test_pixel_position\":\"\",\"exclude_banner_article\":false,\"div_moneytags_position\":\"\",\"hide_promotional_box\":false,\"original_article\":\"is_original\":\"1\",\"url\":\"\",\"edition\":\"en\",\"gtm\":\"page_type\":\"\",\"page_type_2\":\"\",\"category_name\":\"spirituality\",\"article_subcategory\":\"Spirituality\",\"article_type\":\"article\",\"cd\":\"dimension1\":\"Philip Kosloski\",\"dimension2\":\"Spirituality\",\"dimension3\":\"1717146000\",\"dimension4\":\"en\",\"dimension5\":\"\",\"dimension6\":\"article\",\"dimension7\":\"2024.05.31\",\"dimension8\":\"Eucharist, Liturgy, Mass\",\"dimension9\":\"While the Church believed in Jesus' presence in the Eucharist since the beginning, adoration of the Blessed Sacrament developed later.\",\"dimension10\":\"806445\",\"dimension11\":\"Eucharist\",\"dimension12\":\"web\",\"dimension13\":\"\",\"dimension17\":\"Spirituality Department\",\"dimension14\":\"Spirituality\",\"photo_of_the_day\":false,\"daily_wisdom\":false,\"word_count\":789,\"shortcodes\":[],\"sponsoredSettings\":,\"isSponsored\":false,\"custom_skin_settings\":\"slot\":\"custom-skin\",\"library\":\"theme.Skin\",\"skin_default_article\":\"1\",\"hide_from_layout_endpoint\":\"1\",\"props\":\"id\":\"custom-skid-ad\",\"unit\":\"64500793\/EN_DESK_ARTICLE_SKIN_1x1\",\"collapse_empty_divs\":false,\"premium_ads\":false,\"bids\":\"\",\"nexxx360_id\":\"\",\"size\":[],\"adjacent_posts\":\"next_post\":\"link\":\" Article \",\"prev_post\":\"link\":\" Article \",\"close_comments\":false,\"premium_content\":\"\",\"trunked_content\":\"u003ch2 class=\"subtitle\"u003eWhile the Church believed in Jesus' presence in the Eucharist since the beginning, adoration of the Blessed Sacrament developed later.u003c\/h2u003enu003cpu003eThe Catholic Church has believed since the time of the Apostles that Jesus is truly and substantially present in the consecrated Eucharistic host at Mass.u003c\/pu003ennu003cpu003eHowever, the practice of Eucharistic adoration, wherebyu003cstrongu003e individuals gaze lovingly at a consecrated hostu003c\/strongu003e, did not develop until later.u003c\/pu003en\",{\"simple\":false,\"id\":807162,\"related\":[],\"content\":\"u003cspan class=\"subtitle\"u003eWe constantly run the risk of taking for granted the presence of Jesus Christ, our Savior.u003c\/spanu003eu003cpu003eIf Jesus is truly present in the Blessed Sacrament in the tabernacle of your local parish, then every time you go to Mass, pass the tabernacle, or pass the church, you\u2019re coming close to Jesus Christ himself.u003c\/pu003enu003cpu003eThis is great for Catholics, because it builds a loving familiarity with Jesus, but it\u2019s also dangerous for Catholics because we constantly run the risk of taking for granted the presence of Jesus Christ, our Savior.u003c\/pu003enu003cpu003eHere are 10 practices Catholics have adopted to make the most of Jesus\u2019 real presence and avoid the danger.u003c\/pu003enu003cpu003eu0026nbsp;u003cstrongu003e1: Face the tabernacle when you make the Sign of the Cross.u003c\/strongu003eu003c\/pu003enu003cpu003eMaking the Sign of the Cross is your declaration that you are living in the Trinitarian life inaugurated on earth by Jesus Christ.u003c\/pu003enu003cdiv id='aleteia-welcome'u003eu003c\/divu003enu003cpu003eWhen you make the Sign of the Cross when entering the church or beginning Mass, look at the tabernacle, where Jesus Christ himself is present.u003c\/pu003entu003cdiv data-category=\"Church\" data-category-english=\"church\" class=\"wp-block-aleteia-read-also read-also\"u003enttu003cfigureu003entttu003cimgnttttsrc=\" CROSS\"nttttloading=\"lazy\" \/u003enttu003c\/figureu003enttu003cdiv class=\"read-also-inner\"u003entttu003cemu003eRead more:u003c\/emu003eu003ca href=\" Francis: Teach your children to make the Sign of the Cross!u003c\/au003enttu003c\/divu003entu003c\/divu003eu003cpu003eu003cstrongu003e2: Genuflect imagining a king.u003c\/strongu003eu003c\/pu003enu003cpu003eThe Church expects Catholics to genuflect before the tabernacle because a \u201cgenuflection, made by bending the right knee to the ground, signifies adoration, and therefore it is reserved for the Most Blessed Sacrament,\u201d says theu0026nbsp; General Instruction of the Roman Missal (274).u003c\/pu003enu003cpu003eWhen this becomes a routine and meaningless gesture to you, try consciously imagining you are genuflecting not before the tabernacle but before the throne of Christ, wearing a crown. This is, in fact, what you are doing.u003c\/pu003enu003cpu003eu003cstrongu003e3: Bow to the altar, the place of his sacrifice.u003c\/strongu003eu003c\/pu003enu003cpu003eAnother important practice given in the General Instruction of the Roman Missal is to bow to the altar, as the sacred place where the priest will re-present Christ\u2019s sacrifice.u0026nbsp;u003c\/pu003enu003cpu003eOnce Mass begins, the altar and not the tabernacle is the center of attention and we bow to the altar rather than genuflect to the tabernacle.u003c\/pu003enu003cpu003eu003cstrongu003e4: Direct your prayers to the tabernacle.u003c\/strongu003eu003c\/pu003enu003cpu003eWhen you say prayers at Mass, it is good to direct them toward Jesus Christ himself, truly present in the tabernacle.u0026nbsp;u003c\/pu003enu003cpu003eWhen you say \u201cForgive me\u201d during the Penitential Act, \u201cGlory to God in the highest\u201d in the Gloria, or pray the Psalm response, direct them to God by focusing there. After the consecration, direct your prayers to the Lord present on the altar.u003c\/pu003enu003cpu003eu003cstrongu003e5: Offer yourself on the patenu003c\/strongu003eu003c\/pu003enu003cpu003eAs the Eucharistic liturgy begins, the priest blesses hosts on the paten (the plate), and says \u201cBlessed are you, Lord, God of all creation.\u201d It is an old custom to spiritually put yourself or your intentions on the paten and unite them with his offering.u0026nbsp;u0026nbsp;u003c\/pu003enu003cpu003eSt. Faustina did this on the day of her religious consecration, praying: \u201cToday I place my heart on the paten where Your Heart has been placed, O Jesus.\u201du003c\/pu003enu003cpu003eu003cstrongu003e6: Pray \u201cMy Lord and My God!\u201d when the host is elevated.u003c\/strongu003eu003c\/pu003enu003cpu003eThere is a longstanding Catholic custom of recommitting ourselves to the Lord using the words of faith made by \u201cdoubting Thomas\u201d when his doubts went away.u003c\/pu003enu003cpu003eu003cstrongu003e7: Pray, \u201cMy Jesus, mercy!\u201d when the chalice is elevated.u003c\/strongu003eu003c\/pu003enu003cpu003eThe same custom repeats \u201cMy Jesus, mercy!\u201d to the precious blood, a spontaneous cry of the heart for salvation.\u00a0u003c\/pu003enu003cpu003eIt is best to pray both these exclamations silently. However, I only know them because a man in a downtown parish in San Francisco I attended as a young man whispered them louder than he knew. His heartfelt cry for mercy shaped my understanding of the Lord\u2019s Eucharistic sacrifice.u003c\/pu003enu003cpu003eu003cstrongu003e8: Pray in the Communion line.u003c\/strongu003eu003c\/pu003enu003cpu003eAs you walk forward to receive Jesus in the Blessed Sacrament, it\u2019s good to pray to prepare yourself and stay recollected. Some popular prayers include:u003c\/pu003enu003cpu003e\u201cO my God, help me to make a good Communion.\u201du0026nbsp;u003c\/pu003enu003cpu003e\u201cMary, my mother, pray to your son for me.\u201du003c\/pu003enu003cpu003e\u201cMy dear angel guardian, lead me to the altar of love.\u201du003c\/pu003enu003cpu003eu003cstrongu003e9: Make the Sign of the Cross when you drive past a Catholic church.u003c\/strongu003eu003c\/pu003enu003cpu003eWhen you see Jesus Christ present by the side of the road on your errands, it\u2019s appropriate to thank him for being with you and to say a quick prayer to him.u003c\/pu003enu003cpu003eu003cstrongu003e10: Stop and visit if you have time.u003c\/strongu003eu003c\/pu003enu003cpu003eIf you have the time, don\u2019t just pass and pray; park and walk in. The structure of a quick visit is as easy as your ABCu0026#8217;s:u0026nbsp;u003c\/pu003enu003cpu003eu003cstrongu003eAu003c\/strongu003e is for adoration (say a few words of praise for Our Lord in the tabernacle) .u003c\/pu003enu003cpu003eu003cstrongu003eBu003c\/strongu003e is for blessings (thank God for today\u2019s blessings of food, shelter, clothing and goodness, truth and beauty.)u0026nbsp;u003c\/pu003enu003cpu003eu003cstrongu003eCu003c\/strongu003e is for contrition (repent of the times you misused those blessings today)u0026nbsp;u003c\/pu003enu003cpu003eu003cstrongu003eSu003c\/strongu003e is for supplication (say what you want God to supply in your life and others.)u003c\/pu003entu003cdiv data-category=\"Church\" data-category-english=\"church\" class=\"wp-block-aleteia-read-also read-also\"u003enttu003cfigureu003entttu003cimgnttttsrc=\" \/u003enttu003c\/figureu003enttu003cdiv class=\"read-also-inner\"u003entttu003cemu003eRead more:u003c\/emu003eu003ca href=\" who have had to live without the Eucharistu003c\/au003enttu003c\/divu003entu003c\/divu003e\",\"rawcontent\":\"u003c!-- wp:aleteia\/subtitle \/--u003ennu003c!-- wp:paragraph --u003enu003cpu003eIf Jesus is truly present in the Blessed Sacrament in the tabernacle of your local parish, then every time you go to Mass, pass the tabernacle, or pass the church, you\u2019re coming close to Jesus Christ himself.u003c\/pu003enu003c!-- \/wp:paragraph --u003ennu003c!-- wp:paragraph --u003enu003cpu003eThis is great for Catholics, because it builds a loving familiarity with Jesus, but it\u2019s also dangerous for Catholics because we constantly run the risk of taking for granted the presence of Jesus Christ, our Savior.u003c\/pu003enu003c!-- \/wp:paragraph --u003ennu003c!-- wp:paragraph --u003enu003cpu003eHere are 10 practices Catholics have adopted to make the most of Jesus\u2019 real presence and avoid the danger.u003c\/pu003enu003c!-- \/wp:paragraph --u003ennu003c!-- wp:paragraph --u003enu003cpu003eu0026nbsp;u003cstrongu003e1: Face the tabernacle when you make the Sign of the Cross.u003c\/strongu003eu003c\/pu003enu003c!-- \/wp:paragraph --u003ennu003c!-- wp:paragraph --u003enu003cpu003eMaking the Sign of the Cross is your declaration that you are living in the Trinitarian life inaugurated on earth by Jesus Christ.u003c\/pu003enu003c!-- \/wp:paragraph --u003ennu003c!-- wp:paragraph --u003enu003cpu003eWhen you make the Sign of the Cross when entering the church or beginning Mass, look at the tabernacle, where Jesus Christ himself is present.u003c\/pu003enu003c!-- \/wp:paragraph --u003ennu003c!-- wp:aleteia\/read-also {\"link\":\" Francis: Teach your children to make the Sign of the Cross!\",\"image\":\" --u003enu003cdiv class=\"read-also\"u003eu003ca href=\" Francis: Teach your children to make the Sign of the Cross!u003c\/au003eu003c\/divu003enu003c!-- \/wp:aleteia\/read-also --u003ennu003c!-- wp:paragraph --u003enu003cpu003eu003cstrongu003e2: Genuflect imagining a king.u003c\/strongu003eu003c\/pu003enu003c!-- \/wp:paragraph --u003ennu003c!-- wp:paragraph --u003enu003cpu003eThe Church expects Catholics to genuflect before the tabernacle because a \u201cgenuflection, made by bending the right knee to the ground, signifies adoration, and therefore it is reserved for the Most Blessed Sacrament,\u201d says theu0026nbsp; General Instruction of the Roman Missal (274).u003c\/pu003enu003c!-- \/wp:paragraph --u003ennu003c!-- wp:paragraph --u003enu003cpu003eWhen this becomes a routine and meaningless gesture to you, try consciously imagining you are genuflecting not before the tabernacle but before the throne of Christ, wearing a crown. This is, in fact, what you are doing.u003c\/pu003enu003c!-- \/wp:paragraph --u003ennu003c!-- wp:paragraph --u003enu003cpu003eu003cstrongu003e3: Bow to the altar, the place of his sacrifice.u003c\/strongu003eu003c\/pu003enu003c!-- \/wp:paragraph --u003ennu003c!-- wp:paragraph --u003enu003cpu003eAnother important practice given in the General Instruction of the Roman Missal is to bow to the altar, as the sacred place where the priest will re-present Christ\u2019s sacrifice.u0026nbsp;u003c\/pu003enu003c!-- \/wp:paragraph --u003ennu003c!-- wp:paragraph --u003enu003cpu003eOnce Mass begins, the altar and not the tabernacle is the center of attention and we bow to the altar rather than genuflect to the tabernacle.u003c\/pu003enu003c!-- \/wp:paragraph --u003ennu003c!-- wp:paragraph --u003enu003cpu003eu003cstrongu003e4: Direct your prayers to the tabernacle.u003c\/strongu003eu003c\/pu003enu003c!-- \/wp:paragraph --u003ennu003c!-- wp:paragraph --u003enu003cpu003eWhen you say prayers at Mass, it is good to direct them toward Jesus Christ himself, truly present in the tabernacle.u0026nbsp;u003c\/pu003enu003c!-- \/wp:paragraph --u003ennu003c!-- wp:paragraph --u003enu003cpu003eWhen you say \u201cForgive me\u201d during the Penitential Act, \u201cGlory to God in the highest\u201d in the Gloria, or pray the Psalm response, direct them to God by focusing there. After the consecration, direct your prayers to the Lord present on the altar.u003c\/pu003enu003c!-- \/wp:paragraph --u003ennu003c!-- wp:paragraph --u003enu003cpu003eu003cstrongu003e5: Offer yourself on the patenu003c\/strongu003eu003c\/pu003enu003c!-- \/wp:paragraph --u003ennu003c!-- wp:paragraph --u003enu003cpu003eAs the Eucharistic liturgy begins, the priest blesses hosts on the paten (the plate), and says \u201cBlessed are you, Lord, God of all creation.\u201d It is an old custom to spiritually put yourself or your intentions on the paten and unite them with his offering.u0026nbsp;u0026nbsp;u003c\/pu003enu003c!-- \/wp:paragraph --u003ennu003c!-- wp:paragraph --u003enu003cpu003eSt. Faustina did this on the day of her religious consecration, praying: \u201cToday I place my heart on the paten where Your Heart has been placed, O Jesus.\u201du003c\/pu003enu003c!-- \/wp:paragraph --u003ennu003c!-- wp:paragraph --u003enu003cpu003eu003cstrongu003e6: Pray \u201cMy Lord and My God!\u201d when the host is elevated.u003c\/strongu003eu003c\/pu003enu003c!-- \/wp:paragraph --u003ennu003c!-- wp:paragraph --u003enu003cpu003eThere is a longstanding Catholic custom of recommitting ourselves to the Lord using the words of faith made by \u201cdoubting Thomas\u201d when his doubts went away.u003c\/pu003enu003c!-- \/wp:paragraph --u003ennu003c!-- wp:paragraph --u003enu003cpu003eu003cstrongu003e7: Pray, \u201cMy Jesus, mercy!\u201d when the chalice is elevated.u003c\/strongu003eu003c\/pu003enu003c!-- \/wp:paragraph --u003ennu003c!-- wp:paragraph --u003enu003cpu003eThe same custom repeats \u201cMy Jesus, mercy!\u201d to the precious blood, a spontaneous cry of the heart for salvation.\u00a0u003c\/pu003enu003c!-- \/wp:paragraph --u003ennu003c!-- wp:paragraph --u003enu003cpu003eIt is best to pray both these exclamations silently. However, I only know them because a man in a downtown parish in San Francisco I attended as a young man whispered them louder than he knew. His heartfelt cry for mercy shaped my understanding of the Lord\u2019s Eucharistic sacrifice.u003c\/pu003enu003c!-- \/wp:paragraph --u003ennu003c!-- wp:paragraph --u003enu003cpu003eu003cstrongu003e8: Pray in the Communion line.u003c\/strongu003eu003c\/pu003enu003c!-- \/wp:paragraph --u003ennu003c!-- wp:paragraph --u003enu003cpu003eAs you walk forward to receive Jesus in the Blessed Sacrament, it\u2019s good to pray to prepare yourself and stay recollected. Some popular prayers include:u003c\/pu003enu003c!-- \/wp:paragraph --u003ennu003c!-- wp:paragraph --u003enu003cpu003e\u201cO my God, help me to make a good Communion.\u201du0026nbsp;u003c\/pu003enu003c!-- \/wp:paragraph --u003ennu003c!-- wp:paragraph --u003enu003cpu003e\u201cMary, my mother, pray to your son for me.\u201du003c\/pu003enu003c!-- \/wp:paragraph --u003ennu003c!-- wp:paragraph --u003enu003cpu003e\u201cMy dear angel guardian, lead me to the altar of love.\u201du003c\/pu003enu003c!-- \/wp:paragraph --u003ennu003c!-- wp:paragraph --u003enu003cpu003eu003cstrongu003e9: Make the Sign of the Cross when you drive past a Catholic church.u003c\/strongu003eu003c\/pu003enu003c!-- \/wp:paragraph --u003ennu003c!-- wp:paragraph --u003enu003cpu003eWhen you see Jesus Christ present by the side of the road on your errands, it\u2019s appropriate to thank him for being with you and to say a quick prayer to him.u003c\/pu003enu003c!-- \/wp:paragraph --u003ennu003c!-- wp:paragraph --u003enu003cpu003eu003cstrongu003e10: Stop and visit if you have time.u003c\/strongu003eu003c\/pu003enu003c!-- \/wp:paragraph --u003ennu003c!-- wp:paragraph --u003enu003cpu003eIf you have the time, don\u2019t just pass and pray; park and walk in. The structure of a quick visit is as easy as your ABC's:u0026nbsp;u003c\/pu003enu003c!-- \/wp:paragraph --u003ennu003c!-- wp:paragraph --u003enu003cpu003eu003cstrongu003eAu003c\/strongu003e is for adoration (say a few words of praise for Our Lord in the tabernacle) .u003c\/pu003enu003c!-- \/wp:paragraph --u003ennu003c!-- wp:paragraph --u003enu003cpu003eu003cstrongu003eBu003c\/strongu003e is for blessings (thank God for today\u2019s blessings of food, shelter, clothing and goodness, truth and beauty.)u0026nbsp;u003c\/pu003enu003c!-- \/wp:paragraph --u003ennu003c!-- wp:paragraph --u003enu003cpu003eu003cstrongu003eCu003c\/strongu003e is for contrition (repent of the times you misused those blessings today)u0026nbsp;u003c\/pu003enu003c!-- \/wp:paragraph --u003ennu003c!-- wp:paragraph --u003enu003cpu003eu003cstrongu003eSu003c\/strongu003e is for supplication (say what you want God to supply in your life and others.)u003c\/pu003enu003c!-- \/wp:paragraph --u003ennu003c!-- wp:aleteia\/read-also {\"link\":\" who have had to live without the Eucharist\",\"image\":\" --u003enu003cdiv class=\"read-also\"u003eu003ca href=\" who have had to live without the Eucharistu003c\/au003eu003c\/divu003enu003c!-- \/wp:aleteia\/read-also --u003e\",\"pages\":1,\"language\":\"en\",\"galleries\":[],\"video\":false,\"title\":\"10 Common Eucharistic practices to guard against routine\",\"subheading\":\"We constantly run the risk of taking for granted the presence of Jesus Christ, our Savior.\",\"author\":\"Tom Hoopes\",\"author_2\":\"\",\"authors_obj\":[\"ID\":\"1507\",\"link\":\" Hoopesu003c\/strongu003e, author of u003ciu003eu003ca href=\" target=\"_blank\" rel=\"noopener\" data-saferedirecturl=\" Rosary of Saint John Paul IIu003c\/au003e u003c\/iu003eandu003ciu003e u003c\/iu003ehost ofu003ciu003e u003c\/iu003eu003ca href=\" target=\"_blank\" rel=\"noopener\" data-saferedirecturl=\" Extraordinary Storyu003c\/au003e,u003ciu003e u003c\/iu003eis writer in residence at Benedictine College in Atchison, Kansas.\",\"twitter\":\"\",\"facebook\":\"\",\"subtitle\":\"\",\"title_guest_author\":\"\",\"thumb\":\" Hoopes\",\"hreflangs\":\"en\":\" BRUNO\",\"link\":\"\",\"caption\":\"\",\"alt\":\"CANDLELIGHT PROCESSION AND ROSARY\",\"link\":\"\/2024\/06\/03\/10-common-eucharistic-practices-to-guard-against-routine\/\",\"category_obj\":\"link\":\" 0, 31, 77, 1 )\",\"term_id\":1494,\"category\":\"Spirituality\",\"category_slug\":\"spirituality\",\"category_id\":1494,\"category_color\":\"#001F4D\",\"parent_category\":\"Spirituality\",\"published\":1717392620,\"published_datalayer\":\"2024.06.03\",\"article_modified_date\":\"\",\"article_modified\":false,\"published_formatted\":\"published on 06\/03\/24\",\"tags\":\"Eucharist, Faith, Spiritual Life\",\"firsttag\":\"Spiritual Life\",\"tags_items\":[\"term_id\":423716675,\"name\":\"Eucharist\",\"link\":\" Life\",\"link\":\" Department\",\"settings\":\"disable_slideshow_cta\":\"\",\"template_customizations\":\"\",\"post_appearance_setting\":\"no_drop_caps\":false,\"hide_from_tops\":false,\"hide_date\":false,\"hide_post\":false,\"hide_post_in_newsletter\":false,\"ads_disabled\":false,\"inread_ads_disabled\":false,\"custom_inread_position_enabled\":false,\"custom_inread_position\":\"2\",\"test_pixel_enabled\":false,\"test_pixel_position\":\"\",\"exclude_banner_article\":false,\"div_moneytags_position\":\"\",\"hide_promotional_box\":false,\"original_article\":\"is_original\":\"1\",\"url\":\"\",\"edition\":\"en\",\"gtm\":\"page_type\":\"\",\"page_type_2\":\"\",\"category_name\":\"spirituality\",\"article_subcategory\":\"Spirituality\",\"article_type\":\"article\",\"cd\":\"dimension1\":\"Tom Hoopes\",\"dimension2\":\"Spirituality\",\"dimension3\":\"1717392620\",\"dimension4\":\"en\",\"dimension5\":\"\",\"dimension6\":\"article\",\"dimension7\":\"2024.06.03\",\"dimension8\":\"Eucharist, Faith, Spiritual Life\",\"dimension9\":\"We constantly run the risk of taking for granted the presence of Jesus Christ, our Savior.\",\"dimension10\":\"807162\",\"dimension11\":\"Eucharist\",\"dimension12\":\"web\",\"dimension13\":\"\",\"dimension17\":\"Spirituality Department\",\"dimension14\":\"Spirituality\",\"photo_of_the_day\":false,\"daily_wisdom\":false,\"word_count\":1298,\"shortcodes\":[],\"sponsoredSettings\":,\"isSponsored\":false,\"custom_skin_settings\":\"slot\":\"custom-skin\",\"library\":\"theme.Skin\",\"skin_default_article\":\"1\",\"hide_from_layout_endpoint\":\"1\",\"props\":\"id\":\"custom-skid-ad\",\"unit\":\"64500793\/EN_DESK_ARTICLE_SKIN_1x1\",\"collapse_empty_divs\":false,\"premium_ads\":false,\"bids\":\"\",\"nexxx360_id\":\"\",\"size\":[],\"adjacent_posts\":\"next_post\":\"link\":\" Article \",\"prev_post\":\"link\":\" Article \",\"close_comments\":false,\"premium_content\":\"\",\"trunked_content\":\"u003ch2 class=\"subtitle\"u003eWe constantly run the risk of taking for granted the presence of Jesus Christ, our Savior.u003c\/h2u003enu003cpu003eIf Jesus is truly present in the Blessed Sacrament in the tabernacle of your local parish, then every time you go to Mass, pass the tabernacle, or pass the church, you\u2019re coming close to Jesus Christ himself.u003c\/pu003ennu003cpu003eThis is great for Catholics, because it builds a loving familiarity with Jesus, but it\u2019s also dangerous for Catholics because we constantly run the risk of taking for granted the presence of Jesus Christ, our Savior.u003c\/pu003en\",{\"simple\":false,\"id\":807204,\"related\":[],\"content\":\"u003cspan class=\"subtitle\"u003eThe date of the next ordinary consistory was announced, and it will be at that event that the canonization dates of Carlo and three others will be publicized.u003c\/spanu003eu003cpu003ePope Francis will preside over a consistory on July 1, and at that event with the cardinals, it is expected he will announce the date for the canonization of future saints, including the young Italian, Carlo Acutis.u003c\/pu003enu003cpu003eThe \u201cordinary\u201d public consistory will take place at 9 am in the Vatican Consistory Hall, according to the press release. The Pope is expected to announce the dates u0026#8211; in Latin, according to tradition u0026#8211; of various canonizations, which could take place next autumn.u003c\/pu003enu003cpu003eParticularly eagerly awaited is the canonization of Italian layman Carlo Acutis (1991-2006). The Pontiff authorized the Dicastery for the Causes of Saints to recognize a miracle due to his intercession u0026#8211; a necessary step for the proclamation of sainthood u0026#8211; on May 23.u003c\/pu003entu003cdiv data-category=\"Church\" data-category-english=\"church\" class=\"wp-block-aleteia-read-also read-also\"u003enttu003cfigureu003entttu003cimgnttttsrc=\" PEOPLE SHRINE BLESSED CARLO ACUTIS\"nttttloading=\"lazy\" \/u003enttu003c\/figureu003enttu003cdiv class=\"read-also-inner\"u003entttu003cemu003eRead more:u003c\/emu003eu003ca href=\" Acutis to be canonized after 2nd miracle recognizedu003c\/au003enttu003c\/divu003entu003c\/divu003eu003cpu003eThe other \u201cblessed\u201d awaiting canonization are u003c\/pu003enu003cpu003eu003cstrongu003eFr. Giuseppe Allamano\u00a0u003c\/strongu003e(1851-1926), founder of the Consolata Missionaries, is also on the list. Pope Francis has signed a decree recognizing a\u00a0u003ca href=\" target=\"_blank\" rel=\"noreferrer noopener\"u003esecond miracleu003c\/au003eattributed to the intercession of the man beatified by John Paul II in 1990.u003c\/pu003enu003cdiv id='aleteia-welcome'u003eu003c\/divu003enu003cpu003eu003cstrongu003eEleven Martyrs of Syriau003c\/strongu003e, beatified in 1926 by Pius XI: These eight Spanish and Austrian Franciscan friars and three lay Maronites were killed on July 9 and 10, 1860, in Damascus during the revolt of the Druze militia against the Christian populations of Lebanon and Syria. They were murdered because they refused to renounce their faith and convert to Islam as their attackers demanded.u003c\/pu003enu003cpu003eu003cstrongu003eCanadian nun u003ca href=\" target=\"_blank\" rel=\"noreferrer noopener\"u003eMarie-L\u00e9onie Paradisu003c\/au003e,u003c\/strongu003e founder of the Little Sisters of the Holy Family, and\u00a0u003c\/pu003enu003cpu003eu003cstrongu003eu003ca href=\" target=\"_blank\" rel=\"noreferrer noopener\"u003eElena Guerrau003c\/au003e, u003c\/strongu003eknown as the Apostle of the Holy Spirit.u003c\/pu003enu003cdiv class=\"wp-block-aleteia-heading3\"u003enu003ch2u003eA place for sometimes u0026#8220;bigu0026#8221; newsu003c\/h2u003enu003c\/pu003eu003c\/divu003enu003cpu003eIt was during an ordinary consistory, surrounded by the cardinals present in Rome, that Benedict XVI announced his resignation u0026#8211; to everyoneu0026#8217;s great surprise u0026#8211; on February 11, 2013.u003c\/pu003entu003cdiv data-category=\"Lifestyle\" data-category-english=\"lifestyle\" class=\"wp-block-aleteia-read-also read-also\"u003enttu003cfigureu003entttu003cimgnttttsrc=\" ACUTIS\"nttttloading=\"lazy\" \/u003enttu003c\/figureu003enttu003cdiv class=\"read-also-inner\"u003entttu003cemu003eRead more:u003c\/emu003eu003ca href=\" Ways Carlo Acutis is an essential influence for todayu0026#8217;s childrenu003c\/au003enttu003c\/divu003entu003c\/divu003e\",\"rawcontent\":\"u003c!-- wp:aleteia\/subtitle \/--u003ennu003c!-- wp:paragraph --u003enu003cpu003ePope Francis will preside over a consistory on July 1, and at that event with the cardinals, it is expected he will announce the date for the canonization of future saints, including the young Italian, Carlo Acutis.u003c\/pu003enu003c!-- \/wp:paragraph --u003ennu003c!-- wp:paragraph --u003enu003cpu003eThe \u201cordinary\u201d public consistory will take place at 9 am in the Vatican Consistory Hall, according to the press release. The Pope is expected to announce the dates - in Latin, according to tradition - of various canonizations, which could take place next autumn.u003c\/pu003enu003c!-- \/wp:paragraph --u003ennu003c!-- wp:paragraph --u003enu003cpu003eParticularly eagerly awaited is the canonization of Italian layman Carlo Acutis (1991-2006). The Pontiff authorized the Dicastery for the Causes of Saints to recognize a miracle due to his intercession - a necessary step for the proclamation of sainthood - on May 23.u003c\/pu003enu003c!-- \/wp:paragraph --u003ennu003c!-- wp:aleteia\/read-also \"link\":\" Acutis to be canonized after 2nd miracle recognized\",\"image\":\" --u003enu003cdiv class=\"read-also\"u003eu003ca href=\" Acutis to be canonized after 2nd miracle recognizedu003c\/au003eu003c\/divu003enu003c!-- \/wp:aleteia\/read-also --u003ennu003c!-- wp:paragraph --u003enu003cpu003eThe other \u201cblessed\u201d awaiting canonization are u003c\/pu003enu003c!-- \/wp:paragraph --u003ennu003c!-- wp:paragraph --u003enu003cpu003eu003cstrongu003eFr. Giuseppe Allamano\u00a0u003c\/strongu003e(1851-1926), founder of the Consolata Missionaries, is also on the list. Pope Francis has signed a decree recognizing a\u00a0u003ca href=\" target=\"_blank\" rel=\"noreferrer noopener\"u003esecond miracleu003c\/au003eattributed to the intercession of the man beatified by John Paul II in 1990.u003c\/pu003enu003c!-- \/wp:paragraph --u003ennu003c!-- wp:paragraph --u003enu003cpu003eu003cstrongu003eEleven Martyrs of Syriau003c\/strongu003e, beatified in 1926 by Pius XI: These eight Spanish and Austrian Franciscan friars and three lay Maronites were killed on July 9 and 10, 1860, in Damascus during the revolt of the Druze militia against the Christian populations of Lebanon and Syria. They were murdered because they refused to renounce their faith and convert to Islam as their attackers demanded.u003c\/pu003enu003c!-- \/wp:paragraph --u003ennu003c!-- wp:paragraph --u003enu003cpu003eu003cstrongu003eCanadian nun u003ca href=\" target=\"_blank\" rel=\"noreferrer noopener\"u003eMarie-L\u00e9onie Paradisu003c\/au003e,u003c\/strongu003e founder of the Little Sisters of the Holy Family, and\u00a0u003c\/pu003enu003c!-- \/wp:paragraph --u003ennu003c!-- wp:paragraph --u003enu003cpu003eu003cstrongu003eu003ca href=\" target=\"_blank\" rel=\"noreferrer noopener\"u003eElena Guerrau003c\/au003e, u003c\/strongu003eknown as the Apostle of the Holy Spirit.u003c\/pu003enu003c!-- \/wp:paragraph --u003ennu003c!-- wp:aleteia\/heading3 \"content\":\"A place for sometimes \\u0022big\\u0022 news\" --u003enu003ch3u003eA place for sometimes \"big\" newsu003c\/h3u003enu003c!-- \/wp:aleteia\/heading3 --u003ennu003c!-- wp:paragraph --u003enu003cpu003eIt was during an ordinary consistory, surrounded by the cardinals present in Rome, that Benedict XVI announced his resignation - to everyone's great surprise - on February 11, 2013.u003c\/pu003enu003c!-- \/wp:paragraph --u003ennu003c!-- wp:aleteia\/read-also \"link\":\" Ways Carlo Acutis is an essential influence for today\\u0026#8217;s children\",\"image\":\" --u003enu003cdiv class=\"read-also\"u003eu003ca href=\" Ways Carlo Acutis is an essential influence for todayu0026#8217;s childrenu003c\/au003eu003c\/divu003enu003c!-- \/wp:aleteia\/read-also --u003e\",\"pages\":1,\"language\":\"en\",\"galleries\":[],\"video\":false,\"title\":\"Pope to announce Carlo Acutis canonization date on July 1\",\"subheading\":\"The date of the next ordinary consistory was announced, and it will be at that event that the canonization dates of Carlo and three others will be publicized.\",\"author\":\"I.Media\",\"author_2\":\"\",\"authors_obj\":[ ALETEIA\",\"link\":\" Francis consistory new cardinals September 30-2023\",\"link\":\"\/2024\/06\/03\/pope-to-announce-carlo-acutis-canonization-date-on-july-1\/\",\"category_obj\":\"link\":\" 240, 183, 44, 1 )\",\"term_id\":423715166,\"category\":\"Church\",\"category_slug\":\"church-news\",\"category_id\":423715166,\"category_color\":\"#f0b72c\",\"parent_category\":\"Church\",\"published\":1717411304,\"published_datalayer\":\"2024.06.03\",\"article_modified_date\":\"\",\"article_modified\":false,\"published_formatted\":\"published on 06\/03\/24\",\"tags\":\"Cardinals, Carlo Acutis, Saints\",\"firsttag\":\"Saints\",\"tags_items\":[\"term_id\":423717667,\"name\":\"Cardinals\",\"link\":\" Acutis\",\"link\":\" Carlo Acutis, Saints\",\"dimension9\":\"The date of the next ordinary consistory was announced, and it will be at that event that the canonization dates of Carlo and three others will be publicized.\",\"dimension10\":\"807204\",\"dimension11\":\"Cardinals\",\"dimension12\":\"web\",\"dimension13\":\"\",\"dimension17\":\"Church\",\"dimension14\":\"Church\",\"photo_of_the_day\":false,\"daily_wisdom\":false,\"word_count\":570,\"shortcodes\":[],\"sponsoredSettings\":,\"isSponsored\":false,\"custom_skin_settings\":\"slot\":\"custom-skin\",\"library\":\"theme.Skin\",\"skin_default_article\":\"1\",\"hide_from_layout_endpoint\":\"1\",\"props\":\"id\":\"custom-skid-ad\",\"unit\":\"64500793\/EN_DESK_ARTICLE_SKIN_1x1\",\"collapse_empty_divs\":false,\"premium_ads\":false,\"bids\":\"\",\"nexxx360_id\":\"\",\"size\":[],\"adjacent_posts\":\"next_post\":\"link\":\" Article \",\"prev_post\":\"link\":\" Article \",\"close_comments\":false,\"premium_content\":\"\",\"trunked_content\":\"u003ch2 class=\"subtitle\"u003eThe date of the next ordinary consistory was announced, and it will be at that event that the canonization dates of Carlo and three others will be publicized.u003c\/h2u003enu003cpu003ePope Francis will preside over a consistory on July 1, and at that event with the cardinals, it is expected he will announce the date for the canonization of future saints, including the young Italian, Carlo Acutis.u003c\/pu003ennu003cpu003eThe \u201cordinary\u201d public consistory will take place at 9 am in the Vatican Consistory Hall, according to the press release. The Pope is expected to announce the dates - in Latin, according to tradition - of various canonizations, which could take place next autumn.u003c\/pu003en\",{\"simple\":false,\"id\":804742,\"related\":[],\"content\":\"u003cspan class=\"subtitle\"u003e'Jesus Thirsts' is a film our world needs, especially in this time of Eucharistic Revival. Put it on your calendar for June 4, 5, or 6!u003c\/spanu003eu003cpu003eWhen we think of stars who might appear on the silver screen, most of us would not expect to see Jesus on the short list. But that\u2019s what\u2019s heading our way with an exciting and beautiful new film, u003cemu003eJesus Thirstsu003c\/emu003e, which is all about the life-changing power of the Holy Eucharist. We can\u2019t think of anything better to watch during this year of Eucharistic Revival!u003c\/pu003enu003cpu003eu003ca href=\" target=\"_blank\" rel=\"noopener\" title=\"\"u003eu003cemu003eJesus Thirsts: The Miracle of the Eucharistu003c\/emu003eu003c\/au003eu003cemu003e u003c\/emu003eis a feature documentary from Executive Producer Deacon Steve Greco and producers James Wahlberg and Tim Moriarty. It invites viewers along on a global journey to understand the transformative power of the Eucharist.u0026nbsp;u003c\/pu003enu003cpu003eEngaging in dialogue with notable Catholic figures, u003cemu003eJesus Thirstsu003c\/emu003e explores the biblical origins of the Eucharist and shares personal stories of individuals whose lives have been transformed by the Blessed Sacrament.u0026nbsp;u003c\/pu003enu003cpu003eYou can watch the trailer here:u003c\/pu003enu003cfigure class=\"wp-block-embed is-type-video is-provider-youtube wp-block-embed-youtube wp-embed-aspect-16-9 wp-has-aspect-ratio\" data-original=\"false\"u003enu003cdiv class=\"wp-block-embed__wrapper\"u003enu003cspan class=\"embed-youtube\" style=\"text-align:center; display: block;\"u003eu003ciframe loading=\"lazy\" class=\"youtube-player\" width=\"1200\" height=\"675\" src=\" allowfullscreen=\"true\" style=\"border:0;\" sandbox=\"allow-scripts allow-same-origin allow-popups allow-presentation allow-popups-to-escape-sandbox\"u003eu003c\/iframeu003eu003c\/spanu003eu003c\/pu003enu003c\/divu003enu003c\/figureu003enu003cpu003eWe can\u2019t think of a more timely and needed topic for a nationwide film. The Catholic Church teaches that the Eucharist is the Real Presence of God with humanity, but only one-third of practicing U.S. Catholics believe in Jesus Christ in the Eucharist as more than a symbol.u003c\/pu003enu003cdiv id='aleteia-welcome'u003eu003c\/divu003enu003cpu003e\u201cItu0026#8217;s not just a symbol; it is Jesus Himself,\u201d said Tim Moriarty, the film\u2019s director. \u201cThis film is crafted to ignite that realization in the hearts of those who see it.\u201du003c\/pu003enu003cpu003eIt\u2019s time for a bigger, louder message about this most central truth of the Catholic faith.u003c\/pu003enu003cpu003eu0026#8220;The Catholic Church is in crisis with a reported only one in four Catholics attending weekly Mass,\u201d said Deacon Steve Greco, executive producer. \u201cIf the Eucharist is truly Jesus, then we must create an opportunity for education, invitation, and inspiration for the lost to turn back to God truly present in every tabernacle around the world.\u201du003c\/pu003enu003cpu003eWhat does this kind of education, invitation, and inspiration look like? Well, a great place to start is with going to see u003cemu003eJesus Thirstsu003c\/emu003e!u003c\/pu003enu003cpu003eThe all-star cast of characters includes Catholic experts like Dr. Scott Hahn; Curtis Martin of FOCUS Catholic; Fr. Robert Spitzer, S.J.; Sr. Briege McKenna, OSC; Bishop Andrew Cozzens; Eduardo Ver\u00e1stegui; the Sisters of Life; and many more voices speaking out with love for Our Lord in the Eucharist.u003c\/pu003enu003cpu003eYou can see a bit of Sr. Briege\u2019s part in the film here:u003c\/pu003enu003cfigure class=\"wp-block-video\"u003eu003cvideo controls poster=\" src=\" film\u2019s exploration makes it unmistakably clear that the Eucharist is not merely a symbol, but is indeed Jesus Christ Himself \u2014 fervently desiring to quench our spiritual thirst with His boundless love.u003c\/pu003enu003cblockquote class=\"wp-block-quote is-layout-flow wp-block-quote-is-layout-flow\"u003enu003cpu003eu0026#8220;The Eucharist changed my life, and we want this movie to change lives,\u201d said James Wahlberg, producer. u0026#8220;As a filmmaker, I have seen the power of storytelling that can change lives, and here we have the greatest love story of all time.\u201du003c\/pu003enu003c\/blockquoteu003enu003cpu003eHe encouraged Catholics to bring friends and loved ones to see the film: \u201cMaybe some of your loved ones are not ready to come back to Mass but will be open to seeing our film. I encourage faithful Catholics to be bold in witnessing and invite those who are near, and especially those who are far off, to come to the movies on June 4, 5, and 6.\u201du003c\/pu003enu003cpu003eWahlberg shared his dream that the film will inspire a huge surge of Eucharistic Adoration and prayer: u003c\/pu003enu003cblockquote class=\"wp-block-quote is-layout-flow wp-block-quote-is-layout-flow\"u003enu003cpu003e\u201cI can\u2019t imagine anything better than the movie theaters filled and then pastors and priests opening their churches for Eucharistic Adoration. This is an encounter with Jesus, who is seeking every human heart and is waiting for us on every altar around the world.\u201du003c\/pu003enu003c\/blockquoteu003enu003cpu003eThe film will be screened in theaters nationwide on June 4, 5, and 6 (in Spanish) at 4:00 p.m. and 7:00 p.m.u0026nbsp;u003c\/pu003enu003cpu003eTwo showtimes hopefully make the film more accessible for families, schools, and religious education, and the movie includes a special bonus feature: u003cemu003eOur Lady of Guadalupe: Woman of the Eucharistu003c\/emu003e, produced by the Knights of Columbus.u0026nbsp;u003c\/pu003enu003cpu003eThere are several resources available on the movie website that have been created in English and Spanish for parishes, dioceses, and ministries. Visit JesusThirstsFilm.com to download postcards, fliers, social media graphics, and videos to engage your community of faith.u003c\/pu003enu003cpu003eTickets and a list of participating theater locations will be available u003ca href=\" target=\"_blank\" rel=\"noopener\" title=\"\"u003ehere.u003c\/au003e Join the conversation on social media at #JesusThirstsFilm on u003ca href=\" target=\"_blank\" rel=\"noopener\" title=\"\"u003eInstagramu003c\/au003e, u003ca href=\" target=\"_blank\" rel=\"noopener\" title=\"\"u003eFacebooku003c\/au003e, u003ca href=\" target=\"_blank\" rel=\"noopener\" title=\"\"u003eXu003c\/au003e, and u003ca href=\" target=\"_blank\" rel=\"noopener\" title=\"\"u003eYouTubeu003c\/au003e.u003c\/pu003enu003cpu003eu003cemu003eJesus Thirstsu003c\/emu003e is a film our world desperately needs, especially in this time of Eucharistic Revival. Put it on your calendar for June 4, 5, or 6 and rejoice in the eternal love Jesus holds for each one of us!u003c\/pu003enu003cpu003e~u003cbr \/u003eThis article is sponsored by u003cemu003eJesus Thirstsu003c\/emu003eu003c\/pu003entu003cdiv data-category=\"News\" data-category-english=\"news\" class=\"wp-block-aleteia-read-also read-also\"u003enttu003cfigureu003entttu003cimgnttttsrc=\" \/u003enttu003c\/figureu003enttu003cdiv class=\"read-also-inner\"u003entttu003cemu003eRead more:u003c\/emu003eu003ca href=\" Eucharistic Pilgrimage kicks off this weekend from four pointsu003c\/au003enttu003c\/divu003entu003c\/divu003etu003cdiv data-category=\"News\" data-category-english=\"news\" class=\"wp-block-aleteia-read-also read-also\"u003enttu003cfigureu003entttu003cimgnttttsrc=\" Eucharistic Pilgrims with Bishop Cozzens\"nttttloading=\"lazy\" \/u003enttu003c\/figureu003enttu003cdiv class=\"read-also-inner\"u003entttu003cemu003eRead more:u003c\/emu003eu003ca href=\" are the young people who will walk 1000s of miles for the Eucharistu003c\/au003enttu003c\/divu003entu003c\/divu003e\",\"rawcontent\":\"u003c!-- wp:aleteia\/subtitle \/--u003ennu003c!-- wp:paragraph --u003enu003cpu003eWhen we think of stars who might appear on the silver screen, most of us would not expect to see Jesus on the short list. But that\u2019s what\u2019s heading our way with an exciting and beautiful new film, u003cemu003eJesus Thirstsu003c\/emu003e, which is all about the life-changing power of the Holy Eucharist. We can\u2019t think of anything better to watch during this year of Eucharistic Revival!u003c\/pu003enu003c!-- \/wp:paragraph --u003ennu003c!-- wp:paragraph --u003enu003cpu003eu003ca href=\" target=\"_blank\" rel=\"noopener\" title=\"\"u003eu003cemu003eJesus Thirsts: The Miracle of the Eucharistu003c\/emu003eu003c\/au003eu003cemu003e u003c\/emu003eis a feature documentary from Executive Producer Deacon Steve Greco and producers James Wahlberg and Tim Moriarty. It invites viewers along on a global journey to understand the transformative power of the Eucharist.u0026nbsp;u003c\/pu003enu003c!-- \/wp:paragraph --u003ennu003c!-- wp:paragraph --u003enu003cpu003eEngaging in dialogue with notable Catholic figures, u003cemu003eJesus Thirstsu003c\/emu003e explores the biblical origins of the Eucharist and shares personal stories of individuals whose lives have been transformed by the Blessed Sacrament.u0026nbsp;u003c\/pu003enu003c!-- \/wp:paragraph --u003ennu003c!-- wp:paragraph --u003enu003cpu003eYou can watch the trailer here:u003c\/pu003enu003c!-- \/wp:paragraph --u003ennu003c!-- wp:embed \"url\":\" wp-has-aspect-ratio\" --u003enu003cfigure class=\"wp-block-embed is-type-video is-provider-youtube wp-block-embed-youtube wp-embed-aspect-16-9 wp-has-aspect-ratio\"u003eu003cdiv class=\"wp-block-embed__wrapper\"u003en \/wp:embed --u003ennu003c!-- wp:paragraph --u003enu003cpu003eWe can\u2019t think of a more timely and needed topic for a nationwide film. The Catholic Church teaches that the Eucharist is the Real Presence of God with humanity, but only one-third of practicing U.S. Catholics believe in Jesus Christ in the Eucharist as more than a symbol.u003c\/pu003enu003c!-- \/wp:paragraph --u003ennu003c!-- wp:paragraph --u003enu003cpu003e\u201cIt's not just a symbol; it is Jesus Himself,\u201d said Tim Moriarty, the film\u2019s director. \u201cThis film is crafted to ignite that realization in the hearts of those who see it.\u201du003c\/pu003enu003c!-- \/wp:paragraph --u003ennu003c!-- wp:paragraph --u003enu003cpu003eIt\u2019s time for a bigger, louder message about this most central truth of the Catholic faith.u003c\/pu003enu003c!-- \/wp:paragraph --u003ennu003c!-- wp:paragraph --u003enu003cpu003e\"The Catholic Church is in crisis with a reported only one in four Catholics attending weekly Mass,\u201d said Deacon Steve Greco, executive producer. \u201cIf the Eucharist is truly Jesus, then we must create an opportunity for education, invitation, and inspiration for the lost to turn back to God truly present in every tabernacle around the world.\u201du003c\/pu003enu003c!-- \/wp:paragraph --u003ennu003c!-- wp:paragraph --u003enu003cpu003eWhat does this kind of education, invitation, and inspiration look like? Well, a great place to start is with going to see u003cemu003eJesus Thirstsu003c\/emu003e!u003c\/pu003enu003c!-- \/wp:paragraph --u003ennu003c!-- wp:paragraph --u003enu003cpu003eThe all-star cast of characters includes Catholic experts like Dr. Scott Hahn; Curtis Martin of FOCUS Catholic; Fr. Robert Spitzer, S.J.; Sr. Briege McKenna, OSC; Bishop Andrew Cozzens; Eduardo Ver\u00e1stegui; the Sisters of Life; and many more voices speaking out with love for Our Lord in the Eucharist.u003c\/pu003enu003c!-- \/wp:paragraph --u003ennu003c!-- wp:paragraph --u003enu003cpu003eYou can see a bit of Sr. Briege\u2019s part in the film here:u003c\/pu003enu003c!-- \/wp:paragraph --u003ennu003c!-- wp:video \"id\":807029,\"poster\":\" --u003enu003cfigure class=\"wp-block-video\"u003eu003cvideo controls poster=\" src=\" \/wp:video --u003ennu003c!-- wp:paragraph --u003enu003cpu003eThe film\u2019s exploration makes it unmistakably clear that the Eucharist is not merely a symbol, but is indeed Jesus Christ Himself \u2014 fervently desiring to quench our spiritual thirst with His boundless love.u003c\/pu003enu003c!-- \/wp:paragraph --u003ennu003c!-- wp:quote --u003enu003cblockquote class=\"wp-block-quote\"u003eu003c!-- wp:paragraph --u003enu003cpu003e\"The Eucharist changed my life, and we want this movie to change lives,\u201d said James Wahlberg, producer. \"As a filmmaker, I have seen the power of storytelling that can change lives, and here we have the greatest love story of all time.\u201du003c\/pu003enu003c!-- \/wp:paragraph --u003eu003c\/blockquoteu003enu003c!-- \/wp:quote --u003ennu003c!-- wp:paragraph --u003enu003cpu003eHe encouraged Catholics to bring friends and loved ones to see the film: \u201cMaybe some of your loved ones are not ready to come back to Mass but will be open to seeing our film. I encourage faithful Catholics to be bold in witnessing and invite those who are near, and especially those who are far off, to come to the movies on June 4, 5, and 6.\u201du003c\/pu003enu003c!-- \/wp:paragraph --u003ennu003c!-- wp:paragraph --u003enu003cpu003eWahlberg shared his dream that the film will inspire a huge surge of Eucharistic Adoration and prayer: u003c\/pu003enu003c!-- \/wp:paragraph --u003ennu003c!-- wp:quote --u003enu003cblockquote class=\"wp-block-quote\"u003eu003c!-- wp:paragraph --u003enu003cpu003e\u201cI can\u2019t imagine anything better than the movie theaters filled and then pastors and priests opening their churches for Eucharistic Adoration. This is an encounter with Jesus, who is seeking every human heart and is waiting for us on every altar around the world.\u201du003c\/pu003enu003c!-- \/wp:paragraph --u003eu003c\/blockquoteu003enu003c!-- \/wp:quote --u003ennu003c!-- wp:paragraph --u003enu003cpu003eThe film will be screened in theaters nationwide on June 4, 5, and 6 (in Spanish) at 4:00 p.m. and 7:00 p.m.u0026nbsp;u003c\/pu003enu003c!-- \/wp:paragraph --u003ennu003c!-- wp:paragraph --u003enu003cpu003eTwo showtimes hopefully make the film more accessible for families, schools, and religious education, and the movie includes a special bonus feature: u003cemu003eOur Lady of Guadalupe: Woman of the Eucharistu003c\/emu003e, produced by the Knights of Columbus.u0026nbsp;u003c\/pu003enu003c!-- \/wp:paragraph --u003ennu003c!-- wp:paragraph --u003enu003cpu003eThere are several resources available on the movie website that have been created in English and Spanish for parishes, dioceses, and ministries. Visit JesusThirstsFilm.com to download postcards, fliers, social media graphics, and videos to engage your community of faith.u003c\/pu003enu003c!-- \/wp:paragraph --u003ennu003c!-- wp:paragraph --u003enu003cpu003eTickets and a list of participating theater locations will be available u003ca href=\" target=\"_blank\" rel=\"noopener\" title=\"\"u003ehere.u003c\/au003e Join the conversation on social media at #JesusThirstsFilm on u003ca href=\" target=\"_blank\" rel=\"noopener\" title=\"\"u003eInstagramu003c\/au003e, u003ca href=\" target=\"_blank\" rel=\"noopener\" title=\"\"u003eFacebooku003c\/au003e, u003ca href=\" target=\"_blank\" rel=\"noopener\" title=\"\"u003eXu003c\/au003e, and u003ca href=\" target=\"_blank\" rel=\"noopener\" title=\"\"u003eYouTubeu003c\/au003e.u003c\/pu003enu003c!-- \/wp:paragraph --u003ennu003c!-- wp:paragraph --u003enu003cpu003eu003cemu003eJesus Thirstsu003c\/emu003e is a film our world desperately needs, especially in this time of Eucharistic Revival. Put it on your calendar for June 4, 5, or 6 and rejoice in the eternal love Jesus holds for each one of us!u003c\/pu003enu003c!-- \/wp:paragraph --u003ennu003c!-- wp:paragraph --u003enu003cpu003e~u003cbru003eThis article is sponsored by u003cemu003eJesus Thirstsu003c\/emu003eu003c\/pu003enu003c!-- \/wp:paragraph --u003ennu003c!-- wp:aleteia\/read-also {\"link\":\" Eucharistic Pilgrimage kicks off this weekend from four points\",\"image\":\" --u003enu003cdiv class=\"read-also\"u003eu003ca href=\" Eucharistic Pilgrimage kicks off this weekend from four pointsu003c\/au003eu003c\/divu003enu003c!-- \/wp:aleteia\/read-also --u003ennu003c!-- wp:aleteia\/read-also {\"link\":\" are the young people who will walk 1000s of miles for the Eucharist\",\"image\":\" --u003enu003cdiv class=\"read-also\"u003eu003ca href=\" are the young people who will walk 1000s of miles for the Eucharistu003c\/au003eu003c\/divu003enu003c!-- \/wp:aleteia\/read-also --u003e\",\"pages\":1,\"language\":\"en\",\"galleries\":[],\"video\":false,\"title\":\"Just in time for Eucharistic Revival, Jesus is on the big screen\",\"subheading\":\"'Jesus Thirsts' is a film our world needs, especially in this time of Eucharistic Revival. Put it on your calendar for June 4, 5, or 6!\",\"author\":\"Theresa Civantos Barber\",\"author_2\":\"\",\"authors_obj\":[\"ID\":\"327797\",\"link\":\" class=\"p1\"u003eu003cspan class=\"s1\"u003eTheresa Civantos Barber is an assistant editor for Aleteia. She has worked as an editor for Regnery Publishing, University of Chicago and Midwest Theological Forum.\u00a0u003c\/spanu003eu003c\/pu003e\",\"twitter\":\"\",\"facebook\":\"\",\"subtitle\":\"\",\"title_guest_author\":\"\",\"thumb\":\" Civantos Barber\",\"hreflangs\":\"en\":\" \u00a92023 dimitre.com\",\"link\":\"\",\"caption\":\"\",\"alt\":\"Jesus-Thirsts-The-Miracle-of-the-Eucharist-Photo-by-photo-\u00a92023-dimitre.com\",\"link\":\"\/2024\/06\/01\/just-in-time-for-eucharistic-revival-jesus-is-on-the-big-screen\/\",\"category_obj\":\"link\":\" 0, 31, 77, 1 )\",\"term_id\":278,\"category\":\"Lifestyle\",\"category_slug\":\"lifestyle\",\"category_id\":278,\"category_color\":\"#001F4D\",\"parent_category\":\"Lifestyle\",\"published\":1717241860,\"published_datalayer\":\"2024.06.01\",\"article_modified_date\":\"\",\"article_modified\":false,\"published_formatted\":\"published on 06\/01\/24\",\"tags\":\"Eucharist, Eucharistic Revival, Movies\",\"firsttag\":\"Movies\",\"tags_items\":[\"term_id\":423716675,\"name\":\"Eucharist\",\"link\":\" Revival\",\"link\":\" Department\",\"settings\":\"disable_slideshow_cta\":\"\",\"template_customizations\":\"\",\"post_appearance_setting\":\"no_drop_caps\":false,\"hide_from_tops\":false,\"hide_date\":false,\"hide_post\":false,\"hide_post_in_newsletter\":false,\"ads_disabled\":false,\"inread_ads_disabled\":false,\"custom_inread_position_enabled\":false,\"custom_inread_position\":\"2\",\"test_pixel_enabled\":false,\"test_pixel_position\":\"\",\"exclude_banner_article\":false,\"div_moneytags_position\":\"\",\"hide_promotional_box\":false,\"original_article\":\"is_original\":\"1\",\"url\":\"\",\"edition\":\"en\",\"gtm\":\"page_type\":\"\",\"page_type_2\":\"\",\"category_name\":\"lifestyle\",\"article_subcategory\":\"Lifestyle\",\"article_type\":\"article\",\"cd\":\"dimension1\":\"Theresa Civantos Barber\",\"dimension2\":\"Lifestyle\",\"dimension3\":\"1717241860\",\"dimension4\":\"en\",\"dimension5\":\"\",\"dimension6\":\"article\",\"dimension7\":\"2024.06.01\",\"dimension8\":\"Eucharist, Eucharistic Revival, Movies\",\"dimension9\":\"'Jesus Thirsts' is a film our world needs, especially in this time of Eucharistic Revival. Put it on your calendar for June 4, 5, or 6!\",\"dimension10\":\"804742\",\"dimension11\":\"Eucharist\",\"dimension12\":\"web\",\"dimension13\":\"\",\"dimension17\":\"Lifestyle Department\",\"dimension14\":\"Lifestyle\",\"photo_of_the_day\":false,\"daily_wisdom\":false,\"word_count\":1455,\"shortcodes\":[],\"sponsoredSettings\":,\"isSponsored\":false,\"custom_skin_settings\":\"slot\":\"custom-skin\",\"library\":\"theme.Skin\",\"skin_default_article\":\"1\",\"hide_from_layout_endpoint\":\"1\",\"props\":\"id\":\"custom-skid-ad\",\"unit\":\"64500793\/EN_DESK_ARTICLE_SKIN_1x1\",\"collapse_empty_divs\":false,\"premium_ads\":false,\"bids\":\"\",\"nexxx360_id\":\"\",\"size\":[],\"adjacent_posts\":\"next_post\":\"link\":\" Article \",\"prev_post\":\"link\":\" Article \",\"close_comments\":false,\"premium_content\":\"\",\"trunked_content\":\"u003ch2 class=\"subtitle\"u003e'Jesus Thirsts' is a film our world needs, especially in this time of Eucharistic Revival. Put it on your calendar for June 4, 5, or 6!u003c\/h2u003enu003cpu003eWhen we think of stars who might appear on the silver screen, most of us would not expect to see Jesus on the short list. But that\u2019s what\u2019s heading our way with an exciting and beautiful new film, u003cemu003eJesus Thirstsu003c\/emu003e, which is all about the life-changing power of the Holy Eucharist. We can\u2019t think of anything better to watch during this year of Eucharistic Revival!u003c\/pu003ennu003cpu003eu003ca href=\" target=\"_blank\" rel=\"noopener\" title=\"\"u003eu003cemu003eJesus Thirsts: The Miracle of the Eucharistu003c\/emu003eu003c\/au003eu003cemu003e u003c\/emu003eis a feature documentary from Executive Producer Deacon Steve Greco and producers James Wahlberg and Tim Moriarty. It invites viewers along on a global journey to understand the transformative power of the Eucharist.u0026nbsp;u003c\/pu003en\",{\"simple\":false,\"id\":806580,\"related\":[],\"content\":\"u003cspan class=\"subtitle\"u003eIf you\u2019re feeling the urge to get a pet and trying to decide if it makes sense right now, here are a few questions to ask yourself first!u003c\/spanu003eu003cpu003eIt\u2019s not a part of Catholic teaching that gets a lot of airtime, but Catholics are called to be kind to animals along with caring for all of God\u2019s creation.u003c\/pu003enu003cpu003eThe Catechism reminds us of this obligation:u003c\/pu003enu003cblockquote class=\"wp-block-quote is-layout-flow wp-block-quote-is-layout-flow\"u003enu003cpu003eThe dominion granted by the Creator over the mineral, vegetable, and animal resources of the universe cannot be separated from respect for moral obligations, including those toward generations to come. u003cstrongu003eAnimals are entrusted to manu0026#8217;s stewardship; he must show them kindness.u003c\/strongu003e (2456-7)u003c\/pu003enu003c\/blockquoteu003enu003cpu003eWe also have to guide us the wise u003ca href=\" of Pope Francis, speaking of his namesake, St. Francis of Assisi, who of course is the patron saint of animals:u003c\/pu003enu003cblockquote class=\"wp-block-quote is-layout-flow wp-block-quote-is-layout-flow\"u003enu003cpu003eSt. Francis\u2019 response to the world around him was so much more than intellectual appreciation or economic calculus, for u003cstrongu003eto him each and every creature was a sister united to him by bonds of affectionu003c\/strongu003e. That is why he felt called to care for all that exists. His disciple Saint Bonaventure tells us that, \u201cfrom a reflection on the primary source of all things, filled with even more abundant piety, he would call creatures, no matter how small, by the name of \u2018brother\u2019 or \u2018sister.\u2019\u201du0026nbsp;u003c\/pu003enu003c\/blockquoteu003enu003cdiv class=\"wp-block-aleteia-heading3\"u003enu003ch2u003eOpenness to wonderu003c\/h2u003enu003c\/pu003eu003c\/divu003enu003cdiv id='aleteia-welcome'u003eu003c\/divu003enu003cpu003eWe might think it sounds overly precious to refer to the living creatures around us as \u201cBrother Dog,\u201d \u201cSister Butterfly,\u201d and so on (and living in the zone of the u003ca href=\" target=\"_blank\" rel=\"noopener\" title=\"\"u003e221-year double broodu003c\/au003e that has overrun my yard, you won\u2019t catch me saying \u201cBrother Cicada\u201d), but Pope Francis encourages us to take this approach as a model for our interactions with the natural world:u003c\/pu003enu003cblockquote class=\"wp-block-quote is-layout-flow wp-block-quote-is-layout-flow\"u003enu003cpu003eSuch a conviction cannot be written off as naive romanticism, for it affects the choices which determine our behavior. If we approach nature and the environment without this openness to awe and wonder, if we no longer speak the language of fraternity and beauty in our relationship with the world, our attitude will be that of masters, consumers, ruthless exploiters, unable to set limits on their immediate needs.u003c\/pu003enu003c\/blockquoteu003enu003cpu003eKnowing that we are called to practice kindness toward animals and approach God\u2019s creatures with fraternity and wonder, many of us will decide to open our homes to pets.u0026nbsp;u003c\/pu003enu003cpu003eFrom cats and dogs to birds and hamsters to frogs and turtles and even to larger pets like horses and goats, the animals in our lives can be a powerful u003ca href=\" target=\"_blank\" rel=\"noopener\" title=\"\"u003ereminder of God\u2019s goodnessu003c\/au003e.u0026nbsp;u003c\/pu003enu003cdiv class=\"wp-block-aleteia-heading3\"u003enu003ch2u003eIs it time for a pet?u003c\/h2u003enu003c\/pu003eu003c\/divu003enu003cpu003eIf you\u2019re feeling that urge to get a pet and you\u2019re trying to decide if it makes sense for you right now, here are a few questions to ask yourself first!u003c\/pu003enu003cpu003eu003cstrongu003eDo I have the bandwidth to take on caring for this pet?u003c\/strongu003eu003c\/pu003enu003cpu003eYou are making a commitment to a pet for their life, so consider if you are ready to take on that care.u003c\/pu003enu003cpu003eu003cstrongu003eCan I afford to care for this pet?u003c\/strongu003eu003c\/pu003enu003cpu003eEvery pet requires a financial commitment. Besides food and housing, many pets require grooming, veterinary care, and other needs that add up.u003c\/pu003enu003cpu003eu003cstrongu003eIs anyone in your family allergic to any kind of animal?u003c\/strongu003eu003c\/pu003enu003cpu003eConsider whether the health needs of you or your family members will affect what kind of pet you get.u003c\/pu003enu003cpu003eu003cstrongu003eDo I have the time to be with this pet as much as they need?u003c\/strongu003eu003c\/pu003enu003cpu003eIf you work long hours or travel frequently, consider how you will handle care for your pet in your absence and take your outside commitments into consideration in choosing the right pet for you.u003c\/pu003enu003cpu003eu003cstrongu003eWhat pets are you legally allowed to keep in your situation?u003c\/strongu003eu003c\/pu003enu003cpu003eLocal laws or landlord requirements may restrict the type of pet you can get. For example, chickens are illegal in some areas, and many apartments have restrictions around pet ownership. Check your options before you make your decision.u003c\/pu003enu003cpu003eu003cstrongu003eHow many years are you willing to commit? What are you looking for in a pet?u0026nbsp;u003c\/strongu003eu003c\/pu003enu003cpu003eTake into account how long different species and breeds of animals live and how much companionship and attention they need. Different species and breeds of animals have differing needs for companionship and attention, so consider if this pet\u2019s personality and life expectancy fit with what you\u2019re able to provide.u003c\/pu003enu003cpu003eSome of us will choose not to get a pet altogether, perhaps because of allergies, frequent travel, limited bandwidth, or some combination of these. u003cstrongu003eIf you decide not to get a pet but you still want the benefits of spending time with God\u2019s creatures, consider pet sitting for a friend as a fun backup option.u003c\/strongu003eu003c\/pu003enu003cpu003eGood luck with your decision!u003c\/pu003entu003cdiv data-category=\"Lifestyle\" data-category-english=\"lifestyle\" class=\"wp-block-aleteia-read-also read-also\"u003enttu003cfigureu003entttu003cimgnttttsrc=\" \/u003enttu003c\/figureu003enttu003cdiv class=\"read-also-inner\"u003entttu003cemu003eRead more:u003c\/emu003eu003ca href=\" pets go to heaven? A priestu0026#8217;s helpful explanationu003c\/au003enttu003c\/divu003entu003c\/divu003etu003cdiv data-category=\"Spirituality\" data-category-english=\"spirituality\" class=\"wp-block-aleteia-read-also read-also\"u003enttu003cfigureu003entttu003cimgnttttsrc=\" \/u003enttu003c\/figureu003enttu003cdiv class=\"read-also-inner\"u003entttu003cemu003eRead more:u003c\/emu003eu003ca href=\" real reason we love our pets so muchu003c\/au003enttu003c\/divu003entu003c\/divu003e\",\"rawcontent\":\"u003c!-- wp:aleteia\/subtitle \/--u003ennu003c!-- wp:paragraph --u003enu003cpu003eIt\u2019s not a part of Catholic teaching that gets a lot of airtime, but Catholics are called to be kind to animals along with caring for all of God\u2019s creation.u003c\/pu003enu003c!-- \/wp:paragraph --u003ennu003c!-- wp:paragraph --u003enu003cpu003eThe Catechism reminds us of this obligation:u003c\/pu003enu003c!-- \/wp:paragraph --u003ennu003c!-- wp:quote --u003enu003cblockquote class=\"wp-block-quote\"u003eu003c!-- wp:paragraph --u003enu003cpu003eThe dominion granted by the Creator over the mineral, vegetable, and animal resources of the universe cannot be separated from respect for moral obligations, including those toward generations to come. u003cstrongu003eAnimals are entrusted to man's stewardship; he must show them kindness.u003c\/strongu003e (2456-7)u003c\/pu003enu003c!-- \/wp:paragraph --u003eu003c\/blockquoteu003enu003c!-- \/wp:quote --u003ennu003c!-- wp:paragraph --u003enu003cpu003eWe also have to guide us the wise u003ca href=\" of Pope Francis, speaking of his namesake, St. Francis of Assisi, who of course is the patron saint of animals:u003c\/pu003enu003c!-- \/wp:paragraph --u003ennu003c!-- wp:quote --u003enu003cblockquote class=\"wp-block-quote\"u003eu003c!-- wp:paragraph --u003enu003cpu003eSt. Francis\u2019 response to the world around him was so much more than intellectual appreciation or economic calculus, for u003cstrongu003eto him each and every creature was a sister united to him by bonds of affectionu003c\/strongu003e. That is why he felt called to care for all that exists. His disciple Saint Bonaventure tells us that, \u201cfrom a reflection on the primary source of all things, filled with even more abundant piety, he would call creatures, no matter how small, by the name of \u2018brother\u2019 or \u2018sister.\u2019\u201du0026nbsp;u003c\/pu003enu003c!-- \/wp:paragraph --u003eu003c\/blockquoteu003enu003c!-- \/wp:quote --u003ennu003c!-- wp:aleteia\/heading3 \"content\":\"Openness to wonder\" --u003enu003ch3u003eOpenness to wonderu003c\/h3u003enu003c!-- \/wp:aleteia\/heading3 --u003ennu003c!-- wp:paragraph --u003enu003cpu003eWe might think it sounds overly precious to refer to the living creatures around us as \u201cBrother Dog,\u201d \u201cSister Butterfly,\u201d and so on (and living in the zone of the u003ca href=\" target=\"_blank\" rel=\"noopener\" title=\"\"u003e221-year double broodu003c\/au003e that has overrun my yard, you won\u2019t catch me saying \u201cBrother Cicada\u201d), but Pope Francis encourages us to take this approach as a model for our interactions with the natural world:u003c\/pu003enu003c!-- \/wp:paragraph --u003ennu003c!-- wp:quote --u003enu003cblockquote class=\"wp-block-quote\"u003eu003c!-- wp:paragraph --u003enu003cpu003eSuch a conviction cannot be written off as naive romanticism, for it affects the choices which determine our behavior. If we approach nature and the environment without this openness to awe and wonder, if we no longer speak the language of fraternity and beauty in our relationship with the world, our attitude will be that of masters, consumers, ruthless exploiters, unable to set limits on their immediate needs.u003c\/pu003enu003c!-- \/wp:paragraph --u003eu003c\/blockquoteu003enu003c!-- \/wp:quote --u003ennu003c!-- wp:paragraph --u003enu003cpu003eKnowing that we are called to practice kindness toward animals and approach God\u2019s creatures with fraternity and wonder, many of us will decide to open our homes to pets.u0026nbsp;u003c\/pu003enu003c!-- \/wp:paragraph --u003ennu003c!-- wp:paragraph --u003enu003cpu003eFrom cats and dogs to birds and hamsters to frogs and turtles and even to larger pets like horses and goats, the animals in our lives can be a powerful u003ca href=\" target=\"_blank\" rel=\"noopener\" title=\"\"u003ereminder of God\u2019s goodnessu003c\/au003e.u0026nbsp;u003c\/pu003enu003c!-- \/wp:paragraph --u003ennu003c!-- wp:aleteia\/heading3 \"content\":\"Is it time for a pet?\" --u003enu003ch3u003eIs it time for a pet?u003c\/h3u003enu003c!-- \/wp:aleteia\/heading3 --u003ennu003c!-- wp:paragraph --u003enu003cpu003eIf you\u2019re feeling that urge to get a pet and you\u2019re trying to decide if it makes sense for you right now, here are a few questions to ask yourself first!u003c\/pu003enu003c!-- \/wp:paragraph --u003ennu003c!-- wp:paragraph --u003enu003cpu003eu003cstrongu003eDo I have the bandwidth to take on caring for this pet?u003c\/strongu003eu003c\/pu003enu003c!-- \/wp:paragraph --u003ennu003c!-- wp:paragraph --u003enu003cpu003eYou are making a commitment to a pet for their life, so consider if you are ready to take on that care.u003c\/pu003enu003c!-- \/wp:paragraph --u003ennu003c!-- wp:paragraph --u003enu003cpu003eu003cstrongu003eCan I afford to care for this pet?u003c\/strongu003eu003c\/pu003enu003c!-- \/wp:paragraph --u003ennu003c!-- wp:paragraph --u003enu003cpu003eEvery pet requires a financial commitment. Besides food and housing, many pets require grooming, veterinary care, and other needs that add up.u003c\/pu003enu003c!-- \/wp:paragraph --u003ennu003c!-- wp:paragraph --u003enu003cpu003eu003cstrongu003eIs anyone in your family allergic to any kind of animal?u003c\/strongu003eu003c\/pu003enu003c!-- \/wp:paragraph --u003ennu003c!-- wp:paragraph --u003enu003cpu003eConsider whether the health needs of you or your family members will affect what kind of pet you get.u003c\/pu003enu003c!-- \/wp:paragraph --u003ennu003c!-- wp:paragraph --u003enu003cpu003eu003cstrongu003eDo I have the time to be with this pet as much as they need?u003c\/strongu003eu003c\/pu003enu003c!-- \/wp:paragraph --u003ennu003c!-- wp:paragraph --u003enu003cpu003eIf you work long hours or travel frequently, consider how you will handle care for your pet in your absence and take your outside commitments into consideration in choosing the right pet for you.u003c\/pu003enu003c!-- \/wp:paragraph --u003ennu003c!-- wp:paragraph --u003enu003cpu003eu003cstrongu003eWhat pets are you legally allowed to keep in your situation?u003c\/strongu003eu003c\/pu003enu003c!-- \/wp:paragraph --u003ennu003c!-- wp:paragraph --u003enu003cpu003eLocal laws or landlord requirements may restrict the type of pet you can get. For example, chickens are illegal in some areas, and many apartments have restrictions around pet ownership. Check your options before you make your decision.u003c\/pu003enu003c!-- \/wp:paragraph --u003ennu003c!-- wp:paragraph --u003enu003cpu003eu003cstrongu003eHow many years are you willing to commit? What are you looking for in a pet?u0026nbsp;u003c\/strongu003eu003c\/pu003enu003c!-- \/wp:paragraph --u003ennu003c!-- wp:paragraph --u003enu003cpu003eTake into account how long different species and breeds of animals live and how much companionship and attention they need. Different species and breeds of animals have differing needs for companionship and attention, so consider if this pet\u2019s personality and life expectancy fit with what you\u2019re able to provide.u003c\/pu003enu003c!-- \/wp:paragraph --u003ennu003c!-- wp:paragraph --u003enu003cpu003eSome of us will choose not to get a pet altogether, perhaps because of allergies, frequent travel, limited bandwidth, or some combination of these. u003cstrongu003eIf you decide not to get a pet but you still want the benefits of spending time with God\u2019s creatures, consider pet sitting for a friend as a fun backup option.u003c\/strongu003eu003c\/pu003enu003c!-- \/wp:paragraph --u003ennu003c!-- wp:paragraph --u003enu003cpu003eGood luck with your decision!u003c\/pu003enu003c!-- \/wp:paragraph --u003ennu003c!-- wp:aleteia\/read-also {\"link\":\" pets go to heaven? A priest\\u0026#8217;s helpful explanation\",\"image\":\" --u003enu003cdiv class=\"read-also\"u003eu003ca href=\" pets go to heaven? A priestu0026#8217;s helpful explanationu003c\/au003eu003c\/divu003enu003c!-- \/wp:aleteia\/read-also --u003ennu003c!-- wp:aleteia\/read-also {\"link\":\" real reason we love our pets so much\",\"image\":\" --u003enu003cdiv class=\"read-also\"u003eu003ca href=\" real reason we love our pets so muchu003c\/au003eu003c\/divu003enu003c!-- \/wp:aleteia\/read-also --u003e\",\"pages\":1,\"language\":\"en\",\"galleries\":[],\"video\":false,\"title\":\"How do you know if it\u2019s time to get a pet?\",\"subheading\":\"If you\u2019re feeling the urge to get a pet and trying to decide if it makes sense right now, here are a few questions to ask yourself first!\",\"author\":\"Theresa Civantos Barber\",\"author_2\":\"\",\"authors_obj\":[\"ID\":\"327797\",\"link\":\" class=\"p1\"u003eu003cspan class=\"s1\"u003eTheresa Civantos Barber is an assistant editor for Aleteia. She has worked as an editor for Regnery Publishing, University of Chicago and Midwest Theological Forum.\u00a0u003c\/spanu003eu003c\/pu003e\",\"twitter\":\"\",\"facebook\":\"\",\"subtitle\":\"\",\"title_guest_author\":\"\",\"thumb\":\" Civantos Barber\",\"hreflangs\": Nick Beer ,\"link\":\"\/2024\/06\/02\/how-do-you-know-if-its-time-to-get-a-pet\/\",\"category_obj\":\"link\":\" 91, 175, 192, 1 )\",\"term_id\":278,\"category\":\"Lifestyle\",\"category_slug\":\"lifestyle\",\"category_id\":278,\"category_color\":\"#5bafc0\",\"parent_category\":\"Lifestyle\",\"published\":1717326000,\"published_datalayer\":\"2024.06.02\",\"article_modified_date\":\"\",\"article_modified\":false,\"published_formatted\":\"published on 06\/02\/24\",\"tags\":\"Animals, Catholic Lifestyle, Nature\",\"firsttag\":\"Nature\",\"tags_items\":[\"term_id\":423717624,\"name\":\"Animals\",\"link\":\" Lifestyle\",\"link\":\" Department\",\"settings\":\"disable_slideshow_cta\":\"\",\"template_customizations\":\"\",\"post_appearance_setting\":\"no_drop_caps\":false,\"hide_from_tops\":false,\"hide_date\":false,\"hide_post\":false,\"hide_post_in_newsletter\":false,\"ads_disabled\":false,\"inread_ads_disabled\":false,\"custom_inread_position_enabled\":false,\"custom_inread_position\":\"2\",\"test_pixel_enabled\":false,\"test_pixel_position\":\"\",\"exclude_banner_article\":false,\"div_moneytags_position\":\"\",\"hide_promotional_box\":false,\"original_article\":\"is_original\":\"1\",\"url\":\"\",\"edition\":\"en\",\"gtm\":\"page_type\":\"\",\"page_type_2\":\"\",\"category_name\":\"lifestyle\",\"article_subcategory\":\"Lifestyle\",\"article_type\":\"article\",\"cd\":\"dimension1\":\"Theresa Civantos Barber\",\"dimension2\":\"Lifestyle\",\"dimension3\":\"1717326000\",\"dimension4\":\"en\",\"dimension5\":\"\",\"dimension6\":\"article\",\"dimension7\":\"2024.06.02\",\"dimension8\":\"Animals, Catholic Lifestyle, Nature\",\"dimension9\":\"If you\u2019re feeling the urge to get a pet and trying to decide if it makes sense right now, here are a few questions to ask yourself first!\",\"dimension10\":\"806580\",\"dimension11\":\"Animals\",\"dimension12\":\"web\",\"dimension13\":\"\",\"dimension17\":\"Lifestyle Department\",\"dimension14\":\"Lifestyle\",\"photo_of_the_day\":false,\"daily_wisdom\":false,\"word_count\":1265,\"shortcodes\":[],\"sponsoredSettings\":,\"isSponsored\":false,\"custom_skin_settings\":\"slot\":\"custom-skin\",\"library\":\"theme.Skin\",\"skin_default_article\":\"1\",\"hide_from_layout_endpoint\":\"1\",\"props\":\"id\":\"custom-skid-ad\",\"unit\":\"64500793\/EN_DESK_ARTICLE_SKIN_1x1\",\"collapse_empty_divs\":false,\"premium_ads\":false,\"bids\":\"\",\"nexxx360_id\":\"\",\"size\":[],\"adjacent_posts\":\"next_post\":\"link\":\" Article \",\"prev_post\":\"link\":\" Article \",\"close_comments\":false,\"premium_content\":\"\",\"trunked_content\":\"u003ch2 class=\"subtitle\"u003eIf you\u2019re feeling the urge to get a pet and trying to decide if it makes sense right now, here are a few questions to ask yourself first!u003c\/h2u003enu003cpu003eIt\u2019s not a part of Catholic teaching that gets a lot of airtime, but Catholics are called to be kind to animals along with caring for all of God\u2019s creation.u003c\/pu003ennu003cpu003eThe Catechism reminds us of this obligation:u003c\/pu003en\",{\"simple\":false,\"id\":325160,\"related\":[],\"content\":\"u003cspan class=\"subtitle\"u003eProvided the prayer to St. Anthony is said in faith and for a particular spiritual benefit, it will not \"fail.\"u003c\/spanu003eu003cpu003eSt. Anthony of Padua is known by many as a miracle-worker. u003cstrongu003eA countless number of people over the centuries have prayed to him in faith and have received a miraculous response to their prayers.u003c\/strongu003eu003c\/pu003enu003cpu003eSimilar to the u0026#8220;u003ca href=\" Prayer to St. Josephu003c\/au003e,u0026#8221; this prayer to St. Anthony, according to many, u0026#8220;has never been known to fail, provided that the request is for one\u2019s spiritual benefit or for those whom we are praying for.u0026#8221;u003c\/pu003enu003cpu003eIt is important to rememberu003cstrongu003e u003ca href=\" target=\"_blank\" rel=\"noopener\" title=\"God\u00a0always\u00a0answers our prayers\"u003eGod\u00a0u003cemu003ealwaysu003c\/emu003e\u00a0answers our prayersu003c\/au003e. u003c\/strongu003eHis response may not always be what we expected or wanted, but he always grants us exactly what we need.u003c\/pu003enu003cpu003eu003cstrongu003eHere is the Unfailing Prayer to St. Anthony that many continue to pray with a deep trust that God will provide for them in their need.u003c\/strongu003eu003c\/pu003enu003cblockquote class=\"wp-block-quote is-style-default is-layout-flow wp-block-quote-is-layout-flow\"u003enu003cpu003eO Holy St. Anthony gentlest of Saints, your love for God and charity for His creatures, made you worthy, when on earth, to possess miraculous powers. Encouraged by this thought, I implore you to obtain for me [mention request here].u003c\/pu003ennnnu003cdiv id='aleteia-welcome'u003eu003c\/divu003eu003cpu003eO gentle and loving St. Anthony, whose heart was ever full of human sympathy, whisper my petition into the ears of the sweet Infant Jesus, who loved to be folded in your arms. The gratitude of my heart will ever be yours. Amen.u003c\/pu003enu003c\/blockquoteu003enu003cfigure class=\"wp-block-embed is-type-video is-provider-dailymotion wp-block-embed-dailymotion wp-embed-aspect-16-9 wp-has-aspect-ratio\" data-original=\"false\"u003enu003cdiv class=\"wp-block-embed__wrapper\"u003enu003ciframe loading=\"lazy\" title=\"St. Anthony, Saint of Miracles\" frameborder=\"0\" width=\"1200\" height=\"674\" src=\" allowfullscreen allow=\"autoplay; fullscreen; picture-in-picture; web-share\"u003eu003c\/iframeu003enu003c\/divu003enu003c\/figureu003enu003cpu003ettttu003cspan class=\"bkreadmore\" data-category=\"Spirituality\" data-category-english=\"spirituality\"u003eu003cbr \/u003entttt    u003cimg loading=\"lazy\" decoding=\"async\" alt=\"\" width=\"150\" height=\"75\" src=\" \/u003eu003cbr \/u003entttt    u003cspan class=\"text-container-with-image\"u003eu003cbr \/u003en                        u003cspan class=\"read-more\"u003eu003cemu003eRead more:u003c\/emu003eu003c\/spanu003eu003cbr \/u003en                        u003ca href=\"  u003cstrongu003eA prayer of exorcism taught by Saint Anthonyu003c\/strongu003eu003c\/au003eu003cbr \/u003en                    u003c\/spanu003eu003cbr \/u003en                u003c\/spanu003eu003c\/pu003enu003cpu003ettttu003cspan class=\"bkreadmore\" data-category=\"Spirituality\" data-category-english=\"spirituality\"u003eu003cbr \/u003entttt    u003cimg loading=\"lazy\" decoding=\"async\" alt=\"ST. JOSEPH\" width=\"150\" height=\"75\" src=\" \/u003eu003cbr \/u003entttt    u003cspan class=\"text-container-with-image\"u003eu003cbr \/u003en                        u003cspan class=\"read-more\"u003eu003cemu003eRead more:u003c\/emu003eu003c\/spanu003eu003cbr \/u003en                        u003ca href=\"  u003cstrongu003eThis ancient prayer to St. Joseph has u0026#8220;never been known to failu0026#8221;u003c\/strongu003eu003c\/au003eu003cbr \/u003en                    u003c\/spanu003eu003cbr \/u003en                u003c\/spanu003eu003c\/pu003en\",\"rawcontent\":\"u003c!-- wp:aleteia\/subtitle \/--u003ennu003c!-- wp:paragraph --u003enu003cpu003eSt. Anthony of Padua is known by many as a miracle-worker. u003cstrongu003eA countless number of people over the centuries have prayed to him in faith and have received a miraculous response to their prayers.u003c\/strongu003eu003c\/pu003enu003c!-- \/wp:paragraph --u003ennu003c!-- wp:paragraph --u003enu003cpu003eSimilar to the \"u003ca href=\" Prayer to St. Josephu003c\/au003e,\" this prayer to St. Anthony, according to many, \"has never been known to fail, provided that the request is for one\u2019s spiritual benefit or for those whom we are praying for.\"u003c\/pu003enu003c!-- \/wp:paragraph --u003ennu003c!-- wp:paragraph --u003enu003cpu003eIt is important to rememberu003cstrongu003e u003ca href=\" target=\"_blank\" rel=\"noopener\" title=\"God\u00a0always\u00a0answers our prayers\"u003eGod\u00a0u003cemu003ealwaysu003c\/emu003e\u00a0answers our prayersu003c\/au003e. u003c\/strongu003eHis response may not always be what we expected or wanted, but he always grants us exactly what we need.u003c\/pu003enu003c!-- \/wp:paragraph --u003ennu003c!-- wp:paragraph --u003enu003cpu003eu003cstrongu003eHere is the Unfailing Prayer to St. Anthony that many continue to pray with a deep trust that God will provide for them in their need.u003c\/strongu003eu003c\/pu003enu003c!-- \/wp:paragraph --u003ennu003c!-- wp:quote \"className\":\"is-style-default\" --u003enu003cblockquote class=\"wp-block-quote is-style-default\"u003eu003c!-- wp:paragraph --u003enu003cpu003eO Holy St. Anthony gentlest of Saints, your love for God and charity for His creatures, made you worthy, when on earth, to possess miraculous powers. Encouraged by this thought, I implore you to obtain for me [mention request here].u003c\/pu003enu003c!-- \/wp:paragraph --u003ennu003c!-- wp:paragraph --u003enu003cpu003eO gentle and loving St. Anthony, whose heart was ever full of human sympathy, whisper my petition into the ears of the sweet Infant Jesus, who loved to be folded in your arms. The gratitude of my heart will ever be yours. Amen.u003c\/pu003enu003c!-- \/wp:paragraph --u003eu003c\/blockquoteu003enu003c!-- \/wp:quote --u003ennu003c!-- wp:embed \"url\":\" wp-has-aspect-ratio\" --u003enu003cfigure class=\"wp-block-embed is-type-video is-provider-dailymotion wp-block-embed-dailymotion wp-embed-aspect-16-9 wp-has-aspect-ratio\"u003eu003cdiv class=\"wp-block-embed__wrapper\"u003en \/wp:embed --u003ennu003c!-- wp:shortcode --u003en[read_also art1=\"90851\" \/]nu003c!-- \/wp:shortcode --u003ennu003c!-- wp:shortcode --u003en[read_also art1=\"283286\" \/]nu003c!-- \/wp:shortcode --u003e\",\"pages\":1,\"language\":\"en\",\"galleries\":[],\"video\":false,\"title\":\"This prayer to St. Anthony is said to have \u201cnever been known to fail\u201d\",\"subheading\":\"Provided the prayer to St. Anthony is said in faith and for a particular spiritual benefit, it will not \"fail.\"\",\"author\":\"Philip Kosloski\",\"author_2\":\"\",\"authors_obj\":[\"ID\":\"1243\",\"link\":\" Kosloski graduated from the University of Saint Thomas in Minnesota with a bachelor's degree in philosophy and Catholic studies and a master's degree in theology from the Augustine Institute. He is currently a spirituality writer for Aleteia.org and has been featured on such places as The Huffington Post, Crisis Magazine, The Catholic Herald, Catholic Exchange, National Catholic Register and EWTN Radio.\",\"twitter\":\"PhilipKosloski\",\"facebook\":\"philipkosloski\",\"subtitle\":\"\",\"title_guest_author\":\"\",\"thumb\":\" Kosloski\",\"hreflangs\":\"en\":\" SAINT ANTHONY OF PADUA Public Domain\",\"copyright\":\"Public Domain\",\"link\":\" ANTHONY OF PADUA\",\"link\":\"\/2018\/07\/14\/this-prayer-to-st-anthony-is-said-to-have-never-been-known-to-fail\/\",\"category_obj\":\"link\":\" 78, 21, 171, 1 )\",\"term_id\":1494,\"category\":\"Spirituality\",\"category_slug\":\"spirituality\",\"category_id\":1494,\"category_color\":\"#4e15ab\",\"parent_category\":\"Spirituality\",\"published\":1531526434,\"published_datalayer\":\"2018.07.14\",\"article_modified_date\":1693989264,\"article_modified\":true,\"published_formatted\":\"published on 07\/14\/18u003cspan class=\"date-separator\"u003e - u003c\/spanu003eu003cspan class=\"date-updated\"u003eupdated on 09\/13\/23u003c\/spanu003e\",\"tags\":\"Prayers for a Particular Need, Saints\",\"firsttag\":\"Saints\",\"tags_items\":[\"term_id\":423715931,\"name\":\"Prayers for a Particular Need\",\"link\":\" Department\",\"settings\":\"disable_slideshow_cta\":\"\",\"template_customizations\":\"\",\"post_appearance_setting\":\"no_drop_caps\":false,\"hide_from_tops\":false,\"hide_date\":false,\"hide_post\":false,\"hide_post_in_newsletter\":false,\"ads_disabled\":false,\"inread_ads_disabled\":false,\"custom_inread_position_enabled\":false,\"custom_inread_position\":\"2\",\"test_pixel_enabled\":false,\"test_pixel_position\":\"\",\"exclude_banner_article\":false,\"div_moneytags_position\":\"\",\"hide_promotional_box\":false,\"original_article\":\"is_original\":\"1\",\"url\":\"\",\"edition\":\"en\",\"gtm\":\"page_type\":\"\",\"page_type_2\":\"\",\"category_name\":\"spirituality\",\"article_subcategory\":\"Spirituality\",\"article_type\":\"article\",\"cd\":\"dimension1\":\"Philip Kosloski\",\"dimension2\":\"Spirituality\",\"dimension3\":\"1531526434\",\"dimension4\":\"en\",\"dimension5\":\"Optimized\",\"dimension6\":\"article\",\"dimension7\":\"2018.07.14\",\"dimension8\":\"Prayers for a Particular Need, Saints\",\"dimension9\":\"Provided the prayer to St. Anthony is said in faith and for a particular spiritual benefit, it will not \"fail.\"\",\"dimension10\":\"325160\",\"dimension11\":\"Prayers for a Particular Need\",\"dimension12\":\"web\",\"dimension13\":\"\",\"dimension17\":\"Spirituality Department\",\"dimension14\":\"Spirituality\",\"photo_of_the_day\":false,\"daily_wisdom\":false,\"word_count\":403,\"shortcodes\":[\"tag\":\"read_also\",\"text\":\"[read_also art1=\"90851\" \/]\",\"attrs\":\"art1\":\"90851\",\"tag\":\"read_also\",\"text\":\"[read_also art1=\"283286\" \/]\",\"attrs\":\"art1\":\"283286\"],\"sponsoredSettings\":,\"isSponsored\":false,\"custom_skin_settings\":\"slot\":\"custom-skin\",\"library\":\"theme.Skin\",\"skin_default_article\":\"1\",\"hide_from_layout_endpoint\":\"1\",\"props\":\"id\":\"custom-skid-ad\",\"unit\":\"64500793\/EN_DESK_ARTICLE_SKIN_1x1\",\"collapse_empty_divs\":false,\"premium_ads\":false,\"bids\":\"\",\"nexxx360_id\":\"\",\"size\":[],\"adjacent_posts\":\"next_post\":\"link\":\" Article \",\"prev_post\":\"link\":\" Article \",\"close_comments\":false,\"premium_content\":\"\",\"trunked_content\":\"u003ch2 class=\"subtitle\"u003eProvided the prayer to St. Anthony is said in faith and for a particular spiritual benefit, it will not \"fail.\"u003c\/h2u003enu003cpu003eSt. Anthony of Padua is known by many as a miracle-worker. u003cstrongu003eA countless number of people over the centuries have prayed to him in faith and have received a miraculous response to their prayers.u003c\/strongu003eu003c\/pu003ennu003cpu003eSimilar to the \"u003ca href=\" Prayer to St. Josephu003c\/au003e,\" this prayer to St. Anthony, according to many, \"has never been known to fail, provided that the request is for one\u2019s spiritual benefit or for those whom we are praying for.\"u003c\/pu003en\",{\"simple\":false,\"id\":806904,\"related\":[],\"content\":\"u003cspan class=\"subtitle\"u003eThe hit show on the life of Christ will air new episodes two days per week throughout this month on The Chosen app, free of charge.u003c\/spanu003eu003cpu003eFans of u003cemu003eu003ca href=\" target=\"_blank\" rel=\"noopener\" title=\"\"u003eThe Chosenu003c\/au003eu003c\/emu003e have reason to celebrate, as the showrunners have finally announced when Season 4 will be available for streaming. u003cstrongu003eThe fourth season of the hit show on the life of Jesus Christ as told by the Gospels released in movie theaters during Lent,u003c\/strongu003e but a dispute between The Chosen LLC (the production company) and Angel Studios (the distribution company) has delayed its release to streaming services for over a month.u0026nbsp;u003c\/pu003enu003cdiv class=\"wp-block-aleteia-heading3\"u003enu003ch2u003eSchedule of releaseu003c\/h2u003enu003c\/pu003eu003c\/divu003enu003cpu003eDallas Jenkins \u2013 u003cstrongu003ewho writes, directs, and produces u003cemu003eThe Chosenu003c\/emu003e, all while somehow finding time to act as CEO of the LLC and ceaselessly promote the show via live-streamsu003c\/strongu003e \u2013 announced the streaming release and explained the situation in an emotional video from u003cemu003eThe Chosenu003c\/emu003e\u2019s YouTube channel. u003c\/pu003enu003cpu003eSeason 4 of u003cemu003eThe Chosenu003c\/emu003e will officially release for streaming on u003cstrongu003eSunday, June 2, 2024,u003c\/strongu003e at 7 pm Eastern Time (ET).u0026nbsp;u003c\/pu003enu003cfigure class=\"wp-block-embed is-type-video is-provider-youtube wp-block-embed-youtube wp-embed-aspect-16-9 wp-has-aspect-ratio\" data-original=\"false\"u003enu003cdiv class=\"wp-block-embed__wrapper\"u003enu003cspan class=\"embed-youtube\" style=\"text-align:center; display: block;\"u003eu003ciframe loading=\"lazy\" class=\"youtube-player\" width=\"1200\" height=\"675\" src=\" allowfullscreen=\"true\" style=\"border:0;\" sandbox=\"allow-scripts allow-same-origin allow-popups allow-presentation allow-popups-to-escape-sandbox\"u003eu003c\/iframeu003eu003c\/spanu003eu003c\/pu003enu003c\/divu003enu003c\/figureu003enu003cpu003eHe went on to discuss several changes to their streaming services, the biggest of which is that it will no longer be available to stream on the Angel Studios app. At its first release, Season 4 will only be available to stream on The Chosen app, which will remain free to use. u003c\/pu003enu003cpu003eAdditionally, u003cstrongu003ethere will be an option available to buy the complete Season 4 DVD setu003c\/strongu003e at u003cemu003eThe Chosen\u2019su003c\/emu003e gift store, for those who do not wish to wait for the week-to-week releases.u0026nbsp;u003c\/pu003enu003cdiv id='aleteia-welcome'u003eu003c\/divu003enu003cpu003eFor the entire month of June, u003cemu003eThe Chosenu003c\/emu003e will release two episodes per week: The first on Sundays at 7 p.m. ET, and the second on Thursdays at 8 p.m. ET. The eight episodes of Season 4 should be up and available to stream for free by the end of June.u003c\/pu003enu003cpu003eu003cstrongu003eJenkins was firm when he pledged that once an episode releases it will be available to stream for free for all timeu003c\/strongu003e, although it may not be free \u201cat first;\u201d for instance, any future theatrical release would require the purchase of a ticket.u003c\/pu003enu003cpu003eWhile Jenkins did mention that the season would eventually find its way to streaming services like Apple TV, Google TV, Fire TV, Roku, and TheChosen.tvu0026nbsp; \u2013 streaming services which already offer the previous seasons \u2013 u003cstrongu003ehe noted that it is important for the show\u2019s revenue that it be limited to The Chosen app at its inceptionu003c\/strongu003e.u0026nbsp;u003c\/pu003enu003cdiv class=\"wp-block-aleteia-heading3\"u003enu003ch2u003eWhy the delay?u003c\/h2u003enu003c\/pu003eu003c\/divu003enu003cpu003eThe revenue, Dallas explained, was one of the primary reasons for u003cemu003eThe Chosen\u2019su003c\/emu003e break from Angel Studios. It was clear right from the start of the announcement that, while the end of this contract is good for u003cemu003eThe Chosenu003c\/emu003e, Jenkins never wanted this situation to occur.u0026nbsp;u003c\/pu003enu003cpu003eHe explained that the arrangement was not sustainable, as u003cemu003eThe Chosenu003c\/emu003e is responsible for funding the show in its entirety, but only about 40% of what was crowdfunded by Angel Studios actually reached the show.u003cstrongu003e This is the condensed version u003c\/strongu003e\u2013 the full, complex story took Jenkins close to 10 minutes to explain \u2013u003cstrongu003e but the ending of this contract means that now 100% of any funds donated to u003cemu003eThe Chosenu003c\/emu003e will be put towards the showu003c\/strongu003e.u003c\/pu003enu003cpu003eHe cleared up a misconception that The Chosen LLC and Angel Studios were involved in a lawsuit, noting that they sought 3rd party arbitration, as was their right in their contract. The arbitrators reviewed the situation and found that Angel Studios breached the contract \u201cin multiple and material ways.u0026#8221;u003c\/pu003enu003cpu003eStill, it was heart-wrenching to watch Dallas make the announcement. After stating, \u201cu003cemu003eThe Chosenu003c\/emu003e\u2019s relationship with Angel Studios is effectively over,\u201d the man had to pause as he became visibly distressed. He had to swallow back his emotions and he glanced off to the side as his eyes turned glassy. u003cstrongu003eDallas looked as though he never expected to say such a thingu003c\/strongu003e.u003c\/pu003enu003cpu003eWith a distraught expression, u003cstrongu003ethe showrunner noted that \u201cwe take no pleasure from this\u201du003c\/strongu003e before reiterating the immeasurable role that Angel Studios and the Harmon Brothers (founders of Angel Studios) played in getting u003cemu003eThe Chosenu003c\/emu003e off the ground. \u201cWe came to the conclusion that we simply had no choice for the future of our company and this show and the law agreed.\u201du003c\/pu003enu003cpu003eu003ca href=\" target=\"_blank\" rel=\"noopener\" title=\"\"u003eWatch u003cemu003eThe Chosenu003c\/emu003e Season 4u003c\/au003e on The Chosen app, free of charge, on Sunday, June 2, 2024. Then tune in each Thursday night at 8 p.m. ET and Sunday night at 7 p.m. ET to watch all 8 episodes as they release through the month of June.\u00a0u003c\/pu003entu003cdiv data-category=\"Art u0026amp; Culture\" data-category-english=\"culture\" class=\"wp-block-aleteia-read-also read-also\"u003enttu003cfigureu003entttu003cimgnttttsrc=\" Chosen storm aftermath\"nttttloading=\"lazy\" \/u003enttu003c\/figureu003enttu003cdiv class=\"read-also-inner\"u003entttu003cemu003eRead more:u003c\/emu003eu003ca href=\" biblical storm strikes set of u0026#8216;The Chosenu0026#8217; Season 5u003c\/au003enttu003c\/divu003entu003c\/divu003etu003cdiv data-category=\"Art u0026amp; Culture\" data-category-english=\"culture\" class=\"wp-block-aleteia-read-also read-also\"u003enttu003cfigureu003entttu003cimgnttttsrc=\" Roumie in tears chosen season 4 interview\"nttttloading=\"lazy\" \/u003enttu003c\/figureu003enttu003cdiv class=\"read-also-inner\"u003entttu003cemu003eRead more:u003c\/emu003eu003ca href=\" Roumie brought to tears about u0026#8216;The Chosenu0026#8217; Season 4u003c\/au003enttu003c\/divu003entu003c\/divu003e\",\"rawcontent\":\"u003c!-- wp:aleteia\/subtitle \/--u003ennu003c!-- wp:paragraph --u003enu003cpu003eFans of u003cemu003eu003ca href=\" target=\"_blank\" rel=\"noopener\" title=\"\"u003eThe Chosenu003c\/au003eu003c\/emu003e have reason to celebrate, as the showrunners have finally announced when Season 4 will be available for streaming. u003cstrongu003eThe fourth season of the hit show on the life of Jesus Christ as told by the Gospels released in movie theaters during Lent,u003c\/strongu003e but a dispute between The Chosen LLC (the production company) and Angel Studios (the distribution company) has delayed its release to streaming services for over a month.u0026nbsp;u003c\/pu003enu003c!-- \/wp:paragraph --u003ennu003c!-- wp:aleteia\/heading3 \"content\":\"Schedule of release\" --u003enu003ch3u003eSchedule of releaseu003c\/h3u003enu003c!-- \/wp:aleteia\/heading3 --u003ennu003c!-- wp:paragraph --u003enu003cpu003eDallas Jenkins \u2013 u003cstrongu003ewho writes, directs, and produces u003cemu003eThe Chosenu003c\/emu003e, all while somehow finding time to act as CEO of the LLC and ceaselessly promote the show via live-streamsu003c\/strongu003e \u2013 announced the streaming release and explained the situation in an emotional video from u003cemu003eThe Chosenu003c\/emu003e\u2019s YouTube channel. u003c\/pu003enu003c!-- \/wp:paragraph --u003ennu003c!-- wp:paragraph --u003enu003cpu003eSeason 4 of u003cemu003eThe Chosenu003c\/emu003e will officially release for streaming on u003cstrongu003eSunday, June 2, 2024,u003c\/strongu003e at 7 pm Eastern Time (ET).u0026nbsp;u003c\/pu003enu003c!-- \/wp:paragraph --u003ennu003c!-- wp:embed \"url\":\" wp-has-aspect-ratio\" --u003enu003cfigure class=\"wp-block-embed is-type-video is-provider-youtube wp-block-embed-youtube wp-embed-aspect-16-9 wp-has-aspect-ratio\"u003eu003cdiv class=\"wp-block-embed__wrapper\"u003en \/wp:embed --u003ennu003c!-- wp:paragraph --u003enu003cpu003eHe went on to discuss several changes to their streaming services, the biggest of which is that it will no longer be available to stream on the Angel Studios app. At its first release, Season 4 will only be available to stream on The Chosen app, which will remain free to use. u003c\/pu003enu003c!-- \/wp:paragraph --u003ennu003c!-- wp:paragraph --u003enu003cpu003eAdditionally, u003cstrongu003ethere will be an option available to buy the complete Season 4 DVD setu003c\/strongu003e at u003cemu003eThe Chosen\u2019su003c\/emu003e gift store, for those who do not wish to wait for the week-to-week releases.u0026nbsp;u003c\/pu003enu003c!-- \/wp:paragraph --u003ennu003c!-- wp:paragraph --u003enu003cpu003eFor the entire month of June, u003cemu003eThe Chosenu003c\/emu003e will release two episodes per week: The first on Sundays at 7 p.m. ET, and the second on Thursdays at 8 p.m. ET. The eight episodes of Season 4 should be up and available to stream for free by the end of June.u003c\/pu003enu003c!-- \/wp:paragraph --u003ennu003c!-- wp:paragraph --u003enu003cpu003eu003cstrongu003eJenkins was firm when he pledged that once an episode releases it will be available to stream for free for all timeu003c\/strongu003e, although it may not be free \u201cat first;\u201d for instance, any future theatrical release would require the purchase of a ticket.u003c\/pu003enu003c!-- \/wp:paragraph --u003ennu003c!-- wp:paragraph --u003enu003cpu003eWhile Jenkins did mention that the season would eventually find its way to streaming services like Apple TV, Google TV, Fire TV, Roku, and TheChosen.tvu0026nbsp; \u2013 streaming services which already offer the previous seasons \u2013 u003cstrongu003ehe noted that it is important for the show\u2019s revenue that it be limited to The Chosen app at its inceptionu003c\/strongu003e.u0026nbsp;u003c\/pu003enu003c!-- \/wp:paragraph --u003ennu003c!-- wp:aleteia\/heading3 \"content\":\"Why the delay?\" --u003enu003ch3u003eWhy the delay?u003c\/h3u003enu003c!-- \/wp:aleteia\/heading3 --u003ennu003c!-- wp:paragraph --u003enu003cpu003eThe revenue, Dallas explained, was one of the primary reasons for u003cemu003eThe Chosen\u2019su003c\/emu003e break from Angel Studios. It was clear right from the start of the announcement that, while the end of this contract is good for u003cemu003eThe Chosenu003c\/emu003e, Jenkins never wanted this situation to occur.u0026nbsp;u003c\/pu003enu003c!-- \/wp:paragraph --u003ennu003c!-- wp:paragraph --u003enu003cpu003eHe explained that the arrangement was not sustainable, as u003cemu003eThe Chosenu003c\/emu003e is responsible for funding the show in its entirety, but only about 40% of what was crowdfunded by Angel Studios actually reached the show.u003cstrongu003e This is the condensed version u003c\/strongu003e\u2013 the full, complex story took Jenkins close to 10 minutes to explain \u2013u003cstrongu003e but the ending of this contract means that now 100% of any funds donated to u003cemu003eThe Chosenu003c\/emu003e will be put towards the showu003c\/strongu003e.u003c\/pu003enu003c!-- \/wp:paragraph --u003ennu003c!-- wp:paragraph --u003enu003cpu003eHe cleared up a misconception that The Chosen LLC and Angel Studios were involved in a lawsuit, noting that they sought 3rd party arbitration, as was their right in their contract. The arbitrators reviewed the situation and found that Angel Studios breached the contract \u201cin multiple and material ways.\"u003c\/pu003enu003c!-- \/wp:paragraph --u003ennu003c!-- wp:paragraph --u003enu003cpu003eStill, it was heart-wrenching to watch Dallas make the announcement. After stating, \u201cu003cemu003eThe Chosenu003c\/emu003e\u2019s relationship with Angel Studios is effectively over,\u201d the man had to pause as he became visibly distressed. He had to swallow back his emotions and he glanced off to the side as his eyes turned glassy. u003cstrongu003eDallas looked as though he never expected to say such a thingu003c\/strongu003e.u003c\/pu003enu003c!-- \/wp:paragraph --u003ennu003c!-- wp:paragraph --u003enu003cpu003eWith a distraught expression, u003cstrongu003ethe showrunner noted that \u201cwe take no pleasure from this\u201du003c\/strongu003e before reiterating the immeasurable role that Angel Studios and the Harmon Brothers (founders of Angel Studios) played in getting u003cemu003eThe Chosenu003c\/emu003e off the ground. \u201cWe came to the conclusion that we simply had no choice for the future of our company and this show and the law agreed.\u201du003c\/pu003enu003c!-- \/wp:paragraph --u003ennu003c!-- wp:paragraph --u003enu003cpu003eu003ca href=\" target=\"_blank\" rel=\"noopener\" title=\"\"u003eWatch u003cemu003eThe Chosenu003c\/emu003e Season 4u003c\/au003e on The Chosen app, free of charge, on Sunday, June 2, 2024. Then tune in each Thursday night at 8 p.m. ET and Sunday night at 7 p.m. ET to watch all 8 episodes as they release through the month of June.\u00a0u003c\/pu003enu003c!-- \/wp:paragraph --u003ennu003c!-- wp:aleteia\/read-also {\"link\":\" biblical storm strikes set of \\u0026#8216;The Chosen\\u0026#8217; Season 5\",\"image\":\" --u003enu003cdiv class=\"read-also\"u003eu003ca href=\" biblical storm strikes set of u0026#8216;The Chosenu0026#8217; Season 5u003c\/au003eu003c\/divu003enu003c!-- \/wp:aleteia\/read-also --u003ennu003c!-- wp:aleteia\/read-also \"link\":\" Roumie brought to tears about \\u0026#8216;The Chosen\\u0026#8217; Season 4\",\"image\":\" --u003enu003cdiv class=\"read-also\"u003eu003ca href=\" Roumie brought to tears about u0026#8216;The Chosenu0026#8217; Season 4u003c\/au003eu003c\/divu003enu003c!-- \/wp:aleteia\/read-also --u003e\",\"pages\":1,\"language\":\"en\",\"galleries\":[],\"video\":false,\"title\":\"\u2018The Chosen\u2019 reveals schedule of Season 4 release\",\"subheading\":\"The hit show on the life of Christ will air new episodes two days per week throughout this month on The Chosen app, free of charge.\",\"author\":\"J-P Mauro\",\"author_2\":\"\",\"authors_obj\":[\"ID\":\"102854\",\"link\":\" Mauro is a u003cspan class=\"il\"u003emusicianu003c\/spanu003e\/songwriter and an award-winning writer for Aleteia. He is a graduate of The Catholic University of America.\",\"twitter\":\"\",\"facebook\":\"\",\"subtitle\":\"\",\"title_guest_author\":\"\",\"thumb\":\" Mauro\",\"hreflangs\":\"en\":\" Studios\",\"link\":\" sezon The Chosen\",\"link\":\"\/2024\/06\/01\/the-chosen-reveals-schedule-of-season-4-release\/\",\"category_obj\":\"link\":\" u0026 Culture\",\"name\":\"Art u0026 Culture\",\"slug\":\"art-culture\",\"color\":\"rgba( 183, 37, 94, 1 )\",\"term_id\":423715388,\"category\":\"Art u0026 Culture\",\"category_slug\":\"art-culture\",\"category_id\":423715388,\"category_color\":\"#b7255e\",\"parent_category\":\"Art u0026 Culture\",\"published\":1717216105,\"published_datalayer\":\"2024.06.01\",\"article_modified_date\":\"\",\"article_modified\":false,\"published_formatted\":\"published on 06\/01\/24\",\"tags\":\"Entertainment, Gospel, The Chosen\",\"firsttag\":\"The Chosen\",\"tags_items\":[\"term_id\":423715961,\"name\":\"Entertainment\",\"link\":\" Chosen\",\"link\":\" Department\",\"settings\":\"disable_slideshow_cta\":\"\",\"template_customizations\":\"\",\"post_appearance_setting\":\"no_drop_caps\":false,\"hide_from_tops\":false,\"hide_date\":false,\"hide_post\":false,\"hide_post_in_newsletter\":false,\"ads_disabled\":false,\"inread_ads_disabled\":false,\"custom_inread_position_enabled\":false,\"custom_inread_position\":\"2\",\"test_pixel_enabled\":false,\"test_pixel_position\":\"\",\"exclude_banner_article\":false,\"div_moneytags_position\":\"\",\"hide_promotional_box\":false,\"original_article\":\"is_original\":\"1\",\"url\":\"\",\"edition\":\"en\",\"gtm\":\"page_type\":\"\",\"page_type_2\":\"\",\"category_name\":\"culture\",\"article_subcategory\":\"Art u0026 Culture\",\"article_type\":\"article\",\"cd\":\"dimension1\":\"J-P Mauro\",\"dimension2\":\"Art u0026 Culture\",\"dimension3\":\"1717216105\",\"dimension4\":\"en\",\"dimension5\":\"\",\"dimension6\":\"article\",\"dimension7\":\"2024.06.01\",\"dimension8\":\"Entertainment, Gospel, The Chosen\",\"dimension9\":\"The hit show on the life of Christ will air new episodes two days per week throughout this month on The Chosen app, free of charge.\",\"dimension10\":\"806904\",\"dimension11\":\"Entertainment\",\"dimension12\":\"web\",\"dimension13\":\"\",\"dimension17\":\"Infotainment Department\",\"dimension14\":\"Art u0026 Culture\",\"photo_of_the_day\":false,\"daily_wisdom\":false,\"word_count\":1139,\"shortcodes\":[],\"sponsoredSettings\":,\"isSponsored\":false,\"custom_skin_settings\":\"slot\":\"custom-skin\",\"library\":\"theme.Skin\",\"skin_default_article\":\"1\",\"hide_from_layout_endpoint\":\"1\",\"props\":\"id\":\"custom-skid-ad\",\"unit\":\"64500793\/EN_DESK_ARTICLE_SKIN_1x1\",\"collapse_empty_divs\":false,\"premium_ads\":false,\"bids\":\"\",\"nexxx360_id\":\"\",\"size\":[],\"adjacent_posts\":\"next_post\":\"link\":\" Article \",\"prev_post\":\"link\":\" Article \",\"close_comments\":false,\"premium_content\":\"\",\"trunked_content\":\"u003ch2 class=\"subtitle\"u003eThe hit show on the life of Christ will air new episodes two days per week throughout this month on The Chosen app, free of charge.u003c\/h2u003enu003cpu003eFans of u003cemu003eu003ca href=\" target=\"_blank\" rel=\"noopener\" title=\"\"u003eThe Chosenu003c\/au003eu003c\/emu003e have reason to celebrate, as the showrunners have finally announced when Season 4 will be available for streaming. u003cstrongu003eThe fourth season of the hit show on the life of Jesus Christ as told by the Gospels released in movie theaters during Lent,u003c\/strongu003e but a dispute between The Chosen LLC (the production company) and Angel Studios (the distribution company) has delayed its release to streaming services for over a month.u0026nbsp;u003c\/pu003entu003cdiv class=\"wp-block-aleteia-heading3\"u003enttu003ch2u003eSchedule of releaseu003c\/h2u003entu003c\/divu003entnu003cpu003eDallas Jenkins \u2013 u003cstrongu003ewho writes, directs, and produces u003cemu003eThe Chosenu003c\/emu003e, all while somehow finding time to act as CEO of the LLC and ceaselessly promote the show via live-streamsu003c\/strongu003e \u2013 announced the streaming release and explained the situation in an emotional video from u003cemu003eThe Chosenu003c\/emu003e\u2019s YouTube channel. u003c\/pu003en\"],\"items2\":[],\"top_articles_page\":\" 10\",\"readmorelink\":\"\/top-articles\/\",\"see_more_disabled\":false,\"most_shared_disabled\":true,\"seemore\":\"See More\"},\"type\":\"newsletter-subscription-form\",\"data\":\"title\":\"Newsletter\",\"payoff\":\"Get u003cstrongu003eAleteiau003c\/strongu003e delivered to your inbox. Subscribe here.\",\"required_field\":\"Required field\",\"placeholder\":\"Your email\",\"email_not_valid\":\"Email not valid\",\"submit\":\"Go\",\"partners\":\"Yes, I would like to receive information from Aleteia partners\",\"success\":\"Thank you! Your submission has been received!\"]},\"patronbox\":\"type\":\"patron\",\"settings\":\"enabled\":\"1\",\"title\":\"Enjoying your time on Aleteia?\",\"video\":\"\",\"text\":\"u003cpu003eu003cstrongu003eArticles like these are sponsored free for every Catholic through the support of generous readers just like you.u003c\/strongu003eu003c\/pu003enu003cpu003eHelp us continue to bring the Gospel to people everywhere through uplifting Catholic news, stories, spirituality, and more.u003c\/pu003en\",\"cta_text\":\"Donate now!\",\"note_cta_text\":\"\",\"cta_link\":\"https:\/\/aleteia.org\/support-aleteia\/\",\"geolinks\":[],\"show_cta_on_play\":false,\"show_subtitles\":false,\"background_bg_color\":\"#f2eae1\",\"text_bg_color\":\"#5b0000\",\"cta_bg_color\":\"\",\"cta_txt_color\":\"\",\"cta_img\":\"https:\/\/wp.en.aleteia.org\/wp-content\/themes\/aleteia-2017\/assets\/images\/page-patron\/credit-card-2.png\",\"ap_item_name\":\"donation\",\"ap_promotion_name\":\"support_aleteia_patron\",\"cd_query_string\":\"cd1=Theresa%20Civantos%20Barberu0026cd14=Lifestyle\",\"hasRightColumn\":true,\"hasGallery\":false,\"hasSlideshow\":false,\"hasVideo\":false,\"postPage\":1}},\"category\":,\"tag\":,\"post\":{\"807151\":{\"id\":807151,\"type\":\"post\",\"link\":\"\/2024\/06\/04\/3-challenges-to-know-before-deciding-to-homeschool-your-kids\/\",\"yoast_head\":\"tu003clink rel=\"apple-touch-icon\" sizes=\"57x57\" href=\" rel=\"apple-touch-icon\" sizes=\"60x60\" href=\" rel=\"apple-touch-icon\" sizes=\"72x72\" href=\" rel=\"apple-touch-icon\" sizes=\"76x76\" href=\" rel=\"apple-touch-icon\" sizes=\"114x114\" href=\" rel=\"apple-touch-icon\" sizes=\"120x120\" href=\" rel=\"apple-touch-icon\" sizes=\"144x144\" href=\" rel=\"apple-touch-icon\" sizes=\"152x152\" href=\" rel=\"apple-touch-icon\" sizes=\"180x180\" href=\" rel=\"icon\" type=\"image\/png\" href=\" sizes=\"32x32\"u003entu003clink rel=\"icon\" type=\"image\/png\" href=\" sizes=\"192x192\"u003entu003clink rel=\"icon\" type=\"image\/png\" href=\" sizes=\"16x16\"u003entu003clink rel=\"mask-icon\" href=\" color=\"#5bbad5\"u003entu003cmeta name=\"msapplication-TileColor\" content=\"#da532c\"u003entu003cmeta name=\"msapplication-TileImage\" content=\" name=\"theme-color\" content=\"#ffffff\"u003e';ntttu003c!-- Facebook Pixel Code --u003enttu003cscriptu003en            window.addEventListener('load', function () n                !function (f, b, e, v, n, t, s) n                    if (f.fbq) return;n                    n = f.fbq = function () n                        n.callMethod ?n                            n.callMethod.apply(n, arguments) : n.queue.push(arguments)n                    ;n                    if (!f._fbq) f._fbq = n;n                    n.push = n;n                    n.loaded = !0;n                    n.version = '2.0';n                    n.queue = [];n                    t = b.createElement(e);n                    t.defer = true;n                    t.src = v;n                    s = b.getElementsByTagName(e)[0];n                    s.parentNode.insertBefore(t, s)n                (window, document, 'script',n                    'n                fbq('init', '1064056854112873');n                fbq('track', 'PageView');n            );nttu003c\/scriptu003enttu003c!-- End Facebook Pixel Code --u003enttu003cscript src=\" All in One SEO Pro 4.4.1 - aioseo.com --u003enttu003cmeta name=\"description\" content=\"If you\u2019re interested in homeschooling your children and want to know the ins and outs of the decision, youu0026#039;ll want to look out for three challenges.\" \/u003enttu003cmeta name=\"robots\" content=\"max-image-preview:large\" \/u003enttu003clink rel=\"canonical\" href=\" \/u003enttu003cmeta name=\"generator\" content=\"All in One SEO Pro (AIOSEO) 4.4.1\" \/u003enttu003cmeta property=\"og:locale\" content=\"en_US\" \/u003enttu003cmeta property=\"og:site_name\" content=\"Aleteia \u2014 Catholic Spirituality, Lifestyle, World News, and Culture\" \/u003enttu003cmeta property=\"og:type\" content=\"article\" \/u003enttu003cmeta property=\"og:title\" content=\"3 Challenges to know before deciding to homeschool your kids\" \/u003enttu003cmeta property=\"og:description\" content=\"If you\u2019re interested in homeschooling your children and want to know the ins and outs of the decision, youu0026#039;ll want to look out for three challenges.\" \/u003enttu003cmeta property=\"og:url\" content=\" \/u003enttu003cmeta property=\"og:image\" content=\" \/u003enttu003cmeta property=\"og:image:secure_url\" content=\" \/u003enttu003cmeta property=\"og:image:width\" content=\"620\" \/u003enttu003cmeta property=\"og:image:height\" content=\"310\" \/u003enttu003cmeta property=\"article:tag\" content=\"children\" \/u003enttu003cmeta property=\"article:tag\" content=\"education\" \/u003enttu003cmeta property=\"article:tag\" content=\"homeschooling\" \/u003enttu003cmeta property=\"article:tag\" content=\"parenting\" \/u003enttu003cmeta property=\"article:published_time\" content=\"2024-06-04T08:00:00+00:00\" \/u003enttu003cmeta property=\"article:modified_time\" content=\"2024-06-04T02:34:21+00:00\" \/u003enttu003cmeta property=\"article:publisher\" content=\" \/u003enttu003cmeta name=\"twitter:card\" content=\"summary_large_image\" \/u003enttu003cmeta name=\"twitter:site\" content=\"@AleteiaEN\" \/u003enttu003cmeta name=\"twitter:title\" content=\"3 Challenges to know before deciding to homeschool your kids\" \/u003enttu003cmeta name=\"twitter:description\" content=\"If you\u2019re interested in homeschooling your children and want to know the ins and outs of the decision, youu0026#039;ll want to look out for three challenges.\" \/u003enttu003cmeta name=\"twitter:creator\" content=\"@AleteiaEN\" \/u003enttu003cmeta name=\"twitter:image\" content=\" \/u003enttu003cmeta name=\"twitter:label1\" content=\"Written by\" \/u003enttu003cmeta name=\"twitter:data1\" content=\"tbarberaleteia\" \/u003enttu003cmeta name=\"twitter:label2\" content=\"Est. reading time\" \/u003enttu003cmeta name=\"twitter:data2\" content=\"5 minutes\" \/u003enttu003cscript type=\"application\/ld+json\" class=\"aioseo-schema\"u003enttt\"@context\":\"https:\\\/\\\/schema.org\",\"@graph\":[\"@type\":\"BreadcrumbList\",\"@id\":\"https:\\\/\\\/aleteia.org\\\/2024\\\/06\\\/04\\\/3-challenges-to-know-before-deciding-to-homeschool-your-kids\\\/#breadcrumblist\",\"itemListElement\":[\"@type\":\"ListItem\",\"@id\":\"https:\\\/\\\/aleteia.org\\\/#listItem\",\"position\":1,\"item\":\"@type\":\"WebPage\",\"@id\":\"https:\\\/\\\/aleteia.org\\\/\",\"name\":\"Home\",\"description\":\"Aleteia is a worldwide network providing daily content designed to inspire readers in their daily life.\",\"url\":\"https:\\\/\\\/aleteia.org\\\/\",\"nextItem\":\"https:\\\/\\\/aleteia.org\\\/2024\\\/#listItem\",\"@type\":\"ListItem\",\"@id\":\"https:\\\/\\\/aleteia.org\\\/2024\\\/#listItem\",\"position\":2,\"item\":\"@type\":\"WebPage\",\"@id\":\"https:\\\/\\\/aleteia.org\\\/2024\\\/\",\"name\":\"2024\",\"url\":\"https:\\\/\\\/aleteia.org\\\/2024\\\/\",\"nextItem\":\"https:\\\/\\\/aleteia.org\\\/2024\\\/06\\\/#listItem\",\"previousItem\":\"https:\\\/\\\/aleteia.org\\\/#listItem\",\"@type\":\"ListItem\",\"@id\":\"https:\\\/\\\/aleteia.org\\\/2024\\\/06\\\/#listItem\",\"position\":3,\"item\":\"@type\":\"WebPage\",\"@id\":\"https:\\\/\\\/aleteia.org\\\/2024\\\/06\\\/\",\"name\":\"June\",\"url\":\"https:\\\/\\\/aleteia.org\\\/2024\\\/06\\\/\",\"nextItem\":\"https:\\\/\\\/aleteia.org\\\/2024\\\/06\\\/04\\\/#listItem\",\"previousItem\":\"https:\\\/\\\/aleteia.org\\\/2024\\\/#listItem\",\"@type\":\"ListItem\",\"@id\":\"https:\\\/\\\/aleteia.org\\\/2024\\\/06\\\/04\\\/#listItem\",\"position\":4,\"item\":\"@type\":\"WebPage\",\"@id\":\"https:\\\/\\\/aleteia.org\\\/2024\\\/06\\\/04\\\/\",\"name\":\"4\",\"url\":\"https:\\\/\\\/aleteia.org\\\/2024\\\/06\\\/04\\\/\",\"nextItem\":\"https:\\\/\\\/aleteia.org\\\/2024\\\/06\\\/04\\\/3-challenges-to-know-before-deciding-to-homeschool-your-kids\\\/#listItem\",\"previousItem\":\"https:\\\/\\\/aleteia.org\\\/2024\\\/06\\\/#listItem\",\"@type\":\"ListItem\",\"@id\":\"https:\\\/\\\/aleteia.org\\\/2024\\\/06\\\/04\\\/3-challenges-to-know-before-deciding-to-homeschool-your-kids\\\/#listItem\",\"position\":5,\"item\":\"@type\":\"WebPage\",\"@id\":\"https:\\\/\\\/aleteia.org\\\/2024\\\/06\\\/04\\\/3-challenges-to-know-before-deciding-to-homeschool-your-kids\\\/\",\"name\":\"3 Challenges to know before deciding to homeschool your kids\",\"description\":\"If you\\u2019re interested in homeschooling your children and want to know the ins and outs of the decision, you'll want to look out for three challenges.\",\"url\":\"https:\\\/\\\/aleteia.org\\\/2024\\\/06\\\/04\\\/3-challenges-to-know-before-deciding-to-homeschool-your-kids\\\/\",\"previousItem\":\"https:\\\/\\\/aleteia.org\\\/2024\\\/06\\\/04\\\/#listItem\"],\"@type\":\"NewsArticle\",\"@id\":\"https:\\\/\\\/aleteia.org\\\/2024\\\/06\\\/04\\\/3-challenges-to-know-before-deciding-to-homeschool-your-kids\\\/#newsarticle\",\"name\":\"3 Challenges to know before deciding to homeschool your kids\",\"headline\":\"3 Challenges to know before deciding to homeschool your kids\",\"author\":\"@id\":\"https:\\\/\\\/aleteia.org\\\/author\\\/tbarberaleteia\\\/#author\",\"publisher\":\"@id\":\"https:\\\/\\\/aleteia.org\\\/#organization\",\"image\":\"@type\":\"ImageObject\",\"url\":\"https:\\\/\\\/wp.en.aleteia.org\\\/wp-content\\\/uploads\\\/sites\\\/2\\\/2024\\\/06\\\/HOMESCHOOLING-CHALLENGES-color.jpg\",\"width\":1200,\"height\":800,\"caption\":\"Challenges of homeschooling your kids\",\"datePublished\":\"2024-06-04T08:00:00-04:00\",\"dateModified\":\"2024-06-04T02:34:21-04:00\",\"inLanguage\":\"en-US\",\"mainEntityOfPage\":\"@id\":\"https:\\\/\\\/aleteia.org\\\/2024\\\/06\\\/04\\\/3-challenges-to-know-before-deciding-to-homeschool-your-kids\\\/#webpage\",\"isPartOf\":\"@id\":\"https:\\\/\\\/aleteia.org\\\/2024\\\/06\\\/04\\\/3-challenges-to-know-before-deciding-to-homeschool-your-kids\\\/#webpage\",\"articleSection\":\"Family u0026amp; Education, Issuesu0026amp;Implications, Lifestyle, Society, United States, Children, Education, Homeschooling, Parenting, Evergreen, Life, Family Life (Marriage\\\/Family\\\/Kids), +, theresa-civantos-barber\",\"dateline\":\"Published on June 4, 2024.\",\"@type\":\"Organization\",\"@id\":\"https:\\\/\\\/aleteia.org\\\/#organization\",\"name\":\"Aleteia\",\"url\":\"https:\\\/\\\/aleteia.org\\\/\",\"logo\":\"@type\":\"ImageObject\",\"url\":\"https:\\\/\\\/aleteia.org\\\/wp-content\\\/uploads\\\/sites\\\/2\\\/2020\\\/09\\\/a-logo-webnotications-1.png\",\"@id\":\"https:\\\/\\\/aleteia.org\\\/#organizationLogo\",\"image\":\"@id\":\"https:\\\/\\\/aleteia.org\\\/#organizationLogo\",\"sameAs\":[\"https:\\\/\\\/www.facebook.com\\\/AleteiaEn\\\/\",\"https:\\\/\\\/twitter.com\\\/AleteiaEN\",\"https:\\\/\\\/www.instagram.com\\\/aleteia_en\",\"https:\\\/\\\/www.youtube.com\\\/aleteiaen\"],\"@type\":\"Person\",\"@id\":\"https:\\\/\\\/aleteia.org\\\/author\\\/tbarberaleteia\\\/#author\",\"url\":\"https:\\\/\\\/aleteia.org\\\/author\\\/tbarberaleteia\\\/\",\"name\":\"tbarberaleteia\",\"@type\":\"WebPage\",\"@id\":\"https:\\\/\\\/aleteia.org\\\/2024\\\/06\\\/04\\\/3-challenges-to-know-before-deciding-to-homeschool-your-kids\\\/#webpage\",\"url\":\"https:\\\/\\\/aleteia.org\\\/2024\\\/06\\\/04\\\/3-challenges-to-know-before-deciding-to-homeschool-your-kids\\\/\",\"name\":\"3 Challenges to know before deciding to homeschool your kids\",\"description\":\"If you\\u2019re interested in homeschooling your children and want to know the ins and outs of the decision, you'll want to look out for three challenges.\",\"inLanguage\":\"en-US\",\"isPartOf\":\"@id\":\"https:\\\/\\\/aleteia.org\\\/#website\",\"breadcrumb\":\"@id\":\"https:\\\/\\\/aleteia.org\\\/2024\\\/06\\\/04\\\/3-challenges-to-know-before-deciding-to-homeschool-your-kids\\\/#breadcrumblist\",\"author\":\"@id\":\"https:\\\/\\\/aleteia.org\\\/author\\\/tbarberaleteia\\\/#author\",\"creator\":\"@id\":\"https:\\\/\\\/aleteia.org\\\/author\\\/tbarberaleteia\\\/#author\",\"image\":\"@type\":\"ImageObject\",\"url\":\"https:\\\/\\\/wp.en.aleteia.org\\\/wp-content\\\/uploads\\\/sites\\\/2\\\/2024\\\/06\\\/HOMESCHOOLING-CHALLENGES-color.jpg\",\"@id\":\"https:\\\/\\\/aleteia.org\\\/#mainImage\",\"width\":1200,\"height\":800,\"caption\":\"Challenges of homeschooling your kids\",\"primaryImageOfPage\":\"@id\":\"https:\\\/\\\/aleteia.org\\\/2024\\\/06\\\/04\\\/3-challenges-to-know-before-deciding-to-homeschool-your-kids\\\/#mainImage\",\"datePublished\":\"2024-06-04T08:00:00-04:00\",\"dateModified\":\"2024-06-04T02:34:21-04:00\",\"@type\":\"WebSite\",\"@id\":\"https:\\\/\\\/aleteia.org\\\/#website\",\"url\":\"https:\\\/\\\/aleteia.org\\\/\",\"name\":\"Aleteia \\u2014 Catholic Spirituality, Lifestyle, World News, and Culture\",\"description\":\"Aleteia is a worldwide network providing daily content designed to inspire readers in their daily life.\",\"inLanguage\":\"en-US\",\"publisher\":\"@id\":\"https:\\\/\\\/aleteia.org\\\/#organization\"]nttu003c\/scriptu003enttu003c!-- All in One SEO Pro --u003ernttu003ctitleu003e3 Challenges to know before deciding to homeschool your kidsu003c\/titleu003enn\"}},\"page\":,\"author\":,\"attachment\":,\"type\":,\"taxonomy\":,\"subdirectory\":\"\",\"homepage\":\"\",\"postsPage\":\"\",\"categoryBase\":\"\",\"tagBase\":\"\",\"authorBase\":\"\",\"postEndpoint\":\"posts\",\"params\":,\"postTypes\":[],\"taxonomies\":[],\"redirections\":\"404\",\"api\":\"https:\/\/wp.en.aleteia.org\/wp-json\/\",\"top_ribbon_height\":0,\"header\":\"menu\":[\"type\":\"category\",\"title\":\"News\",\"id\":423715164,\"link\":\"https:\/\/aleteia.org\/category\/news\/\",\"type\":\"category\",\"title\":\"Inspiring Stories\",\"id\":423715389,\"link\":\" u0026amp; Views\",\"id\":423715169,\"link\":\" u0026amp; Implications\",\"id\":423714966,\"link\":\" Her\",\"id\":423715165,\"link\":\" u0026amp; Culture\",\"id\":423715388,\"link\":\" 04 June ,\"footer\":\"menu\":[\"type\":\"category\",\"title\":\"News\",\"id\":423715164,\"link\":\"https:\/\/aleteia.org\/category\/news\/\",\"type\":\"category\",\"title\":\"Travel\",\"id\":423715168,\"link\":\"https:\/\/aleteia.org\/category\/travel\/\",\"type\":\"category\",\"title\":\"Art u0026amp; Culture\",\"id\":423715388,\"link\":\" Stories\",\"id\":423715389,\"link\":\" u0026amp; Implications\",\"id\":423714966,\"link\":\"https:\/\/aleteia.org\/category\/issues-and-implications\/\"],\"menu_legal_footer\":[\"type\":\"custom\",\"title\":\"Contribute\",\"id\":273706,\"link\":\"https:\/\/aleteia.org\/support-aleteia\/\",\"type\":\"page\",\"title\":\"LEGAL INFORMATION\",\"id\":61701,\"link\":\" us\",\"id\":95997,\"link\":\"https:\/\/aleteia.org\/about-us\/\",\"type\":\"custom\",\"title\":\"RSS\",\"id\":67433,\"link\":\"http:\/\/aleteia.org\/feed\/\"],\"menu_partner_footer\":[],\"menu_custom_footer\":[\"type\":\"custom\",\"title\":\"Charter for personal data protection\",\"url\":\"https:\/\/aleteia.org\/charter-for-personal-data-protection\/\",\"id\":\"632651\"],\"menu_special_page\":[],\"copyright\":\"u0026copy; Copyright Aleteia SAS all rights reserved.\",\"socials\":\"fb_link\":\" Aleteia delivered to your inbox. Subscribe here\",\"newsletter_right_popup_text_size\":\"25\",\"newsletter_right_popup_padding_top\":\"40\",\"newsletter_right_popup_padding_bottom\":\"40\",\"newsletter_popups_texts_list\":[\"enabled\":\"1\",\"text\":\"Start your mornings with the good, the beautiful, the true... Subscribe to Aleteia's free newsletter!\",\"text_font_size\":\"20\",\"text_line_spacing\":\"20\",\"text_x\":\"5\",\"text_y\":\"60\",\"text_2\":\"Sign me up!\",\"text_2_font_size\":\"25\",\"enabled\":\"1\",\"text\":\"The world and your Catholic life, all in one place.\",\"text_font_size\":\"23\",\"text_line_spacing\":\"23\",\"text_x\":\"10\",\"text_y\":\"65\",\"text_2\":\"Subscribe to Aleteia's free newsletter!\",\"text_2_font_size\":\"13\",\"enabled\":\"1\",\"text\":\"Start your day in a beautiful way: Subscribe to Aleteia's daily newsletter here.\",\"text_font_size\":\"20\",\"text_line_spacing\":\"20\",\"text_x\":\"5\",\"text_y\":\"65\",\"text_2\":\"Sign me up!\",\"text_2_font_size\":\"25\",\"enabled\":\"1\",\"text\":\"Subscribe to Aleteia's free newsletter: Goodness. Beauty. Truth. No yelling.\",\"text_font_size\":\"20\",\"text_line_spacing\":\"20\",\"text_x\":\"5\",\"text_y\":\"55\",\"text_2\":\"Sign me up!\",\"text_2_font_size\":\"25\"],\"v2_subscribe_bkg\":null,\"v2_subscribe_title\":\"Newsletter\",\"v2_subscribe_descr\":\"Get Aleteia delivered to your inbox.\",\"v2_subscribe_btn\":\"Sign me up\",\"v2_subscribe_no_thanks\":\"No thanks, I'll register later.\",\"v2_registration_bkg\":null,\"v2_registration_title\":\"Get exclusive access to our site!\",\"v2_registration_descr\":\"Now that you're signed up you can become a registered user.\",\"v2_registration_btn\":\"Sign me up\",\"v2_registration_no_thanks\":\"No thanks, I'll register later.\",\"v2_donate_bkg\":null,\"v2_donate_title\":\"Become an Aleteia Patron Today\",\"v2_donate_descr\":\"We want Aleteia to be freely available to everyone. We don\u2019t require a subscription.\",\"v2_donate_btn\":\"Donate Now\",\"v2_donate_no_thanks\":\"No thanks, I'll donate later.\",\"v2_retargeting_title\":\"Let's stay connected! Subscribe to Aleteia's free newsletter\",\"v2_retargeting_btn\":\"Subscribe\",\"v2_retargeting_fb_btn\":\"Like us on Facebook\",\"v2_retargeting_tw_btn\":\"Follow us on Twitter\",\"v2_retargeting_chrome_btn\":\"Subscribe to Web Notifications\",\"v2_retargeting_mg_btn\":\"Subscribe to our Facebook Messenger\",\"v2_retargeting_fb_link\":\" up for Aleteiau0026#039;s newsletter\",\"image\":\" you! Your submission has been received!\",\"youremail\":\"Your email\",\"required\":\"Required field\",\"firstname\":\"Your first name\",\"lastname\":\"Your last name\",\"bysignin\":\"By signing, I acknowledge and agree to the\",\"legal\":\"\/legal-information\",\"tc\":\"Terms and Conditions\",\"partners\":\"Yes, I would like to receive information from Aleteia partners\",\"submit\":\"Subscribe\",\"custom_popup\":[],\"top_ribbon\":[],\"ads_settings\":[\"slot\":\"hp-desk-after-header\",\"library\":\"googleAdManager.GooglePublisherTag\",\"props\":\"id\":\"hp-desk-after-header-ad\",\"unit\":\"64500793\/EN_DESK_HP_HEADER_MULTIxMULTI_1\",\"collapse_empty_divs\":false,\"premium_ads\":false,\"bids\":\"\",\"nexxx360_id\":\"\",\"size\":[[728,90],[970,90]],\"slot\":\"hp-desk-right-column-after-prayers\",\"library\":\"googleAdManager.GooglePublisherTag\",\"props\":\"id\":\"hp-desk-right-column-after-prayers-ad\",\"unit\":\"64500793\/EN_DESK_HP_TOWER_300xMULTI_1\",\"collapse_empty_divs\":false,\"premium_ads\":false,\"bids\":\"\",\"nexxx360_id\":\"\",\"size\":[[300,600]],\"slot\":\"hp-desk-right-column-section\",\"library\":\"googleAdManager.GooglePublisherTag\",\"props\":\"id\":\"hp-desk-right-column-section-ad\",\"unit\":\"64500793\/EN_DESK_HP_TOWER_300xMULTI_2\",\"collapse_empty_divs\":false,\"premium_ads\":false,\"bids\":\"\",\"nexxx360_id\":\"\",\"size\":[[300,600]],\"slot\":\"hp-mob-after-hero\",\"library\":\"googleAdManager.GooglePublisherTag\",\"props\":\"id\":\"hp-mob-after-hero-ad\",\"unit\":\"64500793\/EN_MOB_HP_HEADER_320xMULTI\",\"collapse_empty_divs\":false,\"premium_ads\":false,\"bids\":\"\",\"nexxx360_id\":\"\",\"size\":[[320,100]],\"slot\":\"hp-mob-right-column-after-prayers\",\"library\":\"googleAdManager.GooglePublisherTag\",\"props\":\"id\":\"hp-mob-right-column-after-prayers-ad\",\"unit\":\"64500793\/EN_MOB_HP_BODY_MULTIxMULTI_2\",\"collapse_empty_divs\":false,\"premium_ads\":false,\"bids\":\"\",\"nexxx360_id\":\"\",\"size\":[[300,250]],\"slot\":\"category-desk-after-header\",\"library\":\"googleAdManager.GooglePublisherTag\",\"props\":\"id\":\"category-desk-after-header-ad\",\"unit\":\"64500793\/EN_DESK_ARTICLE_HEADER_MULTIxMULTI_1\",\"collapse_empty_divs\":false,\"premium_ads\":false,\"bids\":\"\",\"nexxx360_id\":\"\",\"size\":[[728,90],[970,90]],\"slot\":\"category-desk-right-column-after-prayers\",\"library\":\"googleAdManager.GooglePublisherTag\",\"props\":\"id\":\"category-desk-right-column-after-prayers-ad\",\"unit\":\"64500793\/EN_DESK_ARTICLE_TOWER_300xMULTI_2\",\"collapse_empty_divs\":false,\"premium_ads\":false,\"bids\":\"\",\"nexxx360_id\":\"\",\"size\":[[300,250]],\"slot\":\"category-mob-after-first-row\",\"library\":\"googleAdManager.GooglePublisherTag\",\"props\":\"id\":\"category-mob-after-first-row-ad\",\"unit\":\"64500793\/EN_MOB_ARTICLE_HEADER_320xMULTI\",\"collapse_empty_divs\":false,\"premium_ads\":false,\"bids\":\"\",\"nexxx360_id\":\"\",\"size\":[[320,100]],\"slot\":\"article-desk-after-header\",\"library\":\"googleAdManager.GooglePublisherTag\",\"props\":\"id\":\"article-desk-after-header-ad\",\"unit\":\"64500793\/EN_DESK_ARTICLE_HEADER_MULTIxMULTI_1\",\"collapse_empty_divs\":false,\"premium_ads\":false,\"bids\":\"\",\"nexxx360_id\":\"\",\"size\":[[728,90],[970,90]],\"slot\":\"article-desk-right-column-after-prayers\",\"library\":\"googleAdManager.GooglePublisherTag\",\"props\":\"id\":\"article-desk-right-column-after-prayers-ad\",\"unit\":\"64500793\/EN_DESK_ARTICLE_TOWER_300xMULTI_1\",\"collapse_empty_divs\":false,\"premium_ads\":false,\"bids\":\"\",\"nexxx360_id\":\"\",\"size\":[[300,250],[300,600]],\"slot\":\"article-desk-right-column-sticky\",\"library\":\"googleAdManager.GooglePublisherTag\",\"props\":\"id\":\"article-desk-right-column-sticky2-ad\",\"unit\":\"64500793\/EN_DESK_ARTICLE_SIDEBAR_300xMULTI\",\"collapse_empty_divs\":false,\"premium_ads\":false,\"bids\":\"\",\"nexxx360_id\":\"\",\"size\":[[300,250],[300,600]],\"slot\":\"article-desk-before-footer\",\"library\":\"googleAdManager.GooglePublisherTag\",\"props\":\"id\":\"article-desk-before-footer-ad\",\"unit\":\"64500793\/EN_DESK_ARTICLE_FOOTER_MULTIx90\",\"collapse_empty_divs\":false,\"premium_ads\":false,\"bids\":\"\",\"nexxx360_id\":\"\",\"size\":[[728,90],[970,90]],\"slot\":\"article-mob-after-featured\",\"library\":\"googleAdManager.GooglePublisherTag\",\"props\":\"id\":\"article-mob-after-featured-ad\",\"unit\":\"64500793\/EN_MOB_ARTICLE_HEADER_320xMULTI\",\"collapse_empty_divs\":false,\"premium_ads\":false,\"bids\":\"\",\"nexxx360_id\":\"\",\"size\":[[320,100],[300,100]],\"slot\":\"article-mob-right-column-after-prayers\",\"library\":\"googleAdManager.GooglePublisherTag\",\"props\":\"id\":\"article-mob-right-column-after-prayers-ad\",\"unit\":\"64500793\/EN_MOB_ARTICLE_BODY_MULTIxMULTI_2\",\"collapse_empty_divs\":false,\"premium_ads\":false,\"bids\":\"\",\"nexxx360_id\":\"\",\"size\":[[300,600]],\"slot\":\"article-mob-content-p1\",\"library\":\"googleAdManager.GooglePublisherTag\",\"props\":\"id\":\"article-mob-content-p1-ad\",\"unit\":\"64500793\/EN_MOB_ARTICLE_BODY_MULTIxMULTI_1\",\"collapse_empty_divs\":false,\"premium_ads\":false,\"bids\":\"\",\"nexxx360_id\":\"\",\"size\":[[300,250]],\"slot\":\"article-mob-content-p3\",\"library\":\"googleAdManager.GooglePublisherTag\",\"props\":\"id\":\"article-mob-content-p3-ad\",\"unit\":\"64500793\/EN_MOB_ARTICLE_BODY_MULTIxMULTI_2\",\"collapse_empty_divs\":false,\"premium_ads\":false,\"bids\":\"\",\"nexxx360_id\":\"\",\"size\":[[1,1]],\"slot\":\"slideshow-desk\",\"library\":\"googleAdManager.GooglePublisherTag\",\"props\":\"id\":\"slideshow-desk-ad\",\"unit\":\"64500793\/EN_DESK_SLIDESHOW_TOWER_300x250\",\"collapse_empty_divs\":false,\"premium_ads\":false,\"bids\":\"\",\"nexxx360_id\":\"\",\"size\":[[300,250],[300,600]],\"slot\":\"slideshow-mob\",\"library\":\"googleAdManager.GooglePublisherTag\",\"props\":\"id\":\"slideshow-mob-ad\",\"unit\":\"64500793\/EN_MOB_ARTICLE_STICKYFOOTER_320x50\",\"collapse_empty_divs\":false,\"premium_ads\":false,\"bids\":\"\",\"nexxx360_id\":\"\",\"size\":[[320,50]],\"slot\":\"skin\",\"library\":\"theme.Skin\",\"props\":\"id\":\"skin-ad\",\"unit\":\"64500793\/EN_DESK_HP_SKIN_1x1\",\"collapse_empty_divs\":false,\"premium_ads\":false,\"bids\":\"\",\"nexxx360_id\":\"\",\"size\":[],\"slot\":\"article-native-inread\",\"library\":\"googleAdManager.GooglePublisherTag\",\"props\":\"id\":\"article-native-inread\",\"unit\":\"64500793\/EN_NATIVE_ARTICLE\",\"collapse_empty_divs\":false,\"premium_ads\":false,\"bids\":\"\",\"nexxx360_id\":\"\",\"size\":[\"fluid\"],\"slot\":\"article-native-home\",\"library\":\"googleAdManager.GooglePublisherTag\",\"props\":\"id\":\"article-native-home\",\"unit\":\"64500793\/EN_NATIVE_HOMEPAGE\",\"collapse_empty_divs\":false,\"premium_ads\":false,\"bids\":\"\",\"nexxx360_id\":\"\",\"size\":[\"fluid\"],\"slot\":\"dp-skin\",\"library\":\"theme.Skin\",\"props\":\"id\":\"dp-skin-ad\",\"unit\":\"64500793\/EN_DESK_PRAYER_SKIN_1x1\",\"collapse_empty_divs\":false,\"premium_ads\":false,\"bids\":\"\",\"nexxx360_id\":\"\",\"size\":[],\"props\":\"id\":\"\",\"unit\":\"\",\"collapse_empty_divs\":false,\"premium_ads\":false,\"bids\":\"\",\"nexxx360_id\":\"\",\"size\":[],\"slot\":\"hp-mob-after-daily-items\",\"library\":\"googleAdManager.GooglePublisherTag\",\"props\":\"id\":\"hp-mob-after-daily-items-ad\",\"unit\":\"64500793\/EN_MOB_HP_BODY_MULTIxMULTI_1\",\"collapse_empty_divs\":false,\"premium_ads\":false,\"bids\":\"\",\"nexxx360_id\":\"\",\"size\":[[300,600],[300,250]],\"slot\":\"hp-desk-before-sections\",\"library\":\"googleAdManager.GooglePublisherTag\",\"props\":\"id\":\"hp-desk-before-sections-ad\",\"unit\":\"64500793\/EN_DESK_HP_HEADER_MULTIxMULTI_2\",\"collapse_empty_divs\":false,\"premium_ads\":false,\"bids\":\"\",\"nexxx360_id\":\"\",\"size\":[[728,90],[970,90]],\"slot\":\"category-desk-right-column\",\"library\":\"googleAdManager.GooglePublisherTag\",\"props\":\"id\":\"category-desk-right-column-ad\",\"unit\":\"64500793\/EN_DESK_ARTICLE_SIDEBAR_300xMULTI\",\"collapse_empty_divs\":false,\"premium_ads\":false,\"bids\":\"\",\"nexxx360_id\":\"\",\"size\":[],\"slot\":\"skin\",\"library\":\"theme.Skin\",\"props\":\"id\":\"skin-ad\",\"unit\":\"64500793\/EN_DESK_HP_SKIN_1x1\",\"collapse_empty_divs\":false,\"premium_ads\":\"1\",\"bids\":\"\",\"nexxx360_id\":\"\",\"size\":[],\"slot\":\"hp-desk-after-header\",\"library\":\"googleAdManager.GooglePublisherTag\",\"props\":\"id\":\"hp-desk-after-header-ad\",\"unit\":\"64500793\/EN_DESK_HEADER_MULTIxMULTI_PREMIUM\",\"collapse_empty_divs\":false,\"premium_ads\":\"1\",\"bids\":\"\",\"nexxx360_id\":\"\",\"size\":[[970,90],[728,90]],\"slot\":\"category-desk-after-header\",\"library\":\"googleAdManager.GooglePublisherTag\",\"props\":\"id\":\"category-desk-after-header-ad\",\"unit\":\"64500793\/EN_DESK_HEADER_MULTIxMULTI_PREMIUM\",\"collapse_empty_divs\":false,\"premium_ads\":\"1\",\"bids\":\"\",\"nexxx360_id\":\"\",\"size\":[[970,90],[728,90]],\"slot\":\"article-desk-after-header\",\"library\":\"googleAdManager.GooglePublisherTag\",\"props\":\"id\":\"article-desk-after-header-ad\",\"unit\":\"64500793\/EN_DESK_HEADER_MULTIxMULTI_PREMIUM\",\"collapse_empty_divs\":false,\"premium_ads\":\"1\",\"bids\":\"\",\"nexxx360_id\":\"\",\"size\":[[970,90],[728,90]],\"slot\":\"hp-desk-right-column-after-prayers\",\"library\":\"googleAdManager.GooglePublisherTag\",\"props\":\"id\":\"hp-desk-right-column-after-prayers-ad\",\"unit\":\"64500793\/EN_DESK_TOWER_300xMULTI_PREMIUM\",\"collapse_empty_divs\":false,\"premium_ads\":\"1\",\"bids\":\"\",\"nexxx360_id\":\"\",\"size\":[[300,600],[300,250]],\"slot\":\"category-desk-right-column-after-prayers\",\"library\":\"googleAdManager.GooglePublisherTag\",\"props\":\"id\":\"category-desk-right-column-after-prayers-ad\",\"unit\":\"64500793\/EN_DESK_TOWER_300xMULTI_PREMIUM\",\"collapse_empty_divs\":false,\"premium_ads\":\"1\",\"bids\":\"\",\"nexxx360_id\":\"\",\"size\":[[300,600],[300,250]],\"slot\":\"article-desk-right-column-after-prayers\",\"library\":\"googleAdManager.GooglePublisherTag\",\"props\":\"id\":\"article-desk-right-column-after-prayers-ad\",\"unit\":\"64500793\/EN_DESK_TOWER_300xMULTI_PREMIUM\",\"collapse_empty_divs\":false,\"premium_ads\":\"1\",\"bids\":\"\",\"nexxx360_id\":\"\",\"size\":[[300,600],[300,250]],\"slot\":\"hp-mob-after-daily-items\",\"library\":\"googleAdManager.GooglePublisherTag\",\"props\":\"id\":\"hp-mob-after-daily-items-ad\",\"unit\":\"64500793\/EN_MOB_MULTIxMULTI_PREMIUM\",\"collapse_empty_divs\":false,\"premium_ads\":\"1\",\"bids\":\"\",\"nexxx360_id\":\"\",\"size\":[[300,250]],\"slot\":\"article-mob-content-p1\",\"library\":\"googleAdManager.GooglePublisherTag\",\"props\":\"id\":\"article-mob-content-p1-ad\",\"unit\":\"64500793\/EN_MOB_MULTIxMULTI_PREMIUM\",\"collapse_empty_divs\":false,\"premium_ads\":\"1\",\"bids\":\"\",\"nexxx360_id\":\"\",\"size\":[[300,250]],\"props\":\"id\":\"\",\"unit\":\"\",\"collapse_empty_divs\":false,\"premium_ads\":false,\"bids\":\"\",\"nexxx360_id\":\"\",\"size\":[],\"props\":\"id\":\"\",\"unit\":\"\",\"collapse_empty_divs\":false,\"premium_ads\":false,\"bids\":\"\",\"nexxx360_id\":\"\",\"size\":[]],\"skin_height\":101,\"sirdata\":\"setting_menu_label\":\"privacy\",\"sirdata_id\":\"xd8kW\",\"nativo\":\"isActive\":true,\"isActiveInPost\":true,\"connatix\":\"scriptId\":\"82592dd1874345e8bd35bb7268339c76\",\"playerId\":\"62153f9f-0eea-4420-ae4e-ccb9dc881e2f\",\"premiumContents\":\"cta_menu\":\"cta_label\":\"S\u2019abonner\",\"cta_link\":\"\/subscribe\/\",\"cta_menu_donations\":\"cta_label\":\"donate\",\"cta_link\":\"https:\/\/aleteia.org\/support-aleteia\/\",\"newrelic\":\"enabled\":true,\"nexxx360_site_id\":null,\"top_left_custom_cta\":[],\"translations\":\"archive\":\"ReadMore\":\"Show more\"},\"wpSource\":\"prefix\":\"\/wp-json\",\"oneSignal\":\"promptAfterPages\":\"3\",\"promptAfterSeconds\":\"30\",\"id\":\"1ef61c7c-d65c-4876-90ea-04f72851e015\",\"prebid\":\"active\":false,\"fills\":\"googleAdManager\":\"35\":\"props\":\"id\":\"\",\"unit\":\"\",\"collapse_empty_divs\":false,\"premium_ads\":false,\"bids\":\"\",\"nexxx360_id\":\"\",\"size\":[],\"36\":\"props\":\"id\":\"\",\"unit\":\"\",\"collapse_empty_divs\":false,\"premium_ads\":false,\"bids\":\"\",\"nexxx360_id\":\"\",\"size\":[],\"hp-desk-after-header-ad\":\"slot\":\"hp-desk-after-header\",\"library\":\"googleAdManager.GooglePublisherTag\",\"props\":\"id\":\"hp-desk-after-header-ad\",\"unit\":\"64500793\/EN_DESK_HP_HEADER_MULTIxMULTI_1\",\"collapse_empty_divs\":false,\"premium_ads\":false,\"bids\":\"\",\"nexxx360_id\":\"\",\"size\":[[728,90],[970,90]],\"hp-desk-right-column-after-prayers-ad\":\"slot\":\"hp-desk-right-column-after-prayers\",\"library\":\"googleAdManager.GooglePublisherTag\",\"props\":\"id\":\"hp-desk-right-column-after-prayers-ad\",\"unit\":\"64500793\/EN_DESK_HP_TOWER_300xMULTI_1\",\"collapse_empty_divs\":false,\"premium_ads\":false,\"bids\":\"\",\"nexxx360_id\":\"\",\"size\":[[300,600]],\"hp-desk-right-column-section-ad\":\"slot\":\"hp-desk-right-column-section\",\"library\":\"googleAdManager.GooglePublisherTag\",\"props\":\"id\":\"hp-desk-right-column-section-ad\",\"unit\":\"64500793\/EN_DESK_HP_TOWER_300xMULTI_2\",\"collapse_empty_divs\":false,\"premium_ads\":false,\"bids\":\"\",\"nexxx360_id\":\"\",\"size\":[[300,600]],\"hp-mob-after-hero-ad\":\"slot\":\"hp-mob-after-hero\",\"library\":\"googleAdManager.GooglePublisherTag\",\"props\":\"id\":\"hp-mob-after-hero-ad\",\"unit\":\"64500793\/EN_MOB_HP_HEADER_320xMULTI\",\"collapse_empty_divs\":false,\"premium_ads\":false,\"bids\":\"\",\"nexxx360_id\":\"\",\"size\":[[320,100]],\"hp-mob-right-column-after-prayers-ad\":\"slot\":\"hp-mob-right-column-after-prayers\",\"library\":\"googleAdManager.GooglePublisherTag\",\"props\":\"id\":\"hp-mob-right-column-after-prayers-ad\",\"unit\":\"64500793\/EN_MOB_HP_BODY_MULTIxMULTI_2\",\"collapse_empty_divs\":false,\"premium_ads\":false,\"bids\":\"\",\"nexxx360_id\":\"\",\"size\":[[300,250]],\"category-desk-after-header-ad\":\"slot\":\"category-desk-after-header\",\"library\":\"googleAdManager.GooglePublisherTag\",\"props\":\"id\":\"category-desk-after-header-ad\",\"unit\":\"64500793\/EN_DESK_ARTICLE_HEADER_MULTIxMULTI_1\",\"collapse_empty_divs\":false,\"premium_ads\":false,\"bids\":\"\",\"nexxx360_id\":\"\",\"size\":[[728,90],[970,90]],\"category-desk-right-column-after-prayers-ad\":\"slot\":\"category-desk-right-column-after-prayers\",\"library\":\"googleAdManager.GooglePublisherTag\",\"props\":\"id\":\"category-desk-right-column-after-prayers-ad\",\"unit\":\"64500793\/EN_DESK_ARTICLE_TOWER_300xMULTI_2\",\"collapse_empty_divs\":false,\"premium_ads\":false,\"bids\":\"\",\"nexxx360_id\":\"\",\"size\":[[300,250]],\"category-mob-after-first-row-ad\":\"slot\":\"category-mob-after-first-row\",\"library\":\"googleAdManager.GooglePublisherTag\",\"props\":\"id\":\"category-mob-after-first-row-ad\",\"unit\":\"64500793\/EN_MOB_ARTICLE_HEADER_320xMULTI\",\"collapse_empty_divs\":false,\"premium_ads\":false,\"bids\":\"\",\"nexxx360_id\":\"\",\"size\":[[320,100]],\"article-desk-after-header-ad\":\"slot\":\"article-desk-after-header\",\"library\":\"googleAdManager.GooglePublisherTag\",\"props\":\"id\":\"article-desk-after-header-ad\",\"unit\":\"64500793\/EN_DESK_ARTICLE_HEADER_MULTIxMULTI_1\",\"collapse_empty_divs\":false,\"premium_ads\":false,\"bids\":\"\",\"nexxx360_id\":\"\",\"size\":[[728,90],[970,90]],\"article-desk-right-column-after-prayers-ad\":\"slot\":\"article-desk-right-column-after-prayers\",\"library\":\"googleAdManager.GooglePublisherTag\",\"props\":\"id\":\"article-desk-right-column-after-prayers-ad\",\"unit\":\"64500793\/EN_DESK_ARTICLE_TOWER_300xMULTI_1\",\"collapse_empty_divs\":false,\"premium_ads\":false,\"bids\":\"\",\"nexxx360_id\":\"\",\"size\":[[300,250],[300,600]],\"article-desk-right-column-sticky2-ad\":\"slot\":\"article-desk-right-column-sticky\",\"library\":\"googleAdManager.GooglePublisherTag\",\"props\":\"id\":\"article-desk-right-column-sticky2-ad\",\"unit\":\"64500793\/EN_DESK_ARTICLE_SIDEBAR_300xMULTI\",\"collapse_empty_divs\":false,\"premium_ads\":false,\"bids\":\"\",\"nexxx360_id\":\"\",\"size\":[[300,250],[300,600]],\"article-desk-before-footer-ad\":\"slot\":\"article-desk-before-footer\",\"library\":\"googleAdManager.GooglePublisherTag\",\"props\":\"id\":\"article-desk-before-footer-ad\",\"unit\":\"64500793\/EN_DESK_ARTICLE_FOOTER_MULTIx90\",\"collapse_empty_divs\":false,\"premium_ads\":false,\"bids\":\"\",\"nexxx360_id\":\"\",\"size\":[[728,90],[970,90]],\"article-mob-after-featured-ad\":\"slot\":\"article-mob-after-featured\",\"library\":\"googleAdManager.GooglePublisherTag\",\"props\":\"id\":\"article-mob-after-featured-ad\",\"unit\":\"64500793\/EN_MOB_ARTICLE_HEADER_320xMULTI\",\"collapse_empty_divs\":false,\"premium_ads\":false,\"bids\":\"\",\"nexxx360_id\":\"\",\"size\":[[320,100],[300,100]],\"article-mob-right-column-after-prayers-ad\":\"slot\":\"article-mob-right-column-after-prayers\",\"library\":\"googleAdManager.GooglePublisherTag\",\"props\":\"id\":\"article-mob-right-column-after-prayers-ad\",\"unit\":\"64500793\/EN_MOB_ARTICLE_BODY_MULTIxMULTI_2\",\"collapse_empty_divs\":false,\"premium_ads\":false,\"bids\":\"\",\"nexxx360_id\":\"\",\"size\":[[300,600]],\"article-mob-content-p1-ad\":\"slot\":\"article-mob-content-p1\",\"library\":\"googleAdManager.GooglePublisherTag\",\"props\":\"id\":\"article-mob-content-p1-ad\",\"unit\":\"64500793\/EN_MOB_ARTICLE_BODY_MULTIxMULTI_1\",\"collapse_empty_divs\":false,\"premium_ads\":false,\"bids\":\"\",\"nexxx360_id\":\"\",\"size\":[[300,250]],\"article-mob-content-p3-ad\":\"slot\":\"article-mob-content-p3\",\"library\":\"googleAdManager.GooglePublisherTag\",\"props\":\"id\":\"article-mob-content-p3-ad\",\"unit\":\"64500793\/EN_MOB_ARTICLE_BODY_MULTIxMULTI_2\",\"collapse_empty_divs\":false,\"premium_ads\":false,\"bids\":\"\",\"nexxx360_id\":\"\",\"size\":[[1,1]],\"slideshow-desk-ad\":\"slot\":\"slideshow-desk\",\"library\":\"googleAdManager.GooglePublisherTag\",\"props\":\"id\":\"slideshow-desk-ad\",\"unit\":\"64500793\/EN_DESK_SLIDESHOW_TOWER_300x250\",\"collapse_empty_divs\":false,\"premium_ads\":false,\"bids\":\"\",\"nexxx360_id\":\"\",\"size\":[[300,250],[300,600]],\"slideshow-mob-ad\":\"slot\":\"slideshow-mob\",\"library\":\"googleAdManager.GooglePublisherTag\",\"props\":\"id\":\"slideshow-mob-ad\",\"unit\":\"64500793\/EN_MOB_ARTICLE_STICKYFOOTER_320x50\",\"collapse_empty_divs\":false,\"premium_ads\":false,\"bids\":\"\",\"nexxx360_id\":\"\",\"size\":[[320,50]],\"skin-ad\":\"slot\":\"skin\",\"library\":\"theme.Skin\",\"props\":\"id\":\"skin-ad\",\"unit\":\"64500793\/EN_DESK_HP_SKIN_1x1\",\"collapse_empty_divs\":false,\"premium_ads\":false,\"bids\":\"\",\"nexxx360_id\":\"\",\"size\":[],\"article-native-inread\":\"slot\":\"article-native-inread\",\"library\":\"googleAdManager.GooglePublisherTag\",\"props\":\"id\":\"article-native-inread\",\"unit\":\"64500793\/EN_NATIVE_ARTICLE\",\"collapse_empty_divs\":false,\"premium_ads\":false,\"bids\":\"\",\"nexxx360_id\":\"\",\"size\":[\"fluid\"],\"article-native-home\":\"slot\":\"article-native-home\",\"library\":\"googleAdManager.GooglePublisherTag\",\"props\":\"id\":\"article-native-home\",\"unit\":\"64500793\/EN_NATIVE_HOMEPAGE\",\"collapse_empty_divs\":false,\"premium_ads\":false,\"bids\":\"\",\"nexxx360_id\":\"\",\"size\":[\"fluid\"],\"dp-skin-ad\":\"slot\":\"dp-skin\",\"library\":\"theme.Skin\",\"props\":\"id\":\"dp-skin-ad\",\"unit\":\"64500793\/EN_DESK_PRAYER_SKIN_1x1\",\"collapse_empty_divs\":false,\"premium_ads\":false,\"bids\":\"\",\"nexxx360_id\":\"\",\"size\":[],\"\":\"props\":\"id\":\"\",\"unit\":\"\",\"collapse_empty_divs\":false,\"premium_ads\":false,\"bids\":\"\",\"nexxx360_id\":\"\",\"size\":[],\"hp-mob-after-daily-items-ad\":\"slot\":\"hp-mob-after-daily-items\",\"library\":\"googleAdManager.GooglePublisherTag\",\"props\":\"id\":\"hp-mob-after-daily-items-ad\",\"unit\":\"64500793\/EN_MOB_HP_BODY_MULTIxMULTI_1\",\"collapse_empty_divs\":false,\"premium_ads\":false,\"bids\":\"\",\"nexxx360_id\":\"\",\"size\":[[300,600],[300,250]],\"hp-desk-before-sections-ad\":\"slot\":\"hp-desk-before-sections\",\"library\":\"googleAdManager.GooglePublisherTag\",\"props\":\"id\":\"hp-desk-before-sections-ad\",\"unit\":\"64500793\/EN_DESK_HP_HEADER_MULTIxMULTI_2\",\"collapse_empty_divs\":false,\"premium_ads\":false,\"bids\":\"\",\"nexxx360_id\":\"\",\"size\":[[728,90],[970,90]],\"category-desk-right-column-ad\":\"slot\":\"category-desk-right-column\",\"library\":\"googleAdManager.GooglePublisherTag\",\"props\":\"id\":\"category-desk-right-column-ad\",\"unit\":\"64500793\/EN_DESK_ARTICLE_SIDEBAR_300xMULTI\",\"collapse_empty_divs\":false,\"premium_ads\":false,\"bids\":\"\",\"nexxx360_id\":\"\",\"size\":[],\"skin-ad26\":\"slot\":\"skin\",\"library\":\"theme.Skin\",\"props\":\"id\":\"skin-ad\",\"unit\":\"64500793\/EN_DESK_HP_SKIN_1x1\",\"collapse_empty_divs\":false,\"premium_ads\":\"1\",\"bids\":\"\",\"nexxx360_id\":\"\",\"size\":[],\"hp-desk-after-header-ad27\":\"slot\":\"hp-desk-after-header\",\"library\":\"googleAdManager.GooglePublisherTag\",\"props\":\"id\":\"hp-desk-after-header-ad\",\"unit\":\"64500793\/EN_DESK_HEADER_MULTIxMULTI_PREMIUM\",\"collapse_empty_divs\":false,\"premium_ads\":\"1\",\"bids\":\"\",\"nexxx360_id\":\"\",\"size\":[[970,90],[728,90]],\"category-desk-after-header-ad28\":\"slot\":\"category-desk-after-header\",\"library\":\"googleAdManager.GooglePublisherTag\",\"props\":\"id\":\"category-desk-after-header-ad\",\"unit\":\"64500793\/EN_DESK_HEADER_MULTIxMULTI_PREMIUM\",\"collapse_empty_divs\":false,\"premium_ads\":\"1\",\"bids\":\"\",\"nexxx360_id\":\"\",\"size\":[[970,90],[728,90]],\"article-desk-after-header-ad29\":\"slot\":\"article-desk-after-header\",\"library\":\"googleAdManager.GooglePublisherTag\",\"props\":\"id\":\"article-desk-after-header-ad\",\"unit\":\"64500793\/EN_DESK_HEADER_MULTIxMULTI_PREMIUM\",\"collapse_empty_divs\":false,\"premium_ads\":\"1\",\"bids\":\"\",\"nexxx360_id\":\"\",\"size\":[[970,90],[728,90]],\"hp-desk-right-column-after-prayers-ad30\":\"slot\":\"hp-desk-right-column-after-prayers\",\"library\":\"googleAdManager.GooglePublisherTag\",\"props\":\"id\":\"hp-desk-right-column-after-prayers-ad\",\"unit\":\"64500793\/EN_DESK_TOWER_300xMULTI_PREMIUM\",\"collapse_empty_divs\":false,\"premium_ads\":\"1\",\"bids\":\"\",\"nexxx360_id\":\"\",\"size\":[[300,600],[300,250]],\"category-desk-right-column-after-prayers-ad31\":\"slot\":\"category-desk-right-column-after-prayers\",\"library\":\"googleAdManager.GooglePublisherTag\",\"props\":\"id\":\"category-desk-right-column-after-prayers-ad\",\"unit\":\"64500793\/EN_DESK_TOWER_300xMULTI_PREMIUM\",\"collapse_empty_divs\":false,\"premium_ads\":\"1\",\"bids\":\"\",\"nexxx360_id\":\"\",\"size\":[[300,600],[300,250]],\"article-desk-right-column-after-prayers-ad32\":\"slot\":\"article-desk-right-column-after-prayers\",\"library\":\"googleAdManager.GooglePublisherTag\",\"props\":\"id\":\"article-desk-right-column-after-prayers-ad\",\"unit\":\"64500793\/EN_DESK_TOWER_300xMULTI_PREMIUM\",\"collapse_empty_divs\":false,\"premium_ads\":\"1\",\"bids\":\"\",\"nexxx360_id\":\"\",\"size\":[[300,600],[300,250]],\"hp-mob-after-daily-items-ad33\":\"slot\":\"hp-mob-after-daily-items\",\"library\":\"googleAdManager.GooglePublisherTag\",\"props\":\"id\":\"hp-mob-after-daily-items-ad\",\"unit\":\"64500793\/EN_MOB_MULTIxMULTI_PREMIUM\",\"collapse_empty_divs\":false,\"premium_ads\":\"1\",\"bids\":\"\",\"nexxx360_id\":\"\",\"size\":[[300,250]],\"article-mob-content-p1-ad34\":\"slot\":\"article-mob-content-p1\",\"library\":\"googleAdManager.GooglePublisherTag\",\"props\":\"id\":\"article-mob-content-p1-ad\",\"unit\":\"64500793\/EN_MOB_MULTIxMULTI_PREMIUM\",\"collapse_empty_divs\":false,\"premium_ads\":\"1\",\"bids\":\"\",\"nexxx360_id\":\"\",\"size\":[[300,250]],\"yoast\":\"renderTags\":\"both\",\"transformLinks\":false,\"frontity\":\"name\":\"aleteia-english\",\"match\":[\"aleteia.org\",\"dev.aleteia.org\",\"aleteia.local\"],\"mode\":\"default\",\"debug\":false,\"platform\":\"server\",\"rendering\":\"ssr\",\"hmr\":false,\"initialLink\":\"\/2024\/06\/04\/3-challenges-to-know-before-deciding-to-homeschool-your-kids\/\",\"options\":\"publicPath\":\"\/static\/\",\"packages\":[\"aleteia-sirdata\",\"eloqua\",\"@frontity\/wp-source\",\"one-signal-frontity\",\"google-ad-manager\",\"@frontity\/yoast\",\"aleteia-theme\",\"aleteia-auth\",\"aleteia-promotional-box\",\"@frontity\/analytics\",\"google-tag-manager\",\"aleteia-custom-popups\",\"aleteia-top-ribbon\",\"@frontity\/tiny-router\",\"@frontity\/html2react\",\"ontheio-analytics\",\"aleteia-rollbar\",\"aleteia-redirects\",\"new-relic\",\"aleteia-ads-options\"],\"url\":\" - English\",\"theme\":\"hidePrintButton\":false,\"preventSelection\":false,\"autoPrefetch\":\"hover\",\"isMobileMenuOpen\":false,\"ads\":\"skin\":\"rendered\":false,\"positions\":[1,2,4,6,7,10,1,2,3,4],\"gallery\":\"isOpen\":false,\"currentIndex\":0,\"isZoom\":false,\"isAutoPlay\":false,\"isSwipeEnabled\":true,\"slidesVisited\":0,\"share\":\"isHidden\":true,\"language_switcher\":[\"code\":\"en\",\"label\":\"English\",\"link\":\"https:\/\/aleteia.org\/\",\"code\":\"it\",\"label\":\"Italiano\",\"link\":\"https:\/\/it.aleteia.org\/\",\"code\":\"fr\",\"label\":\"Fran\u00e7aise\",\"link\":\"https:\/\/fr.aleteia.org\/\",\"code\":\"es\",\"label\":\"Espa\u00f1ol\",\"link\":\"https:\/\/es.aleteia.org\/\",\"code\":\"pt\",\"label\":\"Portuguese\",\"link\":\"https:\/\/pt.aleteia.org\/\",\"code\":\"pl\",\"label\":\"Polska\",\"link\":\"https:\/\/pl.aleteia.org\/\",\"code\":\"si\",\"label\":\"Sloven\u0161\u010dina\",\"link\":\"https:\/\/si.aleteia.org\/\"],\"newsletter_lists_ids\":\"nl_daily_list\":\"366c6b27-4e11-4063-9cd6-f47184e0145f\",\"nl_weekly_list\":\"78e785e7-78f9-4f85-9d2f-4990e4b688f3\",\"nl_imedia_list\":\"366c6b27-4e11-4063-9cd6-f47184e0145f\",\"newsletter_subscribe_endpoint\":\"https:\/\/reports.aleteia.org\/\",\"newsletterPopup\":\"isOpen\":false,\"env\":\"production\",\"preventIndexing\":false,\"donationIframeUrl\":\"https:\/\/subscriptions.aleteia.org\/en\",\"jetpack_stats\":\"v\":\"ext\",\"blog\":174078663,\"post\":\"0\",\"tz\":-4,\"srv\":\"wp.en.aleteia.org\",\"auth\":\"isLoggedIn\":false,\"returnUrl\":\"https:\/\/aleteia.org\/\",\"loginForm\":\"rememberSession\":true,\"email\":\"\",\"password\":\"\",\"isSubmitting\":false,\"isError\":false,\"resetPasswordForm\":\"email\":\"\",\"isSubmitting\":false,\"isEmailSent\":false,\"isError\":false,\"errorMessage\":\"\",\"registerForm\":\"title\":\"\",\"name\":\"\",\"surname\":\"\",\"email\":\"\",\"emailRepeat\":\"\",\"nickname\":\"\",\"password\":\"\",\"passwordRepeat\":\"\",\"address\":\"\",\"city\":\"\",\"country\":\"\",\"stateCode\":\"\",\"zip\":\"\",\"phone\":\"\",\"tc\":false,\"newsletterDaily\":true,\"newsletterWeekly\":false,\"newsletterImedia\":true,\"partners\":false,\"isSubmitting\":false,\"isNameEmpty\":false,\"isSurnameEmpty\":false,\"isEmailEmpty\":false,\"isEmailRepeatEmpty\":false,\"isEmailMismatch\":false,\"isEmailAlreadyInUse\":false,\"isEmailInvalid\":false,\"isPasswordEmpty\":false,\"isPasswordRepeatEmpty\":false,\"isPasswordMismatch\":false,\"isPasswordWeak\":false,\"isPostalCodeEmpty\":false,\"isCountryEmpty\":false,\"newsletter_user_subscriptions\":[],\"paymentForm\":\"plans\":[],\"selectedPlan\":\"\",\"paymentType\":\"card\",\"isSubmitting\":false,\"plansEndpoint\":\"https:\/\/stripe-users-api.herokuapp.com\/plans?publishable_key=\",\"tryPlanEndpoint\":\"https:\/\/stripe-users-api.herokuapp.com\/plans\/try\",\"publishableKey\":\"pk_test_51IT35jLrboGMNuFqQSgdF3N8sj0SIVmac5QIWVEifu1f9jijIWBxIS0k3SwsZHVbebkef5zTlTY1zqzQ4mrxccyI00Icv0ETqO\",\"comments\":\"isReplyOpen\":false,\"replyId\":0,\"repliesOpened\":[],\"commentsList\":[],\"totalComments\":0,\"totalPages\":0,\"updateProfileForm\":\"title\":\"\",\"name\":\"\",\"surname\":\"\",\"nickname\":\"\",\"address\":\"\",\"zip\":\"\",\"city\":\"\",\"country\":\"\",\"phone\":\"\",\"isSubmitting\":false,\"isNameEmpty\":false,\"isSurnameEmpty\":false,\"isZipEmpty\":false,\"isCountryEmpty\":false,\"updateEmailForm\":\"email\":\"\",\"password\":\"\",\"newEmail\":\"\",\"newEmailConfirmation\":\"\",\"isSubmitting\":false,\"isEmailEmpty\":false,\"isEmailMismatch\":false,\"isPasswordEmpty\":false,\"isPasswordMismatch\":false,\"isNewEmailEmpty\":false,\"isNewEmailConfirmationEmpty\":false,\"isNewEmailMismatch\":false,\"updatePasswordForm\":\"email\":\"\",\"password\":\"\",\"newPassword\":\"\",\"newPasswordConfirmation\":\"\",\"isSubmitting\":false,\"isEmailEmpty\":false,\"isEmailMismatch\":false,\"isPasswordEmpty\":false,\"isPasswordMismatch\":false,\"isNewPasswordEmpty\":false,\"isNewPasswordConfirmationEmpty\":false,\"isNewPasswordMismatch\":false,\"showPrayersPopup\":false,\"premiumContent\":\"account\":\"cta_my_newsletters_label\":\"Abonnez-vous \u00e0 la newsletter d\u2019Aleteia\",\"cta_my_newsletters_link\":\" your membership\",\"cta_my_subscriptions_link\":\"#\",\"cta_personal_infos_label\":\"Manage your data\",\"cta_personal_infos_link\":\"#\",\"my_account\":\"u003cpu003eu003cspan style=\"font-size: 23px\"u003eu003cemu003eu003cstrongu003eMy accountu003c\/strongu003eu003c\/emu003eu003c\/spanu003eu003c\/pu003en\",\"my_account_desktop\":\"\",\"my_newsletters\":\"u003cpu003eu003cspan style=\"font-size: 14px;font-family: 'Roboto Condensed'\"u003eu003cstrongu003eVotre newsletteru003c\/strongu003eu003c\/spanu003eu003c\/pu003en\",\"my_newsletters_desktop\":\"\",\"my_subscriptions\":\"u003cpu003eu003cspan style=\"font-size: 14px;font-family: 'Roboto Condensed'\"u003eu003cstrongu003eVotre abonnementu003cbr \/u003enu003c\/strongu003eu003c\/spanu003eu003cspan style=\"font-size: 13px;color: #575757\"u003eVous avez un abonnement premium.u003c\/spanu003eu003c\/pu003en\",\"my_subscriptions_desktop\":\"\",\"personal_infos\":\"u003cpu003eu003cspan style=\"font-family: 'Roboto Condensed'\"u003eu003cstrongu003eu003cspan style=\"font-size: 14px\"u003eVos informations u003c\/spanu003eu003c\/strongu003eu003c\/spanu003eu003cbr \/u003enu003cspan style=\"font-size: 13px;color: #575757\"u003eRetrouvez et administrez l'ensemble des informations personnelles et adresses associ\u00e9es \u00e0 votre compte Aleteia.u003c\/spanu003eu003c\/pu003en\",\"personal_infos_desktop\":\"\",\"app_tips_cta\":\"\/registration\/subscribe\",\"app_tips_cta_text\":\"Discover our Premium offer\",\"app_tips_text\":\"u003cpu003eNOTE: Please comment with a spirit of respect and charity. Aleteia reserves the right to not publish, or remove after publication, any comment, as we deem fit.u003c\/pu003en\",\"cheque\":\"address\":\"u003cpu003eu003cstrongu003eAleteiau003c\/strongu003eu003cbr \/u003en57, rue Gaston Tessieru003cbr \/u003en75019 Parisu003c\/pu003en\",\"address_desktop\":\"\",\"bottom_message\":\"u003cpu003eu003cspan style=\"font-size: 13px\"u003eIl est important de pr\u00e9ciser lors de cet envoi les nom, pr\u00e9nom et adresse e-mail utilis\u00e9s lors de l'inscription.u003c\/spanu003eu003c\/pu003enu003cpu003eu003cspan style=\"font-size: 13px\"u003eD\u00e8s que vous aurez valid\u00e9 cette \u00e9tape, votre abonnement sera activ\u00e9.u003c\/spanu003eu003cbr \/u003enu003cspan style=\"font-size: 13px\"u003eEnsuite, vous disposez d'une p\u00e9riode de un mois pour nous adresser votre r\u00e8glement. Pass\u00e9 ce d\u00e9lai, votre abonnement sera automatiquement annul\u00e9.u003c\/spanu003eu003c\/pu003en\",\"bottom_message_desktop\":\"\",\"bottom_note\":\"u003cpu003eu003cstrongu003eu003cspan style=\"font-family: 'Roboto Condensed';font-size: 13px;color: #000000\"u003eOur email address, in case you have any concerns or questions: u003ca href=\"mailto:premium@aleteia.org\"u003epremium@aleteia.orgu003c\/au003eu003c\/spanu003eu003c\/strongu003eu003c\/pu003en\",\"bottom_note_desktop\":\"\",\"cta_label\":\"Je valide mon abonnement pour 10\u20ac par an\",\"cta_link\":\"\",\"thankyou\":\"u003cpu003eu003cspan style=\"font-size: 12px;font-family: 'Roboto Condensed';color: #575757\"u003ePaiement par ch\u00e8que : uniquement pour la France m\u00e9tropolitaineu003c\/spanu003eu003c\/pu003enu003cpu003eu003cspan style=\"font-size: 14px\"u003eu003cemu003eMerci de bien vouloir adresser votre ch\u00e8que \u00e0u003cbr \/u003enl'ordre de Aleteia \u00e0 l'adresse suivante :u003c\/emu003eu003c\/spanu003eu003c\/pu003en\",\"thankyou_dektop\":\"\",\"top_note\":\"\",\"top_note_desktop\":\"\",\"comment_disclaimer\":\"u003cpu003eNOTE: Please comment with a spirit of respect and charity. Aleteia reserves the right to not publish, or remove after publication, any comment, as we deem fit.u003c\/pu003en\",\"cta_menu\":\"cta_label\":\"S\u2019abonner\",\"cta_link\":\"\/register\/\",\"cta_menu_donations\":\"cta_label\":\"donate\",\"cta_link\":\"https:\/\/aleteia.org\/support-aleteia\/\",\"excerpt_blocks\":\"2\",\"fb_api_key\":\"AIzaSyCgYXJXTsk7sgOtBUZBvslUMsFIJ5j2WPs\",\"fb_auth_domain\":\"aleteia-subscriptions-prod.firebaseapp.com\",\"fb_project_id\":\"aleteia-subscriptions-prod\",\"features\":[\"text\":\"u003cp style=\"margin: 0\"u003eUnlimited access to all new Premium content from Aleteiau003c\/pu003en\",\"text\":\"u003cp style=\"margin: 0\"u003eLimited advertisingu003c\/pu003en\",\"text\":\"u003cp style=\"margin: 0\"u003eExclusive access to publish commentsu003c\/pu003en\"],\"features_all_saints\":[\"text\":\"u003cp style=\"margin: 0\"u003eUnlimited access to all new Premium content from Aleteiau003c\/pu003en\",\"text\":\"u003cp style=\"margin: 0\"u003eLimited advertisingu003c\/pu003en\",\"text\":\"u003cp style=\"margin: 0\"u003eExclusive access to publish commentsu003c\/pu003en\"],\"features_banner\":[\"text\":\"u003cp style=\"margin: 0\"u003eUnlimited access to all new Premium content from Aleteiau003c\/pu003en\",\"text\":\"u003cp style=\"margin: 0\"u003eLimited advertisingu003c\/pu003en\",\"text\":\"u003cp style=\"margin: 0\"u003eExclusive access to publish commentsu003c\/pu003en\"],\"fronted_enabled\":\"1\",\"nl_daily_list\":\"366c6b27-4e11-4063-9cd6-f47184e0145f\",\"nl_endpoint\":\"https:\/\/reports.aleteia.org\/subscriptions\",\"nl_imedia_list\":\"366c6b27-4e11-4063-9cd6-f47184e0145f\",\"nl_lists\":[\"id\":\"daily\",\"label\":\"Aleteia 24h Daily newsletter\",\"registration_label\":\"Aleteia 24h Daily newsletter\",\"title\":\"Daily en\",\"id\":\"weekly\",\"label\":\"Top 10 Most Read Stories of the Week\",\"registration_label\":\"Top 10 Most Read Stories of the Week\",\"title\":\"Weekly en\"],\"nl_weekly_list\":\"78e785e7-78f9-4f85-9d2f-4990e4b688f3\",\"offer_page\":\"advantages\":\"u003cpu003eu003cspan style=\"font-size: 16px\"u003eEt b\u00e9n\u00e9ficiez de tous ses avantages :u003c\/spanu003eu003c\/pu003en\",\"advantages_desktop\":\"u003cpu003eu003cspan style=\"font-size: 20px\"u003eEt b\u00e9n\u00e9ficiez de tous ses avantages :u003c\/spanu003eu003c\/pu003en\",\"become_member\":\"\",\"become_member_desktop\":\"\",\"prayer_intentions_cta\":\"\",\"prayer_intentions_cta_desktop\":\"\",\"prayer_intentions_image\":\"\",\"prayer_intentions_popup_text\":\"u003cpu003ePray for loved ones who are suffering,u003cbr \/u003enfor a young couple engaged to be married,u003cbr \/u003enfor a child who has lost his\/her faith.u003cbr \/u003enfor a coworker who has cancer,u003cbr \/u003enor for any of life's most important moments.u003c\/pu003enu003cdivu003enu003cpu003eAleteia has partnered with 550 monasteriesu003cbr \/u003ento support your particularu003cbr \/u003enprayer intentions.u003c\/pu003enu003cdivu003eYou can share your prayer intentionsu003cbr \/u003enfrom your account profileu003cbr \/u003enas soon as you become an Aleteia Premium member;u003cbr \/u003enyour prayers will be remembered by monks and nuns during their liturgies.u003c\/divu003enu003c\/divu003en\",\"prayer_intentions_popup_text_desktop\":\"u003cpu003ePray for loved ones who are suffering,u003cbr \/u003enfor a young couple engaged to be married,u003cbr \/u003enfor a child who has lost his\/her faith.u003cbr \/u003enfor a coworker who has cancer,u003cbr \/u003enor for any of life's most important moments.u003c\/pu003enu003cdivu003enu003cpu003eAleteia has partnered with 550 monasteriesu003cbr \/u003ento support your particularu003cbr \/u003enprayer intentions.u003c\/pu003enu003cdivu003eYou can share your prayer intentionsu003cbr \/u003enfrom your account profileu003cbr \/u003enas soon as you become an Aleteia Premium member;u003cbr \/u003enyour prayers will be remembered by monks and nuns during their liturgies.u003c\/divu003enu003c\/divu003en\",\"prayer_intentions_text\":\"\",\"prayer_intentions_text_desktop\":\"\",\"pre_advantages\":\"u003cp style=\"margin: 0\"u003eu003cspan style=\"font-size: 18px;color: #00214d\"u003eAbonnez-vous gratuitement \u00e0u003cbr \/u003enu003c\/spanu003eu003c\/pu003en\",\"pre_advantages2\":\"u003cp style=\"margin: 0\"u003eu003cspan style=\"font-size: 18px;color: #00214d\"u003eAleteia Premiumu003c\/spanu003eu003c\/pu003en\",\"pre_advantages2_desktop\":\"\",\"pre_advantages_desktop\":\"u003cpu003eu003cspan style=\"font-size: 20px;color: #00214d\"u003eAbonnez-vous gratuitement \u00e0 Aleteia Premiumu003c\/spanu003eu003c\/pu003en\",\"premium_offer\":\"u003cpu003eu003cspan style=\"font-size: 18px;color: #000000\"u003eDiscover all of these benefits:u003c\/spanu003eu003c\/pu003enu003cpu003eu003cspan style=\"font-size: 13px;font-family: 'Roboto Condensed';color: #000000\"u003eu003cstrongu003eAucun engagementu003c\/strongu003e : vous pouvez r\u00e9silier \u00e0 tout momentu003cbr \/u003enu003c\/spanu003eu003c\/pu003en\",\"premium_offer_app\":\"u003cpu003eDevenez membre de la communaut\u00e9 Aleteia !u003c\/pu003enu003cpu003eAbonnez-vous gratuitement \u00e0u003c\/pu003enu003cpu003e u003c\/pu003en\",\"premium_offer_desktop\":\"u003cpu003eu003cspan style=\"font-size: 20px;color: #000000\"u003eDiscover all of these benefits:u003c\/spanu003eu003c\/pu003enu003cpu003eu003cspan style=\"font-size: 16px;font-family: 'Roboto Condensed';color: #000000\"u003eu003cstrongu003eAucun engagementu003c\/strongu003e : vous pouvez r\u00e9silier \u00e0 tout momentu003c\/spanu003eu003c\/pu003en\",\"subscribe_for_free\":\"u003cpu003eu003cspan style=\"font-family: georgia, palatino;font-size: 17px;color: #000000;text-align: center\"u003eFree! - Without any commitmentu003cbr \/u003enYou can cancel anytimeu003c\/spanu003eu003c\/pu003en\",\"subscribe_for_free_desktop\":\"u003cpu003eu003cspan style=\"color: #000000;font-family: georgia, palatino;text-align: center\"u003eu003cspan style=\"font-size: 23px\"u003eFree! - Without any commitmentu003cbr \/u003enu003c\/spanu003eu003cspan style=\"font-size: 23px\"u003eYou can cancel anytimeu003c\/spanu003eu003cstrongu003eu003cspan style=\"font-size: 23px\"u003eu003cbr \/u003enu003c\/spanu003eu003c\/strongu003eu003c\/spanu003eu003c\/pu003en\",\"support_aleteia\":\"u003cpu003eu003cspan style=\"font-size: 16px;color: #00214d\"u003eu003cemu003eu003cstrongu003eSupport Aleteia mission u003c\/strongu003eu003c\/emu003eu003c\/spanu003eu003cbr \/u003enu003cspan style=\"font-size: 16px;color: #00214d\"u003eu003cemu003eu003cstrongu003eand its editorial staff of 75 journalists!u003c\/strongu003eu003c\/emu003eu003c\/spanu003eu003c\/pu003en\",\"support_aleteia_desktop\":\"u003cpu003eu003cspan style=\"font-size: 22px;color: #00214d\"u003eu003cemu003eu003cstrongu003eSupport Aleteia missionu003c\/strongu003eu003c\/emu003eu003c\/spanu003eu003cbr \/u003enu003cspan style=\"font-size: 22px;color: #00214d\"u003eu003cemu003eu003cstrongu003eand its editorial staff of 75 journalists!u003c\/strongu003eu003c\/emu003eu003c\/spanu003eu003c\/pu003en\",\"terms_conditions\":\"u003cpu003eu003cspan style=\"font-size: 14px\"u003eu003cstrongu003eu003cspan style=\"font-family: 'Roboto Condensed';color: #000000\"u003eOur email address, in case you have any concerns or questions: u003ca style=\"color: #005cc8\" href=\"mailto:premium@aleteia.org\"u003epremium@aleteia.orgu003c\/au003eu003c\/spanu003eu003c\/strongu003eu003c\/spanu003eu003c\/pu003en\",\"terms_conditions_desktop\":\"\",\"payment_app\":\"bottom_note\":\"u003cpu003eu003cspan style=\"font-family: 'Roboto Condensed';font-size: 12px;color: #575757\"u003eMissing text hereu003c\/spanu003eu003c\/pu003en\",\"bottom_note_desktop\":\"\",\"cta_label\":\"Pay now\",\"cta_label_2\":\"\",\"cta_link\":\"\",\"cta_link_2\":\"\",\"fiscal_deduction\":\"\",\"fiscal_deduction_desktop\":\"\",\"message\":\"u003cpu003eu003cemu003eu003cstrongu003eu003cspan style=\"font-size: 23px\"u003eSi le paiement n\u2019aboutit pas, vous pouvez faire une nouvelle tentative en cliquant ci-dessous :u003c\/spanu003eu003c\/strongu003eu003c\/emu003eu003c\/pu003en\",\"message_desktop\":\"\",\"top_note\":\"u003cpu003eu003cspan style=\"font-weight: 400\"u003eVotre r\u00e9glement est en cours de traitementu003c\/spanu003eu003c\/pu003en\",\"top_note_desktop\":\"\",\"payment_confirmed\":\"bottom_note\":\"u003cpu003eu003cspan style=\"font-family: georgia, palatino;font-size: 14px;color: #000000\"u003e*For tax-free donations, a receipt will be sent to you and you can make the apporiate deductions from your taxes.u003c\/spanu003eu003c\/pu003enu003cpu003eu003cstrongu003eu003cspan style=\"font-family: 'Roboto Condensed';font-size: 13px;color: #000000\"u003eOur email address, in case you have any concerns or questions: u003ca href=\"mailto:premium@aleteia.org\"u003epremium@aleteia.orgu003c\/au003eu003c\/spanu003eu003c\/strongu003eu003c\/pu003en\",\"bottom_note_desktop\":\"\",\"cta_label\":\"I'd like to make a tax-free* donation.\",\"cta_label_2\":\"\",\"cta_link\":\" you would like to take advantage of your process to makeu003cbr \/u003ena tax-free donation to Aleteia, please click here:u003c\/pu003en\",\"fiscal_deduction_desktop\":\"\",\"message\":\"u003cpu003eu003cspan style=\"font-size: 23px\"u003eu003cstrongu003eThank you u003c\/strongu003eu003c\/spanu003eu003cbr \/u003enu003cspan style=\"font-size: 23px\"u003efor your support of Aleteia!u003c\/spanu003eu003c\/pu003enu003cp style=\"line-height: 19px\"u003eu003cemu003eu003cspan style=\"font-size: 14px\"u003eYou can start enjoying your Premium membership right away!u003c\/spanu003eu003c\/emu003eu003c\/pu003enu003cp style=\"line-height: 21px\"u003eu003cspan style=\"font-size: 14px;font-family: 'Roboto Condensed';color: #000000\"u003eInvite your friends and family members to become Aleteia Premium members!u003c\/spanu003eu003cbr \/u003enu003cspan style=\"font-size: 14px;font-family: 'Roboto Condensed';color: #000000\"u003eWith your help the little mustard seed of our online community will be able to grow and bear fruit. u003c\/spanu003eu003c\/pu003en\",\"message_desktop\":\"\",\"top_note\":\"u003cpu003eYour registration has been confirmedu003c\/pu003enu003cpu003eYou are an Aleteia Premium member!u003c\/pu003en\",\"top_note_desktop\":\"u003cpu003eThank youu003c\/pu003en\",\"payment_rejected\":\"bottom_note\":\"u003cpu003eu003cspan style=\"font-weight: 400;font-family: 'Roboto Condensed';font-size: 12px\"u003eSi le probl\u00e8me persiste, n\u2019h\u00e9sitez pas \u00e0 nous contacter \u00e0 l\u2019adresse suivante : premium@aleteia.orgu003c\/spanu003eu003c\/pu003en\",\"bottom_note_desktop\":\"u003cpu003eu003cspan style=\"font-weight: 400;font-family: 'Roboto Condensed';font-size: 12px\"u003eSi le probl\u00e8me persiste, n\u2019h\u00e9sitez pas \u00e0 nous contacter \u00e0 l\u2019adresse suivante : premium@aleteia.orgu003c\/spanu003eu003c\/pu003en\",\"cta_label\":\"Nouvelle tentative de paiement\",\"cta_label_2\":\"\",\"cta_link\":\"\/payment\/\",\"cta_link_2\":\"\",\"fiscal_deduction\":\"\",\"fiscal_deduction_desktop\":\"\",\"message\":\"u003cpu003eu003cspan style=\"font-size: 23px\"u003eu003cstrongu003eVotre paiement n\u2019a pas pu \u00eatre valid\u00e9.u003c\/strongu003eu003c\/spanu003eu003c\/pu003enu003ch1u003eu003cemu003eu003cspan style=\"font-weight: 400;font-size: 14px\"u003eSi vous le souhaitez, vous pouvez faire une nouvelle tentative en cliquant ci-dessous :u003c\/spanu003eu003c\/emu003eu003c\/h1u003en\",\"message_desktop\":\"u003cpu003eu003cspan style=\"font-size: 27px\"u003eu003cstrongu003eVotre paiement n\u2019a pas pu \u00eatre valid\u00e9.u003c\/strongu003eu003c\/spanu003eu003c\/pu003enu003ch1u003eu003cspan style=\"font-size: 16px\"u003eu003cemu003eu003cspan style=\"font-weight: 400\"u003eSi vous le souhaitez, vous pouvez faire une nouvelle tentativeu003cbr \/u003enen cliquant ci-dessous :u003c\/spanu003eu003c\/emu003eu003c\/spanu003eu003c\/h1u003en\",\"top_note\":\"u003cpu003eu003cemu003eu003cstrongu003eu003cspan style=\"color: #00214d\"u003eUne erreur s\u2019est produite.u003c\/spanu003eu003c\/strongu003eu003c\/emu003eu003c\/pu003en\",\"top_note_desktop\":\"u003cpu003eu003cspan style=\"font-size: 20px\"u003eu003cemu003eu003cstrongu003eu003cspan style=\"color: #00214d\"u003eUne erreur s\u2019est produite.u003c\/spanu003eu003c\/strongu003eu003c\/emu003eu003c\/spanu003eu003c\/pu003en\",\"plans\":[\"active\":\"1\",\"plan_duration\":\"monthly\",\"product\":\"FR_M_1_P\",\"product_label\":\"0,99 \u20ac par mois\",\"store\":\"apple\",\"active\":\"1\",\"plan_duration\":\"monthly\",\"product\":\"fr_m_1\",\"product_label\":\"0,99 \u20ac par mois\",\"store\":\"google\",\"active\":\"1\",\"plan_duration\":\"yearly\",\"product\":\"FR_A_10_P\",\"product_label\":\"9,99 \u20ac par an\",\"product_label_app\":\"9,99 \u20ac par an\",\"store\":\"apple\",\"active\":\"1\",\"plan_duration\":\"yearly\",\"product\":\"fr_a_10\",\"product_label\":\"9,99 \u20ac par an\",\"product_label_app\":\"9,99 \u20ac par an\",\"store\":\"google\",\"active\":\"1\",\"plan_duration\":\"monthly\",\"product\":\"FR_M_1_W\",\"product_label\":\"Yes! I'll join Aleteia Premium!\",\"product_label_app\":\"Yes! I'll join Aleteia Premium!\",\"store\":\"web\",\"stripe_id\":\"price_1IgWU6LrboGMNuFqdw2YVfl7\",\"active\":\"1\",\"plan_duration\":\"yearly\",\"product\":\"FR_A_10_W\",\"product_label\":\"10 \u20ac par an par ch\u00e8que ou carte bancaire*\",\"product_label_app\":\"10 \u20ac par an par ch\u00e8que ou carte bancaire*\",\"store\":\"web\",\"stripe_id\":\"price_1IpVQuLrboGMNuFqtA6LtJaO\"],\"single_post\":\"article_reserved\":\"u003cpu003eu003cstrongu003eu003cspan style=\"color: #00214d;font-size: 18px\"u003eThe following is reserved for Aleteia Premium membersu003c\/spanu003eu003c\/strongu003eu003c\/pu003en\",\"article_reserved_desktop\":\"u003cpu003eu003cstrongu003eu003cspan style=\"color: #00214d;font-size: 20px\"u003eThe following is reserved for Aleteia Premium membersu003c\/spanu003eu003c\/strongu003eu003c\/pu003en\",\"cta_label\":\"Yes, register me for Aleteia Premium for free!\",\"cta_link\":\"\/register\",\"subscriptions\":\"cta_after\":\"u003cpu003eThe information collected on this form is recorded by Aleteia to register you as a Premium member.u003c\/pu003enu003cpu003eYou can exercise your right to access and modify your personal data by contacting u003ca href=\"mailto:premium@aleteia.org\" style=\"color: #005cc8\"u003epremium@aleteia.orgu003c\/au003e.u003c\/pu003enu003cpu003eFor more information, please access the u003ca style=\"color: #005cc8\" href=\" for the protection of personal datau003c\/au003e.u003c\/pu003en\",\"cta_after_app\":\"u003cpu003eThe information collected on this form is recorded by Aleteia to register you as a Premium member.u003c\/pu003enu003cpu003eYou can exercise your right to access and modify your personal data by contacting u003ca style=\"color: #005cc8\" href=\"mailto:premium@aleteia.org\"u003epremium@aleteia.orgu003c\/au003e.u003c\/pu003enu003cpu003eFor more information, please access the u003ca href=\" for the protection of personal datau003c\/au003e.u003c\/pu003en\",\"cta_before\":\"u003cpu003eApr\u00e8s avoir accept\u00e9 les u003ca href=\" G\u00e9n\u00e9rales de Venteu003c\/uu003eu003c\/au003e et avoir pay\u00e9 le prix de ma commande, j'accepte express\u00e9ment d'acc\u00e9der \u00e0 la lecture du contenu que j'ai command\u00e9 et je renonce express\u00e9ment \u00e0 mon droit de r\u00e9tractation de 14 jours.u003c\/pu003en\",\"cta_before_app\":\"u003cpu003eVous pouvez acc\u00e9der aux conditions g\u00e9n\u00e9rales de vente en cliquant u003ca href=\"https:\/\/fr-staging.aleteia.org\/wp-content\/uploads\/sites\/6\/2021\/06\/conditions-generales-abonnement-aleteia.pdf\"u003eu003cuu003eICIu003c\/uu003eu003c\/au003eu003c\/pu003en\",\"title_list\":[\"title_name\":\"Father\",\"title_name\":\"Sister\",\"title_name\":\"Brother\",\"title_name\":\"Bishop\",\"title_name\":\"Monsignor\",\"title_name\":\"Deacon\",\"title_name\":\"Dr.\",\"title_name\":\"Prof.\",\"title_name\":\"Hon.\"],\"translations\":\"account_button\":\"My account\",\"addcomment_commentbutton\":\"Add a comment\",\"addcomment_subscriber\":\"Add a comment\",\"addcomment_writecomment\":\"Write a comment\",\"aleteia_premium_next_logo\":\"Aleteia Premium\",\"all_saints_disclaimer_1\":\"Aleteia Premium is u003cbu003e100% freeu003c\/bu003e.\",\"all_saints_submit\":\"Yes! I want to join Aleteia Premium!\",\"all_saints_title_1\":\"Join our Aleteia Premium Community [logo_premium]\",\"all_saints_title_2\":\"to share your prayer intentions\",\"already_subscribed\":\"Already a member?\",\"answer\":\"Reply\",\"article_reserved_subscribers\":null,\"back\":\"back\",\"become_premium_app\":\"Yes! I'll join Aleteia Premium!\",\"close\":\"close\",\"comment\":\"Comment\",\"comment_0\":\"Comments\",\"comments\":\"Comments\",\"comments_disclaimer_text_1\":\"NOTE: Please comment with a spirit of respect and charity. Aleteia reserves the right to not publish, or remove after publication, any comment, as we deem fit.\",\"comments_load_more_button\":\"See more\",\"comments_not_logged_already_member\":\"You are already a member?\",\"comments_not_logged_disclaimer_1\":\"Comment sections are exclusively for Aleteia Premium members\",\"comments_submit_button\":\"Publish the comment\",\"comments_textarea_placeholder\":\"Write a comment\",\"comments_view_more\":null,\"confirmation_top_note_row_1\":\"Your registration has been validated\",\"confirmation_top_note_row_2\":\"Welcome to Aleteia Premium!\",\"delete_my_account\":\"Delete my account\",\"donate_button\":\"Donate\",\"error_email_already_exists\":\"This email already exists\",\"error_email_invalid\":\"Invalid email\",\"error_emails_dont_match\":\"Email doesn't match\",\"error_empty_field\":null,\"error_password_too_short\":\"The password must be at least 8 characters\",\"error_passwords_dont_match\":\"The password doesn't match\",\"error_wrong_email\":\"The email does not match\",\"error_wrong_email_password\":\"wrong password\",\"error_wrong_password\":\"The password does not match\",\"field_optional\":\"Optional\",\"field_required\":\"Required\",\"following_advantges\":\"Discover all of these benefits:\",\"link_change_subscription\":\" in\",\"login_button_alt\":\"Log in\",\"login_form_email\":\"Email address\",\"login_form_password\":\"Password\",\"logout_button\":\"Log out\",\"modify_account_top_sentence\":null,\"modify_account_top_sentence_2_row\":null,\"multianswer\":\"%s Replies\",\"newsletter_checkbox_label\":null,\"next\":\"next\",\"or\":\"or\",\"partner_checkbox_label\":\"Yes, I would like to receive offers from Aleteia's partners\",\"prayer_intention_label\":\"Share my prayer intentions\",\"prayer_intention_label_row_2\":\"with Aleteia's partner monasteries.\",\"prayer_intention_link\":\" offers you\",\"premium_member\":\"Premium Member\",\"premium_subtitle\":\"This article is reserved for Aleteia Premium members\",\"premium_wall_text_1\":\"Already an Aleteia Premium member [logo_premium] ?\",\"premium_wall_text_10\":\"It's *FREE* and there's no commitment\",\"premium_wall_text_2\":\"to share your Prayer intentions\",\"premium_wall_text_3\":\"Not an Aleteia Premium member [logo_premium] ?\",\"premium_wall_text_4\":\"Become an Aleteia Premium member today!\",\"premium_wall_text_5\":\"You can cancel anytime\",\"premium_wall_text_6\":\"By becoming an Aleteia Premium member [logo_premium]\",\"premium_wall_text_7\":\"you join a community that promotes Christian values\",\"premium_wall_text_8\":\"Discover all of these benefits:\",\"premium_wall_text_9\":\"Log in\",\"profile_above_flags_optional\":\"You can change your choices now. Additional changes can be made at any time from your account management page.\",\"profile_add_list_desc\":\"You can choose which Aleteia newsletters you receive from the following list:\",\"profile_delete_list\":\"Remove\",\"profile_flag_not_subscribe_newsletter\":\"I do not wish to receive the daily newsletter\",\"profile_flag_not_subscribe_newsletter_imedia\":\"I do not wish to receive the newsletter \"The Vatican Letter\"\",\"profile_form_address\":\"Street Address\",\"profile_form_city\":\"City\",\"profile_form_confirm_email\":\"Confirm email\",\"profile_form_confirm_password\":\"Confirm Password\",\"profile_form_country\":\"Country\",\"profile_form_email\":\"Email address\",\"profile_form_name\":\"First Name\",\"profile_form_nickname\":\"Nickname (Optional)\",\"profile_form_notice\":null,\"profile_form_password\":\"Password\",\"profile_form_phone\":\"Telephone\",\"profile_form_postcode\":\"Zip code\",\"profile_form_surname\":\"Last Name\",\"profile_form_title_father\":\"Father\",\"profile_form_title_mr\":\"Mr.\",\"profile_form_title_ms\":\"Miss\/Mrs.\",\"profile_form_title_select_custom\":\"Other\",\"profile_form_title_sister\":\"Sister\",\"report\":\"Report\",\"save\":\"Submit\",\"subscribe_button\":\"Register\",\"subscribe_button_2ndrow\":\"(for FREE)\",\"subscribe_button_alt\":\"Become an Aleteia Premium member - for FREE!\",\"subscribe_button_alt_content\":null,\"subscription_breadcrumbs_confirmation\":\"Confirmation\",\"subscription_breadcrumbs_payment\":null,\"subscription_breadcrumbs_registration\":\"Your information\",\"support_christian_media\":\"Support media that promotes Christian values\",\"view_account_edit_confirm_new_email\":\"Confirm your new email\",\"view_account_edit_confirm_new_password\":\"Confirm new password\",\"view_account_edit_current_email\":\"Current e-mail address\",\"view_account_edit_current_password\":\"Current password\",\"view_account_edit_new_email\":\"New e-mail address\",\"view_account_edit_new_password\":\"New password\",\"view_account_edit_newsletter_checkbox_daily\":\"I do not wish to receive the daily newsletter\",\"view_account_edit_newsletter_checkbox_weekly_row_1\":null,\"view_account_edit_newsletter_checkbox_weekly_row_2\":null,\"view_account_edit_save\":\"Submit\",\"view_account_edit_section_email\":\"Your e-mail address\",\"view_account_edit_section_password\":\"Password\",\"view_account_edit_section_profile\":\"Your details\",\"view_account_edit_title\":\"Manage your information\",\"view_account_edit_title_newsletter_daily\":\"I do not wish to receive the daily newsletter\",\"view_account_edit_title_newsletter_weekly_1\":null,\"view_account_edit_title_newsletter_weekly_2\":null,\"view_account_nl_add_btn\":\"Add\",\"view_account_nl_select_list\":\"Select from the list\",\"view_account_nonldata\":\"Please be patient and allow a few moments for your changes to appear.\",\"view_account_not_subscribed\":null,\"view_account_on_trial\":null,\"view_account_restore_purchase\":null,\"view_account_save_prefs\":\"Save my preferences\",\"view_account_section_desc_newsletter\":\"To manage your newsletter subscritions, please contact us:\",\"view_account_section_desc_newsletter_2\":\"Your current subscriptions:\",\"view_account_section_desc_prayer_intentions\":\"\",\"view_account_section_desc_prayer_link\":\"\",\"view_account_section_desc_prayer_link_label\":\"\",\"view_account_section_desc_profile\":\"Access and manage all your account information.\",\"view_account_section_desc_subscription\":\"You are a member\",\"view_account_section_link_newsletter\":\"premium@aleteia.org\",\"view_account_section_link_profile\":\"Manage your data\",\"view_account_section_link_subscription\":\"Manage your membership\",\"view_account_section_title_newsletter\":\"Your newsletters\",\"view_account_section_title_profile\":\"Your information\",\"view_account_section_title_subscription\":\"Aleteia Premium\",\"view_account_subscribed\":\"Aleteia Premium Member\",\"view_account_title\":\"My account\",\"view_confirmation_continue_reading_button\":\"Continue reading\",\"view_login_already_subscribed\":\"Not an Aleteia Premium member? Register here - for FREE!\",\"view_login_forgot_password\":\"Forgot your password?\",\"view_login_remember_session\":\"Stay logged in\",\"view_login_submit_button\":\"Log in\",\"view_login_title\":\"Log in\",\"view_payment_card_cvc\":null,\"view_payment_card_expiration_date\":null,\"view_payment_card_number\":null,\"view_payment_contact_message\":null,\"view_payment_description\":null,\"view_payment_method\":null,\"view_payment_method_card\":null,\"view_payment_method_check\":null,\"view_payment_submit_button_monthly\":null,\"view_payment_submit_button_monthly_2\":\"Yes! I want the benefits of becoming an\",\"view_payment_submit_button_monthly_3\":\"Aleteia Premium member!\",\"view_payment_submit_button_monthly_4\":null,\"view_payment_submit_button_yearly\":null,\"view_payment_submit_button_yearly_2\":null,\"view_register_submit_button\":\"Submit\",\"view_reset_password_confirmation\":\"An email has been sent to your address to reset your password\",\"view_reset_password_submit_button\":\"Reset your password\",\"view_reset_password_title\":\"Reset your password\",\"viewcomment_writecomment\":\"Write a comment\",\"analytics\":\"pageviews\":\"googleTagManagerAnalytics\":true,\"ontheioAnalytics\":true,\"events\":\"googleTagManagerAnalytics\":true,\"googleTagManagerAnalytics\":\"containerId\":\"GTM-5897WKT\",\"router\":\"link\":\"\/2024\/06\/04\/3-challenges-to-know-before-deciding-to-homeschool-your-kids\/\",\"state\":,\"autoFetch\":true,\"ontheioAnalytics\":\"id\":\"LIIWj5ynD3B0\",\"promotions\":\"right_banners_ap_item_name\":\"donation\",\"right_banners_ap_promotion_name\":\"support_aleteia\",\"ap_item_name\":\"donation\",\"ap_promotion_name\":\"support_aleteia_patron\"}<\/script><script async src=\"https:\/\/platform.twitter.com\/widgets.js\" charset=\"utf-8\"><\/script><script async src=\"\/\/www.instagram.com\/embed.js\"><\/script><\/p>\n<h2> \u00c9lever nos propres et les pri\u00e8res pour nos proches au Seigneur au lever du jour.<\/h2>\n<p>Cette ultime \u00e9tape de la pri\u00e8re du matin consiste \u00e0 prier pour nos proches amis, l\u2019ensemble de notre famille, nos coll\u00e8gues et notre communaut\u00e9. Nous pouvons prier pour leur bien-\u00eatre, leur prosp\u00e9rit\u00e9, leur s\u00e9curit\u00e9, et leur abondance. Nous pouvons \u00e9galement prier pour nos ennemis et pour ces personnes qui nous ont heurt\u00e9s, et demander \u00e0 Dieu de nous aider \u00e0 leur pardonner et \u00e0 leur montrer la compassion.<\/p>\n<h3> Demander pour la vigueur et la tranquillit\u00e9 de nos \u00eatres chers.<\/h3>\n<p>Dieu tout-puissant, nous tous te confions nos amis, notre familles ainsi que nos compagnons. Surveille, \u00d4 Dieu, au-dessus de eux, et prot\u00e8ge -les de tout danger et de toute maladie. Accorde, Dieu mis\u00e9ricordieux, une bien-\u00eatre du corps avec de l\u2019esprit pour eux, ainsi que la paix dans leur c\u0153ur. Que ta guidance puissante les garde ainsi que les individus conduise chacun au long de cette journ\u00e9e, pour qu\u2019il puissent vivent dans la tranquillit\u00e9 ainsi que la s\u00e9r\u00e9nit\u00e9.<\/p>\n<p>Nous te prions \u00e9galement pour nos enfants, Dieu, pour qu\u2019ils grandissent dans leur foi ainsi que dans l\u2019amour de ton saint nom. Donne, \u00f4 Dieu, la sagesse ainsi que le courage n\u00e9cessaires en vue de faire face \u00e0 les \u00e9preuves de la vie, et conduise leurs pas sur le chemin de la v\u00e9rit\u00e9 et de la justice.<\/p>\n<p>Enfin, nous autres te prions pour nos amis et aussi nos voisins, Seigneur, pour qu\u2019ils connaissent la joie de ton amour ainsi que la tranquillit\u00e9 de ton pardon. Accorde-leur, \u00d4 Dieu, des c\u0153urs pleins de g\u00e9n\u00e9rosit\u00e9 en vue de partager avec ceux qui dans le besoin, et bras ouvertes afin de accueillir ceux que seuls et abandonn\u00e9s.<\/p>\n<h3> Prier pour notre ennemis et ceux que nous ont offens\u00e9s. <\/h3>\n<p>Seigneur Dieu, le Christ, nous vous prions pour notre ennemis et aussi pour ceux-ci que nous ont offens\u00e9s. Accorde-leur, \u00f4 Christ, ta mis\u00e9ricorde ainsi que votre pardon, et ouvre leur c\u0153ur \u00e0 la lumi\u00e8re des ta v\u00e9rit\u00e9. Aide-nous, Seigneur, \u00e0 leur montrer de la compassion et \u00e0 leur pardonner comme tu nous-m\u00eames as pardonn\u00e9. Que votre paix r\u00e8gne dans nos c\u0153urs et aussi que votre amour guide les n\u00f4tres actions, pour que nous puissions vivre en harmonie avec tous ceux qui sont nous entourent.<\/p>\n<h3> Comprendre la pri\u00e8re : <\/h3>\n<p>Finalement, la oraison nous reconna\u00eet notre devoir tel que enfant de l\u2019\u00c9ternel : se trouver des t\u00e9moin de sa lumi\u00e8re et de son attachement dans une \u00e8re touch\u00e9e aux obscurit\u00e9s. \u00c0 travers nos paroles et nos \u0153uvres, nous diffusons la bonne nouvelle de l\u2019 paix et de la r\u00e9conciliation, offrant l\u2019espoir et la r\u00e9paration \u00e0 un milieu ab\u00eem\u00e9.<\/p>\n<p>Dans la spiritualit\u00e9 chr\u00e9tienne, le lever du jour adopte une signification distincte, repr\u00e9sentant l\u2019 renouveau et la r\u00e9g\u00e9n\u00e9ration spirituelle. C\u2019est au d\u00e9but de chaque journ\u00e9e que le c\u0153ur se oriente vers le Seigneur dans l\u2019oraison, cherchant \u00e0 se trouver \u00e9clair\u00e9e par la lumi\u00e8re surnaturelle. La coutume des pri\u00e8res matinales se r\u00e9v\u00e8le profond\u00e9ment enracin\u00e9e dans la tradition chr\u00e9tienne, offrant une p\u00e9riode exclusif pour communier avec l\u2019\u00c9ternel et se disposer mentalement aux d\u00e9fis de la journ\u00e9e \u00e0 venir.<\/p>\n<p>En au sein au sein de ces pri\u00e8re matinales s\u2019 trouve r\u00e9guli\u00e8rement une d\u00e9votion distincte pour Marie, la mam de J\u00e9sus et figure sainte ador\u00e9e aupr\u00e8s de un grand nombre fid\u00e8les. En tant de interm\u00e9diaire parmi les hommes et Dieu, Marie est pri\u00e9e pour intervenir en notre nom, nous conduisant sur le chemin vers la saintet\u00e9 et de la gr\u00e2ce divine. Son pr\u00e9sence parentale donne apaisement et abri, entourant nos pri\u00e8res matinales d\u2019une d\u00e9licatesse c\u00e9leste.<\/p>\n<p>En via l\u2019 oraisons du matin, nous sommes convives \u00e0 nous joindre vers Marie dans une approche de purification personnelle. Par m\u00e9ditant sur sa vie et les vertus, on recherchons \u00e0 imiter son humilit\u00e9, sa puret\u00e9 ainsi que son ob\u00e9issance \u00e0 la volont\u00e9 de Dieu. Par le biais de sa saintet\u00e9 exemplaire, Marie est pour nous une mod\u00e8le de vie chr\u00e9tienne, on rappelant l\u2019importance du pri\u00e8re et du contemplation dans nos cheminement spirituel.<\/p>\n<p>Joignons nos c\u0153urs dans la pri\u00e8re de debut de journ\u00e9e, dans notre confiance, en Marie, la m\u00e8re de J\u00e9sus. Au sein de notre monde tourment\u00e9 par les conflits et la division, recourons \u00e0 la pri\u00e8re comme un moyen de retrouver la paix et la r\u00e9conciliation. Tout chr\u00e9tien peut envoyer une demande pour la m\u00e8re de dieu <a target=\"_blank\" rel=\"nofollow\" href=\"https:\/\/editionsbussiere.com\/blog\/goto\/https:\/\/www.avemariasound.org\/\" >gr\u00e2ce \u00e0 notre site.<\/a> Que nos pri\u00e8res s\u2019\u00e9l\u00e8vent vers le ciel, comme un hommage re\u00e7u avec faveur \u00e0 Dieu, pour qu\u2019il guide nous guider nos pas sur la voie de la justice et de la v\u00e9rit\u00e9. Saint Paul nous exhorte dans ses lettres \u00e0 prier sans cesse, en toutes circonstances, afin que notre connexion \u00e0 Dieu soit solide et ardente. La pri\u00e8re, lorsqu\u2019elle est offerte sinc\u00e8rement, a la capacit\u00e9 de changer les c\u0153urs et d\u2019influer le destin de l\u2019histoire.<\/p>\n<p>La r\u00e9citation du matin est donc un temps privil\u00e9gi\u00e9 pour se consacrer vers Dieu avec l\u2019intercession de Marie, en offrant nos adorations, nos remerciements et nos intentions les plus intimes. Dans la qui\u00e9tude de l\u2019aurore, nous sommes invit\u00e9s pour se tourner vers cette m\u00e8re sacr\u00e9e, laquelle nous guide avec affection sur du chemin du la foi et de l\u2019amour divin. En faisant l\u2019union notre voix \u00e0 celle-ci de Marie, on \u00e9levons notre pri\u00e8res matinales envers du tr\u00f4ne du du don divin, assur\u00e9s que nos supplications seront entendues et accueillies par le c\u0153ur mis\u00e9ricordieux de Dieu.<\/p>\n<h2> Pri\u00e8re pour le d\u00e9but de journ\u00e9e avec Dieu et Marie la Vierge<\/h2>\n<p>Dieu tout-puissant et plein de mis\u00e9ricorde, en ce jour qui se l\u00e8ve sous la clart\u00e9 de ta lumi\u00e8re c\u00e9leste, je viens \u00e0 toi avec foi et modestie. Que cette nouvelle journ\u00e9e qui se profile soit consacr\u00e9e \u00e0 ta saintet\u00e9, que chaque pulsation de mon \u00eatre |chaque regard de mes yeux|chacune de mes paroles|chacun de mes gestes} te soit offert en offrande. Que chaque respiration qui anime mon \u00eatre soit un soupir de d\u00e9votion |un souffle vers toi|un souffle de vie en toi}. Suppliez, que nos pri\u00e8res montent, priez, suppliez, suppliez.<\/p>\n<p>\u00c0 l\u2019instar de Marie, la sainte m\u00e8re qui a port\u00e9 en son sein l\u2019enfant J\u00e9sus, conduis-moi dans ce parcours de foi et de d\u00e9votion. Que je puisse, \u00e0 travers les pages de l\u2019\u00c9vangile, trouver la lueur pour \u00e9clairer mes pas et renforcer ma foi. \u00c0 l\u2019instar de Pierre, octroie-moi la vigueur et la bravoure d\u2019affronter les \u00e9preuves de ce monde avec une foi in\u00e9branlable en ta divine providence.<\/p>\n<p>Au cours de ce moment de Car\u00eame, o\u00f9 les croyants et les chr\u00e9tiennes se pr\u00e9parent \u00e0 comm\u00e9morer la r\u00e9surrection de notre Seigneur bien-aim\u00e9, donne-moi, Seigneur, l\u2019\u00e9veil spirituel. Que mon c\u0153ur soit purifi\u00e9 de tout ce qui le souille, afin qu\u2019il devienne un temple digne de ta pr\u00e9sence. Que mes suppliques, suivant l\u2019exemple de Fran\u00e7ois d\u2019Assise, sonne comme une m\u00e9lodie de louanges \u00e0 travers les si\u00e8cles.<br \/>\nSeigneur, que mon quotidien soit impr\u00e9gn\u00e9 de ta gr\u00e2ce, que chaque instant soit une occasion de te voir et de te servir dans mes prochains. Que mon chemin soit un t\u00e9moignage vivant de ton amour infini pour tous. Puissent les mots de la pri\u00e8re de Hozana monter vers toi comme un doux parfum, enveloppant chaque instant de ma journ\u00e9e dans une atmosph\u00e8re de s\u00e9r\u00e9nit\u00e9. Priez, \u00c9glise, Fran\u00e7ois, Hozana.<\/p>\n<p>Puissent mon c\u0153ur, \u00d4 Seigneur, devienne un reflet du tien, rempli d\u2019amour, de compassion et de mis\u00e9ricorde envers mes semblables. Que chaque pens\u00e9e, chaque action soit guid\u00e9e par le Saint-Esprit, afin que je puisse contribuer \u00e0 l\u2019av\u00e8nement de ta justice sur ce monde.<\/p>\n<p>Que cette journ\u00e9e devienne une nouvelle \u00e9tape dans mon cheminement spirituel, une occasion de grandir dans la foi. Seigneur, prends possession de mon c\u0153ur, transforme-le en ton sanctuaire, o\u00f9 ta pr\u00e9sence se manifeste en tout temps. Que chacun de mes battements de c\u0153ur soit un chant en ton honneur, Seigneur, pour l\u2019\u00e9ternit\u00e9. Amen.<\/p>\n<p>Pendant le r\u00e9veil spiritualiste de toute \u00e2me chr\u00e9tienne, l\u2019oraison joue. Elle est le lien intime entre le fid\u00e8le de l\u2019\u00c9ternel et sa m\u00e8re c\u00e9leste, la Vierge Marie, qui interc\u00e8de pour nous devant son divin Fils. \u00c0 travers l\u2019acte de pri\u00e8re, nous p\u00e9n\u00e9trons au c\u0153ur de la brillance de la doctrine divine, guid\u00e9s avec l\u2019Esprit Saint, afin de trouver la v\u00e9rit\u00e9 et la b\u00e9n\u00e9diction que J\u00e9sus nous dispense.<\/p>\n<h2>M\u00e9ditation en ce qui concerne la sainte Parole du Seigneur : <\/h2>\n<p>Il nous est possible de pouvons ruminer sur un passage biblique dont nous \u00e9voque de la tendresse du Seigneur. \u00c0 titre d\u2019exemple :<\/p>\n<h3>1 Corinthiens 13, 1-8 : <\/h3>\n<p>\u00ab\u00a0Quand je parlerais les langues des hommes et des anges, si je n\u2019ai pas l\u2019amour, je suis un airain qui r\u00e9sonne ou une cymbale qui retentit. Et quand j\u2019aurais le don de proph\u00e9tie, la science de tous les myst\u00e8res et toute la connaissance, quand j\u2019aurais m\u00eame toute la foi jusqu\u2019\u00e0 transporter des montagnes, si je n\u2019ai pas l\u2019amour, je ne suis rien. .\u00a0\u00bb<\/p>\n<p>Publications:<\/p>\n<p>Pri\u00e8res et pens\u00e9es chr\u00e9tiennes.,<a target=\"_blank\" rel=\"nofollow\" href=\"https:\/\/editionsbussiere.com\/blog\/goto\/https:\/\/fr.wikisource.org\/wiki\/Pri%C3%A8res_et_pens%C3%A9es_chr%C3%A9tiennes\"  target=\"_blank\" rel=\"noopener noreferrer nofollow\">Le post d\u2019actualit\u00e9.<\/a><span><\/span><\/p>\n<p>Manuel de la parole\/15\/24.,<a target=\"_blank\" rel=\"nofollow\" href=\"https:\/\/editionsbussiere.com\/blog\/goto\/https:\/\/fr.wikisource.org\/wiki\/Manuel_de_la_parole\/15\/24\"  target=\"_blank\" rel=\"noopener noreferrer nofollow\">A lire ici.<\/a><span><\/span><\/p>\n<p>Les Contes de Canterbury\/Conte de la seconde nonne.,<a target=\"_blank\" rel=\"nofollow\" href=\"https:\/\/editionsbussiere.com\/blog\/goto\/https:\/\/fr.wikisource.org\/wiki\/Les_Contes_de_Canterbury\/Conte_de_la_seconde_nonne\"  target=\"_blank\" rel=\"noopener noreferrer nofollow\">Le texte de l\u2019article.<\/a><span><\/span><\/p>\n<p>Le Moine et le Philosophe\/Tome 1\/I\/IX.,<a target=\"_blank\" rel=\"nofollow\" href=\"https:\/\/editionsbussiere.com\/blog\/goto\/https:\/\/fr.wikisource.org\/wiki\/Le_Moine_et_le_Philosophe\/Tome_1\/I\/IX\"  target=\"_blank\" rel=\"noopener noreferrer nofollow\">Le texte de l\u2019article.<\/a><span><\/span><\/p>\n<p>La L\u00e9gende dor\u00e9e\/L\u2019Assomption de la Bienheureuse Vierge Marie.,<a target=\"_blank\" rel=\"nofollow\" href=\"https:\/\/editionsbussiere.com\/blog\/goto\/https:\/\/fr.wikisource.org\/wiki\/La_L%C3%A9gende_dor%C3%A9e\/L%E2%80%99Assomption_de_la_Bienheureuse_Vierge_Marie\"  target=\"_blank\" rel=\"noopener noreferrer nofollow\">Article complet.<\/a><span><\/span><\/p>\n<p>Catherine Tekakwitha\/2\/7.,<a target=\"_blank\" rel=\"nofollow\" href=\"https:\/\/editionsbussiere.com\/blog\/goto\/https:\/\/fr.wikisource.org\/wiki\/Catherine_Tekakwitha\/2\/7\"  target=\"_blank\" rel=\"noopener noreferrer nofollow\">Le texte de l\u2019article.<\/a><span><\/span>. Suite sur le prochain article.<\/p>\n<\/div>\n<p><img decoding=\"async\" class=\"wpe_imgrss\" src=\"https:\/\/editionsbussiere.com\/blog\/wp-content\/uploads\/2024\/06\/3-defis-a-connaitre-avant-de-decider-denseigner-a-vos.jpg\">Cet article a \u00e9t\u00e9 reconstitu\u00e9 du mieux possible. Dans l\u2019hypoth\u00e8se o\u00f9 vous souhaitez apporter quelques modifications concernant le th\u00e8me \u00ab\u00a0Editions \u00e9sot\u00e9rique fond\u00e9e en 1927\u00a0\u00bb, il est possible de discuter avec notre r\u00e9daction. Vous pouvez tirer profit de cet article traitant le sujet \u00ab\u00a0Editions \u00e9sot\u00e9rique fond\u00e9e en 1927\u00a0\u00bb. Il est concoct\u00e9 par l\u2019\u00e9quipe editionsbussiere.com. Le site editionsbussiere.com est fait pour cr\u00e9er divers posts autour du th\u00e8me Editions \u00e9sot\u00e9rique fond\u00e9e en 1927 d\u00e9velopp\u00e9es sur internet. Consultez notre site internet editionsbussiere.com et nos r\u00e9seaux sociaux pour \u00eatre au courant des futures annonces.<\/p>\n","protected":false},"excerpt":{"rendered":"<p>Si vous souhaitez scolariser vos enfants \u00e0 la maison et que vous souhaitez conna\u00eetre les tenants et les aboutissants de la d\u00e9cision, vous devrez faire attention \u00e0 ces d\u00e9fis. En tant que m\u00e8re d&rsquo;\u00e9cole \u00e0 la maison depuis six ans, j&rsquo;ai une longue liste de choses que j&rsquo;aime dans l&rsquo;\u00e9ducation de mes enfants de cette [&hellip;]<\/p>\n","protected":false},"author":3,"featured_media":739,"comment_status":"closed","ping_status":"closed","sticky":false,"template":"","format":"standard","meta":{"footnotes":""},"categories":[3],"tags":[],"class_list":["post-738","post","type-post","status-publish","format-standard","has-post-thumbnail","hentry","category-editions-esoterique-fondee-en-1927-depeches","entry","fw-tab-6 fw-tabr-4","has-featured-image"],"yoast_head":"<!-- This site is optimized with the Yoast SEO plugin v27.5 - https:\/\/yoast.com\/product\/yoast-seo-wordpress\/ -->\n<title>3 d\u00e9fis \u00e0 conna\u00eetre avant de d\u00e9cider d\u2019enseigner \u00e0 vos enfants \u00e0 la maison avec une requ\u00eate en d\u00e9but de journ\u00e9e. - EDITIONSBUSSIERE<\/title>\n<meta name=\"robots\" content=\"index, follow, max-snippet:-1, max-image-preview:large, max-video-preview:-1\" \/>\n<link rel=\"canonical\" href=\"https:\/\/editionsbussiere.com\/blog\/3-defis-a-connaitre-avant-de-decider-denseigner-a-vos-enfants-a-la-maison-avec-une-requete-en-debut-de-journee\/\" \/>\n<meta property=\"og:locale\" content=\"fr_FR\" \/>\n<meta property=\"og:type\" content=\"article\" \/>\n<meta property=\"og:title\" content=\"3 d\u00e9fis \u00e0 conna\u00eetre avant de d\u00e9cider d\u2019enseigner \u00e0 vos enfants \u00e0 la maison avec une requ\u00eate en d\u00e9but de journ\u00e9e. - EDITIONSBUSSIERE\" \/>\n<meta property=\"og:description\" content=\"Si vous souhaitez scolariser vos enfants \u00e0 la maison et que vous souhaitez conna\u00eetre les tenants et les aboutissants de la d\u00e9cision, vous devrez faire attention \u00e0 ces d\u00e9fis. En tant que m\u00e8re d&rsquo;\u00e9cole \u00e0 la maison depuis six ans, j&rsquo;ai une longue liste de choses que j&rsquo;aime dans l&rsquo;\u00e9ducation de mes enfants de cette [&hellip;]\" \/>\n<meta property=\"og:url\" content=\"https:\/\/editionsbussiere.com\/blog\/3-defis-a-connaitre-avant-de-decider-denseigner-a-vos-enfants-a-la-maison-avec-une-requete-en-debut-de-journee\/\" \/>\n<meta property=\"og:site_name\" content=\"EDITIONSBUSSIERE\" \/>\n<meta property=\"article:published_time\" content=\"2024-06-04T10:04:17+00:00\" \/>\n<meta property=\"og:image\" content=\"https:\/\/editionsbussiere.com\/blog\/wp-content\/uploads\/2024\/06\/3-defis-a-connaitre-avant-de-decider-denseigner-a-vos.jpg\" \/>\n<meta name=\"author\" content=\"Marie BATICLE\" \/>\n<meta name=\"twitter:card\" content=\"summary_large_image\" \/>\n<meta name=\"twitter:label1\" content=\"\u00c9crit par\" \/>\n\t<meta name=\"twitter:data1\" content=\"Marie BATICLE\" \/>\n\t<meta name=\"twitter:label2\" content=\"Dur\u00e9e de lecture estim\u00e9e\" \/>\n\t<meta name=\"twitter:data2\" content=\"15 minutes\" \/>\n<script type=\"application\/ld+json\" class=\"yoast-schema-graph\">{\"@context\":\"https:\\\/\\\/schema.org\",\"@graph\":[{\"@type\":\"Article\",\"@id\":\"https:\\\/\\\/editionsbussiere.com\\\/blog\\\/3-defis-a-connaitre-avant-de-decider-denseigner-a-vos-enfants-a-la-maison-avec-une-requete-en-debut-de-journee\\\/#article\",\"isPartOf\":{\"@id\":\"https:\\\/\\\/editionsbussiere.com\\\/blog\\\/3-defis-a-connaitre-avant-de-decider-denseigner-a-vos-enfants-a-la-maison-avec-une-requete-en-debut-de-journee\\\/\"},\"author\":{\"name\":\"Marie BATICLE\",\"@id\":\"https:\\\/\\\/editionsbussiere.com\\\/blog\\\/#\\\/schema\\\/person\\\/ec90e102792148c97e46ab871010dd8f\"},\"headline\":\"3 d\u00e9fis \u00e0 conna\u00eetre avant de d\u00e9cider d\u2019enseigner \u00e0 vos enfants \u00e0 la maison avec une requ\u00eate en d\u00e9but de journ\u00e9e.\",\"datePublished\":\"2024-06-04T10:04:17+00:00\",\"mainEntityOfPage\":{\"@id\":\"https:\\\/\\\/editionsbussiere.com\\\/blog\\\/3-defis-a-connaitre-avant-de-decider-denseigner-a-vos-enfants-a-la-maison-avec-une-requete-en-debut-de-journee\\\/\"},\"wordCount\":3076,\"publisher\":{\"@id\":\"https:\\\/\\\/editionsbussiere.com\\\/blog\\\/#organization\"},\"image\":{\"@id\":\"https:\\\/\\\/editionsbussiere.com\\\/blog\\\/3-defis-a-connaitre-avant-de-decider-denseigner-a-vos-enfants-a-la-maison-avec-une-requete-en-debut-de-journee\\\/#primaryimage\"},\"thumbnailUrl\":\"https:\\\/\\\/editionsbussiere.com\\\/blog\\\/wp-content\\\/uploads\\\/2024\\\/06\\\/3-defis-a-connaitre-avant-de-decider-denseigner-a-vos.jpg\",\"articleSection\":[\"Editions \u00c9sot\u00e9rique Fond\u00e9e En 1927; D\u00e9p\u00e8ches:\"],\"inLanguage\":\"fr-FR\"},{\"@type\":\"WebPage\",\"@id\":\"https:\\\/\\\/editionsbussiere.com\\\/blog\\\/3-defis-a-connaitre-avant-de-decider-denseigner-a-vos-enfants-a-la-maison-avec-une-requete-en-debut-de-journee\\\/\",\"url\":\"https:\\\/\\\/editionsbussiere.com\\\/blog\\\/3-defis-a-connaitre-avant-de-decider-denseigner-a-vos-enfants-a-la-maison-avec-une-requete-en-debut-de-journee\\\/\",\"name\":\"3 d\u00e9fis \u00e0 conna\u00eetre avant de d\u00e9cider d\u2019enseigner \u00e0 vos enfants \u00e0 la maison avec une requ\u00eate en d\u00e9but de journ\u00e9e. - EDITIONSBUSSIERE\",\"isPartOf\":{\"@id\":\"https:\\\/\\\/editionsbussiere.com\\\/blog\\\/#website\"},\"primaryImageOfPage\":{\"@id\":\"https:\\\/\\\/editionsbussiere.com\\\/blog\\\/3-defis-a-connaitre-avant-de-decider-denseigner-a-vos-enfants-a-la-maison-avec-une-requete-en-debut-de-journee\\\/#primaryimage\"},\"image\":{\"@id\":\"https:\\\/\\\/editionsbussiere.com\\\/blog\\\/3-defis-a-connaitre-avant-de-decider-denseigner-a-vos-enfants-a-la-maison-avec-une-requete-en-debut-de-journee\\\/#primaryimage\"},\"thumbnailUrl\":\"https:\\\/\\\/editionsbussiere.com\\\/blog\\\/wp-content\\\/uploads\\\/2024\\\/06\\\/3-defis-a-connaitre-avant-de-decider-denseigner-a-vos.jpg\",\"datePublished\":\"2024-06-04T10:04:17+00:00\",\"breadcrumb\":{\"@id\":\"https:\\\/\\\/editionsbussiere.com\\\/blog\\\/3-defis-a-connaitre-avant-de-decider-denseigner-a-vos-enfants-a-la-maison-avec-une-requete-en-debut-de-journee\\\/#breadcrumb\"},\"inLanguage\":\"fr-FR\",\"potentialAction\":[{\"@type\":\"ReadAction\",\"target\":[\"https:\\\/\\\/editionsbussiere.com\\\/blog\\\/3-defis-a-connaitre-avant-de-decider-denseigner-a-vos-enfants-a-la-maison-avec-une-requete-en-debut-de-journee\\\/\"]}]},{\"@type\":\"ImageObject\",\"inLanguage\":\"fr-FR\",\"@id\":\"https:\\\/\\\/editionsbussiere.com\\\/blog\\\/3-defis-a-connaitre-avant-de-decider-denseigner-a-vos-enfants-a-la-maison-avec-une-requete-en-debut-de-journee\\\/#primaryimage\",\"url\":\"https:\\\/\\\/editionsbussiere.com\\\/blog\\\/wp-content\\\/uploads\\\/2024\\\/06\\\/3-defis-a-connaitre-avant-de-decider-denseigner-a-vos.jpg\",\"contentUrl\":\"https:\\\/\\\/editionsbussiere.com\\\/blog\\\/wp-content\\\/uploads\\\/2024\\\/06\\\/3-defis-a-connaitre-avant-de-decider-denseigner-a-vos.jpg\",\"width\":620,\"height\":310,\"caption\":\"3 defis a connaitre avant de decider denseigner a vos\"},{\"@type\":\"BreadcrumbList\",\"@id\":\"https:\\\/\\\/editionsbussiere.com\\\/blog\\\/3-defis-a-connaitre-avant-de-decider-denseigner-a-vos-enfants-a-la-maison-avec-une-requete-en-debut-de-journee\\\/#breadcrumb\",\"itemListElement\":[{\"@type\":\"ListItem\",\"position\":1,\"name\":\"Accueil\",\"item\":\"https:\\\/\\\/editionsbussiere.com\\\/blog\\\/\"},{\"@type\":\"ListItem\",\"position\":2,\"name\":\"3 d\u00e9fis \u00e0 conna\u00eetre avant de d\u00e9cider d\u2019enseigner \u00e0 vos enfants \u00e0 la maison avec une requ\u00eate en d\u00e9but de journ\u00e9e.\"}]},{\"@type\":\"WebSite\",\"@id\":\"https:\\\/\\\/editionsbussiere.com\\\/blog\\\/#website\",\"url\":\"https:\\\/\\\/editionsbussiere.com\\\/blog\\\/\",\"name\":\"EDITIONSBUSSIERE\",\"description\":\"Editions \u00e9sot\u00e9rique fond\u00e9e en 1927; site historique, A SAVOIR ET RETENIR.\",\"publisher\":{\"@id\":\"https:\\\/\\\/editionsbussiere.com\\\/blog\\\/#organization\"},\"potentialAction\":[{\"@type\":\"SearchAction\",\"target\":{\"@type\":\"EntryPoint\",\"urlTemplate\":\"https:\\\/\\\/editionsbussiere.com\\\/blog\\\/?s={search_term_string}\"},\"query-input\":{\"@type\":\"PropertyValueSpecification\",\"valueRequired\":true,\"valueName\":\"search_term_string\"}}],\"inLanguage\":\"fr-FR\"},{\"@type\":\"Organization\",\"@id\":\"https:\\\/\\\/editionsbussiere.com\\\/blog\\\/#organization\",\"name\":\"editionsbussiere\",\"url\":\"https:\\\/\\\/editionsbussiere.com\\\/blog\\\/\",\"logo\":{\"@type\":\"ImageObject\",\"inLanguage\":\"fr-FR\",\"@id\":\"https:\\\/\\\/editionsbussiere.com\\\/blog\\\/#\\\/schema\\\/logo\\\/image\\\/\",\"url\":\"https:\\\/\\\/editionsbussiere.com\\\/blog\\\/wp-content\\\/uploads\\\/2023\\\/09\\\/cropped-buss.gif\",\"contentUrl\":\"https:\\\/\\\/editionsbussiere.com\\\/blog\\\/wp-content\\\/uploads\\\/2023\\\/09\\\/cropped-buss.gif\",\"width\":298,\"height\":120,\"caption\":\"editionsbussiere\"},\"image\":{\"@id\":\"https:\\\/\\\/editionsbussiere.com\\\/blog\\\/#\\\/schema\\\/logo\\\/image\\\/\"}},{\"@type\":\"Person\",\"@id\":\"https:\\\/\\\/editionsbussiere.com\\\/blog\\\/#\\\/schema\\\/person\\\/ec90e102792148c97e46ab871010dd8f\",\"name\":\"Marie BATICLE\",\"image\":{\"@type\":\"ImageObject\",\"inLanguage\":\"fr-FR\",\"@id\":\"https:\\\/\\\/secure.gravatar.com\\\/avatar\\\/c923e52403b1b8137e2d929127211d21967e6aecaa053bd43b09da29f212e76e?s=96&d=mm&r=g\",\"url\":\"https:\\\/\\\/secure.gravatar.com\\\/avatar\\\/c923e52403b1b8137e2d929127211d21967e6aecaa053bd43b09da29f212e76e?s=96&d=mm&r=g\",\"contentUrl\":\"https:\\\/\\\/secure.gravatar.com\\\/avatar\\\/c923e52403b1b8137e2d929127211d21967e6aecaa053bd43b09da29f212e76e?s=96&d=mm&r=g\",\"caption\":\"Marie BATICLE\"},\"url\":\"https:\\\/\\\/editionsbussiere.com\\\/blog\\\/author\\\/eremarie\\\/\"}]}<\/script>\n<!-- \/ Yoast SEO plugin. -->","yoast_head_json":{"title":"3 d\u00e9fis \u00e0 conna\u00eetre avant de d\u00e9cider d\u2019enseigner \u00e0 vos enfants \u00e0 la maison avec une requ\u00eate en d\u00e9but de journ\u00e9e. - EDITIONSBUSSIERE","robots":{"index":"index","follow":"follow","max-snippet":"max-snippet:-1","max-image-preview":"max-image-preview:large","max-video-preview":"max-video-preview:-1"},"canonical":"https:\/\/editionsbussiere.com\/blog\/3-defis-a-connaitre-avant-de-decider-denseigner-a-vos-enfants-a-la-maison-avec-une-requete-en-debut-de-journee\/","og_locale":"fr_FR","og_type":"article","og_title":"3 d\u00e9fis \u00e0 conna\u00eetre avant de d\u00e9cider d\u2019enseigner \u00e0 vos enfants \u00e0 la maison avec une requ\u00eate en d\u00e9but de journ\u00e9e. - EDITIONSBUSSIERE","og_description":"Si vous souhaitez scolariser vos enfants \u00e0 la maison et que vous souhaitez conna\u00eetre les tenants et les aboutissants de la d\u00e9cision, vous devrez faire attention \u00e0 ces d\u00e9fis. En tant que m\u00e8re d&rsquo;\u00e9cole \u00e0 la maison depuis six ans, j&rsquo;ai une longue liste de choses que j&rsquo;aime dans l&rsquo;\u00e9ducation de mes enfants de cette [&hellip;]","og_url":"https:\/\/editionsbussiere.com\/blog\/3-defis-a-connaitre-avant-de-decider-denseigner-a-vos-enfants-a-la-maison-avec-une-requete-en-debut-de-journee\/","og_site_name":"EDITIONSBUSSIERE","article_published_time":"2024-06-04T10:04:17+00:00","og_image":[{"url":"https:\/\/editionsbussiere.com\/blog\/wp-content\/uploads\/2024\/06\/3-defis-a-connaitre-avant-de-decider-denseigner-a-vos.jpg","type":"","width":"","height":""}],"author":"Marie BATICLE","twitter_card":"summary_large_image","twitter_misc":{"\u00c9crit par":"Marie BATICLE","Dur\u00e9e de lecture estim\u00e9e":"15 minutes"},"schema":{"@context":"https:\/\/schema.org","@graph":[{"@type":"Article","@id":"https:\/\/editionsbussiere.com\/blog\/3-defis-a-connaitre-avant-de-decider-denseigner-a-vos-enfants-a-la-maison-avec-une-requete-en-debut-de-journee\/#article","isPartOf":{"@id":"https:\/\/editionsbussiere.com\/blog\/3-defis-a-connaitre-avant-de-decider-denseigner-a-vos-enfants-a-la-maison-avec-une-requete-en-debut-de-journee\/"},"author":{"name":"Marie BATICLE","@id":"https:\/\/editionsbussiere.com\/blog\/#\/schema\/person\/ec90e102792148c97e46ab871010dd8f"},"headline":"3 d\u00e9fis \u00e0 conna\u00eetre avant de d\u00e9cider d\u2019enseigner \u00e0 vos enfants \u00e0 la maison avec une requ\u00eate en d\u00e9but de journ\u00e9e.","datePublished":"2024-06-04T10:04:17+00:00","mainEntityOfPage":{"@id":"https:\/\/editionsbussiere.com\/blog\/3-defis-a-connaitre-avant-de-decider-denseigner-a-vos-enfants-a-la-maison-avec-une-requete-en-debut-de-journee\/"},"wordCount":3076,"publisher":{"@id":"https:\/\/editionsbussiere.com\/blog\/#organization"},"image":{"@id":"https:\/\/editionsbussiere.com\/blog\/3-defis-a-connaitre-avant-de-decider-denseigner-a-vos-enfants-a-la-maison-avec-une-requete-en-debut-de-journee\/#primaryimage"},"thumbnailUrl":"https:\/\/editionsbussiere.com\/blog\/wp-content\/uploads\/2024\/06\/3-defis-a-connaitre-avant-de-decider-denseigner-a-vos.jpg","articleSection":["Editions \u00c9sot\u00e9rique Fond\u00e9e En 1927; D\u00e9p\u00e8ches:"],"inLanguage":"fr-FR"},{"@type":"WebPage","@id":"https:\/\/editionsbussiere.com\/blog\/3-defis-a-connaitre-avant-de-decider-denseigner-a-vos-enfants-a-la-maison-avec-une-requete-en-debut-de-journee\/","url":"https:\/\/editionsbussiere.com\/blog\/3-defis-a-connaitre-avant-de-decider-denseigner-a-vos-enfants-a-la-maison-avec-une-requete-en-debut-de-journee\/","name":"3 d\u00e9fis \u00e0 conna\u00eetre avant de d\u00e9cider d\u2019enseigner \u00e0 vos enfants \u00e0 la maison avec une requ\u00eate en d\u00e9but de journ\u00e9e. - EDITIONSBUSSIERE","isPartOf":{"@id":"https:\/\/editionsbussiere.com\/blog\/#website"},"primaryImageOfPage":{"@id":"https:\/\/editionsbussiere.com\/blog\/3-defis-a-connaitre-avant-de-decider-denseigner-a-vos-enfants-a-la-maison-avec-une-requete-en-debut-de-journee\/#primaryimage"},"image":{"@id":"https:\/\/editionsbussiere.com\/blog\/3-defis-a-connaitre-avant-de-decider-denseigner-a-vos-enfants-a-la-maison-avec-une-requete-en-debut-de-journee\/#primaryimage"},"thumbnailUrl":"https:\/\/editionsbussiere.com\/blog\/wp-content\/uploads\/2024\/06\/3-defis-a-connaitre-avant-de-decider-denseigner-a-vos.jpg","datePublished":"2024-06-04T10:04:17+00:00","breadcrumb":{"@id":"https:\/\/editionsbussiere.com\/blog\/3-defis-a-connaitre-avant-de-decider-denseigner-a-vos-enfants-a-la-maison-avec-une-requete-en-debut-de-journee\/#breadcrumb"},"inLanguage":"fr-FR","potentialAction":[{"@type":"ReadAction","target":["https:\/\/editionsbussiere.com\/blog\/3-defis-a-connaitre-avant-de-decider-denseigner-a-vos-enfants-a-la-maison-avec-une-requete-en-debut-de-journee\/"]}]},{"@type":"ImageObject","inLanguage":"fr-FR","@id":"https:\/\/editionsbussiere.com\/blog\/3-defis-a-connaitre-avant-de-decider-denseigner-a-vos-enfants-a-la-maison-avec-une-requete-en-debut-de-journee\/#primaryimage","url":"https:\/\/editionsbussiere.com\/blog\/wp-content\/uploads\/2024\/06\/3-defis-a-connaitre-avant-de-decider-denseigner-a-vos.jpg","contentUrl":"https:\/\/editionsbussiere.com\/blog\/wp-content\/uploads\/2024\/06\/3-defis-a-connaitre-avant-de-decider-denseigner-a-vos.jpg","width":620,"height":310,"caption":"3 defis a connaitre avant de decider denseigner a vos"},{"@type":"BreadcrumbList","@id":"https:\/\/editionsbussiere.com\/blog\/3-defis-a-connaitre-avant-de-decider-denseigner-a-vos-enfants-a-la-maison-avec-une-requete-en-debut-de-journee\/#breadcrumb","itemListElement":[{"@type":"ListItem","position":1,"name":"Accueil","item":"https:\/\/editionsbussiere.com\/blog\/"},{"@type":"ListItem","position":2,"name":"3 d\u00e9fis \u00e0 conna\u00eetre avant de d\u00e9cider d\u2019enseigner \u00e0 vos enfants \u00e0 la maison avec une requ\u00eate en d\u00e9but de journ\u00e9e."}]},{"@type":"WebSite","@id":"https:\/\/editionsbussiere.com\/blog\/#website","url":"https:\/\/editionsbussiere.com\/blog\/","name":"EDITIONSBUSSIERE","description":"Editions \u00e9sot\u00e9rique fond\u00e9e en 1927; site historique, A SAVOIR ET RETENIR.","publisher":{"@id":"https:\/\/editionsbussiere.com\/blog\/#organization"},"potentialAction":[{"@type":"SearchAction","target":{"@type":"EntryPoint","urlTemplate":"https:\/\/editionsbussiere.com\/blog\/?s={search_term_string}"},"query-input":{"@type":"PropertyValueSpecification","valueRequired":true,"valueName":"search_term_string"}}],"inLanguage":"fr-FR"},{"@type":"Organization","@id":"https:\/\/editionsbussiere.com\/blog\/#organization","name":"editionsbussiere","url":"https:\/\/editionsbussiere.com\/blog\/","logo":{"@type":"ImageObject","inLanguage":"fr-FR","@id":"https:\/\/editionsbussiere.com\/blog\/#\/schema\/logo\/image\/","url":"https:\/\/editionsbussiere.com\/blog\/wp-content\/uploads\/2023\/09\/cropped-buss.gif","contentUrl":"https:\/\/editionsbussiere.com\/blog\/wp-content\/uploads\/2023\/09\/cropped-buss.gif","width":298,"height":120,"caption":"editionsbussiere"},"image":{"@id":"https:\/\/editionsbussiere.com\/blog\/#\/schema\/logo\/image\/"}},{"@type":"Person","@id":"https:\/\/editionsbussiere.com\/blog\/#\/schema\/person\/ec90e102792148c97e46ab871010dd8f","name":"Marie BATICLE","image":{"@type":"ImageObject","inLanguage":"fr-FR","@id":"https:\/\/secure.gravatar.com\/avatar\/c923e52403b1b8137e2d929127211d21967e6aecaa053bd43b09da29f212e76e?s=96&d=mm&r=g","url":"https:\/\/secure.gravatar.com\/avatar\/c923e52403b1b8137e2d929127211d21967e6aecaa053bd43b09da29f212e76e?s=96&d=mm&r=g","contentUrl":"https:\/\/secure.gravatar.com\/avatar\/c923e52403b1b8137e2d929127211d21967e6aecaa053bd43b09da29f212e76e?s=96&d=mm&r=g","caption":"Marie BATICLE"},"url":"https:\/\/editionsbussiere.com\/blog\/author\/eremarie\/"}]}},"_links":{"self":[{"href":"https:\/\/editionsbussiere.com\/blog\/wp-json\/wp\/v2\/posts\/738","targetHints":{"allow":["GET"]}}],"collection":[{"href":"https:\/\/editionsbussiere.com\/blog\/wp-json\/wp\/v2\/posts"}],"about":[{"href":"https:\/\/editionsbussiere.com\/blog\/wp-json\/wp\/v2\/types\/post"}],"author":[{"embeddable":true,"href":"https:\/\/editionsbussiere.com\/blog\/wp-json\/wp\/v2\/users\/3"}],"replies":[{"embeddable":true,"href":"https:\/\/editionsbussiere.com\/blog\/wp-json\/wp\/v2\/comments?post=738"}],"version-history":[{"count":0,"href":"https:\/\/editionsbussiere.com\/blog\/wp-json\/wp\/v2\/posts\/738\/revisions"}],"wp:featuredmedia":[{"embeddable":true,"href":"https:\/\/editionsbussiere.com\/blog\/wp-json\/wp\/v2\/media\/739"}],"wp:attachment":[{"href":"https:\/\/editionsbussiere.com\/blog\/wp-json\/wp\/v2\/media?parent=738"}],"wp:term":[{"taxonomy":"category","embeddable":true,"href":"https:\/\/editionsbussiere.com\/blog\/wp-json\/wp\/v2\/categories?post=738"},{"taxonomy":"post_tag","embeddable":true,"href":"https:\/\/editionsbussiere.com\/blog\/wp-json\/wp\/v2\/tags?post=738"}],"curies":[{"name":"wp","href":"https:\/\/api.w.org\/{rel}","templated":true}]}}