{"id":715,"date":"2024-06-01T00:07:20","date_gmt":"2024-05-31T22:07:20","guid":{"rendered":"https:\/\/editionsbussiere.com\/blog\/des-histoires-de-conversion-et-des-rencontres-etonnantes-marquent-les-10-premiers-jours-du-pelerinage-eucharistique-national-et-priere-pour-commencer-la-journee\/"},"modified":"2024-06-01T00:07:20","modified_gmt":"2024-05-31T22:07:20","slug":"des-histoires-de-conversion-et-des-rencontres-etonnantes-marquent-les-10-premiers-jours-du-pelerinage-eucharistique-national-et-priere-pour-commencer-la-journee","status":"publish","type":"post","link":"https:\/\/editionsbussiere.com\/blog\/des-histoires-de-conversion-et-des-rencontres-etonnantes-marquent-les-10-premiers-jours-du-pelerinage-eucharistique-national-et-priere-pour-commencer-la-journee\/","title":{"rendered":"Des histoires de conversion et des rencontres \u00ab \u00e9tonnantes \u00bb marquent les 10 premiers jours du p\u00e8lerinage eucharistique national\n et pri\u00e8re pour commencer la journ\u00e9e."},"content":{"rendered":"<div><img width=\"580\" height=\"387\" src=\"https:\/\/editionsbussiere.com\/blog\/wp-content\/uploads\/2024\/06\/Des-histoires-de-conversion-et-des-rencontres-etonnantes.jpg\" class=\"attachment-large size-large wp-post-image\" alt=\"Des histoires de conversion et des rencontres \u00ab \u00e9tonnantes \u00bb\" style=\"float:left; margin:0 15px 15px 0;\" decoding=\"async\" srcset=\"https:\/\/editionsbussiere.com\/blog\/wp-content\/uploads\/2024\/06\/Des-histoires-de-conversion-et-des-rencontres-etonnantes.jpg 900w, https:\/\/www.n42.fr\/wp-content\/uploads\/2024\/05\/Des-histoires-de-conversion-et-des-rencontres-etonnantes-300x200.jpg 300w, https:\/\/www.n42.fr\/wp-content\/uploads\/2024\/05\/Des-histoires-de-conversion-et-des-rencontres-etonnantes-768x512.jpg 768w\" sizes=\"(max-width: 580px) 100vw, 580px\"><\/p>\n<p>\n<\/p>\n<div>\n<p>Alors qu&rsquo;une procession eucharistique traversait Victoria, au Texas, le 28 mai, un homme d&rsquo;une vingtaine d&rsquo;ann\u00e9es assis au bord d&rsquo;une rue a attir\u00e9 l&rsquo;attention de Charlie McCullough.  McCullough s&rsquo;est arr\u00eat\u00e9 pour lui parler, lui expliquant ce qui se passait : la procession faisait partie du p\u00e8lerinage eucharistique national en route vers Indianapolis pour le Congr\u00e8s eucharistique national, et l&rsquo;Eucharistie derri\u00e8re laquelle ils marchaient est vraiment, v\u00e9ritablement J\u00e9sus.<\/p>\n<p>\u00ab Il avait grandi dans la foi protestante et n&rsquo;avait jamais vu de procession eucharistique auparavant. Il se trouvait \u00e0 une \u00e9poque de sa vie o\u00f9 il se posait beaucoup de grandes questions sur la raison pour laquelle j&rsquo;existe, quel est le but de la vie, tout cela. ces choses \u00bb, a rappel\u00e9 McCullough, l&rsquo;un des six p\u00e8lerins perp\u00e9tuels sur la route du p\u00e8lerinage sud de Saint-Juan Diego, le 29 mai. \u00ab Nous avons parl\u00e9 bri\u00e8vement et j&rsquo;ai continu\u00e9 \u00e0 marcher.<\/p>\n<p>Environ cinq p\u00e2t\u00e9s de maisons plus tard, McCullough a regard\u00e9 par-dessus son \u00e9paule et a vu l&rsquo;homme courir apr\u00e8s le cort\u00e8ge.  Il rattrapa McCullough et lui demanda s&rsquo;ils pouvaient en parler davantage.<\/p>\n<div class=\"wp-block-image\">\n<figure class=\"alignleft size-large is-resized\"><img decoding=\"async\" loading=\"lazy\" src=\"https:\/\/editionsbussiere.com\/blog\/wp-content\/uploads\/2024\/06\/nep-week-2-parade.jpg\" alt=\"\" class=\"wp-image-246617\" width=\"554\" height=\"369\" srcset=\"https:\/\/editionsbussiere.com\/blog\/wp-content\/uploads\/2024\/06\/nep-week-2-parade.jpg 900w, https:\/\/catholicreview.org\/wp-content\/uploads\/2024\/05\/nep-week-2-parade-300x200.jpg 300w, https:\/\/catholicreview.org\/wp-content\/uploads\/2024\/05\/nep-week-2-parade-768x512.jpg 768w, https:\/\/catholicreview.org\/wp-content\/uploads\/2024\/05\/nep-week-2-parade-600x400.jpg 600w\" sizes=\"auto, (max-width: 554px) 100vw, 554px\"><figcaption>Un pr\u00eatre dirige une procession eucharistique depuis le centre paroissial Sainte-Marie-des-Pins dans le canton de Stafford, dans le New Jersey, lors du p\u00e8lerinage eucharistique national le 29 mai 2024. (Photo OSV News\/Mike Ehrmann, dioc\u00e8se de Trenton)<\/figcaption><\/figure>\n<\/div>\n<p>\u00ab Il m\u2019a dit que ce matin-l\u00e0, c\u2019\u00e9tait la premi\u00e8re fois qu\u2019il essayait de prier depuis des ann\u00e9es.  Il a ouvert sa Bible et il ne savait pas si le Seigneur l&rsquo;avait entendu.  Et quand nous sommes pass\u00e9s \u2013 quand J\u00e9sus-Christ est pass\u00e9 \u2013 il savait que quelque chose \u00e9tait diff\u00e9rent.  Et il savait qu\u2019il voulait suivre le Seigneur, et il avait tellement de questions sur comment et ce qu\u2019il voulait faire, et il y avait ce z\u00e8le qui montait dans son c\u0153ur \u00bb, a d\u00e9clar\u00e9 McCullough.  \u00ab\u00a0Je dois juste prier avec lui et l&rsquo;encourager.\u00a0\u00bb<\/p>\n<p>\u00ab\u00a0\u00c0 la fin de notre conversation, il dit : &lsquo;Je sais que cela semble fou, mais je veux aller jusqu&rsquo;\u00e0 Indianapolis&rsquo;\u00a0\u00bb, a-t-il d\u00e9clar\u00e9.<\/p>\n<p>McCullough, un compatriote texan, pense qu&rsquo;il est peu probable que l&rsquo;homme suive le p\u00e8lerinage \u00e0 Indianapolis, \u00ab mais je prie pour qu&rsquo;il suive le Seigneur pour le reste de sa vie \u00bb, a-t-il d\u00e9clar\u00e9.  \u00ab\u00a0Il a v\u00e9cu une exp\u00e9rience tr\u00e8s profonde et le Seigneur a remu\u00e9 son c\u0153ur \u00e0 travers une simple rencontre l\u00e0-bas, et c&rsquo;\u00e9tait tr\u00e8s beau.\u00a0\u00bb<\/p>\n<p>McCullough a partag\u00e9 cette rencontre lors d&rsquo;un appel m\u00e9diatique du 29 mai auquel participaient des p\u00e8lerins des quatre itin\u00e9raires du p\u00e8lerinage eucharistique national, qui a d\u00e9but\u00e9 les 18 et 19 mai en Californie, dans le Connecticut, au Minnesota et au Texas.  Dix jours apr\u00e8s le d\u00e9but de leur voyage, les 23 p\u00e8lerins perp\u00e9tuels \u00e9taient dans le dioc\u00e8se de Victoria ;  le dioc\u00e8se de Boise, Idaho\u00a0;  l&rsquo;archidioc\u00e8se de Saint-Paul et Minneapolis\u00a0;  et le dioc\u00e8se de Trenton, NJ<\/p>\n<p>Leur deuxi\u00e8me semaine comprenait des \u00e9v\u00e9nements d\u00e9j\u00e0 embl\u00e9matiques \u2013 comme lorsque le cardinal Timothy M. Dolan de New York a b\u00e9ni la ville avec l&rsquo;Eucharistie depuis un bateau pr\u00e8s de la Statue de la Libert\u00e9 dans le port de New York le 27 mai \u2013 et des moments cach\u00e9s \u2013 comme lorsqu&rsquo;un homme en est sorti. d&rsquo;un camion au milieu de l&rsquo;Oregon, loin de toute ville, et a fait une g\u00e9nuflexion au passage de la caravane eucharistique.<\/p>\n<p>La route Seton fera des arr\u00eats \u00e0 Westminster, Emmitsburg et Baltimore du 5 au 7 juin.<\/p>\n<p>\u00ab\u00a0C&rsquo;\u00e9tait juste un instant en voiture, mais il avait parcouru cette distance pour s&rsquo;assurer qu&rsquo;il savait qu&rsquo;il serait pr\u00e8s de J\u00e9sus\u00a0\u00bb, a d\u00e9clar\u00e9 Chas Firestone East, un p\u00e8lerin perp\u00e9tuel de Virginie voyageant sur la route ouest de St. Junipero Serra.<\/p>\n<p>Les p\u00e8lerins ont partag\u00e9 d&rsquo;autres histoires de rencontre et de conversion : du c\u00f4t\u00e9 californien du lac Tahoe, un photographe d&rsquo;un m\u00e9dia la\u00efc \u2013 \u00e9merveill\u00e9 par les masses de personnes qui assistaient aux processions \u2013 a d\u00e9clar\u00e9 aux p\u00e8lerins perp\u00e9tuels qu&rsquo;il \u00e9tait inspir\u00e9 pour en savoir plus sur le Eucharistie et projets d&rsquo;entamer le processus pour devenir catholique.  Pendant ce temps, une femme qui n&rsquo;est pas capable de marcher avec les p\u00e8lerins se joint \u00e0 chaque procession le long de la route de Saint-Juan Diego depuis Brownsville, au Texas, sur un tricycle modernis\u00e9.  Toujours au Texas, des p\u00e8lerins perp\u00e9tuels ont aid\u00e9 \u00e0 panser la jambe bless\u00e9e d&rsquo;une femme dans un refuge pour sans-abri, puis la femme \u2013 dont le nom est Hope \u2013 a demand\u00e9 aux p\u00e8lerins de prier avec elle.<\/p>\n<p>\u00abC&rsquo;\u00e9tait juste un beau moment de voir J\u00e9sus\u2026 de le voir \u00e0 l&rsquo;int\u00e9rieur de la personne que nous rencontrons\u00bb, a d\u00e9clar\u00e9 Shayla Elm, une p\u00e8lerine perp\u00e9tuelle de la Route Juan Diego originaire du Dakota du Nord.<\/p>\n<p>Les p\u00e8lerins ont \u00e9t\u00e9 \u00e9merveill\u00e9s par le nombre de personnes qui les ont accueillis pour les processions eucharistiques, les Heures Saintes et la Messe.<\/p>\n<p>\u00ab\u00a0J&rsquo;ai \u00e9t\u00e9 \u00e9poustoufl\u00e9 de voir \u00e0 quel point les gens ont faim de montrer leur foi et \u00e0 quel point J\u00e9sus a soif de leur \u00e2me\u00a0\u00bb, a d\u00e9clar\u00e9 Elm.  \u00ab J\u00e9sus a vraiment soif de tout ce pays.  Il veut vraiment que tant d&rsquo;\u00e2mes le rencontrent, et c&rsquo;est lui qui marche dans les rues.  Il nous dirige en ce moment.  C&rsquo;est donc vraiment beau de nous voir tous marcher aux c\u00f4t\u00e9s de notre Seigneur.<\/p>\n<p>Pendant ce temps, les p\u00e8lerins apportent l&rsquo;Eucharistie dans des endroits o\u00f9 les gens ne peuvent pas participer aux \u00e9v\u00e9nements publics.  Le 28 mai, des p\u00e8lerins perp\u00e9tuels sur la Route mariale du nord ont visit\u00e9 une maison de retraite de St. Paul, Minnesota, g\u00e9r\u00e9e par les Petites S\u0153urs des Pauvres.  La visite a eu lieu au lendemain d&rsquo;un cort\u00e8ge de 7 000 personnes sur une avenue voisine.  Un diacre qui les accompagnait a soulign\u00e9 que J\u00e9sus voulait venir vers des gens qui, en raison de leur \u00e2ge ou de leur infirmit\u00e9, ne pouvaient pas venir \u00e0 lui, et son message est rest\u00e9 fid\u00e8le au p\u00e8lerin perp\u00e9tuel Kai Weiss, un \u00e9tudiant allemand qui \u00e9tudie \u00e0 Washington.<\/p>\n<p>\u00ab J\u00e9sus recherche vraiment toutes sortes de personnes diff\u00e9rentes dans ce voyage \u00bb, a-t-il d\u00e9clar\u00e9.<\/p>\n<p>Alors que les p\u00e8lerins perp\u00e9tuels s&rsquo;attendaient \u00e0 une forte participation dans les villes situ\u00e9es le long de leur itin\u00e9raire, les \u00e9v\u00e9nements organis\u00e9s dans les petites villes en ont \u00e9galement attir\u00e9 des centaines.  Weiss a not\u00e9 que les processions dans les zones rurales du dioc\u00e8se de St. Cloud, au Minnesota, d\u00e9passaient probablement la population des villes.<\/p>\n<p>\u00ab L\u2019enthousiasme dans ces petites villes \u00e9tait choquant \u00bb, a-t-il d\u00e9clar\u00e9.  \u00ab Il suffit de se promener dans ces petites villes et les cloches des \u00e9glises sonnent, les premiers communiants portent des fleurs\u2026 les gens le long du parcours sortent de chez eux pour v\u00e9rifier ce qui se passe et ils sont vraiment \u00e9mus.  Beaucoup d\u2019entre eux s\u2019agenouillent, mais je pense que beaucoup d\u2019entre eux disent : \u00ab Wow, c\u2019est incroyable. \u00bb<\/p>\n<p>Le 26 mai, les p\u00e8lerins perp\u00e9tuels de la route de Serra avaient parcouru longtemps le paysage du Nevada sans passer par aucune ville \u2013 une exp\u00e9rience qu&rsquo;East a d\u00e9crite comme belle mais \u00e9trange, surtout juste apr\u00e8s avoir pass\u00e9 du temps dans les grandes villes de Californie.  Ensuite, ils se sont arr\u00eat\u00e9s dans une petite \u00e9glise missionnaire situ\u00e9e \u00e0 McDermitt, ville frontali\u00e8re entre le Nevada et l\u2019Oregon, o\u00f9 ils ont \u00e9t\u00e9 chaleureusement accueillis par un groupe de catholiques.  Cette arriv\u00e9e \u00ab avait l\u2019impression qu\u2019une famille nous attendait \u00bb, a d\u00e9clar\u00e9 East.<\/p>\n<p>\u00c0 McDermitt, ils ont rencontr\u00e9 l&rsquo;\u00e9v\u00eaque Liam S. Cary de Baker, Oregon, qui a accompagn\u00e9 les p\u00e8lerins dans des processions pendant les 24 heures o\u00f9 ils \u00e9taient dans son \u00c9tat.  Le dioc\u00e8se de Baker a encourag\u00e9 les catholiques \u00e0 les rejoindre en voiture pour prier, chanter et \u00e9couter des podcasts catholiques.  Alors que les v\u00e9hicules entraient dans l&rsquo;Idaho le 27 mai, Mgr Cary s&rsquo;est agenouill\u00e9 devant l&rsquo;ostensoir sur un char tir\u00e9 par un camion.<\/p>\n<p>Zoe Dongas, une p\u00e8lerine perp\u00e9tuelle de New York sur la route orientale de St. Elizabeth Ann Seton, a d\u00e9clar\u00e9 que l&rsquo;un des points forts du p\u00e8lerinage a \u00e9t\u00e9 \u00ab le nombre d&rsquo;\u00e9v\u00eaques et de pr\u00eatres fid\u00e8les que nous avons pu rencontrer \u00bb.<\/p>\n<p>\u00abNous \u00e9tions juste sur un bateau\u2026 avec le cardinal Dolan et (Metuchen, NJ) l&rsquo;\u00e9v\u00eaque (James F.) Checchio, (et l&rsquo;auxiliaire de New York) l&rsquo;\u00e9v\u00eaque (Edmund J.) Whalen\u2026 et avons pu b\u00e9nir la Statue de la Libert\u00e9 \u2013 c&rsquo;\u00e9tait sauvage \u00bb, a-t-elle d\u00e9clar\u00e9.  \u00ab\u00a0Passer du temps en adoration avec tous ces saints hommes qui aiment tant leur \u00e9glise et sont pr\u00eats \u00e0 dire &lsquo;oui&rsquo; \u00e0 cette incroyable aventure et \u00e0 nous recevoir avec une si grande hospitalit\u00e9 \u2013 cela a vraiment \u00e9t\u00e9 un tel cadeau.\u00a0\u00bb<\/p>\n<p>Le 30 mai, les p\u00e8lerins de la Route de Seton s&rsquo;\u00e9taient install\u00e9s dans l&rsquo;archidioc\u00e8se de Philadelphie et les p\u00e8lerins de la Route Juan Diego se trouvaient dans l&rsquo;archidioc\u00e8se de Galveston-Houston.  Les p\u00e8lerins de la Route Serra se pr\u00e9paraient \u00e0 quitter le dioc\u00e8se de Boise pour le dioc\u00e8se de Salt Lake City ;  et les p\u00e8lerins de la Route mariale se pr\u00e9paraient \u00e0 quitter l&rsquo;archidioc\u00e8se de Saint-Paul et Minneapolis pour entrer dans le dioc\u00e8se de Winona-Rochester, dans le Minnesota, dirig\u00e9 par Mgr Robert E. Barron, qui, en 2019, a pour la premi\u00e8re fois propos\u00e9 l&rsquo;id\u00e9e d&rsquo;un renouveau eucharistique national.<\/p>\n<p>Lors de l&rsquo;appel m\u00e9diatique du 29 mai, les p\u00e8lerins perp\u00e9tuels ont reconnu que leurs journ\u00e9es bien remplies pouvaient saper leur \u00e9nergie.  Comme ils visent \u00e0 devenir davantage comme J\u00e9sus au fil du temps avec lui dans l\u2019Eucharistie, cela signifie \u00e9galement \u00ab devenir nous-m\u00eames une sorte de pain rompu et s\u2019y abandonner \u00bb, a d\u00e9clar\u00e9 Weiss.<\/p>\n<p>\u00ab\u00a0Nous avons eu des jours o\u00f9 nous nous levions \u00e0 5 heures du matin et nous atteignions quatre ou cinq paroisses diff\u00e9rentes \u00e0 10 heures du matin. Et il est environ 10 heures du matin et je me dis : &lsquo;Mon Dieu, il y a d\u00e9j\u00e0 tellement de paroisses, et Je ne peux pas les s\u00e9parer \u00bb, a d\u00e9clar\u00e9 Weiss en riant.  \u00ab\u00a0Mais l&rsquo;une des belles choses est que le Seigneur fournit alors une sorte d&rsquo;\u00e9tincelle, une sorte de rencontre \u00e9tonnante qui vous fait vraiment prendre \u00e0 nouveau conscience de ce qui se passe et de l&rsquo;impact qu&rsquo;a le p\u00e8lerinage.\u00a0\u00bb<\/p>\n<p><em>Les p\u00e8lerins perp\u00e9tuels du Congr\u00e8s Eucharistique National acceptent les demandes de pri\u00e8re en personne et \u00e0 <\/em><\/p>\n<section class=\"ab-block-post-grid featuredpost aligncenter\">\n<h2 class=\"ab-post-grid-section-title\">Lire la suite Eucharistie<\/h2>\n<\/section>\n<p class=\"post-copyright\">Copyright \u00a9 2024 OSV Actualit\u00e9s<\/p>\n<p class=\"print-friendly\"><img decoding=\"async\" class=\"WP-PrintIcon\" src=\"https:\/\/editionsbussiere.com\/blog\/wp-content\/uploads\/2024\/06\/printer_famfamfam.gif\" alt=\"Imprimer\" title=\"Imprimer\" style=\"border: 0px;\"> Imprimer<\/p>\n<p>\t\t\t<!--<rdf:RDF xmlns:rdf=\"http:\/\/www.w3.org\/1999\/02\/22-rdf-syntax-ns#\"\n\t\t\txmlns:dc=\"http:\/\/purl.org\/dc\/elements\/1.1\/\"\n\t\t\txmlns:trackback=\"http:\/\/madskills.com\/public\/xml\/rss\/module\/trackback\/\">\n\t\t<rdf:Description rdf:about=\"https:\/\/catholicreview.org\/stories-of-conversion-amazing-encounters-mark-national-eucharistic-pilgrimages-first-10-days\/\"\n    dc:identifier=\"https:\/\/catholicreview.org\/stories-of-conversion-amazing-encounters-mark-national-eucharistic-pilgrimages-first-10-days\/\"\n    dc:title=\"Stories of conversion, &#8216;amazing&#8217; encounters mark National Eucharistic Pilgrimage&#8217;s first 10 days\"\n    trackback:ping=\"https:\/\/catholicreview.org\/stories-of-conversion-amazing-encounters-mark-national-eucharistic-pilgrimages-first-10-days\/trackback\/\" \/>\n<\/rdf:RDF>-->\n<\/p>\n<\/div>\n<h2>Une p\u00e9riode de pri\u00e8re individuelle pour nous connecter envers Dieu. <\/h2>\n<p>Cher P\u00e8re des cieux, je viens devant toi afin que je puisse te remercier \u00e0 cause de cette in\u00e9dite journ\u00e9e. Je t\u2019adore pour ta bienveillance ainsi que ta loyaut\u00e9 envers moi. Je te demande de me remplir de ta saintet\u00e9 et de me donner la gr\u00e2ce de ressentir pr\u00e8s de moi pendant toute la dur\u00e9e de cette journ\u00e9e. Je te remets toutes mes inqui\u00e9tudes, mes all\u00e9gresses, mes chagrins, mes aspirations et mes attentes. Puisses ton Saint-Esprit \u00e9claire de sa lumi\u00e8re mon esprit et consolide ma foi, de sorte que je puisse cheminer dans ta voie et r\u00e9aliser ta volont\u00e9. Donne-moi la gr\u00e2ce de vivre selon la compassion que tu nous as illustr\u00e9 le mod\u00e8le \u00e0 travers ton Fils ch\u00e9ri, J\u00e9sus-Christ.<\/p>\n<h3> Note \u00e0 propos de compr\u00e9hension : <\/h3>\n<p>L\u2019acte de pri\u00e8re nous entra\u00eene au c\u0153ur de le famille divine, l\u00e0 o\u00f9 le Seigneur le P\u00e8re nous accueille tel ses prog\u00e9nitures bien-aim\u00e9s. Au sein de cette relation familial, nous trouvons la puissance et aussi la consolation afin de traverser les \u00e9preuves de ce monde. La pri\u00e8re nous rem\u00e9more les enseignements du disciple Pierre, celui-ci exhorte les fid\u00e8les \u00e0 demeurer fermes dans foi, m\u00eame en dans le tumulte des temp\u00eates de ce monde-ci.<\/p>\n<h3>\nRenforcer notre connexion \u00e0 J\u00e9sus d\u00e8s chaque matin<\/h3>\n<p>Nous pouvons m\u00e9diter en ce qui concerne l\u2019un des nombreux \u00e9vangiles pour nous connecter envers J\u00e9sus. Par exemple :<\/p>\n<h3>Jean 15, 9-17 : <\/h3>\n<p>\u00a0\u00bb<br \/>\nC\u2019est ici mon commandement: Aimez-vous les uns les autres, comme je vous ai aim\u00e9s. Il n\u2019y a pas de plus grand amour que de donner sa vie pour ses amis. Vous \u00eates mes amis, si vous faites ce que je vous commande. Je ne vous appelle plus serviteurs, parce que le serviteur ne sait pas ce que fait son ma\u00eetre; mais je vous ai appel\u00e9s amis, parce que je vous ai fait conna\u00eetre tout ce que j\u2019ai appris de mon P\u00e8re.\u00a0\u00bb<\/p>\n<h2> Demander indulgence \u00e0 Dieu en raison de nos p\u00e9ch\u00e9s <\/h2>\n<p>Dieu J\u00e9sus, j\u2019arrive te supplier de pardonner mes propres p\u00e9ch\u00e9s. Je suis que je ne suis pas irr\u00e9prochable et que j\u2019ai besoin de ton mis\u00e9ricorde. Je te demande de me lib\u00e9rer de chaque ce qui me s\u00e9pare de toi et de me accorder la gr\u00e2ce afin de vivre en conformit\u00e9 avec ta volont\u00e9. Que ta b\u00e9n\u00e9diction c\u00e9leste \u00e9claire les endroits les plus sombres de mon c\u0153ur, purifiant ma personne et me conduisant sur la route de la saintet\u00e9. Amen.<\/p>\n<h3> Discussion envers le Seigneur de la m\u00eame mani\u00e8re que parler avec un ami. <\/h3>\n<p>Nous avons la possibilit\u00e9 de communiquer envers Dieu de la m\u00eame mani\u00e8re que \u00e0 un ami intime, le Seigneur confier nos joies et nos peines, l\u2019\u00c9ternel demander de l\u2019aide dans nos d\u00e9fis quotidiens. Par exemple : Ma\u00eetre, b\u00e9n\u00e9diction en raison de cette fra\u00eeche journ\u00e9e. Je me pr\u00e9sente te supplier de \u00e0 \u00eatre patient envers mes enfants et de me octroyer la force d\u2019affronter aux d\u00e9fis de la journ\u00e9e. Je te confie mes projets et mes soucis, et je te demande de me montrer de quelle mani\u00e8re je suis en mesure de te servir et t\u2019honorer aujourd\u2019hui. Accorde-moi, \u00f4 Seigneur, ton intelligence pour que je puisse prendre les bonnes d\u00e9cisions et ta gr\u00e2ce pour traverser les \u00e9preuves avec foi. Amen.<\/p>\n<h3> Un moment de silence pour percevoir Dieu. <\/h3>\n<p>Apr\u00e8s une pri\u00e8re et cette m\u00e9ditation, il est essentiel de prendre un moment de silence afin de \u00e9couter cette voix de Dieu dans nos c\u0153urs. Dans ce silence, on peut ressentir sa pr\u00e9sence calme et obtenir ses inspirations pour la journ\u00e9e qui se.<\/p>\n<h3> Se orienter vers le Christ en vue de retrouver cette paix int\u00e9rieure. <\/h3>\n<p>Nous avons la possibilit\u00e9 de prier J\u00e9sus m\u2019assister nous fournir sa paix et m\u2019assister nous assister pour \u00e9couter sa parole. Par exemple :<br \/>\nSeigneur J\u00e9sus, j\u2019arrive te implorer de remplir mon c\u0153ur avec ta tendresse. Je te demande de me d\u00e9livrer de toutes les pens\u00e9es et les inqui\u00e9tudes me perturbent. Aide-moi en vue de \u00e9couter ta parole et pour la mettre en pratique dans ma vie. Que ton Esprit Saint, \u00f4 Christ, se transforme en ma force durant de cette journ\u00e9e. Amen.<\/p>\n<h3> Achever cette pri\u00e8re matinale en consacrant notre journ\u00e9e pour Dieu. <\/h3>\n<p>Nous pouvonsoffrir la journ\u00e9e \u00e0 Dieu et m\u00eame lui demander de la remplir de sa pr\u00e9sence et aussi de sa b\u00e9n\u00e9diction. Par exemple :<br \/>\nSeigneur, nous te remets cette journ\u00e9e entre tes mains. Que toutes de mes pas soit dirig\u00e9 par ta sagesse, que toutes de mes paroles soit inspir\u00e9e par ton amour. Que toutes mes actions soient accomplies selon ta volont\u00e9, pour ta gloire et l\u2019ensemble des bien. Que ta divine lumi\u00e8re \u00e9claire ma route ainsi que que tu habites mon c\u0153ur. Amen.<\/p>\n<h3> Invocation d\u2019intercession matinale. <\/h3>\n<p>La invocation du matin consiste \u00e0 implorer pour les besoins de nos chr\u00e9tiennes et de tous les chr\u00e9tiens. Nous pouvons prier pour les personnes dans le besoin, pour les malades, pour les personnes qui se trouvent souffrent, pour les personnes qui se trouvent confront\u00e9es \u00e0 des difficult\u00e9s, pour les personnes d\u00e9courag\u00e9es et pour les personnes qui dans l\u2019erreur.<\/p>\n<h3> Prier en vue de tous individus dans le besoin. <\/p>\n<h3>\n<\/h3>\n<\/h3>\n<p>Divin, dans votre grande mis\u00e9ricorde, nous te supplions en vue de l\u2019ensemble des personnes qui traversent d\u2019innombrables difficult\u00e9s financi\u00e8res. Que tu leur accordes la force et aussi la pers\u00e9v\u00e9rance pour surmonter ces \u00e9preuves, et que lui leur apportes les ressources n\u00e9cessaires afin de subvenir \u00e0 leurs besoins. Accorde-leur, Grand, votre providence afin de \u00e9clairer leur pas dans l\u2019obscurit\u00e9 de leurs soucis financiers.<\/p>\n<p>Nous te demandons \u00e9galement afin de l\u2019ensemble des personnes qui luttent vis-\u00e0-vis de d\u2019innombrables probl\u00e8mes de sant\u00e9. Que ta main puissante se pose sur elles, Seigneur, pour les gu\u00e9rir ainsi que les r\u00e9conforter dans leur douleur. Accorde-leur, Grand, la force et aussi le courage afin de faire face \u00e0 leurs d\u00e9fis de sant\u00e9 en confiance en sa divine providence.<\/p>\n<p>On te demandons aussi pour toutes personnes qui sont confront\u00e9es vis-\u00e0-vis de de difficult\u00e9s dans leur vie, quelle que soit ce que ce soit sur le plan professionnel, relationnel ou bien \u00e9motionnel. Que votre gr\u00e2ce, Seigneur, soit leur soutien et leur r\u00e9confort dans ces moments d\u2019\u00e9preuve. Accorde-leur, Dieu Tout-Puissant, ton Esprit Saint pour illuminer leur chemin et aussi les guider vers la s\u00e9r\u00e9nit\u00e9.<\/p>\n<p>En conclusion, nous lui prions afin de toutes personnes qui sont sans-abri, celles qui sont marginalis\u00e9es ainsi que exclues de la soci\u00e9t\u00e9. Que sa mis\u00e9ricorde, Seigneur, se r\u00e9pande sur elles comme une certaine douce ros\u00e9e, leur apportant r\u00e9confort et espoir dans leur d\u00e9tresse. Accorde-leur, Grand, des mains g\u00e9n\u00e9reuses en vue de les aider ainsi que des c\u0153urs compatissants en vue de les accueillir dans leur communaut\u00e9.<\/p>\n<h3> d\u00e9veloppement sur la pri\u00e8re du matin. <\/h3>\n<p>Durant la pri\u00e8re, nous \u00e9voquons nos c\u0153urs \u00e0 l\u2019\u00e9gard de le Ciel, implorant la lumi\u00e8re de Dieu pour illuminer nos chemins t\u00e9n\u00e9breux. Marie, notre m\u00e8re, nous guide dans ce parcours, nous enseignant \u00e0 contempler sur les myst\u00e8res de la vie de son divin enfant. Elle nous conduit \u00e0 J\u00e9sus, le lumi\u00e8re du monde, qui \u00e9claire nos t\u00e9n\u00e8bres et nous oriente vers la v\u00e9rit\u00e9.<br \/>\nLa supplication nous relie aussi \u00e0 notre communaut\u00e9 spirituelle, la assembl\u00e9e des croyants, o\u00f9 nous communiquons nos joies et nos peines, nos esp\u00e9rances et nos inqui\u00e9tudes. Unis, nous formons le corps du Christ, d\u00e9sign\u00e9s \u00e0 d\u00e9montrer de son charit\u00e9. Par nos supplications, nous interc\u00e9dons pour les n\u00e9cessit\u00e9s des croyantes et des fid\u00e8les, donnant notre charit\u00e9 et notre compassion \u00e0 ceux qui \u00e9prouvent.<br \/>\nUnissons-nous dans la pri\u00e8re du matin, dans l\u2019unit\u00e9 de notre esp\u00e9rance, en Marie, la m\u00e8re de notre Seigneur J\u00e9sus-Christ. Dans notre monde tourment\u00e9 par la guerre et la discorde, recourons \u00e0 la pri\u00e8re comme un moyen pour trouver la paix et la r\u00e9conciliation. Les catholiques du monde entier peuvent \u00e9crire un message pour Marie <a target=\"_blank\" rel=\"nofollow\" href=\"https:\/\/editionsbussiere.com\/blog\/goto\/https:\/\/www.avemariasound.org\/\" >sur le web.<\/a> Que nos pri\u00e8res montent vers le ciel, comme un hommage agr\u00e9able par Dieu, pour qu\u2019il guide nous guider nos pas sur le chemin de la justice et de la v\u00e9rit\u00e9. Saint Paul nous exhorte dans ses \u00e9p\u00eetres \u00e0 prier sans cesse, en toutes circonstances, afin que notre communion \u00e0 Dieu soit solide et passionn\u00e9e. La pri\u00e8re, lorsqu\u2019elle est offerte sinc\u00e8rement, a la capacit\u00e9 de changer nos c\u0153urs et de modifier le destin de l\u2019histoire.<\/p>\n<h2> \u00c9lever nos propres et les pri\u00e8res pour nos amis au Seigneur matinale.<\/h2>\n<p>Cette derni\u00e8re partie de la pri\u00e8re du matin consiste \u00e0 prier pour nos propres proches, l\u2019ensemble de notre famille, nos compagnons et nos communaut\u00e9. Nous pouvons prier pour leur propre, leur bonheur, leur s\u00fbret\u00e9, et leur fortune. Nous pouvons \u00e9galement prier pour nos d\u00e9tracteurs et pour ceux qui nous ont l\u00e9s\u00e9s, et demander \u00e0 Dieu de nous aider \u00e0 leur pardonner et \u00e0 leur t\u00e9moigner de la compassion.<\/p>\n<h3> Implorer pour la condition physique et la tranquillit\u00e9 de nos amis.<\/h3>\n<p>Dieu tout-puissant, nous autres te confions nos proches, notre familles avec nos amis. Garde, cher Dieu, sur eux, ainsi que pr\u00e9serve -les de tout danger et de toute affliction. Accorde, Dieu mis\u00e9ricordieux, une bien-\u00eatre du corps avec de l\u2019esprit \u00e0 eux, et la paix au sein de leur esprit. Que ta protection puissante les garde ainsi que les personnes guide chacun au long de cette journ\u00e9e, afin qu\u2019ils jouissent dans une s\u00e9curit\u00e9 et la paix.<\/p>\n<p>Nous te prions aussi pour notre enfants, Seigneur, afin qu\u2019ils grandissent dans leur foi ainsi que dans l\u2019amour de ton saint nom. Accorde, \u00d4 Dieu, une sagesse ainsi que la force n\u00e9cessaires en vue de surmonter les \u00e9preuves de la vie, et aussi conduise leurs pas sur le chemin de la v\u00e9rit\u00e9 ainsi que de la justice.<\/p>\n<p>Enfin, nous tous te prions \u00e0 nos amis et nos voisins, Seigneur, pour qu\u2019ils connaissent la joie de ton amour ainsi que la paix de ton pardon. Accorde-leur, \u00d4 Dieu, des c\u0153urs bienveillants afin de partager avec ceux que dans le besoin, et bras accueillantes pour accueillir ceux qui sont seuls et aussi abandonn\u00e9s.<\/p>\n<h3> Prier pour nos ennemis et aussi ceux que nous autres ont offens\u00e9s. <\/h3>\n<p>Seigneur Dieu, J\u00e9sus, nous te prions pour notre ennemis et pour ceux-ci qui sont nous ont offens\u00e9s. Accorde-leur, \u00f4 Christ, ta mis\u00e9ricorde et aussi ton pardon, et ouvre leur c\u0153ur \u00e0 la lumi\u00e8re des ta v\u00e9rit\u00e9. Aide-nous, Seigneur Dieu, \u00e0 leur montrer de la compassion et aussi \u00e0 leur pardonner comme tu nous autres as pardonn\u00e9. Que votre paix r\u00e8gne dans notre c\u0153urs et que votre amour guide les n\u00f4tres actions, pour que nous puissions vivre en harmonie avec tous ceux qui sont nous entourent.<\/p>\n<h3> Saisir la pri\u00e8re : <\/h3>\n<p>Pour terminer, la oraison nous rappelle notre devoir tel que enfant de l\u2019\u00c9ternel : \u00eatre des t\u00e9moins de sa clart\u00e9 et de ses amour dans une \u00e9poque en proie aux t\u00e9n\u00e8bres. \u00c0 travers nos discours et nos \u0153uvres, nous r\u00e9pandons le message de l\u2019 s\u00e9r\u00e9nit\u00e9 et de la rapprochement, amenant l\u2019esp\u00e9rance et la gu\u00e9rison \u00e0 un milieu endommag\u00e9.<\/p>\n<p>Au sein de l\u2019 spiritualit\u00e9 chr\u00e9tienne, le lever du jour rev\u00eat une importance distincte, symbolisant le renouveau et l\u2019 renaissance spirituelle. C\u2019est au d\u00e9but de chaque jour que l\u2019\u00e2me se oriente vers le Seigneur dans l\u2019oraison, s\u2019effor\u00e7ant \u00e0 \u00eatre \u00e9clair\u00e9e par la lumi\u00e8re surnaturelle. L\u2019habitude des pri\u00e8res matinales s\u2019av\u00e8re essentiellement enracin\u00e9e dans la tradition chr\u00e9tienne, proposant un instant privil\u00e9gi\u00e9 pour communier avec l\u2019\u00c9ternel et se pr\u00e9parer spirituellement aux d\u00e9fis de la journ\u00e9e qui s\u2019annonce.<\/p>\n<p>En l\u2019int\u00e9rieur de ces oraisons matinales se trouve r\u00e9guli\u00e8rement une d\u00e9votion distincte envers Marie, maman m\u00e8re de J\u00e9sus et aussi figure sainte respect\u00e9e par de nombreux fid\u00e8les. En tant d\u2019 intercesseur parmi les hommes et Dieu, Marie est sollicit\u00e9e afin de m\u00e9dier en notre nom, nous guidant dans le chemin vers la saintet\u00e9 et ainsi que la gr\u00e2ce divine. Sa pr\u00e9sence maternelle donne consolation et s\u00e9curit\u00e9, entourant nos oraisons matinales avec une tendresse c\u00e9leste.<\/p>\n<p>En travers l\u2019 pri\u00e8re du matin, on est invit\u00e9s \u00e0 se unir vers Marie dans une d\u00e9marche pour b\u00e9atification personnelle. Dans m\u00e9ditant au sujet de la vie et ses vertus, nous cherchons \u00e0 imiter son humilit\u00e9, sa puret\u00e9 ainsi que son ob\u00e9issance vers la volont\u00e9 du Dieu. \u00c0 travers sa saintet\u00e9 exemplaire, Marie est en nous un mod\u00e8le de vie chr\u00e9tienne, nous souvenant l\u2019importance de la pri\u00e8re et du contemplation au sein de nos cheminement spirituel.<\/p>\n<p>La pri\u00e8re du matin est ainsi un moment privil\u00e9gi\u00e9 afin de se consacrer \u00e0 Dieu avec l\u2019intercession de Marie, en lui pr\u00e9sentant nos adorations, nos reconnaissances ainsi que nos intentions les plus profondes. Dans la qui\u00e9tude de l\u2019aurore, on est invit\u00e9s \u00e0 tourner vers la m\u00e8re sainte, laquelle on guide par douceur sur le chemin de la croyance et du sentiment amoureux divin. En associant notre voix \u00e0 celle de Marie, nous \u00e9levons notre pri\u00e8res matinales \u00e0 le tr\u00f4ne de la gr\u00e2ce, s\u00fbrs que notre supplications seront entendues ainsi que accueillies par le c\u0153ur mis\u00e9ricordieux de Dieu.<\/p>\n<p>Ce sujet correspond \u00e0 vos recherches vous adorerez tout autant ces livres:<\/p>\n<p>Silhouettes canadiennes\/Jeanne Mance.,<a target=\"_blank\" rel=\"nofollow\" href=\"https:\/\/editionsbussiere.com\/blog\/goto\/https:\/\/fr.wikisource.org\/wiki\/Silhouettes_canadiennes\/Jeanne_Mance\"  target=\"_blank\" rel=\"noopener noreferrer nofollow\">L\u2019article ICI.<\/a><span><\/span><\/p>\n<p>Lettres d\u2019Ab\u00e9lard et d\u2019H\u00e9lo\u00efse\/Tome 1\/Lettre troisi\u00e8me.,<a target=\"_blank\" rel=\"nofollow\" href=\"https:\/\/editionsbussiere.com\/blog\/goto\/https:\/\/fr.wikisource.org\/wiki\/Lettres_d%E2%80%99Ab%C3%A9lard_et_d%E2%80%99H%C3%A9lo%C3%AFse\/Tome_1\/Lettre_troisi%C3%A8me\"  target=\"_blank\" rel=\"noopener noreferrer nofollow\">A lire ici.<\/a><span><\/span>. Suite sur le prochain article.<\/p>\n<p>Les P\u00e8res de l\u2019\u00c9glise\/Tome 1\/Auteurs inconnus\/Saint Hermas.,<a target=\"_blank\" rel=\"nofollow\" href=\"https:\/\/editionsbussiere.com\/blog\/goto\/https:\/\/fr.wikisource.org\/wiki\/Les_P%C3%A8res_de_l%E2%80%99%C3%89glise\/Tome_1\/Auteurs_inconnus\/Saint_Hermas\"  target=\"_blank\" rel=\"noopener noreferrer nofollow\">Le dossier.<\/a><span><\/span><\/p>\n<p>La Th\u00e9ba\u00efde en Am\u00e9rique.,<a target=\"_blank\" rel=\"nofollow\" href=\"https:\/\/editionsbussiere.com\/blog\/goto\/https:\/\/fr.wikisource.org\/wiki\/La_Th%C3%A9ba%C3%AFde_en_Am%C3%A9rique\"  target=\"_blank\" rel=\"noopener noreferrer nofollow\">L\u2019article de presse.<\/a><span><\/span><\/p>\n<p>Dictionnaire historique et critique\/11e \u00e9d., 1820\/Anne.,<a target=\"_blank\" rel=\"nofollow\" href=\"https:\/\/editionsbussiere.com\/blog\/goto\/https:\/\/fr.wikisource.org\/wiki\/Dictionnaire_historique_et_critique\/11e_%C3%A9d.,_1820\/Anne\"  target=\"_blank\" rel=\"noopener noreferrer nofollow\">Le post d\u2019actualit\u00e9.<\/a><span><\/span><\/p>\n<p>Dictionnaire de th\u00e9ologie catholique\/ORIENTALE (MESSE) III. La messe dans le rit byzantin.,<a target=\"_blank\" rel=\"nofollow\" href=\"https:\/\/editionsbussiere.com\/blog\/goto\/https:\/\/fr.wikisource.org\/wiki\/Dictionnaire_de_th%C3%A9ologie_catholique\/ORIENTALE_(MESSE)_III._La_messe_dans_le_rit_byzantin\"  target=\"_blank\" rel=\"noopener noreferrer nofollow\">Le texte de l\u2019article.<\/a><span><\/span><\/p>\n<\/div>\n<p><img decoding=\"async\" class=\"wpe_imgrss\" src=\"https:\/\/editionsbussiere.com\/blog\/wp-content\/uploads\/2024\/06\/Des-histoires-de-conversion-et-des-rencontres-etonnantes.jpg\">Cet article a \u00e9t\u00e9 reconstitu\u00e9 du mieux possible. Dans l\u2019hypoth\u00e8se o\u00f9 vous souhaitez apporter quelques modifications concernant le th\u00e8me \u00ab\u00a0Editions \u00e9sot\u00e9rique fond\u00e9e en 1927\u00a0\u00bb, il est possible de discuter avec notre r\u00e9daction. Vous pouvez tirer profit de cet article traitant le sujet \u00ab\u00a0Editions \u00e9sot\u00e9rique fond\u00e9e en 1927\u00a0\u00bb. Il est concoct\u00e9 par l\u2019\u00e9quipe editionsbussiere.com. Le site editionsbussiere.com est fait pour cr\u00e9er divers posts autour du th\u00e8me Editions \u00e9sot\u00e9rique fond\u00e9e en 1927 d\u00e9velopp\u00e9es sur internet. Consultez notre site internet editionsbussiere.com et nos r\u00e9seaux sociaux pour \u00eatre au courant des futures annonces.<\/p>\n","protected":false},"excerpt":{"rendered":"<p>Alors qu&rsquo;une procession eucharistique traversait Victoria, au Texas, le 28 mai, un homme d&rsquo;une vingtaine d&rsquo;ann\u00e9es assis au bord d&rsquo;une rue a attir\u00e9 l&rsquo;attention de Charlie McCullough. McCullough s&rsquo;est arr\u00eat\u00e9 pour lui parler, lui expliquant ce qui se passait : la procession faisait partie du p\u00e8lerinage eucharistique national en route vers Indianapolis pour le Congr\u00e8s [&hellip;]<\/p>\n","protected":false},"author":3,"featured_media":716,"comment_status":"closed","ping_status":"closed","sticky":false,"template":"","format":"standard","meta":{"footnotes":""},"categories":[3],"tags":[],"class_list":["post-715","post","type-post","status-publish","format-standard","has-post-thumbnail","hentry","category-editions-esoterique-fondee-en-1927-depeches","entry","fw-tab-6 fw-tabr-4","has-featured-image"],"yoast_head":"<!-- This site is optimized with the Yoast SEO plugin v27.5 - https:\/\/yoast.com\/product\/yoast-seo-wordpress\/ -->\n<title>Des histoires de conversion et des rencontres \u00ab \u00e9tonnantes \u00bb marquent les 10 premiers jours du p\u00e8lerinage eucharistique national et pri\u00e8re pour commencer la journ\u00e9e. - EDITIONSBUSSIERE<\/title>\n<meta name=\"robots\" content=\"index, follow, max-snippet:-1, max-image-preview:large, max-video-preview:-1\" \/>\n<link rel=\"canonical\" href=\"https:\/\/editionsbussiere.com\/blog\/des-histoires-de-conversion-et-des-rencontres-etonnantes-marquent-les-10-premiers-jours-du-pelerinage-eucharistique-national-et-priere-pour-commencer-la-journee\/\" \/>\n<meta property=\"og:locale\" content=\"fr_FR\" \/>\n<meta property=\"og:type\" content=\"article\" \/>\n<meta property=\"og:title\" content=\"Des histoires de conversion et des rencontres \u00ab \u00e9tonnantes \u00bb marquent les 10 premiers jours du p\u00e8lerinage eucharistique national et pri\u00e8re pour commencer la journ\u00e9e. - EDITIONSBUSSIERE\" \/>\n<meta property=\"og:description\" content=\"Alors qu&rsquo;une procession eucharistique traversait Victoria, au Texas, le 28 mai, un homme d&rsquo;une vingtaine d&rsquo;ann\u00e9es assis au bord d&rsquo;une rue a attir\u00e9 l&rsquo;attention de Charlie McCullough. McCullough s&rsquo;est arr\u00eat\u00e9 pour lui parler, lui expliquant ce qui se passait : la procession faisait partie du p\u00e8lerinage eucharistique national en route vers Indianapolis pour le Congr\u00e8s [&hellip;]\" \/>\n<meta property=\"og:url\" content=\"https:\/\/editionsbussiere.com\/blog\/des-histoires-de-conversion-et-des-rencontres-etonnantes-marquent-les-10-premiers-jours-du-pelerinage-eucharistique-national-et-priere-pour-commencer-la-journee\/\" \/>\n<meta property=\"og:site_name\" content=\"EDITIONSBUSSIERE\" \/>\n<meta property=\"article:published_time\" content=\"2024-05-31T22:07:20+00:00\" \/>\n<meta property=\"og:image\" content=\"https:\/\/editionsbussiere.com\/blog\/wp-content\/uploads\/2024\/06\/Des-histoires-de-conversion-et-des-rencontres-etonnantes.jpg\" \/>\n<meta name=\"author\" content=\"Marie BATICLE\" \/>\n<meta name=\"twitter:card\" content=\"summary_large_image\" \/>\n<meta name=\"twitter:label1\" content=\"\u00c9crit par\" \/>\n\t<meta name=\"twitter:data1\" content=\"Marie BATICLE\" \/>\n\t<meta name=\"twitter:label2\" content=\"Dur\u00e9e de lecture estim\u00e9e\" \/>\n\t<meta name=\"twitter:data2\" content=\"22 minutes\" \/>\n<script type=\"application\/ld+json\" class=\"yoast-schema-graph\">{\"@context\":\"https:\\\/\\\/schema.org\",\"@graph\":[{\"@type\":\"Article\",\"@id\":\"https:\\\/\\\/editionsbussiere.com\\\/blog\\\/des-histoires-de-conversion-et-des-rencontres-etonnantes-marquent-les-10-premiers-jours-du-pelerinage-eucharistique-national-et-priere-pour-commencer-la-journee\\\/#article\",\"isPartOf\":{\"@id\":\"https:\\\/\\\/editionsbussiere.com\\\/blog\\\/des-histoires-de-conversion-et-des-rencontres-etonnantes-marquent-les-10-premiers-jours-du-pelerinage-eucharistique-national-et-priere-pour-commencer-la-journee\\\/\"},\"author\":{\"name\":\"Marie BATICLE\",\"@id\":\"https:\\\/\\\/editionsbussiere.com\\\/blog\\\/#\\\/schema\\\/person\\\/ec90e102792148c97e46ab871010dd8f\"},\"headline\":\"Des histoires de conversion et des rencontres \u00ab \u00e9tonnantes \u00bb marquent les 10 premiers jours du p\u00e8lerinage eucharistique national et pri\u00e8re pour commencer la journ\u00e9e.\",\"datePublished\":\"2024-05-31T22:07:20+00:00\",\"mainEntityOfPage\":{\"@id\":\"https:\\\/\\\/editionsbussiere.com\\\/blog\\\/des-histoires-de-conversion-et-des-rencontres-etonnantes-marquent-les-10-premiers-jours-du-pelerinage-eucharistique-national-et-priere-pour-commencer-la-journee\\\/\"},\"wordCount\":4379,\"publisher\":{\"@id\":\"https:\\\/\\\/editionsbussiere.com\\\/blog\\\/#organization\"},\"image\":{\"@id\":\"https:\\\/\\\/editionsbussiere.com\\\/blog\\\/des-histoires-de-conversion-et-des-rencontres-etonnantes-marquent-les-10-premiers-jours-du-pelerinage-eucharistique-national-et-priere-pour-commencer-la-journee\\\/#primaryimage\"},\"thumbnailUrl\":\"https:\\\/\\\/editionsbussiere.com\\\/blog\\\/wp-content\\\/uploads\\\/2024\\\/06\\\/Des-histoires-de-conversion-et-des-rencontres-etonnantes.jpg\",\"articleSection\":[\"Editions \u00c9sot\u00e9rique Fond\u00e9e En 1927; D\u00e9p\u00e8ches:\"],\"inLanguage\":\"fr-FR\"},{\"@type\":\"WebPage\",\"@id\":\"https:\\\/\\\/editionsbussiere.com\\\/blog\\\/des-histoires-de-conversion-et-des-rencontres-etonnantes-marquent-les-10-premiers-jours-du-pelerinage-eucharistique-national-et-priere-pour-commencer-la-journee\\\/\",\"url\":\"https:\\\/\\\/editionsbussiere.com\\\/blog\\\/des-histoires-de-conversion-et-des-rencontres-etonnantes-marquent-les-10-premiers-jours-du-pelerinage-eucharistique-national-et-priere-pour-commencer-la-journee\\\/\",\"name\":\"Des histoires de conversion et des rencontres \u00ab \u00e9tonnantes \u00bb marquent les 10 premiers jours du p\u00e8lerinage eucharistique national et pri\u00e8re pour commencer la journ\u00e9e. - EDITIONSBUSSIERE\",\"isPartOf\":{\"@id\":\"https:\\\/\\\/editionsbussiere.com\\\/blog\\\/#website\"},\"primaryImageOfPage\":{\"@id\":\"https:\\\/\\\/editionsbussiere.com\\\/blog\\\/des-histoires-de-conversion-et-des-rencontres-etonnantes-marquent-les-10-premiers-jours-du-pelerinage-eucharistique-national-et-priere-pour-commencer-la-journee\\\/#primaryimage\"},\"image\":{\"@id\":\"https:\\\/\\\/editionsbussiere.com\\\/blog\\\/des-histoires-de-conversion-et-des-rencontres-etonnantes-marquent-les-10-premiers-jours-du-pelerinage-eucharistique-national-et-priere-pour-commencer-la-journee\\\/#primaryimage\"},\"thumbnailUrl\":\"https:\\\/\\\/editionsbussiere.com\\\/blog\\\/wp-content\\\/uploads\\\/2024\\\/06\\\/Des-histoires-de-conversion-et-des-rencontres-etonnantes.jpg\",\"datePublished\":\"2024-05-31T22:07:20+00:00\",\"breadcrumb\":{\"@id\":\"https:\\\/\\\/editionsbussiere.com\\\/blog\\\/des-histoires-de-conversion-et-des-rencontres-etonnantes-marquent-les-10-premiers-jours-du-pelerinage-eucharistique-national-et-priere-pour-commencer-la-journee\\\/#breadcrumb\"},\"inLanguage\":\"fr-FR\",\"potentialAction\":[{\"@type\":\"ReadAction\",\"target\":[\"https:\\\/\\\/editionsbussiere.com\\\/blog\\\/des-histoires-de-conversion-et-des-rencontres-etonnantes-marquent-les-10-premiers-jours-du-pelerinage-eucharistique-national-et-priere-pour-commencer-la-journee\\\/\"]}]},{\"@type\":\"ImageObject\",\"inLanguage\":\"fr-FR\",\"@id\":\"https:\\\/\\\/editionsbussiere.com\\\/blog\\\/des-histoires-de-conversion-et-des-rencontres-etonnantes-marquent-les-10-premiers-jours-du-pelerinage-eucharistique-national-et-priere-pour-commencer-la-journee\\\/#primaryimage\",\"url\":\"https:\\\/\\\/editionsbussiere.com\\\/blog\\\/wp-content\\\/uploads\\\/2024\\\/06\\\/Des-histoires-de-conversion-et-des-rencontres-etonnantes.jpg\",\"contentUrl\":\"https:\\\/\\\/editionsbussiere.com\\\/blog\\\/wp-content\\\/uploads\\\/2024\\\/06\\\/Des-histoires-de-conversion-et-des-rencontres-etonnantes.jpg\",\"width\":900,\"height\":600,\"caption\":\"Des histoires de conversion et des rencontres etonnantes\"},{\"@type\":\"BreadcrumbList\",\"@id\":\"https:\\\/\\\/editionsbussiere.com\\\/blog\\\/des-histoires-de-conversion-et-des-rencontres-etonnantes-marquent-les-10-premiers-jours-du-pelerinage-eucharistique-national-et-priere-pour-commencer-la-journee\\\/#breadcrumb\",\"itemListElement\":[{\"@type\":\"ListItem\",\"position\":1,\"name\":\"Accueil\",\"item\":\"https:\\\/\\\/editionsbussiere.com\\\/blog\\\/\"},{\"@type\":\"ListItem\",\"position\":2,\"name\":\"Des histoires de conversion et des rencontres \u00ab \u00e9tonnantes \u00bb marquent les 10 premiers jours du p\u00e8lerinage eucharistique national et pri\u00e8re pour commencer la journ\u00e9e.\"}]},{\"@type\":\"WebSite\",\"@id\":\"https:\\\/\\\/editionsbussiere.com\\\/blog\\\/#website\",\"url\":\"https:\\\/\\\/editionsbussiere.com\\\/blog\\\/\",\"name\":\"EDITIONSBUSSIERE\",\"description\":\"Editions \u00e9sot\u00e9rique fond\u00e9e en 1927; site historique, A SAVOIR ET RETENIR.\",\"publisher\":{\"@id\":\"https:\\\/\\\/editionsbussiere.com\\\/blog\\\/#organization\"},\"potentialAction\":[{\"@type\":\"SearchAction\",\"target\":{\"@type\":\"EntryPoint\",\"urlTemplate\":\"https:\\\/\\\/editionsbussiere.com\\\/blog\\\/?s={search_term_string}\"},\"query-input\":{\"@type\":\"PropertyValueSpecification\",\"valueRequired\":true,\"valueName\":\"search_term_string\"}}],\"inLanguage\":\"fr-FR\"},{\"@type\":\"Organization\",\"@id\":\"https:\\\/\\\/editionsbussiere.com\\\/blog\\\/#organization\",\"name\":\"editionsbussiere\",\"url\":\"https:\\\/\\\/editionsbussiere.com\\\/blog\\\/\",\"logo\":{\"@type\":\"ImageObject\",\"inLanguage\":\"fr-FR\",\"@id\":\"https:\\\/\\\/editionsbussiere.com\\\/blog\\\/#\\\/schema\\\/logo\\\/image\\\/\",\"url\":\"https:\\\/\\\/editionsbussiere.com\\\/blog\\\/wp-content\\\/uploads\\\/2023\\\/09\\\/cropped-buss.gif\",\"contentUrl\":\"https:\\\/\\\/editionsbussiere.com\\\/blog\\\/wp-content\\\/uploads\\\/2023\\\/09\\\/cropped-buss.gif\",\"width\":298,\"height\":120,\"caption\":\"editionsbussiere\"},\"image\":{\"@id\":\"https:\\\/\\\/editionsbussiere.com\\\/blog\\\/#\\\/schema\\\/logo\\\/image\\\/\"}},{\"@type\":\"Person\",\"@id\":\"https:\\\/\\\/editionsbussiere.com\\\/blog\\\/#\\\/schema\\\/person\\\/ec90e102792148c97e46ab871010dd8f\",\"name\":\"Marie BATICLE\",\"image\":{\"@type\":\"ImageObject\",\"inLanguage\":\"fr-FR\",\"@id\":\"https:\\\/\\\/secure.gravatar.com\\\/avatar\\\/c923e52403b1b8137e2d929127211d21967e6aecaa053bd43b09da29f212e76e?s=96&d=mm&r=g\",\"url\":\"https:\\\/\\\/secure.gravatar.com\\\/avatar\\\/c923e52403b1b8137e2d929127211d21967e6aecaa053bd43b09da29f212e76e?s=96&d=mm&r=g\",\"contentUrl\":\"https:\\\/\\\/secure.gravatar.com\\\/avatar\\\/c923e52403b1b8137e2d929127211d21967e6aecaa053bd43b09da29f212e76e?s=96&d=mm&r=g\",\"caption\":\"Marie BATICLE\"},\"url\":\"https:\\\/\\\/editionsbussiere.com\\\/blog\\\/author\\\/eremarie\\\/\"}]}<\/script>\n<!-- \/ Yoast SEO plugin. -->","yoast_head_json":{"title":"Des histoires de conversion et des rencontres \u00ab \u00e9tonnantes \u00bb marquent les 10 premiers jours du p\u00e8lerinage eucharistique national et pri\u00e8re pour commencer la journ\u00e9e. - EDITIONSBUSSIERE","robots":{"index":"index","follow":"follow","max-snippet":"max-snippet:-1","max-image-preview":"max-image-preview:large","max-video-preview":"max-video-preview:-1"},"canonical":"https:\/\/editionsbussiere.com\/blog\/des-histoires-de-conversion-et-des-rencontres-etonnantes-marquent-les-10-premiers-jours-du-pelerinage-eucharistique-national-et-priere-pour-commencer-la-journee\/","og_locale":"fr_FR","og_type":"article","og_title":"Des histoires de conversion et des rencontres \u00ab \u00e9tonnantes \u00bb marquent les 10 premiers jours du p\u00e8lerinage eucharistique national et pri\u00e8re pour commencer la journ\u00e9e. - EDITIONSBUSSIERE","og_description":"Alors qu&rsquo;une procession eucharistique traversait Victoria, au Texas, le 28 mai, un homme d&rsquo;une vingtaine d&rsquo;ann\u00e9es assis au bord d&rsquo;une rue a attir\u00e9 l&rsquo;attention de Charlie McCullough. McCullough s&rsquo;est arr\u00eat\u00e9 pour lui parler, lui expliquant ce qui se passait : la procession faisait partie du p\u00e8lerinage eucharistique national en route vers Indianapolis pour le Congr\u00e8s [&hellip;]","og_url":"https:\/\/editionsbussiere.com\/blog\/des-histoires-de-conversion-et-des-rencontres-etonnantes-marquent-les-10-premiers-jours-du-pelerinage-eucharistique-national-et-priere-pour-commencer-la-journee\/","og_site_name":"EDITIONSBUSSIERE","article_published_time":"2024-05-31T22:07:20+00:00","og_image":[{"url":"https:\/\/editionsbussiere.com\/blog\/wp-content\/uploads\/2024\/06\/Des-histoires-de-conversion-et-des-rencontres-etonnantes.jpg","type":"","width":"","height":""}],"author":"Marie BATICLE","twitter_card":"summary_large_image","twitter_misc":{"\u00c9crit par":"Marie BATICLE","Dur\u00e9e de lecture estim\u00e9e":"22 minutes"},"schema":{"@context":"https:\/\/schema.org","@graph":[{"@type":"Article","@id":"https:\/\/editionsbussiere.com\/blog\/des-histoires-de-conversion-et-des-rencontres-etonnantes-marquent-les-10-premiers-jours-du-pelerinage-eucharistique-national-et-priere-pour-commencer-la-journee\/#article","isPartOf":{"@id":"https:\/\/editionsbussiere.com\/blog\/des-histoires-de-conversion-et-des-rencontres-etonnantes-marquent-les-10-premiers-jours-du-pelerinage-eucharistique-national-et-priere-pour-commencer-la-journee\/"},"author":{"name":"Marie BATICLE","@id":"https:\/\/editionsbussiere.com\/blog\/#\/schema\/person\/ec90e102792148c97e46ab871010dd8f"},"headline":"Des histoires de conversion et des rencontres \u00ab \u00e9tonnantes \u00bb marquent les 10 premiers jours du p\u00e8lerinage eucharistique national et pri\u00e8re pour commencer la journ\u00e9e.","datePublished":"2024-05-31T22:07:20+00:00","mainEntityOfPage":{"@id":"https:\/\/editionsbussiere.com\/blog\/des-histoires-de-conversion-et-des-rencontres-etonnantes-marquent-les-10-premiers-jours-du-pelerinage-eucharistique-national-et-priere-pour-commencer-la-journee\/"},"wordCount":4379,"publisher":{"@id":"https:\/\/editionsbussiere.com\/blog\/#organization"},"image":{"@id":"https:\/\/editionsbussiere.com\/blog\/des-histoires-de-conversion-et-des-rencontres-etonnantes-marquent-les-10-premiers-jours-du-pelerinage-eucharistique-national-et-priere-pour-commencer-la-journee\/#primaryimage"},"thumbnailUrl":"https:\/\/editionsbussiere.com\/blog\/wp-content\/uploads\/2024\/06\/Des-histoires-de-conversion-et-des-rencontres-etonnantes.jpg","articleSection":["Editions \u00c9sot\u00e9rique Fond\u00e9e En 1927; D\u00e9p\u00e8ches:"],"inLanguage":"fr-FR"},{"@type":"WebPage","@id":"https:\/\/editionsbussiere.com\/blog\/des-histoires-de-conversion-et-des-rencontres-etonnantes-marquent-les-10-premiers-jours-du-pelerinage-eucharistique-national-et-priere-pour-commencer-la-journee\/","url":"https:\/\/editionsbussiere.com\/blog\/des-histoires-de-conversion-et-des-rencontres-etonnantes-marquent-les-10-premiers-jours-du-pelerinage-eucharistique-national-et-priere-pour-commencer-la-journee\/","name":"Des histoires de conversion et des rencontres \u00ab \u00e9tonnantes \u00bb marquent les 10 premiers jours du p\u00e8lerinage eucharistique national et pri\u00e8re pour commencer la journ\u00e9e. - EDITIONSBUSSIERE","isPartOf":{"@id":"https:\/\/editionsbussiere.com\/blog\/#website"},"primaryImageOfPage":{"@id":"https:\/\/editionsbussiere.com\/blog\/des-histoires-de-conversion-et-des-rencontres-etonnantes-marquent-les-10-premiers-jours-du-pelerinage-eucharistique-national-et-priere-pour-commencer-la-journee\/#primaryimage"},"image":{"@id":"https:\/\/editionsbussiere.com\/blog\/des-histoires-de-conversion-et-des-rencontres-etonnantes-marquent-les-10-premiers-jours-du-pelerinage-eucharistique-national-et-priere-pour-commencer-la-journee\/#primaryimage"},"thumbnailUrl":"https:\/\/editionsbussiere.com\/blog\/wp-content\/uploads\/2024\/06\/Des-histoires-de-conversion-et-des-rencontres-etonnantes.jpg","datePublished":"2024-05-31T22:07:20+00:00","breadcrumb":{"@id":"https:\/\/editionsbussiere.com\/blog\/des-histoires-de-conversion-et-des-rencontres-etonnantes-marquent-les-10-premiers-jours-du-pelerinage-eucharistique-national-et-priere-pour-commencer-la-journee\/#breadcrumb"},"inLanguage":"fr-FR","potentialAction":[{"@type":"ReadAction","target":["https:\/\/editionsbussiere.com\/blog\/des-histoires-de-conversion-et-des-rencontres-etonnantes-marquent-les-10-premiers-jours-du-pelerinage-eucharistique-national-et-priere-pour-commencer-la-journee\/"]}]},{"@type":"ImageObject","inLanguage":"fr-FR","@id":"https:\/\/editionsbussiere.com\/blog\/des-histoires-de-conversion-et-des-rencontres-etonnantes-marquent-les-10-premiers-jours-du-pelerinage-eucharistique-national-et-priere-pour-commencer-la-journee\/#primaryimage","url":"https:\/\/editionsbussiere.com\/blog\/wp-content\/uploads\/2024\/06\/Des-histoires-de-conversion-et-des-rencontres-etonnantes.jpg","contentUrl":"https:\/\/editionsbussiere.com\/blog\/wp-content\/uploads\/2024\/06\/Des-histoires-de-conversion-et-des-rencontres-etonnantes.jpg","width":900,"height":600,"caption":"Des histoires de conversion et des rencontres etonnantes"},{"@type":"BreadcrumbList","@id":"https:\/\/editionsbussiere.com\/blog\/des-histoires-de-conversion-et-des-rencontres-etonnantes-marquent-les-10-premiers-jours-du-pelerinage-eucharistique-national-et-priere-pour-commencer-la-journee\/#breadcrumb","itemListElement":[{"@type":"ListItem","position":1,"name":"Accueil","item":"https:\/\/editionsbussiere.com\/blog\/"},{"@type":"ListItem","position":2,"name":"Des histoires de conversion et des rencontres \u00ab \u00e9tonnantes \u00bb marquent les 10 premiers jours du p\u00e8lerinage eucharistique national et pri\u00e8re pour commencer la journ\u00e9e."}]},{"@type":"WebSite","@id":"https:\/\/editionsbussiere.com\/blog\/#website","url":"https:\/\/editionsbussiere.com\/blog\/","name":"EDITIONSBUSSIERE","description":"Editions \u00e9sot\u00e9rique fond\u00e9e en 1927; site historique, A SAVOIR ET RETENIR.","publisher":{"@id":"https:\/\/editionsbussiere.com\/blog\/#organization"},"potentialAction":[{"@type":"SearchAction","target":{"@type":"EntryPoint","urlTemplate":"https:\/\/editionsbussiere.com\/blog\/?s={search_term_string}"},"query-input":{"@type":"PropertyValueSpecification","valueRequired":true,"valueName":"search_term_string"}}],"inLanguage":"fr-FR"},{"@type":"Organization","@id":"https:\/\/editionsbussiere.com\/blog\/#organization","name":"editionsbussiere","url":"https:\/\/editionsbussiere.com\/blog\/","logo":{"@type":"ImageObject","inLanguage":"fr-FR","@id":"https:\/\/editionsbussiere.com\/blog\/#\/schema\/logo\/image\/","url":"https:\/\/editionsbussiere.com\/blog\/wp-content\/uploads\/2023\/09\/cropped-buss.gif","contentUrl":"https:\/\/editionsbussiere.com\/blog\/wp-content\/uploads\/2023\/09\/cropped-buss.gif","width":298,"height":120,"caption":"editionsbussiere"},"image":{"@id":"https:\/\/editionsbussiere.com\/blog\/#\/schema\/logo\/image\/"}},{"@type":"Person","@id":"https:\/\/editionsbussiere.com\/blog\/#\/schema\/person\/ec90e102792148c97e46ab871010dd8f","name":"Marie BATICLE","image":{"@type":"ImageObject","inLanguage":"fr-FR","@id":"https:\/\/secure.gravatar.com\/avatar\/c923e52403b1b8137e2d929127211d21967e6aecaa053bd43b09da29f212e76e?s=96&d=mm&r=g","url":"https:\/\/secure.gravatar.com\/avatar\/c923e52403b1b8137e2d929127211d21967e6aecaa053bd43b09da29f212e76e?s=96&d=mm&r=g","contentUrl":"https:\/\/secure.gravatar.com\/avatar\/c923e52403b1b8137e2d929127211d21967e6aecaa053bd43b09da29f212e76e?s=96&d=mm&r=g","caption":"Marie BATICLE"},"url":"https:\/\/editionsbussiere.com\/blog\/author\/eremarie\/"}]}},"_links":{"self":[{"href":"https:\/\/editionsbussiere.com\/blog\/wp-json\/wp\/v2\/posts\/715","targetHints":{"allow":["GET"]}}],"collection":[{"href":"https:\/\/editionsbussiere.com\/blog\/wp-json\/wp\/v2\/posts"}],"about":[{"href":"https:\/\/editionsbussiere.com\/blog\/wp-json\/wp\/v2\/types\/post"}],"author":[{"embeddable":true,"href":"https:\/\/editionsbussiere.com\/blog\/wp-json\/wp\/v2\/users\/3"}],"replies":[{"embeddable":true,"href":"https:\/\/editionsbussiere.com\/blog\/wp-json\/wp\/v2\/comments?post=715"}],"version-history":[{"count":0,"href":"https:\/\/editionsbussiere.com\/blog\/wp-json\/wp\/v2\/posts\/715\/revisions"}],"wp:featuredmedia":[{"embeddable":true,"href":"https:\/\/editionsbussiere.com\/blog\/wp-json\/wp\/v2\/media\/716"}],"wp:attachment":[{"href":"https:\/\/editionsbussiere.com\/blog\/wp-json\/wp\/v2\/media?parent=715"}],"wp:term":[{"taxonomy":"category","embeddable":true,"href":"https:\/\/editionsbussiere.com\/blog\/wp-json\/wp\/v2\/categories?post=715"},{"taxonomy":"post_tag","embeddable":true,"href":"https:\/\/editionsbussiere.com\/blog\/wp-json\/wp\/v2\/tags?post=715"}],"curies":[{"name":"wp","href":"https:\/\/api.w.org\/{rel}","templated":true}]}}