{"id":710,"date":"2024-05-31T18:15:58","date_gmt":"2024-05-31T16:15:58","guid":{"rendered":"https:\/\/editionsbussiere.com\/blog\/lhotesse-de-lair-la-plus-ancienne-etait-une-catholique-convaincue-avec-une-invocation-matinale\/"},"modified":"2024-05-31T18:15:58","modified_gmt":"2024-05-31T16:15:58","slug":"lhotesse-de-lair-la-plus-ancienne-etait-une-catholique-convaincue-avec-une-invocation-matinale","status":"publish","type":"post","link":"https:\/\/editionsbussiere.com\/blog\/lhotesse-de-lair-la-plus-ancienne-etait-une-catholique-convaincue-avec-une-invocation-matinale\/","title":{"rendered":"L&rsquo;h\u00f4tesse de l&rsquo;air la plus ancienne \u00e9tait une catholique convaincue\n avec une invocation matinale."},"content":{"rendered":"<div><img width=\"580\" height=\"290\" src=\"https:\/\/editionsbussiere.com\/blog\/wp-content\/uploads\/2024\/05\/L39hotesse-de-l39air-la-plus-ancienne-etait-une-catholique-convaincue.jpg\" class=\"attachment-large size-large wp-post-image\" alt=\"L'h\u00f4tesse de l'air la plus ancienne \u00e9tait une catholique convaincue\" style=\"float:left; margin:0 15px 15px 0;\" decoding=\"async\" srcset=\"https:\/\/editionsbussiere.com\/blog\/wp-content\/uploads\/2024\/05\/L39hotesse-de-l39air-la-plus-ancienne-etait-une-catholique-convaincue.jpg 620w, https:\/\/www.n42.fr\/wp-content\/uploads\/2024\/05\/L39hotesse-de-l39air-la-plus-ancienne-etait-une-catholique-convaincue-300x150.jpg 300w\" sizes=\"(max-width: 580px) 100vw, 580px\"><\/p>\n<p>\n<\/p>\n<div id=\"\"><span class=\"subtitle\">Bette Nash a commenc\u00e9 comme \u00ab h\u00f4tesse de l&rsquo;air \u00bb en 1957 et a choisi d&rsquo;\u00eatre pr\u00e8s de chez elle pour \u00eatre avec son fils trisomique.  Elle est d\u00e9c\u00e9d\u00e9e le 24 mai.<\/span><\/p>\n<p>Lorsqu&rsquo;elle a d\u00e9but\u00e9 sa carri\u00e8re, Bette Nash \u00e9tait connue comme h\u00f4tesse de l&rsquo;air.  Elle servait du homard et du champagne sur les vols sur lesquels elle travaillait et d\u00e9coupait du b\u0153uf pour ceux qui le demandaient.  Elle a offert des cigarettes aux passagers qui souhaitaient fumer apr\u00e8s le repas.<\/p>\n<p>Soixante-six ans plus tard, Bette Nash a obtenu une place dans le Livre Guinness des records en tant qu&rsquo;h\u00f4tesse de l&rsquo;air la plus ancienne.  Chemin faisant, elle a d\u00e9velopp\u00e9 une sorte de fan club parmi les habitu\u00e9s de sa route Washington-Boston.  Quelqu\u2019un l\u2019a surnomm\u00e9 le \u00ab Nash Dash \u00bb.<\/p>\n<p>Nash est d\u00e9c\u00e9d\u00e9e alors qu&rsquo;elle \u00e9tait en soins palliatifs le 24 mai \u00e0 l&rsquo;\u00e2ge de 88 ans, apr\u00e8s avoir lutt\u00e9 contre un cancer du sein.  Sa n\u00e9crologie indiquait qu&rsquo;\u00ab au-del\u00e0 de ses r\u00e9alisations professionnelles, Bette \u00e9tait une membre d\u00e9vou\u00e9e et une b\u00e9n\u00e9vole de l&rsquo;\u00e9glise Sacred Heart de Manassas, en Virginie.  Sa foi et son service \u00e0 la communaut\u00e9 eccl\u00e9siale \u00e9taient au c\u0153ur de sa vie, apportant r\u00e9confort et soutien \u00e0 de nombreuses personnes.<\/p>\n<p>Les fun\u00e9railles de Bette Nash auront lieu au Sacr\u00e9-C\u0153ur le 10 juin. <\/p>\n<p>La n\u00e9crologie ajoute qu\u2019on se souviendra d\u2019elle \u00ab non seulement pour sa carri\u00e8re extraordinaire, mais aussi pour sa chaleur, sa g\u00e9n\u00e9rosit\u00e9 et les innombrables vies qu\u2019elle a touch\u00e9es \u00bb.<\/p>\n<\/p>\n<h2>\u00c9cole de charme<\/h2>\n<p>N\u00e9e Mary Elizabeth Burke le soir du Nouvel An 1935, elle a grandi \u00e0 Pleasantville, New Jersey, une banlieue d&rsquo;Atlantic City.  L\u2019\u00e8re des avions \u00e0 r\u00e9action \u00e9tait encore jeune et voler \u00e9tait largement consid\u00e9r\u00e9 comme exotique et passionnant.  Bette \u00e9tait attir\u00e9e par ce qu&rsquo;elle percevait de la vie d&rsquo;h\u00f4tesse de l&rsquo;air. <\/p>\n<blockquote class=\"wp-block-quote is-layout-flow wp-block-quote-is-layout-flow\">\n<p>\u00abCela avait l&rsquo;air si \u00e9l\u00e9gant.  Et romantique.  C&rsquo;\u00e9tait le roman du ciel.  Vous pourriez d\u00e9coller et vous retrouver presque dans un autre monde \u00bb, a d\u00e9clar\u00e9 Nash au Boston Globe en 2007. <\/p>\n<\/blockquote>\n<p>Elle a \u00e9tudi\u00e9 le commerce au Sacred Heart College de Belmont, en Caroline du Nord, une \u00e9cole aujourd&rsquo;hui disparue et g\u00e9r\u00e9e par les Sisters of Mercy.  De retour au New Jersey, elle a postul\u00e9 et a \u00e9t\u00e9 accept\u00e9e par Eastern Airlines.  Apr\u00e8s un cours obligatoire d\u2019\u00e9tiquette et de tenue vestimentaire dans ce qu\u2019on appelle \u00ab l\u2019\u00e9cole de charme \u00bb, elle commence \u00e0 travailler en novembre 1957. <\/p>\n<\/p>\n<h2>Maman d\u00e9vou\u00e9e<\/h2>\n<p>\u00ab\u00a0Elle a commenc\u00e9 \u00e0 prendre l&rsquo;avion depuis Washington en 1961, g\u00e9n\u00e9ralement en navette vers New York et Boston \u2013 une mission qu&rsquo;elle pr\u00e9f\u00e9rait, m\u00eame lorsque l&rsquo;anciennet\u00e9 lui donnait le choix des itin\u00e9raires, car elle pouvait rentrer chez elle en Virginie du Nord tous les soirs pour prendre soin d&rsquo;elle. fils, qui souffrait du syndrome de Down \u00bb, a rapport\u00e9 le New York Times.<\/p>\n<p>Eastern a finalement vendu ses liaisons sur la c\u00f4te Est \u00e0 la compagnie a\u00e9rienne \u00e9ph\u00e9m\u00e8re de Donald J. Trump, la Trump Shuttle, a indiqu\u00e9 le journal.  Apr\u00e8s sa fermeture en 1992, les liaisons ont \u00e9t\u00e9 confi\u00e9es \u00e0 US Airways, rachet\u00e9e par American en 2015. \u00ab Nash est rest\u00e9 en place tout le temps \u00bb, a d\u00e9clar\u00e9 le Times.<\/p>\n<p>En 2017, lors d&rsquo;une c\u00e9r\u00e9monie \u00e0 l&rsquo;a\u00e9roport national Reagan pour marquer son 60e anniversaire, American Airlines lui a offert une paire de boucles d&rsquo;oreilles en diamant et un don de 10 000 $ \u00e0 la banque alimentaire Sacred Heart o\u00f9 elle a fait du b\u00e9n\u00e9volat.<\/p>\n<p>La c\u00e9r\u00e9monie s&rsquo;est termin\u00e9e et elle a rapidement pris une navette pour Boston.  Mais, selon le Times, \u00ab\u00a0alors que l&rsquo;avion roulait vers la piste, deux camions de pompiers ont asperg\u00e9 l&rsquo;avion d&rsquo;un salut au canon \u00e0 eau, un honneur habituellement r\u00e9serv\u00e9 aux pilotes \u00e0 la retraite\u00a0\u00bb.<\/p>\n<p>Nash n&rsquo;a jamais officiellement pris sa retraite am\u00e9ricaine.  Elle est entr\u00e9e pour la premi\u00e8re fois dans les records Guinness en 2021 en tant qu\u2019h\u00f4tesse de l\u2019air avec la plus longue carri\u00e8re, a d\u00e9clar\u00e9 le Times.  \u00ab Elle a finalement servi pendant 67 ans.  Un an plus tard, elle est de nouveau inscrite dans les registres en tant que pr\u00e9pos\u00e9e active la plus \u00e2g\u00e9e.<\/p>\n<\/p>\n<h2>Des manteaux de vison aux tongs<\/h2>\n<p>En 2017, elle exprimait une pointe de regret face \u00e0 l\u2019\u00e9volution des choses au cours de sa carri\u00e8re.  \u00ab Autrefois, nous voyions beaucoup de manteaux de vison \u00bb, a-t-elle d\u00e9clar\u00e9.  \u00ab\u00a0Aujourd&rsquo;hui, nous voyons beaucoup de volte-face.\u00a0\u00bb<\/p>\n<p>Bette fut pr\u00e9c\u00e9d\u00e9e par son mari, James Nash.  Elle laisse dans le deuil son fils, Christian Nash, et sa s\u0153ur, Barbara Jannarone.<\/p>\n<p>Elle laisse \u00e9galement derri\u00e8re elle de nombreux d\u00e9pliants reconnaissants.  En r\u00e9action \u00e0 l&rsquo;annonce par American Airlines du d\u00e9c\u00e8s de Nash, une personne a post\u00e9 sur Instagram : \u00ab S&rsquo;il vous pla\u00eet, mettez son nom sur un 777 ou sur le 787 !  Elle m\u00e9rite de faire voler le monde avec sa grande histoire !<\/p>\n<div data-category=\"Lifestyle\" data-category-english=\"lifestyle\" class=\"wp-block-aleteia-read-also read-also\">\n<figure><\/figure>\n<\/div>\n<div data-category=\"Lifestyle\" data-category-english=\"lifestyle\" class=\"wp-block-aleteia-read-also read-also\">\n<figure><\/figure>\n<\/div>\n<\/div>\n<p><script data-rh=\"true\">\n            window.addEventListener('load', function () \n                !function (f, b, e, v, n, t, s) \n                    if (f.fbq) return;\n                    n = f.fbq = function () \n                        n.callMethod ?\n                            n.callMethod.apply(n, arguments) : n.queue.push(arguments)\n                    ;\n                    if (!f._fbq) f._fbq = n;\n                    n.push = n;\n                    n.loaded = !0;\n                    n.version = '2.0';\n                    n.queue = [];\n                    t = b.createElement(e);\n                    t.defer = true;\n                    t.src = v;\n                    s = b.getElementsByTagName(e)[0];\n                    s.parentNode.insertBefore(t, s)\n                (window, document, 'script',\n                    '\n                fbq('init', '1064056854112873');\n                fbq('track', 'PageView');\n            );\n\t\t<\/script><script id=\"__FRONTITY_CONNECT_STATE__\" type=\"application\/json\">{\"source\":{\"data\":{\"@layout\/\":\"isFetching\":false,\"isReady\":true,\"route\":\"@layout\/\",\"link\":\"@layout\/\",\"query\":,\"page\":1,\"@premium-content\/\":\"isFetching\":false,\"isReady\":true,\"route\":\"@premium-content\/\",\"link\":\"@premium-content\/\",\"query\":,\"page\":1,\"isPremiumContent\":true,\"\/2024\/05\/31\/longest-serving-flight-attendant-was-a-committed-catholic\/\":{\"isFetching\":false,\"isReady\":true,\"route\":\"\/2024\/05\/31\/longest-serving-flight-attendant-was-a-committed-catholic\/\",\"link\":\"\/2024\/05\/31\/longest-serving-flight-attendant-was-a-committed-catholic\/\",\"query\":,\"page\":1,\"id\":806666,\"type\":\"post\",\"isPostType\":true,\"isPost\":true,\"commentsOpen\":true,\"isSponsored\":false,\"isSponsoredWithAds\":true,\"isPhotoOfTheDay\":false,\"isDailyWisdom\":false,\"body\":{\"simple\":false,\"id\":806666,\"related\":[],\"content\":\"u003cspan class=\"subtitle\"u003eBette Nash began as a \"stewardess\" in 1957 and chose to be close to home to be with her son who has Down syndrome. She passed away on May 24.u003c\/spanu003eu003cpu003eWhen she began her career, Bette Nash was known as a stewardess. She served lobster and champagne on the flights on which she worked and carved beef for those who requested it. She offered cigarettes for passengers who desired an after-meal smoke.u003c\/pu003enu003cpu003eSixty-six years later, Bette Nash earned a place in the Guinness Book of World Records as the longest-serving flight attendant. Along the way, she developed a sort of fan club among regulars on her Washington-Boston route. Someone dubbed it the \u201cNash Dash.\u201du003c\/pu003enu003cpu003eNash passed away while in hospice care on May 24 at the age of 88, after battling breast cancer. Her u003ca href=\" target=\"_blank\" rel=\"noopener\" title=\"\"u003eobituaryu003c\/au003e noted that \u201cbeyond her professional achievements, Bette was a dedicated member and volunteer at Sacred Heart Church in Manassas, Virginia. Her faith and service to the church community were central to her life, providing comfort and support to many.\u201du003c\/pu003enu003cpu003eBette Nashu0026#8217;s funeral Mass will be held at Sacred Heart on June 10.u0026nbsp;u003c\/pu003enu003cpu003eThe obituary adds that she will be remembered \u201cnot only for her extraordinary career but also for her warmth, generosity, and the countless lives she touched.\u201du003c\/pu003enu003cdiv class=\"wp-block-aleteia-heading3\"u003enu003ch2u003eCharm schoolu003c\/h2u003enu003c\/pu003eu003c\/divu003enu003cdiv id='aleteia-welcome'u003eu003c\/divu003enu003cpu003eBorn Mary Elizabeth Burke on New Year\u2019s Eve, 1935, she grew up in Pleasantville, New Jersey, a suburb of Atlantic City. The jet age was still young, and flying was widely regarded as exotic and exciting. Bette was attracted to what she perceived of the life of a flight attendant.u0026nbsp;u003c\/pu003enu003cblockquote class=\"wp-block-quote is-layout-flow wp-block-quote-is-layout-flow\"u003enu003cpu003e\u201cIt just looked so elegant. And romantic. It was the romance of the skies. You could take off and be in another world almost,\u201d Nash told The Boston Globe in 2007.u0026nbsp;u003c\/pu003enu003c\/blockquoteu003enu003cpu003eShe studied business at Sacred Heart College in Belmont, North Carolina, a now defunct school that was operated by the Sisters of Mercy. Returning to New Jersey, she applied to and was accepted by Eastern Airlines. After an obligatory course in etiquette and dress in what was called \u201ccharm school,\u201d she began working in November 1957.u0026nbsp;u003c\/pu003enu003cdiv class=\"wp-block-aleteia-heading3\"u003enu003ch2u003eDevoted momu003c\/h2u003enu003c\/pu003eu003c\/divu003enu003cpu003e\u201cShe began flying out of Washington in 1961, usually shuttle hops to New York and Boston \u2014 an assignment she preferred, even when seniority gave her the choice of routes, because she could return to her home in Northern Virginia every evening to care for her son, who had Down syndrome,\u201d u003ca href=\" target=\"_blank\" rel=\"noopener\" title=\"\"u003eThe New York Times reportedu003c\/au003e.u003c\/pu003enu003cpu003eEastern eventually sold off its East Coast routes to Donald J. Trump\u2019s short-lived airline, the Trump Shuttle, the newspaper said. After it closed in 1992, the routes went to US Airways, which was bought by American in 2015. \u201cNash remained in place the whole time,\u201d said The Times.u003c\/pu003enu003cpu003eIn 2017, at a ceremony at Reagan National Airport to mark her 60th anniversary, American Airlines presented her with a pair of diamond earrings and a $10,000 donation to the u003ca href=\" target=\"_blank\" rel=\"noopener\" title=\"\"u003eSacred Heart food bank where she volunteeredu003c\/au003e.u003c\/pu003enu003cpu003eThe ceremony ended, and she was soon working a shuttle to Boston. But, The Times said, \u201cas the plane taxied to the runway, a pair of fire trucks doused the plane with a water-cannon salute, an honor usually reserved for retiring pilots.\u201du003c\/pu003enu003cpu003eNash never officially retired from American. She first entered the Guinness records in 2021 as the flight attendant with the longest career, said The Times. \u201cShe ultimately served for 67 years. A year later she entered the records again as the oldest active attendant.\u201du003c\/pu003enu003cdiv class=\"wp-block-aleteia-heading3\"u003enu003ch2u003eMink coats to flip-flopsu003c\/h2u003enu003c\/pu003eu003c\/divu003enu003cpu003eIn 2017, she expressed a touch of regret for the ways things have changed over the course of her career. \u201cIn the old days, we saw a lot of mink coats,\u201d she said. \u201cToday, we see a lot of flip-flops.\u201du003c\/pu003enu003cpu003eBette was predeceased by her husband, James Nash. She is survived by her son, Christian Nash, and her sister, Barbara Jannarone.u003c\/pu003enu003cpu003eShe also leaves behind many grateful fliers. Reacting to American Airlines\u2019 announcement of Nash\u2019s death, one person posted on Instagram, \u201cPlease, put her name on a 777 or the 787! She deserves to fly the world with her great history!\u201du003c\/pu003entu003cdiv data-category=\"Lifestyle\" data-category-english=\"lifestyle\" class=\"wp-block-aleteia-read-also read-also\"u003enttu003cfigureu003entttu003cimgnttttsrc=\" \/u003enttu003c\/figureu003enttu003cdiv class=\"read-also-inner\"u003entttu003cemu003eRead more:u003c\/emu003eu003ca href=\" Activities senior citizens can do at home to boost their spiritsu003c\/au003enttu003c\/divu003entu003c\/divu003etu003cdiv data-category=\"Lifestyle\" data-category-english=\"lifestyle\" class=\"wp-block-aleteia-read-also read-also\"u003enttu003cfigureu003entttu003cimgnttttsrc=\" Jennifer Fulwiler\"nttttloading=\"lazy\" \/u003enttu003c\/figureu003enttu003cdiv class=\"read-also-inner\"u003entttu003cemu003eRead more:u003c\/emu003eu003ca href=\" mom gives best tip ever on flying with kids in viral videou003c\/au003enttu003c\/divu003entu003c\/divu003e\",\"rawcontent\":\"u003c!-- wp:aleteia\/subtitle \/--u003ennu003c!-- wp:paragraph --u003enu003cpu003eWhen she began her career, Bette Nash was known as a stewardess. She served lobster and champagne on the flights on which she worked and carved beef for those who requested it. She offered cigarettes for passengers who desired an after-meal smoke.u003c\/pu003enu003c!-- \/wp:paragraph --u003ennu003c!-- wp:paragraph --u003enu003cpu003eSixty-six years later, Bette Nash earned a place in the Guinness Book of World Records as the longest-serving flight attendant. Along the way, she developed a sort of fan club among regulars on her Washington-Boston route. Someone dubbed it the \u201cNash Dash.\u201du003c\/pu003enu003c!-- \/wp:paragraph --u003ennu003c!-- wp:paragraph --u003enu003cpu003eNash passed away while in hospice care on May 24 at the age of 88, after battling breast cancer. Her u003ca href=\" target=\"_blank\" rel=\"noopener\" title=\"\"u003eobituaryu003c\/au003e noted that \u201cbeyond her professional achievements, Bette was a dedicated member and volunteer at Sacred Heart Church in Manassas, Virginia. Her faith and service to the church community were central to her life, providing comfort and support to many.\u201du003c\/pu003enu003c!-- \/wp:paragraph --u003ennu003c!-- wp:paragraph --u003enu003cpu003eBette Nash's funeral Mass will be held at Sacred Heart on June 10.u0026nbsp;u003c\/pu003enu003c!-- \/wp:paragraph --u003ennu003c!-- wp:paragraph --u003enu003cpu003eThe obituary adds that she will be remembered \u201cnot only for her extraordinary career but also for her warmth, generosity, and the countless lives she touched.\u201du003c\/pu003enu003c!-- \/wp:paragraph --u003ennu003c!-- wp:aleteia\/heading3 \"content\":\"Charm school\" --u003enu003ch3u003eCharm schoolu003c\/h3u003enu003c!-- \/wp:aleteia\/heading3 --u003ennu003c!-- wp:paragraph --u003enu003cpu003eBorn Mary Elizabeth Burke on New Year\u2019s Eve, 1935, she grew up in Pleasantville, New Jersey, a suburb of Atlantic City. The jet age was still young, and flying was widely regarded as exotic and exciting. Bette was attracted to what she perceived of the life of a flight attendant.u0026nbsp;u003c\/pu003enu003c!-- \/wp:paragraph --u003ennu003c!-- wp:quote --u003enu003cblockquote class=\"wp-block-quote\"u003eu003c!-- wp:paragraph --u003enu003cpu003e\u201cIt just looked so elegant. And romantic. It was the romance of the skies. You could take off and be in another world almost,\u201d Nash told The Boston Globe in 2007.u0026nbsp;u003c\/pu003enu003c!-- \/wp:paragraph --u003eu003c\/blockquoteu003enu003c!-- \/wp:quote --u003ennu003c!-- wp:paragraph --u003enu003cpu003eShe studied business at Sacred Heart College in Belmont, North Carolina, a now defunct school that was operated by the Sisters of Mercy. Returning to New Jersey, she applied to and was accepted by Eastern Airlines. After an obligatory course in etiquette and dress in what was called \u201ccharm school,\u201d she began working in November 1957.u0026nbsp;u003c\/pu003enu003c!-- \/wp:paragraph --u003ennu003c!-- wp:aleteia\/heading3 \"content\":\"Devoted mom\" --u003enu003ch3u003eDevoted momu003c\/h3u003enu003c!-- \/wp:aleteia\/heading3 --u003ennu003c!-- wp:paragraph --u003enu003cpu003e\u201cShe began flying out of Washington in 1961, usually shuttle hops to New York and Boston \u2014 an assignment she preferred, even when seniority gave her the choice of routes, because she could return to her home in Northern Virginia every evening to care for her son, who had Down syndrome,\u201d u003ca href=\" target=\"_blank\" rel=\"noopener\" title=\"\"u003eThe New York Times reportedu003c\/au003e.u003c\/pu003enu003c!-- \/wp:paragraph --u003ennu003c!-- wp:paragraph --u003enu003cpu003eEastern eventually sold off its East Coast routes to Donald J. Trump\u2019s short-lived airline, the Trump Shuttle, the newspaper said. After it closed in 1992, the routes went to US Airways, which was bought by American in 2015. \u201cNash remained in place the whole time,\u201d said The Times.u003c\/pu003enu003c!-- \/wp:paragraph --u003ennu003c!-- wp:paragraph --u003enu003cpu003eIn 2017, at a ceremony at Reagan National Airport to mark her 60th anniversary, American Airlines presented her with a pair of diamond earrings and a $10,000 donation to the u003ca href=\" target=\"_blank\" rel=\"noopener\" title=\"\"u003eSacred Heart food bank where she volunteeredu003c\/au003e.u003c\/pu003enu003c!-- \/wp:paragraph --u003ennu003c!-- wp:paragraph --u003enu003cpu003eThe ceremony ended, and she was soon working a shuttle to Boston. But, The Times said, \u201cas the plane taxied to the runway, a pair of fire trucks doused the plane with a water-cannon salute, an honor usually reserved for retiring pilots.\u201du003c\/pu003enu003c!-- \/wp:paragraph --u003ennu003c!-- wp:paragraph --u003enu003cpu003eNash never officially retired from American. She first entered the Guinness records in 2021 as the flight attendant with the longest career, said The Times. \u201cShe ultimately served for 67 years. A year later she entered the records again as the oldest active attendant.\u201du003c\/pu003enu003c!-- \/wp:paragraph --u003ennu003c!-- wp:aleteia\/heading3 \"content\":\"Mink coats to flip-flops\" --u003enu003ch3u003eMink coats to flip-flopsu003c\/h3u003enu003c!-- \/wp:aleteia\/heading3 --u003ennu003c!-- wp:paragraph --u003enu003cpu003eIn 2017, she expressed a touch of regret for the ways things have changed over the course of her career. \u201cIn the old days, we saw a lot of mink coats,\u201d she said. \u201cToday, we see a lot of flip-flops.\u201du003c\/pu003enu003c!-- \/wp:paragraph --u003ennu003c!-- wp:paragraph --u003enu003cpu003eBette was predeceased by her husband, James Nash. She is survived by her son, Christian Nash, and her sister, Barbara Jannarone.u003c\/pu003enu003c!-- \/wp:paragraph --u003ennu003c!-- wp:paragraph --u003enu003cpu003eShe also leaves behind many grateful fliers. Reacting to American Airlines\u2019 announcement of Nash\u2019s death, one person posted on Instagram, \u201cPlease, put her name on a 777 or the 787! She deserves to fly the world with her great history!\u201du003c\/pu003enu003c!-- \/wp:paragraph --u003ennu003c!-- wp:aleteia\/read-also {\"link\":\" Activities senior citizens can do at home to boost their spirits\",\"image\":\" --u003enu003cdiv class=\"read-also\"u003eu003ca href=\" Activities senior citizens can do at home to boost their spiritsu003c\/au003eu003c\/divu003enu003c!-- \/wp:aleteia\/read-also --u003ennu003c!-- wp:aleteia\/read-also {\"link\":\" mom gives best tip ever on flying with kids in viral video\",\"image\":\" --u003enu003cdiv class=\"read-also\"u003eu003ca href=\" mom gives best tip ever on flying with kids in viral videou003c\/au003eu003c\/divu003enu003c!-- \/wp:aleteia\/read-also --u003e\",\"pages\":1,\"language\":\"en\",\"galleries\":[],\"video\":false,\"title\":\"Longest-serving flight attendant was a committed Catholic\",\"subheading\":\"Bette Nash began as a \"stewardess\" in 1957 and chose to be close to home to be with her son who has Down syndrome. She passed away on May 24.\",\"author\":\"John Burger\",\"author_2\":\"\",\"authors_obj\":[\"ID\":\"803\",\"link\":\" Burger has been a writer for Aleteia's English edition since 2013. He is the author of \"At the Foot of the Cross: Lessons from Ukraine,\" a book-length interview with the head of the Ukrainian Greek Catholic Church. John's 30-year career in the Catholic press includes work at the National Catholic Register and Catholic New York, as well as freelance writing for many periodicals and websites. He has a bachelor's degree in English from Iona University in New Rochelle, NY, and a master's degree from Iowa State University in Ames, Iowa. Prior to his career as a Catholic journalist, he taught English in China and France.\",\"twitter\":\"\",\"facebook\":\"\",\"subtitle\":\"\",\"title_guest_author\":\"\",\"thumb\":\" Burger\",\"hreflangs\": AFP\",\"link\":\"\",\"caption\":\"\",\"alt\":\"Flight attendant Bette Nash helps flier\",\"link\":\"\/2024\/05\/31\/longest-serving-flight-attendant-was-a-committed-catholic\/\",\"category_obj\":\"link\":\" Stories\",\"name\":\"Inspiring Stories\",\"slug\":\"inspiring-stories\",\"color\":\"rgba( 0, 31, 77, 1 )\",\"term_id\":423715389,\"category\":\"Inspiring Stories\",\"category_slug\":\"inspiring-stories\",\"category_id\":423715389,\"category_color\":\"#001F4D\",\"parent_category\":\"Inspiring Stories\",\"published\":1717138005,\"published_datalayer\":\"2024.05.31\",\"article_modified_date\":\"\",\"article_modified\":false,\"published_formatted\":\"published on 05\/31\/24\",\"tags\":\"Faith, Work\",\"firsttag\":\"Work\",\"tags_items\":[\"term_id\":423714795,\"name\":\"Faith\",\"link\":\" Stories\",\"settings\":\"disable_slideshow_cta\":\"\",\"template_customizations\":\"\",\"post_appearance_setting\":\"no_drop_caps\":false,\"hide_from_tops\":false,\"hide_date\":false,\"hide_post\":false,\"hide_post_in_newsletter\":false,\"ads_disabled\":false,\"inread_ads_disabled\":false,\"custom_inread_position_enabled\":false,\"custom_inread_position\":\"2\",\"test_pixel_enabled\":false,\"test_pixel_position\":\"\",\"exclude_banner_article\":false,\"div_moneytags_position\":\"\",\"hide_promotional_box\":false,\"original_article\":\"is_original\":\"1\",\"url\":\"\",\"edition\":\"en\",\"gtm\":\"page_type\":\"\",\"page_type_2\":\"\",\"category_name\":\"inspiring stories\",\"article_subcategory\":\"Inspiring Stories\",\"article_type\":\"article\",\"cd\":\"dimension1\":\"John Burger\",\"dimension2\":\"Inspiring Stories\",\"dimension3\":\"1717138005\",\"dimension4\":\"en\",\"dimension5\":\"\",\"dimension6\":\"article\",\"dimension7\":\"2024.05.31\",\"dimension8\":\"Faith, Work\",\"dimension9\":\"Bette Nash began as a \"stewardess\" in 1957 and chose to be close to home to be with her son who has Down syndrome. She passed away on May 24.\",\"dimension10\":\"806666\",\"dimension11\":\"Faith\",\"dimension12\":\"web\",\"dimension13\":\"\",\"dimension17\":\"Inspiring Stories\",\"dimension14\":\"Inspiring Stories\",\"photo_of_the_day\":false,\"daily_wisdom\":false,\"word_count\":1089,\"shortcodes\":[],\"sponsoredSettings\":,\"isSponsored\":false,\"custom_skin_settings\":\"slot\":\"custom-skin\",\"library\":\"theme.Skin\",\"skin_default_article\":\"1\",\"hide_from_layout_endpoint\":\"1\",\"props\":\"id\":\"custom-skid-ad\",\"unit\":\"64500793\/EN_DESK_ARTICLE_SKIN_1x1\",\"collapse_empty_divs\":false,\"premium_ads\":false,\"bids\":\"\",\"nexxx360_id\":\"\",\"size\":[],\"adjacent_posts\":\"next_post\":\"link\":\" Article \",\"prev_post\":\"link\":\" Article \",\"close_comments\":false,\"premium_content\":\"\",\"trunked_content\":\"u003ch2 class=\"subtitle\"u003eBette Nash began as a \"stewardess\" in 1957 and chose to be close to home to be with her son who has Down syndrome. She passed away on May 24.u003c\/h2u003enu003cpu003eWhen she began her career, Bette Nash was known as a stewardess. She served lobster and champagne on the flights on which she worked and carved beef for those who requested it. She offered cigarettes for passengers who desired an after-meal smoke.u003c\/pu003ennu003cpu003eSixty-six years later, Bette Nash earned a place in the Guinness Book of World Records as the longest-serving flight attendant. Along the way, she developed a sort of fan club among regulars on her Washington-Boston route. Someone dubbed it the \u201cNash Dash.\u201du003c\/pu003en\",\"typeform_embed_code\":\"\",\"rightcolumn\":{\"items\":[\"type\":\"right-column-banner\",\"data\":\"enabled\":\"1\",\"image\":\"full\":\"https:\/\/wp.en.aleteia.org\/wp-content\/uploads\/sites\/2\/2024\/04\/Aleteia-Pilgrimage-300x250-1.png\",\"url\":\"https:\/\/wp.en.aleteia.org\/wp-content\/uploads\/sites\/2\/2024\/04\/Aleteia-Pilgrimage-300x250-1.png?w=300u0026h=250u0026crop=1\",\"thumb\":\"https:\/\/wp.en.aleteia.org\/wp-content\/uploads\/sites\/2\/2024\/04\/Aleteia-Pilgrimage-300x250-1.png?w=300u0026h=250u0026crop=1\",\"thumb_big\":\"https:\/\/wp.en.aleteia.org\/wp-content\/uploads\/sites\/2\/2024\/04\/Aleteia-Pilgrimage-300x250-1.png?w=300u0026h=250u0026crop=1\",\"uncropped\":\"https:\/\/wp.en.aleteia.org\/wp-content\/uploads\/sites\/2\/2024\/04\/Aleteia-Pilgrimage-300x250-1.png?w=300\",\"medium\":\"https:\/\/wp.en.aleteia.org\/wp-content\/uploads\/sites\/2\/2024\/04\/Aleteia-Pilgrimage-300x250-1.png?w=300u0026h=230u0026crop=1\",\"small\":\"https:\/\/wp.en.aleteia.org\/wp-content\/uploads\/sites\/2\/2024\/04\/Aleteia-Pilgrimage-300x250-1.png?w=220u0026h=110u0026crop=1\",\"credits\":\"title\":\"Aleteia-Pilgrimage-300u0026#215;250-1.png\",\"copyright\":\"\",\"link\":\"\",\"caption\":\"\",\"alt\":\"Aleteia-Pilgrimage-300u0026#215;250-1.png\",\"link\":\"https:\/\/aleteia.org\/2024\/04\/02\/join-aleteia-in-2024-for-four-spectacular-pilgrimages\/?utm_source=Aleteiau0026utm_medium=banners\",\"geolinks\":[],\"add_target_blank\":\"1\",\"enabled_only_home\":false,\"disabled_only_home\":false,\"image_logged_in\":798152,\"link_logged_in\":\"https:\/\/aleteia.org\/2024\/04\/02\/join-aleteia-in-2024-for-four-spectacular-pilgrimages\/?utm_source=Aleteiau0026utm_medium=banners\",\"add_cd\":\"1\",\"disable_in_app\":false,\"ap_item_name\":\"donation\",\"ap_promotion_name\":\"support_aleteia\",\"image_loggedin\":\"full\":\"https:\/\/wp.en.aleteia.org\/wp-content\/uploads\/sites\/2\/2024\/04\/Aleteia-Pilgrimage-300x250-1.png\",\"url\":\"https:\/\/wp.en.aleteia.org\/wp-content\/uploads\/sites\/2\/2024\/04\/Aleteia-Pilgrimage-300x250-1.png?w=300u0026h=250u0026crop=1\",\"thumb\":\"https:\/\/wp.en.aleteia.org\/wp-content\/uploads\/sites\/2\/2024\/04\/Aleteia-Pilgrimage-300x250-1.png?w=300u0026h=250u0026crop=1\",\"thumb_big\":\"https:\/\/wp.en.aleteia.org\/wp-content\/uploads\/sites\/2\/2024\/04\/Aleteia-Pilgrimage-300x250-1.png?w=300u0026h=250u0026crop=1\",\"uncropped\":\"https:\/\/wp.en.aleteia.org\/wp-content\/uploads\/sites\/2\/2024\/04\/Aleteia-Pilgrimage-300x250-1.png?w=300\",\"medium\":\"https:\/\/wp.en.aleteia.org\/wp-content\/uploads\/sites\/2\/2024\/04\/Aleteia-Pilgrimage-300x250-1.png?w=300u0026h=230u0026crop=1\",\"small\":\"https:\/\/wp.en.aleteia.org\/wp-content\/uploads\/sites\/2\/2024\/04\/Aleteia-Pilgrimage-300x250-1.png?w=220u0026h=110u0026crop=1\",\"credits\":\"title\":\"Aleteia-Pilgrimage-300u0026#215;250-1.png\",\"copyright\":\"\",\"link\":\"\",\"caption\":\"\",\"alt\":\"Aleteia-Pilgrimage-300u0026#215;250-1.png\",\"link_loggedin\":\"http:\/\/u0026#038;cd1=John%20Burgeru0026#038;cd14=Inspiring%20Stories\",\"type\":\"daily-prayer-menu\",\"data\":\"title\":\"Daily prayer\",\"fotd\":\"Feast of the day\",\"prayer\": CC BY-SA 3.0, via Wikimedia Commons\",\"link\":\" VISITATION\",\"contents_items\":[\"title\":\"Prayer for this morning\",\"raw_id\":2024674,\"is_morning_prayer\":\"1\",\"html\":\" meditation\",\"raw_id\":2024676,\"is_daily_meditation\":\"1\",\"html\":\" for this evening\",\"raw_id\":2024677,\"is_evening_prayer\":\"1\",\"html\":\" corner\",\"saint_of_the_day\":\"saint of the day\",\"morning_prayer\":\"morning prayer\",\"evening_prayer\":\"evening prayer\",\"daily_gospel\":\"daily gospel\",\"daily_meditation\":\"daily meditation\",\"particular_intention\":\"prayers for particular needs\",\"pope_reflexion\":\"thoughts of the pope\",\"bbq\":\"bbq\",\"prayer_for_you\":\"prayer for you today\"}},\"cross\":\"https:\/\/wp.en.aleteia.org\/wp-content\/themes\/aleteia-2017\/assets\/images\/daily-prayers\/cross.svg\",\"particular_intentions_link\":null,\"saint_post\":\"\"}},{\"type\":\"top-ten-module\",\"data\":{\"items\":[{\"simple\":false,\"id\":764139,\"related\":[],\"content\":\"u003cspan class=\"subtitle\"u003ePope laments an \"open sore of our humanity,\" calls us to \"pain and shame.\"u003c\/spanu003eu003cpu003eAnother shipwreck this week in the Mediterranean led the Pope to warn the faithful against u0026#8220;remain(ing) indifferent to these tragedies.u0026#8221;u003c\/pu003enu003cpu003eAfter praying the midday Angelus this August 13, he said:u003c\/pu003enu003cblockquote class=\"wp-block-quote is-layout-flow wp-block-quote-is-layout-flow\"u003enu003cpu003eAnother tragic shipwreck happened a few days ago in the Mediterranean Sea: forty-one people lost their lives. I prayed for them. And with pain and shame we have to say that since the beginning of the year already almost 2,000 men, women, and children have died in this sea trying to reach Europe. u003c\/pu003ennnnu003cpu003eIt is an open sore of our humanity. I encourage the political and diplomatic efforts that seek to heal it in a spirit of solidarity and brotherhood, as well as the efforts of all those working to prevent shipwrecks and rescue migrants.u003c\/pu003enu003c\/blockquoteu003enu003cpu003eFour survivors, including an unaccompanied 13-year-old boy, were rescued on August 9 off the small Italian island of Lampedusa, not far from Tunisia. Thanks to their reports, authorities were able to piece together the tragedy, which happened between August 3 and 4.u003c\/pu003enu003cdiv id='aleteia-welcome'u003eu003c\/divu003enu003cpu003eUNICEF reported: \u201cThis time, a pregnant mother is among those who have lost their lives off the coast of Lampedusa, Italy. An 18-month-old child travelling with their mother has also died.u0026#8221;u003c\/pu003enu003cfigure class=\"wp-block-embed is-type-rich is-provider-twitter wp-block-embed-twitter\" data-original=\"false\"u003enu003cdiv class=\"wp-block-embed__wrapper\"u003enu003cblockquote class=\"twitter-tweet\" data-width=\"550\" data-dnt=\"true\"u003eu003cp lang=\"en\" dir=\"ltr\"u003eWith sorrow I heard about the news of the shipwreck involving migrants in the Mediterranean Sea. Let us not remain indifferent to these tragedies, and let us pray for the victims and their families.u003c\/pu003eu0026mdash; Pope Francis (@Pontifex) u003ca href=\" 10, 2023u003c\/au003eu003c\/blockquoteu003enu003cpu003eu003cscript async src=\" charset=\"utf-8\"u003eu003c\/scriptu003enu003c\/divu003enu003c\/figureu003enu003cpu003eAs the Pope mentioned, at least 2,000 people have died since the start of the year trying to cross the Mediterranean, says the u003ca href=\" target=\"_blank\" rel=\"noopener\" title=\"International Organization for Migration\"u003eInternational Organization for Migrationu003c\/au003e. Since 2014, it has counted 27,364 dead and missing at sea.u003c\/pu003enu003cpu003ePope Francis has made migrating people one of the great causes of his pontificate. On his first trip as pope, he visited the island of Lampedusa to throw a wreath of flowers into the sea and pray for the missing, in July 2013.u003c\/pu003enu003cpu003eLast Sunday, as he flew back from WYD in Lisbon, he once again expressed his sorrow at the tragedies of migrants in the Mediterranean and North Africa. He once again condemned the u0026#8220;criminalu0026#8221; exploitation of migrants in certain camps.u003c\/pu003enu003cpu003eHis trip to Marseille on September 22 and 23 is motivated by these tragedies, he told journalists on the plane. In Marseille, he will be meeting bishops from around the Mediterranean. u0026#8220;[They] will be meeting, along with some politicians, to reflect seriously on the tragedy of migrants,u0026#8221; he explained.u003c\/pu003entu003cdiv data-category=\"Church\" data-category-english=\"church\" class=\"wp-block-aleteia-read-also read-also\"u003enttu003cfigureu003entttu003cimgnttttsrc=\" Francis celebrating Mass at Lampedusa\"nttttloading=\"lazy\" \/u003enttu003c\/figureu003enttu003cdiv class=\"read-also-inner\"u003entttu003cemu003eRead more:u003c\/emu003eu003ca href=\" Pope Francisu0026#8217; 1st trip outside Italy shaped himu003c\/au003enttu003c\/divu003entu003c\/divu003e\",\"rawcontent\":\"u003c!-- wp:aleteia\/subtitle \/--u003ennu003c!-- wp:paragraph --u003enu003cpu003eAnother shipwreck this week in the Mediterranean led the Pope to warn the faithful against \"remain(ing) indifferent to these tragedies.\"u003c\/pu003enu003c!-- \/wp:paragraph --u003ennu003c!-- wp:paragraph --u003enu003cpu003eAfter praying the midday Angelus this August 13, he said:u003c\/pu003enu003c!-- \/wp:paragraph --u003ennu003c!-- wp:quote --u003enu003cblockquote class=\"wp-block-quote\"u003eu003c!-- wp:paragraph --u003enu003cpu003eAnother tragic shipwreck happened a few days ago in the Mediterranean Sea: forty-one people lost their lives. I prayed for them. And with pain and shame we have to say that since the beginning of the year already almost 2,000 men, women, and children have died in this sea trying to reach Europe. u003c\/pu003enu003c!-- \/wp:paragraph --u003ennu003c!-- wp:paragraph --u003enu003cpu003eIt is an open sore of our humanity. I encourage the political and diplomatic efforts that seek to heal it in a spirit of solidarity and brotherhood, as well as the efforts of all those working to prevent shipwrecks and rescue migrants.u003c\/pu003enu003c!-- \/wp:paragraph --u003eu003c\/blockquoteu003enu003c!-- \/wp:quote --u003ennu003c!-- wp:paragraph --u003enu003cpu003eFour survivors, including an unaccompanied 13-year-old boy, were rescued on August 9 off the small Italian island of Lampedusa, not far from Tunisia. Thanks to their reports, authorities were able to piece together the tragedy, which happened between August 3 and 4.u003c\/pu003enu003c!-- \/wp:paragraph --u003ennu003c!-- wp:paragraph --u003enu003cpu003eUNICEF reported: \u201cThis time, a pregnant mother is among those who have lost their lives off the coast of Lampedusa, Italy. An 18-month-old child travelling with their mother has also died.\"u003c\/pu003enu003c!-- \/wp:paragraph --u003ennu003c!-- wp:embed {\"url\":\" --u003enu003cfigure class=\"wp-block-embed is-type-rich is-provider-twitter wp-block-embed-twitter\"u003eu003cdiv class=\"wp-block-embed__wrapper\"u003en \/wp:embed --u003ennu003c!-- wp:paragraph --u003enu003cpu003eAs the Pope mentioned, at least 2,000 people have died since the start of the year trying to cross the Mediterranean, says the u003ca href=\" target=\"_blank\" rel=\"noopener\" title=\"International Organization for Migration\"u003eInternational Organization for Migrationu003c\/au003e. Since 2014, it has counted 27,364 dead and missing at sea.u003c\/pu003enu003c!-- \/wp:paragraph --u003ennu003c!-- wp:paragraph --u003enu003cpu003ePope Francis has made migrating people one of the great causes of his pontificate. On his first trip as pope, he visited the island of Lampedusa to throw a wreath of flowers into the sea and pray for the missing, in July 2013.u003c\/pu003enu003c!-- \/wp:paragraph --u003ennu003c!-- wp:paragraph --u003enu003cpu003eLast Sunday, as he flew back from WYD in Lisbon, he once again expressed his sorrow at the tragedies of migrants in the Mediterranean and North Africa. He once again condemned the \"criminal\" exploitation of migrants in certain camps.u003c\/pu003enu003c!-- \/wp:paragraph --u003ennu003c!-- wp:paragraph --u003enu003cpu003eHis trip to Marseille on September 22 and 23 is motivated by these tragedies, he told journalists on the plane. In Marseille, he will be meeting bishops from around the Mediterranean. \"[They] will be meeting, along with some politicians, to reflect seriously on the tragedy of migrants,\" he explained.u003c\/pu003enu003c!-- \/wp:paragraph --u003ennu003c!-- wp:aleteia\/read-also \"link\":\" Pope Francis\\u0026#8217; 1st trip outside Italy shaped him\",\"image\":\" --u003enu003cdiv class=\"read-also\"u003eu003ca href=\" Pope Francisu0026#8217; 1st trip outside Italy shaped himu003c\/au003eu003c\/divu003enu003c!-- \/wp:aleteia\/read-also --u003e\",\"pages\":1,\"language\":\"en\",\"galleries\":[],\"video\":false,\"title\":\"Are you indifferent to tragedies in Mediterranean? Pope\u2019s warning\",\"subheading\":\"Pope laments an \"open sore of our humanity,\" calls us to \"pain and shame.\"\",\"author\":\"Kathleen N. Hattrup\",\"author_2\":\"\",\"authors_obj\":[\"ID\":\"75692\",\"link\":\" style=\"font-weight: 400\"u003eu003cstrongu003eKathleen N. Hattrupu003c\/strongu003e is the Executive Editor of Aleteia's English edition. Her career in Catholic media has particularly focused on the popes and news from Rome. Su003c\/spanu003eu003cspan style=\"font-weight: 400\"u003ehe is also a translator, a children's book author, and a mom of four.u003c\/spanu003e\",\"twitter\":\"\",\"facebook\":\"\",\"subtitle\":\"\",\"title_guest_author\":\"\",\"thumb\":\" N. Hattrup\",\"hreflangs\":\"en\":\" IMPERATO ,\"link\":\"\/2023\/08\/13\/are-you-indifferent-to-tragedies-in-mediterranean-popes-warning\/\",\"category_obj\":\"link\":\" 240, 183, 44, 1 )\",\"term_id\":423715166,\"category\":\"Church\",\"category_slug\":\"church-news\",\"category_id\":423715166,\"category_color\":\"#f0b72c\",\"parent_category\":\"Church\",\"published\":1691914560,\"published_datalayer\":\"2023.08.13\",\"article_modified_date\":\"\",\"article_modified\":false,\"published_formatted\":\"published on 08\/13\/23\",\"tags\":\"\",\"firsttag\":\"\",\"tags_items\":[],\"post_type\":\"post\",\"article_type\":\"article\",\"macroarea\":\"Infotainment Department\",\"settings\":\"disable_slideshow_cta\":\"\",\"template_customizations\":\"\",\"post_appearance_setting\":\"no_drop_caps\":false,\"hide_from_tops\":false,\"hide_date\":false,\"hide_post\":false,\"hide_post_in_newsletter\":false,\"ads_disabled\":false,\"inread_ads_disabled\":false,\"custom_inread_position_enabled\":false,\"custom_inread_position\":\"2\",\"test_pixel_enabled\":false,\"test_pixel_position\":\"\",\"exclude_banner_article\":false,\"div_moneytags_position\":\"\",\"hide_promotional_box\":false,\"original_article\":\"is_original\":\"1\",\"url\":\"\",\"edition\":\"en\",\"gtm\":\"page_type\":\"\",\"page_type_2\":\"\",\"category_name\":\"church\",\"article_subcategory\":\"Church\",\"article_type\":\"article\",\"cd\":\"dimension1\":\"Kathleen N. Hattrup\",\"dimension2\":\"Church\",\"dimension3\":\"1691914560\",\"dimension4\":\"en\",\"dimension5\":\"\",\"dimension6\":\"article\",\"dimension7\":\"2023.08.13\",\"dimension8\":\"\",\"dimension9\":\"Pope laments an \"open sore of our humanity,\" calls us to \"pain and shame.\"\",\"dimension10\":\"764139\",\"dimension11\":\"\",\"dimension12\":\"web\",\"dimension13\":\"\",\"dimension17\":\"Church\",\"dimension14\":\"Church\",\"photo_of_the_day\":false,\"daily_wisdom\":false,\"word_count\":611,\"shortcodes\":[],\"sponsoredSettings\":,\"isSponsored\":false,\"custom_skin_settings\":\"slot\":\"custom-skin\",\"library\":\"theme.Skin\",\"skin_default_article\":\"1\",\"hide_from_layout_endpoint\":\"1\",\"props\":\"id\":\"custom-skid-ad\",\"unit\":\"64500793\/EN_DESK_ARTICLE_SKIN_1x1\",\"collapse_empty_divs\":false,\"premium_ads\":false,\"bids\":\"\",\"nexxx360_id\":\"\",\"size\":[],\"adjacent_posts\":\"next_post\":\"link\":\" Article \",\"prev_post\":\"link\":\" Article \",\"close_comments\":false,\"premium_content\":\"\",\"trunked_content\":\"u003ch2 class=\"subtitle\"u003ePope laments an \"open sore of our humanity,\" calls us to \"pain and shame.\"u003c\/h2u003enu003cpu003eAnother shipwreck this week in the Mediterranean led the Pope to warn the faithful against \"remain(ing) indifferent to these tragedies.\"u003c\/pu003ennu003cpu003eAfter praying the midday Angelus this August 13, he said:u003c\/pu003en\",{\"simple\":false,\"id\":806518,\"related\":[],\"content\":\"u003cspan class=\"subtitle\"u003eKeep your teenagers spiritually and imaginatively engaged this summer by suggesting that they read one or more of these wonderful books!u003c\/spanu003eu003cpu003eSummer is a time for teens to relax from the stresses of school. At the same time, it is important to keep them engaged u0026#8212; intellectually, creatively, and spiritually. They will naturally associate books with schoolwork, of course. Thatu0026#8217;s why itu0026#8217;s so important that we propose books to them that are actually be interesting and fun to read!u003c\/pu003enu003cpu003eThe seven books on this list fit those criteria to a tee. Here you will find exciting stories and engaging characters, as well as fascinating takes on the events and culture that have shaped todayu0026#8217;s world.u003c\/pu003enu003cpu003eu003cemu003eNote: Many of these books may be too challenging \u2014 intellectually and thematically \u2014 for younger readers. Fret not, however! Our list of Summer Books for Kids will publish soon! And also check out our fiction and nonfictionu0026nbsp;u003cstrongu003esummer book recommendations foru0026nbsp;u003ca href=\" target=\"_blank\" rel=\"noopener\" title=\"\"u003eadultu003c\/au003eu0026nbsp;readersu003c\/strongu003e. Some of those may appeal to older teens as well. u003c\/emu003eu003c\/pu003enu003cdiv class=\"block-image-copyrigth-wrap\"u003enu003cfigure class=\"wp-block-image size-large\"u003eu003cimg loading=\"lazy\" decoding=\"async\" width=\"1200\" height=\"476\" src=\" alt=\"Aleteia 2024 Summer Book List for Teens - Horizontal\" class=\"wp-image-806674\" srcset=\" 1200w, ?resize=150,60 150w, ?resize=300,119 300w, ?resize=1024,406 1024w, ?resize=620,246 620w, ?resize=1140,452 1140w, ?resize=375,149 375w, ?resize=630,250 630w\" sizes=\"(max-width: 1200px) 100vw, 1200px\" \/u003eu003c\/figureu003enu003cdiv class=\"copyright-text\"u003eJohn Touhey | Aleteiau003c\/divu003enu003c\/divu003enu003cdiv class=\"wp-block-aleteia-heading3\"u003enu003ch2u003eSummer book recommendations for teensu003c\/h2u003enu003c\/pu003eu003c\/divu003enu003ch2 class=\"wp-block-aleteia-rich-list\"u003entttu003cspanu003e1u003c\/spanu003eu003cbr \/u003entttu003cstrongu003eTHE NETu003c\/strongu003eu003cbr \/u003enttu003c\/h2u003enu003cpu003eu003cemu003eHuman Adventure Books, 2024.u003c\/emu003eu003c\/pu003enu003cpu003eThree teens find themselves lost in the woods without explanation or resources. A mysterious stranger offers them help, but should they accept? Sara Allegriniu0026#8217;s u003ca href=\" target=\"_blank\" rel=\"noopener\" title=\"The Net\"u003eu003cstrongu003eu003cemu003eThe Netu003c\/emu003eu003c\/strongu003eu003c\/au003e asks the kinds of urgent questions that any lonely or alienated teenager will instantly relate to. It doesnu0026#8217;t hurt that the story is full of nail-biting suspense.u003c\/pu003enu003ch2 class=\"wp-block-aleteia-rich-list\"u003entttu003cspanu003e2u003c\/spanu003eu003cbr \/u003entttu003cstrongu003emurder at penwood manoru003c\/strongu003eu003cbr \/u003enttu003c\/h2u003enu003cdiv id='aleteia-welcome'u003eu003c\/divu003enu003cpu003eu003cemu003eLoyola Press, 2023.u003c\/emu003eu003c\/pu003enu003cpu003eu003ca href=\" target=\"_blank\" rel=\"noopener\" title=\"Murder at Penwood Manor\"u003eu003cstrongu003eu003cemu003eMurder at Penwood Manoru003c\/emu003eu003c\/strongu003eu003c\/au003e is the fifth book in the award-winning Harwood Mysteries series by Antony Barone Kolenc. Set in medieval England, we start off in a Benedictine Abbey where an orphaned boy with no memory of his past takes the name Xan (short for Alexander). Xan and his new friends set out to uncover his identity u0026#8212; but run into other perplexing mysteries and grave dangers as the series continues. Readers can begin with the first book, u003cemu003eShadow in the Darku003c\/emu003e, or dive straight into u003cemu003ePenwood Manoru003c\/emu003e, which skews older than the earlier books in the series.u003c\/pu003enu003ch2 class=\"wp-block-aleteia-rich-list\"u003entttu003cspanu003e3u003c\/spanu003eu003cbr \/u003entttu003cstrongu003eA Lion for a Tombu003c\/strongu003eu003cbr \/u003enttu003c\/h2u003enu003cpu003eu003cemu003eUnseen Books, 2024.u003c\/emu003eu003c\/pu003enu003cpu003eNovelist, Aleteia contributor, and homeschooling mom Sarah Robsdottir says of this book: u0026#8220;My teens and I really enjoyed Corinna Turneru0026#8217;s latest release\u00a0u003ca href=\" target=\"_blank\" rel=\"noreferrer noopener\"u003eu003cstrongu003eu003cemu003eLion for a Tombu003c\/emu003eu003c\/strongu003eu003c\/au003e\u00a0this year. The award-winning author of the\u00a0u003cemu003eI Am Margaretu003c\/emu003e\u00a0series does not disappoint with this educational and entertaining book about a modern teen whose life is powerfully impacted by St. Ignatius of Antioch.u0026#8221;\u00a0\u00a0u003c\/pu003enu003ch2 class=\"wp-block-aleteia-rich-list\"u003entttu003cspanu003e4u003c\/spanu003eu003cbr \/u003entttu003cstrongu003eTOLKIEN AND FAITHu003c\/strongu003eu003cbr \/u003enttu003c\/h2u003enu003cpu003eu003cemu003eVoyage Comics, 2022.u003c\/emu003eu003c\/pu003enu003cpu003eIf your teen loves u003cemu003eThe Lord of the Ringsu003c\/emu003e and u003cemu003eThe Hobbitu003c\/emu003e, then you will definitely want to add u003cstrongu003eu003cemu003eu003ca href=\" target=\"_blank\" rel=\"noopener\" title=\"Tolkien and Faith\"u003eTolkien and Faithu003c\/au003eu003c\/emu003eu003c\/strongu003e to their shelf. The book is a collection of fun and insightful essays that explain the Catholic vision at the heart of the great writeru0026#8217;s mythology and storytelling. If you are a Tolkien fan, you will probably be tempted to steal the book from your teen so that you can read it, too u0026#8212; or you could just order two copies!u003c\/pu003enu003ch2 class=\"wp-block-aleteia-rich-list\"u003entttu003cspanu003e5u003c\/spanu003eu003cbr \/u003entttu003cstrongu003eSaint Joan: The Girl Soldieru003c\/strongu003eu003cbr \/u003enttu003c\/h2u003enu003cpu003eLouis de Wohl was one of the most popular Catholic writers of the 20th century. His enthralling biographies of the saints are still read day, probably because he made them so relatable, even at their most heroic. u003cstrongu003eu003cemu003eu003ca href=\" target=\"_blank\" rel=\"noopener\" title=\"Saint Joan: The Girl Soldier\"u003eSaint Joan: The Girl Soldieru003c\/au003eu003c\/emu003eu003c\/strongu003e, written for young people, is one of de Wohlu0026#8217;s best. Your teens probably know the basic story of the young woman who rose to command an army at Godu0026#8217;s behest, but De Wohl helps readers enter into her spirit in a way that is never preachy.u003c\/pu003enu003ch2 class=\"wp-block-aleteia-rich-list\"u003entttu003cspanu003e6u003c\/spanu003eu003cbr \/u003entttu003cstrongu003eCathedralu003c\/strongu003eu003cbr \/u003enttu003c\/h2u003enu003cpu003eu003cemu003eHarper Collins, 1971 u0026amp; 1995.u003c\/emu003eu003c\/pu003enu003cpu003eYes, u003cstrongu003eu003cemu003eu003ca href=\" target=\"_blank\" rel=\"noopener\" title=\"Cathedral\"u003eCathedralu003c\/au003eu003c\/emu003eu003c\/strongu003e by David Macaulay is a kidu0026#8217;s book, but it remains captivating for every age group u0026#8212; in fact, the older you get, the more you will want to dive deeper. How did the people of the Middle Ages manage to conceive and construct these immense temples of God? The answer to that question is what makes u003cstrongu003eu003cemu003eu003ca href=\" target=\"_blank\" rel=\"noopener\" title=\"Cathedral, Forge, and Waterwheel\"u003eCathedral, Forge, and Waterwheelu003c\/au003eu003c\/emu003eu003c\/strongu003e the perfect u0026#8220;read more aboutu0026#8221; book on the topic. Teens who love science will be especially delighted to learn about the impressive technical feats of the supposed u0026#8220;Dark Ages.u0026#8221; It turns out maybe they werenu0026#8217;t so dark after all. u003c\/pu003enu003cpu003eWe will publish individual articles about these books throughout the summer. And donu0026#8217;t forget to check out our adult and kidsu0026#8217; lists (coming soon) as well!u003c\/pu003entu003cdiv data-category=\"Lifestyle\" data-category-english=\"lifestyle\" class=\"wp-block-aleteia-read-also read-also\"u003enttu003cfigureu003entttu003cimgnttttsrc=\" 2024 Summer Book List: Adult Fiction and Nonfiction\"nttttloading=\"lazy\" \/u003enttu003c\/figureu003enttu003cdiv class=\"read-also-inner\"u003entttu003cemu003eRead more:u003c\/emu003eu003ca href=\"u003eAleteia 2024 Summer Book List: Adult Fiction and Nonfictionu003c\/au003enttu003c\/divu003entu003c\/divu003etu003cdiv data-category=\"Lifestyle\" data-category-english=\"lifestyle\" class=\"wp-block-aleteia-read-also read-also\"u003enttu003cfigureu003entttu003cimgnttttsrc=\" 2023 summer book list for teens\"nttttloading=\"lazy\" \/u003enttu003c\/figureu003enttu003cdiv class=\"read-also-inner\"u003entttu003cemu003eRead more:u003c\/emu003eu003ca href=\" 2023 Summer Book List: Books for Teensu003c\/au003enttu003c\/divu003entu003c\/divu003e\",\"rawcontent\":\"u003c!-- wp:aleteia\/subtitle \/--u003ennu003c!-- wp:paragraph --u003enu003cpu003eSummer is a time for teens to relax from the stresses of school. At the same time, it is important to keep them engaged -- intellectually, creatively, and spiritually. They will naturally associate books with schoolwork, of course. That's why it's so important that we propose books to them that are actually be interesting and fun to read!u003c\/pu003enu003c!-- \/wp:paragraph --u003ennu003c!-- wp:paragraph --u003enu003cpu003eThe seven books on this list fit those criteria to a tee. Here you will find exciting stories and engaging characters, as well as fascinating takes on the events and culture that have shaped today's world.u003c\/pu003enu003c!-- \/wp:paragraph --u003ennu003c!-- wp:paragraph --u003enu003cpu003eu003cemu003eNote: Many of these books may be too challenging \u2014 intellectually and thematically \u2014 for younger readers. Fret not, however! Our list of Summer Books for Kids will publish soon! And also check out our fiction and nonfictionu0026nbsp;u003cstrongu003esummer book recommendations foru0026nbsp;u003ca href=\" target=\"_blank\" rel=\"noopener\" title=\"\"u003eadultu003c\/au003eu0026nbsp;readersu003c\/strongu003e. Some of those may appeal to older teens as well. u003c\/emu003eu003c\/pu003enu003c!-- \/wp:paragraph --u003ennu003c!-- wp:image \"id\":806674,\"sizeSlug\":\"large\",\"linkDestination\":\"none\" --u003enu003cfigure class=\"wp-block-image size-large\"u003eu003cimg src=\" alt=\"Aleteia 2024 Summer Book List for Teens - Horizontal\" class=\"wp-image-806674\" \/u003eu003c\/figureu003enu003c!-- \/wp:image --u003ennu003c!-- wp:aleteia\/heading3 \"content\":\"Summer book recommendations for teens\" --u003enu003ch3u003eSummer book recommendations for teensu003c\/h3u003enu003c!-- \/wp:aleteia\/heading3 --u003ennu003c!-- wp:aleteia\/rich-list \"index\":\"1\",\"text\":\"THE NET\" --u003enu003ch3 class=\"wp-block-aleteia-rich-list\"u003eu003cspanu003e1u003c\/spanu003eu003cstrongu003eTHE NETu003c\/strongu003eu003c\/h3u003enu003c!-- \/wp:aleteia\/rich-list --u003ennu003c!-- wp:paragraph --u003enu003cpu003eu003cemu003eHuman Adventure Books, 2024.u003c\/emu003eu003c\/pu003enu003c!-- \/wp:paragraph --u003ennu003c!-- wp:paragraph --u003enu003cpu003eThree teens find themselves lost in the woods without explanation or resources. A mysterious stranger offers them help, but should they accept? Sara Allegrini's u003ca href=\" target=\"_blank\" rel=\"noopener\" title=\"The Net\"u003eu003cstrongu003eu003cemu003eThe Netu003c\/emu003eu003c\/strongu003eu003c\/au003e asks the kinds of urgent questions that any lonely or alienated teenager will instantly relate to. It doesn't hurt that the story is full of nail-biting suspense.u003c\/pu003enu003c!-- \/wp:paragraph --u003ennu003c!-- wp:aleteia\/rich-list \"index\":\"2\",\"text\":\"murder at penwood manor\" --u003enu003ch3 class=\"wp-block-aleteia-rich-list\"u003eu003cspanu003e2u003c\/spanu003eu003cstrongu003emurder at penwood manoru003c\/strongu003eu003c\/h3u003enu003c!-- \/wp:aleteia\/rich-list --u003ennu003c!-- wp:paragraph --u003enu003cpu003eu003cemu003eLoyola Press, 2023.u003c\/emu003eu003c\/pu003enu003c!-- \/wp:paragraph --u003ennu003c!-- wp:paragraph --u003enu003cpu003eu003ca href=\" target=\"_blank\" rel=\"noopener\" title=\"Murder at Penwood Manor\"u003eu003cstrongu003eu003cemu003eMurder at Penwood Manoru003c\/emu003eu003c\/strongu003eu003c\/au003e is the fifth book in the award-winning Harwood Mysteries series by Antony Barone Kolenc. Set in medieval England, we start off in a Benedictine Abbey where an orphaned boy with no memory of his past takes the name Xan (short for Alexander). Xan and his new friends set out to uncover his identity -- but run into other perplexing mysteries and grave dangers as the series continues. Readers can begin with the first book, u003cemu003eShadow in the Darku003c\/emu003e, or dive straight into u003cemu003ePenwood Manoru003c\/emu003e, which skews older than the earlier books in the series.u003c\/pu003enu003c!-- \/wp:paragraph --u003ennu003c!-- wp:aleteia\/rich-list \"index\":\"3\",\"text\":\"A Lion for a Tomb\" --u003enu003ch3 class=\"wp-block-aleteia-rich-list\"u003eu003cspanu003e3u003c\/spanu003eu003cstrongu003eA Lion for a Tombu003c\/strongu003eu003c\/h3u003enu003c!-- \/wp:aleteia\/rich-list --u003ennu003c!-- wp:paragraph --u003enu003cpu003eu003cemu003eUnseen Books, 2024.u003c\/emu003eu003c\/pu003enu003c!-- \/wp:paragraph --u003ennu003c!-- wp:paragraph --u003enu003cpu003eNovelist, Aleteia contributor, and homeschooling mom Sarah Robsdottir says of this book: \"My teens and I really enjoyed Corinna Turner's latest release\u00a0u003ca href=\" target=\"_blank\" rel=\"noreferrer noopener\"u003eu003cstrongu003eu003cemu003eLion for a Tombu003c\/emu003eu003c\/strongu003eu003c\/au003e\u00a0this year. The award-winning author of the\u00a0u003cemu003eI Am Margaretu003c\/emu003e\u00a0series does not disappoint with this educational and entertaining book about a modern teen whose life is powerfully impacted by St. Ignatius of Antioch.\"\u00a0\u00a0u003c\/pu003enu003c!-- \/wp:paragraph --u003ennu003c!-- wp:aleteia\/rich-list \"index\":\"4\",\"text\":\"TOLKIEN AND FAITH\" --u003enu003ch3 class=\"wp-block-aleteia-rich-list\"u003eu003cspanu003e4u003c\/spanu003eu003cstrongu003eTOLKIEN AND FAITHu003c\/strongu003eu003c\/h3u003enu003c!-- \/wp:aleteia\/rich-list --u003ennu003c!-- wp:paragraph --u003enu003cpu003eu003cemu003eVoyage Comics, 2022.u003c\/emu003eu003c\/pu003enu003c!-- \/wp:paragraph --u003ennu003c!-- wp:paragraph --u003enu003cpu003eIf your teen loves u003cemu003eThe Lord of the Ringsu003c\/emu003e and u003cemu003eThe Hobbitu003c\/emu003e, then you will definitely want to add u003cstrongu003eu003cemu003eu003ca href=\" target=\"_blank\" rel=\"noopener\" title=\"Tolkien and Faith\"u003eTolkien and Faithu003c\/au003eu003c\/emu003eu003c\/strongu003e to their shelf. The book is a collection of fun and insightful essays that explain the Catholic vision at the heart of the great writer's mythology and storytelling. If you are a Tolkien fan, you will probably be tempted to steal the book from your teen so that you can read it, too -- or you could just order two copies!u003c\/pu003enu003c!-- \/wp:paragraph --u003ennu003c!-- wp:aleteia\/rich-list \"index\":\"5\",\"text\":\"Saint Joan: The Girl Soldier\" --u003enu003ch3 class=\"wp-block-aleteia-rich-list\"u003eu003cspanu003e5u003c\/spanu003eu003cstrongu003eSaint Joan: The Girl Soldieru003c\/strongu003eu003c\/h3u003enu003c!-- \/wp:aleteia\/rich-list --u003ennu003c!-- wp:paragraph --u003enu003cpu003eLouis de Wohl was one of the most popular Catholic writers of the 20th century. His enthralling biographies of the saints are still read day, probably because he made them so relatable, even at their most heroic. u003cstrongu003eu003cemu003eu003ca href=\" target=\"_blank\" rel=\"noopener\" title=\"Saint Joan: The Girl Soldier\"u003eSaint Joan: The Girl Soldieru003c\/au003eu003c\/emu003eu003c\/strongu003e, written for young people, is one of de Wohl's best. Your teens probably know the basic story of the young woman who rose to command an army at God's behest, but De Wohl helps readers enter into her spirit in a way that is never preachy.u003c\/pu003enu003c!-- \/wp:paragraph --u003ennu003c!-- wp:aleteia\/rich-list \"index\":\"6\",\"text\":\"Cathedral\" --u003enu003ch3 class=\"wp-block-aleteia-rich-list\"u003eu003cspanu003e6u003c\/spanu003eu003cstrongu003eCathedralu003c\/strongu003eu003c\/h3u003enu003c!-- \/wp:aleteia\/rich-list --u003ennu003c!-- wp:paragraph --u003enu003cpu003eu003cemu003eHarper Collins, 1971 u0026amp; 1995.u003c\/emu003eu003c\/pu003enu003c!-- \/wp:paragraph --u003ennu003c!-- wp:paragraph --u003enu003cpu003eYes, u003cstrongu003eu003cemu003eu003ca href=\" target=\"_blank\" rel=\"noopener\" title=\"Cathedral\"u003eCathedralu003c\/au003eu003c\/emu003eu003c\/strongu003e by David Macaulay is a kid's book, but it remains captivating for every age group -- in fact, the older you get, the more you will want to dive deeper. How did the people of the Middle Ages manage to conceive and construct these immense temples of God? The answer to that question is what makes u003cstrongu003eu003cemu003eu003ca href=\" target=\"_blank\" rel=\"noopener\" title=\"Cathedral, Forge, and Waterwheel\"u003eCathedral, Forge, and Waterwheelu003c\/au003eu003c\/emu003eu003c\/strongu003e the perfect \"read more about\" book on the topic. Teens who love science will be especially delighted to learn about the impressive technical feats of the supposed \"Dark Ages.\" It turns out maybe they weren't so dark after all. u003c\/pu003enu003c!-- \/wp:paragraph --u003ennu003c!-- wp:paragraph --u003enu003cpu003eWe will publish individual articles about these books throughout the summer. And don't forget to check out our adult and kids' lists (coming soon) as well!u003c\/pu003enu003c!-- \/wp:paragraph --u003ennu003c!-- wp:aleteia\/read-also {\"link\":\",\"text\":\"Aleteia 2024 Summer Book List: Adult Fiction and Nonfiction\",\"image\":\" --u003enu003cdiv class=\"read-also\"u003eu003ca href=\"u003eAleteia 2024 Summer Book List: Adult Fiction and Nonfictionu003c\/au003eu003c\/divu003enu003c!-- \/wp:aleteia\/read-also --u003ennu003c!-- wp:aleteia\/read-also {\"link\":\" 2023 Summer Book List: Books for Teens\",\"image\":\" --u003enu003cdiv class=\"read-also\"u003eu003ca href=\" 2023 Summer Book List: Books for Teensu003c\/au003eu003c\/divu003enu003c!-- \/wp:aleteia\/read-also --u003e\",\"pages\":1,\"language\":\"en\",\"galleries\":[],\"video\":false,\"title\":\"Aleteia 2024 Summer Book List: Books for Teens\",\"subheading\":\"Keep your teenagers spiritually and imaginatively engaged this summer by suggesting that they read one or more of these wonderful books!\",\"author\":\"John Touhey\",\"author_2\":\"\",\"authors_obj\":[\"ID\":\"754445\",\"link\":\" Touhey is the Deputy Executive Editor of Aleteia\u2019s English edition. He has worked as a writer, filmmaker, and content creator on numerous projects and platforms.\",\"twitter\":\"\",\"facebook\":\"\",\"subtitle\":\"\",\"title_guest_author\":\"\",\"thumb\":\" Touhey\",\"hreflangs\": Aleteia\",\"link\":\"\",\"caption\":\"\",\"alt\":\"Aleteia 2024 Summer Book List for Teens\",\"link\":\"\/2024\/05\/31\/aleteia-2024-summer-book-list-books-for-teens\/\",\"category_obj\":\"link\":\" 0, 31, 77, 1 )\",\"term_id\":278,\"category\":\"Lifestyle\",\"category_slug\":\"lifestyle\",\"category_id\":278,\"category_color\":\"#001F4D\",\"parent_category\":\"Lifestyle\",\"published\":1717128000,\"published_datalayer\":\"2024.05.31\",\"article_modified_date\":\"\",\"article_modified\":false,\"published_formatted\":\"published on 05\/31\/24\",\"tags\":\"Books, Culture, History, Teens\",\"firsttag\":\"Teens\",\"tags_items\":[\"term_id\":423714819,\"name\":\"Books\",\"link\":\" Department\",\"settings\":\"disable_slideshow_cta\":\"\",\"template_customizations\":\"\",\"post_appearance_setting\":\"no_drop_caps\":false,\"hide_from_tops\":false,\"hide_date\":false,\"hide_post\":false,\"hide_post_in_newsletter\":false,\"ads_disabled\":false,\"inread_ads_disabled\":false,\"custom_inread_position_enabled\":false,\"custom_inread_position\":\"2\",\"test_pixel_enabled\":false,\"test_pixel_position\":\"\",\"exclude_banner_article\":false,\"div_moneytags_position\":\"\",\"hide_promotional_box\":false,\"original_article\":\"is_original\":\"1\",\"url\":\"\",\"edition\":\"en\",\"gtm\":\"page_type\":\"\",\"page_type_2\":\"\",\"category_name\":\"lifestyle\",\"article_subcategory\":\"Lifestyle\",\"article_type\":\"article\",\"cd\":\"dimension1\":\"John Touhey\",\"dimension2\":\"Lifestyle\",\"dimension3\":\"1717128000\",\"dimension4\":\"en\",\"dimension5\":\"\",\"dimension6\":\"article\",\"dimension7\":\"2024.05.31\",\"dimension8\":\"Books, Culture, History, Teens\",\"dimension9\":\"Keep your teenagers spiritually and imaginatively engaged this summer by suggesting that they read one or more of these wonderful books!\",\"dimension10\":\"806518\",\"dimension11\":\"Books\",\"dimension12\":\"web\",\"dimension13\":\"\",\"dimension17\":\"Lifestyle Department\",\"dimension14\":\"Lifestyle\",\"photo_of_the_day\":false,\"daily_wisdom\":false,\"word_count\":1350,\"shortcodes\":[],\"sponsoredSettings\":,\"isSponsored\":false,\"custom_skin_settings\":\"slot\":\"custom-skin\",\"library\":\"theme.Skin\",\"skin_default_article\":\"1\",\"hide_from_layout_endpoint\":\"1\",\"props\":\"id\":\"custom-skid-ad\",\"unit\":\"64500793\/EN_DESK_ARTICLE_SKIN_1x1\",\"collapse_empty_divs\":false,\"premium_ads\":false,\"bids\":\"\",\"nexxx360_id\":\"\",\"size\":[],\"adjacent_posts\":\"next_post\":\"link\":\" Article \",\"prev_post\":\"link\":\" Article \",\"close_comments\":false,\"premium_content\":\"\",\"trunked_content\":\"u003ch2 class=\"subtitle\"u003eKeep your teenagers spiritually and imaginatively engaged this summer by suggesting that they read one or more of these wonderful books!u003c\/h2u003enu003cpu003eSummer is a time for teens to relax from the stresses of school. At the same time, it is important to keep them engaged -- intellectually, creatively, and spiritually. They will naturally associate books with schoolwork, of course. That's why it's so important that we propose books to them that are actually be interesting and fun to read!u003c\/pu003ennu003cpu003eThe seven books on this list fit those criteria to a tee. Here you will find exciting stories and engaging characters, as well as fascinating takes on the events and culture that have shaped today's world.u003c\/pu003en\",{\"simple\":false,\"id\":806666,\"related\":[],\"content\":\"u003cspan class=\"subtitle\"u003eBette Nash began as a \"stewardess\" in 1957 and chose to be close to home to be with her son who has Down syndrome. She passed away on May 24.u003c\/spanu003eu003cpu003eWhen she began her career, Bette Nash was known as a stewardess. She served lobster and champagne on the flights on which she worked and carved beef for those who requested it. She offered cigarettes for passengers who desired an after-meal smoke.u003c\/pu003enu003cpu003eSixty-six years later, Bette Nash earned a place in the Guinness Book of World Records as the longest-serving flight attendant. Along the way, she developed a sort of fan club among regulars on her Washington-Boston route. Someone dubbed it the \u201cNash Dash.\u201du003c\/pu003enu003cpu003eNash passed away while in hospice care on May 24 at the age of 88, after battling breast cancer. Her u003ca href=\" target=\"_blank\" rel=\"noopener\" title=\"\"u003eobituaryu003c\/au003e noted that \u201cbeyond her professional achievements, Bette was a dedicated member and volunteer at Sacred Heart Church in Manassas, Virginia. Her faith and service to the church community were central to her life, providing comfort and support to many.\u201du003c\/pu003enu003cpu003eBette Nashu0026#8217;s funeral Mass will be held at Sacred Heart on June 10.u0026nbsp;u003c\/pu003enu003cpu003eThe obituary adds that she will be remembered \u201cnot only for her extraordinary career but also for her warmth, generosity, and the countless lives she touched.\u201du003c\/pu003enu003cdiv class=\"wp-block-aleteia-heading3\"u003enu003ch2u003eCharm schoolu003c\/h2u003enu003c\/pu003eu003c\/divu003enu003cdiv id='aleteia-welcome'u003eu003c\/divu003enu003cpu003eBorn Mary Elizabeth Burke on New Year\u2019s Eve, 1935, she grew up in Pleasantville, New Jersey, a suburb of Atlantic City. The jet age was still young, and flying was widely regarded as exotic and exciting. Bette was attracted to what she perceived of the life of a flight attendant.u0026nbsp;u003c\/pu003enu003cblockquote class=\"wp-block-quote is-layout-flow wp-block-quote-is-layout-flow\"u003enu003cpu003e\u201cIt just looked so elegant. And romantic. It was the romance of the skies. You could take off and be in another world almost,\u201d Nash told The Boston Globe in 2007.u0026nbsp;u003c\/pu003enu003c\/blockquoteu003enu003cpu003eShe studied business at Sacred Heart College in Belmont, North Carolina, a now defunct school that was operated by the Sisters of Mercy. Returning to New Jersey, she applied to and was accepted by Eastern Airlines. After an obligatory course in etiquette and dress in what was called \u201ccharm school,\u201d she began working in November 1957.u0026nbsp;u003c\/pu003enu003cdiv class=\"wp-block-aleteia-heading3\"u003enu003ch2u003eDevoted momu003c\/h2u003enu003c\/pu003eu003c\/divu003enu003cpu003e\u201cShe began flying out of Washington in 1961, usually shuttle hops to New York and Boston \u2014 an assignment she preferred, even when seniority gave her the choice of routes, because she could return to her home in Northern Virginia every evening to care for her son, who had Down syndrome,\u201d u003ca href=\" target=\"_blank\" rel=\"noopener\" title=\"\"u003eThe New York Times reportedu003c\/au003e.u003c\/pu003enu003cpu003eEastern eventually sold off its East Coast routes to Donald J. Trump\u2019s short-lived airline, the Trump Shuttle, the newspaper said. After it closed in 1992, the routes went to US Airways, which was bought by American in 2015. \u201cNash remained in place the whole time,\u201d said The Times.u003c\/pu003enu003cpu003eIn 2017, at a ceremony at Reagan National Airport to mark her 60th anniversary, American Airlines presented her with a pair of diamond earrings and a $10,000 donation to the u003ca href=\" target=\"_blank\" rel=\"noopener\" title=\"\"u003eSacred Heart food bank where she volunteeredu003c\/au003e.u003c\/pu003enu003cpu003eThe ceremony ended, and she was soon working a shuttle to Boston. But, The Times said, \u201cas the plane taxied to the runway, a pair of fire trucks doused the plane with a water-cannon salute, an honor usually reserved for retiring pilots.\u201du003c\/pu003enu003cpu003eNash never officially retired from American. She first entered the Guinness records in 2021 as the flight attendant with the longest career, said The Times. \u201cShe ultimately served for 67 years. A year later she entered the records again as the oldest active attendant.\u201du003c\/pu003enu003cdiv class=\"wp-block-aleteia-heading3\"u003enu003ch2u003eMink coats to flip-flopsu003c\/h2u003enu003c\/pu003eu003c\/divu003enu003cpu003eIn 2017, she expressed a touch of regret for the ways things have changed over the course of her career. \u201cIn the old days, we saw a lot of mink coats,\u201d she said. \u201cToday, we see a lot of flip-flops.\u201du003c\/pu003enu003cpu003eBette was predeceased by her husband, James Nash. She is survived by her son, Christian Nash, and her sister, Barbara Jannarone.u003c\/pu003enu003cpu003eShe also leaves behind many grateful fliers. Reacting to American Airlines\u2019 announcement of Nash\u2019s death, one person posted on Instagram, \u201cPlease, put her name on a 777 or the 787! She deserves to fly the world with her great history!\u201du003c\/pu003entu003cdiv data-category=\"Lifestyle\" data-category-english=\"lifestyle\" class=\"wp-block-aleteia-read-also read-also\"u003enttu003cfigureu003entttu003cimgnttttsrc=\" \/u003enttu003c\/figureu003enttu003cdiv class=\"read-also-inner\"u003entttu003cemu003eRead more:u003c\/emu003eu003ca href=\" Activities senior citizens can do at home to boost their spiritsu003c\/au003enttu003c\/divu003entu003c\/divu003etu003cdiv data-category=\"Lifestyle\" data-category-english=\"lifestyle\" class=\"wp-block-aleteia-read-also read-also\"u003enttu003cfigureu003entttu003cimgnttttsrc=\" Jennifer Fulwiler\"nttttloading=\"lazy\" \/u003enttu003c\/figureu003enttu003cdiv class=\"read-also-inner\"u003entttu003cemu003eRead more:u003c\/emu003eu003ca href=\" mom gives best tip ever on flying with kids in viral videou003c\/au003enttu003c\/divu003entu003c\/divu003e\",\"rawcontent\":\"u003c!-- wp:aleteia\/subtitle \/--u003ennu003c!-- wp:paragraph --u003enu003cpu003eWhen she began her career, Bette Nash was known as a stewardess. She served lobster and champagne on the flights on which she worked and carved beef for those who requested it. She offered cigarettes for passengers who desired an after-meal smoke.u003c\/pu003enu003c!-- \/wp:paragraph --u003ennu003c!-- wp:paragraph --u003enu003cpu003eSixty-six years later, Bette Nash earned a place in the Guinness Book of World Records as the longest-serving flight attendant. Along the way, she developed a sort of fan club among regulars on her Washington-Boston route. Someone dubbed it the \u201cNash Dash.\u201du003c\/pu003enu003c!-- \/wp:paragraph --u003ennu003c!-- wp:paragraph --u003enu003cpu003eNash passed away while in hospice care on May 24 at the age of 88, after battling breast cancer. Her u003ca href=\" target=\"_blank\" rel=\"noopener\" title=\"\"u003eobituaryu003c\/au003e noted that \u201cbeyond her professional achievements, Bette was a dedicated member and volunteer at Sacred Heart Church in Manassas, Virginia. Her faith and service to the church community were central to her life, providing comfort and support to many.\u201du003c\/pu003enu003c!-- \/wp:paragraph --u003ennu003c!-- wp:paragraph --u003enu003cpu003eBette Nash's funeral Mass will be held at Sacred Heart on June 10.u0026nbsp;u003c\/pu003enu003c!-- \/wp:paragraph --u003ennu003c!-- wp:paragraph --u003enu003cpu003eThe obituary adds that she will be remembered \u201cnot only for her extraordinary career but also for her warmth, generosity, and the countless lives she touched.\u201du003c\/pu003enu003c!-- \/wp:paragraph --u003ennu003c!-- wp:aleteia\/heading3 \"content\":\"Charm school\" --u003enu003ch3u003eCharm schoolu003c\/h3u003enu003c!-- \/wp:aleteia\/heading3 --u003ennu003c!-- wp:paragraph --u003enu003cpu003eBorn Mary Elizabeth Burke on New Year\u2019s Eve, 1935, she grew up in Pleasantville, New Jersey, a suburb of Atlantic City. The jet age was still young, and flying was widely regarded as exotic and exciting. Bette was attracted to what she perceived of the life of a flight attendant.u0026nbsp;u003c\/pu003enu003c!-- \/wp:paragraph --u003ennu003c!-- wp:quote --u003enu003cblockquote class=\"wp-block-quote\"u003eu003c!-- wp:paragraph --u003enu003cpu003e\u201cIt just looked so elegant. And romantic. It was the romance of the skies. You could take off and be in another world almost,\u201d Nash told The Boston Globe in 2007.u0026nbsp;u003c\/pu003enu003c!-- \/wp:paragraph --u003eu003c\/blockquoteu003enu003c!-- \/wp:quote --u003ennu003c!-- wp:paragraph --u003enu003cpu003eShe studied business at Sacred Heart College in Belmont, North Carolina, a now defunct school that was operated by the Sisters of Mercy. Returning to New Jersey, she applied to and was accepted by Eastern Airlines. After an obligatory course in etiquette and dress in what was called \u201ccharm school,\u201d she began working in November 1957.u0026nbsp;u003c\/pu003enu003c!-- \/wp:paragraph --u003ennu003c!-- wp:aleteia\/heading3 \"content\":\"Devoted mom\" --u003enu003ch3u003eDevoted momu003c\/h3u003enu003c!-- \/wp:aleteia\/heading3 --u003ennu003c!-- wp:paragraph --u003enu003cpu003e\u201cShe began flying out of Washington in 1961, usually shuttle hops to New York and Boston \u2014 an assignment she preferred, even when seniority gave her the choice of routes, because she could return to her home in Northern Virginia every evening to care for her son, who had Down syndrome,\u201d u003ca href=\" target=\"_blank\" rel=\"noopener\" title=\"\"u003eThe New York Times reportedu003c\/au003e.u003c\/pu003enu003c!-- \/wp:paragraph --u003ennu003c!-- wp:paragraph --u003enu003cpu003eEastern eventually sold off its East Coast routes to Donald J. Trump\u2019s short-lived airline, the Trump Shuttle, the newspaper said. After it closed in 1992, the routes went to US Airways, which was bought by American in 2015. \u201cNash remained in place the whole time,\u201d said The Times.u003c\/pu003enu003c!-- \/wp:paragraph --u003ennu003c!-- wp:paragraph --u003enu003cpu003eIn 2017, at a ceremony at Reagan National Airport to mark her 60th anniversary, American Airlines presented her with a pair of diamond earrings and a $10,000 donation to the u003ca href=\" target=\"_blank\" rel=\"noopener\" title=\"\"u003eSacred Heart food bank where she volunteeredu003c\/au003e.u003c\/pu003enu003c!-- \/wp:paragraph --u003ennu003c!-- wp:paragraph --u003enu003cpu003eThe ceremony ended, and she was soon working a shuttle to Boston. But, The Times said, \u201cas the plane taxied to the runway, a pair of fire trucks doused the plane with a water-cannon salute, an honor usually reserved for retiring pilots.\u201du003c\/pu003enu003c!-- \/wp:paragraph --u003ennu003c!-- wp:paragraph --u003enu003cpu003eNash never officially retired from American. She first entered the Guinness records in 2021 as the flight attendant with the longest career, said The Times. \u201cShe ultimately served for 67 years. A year later she entered the records again as the oldest active attendant.\u201du003c\/pu003enu003c!-- \/wp:paragraph --u003ennu003c!-- wp:aleteia\/heading3 \"content\":\"Mink coats to flip-flops\" --u003enu003ch3u003eMink coats to flip-flopsu003c\/h3u003enu003c!-- \/wp:aleteia\/heading3 --u003ennu003c!-- wp:paragraph --u003enu003cpu003eIn 2017, she expressed a touch of regret for the ways things have changed over the course of her career. \u201cIn the old days, we saw a lot of mink coats,\u201d she said. \u201cToday, we see a lot of flip-flops.\u201du003c\/pu003enu003c!-- \/wp:paragraph --u003ennu003c!-- wp:paragraph --u003enu003cpu003eBette was predeceased by her husband, James Nash. She is survived by her son, Christian Nash, and her sister, Barbara Jannarone.u003c\/pu003enu003c!-- \/wp:paragraph --u003ennu003c!-- wp:paragraph --u003enu003cpu003eShe also leaves behind many grateful fliers. Reacting to American Airlines\u2019 announcement of Nash\u2019s death, one person posted on Instagram, \u201cPlease, put her name on a 777 or the 787! She deserves to fly the world with her great history!\u201du003c\/pu003enu003c!-- \/wp:paragraph --u003ennu003c!-- wp:aleteia\/read-also {\"link\":\" Activities senior citizens can do at home to boost their spirits\",\"image\":\" --u003enu003cdiv class=\"read-also\"u003eu003ca href=\" Activities senior citizens can do at home to boost their spiritsu003c\/au003eu003c\/divu003enu003c!-- \/wp:aleteia\/read-also --u003ennu003c!-- wp:aleteia\/read-also {\"link\":\" mom gives best tip ever on flying with kids in viral video\",\"image\":\" --u003enu003cdiv class=\"read-also\"u003eu003ca href=\" mom gives best tip ever on flying with kids in viral videou003c\/au003eu003c\/divu003enu003c!-- \/wp:aleteia\/read-also --u003e\",\"pages\":1,\"language\":\"en\",\"galleries\":[],\"video\":false,\"title\":\"Longest-serving flight attendant was a committed Catholic\",\"subheading\":\"Bette Nash began as a \"stewardess\" in 1957 and chose to be close to home to be with her son who has Down syndrome. She passed away on May 24.\",\"author\":\"John Burger\",\"author_2\":\"\",\"authors_obj\":[\"ID\":\"803\",\"link\":\" Burger has been a writer for Aleteia's English edition since 2013. He is the author of \"At the Foot of the Cross: Lessons from Ukraine,\" a book-length interview with the head of the Ukrainian Greek Catholic Church. John's 30-year career in the Catholic press includes work at the National Catholic Register and Catholic New York, as well as freelance writing for many periodicals and websites. He has a bachelor's degree in English from Iona University in New Rochelle, NY, and a master's degree from Iowa State University in Ames, Iowa. Prior to his career as a Catholic journalist, he taught English in China and France.\",\"twitter\":\"\",\"facebook\":\"\",\"subtitle\":\"\",\"title_guest_author\":\"\",\"thumb\":\" Burger\",\"hreflangs\":\"en\":\" BARADAT ,\"link\":\"\/2024\/05\/31\/longest-serving-flight-attendant-was-a-committed-catholic\/\",\"category_obj\":\"link\":\" Stories\",\"name\":\"Inspiring Stories\",\"slug\":\"inspiring-stories\",\"color\":\"rgba( 0, 31, 77, 1 )\",\"term_id\":423715389,\"category\":\"Inspiring Stories\",\"category_slug\":\"inspiring-stories\",\"category_id\":423715389,\"category_color\":\"#001F4D\",\"parent_category\":\"Inspiring Stories\",\"published\":1717138005,\"published_datalayer\":\"2024.05.31\",\"article_modified_date\":\"\",\"article_modified\":false,\"published_formatted\":\"published on 05\/31\/24\",\"tags\":\"Faith, Work\",\"firsttag\":\"Work\",\"tags_items\":[\"term_id\":423714795,\"name\":\"Faith\",\"link\":\" Stories\",\"settings\":\"disable_slideshow_cta\":\"\",\"template_customizations\":\"\",\"post_appearance_setting\":\"no_drop_caps\":false,\"hide_from_tops\":false,\"hide_date\":false,\"hide_post\":false,\"hide_post_in_newsletter\":false,\"ads_disabled\":false,\"inread_ads_disabled\":false,\"custom_inread_position_enabled\":false,\"custom_inread_position\":\"2\",\"test_pixel_enabled\":false,\"test_pixel_position\":\"\",\"exclude_banner_article\":false,\"div_moneytags_position\":\"\",\"hide_promotional_box\":false,\"original_article\":\"is_original\":\"1\",\"url\":\"\",\"edition\":\"en\",\"gtm\":\"page_type\":\"\",\"page_type_2\":\"\",\"category_name\":\"inspiring stories\",\"article_subcategory\":\"Inspiring Stories\",\"article_type\":\"article\",\"cd\":\"dimension1\":\"John Burger\",\"dimension2\":\"Inspiring Stories\",\"dimension3\":\"1717138005\",\"dimension4\":\"en\",\"dimension5\":\"\",\"dimension6\":\"article\",\"dimension7\":\"2024.05.31\",\"dimension8\":\"Faith, Work\",\"dimension9\":\"Bette Nash began as a \"stewardess\" in 1957 and chose to be close to home to be with her son who has Down syndrome. She passed away on May 24.\",\"dimension10\":\"806666\",\"dimension11\":\"Faith\",\"dimension12\":\"web\",\"dimension13\":\"\",\"dimension17\":\"Inspiring Stories\",\"dimension14\":\"Inspiring Stories\",\"photo_of_the_day\":false,\"daily_wisdom\":false,\"word_count\":1089,\"shortcodes\":[],\"sponsoredSettings\":,\"isSponsored\":false,\"custom_skin_settings\":\"slot\":\"custom-skin\",\"library\":\"theme.Skin\",\"skin_default_article\":\"1\",\"hide_from_layout_endpoint\":\"1\",\"props\":\"id\":\"custom-skid-ad\",\"unit\":\"64500793\/EN_DESK_ARTICLE_SKIN_1x1\",\"collapse_empty_divs\":false,\"premium_ads\":false,\"bids\":\"\",\"nexxx360_id\":\"\",\"size\":[],\"adjacent_posts\":\"next_post\":\"link\":\" Article \",\"prev_post\":\"link\":\" Article \",\"close_comments\":false,\"premium_content\":\"\",\"trunked_content\":\"u003ch2 class=\"subtitle\"u003eBette Nash began as a \"stewardess\" in 1957 and chose to be close to home to be with her son who has Down syndrome. She passed away on May 24.u003c\/h2u003enu003cpu003eWhen she began her career, Bette Nash was known as a stewardess. She served lobster and champagne on the flights on which she worked and carved beef for those who requested it. She offered cigarettes for passengers who desired an after-meal smoke.u003c\/pu003ennu003cpu003eSixty-six years later, Bette Nash earned a place in the Guinness Book of World Records as the longest-serving flight attendant. Along the way, she developed a sort of fan club among regulars on her Washington-Boston route. Someone dubbed it the \u201cNash Dash.\u201du003c\/pu003en\",{\"simple\":false,\"id\":806572,\"related\":[],\"content\":\"u003cspan class=\"subtitle\"u003eAmericans encounter Christ on the roads to Indianapolis as longest Eucharistic Pilgrimage ever continues on its way along four routes.u003c\/spanu003eu003cpu003eIt was a scene that could almost have been from one of the Gospels: Jesus walking through crowds of people, accompanied by his Apostle, and one person experiences His touch in such a special way that he follows Him for life.u003c\/pu003enu003cpu003eCharlie McCullough is one of the u003ca href=\" target=\"_blank\" rel=\"noopener\" title=\"\u201cperpetual pilgrims\u201d\"u003e\u201cperpetual pilgrims\u201du003c\/au003e accompanying Christ in the Blessed Sacrament on four separate routes to the National Eucharistic Congress in Indianapolis this summer. On Wednesday, he spoke from a van that he and his fellow pilgrims on the southern arm of the National Eucharistic Pilgrimage have been using part of the time.u003c\/pu003enu003cdiv class=\"block-image-copyrigth-wrap\"u003enu003cfigure class=\"wp-block-image size-medium\"u003eu003cimg loading=\"lazy\" decoding=\"async\" width=\"1200\" height=\"573\" src=\" alt=\"Map-of-Eucharistic-Pilgrimage.jpg\" class=\"wp-image-806597\" srcset=\" 1200w, ?resize=150,72 150w, ?resize=300,143 300w, ?resize=1024,489 1024w, ?resize=620,296 620w, ?resize=1140,544 1140w, ?resize=375,179 375w, ?resize=630,301 630w\" sizes=\"(max-width: 1200px) 100vw, 1200px\" \/u003eu003c\/figureu003enu003cdiv class=\"copyright-text\"u003eNational Eucharistic Congressu003c\/divu003enu003c\/divu003enu003cpu003eThe previous evening, the six pilgrims on the Juan Diego Route were participating in a Eucharistic procession through Victoria, Texas. A man in his early 20s on the side of the street approached McCullough. The young man had grown up Protestant, and McCullough explained the Eucharistic procession, something the young man had never seen before.u003c\/pu003enu003cpu003e\u201cHe was at a time in his life when he was asking a lot of big questions like \u2018What is the purpose of life? What is the reason I exist?u0026#8217;\u201d McCullough said. Five blocks after their brief conversation ended, McCullough was surprised to find that the man had caught up to him.\u00a0u003c\/pu003enu003cblockquote class=\"wp-block-quote is-layout-flow wp-block-quote-is-layout-flow\"u003enu003cpu003e\u201cHe told me that that morning was the first time he had tried to pray in years,\u201d said McCullough, u003ca href=\" target=\"_blank\" rel=\"noopener\" title=\"\"u003ea student at Texas Au0026amp;Mu003c\/au003e. \u201cHe\u2019d opened his Bible and he didn\u2019t know if the Lord had heard him, and when Jesus walked by he knew that something was different and he knew that he wanted to follow the Lord. There were so many questions about how, and there was just this zeal welling up in his heart, and I got to pray with him and encourage him.u0026nbsp;u003c\/pu003ennnnu003cdiv id='aleteia-welcome'u003eu003c\/divu003eu003cpu003e\u201cAnd at the end of our conversation he just goes, \u2018I know this sounds crazy, but I want to go with you all to Indianapolis,\u2019\u201d McCullough related. \u201cI don\u2019t think he\u2019s going to go all the way to Indianapolis, but I pray that he follows the Lord the rest of his life.\u201du003c\/pu003enu003c\/blockquoteu003enu003cdiv class=\"wp-block-aleteia-heading3\"u003enu003ch2u003eEnergizingu003c\/h2u003enu003c\/pu003eu003c\/divu003enu003cpu003eIt\u2019s the kind of experience that is energizing the pilgrims.u003c\/pu003enu003cpu003eMcCullough and pilgrims from the other three routes spoke with journalists on Wednesday during a weekly webinar in which they describe their latest experiences on the road. They said they have been walking between 10 to 17 miles a day. Some described warm and welcoming \u2013 and large \u2013 crowds of people turning out at various scheduled events, such as Eucharistic processions, Masses and holy hours.u003c\/pu003enu003cblockquote class=\"wp-block-quote is-layout-flow wp-block-quote-is-layout-flow\"u003enu003cpu003e\u201cI didn\u2019t expect to see so much interest in these little towns, but every single church we\u2019ve stopped in has been jam-packed: people filling the pews and the vestibules and even standing on the steps outside, peeking around the door to see what\u2019s happening inside,\u201d said Chas Firestone East, a pilgrim on the western Serra Route.u003c\/pu003enu003c\/blockquoteu003enu003cpu003eThe pilgrims\u2019 vans \u2013 outfitted with altars in which the monstrance with the Blessed Sacrament can be mounted \u2013 carry them across long, open stretches of territory so they can keep up with their schedule of events in various cities along the way and make it to Indianapolis on time. The rides also provide them with time for quiet Eucharistic adoration.u003c\/pu003enu003cdiv class=\"block-image-copyrigth-wrap\"u003enu003cfigure class=\"wp-block-image size-large\"u003eu003cimg loading=\"lazy\" decoding=\"async\" width=\"1200\" height=\"800\" src=\" alt=\"New Haven Eucharistic Pilgrimage\" class=\"wp-image-806332\" srcset=\" 1200w, ?resize=150,100 150w, ?resize=300,200 300w, ?resize=1024,683 1024w, ?resize=620,413 620w, ?resize=360,240 360w, ?resize=1140,760 1140w, ?resize=375,250 375w, ?resize=630,420 630w, ?resize=266,177 266w\" sizes=\"(max-width: 1200px) 100vw, 1200px\" \/u003eu003cfigcaption class=\"wp-element-caption\"u003eThe Marian Route of the National Eucharistic Pilgrimage moving through New Haven, CT.u003c\/figcaptionu003eu003c\/figureu003enu003cdiv class=\"copyright-text\"u003eEdwin Lucero | National Eucharistic Revivalu003c\/divu003enu003c\/divu003enu003cblockquote class=\"wp-block-quote is-layout-flow wp-block-quote-is-layout-flow\"u003enu003cpu003e\u201cI keep thinking of all the other routes, and that Jesus is tracing the sign of the cross across this country,\u201d said Shayla Elm, another pilgrim on the Juan Diego Route. \u201cHe really is thirsty for this whole country. He really wants so many souls to encounter him. And he\u2019s the one who is walking. He\u2019s leading us right now.\u201du003c\/pu003enu003c\/blockquoteu003enu003cpu003eKai Weiss, a pilgrim on the northern Marian Route, also was reflective. \u201cWe are ourselves growing,\u201d he said. \u201cLiving a Eucharistic life also means ourselves becoming kind of a broken bread and abandoning ourselves to that.\u201du003c\/pu003enu003cpu003eThis weekend, the pilgrims are looking forward to celebrating the Feast of Corpus Christi u0026#8212; the Body and Blood of Christ. Crowds turning out to walk with them might be even larger than they have been already. u003c\/pu003entu003cdiv data-category=\"Spirituality\" data-category-english=\"spirituality\" class=\"wp-block-aleteia-read-also read-also\"u003enttu003cfigureu003entttu003cimgnttttsrc=\" \/u003enttu003c\/figureu003enttu003cdiv class=\"read-also-inner\"u003entttu003cemu003eRead more:u003c\/emu003eu003ca href=\" Eucharistic miracle that expanded the Corpus Christi feastu003c\/au003enttu003c\/divu003entu003c\/divu003etu003cdiv data-category=\"Spirituality\" data-category-english=\"spirituality\" class=\"wp-block-aleteia-read-also read-also\"u003enttu003cfigureu003entttu003cimgnttttsrc=\" \/u003enttu003c\/figureu003enttu003cdiv class=\"read-also-inner\"u003entttu003cemu003eRead more:u003c\/emu003eu003ca href=\" is your must-read for this year of Revivalu003c\/au003enttu003c\/divu003entu003c\/divu003e\",\"rawcontent\":\"u003c!-- wp:aleteia\/subtitle \/--u003ennu003c!-- wp:paragraph --u003enu003cpu003eIt was a scene that could almost have been from one of the Gospels: Jesus walking through crowds of people, accompanied by his Apostle, and one person experiences His touch in such a special way that he follows Him for life.u003c\/pu003enu003c!-- \/wp:paragraph --u003ennu003c!-- wp:paragraph --u003enu003cpu003eCharlie McCullough is one of the u003ca href=\" target=\"_blank\" rel=\"noopener\" title=\"\u201cperpetual pilgrims\u201d\"u003e\u201cperpetual pilgrims\u201du003c\/au003e accompanying Christ in the Blessed Sacrament on four separate routes to the National Eucharistic Congress in Indianapolis this summer. On Wednesday, he spoke from a van that he and his fellow pilgrims on the southern arm of the National Eucharistic Pilgrimage have been using part of the time.u003c\/pu003enu003c!-- \/wp:paragraph --u003ennu003c!-- wp:image \"id\":806597,\"sizeSlug\":\"medium\",\"linkDestination\":\"none\" --u003enu003cfigure class=\"wp-block-image size-medium\"u003eu003cimg src=\" alt=\"\" class=\"wp-image-806597\" \/u003eu003c\/figureu003enu003c!-- \/wp:image --u003ennu003c!-- wp:paragraph --u003enu003cpu003eThe previous evening, the six pilgrims on the Juan Diego Route were participating in a Eucharistic procession through Victoria, Texas. A man in his early 20s on the side of the street approached McCullough. The young man had grown up Protestant, and McCullough explained the Eucharistic procession, something the young man had never seen before.u003c\/pu003enu003c!-- \/wp:paragraph --u003ennu003c!-- wp:paragraph --u003enu003cpu003e\u201cHe was at a time in his life when he was asking a lot of big questions like \u2018What is the purpose of life? What is the reason I exist?'\u201d McCullough said. Five blocks after their brief conversation ended, McCullough was surprised to find that the man had caught up to him.\u00a0u003c\/pu003enu003c!-- \/wp:paragraph --u003ennu003c!-- wp:quote --u003enu003cblockquote class=\"wp-block-quote\"u003eu003c!-- wp:paragraph --u003enu003cpu003e\u201cHe told me that that morning was the first time he had tried to pray in years,\u201d said McCullough, u003ca href=\" target=\"_blank\" rel=\"noopener\" title=\"\"u003ea student at Texas Au0026amp;Mu003c\/au003e. \u201cHe\u2019d opened his Bible and he didn\u2019t know if the Lord had heard him, and when Jesus walked by he knew that something was different and he knew that he wanted to follow the Lord. There were so many questions about how, and there was just this zeal welling up in his heart, and I got to pray with him and encourage him.u0026nbsp;u003c\/pu003enu003c!-- \/wp:paragraph --u003ennu003c!-- wp:paragraph --u003enu003cpu003e\u201cAnd at the end of our conversation he just goes, \u2018I know this sounds crazy, but I want to go with you all to Indianapolis,\u2019\u201d McCullough related. \u201cI don\u2019t think he\u2019s going to go all the way to Indianapolis, but I pray that he follows the Lord the rest of his life.\u201du003c\/pu003enu003c!-- \/wp:paragraph --u003eu003c\/blockquoteu003enu003c!-- \/wp:quote --u003ennu003c!-- wp:aleteia\/heading3 \"content\":\"Energizing\" --u003enu003ch3u003eEnergizingu003c\/h3u003enu003c!-- \/wp:aleteia\/heading3 --u003ennu003c!-- wp:paragraph --u003enu003cpu003eIt\u2019s the kind of experience that is energizing the pilgrims.u003c\/pu003enu003c!-- \/wp:paragraph --u003ennu003c!-- wp:paragraph --u003enu003cpu003eMcCullough and pilgrims from the other three routes spoke with journalists on Wednesday during a weekly webinar in which they describe their latest experiences on the road. They said they have been walking between 10 to 17 miles a day. Some described warm and welcoming \u2013 and large \u2013 crowds of people turning out at various scheduled events, such as Eucharistic processions, Masses and holy hours.u003c\/pu003enu003c!-- \/wp:paragraph --u003ennu003c!-- wp:quote --u003enu003cblockquote class=\"wp-block-quote\"u003eu003c!-- wp:paragraph --u003enu003cpu003e\u201cI didn\u2019t expect to see so much interest in these little towns, but every single church we\u2019ve stopped in has been jam-packed: people filling the pews and the vestibules and even standing on the steps outside, peeking around the door to see what\u2019s happening inside,\u201d said Chas Firestone East, a pilgrim on the western Serra Route.u003c\/pu003enu003c!-- \/wp:paragraph --u003eu003c\/blockquoteu003enu003c!-- \/wp:quote --u003ennu003c!-- wp:paragraph --u003enu003cpu003eThe pilgrims\u2019 vans \u2013 outfitted with altars in which the monstrance with the Blessed Sacrament can be mounted \u2013 carry them across long, open stretches of territory so they can keep up with their schedule of events in various cities along the way and make it to Indianapolis on time. The rides also provide them with time for quiet Eucharistic adoration.u003c\/pu003enu003c!-- \/wp:paragraph --u003ennu003c!-- wp:image \"id\":806332,\"sizeSlug\":\"large\",\"linkDestination\":\"none\" --u003enu003cfigure class=\"wp-block-image size-large\"u003eu003cimg src=\" alt=\"New Haven Eucharistic Pilgrimage\" class=\"wp-image-806332\" \/u003eu003cfigcaption class=\"wp-element-caption\"u003eThe Marian Route of the National Eucharistic Pilgrimage moving through New Haven, CT.u003c\/figcaptionu003eu003c\/figureu003enu003c!-- \/wp:image --u003ennu003c!-- wp:quote --u003enu003cblockquote class=\"wp-block-quote\"u003eu003c!-- wp:paragraph --u003enu003cpu003e\u201cI keep thinking of all the other routes, and that Jesus is tracing the sign of the cross across this country,\u201d said Shayla Elm, another pilgrim on the Juan Diego Route. \u201cHe really is thirsty for this whole country. He really wants so many souls to encounter him. And he\u2019s the one who is walking. He\u2019s leading us right now.\u201du003c\/pu003enu003c!-- \/wp:paragraph --u003eu003c\/blockquoteu003enu003c!-- \/wp:quote --u003ennu003c!-- wp:paragraph --u003enu003cpu003eKai Weiss, a pilgrim on the northern Marian Route, also was reflective. \u201cWe are ourselves growing,\u201d he said. \u201cLiving a Eucharistic life also means ourselves becoming kind of a broken bread and abandoning ourselves to that.\u201du003c\/pu003enu003c!-- \/wp:paragraph --u003ennu003c!-- wp:paragraph --u003enu003cpu003eThis weekend, the pilgrims are looking forward to celebrating the Feast of Corpus Christi -- the Body and Blood of Christ. Crowds turning out to walk with them might be even larger than they have been already. u003c\/pu003enu003c!-- \/wp:paragraph --u003ennu003c!-- wp:aleteia\/read-also {\"link\":\" Eucharistic miracle that expanded the Corpus Christi feast\",\"image\":\" --u003enu003cdiv class=\"read-also\"u003eu003ca href=\" Eucharistic miracle that expanded the Corpus Christi feastu003c\/au003eu003c\/divu003enu003c!-- \/wp:aleteia\/read-also --u003ennu003c!-- wp:aleteia\/read-also {\"link\":\" is your must-read for this year of Revival\",\"image\":\" --u003enu003cdiv class=\"read-also\"u003eu003ca href=\" is your must-read for this year of Revivalu003c\/au003eu003c\/divu003enu003c!-- \/wp:aleteia\/read-also --u003ennu003c!-- wp:paragraph --u003enu003cpu003eu003c\/pu003enu003c!-- \/wp:paragraph --u003e\",\"pages\":1,\"language\":\"en\",\"galleries\":[],\"video\":false,\"title\":\"Young Protestant pledges to follow Eucharistic pilgrimage to the end\",\"subheading\":\"Americans encounter Christ on the roads to Indianapolis as longest Eucharistic Pilgrimage ever continues on its way along four routes.\",\"author\":\"John Burger\",\"author_2\":\"\",\"authors_obj\":[\"ID\":\"803\",\"link\":\" Burger has been a writer for Aleteia's English edition since 2013. He is the author of \"At the Foot of the Cross: Lessons from Ukraine,\" a book-length interview with the head of the Ukrainian Greek Catholic Church. John's 30-year career in the Catholic press includes work at the National Catholic Register and Catholic New York, as well as freelance writing for many periodicals and websites. He has a bachelor's degree in English from Iona University in New Rochelle, NY, and a master's degree from Iowa State University in Ames, Iowa. Prior to his career as a Catholic journalist, he taught English in China and France.\",\"twitter\":\"\",\"facebook\":\"\",\"subtitle\":\"\",\"title_guest_author\":\"\",\"thumb\":\" Burger\",\"hreflangs\":\"en\":\" Eucharistic Revival \/ Aleteia composite\",\"link\":\"\",\"caption\":\"\",\"alt\":\"National Eucharistic Pilgrimage\",\"link\":\"\/2024\/05\/30\/young-protestant-pledges-to-follow-eucharistic-pilgrimage-to-the-end\/\",\"category_obj\":\"link\":\" 0, 31, 77, 1 )\",\"term_id\":423715164,\"category\":\"News\",\"category_slug\":\"news\",\"category_id\":423715164,\"category_color\":\"#001F4D\",\"parent_category\":\"News\",\"published\":1717039355,\"published_datalayer\":\"2024.05.30\",\"article_modified_date\":\"\",\"article_modified\":false,\"published_formatted\":\"published on 05\/30\/24\",\"tags\":\"Catholicism, Eucharist, Eucharistic Revival, Pilgrimages, Spiritual Life\",\"firsttag\":\"Spiritual Life\",\"tags_items\":[\"term_id\":423714723,\"name\":\"Catholicism\",\"link\":\" Revival\",\"link\":\" Life\",\"link\":\" Department\",\"settings\":\"disable_slideshow_cta\":\"\",\"template_customizations\":\"\",\"post_appearance_setting\":\"no_drop_caps\":false,\"hide_from_tops\":false,\"hide_date\":false,\"hide_post\":false,\"hide_post_in_newsletter\":false,\"ads_disabled\":false,\"inread_ads_disabled\":false,\"custom_inread_position_enabled\":false,\"custom_inread_position\":\"2\",\"test_pixel_enabled\":false,\"test_pixel_position\":\"\",\"exclude_banner_article\":false,\"div_moneytags_position\":\"\",\"hide_promotional_box\":false,\"original_article\":\"is_original\":\"1\",\"url\":\"\",\"edition\":\"en\",\"gtm\":\"page_type\":\"\",\"page_type_2\":\"\",\"category_name\":\"news\",\"article_subcategory\":\"News\",\"article_type\":\"article\",\"cd\":\"dimension1\":\"John Burger\",\"dimension2\":\"News\",\"dimension3\":\"1717039355\",\"dimension4\":\"en\",\"dimension5\":\"\",\"dimension6\":\"article\",\"dimension7\":\"2024.05.30\",\"dimension8\":\"Catholicism, Eucharist, Eucharistic Revival, Pilgrimages, Spiritual Life\",\"dimension9\":\"Americans encounter Christ on the roads to Indianapolis as longest Eucharistic Pilgrimage ever continues on its way along four routes.\",\"dimension10\":\"806572\",\"dimension11\":\"Catholicism\",\"dimension12\":\"web\",\"dimension13\":\"\",\"dimension17\":\"Infotainment Department\",\"dimension14\":\"News\",\"photo_of_the_day\":false,\"daily_wisdom\":false,\"word_count\":1116,\"shortcodes\":[],\"sponsoredSettings\":,\"isSponsored\":false,\"custom_skin_settings\":\"slot\":\"custom-skin\",\"library\":\"theme.Skin\",\"skin_default_article\":\"1\",\"hide_from_layout_endpoint\":\"1\",\"props\":\"id\":\"custom-skid-ad\",\"unit\":\"64500793\/EN_DESK_ARTICLE_SKIN_1x1\",\"collapse_empty_divs\":false,\"premium_ads\":false,\"bids\":\"\",\"nexxx360_id\":\"\",\"size\":[],\"adjacent_posts\":\"next_post\":\"link\":\" Article \",\"prev_post\":\"link\":\" Article \",\"close_comments\":false,\"premium_content\":\"\",\"trunked_content\":\"u003ch2 class=\"subtitle\"u003eAmericans encounter Christ on the roads to Indianapolis as longest Eucharistic Pilgrimage ever continues on its way along four routes.u003c\/h2u003enu003cpu003eIt was a scene that could almost have been from one of the Gospels: Jesus walking through crowds of people, accompanied by his Apostle, and one person experiences His touch in such a special way that he follows Him for life.u003c\/pu003ennu003cpu003eCharlie McCullough is one of the u003ca href=\" target=\"_blank\" rel=\"noopener\" title=\"\u201cperpetual pilgrims\u201d\"u003e\u201cperpetual pilgrims\u201du003c\/au003e accompanying Christ in the Blessed Sacrament on four separate routes to the National Eucharistic Congress in Indianapolis this summer. On Wednesday, he spoke from a van that he and his fellow pilgrims on the southern arm of the National Eucharistic Pilgrimage have been using part of the time.u003c\/pu003en\",{\"simple\":false,\"id\":772016,\"related\":[],\"content\":\"u003cspan class=\"subtitle\"u003eWhile the body of Blessed Carlo Acutis may appear incorrupt, it was never officially declared so.u003c\/spanu003eu003cpu003eWhen searching the internet for images of Blessed Carlo Acutisu0026#8217; tomb, it may appear at first glance that the teenage-saintu0026#8217;s body is incorrupt.u003c\/pu003enu003cpu003eReports are also confusing, as some u003ca href=\" title=\"Postulator tells Italian TV of report that Carlo Acutis\u2019 body is incorrupt\"u003eItalian news reports from 2020u003c\/au003e claimed that his body was incorrupt.u003c\/pu003enu003cpu003eHowever, the official word is that his body is u0026#8220;not incorrupt.u0026#8221;u003c\/pu003enu003cpu003eArchbishop Domenico Sorrentino of Assisi said at the Mass at the opening of the tomb on u003ca href=\" 1, 2020u003c\/au003e, that, u0026#8220;Today we \u2026 see him again in his mortal body. A body that has passed, in the years of burial in Assisi, u003cstrongu003ethrough the normal process of decayu003c\/strongu003e.u0026#8221;u003c\/pu003enu003cpu003eAs stated in a previous article on u003ca href=\" Fr. Carlos Ac\u00e1cio Gon\u00e7alves Ferreira, the rector of the shrine where Carlo\u2019s tomb is, said that his body was discovered \u201cfully integral,\u201d though not intact.u003c\/pu003enu003cdiv id='aleteia-welcome'u003eu003c\/divu003enu003cpu003eu003cstrongu003eWhile his body appears to be incorrupt through the viewing glass,u003c\/strongu003e it is covered with a u003cstrongu003ewax layer u003c\/strongu003ethat is molded to look like his body prior to burial. This is not uncommon for the presentation of saints\u2019 bodies.u003c\/pu003enu003cpu003eThe remains of saints in Europe, especially in Italy, are often encased in a wax layer, so that they can be presented in a glass reliquary and pilgrims can see the saint as they were when they died.u003c\/pu003enu003cpu003eEven though his body is not incorrupt, the holiness of Blessed Carlou0026#8217;s life remains a powerful example for all people, especially teenagers.u003c\/pu003enu003cpu003eu003ca href=\" target=\"_blank\" rel=\"noopener\" title=\"Read here\"u003eRead hereu003c\/au003e to understand what an u0026#8220;incorrupt bodyu0026#8221; is in relation to the saints.u003c\/pu003enu003cfigure class=\"wp-block-embed is-type-video is-provider-dailymotion wp-block-embed-dailymotion wp-embed-aspect-16-9 wp-has-aspect-ratio\" data-original=\"false\"u003enu003cdiv class=\"wp-block-embed__wrapper\"u003enu003ciframe loading=\"lazy\" title=\"Meet Carlo Acutis: A Teenage Testament to the Faith\" frameborder=\"0\" width=\"1200\" height=\"674\" src=\" allowfullscreen allow=\"autoplay; fullscreen; picture-in-picture; web-share\"u003eu003c\/iframeu003enu003c\/divu003enu003c\/figureu003entu003cdiv data-category=\"Art u0026amp; Culture\" data-category-english=\"culture\" class=\"wp-block-aleteia-read-also read-also\"u003enttu003cfigureu003entttu003cimgnttttsrc=\" acutis comic book\"nttttloading=\"lazy\" \/u003enttu003c\/figureu003enttu003cdiv class=\"read-also-inner\"u003entttu003cemu003eRead more:u003c\/emu003eu003ca href=\" comic book on Blessed Carlo Acutisu0026#8217; life unveiled on feast dayu003c\/au003enttu003c\/divu003entu003c\/divu003etu003cdiv data-category=\"Spirituality\" data-category-english=\"spirituality\" class=\"wp-block-aleteia-read-also read-also\"u003enttu003cfigureu003entttu003cimgnttttsrc=\" ACUTIS\"nttttloading=\"lazy\" \/u003enttu003c\/figureu003enttu003cdiv class=\"read-also-inner\"u003entttu003cemu003eRead more:u003c\/emu003eu003ca href=\" Blessed Carlo Acutis\u2019 tomb highlights the universal call to holinessu003c\/au003enttu003c\/divu003entu003c\/divu003e\",\"rawcontent\":\"u003c!-- wp:aleteia\/subtitle \/--u003ennu003c!-- wp:paragraph --u003enu003cpu003eWhen searching the internet for images of Blessed Carlo Acutis' tomb, it may appear at first glance that the teenage-saint's body is incorrupt.u003c\/pu003enu003c!-- \/wp:paragraph --u003ennu003c!-- wp:paragraph --u003enu003cpu003eReports are also confusing, as some u003ca href=\" title=\"Postulator tells Italian TV of report that Carlo Acutis\u2019 body is incorrupt\"u003eItalian news reports from 2020u003c\/au003e claimed that his body was incorrupt.u003c\/pu003enu003c!-- \/wp:paragraph --u003ennu003c!-- wp:paragraph --u003enu003cpu003eHowever, the official word is that his body is \"not incorrupt.\"u003c\/pu003enu003c!-- \/wp:paragraph --u003ennu003c!-- wp:paragraph --u003enu003cpu003eArchbishop Domenico Sorrentino of Assisi said at the Mass at the opening of the tomb on u003ca href=\" 1, 2020u003c\/au003e, that, \"Today we \u2026 see him again in his mortal body. A body that has passed, in the years of burial in Assisi, u003cstrongu003ethrough the normal process of decayu003c\/strongu003e.\"u003c\/pu003enu003c!-- \/wp:paragraph --u003ennu003c!-- wp:paragraph --u003enu003cpu003eAs stated in a previous article on u003ca href=\" Fr. Carlos Ac\u00e1cio Gon\u00e7alves Ferreira, the rector of the shrine where Carlo\u2019s tomb is, said that his body was discovered \u201cfully integral,\u201d though not intact.u003c\/pu003enu003c!-- \/wp:paragraph --u003ennu003c!-- wp:paragraph --u003enu003cpu003eu003cstrongu003eWhile his body appears to be incorrupt through the viewing glass,u003c\/strongu003e it is covered with a u003cstrongu003ewax layer u003c\/strongu003ethat is molded to look like his body prior to burial. This is not uncommon for the presentation of saints\u2019 bodies.u003c\/pu003enu003c!-- \/wp:paragraph --u003ennu003c!-- wp:paragraph --u003enu003cpu003eThe remains of saints in Europe, especially in Italy, are often encased in a wax layer, so that they can be presented in a glass reliquary and pilgrims can see the saint as they were when they died.u003c\/pu003enu003c!-- \/wp:paragraph --u003ennu003c!-- wp:paragraph --u003enu003cpu003eEven though his body is not incorrupt, the holiness of Blessed Carlo's life remains a powerful example for all people, especially teenagers.u003c\/pu003enu003c!-- \/wp:paragraph --u003ennu003c!-- wp:paragraph --u003enu003cpu003eu003ca href=\" target=\"_blank\" rel=\"noopener\" title=\"Read here\"u003eRead hereu003c\/au003e to understand what an \"incorrupt body\" is in relation to the saints.u003c\/pu003enu003c!-- \/wp:paragraph --u003ennu003c!-- wp:embed \"url\":\" wp-has-aspect-ratio\" --u003enu003cfigure class=\"wp-block-embed is-type-video is-provider-dailymotion wp-block-embed-dailymotion wp-embed-aspect-16-9 wp-has-aspect-ratio\"u003eu003cdiv class=\"wp-block-embed__wrapper\"u003en \/wp:embed --u003ennu003c!-- wp:aleteia\/read-also {\"link\":\" comic book on Blessed Carlo Acutis\\u0026#8217; life unveiled on feast day\",\"image\":\" --u003enu003cdiv class=\"read-also\"u003eu003ca href=\" comic book on Blessed Carlo Acutisu0026#8217; life unveiled on feast dayu003c\/au003eu003c\/divu003enu003c!-- \/wp:aleteia\/read-also --u003ennu003c!-- wp:aleteia\/read-also {\"link\":\" Blessed Carlo Acutis\u2019 tomb highlights the universal call to holiness\",\"image\":\" --u003enu003cdiv class=\"read-also\"u003eu003ca href=\" Blessed Carlo Acutis\u2019 tomb highlights the universal call to holinessu003c\/au003eu003c\/divu003enu003c!-- \/wp:aleteia\/read-also --u003e\",\"pages\":1,\"language\":\"en\",\"galleries\":[],\"video\":false,\"title\":\"Is the body of Blessed Carlo Acutis incorrupt?\",\"subheading\":\"While the body of Blessed Carlo Acutis may appear incorrupt, it was never officially declared so.\",\"author\":\"Philip Kosloski\",\"author_2\":\"\",\"authors_obj\":[\"ID\":\"1243\",\"link\":\" Kosloski graduated from the University of Saint Thomas in Minnesota with a bachelor's degree in philosophy and Catholic studies and a master's degree in theology from the Augustine Institute. He is currently a spirituality writer for Aleteia.org and has been featured on such places as The Huffington Post, Crisis Magazine, The Catholic Herald, Catholic Exchange, National Catholic Register and EWTN Radio.\",\"twitter\":\"PhilipKosloski\",\"facebook\":\"philipkosloski\",\"subtitle\":\"\",\"title_guest_author\":\"\",\"thumb\":\" Kosloski\",\"hreflangs\":\"en\":\" Assisi - Nocera Umbra - Gualdo Tadino\",\"link\":\"\",\"caption\":\"\",\"alt\":\"CARLO ACUTIS, CIA\u0141O\",\"link\":\"\/2023\/10\/09\/is-the-body-of-bl-carlo-acutis-incorrupt\/\",\"category_obj\":\"link\":\" 78, 21, 171, 1 )\",\"term_id\":1494,\"category\":\"Spirituality\",\"category_slug\":\"spirituality\",\"category_id\":1494,\"category_color\":\"#4e15ab\",\"parent_category\":\"Spirituality\",\"published\":1696838400,\"published_datalayer\":\"2023.10.09\",\"article_modified_date\":\"\",\"article_modified\":false,\"published_formatted\":\"published on 10\/09\/23\",\"tags\":\"Carlo Acutis, Saints\",\"firsttag\":\"Saints\",\"tags_items\":[\"term_id\":423717326,\"name\":\"Carlo Acutis\",\"link\":\" Department\",\"settings\":\"disable_slideshow_cta\":\"\",\"template_customizations\":\"\",\"post_appearance_setting\":\"no_drop_caps\":false,\"hide_from_tops\":false,\"hide_date\":false,\"hide_post\":false,\"hide_post_in_newsletter\":false,\"ads_disabled\":false,\"inread_ads_disabled\":false,\"custom_inread_position_enabled\":false,\"custom_inread_position\":\"2\",\"test_pixel_enabled\":false,\"test_pixel_position\":\"\",\"exclude_banner_article\":false,\"div_moneytags_position\":\"\",\"hide_promotional_box\":false,\"original_article\":\"is_original\":\"1\",\"url\":\"\",\"edition\":\"en\",\"gtm\":\"page_type\":\"\",\"page_type_2\":\"\",\"category_name\":\"spirituality\",\"article_subcategory\":\"Spirituality\",\"article_type\":\"article\",\"cd\":\"dimension1\":\"Philip Kosloski\",\"dimension2\":\"Spirituality\",\"dimension3\":\"1696838400\",\"dimension4\":\"en\",\"dimension5\":\"\",\"dimension6\":\"article\",\"dimension7\":\"2023.10.09\",\"dimension8\":\"Carlo Acutis, Saints\",\"dimension9\":\"While the body of Blessed Carlo Acutis may appear incorrupt, it was never officially declared so.\",\"dimension10\":\"772016\",\"dimension11\":\"Carlo Acutis\",\"dimension12\":\"web\",\"dimension13\":\"\",\"dimension17\":\"Spirituality Department\",\"dimension14\":\"Spirituality\",\"photo_of_the_day\":false,\"daily_wisdom\":false,\"word_count\":573,\"shortcodes\":[],\"sponsoredSettings\":,\"isSponsored\":false,\"custom_skin_settings\":\"slot\":\"custom-skin\",\"library\":\"theme.Skin\",\"skin_default_article\":\"1\",\"hide_from_layout_endpoint\":\"1\",\"props\":\"id\":\"custom-skid-ad\",\"unit\":\"64500793\/EN_DESK_ARTICLE_SKIN_1x1\",\"collapse_empty_divs\":false,\"premium_ads\":false,\"bids\":\"\",\"nexxx360_id\":\"\",\"size\":[],\"adjacent_posts\":\"next_post\":\"link\":\" Article \",\"prev_post\":\"link\":\" Article \",\"close_comments\":false,\"premium_content\":\"\",\"trunked_content\":\"u003ch2 class=\"subtitle\"u003eWhile the body of Blessed Carlo Acutis may appear incorrupt, it was never officially declared so.u003c\/h2u003enu003cpu003eWhen searching the internet for images of Blessed Carlo Acutis' tomb, it may appear at first glance that the teenage-saint's body is incorrupt.u003c\/pu003ennu003cpu003eReports are also confusing, as some u003ca href=\" title=\"Postulator tells Italian TV of report that Carlo Acutis\u2019 body is incorrupt\"u003eItalian news reports from 2020u003c\/au003e claimed that his body was incorrupt.u003c\/pu003en\",{\"simple\":false,\"id\":805843,\"related\":[],\"content\":\"u003cspan class=\"subtitle\"u003eThe humble French woman had little education, but her spiritual wisdom was profound and is recognized by the Church and quoted several times in the Catechism.u003c\/spanu003eu003cpu003eThe u003cemu003eCatechism of the Catholic Churchu003c\/emu003e is regarded as a scholarly u0026#8220;textbook,u0026#8221; primarily written for educators who will pass on the faith, as the u003ca href=\" target=\"_blank\" rel=\"noopener\" title=\"\"u003eUSCCBu003c\/au003e explains:u003c\/pu003enu003cblockquote class=\"wp-block-quote is-layout-flow wp-block-quote-is-layout-flow\"u003enu003cpu003eTheu0026nbsp;u003cemu003eCatechismu003c\/emu003eu0026nbsp;is intended, first of all,u003cstrongu003e for bishops as teachers of the faith and pastors of the Church. u003c\/strongu003eThey have the first responsibility in catechesis. Through the bishops, theu0026nbsp;u003cemu003eCatechismu003c\/emu003eu0026nbsp;is addressed to u003cstrongu003eeditors of catechisms, priests, catechists and all others responsible for catechesis.u003c\/strongu003e It will also be useful reading for all the faithful.u003c\/pu003enu003c\/blockquoteu003enu003cpu003eWhatu0026#8217;s interesting is how an illiterate peasant girl, barely 19 years old, is quoted several times in the u003cemu003eCatechism.u003c\/emu003eu003c\/pu003enu003cpu003eShe may not have been a scholar of the law, but she certainly was a scholar of the interior life.u003c\/pu003enu003cdiv class=\"wp-block-aleteia-heading3\"u003enu003ch2u003eWhere is St. Joan of Arc quoted?u003c\/h2u003enu003c\/pu003eu003c\/divu003enu003cpu003eSt. Joan of Arc is quoted a total of u003cstrongu003efour timesu003c\/strongu003e in the u003cemu003eCatechism of the Catholic Churchu003c\/emu003e.u003c\/pu003enu003cdiv id='aleteia-welcome'u003eu003c\/divu003enu003cpu003eThe first time she is quoted is in the section on u0026#8220;u003cstrongu003eI believe in God the Fatheru003c\/strongu003eu0026#8220;:u003c\/pu003enu003cblockquote class=\"wp-block-quote is-layout-flow wp-block-quote-is-layout-flow\"u003enu003cpu003eu003cemu003eIt means coming to know Godu0026#8217;s greatness and majestyu003c\/emu003e: u0026#8220;Behold, God is great, and we know him not.u0026#8221; Therefore, we must u003cstrongu003eu0026#8220;serve God first.u0026#8221;u003c\/strongu003eu003c\/pu003enu003cciteu003eCCC 223u003c\/citeu003eu003c\/blockquoteu003enu003cpu003eShe is then quoted in the section, u0026#8220;u003cstrongu003eI believe in Jesus Christu003c\/strongu003eu0026#8220;:u003c\/pu003enu003cblockquote class=\"wp-block-quote is-layout-flow wp-block-quote-is-layout-flow\"u003enu003cpu003eThe name of Jesus is at the heart of Christian prayer. All liturgical prayers conclude with the words u0026#8220;through our Lord Jesus Christ.u0026#8221; The\u00a0u003cemu003eHail Maryu003c\/emu003e\u00a0reaches its high point in the words u0026#8220;blessed is the fruit of thy womb, Jesus.u0026#8221; The Eastern prayer of the heart, the\u00a0u003cemu003eJesus Prayeru003c\/emu003e, says: u0026#8220;Lord Jesus Christ, Son of God, have mercy on me, a sinner.u0026#8221; u003cstrongu003eMany Christians, such as St. Joan of Arc, have died with the one word u0026#8220;Jesusu0026#8221; on their lips.u003c\/strongu003eu003c\/pu003enu003cciteu003eCCC 435u003c\/citeu003eu003c\/blockquoteu003enu003cpu003eNext she is featured in the section on, u0026#8220;u003cstrongu003eI believe in the Holy Spiritu003c\/strongu003e,u0026#8221; thus showing her complete faith in the Holy Trinity!u003c\/pu003enu003cblockquote class=\"wp-block-quote is-layout-flow wp-block-quote-is-layout-flow\"u003enu003cpu003eChrist and his Church thus together make up the u0026#8220;whole Christu0026#8221; (u003cemu003eChristus totusu003c\/emu003e). The Church is one with Christ. The saints are acutely aware of this unity:u003c\/pu003ennnnu003cpu003eA reply of u003cstrongu003eSt. Joan of Arcu003c\/strongu003e to her judges sums up the faith of the holy doctors and the good sense of the believer: u0026#8220;u003cstrongu003eAbout Jesus Christ and the Church, I simply know theyu0026#8217;re just one thing, and we shouldnu0026#8217;t complicate the matter.u003c\/strongu003eu0026#8220;u003c\/pu003enu003cciteu003eCCC 795u003c\/citeu003eu003c\/blockquoteu003enu003cpu003eThe u003cemu003eCatechismu003c\/emu003e is clearly highlighting her Trinitarian faith and showing her simple, yet strong beliefs in God.u003c\/pu003enu003cpu003eThe last quote is found in the section, u0026#8220;u003cstrongu003eGodu0026#8217;s Salvation: Law and Graceu003c\/strongu003eu0026#8220;:u003c\/pu003enu003cblockquote class=\"wp-block-quote is-layout-flow wp-block-quote-is-layout-flow\"u003enu003cpu003eSince it belongs to the supernatural order, graceu0026nbsp;u003cemu003eescapes our experienceu003c\/emu003eu0026nbsp;and cannot be known except by faith. We cannot therefore rely on our feelings or our works to conclude that we are justified and saved. However, according to the Lordu0026#8217;s words u0026#8220;Thus you will know them by their fruitsu0026#8221; u0026#8211; reflection on Godu0026#8217;s blessings in our life and in the lives of the saints offers us a guarantee that grace is at work in us and spurs us on to an ever greater faith and an attitude of trustful poverty.u003c\/pu003ennnnu003cpu003eA pleasing illustration of this attitude is found in the reply ofu003cstrongu003e St. Joan of Arc u003c\/strongu003eto a question posed as a trap by her ecclesiastical judges: u0026#8220;u003cstrongu003eAsked if she knew that she was in Godu0026#8217;s grace, she replied: u0026#8216;If I am not, may it please God to put me in it; if I am, may it please God to keep me there.'u0026#8221;u003c\/strongu003eu003c\/pu003enu003cciteu003eCCC 2005u003c\/citeu003eu003c\/blockquoteu003enu003cpu003eNot every saint is mentioned in the u003cemu003eCatechismu003c\/emu003e, so this honor shows us the importance of St. Joan of Arc and the reality that u0026#8220;although you have hidden these things from the wise and the learned u003cstrongu003eyou have revealed them to the childlikeu003c\/strongu003eu0026#8221; (Matthew 11:25).u003c\/pu003entu003cdiv data-category=\"Inspiring Stories\" data-category-english=\"inspiring stories\" class=\"wp-block-aleteia-read-also read-also\"u003enttu003cfigureu003entttu003cimgnttttsrc=\" \/u003enttu003c\/figureu003enttu003cdiv class=\"read-also-inner\"u003entttu003cemu003eRead more:u003c\/emu003eu003ca href=\" inspiring story of St. Joan of Arc like you\u2019ve never heard it beforeu003c\/au003enttu003c\/divu003entu003c\/divu003etu003cdiv data-category=\"Art u0026amp; Culture\" data-category-english=\"culture\" class=\"wp-block-aleteia-read-also read-also\"u003enttu003cfigureu003entttu003cimgnttttsrc=\" \/u003enttu003c\/figureu003enttu003cdiv class=\"read-also-inner\"u003entttu003cemu003eRead more:u003c\/emu003eu003ca href=\" surprising devotion to Joan of Arcu003c\/au003enttu003c\/divu003entu003c\/divu003eu003cpu003eu003ca href=\" wp:aleteia\/subtitle \/--u003ennu003c!-- wp:paragraph --u003enu003cpu003eThe u003cemu003eCatechism of the Catholic Churchu003c\/emu003e is regarded as a scholarly \"textbook,\" primarily written for educators who will pass on the faith, as the u003ca href=\" target=\"_blank\" rel=\"noopener\" title=\"\"u003eUSCCBu003c\/au003e explains:u003c\/pu003enu003c!-- \/wp:paragraph --u003ennu003c!-- wp:quote --u003enu003cblockquote class=\"wp-block-quote\"u003eu003c!-- wp:paragraph --u003enu003cpu003eTheu0026nbsp;u003cemu003eCatechismu003c\/emu003eu0026nbsp;is intended, first of all,u003cstrongu003e for bishops as teachers of the faith and pastors of the Church. u003c\/strongu003eThey have the first responsibility in catechesis. Through the bishops, theu0026nbsp;u003cemu003eCatechismu003c\/emu003eu0026nbsp;is addressed to u003cstrongu003eeditors of catechisms, priests, catechists and all others responsible for catechesis.u003c\/strongu003e It will also be useful reading for all the faithful.u003c\/pu003enu003c!-- \/wp:paragraph --u003eu003c\/blockquoteu003enu003c!-- \/wp:quote --u003ennu003c!-- wp:paragraph --u003enu003cpu003eWhat's interesting is how an illiterate peasant girl, barely 19 years old, is quoted several times in the u003cemu003eCatechism.u003c\/emu003eu003c\/pu003enu003c!-- \/wp:paragraph --u003ennu003c!-- wp:paragraph --u003enu003cpu003eShe may not have been a scholar of the law, but she certainly was a scholar of the interior life.u003c\/pu003enu003c!-- \/wp:paragraph --u003ennu003c!-- wp:aleteia\/heading3 \"content\":\"Where is St. Joan of Arc quoted?\" --u003enu003ch3u003eWhere is St. Joan of Arc quoted?u003c\/h3u003enu003c!-- \/wp:aleteia\/heading3 --u003ennu003c!-- wp:paragraph --u003enu003cpu003eSt. Joan of Arc is quoted a total of u003cstrongu003efour timesu003c\/strongu003e in the u003cemu003eCatechism of the Catholic Churchu003c\/emu003e.u003c\/pu003enu003c!-- \/wp:paragraph --u003ennu003c!-- wp:paragraph --u003enu003cpu003eThe first time she is quoted is in the section on \"u003cstrongu003eI believe in God the Fatheru003c\/strongu003e\":u003c\/pu003enu003c!-- \/wp:paragraph --u003ennu003c!-- wp:quote --u003enu003cblockquote class=\"wp-block-quote\"u003eu003c!-- wp:paragraph --u003enu003cpu003eu003cemu003eIt means coming to know God's greatness and majestyu003c\/emu003e: \"Behold, God is great, and we know him not.\" Therefore, we must u003cstrongu003e\"serve God first.\"u003c\/strongu003eu003c\/pu003enu003c!-- \/wp:paragraph --u003eu003cciteu003eCCC 223u003c\/citeu003eu003c\/blockquoteu003enu003c!-- \/wp:quote --u003ennu003c!-- wp:paragraph --u003enu003cpu003eShe is then quoted in the section, \"u003cstrongu003eI believe in Jesus Christu003c\/strongu003e\":u003c\/pu003enu003c!-- \/wp:paragraph --u003ennu003c!-- wp:quote --u003enu003cblockquote class=\"wp-block-quote\"u003eu003c!-- wp:paragraph --u003enu003cpu003eThe name of Jesus is at the heart of Christian prayer. All liturgical prayers conclude with the words \"through our Lord Jesus Christ.\" The\u00a0u003cemu003eHail Maryu003c\/emu003e\u00a0reaches its high point in the words \"blessed is the fruit of thy womb, Jesus.\" The Eastern prayer of the heart, the\u00a0u003cemu003eJesus Prayeru003c\/emu003e, says: \"Lord Jesus Christ, Son of God, have mercy on me, a sinner.\" u003cstrongu003eMany Christians, such as St. Joan of Arc, have died with the one word \"Jesus\" on their lips.u003c\/strongu003eu003c\/pu003enu003c!-- \/wp:paragraph --u003eu003cciteu003eCCC 435u003c\/citeu003eu003c\/blockquoteu003enu003c!-- \/wp:quote --u003ennu003c!-- wp:paragraph --u003enu003cpu003eNext she is featured in the section on, \"u003cstrongu003eI believe in the Holy Spiritu003c\/strongu003e,\" thus showing her complete faith in the Holy Trinity!u003c\/pu003enu003c!-- \/wp:paragraph --u003ennu003c!-- wp:quote --u003enu003cblockquote class=\"wp-block-quote\"u003eu003c!-- wp:paragraph --u003enu003cpu003eChrist and his Church thus together make up the \"whole Christ\" (u003cemu003eChristus totusu003c\/emu003e). The Church is one with Christ. The saints are acutely aware of this unity:u003c\/pu003enu003c!-- \/wp:paragraph --u003ennu003c!-- wp:paragraph --u003enu003cpu003eA reply of u003cstrongu003eSt. Joan of Arcu003c\/strongu003e to her judges sums up the faith of the holy doctors and the good sense of the believer: \"u003cstrongu003eAbout Jesus Christ and the Church, I simply know they're just one thing, and we shouldn't complicate the matter.u003c\/strongu003e\"u003c\/pu003enu003c!-- \/wp:paragraph --u003eu003cciteu003eCCC 795u003c\/citeu003eu003c\/blockquoteu003enu003c!-- \/wp:quote --u003ennu003c!-- wp:paragraph --u003enu003cpu003eThe u003cemu003eCatechismu003c\/emu003e is clearly highlighting her Trinitarian faith and showing her simple, yet strong beliefs in God.u003c\/pu003enu003c!-- \/wp:paragraph --u003ennu003c!-- wp:paragraph --u003enu003cpu003eThe last quote is found in the section, \"u003cstrongu003eGod's Salvation: Law and Graceu003c\/strongu003e\":u003c\/pu003enu003c!-- \/wp:paragraph --u003ennu003c!-- wp:quote --u003enu003cblockquote class=\"wp-block-quote\"u003eu003c!-- wp:paragraph --u003enu003cpu003eSince it belongs to the supernatural order, graceu0026nbsp;u003cemu003eescapes our experienceu003c\/emu003eu0026nbsp;and cannot be known except by faith. We cannot therefore rely on our feelings or our works to conclude that we are justified and saved. However, according to the Lord's words \"Thus you will know them by their fruits\" - reflection on God's blessings in our life and in the lives of the saints offers us a guarantee that grace is at work in us and spurs us on to an ever greater faith and an attitude of trustful poverty.u003c\/pu003enu003c!-- \/wp:paragraph --u003ennu003c!-- wp:paragraph --u003enu003cpu003eA pleasing illustration of this attitude is found in the reply ofu003cstrongu003e St. Joan of Arc u003c\/strongu003eto a question posed as a trap by her ecclesiastical judges: \"u003cstrongu003eAsked if she knew that she was in God's grace, she replied: 'If I am not, may it please God to put me in it; if I am, may it please God to keep me there.'\"u003c\/strongu003eu003c\/pu003enu003c!-- \/wp:paragraph --u003eu003cciteu003eCCC 2005u003c\/citeu003eu003c\/blockquoteu003enu003c!-- \/wp:quote --u003ennu003c!-- wp:paragraph --u003enu003cpu003eNot every saint is mentioned in the u003cemu003eCatechismu003c\/emu003e, so this honor shows us the importance of St. Joan of Arc and the reality that \"although you have hidden these things from the wise and the learned u003cstrongu003eyou have revealed them to the childlikeu003c\/strongu003e\" (Matthew 11:25).u003c\/pu003enu003c!-- \/wp:paragraph --u003ennu003c!-- wp:aleteia\/read-also {\"link\":\" inspiring story of St. Joan of Arc like you\u2019ve never heard it before\",\"image\":\" --u003enu003cdiv class=\"read-also\"u003eu003ca href=\" inspiring story of St. Joan of Arc like you\u2019ve never heard it beforeu003c\/au003eu003c\/divu003enu003c!-- \/wp:aleteia\/read-also --u003ennu003c!-- wp:aleteia\/read-also {\"link\":\" surprising devotion to Joan of Arc\",\"image\":\" --u003enu003cdiv class=\"read-also\"u003eu003ca href=\" surprising devotion to Joan of Arcu003c\/au003eu003c\/divu003enu003c!-- \/wp:aleteia\/read-also --u003ennu003c!-- wp:paragraph --u003enu003cpu003eu003ca href=\" \/wp:paragraph --u003e\",\"pages\":1,\"language\":\"en\",\"galleries\":[],\"video\":false,\"title\":\"Did you know St. Joan of Arc is quoted in the Catechism?\",\"subheading\":\"The humble French woman had little education, but her spiritual wisdom was profound and is recognized by the Church and quoted several times in the Catechism.\",\"author\":\"Philip Kosloski\",\"author_2\":\"\",\"authors_obj\":[\"ID\":\"1243\",\"link\":\" Kosloski graduated from the University of Saint Thomas in Minnesota with a bachelor's degree in philosophy and Catholic studies and a master's degree in theology from the Augustine Institute. He is currently a spirituality writer for Aleteia.org and has been featured on such places as The Huffington Post, Crisis Magazine, The Catholic Herald, Catholic Exchange, National Catholic Register and EWTN Radio.\",\"twitter\":\"PhilipKosloski\",\"facebook\":\"philipkosloski\",\"subtitle\":\"\",\"title_guest_author\":\"\",\"thumb\":\" Kosloski\",\"hreflangs\":\"en\":\" Everett Millais ,\"link\":\"\/2024\/05\/29\/did-you-know-st-joan-of-arc-is-quoted-in-the-catechism\/\",\"category_obj\":\"link\":\" 0, 31, 77, 1 )\",\"term_id\":1494,\"category\":\"Spirituality\",\"category_slug\":\"spirituality\",\"category_id\":1494,\"category_color\":\"#001F4D\",\"parent_category\":\"Spirituality\",\"published\":1716973200,\"published_datalayer\":\"2024.05.29\",\"article_modified_date\":\"\",\"article_modified\":false,\"published_formatted\":\"published on 05\/29\/24\",\"tags\":\"Catechism, France, Saints\",\"firsttag\":\"Saints\",\"tags_items\":[\"term_id\":423717266,\"name\":\"Catechism\",\"link\":\" Department\",\"settings\":\"disable_slideshow_cta\":\"\",\"template_customizations\":\"\",\"post_appearance_setting\":\"no_drop_caps\":false,\"hide_from_tops\":false,\"hide_date\":false,\"hide_post\":false,\"hide_post_in_newsletter\":false,\"ads_disabled\":false,\"inread_ads_disabled\":false,\"custom_inread_position_enabled\":false,\"custom_inread_position\":\"2\",\"test_pixel_enabled\":false,\"test_pixel_position\":\"\",\"exclude_banner_article\":false,\"div_moneytags_position\":\"\",\"hide_promotional_box\":false,\"original_article\":\"is_original\":\"1\",\"url\":\"\",\"edition\":\"en\",\"gtm\":\"page_type\":\"\",\"page_type_2\":\"\",\"category_name\":\"spirituality\",\"article_subcategory\":\"Spirituality\",\"article_type\":\"article\",\"cd\":\"dimension1\":\"Philip Kosloski\",\"dimension2\":\"Spirituality\",\"dimension3\":\"1716973200\",\"dimension4\":\"en\",\"dimension5\":\"\",\"dimension6\":\"article\",\"dimension7\":\"2024.05.29\",\"dimension8\":\"Catechism, France, Saints\",\"dimension9\":\"The humble French woman had little education, but her spiritual wisdom was profound and is recognized by the Church and quoted several times in the Catechism.\",\"dimension10\":\"805843\",\"dimension11\":\"Catechism\",\"dimension12\":\"web\",\"dimension13\":\"\",\"dimension17\":\"Spirituality Department\",\"dimension14\":\"Spirituality\",\"photo_of_the_day\":false,\"daily_wisdom\":false,\"word_count\":1097,\"shortcodes\":[],\"sponsoredSettings\":,\"isSponsored\":false,\"custom_skin_settings\":\"slot\":\"custom-skin\",\"library\":\"theme.Skin\",\"skin_default_article\":\"1\",\"hide_from_layout_endpoint\":\"1\",\"props\":\"id\":\"custom-skid-ad\",\"unit\":\"64500793\/EN_DESK_ARTICLE_SKIN_1x1\",\"collapse_empty_divs\":false,\"premium_ads\":false,\"bids\":\"\",\"nexxx360_id\":\"\",\"size\":[],\"adjacent_posts\":\"next_post\":\"link\":\" Article \",\"prev_post\":\"link\":\" Article \",\"close_comments\":false,\"premium_content\":\"\",\"trunked_content\":\"u003ch2 class=\"subtitle\"u003eThe humble French woman had little education, but her spiritual wisdom was profound and is recognized by the Church and quoted several times in the Catechism.u003c\/h2u003enu003cpu003eThe u003cemu003eCatechism of the Catholic Churchu003c\/emu003e is regarded as a scholarly \"textbook,\" primarily written for educators who will pass on the faith, as the u003ca href=\" target=\"_blank\" rel=\"noopener\" title=\"\"u003eUSCCBu003c\/au003e explains:u003c\/pu003ennu003cblockquote class=\"wp-block-quote is-layout-flow wp-block-quote-is-layout-flow\"u003enu003cpu003eTheu0026nbsp;u003cemu003eCatechismu003c\/emu003eu0026nbsp;is intended, first of all,u003cstrongu003e for bishops as teachers of the faith and pastors of the Church. u003c\/strongu003eThey have the first responsibility in catechesis. Through the bishops, theu0026nbsp;u003cemu003eCatechismu003c\/emu003eu0026nbsp;is addressed to u003cstrongu003eeditors of catechisms, priests, catechists and all others responsible for catechesis.u003c\/strongu003e It will also be useful reading for all the faithful.u003c\/pu003enu003c\/blockquoteu003ennu003cpu003eWhat's interesting is how an illiterate peasant girl, barely 19 years old, is quoted several times in the u003cemu003eCatechism.u003c\/emu003eu003c\/pu003en\",{\"simple\":false,\"id\":806242,\"related\":[],\"content\":\"u003cspan class=\"subtitle\"u003eThe Blessed Virgin Mary was the first \"tabernacle\" of Jesus and when she visited Elizabeth, she brought with her the real presence of her Son.u003c\/spanu003eu003cpu003eWhile we may not think of the feast of the Visitation of Mary as a Eucharistic feast, Pope Benedict XVI made the connection in an address during the u003ca href=\" target=\"_blank\" rel=\"noopener\" title=\"\"u003eYear of the Eucharist in 2005u003c\/au003e.u003c\/pu003enu003cpu003eHe first noted how St. John Paul II named Mary the u0026#8220;u003cstrongu003eWoman of the Eucharistu003c\/strongu003eu0026#8220;:u003c\/pu003enu003cblockquote class=\"wp-block-quote is-layout-flow wp-block-quote-is-layout-flow\"u003enu003cpu003eIn his last Encyclical,u0026nbsp;u003cemu003eEcclesia de Eucharistia,u0026nbsp;u003c\/emu003eour beloved Pope John Paul II presented her to us as u0026#8220;u003cstrongu003eWoman of the Eucharistu003c\/strongu003eu0026#8221; throughout her life (cf. n. 53). u0026#8220;Woman of the Eucharistu0026#8221; through and through, beginning with her inner disposition: from the Annunciation, when she offered herself for the Incarnation of the Word of God, to the Cross and to the Resurrection; u0026#8220;Woman of the Eucharistu0026#8221; in the period subsequent to Pentecost, when she received in the Sacrament that Body which she had conceived and carried in her womb.u003c\/pu003enu003c\/blockquoteu003enu003cpu003eWith this connection in mind, it is interesting how there is a tradition in some places of housing the Eucharist in tabernacles that are u003cstrongu003ewithin statues of the Blessed Virgin Mary.u003c\/strongu003eu003c\/pu003enu003cpu003eFather Stefano Manelli, in his book\u00a0u003cemu003eJesus Our Eucharistic Love,\u00a0u003c\/emu003ebriefly explains this tradition:u003c\/pu003enu003cblockquote class=\"wp-block-quote is-layout-flow wp-block-quote-is-layout-flow\"u003enu003cdiv id='aleteia-welcome'u003eu003c\/divu003eu003cpu003e[I]n some of the churches in France, u003cstrongu003ethe tabernacle used to be encased in a statue of Our Lady of the Assumptionu003c\/strongu003e. The significance is quite clear: it is always the Blessed Virgin Mary who gives us Jesus, who is the blessed Fruit of Her virginal womb and the Heart of Her Immaculate Heart.u003c\/pu003enu003c\/blockquoteu003enu003cdiv class=\"wp-block-aleteia-heading3\"u003enu003ch2u003eThe first Eucharistic processionu003c\/h2u003enu003c\/pu003eu003c\/divu003enu003cpu003ePope Benedict XVI goes a step further and takes all of this symbolism and ties it to the Visitation of Mary to Elizabeth:u003c\/pu003enu003cblockquote class=\"wp-block-quote is-layout-flow wp-block-quote-is-layout-flow\"u003enu003cpu003eToday, in particular, we pause to meditate on the mystery of the Visitation of the Virgin to St Elizabethu0026#8230;In a certain way we can say that her journey was u0026#8212; we like to emphasize in this Year of the Eucharist u0026#8212; u003cstrongu003ethe first u0026#8220;Eucharistic processionu0026#8221; in history. u003c\/strongu003eMary, living Tabernacle of God made flesh, is the Ark of the Covenant in whom the Lord visited and redeemed his people. Jesusu0026#8217; presence filled her with the Holy Spirit.u003c\/pu003enu003c\/blockquoteu003enu003cpu003eIn many ways it is hoped that any Eucharistic procession we participate in have the same spirit of joy. We hope and pray when we process through the streets that others will recognize Jesus and be u003cstrongu003efilled with the Holy Spirit,u003c\/strongu003e just as Elizabeth was when Mary visited her.u003c\/pu003entu003cdiv data-category=\"Spirituality\" data-category-english=\"spirituality\" class=\"wp-block-aleteia-read-also read-also\"u003enttu003cfigureu003entttu003cimgnttttsrc=\" Kostka Church\"nttttloading=\"lazy\" \/u003enttu003c\/figureu003enttu003cdiv class=\"read-also-inner\"u003entttu003cemu003eRead more:u003c\/emu003eu003ca href=\" tabernacles can be within statues of the Virgin Maryu003c\/au003enttu003c\/divu003entu003c\/divu003etu003cdiv data-category=\"News\" data-category-english=\"news\" class=\"wp-block-aleteia-read-also read-also\"u003enttu003cfigureu003entttu003cimgnttttsrc=\" \/u003enttu003c\/figureu003enttu003cdiv class=\"read-also-inner\"u003entttu003cemu003eRead more:u003c\/emu003eu003ca href=\" of Eucharistic Pilgrimage drives home spiritual lessonu003c\/au003enttu003c\/divu003entu003c\/divu003e\",\"rawcontent\":\"u003c!-- wp:aleteia\/subtitle \/--u003ennu003c!-- wp:paragraph --u003enu003cpu003eWhile we may not think of the feast of the Visitation of Mary as a Eucharistic feast, Pope Benedict XVI made the connection in an address during the u003ca href=\" target=\"_blank\" rel=\"noopener\" title=\"\"u003eYear of the Eucharist in 2005u003c\/au003e.u003c\/pu003enu003c!-- \/wp:paragraph --u003ennu003c!-- wp:paragraph --u003enu003cpu003eHe first noted how St. John Paul II named Mary the \"u003cstrongu003eWoman of the Eucharistu003c\/strongu003e\":u003c\/pu003enu003c!-- \/wp:paragraph --u003ennu003c!-- wp:quote --u003enu003cblockquote class=\"wp-block-quote\"u003eu003c!-- wp:paragraph --u003enu003cpu003eIn his last Encyclical,u0026nbsp;u003cemu003eEcclesia de Eucharistia,u0026nbsp;u003c\/emu003eour beloved Pope John Paul II presented her to us as \"u003cstrongu003eWoman of the Eucharistu003c\/strongu003e\" throughout her life (cf. n. 53). \"Woman of the Eucharist\" through and through, beginning with her inner disposition: from the Annunciation, when she offered herself for the Incarnation of the Word of God, to the Cross and to the Resurrection; \"Woman of the Eucharist\" in the period subsequent to Pentecost, when she received in the Sacrament that Body which she had conceived and carried in her womb.u003c\/pu003enu003c!-- \/wp:paragraph --u003eu003c\/blockquoteu003enu003c!-- \/wp:quote --u003ennu003c!-- wp:paragraph --u003enu003cpu003eWith this connection in mind, it is interesting how there is a tradition in some places of housing the Eucharist in tabernacles that are u003cstrongu003ewithin statues of the Blessed Virgin Mary.u003c\/strongu003eu003c\/pu003enu003c!-- \/wp:paragraph --u003ennu003c!-- wp:paragraph --u003enu003cpu003eFather Stefano Manelli, in his book\u00a0u003cemu003eJesus Our Eucharistic Love,\u00a0u003c\/emu003ebriefly explains this tradition:u003c\/pu003enu003c!-- \/wp:paragraph --u003ennu003c!-- wp:quote --u003enu003cblockquote class=\"wp-block-quote\"u003eu003c!-- wp:paragraph --u003enu003cpu003e[I]n some of the churches in France, u003cstrongu003ethe tabernacle used to be encased in a statue of Our Lady of the Assumptionu003c\/strongu003e. The significance is quite clear: it is always the Blessed Virgin Mary who gives us Jesus, who is the blessed Fruit of Her virginal womb and the Heart of Her Immaculate Heart.u003c\/pu003enu003c!-- \/wp:paragraph --u003eu003c\/blockquoteu003enu003c!-- \/wp:quote --u003ennu003c!-- wp:aleteia\/heading3 \"content\":\"The first Eucharistic procession\" --u003enu003ch3u003eThe first Eucharistic processionu003c\/h3u003enu003c!-- \/wp:aleteia\/heading3 --u003ennu003c!-- wp:paragraph --u003enu003cpu003ePope Benedict XVI goes a step further and takes all of this symbolism and ties it to the Visitation of Mary to Elizabeth:u003c\/pu003enu003c!-- \/wp:paragraph --u003ennu003c!-- wp:quote --u003enu003cblockquote class=\"wp-block-quote\"u003eu003c!-- wp:paragraph --u003enu003cpu003eToday, in particular, we pause to meditate on the mystery of the Visitation of the Virgin to St Elizabeth...In a certain way we can say that her journey was -- we like to emphasize in this Year of the Eucharist -- u003cstrongu003ethe first \"Eucharistic procession\" in history. u003c\/strongu003eMary, living Tabernacle of God made flesh, is the Ark of the Covenant in whom the Lord visited and redeemed his people. Jesus' presence filled her with the Holy Spirit.u003c\/pu003enu003c!-- \/wp:paragraph --u003eu003c\/blockquoteu003enu003c!-- \/wp:quote --u003ennu003c!-- wp:paragraph --u003enu003cpu003eIn many ways it is hoped that any Eucharistic procession we participate in have the same spirit of joy. We hope and pray when we process through the streets that others will recognize Jesus and be u003cstrongu003efilled with the Holy Spirit,u003c\/strongu003e just as Elizabeth was when Mary visited her.u003c\/pu003enu003c!-- \/wp:paragraph --u003ennu003c!-- wp:aleteia\/read-also {\"link\":\" tabernacles can be within statues of the Virgin Mary\",\"image\":\" --u003enu003cdiv class=\"read-also\"u003eu003ca href=\" tabernacles can be within statues of the Virgin Maryu003c\/au003eu003c\/divu003enu003c!-- \/wp:aleteia\/read-also --u003ennu003c!-- wp:aleteia\/read-also {\"link\":\" of Eucharistic Pilgrimage drives home spiritual lesson\",\"image\":\" --u003enu003cdiv class=\"read-also\"u003eu003ca href=\" of Eucharistic Pilgrimage drives home spiritual lessonu003c\/au003eu003c\/divu003enu003c!-- \/wp:aleteia\/read-also --u003e\",\"pages\":1,\"language\":\"en\",\"galleries\":[],\"video\":false,\"title\":\"The Visitation of Mary was the first Eucharistic procession\",\"subheading\":\"The Blessed Virgin Mary was the first \"tabernacle\" of Jesus and when she visited Elizabeth, she brought with her the real presence of her Son.\",\"author\":\"Philip Kosloski\",\"author_2\":\"\",\"authors_obj\":[\"ID\":\"1243\",\"link\":\" Kosloski graduated from the University of Saint Thomas in Minnesota with a bachelor's degree in philosophy and Catholic studies and a master's degree in theology from the Augustine Institute. He is currently a spirituality writer for Aleteia.org and has been featured on such places as The Huffington Post, Crisis Magazine, The Catholic Herald, Catholic Exchange, National Catholic Register and EWTN Radio.\",\"twitter\":\"PhilipKosloski\",\"facebook\":\"philipkosloski\",\"subtitle\":\"\",\"title_guest_author\":\"\",\"thumb\":\" Kosloski\",\"hreflangs\": Public Domain\",\"link\":\" MYSTERY\",\"link\":\"\/2024\/05\/30\/the-visitation-of-mary-was-the-first-eucharistic-procession\/\",\"category_obj\":\"link\":\" 0, 31, 77, 1 )\",\"term_id\":1494,\"category\":\"Spirituality\",\"category_slug\":\"spirituality\",\"category_id\":1494,\"category_color\":\"#001F4D\",\"parent_category\":\"Spirituality\",\"published\":1717059600,\"published_datalayer\":\"2024.05.30\",\"article_modified_date\":\"\",\"article_modified\":false,\"published_formatted\":\"published on 05\/30\/24\",\"tags\":\"Devotions and Feasts, Eucharist, Virgin Mary\",\"firsttag\":\"Virgin Mary\",\"tags_items\":[\"term_id\":423715949,\"name\":\"Devotions and Feasts\",\"link\":\" Mary\",\"link\":\" Department\",\"settings\":\"disable_slideshow_cta\":\"\",\"template_customizations\":\"\",\"post_appearance_setting\":\"no_drop_caps\":false,\"hide_from_tops\":false,\"hide_date\":false,\"hide_post\":false,\"hide_post_in_newsletter\":false,\"ads_disabled\":false,\"inread_ads_disabled\":false,\"custom_inread_position_enabled\":false,\"custom_inread_position\":\"2\",\"test_pixel_enabled\":false,\"test_pixel_position\":\"\",\"exclude_banner_article\":false,\"div_moneytags_position\":\"\",\"hide_promotional_box\":false,\"original_article\":\"is_original\":\"1\",\"url\":\"\",\"edition\":\"en\",\"gtm\":\"page_type\":\"\",\"page_type_2\":\"\",\"category_name\":\"spirituality\",\"article_subcategory\":\"Spirituality\",\"article_type\":\"article\",\"cd\":\"dimension1\":\"Philip Kosloski\",\"dimension2\":\"Spirituality\",\"dimension3\":\"1717059600\",\"dimension4\":\"en\",\"dimension5\":\"\",\"dimension6\":\"article\",\"dimension7\":\"2024.05.30\",\"dimension8\":\"Devotions and Feasts, Eucharist, Virgin Mary\",\"dimension9\":\"The Blessed Virgin Mary was the first \"tabernacle\" of Jesus and when she visited Elizabeth, she brought with her the real presence of her Son.\",\"dimension10\":\"806242\",\"dimension11\":\"Devotions and Feasts\",\"dimension12\":\"web\",\"dimension13\":\"\",\"dimension17\":\"Spirituality Department\",\"dimension14\":\"Spirituality\",\"photo_of_the_day\":false,\"daily_wisdom\":false,\"word_count\":700,\"shortcodes\":[],\"sponsoredSettings\":,\"isSponsored\":false,\"custom_skin_settings\":\"slot\":\"custom-skin\",\"library\":\"theme.Skin\",\"skin_default_article\":\"1\",\"hide_from_layout_endpoint\":\"1\",\"props\":\"id\":\"custom-skid-ad\",\"unit\":\"64500793\/EN_DESK_ARTICLE_SKIN_1x1\",\"collapse_empty_divs\":false,\"premium_ads\":false,\"bids\":\"\",\"nexxx360_id\":\"\",\"size\":[],\"adjacent_posts\":\"next_post\":\"link\":\" Article \",\"prev_post\":\"link\":\" Article \",\"close_comments\":false,\"premium_content\":\"\",\"trunked_content\":\"u003ch2 class=\"subtitle\"u003eThe Blessed Virgin Mary was the first \"tabernacle\" of Jesus and when she visited Elizabeth, she brought with her the real presence of her Son.u003c\/h2u003enu003cpu003eWhile we may not think of the feast of the Visitation of Mary as a Eucharistic feast, Pope Benedict XVI made the connection in an address during the u003ca href=\" target=\"_blank\" rel=\"noopener\" title=\"\"u003eYear of the Eucharist in 2005u003c\/au003e.u003c\/pu003ennu003cpu003eHe first noted how St. John Paul II named Mary the \"u003cstrongu003eWoman of the Eucharistu003c\/strongu003e\":u003c\/pu003en\",{\"simple\":false,\"id\":806532,\"related\":[],\"content\":\"u003cspan class=\"subtitle\"u003eA sealed iron box was recently discovered in the foundation stone of a church in Le Teil (France). Damaged in an earthquake, the church is being replaced.u003c\/spanu003eu003cpu003eIn Le Teil, Ard\u00e8che (southern France), a page is being turned, but a new one is also being written. Weakened by the u003ca href=\" target=\"_blank\" rel=\"noopener\" title=\"\"u003eearthquakeu003c\/au003e of 2019, the church in the commune of Le Teil is currently being demolished. A new church is to be built just a few yards away.u003c\/pu003enu003cpu003eDuring the demolition, a time capsule in the form of an iron canister was found in the foundation stone of a pillar on the north-east side of the building. Opened on Tuesday, May 20, in the presence of the mayor, the vicar general of the Viviers diocese and the parish priest, it contained a few coins and a letter. Dated 1896, it talked about the blessing of the foundation stone of the new church in Le Teil. \u201cIn the year of Our Lord 1896, on the 10th of October before noon, to the glory of Almighty God and in honor of the u003ca href=\" target=\"_blank\" rel=\"noopener\" title=\"\"u003eBlessed Virgin Maryu003c\/au003e, I, Emile Pranec, parish priest of Le Teil, blessed the foundation stone of this church,\u201d it reads.u003c\/pu003enu003cdiv class=\"block-image-copyrigth-wrap\"u003enu003cfigure class=\"wp-block-image size-large\"u003eu003cimg loading=\"lazy\" decoding=\"async\" width=\"4160\" height=\"3120\" src=\" alt=\"BOITE-FER-BENEDICTION-EGLISE-DU-TEIL\" class=\"wp-image-805487\" srcset=\" 4160w, ?resize=150,113 150w, ?resize=300,225 300w, ?resize=1024,768 1024w, ?resize=1536,1152 1536w, ?resize=2048,1536 2048w, ?resize=620,465 620w, ?resize=1140,855 1140w, ?resize=375,281 375w, ?resize=1013,760 1013w, ?resize=630,473 630w\" sizes=\"(max-width: 4160px) 100vw, 4160px\" \/u003eu003cfigcaption class=\"wp-element-caption\"u003eu003cemu003eThe iron canister contained a letter about the blessing and a few coins.u003c\/emu003eu003c\/figcaptionu003eu003c\/figureu003enu003cdiv class=\"copyright-text\"u003eP\u00e8re Bernard Jobertu003c\/divu003enu003c\/divu003enu003cdiv class=\"wp-block-aleteia-heading3\"u003enu003ch2u003eu0026#8220;We feel part of a historyu0026#8221;u003c\/h2u003enu003c\/pu003eu003c\/divu003enu003cpu003e\u201cItu0026#8217;s a fairly common tradition, and we knew weu0026#8217;d find one,\u201d Fr. Fabien Plantier, vicar general of the diocese, told Aleteia. \u201cBut itu0026#8217;s always moving to know that youu0026#8217;re part of a history, part of a continuity. (u0026#8230;) We feel part of a history; there were people before us and there will be people after us!\u201du003c\/pu003enu003cpu003eThe original document will be handed over to the Ard\u00e8che departmental archives. A photocopy will be made and incorporated into one of the foundation stones of the new Le Teil church, on which work is due to start in September 2024. The text found in the old church will be joined by a new text explaining the context of the demolition and reconstruction of a new church.u003c\/pu003enu003cpu003eThis approach, which he readily describes as a \u201ctestimony of faith,\u201d is a beautiful way of \u201cputting everything under the gaze of Christ.\u201d The new building should welcome its first Mass on Christmas 2025. It will be a true symbol of hope for a commune that is very attached to its religious heritage.u003c\/pu003entu003cdiv data-category=\"Art u0026amp; Culture\" data-category-english=\"culture\" class=\"wp-block-aleteia-read-also read-also\"u003enttu003cfigureu003entttu003cimgnttttsrc=\" CAPSULE,CHRIST,STATUE\"nttttloading=\"lazy\" \/u003enttu003c\/figureu003enttu003cdiv class=\"read-also-inner\"u003entttu003cemu003eRead more:u003c\/emu003eu003ca href=\" time capsule found in 18th-century crucifixu003c\/au003enttu003c\/divu003entu003c\/divu003etu003cdiv data-category=\"Art u0026amp; Culture\" data-category-english=\"culture\" class=\"wp-block-aleteia-read-also read-also\"u003enttu003cfigureu003entttu003cimgnttttsrc=\" Cathedral\"nttttloading=\"lazy\" \/u003enttu003c\/figureu003enttu003cdiv class=\"read-also-inner\"u003entttu003cemu003eRead more:u003c\/emu003eu003ca href=\" time capsule recovered from Hungarian Cathedralu003c\/au003enttu003c\/divu003entu003c\/divu003eu003cdiv id='aleteia-welcome'u003eu003c\/divu003en\",\"rawcontent\":\"u003c!-- wp:aleteia\/subtitle \/--u003ennu003c!-- wp:paragraph --u003enu003cpu003eIn Le Teil, Ard\u00e8che (southern France), a page is being turned, but a new one is also being written. Weakened by the u003ca href=\" target=\"_blank\" rel=\"noopener\" title=\"\"u003eearthquakeu003c\/au003e of 2019, the church in the commune of Le Teil is currently being demolished. A new church is to be built just a few yards away.u003c\/pu003enu003c!-- \/wp:paragraph --u003ennu003c!-- wp:paragraph --u003enu003cpu003eDuring the demolition, a time capsule in the form of an iron canister was found in the foundation stone of a pillar on the north-east side of the building. Opened on Tuesday, May 20, in the presence of the mayor, the vicar general of the Viviers diocese and the parish priest, it contained a few coins and a letter. Dated 1896, it talked about the blessing of the foundation stone of the new church in Le Teil. \u201cIn the year of Our Lord 1896, on the 10th of October before noon, to the glory of Almighty God and in honor of the u003ca href=\" target=\"_blank\" rel=\"noopener\" title=\"\"u003eBlessed Virgin Maryu003c\/au003e, I, Emile Pranec, parish priest of Le Teil, blessed the foundation stone of this church,\u201d it reads.u003c\/pu003enu003c!-- \/wp:paragraph --u003ennu003c!-- wp:image \"id\":805487,\"sizeSlug\":\"large\",\"linkDestination\":\"none\" --u003enu003cfigure class=\"wp-block-image size-large\"u003eu003cimg src=\" alt=\"BOITE-FER-BENEDICTION-EGLISE-DU-TEIL\" class=\"wp-image-805487\" \/u003eu003cfigcaption class=\"wp-element-caption\"u003eu003cemu003eThe iron canister contained a letter about the blessing and a few coins.u003c\/emu003eu003c\/figcaptionu003eu003c\/figureu003enu003c!-- \/wp:image --u003ennu003c!-- wp:aleteia\/heading3 \"content\":\"\\u0022We feel part of a history\\u0022\" --u003enu003ch3u003e\"We feel part of a history\"u003c\/h3u003enu003c!-- \/wp:aleteia\/heading3 --u003ennu003c!-- wp:paragraph --u003enu003cpu003e\u201cIt's a fairly common tradition, and we knew we'd find one,\u201d Fr. Fabien Plantier, vicar general of the diocese, told Aleteia. \u201cBut it's always moving to know that you're part of a history, part of a continuity. (...) We feel part of a history; there were people before us and there will be people after us!\u201du003c\/pu003enu003c!-- \/wp:paragraph --u003ennu003c!-- wp:paragraph --u003enu003cpu003eThe original document will be handed over to the Ard\u00e8che departmental archives. A photocopy will be made and incorporated into one of the foundation stones of the new Le Teil church, on which work is due to start in September 2024. The text found in the old church will be joined by a new text explaining the context of the demolition and reconstruction of a new church.u003c\/pu003enu003c!-- \/wp:paragraph --u003ennu003c!-- wp:paragraph --u003enu003cpu003eThis approach, which he readily describes as a \u201ctestimony of faith,\u201d is a beautiful way of \u201cputting everything under the gaze of Christ.\u201d The new building should welcome its first Mass on Christmas 2025. It will be a true symbol of hope for a commune that is very attached to its religious heritage.u003c\/pu003enu003c!-- \/wp:paragraph --u003ennu003c!-- wp:aleteia\/read-also {\"link\":\" time capsule found in 18th-century crucifix\",\"image\":\" --u003enu003cdiv class=\"read-also\"u003eu003ca href=\" time capsule found in 18th-century crucifixu003c\/au003eu003c\/divu003enu003c!-- \/wp:aleteia\/read-also --u003ennu003c!-- wp:aleteia\/read-also {\"link\":\" time capsule recovered from Hungarian Cathedral\",\"image\":\" --u003enu003cdiv class=\"read-also\"u003eu003ca href=\" time capsule recovered from Hungarian Cathedralu003c\/au003eu003c\/divu003enu003c!-- \/wp:aleteia\/read-also --u003e\",\"pages\":1,\"language\":\"en\",\"galleries\":[],\"video\":false,\"title\":\"Time capsule found in foundation of church in France\",\"subheading\":\"A sealed iron box was recently discovered in the foundation stone of a church in Le Teil (France). Damaged in an earthquake, the church is being replaced.\",\"author\":\"Agn\u00e8s Pinard Legry\",\"author_2\":\"\",\"authors_obj\":[\"ID\":\"269577\",\"link\":\" Pinard Legry\",\"hreflangs\":\"en\":\" Bernard Jobert\",\"link\":\"\",\"caption\":\"Lettre de b\u00e9n\u00e9diction datant de 1896 de la premi\u00e8re pierre de la nouvelle \u00e9glise du Teil.\",\"alt\":\"smart\",\"link\":\"\/2024\/05\/31\/time-capsule-found-in-foundation-of-church-in-france\/\",\"category_obj\":\"link\":\" Stories\",\"name\":\"Inspiring Stories\",\"slug\":\"inspiring-stories\",\"color\":\"rgba( 0, 31, 77, 1 )\",\"term_id\":423715389,\"category\":\"Inspiring Stories\",\"category_slug\":\"inspiring-stories\",\"category_id\":423715389,\"category_color\":\"#001F4D\",\"parent_category\":\"Inspiring Stories\",\"published\":1717124400,\"published_datalayer\":\"2024.05.31\",\"article_modified_date\":\"\",\"article_modified\":false,\"published_formatted\":\"published on 05\/31\/24\",\"tags\":\"Church, France, History\",\"firsttag\":\"History\",\"tags_items\":[\"term_id\":423716138,\"name\":\"Church\",\"link\":\" Stories\",\"settings\":\"disable_slideshow_cta\":\"\",\"template_customizations\":\"\",\"post_appearance_setting\":\"no_drop_caps\":false,\"hide_from_tops\":false,\"hide_date\":false,\"hide_post\":false,\"hide_post_in_newsletter\":false,\"ads_disabled\":false,\"inread_ads_disabled\":false,\"custom_inread_position_enabled\":false,\"custom_inread_position\":\"2\",\"test_pixel_enabled\":false,\"test_pixel_position\":\"\",\"exclude_banner_article\":false,\"div_moneytags_position\":\"\",\"hide_promotional_box\":false,\"original_article\":\"is_original\":\"2\",\"url\":\"\",\"edition\":\"fr\",\"gtm\":\"page_type\":\"\",\"page_type_2\":\"\",\"category_name\":\"inspiring stories\",\"article_subcategory\":\"Inspiring Stories\",\"article_type\":\"article\",\"cd\":\"dimension1\":\"Agn\u00e8s Pinard Legry\",\"dimension2\":\"Inspiring Stories\",\"dimension3\":\"1717124400\",\"dimension4\":\"en\",\"dimension5\":\"\",\"dimension6\":\"article\",\"dimension7\":\"2024.05.31\",\"dimension8\":\"Church, France, History\",\"dimension9\":\"A sealed iron box was recently discovered in the foundation stone of a church in Le Teil (France). Damaged in an earthquake, the church is being replaced.\",\"dimension10\":\"806532\",\"dimension11\":\"Church\",\"dimension12\":\"web\",\"dimension13\":\"\",\"dimension17\":\"Inspiring Stories\",\"dimension14\":\"Inspiring Stories\",\"photo_of_the_day\":false,\"daily_wisdom\":false,\"word_count\":623,\"shortcodes\":[],\"sponsoredSettings\":,\"isSponsored\":false,\"custom_skin_settings\":\"slot\":\"custom-skin\",\"library\":\"theme.Skin\",\"skin_default_article\":\"1\",\"hide_from_layout_endpoint\":\"1\",\"props\":\"id\":\"custom-skid-ad\",\"unit\":\"64500793\/EN_DESK_ARTICLE_SKIN_1x1\",\"collapse_empty_divs\":false,\"premium_ads\":false,\"bids\":\"\",\"nexxx360_id\":\"\",\"size\":[],\"adjacent_posts\":\"next_post\":\"link\":\" Article \",\"prev_post\":\"link\":\" Article \",\"close_comments\":false,\"premium_content\":\"\",\"trunked_content\":\"u003ch2 class=\"subtitle\"u003eA sealed iron box was recently discovered in the foundation stone of a church in Le Teil (France). Damaged in an earthquake, the church is being replaced.u003c\/h2u003enu003cpu003eIn Le Teil, Ard\u00e8che (southern France), a page is being turned, but a new one is also being written. Weakened by the u003ca href=\" target=\"_blank\" rel=\"noopener\" title=\"\"u003eearthquakeu003c\/au003e of 2019, the church in the commune of Le Teil is currently being demolished. A new church is to be built just a few yards away.u003c\/pu003ennu003cpu003eDuring the demolition, a time capsule in the form of an iron canister was found in the foundation stone of a pillar on the north-east side of the building. Opened on Tuesday, May 20, in the presence of the mayor, the vicar general of the Viviers diocese and the parish priest, it contained a few coins and a letter. Dated 1896, it talked about the blessing of the foundation stone of the new church in Le Teil. \u201cIn the year of Our Lord 1896, on the 10th of October before noon, to the glory of Almighty God and in honor of the u003ca href=\" target=\"_blank\" rel=\"noopener\" title=\"\"u003eBlessed Virgin Maryu003c\/au003e, I, Emile Pranec, parish priest of Le Teil, blessed the foundation stone of this church,\u201d it reads.u003c\/pu003en\",{\"simple\":false,\"id\":805707,\"related\":[],\"content\":\"u003cspan class=\"subtitle\"u003eThe celebration of Corpus Christi can be traced to a vision that a 13th-century Belgian nun named Juliana had of the liturgical year.u003c\/spanu003eu003cpu003eThe Roman Rite of the Catholic Church celebrates the feast of Corpus Christi (Body and Blood of the Lord) each year after Trinity Sunday.u003c\/pu003enu003cpu003eHowever, the Church did not always celebrate this feast, and a large influence behind it was a a 13th-century Belgian nun named Juliana.u003c\/pu003enu003cdiv class=\"wp-block-aleteia-heading3\"u003enu003ch2u003eSt. Julianau0026#8217;s visionu003c\/h2u003enu003c\/pu003eu003c\/divu003enu003cpu003eJuliana was deeply devoted to the Holy Eucharist from an early age and according to Aleteia writer u003ca href=\" target=\"_blank\" rel=\"noopener\" title=\"\"u003eJoanne McPortlandu003c\/au003e, u0026#8220;entered religious life at the age of 13, serving in a hospice for lepers run by her community.u0026#8221;u003c\/pu003enu003cpu003eIt was during this time that she began to have a peculiar vision. Author Heinrich Stieglitz\u00a0narrates the vision in his book u003cemu003eu003ca href=\" target=\"_blank\" rel=\"noopener\" title=\"\"u003eThe Church Year: Talks to Childrenu003c\/au003eu003c\/emu003e:u003c\/pu003enu003cblockquote class=\"wp-block-quote is-layout-flow wp-block-quote-is-layout-flow\"u003enu003cpu003eAs early as her sixteenth year Juliana had a remarkable vision while she was at prayer. She saw u003cstrongu003ethe full moon shining brightly, but upon it was a dark spot as if a piece of it were broken outu003c\/strongu003e. At first she could not understand the vision. The oftener she looked at this strange sight, the more her wonder grew.u003c\/pu003enu003c\/blockquoteu003enu003cdiv id='aleteia-welcome'u003eu003c\/divu003enu003cpu003eInitially she thought the vision was demonic in origin and begged God for help:u003c\/pu003enu003cblockquote class=\"wp-block-quote is-layout-flow wp-block-quote-is-layout-flow\"u003enu003cpu003eu0026#8220;u003cstrongu003eIs it a temptation of the Evil One?u003c\/strongu003eu0026#8221; she asked anxiously. She prayed earnestly and yet the vision remained. Amid burning tears the girl asked her loving Savior to please explain to her what it meant.u003c\/pu003enu003c\/blockquoteu003enu003cpu003eAccording to the account, Jesus responded to Julianau0026#8217;s request and told her exactly what the vision was supposed to represent:u003c\/pu003enu003cblockquote class=\"wp-block-quote is-layout-flow wp-block-quote-is-layout-flow\"u003enu003cpu003eFinally Jesus told her, u0026#8220;u003cstrongu003eThe moon represents the ecclesiastical year. The dark spot within its shining surface means that there is still one feast missingu003c\/strongu003e. It is My will that a great festival be instituted in honor of u003cstrongu003eMy Sacred Bodyu003c\/strongu003e. Holy Thursday is more a day of sorrow than of joy. Now go and announce it to the world.u0026#8221; The humble nun shrank from such a task and told our Lord so, u0026#8220;Lord,u0026#8221; she said, u0026#8220;I am only a simple maiden and I am not at all worthy. So please entrust this work to holy and learned priests.u0026#8221;u003c\/pu003enu003c\/blockquoteu003enu003cpu003eInitially Juliana didnu0026#8217;t tell anyone, but over time she confided her vision to a few people and then the account made its way to the pope himself.u003c\/pu003enu003cpu003eWhile St. Thomas Aquinas would eventually write beautiful poetic hymns for this new feast, the celebration would likely not exist if it werenu0026#8217;t for the holiness of St. Juliana and her openness to receive Godu0026#8217;s word.u003c\/pu003entu003cdiv data-category=\"Church\" data-category-english=\"church\" class=\"wp-block-aleteia-read-also read-also\"u003enttu003cfigureu003entttu003cimgnttttsrc=\" \/u003enttu003c\/figureu003enttu003cdiv class=\"read-also-inner\"u003entttu003cemu003eRead more:u003c\/emu003eu003ca href=\"u003eJuliana of Liege, the 13th-century religious woman who brought us Corpus Christiu003c\/au003enttu003c\/divu003entu003c\/divu003e\",\"rawcontent\":\"u003c!-- wp:aleteia\/subtitle \/--u003ennu003c!-- wp:paragraph --u003enu003cpu003eThe Roman Rite of the Catholic Church celebrates the feast of Corpus Christi (Body and Blood of the Lord) each year after Trinity Sunday.u003c\/pu003enu003c!-- \/wp:paragraph --u003ennu003c!-- wp:paragraph --u003enu003cpu003eHowever, the Church did not always celebrate this feast, and a large influence behind it was a a 13th-century Belgian nun named Juliana.u003c\/pu003enu003c!-- \/wp:paragraph --u003ennu003c!-- wp:aleteia\/heading3 \"content\":\"St. Juliana's vision\" --u003enu003ch3u003eSt. Juliana's visionu003c\/h3u003enu003c!-- \/wp:aleteia\/heading3 --u003ennu003c!-- wp:paragraph --u003enu003cpu003eJuliana was deeply devoted to the Holy Eucharist from an early age and according to Aleteia writer u003ca href=\" target=\"_blank\" rel=\"noopener\" title=\"\"u003eJoanne McPortlandu003c\/au003e, \"entered religious life at the age of 13, serving in a hospice for lepers run by her community.\"u003c\/pu003enu003c!-- \/wp:paragraph --u003ennu003c!-- wp:paragraph --u003enu003cpu003eIt was during this time that she began to have a peculiar vision. Author Heinrich Stieglitz\u00a0narrates the vision in his book u003cemu003eu003ca href=\" target=\"_blank\" rel=\"noopener\" title=\"\"u003eThe Church Year: Talks to Childrenu003c\/au003eu003c\/emu003e:u003c\/pu003enu003c!-- \/wp:paragraph --u003ennu003c!-- wp:quote --u003enu003cblockquote class=\"wp-block-quote\"u003eu003c!-- wp:paragraph --u003enu003cpu003eAs early as her sixteenth year Juliana had a remarkable vision while she was at prayer. She saw u003cstrongu003ethe full moon shining brightly, but upon it was a dark spot as if a piece of it were broken outu003c\/strongu003e. At first she could not understand the vision. The oftener she looked at this strange sight, the more her wonder grew.u003c\/pu003enu003c!-- \/wp:paragraph --u003eu003c\/blockquoteu003enu003c!-- \/wp:quote --u003ennu003c!-- wp:paragraph --u003enu003cpu003eInitially she thought the vision was demonic in origin and begged God for help:u003c\/pu003enu003c!-- \/wp:paragraph --u003ennu003c!-- wp:quote --u003enu003cblockquote class=\"wp-block-quote\"u003eu003c!-- wp:paragraph --u003enu003cpu003e\"u003cstrongu003eIs it a temptation of the Evil One?u003c\/strongu003e\" she asked anxiously. She prayed earnestly and yet the vision remained. Amid burning tears the girl asked her loving Savior to please explain to her what it meant.u003c\/pu003enu003c!-- \/wp:paragraph --u003eu003c\/blockquoteu003enu003c!-- \/wp:quote --u003ennu003c!-- wp:paragraph --u003enu003cpu003eAccording to the account, Jesus responded to Juliana's request and told her exactly what the vision was supposed to represent:u003c\/pu003enu003c!-- \/wp:paragraph --u003ennu003c!-- wp:quote --u003enu003cblockquote class=\"wp-block-quote\"u003eu003c!-- wp:paragraph --u003enu003cpu003eFinally Jesus told her, \"u003cstrongu003eThe moon represents the ecclesiastical year. The dark spot within its shining surface means that there is still one feast missingu003c\/strongu003e. It is My will that a great festival be instituted in honor of u003cstrongu003eMy Sacred Bodyu003c\/strongu003e. Holy Thursday is more a day of sorrow than of joy. Now go and announce it to the world.\" The humble nun shrank from such a task and told our Lord so, \"Lord,\" she said, \"I am only a simple maiden and I am not at all worthy. So please entrust this work to holy and learned priests.\"u003c\/pu003enu003c!-- \/wp:paragraph --u003eu003c\/blockquoteu003enu003c!-- \/wp:quote --u003ennu003c!-- wp:paragraph --u003enu003cpu003eInitially Juliana didn't tell anyone, but over time she confided her vision to a few people and then the account made its way to the pope himself.u003c\/pu003enu003c!-- \/wp:paragraph --u003ennu003c!-- wp:paragraph --u003enu003cpu003eWhile St. Thomas Aquinas would eventually write beautiful poetic hymns for this new feast, the celebration would likely not exist if it weren't for the holiness of St. Juliana and her openness to receive God's word.u003c\/pu003enu003c!-- \/wp:paragraph --u003ennu003c!-- wp:aleteia\/read-also {\"link\":\",\"text\":\"Juliana of Liege, the 13th-century religious woman who brought us Corpus Christi\",\"image\":\" --u003enu003cdiv class=\"read-also\"u003eu003ca href=\"u003eJuliana of Liege, the 13th-century religious woman who brought us Corpus Christiu003c\/au003eu003c\/divu003enu003c!-- \/wp:aleteia\/read-also --u003e\",\"pages\":1,\"language\":\"en\",\"galleries\":[],\"video\":false,\"title\":\"The miraculous vision behind the feast of Corpus Christi\",\"subheading\":\"The celebration of Corpus Christi can be traced to a vision that a 13th-century Belgian nun named Juliana had of the liturgical year.\",\"author\":\"Philip Kosloski\",\"author_2\":\"\",\"authors_obj\":[\"ID\":\"1243\",\"link\":\" Kosloski graduated from the University of Saint Thomas in Minnesota with a bachelor's degree in philosophy and Catholic studies and a master's degree in theology from the Augustine Institute. He is currently a spirituality writer for Aleteia.org and has been featured on such places as The Huffington Post, Crisis Magazine, The Catholic Herald, Catholic Exchange, National Catholic Register and EWTN Radio.\",\"twitter\":\"PhilipKosloski\",\"facebook\":\"philipkosloski\",\"subtitle\":\"\",\"title_guest_author\":\"\",\"thumb\":\" Kosloski\",\"hreflangs\": CC BY 3.0\",\"link\":\" of Liege\",\"link\":\"\/2024\/05\/28\/the-miraculous-vision-behind-the-feast-of-corpus-christi\/\",\"category_obj\":\"link\":\" 0, 31, 77, 1 )\",\"term_id\":1494,\"category\":\"Spirituality\",\"category_slug\":\"spirituality\",\"category_id\":1494,\"category_color\":\"#001F4D\",\"parent_category\":\"Spirituality\",\"published\":1716883200,\"published_datalayer\":\"2024.05.28\",\"article_modified_date\":\"\",\"article_modified\":false,\"published_formatted\":\"published on 05\/28\/24\",\"tags\":\"Devotions and Feasts, Eucharist, Saints\",\"firsttag\":\"Saints\",\"tags_items\":[\"term_id\":423715949,\"name\":\"Devotions and Feasts\",\"link\":\" Department\",\"settings\":\"disable_slideshow_cta\":\"\",\"template_customizations\":\"\",\"post_appearance_setting\":\"no_drop_caps\":false,\"hide_from_tops\":false,\"hide_date\":false,\"hide_post\":false,\"hide_post_in_newsletter\":false,\"ads_disabled\":false,\"inread_ads_disabled\":false,\"custom_inread_position_enabled\":false,\"custom_inread_position\":\"2\",\"test_pixel_enabled\":false,\"test_pixel_position\":\"\",\"exclude_banner_article\":false,\"div_moneytags_position\":\"\",\"hide_promotional_box\":false,\"original_article\":\"is_original\":\"1\",\"url\":\"\",\"edition\":\"en\",\"gtm\":\"page_type\":\"\",\"page_type_2\":\"\",\"category_name\":\"spirituality\",\"article_subcategory\":\"Spirituality\",\"article_type\":\"article\",\"cd\":\"dimension1\":\"Philip Kosloski\",\"dimension2\":\"Spirituality\",\"dimension3\":\"1716883200\",\"dimension4\":\"en\",\"dimension5\":\"\",\"dimension6\":\"article\",\"dimension7\":\"2024.05.28\",\"dimension8\":\"Devotions and Feasts, Eucharist, Saints\",\"dimension9\":\"The celebration of Corpus Christi can be traced to a vision that a 13th-century Belgian nun named Juliana had of the liturgical year.\",\"dimension10\":\"805707\",\"dimension11\":\"Devotions and Feasts\",\"dimension12\":\"web\",\"dimension13\":\"\",\"dimension17\":\"Spirituality Department\",\"dimension14\":\"Spirituality\",\"photo_of_the_day\":false,\"daily_wisdom\":false,\"word_count\":686,\"shortcodes\":[],\"sponsoredSettings\":,\"isSponsored\":false,\"custom_skin_settings\":\"slot\":\"custom-skin\",\"library\":\"theme.Skin\",\"skin_default_article\":\"1\",\"hide_from_layout_endpoint\":\"1\",\"props\":\"id\":\"custom-skid-ad\",\"unit\":\"64500793\/EN_DESK_ARTICLE_SKIN_1x1\",\"collapse_empty_divs\":false,\"premium_ads\":false,\"bids\":\"\",\"nexxx360_id\":\"\",\"size\":[],\"adjacent_posts\":\"next_post\":\"link\":\" Article \",\"prev_post\":\"link\":\" Article \",\"close_comments\":false,\"premium_content\":\"\",\"trunked_content\":\"u003ch2 class=\"subtitle\"u003eThe celebration of Corpus Christi can be traced to a vision that a 13th-century Belgian nun named Juliana had of the liturgical year.u003c\/h2u003enu003cpu003eThe Roman Rite of the Catholic Church celebrates the feast of Corpus Christi (Body and Blood of the Lord) each year after Trinity Sunday.u003c\/pu003ennu003cpu003eHowever, the Church did not always celebrate this feast, and a large influence behind it was a a 13th-century Belgian nun named Juliana.u003c\/pu003en\",{\"simple\":false,\"id\":806744,\"related\":[],\"content\":\"u003cspan class=\"subtitle\"u003eWashington's representative to Holy See plans to return home to Indiana.u003c\/spanu003eu003cpu003eUS Ambassador to the Holy See Joseph S. Donnelly is stepping down, it was announced Thursday.u003c\/pu003enu003cpu003e\u201cAmbassador Donnelly will leave his post as U.S. Ambassador to the Holy See and return home to Indiana on July 8,\u201d the US Embassy to the Holy See announced on X. \u201cHe says, \u2018It has been an honor and a privilege to serve my country in this unique way.\u2019\u201du003c\/pu003enu003cpu003eThe announcement said that Laura Hochla will assume the role of Charge d\u2019Affaires.u003c\/pu003enu003cfigure class=\"wp-block-embed is-type-rich is-provider-twitter wp-block-embed-twitter\" data-original=\"false\"u003enu003cdiv class=\"wp-block-embed__wrapper\"u003enu003cblockquote class=\"twitter-tweet\" data-width=\"550\" data-dnt=\"true\"u003eu003cp lang=\"en\" dir=\"ltr\"u003eAmbassador Donnelly will leave his post as U.S. Ambassador to the Holy See and return home to Indiana on July 8. He says u0026acirc;u0026#128;u0026#156;It has been an honor and a privilege to serve my country in this unique way.u0026acirc;u0026#128;u0026#157; 1\/2 u003ca href=\" U.S. in Holy See (@USinHolySee) u003ca href=\" 30, 2024u003c\/au003eu003c\/blockquoteu003enu003cpu003eu003cscript async src=\" charset=\"utf-8\"u003eu003c\/scriptu003enu003c\/divu003enu003c\/figureu003enu003cpu003eDonnelly previously said he would u003ca href=\" target=\"_blank\" rel=\"noopener\" title=\"\"u003estay in his postu003c\/au003e this year amid talk that the former senator and congressman was weighing a return to politics, running for senate or governor, u003ca href=\" target=\"_blank\" rel=\"noopener\" title=\"\"u003ePolitico notedu003c\/au003e.u0026nbsp;u003c\/pu003enu003cpu003ePresident Joseph R. Biden appointed Donnelly, a member of St. Anthony of Padua parish in South Bend, Indiana, as ambassador on October 8, 2021. The Senate confirmed his nomination on January 20, 2022.u0026nbsp;u0026nbsp;u003c\/pu003enu003cblockquote class=\"wp-block-quote is-layout-flow wp-block-quote-is-layout-flow\"u003enu003cdiv id='aleteia-welcome'u003eu003c\/divu003eu003cpu003e\u201cThe Hoosier Democrat and devout Catholic has found himself at the center of President Joe Biden\u2019s administration\u2019s efforts to manage diplomacy with Pope Francis amid Russia\u2019s war against Ukraine and Israel\u2019s war in Gaza,\u201d said Politico. \u201cLast July, u003ca href=\" target=\"_blank\" rel=\"noopener\" title=\"\"u003eDonnelly accompaniedu003c\/au003e Cardinal Matteo Zuppi to Washington for a u003ca href=\" target=\"_blank\" rel=\"noopener\" title=\"\"u003emeeting with Bidenu003c\/au003e about providing humanitarian aid to Ukraine and the Vatican\u2019s efforts to repatriate Ukrainian children.\u201du003c\/pu003enu003c\/blockquoteu003enu003cdiv class=\"wp-block-aleteia-heading3\"u003enu003ch2u003eNotre Dame alumnusu003c\/h2u003enu003c\/pu003eu003c\/divu003enu003cpu003eDonnelly, 68, a graduate of the University of Notre Dame, had represented\u202fIndiana\u202fin the\u202fU.S. Senate\u202ffrom 2013 to 2019. He previously served in the\u202fU.S. House of Representatives\u202f(2007\u20132013).u003c\/pu003enu003cpu003eBorn in \u202fNew York City\u202fand raised on\u202fLong Island, Donnelly\u202freceived a bachelor\u2019s degree in government from Notre Dame in 1977 and a law degree there in 1981. He worked for a law firm in South Bend before opening a printing business in nearby\u202fMishawaka\u202fin 1996. He served on the state election board for a year (1988\u201389) and then on a local school board for four years (1997\u20132001).u003c\/pu003enu003cpu003eDonnelly was twice reelected to the House before running for the U.S. Senate in 2012. He won the 2012 election, becoming the first Democrat to win a statewide race in Indiana in more than 10 years.u003c\/pu003enu003cpu003eDonnelly met his wife, Jill [in file photo, above], while attending the u003ca href=\" target=\"_blank\" rel=\"noopener\" title=\"\"u003eUniversity of Notre Dameu003c\/au003e; the two married in 1979. They have two children.u003c\/pu003enu003cpu003eIn March, Donnelly told u003ca href=\" target=\"_blank\" rel=\"noopener\" title=\"\"u003eCatholic News Serviceu003c\/au003e that his Rome post was u0026#8220;very differentu0026#8221; from a typical embassy. The Holy See\u2019s \u201cunique diplomatic mission\u201d is \u201cnot to be an instrument of a nation-state, but to promote moral and humanitarian values and human rights in line with the position of the Catholic Church.\u201du003c\/pu003enu003cblockquote class=\"wp-block-quote is-layout-flow wp-block-quote-is-layout-flow\"u003enu003cpu003eThe Church\u2019s nuncios to various nations, including the United States \u201care bishops, and they are diplomats, and they also can get to the point in a hurry,\u201d he said. \u201cAnd theyu0026#8217;re incredibly talented, very, very smart. And I have incredible respect for the people who work in the Vatican,u0026#8221; even while they may not always agree on everything.u003c\/pu003enu003c\/blockquoteu003enu003cpu003eFor its part, he said, the American mission is to work with the Vatican to create u0026#8220;a safe world,u0026#8221; to save lives in areas of conflict, to prevent human trafficking, and to safeguard the environment.u003c\/pu003entu003cdiv data-category=\"Issues u0026amp; Implications\" data-category-english=\"issues u0026amp; implications\" class=\"wp-block-aleteia-read-also read-also\"u003enttu003cfigureu003entttu003cimgnttttsrc=\" Joe Donnelly presents his credentials to Pope Francis\"nttttloading=\"lazy\" \/u003enttu003c\/figureu003enttu003cdiv class=\"read-also-inner\"u003entttu003cemu003eRead more:u003c\/emu003eu003ca href=\" and Vatican mark 40 years of formal diplomatic relationsu003c\/au003enttu003c\/divu003entu003c\/divu003etu003cdiv data-category=\"Church\" data-category-english=\"church\" class=\"wp-block-aleteia-read-also read-also\"u003enttu003cfigureu003entttu003cimgnttttsrc=\" to Cardinal Ercole Consalvi at the Pantheon in Rome on January 24, 2024\"nttttloading=\"lazy\" \/u003enttu003c\/figureu003enttu003cdiv class=\"read-also-inner\"u003entttu003cemu003eRead more:u003c\/emu003eu003ca href=\" diplomats talk world politics, including US electionu003c\/au003enttu003c\/divu003entu003c\/divu003etu003cdiv data-category=\"Issues u0026amp; Implications\" data-category-english=\"issues u0026amp; implications\" class=\"wp-block-aleteia-read-also read-also\"u003enttu003cfigureu003entttu003cimgnttttsrc=\" Diplomats: Pope Francis, Vatican Diplomacy, and America\u2019s Armageddon\"nttttloading=\"lazy\" \/u003enttu003c\/figureu003enttu003cdiv class=\"read-also-inner\"u003entttu003cemu003eRead more:u003c\/emu003eu003ca href=\" Churchu0026#8217;s secret mission: Vatican diplomacyu003c\/au003enttu003c\/divu003entu003c\/divu003e\",\"rawcontent\":\"u003c!-- wp:aleteia\/subtitle \/--u003ennu003c!-- wp:paragraph --u003enu003cpu003eUS Ambassador to the Holy See Joseph S. Donnelly is stepping down, it was announced Thursday.u003c\/pu003enu003c!-- \/wp:paragraph --u003ennu003c!-- wp:paragraph --u003enu003cpu003e\u201cAmbassador Donnelly will leave his post as U.S. Ambassador to the Holy See and return home to Indiana on July 8,\u201d the US Embassy to the Holy See announced on X. \u201cHe says, \u2018It has been an honor and a privilege to serve my country in this unique way.\u2019\u201du003c\/pu003enu003c!-- \/wp:paragraph --u003ennu003c!-- wp:paragraph --u003enu003cpu003eThe announcement said that Laura Hochla will assume the role of Charge d\u2019Affaires.u003c\/pu003enu003c!-- \/wp:paragraph --u003ennu003c!-- wp:embed {\"url\":\" --u003enu003cfigure class=\"wp-block-embed is-type-rich is-provider-twitter wp-block-embed-twitter\"u003eu003cdiv class=\"wp-block-embed__wrapper\"u003en \/wp:embed --u003ennu003c!-- wp:paragraph --u003enu003cpu003eDonnelly previously said he would u003ca href=\" target=\"_blank\" rel=\"noopener\" title=\"\"u003estay in his postu003c\/au003e this year amid talk that the former senator and congressman was weighing a return to politics, running for senate or governor, u003ca href=\" target=\"_blank\" rel=\"noopener\" title=\"\"u003ePolitico notedu003c\/au003e.u0026nbsp;u003c\/pu003enu003c!-- \/wp:paragraph --u003ennu003c!-- wp:paragraph --u003enu003cpu003ePresident Joseph R. Biden appointed Donnelly, a member of St. Anthony of Padua parish in South Bend, Indiana, as ambassador on October 8, 2021. The Senate confirmed his nomination on January 20, 2022.u0026nbsp;u0026nbsp;u003c\/pu003enu003c!-- \/wp:paragraph --u003ennu003c!-- wp:quote --u003enu003cblockquote class=\"wp-block-quote\"u003eu003c!-- wp:paragraph --u003enu003cpu003e\u201cThe Hoosier Democrat and devout Catholic has found himself at the center of President Joe Biden\u2019s administration\u2019s efforts to manage diplomacy with Pope Francis amid Russia\u2019s war against Ukraine and Israel\u2019s war in Gaza,\u201d said Politico. \u201cLast July, u003ca href=\" target=\"_blank\" rel=\"noopener\" title=\"\"u003eDonnelly accompaniedu003c\/au003e Cardinal Matteo Zuppi to Washington for a u003ca href=\" target=\"_blank\" rel=\"noopener\" title=\"\"u003emeeting with Bidenu003c\/au003e about providing humanitarian aid to Ukraine and the Vatican\u2019s efforts to repatriate Ukrainian children.\u201du003c\/pu003enu003c!-- \/wp:paragraph --u003eu003c\/blockquoteu003enu003c!-- \/wp:quote --u003ennu003c!-- wp:aleteia\/heading3 \"content\":\"Notre Dame alumnus\" --u003enu003ch3u003eNotre Dame alumnusu003c\/h3u003enu003c!-- \/wp:aleteia\/heading3 --u003ennu003c!-- wp:paragraph --u003enu003cpu003eDonnelly, 68, a graduate of the University of Notre Dame, had represented\u202fIndiana\u202fin the\u202fU.S. Senate\u202ffrom 2013 to 2019. He previously served in the\u202fU.S. House of Representatives\u202f(2007\u20132013).u003c\/pu003enu003c!-- \/wp:paragraph --u003ennu003c!-- wp:paragraph --u003enu003cpu003eBorn in \u202fNew York City\u202fand raised on\u202fLong Island, Donnelly\u202freceived a bachelor\u2019s degree in government from Notre Dame in 1977 and a law degree there in 1981. He worked for a law firm in South Bend before opening a printing business in nearby\u202fMishawaka\u202fin 1996. He served on the state election board for a year (1988\u201389) and then on a local school board for four years (1997\u20132001).u003c\/pu003enu003c!-- \/wp:paragraph --u003ennu003c!-- wp:paragraph --u003enu003cpu003eDonnelly was twice reelected to the House before running for the U.S. Senate in 2012. He won the 2012 election, becoming the first Democrat to win a statewide race in Indiana in more than 10 years.u003c\/pu003enu003c!-- \/wp:paragraph --u003ennu003c!-- wp:paragraph --u003enu003cpu003eDonnelly met his wife, Jill [in file photo, above], while attending the u003ca href=\" target=\"_blank\" rel=\"noopener\" title=\"\"u003eUniversity of Notre Dameu003c\/au003e; the two married in 1979. They have two children.u003c\/pu003enu003c!-- \/wp:paragraph --u003ennu003c!-- wp:paragraph --u003enu003cpu003eIn March, Donnelly told u003ca href=\" target=\"_blank\" rel=\"noopener\" title=\"\"u003eCatholic News Serviceu003c\/au003e that his Rome post was \"very different\" from a typical embassy. The Holy See\u2019s \u201cunique diplomatic mission\u201d is \u201cnot to be an instrument of a nation-state, but to promote moral and humanitarian values and human rights in line with the position of the Catholic Church.\u201du003c\/pu003enu003c!-- \/wp:paragraph --u003ennu003c!-- wp:quote --u003enu003cblockquote class=\"wp-block-quote\"u003eu003c!-- wp:paragraph --u003enu003cpu003eThe Church\u2019s nuncios to various nations, including the United States \u201care bishops, and they are diplomats, and they also can get to the point in a hurry,\u201d he said. \u201cAnd they're incredibly talented, very, very smart. And I have incredible respect for the people who work in the Vatican,\" even while they may not always agree on everything.u003c\/pu003enu003c!-- \/wp:paragraph --u003eu003c\/blockquoteu003enu003c!-- \/wp:quote --u003ennu003c!-- wp:paragraph --u003enu003cpu003eFor its part, he said, the American mission is to work with the Vatican to create \"a safe world,\" to save lives in areas of conflict, to prevent human trafficking, and to safeguard the environment.u003c\/pu003enu003c!-- \/wp:paragraph --u003ennu003c!-- wp:aleteia\/read-also {\"link\":\" and Vatican mark 40 years of formal diplomatic relations\",\"image\":\" --u003enu003cdiv class=\"read-also\"u003eu003ca href=\" and Vatican mark 40 years of formal diplomatic relationsu003c\/au003eu003c\/divu003enu003c!-- \/wp:aleteia\/read-also --u003ennu003c!-- wp:aleteia\/read-also {\"link\":\" diplomats talk world politics, including US election\",\"image\":\" --u003enu003cdiv class=\"read-also\"u003eu003ca href=\" diplomats talk world politics, including US electionu003c\/au003eu003c\/divu003enu003c!-- \/wp:aleteia\/read-also --u003ennu003c!-- wp:aleteia\/read-also \"link\":\" Church\\u0026#8217;s secret mission: Vatican diplomacy\",\"image\":\" --u003enu003cdiv class=\"read-also\"u003eu003ca href=\" Churchu0026#8217;s secret mission: Vatican diplomacyu003c\/au003eu003c\/divu003enu003c!-- \/wp:aleteia\/read-also --u003e\",\"pages\":1,\"language\":\"en\",\"galleries\":[],\"video\":false,\"title\":\"US ambassador to Vatican Joseph Donnelly steps down\",\"subheading\":\"Washington's representative to Holy See plans to return home to Indiana.\",\"author\":\"John Burger\",\"author_2\":\"\",\"authors_obj\":[\"ID\":\"803\",\"link\":\" Burger has been a writer for Aleteia's English edition since 2013. He is the author of \"At the Foot of the Cross: Lessons from Ukraine,\" a book-length interview with the head of the Ukrainian Greek Catholic Church. John's 30-year career in the Catholic press includes work at the National Catholic Register and Catholic New York, as well as freelance writing for many periodicals and websites. He has a bachelor's degree in English from Iona University in New Rochelle, NY, and a master's degree from Iowa State University in Ames, Iowa. Prior to his career as a Catholic journalist, he taught English in China and France.\",\"twitter\":\"\",\"facebook\":\"\",\"subtitle\":\"\",\"title_guest_author\":\"\",\"thumb\":\" Burger\",\"hreflangs\":\"en\":\" P. BERNSTEIN ,\"link\":\"\/2024\/05\/31\/us-ambassador-to-vatican-joseph-donnelly-steps-down\/\",\"category_obj\":\"link\":\" 0, 31, 77, 1 )\",\"term_id\":423715164,\"category\":\"News\",\"category_slug\":\"news\",\"category_id\":423715164,\"category_color\":\"#001F4D\",\"parent_category\":\"News\",\"published\":1717138748,\"published_datalayer\":\"2024.05.31\",\"article_modified_date\":\"\",\"article_modified\":false,\"published_formatted\":\"published on 05\/31\/24\",\"tags\":\"Diplomacy, Holy See, Pope Francis, United States, Vatican\",\"firsttag\":\"Vatican\",\"tags_items\":[\"term_id\":423717564,\"name\":\"Diplomacy\",\"link\":\" See\",\"link\":\" Francis\",\"link\":\" States\",\"link\":\" Department\",\"settings\":\"disable_slideshow_cta\":\"\",\"template_customizations\":\"\",\"post_appearance_setting\":\"no_drop_caps\":false,\"hide_from_tops\":false,\"hide_date\":false,\"hide_post\":false,\"hide_post_in_newsletter\":false,\"ads_disabled\":false,\"inread_ads_disabled\":false,\"custom_inread_position_enabled\":false,\"custom_inread_position\":\"2\",\"test_pixel_enabled\":false,\"test_pixel_position\":\"\",\"exclude_banner_article\":false,\"div_moneytags_position\":\"\",\"hide_promotional_box\":false,\"original_article\":\"is_original\":\"1\",\"url\":\"\",\"edition\":\"en\",\"gtm\":\"page_type\":\"\",\"page_type_2\":\"\",\"category_name\":\"news\",\"article_subcategory\":\"News\",\"article_type\":\"article\",\"cd\":\"dimension1\":\"John Burger\",\"dimension2\":\"News\",\"dimension3\":\"1717138748\",\"dimension4\":\"en\",\"dimension5\":\"\",\"dimension6\":\"article\",\"dimension7\":\"2024.05.31\",\"dimension8\":\"Diplomacy, Holy See, Pope Francis, United States, Vatican\",\"dimension9\":\"Washington's representative to Holy See plans to return home to Indiana.\",\"dimension10\":\"806744\",\"dimension11\":\"Diplomacy\",\"dimension12\":\"web\",\"dimension13\":\"\",\"dimension17\":\"Infotainment Department\",\"dimension14\":\"News\",\"photo_of_the_day\":false,\"daily_wisdom\":false,\"word_count\":996,\"shortcodes\":[],\"sponsoredSettings\":,\"isSponsored\":false,\"custom_skin_settings\":\"slot\":\"custom-skin\",\"library\":\"theme.Skin\",\"skin_default_article\":\"1\",\"hide_from_layout_endpoint\":\"1\",\"props\":\"id\":\"custom-skid-ad\",\"unit\":\"64500793\/EN_DESK_ARTICLE_SKIN_1x1\",\"collapse_empty_divs\":false,\"premium_ads\":false,\"bids\":\"\",\"nexxx360_id\":\"\",\"size\":[],\"adjacent_posts\":\"next_post\":\"link\":\" Article \",\"prev_post\":\"link\":\" Article \",\"close_comments\":false,\"premium_content\":\"\",\"trunked_content\":\"u003ch2 class=\"subtitle\"u003eWashington's representative to Holy See plans to return home to Indiana.u003c\/h2u003enu003cpu003eUS Ambassador to the Holy See Joseph S. Donnelly is stepping down, it was announced Thursday.u003c\/pu003ennu003cpu003e\u201cAmbassador Donnelly will leave his post as U.S. Ambassador to the Holy See and return home to Indiana on July 8,\u201d the US Embassy to the Holy See announced on X. \u201cHe says, \u2018It has been an honor and a privilege to serve my country in this unique way.\u2019\u201du003c\/pu003en\"],\"items2\":[],\"top_articles_page\":\" 10\",\"readmorelink\":\"\/top-articles\/\",\"see_more_disabled\":false,\"most_shared_disabled\":true,\"seemore\":\"See More\"},\"type\":\"newsletter-subscription-form\",\"data\":\"title\":\"Newsletter\",\"payoff\":\"Get u003cstrongu003eAleteiau003c\/strongu003e delivered to your inbox. Subscribe here.\",\"required_field\":\"Required field\",\"placeholder\":\"Your email\",\"email_not_valid\":\"Email not valid\",\"submit\":\"Go\",\"partners\":\"Yes, I would like to receive information from Aleteia partners\",\"success\":\"Thank you! Your submission has been received!\"]},\"patronbox\":\"type\":\"patron\",\"settings\":\"enabled\":\"1\",\"title\":\"Enjoying your time on Aleteia?\",\"video\":\"\",\"text\":\"u003cpu003eu003cstrongu003eArticles like these are sponsored free for every Catholic through the support of generous readers just like you.u003c\/strongu003eu003c\/pu003enu003cpu003eHelp us continue to bring the Gospel to people everywhere through uplifting Catholic news, stories, spirituality, and more.u003c\/pu003en\",\"cta_text\":\"Donate now!\",\"note_cta_text\":\"\",\"cta_link\":\"https:\/\/aleteia.org\/support-aleteia\/\",\"geolinks\":[],\"show_cta_on_play\":false,\"show_subtitles\":false,\"background_bg_color\":\"#f2eae1\",\"text_bg_color\":\"#5b0000\",\"cta_bg_color\":\"\",\"cta_txt_color\":\"\",\"cta_img\":\"https:\/\/wp.en.aleteia.org\/wp-content\/themes\/aleteia-2017\/assets\/images\/page-patron\/credit-card-2.png\",\"ap_item_name\":\"donation\",\"ap_promotion_name\":\"support_aleteia_patron\",\"cd_query_string\":\"cd1=John%20Burgeru0026cd14=Inspiring%20Stories\",\"hasRightColumn\":true,\"hasGallery\":false,\"hasSlideshow\":false,\"hasVideo\":false,\"postPage\":1}},\"category\":,\"tag\":,\"post\":{\"806666\":{\"id\":806666,\"type\":\"post\",\"link\":\"\/2024\/05\/31\/longest-serving-flight-attendant-was-a-committed-catholic\/\",\"yoast_head\":\"tu003clink rel=\"apple-touch-icon\" sizes=\"57x57\" href=\" rel=\"apple-touch-icon\" sizes=\"60x60\" href=\" rel=\"apple-touch-icon\" sizes=\"72x72\" href=\" rel=\"apple-touch-icon\" sizes=\"76x76\" href=\" rel=\"apple-touch-icon\" sizes=\"114x114\" href=\" rel=\"apple-touch-icon\" sizes=\"120x120\" href=\" rel=\"apple-touch-icon\" sizes=\"144x144\" href=\" rel=\"apple-touch-icon\" sizes=\"152x152\" href=\" rel=\"apple-touch-icon\" sizes=\"180x180\" href=\" rel=\"icon\" type=\"image\/png\" href=\" sizes=\"32x32\"u003entu003clink rel=\"icon\" type=\"image\/png\" href=\" sizes=\"192x192\"u003entu003clink rel=\"icon\" type=\"image\/png\" href=\" sizes=\"16x16\"u003entu003clink rel=\"mask-icon\" href=\" color=\"#5bbad5\"u003entu003cmeta name=\"msapplication-TileColor\" content=\"#da532c\"u003entu003cmeta name=\"msapplication-TileImage\" content=\" name=\"theme-color\" content=\"#ffffff\"u003e';ntttu003c!-- Facebook Pixel Code --u003enttu003cscriptu003en            window.addEventListener('load', function () n                !function (f, b, e, v, n, t, s) n                    if (f.fbq) return;n                    n = f.fbq = function () n                        n.callMethod ?n                            n.callMethod.apply(n, arguments) : n.queue.push(arguments)n                    ;n                    if (!f._fbq) f._fbq = n;n                    n.push = n;n                    n.loaded = !0;n                    n.version = '2.0';n                    n.queue = [];n                    t = b.createElement(e);n                    t.defer = true;n                    t.src = v;n                    s = b.getElementsByTagName(e)[0];n                    s.parentNode.insertBefore(t, s)n                (window, document, 'script',n                    'n                fbq('init', '1064056854112873');n                fbq('track', 'PageView');n            );nttu003c\/scriptu003enttu003c!-- End Facebook Pixel Code --u003enttu003cscript src=\" All in One SEO Pro 4.4.1 - aioseo.com --u003enttu003cmeta name=\"description\" content=\"Bette Nash began as a u0026quot;stewardessu0026quot; in 1957 and chose to be close to home for her Down syndrome son. She passed away on May 24.\" \/u003enttu003cmeta name=\"robots\" content=\"max-image-preview:large\" \/u003enttu003clink rel=\"canonical\" href=\" \/u003enttu003cmeta name=\"generator\" content=\"All in One SEO Pro (AIOSEO) 4.4.1\" \/u003enttu003cmeta property=\"og:locale\" content=\"en_US\" \/u003enttu003cmeta property=\"og:site_name\" content=\"Aleteia \u2014 Catholic Spirituality, Lifestyle, World News, and Culture\" \/u003enttu003cmeta property=\"og:type\" content=\"article\" \/u003enttu003cmeta property=\"og:title\" content=\"Longest-serving flight attendant was a committed Catholic\" \/u003enttu003cmeta property=\"og:description\" content=\"Bette Nash began as a u0026quot;stewardessu0026quot; in 1957 and chose to be close to home for her Down syndrome son. She passed away on May 24.\" \/u003enttu003cmeta property=\"og:url\" content=\" \/u003enttu003cmeta property=\"og:image\" content=\" \/u003enttu003cmeta property=\"og:image:secure_url\" content=\" \/u003enttu003cmeta property=\"og:image:width\" content=\"620\" \/u003enttu003cmeta property=\"og:image:height\" content=\"310\" \/u003enttu003cmeta property=\"article:tag\" content=\"faith\" \/u003enttu003cmeta property=\"article:tag\" content=\"work\" \/u003enttu003cmeta property=\"article:published_time\" content=\"2024-05-31T10:46:45+00:00\" \/u003enttu003cmeta property=\"article:modified_time\" content=\"2024-05-31T12:53:41+00:00\" \/u003enttu003cmeta property=\"article:publisher\" content=\" \/u003enttu003cmeta name=\"twitter:card\" content=\"summary_large_image\" \/u003enttu003cmeta name=\"twitter:site\" content=\"@AleteiaEN\" \/u003enttu003cmeta name=\"twitter:title\" content=\"Longest-serving flight attendant was a committed Catholic\" \/u003enttu003cmeta name=\"twitter:description\" content=\"Bette Nash began as a u0026quot;stewardessu0026quot; in 1957 and chose to be close to home for her Down syndrome son. She passed away on May 24.\" \/u003enttu003cmeta name=\"twitter:creator\" content=\"@AleteiaEN\" \/u003enttu003cmeta name=\"twitter:image\" content=\" \/u003enttu003cmeta name=\"twitter:label1\" content=\"Written by\" \/u003enttu003cmeta name=\"twitter:data1\" content=\"John Burger\" \/u003enttu003cmeta name=\"twitter:label2\" content=\"Est. reading time\" \/u003enttu003cmeta name=\"twitter:data2\" content=\"3 minutes\" \/u003enttu003cscript type=\"application\/ld+json\" class=\"aioseo-schema\"u003enttt\"@context\":\"https:\\\/\\\/schema.org\",\"@graph\":[\"@type\":\"BreadcrumbList\",\"@id\":\"https:\\\/\\\/aleteia.org\\\/2024\\\/05\\\/31\\\/longest-serving-flight-attendant-was-a-committed-catholic\\\/#breadcrumblist\",\"itemListElement\":[\"@type\":\"ListItem\",\"@id\":\"https:\\\/\\\/aleteia.org\\\/#listItem\",\"position\":1,\"item\":\"@type\":\"WebPage\",\"@id\":\"https:\\\/\\\/aleteia.org\\\/\",\"name\":\"Home\",\"description\":\"Aleteia is a worldwide network providing daily content designed to inspire readers in their daily life.\",\"url\":\"https:\\\/\\\/aleteia.org\\\/\",\"nextItem\":\"https:\\\/\\\/aleteia.org\\\/2024\\\/#listItem\",\"@type\":\"ListItem\",\"@id\":\"https:\\\/\\\/aleteia.org\\\/2024\\\/#listItem\",\"position\":2,\"item\":\"@type\":\"WebPage\",\"@id\":\"https:\\\/\\\/aleteia.org\\\/2024\\\/\",\"name\":\"2024\",\"url\":\"https:\\\/\\\/aleteia.org\\\/2024\\\/\",\"nextItem\":\"https:\\\/\\\/aleteia.org\\\/2024\\\/05\\\/#listItem\",\"previousItem\":\"https:\\\/\\\/aleteia.org\\\/#listItem\",\"@type\":\"ListItem\",\"@id\":\"https:\\\/\\\/aleteia.org\\\/2024\\\/05\\\/#listItem\",\"position\":3,\"item\":\"@type\":\"WebPage\",\"@id\":\"https:\\\/\\\/aleteia.org\\\/2024\\\/05\\\/\",\"name\":\"May\",\"url\":\"https:\\\/\\\/aleteia.org\\\/2024\\\/05\\\/\",\"nextItem\":\"https:\\\/\\\/aleteia.org\\\/2024\\\/05\\\/31\\\/#listItem\",\"previousItem\":\"https:\\\/\\\/aleteia.org\\\/2024\\\/#listItem\",\"@type\":\"ListItem\",\"@id\":\"https:\\\/\\\/aleteia.org\\\/2024\\\/05\\\/31\\\/#listItem\",\"position\":4,\"item\":\"@type\":\"WebPage\",\"@id\":\"https:\\\/\\\/aleteia.org\\\/2024\\\/05\\\/31\\\/\",\"name\":\"31\",\"url\":\"https:\\\/\\\/aleteia.org\\\/2024\\\/05\\\/31\\\/\",\"nextItem\":\"https:\\\/\\\/aleteia.org\\\/2024\\\/05\\\/31\\\/longest-serving-flight-attendant-was-a-committed-catholic\\\/#listItem\",\"previousItem\":\"https:\\\/\\\/aleteia.org\\\/2024\\\/05\\\/#listItem\",\"@type\":\"ListItem\",\"@id\":\"https:\\\/\\\/aleteia.org\\\/2024\\\/05\\\/31\\\/longest-serving-flight-attendant-was-a-committed-catholic\\\/#listItem\",\"position\":5,\"item\":\"@type\":\"WebPage\",\"@id\":\"https:\\\/\\\/aleteia.org\\\/2024\\\/05\\\/31\\\/longest-serving-flight-attendant-was-a-committed-catholic\\\/\",\"name\":\"Longest-serving flight attendant was a committed Catholic\",\"description\":\"Bette Nash began as a \\\"stewardess\\\" in 1957 and chose to be close to home for her Down syndrome son. She passed away on May 24.\",\"url\":\"https:\\\/\\\/aleteia.org\\\/2024\\\/05\\\/31\\\/longest-serving-flight-attendant-was-a-committed-catholic\\\/\",\"previousItem\":\"https:\\\/\\\/aleteia.org\\\/2024\\\/05\\\/31\\\/#listItem\"],\"@type\":\"NewsArticle\",\"@id\":\"https:\\\/\\\/aleteia.org\\\/2024\\\/05\\\/31\\\/longest-serving-flight-attendant-was-a-committed-catholic\\\/#newsarticle\",\"name\":\"Longest-serving flight attendant was a committed Catholic\",\"headline\":\"Longest-serving flight attendant was a committed Catholic\",\"author\":\"@id\":\"https:\\\/\\\/aleteia.org\\\/author\\\/johnmichaelburger\\\/#author\",\"publisher\":\"@id\":\"https:\\\/\\\/aleteia.org\\\/#organization\",\"image\":\"@type\":\"ImageObject\",\"url\":\"https:\\\/\\\/wp.en.aleteia.org\\\/wp-content\\\/uploads\\\/sites\\\/2\\\/2024\\\/05\\\/Flight-attendant-Bette-Nash.jpg\",\"width\":1200,\"height\":800,\"caption\":\"Flight attendant Bette Nash helps flier\",\"datePublished\":\"2024-05-31T10:46:45-04:00\",\"dateModified\":\"2024-05-31T12:53:41-04:00\",\"inLanguage\":\"en-US\",\"mainEntityOfPage\":\"@id\":\"https:\\\/\\\/aleteia.org\\\/2024\\\/05\\\/31\\\/longest-serving-flight-attendant-was-a-committed-catholic\\\/#webpage\",\"isPartOf\":\"@id\":\"https:\\\/\\\/aleteia.org\\\/2024\\\/05\\\/31\\\/longest-serving-flight-attendant-was-a-committed-catholic\\\/#webpage\",\"articleSection\":\"Christian virtues, Inspiring Stories, Professional life, Society, Faith, Work, OneTimer, Life, Other, +, john-burger\",\"dateline\":\"Published on May 31, 2024.\",\"@type\":\"Organization\",\"@id\":\"https:\\\/\\\/aleteia.org\\\/#organization\",\"name\":\"Aleteia\",\"url\":\"https:\\\/\\\/aleteia.org\\\/\",\"logo\":\"@type\":\"ImageObject\",\"url\":\"https:\\\/\\\/aleteia.org\\\/wp-content\\\/uploads\\\/sites\\\/2\\\/2020\\\/09\\\/a-logo-webnotications-1.png\",\"@id\":\"https:\\\/\\\/aleteia.org\\\/#organizationLogo\",\"image\":\"@id\":\"https:\\\/\\\/aleteia.org\\\/#organizationLogo\",\"sameAs\":[\"https:\\\/\\\/www.facebook.com\\\/AleteiaEn\\\/\",\"https:\\\/\\\/twitter.com\\\/AleteiaEN\",\"https:\\\/\\\/www.instagram.com\\\/aleteia_en\",\"https:\\\/\\\/www.youtube.com\\\/aleteiaen\"],\"@type\":\"Person\",\"@id\":\"https:\\\/\\\/aleteia.org\\\/author\\\/johnmichaelburger\\\/#author\",\"url\":\"https:\\\/\\\/aleteia.org\\\/author\\\/johnmichaelburger\\\/\",\"name\":\"John Burger\",\"@type\":\"WebPage\",\"@id\":\"https:\\\/\\\/aleteia.org\\\/2024\\\/05\\\/31\\\/longest-serving-flight-attendant-was-a-committed-catholic\\\/#webpage\",\"url\":\"https:\\\/\\\/aleteia.org\\\/2024\\\/05\\\/31\\\/longest-serving-flight-attendant-was-a-committed-catholic\\\/\",\"name\":\"Longest-serving flight attendant was a committed Catholic\",\"description\":\"Bette Nash began as a \\\"stewardess\\\" in 1957 and chose to be close to home for her Down syndrome son. She passed away on May 24.\",\"inLanguage\":\"en-US\",\"isPartOf\":\"@id\":\"https:\\\/\\\/aleteia.org\\\/#website\",\"breadcrumb\":\"@id\":\"https:\\\/\\\/aleteia.org\\\/2024\\\/05\\\/31\\\/longest-serving-flight-attendant-was-a-committed-catholic\\\/#breadcrumblist\",\"author\":\"@id\":\"https:\\\/\\\/aleteia.org\\\/author\\\/johnmichaelburger\\\/#author\",\"creator\":\"@id\":\"https:\\\/\\\/aleteia.org\\\/author\\\/johnmichaelburger\\\/#author\",\"image\":\"@type\":\"ImageObject\",\"url\":\"https:\\\/\\\/wp.en.aleteia.org\\\/wp-content\\\/uploads\\\/sites\\\/2\\\/2024\\\/05\\\/Flight-attendant-Bette-Nash.jpg\",\"@id\":\"https:\\\/\\\/aleteia.org\\\/#mainImage\",\"width\":1200,\"height\":800,\"caption\":\"Flight attendant Bette Nash helps flier\",\"primaryImageOfPage\":\"@id\":\"https:\\\/\\\/aleteia.org\\\/2024\\\/05\\\/31\\\/longest-serving-flight-attendant-was-a-committed-catholic\\\/#mainImage\",\"datePublished\":\"2024-05-31T10:46:45-04:00\",\"dateModified\":\"2024-05-31T12:53:41-04:00\",\"@type\":\"WebSite\",\"@id\":\"https:\\\/\\\/aleteia.org\\\/#website\",\"url\":\"https:\\\/\\\/aleteia.org\\\/\",\"name\":\"Aleteia \\u2014 Catholic Spirituality, Lifestyle, World News, and Culture\",\"description\":\"Aleteia is a worldwide network providing daily content designed to inspire readers in their daily life.\",\"inLanguage\":\"en-US\",\"publisher\":\"@id\":\"https:\\\/\\\/aleteia.org\\\/#organization\"]nttu003c\/scriptu003enttu003c!-- All in One SEO Pro --u003ernttu003ctitleu003eLongest-serving flight attendant was a committed Catholicu003c\/titleu003enn\"}},\"page\":,\"author\":,\"attachment\":,\"type\":,\"taxonomy\":,\"subdirectory\":\"\",\"homepage\":\"\",\"postsPage\":\"\",\"categoryBase\":\"\",\"tagBase\":\"\",\"authorBase\":\"\",\"postEndpoint\":\"posts\",\"params\":,\"postTypes\":[],\"taxonomies\":[],\"redirections\":\"404\",\"api\":\"https:\/\/wp.en.aleteia.org\/wp-json\/\",\"top_ribbon_height\":0,\"header\":\"menu\":[\"type\":\"category\",\"title\":\"News\",\"id\":423715164,\"link\":\"https:\/\/aleteia.org\/category\/news\/\",\",\"socials\":\"fb_link\":\"https:\/\/www.facebook.com\/AleteiaEn\/\",\"tw_link\":\"https:\/\/twitter.com\/aleteiaen\",\"ig_link\":\"https:\/\/www.instagram.com\/aleteia_en\/\",\"saint_enabled\":true,\"prayer\":\"post_id\":804342,\"contents\":[\"title\":\"Prayer for this morning\",\"raw_id\":2024674,\"is_morning_prayer\":\"1\",\"title\":\"Daily meditation\",\"raw_id\":2024676,\"is_daily_meditation\":\"1\",\"title\":\"Prayer for this evening\",\"raw_id\":2024677,\"is_evening_prayer\":\"1\"],\"saint\":\"Visitation of the Blessed Virgin Mary\",\"saint_info\":\"\u201cLet Mary\u2019s soul be in you.\u201d\",\"saint_bio\":\"u003cpu003eu0026nbsp;u003c\/pu003enu003cpu003e+ The Feast of the Visitation recalls the journey made by the Blessed Virgin to see her relative, Elizabeth, who was pregnant with Saint John the Baptist.u003c\/pu003enu003cpu003e+ This feast dates back to the 6u003csupu003ethu003c\/supu003e century and was formerly celebrated on July 2. In 1969, it was moved to today\u2019s date so that it can be celebrated between the Solemnity of the Annunciation (on March 25) and the Solemnity of the birth of Saint John the Baptist (on June 24).u003c\/pu003enu003cpu003e+ This feast invites us to always be open to the workings of the Holy Spirit and we have Mary as our model of humility, obedience, and service.u003c\/pu003enu003cpu003eu003cstrongu003eFor prayer and reflectionu003c\/strongu003eu003c\/pu003enu003cpu003e\u201cIn your relations with one another clothe yourselves with humility, God u003cemu003eis stern with the arrogant but to the humble he shows kindnessu003c\/emu003e. Bow humbly under God's mighty hand, so that in due time he may lift you high. Cast all your care on him because he cares for you.\u201d\u20141 Peter 5:5b-7u003c\/pu003enu003cpu003eu003cstrongu003eSpiritual bonusu003c\/strongu003eu003c\/pu003enu003cpu003eOn May 31 we also remember Saint Camilla Battista Varano. Leaving behind her noble status, she became a Poor Clare nun and helped work for the spread of her order and served as abbess of various monasteries. Remembered as a mystic and visionary, she died in 1524 and was canonized in 2010.u003c\/pu003enu003cpu003eu003cstrongu003ePrayeru003c\/strongu003eu003c\/pu003enu003cpu003eAlmighty ever-living God,u003cbr \/u003enwho, while the Blessed Virgin Mary was carrying your Son in her womb,u003cbr \/u003eninspired her to visit Elizabeth,u003cbr \/u003engrant us, we pray,u003cbr \/u003enthat, faithful to the promptings of the Spirit,u003cbr \/u003enwe may magnify your greatnessu003cbr \/u003enwith the Virgin Mary at all times.u003cbr \/u003enThrough our Lord Jesus Christ, your Son,u003cbr \/u003enwho lives and reigns with you in the unity of the Holy Spirit,u003cbr \/u003enGod, for ever and ever. Amen.u003c\/pu003enu003cpu003e(from u003cemu003eThe Roman Missalu003c\/emu003e)u003cbr \/u003enu003cemu003eSaint profiles prepared by Brother Silas Henderson, S.D.S.u003c\/emu003eu003c\/pu003en\",\"saint_url\":\"\",\"saint_post\":\"\",\"prayer_link\":\"https:\/\/aleteia.org\/daily-prayer\/friday-may-31-2\/\",\"icons\":\"pray\":\"https:\/\/wp.en.aleteia.org\/wp-content\/themes\/aleteia-2017\/assets\/images\/icons\/iconprier.svg\",\"newsletter\":\"https:\/\/wp.en.aleteia.org\/wp-content\/themes\/aleteia-2017\/assets\/images\/icons\/iconnewsletter.svg\",\"search\":\"https:\/\/wp.en.aleteia.org\/wp-content\/themes\/aleteia-2017\/assets\/images\/icons\/iconsearch.svg\",\"editorschoice\":\"https:\/\/wp.en.aleteia.org\/wp-content\/themes\/aleteia-2017\/assets\/images\/icons\/iconpresse.svg\",\"logo\":\"https:\/\/wp.en.aleteia.org\/wp-content\/themes\/aleteia-2017\/assets\/images\/logo.svg\",\"logo_white\":\"https:\/\/wp.en.aleteia.org\/wp-content\/themes\/aleteia-2017\/assets\/images\/logo-white.svg\",\"donate_link\":\"https:\/\/aleteia.org\/support-aleteia\/?utm_source=aleteia-ENu0026utm_campaign=easter_donation_2020u0026utm_medium=top_menu\",\"donate_settings\":\"enabled\":\"1\",\"text\":\"Donate\",\"cta_link\":\"https:\/\/aleteia.org\/support-aleteia\/\",\"geolinks\":[],\"ap_item_name\":\"\",\"ap_promotion_name\":\"\",\"editorschoice_link\":\"\/collection\/editors-choice\/\",\"newsletter_link\":\"https:\/\/aleteia.org\/newsletter\/\",\"pray_link\":\"https:\/\/aleteia.org\/tag\/prayers-for-a-particular-need\/\",\"search_link\":\"https:\/\/aleteia.org\/search\",\"pray\":\"Pray\",\"editorschoice\":\"Editoru0026#039;s choice\",\"newsletter\":\"Newsletter\",\"launch_slideshow\":\"Launch the slideshow \",\"login\":\"Login\",\"logout\":\"Logout\",\"search\":\"Search\",\"refinements_categories\":\"Categories\",\"refinements_authors\":\"Authors\",\"refinements_tags\":\"Tags\",\"refinements_reset\":\"Reset\",\"donate\":\"Donate\",\"edition\":\"Edition\",\"followus\":\"Follow us\",\"error404\":\"This page needs to be refreshed. u003cbr\/u003eClick below to reload the content.\",\"reload_btn\":\"Click here\",\"dateline\":\"\",\"app_cta_link\":\" App\",\"app_cta_image\":\"full\":\"https:\/\/wp.en.aleteia.org\/wp-content\/uploads\/sites\/2\/2020\/12\/Mobile_app_icon_white-1-copia-1.png\",\"url\":\"https:\/\/wp.en.aleteia.org\/wp-content\/uploads\/sites\/2\/2020\/12\/Mobile_app_icon_white-1-copia-1.png?w=33u0026h=50u0026crop=1\",\"thumb\":\"https:\/\/wp.en.aleteia.org\/wp-content\/uploads\/sites\/2\/2020\/12\/Mobile_app_icon_white-1-copia-1.png?w=33u0026h=50u0026crop=1\",\"thumb_big\":\"https:\/\/wp.en.aleteia.org\/wp-content\/uploads\/sites\/2\/2020\/12\/Mobile_app_icon_white-1-copia-1.png?w=33u0026h=50u0026crop=1\",\"uncropped\":\"https:\/\/wp.en.aleteia.org\/wp-content\/uploads\/sites\/2\/2020\/12\/Mobile_app_icon_white-1-copia-1.png?w=33\",\"medium\":\"https:\/\/wp.en.aleteia.org\/wp-content\/uploads\/sites\/2\/2020\/12\/Mobile_app_icon_white-1-copia-1.png?w=33u0026h=50u0026crop=1\",\"small\":\"https:\/\/wp.en.aleteia.org\/wp-content\/uploads\/sites\/2\/2020\/12\/Mobile_app_icon_white-1-copia-1.png?w=33u0026h=50u0026crop=1\",\"credits\":\"title\":\"Mobile_app_icon_white-1-copia-1.png\",\"copyright\":\"\",\"link\":\"\",\"caption\":\"\",\"alt\":\"Mobile_app_icon_white-1-copia-1.png\",\"language_switcher\":[\"code\":\"en\",\"label\":\"English\",\"link\":\"https:\/\/aleteia.org\/\",\"code\":\"it\",\"label\":\"Italiano\",\"link\":\"https:\/\/it.aleteia.org\/\",\"code\":\"fr\",\"label\":\"Fran\u00e7aise\",\"link\":\"https:\/\/fr.aleteia.org\/\",\"code\":\"es\",\"label\":\"Espa\u00f1ol\",\"link\":\"https:\/\/es.aleteia.org\/\",\"code\":\"pt\",\"label\":\"Portuguese\",\"link\":\"https:\/\/pt.aleteia.org\/\",\"code\":\"pl\",\"label\":\"Polska\",\"link\":\"https:\/\/pl.aleteia.org\/\",\"code\":\"si\",\"label\":\"Sloven\u0161\u010dina\",\"link\":\"https:\/\/si.aleteia.org\/\"],\"footer\":\"menu\":[\"type\":\"category\",\"title\":\"News\",\"id\":423715164,\"link\":\"https:\/\/aleteia.org\/category\/news\/\",\"type\":\"category\",\"title\":\"Travel\",\"id\":423715168,\"link\":\"https:\/\/aleteia.org\/category\/travel\/\",\"type\":\"category\",\"title\":\"Art u0026amp; Culture\",\"id\":423715388,\"link\":\" Stories\",\"id\":423715389,\"link\":\" u0026amp; Implications\",\"id\":423714966,\"link\":\"https:\/\/aleteia.org\/category\/issues-and-implications\/\"],\"menu_legal_footer\":[\"type\":\"custom\",\"title\":\"Contribute\",\"id\":273706,\"link\":\"https:\/\/aleteia.org\/support-aleteia\/\",\"type\":\"page\",\"title\":\"LEGAL INFORMATION\",\"id\":61701,\"link\":\" us\",\"id\":95997,\"link\":\"https:\/\/aleteia.org\/about-us\/\",\"type\":\"custom\",\"title\":\"RSS\",\"id\":67433,\"link\":\"http:\/\/aleteia.org\/feed\/\"],\"menu_partner_footer\":[],\"menu_custom_footer\":[\"type\":\"custom\",\"title\":\"Charter for personal data protection\",\"url\":\"https:\/\/aleteia.org\/charter-for-personal-data-protection\/\",\"id\":\"632651\"],\"menu_special_page\":[],\"copyright\":\"u0026copy; Copyright Aleteia SAS all rights reserved.\",\"socials\":\"fb_link\":\" Aleteia delivered to your inbox. Subscribe here\",\"newsletter_right_popup_text_size\":\"25\",\"newsletter_right_popup_padding_top\":\"40\",\"newsletter_right_popup_padding_bottom\":\"40\",\"newsletter_popups_texts_list\":[\"enabled\":\"1\",\"text\":\"Start your mornings with the good, the beautiful, the true... Subscribe to Aleteia's free newsletter!\",\"text_font_size\":\"20\",\"text_line_spacing\":\"20\",\"text_x\":\"5\",\"text_y\":\"60\",\"text_2\":\"Sign me up!\",\"text_2_font_size\":\"25\",\"enabled\":\"1\",\"text\":\"The world and your Catholic life, all in one place.\",\"text_font_size\":\"23\",\"text_line_spacing\":\"23\",\"text_x\":\"10\",\"text_y\":\"65\",\"text_2\":\"Subscribe to Aleteia's free newsletter!\",\"text_2_font_size\":\"13\",\"enabled\":\"1\",\"text\":\"Start your day in a beautiful way: Subscribe to Aleteia's daily newsletter here.\",\"text_font_size\":\"20\",\"text_line_spacing\":\"20\",\"text_x\":\"5\",\"text_y\":\"65\",\"text_2\":\"Sign me up!\",\"text_2_font_size\":\"25\",\"enabled\":\"1\",\"text\":\"Subscribe to Aleteia's free newsletter: Goodness. Beauty. Truth. No yelling.\",\"text_font_size\":\"20\",\"text_line_spacing\":\"20\",\"text_x\":\"5\",\"text_y\":\"55\",\"text_2\":\"Sign me up!\",\"text_2_font_size\":\"25\"],\"v2_subscribe_bkg\":null,\"v2_subscribe_title\":\"Newsletter\",\"v2_subscribe_descr\":\"Get Aleteia delivered to your inbox.\",\"v2_subscribe_btn\":\"Sign me up\",\"v2_subscribe_no_thanks\":\"No thanks, I'll register later.\",\"v2_registration_bkg\":null,\"v2_registration_title\":\"Get exclusive access to our site!\",\"v2_registration_descr\":\"Now that you're signed up you can become a registered user.\",\"v2_registration_btn\":\"Sign me up\",\"v2_registration_no_thanks\":\"No thanks, I'll register later.\",\"v2_donate_bkg\":null,\"v2_donate_title\":\"Become an Aleteia Patron Today\",\"v2_donate_descr\":\"We want Aleteia to be freely available to everyone. We don\u2019t require a subscription.\",\"v2_donate_btn\":\"Donate Now\",\"v2_donate_no_thanks\":\"No thanks, I'll donate later.\",\"v2_retargeting_title\":\"Let's stay connected! Subscribe to Aleteia's free newsletter\",\"v2_retargeting_btn\":\"Subscribe\",\"v2_retargeting_fb_btn\":\"Like us on Facebook\",\"v2_retargeting_tw_btn\":\"Follow us on Twitter\",\"v2_retargeting_chrome_btn\":\"Subscribe to Web Notifications\",\"v2_retargeting_mg_btn\":\"Subscribe to our Facebook Messenger\",\"v2_retargeting_fb_link\":\" up for Aleteiau0026#039;s newsletter\",\"image\":\" you! Your submission has been received!\",\"youremail\":\"Your email\",\"required\":\"Required field\",\"firstname\":\"Your first name\",\"lastname\":\"Your last name\",\"bysignin\":\"By signing, I acknowledge and agree to the\",\"legal\":\"\/legal-information\",\"tc\":\"Terms and Conditions\",\"partners\":\"Yes, I would like to receive information from Aleteia partners\",\"submit\":\"Subscribe\",\"custom_popup\":[],\"top_ribbon\":[],\"ads_settings\":[\"slot\":\"hp-desk-after-header\",\"library\":\"googleAdManager.GooglePublisherTag\",\"props\":\"id\":\"hp-desk-after-header-ad\",\"unit\":\"64500793\/EN_DESK_HP_HEADER_MULTIxMULTI_1\",\"collapse_empty_divs\":false,\"premium_ads\":false,\"bids\":\"\",\"nexxx360_id\":\"\",\"size\":[[728,90],[970,90]],\"slot\":\"hp-desk-right-column-after-prayers\",\"library\":\"googleAdManager.GooglePublisherTag\",\"props\":\"id\":\"hp-desk-right-column-after-prayers-ad\",\"unit\":\"64500793\/EN_DESK_HP_TOWER_300xMULTI_1\",\"collapse_empty_divs\":false,\"premium_ads\":false,\"bids\":\"\",\"nexxx360_id\":\"\",\"size\":[[300,600]],\"slot\":\"hp-desk-right-column-section\",\"library\":\"googleAdManager.GooglePublisherTag\",\"props\":\"id\":\"hp-desk-right-column-section-ad\",\"unit\":\"64500793\/EN_DESK_HP_TOWER_300xMULTI_2\",\"collapse_empty_divs\":false,\"premium_ads\":false,\"bids\":\"\",\"nexxx360_id\":\"\",\"size\":[[300,600]],\"slot\":\"hp-mob-after-hero\",\"library\":\"googleAdManager.GooglePublisherTag\",\"props\":\"id\":\"hp-mob-after-hero-ad\",\"unit\":\"64500793\/EN_MOB_HP_HEADER_320xMULTI\",\"collapse_empty_divs\":false,\"premium_ads\":false,\"bids\":\"\",\"nexxx360_id\":\"\",\"size\":[[320,100]],\"slot\":\"hp-mob-right-column-after-prayers\",\"library\":\"googleAdManager.GooglePublisherTag\",\"props\":\"id\":\"hp-mob-right-column-after-prayers-ad\",\"unit\":\"64500793\/EN_MOB_HP_BODY_MULTIxMULTI_2\",\"collapse_empty_divs\":false,\"premium_ads\":false,\"bids\":\"\",\"nexxx360_id\":\"\",\"size\":[[300,250]],\"slot\":\"category-desk-after-header\",\"library\":\"googleAdManager.GooglePublisherTag\",\"props\":\"id\":\"category-desk-after-header-ad\",\"unit\":\"64500793\/EN_DESK_ARTICLE_HEADER_MULTIxMULTI_1\",\"collapse_empty_divs\":false,\"premium_ads\":false,\"bids\":\"\",\"nexxx360_id\":\"\",\"size\":[[728,90],[970,90]],\"slot\":\"category-desk-right-column-after-prayers\",\"library\":\"googleAdManager.GooglePublisherTag\",\"props\":\"id\":\"category-desk-right-column-after-prayers-ad\",\"unit\":\"64500793\/EN_DESK_ARTICLE_TOWER_300xMULTI_2\",\"collapse_empty_divs\":false,\"premium_ads\":false,\"bids\":\"\",\"nexxx360_id\":\"\",\"size\":[[300,250]],\"slot\":\"category-mob-after-first-row\",\"library\":\"googleAdManager.GooglePublisherTag\",\"props\":\"id\":\"category-mob-after-first-row-ad\",\"unit\":\"64500793\/EN_MOB_ARTICLE_HEADER_320xMULTI\",\"collapse_empty_divs\":false,\"premium_ads\":false,\"bids\":\"\",\"nexxx360_id\":\"\",\"size\":[[320,100]],\"slot\":\"article-desk-after-header\",\"library\":\"googleAdManager.GooglePublisherTag\",\"props\":\"id\":\"article-desk-after-header-ad\",\"unit\":\"64500793\/EN_DESK_ARTICLE_HEADER_MULTIxMULTI_1\",\"collapse_empty_divs\":false,\"premium_ads\":false,\"bids\":\"\",\"nexxx360_id\":\"\",\"size\":[[728,90],[970,90]],\"slot\":\"article-desk-right-column-after-prayers\",\"library\":\"googleAdManager.GooglePublisherTag\",\"props\":\"id\":\"article-desk-right-column-after-prayers-ad\",\"unit\":\"64500793\/EN_DESK_ARTICLE_TOWER_300xMULTI_1\",\"collapse_empty_divs\":false,\"premium_ads\":false,\"bids\":\"\",\"nexxx360_id\":\"\",\"size\":[[300,250],[300,600]],\"slot\":\"article-desk-right-column-sticky\",\"library\":\"googleAdManager.GooglePublisherTag\",\"props\":\"id\":\"article-desk-right-column-sticky2-ad\",\"unit\":\"64500793\/EN_DESK_ARTICLE_SIDEBAR_300xMULTI\",\"collapse_empty_divs\":false,\"premium_ads\":false,\"bids\":\"\",\"nexxx360_id\":\"\",\"size\":[[300,250],[300,600]],\"slot\":\"article-desk-before-footer\",\"library\":\"googleAdManager.GooglePublisherTag\",\"props\":\"id\":\"article-desk-before-footer-ad\",\"unit\":\"64500793\/EN_DESK_ARTICLE_FOOTER_MULTIx90\",\"collapse_empty_divs\":false,\"premium_ads\":false,\"bids\":\"\",\"nexxx360_id\":\"\",\"size\":[[728,90],[970,90]],\"slot\":\"article-mob-after-featured\",\"library\":\"googleAdManager.GooglePublisherTag\",\"props\":\"id\":\"article-mob-after-featured-ad\",\"unit\":\"64500793\/EN_MOB_ARTICLE_HEADER_320xMULTI\",\"collapse_empty_divs\":false,\"premium_ads\":false,\"bids\":\"\",\"nexxx360_id\":\"\",\"size\":[[320,100],[300,100]],\"slot\":\"article-mob-right-column-after-prayers\",\"library\":\"googleAdManager.GooglePublisherTag\",\"props\":\"id\":\"article-mob-right-column-after-prayers-ad\",\"unit\":\"64500793\/EN_MOB_ARTICLE_BODY_MULTIxMULTI_2\",\"collapse_empty_divs\":false,\"premium_ads\":false,\"bids\":\"\",\"nexxx360_id\":\"\",\"size\":[[300,600]],\"slot\":\"article-mob-content-p1\",\"library\":\"googleAdManager.GooglePublisherTag\",\"props\":\"id\":\"article-mob-content-p1-ad\",\"unit\":\"64500793\/EN_MOB_ARTICLE_BODY_MULTIxMULTI_1\",\"collapse_empty_divs\":false,\"premium_ads\":false,\"bids\":\"\",\"nexxx360_id\":\"\",\"size\":[[300,250]],\"slot\":\"article-mob-content-p3\",\"library\":\"googleAdManager.GooglePublisherTag\",\"props\":\"id\":\"article-mob-content-p3-ad\",\"unit\":\"64500793\/EN_MOB_ARTICLE_BODY_MULTIxMULTI_2\",\"collapse_empty_divs\":false,\"premium_ads\":false,\"bids\":\"\",\"nexxx360_id\":\"\",\"size\":[[1,1]],\"slot\":\"slideshow-desk\",\"library\":\"googleAdManager.GooglePublisherTag\",\"props\":\"id\":\"slideshow-desk-ad\",\"unit\":\"64500793\/EN_DESK_SLIDESHOW_TOWER_300x250\",\"collapse_empty_divs\":false,\"premium_ads\":false,\"bids\":\"\",\"nexxx360_id\":\"\",\"size\":[[300,250],[300,600]],\"slot\":\"slideshow-mob\",\"library\":\"googleAdManager.GooglePublisherTag\",\"props\":\"id\":\"slideshow-mob-ad\",\"unit\":\"64500793\/EN_MOB_ARTICLE_STICKYFOOTER_320x50\",\"collapse_empty_divs\":false,\"premium_ads\":false,\"bids\":\"\",\"nexxx360_id\":\"\",\"size\":[[320,50]],\"slot\":\"skin\",\"library\":\"theme.Skin\",\"props\":\"id\":\"skin-ad\",\"unit\":\"64500793\/EN_DESK_HP_SKIN_1x1\",\"collapse_empty_divs\":false,\"premium_ads\":false,\"bids\":\"\",\"nexxx360_id\":\"\",\"size\":[],\"slot\":\"article-native-inread\",\"library\":\"googleAdManager.GooglePublisherTag\",\"props\":\"id\":\"article-native-inread\",\"unit\":\"64500793\/EN_NATIVE_ARTICLE\",\"collapse_empty_divs\":false,\"premium_ads\":false,\"bids\":\"\",\"nexxx360_id\":\"\",\"size\":[\"fluid\"],\"slot\":\"article-native-home\",\"library\":\"googleAdManager.GooglePublisherTag\",\"props\":\"id\":\"article-native-home\",\"unit\":\"64500793\/EN_NATIVE_HOMEPAGE\",\"collapse_empty_divs\":false,\"premium_ads\":false,\"bids\":\"\",\"nexxx360_id\":\"\",\"size\":[\"fluid\"],\"slot\":\"dp-skin\",\"library\":\"theme.Skin\",\"props\":\"id\":\"dp-skin-ad\",\"unit\":\"64500793\/EN_DESK_PRAYER_SKIN_1x1\",\"collapse_empty_divs\":false,\"premium_ads\":false,\"bids\":\"\",\"nexxx360_id\":\"\",\"size\":[],\"props\":\"id\":\"\",\"unit\":\"\",\"collapse_empty_divs\":false,\"premium_ads\":false,\"bids\":\"\",\"nexxx360_id\":\"\",\"size\":[],\"slot\":\"hp-mob-after-daily-items\",\"library\":\"googleAdManager.GooglePublisherTag\",\"props\":\"id\":\"hp-mob-after-daily-items-ad\",\"unit\":\"64500793\/EN_MOB_HP_BODY_MULTIxMULTI_1\",\"collapse_empty_divs\":false,\"premium_ads\":false,\"bids\":\"\",\"nexxx360_id\":\"\",\"size\":[[300,600],[300,250]],\"slot\":\"hp-desk-before-sections\",\"library\":\"googleAdManager.GooglePublisherTag\",\"props\":\"id\":\"hp-desk-before-sections-ad\",\"unit\":\"64500793\/EN_DESK_HP_HEADER_MULTIxMULTI_2\",\"collapse_empty_divs\":false,\"premium_ads\":false,\"bids\":\"\",\"nexxx360_id\":\"\",\"size\":[[728,90],[970,90]],\"slot\":\"category-desk-right-column\",\"library\":\"googleAdManager.GooglePublisherTag\",\"props\":\"id\":\"category-desk-right-column-ad\",\"unit\":\"64500793\/EN_DESK_ARTICLE_SIDEBAR_300xMULTI\",\"collapse_empty_divs\":false,\"premium_ads\":false,\"bids\":\"\",\"nexxx360_id\":\"\",\"size\":[],\"slot\":\"skin\",\"library\":\"theme.Skin\",\"props\":\"id\":\"skin-ad\",\"unit\":\"64500793\/EN_DESK_HP_SKIN_1x1\",\"collapse_empty_divs\":false,\"premium_ads\":\"1\",\"bids\":\"\",\"nexxx360_id\":\"\",\"size\":[],\"slot\":\"hp-desk-after-header\",\"library\":\"googleAdManager.GooglePublisherTag\",\"props\":\"id\":\"hp-desk-after-header-ad\",\"unit\":\"64500793\/EN_DESK_HEADER_MULTIxMULTI_PREMIUM\",\"collapse_empty_divs\":false,\"premium_ads\":\"1\",\"bids\":\"\",\"nexxx360_id\":\"\",\"size\":[[970,90],[728,90]],\"slot\":\"category-desk-after-header\",\"library\":\"googleAdManager.GooglePublisherTag\",\"props\":\"id\":\"category-desk-after-header-ad\",\"unit\":\"64500793\/EN_DESK_HEADER_MULTIxMULTI_PREMIUM\",\"collapse_empty_divs\":false,\"premium_ads\":\"1\",\"bids\":\"\",\"nexxx360_id\":\"\",\"size\":[[970,90],[728,90]],\"slot\":\"article-desk-after-header\",\"library\":\"googleAdManager.GooglePublisherTag\",\"props\":\"id\":\"article-desk-after-header-ad\",\"unit\":\"64500793\/EN_DESK_HEADER_MULTIxMULTI_PREMIUM\",\"collapse_empty_divs\":false,\"premium_ads\":\"1\",\"bids\":\"\",\"nexxx360_id\":\"\",\"size\":[[970,90],[728,90]],\"slot\":\"hp-desk-right-column-after-prayers\",\"library\":\"googleAdManager.GooglePublisherTag\",\"props\":\"id\":\"hp-desk-right-column-after-prayers-ad\",\"unit\":\"64500793\/EN_DESK_TOWER_300xMULTI_PREMIUM\",\"collapse_empty_divs\":false,\"premium_ads\":\"1\",\"bids\":\"\",\"nexxx360_id\":\"\",\"size\":[[300,600],[300,250]],\"slot\":\"category-desk-right-column-after-prayers\",\"library\":\"googleAdManager.GooglePublisherTag\",\"props\":\"id\":\"category-desk-right-column-after-prayers-ad\",\"unit\":\"64500793\/EN_DESK_TOWER_300xMULTI_PREMIUM\",\"collapse_empty_divs\":false,\"premium_ads\":\"1\",\"bids\":\"\",\"nexxx360_id\":\"\",\"size\":[[300,600],[300,250]],\"slot\":\"article-desk-right-column-after-prayers\",\"library\":\"googleAdManager.GooglePublisherTag\",\"props\":\"id\":\"article-desk-right-column-after-prayers-ad\",\"unit\":\"64500793\/EN_DESK_TOWER_300xMULTI_PREMIUM\",\"collapse_empty_divs\":false,\"premium_ads\":\"1\",\"bids\":\"\",\"nexxx360_id\":\"\",\"size\":[[300,600],[300,250]],\"slot\":\"hp-mob-after-daily-items\",\"library\":\"googleAdManager.GooglePublisherTag\",\"props\":\"id\":\"hp-mob-after-daily-items-ad\",\"unit\":\"64500793\/EN_MOB_MULTIxMULTI_PREMIUM\",\"collapse_empty_divs\":false,\"premium_ads\":\"1\",\"bids\":\"\",\"nexxx360_id\":\"\",\"size\":[[300,250]],\"slot\":\"article-mob-content-p1\",\"library\":\"googleAdManager.GooglePublisherTag\",\"props\":\"id\":\"article-mob-content-p1-ad\",\"unit\":\"64500793\/EN_MOB_MULTIxMULTI_PREMIUM\",\"collapse_empty_divs\":false,\"premium_ads\":\"1\",\"bids\":\"\",\"nexxx360_id\":\"\",\"size\":[[300,250]],\"props\":\"id\":\"\",\"unit\":\"\",\"collapse_empty_divs\":false,\"premium_ads\":false,\"bids\":\"\",\"nexxx360_id\":\"\",\"size\":[],\"props\":\"id\":\"\",\"unit\":\"\",\"collapse_empty_divs\":false,\"premium_ads\":false,\"bids\":\"\",\"nexxx360_id\":\"\",\"size\":[]],\"skin_height\":101,\"sirdata\":\"setting_menu_label\":\"privacy\",\"sirdata_id\":\"xd8kW\",\"nativo\":\"isActive\":true,\"isActiveInPost\":true,\"connatix\":\"scriptId\":\"82592dd1874345e8bd35bb7268339c76\",\"playerId\":\"62153f9f-0eea-4420-ae4e-ccb9dc881e2f\",\"premiumContents\":\"cta_menu\":\"cta_label\":\"S\u2019abonner\",\"cta_link\":\"\/subscribe\/\",\"cta_menu_donations\":\"cta_label\":\"donate\",\"cta_link\":\"https:\/\/aleteia.org\/support-aleteia\/\",\"newrelic\":\"enabled\":true,\"nexxx360_site_id\":null,\"top_left_custom_cta\":[],\"translations\":\"archive\":\"ReadMore\":\"Show more\"},\"wpSource\":\"prefix\":\"\/wp-json\",\"oneSignal\":\"promptAfterPages\":\"3\",\"promptAfterSeconds\":\"30\",\"id\":\"1ef61c7c-d65c-4876-90ea-04f72851e015\",\"prebid\":\"active\":false,\"fills\":\"googleAdManager\":\"35\":\"props\":\"id\":\"\",\"unit\":\"\",\"collapse_empty_divs\":false,\"premium_ads\":false,\"bids\":\"\",\"nexxx360_id\":\"\",\"size\":[],\"36\":\"props\":\"id\":\"\",\"unit\":\"\",\"collapse_empty_divs\":false,\"premium_ads\":false,\"bids\":\"\",\"nexxx360_id\":\"\",\"size\":[],\"hp-desk-after-header-ad\":\"slot\":\"hp-desk-after-header\",\"library\":\"googleAdManager.GooglePublisherTag\",\"props\":\"id\":\"hp-desk-after-header-ad\",\"unit\":\"64500793\/EN_DESK_HP_HEADER_MULTIxMULTI_1\",\"collapse_empty_divs\":false,\"premium_ads\":false,\"bids\":\"\",\"nexxx360_id\":\"\",\"size\":[[728,90],[970,90]],\"hp-desk-right-column-after-prayers-ad\":\"slot\":\"hp-desk-right-column-after-prayers\",\"library\":\"googleAdManager.GooglePublisherTag\",\"props\":\"id\":\"hp-desk-right-column-after-prayers-ad\",\"unit\":\"64500793\/EN_DESK_HP_TOWER_300xMULTI_1\",\"collapse_empty_divs\":false,\"premium_ads\":false,\"bids\":\"\",\"nexxx360_id\":\"\",\"size\":[[300,600]],\"hp-desk-right-column-section-ad\":\"slot\":\"hp-desk-right-column-section\",\"library\":\"googleAdManager.GooglePublisherTag\",\"props\":\"id\":\"hp-desk-right-column-section-ad\",\"unit\":\"64500793\/EN_DESK_HP_TOWER_300xMULTI_2\",\"collapse_empty_divs\":false,\"premium_ads\":false,\"bids\":\"\",\"nexxx360_id\":\"\",\"size\":[[300,600]],\"hp-mob-after-hero-ad\":\"slot\":\"hp-mob-after-hero\",\"library\":\"googleAdManager.GooglePublisherTag\",\"props\":\"id\":\"hp-mob-after-hero-ad\",\"unit\":\"64500793\/EN_MOB_HP_HEADER_320xMULTI\",\"collapse_empty_divs\":false,\"premium_ads\":false,\"bids\":\"\",\"nexxx360_id\":\"\",\"size\":[[320,100]],\"hp-mob-right-column-after-prayers-ad\":\"slot\":\"hp-mob-right-column-after-prayers\",\"library\":\"googleAdManager.GooglePublisherTag\",\"props\":\"id\":\"hp-mob-right-column-after-prayers-ad\",\"unit\":\"64500793\/EN_MOB_HP_BODY_MULTIxMULTI_2\",\"collapse_empty_divs\":false,\"premium_ads\":false,\"bids\":\"\",\"nexxx360_id\":\"\",\"size\":[[300,250]],\"category-desk-after-header-ad\":\"slot\":\"category-desk-after-header\",\"library\":\"googleAdManager.GooglePublisherTag\",\"props\":\"id\":\"category-desk-after-header-ad\",\"unit\":\"64500793\/EN_DESK_ARTICLE_HEADER_MULTIxMULTI_1\",\"collapse_empty_divs\":false,\"premium_ads\":false,\"bids\":\"\",\"nexxx360_id\":\"\",\"size\":[[728,90],[970,90]],\"category-desk-right-column-after-prayers-ad\":\"slot\":\"category-desk-right-column-after-prayers\",\"library\":\"googleAdManager.GooglePublisherTag\",\"props\":\"id\":\"category-desk-right-column-after-prayers-ad\",\"unit\":\"64500793\/EN_DESK_ARTICLE_TOWER_300xMULTI_2\",\"collapse_empty_divs\":false,\"premium_ads\":false,\"bids\":\"\",\"nexxx360_id\":\"\",\"size\":[[300,250]],\"category-mob-after-first-row-ad\":\"slot\":\"category-mob-after-first-row\",\"library\":\"googleAdManager.GooglePublisherTag\",\"props\":\"id\":\"category-mob-after-first-row-ad\",\"unit\":\"64500793\/EN_MOB_ARTICLE_HEADER_320xMULTI\",\"collapse_empty_divs\":false,\"premium_ads\":false,\"bids\":\"\",\"nexxx360_id\":\"\",\"size\":[[320,100]],\"article-desk-after-header-ad\":\"slot\":\"article-desk-after-header\",\"library\":\"googleAdManager.GooglePublisherTag\",\"props\":\"id\":\"article-desk-after-header-ad\",\"unit\":\"64500793\/EN_DESK_ARTICLE_HEADER_MULTIxMULTI_1\",\"collapse_empty_divs\":false,\"premium_ads\":false,\"bids\":\"\",\"nexxx360_id\":\"\",\"size\":[[728,90],[970,90]],\"article-desk-right-column-after-prayers-ad\":\"slot\":\"article-desk-right-column-after-prayers\",\"library\":\"googleAdManager.GooglePublisherTag\",\"props\":\"id\":\"article-desk-right-column-after-prayers-ad\",\"unit\":\"64500793\/EN_DESK_ARTICLE_TOWER_300xMULTI_1\",\"collapse_empty_divs\":false,\"premium_ads\":false,\"bids\":\"\",\"nexxx360_id\":\"\",\"size\":[[300,250],[300,600]],\"article-desk-right-column-sticky2-ad\":\"slot\":\"article-desk-right-column-sticky\",\"library\":\"googleAdManager.GooglePublisherTag\",\"props\":\"id\":\"article-desk-right-column-sticky2-ad\",\"unit\":\"64500793\/EN_DESK_ARTICLE_SIDEBAR_300xMULTI\",\"collapse_empty_divs\":false,\"premium_ads\":false,\"bids\":\"\",\"nexxx360_id\":\"\",\"size\":[[300,250],[300,600]],\"article-desk-before-footer-ad\":\"slot\":\"article-desk-before-footer\",\"library\":\"googleAdManager.GooglePublisherTag\",\"props\":\"id\":\"article-desk-before-footer-ad\",\"unit\":\"64500793\/EN_DESK_ARTICLE_FOOTER_MULTIx90\",\"collapse_empty_divs\":false,\"premium_ads\":false,\"bids\":\"\",\"nexxx360_id\":\"\",\"size\":[[728,90],[970,90]],\"article-mob-after-featured-ad\":\"slot\":\"article-mob-after-featured\",\"library\":\"googleAdManager.GooglePublisherTag\",\"props\":\"id\":\"article-mob-after-featured-ad\",\"unit\":\"64500793\/EN_MOB_ARTICLE_HEADER_320xMULTI\",\"collapse_empty_divs\":false,\"premium_ads\":false,\"bids\":\"\",\"nexxx360_id\":\"\",\"size\":[[320,100],[300,100]],\"article-mob-right-column-after-prayers-ad\":\"slot\":\"article-mob-right-column-after-prayers\",\"library\":\"googleAdManager.GooglePublisherTag\",\"props\":\"id\":\"article-mob-right-column-after-prayers-ad\",\"unit\":\"64500793\/EN_MOB_ARTICLE_BODY_MULTIxMULTI_2\",\"collapse_empty_divs\":false,\"premium_ads\":false,\"bids\":\"\",\"nexxx360_id\":\"\",\"size\":[[300,600]],\"article-mob-content-p1-ad\":\"slot\":\"article-mob-content-p1\",\"library\":\"googleAdManager.GooglePublisherTag\",\"props\":\"id\":\"article-mob-content-p1-ad\",\"unit\":\"64500793\/EN_MOB_ARTICLE_BODY_MULTIxMULTI_1\",\"collapse_empty_divs\":false,\"premium_ads\":false,\"bids\":\"\",\"nexxx360_id\":\"\",\"size\":[[300,250]],\"article-mob-content-p3-ad\":\"slot\":\"article-mob-content-p3\",\"library\":\"googleAdManager.GooglePublisherTag\",\"props\":\"id\":\"article-mob-content-p3-ad\",\"unit\":\"64500793\/EN_MOB_ARTICLE_BODY_MULTIxMULTI_2\",\"collapse_empty_divs\":false,\"premium_ads\":false,\"bids\":\"\",\"nexxx360_id\":\"\",\"size\":[[1,1]],\"slideshow-desk-ad\":\"slot\":\"slideshow-desk\",\"library\":\"googleAdManager.GooglePublisherTag\",\"props\":\"id\":\"slideshow-desk-ad\",\"unit\":\"64500793\/EN_DESK_SLIDESHOW_TOWER_300x250\",\"collapse_empty_divs\":false,\"premium_ads\":false,\"bids\":\"\",\"nexxx360_id\":\"\",\"size\":[[300,250],[300,600]],\"slideshow-mob-ad\":\"slot\":\"slideshow-mob\",\"library\":\"googleAdManager.GooglePublisherTag\",\"props\":\"id\":\"slideshow-mob-ad\",\"unit\":\"64500793\/EN_MOB_ARTICLE_STICKYFOOTER_320x50\",\"collapse_empty_divs\":false,\"premium_ads\":false,\"bids\":\"\",\"nexxx360_id\":\"\",\"size\":[[320,50]],\"skin-ad\":\"slot\":\"skin\",\"library\":\"theme.Skin\",\"props\":\"id\":\"skin-ad\",\"unit\":\"64500793\/EN_DESK_HP_SKIN_1x1\",\"collapse_empty_divs\":false,\"premium_ads\":false,\"bids\":\"\",\"nexxx360_id\":\"\",\"size\":[],\"article-native-inread\":\"slot\":\"article-native-inread\",\"library\":\"googleAdManager.GooglePublisherTag\",\"props\":\"id\":\"article-native-inread\",\"unit\":\"64500793\/EN_NATIVE_ARTICLE\",\"collapse_empty_divs\":false,\"premium_ads\":false,\"bids\":\"\",\"nexxx360_id\":\"\",\"size\":[\"fluid\"],\"article-native-home\":\"slot\":\"article-native-home\",\"library\":\"googleAdManager.GooglePublisherTag\",\"props\":\"id\":\"article-native-home\",\"unit\":\"64500793\/EN_NATIVE_HOMEPAGE\",\"collapse_empty_divs\":false,\"premium_ads\":false,\"bids\":\"\",\"nexxx360_id\":\"\",\"size\":[\"fluid\"],\"dp-skin-ad\":\"slot\":\"dp-skin\",\"library\":\"theme.Skin\",\"props\":\"id\":\"dp-skin-ad\",\"unit\":\"64500793\/EN_DESK_PRAYER_SKIN_1x1\",\"collapse_empty_divs\":false,\"premium_ads\":false,\"bids\":\"\",\"nexxx360_id\":\"\",\"size\":[],\"\":\"props\":\"id\":\"\",\"unit\":\"\",\"collapse_empty_divs\":false,\"premium_ads\":false,\"bids\":\"\",\"nexxx360_id\":\"\",\"size\":[],\"hp-mob-after-daily-items-ad\":\"slot\":\"hp-mob-after-daily-items\",\"library\":\"googleAdManager.GooglePublisherTag\",\"props\":\"id\":\"hp-mob-after-daily-items-ad\",\"unit\":\"64500793\/EN_MOB_HP_BODY_MULTIxMULTI_1\",\"collapse_empty_divs\":false,\"premium_ads\":false,\"bids\":\"\",\"nexxx360_id\":\"\",\"size\":[[300,600],[300,250]],\"hp-desk-before-sections-ad\":\"slot\":\"hp-desk-before-sections\",\"library\":\"googleAdManager.GooglePublisherTag\",\"props\":\"id\":\"hp-desk-before-sections-ad\",\"unit\":\"64500793\/EN_DESK_HP_HEADER_MULTIxMULTI_2\",\"collapse_empty_divs\":false,\"premium_ads\":false,\"bids\":\"\",\"nexxx360_id\":\"\",\"size\":[[728,90],[970,90]],\"category-desk-right-column-ad\":\"slot\":\"category-desk-right-column\",\"library\":\"googleAdManager.GooglePublisherTag\",\"props\":\"id\":\"category-desk-right-column-ad\",\"unit\":\"64500793\/EN_DESK_ARTICLE_SIDEBAR_300xMULTI\",\"collapse_empty_divs\":false,\"premium_ads\":false,\"bids\":\"\",\"nexxx360_id\":\"\",\"size\":[],\"skin-ad26\":\"slot\":\"skin\",\"library\":\"theme.Skin\",\"props\":\"id\":\"skin-ad\",\"unit\":\"64500793\/EN_DESK_HP_SKIN_1x1\",\"collapse_empty_divs\":false,\"premium_ads\":\"1\",\"bids\":\"\",\"nexxx360_id\":\"\",\"size\":[],\"hp-desk-after-header-ad27\":\"slot\":\"hp-desk-after-header\",\"library\":\"googleAdManager.GooglePublisherTag\",\"props\":\"id\":\"hp-desk-after-header-ad\",\"unit\":\"64500793\/EN_DESK_HEADER_MULTIxMULTI_PREMIUM\",\"collapse_empty_divs\":false,\"premium_ads\":\"1\",\"bids\":\"\",\"nexxx360_id\":\"\",\"size\":[[970,90],[728,90]],\"category-desk-after-header-ad28\":\"slot\":\"category-desk-after-header\",\"library\":\"googleAdManager.GooglePublisherTag\",\"props\":\"id\":\"category-desk-after-header-ad\",\"unit\":\"64500793\/EN_DESK_HEADER_MULTIxMULTI_PREMIUM\",\"collapse_empty_divs\":false,\"premium_ads\":\"1\",\"bids\":\"\",\"nexxx360_id\":\"\",\"size\":[[970,90],[728,90]],\"article-desk-after-header-ad29\":\"slot\":\"article-desk-after-header\",\"library\":\"googleAdManager.GooglePublisherTag\",\"props\":\"id\":\"article-desk-after-header-ad\",\"unit\":\"64500793\/EN_DESK_HEADER_MULTIxMULTI_PREMIUM\",\"collapse_empty_divs\":false,\"premium_ads\":\"1\",\"bids\":\"\",\"nexxx360_id\":\"\",\"size\":[[970,90],[728,90]],\"hp-desk-right-column-after-prayers-ad30\":\"slot\":\"hp-desk-right-column-after-prayers\",\"library\":\"googleAdManager.GooglePublisherTag\",\"props\":\"id\":\"hp-desk-right-column-after-prayers-ad\",\"unit\":\"64500793\/EN_DESK_TOWER_300xMULTI_PREMIUM\",\"collapse_empty_divs\":false,\"premium_ads\":\"1\",\"bids\":\"\",\"nexxx360_id\":\"\",\"size\":[[300,600],[300,250]],\"category-desk-right-column-after-prayers-ad31\":\"slot\":\"category-desk-right-column-after-prayers\",\"library\":\"googleAdManager.GooglePublisherTag\",\"props\":\"id\":\"category-desk-right-column-after-prayers-ad\",\"unit\":\"64500793\/EN_DESK_TOWER_300xMULTI_PREMIUM\",\"collapse_empty_divs\":false,\"premium_ads\":\"1\",\"bids\":\"\",\"nexxx360_id\":\"\",\"size\":[[300,600],[300,250]],\"article-desk-right-column-after-prayers-ad32\":\"slot\":\"article-desk-right-column-after-prayers\",\"library\":\"googleAdManager.GooglePublisherTag\",\"props\":\"id\":\"article-desk-right-column-after-prayers-ad\",\"unit\":\"64500793\/EN_DESK_TOWER_300xMULTI_PREMIUM\",\"collapse_empty_divs\":false,\"premium_ads\":\"1\",\"bids\":\"\",\"nexxx360_id\":\"\",\"size\":[[300,600],[300,250]],\"hp-mob-after-daily-items-ad33\":\"slot\":\"hp-mob-after-daily-items\",\"library\":\"googleAdManager.GooglePublisherTag\",\"props\":\"id\":\"hp-mob-after-daily-items-ad\",\"unit\":\"64500793\/EN_MOB_MULTIxMULTI_PREMIUM\",\"collapse_empty_divs\":false,\"premium_ads\":\"1\",\"bids\":\"\",\"nexxx360_id\":\"\",\"size\":[[300,250]],\"article-mob-content-p1-ad34\":\"slot\":\"article-mob-content-p1\",\"library\":\"googleAdManager.GooglePublisherTag\",\"props\":\"id\":\"article-mob-content-p1-ad\",\"unit\":\"64500793\/EN_MOB_MULTIxMULTI_PREMIUM\",\"collapse_empty_divs\":false,\"premium_ads\":\"1\",\"bids\":\"\",\"nexxx360_id\":\"\",\"size\":[[300,250]],\"yoast\":\"renderTags\":\"both\",\"transformLinks\":false,\"frontity\":\"name\":\"aleteia-english\",\"match\":[\"aleteia.org\",\"dev.aleteia.org\",\"aleteia.local\"],\"mode\":\"default\",\"debug\":false,\"platform\":\"server\",\"rendering\":\"ssr\",\"hmr\":false,\"initialLink\":\"\/2024\/05\/31\/longest-serving-flight-attendant-was-a-committed-catholic\/\",\"options\":\"publicPath\":\"\/static\/\",\"packages\":[\"aleteia-sirdata\",\"eloqua\",\"@frontity\/wp-source\",\"one-signal-frontity\",\"google-ad-manager\",\"@frontity\/yoast\",\"aleteia-theme\",\"aleteia-auth\",\"aleteia-promotional-box\",\"@frontity\/analytics\",\"google-tag-manager\",\"aleteia-custom-popups\",\"aleteia-top-ribbon\",\"@frontity\/tiny-router\",\"@frontity\/html2react\",\"ontheio-analytics\",\"aleteia-rollbar\",\"aleteia-redirects\",\"new-relic\",\"aleteia-ads-options\"],\"url\":\" - English\",\"theme\":\"hidePrintButton\":false,\"preventSelection\":false,\"autoPrefetch\":\"hover\",\"isMobileMenuOpen\":false,\"ads\":\"skin\":\"rendered\":false,\"positions\":[1,2,4,6,7,10,1,2,3,4],\"gallery\":\"isOpen\":false,\"currentIndex\":0,\"isZoom\":false,\"isAutoPlay\":false,\"isSwipeEnabled\":true,\"slidesVisited\":0,\"share\":\"isHidden\":true,\"language_switcher\":[\"code\":\"en\",\"label\":\"English\",\"link\":\"https:\/\/aleteia.org\/\",\"code\":\"it\",\"label\":\"Italiano\",\"link\":\"https:\/\/it.aleteia.org\/\",\"code\":\"fr\",\"label\":\"Fran\u00e7aise\",\"link\":\"https:\/\/fr.aleteia.org\/\",\"code\":\"es\",\"label\":\"Espa\u00f1ol\",\"link\":\"https:\/\/es.aleteia.org\/\",\"code\":\"pt\",\"label\":\"Portuguese\",\"link\":\"https:\/\/pt.aleteia.org\/\",\"code\":\"pl\",\"label\":\"Polska\",\"link\":\"https:\/\/pl.aleteia.org\/\",\"code\":\"si\",\"label\":\"Sloven\u0161\u010dina\",\"link\":\"https:\/\/si.aleteia.org\/\"],\"newsletter_lists_ids\":\"nl_daily_list\":\"366c6b27-4e11-4063-9cd6-f47184e0145f\",\"nl_weekly_list\":\"78e785e7-78f9-4f85-9d2f-4990e4b688f3\",\"nl_imedia_list\":\"366c6b27-4e11-4063-9cd6-f47184e0145f\",\"newsletter_subscribe_endpoint\":\"https:\/\/reports.aleteia.org\/\",\"newsletterPopup\":\"isOpen\":false,\"env\":\"production\",\"preventIndexing\":false,\"donationIframeUrl\":\"https:\/\/subscriptions.aleteia.org\/en\",\"jetpack_stats\":\"v\":\"ext\",\"blog\":174078663,\"post\":\"0\",\"tz\":-4,\"srv\":\"wp.en.aleteia.org\",\"auth\":\"isLoggedIn\":false,\"returnUrl\":\"https:\/\/aleteia.org\/\",\"loginForm\":\"rememberSession\":true,\"email\":\"\",\"password\":\"\",\"isSubmitting\":false,\"isError\":false,\"resetPasswordForm\":\"email\":\"\",\"isSubmitting\":false,\"isEmailSent\":false,\"isError\":false,\"errorMessage\":\"\",\"registerForm\":\"title\":\"\",\"name\":\"\",\"surname\":\"\",\"email\":\"\",\"emailRepeat\":\"\",\"nickname\":\"\",\"password\":\"\",\"passwordRepeat\":\"\",\"address\":\"\",\"city\":\"\",\"country\":\"\",\"stateCode\":\"\",\"zip\":\"\",\"phone\":\"\",\"tc\":false,\"newsletterDaily\":true,\"newsletterWeekly\":false,\"newsletterImedia\":true,\"partners\":false,\"isSubmitting\":false,\"isNameEmpty\":false,\"isSurnameEmpty\":false,\"isEmailEmpty\":false,\"isEmailRepeatEmpty\":false,\"isEmailMismatch\":false,\"isEmailAlreadyInUse\":false,\"isEmailInvalid\":false,\"isPasswordEmpty\":false,\"isPasswordRepeatEmpty\":false,\"isPasswordMismatch\":false,\"isPasswordWeak\":false,\"isPostalCodeEmpty\":false,\"isCountryEmpty\":false,\"newsletter_user_subscriptions\":[],\"paymentForm\":\"plans\":[],\"selectedPlan\":\"\",\"paymentType\":\"card\",\"isSubmitting\":false,\"plansEndpoint\":\"https:\/\/stripe-users-api.herokuapp.com\/plans?publishable_key=\",\"tryPlanEndpoint\":\"https:\/\/stripe-users-api.herokuapp.com\/plans\/try\",\"publishableKey\":\"pk_test_51IT35jLrboGMNuFqQSgdF3N8sj0SIVmac5QIWVEifu1f9jijIWBxIS0k3SwsZHVbebkef5zTlTY1zqzQ4mrxccyI00Icv0ETqO\",\"comments\":\"isReplyOpen\":false,\"replyId\":0,\"repliesOpened\":[],\"commentsList\":[],\"totalComments\":0,\"totalPages\":0,\"updateProfileForm\":\"title\":\"\",\"name\":\"\",\"surname\":\"\",\"nickname\":\"\",\"address\":\"\",\"zip\":\"\",\"city\":\"\",\"country\":\"\",\"phone\":\"\",\"isSubmitting\":false,\"isNameEmpty\":false,\"isSurnameEmpty\":false,\"isZipEmpty\":false,\"isCountryEmpty\":false,\"updateEmailForm\":\"email\":\"\",\"password\":\"\",\"newEmail\":\"\",\"newEmailConfirmation\":\"\",\"isSubmitting\":false,\"isEmailEmpty\":false,\"isEmailMismatch\":false,\"isPasswordEmpty\":false,\"isPasswordMismatch\":false,\"isNewEmailEmpty\":false,\"isNewEmailConfirmationEmpty\":false,\"isNewEmailMismatch\":false,\"updatePasswordForm\":\"email\":\"\",\"password\":\"\",\"newPassword\":\"\",\"newPasswordConfirmation\":\"\",\"isSubmitting\":false,\"isEmailEmpty\":false,\"isEmailMismatch\":false,\"isPasswordEmpty\":false,\"isPasswordMismatch\":false,\"isNewPasswordEmpty\":false,\"isNewPasswordConfirmationEmpty\":false,\"isNewPasswordMismatch\":false,\"showPrayersPopup\":false,\"premiumContent\":\"account\":\"cta_my_newsletters_label\":\"Abonnez-vous \u00e0 la newsletter d\u2019Aleteia\",\"cta_my_newsletters_link\":\" your membership\",\"cta_my_subscriptions_link\":\"#\",\"cta_personal_infos_label\":\"Manage your data\",\"cta_personal_infos_link\":\"#\",\"my_account\":\"u003cpu003eu003cspan style=\"font-size: 23px\"u003eu003cemu003eu003cstrongu003eMy accountu003c\/strongu003eu003c\/emu003eu003c\/spanu003eu003c\/pu003en\",\"my_account_desktop\":\"\",\"my_newsletters\":\"u003cpu003eu003cspan style=\"font-size: 14px;font-family: 'Roboto Condensed'\"u003eu003cstrongu003eVotre newsletteru003c\/strongu003eu003c\/spanu003eu003c\/pu003en\",\"my_newsletters_desktop\":\"\",\"my_subscriptions\":\"u003cpu003eu003cspan style=\"font-size: 14px;font-family: 'Roboto Condensed'\"u003eu003cstrongu003eVotre abonnementu003cbr \/u003enu003c\/strongu003eu003c\/spanu003eu003cspan style=\"font-size: 13px;color: #575757\"u003eVous avez un abonnement premium.u003c\/spanu003eu003c\/pu003en\",\"my_subscriptions_desktop\":\"\",\"personal_infos\":\"u003cpu003eu003cspan style=\"font-family: 'Roboto Condensed'\"u003eu003cstrongu003eu003cspan style=\"font-size: 14px\"u003eVos informations u003c\/spanu003eu003c\/strongu003eu003c\/spanu003eu003cbr \/u003enu003cspan style=\"font-size: 13px;color: #575757\"u003eRetrouvez et administrez l'ensemble des informations personnelles et adresses associ\u00e9es \u00e0 votre compte Aleteia.u003c\/spanu003eu003c\/pu003en\",\"personal_infos_desktop\":\"\",\"app_tips_cta\":\"\/registration\/subscribe\",\"app_tips_cta_text\":\"Discover our Premium offer\",\"app_tips_text\":\"u003cpu003eNOTE: Please comment with a spirit of respect and charity. Aleteia reserves the right to not publish, or remove after publication, any comment, as we deem fit.u003c\/pu003en\",\"cheque\":\"address\":\"u003cpu003eu003cstrongu003eAleteiau003c\/strongu003eu003cbr \/u003en57, rue Gaston Tessieru003cbr \/u003en75019 Parisu003c\/pu003en\",\"address_desktop\":\"\",\"bottom_message\":\"u003cpu003eu003cspan style=\"font-size: 13px\"u003eIl est important de pr\u00e9ciser lors de cet envoi les nom, pr\u00e9nom et adresse e-mail utilis\u00e9s lors de l'inscription.u003c\/spanu003eu003c\/pu003enu003cpu003eu003cspan style=\"font-size: 13px\"u003eD\u00e8s que vous aurez valid\u00e9 cette \u00e9tape, votre abonnement sera activ\u00e9.u003c\/spanu003eu003cbr \/u003enu003cspan style=\"font-size: 13px\"u003eEnsuite, vous disposez d'une p\u00e9riode de un mois pour nous adresser votre r\u00e8glement. Pass\u00e9 ce d\u00e9lai, votre abonnement sera automatiquement annul\u00e9.u003c\/spanu003eu003c\/pu003en\",\"bottom_message_desktop\":\"\",\"bottom_note\":\"u003cpu003eu003cstrongu003eu003cspan style=\"font-family: 'Roboto Condensed';font-size: 13px;color: #000000\"u003eOur email address, in case you have any concerns or questions: u003ca href=\"mailto:premium@aleteia.org\"u003epremium@aleteia.orgu003c\/au003eu003c\/spanu003eu003c\/strongu003eu003c\/pu003en\",\"bottom_note_desktop\":\"\",\"cta_label\":\"Je valide mon abonnement pour 10\u20ac par an\",\"cta_link\":\"\",\"thankyou\":\"u003cpu003eu003cspan style=\"font-size: 12px;font-family: 'Roboto Condensed';color: #575757\"u003ePaiement par ch\u00e8que : uniquement pour la France m\u00e9tropolitaineu003c\/spanu003eu003c\/pu003enu003cpu003eu003cspan style=\"font-size: 14px\"u003eu003cemu003eMerci de bien vouloir adresser votre ch\u00e8que \u00e0u003cbr \/u003enl'ordre de Aleteia \u00e0 l'adresse suivante :u003c\/emu003eu003c\/spanu003eu003c\/pu003en\",\"thankyou_dektop\":\"\",\"top_note\":\"\",\"top_note_desktop\":\"\",\"comment_disclaimer\":\"u003cpu003eNOTE: Please comment with a spirit of respect and charity. Aleteia reserves the right to not publish, or remove after publication, any comment, as we deem fit.u003c\/pu003en\",\"cta_menu\":\"cta_label\":\"S\u2019abonner\",\"cta_link\":\"\/register\/\",\"cta_menu_donations\":\"cta_label\":\"donate\",\"cta_link\":\"https:\/\/aleteia.org\/support-aleteia\/\",\"excerpt_blocks\":\"2\",\"fb_api_key\":\"AIzaSyCgYXJXTsk7sgOtBUZBvslUMsFIJ5j2WPs\",\"fb_auth_domain\":\"aleteia-subscriptions-prod.firebaseapp.com\",\"fb_project_id\":\"aleteia-subscriptions-prod\",\"features\":[\"text\":\"u003cp style=\"margin: 0\"u003eUnlimited access to all new Premium content from Aleteiau003c\/pu003en\",\"text\":\"u003cp style=\"margin: 0\"u003eLimited advertisingu003c\/pu003en\",\"text\":\"u003cp style=\"margin: 0\"u003eExclusive access to publish commentsu003c\/pu003en\"],\"features_all_saints\":[\"text\":\"u003cp style=\"margin: 0\"u003eUnlimited access to all new Premium content from Aleteiau003c\/pu003en\",\"text\":\"u003cp style=\"margin: 0\"u003eLimited advertisingu003c\/pu003en\",\"text\":\"u003cp style=\"margin: 0\"u003eExclusive access to publish commentsu003c\/pu003en\"],\"features_banner\":[\"text\":\"u003cp style=\"margin: 0\"u003eUnlimited access to all new Premium content from Aleteiau003c\/pu003en\",\"text\":\"u003cp style=\"margin: 0\"u003eLimited advertisingu003c\/pu003en\",\"text\":\"u003cp style=\"margin: 0\"u003eExclusive access to publish commentsu003c\/pu003en\"],\"fronted_enabled\":\"1\",\"nl_daily_list\":\"366c6b27-4e11-4063-9cd6-f47184e0145f\",\"nl_endpoint\":\"https:\/\/reports.aleteia.org\/subscriptions\",\"nl_imedia_list\":\"366c6b27-4e11-4063-9cd6-f47184e0145f\",\"nl_lists\":[\"id\":\"daily\",\"label\":\"Aleteia 24h Daily newsletter\",\"registration_label\":\"Aleteia 24h Daily newsletter\",\"title\":\"Daily en\",\"id\":\"weekly\",\"label\":\"Top 10 Most Read Stories of the Week\",\"registration_label\":\"Top 10 Most Read Stories of the Week\",\"title\":\"Weekly en\"],\"nl_weekly_list\":\"78e785e7-78f9-4f85-9d2f-4990e4b688f3\",\"offer_page\":\"advantages\":\"u003cpu003eu003cspan style=\"font-size: 16px\"u003eEt b\u00e9n\u00e9ficiez de tous ses avantages :u003c\/spanu003eu003c\/pu003en\",\"advantages_desktop\":\"u003cpu003eu003cspan style=\"font-size: 20px\"u003eEt b\u00e9n\u00e9ficiez de tous ses avantages :u003c\/spanu003eu003c\/pu003en\",\"become_member\":\"\",\"become_member_desktop\":\"\",\"prayer_intentions_cta\":\"\",\"prayer_intentions_cta_desktop\":\"\",\"prayer_intentions_image\":\"\",\"prayer_intentions_popup_text\":\"u003cpu003ePray for loved ones who are suffering,u003cbr \/u003enfor a young couple engaged to be married,u003cbr \/u003enfor a child who has lost his\/her faith.u003cbr \/u003enfor a coworker who has cancer,u003cbr \/u003enor for any of life's most important moments.u003c\/pu003enu003cdivu003enu003cpu003eAleteia has partnered with 550 monasteriesu003cbr \/u003ento support your particularu003cbr \/u003enprayer intentions.u003c\/pu003enu003cdivu003eYou can share your prayer intentionsu003cbr \/u003enfrom your account profileu003cbr \/u003enas soon as you become an Aleteia Premium member;u003cbr \/u003enyour prayers will be remembered by monks and nuns during their liturgies.u003c\/divu003enu003c\/divu003en\",\"prayer_intentions_popup_text_desktop\":\"u003cpu003ePray for loved ones who are suffering,u003cbr \/u003enfor a young couple engaged to be married,u003cbr \/u003enfor a child who has lost his\/her faith.u003cbr \/u003enfor a coworker who has cancer,u003cbr \/u003enor for any of life's most important moments.u003c\/pu003enu003cdivu003enu003cpu003eAleteia has partnered with 550 monasteriesu003cbr \/u003ento support your particularu003cbr \/u003enprayer intentions.u003c\/pu003enu003cdivu003eYou can share your prayer intentionsu003cbr \/u003enfrom your account profileu003cbr \/u003enas soon as you become an Aleteia Premium member;u003cbr \/u003enyour prayers will be remembered by monks and nuns during their liturgies.u003c\/divu003enu003c\/divu003en\",\"prayer_intentions_text\":\"\",\"prayer_intentions_text_desktop\":\"\",\"pre_advantages\":\"u003cp style=\"margin: 0\"u003eu003cspan style=\"font-size: 18px;color: #00214d\"u003eAbonnez-vous gratuitement \u00e0u003cbr \/u003enu003c\/spanu003eu003c\/pu003en\",\"pre_advantages2\":\"u003cp style=\"margin: 0\"u003eu003cspan style=\"font-size: 18px;color: #00214d\"u003eAleteia Premiumu003c\/spanu003eu003c\/pu003en\",\"pre_advantages2_desktop\":\"\",\"pre_advantages_desktop\":\"u003cpu003eu003cspan style=\"font-size: 20px;color: #00214d\"u003eAbonnez-vous gratuitement \u00e0 Aleteia Premiumu003c\/spanu003eu003c\/pu003en\",\"premium_offer\":\"u003cpu003eu003cspan style=\"font-size: 18px;color: #000000\"u003eDiscover all of these benefits:u003c\/spanu003eu003c\/pu003enu003cpu003eu003cspan style=\"font-size: 13px;font-family: 'Roboto Condensed';color: #000000\"u003eu003cstrongu003eAucun engagementu003c\/strongu003e : vous pouvez r\u00e9silier \u00e0 tout momentu003cbr \/u003enu003c\/spanu003eu003c\/pu003en\",\"premium_offer_app\":\"u003cpu003eDevenez membre de la communaut\u00e9 Aleteia !u003c\/pu003enu003cpu003eAbonnez-vous gratuitement \u00e0u003c\/pu003enu003cpu003e u003c\/pu003en\",\"premium_offer_desktop\":\"u003cpu003eu003cspan style=\"font-size: 20px;color: #000000\"u003eDiscover all of these benefits:u003c\/spanu003eu003c\/pu003enu003cpu003eu003cspan style=\"font-size: 16px;font-family: 'Roboto Condensed';color: #000000\"u003eu003cstrongu003eAucun engagementu003c\/strongu003e : vous pouvez r\u00e9silier \u00e0 tout momentu003c\/spanu003eu003c\/pu003en\",\"subscribe_for_free\":\"u003cpu003eu003cspan style=\"font-family: georgia, palatino;font-size: 17px;color: #000000;text-align: center\"u003eFree! - Without any commitmentu003cbr \/u003enYou can cancel anytimeu003c\/spanu003eu003c\/pu003en\",\"subscribe_for_free_desktop\":\"u003cpu003eu003cspan style=\"color: #000000;font-family: georgia, palatino;text-align: center\"u003eu003cspan style=\"font-size: 23px\"u003eFree! - Without any commitmentu003cbr \/u003enu003c\/spanu003eu003cspan style=\"font-size: 23px\"u003eYou can cancel anytimeu003c\/spanu003eu003cstrongu003eu003cspan style=\"font-size: 23px\"u003eu003cbr \/u003enu003c\/spanu003eu003c\/strongu003eu003c\/spanu003eu003c\/pu003en\",\"support_aleteia\":\"u003cpu003eu003cspan style=\"font-size: 16px;color: #00214d\"u003eu003cemu003eu003cstrongu003eSupport Aleteia mission u003c\/strongu003eu003c\/emu003eu003c\/spanu003eu003cbr \/u003enu003cspan style=\"font-size: 16px;color: #00214d\"u003eu003cemu003eu003cstrongu003eand its editorial staff of 75 journalists!u003c\/strongu003eu003c\/emu003eu003c\/spanu003eu003c\/pu003en\",\"support_aleteia_desktop\":\"u003cpu003eu003cspan style=\"font-size: 22px;color: #00214d\"u003eu003cemu003eu003cstrongu003eSupport Aleteia missionu003c\/strongu003eu003c\/emu003eu003c\/spanu003eu003cbr \/u003enu003cspan style=\"font-size: 22px;color: #00214d\"u003eu003cemu003eu003cstrongu003eand its editorial staff of 75 journalists!u003c\/strongu003eu003c\/emu003eu003c\/spanu003eu003c\/pu003en\",\"terms_conditions\":\"u003cpu003eu003cspan style=\"font-size: 14px\"u003eu003cstrongu003eu003cspan style=\"font-family: 'Roboto Condensed';color: #000000\"u003eOur email address, in case you have any concerns or questions: u003ca style=\"color: #005cc8\" href=\"mailto:premium@aleteia.org\"u003epremium@aleteia.orgu003c\/au003eu003c\/spanu003eu003c\/strongu003eu003c\/spanu003eu003c\/pu003en\",\"terms_conditions_desktop\":\"\",\"payment_app\":\"bottom_note\":\"u003cpu003eu003cspan style=\"font-family: 'Roboto Condensed';font-size: 12px;color: #575757\"u003eMissing text hereu003c\/spanu003eu003c\/pu003en\",\"bottom_note_desktop\":\"\",\"cta_label\":\"Pay now\",\"cta_label_2\":\"\",\"cta_link\":\"\",\"cta_link_2\":\"\",\"fiscal_deduction\":\"\",\"fiscal_deduction_desktop\":\"\",\"message\":\"u003cpu003eu003cemu003eu003cstrongu003eu003cspan style=\"font-size: 23px\"u003eSi le paiement n\u2019aboutit pas, vous pouvez faire une nouvelle tentative en cliquant ci-dessous :u003c\/spanu003eu003c\/strongu003eu003c\/emu003eu003c\/pu003en\",\"message_desktop\":\"\",\"top_note\":\"u003cpu003eu003cspan style=\"font-weight: 400\"u003eVotre r\u00e9glement est en cours de traitementu003c\/spanu003eu003c\/pu003en\",\"top_note_desktop\":\"\",\"payment_confirmed\":\"bottom_note\":\"u003cpu003eu003cspan style=\"font-family: georgia, palatino;font-size: 14px;color: #000000\"u003e*For tax-free donations, a receipt will be sent to you and you can make the apporiate deductions from your taxes.u003c\/spanu003eu003c\/pu003enu003cpu003eu003cstrongu003eu003cspan style=\"font-family: 'Roboto Condensed';font-size: 13px;color: #000000\"u003eOur email address, in case you have any concerns or questions: u003ca href=\"mailto:premium@aleteia.org\"u003epremium@aleteia.orgu003c\/au003eu003c\/spanu003eu003c\/strongu003eu003c\/pu003en\",\"bottom_note_desktop\":\"\",\"cta_label\":\"I'd like to make a tax-free* donation.\",\"cta_label_2\":\"\",\"cta_link\":\" you would like to take advantage of your process to makeu003cbr \/u003ena tax-free donation to Aleteia, please click here:u003c\/pu003en\",\"fiscal_deduction_desktop\":\"\",\"message\":\"u003cpu003eu003cspan style=\"font-size: 23px\"u003eu003cstrongu003eThank you u003c\/strongu003eu003c\/spanu003eu003cbr \/u003enu003cspan style=\"font-size: 23px\"u003efor your support of Aleteia!u003c\/spanu003eu003c\/pu003enu003cp style=\"line-height: 19px\"u003eu003cemu003eu003cspan style=\"font-size: 14px\"u003eYou can start enjoying your Premium membership right away!u003c\/spanu003eu003c\/emu003eu003c\/pu003enu003cp style=\"line-height: 21px\"u003eu003cspan style=\"font-size: 14px;font-family: 'Roboto Condensed';color: #000000\"u003eInvite your friends and family members to become Aleteia Premium members!u003c\/spanu003eu003cbr \/u003enu003cspan style=\"font-size: 14px;font-family: 'Roboto Condensed';color: #000000\"u003eWith your help the little mustard seed of our online community will be able to grow and bear fruit. u003c\/spanu003eu003c\/pu003en\",\"message_desktop\":\"\",\"top_note\":\"u003cpu003eYour registration has been confirmedu003c\/pu003enu003cpu003eYou are an Aleteia Premium member!u003c\/pu003en\",\"top_note_desktop\":\"u003cpu003eThank youu003c\/pu003en\",\"payment_rejected\":\"bottom_note\":\"u003cpu003eu003cspan style=\"font-weight: 400;font-family: 'Roboto Condensed';font-size: 12px\"u003eSi le probl\u00e8me persiste, n\u2019h\u00e9sitez pas \u00e0 nous contacter \u00e0 l\u2019adresse suivante : premium@aleteia.orgu003c\/spanu003eu003c\/pu003en\",\"bottom_note_desktop\":\"u003cpu003eu003cspan style=\"font-weight: 400;font-family: 'Roboto Condensed';font-size: 12px\"u003eSi le probl\u00e8me persiste, n\u2019h\u00e9sitez pas \u00e0 nous contacter \u00e0 l\u2019adresse suivante : premium@aleteia.orgu003c\/spanu003eu003c\/pu003en\",\"cta_label\":\"Nouvelle tentative de paiement\",\"cta_label_2\":\"\",\"cta_link\":\"\/payment\/\",\"cta_link_2\":\"\",\"fiscal_deduction\":\"\",\"fiscal_deduction_desktop\":\"\",\"message\":\"u003cpu003eu003cspan style=\"font-size: 23px\"u003eu003cstrongu003eVotre paiement n\u2019a pas pu \u00eatre valid\u00e9.u003c\/strongu003eu003c\/spanu003eu003c\/pu003enu003ch1u003eu003cemu003eu003cspan style=\"font-weight: 400;font-size: 14px\"u003eSi vous le souhaitez, vous pouvez faire une nouvelle tentative en cliquant ci-dessous :u003c\/spanu003eu003c\/emu003eu003c\/h1u003en\",\"message_desktop\":\"u003cpu003eu003cspan style=\"font-size: 27px\"u003eu003cstrongu003eVotre paiement n\u2019a pas pu \u00eatre valid\u00e9.u003c\/strongu003eu003c\/spanu003eu003c\/pu003enu003ch1u003eu003cspan style=\"font-size: 16px\"u003eu003cemu003eu003cspan style=\"font-weight: 400\"u003eSi vous le souhaitez, vous pouvez faire une nouvelle tentativeu003cbr \/u003enen cliquant ci-dessous :u003c\/spanu003eu003c\/emu003eu003c\/spanu003eu003c\/h1u003en\",\"top_note\":\"u003cpu003eu003cemu003eu003cstrongu003eu003cspan style=\"color: #00214d\"u003eUne erreur s\u2019est produite.u003c\/spanu003eu003c\/strongu003eu003c\/emu003eu003c\/pu003en\",\"top_note_desktop\":\"u003cpu003eu003cspan style=\"font-size: 20px\"u003eu003cemu003eu003cstrongu003eu003cspan style=\"color: #00214d\"u003eUne erreur s\u2019est produite.u003c\/spanu003eu003c\/strongu003eu003c\/emu003eu003c\/spanu003eu003c\/pu003en\",\"plans\":[\"active\":\"1\",\"plan_duration\":\"monthly\",\"product\":\"FR_M_1_P\",\"product_label\":\"0,99 \u20ac par mois\",\"store\":\"apple\",\"active\":\"1\",\"plan_duration\":\"monthly\",\"product\":\"fr_m_1\",\"product_label\":\"0,99 \u20ac par mois\",\"store\":\"google\",\"active\":\"1\",\"plan_duration\":\"yearly\",\"product\":\"FR_A_10_P\",\"product_label\":\"9,99 \u20ac par an\",\"product_label_app\":\"9,99 \u20ac par an\",\"store\":\"apple\",\"active\":\"1\",\"plan_duration\":\"yearly\",\"product\":\"fr_a_10\",\"product_label\":\"9,99 \u20ac par an\",\"product_label_app\":\"9,99 \u20ac par an\",\"store\":\"google\",\"active\":\"1\",\"plan_duration\":\"monthly\",\"product\":\"FR_M_1_W\",\"product_label\":\"Yes! I'll join Aleteia Premium!\",\"product_label_app\":\"Yes! I'll join Aleteia Premium!\",\"store\":\"web\",\"stripe_id\":\"price_1IgWU6LrboGMNuFqdw2YVfl7\",\"active\":\"1\",\"plan_duration\":\"yearly\",\"product\":\"FR_A_10_W\",\"product_label\":\"10 \u20ac par an par ch\u00e8que ou carte bancaire*\",\"product_label_app\":\"10 \u20ac par an par ch\u00e8que ou carte bancaire*\",\"store\":\"web\",\"stripe_id\":\"price_1IpVQuLrboGMNuFqtA6LtJaO\"],\"single_post\":\"article_reserved\":\"u003cpu003eu003cstrongu003eu003cspan style=\"color: #00214d;font-size: 18px\"u003eThe following is reserved for Aleteia Premium membersu003c\/spanu003eu003c\/strongu003eu003c\/pu003en\",\"article_reserved_desktop\":\"u003cpu003eu003cstrongu003eu003cspan style=\"color: #00214d;font-size: 20px\"u003eThe following is reserved for Aleteia Premium membersu003c\/spanu003eu003c\/strongu003eu003c\/pu003en\",\"cta_label\":\"Yes, register me for Aleteia Premium for free!\",\"cta_link\":\"\/register\",\"subscriptions\":\"cta_after\":\"u003cpu003eThe information collected on this form is recorded by Aleteia to register you as a Premium member.u003c\/pu003enu003cpu003eYou can exercise your right to access and modify your personal data by contacting u003ca href=\"mailto:premium@aleteia.org\" style=\"color: #005cc8\"u003epremium@aleteia.orgu003c\/au003e.u003c\/pu003enu003cpu003eFor more information, please access the u003ca style=\"color: #005cc8\" href=\" for the protection of personal datau003c\/au003e.u003c\/pu003en\",\"cta_after_app\":\"u003cpu003eThe information collected on this form is recorded by Aleteia to register you as a Premium member.u003c\/pu003enu003cpu003eYou can exercise your right to access and modify your personal data by contacting u003ca style=\"color: #005cc8\" href=\"mailto:premium@aleteia.org\"u003epremium@aleteia.orgu003c\/au003e.u003c\/pu003enu003cpu003eFor more information, please access the u003ca href=\" for the protection of personal datau003c\/au003e.u003c\/pu003en\",\"cta_before\":\"u003cpu003eApr\u00e8s avoir accept\u00e9 les u003ca href=\" G\u00e9n\u00e9rales de Venteu003c\/uu003eu003c\/au003e et avoir pay\u00e9 le prix de ma commande, j'accepte express\u00e9ment d'acc\u00e9der \u00e0 la lecture du contenu que j'ai command\u00e9 et je renonce express\u00e9ment \u00e0 mon droit de r\u00e9tractation de 14 jours.u003c\/pu003en\",\"cta_before_app\":\"u003cpu003eVous pouvez acc\u00e9der aux conditions g\u00e9n\u00e9rales de vente en cliquant u003ca href=\"https:\/\/fr-staging.aleteia.org\/wp-content\/uploads\/sites\/6\/2021\/06\/conditions-generales-abonnement-aleteia.pdf\"u003eu003cuu003eICIu003c\/uu003eu003c\/au003eu003c\/pu003en\",\"title_list\":[\"title_name\":\"Father\",\"title_name\":\"Sister\",\"title_name\":\"Brother\",\"title_name\":\"Bishop\",\"title_name\":\"Monsignor\",\"title_name\":\"Deacon\",\"title_name\":\"Dr.\",\"title_name\":\"Prof.\",\"title_name\":\"Hon.\"],\"translations\":\"account_button\":\"My account\",\"addcomment_commentbutton\":\"Add a comment\",\"addcomment_subscriber\":\"Add a comment\",\"addcomment_writecomment\":\"Write a comment\",\"aleteia_premium_next_logo\":\"Aleteia Premium\",\"all_saints_disclaimer_1\":\"Aleteia Premium is u003cbu003e100% freeu003c\/bu003e.\",\"all_saints_submit\":\"Yes! I want to join Aleteia Premium!\",\"all_saints_title_1\":\"Join our Aleteia Premium Community [logo_premium]\",\"all_saints_title_2\":\"to share your prayer intentions\",\"already_subscribed\":\"Already a member?\",\"answer\":\"Reply\",\"article_reserved_subscribers\":null,\"back\":\"back\",\"become_premium_app\":\"Yes! I'll join Aleteia Premium!\",\"close\":\"close\",\"comment\":\"Comment\",\"comment_0\":\"Comments\",\"comments\":\"Comments\",\"comments_disclaimer_text_1\":\"NOTE: Please comment with a spirit of respect and charity. Aleteia reserves the right to not publish, or remove after publication, any comment, as we deem fit.\",\"comments_load_more_button\":\"See more\",\"comments_not_logged_already_member\":\"You are already a member?\",\"comments_not_logged_disclaimer_1\":\"Comment sections are exclusively for Aleteia Premium members\",\"comments_submit_button\":\"Publish the comment\",\"comments_textarea_placeholder\":\"Write a comment\",\"comments_view_more\":null,\"confirmation_top_note_row_1\":\"Your registration has been validated\",\"confirmation_top_note_row_2\":\"Welcome to Aleteia Premium!\",\"delete_my_account\":\"Delete my account\",\"donate_button\":\"Donate\",\"error_email_already_exists\":\"This email already exists\",\"error_email_invalid\":\"Invalid email\",\"error_emails_dont_match\":\"Email doesn't match\",\"error_empty_field\":null,\"error_password_too_short\":\"The password must be at least 8 characters\",\"error_passwords_dont_match\":\"The password doesn't match\",\"error_wrong_email\":\"The email does not match\",\"error_wrong_email_password\":\"wrong password\",\"error_wrong_password\":\"The password does not match\",\"field_optional\":\"Optional\",\"field_required\":\"Required\",\"following_advantges\":\"Discover all of these benefits:\",\"link_change_subscription\":\" in\",\"login_button_alt\":\"Log in\",\"login_form_email\":\"Email address\",\"login_form_password\":\"Password\",\"logout_button\":\"Log out\",\"modify_account_top_sentence\":null,\"modify_account_top_sentence_2_row\":null,\"multianswer\":\"%s Replies\",\"newsletter_checkbox_label\":null,\"next\":\"next\",\"or\":\"or\",\"partner_checkbox_label\":\"Yes, I would like to receive offers from Aleteia's partners\",\"prayer_intention_label\":\"Share my prayer intentions\",\"prayer_intention_label_row_2\":\"with Aleteia's partner monasteries.\",\"prayer_intention_link\":\" offers you\",\"premium_member\":\"Premium Member\",\"premium_subtitle\":\"This article is reserved for Aleteia Premium members\",\"premium_wall_text_1\":\"Already an Aleteia Premium member [logo_premium] ?\",\"premium_wall_text_10\":\"It's *FREE* and there's no commitment\",\"premium_wall_text_2\":\"to share your Prayer intentions\",\"premium_wall_text_3\":\"Not an Aleteia Premium member [logo_premium] ?\",\"premium_wall_text_4\":\"Become an Aleteia Premium member today!\",\"premium_wall_text_5\":\"You can cancel anytime\",\"premium_wall_text_6\":\"By becoming an Aleteia Premium member [logo_premium]\",\"premium_wall_text_7\":\"you join a community that promotes Christian values\",\"premium_wall_text_8\":\"Discover all of these benefits:\",\"premium_wall_text_9\":\"Log in\",\"profile_above_flags_optional\":\"You can change your choices now. Additional changes can be made at any time from your account management page.\",\"profile_add_list_desc\":\"You can choose which Aleteia newsletters you receive from the following list:\",\"profile_delete_list\":\"Remove\",\"profile_flag_not_subscribe_newsletter\":\"I do not wish to receive the daily newsletter\",\"profile_flag_not_subscribe_newsletter_imedia\":\"I do not wish to receive the newsletter \"The Vatican Letter\"\",\"profile_form_address\":\"Street Address\",\"profile_form_city\":\"City\",\"profile_form_confirm_email\":\"Confirm email\",\"profile_form_confirm_password\":\"Confirm Password\",\"profile_form_country\":\"Country\",\"profile_form_email\":\"Email address\",\"profile_form_name\":\"First Name\",\"profile_form_nickname\":\"Nickname (Optional)\",\"profile_form_notice\":null,\"profile_form_password\":\"Password\",\"profile_form_phone\":\"Telephone\",\"profile_form_postcode\":\"Zip code\",\"profile_form_surname\":\"Last Name\",\"profile_form_title_father\":\"Father\",\"profile_form_title_mr\":\"Mr.\",\"profile_form_title_ms\":\"Miss\/Mrs.\",\"profile_form_title_select_custom\":\"Other\",\"profile_form_title_sister\":\"Sister\",\"report\":\"Report\",\"save\":\"Submit\",\"subscribe_button\":\"Register\",\"subscribe_button_2ndrow\":\"(for FREE)\",\"subscribe_button_alt\":\"Become an Aleteia Premium member - for FREE!\",\"subscribe_button_alt_content\":null,\"subscription_breadcrumbs_confirmation\":\"Confirmation\",\"subscription_breadcrumbs_payment\":null,\"subscription_breadcrumbs_registration\":\"Your information\",\"support_christian_media\":\"Support media that promotes Christian values\",\"view_account_edit_confirm_new_email\":\"Confirm your new email\",\"view_account_edit_confirm_new_password\":\"Confirm new password\",\"view_account_edit_current_email\":\"Current e-mail address\",\"view_account_edit_current_password\":\"Current password\",\"view_account_edit_new_email\":\"New e-mail address\",\"view_account_edit_new_password\":\"New password\",\"view_account_edit_newsletter_checkbox_daily\":\"I do not wish to receive the daily newsletter\",\"view_account_edit_newsletter_checkbox_weekly_row_1\":null,\"view_account_edit_newsletter_checkbox_weekly_row_2\":null,\"view_account_edit_save\":\"Submit\",\"view_account_edit_section_email\":\"Your e-mail address\",\"view_account_edit_section_password\":\"Password\",\"view_account_edit_section_profile\":\"Your details\",\"view_account_edit_title\":\"Manage your information\",\"view_account_edit_title_newsletter_daily\":\"I do not wish to receive the daily newsletter\",\"view_account_edit_title_newsletter_weekly_1\":null,\"view_account_edit_title_newsletter_weekly_2\":null,\"view_account_nl_add_btn\":\"Add\",\"view_account_nl_select_list\":\"Select from the list\",\"view_account_nonldata\":\"Please be patient and allow a few moments for your changes to appear.\",\"view_account_not_subscribed\":null,\"view_account_on_trial\":null,\"view_account_restore_purchase\":null,\"view_account_save_prefs\":\"Save my preferences\",\"view_account_section_desc_newsletter\":\"To manage your newsletter subscritions, please contact us:\",\"view_account_section_desc_newsletter_2\":\"Your current subscriptions:\",\"view_account_section_desc_prayer_intentions\":\"\",\"view_account_section_desc_prayer_link\":\"\",\"view_account_section_desc_prayer_link_label\":\"\",\"view_account_section_desc_profile\":\"Access and manage all your account information.\",\"view_account_section_desc_subscription\":\"You are a member\",\"view_account_section_link_newsletter\":\"premium@aleteia.org\",\"view_account_section_link_profile\":\"Manage your data\",\"view_account_section_link_subscription\":\"Manage your membership\",\"view_account_section_title_newsletter\":\"Your newsletters\",\"view_account_section_title_profile\":\"Your information\",\"view_account_section_title_subscription\":\"Aleteia Premium\",\"view_account_subscribed\":\"Aleteia Premium Member\",\"view_account_title\":\"My account\",\"view_confirmation_continue_reading_button\":\"Continue reading\",\"view_login_already_subscribed\":\"Not an Aleteia Premium member? Register here - for FREE!\",\"view_login_forgot_password\":\"Forgot your password?\",\"view_login_remember_session\":\"Stay logged in\",\"view_login_submit_button\":\"Log in\",\"view_login_title\":\"Log in\",\"view_payment_card_cvc\":null,\"view_payment_card_expiration_date\":null,\"view_payment_card_number\":null,\"view_payment_contact_message\":null,\"view_payment_description\":null,\"view_payment_method\":null,\"view_payment_method_card\":null,\"view_payment_method_check\":null,\"view_payment_submit_button_monthly\":null,\"view_payment_submit_button_monthly_2\":\"Yes! I want the benefits of becoming an\",\"view_payment_submit_button_monthly_3\":\"Aleteia Premium member!\",\"view_payment_submit_button_monthly_4\":null,\"view_payment_submit_button_yearly\":null,\"view_payment_submit_button_yearly_2\":null,\"view_register_submit_button\":\"Submit\",\"view_reset_password_confirmation\":\"An email has been sent to your address to reset your password\",\"view_reset_password_submit_button\":\"Reset your password\",\"view_reset_password_title\":\"Reset your password\",\"viewcomment_writecomment\":\"Write a comment\",\"analytics\":\"pageviews\":\"googleTagManagerAnalytics\":true,\"ontheioAnalytics\":true,\"events\":\"googleTagManagerAnalytics\":true,\"googleTagManagerAnalytics\":\"containerId\":\"GTM-5897WKT\",\"router\":\"link\":\"\/2024\/05\/31\/longest-serving-flight-attendant-was-a-committed-catholic\/\",\"state\":,\"autoFetch\":true,\"ontheioAnalytics\":\"id\":\"LIIWj5ynD3B0\",\"promotions\":\"right_banners_ap_item_name\":\"donation\",\"right_banners_ap_promotion_name\":\"support_aleteia\",\"ap_item_name\":\"donation\",\"ap_promotion_name\":\"support_aleteia_patron\"}<\/script><script async src=\"\/\/www.instagram.com\/embed.js\"><\/script><\/p>\n<h2> \u00c9lever nos pri\u00e8res pour notre entourage au Seigneur au lever du jour.<\/h2>\n<p>L\u2019ultime finale section de la pri\u00e8re du matin consiste \u00e0 prier pour nos amis, notre famille, nos coll\u00e8gues et notre propre communaut\u00e9. Nous pouvons prier pour leur propre, leur bien-\u00eatre, leur s\u00fbret\u00e9, et leur abondance. Nous pouvons \u00e9galement prier pour nos d\u00e9tracteurs et pour ceux qui nous ont bless\u00e9s, et demander \u00e0 Dieu de nous aider \u00e0 leur pardonner et \u00e0 leur d\u00e9montrer la compassion.<\/p>\n<h3> Implorer pour la bien-\u00eatre et la s\u00e9curit\u00e9 de nos \u00eatres chers.<\/h3>\n<p>Seigneur, nous te confions nos amis, notre familles ainsi que nos compagnons. Veille, \u00f4 Dieu, au-dessus de eux, et pr\u00e9serve -les de tout p\u00e9ril et de toute maladie. Offre, Dieu mis\u00e9ricordieux, une vigueur du corps avec de l\u2019esprit pour eux, et la paix au sein de leur esprit. Puisses-tu permettre ta b\u00e9n\u00e9diction puissante les \u00e2mes garde avec les personnes conduise chacun au long de cette journ\u00e9e, pour qu\u2019ils vivent dans la protection et la paix.<\/p>\n<p>Nous \u00e0 toi prions aussi pour notre enfants, Seigneur, afin qu\u2019ils grandissent dans leur foi ainsi que dans l\u2019amour de ton saint nom. Accorde, \u00d4 Dieu, la sagesse avec la force n\u00e9cessaires pour affronter les \u00e9preuves de la vie, et guide leurs pas sur le chemin de la v\u00e9rit\u00e9 et de la justice.<\/p>\n<p>Enfin, nous tous te prions en vue de nos amis ainsi que nos voisins, Seigneur, afin qu\u2019ils connaissent la joie de ton amour avec la s\u00e9r\u00e9nit\u00e9 de ton pardon. Accorde-leur, \u00d4 Dieu, de c\u0153urs bienveillants afin de partager avec ceux qui sont dans le besoin, et aussi mains accueillantes pour accueillir ceux qui seuls et abandonn\u00e9s.<\/p>\n<h3> Prier pour notre ennemis et aussi ceux qui sont nous autres ont offens\u00e9s. <\/h3>\n<p>Seigneur, J\u00e9sus, nous vous prions pour les n\u00f4tres ennemis et aussi pour ces que nous autres ont offens\u00e9s. Accorde-leur, \u00f4 J\u00e9sus, ta mis\u00e9ricorde ainsi que ton pardon, ainsi que ouvre leur c\u0153ur \u00e0 la lumi\u00e8re des ta v\u00e9rit\u00e9. Aide-nous, \u00d4 Seigneur, \u00e0 leur montrer de la compassion et aussi \u00e0 leur pardonner comme tu nous-m\u00eames as pardonn\u00e9. Que votre paix r\u00e8gne dans les n\u00f4tres c\u0153urs ainsi que que votre amour guide notre actions, pour que nous puissions vivre en harmonie avec tous ceux qui nous-m\u00eames entourent.<\/p>\n<h3> Comprendre la pri\u00e8re : <\/h3>\n<p>En conclusion, la pri\u00e8re nous reconna\u00eet notre mission tel que enfants de Dieu : se trouver des t\u00e9moin de sa lumi\u00e8re et de ses amour dans une \u00e9poque touch\u00e9e aux t\u00e9n\u00e8bres. \u00c0 travers notre discours et nos \u0153uvres, nous diffusons l\u2019\u00c9vangile de la s\u00e9r\u00e9nit\u00e9 et de la r\u00e9conciliation, amenant l\u2019esp\u00e9rance et la cicatrisation \u00e0 un milieu bris\u00e9.<\/p>\n<p>Dans l\u2019 spiritualit\u00e9 chr\u00e9tienne, le matin adopte une importance distincte, repr\u00e9sentant l\u2019 renouveau et la renaissance spirituelle. C\u2019est \u00e0 l\u2019aube de chaque journ\u00e9e que le c\u0153ur se dirige vers le Seigneur dans l\u2019oraison, recherchant \u00e0 devenir \u00e9clair\u00e9e par la lumi\u00e8re divine. La pratique des pri\u00e8res matinales se r\u00e9v\u00e8le essentiellement enracin\u00e9e dans le patrimoine chr\u00e9tienne, fournissant une p\u00e9riode exclusif pour se connecter avec le Seigneur et se pr\u00e9parer int\u00e9rieurement aux d\u00e9fis de la journ\u00e9e qui vient.<\/p>\n<p>En l\u2019int\u00e9rieur au sein de ces pri\u00e8res matinales se rep\u00e8re habituellement une d\u00e9votion particuli\u00e8re envers Marie, la mam de J\u00e9sus et figure sainte ador\u00e9e aupr\u00e8s de de nombreux fid\u00e8les. En tant m\u00e8re m\u00e9diatrice parmi les hommes et Dieu, Marie est invoqu\u00e9e afin de m\u00e9dier en notre faveur, nous conduisant sur le sentier de la saintet\u00e9 et de la gr\u00e2ce divine. Ses pr\u00e9sentation maternelle fournit consolation et s\u00e9curit\u00e9, entourant nos oraisons matinales avec une d\u00e9licatesse c\u00e9leste.<\/p>\n<p>Au travers l\u2019 pri\u00e8re du matin, nous sommes invit\u00e9s pour nous unir \u00e0 Marie au sein de une d\u00e9marche de purification personnelle. Par m\u00e9ditant sur sa vie et ses vertus, nous explorons \u00e0 imiter son humilit\u00e9, sa puret\u00e9 et son ob\u00e9issance vers l\u2019 volont\u00e9 du Dieu. \u00c0 travers la saintet\u00e9 exemplaire, Marie est pour nous une mod\u00e8le de vie chr\u00e9tienne, on rappelant l\u2019importance du pri\u00e8re ainsi que du contemplation au sein de notre cheminement spirituel.<\/p>\n<p>Joignons nos c\u0153urs dans la pri\u00e8re du matin, dans l\u2019unit\u00e9 de notre confiance, en nous tournant vers Marie, la m\u00e8re de J\u00e9sus. Dans notre monde tourment\u00e9 par les conflits et la discorde, optons \u00e0 la pri\u00e8re comme un moyen pour trouver la s\u00e9r\u00e9nit\u00e9 et l\u2019harmonie. Il est possible \u00e9crire une intention de pri\u00e8re pour la Vierge Marie <a target=\"_blank\" rel=\"nofollow\" href=\"https:\/\/editionsbussiere.com\/blog\/goto\/https:\/\/www.avemariasound.org\/\" >grace \u00e0 internet.<\/a> Que nos supplications montent vers le ciel, comme une offrande re\u00e7u avec faveur par Dieu, pour qu\u2019il guide nous guider nos pas vers la voie de la justice et de la v\u00e9rit\u00e9. L\u2019ap\u00f4tre Paul nous dans ses \u00e9p\u00eetres \u00e0 prier sans cesse, en toutes circonstances, pour que notre connexion \u00e0 Dieu reste constante et ardente. La pri\u00e8re, quand elle est sinc\u00e8rement offerte, poss\u00e8de le pouvoir pour changer nos c\u0153urs et d\u2019influer le destin de l\u2019histoire.<\/p>\n<p>La oraison du matin se trouve \u00eatre un instant favoris\u00e9 pour se consacrer vers Dieu avec l\u2019intercession de Marie, en offrant nos louanges, nos remerciements ainsi que nos intentions les plus profondes. Au sein de la qui\u00e9tude de l\u2019aurore, on est invit\u00e9s \u00e0 se tourner \u00e0 cette maman sainte, laquelle nous guide avec tendresse au sujet de le chemin du la foi et l\u2019amour divin. \u00c0 travers faisant l\u2019union notre voix pour cette derni\u00e8re du Marie, on haussant nos pri\u00e8res matinales envers le tr\u00f4ne de la gr\u00e2ce, s\u00fbrs que nos supplications seront entendues et accueillies par le c\u0153ur mis\u00e9ricordieux de Dieu.<\/p>\n<h2> Pri\u00e8re pour le d\u00e9but de journ\u00e9e avec Dieu et la Vierge Marie<\/h2>\n<p>\u00d4 Tout-Puissant et Mis\u00e9ricordieux Seigneur, en ce matin qui s\u2019annonce sous la clart\u00e9 de ta lumi\u00e8re c\u00e9leste, je viens \u00e0 toi avec c\u0153ur rempli de confiance et d\u2019humilit\u00e9. Que cette jour qui commence soit consacr\u00e9e \u00e0 ta saintet\u00e9, que chaque pulsation de mon \u00eatre |chaque regard de mes yeux|chacune de mes paroles|chacun de mes gestes} te soit offert en offrande. Que chaque souffle qui anime mon corps soit un soupir de d\u00e9votion |un souffle vers toi|un souffle de vie en toi}. Suppliez, priez, priez, priez, que nos esprits s\u2019\u00e9l\u00e8vent.<\/p>\n<p>Comme Marie, la m\u00e8re bienheureuse qui a port\u00e9 en son sein l\u2019enfant J\u00e9sus, guide-moi dans ce voyage de foi et de d\u00e9votion. Que je puisse, en parcourant les pages de l\u2019\u00c9vangile, d\u00e9couvrir la lueur pour \u00e9clairer mes pas et fortifier ma foi. Comme Pierre, octroie-moi la puissance et la bravoure de surmonter les \u00e9preuves de ce monde avec une foi in\u00e9branlable en ta divine providence.<\/p>\n<p>Durant ce p\u00e9riode de Car\u00eame, o\u00f9 les croyants et les chr\u00e9tiennes se pr\u00e9parent \u00e0 c\u00e9l\u00e9brer la r\u00e9surrection de J\u00e9sus-Christ, octroie-moi, Seigneur, la b\u00e9n\u00e9diction de la renaissance spirituelle. Que mon esprit soit purifi\u00e9 de tout ce qui le souille, afin qu\u2019il devienne un temple digne de ta pr\u00e9sence. Que mes suppliques, inspir\u00e9e par l\u2019exemple de Fran\u00e7ois d\u2019Assise, sonne comme une m\u00e9lodie de louanges \u00e0 travers les si\u00e8cles.<br \/>\nSeigneur, que mon quotidien soit impr\u00e9gn\u00e9 de ta b\u00e9n\u00e9diction, que tous les moments soit une occasion de te rencontrer et de te servir dans mes prochains. Que ma vie soit un t\u00e9moignage vivant de ton amour infini pour tous. Puissent les mots de la pri\u00e8re de Hozana monter vers toi comme un doux parfum, enveloppant toute ma journ\u00e9e dans une ambiance de paix. Priez, \u00c9glise, Fran\u00e7ois, Hozana.<\/p>\n<p>Puissent mon c\u0153ur, Seigneur, devienne une manifestation du tien, rempli d\u2019amour, de compassion et de mis\u00e9ricorde envers autrui. Que chaque pens\u00e9e, chaque action soit guid\u00e9e par l\u2019Esprit divin, afin que je puisse contribuer \u00e0 l\u2019av\u00e8nement de ton r\u00e8gne de justice sur la terre.<\/p>\n<p>Puissent cette journ\u00e9e soit une nouvelle \u00e9tape dans mon cheminement spirituel, une opportunit\u00e9 de grandir dans la foi. Seigneur, poss\u00e8de mon c\u0153ur, transforme-le en ton sanctuaire, o\u00f9 ta pr\u00e9sence se manifeste en tout temps. Que chacun de mes battements de c\u0153ur se transforme en un chant \u00e0 ta gloire, \u00f4 Seigneur, pour l\u2019\u00e9ternit\u00e9. Amen.<\/p>\n<p>Pendant le r\u00e9veil religieux de tout \u00e2me chr\u00e9tienne, la pri\u00e8re joue. Celle-ci constitue le lien sacr\u00e9 intime entre le croyant de l\u2019\u00c9ternel et sa m\u00e8re c\u00e9leste, la Sainte M\u00e8re, la sainte interc\u00e8de pour le compte de nous en face de son divin Fils. Par le biais de l\u2019acte de pri\u00e8re, les croyants entrons au sein de la clart\u00e9 de la doctrine divine, guid\u00e9s sous le Saint-Esprit, afin de trouver la r\u00e9alit\u00e9 et la b\u00e9n\u00e9diction que J\u00e9sus nous accorde.<\/p>\n<h2>R\u00e9flexion de la sainte Parole divine : <\/h2>\n<p>On avons la capacit\u00e9 de ruminer au sujet de une portion religieux dont nous enseigne de la tendresse divin. \u00c0 titre illustratif :<\/p>\n<h3>1 Corinthiens 13, 1-8 : <\/h3>\n<p>\u00ab\u00a0Et quand je distribuerais tous mes biens pour la nourriture des pauvres, quand je livrerais m\u00eame mon corps pour \u00eatre br\u00fbl\u00e9, si je n\u2019ai pas l\u2019amour, cela ne me sert \u00e0 rien..\u00a0\u00bb<\/p>\n<p>Parutions:<\/p>\n<p>Tableaux po\u00e9tiques\/4 Le Convoi d\u2019Isabeau de Bavi\u00e8re.,<a target=\"_blank\" rel=\"nofollow\" href=\"https:\/\/editionsbussiere.com\/blog\/goto\/https:\/\/fr.wikisource.org\/wiki\/Tableaux_po%C3%A9tiques\/4_Le_Convoi_d%E2%80%99Isabeau_de_Bavi%C3%A8re\"  target=\"_blank\" rel=\"noopener noreferrer nofollow\">L\u2019article de presse.<\/a><span><\/span><\/p>\n<p>Les Quatre Pri\u00e8res dans la cath\u00e9drale de Chartres.,<a target=\"_blank\" rel=\"nofollow\" href=\"https:\/\/editionsbussiere.com\/blog\/goto\/https:\/\/fr.wikisource.org\/wiki\/Les_Quatre_Pri%C3%A8res_dans_la_cath%C3%A9drale_de_Chartres\"  target=\"_blank\" rel=\"noopener noreferrer nofollow\">Ici.<\/a><span><\/span><\/p>\n<p>Les Chants du bivouac\/Pri\u00e8re au \u00ab jeune Bon Dieu \u00bb.,<a target=\"_blank\" rel=\"nofollow\" href=\"https:\/\/editionsbussiere.com\/blog\/goto\/https:\/\/fr.wikisource.org\/wiki\/Les_Chants_du_bivouac\/Pri%C3%A8re_au_%C2%AB_jeune_Bon_Dieu_%C2%BB\"  target=\"_blank\" rel=\"noopener noreferrer nofollow\">Le dossier.<\/a><span><\/span>. Suite sur le prochain article.<\/p>\n<p>Le Roi vierge\/Livre 2, 1.,<a target=\"_blank\" rel=\"nofollow\" href=\"https:\/\/editionsbussiere.com\/blog\/goto\/https:\/\/fr.wikisource.org\/wiki\/Le_Roi_vierge\/Livre_2,_1\"  target=\"_blank\" rel=\"noopener noreferrer nofollow\">L\u2019article de presse.<\/a><span><\/span><\/p>\n<p>La Chute des vierges\/X.,<a target=\"_blank\" rel=\"nofollow\" href=\"https:\/\/editionsbussiere.com\/blog\/goto\/https:\/\/fr.wikisource.org\/wiki\/La_Chute_des_vierges\/X\"  target=\"_blank\" rel=\"noopener noreferrer nofollow\">Le post d\u2019actualit\u00e9.<\/a><span><\/span><\/p>\n<p>Description de Notre-Dame, cath\u00e9drale de Paris\/D\u00e9coration et ameublement.,<a target=\"_blank\" rel=\"nofollow\" href=\"https:\/\/editionsbussiere.com\/blog\/goto\/https:\/\/fr.wikisource.org\/wiki\/Description_de_Notre-Dame,_cath%C3%A9drale_de_Paris\/D%C3%A9coration_et_ameublement\"  target=\"_blank\" rel=\"noopener noreferrer nofollow\">Le post d\u2019actualit\u00e9.<\/a><span><\/span><\/p>\n<\/div>\n<p><img decoding=\"async\" class=\"wpe_imgrss\" src=\"https:\/\/editionsbussiere.com\/blog\/wp-content\/uploads\/2024\/05\/L39hotesse-de-l39air-la-plus-ancienne-etait-une-catholique-convaincue.jpg\">Cet article a \u00e9t\u00e9 reconstitu\u00e9 du mieux possible. Dans l\u2019hypoth\u00e8se o\u00f9 vous souhaitez apporter quelques modifications concernant le th\u00e8me \u00ab\u00a0Editions \u00e9sot\u00e9rique fond\u00e9e en 1927\u00a0\u00bb, il est possible de discuter avec notre r\u00e9daction. Vous pouvez tirer profit de cet article traitant le sujet \u00ab\u00a0Editions \u00e9sot\u00e9rique fond\u00e9e en 1927\u00a0\u00bb. Il est concoct\u00e9 par l\u2019\u00e9quipe editionsbussiere.com. Le site editionsbussiere.com est fait pour cr\u00e9er divers posts autour du th\u00e8me Editions \u00e9sot\u00e9rique fond\u00e9e en 1927 d\u00e9velopp\u00e9es sur internet. Consultez notre site internet editionsbussiere.com et nos r\u00e9seaux sociaux pour \u00eatre au courant des futures annonces.<\/p>\n","protected":false},"excerpt":{"rendered":"<p>Bette Nash a commenc\u00e9 comme \u00ab h\u00f4tesse de l&rsquo;air \u00bb en 1957 et a choisi d&rsquo;\u00eatre pr\u00e8s de chez elle pour \u00eatre avec son fils trisomique. Elle est d\u00e9c\u00e9d\u00e9e le 24 mai. Lorsqu&rsquo;elle a d\u00e9but\u00e9 sa carri\u00e8re, Bette Nash \u00e9tait connue comme h\u00f4tesse de l&rsquo;air. Elle servait du homard et du champagne sur les vols [&hellip;]<\/p>\n","protected":false},"author":3,"featured_media":711,"comment_status":"closed","ping_status":"closed","sticky":false,"template":"","format":"standard","meta":{"footnotes":""},"categories":[3],"tags":[],"class_list":["post-710","post","type-post","status-publish","format-standard","has-post-thumbnail","hentry","category-editions-esoterique-fondee-en-1927-depeches","entry","fw-tab-6 fw-tabr-4","has-featured-image"],"yoast_head":"<!-- This site is optimized with the Yoast SEO plugin v27.5 - https:\/\/yoast.com\/product\/yoast-seo-wordpress\/ -->\n<title>L&#039;h\u00f4tesse de l&#039;air la plus ancienne \u00e9tait une catholique convaincue avec une invocation matinale. - EDITIONSBUSSIERE<\/title>\n<meta name=\"robots\" content=\"index, follow, max-snippet:-1, max-image-preview:large, max-video-preview:-1\" \/>\n<link rel=\"canonical\" href=\"https:\/\/editionsbussiere.com\/blog\/lhotesse-de-lair-la-plus-ancienne-etait-une-catholique-convaincue-avec-une-invocation-matinale\/\" \/>\n<meta property=\"og:locale\" content=\"fr_FR\" \/>\n<meta property=\"og:type\" content=\"article\" \/>\n<meta property=\"og:title\" content=\"L&#039;h\u00f4tesse de l&#039;air la plus ancienne \u00e9tait une catholique convaincue avec une invocation matinale. - EDITIONSBUSSIERE\" \/>\n<meta property=\"og:description\" content=\"Bette Nash a commenc\u00e9 comme \u00ab h\u00f4tesse de l&rsquo;air \u00bb en 1957 et a choisi d&rsquo;\u00eatre pr\u00e8s de chez elle pour \u00eatre avec son fils trisomique. Elle est d\u00e9c\u00e9d\u00e9e le 24 mai. Lorsqu&rsquo;elle a d\u00e9but\u00e9 sa carri\u00e8re, Bette Nash \u00e9tait connue comme h\u00f4tesse de l&rsquo;air. Elle servait du homard et du champagne sur les vols [&hellip;]\" \/>\n<meta property=\"og:url\" content=\"https:\/\/editionsbussiere.com\/blog\/lhotesse-de-lair-la-plus-ancienne-etait-une-catholique-convaincue-avec-une-invocation-matinale\/\" \/>\n<meta property=\"og:site_name\" content=\"EDITIONSBUSSIERE\" \/>\n<meta property=\"article:published_time\" content=\"2024-05-31T16:15:58+00:00\" \/>\n<meta property=\"og:image\" content=\"https:\/\/editionsbussiere.com\/blog\/wp-content\/uploads\/2024\/05\/L39hotesse-de-l39air-la-plus-ancienne-etait-une-catholique-convaincue.jpg\" \/>\n<meta name=\"author\" content=\"Marie BATICLE\" \/>\n<meta name=\"twitter:card\" content=\"summary_large_image\" \/>\n<meta name=\"twitter:label1\" content=\"\u00c9crit par\" \/>\n\t<meta name=\"twitter:data1\" content=\"Marie BATICLE\" \/>\n\t<meta name=\"twitter:label2\" content=\"Dur\u00e9e de lecture estim\u00e9e\" \/>\n\t<meta name=\"twitter:data2\" content=\"13 minutes\" \/>\n<script type=\"application\/ld+json\" class=\"yoast-schema-graph\">{\"@context\":\"https:\\\/\\\/schema.org\",\"@graph\":[{\"@type\":\"Article\",\"@id\":\"https:\\\/\\\/editionsbussiere.com\\\/blog\\\/lhotesse-de-lair-la-plus-ancienne-etait-une-catholique-convaincue-avec-une-invocation-matinale\\\/#article\",\"isPartOf\":{\"@id\":\"https:\\\/\\\/editionsbussiere.com\\\/blog\\\/lhotesse-de-lair-la-plus-ancienne-etait-une-catholique-convaincue-avec-une-invocation-matinale\\\/\"},\"author\":{\"name\":\"Marie BATICLE\",\"@id\":\"https:\\\/\\\/editionsbussiere.com\\\/blog\\\/#\\\/schema\\\/person\\\/ec90e102792148c97e46ab871010dd8f\"},\"headline\":\"L&rsquo;h\u00f4tesse de l&rsquo;air la plus ancienne \u00e9tait une catholique convaincue avec une invocation matinale.\",\"datePublished\":\"2024-05-31T16:15:58+00:00\",\"mainEntityOfPage\":{\"@id\":\"https:\\\/\\\/editionsbussiere.com\\\/blog\\\/lhotesse-de-lair-la-plus-ancienne-etait-une-catholique-convaincue-avec-une-invocation-matinale\\\/\"},\"wordCount\":2652,\"publisher\":{\"@id\":\"https:\\\/\\\/editionsbussiere.com\\\/blog\\\/#organization\"},\"image\":{\"@id\":\"https:\\\/\\\/editionsbussiere.com\\\/blog\\\/lhotesse-de-lair-la-plus-ancienne-etait-une-catholique-convaincue-avec-une-invocation-matinale\\\/#primaryimage\"},\"thumbnailUrl\":\"https:\\\/\\\/editionsbussiere.com\\\/blog\\\/wp-content\\\/uploads\\\/2024\\\/05\\\/L39hotesse-de-l39air-la-plus-ancienne-etait-une-catholique-convaincue.jpg\",\"articleSection\":[\"Editions \u00c9sot\u00e9rique Fond\u00e9e En 1927; D\u00e9p\u00e8ches:\"],\"inLanguage\":\"fr-FR\"},{\"@type\":\"WebPage\",\"@id\":\"https:\\\/\\\/editionsbussiere.com\\\/blog\\\/lhotesse-de-lair-la-plus-ancienne-etait-une-catholique-convaincue-avec-une-invocation-matinale\\\/\",\"url\":\"https:\\\/\\\/editionsbussiere.com\\\/blog\\\/lhotesse-de-lair-la-plus-ancienne-etait-une-catholique-convaincue-avec-une-invocation-matinale\\\/\",\"name\":\"L'h\u00f4tesse de l'air la plus ancienne \u00e9tait une catholique convaincue avec une invocation matinale. - EDITIONSBUSSIERE\",\"isPartOf\":{\"@id\":\"https:\\\/\\\/editionsbussiere.com\\\/blog\\\/#website\"},\"primaryImageOfPage\":{\"@id\":\"https:\\\/\\\/editionsbussiere.com\\\/blog\\\/lhotesse-de-lair-la-plus-ancienne-etait-une-catholique-convaincue-avec-une-invocation-matinale\\\/#primaryimage\"},\"image\":{\"@id\":\"https:\\\/\\\/editionsbussiere.com\\\/blog\\\/lhotesse-de-lair-la-plus-ancienne-etait-une-catholique-convaincue-avec-une-invocation-matinale\\\/#primaryimage\"},\"thumbnailUrl\":\"https:\\\/\\\/editionsbussiere.com\\\/blog\\\/wp-content\\\/uploads\\\/2024\\\/05\\\/L39hotesse-de-l39air-la-plus-ancienne-etait-une-catholique-convaincue.jpg\",\"datePublished\":\"2024-05-31T16:15:58+00:00\",\"breadcrumb\":{\"@id\":\"https:\\\/\\\/editionsbussiere.com\\\/blog\\\/lhotesse-de-lair-la-plus-ancienne-etait-une-catholique-convaincue-avec-une-invocation-matinale\\\/#breadcrumb\"},\"inLanguage\":\"fr-FR\",\"potentialAction\":[{\"@type\":\"ReadAction\",\"target\":[\"https:\\\/\\\/editionsbussiere.com\\\/blog\\\/lhotesse-de-lair-la-plus-ancienne-etait-une-catholique-convaincue-avec-une-invocation-matinale\\\/\"]}]},{\"@type\":\"ImageObject\",\"inLanguage\":\"fr-FR\",\"@id\":\"https:\\\/\\\/editionsbussiere.com\\\/blog\\\/lhotesse-de-lair-la-plus-ancienne-etait-une-catholique-convaincue-avec-une-invocation-matinale\\\/#primaryimage\",\"url\":\"https:\\\/\\\/editionsbussiere.com\\\/blog\\\/wp-content\\\/uploads\\\/2024\\\/05\\\/L39hotesse-de-l39air-la-plus-ancienne-etait-une-catholique-convaincue.jpg\",\"contentUrl\":\"https:\\\/\\\/editionsbussiere.com\\\/blog\\\/wp-content\\\/uploads\\\/2024\\\/05\\\/L39hotesse-de-l39air-la-plus-ancienne-etait-une-catholique-convaincue.jpg\",\"width\":620,\"height\":310,\"caption\":\"L39hotesse de l39air la plus ancienne etait une catholique convaincue\"},{\"@type\":\"BreadcrumbList\",\"@id\":\"https:\\\/\\\/editionsbussiere.com\\\/blog\\\/lhotesse-de-lair-la-plus-ancienne-etait-une-catholique-convaincue-avec-une-invocation-matinale\\\/#breadcrumb\",\"itemListElement\":[{\"@type\":\"ListItem\",\"position\":1,\"name\":\"Accueil\",\"item\":\"https:\\\/\\\/editionsbussiere.com\\\/blog\\\/\"},{\"@type\":\"ListItem\",\"position\":2,\"name\":\"L&rsquo;h\u00f4tesse de l&rsquo;air la plus ancienne \u00e9tait une catholique convaincue avec une invocation matinale.\"}]},{\"@type\":\"WebSite\",\"@id\":\"https:\\\/\\\/editionsbussiere.com\\\/blog\\\/#website\",\"url\":\"https:\\\/\\\/editionsbussiere.com\\\/blog\\\/\",\"name\":\"EDITIONSBUSSIERE\",\"description\":\"Editions \u00e9sot\u00e9rique fond\u00e9e en 1927; site historique, A SAVOIR ET RETENIR.\",\"publisher\":{\"@id\":\"https:\\\/\\\/editionsbussiere.com\\\/blog\\\/#organization\"},\"potentialAction\":[{\"@type\":\"SearchAction\",\"target\":{\"@type\":\"EntryPoint\",\"urlTemplate\":\"https:\\\/\\\/editionsbussiere.com\\\/blog\\\/?s={search_term_string}\"},\"query-input\":{\"@type\":\"PropertyValueSpecification\",\"valueRequired\":true,\"valueName\":\"search_term_string\"}}],\"inLanguage\":\"fr-FR\"},{\"@type\":\"Organization\",\"@id\":\"https:\\\/\\\/editionsbussiere.com\\\/blog\\\/#organization\",\"name\":\"editionsbussiere\",\"url\":\"https:\\\/\\\/editionsbussiere.com\\\/blog\\\/\",\"logo\":{\"@type\":\"ImageObject\",\"inLanguage\":\"fr-FR\",\"@id\":\"https:\\\/\\\/editionsbussiere.com\\\/blog\\\/#\\\/schema\\\/logo\\\/image\\\/\",\"url\":\"https:\\\/\\\/editionsbussiere.com\\\/blog\\\/wp-content\\\/uploads\\\/2023\\\/09\\\/cropped-buss.gif\",\"contentUrl\":\"https:\\\/\\\/editionsbussiere.com\\\/blog\\\/wp-content\\\/uploads\\\/2023\\\/09\\\/cropped-buss.gif\",\"width\":298,\"height\":120,\"caption\":\"editionsbussiere\"},\"image\":{\"@id\":\"https:\\\/\\\/editionsbussiere.com\\\/blog\\\/#\\\/schema\\\/logo\\\/image\\\/\"}},{\"@type\":\"Person\",\"@id\":\"https:\\\/\\\/editionsbussiere.com\\\/blog\\\/#\\\/schema\\\/person\\\/ec90e102792148c97e46ab871010dd8f\",\"name\":\"Marie BATICLE\",\"image\":{\"@type\":\"ImageObject\",\"inLanguage\":\"fr-FR\",\"@id\":\"https:\\\/\\\/secure.gravatar.com\\\/avatar\\\/c923e52403b1b8137e2d929127211d21967e6aecaa053bd43b09da29f212e76e?s=96&d=mm&r=g\",\"url\":\"https:\\\/\\\/secure.gravatar.com\\\/avatar\\\/c923e52403b1b8137e2d929127211d21967e6aecaa053bd43b09da29f212e76e?s=96&d=mm&r=g\",\"contentUrl\":\"https:\\\/\\\/secure.gravatar.com\\\/avatar\\\/c923e52403b1b8137e2d929127211d21967e6aecaa053bd43b09da29f212e76e?s=96&d=mm&r=g\",\"caption\":\"Marie BATICLE\"},\"url\":\"https:\\\/\\\/editionsbussiere.com\\\/blog\\\/author\\\/eremarie\\\/\"}]}<\/script>\n<!-- \/ Yoast SEO plugin. -->","yoast_head_json":{"title":"L'h\u00f4tesse de l'air la plus ancienne \u00e9tait une catholique convaincue avec une invocation matinale. - EDITIONSBUSSIERE","robots":{"index":"index","follow":"follow","max-snippet":"max-snippet:-1","max-image-preview":"max-image-preview:large","max-video-preview":"max-video-preview:-1"},"canonical":"https:\/\/editionsbussiere.com\/blog\/lhotesse-de-lair-la-plus-ancienne-etait-une-catholique-convaincue-avec-une-invocation-matinale\/","og_locale":"fr_FR","og_type":"article","og_title":"L'h\u00f4tesse de l'air la plus ancienne \u00e9tait une catholique convaincue avec une invocation matinale. - EDITIONSBUSSIERE","og_description":"Bette Nash a commenc\u00e9 comme \u00ab h\u00f4tesse de l&rsquo;air \u00bb en 1957 et a choisi d&rsquo;\u00eatre pr\u00e8s de chez elle pour \u00eatre avec son fils trisomique. Elle est d\u00e9c\u00e9d\u00e9e le 24 mai. Lorsqu&rsquo;elle a d\u00e9but\u00e9 sa carri\u00e8re, Bette Nash \u00e9tait connue comme h\u00f4tesse de l&rsquo;air. Elle servait du homard et du champagne sur les vols [&hellip;]","og_url":"https:\/\/editionsbussiere.com\/blog\/lhotesse-de-lair-la-plus-ancienne-etait-une-catholique-convaincue-avec-une-invocation-matinale\/","og_site_name":"EDITIONSBUSSIERE","article_published_time":"2024-05-31T16:15:58+00:00","og_image":[{"url":"https:\/\/editionsbussiere.com\/blog\/wp-content\/uploads\/2024\/05\/L39hotesse-de-l39air-la-plus-ancienne-etait-une-catholique-convaincue.jpg","type":"","width":"","height":""}],"author":"Marie BATICLE","twitter_card":"summary_large_image","twitter_misc":{"\u00c9crit par":"Marie BATICLE","Dur\u00e9e de lecture estim\u00e9e":"13 minutes"},"schema":{"@context":"https:\/\/schema.org","@graph":[{"@type":"Article","@id":"https:\/\/editionsbussiere.com\/blog\/lhotesse-de-lair-la-plus-ancienne-etait-une-catholique-convaincue-avec-une-invocation-matinale\/#article","isPartOf":{"@id":"https:\/\/editionsbussiere.com\/blog\/lhotesse-de-lair-la-plus-ancienne-etait-une-catholique-convaincue-avec-une-invocation-matinale\/"},"author":{"name":"Marie BATICLE","@id":"https:\/\/editionsbussiere.com\/blog\/#\/schema\/person\/ec90e102792148c97e46ab871010dd8f"},"headline":"L&rsquo;h\u00f4tesse de l&rsquo;air la plus ancienne \u00e9tait une catholique convaincue avec une invocation matinale.","datePublished":"2024-05-31T16:15:58+00:00","mainEntityOfPage":{"@id":"https:\/\/editionsbussiere.com\/blog\/lhotesse-de-lair-la-plus-ancienne-etait-une-catholique-convaincue-avec-une-invocation-matinale\/"},"wordCount":2652,"publisher":{"@id":"https:\/\/editionsbussiere.com\/blog\/#organization"},"image":{"@id":"https:\/\/editionsbussiere.com\/blog\/lhotesse-de-lair-la-plus-ancienne-etait-une-catholique-convaincue-avec-une-invocation-matinale\/#primaryimage"},"thumbnailUrl":"https:\/\/editionsbussiere.com\/blog\/wp-content\/uploads\/2024\/05\/L39hotesse-de-l39air-la-plus-ancienne-etait-une-catholique-convaincue.jpg","articleSection":["Editions \u00c9sot\u00e9rique Fond\u00e9e En 1927; D\u00e9p\u00e8ches:"],"inLanguage":"fr-FR"},{"@type":"WebPage","@id":"https:\/\/editionsbussiere.com\/blog\/lhotesse-de-lair-la-plus-ancienne-etait-une-catholique-convaincue-avec-une-invocation-matinale\/","url":"https:\/\/editionsbussiere.com\/blog\/lhotesse-de-lair-la-plus-ancienne-etait-une-catholique-convaincue-avec-une-invocation-matinale\/","name":"L'h\u00f4tesse de l'air la plus ancienne \u00e9tait une catholique convaincue avec une invocation matinale. - EDITIONSBUSSIERE","isPartOf":{"@id":"https:\/\/editionsbussiere.com\/blog\/#website"},"primaryImageOfPage":{"@id":"https:\/\/editionsbussiere.com\/blog\/lhotesse-de-lair-la-plus-ancienne-etait-une-catholique-convaincue-avec-une-invocation-matinale\/#primaryimage"},"image":{"@id":"https:\/\/editionsbussiere.com\/blog\/lhotesse-de-lair-la-plus-ancienne-etait-une-catholique-convaincue-avec-une-invocation-matinale\/#primaryimage"},"thumbnailUrl":"https:\/\/editionsbussiere.com\/blog\/wp-content\/uploads\/2024\/05\/L39hotesse-de-l39air-la-plus-ancienne-etait-une-catholique-convaincue.jpg","datePublished":"2024-05-31T16:15:58+00:00","breadcrumb":{"@id":"https:\/\/editionsbussiere.com\/blog\/lhotesse-de-lair-la-plus-ancienne-etait-une-catholique-convaincue-avec-une-invocation-matinale\/#breadcrumb"},"inLanguage":"fr-FR","potentialAction":[{"@type":"ReadAction","target":["https:\/\/editionsbussiere.com\/blog\/lhotesse-de-lair-la-plus-ancienne-etait-une-catholique-convaincue-avec-une-invocation-matinale\/"]}]},{"@type":"ImageObject","inLanguage":"fr-FR","@id":"https:\/\/editionsbussiere.com\/blog\/lhotesse-de-lair-la-plus-ancienne-etait-une-catholique-convaincue-avec-une-invocation-matinale\/#primaryimage","url":"https:\/\/editionsbussiere.com\/blog\/wp-content\/uploads\/2024\/05\/L39hotesse-de-l39air-la-plus-ancienne-etait-une-catholique-convaincue.jpg","contentUrl":"https:\/\/editionsbussiere.com\/blog\/wp-content\/uploads\/2024\/05\/L39hotesse-de-l39air-la-plus-ancienne-etait-une-catholique-convaincue.jpg","width":620,"height":310,"caption":"L39hotesse de l39air la plus ancienne etait une catholique convaincue"},{"@type":"BreadcrumbList","@id":"https:\/\/editionsbussiere.com\/blog\/lhotesse-de-lair-la-plus-ancienne-etait-une-catholique-convaincue-avec-une-invocation-matinale\/#breadcrumb","itemListElement":[{"@type":"ListItem","position":1,"name":"Accueil","item":"https:\/\/editionsbussiere.com\/blog\/"},{"@type":"ListItem","position":2,"name":"L&rsquo;h\u00f4tesse de l&rsquo;air la plus ancienne \u00e9tait une catholique convaincue avec une invocation matinale."}]},{"@type":"WebSite","@id":"https:\/\/editionsbussiere.com\/blog\/#website","url":"https:\/\/editionsbussiere.com\/blog\/","name":"EDITIONSBUSSIERE","description":"Editions \u00e9sot\u00e9rique fond\u00e9e en 1927; site historique, A SAVOIR ET RETENIR.","publisher":{"@id":"https:\/\/editionsbussiere.com\/blog\/#organization"},"potentialAction":[{"@type":"SearchAction","target":{"@type":"EntryPoint","urlTemplate":"https:\/\/editionsbussiere.com\/blog\/?s={search_term_string}"},"query-input":{"@type":"PropertyValueSpecification","valueRequired":true,"valueName":"search_term_string"}}],"inLanguage":"fr-FR"},{"@type":"Organization","@id":"https:\/\/editionsbussiere.com\/blog\/#organization","name":"editionsbussiere","url":"https:\/\/editionsbussiere.com\/blog\/","logo":{"@type":"ImageObject","inLanguage":"fr-FR","@id":"https:\/\/editionsbussiere.com\/blog\/#\/schema\/logo\/image\/","url":"https:\/\/editionsbussiere.com\/blog\/wp-content\/uploads\/2023\/09\/cropped-buss.gif","contentUrl":"https:\/\/editionsbussiere.com\/blog\/wp-content\/uploads\/2023\/09\/cropped-buss.gif","width":298,"height":120,"caption":"editionsbussiere"},"image":{"@id":"https:\/\/editionsbussiere.com\/blog\/#\/schema\/logo\/image\/"}},{"@type":"Person","@id":"https:\/\/editionsbussiere.com\/blog\/#\/schema\/person\/ec90e102792148c97e46ab871010dd8f","name":"Marie BATICLE","image":{"@type":"ImageObject","inLanguage":"fr-FR","@id":"https:\/\/secure.gravatar.com\/avatar\/c923e52403b1b8137e2d929127211d21967e6aecaa053bd43b09da29f212e76e?s=96&d=mm&r=g","url":"https:\/\/secure.gravatar.com\/avatar\/c923e52403b1b8137e2d929127211d21967e6aecaa053bd43b09da29f212e76e?s=96&d=mm&r=g","contentUrl":"https:\/\/secure.gravatar.com\/avatar\/c923e52403b1b8137e2d929127211d21967e6aecaa053bd43b09da29f212e76e?s=96&d=mm&r=g","caption":"Marie BATICLE"},"url":"https:\/\/editionsbussiere.com\/blog\/author\/eremarie\/"}]}},"_links":{"self":[{"href":"https:\/\/editionsbussiere.com\/blog\/wp-json\/wp\/v2\/posts\/710","targetHints":{"allow":["GET"]}}],"collection":[{"href":"https:\/\/editionsbussiere.com\/blog\/wp-json\/wp\/v2\/posts"}],"about":[{"href":"https:\/\/editionsbussiere.com\/blog\/wp-json\/wp\/v2\/types\/post"}],"author":[{"embeddable":true,"href":"https:\/\/editionsbussiere.com\/blog\/wp-json\/wp\/v2\/users\/3"}],"replies":[{"embeddable":true,"href":"https:\/\/editionsbussiere.com\/blog\/wp-json\/wp\/v2\/comments?post=710"}],"version-history":[{"count":0,"href":"https:\/\/editionsbussiere.com\/blog\/wp-json\/wp\/v2\/posts\/710\/revisions"}],"wp:featuredmedia":[{"embeddable":true,"href":"https:\/\/editionsbussiere.com\/blog\/wp-json\/wp\/v2\/media\/711"}],"wp:attachment":[{"href":"https:\/\/editionsbussiere.com\/blog\/wp-json\/wp\/v2\/media?parent=710"}],"wp:term":[{"taxonomy":"category","embeddable":true,"href":"https:\/\/editionsbussiere.com\/blog\/wp-json\/wp\/v2\/categories?post=710"},{"taxonomy":"post_tag","embeddable":true,"href":"https:\/\/editionsbussiere.com\/blog\/wp-json\/wp\/v2\/tags?post=710"}],"curies":[{"name":"wp","href":"https:\/\/api.w.org\/{rel}","templated":true}]}}