{"id":692,"date":"2024-05-30T03:17:55","date_gmt":"2024-05-30T01:17:55","guid":{"rendered":"https:\/\/editionsbussiere.com\/blog\/un-journal-de-priere-comme-moyen-de-vous-aider-a-trouver-dieu-avec-une-priere-en-debut-de-journee\/"},"modified":"2024-05-30T03:17:55","modified_gmt":"2024-05-30T01:17:55","slug":"un-journal-de-priere-comme-moyen-de-vous-aider-a-trouver-dieu-avec-une-priere-en-debut-de-journee","status":"publish","type":"post","link":"https:\/\/editionsbussiere.com\/blog\/un-journal-de-priere-comme-moyen-de-vous-aider-a-trouver-dieu-avec-une-priere-en-debut-de-journee\/","title":{"rendered":"Un journal de pri\u00e8re comme moyen de vous aider \u00e0 trouver Dieu\n avec une pri\u00e8re en d\u00e9but de journ\u00e9e."},"content":{"rendered":"<div><img width=\"580\" height=\"290\" src=\"https:\/\/editionsbussiere.com\/blog\/wp-content\/uploads\/2024\/05\/Un-journal-de-priere-comme-moyen-de-vous-aider-a.jpg\" class=\"attachment-large size-large wp-post-image\" alt=\"Un journal de pri\u00e8re comme moyen de vous aider \u00e0\" style=\"float:left; margin:0 15px 15px 0;\" decoding=\"async\" srcset=\"https:\/\/editionsbussiere.com\/blog\/wp-content\/uploads\/2024\/05\/Un-journal-de-priere-comme-moyen-de-vous-aider-a.jpg 620w, https:\/\/www.n42.fr\/wp-content\/uploads\/2024\/05\/Un-journal-de-priere-comme-moyen-de-vous-aider-a-300x150.jpg 300w\" sizes=\"(max-width: 580px) 100vw, 580px\"><\/p>\n<p>\n<\/p>\n<div id=\"\"><span class=\"subtitle\">Vous avez du mal \u00e0 percevoir le Seigneur dans votre vie quotidienne ?  Un journal de pri\u00e8re est un excellent moyen de vous aider \u00e0 ouvrir votre c\u0153ur \u00e0 Dieu et \u00e0 entamer un dialogue avec Lui.<\/span><\/p>\n<p><strong><em>Est-ce que Dieu me parle ?  Si c&rsquo;est le cas, je ne peux pas l&rsquo;entendre.<\/em><br \/><em>Pourquoi Dieu ne r\u00e9pond-il pas \u00e0 mes pri\u00e8res ?<\/em><br \/><em>Je veux commencer \u00e0 prier davantage, mais je suis tellement distrait que cela semble inutile.<\/em><\/strong><\/p>\n<p>Ces questions sont revenues dans ma vie au fil des ann\u00e9es.  Et une pratique m\u2019a beaucoup aid\u00e9 \u00e0 la fois \u00e0 continuer \u00e0 pers\u00e9v\u00e9rer dans la pri\u00e8re et \u00e0 voir concr\u00e8tement les fruits de la pri\u00e8re dans ma vie.  Cette pratique consiste \u00e0 tenir un journal de pri\u00e8re. <strong>J\u2019ai commenc\u00e9 \u00e0 tenir un journal de pri\u00e8re \u00e0 l\u2019\u00e2ge de treize ans et j\u2019en ai commenc\u00e9 et arr\u00eat\u00e9 beaucoup d\u2019autres au fil des ans.<\/strong> Au d\u00e9but, j&rsquo;utilisais un journal pour rester concentr\u00e9 lorsque mon esprit s&rsquo;\u00e9garait en adoration.  Je m&rsquo;asseyais et \u00e9crivais ce que je voulais dire \u2013 une sorte de monologue avec Dieu.<\/p>\n<p>Apr\u00e8s quelques ann\u00e9es, j\u2019ai commenc\u00e9 \u00e0 revoir mes anciennes entr\u00e9es de journal. <strong>J\u2019ai r\u00e9alis\u00e9 \u00e0 quel point je pouvais clairement voir Dieu \u0153uvrer dans ma vie \u00e0 travers ce document \u00e9crit.<\/strong> Les situations qui m&rsquo;avaient tourment\u00e9 avaient \u00e9t\u00e9 r\u00e9solues.  Les pri\u00e8res sp\u00e9cifiques que j&rsquo;avais \u00e9crites avaient \u00e9t\u00e9 exauc\u00e9es.  La fa\u00e7on dont j\u2019\u00e9crivais et priais avait chang\u00e9, mais j\u2019\u00e9tais \u00e9galement capable de voir les d\u00e9sirs qui \u00e9taient rest\u00e9s les m\u00eames au fil des ann\u00e9es \u2013 des pri\u00e8res que je continuais \u00e0 faire et qui r\u00e9v\u00e9laient les endroits o\u00f9 j\u2019avais de la place pour grandir.<\/p>\n<\/p>\n<h2>Comment tenir un journal de pri\u00e8re<\/h2>\n<p>Il existe diff\u00e9rentes mani\u00e8res de tenir un journal de pri\u00e8re.  Comme c\u2019est le cas lorsque vous commencez une nouvelle habitude, en faire un peu quotidiennement signifie que votre habitude s\u2019\u00e9tablira plus rapidement que ne rien faire. <strong>Vouloir \u00e9crire une phrase chaque jour est bien mieux que d\u2019\u00e9crire pendant vingt minutes le premier jour et de ne pas ouvrir son journal le reste de la semaine.<\/strong> De plus, il est plus facile de voir Dieu \u00e0 l\u2019\u0153uvre dans votre vie \u00e0 travers un journal lorsque vous avez r\u00e9guli\u00e8rement not\u00e9 quelque chose chaque jour.<\/p>\n<p>Quelques autres notes sur la prise de l\u2019habitude de tenir un journal\u00a0: <strong>Choisissez un moment de la journ\u00e9e qu&rsquo;il sera facile de retenir dans un journal. <\/strong>L\u2019int\u00e9grer \u00e0 votre routine matinale pourrait fonctionner \u2013 ou peut-\u00eatre que la pause d\u00e9jeuner ou la soir\u00e9e vous conviendrait mieux.  Aussi, <strong>choisissez un journal qui vous pla\u00eet<\/strong>, et facile \u00e0 stocker ou \u00e0 transporter en cas de besoin.  Vous n\u2019avez pas besoin de d\u00e9penser de l\u2019argent pour quelque chose de sophistiqu\u00e9 ; <strong>restez simple et personnel<\/strong>.<\/p>\n<p>Et rappelez-vous, l&rsquo;expression de soi passe par les mots, mais pas par les mots. <em>seulement<\/em> \u00e0 travers les mots. <strong>Les dessins, les gribouillages et m\u00eame les photos d\u00e9coup\u00e9es de choses que vous reconnaissez belles sont aussi une fa\u00e7on de r\u00e9v\u00e9ler votre c\u0153ur \u00e0 Dieu et de l\u2019\u00e9couter !  Laissez-vous aller \u00e0 la cr\u00e9ativit\u00e9 !<\/strong><\/p>\n<div class=\"block-image-copyrigth-wrap\">\n<figure class=\"wp-block-image size-large\"><\/figure>\n<p>John Touhey |  Al\u00e9t\u00e9ia<\/p>\n<\/div>\n<h2 class=\"wp-block-aleteia-rich-list\"><span>JOURNAL DE GRATITUDE<\/span><br \/><strong><\/strong><br \/><\/h2>\n<p><strong>\u00c9crivez une \u00e0 cinq choses pour lesquelles vous \u00eates reconnaissant chaque jour. <\/strong>Cela peut \u00eatre une r\u00e9flexion rapide le matin ou \u00e0 la fin de la journ\u00e9e, mais notez simplement une bonne chose ou une bonne personne de la journ\u00e9e et remerciez Dieu pour cela. <strong>Une autre fa\u00e7on de r\u00e9fl\u00e9chir \u00e0 ce journal serait de r\u00e9pondre \u00e0 la question : O\u00f9 ai-je vu Dieu dans ma vie aujourd\u2019hui ?<\/strong> De cette fa\u00e7on, vous pouvez noter une pri\u00e8re exauc\u00e9e que vous avez remarqu\u00e9e, ou une rencontre qui vous a apport\u00e9 une joie inattendue, tout ce qui vous a montr\u00e9 l&rsquo;amour individuel et l&rsquo;attention de Dieu pour vous.<\/p>\n<h2 class=\"wp-block-aleteia-rich-list\"><span>Revue ACTS<\/span><br \/><strong><\/strong><br \/><\/h2>\n<p>L&rsquo;acronyme <strong>ACTS signifie Adoration, Contrition, Action de gr\u00e2ce et Supplication.<\/strong>.  \u00c9crivez une pens\u00e9e pour chaque lettre.  Cela pourrait ressembler \u00e0\u00a0:<\/p>\n<p><strong>UN<\/strong> \u2013 Aujourd\u2019hui, je te loue Dieu\u2026 car je suis merveilleusement fait <br \/><strong>C<\/strong> \u2013 Aujourd\u2019hui, je suis d\u00e9sol\u00e9 d\u2019avoir\u2026 parl\u00e9 durement <br \/><strong>T<\/strong> \u2013 Aujourd&rsquo;hui, je suis reconnaissant pour\u2026 le coucher du soleil <br \/><strong>S<\/strong> \u2013 Aujourd\u2019hui, s\u2019il vous pla\u00eet, b\u00e9nissez\u2026 mon fr\u00e8re qui cherche un emploi <\/p>\n<p>Cela vous permet d&rsquo;avoir un registre des personnes pour lesquelles vous avez pri\u00e9 ainsi qu&rsquo;une liste \u00e0 amener \u00e0 la confession.<\/p>\n<h2 class=\"wp-block-aleteia-rich-list\"><span>Journal de la Lectio divina<\/span><br \/><strong><\/strong><br \/><\/h2>\n<p><strong>La Lectio divina est une fa\u00e7on de prier avec les \u00c9critures.<\/strong> Voici un guide du pape Beno\u00eet XVI sur la lectio divina, voici une vid\u00e9o l\u00e9g\u00e8re qui l&rsquo;explique, et voici un guide qui montre pratiquement \u00e0 quoi cela peut ressembler.  Si vous ne savez pas sur quel passage biblique utiliser pour r\u00e9fl\u00e9chir, vous pouvez essayer de lire l\u2019\u00c9vangile du jour. <strong>Vous pourriez ensuite utiliser votre journal pour noter les mots ou les pens\u00e9es qui vous frappent, ou la r\u00e9ponse \u00e0 la question : \u00ab Quelle conversion de c\u0153ur, d\u2019esprit et de vie le Seigneur me demande-t-il aujourd\u2019hui ?<\/strong><\/p>\n<h2 class=\"wp-block-aleteia-rich-list\"><span>Journal des r\u00e9solutions<\/span><br \/><strong><\/strong><br \/><\/h2>\n<p>Au lyc\u00e9e, je lis <em>Introduction \u00e0 la vie d\u00e9vote<\/em> par St. Francis DeSales, et il pr\u00e9sente un cadre sur la fa\u00e7on de prier. <strong>Saint Fran\u00e7ois sugg\u00e8re que vous devriez toujours terminer votre temps de pri\u00e8re en choisissant une r\u00e9solution \u00e0 faire ce jour-l\u00e0, ainsi qu&rsquo;en vous souvenant d&rsquo;un fruit de votre temps de pri\u00e8re (un mot ou une phrase qui vous a marqu\u00e9) sur lequel revenir tout au long de la journ\u00e9e.<\/strong> Cela m&rsquo;a incit\u00e9 \u00e0 \u00e9crire une r\u00e9solution de pri\u00e8re dans mon journal, au moins.  Une r\u00e9solution devrait \u00eatre <strong>simple et faisable<\/strong> (respecter les limites de vitesse pour m&rsquo;aider \u00e0 travailler ma patience, prendre un caf\u00e9 pour la personne avec qui j&rsquo;ai eu du mal, ou prier l&rsquo;Angelus au d\u00e9jeuner aujourd&rsquo;hui).<\/p>\n<p>Bien s\u00fbr, comme je l\u2019ai fait, vous pouvez combiner diff\u00e9rents aspects de ces diff\u00e9rents types de journaux pour en cr\u00e9er un qui soit unique \u00e0 vous, \u00e0 votre situation et \u00e0 votre relation tr\u00e8s intime et unique avec Dieu.  N&rsquo;h\u00e9sitez pas \u00e0 partager vos id\u00e9es et vos exp\u00e9riences dans la section commentaires ci-dessous \u2014 et bonne journalisation !<\/p>\n<div data-category=\"Lifestyle\" data-category-english=\"lifestyle\" class=\"wp-block-aleteia-read-also read-also\">\n<figure><\/figure>\n<\/div>\n<div data-category=\"Church\" data-category-english=\"church\" class=\"wp-block-aleteia-read-also read-also\">\n<figure><\/figure>\n<\/div>\n<\/div>\n<p><script data-rh=\"true\">\n            window.addEventListener('load', function () \n                !function (f, b, e, v, n, t, s) \n                    if (f.fbq) return;\n                    n = f.fbq = function () \n                        n.callMethod ?\n                            n.callMethod.apply(n, arguments) : n.queue.push(arguments)\n                    ;\n                    if (!f._fbq) f._fbq = n;\n                    n.push = n;\n                    n.loaded = !0;\n                    n.version = '2.0';\n                    n.queue = [];\n                    t = b.createElement(e);\n                    t.defer = true;\n                    t.src = v;\n                    s = b.getElementsByTagName(e)[0];\n                    s.parentNode.insertBefore(t, s)\n                (window, document, 'script',\n                    '\n                fbq('init', '1064056854112873');\n                fbq('track', 'PageView');\n            );\n\t\t<\/script><script id=\"__FRONTITY_CONNECT_STATE__\" type=\"application\/json\">{\"source\":{\"data\":{\"@layout\/\":\"isFetching\":false,\"isReady\":true,\"route\":\"@layout\/\",\"link\":\"@layout\/\",\"query\":,\"page\":1,\"@premium-content\/\":\"isFetching\":false,\"isReady\":true,\"route\":\"@premium-content\/\",\"link\":\"@premium-content\/\",\"query\":,\"page\":1,\"isPremiumContent\":true,\"\/2024\/05\/29\/prayer-journaling-as-a-way-to-help-you-find-god\/\":{\"isFetching\":false,\"isReady\":true,\"route\":\"\/2024\/05\/29\/prayer-journaling-as-a-way-to-help-you-find-god\/\",\"link\":\"\/2024\/05\/29\/prayer-journaling-as-a-way-to-help-you-find-god\/\",\"query\":,\"page\":1,\"id\":806426,\"type\":\"post\",\"isPostType\":true,\"isPost\":true,\"commentsOpen\":true,\"isSponsored\":false,\"isSponsoredWithAds\":true,\"isPhotoOfTheDay\":false,\"isDailyWisdom\":false,\"body\":{\"simple\":false,\"id\":806426,\"related\":[],\"content\":\"u003cspan class=\"subtitle\"u003eFinding it hard to perceive the Lord in your daily life? A prayer journal is an excellent way to help you open your heart to God and begin a dialog with Him.u003c\/spanu003eu003cpu003eu003cstrongu003eu003cemu003eDoes God speak to me? If so, I can\u2019t hear Him.u003c\/emu003e u003cbr \/u003eu003cemu003eWhy isn\u2019t God answering my prayers?u003c\/emu003e u003cbr \/u003eu003cemu003eI want to start praying more, but I get so distracted it seems pointless.u003c\/emu003eu003c\/strongu003eu003c\/pu003enu003cpu003eThose questions have come up in my life over the years. And one practice has helped me so much to both keep persevering in prayer, and to tangibly see the fruits of prayer in my life. That practice is keeping a prayer journal. u003cstrongu003eI started keeping a prayer journal when I was thirteen and have started and stopped many others over the years.u003c\/strongu003e At first, I used a journal to stay focused when my mind wandered at adoration. I would sit and write what I wanted to say u0026#8212; a sort of monologue with God.u003c\/pu003enu003cpu003eAfter a few years went by, I started looking back through my old journal entries. u003cstrongu003eI realized how clearly I could see God working in my life through this written record.u003c\/strongu003e Situations I had agonized over had been resolved. Specific prayers I had written down had been answered. The way I wrote and prayed had changed, but I was also able to see the desires that had stayed the same over the years \u2014 prayers that I continued to have that revealed places I had room to grow.u003c\/pu003enu003cdiv class=\"wp-block-aleteia-heading3\"u003enu003ch2u003eHow to keep a prayer journalu003c\/h2u003enu003c\/pu003eu003c\/divu003enu003cpu003eThere are different ways to keep a prayer journal. As is true when starting any new habit, doing a little bit daily means your habit will be established more quickly than doing nothing. u003cstrongu003eAiming to write down one sentence every day is much better than writing for twenty minutes the first day and then not opening your journal for the rest of the week.u003c\/strongu003e Plus, it is easier to see God at work in your life through a journal when you have consistently jotted something down every day.u003c\/pu003enu003cpu003eA couple of other notes on making a habit of journaling: u003cstrongu003ePick a time of the day that it will be easy to remember to journal. u003c\/strongu003eMaking it part of your morning routine might work \u2014 or perhaps lunch break or evening is best for you. Also, u003cstrongu003echoose a journal that is attractive to youu003c\/strongu003e, and that is easy to store or transport if need be. You don\u2019t need to spend money on something fancy; u003cstrongu003ekeep it simple and personalu003c\/strongu003e.u003c\/pu003enu003cdiv id='aleteia-welcome'u003eu003c\/divu003enu003cpu003eAnd remember, self-expression comes through words, but not u003cemu003eonlyu003c\/emu003e through words. u003cstrongu003eDrawings, doodles, and even cut-out photos of things you recognize as beautiful are also a way of revealing your heart to God and listening to Him! Let yourself be creative!u003c\/strongu003eu003c\/pu003enu003cdiv class=\"block-image-copyrigth-wrap\"u003enu003cfigure class=\"wp-block-image size-large\"u003eu003cimg loading=\"lazy\" decoding=\"async\" width=\"1200\" height=\"676\" src=\" alt=\"Homemade prayer journal detail\" class=\"wp-image-806555\" srcset=\" 1200w, ?resize=150,85 150w, ?resize=300,169 300w, ?resize=1024,577 1024w, ?resize=620,348 620w, ?resize=1140,642 1140w, ?resize=375,211 375w, ?resize=630,355 630w\" sizes=\"(max-width: 1200px) 100vw, 1200px\" \/u003eu003c\/figureu003enu003cdiv class=\"copyright-text\"u003eJohn Touhey | Aleteiau003c\/divu003enu003c\/divu003enu003ch2 class=\"wp-block-aleteia-rich-list\"u003entttu003cspanu003eGRATITUDE JOURNALu003c\/spanu003eu003cbr \/u003entttu003cstrongu003e u003c\/strongu003eu003cbr \/u003enttu003c\/h2u003enu003cpu003eu003cstrongu003eWrite down one to five things you\u2019re thankful for every day. u003c\/strongu003eIt can be a quick reflection in the morning or at the end of the day, but just jot down a good thing or person from the day and thank God for it. u003cstrongu003eAnother way to think about this journal would be to answer the question: Where did I see God in my life today?u003c\/strongu003e That way you can jot down an answered prayer you noticed, or an encounter that brought you joy unexpectedly, anything that showed you God\u2019s individual love and care for you.u003c\/pu003enu003ch2 class=\"wp-block-aleteia-rich-list\"u003entttu003cspanu003eACTS journalu003c\/spanu003eu003cbr \/u003entttu003cstrongu003e u003c\/strongu003eu003cbr \/u003enttu003c\/h2u003enu003cpu003eThe acronym u003cstrongu003eACTS stands for Adoration, Contrition, Thanksgiving and Supplicationu003c\/strongu003e. Write down one thought for each letter. That might look like:u003c\/pu003enu003cpu003eu003cstrongu003eAu003c\/strongu003e u0026#8211; Today, I praise you God \u2026 for I am wonderfully made u003cbr \/u003eu003cstrongu003eCu003c\/strongu003e u0026#8211; Today, I\u2019m sorry for \u2026 speaking harshly u003cbr \/u003eu003cstrongu003eTu003c\/strongu003e u0026#8211; Today, I\u2019m thankful for \u2026 the sunset u003cbr \/u003eu003cstrongu003eSu003c\/strongu003e u0026#8211; Today, please bless \u2026 my brother as he looks for employment u003c\/pu003enu003cpu003eThis allows you to have a record of people you have been praying for as well as a list to bring to confession.u003c\/pu003enu003ch2 class=\"wp-block-aleteia-rich-list\"u003entttu003cspanu003eLectio divina journalu003c\/spanu003eu003cbr \/u003entttu003cstrongu003e u003c\/strongu003eu003cbr \/u003enttu003c\/h2u003enu003cpu003eu003cstrongu003eLectio divina is a way to pray with Scripture.u003c\/strongu003e Here is a guide from u003ca href=\" target=\"_blank\" rel=\"noopener\" title=\"\"u003ePope Benedict XVI on lectio divinau003c\/au003e, here is u003ca href=\" target=\"_blank\" rel=\"noopener\" title=\"\"u003ea lighthearted videou003c\/au003e explaining it, and here is u003ca href=\" target=\"_blank\" rel=\"noopener\" title=\"\"u003ea guideu003c\/au003e that shows practically what it can look like. If you aren\u2019t sure what scripture passage to use to reflect on, you might try reading the u003ca href=\" target=\"_blank\" rel=\"noopener\" title=\"\"u003egospel for the dayu003c\/au003e. u003cstrongu003eYou could then use your journal to write down what words or thoughts strike you, or the answer to the question, \u201cWhat conversion of heart, mind, and life is the Lord asking of me today?\u201du003c\/strongu003eu003c\/pu003enu003ch2 class=\"wp-block-aleteia-rich-list\"u003entttu003cspanu003eResolution journalu003c\/spanu003eu003cbr \/u003entttu003cstrongu003e u003c\/strongu003eu003cbr \/u003enttu003c\/h2u003enu003cpu003eIn high school I read u003ca href=\" to the Devout Lifeu003c\/emu003eu003c\/au003e by St. Francis DeSales, and he lays out a framework for how to pray. u003cstrongu003eSt. Francis suggests that you should always end your prayer time by choosing a resolution to do that day, as well as remembering a fruit from your prayer time (a word or phrase that stuck out to you) to go back to throughout the day.u003c\/strongu003e This prompted me to write down a resolution from prayer in my journal, if nothing else. A resolution should be u003cstrongu003esimple and doableu003c\/strongu003e (driving the speed limit to help work on patience, getting a coffee for the person I\u2019ve been struggling with, or praying the Angelus at lunch today).u003c\/pu003enu003cpu003eOf course, as I did you can combine different aspects of these different types of journals to come up with one that is unique to you, your situation, and your very intimate and one-of-a-kind relationship with God. Feel free to share your ideas and experiences in the comments section below u0026#8212; and happy journaling!u003c\/pu003entu003cdiv data-category=\"Lifestyle\" data-category-english=\"lifestyle\" class=\"wp-block-aleteia-read-also read-also\"u003enttu003cfigureu003entttu003cimgnttttsrc=\" praying amid distractions\"nttttloading=\"lazy\" \/u003enttu003c\/figureu003enttu003cdiv class=\"read-also-inner\"u003entttu003cemu003eRead more:u003c\/emu003eu003ca href=\" prayer for us easily distracted amateursu003c\/au003enttu003c\/divu003entu003c\/divu003etu003cdiv data-category=\"Church\" data-category-english=\"church\" class=\"wp-block-aleteia-read-also read-also\"u003enttu003cfigureu003entttu003cimgnttttsrc=\" u0026#8211; Pope Francis walks past flowers u0026#8211; March 30, 2016\"nttttloading=\"lazy\" \/u003enttu003c\/figureu003enttu003cdiv class=\"read-also-inner\"u003entttu003cemu003eRead more:u003c\/emu003eu003ca href=\" your prayer life is suffocated, look at the stars, a sunset, a flower: Advice from Pope Francisu003c\/au003enttu003c\/divu003entu003c\/divu003e\",\"rawcontent\":\"u003c!-- wp:aleteia\/subtitle \/--u003ennu003c!-- wp:paragraph --u003enu003cpu003eu003cstrongu003eu003cemu003eDoes God speak to me? If so, I can\u2019t hear Him.u003c\/emu003e u003cbru003eu003cemu003eWhy isn\u2019t God answering my prayers?u003c\/emu003e u003cbru003eu003cemu003eI want to start praying more, but I get so distracted it seems pointless.u003c\/emu003eu003c\/strongu003eu003c\/pu003enu003c!-- \/wp:paragraph --u003ennu003c!-- wp:paragraph --u003enu003cpu003eThose questions have come up in my life over the years. And one practice has helped me so much to both keep persevering in prayer, and to tangibly see the fruits of prayer in my life. That practice is keeping a prayer journal. u003cstrongu003eI started keeping a prayer journal when I was thirteen and have started and stopped many others over the years.u003c\/strongu003e At first, I used a journal to stay focused when my mind wandered at adoration. I would sit and write what I wanted to say -- a sort of monologue with God.u003c\/pu003enu003c!-- \/wp:paragraph --u003ennu003c!-- wp:paragraph --u003enu003cpu003eAfter a few years went by, I started looking back through my old journal entries. u003cstrongu003eI realized how clearly I could see God working in my life through this written record.u003c\/strongu003e Situations I had agonized over had been resolved. Specific prayers I had written down had been answered. The way I wrote and prayed had changed, but I was also able to see the desires that had stayed the same over the years \u2014 prayers that I continued to have that revealed places I had room to grow.u003c\/pu003enu003c!-- \/wp:paragraph --u003ennu003c!-- wp:aleteia\/heading3 \"content\":\"How to keep a prayer journal\" --u003enu003ch3u003eHow to keep a prayer journalu003c\/h3u003enu003c!-- \/wp:aleteia\/heading3 --u003ennu003c!-- wp:paragraph --u003enu003cpu003eThere are different ways to keep a prayer journal. As is true when starting any new habit, doing a little bit daily means your habit will be established more quickly than doing nothing. u003cstrongu003eAiming to write down one sentence every day is much better than writing for twenty minutes the first day and then not opening your journal for the rest of the week.u003c\/strongu003e Plus, it is easier to see God at work in your life through a journal when you have consistently jotted something down every day.u003c\/pu003enu003c!-- \/wp:paragraph --u003ennu003c!-- wp:paragraph --u003enu003cpu003eA couple of other notes on making a habit of journaling: u003cstrongu003ePick a time of the day that it will be easy to remember to journal. u003c\/strongu003eMaking it part of your morning routine might work \u2014 or perhaps lunch break or evening is best for you. Also, u003cstrongu003echoose a journal that is attractive to youu003c\/strongu003e, and that is easy to store or transport if need be. You don\u2019t need to spend money on something fancy; u003cstrongu003ekeep it simple and personalu003c\/strongu003e.u003c\/pu003enu003c!-- \/wp:paragraph --u003ennu003c!-- wp:paragraph --u003enu003cpu003eAnd remember, self-expression comes through words, but not u003cemu003eonlyu003c\/emu003e through words. u003cstrongu003eDrawings, doodles, and even cut-out photos of things you recognize as beautiful are also a way of revealing your heart to God and listening to Him! Let yourself be creative!u003c\/strongu003eu003c\/pu003enu003c!-- \/wp:paragraph --u003ennu003c!-- wp:image \"id\":806555,\"sizeSlug\":\"large\",\"linkDestination\":\"none\" --u003enu003cfigure class=\"wp-block-image size-large\"u003eu003cimg src=\" alt=\"Homemade prayer journal detail\" class=\"wp-image-806555\" \/u003eu003c\/figureu003enu003c!-- \/wp:image --u003ennu003c!-- wp:aleteia\/rich-list \"index\":\"GRATITUDE JOURNAL\",\"text\":\" \" --u003enu003ch3 class=\"wp-block-aleteia-rich-list\"u003eu003cspanu003eGRATITUDE JOURNALu003c\/spanu003eu003cstrongu003e u003c\/strongu003eu003c\/h3u003enu003c!-- \/wp:aleteia\/rich-list --u003ennu003c!-- wp:paragraph --u003enu003cpu003eu003cstrongu003eWrite down one to five things you\u2019re thankful for every day. u003c\/strongu003eIt can be a quick reflection in the morning or at the end of the day, but just jot down a good thing or person from the day and thank God for it. u003cstrongu003eAnother way to think about this journal would be to answer the question: Where did I see God in my life today?u003c\/strongu003e That way you can jot down an answered prayer you noticed, or an encounter that brought you joy unexpectedly, anything that showed you God\u2019s individual love and care for you.u003c\/pu003enu003c!-- \/wp:paragraph --u003ennu003c!-- wp:aleteia\/rich-list \"index\":\"ACTS journal\",\"text\":\" \" --u003enu003ch3 class=\"wp-block-aleteia-rich-list\"u003eu003cspanu003eACTS journalu003c\/spanu003eu003cstrongu003e u003c\/strongu003eu003c\/h3u003enu003c!-- \/wp:aleteia\/rich-list --u003ennu003c!-- wp:paragraph --u003enu003cpu003eThe acronym u003cstrongu003eACTS stands for Adoration, Contrition, Thanksgiving and Supplicationu003c\/strongu003e. Write down one thought for each letter. That might look like:u003c\/pu003enu003c!-- \/wp:paragraph --u003ennu003c!-- wp:paragraph --u003enu003cpu003eu003cstrongu003eAu003c\/strongu003e - Today, I praise you God \u2026 for I am wonderfully made u003cbru003eu003cstrongu003eCu003c\/strongu003e - Today, I\u2019m sorry for \u2026 speaking harshly u003cbru003eu003cstrongu003eTu003c\/strongu003e - Today, I\u2019m thankful for \u2026 the sunset u003cbru003eu003cstrongu003eSu003c\/strongu003e - Today, please bless \u2026 my brother as he looks for employment u003c\/pu003enu003c!-- \/wp:paragraph --u003ennu003c!-- wp:paragraph --u003enu003cpu003eThis allows you to have a record of people you have been praying for as well as a list to bring to confession.u003c\/pu003enu003c!-- \/wp:paragraph --u003ennu003c!-- wp:aleteia\/rich-list \"index\":\"Lectio divina journal\",\"text\":\" \" --u003enu003ch3 class=\"wp-block-aleteia-rich-list\"u003eu003cspanu003eLectio divina journalu003c\/spanu003eu003cstrongu003e u003c\/strongu003eu003c\/h3u003enu003c!-- \/wp:aleteia\/rich-list --u003ennu003c!-- wp:paragraph --u003enu003cpu003eu003cstrongu003eLectio divina is a way to pray with Scripture.u003c\/strongu003e Here is a guide from u003ca href=\" target=\"_blank\" rel=\"noopener\" title=\"\"u003ePope Benedict XVI on lectio divinau003c\/au003e, here is u003ca href=\" target=\"_blank\" rel=\"noopener\" title=\"\"u003ea lighthearted videou003c\/au003e explaining it, and here is u003ca href=\" target=\"_blank\" rel=\"noopener\" title=\"\"u003ea guideu003c\/au003e that shows practically what it can look like. If you aren\u2019t sure what scripture passage to use to reflect on, you might try reading the u003ca href=\" target=\"_blank\" rel=\"noopener\" title=\"\"u003egospel for the dayu003c\/au003e. u003cstrongu003eYou could then use your journal to write down what words or thoughts strike you, or the answer to the question, \u201cWhat conversion of heart, mind, and life is the Lord asking of me today?\u201du003c\/strongu003eu003c\/pu003enu003c!-- \/wp:paragraph --u003ennu003c!-- wp:aleteia\/rich-list \"index\":\"Resolution journal\",\"text\":\" \" --u003enu003ch3 class=\"wp-block-aleteia-rich-list\"u003eu003cspanu003eResolution journalu003c\/spanu003eu003cstrongu003e u003c\/strongu003eu003c\/h3u003enu003c!-- \/wp:aleteia\/rich-list --u003ennu003c!-- wp:paragraph --u003enu003cpu003eIn high school I read u003ca href=\" to the Devout Lifeu003c\/emu003eu003c\/au003e by St. Francis DeSales, and he lays out a framework for how to pray. u003cstrongu003eSt. Francis suggests that you should always end your prayer time by choosing a resolution to do that day, as well as remembering a fruit from your prayer time (a word or phrase that stuck out to you) to go back to throughout the day.u003c\/strongu003e This prompted me to write down a resolution from prayer in my journal, if nothing else. A resolution should be u003cstrongu003esimple and doableu003c\/strongu003e (driving the speed limit to help work on patience, getting a coffee for the person I\u2019ve been struggling with, or praying the Angelus at lunch today).u003c\/pu003enu003c!-- \/wp:paragraph --u003ennu003c!-- wp:paragraph --u003enu003cpu003eOf course, as I did you can combine different aspects of these different types of journals to come up with one that is unique to you, your situation, and your very intimate and one-of-a-kind relationship with God. Feel free to share your ideas and experiences in the comments section below -- and happy journaling!u003c\/pu003enu003c!-- \/wp:paragraph --u003ennu003c!-- wp:aleteia\/read-also {\"link\":\" prayer for us easily distracted amateurs\",\"image\":\" --u003enu003cdiv class=\"read-also\"u003eu003ca href=\" prayer for us easily distracted amateursu003c\/au003eu003c\/divu003enu003c!-- \/wp:aleteia\/read-also --u003ennu003c!-- wp:aleteia\/read-also {\"link\":\" your prayer life is suffocated, look at the stars, a sunset, a flower: Advice from Pope Francis\",\"image\":\" --u003enu003cdiv class=\"read-also\"u003eu003ca href=\" your prayer life is suffocated, look at the stars, a sunset, a flower: Advice from Pope Francisu003c\/au003eu003c\/divu003enu003c!-- \/wp:aleteia\/read-also --u003e\",\"pages\":1,\"language\":\"en\",\"galleries\":[],\"video\":false,\"title\":\"Prayer journaling as a way to help you find God\",\"subheading\":\"Finding it hard to perceive the Lord in your daily life? A prayer journal is an excellent way to help you open your heart to God and begin a dialog with Him.\",\"author\":\"Cecilia Pigg\",\"author_2\":\"\",\"authors_obj\":[\"ID\":\"290303\",\"link\":\" Pigg is a writer, wife, and mother who enjoys oceans, mountains, and prairies (in that order). She does not enjoy raw onion, folding clothes, or closed-toed shoes.\",\"twitter\":\"\",\"facebook\":\"\",\"subtitle\":\"\",\"title_guest_author\":\"\",\"thumb\":\" Pigg\",\"hreflangs\":\"en\":\" Touhey ,\"link\":\"\/2024\/05\/29\/prayer-journaling-as-a-way-to-help-you-find-god\/\",\"category_obj\":\"link\":\" 0, 31, 77, 1 )\",\"term_id\":278,\"category\":\"Lifestyle\",\"category_slug\":\"lifestyle\",\"category_id\":278,\"category_color\":\"#001F4D\",\"parent_category\":\"Lifestyle\",\"published\":1716998218,\"published_datalayer\":\"2024.05.29\",\"article_modified_date\":\"\",\"article_modified\":false,\"published_formatted\":\"published on 05\/29\/24\",\"tags\":\"Catholic Lifestyle, Prayer, Spiritual Life\",\"firsttag\":\"Spiritual Life\",\"tags_items\":[\"term_id\":423717264,\"name\":\"Catholic Lifestyle\",\"link\":\" Life\",\"link\":\" Department\",\"settings\":\"disable_slideshow_cta\":\"\",\"template_customizations\":\"\",\"post_appearance_setting\":\"no_drop_caps\":false,\"hide_from_tops\":false,\"hide_date\":false,\"hide_post\":false,\"hide_post_in_newsletter\":false,\"ads_disabled\":false,\"inread_ads_disabled\":false,\"custom_inread_position_enabled\":false,\"custom_inread_position\":\"2\",\"test_pixel_enabled\":false,\"test_pixel_position\":\"\",\"exclude_banner_article\":false,\"div_moneytags_position\":\"\",\"hide_promotional_box\":false,\"original_article\":\"is_original\":\"1\",\"url\":\"\",\"edition\":\"en\",\"gtm\":\"page_type\":\"\",\"page_type_2\":\"\",\"category_name\":\"lifestyle\",\"article_subcategory\":\"Lifestyle\",\"article_type\":\"article\",\"cd\":\"dimension1\":\"Cecilia Pigg\",\"dimension2\":\"Lifestyle\",\"dimension3\":\"1716998218\",\"dimension4\":\"en\",\"dimension5\":\"\",\"dimension6\":\"article\",\"dimension7\":\"2024.05.29\",\"dimension8\":\"Catholic Lifestyle, Prayer, Spiritual Life\",\"dimension9\":\"Finding it hard to perceive the Lord in your daily life? A prayer journal is an excellent way to help you open your heart to God and begin a dialog with Him.\",\"dimension10\":\"806426\",\"dimension11\":\"Catholic Lifestyle\",\"dimension12\":\"web\",\"dimension13\":\"\",\"dimension17\":\"Lifestyle Department\",\"dimension14\":\"Lifestyle\",\"photo_of_the_day\":false,\"daily_wisdom\":false,\"word_count\":1433,\"shortcodes\":[],\"sponsoredSettings\":,\"isSponsored\":false,\"custom_skin_settings\":\"slot\":\"custom-skin\",\"library\":\"theme.Skin\",\"skin_default_article\":\"1\",\"hide_from_layout_endpoint\":\"1\",\"props\":\"id\":\"custom-skid-ad\",\"unit\":\"64500793\/EN_DESK_ARTICLE_SKIN_1x1\",\"collapse_empty_divs\":false,\"premium_ads\":false,\"bids\":\"\",\"nexxx360_id\":\"\",\"size\":[],\"adjacent_posts\":\"next_post\":\"link\":\" Article \",\"prev_post\":\"link\":\" Article \",\"close_comments\":false,\"premium_content\":\"\",\"trunked_content\":\"u003ch2 class=\"subtitle\"u003eFinding it hard to perceive the Lord in your daily life? A prayer journal is an excellent way to help you open your heart to God and begin a dialog with Him.u003c\/h2u003enu003cpu003eu003cstrongu003eu003cemu003eDoes God speak to me? If so, I can\u2019t hear Him.u003c\/emu003e u003cbru003eu003cemu003eWhy isn\u2019t God answering my prayers?u003c\/emu003e u003cbru003eu003cemu003eI want to start praying more, but I get so distracted it seems pointless.u003c\/emu003eu003c\/strongu003eu003c\/pu003ennu003cpu003eThose questions have come up in my life over the years. And one practice has helped me so much to both keep persevering in prayer, and to tangibly see the fruits of prayer in my life. That practice is keeping a prayer journal. u003cstrongu003eI started keeping a prayer journal when I was thirteen and have started and stopped many others over the years.u003c\/strongu003e At first, I used a journal to stay focused when my mind wandered at adoration. I would sit and write what I wanted to say -- a sort of monologue with God.u003c\/pu003en\",\"typeform_embed_code\":\"\",\"rightcolumn\":{\"items\":[\"type\":\"right-column-banner\",\"data\":\"enabled\":\"1\",\"image\":\"full\":\"https:\/\/wp.en.aleteia.org\/wp-content\/uploads\/sites\/2\/2024\/04\/Aleteia-Pilgrimage-300x250-1.png\",\"url\":\"https:\/\/wp.en.aleteia.org\/wp-content\/uploads\/sites\/2\/2024\/04\/Aleteia-Pilgrimage-300x250-1.png?w=300u0026h=250u0026crop=1\",\"thumb\":\"https:\/\/wp.en.aleteia.org\/wp-content\/uploads\/sites\/2\/2024\/04\/Aleteia-Pilgrimage-300x250-1.png?w=300u0026h=250u0026crop=1\",\"thumb_big\":\"https:\/\/wp.en.aleteia.org\/wp-content\/uploads\/sites\/2\/2024\/04\/Aleteia-Pilgrimage-300x250-1.png?w=300u0026h=250u0026crop=1\",\"uncropped\":\"https:\/\/wp.en.aleteia.org\/wp-content\/uploads\/sites\/2\/2024\/04\/Aleteia-Pilgrimage-300x250-1.png?w=300\",\"medium\":\"https:\/\/wp.en.aleteia.org\/wp-content\/uploads\/sites\/2\/2024\/04\/Aleteia-Pilgrimage-300x250-1.png?w=300u0026h=230u0026crop=1\",\"small\":\"https:\/\/wp.en.aleteia.org\/wp-content\/uploads\/sites\/2\/2024\/04\/Aleteia-Pilgrimage-300x250-1.png?w=220u0026h=110u0026crop=1\",\"credits\":\"title\":\"Aleteia-Pilgrimage-300u0026#215;250-1.png\",\"copyright\":\"\",\"link\":\"\",\"caption\":\"\",\"alt\":\"Aleteia-Pilgrimage-300u0026#215;250-1.png\",\"link\":\"https:\/\/aleteia.org\/2024\/04\/02\/join-aleteia-in-2024-for-four-spectacular-pilgrimages\/?utm_source=Aleteiau0026utm_medium=banners\",\"geolinks\":[],\"add_target_blank\":\"1\",\"enabled_only_home\":false,\"disabled_only_home\":false,\"image_logged_in\":798152,\"link_logged_in\":\"https:\/\/aleteia.org\/2024\/04\/02\/join-aleteia-in-2024-for-four-spectacular-pilgrimages\/?utm_source=Aleteiau0026utm_medium=banners\",\"add_cd\":\"1\",\"disable_in_app\":false,\"ap_item_name\":\"donation\",\"ap_promotion_name\":\"support_aleteia\",\"image_loggedin\":\"full\":\"https:\/\/wp.en.aleteia.org\/wp-content\/uploads\/sites\/2\/2024\/04\/Aleteia-Pilgrimage-300x250-1.png\",\"url\":\"https:\/\/wp.en.aleteia.org\/wp-content\/uploads\/sites\/2\/2024\/04\/Aleteia-Pilgrimage-300x250-1.png?w=300u0026h=250u0026crop=1\",\"thumb\":\"https:\/\/wp.en.aleteia.org\/wp-content\/uploads\/sites\/2\/2024\/04\/Aleteia-Pilgrimage-300x250-1.png?w=300u0026h=250u0026crop=1\",\"thumb_big\":\"https:\/\/wp.en.aleteia.org\/wp-content\/uploads\/sites\/2\/2024\/04\/Aleteia-Pilgrimage-300x250-1.png?w=300u0026h=250u0026crop=1\",\"uncropped\":\"https:\/\/wp.en.aleteia.org\/wp-content\/uploads\/sites\/2\/2024\/04\/Aleteia-Pilgrimage-300x250-1.png?w=300\",\"medium\":\"https:\/\/wp.en.aleteia.org\/wp-content\/uploads\/sites\/2\/2024\/04\/Aleteia-Pilgrimage-300x250-1.png?w=300u0026h=230u0026crop=1\",\"small\":\"https:\/\/wp.en.aleteia.org\/wp-content\/uploads\/sites\/2\/2024\/04\/Aleteia-Pilgrimage-300x250-1.png?w=220u0026h=110u0026crop=1\",\"credits\":\"title\":\"Aleteia-Pilgrimage-300u0026#215;250-1.png\",\"copyright\":\"\",\"link\":\"\",\"caption\":\"\",\"alt\":\"Aleteia-Pilgrimage-300u0026#215;250-1.png\",\"link_loggedin\":\"http:\/\/u0026#038;cd1=Cecilia%20Piggu0026#038;cd14=Lifestyle\",\"type\":\"daily-prayer-menu\",\"data\":\"title\":\"Daily prayer\",\"fotd\":\"Feast of the day\",\"prayer\":\"ID\":803940,\"published\":1716940848,\"daily_prayer\":\"Daily Prayer\",\"today_we_celebrate\":\"And today we celebrate...\",\"contents\":\"saint\":\"Saint of the Day: Pope St. Paul VI\",\"saint_info\":\"\u201cUnited in love among ourselves\u201d\",\"saint_bio\":\"u003cpu003eu0026nbsp;u003c\/pu003enu003cpu003e(1897-1978)u003c\/pu003enu003cpu003eu003cstrongu003eHis lifeu003c\/strongu003eu003c\/pu003enu003cpu003e+ Giovanni Battista Montini was born in Concesio, Lombardy, Italy.u003c\/pu003enu003cpu003e+ Following his ordination to the priesthood in 1920, he served as member of the Vatican\u2019s Office of Secretary of State, before being named a protosecretary of Pope Pius XII.u003c\/pu003enu003cdiv id='aleteia-welcome'u003eu003c\/divu003eu003cpu003e+ Appointed archbishop of Milan in 1954, he was named a cardinal four years later.u003c\/pu003enu003cpu003e+ Elected pope on June 21, 1963, he took the name Paul VI.u003c\/pu003enu003cpu003e+ Pope Paul VI is remembered for his commitment to continuing the work begun by Pope St. John XXIII and the Second Vatican Council, as well as for his commitment to implementing the council\u2019s reforms.u003c\/pu003enu003cpu003e+ He is especially remembered for his encyclical u003cemu003eHumanae Vitaeu003c\/emu003e and for his commitment to peace and justice.u003c\/pu003enu003cpu003e+ Pope Paul VI died on August 6, 1978, and was canonized in 2018 and his commemoration was inserted into the Universal Calendar of the Church by Pope Francis in 2019.u003c\/pu003enu003cpu003eu003cstrongu003eFor prayer and reflectionu003c\/strongu003eu003c\/pu003enu003cpu003e\u201cThe progressive development of peoples is an object of deep interest and concern to the Church. This is particularly true in the case of those peoples who are trying to escape the ravages of hunger, poverty, endemic disease and ignorance; of those who are seeking a larger share in the benefits of civilization and a more active improvement of their human qualities; of those who are consciously striving for fuller growth.\u201d\u2014Pope Saint Paul VI in u003cemu003ePopulorum Progressiou003c\/emu003eu003c\/pu003enu003cpu003eu003cstrongu003ePrayeru003c\/strongu003eu003c\/pu003enu003cpu003eO God, who made blessed Paul the Vicar of Peter and committed to him the care of the universal Church, by his intercession keep your beloved flock ever safe, so that with integrity of faith and perfect charity your Church may journey to her heavenly homeland. Through our Lord Jesus Christ, your Son, who lives and reigns with you in the unity of the Holy Spirit, one God, for ever and ever. Amen.u003c\/pu003enu003cpu003e(from u003cemu003eThe Roman Missalu003c\/emu003e: Common of Pastors\u2014For a Pope)u003cbr \/u003enu003cemu003eSaint profiles prepared by Brother Silas Henderson, S.D.S.u003c\/emu003eu003c\/pu003en\",\"saint_url\":\"\",\"total_pages\":1,\"magnificat_link\":\" our archives of daily saint biographies here\",\"prayer_link\":\" public \/ Aleteia\",\"link\":\"\",\"caption\":\"\",\"alt\":\"Paul-VI.jpg\",\"contents_items\":[\"title\":\"Prayer for this morning\",\"raw_id\":2024117,\"is_morning_prayer\":\"1\",\"html\":\" meditation\",\"raw_id\":2024119,\"is_daily_meditation\":\"1\",\"html\":\" for this evening\",\"raw_id\":2024120,\"is_evening_prayer\":\"1\",\"html\":\" corner\",\"saint_of_the_day\":\"saint of the day\",\"morning_prayer\":\"morning prayer\",\"evening_prayer\":\"evening prayer\",\"daily_gospel\":\"daily gospel\",\"daily_meditation\":\"daily meditation\",\"particular_intention\":\"prayers for particular needs\",\"pope_reflexion\":\"thoughts of the pope\",\"bbq\":\"bbq\",\"prayer_for_you\":\"prayer for you today\"}},\"cross\":\"https:\/\/wp.en.aleteia.org\/wp-content\/themes\/aleteia-2017\/assets\/images\/daily-prayers\/cross.svg\",\"particular_intentions_link\":null,\"saint_post\":\"\"}},{\"type\":\"top-ten-module\",\"data\":{\"items\":[{\"simple\":false,\"id\":806289,\"related\":[],\"content\":\"u003cspan class=\"subtitle\"u003eTo mark the 150-year anniversary of the writer's birth, here are just a few of his best witticisms. u003c\/spanu003eu003cpu003eu003cstrongu003eMay 29 marks the 150th anniversary of the birth of Gilbert Keith Chesterton,u003c\/strongu003e born on this day in 1874. Better known as u003ca href=\" target=\"_blank\" rel=\"noopener\" title=\"G.K. Chesterton, the devout English Catholic was a prolific writer\"u003eG.K. Chesterton, the devout English Catholic was a prolific writeru003c\/au003e, philosopher, lay theologian, and literary and art critic. Known for his wit, wisdom, and ability to craft insightful and thought-provoking prose, Chesterton wrote on a wide array of subjects, from theology and apologetics to mystery novels and literary criticism.u003c\/pu003enu003cpu003eThe Englishmanu0026#8217;s most famous works include the Father Brown detective series and the Christian apologetic work u003cemu003eOrthodoxyu003c\/emu003e. Chestertonu0026#8217;s unique style, marked by paradoxes and humor, continues to resonate with readers today, making his writings both timeless and relevant.u003c\/pu003enu003cpu003eChesterton also remains popular 150 years after his birth because he addresses universal themes such as faith, reason, and the human condition with a blend of humor and profound insight. u003c\/pu003enu003cpu003eTherefore, to celebrate this special anniversary, u003cstrongu003ehere are seven of his humorous quotes that demonstrate his wit and charm, but also his ability to provoke thought and reflection. u003c\/strongu003eu003c\/pu003enu003cblockquote class=\"wp-block-aleteia-blockquote\"u003eu003cspan class=\"text\"u003eu003cpu003eAngels can fly because they take themselves lightly.u0026#8221;u003c\/pu003eu003c\/spanu003eu003c\/blockquoteu003enu003cdiv id='aleteia-welcome'u003eu003c\/divu003enu003cpu003eThis quote reflects Chestertonu0026#8217;s playful take on humility and joy, suggesting that a light-hearted approach to life is a source of freedom.`u003c\/pu003enu003cblockquote class=\"wp-block-aleteia-blockquote\"u003eu003cspan class=\"text\"u003eu003cpu003eI\u2019ve searched all the parks in all the cities and found no statues of committees.u0026#8221;u003c\/pu003eu003c\/spanu003eu003c\/blockquoteu003enu003cpu003eWith this quip, Chesterton humorously critiques bureaucracy while celebrating individual achievement and creativity.u003c\/pu003enu003cblockquote class=\"wp-block-aleteia-blockquote\"u003eu003cspan class=\"text\"u003eu003cpu003eThe poets have been mysteriously silent on the subject of cheese.u0026#8221;u003c\/pu003eu003c\/spanu003eu003c\/blockquoteu003enu003cpu003eA classic Chestertonian observation that uses humor to point out the everyday subjects often overlooked by serious writers. u003c\/pu003enu003cblockquote class=\"wp-block-aleteia-blockquote\"u003eu003cspan class=\"text\"u003eu003cpu003eAn adventure is only an inconvenience rightly considered. An inconvenience is only an adventure wrongly considered.u0026#8221;u003c\/pu003eu003c\/spanu003eu003c\/blockquoteu003enu003cpu003eThis quote showcases Chestertonu0026#8217;s optimistic outlook and his belief in finding joy and excitement in the unexpected twists of life.u003c\/pu003enu003cblockquote class=\"wp-block-aleteia-blockquote\"u003eu003cspan class=\"text\"u003eu003cpu003eThe Bible tells us to love our neighbors, and also to love our enemies; probably because they are generally the same people.u0026#8221;u003c\/pu003eu003c\/spanu003eu003c\/blockquoteu003enu003cpu003eHere, Chesterton combines humor with a deeper reflection on the challenges of human relationships and the universal call to love. Itu0026#8217;s something many of us may still struggle with today.u003c\/pu003enu003cblockquote class=\"wp-block-aleteia-blockquote\"u003eu003cspan class=\"text\"u003eu003cpu003eTo have a right to do a thing is not at all the same as to be right in doing it.u0026#8221;u003c\/pu003eu003c\/spanu003eu003c\/blockquoteu003enu003cpu003eWith his sharp wit, Chesterton draws attention to the ethical considerations behind our actions, beyond mere legality.u003c\/pu003enu003cblockquote class=\"wp-block-aleteia-blockquote\"u003eu003cspan class=\"text\"u003eu003cpu003eArt, like morality, consists in drawing the line somewhere.u0026#8221;u003c\/pu003eu003c\/spanu003eu003c\/blockquoteu003enu003cpu003eThis witty statement encapsulates Chestertonu0026#8217;s views on the necessity of boundaries and discernment in both art and life.u003c\/pu003enu003colu003enu003cliu003eu003c\/liu003enu003c\/olu003entu003cdiv data-category=\"Lifestyle\" data-category-english=\"lifestyle\" class=\"wp-block-aleteia-read-also read-also\"u003enttu003cfigureu003entttu003cimgnttttsrc=\" \/u003enttu003c\/figureu003enttu003cdiv class=\"read-also-inner\"u003entttu003cemu003eRead more:u003c\/emu003eu003ca href=\" Chesterton tells us why parenting is so exhaustingu003c\/au003enttu003c\/divu003entu003c\/divu003etu003cdiv data-category=\"Lifestyle\" data-category-english=\"lifestyle\" class=\"wp-block-aleteia-read-also read-also\"u003enttu003cfigureu003entttu003cimgnttttsrc=\" \/u003enttu003c\/figureu003enttu003cdiv class=\"read-also-inner\"u003entttu003cemu003eRead more:u003c\/emu003eu003ca href=\" Tolkien teaches us to fight our inner dragonsu003c\/au003enttu003c\/divu003entu003c\/divu003e\",\"rawcontent\":\"u003c!-- wp:aleteia\/subtitle \/--u003ennu003c!-- wp:paragraph --u003enu003cpu003eu003cstrongu003eMay 29 marks the 150th anniversary of the birth of Gilbert Keith Chesterton,u003c\/strongu003e born on this day in 1874. Better known as u003ca href=\" target=\"_blank\" rel=\"noopener\" title=\"G.K. Chesterton, the devout English Catholic was a prolific writer\"u003eG.K. Chesterton, the devout English Catholic was a prolific writeru003c\/au003e, philosopher, lay theologian, and literary and art critic. Known for his wit, wisdom, and ability to craft insightful and thought-provoking prose, Chesterton wrote on a wide array of subjects, from theology and apologetics to mystery novels and literary criticism.u003c\/pu003enu003c!-- \/wp:paragraph --u003ennu003c!-- wp:paragraph --u003enu003cpu003eThe Englishman's most famous works include the Father Brown detective series and the Christian apologetic work u003cemu003eOrthodoxyu003c\/emu003e. Chesterton's unique style, marked by paradoxes and humor, continues to resonate with readers today, making his writings both timeless and relevant.u003c\/pu003enu003c!-- \/wp:paragraph --u003ennu003c!-- wp:paragraph --u003enu003cpu003eChesterton also remains popular 150 years after his birth because he addresses universal themes such as faith, reason, and the human condition with a blend of humor and profound insight. u003c\/pu003enu003c!-- \/wp:paragraph --u003ennu003c!-- wp:paragraph --u003enu003cpu003eTherefore, to celebrate this special anniversary, u003cstrongu003ehere are seven of his humorous quotes that demonstrate his wit and charm, but also his ability to provoke thought and reflection. u003c\/strongu003eu003c\/pu003enu003c!-- \/wp:paragraph --u003ennu003c!-- wp:aleteia\/blockquote \"content\":\"Angels can fly because they take themselves lightly.\\u0022\" --u003enu003cblockquote class=\"wp-block-aleteia-blockquote\"u003eu003cspan class=\"text\"u003eu003cpu003eAngels can fly because they take themselves lightly.\"u003c\/pu003eu003c\/spanu003eu003c\/blockquoteu003enu003c!-- \/wp:aleteia\/blockquote --u003ennu003c!-- wp:paragraph --u003enu003cpu003eThis quote reflects Chesterton's playful take on humility and joy, suggesting that a light-hearted approach to life is a source of freedom.`u003c\/pu003enu003c!-- \/wp:paragraph --u003ennu003c!-- wp:aleteia\/blockquote \"content\":\"I\u2019ve searched all the parks in all the cities and found no statues of committees.\\u0022\" --u003enu003cblockquote class=\"wp-block-aleteia-blockquote\"u003eu003cspan class=\"text\"u003eu003cpu003eI\u2019ve searched all the parks in all the cities and found no statues of committees.\"u003c\/pu003eu003c\/spanu003eu003c\/blockquoteu003enu003c!-- \/wp:aleteia\/blockquote --u003ennu003c!-- wp:paragraph --u003enu003cpu003eWith this quip, Chesterton humorously critiques bureaucracy while celebrating individual achievement and creativity.u003c\/pu003enu003c!-- \/wp:paragraph --u003ennu003c!-- wp:aleteia\/blockquote \"content\":\"The poets have been mysteriously silent on the subject of cheese.\\u0022\" --u003enu003cblockquote class=\"wp-block-aleteia-blockquote\"u003eu003cspan class=\"text\"u003eu003cpu003eThe poets have been mysteriously silent on the subject of cheese.\"u003c\/pu003eu003c\/spanu003eu003c\/blockquoteu003enu003c!-- \/wp:aleteia\/blockquote --u003ennu003c!-- wp:paragraph --u003enu003cpu003eA classic Chestertonian observation that uses humor to point out the everyday subjects often overlooked by serious writers. u003c\/pu003enu003c!-- \/wp:paragraph --u003ennu003c!-- wp:aleteia\/blockquote \"content\":\"An adventure is only an inconvenience rightly considered. An inconvenience is only an adventure wrongly considered.\\u0022\" --u003enu003cblockquote class=\"wp-block-aleteia-blockquote\"u003eu003cspan class=\"text\"u003eu003cpu003eAn adventure is only an inconvenience rightly considered. An inconvenience is only an adventure wrongly considered.\"u003c\/pu003eu003c\/spanu003eu003c\/blockquoteu003enu003c!-- \/wp:aleteia\/blockquote --u003ennu003c!-- wp:paragraph --u003enu003cpu003eThis quote showcases Chesterton's optimistic outlook and his belief in finding joy and excitement in the unexpected twists of life.u003c\/pu003enu003c!-- \/wp:paragraph --u003ennu003c!-- wp:aleteia\/blockquote \"content\":\"The Bible tells us to love our neighbors, and also to love our enemies; probably because they are generally the same people.\\u0022\" --u003enu003cblockquote class=\"wp-block-aleteia-blockquote\"u003eu003cspan class=\"text\"u003eu003cpu003eThe Bible tells us to love our neighbors, and also to love our enemies; probably because they are generally the same people.\"u003c\/pu003eu003c\/spanu003eu003c\/blockquoteu003enu003c!-- \/wp:aleteia\/blockquote --u003ennu003c!-- wp:paragraph --u003enu003cpu003eHere, Chesterton combines humor with a deeper reflection on the challenges of human relationships and the universal call to love. It's something many of us may still struggle with today.u003c\/pu003enu003c!-- \/wp:paragraph --u003ennu003c!-- wp:aleteia\/blockquote \"content\":\"To have a right to do a thing is not at all the same as to be right in doing it.\\u0022\" --u003enu003cblockquote class=\"wp-block-aleteia-blockquote\"u003eu003cspan class=\"text\"u003eu003cpu003eTo have a right to do a thing is not at all the same as to be right in doing it.\"u003c\/pu003eu003c\/spanu003eu003c\/blockquoteu003enu003c!-- \/wp:aleteia\/blockquote --u003ennu003c!-- wp:paragraph --u003enu003cpu003eWith his sharp wit, Chesterton draws attention to the ethical considerations behind our actions, beyond mere legality.u003c\/pu003enu003c!-- \/wp:paragraph --u003ennu003c!-- wp:aleteia\/blockquote \"content\":\"Art, like morality, consists in drawing the line somewhere.\\u0022\" --u003enu003cblockquote class=\"wp-block-aleteia-blockquote\"u003eu003cspan class=\"text\"u003eu003cpu003eArt, like morality, consists in drawing the line somewhere.\"u003c\/pu003eu003c\/spanu003eu003c\/blockquoteu003enu003c!-- \/wp:aleteia\/blockquote --u003ennu003c!-- wp:paragraph --u003enu003cpu003eThis witty statement encapsulates Chesterton's views on the necessity of boundaries and discernment in both art and life.u003c\/pu003enu003c!-- \/wp:paragraph --u003ennu003c!-- wp:list \"ordered\":true --u003enu003colu003eu003c!-- wp:list-item --u003enu003cliu003eu003c\/liu003enu003c!-- \/wp:list-item --u003eu003c\/olu003enu003c!-- \/wp:list --u003ennu003c!-- wp:aleteia\/read-also {\"link\":\" Chesterton tells us why parenting is so exhausting\",\"image\":\" --u003enu003cdiv class=\"read-also\"u003eu003ca href=\" Chesterton tells us why parenting is so exhaustingu003c\/au003eu003c\/divu003enu003c!-- \/wp:aleteia\/read-also --u003ennu003c!-- wp:aleteia\/read-also {\"link\":\" Tolkien teaches us to fight our inner dragons\",\"image\":\" --u003enu003cdiv class=\"read-also\"u003eu003ca href=\" Tolkien teaches us to fight our inner dragonsu003c\/au003eu003c\/divu003enu003c!-- \/wp:aleteia\/read-also --u003e\",\"pages\":1,\"language\":\"en\",\"galleries\":[],\"video\":false,\"title\":\"7 Humorous quotes from Catholic writer G.K. Chesterton\",\"subheading\":\"To mark the 150-year anniversary of the writer's birth, here are just a few of his best witticisms. \",\"author\":\"Cerith Gardiner\",\"author_2\":\"\",\"authors_obj\":[\"ID\":\"146762\",\"link\":\" a bachelor of science in Management Sciences from UMIST in England, Cerith Gardiner started her teaching career as a catechist to young children and now she teaches English\u00a0 to art students at Penninghen in Paris, France. She has been writing for Aleteia for four years, relying on her experiences as a mom of four, and a sister to eight to help guide her along the way.\",\"twitter\":\"\",\"facebook\":\"\",\"subtitle\":\"\",\"title_guest_author\":\"\",\"thumb\":\" Gardiner\",\"hreflangs\": Aleteia\",\"link\":\"\",\"caption\":\"\",\"alt\":\"G.K. Chesterton funny quotes\",\"link\":\"\/2024\/05\/28\/7-humorous-quotes-from-catholic-writer-g-k-chesterton\/\",\"category_obj\":\"link\":\" 0, 31, 77, 1 )\",\"term_id\":278,\"category\":\"Lifestyle\",\"category_slug\":\"lifestyle\",\"category_id\":278,\"category_color\":\"#001F4D\",\"parent_category\":\"Lifestyle\",\"published\":1716936093,\"published_datalayer\":\"2024.05.28\",\"article_modified_date\":\"\",\"article_modified\":false,\"published_formatted\":\"published on 05\/28\/24\",\"tags\":\"Catholic Lifestyle, Catholic Quotes, Faith, GK Chesterton\",\"firsttag\":\"GK Chesterton\",\"tags_items\":[\"term_id\":423717264,\"name\":\"Catholic Lifestyle\",\"link\":\" Quotes\",\"link\":\" Chesterton\",\"link\":\" Department\",\"settings\":\"disable_slideshow_cta\":\"\",\"template_customizations\":\"\",\"post_appearance_setting\":\"no_drop_caps\":false,\"hide_from_tops\":false,\"hide_date\":false,\"hide_post\":false,\"hide_post_in_newsletter\":false,\"ads_disabled\":false,\"inread_ads_disabled\":false,\"custom_inread_position_enabled\":false,\"custom_inread_position\":\"2\",\"test_pixel_enabled\":false,\"test_pixel_position\":\"\",\"exclude_banner_article\":false,\"div_moneytags_position\":\"\",\"hide_promotional_box\":false,\"original_article\":\"is_original\":\"1\",\"url\":\"\",\"edition\":\"en\",\"gtm\":\"page_type\":\"\",\"page_type_2\":\"\",\"category_name\":\"lifestyle\",\"article_subcategory\":\"Lifestyle\",\"article_type\":\"article\",\"cd\":\"dimension1\":\"Cerith Gardiner\",\"dimension2\":\"Lifestyle\",\"dimension3\":\"1716936093\",\"dimension4\":\"en\",\"dimension5\":\"\",\"dimension6\":\"article\",\"dimension7\":\"2024.05.28\",\"dimension8\":\"Catholic Lifestyle, Catholic Quotes, Faith, GK Chesterton\",\"dimension9\":\"To mark the 150-year anniversary of the writer's birth, here are just a few of his best witticisms. \",\"dimension10\":\"806289\",\"dimension11\":\"Catholic Lifestyle\",\"dimension12\":\"web\",\"dimension13\":\"\",\"dimension17\":\"Lifestyle Department\",\"dimension14\":\"Lifestyle\",\"photo_of_the_day\":false,\"daily_wisdom\":false,\"word_count\":957,\"shortcodes\":[],\"sponsoredSettings\":,\"isSponsored\":false,\"custom_skin_settings\":\"slot\":\"custom-skin\",\"library\":\"theme.Skin\",\"skin_default_article\":\"1\",\"hide_from_layout_endpoint\":\"1\",\"props\":\"id\":\"custom-skid-ad\",\"unit\":\"64500793\/EN_DESK_ARTICLE_SKIN_1x1\",\"collapse_empty_divs\":false,\"premium_ads\":false,\"bids\":\"\",\"nexxx360_id\":\"\",\"size\":[],\"adjacent_posts\":\"next_post\":\"link\":\" Article \",\"prev_post\":\"link\":\" Article \",\"close_comments\":false,\"premium_content\":\"\",\"trunked_content\":\"u003ch2 class=\"subtitle\"u003eTo mark the 150-year anniversary of the writer's birth, here are just a few of his best witticisms. u003c\/h2u003enu003cpu003eu003cstrongu003eMay 29 marks the 150th anniversary of the birth of Gilbert Keith Chesterton,u003c\/strongu003e born on this day in 1874. Better known as u003ca href=\" target=\"_blank\" rel=\"noopener\" title=\"G.K. Chesterton, the devout English Catholic was a prolific writer\"u003eG.K. Chesterton, the devout English Catholic was a prolific writeru003c\/au003e, philosopher, lay theologian, and literary and art critic. Known for his wit, wisdom, and ability to craft insightful and thought-provoking prose, Chesterton wrote on a wide array of subjects, from theology and apologetics to mystery novels and literary criticism.u003c\/pu003ennu003cpu003eThe Englishman's most famous works include the Father Brown detective series and the Christian apologetic work u003cemu003eOrthodoxyu003c\/emu003e. Chesterton's unique style, marked by paradoxes and humor, continues to resonate with readers today, making his writings both timeless and relevant.u003c\/pu003en\",{\"simple\":false,\"id\":805707,\"related\":[],\"content\":\"u003cspan class=\"subtitle\"u003eThe celebration of Corpus Christi can be traced to a vision that a 13th-century Belgian nun named Juliana had of the liturgical year.u003c\/spanu003eu003cpu003eThe Roman Rite of the Catholic Church celebrates the feast of Corpus Christi (Body and Blood of the Lord) each year after Trinity Sunday.u003c\/pu003enu003cpu003eHowever, the Church did not always celebrate this feast, and a large influence behind it was a a 13th-century Belgian nun named Juliana.u003c\/pu003enu003cdiv class=\"wp-block-aleteia-heading3\"u003enu003ch2u003eSt. Julianau0026#8217;s visionu003c\/h2u003enu003c\/pu003eu003c\/divu003enu003cpu003eJuliana was deeply devoted to the Holy Eucharist from an early age and according to Aleteia writer u003ca href=\" target=\"_blank\" rel=\"noopener\" title=\"\"u003eJoanne McPortlandu003c\/au003e, u0026#8220;entered religious life at the age of 13, serving in a hospice for lepers run by her community.u0026#8221;u003c\/pu003enu003cpu003eIt was during this time that she began to have a peculiar vision. Author Heinrich Stieglitz\u00a0narrates the vision in his book u003cemu003eu003ca href=\" target=\"_blank\" rel=\"noopener\" title=\"\"u003eThe Church Year: Talks to Childrenu003c\/au003eu003c\/emu003e:u003c\/pu003enu003cblockquote class=\"wp-block-quote is-layout-flow wp-block-quote-is-layout-flow\"u003enu003cpu003eAs early as her sixteenth year Juliana had a remarkable vision while she was at prayer. She saw u003cstrongu003ethe full moon shining brightly, but upon it was a dark spot as if a piece of it were broken outu003c\/strongu003e. At first she could not understand the vision. The oftener she looked at this strange sight, the more her wonder grew.u003c\/pu003enu003c\/blockquoteu003enu003cdiv id='aleteia-welcome'u003eu003c\/divu003enu003cpu003eInitially she thought the vision was demonic in origin and begged God for help:u003c\/pu003enu003cblockquote class=\"wp-block-quote is-layout-flow wp-block-quote-is-layout-flow\"u003enu003cpu003eu0026#8220;u003cstrongu003eIs it a temptation of the Evil One?u003c\/strongu003eu0026#8221; she asked anxiously. She prayed earnestly and yet the vision remained. Amid burning tears the girl asked her loving Savior to please explain to her what it meant.u003c\/pu003enu003c\/blockquoteu003enu003cpu003eAccording to the account, Jesus responded to Julianau0026#8217;s request and told her exactly what the vision was supposed to represent:u003c\/pu003enu003cblockquote class=\"wp-block-quote is-layout-flow wp-block-quote-is-layout-flow\"u003enu003cpu003eFinally Jesus told her, u0026#8220;u003cstrongu003eThe moon represents the ecclesiastical year. The dark spot within its shining surface means that there is still one feast missingu003c\/strongu003e. It is My will that a great festival be instituted in honor of u003cstrongu003eMy Sacred Bodyu003c\/strongu003e. Holy Thursday is more a day of sorrow than of joy. Now go and announce it to the world.u0026#8221; The humble nun shrank from such a task and told our Lord so, u0026#8220;Lord,u0026#8221; she said, u0026#8220;I am only a simple maiden and I am not at all worthy. So please entrust this work to holy and learned priests.u0026#8221;u003c\/pu003enu003c\/blockquoteu003enu003cpu003eInitially Juliana didnu0026#8217;t tell anyone, but over time she confided her vision to a few people and then the account made its way to the pope himself.u003c\/pu003enu003cpu003eWhile St. Thomas Aquinas would eventually write beautiful poetic hymns for this new feast, the celebration would likely not exist if it werenu0026#8217;t for the holiness of St. Juliana and her openness to receive Godu0026#8217;s word.u003c\/pu003entu003cdiv data-category=\"Church\" data-category-english=\"church\" class=\"wp-block-aleteia-read-also read-also\"u003enttu003cfigureu003entttu003cimgnttttsrc=\" \/u003enttu003c\/figureu003enttu003cdiv class=\"read-also-inner\"u003entttu003cemu003eRead more:u003c\/emu003eu003ca href=\"u003eJuliana of Liege, the 13th-century religious woman who brought us Corpus Christiu003c\/au003enttu003c\/divu003entu003c\/divu003e\",\"rawcontent\":\"u003c!-- wp:aleteia\/subtitle \/--u003ennu003c!-- wp:paragraph --u003enu003cpu003eThe Roman Rite of the Catholic Church celebrates the feast of Corpus Christi (Body and Blood of the Lord) each year after Trinity Sunday.u003c\/pu003enu003c!-- \/wp:paragraph --u003ennu003c!-- wp:paragraph --u003enu003cpu003eHowever, the Church did not always celebrate this feast, and a large influence behind it was a a 13th-century Belgian nun named Juliana.u003c\/pu003enu003c!-- \/wp:paragraph --u003ennu003c!-- wp:aleteia\/heading3 \"content\":\"St. Juliana's vision\" --u003enu003ch3u003eSt. Juliana's visionu003c\/h3u003enu003c!-- \/wp:aleteia\/heading3 --u003ennu003c!-- wp:paragraph --u003enu003cpu003eJuliana was deeply devoted to the Holy Eucharist from an early age and according to Aleteia writer u003ca href=\" target=\"_blank\" rel=\"noopener\" title=\"\"u003eJoanne McPortlandu003c\/au003e, \"entered religious life at the age of 13, serving in a hospice for lepers run by her community.\"u003c\/pu003enu003c!-- \/wp:paragraph --u003ennu003c!-- wp:paragraph --u003enu003cpu003eIt was during this time that she began to have a peculiar vision. Author Heinrich Stieglitz\u00a0narrates the vision in his book u003cemu003eu003ca href=\" target=\"_blank\" rel=\"noopener\" title=\"\"u003eThe Church Year: Talks to Childrenu003c\/au003eu003c\/emu003e:u003c\/pu003enu003c!-- \/wp:paragraph --u003ennu003c!-- wp:quote --u003enu003cblockquote class=\"wp-block-quote\"u003eu003c!-- wp:paragraph --u003enu003cpu003eAs early as her sixteenth year Juliana had a remarkable vision while she was at prayer. She saw u003cstrongu003ethe full moon shining brightly, but upon it was a dark spot as if a piece of it were broken outu003c\/strongu003e. At first she could not understand the vision. The oftener she looked at this strange sight, the more her wonder grew.u003c\/pu003enu003c!-- \/wp:paragraph --u003eu003c\/blockquoteu003enu003c!-- \/wp:quote --u003ennu003c!-- wp:paragraph --u003enu003cpu003eInitially she thought the vision was demonic in origin and begged God for help:u003c\/pu003enu003c!-- \/wp:paragraph --u003ennu003c!-- wp:quote --u003enu003cblockquote class=\"wp-block-quote\"u003eu003c!-- wp:paragraph --u003enu003cpu003e\"u003cstrongu003eIs it a temptation of the Evil One?u003c\/strongu003e\" she asked anxiously. She prayed earnestly and yet the vision remained. Amid burning tears the girl asked her loving Savior to please explain to her what it meant.u003c\/pu003enu003c!-- \/wp:paragraph --u003eu003c\/blockquoteu003enu003c!-- \/wp:quote --u003ennu003c!-- wp:paragraph --u003enu003cpu003eAccording to the account, Jesus responded to Juliana's request and told her exactly what the vision was supposed to represent:u003c\/pu003enu003c!-- \/wp:paragraph --u003ennu003c!-- wp:quote --u003enu003cblockquote class=\"wp-block-quote\"u003eu003c!-- wp:paragraph --u003enu003cpu003eFinally Jesus told her, \"u003cstrongu003eThe moon represents the ecclesiastical year. The dark spot within its shining surface means that there is still one feast missingu003c\/strongu003e. It is My will that a great festival be instituted in honor of u003cstrongu003eMy Sacred Bodyu003c\/strongu003e. Holy Thursday is more a day of sorrow than of joy. Now go and announce it to the world.\" The humble nun shrank from such a task and told our Lord so, \"Lord,\" she said, \"I am only a simple maiden and I am not at all worthy. So please entrust this work to holy and learned priests.\"u003c\/pu003enu003c!-- \/wp:paragraph --u003eu003c\/blockquoteu003enu003c!-- \/wp:quote --u003ennu003c!-- wp:paragraph --u003enu003cpu003eInitially Juliana didn't tell anyone, but over time she confided her vision to a few people and then the account made its way to the pope himself.u003c\/pu003enu003c!-- \/wp:paragraph --u003ennu003c!-- wp:paragraph --u003enu003cpu003eWhile St. Thomas Aquinas would eventually write beautiful poetic hymns for this new feast, the celebration would likely not exist if it weren't for the holiness of St. Juliana and her openness to receive God's word.u003c\/pu003enu003c!-- \/wp:paragraph --u003ennu003c!-- wp:aleteia\/read-also {\"link\":\",\"text\":\"Juliana of Liege, the 13th-century religious woman who brought us Corpus Christi\",\"image\":\" --u003enu003cdiv class=\"read-also\"u003eu003ca href=\"u003eJuliana of Liege, the 13th-century religious woman who brought us Corpus Christiu003c\/au003eu003c\/divu003enu003c!-- \/wp:aleteia\/read-also --u003e\",\"pages\":1,\"language\":\"en\",\"galleries\":[],\"video\":false,\"title\":\"The miraculous vision behind the feast of Corpus Christi\",\"subheading\":\"The celebration of Corpus Christi can be traced to a vision that a 13th-century Belgian nun named Juliana had of the liturgical year.\",\"author\":\"Philip Kosloski\",\"author_2\":\"\",\"authors_obj\":[\"ID\":\"1243\",\"link\":\" Kosloski graduated from the University of Saint Thomas in Minnesota with a bachelor's degree in philosophy and Catholic studies and a master's degree in theology from the Augustine Institute. He is currently a spirituality writer for Aleteia.org and has been featured on such places as The Huffington Post, Crisis Magazine, The Catholic Herald, Catholic Exchange, National Catholic Register and EWTN Radio.\",\"twitter\":\"PhilipKosloski\",\"facebook\":\"philipkosloski\",\"subtitle\":\"\",\"title_guest_author\":\"\",\"thumb\":\" Kosloski\",\"hreflangs\": CC BY 3.0\",\"link\":\" of Liege\",\"link\":\"\/2024\/05\/28\/the-miraculous-vision-behind-the-feast-of-corpus-christi\/\",\"category_obj\":\"link\":\" 0, 31, 77, 1 )\",\"term_id\":1494,\"category\":\"Spirituality\",\"category_slug\":\"spirituality\",\"category_id\":1494,\"category_color\":\"#001F4D\",\"parent_category\":\"Spirituality\",\"published\":1716883200,\"published_datalayer\":\"2024.05.28\",\"article_modified_date\":\"\",\"article_modified\":false,\"published_formatted\":\"published on 05\/28\/24\",\"tags\":\"Devotions and Feasts, Eucharist, Saints\",\"firsttag\":\"Saints\",\"tags_items\":[\"term_id\":423715949,\"name\":\"Devotions and Feasts\",\"link\":\" Department\",\"settings\":\"disable_slideshow_cta\":\"\",\"template_customizations\":\"\",\"post_appearance_setting\":\"no_drop_caps\":false,\"hide_from_tops\":false,\"hide_date\":false,\"hide_post\":false,\"hide_post_in_newsletter\":false,\"ads_disabled\":false,\"inread_ads_disabled\":false,\"custom_inread_position_enabled\":false,\"custom_inread_position\":\"2\",\"test_pixel_enabled\":false,\"test_pixel_position\":\"\",\"exclude_banner_article\":false,\"div_moneytags_position\":\"\",\"hide_promotional_box\":false,\"original_article\":\"is_original\":\"1\",\"url\":\"\",\"edition\":\"en\",\"gtm\":\"page_type\":\"\",\"page_type_2\":\"\",\"category_name\":\"spirituality\",\"article_subcategory\":\"Spirituality\",\"article_type\":\"article\",\"cd\":\"dimension1\":\"Philip Kosloski\",\"dimension2\":\"Spirituality\",\"dimension3\":\"1716883200\",\"dimension4\":\"en\",\"dimension5\":\"\",\"dimension6\":\"article\",\"dimension7\":\"2024.05.28\",\"dimension8\":\"Devotions and Feasts, Eucharist, Saints\",\"dimension9\":\"The celebration of Corpus Christi can be traced to a vision that a 13th-century Belgian nun named Juliana had of the liturgical year.\",\"dimension10\":\"805707\",\"dimension11\":\"Devotions and Feasts\",\"dimension12\":\"web\",\"dimension13\":\"\",\"dimension17\":\"Spirituality Department\",\"dimension14\":\"Spirituality\",\"photo_of_the_day\":false,\"daily_wisdom\":false,\"word_count\":686,\"shortcodes\":[],\"sponsoredSettings\":,\"isSponsored\":false,\"custom_skin_settings\":\"slot\":\"custom-skin\",\"library\":\"theme.Skin\",\"skin_default_article\":\"1\",\"hide_from_layout_endpoint\":\"1\",\"props\":\"id\":\"custom-skid-ad\",\"unit\":\"64500793\/EN_DESK_ARTICLE_SKIN_1x1\",\"collapse_empty_divs\":false,\"premium_ads\":false,\"bids\":\"\",\"nexxx360_id\":\"\",\"size\":[],\"adjacent_posts\":\"next_post\":\"link\":\" Article \",\"prev_post\":\"link\":\" Article \",\"close_comments\":false,\"premium_content\":\"\",\"trunked_content\":\"u003ch2 class=\"subtitle\"u003eThe celebration of Corpus Christi can be traced to a vision that a 13th-century Belgian nun named Juliana had of the liturgical year.u003c\/h2u003enu003cpu003eThe Roman Rite of the Catholic Church celebrates the feast of Corpus Christi (Body and Blood of the Lord) each year after Trinity Sunday.u003c\/pu003ennu003cpu003eHowever, the Church did not always celebrate this feast, and a large influence behind it was a a 13th-century Belgian nun named Juliana.u003c\/pu003en\",{\"simple\":false,\"id\":764139,\"related\":[],\"content\":\"u003cspan class=\"subtitle\"u003ePope laments an \"open sore of our humanity,\" calls us to \"pain and shame.\"u003c\/spanu003eu003cpu003eAnother shipwreck this week in the Mediterranean led the Pope to warn the faithful against u0026#8220;remain(ing) indifferent to these tragedies.u0026#8221;u003c\/pu003enu003cpu003eAfter praying the midday Angelus this August 13, he said:u003c\/pu003enu003cblockquote class=\"wp-block-quote is-layout-flow wp-block-quote-is-layout-flow\"u003enu003cpu003eAnother tragic shipwreck happened a few days ago in the Mediterranean Sea: forty-one people lost their lives. I prayed for them. And with pain and shame we have to say that since the beginning of the year already almost 2,000 men, women, and children have died in this sea trying to reach Europe. u003c\/pu003ennnnu003cpu003eIt is an open sore of our humanity. I encourage the political and diplomatic efforts that seek to heal it in a spirit of solidarity and brotherhood, as well as the efforts of all those working to prevent shipwrecks and rescue migrants.u003c\/pu003enu003c\/blockquoteu003enu003cpu003eFour survivors, including an unaccompanied 13-year-old boy, were rescued on August 9 off the small Italian island of Lampedusa, not far from Tunisia. Thanks to their reports, authorities were able to piece together the tragedy, which happened between August 3 and 4.u003c\/pu003enu003cdiv id='aleteia-welcome'u003eu003c\/divu003enu003cpu003eUNICEF reported: \u201cThis time, a pregnant mother is among those who have lost their lives off the coast of Lampedusa, Italy. An 18-month-old child travelling with their mother has also died.u0026#8221;u003c\/pu003enu003cfigure class=\"wp-block-embed is-type-rich is-provider-twitter wp-block-embed-twitter\" data-original=\"false\"u003enu003cdiv class=\"wp-block-embed__wrapper\"u003enu003cblockquote class=\"twitter-tweet\" data-width=\"550\" data-dnt=\"true\"u003eu003cp lang=\"en\" dir=\"ltr\"u003eWith sorrow I heard about the news of the shipwreck involving migrants in the Mediterranean Sea. Let us not remain indifferent to these tragedies, and let us pray for the victims and their families.u003c\/pu003eu0026mdash; Pope Francis (@Pontifex) u003ca href=\" 10, 2023u003c\/au003eu003c\/blockquoteu003enu003cpu003eu003cscript async src=\" charset=\"utf-8\"u003eu003c\/scriptu003enu003c\/divu003enu003c\/figureu003enu003cpu003eAs the Pope mentioned, at least 2,000 people have died since the start of the year trying to cross the Mediterranean, says the u003ca href=\" target=\"_blank\" rel=\"noopener\" title=\"International Organization for Migration\"u003eInternational Organization for Migrationu003c\/au003e. Since 2014, it has counted 27,364 dead and missing at sea.u003c\/pu003enu003cpu003ePope Francis has made migrating people one of the great causes of his pontificate. On his first trip as pope, he visited the island of Lampedusa to throw a wreath of flowers into the sea and pray for the missing, in July 2013.u003c\/pu003enu003cpu003eLast Sunday, as he flew back from WYD in Lisbon, he once again expressed his sorrow at the tragedies of migrants in the Mediterranean and North Africa. He once again condemned the u0026#8220;criminalu0026#8221; exploitation of migrants in certain camps.u003c\/pu003enu003cpu003eHis trip to Marseille on September 22 and 23 is motivated by these tragedies, he told journalists on the plane. In Marseille, he will be meeting bishops from around the Mediterranean. u0026#8220;[They] will be meeting, along with some politicians, to reflect seriously on the tragedy of migrants,u0026#8221; he explained.u003c\/pu003entu003cdiv data-category=\"Church\" data-category-english=\"church\" class=\"wp-block-aleteia-read-also read-also\"u003enttu003cfigureu003entttu003cimgnttttsrc=\" Francis celebrating Mass at Lampedusa\"nttttloading=\"lazy\" \/u003enttu003c\/figureu003enttu003cdiv class=\"read-also-inner\"u003entttu003cemu003eRead more:u003c\/emu003eu003ca href=\" Pope Francisu0026#8217; 1st trip outside Italy shaped himu003c\/au003enttu003c\/divu003entu003c\/divu003e\",\"rawcontent\":\"u003c!-- wp:aleteia\/subtitle \/--u003ennu003c!-- wp:paragraph --u003enu003cpu003eAnother shipwreck this week in the Mediterranean led the Pope to warn the faithful against \"remain(ing) indifferent to these tragedies.\"u003c\/pu003enu003c!-- \/wp:paragraph --u003ennu003c!-- wp:paragraph --u003enu003cpu003eAfter praying the midday Angelus this August 13, he said:u003c\/pu003enu003c!-- \/wp:paragraph --u003ennu003c!-- wp:quote --u003enu003cblockquote class=\"wp-block-quote\"u003eu003c!-- wp:paragraph --u003enu003cpu003eAnother tragic shipwreck happened a few days ago in the Mediterranean Sea: forty-one people lost their lives. I prayed for them. And with pain and shame we have to say that since the beginning of the year already almost 2,000 men, women, and children have died in this sea trying to reach Europe. u003c\/pu003enu003c!-- \/wp:paragraph --u003ennu003c!-- wp:paragraph --u003enu003cpu003eIt is an open sore of our humanity. I encourage the political and diplomatic efforts that seek to heal it in a spirit of solidarity and brotherhood, as well as the efforts of all those working to prevent shipwrecks and rescue migrants.u003c\/pu003enu003c!-- \/wp:paragraph --u003eu003c\/blockquoteu003enu003c!-- \/wp:quote --u003ennu003c!-- wp:paragraph --u003enu003cpu003eFour survivors, including an unaccompanied 13-year-old boy, were rescued on August 9 off the small Italian island of Lampedusa, not far from Tunisia. Thanks to their reports, authorities were able to piece together the tragedy, which happened between August 3 and 4.u003c\/pu003enu003c!-- \/wp:paragraph --u003ennu003c!-- wp:paragraph --u003enu003cpu003eUNICEF reported: \u201cThis time, a pregnant mother is among those who have lost their lives off the coast of Lampedusa, Italy. An 18-month-old child travelling with their mother has also died.\"u003c\/pu003enu003c!-- \/wp:paragraph --u003ennu003c!-- wp:embed {\"url\":\" --u003enu003cfigure class=\"wp-block-embed is-type-rich is-provider-twitter wp-block-embed-twitter\"u003eu003cdiv class=\"wp-block-embed__wrapper\"u003en \/wp:embed --u003ennu003c!-- wp:paragraph --u003enu003cpu003eAs the Pope mentioned, at least 2,000 people have died since the start of the year trying to cross the Mediterranean, says the u003ca href=\" target=\"_blank\" rel=\"noopener\" title=\"International Organization for Migration\"u003eInternational Organization for Migrationu003c\/au003e. Since 2014, it has counted 27,364 dead and missing at sea.u003c\/pu003enu003c!-- \/wp:paragraph --u003ennu003c!-- wp:paragraph --u003enu003cpu003ePope Francis has made migrating people one of the great causes of his pontificate. On his first trip as pope, he visited the island of Lampedusa to throw a wreath of flowers into the sea and pray for the missing, in July 2013.u003c\/pu003enu003c!-- \/wp:paragraph --u003ennu003c!-- wp:paragraph --u003enu003cpu003eLast Sunday, as he flew back from WYD in Lisbon, he once again expressed his sorrow at the tragedies of migrants in the Mediterranean and North Africa. He once again condemned the \"criminal\" exploitation of migrants in certain camps.u003c\/pu003enu003c!-- \/wp:paragraph --u003ennu003c!-- wp:paragraph --u003enu003cpu003eHis trip to Marseille on September 22 and 23 is motivated by these tragedies, he told journalists on the plane. In Marseille, he will be meeting bishops from around the Mediterranean. \"[They] will be meeting, along with some politicians, to reflect seriously on the tragedy of migrants,\" he explained.u003c\/pu003enu003c!-- \/wp:paragraph --u003ennu003c!-- wp:aleteia\/read-also \"link\":\" Pope Francis\\u0026#8217; 1st trip outside Italy shaped him\",\"image\":\" --u003enu003cdiv class=\"read-also\"u003eu003ca href=\" Pope Francisu0026#8217; 1st trip outside Italy shaped himu003c\/au003eu003c\/divu003enu003c!-- \/wp:aleteia\/read-also --u003e\",\"pages\":1,\"language\":\"en\",\"galleries\":[],\"video\":false,\"title\":\"Are you indifferent to tragedies in Mediterranean? Pope\u2019s warning\",\"subheading\":\"Pope laments an \"open sore of our humanity,\" calls us to \"pain and shame.\"\",\"author\":\"Kathleen N. Hattrup\",\"author_2\":\"\",\"authors_obj\":[\"ID\":\"75692\",\"link\":\" style=\"font-weight: 400\"u003eu003cstrongu003eKathleen N. Hattrupu003c\/strongu003e is the Executive Editor of Aleteia's English edition. Her career in Catholic media has particularly focused on the popes and news from Rome. Su003c\/spanu003eu003cspan style=\"font-weight: 400\"u003ehe is also a translator, a children's book author, and a mom of four.u003c\/spanu003e\",\"twitter\":\"\",\"facebook\":\"\",\"subtitle\":\"\",\"title_guest_author\":\"\",\"thumb\":\" N. Hattrup\",\"hreflangs\":\"en\":\" IMPERATO ,\"link\":\"\/2023\/08\/13\/are-you-indifferent-to-tragedies-in-mediterranean-popes-warning\/\",\"category_obj\":\"link\":\" 240, 183, 44, 1 )\",\"term_id\":423715166,\"category\":\"Church\",\"category_slug\":\"church-news\",\"category_id\":423715166,\"category_color\":\"#f0b72c\",\"parent_category\":\"Church\",\"published\":1691914560,\"published_datalayer\":\"2023.08.13\",\"article_modified_date\":\"\",\"article_modified\":false,\"published_formatted\":\"published on 08\/13\/23\",\"tags\":\"\",\"firsttag\":\"\",\"tags_items\":[],\"post_type\":\"post\",\"article_type\":\"article\",\"macroarea\":\"Infotainment Department\",\"settings\":\"disable_slideshow_cta\":\"\",\"template_customizations\":\"\",\"post_appearance_setting\":\"no_drop_caps\":false,\"hide_from_tops\":false,\"hide_date\":false,\"hide_post\":false,\"hide_post_in_newsletter\":false,\"ads_disabled\":false,\"inread_ads_disabled\":false,\"custom_inread_position_enabled\":false,\"custom_inread_position\":\"2\",\"test_pixel_enabled\":false,\"test_pixel_position\":\"\",\"exclude_banner_article\":false,\"div_moneytags_position\":\"\",\"hide_promotional_box\":false,\"original_article\":\"is_original\":\"1\",\"url\":\"\",\"edition\":\"en\",\"gtm\":\"page_type\":\"\",\"page_type_2\":\"\",\"category_name\":\"church\",\"article_subcategory\":\"Church\",\"article_type\":\"article\",\"cd\":\"dimension1\":\"Kathleen N. Hattrup\",\"dimension2\":\"Church\",\"dimension3\":\"1691914560\",\"dimension4\":\"en\",\"dimension5\":\"\",\"dimension6\":\"article\",\"dimension7\":\"2023.08.13\",\"dimension8\":\"\",\"dimension9\":\"Pope laments an \"open sore of our humanity,\" calls us to \"pain and shame.\"\",\"dimension10\":\"764139\",\"dimension11\":\"\",\"dimension12\":\"web\",\"dimension13\":\"\",\"dimension17\":\"Church\",\"dimension14\":\"Church\",\"photo_of_the_day\":false,\"daily_wisdom\":false,\"word_count\":611,\"shortcodes\":[],\"sponsoredSettings\":,\"isSponsored\":false,\"custom_skin_settings\":\"slot\":\"custom-skin\",\"library\":\"theme.Skin\",\"skin_default_article\":\"1\",\"hide_from_layout_endpoint\":\"1\",\"props\":\"id\":\"custom-skid-ad\",\"unit\":\"64500793\/EN_DESK_ARTICLE_SKIN_1x1\",\"collapse_empty_divs\":false,\"premium_ads\":false,\"bids\":\"\",\"nexxx360_id\":\"\",\"size\":[],\"adjacent_posts\":\"next_post\":\"link\":\" Article \",\"prev_post\":\"link\":\" Article \",\"close_comments\":false,\"premium_content\":\"\",\"trunked_content\":\"u003ch2 class=\"subtitle\"u003ePope laments an \"open sore of our humanity,\" calls us to \"pain and shame.\"u003c\/h2u003enu003cpu003eAnother shipwreck this week in the Mediterranean led the Pope to warn the faithful against \"remain(ing) indifferent to these tragedies.\"u003c\/pu003ennu003cpu003eAfter praying the midday Angelus this August 13, he said:u003c\/pu003en\",{\"simple\":false,\"id\":806294,\"related\":[],\"content\":\"u003cspan class=\"subtitle\"u003eAs Gilbert K. Chesterton hits the 1-5-0, we celebrate by sharing five lesser-known facts about a man who was unique in every way.u003c\/spanu003eu003cpu003eAs you must be aware by now, today marks the 150th birthday of u003ca href=\" target=\"_blank\" rel=\"noopener\" title=\"G.K. Chesterton\"u003eG.K. Chestertonu003c\/au003e. By way of celebration, we invite you to brush up on some Chesterton facts that may not provide you with any practical knowledge but will hopefully bring you some mirth. u003c\/pu003enu003cpu003eu003cstrongu003eView the PHOTO GALLERY below to learn 5 Fabulous facts about Chesterton on his birthday!u003c\/strongu003eu003c\/pu003enu003cdiv class=\"wp-block-aleteia-slideshow\"u003entttu003cimg decoding=\"async\" width=\"620\" height=\"100%\" src=\" alt=\"5 Fabulous facts about Chesterton on his birthday (Photos)\" \/u003eu003cbr \/u003entttu003ca href=\" the slideshow u003c\/au003enttu003c\/divu003entu003cdiv data-category=\"Lifestyle\" data-category-english=\"lifestyle\" class=\"wp-block-aleteia-read-also read-also\"u003enttu003cfigureu003entttu003cimgnttttsrc=\" posed in front of papers\"nttttloading=\"lazy\" \/u003enttu003c\/figureu003enttu003cdiv class=\"read-also-inner\"u003entttu003cemu003eRead more:u003c\/emu003eu003ca href=\" Chesterton turns 150: Celebrating his life and legacyu003c\/au003enttu003c\/divu003entu003c\/divu003etu003cdiv data-category=\"Art u0026amp; Culture\" data-category-english=\"culture\" class=\"wp-block-aleteia-read-also read-also\"u003enttu003cfigureu003entttu003cimgnttttsrc=\" of Chesterton by James Montgomery Flagg 1914\"nttttloading=\"lazy\" \/u003enttu003c\/figureu003enttu003cdiv class=\"read-also-inner\"u003entttu003cemu003eRead more:u003c\/emu003eu003ca href=\" Chesterton thought we are living in a fairytaleu003c\/au003enttu003c\/divu003entu003c\/divu003e\",\"rawcontent\":\"u003c!-- wp:aleteia\/subtitle \/--u003ennu003c!-- wp:paragraph --u003enu003cpu003eAs you must be aware by now, today marks the 150th birthday of u003ca href=\" target=\"_blank\" rel=\"noopener\" title=\"G.K. Chesterton\"u003eG.K. Chestertonu003c\/au003e. By way of celebration, we invite you to brush up on some Chesterton facts that may not provide you with any practical knowledge but will hopefully bring you some mirth. u003c\/pu003enu003c!-- \/wp:paragraph --u003ennu003c!-- wp:paragraph --u003enu003cpu003eu003cstrongu003eView the PHOTO GALLERY below to learn 5 Fabulous facts about Chesterton on his birthday!u003c\/strongu003eu003c\/pu003enu003c!-- \/wp:paragraph --u003ennu003c!-- wp:aleteia\/slideshow \"id\":806416,\"title\":\"5 Fabulous facts about Chesterton on his birthday (Photos)\",\"link\":\"https:\/\/aleteia.org\/slideshow\/5-fabulous-facts-about-chesterton-on-his-birthday-photos\/\",\"cover\":\",\"uncropped\":true \/--u003ennu003c!-- wp:aleteia\/read-also {\"link\":\" Chesterton turns 150: Celebrating his life and legacy\",\"image\":\" --u003enu003cdiv class=\"read-also\"u003eu003ca href=\" Chesterton turns 150: Celebrating his life and legacyu003c\/au003eu003c\/divu003enu003c!-- \/wp:aleteia\/read-also --u003ennu003c!-- wp:aleteia\/read-also {\"link\":\" Chesterton thought we are living in a fairytale\",\"image\":\" --u003enu003cdiv class=\"read-also\"u003eu003ca href=\" Chesterton thought we are living in a fairytaleu003c\/au003eu003c\/divu003enu003c!-- \/wp:aleteia\/read-also --u003e\",\"pages\":1,\"language\":\"en\",\"galleries\":[],\"video\":false,\"title\":\"5 Fabulous facts about Chesterton on his birthday (Photos)\",\"subheading\":\"As Gilbert K. Chesterton hits the 1-5-0, we celebrate by sharing five lesser-known facts about a man who was unique in every way.\",\"author\":\"John Touhey\",\"author_2\":\"\",\"authors_obj\":[\"ID\":\"754445\",\"link\":\" Touhey is the Deputy Executive Editor of Aleteia\u2019s English edition. He has worked as a writer, filmmaker, and content creator on numerous projects and platforms.\",\"twitter\":\"\",\"facebook\":\"\",\"subtitle\":\"\",\"title_guest_author\":\"\",\"thumb\":\" Touhey\",\"hreflangs\": Collage by Aleteia\",\"link\":\"\",\"caption\":\"\",\"alt\":\"5 Fabulous facts about Chesterton on his birthday\",\"link\":\"\/2024\/05\/29\/5-fabulous-facts-about-chesterton-on-his-birthday-photos\/\",\"category_obj\":\"link\":\" 91, 175, 192, 1 )\",\"term_id\":278,\"category\":\"Lifestyle\",\"category_slug\":\"lifestyle\",\"category_id\":278,\"category_color\":\"#5bafc0\",\"parent_category\":\"Lifestyle\",\"published\":1716960996,\"published_datalayer\":\"2024.05.29\",\"article_modified_date\":\"\",\"article_modified\":false,\"published_formatted\":\"published on 05\/29\/24\",\"tags\":\"Culture, GK Chesterton, Humor\",\"firsttag\":\"Humor\",\"tags_items\":[\"term_id\":10659529,\"name\":\"Culture\",\"link\":\" Chesterton\",\"link\":\" Department\",\"settings\":\"disable_slideshow_cta\":\"\",\"template_customizations\":\"\",\"post_appearance_setting\":\"no_drop_caps\":false,\"hide_from_tops\":false,\"hide_date\":false,\"hide_post\":false,\"hide_post_in_newsletter\":false,\"ads_disabled\":false,\"inread_ads_disabled\":false,\"custom_inread_position_enabled\":false,\"custom_inread_position\":\"2\",\"test_pixel_enabled\":false,\"test_pixel_position\":\"\",\"exclude_banner_article\":false,\"div_moneytags_position\":\"\",\"hide_promotional_box\":false,\"original_article\":\"is_original\":\"1\",\"url\":\"\",\"edition\":\"en\",\"gtm\":\"page_type\":\"\",\"page_type_2\":\"\",\"category_name\":\"lifestyle\",\"article_subcategory\":\"Lifestyle\",\"article_type\":\"article\",\"cd\":\"dimension1\":\"John Touhey\",\"dimension2\":\"Lifestyle\",\"dimension3\":\"1716960996\",\"dimension4\":\"en\",\"dimension5\":\"\",\"dimension6\":\"article\",\"dimension7\":\"2024.05.29\",\"dimension8\":\"Culture, GK Chesterton, Humor\",\"dimension9\":\"As Gilbert K. Chesterton hits the 1-5-0, we celebrate by sharing five lesser-known facts about a man who was unique in every way.\",\"dimension10\":\"806294\",\"dimension11\":\"Culture\",\"dimension12\":\"web\",\"dimension13\":\"\",\"dimension17\":\"Lifestyle Department\",\"dimension14\":\"Lifestyle\",\"photo_of_the_day\":false,\"daily_wisdom\":false,\"word_count\":261,\"shortcodes\":[],\"sponsoredSettings\":,\"isSponsored\":false,\"custom_skin_settings\":\"slot\":\"custom-skin\",\"library\":\"theme.Skin\",\"skin_default_article\":\"1\",\"hide_from_layout_endpoint\":\"1\",\"props\":\"id\":\"custom-skid-ad\",\"unit\":\"64500793\/EN_DESK_ARTICLE_SKIN_1x1\",\"collapse_empty_divs\":false,\"premium_ads\":false,\"bids\":\"\",\"nexxx360_id\":\"\",\"size\":[],\"adjacent_posts\":\"next_post\":\"link\":\" Article \",\"prev_post\":\"link\":\" Article \",\"close_comments\":false,\"premium_content\":\"\",\"trunked_content\":\"u003ch2 class=\"subtitle\"u003eAs Gilbert K. Chesterton hits the 1-5-0, we celebrate by sharing five lesser-known facts about a man who was unique in every way.u003c\/h2u003enu003cpu003eAs you must be aware by now, today marks the 150th birthday of u003ca href=\" target=\"_blank\" rel=\"noopener\" title=\"G.K. Chesterton\"u003eG.K. Chestertonu003c\/au003e. By way of celebration, we invite you to brush up on some Chesterton facts that may not provide you with any practical knowledge but will hopefully bring you some mirth. u003c\/pu003ennu003cpu003eu003cstrongu003eView the PHOTO GALLERY below to learn 5 Fabulous facts about Chesterton on his birthday!u003c\/strongu003eu003c\/pu003en\",{\"simple\":false,\"id\":806171,\"related\":[],\"content\":\"u003cspan class=\"subtitle\"u003eChesterton passionately argued the case for Catholicism even before his formal conversion. Here's a look at the man whose work continues to provoke and inspire.u003c\/spanu003eu003cpu003eu003cemu003eTo mark the 150th birthday of G.K. Chesterton, Aleteia is devoting much of todayu0026#8217;s coverage to the man who looms so large (both figuratively and physically!) in the cultural life of Catholicism in the English-speaking world and beyond. Our celebration kicks off with a tribute from Joseph Pearce, who wrote a u003ca href=\" target=\"_blank\" rel=\"noopener\" title=\"delightful biography\"u003edelightful biographyu003c\/au003e of the u0026#8220;prince of paradox.u0026#8221;u003c\/emu003eu003c\/pu003enu003chr class=\"wp-block-separator has-alpha-channel-opacity\" \/u003enu003cpu003eOne hundred and fifty years ago, on May 29, 1874, the great Catholic writer G.K. Chesterton was born. As a celebration of his life and legacy, let\u2019s look at the story of his conversion to Catholicism and his influence on the Catholic Revival in the 20th century.u003c\/pu003enu003cpu003eFrom the time of his publication of u003cemu003eOrthodoxyu003c\/emu003e in 1908, Chesterton was a tireless defender of the Catholic Church. In his novel u003cemu003eThe Man Who was Thursdayu003c\/emu003e, also published in 1908, the hero declares that \u201cwe are all Catholics now.\u201d The hero of another of his novels, u003cemu003eThe Ball and the Crossu003c\/emu003e, is a devout Catholic who argues the case for Catholicism unceasingly. It was not surprising, therefore, that most of his readers presumed that Chesterton was a Catholic. How could he not be, considering the Catholic perspective that pervaded all his work? And yet, surprisingly, Chesterton would not actually be received into the Church until 1922, 14 years after his declaration and defense of Catholic \u201corthodoxy.\u201du003c\/pu003enu003cpu003eThe delay was due to his not wanting to take such a momentous step until his wife, Francis, a happy and comfortably practicing Anglican, was willing to take the step with him. In the end, unable in conscience to delay any longer, he entered the Church without her. A few years later, Frances joined him.u003c\/pu003enu003cdiv class=\"wp-block-aleteia-heading3\"u003enu003ch2u003eA man who was key to the Catholic Revivalu003c\/h2u003enu003c\/pu003eu003c\/divu003enu003cpu003eBoth before and after his conversion, Chesterton\u2019s writing was of pivotal and crucial importance to the Catholic Revival. That revival, which can be said to have begun with the conversion of St. John Henry Newman in 1845, was reinvigorated by Chesterton\u2019s presence in the decades following Newman\u2019s death. It would be no exaggeration to say that he presided over the Catholic cultural revival from the publication of u003cemu003eOrthodoxyu003c\/emu003e in 1908 until his death in 1936. u003c\/pu003enu003cdiv id='aleteia-welcome'u003eu003c\/divu003enu003cpu003eAmong those whose own conversion or reinvigoration in faith was influenced by Chesterton: Graham Greene, Evelyn Waugh, J.R.R. Tolkien, C.S. Lewis, Dorothy L. Sayers, Ronald Knox, Fulton Sheen and Alec Guinness.u003c\/pu003enu003cdiv class=\"wp-block-aleteia-heading3\"u003enu003ch2u003eA great poet and u0026#8220;liberatoru0026#8221;u003c\/h2u003enu003c\/pu003eu003c\/divu003enu003cpu003eGraham Greene viewed Chesterton\u2019s poem u0026#8220;The Ballad of the White Horseu0026#8221; very highly, preferring it to other great poems, such as T.S. Eliot\u2019s u0026#8220;The Waste Land.u0026#8221; Evelyn Waugh took a line from one of Chesterton\u2019s Father Brown mysteries as the title of the final part of his novel u003cemu003eBrideshead Revisitedu003c\/emu003e, in which Father Brown\u2019s words serve as a metaphor for the theme of providence and grace in the novel.u003c\/pu003enu003cpu003eJ.R.R. Tolkien lauded what he called \u201cChestertonian fantasy\u201d in his famous essay \u201cOn Fairy-Stories.\u201d C.S. Lewis gave credit to Chesterton as a major influence on his own conversion from atheism to Anglican Christianity, declaring that Chesterton\u2019s book u003cemu003eThe Everlasting Manu003c\/emu003e had enabled him to see the Christian outline of history laid out before him for the first time.u003c\/pu003enu003cpu003e\u201cTo the young people of my generation,\u201d wrote Dorothy L. Sayers. \u201cG.K.C. was a kind of Christian liberator.\u201du003c\/pu003enu003cdiv class=\"wp-block-aleteia-heading3\"u003enu003ch2u003eParadoxes and a mystery-solving priestu003c\/h2u003enu003c\/pu003eu003c\/divu003enu003cpu003eRonald Knox began reading Chesterton when he was \u201ca schoolboy just beginning to think,\u201d acknowledging that Chesterton\u2019s famous quips and paradoxes soon became the \u201cplatitudes of my thought.\u201d Knox described Chesterton as his \u201coracle,\u201d adding that \u201che is so still.\u201d Fulton Sheen acclaimed Chesterton as his favorite writer and as the writer who influenced him the most.u003c\/pu003enu003cpu003eThen there is Sir Alec Guinness, who had a profound conversion experience when playing Father Brown, Chesterton\u2019s popular priest detective, in a film adaptation. He was received into the Church soon after.u0026nbsp; u0026nbsp;u003c\/pu003enu003cdiv class=\"wp-block-aleteia-heading3\"u003enu003ch2u003eA u0026#8220;devoted sonu0026#8221; who continues to inspireu003c\/h2u003enu003c\/pu003eu003c\/divu003enu003cpu003eConsidering Chesterton\u2019s influence on the faith journeys of so many of his contemporaries, it is not surprising that, following his death, Pope Pius XI should declare him to be a \u201cdevoted son\u201d of the Church and a \u201cgifted defender of the Catholic Faith.\u201du003c\/pu003enu003cpu003eToday, 150 years after his birth and almost 90 years after his death, the works of G.K. Chesterton are still inspiring new generations of readers to find the Catholic faith or to follow it more faithfully. May we continue to celebrate the lingering and living legacy of his life and work.u003c\/pu003enu003cpu003eu003cemu003eJoseph Pearce is the author of u0026#8216;Wisdom and Innocence: A Life of G.K. Chestertonu003c\/emu003eu0026#8216; u003cemu003e(Ignatius Press).u003c\/emu003eu003c\/pu003entu003cdiv data-category=\"Inspiring Stories\" data-category-english=\"inspiring stories\" class=\"wp-block-aleteia-read-also read-also\"u003enttu003cfigureu003entttu003cimgnttttsrc=\" John Paul Iu0026#039;s letter to G.K. Chesterton\"nttttloading=\"lazy\" \/u003enttu003c\/figureu003enttu003cdiv class=\"read-also-inner\"u003entttu003cemu003eRead more:u003c\/emu003eu003ca href=\" Paul Iu0026#8217;s important letter to G.K. Chestertonu003c\/au003enttu003c\/divu003entu003c\/divu003e\",\"rawcontent\":\"u003c!-- wp:aleteia\/subtitle \/--u003ennu003c!-- wp:paragraph --u003enu003cpu003eu003cemu003eTo mark the 150th birthday of G.K. Chesterton, Aleteia is devoting much of today's coverage to the man who looms so large (both figuratively and physically!) in the cultural life of Catholicism in the English-speaking world and beyond. Our celebration kicks off with a tribute from Joseph Pearce, who wrote a u003ca href=\" target=\"_blank\" rel=\"noopener\" title=\"delightful biography\"u003edelightful biographyu003c\/au003e of the \"prince of paradox.\"u003c\/emu003eu003c\/pu003enu003c!-- \/wp:paragraph --u003ennu003c!-- wp:separator --u003enu003chr class=\"wp-block-separator has-alpha-channel-opacity\" \/u003enu003c!-- \/wp:separator --u003ennu003c!-- wp:paragraph --u003enu003cpu003eOne hundred and fifty years ago, on May 29, 1874, the great Catholic writer G.K. Chesterton was born. As a celebration of his life and legacy, let\u2019s look at the story of his conversion to Catholicism and his influence on the Catholic Revival in the 20th century.u003c\/pu003enu003c!-- \/wp:paragraph --u003ennu003c!-- wp:paragraph --u003enu003cpu003eFrom the time of his publication of u003cemu003eOrthodoxyu003c\/emu003e in 1908, Chesterton was a tireless defender of the Catholic Church. In his novel u003cemu003eThe Man Who was Thursdayu003c\/emu003e, also published in 1908, the hero declares that \u201cwe are all Catholics now.\u201d The hero of another of his novels, u003cemu003eThe Ball and the Crossu003c\/emu003e, is a devout Catholic who argues the case for Catholicism unceasingly. It was not surprising, therefore, that most of his readers presumed that Chesterton was a Catholic. How could he not be, considering the Catholic perspective that pervaded all his work? And yet, surprisingly, Chesterton would not actually be received into the Church until 1922, 14 years after his declaration and defense of Catholic \u201corthodoxy.\u201du003c\/pu003enu003c!-- \/wp:paragraph --u003ennu003c!-- wp:paragraph --u003enu003cpu003eThe delay was due to his not wanting to take such a momentous step until his wife, Francis, a happy and comfortably practicing Anglican, was willing to take the step with him. In the end, unable in conscience to delay any longer, he entered the Church without her. A few years later, Frances joined him.u003c\/pu003enu003c!-- \/wp:paragraph --u003ennu003c!-- wp:aleteia\/heading3 \"content\":\"A man who was key to the Catholic Revival\" --u003enu003ch3u003eA man who was key to the Catholic Revivalu003c\/h3u003enu003c!-- \/wp:aleteia\/heading3 --u003ennu003c!-- wp:paragraph --u003enu003cpu003eBoth before and after his conversion, Chesterton\u2019s writing was of pivotal and crucial importance to the Catholic Revival. That revival, which can be said to have begun with the conversion of St. John Henry Newman in 1845, was reinvigorated by Chesterton\u2019s presence in the decades following Newman\u2019s death. It would be no exaggeration to say that he presided over the Catholic cultural revival from the publication of u003cemu003eOrthodoxyu003c\/emu003e in 1908 until his death in 1936. u003c\/pu003enu003c!-- \/wp:paragraph --u003ennu003c!-- wp:paragraph --u003enu003cpu003eAmong those whose own conversion or reinvigoration in faith was influenced by Chesterton: Graham Greene, Evelyn Waugh, J.R.R. Tolkien, C.S. Lewis, Dorothy L. Sayers, Ronald Knox, Fulton Sheen and Alec Guinness.u003c\/pu003enu003c!-- \/wp:paragraph --u003ennu003c!-- wp:aleteia\/heading3 \"content\":\"A great poet and \\u0022liberator\\u0022\" --u003enu003ch3u003eA great poet and \"liberator\"u003c\/h3u003enu003c!-- \/wp:aleteia\/heading3 --u003ennu003c!-- wp:paragraph --u003enu003cpu003eGraham Greene viewed Chesterton\u2019s poem \"The Ballad of the White Horse\" very highly, preferring it to other great poems, such as T.S. Eliot\u2019s \"The Waste Land.\" Evelyn Waugh took a line from one of Chesterton\u2019s Father Brown mysteries as the title of the final part of his novel u003cemu003eBrideshead Revisitedu003c\/emu003e, in which Father Brown\u2019s words serve as a metaphor for the theme of providence and grace in the novel.u003c\/pu003enu003c!-- \/wp:paragraph --u003ennu003c!-- wp:paragraph --u003enu003cpu003eJ.R.R. Tolkien lauded what he called \u201cChestertonian fantasy\u201d in his famous essay \u201cOn Fairy-Stories.\u201d C.S. Lewis gave credit to Chesterton as a major influence on his own conversion from atheism to Anglican Christianity, declaring that Chesterton\u2019s book u003cemu003eThe Everlasting Manu003c\/emu003e had enabled him to see the Christian outline of history laid out before him for the first time.u003c\/pu003enu003c!-- \/wp:paragraph --u003ennu003c!-- wp:paragraph --u003enu003cpu003e\u201cTo the young people of my generation,\u201d wrote Dorothy L. Sayers. \u201cG.K.C. was a kind of Christian liberator.\u201du003c\/pu003enu003c!-- \/wp:paragraph --u003ennu003c!-- wp:aleteia\/heading3 \"content\":\"Paradoxes and a mystery-solving priest\" --u003enu003ch3u003eParadoxes and a mystery-solving priestu003c\/h3u003enu003c!-- \/wp:aleteia\/heading3 --u003ennu003c!-- wp:paragraph --u003enu003cpu003eRonald Knox began reading Chesterton when he was \u201ca schoolboy just beginning to think,\u201d acknowledging that Chesterton\u2019s famous quips and paradoxes soon became the \u201cplatitudes of my thought.\u201d Knox described Chesterton as his \u201coracle,\u201d adding that \u201che is so still.\u201d Fulton Sheen acclaimed Chesterton as his favorite writer and as the writer who influenced him the most.u003c\/pu003enu003c!-- \/wp:paragraph --u003ennu003c!-- wp:paragraph --u003enu003cpu003eThen there is Sir Alec Guinness, who had a profound conversion experience when playing Father Brown, Chesterton\u2019s popular priest detective, in a film adaptation. He was received into the Church soon after.u0026nbsp; u0026nbsp;u003c\/pu003enu003c!-- \/wp:paragraph --u003ennu003c!-- wp:aleteia\/heading3 \"content\":\"A \\u0022devoted son\\u0022 who continues to inspire\" --u003enu003ch3u003eA \"devoted son\" who continues to inspireu003c\/h3u003enu003c!-- \/wp:aleteia\/heading3 --u003ennu003c!-- wp:paragraph --u003enu003cpu003eConsidering Chesterton\u2019s influence on the faith journeys of so many of his contemporaries, it is not surprising that, following his death, Pope Pius XI should declare him to be a \u201cdevoted son\u201d of the Church and a \u201cgifted defender of the Catholic Faith.\u201du003c\/pu003enu003c!-- \/wp:paragraph --u003ennu003c!-- wp:paragraph --u003enu003cpu003eToday, 150 years after his birth and almost 90 years after his death, the works of G.K. Chesterton are still inspiring new generations of readers to find the Catholic faith or to follow it more faithfully. May we continue to celebrate the lingering and living legacy of his life and work.u003c\/pu003enu003c!-- \/wp:paragraph --u003ennu003c!-- wp:paragraph --u003enu003cpu003eu003cemu003eJoseph Pearce is the author of 'Wisdom and Innocence: A Life of G.K. Chestertonu003c\/emu003e' u003cemu003e(Ignatius Press).u003c\/emu003eu003c\/pu003enu003c!-- \/wp:paragraph --u003ennu003c!-- wp:aleteia\/read-also {\"link\":\" Paul I\\u0026#8217;s important letter to G.K. Chesterton\",\"image\":\" --u003enu003cdiv class=\"read-also\"u003eu003ca href=\" Paul Iu0026#8217;s important letter to G.K. Chestertonu003c\/au003eu003c\/divu003enu003c!-- \/wp:aleteia\/read-also --u003e\",\"pages\":1,\"language\":\"en\",\"galleries\":[],\"video\":false,\"title\":\"G.K. Chesterton turns 150: Celebrating his life and legacy\",\"subheading\":\"Chesterton passionately argued the case for Catholicism even before his formal conversion. Here's a look at the man whose work continues to provoke and inspire.\",\"author\":\"Joseph Pearce\",\"author_2\":\"\",\"authors_obj\":[\"ID\":\"857\",\"link\":\" Pearce\",\"hreflangs\": Aleteia\",\"link\":\"\",\"caption\":\"\",\"alt\":\"Chesterton posed in front of papers\",\"link\":\"\/2024\/05\/28\/g-k-chesterton-turns-150-celebrating-his-life-and-legacy\/\",\"category_obj\":\"link\":\" 0, 31, 77, 1 )\",\"term_id\":278,\"category\":\"Lifestyle\",\"category_slug\":\"lifestyle\",\"category_id\":278,\"category_color\":\"#001F4D\",\"parent_category\":\"Lifestyle\",\"published\":1716922540,\"published_datalayer\":\"2024.05.28\",\"article_modified_date\":\"\",\"article_modified\":false,\"published_formatted\":\"published on 05\/28\/24\",\"tags\":\"Books, Catholicism, Culture, GK Chesterton\",\"firsttag\":\"GK Chesterton\",\"tags_items\":[\"term_id\":423714819,\"name\":\"Books\",\"link\":\"https:\/\/aleteia.org\/tag\/books\/\",\"page_type\":\"\",\"page_type_2\":\"\",\"term_id\":423714723,\"name\":\"Catholicism\",\"link\":\"https:\/\/aleteia.org\/tag\/catholicism\/\",\"page_type\":\"\",\"page_type_2\":\"\",\"term_id\":10659529,\"name\":\"Culture\",\"link\":\" Chesterton\",\"link\":\" Department\",\"settings\":\"disable_slideshow_cta\":\"\",\"template_customizations\":\"\",\"post_appearance_setting\":\"no_drop_caps\":false,\"hide_from_tops\":false,\"hide_date\":false,\"hide_post\":false,\"hide_post_in_newsletter\":false,\"ads_disabled\":false,\"inread_ads_disabled\":false,\"custom_inread_position_enabled\":false,\"custom_inread_position\":\"2\",\"test_pixel_enabled\":false,\"test_pixel_position\":\"\",\"exclude_banner_article\":false,\"div_moneytags_position\":\"\",\"hide_promotional_box\":false,\"original_article\":\"is_original\":\"1\",\"url\":\"\",\"edition\":\"en\",\"gtm\":\"page_type\":\"\",\"page_type_2\":\"\",\"category_name\":\"lifestyle\",\"article_subcategory\":\"Lifestyle\",\"article_type\":\"article\",\"cd\":\"dimension1\":\"Joseph Pearce\",\"dimension2\":\"Lifestyle\",\"dimension3\":\"1716922540\",\"dimension4\":\"en\",\"dimension5\":\"\",\"dimension6\":\"article\",\"dimension7\":\"2024.05.28\",\"dimension8\":\"Books, Catholicism, Culture, GK Chesterton\",\"dimension9\":\"Chesterton passionately argued the case for Catholicism even before his formal conversion. Here's a look at the man whose work continues to provoke and inspire.\",\"dimension10\":\"806171\",\"dimension11\":\"Books\",\"dimension12\":\"web\",\"dimension13\":\"\",\"dimension17\":\"Lifestyle Department\",\"dimension14\":\"Lifestyle\",\"photo_of_the_day\":false,\"daily_wisdom\":false,\"word_count\":1105,\"shortcodes\":[],\"sponsoredSettings\":,\"isSponsored\":false,\"custom_skin_settings\":\"slot\":\"custom-skin\",\"library\":\"theme.Skin\",\"skin_default_article\":\"1\",\"hide_from_layout_endpoint\":\"1\",\"props\":\"id\":\"custom-skid-ad\",\"unit\":\"64500793\/EN_DESK_ARTICLE_SKIN_1x1\",\"collapse_empty_divs\":false,\"premium_ads\":false,\"bids\":\"\",\"nexxx360_id\":\"\",\"size\":[],\"adjacent_posts\":\"next_post\":\"link\":\" Article \",\"prev_post\":\"link\":\" Article \",\"close_comments\":false,\"premium_content\":\"\",\"trunked_content\":\"u003ch2 class=\"subtitle\"u003eChesterton passionately argued the case for Catholicism even before his formal conversion. Here's a look at the man whose work continues to provoke and inspire.u003c\/h2u003enu003cpu003eu003cemu003eTo mark the 150th birthday of G.K. Chesterton, Aleteia is devoting much of today's coverage to the man who looms so large (both figuratively and physically!) in the cultural life of Catholicism in the English-speaking world and beyond. Our celebration kicks off with a tribute from Joseph Pearce, who wrote a u003ca href=\" target=\"_blank\" rel=\"noopener\" title=\"delightful biography\"u003edelightful biographyu003c\/au003e of the \"prince of paradox.\"u003c\/emu003eu003c\/pu003ennu003chr class=\"wp-block-separator has-alpha-channel-opacity\" \/u003ennu003cpu003eOne hundred and fifty years ago, on May 29, 1874, the great Catholic writer G.K. Chesterton was born. As a celebration of his life and legacy, let\u2019s look at the story of his conversion to Catholicism and his influence on the Catholic Revival in the 20th century.u003c\/pu003en\",{\"simple\":false,\"id\":772016,\"related\":[],\"content\":\"u003cspan class=\"subtitle\"u003eWhile the body of Blessed Carlo Acutis may appear incorrupt, it was never officially declared so.u003c\/spanu003eu003cpu003eWhen searching the internet for images of Blessed Carlo Acutisu0026#8217; tomb, it may appear at first glance that the teenage-saintu0026#8217;s body is incorrupt.u003c\/pu003enu003cpu003eReports are also confusing, as some u003ca href=\" title=\"Postulator tells Italian TV of report that Carlo Acutis\u2019 body is incorrupt\"u003eItalian news reports from 2020u003c\/au003e claimed that his body was incorrupt.u003c\/pu003enu003cpu003eHowever, the official word is that his body is u0026#8220;not incorrupt.u0026#8221;u003c\/pu003enu003cpu003eArchbishop Domenico Sorrentino of Assisi said at the Mass at the opening of the tomb on u003ca href=\" 1, 2020u003c\/au003e, that, u0026#8220;Today we \u2026 see him again in his mortal body. A body that has passed, in the years of burial in Assisi, u003cstrongu003ethrough the normal process of decayu003c\/strongu003e.u0026#8221;u003c\/pu003enu003cpu003eAs stated in a previous article on u003ca href=\" Fr. Carlos Ac\u00e1cio Gon\u00e7alves Ferreira, the rector of the shrine where Carlo\u2019s tomb is, said that his body was discovered \u201cfully integral,\u201d though not intact.u003c\/pu003enu003cdiv id='aleteia-welcome'u003eu003c\/divu003enu003cpu003eu003cstrongu003eWhile his body appears to be incorrupt through the viewing glass,u003c\/strongu003e it is covered with a u003cstrongu003ewax layer u003c\/strongu003ethat is molded to look like his body prior to burial. This is not uncommon for the presentation of saints\u2019 bodies.u003c\/pu003enu003cpu003eThe remains of saints in Europe, especially in Italy, are often encased in a wax layer, so that they can be presented in a glass reliquary and pilgrims can see the saint as they were when they died.u003c\/pu003enu003cpu003eEven though his body is not incorrupt, the holiness of Blessed Carlou0026#8217;s life remains a powerful example for all people, especially teenagers.u003c\/pu003enu003cpu003eu003ca href=\" target=\"_blank\" rel=\"noopener\" title=\"Read here\"u003eRead hereu003c\/au003e to understand what an u0026#8220;incorrupt bodyu0026#8221; is in relation to the saints.u003c\/pu003enu003cfigure class=\"wp-block-embed is-type-video is-provider-dailymotion wp-block-embed-dailymotion wp-embed-aspect-16-9 wp-has-aspect-ratio\" data-original=\"false\"u003enu003cdiv class=\"wp-block-embed__wrapper\"u003enu003ciframe loading=\"lazy\" title=\"Meet Carlo Acutis: A Teenage Testament to the Faith\" frameborder=\"0\" width=\"1200\" height=\"674\" src=\" allowfullscreen allow=\"autoplay; fullscreen; picture-in-picture\"u003eu003c\/iframeu003enu003c\/divu003enu003c\/figureu003entu003cdiv data-category=\"Art u0026amp; Culture\" data-category-english=\"culture\" class=\"wp-block-aleteia-read-also read-also\"u003enttu003cfigureu003entttu003cimgnttttsrc=\" acutis comic book\"nttttloading=\"lazy\" \/u003enttu003c\/figureu003enttu003cdiv class=\"read-also-inner\"u003entttu003cemu003eRead more:u003c\/emu003eu003ca href=\" comic book on Blessed Carlo Acutisu0026#8217; life unveiled on feast dayu003c\/au003enttu003c\/divu003entu003c\/divu003etu003cdiv data-category=\"Spirituality\" data-category-english=\"spirituality\" class=\"wp-block-aleteia-read-also read-also\"u003enttu003cfigureu003entttu003cimgnttttsrc=\" ACUTIS\"nttttloading=\"lazy\" \/u003enttu003c\/figureu003enttu003cdiv class=\"read-also-inner\"u003entttu003cemu003eRead more:u003c\/emu003eu003ca href=\" Blessed Carlo Acutis\u2019 tomb highlights the universal call to holinessu003c\/au003enttu003c\/divu003entu003c\/divu003e\",\"rawcontent\":\"u003c!-- wp:aleteia\/subtitle \/--u003ennu003c!-- wp:paragraph --u003enu003cpu003eWhen searching the internet for images of Blessed Carlo Acutis' tomb, it may appear at first glance that the teenage-saint's body is incorrupt.u003c\/pu003enu003c!-- \/wp:paragraph --u003ennu003c!-- wp:paragraph --u003enu003cpu003eReports are also confusing, as some u003ca href=\" title=\"Postulator tells Italian TV of report that Carlo Acutis\u2019 body is incorrupt\"u003eItalian news reports from 2020u003c\/au003e claimed that his body was incorrupt.u003c\/pu003enu003c!-- \/wp:paragraph --u003ennu003c!-- wp:paragraph --u003enu003cpu003eHowever, the official word is that his body is \"not incorrupt.\"u003c\/pu003enu003c!-- \/wp:paragraph --u003ennu003c!-- wp:paragraph --u003enu003cpu003eArchbishop Domenico Sorrentino of Assisi said at the Mass at the opening of the tomb on u003ca href=\" 1, 2020u003c\/au003e, that, \"Today we \u2026 see him again in his mortal body. A body that has passed, in the years of burial in Assisi, u003cstrongu003ethrough the normal process of decayu003c\/strongu003e.\"u003c\/pu003enu003c!-- \/wp:paragraph --u003ennu003c!-- wp:paragraph --u003enu003cpu003eAs stated in a previous article on u003ca href=\" Fr. Carlos Ac\u00e1cio Gon\u00e7alves Ferreira, the rector of the shrine where Carlo\u2019s tomb is, said that his body was discovered \u201cfully integral,\u201d though not intact.u003c\/pu003enu003c!-- \/wp:paragraph --u003ennu003c!-- wp:paragraph --u003enu003cpu003eu003cstrongu003eWhile his body appears to be incorrupt through the viewing glass,u003c\/strongu003e it is covered with a u003cstrongu003ewax layer u003c\/strongu003ethat is molded to look like his body prior to burial. This is not uncommon for the presentation of saints\u2019 bodies.u003c\/pu003enu003c!-- \/wp:paragraph --u003ennu003c!-- wp:paragraph --u003enu003cpu003eThe remains of saints in Europe, especially in Italy, are often encased in a wax layer, so that they can be presented in a glass reliquary and pilgrims can see the saint as they were when they died.u003c\/pu003enu003c!-- \/wp:paragraph --u003ennu003c!-- wp:paragraph --u003enu003cpu003eEven though his body is not incorrupt, the holiness of Blessed Carlo's life remains a powerful example for all people, especially teenagers.u003c\/pu003enu003c!-- \/wp:paragraph --u003ennu003c!-- wp:paragraph --u003enu003cpu003eu003ca href=\" target=\"_blank\" rel=\"noopener\" title=\"Read here\"u003eRead hereu003c\/au003e to understand what an \"incorrupt body\" is in relation to the saints.u003c\/pu003enu003c!-- \/wp:paragraph --u003ennu003c!-- wp:embed \"url\":\" wp-has-aspect-ratio\" --u003enu003cfigure class=\"wp-block-embed is-type-video is-provider-dailymotion wp-block-embed-dailymotion wp-embed-aspect-16-9 wp-has-aspect-ratio\"u003eu003cdiv class=\"wp-block-embed__wrapper\"u003en \/wp:embed --u003ennu003c!-- wp:aleteia\/read-also {\"link\":\" comic book on Blessed Carlo Acutis\\u0026#8217; life unveiled on feast day\",\"image\":\" --u003enu003cdiv class=\"read-also\"u003eu003ca href=\" comic book on Blessed Carlo Acutisu0026#8217; life unveiled on feast dayu003c\/au003eu003c\/divu003enu003c!-- \/wp:aleteia\/read-also --u003ennu003c!-- wp:aleteia\/read-also {\"link\":\" Blessed Carlo Acutis\u2019 tomb highlights the universal call to holiness\",\"image\":\" --u003enu003cdiv class=\"read-also\"u003eu003ca href=\" Blessed Carlo Acutis\u2019 tomb highlights the universal call to holinessu003c\/au003eu003c\/divu003enu003c!-- \/wp:aleteia\/read-also --u003e\",\"pages\":1,\"language\":\"en\",\"galleries\":[],\"video\":false,\"title\":\"Is the body of Blessed Carlo Acutis incorrupt?\",\"subheading\":\"While the body of Blessed Carlo Acutis may appear incorrupt, it was never officially declared so.\",\"author\":\"Philip Kosloski\",\"author_2\":\"\",\"authors_obj\":[\"ID\":\"1243\",\"link\":\" Kosloski graduated from the University of Saint Thomas in Minnesota with a bachelor's degree in philosophy and Catholic studies and a master's degree in theology from the Augustine Institute. He is currently a spirituality writer for Aleteia.org and has been featured on such places as The Huffington Post, Crisis Magazine, The Catholic Herald, Catholic Exchange, National Catholic Register and EWTN Radio.\",\"twitter\":\"PhilipKosloski\",\"facebook\":\"philipkosloski\",\"subtitle\":\"\",\"title_guest_author\":\"\",\"thumb\":\" Kosloski\",\"hreflangs\":\"en\":\" Assisi - Nocera Umbra - Gualdo Tadino\",\"link\":\"\",\"caption\":\"\",\"alt\":\"CARLO ACUTIS, CIA\u0141O\",\"link\":\"\/2023\/10\/09\/is-the-body-of-bl-carlo-acutis-incorrupt\/\",\"category_obj\":\"link\":\" 78, 21, 171, 1 )\",\"term_id\":1494,\"category\":\"Spirituality\",\"category_slug\":\"spirituality\",\"category_id\":1494,\"category_color\":\"#4e15ab\",\"parent_category\":\"Spirituality\",\"published\":1696838400,\"published_datalayer\":\"2023.10.09\",\"article_modified_date\":\"\",\"article_modified\":false,\"published_formatted\":\"published on 10\/09\/23\",\"tags\":\"Carlo Acutis, Saints\",\"firsttag\":\"Saints\",\"tags_items\":[\"term_id\":423717326,\"name\":\"Carlo Acutis\",\"link\":\" Department\",\"settings\":\"disable_slideshow_cta\":\"\",\"template_customizations\":\"\",\"post_appearance_setting\":\"no_drop_caps\":false,\"hide_from_tops\":false,\"hide_date\":false,\"hide_post\":false,\"hide_post_in_newsletter\":false,\"ads_disabled\":false,\"inread_ads_disabled\":false,\"custom_inread_position_enabled\":false,\"custom_inread_position\":\"2\",\"test_pixel_enabled\":false,\"test_pixel_position\":\"\",\"exclude_banner_article\":false,\"div_moneytags_position\":\"\",\"hide_promotional_box\":false,\"original_article\":\"is_original\":\"1\",\"url\":\"\",\"edition\":\"en\",\"gtm\":\"page_type\":\"\",\"page_type_2\":\"\",\"category_name\":\"spirituality\",\"article_subcategory\":\"Spirituality\",\"article_type\":\"article\",\"cd\":\"dimension1\":\"Philip Kosloski\",\"dimension2\":\"Spirituality\",\"dimension3\":\"1696838400\",\"dimension4\":\"en\",\"dimension5\":\"\",\"dimension6\":\"article\",\"dimension7\":\"2023.10.09\",\"dimension8\":\"Carlo Acutis, Saints\",\"dimension9\":\"While the body of Blessed Carlo Acutis may appear incorrupt, it was never officially declared so.\",\"dimension10\":\"772016\",\"dimension11\":\"Carlo Acutis\",\"dimension12\":\"web\",\"dimension13\":\"\",\"dimension17\":\"Spirituality Department\",\"dimension14\":\"Spirituality\",\"photo_of_the_day\":false,\"daily_wisdom\":false,\"word_count\":573,\"shortcodes\":[],\"sponsoredSettings\":,\"isSponsored\":false,\"custom_skin_settings\":\"slot\":\"custom-skin\",\"library\":\"theme.Skin\",\"skin_default_article\":\"1\",\"hide_from_layout_endpoint\":\"1\",\"props\":\"id\":\"custom-skid-ad\",\"unit\":\"64500793\/EN_DESK_ARTICLE_SKIN_1x1\",\"collapse_empty_divs\":false,\"premium_ads\":false,\"bids\":\"\",\"nexxx360_id\":\"\",\"size\":[],\"adjacent_posts\":\"next_post\":\"link\":\" Article \",\"prev_post\":\"link\":\" Article \",\"close_comments\":false,\"premium_content\":\"\",\"trunked_content\":\"u003ch2 class=\"subtitle\"u003eWhile the body of Blessed Carlo Acutis may appear incorrupt, it was never officially declared so.u003c\/h2u003enu003cpu003eWhen searching the internet for images of Blessed Carlo Acutis' tomb, it may appear at first glance that the teenage-saint's body is incorrupt.u003c\/pu003ennu003cpu003eReports are also confusing, as some u003ca href=\" title=\"Postulator tells Italian TV of report that Carlo Acutis\u2019 body is incorrupt\"u003eItalian news reports from 2020u003c\/au003e claimed that his body was incorrupt.u003c\/pu003en\",{\"simple\":false,\"id\":806323,\"related\":[],\"content\":\"u003cspan class=\"subtitle\"u003eThe National Eucharistic Pilgrimage is well on its way and the Revival is sharing heartwarming testimonials from young adult pilgrims.u003c\/spanu003eu003cpu003eThe National Eucharistic Pilgrimage is well on its way, as pilgrims have completed the first week of their two-month journey. u003ca href=\" target=\"_blank\" rel=\"noopener\" title=\"\"u003eThe pilgrimage is taking place on four different routesu003c\/au003e that form the pattern of a cross over the entire country and conclude in Indianapolis for the 10th National Eucharistic Congress on July 16.\u00a0u003c\/pu003enu003cpu003eThe Pilgrimage and Congress are the culmination of the USCCBu0026#8217;s efforts to spark a National Eucharistic Revival in the US, which have been ongoing since 2022. The five-day Congress in Indianapolis, where much of the festivities will take place at Lucas Oil Stadium, u003cstrongu003ewill precede the final year of the National Eucharistic Revival: The Year of Mission.u003c\/strongu003e This will coincide with the 2025 Year of Jubilee and will continue until Pentecost.u0026nbsp;u003c\/pu003enu003cpu003eIn an effort to share the progress of the Eucharistic pilgrims, the National Eucharistic Revival is holding weekly press conferences with representatives from each of the four routes. u003c\/pu003enu003cpu003eThe first week unfortunately took place without a representative from the Southern Juan Diego Route, u003cstrongu003ebut Jack Krebs (Serra Route), Natalie Garza (Seton Route), and Matthew Heidenreich (Marian Route) were still on hand with heartwarming testimonials.u003c\/strongu003e\u00a0u003c\/pu003enu003cdiv class=\"block-image-copyrigth-wrap\"u003enu003cfigure class=\"wp-block-image size-large\"u003eu003cimg loading=\"lazy\" decoding=\"async\" width=\"1200\" height=\"800\" src=\" alt=\"New Haven Eucharistic Pilgrimage\" class=\"wp-image-806332\" srcset=\" 1200w, ?resize=150,100 150w, ?resize=300,200 300w, ?resize=1024,683 1024w, ?resize=620,413 620w, ?resize=360,240 360w, ?resize=1140,760 1140w, ?resize=375,250 375w, ?resize=630,420 630w, ?resize=266,177 266w\" sizes=\"(max-width: 1200px) 100vw, 1200px\" \/u003eu003c\/figureu003enu003cdiv class=\"copyright-text\"u003eEdwin Lucero | National Eucharistic Revivalu003c\/divu003enu003c\/divu003enu003cpu003eEach of them described large crowds attending the first steps of their pilgrimage routes, with the Northern Marian Route and Western Serra Route drawing thousands to see them off. u003c\/pu003enu003cdiv id='aleteia-welcome'u003eu003c\/divu003enu003cpu003eWhile not all who start the pilgrimage will walk the entire journey, Garza noted that the Eastern Seton Route drew in many who pledged to walk the entire route. u003cstrongu003eAlthough they had been on the road for a few days, each of these young pilgrims was beaming with enthusiasm and joy over their work.\u00a0u003c\/strongu003eu003c\/pu003enu003cdiv class=\"wp-block-aleteia-heading3\"u003enu003ch2u003eI thought I missed Jesus u0026#8230;u003c\/h2u003enu003c\/pu003eu003c\/divu003enu003cpu003eWhile walking with Jesus obviously brought them joy, they seemed just as pleased with their interactions with others they met along the way. Heidenreich told a story from the first day of the pilgrimage, when around 1,700 people walked in procession from a Mass. There were so many people that many could not see the monstrance at the lead.\u00a0u003c\/pu003enu003cpu003eLater in the day, in a more private procession of just the chaplains and pilgrims, they passed a pair of cyclists, a mother and daughter. They reverently left their bikes and knelt while the procession passed, but when one of the pilgrims stopped to ask them what they thought of running into Jesus on the trail, the daughter broke down in tears.u003cstrongu003e They explained that they had been in the larger procession, but could not see the monstrance. u003c\/strongu003eThe girl was so moved, because she felt like she had missed Jesus, and now Jesus had come to her.u0026nbsp;u003c\/pu003enu003cdiv class=\"block-image-copyrigth-wrap\"u003enu003cfigure class=\"wp-block-image size-large\"u003eu003cimg loading=\"lazy\" decoding=\"async\" width=\"1200\" height=\"800\" src=\" alt=\"Eucharistic Pilgrimage Serra route\" class=\"wp-image-806329\" srcset=\" 1200w, ?resize=150,100 150w, ?resize=300,200 300w, ?resize=1024,683 1024w, ?resize=620,413 620w, ?resize=360,240 360w, ?resize=1140,760 1140w, ?resize=375,250 375w, ?resize=630,420 630w, ?resize=266,177 266w\" sizes=\"(max-width: 1200px) 100vw, 1200px\" \/u003eu003cfigcaption class=\"wp-element-caption\"u003eThe Serra Route at Lake Tahoeu003c\/figcaptionu003eu003c\/figureu003enu003cdiv class=\"copyright-text\"u003eTimothy Engle | National Eucharistic Revivalu003c\/divu003enu003c\/divu003enu003cpu003eOne of the best stories from the beginning days of the pilgrimage came from the Marian Route. u003c\/pu003enu003cpu003eGarza explained that the pilgrims had just arrived in Bridgeport, Connecticut, by boat when a young boy on a bicycle saw them u003cstrongu003eand began to follow along, kneeling when the pilgrims knelt, praying when they prayed, and walking with them through the cityu003c\/strongu003e.\u00a0u003c\/pu003enu003cpu003eOnce the procession had walked about a mile through Bridgeport, the boy turned to a priest and asked if they were going back to the port. When the priest explained that they weren\u2019t turning around until Indianapolis, the boy exclaimed, u003cstrongu003e\u201cOh no, my parents are going to be so mad!\u201du0026nbsp;u003c\/strongu003eu003c\/pu003enu003cpu003eThankfully, the boy was able to get escorted back by police officers, although there was no news as to how mad his parents were! Garza said that the story stuck out in her mind because of the young boy\u2019s innocent faith:\u00a0u003c\/pu003enu003cblockquote class=\"wp-block-quote is-layout-flow wp-block-quote-is-layout-flow\"u003enu003cpu003e\u201cIt was a beautiful moment of just this childlike wonder and faith and seeing something beautiful, hearing about Jesus, and dropping everything and following Him. So it\u2019s a great moment and witness of faith in what we ought to be doing every single day.\u201du003c\/pu003enu003c\/blockquoteu003enu003cpu003eu003cemu003eAleteia u003c\/emu003ewill bring more stories from the National Eucharistic Pilgrimage each week, but the interviews with these young pilgrims can be heard in their entirety u003ca href=\" target=\"_blank\" rel=\"noopener\" title=\"\"u003eat the website of the National Eucharistic Revivalu003c\/au003e.u003c\/pu003enu003cdiv class=\"block-image-copyrigth-wrap\"u003enu003cfigure class=\"wp-block-image size-large\"u003eu003cimg loading=\"lazy\" decoding=\"async\" width=\"800\" height=\"1198\" src=\" alt=\"San Francisco, Junipero Serra Route, national Eucharistic pilgrimage\" class=\"wp-image-806330\" srcset=\" 800w, ?resize=150,225 150w, ?resize=300,449 300w, ?resize=620,928 620w, ?resize=375,562 375w, ?resize=508,760 508w, ?resize=630,943 630w\" sizes=\"(max-width: 800px) 100vw, 800px\" \/u003eu003cfigcaption class=\"wp-element-caption\"u003eThe Serra Route making its way over the Golden Gate Bridgeu003c\/figcaptionu003eu003c\/figureu003enu003cdiv class=\"copyright-text\"u003eZach Fiedler | National Eucharistic Revivalu003c\/divu003enu003c\/divu003entu003cdiv data-category=\"Spirituality\" data-category-english=\"spirituality\" class=\"wp-block-aleteia-read-also read-also\"u003enttu003cfigureu003entttu003cimgnttttsrc=\" \/u003enttu003c\/figureu003enttu003cdiv class=\"read-also-inner\"u003entttu003cemu003eRead more:u003c\/emu003eu003ca href=\" is your must-read for this year of Revivalu003c\/au003enttu003c\/divu003entu003c\/divu003etu003cdiv data-category=\"News\" data-category-english=\"news\" class=\"wp-block-aleteia-read-also read-also\"u003enttu003cfigureu003entttu003cimgnttttsrc=\" Pilgrims cross San Franciscou0026#039;s Golden Gate Bridge\"nttttloading=\"lazy\" \/u003enttu003c\/figureu003enttu003cdiv class=\"read-also-inner\"u003entttu003cemu003eRead more:u003c\/emu003eu003ca href=\" of Eucharistic Pilgrimage drives home spiritual lessonu003c\/au003enttu003c\/divu003entu003c\/divu003e\",\"rawcontent\":\"u003c!-- wp:aleteia\/subtitle \/--u003ennu003c!-- wp:paragraph --u003enu003cpu003eThe National Eucharistic Pilgrimage is well on its way, as pilgrims have completed the first week of their two-month journey. u003ca href=\" target=\"_blank\" rel=\"noopener\" title=\"\"u003eThe pilgrimage is taking place on four different routesu003c\/au003e that form the pattern of a cross over the entire country and conclude in Indianapolis for the 10th National Eucharistic Congress on July 16.\u00a0u003c\/pu003enu003c!-- \/wp:paragraph --u003ennu003c!-- wp:paragraph --u003enu003cpu003eThe Pilgrimage and Congress are the culmination of the USCCB's efforts to spark a National Eucharistic Revival in the US, which have been ongoing since 2022. The five-day Congress in Indianapolis, where much of the festivities will take place at Lucas Oil Stadium, u003cstrongu003ewill precede the final year of the National Eucharistic Revival: The Year of Mission.u003c\/strongu003e This will coincide with the 2025 Year of Jubilee and will continue until Pentecost.u0026nbsp;u003c\/pu003enu003c!-- \/wp:paragraph --u003ennu003c!-- wp:paragraph --u003enu003cpu003eIn an effort to share the progress of the Eucharistic pilgrims, the National Eucharistic Revival is holding weekly press conferences with representatives from each of the four routes. u003c\/pu003enu003c!-- \/wp:paragraph --u003ennu003c!-- wp:paragraph --u003enu003cpu003eThe first week unfortunately took place without a representative from the Southern Juan Diego Route, u003cstrongu003ebut Jack Krebs (Serra Route), Natalie Garza (Seton Route), and Matthew Heidenreich (Marian Route) were still on hand with heartwarming testimonials.u003c\/strongu003e\u00a0u003c\/pu003enu003c!-- \/wp:paragraph --u003ennu003c!-- wp:image \"id\":806332,\"sizeSlug\":\"large\",\"linkDestination\":\"none\" --u003enu003cfigure class=\"wp-block-image size-large\"u003eu003cimg src=\" alt=\"New Haven Eucharistic Pilgrimage\" class=\"wp-image-806332\" \/u003eu003c\/figureu003enu003c!-- \/wp:image --u003ennu003c!-- wp:paragraph --u003enu003cpu003eEach of them described large crowds attending the first steps of their pilgrimage routes, with the Northern Marian Route and Western Serra Route drawing thousands to see them off. u003c\/pu003enu003c!-- \/wp:paragraph --u003ennu003c!-- wp:paragraph --u003enu003cpu003eWhile not all who start the pilgrimage will walk the entire journey, Garza noted that the Eastern Seton Route drew in many who pledged to walk the entire route. u003cstrongu003eAlthough they had been on the road for a few days, each of these young pilgrims was beaming with enthusiasm and joy over their work.\u00a0u003c\/strongu003eu003c\/pu003enu003c!-- \/wp:paragraph --u003ennu003c!-- wp:aleteia\/heading3 \"content\":\"I thought I missed Jesus ...\" --u003enu003ch3u003eI thought I missed Jesus ...u003c\/h3u003enu003c!-- \/wp:aleteia\/heading3 --u003ennu003c!-- wp:paragraph --u003enu003cpu003eWhile walking with Jesus obviously brought them joy, they seemed just as pleased with their interactions with others they met along the way. Heidenreich told a story from the first day of the pilgrimage, when around 1,700 people walked in procession from a Mass. There were so many people that many could not see the monstrance at the lead.\u00a0u003c\/pu003enu003c!-- \/wp:paragraph --u003ennu003c!-- wp:paragraph --u003enu003cpu003eLater in the day, in a more private procession of just the chaplains and pilgrims, they passed a pair of cyclists, a mother and daughter. They reverently left their bikes and knelt while the procession passed, but when one of the pilgrims stopped to ask them what they thought of running into Jesus on the trail, the daughter broke down in tears.u003cstrongu003e They explained that they had been in the larger procession, but could not see the monstrance. u003c\/strongu003eThe girl was so moved, because she felt like she had missed Jesus, and now Jesus had come to her.u0026nbsp;u003c\/pu003enu003c!-- \/wp:paragraph --u003ennu003c!-- wp:image \"id\":806329,\"sizeSlug\":\"large\",\"linkDestination\":\"none\" --u003enu003cfigure class=\"wp-block-image size-large\"u003eu003cimg src=\" alt=\"Eucharistic Pilgrimage Serra route\" class=\"wp-image-806329\" \/u003eu003cfigcaption class=\"wp-element-caption\"u003eThe Serra Route at Lake Tahoeu003c\/figcaptionu003eu003c\/figureu003enu003c!-- \/wp:image --u003ennu003c!-- wp:paragraph --u003enu003cpu003eOne of the best stories from the beginning days of the pilgrimage came from the Marian Route. u003c\/pu003enu003c!-- \/wp:paragraph --u003ennu003c!-- wp:paragraph --u003enu003cpu003eGarza explained that the pilgrims had just arrived in Bridgeport, Connecticut, by boat when a young boy on a bicycle saw them u003cstrongu003eand began to follow along, kneeling when the pilgrims knelt, praying when they prayed, and walking with them through the cityu003c\/strongu003e.\u00a0u003c\/pu003enu003c!-- \/wp:paragraph --u003ennu003c!-- wp:paragraph --u003enu003cpu003eOnce the procession had walked about a mile through Bridgeport, the boy turned to a priest and asked if they were going back to the port. When the priest explained that they weren\u2019t turning around until Indianapolis, the boy exclaimed, u003cstrongu003e\u201cOh no, my parents are going to be so mad!\u201du0026nbsp;u003c\/strongu003eu003c\/pu003enu003c!-- \/wp:paragraph --u003ennu003c!-- wp:paragraph --u003enu003cpu003eThankfully, the boy was able to get escorted back by police officers, although there was no news as to how mad his parents were! Garza said that the story stuck out in her mind because of the young boy\u2019s innocent faith:\u00a0u003c\/pu003enu003c!-- \/wp:paragraph --u003ennu003c!-- wp:quote --u003enu003cblockquote class=\"wp-block-quote\"u003eu003c!-- wp:paragraph --u003enu003cpu003e\u201cIt was a beautiful moment of just this childlike wonder and faith and seeing something beautiful, hearing about Jesus, and dropping everything and following Him. So it\u2019s a great moment and witness of faith in what we ought to be doing every single day.\u201du003c\/pu003enu003c!-- \/wp:paragraph --u003eu003c\/blockquoteu003enu003c!-- \/wp:quote --u003ennu003c!-- wp:paragraph --u003enu003cpu003eu003cemu003eAleteia u003c\/emu003ewill bring more stories from the National Eucharistic Pilgrimage each week, but the interviews with these young pilgrims can be heard in their entirety u003ca href=\" target=\"_blank\" rel=\"noopener\" title=\"\"u003eat the website of the National Eucharistic Revivalu003c\/au003e.u003c\/pu003enu003c!-- \/wp:paragraph --u003ennu003c!-- wp:image \"id\":806330,\"sizeSlug\":\"large\",\"linkDestination\":\"none\" --u003enu003cfigure class=\"wp-block-image size-large\"u003eu003cimg src=\" alt=\"San Francisco, Junipero Serra Route, national Eucharistic pilgrimage\" class=\"wp-image-806330\" \/u003eu003cfigcaption class=\"wp-element-caption\"u003eThe Serra Route making its way over the Golden Gate Bridgeu003c\/figcaptionu003eu003c\/figureu003enu003c!-- \/wp:image --u003ennu003c!-- wp:aleteia\/read-also {\"link\":\" is your must-read for this year of Revival\",\"image\":\" --u003enu003cdiv class=\"read-also\"u003eu003ca href=\" is your must-read for this year of Revivalu003c\/au003eu003c\/divu003enu003c!-- \/wp:aleteia\/read-also --u003ennu003c!-- wp:aleteia\/read-also {\"link\":\" of Eucharistic Pilgrimage drives home spiritual lesson\",\"image\":\" --u003enu003cdiv class=\"read-also\"u003eu003ca href=\" of Eucharistic Pilgrimage drives home spiritual lessonu003c\/au003eu003c\/divu003enu003c!-- \/wp:aleteia\/read-also --u003e\",\"pages\":1,\"language\":\"en\",\"galleries\":[],\"video\":false,\"title\":\"Eucharistic Pilgrimage: Boy drops everything to follow Jesus\",\"subheading\":\"The National Eucharistic Pilgrimage is well on its way and the Revival is sharing heartwarming testimonials from young adult pilgrims.\",\"author\":\"J-P Mauro\",\"author_2\":\"\",\"authors_obj\":[\"ID\":\"102854\",\"link\":\" Mauro is a u003cspan class=\"il\"u003emusicianu003c\/spanu003e\/songwriter and an award-winning writer for Aleteia. He is a graduate of The Catholic University of America.\",\"twitter\":\"\",\"facebook\":\"\",\"subtitle\":\"\",\"title_guest_author\":\"\",\"thumb\":\" Mauro\",\"hreflangs\": National Eucharistic Revival \/ Aleteia composite\",\"link\":\"\",\"caption\":\"\",\"alt\":\"Screenshot\",\"link\":\"\/2024\/05\/29\/eucharistic-pilgrimage-boy-drops-everything-to-follow-jesus\/\",\"category_obj\":\"link\":\" u0026 Culture\",\"name\":\"Art u0026 Culture\",\"slug\":\"art-culture\",\"color\":\"rgba( 183, 37, 94, 1 )\",\"term_id\":423715388,\"category\":\"Art u0026 Culture\",\"category_slug\":\"art-culture\",\"category_id\":423715388,\"category_color\":\"#b7255e\",\"parent_category\":\"Art u0026 Culture\",\"published\":1716964274,\"published_datalayer\":\"2024.05.29\",\"article_modified_date\":\"\",\"article_modified\":false,\"published_formatted\":\"published on 05\/29\/24\",\"tags\":\"Eucharistic Revival, Pilgrimages, United States\",\"firsttag\":\"United States\",\"tags_items\":[\"term_id\":423717750,\"name\":\"Eucharistic Revival\",\"link\":\" States\",\"link\":\" Department\",\"settings\":\"disable_slideshow_cta\":\"\",\"template_customizations\":\"\",\"post_appearance_setting\":\"no_drop_caps\":false,\"hide_from_tops\":false,\"hide_date\":false,\"hide_post\":false,\"hide_post_in_newsletter\":false,\"ads_disabled\":false,\"inread_ads_disabled\":false,\"custom_inread_position_enabled\":false,\"custom_inread_position\":\"2\",\"test_pixel_enabled\":false,\"test_pixel_position\":\"\",\"exclude_banner_article\":false,\"div_moneytags_position\":\"\",\"hide_promotional_box\":false,\"original_article\":\"is_original\":\"1\",\"url\":\"\",\"edition\":\"en\",\"gtm\":\"page_type\":\"\",\"page_type_2\":\"\",\"category_name\":\"culture\",\"article_subcategory\":\"Art u0026 Culture\",\"article_type\":\"article\",\"cd\":\"dimension1\":\"J-P Mauro\",\"dimension2\":\"Art u0026 Culture\",\"dimension3\":\"1716964274\",\"dimension4\":\"en\",\"dimension5\":\"\",\"dimension6\":\"article\",\"dimension7\":\"2024.05.29\",\"dimension8\":\"Eucharistic Revival, Pilgrimages, United States\",\"dimension9\":\"The National Eucharistic Pilgrimage is well on its way and the Revival is sharing heartwarming testimonials from young adult pilgrims.\",\"dimension10\":\"806323\",\"dimension11\":\"Eucharistic Revival\",\"dimension12\":\"web\",\"dimension13\":\"\",\"dimension17\":\"Infotainment Department\",\"dimension14\":\"Art u0026 Culture\",\"photo_of_the_day\":false,\"daily_wisdom\":false,\"word_count\":1193,\"shortcodes\":[],\"sponsoredSettings\":,\"isSponsored\":false,\"custom_skin_settings\":\"slot\":\"custom-skin\",\"library\":\"theme.Skin\",\"skin_default_article\":\"1\",\"hide_from_layout_endpoint\":\"1\",\"props\":\"id\":\"custom-skid-ad\",\"unit\":\"64500793\/EN_DESK_ARTICLE_SKIN_1x1\",\"collapse_empty_divs\":false,\"premium_ads\":false,\"bids\":\"\",\"nexxx360_id\":\"\",\"size\":[],\"adjacent_posts\":\"next_post\":\"link\":\" Article \",\"prev_post\":\"link\":\" Article \",\"close_comments\":false,\"premium_content\":\"\",\"trunked_content\":\"u003ch2 class=\"subtitle\"u003eThe National Eucharistic Pilgrimage is well on its way and the Revival is sharing heartwarming testimonials from young adult pilgrims.u003c\/h2u003enu003cpu003eThe National Eucharistic Pilgrimage is well on its way, as pilgrims have completed the first week of their two-month journey. u003ca href=\" target=\"_blank\" rel=\"noopener\" title=\"\"u003eThe pilgrimage is taking place on four different routesu003c\/au003e that form the pattern of a cross over the entire country and conclude in Indianapolis for the 10th National Eucharistic Congress on July 16.\u00a0u003c\/pu003ennu003cpu003eThe Pilgrimage and Congress are the culmination of the USCCB's efforts to spark a National Eucharistic Revival in the US, which have been ongoing since 2022. The five-day Congress in Indianapolis, where much of the festivities will take place at Lucas Oil Stadium, u003cstrongu003ewill precede the final year of the National Eucharistic Revival: The Year of Mission.u003c\/strongu003e This will coincide with the 2025 Year of Jubilee and will continue until Pentecost.u0026nbsp;u003c\/pu003en\",{\"simple\":false,\"id\":802998,\"related\":[],\"content\":\"u003cspan class=\"subtitle\"u003eMost people are drawn to clear purpose and application in everything they do. And still, there\u2019s power in \u201cuseless\u201d knowledge.u003c\/spanu003eu003cpu003e\u201cWhat am I going to use this for?\u201d That\u2019s the question that I invariably get from at least a couple of students, year after year, as they end up in my mandatory u003ca href=\" target=\"_blank\" rel=\"noopener\" title=\"\"u003ephilosophy classu003c\/au003e. My answer is always the same: \u201cFor nothing. Or everything. Who knows. It\u2019s up to you.\u201d Granted, it\u2019s not an entirely satisfactory answer. Most people are drawn to clear purpose and application in everything they do.u003c\/pu003enu003cpu003eStill, u003cstrongu003ethere\u2019s power in \u201cuseless\u201d knowledgeu003c\/strongu003e (and especially in philosophy) that can enrich our lives in unsuspected ways. The Gospel of Matthew reminds us, \u201cFor what does it profit a man to gain the whole world and forfeit his soul?\u201d (u003ca href=\" target=\"_blank\" rel=\"noopener\" title=\"\"u003eMatthew 16:26u003c\/au003e) True happiness isn\u2019t just about acquiring things or achieving worldly success.u003c\/pu003enu003cdiv class=\"wp-block-aleteia-heading3\"u003enu003ch2u003eWhy spend your time on u0026#8220;uselessu0026#8221; pursuits?u003c\/h2u003enu003c\/pu003eu003c\/divu003enu003cpu003ePhilosophy, often seen as an impractical pursuit, offers us u003cstrongu003ethe opportunity to consider deeper questions about meaning, existence, and the good lifeu003c\/strongu003e. It helps us to see the world not just through a utilitarian lens, but also with a sense of wonder and appreciation for the beauty and complexity of creation u0026#8212; and for the depth of the human spirit. u003c\/pu003enu003cpu003eIn more ways than one, a proper philosophical attitude echoes the awe with which the Psalms describe God\u2019s handiwork (Psalm 19:1).u003c\/pu003enu003cpu003eConsider the countless hours saints and scholars dedicated to theology, a seemingly \u201cuseless\u201d pursuit in the eyes of some. Yet, their tireless exploration of faith\u2019s mysteries has brought us not only closer to understanding God\u2019s love and nature, but also to the very ways in which our own minds work. That\u2019s no small achievement at all. u0026nbsp;u003c\/pu003enu003cdiv class=\"block-image-copyrigth-wrap\"u003enu003cfigure class=\"wp-block-image size-large\"u003eu003cimg loading=\"lazy\" decoding=\"async\" width=\"1200\" height=\"630\" src=\" alt=\"Anemone flowers (a.k.a. Lillies of the field)\" class=\"wp-image-803323\" srcset=\" 1200w, ?resize=150,79 150w, ?resize=300,158 300w, ?resize=1024,538 1024w, ?resize=620,326 620w, ?resize=1140,599 1140w, ?resize=375,197 375w, ?resize=630,331 630w\" sizes=\"(max-width: 1200px) 100vw, 1200px\" \/u003eu003cfigcaption class=\"wp-element-caption\"u003eu003cemu003eAnemone flowers (a.k.a. Lilies of the field)u003c\/emu003eu003c\/figcaptionu003eu003c\/figureu003enu003cdiv class=\"copyright-text\"u003eWirestock Creators | Shutterstocku003c\/divu003enu003c\/divu003enu003cdiv class=\"wp-block-aleteia-heading3\"u003enu003ch2u003eLillies of the fieldu003c\/h2u003enu003c\/pu003eu003c\/divu003enu003cdiv id='aleteia-welcome'u003eu003c\/divu003enu003cpu003eConsider the example of the lilies of the field, Jesus tells us: \u201cThey neither toil nor spin; yet I tell you, even Solomon in all his glory was not arrayed like one of these\u201d (Matthew 6:28-29).\u00a0 These simple flowers, u003cstrongu003edevoid of any practical purposeu003c\/strongu003e, are a testament to the inherent beauty found in existence itself.u003c\/pu003enu003cpu003ePhilosophy allows us to appreciate such beauty, not just in nature, but in the complexities of human thought, ethical dilemmas, and the vastness of the universe. Philosophy u003cstrongu003eis not a job skill, but a lens through which we can approach life\u2019s big questionu003c\/strongu003es and appreciate the world around us with a deeper understanding. It\u2019s a pursuit of knowledge for its own sake, a reflection of our inherent human curiosity and desire to understand. u003c\/pu003enu003cpu003eLike the gift of music or art, apparently useless things enrich our souls and broadens our perspectives.u003c\/pu003enu003cdiv class=\"wp-block-aleteia-heading3\"u003enu003ch2u003eThe benefits of a philosophical foundationu003c\/h2u003enu003c\/pu003eu003c\/divu003enu003cpu003eAs we navigate the complexities of life, a strong philosophical foundation equips us to grapple with moral challenges, fostering discernment and helping us live according to Gospel values. It teaches us to find joy not just in u003cemu003estuffu003c\/emu003e, but in the pursuit of wisdom, virtue, and awe. u003c\/pu003enu003cpu003eIn short, by embracing the \u201cuseless\u201d pursuit of philosophy, or of any other seemingly impractical activity, we may cultivate u003cstrongu003ea richer way of beingu003c\/strongu003e \u2013 one that aligns with the Gospel\u2019s message of seeking the Kingdom of God first (Matthew 6:33).u003c\/pu003entu003cdiv data-category=\"Lifestyle\" data-category-english=\"lifestyle\" class=\"wp-block-aleteia-read-also read-also\"u003enttu003cfigureu003entttu003cimgnttttsrc=\" AQUINAS\"nttttloading=\"lazy\" \/u003enttu003c\/figureu003enttu003cdiv class=\"read-also-inner\"u003entttu003cemu003eRead more:u003c\/emu003eu003ca href=\" \u201ccold\u201d logic to friendly order: Finding Aquinasu003c\/au003enttu003c\/divu003entu003c\/divu003etu003cdiv data-category=\"Lifestyle\" data-category-english=\"lifestyle\" class=\"wp-block-aleteia-read-also read-also\"u003enttu003cfigureu003entttu003cimgnttttsrc=\" \/u003enttu003c\/figureu003enttu003cdiv class=\"read-also-inner\"u003entttu003cemu003eRead more:u003c\/emu003eu003ca href=\" your \u201cHail Mary\u201d focus: How sports build a prayerful mindu003c\/au003enttu003c\/divu003entu003c\/divu003e\",\"rawcontent\":\"u003c!-- wp:aleteia\/subtitle \/--u003ennu003c!-- wp:paragraph --u003enu003cpu003e\u201cWhat am I going to use this for?\u201d That\u2019s the question that I invariably get from at least a couple of students, year after year, as they end up in my mandatory u003ca href=\" target=\"_blank\" rel=\"noopener\" title=\"\"u003ephilosophy classu003c\/au003e. My answer is always the same: \u201cFor nothing. Or everything. Who knows. It\u2019s up to you.\u201d Granted, it\u2019s not an entirely satisfactory answer. Most people are drawn to clear purpose and application in everything they do.u003c\/pu003enu003c!-- \/wp:paragraph --u003ennu003c!-- wp:paragraph --u003enu003cpu003eStill, u003cstrongu003ethere\u2019s power in \u201cuseless\u201d knowledgeu003c\/strongu003e (and especially in philosophy) that can enrich our lives in unsuspected ways. The Gospel of Matthew reminds us, \u201cFor what does it profit a man to gain the whole world and forfeit his soul?\u201d (u003ca href=\" target=\"_blank\" rel=\"noopener\" title=\"\"u003eMatthew 16:26u003c\/au003e) True happiness isn\u2019t just about acquiring things or achieving worldly success.u003c\/pu003enu003c!-- \/wp:paragraph --u003ennu003c!-- wp:aleteia\/heading3 \"content\":\"Why spend your time on \\u0022useless\\u0022 pursuits?\" --u003enu003ch3u003eWhy spend your time on \"useless\" pursuits?u003c\/h3u003enu003c!-- \/wp:aleteia\/heading3 --u003ennu003c!-- wp:paragraph --u003enu003cpu003ePhilosophy, often seen as an impractical pursuit, offers us u003cstrongu003ethe opportunity to consider deeper questions about meaning, existence, and the good lifeu003c\/strongu003e. It helps us to see the world not just through a utilitarian lens, but also with a sense of wonder and appreciation for the beauty and complexity of creation -- and for the depth of the human spirit. u003c\/pu003enu003c!-- \/wp:paragraph --u003ennu003c!-- wp:paragraph --u003enu003cpu003eIn more ways than one, a proper philosophical attitude echoes the awe with which the Psalms describe God\u2019s handiwork (Psalm 19:1).u003c\/pu003enu003c!-- \/wp:paragraph --u003ennu003c!-- wp:paragraph --u003enu003cpu003eConsider the countless hours saints and scholars dedicated to theology, a seemingly \u201cuseless\u201d pursuit in the eyes of some. Yet, their tireless exploration of faith\u2019s mysteries has brought us not only closer to understanding God\u2019s love and nature, but also to the very ways in which our own minds work. That\u2019s no small achievement at all. u0026nbsp;u003c\/pu003enu003c!-- \/wp:paragraph --u003ennu003c!-- wp:image \"id\":803323,\"sizeSlug\":\"large\",\"linkDestination\":\"none\" --u003enu003cfigure class=\"wp-block-image size-large\"u003eu003cimg src=\" alt=\"Anemone flowers (a.k.a. Lillies of the field)\" class=\"wp-image-803323\" \/u003eu003cfigcaption class=\"wp-element-caption\"u003eu003cemu003eAnemone flowers (a.k.a. Lilies of the field)u003c\/emu003eu003c\/figcaptionu003eu003c\/figureu003enu003c!-- \/wp:image --u003ennu003c!-- wp:aleteia\/heading3 \"content\":\"Lillies of the field\" --u003enu003ch3u003eLillies of the fieldu003c\/h3u003enu003c!-- \/wp:aleteia\/heading3 --u003ennu003c!-- wp:paragraph --u003enu003cpu003eConsider the example of the lilies of the field, Jesus tells us: \u201cThey neither toil nor spin; yet I tell you, even Solomon in all his glory was not arrayed like one of these\u201d (Matthew 6:28-29).\u00a0 These simple flowers, u003cstrongu003edevoid of any practical purposeu003c\/strongu003e, are a testament to the inherent beauty found in existence itself.u003c\/pu003enu003c!-- \/wp:paragraph --u003ennu003c!-- wp:paragraph --u003enu003cpu003ePhilosophy allows us to appreciate such beauty, not just in nature, but in the complexities of human thought, ethical dilemmas, and the vastness of the universe. Philosophy u003cstrongu003eis not a job skill, but a lens through which we can approach life\u2019s big questionu003c\/strongu003es and appreciate the world around us with a deeper understanding. It\u2019s a pursuit of knowledge for its own sake, a reflection of our inherent human curiosity and desire to understand. u003c\/pu003enu003c!-- \/wp:paragraph --u003ennu003c!-- wp:paragraph --u003enu003cpu003eLike the gift of music or art, apparently useless things enrich our souls and broadens our perspectives.u003c\/pu003enu003c!-- \/wp:paragraph --u003ennu003c!-- wp:aleteia\/heading3 \"content\":\"The benefits of a philosophical foundation\" --u003enu003ch3u003eThe benefits of a philosophical foundationu003c\/h3u003enu003c!-- \/wp:aleteia\/heading3 --u003ennu003c!-- wp:paragraph --u003enu003cpu003eAs we navigate the complexities of life, a strong philosophical foundation equips us to grapple with moral challenges, fostering discernment and helping us live according to Gospel values. It teaches us to find joy not just in u003cemu003estuffu003c\/emu003e, but in the pursuit of wisdom, virtue, and awe. u003c\/pu003enu003c!-- \/wp:paragraph --u003ennu003c!-- wp:paragraph --u003enu003cpu003eIn short, by embracing the \u201cuseless\u201d pursuit of philosophy, or of any other seemingly impractical activity, we may cultivate u003cstrongu003ea richer way of beingu003c\/strongu003e \u2013 one that aligns with the Gospel\u2019s message of seeking the Kingdom of God first (Matthew 6:33).u003c\/pu003enu003c!-- \/wp:paragraph --u003ennu003c!-- wp:aleteia\/read-also {\"link\":\" \u201ccold\u201d logic to friendly order: Finding Aquinas\",\"image\":\" --u003enu003cdiv class=\"read-also\"u003eu003ca href=\" \u201ccold\u201d logic to friendly order: Finding Aquinasu003c\/au003eu003c\/divu003enu003c!-- \/wp:aleteia\/read-also --u003ennu003c!-- wp:aleteia\/read-also {\"link\":\" your \u201cHail Mary\u201d focus: How sports build a prayerful mind\",\"image\":\" --u003enu003cdiv class=\"read-also\"u003eu003ca href=\" your \u201cHail Mary\u201d focus: How sports build a prayerful mindu003c\/au003eu003c\/divu003enu003c!-- \/wp:aleteia\/read-also --u003e\",\"pages\":1,\"language\":\"en\",\"galleries\":[],\"video\":false,\"title\":\"Beyond the practical: The value of \u201cuseless\u201d knowledge\",\"subheading\":\"Most people are drawn to clear purpose and application in everything they do. And still, there\u2019s power in \u201cuseless\u201d knowledge.\",\"author\":\"Daniel Esparza\",\"author_2\":\"\",\"authors_obj\":[\"ID\":\"100624\",\"link\":\" Esparza writes for Aleteia in the areas of art, culture, and travel.\",\"twitter\":\"esparzari\",\"facebook\":\"\",\"subtitle\":\"\",\"title_guest_author\":\"\",\"thumb\":\" Esparza\",\"hreflangs\":\"en\":\" ,\"link\":\"\/2024\/05\/11\/beyond-the-practical-the-value-of-useless-knowledge\/\",\"category_obj\":\"link\":\" 91, 175, 192, 1 )\",\"term_id\":278,\"category\":\"Lifestyle\",\"category_slug\":\"lifestyle\",\"category_id\":278,\"category_color\":\"#5bafc0\",\"parent_category\":\"Lifestyle\",\"published\":1715425200,\"published_datalayer\":\"2024.05.11\",\"article_modified_date\":\"\",\"article_modified\":false,\"published_formatted\":\"published on 05\/11\/24\",\"tags\":\"Catholic Lifestyle, Personal Growth, Philosophy\",\"firsttag\":\"Philosophy\",\"tags_items\":[\"term_id\":423717264,\"name\":\"Catholic Lifestyle\",\"link\":\" Growth\",\"link\":\" Department\",\"settings\":\"disable_slideshow_cta\":\"\",\"template_customizations\":\"\",\"post_appearance_setting\":\"no_drop_caps\":false,\"hide_from_tops\":false,\"hide_date\":false,\"hide_post\":false,\"hide_post_in_newsletter\":false,\"ads_disabled\":false,\"inread_ads_disabled\":false,\"custom_inread_position_enabled\":false,\"custom_inread_position\":\"2\",\"test_pixel_enabled\":false,\"test_pixel_position\":\"\",\"exclude_banner_article\":false,\"div_moneytags_position\":\"\",\"hide_promotional_box\":false,\"original_article\":\"is_original\":\"1\",\"url\":\"\",\"edition\":\"en\",\"gtm\":\"page_type\":\"\",\"page_type_2\":\"\",\"category_name\":\"lifestyle\",\"article_subcategory\":\"Lifestyle\",\"article_type\":\"article\",\"cd\":\"dimension1\":\"Daniel Esparza\",\"dimension2\":\"Lifestyle\",\"dimension3\":\"1715425200\",\"dimension4\":\"en\",\"dimension5\":\"\",\"dimension6\":\"article\",\"dimension7\":\"2024.05.11\",\"dimension8\":\"Catholic Lifestyle, Personal Growth, Philosophy\",\"dimension9\":\"Most people are drawn to clear purpose and application in everything they do. And still, there\u2019s power in \u201cuseless\u201d knowledge.\",\"dimension10\":\"802998\",\"dimension11\":\"Catholic Lifestyle\",\"dimension12\":\"web\",\"dimension13\":\"\",\"dimension17\":\"Lifestyle Department\",\"dimension14\":\"Lifestyle\",\"photo_of_the_day\":false,\"daily_wisdom\":false,\"word_count\":904,\"shortcodes\":[],\"sponsoredSettings\":,\"isSponsored\":false,\"custom_skin_settings\":\"slot\":\"custom-skin\",\"library\":\"theme.Skin\",\"skin_default_article\":\"1\",\"hide_from_layout_endpoint\":\"1\",\"props\":\"id\":\"custom-skid-ad\",\"unit\":\"64500793\/EN_DESK_ARTICLE_SKIN_1x1\",\"collapse_empty_divs\":false,\"premium_ads\":false,\"bids\":\"\",\"nexxx360_id\":\"\",\"size\":[],\"adjacent_posts\":\"next_post\":\"link\":\" Article \",\"prev_post\":\"link\":\" Article \",\"close_comments\":false,\"premium_content\":\"\",\"trunked_content\":\"u003ch2 class=\"subtitle\"u003eMost people are drawn to clear purpose and application in everything they do. And still, there\u2019s power in \u201cuseless\u201d knowledge.u003c\/h2u003enu003cpu003e\u201cWhat am I going to use this for?\u201d That\u2019s the question that I invariably get from at least a couple of students, year after year, as they end up in my mandatory u003ca href=\" target=\"_blank\" rel=\"noopener\" title=\"\"u003ephilosophy classu003c\/au003e. My answer is always the same: \u201cFor nothing. Or everything. Who knows. It\u2019s up to you.\u201d Granted, it\u2019s not an entirely satisfactory answer. Most people are drawn to clear purpose and application in everything they do.u003c\/pu003ennu003cpu003eStill, u003cstrongu003ethere\u2019s power in \u201cuseless\u201d knowledgeu003c\/strongu003e (and especially in philosophy) that can enrich our lives in unsuspected ways. The Gospel of Matthew reminds us, \u201cFor what does it profit a man to gain the whole world and forfeit his soul?\u201d (u003ca href=\" target=\"_blank\" rel=\"noopener\" title=\"\"u003eMatthew 16:26u003c\/au003e) True happiness isn\u2019t just about acquiring things or achieving worldly success.u003c\/pu003en\",{\"simple\":false,\"id\":805901,\"related\":[],\"content\":\"u003cspan class=\"subtitle\"u003eOur summer book list is back! Your friends at Aleteia have chosen a dozen fabulous books for you to enjoy while at the beach or chilling inside near the AC.u003c\/spanu003eu003cpu003eBack by popular demand, u003cemu003eAleteiau0026#8217;s u003c\/emu003esummer book list has once again been thoughtfully curated to provide you, our discerning readers, with a host of fabulous reads that will enrich your minds and souls over the coming months. Over the course of the next few weeks, we will publish articles about each of the books on our list to enhance your reading experience.u003c\/pu003enu003cpu003eu003cemu003eNote: Many of the books on our adult list deal with grownup subject matters and may not be suitable for young readers. As with last year, however, we have summer book lists for teens and kidu003c\/emu003esu0026nbsp;u003cemu003ecoming later this week!u003c\/emu003eu003c\/pu003enu003cdiv class=\"wp-block-aleteia-heading3\"u003enu003ch2u003e2024 Summer fiction recommendations for adultsu003c\/h2u003enu003c\/pu003eu003c\/divu003enu003cdiv class=\"block-image-copyrigth-wrap\"u003enu003cfigure class=\"wp-block-image size-large\"u003eu003cimg loading=\"lazy\" decoding=\"async\" width=\"1200\" height=\"500\" src=\" alt=\"Aleteia 2024 Summer Book List: Adult Fiction\" class=\"wp-image-806199\" srcset=\" 1200w, ?resize=150,63 150w, ?resize=300,125 300w, ?resize=1024,427 1024w, ?resize=620,258 620w, ?resize=1140,475 1140w, ?resize=375,156 375w, ?resize=630,263 630w\" sizes=\"(max-width: 1200px) 100vw, 1200px\" \/u003eu003c\/figureu003enu003cdiv class=\"copyright-text\"u003eJohn Touhey | Aleteia | Collage by Fabiana Touheyu003c\/divu003enu003c\/divu003enu003ch2 class=\"wp-block-aleteia-rich-list\"u003entttu003cspanu003e1u003c\/spanu003eu003cbr \/u003entttu003cstrongu003eDeclareu003c\/strongu003eu003cbr \/u003enttu003c\/h2u003enu003cpu003eu003cemu003eWilliam Morrow Paperbacks, 2013.u003c\/emu003eu003c\/pu003enu003cpu003eu003cemu003eu003ca href=\" target=\"_blank\" rel=\"noopener\" title=\"Declare \"u003eu003cstrongu003eDeclareu003c\/strongu003eu003c\/au003eu003c\/emu003e mixes supernatural fiction with the espionage novel to pulse-pounding effect. This deeply Catholic book won the 2001 World Fantasy Award for best novel. Writer Tim Powers is known for creating exciting narratives that also pose existential questions. u0026#8220;What you want to consider with escapism is not just what you\u2019re escaping from,u0026#8221; Powers has said, u0026#8220;but what are you escaping to?u0026#8221;u003c\/pu003enu003ch2 class=\"wp-block-aleteia-rich-list\"u003entttu003cspanu003e2u003c\/spanu003eu003cbr \/u003entttu003cstrongu003eTo Crown with Libertyu003c\/strongu003eu003cbr \/u003enttu003c\/h2u003enu003cpu003eu003cemu003eChrism Press, 2024.u003c\/emu003eu003c\/pu003enu003cdiv id='aleteia-welcome'u003eu003c\/divu003enu003cpu003eSet in revolutionary France and colonial Louisiana, u003ca href=\" target=\"_blank\" rel=\"noopener\" title=\"To Crown with Liberty\"u003eu003cstrongu003eu003cemu003eTo Crown with Libertyu003c\/emu003eu003c\/strongu003eu003c\/au003e follows a brave young woman who is caught up in epic events. Author Karen Ullo skillfully weaves fact and fiction to create a moving historical novel. u003cemu003eAleteia u003c\/emu003eessayist Fr. Michael Rennier says that the book is u0026#8220;meticulously researched and has a lot to offer to a history buff, but manages to tell a very real, very human story.u0026#8221;u003c\/pu003enu003ch2 class=\"wp-block-aleteia-rich-list\"u003entttu003cspanu003e3u003c\/spanu003eu003cbr \/u003entttu003cstrongu003eAll the Light We Cannot Seeu003c\/strongu003eu003cbr \/u003enttu003c\/h2u003enu003cpu003eu003cemu003eScribner, 2017. u003cstrongu003eOur Well-Read Mom selection!u003c\/strongu003eu003c\/emu003eu003c\/pu003enu003cpu003eThe lives of a blind Parisian girl and young German soldier unexpectedly come together during World War II in Anthony Doerru0026#8217;s Pulitzer Prize-winning novel. u003cemu003eu003ca href=\" target=\"_blank\" rel=\"noopener\" title=\"All the Light We Cannot See\"u003eu003cstrongu003eAll the Light We Cannot Seeu003c\/strongu003eu003c\/au003eu003c\/emu003e is presented in collaboration with u003ca href=\" target=\"_blank\" rel=\"noopener\" title=\"Well-Read Mom\"u003eWell-Read Momu003c\/au003e as part of their Summer Reads program.u003c\/pu003enu003cpu003eCheck back on Monday, June 3, for an in-depth look at how to approach the novel, and to learn about a special offer that Well-Read Mom is extending to u003cemu003eAleteia u003c\/emu003ereaders!u003c\/pu003enu003ch2 class=\"wp-block-aleteia-rich-list\"u003entttu003cspanu003e4u003c\/spanu003eu003cbr \/u003entttu003cstrongu003eThe Jon Mote Mysteriesu003c\/strongu003eu003cbr \/u003enttu003c\/h2u003enu003cpu003eu003cemu003eSlant Books 2016-2022.u003c\/emu003eu003c\/pu003enu003cpu003eJon Mote is an u0026#8220;accidental sleuthu0026#8221; who attempts to solve puzzling crimes while unable to straighten out his own train wreck of a life. He is aided by his sister Judy, who is cognitively impaired and may also be a saint. Starting with u003cemu003eu003ca href=\" target=\"_blank\" rel=\"noopener\" title=\"Death Comes for the Deconstructionist\"u003eu003cstrongu003eDeath Comes for the Deconstructionistu003c\/strongu003eu003c\/au003eu003c\/emu003e, author Daniel Taylor created a four-book series that will delight mystery fans and lovers of literary fiction.u003c\/pu003enu003ch2 class=\"wp-block-aleteia-rich-list\"u003entttu003cspanu003e5u003c\/spanu003eu003cbr \/u003entttu003cstrongu003eHelenau003c\/strongu003eu003cbr \/u003enttu003c\/h2u003enu003cpu003eu003cemu003eBay Back Books, 2012 edition.u003c\/emu003eu003c\/pu003enu003cpu003eEvelyn Waugh thought u003cemu003eu003ca href=\" target=\"_blank\" rel=\"noopener\" title=\"Helena\"u003eu003cstrongu003eHelenau003c\/strongu003eu003c\/au003e u003c\/emu003e his best book, though it is shamefully neglected today. In telling the story of St. Helena and her discovery of the True Cross, the great Catholic novelist playfully sticks to the few facts and legends that have come down to us about the mother of Constantine the Great. And, yes, Waugh was correct u0026#8212; this gem of a book is indeed his masterpiece.u003c\/pu003enu003ch2 class=\"wp-block-aleteia-rich-list\"u003entttu003cspanu003e6u003c\/spanu003eu003cbr \/u003entttu003cstrongu003eLord of the Worldu003c\/strongu003eu003cbr \/u003enttu003c\/h2u003enu003cpu003eu003cemu003eVoyage Classics, 2023 edition.u003c\/emu003eu003c\/pu003enu003cpu003eWritten in 1907, Robert Hugh Bensonu0026#8217;s science fiction novel is about a charismatic leader who builds a utopia where God and religion are rendered irrelevant. The result is a u0026#8220;perfectu0026#8221; world where hope is absent and euthanasia has become increasingly common. Sound familiar? u003cemu003eu003ca href=\" target=\"_blank\" rel=\"noopener\" title=\"Lord of the World\"u003eu003cstrongu003eLord of the Worldu003c\/strongu003eu003c\/au003eu003c\/emu003e is a must-read according to both Pope Benedict XVI and Pope Francis, so what are you waiting for?u003c\/pu003enu003cdiv class=\"wp-block-aleteia-heading3\"u003enu003ch2u003e2024 Summer nonfiction recommendations for adultsu003c\/h2u003enu003c\/pu003eu003c\/divu003enu003cdiv class=\"block-image-copyrigth-wrap\"u003enu003cfigure class=\"wp-block-image size-large\"u003eu003cimg loading=\"lazy\" decoding=\"async\" width=\"1200\" height=\"500\" src=\" alt=\"Aleteia 2024 Summer Book List: Adult Nonfiction\" class=\"wp-image-806182\" srcset=\" 1200w, ?resize=150,63 150w, ?resize=300,125 300w, ?resize=1024,427 1024w, ?resize=620,258 620w, ?resize=1140,475 1140w, ?resize=375,156 375w, ?resize=630,263 630w\" sizes=\"(max-width: 1200px) 100vw, 1200px\" \/u003eu003c\/figureu003enu003cdiv class=\"copyright-text\"u003eJohn Touhey | Aleteia | Collage by Fabiana Touheyu003c\/divu003enu003c\/divu003enu003ch2 class=\"wp-block-aleteia-rich-list\"u003entttu003cspanu003e1u003c\/spanu003eu003cbr \/u003entttu003cstrongu003eThe Great Bridgeu003c\/strongu003eu003cbr \/u003enttu003c\/h2u003enu003cpu003eu003cemu003eSimon u0026amp; Schuster, 1983.u003c\/emu003eu003c\/pu003enu003cpu003eWhen Baltimoreu0026#8217;s Francis Scott Key Bridge collapsed in March, the incident underscored how fragile our countryu0026#8217;s infrastructure is. It also reminded us just how complicated it is to design and build a major bridge that will stand the test of time. In u003cemu003eu003cstrongu003eu003ca href=\" target=\"_blank\" rel=\"noopener\" title=\"The Great Bridge\"u003eThe Great Bridgeu003c\/au003eu003c\/strongu003eu003c\/emu003e, David McCullough recounts the building of the Brooklyn Bridge, which took 14 years to construct and first opened more than 140 years ago. The narrative brings home how much planning, toil, and sacrifice go into constructing bridges that we take for granted until they are no more.u003c\/pu003enu003ch2 class=\"wp-block-aleteia-rich-list\"u003entttu003cspanu003e2u003c\/spanu003eu003cbr \/u003entttu003cstrongu003eLittle Brotheru003c\/strongu003eu003cbr \/u003enttu003c\/h2u003enu003cpu003eu003cemu003eArcade Publishing, 2021. u003c\/emu003eu003c\/pu003enu003cpu003eStatistics on the number of refugees in the world vary widely u0026#8212; but they certainly number in the tens of millions. As conflicts spread around the world, that number will only rise. Behind those bleak statistics, however, there are actual names and faces. In u003cemu003eu003ca href=\" target=\"_blank\" rel=\"noopener\" title=\"Little Brother\"u003eu003cstrongu003eLittle Brotheru003c\/strongu003eu003c\/au003eu003c\/emu003e, Ibrahima Balde and Amets Arzallus Antia paint a very personal, even intimate, portrait of the refugee crisis, telling the story of Ibrahimau0026#8217;s own arduous journey. u003c\/pu003enu003ch2 class=\"wp-block-aleteia-rich-list\"u003entttu003cspanu003e3u003c\/spanu003eu003cbr \/u003entttu003cstrongu003eLife: My Story Through Historyu003c\/strongu003eu003cbr \/u003enttu003c\/h2u003enu003cpu003eu003cemu003eHarperOne, 2024.u003c\/emu003eu003c\/pu003enu003cpu003eBilled as a kind of autobiography of Pope Francis, u003ca href=\" target=\"_blank\" rel=\"noopener\" title=\"Life: My Story Through History \"u003eu003cemu003eu003cstrongu003eLife: My Story Through Historyu003c\/strongu003eu003c\/emu003eu003c\/au003e is really more like an extended interview with the Holy Father. The Pope shares many of the incidents, large and small, that marked his life since childhood to the present. Kathleen N. Hattrup, the Executive Editor of u003cemu003eAleteiau0026#8217;s u003c\/emu003eEnglish edition, says that, u0026#8220;u003cemu003eLifeu003c\/emu003e is an easy read, as it is as simple as enjoying stories.u0026#8221;u003c\/pu003enu003ch2 class=\"wp-block-aleteia-rich-list\"u003entttu003cspanu003e4u003c\/spanu003eu003cbr \/u003entttu003cstrongu003eThe Watchmakeru0026#8217;s Daughteru003c\/strongu003eu003cbr \/u003enttu003c\/h2u003enu003cpu003eu003cemu003eWilliam Morrow, 2023.u003c\/emu003eu003c\/pu003enu003cpu003eYou may have heard of Corrie ten Boom, the Dutch woman who, with her familyu0026#8217;s help, hid and saved countless Jews and refugees from the Gestapo during the Second World War. Remarkably, there has never been a major biography of this extraordinary figure. u003cstrongu003eu003cemu003eu003ca href=\" target=\"_blank\" rel=\"noopener\" title=\"The Watchmaker's Daughter\"u003eThe Watchmakeru0026#8217;s Daughteru003c\/au003eu003c\/emu003eu003c\/strongu003eu003cemu003e: The True Story of World War II Heroine Corrie ten Boomu003c\/emu003e by Larry Loftis remedies that oversight. u003c\/pu003enu003ch2 class=\"wp-block-aleteia-rich-list\"u003entttu003cspanu003e5u003c\/spanu003eu003cbr \/u003entttu003cstrongu003eLocalism: Coming home to Catholic social teachingu003c\/strongu003eu003cbr \/u003enttu003c\/h2u003enu003cpu003eu003cemu003eSophia Institute Press, 2024.u003c\/emu003eu003c\/pu003enu003cpu003eSimply put, u003ca href=\" target=\"_blank\" rel=\"noopener\" title=\"Localism: Coming Home to Catholic Social Teaching\"u003eu003cstrongu003eu003cemu003eLocalism: Coming Home to Catholic Social Teachingu003c\/emu003eu003c\/strongu003eu003c\/au003e is an attempt to take the distributist principles of G.K. Chesterston seriously and update them for the modern world under a new name u0026#8212; localism. Never heard of distributism or localism before? Wondering how a man born 150 years ago could possibly have anything to say about life in the digital age? Do yourself a favor and pick up this book. Whether you agree with the contributors or not, you will find their arguments stimulating and thought-provoking.u003c\/pu003enu003cpu003eu003cstrongu003eREAD Fr. Michael Rennieru0026#8217;s article about u003cemu003eLocalism u003c\/emu003eu003ca href=\" target=\"_blank\" rel=\"noopener\" title=\"here\"u003ehereu003c\/au003e!u003c\/strongu003eu003c\/pu003enu003ch2 class=\"wp-block-aleteia-rich-list\"u003entttu003cspanu003e6u003c\/spanu003eu003cbr \/u003entttu003cstrongu003eThe Wrecking Crewu003c\/strongu003eu003cbr \/u003enttu003c\/h2u003enu003cpu003eu003cemu003eSt. Martin\u2019s Griffin, 2013.u003c\/emu003eu003c\/pu003enu003cpu003eWhat if there were a secret rock band full of incredibly talented musicians who provided the music for some of the biggest hits of the 60s? And what if these renegades proved to be the u0026#8220;secret weaponu0026#8221; that launched groups like The Monkees and The Beach Boys into superstardom? Well, such a band did exist. It was called u0026#8220;The Wrecking Crew,u0026#8221; and the session musicians who performed in the band helped create such classic songs as u0026#8220;California Dreamin'u0026#8221; and u0026#8220;Bridge Over Troubled Waters.u0026#8221; In u003ca href=\" target=\"_blank\" rel=\"noopener\" title=\"The Wrecking Crew: The Inside Story of Rock and Roll's Best-Kept Secret\"u003eu003cstrongu003eu003cemu003eThe Wrecking Crew: The Inside Story of Rock and Rollu0026#8217;s Best-Kept Secretu003c\/emu003eu003c\/strongu003eu003c\/au003e, writer Kent Hartman finally lets the secret out in highly entertaining fashion.u003c\/pu003enu003cdiv class=\"block-image-copyrigth-wrap\"u003enu003cfigure class=\"wp-block-image size-large is-resized\"u003eu003cimg loading=\"lazy\" decoding=\"async\" width=\"5000\" height=\"1865\" src=\" alt=\"Summer book list Icon\" class=\"wp-image-806202\" style=\"width:720px;height:auto\" srcset=\" 5000w, ?resize=150,56 150w, ?resize=300,112 300w, ?resize=1024,382 1024w, ?resize=1536,573 1536w, ?resize=2048,764 2048w, ?resize=620,231 620w, ?resize=1140,425 1140w, ?resize=375,140 375w, ?resize=630,235 630w\" sizes=\"(max-width: 5000px) 100vw, 5000px\" \/u003eu003c\/figureu003enu003cdiv class=\"copyright-text\"u003eShutterstock | Altered by Aleteiau003c\/divu003enu003c\/divu003enu003cpu003eLook for the icon above to find all our book articles, etc. as they are published throughout the coming weeks. Enjoy your summer and happy reading!u003c\/pu003entu003cdiv data-category=\"Lifestyle\" data-category-english=\"lifestyle\" class=\"wp-block-aleteia-read-also read-also\"u003enttu003cfigureu003entttu003cimgnttttsrc=\" \/u003enttu003c\/figureu003enttu003cdiv class=\"read-also-inner\"u003entttu003cemu003eRead more:u003c\/emu003eu003ca href=\" 2023 Summer Book List: Adult Fiction and Nonfictionu003c\/au003enttu003c\/divu003entu003c\/divu003etu003cdiv data-category=\"Lifestyle\" data-category-english=\"lifestyle\" class=\"wp-block-aleteia-read-also read-also\"u003enttu003cfigureu003entttu003cimgnttttsrc=\" big winter reads of 2024\"nttttloading=\"lazy\" \/u003enttu003c\/figureu003enttu003cdiv class=\"read-also-inner\"u003entttu003cemu003eRead more:u003c\/emu003eu003ca href=\" u0026#8220;Big Winter Booksu0026#8221; for 2024 (Photo Gallery)u003c\/au003enttu003c\/divu003entu003c\/divu003e\",\"rawcontent\":\"u003c!-- wp:aleteia\/subtitle \/--u003ennu003c!-- wp:paragraph --u003enu003cpu003eBack by popular demand, u003cemu003eAleteia's u003c\/emu003esummer book list has once again been thoughtfully curated to provide you, our discerning readers, with a host of fabulous reads that will enrich your minds and souls over the coming months. Over the course of the next few weeks, we will publish articles about each of the books on our list to enhance your reading experience.u003c\/pu003enu003c!-- \/wp:paragraph --u003ennu003c!-- wp:paragraph --u003enu003cpu003eu003cemu003eNote: Many of the books on our adult list deal with grownup subject matters and may not be suitable for young readers. As with last year, however, we have summer book lists for teens and kidu003c\/emu003esu0026nbsp;u003cemu003ecoming later this week!u003c\/emu003eu003c\/pu003enu003c!-- \/wp:paragraph --u003ennu003c!-- wp:aleteia\/heading3 \"content\":\"2024 Summer fiction recommendations for adults\" --u003enu003ch3u003e2024 Summer fiction recommendations for adultsu003c\/h3u003enu003c!-- \/wp:aleteia\/heading3 --u003ennu003c!-- wp:image \"id\":806199,\"sizeSlug\":\"large\",\"linkDestination\":\"none\" --u003enu003cfigure class=\"wp-block-image size-large\"u003eu003cimg src=\" alt=\"Aleteia 2024 Summer Book List: Adult Fiction\" class=\"wp-image-806199\" \/u003eu003c\/figureu003enu003c!-- \/wp:image --u003ennu003c!-- wp:aleteia\/rich-list \"index\":\"1\",\"text\":\"Declare\" --u003enu003ch3 class=\"wp-block-aleteia-rich-list\"u003eu003cspanu003e1u003c\/spanu003eu003cstrongu003eDeclareu003c\/strongu003eu003c\/h3u003enu003c!-- \/wp:aleteia\/rich-list --u003ennu003c!-- wp:paragraph --u003enu003cpu003eu003cemu003eWilliam Morrow Paperbacks, 2013.u003c\/emu003eu003c\/pu003enu003c!-- \/wp:paragraph --u003ennu003c!-- wp:paragraph --u003enu003cpu003eu003cemu003eu003ca href=\" target=\"_blank\" rel=\"noopener\" title=\"Declare \"u003eu003cstrongu003eDeclareu003c\/strongu003eu003c\/au003eu003c\/emu003e mixes supernatural fiction with the espionage novel to pulse-pounding effect. This deeply Catholic book won the 2001 World Fantasy Award for best novel. Writer Tim Powers is known for creating exciting narratives that also pose existential questions. \"What you want to consider with escapism is not just what you\u2019re escaping from,\" Powers has said, \"but what are you escaping to?\"u003c\/pu003enu003c!-- \/wp:paragraph --u003ennu003c!-- wp:aleteia\/rich-list \"index\":\"2\",\"text\":\"To Crown with Liberty\" --u003enu003ch3 class=\"wp-block-aleteia-rich-list\"u003eu003cspanu003e2u003c\/spanu003eu003cstrongu003eTo Crown with Libertyu003c\/strongu003eu003c\/h3u003enu003c!-- \/wp:aleteia\/rich-list --u003ennu003c!-- wp:paragraph --u003enu003cpu003eu003cemu003eChrism Press, 2024.u003c\/emu003eu003c\/pu003enu003c!-- \/wp:paragraph --u003ennu003c!-- wp:paragraph --u003enu003cpu003eSet in revolutionary France and colonial Louisiana, u003ca href=\" target=\"_blank\" rel=\"noopener\" title=\"To Crown with Liberty\"u003eu003cstrongu003eu003cemu003eTo Crown with Libertyu003c\/emu003eu003c\/strongu003eu003c\/au003e follows a brave young woman who is caught up in epic events. Author Karen Ullo skillfully weaves fact and fiction to create a moving historical novel. u003cemu003eAleteia u003c\/emu003eessayist Fr. Michael Rennier says that the book is \"meticulously researched and has a lot to offer to a history buff, but manages to tell a very real, very human story.\"u003c\/pu003enu003c!-- \/wp:paragraph --u003ennu003c!-- wp:aleteia\/rich-list \"index\":\"3\",\"text\":\"All the Light We Cannot See\" --u003enu003ch3 class=\"wp-block-aleteia-rich-list\"u003eu003cspanu003e3u003c\/spanu003eu003cstrongu003eAll the Light We Cannot Seeu003c\/strongu003eu003c\/h3u003enu003c!-- \/wp:aleteia\/rich-list --u003ennu003c!-- wp:paragraph --u003enu003cpu003eu003cemu003eScribner, 2017. u003cstrongu003eOur Well-Read Mom selection!u003c\/strongu003eu003c\/emu003eu003c\/pu003enu003c!-- \/wp:paragraph --u003ennu003c!-- wp:paragraph --u003enu003cpu003eThe lives of a blind Parisian girl and young German soldier unexpectedly come together during World War II in Anthony Doerr's Pulitzer Prize-winning novel. u003cemu003eu003ca href=\" target=\"_blank\" rel=\"noopener\" title=\"All the Light We Cannot See\"u003eu003cstrongu003eAll the Light We Cannot Seeu003c\/strongu003eu003c\/au003eu003c\/emu003e is presented in collaboration with u003ca href=\" target=\"_blank\" rel=\"noopener\" title=\"Well-Read Mom\"u003eWell-Read Momu003c\/au003e as part of their Summer Reads program.u003c\/pu003enu003c!-- \/wp:paragraph --u003ennu003c!-- wp:paragraph --u003enu003cpu003eCheck back on Monday, June 3, for an in-depth look at how to approach the novel, and to learn about a special offer that Well-Read Mom is extending to u003cemu003eAleteia u003c\/emu003ereaders!u003c\/pu003enu003c!-- \/wp:paragraph --u003ennu003c!-- wp:aleteia\/rich-list \"index\":\"4\",\"text\":\"The Jon Mote Mysteries\" --u003enu003ch3 class=\"wp-block-aleteia-rich-list\"u003eu003cspanu003e4u003c\/spanu003eu003cstrongu003eThe Jon Mote Mysteriesu003c\/strongu003eu003c\/h3u003enu003c!-- \/wp:aleteia\/rich-list --u003ennu003c!-- wp:paragraph --u003enu003cpu003eu003cemu003eSlant Books 2016-2022.u003c\/emu003eu003c\/pu003enu003c!-- \/wp:paragraph --u003ennu003c!-- wp:paragraph --u003enu003cpu003eJon Mote is an \"accidental sleuth\" who attempts to solve puzzling crimes while unable to straighten out his own train wreck of a life. He is aided by his sister Judy, who is cognitively impaired and may also be a saint. Starting with u003cemu003eu003ca href=\" target=\"_blank\" rel=\"noopener\" title=\"Death Comes for the Deconstructionist\"u003eu003cstrongu003eDeath Comes for the Deconstructionistu003c\/strongu003eu003c\/au003eu003c\/emu003e, author Daniel Taylor created a four-book series that will delight mystery fans and lovers of literary fiction.u003c\/pu003enu003c!-- \/wp:paragraph --u003ennu003c!-- wp:aleteia\/rich-list \"index\":\"5\",\"text\":\"Helena\" --u003enu003ch3 class=\"wp-block-aleteia-rich-list\"u003eu003cspanu003e5u003c\/spanu003eu003cstrongu003eHelenau003c\/strongu003eu003c\/h3u003enu003c!-- \/wp:aleteia\/rich-list --u003ennu003c!-- wp:paragraph --u003enu003cpu003eu003cemu003eBay Back Books, 2012 edition.u003c\/emu003eu003c\/pu003enu003c!-- \/wp:paragraph --u003ennu003c!-- wp:paragraph --u003enu003cpu003eEvelyn Waugh thought u003cemu003eu003ca href=\" target=\"_blank\" rel=\"noopener\" title=\"Helena\"u003eu003cstrongu003eHelenau003c\/strongu003eu003c\/au003e u003c\/emu003e his best book, though it is shamefully neglected today. In telling the story of St. Helena and her discovery of the True Cross, the great Catholic novelist playfully sticks to the few facts and legends that have come down to us about the mother of Constantine the Great. And, yes, Waugh was correct -- this gem of a book is indeed his masterpiece.u003c\/pu003enu003c!-- \/wp:paragraph --u003ennu003c!-- wp:aleteia\/rich-list \"index\":\"6\",\"text\":\"Lord of the World\" --u003enu003ch3 class=\"wp-block-aleteia-rich-list\"u003eu003cspanu003e6u003c\/spanu003eu003cstrongu003eLord of the Worldu003c\/strongu003eu003c\/h3u003enu003c!-- \/wp:aleteia\/rich-list --u003ennu003c!-- wp:paragraph --u003enu003cpu003eu003cemu003eVoyage Classics, 2023 edition.u003c\/emu003eu003c\/pu003enu003c!-- \/wp:paragraph --u003ennu003c!-- wp:paragraph --u003enu003cpu003eWritten in 1907, Robert Hugh Benson's science fiction novel is about a charismatic leader who builds a utopia where God and religion are rendered irrelevant. The result is a \"perfect\" world where hope is absent and euthanasia has become increasingly common. Sound familiar? u003cemu003eu003ca href=\" target=\"_blank\" rel=\"noopener\" title=\"Lord of the World\"u003eu003cstrongu003eLord of the Worldu003c\/strongu003eu003c\/au003eu003c\/emu003e is a must-read according to both Pope Benedict XVI and Pope Francis, so what are you waiting for?u003c\/pu003enu003c!-- \/wp:paragraph --u003ennu003c!-- wp:aleteia\/heading3 \"content\":\"2024 Summer nonfiction recommendations for adults\" --u003enu003ch3u003e2024 Summer nonfiction recommendations for adultsu003c\/h3u003enu003c!-- \/wp:aleteia\/heading3 --u003ennu003c!-- wp:image \"id\":806182,\"sizeSlug\":\"large\",\"linkDestination\":\"none\" --u003enu003cfigure class=\"wp-block-image size-large\"u003eu003cimg src=\" alt=\"Aleteia 2024 Summer Book List: Adult Nonfiction\" class=\"wp-image-806182\" \/u003eu003c\/figureu003enu003c!-- \/wp:image --u003ennu003c!-- wp:aleteia\/rich-list \"index\":\"1\",\"text\":\"The Great Bridge\" --u003enu003ch3 class=\"wp-block-aleteia-rich-list\"u003eu003cspanu003e1u003c\/spanu003eu003cstrongu003eThe Great Bridgeu003c\/strongu003eu003c\/h3u003enu003c!-- \/wp:aleteia\/rich-list --u003ennu003c!-- wp:paragraph --u003enu003cpu003eu003cemu003eSimon u0026amp; Schuster, 1983.u003c\/emu003eu003c\/pu003enu003c!-- \/wp:paragraph --u003ennu003c!-- wp:paragraph --u003enu003cpu003eWhen Baltimore's Francis Scott Key Bridge collapsed in March, the incident underscored how fragile our country's infrastructure is. It also reminded us just how complicated it is to design and build a major bridge that will stand the test of time. In u003cemu003eu003cstrongu003eu003ca href=\" target=\"_blank\" rel=\"noopener\" title=\"The Great Bridge\"u003eThe Great Bridgeu003c\/au003eu003c\/strongu003eu003c\/emu003e, David McCullough recounts the building of the Brooklyn Bridge, which took 14 years to construct and first opened more than 140 years ago. The narrative brings home how much planning, toil, and sacrifice go into constructing bridges that we take for granted until they are no more.u003c\/pu003enu003c!-- \/wp:paragraph --u003ennu003c!-- wp:aleteia\/rich-list \"index\":\"2\",\"text\":\"Little Brother\" --u003enu003ch3 class=\"wp-block-aleteia-rich-list\"u003eu003cspanu003e2u003c\/spanu003eu003cstrongu003eLittle Brotheru003c\/strongu003eu003c\/h3u003enu003c!-- \/wp:aleteia\/rich-list --u003ennu003c!-- wp:paragraph --u003enu003cpu003eu003cemu003eArcade Publishing, 2021. u003c\/emu003eu003c\/pu003enu003c!-- \/wp:paragraph --u003ennu003c!-- wp:paragraph --u003enu003cpu003eStatistics on the number of refugees in the world vary widely -- but they certainly number in the tens of millions. As conflicts spread around the world, that number will only rise. Behind those bleak statistics, however, there are actual names and faces. In u003cemu003eu003ca href=\" target=\"_blank\" rel=\"noopener\" title=\"Little Brother\"u003eu003cstrongu003eLittle Brotheru003c\/strongu003eu003c\/au003eu003c\/emu003e, Ibrahima Balde and Amets Arzallus Antia paint a very personal, even intimate, portrait of the refugee crisis, telling the story of Ibrahima's own arduous journey. u003c\/pu003enu003c!-- \/wp:paragraph --u003ennu003c!-- wp:aleteia\/rich-list \"index\":\"3\",\"text\":\"Life: My Story Through History\" --u003enu003ch3 class=\"wp-block-aleteia-rich-list\"u003eu003cspanu003e3u003c\/spanu003eu003cstrongu003eLife: My Story Through Historyu003c\/strongu003eu003c\/h3u003enu003c!-- \/wp:aleteia\/rich-list --u003ennu003c!-- wp:paragraph --u003enu003cpu003eu003cemu003eHarperOne, 2024.u003c\/emu003eu003c\/pu003enu003c!-- \/wp:paragraph --u003ennu003c!-- wp:paragraph --u003enu003cpu003eBilled as a kind of autobiography of Pope Francis, u003ca href=\" target=\"_blank\" rel=\"noopener\" title=\"Life: My Story Through History \"u003eu003cemu003eu003cstrongu003eLife: My Story Through Historyu003c\/strongu003eu003c\/emu003eu003c\/au003e is really more like an extended interview with the Holy Father. The Pope shares many of the incidents, large and small, that marked his life since childhood to the present. Kathleen N. Hattrup, the Executive Editor of u003cemu003eAleteia's u003c\/emu003eEnglish edition, says that, \"u003cemu003eLifeu003c\/emu003e is an easy read, as it is as simple as enjoying stories.\"u003c\/pu003enu003c!-- \/wp:paragraph --u003ennu003c!-- wp:aleteia\/rich-list \"index\":\"4\",\"text\":\"The Watchmaker's Daughter\" --u003enu003ch3 class=\"wp-block-aleteia-rich-list\"u003eu003cspanu003e4u003c\/spanu003eu003cstrongu003eThe Watchmaker's Daughteru003c\/strongu003eu003c\/h3u003enu003c!-- \/wp:aleteia\/rich-list --u003ennu003c!-- wp:paragraph --u003enu003cpu003eu003cemu003eWilliam Morrow, 2023.u003c\/emu003eu003c\/pu003enu003c!-- \/wp:paragraph --u003ennu003c!-- wp:paragraph --u003enu003cpu003eYou may have heard of Corrie ten Boom, the Dutch woman who, with her family's help, hid and saved countless Jews and refugees from the Gestapo during the Second World War. Remarkably, there has never been a major biography of this extraordinary figure. u003cstrongu003eu003cemu003eu003ca href=\" target=\"_blank\" rel=\"noopener\" title=\"The Watchmaker's Daughter\"u003eThe Watchmaker's Daughteru003c\/au003eu003c\/emu003eu003c\/strongu003eu003cemu003e: The True Story of World War II Heroine Corrie ten Boomu003c\/emu003e by Larry Loftis remedies that oversight. u003c\/pu003enu003c!-- \/wp:paragraph --u003ennu003c!-- wp:aleteia\/rich-list \"index\":\"5\",\"text\":\"Localism: Coming home to Catholic social teaching\" --u003enu003ch3 class=\"wp-block-aleteia-rich-list\"u003eu003cspanu003e5u003c\/spanu003eu003cstrongu003eLocalism: Coming home to Catholic social teachingu003c\/strongu003eu003c\/h3u003enu003c!-- \/wp:aleteia\/rich-list --u003ennu003c!-- wp:paragraph --u003enu003cpu003eu003cemu003eSophia Institute Press, 2024.u003c\/emu003eu003c\/pu003enu003c!-- \/wp:paragraph --u003ennu003c!-- wp:paragraph --u003enu003cpu003eSimply put, u003ca href=\" target=\"_blank\" rel=\"noopener\" title=\"Localism: Coming Home to Catholic Social Teaching\"u003eu003cstrongu003eu003cemu003eLocalism: Coming Home to Catholic Social Teachingu003c\/emu003eu003c\/strongu003eu003c\/au003e is an attempt to take the distributist principles of G.K. Chesterston seriously and update them for the modern world under a new name -- localism. Never heard of distributism or localism before? Wondering how a man born 150 years ago could possibly have anything to say about life in the digital age? Do yourself a favor and pick up this book. Whether you agree with the contributors or not, you will find their arguments stimulating and thought-provoking.u003c\/pu003enu003c!-- \/wp:paragraph --u003ennu003c!-- wp:paragraph --u003enu003cpu003eu003cstrongu003eREAD Fr. Michael Rennier's article about u003cemu003eLocalism u003c\/emu003eu003ca href=\" target=\"_blank\" rel=\"noopener\" title=\"here\"u003ehereu003c\/au003e!u003c\/strongu003eu003c\/pu003enu003c!-- \/wp:paragraph --u003ennu003c!-- wp:aleteia\/rich-list \"index\":\"6\",\"text\":\"The Wrecking Crew\" --u003enu003ch3 class=\"wp-block-aleteia-rich-list\"u003eu003cspanu003e6u003c\/spanu003eu003cstrongu003eThe Wrecking Crewu003c\/strongu003eu003c\/h3u003enu003c!-- \/wp:aleteia\/rich-list --u003ennu003c!-- wp:paragraph --u003enu003cpu003eu003cemu003eSt. Martin\u2019s Griffin, 2013.u003c\/emu003eu003c\/pu003enu003c!-- \/wp:paragraph --u003ennu003c!-- wp:paragraph --u003enu003cpu003eWhat if there were a secret rock band full of incredibly talented musicians who provided the music for some of the biggest hits of the 60s? And what if these renegades proved to be the \"secret weapon\" that launched groups like The Monkees and The Beach Boys into superstardom? Well, such a band did exist. It was called \"The Wrecking Crew,\" and the session musicians who performed in the band helped create such classic songs as \"California Dreamin'\" and \"Bridge Over Troubled Waters.\" In u003ca href=\" target=\"_blank\" rel=\"noopener\" title=\"The Wrecking Crew: The Inside Story of Rock and Roll's Best-Kept Secret\"u003eu003cstrongu003eu003cemu003eThe Wrecking Crew: The Inside Story of Rock and Roll's Best-Kept Secretu003c\/emu003eu003c\/strongu003eu003c\/au003e, writer Kent Hartman finally lets the secret out in highly entertaining fashion.u003c\/pu003enu003c!-- \/wp:paragraph --u003ennu003c!-- wp:image \"id\":806202,\"width\":\"720px\",\"height\":\"auto\",\"sizeSlug\":\"large\",\"linkDestination\":\"none\" --u003enu003cfigure class=\"wp-block-image size-large is-resized\"u003eu003cimg src=\" alt=\"Summer book list Icon\" class=\"wp-image-806202\" style=\"width:720px;height:auto\" \/u003eu003c\/figureu003enu003c!-- \/wp:image --u003ennu003c!-- wp:paragraph --u003enu003cpu003eLook for the icon above to find all our book articles, etc. as they are published throughout the coming weeks. Enjoy your summer and happy reading!u003c\/pu003enu003c!-- \/wp:paragraph --u003ennu003c!-- wp:aleteia\/read-also {\"link\":\" 2023 Summer Book List: Adult Fiction and Nonfiction\",\"image\":\" --u003enu003cdiv class=\"read-also\"u003eu003ca href=\" 2023 Summer Book List: Adult Fiction and Nonfictionu003c\/au003eu003c\/divu003enu003c!-- \/wp:aleteia\/read-also --u003ennu003c!-- wp:aleteia\/read-also {\"link\":\" \\u0026#8220;Big Winter Books\\u0026#8221; for 2024 (Photo Gallery)\",\"image\":\" --u003enu003cdiv class=\"read-also\"u003eu003ca href=\" u0026#8220;Big Winter Booksu0026#8221; for 2024 (Photo Gallery)u003c\/au003eu003c\/divu003enu003c!-- \/wp:aleteia\/read-also --u003e\",\"pages\":1,\"language\":\"en\",\"galleries\":[],\"video\":false,\"title\":\"Aleteia 2024 Summer Book List: Adult Fiction and Nonfiction\",\"subheading\":\"Our summer book list is back! Your friends at Aleteia have chosen a dozen fabulous books for you to enjoy while at the beach or chilling inside near the AC.\",\"author\":\"John Touhey\",\"author_2\":\"\",\"authors_obj\":[\"ID\":\"754445\",\"link\":\" Touhey is the Deputy Executive Editor of Aleteia\u2019s English edition. He has worked as a writer, filmmaker, and content creator on numerous projects and platforms.\",\"twitter\":\"\",\"facebook\":\"\",\"subtitle\":\"\",\"title_guest_author\":\"\",\"thumb\":\" Touhey\",\"hreflangs\": Collage by Fabiana Touhey\",\"link\":\"\",\"caption\":\"\",\"alt\":\"Aleteia 2024 Summer Book List: Adult Fiction and Nonfiction\",\"link\":\"\/2024\/05\/28\/aleteia-2024-summer-book-list-adult-fiction-and-nonfiction\/\",\"category_obj\":\"link\":\" 0, 31, 77, 1 )\",\"term_id\":278,\"category\":\"Lifestyle\",\"category_slug\":\"lifestyle\",\"category_id\":278,\"category_color\":\"#001F4D\",\"parent_category\":\"Lifestyle\",\"published\":1716870600,\"published_datalayer\":\"2024.05.28\",\"article_modified_date\":\"\",\"article_modified\":false,\"published_formatted\":\"published on 05\/28\/24\",\"tags\":\"Books, Culture, Fiction\",\"firsttag\":\"Fiction\",\"tags_items\":[\"term_id\":423714819,\"name\":\"Books\",\"link\":\" Department\",\"settings\":\"disable_slideshow_cta\":\"\",\"template_customizations\":\"\",\"post_appearance_setting\":\"no_drop_caps\":false,\"hide_from_tops\":false,\"hide_date\":false,\"hide_post\":false,\"hide_post_in_newsletter\":false,\"ads_disabled\":false,\"inread_ads_disabled\":false,\"custom_inread_position_enabled\":false,\"custom_inread_position\":\"2\",\"test_pixel_enabled\":false,\"test_pixel_position\":\"\",\"exclude_banner_article\":false,\"div_moneytags_position\":\"\",\"hide_promotional_box\":false,\"original_article\":\"is_original\":\"1\",\"url\":\"\",\"edition\":\"en\",\"gtm\":\"page_type\":\"\",\"page_type_2\":\"\",\"category_name\":\"lifestyle\",\"article_subcategory\":\"Lifestyle\",\"article_type\":\"article\",\"cd\":\"dimension1\":\"John Touhey\",\"dimension2\":\"Lifestyle\",\"dimension3\":\"1716870600\",\"dimension4\":\"en\",\"dimension5\":\"\",\"dimension6\":\"article\",\"dimension7\":\"2024.05.28\",\"dimension8\":\"Books, Culture, Fiction\",\"dimension9\":\"Our summer book list is back! Your friends at Aleteia have chosen a dozen fabulous books for you to enjoy while at the beach or chilling inside near the AC.\",\"dimension10\":\"805901\",\"dimension11\":\"Books\",\"dimension12\":\"web\",\"dimension13\":\"\",\"dimension17\":\"Lifestyle Department\",\"dimension14\":\"Lifestyle\",\"photo_of_the_day\":false,\"daily_wisdom\":false,\"word_count\":2334,\"shortcodes\":[],\"sponsoredSettings\":,\"isSponsored\":false,\"custom_skin_settings\":\"slot\":\"custom-skin\",\"library\":\"theme.Skin\",\"skin_default_article\":\"1\",\"hide_from_layout_endpoint\":\"1\",\"props\":\"id\":\"custom-skid-ad\",\"unit\":\"64500793\/EN_DESK_ARTICLE_SKIN_1x1\",\"collapse_empty_divs\":false,\"premium_ads\":false,\"bids\":\"\",\"nexxx360_id\":\"\",\"size\":[],\"adjacent_posts\":\"next_post\":\"link\":\" Article \",\"prev_post\":\"link\":\" Article \",\"close_comments\":false,\"premium_content\":\"\",\"trunked_content\":\"u003ch2 class=\"subtitle\"u003eOur summer book list is back! Your friends at Aleteia have chosen a dozen fabulous books for you to enjoy while at the beach or chilling inside near the AC.u003c\/h2u003enu003cpu003eBack by popular demand, u003cemu003eAleteia's u003c\/emu003esummer book list has once again been thoughtfully curated to provide you, our discerning readers, with a host of fabulous reads that will enrich your minds and souls over the coming months. Over the course of the next few weeks, we will publish articles about each of the books on our list to enhance your reading experience.u003c\/pu003ennu003cpu003eu003cemu003eNote: Many of the books on our adult list deal with grownup subject matters and may not be suitable for young readers. As with last year, however, we have summer book lists for teens and kidu003c\/emu003esu0026nbsp;u003cemu003ecoming later this week!u003c\/emu003eu003c\/pu003en\",{\"simple\":false,\"id\":805762,\"related\":[],\"content\":\"u003cspan class=\"subtitle\"u003eFr. David Santos\u2019 journey to the priesthood led him through the war zones of Iraq. Now he serves Christ and fights for souls as a pastor in New Jersey.u003c\/spanu003eu003cpu003eArmy specialist David Santos was on patrol in Iraq in 2005 when a roadside bomb exploded next to his vehicle. IEDs (Improvised Explosive Devises) were a huge threat during this phase of u003ca href=\" target=\"_blank\" rel=\"noopener\" title=\"the Iraq War\"u003ethe Iraq Waru003c\/au003e, killing and wounding countless soldiers. Observing and impeding the insurgents who planted these roadside bombs was at the heart of his team\u2019s mission.u003c\/pu003enu003cpu003eThey were members of the 173rd Long Range Surveillance Detachment, a unit with a history of gathering intelligence on opposition forces, often behind enemy lines from a distance. Tactical changes during the conflict in Iraq brought the 173rd into much closer contact with the enemy, increasing the risk. The unexpected was commonplace for the six-man team that David was assigned to. At any moment, they might come under hostile fire, find themselves ambushed \u2014 or have a roadside bomb suddenly explode next to their Humvees as they traveled down a road. u0026nbsp;u003c\/pu003enu003cpu003eTwenty years later, Fr. David recalls being on patrol when the IED was detonated. \u201cIt was always a dangerous area,\u201d he tells u003cemu003eAleteiau003c\/emu003e. As they rode along, suddenly there was a loud bang \u201cand our Humvee was filled with dust, and we\u2019re like \u2014 u003cemu003ewhatu003c\/emu003e!?\u201du003c\/pu003enu003cpu003eFortunately, this particular bomb had been buried too deep. There were no casualties, but the incident served to remind David of \u201cthe fragility of life, particularly on that day.\u201d Fr. David keeps a piece of shrapnel from the bomb as a reminder of the incident.u003c\/pu003enu003cdiv class=\"block-image-copyrigth-wrap\"u003enu003cfigure class=\"wp-block-image size-large\"u003eu003cimg loading=\"lazy\" decoding=\"async\" width=\"1144\" height=\"746\" src=\" alt=\"The crater from the IED explosion described in the article.\" class=\"wp-image-805905\" srcset=\" 1144w, ?resize=150,98 150w, ?resize=300,196 300w, ?resize=1024,668 1024w, ?resize=620,404 620w, ?resize=1140,743 1140w, ?resize=375,245 375w, ?resize=630,411 630w\" sizes=\"(max-width: 1144px) 100vw, 1144px\" \/u003eu003cfigcaption class=\"wp-element-caption\"u003eu003cemu003eThe crater from the IED explosion described in the article.u003c\/emu003eu003c\/figcaptionu003eu003c\/figureu003enu003cdiv class=\"copyright-text\"u003eCourtesy of Fr. David Santosu003c\/divu003enu003c\/divu003enu003cdiv class=\"wp-block-aleteia-heading3\"u003enu003ch2u003eA quiet callu003c\/h2u003enu003c\/pu003eu003c\/divu003enu003cpu003eEven before he and his identical twin brother Brian joined the military in the wake of 9\/11, David Santos sensed that he was put on Earth for a purpose. His parents were Portuguese immigrants who believed in family and in service. They were not regular churchgoers, according to Fr. David, though he says they did have religious items and imagery in their home.u003c\/pu003enu003cdiv id='aleteia-welcome'u003eu003c\/divu003enu003cpu003eDavid\u2019s journey to the Church began when he dated a girl who brought him to Mass. He began participating in the parish youth group and met a priest named Fr. Antonio Bico, who would have a profound impact on the young man\u2019s life. \u201cFr. Tony is certainly the one who taught me how to love Jesus, without a doubt,\u201d Fr. David says.u003c\/pu003enu003cpu003eIt was while going to confession with Fr. Tony (\u201cmy first time in a long time\u201d) that the priest asked David what he wanted to do with his life. As Fr. David recalls:u003c\/pu003enu003cblockquote class=\"wp-block-quote is-layout-flow wp-block-quote-is-layout-flow\"u003enu003cpu003eI remember saying, u0026#8220;I want to be a soldier of Christ.u0026#8221; And as Iu0026#8217;m saying this, Iu0026#8217;m thinking u003cemu003ewhat the heck does that meanu003c\/emu003e? I knew I wanted to be a soldier because 9\/11 had happened and I was thinking about the military at that point. But I had also had this resurgence of faith and deepening of faith and so in my head I was like, u003cemu003esoldieru0026#8230; soldier of Christu003c\/emu003e.u003c\/pu003ennnnu003cpu003eFr. Tony looks at me and says, u0026#8220;That sounds like a priest.u0026#8221; I told him, u0026#8220;Father, come on, you know I have a girlfriend. I\u2019m not interested.u0026#8221; I had never even thought about it until that point.u003c\/pu003enu003c\/blockquoteu003enu003cpu003eThe military was still David\u2019s focus. He and Brian had been actively checking out the different military services in search of the right fit. Yet a seed had been planted in David\u2019s soul, one that occasionally surfaced in unexpected ways. u003c\/pu003enu003cblockquote class=\"wp-block-quote is-layout-flow wp-block-quote-is-layout-flow\"u003enu003cpu003e\u201cI remember Iu0026#8217;d be brushing my teeth and would suddenly imagine myself in a [clerical] collar and be like, u003cemu003eWhatu003c\/emu003e? u003cemu003eWhat the heck is going on?u003c\/emu003e\u201du003c\/pu003enu003c\/blockquoteu003enu003cpu003eNot long after that, a family friend steered David and Brian Santos to join the 173rd. They began training intensively and were eventually deployed to Iraq.u003c\/pu003enu003cdiv class=\"block-image-copyrigth-wrap\"u003enu003cfigure class=\"wp-block-image size-large\"u003eu003cimg loading=\"lazy\" decoding=\"async\" width=\"1024\" height=\"742\" src=\" alt=\"Specialist David Santos (lower left) with his team on the 173rd\" class=\"wp-image-805985\" srcset=\" 1024w, ?resize=150,109 150w, ?resize=300,217 300w, ?resize=620,449 620w, ?resize=375,272 375w, ?resize=630,457 630w\" sizes=\"(max-width: 1024px) 100vw, 1024px\" \/u003eu003cfigcaption class=\"wp-element-caption\"u003eu003cemu003eSpecialist David Santos (lower left) with his team on the 173rdu003c\/emu003eu003c\/figcaptionu003eu003c\/figureu003enu003cdiv class=\"copyright-text\"u003eCourtesy of Fr. David Santosu003c\/divu003enu003c\/divu003enu003cdiv class=\"wp-block-aleteia-heading3\"u003enu003ch2u003ePirates and Vikingsu003c\/h2u003enu003c\/pu003eu003c\/divu003enu003cpu003eLike many veterans, Fr. David is genuinely humble when speaking about his war service. Speaking with his former commanding officer, however, it is clear that the 11 months the Santos brothers spent in Iraq demanded a lot from them and the other men of the 173rd.u003c\/pu003enu003cblockquote class=\"wp-block-quote is-layout-flow wp-block-quote-is-layout-flow\"u003enu003cpu003e\u201cMy guys were a constant threat and they were constantly in contact with the enemy,\u201d retired Colonel Michael Manning says in an interview with u003cemu003eAleteiau003c\/emu003e. \u201cIt was an excessively dangerous mission. Every time they went through the wire there was some type of contact, whether it was small arms fire, mortar fire, a roadside bomb, or some type of interaction with enemy scouts.\u201du003c\/pu003enu003c\/blockquoteu003enu003cpu003eCol. Manning (who was a captain when Fr. David served in Iraq) emphasizes that the 173rd was an elite posting. \u201cEveryone who was in that unit had to compete for a position,\u201d he says. u003c\/pu003enu003cpu003eA certain kind of toughness was necessary to carry out their mission. The average patrol in Iraq lasted anywhere from 8 to 24 hours. The members of the 173rd \u201cwould operate upwards of 48 to 72 to 96 hours. It was unheard of.\u201du003c\/pu003enu003cpu003e\u201cYou get a different type of guy,\u201d the Colonel adds. \u201cOne of my non-commissioned officers used to say that our unit was comprised of pirates and Vikings. Those are the types of guys you need.\u201d Among these men, David stood out for his integrity and deep faith, but also for his ability to relate to others who \u201chad never seen the inside of a church\u201d or hadnu0026#8217;t the least interest in religion.u003c\/pu003enu003cblockquote class=\"wp-block-quote is-layout-flow wp-block-quote-is-layout-flow\"u003enu003cpu003e\u201cHe had the ability to be numbered among them, and yet he was so well respected that he could live with purity and yet still love these guys and appreciate these guys, be numbered one of them, yet not be subsumed by them,\u201d Col. Manning says.u003c\/pu003enu003c\/blockquoteu003enu003cdiv class=\"block-image-copyrigth-wrap\"u003enu003cfigure class=\"wp-block-image size-large\"u003eu003cimg loading=\"lazy\" decoding=\"async\" width=\"1200\" height=\"794\" src=\" alt=\"Fr. David Santos ordination to the diaconate in Rome\" class=\"wp-image-805986\" srcset=\" 1200w, ?resize=150,99 150w, ?resize=300,199 300w, ?resize=1024,678 1024w, ?resize=620,410 620w, ?resize=1140,754 1140w, ?resize=375,248 375w, ?resize=630,417 630w, ?resize=266,177 266w\" sizes=\"(max-width: 1200px) 100vw, 1200px\" \/u003eu003cfigcaption class=\"wp-element-caption\"u003eu003cemu003eDeacon David Santos following his ordination in Romeu003c\/emu003eu003c\/figcaptionu003eu003c\/figureu003enu003cdiv class=\"copyright-text\"u003eCourtesy of Fr. David Santosu003c\/divu003enu003c\/divu003enu003cdiv class=\"wp-block-aleteia-heading3\"u003enu003ch2u003eOne foot in this world and the other foot elsewhereu003c\/h2u003enu003c\/pu003eu003c\/divu003enu003cpu003eWhen their tour finished, David and his brother returned home. He went back to college to complete his degree, but the question of his true vocation had only intensified. On Friday nights he would go out with his friends, then come home and take a shower so that he could drive to Newark \u201cto help Fr. Tony as he celebrated [Saturday morning] Mass for the Missionaries of Charity. It was kind of like I had one foot in one life, and a foot that was starting to make its way in a different life.\u201du003c\/pu003enu003cblockquote class=\"wp-block-quote is-layout-flow wp-block-quote-is-layout-flow\"u003enu003cpu003e\u201cIt was a gradual thing,\u201d Fr. David said. \u201cEven when I entered the seminary, I didn\u2019t see it as \u2018I\u2019m going to be a priest.\u2019 It was more like, \u2018This is a very real possibility that the Lord is asking me to consider,\u2019 so I entered the seminary to discern.\u201du003c\/pu003enu003c\/blockquoteu003enu003cpu003eHis family was shocked when David finally told them. There were questions and objections \u2013 many more than when he and Brian had announced they were joining the army. Their father was especially unhappy. Even Brian, who had come to embrace his Catholic faith because of David, was caught by surprise. When David\u2019s sister asked him why he had to go to the seminary, he simply answered, \u201cThe world is a loud place, and I need to hear God tell me what he wants me to do.\u201du003c\/pu003enu003cpu003eIn time, the Santos family came to appreciate David\u2019s decision. Brian Santos fondly recalls his brother\u2019s ordination to the diaconate in Rome, when around 20 family members came to celebrate with David, including some from Portugal. u003c\/pu003enu003cpu003eFr. David\u2019s priesthood has proven to be a gift for his entire family. u003c\/pu003enu003cblockquote class=\"wp-block-quote is-layout-flow wp-block-quote-is-layout-flow\"u003enu003cpu003e\u201cIt\u2019s this beautiful movement of the Holy Spirit in our life,\u201d Brian says. \u201cIt\u2019s helped us become not only closer as a family, but I think the strengthening of our faith has also brought us together in that experience.\u201du003c\/pu003enu003c\/blockquoteu003enu003cdiv class=\"block-image-copyrigth-wrap\"u003enu003cfigure class=\"wp-block-image size-large\"u003eu003cimg loading=\"lazy\" decoding=\"async\" width=\"1200\" height=\"800\" src=\" alt=\"Fr. David Santos chalice\" class=\"wp-image-805987\" srcset=\" 1200w, ?resize=150,100 150w, ?resize=300,200 300w, ?resize=1024,683 1024w, ?resize=620,413 620w, ?resize=360,240 360w, ?resize=1140,760 1140w, ?resize=375,250 375w, ?resize=630,420 630w, ?resize=266,177 266w\" sizes=\"(max-width: 1200px) 100vw, 1200px\" \/u003eu003cfigcaption class=\"wp-element-caption\"u003eu003cemu003eFr. David Santosu0026#8217; chalice with inscriptionu003c\/emu003eu003c\/figcaptionu003eu003c\/figureu003enu003cdiv class=\"copyright-text\"u003eCourtesy of Fr. David Santosu003c\/divu003enu003c\/divu003enu003cdiv class=\"wp-block-aleteia-heading3\"u003enu003ch2u003e\u201cSoldier of Christ\u201du003c\/h2u003enu003c\/pu003eu003c\/divu003enu003cpu003eAs for Fr. David, he sums up his own experience quite simply: \u201cI u003cemu003eloveu003c\/emu003e being a priest!\u201d Twelve years have passed since his ordination to the priesthood. In 2022, he was installed as the pastor of St. James the Apostle Church in Springfield, New Jersey. His new job means dealing with a myriad of maintenance, staff, and financial issues, tasks that he embraces; but his core focus remains on his priestly mission. u003c\/pu003enu003cblockquote class=\"wp-block-quote is-layout-flow wp-block-quote-is-layout-flow\"u003enu003cpu003e\u201cYouu0026#8217;re meant to guide people, to direct them, to love them, to work with them, to serve them u0026#8230; similar to a soldier who is serving the people back home at his deployment.\u201du003c\/pu003enu003c\/blockquoteu003enu003cpu003eThis was brought home to Fr. David in a dramatic way on the eve of his ordination. It is traditional for a new priest to either receive his chalice as a gift from his family or benefactors, or, as in Fr. David\u2019s case, to choose an older chalice \u2013 for instance, one of those that has been donated by a parish or retired priest. It is a mark of patrimony, according to Fr. David, a kind of handing down of the mission from one generation of priests to the next.u003c\/pu003enu003cpu003eFr. David can vividly remember going to the seminary to choose his chalice. Four or five of them were laid out on a table. One of the chalices stuck out because it had recently been refurbished. \u201cIt was nice, shiny, beautiful,\u201d Fr. David recalls. \u201cAnd typically, what happens is that when somebody offers a priest a chalice, they inscribe on the base \u2018in memory of\u2019 or \u2018in gratitude for,\u2019 etc.u0026#8221;u003c\/pu003enu003cpu003eCurious, Fr. David turned the chalice over to read the inscription. When he looked at it, he almost dropped the chalice in shock. \u201cOn the base was written, \u2018Soldier of Christ,\u2019\u201d he recalls, still astonished all these years later by \u201chow God can work so creatively, so intimately, and so personally in our lives.\u201du003c\/pu003entu003cdiv data-category=\"Voices u0026amp; Views\" data-category-english=\"voices and views\" class=\"wp-block-aleteia-read-also read-also\"u003enttu003cfigureu003entttu003cimgnttttsrc=\" Kapaun\"nttttloading=\"lazy\" \/u003enttu003c\/figureu003enttu003cdiv class=\"read-also-inner\"u003entttu003cemu003eRead more:u003c\/emu003eu003ca href=\" Fr. Kapaunu0026#8217;s story says about Memorial Dayu003c\/au003enttu003c\/divu003entu003c\/divu003etu003cdiv data-category=\"Inspiring Stories\" data-category-english=\"inspiring stories\" class=\"wp-block-aleteia-read-also read-also\"u003enttu003cfigureu003entttu003cimgnttttsrc=\" Paul Carris at Corpus Christi Church in Hasbrouck Heights, New Jersey.\"nttttloading=\"lazy\" \/u003enttu003c\/figureu003enttu003cdiv class=\"read-also-inner\"u003entttu003cemu003eRead more:u003c\/emu003eu003ca href=\" 9\/11 hero who became a permanent deacon (with slideshow)u003c\/au003enttu003c\/divu003entu003c\/divu003e\",\"rawcontent\":\"u003c!-- wp:aleteia\/subtitle \/--u003ennu003c!-- wp:paragraph --u003enu003cpu003eArmy specialist David Santos was on patrol in Iraq in 2005 when a roadside bomb exploded next to his vehicle. IEDs (Improvised Explosive Devises) were a huge threat during this phase of u003ca href=\" target=\"_blank\" rel=\"noopener\" title=\"the Iraq War\"u003ethe Iraq Waru003c\/au003e, killing and wounding countless soldiers. Observing and impeding the insurgents who planted these roadside bombs was at the heart of his team\u2019s mission.u003c\/pu003enu003c!-- \/wp:paragraph --u003ennu003c!-- wp:paragraph --u003enu003cpu003eThey were members of the 173rd Long Range Surveillance Detachment, a unit with a history of gathering intelligence on opposition forces, often behind enemy lines from a distance. Tactical changes during the conflict in Iraq brought the 173rd into much closer contact with the enemy, increasing the risk. The unexpected was commonplace for the six-man team that David was assigned to. At any moment, they might come under hostile fire, find themselves ambushed \u2014 or have a roadside bomb suddenly explode next to their Humvees as they traveled down a road. u0026nbsp;u003c\/pu003enu003c!-- \/wp:paragraph --u003ennu003c!-- wp:paragraph --u003enu003cpu003eTwenty years later, Fr. David recalls being on patrol when the IED was detonated. \u201cIt was always a dangerous area,\u201d he tells u003cemu003eAleteiau003c\/emu003e. As they rode along, suddenly there was a loud bang \u201cand our Humvee was filled with dust, and we\u2019re like \u2014 u003cemu003ewhatu003c\/emu003e!?\u201du003c\/pu003enu003c!-- \/wp:paragraph --u003ennu003c!-- wp:paragraph --u003enu003cpu003eFortunately, this particular bomb had been buried too deep. There were no casualties, but the incident served to remind David of \u201cthe fragility of life, particularly on that day.\u201d Fr. David keeps a piece of shrapnel from the bomb as a reminder of the incident.u003c\/pu003enu003c!-- \/wp:paragraph --u003ennu003c!-- wp:image \"id\":805905,\"sizeSlug\":\"large\",\"linkDestination\":\"none\" --u003enu003cfigure class=\"wp-block-image size-large\"u003eu003cimg src=\" alt=\"The crater from the IED explosion described in the article.\" class=\"wp-image-805905\" \/u003eu003cfigcaption class=\"wp-element-caption\"u003eu003cemu003eThe crater from the IED explosion described in the article.u003c\/emu003eu003c\/figcaptionu003eu003c\/figureu003enu003c!-- \/wp:image --u003ennu003c!-- wp:aleteia\/heading3 \"content\":\"A quiet call\" --u003enu003ch3u003eA quiet callu003c\/h3u003enu003c!-- \/wp:aleteia\/heading3 --u003ennu003c!-- wp:paragraph --u003enu003cpu003eEven before he and his identical twin brother Brian joined the military in the wake of 9\/11, David Santos sensed that he was put on Earth for a purpose. His parents were Portuguese immigrants who believed in family and in service. They were not regular churchgoers, according to Fr. David, though he says they did have religious items and imagery in their home.u003c\/pu003enu003c!-- \/wp:paragraph --u003ennu003c!-- wp:paragraph --u003enu003cpu003eDavid\u2019s journey to the Church began when he dated a girl who brought him to Mass. He began participating in the parish youth group and met a priest named Fr. Antonio Bico, who would have a profound impact on the young man\u2019s life. \u201cFr. Tony is certainly the one who taught me how to love Jesus, without a doubt,\u201d Fr. David says.u003c\/pu003enu003c!-- \/wp:paragraph --u003ennu003c!-- wp:paragraph --u003enu003cpu003eIt was while going to confession with Fr. Tony (\u201cmy first time in a long time\u201d) that the priest asked David what he wanted to do with his life. As Fr. David recalls:u003c\/pu003enu003c!-- \/wp:paragraph --u003ennu003c!-- wp:quote --u003enu003cblockquote class=\"wp-block-quote\"u003eu003c!-- wp:paragraph --u003enu003cpu003eI remember saying, \"I want to be a soldier of Christ.\" And as I'm saying this, I'm thinking u003cemu003ewhat the heck does that meanu003c\/emu003e? I knew I wanted to be a soldier because 9\/11 had happened and I was thinking about the military at that point. But I had also had this resurgence of faith and deepening of faith and so in my head I was like, u003cemu003esoldier... soldier of Christu003c\/emu003e.u003c\/pu003enu003c!-- \/wp:paragraph --u003ennu003c!-- wp:paragraph --u003enu003cpu003eFr. Tony looks at me and says, \"That sounds like a priest.\" I told him, \"Father, come on, you know I have a girlfriend. I\u2019m not interested.\" I had never even thought about it until that point.u003c\/pu003enu003c!-- \/wp:paragraph --u003eu003c\/blockquoteu003enu003c!-- \/wp:quote --u003ennu003c!-- wp:paragraph --u003enu003cpu003eThe military was still David\u2019s focus. He and Brian had been actively checking out the different military services in search of the right fit. Yet a seed had been planted in David\u2019s soul, one that occasionally surfaced in unexpected ways. u003c\/pu003enu003c!-- \/wp:paragraph --u003ennu003c!-- wp:quote --u003enu003cblockquote class=\"wp-block-quote\"u003eu003c!-- wp:paragraph --u003enu003cpu003e\u201cI remember I'd be brushing my teeth and would suddenly imagine myself in a [clerical] collar and be like, u003cemu003eWhatu003c\/emu003e? u003cemu003eWhat the heck is going on?u003c\/emu003e\u201du003c\/pu003enu003c!-- \/wp:paragraph --u003eu003c\/blockquoteu003enu003c!-- \/wp:quote --u003ennu003c!-- wp:paragraph --u003enu003cpu003eNot long after that, a family friend steered David and Brian Santos to join the 173rd. They began training intensively and were eventually deployed to Iraq.u003c\/pu003enu003c!-- \/wp:paragraph --u003ennu003c!-- wp:image \"id\":805985,\"sizeSlug\":\"large\",\"linkDestination\":\"none\" --u003enu003cfigure class=\"wp-block-image size-large\"u003eu003cimg src=\" alt=\"Specialist David Santos (lower left) with his team on the 173rd\" class=\"wp-image-805985\" \/u003eu003cfigcaption class=\"wp-element-caption\"u003eu003cemu003eSpecialist David Santos (lower left) with his team on the 173rdu003c\/emu003eu003c\/figcaptionu003eu003c\/figureu003enu003c!-- \/wp:image --u003ennu003c!-- wp:aleteia\/heading3 \"content\":\"Pirates and Vikings\" --u003enu003ch3u003ePirates and Vikingsu003c\/h3u003enu003c!-- \/wp:aleteia\/heading3 --u003ennu003c!-- wp:paragraph --u003enu003cpu003eLike many veterans, Fr. David is genuinely humble when speaking about his war service. Speaking with his former commanding officer, however, it is clear that the 11 months the Santos brothers spent in Iraq demanded a lot from them and the other men of the 173rd.u003c\/pu003enu003c!-- \/wp:paragraph --u003ennu003c!-- wp:quote --u003enu003cblockquote class=\"wp-block-quote\"u003eu003c!-- wp:paragraph --u003enu003cpu003e\u201cMy guys were a constant threat and they were constantly in contact with the enemy,\u201d retired Colonel Michael Manning says in an interview with u003cemu003eAleteiau003c\/emu003e. \u201cIt was an excessively dangerous mission. Every time they went through the wire there was some type of contact, whether it was small arms fire, mortar fire, a roadside bomb, or some type of interaction with enemy scouts.\u201du003c\/pu003enu003c!-- \/wp:paragraph --u003eu003c\/blockquoteu003enu003c!-- \/wp:quote --u003ennu003c!-- wp:paragraph --u003enu003cpu003eCol. Manning (who was a captain when Fr. David served in Iraq) emphasizes that the 173rd was an elite posting. \u201cEveryone who was in that unit had to compete for a position,\u201d he says. u003c\/pu003enu003c!-- \/wp:paragraph --u003ennu003c!-- wp:paragraph --u003enu003cpu003eA certain kind of toughness was necessary to carry out their mission. The average patrol in Iraq lasted anywhere from 8 to 24 hours. The members of the 173rd \u201cwould operate upwards of 48 to 72 to 96 hours. It was unheard of.\u201du003c\/pu003enu003c!-- \/wp:paragraph --u003ennu003c!-- wp:paragraph --u003enu003cpu003e\u201cYou get a different type of guy,\u201d the Colonel adds. \u201cOne of my non-commissioned officers used to say that our unit was comprised of pirates and Vikings. Those are the types of guys you need.\u201d Among these men, David stood out for his integrity and deep faith, but also for his ability to relate to others who \u201chad never seen the inside of a church\u201d or hadn't the least interest in religion.u003c\/pu003enu003c!-- \/wp:paragraph --u003ennu003c!-- wp:quote --u003enu003cblockquote class=\"wp-block-quote\"u003eu003c!-- wp:paragraph --u003enu003cpu003e\u201cHe had the ability to be numbered among them, and yet he was so well respected that he could live with purity and yet still love these guys and appreciate these guys, be numbered one of them, yet not be subsumed by them,\u201d Col. Manning says.u003c\/pu003enu003c!-- \/wp:paragraph --u003eu003c\/blockquoteu003enu003c!-- \/wp:quote --u003ennu003c!-- wp:image \"id\":805986,\"sizeSlug\":\"large\",\"linkDestination\":\"none\" --u003enu003cfigure class=\"wp-block-image size-large\"u003eu003cimg src=\" alt=\"Fr. David Santos ordination to the diaconate in Rome\" class=\"wp-image-805986\" \/u003eu003cfigcaption class=\"wp-element-caption\"u003eu003cemu003eDeacon David Santos following his ordination in Romeu003c\/emu003eu003c\/figcaptionu003eu003c\/figureu003enu003c!-- \/wp:image --u003ennu003c!-- wp:aleteia\/heading3 \"content\":\"One foot in this world and the other foot elsewhere\" --u003enu003ch3u003eOne foot in this world and the other foot elsewhereu003c\/h3u003enu003c!-- \/wp:aleteia\/heading3 --u003ennu003c!-- wp:paragraph --u003enu003cpu003eWhen their tour finished, David and his brother returned home. He went back to college to complete his degree, but the question of his true vocation had only intensified. On Friday nights he would go out with his friends, then come home and take a shower so that he could drive to Newark \u201cto help Fr. Tony as he celebrated [Saturday morning] Mass for the Missionaries of Charity. It was kind of like I had one foot in one life, and a foot that was starting to make its way in a different life.\u201du003c\/pu003enu003c!-- \/wp:paragraph --u003ennu003c!-- wp:quote --u003enu003cblockquote class=\"wp-block-quote\"u003eu003c!-- wp:paragraph --u003enu003cpu003e\u201cIt was a gradual thing,\u201d Fr. David said. \u201cEven when I entered the seminary, I didn\u2019t see it as \u2018I\u2019m going to be a priest.\u2019 It was more like, \u2018This is a very real possibility that the Lord is asking me to consider,\u2019 so I entered the seminary to discern.\u201du003c\/pu003enu003c!-- \/wp:paragraph --u003eu003c\/blockquoteu003enu003c!-- \/wp:quote --u003ennu003c!-- wp:paragraph --u003enu003cpu003eHis family was shocked when David finally told them. There were questions and objections \u2013 many more than when he and Brian had announced they were joining the army. Their father was especially unhappy. Even Brian, who had come to embrace his Catholic faith because of David, was caught by surprise. When David\u2019s sister asked him why he had to go to the seminary, he simply answered, \u201cThe world is a loud place, and I need to hear God tell me what he wants me to do.\u201du003c\/pu003enu003c!-- \/wp:paragraph --u003ennu003c!-- wp:paragraph --u003enu003cpu003eIn time, the Santos family came to appreciate David\u2019s decision. Brian Santos fondly recalls his brother\u2019s ordination to the diaconate in Rome, when around 20 family members came to celebrate with David, including some from Portugal. u003c\/pu003enu003c!-- \/wp:paragraph --u003ennu003c!-- wp:paragraph --u003enu003cpu003eFr. David\u2019s priesthood has proven to be a gift for his entire family. u003c\/pu003enu003c!-- \/wp:paragraph --u003ennu003c!-- wp:quote --u003enu003cblockquote class=\"wp-block-quote\"u003eu003c!-- wp:paragraph --u003enu003cpu003e\u201cIt\u2019s this beautiful movement of the Holy Spirit in our life,\u201d Brian says. \u201cIt\u2019s helped us become not only closer as a family, but I think the strengthening of our faith has also brought us together in that experience.\u201du003c\/pu003enu003c!-- \/wp:paragraph --u003eu003c\/blockquoteu003enu003c!-- \/wp:quote --u003ennu003c!-- wp:image \"id\":805987,\"sizeSlug\":\"large\",\"linkDestination\":\"none\" --u003enu003cfigure class=\"wp-block-image size-large\"u003eu003cimg src=\" alt=\"Fr. David Santos chalice\" class=\"wp-image-805987\" \/u003eu003cfigcaption class=\"wp-element-caption\"u003eu003cemu003eFr. David Santos' chalice with inscriptionu003c\/emu003eu003c\/figcaptionu003eu003c\/figureu003enu003c!-- \/wp:image --u003ennu003c!-- wp:aleteia\/heading3 \"content\":\"\u201cSoldier of Christ\u201d\" --u003enu003ch3u003e\u201cSoldier of Christ\u201du003c\/h3u003enu003c!-- \/wp:aleteia\/heading3 --u003ennu003c!-- wp:paragraph --u003enu003cpu003eAs for Fr. David, he sums up his own experience quite simply: \u201cI u003cemu003eloveu003c\/emu003e being a priest!\u201d Twelve years have passed since his ordination to the priesthood. In 2022, he was installed as the pastor of St. James the Apostle Church in Springfield, New Jersey. His new job means dealing with a myriad of maintenance, staff, and financial issues, tasks that he embraces; but his core focus remains on his priestly mission. u003c\/pu003enu003c!-- \/wp:paragraph --u003ennu003c!-- wp:quote --u003enu003cblockquote class=\"wp-block-quote\"u003eu003c!-- wp:paragraph --u003enu003cpu003e\u201cYou're meant to guide people, to direct them, to love them, to work with them, to serve them ... similar to a soldier who is serving the people back home at his deployment.\u201du003c\/pu003enu003c!-- \/wp:paragraph --u003eu003c\/blockquoteu003enu003c!-- \/wp:quote --u003ennu003c!-- wp:paragraph --u003enu003cpu003eThis was brought home to Fr. David in a dramatic way on the eve of his ordination. It is traditional for a new priest to either receive his chalice as a gift from his family or benefactors, or, as in Fr. David\u2019s case, to choose an older chalice \u2013 for instance, one of those that has been donated by a parish or retired priest. It is a mark of patrimony, according to Fr. David, a kind of handing down of the mission from one generation of priests to the next.u003c\/pu003enu003c!-- \/wp:paragraph --u003ennu003c!-- wp:paragraph --u003enu003cpu003eFr. David can vividly remember going to the seminary to choose his chalice. Four or five of them were laid out on a table. One of the chalices stuck out because it had recently been refurbished. \u201cIt was nice, shiny, beautiful,\u201d Fr. David recalls. \u201cAnd typically, what happens is that when somebody offers a priest a chalice, they inscribe on the base \u2018in memory of\u2019 or \u2018in gratitude for,\u2019 etc.\"u003c\/pu003enu003c!-- \/wp:paragraph --u003ennu003c!-- wp:paragraph --u003enu003cpu003eCurious, Fr. David turned the chalice over to read the inscription. When he looked at it, he almost dropped the chalice in shock. \u201cOn the base was written, \u2018Soldier of Christ,\u2019\u201d he recalls, still astonished all these years later by \u201chow God can work so creatively, so intimately, and so personally in our lives.\u201du003c\/pu003enu003c!-- \/wp:paragraph --u003ennu003c!-- wp:aleteia\/read-also {\"link\":\" Fr. Kapaun\\u0026#8217;s story says about Memorial Day\",\"image\":\" --u003enu003cdiv class=\"read-also\"u003eu003ca href=\" Fr. Kapaunu0026#8217;s story says about Memorial Dayu003c\/au003eu003c\/divu003enu003c!-- \/wp:aleteia\/read-also --u003ennu003c!-- wp:aleteia\/read-also \"link\":\" 9\/11 hero who became a permanent deacon (with slideshow)\",\"image\":\" --u003enu003cdiv class=\"read-also\"u003eu003ca href=\" 9\/11 hero who became a permanent deacon (with slideshow)u003c\/au003eu003c\/divu003enu003c!-- \/wp:aleteia\/read-also --u003e\",\"pages\":1,\"language\":\"en\",\"galleries\":[],\"video\":false,\"title\":\"He was a soldier in Iraq and became a \u201cSoldier of Christ\u201d\",\"subheading\":\"Fr. David Santos\u2019 journey to the priesthood led him through the war zones of Iraq. Now he serves Christ and fights for souls as a pastor in New Jersey.\",\"author\":\"John Touhey\",\"author_2\":\"\",\"authors_obj\":[\"ID\":\"754445\",\"link\":\" Touhey is the Deputy Executive Editor of Aleteia\u2019s English edition. He has worked as a writer, filmmaker, and content creator on numerous projects and platforms.\",\"twitter\":\"\",\"facebook\":\"\",\"subtitle\":\"\",\"title_guest_author\":\"\",\"thumb\":\" Touhey\",\"hreflangs\": Aleteia\",\"link\":\"\",\"caption\":\"\",\"alt\":\"Fr. David Santos\",\"link\":\"\/2024\/05\/27\/how-a-soldier-in-iraq-became-a-soldier-of-christ\/\",\"category_obj\":\"link\":\" Stories\",\"name\":\"Inspiring Stories\",\"slug\":\"inspiring-stories\",\"color\":\"rgba( 0, 31, 77, 1 )\",\"term_id\":423715389,\"category\":\"Inspiring Stories\",\"category_slug\":\"inspiring-stories\",\"category_id\":423715389,\"category_color\":\"#001F4D\",\"parent_category\":\"Inspiring Stories\",\"published\":1716782400,\"published_datalayer\":\"2024.05.27\",\"article_modified_date\":\"\",\"article_modified\":false,\"published_formatted\":\"published on 05\/27\/24\",\"tags\":\"Inspiring stories, Iraq, Priesthood, Vocation, War\",\"firsttag\":\"War\",\"tags_items\":[\"term_id\":423716889,\"name\":\"Inspiring stories\",\"link\":\" Stories\",\"settings\":\"disable_slideshow_cta\":\"\",\"template_customizations\":\"\",\"post_appearance_setting\":\"no_drop_caps\":false,\"hide_from_tops\":false,\"hide_date\":false,\"hide_post\":false,\"hide_post_in_newsletter\":false,\"ads_disabled\":false,\"inread_ads_disabled\":false,\"custom_inread_position_enabled\":false,\"custom_inread_position\":\"2\",\"test_pixel_enabled\":false,\"test_pixel_position\":\"\",\"exclude_banner_article\":false,\"div_moneytags_position\":\"\",\"hide_promotional_box\":false,\"original_article\":\"is_original\":\"1\",\"url\":\"\",\"edition\":\"en\",\"gtm\":\"page_type\":\"\",\"page_type_2\":\"\",\"category_name\":\"inspiring stories\",\"article_subcategory\":\"Inspiring Stories\",\"article_type\":\"article\",\"cd\":\"dimension1\":\"John Touhey\",\"dimension2\":\"Inspiring Stories\",\"dimension3\":\"1716782400\",\"dimension4\":\"en\",\"dimension5\":\"\",\"dimension6\":\"article\",\"dimension7\":\"2024.05.27\",\"dimension8\":\"Inspiring stories, Iraq, Priesthood, Vocation, War\",\"dimension9\":\"Fr. David Santos\u2019 journey to the priesthood led him through the war zones of Iraq. Now he serves Christ and fights for souls as a pastor in New Jersey.\",\"dimension10\":\"805762\",\"dimension11\":\"Inspiring stories\",\"dimension12\":\"web\",\"dimension13\":\"\",\"dimension17\":\"Inspiring Stories\",\"dimension14\":\"Inspiring Stories\",\"photo_of_the_day\":false,\"daily_wisdom\":false,\"word_count\":2397,\"shortcodes\":[],\"sponsoredSettings\":,\"isSponsored\":false,\"custom_skin_settings\":\"slot\":\"custom-skin\",\"library\":\"theme.Skin\",\"skin_default_article\":\"1\",\"hide_from_layout_endpoint\":\"1\",\"props\":\"id\":\"custom-skid-ad\",\"unit\":\"64500793\/EN_DESK_ARTICLE_SKIN_1x1\",\"collapse_empty_divs\":false,\"premium_ads\":false,\"bids\":\"\",\"nexxx360_id\":\"\",\"size\":[],\"adjacent_posts\":\"next_post\":\"link\":\" Article \",\"prev_post\":\"link\":\" Article \",\"close_comments\":false,\"premium_content\":\"\",\"trunked_content\":\"u003ch2 class=\"subtitle\"u003eFr. David Santos\u2019 journey to the priesthood led him through the war zones of Iraq. Now he serves Christ and fights for souls as a pastor in New Jersey.u003c\/h2u003enu003cpu003eArmy specialist David Santos was on patrol in Iraq in 2005 when a roadside bomb exploded next to his vehicle. IEDs (Improvised Explosive Devises) were a huge threat during this phase of u003ca href=\" target=\"_blank\" rel=\"noopener\" title=\"the Iraq War\"u003ethe Iraq Waru003c\/au003e, killing and wounding countless soldiers. Observing and impeding the insurgents who planted these roadside bombs was at the heart of his team\u2019s mission.u003c\/pu003ennu003cpu003eThey were members of the 173rd Long Range Surveillance Detachment, a unit with a history of gathering intelligence on opposition forces, often behind enemy lines from a distance. Tactical changes during the conflict in Iraq brought the 173rd into much closer contact with the enemy, increasing the risk. The unexpected was commonplace for the six-man team that David was assigned to. At any moment, they might come under hostile fire, find themselves ambushed \u2014 or have a roadside bomb suddenly explode next to their Humvees as they traveled down a road. u0026nbsp;u003c\/pu003en\"],\"items2\":[],\"top_articles_page\":\" 10\",\"readmorelink\":\"\/top-articles\/\",\"see_more_disabled\":false,\"most_shared_disabled\":true,\"seemore\":\"See More\"},\"type\":\"newsletter-subscription-form\",\"data\":\"title\":\"Newsletter\",\"payoff\":\"Get u003cstrongu003eAleteiau003c\/strongu003e delivered to your inbox. Subscribe here.\",\"required_field\":\"Required field\",\"placeholder\":\"Your email\",\"email_not_valid\":\"Email not valid\",\"submit\":\"Go\",\"partners\":\"Yes, I would like to receive information from Aleteia partners\",\"success\":\"Thank you! Your submission has been received!\"]},\"patronbox\":\"type\":\"patron\",\"settings\":\"enabled\":\"1\",\"title\":\"Enjoying your time on Aleteia?\",\"video\":\"\",\"text\":\"u003cpu003eu003cstrongu003eArticles like these are sponsored free for every Catholic through the support of generous readers just like you.u003c\/strongu003eu003c\/pu003enu003cpu003eHelp us continue to bring the Gospel to people everywhere through uplifting Catholic news, stories, spirituality, and more.u003c\/pu003en\",\"cta_text\":\"Donate now!\",\"note_cta_text\":\"\",\"cta_link\":\"https:\/\/aleteia.org\/support-aleteia\/\",\"geolinks\":[],\"show_cta_on_play\":false,\"show_subtitles\":false,\"background_bg_color\":\"#f2eae1\",\"text_bg_color\":\"#5b0000\",\"cta_bg_color\":\"\",\"cta_txt_color\":\"\",\"cta_img\":\"https:\/\/wp.en.aleteia.org\/wp-content\/themes\/aleteia-2017\/assets\/images\/page-patron\/credit-card-2.png\",\"ap_item_name\":\"donation\",\"ap_promotion_name\":\"support_aleteia_patron\",\"cd_query_string\":\"cd1=Cecilia%20Piggu0026cd14=Lifestyle\",\"hasRightColumn\":true,\"hasGallery\":false,\"hasSlideshow\":false,\"hasVideo\":false,\"postPage\":1}},\"category\":,\"tag\":,\"post\":{\"806426\":{\"id\":806426,\"type\":\"post\",\"link\":\"\/2024\/05\/29\/prayer-journaling-as-a-way-to-help-you-find-god\/\",\"yoast_head\":\"tu003clink rel=\"apple-touch-icon\" sizes=\"57x57\" href=\" rel=\"apple-touch-icon\" sizes=\"60x60\" href=\" rel=\"apple-touch-icon\" sizes=\"72x72\" href=\" rel=\"apple-touch-icon\" sizes=\"76x76\" href=\" rel=\"apple-touch-icon\" sizes=\"114x114\" href=\" rel=\"apple-touch-icon\" sizes=\"120x120\" href=\" rel=\"apple-touch-icon\" sizes=\"144x144\" href=\" rel=\"apple-touch-icon\" sizes=\"152x152\" href=\" rel=\"apple-touch-icon\" sizes=\"180x180\" href=\" rel=\"icon\" type=\"image\/png\" href=\" sizes=\"32x32\"u003entu003clink rel=\"icon\" type=\"image\/png\" href=\" sizes=\"192x192\"u003entu003clink rel=\"icon\" type=\"image\/png\" href=\" sizes=\"16x16\"u003entu003clink rel=\"mask-icon\" href=\" color=\"#5bbad5\"u003entu003cmeta name=\"msapplication-TileColor\" content=\"#da532c\"u003entu003cmeta name=\"msapplication-TileImage\" content=\" name=\"theme-color\" content=\"#ffffff\"u003e';ntttu003c!-- Facebook Pixel Code --u003enttu003cscriptu003en            window.addEventListener('load', function () n                !function (f, b, e, v, n, t, s) n                    if (f.fbq) return;n                    n = f.fbq = function () n                        n.callMethod ?n                            n.callMethod.apply(n, arguments) : n.queue.push(arguments)n                    ;n                    if (!f._fbq) f._fbq = n;n                    n.push = n;n                    n.loaded = !0;n                    n.version = '2.0';n                    n.queue = [];n                    t = b.createElement(e);n                    t.defer = true;n                    t.src = v;n                    s = b.getElementsByTagName(e)[0];n                    s.parentNode.insertBefore(t, s)n                (window, document, 'script',n                    'n                fbq('init', '1064056854112873');n                fbq('track', 'PageView');n            );nttu003c\/scriptu003enttu003c!-- End Facebook Pixel Code --u003enttu003cscript src=\" All in One SEO Pro 4.4.1 - aioseo.com --u003enttu003cmeta name=\"description\" content=\"Finding it hard to perceive the Lord in your daily life? A prayer journal is an excellent way to help you open your heart to God and begin a dialog with Him.\" \/u003enttu003cmeta name=\"robots\" content=\"max-image-preview:large\" \/u003enttu003clink rel=\"canonical\" href=\" \/u003enttu003cmeta name=\"generator\" content=\"All in One SEO Pro (AIOSEO) 4.4.1\" \/u003enttu003cmeta property=\"og:locale\" content=\"en_US\" \/u003enttu003cmeta property=\"og:site_name\" content=\"Aleteia \u2014 Catholic Spirituality, Lifestyle, World News, and Culture\" \/u003enttu003cmeta property=\"og:type\" content=\"article\" \/u003enttu003cmeta property=\"og:title\" content=\"Prayer journaling as a way to help you find God\" \/u003enttu003cmeta property=\"og:description\" content=\"Finding it hard to perceive the Lord in your daily life? A prayer journal is an excellent way to help you open your heart to God and begin a dialog with Him.\" \/u003enttu003cmeta property=\"og:url\" content=\" \/u003enttu003cmeta property=\"og:image\" content=\" \/u003enttu003cmeta property=\"og:image:secure_url\" content=\" \/u003enttu003cmeta property=\"og:image:width\" content=\"620\" \/u003enttu003cmeta property=\"og:image:height\" content=\"310\" \/u003enttu003cmeta property=\"article:tag\" content=\"catholic lifestyle\" \/u003enttu003cmeta property=\"article:tag\" content=\"prayer\" \/u003enttu003cmeta property=\"article:tag\" content=\"spiritual life\" \/u003enttu003cmeta property=\"article:published_time\" content=\"2024-05-29T19:56:58+00:00\" \/u003enttu003cmeta property=\"article:modified_time\" content=\"2024-05-29T19:56:59+00:00\" \/u003enttu003cmeta property=\"article:publisher\" content=\" \/u003enttu003cmeta name=\"twitter:card\" content=\"summary_large_image\" \/u003enttu003cmeta name=\"twitter:site\" content=\"@AleteiaEN\" \/u003enttu003cmeta name=\"twitter:title\" content=\"Prayer journaling as a way to help you find God\" \/u003enttu003cmeta name=\"twitter:description\" content=\"Finding it hard to perceive the Lord in your daily life? A prayer journal is an excellent way to help you open your heart to God and begin a dialog with Him.\" \/u003enttu003cmeta name=\"twitter:creator\" content=\"@AleteiaEN\" \/u003enttu003cmeta name=\"twitter:image\" content=\" \/u003enttu003cmeta name=\"twitter:label1\" content=\"Written by\" \/u003enttu003cmeta name=\"twitter:data1\" content=\"jtouhey\" \/u003enttu003cmeta name=\"twitter:label2\" content=\"Est. reading time\" \/u003enttu003cmeta name=\"twitter:data2\" content=\"5 minutes\" \/u003enttu003cscript type=\"application\/ld+json\" class=\"aioseo-schema\"u003enttt\"@context\":\"https:\\\/\\\/schema.org\",\"@graph\":[\"@type\":\"BreadcrumbList\",\"@id\":\"https:\\\/\\\/aleteia.org\\\/2024\\\/05\\\/29\\\/prayer-journaling-as-a-way-to-help-you-find-god\\\/#breadcrumblist\",\"itemListElement\":[\"@type\":\"ListItem\",\"@id\":\"https:\\\/\\\/aleteia.org\\\/#listItem\",\"position\":1,\"item\":\"@type\":\"WebPage\",\"@id\":\"https:\\\/\\\/aleteia.org\\\/\",\"name\":\"Home\",\"description\":\"Aleteia is a worldwide network providing daily content designed to inspire readers in their daily life.\",\"url\":\"https:\\\/\\\/aleteia.org\\\/\",\"nextItem\":\"https:\\\/\\\/aleteia.org\\\/2024\\\/#listItem\",\"@type\":\"ListItem\",\"@id\":\"https:\\\/\\\/aleteia.org\\\/2024\\\/#listItem\",\"position\":2,\"item\":\"@type\":\"WebPage\",\"@id\":\"https:\\\/\\\/aleteia.org\\\/2024\\\/\",\"name\":\"2024\",\"url\":\"https:\\\/\\\/aleteia.org\\\/2024\\\/\",\"nextItem\":\"https:\\\/\\\/aleteia.org\\\/2024\\\/05\\\/#listItem\",\"previousItem\":\"https:\\\/\\\/aleteia.org\\\/#listItem\",\"@type\":\"ListItem\",\"@id\":\"https:\\\/\\\/aleteia.org\\\/2024\\\/05\\\/#listItem\",\"position\":3,\"item\":\"@type\":\"WebPage\",\"@id\":\"https:\\\/\\\/aleteia.org\\\/2024\\\/05\\\/\",\"name\":\"May\",\"url\":\"https:\\\/\\\/aleteia.org\\\/2024\\\/05\\\/\",\"nextItem\":\"https:\\\/\\\/aleteia.org\\\/2024\\\/05\\\/29\\\/#listItem\",\"previousItem\":\"https:\\\/\\\/aleteia.org\\\/2024\\\/#listItem\",\"@type\":\"ListItem\",\"@id\":\"https:\\\/\\\/aleteia.org\\\/2024\\\/05\\\/29\\\/#listItem\",\"position\":4,\"item\":\"@type\":\"WebPage\",\"@id\":\"https:\\\/\\\/aleteia.org\\\/2024\\\/05\\\/29\\\/\",\"name\":\"29\",\"url\":\"https:\\\/\\\/aleteia.org\\\/2024\\\/05\\\/29\\\/\",\"nextItem\":\"https:\\\/\\\/aleteia.org\\\/2024\\\/05\\\/29\\\/prayer-journaling-as-a-way-to-help-you-find-god\\\/#listItem\",\"previousItem\":\"https:\\\/\\\/aleteia.org\\\/2024\\\/05\\\/#listItem\",\"@type\":\"ListItem\",\"@id\":\"https:\\\/\\\/aleteia.org\\\/2024\\\/05\\\/29\\\/prayer-journaling-as-a-way-to-help-you-find-god\\\/#listItem\",\"position\":5,\"item\":\"@type\":\"WebPage\",\"@id\":\"https:\\\/\\\/aleteia.org\\\/2024\\\/05\\\/29\\\/prayer-journaling-as-a-way-to-help-you-find-god\\\/\",\"name\":\"Prayer journaling as a way to help you find God\",\"description\":\"Finding it hard to perceive the Lord in your daily life? A prayer journal is an excellent way to help you open your heart to God and begin a dialog with Him.\",\"url\":\"https:\\\/\\\/aleteia.org\\\/2024\\\/05\\\/29\\\/prayer-journaling-as-a-way-to-help-you-find-god\\\/\",\"previousItem\":\"https:\\\/\\\/aleteia.org\\\/2024\\\/05\\\/29\\\/#listItem\"],\"@type\":\"NewsArticle\",\"@id\":\"https:\\\/\\\/aleteia.org\\\/2024\\\/05\\\/29\\\/prayer-journaling-as-a-way-to-help-you-find-god\\\/#newsarticle\",\"name\":\"Prayer journaling as a way to help you find God\",\"headline\":\"Prayer journaling as a way to help you find God\",\"author\":\"@id\":\"https:\\\/\\\/aleteia.org\\\/author\\\/jtouhey\\\/#author\",\"publisher\":\"@id\":\"https:\\\/\\\/aleteia.org\\\/#organization\",\"image\":\"@type\":\"ImageObject\",\"url\":\"https:\\\/\\\/wp.en.aleteia.org\\\/wp-content\\\/uploads\\\/sites\\\/2\\\/2024\\\/05\\\/HOMEMADE-PRAYER-JOURNAL.jpg\",\"width\":1200,\"height\":900,\"caption\":\"Homemade prayer journal\",\"datePublished\":\"2024-05-29T19:56:58-04:00\",\"dateModified\":\"2024-05-29T19:56:59-04:00\",\"inLanguage\":\"en-US\",\"mainEntityOfPage\":\"@id\":\"https:\\\/\\\/aleteia.org\\\/2024\\\/05\\\/29\\\/prayer-journaling-as-a-way-to-help-you-find-god\\\/#webpage\",\"isPartOf\":\"@id\":\"https:\\\/\\\/aleteia.org\\\/2024\\\/05\\\/29\\\/prayer-journaling-as-a-way-to-help-you-find-god\\\/#webpage\",\"articleSection\":\"For Her u0026amp; For Him, Lifestyle, Spiritual Life, Catholic Lifestyle, Prayer, Spiritual Life, Evergreen, Life, Catholic prayers (Spirituality\\\/Prayer), +, cecilia-pigg\",\"dateline\":\"Published on May 29, 2024.\",\"@type\":\"Organization\",\"@id\":\"https:\\\/\\\/aleteia.org\\\/#organization\",\"name\":\"Aleteia\",\"url\":\"https:\\\/\\\/aleteia.org\\\/\",\"logo\":\"@type\":\"ImageObject\",\"url\":\"https:\\\/\\\/aleteia.org\\\/wp-content\\\/uploads\\\/sites\\\/2\\\/2020\\\/09\\\/a-logo-webnotications-1.png\",\"@id\":\"https:\\\/\\\/aleteia.org\\\/#organizationLogo\",\"image\":\"@id\":\"https:\\\/\\\/aleteia.org\\\/#organizationLogo\",\"sameAs\":[\"https:\\\/\\\/www.facebook.com\\\/AleteiaEn\\\/\",\"https:\\\/\\\/twitter.com\\\/AleteiaEN\",\"https:\\\/\\\/www.instagram.com\\\/aleteia_en\",\"https:\\\/\\\/www.youtube.com\\\/aleteiaen\"],\"@type\":\"Person\",\"@id\":\"https:\\\/\\\/aleteia.org\\\/author\\\/jtouhey\\\/#author\",\"url\":\"https:\\\/\\\/aleteia.org\\\/author\\\/jtouhey\\\/\",\"name\":\"jtouhey\",\"image\":\"@type\":\"ImageObject\",\"@id\":\"https:\\\/\\\/aleteia.org\\\/2024\\\/05\\\/29\\\/prayer-journaling-as-a-way-to-help-you-find-god\\\/#authorImage\",\"url\":\"https:\\\/\\\/secure.gravatar.com\\\/avatar\\\/ce3855a8fde59be21427028f10a470b9?s=96u0026r=g\",\"width\":96,\"height\":96,\"caption\":\"jtouhey\",\"@type\":\"WebPage\",\"@id\":\"https:\\\/\\\/aleteia.org\\\/2024\\\/05\\\/29\\\/prayer-journaling-as-a-way-to-help-you-find-god\\\/#webpage\",\"url\":\"https:\\\/\\\/aleteia.org\\\/2024\\\/05\\\/29\\\/prayer-journaling-as-a-way-to-help-you-find-god\\\/\",\"name\":\"Prayer journaling as a way to help you find God\",\"description\":\"Finding it hard to perceive the Lord in your daily life? A prayer journal is an excellent way to help you open your heart to God and begin a dialog with Him.\",\"inLanguage\":\"en-US\",\"isPartOf\":\"@id\":\"https:\\\/\\\/aleteia.org\\\/#website\",\"breadcrumb\":\"@id\":\"https:\\\/\\\/aleteia.org\\\/2024\\\/05\\\/29\\\/prayer-journaling-as-a-way-to-help-you-find-god\\\/#breadcrumblist\",\"author\":\"@id\":\"https:\\\/\\\/aleteia.org\\\/author\\\/jtouhey\\\/#author\",\"creator\":\"@id\":\"https:\\\/\\\/aleteia.org\\\/author\\\/jtouhey\\\/#author\",\"image\":\"@type\":\"ImageObject\",\"url\":\"https:\\\/\\\/wp.en.aleteia.org\\\/wp-content\\\/uploads\\\/sites\\\/2\\\/2024\\\/05\\\/HOMEMADE-PRAYER-JOURNAL.jpg\",\"@id\":\"https:\\\/\\\/aleteia.org\\\/#mainImage\",\"width\":1200,\"height\":900,\"caption\":\"Homemade prayer journal\",\"primaryImageOfPage\":\"@id\":\"https:\\\/\\\/aleteia.org\\\/2024\\\/05\\\/29\\\/prayer-journaling-as-a-way-to-help-you-find-god\\\/#mainImage\",\"datePublished\":\"2024-05-29T19:56:58-04:00\",\"dateModified\":\"2024-05-29T19:56:59-04:00\",\"@type\":\"WebSite\",\"@id\":\"https:\\\/\\\/aleteia.org\\\/#website\",\"url\":\"https:\\\/\\\/aleteia.org\\\/\",\"name\":\"Aleteia \\u2014 Catholic Spirituality, Lifestyle, World News, and Culture\",\"description\":\"Aleteia is a worldwide network providing daily content designed to inspire readers in their daily life.\",\"inLanguage\":\"en-US\",\"publisher\":\"@id\":\"https:\\\/\\\/aleteia.org\\\/#organization\"]nttu003c\/scriptu003enttu003c!-- All in One SEO Pro --u003ernttu003ctitleu003ePrayer journaling as a way to help you find Godu003c\/titleu003enn\"}},\"page\":,\"author\":,\"attachment\":,\"type\":,\"taxonomy\":,\"subdirectory\":\"\",\"homepage\":\"\",\"postsPage\":\"\",\"categoryBase\":\"\",\"tagBase\":\"\",\"authorBase\":\"\",\"postEndpoint\":\"posts\",\"params\":,\"postTypes\":[],\"taxonomies\":[],\"redirections\":\"404\",\"api\":\"https:\/\/wp.en.aleteia.org\/wp-json\/\",\"top_ribbon_height\":0,\"header\":\"menu\":[\"type\":\"category\",\"title\":\"News\",\"id\":423715164,\"link\":\"https:\/\/aleteia.org\/category\/news\/\",\",\"socials\":\"fb_link\":\"https:\/\/www.facebook.com\/AleteiaEn\/\",\"tw_link\":\"https:\/\/twitter.com\/aleteiaen\",\"ig_link\":\"https:\/\/www.instagram.com\/aleteia_en\/\",\"saint_enabled\":true,\"prayer\":\"post_id\":803940,\"contents\":[\"title\":\"Prayer for this morning\",\"raw_id\":2024117,\"is_morning_prayer\":\"1\",\"title\":\"Daily meditation\",\"raw_id\":2024119,\"is_daily_meditation\":\"1\",\"title\":\"Prayer for this evening\",\"raw_id\":2024120,\"is_evening_prayer\":\"1\"],\"saint\":\"Saint of the Day: Pope St. Paul VI\",\"saint_info\":\"\u201cUnited in love among ourselves\u201d\",\"saint_bio\":\"u003cpu003eu0026nbsp;u003c\/pu003enu003cpu003e(1897-1978)u003c\/pu003enu003cpu003eu003cstrongu003eHis lifeu003c\/strongu003eu003c\/pu003enu003cpu003e+ Giovanni Battista Montini was born in Concesio, Lombardy, Italy.u003c\/pu003enu003cpu003e+ Following his ordination to the priesthood in 1920, he served as member of the Vatican\u2019s Office of Secretary of State, before being named a protosecretary of Pope Pius XII.u003c\/pu003enu003cpu003e+ Appointed archbishop of Milan in 1954, he was named a cardinal four years later.u003c\/pu003enu003cpu003e+ Elected pope on June 21, 1963, he took the name Paul VI.u003c\/pu003enu003cpu003e+ Pope Paul VI is remembered for his commitment to continuing the work begun by Pope St. John XXIII and the Second Vatican Council, as well as for his commitment to implementing the council\u2019s reforms.u003c\/pu003enu003cpu003e+ He is especially remembered for his encyclical u003cemu003eHumanae Vitaeu003c\/emu003e and for his commitment to peace and justice.u003c\/pu003enu003cpu003e+ Pope Paul VI died on August 6, 1978, and was canonized in 2018 and his commemoration was inserted into the Universal Calendar of the Church by Pope Francis in 2019.u003c\/pu003enu003cpu003eu003cstrongu003eFor prayer and reflectionu003c\/strongu003eu003c\/pu003enu003cpu003e\u201cThe progressive development of peoples is an object of deep interest and concern to the Church. This is particularly true in the case of those peoples who are trying to escape the ravages of hunger, poverty, endemic disease and ignorance; of those who are seeking a larger share in the benefits of civilization and a more active improvement of their human qualities; of those who are consciously striving for fuller growth.\u201d\u2014Pope Saint Paul VI in u003cemu003ePopulorum Progressiou003c\/emu003eu003c\/pu003enu003cpu003eu003cstrongu003ePrayeru003c\/strongu003eu003c\/pu003enu003cpu003eO God, who made blessed Paul the Vicar of Peter and committed to him the care of the universal Church, by his intercession keep your beloved flock ever safe, so that with integrity of faith and perfect charity your Church may journey to her heavenly homeland. Through our Lord Jesus Christ, your Son, who lives and reigns with you in the unity of the Holy Spirit, one God, for ever and ever. Amen.u003c\/pu003enu003cpu003e(from u003cemu003eThe Roman Missalu003c\/emu003e: Common of Pastors\u2014For a Pope)u003cbr \/u003enu003cemu003eSaint profiles prepared by Brother Silas Henderson, S.D.S.u003c\/emu003eu003c\/pu003en\",\"saint_url\":\"\",\"saint_post\":\"\",\"prayer_link\":\"https:\/\/aleteia.org\/daily-prayer\/wednesday-may-29-2\/\",\"icons\":\"pray\":\"https:\/\/wp.en.aleteia.org\/wp-content\/themes\/aleteia-2017\/assets\/images\/icons\/iconprier.svg\",\"newsletter\":\"https:\/\/wp.en.aleteia.org\/wp-content\/themes\/aleteia-2017\/assets\/images\/icons\/iconnewsletter.svg\",\"search\":\"https:\/\/wp.en.aleteia.org\/wp-content\/themes\/aleteia-2017\/assets\/images\/icons\/iconsearch.svg\",\"editorschoice\":\"https:\/\/wp.en.aleteia.org\/wp-content\/themes\/aleteia-2017\/assets\/images\/icons\/iconpresse.svg\",\"logo\":\"https:\/\/wp.en.aleteia.org\/wp-content\/themes\/aleteia-2017\/assets\/images\/logo.svg\",\"logo_white\":\"https:\/\/wp.en.aleteia.org\/wp-content\/themes\/aleteia-2017\/assets\/images\/logo-white.svg\",\"donate_link\":\"https:\/\/aleteia.org\/support-aleteia\/?utm_source=aleteia-ENu0026utm_campaign=easter_donation_2020u0026utm_medium=top_menu\",\"donate_settings\":\"enabled\":\"1\",\"text\":\"Donate\",\"cta_link\":\"https:\/\/aleteia.org\/support-aleteia\/\",\"geolinks\":[],\"ap_item_name\":\"\",\"ap_promotion_name\":\"\",\"editorschoice_link\":\"\/collection\/editors-choice\/\",\"newsletter_link\":\"https:\/\/aleteia.org\/newsletter\/\",\"pray_link\":\"https:\/\/aleteia.org\/tag\/prayers-for-a-particular-need\/\",\"search_link\":\"https:\/\/aleteia.org\/search\",\"pray\":\"Pray\",\"editorschoice\":\"Editoru0026#039;s choice\",\"newsletter\":\"Newsletter\",\"launch_slideshow\":\"Launch the slideshow \",\"login\":\"Login\",\"logout\":\"Logout\",\"search\":\"Search\",\"refinements_categories\":\"Categories\",\"refinements_authors\":\"Authors\",\"refinements_tags\":\"Tags\",\"refinements_reset\":\"Reset\",\"donate\":\"Donate\",\"edition\":\"Edition\",\"followus\":\"Follow us\",\"error404\":\"This page needs to be refreshed. u003cbr\/u003eClick below to reload the content.\",\"reload_btn\":\"Click here\",\"dateline\":\"\",\"app_cta_link\":\" App\",\"app_cta_image\":\"full\":\"https:\/\/wp.en.aleteia.org\/wp-content\/uploads\/sites\/2\/2020\/12\/Mobile_app_icon_white-1-copia-1.png\",\"url\":\"https:\/\/wp.en.aleteia.org\/wp-content\/uploads\/sites\/2\/2020\/12\/Mobile_app_icon_white-1-copia-1.png?w=33u0026h=50u0026crop=1\",\"thumb\":\"https:\/\/wp.en.aleteia.org\/wp-content\/uploads\/sites\/2\/2020\/12\/Mobile_app_icon_white-1-copia-1.png?w=33u0026h=50u0026crop=1\",\"thumb_big\":\"https:\/\/wp.en.aleteia.org\/wp-content\/uploads\/sites\/2\/2020\/12\/Mobile_app_icon_white-1-copia-1.png?w=33u0026h=50u0026crop=1\",\"uncropped\":\"https:\/\/wp.en.aleteia.org\/wp-content\/uploads\/sites\/2\/2020\/12\/Mobile_app_icon_white-1-copia-1.png?w=33\",\"medium\":\"https:\/\/wp.en.aleteia.org\/wp-content\/uploads\/sites\/2\/2020\/12\/Mobile_app_icon_white-1-copia-1.png?w=33u0026h=50u0026crop=1\",\"small\":\"https:\/\/wp.en.aleteia.org\/wp-content\/uploads\/sites\/2\/2020\/12\/Mobile_app_icon_white-1-copia-1.png?w=33u0026h=50u0026crop=1\",\"credits\":\"title\":\"Mobile_app_icon_white-1-copia-1.png\",\"copyright\":\"\",\"link\":\"\",\"caption\":\"\",\"alt\":\"Mobile_app_icon_white-1-copia-1.png\",\"language_switcher\":[\"code\":\"en\",\"label\":\"English\",\"link\":\"https:\/\/aleteia.org\/\",\"code\":\"it\",\"label\":\"Italiano\",\"link\":\"https:\/\/it.aleteia.org\/\",\"code\":\"fr\",\"label\":\"Fran\u00e7aise\",\"link\":\"https:\/\/fr.aleteia.org\/\",\"code\":\"es\",\"label\":\"Espa\u00f1ol\",\"link\":\"https:\/\/es.aleteia.org\/\",\"code\":\"pt\",\"label\":\"Portuguese\",\"link\":\"https:\/\/pt.aleteia.org\/\",\"code\":\"pl\",\"label\":\"Polska\",\"link\":\"https:\/\/pl.aleteia.org\/\",\"code\":\"si\",\"label\":\"Sloven\u0161\u010dina\",\"link\":\"https:\/\/si.aleteia.org\/\"],\"footer\":\"menu\":[\"type\":\"category\",\"title\":\"News\",\"id\":423715164,\"link\":\"https:\/\/aleteia.org\/category\/news\/\",\"type\":\"category\",\"title\":\"Travel\",\"id\":423715168,\"link\":\"https:\/\/aleteia.org\/category\/travel\/\",\"type\":\"category\",\"title\":\"Art u0026amp; Culture\",\"id\":423715388,\"link\":\" Stories\",\"id\":423715389,\"link\":\" u0026amp; Implications\",\"id\":423714966,\"link\":\"https:\/\/aleteia.org\/category\/issues-and-implications\/\"],\"menu_legal_footer\":[\"type\":\"custom\",\"title\":\"Contribute\",\"id\":273706,\"link\":\"https:\/\/aleteia.org\/support-aleteia\/\",\"type\":\"page\",\"title\":\"LEGAL INFORMATION\",\"id\":61701,\"link\":\" us\",\"id\":95997,\"link\":\"https:\/\/aleteia.org\/about-us\/\",\"type\":\"custom\",\"title\":\"RSS\",\"id\":67433,\"link\":\"http:\/\/aleteia.org\/feed\/\"],\"menu_partner_footer\":[],\"menu_custom_footer\":[\"type\":\"custom\",\"title\":\"Charter for personal data protection\",\"url\":\"https:\/\/aleteia.org\/charter-for-personal-data-protection\/\",\"id\":\"632651\"],\"menu_special_page\":[],\"copyright\":\"u0026copy; Copyright Aleteia SAS all rights reserved.\",\"socials\":\"fb_link\":\" Aleteia delivered to your inbox. Subscribe here\",\"newsletter_right_popup_text_size\":\"25\",\"newsletter_right_popup_padding_top\":\"40\",\"newsletter_right_popup_padding_bottom\":\"40\",\"newsletter_popups_texts_list\":[\"enabled\":\"1\",\"text\":\"Start your mornings with the good, the beautiful, the true... Subscribe to Aleteia's free newsletter!\",\"text_font_size\":\"20\",\"text_line_spacing\":\"20\",\"text_x\":\"5\",\"text_y\":\"60\",\"text_2\":\"Sign me up!\",\"text_2_font_size\":\"25\",\"enabled\":\"1\",\"text\":\"The world and your Catholic life, all in one place.\",\"text_font_size\":\"23\",\"text_line_spacing\":\"23\",\"text_x\":\"10\",\"text_y\":\"65\",\"text_2\":\"Subscribe to Aleteia's free newsletter!\",\"text_2_font_size\":\"13\",\"enabled\":\"1\",\"text\":\"Start your day in a beautiful way: Subscribe to Aleteia's daily newsletter here.\",\"text_font_size\":\"20\",\"text_line_spacing\":\"20\",\"text_x\":\"5\",\"text_y\":\"65\",\"text_2\":\"Sign me up!\",\"text_2_font_size\":\"25\",\"enabled\":\"1\",\"text\":\"Subscribe to Aleteia's free newsletter: Goodness. Beauty. Truth. No yelling.\",\"text_font_size\":\"20\",\"text_line_spacing\":\"20\",\"text_x\":\"5\",\"text_y\":\"55\",\"text_2\":\"Sign me up!\",\"text_2_font_size\":\"25\"],\"v2_subscribe_bkg\":null,\"v2_subscribe_title\":\"Newsletter\",\"v2_subscribe_descr\":\"Get Aleteia delivered to your inbox.\",\"v2_subscribe_btn\":\"Sign me up\",\"v2_subscribe_no_thanks\":\"No thanks, I'll register later.\",\"v2_registration_bkg\":null,\"v2_registration_title\":\"Get exclusive access to our site!\",\"v2_registration_descr\":\"Now that you're signed up you can become a registered user.\",\"v2_registration_btn\":\"Sign me up\",\"v2_registration_no_thanks\":\"No thanks, I'll register later.\",\"v2_donate_bkg\":null,\"v2_donate_title\":\"Become an Aleteia Patron Today\",\"v2_donate_descr\":\"We want Aleteia to be freely available to everyone. We don\u2019t require a subscription.\",\"v2_donate_btn\":\"Donate Now\",\"v2_donate_no_thanks\":\"No thanks, I'll donate later.\",\"v2_retargeting_title\":\"Let's stay connected! Subscribe to Aleteia's free newsletter\",\"v2_retargeting_btn\":\"Subscribe\",\"v2_retargeting_fb_btn\":\"Like us on Facebook\",\"v2_retargeting_tw_btn\":\"Follow us on Twitter\",\"v2_retargeting_chrome_btn\":\"Subscribe to Web Notifications\",\"v2_retargeting_mg_btn\":\"Subscribe to our Facebook Messenger\",\"v2_retargeting_fb_link\":\" up for Aleteiau0026#039;s newsletter\",\"image\":\" you! Your submission has been received!\",\"youremail\":\"Your email\",\"required\":\"Required field\",\"firstname\":\"Your first name\",\"lastname\":\"Your last name\",\"bysignin\":\"By signing, I acknowledge and agree to the\",\"legal\":\"\/legal-information\",\"tc\":\"Terms and Conditions\",\"partners\":\"Yes, I would like to receive information from Aleteia partners\",\"submit\":\"Subscribe\",\"custom_popup\":[],\"top_ribbon\":[],\"ads_settings\":[\"slot\":\"hp-desk-after-header\",\"library\":\"googleAdManager.GooglePublisherTag\",\"props\":\"id\":\"hp-desk-after-header-ad\",\"unit\":\"64500793\/EN_DESK_HP_HEADER_MULTIxMULTI_1\",\"collapse_empty_divs\":false,\"premium_ads\":false,\"bids\":\"\",\"nexxx360_id\":\"\",\"size\":[[728,90],[970,90]],\"slot\":\"hp-desk-right-column-after-prayers\",\"library\":\"googleAdManager.GooglePublisherTag\",\"props\":\"id\":\"hp-desk-right-column-after-prayers-ad\",\"unit\":\"64500793\/EN_DESK_HP_TOWER_300xMULTI_1\",\"collapse_empty_divs\":false,\"premium_ads\":false,\"bids\":\"\",\"nexxx360_id\":\"\",\"size\":[[300,600]],\"slot\":\"hp-desk-right-column-section\",\"library\":\"googleAdManager.GooglePublisherTag\",\"props\":\"id\":\"hp-desk-right-column-section-ad\",\"unit\":\"64500793\/EN_DESK_HP_TOWER_300xMULTI_2\",\"collapse_empty_divs\":false,\"premium_ads\":false,\"bids\":\"\",\"nexxx360_id\":\"\",\"size\":[[300,600]],\"slot\":\"hp-mob-after-hero\",\"library\":\"googleAdManager.GooglePublisherTag\",\"props\":\"id\":\"hp-mob-after-hero-ad\",\"unit\":\"64500793\/EN_MOB_HP_HEADER_320xMULTI\",\"collapse_empty_divs\":false,\"premium_ads\":false,\"bids\":\"\",\"nexxx360_id\":\"\",\"size\":[[320,100]],\"slot\":\"hp-mob-right-column-after-prayers\",\"library\":\"googleAdManager.GooglePublisherTag\",\"props\":\"id\":\"hp-mob-right-column-after-prayers-ad\",\"unit\":\"64500793\/EN_MOB_HP_BODY_MULTIxMULTI_2\",\"collapse_empty_divs\":false,\"premium_ads\":false,\"bids\":\"\",\"nexxx360_id\":\"\",\"size\":[[300,250]],\"slot\":\"category-desk-after-header\",\"library\":\"googleAdManager.GooglePublisherTag\",\"props\":\"id\":\"category-desk-after-header-ad\",\"unit\":\"64500793\/EN_DESK_ARTICLE_HEADER_MULTIxMULTI_1\",\"collapse_empty_divs\":false,\"premium_ads\":false,\"bids\":\"\",\"nexxx360_id\":\"\",\"size\":[[728,90],[970,90]],\"slot\":\"category-desk-right-column-after-prayers\",\"library\":\"googleAdManager.GooglePublisherTag\",\"props\":\"id\":\"category-desk-right-column-after-prayers-ad\",\"unit\":\"64500793\/EN_DESK_ARTICLE_TOWER_300xMULTI_2\",\"collapse_empty_divs\":false,\"premium_ads\":false,\"bids\":\"\",\"nexxx360_id\":\"\",\"size\":[[300,250]],\"slot\":\"category-mob-after-first-row\",\"library\":\"googleAdManager.GooglePublisherTag\",\"props\":\"id\":\"category-mob-after-first-row-ad\",\"unit\":\"64500793\/EN_MOB_ARTICLE_HEADER_320xMULTI\",\"collapse_empty_divs\":false,\"premium_ads\":false,\"bids\":\"\",\"nexxx360_id\":\"\",\"size\":[[320,100]],\"slot\":\"article-desk-after-header\",\"library\":\"googleAdManager.GooglePublisherTag\",\"props\":\"id\":\"article-desk-after-header-ad\",\"unit\":\"64500793\/EN_DESK_ARTICLE_HEADER_MULTIxMULTI_1\",\"collapse_empty_divs\":false,\"premium_ads\":false,\"bids\":\"\",\"nexxx360_id\":\"\",\"size\":[[728,90],[970,90]],\"slot\":\"article-desk-right-column-after-prayers\",\"library\":\"googleAdManager.GooglePublisherTag\",\"props\":\"id\":\"article-desk-right-column-after-prayers-ad\",\"unit\":\"64500793\/EN_DESK_ARTICLE_TOWER_300xMULTI_1\",\"collapse_empty_divs\":false,\"premium_ads\":false,\"bids\":\"\",\"nexxx360_id\":\"\",\"size\":[[300,250],[300,600]],\"slot\":\"article-desk-right-column-sticky\",\"library\":\"googleAdManager.GooglePublisherTag\",\"props\":\"id\":\"article-desk-right-column-sticky2-ad\",\"unit\":\"64500793\/EN_DESK_ARTICLE_SIDEBAR_300xMULTI\",\"collapse_empty_divs\":false,\"premium_ads\":false,\"bids\":\"\",\"nexxx360_id\":\"\",\"size\":[[300,250],[300,600]],\"slot\":\"article-desk-before-footer\",\"library\":\"googleAdManager.GooglePublisherTag\",\"props\":\"id\":\"article-desk-before-footer-ad\",\"unit\":\"64500793\/EN_DESK_ARTICLE_FOOTER_MULTIx90\",\"collapse_empty_divs\":false,\"premium_ads\":false,\"bids\":\"\",\"nexxx360_id\":\"\",\"size\":[[728,90],[970,90]],\"slot\":\"article-mob-after-featured\",\"library\":\"googleAdManager.GooglePublisherTag\",\"props\":\"id\":\"article-mob-after-featured-ad\",\"unit\":\"64500793\/EN_MOB_ARTICLE_HEADER_320xMULTI\",\"collapse_empty_divs\":false,\"premium_ads\":false,\"bids\":\"\",\"nexxx360_id\":\"\",\"size\":[[320,100],[300,100]],\"slot\":\"article-mob-right-column-after-prayers\",\"library\":\"googleAdManager.GooglePublisherTag\",\"props\":\"id\":\"article-mob-right-column-after-prayers-ad\",\"unit\":\"64500793\/EN_MOB_ARTICLE_BODY_MULTIxMULTI_2\",\"collapse_empty_divs\":false,\"premium_ads\":false,\"bids\":\"\",\"nexxx360_id\":\"\",\"size\":[[300,600]],\"slot\":\"article-mob-content-p1\",\"library\":\"googleAdManager.GooglePublisherTag\",\"props\":\"id\":\"article-mob-content-p1-ad\",\"unit\":\"64500793\/EN_MOB_ARTICLE_BODY_MULTIxMULTI_1\",\"collapse_empty_divs\":false,\"premium_ads\":false,\"bids\":\"\",\"nexxx360_id\":\"\",\"size\":[[300,250]],\"slot\":\"article-mob-content-p3\",\"library\":\"googleAdManager.GooglePublisherTag\",\"props\":\"id\":\"article-mob-content-p3-ad\",\"unit\":\"64500793\/EN_MOB_ARTICLE_BODY_MULTIxMULTI_2\",\"collapse_empty_divs\":false,\"premium_ads\":false,\"bids\":\"\",\"nexxx360_id\":\"\",\"size\":[[1,1]],\"slot\":\"slideshow-desk\",\"library\":\"googleAdManager.GooglePublisherTag\",\"props\":\"id\":\"slideshow-desk-ad\",\"unit\":\"64500793\/EN_DESK_SLIDESHOW_TOWER_300x250\",\"collapse_empty_divs\":false,\"premium_ads\":false,\"bids\":\"\",\"nexxx360_id\":\"\",\"size\":[[300,250],[300,600]],\"slot\":\"slideshow-mob\",\"library\":\"googleAdManager.GooglePublisherTag\",\"props\":\"id\":\"slideshow-mob-ad\",\"unit\":\"64500793\/EN_MOB_ARTICLE_STICKYFOOTER_320x50\",\"collapse_empty_divs\":false,\"premium_ads\":false,\"bids\":\"\",\"nexxx360_id\":\"\",\"size\":[[320,50]],\"slot\":\"skin\",\"library\":\"theme.Skin\",\"props\":\"id\":\"skin-ad\",\"unit\":\"64500793\/EN_DESK_HP_SKIN_1x1\",\"collapse_empty_divs\":false,\"premium_ads\":false,\"bids\":\"\",\"nexxx360_id\":\"\",\"size\":[],\"slot\":\"article-native-inread\",\"library\":\"googleAdManager.GooglePublisherTag\",\"props\":\"id\":\"article-native-inread\",\"unit\":\"64500793\/EN_NATIVE_ARTICLE\",\"collapse_empty_divs\":false,\"premium_ads\":false,\"bids\":\"\",\"nexxx360_id\":\"\",\"size\":[\"fluid\"],\"slot\":\"article-native-home\",\"library\":\"googleAdManager.GooglePublisherTag\",\"props\":\"id\":\"article-native-home\",\"unit\":\"64500793\/EN_NATIVE_HOMEPAGE\",\"collapse_empty_divs\":false,\"premium_ads\":false,\"bids\":\"\",\"nexxx360_id\":\"\",\"size\":[\"fluid\"],\"slot\":\"dp-skin\",\"library\":\"theme.Skin\",\"props\":\"id\":\"dp-skin-ad\",\"unit\":\"64500793\/EN_DESK_PRAYER_SKIN_1x1\",\"collapse_empty_divs\":false,\"premium_ads\":false,\"bids\":\"\",\"nexxx360_id\":\"\",\"size\":[],\"props\":\"id\":\"\",\"unit\":\"\",\"collapse_empty_divs\":false,\"premium_ads\":false,\"bids\":\"\",\"nexxx360_id\":\"\",\"size\":[],\"slot\":\"hp-mob-after-daily-items\",\"library\":\"googleAdManager.GooglePublisherTag\",\"props\":\"id\":\"hp-mob-after-daily-items-ad\",\"unit\":\"64500793\/EN_MOB_HP_BODY_MULTIxMULTI_1\",\"collapse_empty_divs\":false,\"premium_ads\":false,\"bids\":\"\",\"nexxx360_id\":\"\",\"size\":[[300,600],[300,250]],\"slot\":\"hp-desk-before-sections\",\"library\":\"googleAdManager.GooglePublisherTag\",\"props\":\"id\":\"hp-desk-before-sections-ad\",\"unit\":\"64500793\/EN_DESK_HP_HEADER_MULTIxMULTI_2\",\"collapse_empty_divs\":false,\"premium_ads\":false,\"bids\":\"\",\"nexxx360_id\":\"\",\"size\":[[728,90],[970,90]],\"slot\":\"category-desk-right-column\",\"library\":\"googleAdManager.GooglePublisherTag\",\"props\":\"id\":\"category-desk-right-column-ad\",\"unit\":\"64500793\/EN_DESK_ARTICLE_SIDEBAR_300xMULTI\",\"collapse_empty_divs\":false,\"premium_ads\":false,\"bids\":\"\",\"nexxx360_id\":\"\",\"size\":[],\"slot\":\"skin\",\"library\":\"theme.Skin\",\"props\":\"id\":\"skin-ad\",\"unit\":\"64500793\/EN_DESK_HP_SKIN_1x1\",\"collapse_empty_divs\":false,\"premium_ads\":\"1\",\"bids\":\"\",\"nexxx360_id\":\"\",\"size\":[],\"slot\":\"hp-desk-after-header\",\"library\":\"googleAdManager.GooglePublisherTag\",\"props\":\"id\":\"hp-desk-after-header-ad\",\"unit\":\"64500793\/EN_DESK_HEADER_MULTIxMULTI_PREMIUM\",\"collapse_empty_divs\":false,\"premium_ads\":\"1\",\"bids\":\"\",\"nexxx360_id\":\"\",\"size\":[[970,90],[728,90]],\"slot\":\"category-desk-after-header\",\"library\":\"googleAdManager.GooglePublisherTag\",\"props\":\"id\":\"category-desk-after-header-ad\",\"unit\":\"64500793\/EN_DESK_HEADER_MULTIxMULTI_PREMIUM\",\"collapse_empty_divs\":false,\"premium_ads\":\"1\",\"bids\":\"\",\"nexxx360_id\":\"\",\"size\":[[970,90],[728,90]],\"slot\":\"article-desk-after-header\",\"library\":\"googleAdManager.GooglePublisherTag\",\"props\":\"id\":\"article-desk-after-header-ad\",\"unit\":\"64500793\/EN_DESK_HEADER_MULTIxMULTI_PREMIUM\",\"collapse_empty_divs\":false,\"premium_ads\":\"1\",\"bids\":\"\",\"nexxx360_id\":\"\",\"size\":[[970,90],[728,90]],\"slot\":\"hp-desk-right-column-after-prayers\",\"library\":\"googleAdManager.GooglePublisherTag\",\"props\":\"id\":\"hp-desk-right-column-after-prayers-ad\",\"unit\":\"64500793\/EN_DESK_TOWER_300xMULTI_PREMIUM\",\"collapse_empty_divs\":false,\"premium_ads\":\"1\",\"bids\":\"\",\"nexxx360_id\":\"\",\"size\":[[300,600],[300,250]],\"slot\":\"category-desk-right-column-after-prayers\",\"library\":\"googleAdManager.GooglePublisherTag\",\"props\":\"id\":\"category-desk-right-column-after-prayers-ad\",\"unit\":\"64500793\/EN_DESK_TOWER_300xMULTI_PREMIUM\",\"collapse_empty_divs\":false,\"premium_ads\":\"1\",\"bids\":\"\",\"nexxx360_id\":\"\",\"size\":[[300,600],[300,250]],\"slot\":\"article-desk-right-column-after-prayers\",\"library\":\"googleAdManager.GooglePublisherTag\",\"props\":\"id\":\"article-desk-right-column-after-prayers-ad\",\"unit\":\"64500793\/EN_DESK_TOWER_300xMULTI_PREMIUM\",\"collapse_empty_divs\":false,\"premium_ads\":\"1\",\"bids\":\"\",\"nexxx360_id\":\"\",\"size\":[[300,600],[300,250]],\"slot\":\"hp-mob-after-daily-items\",\"library\":\"googleAdManager.GooglePublisherTag\",\"props\":\"id\":\"hp-mob-after-daily-items-ad\",\"unit\":\"64500793\/EN_MOB_MULTIxMULTI_PREMIUM\",\"collapse_empty_divs\":false,\"premium_ads\":\"1\",\"bids\":\"\",\"nexxx360_id\":\"\",\"size\":[[300,250]],\"slot\":\"article-mob-content-p1\",\"library\":\"googleAdManager.GooglePublisherTag\",\"props\":\"id\":\"article-mob-content-p1-ad\",\"unit\":\"64500793\/EN_MOB_MULTIxMULTI_PREMIUM\",\"collapse_empty_divs\":false,\"premium_ads\":\"1\",\"bids\":\"\",\"nexxx360_id\":\"\",\"size\":[[300,250]],\"props\":\"id\":\"\",\"unit\":\"\",\"collapse_empty_divs\":false,\"premium_ads\":false,\"bids\":\"\",\"nexxx360_id\":\"\",\"size\":[],\"props\":\"id\":\"\",\"unit\":\"\",\"collapse_empty_divs\":false,\"premium_ads\":false,\"bids\":\"\",\"nexxx360_id\":\"\",\"size\":[]],\"skin_height\":101,\"sirdata\":\"setting_menu_label\":\"privacy\",\"sirdata_id\":\"xd8kW\",\"nativo\":\"isActive\":true,\"isActiveInPost\":true,\"connatix\":\"scriptId\":\"82592dd1874345e8bd35bb7268339c76\",\"playerId\":\"62153f9f-0eea-4420-ae4e-ccb9dc881e2f\",\"premiumContents\":\"cta_menu\":\"cta_label\":\"S\u2019abonner\",\"cta_link\":\"\/subscribe\/\",\"cta_menu_donations\":\"cta_label\":\"donate\",\"cta_link\":\"https:\/\/aleteia.org\/support-aleteia\/\",\"newrelic\":\"enabled\":true,\"nexxx360_site_id\":null,\"top_left_custom_cta\":[],\"translations\":\"archive\":\"ReadMore\":\"Show more\"},\"wpSource\":\"prefix\":\"\/wp-json\",\"oneSignal\":\"promptAfterPages\":\"3\",\"promptAfterSeconds\":\"30\",\"id\":\"1ef61c7c-d65c-4876-90ea-04f72851e015\",\"prebid\":\"active\":false,\"fills\":\"googleAdManager\":\"35\":\"props\":\"id\":\"\",\"unit\":\"\",\"collapse_empty_divs\":false,\"premium_ads\":false,\"bids\":\"\",\"nexxx360_id\":\"\",\"size\":[],\"36\":\"props\":\"id\":\"\",\"unit\":\"\",\"collapse_empty_divs\":false,\"premium_ads\":false,\"bids\":\"\",\"nexxx360_id\":\"\",\"size\":[],\"hp-desk-after-header-ad\":\"slot\":\"hp-desk-after-header\",\"library\":\"googleAdManager.GooglePublisherTag\",\"props\":\"id\":\"hp-desk-after-header-ad\",\"unit\":\"64500793\/EN_DESK_HP_HEADER_MULTIxMULTI_1\",\"collapse_empty_divs\":false,\"premium_ads\":false,\"bids\":\"\",\"nexxx360_id\":\"\",\"size\":[[728,90],[970,90]],\"hp-desk-right-column-after-prayers-ad\":\"slot\":\"hp-desk-right-column-after-prayers\",\"library\":\"googleAdManager.GooglePublisherTag\",\"props\":\"id\":\"hp-desk-right-column-after-prayers-ad\",\"unit\":\"64500793\/EN_DESK_HP_TOWER_300xMULTI_1\",\"collapse_empty_divs\":false,\"premium_ads\":false,\"bids\":\"\",\"nexxx360_id\":\"\",\"size\":[[300,600]],\"hp-desk-right-column-section-ad\":\"slot\":\"hp-desk-right-column-section\",\"library\":\"googleAdManager.GooglePublisherTag\",\"props\":\"id\":\"hp-desk-right-column-section-ad\",\"unit\":\"64500793\/EN_DESK_HP_TOWER_300xMULTI_2\",\"collapse_empty_divs\":false,\"premium_ads\":false,\"bids\":\"\",\"nexxx360_id\":\"\",\"size\":[[300,600]],\"hp-mob-after-hero-ad\":\"slot\":\"hp-mob-after-hero\",\"library\":\"googleAdManager.GooglePublisherTag\",\"props\":\"id\":\"hp-mob-after-hero-ad\",\"unit\":\"64500793\/EN_MOB_HP_HEADER_320xMULTI\",\"collapse_empty_divs\":false,\"premium_ads\":false,\"bids\":\"\",\"nexxx360_id\":\"\",\"size\":[[320,100]],\"hp-mob-right-column-after-prayers-ad\":\"slot\":\"hp-mob-right-column-after-prayers\",\"library\":\"googleAdManager.GooglePublisherTag\",\"props\":\"id\":\"hp-mob-right-column-after-prayers-ad\",\"unit\":\"64500793\/EN_MOB_HP_BODY_MULTIxMULTI_2\",\"collapse_empty_divs\":false,\"premium_ads\":false,\"bids\":\"\",\"nexxx360_id\":\"\",\"size\":[[300,250]],\"category-desk-after-header-ad\":\"slot\":\"category-desk-after-header\",\"library\":\"googleAdManager.GooglePublisherTag\",\"props\":\"id\":\"category-desk-after-header-ad\",\"unit\":\"64500793\/EN_DESK_ARTICLE_HEADER_MULTIxMULTI_1\",\"collapse_empty_divs\":false,\"premium_ads\":false,\"bids\":\"\",\"nexxx360_id\":\"\",\"size\":[[728,90],[970,90]],\"category-desk-right-column-after-prayers-ad\":\"slot\":\"category-desk-right-column-after-prayers\",\"library\":\"googleAdManager.GooglePublisherTag\",\"props\":\"id\":\"category-desk-right-column-after-prayers-ad\",\"unit\":\"64500793\/EN_DESK_ARTICLE_TOWER_300xMULTI_2\",\"collapse_empty_divs\":false,\"premium_ads\":false,\"bids\":\"\",\"nexxx360_id\":\"\",\"size\":[[300,250]],\"category-mob-after-first-row-ad\":\"slot\":\"category-mob-after-first-row\",\"library\":\"googleAdManager.GooglePublisherTag\",\"props\":\"id\":\"category-mob-after-first-row-ad\",\"unit\":\"64500793\/EN_MOB_ARTICLE_HEADER_320xMULTI\",\"collapse_empty_divs\":false,\"premium_ads\":false,\"bids\":\"\",\"nexxx360_id\":\"\",\"size\":[[320,100]],\"article-desk-after-header-ad\":\"slot\":\"article-desk-after-header\",\"library\":\"googleAdManager.GooglePublisherTag\",\"props\":\"id\":\"article-desk-after-header-ad\",\"unit\":\"64500793\/EN_DESK_ARTICLE_HEADER_MULTIxMULTI_1\",\"collapse_empty_divs\":false,\"premium_ads\":false,\"bids\":\"\",\"nexxx360_id\":\"\",\"size\":[[728,90],[970,90]],\"article-desk-right-column-after-prayers-ad\":\"slot\":\"article-desk-right-column-after-prayers\",\"library\":\"googleAdManager.GooglePublisherTag\",\"props\":\"id\":\"article-desk-right-column-after-prayers-ad\",\"unit\":\"64500793\/EN_DESK_ARTICLE_TOWER_300xMULTI_1\",\"collapse_empty_divs\":false,\"premium_ads\":false,\"bids\":\"\",\"nexxx360_id\":\"\",\"size\":[[300,250],[300,600]],\"article-desk-right-column-sticky2-ad\":\"slot\":\"article-desk-right-column-sticky\",\"library\":\"googleAdManager.GooglePublisherTag\",\"props\":\"id\":\"article-desk-right-column-sticky2-ad\",\"unit\":\"64500793\/EN_DESK_ARTICLE_SIDEBAR_300xMULTI\",\"collapse_empty_divs\":false,\"premium_ads\":false,\"bids\":\"\",\"nexxx360_id\":\"\",\"size\":[[300,250],[300,600]],\"article-desk-before-footer-ad\":\"slot\":\"article-desk-before-footer\",\"library\":\"googleAdManager.GooglePublisherTag\",\"props\":\"id\":\"article-desk-before-footer-ad\",\"unit\":\"64500793\/EN_DESK_ARTICLE_FOOTER_MULTIx90\",\"collapse_empty_divs\":false,\"premium_ads\":false,\"bids\":\"\",\"nexxx360_id\":\"\",\"size\":[[728,90],[970,90]],\"article-mob-after-featured-ad\":\"slot\":\"article-mob-after-featured\",\"library\":\"googleAdManager.GooglePublisherTag\",\"props\":\"id\":\"article-mob-after-featured-ad\",\"unit\":\"64500793\/EN_MOB_ARTICLE_HEADER_320xMULTI\",\"collapse_empty_divs\":false,\"premium_ads\":false,\"bids\":\"\",\"nexxx360_id\":\"\",\"size\":[[320,100],[300,100]],\"article-mob-right-column-after-prayers-ad\":\"slot\":\"article-mob-right-column-after-prayers\",\"library\":\"googleAdManager.GooglePublisherTag\",\"props\":\"id\":\"article-mob-right-column-after-prayers-ad\",\"unit\":\"64500793\/EN_MOB_ARTICLE_BODY_MULTIxMULTI_2\",\"collapse_empty_divs\":false,\"premium_ads\":false,\"bids\":\"\",\"nexxx360_id\":\"\",\"size\":[[300,600]],\"article-mob-content-p1-ad\":\"slot\":\"article-mob-content-p1\",\"library\":\"googleAdManager.GooglePublisherTag\",\"props\":\"id\":\"article-mob-content-p1-ad\",\"unit\":\"64500793\/EN_MOB_ARTICLE_BODY_MULTIxMULTI_1\",\"collapse_empty_divs\":false,\"premium_ads\":false,\"bids\":\"\",\"nexxx360_id\":\"\",\"size\":[[300,250]],\"article-mob-content-p3-ad\":\"slot\":\"article-mob-content-p3\",\"library\":\"googleAdManager.GooglePublisherTag\",\"props\":\"id\":\"article-mob-content-p3-ad\",\"unit\":\"64500793\/EN_MOB_ARTICLE_BODY_MULTIxMULTI_2\",\"collapse_empty_divs\":false,\"premium_ads\":false,\"bids\":\"\",\"nexxx360_id\":\"\",\"size\":[[1,1]],\"slideshow-desk-ad\":\"slot\":\"slideshow-desk\",\"library\":\"googleAdManager.GooglePublisherTag\",\"props\":\"id\":\"slideshow-desk-ad\",\"unit\":\"64500793\/EN_DESK_SLIDESHOW_TOWER_300x250\",\"collapse_empty_divs\":false,\"premium_ads\":false,\"bids\":\"\",\"nexxx360_id\":\"\",\"size\":[[300,250],[300,600]],\"slideshow-mob-ad\":\"slot\":\"slideshow-mob\",\"library\":\"googleAdManager.GooglePublisherTag\",\"props\":\"id\":\"slideshow-mob-ad\",\"unit\":\"64500793\/EN_MOB_ARTICLE_STICKYFOOTER_320x50\",\"collapse_empty_divs\":false,\"premium_ads\":false,\"bids\":\"\",\"nexxx360_id\":\"\",\"size\":[[320,50]],\"skin-ad\":\"slot\":\"skin\",\"library\":\"theme.Skin\",\"props\":\"id\":\"skin-ad\",\"unit\":\"64500793\/EN_DESK_HP_SKIN_1x1\",\"collapse_empty_divs\":false,\"premium_ads\":false,\"bids\":\"\",\"nexxx360_id\":\"\",\"size\":[],\"article-native-inread\":\"slot\":\"article-native-inread\",\"library\":\"googleAdManager.GooglePublisherTag\",\"props\":\"id\":\"article-native-inread\",\"unit\":\"64500793\/EN_NATIVE_ARTICLE\",\"collapse_empty_divs\":false,\"premium_ads\":false,\"bids\":\"\",\"nexxx360_id\":\"\",\"size\":[\"fluid\"],\"article-native-home\":\"slot\":\"article-native-home\",\"library\":\"googleAdManager.GooglePublisherTag\",\"props\":\"id\":\"article-native-home\",\"unit\":\"64500793\/EN_NATIVE_HOMEPAGE\",\"collapse_empty_divs\":false,\"premium_ads\":false,\"bids\":\"\",\"nexxx360_id\":\"\",\"size\":[\"fluid\"],\"dp-skin-ad\":\"slot\":\"dp-skin\",\"library\":\"theme.Skin\",\"props\":\"id\":\"dp-skin-ad\",\"unit\":\"64500793\/EN_DESK_PRAYER_SKIN_1x1\",\"collapse_empty_divs\":false,\"premium_ads\":false,\"bids\":\"\",\"nexxx360_id\":\"\",\"size\":[],\"\":\"props\":\"id\":\"\",\"unit\":\"\",\"collapse_empty_divs\":false,\"premium_ads\":false,\"bids\":\"\",\"nexxx360_id\":\"\",\"size\":[],\"hp-mob-after-daily-items-ad\":\"slot\":\"hp-mob-after-daily-items\",\"library\":\"googleAdManager.GooglePublisherTag\",\"props\":\"id\":\"hp-mob-after-daily-items-ad\",\"unit\":\"64500793\/EN_MOB_HP_BODY_MULTIxMULTI_1\",\"collapse_empty_divs\":false,\"premium_ads\":false,\"bids\":\"\",\"nexxx360_id\":\"\",\"size\":[[300,600],[300,250]],\"hp-desk-before-sections-ad\":\"slot\":\"hp-desk-before-sections\",\"library\":\"googleAdManager.GooglePublisherTag\",\"props\":\"id\":\"hp-desk-before-sections-ad\",\"unit\":\"64500793\/EN_DESK_HP_HEADER_MULTIxMULTI_2\",\"collapse_empty_divs\":false,\"premium_ads\":false,\"bids\":\"\",\"nexxx360_id\":\"\",\"size\":[[728,90],[970,90]],\"category-desk-right-column-ad\":\"slot\":\"category-desk-right-column\",\"library\":\"googleAdManager.GooglePublisherTag\",\"props\":\"id\":\"category-desk-right-column-ad\",\"unit\":\"64500793\/EN_DESK_ARTICLE_SIDEBAR_300xMULTI\",\"collapse_empty_divs\":false,\"premium_ads\":false,\"bids\":\"\",\"nexxx360_id\":\"\",\"size\":[],\"skin-ad26\":\"slot\":\"skin\",\"library\":\"theme.Skin\",\"props\":\"id\":\"skin-ad\",\"unit\":\"64500793\/EN_DESK_HP_SKIN_1x1\",\"collapse_empty_divs\":false,\"premium_ads\":\"1\",\"bids\":\"\",\"nexxx360_id\":\"\",\"size\":[],\"hp-desk-after-header-ad27\":\"slot\":\"hp-desk-after-header\",\"library\":\"googleAdManager.GooglePublisherTag\",\"props\":\"id\":\"hp-desk-after-header-ad\",\"unit\":\"64500793\/EN_DESK_HEADER_MULTIxMULTI_PREMIUM\",\"collapse_empty_divs\":false,\"premium_ads\":\"1\",\"bids\":\"\",\"nexxx360_id\":\"\",\"size\":[[970,90],[728,90]],\"category-desk-after-header-ad28\":\"slot\":\"category-desk-after-header\",\"library\":\"googleAdManager.GooglePublisherTag\",\"props\":\"id\":\"category-desk-after-header-ad\",\"unit\":\"64500793\/EN_DESK_HEADER_MULTIxMULTI_PREMIUM\",\"collapse_empty_divs\":false,\"premium_ads\":\"1\",\"bids\":\"\",\"nexxx360_id\":\"\",\"size\":[[970,90],[728,90]],\"article-desk-after-header-ad29\":\"slot\":\"article-desk-after-header\",\"library\":\"googleAdManager.GooglePublisherTag\",\"props\":\"id\":\"article-desk-after-header-ad\",\"unit\":\"64500793\/EN_DESK_HEADER_MULTIxMULTI_PREMIUM\",\"collapse_empty_divs\":false,\"premium_ads\":\"1\",\"bids\":\"\",\"nexxx360_id\":\"\",\"size\":[[970,90],[728,90]],\"hp-desk-right-column-after-prayers-ad30\":\"slot\":\"hp-desk-right-column-after-prayers\",\"library\":\"googleAdManager.GooglePublisherTag\",\"props\":\"id\":\"hp-desk-right-column-after-prayers-ad\",\"unit\":\"64500793\/EN_DESK_TOWER_300xMULTI_PREMIUM\",\"collapse_empty_divs\":false,\"premium_ads\":\"1\",\"bids\":\"\",\"nexxx360_id\":\"\",\"size\":[[300,600],[300,250]],\"category-desk-right-column-after-prayers-ad31\":\"slot\":\"category-desk-right-column-after-prayers\",\"library\":\"googleAdManager.GooglePublisherTag\",\"props\":\"id\":\"category-desk-right-column-after-prayers-ad\",\"unit\":\"64500793\/EN_DESK_TOWER_300xMULTI_PREMIUM\",\"collapse_empty_divs\":false,\"premium_ads\":\"1\",\"bids\":\"\",\"nexxx360_id\":\"\",\"size\":[[300,600],[300,250]],\"article-desk-right-column-after-prayers-ad32\":\"slot\":\"article-desk-right-column-after-prayers\",\"library\":\"googleAdManager.GooglePublisherTag\",\"props\":\"id\":\"article-desk-right-column-after-prayers-ad\",\"unit\":\"64500793\/EN_DESK_TOWER_300xMULTI_PREMIUM\",\"collapse_empty_divs\":false,\"premium_ads\":\"1\",\"bids\":\"\",\"nexxx360_id\":\"\",\"size\":[[300,600],[300,250]],\"hp-mob-after-daily-items-ad33\":\"slot\":\"hp-mob-after-daily-items\",\"library\":\"googleAdManager.GooglePublisherTag\",\"props\":\"id\":\"hp-mob-after-daily-items-ad\",\"unit\":\"64500793\/EN_MOB_MULTIxMULTI_PREMIUM\",\"collapse_empty_divs\":false,\"premium_ads\":\"1\",\"bids\":\"\",\"nexxx360_id\":\"\",\"size\":[[300,250]],\"article-mob-content-p1-ad34\":\"slot\":\"article-mob-content-p1\",\"library\":\"googleAdManager.GooglePublisherTag\",\"props\":\"id\":\"article-mob-content-p1-ad\",\"unit\":\"64500793\/EN_MOB_MULTIxMULTI_PREMIUM\",\"collapse_empty_divs\":false,\"premium_ads\":\"1\",\"bids\":\"\",\"nexxx360_id\":\"\",\"size\":[[300,250]],\"yoast\":\"renderTags\":\"both\",\"transformLinks\":false,\"frontity\":\"name\":\"aleteia-english\",\"match\":[\"aleteia.org\",\"dev.aleteia.org\",\"aleteia.local\"],\"mode\":\"default\",\"debug\":false,\"platform\":\"server\",\"rendering\":\"ssr\",\"hmr\":false,\"initialLink\":\"\/2024\/05\/29\/prayer-journaling-as-a-way-to-help-you-find-god\/\",\"options\":\"publicPath\":\"\/static\/\",\"packages\":[\"aleteia-sirdata\",\"eloqua\",\"@frontity\/wp-source\",\"one-signal-frontity\",\"google-ad-manager\",\"@frontity\/yoast\",\"aleteia-theme\",\"aleteia-auth\",\"aleteia-promotional-box\",\"@frontity\/analytics\",\"google-tag-manager\",\"aleteia-custom-popups\",\"aleteia-top-ribbon\",\"@frontity\/tiny-router\",\"@frontity\/html2react\",\"ontheio-analytics\",\"aleteia-rollbar\",\"aleteia-redirects\",\"new-relic\",\"aleteia-ads-options\"],\"url\":\" - English\",\"theme\":\"hidePrintButton\":false,\"preventSelection\":false,\"autoPrefetch\":\"hover\",\"isMobileMenuOpen\":false,\"ads\":\"skin\":\"rendered\":false,\"positions\":[1,2,4,6,7,10,1,2,3,4],\"gallery\":\"isOpen\":false,\"currentIndex\":0,\"isZoom\":false,\"isAutoPlay\":false,\"isSwipeEnabled\":true,\"slidesVisited\":0,\"share\":\"isHidden\":true,\"language_switcher\":[\"code\":\"en\",\"label\":\"English\",\"link\":\"https:\/\/aleteia.org\/\",\"code\":\"it\",\"label\":\"Italiano\",\"link\":\"https:\/\/it.aleteia.org\/\",\"code\":\"fr\",\"label\":\"Fran\u00e7aise\",\"link\":\"https:\/\/fr.aleteia.org\/\",\"code\":\"es\",\"label\":\"Espa\u00f1ol\",\"link\":\"https:\/\/es.aleteia.org\/\",\"code\":\"pt\",\"label\":\"Portuguese\",\"link\":\"https:\/\/pt.aleteia.org\/\",\"code\":\"pl\",\"label\":\"Polska\",\"link\":\"https:\/\/pl.aleteia.org\/\",\"code\":\"si\",\"label\":\"Sloven\u0161\u010dina\",\"link\":\"https:\/\/si.aleteia.org\/\"],\"newsletter_lists_ids\":\"nl_daily_list\":\"366c6b27-4e11-4063-9cd6-f47184e0145f\",\"nl_weekly_list\":\"78e785e7-78f9-4f85-9d2f-4990e4b688f3\",\"nl_imedia_list\":\"366c6b27-4e11-4063-9cd6-f47184e0145f\",\"newsletter_subscribe_endpoint\":\"https:\/\/reports.aleteia.org\/\",\"newsletterPopup\":\"isOpen\":false,\"env\":\"production\",\"preventIndexing\":false,\"donationIframeUrl\":\"https:\/\/subscriptions.aleteia.org\/en\",\"jetpack_stats\":\"v\":\"ext\",\"blog\":174078663,\"post\":\"0\",\"tz\":-4,\"srv\":\"wp.en.aleteia.org\",\"auth\":\"isLoggedIn\":false,\"returnUrl\":\"https:\/\/aleteia.org\/\",\"loginForm\":\"rememberSession\":true,\"email\":\"\",\"password\":\"\",\"isSubmitting\":false,\"isError\":false,\"resetPasswordForm\":\"email\":\"\",\"isSubmitting\":false,\"isEmailSent\":false,\"isError\":false,\"errorMessage\":\"\",\"registerForm\":\"title\":\"\",\"name\":\"\",\"surname\":\"\",\"email\":\"\",\"emailRepeat\":\"\",\"nickname\":\"\",\"password\":\"\",\"passwordRepeat\":\"\",\"address\":\"\",\"city\":\"\",\"country\":\"\",\"stateCode\":\"\",\"zip\":\"\",\"phone\":\"\",\"tc\":false,\"newsletterDaily\":true,\"newsletterWeekly\":false,\"newsletterImedia\":true,\"partners\":false,\"isSubmitting\":false,\"isNameEmpty\":false,\"isSurnameEmpty\":false,\"isEmailEmpty\":false,\"isEmailRepeatEmpty\":false,\"isEmailMismatch\":false,\"isEmailAlreadyInUse\":false,\"isEmailInvalid\":false,\"isPasswordEmpty\":false,\"isPasswordRepeatEmpty\":false,\"isPasswordMismatch\":false,\"isPasswordWeak\":false,\"isPostalCodeEmpty\":false,\"isCountryEmpty\":false,\"newsletter_user_subscriptions\":[],\"paymentForm\":\"plans\":[],\"selectedPlan\":\"\",\"paymentType\":\"card\",\"isSubmitting\":false,\"plansEndpoint\":\"https:\/\/stripe-users-api.herokuapp.com\/plans?publishable_key=\",\"tryPlanEndpoint\":\"https:\/\/stripe-users-api.herokuapp.com\/plans\/try\",\"publishableKey\":\"pk_test_51IT35jLrboGMNuFqQSgdF3N8sj0SIVmac5QIWVEifu1f9jijIWBxIS0k3SwsZHVbebkef5zTlTY1zqzQ4mrxccyI00Icv0ETqO\",\"comments\":\"isReplyOpen\":false,\"replyId\":0,\"repliesOpened\":[],\"commentsList\":[],\"totalComments\":0,\"totalPages\":0,\"updateProfileForm\":\"title\":\"\",\"name\":\"\",\"surname\":\"\",\"nickname\":\"\",\"address\":\"\",\"zip\":\"\",\"city\":\"\",\"country\":\"\",\"phone\":\"\",\"isSubmitting\":false,\"isNameEmpty\":false,\"isSurnameEmpty\":false,\"isZipEmpty\":false,\"isCountryEmpty\":false,\"updateEmailForm\":\"email\":\"\",\"password\":\"\",\"newEmail\":\"\",\"newEmailConfirmation\":\"\",\"isSubmitting\":false,\"isEmailEmpty\":false,\"isEmailMismatch\":false,\"isPasswordEmpty\":false,\"isPasswordMismatch\":false,\"isNewEmailEmpty\":false,\"isNewEmailConfirmationEmpty\":false,\"isNewEmailMismatch\":false,\"updatePasswordForm\":\"email\":\"\",\"password\":\"\",\"newPassword\":\"\",\"newPasswordConfirmation\":\"\",\"isSubmitting\":false,\"isEmailEmpty\":false,\"isEmailMismatch\":false,\"isPasswordEmpty\":false,\"isPasswordMismatch\":false,\"isNewPasswordEmpty\":false,\"isNewPasswordConfirmationEmpty\":false,\"isNewPasswordMismatch\":false,\"showPrayersPopup\":false,\"premiumContent\":\"account\":\"cta_my_newsletters_label\":\"Abonnez-vous \u00e0 la newsletter d\u2019Aleteia\",\"cta_my_newsletters_link\":\" your membership\",\"cta_my_subscriptions_link\":\"#\",\"cta_personal_infos_label\":\"Manage your data\",\"cta_personal_infos_link\":\"#\",\"my_account\":\"u003cpu003eu003cspan style=\"font-size: 23px\"u003eu003cemu003eu003cstrongu003eMy accountu003c\/strongu003eu003c\/emu003eu003c\/spanu003eu003c\/pu003en\",\"my_account_desktop\":\"\",\"my_newsletters\":\"u003cpu003eu003cspan style=\"font-size: 14px;font-family: 'Roboto Condensed'\"u003eu003cstrongu003eVotre newsletteru003c\/strongu003eu003c\/spanu003eu003c\/pu003en\",\"my_newsletters_desktop\":\"\",\"my_subscriptions\":\"u003cpu003eu003cspan style=\"font-size: 14px;font-family: 'Roboto Condensed'\"u003eu003cstrongu003eVotre abonnementu003cbr \/u003enu003c\/strongu003eu003c\/spanu003eu003cspan style=\"font-size: 13px;color: #575757\"u003eVous avez un abonnement premium.u003c\/spanu003eu003c\/pu003en\",\"my_subscriptions_desktop\":\"\",\"personal_infos\":\"u003cpu003eu003cspan style=\"font-family: 'Roboto Condensed'\"u003eu003cstrongu003eu003cspan style=\"font-size: 14px\"u003eVos informations u003c\/spanu003eu003c\/strongu003eu003c\/spanu003eu003cbr \/u003enu003cspan style=\"font-size: 13px;color: #575757\"u003eRetrouvez et administrez l'ensemble des informations personnelles et adresses associ\u00e9es \u00e0 votre compte Aleteia.u003c\/spanu003eu003c\/pu003en\",\"personal_infos_desktop\":\"\",\"app_tips_cta\":\"\/registration\/subscribe\",\"app_tips_cta_text\":\"Discover our Premium offer\",\"app_tips_text\":\"u003cpu003eNOTE: Please comment with a spirit of respect and charity. Aleteia reserves the right to not publish, or remove after publication, any comment, as we deem fit.u003c\/pu003en\",\"cheque\":\"address\":\"u003cpu003eu003cstrongu003eAleteiau003c\/strongu003eu003cbr \/u003en57, rue Gaston Tessieru003cbr \/u003en75019 Parisu003c\/pu003en\",\"address_desktop\":\"\",\"bottom_message\":\"u003cpu003eu003cspan style=\"font-size: 13px\"u003eIl est important de pr\u00e9ciser lors de cet envoi les nom, pr\u00e9nom et adresse e-mail utilis\u00e9s lors de l'inscription.u003c\/spanu003eu003c\/pu003enu003cpu003eu003cspan style=\"font-size: 13px\"u003eD\u00e8s que vous aurez valid\u00e9 cette \u00e9tape, votre abonnement sera activ\u00e9.u003c\/spanu003eu003cbr \/u003enu003cspan style=\"font-size: 13px\"u003eEnsuite, vous disposez d'une p\u00e9riode de un mois pour nous adresser votre r\u00e8glement. Pass\u00e9 ce d\u00e9lai, votre abonnement sera automatiquement annul\u00e9.u003c\/spanu003eu003c\/pu003en\",\"bottom_message_desktop\":\"\",\"bottom_note\":\"u003cpu003eu003cstrongu003eu003cspan style=\"font-family: 'Roboto Condensed';font-size: 13px;color: #000000\"u003eOur email address, in case you have any concerns or questions: u003ca href=\"mailto:premium@aleteia.org\"u003epremium@aleteia.orgu003c\/au003eu003c\/spanu003eu003c\/strongu003eu003c\/pu003en\",\"bottom_note_desktop\":\"\",\"cta_label\":\"Je valide mon abonnement pour 10\u20ac par an\",\"cta_link\":\"\",\"thankyou\":\"u003cpu003eu003cspan style=\"font-size: 12px;font-family: 'Roboto Condensed';color: #575757\"u003ePaiement par ch\u00e8que : uniquement pour la France m\u00e9tropolitaineu003c\/spanu003eu003c\/pu003enu003cpu003eu003cspan style=\"font-size: 14px\"u003eu003cemu003eMerci de bien vouloir adresser votre ch\u00e8que \u00e0u003cbr \/u003enl'ordre de Aleteia \u00e0 l'adresse suivante :u003c\/emu003eu003c\/spanu003eu003c\/pu003en\",\"thankyou_dektop\":\"\",\"top_note\":\"\",\"top_note_desktop\":\"\",\"comment_disclaimer\":\"u003cpu003eNOTE: Please comment with a spirit of respect and charity. Aleteia reserves the right to not publish, or remove after publication, any comment, as we deem fit.u003c\/pu003en\",\"cta_menu\":\"cta_label\":\"S\u2019abonner\",\"cta_link\":\"\/register\/\",\"cta_menu_donations\":\"cta_label\":\"donate\",\"cta_link\":\"https:\/\/aleteia.org\/support-aleteia\/\",\"excerpt_blocks\":\"2\",\"fb_api_key\":\"AIzaSyCgYXJXTsk7sgOtBUZBvslUMsFIJ5j2WPs\",\"fb_auth_domain\":\"aleteia-subscriptions-prod.firebaseapp.com\",\"fb_project_id\":\"aleteia-subscriptions-prod\",\"features\":[\"text\":\"u003cp style=\"margin: 0\"u003eUnlimited access to all new Premium content from Aleteiau003c\/pu003en\",\"text\":\"u003cp style=\"margin: 0\"u003eLimited advertisingu003c\/pu003en\",\"text\":\"u003cp style=\"margin: 0\"u003eExclusive access to publish commentsu003c\/pu003en\"],\"features_all_saints\":[\"text\":\"u003cp style=\"margin: 0\"u003eUnlimited access to all new Premium content from Aleteiau003c\/pu003en\",\"text\":\"u003cp style=\"margin: 0\"u003eLimited advertisingu003c\/pu003en\",\"text\":\"u003cp style=\"margin: 0\"u003eExclusive access to publish commentsu003c\/pu003en\"],\"features_banner\":[\"text\":\"u003cp style=\"margin: 0\"u003eUnlimited access to all new Premium content from Aleteiau003c\/pu003en\",\"text\":\"u003cp style=\"margin: 0\"u003eLimited advertisingu003c\/pu003en\",\"text\":\"u003cp style=\"margin: 0\"u003eExclusive access to publish commentsu003c\/pu003en\"],\"fronted_enabled\":\"1\",\"nl_daily_list\":\"366c6b27-4e11-4063-9cd6-f47184e0145f\",\"nl_endpoint\":\"https:\/\/reports.aleteia.org\/subscriptions\",\"nl_imedia_list\":\"366c6b27-4e11-4063-9cd6-f47184e0145f\",\"nl_lists\":[\"id\":\"daily\",\"label\":\"Aleteia 24h Daily newsletter\",\"registration_label\":\"Aleteia 24h Daily newsletter\",\"title\":\"Daily en\",\"id\":\"weekly\",\"label\":\"Top 10 Most Read Stories of the Week\",\"registration_label\":\"Top 10 Most Read Stories of the Week\",\"title\":\"Weekly en\"],\"nl_weekly_list\":\"78e785e7-78f9-4f85-9d2f-4990e4b688f3\",\"offer_page\":\"advantages\":\"u003cpu003eu003cspan style=\"font-size: 16px\"u003eEt b\u00e9n\u00e9ficiez de tous ses avantages :u003c\/spanu003eu003c\/pu003en\",\"advantages_desktop\":\"u003cpu003eu003cspan style=\"font-size: 20px\"u003eEt b\u00e9n\u00e9ficiez de tous ses avantages :u003c\/spanu003eu003c\/pu003en\",\"become_member\":\"\",\"become_member_desktop\":\"\",\"prayer_intentions_cta\":\"\",\"prayer_intentions_cta_desktop\":\"\",\"prayer_intentions_image\":\"\",\"prayer_intentions_popup_text\":\"u003cpu003ePray for loved ones who are suffering,u003cbr \/u003enfor a young couple engaged to be married,u003cbr \/u003enfor a child who has lost his\/her faith.u003cbr \/u003enfor a coworker who has cancer,u003cbr \/u003enor for any of life's most important moments.u003c\/pu003enu003cdivu003enu003cpu003eAleteia has partnered with 550 monasteriesu003cbr \/u003ento support your particularu003cbr \/u003enprayer intentions.u003c\/pu003enu003cdivu003eYou can share your prayer intentionsu003cbr \/u003enfrom your account profileu003cbr \/u003enas soon as you become an Aleteia Premium member;u003cbr \/u003enyour prayers will be remembered by monks and nuns during their liturgies.u003c\/divu003enu003c\/divu003en\",\"prayer_intentions_popup_text_desktop\":\"u003cpu003ePray for loved ones who are suffering,u003cbr \/u003enfor a young couple engaged to be married,u003cbr \/u003enfor a child who has lost his\/her faith.u003cbr \/u003enfor a coworker who has cancer,u003cbr \/u003enor for any of life's most important moments.u003c\/pu003enu003cdivu003enu003cpu003eAleteia has partnered with 550 monasteriesu003cbr \/u003ento support your particularu003cbr \/u003enprayer intentions.u003c\/pu003enu003cdivu003eYou can share your prayer intentionsu003cbr \/u003enfrom your account profileu003cbr \/u003enas soon as you become an Aleteia Premium member;u003cbr \/u003enyour prayers will be remembered by monks and nuns during their liturgies.u003c\/divu003enu003c\/divu003en\",\"prayer_intentions_text\":\"\",\"prayer_intentions_text_desktop\":\"\",\"pre_advantages\":\"u003cp style=\"margin: 0\"u003eu003cspan style=\"font-size: 18px;color: #00214d\"u003eAbonnez-vous gratuitement \u00e0u003cbr \/u003enu003c\/spanu003eu003c\/pu003en\",\"pre_advantages2\":\"u003cp style=\"margin: 0\"u003eu003cspan style=\"font-size: 18px;color: #00214d\"u003eAleteia Premiumu003c\/spanu003eu003c\/pu003en\",\"pre_advantages2_desktop\":\"\",\"pre_advantages_desktop\":\"u003cpu003eu003cspan style=\"font-size: 20px;color: #00214d\"u003eAbonnez-vous gratuitement \u00e0 Aleteia Premiumu003c\/spanu003eu003c\/pu003en\",\"premium_offer\":\"u003cpu003eu003cspan style=\"font-size: 18px;color: #000000\"u003eDiscover all of these benefits:u003c\/spanu003eu003c\/pu003enu003cpu003eu003cspan style=\"font-size: 13px;font-family: 'Roboto Condensed';color: #000000\"u003eu003cstrongu003eAucun engagementu003c\/strongu003e : vous pouvez r\u00e9silier \u00e0 tout momentu003cbr \/u003enu003c\/spanu003eu003c\/pu003en\",\"premium_offer_app\":\"u003cpu003eDevenez membre de la communaut\u00e9 Aleteia !u003c\/pu003enu003cpu003eAbonnez-vous gratuitement \u00e0u003c\/pu003enu003cpu003e u003c\/pu003en\",\"premium_offer_desktop\":\"u003cpu003eu003cspan style=\"font-size: 20px;color: #000000\"u003eDiscover all of these benefits:u003c\/spanu003eu003c\/pu003enu003cpu003eu003cspan style=\"font-size: 16px;font-family: 'Roboto Condensed';color: #000000\"u003eu003cstrongu003eAucun engagementu003c\/strongu003e : vous pouvez r\u00e9silier \u00e0 tout momentu003c\/spanu003eu003c\/pu003en\",\"subscribe_for_free\":\"u003cpu003eu003cspan style=\"font-family: georgia, palatino;font-size: 17px;color: #000000;text-align: center\"u003eFree! - Without any commitmentu003cbr \/u003enYou can cancel anytimeu003c\/spanu003eu003c\/pu003en\",\"subscribe_for_free_desktop\":\"u003cpu003eu003cspan style=\"color: #000000;font-family: georgia, palatino;text-align: center\"u003eu003cspan style=\"font-size: 23px\"u003eFree! - Without any commitmentu003cbr \/u003enu003c\/spanu003eu003cspan style=\"font-size: 23px\"u003eYou can cancel anytimeu003c\/spanu003eu003cstrongu003eu003cspan style=\"font-size: 23px\"u003eu003cbr \/u003enu003c\/spanu003eu003c\/strongu003eu003c\/spanu003eu003c\/pu003en\",\"support_aleteia\":\"u003cpu003eu003cspan style=\"font-size: 16px;color: #00214d\"u003eu003cemu003eu003cstrongu003eSupport Aleteia mission u003c\/strongu003eu003c\/emu003eu003c\/spanu003eu003cbr \/u003enu003cspan style=\"font-size: 16px;color: #00214d\"u003eu003cemu003eu003cstrongu003eand its editorial staff of 75 journalists!u003c\/strongu003eu003c\/emu003eu003c\/spanu003eu003c\/pu003en\",\"support_aleteia_desktop\":\"u003cpu003eu003cspan style=\"font-size: 22px;color: #00214d\"u003eu003cemu003eu003cstrongu003eSupport Aleteia missionu003c\/strongu003eu003c\/emu003eu003c\/spanu003eu003cbr \/u003enu003cspan style=\"font-size: 22px;color: #00214d\"u003eu003cemu003eu003cstrongu003eand its editorial staff of 75 journalists!u003c\/strongu003eu003c\/emu003eu003c\/spanu003eu003c\/pu003en\",\"terms_conditions\":\"u003cpu003eu003cspan style=\"font-size: 14px\"u003eu003cstrongu003eu003cspan style=\"font-family: 'Roboto Condensed';color: #000000\"u003eOur email address, in case you have any concerns or questions: u003ca style=\"color: #005cc8\" href=\"mailto:premium@aleteia.org\"u003epremium@aleteia.orgu003c\/au003eu003c\/spanu003eu003c\/strongu003eu003c\/spanu003eu003c\/pu003en\",\"terms_conditions_desktop\":\"\",\"payment_app\":\"bottom_note\":\"u003cpu003eu003cspan style=\"font-family: 'Roboto Condensed';font-size: 12px;color: #575757\"u003eMissing text hereu003c\/spanu003eu003c\/pu003en\",\"bottom_note_desktop\":\"\",\"cta_label\":\"Pay now\",\"cta_label_2\":\"\",\"cta_link\":\"\",\"cta_link_2\":\"\",\"fiscal_deduction\":\"\",\"fiscal_deduction_desktop\":\"\",\"message\":\"u003cpu003eu003cemu003eu003cstrongu003eu003cspan style=\"font-size: 23px\"u003eSi le paiement n\u2019aboutit pas, vous pouvez faire une nouvelle tentative en cliquant ci-dessous :u003c\/spanu003eu003c\/strongu003eu003c\/emu003eu003c\/pu003en\",\"message_desktop\":\"\",\"top_note\":\"u003cpu003eu003cspan style=\"font-weight: 400\"u003eVotre r\u00e9glement est en cours de traitementu003c\/spanu003eu003c\/pu003en\",\"top_note_desktop\":\"\",\"payment_confirmed\":\"bottom_note\":\"u003cpu003eu003cspan style=\"font-family: georgia, palatino;font-size: 14px;color: #000000\"u003e*For tax-free donations, a receipt will be sent to you and you can make the apporiate deductions from your taxes.u003c\/spanu003eu003c\/pu003enu003cpu003eu003cstrongu003eu003cspan style=\"font-family: 'Roboto Condensed';font-size: 13px;color: #000000\"u003eOur email address, in case you have any concerns or questions: u003ca href=\"mailto:premium@aleteia.org\"u003epremium@aleteia.orgu003c\/au003eu003c\/spanu003eu003c\/strongu003eu003c\/pu003en\",\"bottom_note_desktop\":\"\",\"cta_label\":\"I'd like to make a tax-free* donation.\",\"cta_label_2\":\"\",\"cta_link\":\" you would like to take advantage of your process to makeu003cbr \/u003ena tax-free donation to Aleteia, please click here:u003c\/pu003en\",\"fiscal_deduction_desktop\":\"\",\"message\":\"u003cpu003eu003cspan style=\"font-size: 23px\"u003eu003cstrongu003eThank you u003c\/strongu003eu003c\/spanu003eu003cbr \/u003enu003cspan style=\"font-size: 23px\"u003efor your support of Aleteia!u003c\/spanu003eu003c\/pu003enu003cp style=\"line-height: 19px\"u003eu003cemu003eu003cspan style=\"font-size: 14px\"u003eYou can start enjoying your Premium membership right away!u003c\/spanu003eu003c\/emu003eu003c\/pu003enu003cp style=\"line-height: 21px\"u003eu003cspan style=\"font-size: 14px;font-family: 'Roboto Condensed';color: #000000\"u003eInvite your friends and family members to become Aleteia Premium members!u003c\/spanu003eu003cbr \/u003enu003cspan style=\"font-size: 14px;font-family: 'Roboto Condensed';color: #000000\"u003eWith your help the little mustard seed of our online community will be able to grow and bear fruit. u003c\/spanu003eu003c\/pu003en\",\"message_desktop\":\"\",\"top_note\":\"u003cpu003eYour registration has been confirmedu003c\/pu003enu003cpu003eYou are an Aleteia Premium member!u003c\/pu003en\",\"top_note_desktop\":\"u003cpu003eThank youu003c\/pu003en\",\"payment_rejected\":\"bottom_note\":\"u003cpu003eu003cspan style=\"font-weight: 400;font-family: 'Roboto Condensed';font-size: 12px\"u003eSi le probl\u00e8me persiste, n\u2019h\u00e9sitez pas \u00e0 nous contacter \u00e0 l\u2019adresse suivante : premium@aleteia.orgu003c\/spanu003eu003c\/pu003en\",\"bottom_note_desktop\":\"u003cpu003eu003cspan style=\"font-weight: 400;font-family: 'Roboto Condensed';font-size: 12px\"u003eSi le probl\u00e8me persiste, n\u2019h\u00e9sitez pas \u00e0 nous contacter \u00e0 l\u2019adresse suivante : premium@aleteia.orgu003c\/spanu003eu003c\/pu003en\",\"cta_label\":\"Nouvelle tentative de paiement\",\"cta_label_2\":\"\",\"cta_link\":\"\/payment\/\",\"cta_link_2\":\"\",\"fiscal_deduction\":\"\",\"fiscal_deduction_desktop\":\"\",\"message\":\"u003cpu003eu003cspan style=\"font-size: 23px\"u003eu003cstrongu003eVotre paiement n\u2019a pas pu \u00eatre valid\u00e9.u003c\/strongu003eu003c\/spanu003eu003c\/pu003enu003ch1u003eu003cemu003eu003cspan style=\"font-weight: 400;font-size: 14px\"u003eSi vous le souhaitez, vous pouvez faire une nouvelle tentative en cliquant ci-dessous :u003c\/spanu003eu003c\/emu003eu003c\/h1u003en\",\"message_desktop\":\"u003cpu003eu003cspan style=\"font-size: 27px\"u003eu003cstrongu003eVotre paiement n\u2019a pas pu \u00eatre valid\u00e9.u003c\/strongu003eu003c\/spanu003eu003c\/pu003enu003ch1u003eu003cspan style=\"font-size: 16px\"u003eu003cemu003eu003cspan style=\"font-weight: 400\"u003eSi vous le souhaitez, vous pouvez faire une nouvelle tentativeu003cbr \/u003enen cliquant ci-dessous :u003c\/spanu003eu003c\/emu003eu003c\/spanu003eu003c\/h1u003en\",\"top_note\":\"u003cpu003eu003cemu003eu003cstrongu003eu003cspan style=\"color: #00214d\"u003eUne erreur s\u2019est produite.u003c\/spanu003eu003c\/strongu003eu003c\/emu003eu003c\/pu003en\",\"top_note_desktop\":\"u003cpu003eu003cspan style=\"font-size: 20px\"u003eu003cemu003eu003cstrongu003eu003cspan style=\"color: #00214d\"u003eUne erreur s\u2019est produite.u003c\/spanu003eu003c\/strongu003eu003c\/emu003eu003c\/spanu003eu003c\/pu003en\",\"plans\":[\"active\":\"1\",\"plan_duration\":\"monthly\",\"product\":\"FR_M_1_P\",\"product_label\":\"0,99 \u20ac par mois\",\"store\":\"apple\",\"active\":\"1\",\"plan_duration\":\"monthly\",\"product\":\"fr_m_1\",\"product_label\":\"0,99 \u20ac par mois\",\"store\":\"google\",\"active\":\"1\",\"plan_duration\":\"yearly\",\"product\":\"FR_A_10_P\",\"product_label\":\"9,99 \u20ac par an\",\"product_label_app\":\"9,99 \u20ac par an\",\"store\":\"apple\",\"active\":\"1\",\"plan_duration\":\"yearly\",\"product\":\"fr_a_10\",\"product_label\":\"9,99 \u20ac par an\",\"product_label_app\":\"9,99 \u20ac par an\",\"store\":\"google\",\"active\":\"1\",\"plan_duration\":\"monthly\",\"product\":\"FR_M_1_W\",\"product_label\":\"Yes! I'll join Aleteia Premium!\",\"product_label_app\":\"Yes! I'll join Aleteia Premium!\",\"store\":\"web\",\"stripe_id\":\"price_1IgWU6LrboGMNuFqdw2YVfl7\",\"active\":\"1\",\"plan_duration\":\"yearly\",\"product\":\"FR_A_10_W\",\"product_label\":\"10 \u20ac par an par ch\u00e8que ou carte bancaire*\",\"product_label_app\":\"10 \u20ac par an par ch\u00e8que ou carte bancaire*\",\"store\":\"web\",\"stripe_id\":\"price_1IpVQuLrboGMNuFqtA6LtJaO\"],\"single_post\":\"article_reserved\":\"u003cpu003eu003cstrongu003eu003cspan style=\"color: #00214d;font-size: 18px\"u003eThe following is reserved for Aleteia Premium membersu003c\/spanu003eu003c\/strongu003eu003c\/pu003en\",\"article_reserved_desktop\":\"u003cpu003eu003cstrongu003eu003cspan style=\"color: #00214d;font-size: 20px\"u003eThe following is reserved for Aleteia Premium membersu003c\/spanu003eu003c\/strongu003eu003c\/pu003en\",\"cta_label\":\"Yes, register me for Aleteia Premium for free!\",\"cta_link\":\"\/register\",\"subscriptions\":\"cta_after\":\"u003cpu003eThe information collected on this form is recorded by Aleteia to register you as a Premium member.u003c\/pu003enu003cpu003eYou can exercise your right to access and modify your personal data by contacting u003ca href=\"mailto:premium@aleteia.org\" style=\"color: #005cc8\"u003epremium@aleteia.orgu003c\/au003e.u003c\/pu003enu003cpu003eFor more information, please access the u003ca style=\"color: #005cc8\" href=\" for the protection of personal datau003c\/au003e.u003c\/pu003en\",\"cta_after_app\":\"u003cpu003eThe information collected on this form is recorded by Aleteia to register you as a Premium member.u003c\/pu003enu003cpu003eYou can exercise your right to access and modify your personal data by contacting u003ca style=\"color: #005cc8\" href=\"mailto:premium@aleteia.org\"u003epremium@aleteia.orgu003c\/au003e.u003c\/pu003enu003cpu003eFor more information, please access the u003ca href=\" for the protection of personal datau003c\/au003e.u003c\/pu003en\",\"cta_before\":\"u003cpu003eApr\u00e8s avoir accept\u00e9 les u003ca href=\" G\u00e9n\u00e9rales de Venteu003c\/uu003eu003c\/au003e et avoir pay\u00e9 le prix de ma commande, j'accepte express\u00e9ment d'acc\u00e9der \u00e0 la lecture du contenu que j'ai command\u00e9 et je renonce express\u00e9ment \u00e0 mon droit de r\u00e9tractation de 14 jours.u003c\/pu003en\",\"cta_before_app\":\"u003cpu003eVous pouvez acc\u00e9der aux conditions g\u00e9n\u00e9rales de vente en cliquant u003ca href=\"https:\/\/fr-staging.aleteia.org\/wp-content\/uploads\/sites\/6\/2021\/06\/conditions-generales-abonnement-aleteia.pdf\"u003eu003cuu003eICIu003c\/uu003eu003c\/au003eu003c\/pu003en\",\"title_list\":[\"title_name\":\"Father\",\"title_name\":\"Sister\",\"title_name\":\"Brother\",\"title_name\":\"Bishop\",\"title_name\":\"Monsignor\",\"title_name\":\"Deacon\",\"title_name\":\"Dr.\",\"title_name\":\"Prof.\",\"title_name\":\"Hon.\"],\"translations\":\"account_button\":\"My account\",\"addcomment_commentbutton\":\"Add a comment\",\"addcomment_subscriber\":\"Add a comment\",\"addcomment_writecomment\":\"Write a comment\",\"aleteia_premium_next_logo\":\"Aleteia Premium\",\"all_saints_disclaimer_1\":\"Aleteia Premium is u003cbu003e100% freeu003c\/bu003e.\",\"all_saints_submit\":\"Yes! I want to join Aleteia Premium!\",\"all_saints_title_1\":\"Join our Aleteia Premium Community [logo_premium]\",\"all_saints_title_2\":\"to share your prayer intentions\",\"already_subscribed\":\"Already a member?\",\"answer\":\"Reply\",\"article_reserved_subscribers\":null,\"back\":\"back\",\"become_premium_app\":\"Yes! I'll join Aleteia Premium!\",\"close\":\"close\",\"comment\":\"Comment\",\"comment_0\":\"Comments\",\"comments\":\"Comments\",\"comments_disclaimer_text_1\":\"NOTE: Please comment with a spirit of respect and charity. Aleteia reserves the right to not publish, or remove after publication, any comment, as we deem fit.\",\"comments_load_more_button\":\"See more\",\"comments_not_logged_already_member\":\"You are already a member?\",\"comments_not_logged_disclaimer_1\":\"Comment sections are exclusively for Aleteia Premium members\",\"comments_submit_button\":\"Publish the comment\",\"comments_textarea_placeholder\":\"Write a comment\",\"comments_view_more\":null,\"confirmation_top_note_row_1\":\"Your registration has been validated\",\"confirmation_top_note_row_2\":\"Welcome to Aleteia Premium!\",\"delete_my_account\":\"Delete my account\",\"donate_button\":\"Donate\",\"error_email_already_exists\":\"This email already exists\",\"error_email_invalid\":\"Invalid email\",\"error_emails_dont_match\":\"Email doesn't match\",\"error_empty_field\":null,\"error_password_too_short\":\"The password must be at least 8 characters\",\"error_passwords_dont_match\":\"The password doesn't match\",\"error_wrong_email\":\"The email does not match\",\"error_wrong_email_password\":\"wrong password\",\"error_wrong_password\":\"The password does not match\",\"field_optional\":\"Optional\",\"field_required\":\"Required\",\"following_advantges\":\"Discover all of these benefits:\",\"link_change_subscription\":\" in\",\"login_button_alt\":\"Log in\",\"login_form_email\":\"Email address\",\"login_form_password\":\"Password\",\"logout_button\":\"Log out\",\"modify_account_top_sentence\":null,\"modify_account_top_sentence_2_row\":null,\"multianswer\":\"%s Replies\",\"newsletter_checkbox_label\":null,\"next\":\"next\",\"or\":\"or\",\"partner_checkbox_label\":\"Yes, I would like to receive offers from Aleteia's partners\",\"prayer_intention_label\":\"Share my prayer intentions\",\"prayer_intention_label_row_2\":\"with Aleteia's partner monasteries.\",\"prayer_intention_link\":\" offers you\",\"premium_member\":\"Premium Member\",\"premium_subtitle\":\"This article is reserved for Aleteia Premium members\",\"premium_wall_text_1\":\"Already an Aleteia Premium member [logo_premium] ?\",\"premium_wall_text_10\":\"It's *FREE* and there's no commitment\",\"premium_wall_text_2\":\"to share your Prayer intentions\",\"premium_wall_text_3\":\"Not an Aleteia Premium member [logo_premium] ?\",\"premium_wall_text_4\":\"Become an Aleteia Premium member today!\",\"premium_wall_text_5\":\"You can cancel anytime\",\"premium_wall_text_6\":\"By becoming an Aleteia Premium member [logo_premium]\",\"premium_wall_text_7\":\"you join a community that promotes Christian values\",\"premium_wall_text_8\":\"Discover all of these benefits:\",\"premium_wall_text_9\":\"Log in\",\"profile_above_flags_optional\":\"You can change your choices now. Additional changes can be made at any time from your account management page.\",\"profile_add_list_desc\":\"You can choose which Aleteia newsletters you receive from the following list:\",\"profile_delete_list\":\"Remove\",\"profile_flag_not_subscribe_newsletter\":\"I do not wish to receive the daily newsletter\",\"profile_flag_not_subscribe_newsletter_imedia\":\"I do not wish to receive the newsletter \"The Vatican Letter\"\",\"profile_form_address\":\"Street Address\",\"profile_form_city\":\"City\",\"profile_form_confirm_email\":\"Confirm email\",\"profile_form_confirm_password\":\"Confirm Password\",\"profile_form_country\":\"Country\",\"profile_form_email\":\"Email address\",\"profile_form_name\":\"First Name\",\"profile_form_nickname\":\"Nickname (Optional)\",\"profile_form_notice\":null,\"profile_form_password\":\"Password\",\"profile_form_phone\":\"Telephone\",\"profile_form_postcode\":\"Zip code\",\"profile_form_surname\":\"Last Name\",\"profile_form_title_father\":\"Father\",\"profile_form_title_mr\":\"Mr.\",\"profile_form_title_ms\":\"Miss\/Mrs.\",\"profile_form_title_select_custom\":\"Other\",\"profile_form_title_sister\":\"Sister\",\"report\":\"Report\",\"save\":\"Submit\",\"subscribe_button\":\"Register\",\"subscribe_button_2ndrow\":\"(for FREE)\",\"subscribe_button_alt\":\"Become an Aleteia Premium member - for FREE!\",\"subscribe_button_alt_content\":null,\"subscription_breadcrumbs_confirmation\":\"Confirmation\",\"subscription_breadcrumbs_payment\":null,\"subscription_breadcrumbs_registration\":\"Your information\",\"support_christian_media\":\"Support media that promotes Christian values\",\"view_account_edit_confirm_new_email\":\"Confirm your new email\",\"view_account_edit_confirm_new_password\":\"Confirm new password\",\"view_account_edit_current_email\":\"Current e-mail address\",\"view_account_edit_current_password\":\"Current password\",\"view_account_edit_new_email\":\"New e-mail address\",\"view_account_edit_new_password\":\"New password\",\"view_account_edit_newsletter_checkbox_daily\":\"I do not wish to receive the daily newsletter\",\"view_account_edit_newsletter_checkbox_weekly_row_1\":null,\"view_account_edit_newsletter_checkbox_weekly_row_2\":null,\"view_account_edit_save\":\"Submit\",\"view_account_edit_section_email\":\"Your e-mail address\",\"view_account_edit_section_password\":\"Password\",\"view_account_edit_section_profile\":\"Your details\",\"view_account_edit_title\":\"Manage your information\",\"view_account_edit_title_newsletter_daily\":\"I do not wish to receive the daily newsletter\",\"view_account_edit_title_newsletter_weekly_1\":null,\"view_account_edit_title_newsletter_weekly_2\":null,\"view_account_nl_add_btn\":\"Add\",\"view_account_nl_select_list\":\"Select from the list\",\"view_account_nonldata\":\"Please be patient and allow a few moments for your changes to appear.\",\"view_account_not_subscribed\":null,\"view_account_on_trial\":null,\"view_account_restore_purchase\":null,\"view_account_save_prefs\":\"Save my preferences\",\"view_account_section_desc_newsletter\":\"To manage your newsletter subscritions, please contact us:\",\"view_account_section_desc_newsletter_2\":\"Your current subscriptions:\",\"view_account_section_desc_prayer_intentions\":\"\",\"view_account_section_desc_prayer_link\":\"\",\"view_account_section_desc_prayer_link_label\":\"\",\"view_account_section_desc_profile\":\"Access and manage all your account information.\",\"view_account_section_desc_subscription\":\"You are a member\",\"view_account_section_link_newsletter\":\"premium@aleteia.org\",\"view_account_section_link_profile\":\"Manage your data\",\"view_account_section_link_subscription\":\"Manage your membership\",\"view_account_section_title_newsletter\":\"Your newsletters\",\"view_account_section_title_profile\":\"Your information\",\"view_account_section_title_subscription\":\"Aleteia Premium\",\"view_account_subscribed\":\"Aleteia Premium Member\",\"view_account_title\":\"My account\",\"view_confirmation_continue_reading_button\":\"Continue reading\",\"view_login_already_subscribed\":\"Not an Aleteia Premium member? Register here - for FREE!\",\"view_login_forgot_password\":\"Forgot your password?\",\"view_login_remember_session\":\"Stay logged in\",\"view_login_submit_button\":\"Log in\",\"view_login_title\":\"Log in\",\"view_payment_card_cvc\":null,\"view_payment_card_expiration_date\":null,\"view_payment_card_number\":null,\"view_payment_contact_message\":null,\"view_payment_description\":null,\"view_payment_method\":null,\"view_payment_method_card\":null,\"view_payment_method_check\":null,\"view_payment_submit_button_monthly\":null,\"view_payment_submit_button_monthly_2\":\"Yes! I want the benefits of becoming an\",\"view_payment_submit_button_monthly_3\":\"Aleteia Premium member!\",\"view_payment_submit_button_monthly_4\":null,\"view_payment_submit_button_yearly\":null,\"view_payment_submit_button_yearly_2\":null,\"view_register_submit_button\":\"Submit\",\"view_reset_password_confirmation\":\"An email has been sent to your address to reset your password\",\"view_reset_password_submit_button\":\"Reset your password\",\"view_reset_password_title\":\"Reset your password\",\"viewcomment_writecomment\":\"Write a comment\",\"analytics\":\"pageviews\":\"googleTagManagerAnalytics\":true,\"ontheioAnalytics\":true,\"events\":\"googleTagManagerAnalytics\":true,\"googleTagManagerAnalytics\":\"containerId\":\"GTM-5897WKT\",\"router\":\"link\":\"\/2024\/05\/29\/prayer-journaling-as-a-way-to-help-you-find-god\/\",\"state\":,\"autoFetch\":true,\"ontheioAnalytics\":\"id\":\"LIIWj5ynD3B0\",\"promotions\":\"right_banners_ap_item_name\":\"donation\",\"right_banners_ap_promotion_name\":\"support_aleteia\",\"ap_item_name\":\"donation\",\"ap_promotion_name\":\"support_aleteia_patron\"}<\/script><script async src=\"\/\/www.instagram.com\/embed.js\"><\/script><\/p>\n<h2> \u00c9lever nos proches pri\u00e8res pour nos amis au Seigneur matin.<\/h2>\n<p>Cette derni\u00e8re phase de la pri\u00e8re du matin consiste \u00e0 prier pour nos amis, notre famille, nos connaissances et notre propre communaut\u00e9. Nous pouvons prier pour leur, leur bien-\u00eatre, leur s\u00fbret\u00e9, et leur prosp\u00e9rit\u00e9. Nous pouvons \u00e9galement prier pour nos adversaires et pour celles qui nous ont offens\u00e9s, et demander \u00e0 Dieu de nous aider \u00e0 leur propre pardonner et \u00e0 leur exprimer la compassion.<\/p>\n<h3> Prier pour la vigueur et la protection de nos \u00eatres chers.<\/h3>\n<p>Dieu tout-puissant, nous tous te confions nos amis, nos propres familles ainsi que nos amis. Veille, \u00d4 Dieu, sur eux, ainsi que prot\u00e8ge -les de tout risque et de toute maladie. Accorde, \u00d4 Seigneur, la bien-\u00eatre du corps ainsi que de l\u2019esprit pour eux, et aussi la paix au sein de leur c\u0153ur. Puisses-tu permettre ta guidance omnipotente les \u00e2mes prot\u00e8ge et les individus guide tout au long de cette journ\u00e9e, pour qu\u2019il puissent vivent dans une s\u00e9curit\u00e9 ainsi que la s\u00e9r\u00e9nit\u00e9.<\/p>\n<p>Nous te prions pareillement pour nos propres enfants, Seigneur, afin qu\u2019ils grandissent dans la foi avec dans l\u2019amour de ton sacr\u00e9 nom. Accorde, \u00f4 Dieu, la sagesse avec la vigueur n\u00e9cessaires pour faire face \u00e0 les d\u00e9fis de la vie, et conduise leurs pas sur le chemin de la v\u00e9rit\u00e9 et aussi de la justice.<\/p>\n<p>Enfin, nous te prions pour nos amis et aussi nos voisins, Seigneur, qu\u2019ils d\u00e9couvrent la joie de ton amour et la s\u00e9r\u00e9nit\u00e9 de ton pardon. Donne-leur, cher Dieu, de c\u0153urs pleins de g\u00e9n\u00e9rosit\u00e9 en vue de partager avec ceux qui dans le besoin, et mains ouvertes pour accueillir ceux qui seuls et aussi abandonn\u00e9s.<\/p>\n<h3> Prier pour nos ennemis et aussi ceux que nous autres ont offens\u00e9s. <\/h3>\n<p>Seigneur Dieu, J\u00e9sus, nous t\u2019 prions pour les n\u00f4tres ennemis et aussi pour ces qui sont nous-m\u00eames ont offens\u00e9s. Accorde-leur, \u00f4 J\u00e9sus, ta mis\u00e9ricorde et votre pardon, et ouvre leur c\u0153ur \u00e0 la lumi\u00e8re de ta v\u00e9rit\u00e9. Aide-nous, Seigneur Dieu, \u00e0 leur montrer de la compassion et \u00e0 leur pardonner comme tu nous autres as pardonn\u00e9. Que votre paix r\u00e8gne dans nos c\u0153urs ainsi que que ton amour guide les n\u00f4tres actions, pour que nous puissions vivre en harmonie avec tous ceux qui nous autres entourent.<\/p>\n<h3> Saisir la pri\u00e8re : <\/h3>\n<p>Finalement, la oraison nous rappelle notre mission en tant que enfants de Dieu : \u00eatre des t\u00e9moin de sa clart\u00e9 et de son amour dans l\u2019 \u00e8re en proie aux t\u00e9n\u00e8bres. \u00c0 travers nos discours et notre actes, nous diffusons le message de la tranquillit\u00e9 et de la r\u00e9conciliation, amenant l\u2019attente et la cicatrisation \u00e0 un milieu ab\u00eem\u00e9.<\/p>\n<p>\u00c0 l\u2019int\u00e9rieur de la spiritualit\u00e9 chr\u00e9tienne, le lever du jour porte l\u2019 valeur particuli\u00e8re, symbolisant le renouvellement et la reconstruction int\u00e9rieure. C\u2019est au lever du jour de chaque journ\u00e9e que l\u2019\u00e2me se oriente vers l\u2019\u00c9ternel dans la pri\u00e8re, recherchant \u00e0 \u00eatre \u00e9clair\u00e9e par la lumi\u00e8re surnaturelle. La coutume des pri\u00e8res matinales se r\u00e9v\u00e8le essentiellement enracin\u00e9e dans la tradition chr\u00e9tienne, fournissant une p\u00e9riode privil\u00e9gi\u00e9 pour \u00e9tablir une connexion avec le Seigneur et se pr\u00e9parer int\u00e9rieurement aux d\u00e9fis de la journ\u00e9e qui s\u2019annonce.<\/p>\n<p>En au c\u0153ur de ces pri\u00e8res matinales s\u2019 observe r\u00e9guli\u00e8rement une d\u00e9votion sp\u00e9ciale \u00e0 l\u2019\u00e9gard de Marie, la mam de J\u00e9sus et figure sainte v\u00e9n\u00e9r\u00e9e par de nombreux fid\u00e8les. En qualit\u00e9 d\u2019 intercesseur entre les hommes et Dieu, Marie reste invoqu\u00e9e pour m\u00e9dier pour nous, nous guidant sur le chemin vers la saintet\u00e9 et de la gr\u00e2ce divine. Ses pr\u00e9sentation maternelle donne r\u00e9confort et abri, cercant nos propres pri\u00e8res matinales d\u2019une d\u00e9licatesse c\u00e9leste.<\/p>\n<p>\u00c0 par les pri\u00e8res du matin, on se trouve convives pour nous unir \u00e0 Marie dans une approche pour purification individuelle. En m\u00e9ditant sur la vie et ses vertus, nous recherchons \u00e0 imiter son humilit\u00e9, sa puret\u00e9 et son ob\u00e9issance \u00e0 la volont\u00e9 de Dieu. Gr\u00e2ce \u00e0 la saintet\u00e9 mod\u00e8le, Marie est en nous un mod\u00e8le pour vie chr\u00e9tienne, on souvenant l\u2019importance de la pri\u00e8re ainsi que de la contemplation dans notre cheminement spirituel.<\/p>\n<p>Unissons nos voix dans la pri\u00e8re de debut de journ\u00e9e, dans l\u2019unit\u00e9 de notre foi, en nous tournant vers Marie, la m\u00e8re de notre Seigneur J\u00e9sus-Christ. Au sein de notre monde troubl\u00e9 par la guerre et la discorde, optons \u00e0 la pri\u00e8re pour trouver pour trouver la s\u00e9r\u00e9nit\u00e9 et la r\u00e9conciliation. Il est possible envoyer une intention de pri\u00e8re pour Marie <a target=\"_blank\" rel=\"nofollow\" href=\"https:\/\/editionsbussiere.com\/blog\/goto\/https:\/\/www.avemariasound.org\/\" >en faisant appel aux b\u00e9n\u00e9voles.<\/a> Que nos pri\u00e8res s\u2019\u00e9l\u00e8vent vers le ciel, comme un hommage re\u00e7u avec faveur \u00e0 Dieu, pour qu\u2019il guide \u00e9clairer nos chemins vers la voie de la justice et de la v\u00e9rit\u00e9. Saint Paul nous dans ses \u00e9p\u00eetres \u00e0 maintenir une pri\u00e8re incessante, en toutes circonstances, pour que notre communion \u00e0 Dieu reste solide et passionn\u00e9e. La pri\u00e8re, lorsqu\u2019elle est offerte sinc\u00e8rement, a la capacit\u00e9 pour changer nos c\u0153urs et de modifier le destin de l\u2019histoire.<\/p>\n<p>La r\u00e9citation du matin est donc un temps favoris\u00e9 afin de se consacrer vers Dieu avec l\u2019intercession de Marie, en lui sacrifiant nos louanges, nos actions de gr\u00e2ce et nos intentions les plus profondes. Au sein de la qui\u00e9tude de l\u2019aurore, on se trouve invit\u00e9s \u00e0 se tourner envers la m\u00e8re divine, laquelle on guide avec tendresse sur le chemin de la foi et l\u2019amour divin. En unissant notre voix \u00e0 celle du Marie, nous augmentons notre pri\u00e8res matinales \u00e0 le tr\u00f4ne du la gr\u00e2ce, assur\u00e9s que nos supplications seront entendues et accueillies aupr\u00e8s de le c\u0153ur mis\u00e9ricordieux de Dieu.<\/p>\n<h2> Pri\u00e8re envers le d\u00e9but de journ\u00e9e avec dieu et Marie la Vierge<\/h2>\n<p>\u00d4 Tout-Puissant et Mis\u00e9ricordieux Seigneur, en ce nouveau jour qui commence sous la clart\u00e9 de ta lumi\u00e8re c\u00e9leste, je viens \u00e0 toi avec confiance et humilit\u00e9. Que cette jour qui commence soit consacr\u00e9e \u00e0 ta saintet\u00e9, que chaque battement de mon c\u0153ur |chaque regard de mes yeux|chacune de mes paroles|chacun de mes gestes} te soit offert en offrande. Que chaque souffle de vie que tu m\u2019as donn\u00e9 soit un soupir de d\u00e9votion |un souffle vers toi|un souffle de vie en toi}. Priez, priez, priez, que nos \u00e2mes se confient, que nos esprits s\u2019\u00e9l\u00e8vent.<\/p>\n<p>Comme Marie, la m\u00e8re bienheureuse qui a port\u00e9 en son sein l\u2019enfant J\u00e9sus, accompagne-moi dans ce cheminement de foi et de d\u00e9votion. Que je puisse, par le biais de les pages de l\u2019\u00c9vangile, rencontrer la clart\u00e9 pour \u00e9clairer mes pas et fortifier ma foi. \u00c0 l\u2019instar de Pierre, octroie-moi la puissance et l\u2019audace d\u2019affronter les \u00e9preuves de ce monde avec une confiance absolue en ta providence.<\/p>\n<p>Au cours de ce temps de Car\u00eame, o\u00f9 les chr\u00e9tiens et les fid\u00e8les se pr\u00e9parent \u00e0 c\u00e9l\u00e9brer la r\u00e9surrection de notre Seigneur bien-aim\u00e9, accorde-moi, Seigneur, la gr\u00e2ce du r\u00e9veil spirituel. Que mon esprit soit purifi\u00e9 de tout ce qui le souille, afin qu\u2019il devienne un sanctuaire pour ta divinit\u00e9. Que mes suppliques, \u00e0 l\u2019image de Fran\u00e7ois d\u2019Assise, r\u00e9sonne comme une m\u00e9lodie de louanges \u00e0 travers les si\u00e8cles.<br \/>\nDieu Tout-Puissant, que mon quotidien soit impr\u00e9gn\u00e9 de ta b\u00e9n\u00e9diction, que chacun des instants soit une occasion de entrer en communion avec toi et de te servir dans mes fr\u00e8res et s\u0153urs. Que mon chemin soit un t\u00e9moignage vivant de ta tendresse infinie pour l\u2019humanit\u00e9. Puissent les pri\u00e8res de Hozana monter vers toi comme un doux parfum, enveloppant chaque instant de ma journ\u00e9e dans une atmosph\u00e8re de s\u00e9r\u00e9nit\u00e9. Priez, \u00c9glise, Fran\u00e7ois, Hozana.<\/p>\n<p>Que mon c\u0153ur, \u00d4 Seigneur, devienne une manifestation du tien, rempli d\u2019amour, de compassion et de mis\u00e9ricorde envers les autres. Que chacune de mes pens\u00e9es et de mes actions soit dirig\u00e9e par le Saint-Esprit, afin que je puisse contribuer \u00e0 l\u2019av\u00e8nement de ton r\u00e8gne de justice sur cette terre.<\/p>\n<p>Puissent cette journ\u00e9e devienne une nouvelle \u00e9tape dans mon cheminement spirituel, un moment de grandir dans la foi. Seigneur, prends possession de mon c\u0153ur, transforme-le en ton sanctuaire, o\u00f9 ta pr\u00e9sence se manifeste en tout temps. Que chacun de mes battements de c\u0153ur devienne un chant en ton honneur, Seigneur, pour toujours. Amen.<\/p>\n<p>Dans l\u2019\u00e9veil spirituel de chaque \u00e2me chr\u00e9tienne, l\u2019oraison est essentielle. Celle-ci constitue la connexion \u00e9troite entre le fid\u00e8le de Dieu et sa m\u00e8re c\u00e9leste, la Sainte M\u00e8re, qui supplie pour nous en face de son divin Fils. \u00c0 travers la pri\u00e8re, nous nous introduisons dans la lumi\u00e8re de la parole de Dieu, guid\u00e9s par le Saint-Esprit, pour trouver la r\u00e9alit\u00e9 et la b\u00e9n\u00e9diction que J\u00e9sus nous dispense.<\/p>\n<h2>M\u00e9ditation de la divine Parole du Seigneur : <\/h2>\n<p>On pouvons contempler au sujet de un extrait biblique qui nous enseigne de l\u2019amour divin. \u00c0 titre illustratif :<\/p>\n<h3>1 Corinthiens 13, 1-8 : <\/h3>\n<p>\u00a0\u00bb<br \/>\nL\u2019amour est patient, il est plein de bont\u00e9; l\u2019amour n\u2019est point envieux; l\u2019amour ne se vante point, il ne s\u2019enfle point d\u2019orgueil, il ne fait rien de malhonn\u00eate, il ne cherche point son int\u00e9r\u00eat, il ne s\u2019irrite point, il ne soup\u00e7onne point le mal, il ne se r\u00e9jouit point de l\u2019injustice, mais il se r\u00e9jouit de la v\u00e9rit\u00e9; il supporte tout, il croit tout, il esp\u00e8re tout, il endure tout.<br \/>\nL\u2019amour ne p\u00e9rit jamais; mais, les proph\u00e9ties, elles seront abolies; les langues, elles cesseront; la connaissance, elle sera abolie.\u00a0\u00bb<\/p>\n<p>A lire sur un propos proche:<\/p>\n<p>Rational (Durand de Mende)\/Volume 5\/Septi\u00e8me livre\/Chapitre 09.,<a target=\"_blank\" rel=\"nofollow\" href=\"https:\/\/editionsbussiere.com\/blog\/goto\/https:\/\/fr.wikisource.org\/wiki\/Rational_(Durand_de_Mende)\/Volume_5\/Septi%C3%A8me_livre\/Chapitre_09\"  target=\"_blank\" rel=\"noopener noreferrer nofollow\">L\u2019article ICI.<\/a><span><\/span><\/p>\n<p>Livre de pri\u00e8res, 1852\/Pri\u00e8res diverses (vie).,<a target=\"_blank\" rel=\"nofollow\" href=\"https:\/\/editionsbussiere.com\/blog\/goto\/https:\/\/fr.wikisource.org\/wiki\/Livre_de_pri%C3%A8res,_1852\/Pri%C3%A8res_diverses_(vie)\"  target=\"_blank\" rel=\"noopener noreferrer nofollow\">L\u2019article de presse.<\/a><span><\/span><\/p>\n<p>Les P\u00e8res de l\u2019\u00c9glise\/Tome 3\/Livre III\/Chapitre XXI.,<a target=\"_blank\" rel=\"nofollow\" href=\"https:\/\/editionsbussiere.com\/blog\/goto\/https:\/\/fr.wikisource.org\/wiki\/Les_P%C3%A8res_de_l%E2%80%99%C3%89glise\/Tome_3\/Livre_III\/Chapitre_XXI\"  target=\"_blank\" rel=\"noopener noreferrer nofollow\">L\u2019article ICI.<\/a><span><\/span><\/p>\n<p>Le Serviteur\/3\/10.,<a target=\"_blank\" rel=\"nofollow\" href=\"https:\/\/editionsbussiere.com\/blog\/goto\/https:\/\/fr.wikisource.org\/wiki\/Le_Serviteur\/3\/10\"  target=\"_blank\" rel=\"noopener noreferrer nofollow\">L\u2019article de presse.<\/a><span><\/span><\/p>\n<p>Histoire des \u00e9glises et chapelles de Lyon\/B\u00e9chevelin.,<a target=\"_blank\" rel=\"nofollow\" href=\"https:\/\/editionsbussiere.com\/blog\/goto\/https:\/\/fr.wikisource.org\/wiki\/Histoire_des_%C3%A9glises_et_chapelles_de_Lyon\/B%C3%A9chevelin\"  target=\"_blank\" rel=\"noopener noreferrer nofollow\">Article complet.<\/a><span><\/span><\/p>\n<p>Des Fleurs de bonne volont\u00e9\/Dimanches (Oh ! ce piano).,<a target=\"_blank\" rel=\"nofollow\" href=\"https:\/\/editionsbussiere.com\/blog\/goto\/https:\/\/fr.wikisource.org\/wiki\/Des_Fleurs_de_bonne_volont%C3%A9\/Dimanches_(Oh_!_ce_piano)\"  target=\"_blank\" rel=\"noopener noreferrer nofollow\">A lire ici.<\/a><span><\/span>. Suite sur le prochain article.<\/p>\n<\/div>\n<p><img decoding=\"async\" class=\"wpe_imgrss\" src=\"https:\/\/editionsbussiere.com\/blog\/wp-content\/uploads\/2024\/05\/Un-journal-de-priere-comme-moyen-de-vous-aider-a.jpg\">Cet article a \u00e9t\u00e9 reconstitu\u00e9 du mieux possible. Dans l\u2019hypoth\u00e8se o\u00f9 vous souhaitez apporter quelques modifications concernant le th\u00e8me \u00ab\u00a0Editions \u00e9sot\u00e9rique fond\u00e9e en 1927\u00a0\u00bb, il est possible de discuter avec notre r\u00e9daction. Vous pouvez tirer profit de cet article traitant le sujet \u00ab\u00a0Editions \u00e9sot\u00e9rique fond\u00e9e en 1927\u00a0\u00bb. Il est concoct\u00e9 par l\u2019\u00e9quipe editionsbussiere.com. Le site editionsbussiere.com est fait pour cr\u00e9er divers posts autour du th\u00e8me Editions \u00e9sot\u00e9rique fond\u00e9e en 1927 d\u00e9velopp\u00e9es sur internet. Consultez notre site internet editionsbussiere.com et nos r\u00e9seaux sociaux pour \u00eatre au courant des futures annonces.<\/p>\n","protected":false},"excerpt":{"rendered":"<p>Vous avez du mal \u00e0 percevoir le Seigneur dans votre vie quotidienne ? Un journal de pri\u00e8re est un excellent moyen de vous aider \u00e0 ouvrir votre c\u0153ur \u00e0 Dieu et \u00e0 entamer un dialogue avec Lui. Est-ce que Dieu me parle ? Si c&rsquo;est le cas, je ne peux pas l&rsquo;entendre.Pourquoi Dieu ne r\u00e9pond-il [&hellip;]<\/p>\n","protected":false},"author":3,"featured_media":693,"comment_status":"closed","ping_status":"closed","sticky":false,"template":"","format":"standard","meta":{"footnotes":""},"categories":[3],"tags":[],"class_list":["post-692","post","type-post","status-publish","format-standard","has-post-thumbnail","hentry","category-editions-esoterique-fondee-en-1927-depeches","entry","fw-tab-6 fw-tabr-4","has-featured-image"],"yoast_head":"<!-- This site is optimized with the Yoast SEO plugin v27.5 - https:\/\/yoast.com\/product\/yoast-seo-wordpress\/ -->\n<title>Un journal de pri\u00e8re comme moyen de vous aider \u00e0 trouver Dieu avec une pri\u00e8re en d\u00e9but de journ\u00e9e. - EDITIONSBUSSIERE<\/title>\n<meta name=\"robots\" content=\"index, follow, max-snippet:-1, max-image-preview:large, max-video-preview:-1\" \/>\n<link rel=\"canonical\" href=\"https:\/\/editionsbussiere.com\/blog\/un-journal-de-priere-comme-moyen-de-vous-aider-a-trouver-dieu-avec-une-priere-en-debut-de-journee\/\" \/>\n<meta property=\"og:locale\" content=\"fr_FR\" \/>\n<meta property=\"og:type\" content=\"article\" \/>\n<meta property=\"og:title\" content=\"Un journal de pri\u00e8re comme moyen de vous aider \u00e0 trouver Dieu avec une pri\u00e8re en d\u00e9but de journ\u00e9e. - EDITIONSBUSSIERE\" \/>\n<meta property=\"og:description\" content=\"Vous avez du mal \u00e0 percevoir le Seigneur dans votre vie quotidienne ? Un journal de pri\u00e8re est un excellent moyen de vous aider \u00e0 ouvrir votre c\u0153ur \u00e0 Dieu et \u00e0 entamer un dialogue avec Lui. Est-ce que Dieu me parle ? Si c&rsquo;est le cas, je ne peux pas l&rsquo;entendre.Pourquoi Dieu ne r\u00e9pond-il [&hellip;]\" \/>\n<meta property=\"og:url\" content=\"https:\/\/editionsbussiere.com\/blog\/un-journal-de-priere-comme-moyen-de-vous-aider-a-trouver-dieu-avec-une-priere-en-debut-de-journee\/\" \/>\n<meta property=\"og:site_name\" content=\"EDITIONSBUSSIERE\" \/>\n<meta property=\"article:published_time\" content=\"2024-05-30T01:17:55+00:00\" \/>\n<meta property=\"og:image\" content=\"https:\/\/editionsbussiere.com\/blog\/wp-content\/uploads\/2024\/05\/Un-journal-de-priere-comme-moyen-de-vous-aider-a.jpg\" \/>\n<meta name=\"author\" content=\"Marie BATICLE\" \/>\n<meta name=\"twitter:card\" content=\"summary_large_image\" \/>\n<meta name=\"twitter:label1\" content=\"\u00c9crit par\" \/>\n\t<meta name=\"twitter:data1\" content=\"Marie BATICLE\" \/>\n\t<meta name=\"twitter:label2\" content=\"Dur\u00e9e de lecture estim\u00e9e\" \/>\n\t<meta name=\"twitter:data2\" content=\"15 minutes\" \/>\n<script type=\"application\/ld+json\" class=\"yoast-schema-graph\">{\"@context\":\"https:\\\/\\\/schema.org\",\"@graph\":[{\"@type\":\"Article\",\"@id\":\"https:\\\/\\\/editionsbussiere.com\\\/blog\\\/un-journal-de-priere-comme-moyen-de-vous-aider-a-trouver-dieu-avec-une-priere-en-debut-de-journee\\\/#article\",\"isPartOf\":{\"@id\":\"https:\\\/\\\/editionsbussiere.com\\\/blog\\\/un-journal-de-priere-comme-moyen-de-vous-aider-a-trouver-dieu-avec-une-priere-en-debut-de-journee\\\/\"},\"author\":{\"name\":\"Marie BATICLE\",\"@id\":\"https:\\\/\\\/editionsbussiere.com\\\/blog\\\/#\\\/schema\\\/person\\\/ec90e102792148c97e46ab871010dd8f\"},\"headline\":\"Un journal de pri\u00e8re comme moyen de vous aider \u00e0 trouver Dieu avec une pri\u00e8re en d\u00e9but de journ\u00e9e.\",\"datePublished\":\"2024-05-30T01:17:55+00:00\",\"mainEntityOfPage\":{\"@id\":\"https:\\\/\\\/editionsbussiere.com\\\/blog\\\/un-journal-de-priere-comme-moyen-de-vous-aider-a-trouver-dieu-avec-une-priere-en-debut-de-journee\\\/\"},\"wordCount\":2971,\"publisher\":{\"@id\":\"https:\\\/\\\/editionsbussiere.com\\\/blog\\\/#organization\"},\"image\":{\"@id\":\"https:\\\/\\\/editionsbussiere.com\\\/blog\\\/un-journal-de-priere-comme-moyen-de-vous-aider-a-trouver-dieu-avec-une-priere-en-debut-de-journee\\\/#primaryimage\"},\"thumbnailUrl\":\"https:\\\/\\\/editionsbussiere.com\\\/blog\\\/wp-content\\\/uploads\\\/2024\\\/05\\\/Un-journal-de-priere-comme-moyen-de-vous-aider-a.jpg\",\"articleSection\":[\"Editions \u00c9sot\u00e9rique Fond\u00e9e En 1927; D\u00e9p\u00e8ches:\"],\"inLanguage\":\"fr-FR\"},{\"@type\":\"WebPage\",\"@id\":\"https:\\\/\\\/editionsbussiere.com\\\/blog\\\/un-journal-de-priere-comme-moyen-de-vous-aider-a-trouver-dieu-avec-une-priere-en-debut-de-journee\\\/\",\"url\":\"https:\\\/\\\/editionsbussiere.com\\\/blog\\\/un-journal-de-priere-comme-moyen-de-vous-aider-a-trouver-dieu-avec-une-priere-en-debut-de-journee\\\/\",\"name\":\"Un journal de pri\u00e8re comme moyen de vous aider \u00e0 trouver Dieu avec une pri\u00e8re en d\u00e9but de journ\u00e9e. - EDITIONSBUSSIERE\",\"isPartOf\":{\"@id\":\"https:\\\/\\\/editionsbussiere.com\\\/blog\\\/#website\"},\"primaryImageOfPage\":{\"@id\":\"https:\\\/\\\/editionsbussiere.com\\\/blog\\\/un-journal-de-priere-comme-moyen-de-vous-aider-a-trouver-dieu-avec-une-priere-en-debut-de-journee\\\/#primaryimage\"},\"image\":{\"@id\":\"https:\\\/\\\/editionsbussiere.com\\\/blog\\\/un-journal-de-priere-comme-moyen-de-vous-aider-a-trouver-dieu-avec-une-priere-en-debut-de-journee\\\/#primaryimage\"},\"thumbnailUrl\":\"https:\\\/\\\/editionsbussiere.com\\\/blog\\\/wp-content\\\/uploads\\\/2024\\\/05\\\/Un-journal-de-priere-comme-moyen-de-vous-aider-a.jpg\",\"datePublished\":\"2024-05-30T01:17:55+00:00\",\"breadcrumb\":{\"@id\":\"https:\\\/\\\/editionsbussiere.com\\\/blog\\\/un-journal-de-priere-comme-moyen-de-vous-aider-a-trouver-dieu-avec-une-priere-en-debut-de-journee\\\/#breadcrumb\"},\"inLanguage\":\"fr-FR\",\"potentialAction\":[{\"@type\":\"ReadAction\",\"target\":[\"https:\\\/\\\/editionsbussiere.com\\\/blog\\\/un-journal-de-priere-comme-moyen-de-vous-aider-a-trouver-dieu-avec-une-priere-en-debut-de-journee\\\/\"]}]},{\"@type\":\"ImageObject\",\"inLanguage\":\"fr-FR\",\"@id\":\"https:\\\/\\\/editionsbussiere.com\\\/blog\\\/un-journal-de-priere-comme-moyen-de-vous-aider-a-trouver-dieu-avec-une-priere-en-debut-de-journee\\\/#primaryimage\",\"url\":\"https:\\\/\\\/editionsbussiere.com\\\/blog\\\/wp-content\\\/uploads\\\/2024\\\/05\\\/Un-journal-de-priere-comme-moyen-de-vous-aider-a.jpg\",\"contentUrl\":\"https:\\\/\\\/editionsbussiere.com\\\/blog\\\/wp-content\\\/uploads\\\/2024\\\/05\\\/Un-journal-de-priere-comme-moyen-de-vous-aider-a.jpg\",\"width\":620,\"height\":310,\"caption\":\"Un journal de priere comme moyen de vous aider a\"},{\"@type\":\"BreadcrumbList\",\"@id\":\"https:\\\/\\\/editionsbussiere.com\\\/blog\\\/un-journal-de-priere-comme-moyen-de-vous-aider-a-trouver-dieu-avec-une-priere-en-debut-de-journee\\\/#breadcrumb\",\"itemListElement\":[{\"@type\":\"ListItem\",\"position\":1,\"name\":\"Accueil\",\"item\":\"https:\\\/\\\/editionsbussiere.com\\\/blog\\\/\"},{\"@type\":\"ListItem\",\"position\":2,\"name\":\"Un journal de pri\u00e8re comme moyen de vous aider \u00e0 trouver Dieu avec une pri\u00e8re en d\u00e9but de journ\u00e9e.\"}]},{\"@type\":\"WebSite\",\"@id\":\"https:\\\/\\\/editionsbussiere.com\\\/blog\\\/#website\",\"url\":\"https:\\\/\\\/editionsbussiere.com\\\/blog\\\/\",\"name\":\"EDITIONSBUSSIERE\",\"description\":\"Editions \u00e9sot\u00e9rique fond\u00e9e en 1927; site historique, A SAVOIR ET RETENIR.\",\"publisher\":{\"@id\":\"https:\\\/\\\/editionsbussiere.com\\\/blog\\\/#organization\"},\"potentialAction\":[{\"@type\":\"SearchAction\",\"target\":{\"@type\":\"EntryPoint\",\"urlTemplate\":\"https:\\\/\\\/editionsbussiere.com\\\/blog\\\/?s={search_term_string}\"},\"query-input\":{\"@type\":\"PropertyValueSpecification\",\"valueRequired\":true,\"valueName\":\"search_term_string\"}}],\"inLanguage\":\"fr-FR\"},{\"@type\":\"Organization\",\"@id\":\"https:\\\/\\\/editionsbussiere.com\\\/blog\\\/#organization\",\"name\":\"editionsbussiere\",\"url\":\"https:\\\/\\\/editionsbussiere.com\\\/blog\\\/\",\"logo\":{\"@type\":\"ImageObject\",\"inLanguage\":\"fr-FR\",\"@id\":\"https:\\\/\\\/editionsbussiere.com\\\/blog\\\/#\\\/schema\\\/logo\\\/image\\\/\",\"url\":\"https:\\\/\\\/editionsbussiere.com\\\/blog\\\/wp-content\\\/uploads\\\/2023\\\/09\\\/cropped-buss.gif\",\"contentUrl\":\"https:\\\/\\\/editionsbussiere.com\\\/blog\\\/wp-content\\\/uploads\\\/2023\\\/09\\\/cropped-buss.gif\",\"width\":298,\"height\":120,\"caption\":\"editionsbussiere\"},\"image\":{\"@id\":\"https:\\\/\\\/editionsbussiere.com\\\/blog\\\/#\\\/schema\\\/logo\\\/image\\\/\"}},{\"@type\":\"Person\",\"@id\":\"https:\\\/\\\/editionsbussiere.com\\\/blog\\\/#\\\/schema\\\/person\\\/ec90e102792148c97e46ab871010dd8f\",\"name\":\"Marie BATICLE\",\"image\":{\"@type\":\"ImageObject\",\"inLanguage\":\"fr-FR\",\"@id\":\"https:\\\/\\\/secure.gravatar.com\\\/avatar\\\/c923e52403b1b8137e2d929127211d21967e6aecaa053bd43b09da29f212e76e?s=96&d=mm&r=g\",\"url\":\"https:\\\/\\\/secure.gravatar.com\\\/avatar\\\/c923e52403b1b8137e2d929127211d21967e6aecaa053bd43b09da29f212e76e?s=96&d=mm&r=g\",\"contentUrl\":\"https:\\\/\\\/secure.gravatar.com\\\/avatar\\\/c923e52403b1b8137e2d929127211d21967e6aecaa053bd43b09da29f212e76e?s=96&d=mm&r=g\",\"caption\":\"Marie BATICLE\"},\"url\":\"https:\\\/\\\/editionsbussiere.com\\\/blog\\\/author\\\/eremarie\\\/\"}]}<\/script>\n<!-- \/ Yoast SEO plugin. -->","yoast_head_json":{"title":"Un journal de pri\u00e8re comme moyen de vous aider \u00e0 trouver Dieu avec une pri\u00e8re en d\u00e9but de journ\u00e9e. - EDITIONSBUSSIERE","robots":{"index":"index","follow":"follow","max-snippet":"max-snippet:-1","max-image-preview":"max-image-preview:large","max-video-preview":"max-video-preview:-1"},"canonical":"https:\/\/editionsbussiere.com\/blog\/un-journal-de-priere-comme-moyen-de-vous-aider-a-trouver-dieu-avec-une-priere-en-debut-de-journee\/","og_locale":"fr_FR","og_type":"article","og_title":"Un journal de pri\u00e8re comme moyen de vous aider \u00e0 trouver Dieu avec une pri\u00e8re en d\u00e9but de journ\u00e9e. - EDITIONSBUSSIERE","og_description":"Vous avez du mal \u00e0 percevoir le Seigneur dans votre vie quotidienne ? Un journal de pri\u00e8re est un excellent moyen de vous aider \u00e0 ouvrir votre c\u0153ur \u00e0 Dieu et \u00e0 entamer un dialogue avec Lui. Est-ce que Dieu me parle ? Si c&rsquo;est le cas, je ne peux pas l&rsquo;entendre.Pourquoi Dieu ne r\u00e9pond-il [&hellip;]","og_url":"https:\/\/editionsbussiere.com\/blog\/un-journal-de-priere-comme-moyen-de-vous-aider-a-trouver-dieu-avec-une-priere-en-debut-de-journee\/","og_site_name":"EDITIONSBUSSIERE","article_published_time":"2024-05-30T01:17:55+00:00","og_image":[{"url":"https:\/\/editionsbussiere.com\/blog\/wp-content\/uploads\/2024\/05\/Un-journal-de-priere-comme-moyen-de-vous-aider-a.jpg","type":"","width":"","height":""}],"author":"Marie BATICLE","twitter_card":"summary_large_image","twitter_misc":{"\u00c9crit par":"Marie BATICLE","Dur\u00e9e de lecture estim\u00e9e":"15 minutes"},"schema":{"@context":"https:\/\/schema.org","@graph":[{"@type":"Article","@id":"https:\/\/editionsbussiere.com\/blog\/un-journal-de-priere-comme-moyen-de-vous-aider-a-trouver-dieu-avec-une-priere-en-debut-de-journee\/#article","isPartOf":{"@id":"https:\/\/editionsbussiere.com\/blog\/un-journal-de-priere-comme-moyen-de-vous-aider-a-trouver-dieu-avec-une-priere-en-debut-de-journee\/"},"author":{"name":"Marie BATICLE","@id":"https:\/\/editionsbussiere.com\/blog\/#\/schema\/person\/ec90e102792148c97e46ab871010dd8f"},"headline":"Un journal de pri\u00e8re comme moyen de vous aider \u00e0 trouver Dieu avec une pri\u00e8re en d\u00e9but de journ\u00e9e.","datePublished":"2024-05-30T01:17:55+00:00","mainEntityOfPage":{"@id":"https:\/\/editionsbussiere.com\/blog\/un-journal-de-priere-comme-moyen-de-vous-aider-a-trouver-dieu-avec-une-priere-en-debut-de-journee\/"},"wordCount":2971,"publisher":{"@id":"https:\/\/editionsbussiere.com\/blog\/#organization"},"image":{"@id":"https:\/\/editionsbussiere.com\/blog\/un-journal-de-priere-comme-moyen-de-vous-aider-a-trouver-dieu-avec-une-priere-en-debut-de-journee\/#primaryimage"},"thumbnailUrl":"https:\/\/editionsbussiere.com\/blog\/wp-content\/uploads\/2024\/05\/Un-journal-de-priere-comme-moyen-de-vous-aider-a.jpg","articleSection":["Editions \u00c9sot\u00e9rique Fond\u00e9e En 1927; D\u00e9p\u00e8ches:"],"inLanguage":"fr-FR"},{"@type":"WebPage","@id":"https:\/\/editionsbussiere.com\/blog\/un-journal-de-priere-comme-moyen-de-vous-aider-a-trouver-dieu-avec-une-priere-en-debut-de-journee\/","url":"https:\/\/editionsbussiere.com\/blog\/un-journal-de-priere-comme-moyen-de-vous-aider-a-trouver-dieu-avec-une-priere-en-debut-de-journee\/","name":"Un journal de pri\u00e8re comme moyen de vous aider \u00e0 trouver Dieu avec une pri\u00e8re en d\u00e9but de journ\u00e9e. - EDITIONSBUSSIERE","isPartOf":{"@id":"https:\/\/editionsbussiere.com\/blog\/#website"},"primaryImageOfPage":{"@id":"https:\/\/editionsbussiere.com\/blog\/un-journal-de-priere-comme-moyen-de-vous-aider-a-trouver-dieu-avec-une-priere-en-debut-de-journee\/#primaryimage"},"image":{"@id":"https:\/\/editionsbussiere.com\/blog\/un-journal-de-priere-comme-moyen-de-vous-aider-a-trouver-dieu-avec-une-priere-en-debut-de-journee\/#primaryimage"},"thumbnailUrl":"https:\/\/editionsbussiere.com\/blog\/wp-content\/uploads\/2024\/05\/Un-journal-de-priere-comme-moyen-de-vous-aider-a.jpg","datePublished":"2024-05-30T01:17:55+00:00","breadcrumb":{"@id":"https:\/\/editionsbussiere.com\/blog\/un-journal-de-priere-comme-moyen-de-vous-aider-a-trouver-dieu-avec-une-priere-en-debut-de-journee\/#breadcrumb"},"inLanguage":"fr-FR","potentialAction":[{"@type":"ReadAction","target":["https:\/\/editionsbussiere.com\/blog\/un-journal-de-priere-comme-moyen-de-vous-aider-a-trouver-dieu-avec-une-priere-en-debut-de-journee\/"]}]},{"@type":"ImageObject","inLanguage":"fr-FR","@id":"https:\/\/editionsbussiere.com\/blog\/un-journal-de-priere-comme-moyen-de-vous-aider-a-trouver-dieu-avec-une-priere-en-debut-de-journee\/#primaryimage","url":"https:\/\/editionsbussiere.com\/blog\/wp-content\/uploads\/2024\/05\/Un-journal-de-priere-comme-moyen-de-vous-aider-a.jpg","contentUrl":"https:\/\/editionsbussiere.com\/blog\/wp-content\/uploads\/2024\/05\/Un-journal-de-priere-comme-moyen-de-vous-aider-a.jpg","width":620,"height":310,"caption":"Un journal de priere comme moyen de vous aider a"},{"@type":"BreadcrumbList","@id":"https:\/\/editionsbussiere.com\/blog\/un-journal-de-priere-comme-moyen-de-vous-aider-a-trouver-dieu-avec-une-priere-en-debut-de-journee\/#breadcrumb","itemListElement":[{"@type":"ListItem","position":1,"name":"Accueil","item":"https:\/\/editionsbussiere.com\/blog\/"},{"@type":"ListItem","position":2,"name":"Un journal de pri\u00e8re comme moyen de vous aider \u00e0 trouver Dieu avec une pri\u00e8re en d\u00e9but de journ\u00e9e."}]},{"@type":"WebSite","@id":"https:\/\/editionsbussiere.com\/blog\/#website","url":"https:\/\/editionsbussiere.com\/blog\/","name":"EDITIONSBUSSIERE","description":"Editions \u00e9sot\u00e9rique fond\u00e9e en 1927; site historique, A SAVOIR ET RETENIR.","publisher":{"@id":"https:\/\/editionsbussiere.com\/blog\/#organization"},"potentialAction":[{"@type":"SearchAction","target":{"@type":"EntryPoint","urlTemplate":"https:\/\/editionsbussiere.com\/blog\/?s={search_term_string}"},"query-input":{"@type":"PropertyValueSpecification","valueRequired":true,"valueName":"search_term_string"}}],"inLanguage":"fr-FR"},{"@type":"Organization","@id":"https:\/\/editionsbussiere.com\/blog\/#organization","name":"editionsbussiere","url":"https:\/\/editionsbussiere.com\/blog\/","logo":{"@type":"ImageObject","inLanguage":"fr-FR","@id":"https:\/\/editionsbussiere.com\/blog\/#\/schema\/logo\/image\/","url":"https:\/\/editionsbussiere.com\/blog\/wp-content\/uploads\/2023\/09\/cropped-buss.gif","contentUrl":"https:\/\/editionsbussiere.com\/blog\/wp-content\/uploads\/2023\/09\/cropped-buss.gif","width":298,"height":120,"caption":"editionsbussiere"},"image":{"@id":"https:\/\/editionsbussiere.com\/blog\/#\/schema\/logo\/image\/"}},{"@type":"Person","@id":"https:\/\/editionsbussiere.com\/blog\/#\/schema\/person\/ec90e102792148c97e46ab871010dd8f","name":"Marie BATICLE","image":{"@type":"ImageObject","inLanguage":"fr-FR","@id":"https:\/\/secure.gravatar.com\/avatar\/c923e52403b1b8137e2d929127211d21967e6aecaa053bd43b09da29f212e76e?s=96&d=mm&r=g","url":"https:\/\/secure.gravatar.com\/avatar\/c923e52403b1b8137e2d929127211d21967e6aecaa053bd43b09da29f212e76e?s=96&d=mm&r=g","contentUrl":"https:\/\/secure.gravatar.com\/avatar\/c923e52403b1b8137e2d929127211d21967e6aecaa053bd43b09da29f212e76e?s=96&d=mm&r=g","caption":"Marie BATICLE"},"url":"https:\/\/editionsbussiere.com\/blog\/author\/eremarie\/"}]}},"_links":{"self":[{"href":"https:\/\/editionsbussiere.com\/blog\/wp-json\/wp\/v2\/posts\/692","targetHints":{"allow":["GET"]}}],"collection":[{"href":"https:\/\/editionsbussiere.com\/blog\/wp-json\/wp\/v2\/posts"}],"about":[{"href":"https:\/\/editionsbussiere.com\/blog\/wp-json\/wp\/v2\/types\/post"}],"author":[{"embeddable":true,"href":"https:\/\/editionsbussiere.com\/blog\/wp-json\/wp\/v2\/users\/3"}],"replies":[{"embeddable":true,"href":"https:\/\/editionsbussiere.com\/blog\/wp-json\/wp\/v2\/comments?post=692"}],"version-history":[{"count":0,"href":"https:\/\/editionsbussiere.com\/blog\/wp-json\/wp\/v2\/posts\/692\/revisions"}],"wp:featuredmedia":[{"embeddable":true,"href":"https:\/\/editionsbussiere.com\/blog\/wp-json\/wp\/v2\/media\/693"}],"wp:attachment":[{"href":"https:\/\/editionsbussiere.com\/blog\/wp-json\/wp\/v2\/media?parent=692"}],"wp:term":[{"taxonomy":"category","embeddable":true,"href":"https:\/\/editionsbussiere.com\/blog\/wp-json\/wp\/v2\/categories?post=692"},{"taxonomy":"post_tag","embeddable":true,"href":"https:\/\/editionsbussiere.com\/blog\/wp-json\/wp\/v2\/tags?post=692"}],"curies":[{"name":"wp","href":"https:\/\/api.w.org\/{rel}","templated":true}]}}