{"id":672,"date":"2024-05-28T18:03:46","date_gmt":"2024-05-28T16:03:46","guid":{"rendered":"https:\/\/editionsbussiere.com\/blog\/comment-le-notre-pere-peut-nous-conduire-a-la-volonte-de-dieu-pour-notre-vie-et-invocation-matinale\/"},"modified":"2024-05-28T18:03:46","modified_gmt":"2024-05-28T16:03:46","slug":"comment-le-notre-pere-peut-nous-conduire-a-la-volonte-de-dieu-pour-notre-vie-et-invocation-matinale","status":"publish","type":"post","link":"https:\/\/editionsbussiere.com\/blog\/comment-le-notre-pere-peut-nous-conduire-a-la-volonte-de-dieu-pour-notre-vie-et-invocation-matinale\/","title":{"rendered":"Comment le Notre P\u00e8re peut nous conduire \u00e0 la volont\u00e9 de Dieu pour notre vie\n et invocation matinale."},"content":{"rendered":"<div><img width=\"580\" height=\"290\" src=\"https:\/\/editionsbussiere.com\/blog\/wp-content\/uploads\/2024\/05\/Comment-la-priere-doit-animer-chaque-instant-de-notre-journee.jpg\" class=\"attachment-large size-large wp-post-image\" alt=\"Comment la pri\u00e8re doit animer chaque instant de notre journ\u00e9e\" style=\"float:left; margin:0 15px 15px 0;\" decoding=\"async\" srcset=\"https:\/\/editionsbussiere.com\/blog\/wp-content\/uploads\/2024\/05\/Comment-la-priere-doit-animer-chaque-instant-de-notre-journee.jpg 620w, https:\/\/www.n42.fr\/wp-content\/uploads\/2024\/03\/Comment-la-priere-doit-animer-chaque-instant-de-notre-journee-300x150.jpg 300w\" sizes=\"(max-width: 580px) 100vw, 580px\"><\/p>\n<p>\n<\/p>\n<div id=\"\"><span class=\"subtitle\">Lorsque nous prions le Notre P\u00e8re lentement et d\u00e9lib\u00e9r\u00e9ment, nous pouvons ouvrir notre c\u0153ur \u00e0 la volont\u00e9 de Dieu, en priant pour que \u00ab que ta volont\u00e9 soit faite \u00bb.<\/span><\/p>\n<p>Il peut \u00eatre tentant pour nous de prier le Notre P\u00e8re rapidement et sans aucun sens.  On nous a probablement appris cette pri\u00e8re d\u00e8s notre plus jeune \u00e2ge et nous la r\u00e9citons chaque fois que nous allons \u00e0 la messe.<\/p>\n<p>Le Notre P\u00e8re nous est familier et cette familiarit\u00e9 peut souvent conduire \u00e0 la monotonie, o\u00f9 nous ne remarquons m\u00eame pas ce que nous disons.<\/p>\n<\/p>\n<h2>Ta volont\u00e9 soit faite<\/h2>\n<p>Cach\u00e9e bien en vue dans le Notre P\u00e8re se trouve une pri\u00e8re pour que la volont\u00e9 de Dieu soit faite dans nos vies.  C&rsquo;est une pri\u00e8re qui comporte plusieurs niveaux, et <strong>l&rsquo;une de ces couches comprend un assentiment \u00e0 la volont\u00e9 de Dieu.<\/strong><\/p>\n<p>Le <em>Cat\u00e9chisme de l&rsquo;\u00c9glise catholique<\/em> explique cet aspect de la pri\u00e8re du Notre P\u00e8re dans sa section sur la pri\u00e8re :<\/p>\n<blockquote class=\"wp-block-quote is-layout-flow wp-block-quote-is-layout-flow\">\n<p>\u00ab Bien qu&rsquo;il f\u00fbt un Fils, [Jesus] a appris l\u2019ob\u00e9issance \u00e0 travers ce qu\u2019il a souffert.  Combien de raisons suppl\u00e9mentaires ont <strong>nous, cr\u00e9atures p\u00e9cheresses, devons apprendre l&rsquo;ob\u00e9issance <\/strong>\u2013 nous qui en lui sommes devenus enfants d\u2019adoption.  Nous demandons \u00e0 notre P\u00e8re <strong>d&rsquo;unir notre volont\u00e9 \u00e0 celle de son Fils<\/strong>, afin d&rsquo;accomplir sa volont\u00e9, son plan de salut pour la vie du monde.  Nous en sommes radicalement incapables, mais unis \u00e0 J\u00e9sus et \u00e0 la puissance de son Esprit Saint, <strong>nous pouvons lui abandonner notre volont\u00e9 et d\u00e9cider de choisir ce que son Fils a toujours choisi : faire ce qui pla\u00eet au P\u00e8re.<\/strong><\/p>\n<p><cite>CCC 2825<\/cite><\/p>\n<\/blockquote>\n<p>Saint Jean Chrysostome est cit\u00e9 pour r\u00e9it\u00e9rer ce point selon lequel J\u00e9sus nous ouvre la voie et nous montre comment \u00eatre ouverts \u00e0 la volont\u00e9 du P\u00e8re :<\/p>\n<blockquote class=\"wp-block-quote is-layout-flow wp-block-quote-is-layout-flow\">\n<p><strong>Consid\u00e9rez comment J\u00e9sus-Christ nous enseigne \u00e0 \u00eatre humbles<\/strong>, en nous faisant voir que notre vertu ne d\u00e9pend pas seulement de notre \u0153uvre mais de la gr\u00e2ce d&rsquo;en haut.  Il commande \u00e0 chacun des fid\u00e8les qui prient de le faire universellement, pour le monde entier.  Car il n&rsquo;a pas dit : \u00ab ta volont\u00e9 soit faite en moi ou en nous \u00bb, mais \u00ab sur la terre \u00bb, la terre enti\u00e8re, afin que l&rsquo;erreur en soit bannie, que la v\u00e9rit\u00e9 y prenne racine, que tous les vices y soient d\u00e9truits, que la vertu y soit d\u00e9truite. y prosp\u00e9rer, et la terre ne diff\u00e8re plus du ciel.<\/p>\n<\/blockquote>\n<p>La cl\u00e9 est d\u2019\u00e9couter Dieu et d\u2019entendre sa voix pour que notre pri\u00e8re lors du Notre P\u00e8re soit authentique :<\/p>\n<blockquote class=\"wp-block-quote is-layout-flow wp-block-quote-is-layout-flow\">\n<p>Par la pri\u00e8re, nous pouvons discerner <strong>\u00abquelle est la volont\u00e9 de Dieu\u00bb et obtenez l&rsquo;endurance pour le faire. <\/strong>J\u00e9sus nous enseigne qu\u2019on entre dans le royaume des cieux non pas en pronon\u00e7ant des paroles, mais en faisant \u00ab la volont\u00e9 de mon P\u00e8re qui est aux cieux \u00bb.<\/p>\n<p><cite>CCC 2826<\/cite><\/p>\n<\/blockquote>\n<p>La prochaine fois que vous prierez le Notre P\u00e8re, essayez de le faire lentement et priez de tout votre c\u0153ur pour que \u00ab Que ta volont\u00e9 soit faite ! \u00bb<\/p>\n<div data-category=\"Spirituality\" data-category-english=\"spirituality\" class=\"wp-block-aleteia-read-also read-also\">\n<figure><\/figure>\n<\/div>\n<div data-category=\"Spirituality\" data-category-english=\"spirituality\" class=\"wp-block-aleteia-read-also read-also\">\n<figure><\/figure>\n<\/div>\n<\/div>\n<p><script data-rh=\"true\">\n            window.addEventListener('load', function () \n                !function (f, b, e, v, n, t, s) \n                    if (f.fbq) return;\n                    n = f.fbq = function () \n                        n.callMethod ?\n                            n.callMethod.apply(n, arguments) : n.queue.push(arguments)\n                    ;\n                    if (!f._fbq) f._fbq = n;\n                    n.push = n;\n                    n.loaded = !0;\n                    n.version = '2.0';\n                    n.queue = [];\n                    t = b.createElement(e);\n                    t.defer = true;\n                    t.src = v;\n                    s = b.getElementsByTagName(e)[0];\n                    s.parentNode.insertBefore(t, s)\n                (window, document, 'script',\n                    '\n                fbq('init', '1064056854112873');\n                fbq('track', 'PageView');\n            );\n\t\t<\/script><script id=\"__FRONTITY_CONNECT_STATE__\" type=\"application\/json\">{\"source\":{\"data\":{\"@layout\/\":\"isFetching\":false,\"isReady\":true,\"route\":\"@layout\/\",\"link\":\"@layout\/\",\"query\":,\"page\":1,\"@premium-content\/\":\"isFetching\":false,\"isReady\":true,\"route\":\"@premium-content\/\",\"link\":\"@premium-content\/\",\"query\":,\"page\":1,\"isPremiumContent\":true,\"\/2024\/05\/28\/how-the-our-father-can-lead-us-to-gods-will-for-our-lives\/\":{\"isFetching\":false,\"isReady\":true,\"route\":\"\/2024\/05\/28\/how-the-our-father-can-lead-us-to-gods-will-for-our-lives\/\",\"link\":\"\/2024\/05\/28\/how-the-our-father-can-lead-us-to-gods-will-for-our-lives\/\",\"query\":,\"page\":1,\"id\":805729,\"type\":\"post\",\"isPostType\":true,\"isPost\":true,\"commentsOpen\":true,\"isSponsored\":false,\"isSponsoredWithAds\":true,\"isPhotoOfTheDay\":false,\"isDailyWisdom\":false,\"body\":{\"simple\":false,\"id\":805729,\"related\":[],\"content\":\"u003cspan class=\"subtitle\"u003eWhen we pray the Our Father slowly and deliberately, we can open our hearts to God's will, praying that \"Thy will be done.\"u003c\/spanu003eu003cpu003eIt can be tempting for us to pray the Lordu0026#8217;s Prayer quickly and without any meaning. We were likely taught this prayer at an early age and recite it every time we go to Mass.u003c\/pu003enu003cpu003eThe Our Father is familiar to us and that familiarity can often lead to monotony, where we donu0026#8217;t even notice what we are saying.u003c\/pu003enu003cdiv class=\"wp-block-aleteia-heading3\"u003enu003ch2u003eThy will be doneu003c\/h2u003enu003c\/pu003eu003c\/divu003enu003cpu003eHidden in plain sight in the Our Father is a prayer that Godu0026#8217;s will be done in our lives. It is prayer that has many layers to it, and u003cstrongu003eone of those layers includes an assent to Godu0026#8217;s will.u003c\/strongu003eu003c\/pu003enu003cpu003eThe u003cemu003eu003ca href=\" target=\"_blank\" rel=\"noopener\" title=\"\"u003eCatechism of the Catholic Churchu003c\/au003eu003c\/emu003e explains this aspect of the Lordu0026#8217;s Prayer in its section on prayer:u003c\/pu003enu003cblockquote class=\"wp-block-quote is-layout-flow wp-block-quote-is-layout-flow\"u003enu003cpu003eu0026#8220;Although he was a Son, [Jesus] learned obedience through what he suffered.u0026#8221; How much more reason have u003cstrongu003ewe sinful creatures to learn obedience u003c\/strongu003eu0026#8211; we who in him have become children of adoption. We ask our Father u003cstrongu003eto unite our will to his Sonu0026#8217;su003c\/strongu003e, in order to fulfill his will, his plan of salvation for the life of the world. We are radically incapable of this, but united with Jesus and with the power of his Holy Spirit, u003cstrongu003ewe can surrender our will to him and decide to choose what his Son has always chosen: to do what is pleasing to the Father.u003c\/strongu003eu003c\/pu003enu003cciteu003eCCC 2825u003c\/citeu003eu003c\/blockquoteu003enu003cdiv id='aleteia-welcome'u003eu003c\/divu003enu003cpu003eSt. John Chrysostom is quoted to reiterate this point that Jesus paves the way for us and shows us how to be open to the Fatheru0026#8217;s will:u003c\/pu003enu003cblockquote class=\"wp-block-quote is-layout-flow wp-block-quote-is-layout-flow\"u003enu003cpu003eu003cstrongu003eConsider how Jesus Christ teaches us to be humbleu003c\/strongu003e, by making us see that our virtue does not depend on our work alone but on grace from on high. He commands each of the faithful who prays to do so universally, for the whole world. For he did not say u0026#8220;thy will be done in me or in us,u0026#8221; but u0026#8220;on earth,u0026#8221; the whole earth, so that error may be banished from it, truth take root in it, all vice be destroyed on it, virtue flourish on it, and earth no longer differ from heaven.u003c\/pu003enu003c\/blockquoteu003enu003cpu003eThe key is to listen to God and to hear his voice so that our prayer during the Our Father is authentic:u003c\/pu003enu003cblockquote class=\"wp-block-quote is-layout-flow wp-block-quote-is-layout-flow\"u003enu003cpu003eBy prayer we can discern u003cstrongu003eu0026#8220;what is the will of Godu0026#8221; and obtain the endurance to do it. u003c\/strongu003eJesus teaches us that one enters the kingdom of heaven not by speaking words, but by doing u0026#8220;the will of my Father in heaven.u0026#8221;u003c\/pu003enu003cciteu003eCCC 2826u003c\/citeu003eu003c\/blockquoteu003enu003cpu003eThe next time you pray the Our Father, try to do so slowly and pray with your whole heart that u0026#8220;Thy will be done!u0026#8221;u003c\/pu003entu003cdiv data-category=\"Spirituality\" data-category-english=\"spirituality\" class=\"wp-block-aleteia-read-also read-also\"u003enttu003cfigureu003entttu003cimgnttttsrc=\" \/u003enttu003c\/figureu003enttu003cdiv class=\"read-also-inner\"u003entttu003cemu003eRead more:u003c\/emu003eu003ca href=\" for help discerning Godu0026#8217;s will in your lifeu003c\/au003enttu003c\/divu003entu003c\/divu003etu003cdiv data-category=\"Spirituality\" data-category-english=\"spirituality\" class=\"wp-block-aleteia-read-also read-also\"u003enttu003cfigureu003entttu003cimgnttttsrc=\" \/u003enttu003c\/figureu003enttu003cdiv class=\"read-also-inner\"u003entttu003cemu003eRead more:u003c\/emu003eu003ca href=\" will u0026#8230; is actually what fulfills usu003c\/au003enttu003c\/divu003entu003c\/divu003e\",\"rawcontent\":\"u003c!-- wp:aleteia\/subtitle \/--u003ennu003c!-- wp:paragraph --u003enu003cpu003eIt can be tempting for us to pray the Lord's Prayer quickly and without any meaning. We were likely taught this prayer at an early age and recite it every time we go to Mass.u003c\/pu003enu003c!-- \/wp:paragraph --u003ennu003c!-- wp:paragraph --u003enu003cpu003eThe Our Father is familiar to us and that familiarity can often lead to monotony, where we don't even notice what we are saying.u003c\/pu003enu003c!-- \/wp:paragraph --u003ennu003c!-- wp:aleteia\/heading3 \"content\":\"Thy will be done\" --u003enu003ch3u003eThy will be doneu003c\/h3u003enu003c!-- \/wp:aleteia\/heading3 --u003ennu003c!-- wp:paragraph --u003enu003cpu003eHidden in plain sight in the Our Father is a prayer that God's will be done in our lives. It is prayer that has many layers to it, and u003cstrongu003eone of those layers includes an assent to God's will.u003c\/strongu003eu003c\/pu003enu003c!-- \/wp:paragraph --u003ennu003c!-- wp:paragraph --u003enu003cpu003eThe u003cemu003eu003ca href=\" target=\"_blank\" rel=\"noopener\" title=\"\"u003eCatechism of the Catholic Churchu003c\/au003eu003c\/emu003e explains this aspect of the Lord's Prayer in its section on prayer:u003c\/pu003enu003c!-- \/wp:paragraph --u003ennu003c!-- wp:quote --u003enu003cblockquote class=\"wp-block-quote\"u003eu003c!-- wp:paragraph --u003enu003cpu003e\"Although he was a Son, [Jesus] learned obedience through what he suffered.\" How much more reason have u003cstrongu003ewe sinful creatures to learn obedience u003c\/strongu003e- we who in him have become children of adoption. We ask our Father u003cstrongu003eto unite our will to his Son'su003c\/strongu003e, in order to fulfill his will, his plan of salvation for the life of the world. We are radically incapable of this, but united with Jesus and with the power of his Holy Spirit, u003cstrongu003ewe can surrender our will to him and decide to choose what his Son has always chosen: to do what is pleasing to the Father.u003c\/strongu003eu003c\/pu003enu003c!-- \/wp:paragraph --u003eu003cciteu003eCCC 2825u003c\/citeu003eu003c\/blockquoteu003enu003c!-- \/wp:quote --u003ennu003c!-- wp:paragraph --u003enu003cpu003eSt. John Chrysostom is quoted to reiterate this point that Jesus paves the way for us and shows us how to be open to the Father's will:u003c\/pu003enu003c!-- \/wp:paragraph --u003ennu003c!-- wp:quote --u003enu003cblockquote class=\"wp-block-quote\"u003eu003c!-- wp:paragraph --u003enu003cpu003eu003cstrongu003eConsider how Jesus Christ teaches us to be humbleu003c\/strongu003e, by making us see that our virtue does not depend on our work alone but on grace from on high. He commands each of the faithful who prays to do so universally, for the whole world. For he did not say \"thy will be done in me or in us,\" but \"on earth,\" the whole earth, so that error may be banished from it, truth take root in it, all vice be destroyed on it, virtue flourish on it, and earth no longer differ from heaven.u003c\/pu003enu003c!-- \/wp:paragraph --u003eu003c\/blockquoteu003enu003c!-- \/wp:quote --u003ennu003c!-- wp:paragraph --u003enu003cpu003eThe key is to listen to God and to hear his voice so that our prayer during the Our Father is authentic:u003c\/pu003enu003c!-- \/wp:paragraph --u003ennu003c!-- wp:quote --u003enu003cblockquote class=\"wp-block-quote\"u003eu003c!-- wp:paragraph --u003enu003cpu003eBy prayer we can discern u003cstrongu003e\"what is the will of God\" and obtain the endurance to do it. u003c\/strongu003eJesus teaches us that one enters the kingdom of heaven not by speaking words, but by doing \"the will of my Father in heaven.\"u003c\/pu003enu003c!-- \/wp:paragraph --u003eu003cciteu003eCCC 2826u003c\/citeu003eu003c\/blockquoteu003enu003c!-- \/wp:quote --u003ennu003c!-- wp:paragraph --u003enu003cpu003eThe next time you pray the Our Father, try to do so slowly and pray with your whole heart that \"Thy will be done!\"u003c\/pu003enu003c!-- \/wp:paragraph --u003ennu003c!-- wp:aleteia\/read-also {\"link\":\" for help discerning God\\u0026#8217;s will in your life\",\"image\":\" --u003enu003cdiv class=\"read-also\"u003eu003ca href=\" for help discerning Godu0026#8217;s will in your lifeu003c\/au003eu003c\/divu003enu003c!-- \/wp:aleteia\/read-also --u003ennu003c!-- wp:aleteia\/read-also {\"link\":\" will \\u0026#8230; is actually what fulfills us\",\"image\":\" --u003enu003cdiv class=\"read-also\"u003eu003ca href=\" will u0026#8230; is actually what fulfills usu003c\/au003eu003c\/divu003enu003c!-- \/wp:aleteia\/read-also --u003e\",\"pages\":1,\"language\":\"en\",\"galleries\":[],\"video\":false,\"title\":\"How the Our Father can lead us to God\u2019s will for our lives\",\"subheading\":\"When we pray the Our Father slowly and deliberately, we can open our hearts to God's will, praying that \"Thy will be done.\"\",\"author\":\"Philip Kosloski\",\"author_2\":\"\",\"authors_obj\":[\"ID\":\"1243\",\"link\":\" Kosloski graduated from the University of Saint Thomas in Minnesota with a bachelor's degree in philosophy and Catholic studies and a master's degree in theology from the Augustine Institute. He is currently a spirituality writer for Aleteia.org and has been featured on such places as The Huffington Post, Crisis Magazine, The Catholic Herald, Catholic Exchange, National Catholic Register and EWTN Radio.\",\"twitter\":\"PhilipKosloski\",\"facebook\":\"philipkosloski\",\"subtitle\":\"\",\"title_guest_author\":\"\",\"thumb\":\" Kosloski\",\"hreflangs\":\"en\":\" at prayer\",\"copyright\":\"Kmpzzz ,\"link\":\"\/2024\/05\/28\/how-the-our-father-can-lead-us-to-gods-will-for-our-lives\/\",\"category_obj\":\"link\":\" 0, 31, 77, 1 )\",\"term_id\":1494,\"category\":\"Spirituality\",\"category_slug\":\"spirituality\",\"category_id\":1494,\"category_color\":\"#001F4D\",\"parent_category\":\"Spirituality\",\"published\":1716886800,\"published_datalayer\":\"2024.05.28\",\"article_modified_date\":\"\",\"article_modified\":false,\"published_formatted\":\"published on 05\/28\/24\",\"tags\":\"CCC Prayer, Jesus Christ, Prayer\",\"firsttag\":\"Prayer\",\"tags_items\":[\"term_id\":423718055,\"name\":\"CCC Prayer\",\"link\":\" Christ\",\"link\":\" Department\",\"settings\":\"disable_slideshow_cta\":\"\",\"template_customizations\":\"\",\"post_appearance_setting\":\"no_drop_caps\":false,\"hide_from_tops\":false,\"hide_date\":false,\"hide_post\":false,\"hide_post_in_newsletter\":false,\"ads_disabled\":false,\"inread_ads_disabled\":false,\"custom_inread_position_enabled\":false,\"custom_inread_position\":\"2\",\"test_pixel_enabled\":false,\"test_pixel_position\":\"\",\"exclude_banner_article\":false,\"div_moneytags_position\":\"\",\"hide_promotional_box\":false,\"original_article\":\"is_original\":\"1\",\"url\":\"\",\"edition\":\"en\",\"gtm\":\"page_type\":\"\",\"page_type_2\":\"\",\"category_name\":\"spirituality\",\"article_subcategory\":\"Spirituality\",\"article_type\":\"article\",\"cd\":\"dimension1\":\"Philip Kosloski\",\"dimension2\":\"Spirituality\",\"dimension3\":\"1716886800\",\"dimension4\":\"en\",\"dimension5\":\"\",\"dimension6\":\"article\",\"dimension7\":\"2024.05.28\",\"dimension8\":\"CCC Prayer, Jesus Christ, Prayer\",\"dimension9\":\"When we pray the Our Father slowly and deliberately, we can open our hearts to God's will, praying that \"Thy will be done.\"\",\"dimension10\":\"805729\",\"dimension11\":\"CCC Prayer\",\"dimension12\":\"web\",\"dimension13\":\"\",\"dimension17\":\"Spirituality Department\",\"dimension14\":\"Spirituality\",\"photo_of_the_day\":false,\"daily_wisdom\":false,\"word_count\":753,\"shortcodes\":[],\"sponsoredSettings\":,\"isSponsored\":false,\"custom_skin_settings\":\"slot\":\"custom-skin\",\"library\":\"theme.Skin\",\"skin_default_article\":\"1\",\"hide_from_layout_endpoint\":\"1\",\"props\":\"id\":\"custom-skid-ad\",\"unit\":\"64500793\/EN_DESK_ARTICLE_SKIN_1x1\",\"collapse_empty_divs\":false,\"premium_ads\":false,\"bids\":\"\",\"nexxx360_id\":\"\",\"size\":[],\"adjacent_posts\":\"next_post\":\"link\":\" Article \",\"prev_post\":\"link\":\" Article \",\"close_comments\":false,\"premium_content\":\"\",\"trunked_content\":\"u003ch2 class=\"subtitle\"u003eWhen we pray the Our Father slowly and deliberately, we can open our hearts to God's will, praying that \"Thy will be done.\"u003c\/h2u003enu003cpu003eIt can be tempting for us to pray the Lord's Prayer quickly and without any meaning. We were likely taught this prayer at an early age and recite it every time we go to Mass.u003c\/pu003ennu003cpu003eThe Our Father is familiar to us and that familiarity can often lead to monotony, where we don't even notice what we are saying.u003c\/pu003en\",\"typeform_embed_code\":\"\",\"rightcolumn\":{\"items\":[\"type\":\"right-column-banner\",\"data\":\"enabled\":\"1\",\"image\":\"full\":\"https:\/\/wp.en.aleteia.org\/wp-content\/uploads\/sites\/2\/2024\/04\/Aleteia-Pilgrimage-300x250-1.png\",\"url\":\"https:\/\/wp.en.aleteia.org\/wp-content\/uploads\/sites\/2\/2024\/04\/Aleteia-Pilgrimage-300x250-1.png?w=300u0026h=250u0026crop=1\",\"thumb\":\"https:\/\/wp.en.aleteia.org\/wp-content\/uploads\/sites\/2\/2024\/04\/Aleteia-Pilgrimage-300x250-1.png?w=300u0026h=250u0026crop=1\",\"thumb_big\":\"https:\/\/wp.en.aleteia.org\/wp-content\/uploads\/sites\/2\/2024\/04\/Aleteia-Pilgrimage-300x250-1.png?w=300u0026h=250u0026crop=1\",\"uncropped\":\"https:\/\/wp.en.aleteia.org\/wp-content\/uploads\/sites\/2\/2024\/04\/Aleteia-Pilgrimage-300x250-1.png?w=300\",\"medium\":\"https:\/\/wp.en.aleteia.org\/wp-content\/uploads\/sites\/2\/2024\/04\/Aleteia-Pilgrimage-300x250-1.png?w=300u0026h=230u0026crop=1\",\"small\":\"https:\/\/wp.en.aleteia.org\/wp-content\/uploads\/sites\/2\/2024\/04\/Aleteia-Pilgrimage-300x250-1.png?w=220u0026h=110u0026crop=1\",\"credits\":\"title\":\"Aleteia-Pilgrimage-300u0026#215;250-1.png\",\"copyright\":\"\",\"link\":\"\",\"caption\":\"\",\"alt\":\"Aleteia-Pilgrimage-300u0026#215;250-1.png\",\"link\":\"https:\/\/aleteia.org\/2024\/04\/02\/join-aleteia-in-2024-for-four-spectacular-pilgrimages\/?utm_source=Aleteiau0026utm_medium=banners\",\"geolinks\":[],\"add_target_blank\":\"1\",\"enabled_only_home\":false,\"disabled_only_home\":false,\"image_logged_in\":798152,\"link_logged_in\":\"https:\/\/aleteia.org\/2024\/04\/02\/join-aleteia-in-2024-for-four-spectacular-pilgrimages\/?utm_source=Aleteiau0026utm_medium=banners\",\"add_cd\":\"1\",\"disable_in_app\":false,\"ap_item_name\":\"donation\",\"ap_promotion_name\":\"support_aleteia\",\"image_loggedin\":\"full\":\"https:\/\/wp.en.aleteia.org\/wp-content\/uploads\/sites\/2\/2024\/04\/Aleteia-Pilgrimage-300x250-1.png\",\"url\":\"https:\/\/wp.en.aleteia.org\/wp-content\/uploads\/sites\/2\/2024\/04\/Aleteia-Pilgrimage-300x250-1.png?w=300u0026h=250u0026crop=1\",\"thumb\":\"https:\/\/wp.en.aleteia.org\/wp-content\/uploads\/sites\/2\/2024\/04\/Aleteia-Pilgrimage-300x250-1.png?w=300u0026h=250u0026crop=1\",\"thumb_big\":\"https:\/\/wp.en.aleteia.org\/wp-content\/uploads\/sites\/2\/2024\/04\/Aleteia-Pilgrimage-300x250-1.png?w=300u0026h=250u0026crop=1\",\"uncropped\":\"https:\/\/wp.en.aleteia.org\/wp-content\/uploads\/sites\/2\/2024\/04\/Aleteia-Pilgrimage-300x250-1.png?w=300\",\"medium\":\"https:\/\/wp.en.aleteia.org\/wp-content\/uploads\/sites\/2\/2024\/04\/Aleteia-Pilgrimage-300x250-1.png?w=300u0026h=230u0026crop=1\",\"small\":\"https:\/\/wp.en.aleteia.org\/wp-content\/uploads\/sites\/2\/2024\/04\/Aleteia-Pilgrimage-300x250-1.png?w=220u0026h=110u0026crop=1\",\"credits\":\"title\":\"Aleteia-Pilgrimage-300u0026#215;250-1.png\",\"copyright\":\"\",\"link\":\"\",\"caption\":\"\",\"alt\":\"Aleteia-Pilgrimage-300u0026#215;250-1.png\",\"link_loggedin\":\"http:\/\/u0026#038;cd1=Philip%20Kosloskiu0026#038;cd14=Spirituality\",\"type\":\"daily-prayer-menu\",\"data\":\"title\":\"Daily prayer\",\"fotd\":\"Feast of the day\",\"prayer\":\"ID\":803739,\"published\":1716854442,\"daily_prayer\":\"Daily Prayer\",\"today_we_celebrate\":\"And today we celebrate...\",\"contents\":\"saint\":\"Saint of the Day: Bl. John Shert\",\"saint_info\":\"Martyred English Priest\",\"saint_bio\":\"u003cpu003eu0026nbsp;u003c\/pu003enu003cpu003ePriest and Martyr (d. 1582)u003c\/pu003enu003cpu003eu003cstrongu003eHis lifeu003c\/strongu003eu003c\/pu003enu003cpu003e+ John Shert was born in Cheshire, England, and educated at Oxford.u003c\/pu003enu003cpu003e+ After receiving his degree, he worked as a schoolmaster in London.u003c\/pu003enu003cdiv id='aleteia-welcome'u003eu003c\/divu003eu003cpu003e+ Inspired by the example of other priests serving England\u2019s persecuted Catholic community, John traveled to France and began his studies for the priesthood at Douai; he was ordained a priest in Rome.u003c\/pu003enu003cpu003e+ John served in the English missions from 1579 to July 14, 1581, when he was arrested on suspicion of his being involved in a fictitious plot against the Queen (now known as the \u201cRome and Rheims Plot\u201d).u003c\/pu003enu003cpu003e+ Although there was little evidence brought forward at his trial, he was condemned to be executed on the same days as two other English priests: Blessed Thomas Ford and Blessed Robert Johnson (who are also honored on this day).u003c\/pu003enu003cpu003e+ As he watched the disemboweling of Blessed Thomas, John called out, \u201cO blessed soul, happy art though; pray for me!\u201du003c\/pu003enu003cpu003e+ Given one final opportunity to save himself, John was asked if he would affirm Queen Elizabeth\u2019s status as head of the Church in England, he answered, \u201cShe is not nor cannot be, nor any other, but only the supreme pastor.\u201du003c\/pu003enu003cpu003e+ Blessed John Shert, Blessed Thomas Ford, and Blessed Robert Johnson were beatified with other English martyrs in 1886.u003c\/pu003enu003cpu003eu003cstrongu003eFor prayer and reflectionu003c\/strongu003eu003c\/pu003enu003cpu003e\u201cThe Martyrs fixed their eyes on heaven, and cried out in their torments: Come, Lord, be with us in this hour, alleluia.\u201d\u2014From Morning Prayer for the Common of Several Martyrsu003c\/pu003enu003cpu003eu003cstrongu003ePrayeru003c\/strongu003eu003c\/pu003enu003cpu003eAlmighty and merciful God, who brought your Martyr blessed N. to overcome the torments of his (her) passion, grant that we, who celebrate the day of his (her) triumph, may remain invincible under your protection against the snares of the enemy. Through our Lord Jesus Christ, your Son, who lives and reigns with you in the unity of the Holy Spirit, God, for ever and ever. Amen.u003c\/pu003enu003cpu003e(from The Liturgy of the Hours: Common of One Martyr\u2014During the Easter Season)u003cbr \/u003enu003cemu003eSaint profiles prepared by Brother Silas Henderson, S.D.S.u003c\/emu003eu003c\/pu003en\",\"saint_url\":\"\",\"total_pages\":1,\"magnificat_link\":\" our archives of daily saint biographies here\",\"prayer_link\":\" Sedmakova ,\"contents_items\":[\"title\":\"Prayer for this morning\",\"raw_id\":2023828,\"is_morning_prayer\":\"1\",\"html\":\" meditation\",\"raw_id\":2023830,\"is_daily_meditation\":\"1\",\"html\":\" for this evening\",\"raw_id\":2023831,\"is_evening_prayer\":\"1\",\"html\":\" corner\",\"saint_of_the_day\":\"saint of the day\",\"morning_prayer\":\"morning prayer\",\"evening_prayer\":\"evening prayer\",\"daily_gospel\":\"daily gospel\",\"daily_meditation\":\"daily meditation\",\"particular_intention\":\"prayers for particular needs\",\"pope_reflexion\":\"thoughts of the pope\",\"bbq\":\"bbq\",\"prayer_for_you\":\"prayer for you today\"}},\"cross\":\"https:\/\/wp.en.aleteia.org\/wp-content\/themes\/aleteia-2017\/assets\/images\/daily-prayers\/cross.svg\",\"particular_intentions_link\":null,\"saint_post\":\"\"}},{\"type\":\"top-ten-module\",\"data\":{\"items\":[{\"simple\":false,\"id\":802998,\"related\":[],\"content\":\"u003cspan class=\"subtitle\"u003eMost people are drawn to clear purpose and application in everything they do. And still, there\u2019s power in \u201cuseless\u201d knowledge.u003c\/spanu003eu003cpu003e\u201cWhat am I going to use this for?\u201d That\u2019s the question that I invariably get from at least a couple of students, year after year, as they end up in my mandatory u003ca href=\" target=\"_blank\" rel=\"noopener\" title=\"\"u003ephilosophy classu003c\/au003e. My answer is always the same: \u201cFor nothing. Or everything. Who knows. It\u2019s up to you.\u201d Granted, it\u2019s not an entirely satisfactory answer. Most people are drawn to clear purpose and application in everything they do.u003c\/pu003enu003cpu003eStill, u003cstrongu003ethere\u2019s power in \u201cuseless\u201d knowledgeu003c\/strongu003e (and especially in philosophy) that can enrich our lives in unsuspected ways. The Gospel of Matthew reminds us, \u201cFor what does it profit a man to gain the whole world and forfeit his soul?\u201d (u003ca href=\" target=\"_blank\" rel=\"noopener\" title=\"\"u003eMatthew 16:26u003c\/au003e) True happiness isn\u2019t just about acquiring things or achieving worldly success.u003c\/pu003enu003cdiv class=\"wp-block-aleteia-heading3\"u003enu003ch2u003eWhy spend your time on u0026#8220;uselessu0026#8221; pursuits?u003c\/h2u003enu003c\/pu003eu003c\/divu003enu003cpu003ePhilosophy, often seen as an impractical pursuit, offers us u003cstrongu003ethe opportunity to consider deeper questions about meaning, existence, and the good lifeu003c\/strongu003e. It helps us to see the world not just through a utilitarian lens, but also with a sense of wonder and appreciation for the beauty and complexity of creation u0026#8212; and for the depth of the human spirit. u003c\/pu003enu003cpu003eIn more ways than one, a proper philosophical attitude echoes the awe with which the Psalms describe God\u2019s handiwork (Psalm 19:1).u003c\/pu003enu003cpu003eConsider the countless hours saints and scholars dedicated to theology, a seemingly \u201cuseless\u201d pursuit in the eyes of some. Yet, their tireless exploration of faith\u2019s mysteries has brought us not only closer to understanding God\u2019s love and nature, but also to the very ways in which our own minds work. That\u2019s no small achievement at all. u0026nbsp;u003c\/pu003enu003cdiv class=\"block-image-copyrigth-wrap\"u003enu003cfigure class=\"wp-block-image size-large\"u003eu003cimg loading=\"lazy\" decoding=\"async\" width=\"1200\" height=\"630\" src=\" alt=\"Anemone flowers (a.k.a. Lillies of the field)\" class=\"wp-image-803323\" srcset=\" 1200w, ?resize=150,79 150w, ?resize=300,158 300w, ?resize=1024,538 1024w, ?resize=620,326 620w, ?resize=1140,599 1140w, ?resize=375,197 375w, ?resize=630,331 630w\" sizes=\"(max-width: 1200px) 100vw, 1200px\" \/u003eu003cfigcaption class=\"wp-element-caption\"u003eu003cemu003eAnemone flowers (a.k.a. Lilies of the field)u003c\/emu003eu003c\/figcaptionu003eu003c\/figureu003enu003cdiv class=\"copyright-text\"u003eWirestock Creators | Shutterstocku003c\/divu003enu003c\/divu003enu003cdiv class=\"wp-block-aleteia-heading3\"u003enu003ch2u003eLillies of the fieldu003c\/h2u003enu003c\/pu003eu003c\/divu003enu003cdiv id='aleteia-welcome'u003eu003c\/divu003enu003cpu003eConsider the example of the lilies of the field, Jesus tells us: \u201cThey neither toil nor spin; yet I tell you, even Solomon in all his glory was not arrayed like one of these\u201d (Matthew 6:28-29).\u00a0 These simple flowers, u003cstrongu003edevoid of any practical purposeu003c\/strongu003e, are a testament to the inherent beauty found in existence itself.u003c\/pu003enu003cpu003ePhilosophy allows us to appreciate such beauty, not just in nature, but in the complexities of human thought, ethical dilemmas, and the vastness of the universe. Philosophy u003cstrongu003eis not a job skill, but a lens through which we can approach life\u2019s big questionu003c\/strongu003es and appreciate the world around us with a deeper understanding. It\u2019s a pursuit of knowledge for its own sake, a reflection of our inherent human curiosity and desire to understand. u003c\/pu003enu003cpu003eLike the gift of music or art, apparently useless things enrich our souls and broadens our perspectives.u003c\/pu003enu003cdiv class=\"wp-block-aleteia-heading3\"u003enu003ch2u003eThe benefits of a philosophical foundationu003c\/h2u003enu003c\/pu003eu003c\/divu003enu003cpu003eAs we navigate the complexities of life, a strong philosophical foundation equips us to grapple with moral challenges, fostering discernment and helping us live according to Gospel values. It teaches us to find joy not just in u003cemu003estuffu003c\/emu003e, but in the pursuit of wisdom, virtue, and awe. u003c\/pu003enu003cpu003eIn short, by embracing the \u201cuseless\u201d pursuit of philosophy, or of any other seemingly impractical activity, we may cultivate u003cstrongu003ea richer way of beingu003c\/strongu003e \u2013 one that aligns with the Gospel\u2019s message of seeking the Kingdom of God first (Matthew 6:33).u003c\/pu003entu003cdiv data-category=\"Lifestyle\" data-category-english=\"lifestyle\" class=\"wp-block-aleteia-read-also read-also\"u003enttu003cfigureu003entttu003cimgnttttsrc=\" AQUINAS\"nttttloading=\"lazy\" \/u003enttu003c\/figureu003enttu003cdiv class=\"read-also-inner\"u003entttu003cemu003eRead more:u003c\/emu003eu003ca href=\" \u201ccold\u201d logic to friendly order: Finding Aquinasu003c\/au003enttu003c\/divu003entu003c\/divu003etu003cdiv data-category=\"Lifestyle\" data-category-english=\"lifestyle\" class=\"wp-block-aleteia-read-also read-also\"u003enttu003cfigureu003entttu003cimgnttttsrc=\" \/u003enttu003c\/figureu003enttu003cdiv class=\"read-also-inner\"u003entttu003cemu003eRead more:u003c\/emu003eu003ca href=\" your \u201cHail Mary\u201d focus: How sports build a prayerful mindu003c\/au003enttu003c\/divu003entu003c\/divu003e\",\"rawcontent\":\"u003c!-- wp:aleteia\/subtitle \/--u003ennu003c!-- wp:paragraph --u003enu003cpu003e\u201cWhat am I going to use this for?\u201d That\u2019s the question that I invariably get from at least a couple of students, year after year, as they end up in my mandatory u003ca href=\" target=\"_blank\" rel=\"noopener\" title=\"\"u003ephilosophy classu003c\/au003e. My answer is always the same: \u201cFor nothing. Or everything. Who knows. It\u2019s up to you.\u201d Granted, it\u2019s not an entirely satisfactory answer. Most people are drawn to clear purpose and application in everything they do.u003c\/pu003enu003c!-- \/wp:paragraph --u003ennu003c!-- wp:paragraph --u003enu003cpu003eStill, u003cstrongu003ethere\u2019s power in \u201cuseless\u201d knowledgeu003c\/strongu003e (and especially in philosophy) that can enrich our lives in unsuspected ways. The Gospel of Matthew reminds us, \u201cFor what does it profit a man to gain the whole world and forfeit his soul?\u201d (u003ca href=\" target=\"_blank\" rel=\"noopener\" title=\"\"u003eMatthew 16:26u003c\/au003e) True happiness isn\u2019t just about acquiring things or achieving worldly success.u003c\/pu003enu003c!-- \/wp:paragraph --u003ennu003c!-- wp:aleteia\/heading3 \"content\":\"Why spend your time on \\u0022useless\\u0022 pursuits?\" --u003enu003ch3u003eWhy spend your time on \"useless\" pursuits?u003c\/h3u003enu003c!-- \/wp:aleteia\/heading3 --u003ennu003c!-- wp:paragraph --u003enu003cpu003ePhilosophy, often seen as an impractical pursuit, offers us u003cstrongu003ethe opportunity to consider deeper questions about meaning, existence, and the good lifeu003c\/strongu003e. It helps us to see the world not just through a utilitarian lens, but also with a sense of wonder and appreciation for the beauty and complexity of creation -- and for the depth of the human spirit. u003c\/pu003enu003c!-- \/wp:paragraph --u003ennu003c!-- wp:paragraph --u003enu003cpu003eIn more ways than one, a proper philosophical attitude echoes the awe with which the Psalms describe God\u2019s handiwork (Psalm 19:1).u003c\/pu003enu003c!-- \/wp:paragraph --u003ennu003c!-- wp:paragraph --u003enu003cpu003eConsider the countless hours saints and scholars dedicated to theology, a seemingly \u201cuseless\u201d pursuit in the eyes of some. Yet, their tireless exploration of faith\u2019s mysteries has brought us not only closer to understanding God\u2019s love and nature, but also to the very ways in which our own minds work. That\u2019s no small achievement at all. u0026nbsp;u003c\/pu003enu003c!-- \/wp:paragraph --u003ennu003c!-- wp:image \"id\":803323,\"sizeSlug\":\"large\",\"linkDestination\":\"none\" --u003enu003cfigure class=\"wp-block-image size-large\"u003eu003cimg src=\" alt=\"Anemone flowers (a.k.a. Lillies of the field)\" class=\"wp-image-803323\" \/u003eu003cfigcaption class=\"wp-element-caption\"u003eu003cemu003eAnemone flowers (a.k.a. Lilies of the field)u003c\/emu003eu003c\/figcaptionu003eu003c\/figureu003enu003c!-- \/wp:image --u003ennu003c!-- wp:aleteia\/heading3 \"content\":\"Lillies of the field\" --u003enu003ch3u003eLillies of the fieldu003c\/h3u003enu003c!-- \/wp:aleteia\/heading3 --u003ennu003c!-- wp:paragraph --u003enu003cpu003eConsider the example of the lilies of the field, Jesus tells us: \u201cThey neither toil nor spin; yet I tell you, even Solomon in all his glory was not arrayed like one of these\u201d (Matthew 6:28-29).\u00a0 These simple flowers, u003cstrongu003edevoid of any practical purposeu003c\/strongu003e, are a testament to the inherent beauty found in existence itself.u003c\/pu003enu003c!-- \/wp:paragraph --u003ennu003c!-- wp:paragraph --u003enu003cpu003ePhilosophy allows us to appreciate such beauty, not just in nature, but in the complexities of human thought, ethical dilemmas, and the vastness of the universe. Philosophy u003cstrongu003eis not a job skill, but a lens through which we can approach life\u2019s big questionu003c\/strongu003es and appreciate the world around us with a deeper understanding. It\u2019s a pursuit of knowledge for its own sake, a reflection of our inherent human curiosity and desire to understand. u003c\/pu003enu003c!-- \/wp:paragraph --u003ennu003c!-- wp:paragraph --u003enu003cpu003eLike the gift of music or art, apparently useless things enrich our souls and broadens our perspectives.u003c\/pu003enu003c!-- \/wp:paragraph --u003ennu003c!-- wp:aleteia\/heading3 \"content\":\"The benefits of a philosophical foundation\" --u003enu003ch3u003eThe benefits of a philosophical foundationu003c\/h3u003enu003c!-- \/wp:aleteia\/heading3 --u003ennu003c!-- wp:paragraph --u003enu003cpu003eAs we navigate the complexities of life, a strong philosophical foundation equips us to grapple with moral challenges, fostering discernment and helping us live according to Gospel values. It teaches us to find joy not just in u003cemu003estuffu003c\/emu003e, but in the pursuit of wisdom, virtue, and awe. u003c\/pu003enu003c!-- \/wp:paragraph --u003ennu003c!-- wp:paragraph --u003enu003cpu003eIn short, by embracing the \u201cuseless\u201d pursuit of philosophy, or of any other seemingly impractical activity, we may cultivate u003cstrongu003ea richer way of beingu003c\/strongu003e \u2013 one that aligns with the Gospel\u2019s message of seeking the Kingdom of God first (Matthew 6:33).u003c\/pu003enu003c!-- \/wp:paragraph --u003ennu003c!-- wp:aleteia\/read-also {\"link\":\" \u201ccold\u201d logic to friendly order: Finding Aquinas\",\"image\":\" --u003enu003cdiv class=\"read-also\"u003eu003ca href=\" \u201ccold\u201d logic to friendly order: Finding Aquinasu003c\/au003eu003c\/divu003enu003c!-- \/wp:aleteia\/read-also --u003ennu003c!-- wp:aleteia\/read-also {\"link\":\" your \u201cHail Mary\u201d focus: How sports build a prayerful mind\",\"image\":\" --u003enu003cdiv class=\"read-also\"u003eu003ca href=\" your \u201cHail Mary\u201d focus: How sports build a prayerful mindu003c\/au003eu003c\/divu003enu003c!-- \/wp:aleteia\/read-also --u003e\",\"pages\":1,\"language\":\"en\",\"galleries\":[],\"video\":false,\"title\":\"Beyond the practical: The value of \u201cuseless\u201d knowledge\",\"subheading\":\"Most people are drawn to clear purpose and application in everything they do. And still, there\u2019s power in \u201cuseless\u201d knowledge.\",\"author\":\"Daniel Esparza\",\"author_2\":\"\",\"authors_obj\":[\"ID\":\"100624\",\"link\":\" Esparza writes for Aleteia in the areas of art, culture, and travel.\",\"twitter\":\"esparzari\",\"facebook\":\"\",\"subtitle\":\"\",\"title_guest_author\":\"\",\"thumb\":\" Esparza\",\"hreflangs\": Shutterstock\",\"link\":\"\",\"caption\":\"\",\"alt\":\"SOKRATES\",\"link\":\"\/2024\/05\/11\/beyond-the-practical-the-value-of-useless-knowledge\/\",\"category_obj\":\"link\":\" 91, 175, 192, 1 )\",\"term_id\":278,\"category\":\"Lifestyle\",\"category_slug\":\"lifestyle\",\"category_id\":278,\"category_color\":\"#5bafc0\",\"parent_category\":\"Lifestyle\",\"published\":1715425200,\"published_datalayer\":\"2024.05.11\",\"article_modified_date\":\"\",\"article_modified\":false,\"published_formatted\":\"published on 05\/11\/24\",\"tags\":\"Catholic Lifestyle, Personal Growth, Philosophy\",\"firsttag\":\"Philosophy\",\"tags_items\":[\"term_id\":423717264,\"name\":\"Catholic Lifestyle\",\"link\":\" Growth\",\"link\":\" Department\",\"settings\":\"disable_slideshow_cta\":\"\",\"template_customizations\":\"\",\"post_appearance_setting\":\"no_drop_caps\":false,\"hide_from_tops\":false,\"hide_date\":false,\"hide_post\":false,\"hide_post_in_newsletter\":false,\"ads_disabled\":false,\"inread_ads_disabled\":false,\"custom_inread_position_enabled\":false,\"custom_inread_position\":\"2\",\"test_pixel_enabled\":false,\"test_pixel_position\":\"\",\"exclude_banner_article\":false,\"div_moneytags_position\":\"\",\"hide_promotional_box\":false,\"original_article\":\"is_original\":\"1\",\"url\":\"\",\"edition\":\"en\",\"gtm\":\"page_type\":\"\",\"page_type_2\":\"\",\"category_name\":\"lifestyle\",\"article_subcategory\":\"Lifestyle\",\"article_type\":\"article\",\"cd\":\"dimension1\":\"Daniel Esparza\",\"dimension2\":\"Lifestyle\",\"dimension3\":\"1715425200\",\"dimension4\":\"en\",\"dimension5\":\"\",\"dimension6\":\"article\",\"dimension7\":\"2024.05.11\",\"dimension8\":\"Catholic Lifestyle, Personal Growth, Philosophy\",\"dimension9\":\"Most people are drawn to clear purpose and application in everything they do. And still, there\u2019s power in \u201cuseless\u201d knowledge.\",\"dimension10\":\"802998\",\"dimension11\":\"Catholic Lifestyle\",\"dimension12\":\"web\",\"dimension13\":\"\",\"dimension17\":\"Lifestyle Department\",\"dimension14\":\"Lifestyle\",\"photo_of_the_day\":false,\"daily_wisdom\":false,\"word_count\":904,\"shortcodes\":[],\"sponsoredSettings\":,\"isSponsored\":false,\"custom_skin_settings\":\"slot\":\"custom-skin\",\"library\":\"theme.Skin\",\"skin_default_article\":\"1\",\"hide_from_layout_endpoint\":\"1\",\"props\":\"id\":\"custom-skid-ad\",\"unit\":\"64500793\/EN_DESK_ARTICLE_SKIN_1x1\",\"collapse_empty_divs\":false,\"premium_ads\":false,\"bids\":\"\",\"nexxx360_id\":\"\",\"size\":[],\"adjacent_posts\":\"next_post\":\"link\":\" Article \",\"prev_post\":\"link\":\" Article \",\"close_comments\":false,\"premium_content\":\"\",\"trunked_content\":\"u003ch2 class=\"subtitle\"u003eMost people are drawn to clear purpose and application in everything they do. And still, there\u2019s power in \u201cuseless\u201d knowledge.u003c\/h2u003enu003cpu003e\u201cWhat am I going to use this for?\u201d That\u2019s the question that I invariably get from at least a couple of students, year after year, as they end up in my mandatory u003ca href=\" target=\"_blank\" rel=\"noopener\" title=\"\"u003ephilosophy classu003c\/au003e. My answer is always the same: \u201cFor nothing. Or everything. Who knows. It\u2019s up to you.\u201d Granted, it\u2019s not an entirely satisfactory answer. Most people are drawn to clear purpose and application in everything they do.u003c\/pu003ennu003cpu003eStill, u003cstrongu003ethere\u2019s power in \u201cuseless\u201d knowledgeu003c\/strongu003e (and especially in philosophy) that can enrich our lives in unsuspected ways. The Gospel of Matthew reminds us, \u201cFor what does it profit a man to gain the whole world and forfeit his soul?\u201d (u003ca href=\" target=\"_blank\" rel=\"noopener\" title=\"\"u003eMatthew 16:26u003c\/au003e) True happiness isn\u2019t just about acquiring things or achieving worldly success.u003c\/pu003en\",{\"simple\":false,\"id\":805901,\"related\":[],\"content\":\"u003cspan class=\"subtitle\"u003eOur summer book list is back! Your friends at Aleteia have chosen a dozen fabulous books for you to enjoy while at the beach or chilling inside near the AC.u003c\/spanu003eu003cpu003eBack by popular demand, u003cemu003eAleteiau0026#8217;s u003c\/emu003esummer book list has once again been thoughtfully curated to provide you, our discerning readers, with a host of fabulous reads that will enrich your minds and souls over the coming months. Over the course of the next few weeks, we will publish articles about each of the books on our list to enhance your reading experience.u003c\/pu003enu003cpu003eu003cemu003eNote: Many of the books on our adult list deal with grownup subject matters and may not be suitable for young readers. Just like last year, however, we have summer book lists for teens and kidu003c\/emu003esu0026nbsp;u003cemu003ecoming later this week!u003c\/emu003eu003c\/pu003enu003cdiv class=\"wp-block-aleteia-heading3\"u003enu003ch2u003e2024 Summer fiction recommendations for adultsu003c\/h2u003enu003c\/pu003eu003c\/divu003enu003cdiv class=\"block-image-copyrigth-wrap\"u003enu003cfigure class=\"wp-block-image size-large\"u003eu003cimg loading=\"lazy\" decoding=\"async\" width=\"1200\" height=\"500\" src=\" alt=\"Aleteia 2024 Summer Book List: Adult Fiction\" class=\"wp-image-806199\" srcset=\" 1200w, ?resize=150,63 150w, ?resize=300,125 300w, ?resize=1024,427 1024w, ?resize=620,258 620w, ?resize=1140,475 1140w, ?resize=375,156 375w, ?resize=630,263 630w\" sizes=\"(max-width: 1200px) 100vw, 1200px\" \/u003eu003c\/figureu003enu003cdiv class=\"copyright-text\"u003eJohn Touhey | Aleteia | Collage by Fabiana Touheyu003c\/divu003enu003c\/divu003enu003ch2 class=\"wp-block-aleteia-rich-list\"u003entttu003cspanu003e1u003c\/spanu003eu003cbr \/u003entttu003cstrongu003eDeclareu003c\/strongu003eu003cbr \/u003enttu003c\/h2u003enu003cpu003eu003cemu003eWilliam Morrow Paperbacks, 2013.u003c\/emu003eu003c\/pu003enu003cpu003eu003cemu003eu003ca href=\" target=\"_blank\" rel=\"noopener\" title=\"Declare \"u003eu003cstrongu003eDeclareu003c\/strongu003eu003c\/au003eu003cstrongu003e u003c\/strongu003e u003c\/emu003e mixes supernatural fiction with the espionage novel to pulse-pounding effect. This deeply Catholic book won the 2001 World Fantasy Award for best novel. Writer Tim Powers is known for creating exciting narratives that also pose existential questions. u0026#8220;What you want to consider with escapism is not just what you\u2019re escaping from,u0026#8221; Powers has said, u0026#8220;but what are you escaping to?u0026#8221;u003c\/pu003enu003ch2 class=\"wp-block-aleteia-rich-list\"u003entttu003cspanu003e2u003c\/spanu003eu003cbr \/u003entttu003cstrongu003eTo Crown with Libertyu003c\/strongu003eu003cbr \/u003enttu003c\/h2u003enu003cpu003eu003cemu003eChrism Press, 2024.u003c\/emu003eu003c\/pu003enu003cdiv id='aleteia-welcome'u003eu003c\/divu003enu003cpu003eSet in revolutionary France and colonial Louisiana, u003ca href=\" target=\"_blank\" rel=\"noopener\" title=\"To Crown with Liberty\"u003eu003cstrongu003eTo Crown with Libertyu003c\/strongu003eu003c\/au003e follows a brave young woman who is caught up in epic events. Author Karen Ullo skillfully weaves fact and fiction to create a moving historical novel. u003cemu003eAleteia u003c\/emu003eessayist Fr. Michael Rennier says that the book is u0026#8220;meticulously researched and has a lot to offer to a history buff, but manages to tell a very real, very human story.u0026#8221;u003c\/pu003enu003ch2 class=\"wp-block-aleteia-rich-list\"u003entttu003cspanu003e3u003c\/spanu003eu003cbr \/u003entttu003cstrongu003eAll the Light We Cannot Seeu003c\/strongu003eu003cbr \/u003enttu003c\/h2u003enu003cpu003eu003cemu003eScribner, 2017. u003cstrongu003eOur Well-Read Mom selection!u003c\/strongu003eu003c\/emu003eu003c\/pu003enu003cpu003eThe lives of a blind Parisian girl and young German soldier unexpectedly come together during World War II in Anthony Doerru0026#8217;s Pulitzer Prize-winning novel. u003cemu003eu003ca href=\" target=\"_blank\" rel=\"noopener\" title=\"All the Light We Cannot See\"u003eu003cstrongu003eAll the Light We Cannot Seeu003c\/strongu003eu003c\/au003eu003c\/emu003e is presented in collaboration with u003ca href=\" target=\"_blank\" rel=\"noopener\" title=\"Well-Read Mom\"u003eWell-Read Momu003c\/au003e as part of their Summer Reads program.u003c\/pu003enu003cpu003eCheck back on Monday, June 3, for an in-depth look at how to approach the novel, and to learn about a special offer that Well-Read Mom is extending to u003cemu003eAleteia u003c\/emu003ereaders!u003c\/pu003enu003ch2 class=\"wp-block-aleteia-rich-list\"u003entttu003cspanu003e4u003c\/spanu003eu003cbr \/u003entttu003cstrongu003eThe Jon Mote Mysteriesu003c\/strongu003eu003cbr \/u003enttu003c\/h2u003enu003cpu003eu003cemu003eSlant Books 2016-2022.u003c\/emu003eu003c\/pu003enu003cpu003eJon Mote is an u0026#8220;accidental sleuthu0026#8221; who attempts to solve puzzling crimes while unable to straighten out his own train wreck of a life. He is aided by his sister Judy who is cognitively impaired and may also be a saint. Starting with u003cemu003eu003ca href=\" target=\"_blank\" rel=\"noopener\" title=\"Death Comes for the Deconstructionist\"u003eu003cstrongu003eDeath Comes for the Deconstructionistu003c\/strongu003eu003c\/au003eu003c\/emu003e, author Daniel Taylor created a four-book series that will delight mystery fans and lovers of literary fiction.u003c\/pu003enu003ch2 class=\"wp-block-aleteia-rich-list\"u003entttu003cspanu003e5u003c\/spanu003eu003cbr \/u003entttu003cstrongu003eHelenau003c\/strongu003eu003cbr \/u003enttu003c\/h2u003enu003cpu003eu003cemu003eBay Back Books, 2012 edition.u003c\/emu003eu003c\/pu003enu003cpu003eEvelyn Waugh thought u003cemu003eu003ca href=\" target=\"_blank\" rel=\"noopener\" title=\"Helena\"u003eu003cstrongu003eHelenau003c\/strongu003eu003c\/au003e u003c\/emu003e his best book, though it is shamefully neglected today. In telling the story of St. Helena and her discovery of the True Cross, the great Catholic novelist playfully sticks to the few facts and legends that have come down to us about the mother of Constantine the Great. And, yes, Waugh was correct u0026#8212; this gem of a book is indeed his masterpiece.u003c\/pu003enu003ch2 class=\"wp-block-aleteia-rich-list\"u003entttu003cspanu003e6u003c\/spanu003eu003cbr \/u003entttu003cstrongu003eLord of the Worldu003c\/strongu003eu003cbr \/u003enttu003c\/h2u003enu003cpu003eu003cemu003eVoyage Comics, 2023 edition.u003c\/emu003eu003c\/pu003enu003cpu003eWritten in 1907, Robert Hugh Bensonu0026#8217;s science fiction novel is about a charismatic leader who builds a utopia where God and religion are rendered irrelevant. The result is a u0026#8220;perfectu0026#8221; world where hope is absent and euthanasia has become increasingly common. Sound familiar? u003cemu003eu003ca href=\" target=\"_blank\" rel=\"noopener\" title=\"Lord of the World\"u003eu003cstrongu003eLord of the Worldu003c\/strongu003eu003c\/au003eu003c\/emu003e is a must-read according to both Pope Benedict XVI and Pope Francis, so what are you waiting for?u003c\/pu003enu003cdiv class=\"wp-block-aleteia-heading3\"u003enu003ch2u003e2024 Summer nonfiction recommendations for adultsu003c\/h2u003enu003c\/pu003eu003c\/divu003enu003cdiv class=\"block-image-copyrigth-wrap\"u003enu003cfigure class=\"wp-block-image size-large\"u003eu003cimg loading=\"lazy\" decoding=\"async\" width=\"1200\" height=\"500\" src=\" alt=\"Aleteia 2024 Summer Book List: Adult Nonfiction\" class=\"wp-image-806182\" srcset=\" 1200w, ?resize=150,63 150w, ?resize=300,125 300w, ?resize=1024,427 1024w, ?resize=620,258 620w, ?resize=1140,475 1140w, ?resize=375,156 375w, ?resize=630,263 630w\" sizes=\"(max-width: 1200px) 100vw, 1200px\" \/u003eu003c\/figureu003enu003cdiv class=\"copyright-text\"u003eJohn Touhey | Aleteia | Collage by Fabiana Touheyu003c\/divu003enu003c\/divu003enu003ch2 class=\"wp-block-aleteia-rich-list\"u003entttu003cspanu003e1u003c\/spanu003eu003cbr \/u003entttu003cstrongu003eThe Great Bridgeu003c\/strongu003eu003cbr \/u003enttu003c\/h2u003enu003cpu003eu003cemu003eSimon u0026amp; Schuster, 1983.u003c\/emu003eu003c\/pu003enu003cpu003eWhen Baltimoreu0026#8217;s Francis Scott Key Bridge collapsed in March, the incident underscored how fragile our countryu0026#8217;s infrastructure is. It also reminded us just how complicated it is to design and build a major bridge that will stand the test of time. In u003cemu003eu003cstrongu003eu003ca href=\" target=\"_blank\" rel=\"noopener\" title=\"The Great Bridge\"u003eThe Great Bridgeu003c\/au003eu003c\/strongu003eu003c\/emu003e, David McCullough recounts the building of the Brooklyn Bridge, which took 14 years to construct and first opened more than 140 years ago. The narrative brings home how much planning, toil, and sacrifice go into constructing bridges that we take for granted until they are no more.u003c\/pu003enu003ch2 class=\"wp-block-aleteia-rich-list\"u003entttu003cspanu003e2u003c\/spanu003eu003cbr \/u003entttu003cstrongu003eLittle Brotheru003c\/strongu003eu003cbr \/u003enttu003c\/h2u003enu003cpu003eu003cemu003eArcade Publishing, 2021. u003c\/emu003eu003c\/pu003enu003cpu003eStatistics on the number of refugees in the world vary widely u0026#8212; but they certainly number in the tens of millions. As conflicts spread around the world, that number will only rise. Behind those bleak statistics, however, there are actual names and faces. In u003cemu003eu003ca href=\" target=\"_blank\" rel=\"noopener\" title=\"Little Brother\"u003eu003cstrongu003eLittle Brotheru003c\/strongu003eu003c\/au003eu003c\/emu003e, Ibrahima Balde and Amets Arzallus Antia paint a very personal, even intimate, portrait of the refugee crisis, telling the story of Ibrahimau0026#8217;s own arduous journey. u003c\/pu003enu003ch2 class=\"wp-block-aleteia-rich-list\"u003entttu003cspanu003e3u003c\/spanu003eu003cbr \/u003entttu003cstrongu003eLife: My Story Through Historyu003c\/strongu003eu003cbr \/u003enttu003c\/h2u003enu003cpu003eu003cemu003eHarperOne, 2024.u003c\/emu003eu003c\/pu003enu003cpu003eBilled as a kind of autobiography of Pope Francis, u003ca href=\" target=\"_blank\" rel=\"noopener\" title=\"Life: My Story Through History \"u003eu003cemu003eu003cstrongu003eLife: My Story Through Historyu003c\/strongu003eu003c\/emu003eu003c\/au003e is really more like an extended interview with the Holy Father. The Pope shares many of the incidents, large and small, that marked his life since childhood to the present. Kathleen N. Hattrup, the Executive Editor of u003cemu003eAleteiau0026#8217;s u003c\/emu003eEnglish edition, says that, u0026#8220;u003cemu003eLifeu003c\/emu003e is an easy read, as it is as simple as enjoying stories.u0026#8221;u003c\/pu003enu003ch2 class=\"wp-block-aleteia-rich-list\"u003entttu003cspanu003e4u003c\/spanu003eu003cbr \/u003entttu003cstrongu003eThe Watchmakeru0026#8217;s Daughteru003c\/strongu003eu003cbr \/u003enttu003c\/h2u003enu003cpu003eu003cemu003eWilliam Morrow, 2023.u003c\/emu003eu003c\/pu003enu003cpu003eYou may have heard of Corrie ten Boom, the Dutch woman who, with her familyu0026#8217;s help, hid and saved countless Jews and refugees from the Gestapo during the Second World War. Remarkably, there has never been a major biography of this extraordinary figure. u003cstrongu003eu003cemu003eu003ca href=\" target=\"_blank\" rel=\"noopener\" title=\"The Watchmaker's Daughter\"u003eThe Watchmakeru0026#8217;s Daughteru003c\/au003eu003c\/emu003eu003c\/strongu003eu003cemu003e: The True Story of World War II Heroine Corrie ten Boomu003c\/emu003e by Larry Loftis remedies that oversight. u003c\/pu003enu003ch2 class=\"wp-block-aleteia-rich-list\"u003entttu003cspanu003e5u003c\/spanu003eu003cbr \/u003entttu003cstrongu003eLocalism: Coming home to Catholic social teachingu003c\/strongu003eu003cbr \/u003enttu003c\/h2u003enu003cpu003eu003cemu003eSophia Institute Press, 2024.u003c\/emu003eu003c\/pu003enu003cpu003eSimply put, u003ca href=\" target=\"_blank\" rel=\"noopener\" title=\"Localism: Coming Home to Catholic Social Teaching\"u003eu003cstrongu003eu003cemu003eLocalism: Coming Home to Catholic Social Teachingu003c\/emu003eu003c\/strongu003eu003c\/au003e is an attempt to take the distributist principles of G.K. Chesterston seriously and update them for the modern world under a new name u0026#8212; localism. Never heard of distributism or localism before? Wondering how a man born 150 years ago could possibly have anything to say about life in the digital age? Do yourself a favor and pick up this book. Whether you agree with the contributors or not, you will find their arguments stimulating and thought-provoking. u003c\/pu003enu003ch2 class=\"wp-block-aleteia-rich-list\"u003entttu003cspanu003e6u003c\/spanu003eu003cbr \/u003entttu003cstrongu003eThe Wrecking Crewu003c\/strongu003eu003cbr \/u003enttu003c\/h2u003enu003cpu003eu003cemu003eSt. Martin\u2019s Griffin, 2013.u003c\/emu003eu003c\/pu003enu003cpu003eWhat if there was a secret rock band full of incredibly talented musicians who provided the music for some of the biggest hits of the 60s? And what if these renegades proved to be the u0026#8220;secret weaponu0026#8221; that launched groups like The Monkees and The Beach Boys into superstardom? Well, such a band did exist. It was called u0026#8220;The Wrecking Crew,u0026#8221; and the session musicians who performed in the band helped create such classic songs as u0026#8220;California Dreamin'u0026#8221; and u0026#8220;Bridge Over Troubled Waters.u0026#8221; In u003ca href=\" target=\"_blank\" rel=\"noopener\" title=\"The Wrecking Crew: The Inside Story of Rock and Roll's Best-Kept Secret\"u003eu003cstrongu003eu003cemu003eThe Wrecking Crew: The Inside Story of Rock and Rollu0026#8217;s Best-Kept Secretu003c\/emu003eu003c\/strongu003eu003c\/au003e, writer Kent Hartman finally lets the secret out in highly entertaining fashion.u003c\/pu003enu003cdiv class=\"block-image-copyrigth-wrap\"u003enu003cfigure class=\"wp-block-image size-large is-resized\"u003eu003cimg loading=\"lazy\" decoding=\"async\" width=\"5000\" height=\"1865\" src=\" alt=\"Summer book list Icon\" class=\"wp-image-806202\" style=\"width:720px;height:auto\" srcset=\" 5000w, ?resize=150,56 150w, ?resize=300,112 300w, ?resize=1024,382 1024w, ?resize=1536,573 1536w, ?resize=2048,764 2048w, ?resize=620,231 620w, ?resize=1140,425 1140w, ?resize=375,140 375w, ?resize=630,235 630w\" sizes=\"(max-width: 5000px) 100vw, 5000px\" \/u003eu003c\/figureu003enu003cdiv class=\"copyright-text\"u003eShutterstock | Altered by Aleteiau003c\/divu003enu003c\/divu003enu003cpu003eLook for the icon above to find all our book articles, etc. as they are published throughout the coming weeks. Enjoy your summer and happy reading!u003c\/pu003entu003cdiv data-category=\"Lifestyle\" data-category-english=\"lifestyle\" class=\"wp-block-aleteia-read-also read-also\"u003enttu003cfigureu003entttu003cimgnttttsrc=\" \/u003enttu003c\/figureu003enttu003cdiv class=\"read-also-inner\"u003entttu003cemu003eRead more:u003c\/emu003eu003ca href=\" 2023 Summer Book List: Adult Fiction and Nonfictionu003c\/au003enttu003c\/divu003entu003c\/divu003etu003cdiv data-category=\"Lifestyle\" data-category-english=\"lifestyle\" class=\"wp-block-aleteia-read-also read-also\"u003enttu003cfigureu003entttu003cimgnttttsrc=\" big winter reads of 2024\"nttttloading=\"lazy\" \/u003enttu003c\/figureu003enttu003cdiv class=\"read-also-inner\"u003entttu003cemu003eRead more:u003c\/emu003eu003ca href=\" u0026#8220;Big Winter Booksu0026#8221; for 2024 (Photo Gallery)u003c\/au003enttu003c\/divu003entu003c\/divu003e\",\"rawcontent\":\"u003c!-- wp:aleteia\/subtitle \/--u003ennu003c!-- wp:paragraph --u003enu003cpu003eBack by popular demand, u003cemu003eAleteia's u003c\/emu003esummer book list has once again been thoughtfully curated to provide you, our discerning readers, with a host of fabulous reads that will enrich your minds and souls over the coming months. Over the course of the next few weeks, we will publish articles about each of the books on our list to enhance your reading experience.u003c\/pu003enu003c!-- \/wp:paragraph --u003ennu003c!-- wp:paragraph --u003enu003cpu003eu003cemu003eNote: Many of the books on our adult list deal with grownup subject matters and may not be suitable for young readers. Just like last year, however, we have summer book lists for teens and kidu003c\/emu003esu0026nbsp;u003cemu003ecoming later this week!u003c\/emu003eu003c\/pu003enu003c!-- \/wp:paragraph --u003ennu003c!-- wp:aleteia\/heading3 \"content\":\"2024 Summer fiction recommendations for adults\" --u003enu003ch3u003e2024 Summer fiction recommendations for adultsu003c\/h3u003enu003c!-- \/wp:aleteia\/heading3 --u003ennu003c!-- wp:image \"id\":806199,\"sizeSlug\":\"large\",\"linkDestination\":\"none\" --u003enu003cfigure class=\"wp-block-image size-large\"u003eu003cimg src=\" alt=\"Aleteia 2024 Summer Book List: Adult Fiction\" class=\"wp-image-806199\" \/u003eu003c\/figureu003enu003c!-- \/wp:image --u003ennu003c!-- wp:aleteia\/rich-list \"index\":\"1\",\"text\":\"Declare\" --u003enu003ch3 class=\"wp-block-aleteia-rich-list\"u003eu003cspanu003e1u003c\/spanu003eu003cstrongu003eDeclareu003c\/strongu003eu003c\/h3u003enu003c!-- \/wp:aleteia\/rich-list --u003ennu003c!-- wp:paragraph --u003enu003cpu003eu003cemu003eWilliam Morrow Paperbacks, 2013.u003c\/emu003eu003c\/pu003enu003c!-- \/wp:paragraph --u003ennu003c!-- wp:paragraph --u003enu003cpu003eu003cemu003eu003ca href=\" target=\"_blank\" rel=\"noopener\" title=\"Declare \"u003eu003cstrongu003eDeclareu003c\/strongu003eu003c\/au003eu003cstrongu003e u003c\/strongu003e u003c\/emu003e mixes supernatural fiction with the espionage novel to pulse-pounding effect. This deeply Catholic book won the 2001 World Fantasy Award for best novel. Writer Tim Powers is known for creating exciting narratives that also pose existential questions. \"What you want to consider with escapism is not just what you\u2019re escaping from,\" Powers has said, \"but what are you escaping to?\"u003c\/pu003enu003c!-- \/wp:paragraph --u003ennu003c!-- wp:aleteia\/rich-list \"index\":\"2\",\"text\":\"To Crown with Liberty\" --u003enu003ch3 class=\"wp-block-aleteia-rich-list\"u003eu003cspanu003e2u003c\/spanu003eu003cstrongu003eTo Crown with Libertyu003c\/strongu003eu003c\/h3u003enu003c!-- \/wp:aleteia\/rich-list --u003ennu003c!-- wp:paragraph --u003enu003cpu003eu003cemu003eChrism Press, 2024.u003c\/emu003eu003c\/pu003enu003c!-- \/wp:paragraph --u003ennu003c!-- wp:paragraph --u003enu003cpu003eSet in revolutionary France and colonial Louisiana, u003ca href=\" target=\"_blank\" rel=\"noopener\" title=\"To Crown with Liberty\"u003eu003cstrongu003eTo Crown with Libertyu003c\/strongu003eu003c\/au003e follows a brave young woman who is caught up in epic events. Author Karen Ullo skillfully weaves fact and fiction to create a moving historical novel. u003cemu003eAleteia u003c\/emu003eessayist Fr. Michael Rennier says that the book is \"meticulously researched and has a lot to offer to a history buff, but manages to tell a very real, very human story.\"u003c\/pu003enu003c!-- \/wp:paragraph --u003ennu003c!-- wp:aleteia\/rich-list \"index\":\"3\",\"text\":\"All the Light We Cannot See\" --u003enu003ch3 class=\"wp-block-aleteia-rich-list\"u003eu003cspanu003e3u003c\/spanu003eu003cstrongu003eAll the Light We Cannot Seeu003c\/strongu003eu003c\/h3u003enu003c!-- \/wp:aleteia\/rich-list --u003ennu003c!-- wp:paragraph --u003enu003cpu003eu003cemu003eScribner, 2017. u003cstrongu003eOur Well-Read Mom selection!u003c\/strongu003eu003c\/emu003eu003c\/pu003enu003c!-- \/wp:paragraph --u003ennu003c!-- wp:paragraph --u003enu003cpu003eThe lives of a blind Parisian girl and young German soldier unexpectedly come together during World War II in Anthony Doerr's Pulitzer Prize-winning novel. u003cemu003eu003ca href=\" target=\"_blank\" rel=\"noopener\" title=\"All the Light We Cannot See\"u003eu003cstrongu003eAll the Light We Cannot Seeu003c\/strongu003eu003c\/au003eu003c\/emu003e is presented in collaboration with u003ca href=\" target=\"_blank\" rel=\"noopener\" title=\"Well-Read Mom\"u003eWell-Read Momu003c\/au003e as part of their Summer Reads program.u003c\/pu003enu003c!-- \/wp:paragraph --u003ennu003c!-- wp:paragraph --u003enu003cpu003eCheck back on Monday, June 3, for an in-depth look at how to approach the novel, and to learn about a special offer that Well-Read Mom is extending to u003cemu003eAleteia u003c\/emu003ereaders!u003c\/pu003enu003c!-- \/wp:paragraph --u003ennu003c!-- wp:aleteia\/rich-list \"index\":\"4\",\"text\":\"The Jon Mote Mysteries\" --u003enu003ch3 class=\"wp-block-aleteia-rich-list\"u003eu003cspanu003e4u003c\/spanu003eu003cstrongu003eThe Jon Mote Mysteriesu003c\/strongu003eu003c\/h3u003enu003c!-- \/wp:aleteia\/rich-list --u003ennu003c!-- wp:paragraph --u003enu003cpu003eu003cemu003eSlant Books 2016-2022.u003c\/emu003eu003c\/pu003enu003c!-- \/wp:paragraph --u003ennu003c!-- wp:paragraph --u003enu003cpu003eJon Mote is an \"accidental sleuth\" who attempts to solve puzzling crimes while unable to straighten out his own train wreck of a life. He is aided by his sister Judy who is cognitively impaired and may also be a saint. Starting with u003cemu003eu003ca href=\" target=\"_blank\" rel=\"noopener\" title=\"Death Comes for the Deconstructionist\"u003eu003cstrongu003eDeath Comes for the Deconstructionistu003c\/strongu003eu003c\/au003eu003c\/emu003e, author Daniel Taylor created a four-book series that will delight mystery fans and lovers of literary fiction.u003c\/pu003enu003c!-- \/wp:paragraph --u003ennu003c!-- wp:aleteia\/rich-list \"index\":\"5\",\"text\":\"Helena\" --u003enu003ch3 class=\"wp-block-aleteia-rich-list\"u003eu003cspanu003e5u003c\/spanu003eu003cstrongu003eHelenau003c\/strongu003eu003c\/h3u003enu003c!-- \/wp:aleteia\/rich-list --u003ennu003c!-- wp:paragraph --u003enu003cpu003eu003cemu003eBay Back Books, 2012 edition.u003c\/emu003eu003c\/pu003enu003c!-- \/wp:paragraph --u003ennu003c!-- wp:paragraph --u003enu003cpu003eEvelyn Waugh thought u003cemu003eu003ca href=\" target=\"_blank\" rel=\"noopener\" title=\"Helena\"u003eu003cstrongu003eHelenau003c\/strongu003eu003c\/au003e u003c\/emu003e his best book, though it is shamefully neglected today. In telling the story of St. Helena and her discovery of the True Cross, the great Catholic novelist playfully sticks to the few facts and legends that have come down to us about the mother of Constantine the Great. And, yes, Waugh was correct -- this gem of a book is indeed his masterpiece.u003c\/pu003enu003c!-- \/wp:paragraph --u003ennu003c!-- wp:aleteia\/rich-list \"index\":\"6\",\"text\":\"Lord of the World\" --u003enu003ch3 class=\"wp-block-aleteia-rich-list\"u003eu003cspanu003e6u003c\/spanu003eu003cstrongu003eLord of the Worldu003c\/strongu003eu003c\/h3u003enu003c!-- \/wp:aleteia\/rich-list --u003ennu003c!-- wp:paragraph --u003enu003cpu003eu003cemu003eVoyage Comics, 2023 edition.u003c\/emu003eu003c\/pu003enu003c!-- \/wp:paragraph --u003ennu003c!-- wp:paragraph --u003enu003cpu003eWritten in 1907, Robert Hugh Benson's science fiction novel is about a charismatic leader who builds a utopia where God and religion are rendered irrelevant. The result is a \"perfect\" world where hope is absent and euthanasia has become increasingly common. Sound familiar? u003cemu003eu003ca href=\" target=\"_blank\" rel=\"noopener\" title=\"Lord of the World\"u003eu003cstrongu003eLord of the Worldu003c\/strongu003eu003c\/au003eu003c\/emu003e is a must-read according to both Pope Benedict XVI and Pope Francis, so what are you waiting for?u003c\/pu003enu003c!-- \/wp:paragraph --u003ennu003c!-- wp:aleteia\/heading3 \"content\":\"2024 Summer nonfiction recommendations for adults\" --u003enu003ch3u003e2024 Summer nonfiction recommendations for adultsu003c\/h3u003enu003c!-- \/wp:aleteia\/heading3 --u003ennu003c!-- wp:image \"id\":806182,\"sizeSlug\":\"large\",\"linkDestination\":\"none\" --u003enu003cfigure class=\"wp-block-image size-large\"u003eu003cimg src=\" alt=\"Aleteia 2024 Summer Book List: Adult Nonfiction\" class=\"wp-image-806182\" \/u003eu003c\/figureu003enu003c!-- \/wp:image --u003ennu003c!-- wp:aleteia\/rich-list \"index\":\"1\",\"text\":\"The Great Bridge\" --u003enu003ch3 class=\"wp-block-aleteia-rich-list\"u003eu003cspanu003e1u003c\/spanu003eu003cstrongu003eThe Great Bridgeu003c\/strongu003eu003c\/h3u003enu003c!-- \/wp:aleteia\/rich-list --u003ennu003c!-- wp:paragraph --u003enu003cpu003eu003cemu003eSimon u0026amp; Schuster, 1983.u003c\/emu003eu003c\/pu003enu003c!-- \/wp:paragraph --u003ennu003c!-- wp:paragraph --u003enu003cpu003eWhen Baltimore's Francis Scott Key Bridge collapsed in March, the incident underscored how fragile our country's infrastructure is. It also reminded us just how complicated it is to design and build a major bridge that will stand the test of time. In u003cemu003eu003cstrongu003eu003ca href=\" target=\"_blank\" rel=\"noopener\" title=\"The Great Bridge\"u003eThe Great Bridgeu003c\/au003eu003c\/strongu003eu003c\/emu003e, David McCullough recounts the building of the Brooklyn Bridge, which took 14 years to construct and first opened more than 140 years ago. The narrative brings home how much planning, toil, and sacrifice go into constructing bridges that we take for granted until they are no more.u003c\/pu003enu003c!-- \/wp:paragraph --u003ennu003c!-- wp:aleteia\/rich-list \"index\":\"2\",\"text\":\"Little Brother\" --u003enu003ch3 class=\"wp-block-aleteia-rich-list\"u003eu003cspanu003e2u003c\/spanu003eu003cstrongu003eLittle Brotheru003c\/strongu003eu003c\/h3u003enu003c!-- \/wp:aleteia\/rich-list --u003ennu003c!-- wp:paragraph --u003enu003cpu003eu003cemu003eArcade Publishing, 2021. u003c\/emu003eu003c\/pu003enu003c!-- \/wp:paragraph --u003ennu003c!-- wp:paragraph --u003enu003cpu003eStatistics on the number of refugees in the world vary widely -- but they certainly number in the tens of millions. As conflicts spread around the world, that number will only rise. Behind those bleak statistics, however, there are actual names and faces. In u003cemu003eu003ca href=\" target=\"_blank\" rel=\"noopener\" title=\"Little Brother\"u003eu003cstrongu003eLittle Brotheru003c\/strongu003eu003c\/au003eu003c\/emu003e, Ibrahima Balde and Amets Arzallus Antia paint a very personal, even intimate, portrait of the refugee crisis, telling the story of Ibrahima's own arduous journey. u003c\/pu003enu003c!-- \/wp:paragraph --u003ennu003c!-- wp:aleteia\/rich-list \"index\":\"3\",\"text\":\"Life: My Story Through History\" --u003enu003ch3 class=\"wp-block-aleteia-rich-list\"u003eu003cspanu003e3u003c\/spanu003eu003cstrongu003eLife: My Story Through Historyu003c\/strongu003eu003c\/h3u003enu003c!-- \/wp:aleteia\/rich-list --u003ennu003c!-- wp:paragraph --u003enu003cpu003eu003cemu003eHarperOne, 2024.u003c\/emu003eu003c\/pu003enu003c!-- \/wp:paragraph --u003ennu003c!-- wp:paragraph --u003enu003cpu003eBilled as a kind of autobiography of Pope Francis, u003ca href=\" target=\"_blank\" rel=\"noopener\" title=\"Life: My Story Through History \"u003eu003cemu003eu003cstrongu003eLife: My Story Through Historyu003c\/strongu003eu003c\/emu003eu003c\/au003e is really more like an extended interview with the Holy Father. The Pope shares many of the incidents, large and small, that marked his life since childhood to the present. Kathleen N. Hattrup, the Executive Editor of u003cemu003eAleteia's u003c\/emu003eEnglish edition, says that, \"u003cemu003eLifeu003c\/emu003e is an easy read, as it is as simple as enjoying stories.\"u003c\/pu003enu003c!-- \/wp:paragraph --u003ennu003c!-- wp:aleteia\/rich-list \"index\":\"4\",\"text\":\"The Watchmaker's Daughter\" --u003enu003ch3 class=\"wp-block-aleteia-rich-list\"u003eu003cspanu003e4u003c\/spanu003eu003cstrongu003eThe Watchmaker's Daughteru003c\/strongu003eu003c\/h3u003enu003c!-- \/wp:aleteia\/rich-list --u003ennu003c!-- wp:paragraph --u003enu003cpu003eu003cemu003eWilliam Morrow, 2023.u003c\/emu003eu003c\/pu003enu003c!-- \/wp:paragraph --u003ennu003c!-- wp:paragraph --u003enu003cpu003eYou may have heard of Corrie ten Boom, the Dutch woman who, with her family's help, hid and saved countless Jews and refugees from the Gestapo during the Second World War. Remarkably, there has never been a major biography of this extraordinary figure. u003cstrongu003eu003cemu003eu003ca href=\" target=\"_blank\" rel=\"noopener\" title=\"The Watchmaker's Daughter\"u003eThe Watchmaker's Daughteru003c\/au003eu003c\/emu003eu003c\/strongu003eu003cemu003e: The True Story of World War II Heroine Corrie ten Boomu003c\/emu003e by Larry Loftis remedies that oversight. u003c\/pu003enu003c!-- \/wp:paragraph --u003ennu003c!-- wp:aleteia\/rich-list \"index\":\"5\",\"text\":\"Localism: Coming home to Catholic social teaching\" --u003enu003ch3 class=\"wp-block-aleteia-rich-list\"u003eu003cspanu003e5u003c\/spanu003eu003cstrongu003eLocalism: Coming home to Catholic social teachingu003c\/strongu003eu003c\/h3u003enu003c!-- \/wp:aleteia\/rich-list --u003ennu003c!-- wp:paragraph --u003enu003cpu003eu003cemu003eSophia Institute Press, 2024.u003c\/emu003eu003c\/pu003enu003c!-- \/wp:paragraph --u003ennu003c!-- wp:paragraph --u003enu003cpu003eSimply put, u003ca href=\" target=\"_blank\" rel=\"noopener\" title=\"Localism: Coming Home to Catholic Social Teaching\"u003eu003cstrongu003eu003cemu003eLocalism: Coming Home to Catholic Social Teachingu003c\/emu003eu003c\/strongu003eu003c\/au003e is an attempt to take the distributist principles of G.K. Chesterston seriously and update them for the modern world under a new name -- localism. Never heard of distributism or localism before? Wondering how a man born 150 years ago could possibly have anything to say about life in the digital age? Do yourself a favor and pick up this book. Whether you agree with the contributors or not, you will find their arguments stimulating and thought-provoking. u003c\/pu003enu003c!-- \/wp:paragraph --u003ennu003c!-- wp:aleteia\/rich-list \"index\":\"6\",\"text\":\"The Wrecking Crew\" --u003enu003ch3 class=\"wp-block-aleteia-rich-list\"u003eu003cspanu003e6u003c\/spanu003eu003cstrongu003eThe Wrecking Crewu003c\/strongu003eu003c\/h3u003enu003c!-- \/wp:aleteia\/rich-list --u003ennu003c!-- wp:paragraph --u003enu003cpu003eu003cemu003eSt. Martin\u2019s Griffin, 2013.u003c\/emu003eu003c\/pu003enu003c!-- \/wp:paragraph --u003ennu003c!-- wp:paragraph --u003enu003cpu003eWhat if there was a secret rock band full of incredibly talented musicians who provided the music for some of the biggest hits of the 60s? And what if these renegades proved to be the \"secret weapon\" that launched groups like The Monkees and The Beach Boys into superstardom? Well, such a band did exist. It was called \"The Wrecking Crew,\" and the session musicians who performed in the band helped create such classic songs as \"California Dreamin'\" and \"Bridge Over Troubled Waters.\" In u003ca href=\" target=\"_blank\" rel=\"noopener\" title=\"The Wrecking Crew: The Inside Story of Rock and Roll's Best-Kept Secret\"u003eu003cstrongu003eu003cemu003eThe Wrecking Crew: The Inside Story of Rock and Roll's Best-Kept Secretu003c\/emu003eu003c\/strongu003eu003c\/au003e, writer Kent Hartman finally lets the secret out in highly entertaining fashion.u003c\/pu003enu003c!-- \/wp:paragraph --u003ennu003c!-- wp:image \"id\":806202,\"width\":\"720px\",\"height\":\"auto\",\"sizeSlug\":\"large\",\"linkDestination\":\"none\" --u003enu003cfigure class=\"wp-block-image size-large is-resized\"u003eu003cimg src=\" alt=\"Summer book list Icon\" class=\"wp-image-806202\" style=\"width:720px;height:auto\" \/u003eu003c\/figureu003enu003c!-- \/wp:image --u003ennu003c!-- wp:paragraph --u003enu003cpu003eLook for the icon above to find all our book articles, etc. as they are published throughout the coming weeks. Enjoy your summer and happy reading!u003c\/pu003enu003c!-- \/wp:paragraph --u003ennu003c!-- wp:aleteia\/read-also {\"link\":\" 2023 Summer Book List: Adult Fiction and Nonfiction\",\"image\":\" --u003enu003cdiv class=\"read-also\"u003eu003ca href=\" 2023 Summer Book List: Adult Fiction and Nonfictionu003c\/au003eu003c\/divu003enu003c!-- \/wp:aleteia\/read-also --u003ennu003c!-- wp:aleteia\/read-also {\"link\":\" \\u0026#8220;Big Winter Books\\u0026#8221; for 2024 (Photo Gallery)\",\"image\":\" --u003enu003cdiv class=\"read-also\"u003eu003ca href=\" u0026#8220;Big Winter Booksu0026#8221; for 2024 (Photo Gallery)u003c\/au003eu003c\/divu003enu003c!-- \/wp:aleteia\/read-also --u003e\",\"pages\":1,\"language\":\"en\",\"galleries\":[],\"video\":false,\"title\":\"Aleteia 2024 Summer Book List: Adult Fiction and Nonfiction\",\"subheading\":\"Our summer book list is back! Your friends at Aleteia have chosen a dozen fabulous books for you to enjoy while at the beach or chilling inside near the AC.\",\"author\":\"John Touhey\",\"author_2\":\"\",\"authors_obj\":[\"ID\":\"754445\",\"link\":\" Touhey is the Deputy Executive Editor of Aleteia\u2019s English edition. He has worked as a writer, filmmaker, and content creator on numerous projects and platforms.\",\"twitter\":\"\",\"facebook\":\"\",\"subtitle\":\"\",\"title_guest_author\":\"\",\"thumb\":\" Touhey\",\"hreflangs\": Collage by Fabiana Touhey\",\"link\":\"\",\"caption\":\"\",\"alt\":\"Aleteia 2024 Summer Book List: Adult Fiction and Nonfiction\",\"link\":\"\/2024\/05\/28\/aleteia-2024-summer-book-list-adult-fiction-and-nonfiction\/\",\"category_obj\":\"link\":\" 0, 31, 77, 1 )\",\"term_id\":278,\"category\":\"Lifestyle\",\"category_slug\":\"lifestyle\",\"category_id\":278,\"category_color\":\"#001F4D\",\"parent_category\":\"Lifestyle\",\"published\":1716870600,\"published_datalayer\":\"2024.05.28\",\"article_modified_date\":\"\",\"article_modified\":false,\"published_formatted\":\"published on 05\/28\/24\",\"tags\":\"Books, Culture, Fiction\",\"firsttag\":\"Fiction\",\"tags_items\":[\"term_id\":423714819,\"name\":\"Books\",\"link\":\" Department\",\"settings\":\"disable_slideshow_cta\":\"\",\"template_customizations\":\"\",\"post_appearance_setting\":\"no_drop_caps\":false,\"hide_from_tops\":false,\"hide_date\":false,\"hide_post\":false,\"hide_post_in_newsletter\":false,\"ads_disabled\":false,\"inread_ads_disabled\":false,\"custom_inread_position_enabled\":false,\"custom_inread_position\":\"2\",\"test_pixel_enabled\":false,\"test_pixel_position\":\"\",\"exclude_banner_article\":false,\"div_moneytags_position\":\"\",\"hide_promotional_box\":false,\"original_article\":\"is_original\":\"1\",\"url\":\"\",\"edition\":\"en\",\"gtm\":\"page_type\":\"\",\"page_type_2\":\"\",\"category_name\":\"lifestyle\",\"article_subcategory\":\"Lifestyle\",\"article_type\":\"article\",\"cd\":\"dimension1\":\"John Touhey\",\"dimension2\":\"Lifestyle\",\"dimension3\":\"1716870600\",\"dimension4\":\"en\",\"dimension5\":\"\",\"dimension6\":\"article\",\"dimension7\":\"2024.05.28\",\"dimension8\":\"Books, Culture, Fiction\",\"dimension9\":\"Our summer book list is back! Your friends at Aleteia have chosen a dozen fabulous books for you to enjoy while at the beach or chilling inside near the AC.\",\"dimension10\":\"805901\",\"dimension11\":\"Books\",\"dimension12\":\"web\",\"dimension13\":\"\",\"dimension17\":\"Lifestyle Department\",\"dimension14\":\"Lifestyle\",\"photo_of_the_day\":false,\"daily_wisdom\":false,\"word_count\":2299,\"shortcodes\":[],\"sponsoredSettings\":,\"isSponsored\":false,\"custom_skin_settings\":\"slot\":\"custom-skin\",\"library\":\"theme.Skin\",\"skin_default_article\":\"1\",\"hide_from_layout_endpoint\":\"1\",\"props\":\"id\":\"custom-skid-ad\",\"unit\":\"64500793\/EN_DESK_ARTICLE_SKIN_1x1\",\"collapse_empty_divs\":false,\"premium_ads\":false,\"bids\":\"\",\"nexxx360_id\":\"\",\"size\":[],\"adjacent_posts\":\"next_post\":\"link\":\" Article \",\"prev_post\":\"link\":\" Article \",\"close_comments\":false,\"premium_content\":\"\",\"trunked_content\":\"u003ch2 class=\"subtitle\"u003eOur summer book list is back! Your friends at Aleteia have chosen a dozen fabulous books for you to enjoy while at the beach or chilling inside near the AC.u003c\/h2u003enu003cpu003eBack by popular demand, u003cemu003eAleteia's u003c\/emu003esummer book list has once again been thoughtfully curated to provide you, our discerning readers, with a host of fabulous reads that will enrich your minds and souls over the coming months. Over the course of the next few weeks, we will publish articles about each of the books on our list to enhance your reading experience.u003c\/pu003ennu003cpu003eu003cemu003eNote: Many of the books on our adult list deal with grownup subject matters and may not be suitable for young readers. Just like last year, however, we have summer book lists for teens and kidu003c\/emu003esu0026nbsp;u003cemu003ecoming later this week!u003c\/emu003eu003c\/pu003en\",{\"simple\":false,\"id\":772016,\"related\":[],\"content\":\"u003cspan class=\"subtitle\"u003eWhile the body of Blessed Carlo Acutis may appear incorrupt, it was never officially declared so.u003c\/spanu003eu003cpu003eWhen searching the internet for images of Blessed Carlo Acutisu0026#8217; tomb, it may appear at first glance that the teenage-saintu0026#8217;s body is incorrupt.u003c\/pu003enu003cpu003eReports are also confusing, as some u003ca href=\" title=\"Postulator tells Italian TV of report that Carlo Acutis\u2019 body is incorrupt\"u003eItalian news reports from 2020u003c\/au003e claimed that his body was incorrupt.u003c\/pu003enu003cpu003eHowever, the official word is that his body is u0026#8220;not incorrupt.u0026#8221;u003c\/pu003enu003cpu003eArchbishop Domenico Sorrentino of Assisi said at the Mass at the opening of the tomb on u003ca href=\" 1, 2020u003c\/au003e, that, u0026#8220;Today we \u2026 see him again in his mortal body. A body that has passed, in the years of burial in Assisi, u003cstrongu003ethrough the normal process of decayu003c\/strongu003e.u0026#8221;u003c\/pu003enu003cpu003eAs stated in a previous article on u003ca href=\" Fr. Carlos Ac\u00e1cio Gon\u00e7alves Ferreira, the rector of the shrine where Carlo\u2019s tomb is, said that his body was discovered \u201cfully integral,\u201d though not intact.u003c\/pu003enu003cdiv id='aleteia-welcome'u003eu003c\/divu003enu003cpu003eu003cstrongu003eWhile his body appears to be incorrupt through the viewing glass,u003c\/strongu003e it is covered with a u003cstrongu003ewax layer u003c\/strongu003ethat is molded to look like his body prior to burial. This is not uncommon for the presentation of saints\u2019 bodies.u003c\/pu003enu003cpu003eThe remains of saints in Europe, especially in Italy, are often encased in a wax layer, so that they can be presented in a glass reliquary and pilgrims can see the saint as they were when they died.u003c\/pu003enu003cpu003eEven though his body is not incorrupt, the holiness of Blessed Carlou0026#8217;s life remains a powerful example for all people, especially teenagers.u003c\/pu003enu003cpu003eu003ca href=\" target=\"_blank\" rel=\"noopener\" title=\"Read here\"u003eRead hereu003c\/au003e to understand what an u0026#8220;incorrupt bodyu0026#8221; is in relation to the saints.u003c\/pu003enu003cfigure class=\"wp-block-embed is-type-video is-provider-dailymotion wp-block-embed-dailymotion wp-embed-aspect-16-9 wp-has-aspect-ratio\" data-original=\"false\"u003enu003cdiv class=\"wp-block-embed__wrapper\"u003enu003ciframe loading=\"lazy\" title=\"Meet Carlo Acutis: A Teenage Testament to the Faith\" frameborder=\"0\" width=\"1200\" height=\"674\" src=\" allowfullscreen allow=\"autoplay; fullscreen; picture-in-picture; web-share\"u003eu003c\/iframeu003enu003c\/divu003enu003c\/figureu003entu003cdiv data-category=\"Art u0026amp; Culture\" data-category-english=\"culture\" class=\"wp-block-aleteia-read-also read-also\"u003enttu003cfigureu003entttu003cimgnttttsrc=\" acutis comic book\"nttttloading=\"lazy\" \/u003enttu003c\/figureu003enttu003cdiv class=\"read-also-inner\"u003entttu003cemu003eRead more:u003c\/emu003eu003ca href=\" comic book on Blessed Carlo Acutisu0026#8217; life unveiled on feast dayu003c\/au003enttu003c\/divu003entu003c\/divu003etu003cdiv data-category=\"Spirituality\" data-category-english=\"spirituality\" class=\"wp-block-aleteia-read-also read-also\"u003enttu003cfigureu003entttu003cimgnttttsrc=\" ACUTIS\"nttttloading=\"lazy\" \/u003enttu003c\/figureu003enttu003cdiv class=\"read-also-inner\"u003entttu003cemu003eRead more:u003c\/emu003eu003ca href=\" Blessed Carlo Acutis\u2019 tomb highlights the universal call to holinessu003c\/au003enttu003c\/divu003entu003c\/divu003e\",\"rawcontent\":\"u003c!-- wp:aleteia\/subtitle \/--u003ennu003c!-- wp:paragraph --u003enu003cpu003eWhen searching the internet for images of Blessed Carlo Acutis' tomb, it may appear at first glance that the teenage-saint's body is incorrupt.u003c\/pu003enu003c!-- \/wp:paragraph --u003ennu003c!-- wp:paragraph --u003enu003cpu003eReports are also confusing, as some u003ca href=\" title=\"Postulator tells Italian TV of report that Carlo Acutis\u2019 body is incorrupt\"u003eItalian news reports from 2020u003c\/au003e claimed that his body was incorrupt.u003c\/pu003enu003c!-- \/wp:paragraph --u003ennu003c!-- wp:paragraph --u003enu003cpu003eHowever, the official word is that his body is \"not incorrupt.\"u003c\/pu003enu003c!-- \/wp:paragraph --u003ennu003c!-- wp:paragraph --u003enu003cpu003eArchbishop Domenico Sorrentino of Assisi said at the Mass at the opening of the tomb on u003ca href=\" 1, 2020u003c\/au003e, that, \"Today we \u2026 see him again in his mortal body. A body that has passed, in the years of burial in Assisi, u003cstrongu003ethrough the normal process of decayu003c\/strongu003e.\"u003c\/pu003enu003c!-- \/wp:paragraph --u003ennu003c!-- wp:paragraph --u003enu003cpu003eAs stated in a previous article on u003ca href=\" Fr. Carlos Ac\u00e1cio Gon\u00e7alves Ferreira, the rector of the shrine where Carlo\u2019s tomb is, said that his body was discovered \u201cfully integral,\u201d though not intact.u003c\/pu003enu003c!-- \/wp:paragraph --u003ennu003c!-- wp:paragraph --u003enu003cpu003eu003cstrongu003eWhile his body appears to be incorrupt through the viewing glass,u003c\/strongu003e it is covered with a u003cstrongu003ewax layer u003c\/strongu003ethat is molded to look like his body prior to burial. This is not uncommon for the presentation of saints\u2019 bodies.u003c\/pu003enu003c!-- \/wp:paragraph --u003ennu003c!-- wp:paragraph --u003enu003cpu003eThe remains of saints in Europe, especially in Italy, are often encased in a wax layer, so that they can be presented in a glass reliquary and pilgrims can see the saint as they were when they died.u003c\/pu003enu003c!-- \/wp:paragraph --u003ennu003c!-- wp:paragraph --u003enu003cpu003eEven though his body is not incorrupt, the holiness of Blessed Carlo's life remains a powerful example for all people, especially teenagers.u003c\/pu003enu003c!-- \/wp:paragraph --u003ennu003c!-- wp:paragraph --u003enu003cpu003eu003ca href=\" target=\"_blank\" rel=\"noopener\" title=\"Read here\"u003eRead hereu003c\/au003e to understand what an \"incorrupt body\" is in relation to the saints.u003c\/pu003enu003c!-- \/wp:paragraph --u003ennu003c!-- wp:embed \"url\":\" wp-has-aspect-ratio\" --u003enu003cfigure class=\"wp-block-embed is-type-video is-provider-dailymotion wp-block-embed-dailymotion wp-embed-aspect-16-9 wp-has-aspect-ratio\"u003eu003cdiv class=\"wp-block-embed__wrapper\"u003en \/wp:embed --u003ennu003c!-- wp:aleteia\/read-also {\"link\":\" comic book on Blessed Carlo Acutis\\u0026#8217; life unveiled on feast day\",\"image\":\" --u003enu003cdiv class=\"read-also\"u003eu003ca href=\" comic book on Blessed Carlo Acutisu0026#8217; life unveiled on feast dayu003c\/au003eu003c\/divu003enu003c!-- \/wp:aleteia\/read-also --u003ennu003c!-- wp:aleteia\/read-also {\"link\":\" Blessed Carlo Acutis\u2019 tomb highlights the universal call to holiness\",\"image\":\" --u003enu003cdiv class=\"read-also\"u003eu003ca href=\" Blessed Carlo Acutis\u2019 tomb highlights the universal call to holinessu003c\/au003eu003c\/divu003enu003c!-- \/wp:aleteia\/read-also --u003e\",\"pages\":1,\"language\":\"en\",\"galleries\":[],\"video\":false,\"title\":\"Is the body of Blessed Carlo Acutis incorrupt?\",\"subheading\":\"While the body of Blessed Carlo Acutis may appear incorrupt, it was never officially declared so.\",\"author\":\"Philip Kosloski\",\"author_2\":\"\",\"authors_obj\":[\"ID\":\"1243\",\"link\":\" Kosloski graduated from the University of Saint Thomas in Minnesota with a bachelor's degree in philosophy and Catholic studies and a master's degree in theology from the Augustine Institute. He is currently a spirituality writer for Aleteia.org and has been featured on such places as The Huffington Post, Crisis Magazine, The Catholic Herald, Catholic Exchange, National Catholic Register and EWTN Radio.\",\"twitter\":\"PhilipKosloski\",\"facebook\":\"philipkosloski\",\"subtitle\":\"\",\"title_guest_author\":\"\",\"thumb\":\" Kosloski\",\"hreflangs\":\"en\":\" Assisi - Nocera Umbra - Gualdo Tadino\",\"link\":\"\",\"caption\":\"\",\"alt\":\"CARLO ACUTIS, CIA\u0141O\",\"link\":\"\/2023\/10\/09\/is-the-body-of-bl-carlo-acutis-incorrupt\/\",\"category_obj\":\"link\":\" 78, 21, 171, 1 )\",\"term_id\":1494,\"category\":\"Spirituality\",\"category_slug\":\"spirituality\",\"category_id\":1494,\"category_color\":\"#4e15ab\",\"parent_category\":\"Spirituality\",\"published\":1696838400,\"published_datalayer\":\"2023.10.09\",\"article_modified_date\":\"\",\"article_modified\":false,\"published_formatted\":\"published on 10\/09\/23\",\"tags\":\"Carlo Acutis, Saints\",\"firsttag\":\"Saints\",\"tags_items\":[\"term_id\":423717326,\"name\":\"Carlo Acutis\",\"link\":\" Department\",\"settings\":\"disable_slideshow_cta\":\"\",\"template_customizations\":\"\",\"post_appearance_setting\":\"no_drop_caps\":false,\"hide_from_tops\":false,\"hide_date\":false,\"hide_post\":false,\"hide_post_in_newsletter\":false,\"ads_disabled\":false,\"inread_ads_disabled\":false,\"custom_inread_position_enabled\":false,\"custom_inread_position\":\"2\",\"test_pixel_enabled\":false,\"test_pixel_position\":\"\",\"exclude_banner_article\":false,\"div_moneytags_position\":\"\",\"hide_promotional_box\":false,\"original_article\":\"is_original\":\"1\",\"url\":\"\",\"edition\":\"en\",\"gtm\":\"page_type\":\"\",\"page_type_2\":\"\",\"category_name\":\"spirituality\",\"article_subcategory\":\"Spirituality\",\"article_type\":\"article\",\"cd\":\"dimension1\":\"Philip Kosloski\",\"dimension2\":\"Spirituality\",\"dimension3\":\"1696838400\",\"dimension4\":\"en\",\"dimension5\":\"\",\"dimension6\":\"article\",\"dimension7\":\"2023.10.09\",\"dimension8\":\"Carlo Acutis, Saints\",\"dimension9\":\"While the body of Blessed Carlo Acutis may appear incorrupt, it was never officially declared so.\",\"dimension10\":\"772016\",\"dimension11\":\"Carlo Acutis\",\"dimension12\":\"web\",\"dimension13\":\"\",\"dimension17\":\"Spirituality Department\",\"dimension14\":\"Spirituality\",\"photo_of_the_day\":false,\"daily_wisdom\":false,\"word_count\":573,\"shortcodes\":[],\"sponsoredSettings\":,\"isSponsored\":false,\"custom_skin_settings\":\"slot\":\"custom-skin\",\"library\":\"theme.Skin\",\"skin_default_article\":\"1\",\"hide_from_layout_endpoint\":\"1\",\"props\":\"id\":\"custom-skid-ad\",\"unit\":\"64500793\/EN_DESK_ARTICLE_SKIN_1x1\",\"collapse_empty_divs\":false,\"premium_ads\":false,\"bids\":\"\",\"nexxx360_id\":\"\",\"size\":[],\"adjacent_posts\":\"next_post\":\"link\":\" Article \",\"prev_post\":\"link\":\" Article \",\"close_comments\":false,\"premium_content\":\"\",\"trunked_content\":\"u003ch2 class=\"subtitle\"u003eWhile the body of Blessed Carlo Acutis may appear incorrupt, it was never officially declared so.u003c\/h2u003enu003cpu003eWhen searching the internet for images of Blessed Carlo Acutis' tomb, it may appear at first glance that the teenage-saint's body is incorrupt.u003c\/pu003ennu003cpu003eReports are also confusing, as some u003ca href=\" title=\"Postulator tells Italian TV of report that Carlo Acutis\u2019 body is incorrupt\"u003eItalian news reports from 2020u003c\/au003e claimed that his body was incorrupt.u003c\/pu003en\",{\"simple\":false,\"id\":613413,\"related\":[],\"content\":\"u003cspan class=\"subtitle\"u003eThe Church has repeatedly warned Catholics of the non-Christian spirituality that the personality system promotes.u003c\/spanu003eu003cpu003eIn recent years the Enneagram personality system has skyrocketed in popularity. Even many Christians have adopted the system into their everyday life.u003c\/pu003enu003cpu003eHowever, the Catholic Church has u003cstrongu003estood firm in its warning against the Enneagram system.u003c\/strongu003eu003c\/pu003enu003cpu003eWhy is that?u003c\/pu003enu003ch3 class=\"wp-block-heading\" id=\"h-possible-occult-origins\"u003eu003cstrongu003ePossible occult originsu003c\/strongu003eu003c\/h3u003enu003cpu003eThe precise origin of the Enneagram system is hotly debated. Some say it was developed by a u003cstrongu003e4th-century Christian mystic, Evagrius Ponticusu003c\/strongu003e.u003c\/pu003enu003cpu003eStrictly speaking, Ponticus didnu0026#8217;t develop a personality system, but wrote about u0026#8220;eight deadly thoughts.u0026#8221; These u0026#8220;thoughtsu0026#8221; may have influenced the development of the u0026#8220;seven deadly sins.u0026#8221;u003c\/pu003enu003cdiv id='aleteia-welcome'u003eu003c\/divu003enu003cpu003eRegardless, his spirituality was highly criticized by St. Jerome and was u003cstrongu003econdemned by the Second Council of Constantinople.u003c\/strongu003eu003c\/pu003enu003cpu003eAnother possible origin is found in the writings of Greek philosopher u003cstrongu003ePlotinusu003c\/strongu003e. He observed 9 divine qualities that are found in human nature, and his teachings were influential in the lives of u003cstrongu003eSt. Augustine and St. Ambrose.u003c\/strongu003eu003c\/pu003enu003cpu003eThe more probable origin of the Enneagram system in use today is 19th-century Russian writer u003cstrongu003eGeorge Gurdjieffu003c\/strongu003e.u003c\/pu003enu003cpu003eGurdjieff was u003cstrongu003efascinated by the occult u003c\/strongu003eand studied various spiritualities, creating his own school of thought.u003c\/pu003enu003cpu003eYet, the Enneagram system wasnu0026#8217;t fully developed until u003cstrongu003eBolivian philosopher \u00d3scar Ichazou003c\/strongu003e founded the u0026#8220;u003ca href=\" Schoolu003c\/au003e,u0026#8221; which explains his legacy and teachings.u003c\/pu003enu003cpu003eThe goal of the system is to teach people, u0026#8220;u003cstrongu003ehow to transcend\u00a0u003c\/strongu003ethe lowest levels into the Highest State of Mind. This State is found in all of us and is available to each of us. This Higher State is our Awakened Self and is experienced as a State filled with great\u00a0u003cstrongu003eHappinessu003c\/strongu003e,\u00a0u003cstrongu003eLightu003c\/strongu003e,\u00a0u003cstrongu003eLiberationu003c\/strongu003e, and\u00a0u003cstrongu003eUnityu003c\/strongu003e.u0026#8221;u003c\/pu003enu003cpu003eAccording to the u003ca href=\" u0026#8220;Ichazo claimed to have u003cstrongu003ediscovered the personality type meaning of the enneagram u003c\/strongu003ewhile in some kind of u003cstrongu003eecstatic state or trance u003c\/strongu003eunder the influence of u003cstrongu003esome spirit or angelic beingu003c\/strongu003e.u0026#8221;u003c\/pu003enu003ch3 class=\"wp-block-heading\" id=\"h-church-s-official-warnings\"u003eChurchu0026#8217;s official warningsu003c\/h3u003enu003cpu003eSince the Enneagram system is u003cstrongu003emore based in philosophy and spirituality than scientific researchu003c\/strongu003e, the Church has u003cstrongu003ewarned Catholics to stay away.u003c\/strongu003eu003c\/pu003enu003cpu003eThis was written in a document by the Vatican in 2003,u0026nbsp;u003cemu003eu003ca href=\" Christ: Bearer of the Water of Lifeu003c\/au003eu003c\/emu003e.u003c\/pu003enu003cblockquote class=\"wp-block-quote is-layout-flow wp-block-quote-is-layout-flow\"u003eu003cpu003eu003cemu003eGnosticism has always existed side by side with Christianity, sometimes taking the shape of a philosophical movement, but more often assuming the characteristics of a religion or a para-religion in distinct, if not declared, conflict with all that is essentially Christian.\u201du0026nbsp;u003cstrongu003eAn example of this can be seen in the enneagramu003c\/strongu003e, the nine-type tool for character analysis, which when used as a means of spiritual growth introduces an u003cstrongu003eambiguity in the doctrine and the life of the Christian Faithu003c\/strongu003e.u003c\/emu003eu003c\/pu003eu003c\/blockquoteu003enu003cpu003eThe USSCB also u003ca href=\" a document on the Enneagramu003c\/au003e, giving a warning at the end of it.u003c\/pu003enu003cblockquote class=\"wp-block-quote is-layout-flow wp-block-quote-is-layout-flow\"u003eu003cpu003eu003cemu003eIn conclusion, those who are looking for an aid for personal and psychological development should be aware that u003cstrongu003eenneagram teaching lacks a scientific foundationu003c\/strongu003e for its assertion and that the enneagram is of questionable value as a scientific tool for the understanding of human psychology. Moreover, Christians who are looking for an aid for spiritual growth should be aware that u003cstrongu003ethe enneagram has its origins in a non-Christian worldviewu003c\/strongu003e and remains connected to a complex of philosophical and religious ideas that do not accord with Christian belief.u003c\/emu003eu003c\/pu003eu003c\/blockquoteu003enu003ch3 class=\"wp-block-heading\" id=\"h-healthy-alternatives-for-catholics\"u003eHealthy alternatives for Catholicsu003c\/h3u003enu003cpu003eMore u003cstrongu003ehealthy alternativesu003c\/strongu003e to the Enneagram system are the Myers-Briggs and the u003cstrongu003eclassical four temperamentsu003c\/strongu003e personality system (such as found in the book the u003cemu003eu003ca href=\" God Gave Youu003c\/au003e)u003c\/emu003e.u003c\/pu003enu003cpu003eThe four temperaments have roots in classical philosophy, but have also been studied in scientific circles.u003c\/pu003entu003cdiv data-category=\"Lifestyle\" data-category-english=\"lifestyle\" class=\"wp-block-aleteia-read-also read-also\"u003enttu003cfigureu003entttu003cimgnttttsrc=\" PLAYING\"nttttloading=\"lazy\" \/u003enttu003c\/figureu003enttu003cdiv class=\"read-also-inner\"u003entttu003cemu003eRead more:u003c\/emu003eu003ca href=\" a book about God-given temperaments is helping our entire familyu003c\/au003enttu003c\/divu003entu003c\/divu003etu003cdiv data-category=\"Lifestyle\" data-category-english=\"lifestyle\" class=\"wp-block-aleteia-read-also read-also\"u003enttu003cfigureu003entttu003cimgnttttsrc=\" \/u003enttu003c\/figureu003enttu003cdiv class=\"read-also-inner\"u003entttu003cemu003eRead more:u003c\/emu003eu003ca href=\" your personality so you can be a better parent to your kidsu003c\/au003enttu003c\/divu003entu003c\/divu003e\",\"rawcontent\":\"u003c!-- wp:aleteia\/subtitle \/--u003ennu003c!-- wp:paragraph --u003enu003cpu003eIn recent years the Enneagram personality system has skyrocketed in popularity. Even many Christians have adopted the system into their everyday life.u003c\/pu003enu003c!-- \/wp:paragraph --u003ennu003c!-- wp:paragraph --u003enu003cpu003eHowever, the Catholic Church has u003cstrongu003estood firm in its warning against the Enneagram system.u003c\/strongu003eu003c\/pu003enu003c!-- \/wp:paragraph --u003ennu003c!-- wp:paragraph --u003enu003cpu003eWhy is that?u003c\/pu003enu003c!-- \/wp:paragraph --u003ennu003c!-- wp:heading \"level\":3 --u003enu003ch3 id=\"h-possible-occult-origins\"u003eu003cstrongu003ePossible occult originsu003c\/strongu003eu003c\/h3u003enu003c!-- \/wp:heading --u003ennu003c!-- wp:paragraph --u003enu003cpu003eThe precise origin of the Enneagram system is hotly debated. Some say it was developed by a u003cstrongu003e4th-century Christian mystic, Evagrius Ponticusu003c\/strongu003e.u003c\/pu003enu003c!-- \/wp:paragraph --u003ennu003c!-- wp:paragraph --u003enu003cpu003eStrictly speaking, Ponticus didn't develop a personality system, but wrote about \"eight deadly thoughts.\" These \"thoughts\" may have influenced the development of the \"seven deadly sins.\"u003c\/pu003enu003c!-- \/wp:paragraph --u003ennu003c!-- wp:paragraph --u003enu003cpu003eRegardless, his spirituality was highly criticized by St. Jerome and was u003cstrongu003econdemned by the Second Council of Constantinople.u003c\/strongu003eu003c\/pu003enu003c!-- \/wp:paragraph --u003ennu003c!-- wp:paragraph --u003enu003cpu003eAnother possible origin is found in the writings of Greek philosopher u003cstrongu003ePlotinusu003c\/strongu003e. He observed 9 divine qualities that are found in human nature, and his teachings were influential in the lives of u003cstrongu003eSt. Augustine and St. Ambrose.u003c\/strongu003eu003c\/pu003enu003c!-- \/wp:paragraph --u003ennu003c!-- wp:paragraph --u003enu003cpu003eThe more probable origin of the Enneagram system in use today is 19th-century Russian writer u003cstrongu003eGeorge Gurdjieffu003c\/strongu003e.u003c\/pu003enu003c!-- \/wp:paragraph --u003ennu003c!-- wp:paragraph --u003enu003cpu003eGurdjieff was u003cstrongu003efascinated by the occult u003c\/strongu003eand studied various spiritualities, creating his own school of thought.u003c\/pu003enu003c!-- \/wp:paragraph --u003ennu003c!-- wp:paragraph --u003enu003cpu003eYet, the Enneagram system wasn't fully developed until u003cstrongu003eBolivian philosopher \u00d3scar Ichazou003c\/strongu003e founded the \"u003ca href=\" Schoolu003c\/au003e,\" which explains his legacy and teachings.u003c\/pu003enu003c!-- \/wp:paragraph --u003ennu003c!-- wp:paragraph --u003enu003cpu003eThe goal of the system is to teach people, \"u003cstrongu003ehow to transcend\u00a0u003c\/strongu003ethe lowest levels into the Highest State of Mind. This State is found in all of us and is available to each of us. This Higher State is our Awakened Self and is experienced as a State filled with great\u00a0u003cstrongu003eHappinessu003c\/strongu003e,\u00a0u003cstrongu003eLightu003c\/strongu003e,\u00a0u003cstrongu003eLiberationu003c\/strongu003e, and\u00a0u003cstrongu003eUnityu003c\/strongu003e.\"u003c\/pu003enu003c!-- \/wp:paragraph --u003ennu003c!-- wp:paragraph --u003enu003cpu003eAccording to the u003ca href=\" \"Ichazo claimed to have u003cstrongu003ediscovered the personality type meaning of the enneagram u003c\/strongu003ewhile in some kind of u003cstrongu003eecstatic state or trance u003c\/strongu003eunder the influence of u003cstrongu003esome spirit or angelic beingu003c\/strongu003e.\"u003c\/pu003enu003c!-- \/wp:paragraph --u003ennu003c!-- wp:heading \"level\":3 --u003enu003ch3 id=\"h-church-s-official-warnings\"u003eChurch's official warningsu003c\/h3u003enu003c!-- \/wp:heading --u003ennu003c!-- wp:paragraph --u003enu003cpu003eSince the Enneagram system is u003cstrongu003emore based in philosophy and spirituality than scientific researchu003c\/strongu003e, the Church has u003cstrongu003ewarned Catholics to stay away.u003c\/strongu003eu003c\/pu003enu003c!-- \/wp:paragraph --u003ennu003c!-- wp:paragraph --u003enu003cpu003eThis was written in a document by the Vatican in 2003,u0026nbsp;u003cemu003eu003ca href=\" Christ: Bearer of the Water of Lifeu003c\/au003eu003c\/emu003e.u003c\/pu003enu003c!-- \/wp:paragraph --u003ennu003c!-- wp:quote --u003enu003cblockquote class=\"wp-block-quote\"u003eu003cpu003eu003cemu003eGnosticism has always existed side by side with Christianity, sometimes taking the shape of a philosophical movement, but more often assuming the characteristics of a religion or a para-religion in distinct, if not declared, conflict with all that is essentially Christian.\u201du0026nbsp;u003cstrongu003eAn example of this can be seen in the enneagramu003c\/strongu003e, the nine-type tool for character analysis, which when used as a means of spiritual growth introduces an u003cstrongu003eambiguity in the doctrine and the life of the Christian Faithu003c\/strongu003e.u003c\/emu003eu003c\/pu003eu003c\/blockquoteu003enu003c!-- \/wp:quote --u003ennu003c!-- wp:paragraph --u003enu003cpu003eThe USSCB also u003ca href=\" a document on the Enneagramu003c\/au003e, giving a warning at the end of it.u003c\/pu003enu003c!-- \/wp:paragraph --u003ennu003c!-- wp:quote --u003enu003cblockquote class=\"wp-block-quote\"u003eu003cpu003eu003cemu003eIn conclusion, those who are looking for an aid for personal and psychological development should be aware that u003cstrongu003eenneagram teaching lacks a scientific foundationu003c\/strongu003e for its assertion and that the enneagram is of questionable value as a scientific tool for the understanding of human psychology. Moreover, Christians who are looking for an aid for spiritual growth should be aware that u003cstrongu003ethe enneagram has its origins in a non-Christian worldviewu003c\/strongu003e and remains connected to a complex of philosophical and religious ideas that do not accord with Christian belief.u003c\/emu003eu003c\/pu003eu003c\/blockquoteu003enu003c!-- \/wp:quote --u003ennu003c!-- wp:heading \"level\":3 --u003enu003ch3 id=\"h-healthy-alternatives-for-catholics\"u003eHealthy alternatives for Catholicsu003c\/h3u003enu003c!-- \/wp:heading --u003ennu003c!-- wp:paragraph --u003enu003cpu003eMore u003cstrongu003ehealthy alternativesu003c\/strongu003e to the Enneagram system are the Myers-Briggs and the u003cstrongu003eclassical four temperamentsu003c\/strongu003e personality system (such as found in the book the u003cemu003eu003ca href=\" God Gave Youu003c\/au003e)u003c\/emu003e.u003c\/pu003enu003c!-- \/wp:paragraph --u003ennu003c!-- wp:paragraph --u003enu003cpu003eThe four temperaments have roots in classical philosophy, but have also been studied in scientific circles.u003c\/pu003enu003c!-- \/wp:paragraph --u003ennu003c!-- wp:aleteia\/read-also \"source\":\"search\",\"post_id\":269367 --u003enu003cdiv class=\"wp-block-aleteia-read-also read-also\"u003eu003cfigureu003eu003cimg src=\" alt=\"Thumbnail for read also\" loading=\"lazy\" \/u003eu003c\/figureu003eu003cdiv class=\"read-also-inner\"u003eu003cemu003eRead more:u003c\/emu003eu003ca href=\" a book about God-given temperaments is helping our entire familyu003c\/au003eu003c\/divu003eu003c\/divu003enu003c!-- \/wp:aleteia\/read-also --u003ennu003c!-- wp:aleteia\/read-also \"source\":\"search\",\"post_id\":584148 --u003enu003cdiv class=\"wp-block-aleteia-read-also read-also\"u003eu003cfigureu003eu003cimg src=\" alt=\"Thumbnail for read also\" loading=\"lazy\" \/u003eu003c\/figureu003eu003cdiv class=\"read-also-inner\"u003eu003cemu003eRead more:u003c\/emu003eu003ca href=\" your personality so you can be a better parent to your kidsu003c\/au003eu003c\/divu003eu003c\/divu003enu003c!-- \/wp:aleteia\/read-also --u003ennu003c!-- wp:paragraph --u003enu003cpu003eu003c\/pu003enu003c!-- \/wp:paragraph --u003e\",\"pages\":1,\"language\":\"en\",\"galleries\":[],\"video\":false,\"title\":\"Can Catholics use the Enneagram personality system?\",\"subheading\":\"The Church has repeatedly warned Catholics of the non-Christian spirituality that the personality system promotes.\",\"author\":\"Philip Kosloski\",\"author_2\":\"\",\"authors_obj\":[\"ID\":\"1243\",\"link\":\" Kosloski graduated from the University of Saint Thomas in Minnesota with a bachelor's degree in philosophy and Catholic studies and a master's degree in theology from the Augustine Institute. He is currently a spirituality writer for Aleteia.org and has been featured on such places as The Huffington Post, Crisis Magazine, The Catholic Herald, Catholic Exchange, National Catholic Register and EWTN Radio.\",\"twitter\":\"PhilipKosloski\",\"facebook\":\"philipkosloski\",\"subtitle\":\"\",\"title_guest_author\":\"\",\"thumb\":\" Kosloski\",\"hreflangs\":\"en\":\" Belyaev ,\"link\":\"\/2021\/06\/19\/can-catholics-use-the-enneagram-personality-system\/\",\"category_obj\":\"link\":\" 78, 21, 171, 1 )\",\"term_id\":1494,\"category\":\"Spirituality\",\"category_slug\":\"spirituality\",\"category_id\":1494,\"category_color\":\"#4e15ab\",\"parent_category\":\"Spirituality\",\"published\":1624089600,\"published_datalayer\":\"2021.06.19\",\"article_modified_date\":\"\",\"article_modified\":false,\"published_formatted\":\"published on 06\/19\/21\",\"tags\":\"Exorcism, Spiritual Life\",\"firsttag\":\"Spiritual Life\",\"tags_items\":[\"term_id\":262110,\"name\":\"Exorcism\",\"link\":\" Life\",\"link\":\" Department\",\"settings\":\"disable_slideshow_cta\":\"\",\"template_customizations\":\"\",\"post_appearance_setting\":\"no_drop_caps\":false,\"hide_from_tops\":false,\"hide_date\":false,\"no_index\":false,\"hide_post\":false,\"hide_post_in_newsletter\":false,\"wibbitz_enabled\":false,\"ads_disabled\":false,\"connatix_carousel_enabled\":false,\"test_pixel_enabled\":false,\"test_pixel_position\":\"\",\"exclude_banner_article\":false,\"div_moneytags_position\":\"\",\"hide_promotional_box\":false,\"original_article\":\"is_original\":\"1\",\"url\":\"\",\"edition\":\"en\",\"gtm\":\"page_type\":\"\",\"page_type_2\":\"\",\"category_name\":\"spirituality\",\"article_subcategory\":\"Spirituality\",\"article_type\":\"article\",\"cd\":\"dimension1\":\"Philip Kosloski\",\"dimension2\":\"Spirituality\",\"dimension3\":\"1624089600\",\"dimension4\":\"en\",\"dimension5\":\"\",\"dimension6\":\"article\",\"dimension7\":\"2021.06.19\",\"dimension8\":\"Exorcism, Spiritual Life\",\"dimension9\":\"The Church has repeatedly warned Catholics of the non-Christian spirituality that the personality system promotes.\",\"dimension10\":\"613413\",\"dimension11\":\"Exorcism\",\"dimension12\":\"web\",\"dimension13\":\"\",\"dimension17\":\"Spirituality Department\",\"dimension14\":\"Spirituality\",\"photo_of_the_day\":false,\"daily_wisdom\":false,\"word_count\":1084,\"shortcodes\":[],\"sponsoredSettings\":,\"isSponsored\":false,\"custom_skin_settings\":\"slot\":\"custom-skin\",\"library\":\"theme.Skin\",\"skin_default_article\":\"1\",\"hide_from_layout_endpoint\":\"1\",\"props\":\"id\":\"custom-skid-ad\",\"unit\":\"64500793\/EN_DESK_ARTICLE_SKIN_1x1\",\"collapse_empty_divs\":false,\"premium_ads\":false,\"bids\":\"\",\"nexxx360_id\":\"\",\"size\":[],\"adjacent_posts\":\"next_post\":\"link\":\" Article \",\"prev_post\":\"link\":\" Article \",\"close_comments\":false,\"premium_content\":\"\",\"trunked_content\":\"u003ch2 class=\"subtitle\"u003eThe Church has repeatedly warned Catholics of the non-Christian spirituality that the personality system promotes.u003c\/h2u003enu003cpu003eIn recent years the Enneagram personality system has skyrocketed in popularity. Even many Christians have adopted the system into their everyday life.u003c\/pu003ennu003cpu003eHowever, the Catholic Church has u003cstrongu003estood firm in its warning against the Enneagram system.u003c\/strongu003eu003c\/pu003en\",{\"simple\":false,\"id\":805762,\"related\":[],\"content\":\"u003cspan class=\"subtitle\"u003eFr. David Santos\u2019 journey to the priesthood led him through the war zones of Iraq. Now he serves Christ and fights for souls as a pastor in New Jersey.u003c\/spanu003eu003cpu003eArmy specialist David Santos was on patrol in Iraq in 2005 when a roadside bomb exploded next to his vehicle. IEDs (Improvised Explosive Devises) were a huge threat during this phase of u003ca href=\" target=\"_blank\" rel=\"noopener\" title=\"the Iraq War\"u003ethe Iraq Waru003c\/au003e, killing and wounding countless soldiers. Observing and impeding the insurgents who planted these roadside bombs was at the heart of his team\u2019s mission.u003c\/pu003enu003cpu003eThey were members of the 173rd Long Range Surveillance Detachment, a unit with a history of gathering intelligence on opposition forces, often behind enemy lines from a distance. Tactical changes during the conflict in Iraq brought the 173rd into much closer contact with the enemy, increasing the risk. The unexpected was commonplace for the six-man team that David was assigned to. At any moment, they might come under hostile fire, find themselves ambushed \u2014 or have a roadside bomb suddenly explode next to their Humvees as they traveled down a road. u0026nbsp;u003c\/pu003enu003cpu003eTwenty years later, Fr. David recalls being on patrol when the IED was detonated. \u201cIt was always a dangerous area,\u201d he tells u003cemu003eAleteiau003c\/emu003e. As they rode along, suddenly there was a loud bang \u201cand our Humvee was filled with dust, and we\u2019re like \u2014 u003cemu003ewhatu003c\/emu003e!?\u201du003c\/pu003enu003cpu003eFortunately, this particular bomb had been buried too deep. There were no casualties, but the incident served to remind David of \u201cthe fragility of life, particularly on that day.\u201d Fr. David keeps a piece of shrapnel from the bomb as a reminder of the incident.u003c\/pu003enu003cdiv class=\"block-image-copyrigth-wrap\"u003enu003cfigure class=\"wp-block-image size-large\"u003eu003cimg loading=\"lazy\" decoding=\"async\" width=\"1144\" height=\"746\" src=\" alt=\"The crater from the IED explosion described in the article.\" class=\"wp-image-805905\" srcset=\" 1144w, ?resize=150,98 150w, ?resize=300,196 300w, ?resize=1024,668 1024w, ?resize=620,404 620w, ?resize=1140,743 1140w, ?resize=375,245 375w, ?resize=630,411 630w\" sizes=\"(max-width: 1144px) 100vw, 1144px\" \/u003eu003cfigcaption class=\"wp-element-caption\"u003eu003cemu003eThe crater from the IED explosion described in the article.u003c\/emu003eu003c\/figcaptionu003eu003c\/figureu003enu003cdiv class=\"copyright-text\"u003eCourtesy of Fr. David Santosu003c\/divu003enu003c\/divu003enu003cdiv class=\"wp-block-aleteia-heading3\"u003enu003ch2u003eA quiet callu003c\/h2u003enu003c\/pu003eu003c\/divu003enu003cpu003eEven before he and his identical twin brother Brian joined the military in the wake of 9\/11, David Santos sensed that he was put on Earth for a purpose. His parents were Portuguese immigrants who believed in family and in service. They were not regular churchgoers, according to Fr. David, though he says they did have religious items and imagery in their home.u003c\/pu003enu003cdiv id='aleteia-welcome'u003eu003c\/divu003enu003cpu003eDavid\u2019s journey to the Church began when he dated a girl who brought him to Mass. He began participating in the parish youth group and met a priest named Fr. Antonio Bico, who would have a profound impact on the young man\u2019s life. \u201cFr. Tony is certainly the one who taught me how to love Jesus, without a doubt,\u201d Fr. David says.u003c\/pu003enu003cpu003eIt was while going to confession with Fr. Tony (\u201cmy first time in a long time\u201d) that the priest asked David what he wanted to do with his life. As Fr. David recalls:u003c\/pu003enu003cblockquote class=\"wp-block-quote is-layout-flow wp-block-quote-is-layout-flow\"u003enu003cpu003eI remember saying, u0026#8220;I want to be a soldier of Christ.u0026#8221; And as Iu0026#8217;m saying this, Iu0026#8217;m thinking u003cemu003ewhat the heck does that meanu003c\/emu003e? I knew I wanted to be a soldier because 9\/11 had happened and I was thinking about the military at that point. But I had also had this resurgence of faith and deepening of faith and so in my head I was like, u003cemu003esoldieru0026#8230; soldier of Christu003c\/emu003e.u003c\/pu003ennnnu003cpu003eFr. Tony looks at me and says, u0026#8220;That sounds like a priest.u0026#8221; I told him, u0026#8220;Father, come on, you know I have a girlfriend. I\u2019m not interested.u0026#8221; I had never even thought about it until that point.u003c\/pu003enu003c\/blockquoteu003enu003cpu003eThe military was still David\u2019s focus. He and Brian had been actively checking out the different military services in search of the right fit. Yet a seed had been planted in David\u2019s soul, one that occasionally surfaced in unexpected ways. u003c\/pu003enu003cblockquote class=\"wp-block-quote is-layout-flow wp-block-quote-is-layout-flow\"u003enu003cpu003e\u201cI remember Iu0026#8217;d be brushing my teeth and would suddenly imagine myself in a [clerical] collar and be like, u003cemu003eWhatu003c\/emu003e? u003cemu003eWhat the heck is going on?u003c\/emu003e\u201du003c\/pu003enu003c\/blockquoteu003enu003cpu003eNot long after that, a family friend steered David and Brian Santos to join the 173rd. They began training intensively and were eventually deployed to Iraq.u003c\/pu003enu003cdiv class=\"block-image-copyrigth-wrap\"u003enu003cfigure class=\"wp-block-image size-large\"u003eu003cimg loading=\"lazy\" decoding=\"async\" width=\"1024\" height=\"742\" src=\" alt=\"Specialist David Santos (lower left) with his team on the 173rd\" class=\"wp-image-805985\" srcset=\" 1024w, ?resize=150,109 150w, ?resize=300,217 300w, ?resize=620,449 620w, ?resize=375,272 375w, ?resize=630,457 630w\" sizes=\"(max-width: 1024px) 100vw, 1024px\" \/u003eu003cfigcaption class=\"wp-element-caption\"u003eu003cemu003eSpecialist David Santos (lower left) with his team on the 173rdu003c\/emu003eu003c\/figcaptionu003eu003c\/figureu003enu003cdiv class=\"copyright-text\"u003eCourtesy of Fr. David Santosu003c\/divu003enu003c\/divu003enu003cdiv class=\"wp-block-aleteia-heading3\"u003enu003ch2u003ePirates and Vikingsu003c\/h2u003enu003c\/pu003eu003c\/divu003enu003cpu003eLike many veterans, Fr. David is genuinely humble when speaking about his war service. Speaking with his former commanding officer, however, it is clear that the 11 months the Santos brothers spent in Iraq demanded a lot from them and the other men of the 173rd.u003c\/pu003enu003cblockquote class=\"wp-block-quote is-layout-flow wp-block-quote-is-layout-flow\"u003enu003cpu003e\u201cMy guys were a constant threat and they were constantly in contact with the enemy,\u201d retired Colonel Michael Manning says in an interview with u003cemu003eAleteiau003c\/emu003e. \u201cIt was an excessively dangerous mission. Every time they went through the wire there was some type of contact, whether it was small arms fire, mortar fire, a roadside bomb, or some type of interaction with enemy scouts.\u201du003c\/pu003enu003c\/blockquoteu003enu003cpu003eCol. Manning (who was a captain when Fr. David served in Iraq) emphasizes that the 173rd was an elite posting. \u201cEveryone who was in that unit had to compete for a position,\u201d he says. u003c\/pu003enu003cpu003eA certain kind of toughness was necessary to carry out their mission. The average patrol in Iraq lasted anywhere from 8 to 24 hours. The members of the 173rd \u201cwould operate upwards of 48 to 72 to 96 hours. It was unheard of.\u201du003c\/pu003enu003cpu003e\u201cYou get a different type of guy,\u201d the Colonel adds. \u201cOne of my non-commissioned officers used to say that our unit was comprised of pirates and Vikings. Those are the types of guys you need.\u201d Among these men, David stood out for his integrity and deep faith, but also for his ability to relate to others who \u201chad never seen the inside of a church\u201d or hadnu0026#8217;t the least interest in religion.u003c\/pu003enu003cblockquote class=\"wp-block-quote is-layout-flow wp-block-quote-is-layout-flow\"u003enu003cpu003e\u201cHe had the ability to be numbered among them, and yet he was so well respected that he could live with purity and yet still love these guys and appreciate these guys, be numbered one of them, yet not be subsumed by them,\u201d Col. Manning says.u003c\/pu003enu003c\/blockquoteu003enu003cdiv class=\"block-image-copyrigth-wrap\"u003enu003cfigure class=\"wp-block-image size-large\"u003eu003cimg loading=\"lazy\" decoding=\"async\" width=\"1200\" height=\"794\" src=\" alt=\"Fr. David Santos ordination to the diaconate in Rome\" class=\"wp-image-805986\" srcset=\" 1200w, ?resize=150,99 150w, ?resize=300,199 300w, ?resize=1024,678 1024w, ?resize=620,410 620w, ?resize=1140,754 1140w, ?resize=375,248 375w, ?resize=630,417 630w, ?resize=266,177 266w\" sizes=\"(max-width: 1200px) 100vw, 1200px\" \/u003eu003cfigcaption class=\"wp-element-caption\"u003eu003cemu003eDeacon David Santos following his ordination in Romeu003c\/emu003eu003c\/figcaptionu003eu003c\/figureu003enu003cdiv class=\"copyright-text\"u003eCourtesy of Fr. David Santosu003c\/divu003enu003c\/divu003enu003cdiv class=\"wp-block-aleteia-heading3\"u003enu003ch2u003eOne foot in this world and the other foot elsewhereu003c\/h2u003enu003c\/pu003eu003c\/divu003enu003cpu003eWhen their tour finished, David and his brother returned home. He went back to college to complete his degree, but the question of his true vocation had only intensified. On Friday nights he would go out with his friends, then come home and take a shower so that he could drive to Newark \u201cto help Fr. Tony as he celebrated [Saturday morning] Mass for the Missionaries of Charity. It was kind of like I had one foot in one life, and a foot that was starting to make its way in a different life.\u201du003c\/pu003enu003cblockquote class=\"wp-block-quote is-layout-flow wp-block-quote-is-layout-flow\"u003enu003cpu003e\u201cIt was a gradual thing,\u201d Fr. David said. \u201cEven when I entered the seminary, I didn\u2019t see it as \u2018I\u2019m going to be a priest.\u2019 It was more like, \u2018This is a very real possibility that the Lord is asking me to consider,\u2019 so I entered the seminary to discern.\u201du003c\/pu003enu003c\/blockquoteu003enu003cpu003eHis family was shocked when David finally told them. There were questions and objections \u2013 many more than when he and Brian had announced they were joining the army. Their father was especially unhappy. Even Brian, who had come to embrace his Catholic faith because of David, was caught by surprise. When David\u2019s sister asked him why he had to go to the seminary, he simply answered, \u201cThe world is a loud place, and I need to hear God tell me what he wants me to do.\u201du003c\/pu003enu003cpu003eIn time, the Santos family came to appreciate David\u2019s decision. Brian Santos fondly recalls his brother\u2019s ordination to the diaconate in Rome, when around 20 family members came to celebrate with David, including some from Portugal. u003c\/pu003enu003cpu003eFr. David\u2019s priesthood has proven to be a gift for his entire family. u003c\/pu003enu003cblockquote class=\"wp-block-quote is-layout-flow wp-block-quote-is-layout-flow\"u003enu003cpu003e\u201cIt\u2019s this beautiful movement of the Holy Spirit in our life,\u201d Brian says. \u201cIt\u2019s helped us become not only closer as a family, but I think the strengthening of our faith has also brought us together in that experience.\u201du003c\/pu003enu003c\/blockquoteu003enu003cdiv class=\"block-image-copyrigth-wrap\"u003enu003cfigure class=\"wp-block-image size-large\"u003eu003cimg loading=\"lazy\" decoding=\"async\" width=\"1200\" height=\"800\" src=\" alt=\"Fr. David Santos chalice\" class=\"wp-image-805987\" srcset=\" 1200w, ?resize=150,100 150w, ?resize=300,200 300w, ?resize=1024,683 1024w, ?resize=620,413 620w, ?resize=360,240 360w, ?resize=1140,760 1140w, ?resize=375,250 375w, ?resize=630,420 630w, ?resize=266,177 266w\" sizes=\"(max-width: 1200px) 100vw, 1200px\" \/u003eu003cfigcaption class=\"wp-element-caption\"u003eu003cemu003eFr. David Santosu0026#8217; chalice with inscriptionu003c\/emu003eu003c\/figcaptionu003eu003c\/figureu003enu003cdiv class=\"copyright-text\"u003eCourtesy of Fr. David Santosu003c\/divu003enu003c\/divu003enu003cdiv class=\"wp-block-aleteia-heading3\"u003enu003ch2u003e\u201cSoldier of Christ\u201du003c\/h2u003enu003c\/pu003eu003c\/divu003enu003cpu003eAs for Fr. David, he sums up his own experience quite simply: \u201cI u003cemu003eloveu003c\/emu003e being a priest!\u201d Twelve years have passed since his ordination to the priesthood. In 2022, he was installed as the pastor of St. James the Apostle Church in Springfield, New Jersey. His new job means dealing with a myriad of maintenance, staff, and financial issues, tasks that he embraces; but his core focus remains on his priestly mission. u003c\/pu003enu003cblockquote class=\"wp-block-quote is-layout-flow wp-block-quote-is-layout-flow\"u003enu003cpu003e\u201cYouu0026#8217;re meant to guide people, to direct them, to love them, to work with them, to serve them u0026#8230; similar to a soldier who is serving the people back home at his deployment.\u201du003c\/pu003enu003c\/blockquoteu003enu003cpu003eThis was brought home to Fr. David in a dramatic way on the eve of his ordination. It is traditional for a new priest to either receive his chalice as a gift from his family or benefactors, or, as in Fr. David\u2019s case, to choose an older chalice \u2013 for instance, one of those that has been donated by a parish or retired priest. It is a mark of patrimony, according to Fr. David, a kind of handing down of the mission from one generation of priests to the next.u003c\/pu003enu003cpu003eFr. David can vividly remember going to the seminary to choose his chalice. Four or five of them were laid out on a table. One of the chalices stuck out because it had recently been refurbished. \u201cIt was nice, shiny, beautiful,\u201d Fr. David recalls. \u201cAnd typically, what happens is that when somebody offers a priest a chalice, they inscribe on the base \u2018in memory of\u2019 or \u2018in gratitude for,\u2019 etc.u0026#8221;u003c\/pu003enu003cpu003eCurious, Fr. David turned the chalice over to read the inscription. When he looked at it, he almost dropped the chalice in shock. \u201cOn the base was written, \u2018Soldier of Christ,\u2019\u201d he recalls, still astonished all these years later by \u201chow God can work so creatively, so intimately, and so personally in our lives.\u201du003c\/pu003entu003cdiv data-category=\"Voices u0026amp; Views\" data-category-english=\"voices and views\" class=\"wp-block-aleteia-read-also read-also\"u003enttu003cfigureu003entttu003cimgnttttsrc=\" Kapaun\"nttttloading=\"lazy\" \/u003enttu003c\/figureu003enttu003cdiv class=\"read-also-inner\"u003entttu003cemu003eRead more:u003c\/emu003eu003ca href=\" Fr. Kapaunu0026#8217;s story says about Memorial Dayu003c\/au003enttu003c\/divu003entu003c\/divu003etu003cdiv data-category=\"Inspiring Stories\" data-category-english=\"inspiring stories\" class=\"wp-block-aleteia-read-also read-also\"u003enttu003cfigureu003entttu003cimgnttttsrc=\" Paul Carris at Corpus Christi Church in Hasbrouck Heights, New Jersey.\"nttttloading=\"lazy\" \/u003enttu003c\/figureu003enttu003cdiv class=\"read-also-inner\"u003entttu003cemu003eRead more:u003c\/emu003eu003ca href=\" 9\/11 hero who became a permanent deacon (with slideshow)u003c\/au003enttu003c\/divu003entu003c\/divu003e\",\"rawcontent\":\"u003c!-- wp:aleteia\/subtitle \/--u003ennu003c!-- wp:paragraph --u003enu003cpu003eArmy specialist David Santos was on patrol in Iraq in 2005 when a roadside bomb exploded next to his vehicle. IEDs (Improvised Explosive Devises) were a huge threat during this phase of u003ca href=\" target=\"_blank\" rel=\"noopener\" title=\"the Iraq War\"u003ethe Iraq Waru003c\/au003e, killing and wounding countless soldiers. Observing and impeding the insurgents who planted these roadside bombs was at the heart of his team\u2019s mission.u003c\/pu003enu003c!-- \/wp:paragraph --u003ennu003c!-- wp:paragraph --u003enu003cpu003eThey were members of the 173rd Long Range Surveillance Detachment, a unit with a history of gathering intelligence on opposition forces, often behind enemy lines from a distance. Tactical changes during the conflict in Iraq brought the 173rd into much closer contact with the enemy, increasing the risk. The unexpected was commonplace for the six-man team that David was assigned to. At any moment, they might come under hostile fire, find themselves ambushed \u2014 or have a roadside bomb suddenly explode next to their Humvees as they traveled down a road. u0026nbsp;u003c\/pu003enu003c!-- \/wp:paragraph --u003ennu003c!-- wp:paragraph --u003enu003cpu003eTwenty years later, Fr. David recalls being on patrol when the IED was detonated. \u201cIt was always a dangerous area,\u201d he tells u003cemu003eAleteiau003c\/emu003e. As they rode along, suddenly there was a loud bang \u201cand our Humvee was filled with dust, and we\u2019re like \u2014 u003cemu003ewhatu003c\/emu003e!?\u201du003c\/pu003enu003c!-- \/wp:paragraph --u003ennu003c!-- wp:paragraph --u003enu003cpu003eFortunately, this particular bomb had been buried too deep. There were no casualties, but the incident served to remind David of \u201cthe fragility of life, particularly on that day.\u201d Fr. David keeps a piece of shrapnel from the bomb as a reminder of the incident.u003c\/pu003enu003c!-- \/wp:paragraph --u003ennu003c!-- wp:image \"id\":805905,\"sizeSlug\":\"large\",\"linkDestination\":\"none\" --u003enu003cfigure class=\"wp-block-image size-large\"u003eu003cimg src=\" alt=\"The crater from the IED explosion described in the article.\" class=\"wp-image-805905\" \/u003eu003cfigcaption class=\"wp-element-caption\"u003eu003cemu003eThe crater from the IED explosion described in the article.u003c\/emu003eu003c\/figcaptionu003eu003c\/figureu003enu003c!-- \/wp:image --u003ennu003c!-- wp:aleteia\/heading3 \"content\":\"A quiet call\" --u003enu003ch3u003eA quiet callu003c\/h3u003enu003c!-- \/wp:aleteia\/heading3 --u003ennu003c!-- wp:paragraph --u003enu003cpu003eEven before he and his identical twin brother Brian joined the military in the wake of 9\/11, David Santos sensed that he was put on Earth for a purpose. His parents were Portuguese immigrants who believed in family and in service. They were not regular churchgoers, according to Fr. David, though he says they did have religious items and imagery in their home.u003c\/pu003enu003c!-- \/wp:paragraph --u003ennu003c!-- wp:paragraph --u003enu003cpu003eDavid\u2019s journey to the Church began when he dated a girl who brought him to Mass. He began participating in the parish youth group and met a priest named Fr. Antonio Bico, who would have a profound impact on the young man\u2019s life. \u201cFr. Tony is certainly the one who taught me how to love Jesus, without a doubt,\u201d Fr. David says.u003c\/pu003enu003c!-- \/wp:paragraph --u003ennu003c!-- wp:paragraph --u003enu003cpu003eIt was while going to confession with Fr. Tony (\u201cmy first time in a long time\u201d) that the priest asked David what he wanted to do with his life. As Fr. David recalls:u003c\/pu003enu003c!-- \/wp:paragraph --u003ennu003c!-- wp:quote --u003enu003cblockquote class=\"wp-block-quote\"u003eu003c!-- wp:paragraph --u003enu003cpu003eI remember saying, \"I want to be a soldier of Christ.\" And as I'm saying this, I'm thinking u003cemu003ewhat the heck does that meanu003c\/emu003e? I knew I wanted to be a soldier because 9\/11 had happened and I was thinking about the military at that point. But I had also had this resurgence of faith and deepening of faith and so in my head I was like, u003cemu003esoldier... soldier of Christu003c\/emu003e.u003c\/pu003enu003c!-- \/wp:paragraph --u003ennu003c!-- wp:paragraph --u003enu003cpu003eFr. Tony looks at me and says, \"That sounds like a priest.\" I told him, \"Father, come on, you know I have a girlfriend. I\u2019m not interested.\" I had never even thought about it until that point.u003c\/pu003enu003c!-- \/wp:paragraph --u003eu003c\/blockquoteu003enu003c!-- \/wp:quote --u003ennu003c!-- wp:paragraph --u003enu003cpu003eThe military was still David\u2019s focus. He and Brian had been actively checking out the different military services in search of the right fit. Yet a seed had been planted in David\u2019s soul, one that occasionally surfaced in unexpected ways. u003c\/pu003enu003c!-- \/wp:paragraph --u003ennu003c!-- wp:quote --u003enu003cblockquote class=\"wp-block-quote\"u003eu003c!-- wp:paragraph --u003enu003cpu003e\u201cI remember I'd be brushing my teeth and would suddenly imagine myself in a [clerical] collar and be like, u003cemu003eWhatu003c\/emu003e? u003cemu003eWhat the heck is going on?u003c\/emu003e\u201du003c\/pu003enu003c!-- \/wp:paragraph --u003eu003c\/blockquoteu003enu003c!-- \/wp:quote --u003ennu003c!-- wp:paragraph --u003enu003cpu003eNot long after that, a family friend steered David and Brian Santos to join the 173rd. They began training intensively and were eventually deployed to Iraq.u003c\/pu003enu003c!-- \/wp:paragraph --u003ennu003c!-- wp:image \"id\":805985,\"sizeSlug\":\"large\",\"linkDestination\":\"none\" --u003enu003cfigure class=\"wp-block-image size-large\"u003eu003cimg src=\" alt=\"Specialist David Santos (lower left) with his team on the 173rd\" class=\"wp-image-805985\" \/u003eu003cfigcaption class=\"wp-element-caption\"u003eu003cemu003eSpecialist David Santos (lower left) with his team on the 173rdu003c\/emu003eu003c\/figcaptionu003eu003c\/figureu003enu003c!-- \/wp:image --u003ennu003c!-- wp:aleteia\/heading3 \"content\":\"Pirates and Vikings\" --u003enu003ch3u003ePirates and Vikingsu003c\/h3u003enu003c!-- \/wp:aleteia\/heading3 --u003ennu003c!-- wp:paragraph --u003enu003cpu003eLike many veterans, Fr. David is genuinely humble when speaking about his war service. Speaking with his former commanding officer, however, it is clear that the 11 months the Santos brothers spent in Iraq demanded a lot from them and the other men of the 173rd.u003c\/pu003enu003c!-- \/wp:paragraph --u003ennu003c!-- wp:quote --u003enu003cblockquote class=\"wp-block-quote\"u003eu003c!-- wp:paragraph --u003enu003cpu003e\u201cMy guys were a constant threat and they were constantly in contact with the enemy,\u201d retired Colonel Michael Manning says in an interview with u003cemu003eAleteiau003c\/emu003e. \u201cIt was an excessively dangerous mission. Every time they went through the wire there was some type of contact, whether it was small arms fire, mortar fire, a roadside bomb, or some type of interaction with enemy scouts.\u201du003c\/pu003enu003c!-- \/wp:paragraph --u003eu003c\/blockquoteu003enu003c!-- \/wp:quote --u003ennu003c!-- wp:paragraph --u003enu003cpu003eCol. Manning (who was a captain when Fr. David served in Iraq) emphasizes that the 173rd was an elite posting. \u201cEveryone who was in that unit had to compete for a position,\u201d he says. u003c\/pu003enu003c!-- \/wp:paragraph --u003ennu003c!-- wp:paragraph --u003enu003cpu003eA certain kind of toughness was necessary to carry out their mission. The average patrol in Iraq lasted anywhere from 8 to 24 hours. The members of the 173rd \u201cwould operate upwards of 48 to 72 to 96 hours. It was unheard of.\u201du003c\/pu003enu003c!-- \/wp:paragraph --u003ennu003c!-- wp:paragraph --u003enu003cpu003e\u201cYou get a different type of guy,\u201d the Colonel adds. \u201cOne of my non-commissioned officers used to say that our unit was comprised of pirates and Vikings. Those are the types of guys you need.\u201d Among these men, David stood out for his integrity and deep faith, but also for his ability to relate to others who \u201chad never seen the inside of a church\u201d or hadn't the least interest in religion.u003c\/pu003enu003c!-- \/wp:paragraph --u003ennu003c!-- wp:quote --u003enu003cblockquote class=\"wp-block-quote\"u003eu003c!-- wp:paragraph --u003enu003cpu003e\u201cHe had the ability to be numbered among them, and yet he was so well respected that he could live with purity and yet still love these guys and appreciate these guys, be numbered one of them, yet not be subsumed by them,\u201d Col. Manning says.u003c\/pu003enu003c!-- \/wp:paragraph --u003eu003c\/blockquoteu003enu003c!-- \/wp:quote --u003ennu003c!-- wp:image \"id\":805986,\"sizeSlug\":\"large\",\"linkDestination\":\"none\" --u003enu003cfigure class=\"wp-block-image size-large\"u003eu003cimg src=\" alt=\"Fr. David Santos ordination to the diaconate in Rome\" class=\"wp-image-805986\" \/u003eu003cfigcaption class=\"wp-element-caption\"u003eu003cemu003eDeacon David Santos following his ordination in Romeu003c\/emu003eu003c\/figcaptionu003eu003c\/figureu003enu003c!-- \/wp:image --u003ennu003c!-- wp:aleteia\/heading3 \"content\":\"One foot in this world and the other foot elsewhere\" --u003enu003ch3u003eOne foot in this world and the other foot elsewhereu003c\/h3u003enu003c!-- \/wp:aleteia\/heading3 --u003ennu003c!-- wp:paragraph --u003enu003cpu003eWhen their tour finished, David and his brother returned home. He went back to college to complete his degree, but the question of his true vocation had only intensified. On Friday nights he would go out with his friends, then come home and take a shower so that he could drive to Newark \u201cto help Fr. Tony as he celebrated [Saturday morning] Mass for the Missionaries of Charity. It was kind of like I had one foot in one life, and a foot that was starting to make its way in a different life.\u201du003c\/pu003enu003c!-- \/wp:paragraph --u003ennu003c!-- wp:quote --u003enu003cblockquote class=\"wp-block-quote\"u003eu003c!-- wp:paragraph --u003enu003cpu003e\u201cIt was a gradual thing,\u201d Fr. David said. \u201cEven when I entered the seminary, I didn\u2019t see it as \u2018I\u2019m going to be a priest.\u2019 It was more like, \u2018This is a very real possibility that the Lord is asking me to consider,\u2019 so I entered the seminary to discern.\u201du003c\/pu003enu003c!-- \/wp:paragraph --u003eu003c\/blockquoteu003enu003c!-- \/wp:quote --u003ennu003c!-- wp:paragraph --u003enu003cpu003eHis family was shocked when David finally told them. There were questions and objections \u2013 many more than when he and Brian had announced they were joining the army. Their father was especially unhappy. Even Brian, who had come to embrace his Catholic faith because of David, was caught by surprise. When David\u2019s sister asked him why he had to go to the seminary, he simply answered, \u201cThe world is a loud place, and I need to hear God tell me what he wants me to do.\u201du003c\/pu003enu003c!-- \/wp:paragraph --u003ennu003c!-- wp:paragraph --u003enu003cpu003eIn time, the Santos family came to appreciate David\u2019s decision. Brian Santos fondly recalls his brother\u2019s ordination to the diaconate in Rome, when around 20 family members came to celebrate with David, including some from Portugal. u003c\/pu003enu003c!-- \/wp:paragraph --u003ennu003c!-- wp:paragraph --u003enu003cpu003eFr. David\u2019s priesthood has proven to be a gift for his entire family. u003c\/pu003enu003c!-- \/wp:paragraph --u003ennu003c!-- wp:quote --u003enu003cblockquote class=\"wp-block-quote\"u003eu003c!-- wp:paragraph --u003enu003cpu003e\u201cIt\u2019s this beautiful movement of the Holy Spirit in our life,\u201d Brian says. \u201cIt\u2019s helped us become not only closer as a family, but I think the strengthening of our faith has also brought us together in that experience.\u201du003c\/pu003enu003c!-- \/wp:paragraph --u003eu003c\/blockquoteu003enu003c!-- \/wp:quote --u003ennu003c!-- wp:image \"id\":805987,\"sizeSlug\":\"large\",\"linkDestination\":\"none\" --u003enu003cfigure class=\"wp-block-image size-large\"u003eu003cimg src=\" alt=\"Fr. David Santos chalice\" class=\"wp-image-805987\" \/u003eu003cfigcaption class=\"wp-element-caption\"u003eu003cemu003eFr. David Santos' chalice with inscriptionu003c\/emu003eu003c\/figcaptionu003eu003c\/figureu003enu003c!-- \/wp:image --u003ennu003c!-- wp:aleteia\/heading3 \"content\":\"\u201cSoldier of Christ\u201d\" --u003enu003ch3u003e\u201cSoldier of Christ\u201du003c\/h3u003enu003c!-- \/wp:aleteia\/heading3 --u003ennu003c!-- wp:paragraph --u003enu003cpu003eAs for Fr. David, he sums up his own experience quite simply: \u201cI u003cemu003eloveu003c\/emu003e being a priest!\u201d Twelve years have passed since his ordination to the priesthood. In 2022, he was installed as the pastor of St. James the Apostle Church in Springfield, New Jersey. His new job means dealing with a myriad of maintenance, staff, and financial issues, tasks that he embraces; but his core focus remains on his priestly mission. u003c\/pu003enu003c!-- \/wp:paragraph --u003ennu003c!-- wp:quote --u003enu003cblockquote class=\"wp-block-quote\"u003eu003c!-- wp:paragraph --u003enu003cpu003e\u201cYou're meant to guide people, to direct them, to love them, to work with them, to serve them ... similar to a soldier who is serving the people back home at his deployment.\u201du003c\/pu003enu003c!-- \/wp:paragraph --u003eu003c\/blockquoteu003enu003c!-- \/wp:quote --u003ennu003c!-- wp:paragraph --u003enu003cpu003eThis was brought home to Fr. David in a dramatic way on the eve of his ordination. It is traditional for a new priest to either receive his chalice as a gift from his family or benefactors, or, as in Fr. David\u2019s case, to choose an older chalice \u2013 for instance, one of those that has been donated by a parish or retired priest. It is a mark of patrimony, according to Fr. David, a kind of handing down of the mission from one generation of priests to the next.u003c\/pu003enu003c!-- \/wp:paragraph --u003ennu003c!-- wp:paragraph --u003enu003cpu003eFr. David can vividly remember going to the seminary to choose his chalice. Four or five of them were laid out on a table. One of the chalices stuck out because it had recently been refurbished. \u201cIt was nice, shiny, beautiful,\u201d Fr. David recalls. \u201cAnd typically, what happens is that when somebody offers a priest a chalice, they inscribe on the base \u2018in memory of\u2019 or \u2018in gratitude for,\u2019 etc.\"u003c\/pu003enu003c!-- \/wp:paragraph --u003ennu003c!-- wp:paragraph --u003enu003cpu003eCurious, Fr. David turned the chalice over to read the inscription. When he looked at it, he almost dropped the chalice in shock. \u201cOn the base was written, \u2018Soldier of Christ,\u2019\u201d he recalls, still astonished all these years later by \u201chow God can work so creatively, so intimately, and so personally in our lives.\u201du003c\/pu003enu003c!-- \/wp:paragraph --u003ennu003c!-- wp:aleteia\/read-also {\"link\":\" Fr. Kapaun\\u0026#8217;s story says about Memorial Day\",\"image\":\" --u003enu003cdiv class=\"read-also\"u003eu003ca href=\" Fr. Kapaunu0026#8217;s story says about Memorial Dayu003c\/au003eu003c\/divu003enu003c!-- \/wp:aleteia\/read-also --u003ennu003c!-- wp:aleteia\/read-also {\"link\":\" 9\/11 hero who became a permanent deacon (with slideshow)\",\"image\":\" --u003enu003cdiv class=\"read-also\"u003eu003ca href=\" 9\/11 hero who became a permanent deacon (with slideshow)u003c\/au003eu003c\/divu003enu003c!-- \/wp:aleteia\/read-also --u003e\",\"pages\":1,\"language\":\"en\",\"galleries\":[],\"video\":false,\"title\":\"He was a soldier in Iraq and became a \u201cSoldier of Christ\u201d\",\"subheading\":\"Fr. David Santos\u2019 journey to the priesthood led him through the war zones of Iraq. Now he serves Christ and fights for souls as a pastor in New Jersey.\",\"author\":\"John Touhey\",\"author_2\":\"\",\"authors_obj\":[\"ID\":\"754445\",\"link\":\" Touhey is the Deputy Executive Editor of Aleteia\u2019s English edition. He has worked as a writer, filmmaker, and content creator on numerous projects and platforms.\",\"twitter\":\"\",\"facebook\":\"\",\"subtitle\":\"\",\"title_guest_author\":\"\",\"thumb\":\" Touhey\",\"hreflangs\": Aleteia\",\"link\":\"\",\"caption\":\"\",\"alt\":\"Fr. David Santos\",\"link\":\"\/2024\/05\/27\/how-a-soldier-in-iraq-became-a-soldier-of-christ\/\",\"category_obj\":\"link\":\" Stories\",\"name\":\"Inspiring Stories\",\"slug\":\"inspiring-stories\",\"color\":\"rgba( 0, 31, 77, 1 )\",\"term_id\":423715389,\"category\":\"Inspiring Stories\",\"category_slug\":\"inspiring-stories\",\"category_id\":423715389,\"category_color\":\"#001F4D\",\"parent_category\":\"Inspiring Stories\",\"published\":1716782400,\"published_datalayer\":\"2024.05.27\",\"article_modified_date\":\"\",\"article_modified\":false,\"published_formatted\":\"published on 05\/27\/24\",\"tags\":\"Inspiring stories, Iraq, Priesthood, Vocation, War\",\"firsttag\":\"War\",\"tags_items\":[\"term_id\":423716889,\"name\":\"Inspiring stories\",\"link\":\" Stories\",\"settings\":\"disable_slideshow_cta\":\"\",\"template_customizations\":\"\",\"post_appearance_setting\":\"no_drop_caps\":false,\"hide_from_tops\":false,\"hide_date\":false,\"hide_post\":false,\"hide_post_in_newsletter\":false,\"ads_disabled\":false,\"inread_ads_disabled\":false,\"custom_inread_position_enabled\":false,\"custom_inread_position\":\"2\",\"test_pixel_enabled\":false,\"test_pixel_position\":\"\",\"exclude_banner_article\":false,\"div_moneytags_position\":\"\",\"hide_promotional_box\":false,\"original_article\":\"is_original\":\"1\",\"url\":\"\",\"edition\":\"en\",\"gtm\":\"page_type\":\"\",\"page_type_2\":\"\",\"category_name\":\"inspiring stories\",\"article_subcategory\":\"Inspiring Stories\",\"article_type\":\"article\",\"cd\":\"dimension1\":\"John Touhey\",\"dimension2\":\"Inspiring Stories\",\"dimension3\":\"1716782400\",\"dimension4\":\"en\",\"dimension5\":\"\",\"dimension6\":\"article\",\"dimension7\":\"2024.05.27\",\"dimension8\":\"Inspiring stories, Iraq, Priesthood, Vocation, War\",\"dimension9\":\"Fr. David Santos\u2019 journey to the priesthood led him through the war zones of Iraq. Now he serves Christ and fights for souls as a pastor in New Jersey.\",\"dimension10\":\"805762\",\"dimension11\":\"Inspiring stories\",\"dimension12\":\"web\",\"dimension13\":\"\",\"dimension17\":\"Inspiring Stories\",\"dimension14\":\"Inspiring Stories\",\"photo_of_the_day\":false,\"daily_wisdom\":false,\"word_count\":2397,\"shortcodes\":[],\"sponsoredSettings\":,\"isSponsored\":false,\"custom_skin_settings\":\"slot\":\"custom-skin\",\"library\":\"theme.Skin\",\"skin_default_article\":\"1\",\"hide_from_layout_endpoint\":\"1\",\"props\":\"id\":\"custom-skid-ad\",\"unit\":\"64500793\/EN_DESK_ARTICLE_SKIN_1x1\",\"collapse_empty_divs\":false,\"premium_ads\":false,\"bids\":\"\",\"nexxx360_id\":\"\",\"size\":[],\"adjacent_posts\":\"next_post\":\"link\":\" Article \",\"prev_post\":\"link\":\" Article \",\"close_comments\":false,\"premium_content\":\"\",\"trunked_content\":\"u003ch2 class=\"subtitle\"u003eFr. David Santos\u2019 journey to the priesthood led him through the war zones of Iraq. Now he serves Christ and fights for souls as a pastor in New Jersey.u003c\/h2u003enu003cpu003eArmy specialist David Santos was on patrol in Iraq in 2005 when a roadside bomb exploded next to his vehicle. IEDs (Improvised Explosive Devises) were a huge threat during this phase of u003ca href=\" target=\"_blank\" rel=\"noopener\" title=\"the Iraq War\"u003ethe Iraq Waru003c\/au003e, killing and wounding countless soldiers. Observing and impeding the insurgents who planted these roadside bombs was at the heart of his team\u2019s mission.u003c\/pu003ennu003cpu003eThey were members of the 173rd Long Range Surveillance Detachment, a unit with a history of gathering intelligence on opposition forces, often behind enemy lines from a distance. Tactical changes during the conflict in Iraq brought the 173rd into much closer contact with the enemy, increasing the risk. The unexpected was commonplace for the six-man team that David was assigned to. At any moment, they might come under hostile fire, find themselves ambushed \u2014 or have a roadside bomb suddenly explode next to their Humvees as they traveled down a road. u0026nbsp;u003c\/pu003en\",{\"simple\":false,\"id\":806157,\"related\":[],\"content\":\"u003cspan class=\"subtitle\"u003eIn 1931 the Vatican Library was the scene of a fatal disaster, the cause of which was never determined. The building was repaired but lives \u2014 and books \u2014 were lost.u003c\/spanu003eu003cblockquote class=\"wp-block-quote is-layout-flow wp-block-quote-is-layout-flow\"u003enu003cpu003eAt 4:45 pm on Wednesday December 22, a frightening roar spread alarm throughout the area of Vatican City adjacent to the Belvedere: a catastrophic collapse had occurred in the Vatican Library buildings. Dense columns of dust protrude from the windows and doors of the Library arm that closes off the northern courtyard, while the creaking of beams and crumbling of materials reveal further imminent threats of collapse. From the entrance to the building came running out dismayed workers and scholars.u003c\/pu003enu003c\/blockquoteu003enu003cpu003eThis is how the Italian press reported the tragedy at the Vatican just three days before Christmas 1931. In an instant, an entire section of the u003ca href=\" target=\"_blank\" rel=\"noopener\" title=\"\"u003eVatican Libraryu003c\/au003e building had collapsed. The accident killed five workers on the site and destroyed almost 15,000 precious volumes belonging to the sections on English and German history, canon and civil law, epigraphy, and hagiography.u003c\/pu003enu003cdiv class=\"block-image-copyrigth-wrap\"u003enu003cfigure class=\"wp-block-image size-large\"u003eu003cimg loading=\"lazy\" decoding=\"async\" width=\"1200\" height=\"935\" src=\" alt=\"Foto_Arch._Faldone_2_negativo_21\" class=\"wp-image-806110\" srcset=\" 1200w, ?resize=150,117 150w, ?resize=300,234 300w, ?resize=1024,798 1024w, ?resize=620,483 620w, ?resize=1140,888 1140w, ?resize=375,292 375w, ?resize=975,760 975w, ?resize=630,491 630w\" sizes=\"(max-width: 1200px) 100vw, 1200px\" \/u003eu003cfigcaption class=\"wp-element-caption\"u003eNearly 15,000 precious volumes were destroyed in the collapse.u003c\/figcaptionu003eu003c\/figureu003enu003cdiv class=\"copyright-text\"u003eBAVu003c\/divu003enu003c\/divu003enu003cpu003eThe libraryu0026#8217;s pro-prefect, the future u003ca href=\" target=\"_blank\" rel=\"noopener\" title=\"\"u003eCardinal Eug\u00e8ne Tisserantu003c\/au003e, made the news official, stating that Pope Pius XI had been notified immediately. Two days later, parts of the building, now split in two from roof to the ground floor, collapsed again, causing quite a stir. More than 250 trucks were needed to remove all the rubble.u003c\/pu003enu003cpu003eBut on April 3, 1933, less than a year and six months later, Pope Pius XI was able to visit a u003ca href=\" target=\"_blank\" rel=\"noopener\" title=\"\"u003eVatican Apostolic Libraryu003c\/au003e that had been completely restored to its original state\u2014 a real feat. The only thing missing were Giovanni Guerrau0026#8217;s famous colorful grotesques of the u0026#8220;Sixtine Rooms,u0026#8221; which were restored shortly afterwards. But to what did we owe the eagerness to rebuild?u003c\/pu003enu003cdiv class=\"wp-block-aleteia-heading3\"u003enu003ch2u003eScandal in the Vaticanu003c\/h2u003enu003c\/pu003eu003c\/divu003enu003cpu003eNaturally, the death of the workmen, who were actually renovating the library building, led to the opening of several investigations commissioned by the pope himself. There were two opposing theories: On the one hand, those who believed that the collapse had originated from above, and who considered that the problem lay with the building, designed by the great 16th-century Neapolitan architect Domenico Fontana. The work had been carried out quickly at the time, and the apparently fragile foundations had in fact led to the reinforcement of the central pillars on the first floor, a job entrusted to a company called Fagiani. It was some of this companyu0026#8217;s workers who died in the collapse.u003c\/pu003enu003cdiv id='aleteia-welcome'u003eu003c\/divu003enu003cpu003eAnd they were the cause of the second theory: that of a collapse from below caused by reckless or even incompetent renovation work. As the workers were renovating a building after signs of wear and tear had already appeared, investigations quickly turned into a chicken-and-egg dilemma.u003c\/pu003enu003cpu003eBut the affair was gaining wider public interest, making Msgr. Eug\u00e8ne Tisserant criticize in January u0026#8220;the exaggerated concern that has arisen in public opinion.u0026#8221; But the challenge for the Vatican was also to reassure the international academic community so as not to tarnish the institutionu0026#8217;s image after the destruction of numerous volumes, notes architectural historian Nicoletta Marconi in her in-depth study of the incident. It was necessary to rebuild quickly. This may explain Msgr. Tisserantu0026#8217;s insistence that the damage was u0026#8220;entirely repairable.u0026#8221; He wasnu0026#8217;t the only one to want this.u003c\/pu003enu003cdiv class=\"wp-block-aleteia-heading3\"u003enu003ch2u003eThe u0026#8220;librarian pope\u201du003c\/h2u003enu003c\/pu003eu003c\/divu003enu003cpu003eu0026#8220;The library was saved by one fact: the presence of Pius XI in the Vatican,u0026#8221; explains Fr. Giacomo Cardinale, a Vatican Library employee who exhumed photos of the tragedy as part of the exhibition u003ca href=\" target=\"_blank\" rel=\"noopener\" title=\"\"u003eu003cemu003eSouvenirs de Babelu003c\/emu003eu003c\/au003e (March 1 u0026#8211; June 22, 2024), which he curated. u003c\/pu003enu003cpu003eAlerted to the catastrophe, the Pope took the situation to heart, and for good reason: elected in 1922, this scholar had previously held the position of Prefect of the Vatican Library for four years.\u00a0u003c\/pu003enu003cpu003eOnce on the throne of Peter, Pius XI had undertaken major works to modernize the library. He even brought in an American firm specializing in building construction to build a veritable skyscraper of books in an adjacent room formerly given over to mosaics and carriages. Consequently, this catastrophe was a serious setback for him.u003c\/pu003enu003cpu003eWhen he arrived at the scene of the tragedy, he was quoted as saying, u0026#8220;It was a work of art that shouldn\u2019t have been touched.u0026#8221; Then, according to one of his secretaries, he promised, u0026#8220;The Library will be remade as it was.u0026#8221;u0026nbsp;u003c\/pu003enu003cpu003eIn March 1932, the verdict of the inquiry was in: in the absence of sufficient evidence, no one would be held guilty of the catastrophe, neither Domenico Fontana nor Fagiani. However, Fagianiu0026#8217;s chief engineer was dismissed for inadequate management of the works.u003c\/pu003enu003cdiv class=\"wp-block-aleteia-heading3\"u003enu003ch2u003eA more secure futureu003c\/h2u003enu003c\/pu003eu003c\/divu003enu003cpu003eDetails of the investigation were never made public. Pius XI subsequently set up a permanent commission for the supervision and conservation of Vatican City monuments, which still exists today under a different name.u0026nbsp;u003c\/pu003enu003cpu003eThe new library structure was built using reinforced concrete, a very modern technique for the time, to ensure its solidity. All these additions were, of course, concealed by the master builder. The work was completed on April 3, 1933, and the frescoes followed, much to the delight of the man who was sometimes dubbed the u0026#8220;librarian pope.u0026#8221;u0026nbsp;u003c\/pu003enu003cdiv class=\"block-image-copyrigth-wrap\"u003enu003cfigure class=\"wp-block-image size-large\"u003eu003cimg loading=\"lazy\" decoding=\"async\" width=\"2800\" height=\"2102\" src=\" alt=\"Sistine Hall of the Vatican Library\" class=\"wp-image-760590\" srcset=\" 2800w, ?resize=150,113 150w, ?resize=300,225 300w, ?resize=1024,769 1024w, ?resize=1536,1153 1536w, ?resize=2048,1537 2048w, ?resize=620,465 620w, ?resize=1140,856 1140w, ?resize=375,282 375w, ?resize=1012,760 1012w, ?resize=630,473 630w\" sizes=\"(max-width: 2800px) 100vw, 2800px\" \/u003eu003cfigcaption class=\"wp-element-caption\"u003eThe restored halls of the Vatican Library todayu003c\/figcaptionu003eu003c\/figureu003enu003cdiv class=\"copyright-text\"u003eChecco2 | Shutterstocku003c\/divu003enu003c\/divu003enn            u003cdiv class=\"wp-block-aleteia-infoblock\"u003en                u003cdiv class=\"text\"u003en                                            u003cp class=\"title\"u003ePractical information\u00a0u003c\/pu003en                                        u003cdivu003eu003ca href=\"u003eSouvenirs de Babelu003c\/au003e exhibition, March 1 to June 22, 2024, Vatican Library, with works by French artist Alain Fleischer.u003c\/divu003en                u003c\/divu003en            u003c\/divu003en        tu003cdiv data-category=\"Art u0026amp; Culture\" data-category-english=\"culture\" class=\"wp-block-aleteia-read-also read-also\"u003enttu003cfigureu003entttu003cimgnttttsrc=\" Apostolic Library\"nttttloading=\"lazy\" \/u003enttu003c\/figureu003enttu003cdiv class=\"read-also-inner\"u003entttu003cemu003eRead more:u003c\/emu003eu003ca href=\" Library introduces new and improved searchable websiteu003c\/au003enttu003c\/divu003entu003c\/divu003etu003cdiv data-category=\"Art u0026amp; Culture\" data-category-english=\"culture\" class=\"wp-block-aleteia-read-also read-also\"u003enttu003cfigureu003entttu003cimgnttttsrc=\" LIBRARY\"nttttloading=\"lazy\" \/u003enttu003c\/figureu003enttu003cdiv class=\"read-also-inner\"u003entttu003cemu003eRead more:u003c\/emu003eu003ca href=\" Vatican Library launches a new academic journalu003c\/au003enttu003c\/divu003entu003c\/divu003e\",\"rawcontent\":\"u003c!-- wp:aleteia\/subtitle \/--u003ennu003c!-- wp:quote --u003enu003cblockquote class=\"wp-block-quote\"u003eu003c!-- wp:paragraph --u003enu003cpu003eAt 4:45 pm on Wednesday December 22, a frightening roar spread alarm throughout the area of Vatican City adjacent to the Belvedere: a catastrophic collapse had occurred in the Vatican Library buildings. Dense columns of dust protrude from the windows and doors of the Library arm that closes off the northern courtyard, while the creaking of beams and crumbling of materials reveal further imminent threats of collapse. From the entrance to the building came running out dismayed workers and scholars.u003c\/pu003enu003c!-- \/wp:paragraph --u003eu003c\/blockquoteu003enu003c!-- \/wp:quote --u003ennu003c!-- wp:paragraph --u003enu003cpu003eThis is how the Italian press reported the tragedy at the Vatican just three days before Christmas 1931. In an instant, an entire section of the u003ca href=\" target=\"_blank\" rel=\"noopener\" title=\"\"u003eVatican Libraryu003c\/au003e building had collapsed. The accident killed five workers on the site and destroyed almost 15,000 precious volumes belonging to the sections on English and German history, canon and civil law, epigraphy, and hagiography.u003c\/pu003enu003c!-- \/wp:paragraph --u003ennu003c!-- wp:image \"id\":806110,\"sizeSlug\":\"large\",\"linkDestination\":\"none\" --u003enu003cfigure class=\"wp-block-image size-large\"u003eu003cimg src=\" alt=\"\" class=\"wp-image-806110\" \/u003eu003cfigcaption class=\"wp-element-caption\"u003eNearly 15,000 precious volumes were destroyed in the collapse.u003c\/figcaptionu003eu003c\/figureu003enu003c!-- \/wp:image --u003ennu003c!-- wp:paragraph --u003enu003cpu003eThe library's pro-prefect, the future u003ca href=\" target=\"_blank\" rel=\"noopener\" title=\"\"u003eCardinal Eug\u00e8ne Tisserantu003c\/au003e, made the news official, stating that Pope Pius XI had been notified immediately. Two days later, parts of the building, now split in two from roof to the ground floor, collapsed again, causing quite a stir. More than 250 trucks were needed to remove all the rubble.u003c\/pu003enu003c!-- \/wp:paragraph --u003ennu003c!-- wp:paragraph --u003enu003cpu003eBut on April 3, 1933, less than a year and six months later, Pope Pius XI was able to visit a u003ca href=\" target=\"_blank\" rel=\"noopener\" title=\"\"u003eVatican Apostolic Libraryu003c\/au003e that had been completely restored to its original state\u2014 a real feat. The only thing missing were Giovanni Guerra's famous colorful grotesques of the \"Sixtine Rooms,\" which were restored shortly afterwards. But to what did we owe the eagerness to rebuild?u003c\/pu003enu003c!-- \/wp:paragraph --u003ennu003c!-- wp:aleteia\/heading3 \"content\":\"Scandal in the Vatican\" --u003enu003ch3u003eScandal in the Vaticanu003c\/h3u003enu003c!-- \/wp:aleteia\/heading3 --u003ennu003c!-- wp:paragraph --u003enu003cpu003eNaturally, the death of the workmen, who were actually renovating the library building, led to the opening of several investigations commissioned by the pope himself. There were two opposing theories: On the one hand, those who believed that the collapse had originated from above, and who considered that the problem lay with the building, designed by the great 16th-century Neapolitan architect Domenico Fontana. The work had been carried out quickly at the time, and the apparently fragile foundations had in fact led to the reinforcement of the central pillars on the first floor, a job entrusted to a company called Fagiani. It was some of this company's workers who died in the collapse.u003c\/pu003enu003c!-- \/wp:paragraph --u003ennu003c!-- wp:paragraph --u003enu003cpu003eAnd they were the cause of the second theory: that of a collapse from below caused by reckless or even incompetent renovation work. As the workers were renovating a building after signs of wear and tear had already appeared, investigations quickly turned into a chicken-and-egg dilemma.u003c\/pu003enu003c!-- \/wp:paragraph --u003ennu003c!-- wp:paragraph --u003enu003cpu003eBut the affair was gaining wider public interest, making Msgr. Eug\u00e8ne Tisserant criticize in January \"the exaggerated concern that has arisen in public opinion.\" But the challenge for the Vatican was also to reassure the international academic community so as not to tarnish the institution's image after the destruction of numerous volumes, notes architectural historian Nicoletta Marconi in her in-depth study of the incident. It was necessary to rebuild quickly. This may explain Msgr. Tisserant's insistence that the damage was \"entirely repairable.\" He wasn't the only one to want this.u003c\/pu003enu003c!-- \/wp:paragraph --u003ennu003c!-- wp:aleteia\/heading3 \"content\":\"The \\u0022librarian pope\u201d\" --u003enu003ch3u003eThe \"librarian pope\u201du003c\/h3u003enu003c!-- \/wp:aleteia\/heading3 --u003ennu003c!-- wp:paragraph --u003enu003cpu003e\"The library was saved by one fact: the presence of Pius XI in the Vatican,\" explains Fr. Giacomo Cardinale, a Vatican Library employee who exhumed photos of the tragedy as part of the exhibition u003ca href=\" target=\"_blank\" rel=\"noopener\" title=\"\"u003eu003cemu003eSouvenirs de Babelu003c\/emu003eu003c\/au003e (March 1 - June 22, 2024), which he curated. u003c\/pu003enu003c!-- \/wp:paragraph --u003ennu003c!-- wp:paragraph --u003enu003cpu003eAlerted to the catastrophe, the Pope took the situation to heart, and for good reason: elected in 1922, this scholar had previously held the position of Prefect of the Vatican Library for four years.\u00a0u003c\/pu003enu003c!-- \/wp:paragraph --u003ennu003c!-- wp:paragraph --u003enu003cpu003eOnce on the throne of Peter, Pius XI had undertaken major works to modernize the library. He even brought in an American firm specializing in building construction to build a veritable skyscraper of books in an adjacent room formerly given over to mosaics and carriages. Consequently, this catastrophe was a serious setback for him.u003c\/pu003enu003c!-- \/wp:paragraph --u003ennu003c!-- wp:paragraph --u003enu003cpu003eWhen he arrived at the scene of the tragedy, he was quoted as saying, \"It was a work of art that shouldn\u2019t have been touched.\" Then, according to one of his secretaries, he promised, \"The Library will be remade as it was.\"u0026nbsp;u003c\/pu003enu003c!-- \/wp:paragraph --u003ennu003c!-- wp:paragraph --u003enu003cpu003eIn March 1932, the verdict of the inquiry was in: in the absence of sufficient evidence, no one would be held guilty of the catastrophe, neither Domenico Fontana nor Fagiani. However, Fagiani's chief engineer was dismissed for inadequate management of the works.u003c\/pu003enu003c!-- \/wp:paragraph --u003ennu003c!-- wp:aleteia\/heading3 \"content\":\"A more secure future\" --u003enu003ch3u003eA more secure futureu003c\/h3u003enu003c!-- \/wp:aleteia\/heading3 --u003ennu003c!-- wp:paragraph --u003enu003cpu003eDetails of the investigation were never made public. Pius XI subsequently set up a permanent commission for the supervision and conservation of Vatican City monuments, which still exists today under a different name.u0026nbsp;u003c\/pu003enu003c!-- \/wp:paragraph --u003ennu003c!-- wp:paragraph --u003enu003cpu003eThe new library structure was built using reinforced concrete, a very modern technique for the time, to ensure its solidity. All these additions were, of course, concealed by the master builder. The work was completed on April 3, 1933, and the frescoes followed, much to the delight of the man who was sometimes dubbed the \"librarian pope.\"u0026nbsp;u003c\/pu003enu003c!-- \/wp:paragraph --u003ennu003c!-- wp:image \"id\":760590,\"sizeSlug\":\"large\",\"linkDestination\":\"none\" --u003enu003cfigure class=\"wp-block-image size-large\"u003eu003cimg src=\" alt=\"Sistine Hall of the Vatican Library\" class=\"wp-image-760590\" \/u003eu003cfigcaption class=\"wp-element-caption\"u003eThe restored halls of the Vatican Library todayu003c\/figcaptionu003eu003c\/figureu003enu003c!-- \/wp:image --u003ennu003c!-- wp:aleteia\/infoblock \"title\":\"Practical information\u00a0\",\"content\":\"\\u003ca href=\\u0022 de Babel\\u003c\/a\\u003e exhibition, March 1 to June 22, 2024, Vatican Library, with works by French artist Alain Fleischer.\" \/--u003ennu003c!-- wp:aleteia\/read-also {\"link\":\" Library introduces new and improved searchable website\",\"image\":\" --u003enu003cdiv class=\"read-also\"u003eu003ca href=\" Library introduces new and improved searchable websiteu003c\/au003eu003c\/divu003enu003c!-- \/wp:aleteia\/read-also --u003ennu003c!-- wp:aleteia\/read-also \"link\":\" Vatican Library launches a new academic journal\",\"image\":\" --u003enu003cdiv class=\"read-also\"u003eu003ca href=\" Vatican Library launches a new academic journalu003c\/au003eu003c\/divu003enu003c!-- \/wp:aleteia\/read-also --u003e\",\"pages\":1,\"language\":\"en\",\"galleries\":[],\"video\":false,\"title\":\"The 20th-century Vatican Library catastrophe\",\"subheading\":\"In 1931 the Vatican Library was the scene of a fatal disaster, the cause of which was never determined. The building was repaired but lives \u2014 and books \u2014 were lost.\",\"author\":\"Anna Kurian\",\"author_2\":\"\",\"authors_obj\":[\"ID\":\"721466\",\"link\":\" Kurian\",\"hreflangs\":\"en\":\" d'une partie de la la Biblioth\u00e8que apostolique vaticane en 1931.\",\"alt\":\"Foto_Arch._Album_1_positivo_25-nelle-dimension\",\"link\":\"\/2024\/05\/28\/the-20th-century-vatican-library-catastrophe\/\",\"category_obj\":\"link\":\" 240, 183, 44, 1 )\",\"term_id\":423715166,\"category\":\"Church\",\"category_slug\":\"church-news\",\"category_id\":423715166,\"category_color\":\"#f0b72c\",\"parent_category\":\"Church\",\"published\":1716868264,\"published_datalayer\":\"2024.05.28\",\"article_modified_date\":\"\",\"article_modified\":false,\"published_formatted\":\"published on 05\/28\/24\",\"tags\":\"Italy, Rome, Vatican\",\"firsttag\":\"Vatican\",\"tags_items\":[\"term_id\":423716611,\"name\":\"Italy\",\"link\":\" Kurian\",\"dimension2\":\"Church\",\"dimension3\":\"1716868264\",\"dimension4\":\"en\",\"dimension5\":\"\",\"dimension6\":\"article\",\"dimension7\":\"2024.05.28\",\"dimension8\":\"Italy, Rome, Vatican\",\"dimension9\":\"In 1931 the Vatican Library was the scene of a fatal disaster, the cause of which was never determined. The building was repaired but lives \u2014 and books \u2014 were lost.\",\"dimension10\":\"806157\",\"dimension11\":\"Italy\",\"dimension12\":\"web\",\"dimension13\":\"\",\"dimension17\":\"Church\",\"dimension14\":\"Church\",\"photo_of_the_day\":false,\"daily_wisdom\":false,\"word_count\":1351,\"shortcodes\":[],\"sponsoredSettings\":,\"isSponsored\":false,\"custom_skin_settings\":\"slot\":\"custom-skin\",\"library\":\"theme.Skin\",\"skin_default_article\":\"1\",\"hide_from_layout_endpoint\":\"1\",\"props\":\"id\":\"custom-skid-ad\",\"unit\":\"64500793\/EN_DESK_ARTICLE_SKIN_1x1\",\"collapse_empty_divs\":false,\"premium_ads\":false,\"bids\":\"\",\"nexxx360_id\":\"\",\"size\":[],\"adjacent_posts\":\"next_post\":\"link\":\" Article \",\"prev_post\":\"link\":\" Article \",\"close_comments\":false,\"premium_content\":\"\",\"trunked_content\":\"u003ch2 class=\"subtitle\"u003eIn 1931 the Vatican Library was the scene of a fatal disaster, the cause of which was never determined. The building was repaired but lives \u2014 and books \u2014 were lost.u003c\/h2u003enu003cblockquote class=\"wp-block-quote is-layout-flow wp-block-quote-is-layout-flow\"u003enu003cpu003eAt 4:45 pm on Wednesday December 22, a frightening roar spread alarm throughout the area of Vatican City adjacent to the Belvedere: a catastrophic collapse had occurred in the Vatican Library buildings. Dense columns of dust protrude from the windows and doors of the Library arm that closes off the northern courtyard, while the creaking of beams and crumbling of materials reveal further imminent threats of collapse. From the entrance to the building came running out dismayed workers and scholars.u003c\/pu003enu003c\/blockquoteu003ennu003cpu003eThis is how the Italian press reported the tragedy at the Vatican just three days before Christmas 1931. In an instant, an entire section of the u003ca href=\" target=\"_blank\" rel=\"noopener\" title=\"\"u003eVatican Libraryu003c\/au003e building had collapsed. The accident killed five workers on the site and destroyed almost 15,000 precious volumes belonging to the sections on English and German history, canon and civil law, epigraphy, and hagiography.u003c\/pu003enu003cdiv class=\"block-image-copyrigth-wrap\"u003eu003cfigure class=\"wp-block-image size-large\"u003eu003cimg src=\" alt=\"Foto_Arch._Faldone_2_negativo_21\" class=\"wp-image-806110\"u003eu003cfigcaption class=\"wp-element-caption\"u003eNearly 15,000 precious volumes were destroyed in the collapse.u003c\/figcaptionu003eu003c\/figureu003eu003cdiv class=\"copyright-text\"u003eBAVu003c\/divu003eu003c\/divu003enu003cpu003eThe library's pro-prefect, the future u003ca href=\" target=\"_blank\" rel=\"noopener\" title=\"\"u003eCardinal Eug\u00e8ne Tisserantu003c\/au003e, made the news official, stating that Pope Pius XI had been notified immediately. Two days later, parts of the building, now split in two from roof to the ground floor, collapsed again, causing quite a stir. More than 250 trucks were needed to remove all the rubble.u003c\/pu003en\",{\"simple\":false,\"id\":805775,\"related\":[],\"content\":\"u003cspan class=\"subtitle\"u003eIt was probably \u201cpassum,\u201d a sweet dessert wine made from dried grapes that was popular across the Eastern Mediterranean in antiquity.u003c\/spanu003eu003cpu003eArcheologists report having discovered u003ca href=\" target=\"_blank\" rel=\"noopener\" title=\"\"u003ewhich foodsu003c\/au003e were eaten during the Last Supper, including lamb stew, walnut paste, and olives. But what about the wine?\u00a0u003c\/pu003enu003cpu003eHistorians believe that like most wines consumed during antiquity, the wine they drank at the Last Supper was probably sweet and \u201cu003ca href=\" target=\"_blank\" rel=\"noopener\" title=\"\"u003epassitu003c\/au003eu003ca href=\"u003eo-likeu003c\/au003e,\u201d meaning it was made from grapes that had been dried to be better preserved. u003ca href=\" target=\"_blank\" rel=\"noopener\" title=\"\"u003eAccordingu003c\/au003e to the Gospels of Mark, Matthew, and Luke, the Last Supper was a Passover supper, so Jesus and his disciples probably drank u003ca href=\" target=\"_blank\" rel=\"noopener\" title=\"\"u003epassumu003c\/au003e, a sweet wine made from dried grapes typically used in Jewish rituals.\u00a0u003c\/pu003enu003cdiv class=\"block-image-copyrigth-wrap\"u003enu003cfigure class=\"wp-block-image size-large\"u003eu003cimg loading=\"lazy\" decoding=\"async\" width=\"1280\" height=\"640\" src=\" alt=\"The Last Supper painting\" class=\"wp-image-805777\" srcset=\" 1280w, ?resize=150,75 150w, ?resize=300,150 300w, ?resize=1024,512 1024w, ?resize=620,310 620w, ?resize=460,230 460w, ?resize=220,110 220w, ?resize=236,118 236w, ?resize=940,470 940w, ?resize=1140,570 1140w, ?resize=375,188 375w, ?resize=630,315 630w\" sizes=\"(max-width: 1280px) 100vw, 1280px\" \/u003eu003cfigcaption class=\"wp-element-caption\"u003eThe wine consumed during the Last Supper was probably sweet and \u201cpassito-like.\u201du003c\/figcaptionu003eu003c\/figureu003enu003cdiv class=\"copyright-text\"u003eu003ca href=\" target=\"_blank\"u003ePublic Domainu003c\/au003eu003c\/divu003enu003c\/divu003enu003cpu003ePassum probably u003ca href=\" target=\"_blank\" rel=\"noopener\" title=\"\"u003eoriginatedu003c\/au003e in Carthage, modern-day Tunisia, eventually making its way to Rome. It was also referred to as \u201cladiesu0026#8217; wine\u201d because, as u003ca href=\" target=\"_blank\" rel=\"noopener\" title=\"\"u003enoted byu003c\/au003e ancient historian Polybius, it was consumed by Roman noblewomen who were banned from drinking traditional wines but were allowed to drink wine made from raisins.\u00a0u003c\/pu003enu003cpu003eKnown for its sweet taste and its elaborate preparation, passum requires winemakers to dry grapes in the sun, mix them with grape juice, let the mix ferment, and then add more juice before further fermenting the whole mix. The process is described in detail by Latin writer Lucius Giunius Moderatus Columella.u0026nbsp;u003c\/pu003enu003cdiv class=\"block-image-copyrigth-wrap\"u003enu003cfigure class=\"wp-block-image size-large\"u003eu003cimg loading=\"lazy\" decoding=\"async\" width=\"1024\" height=\"768\" src=\" alt=\"Making Passum\" class=\"wp-image-805776\" srcset=\" 1024w, ?resize=150,113 150w, ?resize=300,225 300w, ?resize=620,465 620w, ?resize=375,281 375w, ?resize=1013,760 1013w, ?resize=630,473 630w\" sizes=\"(max-width: 1024px) 100vw, 1024px\" \/u003eu003cfigcaption class=\"wp-element-caption\"u003ePassum is made from dried grapes. u003c\/figcaptionu003eu003c\/figureu003enu003cdiv class=\"copyright-text\"u003eu003ca href=\" target=\"_blank\"u003eZyance | CC BY-SA 3.0u003c\/au003eu003c\/divu003enu003c\/divu003enu003cpu003eIn his treaty \u201cDe Agricultura\u201d Columella, Lucius u003ca href=\" target=\"_blank\" rel=\"noopener\" title=\"\"u003edescribesu003c\/au003e the preparation of this raisin wine citing an earlier Punic text:u0026nbsp;u003c\/pu003enu003cblockquote class=\"wp-block-quote is-layout-flow wp-block-quote-is-layout-flow\"u003enu003cdiv id='aleteia-welcome'u003eu003c\/divu003eu003cpu003eu003cemu003eHarvest well-ripened very early bunches of grapes; reject any mildewed or damaged grapes. Fix in the ground forked branches or stakes not over four feet apart, linking them with poles. Lay reeds across them and spread the grapes on these in the sun, covering them at night to keep dew off.u0026nbsp;u003c\/emu003eu003cbru003eu003cbru003eu003cemu003eWhen they have dried, pick the grapes, put them in a fermenting vat or jar and add the best possible must (grape juice) so that they are just covered. When the grapes have absorbed it all and have swelled in six days, put them in a basket, press them and collect the passum. Next, tread the pressed grapes, adding very fresh must made from other grapes that have been sun-dried for three days.u0026nbsp;u003c\/emu003eu003cbru003eu003cbru003eu003cemu003eMix all this and put the mixed mass through the press. Put this passum secundarium into sealed vessels immediately so that it will not become too austerum. After twenty or thirty days, when fermentation has ceased, rack into other vessels, seal the lids with gypsum and cover them with skins.u003c\/emu003eu003c\/pu003enu003c\/blockquoteu003enu003cpu003eToday, pasum wine is still made in locations across the Mediterranean, from Tunisia, where a wine known as Passum de Magon u003ca href=\" target=\"_blank\" rel=\"noopener\" title=\"\"u003eis madeu003c\/au003e following the recipe described by Columella, to Sicily, where farmers u003ca href=\" target=\"_blank\" rel=\"noopener\" title=\"\"u003estill growu003c\/au003e the ancient grapes that were used to make passum, and u003ca href=\" target=\"_blank\" rel=\"noopener\" title=\"\"u003eUmbriau003c\/au003e, central Italy, where a version of passum known as Sagrantino has became a local staple.u0026nbsp;u003c\/pu003entu003cdiv data-category=\"Art u0026amp; Culture\" data-category-english=\"culture\" class=\"wp-block-aleteia-read-also read-also\"u003enttu003cfigureu003entttu003cimgnttttsrc=\" LAST SUPPER\"nttttloading=\"lazy\" \/u003enttu003c\/figureu003enttu003cdiv class=\"read-also-inner\"u003entttu003cemu003eRead more:u003c\/emu003eu003ca href=\" woman who spent more than 20 years restoring Leonardo\u2019s Last Supperu003c\/au003enttu003c\/divu003entu003c\/divu003etu003cdiv data-category=\"Art u0026amp; Culture\" data-category-english=\"culture\" class=\"wp-block-aleteia-read-also read-also\"u003enttu003cfigureu003entttu003cimgnttttsrc=\" and Wine\"nttttloading=\"lazy\" \/u003enttu003c\/figureu003enttu003cdiv class=\"read-also-inner\"u003entttu003cemu003eRead more:u003c\/emu003eu003ca href=\" wineries making the preferred papal vinou003c\/au003enttu003c\/divu003entu003c\/divu003e\",\"rawcontent\":\"u003c!-- wp:aleteia\/subtitle \/--u003ennu003c!-- wp:paragraph --u003enu003cpu003eArcheologists report having discovered u003ca href=\" target=\"_blank\" rel=\"noopener\" title=\"\"u003ewhich foodsu003c\/au003e were eaten during the Last Supper, including lamb stew, walnut paste, and olives. But what about the wine?\u00a0u003c\/pu003enu003c!-- \/wp:paragraph --u003ennu003c!-- wp:paragraph --u003enu003cpu003eHistorians believe that like most wines consumed during antiquity, the wine they drank at the Last Supper was probably sweet and \u201cu003ca href=\" target=\"_blank\" rel=\"noopener\" title=\"\"u003epassitu003c\/au003eu003ca href=\"u003eo-likeu003c\/au003e,\u201d meaning it was made from grapes that had been dried to be better preserved. u003ca href=\" target=\"_blank\" rel=\"noopener\" title=\"\"u003eAccordingu003c\/au003e to the Gospels of Mark, Matthew, and Luke, the Last Supper was a Passover supper, so Jesus and his disciples probably drank u003ca href=\" target=\"_blank\" rel=\"noopener\" title=\"\"u003epassumu003c\/au003e, a sweet wine made from dried grapes typically used in Jewish rituals.\u00a0u003c\/pu003enu003c!-- \/wp:paragraph --u003ennu003c!-- wp:image \"id\":805777,\"sizeSlug\":\"large\",\"linkDestination\":\"none\" --u003enu003cfigure class=\"wp-block-image size-large\"u003eu003cimg src=\" alt=\"The Last Supper painting\" class=\"wp-image-805777\" \/u003eu003cfigcaption class=\"wp-element-caption\"u003eThe wine consumed during the Last Supper was probably sweet and \u201cpassito-like.\u201du003c\/figcaptionu003eu003c\/figureu003enu003c!-- \/wp:image --u003ennu003c!-- wp:paragraph --u003enu003cpu003ePassum probably u003ca href=\" target=\"_blank\" rel=\"noopener\" title=\"\"u003eoriginatedu003c\/au003e in Carthage, modern-day Tunisia, eventually making its way to Rome. It was also referred to as \u201cladies' wine\u201d because, as u003ca href=\" target=\"_blank\" rel=\"noopener\" title=\"\"u003enoted byu003c\/au003e ancient historian Polybius, it was consumed by Roman noblewomen who were banned from drinking traditional wines but were allowed to drink wine made from raisins.\u00a0u003c\/pu003enu003c!-- \/wp:paragraph --u003ennu003c!-- wp:paragraph --u003enu003cpu003eKnown for its sweet taste and its elaborate preparation, passum requires winemakers to dry grapes in the sun, mix them with grape juice, let the mix ferment, and then add more juice before further fermenting the whole mix. The process is described in detail by Latin writer Lucius Giunius Moderatus Columella.u0026nbsp;u003c\/pu003enu003c!-- \/wp:paragraph --u003ennu003c!-- wp:image \"id\":805776,\"sizeSlug\":\"large\",\"linkDestination\":\"none\" --u003enu003cfigure class=\"wp-block-image size-large\"u003eu003cimg src=\" alt=\"Making Passum\" class=\"wp-image-805776\" \/u003eu003cfigcaption class=\"wp-element-caption\"u003ePassum is made from dried grapes. u003c\/figcaptionu003eu003c\/figureu003enu003c!-- \/wp:image --u003ennu003c!-- wp:paragraph --u003enu003cpu003eIn his treaty \u201cDe Agricultura\u201d Columella, Lucius u003ca href=\" target=\"_blank\" rel=\"noopener\" title=\"\"u003edescribesu003c\/au003e the preparation of this raisin wine citing an earlier Punic text:u0026nbsp;u003c\/pu003enu003c!-- \/wp:paragraph --u003ennu003c!-- wp:quote --u003enu003cblockquote class=\"wp-block-quote\"u003eu003c!-- wp:paragraph --u003enu003cpu003eu003cemu003eHarvest well-ripened very early bunches of grapes; reject any mildewed or damaged grapes. Fix in the ground forked branches or stakes not over four feet apart, linking them with poles. Lay reeds across them and spread the grapes on these in the sun, covering them at night to keep dew off.u0026nbsp;u003c\/emu003eu003cbru003eu003cbru003eu003cemu003eWhen they have dried, pick the grapes, put them in a fermenting vat or jar and add the best possible must (grape juice) so that they are just covered. When the grapes have absorbed it all and have swelled in six days, put them in a basket, press them and collect the passum. Next, tread the pressed grapes, adding very fresh must made from other grapes that have been sun-dried for three days.u0026nbsp;u003c\/emu003eu003cbru003eu003cbru003eu003cemu003eMix all this and put the mixed mass through the press. Put this passum secundarium into sealed vessels immediately so that it will not become too austerum. After twenty or thirty days, when fermentation has ceased, rack into other vessels, seal the lids with gypsum and cover them with skins.u003c\/emu003eu003c\/pu003enu003c!-- \/wp:paragraph --u003eu003c\/blockquoteu003enu003c!-- \/wp:quote --u003ennu003c!-- wp:paragraph --u003enu003cpu003eToday, pasum wine is still made in locations across the Mediterranean, from Tunisia, where a wine known as Passum de Magon u003ca href=\" target=\"_blank\" rel=\"noopener\" title=\"\"u003eis madeu003c\/au003e following the recipe described by Columella, to Sicily, where farmers u003ca href=\" target=\"_blank\" rel=\"noopener\" title=\"\"u003estill growu003c\/au003e the ancient grapes that were used to make passum, and u003ca href=\" target=\"_blank\" rel=\"noopener\" title=\"\"u003eUmbriau003c\/au003e, central Italy, where a version of passum known as Sagrantino has became a local staple.u0026nbsp;u003c\/pu003enu003c!-- \/wp:paragraph --u003ennu003c!-- wp:aleteia\/read-also {\"link\":\" woman who spent more than 20 years restoring Leonardo\u2019s Last Supper\",\"image\":\" --u003enu003cdiv class=\"read-also\"u003eu003ca href=\" woman who spent more than 20 years restoring Leonardo\u2019s Last Supperu003c\/au003eu003c\/divu003enu003c!-- \/wp:aleteia\/read-also --u003ennu003c!-- wp:aleteia\/read-also {\"link\":\" wineries making the preferred papal vino\",\"image\":\" --u003enu003cdiv class=\"read-also\"u003eu003ca href=\" wineries making the preferred papal vinou003c\/au003eu003c\/divu003enu003c!-- \/wp:aleteia\/read-also --u003e\",\"pages\":1,\"language\":\"en\",\"galleries\":[],\"video\":false,\"title\":\"What wine was served at the Last Supper?\",\"subheading\":\"It was probably \u201cpassum,\u201d a sweet dessert wine made from dried grapes that was popular across the Eastern Mediterranean in antiquity.\",\"author\":\"V. M. Traverso\",\"author_2\":\"\",\"authors_obj\":[\"ID\":\"286136\",\"link\":\" id=\"m_-8311399190061415170m_-6558190367875902768gmail-docs-internal-guid-c429aed5-fdc3-d524-748f-6a4c1ba39a70\"u003eu003cstrongu003eV.M. Traversou003c\/strongu003e is a freelance journalist based in New York. She holds a BA in Geography from King\u2019s College London and a Masters in Journalism from Columbia University. Interested in culture, religion, art and travel, Ms. Traverso lived and worked in the UK, Ghana, and the Philippines before moving to the U.S. Her work has appeared on Atlas Obscura, BCC Travel and Mother Jones. u003c\/spanu003e\",\"twitter\":\"\",\"facebook\":\"\",\"subtitle\":\"\",\"title_guest_author\":\"\",\"thumb\":\" M. Traverso\",\"hreflangs\":\"en\":\" grapes\",\"copyright\":\"Hari Seldon ,\"link\":\"\/2024\/05\/28\/what-wine-was-served-at-the-last-supper\/\",\"category_obj\":\"link\":\" u0026 Culture\",\"name\":\"Art u0026 Culture\",\"slug\":\"art-culture\",\"color\":\"rgba( 183, 37, 94, 1 )\",\"term_id\":423715388,\"category\":\"Art u0026 Culture\",\"category_slug\":\"art-culture\",\"category_id\":423715388,\"category_color\":\"#b7255e\",\"parent_category\":\"Art u0026 Culture\",\"published\":1716877709,\"published_datalayer\":\"2024.05.28\",\"article_modified_date\":\"\",\"article_modified\":false,\"published_formatted\":\"published on 05\/28\/24\",\"tags\":\"Bible, Food, History\",\"firsttag\":\"History\",\"tags_items\":[\"term_id\":423716110,\"name\":\"Bible\",\"link\":\" Department\",\"settings\":\"disable_slideshow_cta\":\"\",\"template_customizations\":\"\",\"post_appearance_setting\":\"no_drop_caps\":false,\"hide_from_tops\":false,\"hide_date\":false,\"hide_post\":false,\"hide_post_in_newsletter\":false,\"ads_disabled\":false,\"inread_ads_disabled\":false,\"custom_inread_position_enabled\":false,\"custom_inread_position\":\"2\",\"test_pixel_enabled\":false,\"test_pixel_position\":\"\",\"exclude_banner_article\":false,\"div_moneytags_position\":\"\",\"hide_promotional_box\":false,\"original_article\":\"is_original\":\"1\",\"url\":\"\",\"edition\":\"en\",\"gtm\":\"page_type\":\"\",\"page_type_2\":\"\",\"category_name\":\"culture\",\"article_subcategory\":\"Art u0026 Culture\",\"article_type\":\"article\",\"cd\":\"dimension1\":\"V. M. Traverso\",\"dimension2\":\"Art u0026 Culture\",\"dimension3\":\"1716877709\",\"dimension4\":\"en\",\"dimension5\":\"\",\"dimension6\":\"article\",\"dimension7\":\"2024.05.28\",\"dimension8\":\"Bible, Food, History\",\"dimension9\":\"It was probably \u201cpassum,\u201d a sweet dessert wine made from dried grapes that was popular across the Eastern Mediterranean in antiquity.\",\"dimension10\":\"805775\",\"dimension11\":\"Bible\",\"dimension12\":\"web\",\"dimension13\":\"\",\"dimension17\":\"Infotainment Department\",\"dimension14\":\"Art u0026 Culture\",\"photo_of_the_day\":false,\"daily_wisdom\":false,\"word_count\":944,\"shortcodes\":[],\"sponsoredSettings\":,\"isSponsored\":false,\"custom_skin_settings\":\"slot\":\"custom-skin\",\"library\":\"theme.Skin\",\"skin_default_article\":\"1\",\"hide_from_layout_endpoint\":\"1\",\"props\":\"id\":\"custom-skid-ad\",\"unit\":\"64500793\/EN_DESK_ARTICLE_SKIN_1x1\",\"collapse_empty_divs\":false,\"premium_ads\":false,\"bids\":\"\",\"nexxx360_id\":\"\",\"size\":[],\"adjacent_posts\":\"next_post\":\"link\":\" Article \",\"prev_post\":\"link\":\" Article \",\"close_comments\":false,\"premium_content\":\"\",\"trunked_content\":\"u003ch2 class=\"subtitle\"u003eIt was probably \u201cpassum,\u201d a sweet dessert wine made from dried grapes that was popular across the Eastern Mediterranean in antiquity.u003c\/h2u003enu003cpu003eArcheologists report having discovered u003ca href=\" target=\"_blank\" rel=\"noopener\" title=\"\"u003ewhich foodsu003c\/au003e were eaten during the Last Supper, including lamb stew, walnut paste, and olives. But what about the wine?\u00a0u003c\/pu003ennu003cpu003eHistorians believe that like most wines consumed during antiquity, the wine they drank at the Last Supper was probably sweet and \u201cu003ca href=\" target=\"_blank\" rel=\"noopener\" title=\"\"u003epassitu003c\/au003eu003ca href=\"u003eo-likeu003c\/au003e,\u201d meaning it was made from grapes that had been dried to be better preserved. u003ca href=\" target=\"_blank\" rel=\"noopener\" title=\"\"u003eAccordingu003c\/au003e to the Gospels of Mark, Matthew, and Luke, the Last Supper was a Passover supper, so Jesus and his disciples probably drank u003ca href=\" target=\"_blank\" rel=\"noopener\" title=\"\"u003epassumu003c\/au003e, a sweet wine made from dried grapes typically used in Jewish rituals.\u00a0u003c\/pu003en\",{\"simple\":false,\"id\":805677,\"related\":[],\"content\":\"u003cspan class=\"subtitle\"u003eIn the Lord's Prayer we pray \"Thy will be done on earth as it is in heaven.\" What exactly does that mean?u003c\/spanu003eu003cpu003eWhen praying the Our Father, there is a line about asking that Godu0026#8217;s will be done. It may seem straightforward, but it has many layers of meaning.u003c\/pu003enu003cpu003eThe u003cemu003eu003ca href=\" target=\"_blank\" rel=\"noopener\" title=\"\"u003eCatechism of the Catholic Churchu003c\/au003eu003c\/emu003e explains some of the meaning behind Godu0026#8217;s will in its section on the Lordu0026#8217;s Prayer.u003c\/pu003enu003cdiv class=\"wp-block-aleteia-heading3\"u003enu003ch2u003eThat all might be savedu003c\/h2u003enu003c\/pu003eu003c\/divu003enu003cblockquote class=\"wp-block-quote is-layout-flow wp-block-quote-is-layout-flow\"u003enu003cpu003eOur Father u0026#8220;u003cstrongu003edesires all men to be saved u003c\/strongu003eand to come to the knowledge of the truth.u0026#8221;u003csupu003e95u003c\/supu003eu0026nbsp;He u0026#8220;is forbearing toward you, not wishing that any should perish.u0026#8221; His commandment is u0026#8220;u003cstrongu003ethat you love one another; even as I have loved you, that you also love one another.u003c\/strongu003eu0026#8221; This commandment summarizes all the others and u003cstrongu003eexpresses his entire will.u003c\/strongu003eu003c\/pu003enu003cciteu003eCCC 2822u003c\/citeu003eu003c\/blockquoteu003enu003cpu003ePopular depictions of God in modern culture can make it seem that God is a tyrant who wants mindless slaves who serve him.u003c\/pu003enu003cpu003eHowever, that is far from the truth. God is love itself and does not want any of his children to perish. He wants to gather all into his fold:u003c\/pu003enu003cblockquote class=\"wp-block-quote is-layout-flow wp-block-quote-is-layout-flow\"u003enu003cdiv id='aleteia-welcome'u003eu003c\/divu003eu003cpu003eu0026#8220;He has made known to us the mystery of his will, according to his good pleasure that he set forth in Christ .u0026nbsp;.u0026nbsp;. u003cstrongu003eto gather up all things in him, things in heaven and things on earth. u003c\/strongu003eIn Christ we have also obtained an inheritance, having been destined according to the purpose of him who accomplishes all things according to his counsel and will.u0026#8221; We ask insistently for this loving plan to be fully realized on earth as it is already in heaven.u003c\/pu003enu003cciteu003eCCC 2823u003c\/citeu003eu003c\/blockquoteu003enu003cdiv class=\"wp-block-aleteia-heading3\"u003enu003ch2u003eJesus fulfills the Fatheru0026#8217;s willu003c\/h2u003enu003c\/pu003eu003c\/divu003enu003cpu003eIn order to enact the Fatheru0026#8217;s will on earth as it is in heaven, Jesus came and gave his life for all:u003c\/pu003enu003cblockquote class=\"wp-block-quote is-layout-flow wp-block-quote-is-layout-flow\"u003enu003cpu003eIn Christ, and through his human will, the will of the Father has been perfectly fulfilled once for all. Jesus said on entering into this world: u0026#8220;Lo, I have come to do your will, O God.u0026#8221; Only Jesus can say: u0026#8220;I always do what is pleasing to him.u0026#8221; In the prayer of his agony, he consents totally to this will: u0026#8220;not my will, but yours be done.u0026#8221; u003cstrongu003eFor this reason Jesus u0026#8220;gave himself for our sins to deliver us from the present evil age, according to the will of our God and Father.u0026#8221; And by that will we have been sanctified through the offering of the body of Jesus Christ once for all.u0026#8221;u003c\/strongu003eu003c\/pu003enu003cciteu003eCCC 2824u003c\/citeu003eu003c\/blockquoteu003enu003cpu003eWhile through Christ the Fatheru0026#8217;s will is realized, it is still possible to reject the invitation to love God with our heart, mind and strength.u003c\/pu003enu003cpu003eIn praying the Our Father, we are also seeking to align our will with Godu0026#8217;s will, letting ourselves be loved by him now and for all eternity.u003c\/pu003entu003cdiv data-category=\"Spirituality\" data-category-english=\"spirituality\" class=\"wp-block-aleteia-read-also read-also\"u003enttu003cfigureu003entttu003cimgnttttsrc=\" \/u003enttu003c\/figureu003enttu003cdiv class=\"read-also-inner\"u003entttu003cemu003eRead more:u003c\/emu003eu003ca href=\" heaven a physical place where God lives?u003c\/au003enttu003c\/divu003entu003c\/divu003etu003cdiv data-category=\"Spirituality\" data-category-english=\"spirituality\" class=\"wp-block-aleteia-read-also read-also\"u003enttu003cfigureu003entttu003cimgnttttsrc=\" \/u003enttu003c\/figureu003enttu003cdiv class=\"read-also-inner\"u003entttu003cemu003eRead more:u003c\/emu003eu003ca href=\" the Our Father with filial boldnessu003c\/au003enttu003c\/divu003entu003c\/divu003e\",\"rawcontent\":\"u003c!-- wp:aleteia\/subtitle \/--u003ennu003c!-- wp:paragraph --u003enu003cpu003eWhen praying the Our Father, there is a line about asking that God's will be done. It may seem straightforward, but it has many layers of meaning.u003c\/pu003enu003c!-- \/wp:paragraph --u003ennu003c!-- wp:paragraph --u003enu003cpu003eThe u003cemu003eu003ca href=\" target=\"_blank\" rel=\"noopener\" title=\"\"u003eCatechism of the Catholic Churchu003c\/au003eu003c\/emu003e explains some of the meaning behind God's will in its section on the Lord's Prayer.u003c\/pu003enu003c!-- \/wp:paragraph --u003ennu003c!-- wp:aleteia\/heading3 \"content\":\"That all might be saved\" --u003enu003ch3u003eThat all might be savedu003c\/h3u003enu003c!-- \/wp:aleteia\/heading3 --u003ennu003c!-- wp:quote --u003enu003cblockquote class=\"wp-block-quote\"u003eu003c!-- wp:paragraph --u003enu003cpu003eOur Father \"u003cstrongu003edesires all men to be saved u003c\/strongu003eand to come to the knowledge of the truth.\"u003csupu003e95u003c\/supu003eu0026nbsp;He \"is forbearing toward you, not wishing that any should perish.\" His commandment is \"u003cstrongu003ethat you love one another; even as I have loved you, that you also love one another.u003c\/strongu003e\" This commandment summarizes all the others and u003cstrongu003eexpresses his entire will.u003c\/strongu003eu003c\/pu003enu003c!-- \/wp:paragraph --u003eu003cciteu003eCCC 2822u003c\/citeu003eu003c\/blockquoteu003enu003c!-- \/wp:quote --u003ennu003c!-- wp:paragraph --u003enu003cpu003ePopular depictions of God in modern culture can make it seem that God is a tyrant who wants mindless slaves who serve him.u003c\/pu003enu003c!-- \/wp:paragraph --u003ennu003c!-- wp:paragraph --u003enu003cpu003eHowever, that is far from the truth. God is love itself and does not want any of his children to perish. He wants to gather all into his fold:u003c\/pu003enu003c!-- \/wp:paragraph --u003ennu003c!-- wp:quote --u003enu003cblockquote class=\"wp-block-quote\"u003eu003c!-- wp:paragraph --u003enu003cpu003e\"He has made known to us the mystery of his will, according to his good pleasure that he set forth in Christ .u0026nbsp;.u0026nbsp;. u003cstrongu003eto gather up all things in him, things in heaven and things on earth. u003c\/strongu003eIn Christ we have also obtained an inheritance, having been destined according to the purpose of him who accomplishes all things according to his counsel and will.\" We ask insistently for this loving plan to be fully realized on earth as it is already in heaven.u003c\/pu003enu003c!-- \/wp:paragraph --u003eu003cciteu003eCCC 2823u003c\/citeu003eu003c\/blockquoteu003enu003c!-- \/wp:quote --u003ennu003c!-- wp:aleteia\/heading3 \"content\":\"Jesus fulfills the Father's will\" --u003enu003ch3u003eJesus fulfills the Father's willu003c\/h3u003enu003c!-- \/wp:aleteia\/heading3 --u003ennu003c!-- wp:paragraph --u003enu003cpu003eIn order to enact the Father's will on earth as it is in heaven, Jesus came and gave his life for all:u003c\/pu003enu003c!-- \/wp:paragraph --u003ennu003c!-- wp:quote --u003enu003cblockquote class=\"wp-block-quote\"u003eu003c!-- wp:paragraph --u003enu003cpu003eIn Christ, and through his human will, the will of the Father has been perfectly fulfilled once for all. Jesus said on entering into this world: \"Lo, I have come to do your will, O God.\" Only Jesus can say: \"I always do what is pleasing to him.\" In the prayer of his agony, he consents totally to this will: \"not my will, but yours be done.\" u003cstrongu003eFor this reason Jesus \"gave himself for our sins to deliver us from the present evil age, according to the will of our God and Father.\" And by that will we have been sanctified through the offering of the body of Jesus Christ once for all.\"u003c\/strongu003eu003c\/pu003enu003c!-- \/wp:paragraph --u003eu003cciteu003eCCC 2824u003c\/citeu003eu003c\/blockquoteu003enu003c!-- \/wp:quote --u003ennu003c!-- wp:paragraph --u003enu003cpu003eWhile through Christ the Father's will is realized, it is still possible to reject the invitation to love God with our heart, mind and strength.u003c\/pu003enu003c!-- \/wp:paragraph --u003ennu003c!-- wp:paragraph --u003enu003cpu003eIn praying the Our Father, we are also seeking to align our will with God's will, letting ourselves be loved by him now and for all eternity.u003c\/pu003enu003c!-- \/wp:paragraph --u003ennu003c!-- wp:aleteia\/read-also {\"link\":\" heaven a physical place where God lives?\",\"image\":\" --u003enu003cdiv class=\"read-also\"u003eu003ca href=\" heaven a physical place where God lives?u003c\/au003eu003c\/divu003enu003c!-- \/wp:aleteia\/read-also --u003ennu003c!-- wp:aleteia\/read-also {\"link\":\" the Our Father with filial boldness\",\"image\":\" --u003enu003cdiv class=\"read-also\"u003eu003ca href=\" the Our Father with filial boldnessu003c\/au003eu003c\/divu003enu003c!-- \/wp:aleteia\/read-also --u003e\",\"pages\":1,\"language\":\"en\",\"galleries\":[],\"video\":false,\"title\":\"What is God\u2019s will on earth and in heaven?\",\"subheading\":\"In the Lord's Prayer we pray \"Thy will be done on earth as it is in heaven.\" What exactly does that mean?\",\"author\":\"Philip Kosloski\",\"author_2\":\"\",\"authors_obj\":[\"ID\":\"1243\",\"link\":\" Kosloski graduated from the University of Saint Thomas in Minnesota with a bachelor's degree in philosophy and Catholic studies and a master's degree in theology from the Augustine Institute. He is currently a spirituality writer for Aleteia.org and has been featured on such places as The Huffington Post, Crisis Magazine, The Catholic Herald, Catholic Exchange, National Catholic Register and EWTN Radio.\",\"twitter\":\"PhilipKosloski\",\"facebook\":\"philipkosloski\",\"subtitle\":\"\",\"title_guest_author\":\"\",\"thumb\":\" Kosloski\",\"hreflangs\":\"en\":\" Sumo y eterno sacerdote\",\"link\":\"\/2024\/05\/27\/what-is-gods-will-on-earth-and-in-heaven\/\",\"category_obj\":\"link\":\" 0, 31, 77, 1 )\",\"term_id\":1494,\"category\":\"Spirituality\",\"category_slug\":\"spirituality\",\"category_id\":1494,\"category_color\":\"#001F4D\",\"parent_category\":\"Spirituality\",\"published\":1716796800,\"published_datalayer\":\"2024.05.27\",\"article_modified_date\":\"\",\"article_modified\":false,\"published_formatted\":\"published on 05\/27\/24\",\"tags\":\"Bible, CCC Prayer, Prayer\",\"firsttag\":\"Prayer\",\"tags_items\":[\"term_id\":423716110,\"name\":\"Bible\",\"link\":\" Prayer\",\"link\":\" Department\",\"settings\":\"disable_slideshow_cta\":\"\",\"template_customizations\":\"\",\"post_appearance_setting\":\"no_drop_caps\":false,\"hide_from_tops\":false,\"hide_date\":false,\"hide_post\":false,\"hide_post_in_newsletter\":false,\"ads_disabled\":false,\"inread_ads_disabled\":false,\"custom_inread_position_enabled\":false,\"custom_inread_position\":\"2\",\"test_pixel_enabled\":false,\"test_pixel_position\":\"\",\"exclude_banner_article\":false,\"div_moneytags_position\":\"\",\"hide_promotional_box\":false,\"original_article\":\"is_original\":\"1\",\"url\":\"\",\"edition\":\"en\",\"gtm\":\"page_type\":\"\",\"page_type_2\":\"\",\"category_name\":\"spirituality\",\"article_subcategory\":\"Spirituality\",\"article_type\":\"article\",\"cd\":\"dimension1\":\"Philip Kosloski\",\"dimension2\":\"Spirituality\",\"dimension3\":\"1716796800\",\"dimension4\":\"en\",\"dimension5\":\"\",\"dimension6\":\"article\",\"dimension7\":\"2024.05.27\",\"dimension8\":\"Bible, CCC Prayer, Prayer\",\"dimension9\":\"In the Lord's Prayer we pray \"Thy will be done on earth as it is in heaven.\" What exactly does that mean?\",\"dimension10\":\"805677\",\"dimension11\":\"Bible\",\"dimension12\":\"web\",\"dimension13\":\"\",\"dimension17\":\"Spirituality Department\",\"dimension14\":\"Spirituality\",\"photo_of_the_day\":false,\"daily_wisdom\":false,\"word_count\":773,\"shortcodes\":[],\"sponsoredSettings\":,\"isSponsored\":false,\"custom_skin_settings\":\"slot\":\"custom-skin\",\"library\":\"theme.Skin\",\"skin_default_article\":\"1\",\"hide_from_layout_endpoint\":\"1\",\"props\":\"id\":\"custom-skid-ad\",\"unit\":\"64500793\/EN_DESK_ARTICLE_SKIN_1x1\",\"collapse_empty_divs\":false,\"premium_ads\":false,\"bids\":\"\",\"nexxx360_id\":\"\",\"size\":[],\"adjacent_posts\":\"next_post\":\"link\":\" Article \",\"prev_post\":\"link\":\" Article \",\"close_comments\":false,\"premium_content\":\"\",\"trunked_content\":\"u003ch2 class=\"subtitle\"u003eIn the Lord's Prayer we pray \"Thy will be done on earth as it is in heaven.\" What exactly does that mean?u003c\/h2u003enu003cpu003eWhen praying the Our Father, there is a line about asking that God's will be done. It may seem straightforward, but it has many layers of meaning.u003c\/pu003ennu003cpu003eThe u003cemu003eu003ca href=\" target=\"_blank\" rel=\"noopener\" title=\"\"u003eCatechism of the Catholic Churchu003c\/au003eu003c\/emu003e explains some of the meaning behind God's will in its section on the Lord's Prayer.u003c\/pu003en\",{\"simple\":false,\"id\":805682,\"related\":[],\"content\":\"u003cspan class=\"subtitle\"u003eThe feast of Corpus Christi is a holy day of obligation in the universal Church, but local bishops can remove it or transfer it to Sunday.u003c\/spanu003eu003cpu003eThe Catholic Church has established a number of days outside of Sunday that are holy days of obligation, meaning that Catholics are bound to attend Mass.u003c\/pu003enu003cpu003eThe u003cemu003eu003ca href=\" target=\"_blank\" rel=\"noopener\" title=\"\"u003eCode of Canon Lawu003c\/au003eu003c\/emu003e lists the following days that are celebrated universally, though each bishop has the authority to add or subtract from this list.u003c\/pu003enu003cblockquote class=\"wp-block-quote is-layout-flow wp-block-quote-is-layout-flow\"u003enu003cpu003eCan.u0026nbsp;1246 \u00a71. Sunday, on which by apostolic tradition the paschal mystery is celebrated, must be observed in the universal Church as the primordial holy day of obligation. The following days must also be observed: u003cbru003ethe Nativity of our Lord Jesus Christ, u003cbru003ethe Epiphany, u003cbru003ethe Ascension, u003cbru003eu003cstrongu003ethe Body and Blood of Christ,u003c\/strongu003e u003cbru003eHoly Mary the Mother of God, u003cbru003eher Immaculate Conception, u003cbru003eher Assumption, u003cbru003eSaint Joseph, u003cbru003eSaint Peter and Saint Paul the Apostles, u003cbru003eand All Saints.u003c\/pu003enu003c\/blockquoteu003enu003cpu003eThis means that the feast of Corpus Christi (also known as the Body and Blood of Christ in English), is normally a u003cstrongu003eholy day of obligationu003c\/strongu003e.u003c\/pu003enu003cpu003eAt the same time, holy days of obligation are u003cstrongu003ecurrently governed by the local bishops\u2019 conferences and can vary from country to countryu003c\/strongu003e, as the u003cemu003eCode of Canon Lawu003c\/emu003e states.u003c\/pu003enu003cblockquote class=\"wp-block-quote is-layout-flow wp-block-quote-is-layout-flow\"u003enu003cdiv id='aleteia-welcome'u003eu003c\/divu003eu003cpu003e\u00a72. With the prior approval of the Apostolic See, however, the conference of bishops can suppress some of the holy days of obligation or transfer them to a Sunday.u003c\/pu003enu003c\/blockquoteu003enu003cdiv class=\"wp-block-aleteia-heading3\"u003enu003ch2u003eCorpus Christi on Sundayu003c\/h2u003enu003c\/pu003eu003c\/divu003enu003cpu003eInitially Corpus Christi was celebrated on theu0026nbsp;u003cstrongu003eThursday after Trinity Sundayu003c\/strongu003e, in accord with the requests ofu0026nbsp;u003cstrongu003eJuliana of Liegeu003c\/strongu003e, a 13th-century religious woman who promoted this devotion.u003c\/pu003enu003cpu003eIn the 20th century it became increasingly difficult to attend Mass on a Thursday in countries where there did not exist a dominant Catholic culture, and the demands of work prevented most people from attending the celebration.u003c\/pu003enu003cpu003eThe feast was then moved in many places to theu0026nbsp;u003cstrongu003eSunday following Trinity Sundayu0026nbsp;u003c\/strongu003eto make it possible for more of the faithful to participate in the Mass of Corpus Christi. Since Sundays are automatically holy days of obligation, the obligationto attend Mass on Corpus Christi remains.u003c\/pu003enu003cpu003eCorpus Christi continues to be celebrated on a Thursday in places where it is a public holiday, such as many u003cstrongu003eSpanish-speaking countriesu003c\/strongu003e, or in other countries where Catholicism is a majority.u003c\/pu003enu003cpu003eBe sure to consult your local diocese to see if it is a holy day of obligation and whether it is celebrated on a Thursday or a Sunday.u003c\/pu003entu003cdiv data-category=\"Spirituality\" data-category-english=\"spirituality\" class=\"wp-block-aleteia-read-also read-also\"u003enttu003cfigureu003entttu003cimgnttttsrc=\" CORPUS DOMINI\"nttttloading=\"lazy\" \/u003enttu003c\/figureu003enttu003cdiv class=\"read-also-inner\"u003entttu003cemu003eRead more:u003c\/emu003eu003ca href=\" is the feast of Corpus Christi celebrated?u003c\/au003enttu003c\/divu003entu003c\/divu003etu003cdiv data-category=\"Church\" data-category-english=\"church\" class=\"wp-block-aleteia-read-also read-also\"u003enttu003cfigureu003entttu003cimgnttttsrc=\" \/u003enttu003c\/figureu003enttu003cdiv class=\"read-also-inner\"u003entttu003cemu003eRead more:u003c\/emu003eu003ca href=\" is a holy day of obligation? When are they?u003c\/au003enttu003c\/divu003entu003c\/divu003e\",\"rawcontent\":\"u003c!-- wp:aleteia\/subtitle \/--u003ennu003c!-- wp:paragraph --u003enu003cpu003eThe Catholic Church has established a number of days outside of Sunday that are holy days of obligation, meaning that Catholics are bound to attend Mass.u003c\/pu003enu003c!-- \/wp:paragraph --u003ennu003c!-- wp:paragraph --u003enu003cpu003eThe u003cemu003eu003ca href=\" target=\"_blank\" rel=\"noopener\" title=\"\"u003eCode of Canon Lawu003c\/au003eu003c\/emu003e lists the following days that are celebrated universally, though each bishop has the authority to add or subtract from this list.u003c\/pu003enu003c!-- \/wp:paragraph --u003ennu003c!-- wp:quote --u003enu003cblockquote class=\"wp-block-quote\"u003eu003c!-- wp:paragraph --u003enu003cpu003eCan.u0026nbsp;1246 \u00a71. Sunday, on which by apostolic tradition the paschal mystery is celebrated, must be observed in the universal Church as the primordial holy day of obligation. The following days must also be observed: u003cbru003ethe Nativity of our Lord Jesus Christ, u003cbru003ethe Epiphany, u003cbru003ethe Ascension, u003cbru003eu003cstrongu003ethe Body and Blood of Christ,u003c\/strongu003e u003cbru003eHoly Mary the Mother of God, u003cbru003eher Immaculate Conception, u003cbru003eher Assumption, u003cbru003eSaint Joseph, u003cbru003eSaint Peter and Saint Paul the Apostles, u003cbru003eand All Saints.u003c\/pu003enu003c!-- \/wp:paragraph --u003eu003c\/blockquoteu003enu003c!-- \/wp:quote --u003ennu003c!-- wp:paragraph --u003enu003cpu003eThis means that the feast of Corpus Christi (also known as the Body and Blood of Christ in English), is normally a u003cstrongu003eholy day of obligationu003c\/strongu003e.u003c\/pu003enu003c!-- \/wp:paragraph --u003ennu003c!-- wp:paragraph --u003enu003cpu003eAt the same time, holy days of obligation are u003cstrongu003ecurrently governed by the local bishops\u2019 conferences and can vary from country to countryu003c\/strongu003e, as the u003cemu003eCode of Canon Lawu003c\/emu003e states.u003c\/pu003enu003c!-- \/wp:paragraph --u003ennu003c!-- wp:quote --u003enu003cblockquote class=\"wp-block-quote\"u003eu003c!-- wp:paragraph --u003enu003cpu003e\u00a72. With the prior approval of the Apostolic See, however, the conference of bishops can suppress some of the holy days of obligation or transfer them to a Sunday.u003c\/pu003enu003c!-- \/wp:paragraph --u003eu003c\/blockquoteu003enu003c!-- \/wp:quote --u003ennu003c!-- wp:aleteia\/heading3 \"content\":\"Corpus Christi on Sunday\" --u003enu003ch3u003eCorpus Christi on Sundayu003c\/h3u003enu003c!-- \/wp:aleteia\/heading3 --u003ennu003c!-- wp:paragraph --u003enu003cpu003eInitially Corpus Christi was celebrated on theu0026nbsp;u003cstrongu003eThursday after Trinity Sundayu003c\/strongu003e, in accord with the requests ofu0026nbsp;u003cstrongu003eJuliana of Liegeu003c\/strongu003e, a 13th-century religious woman who promoted this devotion.u003c\/pu003enu003c!-- \/wp:paragraph --u003ennu003c!-- wp:paragraph --u003enu003cpu003eIn the 20th century it became increasingly difficult to attend Mass on a Thursday in countries where there did not exist a dominant Catholic culture, and the demands of work prevented most people from attending the celebration.u003c\/pu003enu003c!-- \/wp:paragraph --u003ennu003c!-- wp:paragraph --u003enu003cpu003eThe feast was then moved in many places to theu0026nbsp;u003cstrongu003eSunday following Trinity Sundayu0026nbsp;u003c\/strongu003eto make it possible for more of the faithful to participate in the Mass of Corpus Christi. Since Sundays are automatically holy days of obligation, the obligationto attend Mass on Corpus Christi remains.u003c\/pu003enu003c!-- \/wp:paragraph --u003ennu003c!-- wp:paragraph --u003enu003cpu003eCorpus Christi continues to be celebrated on a Thursday in places where it is a public holiday, such as many u003cstrongu003eSpanish-speaking countriesu003c\/strongu003e, or in other countries where Catholicism is a majority.u003c\/pu003enu003c!-- \/wp:paragraph --u003ennu003c!-- wp:paragraph --u003enu003cpu003eBe sure to consult your local diocese to see if it is a holy day of obligation and whether it is celebrated on a Thursday or a Sunday.u003c\/pu003enu003c!-- \/wp:paragraph --u003ennu003c!-- wp:aleteia\/read-also {\"link\":\" is the feast of Corpus Christi celebrated?\",\"image\":\" --u003enu003cdiv class=\"read-also\"u003eu003ca href=\" is the feast of Corpus Christi celebrated?u003c\/au003eu003c\/divu003enu003c!-- \/wp:aleteia\/read-also --u003ennu003c!-- wp:aleteia\/read-also {\"link\":\" is a holy day of obligation? When are they?\",\"image\":\" --u003enu003cdiv class=\"read-also\"u003eu003ca href=\" is a holy day of obligation? When are they?u003c\/au003eu003c\/divu003enu003c!-- \/wp:aleteia\/read-also --u003e\",\"pages\":1,\"language\":\"en\",\"galleries\":[],\"video\":false,\"title\":\"Is the feast of Corpus Christi a holy day of obligation?\",\"subheading\":\"The feast of Corpus Christi is a holy day of obligation in the universal Church, but local bishops can remove it or transfer it to Sunday.\",\"author\":\"Philip Kosloski\",\"author_2\":\"\",\"authors_obj\":[\"ID\":\"1243\",\"link\":\" Kosloski graduated from the University of Saint Thomas in Minnesota with a bachelor's degree in philosophy and Catholic studies and a master's degree in theology from the Augustine Institute. He is currently a spirituality writer for Aleteia.org and has been featured on such places as The Huffington Post, Crisis Magazine, The Catholic Herald, Catholic Exchange, National Catholic Register and EWTN Radio.\",\"twitter\":\"PhilipKosloski\",\"facebook\":\"philipkosloski\",\"subtitle\":\"\",\"title_guest_author\":\"\",\"thumb\":\" Kosloski\",\"hreflangs\": Aleteia\",\"link\":\"\",\"caption\":\"\",\"alt\":\"EUCHARIST,ADORATION\",\"link\":\"\/2024\/05\/27\/is-the-feast-of-corpus-christi-a-holy-day-of-obligation\/\",\"category_obj\":\"link\":\" 0, 31, 77, 1 )\",\"term_id\":1494,\"category\":\"Spirituality\",\"category_slug\":\"spirituality\",\"category_id\":1494,\"category_color\":\"#001F4D\",\"parent_category\":\"Spirituality\",\"published\":1716800400,\"published_datalayer\":\"2024.05.27\",\"article_modified_date\":\"\",\"article_modified\":false,\"published_formatted\":\"published on 05\/27\/24\",\"tags\":\"Devotions and Feasts, Eucharist, Liturgy\",\"firsttag\":\"Liturgy\",\"tags_items\":[\"term_id\":423715949,\"name\":\"Devotions and Feasts\",\"link\":\" Department\",\"settings\":\"disable_slideshow_cta\":\"\",\"template_customizations\":\"\",\"post_appearance_setting\":\"no_drop_caps\":false,\"hide_from_tops\":false,\"hide_date\":false,\"hide_post\":false,\"hide_post_in_newsletter\":false,\"ads_disabled\":false,\"inread_ads_disabled\":false,\"custom_inread_position_enabled\":false,\"custom_inread_position\":\"2\",\"test_pixel_enabled\":false,\"test_pixel_position\":\"\",\"exclude_banner_article\":false,\"div_moneytags_position\":\"\",\"hide_promotional_box\":false,\"original_article\":\"is_original\":\"1\",\"url\":\"\",\"edition\":\"en\",\"gtm\":\"page_type\":\"\",\"page_type_2\":\"\",\"category_name\":\"spirituality\",\"article_subcategory\":\"Spirituality\",\"article_type\":\"article\",\"cd\":\"dimension1\":\"Philip Kosloski\",\"dimension2\":\"Spirituality\",\"dimension3\":\"1716800400\",\"dimension4\":\"en\",\"dimension5\":\"\",\"dimension6\":\"article\",\"dimension7\":\"2024.05.27\",\"dimension8\":\"Devotions and Feasts, Eucharist, Liturgy\",\"dimension9\":\"The feast of Corpus Christi is a holy day of obligation in the universal Church, but local bishops can remove it or transfer it to Sunday.\",\"dimension10\":\"805682\",\"dimension11\":\"Devotions and Feasts\",\"dimension12\":\"web\",\"dimension13\":\"\",\"dimension17\":\"Spirituality Department\",\"dimension14\":\"Spirituality\",\"photo_of_the_day\":false,\"daily_wisdom\":false,\"word_count\":716,\"shortcodes\":[],\"sponsoredSettings\":,\"isSponsored\":false,\"custom_skin_settings\":\"slot\":\"custom-skin\",\"library\":\"theme.Skin\",\"skin_default_article\":\"1\",\"hide_from_layout_endpoint\":\"1\",\"props\":\"id\":\"custom-skid-ad\",\"unit\":\"64500793\/EN_DESK_ARTICLE_SKIN_1x1\",\"collapse_empty_divs\":false,\"premium_ads\":false,\"bids\":\"\",\"nexxx360_id\":\"\",\"size\":[],\"adjacent_posts\":\"next_post\":\"link\":\" Article \",\"prev_post\":\"link\":\" Article \",\"close_comments\":false,\"premium_content\":\"\",\"trunked_content\":\"u003ch2 class=\"subtitle\"u003eThe feast of Corpus Christi is a holy day of obligation in the universal Church, but local bishops can remove it or transfer it to Sunday.u003c\/h2u003enu003cpu003eThe Catholic Church has established a number of days outside of Sunday that are holy days of obligation, meaning that Catholics are bound to attend Mass.u003c\/pu003ennu003cpu003eThe u003cemu003eu003ca href=\" target=\"_blank\" rel=\"noopener\" title=\"\"u003eCode of Canon Lawu003c\/au003eu003c\/emu003e lists the following days that are celebrated universally, though each bishop has the authority to add or subtract from this list.u003c\/pu003en\",\"simple\":false,\"id\":636432,\"related\":[],\"content\":\"u003cspan class=\"subtitle\"u003eThe \"computer geek\" saint is an inspiration to both young and old.u003c\/spanu003eu003cpu003eEver since his death in 2006, Carlo Acutisu0026#8217; story has captivated the world. The simple holiness of the teenage saint remains an inspiration to all, highlighting the truth that anyone can achieve holiness, no matter their state in life.u003c\/pu003enu003cpu003eu003cstrongu003eHere is a brief list of the most viewed articles on Aleteia about St. Carlo Acutis that help explain his life, miracles and legacy.u003c\/strongu003e\u00a0You can click on the links below to learn more information.u003c\/pu003enu003chr class=\"wp-block-separator has-css-opacity\" \/u003enu003cdiv class=\"wp-block-aleteia-heading3\"u003enu003ch2u003eThe life of Bl. Carlo Acutisu003c\/h2u003enu003c\/pu003eu003c\/divu003enu003chr class=\"wp-block-separator has-css-opacity\" \/u003enu003cdiv class=\"wp-block-aleteia-heading3\"u003enu003ch2u003eBorn to a simple family, Carlo was a friend to allu003c\/h2u003enu003c\/pu003eu003c\/divu003enu003cpu003eCarlo was born in London on May 3, 1991, to Italian parents who moved the family to Milan when he was 3 months old. It was there that Carlo grew up, attending local schools and then a Jesuit high school. Devoted to Our Lady from a young age, Carlo made the effort to recite the Rosary daily and, after his first Communion at age 7, also strove to receive the Eucharist daily and to attend confession weekly.u003c\/pu003enu003cpu003eCarlo was exceptionally compassionate and mature even as a child. u003cstrongu003eWhen bullies at school picked on classmates with disabilities, it was Carlo who stepped up to defend them.u003c\/strongu003e He also worried for friends who were suffering through their parents\u2019 divorces, and made a point of inviting them to his home and offering his support.u003c\/pu003enu003cpu003eu003ca href=\" target=\"_blank\" rel=\"noopener\" title=\"\"u003eTech geek? Meet your new saintly friend, Carlo Acutisu003c\/au003eu003c\/pu003enu003cdiv class=\"wp-block-aleteia-heading3\"u003enu003ch2u003eEnjoyed playing video gamesu003c\/h2u003enu003c\/pu003eu003c\/divu003enu003cdiv id='aleteia-welcome'u003eu003c\/divu003enu003cpu003eHis mother toldu0026nbsp;u003ca href=\" target=\"_blank\" rel=\"noreferrer noopener\"u003eCNSu003c\/au003e, \u201cCarlo led a normal life: He went to school, he played sports, he played video games, although usually just one hour a week because he understood that one could be enslaved by video games.\u201du003c\/pu003enu003cpu003eIf there is to be any patron saint for video gamers, it should be Carlo Acutis once he is officially canonized. He is the perfect saint for the average child or teenager in today\u2019s culture and is a wonderful example of ordinary holiness.u003c\/pu003enu003cpu003eu003ca href=\" target=\"_blank\" rel=\"noopener\" title=\"\"u003eIs there a patron saint for video gamers?u003c\/au003eu003c\/pu003enu003cdiv class=\"wp-block-aleteia-heading3\"u003enu003ch2u003eCarlou0026#8217;s mother was converted by her own sonu003c\/h2u003enu003c\/pu003eu003c\/divu003enu003cpu003e\u201cCarlo was a very devout soul, even when he was very young.u0026nbsp;u003cstrongu003eHe loved to go to church, to pray, and to learn more about his faith.u003c\/strongu003eu0026nbsp;I was far from the church; I grew up in a secular family, as millions of people do, I suppose. So, having this son who insistently asked me questions about the faith forced me to reflect. That was the reason why I drew closer to the Church\u201d and to the sacraments, she explains.u003c\/pu003enu003cpu003eu003ca href=\" target=\"_blank\" rel=\"noopener\" title=\"\"u003eThe mother of Carlo Acutis says he was her little savioru003c\/au003eu003c\/pu003enu003cdiv class=\"wp-block-aleteia-heading3\"u003enu003ch2u003eCarlou0026#8217;s school principal witnessed his holinessu003c\/h2u003enu003c\/pu003eu003c\/divu003enu003cpu003eu003cstrongu003eu003c\/strongu003eI would say that he was a quiet child by nature, living in the context of a peaceful family. As time passed (also because the surname was recurrent in the media), I learned that his father, Andrea Acutis, was the manager of a large private company and that the family\u2019s standard of living was quite high. But none of this stood out in Carlo or his parents.u003c\/pu003enu003cpu003eToday I often see spoiled and demanding children, who are capricious with their parents, selfish with their classmates and perhaps spoiled by excessive wellbeing. There was never any sign of this in Carlo: he was a child who integrated harmoniously in the classroom, docile, with whom the teacher was happy. His parents too were very polite and unpretentious, reserved people.u003c\/pu003enu003cpu003eu003ca href=\" target=\"_blank\" rel=\"noopener\" title=\"\"u003eCarlo Acutis\u2019 principal: He\u2019s a beacon for children and young peopleu003c\/au003eu003c\/pu003enu003cdiv class=\"wp-block-aleteia-heading3\"u003enu003ch2u003eCreated a website to catalogue Eucharistic miraclesu003c\/h2u003enu003c\/pu003eu003c\/divu003enu003cpu003eOne of his most significant computer ventures was cataloguing all the Eucharistic miracles of the world. He started the project when he was 11 years old andu0026nbsp;wrote at the time, \u201cThe more Eucharist we receive, the more we will become like Jesus, so that on this earth we will have a foretaste of Heaven.\u201d u003cstrongu003eHe then asked his parents to start taking him to all the places of the Eucharistic miracles, and two and half years later the project was completed.u003c\/strongu003eu003c\/pu003enu003cpu003eAcutis researched over \u201c136 Eucharistic miracles that occurred over the centuries in different countries around the world, and have been acknowledged by the Church\u201d and collected them into a virtual museum. Besidesu0026nbsp;creating a websiteu0026nbsp;to house this virtual museum, he helped create panel presentations that have traveled around the world.u003c\/pu003enu003cpu003eu003ca href=\" target=\"_blank\" rel=\"noopener\" title=\"\"u003e\u201cComputer geek\u201d takes one more step toward sainthoodu003c\/au003eu003c\/pu003enu003chr class=\"wp-block-separator has-css-opacity\" \/u003enu003cdiv class=\"wp-block-aleteia-heading3\"u003enu003ch2u003eThe miracles of Carlo Acutisu003c\/h2u003enu003c\/pu003eu003c\/divu003enu003chr class=\"wp-block-separator has-css-opacity\" \/u003enu003cdiv class=\"wp-block-aleteia-heading3\"u003enu003ch2u003eHealing of a gravely ill boy in Brazilu003c\/h2u003enu003c\/pu003eu003c\/divu003enu003cpu003eThe Medical Council of the Congregation for Saints\u2019 Causes has expressed a positive opinion on an alleged miracle attributed to the intercession of young Carlo Acutis, who died of leukemia at age 15 in 2006. He was declared venerable in 2018.u003c\/pu003enu003cpu003eThe miracle regards the healing of a gravely ill boy in Brazil.u003c\/pu003enu003cpu003eu003ca href=\" target=\"_blank\" rel=\"noopener\" title=\"\"u003eMiracle attributed to Carlo Acutis given the OK from doctorsu003c\/au003eu003c\/pu003enu003cdiv class=\"wp-block-aleteia-heading3\"u003enu003ch2u003eBody was found intact after burialu003c\/h2u003enu003c\/pu003eu003c\/divu003enu003cpu003eThe vice postulator, Father Marcelo Tenorio, shared the news on social media. He revealed that he\u2019d seen the pictures but that he couldn\u2019t share them.u003c\/pu003enu003cpu003eThe priest said that the news had been communicated to him by Carlo\u2019s mother: \u201cDear ones, I received today from the mother of Carlo Acutis the wonderful news that the body of the venerable youth, who died giving his life for Pope Benedict XVI, is INTACT.\u201du003c\/pu003enu003cpu003eThe postulator of the cause, Nicola Gori,u0026nbsp;asked that the medical exams be awaited before something definitive can be said regarding theu0026nbsp;state of the body of the young Carlo.u003c\/pu003enu003cpu003e\u201cAny judgment on the state of the body\u2019s preservation is premature as the necessary examinations by medical personnel are currently underway,\u201d he said.u003c\/pu003enu003cdiv class=\"wp-block-aleteia-heading3\"u003enu003ch2u003eSecond miracle recognized by the Vaticanu003c\/h2u003enu003c\/pu003eu003c\/divu003enu003cpu003eA declaration on May 23, 2024, from the Vatican\u2019s Dicastery for Saints\u2019 Causes has announced that another miracle has been attributed to the intercession of\u00a0u003ca href=\" target=\"_blank\" rel=\"noreferrer noopener\"u003eCarlo Acutisu003c\/au003e\u00a0(1991-2006), meaning he will be canonized.u003c\/pu003enu003cpu003eThe miracle involved the healing of a young woman, 21, from Costa Rica, studying in Florence, Italy, who fell from her bicycle in July of 2022. She incurred a severe head injury. She was taken to the hospital, where her skull was opened to relieve pressure on the brain, but her situation was critical.u003c\/pu003enu003cpu003eThe accident occurred on July 2, 2022, and a coworker of the girl\u2019s mother immediately began to pray to\u00a0u003ca href=\" target=\"_blank\" rel=\"noreferrer noopener\"u003eBlessed Carlou003c\/au003e. Six days later, the mom went to Assisi to pray at Blessed Carlo\u2019s tomb. That same day, the girl began to breathe on her own. Within 10 days, she was discharged from ICU; the next month, she was discharged from rehab after only a week, due to her recovery.u003c\/pu003enu003cpu003eu003ca href=\" target=\"_blank\" rel=\"noopener\" title=\"\"u003eCarlo Acutis to be canonized after 2nd miracle recognizedu003c\/au003eu003c\/pu003enu003chr class=\"wp-block-separator has-css-opacity\" \/u003enu003cdiv class=\"wp-block-aleteia-heading3\"u003enu003ch2u003eThe legacy of Carlo Acutisu003c\/h2u003enu003c\/pu003eu003c\/divu003enu003chr class=\"wp-block-separator has-css-opacity\" \/u003enu003cdiv class=\"wp-block-aleteia-heading3\"u003enu003ch2u003eFirst stained-glass window of Carlo Acutisu003c\/h2u003enu003c\/pu003eu003c\/divu003enu003cpu003eThe church of San Giuseppe in Molfetta, Italy, has already installed the first stained glass window depicting Bl. Carlo Acutis, the 15-year-old beatified last year on October 10 by Pope Francis.u003c\/pu003enu003cpu003eHis image\u2014in jeans and sneakers\u2014clashes with the traditional stained glass windows to which we are accustomed, and shows that holiness is closer to us than we think.u003c\/pu003enu003cpu003eu003ca href=\" target=\"_blank\" rel=\"noopener\" title=\"\"u003eCarlo Acutis\u2019 first stained glass window in jeans and sneakersu003c\/au003eu003c\/pu003enu003cdiv class=\"wp-block-aleteia-heading3\"u003enu003ch2u003eFirst-class relic in Brooklynu003c\/h2u003enu003c\/pu003eu003c\/divu003enu003cpu003eA first-class relic belonging to Bl. Carlo Acutis has arrived in the Diocese of Brooklyn.\u00a0u003cstrongu003eThe relic, which consists of hair trimmings from the Beato Millennial, is housed in the chapel at the Diocese of Brooklyn Chancery.u003c\/strongu003eu003c\/pu003enu003cpu003eu003ca href=\" target=\"_blank\" rel=\"noreferrer noopener\"u003eThe Tablet reportsu003c\/au003eu0026nbsp;that the relic was acquired by the diocese thanks to Msgr. Thomas Machalski.u0026nbsp;u003cstrongu003eTouched by Bl. Carlo Acutis\u2019 life, Msgr. Machalski wanted to inspire young Catholics in Brooklyn with his faith model.u0026nbsp;u003c\/strongu003eThe monsignor organized the request that Rome send the diocese a relic and the Church acquiesced.u003c\/pu003enu003cpu003eu003ca href=\" target=\"_blank\" rel=\"noopener\" title=\"\"u003eThe Diocese of Brooklyn acquires first-class relic of Bl. Carlo Acutisu003c\/au003eu003c\/pu003enu003ch3u003eSweet pictures of Bl. Carlo Acutisu003c\/h3u003enu003cdiv class=\"wp-block-aleteia-slideshow\"u003entttu003cimg loading=\"lazy\" decoding=\"async\" width=\"620\" height=\"310\" src=\" alt=\"(Slideshow) CARLO ACUTIS\" \/u003eu003cbr \/u003entttu003ca href=\" the slideshow u003c\/au003enttu003c\/divu003en\",\"rawcontent\":\"u003c!-- wp:aleteia\/subtitle \/--u003ennu003c!-- wp:paragraph --u003enu003cpu003eEver since his death in 2006, Carlo Acutis' story has captivated the world. The simple holiness of the teenage saint remains an inspiration to all, highlighting the truth that anyone can achieve holiness, no matter their state in life.u003c\/pu003enu003c!-- \/wp:paragraph --u003ennu003c!-- wp:paragraph --u003enu003cpu003eu003cstrongu003eHere is a brief list of the most viewed articles on Aleteia about St. Carlo Acutis that help explain his life, miracles and legacy.u003c\/strongu003e\u00a0You can click on the links below to learn more information.u003c\/pu003enu003c!-- \/wp:paragraph --u003ennu003c!-- wp:separator \"opacity\":\"css\" --u003enu003chr class=\"wp-block-separator has-css-opacity\" \/u003enu003c!-- \/wp:separator --u003ennu003c!-- wp:aleteia\/heading3 \"content\":\"The life of Bl. Carlo Acutis\" --u003enu003ch3u003eThe life of Bl. Carlo Acutisu003c\/h3u003enu003c!-- \/wp:aleteia\/heading3 --u003ennu003c!-- wp:separator \"opacity\":\"css\" --u003enu003chr class=\"wp-block-separator has-css-opacity\" \/u003enu003c!-- \/wp:separator --u003ennu003c!-- wp:aleteia\/heading3 \"content\":\"Born to a simple family, Carlo was a friend to all\" --u003enu003ch3u003eBorn to a simple family, Carlo was a friend to allu003c\/h3u003enu003c!-- \/wp:aleteia\/heading3 --u003ennu003c!-- wp:paragraph --u003enu003cpu003eCarlo was born in London on May 3, 1991, to Italian parents who moved the family to Milan when he was 3 months old. It was there that Carlo grew up, attending local schools and then a Jesuit high school. Devoted to Our Lady from a young age, Carlo made the effort to recite the Rosary daily and, after his first Communion at age 7, also strove to receive the Eucharist daily and to attend confession weekly.u003c\/pu003enu003c!-- \/wp:paragraph --u003ennu003c!-- wp:paragraph --u003enu003cpu003eCarlo was exceptionally compassionate and mature even as a child. u003cstrongu003eWhen bullies at school picked on classmates with disabilities, it was Carlo who stepped up to defend them.u003c\/strongu003e He also worried for friends who were suffering through their parents\u2019 divorces, and made a point of inviting them to his home and offering his support.u003c\/pu003enu003c!-- \/wp:paragraph --u003ennu003c!-- wp:paragraph --u003enu003cpu003eu003ca href=\" target=\"_blank\" rel=\"noopener\" title=\"\"u003eTech geek? Meet your new saintly friend, Carlo Acutisu003c\/au003eu003c\/pu003enu003c!-- \/wp:paragraph --u003ennu003c!-- wp:aleteia\/heading3 \"content\":\"Enjoyed playing video games\" --u003enu003ch3u003eEnjoyed playing video gamesu003c\/h3u003enu003c!-- \/wp:aleteia\/heading3 --u003ennu003c!-- wp:paragraph --u003enu003cpu003eHis mother toldu0026nbsp;u003ca href=\" target=\"_blank\" rel=\"noreferrer noopener\"u003eCNSu003c\/au003e, \u201cCarlo led a normal life: He went to school, he played sports, he played video games, although usually just one hour a week because he understood that one could be enslaved by video games.\u201du003c\/pu003enu003c!-- \/wp:paragraph --u003ennu003c!-- wp:paragraph --u003enu003cpu003eIf there is to be any patron saint for video gamers, it should be Carlo Acutis once he is officially canonized. He is the perfect saint for the average child or teenager in today\u2019s culture and is a wonderful example of ordinary holiness.u003c\/pu003enu003c!-- \/wp:paragraph --u003ennu003c!-- wp:paragraph --u003enu003cpu003eu003ca href=\" target=\"_blank\" rel=\"noopener\" title=\"\"u003eIs there a patron saint for video gamers?u003c\/au003eu003c\/pu003enu003c!-- \/wp:paragraph --u003ennu003c!-- wp:aleteia\/heading3 \"content\":\"Carlo's mother was converted by her own son\" --u003enu003ch3u003eCarlo's mother was converted by her own sonu003c\/h3u003enu003c!-- \/wp:aleteia\/heading3 --u003ennu003c!-- wp:paragraph --u003enu003cpu003e\u201cCarlo was a very devout soul, even when he was very young.u0026nbsp;u003cstrongu003eHe loved to go to church, to pray, and to learn more about his faith.u003c\/strongu003eu0026nbsp;I was far from the church; I grew up in a secular family, as millions of people do, I suppose. So, having this son who insistently asked me questions about the faith forced me to reflect. That was the reason why I drew closer to the Church\u201d and to the sacraments, she explains.u003c\/pu003enu003c!-- \/wp:paragraph --u003ennu003c!-- wp:paragraph --u003enu003cpu003eu003ca href=\" target=\"_blank\" rel=\"noopener\" title=\"\"u003eThe mother of Carlo Acutis says he was her little savioru003c\/au003eu003c\/pu003enu003c!-- \/wp:paragraph --u003ennu003c!-- wp:aleteia\/heading3 \"content\":\"Carlo's school principal witnessed his holiness\" --u003enu003ch3u003eCarlo's school principal witnessed his holinessu003c\/h3u003enu003c!-- \/wp:aleteia\/heading3 --u003ennu003c!-- wp:paragraph --u003enu003cpu003eu003cstrongu003eu003c\/strongu003eI would say that he was a quiet child by nature, living in the context of a peaceful family. As time passed (also because the surname was recurrent in the media), I learned that his father, Andrea Acutis, was the manager of a large private company and that the family\u2019s standard of living was quite high. But none of this stood out in Carlo or his parents.u003c\/pu003enu003c!-- \/wp:paragraph --u003ennu003c!-- wp:paragraph --u003enu003cpu003eToday I often see spoiled and demanding children, who are capricious with their parents, selfish with their classmates and perhaps spoiled by excessive wellbeing. There was never any sign of this in Carlo: he was a child who integrated harmoniously in the classroom, docile, with whom the teacher was happy. His parents too were very polite and unpretentious, reserved people.u003c\/pu003enu003c!-- \/wp:paragraph --u003ennu003c!-- wp:paragraph --u003enu003cpu003eu003ca href=\" target=\"_blank\" rel=\"noopener\" title=\"\"u003eCarlo Acutis\u2019 principal: He\u2019s a beacon for children and young peopleu003c\/au003eu003c\/pu003enu003c!-- \/wp:paragraph --u003ennu003c!-- wp:aleteia\/heading3 \"content\":\"Created a website to catalogue Eucharistic miracles\" --u003enu003ch3u003eCreated a website to catalogue Eucharistic miraclesu003c\/h3u003enu003c!-- \/wp:aleteia\/heading3 --u003ennu003c!-- wp:paragraph --u003enu003cpu003eOne of his most significant computer ventures was cataloguing all the Eucharistic miracles of the world. He started the project when he was 11 years old andu0026nbsp;wrote at the time, \u201cThe more Eucharist we receive, the more we will become like Jesus, so that on this earth we will have a foretaste of Heaven.\u201d u003cstrongu003eHe then asked his parents to start taking him to all the places of the Eucharistic miracles, and two and half years later the project was completed.u003c\/strongu003eu003c\/pu003enu003c!-- \/wp:paragraph --u003ennu003c!-- wp:paragraph --u003enu003cpu003eAcutis researched over \u201c136 Eucharistic miracles that occurred over the centuries in different countries around the world, and have been acknowledged by the Church\u201d and collected them into a virtual museum. Besidesu0026nbsp;creating a websiteu0026nbsp;to house this virtual museum, he helped create panel presentations that have traveled around the world.u003c\/pu003enu003c!-- \/wp:paragraph --u003ennu003c!-- wp:paragraph --u003enu003cpu003eu003ca href=\" target=\"_blank\" rel=\"noopener\" title=\"\"u003e\u201cComputer geek\u201d takes one more step toward sainthoodu003c\/au003eu003c\/pu003enu003c!-- \/wp:paragraph --u003ennu003c!-- wp:separator \"opacity\":\"css\" --u003enu003chr class=\"wp-block-separator has-css-opacity\" \/u003enu003c!-- \/wp:separator --u003ennu003c!-- wp:aleteia\/heading3 \"content\":\"The miracles of Carlo Acutis\" --u003enu003ch3u003eThe miracles of Carlo Acutisu003c\/h3u003enu003c!-- \/wp:aleteia\/heading3 --u003ennu003c!-- wp:separator \"opacity\":\"css\" --u003enu003chr class=\"wp-block-separator has-css-opacity\" \/u003enu003c!-- \/wp:separator --u003ennu003c!-- wp:aleteia\/heading3 \"content\":\"Healing of a gravely ill boy in Brazil\" --u003enu003ch3u003eHealing of a gravely ill boy in Brazilu003c\/h3u003enu003c!-- \/wp:aleteia\/heading3 --u003ennu003c!-- wp:paragraph --u003enu003cpu003eThe Medical Council of the Congregation for Saints\u2019 Causes has expressed a positive opinion on an alleged miracle attributed to the intercession of young Carlo Acutis, who died of leukemia at age 15 in 2006. He was declared venerable in 2018.u003c\/pu003enu003c!-- \/wp:paragraph --u003ennu003c!-- wp:paragraph --u003enu003cpu003eThe miracle regards the healing of a gravely ill boy in Brazil.u003c\/pu003enu003c!-- \/wp:paragraph --u003ennu003c!-- wp:paragraph --u003enu003cpu003eu003ca href=\" target=\"_blank\" rel=\"noopener\" title=\"\"u003eMiracle attributed to Carlo Acutis given the OK from doctorsu003c\/au003eu003c\/pu003enu003c!-- \/wp:paragraph --u003ennu003c!-- wp:aleteia\/heading3 \"content\":\"Body was found intact after burial\" --u003enu003ch3u003eBody was found intact after burialu003c\/h3u003enu003c!-- \/wp:aleteia\/heading3 --u003ennu003c!-- wp:paragraph --u003enu003cpu003eThe vice postulator, Father Marcelo Tenorio, shared the news on social media. He revealed that he\u2019d seen the pictures but that he couldn\u2019t share them.u003c\/pu003enu003c!-- \/wp:paragraph --u003ennu003c!-- wp:paragraph --u003enu003cpu003eThe priest said that the news had been communicated to him by Carlo\u2019s mother: \u201cDear ones, I received today from the mother of Carlo Acutis the wonderful news that the body of the venerable youth, who died giving his life for Pope Benedict XVI, is INTACT.\u201du003c\/pu003enu003c!-- \/wp:paragraph --u003ennu003c!-- wp:paragraph --u003enu003cpu003eThe postulator of the cause, Nicola Gori,u0026nbsp;asked that the medical exams be awaited before something definitive can be said regarding theu0026nbsp;state of the body of the young Carlo.u003c\/pu003enu003c!-- \/wp:paragraph --u003ennu003c!-- wp:paragraph --u003enu003cpu003e\u201cAny judgment on the state of the body\u2019s preservation is premature as the necessary examinations by medical personnel are currently underway,\u201d he said.u003c\/pu003enu003c!-- \/wp:paragraph --u003ennu003c!-- wp:aleteia\/heading3 \"content\":\"Second miracle recognized by the Vatican\" --u003enu003ch3u003eSecond miracle recognized by the Vaticanu003c\/h3u003enu003c!-- \/wp:aleteia\/heading3 --u003ennu003c!-- wp:paragraph --u003enu003cpu003eA declaration on May 23, 2024, from the Vatican\u2019s Dicastery for Saints\u2019 Causes has announced that another miracle has been attributed to the intercession of\u00a0u003ca href=\" target=\"_blank\" rel=\"noreferrer noopener\"u003eCarlo Acutisu003c\/au003e\u00a0(1991-2006), meaning he will be canonized.u003c\/pu003enu003c!-- \/wp:paragraph --u003ennu003c!-- wp:paragraph --u003enu003cpu003eThe miracle involved the healing of a young woman, 21, from Costa Rica, studying in Florence, Italy, who fell from her bicycle in July of 2022. She incurred a severe head injury. She was taken to the hospital, where her skull was opened to relieve pressure on the brain, but her situation was critical.u003c\/pu003enu003c!-- \/wp:paragraph --u003ennu003c!-- wp:paragraph --u003enu003cpu003eThe accident occurred on July 2, 2022, and a coworker of the girl\u2019s mother immediately began to pray to\u00a0u003ca href=\" target=\"_blank\" rel=\"noreferrer noopener\"u003eBlessed Carlou003c\/au003e. Six days later, the mom went to Assisi to pray at Blessed Carlo\u2019s tomb. That same day, the girl began to breathe on her own. Within 10 days, she was discharged from ICU; the next month, she was discharged from rehab after only a week, due to her recovery.u003c\/pu003enu003c!-- \/wp:paragraph --u003ennu003c!-- wp:paragraph --u003enu003cpu003eu003ca href=\" target=\"_blank\" rel=\"noopener\" title=\"\"u003eCarlo Acutis to be canonized after 2nd miracle recognizedu003c\/au003eu003c\/pu003enu003c!-- \/wp:paragraph --u003ennu003c!-- wp:separator \"opacity\":\"css\" --u003enu003chr class=\"wp-block-separator has-css-opacity\" \/u003enu003c!-- \/wp:separator --u003ennu003c!-- wp:aleteia\/heading3 \"content\":\"The legacy of Carlo Acutis\" --u003enu003ch3u003eThe legacy of Carlo Acutisu003c\/h3u003enu003c!-- \/wp:aleteia\/heading3 --u003ennu003c!-- wp:separator \"opacity\":\"css\" --u003enu003chr class=\"wp-block-separator has-css-opacity\" \/u003enu003c!-- \/wp:separator --u003ennu003c!-- wp:aleteia\/heading3 \"content\":\"First stained-glass window of Carlo Acutis\" --u003enu003ch3u003eFirst stained-glass window of Carlo Acutisu003c\/h3u003enu003c!-- \/wp:aleteia\/heading3 --u003ennu003c!-- wp:paragraph --u003enu003cpu003eThe church of San Giuseppe in Molfetta, Italy, has already installed the first stained glass window depicting Bl. Carlo Acutis, the 15-year-old beatified last year on October 10 by Pope Francis.u003c\/pu003enu003c!-- \/wp:paragraph --u003ennu003c!-- wp:paragraph --u003enu003cpu003eHis image\u2014in jeans and sneakers\u2014clashes with the traditional stained glass windows to which we are accustomed, and shows that holiness is closer to us than we think.u003c\/pu003enu003c!-- \/wp:paragraph --u003ennu003c!-- wp:paragraph --u003enu003cpu003eu003ca href=\" target=\"_blank\" rel=\"noopener\" title=\"\"u003eCarlo Acutis\u2019 first stained glass window in jeans and sneakersu003c\/au003eu003c\/pu003enu003c!-- \/wp:paragraph --u003ennu003c!-- wp:aleteia\/heading3 \"content\":\"First-class relic in Brooklyn\" --u003enu003ch3u003eFirst-class relic in Brooklynu003c\/h3u003enu003c!-- \/wp:aleteia\/heading3 --u003ennu003c!-- wp:paragraph --u003enu003cpu003eA first-class relic belonging to Bl. Carlo Acutis has arrived in the Diocese of Brooklyn.\u00a0u003cstrongu003eThe relic, which consists of hair trimmings from the Beato Millennial, is housed in the chapel at the Diocese of Brooklyn Chancery.u003c\/strongu003eu003c\/pu003enu003c!-- \/wp:paragraph --u003ennu003c!-- wp:paragraph --u003enu003cpu003eu003ca href=\" target=\"_blank\" rel=\"noreferrer noopener\"u003eThe Tablet reportsu003c\/au003eu0026nbsp;that the relic was acquired by the diocese thanks to Msgr. Thomas Machalski.u0026nbsp;u003cstrongu003eTouched by Bl. Carlo Acutis\u2019 life, Msgr. Machalski wanted to inspire young Catholics in Brooklyn with his faith model.u0026nbsp;u003c\/strongu003eThe monsignor organized the request that Rome send the diocese a relic and the Church acquiesced.u003c\/pu003enu003c!-- \/wp:paragraph --u003ennu003c!-- wp:paragraph --u003enu003cpu003eu003ca href=\" target=\"_blank\" rel=\"noopener\" title=\"\"u003eThe Diocese of Brooklyn acquires first-class relic of Bl. Carlo Acutisu003c\/au003eu003c\/pu003enu003c!-- \/wp:paragraph --u003ennu003c!-- wp:aleteia\/slideshow \"id\":608815,\"title\":\"(Slideshow) CARLO ACUTIS\",\"link\":\" pictures of Bl. Carlo Acutis\" \/--u003e\",\"pages\":1,\"language\":\"en\",\"galleries\":[],\"video\":false,\"title\":\"Bl. Carlo Acutis: His life, his miracles and his legacy\",\"subheading\":\"The \"computer geek\" saint is an inspiration to both young and old.\",\"author\":\"Philip Kosloski\",\"author_2\":\"\",\"authors_obj\":[\"ID\":\"1243\",\"link\":\" Kosloski graduated from the University of Saint Thomas in Minnesota with a bachelor's degree in philosophy and Catholic studies and a master's degree in theology from the Augustine Institute. He is currently a spirituality writer for Aleteia.org and has been featured on such places as The Huffington Post, Crisis Magazine, The Catholic Herald, Catholic Exchange, National Catholic Register and EWTN Radio.\",\"twitter\":\"PhilipKosloski\",\"facebook\":\"philipkosloski\",\"subtitle\":\"\",\"title_guest_author\":\"\",\"thumb\":\" Kosloski\",\"hreflangs\":\"en\":\" ACUTIS\",\"link\":\"\/2021\/10\/12\/bl-carlo-acutis-his-life-his-miracles-and-his-legacy\/\",\"category_obj\":\"link\":\" 0, 31, 77, 1 )\",\"term_id\":1494,\"category\":\"Spirituality\",\"category_slug\":\"spirituality\",\"category_id\":1494,\"category_color\":\"#001F4D\",\"parent_category\":\"Spirituality\",\"published\":1634007600,\"published_datalayer\":\"2021.10.12\",\"article_modified_date\":1716551362,\"article_modified\":true,\"published_formatted\":\"published on 10\/12\/21u003cspan class=\"date-separator\"u003e - u003c\/spanu003eu003cspan class=\"date-updated\"u003eupdated on 05\/24\/24u003c\/spanu003e\",\"tags\":\"Carlo Acutis, Saints\",\"firsttag\":\"Saints\",\"tags_items\":[\"term_id\":423717326,\"name\":\"Carlo Acutis\",\"link\":\" Department\",\"settings\":\"disable_slideshow_cta\":\"\",\"template_customizations\":\"\",\"post_appearance_setting\":\"no_drop_caps\":false,\"hide_from_tops\":false,\"hide_date\":false,\"hide_post\":false,\"hide_post_in_newsletter\":false,\"ads_disabled\":false,\"inread_ads_disabled\":false,\"custom_inread_position_enabled\":false,\"custom_inread_position\":\"2\",\"test_pixel_enabled\":false,\"test_pixel_position\":\"\",\"exclude_banner_article\":false,\"div_moneytags_position\":\"\",\"hide_promotional_box\":false,\"original_article\":\"is_original\":\"1\",\"url\":\"\",\"edition\":\"en\",\"gtm\":\"page_type\":\"\",\"page_type_2\":\"\",\"category_name\":\"spirituality\",\"article_subcategory\":\"Spirituality\",\"article_type\":\"article\",\"cd\":\"dimension1\":\"Philip Kosloski\",\"dimension2\":\"Spirituality\",\"dimension3\":\"1634007600\",\"dimension4\":\"en\",\"dimension5\":\"Optimized\",\"dimension6\":\"article\",\"dimension7\":\"2021.10.12\",\"dimension8\":\"Carlo Acutis, Saints\",\"dimension9\":\"The \"computer geek\" saint is an inspiration to both young and old.\",\"dimension10\":\"636432\",\"dimension11\":\"Carlo Acutis\",\"dimension12\":\"web\",\"dimension13\":\"\",\"dimension17\":\"Spirituality Department\",\"dimension14\":\"Spirituality\",\"photo_of_the_day\":false,\"daily_wisdom\":false,\"word_count\":2200,\"shortcodes\":[],\"sponsoredSettings\":,\"isSponsored\":false,\"custom_skin_settings\":\"slot\":\"custom-skin\",\"library\":\"theme.Skin\",\"skin_default_article\":\"1\",\"hide_from_layout_endpoint\":\"1\",\"props\":\"id\":\"custom-skid-ad\",\"unit\":\"64500793\/EN_DESK_ARTICLE_SKIN_1x1\",\"collapse_empty_divs\":false,\"premium_ads\":false,\"bids\":\"\",\"nexxx360_id\":\"\",\"size\":[],\"adjacent_posts\":\"next_post\":\"link\":\" Article \",\"prev_post\":\"link\":\" Article \",\"close_comments\":false,\"premium_content\":\"\",\"trunked_content\":\"u003ch2 class=\"subtitle\"u003eThe \"computer geek\" saint is an inspiration to both young and old.u003c\/h2u003enu003cpu003eEver since his death in 2006, Carlo Acutis' story has captivated the world. The simple holiness of the teenage saint remains an inspiration to all, highlighting the truth that anyone can achieve holiness, no matter their state in life.u003c\/pu003ennu003cpu003eu003cstrongu003eHere is a brief list of the most viewed articles on Aleteia about St. Carlo Acutis that help explain his life, miracles and legacy.u003c\/strongu003e\u00a0You can click on the links below to learn more information.u003c\/pu003en\"],\"items2\":[],\"top_articles_page\":\" 10\",\"readmorelink\":\"\/top-articles\/\",\"see_more_disabled\":false,\"most_shared_disabled\":true,\"seemore\":\"See More\"},\"type\":\"newsletter-subscription-form\",\"data\":\"title\":\"Newsletter\",\"payoff\":\"Get u003cstrongu003eAleteiau003c\/strongu003e delivered to your inbox. Subscribe here.\",\"required_field\":\"Required field\",\"placeholder\":\"Your email\",\"email_not_valid\":\"Email not valid\",\"submit\":\"Go\",\"partners\":\"Yes, I would like to receive information from Aleteia partners\",\"success\":\"Thank you! Your submission has been received!\"]},\"patronbox\":\"type\":\"patron\",\"settings\":\"enabled\":\"1\",\"title\":\"Enjoying your time on Aleteia?\",\"video\":\"\",\"text\":\"u003cpu003eu003cstrongu003eArticles like these are sponsored free for every Catholic through the support of generous readers just like you.u003c\/strongu003eu003c\/pu003enu003cpu003eHelp us continue to bring the Gospel to people everywhere through uplifting Catholic news, stories, spirituality, and more.u003c\/pu003en\",\"cta_text\":\"Donate now!\",\"note_cta_text\":\"\",\"cta_link\":\"https:\/\/aleteia.org\/support-aleteia\/\",\"geolinks\":[],\"show_cta_on_play\":false,\"show_subtitles\":false,\"background_bg_color\":\"#f2eae1\",\"text_bg_color\":\"#5b0000\",\"cta_bg_color\":\"\",\"cta_txt_color\":\"\",\"cta_img\":\"https:\/\/wp.en.aleteia.org\/wp-content\/themes\/aleteia-2017\/assets\/images\/page-patron\/credit-card-2.png\",\"ap_item_name\":\"donation\",\"ap_promotion_name\":\"support_aleteia_patron\",\"cd_query_string\":\"cd1=Philip%20Kosloskiu0026cd14=Spirituality\",\"hasRightColumn\":true,\"hasGallery\":false,\"hasSlideshow\":false,\"hasVideo\":false,\"postPage\":1}},\"category\":,\"tag\":,\"post\":{\"805729\":{\"id\":805729,\"type\":\"post\",\"link\":\"\/2024\/05\/28\/how-the-our-father-can-lead-us-to-gods-will-for-our-lives\/\",\"yoast_head\":\"tu003clink rel=\"apple-touch-icon\" sizes=\"57x57\" href=\" rel=\"apple-touch-icon\" sizes=\"60x60\" href=\" rel=\"apple-touch-icon\" sizes=\"72x72\" href=\" rel=\"apple-touch-icon\" sizes=\"76x76\" href=\" rel=\"apple-touch-icon\" sizes=\"114x114\" href=\" rel=\"apple-touch-icon\" sizes=\"120x120\" href=\" rel=\"apple-touch-icon\" sizes=\"144x144\" href=\" rel=\"apple-touch-icon\" sizes=\"152x152\" href=\" rel=\"apple-touch-icon\" sizes=\"180x180\" href=\" rel=\"icon\" type=\"image\/png\" href=\" sizes=\"32x32\"u003entu003clink rel=\"icon\" type=\"image\/png\" href=\" sizes=\"192x192\"u003entu003clink rel=\"icon\" type=\"image\/png\" href=\" sizes=\"16x16\"u003entu003clink rel=\"mask-icon\" href=\" color=\"#5bbad5\"u003entu003cmeta name=\"msapplication-TileColor\" content=\"#da532c\"u003entu003cmeta name=\"msapplication-TileImage\" content=\" name=\"theme-color\" content=\"#ffffff\"u003e';ntttu003c!-- Facebook Pixel Code --u003enttu003cscriptu003en            window.addEventListener('load', function () n                !function (f, b, e, v, n, t, s) n                    if (f.fbq) return;n                    n = f.fbq = function () n                        n.callMethod ?n                            n.callMethod.apply(n, arguments) : n.queue.push(arguments)n                    ;n                    if (!f._fbq) f._fbq = n;n                    n.push = n;n                    n.loaded = !0;n                    n.version = '2.0';n                    n.queue = [];n                    t = b.createElement(e);n                    t.defer = true;n                    t.src = v;n                    s = b.getElementsByTagName(e)[0];n                    s.parentNode.insertBefore(t, s)n                (window, document, 'script',n                    'n                fbq('init', '1064056854112873');n                fbq('track', 'PageView');n            );nttu003c\/scriptu003enttu003c!-- End Facebook Pixel Code --u003enttu003cscript src=\" All in One SEO Pro 4.4.1 - aioseo.com --u003enttu003cmeta name=\"description\" content=\"When we pray the Our Father slowly and deliberately, we can open our hearts to Godu0026#039;s will, praying that u0026quot;Thy will be done.u0026quot;\" \/u003enttu003cmeta name=\"robots\" content=\"max-image-preview:large\" \/u003enttu003clink rel=\"canonical\" href=\" \/u003enttu003cmeta name=\"generator\" content=\"All in One SEO Pro (AIOSEO) 4.4.1\" \/u003enttu003cmeta property=\"og:locale\" content=\"en_US\" \/u003enttu003cmeta property=\"og:site_name\" content=\"Aleteia \u2014 Catholic Spirituality, Lifestyle, World News, and Culture\" \/u003enttu003cmeta property=\"og:type\" content=\"article\" \/u003enttu003cmeta property=\"og:title\" content=\"How the Our Father can lead us to Godu0026#039;s will for our lives\" \/u003enttu003cmeta property=\"og:description\" content=\"When we pray the Our Father slowly and deliberately, we can open our hearts to Godu0026#039;s will, praying that u0026quot;Thy will be done.u0026quot;\" \/u003enttu003cmeta property=\"og:url\" content=\" \/u003enttu003cmeta property=\"og:image\" content=\" \/u003enttu003cmeta property=\"og:image:secure_url\" content=\" \/u003enttu003cmeta property=\"og:image:width\" content=\"620\" \/u003enttu003cmeta property=\"og:image:height\" content=\"310\" \/u003enttu003cmeta property=\"article:tag\" content=\"ccc prayer\" \/u003enttu003cmeta property=\"article:tag\" content=\"jesus christ\" \/u003enttu003cmeta property=\"article:tag\" content=\"prayer\" \/u003enttu003cmeta property=\"article:published_time\" content=\"2024-05-28T13:00:00+00:00\" \/u003enttu003cmeta property=\"article:modified_time\" content=\"2024-05-28T03:06:57+00:00\" \/u003enttu003cmeta property=\"article:publisher\" content=\" \/u003enttu003cmeta name=\"twitter:card\" content=\"summary_large_image\" \/u003enttu003cmeta name=\"twitter:site\" content=\"@AleteiaEN\" \/u003enttu003cmeta name=\"twitter:title\" content=\"How the Our Father can lead us to Godu0026#039;s will for our lives\" \/u003enttu003cmeta name=\"twitter:description\" content=\"When we pray the Our Father slowly and deliberately, we can open our hearts to Godu0026#039;s will, praying that u0026quot;Thy will be done.u0026quot;\" \/u003enttu003cmeta name=\"twitter:creator\" content=\"@AleteiaEN\" \/u003enttu003cmeta name=\"twitter:image\" content=\" \/u003enttu003cmeta name=\"twitter:label1\" content=\"Written by\" \/u003enttu003cmeta name=\"twitter:data1\" content=\"pakosloski1022\" \/u003enttu003cmeta name=\"twitter:label2\" content=\"Est. reading time\" \/u003enttu003cmeta name=\"twitter:data2\" content=\"2 minutes\" \/u003enttu003cscript type=\"application\/ld+json\" class=\"aioseo-schema\"u003enttt\"@context\":\"https:\\\/\\\/schema.org\",\"@graph\":[\"@type\":\"BreadcrumbList\",\"@id\":\"https:\\\/\\\/aleteia.org\\\/2024\\\/05\\\/28\\\/how-the-our-father-can-lead-us-to-gods-will-for-our-lives\\\/#breadcrumblist\",\"itemListElement\":[\"@type\":\"ListItem\",\"@id\":\"https:\\\/\\\/aleteia.org\\\/#listItem\",\"position\":1,\"item\":\"@type\":\"WebPage\",\"@id\":\"https:\\\/\\\/aleteia.org\\\/\",\"name\":\"Home\",\"description\":\"Aleteia is a worldwide network providing daily content designed to inspire readers in their daily life.\",\"url\":\"https:\\\/\\\/aleteia.org\\\/\",\"nextItem\":\"https:\\\/\\\/aleteia.org\\\/2024\\\/#listItem\",\"@type\":\"ListItem\",\"@id\":\"https:\\\/\\\/aleteia.org\\\/2024\\\/#listItem\",\"position\":2,\"item\":\"@type\":\"WebPage\",\"@id\":\"https:\\\/\\\/aleteia.org\\\/2024\\\/\",\"name\":\"2024\",\"url\":\"https:\\\/\\\/aleteia.org\\\/2024\\\/\",\"nextItem\":\"https:\\\/\\\/aleteia.org\\\/2024\\\/05\\\/#listItem\",\"previousItem\":\"https:\\\/\\\/aleteia.org\\\/#listItem\",\"@type\":\"ListItem\",\"@id\":\"https:\\\/\\\/aleteia.org\\\/2024\\\/05\\\/#listItem\",\"position\":3,\"item\":\"@type\":\"WebPage\",\"@id\":\"https:\\\/\\\/aleteia.org\\\/2024\\\/05\\\/\",\"name\":\"May\",\"url\":\"https:\\\/\\\/aleteia.org\\\/2024\\\/05\\\/\",\"nextItem\":\"https:\\\/\\\/aleteia.org\\\/2024\\\/05\\\/28\\\/#listItem\",\"previousItem\":\"https:\\\/\\\/aleteia.org\\\/2024\\\/#listItem\",\"@type\":\"ListItem\",\"@id\":\"https:\\\/\\\/aleteia.org\\\/2024\\\/05\\\/28\\\/#listItem\",\"position\":4,\"item\":\"@type\":\"WebPage\",\"@id\":\"https:\\\/\\\/aleteia.org\\\/2024\\\/05\\\/28\\\/\",\"name\":\"28\",\"url\":\"https:\\\/\\\/aleteia.org\\\/2024\\\/05\\\/28\\\/\",\"nextItem\":\"https:\\\/\\\/aleteia.org\\\/2024\\\/05\\\/28\\\/how-the-our-father-can-lead-us-to-gods-will-for-our-lives\\\/#listItem\",\"previousItem\":\"https:\\\/\\\/aleteia.org\\\/2024\\\/05\\\/#listItem\",\"@type\":\"ListItem\",\"@id\":\"https:\\\/\\\/aleteia.org\\\/2024\\\/05\\\/28\\\/how-the-our-father-can-lead-us-to-gods-will-for-our-lives\\\/#listItem\",\"position\":5,\"item\":\"@type\":\"WebPage\",\"@id\":\"https:\\\/\\\/aleteia.org\\\/2024\\\/05\\\/28\\\/how-the-our-father-can-lead-us-to-gods-will-for-our-lives\\\/\",\"name\":\"How the Our Father can lead us to God's will for our lives\",\"description\":\"When we pray the Our Father slowly and deliberately, we can open our hearts to God's will, praying that \\\"Thy will be done.\\\"\",\"url\":\"https:\\\/\\\/aleteia.org\\\/2024\\\/05\\\/28\\\/how-the-our-father-can-lead-us-to-gods-will-for-our-lives\\\/\",\"previousItem\":\"https:\\\/\\\/aleteia.org\\\/2024\\\/05\\\/28\\\/#listItem\"],\"@type\":\"NewsArticle\",\"@id\":\"https:\\\/\\\/aleteia.org\\\/2024\\\/05\\\/28\\\/how-the-our-father-can-lead-us-to-gods-will-for-our-lives\\\/#newsarticle\",\"name\":\"How the Our Father can lead us to God's will for our lives\",\"headline\":\"How the Our Father can lead us to Godu0026#8217;s will for our lives\",\"author\":\"@id\":\"https:\\\/\\\/aleteia.org\\\/author\\\/pakosloski1022\\\/#author\",\"publisher\":\"@id\":\"https:\\\/\\\/aleteia.org\\\/#organization\",\"image\":\"@type\":\"ImageObject\",\"url\":\"https:\\\/\\\/wp.en.aleteia.org\\\/wp-content\\\/uploads\\\/sites\\\/2\\\/2024\\\/02\\\/Woman-at-prayer.jpg\",\"width\":1200,\"height\":750,\"caption\":\"Woman at prayer\",\"datePublished\":\"2024-05-28T13:00:00-04:00\",\"dateModified\":\"2024-05-28T03:06:57-04:00\",\"inLanguage\":\"en-US\",\"mainEntityOfPage\":\"@id\":\"https:\\\/\\\/aleteia.org\\\/2024\\\/05\\\/28\\\/how-the-our-father-can-lead-us-to-gods-will-for-our-lives\\\/#webpage\",\"isPartOf\":\"@id\":\"https:\\\/\\\/aleteia.org\\\/2024\\\/05\\\/28\\\/how-the-our-father-can-lead-us-to-gods-will-for-our-lives\\\/#webpage\",\"articleSection\":\"Devotions and Feasts, Spiritual Life, Spirituality, CCC Prayer, Jesus Christ, Prayer, Evergreen, Religion, Catholic prayers (Spirituality\\\/Prayer), ++, philip-kosloski\",\"dateline\":\"Published on May 28, 2024.\",\"@type\":\"Organization\",\"@id\":\"https:\\\/\\\/aleteia.org\\\/#organization\",\"name\":\"Aleteia\",\"url\":\"https:\\\/\\\/aleteia.org\\\/\",\"logo\":\"@type\":\"ImageObject\",\"url\":\"https:\\\/\\\/aleteia.org\\\/wp-content\\\/uploads\\\/sites\\\/2\\\/2020\\\/09\\\/a-logo-webnotications-1.png\",\"@id\":\"https:\\\/\\\/aleteia.org\\\/#organizationLogo\",\"image\":\"@id\":\"https:\\\/\\\/aleteia.org\\\/#organizationLogo\",\"sameAs\":[\"https:\\\/\\\/www.facebook.com\\\/AleteiaEn\\\/\",\"https:\\\/\\\/twitter.com\\\/AleteiaEN\",\"https:\\\/\\\/www.instagram.com\\\/aleteia_en\",\"https:\\\/\\\/www.youtube.com\\\/aleteiaen\"],\"@type\":\"Person\",\"@id\":\"https:\\\/\\\/aleteia.org\\\/author\\\/pakosloski1022\\\/#author\",\"url\":\"https:\\\/\\\/aleteia.org\\\/author\\\/pakosloski1022\\\/\",\"name\":\"pakosloski1022\",\"@type\":\"WebPage\",\"@id\":\"https:\\\/\\\/aleteia.org\\\/2024\\\/05\\\/28\\\/how-the-our-father-can-lead-us-to-gods-will-for-our-lives\\\/#webpage\",\"url\":\"https:\\\/\\\/aleteia.org\\\/2024\\\/05\\\/28\\\/how-the-our-father-can-lead-us-to-gods-will-for-our-lives\\\/\",\"name\":\"How the Our Father can lead us to God's will for our lives\",\"description\":\"When we pray the Our Father slowly and deliberately, we can open our hearts to God's will, praying that \\\"Thy will be done.\\\"\",\"inLanguage\":\"en-US\",\"isPartOf\":\"@id\":\"https:\\\/\\\/aleteia.org\\\/#website\",\"breadcrumb\":\"@id\":\"https:\\\/\\\/aleteia.org\\\/2024\\\/05\\\/28\\\/how-the-our-father-can-lead-us-to-gods-will-for-our-lives\\\/#breadcrumblist\",\"author\":\"@id\":\"https:\\\/\\\/aleteia.org\\\/author\\\/pakosloski1022\\\/#author\",\"creator\":\"@id\":\"https:\\\/\\\/aleteia.org\\\/author\\\/pakosloski1022\\\/#author\",\"image\":\"@type\":\"ImageObject\",\"url\":\"https:\\\/\\\/wp.en.aleteia.org\\\/wp-content\\\/uploads\\\/sites\\\/2\\\/2024\\\/02\\\/Woman-at-prayer.jpg\",\"@id\":\"https:\\\/\\\/aleteia.org\\\/#mainImage\",\"width\":1200,\"height\":750,\"caption\":\"Woman at prayer\",\"primaryImageOfPage\":\"@id\":\"https:\\\/\\\/aleteia.org\\\/2024\\\/05\\\/28\\\/how-the-our-father-can-lead-us-to-gods-will-for-our-lives\\\/#mainImage\",\"datePublished\":\"2024-05-28T13:00:00-04:00\",\"dateModified\":\"2024-05-28T03:06:57-04:00\",\"@type\":\"WebSite\",\"@id\":\"https:\\\/\\\/aleteia.org\\\/#website\",\"url\":\"https:\\\/\\\/aleteia.org\\\/\",\"name\":\"Aleteia \\u2014 Catholic Spirituality, Lifestyle, World News, and Culture\",\"description\":\"Aleteia is a worldwide network providing daily content designed to inspire readers in their daily life.\",\"inLanguage\":\"en-US\",\"publisher\":\"@id\":\"https:\\\/\\\/aleteia.org\\\/#organization\"]nttu003c\/scriptu003enttu003c!-- All in One SEO Pro --u003ernttu003ctitleu003eHow the Our Father can lead us to God's will for our livesu003c\/titleu003enn\"}},\"page\":,\"author\":,\"attachment\":,\"type\":,\"taxonomy\":,\"subdirectory\":\"\",\"homepage\":\"\",\"postsPage\":\"\",\"categoryBase\":\"\",\"tagBase\":\"\",\"authorBase\":\"\",\"postEndpoint\":\"posts\",\"params\":,\"postTypes\":[],\"taxonomies\":[],\"redirections\":\"404\",\"api\":\"https:\/\/wp.en.aleteia.org\/wp-json\/\",\"top_ribbon_height\":0,\"header\":\"menu\":[\"type\":\"category\",\"title\":\"News\",\"id\":423715164,\"link\":\"https:\/\/aleteia.org\/category\/news\/\",\"type\":\"category\",\"title\":\"Inspiring Stories\",\"id\":423715389,\"link\":\" u0026amp; Views\",\"id\":423715169,\"link\":\" u0026amp; Implications\",\"id\":423714966,\"link\":\" Her\",\"id\":423715165,\"link\":\" u0026amp; Culture\",\"id\":423715388,\"link\":\" 28 May ,\"footer\":\"menu\":[\"type\":\"category\",\"title\":\"News\",\"id\":423715164,\"link\":\"https:\/\/aleteia.org\/category\/news\/\",\"type\":\"category\",\"title\":\"Travel\",\"id\":423715168,\"link\":\"https:\/\/aleteia.org\/category\/travel\/\",\"type\":\"category\",\"title\":\"Art u0026amp; Culture\",\"id\":423715388,\"link\":\" Stories\",\"id\":423715389,\"link\":\" u0026amp; Implications\",\"id\":423714966,\"link\":\"https:\/\/aleteia.org\/category\/issues-and-implications\/\"],\"menu_legal_footer\":[\"type\":\"custom\",\"title\":\"Contribute\",\"id\":273706,\"link\":\"https:\/\/aleteia.org\/support-aleteia\/\",\"type\":\"page\",\"title\":\"LEGAL INFORMATION\",\"id\":61701,\"link\":\" us\",\"id\":95997,\"link\":\"https:\/\/aleteia.org\/about-us\/\",\"type\":\"custom\",\"title\":\"RSS\",\"id\":67433,\"link\":\"http:\/\/aleteia.org\/feed\/\"],\"menu_partner_footer\":[],\"menu_custom_footer\":[\"type\":\"custom\",\"title\":\"Charter for personal data protection\",\"url\":\"https:\/\/aleteia.org\/charter-for-personal-data-protection\/\",\"id\":\"632651\"],\"menu_special_page\":[],\"copyright\":\"u0026copy; Copyright Aleteia SAS all rights reserved.\",\"socials\":\"fb_link\":\" Aleteia delivered to your inbox. Subscribe here\",\"newsletter_right_popup_text_size\":\"25\",\"newsletter_right_popup_padding_top\":\"40\",\"newsletter_right_popup_padding_bottom\":\"40\",\"newsletter_popups_texts_list\":[\"enabled\":\"1\",\"text\":\"Start your mornings with the good, the beautiful, the true... Subscribe to Aleteia's free newsletter!\",\"text_font_size\":\"20\",\"text_line_spacing\":\"20\",\"text_x\":\"5\",\"text_y\":\"60\",\"text_2\":\"Sign me up!\",\"text_2_font_size\":\"25\",\"enabled\":\"1\",\"text\":\"The world and your Catholic life, all in one place.\",\"text_font_size\":\"23\",\"text_line_spacing\":\"23\",\"text_x\":\"10\",\"text_y\":\"65\",\"text_2\":\"Subscribe to Aleteia's free newsletter!\",\"text_2_font_size\":\"13\",\"enabled\":\"1\",\"text\":\"Start your day in a beautiful way: Subscribe to Aleteia's daily newsletter here.\",\"text_font_size\":\"20\",\"text_line_spacing\":\"20\",\"text_x\":\"5\",\"text_y\":\"65\",\"text_2\":\"Sign me up!\",\"text_2_font_size\":\"25\",\"enabled\":\"1\",\"text\":\"Subscribe to Aleteia's free newsletter: Goodness. Beauty. Truth. No yelling.\",\"text_font_size\":\"20\",\"text_line_spacing\":\"20\",\"text_x\":\"5\",\"text_y\":\"55\",\"text_2\":\"Sign me up!\",\"text_2_font_size\":\"25\"],\"v2_subscribe_bkg\":null,\"v2_subscribe_title\":\"Newsletter\",\"v2_subscribe_descr\":\"Get Aleteia delivered to your inbox.\",\"v2_subscribe_btn\":\"Sign me up\",\"v2_subscribe_no_thanks\":\"No thanks, I'll register later.\",\"v2_registration_bkg\":null,\"v2_registration_title\":\"Get exclusive access to our site!\",\"v2_registration_descr\":\"Now that you're signed up you can become a registered user.\",\"v2_registration_btn\":\"Sign me up\",\"v2_registration_no_thanks\":\"No thanks, I'll register later.\",\"v2_donate_bkg\":null,\"v2_donate_title\":\"Become an Aleteia Patron Today\",\"v2_donate_descr\":\"We want Aleteia to be freely available to everyone. We don\u2019t require a subscription.\",\"v2_donate_btn\":\"Donate Now\",\"v2_donate_no_thanks\":\"No thanks, I'll donate later.\",\"v2_retargeting_title\":\"Let's stay connected! Subscribe to Aleteia's free newsletter\",\"v2_retargeting_btn\":\"Subscribe\",\"v2_retargeting_fb_btn\":\"Like us on Facebook\",\"v2_retargeting_tw_btn\":\"Follow us on Twitter\",\"v2_retargeting_chrome_btn\":\"Subscribe to Web Notifications\",\"v2_retargeting_mg_btn\":\"Subscribe to our Facebook Messenger\",\"v2_retargeting_fb_link\":\" up for Aleteiau0026#039;s newsletter\",\"image\":\" you! Your submission has been received!\",\"youremail\":\"Your email\",\"required\":\"Required field\",\"firstname\":\"Your first name\",\"lastname\":\"Your last name\",\"bysignin\":\"By signing, I acknowledge and agree to the\",\"legal\":\"\/legal-information\",\"tc\":\"Terms and Conditions\",\"partners\":\"Yes, I would like to receive information from Aleteia partners\",\"submit\":\"Subscribe\",\"custom_popup\":[],\"top_ribbon\":[],\"ads_settings\":[\"slot\":\"hp-desk-after-header\",\"library\":\"googleAdManager.GooglePublisherTag\",\"props\":\"id\":\"hp-desk-after-header-ad\",\"unit\":\"64500793\/EN_DESK_HP_HEADER_MULTIxMULTI_1\",\"collapse_empty_divs\":false,\"premium_ads\":false,\"bids\":\"\",\"nexxx360_id\":\"\",\"size\":[[728,90],[970,90]],\"slot\":\"hp-desk-right-column-after-prayers\",\"library\":\"googleAdManager.GooglePublisherTag\",\"props\":\"id\":\"hp-desk-right-column-after-prayers-ad\",\"unit\":\"64500793\/EN_DESK_HP_TOWER_300xMULTI_1\",\"collapse_empty_divs\":false,\"premium_ads\":false,\"bids\":\"\",\"nexxx360_id\":\"\",\"size\":[[300,600]],\"slot\":\"hp-desk-right-column-section\",\"library\":\"googleAdManager.GooglePublisherTag\",\"props\":\"id\":\"hp-desk-right-column-section-ad\",\"unit\":\"64500793\/EN_DESK_HP_TOWER_300xMULTI_2\",\"collapse_empty_divs\":false,\"premium_ads\":false,\"bids\":\"\",\"nexxx360_id\":\"\",\"size\":[[300,600]],\"slot\":\"hp-mob-after-hero\",\"library\":\"googleAdManager.GooglePublisherTag\",\"props\":\"id\":\"hp-mob-after-hero-ad\",\"unit\":\"64500793\/EN_MOB_HP_HEADER_320xMULTI\",\"collapse_empty_divs\":false,\"premium_ads\":false,\"bids\":\"\",\"nexxx360_id\":\"\",\"size\":[[320,100]],\"slot\":\"hp-mob-right-column-after-prayers\",\"library\":\"googleAdManager.GooglePublisherTag\",\"props\":\"id\":\"hp-mob-right-column-after-prayers-ad\",\"unit\":\"64500793\/EN_MOB_HP_BODY_MULTIxMULTI_2\",\"collapse_empty_divs\":false,\"premium_ads\":false,\"bids\":\"\",\"nexxx360_id\":\"\",\"size\":[[300,250]],\"slot\":\"category-desk-after-header\",\"library\":\"googleAdManager.GooglePublisherTag\",\"props\":\"id\":\"category-desk-after-header-ad\",\"unit\":\"64500793\/EN_DESK_ARTICLE_HEADER_MULTIxMULTI_1\",\"collapse_empty_divs\":false,\"premium_ads\":false,\"bids\":\"\",\"nexxx360_id\":\"\",\"size\":[[728,90],[970,90]],\"slot\":\"category-desk-right-column-after-prayers\",\"library\":\"googleAdManager.GooglePublisherTag\",\"props\":\"id\":\"category-desk-right-column-after-prayers-ad\",\"unit\":\"64500793\/EN_DESK_ARTICLE_TOWER_300xMULTI_2\",\"collapse_empty_divs\":false,\"premium_ads\":false,\"bids\":\"\",\"nexxx360_id\":\"\",\"size\":[[300,250]],\"slot\":\"category-mob-after-first-row\",\"library\":\"googleAdManager.GooglePublisherTag\",\"props\":\"id\":\"category-mob-after-first-row-ad\",\"unit\":\"64500793\/EN_MOB_ARTICLE_HEADER_320xMULTI\",\"collapse_empty_divs\":false,\"premium_ads\":false,\"bids\":\"\",\"nexxx360_id\":\"\",\"size\":[[320,100]],\"slot\":\"article-desk-after-header\",\"library\":\"googleAdManager.GooglePublisherTag\",\"props\":\"id\":\"article-desk-after-header-ad\",\"unit\":\"64500793\/EN_DESK_ARTICLE_HEADER_MULTIxMULTI_1\",\"collapse_empty_divs\":false,\"premium_ads\":false,\"bids\":\"\",\"nexxx360_id\":\"\",\"size\":[[728,90],[970,90]],\"slot\":\"article-desk-right-column-after-prayers\",\"library\":\"googleAdManager.GooglePublisherTag\",\"props\":\"id\":\"article-desk-right-column-after-prayers-ad\",\"unit\":\"64500793\/EN_DESK_ARTICLE_TOWER_300xMULTI_1\",\"collapse_empty_divs\":false,\"premium_ads\":false,\"bids\":\"\",\"nexxx360_id\":\"\",\"size\":[[300,250],[300,600]],\"slot\":\"article-desk-right-column-sticky\",\"library\":\"googleAdManager.GooglePublisherTag\",\"props\":\"id\":\"article-desk-right-column-sticky2-ad\",\"unit\":\"64500793\/EN_DESK_ARTICLE_SIDEBAR_300xMULTI\",\"collapse_empty_divs\":false,\"premium_ads\":false,\"bids\":\"\",\"nexxx360_id\":\"\",\"size\":[[300,250],[300,600]],\"slot\":\"article-desk-before-footer\",\"library\":\"googleAdManager.GooglePublisherTag\",\"props\":\"id\":\"article-desk-before-footer-ad\",\"unit\":\"64500793\/EN_DESK_ARTICLE_FOOTER_MULTIx90\",\"collapse_empty_divs\":false,\"premium_ads\":false,\"bids\":\"\",\"nexxx360_id\":\"\",\"size\":[[728,90],[970,90]],\"slot\":\"article-mob-after-featured\",\"library\":\"googleAdManager.GooglePublisherTag\",\"props\":\"id\":\"article-mob-after-featured-ad\",\"unit\":\"64500793\/EN_MOB_ARTICLE_HEADER_320xMULTI\",\"collapse_empty_divs\":false,\"premium_ads\":false,\"bids\":\"\",\"nexxx360_id\":\"\",\"size\":[[320,100],[300,100]],\"slot\":\"article-mob-right-column-after-prayers\",\"library\":\"googleAdManager.GooglePublisherTag\",\"props\":\"id\":\"article-mob-right-column-after-prayers-ad\",\"unit\":\"64500793\/EN_MOB_ARTICLE_BODY_MULTIxMULTI_2\",\"collapse_empty_divs\":false,\"premium_ads\":false,\"bids\":\"\",\"nexxx360_id\":\"\",\"size\":[[300,600]],\"slot\":\"article-mob-content-p1\",\"library\":\"googleAdManager.GooglePublisherTag\",\"props\":\"id\":\"article-mob-content-p1-ad\",\"unit\":\"64500793\/EN_MOB_ARTICLE_BODY_MULTIxMULTI_1\",\"collapse_empty_divs\":false,\"premium_ads\":false,\"bids\":\"\",\"nexxx360_id\":\"\",\"size\":[[300,250]],\"slot\":\"article-mob-content-p3\",\"library\":\"googleAdManager.GooglePublisherTag\",\"props\":\"id\":\"article-mob-content-p3-ad\",\"unit\":\"64500793\/EN_MOB_ARTICLE_BODY_MULTIxMULTI_2\",\"collapse_empty_divs\":false,\"premium_ads\":false,\"bids\":\"\",\"nexxx360_id\":\"\",\"size\":[[1,1]],\"slot\":\"slideshow-desk\",\"library\":\"googleAdManager.GooglePublisherTag\",\"props\":\"id\":\"slideshow-desk-ad\",\"unit\":\"64500793\/EN_DESK_SLIDESHOW_TOWER_300x250\",\"collapse_empty_divs\":false,\"premium_ads\":false,\"bids\":\"\",\"nexxx360_id\":\"\",\"size\":[[300,250],[300,600]],\"slot\":\"slideshow-mob\",\"library\":\"googleAdManager.GooglePublisherTag\",\"props\":\"id\":\"slideshow-mob-ad\",\"unit\":\"64500793\/EN_MOB_ARTICLE_STICKYFOOTER_320x50\",\"collapse_empty_divs\":false,\"premium_ads\":false,\"bids\":\"\",\"nexxx360_id\":\"\",\"size\":[[320,50]],\"slot\":\"skin\",\"library\":\"theme.Skin\",\"props\":\"id\":\"skin-ad\",\"unit\":\"64500793\/EN_DESK_HP_SKIN_1x1\",\"collapse_empty_divs\":false,\"premium_ads\":false,\"bids\":\"\",\"nexxx360_id\":\"\",\"size\":[],\"slot\":\"article-native-inread\",\"library\":\"googleAdManager.GooglePublisherTag\",\"props\":\"id\":\"article-native-inread\",\"unit\":\"64500793\/EN_NATIVE_ARTICLE\",\"collapse_empty_divs\":false,\"premium_ads\":false,\"bids\":\"\",\"nexxx360_id\":\"\",\"size\":[\"fluid\"],\"slot\":\"article-native-home\",\"library\":\"googleAdManager.GooglePublisherTag\",\"props\":\"id\":\"article-native-home\",\"unit\":\"64500793\/EN_NATIVE_HOMEPAGE\",\"collapse_empty_divs\":false,\"premium_ads\":false,\"bids\":\"\",\"nexxx360_id\":\"\",\"size\":[\"fluid\"],\"slot\":\"dp-skin\",\"library\":\"theme.Skin\",\"props\":\"id\":\"dp-skin-ad\",\"unit\":\"64500793\/EN_DESK_PRAYER_SKIN_1x1\",\"collapse_empty_divs\":false,\"premium_ads\":false,\"bids\":\"\",\"nexxx360_id\":\"\",\"size\":[],\"props\":\"id\":\"\",\"unit\":\"\",\"collapse_empty_divs\":false,\"premium_ads\":false,\"bids\":\"\",\"nexxx360_id\":\"\",\"size\":[],\"slot\":\"hp-mob-after-daily-items\",\"library\":\"googleAdManager.GooglePublisherTag\",\"props\":\"id\":\"hp-mob-after-daily-items-ad\",\"unit\":\"64500793\/EN_MOB_HP_BODY_MULTIxMULTI_1\",\"collapse_empty_divs\":false,\"premium_ads\":false,\"bids\":\"\",\"nexxx360_id\":\"\",\"size\":[[300,600],[300,250]],\"slot\":\"hp-desk-before-sections\",\"library\":\"googleAdManager.GooglePublisherTag\",\"props\":\"id\":\"hp-desk-before-sections-ad\",\"unit\":\"64500793\/EN_DESK_HP_HEADER_MULTIxMULTI_2\",\"collapse_empty_divs\":false,\"premium_ads\":false,\"bids\":\"\",\"nexxx360_id\":\"\",\"size\":[[728,90],[970,90]],\"slot\":\"category-desk-right-column\",\"library\":\"googleAdManager.GooglePublisherTag\",\"props\":\"id\":\"category-desk-right-column-ad\",\"unit\":\"64500793\/EN_DESK_ARTICLE_SIDEBAR_300xMULTI\",\"collapse_empty_divs\":false,\"premium_ads\":false,\"bids\":\"\",\"nexxx360_id\":\"\",\"size\":[],\"slot\":\"skin\",\"library\":\"theme.Skin\",\"props\":\"id\":\"skin-ad\",\"unit\":\"64500793\/EN_DESK_HP_SKIN_1x1\",\"collapse_empty_divs\":false,\"premium_ads\":\"1\",\"bids\":\"\",\"nexxx360_id\":\"\",\"size\":[],\"slot\":\"hp-desk-after-header\",\"library\":\"googleAdManager.GooglePublisherTag\",\"props\":\"id\":\"hp-desk-after-header-ad\",\"unit\":\"64500793\/EN_DESK_HEADER_MULTIxMULTI_PREMIUM\",\"collapse_empty_divs\":false,\"premium_ads\":\"1\",\"bids\":\"\",\"nexxx360_id\":\"\",\"size\":[[970,90],[728,90]],\"slot\":\"category-desk-after-header\",\"library\":\"googleAdManager.GooglePublisherTag\",\"props\":\"id\":\"category-desk-after-header-ad\",\"unit\":\"64500793\/EN_DESK_HEADER_MULTIxMULTI_PREMIUM\",\"collapse_empty_divs\":false,\"premium_ads\":\"1\",\"bids\":\"\",\"nexxx360_id\":\"\",\"size\":[[970,90],[728,90]],\"slot\":\"article-desk-after-header\",\"library\":\"googleAdManager.GooglePublisherTag\",\"props\":\"id\":\"article-desk-after-header-ad\",\"unit\":\"64500793\/EN_DESK_HEADER_MULTIxMULTI_PREMIUM\",\"collapse_empty_divs\":false,\"premium_ads\":\"1\",\"bids\":\"\",\"nexxx360_id\":\"\",\"size\":[[970,90],[728,90]],\"slot\":\"hp-desk-right-column-after-prayers\",\"library\":\"googleAdManager.GooglePublisherTag\",\"props\":\"id\":\"hp-desk-right-column-after-prayers-ad\",\"unit\":\"64500793\/EN_DESK_TOWER_300xMULTI_PREMIUM\",\"collapse_empty_divs\":false,\"premium_ads\":\"1\",\"bids\":\"\",\"nexxx360_id\":\"\",\"size\":[[300,600],[300,250]],\"slot\":\"category-desk-right-column-after-prayers\",\"library\":\"googleAdManager.GooglePublisherTag\",\"props\":\"id\":\"category-desk-right-column-after-prayers-ad\",\"unit\":\"64500793\/EN_DESK_TOWER_300xMULTI_PREMIUM\",\"collapse_empty_divs\":false,\"premium_ads\":\"1\",\"bids\":\"\",\"nexxx360_id\":\"\",\"size\":[[300,600],[300,250]],\"slot\":\"article-desk-right-column-after-prayers\",\"library\":\"googleAdManager.GooglePublisherTag\",\"props\":\"id\":\"article-desk-right-column-after-prayers-ad\",\"unit\":\"64500793\/EN_DESK_TOWER_300xMULTI_PREMIUM\",\"collapse_empty_divs\":false,\"premium_ads\":\"1\",\"bids\":\"\",\"nexxx360_id\":\"\",\"size\":[[300,600],[300,250]],\"slot\":\"hp-mob-after-daily-items\",\"library\":\"googleAdManager.GooglePublisherTag\",\"props\":\"id\":\"hp-mob-after-daily-items-ad\",\"unit\":\"64500793\/EN_MOB_MULTIxMULTI_PREMIUM\",\"collapse_empty_divs\":false,\"premium_ads\":\"1\",\"bids\":\"\",\"nexxx360_id\":\"\",\"size\":[[300,250]],\"slot\":\"article-mob-content-p1\",\"library\":\"googleAdManager.GooglePublisherTag\",\"props\":\"id\":\"article-mob-content-p1-ad\",\"unit\":\"64500793\/EN_MOB_MULTIxMULTI_PREMIUM\",\"collapse_empty_divs\":false,\"premium_ads\":\"1\",\"bids\":\"\",\"nexxx360_id\":\"\",\"size\":[[300,250]],\"props\":\"id\":\"\",\"unit\":\"\",\"collapse_empty_divs\":false,\"premium_ads\":false,\"bids\":\"\",\"nexxx360_id\":\"\",\"size\":[],\"props\":\"id\":\"\",\"unit\":\"\",\"collapse_empty_divs\":false,\"premium_ads\":false,\"bids\":\"\",\"nexxx360_id\":\"\",\"size\":[]],\"skin_height\":101,\"sirdata\":\"setting_menu_label\":\"privacy\",\"sirdata_id\":\"xd8kW\",\"nativo\":\"isActive\":true,\"isActiveInPost\":true,\"connatix\":\"scriptId\":\"82592dd1874345e8bd35bb7268339c76\",\"playerId\":\"62153f9f-0eea-4420-ae4e-ccb9dc881e2f\",\"premiumContents\":\"cta_menu\":\"cta_label\":\"S\u2019abonner\",\"cta_link\":\"\/subscribe\/\",\"cta_menu_donations\":\"cta_label\":\"donate\",\"cta_link\":\"https:\/\/aleteia.org\/support-aleteia\/\",\"newrelic\":\"enabled\":true,\"nexxx360_site_id\":null,\"top_left_custom_cta\":[],\"translations\":\"archive\":\"ReadMore\":\"Show more\"},\"wpSource\":\"prefix\":\"\/wp-json\",\"oneSignal\":\"promptAfterPages\":\"3\",\"promptAfterSeconds\":\"30\",\"id\":\"1ef61c7c-d65c-4876-90ea-04f72851e015\",\"prebid\":\"active\":false,\"fills\":\"googleAdManager\":\"35\":\"props\":\"id\":\"\",\"unit\":\"\",\"collapse_empty_divs\":false,\"premium_ads\":false,\"bids\":\"\",\"nexxx360_id\":\"\",\"size\":[],\"36\":\"props\":\"id\":\"\",\"unit\":\"\",\"collapse_empty_divs\":false,\"premium_ads\":false,\"bids\":\"\",\"nexxx360_id\":\"\",\"size\":[],\"hp-desk-after-header-ad\":\"slot\":\"hp-desk-after-header\",\"library\":\"googleAdManager.GooglePublisherTag\",\"props\":\"id\":\"hp-desk-after-header-ad\",\"unit\":\"64500793\/EN_DESK_HP_HEADER_MULTIxMULTI_1\",\"collapse_empty_divs\":false,\"premium_ads\":false,\"bids\":\"\",\"nexxx360_id\":\"\",\"size\":[[728,90],[970,90]],\"hp-desk-right-column-after-prayers-ad\":\"slot\":\"hp-desk-right-column-after-prayers\",\"library\":\"googleAdManager.GooglePublisherTag\",\"props\":\"id\":\"hp-desk-right-column-after-prayers-ad\",\"unit\":\"64500793\/EN_DESK_HP_TOWER_300xMULTI_1\",\"collapse_empty_divs\":false,\"premium_ads\":false,\"bids\":\"\",\"nexxx360_id\":\"\",\"size\":[[300,600]],\"hp-desk-right-column-section-ad\":\"slot\":\"hp-desk-right-column-section\",\"library\":\"googleAdManager.GooglePublisherTag\",\"props\":\"id\":\"hp-desk-right-column-section-ad\",\"unit\":\"64500793\/EN_DESK_HP_TOWER_300xMULTI_2\",\"collapse_empty_divs\":false,\"premium_ads\":false,\"bids\":\"\",\"nexxx360_id\":\"\",\"size\":[[300,600]],\"hp-mob-after-hero-ad\":\"slot\":\"hp-mob-after-hero\",\"library\":\"googleAdManager.GooglePublisherTag\",\"props\":\"id\":\"hp-mob-after-hero-ad\",\"unit\":\"64500793\/EN_MOB_HP_HEADER_320xMULTI\",\"collapse_empty_divs\":false,\"premium_ads\":false,\"bids\":\"\",\"nexxx360_id\":\"\",\"size\":[[320,100]],\"hp-mob-right-column-after-prayers-ad\":\"slot\":\"hp-mob-right-column-after-prayers\",\"library\":\"googleAdManager.GooglePublisherTag\",\"props\":\"id\":\"hp-mob-right-column-after-prayers-ad\",\"unit\":\"64500793\/EN_MOB_HP_BODY_MULTIxMULTI_2\",\"collapse_empty_divs\":false,\"premium_ads\":false,\"bids\":\"\",\"nexxx360_id\":\"\",\"size\":[[300,250]],\"category-desk-after-header-ad\":\"slot\":\"category-desk-after-header\",\"library\":\"googleAdManager.GooglePublisherTag\",\"props\":\"id\":\"category-desk-after-header-ad\",\"unit\":\"64500793\/EN_DESK_ARTICLE_HEADER_MULTIxMULTI_1\",\"collapse_empty_divs\":false,\"premium_ads\":false,\"bids\":\"\",\"nexxx360_id\":\"\",\"size\":[[728,90],[970,90]],\"category-desk-right-column-after-prayers-ad\":\"slot\":\"category-desk-right-column-after-prayers\",\"library\":\"googleAdManager.GooglePublisherTag\",\"props\":\"id\":\"category-desk-right-column-after-prayers-ad\",\"unit\":\"64500793\/EN_DESK_ARTICLE_TOWER_300xMULTI_2\",\"collapse_empty_divs\":false,\"premium_ads\":false,\"bids\":\"\",\"nexxx360_id\":\"\",\"size\":[[300,250]],\"category-mob-after-first-row-ad\":\"slot\":\"category-mob-after-first-row\",\"library\":\"googleAdManager.GooglePublisherTag\",\"props\":\"id\":\"category-mob-after-first-row-ad\",\"unit\":\"64500793\/EN_MOB_ARTICLE_HEADER_320xMULTI\",\"collapse_empty_divs\":false,\"premium_ads\":false,\"bids\":\"\",\"nexxx360_id\":\"\",\"size\":[[320,100]],\"article-desk-after-header-ad\":\"slot\":\"article-desk-after-header\",\"library\":\"googleAdManager.GooglePublisherTag\",\"props\":\"id\":\"article-desk-after-header-ad\",\"unit\":\"64500793\/EN_DESK_ARTICLE_HEADER_MULTIxMULTI_1\",\"collapse_empty_divs\":false,\"premium_ads\":false,\"bids\":\"\",\"nexxx360_id\":\"\",\"size\":[[728,90],[970,90]],\"article-desk-right-column-after-prayers-ad\":\"slot\":\"article-desk-right-column-after-prayers\",\"library\":\"googleAdManager.GooglePublisherTag\",\"props\":\"id\":\"article-desk-right-column-after-prayers-ad\",\"unit\":\"64500793\/EN_DESK_ARTICLE_TOWER_300xMULTI_1\",\"collapse_empty_divs\":false,\"premium_ads\":false,\"bids\":\"\",\"nexxx360_id\":\"\",\"size\":[[300,250],[300,600]],\"article-desk-right-column-sticky2-ad\":\"slot\":\"article-desk-right-column-sticky\",\"library\":\"googleAdManager.GooglePublisherTag\",\"props\":\"id\":\"article-desk-right-column-sticky2-ad\",\"unit\":\"64500793\/EN_DESK_ARTICLE_SIDEBAR_300xMULTI\",\"collapse_empty_divs\":false,\"premium_ads\":false,\"bids\":\"\",\"nexxx360_id\":\"\",\"size\":[[300,250],[300,600]],\"article-desk-before-footer-ad\":\"slot\":\"article-desk-before-footer\",\"library\":\"googleAdManager.GooglePublisherTag\",\"props\":\"id\":\"article-desk-before-footer-ad\",\"unit\":\"64500793\/EN_DESK_ARTICLE_FOOTER_MULTIx90\",\"collapse_empty_divs\":false,\"premium_ads\":false,\"bids\":\"\",\"nexxx360_id\":\"\",\"size\":[[728,90],[970,90]],\"article-mob-after-featured-ad\":\"slot\":\"article-mob-after-featured\",\"library\":\"googleAdManager.GooglePublisherTag\",\"props\":\"id\":\"article-mob-after-featured-ad\",\"unit\":\"64500793\/EN_MOB_ARTICLE_HEADER_320xMULTI\",\"collapse_empty_divs\":false,\"premium_ads\":false,\"bids\":\"\",\"nexxx360_id\":\"\",\"size\":[[320,100],[300,100]],\"article-mob-right-column-after-prayers-ad\":\"slot\":\"article-mob-right-column-after-prayers\",\"library\":\"googleAdManager.GooglePublisherTag\",\"props\":\"id\":\"article-mob-right-column-after-prayers-ad\",\"unit\":\"64500793\/EN_MOB_ARTICLE_BODY_MULTIxMULTI_2\",\"collapse_empty_divs\":false,\"premium_ads\":false,\"bids\":\"\",\"nexxx360_id\":\"\",\"size\":[[300,600]],\"article-mob-content-p1-ad\":\"slot\":\"article-mob-content-p1\",\"library\":\"googleAdManager.GooglePublisherTag\",\"props\":\"id\":\"article-mob-content-p1-ad\",\"unit\":\"64500793\/EN_MOB_ARTICLE_BODY_MULTIxMULTI_1\",\"collapse_empty_divs\":false,\"premium_ads\":false,\"bids\":\"\",\"nexxx360_id\":\"\",\"size\":[[300,250]],\"article-mob-content-p3-ad\":\"slot\":\"article-mob-content-p3\",\"library\":\"googleAdManager.GooglePublisherTag\",\"props\":\"id\":\"article-mob-content-p3-ad\",\"unit\":\"64500793\/EN_MOB_ARTICLE_BODY_MULTIxMULTI_2\",\"collapse_empty_divs\":false,\"premium_ads\":false,\"bids\":\"\",\"nexxx360_id\":\"\",\"size\":[[1,1]],\"slideshow-desk-ad\":\"slot\":\"slideshow-desk\",\"library\":\"googleAdManager.GooglePublisherTag\",\"props\":\"id\":\"slideshow-desk-ad\",\"unit\":\"64500793\/EN_DESK_SLIDESHOW_TOWER_300x250\",\"collapse_empty_divs\":false,\"premium_ads\":false,\"bids\":\"\",\"nexxx360_id\":\"\",\"size\":[[300,250],[300,600]],\"slideshow-mob-ad\":\"slot\":\"slideshow-mob\",\"library\":\"googleAdManager.GooglePublisherTag\",\"props\":\"id\":\"slideshow-mob-ad\",\"unit\":\"64500793\/EN_MOB_ARTICLE_STICKYFOOTER_320x50\",\"collapse_empty_divs\":false,\"premium_ads\":false,\"bids\":\"\",\"nexxx360_id\":\"\",\"size\":[[320,50]],\"skin-ad\":\"slot\":\"skin\",\"library\":\"theme.Skin\",\"props\":\"id\":\"skin-ad\",\"unit\":\"64500793\/EN_DESK_HP_SKIN_1x1\",\"collapse_empty_divs\":false,\"premium_ads\":false,\"bids\":\"\",\"nexxx360_id\":\"\",\"size\":[],\"article-native-inread\":\"slot\":\"article-native-inread\",\"library\":\"googleAdManager.GooglePublisherTag\",\"props\":\"id\":\"article-native-inread\",\"unit\":\"64500793\/EN_NATIVE_ARTICLE\",\"collapse_empty_divs\":false,\"premium_ads\":false,\"bids\":\"\",\"nexxx360_id\":\"\",\"size\":[\"fluid\"],\"article-native-home\":\"slot\":\"article-native-home\",\"library\":\"googleAdManager.GooglePublisherTag\",\"props\":\"id\":\"article-native-home\",\"unit\":\"64500793\/EN_NATIVE_HOMEPAGE\",\"collapse_empty_divs\":false,\"premium_ads\":false,\"bids\":\"\",\"nexxx360_id\":\"\",\"size\":[\"fluid\"],\"dp-skin-ad\":\"slot\":\"dp-skin\",\"library\":\"theme.Skin\",\"props\":\"id\":\"dp-skin-ad\",\"unit\":\"64500793\/EN_DESK_PRAYER_SKIN_1x1\",\"collapse_empty_divs\":false,\"premium_ads\":false,\"bids\":\"\",\"nexxx360_id\":\"\",\"size\":[],\"\":\"props\":\"id\":\"\",\"unit\":\"\",\"collapse_empty_divs\":false,\"premium_ads\":false,\"bids\":\"\",\"nexxx360_id\":\"\",\"size\":[],\"hp-mob-after-daily-items-ad\":\"slot\":\"hp-mob-after-daily-items\",\"library\":\"googleAdManager.GooglePublisherTag\",\"props\":\"id\":\"hp-mob-after-daily-items-ad\",\"unit\":\"64500793\/EN_MOB_HP_BODY_MULTIxMULTI_1\",\"collapse_empty_divs\":false,\"premium_ads\":false,\"bids\":\"\",\"nexxx360_id\":\"\",\"size\":[[300,600],[300,250]],\"hp-desk-before-sections-ad\":\"slot\":\"hp-desk-before-sections\",\"library\":\"googleAdManager.GooglePublisherTag\",\"props\":\"id\":\"hp-desk-before-sections-ad\",\"unit\":\"64500793\/EN_DESK_HP_HEADER_MULTIxMULTI_2\",\"collapse_empty_divs\":false,\"premium_ads\":false,\"bids\":\"\",\"nexxx360_id\":\"\",\"size\":[[728,90],[970,90]],\"category-desk-right-column-ad\":\"slot\":\"category-desk-right-column\",\"library\":\"googleAdManager.GooglePublisherTag\",\"props\":\"id\":\"category-desk-right-column-ad\",\"unit\":\"64500793\/EN_DESK_ARTICLE_SIDEBAR_300xMULTI\",\"collapse_empty_divs\":false,\"premium_ads\":false,\"bids\":\"\",\"nexxx360_id\":\"\",\"size\":[],\"skin-ad26\":\"slot\":\"skin\",\"library\":\"theme.Skin\",\"props\":\"id\":\"skin-ad\",\"unit\":\"64500793\/EN_DESK_HP_SKIN_1x1\",\"collapse_empty_divs\":false,\"premium_ads\":\"1\",\"bids\":\"\",\"nexxx360_id\":\"\",\"size\":[],\"hp-desk-after-header-ad27\":\"slot\":\"hp-desk-after-header\",\"library\":\"googleAdManager.GooglePublisherTag\",\"props\":\"id\":\"hp-desk-after-header-ad\",\"unit\":\"64500793\/EN_DESK_HEADER_MULTIxMULTI_PREMIUM\",\"collapse_empty_divs\":false,\"premium_ads\":\"1\",\"bids\":\"\",\"nexxx360_id\":\"\",\"size\":[[970,90],[728,90]],\"category-desk-after-header-ad28\":\"slot\":\"category-desk-after-header\",\"library\":\"googleAdManager.GooglePublisherTag\",\"props\":\"id\":\"category-desk-after-header-ad\",\"unit\":\"64500793\/EN_DESK_HEADER_MULTIxMULTI_PREMIUM\",\"collapse_empty_divs\":false,\"premium_ads\":\"1\",\"bids\":\"\",\"nexxx360_id\":\"\",\"size\":[[970,90],[728,90]],\"article-desk-after-header-ad29\":\"slot\":\"article-desk-after-header\",\"library\":\"googleAdManager.GooglePublisherTag\",\"props\":\"id\":\"article-desk-after-header-ad\",\"unit\":\"64500793\/EN_DESK_HEADER_MULTIxMULTI_PREMIUM\",\"collapse_empty_divs\":false,\"premium_ads\":\"1\",\"bids\":\"\",\"nexxx360_id\":\"\",\"size\":[[970,90],[728,90]],\"hp-desk-right-column-after-prayers-ad30\":\"slot\":\"hp-desk-right-column-after-prayers\",\"library\":\"googleAdManager.GooglePublisherTag\",\"props\":\"id\":\"hp-desk-right-column-after-prayers-ad\",\"unit\":\"64500793\/EN_DESK_TOWER_300xMULTI_PREMIUM\",\"collapse_empty_divs\":false,\"premium_ads\":\"1\",\"bids\":\"\",\"nexxx360_id\":\"\",\"size\":[[300,600],[300,250]],\"category-desk-right-column-after-prayers-ad31\":\"slot\":\"category-desk-right-column-after-prayers\",\"library\":\"googleAdManager.GooglePublisherTag\",\"props\":\"id\":\"category-desk-right-column-after-prayers-ad\",\"unit\":\"64500793\/EN_DESK_TOWER_300xMULTI_PREMIUM\",\"collapse_empty_divs\":false,\"premium_ads\":\"1\",\"bids\":\"\",\"nexxx360_id\":\"\",\"size\":[[300,600],[300,250]],\"article-desk-right-column-after-prayers-ad32\":\"slot\":\"article-desk-right-column-after-prayers\",\"library\":\"googleAdManager.GooglePublisherTag\",\"props\":\"id\":\"article-desk-right-column-after-prayers-ad\",\"unit\":\"64500793\/EN_DESK_TOWER_300xMULTI_PREMIUM\",\"collapse_empty_divs\":false,\"premium_ads\":\"1\",\"bids\":\"\",\"nexxx360_id\":\"\",\"size\":[[300,600],[300,250]],\"hp-mob-after-daily-items-ad33\":\"slot\":\"hp-mob-after-daily-items\",\"library\":\"googleAdManager.GooglePublisherTag\",\"props\":\"id\":\"hp-mob-after-daily-items-ad\",\"unit\":\"64500793\/EN_MOB_MULTIxMULTI_PREMIUM\",\"collapse_empty_divs\":false,\"premium_ads\":\"1\",\"bids\":\"\",\"nexxx360_id\":\"\",\"size\":[[300,250]],\"article-mob-content-p1-ad34\":\"slot\":\"article-mob-content-p1\",\"library\":\"googleAdManager.GooglePublisherTag\",\"props\":\"id\":\"article-mob-content-p1-ad\",\"unit\":\"64500793\/EN_MOB_MULTIxMULTI_PREMIUM\",\"collapse_empty_divs\":false,\"premium_ads\":\"1\",\"bids\":\"\",\"nexxx360_id\":\"\",\"size\":[[300,250]],\"yoast\":\"renderTags\":\"both\",\"transformLinks\":false,\"frontity\":\"name\":\"aleteia-english\",\"match\":[\"aleteia.org\",\"dev.aleteia.org\",\"aleteia.local\"],\"mode\":\"default\",\"debug\":false,\"platform\":\"server\",\"rendering\":\"ssr\",\"hmr\":false,\"initialLink\":\"\/2024\/05\/28\/how-the-our-father-can-lead-us-to-gods-will-for-our-lives\/\",\"options\":\"publicPath\":\"\/static\/\",\"packages\":[\"aleteia-sirdata\",\"eloqua\",\"@frontity\/wp-source\",\"one-signal-frontity\",\"google-ad-manager\",\"@frontity\/yoast\",\"aleteia-theme\",\"aleteia-auth\",\"aleteia-promotional-box\",\"@frontity\/analytics\",\"google-tag-manager\",\"aleteia-custom-popups\",\"aleteia-top-ribbon\",\"@frontity\/tiny-router\",\"@frontity\/html2react\",\"ontheio-analytics\",\"aleteia-rollbar\",\"aleteia-redirects\",\"new-relic\",\"aleteia-ads-options\"],\"url\":\" - English\",\"theme\":\"hidePrintButton\":false,\"preventSelection\":false,\"autoPrefetch\":\"hover\",\"isMobileMenuOpen\":false,\"ads\":\"skin\":\"rendered\":false,\"positions\":[1,2,4,6,7,10,1,2,3,4],\"gallery\":\"isOpen\":false,\"currentIndex\":0,\"isZoom\":false,\"isAutoPlay\":false,\"isSwipeEnabled\":true,\"slidesVisited\":0,\"share\":\"isHidden\":true,\"language_switcher\":[\"code\":\"en\",\"label\":\"English\",\"link\":\"https:\/\/aleteia.org\/\",\"code\":\"it\",\"label\":\"Italiano\",\"link\":\"https:\/\/it.aleteia.org\/\",\"code\":\"fr\",\"label\":\"Fran\u00e7aise\",\"link\":\"https:\/\/fr.aleteia.org\/\",\"code\":\"es\",\"label\":\"Espa\u00f1ol\",\"link\":\"https:\/\/es.aleteia.org\/\",\"code\":\"pt\",\"label\":\"Portuguese\",\"link\":\"https:\/\/pt.aleteia.org\/\",\"code\":\"pl\",\"label\":\"Polska\",\"link\":\"https:\/\/pl.aleteia.org\/\",\"code\":\"si\",\"label\":\"Sloven\u0161\u010dina\",\"link\":\"https:\/\/si.aleteia.org\/\"],\"newsletter_lists_ids\":\"nl_daily_list\":\"366c6b27-4e11-4063-9cd6-f47184e0145f\",\"nl_weekly_list\":\"78e785e7-78f9-4f85-9d2f-4990e4b688f3\",\"nl_imedia_list\":\"366c6b27-4e11-4063-9cd6-f47184e0145f\",\"newsletter_subscribe_endpoint\":\"https:\/\/reports.aleteia.org\/\",\"newsletterPopup\":\"isOpen\":false,\"env\":\"production\",\"preventIndexing\":false,\"donationIframeUrl\":\"https:\/\/subscriptions.aleteia.org\/en\",\"jetpack_stats\":\"v\":\"ext\",\"blog\":174078663,\"post\":\"0\",\"tz\":-4,\"srv\":\"wp.en.aleteia.org\",\"auth\":\"isLoggedIn\":false,\"returnUrl\":\"https:\/\/aleteia.org\/\",\"loginForm\":\"rememberSession\":true,\"email\":\"\",\"password\":\"\",\"isSubmitting\":false,\"isError\":false,\"resetPasswordForm\":\"email\":\"\",\"isSubmitting\":false,\"isEmailSent\":false,\"isError\":false,\"errorMessage\":\"\",\"registerForm\":\"title\":\"\",\"name\":\"\",\"surname\":\"\",\"email\":\"\",\"emailRepeat\":\"\",\"nickname\":\"\",\"password\":\"\",\"passwordRepeat\":\"\",\"address\":\"\",\"city\":\"\",\"country\":\"\",\"stateCode\":\"\",\"zip\":\"\",\"phone\":\"\",\"tc\":false,\"newsletterDaily\":true,\"newsletterWeekly\":false,\"newsletterImedia\":true,\"partners\":false,\"isSubmitting\":false,\"isNameEmpty\":false,\"isSurnameEmpty\":false,\"isEmailEmpty\":false,\"isEmailRepeatEmpty\":false,\"isEmailMismatch\":false,\"isEmailAlreadyInUse\":false,\"isEmailInvalid\":false,\"isPasswordEmpty\":false,\"isPasswordRepeatEmpty\":false,\"isPasswordMismatch\":false,\"isPasswordWeak\":false,\"isPostalCodeEmpty\":false,\"isCountryEmpty\":false,\"newsletter_user_subscriptions\":[],\"paymentForm\":\"plans\":[],\"selectedPlan\":\"\",\"paymentType\":\"card\",\"isSubmitting\":false,\"plansEndpoint\":\"https:\/\/stripe-users-api.herokuapp.com\/plans?publishable_key=\",\"tryPlanEndpoint\":\"https:\/\/stripe-users-api.herokuapp.com\/plans\/try\",\"publishableKey\":\"pk_test_51IT35jLrboGMNuFqQSgdF3N8sj0SIVmac5QIWVEifu1f9jijIWBxIS0k3SwsZHVbebkef5zTlTY1zqzQ4mrxccyI00Icv0ETqO\",\"comments\":\"isReplyOpen\":false,\"replyId\":0,\"repliesOpened\":[],\"commentsList\":[],\"totalComments\":0,\"totalPages\":0,\"updateProfileForm\":\"title\":\"\",\"name\":\"\",\"surname\":\"\",\"nickname\":\"\",\"address\":\"\",\"zip\":\"\",\"city\":\"\",\"country\":\"\",\"phone\":\"\",\"isSubmitting\":false,\"isNameEmpty\":false,\"isSurnameEmpty\":false,\"isZipEmpty\":false,\"isCountryEmpty\":false,\"updateEmailForm\":\"email\":\"\",\"password\":\"\",\"newEmail\":\"\",\"newEmailConfirmation\":\"\",\"isSubmitting\":false,\"isEmailEmpty\":false,\"isEmailMismatch\":false,\"isPasswordEmpty\":false,\"isPasswordMismatch\":false,\"isNewEmailEmpty\":false,\"isNewEmailConfirmationEmpty\":false,\"isNewEmailMismatch\":false,\"updatePasswordForm\":\"email\":\"\",\"password\":\"\",\"newPassword\":\"\",\"newPasswordConfirmation\":\"\",\"isSubmitting\":false,\"isEmailEmpty\":false,\"isEmailMismatch\":false,\"isPasswordEmpty\":false,\"isPasswordMismatch\":false,\"isNewPasswordEmpty\":false,\"isNewPasswordConfirmationEmpty\":false,\"isNewPasswordMismatch\":false,\"showPrayersPopup\":false,\"premiumContent\":\"account\":\"cta_my_newsletters_label\":\"Abonnez-vous \u00e0 la newsletter d\u2019Aleteia\",\"cta_my_newsletters_link\":\" your membership\",\"cta_my_subscriptions_link\":\"#\",\"cta_personal_infos_label\":\"Manage your data\",\"cta_personal_infos_link\":\"#\",\"my_account\":\"u003cpu003eu003cspan style=\"font-size: 23px\"u003eu003cemu003eu003cstrongu003eMy accountu003c\/strongu003eu003c\/emu003eu003c\/spanu003eu003c\/pu003en\",\"my_account_desktop\":\"\",\"my_newsletters\":\"u003cpu003eu003cspan style=\"font-size: 14px;font-family: 'Roboto Condensed'\"u003eu003cstrongu003eVotre newsletteru003c\/strongu003eu003c\/spanu003eu003c\/pu003en\",\"my_newsletters_desktop\":\"\",\"my_subscriptions\":\"u003cpu003eu003cspan style=\"font-size: 14px;font-family: 'Roboto Condensed'\"u003eu003cstrongu003eVotre abonnementu003cbr \/u003enu003c\/strongu003eu003c\/spanu003eu003cspan style=\"font-size: 13px;color: #575757\"u003eVous avez un abonnement premium.u003c\/spanu003eu003c\/pu003en\",\"my_subscriptions_desktop\":\"\",\"personal_infos\":\"u003cpu003eu003cspan style=\"font-family: 'Roboto Condensed'\"u003eu003cstrongu003eu003cspan style=\"font-size: 14px\"u003eVos informations u003c\/spanu003eu003c\/strongu003eu003c\/spanu003eu003cbr \/u003enu003cspan style=\"font-size: 13px;color: #575757\"u003eRetrouvez et administrez l'ensemble des informations personnelles et adresses associ\u00e9es \u00e0 votre compte Aleteia.u003c\/spanu003eu003c\/pu003en\",\"personal_infos_desktop\":\"\",\"app_tips_cta\":\"\/registration\/subscribe\",\"app_tips_cta_text\":\"Discover our Premium offer\",\"app_tips_text\":\"u003cpu003eNOTE: Please comment with a spirit of respect and charity. Aleteia reserves the right to not publish, or remove after publication, any comment, as we deem fit.u003c\/pu003en\",\"cheque\":\"address\":\"u003cpu003eu003cstrongu003eAleteiau003c\/strongu003eu003cbr \/u003en57, rue Gaston Tessieru003cbr \/u003en75019 Parisu003c\/pu003en\",\"address_desktop\":\"\",\"bottom_message\":\"u003cpu003eu003cspan style=\"font-size: 13px\"u003eIl est important de pr\u00e9ciser lors de cet envoi les nom, pr\u00e9nom et adresse e-mail utilis\u00e9s lors de l'inscription.u003c\/spanu003eu003c\/pu003enu003cpu003eu003cspan style=\"font-size: 13px\"u003eD\u00e8s que vous aurez valid\u00e9 cette \u00e9tape, votre abonnement sera activ\u00e9.u003c\/spanu003eu003cbr \/u003enu003cspan style=\"font-size: 13px\"u003eEnsuite, vous disposez d'une p\u00e9riode de un mois pour nous adresser votre r\u00e8glement. Pass\u00e9 ce d\u00e9lai, votre abonnement sera automatiquement annul\u00e9.u003c\/spanu003eu003c\/pu003en\",\"bottom_message_desktop\":\"\",\"bottom_note\":\"u003cpu003eu003cstrongu003eu003cspan style=\"font-family: 'Roboto Condensed';font-size: 13px;color: #000000\"u003eOur email address, in case you have any concerns or questions: u003ca href=\"mailto:premium@aleteia.org\"u003epremium@aleteia.orgu003c\/au003eu003c\/spanu003eu003c\/strongu003eu003c\/pu003en\",\"bottom_note_desktop\":\"\",\"cta_label\":\"Je valide mon abonnement pour 10\u20ac par an\",\"cta_link\":\"\",\"thankyou\":\"u003cpu003eu003cspan style=\"font-size: 12px;font-family: 'Roboto Condensed';color: #575757\"u003ePaiement par ch\u00e8que : uniquement pour la France m\u00e9tropolitaineu003c\/spanu003eu003c\/pu003enu003cpu003eu003cspan style=\"font-size: 14px\"u003eu003cemu003eMerci de bien vouloir adresser votre ch\u00e8que \u00e0u003cbr \/u003enl'ordre de Aleteia \u00e0 l'adresse suivante :u003c\/emu003eu003c\/spanu003eu003c\/pu003en\",\"thankyou_dektop\":\"\",\"top_note\":\"\",\"top_note_desktop\":\"\",\"comment_disclaimer\":\"u003cpu003eNOTE: Please comment with a spirit of respect and charity. Aleteia reserves the right to not publish, or remove after publication, any comment, as we deem fit.u003c\/pu003en\",\"cta_menu\":\"cta_label\":\"S\u2019abonner\",\"cta_link\":\"\/register\/\",\"cta_menu_donations\":\"cta_label\":\"donate\",\"cta_link\":\"https:\/\/aleteia.org\/support-aleteia\/\",\"excerpt_blocks\":\"2\",\"fb_api_key\":\"AIzaSyCgYXJXTsk7sgOtBUZBvslUMsFIJ5j2WPs\",\"fb_auth_domain\":\"aleteia-subscriptions-prod.firebaseapp.com\",\"fb_project_id\":\"aleteia-subscriptions-prod\",\"features\":[\"text\":\"u003cp style=\"margin: 0\"u003eUnlimited access to all new Premium content from Aleteiau003c\/pu003en\",\"text\":\"u003cp style=\"margin: 0\"u003eLimited advertisingu003c\/pu003en\",\"text\":\"u003cp style=\"margin: 0\"u003eExclusive access to publish commentsu003c\/pu003en\"],\"features_all_saints\":[\"text\":\"u003cp style=\"margin: 0\"u003eUnlimited access to all new Premium content from Aleteiau003c\/pu003en\",\"text\":\"u003cp style=\"margin: 0\"u003eLimited advertisingu003c\/pu003en\",\"text\":\"u003cp style=\"margin: 0\"u003eExclusive access to publish commentsu003c\/pu003en\"],\"features_banner\":[\"text\":\"u003cp style=\"margin: 0\"u003eUnlimited access to all new Premium content from Aleteiau003c\/pu003en\",\"text\":\"u003cp style=\"margin: 0\"u003eLimited advertisingu003c\/pu003en\",\"text\":\"u003cp style=\"margin: 0\"u003eExclusive access to publish commentsu003c\/pu003en\"],\"fronted_enabled\":\"1\",\"nl_daily_list\":\"366c6b27-4e11-4063-9cd6-f47184e0145f\",\"nl_endpoint\":\"https:\/\/reports.aleteia.org\/subscriptions\",\"nl_imedia_list\":\"366c6b27-4e11-4063-9cd6-f47184e0145f\",\"nl_lists\":[\"id\":\"daily\",\"label\":\"Aleteia 24h Daily newsletter\",\"registration_label\":\"Aleteia 24h Daily newsletter\",\"title\":\"Daily en\",\"id\":\"weekly\",\"label\":\"Top 10 Most Read Stories of the Week\",\"registration_label\":\"Top 10 Most Read Stories of the Week\",\"title\":\"Weekly en\"],\"nl_weekly_list\":\"78e785e7-78f9-4f85-9d2f-4990e4b688f3\",\"offer_page\":\"advantages\":\"u003cpu003eu003cspan style=\"font-size: 16px\"u003eEt b\u00e9n\u00e9ficiez de tous ses avantages :u003c\/spanu003eu003c\/pu003en\",\"advantages_desktop\":\"u003cpu003eu003cspan style=\"font-size: 20px\"u003eEt b\u00e9n\u00e9ficiez de tous ses avantages :u003c\/spanu003eu003c\/pu003en\",\"become_member\":\"\",\"become_member_desktop\":\"\",\"prayer_intentions_cta\":\"\",\"prayer_intentions_cta_desktop\":\"\",\"prayer_intentions_image\":\"\",\"prayer_intentions_popup_text\":\"u003cpu003ePray for loved ones who are suffering,u003cbr \/u003enfor a young couple engaged to be married,u003cbr \/u003enfor a child who has lost his\/her faith.u003cbr \/u003enfor a coworker who has cancer,u003cbr \/u003enor for any of life's most important moments.u003c\/pu003enu003cdivu003enu003cpu003eAleteia has partnered with 550 monasteriesu003cbr \/u003ento support your particularu003cbr \/u003enprayer intentions.u003c\/pu003enu003cdivu003eYou can share your prayer intentionsu003cbr \/u003enfrom your account profileu003cbr \/u003enas soon as you become an Aleteia Premium member;u003cbr \/u003enyour prayers will be remembered by monks and nuns during their liturgies.u003c\/divu003enu003c\/divu003en\",\"prayer_intentions_popup_text_desktop\":\"u003cpu003ePray for loved ones who are suffering,u003cbr \/u003enfor a young couple engaged to be married,u003cbr \/u003enfor a child who has lost his\/her faith.u003cbr \/u003enfor a coworker who has cancer,u003cbr \/u003enor for any of life's most important moments.u003c\/pu003enu003cdivu003enu003cpu003eAleteia has partnered with 550 monasteriesu003cbr \/u003ento support your particularu003cbr \/u003enprayer intentions.u003c\/pu003enu003cdivu003eYou can share your prayer intentionsu003cbr \/u003enfrom your account profileu003cbr \/u003enas soon as you become an Aleteia Premium member;u003cbr \/u003enyour prayers will be remembered by monks and nuns during their liturgies.u003c\/divu003enu003c\/divu003en\",\"prayer_intentions_text\":\"\",\"prayer_intentions_text_desktop\":\"\",\"pre_advantages\":\"u003cp style=\"margin: 0\"u003eu003cspan style=\"font-size: 18px;color: #00214d\"u003eAbonnez-vous gratuitement \u00e0u003cbr \/u003enu003c\/spanu003eu003c\/pu003en\",\"pre_advantages2\":\"u003cp style=\"margin: 0\"u003eu003cspan style=\"font-size: 18px;color: #00214d\"u003eAleteia Premiumu003c\/spanu003eu003c\/pu003en\",\"pre_advantages2_desktop\":\"\",\"pre_advantages_desktop\":\"u003cpu003eu003cspan style=\"font-size: 20px;color: #00214d\"u003eAbonnez-vous gratuitement \u00e0 Aleteia Premiumu003c\/spanu003eu003c\/pu003en\",\"premium_offer\":\"u003cpu003eu003cspan style=\"font-size: 18px;color: #000000\"u003eDiscover all of these benefits:u003c\/spanu003eu003c\/pu003enu003cpu003eu003cspan style=\"font-size: 13px;font-family: 'Roboto Condensed';color: #000000\"u003eu003cstrongu003eAucun engagementu003c\/strongu003e : vous pouvez r\u00e9silier \u00e0 tout momentu003cbr \/u003enu003c\/spanu003eu003c\/pu003en\",\"premium_offer_app\":\"u003cpu003eDevenez membre de la communaut\u00e9 Aleteia !u003c\/pu003enu003cpu003eAbonnez-vous gratuitement \u00e0u003c\/pu003enu003cpu003e u003c\/pu003en\",\"premium_offer_desktop\":\"u003cpu003eu003cspan style=\"font-size: 20px;color: #000000\"u003eDiscover all of these benefits:u003c\/spanu003eu003c\/pu003enu003cpu003eu003cspan style=\"font-size: 16px;font-family: 'Roboto Condensed';color: #000000\"u003eu003cstrongu003eAucun engagementu003c\/strongu003e : vous pouvez r\u00e9silier \u00e0 tout momentu003c\/spanu003eu003c\/pu003en\",\"subscribe_for_free\":\"u003cpu003eu003cspan style=\"font-family: georgia, palatino;font-size: 17px;color: #000000;text-align: center\"u003eFree! - Without any commitmentu003cbr \/u003enYou can cancel anytimeu003c\/spanu003eu003c\/pu003en\",\"subscribe_for_free_desktop\":\"u003cpu003eu003cspan style=\"color: #000000;font-family: georgia, palatino;text-align: center\"u003eu003cspan style=\"font-size: 23px\"u003eFree! - Without any commitmentu003cbr \/u003enu003c\/spanu003eu003cspan style=\"font-size: 23px\"u003eYou can cancel anytimeu003c\/spanu003eu003cstrongu003eu003cspan style=\"font-size: 23px\"u003eu003cbr \/u003enu003c\/spanu003eu003c\/strongu003eu003c\/spanu003eu003c\/pu003en\",\"support_aleteia\":\"u003cpu003eu003cspan style=\"font-size: 16px;color: #00214d\"u003eu003cemu003eu003cstrongu003eSupport Aleteia mission u003c\/strongu003eu003c\/emu003eu003c\/spanu003eu003cbr \/u003enu003cspan style=\"font-size: 16px;color: #00214d\"u003eu003cemu003eu003cstrongu003eand its editorial staff of 75 journalists!u003c\/strongu003eu003c\/emu003eu003c\/spanu003eu003c\/pu003en\",\"support_aleteia_desktop\":\"u003cpu003eu003cspan style=\"font-size: 22px;color: #00214d\"u003eu003cemu003eu003cstrongu003eSupport Aleteia missionu003c\/strongu003eu003c\/emu003eu003c\/spanu003eu003cbr \/u003enu003cspan style=\"font-size: 22px;color: #00214d\"u003eu003cemu003eu003cstrongu003eand its editorial staff of 75 journalists!u003c\/strongu003eu003c\/emu003eu003c\/spanu003eu003c\/pu003en\",\"terms_conditions\":\"u003cpu003eu003cspan style=\"font-size: 14px\"u003eu003cstrongu003eu003cspan style=\"font-family: 'Roboto Condensed';color: #000000\"u003eOur email address, in case you have any concerns or questions: u003ca style=\"color: #005cc8\" href=\"mailto:premium@aleteia.org\"u003epremium@aleteia.orgu003c\/au003eu003c\/spanu003eu003c\/strongu003eu003c\/spanu003eu003c\/pu003en\",\"terms_conditions_desktop\":\"\",\"payment_app\":\"bottom_note\":\"u003cpu003eu003cspan style=\"font-family: 'Roboto Condensed';font-size: 12px;color: #575757\"u003eMissing text hereu003c\/spanu003eu003c\/pu003en\",\"bottom_note_desktop\":\"\",\"cta_label\":\"Pay now\",\"cta_label_2\":\"\",\"cta_link\":\"\",\"cta_link_2\":\"\",\"fiscal_deduction\":\"\",\"fiscal_deduction_desktop\":\"\",\"message\":\"u003cpu003eu003cemu003eu003cstrongu003eu003cspan style=\"font-size: 23px\"u003eSi le paiement n\u2019aboutit pas, vous pouvez faire une nouvelle tentative en cliquant ci-dessous :u003c\/spanu003eu003c\/strongu003eu003c\/emu003eu003c\/pu003en\",\"message_desktop\":\"\",\"top_note\":\"u003cpu003eu003cspan style=\"font-weight: 400\"u003eVotre r\u00e9glement est en cours de traitementu003c\/spanu003eu003c\/pu003en\",\"top_note_desktop\":\"\",\"payment_confirmed\":\"bottom_note\":\"u003cpu003eu003cspan style=\"font-family: georgia, palatino;font-size: 14px;color: #000000\"u003e*For tax-free donations, a receipt will be sent to you and you can make the apporiate deductions from your taxes.u003c\/spanu003eu003c\/pu003enu003cpu003eu003cstrongu003eu003cspan style=\"font-family: 'Roboto Condensed';font-size: 13px;color: #000000\"u003eOur email address, in case you have any concerns or questions: u003ca href=\"mailto:premium@aleteia.org\"u003epremium@aleteia.orgu003c\/au003eu003c\/spanu003eu003c\/strongu003eu003c\/pu003en\",\"bottom_note_desktop\":\"\",\"cta_label\":\"I'd like to make a tax-free* donation.\",\"cta_label_2\":\"\",\"cta_link\":\" you would like to take advantage of your process to makeu003cbr \/u003ena tax-free donation to Aleteia, please click here:u003c\/pu003en\",\"fiscal_deduction_desktop\":\"\",\"message\":\"u003cpu003eu003cspan style=\"font-size: 23px\"u003eu003cstrongu003eThank you u003c\/strongu003eu003c\/spanu003eu003cbr \/u003enu003cspan style=\"font-size: 23px\"u003efor your support of Aleteia!u003c\/spanu003eu003c\/pu003enu003cp style=\"line-height: 19px\"u003eu003cemu003eu003cspan style=\"font-size: 14px\"u003eYou can start enjoying your Premium membership right away!u003c\/spanu003eu003c\/emu003eu003c\/pu003enu003cp style=\"line-height: 21px\"u003eu003cspan style=\"font-size: 14px;font-family: 'Roboto Condensed';color: #000000\"u003eInvite your friends and family members to become Aleteia Premium members!u003c\/spanu003eu003cbr \/u003enu003cspan style=\"font-size: 14px;font-family: 'Roboto Condensed';color: #000000\"u003eWith your help the little mustard seed of our online community will be able to grow and bear fruit. u003c\/spanu003eu003c\/pu003en\",\"message_desktop\":\"\",\"top_note\":\"u003cpu003eYour registration has been confirmedu003c\/pu003enu003cpu003eYou are an Aleteia Premium member!u003c\/pu003en\",\"top_note_desktop\":\"u003cpu003eThank youu003c\/pu003en\",\"payment_rejected\":\"bottom_note\":\"u003cpu003eu003cspan style=\"font-weight: 400;font-family: 'Roboto Condensed';font-size: 12px\"u003eSi le probl\u00e8me persiste, n\u2019h\u00e9sitez pas \u00e0 nous contacter \u00e0 l\u2019adresse suivante : premium@aleteia.orgu003c\/spanu003eu003c\/pu003en\",\"bottom_note_desktop\":\"u003cpu003eu003cspan style=\"font-weight: 400;font-family: 'Roboto Condensed';font-size: 12px\"u003eSi le probl\u00e8me persiste, n\u2019h\u00e9sitez pas \u00e0 nous contacter \u00e0 l\u2019adresse suivante : premium@aleteia.orgu003c\/spanu003eu003c\/pu003en\",\"cta_label\":\"Nouvelle tentative de paiement\",\"cta_label_2\":\"\",\"cta_link\":\"\/payment\/\",\"cta_link_2\":\"\",\"fiscal_deduction\":\"\",\"fiscal_deduction_desktop\":\"\",\"message\":\"u003cpu003eu003cspan style=\"font-size: 23px\"u003eu003cstrongu003eVotre paiement n\u2019a pas pu \u00eatre valid\u00e9.u003c\/strongu003eu003c\/spanu003eu003c\/pu003enu003ch1u003eu003cemu003eu003cspan style=\"font-weight: 400;font-size: 14px\"u003eSi vous le souhaitez, vous pouvez faire une nouvelle tentative en cliquant ci-dessous :u003c\/spanu003eu003c\/emu003eu003c\/h1u003en\",\"message_desktop\":\"u003cpu003eu003cspan style=\"font-size: 27px\"u003eu003cstrongu003eVotre paiement n\u2019a pas pu \u00eatre valid\u00e9.u003c\/strongu003eu003c\/spanu003eu003c\/pu003enu003ch1u003eu003cspan style=\"font-size: 16px\"u003eu003cemu003eu003cspan style=\"font-weight: 400\"u003eSi vous le souhaitez, vous pouvez faire une nouvelle tentativeu003cbr \/u003enen cliquant ci-dessous :u003c\/spanu003eu003c\/emu003eu003c\/spanu003eu003c\/h1u003en\",\"top_note\":\"u003cpu003eu003cemu003eu003cstrongu003eu003cspan style=\"color: #00214d\"u003eUne erreur s\u2019est produite.u003c\/spanu003eu003c\/strongu003eu003c\/emu003eu003c\/pu003en\",\"top_note_desktop\":\"u003cpu003eu003cspan style=\"font-size: 20px\"u003eu003cemu003eu003cstrongu003eu003cspan style=\"color: #00214d\"u003eUne erreur s\u2019est produite.u003c\/spanu003eu003c\/strongu003eu003c\/emu003eu003c\/spanu003eu003c\/pu003en\",\"plans\":[\"active\":\"1\",\"plan_duration\":\"monthly\",\"product\":\"FR_M_1_P\",\"product_label\":\"0,99 \u20ac par mois\",\"store\":\"apple\",\"active\":\"1\",\"plan_duration\":\"monthly\",\"product\":\"fr_m_1\",\"product_label\":\"0,99 \u20ac par mois\",\"store\":\"google\",\"active\":\"1\",\"plan_duration\":\"yearly\",\"product\":\"FR_A_10_P\",\"product_label\":\"9,99 \u20ac par an\",\"product_label_app\":\"9,99 \u20ac par an\",\"store\":\"apple\",\"active\":\"1\",\"plan_duration\":\"yearly\",\"product\":\"fr_a_10\",\"product_label\":\"9,99 \u20ac par an\",\"product_label_app\":\"9,99 \u20ac par an\",\"store\":\"google\",\"active\":\"1\",\"plan_duration\":\"monthly\",\"product\":\"FR_M_1_W\",\"product_label\":\"Yes! I'll join Aleteia Premium!\",\"product_label_app\":\"Yes! I'll join Aleteia Premium!\",\"store\":\"web\",\"stripe_id\":\"price_1IgWU6LrboGMNuFqdw2YVfl7\",\"active\":\"1\",\"plan_duration\":\"yearly\",\"product\":\"FR_A_10_W\",\"product_label\":\"10 \u20ac par an par ch\u00e8que ou carte bancaire*\",\"product_label_app\":\"10 \u20ac par an par ch\u00e8que ou carte bancaire*\",\"store\":\"web\",\"stripe_id\":\"price_1IpVQuLrboGMNuFqtA6LtJaO\"],\"single_post\":\"article_reserved\":\"u003cpu003eu003cstrongu003eu003cspan style=\"color: #00214d;font-size: 18px\"u003eThe following is reserved for Aleteia Premium membersu003c\/spanu003eu003c\/strongu003eu003c\/pu003en\",\"article_reserved_desktop\":\"u003cpu003eu003cstrongu003eu003cspan style=\"color: #00214d;font-size: 20px\"u003eThe following is reserved for Aleteia Premium membersu003c\/spanu003eu003c\/strongu003eu003c\/pu003en\",\"cta_label\":\"Yes, register me for Aleteia Premium for free!\",\"cta_link\":\"\/register\",\"subscriptions\":\"cta_after\":\"u003cpu003eThe information collected on this form is recorded by Aleteia to register you as a Premium member.u003c\/pu003enu003cpu003eYou can exercise your right to access and modify your personal data by contacting u003ca href=\"mailto:premium@aleteia.org\" style=\"color: #005cc8\"u003epremium@aleteia.orgu003c\/au003e.u003c\/pu003enu003cpu003eFor more information, please access the u003ca style=\"color: #005cc8\" href=\" for the protection of personal datau003c\/au003e.u003c\/pu003en\",\"cta_after_app\":\"u003cpu003eThe information collected on this form is recorded by Aleteia to register you as a Premium member.u003c\/pu003enu003cpu003eYou can exercise your right to access and modify your personal data by contacting u003ca style=\"color: #005cc8\" href=\"mailto:premium@aleteia.org\"u003epremium@aleteia.orgu003c\/au003e.u003c\/pu003enu003cpu003eFor more information, please access the u003ca href=\" for the protection of personal datau003c\/au003e.u003c\/pu003en\",\"cta_before\":\"u003cpu003eApr\u00e8s avoir accept\u00e9 les u003ca href=\" G\u00e9n\u00e9rales de Venteu003c\/uu003eu003c\/au003e et avoir pay\u00e9 le prix de ma commande, j'accepte express\u00e9ment d'acc\u00e9der \u00e0 la lecture du contenu que j'ai command\u00e9 et je renonce express\u00e9ment \u00e0 mon droit de r\u00e9tractation de 14 jours.u003c\/pu003en\",\"cta_before_app\":\"u003cpu003eVous pouvez acc\u00e9der aux conditions g\u00e9n\u00e9rales de vente en cliquant u003ca href=\"https:\/\/fr-staging.aleteia.org\/wp-content\/uploads\/sites\/6\/2021\/06\/conditions-generales-abonnement-aleteia.pdf\"u003eu003cuu003eICIu003c\/uu003eu003c\/au003eu003c\/pu003en\",\"title_list\":[\"title_name\":\"Father\",\"title_name\":\"Sister\",\"title_name\":\"Brother\",\"title_name\":\"Bishop\",\"title_name\":\"Monsignor\",\"title_name\":\"Deacon\",\"title_name\":\"Dr.\",\"title_name\":\"Prof.\",\"title_name\":\"Hon.\"],\"translations\":\"account_button\":\"My account\",\"addcomment_commentbutton\":\"Add a comment\",\"addcomment_subscriber\":\"Add a comment\",\"addcomment_writecomment\":\"Write a comment\",\"aleteia_premium_next_logo\":\"Aleteia Premium\",\"all_saints_disclaimer_1\":\"Aleteia Premium is u003cbu003e100% freeu003c\/bu003e.\",\"all_saints_submit\":\"Yes! I want to join Aleteia Premium!\",\"all_saints_title_1\":\"Join our Aleteia Premium Community [logo_premium]\",\"all_saints_title_2\":\"to share your prayer intentions\",\"already_subscribed\":\"Already a member?\",\"answer\":\"Reply\",\"article_reserved_subscribers\":null,\"back\":\"back\",\"become_premium_app\":\"Yes! I'll join Aleteia Premium!\",\"close\":\"close\",\"comment\":\"Comment\",\"comment_0\":\"Comments\",\"comments\":\"Comments\",\"comments_disclaimer_text_1\":\"NOTE: Please comment with a spirit of respect and charity. Aleteia reserves the right to not publish, or remove after publication, any comment, as we deem fit.\",\"comments_load_more_button\":\"See more\",\"comments_not_logged_already_member\":\"You are already a member?\",\"comments_not_logged_disclaimer_1\":\"Comment sections are exclusively for Aleteia Premium members\",\"comments_submit_button\":\"Publish the comment\",\"comments_textarea_placeholder\":\"Write a comment\",\"comments_view_more\":null,\"confirmation_top_note_row_1\":\"Your registration has been validated\",\"confirmation_top_note_row_2\":\"Welcome to Aleteia Premium!\",\"delete_my_account\":\"Delete my account\",\"donate_button\":\"Donate\",\"error_email_already_exists\":\"This email already exists\",\"error_email_invalid\":\"Invalid email\",\"error_emails_dont_match\":\"Email doesn't match\",\"error_empty_field\":null,\"error_password_too_short\":\"The password must be at least 8 characters\",\"error_passwords_dont_match\":\"The password doesn't match\",\"error_wrong_email\":\"The email does not match\",\"error_wrong_email_password\":\"wrong password\",\"error_wrong_password\":\"The password does not match\",\"field_optional\":\"Optional\",\"field_required\":\"Required\",\"following_advantges\":\"Discover all of these benefits:\",\"link_change_subscription\":\" in\",\"login_button_alt\":\"Log in\",\"login_form_email\":\"Email address\",\"login_form_password\":\"Password\",\"logout_button\":\"Log out\",\"modify_account_top_sentence\":null,\"modify_account_top_sentence_2_row\":null,\"multianswer\":\"%s Replies\",\"newsletter_checkbox_label\":null,\"next\":\"next\",\"or\":\"or\",\"partner_checkbox_label\":\"Yes, I would like to receive offers from Aleteia's partners\",\"prayer_intention_label\":\"Share my prayer intentions\",\"prayer_intention_label_row_2\":\"with Aleteia's partner monasteries.\",\"prayer_intention_link\":\" offers you\",\"premium_member\":\"Premium Member\",\"premium_subtitle\":\"This article is reserved for Aleteia Premium members\",\"premium_wall_text_1\":\"Already an Aleteia Premium member [logo_premium] ?\",\"premium_wall_text_10\":\"It's *FREE* and there's no commitment\",\"premium_wall_text_2\":\"to share your Prayer intentions\",\"premium_wall_text_3\":\"Not an Aleteia Premium member [logo_premium] ?\",\"premium_wall_text_4\":\"Become an Aleteia Premium member today!\",\"premium_wall_text_5\":\"You can cancel anytime\",\"premium_wall_text_6\":\"By becoming an Aleteia Premium member [logo_premium]\",\"premium_wall_text_7\":\"you join a community that promotes Christian values\",\"premium_wall_text_8\":\"Discover all of these benefits:\",\"premium_wall_text_9\":\"Log in\",\"profile_above_flags_optional\":\"You can change your choices now. Additional changes can be made at any time from your account management page.\",\"profile_add_list_desc\":\"You can choose which Aleteia newsletters you receive from the following list:\",\"profile_delete_list\":\"Remove\",\"profile_flag_not_subscribe_newsletter\":\"I do not wish to receive the daily newsletter\",\"profile_flag_not_subscribe_newsletter_imedia\":\"I do not wish to receive the newsletter \"The Vatican Letter\"\",\"profile_form_address\":\"Street Address\",\"profile_form_city\":\"City\",\"profile_form_confirm_email\":\"Confirm email\",\"profile_form_confirm_password\":\"Confirm Password\",\"profile_form_country\":\"Country\",\"profile_form_email\":\"Email address\",\"profile_form_name\":\"First Name\",\"profile_form_nickname\":\"Nickname (Optional)\",\"profile_form_notice\":null,\"profile_form_password\":\"Password\",\"profile_form_phone\":\"Telephone\",\"profile_form_postcode\":\"Zip code\",\"profile_form_surname\":\"Last Name\",\"profile_form_title_father\":\"Father\",\"profile_form_title_mr\":\"Mr.\",\"profile_form_title_ms\":\"Miss\/Mrs.\",\"profile_form_title_select_custom\":\"Other\",\"profile_form_title_sister\":\"Sister\",\"report\":\"Report\",\"save\":\"Submit\",\"subscribe_button\":\"Register\",\"subscribe_button_2ndrow\":\"(for FREE)\",\"subscribe_button_alt\":\"Become an Aleteia Premium member - for FREE!\",\"subscribe_button_alt_content\":null,\"subscription_breadcrumbs_confirmation\":\"Confirmation\",\"subscription_breadcrumbs_payment\":null,\"subscription_breadcrumbs_registration\":\"Your information\",\"support_christian_media\":\"Support media that promotes Christian values\",\"view_account_edit_confirm_new_email\":\"Confirm your new email\",\"view_account_edit_confirm_new_password\":\"Confirm new password\",\"view_account_edit_current_email\":\"Current e-mail address\",\"view_account_edit_current_password\":\"Current password\",\"view_account_edit_new_email\":\"New e-mail address\",\"view_account_edit_new_password\":\"New password\",\"view_account_edit_newsletter_checkbox_daily\":\"I do not wish to receive the daily newsletter\",\"view_account_edit_newsletter_checkbox_weekly_row_1\":null,\"view_account_edit_newsletter_checkbox_weekly_row_2\":null,\"view_account_edit_save\":\"Submit\",\"view_account_edit_section_email\":\"Your e-mail address\",\"view_account_edit_section_password\":\"Password\",\"view_account_edit_section_profile\":\"Your details\",\"view_account_edit_title\":\"Manage your information\",\"view_account_edit_title_newsletter_daily\":\"I do not wish to receive the daily newsletter\",\"view_account_edit_title_newsletter_weekly_1\":null,\"view_account_edit_title_newsletter_weekly_2\":null,\"view_account_nl_add_btn\":\"Add\",\"view_account_nl_select_list\":\"Select from the list\",\"view_account_nonldata\":\"Please be patient and allow a few moments for your changes to appear.\",\"view_account_not_subscribed\":null,\"view_account_on_trial\":null,\"view_account_restore_purchase\":null,\"view_account_save_prefs\":\"Save my preferences\",\"view_account_section_desc_newsletter\":\"To manage your newsletter subscritions, please contact us:\",\"view_account_section_desc_newsletter_2\":\"Your current subscriptions:\",\"view_account_section_desc_prayer_intentions\":\"\",\"view_account_section_desc_prayer_link\":\"\",\"view_account_section_desc_prayer_link_label\":\"\",\"view_account_section_desc_profile\":\"Access and manage all your account information.\",\"view_account_section_desc_subscription\":\"You are a member\",\"view_account_section_link_newsletter\":\"premium@aleteia.org\",\"view_account_section_link_profile\":\"Manage your data\",\"view_account_section_link_subscription\":\"Manage your membership\",\"view_account_section_title_newsletter\":\"Your newsletters\",\"view_account_section_title_profile\":\"Your information\",\"view_account_section_title_subscription\":\"Aleteia Premium\",\"view_account_subscribed\":\"Aleteia Premium Member\",\"view_account_title\":\"My account\",\"view_confirmation_continue_reading_button\":\"Continue reading\",\"view_login_already_subscribed\":\"Not an Aleteia Premium member? Register here - for FREE!\",\"view_login_forgot_password\":\"Forgot your password?\",\"view_login_remember_session\":\"Stay logged in\",\"view_login_submit_button\":\"Log in\",\"view_login_title\":\"Log in\",\"view_payment_card_cvc\":null,\"view_payment_card_expiration_date\":null,\"view_payment_card_number\":null,\"view_payment_contact_message\":null,\"view_payment_description\":null,\"view_payment_method\":null,\"view_payment_method_card\":null,\"view_payment_method_check\":null,\"view_payment_submit_button_monthly\":null,\"view_payment_submit_button_monthly_2\":\"Yes! I want the benefits of becoming an\",\"view_payment_submit_button_monthly_3\":\"Aleteia Premium member!\",\"view_payment_submit_button_monthly_4\":null,\"view_payment_submit_button_yearly\":null,\"view_payment_submit_button_yearly_2\":null,\"view_register_submit_button\":\"Submit\",\"view_reset_password_confirmation\":\"An email has been sent to your address to reset your password\",\"view_reset_password_submit_button\":\"Reset your password\",\"view_reset_password_title\":\"Reset your password\",\"viewcomment_writecomment\":\"Write a comment\",\"analytics\":\"pageviews\":\"googleTagManagerAnalytics\":true,\"ontheioAnalytics\":true,\"events\":\"googleTagManagerAnalytics\":true,\"googleTagManagerAnalytics\":\"containerId\":\"GTM-5897WKT\",\"router\":\"link\":\"\/2024\/05\/28\/how-the-our-father-can-lead-us-to-gods-will-for-our-lives\/\",\"state\":,\"autoFetch\":true,\"ontheioAnalytics\":\"id\":\"LIIWj5ynD3B0\",\"promotions\":\"right_banners_ap_item_name\":\"donation\",\"right_banners_ap_promotion_name\":\"support_aleteia\",\"ap_item_name\":\"donation\",\"ap_promotion_name\":\"support_aleteia_patron\"}<\/script><script async src=\"https:\/\/platform.twitter.com\/widgets.js\" charset=\"utf-8\"><\/script><script async src=\"\/\/www.instagram.com\/embed.js\"><\/script><\/p>\n<h2> \u00c9lever nos pri\u00e8res pour nos amis au Seigneur de bon matin.<\/h2>\n<p>Cette finale partie de la pri\u00e8re du matin consiste \u00e0 prier pour nos familles amis, notre famille, nos compagnons et nos communaut\u00e9. Nous pouvons prier pour leur, leur bien-\u00eatre, leur s\u00fbret\u00e9, et leur abondance. Nous pouvons \u00e9galement prier pour nos ennemis et pour celles qui nous ont l\u00e9s\u00e9s, et demander \u00e0 Dieu de nous aider \u00e0 leur pardonner et \u00e0 leur exprimer la compassion.<\/p>\n<h3> Prier pour la bien-\u00eatre et la protection de nos amis.<\/h3>\n<p>Seigneur, nous autres te confions nos amis, notre familles et nos connaissances. Veille, cher Dieu, sur eux, avec pr\u00e9serve -les de tout risque et de toute maladie. Donne, Seigneur, la vigueur du corps avec de l\u2019esprit pour eux, ainsi que la paix dans leur c\u0153ur. Que ta guidance forte les \u00e2mes prot\u00e8ge ainsi que les personnes dirige tout au long de cette journ\u00e9e, afin qu\u2019ils jouissent dans la tranquillit\u00e9 et aussi la qui\u00e9tude.<\/p>\n<p>Nous te prions aussi pour notre enfants, Seigneur, qu\u2019ils grandissent dans la foi ainsi que dans l\u2019amour de ton b\u00e9ni nom. Accorde, \u00f4 Dieu, une sagesse ainsi que le courage n\u00e9cessaires en vue de affronter les \u00e9preuves de la vie, et dirige leurs pas le long de le chemin de la v\u00e9rit\u00e9 et de la justice.<\/p>\n<p>Enfin, nous te prions en vue de nos amis ainsi que nos voisins, Seigneur, qu\u2019ils exp\u00e9rimentent la joie de ton amour avec la tranquillit\u00e9 de ton pardon. Offre-leur, \u00d4 Dieu, de c\u0153urs g\u00e9n\u00e9reux en vue de partager avec ceux qui sont dans le besoin, et mains accueillantes afin de accueillir ceux qui sont seuls et abandonn\u00e9s.<\/p>\n<h3> Prier pour les n\u00f4tres ennemis et aussi ceux que nous autres ont offens\u00e9s. <\/h3>\n<p>Seigneur Dieu, J\u00e9sus, nous vous prions pour les n\u00f4tres ennemis et aussi pour ceux-ci qui nous-m\u00eames ont offens\u00e9s. Accorde-leur, \u00f4 Christ, votre mis\u00e9ricorde et ton pardon, et aussi ouvre leur c\u0153ur \u00e0 la lumi\u00e8re des ta v\u00e9rit\u00e9. Aide-nous, \u00d4 Seigneur, \u00e0 leur montrer de la compassion ainsi que \u00e0 leur pardonner comme tu nous as pardonn\u00e9. Que ta paix r\u00e8gne dans nos c\u0153urs et aussi que ton amour guide nos actions, pour que nous puissions vivre en harmonie avec tous ceux qui sont nous autres entourent.<\/p>\n<h3> Comprendre la pri\u00e8re : <\/h3>\n<p>Finalement, la invocation nous souviens notre mission en tant que prog\u00e9niture de Dieu : exister des t\u00e9moin de l\u2019 lumi\u00e8re et de son amour dans une \u00e9poque affect\u00e9e aux obscurit\u00e9s. \u00c0 travers nos paroles et nos actes, nous diffusons l\u2019\u00c9vangile de la tranquillit\u00e9 et de la rapprochement, amenant l\u2019espoir et la cicatrisation \u00e0 un environnement ab\u00eem\u00e9.<\/p>\n<p>Dans la spiritualit\u00e9 chr\u00e9tienne, l\u2019 lever du jour porte une signification distincte, symbolisant l\u2019 renouvellement et l\u2019 renaissance spirituelle. C\u2019est au lever du jour de chaque matin\u00e9e que l\u2019esprit se dirige vers l\u2019\u00c9ternel dans l\u2019oraison, s\u2019effor\u00e7ant \u00e0 devenir \u00e9clair\u00e9e par la lumi\u00e8re divine. L\u2019habitude des pri\u00e8res matinales est profond\u00e9ment enracin\u00e9e dans la tradition chr\u00e9tienne, fournissant un moment privil\u00e9gi\u00e9 pour communier avec l\u2019\u00c9ternel et se pr\u00e9parer mentalement aux d\u00e9fis de la journ\u00e9e qui s\u2019annonce.<\/p>\n<p>Au au sein de ces oraisons matinales se trouve souvent une d\u00e9votion distincte envers Marie, la mam de J\u00e9sus et aussi figure sainte respect\u00e9e par un grand nombre fid\u00e8les. En tant de intercesseur au milieu de les hommes et Dieu, Marie est pri\u00e9e pour interc\u00e9der en notre nom, nous conduisant dans le sentier vers la saintet\u00e9 ainsi que de la gr\u00e2ce divine. Sa apparition maternelle offre r\u00e9confort et s\u00e9curit\u00e9, entourant nos pri\u00e8res matinales d\u2019une tendresse c\u00e9leste.<\/p>\n<p>En par les oraisons du matin, nous sommes convives pour nous unir \u00e0 Marie au sein de une initiative de b\u00e9atification individuelle. Dans m\u00e9ditant au sujet de la vie et les vertus, nous explorons \u00e0 imiter son humilit\u00e9, sa puret\u00e9 et son ob\u00e9issance \u00e0 la volont\u00e9 de Dieu. \u00c0 travers la saintet\u00e9 parfaite, Marie est pour nous un mod\u00e8le pour vie chr\u00e9tienne, on rappelant l\u2019importance de la pri\u00e8re et de la contemplation au sein de notre cheminement spirituel.<\/p>\n<p>Prions ensemble un pri\u00e8re matinale, dans notre foi, en nous tournant vers Marie, la m\u00e8re de notre Seigneur J\u00e9sus-Christ. Dans notre monde tourment\u00e9 par les conflits et la discorde, optons \u00e0 la pri\u00e8re pour trouver de trouver la paix et la r\u00e9conciliation. On peut exprimer un message pour la Vierge Marie <a target=\"_blank\" rel=\"nofollow\" href=\"https:\/\/editionsbussiere.com\/blog\/goto\/https:\/\/www.avemariasound.org\/\" >ici.<\/a> Que nos pri\u00e8res s\u2019\u00e9l\u00e8vent vers le ciel, comme un hommage re\u00e7u avec faveur par Dieu, afin qu\u2019il puisse nous guider nos pas vers le chemin de la justice et de la v\u00e9rit\u00e9. Saint Paul nous exhorte dans ses \u00e9p\u00eetres \u00e0 maintenir une pri\u00e8re incessante, quelle que soit la situation, afin que notre connexion \u00e0 Dieu reste solide et ardente. La pri\u00e8re, quand elle est sinc\u00e8rement offerte, poss\u00e8de le pouvoir de changer nos c\u0153urs et de modifier le destin de l\u2019histoire.<\/p>\n<p>La pri\u00e8re du matin est ainsi un temps privil\u00e9gi\u00e9 afin de nous consacrer vers Dieu avec l\u2019intercession de Marie, en lui offrant nos louanges, nos actions de gr\u00e2ce et nos intentions les plus intimes. Au sein de la qui\u00e9tude de l\u2019aurore, on est invit\u00e9s pour tourner vers la m\u00e8re divine, qui nous guide par douceur sur du chemin du la foi et l\u2019amour divin. En faisant l\u2019union nos voix \u00e0 cette derni\u00e8re de Marie, nous haussant nos pri\u00e8res matinales envers du tr\u00f4ne de la gr\u00e2ce, s\u00fbrs que nos supplications seront entendues ainsi que accueillies par le c\u0153ur mis\u00e9ricordieux de Dieu.<\/p>\n<h2> Pri\u00e8re pour le d\u00e9but de journ\u00e9e avec Dieu et Marie la Vierge<\/h2>\n<p>Seigneur tout-puissant et mis\u00e9ricordieux, en ce matin qui s\u2019annonce sous la clart\u00e9 de ta divine lumi\u00e8re, je viens \u00e0 Toi avec confiance et humilit\u00e9. Que cette journ\u00e9e qui s\u2019ouvre soit consacr\u00e9e \u00e0 ton saint nom, que chaque pulsation de mon \u00eatre |chaque regard de mes yeux|chacune de mes paroles|chacun de mes gestes} te soit offert en offrande. Que chaque souffle qui anime mon corps soit un souffle d\u2019adoration |un souffle vers toi|un souffle de vie en toi}. Priez, priez, suppliez, suppliez, suppliez.<\/p>\n<p>Tel Marie, la sainte m\u00e8re qui a port\u00e9 en son sein l\u2019enfant J\u00e9sus, accompagne-moi dans ce parcours de foi et de d\u00e9votion. Que je puisse, par le biais de les pages de l\u2019\u00c9vangile, d\u00e9couvrir la clart\u00e9 pour \u00e9clairer mes pas et consolider ma foi. Tel Pierre, accorde-moi la puissance et l\u2019audace d\u2019affronter les temp\u00eates de la vie avec une confiance in\u00e9branlable en ta providence.<\/p>\n<p>Au cours de ce moment de Car\u00eame, o\u00f9 les chr\u00e9tiens et les chr\u00e9tiennes se pr\u00e9parent \u00e0 c\u00e9l\u00e9brer la r\u00e9surrection de notre Seigneur bien-aim\u00e9, accorde-moi, Seigneur, la gr\u00e2ce du r\u00e9veil spirituel. Que mon \u00e2me soit purifi\u00e9 de toute impuret\u00e9, afin qu\u2019il devienne un temple digne de ta pr\u00e9sence. Que mes suppliques, suivant l\u2019exemple de Fran\u00e7ois d\u2019Assise, r\u00e9sonne comme une m\u00e9lodie de louanges \u00e0 travers les si\u00e8cles.<br \/>\nSeigneur, que mon quotidien soit impr\u00e9gn\u00e9 de ton amour, que chacun des instants soit une occasion de te voir et de te servir dans mes prochains. Que ma vie soit un t\u00e9moignage vivant de ta tendresse infinie pour l\u2019humanit\u00e9. Puissent les mots de la pri\u00e8re de Hozana monter vers toi comme un doux parfum, enveloppant chaque instant de ma journ\u00e9e dans une atmosph\u00e8re de s\u00e9r\u00e9nit\u00e9. Priez, \u00c9glise, Fran\u00e7ois, Hozana.<\/p>\n<p>Que mon c\u0153ur, Seigneur, devienne une r\u00e9plique du tien, rempli d\u2019amour, de compassion et de mis\u00e9ricorde envers mes semblables. Que toutes mes pens\u00e9es et mes actions soient conduites par le Saint-Esprit, afin que je puisse contribuer \u00e0 l\u2019av\u00e8nement de ton r\u00e8gne de justice sur la terre.<\/p>\n<p>Que cette journ\u00e9e constitue une nouvelle \u00e9tape dans mon cheminement spirituel, un moment de grandir dans la foi. Seigneur, prends possession de mon c\u0153ur, transforme-le en ton sanctuaire, o\u00f9 ta pr\u00e9sence se manifeste \u00e0 chaque instant. Que chaque battement de mon c\u0153ur soit un chant \u00e0 ta louange, Seigneur, pour l\u2019\u00e9ternit\u00e9. Amen.<\/p>\n<p>Au sein de le r\u00e9veil religieux de tout \u00e2me chr\u00e9tienne, la supplication est essentielle. C\u2019est le lien intime entre le fid\u00e8le de Dieu et sa m\u00e8re c\u00e9leste, la Vierge Marie, la sainte prie en faveur de nous aupr\u00e8s de son divin Fils. Par le biais de l\u2019acte de pri\u00e8re, les croyants nous introduisons dans la lumi\u00e8re de la parole de Dieu, guid\u00e9s sous le Saint-Esprit, pour d\u00e9celer la r\u00e9alit\u00e9 et la b\u00e9n\u00e9diction que J\u00e9sus nous dispense.<\/p>\n<h2>R\u00e9flexion de la Parole du Seigneur : <\/h2>\n<p>Il nous est possible de pouvons m\u00e9diter en ce qui concerne un passage religieux qui nous enseigne de l\u2019affection de Dieu. \u00c0 titre d\u2019exemple :<\/p>\n<h3>1 Corinthiens 13, 1-8 : <\/h3>\n<p>\u00ab\u00a0Quand je parlerais les langues des hommes et des anges, si je n\u2019ai pas l\u2019amour, je suis un airain qui r\u00e9sonne ou une cymbale qui retentit. Et quand j\u2019aurais le don de proph\u00e9tie, la science de tous les myst\u00e8res et toute la connaissance, quand j\u2019aurais m\u00eame toute la foi jusqu\u2019\u00e0 transporter des montagnes, si je n\u2019ai pas l\u2019amour, je ne suis rien. .\u00a0\u00bb<\/p>\n<p>Ce th\u00e8me vous a int\u00e9ress\u00e9 vous aimerez beaucoup ces parutions:<\/p>\n<p>Sur un tableau de Rapha\u00ebl repr\u00e9sentant l\u2019Enfant J\u00e9sus, la Vierge, sainte \u00c9lisabeth et saint Jean.,<a target=\"_blank\" rel=\"nofollow\" href=\"https:\/\/editionsbussiere.com\/blog\/goto\/https:\/\/fr.wikisource.org\/wiki\/Sur_un_tableau_de_Rapha%C3%ABl_repr%C3%A9sentant_l%E2%80%99Enfant_J%C3%A9sus,_la_Vierge,_sainte_%C3%89lisabeth_et_saint_Jean\"  target=\"_blank\" rel=\"noopener noreferrer nofollow\">Cliquer ICI.<\/a><span><\/span><\/p>\n<p>Luther condamn\u00e9 par Photius.,<a target=\"_blank\" rel=\"nofollow\" href=\"https:\/\/editionsbussiere.com\/blog\/goto\/https:\/\/fr.wikisource.org\/wiki\/Luther_condamn%C3%A9_par_Photius\"  target=\"_blank\" rel=\"noopener noreferrer nofollow\">Article complet.<\/a><span><\/span><\/p>\n<p>Les Foules de Lourdes\/Chapitre XIV.,<a target=\"_blank\" rel=\"nofollow\" href=\"https:\/\/editionsbussiere.com\/blog\/goto\/https:\/\/fr.wikisource.org\/wiki\/Les_Foules_de_Lourdes\/Chapitre_XIV\"  target=\"_blank\" rel=\"noopener noreferrer nofollow\">Article complet.<\/a><span><\/span>. Suite sur le prochain article.<\/p>\n<p>Le Moine et le Philosophe\/Tome 4\/II\/XII.,<a target=\"_blank\" rel=\"nofollow\" href=\"https:\/\/editionsbussiere.com\/blog\/goto\/https:\/\/fr.wikisource.org\/wiki\/Le_Moine_et_le_Philosophe\/Tome_4\/II\/XII\"  target=\"_blank\" rel=\"noopener noreferrer nofollow\">L\u2019article de presse.<\/a><span><\/span><\/p>\n<p>L\u2019Encyclop\u00e9die\/1re \u00e9dition\/AVE MARIA.,<a target=\"_blank\" rel=\"nofollow\" href=\"https:\/\/editionsbussiere.com\/blog\/goto\/https:\/\/fr.wikisource.org\/wiki\/L%E2%80%99Encyclop%C3%A9die\/1re_%C3%A9dition\/AVE_MARIA\"  target=\"_blank\" rel=\"noopener noreferrer nofollow\">Article complet.<\/a><span><\/span><\/p>\n<p>Contes de l\u2019Ille-et-Vilaine\/Sainte Onenna.,<a target=\"_blank\" rel=\"nofollow\" href=\"https:\/\/editionsbussiere.com\/blog\/goto\/https:\/\/fr.wikisource.org\/wiki\/Contes_de_l%E2%80%99Ille-et-Vilaine\/Sainte_Onenna\"  target=\"_blank\" rel=\"noopener noreferrer nofollow\">L\u2019article ICI.<\/a><span><\/span>. Suite sur le prochain article.<\/p>\n<\/div>\n<p><img decoding=\"async\" class=\"wpe_imgrss\" src=\"https:\/\/editionsbussiere.com\/blog\/wp-content\/uploads\/2024\/05\/Comment-la-priere-doit-animer-chaque-instant-de-notre-journee.jpg\">Cet article a \u00e9t\u00e9 reconstitu\u00e9 du mieux possible. Dans l\u2019hypoth\u00e8se o\u00f9 vous souhaitez apporter quelques modifications concernant le th\u00e8me \u00ab\u00a0Editions \u00e9sot\u00e9rique fond\u00e9e en 1927\u00a0\u00bb, il est possible de discuter avec notre r\u00e9daction. Vous pouvez tirer profit de cet article traitant le sujet \u00ab\u00a0Editions \u00e9sot\u00e9rique fond\u00e9e en 1927\u00a0\u00bb. Il est concoct\u00e9 par l\u2019\u00e9quipe editionsbussiere.com. Le site editionsbussiere.com est fait pour cr\u00e9er divers posts autour du th\u00e8me Editions \u00e9sot\u00e9rique fond\u00e9e en 1927 d\u00e9velopp\u00e9es sur internet. Consultez notre site internet editionsbussiere.com et nos r\u00e9seaux sociaux pour \u00eatre au courant des futures annonces.<\/p>\n","protected":false},"excerpt":{"rendered":"<p>Lorsque nous prions le Notre P\u00e8re lentement et d\u00e9lib\u00e9r\u00e9ment, nous pouvons ouvrir notre c\u0153ur \u00e0 la volont\u00e9 de Dieu, en priant pour que \u00ab que ta volont\u00e9 soit faite \u00bb. Il peut \u00eatre tentant pour nous de prier le Notre P\u00e8re rapidement et sans aucun sens. On nous a probablement appris cette pri\u00e8re d\u00e8s notre [&hellip;]<\/p>\n","protected":false},"author":3,"featured_media":673,"comment_status":"closed","ping_status":"closed","sticky":false,"template":"","format":"standard","meta":{"footnotes":""},"categories":[3],"tags":[],"class_list":["post-672","post","type-post","status-publish","format-standard","has-post-thumbnail","hentry","category-editions-esoterique-fondee-en-1927-depeches","entry","fw-tab-6 fw-tabr-4","has-featured-image"],"yoast_head":"<!-- This site is optimized with the Yoast SEO plugin v27.5 - https:\/\/yoast.com\/product\/yoast-seo-wordpress\/ -->\n<title>Comment le Notre P\u00e8re peut nous conduire \u00e0 la volont\u00e9 de Dieu pour notre vie et invocation matinale. - EDITIONSBUSSIERE<\/title>\n<meta name=\"robots\" content=\"index, follow, max-snippet:-1, max-image-preview:large, max-video-preview:-1\" \/>\n<link rel=\"canonical\" href=\"https:\/\/editionsbussiere.com\/blog\/comment-le-notre-pere-peut-nous-conduire-a-la-volonte-de-dieu-pour-notre-vie-et-invocation-matinale\/\" \/>\n<meta property=\"og:locale\" content=\"fr_FR\" \/>\n<meta property=\"og:type\" content=\"article\" \/>\n<meta property=\"og:title\" content=\"Comment le Notre P\u00e8re peut nous conduire \u00e0 la volont\u00e9 de Dieu pour notre vie et invocation matinale. - EDITIONSBUSSIERE\" \/>\n<meta property=\"og:description\" content=\"Lorsque nous prions le Notre P\u00e8re lentement et d\u00e9lib\u00e9r\u00e9ment, nous pouvons ouvrir notre c\u0153ur \u00e0 la volont\u00e9 de Dieu, en priant pour que \u00ab que ta volont\u00e9 soit faite \u00bb. Il peut \u00eatre tentant pour nous de prier le Notre P\u00e8re rapidement et sans aucun sens. On nous a probablement appris cette pri\u00e8re d\u00e8s notre [&hellip;]\" \/>\n<meta property=\"og:url\" content=\"https:\/\/editionsbussiere.com\/blog\/comment-le-notre-pere-peut-nous-conduire-a-la-volonte-de-dieu-pour-notre-vie-et-invocation-matinale\/\" \/>\n<meta property=\"og:site_name\" content=\"EDITIONSBUSSIERE\" \/>\n<meta property=\"article:published_time\" content=\"2024-05-28T16:03:46+00:00\" \/>\n<meta property=\"og:image\" content=\"https:\/\/editionsbussiere.com\/blog\/wp-content\/uploads\/2024\/05\/Comment-la-priere-doit-animer-chaque-instant-de-notre-journee.jpg\" \/>\n<meta name=\"author\" content=\"Marie BATICLE\" \/>\n<meta name=\"twitter:card\" content=\"summary_large_image\" \/>\n<meta name=\"twitter:label1\" content=\"\u00c9crit par\" \/>\n\t<meta name=\"twitter:data1\" content=\"Marie BATICLE\" \/>\n\t<meta name=\"twitter:label2\" content=\"Dur\u00e9e de lecture estim\u00e9e\" \/>\n\t<meta name=\"twitter:data2\" content=\"12 minutes\" \/>\n<script type=\"application\/ld+json\" class=\"yoast-schema-graph\">{\"@context\":\"https:\\\/\\\/schema.org\",\"@graph\":[{\"@type\":\"Article\",\"@id\":\"https:\\\/\\\/editionsbussiere.com\\\/blog\\\/comment-le-notre-pere-peut-nous-conduire-a-la-volonte-de-dieu-pour-notre-vie-et-invocation-matinale\\\/#article\",\"isPartOf\":{\"@id\":\"https:\\\/\\\/editionsbussiere.com\\\/blog\\\/comment-le-notre-pere-peut-nous-conduire-a-la-volonte-de-dieu-pour-notre-vie-et-invocation-matinale\\\/\"},\"author\":{\"name\":\"Marie BATICLE\",\"@id\":\"https:\\\/\\\/editionsbussiere.com\\\/blog\\\/#\\\/schema\\\/person\\\/ec90e102792148c97e46ab871010dd8f\"},\"headline\":\"Comment le Notre P\u00e8re peut nous conduire \u00e0 la volont\u00e9 de Dieu pour notre vie et invocation matinale.\",\"datePublished\":\"2024-05-28T16:03:46+00:00\",\"mainEntityOfPage\":{\"@id\":\"https:\\\/\\\/editionsbussiere.com\\\/blog\\\/comment-le-notre-pere-peut-nous-conduire-a-la-volonte-de-dieu-pour-notre-vie-et-invocation-matinale\\\/\"},\"wordCount\":2368,\"publisher\":{\"@id\":\"https:\\\/\\\/editionsbussiere.com\\\/blog\\\/#organization\"},\"image\":{\"@id\":\"https:\\\/\\\/editionsbussiere.com\\\/blog\\\/comment-le-notre-pere-peut-nous-conduire-a-la-volonte-de-dieu-pour-notre-vie-et-invocation-matinale\\\/#primaryimage\"},\"thumbnailUrl\":\"https:\\\/\\\/editionsbussiere.com\\\/blog\\\/wp-content\\\/uploads\\\/2024\\\/05\\\/Comment-la-priere-doit-animer-chaque-instant-de-notre-journee.jpg\",\"articleSection\":[\"Editions \u00c9sot\u00e9rique Fond\u00e9e En 1927; D\u00e9p\u00e8ches:\"],\"inLanguage\":\"fr-FR\"},{\"@type\":\"WebPage\",\"@id\":\"https:\\\/\\\/editionsbussiere.com\\\/blog\\\/comment-le-notre-pere-peut-nous-conduire-a-la-volonte-de-dieu-pour-notre-vie-et-invocation-matinale\\\/\",\"url\":\"https:\\\/\\\/editionsbussiere.com\\\/blog\\\/comment-le-notre-pere-peut-nous-conduire-a-la-volonte-de-dieu-pour-notre-vie-et-invocation-matinale\\\/\",\"name\":\"Comment le Notre P\u00e8re peut nous conduire \u00e0 la volont\u00e9 de Dieu pour notre vie et invocation matinale. - EDITIONSBUSSIERE\",\"isPartOf\":{\"@id\":\"https:\\\/\\\/editionsbussiere.com\\\/blog\\\/#website\"},\"primaryImageOfPage\":{\"@id\":\"https:\\\/\\\/editionsbussiere.com\\\/blog\\\/comment-le-notre-pere-peut-nous-conduire-a-la-volonte-de-dieu-pour-notre-vie-et-invocation-matinale\\\/#primaryimage\"},\"image\":{\"@id\":\"https:\\\/\\\/editionsbussiere.com\\\/blog\\\/comment-le-notre-pere-peut-nous-conduire-a-la-volonte-de-dieu-pour-notre-vie-et-invocation-matinale\\\/#primaryimage\"},\"thumbnailUrl\":\"https:\\\/\\\/editionsbussiere.com\\\/blog\\\/wp-content\\\/uploads\\\/2024\\\/05\\\/Comment-la-priere-doit-animer-chaque-instant-de-notre-journee.jpg\",\"datePublished\":\"2024-05-28T16:03:46+00:00\",\"breadcrumb\":{\"@id\":\"https:\\\/\\\/editionsbussiere.com\\\/blog\\\/comment-le-notre-pere-peut-nous-conduire-a-la-volonte-de-dieu-pour-notre-vie-et-invocation-matinale\\\/#breadcrumb\"},\"inLanguage\":\"fr-FR\",\"potentialAction\":[{\"@type\":\"ReadAction\",\"target\":[\"https:\\\/\\\/editionsbussiere.com\\\/blog\\\/comment-le-notre-pere-peut-nous-conduire-a-la-volonte-de-dieu-pour-notre-vie-et-invocation-matinale\\\/\"]}]},{\"@type\":\"ImageObject\",\"inLanguage\":\"fr-FR\",\"@id\":\"https:\\\/\\\/editionsbussiere.com\\\/blog\\\/comment-le-notre-pere-peut-nous-conduire-a-la-volonte-de-dieu-pour-notre-vie-et-invocation-matinale\\\/#primaryimage\",\"url\":\"https:\\\/\\\/editionsbussiere.com\\\/blog\\\/wp-content\\\/uploads\\\/2024\\\/05\\\/Comment-la-priere-doit-animer-chaque-instant-de-notre-journee.jpg\",\"contentUrl\":\"https:\\\/\\\/editionsbussiere.com\\\/blog\\\/wp-content\\\/uploads\\\/2024\\\/05\\\/Comment-la-priere-doit-animer-chaque-instant-de-notre-journee.jpg\",\"width\":620,\"height\":310,\"caption\":\"Comment la priere doit animer chaque instant de notre journee\"},{\"@type\":\"BreadcrumbList\",\"@id\":\"https:\\\/\\\/editionsbussiere.com\\\/blog\\\/comment-le-notre-pere-peut-nous-conduire-a-la-volonte-de-dieu-pour-notre-vie-et-invocation-matinale\\\/#breadcrumb\",\"itemListElement\":[{\"@type\":\"ListItem\",\"position\":1,\"name\":\"Accueil\",\"item\":\"https:\\\/\\\/editionsbussiere.com\\\/blog\\\/\"},{\"@type\":\"ListItem\",\"position\":2,\"name\":\"Comment le Notre P\u00e8re peut nous conduire \u00e0 la volont\u00e9 de Dieu pour notre vie et invocation matinale.\"}]},{\"@type\":\"WebSite\",\"@id\":\"https:\\\/\\\/editionsbussiere.com\\\/blog\\\/#website\",\"url\":\"https:\\\/\\\/editionsbussiere.com\\\/blog\\\/\",\"name\":\"EDITIONSBUSSIERE\",\"description\":\"Editions \u00e9sot\u00e9rique fond\u00e9e en 1927; site historique, A SAVOIR ET RETENIR.\",\"publisher\":{\"@id\":\"https:\\\/\\\/editionsbussiere.com\\\/blog\\\/#organization\"},\"potentialAction\":[{\"@type\":\"SearchAction\",\"target\":{\"@type\":\"EntryPoint\",\"urlTemplate\":\"https:\\\/\\\/editionsbussiere.com\\\/blog\\\/?s={search_term_string}\"},\"query-input\":{\"@type\":\"PropertyValueSpecification\",\"valueRequired\":true,\"valueName\":\"search_term_string\"}}],\"inLanguage\":\"fr-FR\"},{\"@type\":\"Organization\",\"@id\":\"https:\\\/\\\/editionsbussiere.com\\\/blog\\\/#organization\",\"name\":\"editionsbussiere\",\"url\":\"https:\\\/\\\/editionsbussiere.com\\\/blog\\\/\",\"logo\":{\"@type\":\"ImageObject\",\"inLanguage\":\"fr-FR\",\"@id\":\"https:\\\/\\\/editionsbussiere.com\\\/blog\\\/#\\\/schema\\\/logo\\\/image\\\/\",\"url\":\"https:\\\/\\\/editionsbussiere.com\\\/blog\\\/wp-content\\\/uploads\\\/2023\\\/09\\\/cropped-buss.gif\",\"contentUrl\":\"https:\\\/\\\/editionsbussiere.com\\\/blog\\\/wp-content\\\/uploads\\\/2023\\\/09\\\/cropped-buss.gif\",\"width\":298,\"height\":120,\"caption\":\"editionsbussiere\"},\"image\":{\"@id\":\"https:\\\/\\\/editionsbussiere.com\\\/blog\\\/#\\\/schema\\\/logo\\\/image\\\/\"}},{\"@type\":\"Person\",\"@id\":\"https:\\\/\\\/editionsbussiere.com\\\/blog\\\/#\\\/schema\\\/person\\\/ec90e102792148c97e46ab871010dd8f\",\"name\":\"Marie BATICLE\",\"image\":{\"@type\":\"ImageObject\",\"inLanguage\":\"fr-FR\",\"@id\":\"https:\\\/\\\/secure.gravatar.com\\\/avatar\\\/c923e52403b1b8137e2d929127211d21967e6aecaa053bd43b09da29f212e76e?s=96&d=mm&r=g\",\"url\":\"https:\\\/\\\/secure.gravatar.com\\\/avatar\\\/c923e52403b1b8137e2d929127211d21967e6aecaa053bd43b09da29f212e76e?s=96&d=mm&r=g\",\"contentUrl\":\"https:\\\/\\\/secure.gravatar.com\\\/avatar\\\/c923e52403b1b8137e2d929127211d21967e6aecaa053bd43b09da29f212e76e?s=96&d=mm&r=g\",\"caption\":\"Marie BATICLE\"},\"url\":\"https:\\\/\\\/editionsbussiere.com\\\/blog\\\/author\\\/eremarie\\\/\"}]}<\/script>\n<!-- \/ Yoast SEO plugin. -->","yoast_head_json":{"title":"Comment le Notre P\u00e8re peut nous conduire \u00e0 la volont\u00e9 de Dieu pour notre vie et invocation matinale. - EDITIONSBUSSIERE","robots":{"index":"index","follow":"follow","max-snippet":"max-snippet:-1","max-image-preview":"max-image-preview:large","max-video-preview":"max-video-preview:-1"},"canonical":"https:\/\/editionsbussiere.com\/blog\/comment-le-notre-pere-peut-nous-conduire-a-la-volonte-de-dieu-pour-notre-vie-et-invocation-matinale\/","og_locale":"fr_FR","og_type":"article","og_title":"Comment le Notre P\u00e8re peut nous conduire \u00e0 la volont\u00e9 de Dieu pour notre vie et invocation matinale. - EDITIONSBUSSIERE","og_description":"Lorsque nous prions le Notre P\u00e8re lentement et d\u00e9lib\u00e9r\u00e9ment, nous pouvons ouvrir notre c\u0153ur \u00e0 la volont\u00e9 de Dieu, en priant pour que \u00ab que ta volont\u00e9 soit faite \u00bb. Il peut \u00eatre tentant pour nous de prier le Notre P\u00e8re rapidement et sans aucun sens. On nous a probablement appris cette pri\u00e8re d\u00e8s notre [&hellip;]","og_url":"https:\/\/editionsbussiere.com\/blog\/comment-le-notre-pere-peut-nous-conduire-a-la-volonte-de-dieu-pour-notre-vie-et-invocation-matinale\/","og_site_name":"EDITIONSBUSSIERE","article_published_time":"2024-05-28T16:03:46+00:00","og_image":[{"url":"https:\/\/editionsbussiere.com\/blog\/wp-content\/uploads\/2024\/05\/Comment-la-priere-doit-animer-chaque-instant-de-notre-journee.jpg","type":"","width":"","height":""}],"author":"Marie BATICLE","twitter_card":"summary_large_image","twitter_misc":{"\u00c9crit par":"Marie BATICLE","Dur\u00e9e de lecture estim\u00e9e":"12 minutes"},"schema":{"@context":"https:\/\/schema.org","@graph":[{"@type":"Article","@id":"https:\/\/editionsbussiere.com\/blog\/comment-le-notre-pere-peut-nous-conduire-a-la-volonte-de-dieu-pour-notre-vie-et-invocation-matinale\/#article","isPartOf":{"@id":"https:\/\/editionsbussiere.com\/blog\/comment-le-notre-pere-peut-nous-conduire-a-la-volonte-de-dieu-pour-notre-vie-et-invocation-matinale\/"},"author":{"name":"Marie BATICLE","@id":"https:\/\/editionsbussiere.com\/blog\/#\/schema\/person\/ec90e102792148c97e46ab871010dd8f"},"headline":"Comment le Notre P\u00e8re peut nous conduire \u00e0 la volont\u00e9 de Dieu pour notre vie et invocation matinale.","datePublished":"2024-05-28T16:03:46+00:00","mainEntityOfPage":{"@id":"https:\/\/editionsbussiere.com\/blog\/comment-le-notre-pere-peut-nous-conduire-a-la-volonte-de-dieu-pour-notre-vie-et-invocation-matinale\/"},"wordCount":2368,"publisher":{"@id":"https:\/\/editionsbussiere.com\/blog\/#organization"},"image":{"@id":"https:\/\/editionsbussiere.com\/blog\/comment-le-notre-pere-peut-nous-conduire-a-la-volonte-de-dieu-pour-notre-vie-et-invocation-matinale\/#primaryimage"},"thumbnailUrl":"https:\/\/editionsbussiere.com\/blog\/wp-content\/uploads\/2024\/05\/Comment-la-priere-doit-animer-chaque-instant-de-notre-journee.jpg","articleSection":["Editions \u00c9sot\u00e9rique Fond\u00e9e En 1927; D\u00e9p\u00e8ches:"],"inLanguage":"fr-FR"},{"@type":"WebPage","@id":"https:\/\/editionsbussiere.com\/blog\/comment-le-notre-pere-peut-nous-conduire-a-la-volonte-de-dieu-pour-notre-vie-et-invocation-matinale\/","url":"https:\/\/editionsbussiere.com\/blog\/comment-le-notre-pere-peut-nous-conduire-a-la-volonte-de-dieu-pour-notre-vie-et-invocation-matinale\/","name":"Comment le Notre P\u00e8re peut nous conduire \u00e0 la volont\u00e9 de Dieu pour notre vie et invocation matinale. - EDITIONSBUSSIERE","isPartOf":{"@id":"https:\/\/editionsbussiere.com\/blog\/#website"},"primaryImageOfPage":{"@id":"https:\/\/editionsbussiere.com\/blog\/comment-le-notre-pere-peut-nous-conduire-a-la-volonte-de-dieu-pour-notre-vie-et-invocation-matinale\/#primaryimage"},"image":{"@id":"https:\/\/editionsbussiere.com\/blog\/comment-le-notre-pere-peut-nous-conduire-a-la-volonte-de-dieu-pour-notre-vie-et-invocation-matinale\/#primaryimage"},"thumbnailUrl":"https:\/\/editionsbussiere.com\/blog\/wp-content\/uploads\/2024\/05\/Comment-la-priere-doit-animer-chaque-instant-de-notre-journee.jpg","datePublished":"2024-05-28T16:03:46+00:00","breadcrumb":{"@id":"https:\/\/editionsbussiere.com\/blog\/comment-le-notre-pere-peut-nous-conduire-a-la-volonte-de-dieu-pour-notre-vie-et-invocation-matinale\/#breadcrumb"},"inLanguage":"fr-FR","potentialAction":[{"@type":"ReadAction","target":["https:\/\/editionsbussiere.com\/blog\/comment-le-notre-pere-peut-nous-conduire-a-la-volonte-de-dieu-pour-notre-vie-et-invocation-matinale\/"]}]},{"@type":"ImageObject","inLanguage":"fr-FR","@id":"https:\/\/editionsbussiere.com\/blog\/comment-le-notre-pere-peut-nous-conduire-a-la-volonte-de-dieu-pour-notre-vie-et-invocation-matinale\/#primaryimage","url":"https:\/\/editionsbussiere.com\/blog\/wp-content\/uploads\/2024\/05\/Comment-la-priere-doit-animer-chaque-instant-de-notre-journee.jpg","contentUrl":"https:\/\/editionsbussiere.com\/blog\/wp-content\/uploads\/2024\/05\/Comment-la-priere-doit-animer-chaque-instant-de-notre-journee.jpg","width":620,"height":310,"caption":"Comment la priere doit animer chaque instant de notre journee"},{"@type":"BreadcrumbList","@id":"https:\/\/editionsbussiere.com\/blog\/comment-le-notre-pere-peut-nous-conduire-a-la-volonte-de-dieu-pour-notre-vie-et-invocation-matinale\/#breadcrumb","itemListElement":[{"@type":"ListItem","position":1,"name":"Accueil","item":"https:\/\/editionsbussiere.com\/blog\/"},{"@type":"ListItem","position":2,"name":"Comment le Notre P\u00e8re peut nous conduire \u00e0 la volont\u00e9 de Dieu pour notre vie et invocation matinale."}]},{"@type":"WebSite","@id":"https:\/\/editionsbussiere.com\/blog\/#website","url":"https:\/\/editionsbussiere.com\/blog\/","name":"EDITIONSBUSSIERE","description":"Editions \u00e9sot\u00e9rique fond\u00e9e en 1927; site historique, A SAVOIR ET RETENIR.","publisher":{"@id":"https:\/\/editionsbussiere.com\/blog\/#organization"},"potentialAction":[{"@type":"SearchAction","target":{"@type":"EntryPoint","urlTemplate":"https:\/\/editionsbussiere.com\/blog\/?s={search_term_string}"},"query-input":{"@type":"PropertyValueSpecification","valueRequired":true,"valueName":"search_term_string"}}],"inLanguage":"fr-FR"},{"@type":"Organization","@id":"https:\/\/editionsbussiere.com\/blog\/#organization","name":"editionsbussiere","url":"https:\/\/editionsbussiere.com\/blog\/","logo":{"@type":"ImageObject","inLanguage":"fr-FR","@id":"https:\/\/editionsbussiere.com\/blog\/#\/schema\/logo\/image\/","url":"https:\/\/editionsbussiere.com\/blog\/wp-content\/uploads\/2023\/09\/cropped-buss.gif","contentUrl":"https:\/\/editionsbussiere.com\/blog\/wp-content\/uploads\/2023\/09\/cropped-buss.gif","width":298,"height":120,"caption":"editionsbussiere"},"image":{"@id":"https:\/\/editionsbussiere.com\/blog\/#\/schema\/logo\/image\/"}},{"@type":"Person","@id":"https:\/\/editionsbussiere.com\/blog\/#\/schema\/person\/ec90e102792148c97e46ab871010dd8f","name":"Marie BATICLE","image":{"@type":"ImageObject","inLanguage":"fr-FR","@id":"https:\/\/secure.gravatar.com\/avatar\/c923e52403b1b8137e2d929127211d21967e6aecaa053bd43b09da29f212e76e?s=96&d=mm&r=g","url":"https:\/\/secure.gravatar.com\/avatar\/c923e52403b1b8137e2d929127211d21967e6aecaa053bd43b09da29f212e76e?s=96&d=mm&r=g","contentUrl":"https:\/\/secure.gravatar.com\/avatar\/c923e52403b1b8137e2d929127211d21967e6aecaa053bd43b09da29f212e76e?s=96&d=mm&r=g","caption":"Marie BATICLE"},"url":"https:\/\/editionsbussiere.com\/blog\/author\/eremarie\/"}]}},"_links":{"self":[{"href":"https:\/\/editionsbussiere.com\/blog\/wp-json\/wp\/v2\/posts\/672","targetHints":{"allow":["GET"]}}],"collection":[{"href":"https:\/\/editionsbussiere.com\/blog\/wp-json\/wp\/v2\/posts"}],"about":[{"href":"https:\/\/editionsbussiere.com\/blog\/wp-json\/wp\/v2\/types\/post"}],"author":[{"embeddable":true,"href":"https:\/\/editionsbussiere.com\/blog\/wp-json\/wp\/v2\/users\/3"}],"replies":[{"embeddable":true,"href":"https:\/\/editionsbussiere.com\/blog\/wp-json\/wp\/v2\/comments?post=672"}],"version-history":[{"count":0,"href":"https:\/\/editionsbussiere.com\/blog\/wp-json\/wp\/v2\/posts\/672\/revisions"}],"wp:featuredmedia":[{"embeddable":true,"href":"https:\/\/editionsbussiere.com\/blog\/wp-json\/wp\/v2\/media\/673"}],"wp:attachment":[{"href":"https:\/\/editionsbussiere.com\/blog\/wp-json\/wp\/v2\/media?parent=672"}],"wp:term":[{"taxonomy":"category","embeddable":true,"href":"https:\/\/editionsbussiere.com\/blog\/wp-json\/wp\/v2\/categories?post=672"},{"taxonomy":"post_tag","embeddable":true,"href":"https:\/\/editionsbussiere.com\/blog\/wp-json\/wp\/v2\/tags?post=672"}],"curies":[{"name":"wp","href":"https:\/\/api.w.org\/{rel}","templated":true}]}}