{"id":659,"date":"2024-05-27T09:29:32","date_gmt":"2024-05-27T07:29:32","guid":{"rendered":"https:\/\/editionsbussiere.com\/blog\/le-vatican-reprime-les-miracles-voici-les-nouvelles-regles-pour-prier-la-mere-de-dieu-marie\/"},"modified":"2024-05-27T09:29:32","modified_gmt":"2024-05-27T07:29:32","slug":"le-vatican-reprime-les-miracles-voici-les-nouvelles-regles-pour-prier-la-mere-de-dieu-marie","status":"publish","type":"post","link":"https:\/\/editionsbussiere.com\/blog\/le-vatican-reprime-les-miracles-voici-les-nouvelles-regles-pour-prier-la-mere-de-dieu-marie\/","title":{"rendered":"Le Vatican r\u00e9prime les miracles.  Voici les nouvelles r\u00e8gles\n pour prier la m\u00e8re de dieu Marie."},"content":{"rendered":"<div><img width=\"580\" height=\"326\" src=\"https:\/\/editionsbussiere.com\/blog\/wp-content\/uploads\/2024\/05\/Le-Vatican-reprime-les-miracles-Voici-les-nouvelles-regles-afin-1024x576-1.jpg\" class=\"attachment-large size-large wp-post-image\" alt=\"Le Vatican r\u00e9prime les miracles. Voici les nouvelles r\u00e8gles afin\" style=\"float:left; margin:0 15px 15px 0;\" decoding=\"async\" srcset=\"https:\/\/editionsbussiere.com\/blog\/wp-content\/uploads\/2024\/05\/Le-Vatican-reprime-les-miracles-Voici-les-nouvelles-regles-afin-1024x576-1.jpg 1024w, https:\/\/www.n42.fr\/wp-content\/uploads\/2024\/05\/Le-Vatican-reprime-les-miracles-Voici-les-nouvelles-regles-afin-300x169.jpg 300w, https:\/\/www.n42.fr\/wp-content\/uploads\/2024\/05\/Le-Vatican-reprime-les-miracles-Voici-les-nouvelles-regles-afin-768x432.jpg 768w, https:\/\/www.n42.fr\/wp-content\/uploads\/2024\/05\/Le-Vatican-reprime-les-miracles-Voici-les-nouvelles-regles-afin.jpg 1200w\" sizes=\"(max-width: 580px) 100vw, 580px\"><\/p>\n<p>\n<\/p>\n<div>\n<p>De nouvelles normes permettant de diff\u00e9rencier les ph\u00e9nom\u00e8nes surnaturels des ph\u00e9nom\u00e8nes naturels au sein du catholicisme romain sont entr\u00e9es en vigueur le 19 mai.<\/p>\n<p>Les nouvelles normes naissent de la n\u00e9cessit\u00e9 d\u2019\u00e9valuer le plus rapidement possible l\u2019origine surnaturelle ou non d\u2019un ensemble de ph\u00e9nom\u00e8nes qui se produisent de plus en plus dans le monde catholique et se propagent rapidement via les m\u00e9dias sociaux.<\/p>\n<p>Parmi les ph\u00e9nom\u00e8nes surnaturels possibles figurent les apparitions \u2013 notamment de J\u00e9sus ou de la Vierge Marie \u2013 des voix int\u00e9rieures ou ext\u00e9rieures, des \u00e9crits ou des messages de l\u2019au-del\u00e0, les pleurs ou les saignements d\u2019images sacr\u00e9es, les saignements d\u2019hosties eucharistiques consacr\u00e9es, etc.  Les visions de la Vierge Marie, en particulier, continuent de se produire r\u00e9guli\u00e8rement au sein de la chr\u00e9tient\u00e9 catholique.<\/p>\n<p>Le nouveau document n\u2019approuve ni ne rejette les ph\u00e9nom\u00e8nes surnaturels.  Au contraire, il fournit un ensemble de crit\u00e8res et de processus au moyen desquels l\u2019\u00c9glise peut officiellement les distinguer et s\u00e9parer l\u2019authentique du faux.  Alors que devons-nous savoir sur ces normes ?<\/p>\n<h2 class=\"wp-block-heading\" id=\"h-an-old-document-replaced\">Un ancien document remplac\u00e9<\/h2>\n<p>Les nouvelles normes remplacent un document ant\u00e9rieur de 1978.<\/p>\n<p>Dans ce document de 1978, la d\u00e9cision d\u2019approuver ou non un ph\u00e9nom\u00e8ne comme surnaturel \u00e9tait essentiellement laiss\u00e9e entre les mains d\u2019une autorit\u00e9 locale \u2013 dans la plupart des cas, un \u00e9v\u00eaque dioc\u00e9sain.<\/p>\n<p>Selon des crit\u00e8res, l&rsquo;\u00e9v\u00eaque a opt\u00e9 pour un choix entre deux options : surnaturelle ou non.<\/p>\n<p>Dans le cas d\u2019un jugement selon lequel un ph\u00e9nom\u00e8ne est d\u2019origine surnaturelle, il pourrait autoriser une manifestation publique de d\u00e9votion au ph\u00e9nom\u00e8ne surnaturel \u00e9quivalente \u00e0 sa parole : \u00ab pour l\u2019instant, rien ne s\u2019y oppose \u00bb (\u00ab<em>pro nunc nihil obstat<\/em>\u00bb).<\/p>\n<p>Selon ce document, le contr\u00f4le central du Vatican \u00e9tait minime.  Les autorit\u00e9s locales \u00e9taient aux commandes.<\/p>\n<h2 class=\"wp-block-heading\" id=\"h-the-supernatural-is-under-new-management\">Le surnaturel a une nouvelle direction<\/h2>\n<p>Le nouveau document vise \u00e0 superviser plus efficacement la validation de tels \u00e9v\u00e9nements.<\/p>\n<p>Pour ce faire, il centralise l&rsquo;autorisation, la gestion et le contr\u00f4le du surnaturel au sein du Dicast\u00e8re pour la doctrine de la foi, mieux connu sous le nom d&rsquo;\u00ab Inquisition \u00bb.  Toute d\u00e9cision que les \u00e9v\u00eaques ou toute autre autorit\u00e9 souhaitent prendre doit \u00eatre soumise \u00e0 l&rsquo;approbation du dicast\u00e8re.<\/p>\n<p>Le nouveau document d\u00e9clare que le Saint-Esprit peut\u00a0:<\/p>\n<blockquote class=\"wp-block-quote is-layout-flow wp-block-quote-is-layout-flow\">\n<p>atteindre notre c\u0153ur \u00e0 travers certains \u00e9v\u00e9nements surnaturels comme les apparitions ou les visions du Christ ou de la Sainte Vierge.<\/p>\n<\/blockquote>\n<p>Mais l\u2019autorit\u00e9 centrale de l\u2019\u00c9glise d\u00e9cidera d\u00e9sormais o\u00f9, quand et comment Dieu \u0153uvre, ses merveilles ou miracles \u00e0 accomplir.<\/p>\n<p>Dans l\u2019ensemble, il sera d\u00e9montr\u00e9 que Dieu intervient directement et de mani\u00e8re minimale dans le monde.<\/p>\n<h2 class=\"wp-block-heading\" id=\"h-six-new-criteria-to-judge-whether-god-is-involved\">Six nouveaux crit\u00e8res pour juger si Dieu est impliqu\u00e9<\/h2>\n<p>Plut\u00f4t qu&rsquo;un jugement relativement simple quant au caract\u00e8re surnaturel ou non d&rsquo;un \u00e9v\u00e9nement, l&rsquo;\u00c9glise propose d\u00e9sormais six mani\u00e8res possibles de classer un \u00e9v\u00e9nement.<\/p>\n<p>Ceux-ci vont de \u00ab<em>nihil obstat<\/em>\u00bb (\u00ab rien ne s&rsquo;oppose \u00bb) \u00e0 \u00ab<em>d\u00e9claration de non surnaturalit\u00e9<\/em>\u00bb (\u00ab d\u00e9claration de non-surnaturalit\u00e9 \u00bb).<\/p>\n<p>Mais m\u00eame l\u00e0 o\u00f9 un <em>nihil obstat<\/em> est accord\u00e9, en r\u00e8gle g\u00e9n\u00e9rale, ni un \u00e9v\u00eaque dioc\u00e9sain, ni aucune conf\u00e9rence des \u00e9v\u00eaques, ni le dicast\u00e8re lui-m\u00eame \u00ab ne d\u00e9clareront que ces ph\u00e9nom\u00e8nes sont d&rsquo;origine surnaturelle \u00bb.<\/p>\n<p>En bref, une d\u00e9claration claire d\u2019un \u00e9v\u00e9nement surnaturel n\u2019aura pratiquement jamais lieu (ou, du moins, \u00e0 moins que le Pape n\u2019intervienne).<\/p>\n<p>Une d\u00e9claration de non-surnaturalit\u00e9 sera faite en cas de d\u00e9couverte<\/p>\n<blockquote class=\"wp-block-quote is-layout-flow wp-block-quote-is-layout-flow\">\n<p>le ph\u00e9nom\u00e8ne \u00e9tait bas\u00e9 sur une fabrication, sur une intention erron\u00e9e ou sur une mythomanie.<\/p>\n<\/blockquote>\n<p>Bref, si un faux ou un canular est d\u00e9couvert.<\/p>\n<p>Entre ces deux extr\u00eames se trouvent quatre autres jugements possibles.  Bien qu\u2019il y ait des signes positifs d\u2019action divine dans chacun de ces cas, ils indiquent des inqui\u00e9tudes croissantes quant \u00e0 leur cr\u00e9dibilit\u00e9.  Les deux premiers concernent des doutes croissants sur la cr\u00e9dibilit\u00e9 du ph\u00e9nom\u00e8ne.  Les deux suivants concernent des doutes croissants sur l\u2019honn\u00eatet\u00e9 des personnes impliqu\u00e9es.<\/p>\n<h2 class=\"wp-block-heading\" id=\"h-what-are-the-new-procedures\">Quelles sont les nouvelles proc\u00e9dures ?<\/h2>\n<p>Si un \u00e9v\u00eaque dioc\u00e9sain, apr\u00e8s consultation, estime qu&rsquo;un ph\u00e9nom\u00e8ne surnaturel n\u00e9cessite une enqu\u00eate, il alerte le dicast\u00e8re.<\/p>\n<p>Il convoque alors une commission d&rsquo;enqu\u00eate pour proc\u00e9der \u00e0 un \u00ab proc\u00e8s \u00bb.  Ce proc\u00e8s verra des interrogatoires de t\u00e9moins, des d\u00e9positions sous serment, des analyses expertes de textes \u00e9crits, ainsi que des \u00e9valuations technico-scientifiques, doctrinales et canoniques.  C&rsquo;est \u00e0 peu pr\u00e8s la m\u00e9thode traditionnelle de l&rsquo;Inquisition en tenue vestimentaire (ou v\u00eatements) moderne.<\/p>\n<p>La commission se prononce finalement sur la v\u00e9racit\u00e9 de l&rsquo;affaire sur la base de crit\u00e8res positifs et n\u00e9gatifs.<\/p>\n<p>Les crit\u00e8res positifs incluent la r\u00e9putation des personnes impliqu\u00e9es, l&rsquo;orthodoxie doctrinale, l&rsquo;exclusion de la contrefa\u00e7on et les fruits de la vie chr\u00e9tienne qui en ont r\u00e9sult\u00e9.<\/p>\n<p>Les crit\u00e8res n\u00e9gatifs incluent la possibilit\u00e9 d\u2019erreurs manifestes, d\u2019erreurs doctrinales potentielles, l\u2019apparition de divisions au sein de l\u2019\u00c9glise, une recherche manifeste du profit, du pouvoir, de la renomm\u00e9e ou de la reconnaissance sociale, et la rectitude \u00e9thique personnelle et publique des personnes impliqu\u00e9es, ainsi que leur sant\u00e9 mentale.<\/p>\n<p>A la lumi\u00e8re des travaux de la commission, l&rsquo;\u00e9v\u00eaque propose au dicast\u00e8re un jugement suivant l&rsquo;une des six modalit\u00e9s de classification.  Le dicast\u00e8re rend alors un jugement d\u00e9finitif qui est transmis \u00e0 l&rsquo;\u00e9v\u00eaque, qui est tenu d&rsquo;ex\u00e9cuter la d\u00e9cision et de la rendre publique.<\/p>\n<h2 class=\"wp-block-heading\" id=\"h-catholicism-disenchanting-the-world\">Le catholicisme \u00ab d\u00e9senchante \u00bb le monde<\/h2>\n<p>Il existe une profonde inqui\u00e9tude au Vatican face \u00e0 la d\u00e9sinformation et \u00e0 la d\u00e9sinformation sur le surnaturel.<\/p>\n<p>Le document nous informe :<\/p>\n<blockquote class=\"wp-block-quote is-layout-flow wp-block-quote-is-layout-flow\">\n<p>Aujourd\u2019hui plus que jamais, ces ph\u00e9nom\u00e8nes impliquent de nombreuses personnes [\u2026] et s\u2019est r\u00e9pandu rapidement dans diff\u00e9rentes r\u00e9gions et dans de nombreux pays.<\/p>\n<\/blockquote>\n<p>Le monde num\u00e9rique est un lieu aux significations multiples o\u00f9 le surnaturel occupe un espace entre r\u00e9alit\u00e9 et irr\u00e9alit\u00e9.  C\u2019est un domaine o\u00f9 la croyance est une question de choix et o\u00f9 l\u2019incr\u00e9dulit\u00e9 est volontairement et joyeusement suspendue.<\/p>\n<p>Ironiquement, le r\u00e9sultat des nouvelles normes sera de minimiser le nombre de ph\u00e9nom\u00e8nes reconnus comme \u00ab surnaturels \u00bb au sein de l&rsquo;\u00c9glise catholique.  En fait, cela imposera des limites plus strictes \u00e0 l\u2019action de Dieu dans le monde.<\/p>\n<p>Les nouvelles normes au sein de l&rsquo;\u00c9glise pour g\u00e9rer le surnaturel visent davantage \u00e0 \u00ab d\u00e9senchanter \u00bb le monde qu&rsquo;\u00e0 l&rsquo;\u00ab enchanter \u00bb.<\/p>\n<p>Philip C. Almond, professeur \u00e9m\u00e9rite d&rsquo;histoire de la pens\u00e9e religieuse, <em>L&rsquo;Universit\u00e9 du Queensland<\/em><\/p>\n<p>Cet article est republi\u00e9 \u00e0 partir de The Conversation sous une licence Creative Commons.  Lisez l&rsquo;article original.<\/p>\n<p>Croyez vous aux miracles?  Pourquoi ne pas partager votre opinion dans la section commentaires ci-dessous ?<\/p>\n<p><strong>A lire aussi : Faut-il adopter les soins palliatifs plus t\u00f4t ?<\/strong><\/p>\n<\/div>\n<h2>\n<\/h2>\n<p>L\u2019Importance de la Pri\u00e8re \u00e0 Marie<\/p>\n<p>La pri\u00e8re \u00e0 Marie constitue un aspect essentiel de la spiritualit\u00e9 chr\u00e9tienne, solidement enracin\u00e9e dans les enseignements catholique depuis des temps imm\u00e9moriaux. C\u2019est un fondement sur lequel les croyants s\u2019appuient pour obtenir confort, direction et intercession dans leur marche envers Dieu. Au fil du temps, cette pi\u00e9t\u00e9 a gagn\u00e9 en force par les \u00e9crits bibliques, les traditions de l\u2019\u00c9glise, ainsi que le mod\u00e8le des saints qui ont honor\u00e9 Marie m\u00e8re spirituelle aimante.<\/p>\n<h3>\n<\/h3>\n<p>L\u2019exercice du Rosaire<\/p>\n<p>Le Chapelet tient une position centrale dans la vie spirituelle de nombreux croyants. En r\u00e9citant les diff\u00e9rents myst\u00e8res, les fid\u00e8les se plongent dans les \u00e9v\u00e9nements de la vie de J\u00e9sus et de Marie, renfor\u00e7ant leur connexion spirituelle avec eux. \u00c0 travers chaque Ave Maria, ils manifestent leur foi en l\u2019intercession de Marie ainsi que leur aspiration \u00e0 suivre les pas du Christ. Saint Louis-Marie Grignion de Montfort, dans son livre sur la vraie d\u00e9votion \u00e0 la Sainte Vierge, invite les fid\u00e8les \u00e0 pratiquer r\u00e9guli\u00e8rement la m\u00e9ditation sur les myst\u00e8res du rosaire afin de renforcer leur relation avec la M\u00e8re de Dieu. Cette pratique ancienne, transmise de g\u00e9n\u00e9ration en g\u00e9n\u00e9ration, reste une source d\u2019illumination spirituelle pour ceux qui ont la foi, les guidant dans leur connexion \u00e0 la divine Dame du Ciel.<\/p>\n<h3>\n<\/h3>\n<p>L\u2019appel \u00e0 la pri\u00e8re<\/p>\n<p>Unissons-nous dans la pri\u00e8re, fr\u00e8res et s\u0153urs, dans notre esp\u00e9rance, en Marie, la m\u00e8re de notre Seigneur J\u00e9sus-Christ. Dans notre monde troubl\u00e9 par les conflits et la discorde, optons \u00e0 la pri\u00e8re comme un moyen de retrouver la paix et l\u2019harmonie. Chacun exprimer une sollicitation pour la m\u00e8re de dieu <a target=\"_blank\" rel=\"nofollow\" href=\"https:\/\/editionsbussiere.com\/blog\/goto\/https:\/\/www.avemariasound.org\/\" >par internet.<\/a> Que nos pri\u00e8res montent vers le ciel, comme une offrande agr\u00e9able \u00e0 Dieu, afin qu\u2019il guide \u00e9clairer nos chemins sur la voie de la justice et de la v\u00e9rit\u00e9. L\u2019ap\u00f4tre Paul nous dans ses lettres \u00e0 prier sans cesse, en toutes circonstances, afin que notre connexion \u00e0 Dieu reste constante et ardente. La pri\u00e8re, lorsqu\u2019elle est offerte sinc\u00e8rement, a le pouvoir pour changer les c\u0153urs et d\u2019influer le cours de l\u2019histoire.<\/p>\n<h2>\n<\/h2>\n<p>Les directives du Pape Fran\u00e7ois<\/p>\n<p>Le pape Fran\u00e7ois, dans ses enseignements \u00e9clair\u00e9s, disponibles gr\u00e2ce \u00e0 Bayard, nous souligne la signification de la pri\u00e8re journali\u00e8re. \u00c0 travers ses discours et ses audiences, il nous encourage \u00e0 d\u00e9velopper une relation personnelle avec Dieu, en s\u2019appuyant sur la m\u00e9ditation de la Parole biblique ainsi que la pratique du Rosaire. Sa conduite d\u2019humilit\u00e9 et de compassion nous encourage \u00e0 approfondir notre pri\u00e8re et \u00e0 chercher la pr\u00e9sence de Dieu dans tous les domaines de notre vie. Le pape Jean-Paul II, dans son encyclique portant sur la foi chr\u00e9tienne, nous souligne que la pri\u00e8re constitue le fondement de la vie spirituelle et que c\u2019est par elle que nous sommes unis au divin. La pri\u00e8re, transmise par les pontifes successifs, est une source d\u2019espoir en p\u00e9riode de temp\u00eate, un fondement solide sur lequel nous pouvons compter.<\/p>\n<h3>\n<\/h3>\n<p>Les \u00e9crits attribu\u00e9s \u00e0 Leli\u00e8vre et Hubert<\/p>\n<p>Au sein de la pratique religieuse, l\u2019\u00e9glise pr\u00e9conise le recours \u00e0 la pri\u00e8re, et lors de les moments de pri\u00e8re, les fid\u00e8les effectuent le geste du signe de la croix et r\u00e9citent le Je vous salue Marie. Des intellectuels contemporains, tels que Leli\u00e8vre et Hubert, nous incitent aussi \u00e0 m\u00e9diter sur la force de la pri\u00e8re, dans leurs ouvrages inspirants. Leurs publications, riches en enseignements spirituels, nous guident dans notre parcours de la foi et nous invitent \u00e0 trouver dans les tr\u00e9sors de la tradition chr\u00e9tienne pour nourrir notre spiritualit\u00e9. Par la m\u00e9ditation sur leurs publications, nous d\u00e9couvrons de nouvelles mani\u00e8res d\u2019approfondir notre connexion avec le divin et de progresser dans notre cheminement vers la saintet\u00e9. L\u2019ap\u00f4tre Jean, dans son \u00e9vangile, nous enseigne que la pri\u00e8re est un puissant moyen pour rester en communion avec Dieu et de b\u00e9n\u00e9ficier de ses gr\u00e2ces. Chaque paragraphe de leurs publications ressemble \u00e0 un appel \u00e0 une pri\u00e8re ardente et \u00e0 une vie emplie de la pr\u00e9sence divine. Dans notre recherche de spiritualit\u00e9, chaque lecture devient un appel \u00e0 s\u2019\u00e9lever vers le sacr\u00e9, \u00e0 travers la contemplation et la r\u00e9flexion.<\/p>\n<h3>\n<\/h3>\n<p>La d\u00e9votion dans la chapelle<\/p>\n<p>Au sein de nos chapelles simples ou grandioses, tournons-nous vers le divin avec confiance et humilit\u00e9, sachant qu\u2019il \u00e9coute nos pri\u00e8res avec une sollicitude infinie. Que chaque flamme vacillante, chaque Ave Maria r\u00e9cit\u00e9, soit une offrande \u00e0 notre Seigneur et \u00e0 sa sainte m\u00e8re, Marie. Que nos moments de pri\u00e8re dans la chapelle soient des occasions de b\u00e9n\u00e9diction et de renouvellement de notre esprit, nous renfor\u00e7ant pour affronter les d\u00e9fis avec audace et foi in\u00e9branlable. Sainte Bernadette Soubirous, \u00e0 qui la Vierge Marie est apparue \u00e0 Lourdes, nous montre la valeur de la pri\u00e8re dans la vie des fid\u00e8les et l\u2019efficacit\u00e9 de l\u2019intercession de la Sainte Vierge. Chaque personne qui entre dans une chapelle, chaque verset des \u00c9critures lu dans ce lieu saint, constitue une rencontre avec la divinit\u00e9, une \u00e9tape cruciale dans le processus de transformation spirituelle. \u00c0 travers les \u00c9critures saintes, tout croyant est invit\u00e9 \u00e0 contempler la croix du Christ, \u00e0 r\u00e9fl\u00e9chir \u00e0 son sacrifice, et \u00e0 trouver r\u00e9confort et espoir dans sa gr\u00e2ce r\u00e9demptrice.<\/p>\n<h2>\nL\u2019acte de prier comme rem\u00e8de pour l\u2019esprit<br \/>\n<\/h2>\n<p>Tel un m\u00e9decin pour nos \u00e2mes, l\u2019acte de prier nous apaise et nous renforce dans les moments de douleur et de d\u00e9sespoir. La pri\u00e8re nous fait souvenir que la pr\u00e9sence divine ne nous quitte jamais, m\u00eame dans les moments les plus sombres de notre existence. En nous penchant vers lui \u00e0 travers la pri\u00e8re, nous d\u00e9couvrons la force int\u00e9rieure n\u00e9cessaire pour surmonter les \u00e9preuves et pour faire face \u00e0 l\u2019avenir avec espoir et confiance. La pri\u00e8re est semblable \u00e0 une source d\u2019eau vive qui apaise notre soif spirituelle et, dans notre marche avec Dieu, nous revigore.<br \/>\n\u00c0 chaque pri\u00e8re prononc\u00e9e, \u00e0 chaque intention confi\u00e9e, nous trouvons un r\u00e9confort c\u00e9leste, une gu\u00e9rison spirituelle, qui d\u00e9passe les limites de la condition humaine. Chaque passage des \u00c9critures est une invitation \u00e0 dialoguer avec Dieu, \u00e0 lui remettre nos fardeaux, et \u00e0 recevoir sa gr\u00e2ce transformante.<\/p>\n<h2>Un point de vue alternatif sur l\u2019acte de prier Marie<\/h2>\n<p>L\u2019invocation de Marie constitue une pratique profond\u00e9ment enracin\u00e9e dans la tradition catholique chr\u00e9tienne, offrant un lien spirituel pr\u00e9cieux pour les fid\u00e8les du monde entier. En tant que m\u00e8re spirituelle et intercesseur, elle est invoqu\u00e9e avec ferveur dans les moments de besoin et de reconnaissance. Le rosaire, avec ses myst\u00e8res contemplatifs, guide les catholiques dans leur cheminement spirituel, les aidant \u00e0 m\u00e9diter sur J\u00e9sus, son fils, \u00e0 travers les yeux de la Vierge Marie. Cette d\u00e9votion mariale s\u2019exprime dans les sites sacr\u00e9s comme Lourdes, o\u00f9 les p\u00e8lerins affluent pour rechercher r\u00e9confort et gu\u00e9rison, illustrant le lien profond entre la foi catholique et la v\u00e9n\u00e9ration de la Vierge Marie. Les \u00e9crits \u00e9clairants d\u2019\u00e9minents th\u00e9ologiens comme Leli\u00e8vre et Hubert offrent une r\u00e9flexion pr\u00e9cieuse sur l\u2019importance de la pri\u00e8re \u00e0 Marie et son r\u00f4le dans la vie spirituelle des croyants. Par le biais d\u2019une lecture approfondie de livres d\u00e9votionnels et bibliques, les croyants \u00e9largissent leur compr\u00e9hension de la d\u00e9votion mariale et cultivent une relation plus profonde avec Marie, notre m\u00e8re dans la foi. Dans un monde o\u00f9 pr\u00e9dominent la guerre et les conflits, l\u2019invocation de Marie constitue un refuge de calme et de confiance, incitant chaque individu, quelle que soit sa position dans la foi catholique, \u00e0 solliciter la Vierge Marie avec une foi profonde et une d\u00e9votion sinc\u00e8re. Unissons donc nos pri\u00e8res, avec un c\u0153ur sinc\u00e8re et humble, en honorant Marie comme notre m\u00e8re et notre intercesseur, et en lui confiant nos requ\u00eates et nos souhaits les plus profonds. Dans cette d\u00e9marche de foi, tout adepte est convi\u00e9 \u00e0 poursuivre la voie des pri\u00e8res et des aspirations du c\u0153ur, sous la direction du saint P\u00e8re et les ressources spirituelles pr\u00e9cieuses fournies par des plateformes comme Aleteia. Ainsi, avec un c\u0153ur ouvert et une humble confiance, adressons notre pri\u00e8re quotidienne \u00e0 Marie, lui demandant de nous interc\u00e9der, ainsi que la gr\u00e2ce de pers\u00e9v\u00e9rer dans la pri\u00e8re ardente.<br \/>\nQue notre communion avec le divin soit notre refuge et notre consolation en toute circonstance. Que nous nous tournions en direction de Marie, notre m\u00e8re du ciel, avec un c\u0153ur ouvert et une foi in\u00e9branlable, en ayant conscience qu\u2019elle interc\u00e8de pour nous devant son fils bien-aim\u00e9. Que notre d\u00e9votion nous m\u00e8ne dans notre qu\u00eate de saintet\u00e9, nous approchant toujours plus de Dieu et de son amour sans limites.<\/p>\n<p>Vous aimerez aussi:<\/p>\n<p>Quo vadis\/Chapitre LXVI.,<a target=\"_blank\" rel=\"nofollow\" href=\"https:\/\/editionsbussiere.com\/blog\/goto\/https:\/\/fr.wikisource.org\/wiki\/Quo_vadis\/Chapitre_LXVI\"  target=\"_blank\" rel=\"noopener noreferrer nofollow\">Le texte de l\u2019article.<\/a><span><\/span><\/p>\n<p>Melmoth ou l\u2019Homme errant\/XXXIX.,<a target=\"_blank\" rel=\"nofollow\" href=\"https:\/\/editionsbussiere.com\/blog\/goto\/https:\/\/fr.wikisource.org\/wiki\/Melmoth_ou_l%E2%80%99Homme_errant\/XXXIX\"  target=\"_blank\" rel=\"noopener noreferrer nofollow\">A lire ici.<\/a><span><\/span><\/p>\n<p>Les Mis\u00e9rables\/Tome 2\/Livre 6\/05.,<a target=\"_blank\" rel=\"nofollow\" href=\"https:\/\/editionsbussiere.com\/blog\/goto\/https:\/\/fr.wikisource.org\/wiki\/Les_Mis%C3%A9rables\/Tome_2\/Livre_6\/05\"  target=\"_blank\" rel=\"noopener noreferrer nofollow\">Le post d\u2019actualit\u00e9.<\/a><span><\/span><\/p>\n<p>Les \u00e9pis (LeMay)\/36.,<a target=\"_blank\" rel=\"nofollow\" href=\"https:\/\/editionsbussiere.com\/blog\/goto\/https:\/\/fr.wikisource.org\/wiki\/Les_%C3%A9pis_(LeMay)\/36\"  target=\"_blank\" rel=\"noopener noreferrer nofollow\">Le texte de l\u2019article.<\/a><span><\/span><\/p>\n<p>L\u2019\u00cele des Pingouins\/Livre II.,<a target=\"_blank\" rel=\"nofollow\" href=\"https:\/\/editionsbussiere.com\/blog\/goto\/https:\/\/fr.wikisource.org\/wiki\/L%E2%80%99%C3%8Ele_des_Pingouins\/Livre_II\"  target=\"_blank\" rel=\"noopener noreferrer nofollow\">Cliquer ICI.<\/a><span><\/span><\/p>\n<p>Contes \u00e9piques\/Un Miracle de Notre-Dame.,<a target=\"_blank\" rel=\"nofollow\" href=\"https:\/\/editionsbussiere.com\/blog\/goto\/https:\/\/fr.wikisource.org\/wiki\/Contes_%C3%A9piques\/Un_Miracle_de_Notre-Dame\"  target=\"_blank\" rel=\"noopener noreferrer nofollow\">L\u2019article ICI.<\/a><span><\/span><\/p>\n<\/div>\n<p><img decoding=\"async\" class=\"wpe_imgrss\" src=\"https:\/\/editionsbussiere.com\/blog\/wp-content\/uploads\/2024\/05\/Le-Vatican-reprime-les-miracles-Voici-les-nouvelles-regles-afin-1024x576-1.jpg\">Cet article a \u00e9t\u00e9 reconstitu\u00e9 du mieux possible. Dans l\u2019hypoth\u00e8se o\u00f9 vous souhaitez apporter quelques modifications concernant le th\u00e8me \u00ab\u00a0Editions \u00e9sot\u00e9rique fond\u00e9e en 1927\u00a0\u00bb, il est possible de discuter avec notre r\u00e9daction. Vous pouvez tirer profit de cet article traitant le sujet \u00ab\u00a0Editions \u00e9sot\u00e9rique fond\u00e9e en 1927\u00a0\u00bb. Il est concoct\u00e9 par l\u2019\u00e9quipe editionsbussiere.com. Le site editionsbussiere.com est fait pour cr\u00e9er divers posts autour du th\u00e8me Editions \u00e9sot\u00e9rique fond\u00e9e en 1927 d\u00e9velopp\u00e9es sur internet. Consultez notre site internet editionsbussiere.com et nos r\u00e9seaux sociaux pour \u00eatre au courant des futures annonces.<\/p>\n","protected":false},"excerpt":{"rendered":"<p>De nouvelles normes permettant de diff\u00e9rencier les ph\u00e9nom\u00e8nes surnaturels des ph\u00e9nom\u00e8nes naturels au sein du catholicisme romain sont entr\u00e9es en vigueur le 19 mai. Les nouvelles normes naissent de la n\u00e9cessit\u00e9 d\u2019\u00e9valuer le plus rapidement possible l\u2019origine surnaturelle ou non d\u2019un ensemble de ph\u00e9nom\u00e8nes qui se produisent de plus en plus dans le monde catholique [&hellip;]<\/p>\n","protected":false},"author":3,"featured_media":660,"comment_status":"closed","ping_status":"closed","sticky":false,"template":"","format":"standard","meta":{"footnotes":""},"categories":[3],"tags":[],"class_list":["post-659","post","type-post","status-publish","format-standard","has-post-thumbnail","hentry","category-editions-esoterique-fondee-en-1927-depeches","entry","fw-tab-6 fw-tabr-4","has-featured-image"],"yoast_head":"<!-- This site is optimized with the Yoast SEO plugin v27.5 - https:\/\/yoast.com\/product\/yoast-seo-wordpress\/ -->\n<title>Le Vatican r\u00e9prime les miracles. Voici les nouvelles r\u00e8gles pour prier la m\u00e8re de dieu Marie. - EDITIONSBUSSIERE<\/title>\n<meta name=\"robots\" content=\"index, follow, max-snippet:-1, max-image-preview:large, max-video-preview:-1\" \/>\n<link rel=\"canonical\" href=\"https:\/\/editionsbussiere.com\/blog\/le-vatican-reprime-les-miracles-voici-les-nouvelles-regles-pour-prier-la-mere-de-dieu-marie\/\" \/>\n<meta property=\"og:locale\" content=\"fr_FR\" \/>\n<meta property=\"og:type\" content=\"article\" \/>\n<meta property=\"og:title\" content=\"Le Vatican r\u00e9prime les miracles. Voici les nouvelles r\u00e8gles pour prier la m\u00e8re de dieu Marie. - EDITIONSBUSSIERE\" \/>\n<meta property=\"og:description\" content=\"De nouvelles normes permettant de diff\u00e9rencier les ph\u00e9nom\u00e8nes surnaturels des ph\u00e9nom\u00e8nes naturels au sein du catholicisme romain sont entr\u00e9es en vigueur le 19 mai. Les nouvelles normes naissent de la n\u00e9cessit\u00e9 d\u2019\u00e9valuer le plus rapidement possible l\u2019origine surnaturelle ou non d\u2019un ensemble de ph\u00e9nom\u00e8nes qui se produisent de plus en plus dans le monde catholique [&hellip;]\" \/>\n<meta property=\"og:url\" content=\"https:\/\/editionsbussiere.com\/blog\/le-vatican-reprime-les-miracles-voici-les-nouvelles-regles-pour-prier-la-mere-de-dieu-marie\/\" \/>\n<meta property=\"og:site_name\" content=\"EDITIONSBUSSIERE\" \/>\n<meta property=\"article:published_time\" content=\"2024-05-27T07:29:32+00:00\" \/>\n<meta property=\"og:image\" content=\"https:\/\/editionsbussiere.com\/blog\/wp-content\/uploads\/2024\/05\/Le-Vatican-reprime-les-miracles-Voici-les-nouvelles-regles-afin-1024x576-1.jpg\" \/>\n<meta name=\"author\" content=\"Marie BATICLE\" \/>\n<meta name=\"twitter:card\" content=\"summary_large_image\" \/>\n<meta name=\"twitter:label1\" content=\"\u00c9crit par\" \/>\n\t<meta name=\"twitter:data1\" content=\"Marie BATICLE\" \/>\n\t<meta name=\"twitter:label2\" content=\"Dur\u00e9e de lecture estim\u00e9e\" \/>\n\t<meta name=\"twitter:data2\" content=\"14 minutes\" \/>\n<script type=\"application\/ld+json\" class=\"yoast-schema-graph\">{\"@context\":\"https:\\\/\\\/schema.org\",\"@graph\":[{\"@type\":\"Article\",\"@id\":\"https:\\\/\\\/editionsbussiere.com\\\/blog\\\/le-vatican-reprime-les-miracles-voici-les-nouvelles-regles-pour-prier-la-mere-de-dieu-marie\\\/#article\",\"isPartOf\":{\"@id\":\"https:\\\/\\\/editionsbussiere.com\\\/blog\\\/le-vatican-reprime-les-miracles-voici-les-nouvelles-regles-pour-prier-la-mere-de-dieu-marie\\\/\"},\"author\":{\"name\":\"Marie BATICLE\",\"@id\":\"https:\\\/\\\/editionsbussiere.com\\\/blog\\\/#\\\/schema\\\/person\\\/ec90e102792148c97e46ab871010dd8f\"},\"headline\":\"Le Vatican r\u00e9prime les miracles. Voici les nouvelles r\u00e8gles pour prier la m\u00e8re de dieu Marie.\",\"datePublished\":\"2024-05-27T07:29:32+00:00\",\"mainEntityOfPage\":{\"@id\":\"https:\\\/\\\/editionsbussiere.com\\\/blog\\\/le-vatican-reprime-les-miracles-voici-les-nouvelles-regles-pour-prier-la-mere-de-dieu-marie\\\/\"},\"wordCount\":2902,\"publisher\":{\"@id\":\"https:\\\/\\\/editionsbussiere.com\\\/blog\\\/#organization\"},\"image\":{\"@id\":\"https:\\\/\\\/editionsbussiere.com\\\/blog\\\/le-vatican-reprime-les-miracles-voici-les-nouvelles-regles-pour-prier-la-mere-de-dieu-marie\\\/#primaryimage\"},\"thumbnailUrl\":\"https:\\\/\\\/editionsbussiere.com\\\/blog\\\/wp-content\\\/uploads\\\/2024\\\/05\\\/Le-Vatican-reprime-les-miracles-Voici-les-nouvelles-regles-afin-1024x576-1.jpg\",\"articleSection\":[\"Editions \u00c9sot\u00e9rique Fond\u00e9e En 1927; D\u00e9p\u00e8ches:\"],\"inLanguage\":\"fr-FR\"},{\"@type\":\"WebPage\",\"@id\":\"https:\\\/\\\/editionsbussiere.com\\\/blog\\\/le-vatican-reprime-les-miracles-voici-les-nouvelles-regles-pour-prier-la-mere-de-dieu-marie\\\/\",\"url\":\"https:\\\/\\\/editionsbussiere.com\\\/blog\\\/le-vatican-reprime-les-miracles-voici-les-nouvelles-regles-pour-prier-la-mere-de-dieu-marie\\\/\",\"name\":\"Le Vatican r\u00e9prime les miracles. Voici les nouvelles r\u00e8gles pour prier la m\u00e8re de dieu Marie. - EDITIONSBUSSIERE\",\"isPartOf\":{\"@id\":\"https:\\\/\\\/editionsbussiere.com\\\/blog\\\/#website\"},\"primaryImageOfPage\":{\"@id\":\"https:\\\/\\\/editionsbussiere.com\\\/blog\\\/le-vatican-reprime-les-miracles-voici-les-nouvelles-regles-pour-prier-la-mere-de-dieu-marie\\\/#primaryimage\"},\"image\":{\"@id\":\"https:\\\/\\\/editionsbussiere.com\\\/blog\\\/le-vatican-reprime-les-miracles-voici-les-nouvelles-regles-pour-prier-la-mere-de-dieu-marie\\\/#primaryimage\"},\"thumbnailUrl\":\"https:\\\/\\\/editionsbussiere.com\\\/blog\\\/wp-content\\\/uploads\\\/2024\\\/05\\\/Le-Vatican-reprime-les-miracles-Voici-les-nouvelles-regles-afin-1024x576-1.jpg\",\"datePublished\":\"2024-05-27T07:29:32+00:00\",\"breadcrumb\":{\"@id\":\"https:\\\/\\\/editionsbussiere.com\\\/blog\\\/le-vatican-reprime-les-miracles-voici-les-nouvelles-regles-pour-prier-la-mere-de-dieu-marie\\\/#breadcrumb\"},\"inLanguage\":\"fr-FR\",\"potentialAction\":[{\"@type\":\"ReadAction\",\"target\":[\"https:\\\/\\\/editionsbussiere.com\\\/blog\\\/le-vatican-reprime-les-miracles-voici-les-nouvelles-regles-pour-prier-la-mere-de-dieu-marie\\\/\"]}]},{\"@type\":\"ImageObject\",\"inLanguage\":\"fr-FR\",\"@id\":\"https:\\\/\\\/editionsbussiere.com\\\/blog\\\/le-vatican-reprime-les-miracles-voici-les-nouvelles-regles-pour-prier-la-mere-de-dieu-marie\\\/#primaryimage\",\"url\":\"https:\\\/\\\/editionsbussiere.com\\\/blog\\\/wp-content\\\/uploads\\\/2024\\\/05\\\/Le-Vatican-reprime-les-miracles-Voici-les-nouvelles-regles-afin-1024x576-1.jpg\",\"contentUrl\":\"https:\\\/\\\/editionsbussiere.com\\\/blog\\\/wp-content\\\/uploads\\\/2024\\\/05\\\/Le-Vatican-reprime-les-miracles-Voici-les-nouvelles-regles-afin-1024x576-1.jpg\",\"width\":1024,\"height\":576,\"caption\":\"Le Vatican reprime les miracles Voici les nouvelles regles afin 1024x576 1\"},{\"@type\":\"BreadcrumbList\",\"@id\":\"https:\\\/\\\/editionsbussiere.com\\\/blog\\\/le-vatican-reprime-les-miracles-voici-les-nouvelles-regles-pour-prier-la-mere-de-dieu-marie\\\/#breadcrumb\",\"itemListElement\":[{\"@type\":\"ListItem\",\"position\":1,\"name\":\"Accueil\",\"item\":\"https:\\\/\\\/editionsbussiere.com\\\/blog\\\/\"},{\"@type\":\"ListItem\",\"position\":2,\"name\":\"Le Vatican r\u00e9prime les miracles. Voici les nouvelles r\u00e8gles pour prier la m\u00e8re de dieu Marie.\"}]},{\"@type\":\"WebSite\",\"@id\":\"https:\\\/\\\/editionsbussiere.com\\\/blog\\\/#website\",\"url\":\"https:\\\/\\\/editionsbussiere.com\\\/blog\\\/\",\"name\":\"EDITIONSBUSSIERE\",\"description\":\"Editions \u00e9sot\u00e9rique fond\u00e9e en 1927; site historique, A SAVOIR ET RETENIR.\",\"publisher\":{\"@id\":\"https:\\\/\\\/editionsbussiere.com\\\/blog\\\/#organization\"},\"potentialAction\":[{\"@type\":\"SearchAction\",\"target\":{\"@type\":\"EntryPoint\",\"urlTemplate\":\"https:\\\/\\\/editionsbussiere.com\\\/blog\\\/?s={search_term_string}\"},\"query-input\":{\"@type\":\"PropertyValueSpecification\",\"valueRequired\":true,\"valueName\":\"search_term_string\"}}],\"inLanguage\":\"fr-FR\"},{\"@type\":\"Organization\",\"@id\":\"https:\\\/\\\/editionsbussiere.com\\\/blog\\\/#organization\",\"name\":\"editionsbussiere\",\"url\":\"https:\\\/\\\/editionsbussiere.com\\\/blog\\\/\",\"logo\":{\"@type\":\"ImageObject\",\"inLanguage\":\"fr-FR\",\"@id\":\"https:\\\/\\\/editionsbussiere.com\\\/blog\\\/#\\\/schema\\\/logo\\\/image\\\/\",\"url\":\"https:\\\/\\\/editionsbussiere.com\\\/blog\\\/wp-content\\\/uploads\\\/2023\\\/09\\\/cropped-buss.gif\",\"contentUrl\":\"https:\\\/\\\/editionsbussiere.com\\\/blog\\\/wp-content\\\/uploads\\\/2023\\\/09\\\/cropped-buss.gif\",\"width\":298,\"height\":120,\"caption\":\"editionsbussiere\"},\"image\":{\"@id\":\"https:\\\/\\\/editionsbussiere.com\\\/blog\\\/#\\\/schema\\\/logo\\\/image\\\/\"}},{\"@type\":\"Person\",\"@id\":\"https:\\\/\\\/editionsbussiere.com\\\/blog\\\/#\\\/schema\\\/person\\\/ec90e102792148c97e46ab871010dd8f\",\"name\":\"Marie BATICLE\",\"image\":{\"@type\":\"ImageObject\",\"inLanguage\":\"fr-FR\",\"@id\":\"https:\\\/\\\/secure.gravatar.com\\\/avatar\\\/c923e52403b1b8137e2d929127211d21967e6aecaa053bd43b09da29f212e76e?s=96&d=mm&r=g\",\"url\":\"https:\\\/\\\/secure.gravatar.com\\\/avatar\\\/c923e52403b1b8137e2d929127211d21967e6aecaa053bd43b09da29f212e76e?s=96&d=mm&r=g\",\"contentUrl\":\"https:\\\/\\\/secure.gravatar.com\\\/avatar\\\/c923e52403b1b8137e2d929127211d21967e6aecaa053bd43b09da29f212e76e?s=96&d=mm&r=g\",\"caption\":\"Marie BATICLE\"},\"url\":\"https:\\\/\\\/editionsbussiere.com\\\/blog\\\/author\\\/eremarie\\\/\"}]}<\/script>\n<!-- \/ Yoast SEO plugin. -->","yoast_head_json":{"title":"Le Vatican r\u00e9prime les miracles. Voici les nouvelles r\u00e8gles pour prier la m\u00e8re de dieu Marie. - EDITIONSBUSSIERE","robots":{"index":"index","follow":"follow","max-snippet":"max-snippet:-1","max-image-preview":"max-image-preview:large","max-video-preview":"max-video-preview:-1"},"canonical":"https:\/\/editionsbussiere.com\/blog\/le-vatican-reprime-les-miracles-voici-les-nouvelles-regles-pour-prier-la-mere-de-dieu-marie\/","og_locale":"fr_FR","og_type":"article","og_title":"Le Vatican r\u00e9prime les miracles. Voici les nouvelles r\u00e8gles pour prier la m\u00e8re de dieu Marie. - EDITIONSBUSSIERE","og_description":"De nouvelles normes permettant de diff\u00e9rencier les ph\u00e9nom\u00e8nes surnaturels des ph\u00e9nom\u00e8nes naturels au sein du catholicisme romain sont entr\u00e9es en vigueur le 19 mai. Les nouvelles normes naissent de la n\u00e9cessit\u00e9 d\u2019\u00e9valuer le plus rapidement possible l\u2019origine surnaturelle ou non d\u2019un ensemble de ph\u00e9nom\u00e8nes qui se produisent de plus en plus dans le monde catholique [&hellip;]","og_url":"https:\/\/editionsbussiere.com\/blog\/le-vatican-reprime-les-miracles-voici-les-nouvelles-regles-pour-prier-la-mere-de-dieu-marie\/","og_site_name":"EDITIONSBUSSIERE","article_published_time":"2024-05-27T07:29:32+00:00","og_image":[{"url":"https:\/\/editionsbussiere.com\/blog\/wp-content\/uploads\/2024\/05\/Le-Vatican-reprime-les-miracles-Voici-les-nouvelles-regles-afin-1024x576-1.jpg","type":"","width":"","height":""}],"author":"Marie BATICLE","twitter_card":"summary_large_image","twitter_misc":{"\u00c9crit par":"Marie BATICLE","Dur\u00e9e de lecture estim\u00e9e":"14 minutes"},"schema":{"@context":"https:\/\/schema.org","@graph":[{"@type":"Article","@id":"https:\/\/editionsbussiere.com\/blog\/le-vatican-reprime-les-miracles-voici-les-nouvelles-regles-pour-prier-la-mere-de-dieu-marie\/#article","isPartOf":{"@id":"https:\/\/editionsbussiere.com\/blog\/le-vatican-reprime-les-miracles-voici-les-nouvelles-regles-pour-prier-la-mere-de-dieu-marie\/"},"author":{"name":"Marie BATICLE","@id":"https:\/\/editionsbussiere.com\/blog\/#\/schema\/person\/ec90e102792148c97e46ab871010dd8f"},"headline":"Le Vatican r\u00e9prime les miracles. Voici les nouvelles r\u00e8gles pour prier la m\u00e8re de dieu Marie.","datePublished":"2024-05-27T07:29:32+00:00","mainEntityOfPage":{"@id":"https:\/\/editionsbussiere.com\/blog\/le-vatican-reprime-les-miracles-voici-les-nouvelles-regles-pour-prier-la-mere-de-dieu-marie\/"},"wordCount":2902,"publisher":{"@id":"https:\/\/editionsbussiere.com\/blog\/#organization"},"image":{"@id":"https:\/\/editionsbussiere.com\/blog\/le-vatican-reprime-les-miracles-voici-les-nouvelles-regles-pour-prier-la-mere-de-dieu-marie\/#primaryimage"},"thumbnailUrl":"https:\/\/editionsbussiere.com\/blog\/wp-content\/uploads\/2024\/05\/Le-Vatican-reprime-les-miracles-Voici-les-nouvelles-regles-afin-1024x576-1.jpg","articleSection":["Editions \u00c9sot\u00e9rique Fond\u00e9e En 1927; D\u00e9p\u00e8ches:"],"inLanguage":"fr-FR"},{"@type":"WebPage","@id":"https:\/\/editionsbussiere.com\/blog\/le-vatican-reprime-les-miracles-voici-les-nouvelles-regles-pour-prier-la-mere-de-dieu-marie\/","url":"https:\/\/editionsbussiere.com\/blog\/le-vatican-reprime-les-miracles-voici-les-nouvelles-regles-pour-prier-la-mere-de-dieu-marie\/","name":"Le Vatican r\u00e9prime les miracles. Voici les nouvelles r\u00e8gles pour prier la m\u00e8re de dieu Marie. - EDITIONSBUSSIERE","isPartOf":{"@id":"https:\/\/editionsbussiere.com\/blog\/#website"},"primaryImageOfPage":{"@id":"https:\/\/editionsbussiere.com\/blog\/le-vatican-reprime-les-miracles-voici-les-nouvelles-regles-pour-prier-la-mere-de-dieu-marie\/#primaryimage"},"image":{"@id":"https:\/\/editionsbussiere.com\/blog\/le-vatican-reprime-les-miracles-voici-les-nouvelles-regles-pour-prier-la-mere-de-dieu-marie\/#primaryimage"},"thumbnailUrl":"https:\/\/editionsbussiere.com\/blog\/wp-content\/uploads\/2024\/05\/Le-Vatican-reprime-les-miracles-Voici-les-nouvelles-regles-afin-1024x576-1.jpg","datePublished":"2024-05-27T07:29:32+00:00","breadcrumb":{"@id":"https:\/\/editionsbussiere.com\/blog\/le-vatican-reprime-les-miracles-voici-les-nouvelles-regles-pour-prier-la-mere-de-dieu-marie\/#breadcrumb"},"inLanguage":"fr-FR","potentialAction":[{"@type":"ReadAction","target":["https:\/\/editionsbussiere.com\/blog\/le-vatican-reprime-les-miracles-voici-les-nouvelles-regles-pour-prier-la-mere-de-dieu-marie\/"]}]},{"@type":"ImageObject","inLanguage":"fr-FR","@id":"https:\/\/editionsbussiere.com\/blog\/le-vatican-reprime-les-miracles-voici-les-nouvelles-regles-pour-prier-la-mere-de-dieu-marie\/#primaryimage","url":"https:\/\/editionsbussiere.com\/blog\/wp-content\/uploads\/2024\/05\/Le-Vatican-reprime-les-miracles-Voici-les-nouvelles-regles-afin-1024x576-1.jpg","contentUrl":"https:\/\/editionsbussiere.com\/blog\/wp-content\/uploads\/2024\/05\/Le-Vatican-reprime-les-miracles-Voici-les-nouvelles-regles-afin-1024x576-1.jpg","width":1024,"height":576,"caption":"Le Vatican reprime les miracles Voici les nouvelles regles afin 1024x576 1"},{"@type":"BreadcrumbList","@id":"https:\/\/editionsbussiere.com\/blog\/le-vatican-reprime-les-miracles-voici-les-nouvelles-regles-pour-prier-la-mere-de-dieu-marie\/#breadcrumb","itemListElement":[{"@type":"ListItem","position":1,"name":"Accueil","item":"https:\/\/editionsbussiere.com\/blog\/"},{"@type":"ListItem","position":2,"name":"Le Vatican r\u00e9prime les miracles. Voici les nouvelles r\u00e8gles pour prier la m\u00e8re de dieu Marie."}]},{"@type":"WebSite","@id":"https:\/\/editionsbussiere.com\/blog\/#website","url":"https:\/\/editionsbussiere.com\/blog\/","name":"EDITIONSBUSSIERE","description":"Editions \u00e9sot\u00e9rique fond\u00e9e en 1927; site historique, A SAVOIR ET RETENIR.","publisher":{"@id":"https:\/\/editionsbussiere.com\/blog\/#organization"},"potentialAction":[{"@type":"SearchAction","target":{"@type":"EntryPoint","urlTemplate":"https:\/\/editionsbussiere.com\/blog\/?s={search_term_string}"},"query-input":{"@type":"PropertyValueSpecification","valueRequired":true,"valueName":"search_term_string"}}],"inLanguage":"fr-FR"},{"@type":"Organization","@id":"https:\/\/editionsbussiere.com\/blog\/#organization","name":"editionsbussiere","url":"https:\/\/editionsbussiere.com\/blog\/","logo":{"@type":"ImageObject","inLanguage":"fr-FR","@id":"https:\/\/editionsbussiere.com\/blog\/#\/schema\/logo\/image\/","url":"https:\/\/editionsbussiere.com\/blog\/wp-content\/uploads\/2023\/09\/cropped-buss.gif","contentUrl":"https:\/\/editionsbussiere.com\/blog\/wp-content\/uploads\/2023\/09\/cropped-buss.gif","width":298,"height":120,"caption":"editionsbussiere"},"image":{"@id":"https:\/\/editionsbussiere.com\/blog\/#\/schema\/logo\/image\/"}},{"@type":"Person","@id":"https:\/\/editionsbussiere.com\/blog\/#\/schema\/person\/ec90e102792148c97e46ab871010dd8f","name":"Marie BATICLE","image":{"@type":"ImageObject","inLanguage":"fr-FR","@id":"https:\/\/secure.gravatar.com\/avatar\/c923e52403b1b8137e2d929127211d21967e6aecaa053bd43b09da29f212e76e?s=96&d=mm&r=g","url":"https:\/\/secure.gravatar.com\/avatar\/c923e52403b1b8137e2d929127211d21967e6aecaa053bd43b09da29f212e76e?s=96&d=mm&r=g","contentUrl":"https:\/\/secure.gravatar.com\/avatar\/c923e52403b1b8137e2d929127211d21967e6aecaa053bd43b09da29f212e76e?s=96&d=mm&r=g","caption":"Marie BATICLE"},"url":"https:\/\/editionsbussiere.com\/blog\/author\/eremarie\/"}]}},"_links":{"self":[{"href":"https:\/\/editionsbussiere.com\/blog\/wp-json\/wp\/v2\/posts\/659","targetHints":{"allow":["GET"]}}],"collection":[{"href":"https:\/\/editionsbussiere.com\/blog\/wp-json\/wp\/v2\/posts"}],"about":[{"href":"https:\/\/editionsbussiere.com\/blog\/wp-json\/wp\/v2\/types\/post"}],"author":[{"embeddable":true,"href":"https:\/\/editionsbussiere.com\/blog\/wp-json\/wp\/v2\/users\/3"}],"replies":[{"embeddable":true,"href":"https:\/\/editionsbussiere.com\/blog\/wp-json\/wp\/v2\/comments?post=659"}],"version-history":[{"count":0,"href":"https:\/\/editionsbussiere.com\/blog\/wp-json\/wp\/v2\/posts\/659\/revisions"}],"wp:featuredmedia":[{"embeddable":true,"href":"https:\/\/editionsbussiere.com\/blog\/wp-json\/wp\/v2\/media\/660"}],"wp:attachment":[{"href":"https:\/\/editionsbussiere.com\/blog\/wp-json\/wp\/v2\/media?parent=659"}],"wp:term":[{"taxonomy":"category","embeddable":true,"href":"https:\/\/editionsbussiere.com\/blog\/wp-json\/wp\/v2\/categories?post=659"},{"taxonomy":"post_tag","embeddable":true,"href":"https:\/\/editionsbussiere.com\/blog\/wp-json\/wp\/v2\/tags?post=659"}],"curies":[{"name":"wp","href":"https:\/\/api.w.org\/{rel}","templated":true}]}}