{"id":653,"date":"2024-05-25T19:39:13","date_gmt":"2024-05-25T17:39:13","guid":{"rendered":"https:\/\/editionsbussiere.com\/blog\/leglise-doit-sunir-pour-lutter-contre-le-fleau-de-la-traite-des-etres-humains-declare-le-pape-supplication-en-debut-de-journee\/"},"modified":"2024-05-25T19:39:13","modified_gmt":"2024-05-25T17:39:13","slug":"leglise-doit-sunir-pour-lutter-contre-le-fleau-de-la-traite-des-etres-humains-declare-le-pape-supplication-en-debut-de-journee","status":"publish","type":"post","link":"https:\/\/editionsbussiere.com\/blog\/leglise-doit-sunir-pour-lutter-contre-le-fleau-de-la-traite-des-etres-humains-declare-le-pape-supplication-en-debut-de-journee\/","title":{"rendered":"L&rsquo;\u00c9glise doit s&rsquo;unir pour lutter contre le fl\u00e9au de la traite des \u00eatres humains, d\u00e9clare le pape\n &amp; supplication en d\u00e9but de journ\u00e9e."},"content":{"rendered":"<div><img width=\"580\" height=\"387\" src=\"https:\/\/editionsbussiere.com\/blog\/wp-content\/uploads\/2024\/05\/L39Eglise-doit-s39unir-pour-lutter-contre-le-fleau-de-la.jpg\" class=\"attachment-large size-large wp-post-image\" alt=\"L'\u00c9glise doit s'unir pour lutter contre le fl\u00e9au de la\" style=\"float:left; margin:0 15px 15px 0;\" decoding=\"async\" srcset=\"https:\/\/editionsbussiere.com\/blog\/wp-content\/uploads\/2024\/05\/L39Eglise-doit-s39unir-pour-lutter-contre-le-fleau-de-la.jpg 900w, https:\/\/www.n42.fr\/wp-content\/uploads\/2024\/05\/L39Eglise-doit-s39unir-pour-lutter-contre-le-fleau-de-la-300x200.jpg 300w, https:\/\/www.n42.fr\/wp-content\/uploads\/2024\/05\/L39Eglise-doit-s39unir-pour-lutter-contre-le-fleau-de-la-768x512.jpg 768w\" sizes=\"(max-width: 580px) 100vw, 580px\"><\/p>\n<p>\n<\/p>\n<div>\n<p>CIT\u00c9 DU VATICAN (CNS) \u2014 Les catholiques luttant contre la traite des \u00eatres humains doivent travailler ensemble afin d&rsquo;\u00eatre v\u00e9ritablement efficaces contre ce crime \u00ab odieux \u00bb, a d\u00e9clar\u00e9 le pape Fran\u00e7ois \u00e0 un r\u00e9seau international de religieux \u0153uvrant contre la traite des \u00eatres humains.<\/p>\n<p>\u00ab\u00a0La traite des \u00eatres humains est un mal \u00ab\u00a0syst\u00e9mique\u00a0\u00bb et, par cons\u00e9quent, nous pouvons et devons l&rsquo;\u00e9liminer gr\u00e2ce \u00e0 une approche syst\u00e9matique \u00e0 plusieurs niveaux\u00a0\u00bb, a-t-il d\u00e9clar\u00e9 dans un message envoy\u00e9 le 23 mai au r\u00e9seau Talitha Kum, qui tenait sa deuxi\u00e8me conf\u00e9rence g\u00e9n\u00e9rale. assembl\u00e9e \u00e0 Sacrofano, pr\u00e8s de Rome, du 18 au 24 mai.<\/p>\n<p>Quelque 153 d\u00e9l\u00e9gu\u00e9s et participants de 71 pays, tous repr\u00e9sentant les 60 r\u00e9seaux Talitha Kum, ont assist\u00e9 \u00e0 l&rsquo;assembl\u00e9e.  Le r\u00e9seau mondial c\u00e9l\u00e9brait son 15e anniversaire depuis sa cr\u00e9ation sous l&rsquo;\u00e9gide de l&rsquo;Union internationale des Sup\u00e9rieurs g\u00e9n\u00e9raux en 2009.<\/p>\n<p>\u00ab La traite est aliment\u00e9e par les guerres et les conflits, se nourrit des effets du changement climatique et des disparit\u00e9s socio-\u00e9conomiques et profite de la vuln\u00e9rabilit\u00e9 de ceux qui sont contraints de migrer, ainsi que des conditions d&rsquo;in\u00e9galit\u00e9 dans lesquelles elles se trouvent, en particulier les femmes et les filles. \u00bb, a \u00e9crit le pape.<\/p>\n<p>\u00ab Le trafic est une &lsquo;business&rsquo; qui manque de respect et m\u00e9prise la dignit\u00e9 humaine, g\u00e9n\u00e9rant d&rsquo;\u00e9normes profits \u00e0 ceux qui sont sans scrupules \u00bb, a-t-il \u00e9crit.<\/p>\n<p>\u00abPourtant, nous ne devons pas nous d\u00e9courager\u00bb, a-t-il \u00e9crit.  \u00ab Avec la puissance de l\u2019Esprit de J\u00e9sus-Christ et le d\u00e9vouement de tant de personnes, nous pouvons r\u00e9ussir \u00e0 l\u2019\u00e9liminer. \u00bb<\/p>\n<p>\u00ab Pour \u00eatre vraiment efficaces contre cet odieux ph\u00e9nom\u00e8ne criminel, nous devons \u00eatre une communaut\u00e9 \u00bb, ce qui est exprim\u00e9 dans le th\u00e8me de l&rsquo;assembl\u00e9e : \u00ab Cheminer ensemble pour mettre fin \u00e0 la traite des \u00eatres humains : la compassion en action pour la transformation \u00bb, a \u00e9crit le pape.<\/p>\n<p>Il a exhort\u00e9 le r\u00e9seau mondial enracin\u00e9 dans les \u00e9glises locales \u00e0 poursuivre ce qu&rsquo;il a toujours fait, \u00ab se tenir aux c\u00f4t\u00e9s des victimes, les \u00e9couter, les aider \u00e0 se remettre sur pied et \u00e0 agir ensemble contre la traite \u00bb, notamment en lan\u00e7ant des appels pour que rappeler aux institutions et aux gouvernements \u00ab d\u2019assumer leurs responsabilit\u00e9s \u00e0 cet \u00e9gard \u00bb.<\/p>\n<p>Le pape a \u00e9galement assur\u00e9 \u00e0 Talitha Kum qu\u2019il lirait attentivement \u00ab et promouvrait \u00bb la d\u00e9claration finale r\u00e9dig\u00e9e lors de leur assembl\u00e9e.<\/p>\n<p>La d\u00e9claration de trois pages pr\u00e9sente les trois priorit\u00e9s du r\u00e9seau pour 2025-2030 et a r\u00e9affirm\u00e9 son engagement envers les priorit\u00e9s d\u00e8s sa premi\u00e8re assembl\u00e9e en 2019.<\/p>\n<p>Parmi ses nouvelles priorit\u00e9s, Talitha Kum s\u2019est engag\u00e9e \u00e0 diversifier ses membres et \u00e0 \u00e9largir ses partenariats entre \u00ab les dirigeants religieux, les autres religions et communaut\u00e9s confessionnelles, les organisations gouvernementales, les ONG, les femmes et les hommes, les jeunes et les vieux \u00bb.<\/p>\n<p>Le r\u00e9seau \u00ab est vivant aujourd\u2019hui gr\u00e2ce \u00e0 l\u2019engagement courageux et durable des religieuses et de leurs collaborateurs \u00bb, peut-on lire.  \u00ab Nous consid\u00e9rons les la\u00efcs, le clerg\u00e9 et les jeunes comme la cl\u00e9 de la durabilit\u00e9 \u00e0 long terme de notre travail visant \u00e0 mettre fin \u00e0 la traite des \u00eatres humains. \u00bb<\/p>\n<p>Un plus grand engagement communautaire et une collaboration \u00e9largie seront essentiels pour sensibiliser, \u00ab d\u00e9fendre l\u2019\u00e9galit\u00e9 entre les femmes et les hommes et le respect des droits de l\u2019homme \u00bb, partager les meilleures pratiques et l\u2019analyse des donn\u00e9es, et favoriser la participation active des jeunes en tant que tels. \u00ab\u00a0les leaders de nos campagnes en ligne\u00a0\u00bb, indique la d\u00e9claration.<\/p>\n<p>Le renforcement de son approche \u00ab holistique et centr\u00e9e sur les survivants \u00bb \u00e9tait une autre priorit\u00e9, a-t-il d\u00e9clar\u00e9.  Il cherchera \u00e0 \u00eatre encore plus \u00ab inform\u00e9 des survivants et sensible aux traumatismes \u2013 en \u00e9coutant leurs histoires, en les consultant dans les processus de prise de d\u00e9cision et en les pla\u00e7ant au c\u0153ur de nos r\u00e9seaux \u00bb.<\/p>\n<p>Le groupe s\u2019est engag\u00e9 \u00e0 promouvoir \u00ab des espaces\/refuges s\u00fbrs et s\u00e9curis\u00e9s, le soutien par les pairs entre survivants et les initiatives dirig\u00e9es par les survivants \u00bb, a-t-il d\u00e9clar\u00e9, ainsi qu\u2019\u00e0 \u00ab \u00e9tablir des espaces d\u2019\u00e9coute sans jugement, des lignes d\u2019assistance t\u00e9l\u00e9phonique et des rapports sur les applications mobiles \u00bb.<\/p>\n<p>Parce que les syst\u00e8mes complexes qui permettent la traite des \u00eatres humains \u00ab doivent \u00eatre d\u00e9mantel\u00e9s gr\u00e2ce \u00e0 des mesures concr\u00e8tes vers une transformation sociale, \u00e9conomique, culturelle et politique \u00bb, il a d\u00e9clar\u00e9 qu&rsquo;il s&rsquo;engagerait \u00e0 \u00ab donner aux femmes, aux enfants et aux jeunes les moyens de parvenir \u00e0 des soci\u00e9t\u00e9s plus justes et \u00e9quitables \u00bb et \u00ab adopter des strat\u00e9gies efficaces pour r\u00e9duire la demande de trafic d\u2019\u00eatres humains, notamment par l\u2019\u00e9ducation des gar\u00e7ons et des hommes et par le plaidoyer en faveur de voies de migration r\u00e9guli\u00e8res.<\/p>\n<p>Plaider en faveur de poursuites contre les trafiquants et en faveur de politiques et de lois efficaces, ainsi que d&rsquo;exposer les risques du trafic en ligne et des m\u00e9dias sociaux sont \u00e9galement des priorit\u00e9s, a-t-il d\u00e9clar\u00e9.<\/p>\n<p>S\u0153ur Mary T. Barron, sup\u00e9rieure des S\u0153urs Missionnaires de Notre-Dame des Ap\u00f4tres et pr\u00e9sidente de l&rsquo;Union Internationale des Sup\u00e9rieures G\u00e9n\u00e9rales, a d\u00e9clar\u00e9 dans son discours d&rsquo;ouverture \u00e0 l&rsquo;assembl\u00e9e que leurs \u00ab efforts collectifs pour combattre ce crime odieux \u00bb ne refl\u00e8tent pas de simples \u00ab l&rsquo;activisme social ;  nous donnons vie \u00e0 une th\u00e9ologie de la lib\u00e9ration qui d\u00e9fend la valeur intrins\u00e8que de chaque \u00eatre humain.<\/p>\n<p>\u00ab Notre foi n&rsquo;est pas passive mais exige un engagement actif dans la poursuite de la justice et de la restauration de la dignit\u00e9 humaine \u00bb, a-t-elle d\u00e9clar\u00e9 le 18 mai.<\/p>\n<p>\u00ab Que les quinze prochaines ann\u00e9es soient marqu\u00e9es par des r\u00e9alisations encore plus grandes, alors que nous nous effor\u00e7ons non seulement de lib\u00e9rer les opprim\u00e9s mais aussi de d\u00e9manteler les syst\u00e8mes m\u00eames qui perp\u00e9tuent l&rsquo;injustice \u00bb, a-t-elle ajout\u00e9.<\/p>\n<section class=\"ab-block-post-grid featuredpost aligncenter\">\n<h2 class=\"ab-post-grid-section-title\">Lire la suite des Nouvelles du Vatican<\/h2>\n<\/section>\n<p class=\"post-copyright\">Copyright \u00a9 2024 Catholic News Service\/Conf\u00e9rence am\u00e9ricaine des \u00e9v\u00eaques catholiques<\/p>\n<p class=\"print-friendly\"><img decoding=\"async\" class=\"WP-PrintIcon\" src=\"https:\/\/editionsbussiere.com\/blog\/wp-content\/uploads\/2024\/05\/printer_famfamfam-6.gif\" alt=\"Imprimer\" title=\"Imprimer\" style=\"border: 0px;\"> Imprimer<\/p>\n<p>\t\t\t<!--<rdf:RDF xmlns:rdf=\"http:\/\/www.w3.org\/1999\/02\/22-rdf-syntax-ns#\"\n\t\t\txmlns:dc=\"http:\/\/purl.org\/dc\/elements\/1.1\/\"\n\t\t\txmlns:trackback=\"http:\/\/madskills.com\/public\/xml\/rss\/module\/trackback\/\">\n\t\t<rdf:Description rdf:about=\"https:\/\/catholicreview.org\/church-must-band-together-to-fight-evil-of-human-trafficking-pope-says\/\"\n    dc:identifier=\"https:\/\/catholicreview.org\/church-must-band-together-to-fight-evil-of-human-trafficking-pope-says\/\"\n    dc:title=\"Church must band together to fight evil of human trafficking, pope says\"\n    trackback:ping=\"https:\/\/catholicreview.org\/church-must-band-together-to-fight-evil-of-human-trafficking-pope-says\/trackback\/\" \/>\n<\/rdf:RDF>-->\n<\/p>\n<\/div>\n<h2>Une p\u00e9riode de pri\u00e8re intime en vue de nous ouvrir \u00e0 Dieu. <\/h2>\n<p>Adorable P\u00e8re c\u00e9leste, je me pr\u00e9sente face \u00e0 toi afin que je puisse te remercier \u00e0 cause de cette in\u00e9dite journ\u00e9e. Je te loue pour ta bienveillance et aussi ton engagement envers moi. Je te supplie de me remplir de ton esprit et de me fournir la gr\u00e2ce d\u2019\u00e9prouver ta pr\u00e8s de moi durant de cette journ\u00e9e. Je te remets toutes mes soucis, mes joies, mes chagrins, mes d\u00e9sirs et mes esp\u00e9rances. Que ton esprit sacr\u00e9 \u00e9claire mon esprit et consolide ma foi, pour que je puisse avancer dans ton chemin et r\u00e9aliser ta volont\u00e9. Donne-moi la gr\u00e2ce de vivre selon la compassion qui tu nous as enseign\u00e9 le mod\u00e8le \u00e0 travers ton Fils admir\u00e9, J\u00e9sus-Christ.<\/p>\n<h3> Note de compr\u00e9hension : <\/h3>\n<p>La pratique de pri\u00e8re nous plonge dans la famille divine, dans laquelle le Seigneur le Cr\u00e9ateur nous re\u00e7oit tel ses fils et filles bien-aim\u00e9s. Au sein de cette connexion familial, nous rencontrons le courage et aussi le r\u00e9confort pour affronter les \u00e9preuves de ce monde. La pri\u00e8re nous rem\u00e9more la parole de Pierre, celui-ci incite les chr\u00e9tiennes et les chr\u00e9tiens \u00e0 demeurer fermes dans la foi, m\u00eame au milieu des temp\u00eates de la vie.<\/p>\n<h3>\nRenforcer notre connexion avec J\u00e9sus d\u00e8s le matin<\/h3>\n<p>Nous pouvons ruminer \u00e0 propos de l\u2019un des \u00e9vangiles pour nous ouvrir \u00e0 J\u00e9sus. Par exemple :<\/p>\n<h3>Jean 15, 9-17 : <\/h3>\n<p>\u00a0\u00bb Ce n\u2019est pas vous qui m\u2019avez choisi; mais c\u2019est moi qui vous ai choisis, et qui vous ai \u00e9tablis, afin que vous alliez, et que vous portiez du fruit, et que votre fruit demeure, afin que ce que vous demanderez au P\u00e8re en mon nom, il vous le donne. Ce que je vous commande, c\u2019est de vous aimer les uns les autres.\u00a0\u00bb<\/p>\n<h2> Demander r\u00e9mission \u00e0 Dieu en raison de nos p\u00e9ch\u00e9s <\/h2>\n<p>Seigneur J\u00e9sus, j\u2019arrive te implorer de pardonner mes p\u00e9ch\u00e9s. Je reconnais que je ne suis pas sans d\u00e9faut et que j\u2019ai besoin de ta sainte mis\u00e9ricorde. Je te demande de me lib\u00e9rer de chaque ce qui me s\u00e9pare de toi et de me donner la gr\u00e2ce afin de vivre en accord avec ta volont\u00e9. Que ta b\u00e9n\u00e9diction sacr\u00e9e \u00e9claire les coins les plus sombres de mon c\u0153ur, purifiant mon \u00eatre et me conduisant sur la voie de la saintet\u00e9. Amen.<\/p>\n<h3> Discussion avec le Seigneur de la m\u00eame mani\u00e8re que avec un ami. <\/h3>\n<p>Nous pouvons communiquer \u00e0 Dieu comme envers un ami fid\u00e8le, le Seigneur confier nos joies et nos peines, l\u2019\u00c9ternel demander de l\u2019aide dans nos d\u00e9fis quotidiens. Par exemple : Dieu, gr\u00e2ce pour cette nouvelle journ\u00e9e. Je m\u2019approche te supplier m\u2019assister \u00e0 \u00eatre tol\u00e9rant \u00e0 l\u2019\u00e9gard de mes enfants et pour me accorder la force de surmonter aux d\u00e9fis de la journ\u00e9e. Je te confie mes projets et mes soucis, et je te demande de me indiquer comment je ai la capacit\u00e9 de te servir et t\u2019honorer aujourd\u2019hui. Accorde-moi, \u00f4 Seigneur, ta connaissance pour que je puisse prendre les bonnes d\u00e9cisions et ta faveur pour traverser les \u00e9preuves avec foi. Amen.<\/p>\n<h3> Un moment de tranquillit\u00e9 pour entendre Dieu. <\/h3>\n<p>Apr\u00e8s la pri\u00e8re et la m\u00e9ditation, il est important de prendre un moment de silence afin de \u00e9couter la voix de Dieu dans nos c\u0153urs. Dans ce silence, nous ressentir sa pr\u00e9sence calme et recevoir ses inspirations pour la journ\u00e9e qui se.<\/p>\n<h3> Se orienter en direction de le Christ en vue de retrouver la paix int\u00e9rieure. <\/h3>\n<p>Nous sommes capables de prier J\u00e9sus de nous accorder sa paix et de nous aider pour \u00e9couter sa parole. Par exemple :<br \/>\nSeigneur J\u00e9sus, je viens te implorer de remplir mon c\u0153ur de ta tendresse. Je te demande de me d\u00e9gager de toutes les pens\u00e9es et les inqui\u00e9tudes m\u2019ennuient. Aide-moi pour \u00e9couter ta parole et en vue de la mettre en pratique dans ma vie. Que ton Esprit Saint, \u00f4 Christ, soit ma force durant de cette journ\u00e9e. Amen.<\/p>\n<h3> Achever la pri\u00e8re matinale en d\u00e9diant notre journ\u00e9e pour Dieu. <\/h3>\n<p>Nous pouvonsoffrir notre journ\u00e9e envers Dieu m\u00eame lui demander pour la remplir de sa pr\u00e9sence et de sa b\u00e9n\u00e9diction. Par exemple :<br \/>\nSeigneur, moi te confie cette journ\u00e9e entre ta mains. Que tous de mes pas soit dirig\u00e9 par ta sagesse, que chacun de mes paroles soit inspir\u00e9e par ton amour. Que toutes mes actions soient accomplies selon ton volont\u00e9, pour ta divine gloire et l\u2019ensemble des bien. Que ta lumi\u00e8re \u00e9claire ma route et \u00e9galement que tu habites mon c\u0153ur. Amen.<\/p>\n<h3> Invocation d\u2019intercession matinale. <\/h3>\n<p>La pri\u00e8re du matin consiste \u00e0 solliciter pour les besoins de tous les chr\u00e9tiennes et de nos chr\u00e9tiens. Nous pouvons prier pour les personnes dans le besoin, pour les malades, pour les personnes qui souffrent, pour les personnes qui se trouvent confront\u00e9es \u00e0 des difficult\u00e9s, pour les personnes d\u00e9courag\u00e9es et pour les personnes qui dans l\u2019erreur.<\/p>\n<h3> Prier en vue de l\u2019ensemble des individus dans le besoin. <\/p>\n<h3>\n<\/h3>\n<\/h3>\n<p>Seigneur, dans votre grande mis\u00e9ricorde, tu te supplions afin de l\u2019ensemble des personnes qui traversent des difficult\u00e9s financi\u00e8res. Que tu leur accordes la force et la pers\u00e9v\u00e9rance en vue de affronter ces \u00e9preuves, ainsi que que tu leur apportes les ressources n\u00e9cessaires afin de subvenir \u00e0 chaque leurs besoins. Accorde-leur, Grand, sa providence pour illuminer leur pas dans les t\u00e9n\u00e8bres de leurs soucis financiers.<\/p>\n<p>On te implorons \u00e9galement en vue de l\u2019ensemble des personnes qui luttent vis-\u00e0-vis de d\u2019innombrables probl\u00e8mes de sant\u00e9. Que ta main puissante se pose sur elles, Seigneur, pour les gu\u00e9rir ainsi que les r\u00e9conforter dans leur douleur. Accorde-leur, Dieu Tout-Puissant, la force et aussi le courage afin de faire face \u00e0 leurs d\u00e9fis de sant\u00e9 en confiance en votre divine providence.<\/p>\n<p>Nous autres te prions \u00e9galement afin de l\u2019ensemble des personnes qui sont confront\u00e9es face \u00e0 des difficult\u00e9s dans leur vie, quelle que soit ce soit-ce sur le domaine professionnel, relationnel ou encore \u00e9motionnel. Que ta gr\u00e2ce, Seigneur, reste leur soutien et aussi leur r\u00e9confort dans ces moments d\u2019\u00e9preuve. Accorde-leur, Grand, ton Esprit Saint en vue de guider leur chemin et les guider vers la s\u00e9r\u00e9nit\u00e9.<\/p>\n<p>En conclusion, nous lui prions en vue de toutes personnes qui sont sans-abri, celles qui sont marginalis\u00e9es et aussi exclues de la soci\u00e9t\u00e9. Que ta mis\u00e9ricorde, Seigneur, se r\u00e9pande sur elles comme une certaine douce ros\u00e9e, leur apportant r\u00e9confort et \u00e9galement espoir dans leur d\u00e9tresse. Accorde-leur, Dieu Tout-Puissant, des mains g\u00e9n\u00e9reuses en vue de les aider et des c\u0153urs compatissants en vue de les accueillir dans leur communaut\u00e9.<\/p>\n<h3> \u00e9claircissement sur la pri\u00e8re du matin. <\/h3>\n<p>Durant la pri\u00e8re, nous \u00e9voquons nos c\u0153urs envers le Ciel, suppliant la lumi\u00e8re de Dieu pour illuminer nos chemins sombres. Marie, notre m\u00e8re, nous soutient dans ce parcours, nous \u00e9duquant \u00e0 ruminer sur les myst\u00e8res de la vie de son divin enfant. Elle nous guide vers J\u00e9sus, le rayon du monde, qui \u00e9claire nos t\u00e9n\u00e8bres et nous conduit \u00e0 la v\u00e9rit\u00e9.<br \/>\nLa supplication nous relie aussi \u00e0 notre communaut\u00e9 religieuse, la communaut\u00e9 des croyants, o\u00f9 nous \u00e9changeons nos contentements et nos douleurs, nos esp\u00e9rances et nos inqui\u00e9tudes. Collectivement, nous formons le corps du Christ, d\u00e9sign\u00e9s \u00e0 attester de son amour. Par nos invocations, nous interc\u00e9dons pour les exigences des croyantes et des fid\u00e8les, donnant notre amour et notre piti\u00e9 \u00e0 ceux qui \u00e9prouvent.<br \/>\nUnissons-nous dans la pri\u00e8re de debut de journ\u00e9e, dans l\u2019unit\u00e9 de notre foi, en nous tournant vers Marie, la m\u00e8re de J\u00e9sus. Au sein de notre monde tourment\u00e9 par les conflits et la discorde, recourons \u00e0 la pri\u00e8re comme un moyen pour retrouver la paix et l\u2019harmonie. On peut faire d\u00e9poser une demande pour la Sainte Vierge <a target=\"_blank\" rel=\"nofollow\" href=\"https:\/\/editionsbussiere.com\/blog\/goto\/https:\/\/www.avemariasound.org\/\" >ici.<\/a> Que nos pri\u00e8res s\u2019\u00e9l\u00e8vent vers le ciel, comme un hommage re\u00e7u avec faveur \u00e0 Dieu, afin qu\u2019il puisse \u00e9clairer nos pas sur le chemin de la v\u00e9rit\u00e9 et de la justice. Saint Paul nous dans ses lettres \u00e0 prier sans cesse, quelle que soit la situation, pour que notre communion avec Dieu reste solide et passionn\u00e9e. La pri\u00e8re, lorsqu\u2019elle est offerte sinc\u00e8rement, a la capacit\u00e9 de changer les c\u0153urs et de modifier le destin de l\u2019histoire.<\/p>\n<h2> \u00c9lever nos pri\u00e8res pour nos amis au Seigneur au lever du jour.<\/h2>\n<p>La ultime section de la pri\u00e8re du matin consiste \u00e0 prier pour nos propres \u00eatres chers, notre propre famille, nos amis et notre propre communaut\u00e9. Nous pouvons prier pour leur, leur bien-\u00eatre, leur protection, et leur prosp\u00e9rit\u00e9. Nous pouvons \u00e9galement prier pour nos d\u00e9tracteurs et pour ceux qui nous ont l\u00e9s\u00e9s, et demander \u00e0 Dieu de nous aider \u00e0 leur pardonner et \u00e0 leur montrer la compassion.<\/p>\n<h3> Implorer pour la sant\u00e9 et la s\u00fbret\u00e9 de nos proches.<\/h3>\n<p>Dieu tout-puissant, nous tous te confions nos familles, nos familles et nos amis. Veille, \u00d4 Dieu, sur eux, ainsi que sauvegarde -les de tout p\u00e9ril et de toute affliction. Offre, Dieu mis\u00e9ricordieux, une bien-\u00eatre du corps et de l\u2019esprit \u00e0 eux, et la paix dans leur c\u0153ur. Que ta protection puissante les esprits garde ainsi que les dirige chacun au long de cette journ\u00e9e, pour qu\u2019il puissent puissent vivre dans une tranquillit\u00e9 et la qui\u00e9tude.<\/p>\n<p>Nous \u00e0 toi prions \u00e9galement pour nos enfants, Seigneur, pour qu\u2019ils grandissent dans la foi ainsi que dans l\u2019amour de ton sacr\u00e9 nom. Donne, \u00f4 Dieu, une sagesse avec la force n\u00e9cessaires pour surmonter les d\u00e9fis de la vie, et dirige leurs pas sur le chemin de la v\u00e9rit\u00e9 et aussi de la justice.<\/p>\n<p>Enfin, nous tous te prions pour nos amis et aussi nos voisins, Seigneur, afin qu\u2019ils connaissent la joie de ton amour avec la tranquillit\u00e9 de ton pardon. Donne-leur, \u00d4 Dieu, de c\u0153urs pleins de g\u00e9n\u00e9rosit\u00e9 pour partager avec ceux qui sont dans le besoin, ainsi que bras accueillantes en vue de accueillir ceux que seuls et abandonn\u00e9s.<\/p>\n<h3> Prier pour les n\u00f4tres ennemis et aussi ceux qui nous autres ont offens\u00e9s. <\/h3>\n<p>\u00d4 Seigneur, le Christ, nous vous prions pour les n\u00f4tres ennemis et aussi pour ceux que nous autres ont offens\u00e9s. Accorde-leur, \u00f4 Christ, ta mis\u00e9ricorde et ton pardon, ainsi que ouvre leur c\u0153ur \u00e0 la lumi\u00e8re de ta v\u00e9rit\u00e9. Aide-nous, Seigneur, \u00e0 leur montrer de la compassion et aussi \u00e0 leur pardonner comme tu nous autres as pardonn\u00e9. Que votre paix r\u00e8gne dans notre c\u0153urs ainsi que que ton amour guide les n\u00f4tres actions, pour que nous puissions vivre en harmonie avec tous ceux que nous autres entourent.<\/p>\n<h3> Saisir l\u2019 pri\u00e8re : <\/h3>\n<p>Pour terminer, la pri\u00e8re nous souviens notre mission tel que enfant de Dieu : exister des t\u00e9moins de sa lumi\u00e8re et de son affection dans l\u2019 p\u00e9riode en proie aux obscurit\u00e9s. \u00c0 travers nos mots et nos actes, nous diffusons la bonne nouvelle de l\u2019 tranquillit\u00e9 et de la conciliation, apportant l\u2019attente et la cicatrisation \u00e0 un milieu bris\u00e9.<\/p>\n<p>Au sein de la foi chr\u00e9tienne, le matin porte une valeur distincte, illustrant l\u2019 rafra\u00eechissement et la r\u00e9g\u00e9n\u00e9ration int\u00e9rieure. C\u2019est au lever du jour de chaque jour que l\u2019\u00e2me se tourne vers l\u2019\u00c9ternel dans la pri\u00e8re, s\u2019effor\u00e7ant \u00e0 devenir \u00e9clair\u00e9e par la clart\u00e9 c\u00e9leste. La coutume des pri\u00e8res matinales est profond\u00e9ment enracin\u00e9e dans la tradition chr\u00e9tienne, fournissant un moment particulier pour se connecter avec Dieu et se pr\u00e9parer mentalement aux d\u00e9fis de la journ\u00e9e \u00e0 venir.<\/p>\n<p>\u00c0 l\u2019int\u00e9rieur au sein de ces pri\u00e8res matinales se observe souvent une d\u00e9votion sp\u00e9ciale envers Marie, la mam de J\u00e9sus et aussi personnage sainte v\u00e9n\u00e9r\u00e9e par de nombreux fid\u00e8les. En qualit\u00e9 de interm\u00e9diaire au milieu de les hommes et Dieu, Marie reste invoqu\u00e9e afin de m\u00e9dier en notre faveur, nous guidant sur le sentier de la saintet\u00e9 ainsi que de la gr\u00e2ce divine. Son apparition maternelle offre r\u00e9confort ainsi que protection, enveloppant nos oraisons matinales d\u2019une douceur c\u00e9leste.<\/p>\n<p>En via les pri\u00e8res du matin, nous sommes appel\u00e9s \u00e0 nous joindre vers Marie au sein de une initiative de sanctification personnelle. En m\u00e9ditant sur la vie et les vertus, nous recherchons \u00e0 imiter sa humilit\u00e9, sa puret\u00e9 et son ob\u00e9issance \u00e0 l\u2019 volont\u00e9 du Dieu. \u00c0 travers sa saintet\u00e9 parfaite, Marie devient pour nous un mod\u00e8le de vie chr\u00e9tienne, on rem\u00e9morant l\u2019importance du pri\u00e8re et de la contemplation au sein de notre cheminement spirituel.<\/p>\n<p>La pri\u00e8re du matin est donc un instant privil\u00e9gi\u00e9 pour nous consacrer vers Dieu avec l\u2019intercession de Marie, en sacrifiant nos adorations, nos actions de gr\u00e2ce et nos intentions les plus profondes. Dans l\u2019 qui\u00e9tude de l\u2019aurore, on est invit\u00e9s \u00e0 tourner vers cette maman divine, laquelle nous guide avec tendresse sur le chemin du la croyance et de l\u2019amour divin. \u00c0 travers unissant nos voix pour celle de Marie, nous \u00e9levons notre pri\u00e8res matinales envers le tr\u00f4ne de la gr\u00e2ce, s\u00fbrs que notre supplications seront entendues et accueillies aupr\u00e8s de du c\u0153ur mis\u00e9ricordieux de Dieu.<\/p>\n<p>Ouvrages sur le m\u00eame sujet:<\/p>\n<p>Nativit\u00e9 (Andr\u00e9 Fontainas).,<a target=\"_blank\" rel=\"nofollow\" href=\"https:\/\/editionsbussiere.com\/blog\/goto\/https:\/\/fr.wikisource.org\/wiki\/Nativit%C3%A9_(Andr%C3%A9_Fontainas)\"  target=\"_blank\" rel=\"noopener noreferrer nofollow\">Cliquer ICI.<\/a><span><\/span>. Suite sur le prochain article.<\/p>\n<p>Les R\u00e9fugi\u00e9s\/XIX.,<a target=\"_blank\" rel=\"nofollow\" href=\"https:\/\/editionsbussiere.com\/blog\/goto\/https:\/\/fr.wikisource.org\/wiki\/Les_R%C3%A9fugi%C3%A9s\/XIX\"  target=\"_blank\" rel=\"noopener noreferrer nofollow\">Le dossier.<\/a><span><\/span><\/p>\n<p>Les Hautes Montagnes\/66.,<a target=\"_blank\" rel=\"nofollow\" href=\"https:\/\/editionsbussiere.com\/blog\/goto\/https:\/\/fr.wikisource.org\/wiki\/Les_Hautes_Montagnes\/66\"  target=\"_blank\" rel=\"noopener noreferrer nofollow\">L\u2019article ICI.<\/a><span><\/span>. Suite sur le prochain article.<\/p>\n<p>La Vocation\/Premi\u00e8re partie\/V.,<a target=\"_blank\" rel=\"nofollow\" href=\"https:\/\/editionsbussiere.com\/blog\/goto\/https:\/\/fr.wikisource.org\/wiki\/La_Vocation\/Premi%C3%A8re_partie\/V\"  target=\"_blank\" rel=\"noopener noreferrer nofollow\">Le texte de l\u2019article.<\/a><span><\/span>. Suite sur le prochain article.<\/p>\n<p>L\u2019Italie d\u2019hier\/Fra Giovanni da Fiesole, dit l\u00a0\u00bb\u2019Angelico\u00a0\u00bb.,<a target=\"_blank\" rel=\"nofollow\" href=\"https:\/\/editionsbussiere.com\/blog\/goto\/https:\/\/fr.wikisource.org\/wiki\/L%E2%80%99Italie_d%E2%80%99hier\/Fra_Giovanni_da_Fiesole,_dit_l%27%27%27Angelico%27%27\"  target=\"_blank\" rel=\"noopener noreferrer nofollow\">Le texte de l\u2019article.<\/a><span><\/span><\/p>\n<p>Correspondance de Gustave Flaubert\/Tome 2\/0281.,<a target=\"_blank\" rel=\"nofollow\" href=\"https:\/\/editionsbussiere.com\/blog\/goto\/https:\/\/fr.wikisource.org\/wiki\/Correspondance_de_Gustave_Flaubert\/Tome_2\/0281\"  target=\"_blank\" rel=\"noopener noreferrer nofollow\">L\u2019article de presse.<\/a><span><\/span>. Suite sur le prochain article.<\/p>\n<\/div>\n<p><img decoding=\"async\" class=\"wpe_imgrss\" src=\"https:\/\/editionsbussiere.com\/blog\/wp-content\/uploads\/2024\/05\/L39Eglise-doit-s39unir-pour-lutter-contre-le-fleau-de-la.jpg\">Cet article a \u00e9t\u00e9 reconstitu\u00e9 du mieux possible. Dans l\u2019hypoth\u00e8se o\u00f9 vous souhaitez apporter quelques modifications concernant le th\u00e8me \u00ab\u00a0Editions \u00e9sot\u00e9rique fond\u00e9e en 1927\u00a0\u00bb, il est possible de discuter avec notre r\u00e9daction. Vous pouvez tirer profit de cet article traitant le sujet \u00ab\u00a0Editions \u00e9sot\u00e9rique fond\u00e9e en 1927\u00a0\u00bb. Il est concoct\u00e9 par l\u2019\u00e9quipe editionsbussiere.com. Le site editionsbussiere.com est fait pour cr\u00e9er divers posts autour du th\u00e8me Editions \u00e9sot\u00e9rique fond\u00e9e en 1927 d\u00e9velopp\u00e9es sur internet. Consultez notre site internet editionsbussiere.com et nos r\u00e9seaux sociaux pour \u00eatre au courant des futures annonces.<\/p>\n","protected":false},"excerpt":{"rendered":"<p>CIT\u00c9 DU VATICAN (CNS) \u2014 Les catholiques luttant contre la traite des \u00eatres humains doivent travailler ensemble afin d&rsquo;\u00eatre v\u00e9ritablement efficaces contre ce crime \u00ab odieux \u00bb, a d\u00e9clar\u00e9 le pape Fran\u00e7ois \u00e0 un r\u00e9seau international de religieux \u0153uvrant contre la traite des \u00eatres humains. \u00ab\u00a0La traite des \u00eatres humains est un mal \u00ab\u00a0syst\u00e9mique\u00a0\u00bb et, [&hellip;]<\/p>\n","protected":false},"author":3,"featured_media":654,"comment_status":"closed","ping_status":"closed","sticky":false,"template":"","format":"standard","meta":{"footnotes":""},"categories":[3],"tags":[],"class_list":["post-653","post","type-post","status-publish","format-standard","has-post-thumbnail","hentry","category-editions-esoterique-fondee-en-1927-depeches","entry","fw-tab-6 fw-tabr-4","has-featured-image"],"yoast_head":"<!-- This site is optimized with the Yoast SEO plugin v27.5 - https:\/\/yoast.com\/product\/yoast-seo-wordpress\/ -->\n<title>L&#039;\u00c9glise doit s&#039;unir pour lutter contre le fl\u00e9au de la traite des \u00eatres humains, d\u00e9clare le pape &amp; supplication en d\u00e9but de journ\u00e9e. - EDITIONSBUSSIERE<\/title>\n<meta name=\"robots\" content=\"index, follow, max-snippet:-1, max-image-preview:large, max-video-preview:-1\" \/>\n<link rel=\"canonical\" href=\"https:\/\/editionsbussiere.com\/blog\/leglise-doit-sunir-pour-lutter-contre-le-fleau-de-la-traite-des-etres-humains-declare-le-pape-supplication-en-debut-de-journee\/\" \/>\n<meta property=\"og:locale\" content=\"fr_FR\" \/>\n<meta property=\"og:type\" content=\"article\" \/>\n<meta property=\"og:title\" content=\"L&#039;\u00c9glise doit s&#039;unir pour lutter contre le fl\u00e9au de la traite des \u00eatres humains, d\u00e9clare le pape &amp; supplication en d\u00e9but de journ\u00e9e. - EDITIONSBUSSIERE\" \/>\n<meta property=\"og:description\" content=\"CIT\u00c9 DU VATICAN (CNS) \u2014 Les catholiques luttant contre la traite des \u00eatres humains doivent travailler ensemble afin d&rsquo;\u00eatre v\u00e9ritablement efficaces contre ce crime \u00ab odieux \u00bb, a d\u00e9clar\u00e9 le pape Fran\u00e7ois \u00e0 un r\u00e9seau international de religieux \u0153uvrant contre la traite des \u00eatres humains. \u00ab\u00a0La traite des \u00eatres humains est un mal \u00ab\u00a0syst\u00e9mique\u00a0\u00bb et, [&hellip;]\" \/>\n<meta property=\"og:url\" content=\"https:\/\/editionsbussiere.com\/blog\/leglise-doit-sunir-pour-lutter-contre-le-fleau-de-la-traite-des-etres-humains-declare-le-pape-supplication-en-debut-de-journee\/\" \/>\n<meta property=\"og:site_name\" content=\"EDITIONSBUSSIERE\" \/>\n<meta property=\"article:published_time\" content=\"2024-05-25T17:39:13+00:00\" \/>\n<meta property=\"og:image\" content=\"https:\/\/editionsbussiere.com\/blog\/wp-content\/uploads\/2024\/05\/L39Eglise-doit-s39unir-pour-lutter-contre-le-fleau-de-la.jpg\" \/>\n<meta name=\"author\" content=\"Marie BATICLE\" \/>\n<meta name=\"twitter:card\" content=\"summary_large_image\" \/>\n<meta name=\"twitter:label1\" content=\"\u00c9crit par\" \/>\n\t<meta name=\"twitter:data1\" content=\"Marie BATICLE\" \/>\n\t<meta name=\"twitter:label2\" content=\"Dur\u00e9e de lecture estim\u00e9e\" \/>\n\t<meta name=\"twitter:data2\" content=\"18 minutes\" \/>\n<script type=\"application\/ld+json\" class=\"yoast-schema-graph\">{\"@context\":\"https:\\\/\\\/schema.org\",\"@graph\":[{\"@type\":\"Article\",\"@id\":\"https:\\\/\\\/editionsbussiere.com\\\/blog\\\/leglise-doit-sunir-pour-lutter-contre-le-fleau-de-la-traite-des-etres-humains-declare-le-pape-supplication-en-debut-de-journee\\\/#article\",\"isPartOf\":{\"@id\":\"https:\\\/\\\/editionsbussiere.com\\\/blog\\\/leglise-doit-sunir-pour-lutter-contre-le-fleau-de-la-traite-des-etres-humains-declare-le-pape-supplication-en-debut-de-journee\\\/\"},\"author\":{\"name\":\"Marie BATICLE\",\"@id\":\"https:\\\/\\\/editionsbussiere.com\\\/blog\\\/#\\\/schema\\\/person\\\/ec90e102792148c97e46ab871010dd8f\"},\"headline\":\"L&rsquo;\u00c9glise doit s&rsquo;unir pour lutter contre le fl\u00e9au de la traite des \u00eatres humains, d\u00e9clare le pape &amp; supplication en d\u00e9but de journ\u00e9e.\",\"datePublished\":\"2024-05-25T17:39:13+00:00\",\"mainEntityOfPage\":{\"@id\":\"https:\\\/\\\/editionsbussiere.com\\\/blog\\\/leglise-doit-sunir-pour-lutter-contre-le-fleau-de-la-traite-des-etres-humains-declare-le-pape-supplication-en-debut-de-journee\\\/\"},\"wordCount\":3559,\"publisher\":{\"@id\":\"https:\\\/\\\/editionsbussiere.com\\\/blog\\\/#organization\"},\"image\":{\"@id\":\"https:\\\/\\\/editionsbussiere.com\\\/blog\\\/leglise-doit-sunir-pour-lutter-contre-le-fleau-de-la-traite-des-etres-humains-declare-le-pape-supplication-en-debut-de-journee\\\/#primaryimage\"},\"thumbnailUrl\":\"https:\\\/\\\/editionsbussiere.com\\\/blog\\\/wp-content\\\/uploads\\\/2024\\\/05\\\/L39Eglise-doit-s39unir-pour-lutter-contre-le-fleau-de-la.jpg\",\"articleSection\":[\"Editions \u00c9sot\u00e9rique Fond\u00e9e En 1927; D\u00e9p\u00e8ches:\"],\"inLanguage\":\"fr-FR\"},{\"@type\":\"WebPage\",\"@id\":\"https:\\\/\\\/editionsbussiere.com\\\/blog\\\/leglise-doit-sunir-pour-lutter-contre-le-fleau-de-la-traite-des-etres-humains-declare-le-pape-supplication-en-debut-de-journee\\\/\",\"url\":\"https:\\\/\\\/editionsbussiere.com\\\/blog\\\/leglise-doit-sunir-pour-lutter-contre-le-fleau-de-la-traite-des-etres-humains-declare-le-pape-supplication-en-debut-de-journee\\\/\",\"name\":\"L'\u00c9glise doit s'unir pour lutter contre le fl\u00e9au de la traite des \u00eatres humains, d\u00e9clare le pape &amp; supplication en d\u00e9but de journ\u00e9e. - EDITIONSBUSSIERE\",\"isPartOf\":{\"@id\":\"https:\\\/\\\/editionsbussiere.com\\\/blog\\\/#website\"},\"primaryImageOfPage\":{\"@id\":\"https:\\\/\\\/editionsbussiere.com\\\/blog\\\/leglise-doit-sunir-pour-lutter-contre-le-fleau-de-la-traite-des-etres-humains-declare-le-pape-supplication-en-debut-de-journee\\\/#primaryimage\"},\"image\":{\"@id\":\"https:\\\/\\\/editionsbussiere.com\\\/blog\\\/leglise-doit-sunir-pour-lutter-contre-le-fleau-de-la-traite-des-etres-humains-declare-le-pape-supplication-en-debut-de-journee\\\/#primaryimage\"},\"thumbnailUrl\":\"https:\\\/\\\/editionsbussiere.com\\\/blog\\\/wp-content\\\/uploads\\\/2024\\\/05\\\/L39Eglise-doit-s39unir-pour-lutter-contre-le-fleau-de-la.jpg\",\"datePublished\":\"2024-05-25T17:39:13+00:00\",\"breadcrumb\":{\"@id\":\"https:\\\/\\\/editionsbussiere.com\\\/blog\\\/leglise-doit-sunir-pour-lutter-contre-le-fleau-de-la-traite-des-etres-humains-declare-le-pape-supplication-en-debut-de-journee\\\/#breadcrumb\"},\"inLanguage\":\"fr-FR\",\"potentialAction\":[{\"@type\":\"ReadAction\",\"target\":[\"https:\\\/\\\/editionsbussiere.com\\\/blog\\\/leglise-doit-sunir-pour-lutter-contre-le-fleau-de-la-traite-des-etres-humains-declare-le-pape-supplication-en-debut-de-journee\\\/\"]}]},{\"@type\":\"ImageObject\",\"inLanguage\":\"fr-FR\",\"@id\":\"https:\\\/\\\/editionsbussiere.com\\\/blog\\\/leglise-doit-sunir-pour-lutter-contre-le-fleau-de-la-traite-des-etres-humains-declare-le-pape-supplication-en-debut-de-journee\\\/#primaryimage\",\"url\":\"https:\\\/\\\/editionsbussiere.com\\\/blog\\\/wp-content\\\/uploads\\\/2024\\\/05\\\/L39Eglise-doit-s39unir-pour-lutter-contre-le-fleau-de-la.jpg\",\"contentUrl\":\"https:\\\/\\\/editionsbussiere.com\\\/blog\\\/wp-content\\\/uploads\\\/2024\\\/05\\\/L39Eglise-doit-s39unir-pour-lutter-contre-le-fleau-de-la.jpg\",\"width\":900,\"height\":600,\"caption\":\"L39Eglise doit s39unir pour lutter contre le fleau de la\"},{\"@type\":\"BreadcrumbList\",\"@id\":\"https:\\\/\\\/editionsbussiere.com\\\/blog\\\/leglise-doit-sunir-pour-lutter-contre-le-fleau-de-la-traite-des-etres-humains-declare-le-pape-supplication-en-debut-de-journee\\\/#breadcrumb\",\"itemListElement\":[{\"@type\":\"ListItem\",\"position\":1,\"name\":\"Accueil\",\"item\":\"https:\\\/\\\/editionsbussiere.com\\\/blog\\\/\"},{\"@type\":\"ListItem\",\"position\":2,\"name\":\"L&rsquo;\u00c9glise doit s&rsquo;unir pour lutter contre le fl\u00e9au de la traite des \u00eatres humains, d\u00e9clare le pape &amp; supplication en d\u00e9but de journ\u00e9e.\"}]},{\"@type\":\"WebSite\",\"@id\":\"https:\\\/\\\/editionsbussiere.com\\\/blog\\\/#website\",\"url\":\"https:\\\/\\\/editionsbussiere.com\\\/blog\\\/\",\"name\":\"EDITIONSBUSSIERE\",\"description\":\"Editions \u00e9sot\u00e9rique fond\u00e9e en 1927; site historique, A SAVOIR ET RETENIR.\",\"publisher\":{\"@id\":\"https:\\\/\\\/editionsbussiere.com\\\/blog\\\/#organization\"},\"potentialAction\":[{\"@type\":\"SearchAction\",\"target\":{\"@type\":\"EntryPoint\",\"urlTemplate\":\"https:\\\/\\\/editionsbussiere.com\\\/blog\\\/?s={search_term_string}\"},\"query-input\":{\"@type\":\"PropertyValueSpecification\",\"valueRequired\":true,\"valueName\":\"search_term_string\"}}],\"inLanguage\":\"fr-FR\"},{\"@type\":\"Organization\",\"@id\":\"https:\\\/\\\/editionsbussiere.com\\\/blog\\\/#organization\",\"name\":\"editionsbussiere\",\"url\":\"https:\\\/\\\/editionsbussiere.com\\\/blog\\\/\",\"logo\":{\"@type\":\"ImageObject\",\"inLanguage\":\"fr-FR\",\"@id\":\"https:\\\/\\\/editionsbussiere.com\\\/blog\\\/#\\\/schema\\\/logo\\\/image\\\/\",\"url\":\"https:\\\/\\\/editionsbussiere.com\\\/blog\\\/wp-content\\\/uploads\\\/2023\\\/09\\\/cropped-buss.gif\",\"contentUrl\":\"https:\\\/\\\/editionsbussiere.com\\\/blog\\\/wp-content\\\/uploads\\\/2023\\\/09\\\/cropped-buss.gif\",\"width\":298,\"height\":120,\"caption\":\"editionsbussiere\"},\"image\":{\"@id\":\"https:\\\/\\\/editionsbussiere.com\\\/blog\\\/#\\\/schema\\\/logo\\\/image\\\/\"}},{\"@type\":\"Person\",\"@id\":\"https:\\\/\\\/editionsbussiere.com\\\/blog\\\/#\\\/schema\\\/person\\\/ec90e102792148c97e46ab871010dd8f\",\"name\":\"Marie BATICLE\",\"image\":{\"@type\":\"ImageObject\",\"inLanguage\":\"fr-FR\",\"@id\":\"https:\\\/\\\/secure.gravatar.com\\\/avatar\\\/c923e52403b1b8137e2d929127211d21967e6aecaa053bd43b09da29f212e76e?s=96&d=mm&r=g\",\"url\":\"https:\\\/\\\/secure.gravatar.com\\\/avatar\\\/c923e52403b1b8137e2d929127211d21967e6aecaa053bd43b09da29f212e76e?s=96&d=mm&r=g\",\"contentUrl\":\"https:\\\/\\\/secure.gravatar.com\\\/avatar\\\/c923e52403b1b8137e2d929127211d21967e6aecaa053bd43b09da29f212e76e?s=96&d=mm&r=g\",\"caption\":\"Marie BATICLE\"},\"url\":\"https:\\\/\\\/editionsbussiere.com\\\/blog\\\/author\\\/eremarie\\\/\"}]}<\/script>\n<!-- \/ Yoast SEO plugin. -->","yoast_head_json":{"title":"L'\u00c9glise doit s'unir pour lutter contre le fl\u00e9au de la traite des \u00eatres humains, d\u00e9clare le pape &amp; supplication en d\u00e9but de journ\u00e9e. - EDITIONSBUSSIERE","robots":{"index":"index","follow":"follow","max-snippet":"max-snippet:-1","max-image-preview":"max-image-preview:large","max-video-preview":"max-video-preview:-1"},"canonical":"https:\/\/editionsbussiere.com\/blog\/leglise-doit-sunir-pour-lutter-contre-le-fleau-de-la-traite-des-etres-humains-declare-le-pape-supplication-en-debut-de-journee\/","og_locale":"fr_FR","og_type":"article","og_title":"L'\u00c9glise doit s'unir pour lutter contre le fl\u00e9au de la traite des \u00eatres humains, d\u00e9clare le pape &amp; supplication en d\u00e9but de journ\u00e9e. - EDITIONSBUSSIERE","og_description":"CIT\u00c9 DU VATICAN (CNS) \u2014 Les catholiques luttant contre la traite des \u00eatres humains doivent travailler ensemble afin d&rsquo;\u00eatre v\u00e9ritablement efficaces contre ce crime \u00ab odieux \u00bb, a d\u00e9clar\u00e9 le pape Fran\u00e7ois \u00e0 un r\u00e9seau international de religieux \u0153uvrant contre la traite des \u00eatres humains. \u00ab\u00a0La traite des \u00eatres humains est un mal \u00ab\u00a0syst\u00e9mique\u00a0\u00bb et, [&hellip;]","og_url":"https:\/\/editionsbussiere.com\/blog\/leglise-doit-sunir-pour-lutter-contre-le-fleau-de-la-traite-des-etres-humains-declare-le-pape-supplication-en-debut-de-journee\/","og_site_name":"EDITIONSBUSSIERE","article_published_time":"2024-05-25T17:39:13+00:00","og_image":[{"url":"https:\/\/editionsbussiere.com\/blog\/wp-content\/uploads\/2024\/05\/L39Eglise-doit-s39unir-pour-lutter-contre-le-fleau-de-la.jpg","type":"","width":"","height":""}],"author":"Marie BATICLE","twitter_card":"summary_large_image","twitter_misc":{"\u00c9crit par":"Marie BATICLE","Dur\u00e9e de lecture estim\u00e9e":"18 minutes"},"schema":{"@context":"https:\/\/schema.org","@graph":[{"@type":"Article","@id":"https:\/\/editionsbussiere.com\/blog\/leglise-doit-sunir-pour-lutter-contre-le-fleau-de-la-traite-des-etres-humains-declare-le-pape-supplication-en-debut-de-journee\/#article","isPartOf":{"@id":"https:\/\/editionsbussiere.com\/blog\/leglise-doit-sunir-pour-lutter-contre-le-fleau-de-la-traite-des-etres-humains-declare-le-pape-supplication-en-debut-de-journee\/"},"author":{"name":"Marie BATICLE","@id":"https:\/\/editionsbussiere.com\/blog\/#\/schema\/person\/ec90e102792148c97e46ab871010dd8f"},"headline":"L&rsquo;\u00c9glise doit s&rsquo;unir pour lutter contre le fl\u00e9au de la traite des \u00eatres humains, d\u00e9clare le pape &amp; supplication en d\u00e9but de journ\u00e9e.","datePublished":"2024-05-25T17:39:13+00:00","mainEntityOfPage":{"@id":"https:\/\/editionsbussiere.com\/blog\/leglise-doit-sunir-pour-lutter-contre-le-fleau-de-la-traite-des-etres-humains-declare-le-pape-supplication-en-debut-de-journee\/"},"wordCount":3559,"publisher":{"@id":"https:\/\/editionsbussiere.com\/blog\/#organization"},"image":{"@id":"https:\/\/editionsbussiere.com\/blog\/leglise-doit-sunir-pour-lutter-contre-le-fleau-de-la-traite-des-etres-humains-declare-le-pape-supplication-en-debut-de-journee\/#primaryimage"},"thumbnailUrl":"https:\/\/editionsbussiere.com\/blog\/wp-content\/uploads\/2024\/05\/L39Eglise-doit-s39unir-pour-lutter-contre-le-fleau-de-la.jpg","articleSection":["Editions \u00c9sot\u00e9rique Fond\u00e9e En 1927; D\u00e9p\u00e8ches:"],"inLanguage":"fr-FR"},{"@type":"WebPage","@id":"https:\/\/editionsbussiere.com\/blog\/leglise-doit-sunir-pour-lutter-contre-le-fleau-de-la-traite-des-etres-humains-declare-le-pape-supplication-en-debut-de-journee\/","url":"https:\/\/editionsbussiere.com\/blog\/leglise-doit-sunir-pour-lutter-contre-le-fleau-de-la-traite-des-etres-humains-declare-le-pape-supplication-en-debut-de-journee\/","name":"L'\u00c9glise doit s'unir pour lutter contre le fl\u00e9au de la traite des \u00eatres humains, d\u00e9clare le pape &amp; supplication en d\u00e9but de journ\u00e9e. - EDITIONSBUSSIERE","isPartOf":{"@id":"https:\/\/editionsbussiere.com\/blog\/#website"},"primaryImageOfPage":{"@id":"https:\/\/editionsbussiere.com\/blog\/leglise-doit-sunir-pour-lutter-contre-le-fleau-de-la-traite-des-etres-humains-declare-le-pape-supplication-en-debut-de-journee\/#primaryimage"},"image":{"@id":"https:\/\/editionsbussiere.com\/blog\/leglise-doit-sunir-pour-lutter-contre-le-fleau-de-la-traite-des-etres-humains-declare-le-pape-supplication-en-debut-de-journee\/#primaryimage"},"thumbnailUrl":"https:\/\/editionsbussiere.com\/blog\/wp-content\/uploads\/2024\/05\/L39Eglise-doit-s39unir-pour-lutter-contre-le-fleau-de-la.jpg","datePublished":"2024-05-25T17:39:13+00:00","breadcrumb":{"@id":"https:\/\/editionsbussiere.com\/blog\/leglise-doit-sunir-pour-lutter-contre-le-fleau-de-la-traite-des-etres-humains-declare-le-pape-supplication-en-debut-de-journee\/#breadcrumb"},"inLanguage":"fr-FR","potentialAction":[{"@type":"ReadAction","target":["https:\/\/editionsbussiere.com\/blog\/leglise-doit-sunir-pour-lutter-contre-le-fleau-de-la-traite-des-etres-humains-declare-le-pape-supplication-en-debut-de-journee\/"]}]},{"@type":"ImageObject","inLanguage":"fr-FR","@id":"https:\/\/editionsbussiere.com\/blog\/leglise-doit-sunir-pour-lutter-contre-le-fleau-de-la-traite-des-etres-humains-declare-le-pape-supplication-en-debut-de-journee\/#primaryimage","url":"https:\/\/editionsbussiere.com\/blog\/wp-content\/uploads\/2024\/05\/L39Eglise-doit-s39unir-pour-lutter-contre-le-fleau-de-la.jpg","contentUrl":"https:\/\/editionsbussiere.com\/blog\/wp-content\/uploads\/2024\/05\/L39Eglise-doit-s39unir-pour-lutter-contre-le-fleau-de-la.jpg","width":900,"height":600,"caption":"L39Eglise doit s39unir pour lutter contre le fleau de la"},{"@type":"BreadcrumbList","@id":"https:\/\/editionsbussiere.com\/blog\/leglise-doit-sunir-pour-lutter-contre-le-fleau-de-la-traite-des-etres-humains-declare-le-pape-supplication-en-debut-de-journee\/#breadcrumb","itemListElement":[{"@type":"ListItem","position":1,"name":"Accueil","item":"https:\/\/editionsbussiere.com\/blog\/"},{"@type":"ListItem","position":2,"name":"L&rsquo;\u00c9glise doit s&rsquo;unir pour lutter contre le fl\u00e9au de la traite des \u00eatres humains, d\u00e9clare le pape &amp; supplication en d\u00e9but de journ\u00e9e."}]},{"@type":"WebSite","@id":"https:\/\/editionsbussiere.com\/blog\/#website","url":"https:\/\/editionsbussiere.com\/blog\/","name":"EDITIONSBUSSIERE","description":"Editions \u00e9sot\u00e9rique fond\u00e9e en 1927; site historique, A SAVOIR ET RETENIR.","publisher":{"@id":"https:\/\/editionsbussiere.com\/blog\/#organization"},"potentialAction":[{"@type":"SearchAction","target":{"@type":"EntryPoint","urlTemplate":"https:\/\/editionsbussiere.com\/blog\/?s={search_term_string}"},"query-input":{"@type":"PropertyValueSpecification","valueRequired":true,"valueName":"search_term_string"}}],"inLanguage":"fr-FR"},{"@type":"Organization","@id":"https:\/\/editionsbussiere.com\/blog\/#organization","name":"editionsbussiere","url":"https:\/\/editionsbussiere.com\/blog\/","logo":{"@type":"ImageObject","inLanguage":"fr-FR","@id":"https:\/\/editionsbussiere.com\/blog\/#\/schema\/logo\/image\/","url":"https:\/\/editionsbussiere.com\/blog\/wp-content\/uploads\/2023\/09\/cropped-buss.gif","contentUrl":"https:\/\/editionsbussiere.com\/blog\/wp-content\/uploads\/2023\/09\/cropped-buss.gif","width":298,"height":120,"caption":"editionsbussiere"},"image":{"@id":"https:\/\/editionsbussiere.com\/blog\/#\/schema\/logo\/image\/"}},{"@type":"Person","@id":"https:\/\/editionsbussiere.com\/blog\/#\/schema\/person\/ec90e102792148c97e46ab871010dd8f","name":"Marie BATICLE","image":{"@type":"ImageObject","inLanguage":"fr-FR","@id":"https:\/\/secure.gravatar.com\/avatar\/c923e52403b1b8137e2d929127211d21967e6aecaa053bd43b09da29f212e76e?s=96&d=mm&r=g","url":"https:\/\/secure.gravatar.com\/avatar\/c923e52403b1b8137e2d929127211d21967e6aecaa053bd43b09da29f212e76e?s=96&d=mm&r=g","contentUrl":"https:\/\/secure.gravatar.com\/avatar\/c923e52403b1b8137e2d929127211d21967e6aecaa053bd43b09da29f212e76e?s=96&d=mm&r=g","caption":"Marie BATICLE"},"url":"https:\/\/editionsbussiere.com\/blog\/author\/eremarie\/"}]}},"_links":{"self":[{"href":"https:\/\/editionsbussiere.com\/blog\/wp-json\/wp\/v2\/posts\/653","targetHints":{"allow":["GET"]}}],"collection":[{"href":"https:\/\/editionsbussiere.com\/blog\/wp-json\/wp\/v2\/posts"}],"about":[{"href":"https:\/\/editionsbussiere.com\/blog\/wp-json\/wp\/v2\/types\/post"}],"author":[{"embeddable":true,"href":"https:\/\/editionsbussiere.com\/blog\/wp-json\/wp\/v2\/users\/3"}],"replies":[{"embeddable":true,"href":"https:\/\/editionsbussiere.com\/blog\/wp-json\/wp\/v2\/comments?post=653"}],"version-history":[{"count":0,"href":"https:\/\/editionsbussiere.com\/blog\/wp-json\/wp\/v2\/posts\/653\/revisions"}],"wp:featuredmedia":[{"embeddable":true,"href":"https:\/\/editionsbussiere.com\/blog\/wp-json\/wp\/v2\/media\/654"}],"wp:attachment":[{"href":"https:\/\/editionsbussiere.com\/blog\/wp-json\/wp\/v2\/media?parent=653"}],"wp:term":[{"taxonomy":"category","embeddable":true,"href":"https:\/\/editionsbussiere.com\/blog\/wp-json\/wp\/v2\/categories?post=653"},{"taxonomy":"post_tag","embeddable":true,"href":"https:\/\/editionsbussiere.com\/blog\/wp-json\/wp\/v2\/tags?post=653"}],"curies":[{"name":"wp","href":"https:\/\/api.w.org\/{rel}","templated":true}]}}