{"id":646,"date":"2024-05-24T16:32:45","date_gmt":"2024-05-24T14:32:45","guid":{"rendered":"https:\/\/editionsbussiere.com\/blog\/la-nouvelle-de-la-canonisation-de-carlo-acutis-laisse-les-fideles-americains-aux-anges-de-joie-avec-une-priere-matinale\/"},"modified":"2024-05-24T16:32:45","modified_gmt":"2024-05-24T14:32:45","slug":"la-nouvelle-de-la-canonisation-de-carlo-acutis-laisse-les-fideles-americains-aux-anges-de-joie-avec-une-priere-matinale","status":"publish","type":"post","link":"https:\/\/editionsbussiere.com\/blog\/la-nouvelle-de-la-canonisation-de-carlo-acutis-laisse-les-fideles-americains-aux-anges-de-joie-avec-une-priere-matinale\/","title":{"rendered":"La nouvelle de la canonisation de Carlo Acutis laisse les fid\u00e8les am\u00e9ricains \u00ab aux anges \u00bb de joie\n avec une pri\u00e8re matinale."},"content":{"rendered":"<div><img width=\"580\" height=\"387\" src=\"https:\/\/editionsbussiere.com\/blog\/wp-content\/uploads\/2024\/05\/La-nouvelle-de-la-canonisation-de-Carlo-Acutis-laisse-les.jpg\" class=\"attachment-large size-large wp-post-image\" alt=\"La nouvelle de la canonisation de Carlo Acutis laisse les\" style=\"float:left; margin:0 15px 15px 0;\" decoding=\"async\" srcset=\"https:\/\/editionsbussiere.com\/blog\/wp-content\/uploads\/2024\/05\/La-nouvelle-de-la-canonisation-de-Carlo-Acutis-laisse-les.jpg 900w, https:\/\/www.n42.fr\/wp-content\/uploads\/2024\/05\/La-nouvelle-de-la-canonisation-de-Carlo-Acutis-laisse-les-300x200.jpg 300w, https:\/\/www.n42.fr\/wp-content\/uploads\/2024\/05\/La-nouvelle-de-la-canonisation-de-Carlo-Acutis-laisse-les-768x512.jpg 768w\" sizes=\"(max-width: 580px) 100vw, 580px\"><\/p>\n<p>\n<\/p>\n<div>\n<p>La nouvelle selon laquelle un adolescent italien pourrait bient\u00f4t \u00eatre canonis\u00e9 \u2013 le premier de la g\u00e9n\u00e9ration \u00ab millennial \u00bb \u2013 a captiv\u00e9 ses fid\u00e8les aux \u00c9tats-Unis.<\/p>\n<p>Le 23 mai, le pape Fran\u00e7ois a officiellement reconnu un deuxi\u00e8me miracle attribu\u00e9 \u00e0 l&rsquo;intercession du bienheureux Carlo Acutis, lui ouvrant ainsi la voie \u00e0 sa reconnaissance formelle comme saint de l&rsquo;\u00c9glise catholique.<\/p>\n<p>Aux c\u00f4t\u00e9s d&rsquo;Acutis, le pape a \u00e9galement fait avancer les causes de saintet\u00e9 d&rsquo;un groupe de martyrs franciscains, six hommes et une femme, dans la m\u00eame promulgation.<\/p>\n<p>Acutis \u2013 \u00e0 qui on attribue son intercession pour la gu\u00e9rison en 2022 d&rsquo;un traumatisme cr\u00e2nien chez une jeune Costaricienne \u2013 est d\u00e9c\u00e9d\u00e9 de leuc\u00e9mie en 2006 \u00e0 l&rsquo;\u00e2ge de 15 ans, apr\u00e8s avoir v\u00e9cu une br\u00e8ve vie d&rsquo;une saintet\u00e9 extraordinaire marqu\u00e9e par une profonde d\u00e9votion au Christ et au Eucharistie.  Le d\u00e9sir d&rsquo;Acutis de faire conna\u00eetre le Saint-Sacrement, ainsi que ses formidables comp\u00e9tences informatiques, l&rsquo;ont amen\u00e9 \u00e0 cr\u00e9er une base de donn\u00e9es des miracles eucharistiques \u00e0 travers le monde.<\/p>\n<div class=\"wp-block-image\">\n<figure class=\"alignleft size-large is-resized\"><img decoding=\"async\" loading=\"lazy\" src=\"https:\/\/editionsbussiere.com\/blog\/wp-content\/uploads\/2024\/05\/acutis-vert.jpg\" alt=\"\" class=\"wp-image-246276\" width=\"454\" height=\"632\" srcset=\"https:\/\/editionsbussiere.com\/blog\/wp-content\/uploads\/2024\/05\/acutis-vert.jpg 435w, https:\/\/catholicreview.org\/wp-content\/uploads\/2024\/05\/acutis-vert-216x300.jpg 216w\" sizes=\"auto, (max-width: 454px) 100vw, 454px\"><figcaption>Le pape Fran\u00e7ois a formellement reconnu un miracle attribu\u00e9 \u00e0 l&rsquo;intercession du bienheureux Carlo Acutis, un adolescent italien de 15 ans dont la naissance en 1991 fera de lui le premier \u00ab mill\u00e9naire \u00bb \u00e0 devenir saint.  Il est repr\u00e9sent\u00e9 sur une photo non dat\u00e9e.  (Photo d&rsquo;OSV News\/avec la permission de Sainthood Cause de Carlo Acutis)<\/figcaption><\/figure>\n<\/div>\n<p>L&rsquo;adolescent au visage ensoleill\u00e9 \u2013 n\u00e9 \u00e0 Londres en 1991 et a grandi \u00e0 Milan, en Italie \u2013 a montr\u00e9 tr\u00e8s t\u00f4t une attirance pour la vie spirituelle, r\u00e9citant le chapelet et assistant \u00e0 la messe quotidiennement, servant comme cat\u00e9chiste, faisant du b\u00e9n\u00e9volat dans une soupe populaire d&rsquo;\u00e9glise et donner des cours particuliers aux enfants avec leurs devoirs.  Parall\u00e8lement, Acutis \u00e9tait connu pour son enthousiasme pour les int\u00e9r\u00eats typiques des adolescents, tels que les jeux vid\u00e9o, les animaux domestiques, le football et la musique.<\/p>\n<p>\u00ab\u00a0Le bienheureux Carlo Acutis est une source d&rsquo;inspiration et un intercesseur pour tous les jeunes, mais surtout pour ceux qui s&rsquo;\u00e9loignent ou s&rsquo;\u00e9loignent de l&rsquo;\u00c9glise ou qui sont sceptiques \u00e0 l&rsquo;\u00e9gard de la religion\u00a0\u00bb, a d\u00e9clar\u00e9 l&rsquo;\u00e9v\u00eaque Robert E. Barron de Winona-Rochester, Minnesota, pr\u00e9sident de l&rsquo;\u00c9glise. \u00bb, a d\u00e9clar\u00e9 \u00e0 OSV News le Comit\u00e9 des \u00e9v\u00eaques am\u00e9ricains sur les la\u00efcs, le mariage, la vie familiale et la jeunesse.  \u00ab Il d\u00e9montre qu\u2019avoir un point de r\u00e9f\u00e9rence clair en J\u00e9sus-Christ ouvre les possibilit\u00e9s d\u2019une mission pleine de joie et cr\u00e9ative, mais conf\u00e8re aussi et surtout une saintet\u00e9 \u00e0 travers laquelle le sens et le but de la vie sont r\u00e9v\u00e9l\u00e9s. \u00bb<\/p>\n<p>\u00ab\u00a0Carlo \u00e9tait vraiment un enfant ordinaire\u00a0\u00bb, a d\u00e9clar\u00e9 Michael Norton, pr\u00e9sident du Malvern Retreat Center \u00e0 Malvern, en Pennsylvanie, qui abrite le sanctuaire bienheureux Carlo Acutis et le centre de rencontre eucharistique.<\/p>\n<p>Le centre, qui cherche \u00e0 obtenir le statut de sanctuaire dioc\u00e9sain, contient une exposition permanente pr\u00e9sentant 100 miracles eucharistiques ainsi qu&rsquo;une salle de lecture du bienheureux Carlo et un autel permanent pour l&rsquo;adoration eucharistique de groupe lors d&rsquo;\u00e9v\u00e9nements programm\u00e9s.<\/p>\n<p>En octobre 2023, le centre a accueilli la m\u00e8re de l&rsquo;adolescente, Antonia Acutis, qui a partag\u00e9 ses r\u00e9flexions sur le fait d&rsquo;\u00eatre la m\u00e8re d&rsquo;une sainte qui parle particuli\u00e8rement \u00e0 la jeune g\u00e9n\u00e9ration.<\/p>\n<p>Norton a d\u00e9clar\u00e9 \u00e0 OSV News qu&rsquo;il \u00e9tait \u00ab aux anges \u00bb \u00e0 propos de la canonisation imminente d&rsquo;Acutis \u2013 tout comme Mary Bea Damico, membre du conseil d&rsquo;administration de Malvern, qui \u00e9tait ce que Norton a appel\u00e9 la \u00ab visionnaire \u00bb du centre Acutis de Malvern.<\/p>\n<p>Damico a d\u00e9clar\u00e9 \u00e0 OSV News que la veille de l&rsquo;annonce du Vatican, elle et les directeurs religieux de l&rsquo;\u00e9ducation de l&rsquo;archidioc\u00e8se de Philadelphie s&rsquo;\u00e9taient r\u00e9unis au sanctuaire d&rsquo;Acutis pour \u00ab une nuit tr\u00e8s joyeuse \u00bb qui s&rsquo;est av\u00e9r\u00e9e \u00ab proph\u00e9tique \u00bb.<\/p>\n<p>\u00ab\u00a0Et puis j&rsquo;ai re\u00e7u un message dans ma bo\u00eete de r\u00e9ception avant 6h30 ce matin (\u00e0 propos de la canonisation)\u00a0\u00bb, a-t-elle d\u00e9clar\u00e9.  \u00ab\u00a0Je ne peux m\u00eame pas vous dire la joie.\u00a0\u00bb<\/p>\n<p>Norton et Damico ont tous deux d\u00e9clar\u00e9 qu&rsquo;Acutis montre comment la saintet\u00e9 est accessible, m\u00eame dans un monde o\u00f9 cela peut sembler plus impossible que jamais.<\/p>\n<p>\u00ab Si vous regardez certaines photos avec lui et ses amis, il ressemble \u00e0 n\u2019importe quel autre adolescent normal.  \u2026 Il est en jean bleu avec des baskets et avec un sac \u00e0 dos et un ordinateur \u00bb, a d\u00e9clar\u00e9 Norton.  \u00ab Ces enfants disent : &lsquo;Attendez une minute, je suis comme lui.  \u2026 Les enfants peuvent simplement le regarder et dire : \u00ab Je peux \u00eatre fort dans ma foi et je peux mener une vie normale.  \u2026 Je peux le faire.&rsquo;\u00a0\u00bb<\/p>\n<p>Acutis inspire les enfants et les adolescents \u00ab \u00e0 vivre dans l&rsquo;espoir \u00bb, a d\u00e9clar\u00e9 Damico, les aidant \u00e0 \u00ab comprendre que nous avons tous \u00e9t\u00e9 cr\u00e9\u00e9s pour \u00eatre des saints et que la saintet\u00e9 n&rsquo;est pas seulement quelque chose qui appartient aux autres.  C&rsquo;est pour chacun d&rsquo;entre eux.  Je parle aux (adolescents qui visitent) le sanctuaire, et cela me fait vraiment pleurer, car il faut voir \u00e0 quel point ils sont si ouverts \u00e0 cela.  Ils ont tellement faim d\u2019un message d\u2019espoir.<\/p>\n<p>L&rsquo;annonce de la saintet\u00e9 imminente d&rsquo;Acutis a \u00e9galement enthousiasm\u00e9 les \u00e9coles catholiques nomm\u00e9es en son honneur.<\/p>\n<p>\u00ab\u00a0Nous avons pri\u00e9 pour que ce jour vienne, mais nous n&rsquo;aurions jamais imagin\u00e9 qu&rsquo;il arriverait moins de deux ans apr\u00e8s l&rsquo;ouverture de la Blessed Carlo Acutis Academy, une \u00e9cole catholique en ligne pour les \u00e9l\u00e8ves de la 5e \u00e0 la 12e ann\u00e9e\u00a0\u00bb situ\u00e9e dans le dioc\u00e8se de Madison, Wisconsin, a d\u00e9clar\u00e9 Michael. Lancaster, surintendant dioc\u00e9sain des \u00e9coles catholiques, dans une d\u00e9claration \u00e0 OSV News.<\/p>\n<p>La surintendante adjointe du dioc\u00e8se, Th\u00e9r\u00e8se Milbrath, a d\u00e9clar\u00e9 qu&rsquo;elle \u00ab a h\u00e2te de changer le nom de notre lyc\u00e9e en ligne en St. Carlo Acutis Academy lors de sa canonisation.<\/p>\n<p>\u00ab\u00a0Sa vie de foi et sa d\u00e9votion \u00e0 l&rsquo;Eucharistie sont des exemples incroyables pour les adolescents\u00a0\u00bb, a-t-elle d\u00e9clar\u00e9 \u00e0 OSV News dans un communiqu\u00e9.  \u00ab\u00a0Nous avons une relique de premi\u00e8re classe du bienheureux Carlo dans le bureau de notre \u00e9cole catholique pour nous rappeler que, quel que soit l&rsquo;\u00e2ge d&rsquo;une personne, nous sommes tous appel\u00e9s \u00e0 la saintet\u00e9.\u00a0\u00bb<\/p>\n<p>Lancaster a not\u00e9 que le dioc\u00e8se avait d\u00e9sign\u00e9 l&rsquo;\u00e9cole d&rsquo;Acutis (qui a battu Saint Isidore de S\u00e9ville, patron d&rsquo;Internet) comme \u00ab un choix naturel \u00bb et \u00ab quelqu&rsquo;un avec qui nos \u00e9tudiants pourraient plus facilement s&rsquo;identifier \u00bb.<\/p>\n<p>Il a ajout\u00e9 que ce n&rsquo;est \u00ab pas une co\u00efncidence \u00bb si l&rsquo;ouverture de l&rsquo;\u00e9cole et l&rsquo;avancement de la saintet\u00e9 d&rsquo;Acutis se sont produits au cours des trois ann\u00e9es du renouveau eucharistique national.<\/p>\n<p>\u00ab Le Saint-Esprit est \u00e0 l\u2019\u0153uvre ! \u00bb  dit Lancastre.<\/p>\n<p>Pour le lyc\u00e9e catholique Blessed Carlo Acutis d&rsquo;Edmonton, Alberta, Canada, le moment de la canonisation est particuli\u00e8rement id\u00e9al, puisque la construction vient tout juste de commencer et que le nom peut \u00eatre facilement mis \u00e0 jour de \u00ab Bienheureux \u00bb \u00e0 \u00ab Saint \u00bb.<\/p>\n<p>\u00ab Nous avons choisi le bienheureux Carlo Acutis comme homonyme de cette \u00e9cole afin que nos \u00e9l\u00e8ves puissent facilement se voir vivre leur foi dans ce monde moderne \u00bb, a d\u00e9clar\u00e9 Sandra Palazzo, pr\u00e9sidente du conseil d&rsquo;administration des \u00e9coles catholiques d&rsquo;Edmonton, une division scolaire financ\u00e9e par l&rsquo;\u00c9tat \u00e0 Edmonton.  \u00ab Il \u00e9tait un brillant exemple de partage de l\u2019amour de Dieu.  Nous sommes impatients de voir les \u00e9l\u00e8ves des \u00e9coles catholiques d\u2019Edmonton cheminer aux c\u00f4t\u00e9s de Carlo Acutis sur le chemin de la saintet\u00e9.<\/p>\n<p>Mais inviter davantage de jeunes dans ce voyage \u00ab d\u00e9pend de nous \u00bb, a d\u00e9clar\u00e9 le p\u00e8re Francesco Maria D&rsquo;Amico, cur\u00e9 de la paroisse St. William \u00e0 Philadelphie et ami d&rsquo;Antonia Acutis, dont il a coordonn\u00e9 la tourn\u00e9e de conf\u00e9rences aux \u00c9tats-Unis en 2023.<\/p>\n<p>Le p\u00e8re D&rsquo;Amico, originaire d&rsquo;Asssi, en Italie \u2013 o\u00f9 le corps d&rsquo;Acutis repose dans l&rsquo;\u00e9glise Sainte-Marie-Majeure \u2013 a d\u00e9clar\u00e9 \u00e0 OSV News \u00ab\u00a0qu&rsquo;il est important\u00a0\u00bb de faire conna\u00eetre la vie et l&rsquo;h\u00e9ritage de l&rsquo;adolescent afin de \u00ab\u00a0montrer au monde\u00a0\u00bb. \u00a0\u00bb Cette saintet\u00e9 est r\u00e9alisable.<\/p>\n<p>Il a ajout\u00e9 qu&rsquo;il n&rsquo;avait \u00abaucun doute\u00bb qu&rsquo;Acutis serait un jour d\u00e9clar\u00e9 saint.<\/p>\n<p>Lorsqu&rsquo;on lui a demand\u00e9 si elle envisageait de se rendre au Vatican pour la canonisation d&rsquo;Acutis, Damico a r\u00e9pondu : \u00ab Cent pour cent.  Je vais;  il n&rsquo;y a rien qui puisse m&rsquo;arr\u00eater.<\/p>\n<section class=\"ab-block-post-grid featuredpost aligncenter\">\n<h2 class=\"ab-post-grid-section-title\">Lire la suite Saints<\/h2>\n<\/section>\n<p class=\"post-copyright\">Copyright \u00a9 2024 OSV Actualit\u00e9s<\/p>\n<p class=\"print-friendly\"><img decoding=\"async\" class=\"WP-PrintIcon\" src=\"https:\/\/editionsbussiere.com\/blog\/wp-content\/uploads\/2024\/05\/printer_famfamfam-5.gif\" alt=\"Imprimer\" title=\"Imprimer\" style=\"border: 0px;\"> Imprimer<\/p>\n<p>\t\t\t<!--<rdf:RDF xmlns:rdf=\"http:\/\/www.w3.org\/1999\/02\/22-rdf-syntax-ns#\"\n\t\t\txmlns:dc=\"http:\/\/purl.org\/dc\/elements\/1.1\/\"\n\t\t\txmlns:trackback=\"http:\/\/madskills.com\/public\/xml\/rss\/module\/trackback\/\">\n\t\t<rdf:Description rdf:about=\"https:\/\/catholicreview.org\/carlo-acutis-canonization-news-leaves-u-s-devotees-over-the-moon-with-joy\/\"\n    dc:identifier=\"https:\/\/catholicreview.org\/carlo-acutis-canonization-news-leaves-u-s-devotees-over-the-moon-with-joy\/\"\n    dc:title=\"Carlo Acutis&#8217; canonization news leaves U.S. devotees &#8216;over the moon&#8217; with joy\"\n    trackback:ping=\"https:\/\/catholicreview.org\/carlo-acutis-canonization-news-leaves-u-s-devotees-over-the-moon-with-joy\/trackback\/\" \/>\n<\/rdf:RDF>-->\n<\/p>\n<\/div>\n<h2>Un moment de communion personnelle pour nous connecter \u00e0 Dieu. <\/h2>\n<p>Adorable P\u00e8re divin, je me pr\u00e9sente face \u00e0 toi pour te remercier \u00e0 cause de cette nouvelle journ\u00e9e. Je te loue pour ta bont\u00e9 et aussi ta fid\u00e9lit\u00e9 envers moi. Je te demande de me remplir par ta pr\u00e9sence et de me fournir la gr\u00e2ce de te sentir pr\u00e8s de moi durant de cette journ\u00e9e. Je te remets toutes mes soucis, mes all\u00e9gresses, mes chagrins, mes aspirations et mes esp\u00e9rances. Que ton Esprit Saint \u00e9claire mon esprit et renforce ma foi, afin que je puisse avancer dans ton chemin et effectuer ta volont\u00e9. Donne-moi la gr\u00e2ce de mener selon la compassion qui tu nous as montr\u00e9 l\u2019exemple \u00e0 travers ton Fils bien-aim\u00e9, J\u00e9sus-Christ.<\/p>\n<h3> Note sur compr\u00e9hension : <\/h3>\n<p>La pri\u00e8re nous plonge au c\u0153ur de le famille c\u00e9leste, dans laquelle le Seigneur le P\u00e8re nous accueille tel ses prog\u00e9nitures bien-aim\u00e9s. Dans cette relation familial, nous d\u00e9couvrons la puissance et aussi la consolation afin de affronter les difficult\u00e9s du. Elle nous renvoie \u00e0 la parole de l\u2019ap\u00f4tre Pierre, celui-ci incite les chr\u00e9tiennes et les chr\u00e9tiens \u00e0 demeurer fermes dans leur foi, m\u00eame face \u00e0 au milieu des \u00e9preuves de la vie.<\/p>\n<h3>\nRenforcer notre relation \u00e0 J\u00e9sus d\u00e8s le matin<\/h3>\n<p>Nous avons la possibilit\u00e9 de r\u00e9fl\u00e9chir \u00e0 propos de l\u2019un des \u00e9vangiles en vue de nous relier avec J\u00e9sus. Par exemple :<\/p>\n<h3>Jean 15, 9-17 : <\/h3>\n<p>\u00ab\u00a0Comme le P\u00e8re m\u2019a aim\u00e9, je vous ai aussi aim\u00e9s. Demeurez dans mon amour. Si vous gardez mes commandements, vous demeurerez dans mon amour, de m\u00eame que j\u2019ai gard\u00e9 les commandements de mon P\u00e8re et que je demeure dans son amour. Je vous ai dit ces choses, afin que ma joie soit en vous, et que votre joie soit parfaite.\u00a0\u00bb<\/p>\n<h2> Demander indulgence \u00e0 Dieu \u00e0 cause de nos p\u00e9ch\u00e9s <\/h2>\n<p>Seigneur J\u00e9sus, j\u2019arrive te implorer de pardonner mes propres p\u00e9ch\u00e9s. Je suis que je ne suis pas irr\u00e9prochable et que j\u2019ai besoin de ta mis\u00e9ricorde. Je te demande de me d\u00e9livrer de tout ce qui me \u00e9loigne de toi et de me donner la gr\u00e2ce de vivre en conformit\u00e9 avec ta volont\u00e9. Que ta b\u00e9n\u00e9diction divine dissipe les endroits les plus sombres de mon c\u0153ur, purifiant moi-m\u00eame et me guidant sur la voie de la saintet\u00e9. Amen.<\/p>\n<h3> Discussion en le Seigneur comme en compagnie de un ami. <\/h3>\n<p>Nous pouvons communiquer avec Dieu comme \u00e0 l\u2019\u00e9gard de un ami intime, l\u2019\u00c9ternel confier nos joies et nos peines, lui demander de l\u2019aide dans nos d\u00e9fis quotidiens. Par exemple : Ma\u00eetre, merci \u00e0 cause de cette fra\u00eeche journ\u00e9e. Je me pr\u00e9sente te prier de me soutenir \u00e0 \u00eatre patient \u00e0 l\u2019\u00e9gard de mes enfants et pour me octroyer la vigueur de surmonter aux d\u00e9fis de la journ\u00e9e. Je te recommande mes projets et mes soucis, et je te demande de me indiquer comment je suis en mesure de te assister et t\u2019honorer aujourd\u2019hui. Accorde-moi, \u00f4 Seigneur, ta sagesse pour que je puisse prendre les bonnes d\u00e9cisions et ta faveur pour traverser les \u00e9preuves avec foi. Amen.<\/p>\n<h3> Un moment de calme pour entendre Dieu. <\/h3>\n<p>Apr\u00e8s la pri\u00e8re et la m\u00e9ditation, il est important de prendre un moment de silence afin de \u00e9couter cette voix de Dieu dans nos propres c\u0153urs. Dans ce silence, on peut ressentir sa pr\u00e9sence apaisante et obtenir ses inspirations pour la journ\u00e9e \u00e0.<\/p>\n<h3> Se tourner en direction de le Christ en vue de retrouver cette paix int\u00e9rieure. <\/h3>\n<p>Nous avons la possibilit\u00e9 de prier J\u00e9sus de nous accorder sa paix et m\u2019assister nous assister \u00e0 \u00e9couter sa parole. Par exemple :<br \/>\nSeigneur J\u00e9sus, je viens te prier de remplir mon propre c\u0153ur de ta tendresse. Je te demande m\u2019assister me lib\u00e9rer de toutes pens\u00e9es et les diverses inqui\u00e9tudes m\u2019ennuient. Aide-moi pour \u00e9couter ta parole et \u00e0 la mettre en pratique dans ma vie. Que ton Esprit Saint, \u00f4 Christ, devienne ma force pendant toute la dur\u00e9e de cette journ\u00e9e. Amen.<\/p>\n<h3> Achever cette pri\u00e8re matinale en offrant notre journ\u00e9e pour Dieu. <\/h3>\n<p>Nous sommes en mesure d\u2019offrir notre journ\u00e9e envers Dieu m\u00eame lui demander afin de la remplir de sa pr\u00e9sence et aussi de sa b\u00e9n\u00e9diction. Par exemple :<br \/>\nSeigneur, je te confie cette journ\u00e9e entre ta mains. Que tous de mes pas soit dirig\u00e9 par ton sagesse, que toutes de mes paroles soit inspir\u00e9e par votre amour. Que toutes mes actions soient accomplies selon ton volont\u00e9, pour ta gloire et le bien. Que ta lumi\u00e8re \u00e9claire ma route et \u00e9galement que tu habites mon c\u0153ur. Amen.<\/p>\n<h3> Invocation de demande matinale. <\/h3>\n<p>La supplication du matin consiste \u00e0 solliciter pour les besoins de nos chr\u00e9tiennes et des chr\u00e9tiens. Nous avons la possibilit\u00e9 de prier pour les personnes dans le besoin, pour les malades, pour les personnes qui souffrent, pour les personnes qui confront\u00e9es \u00e0 des difficult\u00e9s, pour les personnes d\u00e9courag\u00e9es et pour les personnes qui se trouvent dans l\u2019erreur.<\/p>\n<h3> Prier afin de tous individus dans le besoin. <\/p>\n<h3>\n<\/h3>\n<\/h3>\n<p>Divin, dans ta grande mis\u00e9ricorde, je te implorons pour l\u2019ensemble des personnes qui traversent des difficult\u00e9s financi\u00e8res. Que lui leur accordes la force et aussi la pers\u00e9v\u00e9rance afin de affronter ces \u00e9preuves, ainsi que que vous leur apportes les ressources n\u00e9cessaires pour subvenir \u00e0 l\u2019ensemble de leurs besoins. Accorde-leur, Grand, sa providence pour guider leur pas dans les t\u00e9n\u00e8bres de leurs soucis financiers.<\/p>\n<p>Nous te implorons \u00e9galement en vue de toutes personnes qui luttent vis-\u00e0-vis de d\u2019innombrables probl\u00e8mes de sant\u00e9. Que sa main puissante se pose sur elles, Seigneur, pour les gu\u00e9rir et les r\u00e9conforter dans leur douleur. Accorde-leur, Grand, la force et le courage de faire face \u00e0 leurs d\u00e9fis de sant\u00e9 en confiance en sa divine providence.<\/p>\n<p>Nous autres te demandons aussi en vue de chaque personnes qui sont confront\u00e9es face \u00e0 de difficult\u00e9s dans leur vie, quelle que soit ce soit sur le plan professionnel, relationnel ou encore \u00e9motionnel. Que sa gr\u00e2ce, Seigneur, soit leur soutien et aussi leur r\u00e9confort dans ces moments d\u2019\u00e9preuve. Accorde-leur, Dieu Tout-Puissant, ton Esprit Saint afin de guider leur chemin et aussi les guider vers la s\u00e9r\u00e9nit\u00e9.<\/p>\n<p>En conclusion, nous vous prions en vue de l\u2019ensemble des personnes qui sont sans-abri, qui sont marginalis\u00e9es ainsi que exclues de la soci\u00e9t\u00e9. Que votre mis\u00e9ricorde, Seigneur, se r\u00e9pande sur elles comme une douce ros\u00e9e, leur apportant r\u00e9confort et espoir dans leur d\u00e9tresse. Accorde-leur, \u00f4, des mains g\u00e9n\u00e9reuses afin de les aider et des c\u0153urs compatissants afin de les accueillir dans leur communaut\u00e9.<\/p>\n<h3> explication sur la fameuse pri\u00e8re du matin. <\/h3>\n<p>Au cours de la pri\u00e8re, nous \u00e9voquons nos esprits \u00e0 l\u2019\u00e9gard de le Ciel, implorant la lumi\u00e8re de Dieu pour illuminer nos chemins t\u00e9n\u00e9breux. Marie, notre m\u00e8re, nous guide dans ce voyage, nous enseignant \u00e0 m\u00e9diter sur les myst\u00e8res de la vie de son divin enfant. Elle nous m\u00e8ne vers J\u00e9sus, le phare du monde, qui illumine nos t\u00e9n\u00e8bres et nous guide vers la v\u00e9rit\u00e9.<br \/>\nLa pri\u00e8re nous relie aussi \u00e0 notre famille spirituelle c\u00e9leste, la famille des croyants, o\u00f9 nous \u00e9changeons nos all\u00e9gresses et nos peines, nos esp\u00e9rances et nos inqui\u00e9tudes. Ensemble, nous formons le corps du Christ, d\u00e9sign\u00e9s \u00e0 d\u00e9montrer de son charit\u00e9. Par nos supplications, nous sollicitons pour les besoins des chr\u00e9tiennes et des chr\u00e9tiens, pr\u00e9sentant notre amour et notre compassion \u00e0 ceux qui souffrent.<br \/>\nUnissons-nous dans la pri\u00e8re matinale, dans l\u2019unit\u00e9 de notre foi, en nous tournant vers Marie, la m\u00e8re de notre Seigneur J\u00e9sus-Christ. Au sein de notre monde tourment\u00e9 par les conflits et la division, optons \u00e0 la pri\u00e8re comme un moyen pour retrouver la paix et l\u2019harmonie. Il est possible faire d\u00e9poser une sollicitation pour la m\u00e8re de dieu <a target=\"_blank\" rel=\"nofollow\" href=\"https:\/\/editionsbussiere.com\/blog\/goto\/https:\/\/www.avemariasound.org\/\" >gr\u00e2ce \u00e0 notre site.<\/a> Que nos pri\u00e8res montent vers le ciel, comme une offrande re\u00e7u avec faveur par Dieu, afin qu\u2019il guide nous guider nos pas sur la voie de la v\u00e9rit\u00e9 et de la justice. L\u2019ap\u00f4tre Paul nous exhorte dans ses lettres \u00e0 maintenir une pri\u00e8re incessante, en toutes circonstances, afin que notre connexion avec Dieu soit solide et ardente. La pri\u00e8re, quand elle est sinc\u00e8rement offerte, a la capacit\u00e9 pour changer les c\u0153urs et d\u2019influer le destin de l\u2019histoire.<\/p>\n<h2> \u00c9lever nos propres et les pri\u00e8res pour nos familles au Seigneur de bon matin.<\/h2>\n<p>Cette ult\u00e9rieure phase de la pri\u00e8re du matin consiste \u00e0 prier pour nos proches \u00eatres chers, l\u2019ensemble de notre famille, nos compagnons et notre propre communaut\u00e9. Nous pouvons prier pour leur bien-\u00eatre, leur bonheur, leur s\u00fbret\u00e9, et leur r\u00e9ussite. Nous pouvons \u00e9galement prier pour nos ennemis et pour ceux qui nous ont heurt\u00e9s, et demander \u00e0 Dieu de nous aider \u00e0 leur pardonner et \u00e0 leur t\u00e9moigner de la compassion.<\/p>\n<h3> Implorer pour la sant\u00e9 et la protection de nos amis.<\/h3>\n<p>Seigneur, nous te confions nos amis, nos familles avec nos amis. Surveille, cher Dieu, au-dessus de eux, et prot\u00e8ge -les de tout risque et de toute maladie. Accorde, Dieu mis\u00e9ricordieux, une sant\u00e9 du corps ainsi que de l\u2019esprit \u00e0 eux, et aussi la paix au sein de leur esprit. Que ta b\u00e9n\u00e9diction puissante les esprits prot\u00e8ge ainsi que les individus guide tout au long de cette journ\u00e9e, pour qu\u2019il puissent puissent vivre dans une protection et aussi la qui\u00e9tude.<\/p>\n<p>Nous autres \u00e0 toi prions aussi pour nos propres enfants, Dieu, qu\u2019ils grandissent dans leur foi ainsi que dans l\u2019amour de ton saint nom. Accorde, \u00d4 Dieu, la sagesse et le courage n\u00e9cessaires afin de surmonter les \u00e9preuves de la vie, et aussi guide leurs pas sur le chemin de la v\u00e9rit\u00e9 et de la justice.<\/p>\n<p>Enfin, nous autres te prions pour nos amis et nos voisins, Seigneur, qu\u2019ils exp\u00e9rimentent la joie de ton amour avec la tranquillit\u00e9 de ton pardon. Offre-leur, cher Dieu, des c\u0153urs bienveillants afin de partager avec ceux qui dans le besoin, et des ouvertes en vue de accueillir ceux que seuls et aussi abandonn\u00e9s.<\/p>\n<h3> Prier pour notre ennemis ainsi que ceux que nous-m\u00eames ont offens\u00e9s. <\/h3>\n<p>Seigneur, le Christ, nous te prions pour les n\u00f4tres ennemis et pour ces que nous-m\u00eames ont offens\u00e9s. Accorde-leur, \u00f4 J\u00e9sus, ta mis\u00e9ricorde et aussi votre pardon, et ouvre leur c\u0153ur \u00e0 la lumi\u00e8re des ta v\u00e9rit\u00e9. Aide-nous, Seigneur, \u00e0 leur montrer de la compassion ainsi que \u00e0 leur pardonner comme tu nous as pardonn\u00e9. Que ta paix r\u00e8gne dans les n\u00f4tres c\u0153urs et aussi que ton amour guide les n\u00f4tres actions, pour que nous puissions vivre en harmonie avec tous ceux qui nous entourent.<\/p>\n<h3> Comprendre la pri\u00e8re : <\/h3>\n<p>En conclusion, l\u2019 oraison nous souviens notre mission comme enfant de Dieu : \u00eatre des t\u00e9moin de sa clart\u00e9 et de ses affection dans une \u00e9poque touch\u00e9e aux t\u00e9n\u00e8bres. \u00c0 travers nos discours et notre actes, nous propageons la bonne nouvelle de la tranquillit\u00e9 et de la r\u00e9conciliation, apportant l\u2019espoir et la r\u00e9paration \u00e0 un environnement ab\u00eem\u00e9.<\/p>\n<p>\u00c0 l\u2019int\u00e9rieur de l\u2019 spiritualit\u00e9 chr\u00e9tienne, le lever du jour porte l\u2019 valeur sp\u00e9ciale, repr\u00e9sentant l\u2019 rafra\u00eechissement et la renaissance int\u00e9rieure. C\u2019est \u00e0 l\u2019aube de chaque jour que l\u2019esprit se tourne vers le Seigneur dans la pri\u00e8re, cherchant \u00e0 se trouver \u00e9clair\u00e9e par la lumi\u00e8re c\u00e9leste. L\u2019habitude des pri\u00e8res matinales s\u2019av\u00e8re profond\u00e9ment enracin\u00e9e dans le patrimoine chr\u00e9tienne, fournissant une p\u00e9riode exclusif pour \u00e9tablir une connexion avec le Seigneur et se pr\u00e9parer mentalement aux \u00e9preuves de la journ\u00e9e qui vient.<\/p>\n<p>Au l\u2019int\u00e9rieur de ces pri\u00e8re matinales se trouve souvent une d\u00e9votion particuli\u00e8re pour Marie, maman maternelle de J\u00e9sus et ic\u00f4ne sainte ador\u00e9e aupr\u00e8s de un grand nombre fid\u00e8les. En tant de m\u00e9diatrice entre les hommes et Dieu, Marie est pri\u00e9e pour m\u00e9dier en notre faveur, nous-m\u00eames guidant dans le chemin de la saintet\u00e9 et de la gr\u00e2ce divine. Ses pr\u00e9sentation parentale donne apaisement et s\u00e9curit\u00e9, cercant nos propres pri\u00e8res matinales d\u2019une d\u00e9licatesse c\u00e9leste.<\/p>\n<p>En via les pri\u00e8res du matin, on se trouve convives \u00e0 se joindre \u00e0 Marie dans une d\u00e9marche de b\u00e9atification personnelle. En m\u00e9ditant sur la vie et les vertus, on explorons pour imiter son humilit\u00e9, sa puret\u00e9 et son ob\u00e9issance \u00e0 la volont\u00e9 de Dieu. Par le biais de sa saintet\u00e9 exemplaire, Marie devient pour nous un mod\u00e8le de vie chr\u00e9tienne, nous rappelant l\u2019importance de la pri\u00e8re et du contemplation dans nos cheminement spirituel.<\/p>\n<p>La r\u00e9citation du matin se trouve \u00eatre un moment privil\u00e9gi\u00e9 afin de se consacrer \u00e0 Dieu avec l\u2019intercession de Marie, en pr\u00e9sentant nos louanges, nos remerciements et nos intentions les plus profondes. Au sein de la qui\u00e9tude de l\u2019aurore, on est invit\u00e9s pour se tourner envers cette m\u00e8re sacr\u00e9e, laquelle nous guide avec tendresse sur du chemin du la foi et l\u2019amour divin. En faisant l\u2019union nos voix \u00e0 celle de Marie, nous augmentons notre pri\u00e8res matinales envers le tr\u00f4ne de la gr\u00e2ce, confiants que notre supplications seront entendues et accueillies aupr\u00e8s de le c\u0153ur mis\u00e9ricordieux de Dieu.<\/p>\n<p>A lire:<\/p>\n<p>Sur mon chemin\/Livre II\/Article 9.,<a target=\"_blank\" rel=\"nofollow\" href=\"https:\/\/editionsbussiere.com\/blog\/goto\/https:\/\/fr.wikisource.org\/wiki\/Sur_mon_chemin\/Livre_II\/Article_9\"  target=\"_blank\" rel=\"noopener noreferrer nofollow\">Cliquer ICI.<\/a><span><\/span><\/p>\n<p>Livre de pri\u00e8res, 1852\/Pri\u00e8res tir\u00e9es de l\u2019office des v\u00eapres.,<a target=\"_blank\" rel=\"nofollow\" href=\"https:\/\/editionsbussiere.com\/blog\/goto\/https:\/\/fr.wikisource.org\/wiki\/Livre_de_pri%C3%A8res,_1852\/Pri%C3%A8res_tir%C3%A9es_de_l%E2%80%99office_des_v%C3%AApres\"  target=\"_blank\" rel=\"noopener noreferrer nofollow\">Cliquer ICI.<\/a><span><\/span><\/p>\n<p>Les Bapt\u00eames (Verhaeren).,<a target=\"_blank\" rel=\"nofollow\" href=\"https:\/\/editionsbussiere.com\/blog\/goto\/https:\/\/fr.wikisource.org\/wiki\/Les_Bapt%C3%AAmes_(Verhaeren)\"  target=\"_blank\" rel=\"noopener noreferrer nofollow\">A lire ici.<\/a><span><\/span><\/p>\n<p>Le Couronnement de la Vierge.,<a target=\"_blank\" rel=\"nofollow\" href=\"https:\/\/editionsbussiere.com\/blog\/goto\/https:\/\/fr.wikisource.org\/wiki\/Le_Couronnement_de_la_Vierge\"  target=\"_blank\" rel=\"noopener noreferrer nofollow\">L\u2019article de presse.<\/a><span><\/span><\/p>\n<p>L\u2019Isolement (Moreau).,<a target=\"_blank\" rel=\"nofollow\" href=\"https:\/\/editionsbussiere.com\/blog\/goto\/https:\/\/fr.wikisource.org\/wiki\/L%E2%80%99Isolement_(Moreau)\"  target=\"_blank\" rel=\"noopener noreferrer nofollow\">Le texte de l\u2019article.<\/a><span><\/span>. Suite sur le prochain article.<\/p>\n<p>Bouquets et pri\u00e8res\/L\u2019Enfant b\u00e9ni.,<a target=\"_blank\" rel=\"nofollow\" href=\"https:\/\/editionsbussiere.com\/blog\/goto\/https:\/\/fr.wikisource.org\/wiki\/Bouquets_et_pri%C3%A8res\/L%E2%80%99Enfant_b%C3%A9ni\"  target=\"_blank\" rel=\"noopener noreferrer nofollow\">Cliquer ICI.<\/a><span><\/span>. Suite sur le prochain article.<\/p>\n<\/div>\n<p><img decoding=\"async\" class=\"wpe_imgrss\" src=\"https:\/\/editionsbussiere.com\/blog\/wp-content\/uploads\/2024\/05\/La-nouvelle-de-la-canonisation-de-Carlo-Acutis-laisse-les.jpg\">Cet article a \u00e9t\u00e9 reconstitu\u00e9 du mieux possible. Dans l\u2019hypoth\u00e8se o\u00f9 vous souhaitez apporter quelques modifications concernant le th\u00e8me \u00ab\u00a0Editions \u00e9sot\u00e9rique fond\u00e9e en 1927\u00a0\u00bb, il est possible de discuter avec notre r\u00e9daction. Vous pouvez tirer profit de cet article traitant le sujet \u00ab\u00a0Editions \u00e9sot\u00e9rique fond\u00e9e en 1927\u00a0\u00bb. Il est concoct\u00e9 par l\u2019\u00e9quipe editionsbussiere.com. Le site editionsbussiere.com est fait pour cr\u00e9er divers posts autour du th\u00e8me Editions \u00e9sot\u00e9rique fond\u00e9e en 1927 d\u00e9velopp\u00e9es sur internet. Consultez notre site internet editionsbussiere.com et nos r\u00e9seaux sociaux pour \u00eatre au courant des futures annonces.<\/p>\n","protected":false},"excerpt":{"rendered":"<p>La nouvelle selon laquelle un adolescent italien pourrait bient\u00f4t \u00eatre canonis\u00e9 \u2013 le premier de la g\u00e9n\u00e9ration \u00ab millennial \u00bb \u2013 a captiv\u00e9 ses fid\u00e8les aux \u00c9tats-Unis. Le 23 mai, le pape Fran\u00e7ois a officiellement reconnu un deuxi\u00e8me miracle attribu\u00e9 \u00e0 l&rsquo;intercession du bienheureux Carlo Acutis, lui ouvrant ainsi la voie \u00e0 sa reconnaissance formelle [&hellip;]<\/p>\n","protected":false},"author":3,"featured_media":647,"comment_status":"closed","ping_status":"closed","sticky":false,"template":"","format":"standard","meta":{"footnotes":""},"categories":[3],"tags":[],"class_list":["post-646","post","type-post","status-publish","format-standard","has-post-thumbnail","hentry","category-editions-esoterique-fondee-en-1927-depeches","entry","fw-tab-6 fw-tabr-4","has-featured-image"],"yoast_head":"<!-- This site is optimized with the Yoast SEO plugin v27.5 - https:\/\/yoast.com\/product\/yoast-seo-wordpress\/ -->\n<title>La nouvelle de la canonisation de Carlo Acutis laisse les fid\u00e8les am\u00e9ricains \u00ab aux anges \u00bb de joie avec une pri\u00e8re matinale. - EDITIONSBUSSIERE<\/title>\n<meta name=\"robots\" content=\"index, follow, max-snippet:-1, max-image-preview:large, max-video-preview:-1\" \/>\n<link rel=\"canonical\" href=\"https:\/\/editionsbussiere.com\/blog\/la-nouvelle-de-la-canonisation-de-carlo-acutis-laisse-les-fideles-americains-aux-anges-de-joie-avec-une-priere-matinale\/\" \/>\n<meta property=\"og:locale\" content=\"fr_FR\" \/>\n<meta property=\"og:type\" content=\"article\" \/>\n<meta property=\"og:title\" content=\"La nouvelle de la canonisation de Carlo Acutis laisse les fid\u00e8les am\u00e9ricains \u00ab aux anges \u00bb de joie avec une pri\u00e8re matinale. - EDITIONSBUSSIERE\" \/>\n<meta property=\"og:description\" content=\"La nouvelle selon laquelle un adolescent italien pourrait bient\u00f4t \u00eatre canonis\u00e9 \u2013 le premier de la g\u00e9n\u00e9ration \u00ab millennial \u00bb \u2013 a captiv\u00e9 ses fid\u00e8les aux \u00c9tats-Unis. Le 23 mai, le pape Fran\u00e7ois a officiellement reconnu un deuxi\u00e8me miracle attribu\u00e9 \u00e0 l&rsquo;intercession du bienheureux Carlo Acutis, lui ouvrant ainsi la voie \u00e0 sa reconnaissance formelle [&hellip;]\" \/>\n<meta property=\"og:url\" content=\"https:\/\/editionsbussiere.com\/blog\/la-nouvelle-de-la-canonisation-de-carlo-acutis-laisse-les-fideles-americains-aux-anges-de-joie-avec-une-priere-matinale\/\" \/>\n<meta property=\"og:site_name\" content=\"EDITIONSBUSSIERE\" \/>\n<meta property=\"article:published_time\" content=\"2024-05-24T14:32:45+00:00\" \/>\n<meta property=\"og:image\" content=\"https:\/\/editionsbussiere.com\/blog\/wp-content\/uploads\/2024\/05\/La-nouvelle-de-la-canonisation-de-Carlo-Acutis-laisse-les.jpg\" \/>\n<meta name=\"author\" content=\"Marie BATICLE\" \/>\n<meta name=\"twitter:card\" content=\"summary_large_image\" \/>\n<meta name=\"twitter:label1\" content=\"\u00c9crit par\" \/>\n\t<meta name=\"twitter:data1\" content=\"Marie BATICLE\" \/>\n\t<meta name=\"twitter:label2\" content=\"Dur\u00e9e de lecture estim\u00e9e\" \/>\n\t<meta name=\"twitter:data2\" content=\"20 minutes\" \/>\n<script type=\"application\/ld+json\" class=\"yoast-schema-graph\">{\"@context\":\"https:\\\/\\\/schema.org\",\"@graph\":[{\"@type\":\"Article\",\"@id\":\"https:\\\/\\\/editionsbussiere.com\\\/blog\\\/la-nouvelle-de-la-canonisation-de-carlo-acutis-laisse-les-fideles-americains-aux-anges-de-joie-avec-une-priere-matinale\\\/#article\",\"isPartOf\":{\"@id\":\"https:\\\/\\\/editionsbussiere.com\\\/blog\\\/la-nouvelle-de-la-canonisation-de-carlo-acutis-laisse-les-fideles-americains-aux-anges-de-joie-avec-une-priere-matinale\\\/\"},\"author\":{\"name\":\"Marie BATICLE\",\"@id\":\"https:\\\/\\\/editionsbussiere.com\\\/blog\\\/#\\\/schema\\\/person\\\/ec90e102792148c97e46ab871010dd8f\"},\"headline\":\"La nouvelle de la canonisation de Carlo Acutis laisse les fid\u00e8les am\u00e9ricains \u00ab aux anges \u00bb de joie avec une pri\u00e8re matinale.\",\"datePublished\":\"2024-05-24T14:32:45+00:00\",\"mainEntityOfPage\":{\"@id\":\"https:\\\/\\\/editionsbussiere.com\\\/blog\\\/la-nouvelle-de-la-canonisation-de-carlo-acutis-laisse-les-fideles-americains-aux-anges-de-joie-avec-une-priere-matinale\\\/\"},\"wordCount\":3945,\"publisher\":{\"@id\":\"https:\\\/\\\/editionsbussiere.com\\\/blog\\\/#organization\"},\"image\":{\"@id\":\"https:\\\/\\\/editionsbussiere.com\\\/blog\\\/la-nouvelle-de-la-canonisation-de-carlo-acutis-laisse-les-fideles-americains-aux-anges-de-joie-avec-une-priere-matinale\\\/#primaryimage\"},\"thumbnailUrl\":\"https:\\\/\\\/editionsbussiere.com\\\/blog\\\/wp-content\\\/uploads\\\/2024\\\/05\\\/La-nouvelle-de-la-canonisation-de-Carlo-Acutis-laisse-les.jpg\",\"articleSection\":[\"Editions \u00c9sot\u00e9rique Fond\u00e9e En 1927; D\u00e9p\u00e8ches:\"],\"inLanguage\":\"fr-FR\"},{\"@type\":\"WebPage\",\"@id\":\"https:\\\/\\\/editionsbussiere.com\\\/blog\\\/la-nouvelle-de-la-canonisation-de-carlo-acutis-laisse-les-fideles-americains-aux-anges-de-joie-avec-une-priere-matinale\\\/\",\"url\":\"https:\\\/\\\/editionsbussiere.com\\\/blog\\\/la-nouvelle-de-la-canonisation-de-carlo-acutis-laisse-les-fideles-americains-aux-anges-de-joie-avec-une-priere-matinale\\\/\",\"name\":\"La nouvelle de la canonisation de Carlo Acutis laisse les fid\u00e8les am\u00e9ricains \u00ab aux anges \u00bb de joie avec une pri\u00e8re matinale. - EDITIONSBUSSIERE\",\"isPartOf\":{\"@id\":\"https:\\\/\\\/editionsbussiere.com\\\/blog\\\/#website\"},\"primaryImageOfPage\":{\"@id\":\"https:\\\/\\\/editionsbussiere.com\\\/blog\\\/la-nouvelle-de-la-canonisation-de-carlo-acutis-laisse-les-fideles-americains-aux-anges-de-joie-avec-une-priere-matinale\\\/#primaryimage\"},\"image\":{\"@id\":\"https:\\\/\\\/editionsbussiere.com\\\/blog\\\/la-nouvelle-de-la-canonisation-de-carlo-acutis-laisse-les-fideles-americains-aux-anges-de-joie-avec-une-priere-matinale\\\/#primaryimage\"},\"thumbnailUrl\":\"https:\\\/\\\/editionsbussiere.com\\\/blog\\\/wp-content\\\/uploads\\\/2024\\\/05\\\/La-nouvelle-de-la-canonisation-de-Carlo-Acutis-laisse-les.jpg\",\"datePublished\":\"2024-05-24T14:32:45+00:00\",\"breadcrumb\":{\"@id\":\"https:\\\/\\\/editionsbussiere.com\\\/blog\\\/la-nouvelle-de-la-canonisation-de-carlo-acutis-laisse-les-fideles-americains-aux-anges-de-joie-avec-une-priere-matinale\\\/#breadcrumb\"},\"inLanguage\":\"fr-FR\",\"potentialAction\":[{\"@type\":\"ReadAction\",\"target\":[\"https:\\\/\\\/editionsbussiere.com\\\/blog\\\/la-nouvelle-de-la-canonisation-de-carlo-acutis-laisse-les-fideles-americains-aux-anges-de-joie-avec-une-priere-matinale\\\/\"]}]},{\"@type\":\"ImageObject\",\"inLanguage\":\"fr-FR\",\"@id\":\"https:\\\/\\\/editionsbussiere.com\\\/blog\\\/la-nouvelle-de-la-canonisation-de-carlo-acutis-laisse-les-fideles-americains-aux-anges-de-joie-avec-une-priere-matinale\\\/#primaryimage\",\"url\":\"https:\\\/\\\/editionsbussiere.com\\\/blog\\\/wp-content\\\/uploads\\\/2024\\\/05\\\/La-nouvelle-de-la-canonisation-de-Carlo-Acutis-laisse-les.jpg\",\"contentUrl\":\"https:\\\/\\\/editionsbussiere.com\\\/blog\\\/wp-content\\\/uploads\\\/2024\\\/05\\\/La-nouvelle-de-la-canonisation-de-Carlo-Acutis-laisse-les.jpg\",\"width\":900,\"height\":600,\"caption\":\"La nouvelle de la canonisation de Carlo Acutis laisse les\"},{\"@type\":\"BreadcrumbList\",\"@id\":\"https:\\\/\\\/editionsbussiere.com\\\/blog\\\/la-nouvelle-de-la-canonisation-de-carlo-acutis-laisse-les-fideles-americains-aux-anges-de-joie-avec-une-priere-matinale\\\/#breadcrumb\",\"itemListElement\":[{\"@type\":\"ListItem\",\"position\":1,\"name\":\"Accueil\",\"item\":\"https:\\\/\\\/editionsbussiere.com\\\/blog\\\/\"},{\"@type\":\"ListItem\",\"position\":2,\"name\":\"La nouvelle de la canonisation de Carlo Acutis laisse les fid\u00e8les am\u00e9ricains \u00ab aux anges \u00bb de joie avec une pri\u00e8re matinale.\"}]},{\"@type\":\"WebSite\",\"@id\":\"https:\\\/\\\/editionsbussiere.com\\\/blog\\\/#website\",\"url\":\"https:\\\/\\\/editionsbussiere.com\\\/blog\\\/\",\"name\":\"EDITIONSBUSSIERE\",\"description\":\"Editions \u00e9sot\u00e9rique fond\u00e9e en 1927; site historique, A SAVOIR ET RETENIR.\",\"publisher\":{\"@id\":\"https:\\\/\\\/editionsbussiere.com\\\/blog\\\/#organization\"},\"potentialAction\":[{\"@type\":\"SearchAction\",\"target\":{\"@type\":\"EntryPoint\",\"urlTemplate\":\"https:\\\/\\\/editionsbussiere.com\\\/blog\\\/?s={search_term_string}\"},\"query-input\":{\"@type\":\"PropertyValueSpecification\",\"valueRequired\":true,\"valueName\":\"search_term_string\"}}],\"inLanguage\":\"fr-FR\"},{\"@type\":\"Organization\",\"@id\":\"https:\\\/\\\/editionsbussiere.com\\\/blog\\\/#organization\",\"name\":\"editionsbussiere\",\"url\":\"https:\\\/\\\/editionsbussiere.com\\\/blog\\\/\",\"logo\":{\"@type\":\"ImageObject\",\"inLanguage\":\"fr-FR\",\"@id\":\"https:\\\/\\\/editionsbussiere.com\\\/blog\\\/#\\\/schema\\\/logo\\\/image\\\/\",\"url\":\"https:\\\/\\\/editionsbussiere.com\\\/blog\\\/wp-content\\\/uploads\\\/2023\\\/09\\\/cropped-buss.gif\",\"contentUrl\":\"https:\\\/\\\/editionsbussiere.com\\\/blog\\\/wp-content\\\/uploads\\\/2023\\\/09\\\/cropped-buss.gif\",\"width\":298,\"height\":120,\"caption\":\"editionsbussiere\"},\"image\":{\"@id\":\"https:\\\/\\\/editionsbussiere.com\\\/blog\\\/#\\\/schema\\\/logo\\\/image\\\/\"}},{\"@type\":\"Person\",\"@id\":\"https:\\\/\\\/editionsbussiere.com\\\/blog\\\/#\\\/schema\\\/person\\\/ec90e102792148c97e46ab871010dd8f\",\"name\":\"Marie BATICLE\",\"image\":{\"@type\":\"ImageObject\",\"inLanguage\":\"fr-FR\",\"@id\":\"https:\\\/\\\/secure.gravatar.com\\\/avatar\\\/c923e52403b1b8137e2d929127211d21967e6aecaa053bd43b09da29f212e76e?s=96&d=mm&r=g\",\"url\":\"https:\\\/\\\/secure.gravatar.com\\\/avatar\\\/c923e52403b1b8137e2d929127211d21967e6aecaa053bd43b09da29f212e76e?s=96&d=mm&r=g\",\"contentUrl\":\"https:\\\/\\\/secure.gravatar.com\\\/avatar\\\/c923e52403b1b8137e2d929127211d21967e6aecaa053bd43b09da29f212e76e?s=96&d=mm&r=g\",\"caption\":\"Marie BATICLE\"},\"url\":\"https:\\\/\\\/editionsbussiere.com\\\/blog\\\/author\\\/eremarie\\\/\"}]}<\/script>\n<!-- \/ Yoast SEO plugin. -->","yoast_head_json":{"title":"La nouvelle de la canonisation de Carlo Acutis laisse les fid\u00e8les am\u00e9ricains \u00ab aux anges \u00bb de joie avec une pri\u00e8re matinale. - EDITIONSBUSSIERE","robots":{"index":"index","follow":"follow","max-snippet":"max-snippet:-1","max-image-preview":"max-image-preview:large","max-video-preview":"max-video-preview:-1"},"canonical":"https:\/\/editionsbussiere.com\/blog\/la-nouvelle-de-la-canonisation-de-carlo-acutis-laisse-les-fideles-americains-aux-anges-de-joie-avec-une-priere-matinale\/","og_locale":"fr_FR","og_type":"article","og_title":"La nouvelle de la canonisation de Carlo Acutis laisse les fid\u00e8les am\u00e9ricains \u00ab aux anges \u00bb de joie avec une pri\u00e8re matinale. - EDITIONSBUSSIERE","og_description":"La nouvelle selon laquelle un adolescent italien pourrait bient\u00f4t \u00eatre canonis\u00e9 \u2013 le premier de la g\u00e9n\u00e9ration \u00ab millennial \u00bb \u2013 a captiv\u00e9 ses fid\u00e8les aux \u00c9tats-Unis. Le 23 mai, le pape Fran\u00e7ois a officiellement reconnu un deuxi\u00e8me miracle attribu\u00e9 \u00e0 l&rsquo;intercession du bienheureux Carlo Acutis, lui ouvrant ainsi la voie \u00e0 sa reconnaissance formelle [&hellip;]","og_url":"https:\/\/editionsbussiere.com\/blog\/la-nouvelle-de-la-canonisation-de-carlo-acutis-laisse-les-fideles-americains-aux-anges-de-joie-avec-une-priere-matinale\/","og_site_name":"EDITIONSBUSSIERE","article_published_time":"2024-05-24T14:32:45+00:00","og_image":[{"url":"https:\/\/editionsbussiere.com\/blog\/wp-content\/uploads\/2024\/05\/La-nouvelle-de-la-canonisation-de-Carlo-Acutis-laisse-les.jpg","type":"","width":"","height":""}],"author":"Marie BATICLE","twitter_card":"summary_large_image","twitter_misc":{"\u00c9crit par":"Marie BATICLE","Dur\u00e9e de lecture estim\u00e9e":"20 minutes"},"schema":{"@context":"https:\/\/schema.org","@graph":[{"@type":"Article","@id":"https:\/\/editionsbussiere.com\/blog\/la-nouvelle-de-la-canonisation-de-carlo-acutis-laisse-les-fideles-americains-aux-anges-de-joie-avec-une-priere-matinale\/#article","isPartOf":{"@id":"https:\/\/editionsbussiere.com\/blog\/la-nouvelle-de-la-canonisation-de-carlo-acutis-laisse-les-fideles-americains-aux-anges-de-joie-avec-une-priere-matinale\/"},"author":{"name":"Marie BATICLE","@id":"https:\/\/editionsbussiere.com\/blog\/#\/schema\/person\/ec90e102792148c97e46ab871010dd8f"},"headline":"La nouvelle de la canonisation de Carlo Acutis laisse les fid\u00e8les am\u00e9ricains \u00ab aux anges \u00bb de joie avec une pri\u00e8re matinale.","datePublished":"2024-05-24T14:32:45+00:00","mainEntityOfPage":{"@id":"https:\/\/editionsbussiere.com\/blog\/la-nouvelle-de-la-canonisation-de-carlo-acutis-laisse-les-fideles-americains-aux-anges-de-joie-avec-une-priere-matinale\/"},"wordCount":3945,"publisher":{"@id":"https:\/\/editionsbussiere.com\/blog\/#organization"},"image":{"@id":"https:\/\/editionsbussiere.com\/blog\/la-nouvelle-de-la-canonisation-de-carlo-acutis-laisse-les-fideles-americains-aux-anges-de-joie-avec-une-priere-matinale\/#primaryimage"},"thumbnailUrl":"https:\/\/editionsbussiere.com\/blog\/wp-content\/uploads\/2024\/05\/La-nouvelle-de-la-canonisation-de-Carlo-Acutis-laisse-les.jpg","articleSection":["Editions \u00c9sot\u00e9rique Fond\u00e9e En 1927; D\u00e9p\u00e8ches:"],"inLanguage":"fr-FR"},{"@type":"WebPage","@id":"https:\/\/editionsbussiere.com\/blog\/la-nouvelle-de-la-canonisation-de-carlo-acutis-laisse-les-fideles-americains-aux-anges-de-joie-avec-une-priere-matinale\/","url":"https:\/\/editionsbussiere.com\/blog\/la-nouvelle-de-la-canonisation-de-carlo-acutis-laisse-les-fideles-americains-aux-anges-de-joie-avec-une-priere-matinale\/","name":"La nouvelle de la canonisation de Carlo Acutis laisse les fid\u00e8les am\u00e9ricains \u00ab aux anges \u00bb de joie avec une pri\u00e8re matinale. - EDITIONSBUSSIERE","isPartOf":{"@id":"https:\/\/editionsbussiere.com\/blog\/#website"},"primaryImageOfPage":{"@id":"https:\/\/editionsbussiere.com\/blog\/la-nouvelle-de-la-canonisation-de-carlo-acutis-laisse-les-fideles-americains-aux-anges-de-joie-avec-une-priere-matinale\/#primaryimage"},"image":{"@id":"https:\/\/editionsbussiere.com\/blog\/la-nouvelle-de-la-canonisation-de-carlo-acutis-laisse-les-fideles-americains-aux-anges-de-joie-avec-une-priere-matinale\/#primaryimage"},"thumbnailUrl":"https:\/\/editionsbussiere.com\/blog\/wp-content\/uploads\/2024\/05\/La-nouvelle-de-la-canonisation-de-Carlo-Acutis-laisse-les.jpg","datePublished":"2024-05-24T14:32:45+00:00","breadcrumb":{"@id":"https:\/\/editionsbussiere.com\/blog\/la-nouvelle-de-la-canonisation-de-carlo-acutis-laisse-les-fideles-americains-aux-anges-de-joie-avec-une-priere-matinale\/#breadcrumb"},"inLanguage":"fr-FR","potentialAction":[{"@type":"ReadAction","target":["https:\/\/editionsbussiere.com\/blog\/la-nouvelle-de-la-canonisation-de-carlo-acutis-laisse-les-fideles-americains-aux-anges-de-joie-avec-une-priere-matinale\/"]}]},{"@type":"ImageObject","inLanguage":"fr-FR","@id":"https:\/\/editionsbussiere.com\/blog\/la-nouvelle-de-la-canonisation-de-carlo-acutis-laisse-les-fideles-americains-aux-anges-de-joie-avec-une-priere-matinale\/#primaryimage","url":"https:\/\/editionsbussiere.com\/blog\/wp-content\/uploads\/2024\/05\/La-nouvelle-de-la-canonisation-de-Carlo-Acutis-laisse-les.jpg","contentUrl":"https:\/\/editionsbussiere.com\/blog\/wp-content\/uploads\/2024\/05\/La-nouvelle-de-la-canonisation-de-Carlo-Acutis-laisse-les.jpg","width":900,"height":600,"caption":"La nouvelle de la canonisation de Carlo Acutis laisse les"},{"@type":"BreadcrumbList","@id":"https:\/\/editionsbussiere.com\/blog\/la-nouvelle-de-la-canonisation-de-carlo-acutis-laisse-les-fideles-americains-aux-anges-de-joie-avec-une-priere-matinale\/#breadcrumb","itemListElement":[{"@type":"ListItem","position":1,"name":"Accueil","item":"https:\/\/editionsbussiere.com\/blog\/"},{"@type":"ListItem","position":2,"name":"La nouvelle de la canonisation de Carlo Acutis laisse les fid\u00e8les am\u00e9ricains \u00ab aux anges \u00bb de joie avec une pri\u00e8re matinale."}]},{"@type":"WebSite","@id":"https:\/\/editionsbussiere.com\/blog\/#website","url":"https:\/\/editionsbussiere.com\/blog\/","name":"EDITIONSBUSSIERE","description":"Editions \u00e9sot\u00e9rique fond\u00e9e en 1927; site historique, A SAVOIR ET RETENIR.","publisher":{"@id":"https:\/\/editionsbussiere.com\/blog\/#organization"},"potentialAction":[{"@type":"SearchAction","target":{"@type":"EntryPoint","urlTemplate":"https:\/\/editionsbussiere.com\/blog\/?s={search_term_string}"},"query-input":{"@type":"PropertyValueSpecification","valueRequired":true,"valueName":"search_term_string"}}],"inLanguage":"fr-FR"},{"@type":"Organization","@id":"https:\/\/editionsbussiere.com\/blog\/#organization","name":"editionsbussiere","url":"https:\/\/editionsbussiere.com\/blog\/","logo":{"@type":"ImageObject","inLanguage":"fr-FR","@id":"https:\/\/editionsbussiere.com\/blog\/#\/schema\/logo\/image\/","url":"https:\/\/editionsbussiere.com\/blog\/wp-content\/uploads\/2023\/09\/cropped-buss.gif","contentUrl":"https:\/\/editionsbussiere.com\/blog\/wp-content\/uploads\/2023\/09\/cropped-buss.gif","width":298,"height":120,"caption":"editionsbussiere"},"image":{"@id":"https:\/\/editionsbussiere.com\/blog\/#\/schema\/logo\/image\/"}},{"@type":"Person","@id":"https:\/\/editionsbussiere.com\/blog\/#\/schema\/person\/ec90e102792148c97e46ab871010dd8f","name":"Marie BATICLE","image":{"@type":"ImageObject","inLanguage":"fr-FR","@id":"https:\/\/secure.gravatar.com\/avatar\/c923e52403b1b8137e2d929127211d21967e6aecaa053bd43b09da29f212e76e?s=96&d=mm&r=g","url":"https:\/\/secure.gravatar.com\/avatar\/c923e52403b1b8137e2d929127211d21967e6aecaa053bd43b09da29f212e76e?s=96&d=mm&r=g","contentUrl":"https:\/\/secure.gravatar.com\/avatar\/c923e52403b1b8137e2d929127211d21967e6aecaa053bd43b09da29f212e76e?s=96&d=mm&r=g","caption":"Marie BATICLE"},"url":"https:\/\/editionsbussiere.com\/blog\/author\/eremarie\/"}]}},"_links":{"self":[{"href":"https:\/\/editionsbussiere.com\/blog\/wp-json\/wp\/v2\/posts\/646","targetHints":{"allow":["GET"]}}],"collection":[{"href":"https:\/\/editionsbussiere.com\/blog\/wp-json\/wp\/v2\/posts"}],"about":[{"href":"https:\/\/editionsbussiere.com\/blog\/wp-json\/wp\/v2\/types\/post"}],"author":[{"embeddable":true,"href":"https:\/\/editionsbussiere.com\/blog\/wp-json\/wp\/v2\/users\/3"}],"replies":[{"embeddable":true,"href":"https:\/\/editionsbussiere.com\/blog\/wp-json\/wp\/v2\/comments?post=646"}],"version-history":[{"count":0,"href":"https:\/\/editionsbussiere.com\/blog\/wp-json\/wp\/v2\/posts\/646\/revisions"}],"wp:featuredmedia":[{"embeddable":true,"href":"https:\/\/editionsbussiere.com\/blog\/wp-json\/wp\/v2\/media\/647"}],"wp:attachment":[{"href":"https:\/\/editionsbussiere.com\/blog\/wp-json\/wp\/v2\/media?parent=646"}],"wp:term":[{"taxonomy":"category","embeddable":true,"href":"https:\/\/editionsbussiere.com\/blog\/wp-json\/wp\/v2\/categories?post=646"},{"taxonomy":"post_tag","embeddable":true,"href":"https:\/\/editionsbussiere.com\/blog\/wp-json\/wp\/v2\/tags?post=646"}],"curies":[{"name":"wp","href":"https:\/\/api.w.org\/{rel}","templated":true}]}}