{"id":627,"date":"2024-05-21T06:35:00","date_gmt":"2024-05-21T04:35:00","guid":{"rendered":"https:\/\/editionsbussiere.com\/blog\/nigeria-quatrieme-pretre-enleve-en-cinq-mois-zenit-avec-une-priere-du-matin\/"},"modified":"2024-05-21T06:35:00","modified_gmt":"2024-05-21T04:35:00","slug":"nigeria-quatrieme-pretre-enleve-en-cinq-mois-zenit-avec-une-priere-du-matin","status":"publish","type":"post","link":"https:\/\/editionsbussiere.com\/blog\/nigeria-quatrieme-pretre-enleve-en-cinq-mois-zenit-avec-une-priere-du-matin\/","title":{"rendered":"Nigeria : quatri\u00e8me pr\u00eatre enlev\u00e9 en cinq mois \u2013 ZENIT\n avec une pri\u00e8re du matin."},"content":{"rendered":"<div><img width=\"580\" height=\"321\" src=\"https:\/\/editionsbussiere.com\/blog\/wp-content\/uploads\/2024\/05\/Nigeria-quatrieme-pretre-enleve-en-cinq-mois-ZENIT-1024x567-1.png\" class=\"attachment-large size-large wp-post-image\" alt=\"Nigeria : quatri\u00e8me pr\u00eatre enlev\u00e9 en cinq mois - ZENIT\" style=\"float:left; margin:0 15px 15px 0;\" decoding=\"async\" srcset=\"https:\/\/editionsbussiere.com\/blog\/wp-content\/uploads\/2024\/05\/Nigeria-quatrieme-pretre-enleve-en-cinq-mois-ZENIT-1024x567-1.png 1024w, https:\/\/www.n42.fr\/wp-content\/uploads\/2024\/05\/Nigeria-quatrieme-pretre-enleve-en-cinq-mois-ZENIT-300x166.png 300w, https:\/\/www.n42.fr\/wp-content\/uploads\/2024\/05\/Nigeria-quatrieme-pretre-enleve-en-cinq-mois-ZENIT-768x425.png 768w, https:\/\/www.n42.fr\/wp-content\/uploads\/2024\/05\/Nigeria-quatrieme-pretre-enleve-en-cinq-mois-ZENIT-1536x850.png 1536w, https:\/\/www.n42.fr\/wp-content\/uploads\/2024\/05\/Nigeria-quatrieme-pretre-enleve-en-cinq-mois-ZENIT-1200x664.png 1200w, https:\/\/www.n42.fr\/wp-content\/uploads\/2024\/05\/Nigeria-quatrieme-pretre-enleve-en-cinq-mois-ZENIT.png 1657w\" sizes=\"(max-width: 580px) 100vw, 580px\"><\/p>\n<p>\n<\/p>\n<div>\n<p>(ZENIT News \/ Onitsha, 20.05.2024).- Des extr\u00e9mistes ont kidnapp\u00e9 un autre pr\u00eatre catholique au Nigeria, mercredi matin (15 mai), portant \u00e0 quatre le nombre de religieux kidnapp\u00e9s dans le pays cette ann\u00e9e.<\/p>\n<p>Les hommes arm\u00e9s qui ont captur\u00e9 le p\u00e8re Basil Gbuzuo n&rsquo;ont pas contact\u00e9 l&rsquo;\u00c9glise, selon un communiqu\u00e9 de l&rsquo;archidioc\u00e8se d&rsquo;Onitsha envoy\u00e9 \u00e0 l&rsquo;association caritative catholique Aide \u00e0 l&rsquo;\u00c9glise en D\u00e9tresse (ACN).<\/p>\n<p>Le p\u00e8re Prudentius Aroh, chancelier de l&rsquo;archidioc\u00e8se d&rsquo;Onitsha, a \u00e9crit que l&rsquo;archev\u00eaque Valerian Maduka Okeke d&rsquo;Onitsha invitait \u00ab tous les fid\u00e8les du Christ et tous les hommes et femmes de bonne volont\u00e9 \u00e0 prier sinc\u00e8rement pour la lib\u00e9ration rapide et s\u00fbre du pr\u00eatre alors que nous intensifions nos efforts pour garantir sa libert\u00e9. \u00bb.<\/p>\n<p>Le p\u00e8re Aroh a ajout\u00e9 : \u00ab Nous f\u00e9licitons notre fr\u00e8re [Father Gbuzuo] \u00e0 la puissante intercession de la Bienheureuse Vierge Marie, M\u00e8re des Pr\u00eatres, pour sa lib\u00e9ration rapide des mains de ses ravisseurs. \u00bb<\/p>\n<p>Le p\u00e8re Gbuzuo est le quatri\u00e8me pr\u00eatre \u00e0 avoir \u00e9t\u00e9 kidnapp\u00e9 au Nigeria cette ann\u00e9e, mais les trois autres \u2013 deux missionnaires clar\u00e9tains et un cur\u00e9 de l&rsquo;archidioc\u00e8se de Benin City \u2013 ont d\u00e9j\u00e0 \u00e9t\u00e9 lib\u00e9r\u00e9s.<\/p>\n<p>Trois pr\u00eatres kidnapp\u00e9s dans le pays les ann\u00e9es pr\u00e9c\u00e9dentes \u2013 un en 2019 et deux en 2022 \u2013 sont toujours port\u00e9s disparus.  En 2023, le Nigeria \u00e9tait en t\u00eate de liste des pays avec des cas d&rsquo;enl\u00e8vements de pr\u00eatres et de religieux avec 28 incidents au total, dont trois s\u0153urs.<\/p>\n<p>L&rsquo;AED a appel\u00e9 \u00e0 la lib\u00e9ration imm\u00e9diate et inconditionnelle du p\u00e8re Gbuzuo, joignant sa voix \u00e0 celle des dirigeants de l&rsquo;\u00c9glise nig\u00e9riane exigeant que le gouvernement renforce la s\u00e9curit\u00e9 dans ce pays africain.<\/p>\n<p><strong><em>Merci d&rsquo;avoir lu notre contenu.  Si vous souhaitez recevoir quotidiennement par e-mail l&rsquo;actualit\u00e9 de ZENIT, vous pouvez vous inscrire gratuitement via <\/em><\/strong><strong><em>ce lien<\/em><\/strong><strong><em>.<\/em><\/strong><\/p>\n<div class=\"printfriendly pf-button pf-button-content pf-alignleft\"><img decoding=\"async\" class=\"pf-button-img\" src=\"https:\/\/editionsbussiere.com\/blog\/wp-content\/uploads\/2024\/05\/printfriendly-pdf-button.png\" alt=\"Version imprimable, PDF et e-mail\" style=\"width: 112px;height: 24px;\"><\/div>\n<\/div>\n<h2> \u00c9lever nos proches pri\u00e8res pour notre entourage au Seigneur matinale.<\/h2>\n<p>L\u2019ultime ultime section de la pri\u00e8re du matin consiste \u00e0 prier pour nos familles \u00eatres chers, notre famille, nos amis et notre propre communaut\u00e9. Nous pouvons prier pour leur, leur prosp\u00e9rit\u00e9, leur s\u00e9curit\u00e9, et leur fortune. Nous pouvons \u00e9galement prier pour ceux qui nous ont nui et pour ces individus qui nous ont bless\u00e9s, et demander \u00e0 Dieu de nous aider \u00e0 leur pardonner et \u00e0 leur montrer la compassion.<\/p>\n<h3> Prier pour la bien-\u00eatre et la s\u00e9curit\u00e9 de nos familles.<\/h3>\n<p>Dieu tout-puissant, nous te confions nos amis, nos propres familles avec nos amis. Prot\u00e8ge, \u00d4 Dieu, au-dessus de eux, ainsi que pr\u00e9serve -les de tout danger et de toute maladie. Donne, \u00d4 Seigneur, la vigueur du corps et de l\u2019esprit \u00e0 eux, et aussi la paix au sein de leur c\u0153ur. Puissante soit la volont\u00e9 pour que ta protection forte les esprits veille et les individus guide tout au long de cette journ\u00e9e, afin qu\u2019ils puissent vivre dans la s\u00e9curit\u00e9 et la paix.<\/p>\n<p>Nous autres te prions aussi pour notre enfants, Seigneur, afin qu\u2019ils grandissent dans leur foi et dans l\u2019amour de ton saint nom. Donne, \u00f4 Dieu, une sagesse ainsi que la force n\u00e9cessaires pour faire face \u00e0 les \u00e9preuves de la vie, et conduise leurs pas sur le chemin de la v\u00e9rit\u00e9 ainsi que de la justice.<\/p>\n<p>Enfin, nous autres te prions pour nos amis et aussi nos voisins, Seigneur, pour qu\u2019ils d\u00e9couvrent la joie de ton amour et la paix de ton pardon. Accorde-leur, \u00d4 Dieu, des c\u0153urs pleins de g\u00e9n\u00e9rosit\u00e9 en vue de partager avec ceux qui dans le besoin, et mains largement ouvertes pour accueillir ceux qui seuls et aussi abandonn\u00e9s.<\/p>\n<h3> Prier pour les n\u00f4tres ennemis ainsi que ceux que nous ont offens\u00e9s. <\/h3>\n<p>\u00d4 Seigneur, le Christ, nous te prions pour les n\u00f4tres ennemis ainsi que pour ceux qui nous ont offens\u00e9s. Accorde-leur, \u00f4 Christ, votre mis\u00e9ricorde ainsi que ton pardon, et ouvre leur c\u0153ur \u00e0 la lumi\u00e8re des ta v\u00e9rit\u00e9. Aide-nous, Seigneur, \u00e0 leur montrer de la compassion et \u00e0 leur pardonner comme tu nous as pardonn\u00e9. Que votre paix r\u00e8gne dans les n\u00f4tres c\u0153urs et que ton amour guide nos actions, pour que nous puissions vivre en harmonie avec tous ceux que nous-m\u00eames entourent.<\/p>\n<h3> Comprendre l\u2019 pri\u00e8re : <\/h3>\n<p>Finalement, l\u2019 invocation nous souviens notre mission tel que enfant de l\u2019\u00c9ternel : exister des observateurs de sa clart\u00e9 et de son attachement dans l\u2019 p\u00e9riode touch\u00e9e aux t\u00e9n\u00e8bres. \u00c0 travers nos paroles et nos actions, nous diffusons le message de l\u2019 paix et de la conciliation, amenant l\u2019attente et la cicatrisation \u00e0 un contexte bris\u00e9.<\/p>\n<p>Dans la foi chr\u00e9tienne, le matin adopte une signification particuli\u00e8re, illustrant le renouvellement et la reconstruction int\u00e9rieure. C\u2019est au d\u00e9but de chaque jour que l\u2019esprit se tourne vers l\u2019\u00c9ternel dans l\u2019oraison, recherchant \u00e0 se trouver \u00e9clair\u00e9e par la lumi\u00e8re divine. La pratique des pri\u00e8res matinales se r\u00e9v\u00e8le profond\u00e9ment enracin\u00e9e dans la tradition chr\u00e9tienne, offrant un instant privil\u00e9gi\u00e9 pour se connecter avec Dieu et se pr\u00e9parer spirituellement aux d\u00e9fis de la journ\u00e9e qui s\u2019annonce.<\/p>\n<p>Au l\u2019int\u00e9rieur de ces oraisons matinales s\u2019 trouve souvent une d\u00e9votion particuli\u00e8re \u00e0 l\u2019\u00e9gard de Marie, maman maternelle de J\u00e9sus et aussi figure sainte ador\u00e9e par un grand nombre fid\u00e8les. En tant d\u2019 m\u00e9diatrice parmi les hommes et Dieu, Marie est pri\u00e9e afin de interc\u00e9der en notre faveur, nous guidant sur le sentier vers la saintet\u00e9 ainsi que ainsi que la gr\u00e2ce divine. Sa pr\u00e9sence maternelle offre r\u00e9confort ainsi que abri, entourant nos oraisons matinales d\u2019une tendresse c\u00e9leste.<\/p>\n<p>\u00c0 travers l\u2019 pri\u00e8re du matin, on est convives pour se rallier vers Marie dans une initiative pour b\u00e9atification individuelle. En m\u00e9ditant au sujet de sa vie et les vertus, nous recherchons pour imiter sa humilit\u00e9, sa puret\u00e9 ainsi que sa ob\u00e9issance vers la volont\u00e9 du Dieu. \u00c0 travers sa saintet\u00e9 exemplaire, Marie devient pour nous une mod\u00e8le de vie chr\u00e9tienne, nous rem\u00e9morant l\u2019importance de la pri\u00e8re et de la contemplation dans notre cheminement spirituel.<\/p>\n<p>Unissons nos voix dans la pri\u00e8re de debut de journ\u00e9e, dans notre confiance, en nous tournant vers Marie, la m\u00e8re de J\u00e9sus. Dans notre monde tourment\u00e9 par les conflits et la discorde, optons \u00e0 la pri\u00e8re comme un moyen de retrouver la s\u00e9r\u00e9nit\u00e9 et l\u2019harmonie. Tout chr\u00e9tien peut exprimer une pri\u00e8re pour la Vierge Marie <a target=\"_blank\" rel=\"nofollow\" href=\"https:\/\/editionsbussiere.com\/blog\/goto\/https:\/\/www.avemariasound.org\/\" >utilisant ces informations.<\/a> Que nos supplications montent vers le ciel, comme une offrande agr\u00e9able par Dieu, pour qu\u2019il puisse nous guider nos pas sur la voie de la v\u00e9rit\u00e9 et de la justice. L\u2019ap\u00f4tre Paul nous exhorte dans ses lettres \u00e0 maintenir une pri\u00e8re incessante, en toutes circonstances, pour que notre connexion \u00e0 Dieu reste constante et passionn\u00e9e. La pri\u00e8re, lorsqu\u2019elle est offerte sinc\u00e8rement, a la capacit\u00e9 pour changer les c\u0153urs et d\u2019influer le destin de l\u2019histoire.<\/p>\n<p>La oraison du matin se trouve \u00eatre un temps avantag\u00e9 afin de nous consacrer \u00e0 Dieu avec l\u2019intercession de Marie, en lui sacrifiant nos adorations, nos actions de gr\u00e2ce ainsi que nos intentions les plus profondes. Au sein de la qui\u00e9tude de l\u2019aurore, on est invit\u00e9s pour tourner \u00e0 cette m\u00e8re divine, laquelle nous guide avec affection sur le chemin du la foi ainsi que l\u2019amour divin. \u00c0 travers unissant notre voix \u00e0 celle de Marie, nous \u00e9levons nos pri\u00e8res matinales envers le tr\u00f4ne de la gr\u00e2ce, s\u00fbrs que nos supplications seront entendues et accueillies par le c\u0153ur mis\u00e9ricordieux de Dieu.<\/p>\n<h2> Pri\u00e8re pour le d\u00e9but de journ\u00e9e avec Dieu et la Sainte M\u00e8re<\/h2>\n<p>Seigneur tout-puissant et mis\u00e9ricordieux, en ce jour qui se l\u00e8ve sous la clart\u00e9 de ta divine lumi\u00e8re, je viens \u00e0 Toi avec foi et modestie. Que cette journ\u00e9e qui s\u2019ouvre soit consacr\u00e9e \u00e0 ta saintet\u00e9, que chaque battement de mon c\u0153ur |chaque regard de mes yeux|chacune de mes paroles|chacun de mes gestes} te soit offert en offrande. Que chaque respiration qui anime mon \u00eatre soit un souffle d\u2019adoration |un souffle vers toi|un souffle de vie en toi}. Que la pri\u00e8re r\u00e9sonne, suppliez, priez, priez, priez.<\/p>\n<p>Comme Marie, la sainte m\u00e8re qui a port\u00e9 en son sein l\u2019enfant J\u00e9sus, accompagne-moi dans ce parcours de foi et de d\u00e9votion. Que je puisse, \u00e0 travers les pages de l\u2019\u00c9vangile, trouver la lueur pour \u00e9clairer mes pas et renforcer ma foi. \u00c0 l\u2019instar de Pierre, accorde-moi la force et la bravoure de faire face \u00e0 les \u00e9preuves de ce monde avec une confiance in\u00e9branlable en ta providence.<\/p>\n<p>Durant ce moment de Car\u00eame, o\u00f9 les croyants et les fid\u00e8les se pr\u00e9parent \u00e0 c\u00e9l\u00e9brer la r\u00e9surrection de J\u00e9sus-Christ, octroie-moi, Seigneur, la gr\u00e2ce du r\u00e9veil spirituel. Que mon c\u0153ur soit purifi\u00e9 de toute souillure, afin qu\u2019il devienne un temple digne de ta pr\u00e9sence. Que ma pri\u00e8re, \u00e0 l\u2019image de Fran\u00e7ois d\u2019Assise, retentisse comme une m\u00e9lodie de louanges \u00e0 travers les si\u00e8cles.<br \/>\nDieu Tout-Puissant, que mon quotidien soit impr\u00e9gn\u00e9 de ta b\u00e9n\u00e9diction, que chacun des instants soit une occasion de te voir et de te servir dans mes prochains. Que ma vie soit un t\u00e9moignage vivant de ta tendresse infinie pour l\u2019humanit\u00e9. Puissent les supplications de Hozana monter vers toi comme un doux parfum, enveloppant chacune de mes journ\u00e9es dans une atmosph\u00e8re de s\u00e9r\u00e9nit\u00e9. Priez, \u00c9glise, Fran\u00e7ois, Hozana.<\/p>\n<p>Puissent mon c\u0153ur, \u00d4 Seigneur, devienne une manifestation du tien, rempli d\u2019amour, de compassion et de mis\u00e9ricorde envers mes semblables. Que chacune de mes pens\u00e9es et de mes actions soit dirig\u00e9e par ton Esprit saint, afin que je puisse contribuer \u00e0 l\u2019av\u00e8nement de ta justice sur la terre.<\/p>\n<p>Que cette journ\u00e9e constitue une nouvelle \u00e9tape dans mon cheminement spirituel, un moment de grandir dans la foi. Seigneur, poss\u00e8de mon c\u0153ur, transforme-le en ton sanctuaire, o\u00f9 ta pr\u00e9sence se manifeste \u00e0 chaque instant. Que chaque pulsation de mon c\u0153ur devienne un chant \u00e0 ta louange, Seigneur, pour l\u2019\u00e9ternit\u00e9. Amen.<\/p>\n<p>Pendant le r\u00e9veil spirituel spirituel de toute \u00e2me chr\u00e9tienne, l\u2019oraison joue. Elle est la connexion profonde entre l\u2019enfant de l\u2019\u00c9ternel et sa m\u00e8re c\u00e9leste, la Vierge Marie, qui interc\u00e8de en faveur de nous aupr\u00e8s de son c\u00e9leste Fils. \u00c0 travers l\u2019acte de pri\u00e8re, les fid\u00e8les p\u00e9n\u00e9trons au c\u0153ur de la lumi\u00e8re de la parole de Dieu, men\u00e9s avec l\u2019Esprit Saint, pour d\u00e9couvrir la r\u00e9alit\u00e9 et la gr\u00e2ce que J\u00e9sus nous accorde.<\/p>\n<h2>R\u00e9flexion de la Parole divine : <\/h2>\n<p>Il nous est possible de sommes capables de m\u00e9diter sur une portion religieux dont nous enseigne de la tendresse de Dieu. Par exemple :<\/p>\n<h3>1 Corinthiens 13, 1-8 : <\/h3>\n<p>\u00ab\u00a0Et quand je distribuerais tous mes biens pour la nourriture des pauvres, quand je livrerais m\u00eame mon corps pour \u00eatre br\u00fbl\u00e9, si je n\u2019ai pas l\u2019amour, cela ne me sert \u00e0 rien..\u00a0\u00bb<\/p>\n<p>Publications:<\/p>\n<p>Valentines et autres vers\/Memorare.,<a target=\"_blank\" rel=\"nofollow\" href=\"https:\/\/editionsbussiere.com\/blog\/goto\/https:\/\/fr.wikisource.org\/wiki\/Valentines_et_autres_vers\/Memorare\"  target=\"_blank\" rel=\"noopener noreferrer nofollow\">Cliquer ICI.<\/a><span><\/span><\/p>\n<p>Les Vierges de Syracuse\/04.,<a target=\"_blank\" rel=\"nofollow\" href=\"https:\/\/editionsbussiere.com\/blog\/goto\/https:\/\/fr.wikisource.org\/wiki\/Les_Vierges_de_Syracuse\/04\"  target=\"_blank\" rel=\"noopener noreferrer nofollow\">Cliquer ICI.<\/a><span><\/span><\/p>\n<p>Les Lettres d\u2019Amabed\/Lettre 19b d\u2019Amabed.,<a target=\"_blank\" rel=\"nofollow\" href=\"https:\/\/editionsbussiere.com\/blog\/goto\/https:\/\/fr.wikisource.org\/wiki\/Les_Lettres_d%E2%80%99Amabed\/Lettre_19b_d%E2%80%99Amabed\"  target=\"_blank\" rel=\"noopener noreferrer nofollow\">L\u2019article ICI.<\/a><span><\/span>. Suite sur le prochain article.<\/p>\n<p>La L\u00e9gende dor\u00e9e\/Sainte Marthe.,<a target=\"_blank\" rel=\"nofollow\" href=\"https:\/\/editionsbussiere.com\/blog\/goto\/https:\/\/fr.wikisource.org\/wiki\/La_L%C3%A9gende_dor%C3%A9e\/Sainte_Marthe\"  target=\"_blank\" rel=\"noopener noreferrer nofollow\">L\u2019article ICI.<\/a><span><\/span>. Suite sur le prochain article.<\/p>\n<p>Jeanne d\u2019Arc, hymne \u00e0 la sainte Vierge.,<a target=\"_blank\" rel=\"nofollow\" href=\"https:\/\/editionsbussiere.com\/blog\/goto\/https:\/\/fr.wikisource.org\/wiki\/Jeanne_d%27Arc,_hymne_%C3%A0_la_sainte_Vierge\"  target=\"_blank\" rel=\"noopener noreferrer nofollow\">L\u2019article ICI.<\/a><span><\/span><\/p>\n<p>Cat\u00e9chisme du concile de Trente\/Chapitre 4.,<a target=\"_blank\" rel=\"nofollow\" href=\"https:\/\/editionsbussiere.com\/blog\/goto\/https:\/\/fr.wikisource.org\/wiki\/Cat%C3%A9chisme_du_concile_de_Trente\/Chapitre_4\"  target=\"_blank\" rel=\"noopener noreferrer nofollow\">L\u2019article ICI.<\/a><span><\/span><\/p>\n<\/div>\n<p><img decoding=\"async\" class=\"wpe_imgrss\" src=\"https:\/\/editionsbussiere.com\/blog\/wp-content\/uploads\/2024\/05\/Nigeria-quatrieme-pretre-enleve-en-cinq-mois-ZENIT-1024x567-1.png\">Cet article a \u00e9t\u00e9 reconstitu\u00e9 du mieux possible. Dans l\u2019hypoth\u00e8se o\u00f9 vous souhaitez apporter quelques modifications concernant le th\u00e8me \u00ab\u00a0Editions \u00e9sot\u00e9rique fond\u00e9e en 1927\u00a0\u00bb, il est possible de discuter avec notre r\u00e9daction. Vous pouvez tirer profit de cet article traitant le sujet \u00ab\u00a0Editions \u00e9sot\u00e9rique fond\u00e9e en 1927\u00a0\u00bb. Il est concoct\u00e9 par l\u2019\u00e9quipe editionsbussiere.com. Le site editionsbussiere.com est fait pour cr\u00e9er divers posts autour du th\u00e8me Editions \u00e9sot\u00e9rique fond\u00e9e en 1927 d\u00e9velopp\u00e9es sur internet. Consultez notre site internet editionsbussiere.com et nos r\u00e9seaux sociaux pour \u00eatre au courant des futures annonces.<\/p>\n","protected":false},"excerpt":{"rendered":"<p>(ZENIT News \/ Onitsha, 20.05.2024).- Des extr\u00e9mistes ont kidnapp\u00e9 un autre pr\u00eatre catholique au Nigeria, mercredi matin (15 mai), portant \u00e0 quatre le nombre de religieux kidnapp\u00e9s dans le pays cette ann\u00e9e. Les hommes arm\u00e9s qui ont captur\u00e9 le p\u00e8re Basil Gbuzuo n&rsquo;ont pas contact\u00e9 l&rsquo;\u00c9glise, selon un communiqu\u00e9 de l&rsquo;archidioc\u00e8se d&rsquo;Onitsha envoy\u00e9 \u00e0 l&rsquo;association [&hellip;]<\/p>\n","protected":false},"author":3,"featured_media":628,"comment_status":"closed","ping_status":"closed","sticky":false,"template":"","format":"standard","meta":{"footnotes":""},"categories":[3],"tags":[],"class_list":["post-627","post","type-post","status-publish","format-standard","has-post-thumbnail","hentry","category-editions-esoterique-fondee-en-1927-depeches","entry","fw-tab-6 fw-tabr-4","has-featured-image"],"yoast_head":"<!-- This site is optimized with the Yoast SEO plugin v27.5 - https:\/\/yoast.com\/product\/yoast-seo-wordpress\/ -->\n<title>Nigeria : quatri\u00e8me pr\u00eatre enlev\u00e9 en cinq mois \u2013 ZENIT avec une pri\u00e8re du matin. - EDITIONSBUSSIERE<\/title>\n<meta name=\"robots\" content=\"index, follow, max-snippet:-1, max-image-preview:large, max-video-preview:-1\" \/>\n<link rel=\"canonical\" href=\"https:\/\/editionsbussiere.com\/blog\/nigeria-quatrieme-pretre-enleve-en-cinq-mois-zenit-avec-une-priere-du-matin\/\" \/>\n<meta property=\"og:locale\" content=\"fr_FR\" \/>\n<meta property=\"og:type\" content=\"article\" \/>\n<meta property=\"og:title\" content=\"Nigeria : quatri\u00e8me pr\u00eatre enlev\u00e9 en cinq mois \u2013 ZENIT avec une pri\u00e8re du matin. - EDITIONSBUSSIERE\" \/>\n<meta property=\"og:description\" content=\"(ZENIT News \/ Onitsha, 20.05.2024).- Des extr\u00e9mistes ont kidnapp\u00e9 un autre pr\u00eatre catholique au Nigeria, mercredi matin (15 mai), portant \u00e0 quatre le nombre de religieux kidnapp\u00e9s dans le pays cette ann\u00e9e. Les hommes arm\u00e9s qui ont captur\u00e9 le p\u00e8re Basil Gbuzuo n&rsquo;ont pas contact\u00e9 l&rsquo;\u00c9glise, selon un communiqu\u00e9 de l&rsquo;archidioc\u00e8se d&rsquo;Onitsha envoy\u00e9 \u00e0 l&rsquo;association [&hellip;]\" \/>\n<meta property=\"og:url\" content=\"https:\/\/editionsbussiere.com\/blog\/nigeria-quatrieme-pretre-enleve-en-cinq-mois-zenit-avec-une-priere-du-matin\/\" \/>\n<meta property=\"og:site_name\" content=\"EDITIONSBUSSIERE\" \/>\n<meta property=\"article:published_time\" content=\"2024-05-21T04:35:00+00:00\" \/>\n<meta property=\"og:image\" content=\"https:\/\/editionsbussiere.com\/blog\/wp-content\/uploads\/2024\/05\/Nigeria-quatrieme-pretre-enleve-en-cinq-mois-ZENIT-1024x567-1.png\" \/>\n<meta name=\"author\" content=\"Marie BATICLE\" \/>\n<meta name=\"twitter:card\" content=\"summary_large_image\" \/>\n<meta name=\"twitter:label1\" content=\"\u00c9crit par\" \/>\n\t<meta name=\"twitter:data1\" content=\"Marie BATICLE\" \/>\n\t<meta name=\"twitter:label2\" content=\"Dur\u00e9e de lecture estim\u00e9e\" \/>\n\t<meta name=\"twitter:data2\" content=\"10 minutes\" \/>\n<script type=\"application\/ld+json\" class=\"yoast-schema-graph\">{\"@context\":\"https:\\\/\\\/schema.org\",\"@graph\":[{\"@type\":\"Article\",\"@id\":\"https:\\\/\\\/editionsbussiere.com\\\/blog\\\/nigeria-quatrieme-pretre-enleve-en-cinq-mois-zenit-avec-une-priere-du-matin\\\/#article\",\"isPartOf\":{\"@id\":\"https:\\\/\\\/editionsbussiere.com\\\/blog\\\/nigeria-quatrieme-pretre-enleve-en-cinq-mois-zenit-avec-une-priere-du-matin\\\/\"},\"author\":{\"name\":\"Marie BATICLE\",\"@id\":\"https:\\\/\\\/editionsbussiere.com\\\/blog\\\/#\\\/schema\\\/person\\\/ec90e102792148c97e46ab871010dd8f\"},\"headline\":\"Nigeria : quatri\u00e8me pr\u00eatre enlev\u00e9 en cinq mois \u2013 ZENIT avec une pri\u00e8re du matin.\",\"datePublished\":\"2024-05-21T04:35:00+00:00\",\"mainEntityOfPage\":{\"@id\":\"https:\\\/\\\/editionsbussiere.com\\\/blog\\\/nigeria-quatrieme-pretre-enleve-en-cinq-mois-zenit-avec-une-priere-du-matin\\\/\"},\"wordCount\":2105,\"publisher\":{\"@id\":\"https:\\\/\\\/editionsbussiere.com\\\/blog\\\/#organization\"},\"image\":{\"@id\":\"https:\\\/\\\/editionsbussiere.com\\\/blog\\\/nigeria-quatrieme-pretre-enleve-en-cinq-mois-zenit-avec-une-priere-du-matin\\\/#primaryimage\"},\"thumbnailUrl\":\"https:\\\/\\\/editionsbussiere.com\\\/blog\\\/wp-content\\\/uploads\\\/2024\\\/05\\\/Nigeria-quatrieme-pretre-enleve-en-cinq-mois-ZENIT-1024x567-1.png\",\"articleSection\":[\"Editions \u00c9sot\u00e9rique Fond\u00e9e En 1927; D\u00e9p\u00e8ches:\"],\"inLanguage\":\"fr-FR\"},{\"@type\":\"WebPage\",\"@id\":\"https:\\\/\\\/editionsbussiere.com\\\/blog\\\/nigeria-quatrieme-pretre-enleve-en-cinq-mois-zenit-avec-une-priere-du-matin\\\/\",\"url\":\"https:\\\/\\\/editionsbussiere.com\\\/blog\\\/nigeria-quatrieme-pretre-enleve-en-cinq-mois-zenit-avec-une-priere-du-matin\\\/\",\"name\":\"Nigeria : quatri\u00e8me pr\u00eatre enlev\u00e9 en cinq mois \u2013 ZENIT avec une pri\u00e8re du matin. - EDITIONSBUSSIERE\",\"isPartOf\":{\"@id\":\"https:\\\/\\\/editionsbussiere.com\\\/blog\\\/#website\"},\"primaryImageOfPage\":{\"@id\":\"https:\\\/\\\/editionsbussiere.com\\\/blog\\\/nigeria-quatrieme-pretre-enleve-en-cinq-mois-zenit-avec-une-priere-du-matin\\\/#primaryimage\"},\"image\":{\"@id\":\"https:\\\/\\\/editionsbussiere.com\\\/blog\\\/nigeria-quatrieme-pretre-enleve-en-cinq-mois-zenit-avec-une-priere-du-matin\\\/#primaryimage\"},\"thumbnailUrl\":\"https:\\\/\\\/editionsbussiere.com\\\/blog\\\/wp-content\\\/uploads\\\/2024\\\/05\\\/Nigeria-quatrieme-pretre-enleve-en-cinq-mois-ZENIT-1024x567-1.png\",\"datePublished\":\"2024-05-21T04:35:00+00:00\",\"breadcrumb\":{\"@id\":\"https:\\\/\\\/editionsbussiere.com\\\/blog\\\/nigeria-quatrieme-pretre-enleve-en-cinq-mois-zenit-avec-une-priere-du-matin\\\/#breadcrumb\"},\"inLanguage\":\"fr-FR\",\"potentialAction\":[{\"@type\":\"ReadAction\",\"target\":[\"https:\\\/\\\/editionsbussiere.com\\\/blog\\\/nigeria-quatrieme-pretre-enleve-en-cinq-mois-zenit-avec-une-priere-du-matin\\\/\"]}]},{\"@type\":\"ImageObject\",\"inLanguage\":\"fr-FR\",\"@id\":\"https:\\\/\\\/editionsbussiere.com\\\/blog\\\/nigeria-quatrieme-pretre-enleve-en-cinq-mois-zenit-avec-une-priere-du-matin\\\/#primaryimage\",\"url\":\"https:\\\/\\\/editionsbussiere.com\\\/blog\\\/wp-content\\\/uploads\\\/2024\\\/05\\\/Nigeria-quatrieme-pretre-enleve-en-cinq-mois-ZENIT-1024x567-1.png\",\"contentUrl\":\"https:\\\/\\\/editionsbussiere.com\\\/blog\\\/wp-content\\\/uploads\\\/2024\\\/05\\\/Nigeria-quatrieme-pretre-enleve-en-cinq-mois-ZENIT-1024x567-1.png\",\"width\":1024,\"height\":567,\"caption\":\"Nigeria quatrieme pretre enleve en cinq mois ZENIT 1024x567 1\"},{\"@type\":\"BreadcrumbList\",\"@id\":\"https:\\\/\\\/editionsbussiere.com\\\/blog\\\/nigeria-quatrieme-pretre-enleve-en-cinq-mois-zenit-avec-une-priere-du-matin\\\/#breadcrumb\",\"itemListElement\":[{\"@type\":\"ListItem\",\"position\":1,\"name\":\"Accueil\",\"item\":\"https:\\\/\\\/editionsbussiere.com\\\/blog\\\/\"},{\"@type\":\"ListItem\",\"position\":2,\"name\":\"Nigeria : quatri\u00e8me pr\u00eatre enlev\u00e9 en cinq mois \u2013 ZENIT avec une pri\u00e8re du matin.\"}]},{\"@type\":\"WebSite\",\"@id\":\"https:\\\/\\\/editionsbussiere.com\\\/blog\\\/#website\",\"url\":\"https:\\\/\\\/editionsbussiere.com\\\/blog\\\/\",\"name\":\"EDITIONSBUSSIERE\",\"description\":\"Editions \u00e9sot\u00e9rique fond\u00e9e en 1927; site historique, A SAVOIR ET RETENIR.\",\"publisher\":{\"@id\":\"https:\\\/\\\/editionsbussiere.com\\\/blog\\\/#organization\"},\"potentialAction\":[{\"@type\":\"SearchAction\",\"target\":{\"@type\":\"EntryPoint\",\"urlTemplate\":\"https:\\\/\\\/editionsbussiere.com\\\/blog\\\/?s={search_term_string}\"},\"query-input\":{\"@type\":\"PropertyValueSpecification\",\"valueRequired\":true,\"valueName\":\"search_term_string\"}}],\"inLanguage\":\"fr-FR\"},{\"@type\":\"Organization\",\"@id\":\"https:\\\/\\\/editionsbussiere.com\\\/blog\\\/#organization\",\"name\":\"editionsbussiere\",\"url\":\"https:\\\/\\\/editionsbussiere.com\\\/blog\\\/\",\"logo\":{\"@type\":\"ImageObject\",\"inLanguage\":\"fr-FR\",\"@id\":\"https:\\\/\\\/editionsbussiere.com\\\/blog\\\/#\\\/schema\\\/logo\\\/image\\\/\",\"url\":\"https:\\\/\\\/editionsbussiere.com\\\/blog\\\/wp-content\\\/uploads\\\/2023\\\/09\\\/cropped-buss.gif\",\"contentUrl\":\"https:\\\/\\\/editionsbussiere.com\\\/blog\\\/wp-content\\\/uploads\\\/2023\\\/09\\\/cropped-buss.gif\",\"width\":298,\"height\":120,\"caption\":\"editionsbussiere\"},\"image\":{\"@id\":\"https:\\\/\\\/editionsbussiere.com\\\/blog\\\/#\\\/schema\\\/logo\\\/image\\\/\"}},{\"@type\":\"Person\",\"@id\":\"https:\\\/\\\/editionsbussiere.com\\\/blog\\\/#\\\/schema\\\/person\\\/ec90e102792148c97e46ab871010dd8f\",\"name\":\"Marie BATICLE\",\"image\":{\"@type\":\"ImageObject\",\"inLanguage\":\"fr-FR\",\"@id\":\"https:\\\/\\\/secure.gravatar.com\\\/avatar\\\/c923e52403b1b8137e2d929127211d21967e6aecaa053bd43b09da29f212e76e?s=96&d=mm&r=g\",\"url\":\"https:\\\/\\\/secure.gravatar.com\\\/avatar\\\/c923e52403b1b8137e2d929127211d21967e6aecaa053bd43b09da29f212e76e?s=96&d=mm&r=g\",\"contentUrl\":\"https:\\\/\\\/secure.gravatar.com\\\/avatar\\\/c923e52403b1b8137e2d929127211d21967e6aecaa053bd43b09da29f212e76e?s=96&d=mm&r=g\",\"caption\":\"Marie BATICLE\"},\"url\":\"https:\\\/\\\/editionsbussiere.com\\\/blog\\\/author\\\/eremarie\\\/\"}]}<\/script>\n<!-- \/ Yoast SEO plugin. -->","yoast_head_json":{"title":"Nigeria : quatri\u00e8me pr\u00eatre enlev\u00e9 en cinq mois \u2013 ZENIT avec une pri\u00e8re du matin. - EDITIONSBUSSIERE","robots":{"index":"index","follow":"follow","max-snippet":"max-snippet:-1","max-image-preview":"max-image-preview:large","max-video-preview":"max-video-preview:-1"},"canonical":"https:\/\/editionsbussiere.com\/blog\/nigeria-quatrieme-pretre-enleve-en-cinq-mois-zenit-avec-une-priere-du-matin\/","og_locale":"fr_FR","og_type":"article","og_title":"Nigeria : quatri\u00e8me pr\u00eatre enlev\u00e9 en cinq mois \u2013 ZENIT avec une pri\u00e8re du matin. - EDITIONSBUSSIERE","og_description":"(ZENIT News \/ Onitsha, 20.05.2024).- Des extr\u00e9mistes ont kidnapp\u00e9 un autre pr\u00eatre catholique au Nigeria, mercredi matin (15 mai), portant \u00e0 quatre le nombre de religieux kidnapp\u00e9s dans le pays cette ann\u00e9e. Les hommes arm\u00e9s qui ont captur\u00e9 le p\u00e8re Basil Gbuzuo n&rsquo;ont pas contact\u00e9 l&rsquo;\u00c9glise, selon un communiqu\u00e9 de l&rsquo;archidioc\u00e8se d&rsquo;Onitsha envoy\u00e9 \u00e0 l&rsquo;association [&hellip;]","og_url":"https:\/\/editionsbussiere.com\/blog\/nigeria-quatrieme-pretre-enleve-en-cinq-mois-zenit-avec-une-priere-du-matin\/","og_site_name":"EDITIONSBUSSIERE","article_published_time":"2024-05-21T04:35:00+00:00","og_image":[{"url":"https:\/\/editionsbussiere.com\/blog\/wp-content\/uploads\/2024\/05\/Nigeria-quatrieme-pretre-enleve-en-cinq-mois-ZENIT-1024x567-1.png","type":"","width":"","height":""}],"author":"Marie BATICLE","twitter_card":"summary_large_image","twitter_misc":{"\u00c9crit par":"Marie BATICLE","Dur\u00e9e de lecture estim\u00e9e":"10 minutes"},"schema":{"@context":"https:\/\/schema.org","@graph":[{"@type":"Article","@id":"https:\/\/editionsbussiere.com\/blog\/nigeria-quatrieme-pretre-enleve-en-cinq-mois-zenit-avec-une-priere-du-matin\/#article","isPartOf":{"@id":"https:\/\/editionsbussiere.com\/blog\/nigeria-quatrieme-pretre-enleve-en-cinq-mois-zenit-avec-une-priere-du-matin\/"},"author":{"name":"Marie BATICLE","@id":"https:\/\/editionsbussiere.com\/blog\/#\/schema\/person\/ec90e102792148c97e46ab871010dd8f"},"headline":"Nigeria : quatri\u00e8me pr\u00eatre enlev\u00e9 en cinq mois \u2013 ZENIT avec une pri\u00e8re du matin.","datePublished":"2024-05-21T04:35:00+00:00","mainEntityOfPage":{"@id":"https:\/\/editionsbussiere.com\/blog\/nigeria-quatrieme-pretre-enleve-en-cinq-mois-zenit-avec-une-priere-du-matin\/"},"wordCount":2105,"publisher":{"@id":"https:\/\/editionsbussiere.com\/blog\/#organization"},"image":{"@id":"https:\/\/editionsbussiere.com\/blog\/nigeria-quatrieme-pretre-enleve-en-cinq-mois-zenit-avec-une-priere-du-matin\/#primaryimage"},"thumbnailUrl":"https:\/\/editionsbussiere.com\/blog\/wp-content\/uploads\/2024\/05\/Nigeria-quatrieme-pretre-enleve-en-cinq-mois-ZENIT-1024x567-1.png","articleSection":["Editions \u00c9sot\u00e9rique Fond\u00e9e En 1927; D\u00e9p\u00e8ches:"],"inLanguage":"fr-FR"},{"@type":"WebPage","@id":"https:\/\/editionsbussiere.com\/blog\/nigeria-quatrieme-pretre-enleve-en-cinq-mois-zenit-avec-une-priere-du-matin\/","url":"https:\/\/editionsbussiere.com\/blog\/nigeria-quatrieme-pretre-enleve-en-cinq-mois-zenit-avec-une-priere-du-matin\/","name":"Nigeria : quatri\u00e8me pr\u00eatre enlev\u00e9 en cinq mois \u2013 ZENIT avec une pri\u00e8re du matin. - EDITIONSBUSSIERE","isPartOf":{"@id":"https:\/\/editionsbussiere.com\/blog\/#website"},"primaryImageOfPage":{"@id":"https:\/\/editionsbussiere.com\/blog\/nigeria-quatrieme-pretre-enleve-en-cinq-mois-zenit-avec-une-priere-du-matin\/#primaryimage"},"image":{"@id":"https:\/\/editionsbussiere.com\/blog\/nigeria-quatrieme-pretre-enleve-en-cinq-mois-zenit-avec-une-priere-du-matin\/#primaryimage"},"thumbnailUrl":"https:\/\/editionsbussiere.com\/blog\/wp-content\/uploads\/2024\/05\/Nigeria-quatrieme-pretre-enleve-en-cinq-mois-ZENIT-1024x567-1.png","datePublished":"2024-05-21T04:35:00+00:00","breadcrumb":{"@id":"https:\/\/editionsbussiere.com\/blog\/nigeria-quatrieme-pretre-enleve-en-cinq-mois-zenit-avec-une-priere-du-matin\/#breadcrumb"},"inLanguage":"fr-FR","potentialAction":[{"@type":"ReadAction","target":["https:\/\/editionsbussiere.com\/blog\/nigeria-quatrieme-pretre-enleve-en-cinq-mois-zenit-avec-une-priere-du-matin\/"]}]},{"@type":"ImageObject","inLanguage":"fr-FR","@id":"https:\/\/editionsbussiere.com\/blog\/nigeria-quatrieme-pretre-enleve-en-cinq-mois-zenit-avec-une-priere-du-matin\/#primaryimage","url":"https:\/\/editionsbussiere.com\/blog\/wp-content\/uploads\/2024\/05\/Nigeria-quatrieme-pretre-enleve-en-cinq-mois-ZENIT-1024x567-1.png","contentUrl":"https:\/\/editionsbussiere.com\/blog\/wp-content\/uploads\/2024\/05\/Nigeria-quatrieme-pretre-enleve-en-cinq-mois-ZENIT-1024x567-1.png","width":1024,"height":567,"caption":"Nigeria quatrieme pretre enleve en cinq mois ZENIT 1024x567 1"},{"@type":"BreadcrumbList","@id":"https:\/\/editionsbussiere.com\/blog\/nigeria-quatrieme-pretre-enleve-en-cinq-mois-zenit-avec-une-priere-du-matin\/#breadcrumb","itemListElement":[{"@type":"ListItem","position":1,"name":"Accueil","item":"https:\/\/editionsbussiere.com\/blog\/"},{"@type":"ListItem","position":2,"name":"Nigeria : quatri\u00e8me pr\u00eatre enlev\u00e9 en cinq mois \u2013 ZENIT avec une pri\u00e8re du matin."}]},{"@type":"WebSite","@id":"https:\/\/editionsbussiere.com\/blog\/#website","url":"https:\/\/editionsbussiere.com\/blog\/","name":"EDITIONSBUSSIERE","description":"Editions \u00e9sot\u00e9rique fond\u00e9e en 1927; site historique, A SAVOIR ET RETENIR.","publisher":{"@id":"https:\/\/editionsbussiere.com\/blog\/#organization"},"potentialAction":[{"@type":"SearchAction","target":{"@type":"EntryPoint","urlTemplate":"https:\/\/editionsbussiere.com\/blog\/?s={search_term_string}"},"query-input":{"@type":"PropertyValueSpecification","valueRequired":true,"valueName":"search_term_string"}}],"inLanguage":"fr-FR"},{"@type":"Organization","@id":"https:\/\/editionsbussiere.com\/blog\/#organization","name":"editionsbussiere","url":"https:\/\/editionsbussiere.com\/blog\/","logo":{"@type":"ImageObject","inLanguage":"fr-FR","@id":"https:\/\/editionsbussiere.com\/blog\/#\/schema\/logo\/image\/","url":"https:\/\/editionsbussiere.com\/blog\/wp-content\/uploads\/2023\/09\/cropped-buss.gif","contentUrl":"https:\/\/editionsbussiere.com\/blog\/wp-content\/uploads\/2023\/09\/cropped-buss.gif","width":298,"height":120,"caption":"editionsbussiere"},"image":{"@id":"https:\/\/editionsbussiere.com\/blog\/#\/schema\/logo\/image\/"}},{"@type":"Person","@id":"https:\/\/editionsbussiere.com\/blog\/#\/schema\/person\/ec90e102792148c97e46ab871010dd8f","name":"Marie BATICLE","image":{"@type":"ImageObject","inLanguage":"fr-FR","@id":"https:\/\/secure.gravatar.com\/avatar\/c923e52403b1b8137e2d929127211d21967e6aecaa053bd43b09da29f212e76e?s=96&d=mm&r=g","url":"https:\/\/secure.gravatar.com\/avatar\/c923e52403b1b8137e2d929127211d21967e6aecaa053bd43b09da29f212e76e?s=96&d=mm&r=g","contentUrl":"https:\/\/secure.gravatar.com\/avatar\/c923e52403b1b8137e2d929127211d21967e6aecaa053bd43b09da29f212e76e?s=96&d=mm&r=g","caption":"Marie BATICLE"},"url":"https:\/\/editionsbussiere.com\/blog\/author\/eremarie\/"}]}},"_links":{"self":[{"href":"https:\/\/editionsbussiere.com\/blog\/wp-json\/wp\/v2\/posts\/627","targetHints":{"allow":["GET"]}}],"collection":[{"href":"https:\/\/editionsbussiere.com\/blog\/wp-json\/wp\/v2\/posts"}],"about":[{"href":"https:\/\/editionsbussiere.com\/blog\/wp-json\/wp\/v2\/types\/post"}],"author":[{"embeddable":true,"href":"https:\/\/editionsbussiere.com\/blog\/wp-json\/wp\/v2\/users\/3"}],"replies":[{"embeddable":true,"href":"https:\/\/editionsbussiere.com\/blog\/wp-json\/wp\/v2\/comments?post=627"}],"version-history":[{"count":0,"href":"https:\/\/editionsbussiere.com\/blog\/wp-json\/wp\/v2\/posts\/627\/revisions"}],"wp:featuredmedia":[{"embeddable":true,"href":"https:\/\/editionsbussiere.com\/blog\/wp-json\/wp\/v2\/media\/628"}],"wp:attachment":[{"href":"https:\/\/editionsbussiere.com\/blog\/wp-json\/wp\/v2\/media?parent=627"}],"wp:term":[{"taxonomy":"category","embeddable":true,"href":"https:\/\/editionsbussiere.com\/blog\/wp-json\/wp\/v2\/categories?post=627"},{"taxonomy":"post_tag","embeddable":true,"href":"https:\/\/editionsbussiere.com\/blog\/wp-json\/wp\/v2\/tags?post=627"}],"curies":[{"name":"wp","href":"https:\/\/api.w.org\/{rel}","templated":true}]}}