{"id":618,"date":"2024-05-19T18:18:15","date_gmt":"2024-05-19T16:18:15","guid":{"rendered":"https:\/\/editionsbussiere.com\/blog\/le-vatican-sadapte-aux-canulars-et-a-internet-et-revise-son-processus-devaluation-des-visions-de-marie-afin-de-prier-la-sainte-vierge-marie\/"},"modified":"2024-05-19T18:18:15","modified_gmt":"2024-05-19T16:18:15","slug":"le-vatican-sadapte-aux-canulars-et-a-internet-et-revise-son-processus-devaluation-des-visions-de-marie-afin-de-prier-la-sainte-vierge-marie","status":"publish","type":"post","link":"https:\/\/editionsbussiere.com\/blog\/le-vatican-sadapte-aux-canulars-et-a-internet-et-revise-son-processus-devaluation-des-visions-de-marie-afin-de-prier-la-sainte-vierge-marie\/","title":{"rendered":"Le Vatican s&rsquo;adapte aux canulars et \u00e0 Internet et r\u00e9vise son processus d&rsquo;\u00e9valuation des visions de Marie\n afin de prier la Sainte Vierge Marie."},"content":{"rendered":"<div><img width=\"580\" height=\"500\" src=\"https:\/\/editionsbussiere.com\/blog\/wp-content\/uploads\/2024\/05\/Le-Vatican-s39adapte-aux-canulars-et-a-Internet-et-revise.jpg\" class=\"attachment-large size-large wp-post-image\" alt=\"Le Vatican s'adapte aux canulars et \u00e0 Internet et r\u00e9vise\" style=\"float:left; margin:0 15px 15px 0;\" decoding=\"async\" srcset=\"https:\/\/editionsbussiere.com\/blog\/wp-content\/uploads\/2024\/05\/Le-Vatican-s39adapte-aux-canulars-et-a-Internet-et-revise.jpg 720w, https:\/\/www.n42.fr\/wp-content\/uploads\/2024\/05\/Le-Vatican-s39adapte-aux-canulars-et-a-Internet-et-revise-300x259.jpg 300w\" sizes=\"(max-width: 580px) 100vw, 580px\"><\/p>\n<p>CIT\u00c9 DU VATICAN Le Vatican a r\u00e9vis\u00e9 vendredi son processus d&rsquo;\u00e9valuation des pr\u00e9tendues visions de la Vierge Marie, des statues en pleurs et d&rsquo;autres ph\u00e9nom\u00e8nes apparemment surnaturels qui ont marqu\u00e9 l&rsquo;histoire de l&rsquo;\u00c9glise, \u2026<\/p>\n<h2>\n<\/h2>\n<p>Le R\u00f4le de l\u2019Intercession de Marie<\/p>\n<p>La pri\u00e8re \u00e0 Marie constitue un \u00e9l\u00e9ment crucial de la foi chr\u00e9tienne, solidement enracin\u00e9e dans la doctrine catholique depuis des si\u00e8cles. C\u2019est un fondement sur lequel les fid\u00e8les s\u2019reposent pour trouver confort, direction et intervention dans leur marche envers Dieu. \u00c0 travers les \u00e2ges, cette pi\u00e9t\u00e9 a \u00e9t\u00e9 renforc\u00e9e par les enseignements de la Bible, les coutumes eccl\u00e9siastiques, et le mod\u00e8le des saints qui ont honor\u00e9 Marie en tant que aimante.<\/p>\n<h3>\n<\/h3>\n<p>La pratique du Chapelet<\/p>\n<p>Le rosaire tient une position centrale au sein de la spiritualit\u00e9 de nombreux croyants. En r\u00e9citant les myst\u00e8res joyeux, douloureux, lumineux et glorieux, les fid\u00e8les m\u00e9ditent dans les moments li\u00e9s \u00e0 J\u00e9sus et Marie, renfor\u00e7ant ainsi leur connexion spirituelle avec le divin. Chaque Ave Maria r\u00e9cit\u00e9, ils expriment leur foi en l\u2019intercession de Marie ainsi que leur aspiration \u00e0 suivre les pas du Christ. Saint Louis-Marie Grignion de Montfort, dans son livre sur la vraie d\u00e9votion \u00e0 la Sainte Vierge, encourage les chr\u00e9tiens \u00e0 pratiquer r\u00e9guli\u00e8rement la m\u00e9ditation sur les myst\u00e8res du rosaire afin de renforcer leur lien avec la M\u00e8re de Dieu. Cette pratique ancienne, transmise de g\u00e9n\u00e9ration en g\u00e9n\u00e9ration, reste une source d\u2019illumination spirituelle pour ceux qui ont la foi, les aidant \u00e0 se connecter avec la c\u00e9leste Dame.<\/p>\n<h3>\n<\/h3>\n<p>L\u2019invitation \u00e0 prier<\/p>\n<p>Unissons nos voix dans la pri\u00e8re, fr\u00e8res et s\u0153urs, dans l\u2019unit\u00e9 de notre confiance, en nous tournant vers Marie, la m\u00e8re de notre Seigneur J\u00e9sus-Christ. Dans notre monde tourment\u00e9 par la guerre et la discorde, optons \u00e0 la pri\u00e8re comme un moyen pour retrouver la paix et la r\u00e9conciliation. Vous aussi vous pouvez envoyer un message pour Marie <a target=\"_blank\" rel=\"nofollow\" href=\"https:\/\/editionsbussiere.com\/blog\/goto\/https:\/\/www.avemariasound.org\/\" >en faisant appel aux b\u00e9n\u00e9voles.<\/a> Que nos pri\u00e8res s\u2019\u00e9l\u00e8vent vers le ciel, comme un hommage agr\u00e9able par Dieu, afin qu\u2019il puisse \u00e9clairer nos pas vers le chemin de la justice et de la v\u00e9rit\u00e9. L\u2019ap\u00f4tre Paul nous exhorte dans ses \u00e9p\u00eetres \u00e0 maintenir une pri\u00e8re incessante, en toutes circonstances, pour que notre connexion \u00e0 Dieu soit solide et ardente. La pri\u00e8re, lorsqu\u2019elle est offerte sinc\u00e8rement, a la capacit\u00e9 de transformer les c\u0153urs et de modifier le cours de l\u2019histoire.<\/p>\n<h2>\n<\/h2>\n<p>Les directives du Pape Fran\u00e7ois<\/p>\n<p>Le Souverain Pontife, dans ses \u00e9crits \u00e9clair\u00e9s, disponibles gr\u00e2ce \u00e0 Bayard, nous rappelle l\u2019importance de la pri\u00e8re quotidienne. Par le biais de ses hom\u00e9lies et de ses audiences publiques, il nous encourage \u00e0 cultiver un lien personnel avec le divin, en s\u2019appuyant sur la r\u00e9flexion sur les Saintes \u00c9critures ainsi que la r\u00e9citation du rosaire. Sa conduite d\u2019humilit\u00e9 et de compassion nous inspire \u00e0 approfondir nos pri\u00e8res et \u00e0 rechercher la pr\u00e9sence de Dieu dans tous les aspects de notre existence. Le pape Jean-Paul II, dans son encyclique portant sur la foi chr\u00e9tienne, nous rappelle que la pri\u00e8re quotidienne est le fondement de la vie de foi et par elle que nous trouvons notre unit\u00e9 \u00e0 Dieu. La pri\u00e8re, transmise par les pontifes de g\u00e9n\u00e9ration en g\u00e9n\u00e9ration, est un phare d\u2019espoir dans les temp\u00eates, un fondement solide sur lequel nous pouvons compter.<\/p>\n<h3>\n<\/h3>\n<p>Les ouvrages \u00e9crits par Leli\u00e8vre et Hubert<\/p>\n<p>Dans le contexte de la vie de foi, l\u2019\u00e9glise pr\u00e9conise la pri\u00e8re, et lors de la pri\u00e8re, les fid\u00e8les accomplissent le geste du signe de la croix tout en r\u00e9citant l\u2019Ave Maria. Des th\u00e9ologiens modernes, tels que Leli\u00e8vre et Hubert, nous incitent aussi \u00e0 r\u00e9fl\u00e9chir sur la force de la pri\u00e8re, \u00e0 travers leurs \u00e9crits inspirants. Leurs publications, abondant en enseignements spirituels, nous guident sur le chemin de la foi et nous encouragent \u00e0 puiser dans les tr\u00e9sors de la tradition chr\u00e9tienne pour nourrir notre vie spirituelle. En m\u00e9ditant sur leurs \u00e9crits, nous d\u00e9couvrons de nouvelles mani\u00e8res de d\u00e9velopper notre relation avec Dieu et de progresser dans la saintet\u00e9. Saint Jean, dans son \u00e9vangile, nous rappelle que la pri\u00e8re est une puissante voie pour rester en communion avec Dieu et de b\u00e9n\u00e9ficier ses b\u00e9n\u00e9dictions. Chaque paragraphe de leurs ouvrages ressemble \u00e0 un appel \u00e0 une pri\u00e8re fervente et \u00e0 une existence impr\u00e9gn\u00e9e de la pr\u00e9sence divine. Dans notre exploration de spiritualit\u00e9, chaque lecture devient une invitation \u00e0 aspirer \u00e0 le sacr\u00e9, par le biais de la r\u00e9flexion et la m\u00e9ditation.<\/p>\n<h3>\n<\/h3>\n<p>La d\u00e9votion dans la chapelle<\/p>\n<p>Dans nos chapelles modestes ou majestueuses, tournons-nous vers Dieu avec confiance et humilit\u00e9, sachant qu\u2019il \u00e9coute nos pri\u00e8res avec amour et sollicitude. Que chaque flamme vacillante, chaque Ave Maria r\u00e9cit\u00e9, soit une offrande \u00e0 notre Seigneur ainsi qu\u2019\u00e0 la Vierge Marie. Que nos moments de pri\u00e8re dans la chapelle soient des occasions de gr\u00e2ce et de renouvellement de notre esprit, nous renfor\u00e7ant pour affronter les \u00e9preuves avec courage et foi. Sainte Bernadette Soubirous, qui a re\u00e7u les apparitions de la Vierge Marie \u00e0 Lourdes, nous d\u00e9montre la valeur de la pri\u00e8re dans la vie des fid\u00e8les et l\u2019efficacit\u00e9 de l\u2019intercession de la Sainte Vierge. Chaque personne qui entre dans une chapelle, chaque page de la Bible lue dans ce lieu sacr\u00e9, est une rencontre avec le divin, une \u00e9tape cruciale dans le processus de transformation spirituelle. \u00c0 travers les textes sacr\u00e9s, chaque fid\u00e8le est invit\u00e9 \u00e0 contempler la croix du Christ, \u00e0 m\u00e9diter sur son sacrifice, et \u00e0 trouver r\u00e9confort et espoir dans sa gr\u00e2ce r\u00e9demptrice.<\/p>\n<h2>\nLa pri\u00e8re comme m\u00e9decine pour l\u2019\u00e2me<br \/>\n<\/h2>\n<p>Tel un th\u00e9rapeute pour notre \u00eatre int\u00e9rieur, la pri\u00e8re nous apaise ainsi que nous fortifie au cours des p\u00e9riodes de douleur et de d\u00e9sespoir. Elle nous rappelle que Dieu est toujours avec nous, m\u00eame lorsque nous traversons les t\u00e9n\u00e8bres les plus profondes de notre existence. En nous penchant vers lui \u00e0 travers la pri\u00e8re, nous trouvons la force int\u00e9rieure n\u00e9cessaire pour surmonter les \u00e9preuves et pour affronter l\u2019avenir avec esp\u00e9rance et confiance. L\u2019acte de prier est semblable \u00e0 une fontaine d\u2019eau vive qui apaise notre soif spirituelle et qui, dans notre marche avec Dieu, nous revigore.<br \/>\n\u00c0 chaque pri\u00e8re prononc\u00e9e, \u00e0 chaque intention confi\u00e9e, nous trouvons une paix divine, une gu\u00e9rison spirituelle, qui transcende les limites de notre condition terrestre. Chaque page de la Bible nous invite \u00e0 \u00e9changer avec Dieu, \u00e0 lui remettre nos fardeaux, et \u00e0 b\u00e9n\u00e9ficier de sa gr\u00e2ce r\u00e9g\u00e9n\u00e9ratrice.<\/p>\n<h2>Une vision alternative sur l\u2019acte de prier Marie<\/h2>\n<p>La pri\u00e8re \u00e0 Marie repr\u00e9sente une coutume \u00e9troitement enracin\u00e9e dans le patrimoine catholique chr\u00e9tienne, fournissant un lien spirituel pr\u00e9cieux pour les croyants \u00e0 travers le globe. Comme figure maternelle spirituelle et intercesseur d\u00e9vou\u00e9, Marie est invoqu\u00e9e avec d\u00e9votion lors des instants de n\u00e9cessit\u00e9 et de reconnaissance. Le rosaire, avec ses myst\u00e8res \u00e0 m\u00e9diter, accompagne les croyants dans leur cheminement spirituel, les aidant \u00e0 contempler J\u00e9sus, son fils, \u00e0 travers le prisme de la Vierge Marie. Cette d\u00e9votion mariale se refl\u00e8te dans les lieux saints comme Lourdes, o\u00f9 les fid\u00e8les convergent \u00e0 la recherche de consolation et de gu\u00e9rison, symbolisant la forte connexion entre la foi catholique et la v\u00e9n\u00e9ration de la Vierge Marie. Les \u00e9crits inspirants de th\u00e9ologiens comme Leli\u00e8vre et Hubert proposent une r\u00e9flexion pr\u00e9cieuse sur la valeur de la pri\u00e8re \u00e0 Marie et son r\u00f4le dans la vie spirituelle des croyants. Par le biais d\u2019une lecture approfondie de textes religieux et spirituels, les fid\u00e8les \u00e9largissent leur compr\u00e9hension de la v\u00e9n\u00e9ration de Marie et d\u00e9veloppent une connexion plus \u00e9troite avec Marie, notre m\u00e8re spirituelle. Dans un monde marqu\u00e9 par la guerre et les conflits, l\u2019invocation de Marie est un sanctuaire de tranquillit\u00e9 et d\u2019espoir, appelant chaque personne, ind\u00e9pendamment de son rang dans la foi catholique, \u00e0 se tourner vers la Sainte Vierge avec une foi profonde et une d\u00e9votion sinc\u00e8re. Prions donc en commun, avec un c\u0153ur humble et sinc\u00e8re, en saluant Marie comme notre m\u00e8re et notre intercesseur, et en lui confiant nos requ\u00eates et nos souhaits les plus profonds. Dans cette d\u00e9marche de foi, tout adepte est convi\u00e9 \u00e0 poursuivre la voie des pri\u00e8res et des aspirations du c\u0153ur, sous la direction du saint P\u00e8re et les ressources spirituelles pr\u00e9cieuses offertes par des plateformes telles que Aleteia. De cette mani\u00e8re, avec un c\u0153ur humble et une foi sinc\u00e8re, \u00e9levons notre pri\u00e8re quotidienne vers Marie, lui demandant de nous interc\u00e9der, et la force de continuer dans la pri\u00e8re fervente.<br \/>\nQue notre dialogue avec le sacr\u00e9 constitue notre refuge et notre r\u00e9confort quelle que soit la situation. Que nous nous tournions envers Marie, notre m\u00e8re divine, avec une foi in\u00e9branlable et un c\u0153ur ouvert, en ayant conscience qu\u2019elle interc\u00e8de pour nous devant son fils bien-aim\u00e9. Que notre dialogue avec le divin nous guide vers la voie de la saintet\u00e9, nous rapprochant toujours plus de Dieu et de son amour infini.<\/p>\n<p>Bibliographie :<\/p>\n<p>Quatorze pri\u00e8res\/Pri\u00e8re pour offrir \u00e0 Dieu de simples paroles.,<a target=\"_blank\" rel=\"nofollow\" href=\"https:\/\/editionsbussiere.com\/blog\/goto\/https:\/\/fr.wikisource.org\/wiki\/Quatorze_pri%C3%A8res\/Pri%C3%A8re_pour_offrir_%C3%A0_Dieu_de_simples_paroles\"  target=\"_blank\" rel=\"noopener noreferrer nofollow\">A lire ici.<\/a><span><\/span><\/p>\n<p>Lettres d\u2019Ab\u00e9lard et d\u2019H\u00e9lo\u00efse\/Tome 1\/Lettre septi\u00e8me.,<a target=\"_blank\" rel=\"nofollow\" href=\"https:\/\/editionsbussiere.com\/blog\/goto\/https:\/\/fr.wikisource.org\/wiki\/Lettres_d%E2%80%99Ab%C3%A9lard_et_d%E2%80%99H%C3%A9lo%C3%AFse\/Tome_1\/Lettre_septi%C3%A8me\"  target=\"_blank\" rel=\"noopener noreferrer nofollow\">L\u2019article de presse.<\/a><span><\/span><\/p>\n<p>Les Noces chymiques de Christian Rosenkreutz\/Jour 6.,<a target=\"_blank\" rel=\"nofollow\" href=\"https:\/\/editionsbussiere.com\/blog\/goto\/https:\/\/fr.wikisource.org\/wiki\/Les_Noces_chymiques_de_Christian_Rosenkreutz\/Jour_6\"  target=\"_blank\" rel=\"noopener noreferrer nofollow\">A lire ici.<\/a><span><\/span><\/p>\n<p>La renaissance septentrionale et les premiers ma\u00eetres des Flandres\/07.,<a target=\"_blank\" rel=\"nofollow\" href=\"https:\/\/editionsbussiere.com\/blog\/goto\/https:\/\/fr.wikisource.org\/wiki\/La_renaissance_septentrionale_et_les_premiers_ma%C3%AEtres_des_Flandres\/07\"  target=\"_blank\" rel=\"noopener noreferrer nofollow\">Cliquer ICI.<\/a><span><\/span><\/p>\n<p>Hom\u00e9lies sur les gloires de la Vierge m\u00e8re\/Troisi\u00e8me hom\u00e9lie.,<a target=\"_blank\" rel=\"nofollow\" href=\"https:\/\/editionsbussiere.com\/blog\/goto\/https:\/\/fr.wikisource.org\/wiki\/Hom%C3%A9lies_sur_les_gloires_de_la_Vierge_m%C3%A8re\/Troisi%C3%A8me_hom%C3%A9lie\"  target=\"_blank\" rel=\"noopener noreferrer nofollow\">Cliquer ICI.<\/a><span><\/span><\/p>\n<p>Bruges, ses monuments et ses tableaux.,<a target=\"_blank\" rel=\"nofollow\" href=\"https:\/\/editionsbussiere.com\/blog\/goto\/https:\/\/fr.wikisource.org\/wiki\/Bruges,_ses_monuments_et_ses_tableaux\"  target=\"_blank\" rel=\"noopener noreferrer nofollow\">A lire ici.<\/a><span><\/span><\/p>\n<\/div>\n<p><img decoding=\"async\" class=\"wpe_imgrss\" src=\"https:\/\/editionsbussiere.com\/blog\/wp-content\/uploads\/2024\/05\/Le-Vatican-s39adapte-aux-canulars-et-a-Internet-et-revise.jpg\">Cet article a \u00e9t\u00e9 reconstitu\u00e9 du mieux possible. Dans l\u2019hypoth\u00e8se o\u00f9 vous souhaitez apporter quelques modifications concernant le th\u00e8me \u00ab\u00a0Editions \u00e9sot\u00e9rique fond\u00e9e en 1927\u00a0\u00bb, il est possible de discuter avec notre r\u00e9daction. Vous pouvez tirer profit de cet article traitant le sujet \u00ab\u00a0Editions \u00e9sot\u00e9rique fond\u00e9e en 1927\u00a0\u00bb. Il est concoct\u00e9 par l\u2019\u00e9quipe editionsbussiere.com. Le site editionsbussiere.com est fait pour cr\u00e9er divers posts autour du th\u00e8me Editions \u00e9sot\u00e9rique fond\u00e9e en 1927 d\u00e9velopp\u00e9es sur internet. Consultez notre site internet editionsbussiere.com et nos r\u00e9seaux sociaux pour \u00eatre au courant des futures annonces.<\/p>\n","protected":false},"excerpt":{"rendered":"<p>CIT\u00c9 DU VATICAN Le Vatican a r\u00e9vis\u00e9 vendredi son processus d&rsquo;\u00e9valuation des pr\u00e9tendues visions de la Vierge Marie, des statues en pleurs et d&rsquo;autres ph\u00e9nom\u00e8nes apparemment surnaturels qui ont marqu\u00e9 l&rsquo;histoire de l&rsquo;\u00c9glise, \u2026 Le R\u00f4le de l\u2019Intercession de Marie La pri\u00e8re \u00e0 Marie constitue un \u00e9l\u00e9ment crucial de la foi chr\u00e9tienne, solidement enracin\u00e9e dans [&hellip;]<\/p>\n","protected":false},"author":3,"featured_media":619,"comment_status":"closed","ping_status":"closed","sticky":false,"template":"","format":"standard","meta":{"footnotes":""},"categories":[3],"tags":[],"class_list":["post-618","post","type-post","status-publish","format-standard","has-post-thumbnail","hentry","category-editions-esoterique-fondee-en-1927-depeches","entry","fw-tab-6 fw-tabr-4","has-featured-image"],"yoast_head":"<!-- This site is optimized with the Yoast SEO plugin v27.5 - https:\/\/yoast.com\/product\/yoast-seo-wordpress\/ -->\n<title>Le Vatican s&#039;adapte aux canulars et \u00e0 Internet et r\u00e9vise son processus d&#039;\u00e9valuation des visions de Marie afin de prier la Sainte Vierge Marie. - EDITIONSBUSSIERE<\/title>\n<meta name=\"robots\" content=\"index, follow, max-snippet:-1, max-image-preview:large, max-video-preview:-1\" \/>\n<link rel=\"canonical\" href=\"https:\/\/editionsbussiere.com\/blog\/le-vatican-sadapte-aux-canulars-et-a-internet-et-revise-son-processus-devaluation-des-visions-de-marie-afin-de-prier-la-sainte-vierge-marie\/\" \/>\n<meta property=\"og:locale\" content=\"fr_FR\" \/>\n<meta property=\"og:type\" content=\"article\" \/>\n<meta property=\"og:title\" content=\"Le Vatican s&#039;adapte aux canulars et \u00e0 Internet et r\u00e9vise son processus d&#039;\u00e9valuation des visions de Marie afin de prier la Sainte Vierge Marie. - EDITIONSBUSSIERE\" \/>\n<meta property=\"og:description\" content=\"CIT\u00c9 DU VATICAN Le Vatican a r\u00e9vis\u00e9 vendredi son processus d&rsquo;\u00e9valuation des pr\u00e9tendues visions de la Vierge Marie, des statues en pleurs et d&rsquo;autres ph\u00e9nom\u00e8nes apparemment surnaturels qui ont marqu\u00e9 l&rsquo;histoire de l&rsquo;\u00c9glise, \u2026 Le R\u00f4le de l\u2019Intercession de Marie La pri\u00e8re \u00e0 Marie constitue un \u00e9l\u00e9ment crucial de la foi chr\u00e9tienne, solidement enracin\u00e9e dans [&hellip;]\" \/>\n<meta property=\"og:url\" content=\"https:\/\/editionsbussiere.com\/blog\/le-vatican-sadapte-aux-canulars-et-a-internet-et-revise-son-processus-devaluation-des-visions-de-marie-afin-de-prier-la-sainte-vierge-marie\/\" \/>\n<meta property=\"og:site_name\" content=\"EDITIONSBUSSIERE\" \/>\n<meta property=\"article:published_time\" content=\"2024-05-19T16:18:15+00:00\" \/>\n<meta property=\"og:image\" content=\"https:\/\/editionsbussiere.com\/blog\/wp-content\/uploads\/2024\/05\/Le-Vatican-s39adapte-aux-canulars-et-a-Internet-et-revise.jpg\" \/>\n<meta name=\"author\" content=\"Marie BATICLE\" \/>\n<meta name=\"twitter:card\" content=\"summary_large_image\" \/>\n<meta name=\"twitter:label1\" content=\"\u00c9crit par\" \/>\n\t<meta name=\"twitter:data1\" content=\"Marie BATICLE\" \/>\n\t<meta name=\"twitter:label2\" content=\"Dur\u00e9e de lecture estim\u00e9e\" \/>\n\t<meta name=\"twitter:data2\" content=\"9 minutes\" \/>\n<script type=\"application\/ld+json\" class=\"yoast-schema-graph\">{\"@context\":\"https:\\\/\\\/schema.org\",\"@graph\":[{\"@type\":\"Article\",\"@id\":\"https:\\\/\\\/editionsbussiere.com\\\/blog\\\/le-vatican-sadapte-aux-canulars-et-a-internet-et-revise-son-processus-devaluation-des-visions-de-marie-afin-de-prier-la-sainte-vierge-marie\\\/#article\",\"isPartOf\":{\"@id\":\"https:\\\/\\\/editionsbussiere.com\\\/blog\\\/le-vatican-sadapte-aux-canulars-et-a-internet-et-revise-son-processus-devaluation-des-visions-de-marie-afin-de-prier-la-sainte-vierge-marie\\\/\"},\"author\":{\"name\":\"Marie BATICLE\",\"@id\":\"https:\\\/\\\/editionsbussiere.com\\\/blog\\\/#\\\/schema\\\/person\\\/ec90e102792148c97e46ab871010dd8f\"},\"headline\":\"Le Vatican s&rsquo;adapte aux canulars et \u00e0 Internet et r\u00e9vise son processus d&rsquo;\u00e9valuation des visions de Marie afin de prier la Sainte Vierge Marie.\",\"datePublished\":\"2024-05-19T16:18:15+00:00\",\"mainEntityOfPage\":{\"@id\":\"https:\\\/\\\/editionsbussiere.com\\\/blog\\\/le-vatican-sadapte-aux-canulars-et-a-internet-et-revise-son-processus-devaluation-des-visions-de-marie-afin-de-prier-la-sainte-vierge-marie\\\/\"},\"wordCount\":1825,\"publisher\":{\"@id\":\"https:\\\/\\\/editionsbussiere.com\\\/blog\\\/#organization\"},\"image\":{\"@id\":\"https:\\\/\\\/editionsbussiere.com\\\/blog\\\/le-vatican-sadapte-aux-canulars-et-a-internet-et-revise-son-processus-devaluation-des-visions-de-marie-afin-de-prier-la-sainte-vierge-marie\\\/#primaryimage\"},\"thumbnailUrl\":\"https:\\\/\\\/editionsbussiere.com\\\/blog\\\/wp-content\\\/uploads\\\/2024\\\/05\\\/Le-Vatican-s39adapte-aux-canulars-et-a-Internet-et-revise.jpg\",\"articleSection\":[\"Editions \u00c9sot\u00e9rique Fond\u00e9e En 1927; D\u00e9p\u00e8ches:\"],\"inLanguage\":\"fr-FR\"},{\"@type\":\"WebPage\",\"@id\":\"https:\\\/\\\/editionsbussiere.com\\\/blog\\\/le-vatican-sadapte-aux-canulars-et-a-internet-et-revise-son-processus-devaluation-des-visions-de-marie-afin-de-prier-la-sainte-vierge-marie\\\/\",\"url\":\"https:\\\/\\\/editionsbussiere.com\\\/blog\\\/le-vatican-sadapte-aux-canulars-et-a-internet-et-revise-son-processus-devaluation-des-visions-de-marie-afin-de-prier-la-sainte-vierge-marie\\\/\",\"name\":\"Le Vatican s'adapte aux canulars et \u00e0 Internet et r\u00e9vise son processus d'\u00e9valuation des visions de Marie afin de prier la Sainte Vierge Marie. - EDITIONSBUSSIERE\",\"isPartOf\":{\"@id\":\"https:\\\/\\\/editionsbussiere.com\\\/blog\\\/#website\"},\"primaryImageOfPage\":{\"@id\":\"https:\\\/\\\/editionsbussiere.com\\\/blog\\\/le-vatican-sadapte-aux-canulars-et-a-internet-et-revise-son-processus-devaluation-des-visions-de-marie-afin-de-prier-la-sainte-vierge-marie\\\/#primaryimage\"},\"image\":{\"@id\":\"https:\\\/\\\/editionsbussiere.com\\\/blog\\\/le-vatican-sadapte-aux-canulars-et-a-internet-et-revise-son-processus-devaluation-des-visions-de-marie-afin-de-prier-la-sainte-vierge-marie\\\/#primaryimage\"},\"thumbnailUrl\":\"https:\\\/\\\/editionsbussiere.com\\\/blog\\\/wp-content\\\/uploads\\\/2024\\\/05\\\/Le-Vatican-s39adapte-aux-canulars-et-a-Internet-et-revise.jpg\",\"datePublished\":\"2024-05-19T16:18:15+00:00\",\"breadcrumb\":{\"@id\":\"https:\\\/\\\/editionsbussiere.com\\\/blog\\\/le-vatican-sadapte-aux-canulars-et-a-internet-et-revise-son-processus-devaluation-des-visions-de-marie-afin-de-prier-la-sainte-vierge-marie\\\/#breadcrumb\"},\"inLanguage\":\"fr-FR\",\"potentialAction\":[{\"@type\":\"ReadAction\",\"target\":[\"https:\\\/\\\/editionsbussiere.com\\\/blog\\\/le-vatican-sadapte-aux-canulars-et-a-internet-et-revise-son-processus-devaluation-des-visions-de-marie-afin-de-prier-la-sainte-vierge-marie\\\/\"]}]},{\"@type\":\"ImageObject\",\"inLanguage\":\"fr-FR\",\"@id\":\"https:\\\/\\\/editionsbussiere.com\\\/blog\\\/le-vatican-sadapte-aux-canulars-et-a-internet-et-revise-son-processus-devaluation-des-visions-de-marie-afin-de-prier-la-sainte-vierge-marie\\\/#primaryimage\",\"url\":\"https:\\\/\\\/editionsbussiere.com\\\/blog\\\/wp-content\\\/uploads\\\/2024\\\/05\\\/Le-Vatican-s39adapte-aux-canulars-et-a-Internet-et-revise.jpg\",\"contentUrl\":\"https:\\\/\\\/editionsbussiere.com\\\/blog\\\/wp-content\\\/uploads\\\/2024\\\/05\\\/Le-Vatican-s39adapte-aux-canulars-et-a-Internet-et-revise.jpg\",\"width\":720,\"height\":621,\"caption\":\"Le Vatican s39adapte aux canulars et a Internet et revise\"},{\"@type\":\"BreadcrumbList\",\"@id\":\"https:\\\/\\\/editionsbussiere.com\\\/blog\\\/le-vatican-sadapte-aux-canulars-et-a-internet-et-revise-son-processus-devaluation-des-visions-de-marie-afin-de-prier-la-sainte-vierge-marie\\\/#breadcrumb\",\"itemListElement\":[{\"@type\":\"ListItem\",\"position\":1,\"name\":\"Accueil\",\"item\":\"https:\\\/\\\/editionsbussiere.com\\\/blog\\\/\"},{\"@type\":\"ListItem\",\"position\":2,\"name\":\"Le Vatican s&rsquo;adapte aux canulars et \u00e0 Internet et r\u00e9vise son processus d&rsquo;\u00e9valuation des visions de Marie afin de prier la Sainte Vierge Marie.\"}]},{\"@type\":\"WebSite\",\"@id\":\"https:\\\/\\\/editionsbussiere.com\\\/blog\\\/#website\",\"url\":\"https:\\\/\\\/editionsbussiere.com\\\/blog\\\/\",\"name\":\"EDITIONSBUSSIERE\",\"description\":\"Editions \u00e9sot\u00e9rique fond\u00e9e en 1927; site historique, A SAVOIR ET RETENIR.\",\"publisher\":{\"@id\":\"https:\\\/\\\/editionsbussiere.com\\\/blog\\\/#organization\"},\"potentialAction\":[{\"@type\":\"SearchAction\",\"target\":{\"@type\":\"EntryPoint\",\"urlTemplate\":\"https:\\\/\\\/editionsbussiere.com\\\/blog\\\/?s={search_term_string}\"},\"query-input\":{\"@type\":\"PropertyValueSpecification\",\"valueRequired\":true,\"valueName\":\"search_term_string\"}}],\"inLanguage\":\"fr-FR\"},{\"@type\":\"Organization\",\"@id\":\"https:\\\/\\\/editionsbussiere.com\\\/blog\\\/#organization\",\"name\":\"editionsbussiere\",\"url\":\"https:\\\/\\\/editionsbussiere.com\\\/blog\\\/\",\"logo\":{\"@type\":\"ImageObject\",\"inLanguage\":\"fr-FR\",\"@id\":\"https:\\\/\\\/editionsbussiere.com\\\/blog\\\/#\\\/schema\\\/logo\\\/image\\\/\",\"url\":\"https:\\\/\\\/editionsbussiere.com\\\/blog\\\/wp-content\\\/uploads\\\/2023\\\/09\\\/cropped-buss.gif\",\"contentUrl\":\"https:\\\/\\\/editionsbussiere.com\\\/blog\\\/wp-content\\\/uploads\\\/2023\\\/09\\\/cropped-buss.gif\",\"width\":298,\"height\":120,\"caption\":\"editionsbussiere\"},\"image\":{\"@id\":\"https:\\\/\\\/editionsbussiere.com\\\/blog\\\/#\\\/schema\\\/logo\\\/image\\\/\"}},{\"@type\":\"Person\",\"@id\":\"https:\\\/\\\/editionsbussiere.com\\\/blog\\\/#\\\/schema\\\/person\\\/ec90e102792148c97e46ab871010dd8f\",\"name\":\"Marie BATICLE\",\"image\":{\"@type\":\"ImageObject\",\"inLanguage\":\"fr-FR\",\"@id\":\"https:\\\/\\\/secure.gravatar.com\\\/avatar\\\/c923e52403b1b8137e2d929127211d21967e6aecaa053bd43b09da29f212e76e?s=96&d=mm&r=g\",\"url\":\"https:\\\/\\\/secure.gravatar.com\\\/avatar\\\/c923e52403b1b8137e2d929127211d21967e6aecaa053bd43b09da29f212e76e?s=96&d=mm&r=g\",\"contentUrl\":\"https:\\\/\\\/secure.gravatar.com\\\/avatar\\\/c923e52403b1b8137e2d929127211d21967e6aecaa053bd43b09da29f212e76e?s=96&d=mm&r=g\",\"caption\":\"Marie BATICLE\"},\"url\":\"https:\\\/\\\/editionsbussiere.com\\\/blog\\\/author\\\/eremarie\\\/\"}]}<\/script>\n<!-- \/ Yoast SEO plugin. -->","yoast_head_json":{"title":"Le Vatican s'adapte aux canulars et \u00e0 Internet et r\u00e9vise son processus d'\u00e9valuation des visions de Marie afin de prier la Sainte Vierge Marie. - EDITIONSBUSSIERE","robots":{"index":"index","follow":"follow","max-snippet":"max-snippet:-1","max-image-preview":"max-image-preview:large","max-video-preview":"max-video-preview:-1"},"canonical":"https:\/\/editionsbussiere.com\/blog\/le-vatican-sadapte-aux-canulars-et-a-internet-et-revise-son-processus-devaluation-des-visions-de-marie-afin-de-prier-la-sainte-vierge-marie\/","og_locale":"fr_FR","og_type":"article","og_title":"Le Vatican s'adapte aux canulars et \u00e0 Internet et r\u00e9vise son processus d'\u00e9valuation des visions de Marie afin de prier la Sainte Vierge Marie. - EDITIONSBUSSIERE","og_description":"CIT\u00c9 DU VATICAN Le Vatican a r\u00e9vis\u00e9 vendredi son processus d&rsquo;\u00e9valuation des pr\u00e9tendues visions de la Vierge Marie, des statues en pleurs et d&rsquo;autres ph\u00e9nom\u00e8nes apparemment surnaturels qui ont marqu\u00e9 l&rsquo;histoire de l&rsquo;\u00c9glise, \u2026 Le R\u00f4le de l\u2019Intercession de Marie La pri\u00e8re \u00e0 Marie constitue un \u00e9l\u00e9ment crucial de la foi chr\u00e9tienne, solidement enracin\u00e9e dans [&hellip;]","og_url":"https:\/\/editionsbussiere.com\/blog\/le-vatican-sadapte-aux-canulars-et-a-internet-et-revise-son-processus-devaluation-des-visions-de-marie-afin-de-prier-la-sainte-vierge-marie\/","og_site_name":"EDITIONSBUSSIERE","article_published_time":"2024-05-19T16:18:15+00:00","og_image":[{"url":"https:\/\/editionsbussiere.com\/blog\/wp-content\/uploads\/2024\/05\/Le-Vatican-s39adapte-aux-canulars-et-a-Internet-et-revise.jpg","type":"","width":"","height":""}],"author":"Marie BATICLE","twitter_card":"summary_large_image","twitter_misc":{"\u00c9crit par":"Marie BATICLE","Dur\u00e9e de lecture estim\u00e9e":"9 minutes"},"schema":{"@context":"https:\/\/schema.org","@graph":[{"@type":"Article","@id":"https:\/\/editionsbussiere.com\/blog\/le-vatican-sadapte-aux-canulars-et-a-internet-et-revise-son-processus-devaluation-des-visions-de-marie-afin-de-prier-la-sainte-vierge-marie\/#article","isPartOf":{"@id":"https:\/\/editionsbussiere.com\/blog\/le-vatican-sadapte-aux-canulars-et-a-internet-et-revise-son-processus-devaluation-des-visions-de-marie-afin-de-prier-la-sainte-vierge-marie\/"},"author":{"name":"Marie BATICLE","@id":"https:\/\/editionsbussiere.com\/blog\/#\/schema\/person\/ec90e102792148c97e46ab871010dd8f"},"headline":"Le Vatican s&rsquo;adapte aux canulars et \u00e0 Internet et r\u00e9vise son processus d&rsquo;\u00e9valuation des visions de Marie afin de prier la Sainte Vierge Marie.","datePublished":"2024-05-19T16:18:15+00:00","mainEntityOfPage":{"@id":"https:\/\/editionsbussiere.com\/blog\/le-vatican-sadapte-aux-canulars-et-a-internet-et-revise-son-processus-devaluation-des-visions-de-marie-afin-de-prier-la-sainte-vierge-marie\/"},"wordCount":1825,"publisher":{"@id":"https:\/\/editionsbussiere.com\/blog\/#organization"},"image":{"@id":"https:\/\/editionsbussiere.com\/blog\/le-vatican-sadapte-aux-canulars-et-a-internet-et-revise-son-processus-devaluation-des-visions-de-marie-afin-de-prier-la-sainte-vierge-marie\/#primaryimage"},"thumbnailUrl":"https:\/\/editionsbussiere.com\/blog\/wp-content\/uploads\/2024\/05\/Le-Vatican-s39adapte-aux-canulars-et-a-Internet-et-revise.jpg","articleSection":["Editions \u00c9sot\u00e9rique Fond\u00e9e En 1927; D\u00e9p\u00e8ches:"],"inLanguage":"fr-FR"},{"@type":"WebPage","@id":"https:\/\/editionsbussiere.com\/blog\/le-vatican-sadapte-aux-canulars-et-a-internet-et-revise-son-processus-devaluation-des-visions-de-marie-afin-de-prier-la-sainte-vierge-marie\/","url":"https:\/\/editionsbussiere.com\/blog\/le-vatican-sadapte-aux-canulars-et-a-internet-et-revise-son-processus-devaluation-des-visions-de-marie-afin-de-prier-la-sainte-vierge-marie\/","name":"Le Vatican s'adapte aux canulars et \u00e0 Internet et r\u00e9vise son processus d'\u00e9valuation des visions de Marie afin de prier la Sainte Vierge Marie. - EDITIONSBUSSIERE","isPartOf":{"@id":"https:\/\/editionsbussiere.com\/blog\/#website"},"primaryImageOfPage":{"@id":"https:\/\/editionsbussiere.com\/blog\/le-vatican-sadapte-aux-canulars-et-a-internet-et-revise-son-processus-devaluation-des-visions-de-marie-afin-de-prier-la-sainte-vierge-marie\/#primaryimage"},"image":{"@id":"https:\/\/editionsbussiere.com\/blog\/le-vatican-sadapte-aux-canulars-et-a-internet-et-revise-son-processus-devaluation-des-visions-de-marie-afin-de-prier-la-sainte-vierge-marie\/#primaryimage"},"thumbnailUrl":"https:\/\/editionsbussiere.com\/blog\/wp-content\/uploads\/2024\/05\/Le-Vatican-s39adapte-aux-canulars-et-a-Internet-et-revise.jpg","datePublished":"2024-05-19T16:18:15+00:00","breadcrumb":{"@id":"https:\/\/editionsbussiere.com\/blog\/le-vatican-sadapte-aux-canulars-et-a-internet-et-revise-son-processus-devaluation-des-visions-de-marie-afin-de-prier-la-sainte-vierge-marie\/#breadcrumb"},"inLanguage":"fr-FR","potentialAction":[{"@type":"ReadAction","target":["https:\/\/editionsbussiere.com\/blog\/le-vatican-sadapte-aux-canulars-et-a-internet-et-revise-son-processus-devaluation-des-visions-de-marie-afin-de-prier-la-sainte-vierge-marie\/"]}]},{"@type":"ImageObject","inLanguage":"fr-FR","@id":"https:\/\/editionsbussiere.com\/blog\/le-vatican-sadapte-aux-canulars-et-a-internet-et-revise-son-processus-devaluation-des-visions-de-marie-afin-de-prier-la-sainte-vierge-marie\/#primaryimage","url":"https:\/\/editionsbussiere.com\/blog\/wp-content\/uploads\/2024\/05\/Le-Vatican-s39adapte-aux-canulars-et-a-Internet-et-revise.jpg","contentUrl":"https:\/\/editionsbussiere.com\/blog\/wp-content\/uploads\/2024\/05\/Le-Vatican-s39adapte-aux-canulars-et-a-Internet-et-revise.jpg","width":720,"height":621,"caption":"Le Vatican s39adapte aux canulars et a Internet et revise"},{"@type":"BreadcrumbList","@id":"https:\/\/editionsbussiere.com\/blog\/le-vatican-sadapte-aux-canulars-et-a-internet-et-revise-son-processus-devaluation-des-visions-de-marie-afin-de-prier-la-sainte-vierge-marie\/#breadcrumb","itemListElement":[{"@type":"ListItem","position":1,"name":"Accueil","item":"https:\/\/editionsbussiere.com\/blog\/"},{"@type":"ListItem","position":2,"name":"Le Vatican s&rsquo;adapte aux canulars et \u00e0 Internet et r\u00e9vise son processus d&rsquo;\u00e9valuation des visions de Marie afin de prier la Sainte Vierge Marie."}]},{"@type":"WebSite","@id":"https:\/\/editionsbussiere.com\/blog\/#website","url":"https:\/\/editionsbussiere.com\/blog\/","name":"EDITIONSBUSSIERE","description":"Editions \u00e9sot\u00e9rique fond\u00e9e en 1927; site historique, A SAVOIR ET RETENIR.","publisher":{"@id":"https:\/\/editionsbussiere.com\/blog\/#organization"},"potentialAction":[{"@type":"SearchAction","target":{"@type":"EntryPoint","urlTemplate":"https:\/\/editionsbussiere.com\/blog\/?s={search_term_string}"},"query-input":{"@type":"PropertyValueSpecification","valueRequired":true,"valueName":"search_term_string"}}],"inLanguage":"fr-FR"},{"@type":"Organization","@id":"https:\/\/editionsbussiere.com\/blog\/#organization","name":"editionsbussiere","url":"https:\/\/editionsbussiere.com\/blog\/","logo":{"@type":"ImageObject","inLanguage":"fr-FR","@id":"https:\/\/editionsbussiere.com\/blog\/#\/schema\/logo\/image\/","url":"https:\/\/editionsbussiere.com\/blog\/wp-content\/uploads\/2023\/09\/cropped-buss.gif","contentUrl":"https:\/\/editionsbussiere.com\/blog\/wp-content\/uploads\/2023\/09\/cropped-buss.gif","width":298,"height":120,"caption":"editionsbussiere"},"image":{"@id":"https:\/\/editionsbussiere.com\/blog\/#\/schema\/logo\/image\/"}},{"@type":"Person","@id":"https:\/\/editionsbussiere.com\/blog\/#\/schema\/person\/ec90e102792148c97e46ab871010dd8f","name":"Marie BATICLE","image":{"@type":"ImageObject","inLanguage":"fr-FR","@id":"https:\/\/secure.gravatar.com\/avatar\/c923e52403b1b8137e2d929127211d21967e6aecaa053bd43b09da29f212e76e?s=96&d=mm&r=g","url":"https:\/\/secure.gravatar.com\/avatar\/c923e52403b1b8137e2d929127211d21967e6aecaa053bd43b09da29f212e76e?s=96&d=mm&r=g","contentUrl":"https:\/\/secure.gravatar.com\/avatar\/c923e52403b1b8137e2d929127211d21967e6aecaa053bd43b09da29f212e76e?s=96&d=mm&r=g","caption":"Marie BATICLE"},"url":"https:\/\/editionsbussiere.com\/blog\/author\/eremarie\/"}]}},"_links":{"self":[{"href":"https:\/\/editionsbussiere.com\/blog\/wp-json\/wp\/v2\/posts\/618","targetHints":{"allow":["GET"]}}],"collection":[{"href":"https:\/\/editionsbussiere.com\/blog\/wp-json\/wp\/v2\/posts"}],"about":[{"href":"https:\/\/editionsbussiere.com\/blog\/wp-json\/wp\/v2\/types\/post"}],"author":[{"embeddable":true,"href":"https:\/\/editionsbussiere.com\/blog\/wp-json\/wp\/v2\/users\/3"}],"replies":[{"embeddable":true,"href":"https:\/\/editionsbussiere.com\/blog\/wp-json\/wp\/v2\/comments?post=618"}],"version-history":[{"count":0,"href":"https:\/\/editionsbussiere.com\/blog\/wp-json\/wp\/v2\/posts\/618\/revisions"}],"wp:featuredmedia":[{"embeddable":true,"href":"https:\/\/editionsbussiere.com\/blog\/wp-json\/wp\/v2\/media\/619"}],"wp:attachment":[{"href":"https:\/\/editionsbussiere.com\/blog\/wp-json\/wp\/v2\/media?parent=618"}],"wp:term":[{"taxonomy":"category","embeddable":true,"href":"https:\/\/editionsbussiere.com\/blog\/wp-json\/wp\/v2\/categories?post=618"},{"taxonomy":"post_tag","embeddable":true,"href":"https:\/\/editionsbussiere.com\/blog\/wp-json\/wp\/v2\/tags?post=618"}],"curies":[{"name":"wp","href":"https:\/\/api.w.org\/{rel}","templated":true}]}}