{"id":597,"date":"2024-05-18T03:27:03","date_gmt":"2024-05-18T01:27:03","guid":{"rendered":"https:\/\/editionsbussiere.com\/blog\/newsday-le-pape-cherche-a-liberer-la-vierge-marie-de-la-mafia-bbc-sounds-se-devouer-a-la-mere-de-dieu-marie\/"},"modified":"2024-05-18T03:27:03","modified_gmt":"2024-05-18T01:27:03","slug":"newsday-le-pape-cherche-a-liberer-la-vierge-marie-de-la-mafia-bbc-sounds-se-devouer-a-la-mere-de-dieu-marie","status":"publish","type":"post","link":"https:\/\/editionsbussiere.com\/blog\/newsday-le-pape-cherche-a-liberer-la-vierge-marie-de-la-mafia-bbc-sounds-se-devouer-a-la-mere-de-dieu-marie\/","title":{"rendered":"Newsday \u2013 Le pape cherche \u00e0 lib\u00e9rer la Vierge Marie de la mafia \u2013 BBC Sounds\n &amp; se d\u00e9vouer \u00e0 la m\u00e8re de dieu Marie."},"content":{"rendered":"<div><img width=\"580\" height=\"326\" src=\"https:\/\/editionsbussiere.com\/blog\/wp-content\/uploads\/2024\/05\/Newsday-Le-pape-cherche-a-liberer-la-Vierge-Marie.jpg\" class=\"attachment-large size-large wp-post-image\" alt=\"Newsday - Le pape cherche \u00e0 lib\u00e9rer la Vierge Marie\" style=\"float:left; margin:0 15px 15px 0;\" decoding=\"async\" loading=\"lazy\" srcset=\"https:\/\/editionsbussiere.com\/blog\/wp-content\/uploads\/2024\/05\/Newsday-Le-pape-cherche-a-liberer-la-Vierge-Marie.jpg 1024w, https:\/\/www.n42.fr\/wp-content\/uploads\/2024\/05\/Newsday-Le-pape-cherche-a-liberer-la-Vierge-Marie-300x169.jpg 300w, https:\/\/www.n42.fr\/wp-content\/uploads\/2024\/05\/Newsday-Le-pape-cherche-a-liberer-la-Vierge-Marie-768x432.jpg 768w\" sizes=\"auto, (max-width: 580px) 100vw, 580px\"><\/p>\n<p>Le pape cherche \u00e0 lib\u00e9rer la Vierge Marie de la mafiaLe pape cherche \u00e0 lib\u00e9rer la Vierge Marie de la mafia\u2026<\/p>\n<h2>\n<\/h2>\n<p>Le R\u00f4le de la Pri\u00e8re \u00e0 Marie<\/p>\n<p>L\u2019invocation \u00e0 Marie repr\u00e9sente un aspect essentiel de la foi chr\u00e9tienne, profond\u00e9ment ancr\u00e9e dans les enseignements catholique depuis des temps imm\u00e9moriaux. C\u2019est un fondement sur lequel les fid\u00e8les s\u2019reposent pour trouver r\u00e9confort, guidance et intercession dans leur marche avec Dieu. Au fil du temps, cette pi\u00e9t\u00e9 a gagn\u00e9 en force par les \u00e9crits bibliques, les coutumes eccl\u00e9siastiques, et les exemples des saints qui ont honor\u00e9 Marie m\u00e8re spirituelle aimante.<\/p>\n<h3>\n<\/h3>\n<p>L\u2019exercice du Chapelet<\/p>\n<p>Cette pri\u00e8re traditionnelle mariale occupe une place centrale au sein de la spiritualit\u00e9 de un grand nombre de fid\u00e8les. En r\u00e9citant les diff\u00e9rents myst\u00e8res, les d\u00e9vots m\u00e9ditent dans les \u00e9v\u00e9nements de la vie de J\u00e9sus et de Marie, renfor\u00e7ant leur connexion spirituelle avec eux. \u00c0 travers chaque Ave Maria, ils manifestent leur confiance en l\u2019intercession de Marie ainsi que leur aspiration \u00e0 suivre les pas du Christ. Saint Louis-Marie Grignion de Montfort, dans son livre sur la vraie d\u00e9votion \u00e0 la Sainte Vierge, invite les fid\u00e8les \u00e0 pratiquer r\u00e9guli\u00e8rement la m\u00e9ditation des diff\u00e9rents myst\u00e8res du rosaire afin de renforcer leur relation avec la M\u00e8re de Dieu. Cette pratique ancienne, transmise de g\u00e9n\u00e9ration en g\u00e9n\u00e9ration, reste une source d\u2019illumination spirituelle pour ceux qui ont la foi, les guidant dans leur connexion \u00e0 la c\u00e9leste Dame.<\/p>\n<h3>\n<\/h3>\n<p>L\u2019incitation \u00e0 la pri\u00e8re<\/p>\n<p>Unissons-nous dans la pri\u00e8re, fr\u00e8res et s\u0153urs, dans l\u2019unit\u00e9 de notre confiance, en nous tournant vers Marie, la m\u00e8re de notre Seigneur J\u00e9sus-Christ. Dans notre monde tourment\u00e9 par la guerre et la discorde, optons \u00e0 la pri\u00e8re pour trouver pour trouver la paix et l\u2019harmonie. Les catholiques du monde entier peuvent faire d\u00e9poser une sollicitation pour la Sainte Vierge <a target=\"_blank\" rel=\"nofollow\" href=\"https:\/\/editionsbussiere.com\/blog\/goto\/https:\/\/www.avemariasound.org\/\" >sur ce lien.<\/a> Que nos supplications montent vers le ciel, comme un hommage agr\u00e9able par Dieu, afin qu\u2019il puisse nous guider nos chemins sur le chemin de la v\u00e9rit\u00e9 et de la justice. L\u2019ap\u00f4tre Paul nous exhorte dans ses lettres \u00e0 maintenir une pri\u00e8re incessante, quelle que soit la situation, afin que notre connexion avec Dieu reste constante et ardente. La pri\u00e8re, lorsqu\u2019elle est offerte sinc\u00e8rement, a la capacit\u00e9 pour changer nos c\u0153urs et de modifier le cours de l\u2019histoire.<\/p>\n<h2>\n<\/h2>\n<p>Les directives du Saint-P\u00e8re<\/p>\n<p>Le pape Fran\u00e7ois, dans ses enseignements \u00e9clair\u00e9s, disponibles gr\u00e2ce \u00e0 Bayard, nous rappelle la signification de la pri\u00e8re quotidienne. \u00c0 travers ses discours et ses audiences, il nous encourage \u00e0 cultiver une connexion personnelle avec Dieu, en se fondant sur la r\u00e9flexion sur les Saintes \u00c9critures et la r\u00e9citation du rosaire. Sa mani\u00e8re d\u2019\u00eatre de compassion et d\u2019humilit\u00e9 nous motive \u00e0 approfondir davantage notre pri\u00e8re et \u00e0 rechercher la pr\u00e9sence de Dieu dans tous les domaines de notre existence. Le pape Jean-Paul II, dans son \u00e9crit sur la foi chr\u00e9tienne, nous souligne que la pratique de la pri\u00e8re est la base de notre vie spirituelle et par elle que nous nous unissons \u00e0 Dieu. La pratique de la pri\u00e8re, transmise par les pontifes de g\u00e9n\u00e9ration en g\u00e9n\u00e9ration, est une bou\u00e9e d\u2019espoir dans les temp\u00eates, une base solide sur lequel nous pouvons compter.<\/p>\n<h3>\n<\/h3>\n<p>Les ouvrages \u00e9crits par Leli\u00e8vre et Hubert<\/p>\n<p>Au sein de la pratique religieuse, l\u2019\u00e9glise pr\u00e9conise la pri\u00e8re, et lors de les moments de pri\u00e8re, les croyants effectuent le signe de croix tout en r\u00e9citant l\u2019Ave Maria. Des th\u00e9ologiens modernes, comme Leli\u00e8vre et Hubert, nous convient \u00e9galement \u00e0 r\u00e9fl\u00e9chir sur la force de la pri\u00e8re, dans leurs ouvrages inspirants. Leurs ouvrages, abondant en enseignements spirituels, nous guident dans notre parcours de la foi et nous invitent \u00e0 trouver dans les tr\u00e9sors de la tradition chr\u00e9tienne pour nourrir notre spiritualit\u00e9. En r\u00e9fl\u00e9chissant sur leurs publications, nous explorons de nouvelles voies d\u2019approfondir notre relation avec Dieu et de progresser dans la saintet\u00e9. Saint Jean, dans l\u2019\u00c9vangile, nous rappelle que le fait de prier est un puissant moyen de demeurer en communion avec Dieu et de b\u00e9n\u00e9ficier de ses gr\u00e2ces. Chaque page de leurs \u00e9crits est semblable \u00e0 une invitation \u00e0 une pri\u00e8re ardente et \u00e0 une vie emplie de la pr\u00e9sence divine. Dans notre recherche de connexion spirituelle, chaque \u0153uvre lue devient une invitation \u00e0 s\u2019\u00e9lever vers le sacr\u00e9, \u00e0 travers la r\u00e9flexion et la m\u00e9ditation.<\/p>\n<h3>\n<\/h3>\n<p>La d\u00e9votion dans la chapelle<\/p>\n<p>Dans nos chapelles modestes ou majestueuses, tournons-nous vers Dieu avec confiance et humilit\u00e9, car nous savons qu\u2019il \u00e9coute nos pri\u00e8res avec une sollicitude infinie. Que chaque bougie allum\u00e9e, chaque Ave Maria r\u00e9cit\u00e9, soit une offrande \u00e0 notre Seigneur et \u00e0 sa sainte m\u00e8re, Marie. Que nos instants de d\u00e9votion dans la chapelle soient des moments de faveur divine et de renouvellement de notre esprit, nous fortifiant pour faire face \u00e0 les challenges avec audace et foi in\u00e9branlable. Sainte Bernadette Soubirous, \u00e0 qui la Vierge Marie est apparue \u00e0 Lourdes, nous enseigne l\u2019importance de la pri\u00e8re dans l\u2019existence des catholiques et l\u2019efficacit\u00e9 de l\u2019intercession de la Sainte Vierge. Chaque personne qui entre dans une chapelle, chaque page de la Bible lue dans ce lieu sacr\u00e9, constitue une rencontre avec la divinit\u00e9, une \u00e9tape importante sur le chemin de la transformation int\u00e9rieure. \u00c0 travers les textes sacr\u00e9s, chaque fid\u00e8le est invit\u00e9 \u00e0 contempler sur la croix du Christ, \u00e0 m\u00e9diter sur son sacrifice, et \u00e0 trouver r\u00e9confort et espoir dans la gr\u00e2ce salvatrice qu\u2019elle offre.<\/p>\n<h2>\nLa pri\u00e8re comme m\u00e9decine pour l\u2019int\u00e9rieur<br \/>\n<\/h2>\n<p>Tel un m\u00e9decin pour nos \u00e2mes, l\u2019acte de prier nous gu\u00e9rit ainsi que nous renforce dans les moments de douleur et de d\u00e9sespoir. Elle nous fait souvenir que la pr\u00e9sence divine ne nous quitte jamais, m\u00eame au c\u0153ur de nos heures les plus sombres. En nous penchant vers lui \u00e0 travers la pri\u00e8re, nous trouvons la force int\u00e9rieure n\u00e9cessaire pour traverser les \u00e9preuves et pour faire face \u00e0 l\u2019avenir avec espoir et confiance. L\u2019acte de prier est semblable \u00e0 une source d\u2019eau vive qui satisfait notre soif spirituelle et qui, au cours de notre marche avec Dieu, nous revigore.<br \/>\n\u00c0 chaque pri\u00e8re murmur\u00e9e, \u00e0 chaque intention port\u00e9e, nous trouvons un soulagement divin, une gu\u00e9rison spirituelle, qui va au-del\u00e0 de les limites de notre condition terrestre. Chaque verset de la Bible est une invitation \u00e0 communier avec Dieu, \u00e0 lui remettre nos fardeaux, et \u00e0 b\u00e9n\u00e9ficier de sa gr\u00e2ce r\u00e9g\u00e9n\u00e9ratrice.<\/p>\n<h2>Un regard diff\u00e9rent sur l\u2019invocation \u00e0 Marie<\/h2>\n<p>La pri\u00e8re \u00e0 Marie constitue une pratique solidement ancr\u00e9e dans la tradition catholique chr\u00e9tienne, fournissant un lien spirituel pr\u00e9cieux pour les fid\u00e8les du monde entier. Comme m\u00e8re spirituelle aimante et interm\u00e9diaire, elle est pri\u00e9e avec d\u00e9votion dans les moments de d\u00e9tresse et de louange. Le rosaire, avec ses myst\u00e8res \u00e0 m\u00e9diter, dirige les fid\u00e8les dans leur cheminement spirituel, les encourageant \u00e0 m\u00e9diter sur J\u00e9sus, son fils, \u00e0 travers le prisme de la Vierge Marie. Cette affection envers Marie se manifeste dans les lieux saints tel que le sanctuaire de Lourdes, o\u00f9 les p\u00e8lerins affluent en qu\u00eate de r\u00e9confort et de gu\u00e9rison, illustrant la forte connexion entre la foi catholique et la d\u00e9votion mariale. Les \u00e9crits \u00e9clairants d\u2019\u00e9minents th\u00e9ologiens comme Leli\u00e8vre et Hubert fournissent une r\u00e9flexion pr\u00e9cieuse sur la signification de la pri\u00e8re mariale et son r\u00f4le dans la vie spirituelle des croyants. \u00c0 travers la lecture attentive de textes religieux et spirituels, les fid\u00e8les \u00e9largissent leur compr\u00e9hension de la d\u00e9votion mariale et nourrissent une connexion plus \u00e9troite avec Marie, notre m\u00e8re spirituelle. Dans un monde o\u00f9 pr\u00e9dominent les conflits et les troubles, la d\u00e9votion \u00e0 Marie est un sanctuaire de calme et de confiance, invitant chaque personne, ind\u00e9pendamment de son rang dans la foi catholique, \u00e0 solliciter la Sainte Vierge avec confiance et ferveur. Prions donc en commun, avec sinc\u00e9rit\u00e9 et humilit\u00e9, en reconnaissant Marie comme notre m\u00e8re et notre intercesseur, et en lui confiant nos requ\u00eates et nos souhaits les plus profonds. Dans cette d\u00e9marche vers Dieu, tout adepte est convi\u00e9 \u00e0 poursuivre la voie des pri\u00e8res et des aspirations du c\u0153ur, sous la conduite du Pape et les pr\u00e9cieuses ressources spirituelles offertes par des plateformes telles que Aleteia. Par cons\u00e9quent, avec un c\u0153ur humble et une foi sinc\u00e8re, saluons Marie dans notre pri\u00e8re quotidienne, lui demandant son intercession maternelle, ainsi que la gr\u00e2ce de pers\u00e9v\u00e9rer dans la pri\u00e8re ardente.<br \/>\nQue la pri\u00e8re soit notre refuge et notre consolation en toute circonstance. Que nous nous tournions en direction de Marie, notre m\u00e8re du ciel, avec un c\u0153ur ouvert et une croyance in\u00e9branlable, convaincus qu\u2019elle plaide en notre faveur devant son fils bien-aim\u00e9. Que la pri\u00e8re nous guide sur le chemin de la saintet\u00e9, nous conduisant toujours plus pr\u00e8s de Dieu et de son amour sans limites.<\/p>\n<p>A lire sur un propos analogue:<\/p>\n<p>Saint Georges (Verhaeren).,<a target=\"_blank\" rel=\"nofollow\" href=\"https:\/\/editionsbussiere.com\/blog\/goto\/https:\/\/fr.wikisource.org\/wiki\/Saint_Georges_(Verhaeren)\"  target=\"_blank\" rel=\"noopener noreferrer nofollow\">Article complet.<\/a><span><\/span><\/p>\n<p>M\u00e9ditations\/XIX.,<a target=\"_blank\" rel=\"nofollow\" href=\"https:\/\/editionsbussiere.com\/blog\/goto\/https:\/\/fr.wikisource.org\/wiki\/M%C3%A9ditations\/XIX\"  target=\"_blank\" rel=\"noopener noreferrer nofollow\">Le post d\u2019actualit\u00e9.<\/a><span><\/span>. Suite sur le prochain article.<\/p>\n<p>Les Forces \u00e9ternelles\/Les bless\u00e9s.,<a target=\"_blank\" rel=\"nofollow\" href=\"https:\/\/editionsbussiere.com\/blog\/goto\/https:\/\/fr.wikisource.org\/wiki\/Les_Forces_%C3%A9ternelles\/Les_bless%C3%A9s\"  target=\"_blank\" rel=\"noopener noreferrer nofollow\">Ici.<\/a><span><\/span>. Suite sur le prochain article.<\/p>\n<p>La Th\u00e9ba\u00efde en Am\u00e9rique.,<a target=\"_blank\" rel=\"nofollow\" href=\"https:\/\/editionsbussiere.com\/blog\/goto\/https:\/\/fr.wikisource.org\/wiki\/La_Th%C3%A9ba%C3%AFde_en_Am%C3%A9rique\"  target=\"_blank\" rel=\"noopener noreferrer nofollow\">A lire ici.<\/a><span><\/span>. Suite sur le prochain article.<\/p>\n<p>Dictionnaire infernal\/6e \u00e9d., 1863\/Ananisapta.,<a target=\"_blank\" rel=\"nofollow\" href=\"https:\/\/editionsbussiere.com\/blog\/goto\/https:\/\/fr.wikisource.org\/wiki\/Dictionnaire_infernal\/6e_%C3%A9d.,_1863\/Ananisapta\"  target=\"_blank\" rel=\"noopener noreferrer nofollow\">L\u2019article ICI.<\/a><span><\/span><\/p>\n<p>Dictionnaire de th\u00e9ologie catholique\/IMMACUL\u00c9E CONCEPTION IV. Dans l\u2019Eglise latine apr\u00e8s le concile d\u2019Eph\u00e8se. V.Apr\u00e8s la d\u00e9finition : amis et ennemis.,<a target=\"_blank\" rel=\"nofollow\" href=\"https:\/\/editionsbussiere.com\/blog\/goto\/https:\/\/fr.wikisource.org\/wiki\/Dictionnaire_de_th%C3%A9ologie_catholique\/IMMACUL%C3%89E_CONCEPTION_IV._Dans_l%27Eglise_latine_apr%C3%A8s_le_concile_d%27Eph%C3%A8se._V.Apr%C3%A8s_la_d%C3%A9finition_:_amis_et_ennemis\"  target=\"_blank\" rel=\"noopener noreferrer nofollow\">L\u2019article ICI.<\/a><span><\/span>. Suite sur le prochain article.<\/p>\n<\/div>\n<p><img decoding=\"async\" class=\"wpe_imgrss\" src=\"https:\/\/editionsbussiere.com\/blog\/wp-content\/uploads\/2024\/05\/Newsday-Le-pape-cherche-a-liberer-la-Vierge-Marie.jpg\">Cet article a \u00e9t\u00e9 reconstitu\u00e9 du mieux possible. Dans l\u2019hypoth\u00e8se o\u00f9 vous souhaitez apporter quelques modifications concernant le th\u00e8me \u00ab\u00a0Editions \u00e9sot\u00e9rique fond\u00e9e en 1927\u00a0\u00bb, il est possible de discuter avec notre r\u00e9daction. Vous pouvez tirer profit de cet article traitant le sujet \u00ab\u00a0Editions \u00e9sot\u00e9rique fond\u00e9e en 1927\u00a0\u00bb. Il est concoct\u00e9 par l\u2019\u00e9quipe editionsbussiere.com. Le site editionsbussiere.com est fait pour cr\u00e9er divers posts autour du th\u00e8me Editions \u00e9sot\u00e9rique fond\u00e9e en 1927 d\u00e9velopp\u00e9es sur internet. Consultez notre site internet editionsbussiere.com et nos r\u00e9seaux sociaux pour \u00eatre au courant des futures annonces.<\/p>\n","protected":false},"excerpt":{"rendered":"<p>Le pape cherche \u00e0 lib\u00e9rer la Vierge Marie de la mafiaLe pape cherche \u00e0 lib\u00e9rer la Vierge Marie de la mafia\u2026 Le R\u00f4le de la Pri\u00e8re \u00e0 Marie L\u2019invocation \u00e0 Marie repr\u00e9sente un aspect essentiel de la foi chr\u00e9tienne, profond\u00e9ment ancr\u00e9e dans les enseignements catholique depuis des temps imm\u00e9moriaux. C\u2019est un fondement sur lequel les [&hellip;]<\/p>\n","protected":false},"author":3,"featured_media":598,"comment_status":"closed","ping_status":"closed","sticky":false,"template":"","format":"standard","meta":{"footnotes":""},"categories":[3],"tags":[],"class_list":["post-597","post","type-post","status-publish","format-standard","has-post-thumbnail","hentry","category-editions-esoterique-fondee-en-1927-depeches","entry","fw-tab-6 fw-tabr-4","has-featured-image"],"yoast_head":"<!-- This site is optimized with the Yoast SEO plugin v27.5 - https:\/\/yoast.com\/product\/yoast-seo-wordpress\/ -->\n<title>Newsday \u2013 Le pape cherche \u00e0 lib\u00e9rer la Vierge Marie de la mafia \u2013 BBC Sounds &amp; se d\u00e9vouer \u00e0 la m\u00e8re de dieu Marie. - EDITIONSBUSSIERE<\/title>\n<meta name=\"robots\" content=\"index, follow, max-snippet:-1, max-image-preview:large, max-video-preview:-1\" \/>\n<link rel=\"canonical\" href=\"https:\/\/editionsbussiere.com\/blog\/newsday-le-pape-cherche-a-liberer-la-vierge-marie-de-la-mafia-bbc-sounds-se-devouer-a-la-mere-de-dieu-marie\/\" \/>\n<meta property=\"og:locale\" content=\"fr_FR\" \/>\n<meta property=\"og:type\" content=\"article\" \/>\n<meta property=\"og:title\" content=\"Newsday \u2013 Le pape cherche \u00e0 lib\u00e9rer la Vierge Marie de la mafia \u2013 BBC Sounds &amp; se d\u00e9vouer \u00e0 la m\u00e8re de dieu Marie. - EDITIONSBUSSIERE\" \/>\n<meta property=\"og:description\" content=\"Le pape cherche \u00e0 lib\u00e9rer la Vierge Marie de la mafiaLe pape cherche \u00e0 lib\u00e9rer la Vierge Marie de la mafia\u2026 Le R\u00f4le de la Pri\u00e8re \u00e0 Marie L\u2019invocation \u00e0 Marie repr\u00e9sente un aspect essentiel de la foi chr\u00e9tienne, profond\u00e9ment ancr\u00e9e dans les enseignements catholique depuis des temps imm\u00e9moriaux. C\u2019est un fondement sur lequel les [&hellip;]\" \/>\n<meta property=\"og:url\" content=\"https:\/\/editionsbussiere.com\/blog\/newsday-le-pape-cherche-a-liberer-la-vierge-marie-de-la-mafia-bbc-sounds-se-devouer-a-la-mere-de-dieu-marie\/\" \/>\n<meta property=\"og:site_name\" content=\"EDITIONSBUSSIERE\" \/>\n<meta property=\"article:published_time\" content=\"2024-05-18T01:27:03+00:00\" \/>\n<meta property=\"og:image\" content=\"https:\/\/editionsbussiere.com\/blog\/wp-content\/uploads\/2024\/05\/Newsday-Le-pape-cherche-a-liberer-la-Vierge-Marie.jpg\" \/>\n<meta name=\"author\" content=\"Marie BATICLE\" \/>\n<meta name=\"twitter:card\" content=\"summary_large_image\" \/>\n<meta name=\"twitter:label1\" content=\"\u00c9crit par\" \/>\n\t<meta name=\"twitter:data1\" content=\"Marie BATICLE\" \/>\n\t<meta name=\"twitter:label2\" content=\"Dur\u00e9e de lecture estim\u00e9e\" \/>\n\t<meta name=\"twitter:data2\" content=\"9 minutes\" \/>\n<script type=\"application\/ld+json\" class=\"yoast-schema-graph\">{\"@context\":\"https:\\\/\\\/schema.org\",\"@graph\":[{\"@type\":\"Article\",\"@id\":\"https:\\\/\\\/editionsbussiere.com\\\/blog\\\/newsday-le-pape-cherche-a-liberer-la-vierge-marie-de-la-mafia-bbc-sounds-se-devouer-a-la-mere-de-dieu-marie\\\/#article\",\"isPartOf\":{\"@id\":\"https:\\\/\\\/editionsbussiere.com\\\/blog\\\/newsday-le-pape-cherche-a-liberer-la-vierge-marie-de-la-mafia-bbc-sounds-se-devouer-a-la-mere-de-dieu-marie\\\/\"},\"author\":{\"name\":\"Marie BATICLE\",\"@id\":\"https:\\\/\\\/editionsbussiere.com\\\/blog\\\/#\\\/schema\\\/person\\\/ec90e102792148c97e46ab871010dd8f\"},\"headline\":\"Newsday \u2013 Le pape cherche \u00e0 lib\u00e9rer la Vierge Marie de la mafia \u2013 BBC Sounds &amp; se d\u00e9vouer \u00e0 la m\u00e8re de dieu Marie.\",\"datePublished\":\"2024-05-18T01:27:03+00:00\",\"mainEntityOfPage\":{\"@id\":\"https:\\\/\\\/editionsbussiere.com\\\/blog\\\/newsday-le-pape-cherche-a-liberer-la-vierge-marie-de-la-mafia-bbc-sounds-se-devouer-a-la-mere-de-dieu-marie\\\/\"},\"wordCount\":1814,\"publisher\":{\"@id\":\"https:\\\/\\\/editionsbussiere.com\\\/blog\\\/#organization\"},\"image\":{\"@id\":\"https:\\\/\\\/editionsbussiere.com\\\/blog\\\/newsday-le-pape-cherche-a-liberer-la-vierge-marie-de-la-mafia-bbc-sounds-se-devouer-a-la-mere-de-dieu-marie\\\/#primaryimage\"},\"thumbnailUrl\":\"https:\\\/\\\/editionsbussiere.com\\\/blog\\\/wp-content\\\/uploads\\\/2024\\\/05\\\/Newsday-Le-pape-cherche-a-liberer-la-Vierge-Marie.jpg\",\"articleSection\":[\"Editions \u00c9sot\u00e9rique Fond\u00e9e En 1927; D\u00e9p\u00e8ches:\"],\"inLanguage\":\"fr-FR\"},{\"@type\":\"WebPage\",\"@id\":\"https:\\\/\\\/editionsbussiere.com\\\/blog\\\/newsday-le-pape-cherche-a-liberer-la-vierge-marie-de-la-mafia-bbc-sounds-se-devouer-a-la-mere-de-dieu-marie\\\/\",\"url\":\"https:\\\/\\\/editionsbussiere.com\\\/blog\\\/newsday-le-pape-cherche-a-liberer-la-vierge-marie-de-la-mafia-bbc-sounds-se-devouer-a-la-mere-de-dieu-marie\\\/\",\"name\":\"Newsday \u2013 Le pape cherche \u00e0 lib\u00e9rer la Vierge Marie de la mafia \u2013 BBC Sounds &amp; se d\u00e9vouer \u00e0 la m\u00e8re de dieu Marie. - EDITIONSBUSSIERE\",\"isPartOf\":{\"@id\":\"https:\\\/\\\/editionsbussiere.com\\\/blog\\\/#website\"},\"primaryImageOfPage\":{\"@id\":\"https:\\\/\\\/editionsbussiere.com\\\/blog\\\/newsday-le-pape-cherche-a-liberer-la-vierge-marie-de-la-mafia-bbc-sounds-se-devouer-a-la-mere-de-dieu-marie\\\/#primaryimage\"},\"image\":{\"@id\":\"https:\\\/\\\/editionsbussiere.com\\\/blog\\\/newsday-le-pape-cherche-a-liberer-la-vierge-marie-de-la-mafia-bbc-sounds-se-devouer-a-la-mere-de-dieu-marie\\\/#primaryimage\"},\"thumbnailUrl\":\"https:\\\/\\\/editionsbussiere.com\\\/blog\\\/wp-content\\\/uploads\\\/2024\\\/05\\\/Newsday-Le-pape-cherche-a-liberer-la-Vierge-Marie.jpg\",\"datePublished\":\"2024-05-18T01:27:03+00:00\",\"breadcrumb\":{\"@id\":\"https:\\\/\\\/editionsbussiere.com\\\/blog\\\/newsday-le-pape-cherche-a-liberer-la-vierge-marie-de-la-mafia-bbc-sounds-se-devouer-a-la-mere-de-dieu-marie\\\/#breadcrumb\"},\"inLanguage\":\"fr-FR\",\"potentialAction\":[{\"@type\":\"ReadAction\",\"target\":[\"https:\\\/\\\/editionsbussiere.com\\\/blog\\\/newsday-le-pape-cherche-a-liberer-la-vierge-marie-de-la-mafia-bbc-sounds-se-devouer-a-la-mere-de-dieu-marie\\\/\"]}]},{\"@type\":\"ImageObject\",\"inLanguage\":\"fr-FR\",\"@id\":\"https:\\\/\\\/editionsbussiere.com\\\/blog\\\/newsday-le-pape-cherche-a-liberer-la-vierge-marie-de-la-mafia-bbc-sounds-se-devouer-a-la-mere-de-dieu-marie\\\/#primaryimage\",\"url\":\"https:\\\/\\\/editionsbussiere.com\\\/blog\\\/wp-content\\\/uploads\\\/2024\\\/05\\\/Newsday-Le-pape-cherche-a-liberer-la-Vierge-Marie.jpg\",\"contentUrl\":\"https:\\\/\\\/editionsbussiere.com\\\/blog\\\/wp-content\\\/uploads\\\/2024\\\/05\\\/Newsday-Le-pape-cherche-a-liberer-la-Vierge-Marie.jpg\",\"width\":1024,\"height\":576,\"caption\":\"Newsday Le pape cherche a liberer la Vierge Marie\"},{\"@type\":\"BreadcrumbList\",\"@id\":\"https:\\\/\\\/editionsbussiere.com\\\/blog\\\/newsday-le-pape-cherche-a-liberer-la-vierge-marie-de-la-mafia-bbc-sounds-se-devouer-a-la-mere-de-dieu-marie\\\/#breadcrumb\",\"itemListElement\":[{\"@type\":\"ListItem\",\"position\":1,\"name\":\"Accueil\",\"item\":\"https:\\\/\\\/editionsbussiere.com\\\/blog\\\/\"},{\"@type\":\"ListItem\",\"position\":2,\"name\":\"Newsday \u2013 Le pape cherche \u00e0 lib\u00e9rer la Vierge Marie de la mafia \u2013 BBC Sounds &amp; se d\u00e9vouer \u00e0 la m\u00e8re de dieu Marie.\"}]},{\"@type\":\"WebSite\",\"@id\":\"https:\\\/\\\/editionsbussiere.com\\\/blog\\\/#website\",\"url\":\"https:\\\/\\\/editionsbussiere.com\\\/blog\\\/\",\"name\":\"EDITIONSBUSSIERE\",\"description\":\"Editions \u00e9sot\u00e9rique fond\u00e9e en 1927; site historique, A SAVOIR ET RETENIR.\",\"publisher\":{\"@id\":\"https:\\\/\\\/editionsbussiere.com\\\/blog\\\/#organization\"},\"potentialAction\":[{\"@type\":\"SearchAction\",\"target\":{\"@type\":\"EntryPoint\",\"urlTemplate\":\"https:\\\/\\\/editionsbussiere.com\\\/blog\\\/?s={search_term_string}\"},\"query-input\":{\"@type\":\"PropertyValueSpecification\",\"valueRequired\":true,\"valueName\":\"search_term_string\"}}],\"inLanguage\":\"fr-FR\"},{\"@type\":\"Organization\",\"@id\":\"https:\\\/\\\/editionsbussiere.com\\\/blog\\\/#organization\",\"name\":\"editionsbussiere\",\"url\":\"https:\\\/\\\/editionsbussiere.com\\\/blog\\\/\",\"logo\":{\"@type\":\"ImageObject\",\"inLanguage\":\"fr-FR\",\"@id\":\"https:\\\/\\\/editionsbussiere.com\\\/blog\\\/#\\\/schema\\\/logo\\\/image\\\/\",\"url\":\"https:\\\/\\\/editionsbussiere.com\\\/blog\\\/wp-content\\\/uploads\\\/2023\\\/09\\\/cropped-buss.gif\",\"contentUrl\":\"https:\\\/\\\/editionsbussiere.com\\\/blog\\\/wp-content\\\/uploads\\\/2023\\\/09\\\/cropped-buss.gif\",\"width\":298,\"height\":120,\"caption\":\"editionsbussiere\"},\"image\":{\"@id\":\"https:\\\/\\\/editionsbussiere.com\\\/blog\\\/#\\\/schema\\\/logo\\\/image\\\/\"}},{\"@type\":\"Person\",\"@id\":\"https:\\\/\\\/editionsbussiere.com\\\/blog\\\/#\\\/schema\\\/person\\\/ec90e102792148c97e46ab871010dd8f\",\"name\":\"Marie BATICLE\",\"image\":{\"@type\":\"ImageObject\",\"inLanguage\":\"fr-FR\",\"@id\":\"https:\\\/\\\/secure.gravatar.com\\\/avatar\\\/c923e52403b1b8137e2d929127211d21967e6aecaa053bd43b09da29f212e76e?s=96&d=mm&r=g\",\"url\":\"https:\\\/\\\/secure.gravatar.com\\\/avatar\\\/c923e52403b1b8137e2d929127211d21967e6aecaa053bd43b09da29f212e76e?s=96&d=mm&r=g\",\"contentUrl\":\"https:\\\/\\\/secure.gravatar.com\\\/avatar\\\/c923e52403b1b8137e2d929127211d21967e6aecaa053bd43b09da29f212e76e?s=96&d=mm&r=g\",\"caption\":\"Marie BATICLE\"},\"url\":\"https:\\\/\\\/editionsbussiere.com\\\/blog\\\/author\\\/eremarie\\\/\"}]}<\/script>\n<!-- \/ Yoast SEO plugin. -->","yoast_head_json":{"title":"Newsday \u2013 Le pape cherche \u00e0 lib\u00e9rer la Vierge Marie de la mafia \u2013 BBC Sounds &amp; se d\u00e9vouer \u00e0 la m\u00e8re de dieu Marie. - EDITIONSBUSSIERE","robots":{"index":"index","follow":"follow","max-snippet":"max-snippet:-1","max-image-preview":"max-image-preview:large","max-video-preview":"max-video-preview:-1"},"canonical":"https:\/\/editionsbussiere.com\/blog\/newsday-le-pape-cherche-a-liberer-la-vierge-marie-de-la-mafia-bbc-sounds-se-devouer-a-la-mere-de-dieu-marie\/","og_locale":"fr_FR","og_type":"article","og_title":"Newsday \u2013 Le pape cherche \u00e0 lib\u00e9rer la Vierge Marie de la mafia \u2013 BBC Sounds &amp; se d\u00e9vouer \u00e0 la m\u00e8re de dieu Marie. - EDITIONSBUSSIERE","og_description":"Le pape cherche \u00e0 lib\u00e9rer la Vierge Marie de la mafiaLe pape cherche \u00e0 lib\u00e9rer la Vierge Marie de la mafia\u2026 Le R\u00f4le de la Pri\u00e8re \u00e0 Marie L\u2019invocation \u00e0 Marie repr\u00e9sente un aspect essentiel de la foi chr\u00e9tienne, profond\u00e9ment ancr\u00e9e dans les enseignements catholique depuis des temps imm\u00e9moriaux. C\u2019est un fondement sur lequel les [&hellip;]","og_url":"https:\/\/editionsbussiere.com\/blog\/newsday-le-pape-cherche-a-liberer-la-vierge-marie-de-la-mafia-bbc-sounds-se-devouer-a-la-mere-de-dieu-marie\/","og_site_name":"EDITIONSBUSSIERE","article_published_time":"2024-05-18T01:27:03+00:00","og_image":[{"url":"https:\/\/editionsbussiere.com\/blog\/wp-content\/uploads\/2024\/05\/Newsday-Le-pape-cherche-a-liberer-la-Vierge-Marie.jpg","type":"","width":"","height":""}],"author":"Marie BATICLE","twitter_card":"summary_large_image","twitter_misc":{"\u00c9crit par":"Marie BATICLE","Dur\u00e9e de lecture estim\u00e9e":"9 minutes"},"schema":{"@context":"https:\/\/schema.org","@graph":[{"@type":"Article","@id":"https:\/\/editionsbussiere.com\/blog\/newsday-le-pape-cherche-a-liberer-la-vierge-marie-de-la-mafia-bbc-sounds-se-devouer-a-la-mere-de-dieu-marie\/#article","isPartOf":{"@id":"https:\/\/editionsbussiere.com\/blog\/newsday-le-pape-cherche-a-liberer-la-vierge-marie-de-la-mafia-bbc-sounds-se-devouer-a-la-mere-de-dieu-marie\/"},"author":{"name":"Marie BATICLE","@id":"https:\/\/editionsbussiere.com\/blog\/#\/schema\/person\/ec90e102792148c97e46ab871010dd8f"},"headline":"Newsday \u2013 Le pape cherche \u00e0 lib\u00e9rer la Vierge Marie de la mafia \u2013 BBC Sounds &amp; se d\u00e9vouer \u00e0 la m\u00e8re de dieu Marie.","datePublished":"2024-05-18T01:27:03+00:00","mainEntityOfPage":{"@id":"https:\/\/editionsbussiere.com\/blog\/newsday-le-pape-cherche-a-liberer-la-vierge-marie-de-la-mafia-bbc-sounds-se-devouer-a-la-mere-de-dieu-marie\/"},"wordCount":1814,"publisher":{"@id":"https:\/\/editionsbussiere.com\/blog\/#organization"},"image":{"@id":"https:\/\/editionsbussiere.com\/blog\/newsday-le-pape-cherche-a-liberer-la-vierge-marie-de-la-mafia-bbc-sounds-se-devouer-a-la-mere-de-dieu-marie\/#primaryimage"},"thumbnailUrl":"https:\/\/editionsbussiere.com\/blog\/wp-content\/uploads\/2024\/05\/Newsday-Le-pape-cherche-a-liberer-la-Vierge-Marie.jpg","articleSection":["Editions \u00c9sot\u00e9rique Fond\u00e9e En 1927; D\u00e9p\u00e8ches:"],"inLanguage":"fr-FR"},{"@type":"WebPage","@id":"https:\/\/editionsbussiere.com\/blog\/newsday-le-pape-cherche-a-liberer-la-vierge-marie-de-la-mafia-bbc-sounds-se-devouer-a-la-mere-de-dieu-marie\/","url":"https:\/\/editionsbussiere.com\/blog\/newsday-le-pape-cherche-a-liberer-la-vierge-marie-de-la-mafia-bbc-sounds-se-devouer-a-la-mere-de-dieu-marie\/","name":"Newsday \u2013 Le pape cherche \u00e0 lib\u00e9rer la Vierge Marie de la mafia \u2013 BBC Sounds &amp; se d\u00e9vouer \u00e0 la m\u00e8re de dieu Marie. - EDITIONSBUSSIERE","isPartOf":{"@id":"https:\/\/editionsbussiere.com\/blog\/#website"},"primaryImageOfPage":{"@id":"https:\/\/editionsbussiere.com\/blog\/newsday-le-pape-cherche-a-liberer-la-vierge-marie-de-la-mafia-bbc-sounds-se-devouer-a-la-mere-de-dieu-marie\/#primaryimage"},"image":{"@id":"https:\/\/editionsbussiere.com\/blog\/newsday-le-pape-cherche-a-liberer-la-vierge-marie-de-la-mafia-bbc-sounds-se-devouer-a-la-mere-de-dieu-marie\/#primaryimage"},"thumbnailUrl":"https:\/\/editionsbussiere.com\/blog\/wp-content\/uploads\/2024\/05\/Newsday-Le-pape-cherche-a-liberer-la-Vierge-Marie.jpg","datePublished":"2024-05-18T01:27:03+00:00","breadcrumb":{"@id":"https:\/\/editionsbussiere.com\/blog\/newsday-le-pape-cherche-a-liberer-la-vierge-marie-de-la-mafia-bbc-sounds-se-devouer-a-la-mere-de-dieu-marie\/#breadcrumb"},"inLanguage":"fr-FR","potentialAction":[{"@type":"ReadAction","target":["https:\/\/editionsbussiere.com\/blog\/newsday-le-pape-cherche-a-liberer-la-vierge-marie-de-la-mafia-bbc-sounds-se-devouer-a-la-mere-de-dieu-marie\/"]}]},{"@type":"ImageObject","inLanguage":"fr-FR","@id":"https:\/\/editionsbussiere.com\/blog\/newsday-le-pape-cherche-a-liberer-la-vierge-marie-de-la-mafia-bbc-sounds-se-devouer-a-la-mere-de-dieu-marie\/#primaryimage","url":"https:\/\/editionsbussiere.com\/blog\/wp-content\/uploads\/2024\/05\/Newsday-Le-pape-cherche-a-liberer-la-Vierge-Marie.jpg","contentUrl":"https:\/\/editionsbussiere.com\/blog\/wp-content\/uploads\/2024\/05\/Newsday-Le-pape-cherche-a-liberer-la-Vierge-Marie.jpg","width":1024,"height":576,"caption":"Newsday Le pape cherche a liberer la Vierge Marie"},{"@type":"BreadcrumbList","@id":"https:\/\/editionsbussiere.com\/blog\/newsday-le-pape-cherche-a-liberer-la-vierge-marie-de-la-mafia-bbc-sounds-se-devouer-a-la-mere-de-dieu-marie\/#breadcrumb","itemListElement":[{"@type":"ListItem","position":1,"name":"Accueil","item":"https:\/\/editionsbussiere.com\/blog\/"},{"@type":"ListItem","position":2,"name":"Newsday \u2013 Le pape cherche \u00e0 lib\u00e9rer la Vierge Marie de la mafia \u2013 BBC Sounds &amp; se d\u00e9vouer \u00e0 la m\u00e8re de dieu Marie."}]},{"@type":"WebSite","@id":"https:\/\/editionsbussiere.com\/blog\/#website","url":"https:\/\/editionsbussiere.com\/blog\/","name":"EDITIONSBUSSIERE","description":"Editions \u00e9sot\u00e9rique fond\u00e9e en 1927; site historique, A SAVOIR ET RETENIR.","publisher":{"@id":"https:\/\/editionsbussiere.com\/blog\/#organization"},"potentialAction":[{"@type":"SearchAction","target":{"@type":"EntryPoint","urlTemplate":"https:\/\/editionsbussiere.com\/blog\/?s={search_term_string}"},"query-input":{"@type":"PropertyValueSpecification","valueRequired":true,"valueName":"search_term_string"}}],"inLanguage":"fr-FR"},{"@type":"Organization","@id":"https:\/\/editionsbussiere.com\/blog\/#organization","name":"editionsbussiere","url":"https:\/\/editionsbussiere.com\/blog\/","logo":{"@type":"ImageObject","inLanguage":"fr-FR","@id":"https:\/\/editionsbussiere.com\/blog\/#\/schema\/logo\/image\/","url":"https:\/\/editionsbussiere.com\/blog\/wp-content\/uploads\/2023\/09\/cropped-buss.gif","contentUrl":"https:\/\/editionsbussiere.com\/blog\/wp-content\/uploads\/2023\/09\/cropped-buss.gif","width":298,"height":120,"caption":"editionsbussiere"},"image":{"@id":"https:\/\/editionsbussiere.com\/blog\/#\/schema\/logo\/image\/"}},{"@type":"Person","@id":"https:\/\/editionsbussiere.com\/blog\/#\/schema\/person\/ec90e102792148c97e46ab871010dd8f","name":"Marie BATICLE","image":{"@type":"ImageObject","inLanguage":"fr-FR","@id":"https:\/\/secure.gravatar.com\/avatar\/c923e52403b1b8137e2d929127211d21967e6aecaa053bd43b09da29f212e76e?s=96&d=mm&r=g","url":"https:\/\/secure.gravatar.com\/avatar\/c923e52403b1b8137e2d929127211d21967e6aecaa053bd43b09da29f212e76e?s=96&d=mm&r=g","contentUrl":"https:\/\/secure.gravatar.com\/avatar\/c923e52403b1b8137e2d929127211d21967e6aecaa053bd43b09da29f212e76e?s=96&d=mm&r=g","caption":"Marie BATICLE"},"url":"https:\/\/editionsbussiere.com\/blog\/author\/eremarie\/"}]}},"_links":{"self":[{"href":"https:\/\/editionsbussiere.com\/blog\/wp-json\/wp\/v2\/posts\/597","targetHints":{"allow":["GET"]}}],"collection":[{"href":"https:\/\/editionsbussiere.com\/blog\/wp-json\/wp\/v2\/posts"}],"about":[{"href":"https:\/\/editionsbussiere.com\/blog\/wp-json\/wp\/v2\/types\/post"}],"author":[{"embeddable":true,"href":"https:\/\/editionsbussiere.com\/blog\/wp-json\/wp\/v2\/users\/3"}],"replies":[{"embeddable":true,"href":"https:\/\/editionsbussiere.com\/blog\/wp-json\/wp\/v2\/comments?post=597"}],"version-history":[{"count":0,"href":"https:\/\/editionsbussiere.com\/blog\/wp-json\/wp\/v2\/posts\/597\/revisions"}],"wp:featuredmedia":[{"embeddable":true,"href":"https:\/\/editionsbussiere.com\/blog\/wp-json\/wp\/v2\/media\/598"}],"wp:attachment":[{"href":"https:\/\/editionsbussiere.com\/blog\/wp-json\/wp\/v2\/media?parent=597"}],"wp:term":[{"taxonomy":"category","embeddable":true,"href":"https:\/\/editionsbussiere.com\/blog\/wp-json\/wp\/v2\/categories?post=597"},{"taxonomy":"post_tag","embeddable":true,"href":"https:\/\/editionsbussiere.com\/blog\/wp-json\/wp\/v2\/tags?post=597"}],"curies":[{"name":"wp","href":"https:\/\/api.w.org\/{rel}","templated":true}]}}