{"id":591,"date":"2024-05-17T15:01:25","date_gmt":"2024-05-17T13:01:25","guid":{"rendered":"https:\/\/editionsbussiere.com\/blog\/vous-envisagez-de-vous-joindre-au-pelerinage-eucharistique-national-voici-ce-que-vous-devez-savoir-avec-une-priere-en-debut-de-journee\/"},"modified":"2024-05-17T15:01:25","modified_gmt":"2024-05-17T13:01:25","slug":"vous-envisagez-de-vous-joindre-au-pelerinage-eucharistique-national-voici-ce-que-vous-devez-savoir-avec-une-priere-en-debut-de-journee","status":"publish","type":"post","link":"https:\/\/editionsbussiere.com\/blog\/vous-envisagez-de-vous-joindre-au-pelerinage-eucharistique-national-voici-ce-que-vous-devez-savoir-avec-une-priere-en-debut-de-journee\/","title":{"rendered":"Vous envisagez de vous joindre au p\u00e8lerinage eucharistique national ?  Voici ce que vous devez savoir\n avec une pri\u00e8re en d\u00e9but de journ\u00e9e."},"content":{"rendered":"<div><img width=\"580\" height=\"387\" src=\"https:\/\/editionsbussiere.com\/blog\/wp-content\/uploads\/2024\/05\/1715945225_Vous-envisagez-de-vous-joindre-au-pelerinage-eucharistique-national.jpg\" class=\"attachment-large size-large wp-post-image\" alt=\"Vous envisagez de vous joindre au p\u00e8lerinage eucharistique national ?\" style=\"float:left; margin:0 15px 15px 0;\" decoding=\"async\" srcset=\"https:\/\/editionsbussiere.com\/blog\/wp-content\/uploads\/2024\/05\/1715945225_Vous-envisagez-de-vous-joindre-au-pelerinage-eucharistique-national.jpg 900w, https:\/\/www.n42.fr\/wp-content\/uploads\/2024\/05\/1715945225_Vous-envisagez-de-vous-joindre-au-pelerinage-eucharistique-national-300x200.jpg 300w, https:\/\/www.n42.fr\/wp-content\/uploads\/2024\/05\/1715945225_Vous-envisagez-de-vous-joindre-au-pelerinage-eucharistique-national-768x512.jpg 768w\" sizes=\"(max-width: 580px) 100vw, 580px\"><\/p>\n<p>\n<\/p>\n<div>\n<p>Il existe des centaines d&rsquo;opportunit\u00e9s pour les catholiques de se joindre au p\u00e8lerinage eucharistique national pour la messe, l&rsquo;adoration, les processions et autres \u00e9v\u00e9nements.  Cependant, rencontrer par hasard des p\u00e8lerins perp\u00e9tuels le long des quatre itin\u00e9raires peut s&rsquo;av\u00e9rer plus d\u00e9licat, et est m\u00eame interdit sur certaines sections du voyage, selon les responsables du p\u00e8lerinage.<\/p>\n<p>\u00ab\u00a0L&rsquo;un des d\u00e9fis que nous avons rencontr\u00e9s lors de la planification de ce projet est qu&rsquo;il y a juste certaines zones dans lesquelles nous ne pouvons pas avoir le public avec nous, parce que nous allons le conduire \u00e0 cause du temps ou de l&rsquo;impossibilit\u00e9.\u00a0\u00bb a d\u00e9clar\u00e9 Joel Stepanek, vice-pr\u00e9sident de la programmation et de l&rsquo;administration du National Eucharistic Congress, Inc. \u00ab\u00a0Certaines zones sont un peu plus \u00e9troites, et nous ne serions pas \u00e0 l&rsquo;aise d&rsquo;avoir des gens qui nous rejoignent sur certains de ces tron\u00e7ons\u00a0\u00bb en raison des probl\u00e8mes de s\u00e9curit\u00e9 pos\u00e9s par un groupe plus large.<\/p>\n<div class=\"wp-block-image\">\n<figure class=\"alignright size-large is-resized\"><img decoding=\"async\" loading=\"lazy\" src=\"https:\/\/editionsbussiere.com\/blog\/wp-content\/uploads\/2024\/05\/nec-pilgrimage-map.jpg\" alt=\"\" class=\"wp-image-245609\" width=\"537\" height=\"292\" srcset=\"https:\/\/editionsbussiere.com\/blog\/wp-content\/uploads\/2024\/05\/nec-pilgrimage-map.jpg 794w, https:\/\/catholicreview.org\/wp-content\/uploads\/2024\/05\/nec-pilgrimage-map-300x163.jpg 300w, https:\/\/catholicreview.org\/wp-content\/uploads\/2024\/05\/nec-pilgrimage-map-768x418.jpg 768w\" sizes=\"auto, (max-width: 537px) 100vw, 537px\"><figcaption>Il s&rsquo;agit d&rsquo;une carte mise \u00e0 jour montrant les quatre itin\u00e9raires du p\u00e8lerinage eucharistique national jusqu&rsquo;au Congr\u00e8s eucharistique national en 2024. Le p\u00e8lerinage part de quatre points aux \u00c9tats-Unis les 18 et 19 mai et converge huit semaines plus tard \u00e0 Indianapolis pour le congr\u00e8s du 17 au 21 juillet.  (Illustration OSV News\/avec l&rsquo;aimable autorisation du Congr\u00e8s eucharistique national)<\/figcaption><\/figure>\n<\/div>\n<p>Le p\u00e8lerinage eucharistique national fait partie du National Eucharistic Revival, une initiative de trois ans des \u00e9v\u00eaques am\u00e9ricains visant \u00e0 accro\u00eetre l&rsquo;amour et la compr\u00e9hension de la pr\u00e9sence r\u00e9elle de J\u00e9sus-Christ dans l&rsquo;Eucharistie.  Le p\u00e8lerinage eucharistique national est un \u00e9l\u00e9ment majeur du renouveau, avec des itin\u00e9raires de p\u00e8lerinage partant de quatre points aux \u00c9tats-Unis du 18 au 19 mai et convergeant huit semaines plus tard \u00e0 Indianapolis pour le Congr\u00e8s eucharistique national du 17 au 21 juillet.<\/p>\n<p>Les itin\u00e9raires commencent \u00e0 New Haven, Connecticut ;  Brownsville, Texas\u00a0;  San Francisco, Californie;  et le nord du Minnesota.  Chaque itin\u00e9raire sera parcouru par six p\u00e8lerins perp\u00e9tuels qui sont de jeunes adultes s\u00e9lectionn\u00e9s par les dirigeants du congr\u00e8s ;  pr\u00eatres aum\u00f4niers;  et s\u00e9minaristes.  Ils accompagneront l&rsquo;Eucharistie, souvent c\u00e9l\u00e9br\u00e9e dans un ostensoir sp\u00e9cialement con\u00e7u pour le p\u00e8lerinage.<\/p>\n<p>Apr\u00e8s l&rsquo;annonce du p\u00e8lerinage en novembre 2022, les catholiques ont exprim\u00e9 l&rsquo;espoir de rejoindre les p\u00e8lerins pour de longues distances de marche.  Un pr\u00eatre envisageait de grimper avec les p\u00e8lerins de la Route de l&rsquo;Ouest dans les montagnes Rocheuses ;  d&rsquo;autres catholiques ont r\u00e9fl\u00e9chi \u00e0 des strat\u00e9gies pour marcher et camper le long des routes pendant des jours \u00e0 travers le Midwest.  D\u00e8s le d\u00e9but, les responsables du p\u00e8lerinage ont soulign\u00e9 que les \u00ab p\u00e8lerins d\u2019un jour \u00bb rejoignant le p\u00e8lerinage sur n\u2019importe quel tron\u00e7on \u00e9taient responsables de leur propre nourriture, de leur eau et de leur h\u00e9bergement pour la nuit.<\/p>\n<p>Cependant, \u00e0 mesure que le p\u00e8lerinage se d\u00e9veloppait, la n\u00e9cessit\u00e9 logistique pour les p\u00e8lerins de se d\u00e9placer en voiture entre certains sites ou de limiter le nombre de personnes marchant dans certaines zones est devenue plus prononc\u00e9e, a expliqu\u00e9 Stepanek.  Dans la plupart des cas, il n\u2019\u00e9tait pas possible pour les gens de se joindre aux p\u00e8lerins perp\u00e9tuels pendant plusieurs jours ou semaines.<\/p>\n<p>\u00ab\u00a0Chaque fois qu&rsquo;il y a quelque chose qui n&rsquo;a jamais \u00e9t\u00e9 fait auparavant, cela \u00e9volue au fur et \u00e0 mesure que nous progressons dans la planification, la logistique et ce qui est possible\u00a0\u00bb, a d\u00e9clar\u00e9 Stepanek \u00e0 OSV News.  \u00ab Depuis sa cr\u00e9ation il y a deux ans, de nombreux petits ajustements et \u00e9volutions ont \u00e9t\u00e9 apport\u00e9s qui l&rsquo;ont rendu plus accessible tout en conservant l&rsquo;id\u00e9e de \u00ab venez vous joindre au p\u00e8lerinage \u00bb.<\/p>\n<p>Alors que les p\u00e8lerins perp\u00e9tuels se dirigent vers Indianapolis, ils pr\u00e9voient de s&rsquo;arr\u00eater pour prier et d&rsquo;autres \u00e9v\u00e9nements sur des sites catholiques et la\u00efcs.  A New York, les p\u00e8lerins s&rsquo;arr\u00eatent au sanctuaire St. Frances Cabrini.  Certains arr\u00eats durent moins d\u2019une heure, tandis que d\u2019autres peuvent s\u2019\u00e9tendre sur une journ\u00e9e ou plus.  Les \u00e9v\u00e9nements pour chaque itin\u00e9raire, ainsi qu\u2019une carte interactive, se trouvent sur eucharisticpilgrimage.org.<\/p>\n<p>\u00ab\u00a0L&rsquo;une des choses vraiment uniques qui ont \u00e9volu\u00e9 avec les dioc\u00e8ses et les paroisses est qu&rsquo;il y a tellement d&rsquo;\u00e9v\u00e9nements publics qui se d\u00e9roulent le long du parcours\u00a0\u00bb, a d\u00e9clar\u00e9 Stepanek.  \u00ab Alors que je pense qu&rsquo;au d\u00e9but, c&rsquo;\u00e9tait comme si, oui, les gens allaient marcher et \u00ab rejoignez-nous, marchez le long de cette route \u00bb, a \u00e9volu\u00e9 vers \u00ab h\u00e9, nous allons \u00eatre dans cette paroisse \u00bb.  \u2026 Il y a une v\u00e9ritable sensation de base dans tout cela.<\/p>\n<p>Ces d\u00e9veloppements, a-t-il d\u00e9clar\u00e9, \u00ab r\u00e9pondent au besoin d\u2019\u00e9v\u00e9nements publics auxquels tout le monde peut participer \u00bb, y compris les personnes \u00e2g\u00e9es, les familles avec de jeunes enfants ou les personnes \u00e0 mobilit\u00e9 r\u00e9duite.<\/p>\n<p>Cependant, \u00ab il existe encore de nombreux endroits le long de chacun des itin\u00e9raires o\u00f9 les gens peuvent marcher publiquement et accompagner les p\u00e8lerins sur plusieurs kilom\u00e8tres dans diff\u00e9rentes zones.  Cela existe toujours \u00bb, a d\u00e9clar\u00e9 Stepanek.<\/p>\n<p>Le site Internet du p\u00e8lerinage demande l&rsquo;inscription pour chaque \u00e9v\u00e9nement le long du parcours, et cet enregistrement est essentiel pour les personnes souhaitant marcher avec les p\u00e8lerins pendant ou en dehors des \u00e9v\u00e9nements programm\u00e9s, a-t-il d\u00e9clar\u00e9.<\/p>\n<p>\u00c9tant donn\u00e9 que les itin\u00e9raires peuvent changer en raison des conditions m\u00e9t\u00e9orologiques ou de la s\u00e9curit\u00e9, le site Web du p\u00e8lerinage n&rsquo;indique pas les routes que les p\u00e8lerins envisagent d&#8217;emprunter entre les \u00e9v\u00e9nements, a-t-il expliqu\u00e9.<\/p>\n<p>\u00ab Lorsque les gens s&rsquo;inscrivent \u00e0 un \u00e9v\u00e9nement et s&rsquo;inscrivent, nous recevons une s\u00e9rie d&rsquo;e-mails qui leur donnent des informations sur l&rsquo;endroit o\u00f9 le p\u00e8lerinage aura lieu dans leur r\u00e9gion.  Ces informations seront un peu plus claires sur les itin\u00e9raires particuliers emprunt\u00e9s par les gens et sur les endroits o\u00f9 ils pourront se promener ce jour-l\u00e0 \u00bb, a d\u00e9clar\u00e9 Stepanek.<\/p>\n<p>Notamment, un groupe pr\u00e9voit de parcourir la route orientale du p\u00e8lerinage, de New Haven \u00e0 Indianapolis, aux c\u00f4t\u00e9s des p\u00e8lerins perp\u00e9tuels.  Avec l&rsquo;aide du P\u00e8re Roger Landry, pr\u00eatre aum\u00f4nier de la route St. Elizabeth Ann Seton du p\u00e8lerinage, quatre religieuses des Filles de Marie, M\u00e8re de l&rsquo;Amour Gu\u00e9risseur ont trouv\u00e9 un camion, un chauffeur et une caravane de camping pour que cela se r\u00e9alise.<\/p>\n<p>\u00ab Ils ne font pas partie du groupe officiel du p\u00e8lerinage.  C&rsquo;est juste un de ces groupes qui ont dit : \u00ab H\u00e9, nous venons avec vous \u00bb.  Ils ont fait toute leur propre planification logistique pour cela \u00bb, a d\u00e9clar\u00e9 Stepanek.<\/p>\n<p>Au moins un s\u00e9minariste pr\u00e9voit \u00e9galement de rejoindre chaque itin\u00e9raire, a-t-il d\u00e9clar\u00e9.<\/p>\n<p>Alors que les quatre itin\u00e9raires incluent des moments que les organisateurs s&rsquo;attendent \u00e0 \u00eatre visuellement \u00e9poustouflants, comme les p\u00e8lerins traversant le Golden Gate Bridge de San Francisco ou accompagnant les \u00e9v\u00eaques pour b\u00e9nir les sources du Mississippi dans le nord du Minnesota \u2013 qui ont tous deux lieu le 19 mai \u2013 Stepanek s&rsquo;attend \u00e0 ce que les plus grands moments du p\u00e8lerinage soient \u00eatre les petites rencontres, m\u00eame cach\u00e9es, entre les personnes et l&rsquo;Eucharistie.<\/p>\n<p>\u00ab Une grande partie de ce que j&rsquo;attends avec impatience, ce sont les \u00ab moments interm\u00e9diaires \u00bb \u00bb, a-t-il d\u00e9clar\u00e9.  \u00ab Je pense que les choses les plus puissantes vont se produire l\u00e0 o\u00f9 nous ne nous y attendons pas, et je suis enthousiasm\u00e9 par les rencontres fortuites et par la travers\u00e9e des petites villes rurales.  \u2026 Je pense simplement que le Seigneur va se manifester de mani\u00e8re importante dans tous ces endroits.<\/p>\n<p><em>Les \u00e9v\u00e9nements pour chaque itin\u00e9raire, ainsi qu&rsquo;une carte interactive et l&rsquo;inscription, sont disponibles sur <\/em><\/p>\n<section class=\"ab-block-post-grid featuredpost aligncenter\">\n<h2 class=\"ab-post-grid-section-title\">Lire la suite Eucharistie<\/h2>\n<\/section>\n<p class=\"post-copyright\">Copyright \u00a9 2024 OSV Actualit\u00e9s<\/p>\n<p class=\"print-friendly\"><img decoding=\"async\" class=\"WP-PrintIcon\" src=\"https:\/\/editionsbussiere.com\/blog\/wp-content\/uploads\/2024\/05\/printer_famfamfam-3.gif\" alt=\"Imprimer\" title=\"Imprimer\" style=\"border: 0px;\"> Imprimer<\/p>\n<p>\t\t\t<!--<rdf:RDF xmlns:rdf=\"http:\/\/www.w3.org\/1999\/02\/22-rdf-syntax-ns#\"\n\t\t\txmlns:dc=\"http:\/\/purl.org\/dc\/elements\/1.1\/\"\n\t\t\txmlns:trackback=\"http:\/\/madskills.com\/public\/xml\/rss\/module\/trackback\/\">\n\t\t<rdf:Description rdf:about=\"https:\/\/catholicreview.org\/planning-to-join-up-with-the-national-eucharistic-pilgrimage-heres-what-you-need-to-know\/\"\n    dc:identifier=\"https:\/\/catholicreview.org\/planning-to-join-up-with-the-national-eucharistic-pilgrimage-heres-what-you-need-to-know\/\"\n    dc:title=\"Planning to join up with the National Eucharistic Pilgrimage? Here&#8217;s what you need to know\"\n    trackback:ping=\"https:\/\/catholicreview.org\/planning-to-join-up-with-the-national-eucharistic-pilgrimage-heres-what-you-need-to-know\/trackback\/\" \/>\n<\/rdf:RDF>-->\n<\/p>\n<\/div>\n<h2>Un moment de communion personnelle pour nous connecter avec Dieu. <\/h2>\n<p>Bien-aim\u00e9 P\u00e8re divin, j\u2019arrive face \u00e0 toi pour te rendre gr\u00e2ce \u00e0 cause de cette fra\u00eeche journ\u00e9e. Je te glorifie en raison de ton amour et ta fid\u00e9lit\u00e9 envers moi. Je t\u2019implore de me remplir par ta pr\u00e9sence et de me donner la gr\u00e2ce de ressentir pr\u00e8s de moi tout au long de cette journ\u00e9e. Je d\u00e9pose entre tes mains toutes mes inqui\u00e9tudes, mes all\u00e9gresses, mes chagrins, mes envies et mes attentes. Puisses ton Esprit Saint illumine mon esprit et fortifie ma foi, pour que je puisse cheminer dans tes voies et effectuer ta volont\u00e9. Donne-moi la gr\u00e2ce de mener selon la compassion qui tu nous as enseign\u00e9 l\u2019exemple \u00e0 travers ton Fils ch\u00e9ri, J\u00e9sus-Christ.<\/p>\n<h3> Note \u00e0 propos de compr\u00e9hension : <\/h3>\n<p>La pri\u00e8re nous entra\u00eene dans le myst\u00e8re de le famille sacr\u00e9e, dans laquelle Dieu le Cr\u00e9ateur nous prend tel ses fils et filles bien-aim\u00e9s. Au sein de ce lien familial, nous trouvons la force ainsi que la consolation pour affronter les d\u00e9fis du. Elle nous rem\u00e9more les paroles de l\u2019ap\u00f4tre Pierre, lequel incite les disciples du Christ \u00e0 rester fermes dans leur foi, m\u00eame face \u00e0 au c\u0153ur des temp\u00eates de la vie.<\/p>\n<h3>\nRenforcer notre relation avec J\u00e9sus d\u00e8s chaque matin<\/h3>\n<p>Nous avons la possibilit\u00e9 de ruminer \u00e0 propos de l\u2019un des diff\u00e9rents \u00e9vangiles afin de nous relier avec J\u00e9sus. Par exemple :<\/p>\n<h3>Jean 15, 9-17 : <\/h3>\n<p>\u00ab\u00a0Comme le P\u00e8re m\u2019a aim\u00e9, je vous ai aussi aim\u00e9s. Demeurez dans mon amour. Si vous gardez mes commandements, vous demeurerez dans mon amour, de m\u00eame que j\u2019ai gard\u00e9 les commandements de mon P\u00e8re et que je demeure dans son amour. Je vous ai dit ces choses, afin que ma joie soit en vous, et que votre joie soit parfaite.\u00a0\u00bb<\/p>\n<h2> Demander indulgence \u00e0 Dieu pour nos p\u00e9ch\u00e9s <\/h2>\n<p>Dieu J\u00e9sus, j\u2019arrive te implorer de pardonner mes propres p\u00e9ch\u00e9s. Je reconnais que je ne suis pas irr\u00e9prochable et que j\u2019ai besoin de ta sainte mis\u00e9ricorde. Je te demande de me d\u00e9livrer de chaque ce qui me \u00e9loigne de toi et de me octroyer la gr\u00e2ce pour vivre en conformit\u00e9 avec ta volont\u00e9. Que ta b\u00e9n\u00e9diction c\u00e9leste dissipe les recoins les plus sombres de mon c\u0153ur, purifiant ma personne et me conduisant sur la voie de la saintet\u00e9. Amen.<\/p>\n<h3> Discussion en le Seigneur comme parler avec un ami. <\/h3>\n<p>Nous avons la possibilit\u00e9 de parler avec Dieu de la m\u00eame mani\u00e8re que \u00e0 un ami fid\u00e8le, l\u2019\u00c9ternel confier nos joies et nos peines, lui demander de l\u2019aide dans nos d\u00e9fis quotidiens. Par exemple : Ma\u00eetre, b\u00e9n\u00e9diction \u00e0 cause de cette nouvelle journ\u00e9e. Je m\u2019approche te supplier de \u00e0 \u00eatre patient envers mes enfants et \u00e0 me donner la puissance de surmonter aux d\u00e9fis de la journ\u00e9e. Je te recommande mes projets et mes soucis, et je te demande de me indiquer de quelle mani\u00e8re je ai la capacit\u00e9 de te rendre service et t\u2019honorer aujourd\u2019hui. Accorde-moi, \u00f4 Seigneur, ta sagesse afin de prendre les bonnes d\u00e9cisions et ta gr\u00e2ce pour traverser les \u00e9preuves avec foi. Amen.<\/p>\n<h3> Un moment de calme pour \u00e9couter Dieu. <\/h3>\n<p>Apr\u00e8s la pri\u00e8re et une m\u00e9ditation, il est crucial de prendre un moment de silence en vue de \u00e9couter la voix de Dieu dans nos propres c\u0153urs. Dans ce silence, il nous ressentir sa pr\u00e9sence sereine et recevoir ses inspirations en vue de la journ\u00e9e qui se.<\/p>\n<h3> Se diriger vers le Christ en vue de d\u00e9couvrir une paix int\u00e9rieure. <\/h3>\n<p>Nous avons la possibilit\u00e9 de prier J\u00e9sus de nous donner sa paix et de nous soutenir pour \u00e9couter sa parole. Par exemple :<br \/>\nSeigneur J\u00e9sus, je viens te prier de remplir mon propre c\u0153ur par ta tendresse. Je te demande de me d\u00e9livrer de chaque pens\u00e9es et les diverses inqui\u00e9tudes m\u2019ennuient. Aide-moi en vue de \u00e9couter ta parole et en vue de la mettre en pratique dans ma vie. Que ton Esprit Saint, \u00f4 Christ, soit ma force tout au long de cette journ\u00e9e. Amen.<\/p>\n<h3> Achever notre pri\u00e8re matinale en offrant notre journ\u00e9e \u00e0 Dieu. <\/h3>\n<p>Nous avons la capacit\u00e9 d\u2019offrir notre journ\u00e9e envers Dieu m\u00eame lui demander afin de la remplir de sa pr\u00e9sence et aussi de sa b\u00e9n\u00e9diction. Par exemple :<br \/>\nSeigneur, nous te confie cette journ\u00e9e entre vos mains. Que toutes de mes pas soit dirig\u00e9 par ta sagesse, que chacune de mes paroles soit inspir\u00e9e par ton amour. Que toutes mes actions soient accomplies selon ta divine volont\u00e9, pour ta gloire et l\u2019ensemble des bien. Que ton lumi\u00e8re \u00e9claire ma route ainsi que que tu habites mon c\u0153ur. Amen.<\/p>\n<h3> Invocation d\u2019intercession matinale. <\/h3>\n<p>La supplication du matin consiste \u00e0 solliciter pour les besoins de nos chr\u00e9tiennes et de nos chr\u00e9tiens. Nous pouvons prier pour les personnes dans le besoin, pour les malades, pour les personnes qui souffrent, pour les personnes qui sont confront\u00e9es \u00e0 des difficult\u00e9s, pour les personnes d\u00e9courag\u00e9es et pour les personnes qui dans l\u2019erreur.<\/p>\n<h3> Prier afin de chacun individus dans le besoin. <\/p>\n<h3>\n<\/h3>\n<\/h3>\n<p>Divin, dans ta grande mis\u00e9ricorde, je te demandons afin de toutes personnes qui traversent de difficult\u00e9s financi\u00e8res. Que vous leur accordes la force ainsi que la pers\u00e9v\u00e9rance afin de surmonter ces \u00e9preuves, et que tu leur apportes les ressources n\u00e9cessaires afin de subvenir \u00e0 l\u2019ensemble de leurs besoins. Accorde-leur, \u00f4, ta providence pour guider leur pas dans l\u2019obscurit\u00e9 de leurs soucis financiers.<\/p>\n<p>Nous autres te implorons \u00e9galement afin de l\u2019ensemble des personnes qui luttent vis-\u00e0-vis de des probl\u00e8mes de sant\u00e9. Que ta main puissante se pose sur elles, Seigneur, pour les gu\u00e9rir et les r\u00e9conforter dans leur douleur. Accorde-leur, Dieu Tout-Puissant, la force et le courage de faire face \u00e0 leurs d\u00e9fis de sant\u00e9 en ayant confiance en sa divine providence.<\/p>\n<p>Nous te prions encore afin de l\u2019ensemble des personnes qui sont confront\u00e9es \u00e0 d\u2019innombrables difficult\u00e9s dans leur vie, quelle que soit ce soit sur le domaine professionnel, relationnel ou \u00e9motionnel. Que ta gr\u00e2ce, Seigneur, soit leur soutien ainsi que leur r\u00e9confort dans ces moments d\u2019\u00e9preuve. Accorde-leur, \u00f4, ton Esprit Saint pour \u00e9clairer leur chemin ainsi que les guider vers la s\u00e9r\u00e9nit\u00e9.<\/p>\n<p>Enfin, nous vous prions pour toutes personnes qui sont sans-abri, les personnes qui sont marginalis\u00e9es ainsi que exclues de la soci\u00e9t\u00e9. Que votre mis\u00e9ricorde, Seigneur, se r\u00e9pande sur elles comme une certaine douce ros\u00e9e, leur apportant r\u00e9confort ainsi que espoir dans leur d\u00e9tresse. Accorde-leur, Grand, des mains g\u00e9n\u00e9reuses en vue de les aider et des c\u0153urs compatissants en vue de les accueillir dans leur communaut\u00e9.<\/p>\n<h3> explication sur la fameuse pri\u00e8re du matin. <\/h3>\n<p>Dans la pri\u00e8re, nous tournons nos c\u0153urs \u00e0 l\u2019\u00e9gard de le Ciel, implorant la lumi\u00e8re de Dieu pour guider nos chemins obscurs. Marie, notre m\u00e8re, nous accompagne dans ce voyage, nous instruisant \u00e0 ruminer sur les myst\u00e8res de la vie de son divin enfant. Elle nous conduit \u00e0 J\u00e9sus, le rayon du monde, qui illumine nos t\u00e9n\u00e8bres et nous oriente vers la v\u00e9rit\u00e9.<br \/>\nLa pri\u00e8re nous relie aussi \u00e0 notre famille c\u00e9leste, la famille des croyants, o\u00f9 nous \u00e9changeons nos joies et nos peines, nos attentes et nos inqui\u00e9tudes. Collectivement, nous formons le corps du Christ, appel\u00e9s \u00e0 attester de son charit\u00e9. Par nos supplications, nous interc\u00e9dons pour les exigences des chr\u00e9tiennes et des croyants, donnant notre charit\u00e9 et notre piti\u00e9 \u00e0 ceux qui \u00e9prouvent.<br \/>\nUnissons-nous dans la pri\u00e8re du matin, dans l\u2019unit\u00e9 de notre confiance, en nous tournant vers Marie, la m\u00e8re de notre Seigneur J\u00e9sus-Christ. Au sein de notre monde tourment\u00e9 par la guerre et la division, recourons \u00e0 la pri\u00e8re comme un moyen de retrouver la s\u00e9r\u00e9nit\u00e9 et l\u2019harmonie. Les catholiques du monde entier peuvent faire d\u00e9poser une sollicitation pour la Sainte Vierge <a target=\"_blank\" rel=\"nofollow\" href=\"https:\/\/editionsbussiere.com\/blog\/goto\/https:\/\/www.avemariasound.org\/\" >en utilisant le formulaire de cette page.<\/a> Que nos supplications s\u2019\u00e9l\u00e8vent vers le ciel, comme une offrande agr\u00e9able par Dieu, afin qu\u2019il guide \u00e9clairer nos pas sur le chemin de la v\u00e9rit\u00e9 et de la justice. Saint Paul nous dans ses \u00e9p\u00eetres \u00e0 maintenir une pri\u00e8re incessante, quelle que soit la situation, afin que notre communion avec Dieu soit solide et ardente. La pri\u00e8re, lorsqu\u2019elle est offerte sinc\u00e8rement, poss\u00e8de la capacit\u00e9 de transformer les c\u0153urs et de modifier le destin de l\u2019histoire.<\/p>\n<h2> \u00c9lever nos proches pri\u00e8res pour notre entourage au Seigneur matin.<\/h2>\n<p>La derni\u00e8re section de la pri\u00e8re du matin consiste \u00e0 prier pour nos proches familles, notre propre famille, nos connaissances et notre propre communaut\u00e9. Nous pouvons prier pour leur, leur sant\u00e9, leur s\u00e9curit\u00e9, et leur prosp\u00e9rit\u00e9. Nous pouvons \u00e9galement prier pour nos d\u00e9tracteurs et pour ces individus qui nous ont offens\u00e9s, et demander \u00e0 Dieu de nous aider \u00e0 leur propre pardonner et \u00e0 leur montrer la compassion.<\/p>\n<h3> Implorer pour la condition physique et la s\u00fbret\u00e9 de nos \u00eatres chers.<\/h3>\n<p>Seigneur, nous tous te confions nos proches, nos familles avec nos amis. Garde, \u00d4 Dieu, sur eux, ainsi que pr\u00e9serve -les de tout danger et de toute maladie. Accorde, Dieu mis\u00e9ricordieux, la bien-\u00eatre du corps et de l\u2019esprit \u00e0 eux, et aussi la paix au sein de leur c\u0153ur. Puissante soit la volont\u00e9 pour que ta main forte les \u00e2mes prot\u00e8ge ainsi que les individus guide chacun au long de cette journ\u00e9e, afin qu\u2019ils jouissent dans la tranquillit\u00e9 ainsi que la qui\u00e9tude.<\/p>\n<p>Nous autres vers toi prions pareillement pour nos propres enfants, Dieu, qu\u2019ils grandissent dans leur foi et dans l\u2019amour de ton saint nom. Donne, cher Dieu, la sagesse avec la vigueur n\u00e9cessaires en vue de affronter les d\u00e9fis de la vie, et aussi conduise leurs pas le long de le chemin de la v\u00e9rit\u00e9 et aussi de la justice.<\/p>\n<p>Enfin, nous autres te prions pour nos amis et nos voisins, Seigneur, afin qu\u2019ils exp\u00e9rimentent la joie de ton amour avec la paix de ton pardon. Donne-leur, \u00f4 Dieu, des c\u0153urs pleins de g\u00e9n\u00e9rosit\u00e9 afin de partager avec ceux que dans le besoin, et des ouvertes afin de accueillir ceux qui sont seuls et aussi abandonn\u00e9s.<\/p>\n<h3> Prier pour les n\u00f4tres ennemis et ceux que nous ont offens\u00e9s. <\/h3>\n<p>Seigneur, le Christ, nous t\u2019 prions pour les n\u00f4tres ennemis et aussi pour ceux qui sont nous ont offens\u00e9s. Accorde-leur, \u00f4 J\u00e9sus, ta mis\u00e9ricorde et aussi votre pardon, et ouvre leur c\u0153ur \u00e0 la lumi\u00e8re des ta v\u00e9rit\u00e9. Aide-nous, Seigneur, \u00e0 leur montrer de la compassion et \u00e0 leur pardonner comme tu nous-m\u00eames as pardonn\u00e9. Que votre paix r\u00e8gne dans nos c\u0153urs et que votre amour guide les n\u00f4tres actions, pour que nous puissions vivre en harmonie avec tous ceux qui sont nous autres entourent.<\/p>\n<h3> Appr\u00e9hender la pri\u00e8re : <\/h3>\n<p>En conclusion, l\u2019 oraison nous reconna\u00eet notre mission tel que prog\u00e9niture de Dieu : se trouver des t\u00e9moins de sa clart\u00e9 et de son amour dans l\u2019 \u00e9poque touch\u00e9e aux obscurit\u00e9s. \u00c0 travers notre paroles et notre \u0153uvres, nous r\u00e9pandons l\u2019\u00c9vangile de la tranquillit\u00e9 et de la rapprochement, amenant l\u2019attente et la gu\u00e9rison \u00e0 un environnement bris\u00e9.<\/p>\n<p>Au sein de la spiritualit\u00e9 chr\u00e9tienne, l\u2019 matin porte une valeur sp\u00e9ciale, symbolisant le rafra\u00eechissement et la r\u00e9g\u00e9n\u00e9ration int\u00e9rieure. C\u2019est \u00e0 l\u2019aube de chaque jour que le c\u0153ur se oriente vers le Seigneur dans la pri\u00e8re, recherchant \u00e0 devenir \u00e9clair\u00e9e par la lumi\u00e8re divine. La coutume des pri\u00e8res matinales est profond\u00e9ment enracin\u00e9e dans la tradition chr\u00e9tienne, fournissant un moment particulier pour \u00e9tablir une connexion avec Dieu et se pr\u00e9parer mentalement aux d\u00e9fis de la journ\u00e9e \u00e0 venir.<\/p>\n<p>Au au c\u0153ur au sein de ces oraisons matinales s\u2019 observe souvent une d\u00e9votion distincte \u00e0 l\u2019\u00e9gard de Marie, maman m\u00e8re de J\u00e9sus et personnage sainte v\u00e9n\u00e9r\u00e9e par de nombreux fid\u00e8les. En tant d\u2019 intercesseur entre les hommes et Dieu, Marie reste pri\u00e9e pour intervenir en notre faveur, nous guidant sur le chemin de la saintet\u00e9 et de la gr\u00e2ce divine. Sa pr\u00e9sence maternelle fournit apaisement et protection, entourant nos pri\u00e8res matinales d\u2019une d\u00e9licatesse c\u00e9leste.<\/p>\n<p>\u00c0 par les pri\u00e8res du matin, nous sommes appel\u00e9s \u00e0 se joindre \u00e0 Marie dans une approche pour sanctification personnelle. Dans m\u00e9ditant sur la vie et ses vertus, nous recherchons \u00e0 imiter son humilit\u00e9, la puret\u00e9 et son ob\u00e9issance \u00e0 l\u2019 volont\u00e9 du Dieu. \u00c0 travers sa saintet\u00e9 parfaite, Marie se transforme en en nous un mod\u00e8le de vie chr\u00e9tienne, on souvenant l\u2019importance de la pri\u00e8re et de la contemplation dans nos cheminement spirituel.<\/p>\n<p>La r\u00e9citation du matin est ainsi un moment privil\u00e9gi\u00e9 pour se consacrer \u00e0 Dieu avec l\u2019intercession de Marie, en offrant nos acclamations, nos reconnaissances et nos intentions les plus intimes. \u00c0 travers la qui\u00e9tude du l\u2019aurore, nous sommes invit\u00e9s pour tourner \u00e0 la m\u00e8re sacr\u00e9e, laquelle nous guide avec douceur au sujet de le chemin du la foi et du sentiment amoureux divin. En unissant nos voix \u00e0 cette derni\u00e8re de Marie, on \u00e9levons notre pri\u00e8res matinales vers le tr\u00f4ne du du don divin, s\u00fbrs que notre supplications seront entendues et accueillies par du c\u0153ur mis\u00e9ricordieux de Dieu.<\/p>\n<p>Lecture:<\/p>\n<p>S\u00e9bastopol\/2\/Chapitre6.,<a target=\"_blank\" rel=\"nofollow\" href=\"https:\/\/editionsbussiere.com\/blog\/goto\/https:\/\/fr.wikisource.org\/wiki\/S%C3%A9bastopol\/2\/Chapitre6\"  target=\"_blank\" rel=\"noopener noreferrer nofollow\">Ici.<\/a><span><\/span><\/p>\n<p>Livre de pri\u00e8res, 1852\/Pri\u00e8res diverses (vie).,<a target=\"_blank\" rel=\"nofollow\" href=\"https:\/\/editionsbussiere.com\/blog\/goto\/https:\/\/fr.wikisource.org\/wiki\/Livre_de_pri%C3%A8res,_1852\/Pri%C3%A8res_diverses_(vie)\"  target=\"_blank\" rel=\"noopener noreferrer nofollow\">Ici.<\/a><span><\/span><\/p>\n<p>Les Fianc\u00e9s (Manzoni 1840)\/36.,<a target=\"_blank\" rel=\"nofollow\" href=\"https:\/\/editionsbussiere.com\/blog\/goto\/https:\/\/fr.wikisource.org\/wiki\/Les_Fianc%C3%A9s_(Manzoni_1840)\/36\"  target=\"_blank\" rel=\"noopener noreferrer nofollow\">Cliquer ICI.<\/a><span><\/span><\/p>\n<p>Le Croyant\/LII.,<a target=\"_blank\" rel=\"nofollow\" href=\"https:\/\/editionsbussiere.com\/blog\/goto\/https:\/\/fr.wikisource.org\/wiki\/Le_Croyant\/LII\"  target=\"_blank\" rel=\"noopener noreferrer nofollow\">Le texte de l\u2019article.<\/a><span><\/span><\/p>\n<p>L\u00e9gendes chr\u00e9tiennes\/La fille de mauvaise r\u00e9putation qui alla au paradis.,<a target=\"_blank\" rel=\"nofollow\" href=\"https:\/\/editionsbussiere.com\/blog\/goto\/https:\/\/fr.wikisource.org\/wiki\/L%C3%A9gendes_chr%C3%A9tiennes\/La_fille_de_mauvaise_r%C3%A9putation_qui_alla_au_paradis\"  target=\"_blank\" rel=\"noopener noreferrer nofollow\">Le dossier.<\/a><span><\/span>. Suite sur le prochain article.<\/p>\n<p>\u0152uvres compl\u00e8tes de Fr\u00e9d\u00e9ric Ozanam, 3e \u00e9dition\/Volume 05\/7\/32.,<a target=\"_blank\" rel=\"nofollow\" href=\"https:\/\/editionsbussiere.com\/blog\/goto\/https:\/\/fr.wikisource.org\/wiki\/%C5%92uvres_compl%C3%A8tes_de_Fr%C3%A9d%C3%A9ric_Ozanam,_3e_%C3%A9dition\/Volume_05\/7\/32\"  target=\"_blank\" rel=\"noopener noreferrer nofollow\">Le dossier.<\/a><span><\/span>. Suite sur le prochain article.<\/p>\n<\/div>\n<p><img decoding=\"async\" class=\"wpe_imgrss\" src=\"https:\/\/editionsbussiere.com\/blog\/wp-content\/uploads\/2024\/05\/1715945225_Vous-envisagez-de-vous-joindre-au-pelerinage-eucharistique-national.jpg\">Cet article a \u00e9t\u00e9 reconstitu\u00e9 du mieux possible. Dans l\u2019hypoth\u00e8se o\u00f9 vous souhaitez apporter quelques modifications concernant le th\u00e8me \u00ab\u00a0Editions \u00e9sot\u00e9rique fond\u00e9e en 1927\u00a0\u00bb, il est possible de discuter avec notre r\u00e9daction. Vous pouvez tirer profit de cet article traitant le sujet \u00ab\u00a0Editions \u00e9sot\u00e9rique fond\u00e9e en 1927\u00a0\u00bb. Il est concoct\u00e9 par l\u2019\u00e9quipe editionsbussiere.com. Le site editionsbussiere.com est fait pour cr\u00e9er divers posts autour du th\u00e8me Editions \u00e9sot\u00e9rique fond\u00e9e en 1927 d\u00e9velopp\u00e9es sur internet. Consultez notre site internet editionsbussiere.com et nos r\u00e9seaux sociaux pour \u00eatre au courant des futures annonces.<\/p>\n","protected":false},"excerpt":{"rendered":"<p>Il existe des centaines d&rsquo;opportunit\u00e9s pour les catholiques de se joindre au p\u00e8lerinage eucharistique national pour la messe, l&rsquo;adoration, les processions et autres \u00e9v\u00e9nements. Cependant, rencontrer par hasard des p\u00e8lerins perp\u00e9tuels le long des quatre itin\u00e9raires peut s&rsquo;av\u00e9rer plus d\u00e9licat, et est m\u00eame interdit sur certaines sections du voyage, selon les responsables du p\u00e8lerinage. \u00ab\u00a0L&rsquo;un [&hellip;]<\/p>\n","protected":false},"author":3,"featured_media":592,"comment_status":"closed","ping_status":"closed","sticky":false,"template":"","format":"standard","meta":{"footnotes":""},"categories":[3],"tags":[],"class_list":["post-591","post","type-post","status-publish","format-standard","has-post-thumbnail","hentry","category-editions-esoterique-fondee-en-1927-depeches","entry","fw-tab-6 fw-tabr-4","has-featured-image"],"yoast_head":"<!-- This site is optimized with the Yoast SEO plugin v27.5 - https:\/\/yoast.com\/product\/yoast-seo-wordpress\/ -->\n<title>Vous envisagez de vous joindre au p\u00e8lerinage eucharistique national ? Voici ce que vous devez savoir avec une pri\u00e8re en d\u00e9but de journ\u00e9e. - EDITIONSBUSSIERE<\/title>\n<meta name=\"robots\" content=\"index, follow, max-snippet:-1, max-image-preview:large, max-video-preview:-1\" \/>\n<link rel=\"canonical\" href=\"https:\/\/editionsbussiere.com\/blog\/vous-envisagez-de-vous-joindre-au-pelerinage-eucharistique-national-voici-ce-que-vous-devez-savoir-avec-une-priere-en-debut-de-journee\/\" \/>\n<meta property=\"og:locale\" content=\"fr_FR\" \/>\n<meta property=\"og:type\" content=\"article\" \/>\n<meta property=\"og:title\" content=\"Vous envisagez de vous joindre au p\u00e8lerinage eucharistique national ? Voici ce que vous devez savoir avec une pri\u00e8re en d\u00e9but de journ\u00e9e. - EDITIONSBUSSIERE\" \/>\n<meta property=\"og:description\" content=\"Il existe des centaines d&rsquo;opportunit\u00e9s pour les catholiques de se joindre au p\u00e8lerinage eucharistique national pour la messe, l&rsquo;adoration, les processions et autres \u00e9v\u00e9nements. Cependant, rencontrer par hasard des p\u00e8lerins perp\u00e9tuels le long des quatre itin\u00e9raires peut s&rsquo;av\u00e9rer plus d\u00e9licat, et est m\u00eame interdit sur certaines sections du voyage, selon les responsables du p\u00e8lerinage. \u00ab\u00a0L&rsquo;un [&hellip;]\" \/>\n<meta property=\"og:url\" content=\"https:\/\/editionsbussiere.com\/blog\/vous-envisagez-de-vous-joindre-au-pelerinage-eucharistique-national-voici-ce-que-vous-devez-savoir-avec-une-priere-en-debut-de-journee\/\" \/>\n<meta property=\"og:site_name\" content=\"EDITIONSBUSSIERE\" \/>\n<meta property=\"article:published_time\" content=\"2024-05-17T13:01:25+00:00\" \/>\n<meta property=\"og:image\" content=\"https:\/\/editionsbussiere.com\/blog\/wp-content\/uploads\/2024\/05\/1715945225_Vous-envisagez-de-vous-joindre-au-pelerinage-eucharistique-national.jpg\" \/>\n<meta name=\"author\" content=\"Marie BATICLE\" \/>\n<meta name=\"twitter:card\" content=\"summary_large_image\" \/>\n<meta name=\"twitter:label1\" content=\"\u00c9crit par\" \/>\n\t<meta name=\"twitter:data1\" content=\"Marie BATICLE\" \/>\n\t<meta name=\"twitter:label2\" content=\"Dur\u00e9e de lecture estim\u00e9e\" \/>\n\t<meta name=\"twitter:data2\" content=\"19 minutes\" \/>\n<script type=\"application\/ld+json\" class=\"yoast-schema-graph\">{\"@context\":\"https:\\\/\\\/schema.org\",\"@graph\":[{\"@type\":\"Article\",\"@id\":\"https:\\\/\\\/editionsbussiere.com\\\/blog\\\/vous-envisagez-de-vous-joindre-au-pelerinage-eucharistique-national-voici-ce-que-vous-devez-savoir-avec-une-priere-en-debut-de-journee\\\/#article\",\"isPartOf\":{\"@id\":\"https:\\\/\\\/editionsbussiere.com\\\/blog\\\/vous-envisagez-de-vous-joindre-au-pelerinage-eucharistique-national-voici-ce-que-vous-devez-savoir-avec-une-priere-en-debut-de-journee\\\/\"},\"author\":{\"name\":\"Marie BATICLE\",\"@id\":\"https:\\\/\\\/editionsbussiere.com\\\/blog\\\/#\\\/schema\\\/person\\\/ec90e102792148c97e46ab871010dd8f\"},\"headline\":\"Vous envisagez de vous joindre au p\u00e8lerinage eucharistique national ? Voici ce que vous devez savoir avec une pri\u00e8re en d\u00e9but de journ\u00e9e.\",\"datePublished\":\"2024-05-17T13:01:25+00:00\",\"mainEntityOfPage\":{\"@id\":\"https:\\\/\\\/editionsbussiere.com\\\/blog\\\/vous-envisagez-de-vous-joindre-au-pelerinage-eucharistique-national-voici-ce-que-vous-devez-savoir-avec-une-priere-en-debut-de-journee\\\/\"},\"wordCount\":3869,\"publisher\":{\"@id\":\"https:\\\/\\\/editionsbussiere.com\\\/blog\\\/#organization\"},\"image\":{\"@id\":\"https:\\\/\\\/editionsbussiere.com\\\/blog\\\/vous-envisagez-de-vous-joindre-au-pelerinage-eucharistique-national-voici-ce-que-vous-devez-savoir-avec-une-priere-en-debut-de-journee\\\/#primaryimage\"},\"thumbnailUrl\":\"https:\\\/\\\/editionsbussiere.com\\\/blog\\\/wp-content\\\/uploads\\\/2024\\\/05\\\/1715945225_Vous-envisagez-de-vous-joindre-au-pelerinage-eucharistique-national.jpg\",\"articleSection\":[\"Editions \u00c9sot\u00e9rique Fond\u00e9e En 1927; D\u00e9p\u00e8ches:\"],\"inLanguage\":\"fr-FR\"},{\"@type\":\"WebPage\",\"@id\":\"https:\\\/\\\/editionsbussiere.com\\\/blog\\\/vous-envisagez-de-vous-joindre-au-pelerinage-eucharistique-national-voici-ce-que-vous-devez-savoir-avec-une-priere-en-debut-de-journee\\\/\",\"url\":\"https:\\\/\\\/editionsbussiere.com\\\/blog\\\/vous-envisagez-de-vous-joindre-au-pelerinage-eucharistique-national-voici-ce-que-vous-devez-savoir-avec-une-priere-en-debut-de-journee\\\/\",\"name\":\"Vous envisagez de vous joindre au p\u00e8lerinage eucharistique national ? Voici ce que vous devez savoir avec une pri\u00e8re en d\u00e9but de journ\u00e9e. - EDITIONSBUSSIERE\",\"isPartOf\":{\"@id\":\"https:\\\/\\\/editionsbussiere.com\\\/blog\\\/#website\"},\"primaryImageOfPage\":{\"@id\":\"https:\\\/\\\/editionsbussiere.com\\\/blog\\\/vous-envisagez-de-vous-joindre-au-pelerinage-eucharistique-national-voici-ce-que-vous-devez-savoir-avec-une-priere-en-debut-de-journee\\\/#primaryimage\"},\"image\":{\"@id\":\"https:\\\/\\\/editionsbussiere.com\\\/blog\\\/vous-envisagez-de-vous-joindre-au-pelerinage-eucharistique-national-voici-ce-que-vous-devez-savoir-avec-une-priere-en-debut-de-journee\\\/#primaryimage\"},\"thumbnailUrl\":\"https:\\\/\\\/editionsbussiere.com\\\/blog\\\/wp-content\\\/uploads\\\/2024\\\/05\\\/1715945225_Vous-envisagez-de-vous-joindre-au-pelerinage-eucharistique-national.jpg\",\"datePublished\":\"2024-05-17T13:01:25+00:00\",\"breadcrumb\":{\"@id\":\"https:\\\/\\\/editionsbussiere.com\\\/blog\\\/vous-envisagez-de-vous-joindre-au-pelerinage-eucharistique-national-voici-ce-que-vous-devez-savoir-avec-une-priere-en-debut-de-journee\\\/#breadcrumb\"},\"inLanguage\":\"fr-FR\",\"potentialAction\":[{\"@type\":\"ReadAction\",\"target\":[\"https:\\\/\\\/editionsbussiere.com\\\/blog\\\/vous-envisagez-de-vous-joindre-au-pelerinage-eucharistique-national-voici-ce-que-vous-devez-savoir-avec-une-priere-en-debut-de-journee\\\/\"]}]},{\"@type\":\"ImageObject\",\"inLanguage\":\"fr-FR\",\"@id\":\"https:\\\/\\\/editionsbussiere.com\\\/blog\\\/vous-envisagez-de-vous-joindre-au-pelerinage-eucharistique-national-voici-ce-que-vous-devez-savoir-avec-une-priere-en-debut-de-journee\\\/#primaryimage\",\"url\":\"https:\\\/\\\/editionsbussiere.com\\\/blog\\\/wp-content\\\/uploads\\\/2024\\\/05\\\/1715945225_Vous-envisagez-de-vous-joindre-au-pelerinage-eucharistique-national.jpg\",\"contentUrl\":\"https:\\\/\\\/editionsbussiere.com\\\/blog\\\/wp-content\\\/uploads\\\/2024\\\/05\\\/1715945225_Vous-envisagez-de-vous-joindre-au-pelerinage-eucharistique-national.jpg\",\"width\":900,\"height\":600,\"caption\":\"1715945225 Vous envisagez de vous joindre au pelerinage eucharistique national\"},{\"@type\":\"BreadcrumbList\",\"@id\":\"https:\\\/\\\/editionsbussiere.com\\\/blog\\\/vous-envisagez-de-vous-joindre-au-pelerinage-eucharistique-national-voici-ce-que-vous-devez-savoir-avec-une-priere-en-debut-de-journee\\\/#breadcrumb\",\"itemListElement\":[{\"@type\":\"ListItem\",\"position\":1,\"name\":\"Accueil\",\"item\":\"https:\\\/\\\/editionsbussiere.com\\\/blog\\\/\"},{\"@type\":\"ListItem\",\"position\":2,\"name\":\"Vous envisagez de vous joindre au p\u00e8lerinage eucharistique national ? Voici ce que vous devez savoir avec une pri\u00e8re en d\u00e9but de journ\u00e9e.\"}]},{\"@type\":\"WebSite\",\"@id\":\"https:\\\/\\\/editionsbussiere.com\\\/blog\\\/#website\",\"url\":\"https:\\\/\\\/editionsbussiere.com\\\/blog\\\/\",\"name\":\"EDITIONSBUSSIERE\",\"description\":\"Editions \u00e9sot\u00e9rique fond\u00e9e en 1927; site historique, A SAVOIR ET RETENIR.\",\"publisher\":{\"@id\":\"https:\\\/\\\/editionsbussiere.com\\\/blog\\\/#organization\"},\"potentialAction\":[{\"@type\":\"SearchAction\",\"target\":{\"@type\":\"EntryPoint\",\"urlTemplate\":\"https:\\\/\\\/editionsbussiere.com\\\/blog\\\/?s={search_term_string}\"},\"query-input\":{\"@type\":\"PropertyValueSpecification\",\"valueRequired\":true,\"valueName\":\"search_term_string\"}}],\"inLanguage\":\"fr-FR\"},{\"@type\":\"Organization\",\"@id\":\"https:\\\/\\\/editionsbussiere.com\\\/blog\\\/#organization\",\"name\":\"editionsbussiere\",\"url\":\"https:\\\/\\\/editionsbussiere.com\\\/blog\\\/\",\"logo\":{\"@type\":\"ImageObject\",\"inLanguage\":\"fr-FR\",\"@id\":\"https:\\\/\\\/editionsbussiere.com\\\/blog\\\/#\\\/schema\\\/logo\\\/image\\\/\",\"url\":\"https:\\\/\\\/editionsbussiere.com\\\/blog\\\/wp-content\\\/uploads\\\/2023\\\/09\\\/cropped-buss.gif\",\"contentUrl\":\"https:\\\/\\\/editionsbussiere.com\\\/blog\\\/wp-content\\\/uploads\\\/2023\\\/09\\\/cropped-buss.gif\",\"width\":298,\"height\":120,\"caption\":\"editionsbussiere\"},\"image\":{\"@id\":\"https:\\\/\\\/editionsbussiere.com\\\/blog\\\/#\\\/schema\\\/logo\\\/image\\\/\"}},{\"@type\":\"Person\",\"@id\":\"https:\\\/\\\/editionsbussiere.com\\\/blog\\\/#\\\/schema\\\/person\\\/ec90e102792148c97e46ab871010dd8f\",\"name\":\"Marie BATICLE\",\"image\":{\"@type\":\"ImageObject\",\"inLanguage\":\"fr-FR\",\"@id\":\"https:\\\/\\\/secure.gravatar.com\\\/avatar\\\/c923e52403b1b8137e2d929127211d21967e6aecaa053bd43b09da29f212e76e?s=96&d=mm&r=g\",\"url\":\"https:\\\/\\\/secure.gravatar.com\\\/avatar\\\/c923e52403b1b8137e2d929127211d21967e6aecaa053bd43b09da29f212e76e?s=96&d=mm&r=g\",\"contentUrl\":\"https:\\\/\\\/secure.gravatar.com\\\/avatar\\\/c923e52403b1b8137e2d929127211d21967e6aecaa053bd43b09da29f212e76e?s=96&d=mm&r=g\",\"caption\":\"Marie BATICLE\"},\"url\":\"https:\\\/\\\/editionsbussiere.com\\\/blog\\\/author\\\/eremarie\\\/\"}]}<\/script>\n<!-- \/ Yoast SEO plugin. -->","yoast_head_json":{"title":"Vous envisagez de vous joindre au p\u00e8lerinage eucharistique national ? Voici ce que vous devez savoir avec une pri\u00e8re en d\u00e9but de journ\u00e9e. - EDITIONSBUSSIERE","robots":{"index":"index","follow":"follow","max-snippet":"max-snippet:-1","max-image-preview":"max-image-preview:large","max-video-preview":"max-video-preview:-1"},"canonical":"https:\/\/editionsbussiere.com\/blog\/vous-envisagez-de-vous-joindre-au-pelerinage-eucharistique-national-voici-ce-que-vous-devez-savoir-avec-une-priere-en-debut-de-journee\/","og_locale":"fr_FR","og_type":"article","og_title":"Vous envisagez de vous joindre au p\u00e8lerinage eucharistique national ? Voici ce que vous devez savoir avec une pri\u00e8re en d\u00e9but de journ\u00e9e. - EDITIONSBUSSIERE","og_description":"Il existe des centaines d&rsquo;opportunit\u00e9s pour les catholiques de se joindre au p\u00e8lerinage eucharistique national pour la messe, l&rsquo;adoration, les processions et autres \u00e9v\u00e9nements. Cependant, rencontrer par hasard des p\u00e8lerins perp\u00e9tuels le long des quatre itin\u00e9raires peut s&rsquo;av\u00e9rer plus d\u00e9licat, et est m\u00eame interdit sur certaines sections du voyage, selon les responsables du p\u00e8lerinage. \u00ab\u00a0L&rsquo;un [&hellip;]","og_url":"https:\/\/editionsbussiere.com\/blog\/vous-envisagez-de-vous-joindre-au-pelerinage-eucharistique-national-voici-ce-que-vous-devez-savoir-avec-une-priere-en-debut-de-journee\/","og_site_name":"EDITIONSBUSSIERE","article_published_time":"2024-05-17T13:01:25+00:00","og_image":[{"url":"https:\/\/editionsbussiere.com\/blog\/wp-content\/uploads\/2024\/05\/1715945225_Vous-envisagez-de-vous-joindre-au-pelerinage-eucharistique-national.jpg","type":"","width":"","height":""}],"author":"Marie BATICLE","twitter_card":"summary_large_image","twitter_misc":{"\u00c9crit par":"Marie BATICLE","Dur\u00e9e de lecture estim\u00e9e":"19 minutes"},"schema":{"@context":"https:\/\/schema.org","@graph":[{"@type":"Article","@id":"https:\/\/editionsbussiere.com\/blog\/vous-envisagez-de-vous-joindre-au-pelerinage-eucharistique-national-voici-ce-que-vous-devez-savoir-avec-une-priere-en-debut-de-journee\/#article","isPartOf":{"@id":"https:\/\/editionsbussiere.com\/blog\/vous-envisagez-de-vous-joindre-au-pelerinage-eucharistique-national-voici-ce-que-vous-devez-savoir-avec-une-priere-en-debut-de-journee\/"},"author":{"name":"Marie BATICLE","@id":"https:\/\/editionsbussiere.com\/blog\/#\/schema\/person\/ec90e102792148c97e46ab871010dd8f"},"headline":"Vous envisagez de vous joindre au p\u00e8lerinage eucharistique national ? Voici ce que vous devez savoir avec une pri\u00e8re en d\u00e9but de journ\u00e9e.","datePublished":"2024-05-17T13:01:25+00:00","mainEntityOfPage":{"@id":"https:\/\/editionsbussiere.com\/blog\/vous-envisagez-de-vous-joindre-au-pelerinage-eucharistique-national-voici-ce-que-vous-devez-savoir-avec-une-priere-en-debut-de-journee\/"},"wordCount":3869,"publisher":{"@id":"https:\/\/editionsbussiere.com\/blog\/#organization"},"image":{"@id":"https:\/\/editionsbussiere.com\/blog\/vous-envisagez-de-vous-joindre-au-pelerinage-eucharistique-national-voici-ce-que-vous-devez-savoir-avec-une-priere-en-debut-de-journee\/#primaryimage"},"thumbnailUrl":"https:\/\/editionsbussiere.com\/blog\/wp-content\/uploads\/2024\/05\/1715945225_Vous-envisagez-de-vous-joindre-au-pelerinage-eucharistique-national.jpg","articleSection":["Editions \u00c9sot\u00e9rique Fond\u00e9e En 1927; D\u00e9p\u00e8ches:"],"inLanguage":"fr-FR"},{"@type":"WebPage","@id":"https:\/\/editionsbussiere.com\/blog\/vous-envisagez-de-vous-joindre-au-pelerinage-eucharistique-national-voici-ce-que-vous-devez-savoir-avec-une-priere-en-debut-de-journee\/","url":"https:\/\/editionsbussiere.com\/blog\/vous-envisagez-de-vous-joindre-au-pelerinage-eucharistique-national-voici-ce-que-vous-devez-savoir-avec-une-priere-en-debut-de-journee\/","name":"Vous envisagez de vous joindre au p\u00e8lerinage eucharistique national ? Voici ce que vous devez savoir avec une pri\u00e8re en d\u00e9but de journ\u00e9e. - EDITIONSBUSSIERE","isPartOf":{"@id":"https:\/\/editionsbussiere.com\/blog\/#website"},"primaryImageOfPage":{"@id":"https:\/\/editionsbussiere.com\/blog\/vous-envisagez-de-vous-joindre-au-pelerinage-eucharistique-national-voici-ce-que-vous-devez-savoir-avec-une-priere-en-debut-de-journee\/#primaryimage"},"image":{"@id":"https:\/\/editionsbussiere.com\/blog\/vous-envisagez-de-vous-joindre-au-pelerinage-eucharistique-national-voici-ce-que-vous-devez-savoir-avec-une-priere-en-debut-de-journee\/#primaryimage"},"thumbnailUrl":"https:\/\/editionsbussiere.com\/blog\/wp-content\/uploads\/2024\/05\/1715945225_Vous-envisagez-de-vous-joindre-au-pelerinage-eucharistique-national.jpg","datePublished":"2024-05-17T13:01:25+00:00","breadcrumb":{"@id":"https:\/\/editionsbussiere.com\/blog\/vous-envisagez-de-vous-joindre-au-pelerinage-eucharistique-national-voici-ce-que-vous-devez-savoir-avec-une-priere-en-debut-de-journee\/#breadcrumb"},"inLanguage":"fr-FR","potentialAction":[{"@type":"ReadAction","target":["https:\/\/editionsbussiere.com\/blog\/vous-envisagez-de-vous-joindre-au-pelerinage-eucharistique-national-voici-ce-que-vous-devez-savoir-avec-une-priere-en-debut-de-journee\/"]}]},{"@type":"ImageObject","inLanguage":"fr-FR","@id":"https:\/\/editionsbussiere.com\/blog\/vous-envisagez-de-vous-joindre-au-pelerinage-eucharistique-national-voici-ce-que-vous-devez-savoir-avec-une-priere-en-debut-de-journee\/#primaryimage","url":"https:\/\/editionsbussiere.com\/blog\/wp-content\/uploads\/2024\/05\/1715945225_Vous-envisagez-de-vous-joindre-au-pelerinage-eucharistique-national.jpg","contentUrl":"https:\/\/editionsbussiere.com\/blog\/wp-content\/uploads\/2024\/05\/1715945225_Vous-envisagez-de-vous-joindre-au-pelerinage-eucharistique-national.jpg","width":900,"height":600,"caption":"1715945225 Vous envisagez de vous joindre au pelerinage eucharistique national"},{"@type":"BreadcrumbList","@id":"https:\/\/editionsbussiere.com\/blog\/vous-envisagez-de-vous-joindre-au-pelerinage-eucharistique-national-voici-ce-que-vous-devez-savoir-avec-une-priere-en-debut-de-journee\/#breadcrumb","itemListElement":[{"@type":"ListItem","position":1,"name":"Accueil","item":"https:\/\/editionsbussiere.com\/blog\/"},{"@type":"ListItem","position":2,"name":"Vous envisagez de vous joindre au p\u00e8lerinage eucharistique national ? Voici ce que vous devez savoir avec une pri\u00e8re en d\u00e9but de journ\u00e9e."}]},{"@type":"WebSite","@id":"https:\/\/editionsbussiere.com\/blog\/#website","url":"https:\/\/editionsbussiere.com\/blog\/","name":"EDITIONSBUSSIERE","description":"Editions \u00e9sot\u00e9rique fond\u00e9e en 1927; site historique, A SAVOIR ET RETENIR.","publisher":{"@id":"https:\/\/editionsbussiere.com\/blog\/#organization"},"potentialAction":[{"@type":"SearchAction","target":{"@type":"EntryPoint","urlTemplate":"https:\/\/editionsbussiere.com\/blog\/?s={search_term_string}"},"query-input":{"@type":"PropertyValueSpecification","valueRequired":true,"valueName":"search_term_string"}}],"inLanguage":"fr-FR"},{"@type":"Organization","@id":"https:\/\/editionsbussiere.com\/blog\/#organization","name":"editionsbussiere","url":"https:\/\/editionsbussiere.com\/blog\/","logo":{"@type":"ImageObject","inLanguage":"fr-FR","@id":"https:\/\/editionsbussiere.com\/blog\/#\/schema\/logo\/image\/","url":"https:\/\/editionsbussiere.com\/blog\/wp-content\/uploads\/2023\/09\/cropped-buss.gif","contentUrl":"https:\/\/editionsbussiere.com\/blog\/wp-content\/uploads\/2023\/09\/cropped-buss.gif","width":298,"height":120,"caption":"editionsbussiere"},"image":{"@id":"https:\/\/editionsbussiere.com\/blog\/#\/schema\/logo\/image\/"}},{"@type":"Person","@id":"https:\/\/editionsbussiere.com\/blog\/#\/schema\/person\/ec90e102792148c97e46ab871010dd8f","name":"Marie BATICLE","image":{"@type":"ImageObject","inLanguage":"fr-FR","@id":"https:\/\/secure.gravatar.com\/avatar\/c923e52403b1b8137e2d929127211d21967e6aecaa053bd43b09da29f212e76e?s=96&d=mm&r=g","url":"https:\/\/secure.gravatar.com\/avatar\/c923e52403b1b8137e2d929127211d21967e6aecaa053bd43b09da29f212e76e?s=96&d=mm&r=g","contentUrl":"https:\/\/secure.gravatar.com\/avatar\/c923e52403b1b8137e2d929127211d21967e6aecaa053bd43b09da29f212e76e?s=96&d=mm&r=g","caption":"Marie BATICLE"},"url":"https:\/\/editionsbussiere.com\/blog\/author\/eremarie\/"}]}},"_links":{"self":[{"href":"https:\/\/editionsbussiere.com\/blog\/wp-json\/wp\/v2\/posts\/591","targetHints":{"allow":["GET"]}}],"collection":[{"href":"https:\/\/editionsbussiere.com\/blog\/wp-json\/wp\/v2\/posts"}],"about":[{"href":"https:\/\/editionsbussiere.com\/blog\/wp-json\/wp\/v2\/types\/post"}],"author":[{"embeddable":true,"href":"https:\/\/editionsbussiere.com\/blog\/wp-json\/wp\/v2\/users\/3"}],"replies":[{"embeddable":true,"href":"https:\/\/editionsbussiere.com\/blog\/wp-json\/wp\/v2\/comments?post=591"}],"version-history":[{"count":0,"href":"https:\/\/editionsbussiere.com\/blog\/wp-json\/wp\/v2\/posts\/591\/revisions"}],"wp:featuredmedia":[{"embeddable":true,"href":"https:\/\/editionsbussiere.com\/blog\/wp-json\/wp\/v2\/media\/592"}],"wp:attachment":[{"href":"https:\/\/editionsbussiere.com\/blog\/wp-json\/wp\/v2\/media?parent=591"}],"wp:term":[{"taxonomy":"category","embeddable":true,"href":"https:\/\/editionsbussiere.com\/blog\/wp-json\/wp\/v2\/categories?post=591"},{"taxonomy":"post_tag","embeddable":true,"href":"https:\/\/editionsbussiere.com\/blog\/wp-json\/wp\/v2\/tags?post=591"}],"curies":[{"name":"wp","href":"https:\/\/api.w.org\/{rel}","templated":true}]}}