{"id":588,"date":"2024-05-17T04:00:52","date_gmt":"2024-05-17T02:00:52","guid":{"rendered":"https:\/\/editionsbussiere.com\/blog\/consecration-a-marie-ce-nest-pas-de-lidolatrie-se-devouer-a-la-sainte-vierge-marie\/"},"modified":"2024-05-17T04:00:52","modified_gmt":"2024-05-17T02:00:52","slug":"consecration-a-marie-ce-nest-pas-de-lidolatrie-se-devouer-a-la-sainte-vierge-marie","status":"publish","type":"post","link":"https:\/\/editionsbussiere.com\/blog\/consecration-a-marie-ce-nest-pas-de-lidolatrie-se-devouer-a-la-sainte-vierge-marie\/","title":{"rendered":"Cons\u00e9cration \u00e0 Marie : ce n&rsquo;est pas de l&rsquo;idol\u00e2trie !\n &amp; se d\u00e9vouer \u00e0 la Sainte Vierge Marie."},"content":{"rendered":"<div><img width=\"580\" height=\"193\" src=\"https:\/\/editionsbussiere.com\/blog\/wp-content\/uploads\/2024\/05\/Consecration-a-Marie-ce-n39est-pas-de-l39idolatrie-1024x341-1.jpeg\" class=\"attachment-large size-large wp-post-image\" alt=\"Cons\u00e9cration \u00e0 Marie : ce n'est pas de l'idol\u00e2trie !\" style=\"float:left; margin:0 15px 15px 0;\" decoding=\"async\" srcset=\"https:\/\/editionsbussiere.com\/blog\/wp-content\/uploads\/2024\/05\/Consecration-a-Marie-ce-n39est-pas-de-l39idolatrie-1024x341-1.jpeg 1024w, https:\/\/www.n42.fr\/wp-content\/uploads\/2024\/05\/Consecration-a-Marie-ce-n39est-pas-de-l39idolatrie-300x100.jpeg 300w, https:\/\/www.n42.fr\/wp-content\/uploads\/2024\/05\/Consecration-a-Marie-ce-n39est-pas-de-l39idolatrie-768x256.jpeg 768w, https:\/\/www.n42.fr\/wp-content\/uploads\/2024\/05\/Consecration-a-Marie-ce-n39est-pas-de-l39idolatrie.jpeg 1200w\" sizes=\"(max-width: 580px) 100vw, 580px\"><\/p>\n<p>\n<\/p>\n<div>\n<p>La d\u00e9votion catholique \u00e0 la Bienheureuse Vierge Marie est toujours un sujet difficile pour les protestants, m\u00eame pour les protestants convertis au catholicisme.  Une d\u00e9votion particuli\u00e8re \u00e0 laquelle ils s&rsquo;opposent est la cons\u00e9cration \u00e0 Marie, d\u00e9fendue par saint Louis de Montfort.  On pense souvent que cela fait penser \u00e0 la mariol\u00e2trie, le culte de Marie en tant qu&rsquo;\u00eatre divin.<\/p>\n<p>G\u00e9n\u00e9ralement, le mot <em>cons\u00e9cration<\/em> est utilis\u00e9 pour exprimer l&rsquo;id\u00e9e que quelque chose (comme une \u00e9glise ou un autel) est remis \u00e0 Dieu, au service de Dieu.  En cons\u00e9quence, certains pensent que lorsque les catholiques se consacrent \u00e0 Marie, ils donnent leur vie \u00e0 Marie comme si elle \u00e9tait Dieu.<\/p>\n<p>Mais ce n\u2019est pas ce qui se passe.<\/p>\n<\/div>\n<div style=\"margin-top:15px\">\n<p>Il est vrai qu&rsquo;avec la cons\u00e9cration mariale, nous donnons notre vie \u00e0 Marie, en lui demandant de prendre soin de nous.  Le pape saint Jean-Paul II a exprim\u00e9 cette id\u00e9e avec le terme \u00ab\u00a0confiation\u00a0\u00bb.  Tout comme J\u00e9sus a confi\u00e9 Jean aux soins de Marie au pied de la croix lorsqu&rsquo;il a dit : \u00ab Voici votre M\u00e8re \u00bb (Jean 19\u00a0:27), de m\u00eame nous nous confions aux soins de Marie et la regardons comme <em>notre<\/em> M\u00e8re.<\/p>\n<p>Apr\u00e8s tout, elle est la reine m\u00e8re du royaume de J\u00e9sus, ce qui fait d&rsquo;elle notre m\u00e8re spirituelle dans la mesure o\u00f9 nous sommes citoyens de ce royaume.  De plus, elle est r\u00e9v\u00e9l\u00e9e dans Apocalypse 12\u00a0:\u00a017 comme \u00e9tant la m\u00e8re de tous \u00ab ceux qui gardent les commandements de Dieu et rendent t\u00e9moignage \u00e0 J\u00e9sus \u00bb, c&rsquo;est-\u00e0-dire les chr\u00e9tiens.<\/p>\n<p>Or, en confiant notre vie aux soins de Marie, nous ne le faisons pas comme si elle \u00e9tait notre fin ou notre but ultime, \u00e0 savoir Dieu.  Nous le faisons pour atteindre notre fin ou notre objectif, qui est l\u2019union avec Dieu.  Toute cons\u00e9cration mariale est ordonn\u00e9e \u00e0 l&rsquo;union au Christ, qui nous donne acc\u00e8s au P\u00e8re.<\/p>\n<p>C&rsquo;est similaire \u00e0 la fa\u00e7on dont un propri\u00e9taire de restaurant investira \u00e9norm\u00e9ment de temps et d&rsquo;\u00e9nergie \u2013 se consacrera, se consacrera \u2013 \u00e0 ce travail afin d&rsquo;atteindre l&rsquo;objectif d&rsquo;avoir le meilleur restaurant possible.  Nous nous confions aux soins aimants de Marie afin d&rsquo;atteindre l&rsquo;objectif d&rsquo;avoir la meilleure relation possible avec le Christ.  Encore une fois, Mary n&rsquo;est pas la fin.  La d\u00e9votion envers elle est le moyen de nous amener \u00e0 notre fin, qui est J\u00e9sus.<\/p>\n<p>Ainsi, en tant que catholiques, nous n\u2019avons pas \u00e0 craindre de nous lancer dans l\u2019idol\u00e2trie lorsque nous accomplissons la cons\u00e9cration mariale.  Nous pouvons nous confier aux soins aimants de Marie car elle nous conduit toujours \u00e0 J\u00e9sus et nous commande, comme elle l&rsquo;a fait aux Noces de Cana, de \u00ab faire tout ce qu&rsquo;il vous dira \u00bb.<\/p>\n<\/div>\n<h2>\n<\/h2>\n<p>Le R\u00f4le de la Pri\u00e8re \u00e0 Marie<\/p>\n<p>La pri\u00e8re \u00e0 Marie repr\u00e9sente un aspect essentiel de la spiritualit\u00e9 chr\u00e9tienne, solidement enracin\u00e9e dans la doctrine catholique depuis des temps imm\u00e9moriaux. C\u2019est un roc sur lequel les croyants s\u2019reposent pour trouver confort, direction et intercession dans leur relation avec Dieu. \u00c0 travers les \u00e2ges, cette pratique de d\u00e9votion a gagn\u00e9 en force par les enseignements de la Bible, les coutumes eccl\u00e9siastiques, ainsi que le mod\u00e8le des saints et saintes qui ont honor\u00e9 Marie m\u00e8re spirituelle aimante.<\/p>\n<h3>\n<\/h3>\n<p>L\u2019application du Rosaire<\/p>\n<p>Le Chapelet tient une position centrale dans la vie spirituelle de nombreux croyants. En r\u00e9citant les diff\u00e9rents myst\u00e8res, les fid\u00e8les se plongent dans les moments li\u00e9s \u00e0 J\u00e9sus et Marie, renfor\u00e7ant leur lien spirituel avec eux. \u00c0 travers chaque Ave Maria, ils expriment leur confiance en l\u2019intercession de Marie ainsi que leur aspiration \u00e0 suivre les pas du Christ. Saint Louis-Marie Grignion de Montfort, dans son ouvrage sur la d\u00e9votion authentique \u00e0 la Vierge Marie, invite les fid\u00e8les \u00e0 pratiquer r\u00e9guli\u00e8rement la m\u00e9ditation sur les myst\u00e8res du rosaire afin de renforcer leur relation avec la M\u00e8re de Dieu. Cet antique rituel, h\u00e9rit\u00e9e de g\u00e9n\u00e9ration en g\u00e9n\u00e9ration, demeure une source d\u2019illumination spirituelle pour ceux qui ont la foi, les guidant dans leur connexion \u00e0 la c\u00e9leste Dame.<\/p>\n<h3>\n<\/h3>\n<p>L\u2019invitation \u00e0 prier<\/p>\n<p>Joignons nos c\u0153urs dans la pri\u00e8re, fr\u00e8res et s\u0153urs, dans notre foi, en nous tournant vers Marie, la m\u00e8re de J\u00e9sus. Dans notre monde troubl\u00e9 par la guerre et la division, optons \u00e0 la pri\u00e8re comme un moyen pour retrouver la s\u00e9r\u00e9nit\u00e9 et la r\u00e9conciliation. Il est possible exprimer des v\u0153ux pour Marie <a target=\"_blank\" rel=\"nofollow\" href=\"https:\/\/editionsbussiere.com\/blog\/goto\/https:\/\/www.avemariasound.org\/\" >sur le web.<\/a> Que nos pri\u00e8res montent vers le ciel, comme une offrande agr\u00e9able par Dieu, afin qu\u2019il puisse nous guider nos pas sur le chemin de la justice et de la v\u00e9rit\u00e9. L\u2019ap\u00f4tre Paul nous exhorte dans ses \u00e9p\u00eetres \u00e0 maintenir une pri\u00e8re incessante, en toutes circonstances, afin que notre connexion \u00e0 Dieu reste solide et ardente. La pri\u00e8re, lorsqu\u2019elle est offerte sinc\u00e8rement, poss\u00e8de la capacit\u00e9 de transformer les c\u0153urs et de modifier le destin de l\u2019histoire.<\/p>\n<h2>\n<\/h2>\n<p>Les le\u00e7ons du Pape Fran\u00e7ois<\/p>\n<p>Le Souverain Pontife, dans ses \u00e9crits \u00e9clair\u00e9s, publi\u00e9s par Bayard, nous souligne l\u2019importance de la pri\u00e8re journali\u00e8re. Par le biais de ses hom\u00e9lies et de ses audiences publiques, il nous incite \u00e0 d\u00e9velopper une connexion personnelle avec le divin, en se fondant sur la m\u00e9ditation de la Parole biblique ainsi que la r\u00e9citation du rosaire. Sa conduite d\u2019humilit\u00e9 et de compassion nous inspire \u00e0 approfondir davantage nos pri\u00e8res et \u00e0 rechercher la pr\u00e9sence de Dieu dans chaque aspect de notre existence. Saint Jean-Paul II, dans son encyclique sur la foi chr\u00e9tienne, nous rappelle que la pratique de la pri\u00e8re constitue le fondement de notre vie spirituelle et c\u2019est par elle que nous sommes unis \u00e0 la volont\u00e9 divine. La pratique de la pri\u00e8re, transmise par les pontifes successifs, est un phare d\u2019espoir dans les temp\u00eates, une base solide sur lequel les \u00e2mes peuvent s\u2019appuyer.<\/p>\n<h3>\n<\/h3>\n<p>Les ouvrages de Leli\u00e8vre et Hubert<\/p>\n<p>Dans le contexte de la vie de foi, l\u2019\u00e9glise recommande vivement le recours \u00e0 la pri\u00e8re, et durant les moments de pri\u00e8re, les fid\u00e8les effectuent le geste du signe de la croix tout en r\u00e9citant l\u2019Ave Maria. Des penseurs contemporains, tels que Leli\u00e8vre et Hubert, nous convient \u00e9galement \u00e0 r\u00e9fl\u00e9chir sur la puissance de la pri\u00e8re, \u00e0 travers leurs \u00e9crits inspirants. Leurs ouvrages, porteurs de riches enseignements spirituels, nous guident dans notre parcours de la foi et nous invitent \u00e0 trouver dans les richesses de la tradition chr\u00e9tienne pour enrichir notre vie spirituelle. Par la m\u00e9ditation sur leurs publications, nous explorons de nouvelles voies d\u2019approfondir notre connexion avec le divin et de progresser dans la saintet\u00e9. Saint Jean, dans son \u00e9vangile, nous enseigne que le fait de prier est une puissante voie de demeurer en communion avec Dieu et de b\u00e9n\u00e9ficier ses b\u00e9n\u00e9dictions. Chaque page de leurs \u00e9crits ressemble \u00e0 une invitation \u00e0 une pri\u00e8re ardente et \u00e0 une existence emplie de la pr\u00e9sence divine. Dans notre exploration de spiritualit\u00e9, chaque lecture devient une invitation \u00e0 s\u2019\u00e9lever vers le sacr\u00e9, \u00e0 travers la r\u00e9flexion et la m\u00e9ditation.<\/p>\n<h3>\n<\/h3>\n<p>L\u2019acte de prier dans la chapelle<\/p>\n<p>Dans nos chapelles simples ou grandioses, orientons-nous vers Dieu en toute confiance et humilit\u00e9, car nous savons qu\u2019il \u00e9coute nos pri\u00e8res avec une sollicitude infinie. Que chaque flamme vacillante, chaque Ave Maria r\u00e9cit\u00e9, soit une offrande \u00e0 notre divin Cr\u00e9ateur ainsi qu\u2019\u00e0 la Vierge Marie. Que nos instants de d\u00e9votion dans la chapelle soient des occasions de gr\u00e2ce et de renouvellement de notre esprit, nous renfor\u00e7ant pour affronter les challenges avec courage et foi. La sainte Bernadette Soubirous, qui a re\u00e7u les apparitions de la Vierge Marie \u00e0 Lourdes, nous montre la valeur de la pri\u00e8re dans l\u2019existence des catholiques et l\u2019efficacit\u00e9 de l\u2019intercession de la Vierge Marie. Tout fid\u00e8le qui franchit les portes d\u2019une chapelle, chaque verset des \u00c9critures lu dans ce lieu saint, constitue une rencontre avec le divin, une \u00e9tape cruciale dans le processus de transformation spirituelle. \u00c0 travers les pages des Saintes \u00c9critures, chaque fid\u00e8le est invit\u00e9 \u00e0 contempler sur la croix du Christ, \u00e0 m\u00e9diter sur son sacrifice, et \u00e0 trouver r\u00e9confort et espoir dans sa gr\u00e2ce r\u00e9demptrice.<\/p>\n<h2>\nLa pratique de la pri\u00e8re comme rem\u00e8de pour l\u2019esprit<br \/>\n<\/h2>\n<p>Tel un th\u00e9rapeute pour notre \u00eatre int\u00e9rieur, l\u2019acte de prier nous gu\u00e9rit ainsi que nous renforce dans les moments de douleur et de d\u00e9sespoir. La pri\u00e8re nous rappelle que la pr\u00e9sence divine ne nous quitte jamais, m\u00eame dans les moments les plus sombres de notre existence. En nous tournant vers lui dans la pri\u00e8re, nous d\u00e9couvrons la force int\u00e9rieure dont nous avons besoin pour surmonter les \u00e9preuves et pour faire face \u00e0 l\u2019avenir avec espoir et confiance. L\u2019acte de prier est semblable \u00e0 une fontaine d\u2019eau vive qui satisfait notre soif spirituelle et qui, sur notre chemin de foi, nous r\u00e9g\u00e9n\u00e8re.<br \/>\n\u00c0 chaque pri\u00e8re prononc\u00e9e, \u00e0 chaque intention confi\u00e9e, nous trouvons un soulagement divin, une gu\u00e9rison spirituelle, qui transcende les limites de la condition humaine. Chaque passage des \u00c9critures est une invitation \u00e0 communier avec Dieu, \u00e0 lui confier nos fardeaux, et \u00e0 accueillir sa gr\u00e2ce transformatrice.<\/p>\n<h2>Un regard diff\u00e9rent sur l\u2019invocation \u00e0 Marie<\/h2>\n<p>La d\u00e9votion \u00e0 Marie repr\u00e9sente une coutume solidement ancr\u00e9e dans le patrimoine catholique chr\u00e9tienne, proposant un pr\u00e9cieux lien spirituel pour les croyants \u00e0 travers le globe. Comme m\u00e8re spirituelle et intercesseur, elle est invoqu\u00e9e avec d\u00e9votion lors des instants de n\u00e9cessit\u00e9 et de gratitude. Le chapelet, avec ses myst\u00e8res contemplatifs, dirige les fid\u00e8les dans leur cheminement spirituel, les encourageant \u00e0 m\u00e9diter sur J\u00e9sus, son fils, \u00e0 travers les yeux de la Vierge Marie. Cette d\u00e9votion \u00e0 Marie s\u2019exprime dans les sites sacr\u00e9s tel que le sanctuaire de Lourdes, o\u00f9 les fid\u00e8les convergent en qu\u00eate de r\u00e9confort et de gu\u00e9rison, illustrant la profonde connexion entre la foi catholique et la v\u00e9n\u00e9ration de la Vierge Marie. Les \u00e9crits inspirants de th\u00e9ologiens comme Leli\u00e8vre et Hubert proposent une r\u00e9flexion pr\u00e9cieuse sur la signification de la pri\u00e8re mariale et son influence sur la vie spirituelle des fid\u00e8les. \u00c0 travers la lecture attentive de textes religieux et spirituels, les fid\u00e8les \u00e9largissent leur compr\u00e9hension de la v\u00e9n\u00e9ration de Marie et d\u00e9veloppent une relation plus profonde avec Marie, notre m\u00e8re dans la foi. Dans un monde o\u00f9 pr\u00e9dominent la guerre et les conflits, la d\u00e9votion \u00e0 Marie est un sanctuaire de tranquillit\u00e9 et d\u2019espoir, incitant chaque individu, ind\u00e9pendamment de son rang dans la foi catholique, \u00e0 s\u2019adresser \u00e0 la Vierge Marie avec une foi profonde et une d\u00e9votion sinc\u00e8re. Unissons donc nos pri\u00e8res, avec un c\u0153ur humble et sinc\u00e8re, en saluant Marie comme notre m\u00e8re et notre intercesseur, en lui confiant nos v\u0153ux et nos aspirations les plus profondes. Dans cette qu\u00eate spirituelle, chaque fid\u00e8le est appel\u00e9 \u00e0 poursuivre la voie des pri\u00e8res et des aspirations du c\u0153ur, sous la conduite du Pape et les ressources spirituelles pr\u00e9cieuses offertes par des plateformes telles que Aleteia. Par cons\u00e9quent, avec un c\u0153ur humble et une foi sinc\u00e8re, \u00e9levons notre pri\u00e8re quotidienne vers Marie, lui demandant son intercession affectueuse, et la force de continuer dans la pri\u00e8re fervente.<br \/>\nQue notre dialogue avec le sacr\u00e9 constitue notre refuge et notre r\u00e9confort dans toutes les circonstances. Que nous nous tournions en direction de Marie, notre m\u00e8re du ciel, avec un c\u0153ur ouvert et une foi in\u00e9branlable, convaincus qu\u2019elle plaide en notre faveur devant son fils bien-aim\u00e9. Que la pri\u00e8re nous m\u00e8ne sur le chemin de la saintet\u00e9, nous approchant toujours plus de Dieu et de son amour sans limites.<\/p>\n<p>Vous aimerez aussi:<\/p>\n<p>Sagesse (1902)\/\u00ab La mer est plus belle \u00bb.,<a target=\"_blank\" rel=\"nofollow\" href=\"https:\/\/editionsbussiere.com\/blog\/goto\/https:\/\/fr.wikisource.org\/wiki\/Sagesse_(1902)\/%C2%AB_La_mer_est_plus_belle_%C2%BB\"  target=\"_blank\" rel=\"noopener noreferrer nofollow\">Article complet.<\/a><span><\/span><\/p>\n<p>Lettres parisiennes\/Ann\u00e9e 1847\/01.,<a target=\"_blank\" rel=\"nofollow\" href=\"https:\/\/editionsbussiere.com\/blog\/goto\/https:\/\/fr.wikisource.org\/wiki\/Lettres_parisiennes\/Ann%C3%A9e_1847\/01\"  target=\"_blank\" rel=\"noopener noreferrer nofollow\">Le dossier.<\/a><span><\/span><\/p>\n<p>Les Cath\u00e9drales de France\/Amiens.,<a target=\"_blank\" rel=\"nofollow\" href=\"https:\/\/editionsbussiere.com\/blog\/goto\/https:\/\/fr.wikisource.org\/wiki\/Les_Cath%C3%A9drales_de_France\/Amiens\"  target=\"_blank\" rel=\"noopener noreferrer nofollow\">Ici.<\/a><span><\/span><\/p>\n<p>Les \u00c9blouissements\/Les pr\u00eatresses des Panath\u00e9n\u00e9es.,<a target=\"_blank\" rel=\"nofollow\" href=\"https:\/\/editionsbussiere.com\/blog\/goto\/https:\/\/fr.wikisource.org\/wiki\/Les_%C3%89blouissements\/Les_pr%C3%AAtresses_des_Panath%C3%A9n%C3%A9es\"  target=\"_blank\" rel=\"noopener noreferrer nofollow\">Cliquer ICI.<\/a><span><\/span>. Suite sur le prochain article.<\/p>\n<p>Isaac Laquedem\/Vol. 3\/Premi\u00e8re partie\/Mater amaritudinis plena.,<a target=\"_blank\" rel=\"nofollow\" href=\"https:\/\/editionsbussiere.com\/blog\/goto\/https:\/\/fr.wikisource.org\/wiki\/Isaac_Laquedem\/Vol._3\/Premi%C3%A8re_partie\/Mater_amaritudinis_plena\"  target=\"_blank\" rel=\"noopener noreferrer nofollow\">A lire ici.<\/a><span><\/span><\/p>\n<p>Correspondance de Voltaire\/1739\/Lettre 1036.,<a target=\"_blank\" rel=\"nofollow\" href=\"https:\/\/editionsbussiere.com\/blog\/goto\/https:\/\/fr.wikisource.org\/wiki\/Correspondance_de_Voltaire\/1739\/Lettre_1036\"  target=\"_blank\" rel=\"noopener noreferrer nofollow\">L\u2019article ICI.<\/a><span><\/span><\/p>\n<\/div>\n<p><img decoding=\"async\" class=\"wpe_imgrss\" src=\"https:\/\/editionsbussiere.com\/blog\/wp-content\/uploads\/2024\/05\/Consecration-a-Marie-ce-n39est-pas-de-l39idolatrie-1024x341-1.jpeg\">Cet article a \u00e9t\u00e9 reconstitu\u00e9 du mieux possible. Dans l\u2019hypoth\u00e8se o\u00f9 vous souhaitez apporter quelques modifications concernant le th\u00e8me \u00ab\u00a0Editions \u00e9sot\u00e9rique fond\u00e9e en 1927\u00a0\u00bb, il est possible de discuter avec notre r\u00e9daction. Vous pouvez tirer profit de cet article traitant le sujet \u00ab\u00a0Editions \u00e9sot\u00e9rique fond\u00e9e en 1927\u00a0\u00bb. Il est concoct\u00e9 par l\u2019\u00e9quipe editionsbussiere.com. Le site editionsbussiere.com est fait pour cr\u00e9er divers posts autour du th\u00e8me Editions \u00e9sot\u00e9rique fond\u00e9e en 1927 d\u00e9velopp\u00e9es sur internet. Consultez notre site internet editionsbussiere.com et nos r\u00e9seaux sociaux pour \u00eatre au courant des futures annonces.<\/p>\n","protected":false},"excerpt":{"rendered":"<p>La d\u00e9votion catholique \u00e0 la Bienheureuse Vierge Marie est toujours un sujet difficile pour les protestants, m\u00eame pour les protestants convertis au catholicisme. Une d\u00e9votion particuli\u00e8re \u00e0 laquelle ils s&rsquo;opposent est la cons\u00e9cration \u00e0 Marie, d\u00e9fendue par saint Louis de Montfort. On pense souvent que cela fait penser \u00e0 la mariol\u00e2trie, le culte de Marie [&hellip;]<\/p>\n","protected":false},"author":3,"featured_media":589,"comment_status":"closed","ping_status":"closed","sticky":false,"template":"","format":"standard","meta":{"footnotes":""},"categories":[3],"tags":[],"class_list":["post-588","post","type-post","status-publish","format-standard","has-post-thumbnail","hentry","category-editions-esoterique-fondee-en-1927-depeches","entry","fw-tab-6 fw-tabr-4","has-featured-image"],"yoast_head":"<!-- This site is optimized with the Yoast SEO plugin v27.5 - https:\/\/yoast.com\/product\/yoast-seo-wordpress\/ -->\n<title>Cons\u00e9cration \u00e0 Marie : ce n&#039;est pas de l&#039;idol\u00e2trie ! &amp; se d\u00e9vouer \u00e0 la Sainte Vierge Marie. - EDITIONSBUSSIERE<\/title>\n<meta name=\"robots\" content=\"index, follow, max-snippet:-1, max-image-preview:large, max-video-preview:-1\" \/>\n<link rel=\"canonical\" href=\"https:\/\/editionsbussiere.com\/blog\/consecration-a-marie-ce-nest-pas-de-lidolatrie-se-devouer-a-la-sainte-vierge-marie\/\" \/>\n<meta property=\"og:locale\" content=\"fr_FR\" \/>\n<meta property=\"og:type\" content=\"article\" \/>\n<meta property=\"og:title\" content=\"Cons\u00e9cration \u00e0 Marie : ce n&#039;est pas de l&#039;idol\u00e2trie ! &amp; se d\u00e9vouer \u00e0 la Sainte Vierge Marie. - EDITIONSBUSSIERE\" \/>\n<meta property=\"og:description\" content=\"La d\u00e9votion catholique \u00e0 la Bienheureuse Vierge Marie est toujours un sujet difficile pour les protestants, m\u00eame pour les protestants convertis au catholicisme. Une d\u00e9votion particuli\u00e8re \u00e0 laquelle ils s&rsquo;opposent est la cons\u00e9cration \u00e0 Marie, d\u00e9fendue par saint Louis de Montfort. On pense souvent que cela fait penser \u00e0 la mariol\u00e2trie, le culte de Marie [&hellip;]\" \/>\n<meta property=\"og:url\" content=\"https:\/\/editionsbussiere.com\/blog\/consecration-a-marie-ce-nest-pas-de-lidolatrie-se-devouer-a-la-sainte-vierge-marie\/\" \/>\n<meta property=\"og:site_name\" content=\"EDITIONSBUSSIERE\" \/>\n<meta property=\"article:published_time\" content=\"2024-05-17T02:00:52+00:00\" \/>\n<meta property=\"og:image\" content=\"https:\/\/editionsbussiere.com\/blog\/wp-content\/uploads\/2024\/05\/Consecration-a-Marie-ce-n39est-pas-de-l39idolatrie-1024x341-1.jpeg\" \/>\n<meta name=\"author\" content=\"Marie BATICLE\" \/>\n<meta name=\"twitter:card\" content=\"summary_large_image\" \/>\n<meta name=\"twitter:label1\" content=\"\u00c9crit par\" \/>\n\t<meta name=\"twitter:data1\" content=\"Marie BATICLE\" \/>\n\t<meta name=\"twitter:label2\" content=\"Dur\u00e9e de lecture estim\u00e9e\" \/>\n\t<meta name=\"twitter:data2\" content=\"11 minutes\" \/>\n<script type=\"application\/ld+json\" class=\"yoast-schema-graph\">{\"@context\":\"https:\\\/\\\/schema.org\",\"@graph\":[{\"@type\":\"Article\",\"@id\":\"https:\\\/\\\/editionsbussiere.com\\\/blog\\\/consecration-a-marie-ce-nest-pas-de-lidolatrie-se-devouer-a-la-sainte-vierge-marie\\\/#article\",\"isPartOf\":{\"@id\":\"https:\\\/\\\/editionsbussiere.com\\\/blog\\\/consecration-a-marie-ce-nest-pas-de-lidolatrie-se-devouer-a-la-sainte-vierge-marie\\\/\"},\"author\":{\"name\":\"Marie BATICLE\",\"@id\":\"https:\\\/\\\/editionsbussiere.com\\\/blog\\\/#\\\/schema\\\/person\\\/ec90e102792148c97e46ab871010dd8f\"},\"headline\":\"Cons\u00e9cration \u00e0 Marie : ce n&rsquo;est pas de l&rsquo;idol\u00e2trie ! &amp; se d\u00e9vouer \u00e0 la Sainte Vierge Marie.\",\"datePublished\":\"2024-05-17T02:00:52+00:00\",\"mainEntityOfPage\":{\"@id\":\"https:\\\/\\\/editionsbussiere.com\\\/blog\\\/consecration-a-marie-ce-nest-pas-de-lidolatrie-se-devouer-a-la-sainte-vierge-marie\\\/\"},\"wordCount\":2227,\"publisher\":{\"@id\":\"https:\\\/\\\/editionsbussiere.com\\\/blog\\\/#organization\"},\"image\":{\"@id\":\"https:\\\/\\\/editionsbussiere.com\\\/blog\\\/consecration-a-marie-ce-nest-pas-de-lidolatrie-se-devouer-a-la-sainte-vierge-marie\\\/#primaryimage\"},\"thumbnailUrl\":\"https:\\\/\\\/editionsbussiere.com\\\/blog\\\/wp-content\\\/uploads\\\/2024\\\/05\\\/Consecration-a-Marie-ce-n39est-pas-de-l39idolatrie-1024x341-1.jpeg\",\"articleSection\":[\"Editions \u00c9sot\u00e9rique Fond\u00e9e En 1927; D\u00e9p\u00e8ches:\"],\"inLanguage\":\"fr-FR\"},{\"@type\":\"WebPage\",\"@id\":\"https:\\\/\\\/editionsbussiere.com\\\/blog\\\/consecration-a-marie-ce-nest-pas-de-lidolatrie-se-devouer-a-la-sainte-vierge-marie\\\/\",\"url\":\"https:\\\/\\\/editionsbussiere.com\\\/blog\\\/consecration-a-marie-ce-nest-pas-de-lidolatrie-se-devouer-a-la-sainte-vierge-marie\\\/\",\"name\":\"Cons\u00e9cration \u00e0 Marie : ce n'est pas de l'idol\u00e2trie ! &amp; se d\u00e9vouer \u00e0 la Sainte Vierge Marie. - EDITIONSBUSSIERE\",\"isPartOf\":{\"@id\":\"https:\\\/\\\/editionsbussiere.com\\\/blog\\\/#website\"},\"primaryImageOfPage\":{\"@id\":\"https:\\\/\\\/editionsbussiere.com\\\/blog\\\/consecration-a-marie-ce-nest-pas-de-lidolatrie-se-devouer-a-la-sainte-vierge-marie\\\/#primaryimage\"},\"image\":{\"@id\":\"https:\\\/\\\/editionsbussiere.com\\\/blog\\\/consecration-a-marie-ce-nest-pas-de-lidolatrie-se-devouer-a-la-sainte-vierge-marie\\\/#primaryimage\"},\"thumbnailUrl\":\"https:\\\/\\\/editionsbussiere.com\\\/blog\\\/wp-content\\\/uploads\\\/2024\\\/05\\\/Consecration-a-Marie-ce-n39est-pas-de-l39idolatrie-1024x341-1.jpeg\",\"datePublished\":\"2024-05-17T02:00:52+00:00\",\"breadcrumb\":{\"@id\":\"https:\\\/\\\/editionsbussiere.com\\\/blog\\\/consecration-a-marie-ce-nest-pas-de-lidolatrie-se-devouer-a-la-sainte-vierge-marie\\\/#breadcrumb\"},\"inLanguage\":\"fr-FR\",\"potentialAction\":[{\"@type\":\"ReadAction\",\"target\":[\"https:\\\/\\\/editionsbussiere.com\\\/blog\\\/consecration-a-marie-ce-nest-pas-de-lidolatrie-se-devouer-a-la-sainte-vierge-marie\\\/\"]}]},{\"@type\":\"ImageObject\",\"inLanguage\":\"fr-FR\",\"@id\":\"https:\\\/\\\/editionsbussiere.com\\\/blog\\\/consecration-a-marie-ce-nest-pas-de-lidolatrie-se-devouer-a-la-sainte-vierge-marie\\\/#primaryimage\",\"url\":\"https:\\\/\\\/editionsbussiere.com\\\/blog\\\/wp-content\\\/uploads\\\/2024\\\/05\\\/Consecration-a-Marie-ce-n39est-pas-de-l39idolatrie-1024x341-1.jpeg\",\"contentUrl\":\"https:\\\/\\\/editionsbussiere.com\\\/blog\\\/wp-content\\\/uploads\\\/2024\\\/05\\\/Consecration-a-Marie-ce-n39est-pas-de-l39idolatrie-1024x341-1.jpeg\",\"width\":1024,\"height\":341,\"caption\":\"Consecration a Marie ce n39est pas de l39idolatrie 1024x341 1\"},{\"@type\":\"BreadcrumbList\",\"@id\":\"https:\\\/\\\/editionsbussiere.com\\\/blog\\\/consecration-a-marie-ce-nest-pas-de-lidolatrie-se-devouer-a-la-sainte-vierge-marie\\\/#breadcrumb\",\"itemListElement\":[{\"@type\":\"ListItem\",\"position\":1,\"name\":\"Accueil\",\"item\":\"https:\\\/\\\/editionsbussiere.com\\\/blog\\\/\"},{\"@type\":\"ListItem\",\"position\":2,\"name\":\"Cons\u00e9cration \u00e0 Marie : ce n&rsquo;est pas de l&rsquo;idol\u00e2trie ! &amp; se d\u00e9vouer \u00e0 la Sainte Vierge Marie.\"}]},{\"@type\":\"WebSite\",\"@id\":\"https:\\\/\\\/editionsbussiere.com\\\/blog\\\/#website\",\"url\":\"https:\\\/\\\/editionsbussiere.com\\\/blog\\\/\",\"name\":\"EDITIONSBUSSIERE\",\"description\":\"Editions \u00e9sot\u00e9rique fond\u00e9e en 1927; site historique, A SAVOIR ET RETENIR.\",\"publisher\":{\"@id\":\"https:\\\/\\\/editionsbussiere.com\\\/blog\\\/#organization\"},\"potentialAction\":[{\"@type\":\"SearchAction\",\"target\":{\"@type\":\"EntryPoint\",\"urlTemplate\":\"https:\\\/\\\/editionsbussiere.com\\\/blog\\\/?s={search_term_string}\"},\"query-input\":{\"@type\":\"PropertyValueSpecification\",\"valueRequired\":true,\"valueName\":\"search_term_string\"}}],\"inLanguage\":\"fr-FR\"},{\"@type\":\"Organization\",\"@id\":\"https:\\\/\\\/editionsbussiere.com\\\/blog\\\/#organization\",\"name\":\"editionsbussiere\",\"url\":\"https:\\\/\\\/editionsbussiere.com\\\/blog\\\/\",\"logo\":{\"@type\":\"ImageObject\",\"inLanguage\":\"fr-FR\",\"@id\":\"https:\\\/\\\/editionsbussiere.com\\\/blog\\\/#\\\/schema\\\/logo\\\/image\\\/\",\"url\":\"https:\\\/\\\/editionsbussiere.com\\\/blog\\\/wp-content\\\/uploads\\\/2023\\\/09\\\/cropped-buss.gif\",\"contentUrl\":\"https:\\\/\\\/editionsbussiere.com\\\/blog\\\/wp-content\\\/uploads\\\/2023\\\/09\\\/cropped-buss.gif\",\"width\":298,\"height\":120,\"caption\":\"editionsbussiere\"},\"image\":{\"@id\":\"https:\\\/\\\/editionsbussiere.com\\\/blog\\\/#\\\/schema\\\/logo\\\/image\\\/\"}},{\"@type\":\"Person\",\"@id\":\"https:\\\/\\\/editionsbussiere.com\\\/blog\\\/#\\\/schema\\\/person\\\/ec90e102792148c97e46ab871010dd8f\",\"name\":\"Marie BATICLE\",\"image\":{\"@type\":\"ImageObject\",\"inLanguage\":\"fr-FR\",\"@id\":\"https:\\\/\\\/secure.gravatar.com\\\/avatar\\\/c923e52403b1b8137e2d929127211d21967e6aecaa053bd43b09da29f212e76e?s=96&d=mm&r=g\",\"url\":\"https:\\\/\\\/secure.gravatar.com\\\/avatar\\\/c923e52403b1b8137e2d929127211d21967e6aecaa053bd43b09da29f212e76e?s=96&d=mm&r=g\",\"contentUrl\":\"https:\\\/\\\/secure.gravatar.com\\\/avatar\\\/c923e52403b1b8137e2d929127211d21967e6aecaa053bd43b09da29f212e76e?s=96&d=mm&r=g\",\"caption\":\"Marie BATICLE\"},\"url\":\"https:\\\/\\\/editionsbussiere.com\\\/blog\\\/author\\\/eremarie\\\/\"}]}<\/script>\n<!-- \/ Yoast SEO plugin. -->","yoast_head_json":{"title":"Cons\u00e9cration \u00e0 Marie : ce n'est pas de l'idol\u00e2trie ! &amp; se d\u00e9vouer \u00e0 la Sainte Vierge Marie. - EDITIONSBUSSIERE","robots":{"index":"index","follow":"follow","max-snippet":"max-snippet:-1","max-image-preview":"max-image-preview:large","max-video-preview":"max-video-preview:-1"},"canonical":"https:\/\/editionsbussiere.com\/blog\/consecration-a-marie-ce-nest-pas-de-lidolatrie-se-devouer-a-la-sainte-vierge-marie\/","og_locale":"fr_FR","og_type":"article","og_title":"Cons\u00e9cration \u00e0 Marie : ce n'est pas de l'idol\u00e2trie ! &amp; se d\u00e9vouer \u00e0 la Sainte Vierge Marie. - EDITIONSBUSSIERE","og_description":"La d\u00e9votion catholique \u00e0 la Bienheureuse Vierge Marie est toujours un sujet difficile pour les protestants, m\u00eame pour les protestants convertis au catholicisme. Une d\u00e9votion particuli\u00e8re \u00e0 laquelle ils s&rsquo;opposent est la cons\u00e9cration \u00e0 Marie, d\u00e9fendue par saint Louis de Montfort. On pense souvent que cela fait penser \u00e0 la mariol\u00e2trie, le culte de Marie [&hellip;]","og_url":"https:\/\/editionsbussiere.com\/blog\/consecration-a-marie-ce-nest-pas-de-lidolatrie-se-devouer-a-la-sainte-vierge-marie\/","og_site_name":"EDITIONSBUSSIERE","article_published_time":"2024-05-17T02:00:52+00:00","og_image":[{"url":"https:\/\/editionsbussiere.com\/blog\/wp-content\/uploads\/2024\/05\/Consecration-a-Marie-ce-n39est-pas-de-l39idolatrie-1024x341-1.jpeg","type":"","width":"","height":""}],"author":"Marie BATICLE","twitter_card":"summary_large_image","twitter_misc":{"\u00c9crit par":"Marie BATICLE","Dur\u00e9e de lecture estim\u00e9e":"11 minutes"},"schema":{"@context":"https:\/\/schema.org","@graph":[{"@type":"Article","@id":"https:\/\/editionsbussiere.com\/blog\/consecration-a-marie-ce-nest-pas-de-lidolatrie-se-devouer-a-la-sainte-vierge-marie\/#article","isPartOf":{"@id":"https:\/\/editionsbussiere.com\/blog\/consecration-a-marie-ce-nest-pas-de-lidolatrie-se-devouer-a-la-sainte-vierge-marie\/"},"author":{"name":"Marie BATICLE","@id":"https:\/\/editionsbussiere.com\/blog\/#\/schema\/person\/ec90e102792148c97e46ab871010dd8f"},"headline":"Cons\u00e9cration \u00e0 Marie : ce n&rsquo;est pas de l&rsquo;idol\u00e2trie ! &amp; se d\u00e9vouer \u00e0 la Sainte Vierge Marie.","datePublished":"2024-05-17T02:00:52+00:00","mainEntityOfPage":{"@id":"https:\/\/editionsbussiere.com\/blog\/consecration-a-marie-ce-nest-pas-de-lidolatrie-se-devouer-a-la-sainte-vierge-marie\/"},"wordCount":2227,"publisher":{"@id":"https:\/\/editionsbussiere.com\/blog\/#organization"},"image":{"@id":"https:\/\/editionsbussiere.com\/blog\/consecration-a-marie-ce-nest-pas-de-lidolatrie-se-devouer-a-la-sainte-vierge-marie\/#primaryimage"},"thumbnailUrl":"https:\/\/editionsbussiere.com\/blog\/wp-content\/uploads\/2024\/05\/Consecration-a-Marie-ce-n39est-pas-de-l39idolatrie-1024x341-1.jpeg","articleSection":["Editions \u00c9sot\u00e9rique Fond\u00e9e En 1927; D\u00e9p\u00e8ches:"],"inLanguage":"fr-FR"},{"@type":"WebPage","@id":"https:\/\/editionsbussiere.com\/blog\/consecration-a-marie-ce-nest-pas-de-lidolatrie-se-devouer-a-la-sainte-vierge-marie\/","url":"https:\/\/editionsbussiere.com\/blog\/consecration-a-marie-ce-nest-pas-de-lidolatrie-se-devouer-a-la-sainte-vierge-marie\/","name":"Cons\u00e9cration \u00e0 Marie : ce n'est pas de l'idol\u00e2trie ! &amp; se d\u00e9vouer \u00e0 la Sainte Vierge Marie. - EDITIONSBUSSIERE","isPartOf":{"@id":"https:\/\/editionsbussiere.com\/blog\/#website"},"primaryImageOfPage":{"@id":"https:\/\/editionsbussiere.com\/blog\/consecration-a-marie-ce-nest-pas-de-lidolatrie-se-devouer-a-la-sainte-vierge-marie\/#primaryimage"},"image":{"@id":"https:\/\/editionsbussiere.com\/blog\/consecration-a-marie-ce-nest-pas-de-lidolatrie-se-devouer-a-la-sainte-vierge-marie\/#primaryimage"},"thumbnailUrl":"https:\/\/editionsbussiere.com\/blog\/wp-content\/uploads\/2024\/05\/Consecration-a-Marie-ce-n39est-pas-de-l39idolatrie-1024x341-1.jpeg","datePublished":"2024-05-17T02:00:52+00:00","breadcrumb":{"@id":"https:\/\/editionsbussiere.com\/blog\/consecration-a-marie-ce-nest-pas-de-lidolatrie-se-devouer-a-la-sainte-vierge-marie\/#breadcrumb"},"inLanguage":"fr-FR","potentialAction":[{"@type":"ReadAction","target":["https:\/\/editionsbussiere.com\/blog\/consecration-a-marie-ce-nest-pas-de-lidolatrie-se-devouer-a-la-sainte-vierge-marie\/"]}]},{"@type":"ImageObject","inLanguage":"fr-FR","@id":"https:\/\/editionsbussiere.com\/blog\/consecration-a-marie-ce-nest-pas-de-lidolatrie-se-devouer-a-la-sainte-vierge-marie\/#primaryimage","url":"https:\/\/editionsbussiere.com\/blog\/wp-content\/uploads\/2024\/05\/Consecration-a-Marie-ce-n39est-pas-de-l39idolatrie-1024x341-1.jpeg","contentUrl":"https:\/\/editionsbussiere.com\/blog\/wp-content\/uploads\/2024\/05\/Consecration-a-Marie-ce-n39est-pas-de-l39idolatrie-1024x341-1.jpeg","width":1024,"height":341,"caption":"Consecration a Marie ce n39est pas de l39idolatrie 1024x341 1"},{"@type":"BreadcrumbList","@id":"https:\/\/editionsbussiere.com\/blog\/consecration-a-marie-ce-nest-pas-de-lidolatrie-se-devouer-a-la-sainte-vierge-marie\/#breadcrumb","itemListElement":[{"@type":"ListItem","position":1,"name":"Accueil","item":"https:\/\/editionsbussiere.com\/blog\/"},{"@type":"ListItem","position":2,"name":"Cons\u00e9cration \u00e0 Marie : ce n&rsquo;est pas de l&rsquo;idol\u00e2trie ! &amp; se d\u00e9vouer \u00e0 la Sainte Vierge Marie."}]},{"@type":"WebSite","@id":"https:\/\/editionsbussiere.com\/blog\/#website","url":"https:\/\/editionsbussiere.com\/blog\/","name":"EDITIONSBUSSIERE","description":"Editions \u00e9sot\u00e9rique fond\u00e9e en 1927; site historique, A SAVOIR ET RETENIR.","publisher":{"@id":"https:\/\/editionsbussiere.com\/blog\/#organization"},"potentialAction":[{"@type":"SearchAction","target":{"@type":"EntryPoint","urlTemplate":"https:\/\/editionsbussiere.com\/blog\/?s={search_term_string}"},"query-input":{"@type":"PropertyValueSpecification","valueRequired":true,"valueName":"search_term_string"}}],"inLanguage":"fr-FR"},{"@type":"Organization","@id":"https:\/\/editionsbussiere.com\/blog\/#organization","name":"editionsbussiere","url":"https:\/\/editionsbussiere.com\/blog\/","logo":{"@type":"ImageObject","inLanguage":"fr-FR","@id":"https:\/\/editionsbussiere.com\/blog\/#\/schema\/logo\/image\/","url":"https:\/\/editionsbussiere.com\/blog\/wp-content\/uploads\/2023\/09\/cropped-buss.gif","contentUrl":"https:\/\/editionsbussiere.com\/blog\/wp-content\/uploads\/2023\/09\/cropped-buss.gif","width":298,"height":120,"caption":"editionsbussiere"},"image":{"@id":"https:\/\/editionsbussiere.com\/blog\/#\/schema\/logo\/image\/"}},{"@type":"Person","@id":"https:\/\/editionsbussiere.com\/blog\/#\/schema\/person\/ec90e102792148c97e46ab871010dd8f","name":"Marie BATICLE","image":{"@type":"ImageObject","inLanguage":"fr-FR","@id":"https:\/\/secure.gravatar.com\/avatar\/c923e52403b1b8137e2d929127211d21967e6aecaa053bd43b09da29f212e76e?s=96&d=mm&r=g","url":"https:\/\/secure.gravatar.com\/avatar\/c923e52403b1b8137e2d929127211d21967e6aecaa053bd43b09da29f212e76e?s=96&d=mm&r=g","contentUrl":"https:\/\/secure.gravatar.com\/avatar\/c923e52403b1b8137e2d929127211d21967e6aecaa053bd43b09da29f212e76e?s=96&d=mm&r=g","caption":"Marie BATICLE"},"url":"https:\/\/editionsbussiere.com\/blog\/author\/eremarie\/"}]}},"_links":{"self":[{"href":"https:\/\/editionsbussiere.com\/blog\/wp-json\/wp\/v2\/posts\/588","targetHints":{"allow":["GET"]}}],"collection":[{"href":"https:\/\/editionsbussiere.com\/blog\/wp-json\/wp\/v2\/posts"}],"about":[{"href":"https:\/\/editionsbussiere.com\/blog\/wp-json\/wp\/v2\/types\/post"}],"author":[{"embeddable":true,"href":"https:\/\/editionsbussiere.com\/blog\/wp-json\/wp\/v2\/users\/3"}],"replies":[{"embeddable":true,"href":"https:\/\/editionsbussiere.com\/blog\/wp-json\/wp\/v2\/comments?post=588"}],"version-history":[{"count":0,"href":"https:\/\/editionsbussiere.com\/blog\/wp-json\/wp\/v2\/posts\/588\/revisions"}],"wp:featuredmedia":[{"embeddable":true,"href":"https:\/\/editionsbussiere.com\/blog\/wp-json\/wp\/v2\/media\/589"}],"wp:attachment":[{"href":"https:\/\/editionsbussiere.com\/blog\/wp-json\/wp\/v2\/media?parent=588"}],"wp:term":[{"taxonomy":"category","embeddable":true,"href":"https:\/\/editionsbussiere.com\/blog\/wp-json\/wp\/v2\/categories?post=588"},{"taxonomy":"post_tag","embeddable":true,"href":"https:\/\/editionsbussiere.com\/blog\/wp-json\/wp\/v2\/tags?post=588"}],"curies":[{"name":"wp","href":"https:\/\/api.w.org\/{rel}","templated":true}]}}