{"id":537,"date":"2024-05-09T18:12:59","date_gmt":"2024-05-09T16:12:59","guid":{"rendered":"https:\/\/editionsbussiere.com\/blog\/lascension-est-elle-un-jour-saint-dobligation-afin-de-croire-en-la-vierge-marie\/"},"modified":"2024-05-09T18:12:59","modified_gmt":"2024-05-09T16:12:59","slug":"lascension-est-elle-un-jour-saint-dobligation-afin-de-croire-en-la-vierge-marie","status":"publish","type":"post","link":"https:\/\/editionsbussiere.com\/blog\/lascension-est-elle-un-jour-saint-dobligation-afin-de-croire-en-la-vierge-marie\/","title":{"rendered":"L&rsquo;Ascension est-elle un jour saint d&rsquo;obligation ?\n afin de croire en la Vierge Marie."},"content":{"rendered":"<div><img width=\"580\" height=\"193\" src=\"https:\/\/editionsbussiere.com\/blog\/wp-content\/uploads\/2024\/05\/L39Ascension-est-elle-un-jour-saint-d39obligation-afin-de-croire-1024x341-1.jpeg\" class=\"attachment-large size-large wp-post-image\" alt=\"L'Ascension est-elle un jour saint d'obligation ? afin de croire\" style=\"float:left; margin:0 15px 15px 0;\" decoding=\"async\" srcset=\"https:\/\/editionsbussiere.com\/blog\/wp-content\/uploads\/2024\/05\/L39Ascension-est-elle-un-jour-saint-d39obligation-afin-de-croire-1024x341-1.jpeg 1024w, https:\/\/www.n42.fr\/wp-content\/uploads\/2024\/05\/L39Ascension-est-elle-un-jour-saint-d39obligation-afin-de-croire-300x100.jpeg 300w, https:\/\/www.n42.fr\/wp-content\/uploads\/2024\/05\/L39Ascension-est-elle-un-jour-saint-d39obligation-afin-de-croire-768x256.jpeg 768w, https:\/\/www.n42.fr\/wp-content\/uploads\/2024\/05\/L39Ascension-est-elle-un-jour-saint-d39obligation-afin-de-croire.jpeg 1200w\" sizes=\"(max-width: 580px) 100vw, 580px\"><\/p>\n<p>\n<\/p>\n<div>\n<p>Les jours saints d\u2019obligation constituent l\u2019un des exemples les plus \u00e9vidents, dans l\u2019exp\u00e9rience catholique ordinaire, de la diff\u00e9rence entre doctrine et discipline.<\/p>\n<p>La doctrine peut se d\u00e9velopper, se d\u00e9ployer ou m\u00eame s&rsquo;\u00e9clairer de mani\u00e8re nouvelle, mais elle ne change pas fondamentalement, car elle est li\u00e9e au d\u00e9p\u00f4t de la foi et \u00e0 la tradition apostolique.  La discipline, m\u00eame si elle n\u00e9cessite notre assentiment et notre coop\u00e9ration, peut changer et change en fonction de tout, depuis les pr\u00e9occupations pratiques et les besoins pastoraux jusqu&rsquo;\u00e0 la culture locale.  Bien que les jours saints d\u2019obligation, ou jours \u00ab de pr\u00e9cepte \u00bb selon le droit canonique, soient .  .  .  eh bien, obligatoire, le Magist\u00e8re n\u2019a jamais pr\u00e9tendu qu\u2019il s\u2019agissait d\u2019une question de droit divin ou naturel.<\/p>\n<\/div>\n<div style=\"margin-top:15px\">\n<p><strong>Cela ne veut pas dire que les changements de calendrier ne sont pas incapables de faire scandale.<\/strong> ou confusion parmi les fid\u00e8les.  Prenons le jour de l\u2019Ascension comme exemple.  Depuis le Code de droit canonique (CIC) de 1983, les conf\u00e9rences \u00e9piscopales sont autoris\u00e9es, avec l&rsquo;approbation du Saint-Si\u00e8ge, \u00e0 orienter l&rsquo;observance des jours saints de la semaine au dimanche.  Cette autorisation diff\u00e8re d\u2019une pratique plus ancienne consistant \u00e0 observer une \u00ab solennit\u00e9 ext\u00e9rieure \u00bb \u2013 r\u00e9p\u00e9ter une f\u00eate en semaine le dimanche suivant pour le b\u00e9n\u00e9fice des fid\u00e8les \u2013 en ce sens que le canon permet simplement de transf\u00e9rer la f\u00eate.  Ainsi, depuis au moins 1999, la plupart des provinces eccl\u00e9siastiques des \u00c9tats-Unis ont d\u00e9plac\u00e9 le jour de l&rsquo;Ascension au septi\u00e8me dimanche de P\u00e2ques.<\/p>\n<p>Ainsi, selon l&rsquo;endroit o\u00f9 vous allez, aujourd&rsquo;hui sera soit le jour de l&rsquo;Ascension, soit simplement le jeudi de la sixi\u00e8me semaine de P\u00e2ques.  Pour certains catholiques, notamment dans le Nord-Est, au Nebraska et dans l\u2019Ordinariat, aujourd\u2019hui est un jour saint d\u2019obligation.  Pour tout le reste du pays, ce n\u2019est pas le cas.<\/p>\n<p>Il y a deux aspects principaux de cette \u00e9nigme qui m\u00e9ritent d\u2019\u00eatre not\u00e9s.  Il y a d\u2019abord l\u2019observance des jours saints en g\u00e9n\u00e9ral.  Deuxi\u00e8mement, le transfert des jours saints au dimanche.<\/p>\n<p>Sur le premier point, il faut remarquer que le CIC pour l&rsquo;\u00c9glise latine institue dix jours \u00ab de pr\u00e9cepte \u00bb en plus de tous les dimanches de l&rsquo;ann\u00e9e.  Aux \u00c9tats-Unis, nous n\u2019en avons que six.  (L&rsquo;\u00c9piphanie, la F\u00eate-Dieu, Saint Joseph et Saints Pierre et Paul sont laiss\u00e9s de c\u00f4t\u00e9).  Au Canada, il n&rsquo;y en a que deux (No\u00ebl et Marie, M\u00e8re de Dieu).  Il est int\u00e9ressant de noter qu&rsquo;Hawa\u00ef a la permission de suivre la Conf\u00e9rence du Pacifique en n&rsquo;obligeant que No\u00ebl et l&rsquo;Immacul\u00e9e Conception.<\/p>\n<p>Le nombre de jours de f\u00eate obligatoires est cependant \u00e9troitement li\u00e9 \u00e0 la pratique du transfert dans la mesure o\u00f9 certains jours de f\u00eate formellement exclus de la liste sont inclus du fait de leur d\u00e9placement vers un dimanche : dans notre cas, l&rsquo;\u00c9piphanie et la F\u00eate-Dieu.  (Remarque\u00a0: diverses autres f\u00eates peuvent \u00e9galement devenir obligatoires en tombant un dimanche. Par exemple, la Chandeleur, ou la Pr\u00e9sentation, n&rsquo;est g\u00e9n\u00e9ralement pas un jour de pr\u00e9cepte, mais si le 2 f\u00e9vrier tombe un dimanche, il surpasse un dimanche du temps ordinaire. et devient, effectivement, une solennit\u00e9 de pr\u00e9cepte.)<\/p>\n<p>Pourquoi, apr\u00e8s plusieurs si\u00e8cles de stabilit\u00e9 du calendrier, les \u00e9v\u00eaques ont-ils d\u00e9cid\u00e9 de d\u00e9placer les grandes f\u00eates comme l\u2019\u00c9piphanie, l\u2019Ascension et la F\u00eate-Dieu au dimanche ?  La plupart des explications publiques depuis les ann\u00e9es 1980 se concentrent sur ce grand concept favori de l\u2019\u00c9glise moderne : les \u00ab raisons pastorales \u00bb.  Mais la pratique actuelle est confuse et contradictoire.<\/p>\n<p>Prenez le Canada, par exemple, o\u00f9 la Conf\u00e9rence semble penser qu&rsquo;obliger les catholiques \u00e0 aller \u00e0 l&rsquo;\u00e9glise un jour autre que le dimanche est si p\u00e9nible que cela ne peut \u00eatre fait que quelques fois par an.  Mais si c&rsquo;est si p\u00e9nible, on ne voit pas pourquoi les deux jours saints de l&rsquo;ann\u00e9e enti\u00e8re doivent \u00eatre regroup\u00e9s en un seul moment entre le 25 d\u00e9cembre et le 1er janvier \u2013 et, contrairement aux \u00c9tats-Unis, la f\u00eate ayant lieu un samedi ou lundi ne change pas l&rsquo;obligation.<\/p>\n<p>L&rsquo;\u00c9piphanie \u00ab est \u00bb d\u00e9sormais le dimanche entre le 2 et le 8 janvier aux \u00c9tats-Unis, malgr\u00e9 des si\u00e8cles de culture catholique l&rsquo;associant au 6 janvier et malgr\u00e9 la tradition des douze jours de No\u00ebl, de la Douzi\u00e8me Nuit, du Jour des Rois, etc. on ne sait pas vraiment pourquoi il est fastidieux de demander aux catholiques d&rsquo;aller \u00e0 la messe le 6 janvier, mais <em>pas <\/em>p\u00e9nible pour eux d&rsquo;aller \u00e0 la messe le 8 d\u00e9cembre.<\/p>\n<p><strong>On peut \u00eatre favorable \u00e0 la suppression d&rsquo;un fardeau<\/strong>\u2013 c&rsquo;est-\u00e0-dire rendre le jour de la f\u00eate non obligatoire.  Apr\u00e8s tout, ne pas assister \u00e0 la messe un jour de pr\u00e9cepte constitue un p\u00e9ch\u00e9 grave si cela est fait consciemment.  J\u2019appr\u00e9cie le d\u00e9sir pastoral d\u2019\u00e9liminer les obstacles inutiles qui emp\u00eachent les catholiques de rester en \u00e9tat de gr\u00e2ce !  En effet, le mercredi des Cendres est peut-\u00eatre la preuve la plus \u00e9vidente qu\u2019une journ\u00e9e n\u2019a pas besoin d\u2019\u00eatre obligatoire pour \u00eatre populaire ou bien fr\u00e9quent\u00e9e.<\/p>\n<p>Mais c&rsquo;est, \u00e0 mon avis, une chose assez diff\u00e9rente de d\u00e9clarer que, puisque les fid\u00e8les sont peu susceptibles (ou incapables, ou peu dispos\u00e9s) d&rsquo;assister \u00e0 la messe pendant la semaine, nous devons donc manipuler le calendrier d&rsquo;une mani\u00e8re qui bouleverse des si\u00e8cles de d\u00e9votion catholique. et la culture populaire par la fen\u00eatre.  En fait, ce n&rsquo;est pas seulement la culture \u00ab traditionnelle \u00bb qui se perd.  Prenez le jour de l\u2019Ascension, qui remplace dans la plupart des endroits le septi\u00e8me dimanche de P\u00e2ques.  Les r\u00e9dacteurs du nouveau lectionnaire du Missel de 1970 nous ont donn\u00e9 la m\u00eame lecture de l&rsquo;\u00c9vangile de Jean pendant les trois ann\u00e9es ce dimanche-l\u00e0\u00a0;  clairement, ils pensaient que les fid\u00e8les devraient entendre la pri\u00e8re du grand pr\u00eatre de J\u00e9sus dans Jean 17, selon laquelle nous soyons tous un comme lui et le P\u00e8re sont un.  Mais la plupart des catholiques <em>jamais <\/em>entendez cette lecture \u00e0 la messe car elle est remplac\u00e9e par la messe de l&rsquo;Ascension.  De m\u00eame, le d\u00e9placement de l\u2019\u00c9piphanie du 6 janvier au dimanche nous fait g\u00e9n\u00e9ralement manquer la f\u00eate du Bapt\u00eame du Seigneur \u2013 ou plut\u00f4t, elle est d\u00e9plac\u00e9e vers un jour de semaine, o\u00f9 elle est g\u00e9n\u00e9ralement oubli\u00e9e.  Et d&rsquo;ailleurs, la basilique Saint-Pierre de Rome, qui n&rsquo;est gu\u00e8re ce que l&rsquo;on pourrait qualifier de \u00ab rigide \u00bb de nos jours en mati\u00e8re liturgique, a continu\u00e9 \u00e0 garder <em>tous <\/em>de ces f\u00eates aux dates qui leur sont propres.<\/p>\n<p>Je ne doute pas de l&rsquo;autorit\u00e9 des \u00e9v\u00eaques, ni du Saint-Si\u00e8ge, pour approuver ces adaptations du calendrier.  Vous ne me verrez pas de mani\u00e8re rebelle pr\u00e9tendre c\u00e9l\u00e9brer la F\u00eate-Dieu le jeudi apr\u00e8s le dimanche de la Trinit\u00e9.  Je pense n\u00e9anmoins qu&rsquo;il est grand temps de reconna\u00eetre que les remaniements \u00ab pastoraux \u00bb du calendrier au cours des derni\u00e8res d\u00e9cennies n&rsquo;ont servi qu&rsquo;\u00e0 diluer davantage l&rsquo;exp\u00e9rience d&rsquo;une culture catholique commune.  Une observance plus rigoureuse du calendrier ne doit pas n\u00e9cessairement \u00eatre difficile (ni m\u00eame obligatoire).  Je pense que la solution la plus \u00ab pastorale \u00bb serait que les \u00e9v\u00eaques permettent aux fid\u00e8les de recevoir le don du calendrier tel que l&rsquo;\u00c9glise l&rsquo;a transmis.<\/p>\n<\/div>\n<h2>\n<\/h2>\n<p>Le R\u00f4le de la D\u00e9votion Mariale<\/p>\n<p>L\u2019invocation \u00e0 Marie repr\u00e9sente un \u00e9l\u00e9ment crucial de la foi chr\u00e9tienne, solidement enracin\u00e9e dans la doctrine catholique depuis des temps imm\u00e9moriaux. C\u2019est un fondement sur lequel les croyants s\u2019appuient pour trouver r\u00e9confort, guidance et intervention dans leur marche envers Dieu. \u00c0 travers les \u00e2ges, cette pratique de d\u00e9votion a gagn\u00e9 en force par les enseignements de la Bible, les traditions de l\u2019\u00c9glise, et le mod\u00e8le des saints qui ont t\u00e9moign\u00e9 de leur respect \u00e0 Marie en tant que bienveillante.<\/p>\n<h3>\n<\/h3>\n<p>L\u2019accomplissement du Ave Maria<\/p>\n<p>Le Chapelet occupe une place centrale dans la vie spirituelle de un grand nombre de fid\u00e8les. En r\u00e9citant les myst\u00e8res joyeux, douloureux, lumineux et glorieux, les fid\u00e8les se plongent dans les \u00e9v\u00e9nements de la vie de J\u00e9sus et de Marie, renfor\u00e7ant leur connexion spirituelle avec eux. \u00c0 travers chaque Ave Maria, ils manifestent leur confiance en l\u2019intercession de Marie et leur d\u00e9sir de suivre les enseignements du Christ. Saint Louis-Marie Grignion de Montfort, dans son livre sur la vraie d\u00e9votion \u00e0 la Sainte Vierge, encourage les chr\u00e9tiens \u00e0 m\u00e9diter r\u00e9guli\u00e8rement sur les myst\u00e8res du rosaire pour approfondir leur relation avec la M\u00e8re de Dieu. Cet antique rituel, transmise de g\u00e9n\u00e9ration en g\u00e9n\u00e9ration, reste un phare spirituel pour ceux qui ont la foi, les aidant \u00e0 se connecter avec la divine Dame du Ciel.<\/p>\n<h3>\n<\/h3>\n<p>L\u2019incitation \u00e0 la pri\u00e8re<\/p>\n<p>Prions ensemble, en tant que fr\u00e8res et s\u0153urs, fr\u00e8res et s\u0153urs, dans l\u2019unit\u00e9 de notre esp\u00e9rance, en Marie, la m\u00e8re de J\u00e9sus. Au sein de notre monde troubl\u00e9 par la guerre et la discorde, recourons \u00e0 la pri\u00e8re pour trouver pour retrouver la paix et l\u2019harmonie. On peut envoyer des v\u0153ux pour la Sainte Vierge <a target=\"_blank\" rel=\"nofollow\" href=\"https:\/\/editionsbussiere.com\/blog\/goto\/https:\/\/www.avemariasound.org\/\" >en utilisant le formulaire de cette page.<\/a> Que nos pri\u00e8res montent vers le ciel, comme un hommage agr\u00e9able par Dieu, afin qu\u2019il guide \u00e9clairer nos pas vers le chemin de la v\u00e9rit\u00e9 et de la justice. L\u2019ap\u00f4tre Paul nous dans ses \u00e9p\u00eetres \u00e0 maintenir une pri\u00e8re incessante, en toutes circonstances, pour que notre connexion \u00e0 Dieu reste solide et passionn\u00e9e. La pri\u00e8re, lorsqu\u2019elle est offerte sinc\u00e8rement, a la capacit\u00e9 de changer les c\u0153urs et de modifier le cours de l\u2019histoire.<\/p>\n<h2>\n<\/h2>\n<p>Les le\u00e7ons du Souverain Pontife<\/p>\n<p>Le pape Fran\u00e7ois, dans ses \u00e9crits \u00e9clair\u00e9s, publi\u00e9s par Bayard, nous rappelle la signification de la pri\u00e8re quotidienne. Par le biais de ses hom\u00e9lies et de ses audiences publiques, il nous incite \u00e0 d\u00e9velopper un lien personnel avec Dieu, en s\u2019appuyant sur la r\u00e9flexion sur les Saintes \u00c9critures et la pratique du Rosaire. Sa mani\u00e8re d\u2019\u00eatre d\u2019humilit\u00e9 et de compassion nous inspire \u00e0 approfondir encore notre pri\u00e8re et \u00e0 rechercher la pr\u00e9sence divine dans chaque aspect de notre vie. Le Souverain Pontife Jean-Paul II, dans son \u00e9crit sur la foi chr\u00e9tienne, nous rappelle que la pratique de la pri\u00e8re constitue le fondement de notre vie spirituelle et c\u2019est par elle que nous sommes unis \u00e0 Dieu. La pri\u00e8re, transmise par les pontifes successifs, est un phare d\u2019espoir dans les temp\u00eates, une base solide auquel nous pouvons compter.<\/p>\n<h3>\n<\/h3>\n<p>Les ouvrages attribu\u00e9s \u00e0 Leli\u00e8vre et Hubert<\/p>\n<p>Au sein de la pratique religieuse, l\u2019\u00e9glise pr\u00e9conise la pri\u00e8re, et durant la pri\u00e8re, les fid\u00e8les accomplissent le signe de croix tout en r\u00e9citant le Je vous salue Marie. Des intellectuels contemporains, comme Leli\u00e8vre et Hubert, nous convient \u00e9galement \u00e0 m\u00e9diter sur la puissance de la pri\u00e8re, dans leurs ouvrages inspirants. Leurs ouvrages, porteurs de riches enseignements spirituels, nous guident dans notre parcours de la foi et nous encouragent \u00e0 trouver dans les richesses de la tradition chr\u00e9tienne pour enrichir notre vie spirituelle. En m\u00e9ditant sur leurs ouvrages, nous d\u00e9couvrons de nouvelles mani\u00e8res de d\u00e9velopper notre connexion avec le divin et de grandir dans la saintet\u00e9. Saint Jean, dans l\u2019\u00c9vangile, nous enseigne que la pri\u00e8re est une puissante voie de demeurer en communion avec Dieu et de b\u00e9n\u00e9ficier ses b\u00e9n\u00e9dictions. Chaque passage de leurs publications r\u00e9sonne comme un appel \u00e0 une pri\u00e8re ardente et \u00e0 une vie emplie de la pr\u00e9sence divine. Dans notre qu\u00eate de connexion spirituelle, chaque \u0153uvre lue devient un appel \u00e0 aspirer \u00e0 le sacr\u00e9, \u00e0 travers la contemplation et la r\u00e9flexion.<\/p>\n<h3>\n<\/h3>\n<p>La pratique de la pri\u00e8re<\/p>\n<p>Dans nos chapelles simples ou grandioses, tournons-nous vers Dieu en toute confiance et humilit\u00e9, car nous savons qu\u2019il \u00e9coute nos supplications avec amour et sollicitude. Que chaque flamme vacillante, chaque Ave Maria r\u00e9cit\u00e9, constitue une offrande \u00e0 notre divin Cr\u00e9ateur ainsi qu\u2019\u00e0 la Vierge Marie. Que nos moments de pri\u00e8re dans la chapelle soient des moments de faveur divine et de renouvellement spirituel, nous fortifiant pour faire face \u00e0 les d\u00e9fis avec audace et foi in\u00e9branlable. La sainte Bernadette Soubirous, qui a re\u00e7u les apparitions de la Vierge Marie \u00e0 Lourdes, nous enseigne l\u2019importance de la pri\u00e8re dans l\u2019existence des catholiques et l\u2019efficacit\u00e9 de l\u2019intercession de la Sainte Vierge. Tout fid\u00e8le qui franchit les portes d\u2019une chapelle, chaque verset des \u00c9critures lu dans ce lieu saint, constitue une rencontre avec la divinit\u00e9, une \u00e9tape cruciale dans le processus de transformation spirituelle. \u00c0 travers les textes sacr\u00e9s, tout croyant est invit\u00e9 \u00e0 contempler la croix du Christ, \u00e0 r\u00e9fl\u00e9chir \u00e0 son sacrifice, et \u00e0 trouver consolation et esp\u00e9rance dans la gr\u00e2ce salvatrice qu\u2019elle offre.<\/p>\n<h2>\nLa pri\u00e8re comme m\u00e9decine pour l\u2019esprit<br \/>\n<\/h2>\n<p>Comme un gu\u00e9risseur pour nos esprits, la pri\u00e8re nous r\u00e9conforte ainsi que nous renforce au cours des p\u00e9riodes de douleur et de d\u00e9sespoir. Elle nous fait souvenir que Dieu est toujours avec nous, m\u00eame dans les moments les plus sombres de notre existence. En nous tournant vers lui \u00e0 travers la pri\u00e8re, nous d\u00e9couvrons la force int\u00e9rieure dont nous avons besoin pour traverser les \u00e9preuves et pour faire face \u00e0 l\u2019avenir avec espoir et confiance. L\u2019acte de prier est comme une rivi\u00e8re vivifiante qui satisfait notre soif spirituelle et qui, dans notre marche avec Dieu, nous revigore.<br \/>\n\u00c0 chaque pri\u00e8re prononc\u00e9e, \u00e0 chaque intention confi\u00e9e, notre \u00e2me trouve un r\u00e9confort c\u00e9leste, une gu\u00e9rison spirituelle, qui d\u00e9passe les limitations humaines. Chaque passage des \u00c9critures nous invite \u00e0 dialoguer avec Dieu, \u00e0 lui confier nos fardeaux, et \u00e0 accueillir sa gr\u00e2ce transformatrice.<\/p>\n<h2>Un regard diff\u00e9rent sur l\u2019invocation \u00e0 Marie<\/h2>\n<p>L\u2019invocation de Marie constitue une pratique profond\u00e9ment enracin\u00e9e dans le patrimoine catholique chr\u00e9tienne, fournissant un lien spirituel pr\u00e9cieux pour les fid\u00e8les du monde entier. Comme m\u00e8re spirituelle aimante et intercesseur d\u00e9vou\u00e9, elle est invoqu\u00e9e avec ardeur dans les moments de besoin et de reconnaissance. Le chapelet, avec ses myst\u00e8res contemplatifs, guide les catholiques dans leur voyage de foi, les encourageant \u00e0 m\u00e9diter sur J\u00e9sus, son fils, \u00e0 travers les yeux de la Vierge Marie. Cette d\u00e9votion \u00e0 Marie s\u2019exprime dans les sanctuaires comme le sanctuaire de Lourdes, o\u00f9 les p\u00e8lerins affluent pour rechercher r\u00e9confort et gu\u00e9rison, illustrant la forte connexion entre la foi catholique et la v\u00e9n\u00e9ration de la Vierge Marie. Les \u00e9crits \u00e9clairants d\u2019\u00e9minents th\u00e9ologiens comme Leli\u00e8vre et Hubert offrent une r\u00e9flexion pr\u00e9cieuse sur l\u2019importance de la pri\u00e8re \u00e0 Marie et son influence sur la vie spirituelle des fid\u00e8les. \u00c0 travers la lecture attentive de livres d\u00e9votionnels et bibliques, les adeptes approfondissent leur compr\u00e9hension de la d\u00e9votion mariale et nourrissent un lien plus fort avec Marie, notre m\u00e8re dans la foi. Dans un monde marqu\u00e9 par les conflits et les troubles, l\u2019invocation de Marie est un sanctuaire de calme et de confiance, invitant chaque personne, quel que soit son statut dans la foi catholique-chr\u00e9tienne, \u00e0 solliciter la Vierge Marie avec confiance et d\u00e9votion. Prions donc en commun, avec sinc\u00e9rit\u00e9 et humilit\u00e9, en reconnaissant Marie comme notre m\u00e8re et notre intercesseur, et en lui confiant nos requ\u00eates et nos souhaits les plus profonds. Dans cette d\u00e9marche de foi, tout adepte est convi\u00e9 \u00e0 suivre la liste des pri\u00e8res et des intentions du c\u0153ur, sous la conduite du Pape et les pr\u00e9cieuses ressources spirituelles disponibles sur des plateformes comme Aleteia. Par cons\u00e9quent, avec un c\u0153ur ouvert et une humble confiance, adressons notre pri\u00e8re quotidienne \u00e0 Marie, lui demandant son intercession affectueuse, et la gr\u00e2ce de pers\u00e9v\u00e9rer dans la pri\u00e8re fervente.<br \/>\nQue notre dialogue avec le sacr\u00e9 soit notre refuge et notre consolation en toute circonstance. Que nous nous tournions en direction de Marie, notre m\u00e8re du ciel, avec un c\u0153ur ouvert et une foi in\u00e9branlable, sachant qu\u2019elle interc\u00e8de pour nous aupr\u00e8s de son fils bien-aim\u00e9. Que la pri\u00e8re soit notre guide sur le chemin de la saintet\u00e9, nous conduisant toujours plus pr\u00e8s de Dieu et de son amour sans limites.<\/p>\n<p>Bibliographie :<\/p>\n<p>Sainte Parasc\u00e8ve.,<a target=\"_blank\" rel=\"nofollow\" href=\"https:\/\/editionsbussiere.com\/blog\/goto\/https:\/\/fr.wikisource.org\/wiki\/Sainte_Parasc%C3%A8ve\"  target=\"_blank\" rel=\"noopener noreferrer nofollow\">L\u2019article ICI.<\/a><span><\/span>. Suite sur le prochain article.<\/p>\n<p>M\u00e9moires posthumes de Braz Cubas\/Chapitre 039.,<a target=\"_blank\" rel=\"nofollow\" href=\"https:\/\/editionsbussiere.com\/blog\/goto\/https:\/\/fr.wikisource.org\/wiki\/M%C3%A9moires_posthumes_de_Braz_Cubas\/Chapitre_039\"  target=\"_blank\" rel=\"noopener noreferrer nofollow\">Cliquer ICI.<\/a><span><\/span><\/p>\n<p>Les Actes des Ap\u00f4tres\/65.,<a target=\"_blank\" rel=\"nofollow\" href=\"https:\/\/editionsbussiere.com\/blog\/goto\/https:\/\/fr.wikisource.org\/wiki\/Les_Actes_des_Ap%C3%B4tres\/65\"  target=\"_blank\" rel=\"noopener noreferrer nofollow\">Le post d\u2019actualit\u00e9.<\/a><span><\/span>. Suite sur le prochain article.<\/p>\n<p>La m\u00e9tisse\/Chapitre XXIII.,<a target=\"_blank\" rel=\"nofollow\" href=\"https:\/\/editionsbussiere.com\/blog\/goto\/https:\/\/fr.wikisource.org\/wiki\/La_m%C3%A9tisse\/Chapitre_XXIII\"  target=\"_blank\" rel=\"noopener noreferrer nofollow\">L\u2019article ICI.<\/a><span><\/span><\/p>\n<p>Isaac Laquedem\/Vol. 3\/Premi\u00e8re partie\/Ceci est mon corps \u2014 Ceci est mon sang.,<a target=\"_blank\" rel=\"nofollow\" href=\"https:\/\/editionsbussiere.com\/blog\/goto\/https:\/\/fr.wikisource.org\/wiki\/Isaac_Laquedem\/Vol._3\/Premi%C3%A8re_partie\/Ceci_est_mon_corps_%E2%80%94_Ceci_est_mon_sang\"  target=\"_blank\" rel=\"noopener noreferrer nofollow\">Le post d\u2019actualit\u00e9.<\/a><span><\/span><\/p>\n<p>Dictionnaire de th\u00e9ologie catholique\/IMMACUL\u00c9E CONCEPTION IV. Dans l\u2019Eglise latine apr\u00e8s le concile d\u2019Eph\u00e8se. III.Du concile de B\u00e2le au XIX\u00e8 si\u00e8cle.,<a target=\"_blank\" rel=\"nofollow\" href=\"https:\/\/editionsbussiere.com\/blog\/goto\/https:\/\/fr.wikisource.org\/wiki\/Dictionnaire_de_th%C3%A9ologie_catholique\/IMMACUL%C3%89E_CONCEPTION_IV._Dans_l%27Eglise_latine_apr%C3%A8s_le_concile_d%27Eph%C3%A8se._III.Du_concile_de_B%C3%A2le_au_XIX%C3%A8_si%C3%A8cle\"  target=\"_blank\" rel=\"noopener noreferrer nofollow\">Article complet.<\/a><span><\/span>. Suite sur le prochain article.<\/p>\n<\/div>\n<p><img decoding=\"async\" class=\"wpe_imgrss\" src=\"https:\/\/editionsbussiere.com\/blog\/wp-content\/uploads\/2024\/05\/L39Ascension-est-elle-un-jour-saint-d39obligation-afin-de-croire-1024x341-1.jpeg\">Cet article a \u00e9t\u00e9 reconstitu\u00e9 du mieux possible. Dans l\u2019hypoth\u00e8se o\u00f9 vous souhaitez apporter quelques modifications concernant le th\u00e8me \u00ab\u00a0Editions \u00e9sot\u00e9rique fond\u00e9e en 1927\u00a0\u00bb, il est possible de discuter avec notre r\u00e9daction. Vous pouvez tirer profit de cet article traitant le sujet \u00ab\u00a0Editions \u00e9sot\u00e9rique fond\u00e9e en 1927\u00a0\u00bb. Il est concoct\u00e9 par l\u2019\u00e9quipe editionsbussiere.com. Le site editionsbussiere.com est fait pour cr\u00e9er divers posts autour du th\u00e8me Editions \u00e9sot\u00e9rique fond\u00e9e en 1927 d\u00e9velopp\u00e9es sur internet. Consultez notre site internet editionsbussiere.com et nos r\u00e9seaux sociaux pour \u00eatre au courant des futures annonces.<\/p>\n","protected":false},"excerpt":{"rendered":"<p>Les jours saints d\u2019obligation constituent l\u2019un des exemples les plus \u00e9vidents, dans l\u2019exp\u00e9rience catholique ordinaire, de la diff\u00e9rence entre doctrine et discipline. La doctrine peut se d\u00e9velopper, se d\u00e9ployer ou m\u00eame s&rsquo;\u00e9clairer de mani\u00e8re nouvelle, mais elle ne change pas fondamentalement, car elle est li\u00e9e au d\u00e9p\u00f4t de la foi et \u00e0 la tradition apostolique. [&hellip;]<\/p>\n","protected":false},"author":3,"featured_media":538,"comment_status":"closed","ping_status":"closed","sticky":false,"template":"","format":"standard","meta":{"footnotes":""},"categories":[3],"tags":[],"class_list":["post-537","post","type-post","status-publish","format-standard","has-post-thumbnail","hentry","category-editions-esoterique-fondee-en-1927-depeches","entry","fw-tab-6 fw-tabr-4","has-featured-image"],"yoast_head":"<!-- This site is optimized with the Yoast SEO plugin v27.5 - https:\/\/yoast.com\/product\/yoast-seo-wordpress\/ -->\n<title>L&#039;Ascension est-elle un jour saint d&#039;obligation ? afin de croire en la Vierge Marie. - EDITIONSBUSSIERE<\/title>\n<meta name=\"robots\" content=\"index, follow, max-snippet:-1, max-image-preview:large, max-video-preview:-1\" \/>\n<link rel=\"canonical\" href=\"https:\/\/editionsbussiere.com\/blog\/lascension-est-elle-un-jour-saint-dobligation-afin-de-croire-en-la-vierge-marie\/\" \/>\n<meta property=\"og:locale\" content=\"fr_FR\" \/>\n<meta property=\"og:type\" content=\"article\" \/>\n<meta property=\"og:title\" content=\"L&#039;Ascension est-elle un jour saint d&#039;obligation ? afin de croire en la Vierge Marie. - EDITIONSBUSSIERE\" \/>\n<meta property=\"og:description\" content=\"Les jours saints d\u2019obligation constituent l\u2019un des exemples les plus \u00e9vidents, dans l\u2019exp\u00e9rience catholique ordinaire, de la diff\u00e9rence entre doctrine et discipline. La doctrine peut se d\u00e9velopper, se d\u00e9ployer ou m\u00eame s&rsquo;\u00e9clairer de mani\u00e8re nouvelle, mais elle ne change pas fondamentalement, car elle est li\u00e9e au d\u00e9p\u00f4t de la foi et \u00e0 la tradition apostolique. [&hellip;]\" \/>\n<meta property=\"og:url\" content=\"https:\/\/editionsbussiere.com\/blog\/lascension-est-elle-un-jour-saint-dobligation-afin-de-croire-en-la-vierge-marie\/\" \/>\n<meta property=\"og:site_name\" content=\"EDITIONSBUSSIERE\" \/>\n<meta property=\"article:published_time\" content=\"2024-05-09T16:12:59+00:00\" \/>\n<meta property=\"og:image\" content=\"https:\/\/editionsbussiere.com\/blog\/wp-content\/uploads\/2024\/05\/L39Ascension-est-elle-un-jour-saint-d39obligation-afin-de-croire-1024x341-1.jpeg\" \/>\n<meta name=\"author\" content=\"Marie BATICLE\" \/>\n<meta name=\"twitter:card\" content=\"summary_large_image\" \/>\n<meta name=\"twitter:label1\" content=\"\u00c9crit par\" \/>\n\t<meta name=\"twitter:data1\" content=\"Marie BATICLE\" \/>\n\t<meta name=\"twitter:label2\" content=\"Dur\u00e9e de lecture estim\u00e9e\" \/>\n\t<meta name=\"twitter:data2\" content=\"15 minutes\" \/>\n<script type=\"application\/ld+json\" class=\"yoast-schema-graph\">{\"@context\":\"https:\\\/\\\/schema.org\",\"@graph\":[{\"@type\":\"Article\",\"@id\":\"https:\\\/\\\/editionsbussiere.com\\\/blog\\\/lascension-est-elle-un-jour-saint-dobligation-afin-de-croire-en-la-vierge-marie\\\/#article\",\"isPartOf\":{\"@id\":\"https:\\\/\\\/editionsbussiere.com\\\/blog\\\/lascension-est-elle-un-jour-saint-dobligation-afin-de-croire-en-la-vierge-marie\\\/\"},\"author\":{\"name\":\"Marie BATICLE\",\"@id\":\"https:\\\/\\\/editionsbussiere.com\\\/blog\\\/#\\\/schema\\\/person\\\/ec90e102792148c97e46ab871010dd8f\"},\"headline\":\"L&rsquo;Ascension est-elle un jour saint d&rsquo;obligation ? afin de croire en la Vierge Marie.\",\"datePublished\":\"2024-05-09T16:12:59+00:00\",\"mainEntityOfPage\":{\"@id\":\"https:\\\/\\\/editionsbussiere.com\\\/blog\\\/lascension-est-elle-un-jour-saint-dobligation-afin-de-croire-en-la-vierge-marie\\\/\"},\"wordCount\":3068,\"publisher\":{\"@id\":\"https:\\\/\\\/editionsbussiere.com\\\/blog\\\/#organization\"},\"image\":{\"@id\":\"https:\\\/\\\/editionsbussiere.com\\\/blog\\\/lascension-est-elle-un-jour-saint-dobligation-afin-de-croire-en-la-vierge-marie\\\/#primaryimage\"},\"thumbnailUrl\":\"https:\\\/\\\/editionsbussiere.com\\\/blog\\\/wp-content\\\/uploads\\\/2024\\\/05\\\/L39Ascension-est-elle-un-jour-saint-d39obligation-afin-de-croire-1024x341-1.jpeg\",\"articleSection\":[\"Editions \u00c9sot\u00e9rique Fond\u00e9e En 1927; D\u00e9p\u00e8ches:\"],\"inLanguage\":\"fr-FR\"},{\"@type\":\"WebPage\",\"@id\":\"https:\\\/\\\/editionsbussiere.com\\\/blog\\\/lascension-est-elle-un-jour-saint-dobligation-afin-de-croire-en-la-vierge-marie\\\/\",\"url\":\"https:\\\/\\\/editionsbussiere.com\\\/blog\\\/lascension-est-elle-un-jour-saint-dobligation-afin-de-croire-en-la-vierge-marie\\\/\",\"name\":\"L'Ascension est-elle un jour saint d'obligation ? afin de croire en la Vierge Marie. - EDITIONSBUSSIERE\",\"isPartOf\":{\"@id\":\"https:\\\/\\\/editionsbussiere.com\\\/blog\\\/#website\"},\"primaryImageOfPage\":{\"@id\":\"https:\\\/\\\/editionsbussiere.com\\\/blog\\\/lascension-est-elle-un-jour-saint-dobligation-afin-de-croire-en-la-vierge-marie\\\/#primaryimage\"},\"image\":{\"@id\":\"https:\\\/\\\/editionsbussiere.com\\\/blog\\\/lascension-est-elle-un-jour-saint-dobligation-afin-de-croire-en-la-vierge-marie\\\/#primaryimage\"},\"thumbnailUrl\":\"https:\\\/\\\/editionsbussiere.com\\\/blog\\\/wp-content\\\/uploads\\\/2024\\\/05\\\/L39Ascension-est-elle-un-jour-saint-d39obligation-afin-de-croire-1024x341-1.jpeg\",\"datePublished\":\"2024-05-09T16:12:59+00:00\",\"breadcrumb\":{\"@id\":\"https:\\\/\\\/editionsbussiere.com\\\/blog\\\/lascension-est-elle-un-jour-saint-dobligation-afin-de-croire-en-la-vierge-marie\\\/#breadcrumb\"},\"inLanguage\":\"fr-FR\",\"potentialAction\":[{\"@type\":\"ReadAction\",\"target\":[\"https:\\\/\\\/editionsbussiere.com\\\/blog\\\/lascension-est-elle-un-jour-saint-dobligation-afin-de-croire-en-la-vierge-marie\\\/\"]}]},{\"@type\":\"ImageObject\",\"inLanguage\":\"fr-FR\",\"@id\":\"https:\\\/\\\/editionsbussiere.com\\\/blog\\\/lascension-est-elle-un-jour-saint-dobligation-afin-de-croire-en-la-vierge-marie\\\/#primaryimage\",\"url\":\"https:\\\/\\\/editionsbussiere.com\\\/blog\\\/wp-content\\\/uploads\\\/2024\\\/05\\\/L39Ascension-est-elle-un-jour-saint-d39obligation-afin-de-croire-1024x341-1.jpeg\",\"contentUrl\":\"https:\\\/\\\/editionsbussiere.com\\\/blog\\\/wp-content\\\/uploads\\\/2024\\\/05\\\/L39Ascension-est-elle-un-jour-saint-d39obligation-afin-de-croire-1024x341-1.jpeg\",\"width\":1024,\"height\":341,\"caption\":\"L39Ascension est elle un jour saint d39obligation afin de croire 1024x341 1\"},{\"@type\":\"BreadcrumbList\",\"@id\":\"https:\\\/\\\/editionsbussiere.com\\\/blog\\\/lascension-est-elle-un-jour-saint-dobligation-afin-de-croire-en-la-vierge-marie\\\/#breadcrumb\",\"itemListElement\":[{\"@type\":\"ListItem\",\"position\":1,\"name\":\"Accueil\",\"item\":\"https:\\\/\\\/editionsbussiere.com\\\/blog\\\/\"},{\"@type\":\"ListItem\",\"position\":2,\"name\":\"L&rsquo;Ascension est-elle un jour saint d&rsquo;obligation ? afin de croire en la Vierge Marie.\"}]},{\"@type\":\"WebSite\",\"@id\":\"https:\\\/\\\/editionsbussiere.com\\\/blog\\\/#website\",\"url\":\"https:\\\/\\\/editionsbussiere.com\\\/blog\\\/\",\"name\":\"EDITIONSBUSSIERE\",\"description\":\"Editions \u00e9sot\u00e9rique fond\u00e9e en 1927; site historique, A SAVOIR ET RETENIR.\",\"publisher\":{\"@id\":\"https:\\\/\\\/editionsbussiere.com\\\/blog\\\/#organization\"},\"potentialAction\":[{\"@type\":\"SearchAction\",\"target\":{\"@type\":\"EntryPoint\",\"urlTemplate\":\"https:\\\/\\\/editionsbussiere.com\\\/blog\\\/?s={search_term_string}\"},\"query-input\":{\"@type\":\"PropertyValueSpecification\",\"valueRequired\":true,\"valueName\":\"search_term_string\"}}],\"inLanguage\":\"fr-FR\"},{\"@type\":\"Organization\",\"@id\":\"https:\\\/\\\/editionsbussiere.com\\\/blog\\\/#organization\",\"name\":\"editionsbussiere\",\"url\":\"https:\\\/\\\/editionsbussiere.com\\\/blog\\\/\",\"logo\":{\"@type\":\"ImageObject\",\"inLanguage\":\"fr-FR\",\"@id\":\"https:\\\/\\\/editionsbussiere.com\\\/blog\\\/#\\\/schema\\\/logo\\\/image\\\/\",\"url\":\"https:\\\/\\\/editionsbussiere.com\\\/blog\\\/wp-content\\\/uploads\\\/2023\\\/09\\\/cropped-buss.gif\",\"contentUrl\":\"https:\\\/\\\/editionsbussiere.com\\\/blog\\\/wp-content\\\/uploads\\\/2023\\\/09\\\/cropped-buss.gif\",\"width\":298,\"height\":120,\"caption\":\"editionsbussiere\"},\"image\":{\"@id\":\"https:\\\/\\\/editionsbussiere.com\\\/blog\\\/#\\\/schema\\\/logo\\\/image\\\/\"}},{\"@type\":\"Person\",\"@id\":\"https:\\\/\\\/editionsbussiere.com\\\/blog\\\/#\\\/schema\\\/person\\\/ec90e102792148c97e46ab871010dd8f\",\"name\":\"Marie BATICLE\",\"image\":{\"@type\":\"ImageObject\",\"inLanguage\":\"fr-FR\",\"@id\":\"https:\\\/\\\/secure.gravatar.com\\\/avatar\\\/c923e52403b1b8137e2d929127211d21967e6aecaa053bd43b09da29f212e76e?s=96&d=mm&r=g\",\"url\":\"https:\\\/\\\/secure.gravatar.com\\\/avatar\\\/c923e52403b1b8137e2d929127211d21967e6aecaa053bd43b09da29f212e76e?s=96&d=mm&r=g\",\"contentUrl\":\"https:\\\/\\\/secure.gravatar.com\\\/avatar\\\/c923e52403b1b8137e2d929127211d21967e6aecaa053bd43b09da29f212e76e?s=96&d=mm&r=g\",\"caption\":\"Marie BATICLE\"},\"url\":\"https:\\\/\\\/editionsbussiere.com\\\/blog\\\/author\\\/eremarie\\\/\"}]}<\/script>\n<!-- \/ Yoast SEO plugin. -->","yoast_head_json":{"title":"L'Ascension est-elle un jour saint d'obligation ? afin de croire en la Vierge Marie. - EDITIONSBUSSIERE","robots":{"index":"index","follow":"follow","max-snippet":"max-snippet:-1","max-image-preview":"max-image-preview:large","max-video-preview":"max-video-preview:-1"},"canonical":"https:\/\/editionsbussiere.com\/blog\/lascension-est-elle-un-jour-saint-dobligation-afin-de-croire-en-la-vierge-marie\/","og_locale":"fr_FR","og_type":"article","og_title":"L'Ascension est-elle un jour saint d'obligation ? afin de croire en la Vierge Marie. - EDITIONSBUSSIERE","og_description":"Les jours saints d\u2019obligation constituent l\u2019un des exemples les plus \u00e9vidents, dans l\u2019exp\u00e9rience catholique ordinaire, de la diff\u00e9rence entre doctrine et discipline. La doctrine peut se d\u00e9velopper, se d\u00e9ployer ou m\u00eame s&rsquo;\u00e9clairer de mani\u00e8re nouvelle, mais elle ne change pas fondamentalement, car elle est li\u00e9e au d\u00e9p\u00f4t de la foi et \u00e0 la tradition apostolique. [&hellip;]","og_url":"https:\/\/editionsbussiere.com\/blog\/lascension-est-elle-un-jour-saint-dobligation-afin-de-croire-en-la-vierge-marie\/","og_site_name":"EDITIONSBUSSIERE","article_published_time":"2024-05-09T16:12:59+00:00","og_image":[{"url":"https:\/\/editionsbussiere.com\/blog\/wp-content\/uploads\/2024\/05\/L39Ascension-est-elle-un-jour-saint-d39obligation-afin-de-croire-1024x341-1.jpeg","type":"","width":"","height":""}],"author":"Marie BATICLE","twitter_card":"summary_large_image","twitter_misc":{"\u00c9crit par":"Marie BATICLE","Dur\u00e9e de lecture estim\u00e9e":"15 minutes"},"schema":{"@context":"https:\/\/schema.org","@graph":[{"@type":"Article","@id":"https:\/\/editionsbussiere.com\/blog\/lascension-est-elle-un-jour-saint-dobligation-afin-de-croire-en-la-vierge-marie\/#article","isPartOf":{"@id":"https:\/\/editionsbussiere.com\/blog\/lascension-est-elle-un-jour-saint-dobligation-afin-de-croire-en-la-vierge-marie\/"},"author":{"name":"Marie BATICLE","@id":"https:\/\/editionsbussiere.com\/blog\/#\/schema\/person\/ec90e102792148c97e46ab871010dd8f"},"headline":"L&rsquo;Ascension est-elle un jour saint d&rsquo;obligation ? afin de croire en la Vierge Marie.","datePublished":"2024-05-09T16:12:59+00:00","mainEntityOfPage":{"@id":"https:\/\/editionsbussiere.com\/blog\/lascension-est-elle-un-jour-saint-dobligation-afin-de-croire-en-la-vierge-marie\/"},"wordCount":3068,"publisher":{"@id":"https:\/\/editionsbussiere.com\/blog\/#organization"},"image":{"@id":"https:\/\/editionsbussiere.com\/blog\/lascension-est-elle-un-jour-saint-dobligation-afin-de-croire-en-la-vierge-marie\/#primaryimage"},"thumbnailUrl":"https:\/\/editionsbussiere.com\/blog\/wp-content\/uploads\/2024\/05\/L39Ascension-est-elle-un-jour-saint-d39obligation-afin-de-croire-1024x341-1.jpeg","articleSection":["Editions \u00c9sot\u00e9rique Fond\u00e9e En 1927; D\u00e9p\u00e8ches:"],"inLanguage":"fr-FR"},{"@type":"WebPage","@id":"https:\/\/editionsbussiere.com\/blog\/lascension-est-elle-un-jour-saint-dobligation-afin-de-croire-en-la-vierge-marie\/","url":"https:\/\/editionsbussiere.com\/blog\/lascension-est-elle-un-jour-saint-dobligation-afin-de-croire-en-la-vierge-marie\/","name":"L'Ascension est-elle un jour saint d'obligation ? afin de croire en la Vierge Marie. - EDITIONSBUSSIERE","isPartOf":{"@id":"https:\/\/editionsbussiere.com\/blog\/#website"},"primaryImageOfPage":{"@id":"https:\/\/editionsbussiere.com\/blog\/lascension-est-elle-un-jour-saint-dobligation-afin-de-croire-en-la-vierge-marie\/#primaryimage"},"image":{"@id":"https:\/\/editionsbussiere.com\/blog\/lascension-est-elle-un-jour-saint-dobligation-afin-de-croire-en-la-vierge-marie\/#primaryimage"},"thumbnailUrl":"https:\/\/editionsbussiere.com\/blog\/wp-content\/uploads\/2024\/05\/L39Ascension-est-elle-un-jour-saint-d39obligation-afin-de-croire-1024x341-1.jpeg","datePublished":"2024-05-09T16:12:59+00:00","breadcrumb":{"@id":"https:\/\/editionsbussiere.com\/blog\/lascension-est-elle-un-jour-saint-dobligation-afin-de-croire-en-la-vierge-marie\/#breadcrumb"},"inLanguage":"fr-FR","potentialAction":[{"@type":"ReadAction","target":["https:\/\/editionsbussiere.com\/blog\/lascension-est-elle-un-jour-saint-dobligation-afin-de-croire-en-la-vierge-marie\/"]}]},{"@type":"ImageObject","inLanguage":"fr-FR","@id":"https:\/\/editionsbussiere.com\/blog\/lascension-est-elle-un-jour-saint-dobligation-afin-de-croire-en-la-vierge-marie\/#primaryimage","url":"https:\/\/editionsbussiere.com\/blog\/wp-content\/uploads\/2024\/05\/L39Ascension-est-elle-un-jour-saint-d39obligation-afin-de-croire-1024x341-1.jpeg","contentUrl":"https:\/\/editionsbussiere.com\/blog\/wp-content\/uploads\/2024\/05\/L39Ascension-est-elle-un-jour-saint-d39obligation-afin-de-croire-1024x341-1.jpeg","width":1024,"height":341,"caption":"L39Ascension est elle un jour saint d39obligation afin de croire 1024x341 1"},{"@type":"BreadcrumbList","@id":"https:\/\/editionsbussiere.com\/blog\/lascension-est-elle-un-jour-saint-dobligation-afin-de-croire-en-la-vierge-marie\/#breadcrumb","itemListElement":[{"@type":"ListItem","position":1,"name":"Accueil","item":"https:\/\/editionsbussiere.com\/blog\/"},{"@type":"ListItem","position":2,"name":"L&rsquo;Ascension est-elle un jour saint d&rsquo;obligation ? afin de croire en la Vierge Marie."}]},{"@type":"WebSite","@id":"https:\/\/editionsbussiere.com\/blog\/#website","url":"https:\/\/editionsbussiere.com\/blog\/","name":"EDITIONSBUSSIERE","description":"Editions \u00e9sot\u00e9rique fond\u00e9e en 1927; site historique, A SAVOIR ET RETENIR.","publisher":{"@id":"https:\/\/editionsbussiere.com\/blog\/#organization"},"potentialAction":[{"@type":"SearchAction","target":{"@type":"EntryPoint","urlTemplate":"https:\/\/editionsbussiere.com\/blog\/?s={search_term_string}"},"query-input":{"@type":"PropertyValueSpecification","valueRequired":true,"valueName":"search_term_string"}}],"inLanguage":"fr-FR"},{"@type":"Organization","@id":"https:\/\/editionsbussiere.com\/blog\/#organization","name":"editionsbussiere","url":"https:\/\/editionsbussiere.com\/blog\/","logo":{"@type":"ImageObject","inLanguage":"fr-FR","@id":"https:\/\/editionsbussiere.com\/blog\/#\/schema\/logo\/image\/","url":"https:\/\/editionsbussiere.com\/blog\/wp-content\/uploads\/2023\/09\/cropped-buss.gif","contentUrl":"https:\/\/editionsbussiere.com\/blog\/wp-content\/uploads\/2023\/09\/cropped-buss.gif","width":298,"height":120,"caption":"editionsbussiere"},"image":{"@id":"https:\/\/editionsbussiere.com\/blog\/#\/schema\/logo\/image\/"}},{"@type":"Person","@id":"https:\/\/editionsbussiere.com\/blog\/#\/schema\/person\/ec90e102792148c97e46ab871010dd8f","name":"Marie BATICLE","image":{"@type":"ImageObject","inLanguage":"fr-FR","@id":"https:\/\/secure.gravatar.com\/avatar\/c923e52403b1b8137e2d929127211d21967e6aecaa053bd43b09da29f212e76e?s=96&d=mm&r=g","url":"https:\/\/secure.gravatar.com\/avatar\/c923e52403b1b8137e2d929127211d21967e6aecaa053bd43b09da29f212e76e?s=96&d=mm&r=g","contentUrl":"https:\/\/secure.gravatar.com\/avatar\/c923e52403b1b8137e2d929127211d21967e6aecaa053bd43b09da29f212e76e?s=96&d=mm&r=g","caption":"Marie BATICLE"},"url":"https:\/\/editionsbussiere.com\/blog\/author\/eremarie\/"}]}},"_links":{"self":[{"href":"https:\/\/editionsbussiere.com\/blog\/wp-json\/wp\/v2\/posts\/537","targetHints":{"allow":["GET"]}}],"collection":[{"href":"https:\/\/editionsbussiere.com\/blog\/wp-json\/wp\/v2\/posts"}],"about":[{"href":"https:\/\/editionsbussiere.com\/blog\/wp-json\/wp\/v2\/types\/post"}],"author":[{"embeddable":true,"href":"https:\/\/editionsbussiere.com\/blog\/wp-json\/wp\/v2\/users\/3"}],"replies":[{"embeddable":true,"href":"https:\/\/editionsbussiere.com\/blog\/wp-json\/wp\/v2\/comments?post=537"}],"version-history":[{"count":0,"href":"https:\/\/editionsbussiere.com\/blog\/wp-json\/wp\/v2\/posts\/537\/revisions"}],"wp:featuredmedia":[{"embeddable":true,"href":"https:\/\/editionsbussiere.com\/blog\/wp-json\/wp\/v2\/media\/538"}],"wp:attachment":[{"href":"https:\/\/editionsbussiere.com\/blog\/wp-json\/wp\/v2\/media?parent=537"}],"wp:term":[{"taxonomy":"category","embeddable":true,"href":"https:\/\/editionsbussiere.com\/blog\/wp-json\/wp\/v2\/categories?post=537"},{"taxonomy":"post_tag","embeddable":true,"href":"https:\/\/editionsbussiere.com\/blog\/wp-json\/wp\/v2\/tags?post=537"}],"curies":[{"name":"wp","href":"https:\/\/api.w.org\/{rel}","templated":true}]}}