{"id":534,"date":"2024-05-09T00:05:24","date_gmt":"2024-05-08T22:05:24","guid":{"rendered":"https:\/\/editionsbussiere.com\/blog\/le-frere-jesuite-darrell-burns-ancien-aumonier-de-loyola-blakefield-decede-a-79-ans-supplication-pour-commencer-la-journee\/"},"modified":"2024-05-09T00:05:24","modified_gmt":"2024-05-08T22:05:24","slug":"le-frere-jesuite-darrell-burns-ancien-aumonier-de-loyola-blakefield-decede-a-79-ans-supplication-pour-commencer-la-journee","status":"publish","type":"post","link":"https:\/\/editionsbussiere.com\/blog\/le-frere-jesuite-darrell-burns-ancien-aumonier-de-loyola-blakefield-decede-a-79-ans-supplication-pour-commencer-la-journee\/","title":{"rendered":"Le fr\u00e8re j\u00e9suite Darrell Burns, ancien aum\u00f4nier de Loyola Blakefield, d\u00e9c\u00e8de \u00e0 79 ans\n &amp; supplication pour commencer la journ\u00e9e."},"content":{"rendered":"<div><img width=\"580\" height=\"387\" src=\"https:\/\/editionsbussiere.com\/blog\/wp-content\/uploads\/2024\/05\/Le-frere-jesuite-Darrell-Burns-ancien-aumonier-de-Loyola-Blakefield.jpg\" class=\"attachment-large size-large wp-post-image\" alt=\"Le fr\u00e8re j\u00e9suite Darrell Burns, ancien aum\u00f4nier de Loyola Blakefield,\" style=\"float:left; margin:0 15px 15px 0;\" decoding=\"async\" srcset=\"https:\/\/editionsbussiere.com\/blog\/wp-content\/uploads\/2024\/05\/Le-frere-jesuite-Darrell-Burns-ancien-aumonier-de-Loyola-Blakefield.jpg 900w, https:\/\/www.n42.fr\/wp-content\/uploads\/2024\/05\/Le-frere-jesuite-Darrell-Burns-ancien-aumonier-de-Loyola-Blakefield-300x200.jpg 300w, https:\/\/www.n42.fr\/wp-content\/uploads\/2024\/05\/Le-frere-jesuite-Darrell-Burns-ancien-aumonier-de-Loyola-Blakefield-768x512.jpg 768w\" sizes=\"(max-width: 580px) 100vw, 580px\"><\/p>\n<p>\n<\/p>\n<div>\n<p>Une messe fun\u00e9raire sera offerte le 10 mai \u00e0 10 heures \u00e0 St. Joseph \u00e0 Cockeysville pour le fr\u00e8re j\u00e9suite Darrell J. Burns.  Fr\u00e8re Darrell, ancien directeur de th\u00e9\u00e2tre et aum\u00f4nier de Loyola Blakefield \u00e0 Towson, est d\u00e9c\u00e9d\u00e9 le 3 mai. Il avait 79 ans.<\/p>\n<p>Cet enseignant natif de Canonsburg, en Pennsylvanie, a \u00e9t\u00e9 directeur des admissions et a dirig\u00e9 les Blakefield Players \u00e0 Loyola de 1970 \u00e0 1973. Il est revenu en 1984 pour servir pendant 11 ans en tant qu&rsquo;aum\u00f4nier de l&rsquo;\u00e9cole.<\/p>\n<p>Ailleurs, fr\u00e8re Darrell a \u00e9t\u00e9 professeur adjoint de th\u00e9\u00e2tre et aum\u00f4nier du ROTC \u00e0 l&rsquo;Universit\u00e9 Xavier de Cincinnati.  Il a \u00e9galement enseign\u00e9 l&rsquo;anglais et fond\u00e9 le d\u00e9partement d&rsquo;art dramatique du Xavier High School de Cincinnati.  De plus, il a servi comme aum\u00f4nier \u00e0 Scranton Prep.<\/p>\n<p>Il est entr\u00e9 dans la Compagnie de J\u00e9sus au noviciat de St. Isaac Jogues \u00e0 Wernersville, Pennsylvanie, le 1er f\u00e9vrier 1964. Il a obtenu un dipl\u00f4me en arts de la communication et une ma\u00eetrise en th\u00e9ologie de l&rsquo;Universit\u00e9 Xavier.  Il a \u00e9galement obtenu une ma\u00eetrise en th\u00e9\u00e2tre de la Case Western Reserve University de Cleveland.<\/p>\n<p>En 2019, fr\u00e8re Darrell a rejoint la communaut\u00e9 j\u00e9suite de Colombi\u00e8re \u00e0 Baltimore pour exercer le minist\u00e8re pastoral.<\/p>\n<section class=\"ab-block-post-grid featuredpost aligncenter\">\n<h2 class=\"ab-post-grid-section-title\">Lire plus de n\u00e9crologies<\/h2>\n<div class=\"ab-post-grid-items is-grid columns-3\">\n<article id=\"post-244870\" class=\"ab-post-grid-item post-244870 post type-post status-publish format-standard has-post-thumbnail category-feature category-local-news category-news category-obituaries entry\">\n<div class=\"ab-block-post-grid-image\"><img decoding=\"async\" width=\"900\" height=\"600\" src=\"https:\/\/editionsbussiere.com\/blog\/wp-content\/uploads\/2024\/05\/OBIT-WAGNER-ssj.jpg\" class=\"attachment-full size-full\" alt=\"\" loading=\"lazy\" srcset=\"https:\/\/editionsbussiere.com\/blog\/wp-content\/uploads\/2024\/05\/OBIT-WAGNER-ssj.jpg 900w, https:\/\/catholicreview.org\/wp-content\/uploads\/2024\/05\/OBIT-WAGNER-ssj-300x200.jpg 300w, https:\/\/catholicreview.org\/wp-content\/uploads\/2024\/05\/OBIT-WAGNER-ssj-768x512.jpg 768w, https:\/\/catholicreview.org\/wp-content\/uploads\/2024\/05\/OBIT-WAGNER-ssj-600x400.jpg 600w\" sizes=\"auto, (max-width: 900px) 100vw, 900px\"><\/div>\n<div class=\"ab-block-post-grid-text\">\n<header class=\"ab-block-post-grid-header\">\n<h3 class=\"ab-block-post-grid-title\">Le p\u00e8re Jos\u00e9phite Richard Wagner est d\u00e9c\u00e9d\u00e9 \u00e0 91 ans<\/h3>\n<\/header>\n<\/div>\n<\/article>\n<article id=\"post-244244\" class=\"ab-post-grid-item post-244244 post type-post status-publish format-standard has-post-thumbnail category-feature category-local-news category-news category-obituaries entry\">\n<div class=\"ab-block-post-grid-image\"><img decoding=\"async\" width=\"900\" height=\"600\" src=\"https:\/\/editionsbussiere.com\/blog\/wp-content\/uploads\/2024\/05\/obit-sister-mary-louise-cr.jpg\" class=\"attachment-full size-full\" alt=\"\" loading=\"lazy\" srcset=\"https:\/\/editionsbussiere.com\/blog\/wp-content\/uploads\/2024\/05\/obit-sister-mary-louise-cr.jpg 900w, https:\/\/catholicreview.org\/wp-content\/uploads\/2024\/04\/obit-sister-mary-louise-cr-300x200.jpg 300w, https:\/\/catholicreview.org\/wp-content\/uploads\/2024\/04\/obit-sister-mary-louise-cr-768x512.jpg 768w, https:\/\/catholicreview.org\/wp-content\/uploads\/2024\/04\/obit-sister-mary-louise-cr-600x400.jpg 600w\" sizes=\"auto, (max-width: 900px) 100vw, 900px\"><\/div>\n<div class=\"ab-block-post-grid-text\">\n<header class=\"ab-block-post-grid-header\">\n<h3 class=\"ab-block-post-grid-title\">S\u0153ur Mary Louise Zollars, qui s&rsquo;occupait des pauvres de Baltimore, est d\u00e9c\u00e9d\u00e9e \u00e0 91 ans<\/h3>\n<\/header>\n<\/div>\n<\/article>\n<article id=\"post-244151\" class=\"ab-post-grid-item post-244151 post type-post status-publish format-standard has-post-thumbnail category-local-news category-news category-obituaries entry\">\n<div class=\"ab-block-post-grid-image\"><img decoding=\"async\" width=\"900\" height=\"604\" src=\"https:\/\/editionsbussiere.com\/blog\/wp-content\/uploads\/2024\/05\/deacon-coster-obit.jpg\" class=\"attachment-full size-full\" alt=\"\" loading=\"lazy\" srcset=\"https:\/\/editionsbussiere.com\/blog\/wp-content\/uploads\/2024\/05\/deacon-coster-obit.jpg 900w, https:\/\/catholicreview.org\/wp-content\/uploads\/2024\/04\/deacon-coster-obit-300x201.jpg 300w, https:\/\/catholicreview.org\/wp-content\/uploads\/2024\/04\/deacon-coster-obit-768x515.jpg 768w\" sizes=\"auto, (max-width: 900px) 100vw, 900px\"><\/div>\n<div class=\"ab-block-post-grid-text\">\n<header class=\"ab-block-post-grid-header\">\n<h3 class=\"ab-block-post-grid-title\">Le diacre Coster, qui a servi deux d\u00e9cennies \u00e0 Westminster, d\u00e9c\u00e8de \u00e0 91 ans<\/h3>\n<\/header>\n<\/div>\n<\/article>\n<article id=\"post-243969\" class=\"ab-post-grid-item post-243969 post type-post status-publish format-standard has-post-thumbnail category-feature category-local-news category-news category-obituaries entry\">\n<div class=\"ab-block-post-grid-image\"><img decoding=\"async\" width=\"900\" height=\"600\" src=\"https:\/\/editionsbussiere.com\/blog\/wp-content\/uploads\/2024\/05\/obit-sister-peggy.jpg\" class=\"attachment-full size-full\" alt=\"\" loading=\"lazy\" srcset=\"https:\/\/editionsbussiere.com\/blog\/wp-content\/uploads\/2024\/05\/obit-sister-peggy.jpg 900w, https:\/\/catholicreview.org\/wp-content\/uploads\/2024\/04\/obit-sister-peggy-300x200.jpg 300w, https:\/\/catholicreview.org\/wp-content\/uploads\/2024\/04\/obit-sister-peggy-768x512.jpg 768w, https:\/\/catholicreview.org\/wp-content\/uploads\/2024\/04\/obit-sister-peggy-600x400.jpg 600w\" sizes=\"auto, (max-width: 900px) 100vw, 900px\"><\/div>\n<div class=\"ab-block-post-grid-text\">\n<header class=\"ab-block-post-grid-header\">\n<h3 class=\"ab-block-post-grid-title\">S\u0153ur Peggy Mathewson, infirmi\u00e8re surveillante des S\u0153urs du Bon Secours, est d\u00e9c\u00e9d\u00e9e \u00e0 82 ans<\/h3>\n<\/header>\n<\/div>\n<\/article>\n<article id=\"post-243664\" class=\"ab-post-grid-item post-243664 post type-post status-publish format-standard has-post-thumbnail category-local-news category-news category-obituaries entry\">\n<div class=\"ab-block-post-grid-image\"><img decoding=\"async\" width=\"900\" height=\"600\" src=\"https:\/\/editionsbussiere.com\/blog\/wp-content\/uploads\/2024\/05\/sister-peggy-mccabe-obit-cr.jpg\" class=\"attachment-full size-full\" alt=\"\" loading=\"lazy\" srcset=\"https:\/\/editionsbussiere.com\/blog\/wp-content\/uploads\/2024\/05\/sister-peggy-mccabe-obit-cr.jpg 900w, https:\/\/catholicreview.org\/wp-content\/uploads\/2024\/04\/sister-peggy-mccabe-obit-cr-300x200.jpg 300w, https:\/\/catholicreview.org\/wp-content\/uploads\/2024\/04\/sister-peggy-mccabe-obit-cr-768x512.jpg 768w, https:\/\/catholicreview.org\/wp-content\/uploads\/2024\/04\/sister-peggy-mccabe-obit-cr-600x400.jpg 600w\" sizes=\"auto, (max-width: 900px) 100vw, 900px\"><\/div>\n<div class=\"ab-block-post-grid-text\">\n<header class=\"ab-block-post-grid-header\">\n<h3 class=\"ab-block-post-grid-title\">S\u0153ur Margaret McCabe, d\u00e9fenseure de la sant\u00e9 mentale, d\u00e9c\u00e8de \u00e0 80 ans<\/h3>\n<\/header>\n<\/div>\n<\/article>\n<article id=\"post-243630\" class=\"ab-post-grid-item post-243630 post type-post status-publish format-standard has-post-thumbnail category-feature category-local-news category-news category-obituaries entry\">\n<div class=\"ab-block-post-grid-image\"><img decoding=\"async\" width=\"900\" height=\"600\" src=\"https:\/\/editionsbussiere.com\/blog\/wp-content\/uploads\/2024\/05\/Anne-Marie-Mack.jpg\" class=\"attachment-full size-full\" alt=\"\" loading=\"lazy\" srcset=\"https:\/\/editionsbussiere.com\/blog\/wp-content\/uploads\/2024\/05\/Anne-Marie-Mack.jpg 900w, https:\/\/catholicreview.org\/wp-content\/uploads\/2024\/04\/Anne-Marie-Mack-300x200.jpg 300w, https:\/\/catholicreview.org\/wp-content\/uploads\/2024\/04\/Anne-Marie-Mack-768x512.jpg 768w, https:\/\/catholicreview.org\/wp-content\/uploads\/2024\/04\/Anne-Marie-Mack-600x400.jpg 600w\" sizes=\"auto, (max-width: 900px) 100vw, 900px\"><\/div>\n<div class=\"ab-block-post-grid-text\">\n<header class=\"ab-block-post-grid-header\">\n<h3 class=\"ab-block-post-grid-title\">S\u0153ur Anne Marie Mack, ancienne pr\u00e9sidente des S\u0153urs du Bon Secours USA, est d\u00e9c\u00e9d\u00e9e \u00e0 76 ans<\/h3>\n<\/header>\n<\/div>\n<\/article>\n<\/div>\n<\/section>\n<p class=\"post-copyright\">Copyright \u00a9 2024 M\u00e9dias de revue catholique<\/p>\n<p class=\"print-friendly\"><img decoding=\"async\" class=\"WP-PrintIcon\" src=\"https:\/\/editionsbussiere.com\/blog\/wp-content\/uploads\/2024\/05\/printer_famfamfam.gif\" alt=\"Imprimer\" title=\"Imprimer\" style=\"border: 0px;\"> Imprimer<\/p>\n<p>\t\t\t<!--<rdf:RDF xmlns:rdf=\"http:\/\/www.w3.org\/1999\/02\/22-rdf-syntax-ns#\"\n\t\t\txmlns:dc=\"http:\/\/purl.org\/dc\/elements\/1.1\/\"\n\t\t\txmlns:trackback=\"http:\/\/madskills.com\/public\/xml\/rss\/module\/trackback\/\">\n\t\t<rdf:Description rdf:about=\"https:\/\/catholicreview.org\/jesuit-brother-burns-former-chaplain-at-loyola-blakefield-dies-at-79\/\"\n    dc:identifier=\"https:\/\/catholicreview.org\/jesuit-brother-burns-former-chaplain-at-loyola-blakefield-dies-at-79\/\"\n    dc:title=\"Jesuit Brother Darrell Burns, former chaplain at Loyola Blakefield, dies at 79\"\n    trackback:ping=\"https:\/\/catholicreview.org\/jesuit-brother-burns-former-chaplain-at-loyola-blakefield-dies-at-79\/trackback\/\" \/>\n<\/rdf:RDF>-->\n<\/p>\n<\/div>\n<h2>Une p\u00e9riode de communion intime afin de nous ouvrir avec Dieu. <\/h2>\n<p>Adorable P\u00e8re divin, j\u2019arrive en face de toi afin de te rendre gr\u00e2ce en raison de cette fra\u00eeche journ\u00e9e. Je te loue pour ta bont\u00e9 et ton engagement envers moi. Je t\u2019implore de me remplir par ta pr\u00e9sence et de me donner la gr\u00e2ce de ressentir pr\u00e8s de moi pendant toute la dur\u00e9e de cette journ\u00e9e. Je te confie toutes mes soucis, mes plaisirs, mes chagrins, mes d\u00e9sirs et mes esp\u00e9rances. Puisses ton Esprit Saint \u00e9claire de sa lumi\u00e8re mon esprit et fortifie ma foi, pour que je puisse marcher dans ta voie et accomplir ta volont\u00e9. Octroie-moi la gr\u00e2ce de mener selon la compassion qui tu nous as illustr\u00e9 l\u2019exemple \u00e0 travers ton Fils bien-aim\u00e9, J\u00e9sus-Christ.<\/p>\n<h3> Note \u00e0 propos de compr\u00e9hension : <\/h3>\n<p>L\u2019acte de pri\u00e8re nous entra\u00eene dans la famille sacr\u00e9e, o\u00f9 Dieu le P\u00e8re nous prend comme ses enfants bien-aim\u00e9s. Au sein de cette relation familial, nous d\u00e9couvrons le courage et le r\u00e9confort en vue de affronter les difficult\u00e9s de ce monde. Elle nous renvoie \u00e0 les enseignements de Pierre, celui-ci incite les disciples du Christ \u00e0 demeurer fermes dans la foi, m\u00eame face \u00e0 au c\u0153ur des \u00e9preuves de ce monde-ci.<\/p>\n<h3>\nRenforcer notre lien avec J\u00e9sus d\u00e8s chaque matin<\/h3>\n<p>Nous pouvons m\u00e9diter \u00e0 propos de l\u2019un des \u00e9vangiles en vue de nous ouvrir avec J\u00e9sus. Par exemple :<\/p>\n<h3>Jean 15, 9-17 : <\/h3>\n<p>\u00a0\u00bb<br \/>\nC\u2019est ici mon commandement: Aimez-vous les uns les autres, comme je vous ai aim\u00e9s. Il n\u2019y a pas de plus grand amour que de donner sa vie pour ses amis. Vous \u00eates mes amis, si vous faites ce que je vous commande. Je ne vous appelle plus serviteurs, parce que le serviteur ne sait pas ce que fait son ma\u00eetre; mais je vous ai appel\u00e9s amis, parce que je vous ai fait conna\u00eetre tout ce que j\u2019ai appris de mon P\u00e8re.\u00a0\u00bb<\/p>\n<h2> Demander r\u00e9mission \u00e0 Dieu \u00e0 cause de nos p\u00e9ch\u00e9s <\/h2>\n<p>Ma\u00eetre J\u00e9sus, je viens te supplier de pardonner mes propres p\u00e9ch\u00e9s. Je suis que je ne suis pas parfait et que j\u2019ai besoin de ton mis\u00e9ricorde. Je te demande de me d\u00e9livrer de tout ce qui me \u00e9loigne de toi et de me octroyer la gr\u00e2ce de vivre en accord avec ta volont\u00e9. Que ta b\u00e9n\u00e9diction divine \u00e9claire les coins les plus sombres de mon c\u0153ur, purifiant ma personne et me conduisant sur la route de la saintet\u00e9. Amen.<\/p>\n<h3> Discussion en le Seigneur de la m\u00eame mani\u00e8re que en compagnie de un ami. <\/h3>\n<p>Nous sommes capables de discuter avec Dieu comme \u00e0 un ami fid\u00e8le, le Seigneur confier nos joies et nos peines, l\u2019\u00c9ternel demander de l\u2019aide dans nos d\u00e9fis quotidiens. Par exemple : Seigneur, merci \u00e0 cause de cette nouvelle journ\u00e9e. Je me pr\u00e9sente te supplier m\u2019assister \u00e0 \u00eatre tol\u00e9rant \u00e0 l\u2019\u00e9gard de mes enfants et de me accorder la vigueur de faire face aux d\u00e9fis de la journ\u00e9e. Je te remets mes projets et mes soucis, et je supplie de me montrer de quelle fa\u00e7on je peux te rendre service et t\u2019honorer aujourd\u2019hui. Accorde-moi, \u00f4 Seigneur, ton intelligence pour que je puisse prendre les bonnes d\u00e9cisions et ta gr\u00e2ce pour traverser les \u00e9preuves avec foi. Amen.<\/p>\n<h3> Un moment de silence pour entendre Dieu. <\/h3>\n<p>Apr\u00e8s cette pri\u00e8re et une m\u00e9ditation, il est important de prendre quelques moment de silence en vue de \u00e9couter la voix de Dieu dans nos c\u0153urs. Dans ce silence, on peut ressentir sa pr\u00e9sence sereine et recevoir ses inspirations en vue de la journ\u00e9e \u00e0.<\/p>\n<h3> Se orienter en direction de le Christ afin de d\u00e9couvrir une paix int\u00e9rieure. <\/h3>\n<p>Nous pouvons prier J\u00e9sus de nous accorder sa paix et de nous assister en vue de \u00e9couter sa parole. Par exemple :<br \/>\nSeigneur J\u00e9sus, je viens te implorer de remplir mon c\u0153ur par ta tendresse. Je te demande m\u2019assister me d\u00e9gager de toutes pens\u00e9es et les inqui\u00e9tudes qui. Aide-moi en vue de \u00e9couter ta parole et pour la mettre en pratique dans ma vie. Que ton Esprit Saint, \u00f4 Christ, soit ma force pendant toute la dur\u00e9e de cette journ\u00e9e. Amen.<\/p>\n<h3> Achever la pri\u00e8re matinale en offrant notre journ\u00e9e \u00e0 Dieu. <\/h3>\n<p>Nous avons la capacit\u00e9 d\u2019offrir notre journ\u00e9e envers Dieu et lui demander pour la remplir de sa pr\u00e9sence et de sa b\u00e9n\u00e9diction. Par exemple :<br \/>\nSeigneur, je te confie cette journ\u00e9e entre tes mains. Que tous de mes pas soit dirig\u00e9 par ton sagesse, que toutes de mes paroles soit inspir\u00e9e par ton amour. Que toutes mes actions soient accomplies selon ton volont\u00e9, pour ton gloire et le bien. Que ta divine lumi\u00e8re \u00e9claire ma route et \u00e9galement que tu habites mon c\u0153ur. Amen.<\/p>\n<h3> Invocation d\u2019intercession matinale. <\/h3>\n<p>La invocation du matin consiste \u00e0 implorer pour les besoins de tous les chr\u00e9tiennes et de tous les chr\u00e9tiens. Nous avons la possibilit\u00e9 de prier pour les personnes dans le besoin, pour les malades, pour les personnes qui se trouvent souffrent, pour les personnes qui se trouvent confront\u00e9es \u00e0 des difficult\u00e9s, pour les personnes d\u00e9courag\u00e9es et pour les personnes qui sont dans l\u2019erreur.<\/p>\n<h3> Prier en vue de l\u2019ensemble des individus dans le besoin. <\/p>\n<h3>\n<\/h3>\n<\/h3>\n<p>Divin, dans ta grande mis\u00e9ricorde, nous te supplions afin de l\u2019ensemble des personnes qui traversent d\u2019innombrables difficult\u00e9s financi\u00e8res. Que vous leur accordes la force et la pers\u00e9v\u00e9rance en vue de surmonter ces \u00e9preuves, ainsi que que tu leur apportes les ressources n\u00e9cessaires en vue de subvenir \u00e0 l\u2019ensemble de leurs besoins. Accorde-leur, Dieu Tout-Puissant, votre providence afin de guider leur pas dans l\u2019ombre de leurs soucis financiers.<\/p>\n<p>On te implorons \u00e9galement afin de toutes personnes qui luttent vis-\u00e0-vis de de probl\u00e8mes de sant\u00e9. Que votre main puissante se pose sur elles, Seigneur, pour les gu\u00e9rir et les r\u00e9conforter dans leur douleur. Accorde-leur, \u00f4, la force et aussi le courage de faire face \u00e0 leurs d\u00e9fis de sant\u00e9 en ayant confiance en ta divine providence.<\/p>\n<p>Nous autres te demandons aussi afin de l\u2019ensemble des personnes qui sont confront\u00e9es vis-\u00e0-vis de des difficult\u00e9s dans leur vie, peu importe ce soit sur le secteur professionnel, relationnel ou \u00e9motionnel. Que ta gr\u00e2ce, Seigneur, reste leur soutien et aussi leur r\u00e9confort dans ces moments d\u2019\u00e9preuve. Accorde-leur, \u00f4, ton Esprit Saint afin de \u00e9clairer leur chemin et les guider vers la s\u00e9r\u00e9nit\u00e9.<\/p>\n<p>Pour terminer, nous lui prions en vue de toutes personnes qui sont sans-abri, les personnes qui sont marginalis\u00e9es et aussi exclues de la soci\u00e9t\u00e9. Que votre mis\u00e9ricorde, Seigneur, se r\u00e9pande sur elles comme une douce ros\u00e9e, leur apportant r\u00e9confort et \u00e9galement espoir dans leur d\u00e9tresse. Accorde-leur, \u00f4, des mains g\u00e9n\u00e9reuses en vue de les aider et aussi des c\u0153urs compatissants pour les accueillir dans leur communaut\u00e9.<\/p>\n<h3> d\u00e9veloppement sur la pri\u00e8re du matin. <\/h3>\n<p>Durant la pri\u00e8re, nous \u00e9levons nos \u00e2mes envers le Ciel, suppliant la lumi\u00e8re de Dieu pour \u00e9clairer nos chemins obscurs. Marie, notre m\u00e8re, nous soutient dans ce cheminement, nous instruisant \u00e0 contempler sur les myst\u00e8res de la vie de son divin enfant. Elle nous guide vers J\u00e9sus, le phare du monde, qui illumine nos t\u00e9n\u00e8bres et nous conduit \u00e0 la v\u00e9rit\u00e9.<br \/>\nLa pri\u00e8re nous relie aussi \u00e0 notre communaut\u00e9 c\u00e9leste, la assembl\u00e9e des croyants, o\u00f9 nous partageons nos contentements et nos douleurs, nos espoirs et nos anxi\u00e9t\u00e9s. Collectivement, nous formons le corps du Christ, convoqu\u00e9s \u00e0 attester de son amour. Par nos pri\u00e8res, nous sollicitons pour les besoins des croyantes et des fid\u00e8les, donnant notre charit\u00e9 et notre compassion \u00e0 ceux qui endurent.<br \/>\nUnissons-nous dans la pri\u00e8re du matin, dans notre confiance, en Marie, la m\u00e8re de notre Seigneur J\u00e9sus-Christ. Au sein de notre monde tourment\u00e9 par la guerre et la discorde, optons \u00e0 la pri\u00e8re pour trouver pour trouver la paix et la r\u00e9conciliation. Chacun envoyer une intention de pri\u00e8re pour Marie <a target=\"_blank\" rel=\"nofollow\" href=\"https:\/\/editionsbussiere.com\/blog\/goto\/https:\/\/www.avemariasound.org\/\" >gr\u00e2ce \u00e0 notre site.<\/a> Que nos pri\u00e8res montent vers le ciel, comme une offrande re\u00e7u avec faveur \u00e0 Dieu, pour qu\u2019il puisse \u00e9clairer nos pas vers la voie de la v\u00e9rit\u00e9 et de la justice. L\u2019ap\u00f4tre Paul nous exhorte dans ses \u00e9p\u00eetres \u00e0 maintenir une pri\u00e8re incessante, quelle que soit la situation, afin que notre connexion \u00e0 Dieu soit constante et ardente. La pri\u00e8re, lorsqu\u2019elle est offerte sinc\u00e8rement, a le pouvoir pour changer nos c\u0153urs et de modifier le destin de l\u2019histoire.<\/p>\n<h2> \u00c9lever nos pri\u00e8res pour notre entourage au Seigneur de bon matin.<\/h2>\n<p>L\u2019ultime ultime partie de la pri\u00e8re du matin consiste \u00e0 prier pour nos proches \u00eatres chers, nos famille, nos coll\u00e8gues et nos communaut\u00e9. Nous pouvons prier pour leur, leur bien-\u00eatre, leur s\u00fbret\u00e9, et leur r\u00e9ussite. Nous pouvons \u00e9galement prier pour nos ennemis et pour celles qui nous ont offens\u00e9s, et demander \u00e0 Dieu de nous aider \u00e0 leur propre pardonner et \u00e0 leur t\u00e9moigner de la compassion.<\/p>\n<h3> Prier pour la sant\u00e9 et la s\u00e9curit\u00e9 de nos amis.<\/h3>\n<p>\u00d4 Seigneur, nous autres te confions nos amis, nos familles avec nos connaissances. Veille, \u00d4 Dieu, sur eux, ainsi que sauvegarde -les de tout danger et de toute maladie. Donne, \u00d4 Seigneur, la vigueur du corps et de l\u2019esprit \u00e0 eux, et la paix dans leur esprit. Puisses-tu permettre ta guidance puissante les esprits veille avec les individus dirige tout au long de cette journ\u00e9e, afin qu\u2019ils puissent vivre dans une protection ainsi que la paix.<\/p>\n<p>Nous \u00e0 toi prions \u00e9galement pour notre enfants, Seigneur tout-puissant, afin qu\u2019ils grandissent dans leur foi avec dans l\u2019amour de ton sacr\u00e9 nom. Accorde, \u00f4 Dieu, une sagesse avec la force n\u00e9cessaires en vue de faire face \u00e0 les obstacles de la vie, et aussi conduise leurs pas le long de le chemin de la v\u00e9rit\u00e9 et de la justice.<\/p>\n<p>Enfin, nous tous te prions en vue de nos amis ainsi que nos voisins, Seigneur, pour qu\u2019ils d\u00e9couvrent la joie de ton amour avec la paix de ton pardon. Offre-leur, \u00f4 Dieu, des c\u0153urs bienveillants afin de partager avec ceux que dans le besoin, ainsi que mains ouvertes en vue de accueillir ceux qui seuls et aussi abandonn\u00e9s.<\/p>\n<h3> Prier pour nos ennemis et aussi ceux qui sont nous autres ont offens\u00e9s. <\/h3>\n<p>\u00d4 Seigneur, J\u00e9sus, nous vous prions pour notre ennemis et pour ceux-ci qui sont nous autres ont offens\u00e9s. Accorde-leur, \u00f4 J\u00e9sus, votre mis\u00e9ricorde et aussi ton pardon, et aussi ouvre leur c\u0153ur \u00e0 la lumi\u00e8re de ta v\u00e9rit\u00e9. Aide-nous, Seigneur, \u00e0 leur montrer de la compassion et \u00e0 leur pardonner comme tu nous as pardonn\u00e9. Que votre paix r\u00e8gne dans nos c\u0153urs ainsi que que votre amour guide notre actions, pour que nous puissions vivre en harmonie avec tous ceux qui sont nous-m\u00eames entourent.<\/p>\n<h3> Appr\u00e9hender l\u2019 pri\u00e8re : <\/h3>\n<p>Pour terminer, l\u2019 invocation nous souviens notre mission comme enfant de Dieu : \u00eatre des t\u00e9moins de sa lumi\u00e8re et de son affection dans une p\u00e9riode touch\u00e9e aux obscurit\u00e9s. \u00c0 travers nos paroles et nos actions, nous propageons l\u2019\u00c9vangile de l\u2019 s\u00e9r\u00e9nit\u00e9 et de la r\u00e9conciliation, offrant l\u2019esp\u00e9rance et la cicatrisation \u00e0 un milieu endommag\u00e9.<\/p>\n<p>\u00c0 l\u2019int\u00e9rieur de la spiritualit\u00e9 chr\u00e9tienne, le matin adopte une importance sp\u00e9ciale, illustrant le rafra\u00eechissement et la r\u00e9g\u00e9n\u00e9ration spirituelle. C\u2019est \u00e0 l\u2019aube de chaque matin\u00e9e que le c\u0153ur se dirige vers l\u2019\u00c9ternel dans l\u2019oraison, recherchant \u00e0 se trouver \u00e9clair\u00e9e par la clart\u00e9 c\u00e9leste. L\u2019habitude des pri\u00e8res matinales s\u2019av\u00e8re profond\u00e9ment enracin\u00e9e dans le patrimoine chr\u00e9tienne, fournissant un moment particulier pour communier avec l\u2019\u00c9ternel et se disposer int\u00e9rieurement aux \u00e9preuves de la journ\u00e9e qui vient.<\/p>\n<p>\u00c0 au sein de ces pri\u00e8res matinales se trouve souvent une d\u00e9votion distincte \u00e0 l\u2019\u00e9gard de Marie, la m\u00e8re de J\u00e9sus et figure sainte ador\u00e9e aupr\u00e8s de beaucoup fid\u00e8les. En qualit\u00e9 de m\u00e9diatrice parmi les hommes et Dieu, Marie est sollicit\u00e9e afin de m\u00e9dier en notre faveur, nous orientant sur le sentier de la saintet\u00e9 et de la gr\u00e2ce divine. Son pr\u00e9sentation maternelle donne r\u00e9confort et protection, cercant nos propres oraisons matinales avec une d\u00e9licatesse c\u00e9leste.<\/p>\n<p>Au via les pri\u00e8res du matin, on est invit\u00e9s \u00e0 se joindre \u00e0 Marie au sein de une d\u00e9marche de b\u00e9atification personnelle. Dans m\u00e9ditant sur sa vie et les vertus, nous cherchons \u00e0 imiter sa humilit\u00e9, sa puret\u00e9 et son ob\u00e9issance \u00e0 la volont\u00e9 du Dieu. \u00c0 travers sa saintet\u00e9 exemplaire, Marie est en nous un mod\u00e8le de vie chr\u00e9tienne, on rappelant l\u2019importance du pri\u00e8re et de la contemplation au sein de notre cheminement spirituel.<\/p>\n<p>La pri\u00e8re du matin se trouve \u00eatre un instant privil\u00e9gi\u00e9 pour se consacrer \u00e0 Dieu avec l\u2019intercession de Marie, en offrant nos acclamations, nos reconnaissances ainsi que nos intentions les plus profondes. Dans l\u2019 qui\u00e9tude du l\u2019aurore, on est invit\u00e9s pour se tourner \u00e0 cette maman divine, laquelle on guide avec affection au sujet de du chemin de la foi et du sentiment amoureux divin. En unissant notre voix \u00e0 celle de Marie, on haussant nos pri\u00e8res matinales \u00e0 le tr\u00f4ne du du don divin, assur\u00e9s que notre supplications seront entendues et accueillies aupr\u00e8s de du c\u0153ur mis\u00e9ricordieux de Dieu.<\/p>\n<p>A lire:<\/p>\n<p>Ne nous frappons pas\/Le Perroquet missionnaire.,<a target=\"_blank\" rel=\"nofollow\" href=\"https:\/\/editionsbussiere.com\/blog\/goto\/https:\/\/fr.wikisource.org\/wiki\/Ne_nous_frappons_pas\/Le_Perroquet_missionnaire\"  target=\"_blank\" rel=\"noopener noreferrer nofollow\">Le texte de l\u2019article.<\/a><span><\/span><\/p>\n<p>Marie (Auguste Brizeux)\/Marie, IX.,<a target=\"_blank\" rel=\"nofollow\" href=\"https:\/\/editionsbussiere.com\/blog\/goto\/https:\/\/fr.wikisource.org\/wiki\/Marie_(Auguste_Brizeux)\/Marie,_IX\"  target=\"_blank\" rel=\"noopener noreferrer nofollow\">Le post d\u2019actualit\u00e9.<\/a><span><\/span>. Suite sur le prochain article.<\/p>\n<p>Les Contemplations\/Le Pont.,<a target=\"_blank\" rel=\"nofollow\" href=\"https:\/\/editionsbussiere.com\/blog\/goto\/https:\/\/fr.wikisource.org\/wiki\/Les_Contemplations\/Le_Pont\"  target=\"_blank\" rel=\"noopener noreferrer nofollow\">Cliquer ICI.<\/a><span><\/span><\/p>\n<p>Le souper chez le Commandeur.,<a target=\"_blank\" rel=\"nofollow\" href=\"https:\/\/editionsbussiere.com\/blog\/goto\/https:\/\/fr.wikisource.org\/wiki\/Le_souper_chez_le_Commandeur\"  target=\"_blank\" rel=\"noopener noreferrer nofollow\">Le post d\u2019actualit\u00e9.<\/a><span><\/span><\/p>\n<p>La L\u00e9gende dor\u00e9e\/Les Rogations.,<a target=\"_blank\" rel=\"nofollow\" href=\"https:\/\/editionsbussiere.com\/blog\/goto\/https:\/\/fr.wikisource.org\/wiki\/La_L%C3%A9gende_dor%C3%A9e\/Les_Rogations\"  target=\"_blank\" rel=\"noopener noreferrer nofollow\">Ici.<\/a><span><\/span><\/p>\n<p>Dictionnaire de th\u00e9ologie catholique\/IMMACUL\u00c9E CONCEPTION IV. Dans l\u2019Eglise latine apr\u00e8s le concile d\u2019Eph\u00e8se. IV.D\u00e9finition par Pie IX ; bulle Ineffabilis Deus.,<a target=\"_blank\" rel=\"nofollow\" href=\"https:\/\/editionsbussiere.com\/blog\/goto\/https:\/\/fr.wikisource.org\/wiki\/Dictionnaire_de_th%C3%A9ologie_catholique\/IMMACUL%C3%89E_CONCEPTION_IV._Dans_l%27Eglise_latine_apr%C3%A8s_le_concile_d%27Eph%C3%A8se._IV.D%C3%A9finition_par_Pie_IX_;_bulle_Ineffabilis_Deus\"  target=\"_blank\" rel=\"noopener noreferrer nofollow\">Le post d\u2019actualit\u00e9.<\/a><span><\/span><\/p>\n<\/div>\n<p><img decoding=\"async\" class=\"wpe_imgrss\" src=\"https:\/\/editionsbussiere.com\/blog\/wp-content\/uploads\/2024\/05\/Le-frere-jesuite-Darrell-Burns-ancien-aumonier-de-Loyola-Blakefield.jpg\">Cet article a \u00e9t\u00e9 reconstitu\u00e9 du mieux possible. Dans l\u2019hypoth\u00e8se o\u00f9 vous souhaitez apporter quelques modifications concernant le th\u00e8me \u00ab\u00a0Editions \u00e9sot\u00e9rique fond\u00e9e en 1927\u00a0\u00bb, il est possible de discuter avec notre r\u00e9daction. Vous pouvez tirer profit de cet article traitant le sujet \u00ab\u00a0Editions \u00e9sot\u00e9rique fond\u00e9e en 1927\u00a0\u00bb. Il est concoct\u00e9 par l\u2019\u00e9quipe editionsbussiere.com. Le site editionsbussiere.com est fait pour cr\u00e9er divers posts autour du th\u00e8me Editions \u00e9sot\u00e9rique fond\u00e9e en 1927 d\u00e9velopp\u00e9es sur internet. Consultez notre site internet editionsbussiere.com et nos r\u00e9seaux sociaux pour \u00eatre au courant des futures annonces.<\/p>\n","protected":false},"excerpt":{"rendered":"<p>Une messe fun\u00e9raire sera offerte le 10 mai \u00e0 10 heures \u00e0 St. Joseph \u00e0 Cockeysville pour le fr\u00e8re j\u00e9suite Darrell J. Burns. Fr\u00e8re Darrell, ancien directeur de th\u00e9\u00e2tre et aum\u00f4nier de Loyola Blakefield \u00e0 Towson, est d\u00e9c\u00e9d\u00e9 le 3 mai. Il avait 79 ans. Cet enseignant natif de Canonsburg, en Pennsylvanie, a \u00e9t\u00e9 directeur [&hellip;]<\/p>\n","protected":false},"author":3,"featured_media":535,"comment_status":"closed","ping_status":"closed","sticky":false,"template":"","format":"standard","meta":{"footnotes":""},"categories":[3],"tags":[],"class_list":["post-534","post","type-post","status-publish","format-standard","has-post-thumbnail","hentry","category-editions-esoterique-fondee-en-1927-depeches","entry","fw-tab-6 fw-tabr-4","has-featured-image"],"yoast_head":"<!-- This site is optimized with the Yoast SEO plugin v27.5 - https:\/\/yoast.com\/product\/yoast-seo-wordpress\/ -->\n<title>Le fr\u00e8re j\u00e9suite Darrell Burns, ancien aum\u00f4nier de Loyola Blakefield, d\u00e9c\u00e8de \u00e0 79 ans &amp; supplication pour commencer la journ\u00e9e. - EDITIONSBUSSIERE<\/title>\n<meta name=\"robots\" content=\"index, follow, max-snippet:-1, max-image-preview:large, max-video-preview:-1\" \/>\n<link rel=\"canonical\" href=\"https:\/\/editionsbussiere.com\/blog\/le-frere-jesuite-darrell-burns-ancien-aumonier-de-loyola-blakefield-decede-a-79-ans-supplication-pour-commencer-la-journee\/\" \/>\n<meta property=\"og:locale\" content=\"fr_FR\" \/>\n<meta property=\"og:type\" content=\"article\" \/>\n<meta property=\"og:title\" content=\"Le fr\u00e8re j\u00e9suite Darrell Burns, ancien aum\u00f4nier de Loyola Blakefield, d\u00e9c\u00e8de \u00e0 79 ans &amp; supplication pour commencer la journ\u00e9e. - EDITIONSBUSSIERE\" \/>\n<meta property=\"og:description\" content=\"Une messe fun\u00e9raire sera offerte le 10 mai \u00e0 10 heures \u00e0 St. Joseph \u00e0 Cockeysville pour le fr\u00e8re j\u00e9suite Darrell J. Burns. Fr\u00e8re Darrell, ancien directeur de th\u00e9\u00e2tre et aum\u00f4nier de Loyola Blakefield \u00e0 Towson, est d\u00e9c\u00e9d\u00e9 le 3 mai. Il avait 79 ans. Cet enseignant natif de Canonsburg, en Pennsylvanie, a \u00e9t\u00e9 directeur [&hellip;]\" \/>\n<meta property=\"og:url\" content=\"https:\/\/editionsbussiere.com\/blog\/le-frere-jesuite-darrell-burns-ancien-aumonier-de-loyola-blakefield-decede-a-79-ans-supplication-pour-commencer-la-journee\/\" \/>\n<meta property=\"og:site_name\" content=\"EDITIONSBUSSIERE\" \/>\n<meta property=\"article:published_time\" content=\"2024-05-08T22:05:24+00:00\" \/>\n<meta property=\"og:image\" content=\"https:\/\/editionsbussiere.com\/blog\/wp-content\/uploads\/2024\/05\/Le-frere-jesuite-Darrell-Burns-ancien-aumonier-de-Loyola-Blakefield.jpg\" \/>\n<meta name=\"author\" content=\"Marie BATICLE\" \/>\n<meta name=\"twitter:card\" content=\"summary_large_image\" \/>\n<meta name=\"twitter:label1\" content=\"\u00c9crit par\" \/>\n\t<meta name=\"twitter:data1\" content=\"Marie BATICLE\" \/>\n\t<meta name=\"twitter:label2\" content=\"Dur\u00e9e de lecture estim\u00e9e\" \/>\n\t<meta name=\"twitter:data2\" content=\"14 minutes\" \/>\n<script type=\"application\/ld+json\" class=\"yoast-schema-graph\">{\"@context\":\"https:\\\/\\\/schema.org\",\"@graph\":[{\"@type\":\"Article\",\"@id\":\"https:\\\/\\\/editionsbussiere.com\\\/blog\\\/le-frere-jesuite-darrell-burns-ancien-aumonier-de-loyola-blakefield-decede-a-79-ans-supplication-pour-commencer-la-journee\\\/#article\",\"isPartOf\":{\"@id\":\"https:\\\/\\\/editionsbussiere.com\\\/blog\\\/le-frere-jesuite-darrell-burns-ancien-aumonier-de-loyola-blakefield-decede-a-79-ans-supplication-pour-commencer-la-journee\\\/\"},\"author\":{\"name\":\"Marie BATICLE\",\"@id\":\"https:\\\/\\\/editionsbussiere.com\\\/blog\\\/#\\\/schema\\\/person\\\/ec90e102792148c97e46ab871010dd8f\"},\"headline\":\"Le fr\u00e8re j\u00e9suite Darrell Burns, ancien aum\u00f4nier de Loyola Blakefield, d\u00e9c\u00e8de \u00e0 79 ans &amp; supplication pour commencer la journ\u00e9e.\",\"datePublished\":\"2024-05-08T22:05:24+00:00\",\"mainEntityOfPage\":{\"@id\":\"https:\\\/\\\/editionsbussiere.com\\\/blog\\\/le-frere-jesuite-darrell-burns-ancien-aumonier-de-loyola-blakefield-decede-a-79-ans-supplication-pour-commencer-la-journee\\\/\"},\"wordCount\":2873,\"publisher\":{\"@id\":\"https:\\\/\\\/editionsbussiere.com\\\/blog\\\/#organization\"},\"image\":{\"@id\":\"https:\\\/\\\/editionsbussiere.com\\\/blog\\\/le-frere-jesuite-darrell-burns-ancien-aumonier-de-loyola-blakefield-decede-a-79-ans-supplication-pour-commencer-la-journee\\\/#primaryimage\"},\"thumbnailUrl\":\"https:\\\/\\\/editionsbussiere.com\\\/blog\\\/wp-content\\\/uploads\\\/2024\\\/05\\\/Le-frere-jesuite-Darrell-Burns-ancien-aumonier-de-Loyola-Blakefield.jpg\",\"articleSection\":[\"Editions \u00c9sot\u00e9rique Fond\u00e9e En 1927; D\u00e9p\u00e8ches:\"],\"inLanguage\":\"fr-FR\"},{\"@type\":\"WebPage\",\"@id\":\"https:\\\/\\\/editionsbussiere.com\\\/blog\\\/le-frere-jesuite-darrell-burns-ancien-aumonier-de-loyola-blakefield-decede-a-79-ans-supplication-pour-commencer-la-journee\\\/\",\"url\":\"https:\\\/\\\/editionsbussiere.com\\\/blog\\\/le-frere-jesuite-darrell-burns-ancien-aumonier-de-loyola-blakefield-decede-a-79-ans-supplication-pour-commencer-la-journee\\\/\",\"name\":\"Le fr\u00e8re j\u00e9suite Darrell Burns, ancien aum\u00f4nier de Loyola Blakefield, d\u00e9c\u00e8de \u00e0 79 ans &amp; supplication pour commencer la journ\u00e9e. - EDITIONSBUSSIERE\",\"isPartOf\":{\"@id\":\"https:\\\/\\\/editionsbussiere.com\\\/blog\\\/#website\"},\"primaryImageOfPage\":{\"@id\":\"https:\\\/\\\/editionsbussiere.com\\\/blog\\\/le-frere-jesuite-darrell-burns-ancien-aumonier-de-loyola-blakefield-decede-a-79-ans-supplication-pour-commencer-la-journee\\\/#primaryimage\"},\"image\":{\"@id\":\"https:\\\/\\\/editionsbussiere.com\\\/blog\\\/le-frere-jesuite-darrell-burns-ancien-aumonier-de-loyola-blakefield-decede-a-79-ans-supplication-pour-commencer-la-journee\\\/#primaryimage\"},\"thumbnailUrl\":\"https:\\\/\\\/editionsbussiere.com\\\/blog\\\/wp-content\\\/uploads\\\/2024\\\/05\\\/Le-frere-jesuite-Darrell-Burns-ancien-aumonier-de-Loyola-Blakefield.jpg\",\"datePublished\":\"2024-05-08T22:05:24+00:00\",\"breadcrumb\":{\"@id\":\"https:\\\/\\\/editionsbussiere.com\\\/blog\\\/le-frere-jesuite-darrell-burns-ancien-aumonier-de-loyola-blakefield-decede-a-79-ans-supplication-pour-commencer-la-journee\\\/#breadcrumb\"},\"inLanguage\":\"fr-FR\",\"potentialAction\":[{\"@type\":\"ReadAction\",\"target\":[\"https:\\\/\\\/editionsbussiere.com\\\/blog\\\/le-frere-jesuite-darrell-burns-ancien-aumonier-de-loyola-blakefield-decede-a-79-ans-supplication-pour-commencer-la-journee\\\/\"]}]},{\"@type\":\"ImageObject\",\"inLanguage\":\"fr-FR\",\"@id\":\"https:\\\/\\\/editionsbussiere.com\\\/blog\\\/le-frere-jesuite-darrell-burns-ancien-aumonier-de-loyola-blakefield-decede-a-79-ans-supplication-pour-commencer-la-journee\\\/#primaryimage\",\"url\":\"https:\\\/\\\/editionsbussiere.com\\\/blog\\\/wp-content\\\/uploads\\\/2024\\\/05\\\/Le-frere-jesuite-Darrell-Burns-ancien-aumonier-de-Loyola-Blakefield.jpg\",\"contentUrl\":\"https:\\\/\\\/editionsbussiere.com\\\/blog\\\/wp-content\\\/uploads\\\/2024\\\/05\\\/Le-frere-jesuite-Darrell-Burns-ancien-aumonier-de-Loyola-Blakefield.jpg\",\"width\":900,\"height\":600,\"caption\":\"Le frere jesuite Darrell Burns ancien aumonier de Loyola Blakefield\"},{\"@type\":\"BreadcrumbList\",\"@id\":\"https:\\\/\\\/editionsbussiere.com\\\/blog\\\/le-frere-jesuite-darrell-burns-ancien-aumonier-de-loyola-blakefield-decede-a-79-ans-supplication-pour-commencer-la-journee\\\/#breadcrumb\",\"itemListElement\":[{\"@type\":\"ListItem\",\"position\":1,\"name\":\"Accueil\",\"item\":\"https:\\\/\\\/editionsbussiere.com\\\/blog\\\/\"},{\"@type\":\"ListItem\",\"position\":2,\"name\":\"Le fr\u00e8re j\u00e9suite Darrell Burns, ancien aum\u00f4nier de Loyola Blakefield, d\u00e9c\u00e8de \u00e0 79 ans &amp; supplication pour commencer la journ\u00e9e.\"}]},{\"@type\":\"WebSite\",\"@id\":\"https:\\\/\\\/editionsbussiere.com\\\/blog\\\/#website\",\"url\":\"https:\\\/\\\/editionsbussiere.com\\\/blog\\\/\",\"name\":\"EDITIONSBUSSIERE\",\"description\":\"Editions \u00e9sot\u00e9rique fond\u00e9e en 1927; site historique, A SAVOIR ET RETENIR.\",\"publisher\":{\"@id\":\"https:\\\/\\\/editionsbussiere.com\\\/blog\\\/#organization\"},\"potentialAction\":[{\"@type\":\"SearchAction\",\"target\":{\"@type\":\"EntryPoint\",\"urlTemplate\":\"https:\\\/\\\/editionsbussiere.com\\\/blog\\\/?s={search_term_string}\"},\"query-input\":{\"@type\":\"PropertyValueSpecification\",\"valueRequired\":true,\"valueName\":\"search_term_string\"}}],\"inLanguage\":\"fr-FR\"},{\"@type\":\"Organization\",\"@id\":\"https:\\\/\\\/editionsbussiere.com\\\/blog\\\/#organization\",\"name\":\"editionsbussiere\",\"url\":\"https:\\\/\\\/editionsbussiere.com\\\/blog\\\/\",\"logo\":{\"@type\":\"ImageObject\",\"inLanguage\":\"fr-FR\",\"@id\":\"https:\\\/\\\/editionsbussiere.com\\\/blog\\\/#\\\/schema\\\/logo\\\/image\\\/\",\"url\":\"https:\\\/\\\/editionsbussiere.com\\\/blog\\\/wp-content\\\/uploads\\\/2023\\\/09\\\/cropped-buss.gif\",\"contentUrl\":\"https:\\\/\\\/editionsbussiere.com\\\/blog\\\/wp-content\\\/uploads\\\/2023\\\/09\\\/cropped-buss.gif\",\"width\":298,\"height\":120,\"caption\":\"editionsbussiere\"},\"image\":{\"@id\":\"https:\\\/\\\/editionsbussiere.com\\\/blog\\\/#\\\/schema\\\/logo\\\/image\\\/\"}},{\"@type\":\"Person\",\"@id\":\"https:\\\/\\\/editionsbussiere.com\\\/blog\\\/#\\\/schema\\\/person\\\/ec90e102792148c97e46ab871010dd8f\",\"name\":\"Marie BATICLE\",\"image\":{\"@type\":\"ImageObject\",\"inLanguage\":\"fr-FR\",\"@id\":\"https:\\\/\\\/secure.gravatar.com\\\/avatar\\\/c923e52403b1b8137e2d929127211d21967e6aecaa053bd43b09da29f212e76e?s=96&d=mm&r=g\",\"url\":\"https:\\\/\\\/secure.gravatar.com\\\/avatar\\\/c923e52403b1b8137e2d929127211d21967e6aecaa053bd43b09da29f212e76e?s=96&d=mm&r=g\",\"contentUrl\":\"https:\\\/\\\/secure.gravatar.com\\\/avatar\\\/c923e52403b1b8137e2d929127211d21967e6aecaa053bd43b09da29f212e76e?s=96&d=mm&r=g\",\"caption\":\"Marie BATICLE\"},\"url\":\"https:\\\/\\\/editionsbussiere.com\\\/blog\\\/author\\\/eremarie\\\/\"}]}<\/script>\n<!-- \/ Yoast SEO plugin. -->","yoast_head_json":{"title":"Le fr\u00e8re j\u00e9suite Darrell Burns, ancien aum\u00f4nier de Loyola Blakefield, d\u00e9c\u00e8de \u00e0 79 ans &amp; supplication pour commencer la journ\u00e9e. - EDITIONSBUSSIERE","robots":{"index":"index","follow":"follow","max-snippet":"max-snippet:-1","max-image-preview":"max-image-preview:large","max-video-preview":"max-video-preview:-1"},"canonical":"https:\/\/editionsbussiere.com\/blog\/le-frere-jesuite-darrell-burns-ancien-aumonier-de-loyola-blakefield-decede-a-79-ans-supplication-pour-commencer-la-journee\/","og_locale":"fr_FR","og_type":"article","og_title":"Le fr\u00e8re j\u00e9suite Darrell Burns, ancien aum\u00f4nier de Loyola Blakefield, d\u00e9c\u00e8de \u00e0 79 ans &amp; supplication pour commencer la journ\u00e9e. - EDITIONSBUSSIERE","og_description":"Une messe fun\u00e9raire sera offerte le 10 mai \u00e0 10 heures \u00e0 St. Joseph \u00e0 Cockeysville pour le fr\u00e8re j\u00e9suite Darrell J. Burns. Fr\u00e8re Darrell, ancien directeur de th\u00e9\u00e2tre et aum\u00f4nier de Loyola Blakefield \u00e0 Towson, est d\u00e9c\u00e9d\u00e9 le 3 mai. Il avait 79 ans. Cet enseignant natif de Canonsburg, en Pennsylvanie, a \u00e9t\u00e9 directeur [&hellip;]","og_url":"https:\/\/editionsbussiere.com\/blog\/le-frere-jesuite-darrell-burns-ancien-aumonier-de-loyola-blakefield-decede-a-79-ans-supplication-pour-commencer-la-journee\/","og_site_name":"EDITIONSBUSSIERE","article_published_time":"2024-05-08T22:05:24+00:00","og_image":[{"url":"https:\/\/editionsbussiere.com\/blog\/wp-content\/uploads\/2024\/05\/Le-frere-jesuite-Darrell-Burns-ancien-aumonier-de-Loyola-Blakefield.jpg","type":"","width":"","height":""}],"author":"Marie BATICLE","twitter_card":"summary_large_image","twitter_misc":{"\u00c9crit par":"Marie BATICLE","Dur\u00e9e de lecture estim\u00e9e":"14 minutes"},"schema":{"@context":"https:\/\/schema.org","@graph":[{"@type":"Article","@id":"https:\/\/editionsbussiere.com\/blog\/le-frere-jesuite-darrell-burns-ancien-aumonier-de-loyola-blakefield-decede-a-79-ans-supplication-pour-commencer-la-journee\/#article","isPartOf":{"@id":"https:\/\/editionsbussiere.com\/blog\/le-frere-jesuite-darrell-burns-ancien-aumonier-de-loyola-blakefield-decede-a-79-ans-supplication-pour-commencer-la-journee\/"},"author":{"name":"Marie BATICLE","@id":"https:\/\/editionsbussiere.com\/blog\/#\/schema\/person\/ec90e102792148c97e46ab871010dd8f"},"headline":"Le fr\u00e8re j\u00e9suite Darrell Burns, ancien aum\u00f4nier de Loyola Blakefield, d\u00e9c\u00e8de \u00e0 79 ans &amp; supplication pour commencer la journ\u00e9e.","datePublished":"2024-05-08T22:05:24+00:00","mainEntityOfPage":{"@id":"https:\/\/editionsbussiere.com\/blog\/le-frere-jesuite-darrell-burns-ancien-aumonier-de-loyola-blakefield-decede-a-79-ans-supplication-pour-commencer-la-journee\/"},"wordCount":2873,"publisher":{"@id":"https:\/\/editionsbussiere.com\/blog\/#organization"},"image":{"@id":"https:\/\/editionsbussiere.com\/blog\/le-frere-jesuite-darrell-burns-ancien-aumonier-de-loyola-blakefield-decede-a-79-ans-supplication-pour-commencer-la-journee\/#primaryimage"},"thumbnailUrl":"https:\/\/editionsbussiere.com\/blog\/wp-content\/uploads\/2024\/05\/Le-frere-jesuite-Darrell-Burns-ancien-aumonier-de-Loyola-Blakefield.jpg","articleSection":["Editions \u00c9sot\u00e9rique Fond\u00e9e En 1927; D\u00e9p\u00e8ches:"],"inLanguage":"fr-FR"},{"@type":"WebPage","@id":"https:\/\/editionsbussiere.com\/blog\/le-frere-jesuite-darrell-burns-ancien-aumonier-de-loyola-blakefield-decede-a-79-ans-supplication-pour-commencer-la-journee\/","url":"https:\/\/editionsbussiere.com\/blog\/le-frere-jesuite-darrell-burns-ancien-aumonier-de-loyola-blakefield-decede-a-79-ans-supplication-pour-commencer-la-journee\/","name":"Le fr\u00e8re j\u00e9suite Darrell Burns, ancien aum\u00f4nier de Loyola Blakefield, d\u00e9c\u00e8de \u00e0 79 ans &amp; supplication pour commencer la journ\u00e9e. - EDITIONSBUSSIERE","isPartOf":{"@id":"https:\/\/editionsbussiere.com\/blog\/#website"},"primaryImageOfPage":{"@id":"https:\/\/editionsbussiere.com\/blog\/le-frere-jesuite-darrell-burns-ancien-aumonier-de-loyola-blakefield-decede-a-79-ans-supplication-pour-commencer-la-journee\/#primaryimage"},"image":{"@id":"https:\/\/editionsbussiere.com\/blog\/le-frere-jesuite-darrell-burns-ancien-aumonier-de-loyola-blakefield-decede-a-79-ans-supplication-pour-commencer-la-journee\/#primaryimage"},"thumbnailUrl":"https:\/\/editionsbussiere.com\/blog\/wp-content\/uploads\/2024\/05\/Le-frere-jesuite-Darrell-Burns-ancien-aumonier-de-Loyola-Blakefield.jpg","datePublished":"2024-05-08T22:05:24+00:00","breadcrumb":{"@id":"https:\/\/editionsbussiere.com\/blog\/le-frere-jesuite-darrell-burns-ancien-aumonier-de-loyola-blakefield-decede-a-79-ans-supplication-pour-commencer-la-journee\/#breadcrumb"},"inLanguage":"fr-FR","potentialAction":[{"@type":"ReadAction","target":["https:\/\/editionsbussiere.com\/blog\/le-frere-jesuite-darrell-burns-ancien-aumonier-de-loyola-blakefield-decede-a-79-ans-supplication-pour-commencer-la-journee\/"]}]},{"@type":"ImageObject","inLanguage":"fr-FR","@id":"https:\/\/editionsbussiere.com\/blog\/le-frere-jesuite-darrell-burns-ancien-aumonier-de-loyola-blakefield-decede-a-79-ans-supplication-pour-commencer-la-journee\/#primaryimage","url":"https:\/\/editionsbussiere.com\/blog\/wp-content\/uploads\/2024\/05\/Le-frere-jesuite-Darrell-Burns-ancien-aumonier-de-Loyola-Blakefield.jpg","contentUrl":"https:\/\/editionsbussiere.com\/blog\/wp-content\/uploads\/2024\/05\/Le-frere-jesuite-Darrell-Burns-ancien-aumonier-de-Loyola-Blakefield.jpg","width":900,"height":600,"caption":"Le frere jesuite Darrell Burns ancien aumonier de Loyola Blakefield"},{"@type":"BreadcrumbList","@id":"https:\/\/editionsbussiere.com\/blog\/le-frere-jesuite-darrell-burns-ancien-aumonier-de-loyola-blakefield-decede-a-79-ans-supplication-pour-commencer-la-journee\/#breadcrumb","itemListElement":[{"@type":"ListItem","position":1,"name":"Accueil","item":"https:\/\/editionsbussiere.com\/blog\/"},{"@type":"ListItem","position":2,"name":"Le fr\u00e8re j\u00e9suite Darrell Burns, ancien aum\u00f4nier de Loyola Blakefield, d\u00e9c\u00e8de \u00e0 79 ans &amp; supplication pour commencer la journ\u00e9e."}]},{"@type":"WebSite","@id":"https:\/\/editionsbussiere.com\/blog\/#website","url":"https:\/\/editionsbussiere.com\/blog\/","name":"EDITIONSBUSSIERE","description":"Editions \u00e9sot\u00e9rique fond\u00e9e en 1927; site historique, A SAVOIR ET RETENIR.","publisher":{"@id":"https:\/\/editionsbussiere.com\/blog\/#organization"},"potentialAction":[{"@type":"SearchAction","target":{"@type":"EntryPoint","urlTemplate":"https:\/\/editionsbussiere.com\/blog\/?s={search_term_string}"},"query-input":{"@type":"PropertyValueSpecification","valueRequired":true,"valueName":"search_term_string"}}],"inLanguage":"fr-FR"},{"@type":"Organization","@id":"https:\/\/editionsbussiere.com\/blog\/#organization","name":"editionsbussiere","url":"https:\/\/editionsbussiere.com\/blog\/","logo":{"@type":"ImageObject","inLanguage":"fr-FR","@id":"https:\/\/editionsbussiere.com\/blog\/#\/schema\/logo\/image\/","url":"https:\/\/editionsbussiere.com\/blog\/wp-content\/uploads\/2023\/09\/cropped-buss.gif","contentUrl":"https:\/\/editionsbussiere.com\/blog\/wp-content\/uploads\/2023\/09\/cropped-buss.gif","width":298,"height":120,"caption":"editionsbussiere"},"image":{"@id":"https:\/\/editionsbussiere.com\/blog\/#\/schema\/logo\/image\/"}},{"@type":"Person","@id":"https:\/\/editionsbussiere.com\/blog\/#\/schema\/person\/ec90e102792148c97e46ab871010dd8f","name":"Marie BATICLE","image":{"@type":"ImageObject","inLanguage":"fr-FR","@id":"https:\/\/secure.gravatar.com\/avatar\/c923e52403b1b8137e2d929127211d21967e6aecaa053bd43b09da29f212e76e?s=96&d=mm&r=g","url":"https:\/\/secure.gravatar.com\/avatar\/c923e52403b1b8137e2d929127211d21967e6aecaa053bd43b09da29f212e76e?s=96&d=mm&r=g","contentUrl":"https:\/\/secure.gravatar.com\/avatar\/c923e52403b1b8137e2d929127211d21967e6aecaa053bd43b09da29f212e76e?s=96&d=mm&r=g","caption":"Marie BATICLE"},"url":"https:\/\/editionsbussiere.com\/blog\/author\/eremarie\/"}]}},"_links":{"self":[{"href":"https:\/\/editionsbussiere.com\/blog\/wp-json\/wp\/v2\/posts\/534","targetHints":{"allow":["GET"]}}],"collection":[{"href":"https:\/\/editionsbussiere.com\/blog\/wp-json\/wp\/v2\/posts"}],"about":[{"href":"https:\/\/editionsbussiere.com\/blog\/wp-json\/wp\/v2\/types\/post"}],"author":[{"embeddable":true,"href":"https:\/\/editionsbussiere.com\/blog\/wp-json\/wp\/v2\/users\/3"}],"replies":[{"embeddable":true,"href":"https:\/\/editionsbussiere.com\/blog\/wp-json\/wp\/v2\/comments?post=534"}],"version-history":[{"count":0,"href":"https:\/\/editionsbussiere.com\/blog\/wp-json\/wp\/v2\/posts\/534\/revisions"}],"wp:featuredmedia":[{"embeddable":true,"href":"https:\/\/editionsbussiere.com\/blog\/wp-json\/wp\/v2\/media\/535"}],"wp:attachment":[{"href":"https:\/\/editionsbussiere.com\/blog\/wp-json\/wp\/v2\/media?parent=534"}],"wp:term":[{"taxonomy":"category","embeddable":true,"href":"https:\/\/editionsbussiere.com\/blog\/wp-json\/wp\/v2\/categories?post=534"},{"taxonomy":"post_tag","embeddable":true,"href":"https:\/\/editionsbussiere.com\/blog\/wp-json\/wp\/v2\/tags?post=534"}],"curies":[{"name":"wp","href":"https:\/\/api.w.org\/{rel}","templated":true}]}}