{"id":370,"date":"2024-03-11T15:34:57","date_gmt":"2024-03-11T14:34:57","guid":{"rendered":"https:\/\/editionsbussiere.com\/blog\/les-femmes-doivent-beneficier-de-soutien-pour-accueillir-le-don-de-la-vie-pape-avec-une-invocation-pour-commencer-la-journee\/"},"modified":"2024-03-11T15:34:57","modified_gmt":"2024-03-11T14:34:57","slug":"les-femmes-doivent-beneficier-de-soutien-pour-accueillir-le-don-de-la-vie-pape-avec-une-invocation-pour-commencer-la-journee","status":"publish","type":"post","link":"https:\/\/editionsbussiere.com\/blog\/les-femmes-doivent-beneficier-de-soutien-pour-accueillir-le-don-de-la-vie-pape-avec-une-invocation-pour-commencer-la-journee\/","title":{"rendered":"Les femmes doivent b\u00e9n\u00e9ficier de soutien pour accueillir le don de la vie (Pape)\n avec une invocation pour commencer la journ\u00e9e."},"content":{"rendered":"<div><img width=\"580\" height=\"290\" src=\"https:\/\/editionsbussiere.com\/blog\/wp-content\/uploads\/2024\/03\/Les-femmes-doivent-beneficier-de-soutien-pour-accueillir-le-don.jpg\" class=\"attachment-large size-large wp-post-image\" alt=\"Les femmes doivent b\u00e9n\u00e9ficier de soutien pour accueillir le don\" style=\"float:left; margin:0 15px 15px 0;\" decoding=\"async\" srcset=\"https:\/\/editionsbussiere.com\/blog\/wp-content\/uploads\/2024\/03\/Les-femmes-doivent-beneficier-de-soutien-pour-accueillir-le-don.jpg 620w, https:\/\/www.n42.fr\/wp-content\/uploads\/2024\/03\/Les-femmes-doivent-beneficier-de-soutien-pour-accueillir-le-don-300x150.jpg 300w\" sizes=\"(max-width: 580px) 100vw, 580px\"><\/p>\n<p>\n<\/p>\n<div>\n<p><strong>Vous profitez de votre s\u00e9jour sur Aleteia ?<\/strong><\/p>\n<p>Des articles comme ceux-ci sont sponsoris\u00e9s gratuitement pour chaque catholique via <strong>le soutien de lecteurs g\u00e9n\u00e9reux<\/strong> juste comme toi.<\/p>\n<p>Gr\u00e2ce \u00e0 leur partenariat dans notre mission, nous atteignons plus de <strong><em>20 millions d&rsquo;utilisateurs uniques<\/em><\/strong>  par mois!<\/p>\n<p>Aidez-nous \u00e0 continuer d\u2019apporter l\u2019\u00c9vangile aux gens du monde entier \u00e0 travers des nouvelles catholiques \u00e9difiantes et transformatrices, des histoires, une spiritualit\u00e9 et bien plus encore.<\/p>\n<p><strong>Soutenez Aleteia avec un cadeau aujourd\u2019hui\u00a0!<\/strong><\/p>\n<\/div>\n<p><script data-rh=\"true\">\n            window.addEventListener('load', function () \n                !function (f, b, e, v, n, t, s) \n                    if (f.fbq) return;\n                    n = f.fbq = function () \n                        n.callMethod ?\n                            n.callMethod.apply(n, arguments) : n.queue.push(arguments)\n                    ;\n                    if (!f._fbq) f._fbq = n;\n                    n.push = n;\n                    n.loaded = !0;\n                    n.version = '2.0';\n                    n.queue = [];\n                    t = b.createElement(e);\n                    t.defer = true;\n                    t.src = v;\n                    s = b.getElementsByTagName(e)[0];\n                    s.parentNode.insertBefore(t, s)\n                (window, document, 'script',\n                    '\n                fbq('init', '1064056854112873');\n                fbq('track', 'PageView');\n            );\n\t\t<\/script><script id=\"__FRONTITY_CONNECT_STATE__\" type=\"application\/json\">{\"source\":{\"data\":{\"@layout\/\":\"isFetching\":false,\"isReady\":true,\"route\":\"@layout\/\",\"link\":\"@layout\/\",\"query\":,\"page\":1,\"@premium-content\/\":\"isFetching\":false,\"isReady\":true,\"route\":\"@premium-content\/\",\"link\":\"@premium-content\/\",\"query\":,\"page\":1,\"isPremiumContent\":true,\"\/2024\/03\/11\/women-must-have-support-to-welcome-gift-of-life-pope\/\":{\"isFetching\":false,\"isReady\":true,\"route\":\"\/2024\/03\/11\/women-must-have-support-to-welcome-gift-of-life-pope\/\",\"link\":\"\/2024\/03\/11\/women-must-have-support-to-welcome-gift-of-life-pope\/\",\"query\":,\"page\":1,\"id\":793900,\"type\":\"post\",\"isPostType\":true,\"isPost\":true,\"commentsOpen\":true,\"isSponsored\":false,\"isSponsoredWithAds\":true,\"isPhotoOfTheDay\":false,\"isDailyWisdom\":false,\"body\":{\"simple\":false,\"id\":793900,\"related\":[],\"content\":\"u003cspan class=\"subtitle\"u003e Social and political institutions have the fundamental duty to protect and promote the dignity of every human being, says Pope Francis.u003c\/spanu003eu003cpu003eAfter praying the midday Angelus on March 10, Pope Francis noted the recent celebration of International Womenu0026#8217;s Day. This led him to an appeal for women, and for the gift of life.u003c\/pu003enu003cpu003eu0026#8220;There is still a lot of work that each one of us must do in order for the equal dignity of women to be genuinely recognized,u0026#8221; the Pope said.u003c\/pu003enu003cpu003eThe Holy Father often speaks out on womenu0026#8217;s issues, both within the Church and in society.u003c\/pu003enu003cpu003eHe has decried the commercialization of womenu0026#8217;s bodies, for example, and brought attention to specific issues such as genital mutilation.u003c\/pu003entu003cdiv data-category=\"Lifestyle\" data-category-english=\"lifestyle\" class=\"wp-block-aleteia-read-also read-also\"u003enttu003cfigureu003entttu003cimgnttttsrc=\" \/u003enttu003c\/figureu003enttu003cdiv class=\"read-also-inner\"u003entttu003cemu003eRead more:u003c\/emu003eu003ca href=\" measure of our humanity: How we treat women\u2019s bodiesu003c\/au003enttu003c\/divu003entu003c\/divu003etu003cdiv data-category=\"Church\" data-category-english=\"church\" class=\"wp-block-aleteia-read-also read-also\"u003enttu003cfigureu003entttu003cimgnttttsrc=\" Francis holds a meeting with volunteers of the World Young Day\"nttttloading=\"lazy\" \/u003enttu003c\/figureu003enttu003cdiv class=\"read-also-inner\"u003entttu003cemu003eRead more:u003c\/emu003eu003ca href=\" calls press to bring attention to horror of genital mutilationu003c\/au003enttu003c\/divu003entu003c\/divu003eu003cdiv class=\"wp-block-aleteia-heading3\"u003enu003ch2u003eFundamental dutyu003c\/h2u003enu003c\/pu003eu003c\/divu003enu003cpu003eOn Sunday, Pope Francis broadened his appeal to note womenu0026#8217;s need for support in giving life.u003c\/pu003enu003cblockquote class=\"wp-block-quote\"u003enu003cdiv id='aleteia-welcome'u003eu003c\/divu003eu003cpu003eInstitutions, social and political, have the fundamental duty to protect and promote the dignity of every human being, offering to women, the bearers of life, the necessary conditions to be able to welcome the gift of life and assure their children of a worthy existence.u003c\/pu003enu003c\/blockquoteu003entu003cdiv data-category=\"Church\" data-category-english=\"church\" class=\"wp-block-aleteia-read-also read-also\"u003enttu003cfigureu003entttu003cimgnttttsrc=\" \/u003enttu003c\/figureu003enttu003cdiv class=\"read-also-inner\"u003entttu003cemu003eRead more:u003c\/emu003eu003ca href=\" Things Pope Francis has said about abortionu003c\/au003enttu003c\/divu003entu003c\/divu003e\",\"rawcontent\":\"u003c!-- wp:aleteia\/subtitle \/--u003ennu003c!-- wp:paragraph --u003enu003cpu003eAfter praying the midday Angelus on March 10, Pope Francis noted the recent celebration of International Women's Day. This led him to an appeal for women, and for the gift of life.u003c\/pu003enu003c!-- \/wp:paragraph --u003ennu003c!-- wp:paragraph --u003enu003cpu003e\"There is still a lot of work that each one of us must do in order for the equal dignity of women to be genuinely recognized,\" the Pope said.u003c\/pu003enu003c!-- \/wp:paragraph --u003ennu003c!-- wp:paragraph --u003enu003cpu003eThe Holy Father often speaks out on women's issues, both within the Church and in society.u003c\/pu003enu003c!-- \/wp:paragraph --u003ennu003c!-- wp:paragraph --u003enu003cpu003eHe has decried the commercialization of women's bodies, for example, and brought attention to specific issues such as genital mutilation.u003c\/pu003enu003c!-- \/wp:paragraph --u003ennu003c!-- wp:aleteia\/read-also {\"link\":\" measure of our humanity: How we treat women\u2019s bodies\",\"image\":\" --u003enu003cdiv class=\"read-also\"u003eu003ca href=\" measure of our humanity: How we treat women\u2019s bodiesu003c\/au003eu003c\/divu003enu003c!-- \/wp:aleteia\/read-also --u003ennu003c!-- wp:aleteia\/read-also {\"link\":\" calls press to bring attention to horror of genital mutilation\",\"image\":\" --u003enu003cdiv class=\"read-also\"u003eu003ca href=\" calls press to bring attention to horror of genital mutilationu003c\/au003eu003c\/divu003enu003c!-- \/wp:aleteia\/read-also --u003ennu003c!-- wp:aleteia\/heading3 \"content\":\"Fundamental duty\" --u003enu003ch3u003eFundamental dutyu003c\/h3u003enu003c!-- \/wp:aleteia\/heading3 --u003ennu003c!-- wp:paragraph --u003enu003cpu003eOn Sunday, Pope Francis broadened his appeal to note women's need for support in giving life.u003c\/pu003enu003c!-- \/wp:paragraph --u003ennu003c!-- wp:quote --u003enu003cblockquote class=\"wp-block-quote\"u003eu003c!-- wp:paragraph --u003enu003cpu003eInstitutions, social and political, have the fundamental duty to protect and promote the dignity of every human being, offering to women, the bearers of life, the necessary conditions to be able to welcome the gift of life and assure their children of a worthy existence.u003c\/pu003enu003c!-- \/wp:paragraph --u003eu003c\/blockquoteu003enu003c!-- \/wp:quote --u003ennu003c!-- wp:aleteia\/read-also \"link\":\" Things Pope Francis has said about abortion\",\"image\":\" --u003enu003cdiv class=\"read-also\"u003eu003ca href=\" Things Pope Francis has said about abortionu003c\/au003eu003c\/divu003enu003c!-- \/wp:aleteia\/read-also --u003e\",\"pages\":1,\"language\":\"en\",\"galleries\":[],\"video\":false,\"title\":\"Women must have support to welcome gift of life: Pope\",\"subheading\":\" Social and political institutions have the fundamental duty to protect and promote the dignity of every human being, says Pope Francis.\",\"author\":\"Kathleen N. Hattrup\",\"author_2\":\"\",\"authors_obj\":[\"ID\":\"75692\",\"link\":\" style=\"font-weight: 400\"u003eu003cstrongu003eKathleen N. Hattrupu003c\/strongu003e is the Executive Editor of Aleteia's English edition. Her career in Catholic media has particularly focused on the popes and news from Rome. Su003c\/spanu003eu003cspan style=\"font-weight: 400\"u003ehe is also a translator, a children's book author, and a mom of four.u003c\/spanu003e\",\"twitter\":\"\",\"facebook\":\"\",\"subtitle\":\"\",\"title_guest_author\":\"\",\"thumb\":\" N. Hattrup\",\"hreflangs\":\"en\":\" Francis during his weekly general audience in Paul VI Hall\",\"copyright\":\"Antoine Mekary ,\"link\":\"\/2024\/03\/11\/women-must-have-support-to-welcome-gift-of-life-pope\/\",\"category_obj\":\"link\":\" 240, 183, 44, 1 )\",\"term_id\":423715166,\"category\":\"Church\",\"category_slug\":\"church-news\",\"category_id\":423715166,\"category_color\":\"#f0b72c\",\"parent_category\":\"Church\",\"published\":1710136158,\"published_datalayer\":\"2024.03.11\",\"article_modified_date\":\"\",\"article_modified\":false,\"published_formatted\":\"published on 03\/11\/24\",\"tags\":\"Abortion, Pope Francis, Women\",\"firsttag\":\"Women\",\"tags_items\":[\"term_id\":423714892,\"name\":\"Abortion\",\"link\":\" Francis\",\"link\":\" N. Hattrup\",\"dimension2\":\"Church\",\"dimension3\":\"1710136158\",\"dimension4\":\"en\",\"dimension5\":\"\",\"dimension6\":\"article\",\"dimension7\":\"2024.03.11\",\"dimension8\":\"Abortion, Pope Francis, Women\",\"dimension9\":\" Social and political institutions have the fundamental duty to protect and promote the dignity of every human being, says Pope Francis.\",\"dimension10\":\"793900\",\"dimension11\":\"Abortion\",\"dimension12\":\"web\",\"dimension13\":\"\",\"dimension17\":\"Church\",\"dimension14\":\"Church\",\"photo_of_the_day\":false,\"daily_wisdom\":false,\"word_count\":438,\"shortcodes\":[],\"sponsoredSettings\":,\"isSponsored\":false,\"custom_skin_settings\":\"slot\":\"custom-skin\",\"library\":\"theme.Skin\",\"skin_default_article\":\"1\",\"hide_from_layout_endpoint\":\"1\",\"props\":\"id\":\"custom-skid-ad\",\"unit\":\"64500793\/EN_DESK_ARTICLE_SKIN_1x1\",\"collapse_empty_divs\":false,\"premium_ads\":false,\"bids\":\"\",\"nexxx360_id\":\"\",\"size\":[],\"adjacent_posts\":\"next_post\":\"link\":\" Article \",\"prev_post\":\"link\":\" Article \",\"close_comments\":false,\"premium_content\":\"\",\"trunked_content\":\"u003ch2 class=\"subtitle\"u003e Social and political institutions have the fundamental duty to protect and promote the dignity of every human being, says Pope Francis.u003c\/h2u003enu003cpu003eAfter praying the midday Angelus on March 10, Pope Francis noted the recent celebration of International Women's Day. This led him to an appeal for women, and for the gift of life.u003c\/pu003ennu003cpu003e\"There is still a lot of work that each one of us must do in order for the equal dignity of women to be genuinely recognized,\" the Pope said.u003c\/pu003en\",\"typeform_embed_code\":\"\",\"rightcolumn\":{\"items\":[\"type\":\"right-column-banner\",\"data\":\"enabled\":\"1\",\"image\":\"full\":\"https:\/\/wp.en.aleteia.org\/wp-content\/uploads\/sites\/2\/2021\/11\/jour1_V2.gif\",\"url\":\"https:\/\/wp.en.aleteia.org\/wp-content\/uploads\/sites\/2\/2021\/11\/jour1_V2.gif?w=300u0026h=250u0026crop=1\",\"thumb\":\"https:\/\/wp.en.aleteia.org\/wp-content\/uploads\/sites\/2\/2021\/11\/jour1_V2.gif?w=300u0026h=250u0026crop=1\",\"thumb_big\":\"https:\/\/wp.en.aleteia.org\/wp-content\/uploads\/sites\/2\/2021\/11\/jour1_V2.gif?w=300u0026h=250u0026crop=1\",\"uncropped\":\"https:\/\/wp.en.aleteia.org\/wp-content\/uploads\/sites\/2\/2021\/11\/jour1_V2.gif?w=300\",\"medium\":\"https:\/\/wp.en.aleteia.org\/wp-content\/uploads\/sites\/2\/2021\/11\/jour1_V2.gif?w=300u0026h=230u0026crop=1\",\"small\":\"https:\/\/wp.en.aleteia.org\/wp-content\/uploads\/sites\/2\/2021\/11\/jour1_V2.gif?w=220u0026h=110u0026crop=1\",\"credits\":\"title\":\"jour1_V2.gif\",\"copyright\":\"\",\"link\":\"\",\"caption\":\"\",\"alt\":\"jour1_V2.gif\",\"link\":\"https:\/\/aleteia.org\/support-aleteia\/\",\"geolinks\":[],\"add_target_blank\":\"1\",\"enabled_only_home\":false,\"disabled_only_home\":false,\"image_logged_in\":645887,\"link_logged_in\":\"https:\/\/aleteia.org\/support-aleteia\/\",\"add_cd\":\"1\",\"disable_in_app\":false,\"ap_item_name\":\"donation\",\"ap_promotion_name\":\"support_aleteia\",\"image_loggedin\":\"full\":\"https:\/\/wp.en.aleteia.org\/wp-content\/uploads\/sites\/2\/2021\/11\/jour1_V2.gif\",\"url\":\"https:\/\/wp.en.aleteia.org\/wp-content\/uploads\/sites\/2\/2021\/11\/jour1_V2.gif?w=300u0026h=250u0026crop=1\",\"thumb\":\"https:\/\/wp.en.aleteia.org\/wp-content\/uploads\/sites\/2\/2021\/11\/jour1_V2.gif?w=300u0026h=250u0026crop=1\",\"thumb_big\":\"https:\/\/wp.en.aleteia.org\/wp-content\/uploads\/sites\/2\/2021\/11\/jour1_V2.gif?w=300u0026h=250u0026crop=1\",\"uncropped\":\"https:\/\/wp.en.aleteia.org\/wp-content\/uploads\/sites\/2\/2021\/11\/jour1_V2.gif?w=300\",\"medium\":\"https:\/\/wp.en.aleteia.org\/wp-content\/uploads\/sites\/2\/2021\/11\/jour1_V2.gif?w=300u0026h=230u0026crop=1\",\"small\":\"https:\/\/wp.en.aleteia.org\/wp-content\/uploads\/sites\/2\/2021\/11\/jour1_V2.gif?w=220u0026h=110u0026crop=1\",\"credits\":\"title\":\"jour1_V2.gif\",\"copyright\":\"\",\"link\":\"\",\"caption\":\"\",\"alt\":\"jour1_V2.gif\",\"link_loggedin\":\"?cd1=Kathleen%20N.%20Hattrupu0026#038;cd14=Church\",\"type\":\"daily-prayer-menu\",\"data\":\"title\":\"Daily prayer\",\"fotd\":\"Feast of the day\",\"prayer\": CC BY-SA 4.0\",\"link\":\" OF SAINTS\",\"contents_items\":[\"title\":\"Prayer for this morning\",\"raw_id\":2001119,\"is_morning_prayer\":\"1\",\"html\":\" meditation\",\"raw_id\":2001121,\"is_daily_meditation\":\"1\",\"html\":\" for this evening\",\"raw_id\":2001122,\"is_evening_prayer\":\"1\",\"html\":\" corner\",\"saint_of_the_day\":\"saint of the day\",\"morning_prayer\":\"morning prayer\",\"evening_prayer\":\"evening prayer\",\"daily_gospel\":\"daily gospel\",\"daily_meditation\":\"daily meditation\",\"particular_intention\":\"prayers for particular needs\",\"pope_reflexion\":\"thoughts of the pope\",\"bbq\":\"bbq\",\"prayer_for_you\":\"prayer for you today\"}},\"cross\":\"https:\/\/wp.en.aleteia.org\/wp-content\/themes\/aleteia-2017\/assets\/images\/daily-prayers\/cross.svg\",\"particular_intentions_link\":null,\"saint_post\":\"\"}},{\"type\":\"top-ten-module\",\"data\":{\"items\":[{\"simple\":false,\"id\":605922,\"related\":[],\"content\":\"u003cspan class=\"subtitle\"u003eThe 9-hour novena to the Infant Jesus of Prague is often said for an urgent need and many can attest to its efficacy.u003c\/spanu003eu003cpu003eMany Catholics are familiar with the concept of a novena, which involves u003cstrongu003epraying for nine consecutive days for a particular intention.u003c\/strongu003e While this is often very effective, some are in need of a more urgent response from God, and turn to a u003cstrongu003e9-hour novenau003c\/strongu003e prayed in a single day.u003c\/pu003enu003cpu003eThe novena can also be prayed for nine consecutive days, but most pray this for nine hours. There is no guarantee you will get exactly what you are praying for, but u003cstrongu003eGod always answers our prayers. u003c\/strongu003eIt may not be what we expect, but we always receive a response.u003c\/pu003enu003cpu003eThe key is to pray the 9-hour novena with u003cstrongu003efaith and trust in God, letting God decide how best to respond u003c\/strongu003eto your prayer.u003c\/pu003enu003cdiv class=\"wp-block-aleteia-heading3\"u003enu003ch2u003e9-Hour Novena Prayeru003c\/h2u003enu003c\/pu003eu003c\/divu003enu003cblockquote class=\"wp-block-quote\"u003enu003cpu003eO Jesus, Who has said, u0026#8220;Ask and you shall receive, seek and you shall find, knock and it shall be opened,u0026#8221; through the intercession of Mary, Your Most Holy Mother, I knock, I seek, I ask that my prayer be granted.u003c\/pu003ennnnu003cpu003e(Make your request)u003c\/pu003ennnnu003cdiv id='aleteia-welcome'u003eu003c\/divu003eu003cpu003eO Jesus, Who has said, u0026#8220;All that you ask of the Father in My Name, He will grant you,u0026#8221; through the intercession of Mary Your Most Holy Mother, I humbly and urgently ask your Father in your name that my prayer will be granted.u003c\/pu003ennnnu003cpu003e(Make your request)u003c\/pu003ennnnu003cpu003eO Jesus, Who has said, u0026#8220;Heaven and earth shall pass away but My word shall not pass away,u0026#8221; through the intercession of Mary Your Most Holy Mother, I feel confident that my prayer will be granted.u003c\/pu003ennnnu003cpu003e(Make your request)u003c\/pu003ennnnu003cpu003eu003cstrongu003ePRAYER OF THANKSGIVINGu003c\/strongu003eu003c\/pu003ennnnu003cpu003eDivine Infant Jesus, I know You love me and would never leave me. I thank You for Your close Presence in my life.u003c\/pu003ennnnu003cpu003eMiraculous Infant, I believe in Your promise of peace, blessings, and freedom from want. I place every need and care in Your hands.u003c\/pu003ennnnu003cpu003eLord Jesus, may I always trust in Your generous mercy and love. I want to honor and praise You, now and forever. Amen.u003c\/pu003enu003c\/blockquoteu003entu003cdiv data-category=\"Spirituality\" data-category-english=\"spirituality\" class=\"wp-block-aleteia-read-also read-also\"u003enttu003cfigureu003entttu003cimgnttttsrc=\" \/u003enttu003c\/figureu003enttu003cdiv class=\"read-also-inner\"u003entttu003cemu003eRead more:u003c\/emu003eu003ca href=\" this miraculous prayer to the Infant Jesusu003c\/au003enttu003c\/divu003entu003c\/divu003e\",\"rawcontent\":\"u003c!-- wp:aleteia\/subtitle \/--u003ennu003c!-- wp:paragraph --u003enu003cpu003eMany Catholics are familiar with the concept of a novena, which involves u003cstrongu003epraying for nine consecutive days for a particular intention.u003c\/strongu003e While this is often very effective, some are in need of a more urgent response from God, and turn to a u003cstrongu003e9-hour novenau003c\/strongu003e prayed in a single day.u003c\/pu003enu003c!-- \/wp:paragraph --u003ennu003c!-- wp:paragraph --u003enu003cpu003eThe novena can also be prayed for nine consecutive days, but most pray this for nine hours. There is no guarantee you will get exactly what you are praying for, but u003cstrongu003eGod always answers our prayers. u003c\/strongu003eIt may not be what we expect, but we always receive a response.u003c\/pu003enu003c!-- \/wp:paragraph --u003ennu003c!-- wp:paragraph --u003enu003cpu003eThe key is to pray the 9-hour novena with u003cstrongu003efaith and trust in God, letting God decide how best to respond u003c\/strongu003eto your prayer.u003c\/pu003enu003c!-- \/wp:paragraph --u003ennu003c!-- wp:aleteia\/heading3 \"content\":\"9-Hour Novena Prayer\" --u003enu003ch3u003e9-Hour Novena Prayeru003c\/h3u003enu003c!-- \/wp:aleteia\/heading3 --u003ennu003c!-- wp:quote --u003enu003cblockquote class=\"wp-block-quote\"u003eu003c!-- wp:paragraph --u003enu003cpu003eO Jesus, Who has said, \"Ask and you shall receive, seek and you shall find, knock and it shall be opened,\" through the intercession of Mary, Your Most Holy Mother, I knock, I seek, I ask that my prayer be granted.u003c\/pu003enu003c!-- \/wp:paragraph --u003ennu003c!-- wp:paragraph --u003enu003cpu003e(Make your request)u003c\/pu003enu003c!-- \/wp:paragraph --u003ennu003c!-- wp:paragraph --u003enu003cpu003eO Jesus, Who has said, \"All that you ask of the Father in My Name, He will grant you,\" through the intercession of Mary Your Most Holy Mother, I humbly and urgently ask your Father in your name that my prayer will be granted.u003c\/pu003enu003c!-- \/wp:paragraph --u003ennu003c!-- wp:paragraph --u003enu003cpu003e(Make your request)u003c\/pu003enu003c!-- \/wp:paragraph --u003ennu003c!-- wp:paragraph --u003enu003cpu003eO Jesus, Who has said, \"Heaven and earth shall pass away but My word shall not pass away,\" through the intercession of Mary Your Most Holy Mother, I feel confident that my prayer will be granted.u003c\/pu003enu003c!-- \/wp:paragraph --u003ennu003c!-- wp:paragraph --u003enu003cpu003e(Make your request)u003c\/pu003enu003c!-- \/wp:paragraph --u003ennu003c!-- wp:paragraph --u003enu003cpu003eu003cstrongu003ePRAYER OF THANKSGIVINGu003c\/strongu003eu003c\/pu003enu003c!-- \/wp:paragraph --u003ennu003c!-- wp:paragraph --u003enu003cpu003eDivine Infant Jesus, I know You love me and would never leave me. I thank You for Your close Presence in my life.u003c\/pu003enu003c!-- \/wp:paragraph --u003ennu003c!-- wp:paragraph --u003enu003cpu003eMiraculous Infant, I believe in Your promise of peace, blessings, and freedom from want. I place every need and care in Your hands.u003c\/pu003enu003c!-- \/wp:paragraph --u003ennu003c!-- wp:paragraph --u003enu003cpu003eLord Jesus, may I always trust in Your generous mercy and love. I want to honor and praise You, now and forever. Amen.u003c\/pu003enu003c!-- \/wp:paragraph --u003eu003c\/blockquoteu003enu003c!-- \/wp:quote --u003ennu003c!-- wp:aleteia\/read-also {\"link\":\" this miraculous prayer to the Infant Jesus\",\"image\":\" --u003enu003cdiv class=\"read-also\"u003eu003ca href=\" this miraculous prayer to the Infant Jesusu003c\/au003eu003c\/divu003enu003c!-- \/wp:aleteia\/read-also --u003ennu003c!-- wp:paragraph --u003enu003cpu003eu003c\/pu003enu003c!-- \/wp:paragraph --u003e\",\"pages\":1,\"language\":\"en\",\"galleries\":[],\"video\":false,\"title\":\"Pray this 9-hour novena for an urgent need\",\"subheading\":\"The 9-hour novena to the Infant Jesus of Prague is often said for an urgent need and many can attest to its efficacy.\",\"author\":\"Philip Kosloski\",\"author_2\":\"\",\"authors_obj\":[\"ID\":\"1243\",\"link\":\" Kosloski graduated from the University of Saint Thomas in Minnesota with a bachelor's degree in philosophy and Catholic studies and a master's degree in theology from the Augustine Institute. He is currently a spirituality writer for Aleteia.org and has been featured on such places as The Huffington Post, Crisis Magazine, The Catholic Herald, Catholic Exchange, National Catholic Register and EWTN Radio.\",\"twitter\":\"PhilipKosloski\",\"facebook\":\"philipkosloski\",\"subtitle\":\"\",\"title_guest_author\":\"\",\"thumb\":\" Kosloski\",\"hreflangs\": Shutterstock\",\"link\":\"\",\"caption\":\"\",\"alt\":\"Infant Jesus of Prague\",\"link\":\"\/2021\/05\/17\/pray-this-9-hour-novena-for-an-urgent-need\/\",\"category_obj\":\"link\":\" 78, 21, 171, 1 )\",\"term_id\":1494,\"category\":\"Spirituality\",\"category_slug\":\"spirituality\",\"category_id\":1494,\"category_color\":\"#4e15ab\",\"parent_category\":\"Spirituality\",\"published\":1621252026,\"published_datalayer\":\"2021.05.17\",\"article_modified_date\":1694067061,\"article_modified\":true,\"published_formatted\":\"published on 05\/17\/21u003cspan class=\"date-separator\"u003e - u003c\/spanu003eu003cspan class=\"date-updated\"u003eupdated on 09\/08\/23u003c\/spanu003e\",\"tags\":\"Catholic Prayers\",\"firsttag\":\"Catholic Prayers\",\"tags_items\":[\"term_id\":423717396,\"name\":\"Catholic Prayers\",\"link\":\" Department\",\"settings\":\"disable_slideshow_cta\":\"\",\"template_customizations\":\"\",\"post_appearance_setting\":\"no_drop_caps\":false,\"hide_from_tops\":false,\"hide_date\":false,\"hide_post\":false,\"hide_post_in_newsletter\":false,\"ads_disabled\":false,\"inread_ads_disabled\":false,\"custom_inread_position_enabled\":false,\"custom_inread_position\":\"2\",\"test_pixel_enabled\":false,\"test_pixel_position\":\"\",\"exclude_banner_article\":false,\"div_moneytags_position\":\"\",\"original_article\":\"is_original\":\"1\",\"url\":\"\",\"edition\":\"en\",\"gtm\":\"page_type\":\"\",\"page_type_2\":\"\",\"category_name\":\"spirituality\",\"article_subcategory\":\"Spirituality\",\"article_type\":\"article\",\"cd\":\"dimension1\":\"Philip Kosloski\",\"dimension2\":\"Spirituality\",\"dimension3\":\"1621252026\",\"dimension4\":\"en\",\"dimension5\":\"Optimized\",\"dimension6\":\"article\",\"dimension7\":\"2021.05.17\",\"dimension8\":\"Catholic Prayers\",\"dimension9\":\"The 9-hour novena to the Infant Jesus of Prague is often said for an urgent need and many can attest to its efficacy.\",\"dimension10\":\"605922\",\"dimension11\":\"Catholic Prayers\",\"dimension12\":\"web\",\"dimension13\":\"\",\"dimension17\":\"Spirituality Department\",\"dimension14\":\"Spirituality\",\"photo_of_the_day\":false,\"daily_wisdom\":false,\"word_count\":576,\"shortcodes\":[],\"sponsoredSettings\":,\"isSponsored\":false,\"custom_skin_settings\":\"slot\":\"custom-skin\",\"library\":\"theme.Skin\",\"skin_default_article\":\"1\",\"hide_from_layout_endpoint\":\"1\",\"props\":\"id\":\"custom-skid-ad\",\"unit\":\"64500793\/EN_DESK_ARTICLE_SKIN_1x1\",\"collapse_empty_divs\":false,\"premium_ads\":false,\"bids\":\"\",\"nexxx360_id\":\"\",\"size\":[],\"adjacent_posts\":\"next_post\":\"link\":\" Article \",\"prev_post\":\"link\":\" Article \",\"close_comments\":false,\"premium_content\":\"\",\"trunked_content\":\"u003ch2 class=\"subtitle\"u003eThe 9-hour novena to the Infant Jesus of Prague is often said for an urgent need and many can attest to its efficacy.u003c\/h2u003enu003cpu003eMany Catholics are familiar with the concept of a novena, which involves u003cstrongu003epraying for nine consecutive days for a particular intention.u003c\/strongu003e While this is often very effective, some are in need of a more urgent response from God, and turn to a u003cstrongu003e9-hour novenau003c\/strongu003e prayed in a single day.u003c\/pu003ennu003cpu003eThe novena can also be prayed for nine consecutive days, but most pray this for nine hours. There is no guarantee you will get exactly what you are praying for, but u003cstrongu003eGod always answers our prayers. u003c\/strongu003eIt may not be what we expect, but we always receive a response.u003c\/pu003en\",{\"simple\":false,\"id\":793795,\"related\":[],\"content\":\"u003cspan class=\"subtitle\"u003eAleteia talks to author Mary Claire Kendall about a new edition of her book 'Oasis.' It relates stories of many Hollywood stars who converted to Catholicism.u003c\/spanu003eu003cpu003eThis year the Academy Awards will be hosted by comedian Jimmy Kimmel. It will be his fourth time hosting the ceremony, an impressive total \u2013 but he will have a hard time catching up to the greatest of all Academy Award hosts, Bob Hope, who emceed the Oscars a whopping 19 times.u003c\/pu003enu003cpu003eHope\u2019s wry one-liners and deadpan quips made him a beloved figure on stage and screen, and especially at military bases all around the world. In between film shoots and radio appearances, the funnyman devoted much of his time entertaining overseas troops with the USO, often in combat zones.u003c\/pu003enu003cpu003eFor all his generosity, however, Hope was also a conflicted soul. His reputation as a penny-pincher may have been related to the harsh poverty he experienced as a child. Hope was also a womanizer, much to the dismay of his wife Dolores. It was her devout Catholic faith that ultimately kept the marriage together and that eventually led to Bob Hope\u2019s conversion to Catholicism in the early 1990s.u003c\/pu003enu003cdiv class=\"block-image-copyrigth-wrap\"u003enu003cfigure class=\"wp-block-image size-large\"u003eu003cimg decoding=\"async\" loading=\"lazy\" width=\"1200\" height=\"700\" src=\" alt=\"Bob Hope at a USO appearance in 1984\" class=\"wp-image-793796\" srcset=\" 1200w, ?resize=150,88 150w, ?resize=300,175 300w, ?resize=1024,597 1024w, ?resize=620,362 620w, ?resize=1140,665 1140w, ?resize=375,219 375w, ?resize=630,368 630w\" sizes=\"(max-width: 1200px) 100vw, 1200px\" \/u003eu003cfigcaption class=\"wp-element-caption\"u003eu003cemu003eBob Hope at a USO appearance in 1984u003c\/emu003eu003c\/figcaptionu003eu003c\/figureu003enu003cdiv class=\"copyright-text\"u003eWikipedia | Public Domainu003c\/divu003enu003c\/divu003enu003cdiv class=\"wp-block-aleteia-heading3\"u003enu003ch2u003eSurprising storiesu003c\/h2u003enu003c\/pu003eu003c\/divu003enu003cpu003eBob Hope\u2019s faith story is told in the wonderful book u003cemu003eu003ca href=\" target=\"_blank\" rel=\"noopener\" title=\"\"u003eu003cstrongu003eOasisu003c\/strongu003eu003c\/au003eu003c\/emu003eu003ca href=\" target=\"_blank\" rel=\"noopener\" title=\"\"u003eu003cstrongu003e by Mary Claire Kendallu003c\/strongu003eu003c\/au003eu003cemu003e.u003c\/emu003e It shares the surprisingu003cstrongu003e conversion stories of 13 Hollywood celebrities,u003c\/strongu003e including Alfred Hitchcock, Gary Cooper, Lana Turner and a host of other stars. (You can read the story ofu003cstrongu003e John Wayne\u2019s journey to the Catholic faithu003c\/strongu003e, parts of which were derived from u003cemu003eOasisu003c\/emu003e, u003cstrongu003eu003ca href=\" target=\"_blank\" rel=\"noopener\" title=\"\"u003ehereu003c\/au003eu003c\/strongu003e.)u003c\/pu003enu003cpu003eWe were delighted to learn that Mary Claire Kendall has prepared a new edition of u003cemu003eOasisu003c\/emu003e, which will also soon be available as an e-book. She tells Aleteia that the latest edition contains new information and corrections gleaned from her research. It restores \u201csome of what I had to cut from the Mary Astor chapter,\u201d and also \u201cfills in more of Ann Sothernu0026#8217;s story.\u201du003c\/pu003enu003cdiv class=\"wp-block-aleteia-heading3\"u003enu003ch2u003e\u201cHealing and recovery\u201du003c\/h2u003enu003c\/pu003eu003c\/divu003enu003cdiv id='aleteia-welcome'u003eu003c\/divu003enu003cpu003eYears ago, Kendall found herself drawn to these stories of \u201chealing and recovery.\u201d As she explains in the preface to u003cemu003eOasisu003c\/emu003e, she pitched the story of Gary Cooper\u2019s conversion to a magazine publisher, but \u201c(she) told me she was only interested in his \u2018external life.\u2019\u201du003c\/pu003enu003cblockquote class=\"wp-block-quote\"u003enu003cpu003eHow absurd, I thought. What can be more fascinating than the story of a soul? It\u2019s Billy Wilder\u2019s classicu0026nbsp;u003cemu003eSunset Boulevardu003c\/emu003eu0026nbsp;(1950) about a silent movie queen craving a return. It\u2019su0026nbsp;u003cemu003eBarrymoreu0026nbsp;u003c\/emu003e(2011) about Jack, youngest of the theatrical royal family, eying a comeback, in between sips. It\u2019s the arc of life, the ups and downs we all wrestle with, that complete the picture.u003c\/pu003enu003c\/blockquoteu003enu003cpu003eKendall\u2019s late mother eventually encouraged her to turn the stories into a book. She also credits her \u201cdear friend\u201d Fr. Charles John McCloskey III for \u201calways sending me new stars to write about.\u201d Sadly, he passed away last year.u003c\/pu003enu003cdiv class=\"block-image-copyrigth-wrap\"u003enu003cfigure class=\"wp-block-image aligncenter size-large is-resized\"u003eu003cimg decoding=\"async\" loading=\"lazy\" src=\" alt=\"\"Oasis\" by Mary Claire Kendall\" class=\"wp-image-793798\" width=\"289\" height=\"405\" srcset=\" 499w, ?resize=150,210 150w, ?resize=300,421 300w, ?resize=375,526 375w\" sizes=\"(max-width: 289px) 100vw, 289px\" \/u003eu003c\/figureu003enu003cdiv class=\"copyright-text\"u003eMary Claire Kendallu003c\/divu003enu003c\/divu003enu003cdiv class=\"wp-block-aleteia-heading3\"u003enu003ch2u003eA sequel in the worksu003c\/h2u003enu003c\/pu003eu003c\/divu003enu003cpu003eIt was Fr. McCloskey who suggested that Kendall write about Jack Lemmon\u2019s turn to the Catholic faith \u2013 a story that will be told in the upcoming u003cemu003eOasis IIu003c\/emu003e, which will also share the faith journeys of Alec Guinness, Spencer Tracy, James Cagney, and others. The book comes out this summer.u003c\/pu003enu003cpu003eAnd what movie would she like to see take home an Academy Award this year? \u201cu003cemu003eMaestrou003c\/emu003e, co-starring Bradley Cooper and Carey Mulligan, is my pick for Best Picture,\u201d Kendall says. She also loved u003cemu003eThe Holdoversu003c\/emu003e, \u201ca classic dramatic comedy u0026#8212; and it will surely win an Oscar, perhaps Paul Giamatti for Best Actor.\u201d u003c\/pu003enu003cpu003eWe\u2019ll see if Mary Claireu0026#8217;s prediction is accurate in just a few hoursu0026#8230;u003c\/pu003entu003cdiv data-category=\"Inspiring Stories\" data-category-english=\"inspiring stories\" class=\"wp-block-aleteia-read-also read-also\"u003enttu003cfigureu003entttu003cimgnttttsrc=\" of John Wayne from movie still and Monument Valley\"nttttloading=\"lazy\" \/u003enttu003c\/figureu003enttu003cdiv class=\"read-also-inner\"u003entttu003cemu003eRead more:u003c\/emu003eu003ca href=\"u003eJohn Wayne\u2019s journey to the Catholic faith (Photo gallery)u003c\/au003enttu003c\/divu003entu003c\/divu003etu003cdiv data-category=\"Art u0026amp; Culture\" data-category-english=\"culture\" class=\"wp-block-aleteia-read-also read-also\"u003enttu003cfigureu003entttu003cimgnttttsrc=\" Mackesy Interview with CBN\"nttttloading=\"lazy\" \/u003enttu003c\/figureu003enttu003cdiv class=\"read-also-inner\"u003entttu003cemu003eRead more:u003c\/emu003eu003ca href=\" wonu0026#8217;t believe what brought Oscar winner and former atheist Charlie Mackesy to faithu003c\/au003enttu003c\/divu003entu003c\/divu003e\",\"rawcontent\":\"u003c!-- wp:aleteia\/subtitle \/--u003ennu003c!-- wp:paragraph --u003enu003cpu003eThis year the Academy Awards will be hosted by comedian Jimmy Kimmel. It will be his fourth time hosting the ceremony, an impressive total \u2013 but he will have a hard time catching up to the greatest of all Academy Award hosts, Bob Hope, who emceed the Oscars a whopping 19 times.u003c\/pu003enu003c!-- \/wp:paragraph --u003ennu003c!-- wp:paragraph --u003enu003cpu003eHope\u2019s wry one-liners and deadpan quips made him a beloved figure on stage and screen, and especially at military bases all around the world. In between film shoots and radio appearances, the funnyman devoted much of his time entertaining overseas troops with the USO, often in combat zones.u003c\/pu003enu003c!-- \/wp:paragraph --u003ennu003c!-- wp:paragraph --u003enu003cpu003eFor all his generosity, however, Hope was also a conflicted soul. His reputation as a penny-pincher may have been related to the harsh poverty he experienced as a child. Hope was also a womanizer, much to the dismay of his wife Dolores. It was her devout Catholic faith that ultimately kept the marriage together and that eventually led to Bob Hope\u2019s conversion to Catholicism in the early 1990s.u003c\/pu003enu003c!-- \/wp:paragraph --u003ennu003c!-- wp:image \"id\":793796,\"sizeSlug\":\"large\",\"linkDestination\":\"none\" --u003enu003cfigure class=\"wp-block-image size-large\"u003eu003cimg src=\" alt=\"Bob Hope at a USO appearance in 1984\" class=\"wp-image-793796\" \/u003eu003cfigcaption class=\"wp-element-caption\"u003eu003cemu003eBob Hope at a USO appearance in 1984u003c\/emu003eu003c\/figcaptionu003eu003c\/figureu003enu003c!-- \/wp:image --u003ennu003c!-- wp:aleteia\/heading3 \"content\":\"Surprising stories\" --u003enu003ch3u003eSurprising storiesu003c\/h3u003enu003c!-- \/wp:aleteia\/heading3 --u003ennu003c!-- wp:paragraph --u003enu003cpu003eBob Hope\u2019s faith story is told in the wonderful book u003cemu003eu003ca href=\" target=\"_blank\" rel=\"noopener\" title=\"\"u003eu003cstrongu003eOasisu003c\/strongu003eu003c\/au003eu003c\/emu003eu003ca href=\" target=\"_blank\" rel=\"noopener\" title=\"\"u003eu003cstrongu003e by Mary Claire Kendallu003c\/strongu003eu003c\/au003eu003cemu003e.u003c\/emu003e It shares the surprisingu003cstrongu003e conversion stories of 13 Hollywood celebrities,u003c\/strongu003e including Alfred Hitchcock, Gary Cooper, Lana Turner and a host of other stars. (You can read the story ofu003cstrongu003e John Wayne\u2019s journey to the Catholic faithu003c\/strongu003e, parts of which were derived from u003cemu003eOasisu003c\/emu003e, u003cstrongu003eu003ca href=\" target=\"_blank\" rel=\"noopener\" title=\"\"u003ehereu003c\/au003eu003c\/strongu003e.)u003c\/pu003enu003c!-- \/wp:paragraph --u003ennu003c!-- wp:paragraph --u003enu003cpu003eWe were delighted to learn that Mary Claire Kendall has prepared a new edition of u003cemu003eOasisu003c\/emu003e, which will also soon be available as an e-book. She tells Aleteia that the latest edition contains new information and corrections gleaned from her research. It restores \u201csome of what I had to cut from the Mary Astor chapter,\u201d and also \u201cfills in more of Ann Sothern's story.\u201du003c\/pu003enu003c!-- \/wp:paragraph --u003ennu003c!-- wp:aleteia\/heading3 \"content\":\"\u201cHealing and recovery\u201d\" --u003enu003ch3u003e\u201cHealing and recovery\u201du003c\/h3u003enu003c!-- \/wp:aleteia\/heading3 --u003ennu003c!-- wp:paragraph --u003enu003cpu003eYears ago, Kendall found herself drawn to these stories of \u201chealing and recovery.\u201d As she explains in the preface to u003cemu003eOasisu003c\/emu003e, she pitched the story of Gary Cooper\u2019s conversion to a magazine publisher, but \u201c(she) told me she was only interested in his \u2018external life.\u2019\u201du003c\/pu003enu003c!-- \/wp:paragraph --u003ennu003c!-- wp:quote --u003enu003cblockquote class=\"wp-block-quote\"u003eu003c!-- wp:paragraph --u003enu003cpu003eHow absurd, I thought. What can be more fascinating than the story of a soul? It\u2019s Billy Wilder\u2019s classicu0026nbsp;u003cemu003eSunset Boulevardu003c\/emu003eu0026nbsp;(1950) about a silent movie queen craving a return. It\u2019su0026nbsp;u003cemu003eBarrymoreu0026nbsp;u003c\/emu003e(2011) about Jack, youngest of the theatrical royal family, eying a comeback, in between sips. It\u2019s the arc of life, the ups and downs we all wrestle with, that complete the picture.u003c\/pu003enu003c!-- \/wp:paragraph --u003eu003c\/blockquoteu003enu003c!-- \/wp:quote --u003ennu003c!-- wp:paragraph --u003enu003cpu003eKendall\u2019s late mother eventually encouraged her to turn the stories into a book. She also credits her \u201cdear friend\u201d Fr. Charles John McCloskey III for \u201calways sending me new stars to write about.\u201d Sadly, he passed away last year.u003c\/pu003enu003c!-- \/wp:paragraph --u003ennu003c!-- wp:image \"align\":\"center\",\"id\":793798,\"width\":289,\"height\":405,\"sizeSlug\":\"large\",\"linkDestination\":\"none\" --u003enu003cfigure class=\"wp-block-image aligncenter size-large is-resized\"u003eu003cimg src=\" alt=\"u0026quot;Oasisu0026quot; by Mary Claire Kendall\" class=\"wp-image-793798\" width=\"289\" height=\"405\" \/u003eu003c\/figureu003enu003c!-- \/wp:image --u003ennu003c!-- wp:aleteia\/heading3 \"content\":\"A sequel in the works\" --u003enu003ch3u003eA sequel in the worksu003c\/h3u003enu003c!-- \/wp:aleteia\/heading3 --u003ennu003c!-- wp:paragraph --u003enu003cpu003eIt was Fr. McCloskey who suggested that Kendall write about Jack Lemmon\u2019s turn to the Catholic faith \u2013 a story that will be told in the upcoming u003cemu003eOasis IIu003c\/emu003e, which will also share the faith journeys of Alec Guinness, Spencer Tracy, James Cagney, and others. The book comes out this summer.u003c\/pu003enu003c!-- \/wp:paragraph --u003ennu003c!-- wp:paragraph --u003enu003cpu003eAnd what movie would she like to see take home an Academy Award this year? \u201cu003cemu003eMaestrou003c\/emu003e, co-starring Bradley Cooper and Carey Mulligan, is my pick for Best Picture,\u201d Kendall says. She also loved u003cemu003eThe Holdoversu003c\/emu003e, \u201ca classic dramatic comedy -- and it will surely win an Oscar, perhaps Paul Giamatti for Best Actor.\u201d u003c\/pu003enu003c!-- \/wp:paragraph --u003ennu003c!-- wp:paragraph --u003enu003cpu003eWe\u2019ll see if Mary Claire's prediction is accurate in just a few hours...u003c\/pu003enu003c!-- \/wp:paragraph --u003ennu003c!-- wp:aleteia\/read-also {\"link\":\",\"text\":\"John Wayne\u2019s journey to the Catholic faith (Photo gallery)\",\"image\":\" --u003enu003cdiv class=\"read-also\"u003eu003ca href=\"u003eJohn Wayne\u2019s journey to the Catholic faith (Photo gallery)u003c\/au003eu003c\/divu003enu003c!-- \/wp:aleteia\/read-also --u003ennu003c!-- wp:aleteia\/read-also {\"link\":\" won\\u0026#8217;t believe what brought Oscar winner and former atheist Charlie Mackesy to faith\",\"image\":\" --u003enu003cdiv class=\"read-also\"u003eu003ca href=\" wonu0026#8217;t believe what brought Oscar winner and former atheist Charlie Mackesy to faithu003c\/au003eu003c\/divu003enu003c!-- \/wp:aleteia\/read-also --u003e\",\"pages\":1,\"language\":\"en\",\"galleries\":[],\"video\":false,\"title\":\"Book tells conversion stories of Bob Hope and other stars\",\"subheading\":\"Aleteia talks to author Mary Claire Kendall about a new edition of her book 'Oasis.' It relates stories of many Hollywood stars who converted to Catholicism.\",\"author\":\"John Touhey\",\"author_2\":\"\",\"authors_obj\":[\"ID\":\"754445\",\"link\":\" Touhey is the Deputy Executive Editor of Aleteia\u2019s English edition. He has worked as a writer, filmmaker, and content creator on numerous projects and platforms.\",\"twitter\":\"\",\"facebook\":\"\",\"subtitle\":\"\",\"title_guest_author\":\"\",\"thumb\":\" Touhey\",\"hreflangs\": Collage by Aleteia\",\"link\":\"\",\"caption\":\"\",\"alt\":\"Bob Hope, Lana Turner, and Gary Cooper\",\"link\":\"\/2024\/03\/10\/book-tells-conversion-stories-of-bob-hope-and-other-stars\/\",\"category_obj\":\"link\":\" 91, 175, 192, 1 )\",\"term_id\":278,\"category\":\"Lifestyle\",\"category_slug\":\"lifestyle\",\"category_id\":278,\"category_color\":\"#5bafc0\",\"parent_category\":\"Lifestyle\",\"published\":1710039600,\"published_datalayer\":\"2024.03.10\",\"article_modified_date\":\"\",\"article_modified\":false,\"published_formatted\":\"published on 03\/10\/24\",\"tags\":\"Celebrities, Conversion, Faith, Movies\",\"firsttag\":\"Movies\",\"tags_items\":[\"term_id\":423716736,\"name\":\"Celebrities\",\"link\":\" Department\",\"settings\":\"disable_slideshow_cta\":\"\",\"template_customizations\":\"\",\"post_appearance_setting\":\"no_drop_caps\":false,\"hide_from_tops\":false,\"hide_date\":false,\"hide_post\":false,\"hide_post_in_newsletter\":false,\"ads_disabled\":false,\"inread_ads_disabled\":false,\"custom_inread_position_enabled\":false,\"custom_inread_position\":\"2\",\"test_pixel_enabled\":false,\"test_pixel_position\":\"\",\"exclude_banner_article\":false,\"div_moneytags_position\":\"\",\"original_article\":\"is_original\":\"1\",\"url\":\"\",\"edition\":\"en\",\"gtm\":\"page_type\":\"\",\"page_type_2\":\"\",\"category_name\":\"lifestyle\",\"article_subcategory\":\"Lifestyle\",\"article_type\":\"article\",\"cd\":\"dimension1\":\"John Touhey\",\"dimension2\":\"Lifestyle\",\"dimension3\":\"1710039600\",\"dimension4\":\"en\",\"dimension5\":\"\",\"dimension6\":\"article\",\"dimension7\":\"2024.03.10\",\"dimension8\":\"Celebrities, Conversion, Faith, Movies\",\"dimension9\":\"Aleteia talks to author Mary Claire Kendall about a new edition of her book 'Oasis.' It relates stories of many Hollywood stars who converted to Catholicism.\",\"dimension10\":\"793795\",\"dimension11\":\"Celebrities\",\"dimension12\":\"web\",\"dimension13\":\"\",\"dimension17\":\"Lifestyle Department\",\"dimension14\":\"Lifestyle\",\"photo_of_the_day\":false,\"daily_wisdom\":false,\"word_count\":1208,\"shortcodes\":[],\"sponsoredSettings\":,\"isSponsored\":false,\"custom_skin_settings\":\"slot\":\"custom-skin\",\"library\":\"theme.Skin\",\"skin_default_article\":\"1\",\"hide_from_layout_endpoint\":\"1\",\"props\":\"id\":\"custom-skid-ad\",\"unit\":\"64500793\/EN_DESK_ARTICLE_SKIN_1x1\",\"collapse_empty_divs\":false,\"premium_ads\":false,\"bids\":\"\",\"nexxx360_id\":\"\",\"size\":[],\"adjacent_posts\":\"next_post\":\"link\":\" Article \",\"prev_post\":\"link\":\" Article \",\"close_comments\":false,\"premium_content\":\"\",\"trunked_content\":\"u003ch2 class=\"subtitle\"u003eAleteia talks to author Mary Claire Kendall about a new edition of her book 'Oasis.' It relates stories of many Hollywood stars who converted to Catholicism.u003c\/h2u003enu003cpu003eThis year the Academy Awards will be hosted by comedian Jimmy Kimmel. It will be his fourth time hosting the ceremony, an impressive total \u2013 but he will have a hard time catching up to the greatest of all Academy Award hosts, Bob Hope, who emceed the Oscars a whopping 19 times.u003c\/pu003ennu003cpu003eHope\u2019s wry one-liners and deadpan quips made him a beloved figure on stage and screen, and especially at military bases all around the world. In between film shoots and radio appearances, the funnyman devoted much of his time entertaining overseas troops with the USO, often in combat zones.u003c\/pu003en\",{\"simple\":false,\"id\":793307,\"related\":[],\"content\":\"u003cspan class=\"subtitle\"u003eWhen it comes to work ethic and family devotion, Kelce is doing it right. Hopefully his example can inspire the rest of us!u003c\/spanu003eu003cpu003eBeloved football player Jason Kelce announced his retirement on March 4 in an emotional press conference, sharing from his heart a few important lessons. Widely considered one of the greatest centers of all time, Kelce played his entire 13-year career for the Philadelphia Eagles.u0026nbsp;u003c\/pu003enu003cpu003eKelce has long been a Philly icon, especially after his unforgettable speech in a u003ca href=\" target=\"_blank\" rel=\"noopener\" title=\"\"u003emummeru003c\/au003e costume after the team\u2019s 2018 Super Bowl win, but he became a household name when he and his brother, Travis, played against each other in the 2023 Super Bowl. It was the first time in history that brothers competed against each other in the biggest championship game of them all.u0026nbsp;u003c\/pu003enu003cpu003eThe \u201cKelce Bowl\u201d brought the incredibly talented brothers to a wider audience, and they became internationally recognized when Jason\u2019s younger brother, Travis, began dating pop star Taylor Swift in September 2023 (cuing endless social media jokes that Taylor \u201cput Travis on the map,\u201d when he was already renowned among football fans as one of the all-time greatest players). The brothers\u2019 New Heights podcast and Jason\u2019s u003cemu003eKelceu003c\/emu003e documentary on Prime soared in popularity, introducing the world to this down-to-earth and fun-loving family.u003c\/pu003enu003cpu003eFame has not changed Jason Kelce, who is affably rough around the edges with a heart of pure gold. He often becomes emotional when talking about his family u0026#8212; his parents, brother, wife, and three young daughters u0026#8212; revealing a deep love and commitment to his people.u0026nbsp;u003c\/pu003enu003cpu003eHis u003ca href=\" target=\"_blank\" rel=\"noopener\" title=\"\"u003eretirement speechu003c\/au003e revealed so many of the things America loves about Jason, and he shared some really important lessons he\u2019s learned along the way, lessons for us all to take to heart.u003c\/pu003enu003cdiv id='aleteia-welcome'u003eu003c\/divu003enu003cpu003eWhen it comes to work ethic and family devotion, Jason is doing it right. Hopefully his example and openly sharing how important these things are to him can inspire us all to follow in his footsteps, whether or not weu0026#8217;re not destined for a career in professional sports!u003c\/pu003enu003ch2 class=\"wp-block-aleteia-rich-list\"u003entttu003cspanu003e1u003c\/spanu003eu003cbr \/u003entttu003cstrongu003e\u201cOne of the best things a person can be is a father\u201du003c\/strongu003eu003cbr \/u003enttu003c\/h2u003enu003cpu003ePerhaps the most moving moment of the speech was Kelce\u2019s declaration of how much he loves being a father, inspired by the example of his own wonderful dad. He said:u003c\/pu003enu003cblockquote class=\"wp-block-quote\"u003enu003cpu003eI am a product of my upbringing: I think one of the best things a person can be in this world is a father. A father who is present, loving, devoted, just may be the greatest gift a child could ask for in our society, and I have a d\u2014 good one. My father believed in me more than anyone. He believed in me and my brother, and whenever my own insecurities would arise or self-doubt would come in, he would stifle them with the warm embrace of unwavering love and belief.u003c\/pu003enu003c\/blockquoteu003enu003ch2 class=\"wp-block-aleteia-rich-list\"u003entttu003cspanu003e2u003c\/spanu003eu003cbr \/u003entttu003cstrongu003e\u201cShe has brought the best out of me\u201du003c\/strongu003eu003cbr \/u003enttu003c\/h2u003enu003cpu003eKelce spoke candidly about how his love for his wife, Kylie, made him even better at his career. We are big fans of Kylie Kelce, and it was deeply moving to hear his tribute to her as a driving force behind his success. His speech was a powerful reminder that a happy marriage inspires both spouses to achieve new levels of greatness. He said:u003c\/pu003enu003cblockquote class=\"wp-block-quote\"u003enu003cpu003eI think itu0026#8217;s no coincidence I have enjoyed my best years of my career with Kylie by my side. Every accolade I have ever received has come with her in my life. She has brought the best out of me through love, devotion, support, honesty, intelligence and, of course, a swift kick in the a\u2013 from time to time. She has also given me three beautiful girls and a life that increasingly brings me more fulfillment off the field than it does on.u003c\/pu003enu003c\/blockquoteu003enu003ch2 class=\"wp-block-aleteia-rich-list\"u003entttu003cspanu003e3u003c\/spanu003eu003cbr \/u003entttu003cstrongu003e\u201cThe camaraderie of my teammates\u201du003c\/strongu003eu003cbr \/u003enttu003c\/h2u003enu003cpu003eA heartrending moment in the press conference came when Kelce began to describe how much he loves the camaraderie of a football team but broke down on reaching the word \u201ccamaraderie.\u201d His teammates mean so much to him and their friendly support was one of the big factors driving him to succeed. Humans need community and to be part of a team, in any walk of life. As he said later in the speech:u003c\/pu003enu003cblockquote class=\"wp-block-quote\"u003enu003cpu003eNo man is an island: We must draw our strengths from others. Iu0026#8217;d like to thank my teammates, my other brothers. Oh, how Iu0026#8217;ve drawn my strengths from you all! I was fortunate to play with great players, some of the best this league has to offer, but it was really off the field, just sitting in the cafeteria with my teammates, breaking bread and talking about life, that were some of the most meaningful times I spent in my career.u003c\/pu003enu003c\/blockquoteu003enu003ch2 class=\"wp-block-aleteia-rich-list\"u003entttu003cspanu003e4u003c\/spanu003eu003cbr \/u003entttu003cstrongu003e\u201cThe easy way is the wrong way\u201du003c\/strongu003eu003cbr \/u003enttu003c\/h2u003enu003cpu003eKelce is known for his extraordinary work ethic and personal discipline, without which he could not have risen to the top of a grueling sport. One short but unforgettable line from his speech captured the role old-fashioned hard work played in his success (he quotes Eagles offensive line coach Jeff Stoutland here).u003c\/pu003enu003cblockquote class=\"wp-block-quote\"u003enu003cpu003eJeff Stoutland often shares a quote his father would tell him: u0026#8220;More often than not, the easy way is the wrong way.u0026#8221;u0026nbsp;u003c\/pu003enu003c\/blockquoteu003enu003cpu003eIn a world that encourages us to \u201ctake the easy way out\u201d of any situation, what would it look like if we rose to meet challenges with this kind of relentless attitude?u003c\/pu003enu003ch2 class=\"wp-block-aleteia-rich-list\"u003entttu003cspanu003e5u003c\/spanu003eu003cbr \/u003entttu003cstrongu003eVulnerability is strengthu003c\/strongu003eu003cbr \/u003enttu003c\/h2u003enu003cpu003eIt\u2019s nearly impossible to watch the speech without tearing up: Kelce openly wept for much of the press conference in a raw and vulnerable farewell to the sport he loves so much.u003c\/pu003enu003cpu003ePerhaps this vulnerability was the greatest lesson of all. Many commenters on the YouTube video of his speech found it refreshing to see such a strong, tough man wear his heart on his sleeve without a second thought.u003c\/pu003enu003cpu003eKelce ended his speech simply by standing up and saying, \u201cThat\u2019s all I\u2019ve got,\u201d leading one commenter to say, u0026#8220;u0026#8216;That\u2019s all I\u2019ve gotu0026#8217; like Jason Kelce didn\u2019t just bring us to our knees with tears in our eyes by showing how strong it is to show vulnerability.u0026#8221; u003c\/pu003enu003cpu003eAnother wrote, u0026#8220;Jason not even once apologized for crying. That\u2019s because you never have to be sorry for expressing emotion. A lot of us men can learn so much from this guy. An absolute legend,u0026#8221; while another said, u0026#8220;I watched this with both of my sons. I cried and they cried. This is the epitome of what a man could be and should be.u0026#8221; Yet another wrote, u0026#8220;He is what football and family are truly about: loyalty, love, honor, commitment, brotherhood, compassion, teamwork, and selflessness.u0026#8221;u003c\/pu003enu003cpu003eThese are just a few of the heartfelt comments showing how many lives Kelce touched in his 13 years in the NFL.u0026nbsp;u003c\/pu003enu003cpu003eThank you, Jason, for showing the world what it looks like to play with all you\u2019ve got on the field, and love your people with all you\u2019ve got off the field. The world could use more of us imitating your work ethic and giant heart. We will miss you so much!u003c\/pu003entu003cdiv data-category=\"Lifestyle\" data-category-english=\"lifestyle\" class=\"wp-block-aleteia-read-also read-also\"u003enttu003cfigureu003entttu003cimgnttttsrc=\" Kelce attends Thursday Night Football Presents The World Premiere of u0026quot;Kelceu0026quot; on September 08, 2023 in Philadelphia, Pennsylvania.\"nttttloading=\"lazy\" \/u003enttu003c\/figureu003enttu003cdiv class=\"read-also-inner\"u003entttu003cemu003eRead more:u003c\/emu003eu003ca href=\" Kelce gives excellent advice on being a great mother-in-lawu003c\/au003enttu003c\/divu003entu003c\/divu003etu003cdiv data-category=\"Lifestyle\" data-category-english=\"lifestyle\" class=\"wp-block-aleteia-read-also read-also\"u003enttu003cfigureu003entttu003cimgnttttsrc=\" Kelce and Kylie Kelce attend Thursday Night Football Presents The World Premiere of u0026quot;Kelceu0026quot; on September 08, 2023 in Philadelphia\"nttttloading=\"lazy\" \/u003enttu003c\/figureu003enttu003cdiv class=\"read-also-inner\"u003entttu003cemu003eRead more:u003c\/emu003eu003ca href=\" Kelceu0026#8217;s list of must-haves for dads to take to the delivery roomu003c\/au003enttu003c\/divu003entu003c\/divu003e\",\"rawcontent\":\"u003c!-- wp:aleteia\/subtitle \/--u003ennu003c!-- wp:paragraph --u003enu003cpu003eBeloved football player Jason Kelce announced his retirement on March 4 in an emotional press conference, sharing from his heart a few important lessons. Widely considered one of the greatest centers of all time, Kelce played his entire 13-year career for the Philadelphia Eagles.u0026nbsp;u003c\/pu003enu003c!-- \/wp:paragraph --u003ennu003c!-- wp:paragraph --u003enu003cpu003eKelce has long been a Philly icon, especially after his unforgettable speech in a u003ca href=\" target=\"_blank\" rel=\"noopener\" title=\"\"u003emummeru003c\/au003e costume after the team\u2019s 2018 Super Bowl win, but he became a household name when he and his brother, Travis, played against each other in the 2023 Super Bowl. It was the first time in history that brothers competed against each other in the biggest championship game of them all.u0026nbsp;u003c\/pu003enu003c!-- \/wp:paragraph --u003ennu003c!-- wp:paragraph --u003enu003cpu003eThe \u201cKelce Bowl\u201d brought the incredibly talented brothers to a wider audience, and they became internationally recognized when Jason\u2019s younger brother, Travis, began dating pop star Taylor Swift in September 2023 (cuing endless social media jokes that Taylor \u201cput Travis on the map,\u201d when he was already renowned among football fans as one of the all-time greatest players). The brothers\u2019 New Heights podcast and Jason\u2019s u003cemu003eKelceu003c\/emu003e documentary on Prime soared in popularity, introducing the world to this down-to-earth and fun-loving family.u003c\/pu003enu003c!-- \/wp:paragraph --u003ennu003c!-- wp:paragraph --u003enu003cpu003eFame has not changed Jason Kelce, who is affably rough around the edges with a heart of pure gold. He often becomes emotional when talking about his family -- his parents, brother, wife, and three young daughters -- revealing a deep love and commitment to his people.u0026nbsp;u003c\/pu003enu003c!-- \/wp:paragraph --u003ennu003c!-- wp:paragraph --u003enu003cpu003eHis u003ca href=\" target=\"_blank\" rel=\"noopener\" title=\"\"u003eretirement speechu003c\/au003e revealed so many of the things America loves about Jason, and he shared some really important lessons he\u2019s learned along the way, lessons for us all to take to heart.u003c\/pu003enu003c!-- \/wp:paragraph --u003ennu003c!-- wp:paragraph --u003enu003cpu003eWhen it comes to work ethic and family devotion, Jason is doing it right. Hopefully his example and openly sharing how important these things are to him can inspire us all to follow in his footsteps, whether or not we're not destined for a career in professional sports!u003c\/pu003enu003c!-- \/wp:paragraph --u003ennu003c!-- wp:aleteia\/rich-list \"index\":\"1\",\"text\":\"\u201cOne of the best things a person can be is a father\u201d\" --u003enu003ch3 class=\"wp-block-aleteia-rich-list\"u003eu003cspanu003e1u003c\/spanu003eu003cstrongu003e\u201cOne of the best things a person can be is a father\u201du003c\/strongu003eu003c\/h3u003enu003c!-- \/wp:aleteia\/rich-list --u003ennu003c!-- wp:paragraph --u003enu003cpu003ePerhaps the most moving moment of the speech was Kelce\u2019s declaration of how much he loves being a father, inspired by the example of his own wonderful dad. He said:u003c\/pu003enu003c!-- \/wp:paragraph --u003ennu003c!-- wp:quote --u003enu003cblockquote class=\"wp-block-quote\"u003eu003c!-- wp:paragraph --u003enu003cpu003eI am a product of my upbringing: I think one of the best things a person can be in this world is a father. A father who is present, loving, devoted, just may be the greatest gift a child could ask for in our society, and I have a d\u2014 good one. My father believed in me more than anyone. He believed in me and my brother, and whenever my own insecurities would arise or self-doubt would come in, he would stifle them with the warm embrace of unwavering love and belief.u003c\/pu003enu003c!-- \/wp:paragraph --u003eu003c\/blockquoteu003enu003c!-- \/wp:quote --u003ennu003c!-- wp:aleteia\/rich-list \"index\":\"2\",\"text\":\"\u201cShe has brought the best out of me\u201d\" --u003enu003ch3 class=\"wp-block-aleteia-rich-list\"u003eu003cspanu003e2u003c\/spanu003eu003cstrongu003e\u201cShe has brought the best out of me\u201du003c\/strongu003eu003c\/h3u003enu003c!-- \/wp:aleteia\/rich-list --u003ennu003c!-- wp:paragraph --u003enu003cpu003eKelce spoke candidly about how his love for his wife, Kylie, made him even better at his career. We are big fans of Kylie Kelce, and it was deeply moving to hear his tribute to her as a driving force behind his success. His speech was a powerful reminder that a happy marriage inspires both spouses to achieve new levels of greatness. He said:u003c\/pu003enu003c!-- \/wp:paragraph --u003ennu003c!-- wp:quote --u003enu003cblockquote class=\"wp-block-quote\"u003eu003c!-- wp:paragraph --u003enu003cpu003eI think it's no coincidence I have enjoyed my best years of my career with Kylie by my side. Every accolade I have ever received has come with her in my life. She has brought the best out of me through love, devotion, support, honesty, intelligence and, of course, a swift kick in the a\u2013 from time to time. She has also given me three beautiful girls and a life that increasingly brings me more fulfillment off the field than it does on.u003c\/pu003enu003c!-- \/wp:paragraph --u003eu003c\/blockquoteu003enu003c!-- \/wp:quote --u003ennu003c!-- wp:aleteia\/rich-list \"index\":\"3\",\"text\":\"\u201cThe camaraderie of my teammates\u201d\" --u003enu003ch3 class=\"wp-block-aleteia-rich-list\"u003eu003cspanu003e3u003c\/spanu003eu003cstrongu003e\u201cThe camaraderie of my teammates\u201du003c\/strongu003eu003c\/h3u003enu003c!-- \/wp:aleteia\/rich-list --u003ennu003c!-- wp:paragraph --u003enu003cpu003eA heartrending moment in the press conference came when Kelce began to describe how much he loves the camaraderie of a football team but broke down on reaching the word \u201ccamaraderie.\u201d His teammates mean so much to him and their friendly support was one of the big factors driving him to succeed. Humans need community and to be part of a team, in any walk of life. As he said later in the speech:u003c\/pu003enu003c!-- \/wp:paragraph --u003ennu003c!-- wp:quote --u003enu003cblockquote class=\"wp-block-quote\"u003eu003c!-- wp:paragraph --u003enu003cpu003eNo man is an island: We must draw our strengths from others. I'd like to thank my teammates, my other brothers. Oh, how I've drawn my strengths from you all! I was fortunate to play with great players, some of the best this league has to offer, but it was really off the field, just sitting in the cafeteria with my teammates, breaking bread and talking about life, that were some of the most meaningful times I spent in my career.u003c\/pu003enu003c!-- \/wp:paragraph --u003eu003c\/blockquoteu003enu003c!-- \/wp:quote --u003ennu003c!-- wp:aleteia\/rich-list \"index\":\"4\",\"text\":\"\u201cThe easy way is the wrong way\u201d\" --u003enu003ch3 class=\"wp-block-aleteia-rich-list\"u003eu003cspanu003e4u003c\/spanu003eu003cstrongu003e\u201cThe easy way is the wrong way\u201du003c\/strongu003eu003c\/h3u003enu003c!-- \/wp:aleteia\/rich-list --u003ennu003c!-- wp:paragraph --u003enu003cpu003eKelce is known for his extraordinary work ethic and personal discipline, without which he could not have risen to the top of a grueling sport. One short but unforgettable line from his speech captured the role old-fashioned hard work played in his success (he quotes Eagles offensive line coach Jeff Stoutland here).u003c\/pu003enu003c!-- \/wp:paragraph --u003ennu003c!-- wp:quote --u003enu003cblockquote class=\"wp-block-quote\"u003eu003c!-- wp:paragraph --u003enu003cpu003eJeff Stoutland often shares a quote his father would tell him: \"More often than not, the easy way is the wrong way.\"u0026nbsp;u003c\/pu003enu003c!-- \/wp:paragraph --u003eu003c\/blockquoteu003enu003c!-- \/wp:quote --u003ennu003c!-- wp:paragraph --u003enu003cpu003eIn a world that encourages us to \u201ctake the easy way out\u201d of any situation, what would it look like if we rose to meet challenges with this kind of relentless attitude?u003c\/pu003enu003c!-- \/wp:paragraph --u003ennu003c!-- wp:aleteia\/rich-list \"index\":\"5\",\"text\":\"Vulnerability is strength\" --u003enu003ch3 class=\"wp-block-aleteia-rich-list\"u003eu003cspanu003e5u003c\/spanu003eu003cstrongu003eVulnerability is strengthu003c\/strongu003eu003c\/h3u003enu003c!-- \/wp:aleteia\/rich-list --u003ennu003c!-- wp:paragraph --u003enu003cpu003eIt\u2019s nearly impossible to watch the speech without tearing up: Kelce openly wept for much of the press conference in a raw and vulnerable farewell to the sport he loves so much.u003c\/pu003enu003c!-- \/wp:paragraph --u003ennu003c!-- wp:paragraph --u003enu003cpu003ePerhaps this vulnerability was the greatest lesson of all. Many commenters on the YouTube video of his speech found it refreshing to see such a strong, tough man wear his heart on his sleeve without a second thought.u003c\/pu003enu003c!-- \/wp:paragraph --u003ennu003c!-- wp:paragraph --u003enu003cpu003eKelce ended his speech simply by standing up and saying, \u201cThat\u2019s all I\u2019ve got,\u201d leading one commenter to say, \"'That\u2019s all I\u2019ve got' like Jason Kelce didn\u2019t just bring us to our knees with tears in our eyes by showing how strong it is to show vulnerability.\" u003c\/pu003enu003c!-- \/wp:paragraph --u003ennu003c!-- wp:paragraph --u003enu003cpu003eAnother wrote, \"Jason not even once apologized for crying. That\u2019s because you never have to be sorry for expressing emotion. A lot of us men can learn so much from this guy. An absolute legend,\" while another said, \"I watched this with both of my sons. I cried and they cried. This is the epitome of what a man could be and should be.\" Yet another wrote, \"He is what football and family are truly about: loyalty, love, honor, commitment, brotherhood, compassion, teamwork, and selflessness.\"u003c\/pu003enu003c!-- \/wp:paragraph --u003ennu003c!-- wp:paragraph --u003enu003cpu003eThese are just a few of the heartfelt comments showing how many lives Kelce touched in his 13 years in the NFL.u0026nbsp;u003c\/pu003enu003c!-- \/wp:paragraph --u003ennu003c!-- wp:paragraph --u003enu003cpu003eThank you, Jason, for showing the world what it looks like to play with all you\u2019ve got on the field, and love your people with all you\u2019ve got off the field. The world could use more of us imitating your work ethic and giant heart. We will miss you so much!u003c\/pu003enu003c!-- \/wp:paragraph --u003ennu003c!-- wp:aleteia\/read-also {\"link\":\" Kelce gives excellent advice on being a great mother-in-law\",\"image\":\" --u003enu003cdiv class=\"read-also\"u003eu003ca href=\" Kelce gives excellent advice on being a great mother-in-lawu003c\/au003eu003c\/divu003enu003c!-- \/wp:aleteia\/read-also --u003ennu003c!-- wp:aleteia\/read-also {\"link\":\" Kelce\\u0026#8217;s list of must-haves for dads to take to the delivery room\",\"image\":\" --u003enu003cdiv class=\"read-also\"u003eu003ca href=\" Kelceu0026#8217;s list of must-haves for dads to take to the delivery roomu003c\/au003eu003c\/divu003enu003c!-- \/wp:aleteia\/read-also --u003e\",\"pages\":1,\"language\":\"en\",\"galleries\":[],\"video\":false,\"title\":\"5 Powerful lessons Jason Kelce taught the world\",\"subheading\":\"When it comes to work ethic and family devotion, Kelce is doing it right. Hopefully his example can inspire the rest of us!\",\"author\":\"Theresa Civantos Barber\",\"author_2\":\"\",\"authors_obj\":[\"ID\":\"327797\",\"link\":\" class=\"p1\"u003eu003cspan class=\"s1\"u003eTheresa Civantos Barber is an assistant editor for Aleteia. She has worked as an editor for Regnery Publishing, University of Chicago and Midwest Theological Forum.\u00a0u003c\/spanu003eu003c\/pu003e\",\"twitter\":\"\",\"facebook\":\"\",\"subtitle\":\"\",\"title_guest_author\":\"\",\"thumb\":\" Civantos Barber\",\"hreflangs\":\"en\":\" Kelce #62 of the Philadelphia Eagles reacts after announcing his retirement from the NFL\",\"copyright\":\"TIM NWACHUKWU \/ GETTY IMAGES NORTH AMERICA \/ GETTY IMAGES VIA AFP\",\"link\":\"\",\"caption\":\"\",\"alt\":\"Jason Kelce #62 of the Philadelphia Eagles reacts after announcing his retirement from the NFL\",\"link\":\"\/2024\/03\/07\/5-powerful-lessons-jason-kelce-taught-the-world\/\",\"category_obj\":\"link\":\" Stories\",\"name\":\"Inspiring Stories\",\"slug\":\"inspiring-stories\",\"color\":\"rgba( 211, 65, 51, 1 )\",\"term_id\":423715389,\"category\":\"Inspiring Stories\",\"category_slug\":\"inspiring-stories\",\"category_id\":423715389,\"category_color\":\"#d34133\",\"parent_category\":\"Inspiring Stories\",\"published\":1709802000,\"published_datalayer\":\"2024.03.07\",\"article_modified_date\":\"\",\"article_modified\":false,\"published_formatted\":\"published on 03\/07\/24\",\"tags\":\"Fatherhood, Marriage, Sports\",\"firsttag\":\"Sports\",\"tags_items\":[\"term_id\":6849,\"name\":\"Fatherhood\",\"link\":\" Stories\",\"settings\":\"disable_slideshow_cta\":\"\",\"template_customizations\":\"\",\"post_appearance_setting\":\"no_drop_caps\":false,\"hide_from_tops\":false,\"hide_date\":false,\"hide_post\":false,\"hide_post_in_newsletter\":false,\"ads_disabled\":false,\"inread_ads_disabled\":false,\"custom_inread_position_enabled\":false,\"custom_inread_position\":\"2\",\"test_pixel_enabled\":false,\"test_pixel_position\":\"\",\"exclude_banner_article\":false,\"div_moneytags_position\":\"\",\"original_article\":\"is_original\":\"1\",\"url\":\"\",\"edition\":\"en\",\"gtm\":\"page_type\":\"\",\"page_type_2\":\"\",\"category_name\":\"inspiring stories\",\"article_subcategory\":\"Inspiring Stories\",\"article_type\":\"article\",\"cd\":\"dimension1\":\"Theresa Civantos Barber\",\"dimension2\":\"Inspiring Stories\",\"dimension3\":\"1709802000\",\"dimension4\":\"en\",\"dimension5\":\"\",\"dimension6\":\"article\",\"dimension7\":\"2024.03.07\",\"dimension8\":\"Fatherhood, Marriage, Sports\",\"dimension9\":\"When it comes to work ethic and family devotion, Kelce is doing it right. Hopefully his example can inspire the rest of us!\",\"dimension10\":\"793307\",\"dimension11\":\"Fatherhood\",\"dimension12\":\"web\",\"dimension13\":\"\",\"dimension17\":\"Inspiring Stories\",\"dimension14\":\"Inspiring Stories\",\"photo_of_the_day\":false,\"daily_wisdom\":false,\"word_count\":1736,\"shortcodes\":[],\"sponsoredSettings\":,\"isSponsored\":false,\"custom_skin_settings\":\"slot\":\"custom-skin\",\"library\":\"theme.Skin\",\"skin_default_article\":\"1\",\"hide_from_layout_endpoint\":\"1\",\"props\":\"id\":\"custom-skid-ad\",\"unit\":\"64500793\/EN_DESK_ARTICLE_SKIN_1x1\",\"collapse_empty_divs\":false,\"premium_ads\":false,\"bids\":\"\",\"nexxx360_id\":\"\",\"size\":[],\"adjacent_posts\":\"next_post\":\"link\":\" Article \",\"prev_post\":\"link\":\" Article \",\"close_comments\":false,\"premium_content\":\"\",\"trunked_content\":\"u003ch2 class=\"subtitle\"u003eWhen it comes to work ethic and family devotion, Kelce is doing it right. Hopefully his example can inspire the rest of us!u003c\/h2u003enu003cpu003eBeloved football player Jason Kelce announced his retirement on March 4 in an emotional press conference, sharing from his heart a few important lessons. Widely considered one of the greatest centers of all time, Kelce played his entire 13-year career for the Philadelphia Eagles.u0026nbsp;u003c\/pu003ennu003cpu003eKelce has long been a Philly icon, especially after his unforgettable speech in a u003ca href=\" target=\"_blank\" rel=\"noopener\" title=\"\"u003emummeru003c\/au003e costume after the team\u2019s 2018 Super Bowl win, but he became a household name when he and his brother, Travis, played against each other in the 2023 Super Bowl. It was the first time in history that brothers competed against each other in the biggest championship game of them all.u0026nbsp;u003c\/pu003en\",{\"simple\":false,\"id\":793526,\"related\":[],\"content\":\"u003cspan class=\"subtitle\"u003eA sermon delivered a few days after Frances Cabrini\u2019s death shows she was as amazing in real life as her depiction in the new Cabrini movie. u003c\/spanu003eu003cpu003eAs u003cemu003eCabriniu003c\/emu003e opens in theaters this weekend, some viewers may be tempted to think that the film\u2019s depiction of St. Frances Xavier Cabrini may be slightly exaggerated. Surely, the real woman could not have been as bold, tough, and determined as she is portrayed in the film. In short, the skeptics will say that u003cemu003eCabriniu003c\/emu003e, like most \u201ctrue\u201d stories that get the Hollywood treatment, should be taken with a grain of salt.u003c\/pu003enu003cpu003eu003cstrongu003eYet a sermon delivered just five days after her death, at a Requiem Mass in the hospital where she died, reveals the extraordinary impact that the real Mother Cabrini had on her fellow Catholics and the world at large.u003c\/strongu003e In this powerful sermon, Cabrini is likened to the great founders of other religious orders like Saints \u201cBenedict, Dominic, Augustine, Ignatius, Alphonsus, Philip Neri, Clare,\u201d along with St. Teresa of Avila, who established the Discalced Carmelites with St. John of the Cross. The sermon continues:u003c\/pu003enu003cblockquote class=\"wp-block-quote\"u003enu003cpu003eLike her predecessors among the founders of religious orders, Mother Frances Xavier Cabrini was a pioneer, u003cstrongu003ealready canonized in the hearts of her spiritual daughtersu003c\/strongu003e.u003c\/pu003enu003c\/blockquoteu003enu003cdiv class=\"wp-block-aleteia-heading3\"u003enu003ch2u003eA shared devotion to missionu003c\/h2u003enu003c\/pu003eu003c\/divu003enu003cpu003eThe man who compared Mother Cabrini to some of the Church\u2019s greatest saints was himself an impressive figure. Like the foundress of the Missionary Sisters of the Sacred Heart, Fr. Francis Clement Kelley had a fervent devotion to missionary activity. u003c\/pu003enu003cpu003eu003cstrongu003eDuring his extensive travels, Fr. Kelley had witnessed the serious challenges that the Catholic Church faced in many parts of the US, particularly in rural and impoverished areas.u003c\/strongu003e In 1905, he founded the Catholic Extension Society to provide material and spiritual support where it was most needed to help spread the Gospel u0026#8212; a mission that u003ca href=\" target=\"_blank\" rel=\"noopener\" title=\"Catholic Extension\"u003eCatholic Extensionu003c\/au003e continues to this day.u003c\/pu003enu003cdiv id='aleteia-welcome'u003eu003c\/divu003enu003cpu003eFr. Jack Wall, the current president of Catholic Extension, tells Aleteia:u003cstrongu003e \u201cWe hope that this motion picture celebrating the courageous life of Mother Cabrini, who gave witness to the face of Christ in the poor, will reawaken our own consciences and hearts to those on the peripheries of our American society today.\u201du003c\/strongu003eu003c\/pu003enu003cpu003eReading Fr. Kelley\u2019s 1917 sermon, delivered to the sisters who had gathered to remember their foundress five days after her death, it is clear that he had a keen awareness of the qualities that made Mother Cabrini such an effective missionary. u003c\/pu003enu003cdiv class=\"block-image-copyrigth-wrap\"u003enu003cfigure class=\"wp-block-image size-full\"u003eu003cimg decoding=\"async\" loading=\"lazy\" width=\"760\" height=\"602\" src=\" alt=\"Young oyster shuckers in city\" class=\"wp-image-793532\" srcset=\" 760w, ?resize=150,119 150w, ?resize=300,238 300w, ?resize=620,491 620w, ?resize=375,297 375w, ?resize=630,499 630w\" sizes=\"(max-width: 760px) 100vw, 760px\" \/u003eu003cfigcaption class=\"wp-element-caption\"u003eu003cemu003eYoung oyster shuckers, Early 20th centuryu003c\/emu003eu003c\/figcaptionu003eu003c\/figureu003enu003cdiv class=\"copyright-text\"u003eLewis Wickes Hine, New York Public Libraryu003c\/divu003enu003c\/divu003enu003cdiv class=\"wp-block-aleteia-heading3\"u003enu003ch2u003eClimbing the mountainu003c\/h2u003enu003c\/pu003eu003c\/divu003enu003cpu003eBeing a pioneer is never easy, Fr. Kelley says, pointing out that u003cstrongu003eCabrini had her share of \u201ctrials and sufferings, setbacks and misunderstandings.\u201du003c\/strongu003eu003c\/pu003enu003cpu003eAs depicted in u003cemu003eCabriniu003c\/emu003e, the real Frances Cabrini arrived in New York City to find countless immigrants living in unimaginable squalor. Children were especially vulnerable u0026#8212; forced to work in unsafe conditions to help support their families or left to fend for themselves in the streets. They lacked schooling, healthcare, or even the most basic essentials. Yet Mother Cabriniu0026#8217;s efforts to help these young victims met with stiff resistance.u003c\/pu003enu003cpu003eLike her predecessors who had their own mountains to climb, Frances Cabrini \u201cleft marks of bleeding hands and wounded feet on rocks and bracken.\u201d Fr. Kelleyu0026#8217;s is not a romanticized view of the missionary life. u003cstrongu003eTo serve God at the peripheries one must take up the cross.u003c\/strongu003eu003c\/pu003enu003cpu003eFr. Kelley reminds those gathered that Jesus chose Peter, James, and John to climb with Him to the summit of Mt. Tabor. He agrees with St. John Chrysostom that they were likely chosen by Christ because of the virtues they possessed: \u201cPeter for his great love, John for his great purity, and James for his great zeal.\u201d He then adds: u003cstrongu003e\u201cAll these (virtues) Mother Cabrini took to the very top of her mountain.\u201du003c\/strongu003eu003c\/pu003enu003cdiv class=\"wp-block-aleteia-heading3\"u003enu003ch2u003eDevotion to the Sacred Heartu003c\/h2u003enu003c\/pu003eu003c\/divu003enu003cpu003eAccording to Fr. Kelley, the virtue of love was always evident in Mother Cabrini, especially in her desire to increase peopleu0026#8217;s affection for the Sacred Heart of Jesus. \u201cShe spread the devotion by every means in her power,\u201d he says, adding that she would never allow herself to be discouraged.u003c\/pu003enu003cpu003eu003cstrongu003eFr. Kelley delivered his homily in the chapel of Chicago\u2019s Columbus Hospital, which Mother Cabrini had founded and where she had died days before at age 67.u003c\/strongu003e Indicating the altar, he continued:u003c\/pu003enu003cblockquote class=\"wp-block-quote\"u003enu003cpu003eA Sister saw her one day prostrate before this very altar. A few moments later, the Mother told her that she had been praying for assistance. The work in Chicago was in danger of perishing, but her confidence in God was so great that, although in the midst of one of her severest trials, she was far from discouraged.u003c\/pu003enu003c\/blockquoteu003enu003cpu003eLater that night, the order\u2019s presence in Chicago \u201cwas saved almost miraculously.\u201d Love is not just a fine sentiment, but something vital and a source of strength. \u201cThe pioneers always understand that it is devotion and love that gives light and confidence to their footsteps.\u201du003c\/pu003enu003cdiv class=\"block-image-copyrigth-wrap\"u003enu003cfigure class=\"wp-block-image size-large\"u003eu003cimg decoding=\"async\" loading=\"lazy\" width=\"1200\" height=\"287\" src=\" alt=\"Excerpt from Fr. Francis Kelley's sermon for Mother Cabrini\" class=\"wp-image-793533\" srcset=\" 1200w, ?resize=150,36 150w, ?resize=300,72 300w, ?resize=1024,245 1024w, ?resize=620,148 620w, ?resize=1140,273 1140w, ?resize=375,90 375w, ?resize=630,151 630w\" sizes=\"(max-width: 1200px) 100vw, 1200px\" \/u003eu003cfigcaption class=\"wp-element-caption\"u003eu003cemu003eAn excerpt from Fr. Francis Kelleyu0026#8217;s Requiem Mass sermon for Mother Cabriniu003c\/emu003eu003c\/figcaptionu003eu003c\/figureu003enu003cdiv class=\"copyright-text\"u003eCourtesy of Catholic Extension Societyu003c\/divu003enu003c\/divu003enu003cdiv class=\"wp-block-aleteia-heading3\"u003enu003ch2u003ePurity and zealu003c\/h2u003enu003c\/pu003eu003c\/divu003enu003cpu003eFr. Kelley proceeds by noting that Mother Cabrini \u201cpracticed the virtue of purity as she desired her daughters to practice it.\u201d It was her \u201cpurity and strength that gave her the right to attempt great things for God,\u201d he insists.u003c\/pu003enu003cpu003eAccording to the priest, u003cstrongu003ezeal \u201ctempered by obedience\u201d is the \u201coutstanding missionary virtue.\u201du003c\/strongu003e It is zeal that ultimately breaks down barriers and overcomes obstacles, or \u201cturns them into stepping stones.\u201d Only obedience to legitimate religious authority can halt pioneers like Mother Cabrini. Then they wait patiently, trusting that God will sooner or later reveal His will.u003c\/pu003enu003cpu003eIn Mother Cabrini\u2019s case, Fr. Kelley says, we need only look at the beginning of her vocation to see evidence of her zeal. When she told her confessor that she wanted to be a missionary, he pointed out to her that there were no female missionaries. u003cstrongu003e\u201cShe hesitated not an instant but resolved to establish an order herself.\u201du003c\/strongu003eu003c\/pu003enu003cdiv class=\"wp-block-aleteia-heading3\"u003enu003ch2u003eTo Americau003c\/h2u003enu003c\/pu003eu003c\/divu003enu003cpu003eu003cstrongu003eIt was then Mother Cabrini\u2019s intention to head to the East, but when Pope Leo XIII told her \u201cNot to the Orient, Mother, but to America,\u201d she swallowed her disappointment and obeyed. u003c\/strongu003eAnd she was greatly rewarded, Fr. Kelley states, as evidenced by the scores of schools, orphanages, and hospitals that Mother Cabrini had founded on the two American continents and that testified to her faith in God. u003c\/pu003enu003cpu003eThis great work would not die with her but be carried on: u003cstrongu003e\u201cWhen she closed her eyes in death,\u201d Fr. Kelley points out, \u201cthree thousand of her spiritual daughters joined in prayer for her.\u201du003c\/strongu003eu003c\/pu003enu003cpu003eThe United States indeed became a u0026#8220;stepping stoneu0026#8221; for the countryu0026#8217;s first saint. Mother Cabrini saw all her arduous labors bear fruit, but it was also in America that God would \u201ccrown\u201d that work. u003cstrongu003eIndeed, less than 30 years later she would be canonized by the Catholic Church, just as Fr. Kelley had expected. u003c\/strongu003eu003c\/pu003enu003cpu003eFrancis Clement Kelley must have rejoiced on July 7, 1946, the day that Frances Xavier Cabrini was officially proclaimed a saint. By then he was Bishop of Oklahoma and considered a monumental figure in his own right. Two years later, Bishop Kelley would reach the summit of his own u0026#8220;long, wearisome climb,u0026#8221; passing away at the age of 77, after zealously serving the Church for more than fifty years.u003c\/pu003enu003chr class=\"wp-block-separator has-alpha-channel-opacity\" \/u003enu003cpu003eu003cemu003eVisit our u003ca href=\" target=\"_blank\" rel=\"noopener\" title=\"homepage \"u003ehomepage u003c\/au003eto discover more articles about Mother Cabrini as Cabrini opens in theaters this weekend. And you can read about u003ca href=\" target=\"_blank\" rel=\"noopener\" title=\"how Fr. Kelley transformed railroad cars into traveling chapels here\"u003ehow Fr. Kelley transformed railroad cars into traveling chapels hereu003c\/au003e.u003c\/emu003eu003c\/pu003entu003cdiv data-category=\"Lifestyle\" data-category-english=\"lifestyle\" class=\"wp-block-aleteia-read-also read-also\"u003enttu003cfigureu003entttu003cimgnttttsrc=\" of St. Frances Cabrini Shrine in NYC\"nttttloading=\"lazy\" \/u003enttu003c\/figureu003enttu003cdiv class=\"read-also-inner\"u003entttu003cemu003eRead more:u003c\/emu003eu003ca href=\" the real Mother Cabrini at her NYC shrine (Photos)u003c\/au003enttu003c\/divu003entu003c\/divu003etu003cdiv data-category=\"Art u0026amp; Culture\" data-category-english=\"culture\" class=\"wp-block-aleteia-read-also read-also\"u003enttu003cfigureu003entttu003cimgnttttsrc=\" \/u003enttu003c\/figureu003enttu003cdiv class=\"read-also-inner\"u003entttu003cemu003eRead more:u003c\/emu003eu003ca href=\" Cabrini actress u0026#8220;1st in line to learn from heru0026#8221;u003c\/au003enttu003c\/divu003entu003c\/divu003e\",\"rawcontent\":\"u003c!-- wp:aleteia\/subtitle \/--u003ennu003c!-- wp:paragraph --u003enu003cpu003eAs u003cemu003eCabriniu003c\/emu003e opens in theaters this weekend, some viewers may be tempted to think that the film\u2019s depiction of St. Frances Xavier Cabrini may be slightly exaggerated. Surely, the real woman could not have been as bold, tough, and determined as she is portrayed in the film. In short, the skeptics will say that u003cemu003eCabriniu003c\/emu003e, like most \u201ctrue\u201d stories that get the Hollywood treatment, should be taken with a grain of salt.u003c\/pu003enu003c!-- \/wp:paragraph --u003ennu003c!-- wp:paragraph --u003enu003cpu003eu003cstrongu003eYet a sermon delivered just five days after her death, at a Requiem Mass in the hospital where she died, reveals the extraordinary impact that the real Mother Cabrini had on her fellow Catholics and the world at large.u003c\/strongu003e In this powerful sermon, Cabrini is likened to the great founders of other religious orders like Saints \u201cBenedict, Dominic, Augustine, Ignatius, Alphonsus, Philip Neri, Clare,\u201d along with St. Teresa of Avila, who established the Discalced Carmelites with St. John of the Cross. The sermon continues:u003c\/pu003enu003c!-- \/wp:paragraph --u003ennu003c!-- wp:quote --u003enu003cblockquote class=\"wp-block-quote\"u003eu003c!-- wp:paragraph --u003enu003cpu003eLike her predecessors among the founders of religious orders, Mother Frances Xavier Cabrini was a pioneer, u003cstrongu003ealready canonized in the hearts of her spiritual daughtersu003c\/strongu003e.u003c\/pu003enu003c!-- \/wp:paragraph --u003eu003c\/blockquoteu003enu003c!-- \/wp:quote --u003ennu003c!-- wp:aleteia\/heading3 \"content\":\"A shared devotion to mission\" --u003enu003ch3u003eA shared devotion to missionu003c\/h3u003enu003c!-- \/wp:aleteia\/heading3 --u003ennu003c!-- wp:paragraph --u003enu003cpu003eThe man who compared Mother Cabrini to some of the Church\u2019s greatest saints was himself an impressive figure. Like the foundress of the Missionary Sisters of the Sacred Heart, Fr. Francis Clement Kelley had a fervent devotion to missionary activity. u003c\/pu003enu003c!-- \/wp:paragraph --u003ennu003c!-- wp:paragraph --u003enu003cpu003eu003cstrongu003eDuring his extensive travels, Fr. Kelley had witnessed the serious challenges that the Catholic Church faced in many parts of the US, particularly in rural and impoverished areas.u003c\/strongu003e In 1905, he founded the Catholic Extension Society to provide material and spiritual support where it was most needed to help spread the Gospel -- a mission that u003ca href=\" target=\"_blank\" rel=\"noopener\" title=\"Catholic Extension\"u003eCatholic Extensionu003c\/au003e continues to this day.u003c\/pu003enu003c!-- \/wp:paragraph --u003ennu003c!-- wp:paragraph --u003enu003cpu003eFr. Jack Wall, the current president of Catholic Extension, tells Aleteia:u003cstrongu003e \u201cWe hope that this motion picture celebrating the courageous life of Mother Cabrini, who gave witness to the face of Christ in the poor, will reawaken our own consciences and hearts to those on the peripheries of our American society today.\u201du003c\/strongu003eu003c\/pu003enu003c!-- \/wp:paragraph --u003ennu003c!-- wp:paragraph --u003enu003cpu003eReading Fr. Kelley\u2019s 1917 sermon, delivered to the sisters who had gathered to remember their foundress five days after her death, it is clear that he had a keen awareness of the qualities that made Mother Cabrini such an effective missionary. u003c\/pu003enu003c!-- \/wp:paragraph --u003ennu003c!-- wp:image \"id\":793532,\"sizeSlug\":\"full\",\"linkDestination\":\"none\" --u003enu003cfigure class=\"wp-block-image size-full\"u003eu003cimg src=\" alt=\"Young oyster shuckers in city\" class=\"wp-image-793532\" \/u003eu003cfigcaption class=\"wp-element-caption\"u003eu003cemu003eYoung oyster shuckers, Early 20th centuryu003c\/emu003eu003c\/figcaptionu003eu003c\/figureu003enu003c!-- \/wp:image --u003ennu003c!-- wp:aleteia\/heading3 \"content\":\"Climbing the mountain\" --u003enu003ch3u003eClimbing the mountainu003c\/h3u003enu003c!-- \/wp:aleteia\/heading3 --u003ennu003c!-- wp:paragraph --u003enu003cpu003eBeing a pioneer is never easy, Fr. Kelley says, pointing out that u003cstrongu003eCabrini had her share of \u201ctrials and sufferings, setbacks and misunderstandings.\u201du003c\/strongu003eu003c\/pu003enu003c!-- \/wp:paragraph --u003ennu003c!-- wp:paragraph --u003enu003cpu003eAs depicted in u003cemu003eCabriniu003c\/emu003e, the real Frances Cabrini arrived in New York City to find countless immigrants living in unimaginable squalor. Children were especially vulnerable -- forced to work in unsafe conditions to help support their families or left to fend for themselves in the streets. They lacked schooling, healthcare, or even the most basic essentials. Yet Mother Cabrini's efforts to help these young victims met with stiff resistance.u003c\/pu003enu003c!-- \/wp:paragraph --u003ennu003c!-- wp:paragraph --u003enu003cpu003eLike her predecessors who had their own mountains to climb, Frances Cabrini \u201cleft marks of bleeding hands and wounded feet on rocks and bracken.\u201d Fr. Kelley's is not a romanticized view of the missionary life. u003cstrongu003eTo serve God at the peripheries one must take up the cross.u003c\/strongu003eu003c\/pu003enu003c!-- \/wp:paragraph --u003ennu003c!-- wp:paragraph --u003enu003cpu003eFr. Kelley reminds those gathered that Jesus chose Peter, James, and John to climb with Him to the summit of Mt. Tabor. He agrees with St. John Chrysostom that they were likely chosen by Christ because of the virtues they possessed: \u201cPeter for his great love, John for his great purity, and James for his great zeal.\u201d He then adds: u003cstrongu003e\u201cAll these (virtues) Mother Cabrini took to the very top of her mountain.\u201du003c\/strongu003eu003c\/pu003enu003c!-- \/wp:paragraph --u003ennu003c!-- wp:aleteia\/heading3 \"content\":\"Devotion to the Sacred Heart\" --u003enu003ch3u003eDevotion to the Sacred Heartu003c\/h3u003enu003c!-- \/wp:aleteia\/heading3 --u003ennu003c!-- wp:paragraph --u003enu003cpu003eAccording to Fr. Kelley, the virtue of love was always evident in Mother Cabrini, especially in her desire to increase people's affection for the Sacred Heart of Jesus. \u201cShe spread the devotion by every means in her power,\u201d he says, adding that she would never allow herself to be discouraged.u003c\/pu003enu003c!-- \/wp:paragraph --u003ennu003c!-- wp:paragraph --u003enu003cpu003eu003cstrongu003eFr. Kelley delivered his homily in the chapel of Chicago\u2019s Columbus Hospital, which Mother Cabrini had founded and where she had died days before at age 67.u003c\/strongu003e Indicating the altar, he continued:u003c\/pu003enu003c!-- \/wp:paragraph --u003ennu003c!-- wp:quote --u003enu003cblockquote class=\"wp-block-quote\"u003eu003c!-- wp:paragraph --u003enu003cpu003eA Sister saw her one day prostrate before this very altar. A few moments later, the Mother told her that she had been praying for assistance. The work in Chicago was in danger of perishing, but her confidence in God was so great that, although in the midst of one of her severest trials, she was far from discouraged.u003c\/pu003enu003c!-- \/wp:paragraph --u003eu003c\/blockquoteu003enu003c!-- \/wp:quote --u003ennu003c!-- wp:paragraph --u003enu003cpu003eLater that night, the order\u2019s presence in Chicago \u201cwas saved almost miraculously.\u201d Love is not just a fine sentiment, but something vital and a source of strength. \u201cThe pioneers always understand that it is devotion and love that gives light and confidence to their footsteps.\u201du003c\/pu003enu003c!-- \/wp:paragraph --u003ennu003c!-- wp:image \"id\":793533,\"sizeSlug\":\"large\",\"linkDestination\":\"none\" --u003enu003cfigure class=\"wp-block-image size-large\"u003eu003cimg src=\" alt=\"Excerpt from Fr. Francis Kelley's sermon for Mother Cabrini\" class=\"wp-image-793533\" \/u003eu003cfigcaption class=\"wp-element-caption\"u003eu003cemu003eAn excerpt from Fr. Francis Kelley's Requiem Mass sermon for Mother Cabriniu003c\/emu003eu003c\/figcaptionu003eu003c\/figureu003enu003c!-- \/wp:image --u003ennu003c!-- wp:aleteia\/heading3 \"content\":\"Purity and zeal \" --u003enu003ch3u003ePurity and zeal u003c\/h3u003enu003c!-- \/wp:aleteia\/heading3 --u003ennu003c!-- wp:paragraph --u003enu003cpu003eFr. Kelley proceeds by noting that Mother Cabrini \u201cpracticed the virtue of purity as she desired her daughters to practice it.\u201d It was her \u201cpurity and strength that gave her the right to attempt great things for God,\u201d he insists.u003c\/pu003enu003c!-- \/wp:paragraph --u003ennu003c!-- wp:paragraph --u003enu003cpu003eAccording to the priest, u003cstrongu003ezeal \u201ctempered by obedience\u201d is the \u201coutstanding missionary virtue.\u201du003c\/strongu003e It is zeal that ultimately breaks down barriers and overcomes obstacles, or \u201cturns them into stepping stones.\u201d Only obedience to legitimate religious authority can halt pioneers like Mother Cabrini. Then they wait patiently, trusting that God will sooner or later reveal His will.u003c\/pu003enu003c!-- \/wp:paragraph --u003ennu003c!-- wp:paragraph --u003enu003cpu003eIn Mother Cabrini\u2019s case, Fr. Kelley says, we need only look at the beginning of her vocation to see evidence of her zeal. When she told her confessor that she wanted to be a missionary, he pointed out to her that there were no female missionaries. u003cstrongu003e\u201cShe hesitated not an instant but resolved to establish an order herself.\u201du003c\/strongu003eu003c\/pu003enu003c!-- \/wp:paragraph --u003ennu003c!-- wp:aleteia\/heading3 \"content\":\"To America\" --u003enu003ch3u003eTo Americau003c\/h3u003enu003c!-- \/wp:aleteia\/heading3 --u003ennu003c!-- wp:paragraph --u003enu003cpu003eu003cstrongu003eIt was then Mother Cabrini\u2019s intention to head to the East, but when Pope Leo XIII told her \u201cNot to the Orient, Mother, but to America,\u201d she swallowed her disappointment and obeyed. u003c\/strongu003eAnd she was greatly rewarded, Fr. Kelley states, as evidenced by the scores of schools, orphanages, and hospitals that Mother Cabrini had founded on the two American continents and that testified to her faith in God. u003c\/pu003enu003c!-- \/wp:paragraph --u003ennu003c!-- wp:paragraph --u003enu003cpu003eThis great work would not die with her but be carried on: u003cstrongu003e\u201cWhen she closed her eyes in death,\u201d Fr. Kelley points out, \u201cthree thousand of her spiritual daughters joined in prayer for her.\u201du003c\/strongu003eu003c\/pu003enu003c!-- \/wp:paragraph --u003ennu003c!-- wp:paragraph --u003enu003cpu003eThe United States indeed became a \"stepping stone\" for the country's first saint. Mother Cabrini saw all her arduous labors bear fruit, but it was also in America that God would \u201ccrown\u201d that work. u003cstrongu003eIndeed, less than 30 years later she would be canonized by the Catholic Church, just as Fr. Kelley had expected. u003c\/strongu003eu003c\/pu003enu003c!-- \/wp:paragraph --u003ennu003c!-- wp:paragraph --u003enu003cpu003eFrancis Clement Kelley must have rejoiced on July 7, 1946, the day that Frances Xavier Cabrini was officially proclaimed a saint. By then he was Bishop of Oklahoma and considered a monumental figure in his own right. Two years later, Bishop Kelley would reach the summit of his own \"long, wearisome climb,\" passing away at the age of 77, after zealously serving the Church for more than fifty years.u003c\/pu003enu003c!-- \/wp:paragraph --u003ennu003c!-- wp:separator --u003enu003chr class=\"wp-block-separator has-alpha-channel-opacity\" \/u003enu003c!-- \/wp:separator --u003ennu003c!-- wp:paragraph --u003enu003cpu003eu003cemu003eVisit our u003ca href=\" target=\"_blank\" rel=\"noopener\" title=\"homepage \"u003ehomepage u003c\/au003eto discover more articles about Mother Cabrini as Cabrini opens in theaters this weekend. And you can read about u003ca href=\" target=\"_blank\" rel=\"noopener\" title=\"how Fr. Kelley transformed railroad cars into traveling chapels here\"u003ehow Fr. Kelley transformed railroad cars into traveling chapels hereu003c\/au003e.u003c\/emu003eu003c\/pu003enu003c!-- \/wp:paragraph --u003ennu003c!-- wp:aleteia\/read-also {\"link\":\" the real Mother Cabrini at her NYC shrine (Photos)\",\"image\":\" --u003enu003cdiv class=\"read-also\"u003eu003ca href=\" the real Mother Cabrini at her NYC shrine (Photos)u003c\/au003eu003c\/divu003enu003c!-- \/wp:aleteia\/read-also --u003ennu003c!-- wp:aleteia\/read-also {\"link\":\" Cabrini actress \\u0026#8220;1st in line to learn from her\\u0026#8221;\",\"image\":\" --u003enu003cdiv class=\"read-also\"u003eu003ca href=\" Cabrini actress u0026#8220;1st in line to learn from heru0026#8221;u003c\/au003eu003c\/divu003enu003c!-- \/wp:aleteia\/read-also --u003e\",\"pages\":1,\"language\":\"en\",\"galleries\":[],\"video\":false,\"title\":\"5 days after death, Mother Cabrini likened to great saints\",\"subheading\":\"A sermon delivered a few days after Frances Cabrini\u2019s death shows she was as amazing in real life as her depiction in the new Cabrini movie. \",\"author\":\"John Touhey\",\"author_2\":\"\",\"authors_obj\":[\"ID\":\"754445\",\"link\":\" Touhey is the Deputy Executive Editor of Aleteia\u2019s English edition. He has worked as a writer, filmmaker, and content creator on numerous projects and platforms.\",\"twitter\":\"\",\"facebook\":\"\",\"subtitle\":\"\",\"title_guest_author\":\"\",\"thumb\":\" Touhey\",\"hreflangs\":\"en\":\" image Courtesy Catholic Extension Society ,\"link\":\"\/2024\/03\/08\/5-days-after-death-mother-cabrini-likened-to-great-saints\/\",\"category_obj\":\"link\":\" Stories\",\"name\":\"Inspiring Stories\",\"slug\":\"inspiring-stories\",\"color\":\"rgba( 211, 65, 51, 1 )\",\"term_id\":423715389,\"category\":\"Inspiring Stories\",\"category_slug\":\"inspiring-stories\",\"category_id\":423715389,\"category_color\":\"#d34133\",\"parent_category\":\"Inspiring Stories\",\"published\":1709891100,\"published_datalayer\":\"2024.03.08\",\"article_modified_date\":\"\",\"article_modified\":false,\"published_formatted\":\"published on 03\/08\/24\",\"tags\":\"Catholic history, mission, Saints, Saints of the United States\",\"firsttag\":\"Saints of the United States\",\"tags_items\":[\"term_id\":423716271,\"name\":\"Catholic history\",\"link\":\" of the United States\",\"link\":\" Stories\",\"settings\":\"disable_slideshow_cta\":\"\",\"template_customizations\":\"\",\"post_appearance_setting\":\"no_drop_caps\":false,\"hide_from_tops\":false,\"hide_date\":false,\"hide_post\":false,\"hide_post_in_newsletter\":false,\"ads_disabled\":false,\"inread_ads_disabled\":false,\"custom_inread_position_enabled\":false,\"custom_inread_position\":\"2\",\"test_pixel_enabled\":false,\"test_pixel_position\":\"\",\"exclude_banner_article\":false,\"div_moneytags_position\":\"\",\"original_article\":\"is_original\":\"1\",\"url\":\"\",\"edition\":\"en\",\"gtm\":\"page_type\":\"\",\"page_type_2\":\"\",\"category_name\":\"inspiring stories\",\"article_subcategory\":\"Inspiring Stories\",\"article_type\":\"article\",\"cd\":\"dimension1\":\"John Touhey\",\"dimension2\":\"Inspiring Stories\",\"dimension3\":\"1709891100\",\"dimension4\":\"en\",\"dimension5\":\"\",\"dimension6\":\"article\",\"dimension7\":\"2024.03.08\",\"dimension8\":\"Catholic history, mission, Saints, Saints of the United States\",\"dimension9\":\"A sermon delivered a few days after Frances Cabrini\u2019s death shows she was as amazing in real life as her depiction in the new Cabrini movie. \",\"dimension10\":\"793526\",\"dimension11\":\"Catholic history\",\"dimension12\":\"web\",\"dimension13\":\"\",\"dimension17\":\"Inspiring Stories\",\"dimension14\":\"Inspiring Stories\",\"photo_of_the_day\":false,\"daily_wisdom\":false,\"word_count\":1881,\"shortcodes\":[],\"sponsoredSettings\":,\"isSponsored\":false,\"custom_skin_settings\":\"slot\":\"custom-skin\",\"library\":\"theme.Skin\",\"skin_default_article\":\"1\",\"hide_from_layout_endpoint\":\"1\",\"props\":\"id\":\"custom-skid-ad\",\"unit\":\"64500793\/EN_DESK_ARTICLE_SKIN_1x1\",\"collapse_empty_divs\":false,\"premium_ads\":false,\"bids\":\"\",\"nexxx360_id\":\"\",\"size\":[],\"adjacent_posts\":\"next_post\":\"link\":\" Article \",\"prev_post\":\"link\":\" Article \",\"close_comments\":false,\"premium_content\":\"\",\"trunked_content\":\"u003ch2 class=\"subtitle\"u003eA sermon delivered a few days after Frances Cabrini\u2019s death shows she was as amazing in real life as her depiction in the new Cabrini movie. u003c\/h2u003enu003cpu003eAs u003cemu003eCabriniu003c\/emu003e opens in theaters this weekend, some viewers may be tempted to think that the film\u2019s depiction of St. Frances Xavier Cabrini may be slightly exaggerated. Surely, the real woman could not have been as bold, tough, and determined as she is portrayed in the film. In short, the skeptics will say that u003cemu003eCabriniu003c\/emu003e, like most \u201ctrue\u201d stories that get the Hollywood treatment, should be taken with a grain of salt.u003c\/pu003ennu003cpu003eu003cstrongu003eYet a sermon delivered just five days after her death, at a Requiem Mass in the hospital where she died, reveals the extraordinary impact that the real Mother Cabrini had on her fellow Catholics and the world at large.u003c\/strongu003e In this powerful sermon, Cabrini is likened to the great founders of other religious orders like Saints \u201cBenedict, Dominic, Augustine, Ignatius, Alphonsus, Philip Neri, Clare,\u201d along with St. Teresa of Avila, who established the Discalced Carmelites with St. John of the Cross. The sermon continues:u003c\/pu003en\",{\"simple\":false,\"id\":793847,\"related\":[],\"content\":\"u003cspan class=\"subtitle\"u003eIf you start today, you'll finish the nine days of prayer on the vigil of Joseph's March 19 feast.u003c\/spanu003eu003cpu003eMarch 10 puts us nine days before the feast of St. Joseph on March 19. u003c\/pu003enu003cpu003eAleteia offers you a daily novena, which can be found u003ca href=\" target=\"_blank\" rel=\"noopener\" title=\"here\"u003ehereu003c\/au003e. This novena resource includes the Litany to St. Joseph and the prayer to the saint that Pope Francis says every day.u003c\/pu003enu003cpu003eYou can also access a two-page novena from the US bishops u003ca href=\" target=\"_blank\" rel=\"noopener\" title=\"here\"u003ehereu003c\/au003e.u003c\/pu003enu003cpu003eThe Aleteia novena is called u0026#8220;Pray Boldly,u0026#8221; taking inspiration from Padre Pio, who says:u003c\/pu003enu003cblockquote class=\"wp-block-quote\"u003enu003cpu003eI do not remember having asked anything from St. Joseph, without having obtained it readily.u003c\/pu003enu003c\/blockquoteu003enu003cdiv class=\"wp-block-aleteia-heading3\"u003enu003ch2u003eThe model for each of usu003c\/h2u003enu003c\/pu003eu003c\/divu003enu003cdiv id='aleteia-welcome'u003eu003c\/divu003enu003cpu003ePope Francis calls St. Joseph his u003ca href=\" target=\"_blank\" rel=\"noopener\" title=\"u0026quot;dearest friend.u0026quot;\"u003eu0026#8220;dearest friend.u0026#8221;u003c\/au003eu003c\/pu003enu003cpu003e\u201cI have never hidden the closeness I feel towards St. Joseph,\u201d heu0026#8217;s said. \u201cI think that it comes from my childhood, from my formation.\u201du003c\/pu003enu003cpu003eThe Holy Father said that he sees in Joseph the representation of \u201cwhat Christian faith should be for each of us, in a beautiful and simple way.\u201du003c\/pu003enu003cblockquote class=\"wp-block-quote\"u003enu003cpu003eIn fact Joseph is a normal man and his holiness consists precisely in making himself a saint through the beautiful and ugly things he had to experience and face.u003c\/pu003enu003c\/blockquoteu003entu003cdiv data-category=\"Art u0026amp; Culture\" data-category-english=\"culture\" class=\"wp-block-aleteia-read-also read-also\"u003enttu003cfigureu003entttu003cimgnttttsrc=\" of Santa Maria Maggiore in Rome\"nttttloading=\"lazy\" \/u003enttu003c\/figureu003enttu003cdiv class=\"read-also-inner\"u003entttu003cemu003eRead more:u003c\/emu003eu003ca href=\" Joseph in art: An enigmatic and elusive figureu003c\/au003enttu003c\/divu003entu003c\/divu003etu003cdiv data-category=\"Art u0026amp; Culture\" data-category-english=\"culture\" class=\"wp-block-aleteia-read-also read-also\"u003enttu003cfigureu003entttu003cimgnttttsrc=\" INTO EGYPT\"nttttloading=\"lazy\" \/u003enttu003c\/figureu003enttu003cdiv class=\"read-also-inner\"u003entttu003cemu003eRead more:u003c\/emu003eu003ca href=\" Joseph in art: The silent knightu003c\/au003enttu003c\/divu003entu003c\/divu003e\",\"rawcontent\":\"u003c!-- wp:aleteia\/subtitle \/--u003ennu003c!-- wp:paragraph --u003enu003cpu003eMarch 10 puts us nine days before the feast of St. Joseph on March 19. u003c\/pu003enu003c!-- \/wp:paragraph --u003ennu003c!-- wp:paragraph --u003enu003cpu003eAleteia offers you a daily novena, which can be found u003ca href=\" target=\"_blank\" rel=\"noopener\" title=\"here\"u003ehereu003c\/au003e. This novena resource includes the Litany to St. Joseph and the prayer to the saint that Pope Francis says every day.u003c\/pu003enu003c!-- \/wp:paragraph --u003ennu003c!-- wp:paragraph --u003enu003cpu003eYou can also access a two-page novena from the US bishops u003ca href=\" target=\"_blank\" rel=\"noopener\" title=\"here\"u003ehereu003c\/au003e.u003c\/pu003enu003c!-- \/wp:paragraph --u003ennu003c!-- wp:paragraph --u003enu003cpu003eThe Aleteia novena is called \"Pray Boldly,\" taking inspiration from Padre Pio, who says:u003c\/pu003enu003c!-- \/wp:paragraph --u003ennu003c!-- wp:quote --u003enu003cblockquote class=\"wp-block-quote\"u003eu003c!-- wp:paragraph --u003enu003cpu003eI do not remember having asked anything from St. Joseph, without having obtained it readily.u003c\/pu003enu003c!-- \/wp:paragraph --u003eu003c\/blockquoteu003enu003c!-- \/wp:quote --u003ennu003c!-- wp:aleteia\/heading3 \"content\":\"The model for each of us\" --u003enu003ch3u003eThe model for each of usu003c\/h3u003enu003c!-- \/wp:aleteia\/heading3 --u003ennu003c!-- wp:paragraph --u003enu003cpu003ePope Francis calls St. Joseph his u003ca href=\" target=\"_blank\" rel=\"noopener\" title=\"u0026quot;dearest friend.u0026quot;\"u003e\"dearest friend.\"u003c\/au003eu003c\/pu003enu003c!-- \/wp:paragraph --u003ennu003c!-- wp:paragraph --u003enu003cpu003e\u201cI have never hidden the closeness I feel towards St. Joseph,\u201d he's said. \u201cI think that it comes from my childhood, from my formation.\u201du003c\/pu003enu003c!-- \/wp:paragraph --u003ennu003c!-- wp:paragraph --u003enu003cpu003eThe Holy Father said that he sees in Joseph the representation of \u201cwhat Christian faith should be for each of us, in a beautiful and simple way.\u201du003c\/pu003enu003c!-- \/wp:paragraph --u003ennu003c!-- wp:quote --u003enu003cblockquote class=\"wp-block-quote\"u003eu003c!-- wp:paragraph --u003enu003cpu003eIn fact Joseph is a normal man and his holiness consists precisely in making himself a saint through the beautiful and ugly things he had to experience and face.u003c\/pu003enu003c!-- \/wp:paragraph --u003eu003c\/blockquoteu003enu003c!-- \/wp:quote --u003ennu003c!-- wp:aleteia\/read-also {\"link\":\" Joseph in art: An enigmatic and elusive figure\",\"image\":\" --u003enu003cdiv class=\"read-also\"u003eu003ca href=\" Joseph in art: An enigmatic and elusive figureu003c\/au003eu003c\/divu003enu003c!-- \/wp:aleteia\/read-also --u003ennu003c!-- wp:aleteia\/read-also {\"link\":\" Joseph in art: The silent knight\",\"image\":\" --u003enu003cdiv class=\"read-also\"u003eu003ca href=\" Joseph in art: The silent knightu003c\/au003eu003c\/divu003enu003c!-- \/wp:aleteia\/read-also --u003e\",\"pages\":1,\"language\":\"en\",\"galleries\":[],\"video\":false,\"title\":\"Start the St. Joseph Novena today!\",\"subheading\":\"If you start today, you'll finish the nine days of prayer on the vigil of Joseph's March 19 feast.\",\"author\":\"Kathleen N. Hattrup\",\"author_2\":\"\",\"authors_obj\":[\"ID\":\"75692\",\"link\":\" style=\"font-weight: 400\"u003eu003cstrongu003eKathleen N. Hattrupu003c\/strongu003e is the Executive Editor of Aleteia's English edition. Her career in Catholic media has particularly focused on the popes and news from Rome. Su003c\/spanu003eu003cspan style=\"font-weight: 400\"u003ehe is also a translator, a children's book author, and a mom of four.u003c\/spanu003e\",\"twitter\":\"\",\"facebook\":\"\",\"subtitle\":\"\",\"title_guest_author\":\"\",\"thumb\":\" N. Hattrup\",\"hreflangs\":\"en\":\" Deloche \/ Godong\",\"link\":\"\",\"caption\":\"\",\"alt\":\"Saint-Joseph.jpg\",\"link\":\"\/2024\/03\/10\/start-the-st-joseph-novena-today-2\/\",\"category_obj\":\"link\":\" 78, 21, 171, 1 )\",\"term_id\":1494,\"category\":\"Spirituality\",\"category_slug\":\"spirituality\",\"category_id\":1494,\"category_color\":\"#4e15ab\",\"parent_category\":\"Spirituality\",\"published\":1710059874,\"published_datalayer\":\"2024.03.10\",\"article_modified_date\":\"\",\"article_modified\":false,\"published_formatted\":\"published on 03\/10\/24\",\"tags\":\"Catholic Prayers, Pope Francis, Saint Joseph\",\"firsttag\":\"Saint Joseph\",\"tags_items\":[\"term_id\":423717396,\"name\":\"Catholic Prayers\",\"link\":\" Francis\",\"link\":\" Joseph\",\"link\":\" Department\",\"settings\":\"disable_slideshow_cta\":\"\",\"template_customizations\":\"\",\"post_appearance_setting\":\"no_drop_caps\":false,\"hide_from_tops\":false,\"hide_date\":false,\"hide_post\":false,\"hide_post_in_newsletter\":false,\"ads_disabled\":false,\"inread_ads_disabled\":false,\"custom_inread_position_enabled\":false,\"custom_inread_position\":\"2\",\"test_pixel_enabled\":false,\"test_pixel_position\":\"\",\"exclude_banner_article\":false,\"div_moneytags_position\":\"\",\"original_article\":\"is_original\":\"1\",\"url\":\"\",\"edition\":\"en\",\"gtm\":\"page_type\":\"\",\"page_type_2\":\"\",\"category_name\":\"spirituality\",\"article_subcategory\":\"Spirituality\",\"article_type\":\"article\",\"cd\":\"dimension1\":\"Kathleen N. Hattrup\",\"dimension2\":\"Spirituality\",\"dimension3\":\"1710059874\",\"dimension4\":\"en\",\"dimension5\":\"\",\"dimension6\":\"article\",\"dimension7\":\"2024.03.10\",\"dimension8\":\"Catholic Prayers, Pope Francis, Saint Joseph\",\"dimension9\":\"If you start today, you'll finish the nine days of prayer on the vigil of Joseph's March 19 feast.\",\"dimension10\":\"793847\",\"dimension11\":\"Catholic Prayers\",\"dimension12\":\"web\",\"dimension13\":\"\",\"dimension17\":\"Spirituality Department\",\"dimension14\":\"Spirituality\",\"photo_of_the_day\":false,\"daily_wisdom\":false,\"word_count\":482,\"shortcodes\":[],\"sponsoredSettings\":,\"isSponsored\":false,\"custom_skin_settings\":\"slot\":\"custom-skin\",\"library\":\"theme.Skin\",\"skin_default_article\":\"1\",\"hide_from_layout_endpoint\":\"1\",\"props\":\"id\":\"custom-skid-ad\",\"unit\":\"64500793\/EN_DESK_ARTICLE_SKIN_1x1\",\"collapse_empty_divs\":false,\"premium_ads\":false,\"bids\":\"\",\"nexxx360_id\":\"\",\"size\":[],\"adjacent_posts\":\"next_post\":\"link\":\" Article \",\"prev_post\":\"link\":\" Article \",\"close_comments\":false,\"premium_content\":\"\",\"trunked_content\":\"u003ch2 class=\"subtitle\"u003eIf you start today, you'll finish the nine days of prayer on the vigil of Joseph's March 19 feast.u003c\/h2u003enu003cpu003eMarch 10 puts us nine days before the feast of St. Joseph on March 19. u003c\/pu003ennu003cpu003eAleteia offers you a daily novena, which can be found u003ca href=\" target=\"_blank\" rel=\"noopener\" title=\"here\"u003ehereu003c\/au003e. This novena resource includes the Litany to St. Joseph and the prayer to the saint that Pope Francis says every day.u003c\/pu003en\",{\"simple\":false,\"id\":793587,\"related\":[],\"content\":\"u003cspan class=\"subtitle\"u003eThe 4th Sunday of Lent is a day to rejoice, not only because Easter is near, but also because of the gift of the Eucharist.u003c\/spanu003eu003cpu003eIn the Roman Catholic Church, the 4th Sunday of Lent is called Laetare Sunday, or u0026#8220;Rejoice Sunday.u0026#8221;u003c\/pu003enu003cpu003ePope Benedict XVI explained the meaning of this day in an u003ca href=\" target=\"_blank\" rel=\"noopener\" title=\"\"u003eAngelus message in 2007u003c\/au003e, saying that it is u0026#8220;in Latin calledu003cstrongu003e\u00a0u003cemu003eLaetare\u00a0u003c\/emu003eSunday, that is, u0026#8216;Rejoice,u0026#8217; u003c\/strongu003efrom the first word of the entrance antiphon in the liturgy of Mass.u0026#8221;u003c\/pu003enu003cpu003eHe then goes on to say that it is u003cstrongu003ea day to rejoice in the gift of the Eucharistu003c\/strongu003e:u003c\/pu003enu003cblockquote class=\"wp-block-quote\"u003enu003cpu003eThe liturgy today invites us to rejoice because Easter, the day of Christu0026#8217;s victory over sin and death, is approaching. u003cstrongu003eBut where is the source of Christian joy to be found if not in the Eucharistu003c\/strongu003e, which Christ left usu0026nbsp;asu0026nbsp;spiritualu0026nbsp;Foodu0026nbsp;whileu0026nbsp;weu0026nbsp;areu0026nbsp;pilgrims on this earth?u003c\/pu003enu003c\/blockquoteu003enu003cpu003ePope Benedict continues his reflection on the Eucharist saying, u0026#8220;u003cstrongu003eThe Eucharist nurtures in believers of every epoch that deep joyu003c\/strongu003e which makes us one with love and peace and originates from communion with God and with our brothers and sisters.u0026#8221;u003c\/pu003enu003cdiv id='aleteia-welcome'u003eu003c\/divu003enu003cpu003eIn reality, every Sunday is a day of joy, when we rejoice in the Eucharist.u003c\/pu003enu003cpu003eHowever, Laetare Sunday in particular reminds us of that joy, pointing us toward the event that established the gift of the Eucharist, given to us at the Last Supper.u003c\/pu003enu003cpu003eAs the Church reminds us to be joyful on the 4th Sunday of Lent, may we recall the beauty and love present in the Eucharist and rejoice in it.u003c\/pu003entu003cdiv data-category=\"Spirituality\" data-category-english=\"spirituality\" class=\"wp-block-aleteia-read-also read-also\"u003enttu003cfigureu003entttu003cimgnttttsrc=\" ROSE\"nttttloading=\"lazy\" \/u003enttu003c\/figureu003enttu003cdiv class=\"read-also-inner\"u003entttu003cemu003eRead more:u003c\/emu003eu003ca href=\" blessing of a rose highlights the joy of u0026#8220;Rejoiceu0026#8221; Sundayu003c\/au003enttu003c\/divu003entu003c\/divu003etu003cdiv data-category=\"Spirituality\" data-category-english=\"spirituality\" class=\"wp-block-aleteia-read-also read-also\"u003enttu003cfigureu003entttu003cimgnttttsrc=\" MASS\"nttttloading=\"lazy\" \/u003enttu003c\/figureu003enttu003cdiv class=\"read-also-inner\"u003entttu003cemu003eRead more:u003c\/emu003eu003ca href=\" priests wear u0026#8220;roseu0026#8221; and not pinku003c\/au003enttu003c\/divu003entu003c\/divu003e\",\"rawcontent\":\"u003c!-- wp:aleteia\/subtitle \/--u003ennu003c!-- wp:paragraph --u003enu003cpu003eIn the Roman Catholic Church, the 4th Sunday of Lent is called Laetare Sunday, or \"Rejoice Sunday.\"u003c\/pu003enu003c!-- \/wp:paragraph --u003ennu003c!-- wp:paragraph --u003enu003cpu003ePope Benedict XVI explained the meaning of this day in an u003ca href=\" target=\"_blank\" rel=\"noopener\" title=\"\"u003eAngelus message in 2007u003c\/au003e, saying that it is \"in Latin calledu003cstrongu003e\u00a0u003cemu003eLaetare\u00a0u003c\/emu003eSunday, that is, 'Rejoice,' u003c\/strongu003efrom the first word of the entrance antiphon in the liturgy of Mass.\"u003c\/pu003enu003c!-- \/wp:paragraph --u003ennu003c!-- wp:paragraph --u003enu003cpu003eHe then goes on to say that it is u003cstrongu003ea day to rejoice in the gift of the Eucharistu003c\/strongu003e:u003c\/pu003enu003c!-- \/wp:paragraph --u003ennu003c!-- wp:quote --u003enu003cblockquote class=\"wp-block-quote\"u003eu003c!-- wp:paragraph --u003enu003cpu003eThe liturgy today invites us to rejoice because Easter, the day of Christ's victory over sin and death, is approaching. u003cstrongu003eBut where is the source of Christian joy to be found if not in the Eucharistu003c\/strongu003e, which Christ left usu0026nbsp;asu0026nbsp;spiritualu0026nbsp;Foodu0026nbsp;whileu0026nbsp;weu0026nbsp;areu0026nbsp;pilgrims on this earth?u003c\/pu003enu003c!-- \/wp:paragraph --u003eu003c\/blockquoteu003enu003c!-- \/wp:quote --u003ennu003c!-- wp:paragraph --u003enu003cpu003ePope Benedict continues his reflection on the Eucharist saying, \"u003cstrongu003eThe Eucharist nurtures in believers of every epoch that deep joyu003c\/strongu003e which makes us one with love and peace and originates from communion with God and with our brothers and sisters.\"u003c\/pu003enu003c!-- \/wp:paragraph --u003ennu003c!-- wp:paragraph --u003enu003cpu003eIn reality, every Sunday is a day of joy, when we rejoice in the Eucharist.u003c\/pu003enu003c!-- \/wp:paragraph --u003ennu003c!-- wp:paragraph --u003enu003cpu003eHowever, Laetare Sunday in particular reminds us of that joy, pointing us toward the event that established the gift of the Eucharist, given to us at the Last Supper.u003c\/pu003enu003c!-- \/wp:paragraph --u003ennu003c!-- wp:paragraph --u003enu003cpu003eAs the Church reminds us to be joyful on the 4th Sunday of Lent, may we recall the beauty and love present in the Eucharist and rejoice in it.u003c\/pu003enu003c!-- \/wp:paragraph --u003ennu003c!-- wp:aleteia\/read-also {\"link\":\" blessing of a rose highlights the joy of \\u0026#8220;Rejoice\\u0026#8221; Sunday\",\"image\":\" --u003enu003cdiv class=\"read-also\"u003eu003ca href=\" blessing of a rose highlights the joy of u0026#8220;Rejoiceu0026#8221; Sundayu003c\/au003eu003c\/divu003enu003c!-- \/wp:aleteia\/read-also --u003ennu003c!-- wp:aleteia\/read-also {\"link\":\" priests wear \\u0026#8220;rose\\u0026#8221; and not pink\",\"image\":\" --u003enu003cdiv class=\"read-also\"u003eu003ca href=\" priests wear u0026#8220;roseu0026#8221; and not pinku003c\/au003eu003c\/divu003enu003c!-- \/wp:aleteia\/read-also --u003e\",\"pages\":1,\"language\":\"en\",\"galleries\":[],\"video\":false,\"title\":\"Why the Eucharist should give us joy on Laetare Sunday\",\"subheading\":\"The 4th Sunday of Lent is a day to rejoice, not only because Easter is near, but also because of the gift of the Eucharist.\",\"author\":\"Philip Kosloski\",\"author_2\":\"\",\"authors_obj\":[\"ID\":\"1243\",\"link\":\" Kosloski graduated from the University of Saint Thomas in Minnesota with a bachelor's degree in philosophy and Catholic studies and a master's degree in theology from the Augustine Institute. He is currently a spirituality writer for Aleteia.org and has been featured on such places as The Huffington Post, Crisis Magazine, The Catholic Herald, Catholic Exchange, National Catholic Register and EWTN Radio.\",\"twitter\":\"PhilipKosloski\",\"facebook\":\"philipkosloski\",\"subtitle\":\"\",\"title_guest_author\":\"\",\"thumb\":\" Kosloski\",\"hreflangs\":\"en\":\" Titus ,\"link\":\"\/2024\/03\/09\/why-the-eucharist-should-give-us-joy-on-laetare-sunday\/\",\"category_obj\":\"link\":\" 78, 21, 171, 1 )\",\"term_id\":1494,\"category\":\"Spirituality\",\"category_slug\":\"spirituality\",\"category_id\":1494,\"category_color\":\"#4e15ab\",\"parent_category\":\"Spirituality\",\"published\":1709971200,\"published_datalayer\":\"2024.03.09\",\"article_modified_date\":\"\",\"article_modified\":false,\"published_formatted\":\"published on 03\/09\/24\",\"tags\":\"Easter, Lent, Liturgy\",\"firsttag\":\"Liturgy\",\"tags_items\":[\"term_id\":423714482,\"name\":\"Easter\",\"link\":\" Department\",\"settings\":\"disable_slideshow_cta\":\"\",\"template_customizations\":\"\",\"post_appearance_setting\":\"no_drop_caps\":false,\"hide_from_tops\":false,\"hide_date\":false,\"hide_post\":false,\"hide_post_in_newsletter\":false,\"ads_disabled\":false,\"inread_ads_disabled\":false,\"custom_inread_position_enabled\":false,\"custom_inread_position\":\"2\",\"test_pixel_enabled\":false,\"test_pixel_position\":\"\",\"exclude_banner_article\":false,\"div_moneytags_position\":\"\",\"original_article\":\"is_original\":\"1\",\"url\":\"\",\"edition\":\"en\",\"gtm\":\"page_type\":\"\",\"page_type_2\":\"\",\"category_name\":\"spirituality\",\"article_subcategory\":\"Spirituality\",\"article_type\":\"article\",\"cd\":\"dimension1\":\"Philip Kosloski\",\"dimension2\":\"Spirituality\",\"dimension3\":\"1709971200\",\"dimension4\":\"en\",\"dimension5\":\"\",\"dimension6\":\"article\",\"dimension7\":\"2024.03.09\",\"dimension8\":\"Easter, Lent, Liturgy\",\"dimension9\":\"The 4th Sunday of Lent is a day to rejoice, not only because Easter is near, but also because of the gift of the Eucharist.\",\"dimension10\":\"793587\",\"dimension11\":\"Easter\",\"dimension12\":\"web\",\"dimension13\":\"\",\"dimension17\":\"Spirituality Department\",\"dimension14\":\"Spirituality\",\"photo_of_the_day\":false,\"daily_wisdom\":false,\"word_count\":500,\"shortcodes\":[],\"sponsoredSettings\":,\"isSponsored\":false,\"custom_skin_settings\":\"slot\":\"custom-skin\",\"library\":\"theme.Skin\",\"skin_default_article\":\"1\",\"hide_from_layout_endpoint\":\"1\",\"props\":\"id\":\"custom-skid-ad\",\"unit\":\"64500793\/EN_DESK_ARTICLE_SKIN_1x1\",\"collapse_empty_divs\":false,\"premium_ads\":false,\"bids\":\"\",\"nexxx360_id\":\"\",\"size\":[],\"adjacent_posts\":\"next_post\":\"link\":\" Article \",\"prev_post\":\"link\":\" Article \",\"close_comments\":false,\"premium_content\":\"\",\"trunked_content\":\"u003ch2 class=\"subtitle\"u003eThe 4th Sunday of Lent is a day to rejoice, not only because Easter is near, but also because of the gift of the Eucharist.u003c\/h2u003enu003cpu003eIn the Roman Catholic Church, the 4th Sunday of Lent is called Laetare Sunday, or \"Rejoice Sunday.\"u003c\/pu003ennu003cpu003ePope Benedict XVI explained the meaning of this day in an u003ca href=\" target=\"_blank\" rel=\"noopener\" title=\"\"u003eAngelus message in 2007u003c\/au003e, saying that it is \"in Latin calledu003cstrongu003e\u00a0u003cemu003eLaetare\u00a0u003c\/emu003eSunday, that is, 'Rejoice,' u003c\/strongu003efrom the first word of the entrance antiphon in the liturgy of Mass.\"u003c\/pu003en\",{\"simple\":false,\"id\":793026,\"related\":[],\"content\":\"u003cspan class=\"subtitle\"u003eMany visitors to New York are unaware that the body of St. Frances Cabrini rests in Manhattan. Her tranquil shrine makes for a spiritually nourishing trip. u003c\/spanu003eu003cpu003eAs Cabrini opens this weekend, it will surely draw attention to the amazing St. Francis Xavier Cabrini, the missionary who came to the Americas to serve poor immigrants, and who with her Missionary Sisters of the Sacred Heart of Jesus founded numerous schools, orphanages, and hospitals.u003c\/pu003enu003cpu003eHopefully, the film will have at least one other benefit: bringing attention and new visitors to a lovely shrine located on a scenic spot above the Hudson River in northern Manhattan.u003c\/pu003enu003cdiv class=\"wp-block-aleteia-heading3\"u003enu003ch2u003eA saint\u2019s earthly resting placeu003c\/h2u003enu003c\/pu003eu003c\/divu003enu003cpu003eThe u003ca href=\" target=\"_blank\" rel=\"noopener\" title=\"\"u003eSt. Frances Cabrini Shrineu003c\/au003e is a must-visit for all people of faith. This is Mother Cabrini\u2019s earthly resting place. The body of the saint lies in a reliquary casket beneath the shrine\u2019s altar. Pilgrims come to ask for Mother Cabrini\u2019s intercession and to receive the sacraments.u003c\/pu003enu003cpu003eBehind the altar is a large mosaic that depicts scenes from Mother Cabrini\u2019s life. There are also colorful stained-glass windows, along with relics of the saint displayed in various areas of the shrine. Displays tell the story of St. Frances Cabrini\u2019s life and path to canonization in English and Spanish. Appropriately, is also a u003cemu003emissionaryu003c\/emu003e shrine. The Sisters of the Sacred Heart still serve the immigrant community from their offices here.u003c\/pu003enu003cdiv class=\"wp-block-aleteia-heading3\"u003enu003ch2u003eA lovely day trip in NYCu003c\/h2u003enu003c\/pu003eu003c\/divu003enu003cpu003eThe St. Frances Cabrini Shrine is a wonderful destination if you are visiting New York City. It is easily reachable by subway. We recommend spending your morning at the shrine and attending noon Mass. From there it is a 15-minute walk to The Met Cloisters. The museum displays an amazing collection of medieval artworks and architectural features.u003c\/pu003enu003cdiv id='aleteia-welcome'u003eu003c\/divu003enu003cpu003eu003cstrongu003eu003cemu003eView the Photo Gallery below to see the St. Frances Cabrini Shrine.u003c\/emu003eu003c\/strongu003eu003c\/pu003enu003cdiv class=\"wp-block-aleteia-slideshow\"u003entttu003cimg decoding=\"async\" loading=\"lazy\" width=\"620\" height=\"310\" src=\" alt=\"(Slideshow) Visit the real Mother Cabrini at her NYC shrine\" \/u003eu003cbr \/u003entttu003ca href=\" the slideshow u003c\/au003enttu003c\/divu003entu003cdiv data-category=\"Spirituality\" data-category-english=\"spirituality\" class=\"wp-block-aleteia-read-also read-also\"u003enttu003cfigureu003entttu003cimgnttttsrc=\" \/u003enttu003c\/figureu003enttu003cdiv class=\"read-also-inner\"u003entttu003cemu003eRead more:u003c\/emu003eu003ca href=\" Francis Cabrini for the Year of Prayer 2024u003c\/au003enttu003c\/divu003entu003c\/divu003etu003cdiv data-category=\"Lifestyle\" data-category-english=\"lifestyle\" class=\"wp-block-aleteia-read-also read-also\"u003enttu003cfigureu003entttu003cimgnttttsrc=\" new museum of the National Shrine of St. Elizabeth Ann Seton in Emmitsburg, Maryland.\"nttttloading=\"lazy\" \/u003enttu003c\/figureu003enttu003cdiv class=\"read-also-inner\"u003entttu003cemu003eRead more:u003c\/emu003eu003ca href=\" new St. Elizabeth Ann Seton museum (with slideshow)u003c\/au003enttu003c\/divu003entu003c\/divu003e\",\"rawcontent\":\"u003c!-- wp:aleteia\/subtitle \/--u003ennu003c!-- wp:paragraph --u003enu003cpu003eAs Cabrini opens this weekend, it will surely draw attention to the amazing St. Francis Xavier Cabrini, the missionary who came to the Americas to serve poor immigrants, and who with her Missionary Sisters of the Sacred Heart of Jesus founded numerous schools, orphanages, and hospitals.u003c\/pu003enu003c!-- \/wp:paragraph --u003ennu003c!-- wp:paragraph --u003enu003cpu003eHopefully, the film will have at least one other benefit: bringing attention and new visitors to a lovely shrine located on a scenic spot above the Hudson River in northern Manhattan.u003c\/pu003enu003c!-- \/wp:paragraph --u003ennu003c!-- wp:aleteia\/heading3 \"content\":\"A saint\u2019s earthly resting place\" --u003enu003ch3u003eA saint\u2019s earthly resting placeu003c\/h3u003enu003c!-- \/wp:aleteia\/heading3 --u003ennu003c!-- wp:paragraph --u003enu003cpu003eThe u003ca href=\" target=\"_blank\" rel=\"noopener\" title=\"\"u003eSt. Frances Cabrini Shrineu003c\/au003e is a must-visit for all people of faith. This is Mother Cabrini\u2019s earthly resting place. The body of the saint lies in a reliquary casket beneath the shrine\u2019s altar. Pilgrims come to ask for Mother Cabrini\u2019s intercession and to receive the sacraments.u003c\/pu003enu003c!-- \/wp:paragraph --u003ennu003c!-- wp:paragraph --u003enu003cpu003eBehind the altar is a large mosaic that depicts scenes from Mother Cabrini\u2019s life. There are also colorful stained-glass windows, along with relics of the saint displayed in various areas of the shrine. Displays tell the story of St. Frances Cabrini\u2019s life and path to canonization in English and Spanish. Appropriately, is also a u003cemu003emissionaryu003c\/emu003e shrine. The Sisters of the Sacred Heart still serve the immigrant community from their offices here.u003c\/pu003enu003c!-- \/wp:paragraph --u003ennu003c!-- wp:aleteia\/heading3 \"content\":\"A lovely day trip in NYC\" --u003enu003ch3u003eA lovely day trip in NYCu003c\/h3u003enu003c!-- \/wp:aleteia\/heading3 --u003ennu003c!-- wp:paragraph --u003enu003cpu003eThe St. Frances Cabrini Shrine is a wonderful destination if you are visiting New York City. It is easily reachable by subway. We recommend spending your morning at the shrine and attending noon Mass. From there it is a 15-minute walk to The Met Cloisters. The museum displays an amazing collection of medieval artworks and architectural features.u003c\/pu003enu003c!-- \/wp:paragraph --u003ennu003c!-- wp:paragraph --u003enu003cpu003eu003cstrongu003eu003cemu003eView the Photo Gallery below to see the St. Frances Cabrini Shrine.u003c\/emu003eu003c\/strongu003eu003c\/pu003enu003c!-- \/wp:paragraph --u003ennu003c!-- wp:aleteia\/slideshow {\"id\":793357,\"title\":\"(Slideshow) Visit the real Mother Cabrini at her NYC shrine\",\"link\":\" \/--u003ennu003c!-- wp:aleteia\/read-also {\"link\":\" Francis Cabrini for the Year of Prayer 2024\",\"image\":\" --u003enu003cdiv class=\"read-also\"u003eu003ca href=\" Francis Cabrini for the Year of Prayer 2024u003c\/au003eu003c\/divu003enu003c!-- \/wp:aleteia\/read-also --u003ennu003c!-- wp:aleteia\/read-also {\"link\":\" new St. Elizabeth Ann Seton museum (with slideshow)\",\"image\":\" --u003enu003cdiv class=\"read-also\"u003eu003ca href=\" new St. Elizabeth Ann Seton museum (with slideshow)u003c\/au003eu003c\/divu003enu003c!-- \/wp:aleteia\/read-also --u003e\",\"pages\":1,\"language\":\"en\",\"galleries\":[],\"video\":false,\"title\":\"Visit the real Mother Cabrini at her NYC shrine (Photos)\",\"subheading\":\"Many visitors to New York are unaware that the body of St. Frances Cabrini rests in Manhattan. Her tranquil shrine makes for a spiritually nourishing trip. \",\"author\":\"John Touhey\",\"author_2\":\"\",\"authors_obj\":[\"ID\":\"754445\",\"link\":\" Touhey is the Deputy Executive Editor of Aleteia\u2019s English edition. He has worked as a writer, filmmaker, and content creator on numerous projects and platforms.\",\"twitter\":\"\",\"facebook\":\"\",\"subtitle\":\"\",\"title_guest_author\":\"\",\"thumb\":\" Touhey\",\"hreflangs\":\"en\":\" Touhey ,\"link\":\"\/2024\/03\/07\/visit-the-real-mother-cabrini-at-her-nyc-shrine-photos\/\",\"category_obj\":\"link\":\" 91, 175, 192, 1 )\",\"term_id\":278,\"category\":\"Lifestyle\",\"category_slug\":\"lifestyle\",\"category_id\":278,\"category_color\":\"#5bafc0\",\"parent_category\":\"Lifestyle\",\"published\":1709784000,\"published_datalayer\":\"2024.03.07\",\"article_modified_date\":\"\",\"article_modified\":false,\"published_formatted\":\"published on 03\/07\/24\",\"tags\":\"Catholic history, Pilgrimages, Saints, Travel\",\"firsttag\":\"Travel\",\"tags_items\":[\"term_id\":423716271,\"name\":\"Catholic history\",\"link\":\" Department\",\"settings\":\"disable_slideshow_cta\":\"\",\"template_customizations\":\"\",\"post_appearance_setting\":\"no_drop_caps\":false,\"hide_from_tops\":false,\"hide_date\":false,\"hide_post\":false,\"hide_post_in_newsletter\":false,\"ads_disabled\":false,\"inread_ads_disabled\":false,\"custom_inread_position_enabled\":false,\"custom_inread_position\":\"2\",\"test_pixel_enabled\":false,\"test_pixel_position\":\"\",\"exclude_banner_article\":false,\"div_moneytags_position\":\"\",\"original_article\":\"is_original\":\"1\",\"url\":\"\",\"edition\":\"en\",\"gtm\":\"page_type\":\"\",\"page_type_2\":\"\",\"category_name\":\"lifestyle\",\"article_subcategory\":\"Lifestyle\",\"article_type\":\"article\",\"cd\":\"dimension1\":\"John Touhey\",\"dimension2\":\"Lifestyle\",\"dimension3\":\"1709784000\",\"dimension4\":\"en\",\"dimension5\":\"\",\"dimension6\":\"article\",\"dimension7\":\"2024.03.07\",\"dimension8\":\"Catholic history, Pilgrimages, Saints, Travel\",\"dimension9\":\"Many visitors to New York are unaware that the body of St. Frances Cabrini rests in Manhattan. Her tranquil shrine makes for a spiritually nourishing trip. \",\"dimension10\":\"793026\",\"dimension11\":\"Catholic history\",\"dimension12\":\"web\",\"dimension13\":\"\",\"dimension17\":\"Lifestyle Department\",\"dimension14\":\"Lifestyle\",\"photo_of_the_day\":false,\"daily_wisdom\":false,\"word_count\":560,\"shortcodes\":[],\"sponsoredSettings\":,\"isSponsored\":false,\"custom_skin_settings\":\"slot\":\"custom-skin\",\"library\":\"theme.Skin\",\"skin_default_article\":\"1\",\"hide_from_layout_endpoint\":\"1\",\"props\":\"id\":\"custom-skid-ad\",\"unit\":\"64500793\/EN_DESK_ARTICLE_SKIN_1x1\",\"collapse_empty_divs\":false,\"premium_ads\":false,\"bids\":\"\",\"nexxx360_id\":\"\",\"size\":[],\"adjacent_posts\":\"next_post\":\"link\":\" Article \",\"prev_post\":\"link\":\" Article \",\"close_comments\":false,\"premium_content\":\"\",\"trunked_content\":\"u003ch2 class=\"subtitle\"u003eMany visitors to New York are unaware that the body of St. Frances Cabrini rests in Manhattan. Her tranquil shrine makes for a spiritually nourishing trip. u003c\/h2u003enu003cpu003eAs Cabrini opens this weekend, it will surely draw attention to the amazing St. Francis Xavier Cabrini, the missionary who came to the Americas to serve poor immigrants, and who with her Missionary Sisters of the Sacred Heart of Jesus founded numerous schools, orphanages, and hospitals.u003c\/pu003ennu003cpu003eHopefully, the film will have at least one other benefit: bringing attention and new visitors to a lovely shrine located on a scenic spot above the Hudson River in northern Manhattan.u003c\/pu003en\",{\"simple\":false,\"id\":791946,\"related\":[],\"content\":\"u003cspan class=\"subtitle\"u003eFather Jonathan Meyer's viral 33-minute talk about the true nature of the Catholic Mass is opening hearts.nu003c\/spanu003eu003cpu003eFather Jonathan Meyer of All Saints Parish in Dearborn County, Indiana, is causing a stir online with a 33-minute talk he recently gave at a Catholic menu0026#8217;s conference on the Sacrifice of the Mass. His message was picked up by the Servants of God YouTube Channel and has racked up over 440,000 views and well over a thousand comments in just a few weeks.\u00a0u003c\/pu003enu003cfigure class=\"wp-block-embed is-type-video is-provider-youtube wp-block-embed-youtube wp-embed-aspect-16-9 wp-has-aspect-ratio\" data-original=\"false\"u003enu003cdiv class=\"wp-block-embed__wrapper\"u003enu003cspan class=\"embed-youtube\" style=\"text-align:center; display: block;\"u003eu003ciframe loading=\"lazy\" class=\"youtube-player\" width=\"1200\" height=\"675\" src=\" allowfullscreen=\"true\" style=\"border:0;\" sandbox=\"allow-scripts allow-same-origin allow-popups allow-presentation\"u003eu003c\/iframeu003eu003c\/spanu003eu003c\/pu003enu003c\/divu003enu003c\/figureu003enu003cpu003eFather Meyer is a prominent preacher in the u003ca href=\" Eucharistic Revivalu003c\/au003e thatu0026#8217;s taking place in part as a reaction to the 2019 Pew Research Study that found that 69% of Catholics do not believe in the u003ca href=\" Presenceu003c\/au003e of Christ in the Eucharist.u0026nbsp;u003c\/pu003enu003cpu003eu0026#8220;But thereu0026#8217;s a bigger problem than thatu0026#8221;: Fr. Meyer addresses this staggering statistic at the beginning of his talk by explaining that, in his estimation, u003cstrongu003eu0026#8220;well over 90% of Catholicsu0026#8221; do not have a decent understanding of why they go to Mass in the first place.u003c\/strongu003e Father Meyer handles this alarming estimate with his typical humorous style and by involving the audience in a lively question\/answer exercise.\u00a0\u00a0u003c\/pu003enu003cpu003eIn the end, Fr. Meyer quotes the Catechism, making it clear that the number one reason why Catholics must participate in the Mass is because itu0026#8217;s u0026#8220;u003cstrongu003ethe re-presentation of Calvary, the eternal sacrifice of the Lamb of God for the sins of the world.u003c\/strongu003eu0026#8221;u0026nbsp;u003c\/pu003enu003cpu003eAnd the response has been staggering. Not only did the message go viral, but the comments on the Servants of God YouTube page speak for themselves.u0026nbsp;u003c\/pu003enu003cdiv id='aleteia-welcome'u003eu003c\/divu003enu003cpu003eFor example, @angelahagemeyer398 wrote: u0026#8220;This priest, in 35 minutes, just explained what it took me years to learn. THIS should be played in every RCIA, First Communion Class, Confirmation prep and parish. The lack of this information is truly why our people are stumbling. Praise be to God for this priest.u0026#8221;u0026nbsp;u003c\/pu003entu003cdiv data-category=\"News\" data-category-english=\"news\" class=\"wp-block-aleteia-read-also read-also\"u003enttu003cfigureu003entttu003cimgnttttsrc=\" in Chalice\"nttttloading=\"lazy\" \/u003enttu003c\/figureu003enttu003cdiv class=\"read-also-inner\"u003entttu003cemu003eRead more:u003c\/emu003eu003ca href=\" finds majority of Catholics do believe in Real Presenceu003c\/au003enttu003c\/divu003entu003c\/divu003etu003cdiv data-category=\"Art u0026amp; Culture\" data-category-english=\"culture\" class=\"wp-block-aleteia-read-also read-also\"u003enttu003cfigureu003entttu003cimgnttttsrc=\" WHO IS THERE\"nttttloading=\"lazy\" \/u003enttu003c\/figureu003enttu003cdiv class=\"read-also-inner\"u003entttu003cemu003eRead more:u003c\/emu003eu003ca href=\" your devotion with new documentary on Real Presence: u0026#8216;Aliveu0026#8217;u003c\/au003enttu003c\/divu003entu003c\/divu003e\",\"rawcontent\":\"u003c!-- wp:aleteia\/subtitle \/--u003ennu003c!-- wp:paragraph --u003enu003cpu003eFather Jonathan Meyer of All Saints Parish in Dearborn County, Indiana, is causing a stir online with a 33-minute talk he recently gave at a Catholic men's conference on the Sacrifice of the Mass. His message was picked up by the Servants of God YouTube Channel and has racked up over 440,000 views and well over a thousand comments in just a few weeks.\u00a0u003c\/pu003enu003c!-- \/wp:paragraph --u003ennu003c!-- wp:embed \"url\":\" wp-has-aspect-ratio\" --u003enu003cfigure class=\"wp-block-embed is-type-video is-provider-youtube wp-block-embed-youtube wp-embed-aspect-16-9 wp-has-aspect-ratio\"u003eu003cdiv class=\"wp-block-embed__wrapper\"u003en \/wp:embed --u003ennu003c!-- wp:paragraph --u003enu003cpu003eFather Meyer is a prominent preacher in the u003ca href=\" Eucharistic Revivalu003c\/au003e that's taking place in part as a reaction to the 2019 Pew Research Study that found that 69% of Catholics do not believe in the u003ca href=\" Presenceu003c\/au003e of Christ in the Eucharist.u0026nbsp;u003c\/pu003enu003c!-- \/wp:paragraph --u003ennu003c!-- wp:paragraph --u003enu003cpu003e\"But there's a bigger problem than that\": Fr. Meyer addresses this staggering statistic at the beginning of his talk by explaining that, in his estimation, u003cstrongu003e\"well over 90% of Catholics\" do not have a decent understanding of why they go to Mass in the first place.u003c\/strongu003e Father Meyer handles this alarming estimate with his typical humorous style and by involving the audience in a lively question\/answer exercise.\u00a0\u00a0u003c\/pu003enu003c!-- \/wp:paragraph --u003ennu003c!-- wp:paragraph --u003enu003cpu003eIn the end, Fr. Meyer quotes the Catechism, making it clear that the number one reason why Catholics must participate in the Mass is because it's \"u003cstrongu003ethe re-presentation of Calvary, the eternal sacrifice of the Lamb of God for the sins of the world.u003c\/strongu003e\"u0026nbsp;u003c\/pu003enu003c!-- \/wp:paragraph --u003ennu003c!-- wp:paragraph --u003enu003cpu003eAnd the response has been staggering. Not only did the message go viral, but the comments on the Servants of God YouTube page speak for themselves.u0026nbsp;u003c\/pu003enu003c!-- \/wp:paragraph --u003ennu003c!-- wp:paragraph --u003enu003cpu003eFor example, @angelahagemeyer398 wrote: \"This priest, in 35 minutes, just explained what it took me years to learn. THIS should be played in every RCIA, First Communion Class, Confirmation prep and parish. The lack of this information is truly why our people are stumbling. Praise be to God for this priest.\"u0026nbsp;u003c\/pu003enu003c!-- \/wp:paragraph --u003ennu003c!-- wp:aleteia\/read-also {\"link\":\" finds majority of Catholics do believe in Real Presence\",\"image\":\" --u003enu003cdiv class=\"read-also\"u003eu003ca href=\" finds majority of Catholics do believe in Real Presenceu003c\/au003eu003c\/divu003enu003c!-- \/wp:aleteia\/read-also --u003ennu003c!-- wp:aleteia\/read-also {\"link\":\" your devotion with new documentary on Real Presence: \\u0026#8216;Alive\\u0026#8217;\",\"image\":\" --u003enu003cdiv class=\"read-also\"u003eu003ca href=\" your devotion with new documentary on Real Presence: u0026#8216;Aliveu0026#8217;u003c\/au003eu003c\/divu003enu003c!-- \/wp:aleteia\/read-also --u003e\",\"pages\":1,\"language\":\"en\",\"galleries\":[],\"video\":false,\"title\":\"Eucharistic preacher: \u201cOver 90% of Catholics don\u2019t understand the Mass\u201d\",\"subheading\":\"Father Jonathan Meyer's viral 33-minute talk about the true nature of the Catholic Mass is opening hearts.n\",\"author\":\"Sarah Robsdottir\",\"author_2\":\"\",\"authors_obj\":[\"ID\":\"129020\",\"link\":\" Robsdottiru003c\/strongu003e is a Catholic convert and homeschooling mom to seven sons. Her debut novel u003ca href=\" Wateru003c\/au003e is now available at Voyage Publishing. Visit Sarah at u003ca href=\" Robsdottir\",\"hreflangs\":\"en\":\" Mass, Consecration\",\"copyright\":\"peacepix ,\"link\":\"\/2024\/03\/04\/eucharistic-preacher-over-90-of-catholics-dont-understand-the-mass\/\",\"category_obj\":\"link\":\" u0026 Culture\",\"name\":\"Art u0026 Culture\",\"slug\":\"art-culture\",\"color\":\"rgba( 183, 37, 94, 1 )\",\"term_id\":423715388,\"category\":\"Art u0026 Culture\",\"category_slug\":\"art-culture\",\"category_id\":423715388,\"category_color\":\"#b7255e\",\"parent_category\":\"Art u0026 Culture\",\"published\":1709528680,\"published_datalayer\":\"2024.03.04\",\"article_modified_date\":\"\",\"article_modified\":false,\"published_formatted\":\"published on 03\/04\/24\",\"tags\":\"Eucharist, Mass, Priest, Real Presence\",\"firsttag\":\"Real Presence\",\"tags_items\":[\"term_id\":423716675,\"name\":\"Eucharist\",\"link\":\" Presence\",\"link\":\" Department\",\"settings\":\"disable_slideshow_cta\":\"\",\"template_customizations\":\"\",\"post_appearance_setting\":\"no_drop_caps\":false,\"hide_from_tops\":false,\"hide_date\":false,\"hide_post\":false,\"hide_post_in_newsletter\":false,\"ads_disabled\":false,\"inread_ads_disabled\":false,\"custom_inread_position_enabled\":false,\"custom_inread_position\":\"2\",\"test_pixel_enabled\":false,\"test_pixel_position\":\"\",\"exclude_banner_article\":false,\"div_moneytags_position\":\"\",\"original_article\":\"is_original\":\"1\",\"url\":\"\",\"edition\":\"en\",\"gtm\":\"page_type\":\"\",\"page_type_2\":\"\",\"category_name\":\"culture\",\"article_subcategory\":\"Art u0026 Culture\",\"article_type\":\"article\",\"cd\":\"dimension1\":\"Sarah Robsdottir\",\"dimension2\":\"Art u0026 Culture\",\"dimension3\":\"1709528680\",\"dimension4\":\"en\",\"dimension5\":\"\",\"dimension6\":\"article\",\"dimension7\":\"2024.03.04\",\"dimension8\":\"Eucharist, Mass, Priest, Real Presence\",\"dimension9\":\"Father Jonathan Meyer's viral 33-minute talk about the true nature of the Catholic Mass is opening hearts.n\",\"dimension10\":\"791946\",\"dimension11\":\"Eucharist\",\"dimension12\":\"web\",\"dimension13\":\"\",\"dimension17\":\"Infotainment Department\",\"dimension14\":\"Art u0026 Culture\",\"photo_of_the_day\":false,\"daily_wisdom\":false,\"word_count\":556,\"shortcodes\":[],\"sponsoredSettings\":,\"isSponsored\":false,\"custom_skin_settings\":\"slot\":\"custom-skin\",\"library\":\"theme.Skin\",\"skin_default_article\":\"1\",\"hide_from_layout_endpoint\":\"1\",\"props\":\"id\":\"custom-skid-ad\",\"unit\":\"64500793\/EN_DESK_ARTICLE_SKIN_1x1\",\"collapse_empty_divs\":false,\"premium_ads\":false,\"bids\":\"\",\"nexxx360_id\":\"\",\"size\":[],\"adjacent_posts\":\"next_post\":\"link\":\" Article \",\"prev_post\":\"link\":\" Article \",\"close_comments\":false,\"premium_content\":\"\",\"trunked_content\":\"u003ch2 class=\"subtitle\"u003eFather Jonathan Meyer's viral 33-minute talk about the true nature of the Catholic Mass is opening hearts.nu003c\/h2u003enu003cpu003eFather Jonathan Meyer of All Saints Parish in Dearborn County, Indiana, is causing a stir online with a 33-minute talk he recently gave at a Catholic men's conference on the Sacrifice of the Mass. His message was picked up by the Servants of God YouTube Channel and has racked up over 440,000 views and well over a thousand comments in just a few weeks.\u00a0u003c\/pu003enu003cfigure class=\"wp-block-embed is-type-video is-provider-youtube wp-block-embed-youtube wp-embed-aspect-16-9 wp-has-aspect-ratio\" data-original=\"false\"u003eu003cdiv class=\"wp-block-embed__wrapper\"u003en Meyer is a prominent preacher in the u003ca href=\" Eucharistic Revivalu003c\/au003e that's taking place in part as a reaction to the 2019 Pew Research Study that found that 69% of Catholics do not believe in the u003ca href=\" Presenceu003c\/au003e of Christ in the Eucharist.u0026nbsp;u003c\/pu003en\",{\"simple\":false,\"id\":789071,\"related\":[],\"content\":\"u003cspan class=\"subtitle\"u003eAleteia recently spoke with three members of different religious congregations of women to ask them what consecrated life means to them and if they are happy.u003c\/spanu003eu003cpu003eConsecrated u003ca href=\" target=\"_blank\" rel=\"noopener\" title=\"\"u003elifeu003c\/au003e is u003cstrongu003ea special way of living the Christian vocation that each of us received at baptism.u003c\/strongu003e The Catechism of the Catholic Church says that:u003c\/pu003enu003cblockquote class=\"wp-block-quote\"u003enu003cpu003eThe religious state is thus one way of experiencing a u0026#8220;more intimateu0026#8221; consecration, rooted in Baptism and dedicated totally to God. In the consecrated life, Christu0026#8217;s faithful, moved by the Holy Spirit, propose to follow Christ more nearly, to give themselves to God who is loved above all and, pursuing the perfection of charity in the service of the Kingdom, to signify and proclaim in the Church the glory of the world to come.u003c\/pu003enu003cciteu003e(u003ca href=\" target=\"_blank\" rel=\"noopener\" title=\"\"u003eCCC 916u003c\/au003e)u003c\/citeu003eu003c\/blockquoteu003enu003cdiv class=\"block-image-copyrigth-wrap\"u003enu003cfigure class=\"wp-block-image size-large\"u003eu003cimg decoding=\"async\" loading=\"lazy\" width=\"1200\" height=\"768\" src=\" alt=\"Nuns praying in church\" class=\"wp-image-773633\" srcset=\" 1200w, ?resize=150,96 150w, ?resize=300,192 300w, ?resize=1024,655 1024w, ?resize=620,397 620w, ?resize=1140,730 1140w, ?resize=375,240 375w, ?resize=630,403 630w\" sizes=\"(max-width: 1200px) 100vw, 1200px\" \/u003eu003c\/figureu003enu003cdiv class=\"copyright-text\"u003eTrinity69 | Shutterstocku003c\/divu003enu003c\/divu003enu003cpu003eIt\u2019s interesting to note that there are u003cstrongu003ehundreds of institutes, orders, and congregations of religious lifeu003c\/strongu003e. Still, their u003cstrongu003eobjective is the sameu003c\/strongu003e: to evangelize according to their own charisms and in different contexts, always with a total dedication to the designs of God.u003c\/pu003enu003cpu003eAleteia interviewed three religious and asked them three questions:u003c\/pu003enu003cpu003eu003cstrongu003e1. Based on your experience, what is consecrated life?u003c\/strongu003eu003c\/pu003enu003cdiv id='aleteia-welcome'u003eu003c\/divu003enu003cpu003eu003cstrongu003e2. What purpose does it serve in the world?u003c\/strongu003eu003c\/pu003enu003cpu003eu003cstrongu003e3. Are you happy in your vocation?u003c\/strongu003eu003c\/pu003enu003cpu003eHere are the answers they shared with us.u003c\/pu003enu003ch2 class=\"wp-block-aleteia-rich-list\"u003entttu003cspanu003e1u003c\/spanu003eu003cbr \/u003entttu003cstrongu003eSR. ROSA MARIA LUNAu003c\/strongu003eu003cbr \/u003enttu003c\/h2u003enu003cpu003eu003cstrongu003eCongregation:u003c\/strongu003e Ecumenical Missionary Sisters Oblates of the Churchu003c\/pu003enu003cblockquote class=\"wp-block-aleteia-blockquote\"u003eu003cspan class=\"text\"u003eu003cpu003eConsecrated life serves to give witness in the world.u003c\/pu003eu003c\/spanu003eu003c\/blockquoteu003enu003cpu003eFor Sister Rosa, consecrated life is a u003cstrongu003eway of life modeled on Jesusu003c\/strongu003e, who was, chaste, poor and obedient. Itu0026#8217;s also a response to the call to live this life, to conform oneself to it, to try to configure oneself more and more to him in a life of fraternity in community, and according to a u003cstrongu003especial charism that the Holy Spirit has inspired in each founderu003c\/strongu003e within the Church.u003c\/pu003enu003cpu003eConsecrated life, she says, serves to u003cstrongu003egive witness in the world to the presence of Jesusu003c\/strongu003e and to the Gospel in a practical and experiential way. Each institute has its own personal charism and u003cstrongu003eseeks to express a specific aspect of the face of Jesus to the worldu003c\/strongu003e.u003c\/pu003enu003cblockquote class=\"wp-block-quote\"u003enu003cpu003eWe want to show people Jesus, who saw and experienced the division of the world, and saw that he himself would be a cause of division. So, he prays to the Father at the last moment, as his last wish, for the unity of all people in Christ. We consecrate ourselves to this cause and we pray for this every day to the Father: \u201cthat we may all be one.\u201du003c\/pu003enu003c\/blockquoteu003enu003cpu003eSister Rosa affirms without hesitation that she is happy in her vocation. She told us:u003c\/pu003enu003cblockquote class=\"wp-block-quote\"u003enu003cpu003eGod, my Lord, who called me without my deserving it, is incredibly faithful. At very specific moments he provides for my needs and makes himself felt, filling me with joy and happiness. It has been a journey of learning, falls, and stumbles. But the amazing thing is his faithfulness that inspires me with the desire to follow him with all my heart and with all my strength in my vocation, carried out in the mission.u003c\/pu003enu003c\/blockquoteu003enu003cdiv class=\"block-image-copyrigth-wrap\"u003enu003cfigure class=\"wp-block-image size-large\"u003eu003cimg decoding=\"async\" loading=\"lazy\" width=\"1200\" height=\"675\" src=\" alt=\"DAY OF CONSECRATED LIFE\" class=\"wp-image-788412\" srcset=\" 1200w, ?resize=150,84 150w, ?resize=300,169 300w, ?resize=1024,576 1024w, ?resize=620,348 620w, ?resize=1140,641 1140w, ?resize=375,211 375w, ?resize=630,354 630w\" sizes=\"(max-width: 1200px) 100vw, 1200px\" \/u003eu003c\/figureu003enu003cdiv class=\"copyright-text\"u003eM\u00f3nica Mu\u00f1ozu003c\/divu003enu003c\/divu003enu003ch2 class=\"wp-block-aleteia-rich-list\"u003entttu003cspanu003e2u003c\/spanu003eu003cbr \/u003entttu003cstrongu003eSR. DORIS JIMENEZ SIMROTHu003c\/strongu003eu003cbr \/u003enttu003c\/h2u003enu003cpu003eu003cstrongu003eCongregationu003c\/strongu003e: Oblates of the Most Holy Trinityu003c\/pu003enu003cblockquote class=\"wp-block-aleteia-blockquote\"u003eu003cspan class=\"text\"u003eu003cpu003eIf I were to be born again, I\u2019d become a religious again.u003c\/pu003eu003c\/spanu003eu003c\/blockquoteu003enu003cpu003eFor Sister Doris, u003cstrongu003econsecrated life is total surrender to Godu003c\/strongu003e. It\u2019s an u003cstrongu003eunconditional response to a call of loveu003c\/strongu003e and a radical living of oneu0026#8217;s baptism through the profession of the evangelical counsels. This is carried out in community life, with oneu0026#8217;s own charism and in the u003cstrongu003esearch for holiness in love and dedication to oneu0026#8217;s neighbor.u003c\/strongu003eu003c\/pu003enu003cpu003eConsecrated life testifies to u003cstrongu003eChristu0026#8217;s presence in the life of humanityu003c\/strongu003e, she says. It proposes to the people an identity, opportunity, aspiration, learning, and above all, u003cstrongu003ecredible love and holinessu003c\/strongu003e. This makes it possible to be believable witnesses who make palpable the u003cstrongu003ecivilization of love.u003c\/strongu003eu003c\/pu003enu003cpu003eWith joy, she adds that she is u0026#8220;extremely happy.u0026#8221;u003c\/pu003enu003cblockquote class=\"wp-block-quote\"u003enu003cpu003eThe best thing that has happened to me is God\u2019s call to this unconditional self-giving. I believe that nothing better could\u2019ve happened to me in this life. And if I were to be born again, I\u2019d become a religious again.u003c\/pu003enu003c\/blockquoteu003enu003cblockquote class=\"wp-block-quote\"u003enu003cpu003eEven its adversities and setbacks are nothing when you have the loving gaze of Jesus. It\u2019s the joy, the joy of feeling his healing word, his healing encounter in each Eucharist. Not to mention the love of Mary, that gives security to our project of life.u003c\/pu003enu003c\/blockquoteu003enu003ch2 class=\"wp-block-aleteia-rich-list\"u003entttu003cspanu003e3u003c\/spanu003eu003cbr \/u003entttu003cstrongu003eSr. LOURDES GONZALEZu003c\/strongu003eu003cbr \/u003enttu003c\/h2u003enu003cpu003eu003cstrongu003eCongregationu003c\/strongu003e: Disciples of Mary in the Holy Spiritu003c\/pu003enu003cblockquote class=\"wp-block-aleteia-blockquote\"u003eu003cspan class=\"text\"u003eu003cpu003eIt means living the fullness of our baptism.u003c\/pu003eu003c\/spanu003eu003c\/blockquoteu003enu003cpu003eSr. Lourdes defines consecrated life as a life totally given to God, which belongs to Him alone. It means living the fullness of our baptism.u003c\/pu003enu003cpu003eThe Disciples of Mary, united to Jesus, make His love known in peopleu0026#8217;s lives u0026#8220;so that we may all turn to him and allow ourselves to be loved. Thus, we can reach the holiness to which we are called. Above all, we seek to reach the hearts that are far from Him because of sin.\u201du003c\/pu003enu003cpu003eu0026#8220;I am happy,u0026#8221; she tells Aleteia, before adding, u0026#8220;When we are in the vocation to which Jesus calls us, then we can be happy.u0026#8221;u003c\/pu003entu003cdiv data-category=\"Spirituality\" data-category-english=\"spirituality\" class=\"wp-block-aleteia-read-also read-also\"u003enttu003cfigureu003entttu003cimgnttttsrc=\" of Life (2)\"nttttloading=\"lazy\" \/u003enttu003c\/figureu003enttu003cdiv class=\"read-also-inner\"u003entttu003cemu003eRead more:u003c\/emu003eu003ca href=\" Generation of Nuns Favor Tradition and Thriveu003c\/au003enttu003c\/divu003entu003c\/divu003etu003cdiv data-category=\"Lifestyle\" data-category-english=\"lifestyle\" class=\"wp-block-aleteia-read-also read-also\"u003enttu003cfigureu003entttu003cimgnttttsrc=\" irm\u00e3s biol\u00f3gicas que se tornaram freiras no instituto Iesu Communio\"nttttloading=\"lazy\" \/u003enttu003c\/figureu003enttu003cdiv class=\"read-also-inner\"u003entttu003cemu003eRead more:u003c\/emu003eu003ca href=\" 5 biological sisters who joined the religious life in just two yearsu003c\/au003enttu003c\/divu003entu003c\/divu003e\",\"rawcontent\":\"u003c!-- wp:aleteia\/subtitle \/--u003ennu003c!-- wp:paragraph --u003enu003cpu003eConsecrated u003ca href=\" target=\"_blank\" rel=\"noopener\" title=\"\"u003elifeu003c\/au003e is u003cstrongu003ea special way of living the Christian vocation that each of us received at baptism.u003c\/strongu003e The Catechism of the Catholic Church says that:u003c\/pu003enu003c!-- \/wp:paragraph --u003ennu003c!-- wp:quote --u003enu003cblockquote class=\"wp-block-quote\"u003eu003c!-- wp:paragraph --u003enu003cpu003eThe religious state is thus one way of experiencing a \"more intimate\" consecration, rooted in Baptism and dedicated totally to God. In the consecrated life, Christ's faithful, moved by the Holy Spirit, propose to follow Christ more nearly, to give themselves to God who is loved above all and, pursuing the perfection of charity in the service of the Kingdom, to signify and proclaim in the Church the glory of the world to come.u003c\/pu003enu003c!-- \/wp:paragraph --u003eu003cciteu003e(u003ca href=\" target=\"_blank\" rel=\"noopener\" title=\"\"u003eCCC 916u003c\/au003e)u003c\/citeu003eu003c\/blockquoteu003enu003c!-- \/wp:quote --u003ennu003c!-- wp:image \"id\":773633,\"sizeSlug\":\"large\",\"linkDestination\":\"none\" --u003enu003cfigure class=\"wp-block-image size-large\"u003eu003cimg src=\" alt=\"Nuns praying in church\" class=\"wp-image-773633\" \/u003eu003c\/figureu003enu003c!-- \/wp:image --u003ennu003c!-- wp:paragraph --u003enu003cpu003eIt\u2019s interesting to note that there are u003cstrongu003ehundreds of institutes, orders, and congregations of religious lifeu003c\/strongu003e. Still, their u003cstrongu003eobjective is the sameu003c\/strongu003e: to evangelize according to their own charisms and in different contexts, always with a total dedication to the designs of God.u003c\/pu003enu003c!-- \/wp:paragraph --u003ennu003c!-- wp:paragraph --u003enu003cpu003eAleteia interviewed three religious and asked them three questions:u003c\/pu003enu003c!-- \/wp:paragraph --u003ennu003c!-- wp:paragraph --u003enu003cpu003eu003cstrongu003e1. Based on your experience, what is consecrated life?u003c\/strongu003eu003c\/pu003enu003c!-- \/wp:paragraph --u003ennu003c!-- wp:paragraph --u003enu003cpu003eu003cstrongu003e2. What purpose does it serve in the world?u003c\/strongu003eu003c\/pu003enu003c!-- \/wp:paragraph --u003ennu003c!-- wp:paragraph --u003enu003cpu003eu003cstrongu003e3. Are you happy in your vocation?u003c\/strongu003eu003c\/pu003enu003c!-- \/wp:paragraph --u003ennu003c!-- wp:paragraph --u003enu003cpu003eHere are the answers they shared with us.u003c\/pu003enu003c!-- \/wp:paragraph --u003ennu003c!-- wp:aleteia\/rich-list \"index\":\"1\",\"text\":\"SR. ROSA MARIA LUNA\" --u003enu003ch3 class=\"wp-block-aleteia-rich-list\"u003eu003cspanu003e1u003c\/spanu003eu003cstrongu003eSR. ROSA MARIA LUNAu003c\/strongu003eu003c\/h3u003enu003c!-- \/wp:aleteia\/rich-list --u003ennu003c!-- wp:paragraph --u003enu003cpu003eu003cstrongu003eCongregation:u003c\/strongu003e Ecumenical Missionary Sisters Oblates of the Churchu003c\/pu003enu003c!-- \/wp:paragraph --u003ennu003c!-- wp:aleteia\/blockquote \"content\":\"Consecrated life serves to give witness in the world.\",\"checked\":false --u003enu003cblockquote class=\"wp-block-aleteia-blockquote\"u003eu003cspan class=\"text\"u003eu003cpu003eConsecrated life serves to give witness in the world.u003c\/pu003eu003c\/spanu003eu003c\/blockquoteu003enu003c!-- \/wp:aleteia\/blockquote --u003ennu003c!-- wp:paragraph --u003enu003cpu003eFor Sister Rosa, consecrated life is a u003cstrongu003eway of life modeled on Jesusu003c\/strongu003e, who was, chaste, poor and obedient. It's also a response to the call to live this life, to conform oneself to it, to try to configure oneself more and more to him in a life of fraternity in community, and according to a u003cstrongu003especial charism that the Holy Spirit has inspired in each founderu003c\/strongu003e within the Church.u003c\/pu003enu003c!-- \/wp:paragraph --u003ennu003c!-- wp:paragraph --u003enu003cpu003eConsecrated life, she says, serves to u003cstrongu003egive witness in the world to the presence of Jesusu003c\/strongu003e and to the Gospel in a practical and experiential way. Each institute has its own personal charism and u003cstrongu003eseeks to express a specific aspect of the face of Jesus to the worldu003c\/strongu003e.u003c\/pu003enu003c!-- \/wp:paragraph --u003ennu003c!-- wp:quote --u003enu003cblockquote class=\"wp-block-quote\"u003eu003c!-- wp:paragraph --u003enu003cpu003eWe want to show people Jesus, who saw and experienced the division of the world, and saw that he himself would be a cause of division. So, he prays to the Father at the last moment, as his last wish, for the unity of all people in Christ. We consecrate ourselves to this cause and we pray for this every day to the Father: \u201cthat we may all be one.\u201du003c\/pu003enu003c!-- \/wp:paragraph --u003eu003c\/blockquoteu003enu003c!-- \/wp:quote --u003ennu003c!-- wp:paragraph --u003enu003cpu003eSister Rosa affirms without hesitation that she is happy in her vocation. She told us:u003c\/pu003enu003c!-- \/wp:paragraph --u003ennu003c!-- wp:quote --u003enu003cblockquote class=\"wp-block-quote\"u003eu003c!-- wp:paragraph --u003enu003cpu003eGod, my Lord, who called me without my deserving it, is incredibly faithful. At very specific moments he provides for my needs and makes himself felt, filling me with joy and happiness. It has been a journey of learning, falls, and stumbles. But the amazing thing is his faithfulness that inspires me with the desire to follow him with all my heart and with all my strength in my vocation, carried out in the mission.u003c\/pu003enu003c!-- \/wp:paragraph --u003eu003c\/blockquoteu003enu003c!-- \/wp:quote --u003ennu003c!-- wp:image \"id\":788412,\"sizeSlug\":\"large\",\"linkDestination\":\"none\" --u003enu003cfigure class=\"wp-block-image size-large\"u003eu003cimg src=\" alt=\"DAY OF CONSECRATED LIFE\" class=\"wp-image-788412\" \/u003eu003c\/figureu003enu003c!-- \/wp:image --u003ennu003c!-- wp:aleteia\/rich-list \"index\":\"2\",\"text\":\"SR. DORIS JIMENEZ SIMROTH\" --u003enu003ch3 class=\"wp-block-aleteia-rich-list\"u003eu003cspanu003e2u003c\/spanu003eu003cstrongu003eSR. DORIS JIMENEZ SIMROTHu003c\/strongu003eu003c\/h3u003enu003c!-- \/wp:aleteia\/rich-list --u003ennu003c!-- wp:paragraph --u003enu003cpu003eu003cstrongu003eCongregationu003c\/strongu003e: Oblates of the Most Holy Trinityu003c\/pu003enu003c!-- \/wp:paragraph --u003ennu003c!-- wp:aleteia\/blockquote \"content\":\"If I were to be born again, I\u2019d become a religious again.\" --u003enu003cblockquote class=\"wp-block-aleteia-blockquote\"u003eu003cspan class=\"text\"u003eu003cpu003eIf I were to be born again, I\u2019d become a religious again.u003c\/pu003eu003c\/spanu003eu003c\/blockquoteu003enu003c!-- \/wp:aleteia\/blockquote --u003ennu003c!-- wp:paragraph --u003enu003cpu003eFor Sister Doris, u003cstrongu003econsecrated life is total surrender to Godu003c\/strongu003e. It\u2019s an u003cstrongu003eunconditional response to a call of loveu003c\/strongu003e and a radical living of one's baptism through the profession of the evangelical counsels. This is carried out in community life, with one's own charism and in the u003cstrongu003esearch for holiness in love and dedication to one's neighbor.u003c\/strongu003eu003c\/pu003enu003c!-- \/wp:paragraph --u003ennu003c!-- wp:paragraph --u003enu003cpu003eConsecrated life testifies to u003cstrongu003eChrist's presence in the life of humanityu003c\/strongu003e, she says. It proposes to the people an identity, opportunity, aspiration, learning, and above all, u003cstrongu003ecredible love and holinessu003c\/strongu003e. This makes it possible to be believable witnesses who make palpable the u003cstrongu003ecivilization of love.u003c\/strongu003eu003c\/pu003enu003c!-- \/wp:paragraph --u003ennu003c!-- wp:paragraph --u003enu003cpu003eWith joy, she adds that she is \"extremely happy.\"u003c\/pu003enu003c!-- \/wp:paragraph --u003ennu003c!-- wp:quote --u003enu003cblockquote class=\"wp-block-quote\"u003eu003c!-- wp:paragraph --u003enu003cpu003eThe best thing that has happened to me is God\u2019s call to this unconditional self-giving. I believe that nothing better could\u2019ve happened to me in this life. And if I were to be born again, I\u2019d become a religious again.u003c\/pu003enu003c!-- \/wp:paragraph --u003eu003c\/blockquoteu003enu003c!-- \/wp:quote --u003ennu003c!-- wp:quote --u003enu003cblockquote class=\"wp-block-quote\"u003eu003c!-- wp:paragraph --u003enu003cpu003eEven its adversities and setbacks are nothing when you have the loving gaze of Jesus. It\u2019s the joy, the joy of feeling his healing word, his healing encounter in each Eucharist. Not to mention the love of Mary, that gives security to our project of life.u003c\/pu003enu003c!-- \/wp:paragraph --u003eu003c\/blockquoteu003enu003c!-- \/wp:quote --u003ennu003c!-- wp:aleteia\/rich-list \"index\":\"3\",\"text\":\"Sr. LOURDES GONZALEZ\" --u003enu003ch3 class=\"wp-block-aleteia-rich-list\"u003eu003cspanu003e3u003c\/spanu003eu003cstrongu003eSr. LOURDES GONZALEZu003c\/strongu003eu003c\/h3u003enu003c!-- \/wp:aleteia\/rich-list --u003ennu003c!-- wp:paragraph --u003enu003cpu003eu003cstrongu003eCongregationu003c\/strongu003e: Disciples of Mary in the Holy Spiritu003c\/pu003enu003c!-- \/wp:paragraph --u003ennu003c!-- wp:aleteia\/blockquote \"content\":\"It means living the fullness of our baptism.\" --u003enu003cblockquote class=\"wp-block-aleteia-blockquote\"u003eu003cspan class=\"text\"u003eu003cpu003eIt means living the fullness of our baptism.u003c\/pu003eu003c\/spanu003eu003c\/blockquoteu003enu003c!-- \/wp:aleteia\/blockquote --u003ennu003c!-- wp:paragraph --u003enu003cpu003eSr. Lourdes defines consecrated life as a life totally given to God, which belongs to Him alone. It means living the fullness of our baptism.u003c\/pu003enu003c!-- \/wp:paragraph --u003ennu003c!-- wp:paragraph --u003enu003cpu003eThe Disciples of Mary, united to Jesus, make His love known in people's lives \"so that we may all turn to him and allow ourselves to be loved. Thus, we can reach the holiness to which we are called. Above all, we seek to reach the hearts that are far from Him because of sin.\u201du003c\/pu003enu003c!-- \/wp:paragraph --u003ennu003c!-- wp:paragraph --u003enu003cpu003e\"I am happy,\" she tells Aleteia, before adding, \"When we are in the vocation to which Jesus calls us, then we can be happy.\"u003c\/pu003enu003c!-- \/wp:paragraph --u003ennu003c!-- wp:aleteia\/read-also {\"link\":\" Generation of Nuns Favor Tradition and Thrive\",\"image\":\" --u003enu003cdiv class=\"read-also\"u003eu003ca href=\" Generation of Nuns Favor Tradition and Thriveu003c\/au003eu003c\/divu003enu003c!-- \/wp:aleteia\/read-also --u003ennu003c!-- wp:aleteia\/read-also {\"link\":\" 5 biological sisters who joined the religious life in just two years\",\"image\":\" --u003enu003cdiv class=\"read-also\"u003eu003ca href=\" 5 biological sisters who joined the religious life in just two yearsu003c\/au003eu003c\/divu003enu003c!-- \/wp:aleteia\/read-also --u003e\",\"pages\":1,\"language\":\"en\",\"galleries\":[],\"video\":false,\"title\":\"3 religious sisters tell us about the consecrated life\",\"subheading\":\"Aleteia recently spoke with three members of different religious congregations of women to ask them what consecrated life means to them and if they are happy.\",\"author\":\"M\u00f3nica Mu\u00f1oz\",\"author_2\":\"\",\"authors_obj\":[\"ID\":\"763027\",\"link\":\" Mu\u00f1oz\",\"hreflangs\":\"en\":\" Mu\u00f1oz\",\"link\":\"\",\"caption\":\"\",\"alt\":\"CONSECRATED LIFE\",\"link\":\"\/2024\/03\/08\/3-religious-sisters-tell-us-about-the-consecrated-life\/\",\"category_obj\":\"link\":\" Stories\",\"name\":\"Inspiring Stories\",\"slug\":\"inspiring-stories\",\"color\":\"rgba( 211, 65, 51, 1 )\",\"term_id\":423715389,\"category\":\"Inspiring Stories\",\"category_slug\":\"inspiring-stories\",\"category_id\":423715389,\"category_color\":\"#d34133\",\"parent_category\":\"Inspiring Stories\",\"published\":1709899200,\"published_datalayer\":\"2024.03.08\",\"article_modified_date\":\"\",\"article_modified\":false,\"published_formatted\":\"published on 03\/08\/24\",\"tags\":\"Church, Inspiring stories, Nuns, Religious Life\",\"firsttag\":\"Religious Life\",\"tags_items\":[ Shutterstocku003c\/divu003eu003c\/divu003enu003cpu003eIt\u2019s interesting to note that there are u003cstrongu003ehundreds of institutes, orders, and congregations of religious lifeu003c\/strongu003e. Still, their u003cstrongu003eobjective is the sameu003c\/strongu003e: to evangelize according to their own charisms and in different contexts, always with a total dedication to the designs of God.u003c\/pu003en\",{\"simple\":false,\"id\":792827,\"related\":[],\"content\":\"u003cspan class=\"subtitle\"u003eThe film is as lavish looking as any historical drama Hollywood puts out these days and the acting from its international cast is top notch all aroundu003c\/spanu003eu003cpu003eNotwithstanding Mel Gibson, who showed up to u003cemu003ePassion of the Christu003c\/emu003e already world famous, the faith-based film genre is not one that generally produces household names. However, Alejandro G\u00f3mez Monteverde may just end up being the person to change that. After his last effort, 2022\u2019s u003cemu003eu003ca href=\" target=\"_blank\" rel=\"noopener\" title=\"Sound of Freedom\"u003eSound of Freedomu003c\/au003eu003c\/emu003e, shockingly became a number one box office hit, many eyes were on the writer\/director to see what he would come up with next. That follow-up has finally arrived in the form of u003cemu003eCabriniu003c\/emu003e, a biographical tale of St. Frances Xavier Cabrini\u2019s efforts to establish a charitable mission in 1889 New York, and it is surprisingly receiving positive word of mouth from critics who have seen advanced screenings.u003c\/pu003enu003cpu003eWhy surprisingly? Well, because the professional critic class typically loathes Monteverde\u2019s films even as audiences love them. One need only look at the Tomatometer scores of Monteverde\u2019s prior three films for evidence of this. u003cemu003eBellau003c\/emu003e (2006) received 44% approval from critics, while garnering an 81% affirmation from audiences. u003cemu003eLittle Boyu003c\/emu003e (2015) showed an even greater divide, with critics granting a meager 25% favorable rating as opposed to 78% of audiences who enjoyed it. Most inexplicably, only 57% of critics looked kindly on u003cemu003eSound of Freedomu003c\/emu003e, while an overwhelming 99% of audiences extolled its virtues. So, yes, it\u2019s a tad surprising that, at least as of this writing, 75% of professional critics on Rotten Tomatoes have found something good to say about u003cemu003eCabriniu003c\/emu003e.u003c\/pu003enu003cdiv class=\"block-image-copyrigth-wrap\"u003enu003cfigure class=\"wp-block-image size-large\"u003eu003cimg decoding=\"async\" loading=\"lazy\" width=\"2820\" height=\"1586\" src=\" alt=\"Cristiana-DellAnna-portrays-Mother-Cabrini-courtesy-of-Angel-Studios\" class=\"wp-image-792836\" srcset=\" 2820w, ?resize=150,84 150w, ?resize=300,169 300w, ?resize=1024,576 1024w, ?resize=1536,864 1536w, ?resize=2048,1152 2048w, ?resize=620,348 620w, ?resize=1140,641 1140w, ?resize=375,211 375w, ?resize=630,354 630w\" sizes=\"(max-width: 2820px) 100vw, 2820px\" \/u003eu003c\/figureu003enu003cdiv class=\"copyright-text\"u003eu003ca href=\" target=\"_blank\"u003eCourtesy of Angel Studiosu003c\/au003eu003c\/divu003enu003c\/divu003enu003cpu003eReading through reviews, it\u2019s obvious that past opposition to Monteverde\u2019s work has been based mostly on his films\u2019 ideology rather than their obvious quality. u003cemu003eBella u003c\/emu003ewas unabashedly pro-life, while u003cemu003eLittle Boyu003c\/emu003e was a love letter to the power of prayer; two ideas which are typically anathema to mainstream movie journalism. The vitriol towards u003cemu003eSound of Freedomu003c\/emu003e was a bit more baffling as the film\u2019s primary purpose was to bring attention to the scourge of human trafficking, but somehow most critics managed to find the film unsuitable to their politics and lambasted it despite its pro-human rights message. And yet, despite such disdain for Monteverde\u2019s past filmography, most critics so far seem to like u003cemu003eCabriniu003c\/emu003e.u003c\/pu003enu003cdiv class=\"block-image-copyrigth-wrap\"u003enu003cfigure class=\"wp-block-image size-large\"u003eu003cimg decoding=\"async\" loading=\"lazy\" width=\"2537\" height=\"1427\" src=\" alt=\"Cristiana-DellAnna-portrays-Mother-Cabrini-courtesy-of-Angel-Studios\" class=\"wp-image-792838\" srcset=\" 2537w, ?resize=150,84 150w, ?resize=300,169 300w, ?resize=1024,576 1024w, ?resize=1536,864 1536w, ?resize=2048,1152 2048w, ?resize=620,348 620w, ?resize=1140,641 1140w, ?resize=375,211 375w, ?resize=630,354 630w\" sizes=\"(max-width: 2537px) 100vw, 2537px\" \/u003eu003c\/figureu003enu003cdiv class=\"copyright-text\"u003eu003ca href=\" target=\"_blank\"u003eCourtesy of Angel Studiosu003c\/au003eu003c\/divu003enu003c\/divu003enu003cpu003eDoes this mean Monteverde is beginning to cave and make movies more in tune with the mindset of secular critics? Nope, not at all. u003c\/pu003enu003cpu003eu003cemu003eCabriniu003c\/emu003e features as its main character u003ca href=\" target=\"_blank\" rel=\"noopener\" title=\"a nun who never once wavers in her faith\"u003ea nun who never once wavers in her faithu003c\/au003e or questions the teachings of the Church. She believes she has received a mission from God to serve the poor, and she steadfastly pursues that goal with not a single side look given to worldly enticements. She starts the film as a good Christian and remains one as the credits roll. Honestly, you would think that alone would be enough for secular critics to despise this movie. So, why don\u2019t they?u003c\/pu003enu003cdiv id='aleteia-welcome'u003eu003c\/divu003enu003cpu003ePart of the reason is no doubt due to how well-made u003cemu003eCabrini u003c\/emu003eis. The film is as lavish looking as any historical drama Hollywood puts out these days and the acting from its international cast is top notch all around, especially that of Cristiana Dell\u2019Anna, who is more than convincing as the determined saint-to-be. A scattering of familiar faces from filmdom in the likes of John Lithgow, David Morse, and Giancarlo Giannini also lend the film mainstream credibility. u003c\/pu003enu003cdiv class=\"block-image-copyrigth-wrap\"u003enu003cfigure class=\"wp-block-image size-large\"u003eu003cimg decoding=\"async\" loading=\"lazy\" width=\"2820\" height=\"1586\" src=\" alt=\"Cristiana-DellAnna-portrays-Mother-Cabrini-courtesy-of-Angel-Studios\" class=\"wp-image-792841\" srcset=\" 2820w, ?resize=150,84 150w, ?resize=300,169 300w, ?resize=1024,576 1024w, ?resize=1536,864 1536w, ?resize=2048,1152 2048w, ?resize=620,348 620w, ?resize=1140,641 1140w, ?resize=375,211 375w, ?resize=630,354 630w\" sizes=\"(max-width: 2820px) 100vw, 2820px\" \/u003eu003c\/figureu003enu003cdiv class=\"copyright-text\"u003eu003ca href=\" target=\"_blank\"u003eCourtesy of Angel Studiosu003c\/au003eu003c\/divu003enu003c\/divu003enu003cpu003eIt\u2019s more than that, though. What likely appeals most to critics who are usually cold in their reception of Monteverde\u2019s body of work is that there is a bit of a \u201cgirl power\u201d theme that runs throughout the narrative of the film.u0026nbsp;u003c\/pu003enu003cpu003eNot to be alarmed, though. It\u2019s not the type of \u201cgirl power\u201d that is obnoxiously or artificially forced on some movies, but rather one that is simply inherent in the facts of Mother Cabrini\u2019s story. For instance, when the Vatican shows reluctance to allow a simple nun to start a massively expensive overseas mission from scratch, it\u2019s not depicted as some evil anti-female conspiracy (not entirely anyway), but as a realistic acknowledgement that a woman from Italy will have little to no sway in pre-19th Amendment New York where Italian Catholic immigrants are perceived as vermin, or worse. As such, much of the film\u2019s entertainment value comes from watching the good Mother match wits with a reticent Pope and the New York political machine embodied by Lithgow\u2019s Mayor Gould. Despite every possible obstacle, she draws on the power of her faith and forges ahead, oft while repeating her mantra, \u201cBegin the mission, and the means will follow.\u201du0026nbsp;u003c\/pu003enu003cdiv class=\"block-image-copyrigth-wrap\"u003enu003cfigure class=\"wp-block-image size-large\"u003eu003cimg decoding=\"async\" loading=\"lazy\" width=\"5469\" height=\"4099\" src=\" alt=\"SAINT MOTHER CABRINI\" class=\"wp-image-441327\" srcset=\" 5469w, ?resize=150,112 150w, ?resize=300,225 300w, ?resize=1024,767 1024w, ?resize=1536,1151 1536w, ?resize=2048,1535 2048w, ?resize=620,465 620w, ?resize=1140,854 1140w, ?resize=375,281 375w, ?resize=1014,760 1014w, ?resize=630,472 630w\" sizes=\"(max-width: 5469px) 100vw, 5469px\" \/u003eu003cfigcaption class=\"wp-element-caption\"u003eThis is a reproduction of the last known photograph of Mother Cabrini, taken at the ceremonies which marked the opening of Sacred Heart School in Dobbs Ferry, Westchester County, New York, in 1914. This celebration coincided with the  commemoration of the twenty-fifth anniversary of the Missionary Sisters of the Sacred Heartu0026#8217;s arrival in America.  u003c\/figcaptionu003eu003c\/figureu003enu003cdiv class=\"copyright-text\"u003eu003ca href=\" target=\"_blank\"u003eMissionary Sisters of the Sacred Heart of Jesus | Cabrini University Collectionu003c\/au003eu003c\/divu003enu003c\/divu003enu003cpu003eSo, yes, u003cemu003eCabriniu003c\/emu003e is \u201cgirl power,\u201d but with an acknowledgement that such power, when authentic, comes from a higher source. That may not be entirely in line with modern secular thought, but it seems good enough for the critics this time around. Even if it wasn\u2019t, though, those inclined to recognize such truths will find in u003cemu003eCabrini u003c\/emu003eanother winner from Monteverde. Of course, given its religious subject matter, u003cemu003eCabrini u003c\/emu003eis unlikely to duplicate the lightning in a bottle box office success of u003cemu003eSound of Freedomu003c\/emu003e, but its overall quality should be more than enough to convince faith-based film fans that they finally have a superstar director to call their own.u003c\/pu003enu003cpu003eu003cemu003eCabrini u003c\/emu003eopens in theaters on March 8, 2024. Find showtimes u003ca href=\" target=\"_blank\" rel=\"noopener\" title=\"here\"u003ehereu003c\/au003e.u003c\/pu003entu003cdiv data-category=\"Art u0026amp; Culture\" data-category-english=\"culture\" class=\"wp-block-aleteia-read-also read-also\"u003enttu003cfigureu003entttu003cimgnttttsrc=\" Bocelli and daughter, Virginia, sing for u0026quot;Cabriniu0026quot; movie\"nttttloading=\"lazy\" \/u003enttu003c\/figureu003enttu003cdiv class=\"read-also-inner\"u003entttu003cemu003eRead more:u003c\/emu003eu003ca href=\" Bocelli and daughter Virginia sing for Cabrini filmu003c\/au003enttu003c\/divu003entu003c\/divu003etu003cdiv data-category=\"Spirituality\" data-category-english=\"spirituality\" class=\"wp-block-aleteia-read-also read-also\"u003enttu003cfigureu003entttu003cimgnttttsrc=\" Cabrini\"nttttloading=\"lazy\" \/u003enttu003c\/figureu003enttu003cdiv class=\"read-also-inner\"u003entttu003cemu003eRead more:u003c\/emu003eu003ca href=\" the Eucharist fueled St. Frances Cabriniu0026#8217;s missionary heartu003c\/au003enttu003c\/divu003entu003c\/divu003e\",\"rawcontent\":\"u003c!-- wp:aleteia\/subtitle \/--u003ennu003c!-- wp:paragraph --u003enu003cpu003eNotwithstanding Mel Gibson, who showed up to u003cemu003ePassion of the Christu003c\/emu003e already world famous, the faith-based film genre is not one that generally produces household names. However, Alejandro G\u00f3mez Monteverde may just end up being the person to change that. After his last effort, 2022\u2019s u003cemu003eu003ca href=\" target=\"_blank\" rel=\"noopener\" title=\"Sound of Freedom\"u003eSound of Freedomu003c\/au003eu003c\/emu003e, shockingly became a number one box office hit, many eyes were on the writer\/director to see what he would come up with next. That follow-up has finally arrived in the form of u003cemu003eCabriniu003c\/emu003e, a biographical tale of St. Frances Xavier Cabrini\u2019s efforts to establish a charitable mission in 1889 New York, and it is surprisingly receiving positive word of mouth from critics who have seen advanced screenings.u003c\/pu003enu003c!-- \/wp:paragraph --u003ennu003c!-- wp:paragraph --u003enu003cpu003eWhy surprisingly? Well, because the professional critic class typically loathes Monteverde\u2019s films even as audiences love them. One need only look at the Tomatometer scores of Monteverde\u2019s prior three films for evidence of this. u003cemu003eBellau003c\/emu003e (2006) received 44% approval from critics, while garnering an 81% affirmation from audiences. u003cemu003eLittle Boyu003c\/emu003e (2015) showed an even greater divide, with critics granting a meager 25% favorable rating as opposed to 78% of audiences who enjoyed it. Most inexplicably, only 57% of critics looked kindly on u003cemu003eSound of Freedomu003c\/emu003e, while an overwhelming 99% of audiences extolled its virtues. So, yes, it\u2019s a tad surprising that, at least as of this writing, 75% of professional critics on Rotten Tomatoes have found something good to say about u003cemu003eCabriniu003c\/emu003e.u003c\/pu003enu003c!-- \/wp:paragraph --u003ennu003c!-- wp:image \"id\":792836,\"sizeSlug\":\"large\",\"linkDestination\":\"none\" --u003enu003cfigure class=\"wp-block-image size-large\"u003eu003cimg src=\" alt=\"Cristiana-DellAnna-portrays-Mother-Cabrini-courtesy-of-Angel-Studios\" class=\"wp-image-792836\" \/u003eu003c\/figureu003enu003c!-- \/wp:image --u003ennu003c!-- wp:paragraph --u003enu003cpu003eReading through reviews, it\u2019s obvious that past opposition to Monteverde\u2019s work has been based mostly on his films\u2019 ideology rather than their obvious quality. u003cemu003eBella u003c\/emu003ewas unabashedly pro-life, while u003cemu003eLittle Boyu003c\/emu003e was a love letter to the power of prayer; two ideas which are typically anathema to mainstream movie journalism. The vitriol towards u003cemu003eSound of Freedomu003c\/emu003e was a bit more baffling as the film\u2019s primary purpose was to bring attention to the scourge of human trafficking, but somehow most critics managed to find the film unsuitable to their politics and lambasted it despite its pro-human rights message. And yet, despite such disdain for Monteverde\u2019s past filmography, most critics so far seem to like u003cemu003eCabriniu003c\/emu003e.u003c\/pu003enu003c!-- \/wp:paragraph --u003ennu003c!-- wp:image \"id\":792838,\"sizeSlug\":\"large\",\"linkDestination\":\"none\" --u003enu003cfigure class=\"wp-block-image size-large\"u003eu003cimg src=\" alt=\"Cristiana-DellAnna-portrays-Mother-Cabrini-courtesy-of-Angel-Studios\" class=\"wp-image-792838\" \/u003eu003c\/figureu003enu003c!-- \/wp:image --u003ennu003c!-- wp:paragraph --u003enu003cpu003eDoes this mean Monteverde is beginning to cave and make movies more in tune with the mindset of secular critics? Nope, not at all. u003c\/pu003enu003c!-- \/wp:paragraph --u003ennu003c!-- wp:paragraph --u003enu003cpu003eu003cemu003eCabriniu003c\/emu003e features as its main character u003ca href=\" target=\"_blank\" rel=\"noopener\" title=\"a nun who never once wavers in her faith\"u003ea nun who never once wavers in her faithu003c\/au003e or questions the teachings of the Church. She believes she has received a mission from God to serve the poor, and she steadfastly pursues that goal with not a single side look given to worldly enticements. She starts the film as a good Christian and remains one as the credits roll. Honestly, you would think that alone would be enough for secular critics to despise this movie. So, why don\u2019t they?u003c\/pu003enu003c!-- \/wp:paragraph --u003ennu003c!-- wp:paragraph --u003enu003cpu003ePart of the reason is no doubt due to how well-made u003cemu003eCabrini u003c\/emu003eis. The film is as lavish looking as any historical drama Hollywood puts out these days and the acting from its international cast is top notch all around, especially that of Cristiana Dell\u2019Anna, who is more than convincing as the determined saint-to-be. A scattering of familiar faces from filmdom in the likes of John Lithgow, David Morse, and Giancarlo Giannini also lend the film mainstream credibility. u003c\/pu003enu003c!-- \/wp:paragraph --u003ennu003c!-- wp:image \"id\":792841,\"sizeSlug\":\"large\",\"linkDestination\":\"none\" --u003enu003cfigure class=\"wp-block-image size-large\"u003eu003cimg src=\" alt=\"Cristiana-DellAnna-portrays-Mother-Cabrini-courtesy-of-Angel-Studios\" class=\"wp-image-792841\" \/u003eu003c\/figureu003enu003c!-- \/wp:image --u003ennu003c!-- wp:paragraph --u003enu003cpu003eIt\u2019s more than that, though. What likely appeals most to critics who are usually cold in their reception of Monteverde\u2019s body of work is that there is a bit of a \u201cgirl power\u201d theme that runs throughout the narrative of the film.u0026nbsp;u003c\/pu003enu003c!-- \/wp:paragraph --u003ennu003c!-- wp:paragraph --u003enu003cpu003eNot to be alarmed, though. It\u2019s not the type of \u201cgirl power\u201d that is obnoxiously or artificially forced on some movies, but rather one that is simply inherent in the facts of Mother Cabrini\u2019s story. For instance, when the Vatican shows reluctance to allow a simple nun to start a massively expensive overseas mission from scratch, it\u2019s not depicted as some evil anti-female conspiracy (not entirely anyway), but as a realistic acknowledgement that a woman from Italy will have little to no sway in pre-19th Amendment New York where Italian Catholic immigrants are perceived as vermin, or worse. As such, much of the film\u2019s entertainment value comes from watching the good Mother match wits with a reticent Pope and the New York political machine embodied by Lithgow\u2019s Mayor Gould. Despite every possible obstacle, she draws on the power of her faith and forges ahead, oft while repeating her mantra, \u201cBegin the mission, and the means will follow.\u201du0026nbsp;u003c\/pu003enu003c!-- \/wp:paragraph --u003ennu003c!-- wp:image \"id\":441327,\"sizeSlug\":\"large\",\"linkDestination\":\"none\" --u003enu003cfigure class=\"wp-block-image size-large\"u003eu003cimg src=\" alt=\"SAINT MOTHER CABRINI\" class=\"wp-image-441327\" \/u003eu003cfigcaption class=\"wp-element-caption\"u003eThis is a reproduction of the last known photograph of Mother Cabrini, taken at the ceremonies which marked the opening of Sacred Heart School in Dobbs Ferry, Westchester County, New York, in 1914. This celebration coincided with the  commemoration of the twenty-fifth anniversary of the Missionary Sisters of the Sacred Heart's arrival in America.  u003c\/figcaptionu003eu003c\/figureu003enu003c!-- \/wp:image --u003ennu003c!-- wp:paragraph --u003enu003cpu003eSo, yes, u003cemu003eCabriniu003c\/emu003e is \u201cgirl power,\u201d but with an acknowledgement that such power, when authentic, comes from a higher source. That may not be entirely in line with modern secular thought, but it seems good enough for the critics this time around. Even if it wasn\u2019t, though, those inclined to recognize such truths will find in u003cemu003eCabrini u003c\/emu003eanother winner from Monteverde. Of course, given its religious subject matter, u003cemu003eCabrini u003c\/emu003eis unlikely to duplicate the lightning in a bottle box office success of u003cemu003eSound of Freedomu003c\/emu003e, but its overall quality should be more than enough to convince faith-based film fans that they finally have a superstar director to call their own.u003c\/pu003enu003c!-- \/wp:paragraph --u003ennu003c!-- wp:paragraph --u003enu003cpu003eu003cemu003eCabrini u003c\/emu003eopens in theaters on March 8, 2024. Find showtimes u003ca href=\" target=\"_blank\" rel=\"noopener\" title=\"here\"u003ehereu003c\/au003e.u003c\/pu003enu003c!-- \/wp:paragraph --u003ennu003c!-- wp:paragraph --u003enu003cpu003eu003c\/pu003enu003c!-- \/wp:paragraph --u003ennu003c!-- wp:aleteia\/read-also {\"link\":\" Bocelli and daughter Virginia sing for Cabrini film\",\"image\":\" --u003enu003cdiv class=\"read-also\"u003eu003ca href=\" Bocelli and daughter Virginia sing for Cabrini filmu003c\/au003eu003c\/divu003enu003c!-- \/wp:aleteia\/read-also --u003ennu003c!-- wp:aleteia\/read-also \"link\":\" the Eucharist fueled St. Frances Cabrini\\u0026#8217;s missionary heart\",\"image\":\" --u003enu003cdiv class=\"read-also\"u003eu003ca href=\" the Eucharist fueled St. Frances Cabriniu0026#8217;s missionary heartu003c\/au003eu003c\/divu003enu003c!-- \/wp:aleteia\/read-also --u003e\",\"pages\":1,\"language\":\"en\",\"galleries\":[],\"video\":false,\"title\":\"Our review of \u201cCabrini,\u201d and why even secular critics seem to like it\",\"subheading\":\"The film is as lavish looking as any historical drama Hollywood puts out these days and the acting from its international cast is top notch all around\",\"author\":\"David Ives\",\"author_2\":\"\",\"authors_obj\":[\"ID\":\"346\",\"link\":\" a world he didnu0026#39;t create, in a time he didnu0026#39;t choose, one man looks for signs of God in the world by... watching movies. When heu0026#39;s not reviewing new releases for Aleteia, David Ives spends his time exploring the intersection of low-budget\/cult cinema and Catholicism at The B-Movie Catechism.\",\"twitter\":\"\",\"facebook\":\"\",\"subtitle\":\"\",\"title_guest_author\":\"\",\"thumb\":\" Ives\",\"hreflangs\":\"en\":\" of Angel Studios\",\"link\":\"https:\/\/app.iconik.io\/share\/collections\/d2879a5e-b0b6-11ee-96f2-b6fb8fa581fd\/?object_type=collectionsu0026object_id=d2879a5e-b0b6-11ee-96f2-b6fb8fa581fdu0026hash=eyJ0eXAiOiJKV1QiLCJhbGciOiJIUzI1NiJ9.eyJzaGFyZV9pZCI6IjQ2YjBjNDg0LWIwYmYtMTFlZS1iZmQ0LTVhMjc0NDM3NWE2ZiIsInNoYXJlX3VzZXJfaWQiOiI0NmI0NmYwOC1iMGJmLTExZWUtYmZkNC01YTI3NDQzNzVhNmYiLCJleHAiOjE4NjI2ODQ2MDZ9.EYSPjsCzqXXwMZyaF115XxM2SvCUjBxT9SlZPtlclRg\",\"caption\":\"\",\"alt\":\"Cristiana-DellAnna-portrays-Mother-Cabrini-courtesy-of-Angel-Studios\",\"link\":\"\/2024\/03\/03\/our-review-of-cabrini-and-why-even-secular-critics-seem-to-like-it\/\",\"category_obj\":\"link\":\" u0026 Culture\",\"name\":\"Art u0026 Culture\",\"slug\":\"art-culture\",\"color\":\"rgba( 183, 37, 94, 1 )\",\"term_id\":423715388,\"category\":\"Art u0026 Culture\",\"category_slug\":\"art-culture\",\"category_id\":423715388,\"category_color\":\"#b7255e\",\"parent_category\":\"Art u0026 Culture\",\"published\":1709453505,\"published_datalayer\":\"2024.03.03\",\"article_modified_date\":\"\",\"article_modified\":false,\"published_formatted\":\"published on 03\/03\/24\",\"tags\":\"Immigration, Movies, Saints, Women\",\"firsttag\":\"Women\",\"tags_items\":[\"term_id\":4363,\"name\":\"Immigration\",\"link\":\" Department\",\"settings\":\"disable_slideshow_cta\":\"\",\"template_customizations\":\"\",\"post_appearance_setting\":\"no_drop_caps\":false,\"hide_from_tops\":false,\"hide_date\":false,\"hide_post\":false,\"hide_post_in_newsletter\":false,\"ads_disabled\":false,\"inread_ads_disabled\":false,\"custom_inread_position_enabled\":false,\"custom_inread_position\":\"2\",\"test_pixel_enabled\":false,\"test_pixel_position\":\"\",\"exclude_banner_article\":false,\"div_moneytags_position\":\"\",\"original_article\":\"is_original\":\"1\",\"url\":\"\",\"edition\":\"en\",\"gtm\":\"page_type\":\"\",\"page_type_2\":\"\",\"category_name\":\"culture\",\"article_subcategory\":\"Art u0026 Culture\",\"article_type\":\"article\",\"cd\":\"dimension1\":\"David Ives\",\"dimension2\":\"Art u0026 Culture\",\"dimension3\":\"1709453505\",\"dimension4\":\"en\",\"dimension5\":\"\",\"dimension6\":\"article\",\"dimension7\":\"2024.03.03\",\"dimension8\":\"Immigration, Movies, Saints, Women\",\"dimension9\":\"The film is as lavish looking as any historical drama Hollywood puts out these days and the acting from its international cast is top notch all around\",\"dimension10\":\"792827\",\"dimension11\":\"Immigration\",\"dimension12\":\"web\",\"dimension13\":\"\",\"dimension17\":\"Infotainment Department\",\"dimension14\":\"Art u0026 Culture\",\"photo_of_the_day\":false,\"daily_wisdom\":false,\"word_count\":1397,\"shortcodes\":[],\"sponsoredSettings\":,\"isSponsored\":false,\"custom_skin_settings\":\"slot\":\"custom-skin\",\"library\":\"theme.Skin\",\"skin_default_article\":\"1\",\"hide_from_layout_endpoint\":\"1\",\"props\":\"id\":\"custom-skid-ad\",\"unit\":\"64500793\/EN_DESK_ARTICLE_SKIN_1x1\",\"collapse_empty_divs\":false,\"premium_ads\":false,\"bids\":\"\",\"nexxx360_id\":\"\",\"size\":[],\"adjacent_posts\":\"next_post\":\"link\":\" Article \",\"prev_post\":\"link\":\" Article \",\"close_comments\":false,\"premium_content\":\"\",\"trunked_content\":\"u003ch2 class=\"subtitle\"u003eThe film is as lavish looking as any historical drama Hollywood puts out these days and the acting from its international cast is top notch all aroundu003c\/h2u003enu003cpu003eNotwithstanding Mel Gibson, who showed up to u003cemu003ePassion of the Christu003c\/emu003e already world famous, the faith-based film genre is not one that generally produces household names. However, Alejandro G\u00f3mez Monteverde may just end up being the person to change that. After his last effort, 2022\u2019s u003cemu003eu003ca href=\" target=\"_blank\" rel=\"noopener\" title=\"Sound of Freedom\"u003eSound of Freedomu003c\/au003eu003c\/emu003e, shockingly became a number one box office hit, many eyes were on the writer\/director to see what he would come up with next. That follow-up has finally arrived in the form of u003cemu003eCabriniu003c\/emu003e, a biographical tale of St. Frances Xavier Cabrini\u2019s efforts to establish a charitable mission in 1889 New York, and it is surprisingly receiving positive word of mouth from critics who have seen advanced screenings.u003c\/pu003ennu003cpu003eWhy surprisingly? Well, because the professional critic class typically loathes Monteverde\u2019s films even as audiences love them. One need only look at the Tomatometer scores of Monteverde\u2019s prior three films for evidence of this. u003cemu003eBellau003c\/emu003e (2006) received 44% approval from critics, while garnering an 81% affirmation from audiences. u003cemu003eLittle Boyu003c\/emu003e (2015) showed an even greater divide, with critics granting a meager 25% favorable rating as opposed to 78% of audiences who enjoyed it. Most inexplicably, only 57% of critics looked kindly on u003cemu003eSound of Freedomu003c\/emu003e, while an overwhelming 99% of audiences extolled its virtues. So, yes, it\u2019s a tad surprising that, at least as of this writing, 75% of professional critics on Rotten Tomatoes have found something good to say about u003cemu003eCabriniu003c\/emu003e.u003c\/pu003en\"],\"items2\":[],\"top_articles_page\":\" 10\",\"readmorelink\":\"\/top-articles\/\",\"see_more_disabled\":false,\"most_shared_disabled\":true,\"seemore\":\"See More\"},\"type\":\"newsletter-subscription-form\",\"data\":\"title\":\"Newsletter\",\"payoff\":\"Get u003cstrongu003eAleteiau003c\/strongu003e delivered to your inbox. Subscribe here.\",\"required_field\":\"Required field\",\"placeholder\":\"Your email\",\"email_not_valid\":\"Email not valid\",\"submit\":\"Go\",\"partners\":\"Yes, I would like to receive information from Aleteia partners\",\"success\":\"Thank you! Your submission has been received!\"]},\"patronbox\":\"type\":\"patron\",\"settings\":\"enabled\":\"1\",\"title\":\"Support Aleteia!\",\"video\":\"\",\"text\":\"u003cpu003eu003cstrongu003eEnjoying your time on Aleteia?u003c\/strongu003eu003c\/pu003enu003cpu003eArticles like these are sponsored free for every Catholic through u003cstrongu003ethe support of generous readersu003c\/strongu003e just like you.u003c\/pu003enu003cpu003eThanks to their partnership in our mission, we reach\u00a0more than u003cstrongu003eu003cemu003e20 million unique usersu003c\/emu003eu003c\/strongu003e per month!u003c\/pu003enu003cpu003eHelp us continue to bring the Gospel to people everywhere through uplifting and transformative Catholic news, stories, spirituality, and more.u003c\/pu003enu003cpu003eu003cstrongu003eSupport Aleteia with a gift today!u003c\/strongu003eu003c\/pu003en\",\"cta_text\":\"Donate now!\",\"note_cta_text\":\"\",\"cta_link\":\"https:\/\/aleteia.org\/support-aleteia\/\",\"geolinks\":[],\"show_cta_on_play\":false,\"show_subtitles\":false,\"background_bg_color\":\"#f2eae1\",\"text_bg_color\":\"#dd3333\",\"cta_bg_color\":\"\",\"cta_txt_color\":\"\",\"cta_img\":\"https:\/\/wp.en.aleteia.org\/wp-content\/themes\/aleteia-2017\/assets\/images\/page-patron\/credit-card-2.png\",\"ap_item_name\":\"donation\",\"ap_promotion_name\":\"support_aleteia_patron\",\"cd_query_string\":\"cd1=Kathleen%20N.%20Hattrupu0026cd14=Church\",\"hasRightColumn\":true,\"hasGallery\":false,\"hasSlideshow\":false,\"hasVideo\":false,\"postPage\":1}},\"category\":,\"tag\":,\"post\":{\"793900\":{\"id\":793900,\"type\":\"post\",\"link\":\"\/2024\/03\/11\/women-must-have-support-to-welcome-gift-of-life-pope\/\",\"yoast_head\":\"tu003clink rel=\"apple-touch-icon\" sizes=\"57x57\" href=\" rel=\"apple-touch-icon\" sizes=\"60x60\" href=\" rel=\"apple-touch-icon\" sizes=\"72x72\" href=\" rel=\"apple-touch-icon\" sizes=\"76x76\" href=\" rel=\"apple-touch-icon\" sizes=\"114x114\" href=\" rel=\"apple-touch-icon\" sizes=\"120x120\" href=\" rel=\"apple-touch-icon\" sizes=\"144x144\" href=\" rel=\"apple-touch-icon\" sizes=\"152x152\" href=\" rel=\"apple-touch-icon\" sizes=\"180x180\" href=\" rel=\"icon\" type=\"image\/png\" href=\" sizes=\"32x32\"u003entu003clink rel=\"icon\" type=\"image\/png\" href=\" sizes=\"192x192\"u003entu003clink rel=\"icon\" type=\"image\/png\" href=\" sizes=\"16x16\"u003entu003clink rel=\"mask-icon\" href=\" color=\"#5bbad5\"u003entu003cmeta name=\"msapplication-TileColor\" content=\"#da532c\"u003entu003cmeta name=\"msapplication-TileImage\" content=\" name=\"theme-color\" content=\"#ffffff\"u003e';ntttu003c!-- Facebook Pixel Code --u003enttu003cscriptu003en            window.addEventListener('load', function () n                !function (f, b, e, v, n, t, s) n                    if (f.fbq) return;n                    n = f.fbq = function () n                        n.callMethod ?n                            n.callMethod.apply(n, arguments) : n.queue.push(arguments)n                    ;n                    if (!f._fbq) f._fbq = n;n                    n.push = n;n                    n.loaded = !0;n                    n.version = '2.0';n                    n.queue = [];n                    t = b.createElement(e);n                    t.defer = true;n                    t.src = v;n                    s = b.getElementsByTagName(e)[0];n                    s.parentNode.insertBefore(t, s)n                (window, document, 'script',n                    'n                fbq('init', '1064056854112873');n                fbq('track', 'PageView');n            );nttu003c\/scriptu003enttu003c!-- End Facebook Pixel Code --u003enttu003cscript src=\" All in One SEO Pro 4.4.1 - aioseo.com --u003enttu003cmeta name=\"description\" content=\"Social and political institutions have the fundamental duty to protect and promote the dignity of every human being, says Pope Francis.\" \/u003enttu003cmeta name=\"robots\" content=\"max-image-preview:large\" \/u003enttu003clink rel=\"canonical\" href=\" \/u003enttu003cmeta name=\"generator\" content=\"All in One SEO Pro (AIOSEO) 4.4.1\" \/u003enttu003cmeta property=\"og:locale\" content=\"en_US\" \/u003enttu003cmeta property=\"og:site_name\" content=\"Aleteia \u2014 Catholic Spirituality, Lifestyle, World News, and Culture\" \/u003enttu003cmeta property=\"og:type\" content=\"article\" \/u003enttu003cmeta property=\"og:title\" content=\"Women must have support to welcome gift of life: Pope\" \/u003enttu003cmeta property=\"og:description\" content=\"Social and political institutions have the fundamental duty to protect and promote the dignity of every human being, says Pope Francis.\" \/u003enttu003cmeta property=\"og:url\" content=\" \/u003enttu003cmeta property=\"og:image\" content=\" \/u003enttu003cmeta property=\"og:image:secure_url\" content=\" \/u003enttu003cmeta property=\"og:image:width\" content=\"620\" \/u003enttu003cmeta property=\"og:image:height\" content=\"310\" \/u003enttu003cmeta property=\"article:tag\" content=\"abortion\" \/u003enttu003cmeta property=\"article:tag\" content=\"pope francis\" \/u003enttu003cmeta property=\"article:tag\" content=\"women\" \/u003enttu003cmeta property=\"article:published_time\" content=\"2024-03-11T09:49:18+00:00\" \/u003enttu003cmeta property=\"article:modified_time\" content=\"2024-03-11T09:49:20+00:00\" \/u003enttu003cmeta property=\"article:publisher\" content=\" \/u003enttu003cmeta name=\"twitter:card\" content=\"summary_large_image\" \/u003enttu003cmeta name=\"twitter:site\" content=\"@AleteiaEN\" \/u003enttu003cmeta name=\"twitter:title\" content=\"Women must have support to welcome gift of life: Pope\" \/u003enttu003cmeta name=\"twitter:description\" content=\"Social and political institutions have the fundamental duty to protect and promote the dignity of every human being, says Pope Francis.\" \/u003enttu003cmeta name=\"twitter:creator\" content=\"@AleteiaEN\" \/u003enttu003cmeta name=\"twitter:image\" content=\" \/u003enttu003cmeta name=\"twitter:label1\" content=\"Written by\" \/u003enttu003cmeta name=\"twitter:data1\" content=\"kathleenaleteia\" \/u003enttu003cmeta name=\"twitter:label2\" content=\"Est. reading time\" \/u003enttu003cmeta name=\"twitter:data2\" content=\"1 minute\" \/u003enttu003cscript type=\"application\/ld+json\" class=\"aioseo-schema\"u003enttt\"@context\":\"https:\\\/\\\/schema.org\",\"@graph\":[\"@type\":\"BreadcrumbList\",\"@id\":\"https:\\\/\\\/aleteia.org\\\/2024\\\/03\\\/11\\\/women-must-have-support-to-welcome-gift-of-life-pope\\\/#breadcrumblist\",\"itemListElement\":[\"@type\":\"ListItem\",\"@id\":\"https:\\\/\\\/aleteia.org\\\/#listItem\",\"position\":1,\"item\":\"@type\":\"WebPage\",\"@id\":\"https:\\\/\\\/aleteia.org\\\/\",\"name\":\"Home\",\"description\":\"Aleteia is a worldwide network providing daily content designed to inspire readers in their daily life.\",\"url\":\"https:\\\/\\\/aleteia.org\\\/\",\"nextItem\":\"https:\\\/\\\/aleteia.org\\\/2024\\\/#listItem\",\"@type\":\"ListItem\",\"@id\":\"https:\\\/\\\/aleteia.org\\\/2024\\\/#listItem\",\"position\":2,\"item\":\"@type\":\"WebPage\",\"@id\":\"https:\\\/\\\/aleteia.org\\\/2024\\\/\",\"name\":\"2024\",\"url\":\"https:\\\/\\\/aleteia.org\\\/2024\\\/\",\"nextItem\":\"https:\\\/\\\/aleteia.org\\\/2024\\\/03\\\/#listItem\",\"previousItem\":\"https:\\\/\\\/aleteia.org\\\/#listItem\",\"@type\":\"ListItem\",\"@id\":\"https:\\\/\\\/aleteia.org\\\/2024\\\/03\\\/#listItem\",\"position\":3,\"item\":\"@type\":\"WebPage\",\"@id\":\"https:\\\/\\\/aleteia.org\\\/2024\\\/03\\\/\",\"name\":\"March\",\"url\":\"https:\\\/\\\/aleteia.org\\\/2024\\\/03\\\/\",\"nextItem\":\"https:\\\/\\\/aleteia.org\\\/2024\\\/03\\\/11\\\/#listItem\",\"previousItem\":\"https:\\\/\\\/aleteia.org\\\/2024\\\/#listItem\",\"@type\":\"ListItem\",\"@id\":\"https:\\\/\\\/aleteia.org\\\/2024\\\/03\\\/11\\\/#listItem\",\"position\":4,\"item\":\"@type\":\"WebPage\",\"@id\":\"https:\\\/\\\/aleteia.org\\\/2024\\\/03\\\/11\\\/\",\"name\":\"11\",\"url\":\"https:\\\/\\\/aleteia.org\\\/2024\\\/03\\\/11\\\/\",\"nextItem\":\"https:\\\/\\\/aleteia.org\\\/2024\\\/03\\\/11\\\/women-must-have-support-to-welcome-gift-of-life-pope\\\/#listItem\",\"previousItem\":\"https:\\\/\\\/aleteia.org\\\/2024\\\/03\\\/#listItem\",\"@type\":\"ListItem\",\"@id\":\"https:\\\/\\\/aleteia.org\\\/2024\\\/03\\\/11\\\/women-must-have-support-to-welcome-gift-of-life-pope\\\/#listItem\",\"position\":5,\"item\":\"@type\":\"WebPage\",\"@id\":\"https:\\\/\\\/aleteia.org\\\/2024\\\/03\\\/11\\\/women-must-have-support-to-welcome-gift-of-life-pope\\\/\",\"name\":\"Women must have support to welcome gift of life: Pope\",\"description\":\"Social and political institutions have the fundamental duty to protect and promote the dignity of every human being, says Pope Francis.\",\"url\":\"https:\\\/\\\/aleteia.org\\\/2024\\\/03\\\/11\\\/women-must-have-support-to-welcome-gift-of-life-pope\\\/\",\"previousItem\":\"https:\\\/\\\/aleteia.org\\\/2024\\\/03\\\/11\\\/#listItem\"],\"@type\":\"NewsArticle\",\"@id\":\"https:\\\/\\\/aleteia.org\\\/2024\\\/03\\\/11\\\/women-must-have-support-to-welcome-gift-of-life-pope\\\/#newsarticle\",\"name\":\"Women must have support to welcome gift of life: Pope\",\"headline\":\"Women must have support to welcome gift of life: Pope\",\"author\":\"@id\":\"https:\\\/\\\/aleteia.org\\\/author\\\/kathleentestaleteia\\\/#author\",\"publisher\":\"@id\":\"https:\\\/\\\/aleteia.org\\\/#organization\",\"image\":\"@type\":\"ImageObject\",\"url\":\"https:\\\/\\\/wp.en.aleteia.org\\\/wp-content\\\/uploads\\\/sites\\\/2\\\/2023\\\/12\\\/Pope-Francis-Audience-December-27-2023-Antoine-Mekary-ALETEIA-AM_3877.jpg\",\"width\":3000,\"height\":1997,\"caption\":\"Pope Francis during his weekly general audience in Paul VI Hall\",\"datePublished\":\"2024-03-11T09:49:18-04:00\",\"dateModified\":\"2024-03-11T09:49:20-04:00\",\"inLanguage\":\"en-US\",\"mainEntityOfPage\":\"@id\":\"https:\\\/\\\/aleteia.org\\\/2024\\\/03\\\/11\\\/women-must-have-support-to-welcome-gift-of-life-pope\\\/#webpage\",\"isPartOf\":\"@id\":\"https:\\\/\\\/aleteia.org\\\/2024\\\/03\\\/11\\\/women-must-have-support-to-welcome-gift-of-life-pope\\\/#webpage\",\"articleSection\":\"Church, Abortion, Pope Francis, Women, OneTimer, Religion, Pope (Pope\\\/Vatican\\\/Church), +, kathleen-hattrup\",\"dateline\":\"Published on March 11, 2024.\",\"@type\":\"Organization\",\"@id\":\"https:\\\/\\\/aleteia.org\\\/#organization\",\"name\":\"Aleteia\",\"url\":\"https:\\\/\\\/aleteia.org\\\/\",\"logo\":\"@type\":\"ImageObject\",\"url\":\"https:\\\/\\\/aleteia.org\\\/wp-content\\\/uploads\\\/sites\\\/2\\\/2020\\\/09\\\/a-logo-webnotications-1.png\",\"@id\":\"https:\\\/\\\/aleteia.org\\\/#organizationLogo\",\"image\":\"@id\":\"https:\\\/\\\/aleteia.org\\\/#organizationLogo\",\"sameAs\":[\"https:\\\/\\\/www.facebook.com\\\/AleteiaEn\\\/\",\"https:\\\/\\\/twitter.com\\\/AleteiaEN\",\"https:\\\/\\\/www.instagram.com\\\/aleteia_en\",\"https:\\\/\\\/www.youtube.com\\\/aleteiaen\"],\"@type\":\"Person\",\"@id\":\"https:\\\/\\\/aleteia.org\\\/author\\\/kathleentestaleteia\\\/#author\",\"url\":\"https:\\\/\\\/aleteia.org\\\/author\\\/kathleentestaleteia\\\/\",\"name\":\"kathleenaleteia\",\"@type\":\"WebPage\",\"@id\":\"https:\\\/\\\/aleteia.org\\\/2024\\\/03\\\/11\\\/women-must-have-support-to-welcome-gift-of-life-pope\\\/#webpage\",\"url\":\"https:\\\/\\\/aleteia.org\\\/2024\\\/03\\\/11\\\/women-must-have-support-to-welcome-gift-of-life-pope\\\/\",\"name\":\"Women must have support to welcome gift of life: Pope\",\"description\":\"Social and political institutions have the fundamental duty to protect and promote the dignity of every human being, says Pope Francis.\",\"inLanguage\":\"en-US\",\"isPartOf\":\"@id\":\"https:\\\/\\\/aleteia.org\\\/#website\",\"breadcrumb\":\"@id\":\"https:\\\/\\\/aleteia.org\\\/2024\\\/03\\\/11\\\/women-must-have-support-to-welcome-gift-of-life-pope\\\/#breadcrumblist\",\"author\":\"@id\":\"https:\\\/\\\/aleteia.org\\\/author\\\/kathleentestaleteia\\\/#author\",\"creator\":\"@id\":\"https:\\\/\\\/aleteia.org\\\/author\\\/kathleentestaleteia\\\/#author\",\"image\":\"@type\":\"ImageObject\",\"url\":\"https:\\\/\\\/wp.en.aleteia.org\\\/wp-content\\\/uploads\\\/sites\\\/2\\\/2023\\\/12\\\/Pope-Francis-Audience-December-27-2023-Antoine-Mekary-ALETEIA-AM_3877.jpg\",\"@id\":\"https:\\\/\\\/aleteia.org\\\/#mainImage\",\"width\":3000,\"height\":1997,\"caption\":\"Pope Francis during his weekly general audience in Paul VI Hall\",\"primaryImageOfPage\":\"@id\":\"https:\\\/\\\/aleteia.org\\\/2024\\\/03\\\/11\\\/women-must-have-support-to-welcome-gift-of-life-pope\\\/#mainImage\",\"datePublished\":\"2024-03-11T09:49:18-04:00\",\"dateModified\":\"2024-03-11T09:49:20-04:00\",\"@type\":\"WebSite\",\"@id\":\"https:\\\/\\\/aleteia.org\\\/#website\",\"url\":\"https:\\\/\\\/aleteia.org\\\/\",\"name\":\"Aleteia \\u2014 Catholic Spirituality, Lifestyle, World News, and Culture\",\"description\":\"Aleteia is a worldwide network providing daily content designed to inspire readers in their daily life.\",\"inLanguage\":\"en-US\",\"publisher\":\"@id\":\"https:\\\/\\\/aleteia.org\\\/#organization\"]nttu003c\/scriptu003enttu003c!-- All in One SEO Pro --u003ernttu003ctitleu003eWomen must have support to welcome gift of life: Popeu003c\/titleu003enn\"}},\"page\":,\"author\":,\"attachment\":,\"type\":,\"taxonomy\":,\"subdirectory\":\"\",\"homepage\":\"\",\"postsPage\":\"\",\"categoryBase\":\"\",\"tagBase\":\"\",\"authorBase\":\"\",\"postEndpoint\":\"posts\",\"params\":,\"postTypes\":[],\"taxonomies\":[],\"redirections\":\"404\",\"api\":\"https:\/\/wp.en.aleteia.org\/wp-json\/\",\"top_ribbon_height\":0,\"header\":\"menu\":[\"type\":\"category\",\"title\":\"News\",\"id\":423715164,\"link\":\"https:\/\/aleteia.org\/category\/news\/\",\",\"socials\":\"fb_link\":\"https:\/\/www.facebook.com\/AleteiaEn\/\",\"tw_link\":\"https:\/\/twitter.com\/aleteiaen\",\"ig_link\":\"https:\/\/www.instagram.com\/aleteia_en\/\",\"saint_enabled\":true,\"prayer\":\"post_id\":791808,\"contents\":[\"title\":\"Prayer for this morning\",\"raw_id\":2001119,\"is_morning_prayer\":\"1\",\"title\":\"Daily meditation\",\"raw_id\":2001121,\"is_daily_meditation\":\"1\",\"title\":\"Prayer for this evening\",\"raw_id\":2001122,\"is_evening_prayer\":\"1\"],\"saint\":\"Saint of the Day: St. Pal Prennushi\",\"saint_info\":\"Franciscan priest martyred in Albania\",\"saint_bio\":\"u003cpu003eu0026nbsp;u003c\/pu003enu003cpu003eFranciscan Priest and Martyr (1881-1948)u003c\/pu003enu003cpu003eu003cstrongu003eHis lifeu003c\/strongu003eu003c\/pu003enu003cpu003e+ Mati was born in Shkodr\u00eb, Albania. After studying in Austria and Italy, he entered the Franciscan order, receiving the religious name \u201cPal.\u201du003c\/pu003enu003cpu003e+ Ordained a priest in his hometown in 1904, he served as pastor of several parishes before being named vicar provincial.u003c\/pu003enu003cpu003e+ He was arrested by Communist authorities on November 15, 1946, for his fidelity to Rome and refusal to cooperate with the newly established state-sponsored church.u003c\/pu003enu003cpu003e+ After a show trial, he was condemned to death. Blessed Pal was executed on March 11, 1948, and beatified with other Albanian martyrs in 2016.u003c\/pu003enu003cpu003eu003cstrongu003eFor prayer and reflectionu003c\/strongu003eu003c\/pu003enu003cpu003e\u201cWhile persecutors dissolve like so many black shadows which are lost forever in the darkness of eternal oblivion, martyrs are guiding lights that shine in the sky of humanity, showing the true face of man\u2019s goodness, his profound identity created in the image of God.\u201d\u2014Pope Francis speaking of the Martyrs of Albaniau003c\/pu003enu003cpu003eu003cstrongu003eSpiritual bonusu003c\/strongu003eu003c\/pu003enu003cpu003eOn this day, the Church also remembers a Franciscan priest and martyr, Blessed Se\u00e1n \u00d3 Cearnaigh (aka Kearney). After his formation and ordination in Belgium in 1638, Blessed Se\u00e1n served the persecuted Catholic community in Ireland, at a time when it was a crime to be a priest in the British Empire. After living as a wanted man for more than nine years\u2014all the while serving his Franciscan brothers in various roles\u2014he was arrested in early 1653 and hanged on March 11 of that year. He was beatified with other Irish martyrs in 1992.u003c\/pu003enu003cpu003eu003cstrongu003ePrayeru003c\/strongu003eu003c\/pu003enu003cpu003eAlmighty and merciful God, who brought your Martyr blessed Pal Prennushi to overcome the torments of his passion, grant that we, who celebrate the day of his triumph, may remain invincible under your protection against the snares of the enemy. Through our Lord Jesus Christ, your Son, who lives and reigns with you in the unity of the Holy Spirit, one God, for ever and ever. Amen.u003c\/pu003enu003cpu003e(from u003cemu003eThe Roman Missalu003c\/emu003e: Common of Martyrs)u003cbr \/u003enu003cemu003eSaint profiles prepared by Brother Silas Henderson, S.D.S.u003c\/emu003eu003c\/pu003en\",\"saint_url\":\"\",\"saint_post\":\"\",\"prayer_link\":\"https:\/\/aleteia.org\/daily-prayer\/monday-march-11-2\/\",\"icons\":\"pray\":\"https:\/\/wp.en.aleteia.org\/wp-content\/themes\/aleteia-2017\/assets\/images\/icons\/iconprier.svg\",\"newsletter\":\"https:\/\/wp.en.aleteia.org\/wp-content\/themes\/aleteia-2017\/assets\/images\/icons\/iconnewsletter.svg\",\"search\":\"https:\/\/wp.en.aleteia.org\/wp-content\/themes\/aleteia-2017\/assets\/images\/icons\/iconsearch.svg\",\"editorschoice\":\"https:\/\/wp.en.aleteia.org\/wp-content\/themes\/aleteia-2017\/assets\/images\/icons\/iconpresse.svg\",\"logo\":\"https:\/\/wp.en.aleteia.org\/wp-content\/themes\/aleteia-2017\/assets\/images\/logo.svg\",\"logo_white\":\"https:\/\/wp.en.aleteia.org\/wp-content\/themes\/aleteia-2017\/assets\/images\/logo-white.svg\",\"donate_link\":\"https:\/\/aleteia.org\/support-aleteia\/?utm_source=aleteia-ENu0026utm_campaign=easter_donation_2020u0026utm_medium=top_menu\",\"donate_settings\":\"enabled\":\"1\",\"text\":\"Donate\",\"cta_link\":\"https:\/\/aleteia.org\/support-aleteia\/\",\"geolinks\":[],\"ap_item_name\":\"\",\"ap_promotion_name\":\"\",\"editorschoice_link\":\"\/collection\/editors-choice\/\",\"newsletter_link\":\"https:\/\/aleteia.org\/newsletter\/\",\"pray_link\":\"https:\/\/aleteia.org\/tag\/prayers-for-a-particular-need\/\",\"search_link\":\"https:\/\/aleteia.org\/search\",\"pray\":\"Pray\",\"editorschoice\":\"Editoru0026#039;s choice\",\"newsletter\":\"Newsletter\",\"launch_slideshow\":\"Launch the slideshow \",\"login\":\"Login\",\"logout\":\"Logout\",\"search\":\"Search\",\"refinements_categories\":\"Categories\",\"refinements_authors\":\"Authors\",\"refinements_tags\":\"Tags\",\"refinements_reset\":\"Reset\",\"donate\":\"Donate\",\"edition\":\"Edition\",\"followus\":\"Follow us\",\"error404\":\"This page needs to be refreshed. u003cbr\/u003eClick below to reload the content.\",\"reload_btn\":\"Click here\",\"dateline\":\"\",\"app_cta_link\":\" App\",\"app_cta_image\":\"full\":\"https:\/\/wp.en.aleteia.org\/wp-content\/uploads\/sites\/2\/2020\/12\/Mobile_app_icon_white-1-copia-1.png\",\"url\":\"https:\/\/wp.en.aleteia.org\/wp-content\/uploads\/sites\/2\/2020\/12\/Mobile_app_icon_white-1-copia-1.png?w=33u0026h=50u0026crop=1\",\"thumb\":\"https:\/\/wp.en.aleteia.org\/wp-content\/uploads\/sites\/2\/2020\/12\/Mobile_app_icon_white-1-copia-1.png?w=33u0026h=50u0026crop=1\",\"thumb_big\":\"https:\/\/wp.en.aleteia.org\/wp-content\/uploads\/sites\/2\/2020\/12\/Mobile_app_icon_white-1-copia-1.png?w=33u0026h=50u0026crop=1\",\"uncropped\":\"https:\/\/wp.en.aleteia.org\/wp-content\/uploads\/sites\/2\/2020\/12\/Mobile_app_icon_white-1-copia-1.png?w=33\",\"medium\":\"https:\/\/wp.en.aleteia.org\/wp-content\/uploads\/sites\/2\/2020\/12\/Mobile_app_icon_white-1-copia-1.png?w=33u0026h=50u0026crop=1\",\"small\":\"https:\/\/wp.en.aleteia.org\/wp-content\/uploads\/sites\/2\/2020\/12\/Mobile_app_icon_white-1-copia-1.png?w=33u0026h=50u0026crop=1\",\"credits\":\"title\":\"Mobile_app_icon_white-1-copia-1.png\",\"copyright\":\"\",\"link\":\"\",\"caption\":\"\",\"alt\":\"Mobile_app_icon_white-1-copia-1.png\",\"footer\":\"menu\":[\"type\":\"category\",\"title\":\"News\",\"id\":423715164,\"link\":\"https:\/\/aleteia.org\/category\/news\/\",\"type\":\"category\",\"title\":\"Travel\",\"id\":423715168,\"link\":\"https:\/\/aleteia.org\/category\/travel\/\",\"type\":\"category\",\"title\":\"Art u0026amp; Culture\",\"id\":423715388,\"link\":\" Stories\",\"id\":423715389,\"link\":\" u0026amp; Implications\",\"id\":423714966,\"link\":\"https:\/\/aleteia.org\/category\/issues-and-implications\/\"],\"menu_legal_footer\":[\"type\":\"custom\",\"title\":\"Contribute\",\"id\":273706,\"link\":\"https:\/\/aleteia.org\/support-aleteia\/\",\"type\":\"page\",\"title\":\"LEGAL INFORMATION\",\"id\":61701,\"link\":\" us\",\"id\":95997,\"link\":\"https:\/\/aleteia.org\/about-us\/\",\"type\":\"custom\",\"title\":\"RSS\",\"id\":67433,\"link\":\"http:\/\/aleteia.org\/feed\/\"],\"menu_partner_footer\":[],\"menu_custom_footer\":[\"type\":\"custom\",\"title\":\"Charter for personal data protection\",\"url\":\"https:\/\/aleteia.org\/charter-for-personal-data-protection\/\",\"id\":\"632651\"],\"menu_special_page\":[],\"copyright\":\"u0026copy; Copyright Aleteia SAS all rights reserved.\",\"socials\":\"fb_link\":\" Aleteia delivered to your inbox. Subscribe here\",\"newsletter_right_popup_text_size\":\"25\",\"newsletter_right_popup_padding_top\":\"40\",\"newsletter_right_popup_padding_bottom\":\"40\",\"newsletter_popups_texts_list\":[\"enabled\":\"1\",\"text\":\"Start your mornings with the good, the beautiful, the true... Subscribe to Aleteia's free newsletter!\",\"text_font_size\":\"20\",\"text_line_spacing\":\"20\",\"text_x\":\"5\",\"text_y\":\"60\",\"text_2\":\"Sign me up!\",\"text_2_font_size\":\"25\",\"enabled\":\"1\",\"text\":\"The world and your Catholic life, all in one place.\",\"text_font_size\":\"23\",\"text_line_spacing\":\"23\",\"text_x\":\"10\",\"text_y\":\"65\",\"text_2\":\"Subscribe to Aleteia's free newsletter!\",\"text_2_font_size\":\"13\",\"enabled\":\"1\",\"text\":\"Start your day in a beautiful way: Subscribe to Aleteia's daily newsletter here.\",\"text_font_size\":\"20\",\"text_line_spacing\":\"20\",\"text_x\":\"5\",\"text_y\":\"65\",\"text_2\":\"Sign me up!\",\"text_2_font_size\":\"25\",\"enabled\":\"1\",\"text\":\"Subscribe to Aleteia's free newsletter: Goodness. Beauty. Truth. No yelling.\",\"text_font_size\":\"20\",\"text_line_spacing\":\"20\",\"text_x\":\"5\",\"text_y\":\"55\",\"text_2\":\"Sign me up!\",\"text_2_font_size\":\"25\"],\"v2_subscribe_bkg\":null,\"v2_subscribe_title\":\"Newsletter\",\"v2_subscribe_descr\":\"Get Aleteia delivered to your inbox.\",\"v2_subscribe_btn\":\"Sign me up\",\"v2_subscribe_no_thanks\":\"No thanks, I'll register later.\",\"v2_registration_bkg\":null,\"v2_registration_title\":\"Get exclusive access to our site!\",\"v2_registration_descr\":\"Now that you're signed up you can become a registered user.\",\"v2_registration_btn\":\"Sign me up\",\"v2_registration_no_thanks\":\"No thanks, I'll register later.\",\"v2_donate_bkg\":null,\"v2_donate_title\":\"Become an Aleteia Patron Today\",\"v2_donate_descr\":\"We want Aleteia to be freely available to everyone. We don\u2019t require a subscription.\",\"v2_donate_btn\":\"Donate Now\",\"v2_donate_no_thanks\":\"No thanks, I'll donate later.\",\"v2_retargeting_title\":\"Let's stay connected! Subscribe to Aleteia's free newsletter\",\"v2_retargeting_btn\":\"Subscribe\",\"v2_retargeting_fb_btn\":\"Like us on Facebook\",\"v2_retargeting_tw_btn\":\"Follow us on Twitter\",\"v2_retargeting_chrome_btn\":\"Subscribe to Web Notifications\",\"v2_retargeting_mg_btn\":\"Subscribe to our Facebook Messenger\",\"v2_retargeting_fb_link\":\" up for Aleteiau0026#039;s newsletter\",\"image\":\" you! Your submission has been received!\",\"youremail\":\"Your email\",\"required\":\"Required field\",\"firstname\":\"Your first name\",\"lastname\":\"Your last name\",\"bysignin\":\"By signing, I acknowledge and agree to the\",\"legal\":\"\/legal-information\",\"tc\":\"Terms and Conditions\",\"partners\":\"Yes, I would like to receive information from Aleteia partners\",\"submit\":\"Subscribe\",\"custom_popup\":\"enabled\":\"1\",\"disable_mobile\":false,\"timeout\":1,\"scroll\":0,\"custom_class\":\"\",\"show_in_pages\":false,\"show_in_posts\":true,\"show_in_home\":true,\"show_on\":\"cookie\",\"show_on_pageviews\":\"2\",\"local_storage_name\":\"\",\"ls_disable_name\":\"\",\"cookie_name\":\"lentpopupen\",\"cookie_duration\":\"1\",\"utm_name\":\"\",\"remove_on_close\":false,\"bkg_image\":\" class=\"gmail_default\" style=\"text-align: center\"u003eu003cspan data-sheets-root=\"1\" data-sheets-value=\"u0026quot;1u0026quot;:2,u0026quot;2u0026quot;:u0026quot;Without donors, Aleteia's future is uncertain.nTo keep Aleteia free of charge and radiate the hope that is already within you, make a donation to Aleteiau0026quot;\" data-sheets-userformat=\"u0026quot;2u0026quot;:769,u0026quot;3u0026quot;:u0026quot;1u0026quot;:0,u0026quot;11u0026quot;:4,u0026quot;12u0026quot;:0\"u003eu003cstrongu003eWithout donors, Aleteia's future is uncertain.u003c\/strongu003eu003cbr \/u003enu003c\/spanu003eJoin our Lenten Campaign 2024.u003c\/divu003enu003cdivu003eu003c\/divu003en\",\"bottom_text\":\"\",\"cta\":\"PLEASE MAKE A DONATION TO ALETEIA\",\"cta_link\":\"https:\/\/aleteia.org\/support-aleteia\/?utm_campaign=easter2024u0026utm_content=ctau0026utm_medium=inread_boxu0026utm_source=en_aleteia\",\"bkg\":\"#dbdbdb\",\"text_color\":\"#4f196f\",\"cta_bkg\":\"#4f196f\",\"cta_text_color\":\"#ffffff\",\"end\":1711670400,\"top_ribbon\":[],\"ads_settings\":[\"slot\":\"hp-desk-after-header\",\"library\":\"googleAdManager.GooglePublisherTag\",\"props\":\"id\":\"hp-desk-after-header-ad\",\"unit\":\"64500793\/EN_DESK_HP_HEADER_MULTIxMULTI_1\",\"collapse_empty_divs\":false,\"premium_ads\":false,\"bids\":\"\",\"nexxx360_id\":\"\",\"size\":[[728,90],[970,90]],\"slot\":\"hp-desk-right-column-after-prayers\",\"library\":\"googleAdManager.GooglePublisherTag\",\"props\":\"id\":\"hp-desk-right-column-after-prayers-ad\",\"unit\":\"64500793\/EN_DESK_HP_TOWER_300xMULTI_1\",\"collapse_empty_divs\":false,\"premium_ads\":false,\"bids\":\"\",\"nexxx360_id\":\"\",\"size\":[[300,600]],\"slot\":\"hp-desk-right-column-section\",\"library\":\"googleAdManager.GooglePublisherTag\",\"props\":\"id\":\"hp-desk-right-column-section-ad\",\"unit\":\"64500793\/EN_DESK_HP_TOWER_300xMULTI_2\",\"collapse_empty_divs\":false,\"premium_ads\":false,\"bids\":\"\",\"nexxx360_id\":\"\",\"size\":[[300,600]],\"slot\":\"hp-mob-after-hero\",\"library\":\"googleAdManager.GooglePublisherTag\",\"props\":\"id\":\"hp-mob-after-hero-ad\",\"unit\":\"64500793\/EN_MOB_HP_HEADER_320xMULTI\",\"collapse_empty_divs\":false,\"premium_ads\":false,\"bids\":\"\",\"nexxx360_id\":\"\",\"size\":[[320,100]],\"slot\":\"hp-mob-right-column-after-prayers\",\"library\":\"googleAdManager.GooglePublisherTag\",\"props\":\"id\":\"hp-mob-right-column-after-prayers-ad\",\"unit\":\"64500793\/EN_MOB_HP_BODY_MULTIxMULTI_2\",\"collapse_empty_divs\":false,\"premium_ads\":false,\"bids\":\"\",\"nexxx360_id\":\"\",\"size\":[[300,250]],\"slot\":\"category-desk-after-header\",\"library\":\"googleAdManager.GooglePublisherTag\",\"props\":\"id\":\"category-desk-after-header-ad\",\"unit\":\"64500793\/EN_DESK_ARTICLE_HEADER_MULTIxMULTI_1\",\"collapse_empty_divs\":false,\"premium_ads\":false,\"bids\":\"\",\"nexxx360_id\":\"\",\"size\":[[728,90],[970,90]],\"slot\":\"category-desk-right-column-after-prayers\",\"library\":\"googleAdManager.GooglePublisherTag\",\"props\":\"id\":\"category-desk-right-column-after-prayers-ad\",\"unit\":\"64500793\/EN_DESK_ARTICLE_TOWER_300xMULTI_2\",\"collapse_empty_divs\":false,\"premium_ads\":false,\"bids\":\"\",\"nexxx360_id\":\"\",\"size\":[[300,250]],\"slot\":\"category-mob-after-first-row\",\"library\":\"googleAdManager.GooglePublisherTag\",\"props\":\"id\":\"category-mob-after-first-row-ad\",\"unit\":\"64500793\/EN_MOB_ARTICLE_HEADER_320xMULTI\",\"collapse_empty_divs\":false,\"premium_ads\":false,\"bids\":\"\",\"nexxx360_id\":\"\",\"size\":[[320,100]],\"slot\":\"article-desk-after-header\",\"library\":\"googleAdManager.GooglePublisherTag\",\"props\":\"id\":\"article-desk-after-header-ad\",\"unit\":\"64500793\/EN_DESK_ARTICLE_HEADER_MULTIxMULTI_1\",\"collapse_empty_divs\":false,\"premium_ads\":false,\"bids\":\"\",\"nexxx360_id\":\"\",\"size\":[[728,90],[970,90]],\"slot\":\"article-desk-right-column-after-prayers\",\"library\":\"googleAdManager.GooglePublisherTag\",\"props\":\"id\":\"article-desk-right-column-after-prayers-ad\",\"unit\":\"64500793\/EN_DESK_ARTICLE_TOWER_300xMULTI_1\",\"collapse_empty_divs\":false,\"premium_ads\":false,\"bids\":\"\",\"nexxx360_id\":\"\",\"size\":[[300,250],[300,600]],\"slot\":\"article-desk-right-column-sticky\",\"library\":\"googleAdManager.GooglePublisherTag\",\"props\":\"id\":\"article-desk-right-column-sticky2-ad\",\"unit\":\"64500793\/EN_DESK_ARTICLE_SIDEBAR_300xMULTI\",\"collapse_empty_divs\":false,\"premium_ads\":false,\"bids\":\"\",\"nexxx360_id\":\"\",\"size\":[[300,250],[300,600]],\"slot\":\"article-desk-before-footer\",\"library\":\"googleAdManager.GooglePublisherTag\",\"props\":\"id\":\"article-desk-before-footer-ad\",\"unit\":\"64500793\/EN_DESK_ARTICLE_FOOTER_MULTIx90\",\"collapse_empty_divs\":false,\"premium_ads\":false,\"bids\":\"\",\"nexxx360_id\":\"\",\"size\":[[728,90],[970,90]],\"slot\":\"article-mob-after-featured\",\"library\":\"googleAdManager.GooglePublisherTag\",\"props\":\"id\":\"article-mob-after-featured-ad\",\"unit\":\"64500793\/EN_MOB_ARTICLE_HEADER_320xMULTI\",\"collapse_empty_divs\":false,\"premium_ads\":false,\"bids\":\"\",\"nexxx360_id\":\"\",\"size\":[[320,100],[300,100]],\"slot\":\"article-mob-right-column-after-prayers\",\"library\":\"googleAdManager.GooglePublisherTag\",\"props\":\"id\":\"article-mob-right-column-after-prayers-ad\",\"unit\":\"64500793\/EN_MOB_ARTICLE_BODY_MULTIxMULTI_2\",\"collapse_empty_divs\":false,\"premium_ads\":false,\"bids\":\"\",\"nexxx360_id\":\"\",\"size\":[[300,600]],\"slot\":\"article-mob-content-p1\",\"library\":\"googleAdManager.GooglePublisherTag\",\"props\":\"id\":\"article-mob-content-p1-ad\",\"unit\":\"64500793\/EN_MOB_ARTICLE_BODY_MULTIxMULTI_1\",\"collapse_empty_divs\":false,\"premium_ads\":false,\"bids\":\"\",\"nexxx360_id\":\"\",\"size\":[[300,250]],\"slot\":\"article-mob-content-p3\",\"library\":\"googleAdManager.GooglePublisherTag\",\"props\":\"id\":\"article-mob-content-p3-ad\",\"unit\":\"64500793\/EN_MOB_ARTICLE_BODY_MULTIxMULTI_2\",\"collapse_empty_divs\":false,\"premium_ads\":false,\"bids\":\"\",\"nexxx360_id\":\"\",\"size\":[[1,1]],\"slot\":\"slideshow-desk\",\"library\":\"googleAdManager.GooglePublisherTag\",\"props\":\"id\":\"slideshow-desk-ad\",\"unit\":\"64500793\/EN_DESK_SLIDESHOW_TOWER_300x250\",\"collapse_empty_divs\":false,\"premium_ads\":false,\"bids\":\"\",\"nexxx360_id\":\"\",\"size\":[[300,250],[300,600]],\"slot\":\"slideshow-mob\",\"library\":\"googleAdManager.GooglePublisherTag\",\"props\":\"id\":\"slideshow-mob-ad\",\"unit\":\"64500793\/EN_MOB_ARTICLE_STICKYFOOTER_320x50\",\"collapse_empty_divs\":false,\"premium_ads\":false,\"bids\":\"\",\"nexxx360_id\":\"\",\"size\":[[320,50]],\"slot\":\"skin\",\"library\":\"theme.Skin\",\"props\":\"id\":\"skin-ad\",\"unit\":\"64500793\/EN_DESK_HP_SKIN_1x1\",\"collapse_empty_divs\":false,\"premium_ads\":false,\"bids\":\"\",\"nexxx360_id\":\"\",\"size\":[],\"slot\":\"article-native-inread\",\"library\":\"googleAdManager.GooglePublisherTag\",\"props\":\"id\":\"article-native-inread\",\"unit\":\"64500793\/EN_NATIVE_ARTICLE\",\"collapse_empty_divs\":false,\"premium_ads\":false,\"bids\":\"\",\"nexxx360_id\":\"\",\"size\":[\"fluid\"],\"slot\":\"article-native-home\",\"library\":\"googleAdManager.GooglePublisherTag\",\"props\":\"id\":\"article-native-home\",\"unit\":\"64500793\/EN_NATIVE_HOMEPAGE\",\"collapse_empty_divs\":false,\"premium_ads\":false,\"bids\":\"\",\"nexxx360_id\":\"\",\"size\":[\"fluid\"],\"slot\":\"dp-skin\",\"library\":\"theme.Skin\",\"props\":\"id\":\"dp-skin-ad\",\"unit\":\"64500793\/EN_DESK_PRAYER_SKIN_1x1\",\"collapse_empty_divs\":false,\"premium_ads\":false,\"bids\":\"\",\"nexxx360_id\":\"\",\"size\":[],\"props\":\"id\":\"\",\"unit\":\"\",\"collapse_empty_divs\":false,\"premium_ads\":false,\"bids\":\"\",\"nexxx360_id\":\"\",\"size\":[],\"slot\":\"hp-mob-after-daily-items\",\"library\":\"googleAdManager.GooglePublisherTag\",\"props\":\"id\":\"hp-mob-after-daily-items-ad\",\"unit\":\"64500793\/EN_MOB_HP_BODY_MULTIxMULTI_1\",\"collapse_empty_divs\":false,\"premium_ads\":false,\"bids\":\"\",\"nexxx360_id\":\"\",\"size\":[[300,600],[300,250]],\"slot\":\"hp-desk-before-sections\",\"library\":\"googleAdManager.GooglePublisherTag\",\"props\":\"id\":\"hp-desk-before-sections-ad\",\"unit\":\"64500793\/EN_DESK_HP_HEADER_MULTIxMULTI_2\",\"collapse_empty_divs\":false,\"premium_ads\":false,\"bids\":\"\",\"nexxx360_id\":\"\",\"size\":[[728,90],[970,90]],\"slot\":\"category-desk-right-column\",\"library\":\"googleAdManager.GooglePublisherTag\",\"props\":\"id\":\"category-desk-right-column-ad\",\"unit\":\"64500793\/EN_DESK_ARTICLE_SIDEBAR_300xMULTI\",\"collapse_empty_divs\":false,\"premium_ads\":false,\"bids\":\"\",\"nexxx360_id\":\"\",\"size\":[],\"slot\":\"skin\",\"library\":\"theme.Skin\",\"props\":\"id\":\"skin-ad\",\"unit\":\"64500793\/EN_DESK_HP_SKIN_1x1\",\"collapse_empty_divs\":false,\"premium_ads\":\"1\",\"bids\":\"\",\"nexxx360_id\":\"\",\"size\":[],\"slot\":\"hp-desk-after-header\",\"library\":\"googleAdManager.GooglePublisherTag\",\"props\":\"id\":\"hp-desk-after-header-ad\",\"unit\":\"64500793\/EN_DESK_HEADER_MULTIxMULTI_PREMIUM\",\"collapse_empty_divs\":false,\"premium_ads\":\"1\",\"bids\":\"\",\"nexxx360_id\":\"\",\"size\":[[970,90],[728,90]],\"slot\":\"category-desk-after-header\",\"library\":\"googleAdManager.GooglePublisherTag\",\"props\":\"id\":\"category-desk-after-header-ad\",\"unit\":\"64500793\/EN_DESK_HEADER_MULTIxMULTI_PREMIUM\",\"collapse_empty_divs\":false,\"premium_ads\":\"1\",\"bids\":\"\",\"nexxx360_id\":\"\",\"size\":[[970,90],[728,90]],\"slot\":\"article-desk-after-header\",\"library\":\"googleAdManager.GooglePublisherTag\",\"props\":\"id\":\"article-desk-after-header-ad\",\"unit\":\"64500793\/EN_DESK_HEADER_MULTIxMULTI_PREMIUM\",\"collapse_empty_divs\":false,\"premium_ads\":\"1\",\"bids\":\"\",\"nexxx360_id\":\"\",\"size\":[[970,90],[728,90]],\"slot\":\"hp-desk-right-column-after-prayers\",\"library\":\"googleAdManager.GooglePublisherTag\",\"props\":\"id\":\"hp-desk-right-column-after-prayers-ad\",\"unit\":\"64500793\/EN_DESK_TOWER_300xMULTI_PREMIUM\",\"collapse_empty_divs\":false,\"premium_ads\":\"1\",\"bids\":\"\",\"nexxx360_id\":\"\",\"size\":[[300,600],[300,250]],\"slot\":\"category-desk-right-column-after-prayers\",\"library\":\"googleAdManager.GooglePublisherTag\",\"props\":\"id\":\"category-desk-right-column-after-prayers-ad\",\"unit\":\"64500793\/EN_DESK_TOWER_300xMULTI_PREMIUM\",\"collapse_empty_divs\":false,\"premium_ads\":\"1\",\"bids\":\"\",\"nexxx360_id\":\"\",\"size\":[[300,600],[300,250]],\"slot\":\"article-desk-right-column-after-prayers\",\"library\":\"googleAdManager.GooglePublisherTag\",\"props\":\"id\":\"article-desk-right-column-after-prayers-ad\",\"unit\":\"64500793\/EN_DESK_TOWER_300xMULTI_PREMIUM\",\"collapse_empty_divs\":false,\"premium_ads\":\"1\",\"bids\":\"\",\"nexxx360_id\":\"\",\"size\":[[300,600],[300,250]],\"slot\":\"hp-mob-after-daily-items\",\"library\":\"googleAdManager.GooglePublisherTag\",\"props\":\"id\":\"hp-mob-after-daily-items-ad\",\"unit\":\"64500793\/EN_MOB_MULTIxMULTI_PREMIUM\",\"collapse_empty_divs\":false,\"premium_ads\":\"1\",\"bids\":\"\",\"nexxx360_id\":\"\",\"size\":[[300,250]],\"slot\":\"article-mob-content-p1\",\"library\":\"googleAdManager.GooglePublisherTag\",\"props\":\"id\":\"article-mob-content-p1-ad\",\"unit\":\"64500793\/EN_MOB_MULTIxMULTI_PREMIUM\",\"collapse_empty_divs\":false,\"premium_ads\":\"1\",\"bids\":\"\",\"nexxx360_id\":\"\",\"size\":[[300,250]],\"props\":\"id\":\"\",\"unit\":\"\",\"collapse_empty_divs\":false,\"premium_ads\":false,\"bids\":\"\",\"nexxx360_id\":\"\",\"size\":[],\"props\":\"id\":\"\",\"unit\":\"\",\"collapse_empty_divs\":false,\"premium_ads\":false,\"bids\":\"\",\"nexxx360_id\":\"\",\"size\":[]],\"skin_height\":101,\"sirdata\":\"setting_menu_label\":\"privacy\",\"sirdata_id\":\"xd8kW\",\"nativo\":\"isActive\":true,\"isActiveInPost\":true,\"connatix\":\"scriptId\":\"82592dd1874345e8bd35bb7268339c76\",\"playerId\":\"62153f9f-0eea-4420-ae4e-ccb9dc881e2f\",\"premiumContents\":\"cta_menu\":\"cta_label\":\"S\u2019abonner\",\"cta_link\":\"\/subscribe\/\",\"cta_menu_donations\":\"cta_label\":\"donate\",\"cta_link\":\"https:\/\/aleteia.org\/support-aleteia\/\",\"newrelic\":\"enabled\":true,\"nexxx360_site_id\":null,\"top_left_custom_cta\":[],\"translations\":\"archive\":\"ReadMore\":\"Show more\",\"wpSource\":\"prefix\":\"\/wp-json\",\"oneSignal\":\"promptAfterPages\":\"3\",\"promptAfterSeconds\":\"30\",\"id\":\"1ef61c7c-d65c-4876-90ea-04f72851e015\",\"prebid\":\"active\":false,\"fills\":\"googleAdManager\":\"35\":\"props\":\"id\":\"\",\"unit\":\"\",\"collapse_empty_divs\":false,\"premium_ads\":false,\"bids\":\"\",\"nexxx360_id\":\"\",\"size\":[],\"36\":\"props\":\"id\":\"\",\"unit\":\"\",\"collapse_empty_divs\":false,\"premium_ads\":false,\"bids\":\"\",\"nexxx360_id\":\"\",\"size\":[],\"hp-desk-after-header-ad\":\"slot\":\"hp-desk-after-header\",\"library\":\"googleAdManager.GooglePublisherTag\",\"props\":\"id\":\"hp-desk-after-header-ad\",\"unit\":\"64500793\/EN_DESK_HP_HEADER_MULTIxMULTI_1\",\"collapse_empty_divs\":false,\"premium_ads\":false,\"bids\":\"\",\"nexxx360_id\":\"\",\"size\":[[728,90],[970,90]],\"hp-desk-right-column-after-prayers-ad\":\"slot\":\"hp-desk-right-column-after-prayers\",\"library\":\"googleAdManager.GooglePublisherTag\",\"props\":\"id\":\"hp-desk-right-column-after-prayers-ad\",\"unit\":\"64500793\/EN_DESK_HP_TOWER_300xMULTI_1\",\"collapse_empty_divs\":false,\"premium_ads\":false,\"bids\":\"\",\"nexxx360_id\":\"\",\"size\":[[300,600]],\"hp-desk-right-column-section-ad\":\"slot\":\"hp-desk-right-column-section\",\"library\":\"googleAdManager.GooglePublisherTag\",\"props\":\"id\":\"hp-desk-right-column-section-ad\",\"unit\":\"64500793\/EN_DESK_HP_TOWER_300xMULTI_2\",\"collapse_empty_divs\":false,\"premium_ads\":false,\"bids\":\"\",\"nexxx360_id\":\"\",\"size\":[[300,600]],\"hp-mob-after-hero-ad\":\"slot\":\"hp-mob-after-hero\",\"library\":\"googleAdManager.GooglePublisherTag\",\"props\":\"id\":\"hp-mob-after-hero-ad\",\"unit\":\"64500793\/EN_MOB_HP_HEADER_320xMULTI\",\"collapse_empty_divs\":false,\"premium_ads\":false,\"bids\":\"\",\"nexxx360_id\":\"\",\"size\":[[320,100]],\"hp-mob-right-column-after-prayers-ad\":\"slot\":\"hp-mob-right-column-after-prayers\",\"library\":\"googleAdManager.GooglePublisherTag\",\"props\":\"id\":\"hp-mob-right-column-after-prayers-ad\",\"unit\":\"64500793\/EN_MOB_HP_BODY_MULTIxMULTI_2\",\"collapse_empty_divs\":false,\"premium_ads\":false,\"bids\":\"\",\"nexxx360_id\":\"\",\"size\":[[300,250]],\"category-desk-after-header-ad\":\"slot\":\"category-desk-after-header\",\"library\":\"googleAdManager.GooglePublisherTag\",\"props\":\"id\":\"category-desk-after-header-ad\",\"unit\":\"64500793\/EN_DESK_ARTICLE_HEADER_MULTIxMULTI_1\",\"collapse_empty_divs\":false,\"premium_ads\":false,\"bids\":\"\",\"nexxx360_id\":\"\",\"size\":[[728,90],[970,90]],\"category-desk-right-column-after-prayers-ad\":\"slot\":\"category-desk-right-column-after-prayers\",\"library\":\"googleAdManager.GooglePublisherTag\",\"props\":\"id\":\"category-desk-right-column-after-prayers-ad\",\"unit\":\"64500793\/EN_DESK_ARTICLE_TOWER_300xMULTI_2\",\"collapse_empty_divs\":false,\"premium_ads\":false,\"bids\":\"\",\"nexxx360_id\":\"\",\"size\":[[300,250]],\"category-mob-after-first-row-ad\":\"slot\":\"category-mob-after-first-row\",\"library\":\"googleAdManager.GooglePublisherTag\",\"props\":\"id\":\"category-mob-after-first-row-ad\",\"unit\":\"64500793\/EN_MOB_ARTICLE_HEADER_320xMULTI\",\"collapse_empty_divs\":false,\"premium_ads\":false,\"bids\":\"\",\"nexxx360_id\":\"\",\"size\":[[320,100]],\"article-desk-after-header-ad\":\"slot\":\"article-desk-after-header\",\"library\":\"googleAdManager.GooglePublisherTag\",\"props\":\"id\":\"article-desk-after-header-ad\",\"unit\":\"64500793\/EN_DESK_ARTICLE_HEADER_MULTIxMULTI_1\",\"collapse_empty_divs\":false,\"premium_ads\":false,\"bids\":\"\",\"nexxx360_id\":\"\",\"size\":[[728,90],[970,90]],\"article-desk-right-column-after-prayers-ad\":\"slot\":\"article-desk-right-column-after-prayers\",\"library\":\"googleAdManager.GooglePublisherTag\",\"props\":\"id\":\"article-desk-right-column-after-prayers-ad\",\"unit\":\"64500793\/EN_DESK_ARTICLE_TOWER_300xMULTI_1\",\"collapse_empty_divs\":false,\"premium_ads\":false,\"bids\":\"\",\"nexxx360_id\":\"\",\"size\":[[300,250],[300,600]],\"article-desk-right-column-sticky2-ad\":\"slot\":\"article-desk-right-column-sticky\",\"library\":\"googleAdManager.GooglePublisherTag\",\"props\":\"id\":\"article-desk-right-column-sticky2-ad\",\"unit\":\"64500793\/EN_DESK_ARTICLE_SIDEBAR_300xMULTI\",\"collapse_empty_divs\":false,\"premium_ads\":false,\"bids\":\"\",\"nexxx360_id\":\"\",\"size\":[[300,250],[300,600]],\"article-desk-before-footer-ad\":\"slot\":\"article-desk-before-footer\",\"library\":\"googleAdManager.GooglePublisherTag\",\"props\":\"id\":\"article-desk-before-footer-ad\",\"unit\":\"64500793\/EN_DESK_ARTICLE_FOOTER_MULTIx90\",\"collapse_empty_divs\":false,\"premium_ads\":false,\"bids\":\"\",\"nexxx360_id\":\"\",\"size\":[[728,90],[970,90]],\"article-mob-after-featured-ad\":\"slot\":\"article-mob-after-featured\",\"library\":\"googleAdManager.GooglePublisherTag\",\"props\":\"id\":\"article-mob-after-featured-ad\",\"unit\":\"64500793\/EN_MOB_ARTICLE_HEADER_320xMULTI\",\"collapse_empty_divs\":false,\"premium_ads\":false,\"bids\":\"\",\"nexxx360_id\":\"\",\"size\":[[320,100],[300,100]],\"article-mob-right-column-after-prayers-ad\":\"slot\":\"article-mob-right-column-after-prayers\",\"library\":\"googleAdManager.GooglePublisherTag\",\"props\":\"id\":\"article-mob-right-column-after-prayers-ad\",\"unit\":\"64500793\/EN_MOB_ARTICLE_BODY_MULTIxMULTI_2\",\"collapse_empty_divs\":false,\"premium_ads\":false,\"bids\":\"\",\"nexxx360_id\":\"\",\"size\":[[300,600]],\"article-mob-content-p1-ad\":\"slot\":\"article-mob-content-p1\",\"library\":\"googleAdManager.GooglePublisherTag\",\"props\":\"id\":\"article-mob-content-p1-ad\",\"unit\":\"64500793\/EN_MOB_ARTICLE_BODY_MULTIxMULTI_1\",\"collapse_empty_divs\":false,\"premium_ads\":false,\"bids\":\"\",\"nexxx360_id\":\"\",\"size\":[[300,250]],\"article-mob-content-p3-ad\":\"slot\":\"article-mob-content-p3\",\"library\":\"googleAdManager.GooglePublisherTag\",\"props\":\"id\":\"article-mob-content-p3-ad\",\"unit\":\"64500793\/EN_MOB_ARTICLE_BODY_MULTIxMULTI_2\",\"collapse_empty_divs\":false,\"premium_ads\":false,\"bids\":\"\",\"nexxx360_id\":\"\",\"size\":[[1,1]],\"slideshow-desk-ad\":\"slot\":\"slideshow-desk\",\"library\":\"googleAdManager.GooglePublisherTag\",\"props\":\"id\":\"slideshow-desk-ad\",\"unit\":\"64500793\/EN_DESK_SLIDESHOW_TOWER_300x250\",\"collapse_empty_divs\":false,\"premium_ads\":false,\"bids\":\"\",\"nexxx360_id\":\"\",\"size\":[[300,250],[300,600]],\"slideshow-mob-ad\":\"slot\":\"slideshow-mob\",\"library\":\"googleAdManager.GooglePublisherTag\",\"props\":\"id\":\"slideshow-mob-ad\",\"unit\":\"64500793\/EN_MOB_ARTICLE_STICKYFOOTER_320x50\",\"collapse_empty_divs\":false,\"premium_ads\":false,\"bids\":\"\",\"nexxx360_id\":\"\",\"size\":[[320,50]],\"skin-ad\":\"slot\":\"skin\",\"library\":\"theme.Skin\",\"props\":\"id\":\"skin-ad\",\"unit\":\"64500793\/EN_DESK_HP_SKIN_1x1\",\"collapse_empty_divs\":false,\"premium_ads\":false,\"bids\":\"\",\"nexxx360_id\":\"\",\"size\":[],\"article-native-inread\":\"slot\":\"article-native-inread\",\"library\":\"googleAdManager.GooglePublisherTag\",\"props\":\"id\":\"article-native-inread\",\"unit\":\"64500793\/EN_NATIVE_ARTICLE\",\"collapse_empty_divs\":false,\"premium_ads\":false,\"bids\":\"\",\"nexxx360_id\":\"\",\"size\":[\"fluid\"],\"article-native-home\":\"slot\":\"article-native-home\",\"library\":\"googleAdManager.GooglePublisherTag\",\"props\":\"id\":\"article-native-home\",\"unit\":\"64500793\/EN_NATIVE_HOMEPAGE\",\"collapse_empty_divs\":false,\"premium_ads\":false,\"bids\":\"\",\"nexxx360_id\":\"\",\"size\":[\"fluid\"],\"dp-skin-ad\":\"slot\":\"dp-skin\",\"library\":\"theme.Skin\",\"props\":\"id\":\"dp-skin-ad\",\"unit\":\"64500793\/EN_DESK_PRAYER_SKIN_1x1\",\"collapse_empty_divs\":false,\"premium_ads\":false,\"bids\":\"\",\"nexxx360_id\":\"\",\"size\":[],\"\":\"props\":\"id\":\"\",\"unit\":\"\",\"collapse_empty_divs\":false,\"premium_ads\":false,\"bids\":\"\",\"nexxx360_id\":\"\",\"size\":[],\"hp-mob-after-daily-items-ad\":\"slot\":\"hp-mob-after-daily-items\",\"library\":\"googleAdManager.GooglePublisherTag\",\"props\":\"id\":\"hp-mob-after-daily-items-ad\",\"unit\":\"64500793\/EN_MOB_HP_BODY_MULTIxMULTI_1\",\"collapse_empty_divs\":false,\"premium_ads\":false,\"bids\":\"\",\"nexxx360_id\":\"\",\"size\":[[300,600],[300,250]],\"hp-desk-before-sections-ad\":\"slot\":\"hp-desk-before-sections\",\"library\":\"googleAdManager.GooglePublisherTag\",\"props\":\"id\":\"hp-desk-before-sections-ad\",\"unit\":\"64500793\/EN_DESK_HP_HEADER_MULTIxMULTI_2\",\"collapse_empty_divs\":false,\"premium_ads\":false,\"bids\":\"\",\"nexxx360_id\":\"\",\"size\":[[728,90],[970,90]],\"category-desk-right-column-ad\":\"slot\":\"category-desk-right-column\",\"library\":\"googleAdManager.GooglePublisherTag\",\"props\":\"id\":\"category-desk-right-column-ad\",\"unit\":\"64500793\/EN_DESK_ARTICLE_SIDEBAR_300xMULTI\",\"collapse_empty_divs\":false,\"premium_ads\":false,\"bids\":\"\",\"nexxx360_id\":\"\",\"size\":[],\"skin-ad26\":\"slot\":\"skin\",\"library\":\"theme.Skin\",\"props\":\"id\":\"skin-ad\",\"unit\":\"64500793\/EN_DESK_HP_SKIN_1x1\",\"collapse_empty_divs\":false,\"premium_ads\":\"1\",\"bids\":\"\",\"nexxx360_id\":\"\",\"size\":[],\"hp-desk-after-header-ad27\":\"slot\":\"hp-desk-after-header\",\"library\":\"googleAdManager.GooglePublisherTag\",\"props\":\"id\":\"hp-desk-after-header-ad\",\"unit\":\"64500793\/EN_DESK_HEADER_MULTIxMULTI_PREMIUM\",\"collapse_empty_divs\":false,\"premium_ads\":\"1\",\"bids\":\"\",\"nexxx360_id\":\"\",\"size\":[[970,90],[728,90]],\"category-desk-after-header-ad28\":\"slot\":\"category-desk-after-header\",\"library\":\"googleAdManager.GooglePublisherTag\",\"props\":\"id\":\"category-desk-after-header-ad\",\"unit\":\"64500793\/EN_DESK_HEADER_MULTIxMULTI_PREMIUM\",\"collapse_empty_divs\":false,\"premium_ads\":\"1\",\"bids\":\"\",\"nexxx360_id\":\"\",\"size\":[[970,90],[728,90]],\"article-desk-after-header-ad29\":\"slot\":\"article-desk-after-header\",\"library\":\"googleAdManager.GooglePublisherTag\",\"props\":\"id\":\"article-desk-after-header-ad\",\"unit\":\"64500793\/EN_DESK_HEADER_MULTIxMULTI_PREMIUM\",\"collapse_empty_divs\":false,\"premium_ads\":\"1\",\"bids\":\"\",\"nexxx360_id\":\"\",\"size\":[[970,90],[728,90]],\"hp-desk-right-column-after-prayers-ad30\":\"slot\":\"hp-desk-right-column-after-prayers\",\"library\":\"googleAdManager.GooglePublisherTag\",\"props\":\"id\":\"hp-desk-right-column-after-prayers-ad\",\"unit\":\"64500793\/EN_DESK_TOWER_300xMULTI_PREMIUM\",\"collapse_empty_divs\":false,\"premium_ads\":\"1\",\"bids\":\"\",\"nexxx360_id\":\"\",\"size\":[[300,600],[300,250]],\"category-desk-right-column-after-prayers-ad31\":\"slot\":\"category-desk-right-column-after-prayers\",\"library\":\"googleAdManager.GooglePublisherTag\",\"props\":\"id\":\"category-desk-right-column-after-prayers-ad\",\"unit\":\"64500793\/EN_DESK_TOWER_300xMULTI_PREMIUM\",\"collapse_empty_divs\":false,\"premium_ads\":\"1\",\"bids\":\"\",\"nexxx360_id\":\"\",\"size\":[[300,600],[300,250]],\"article-desk-right-column-after-prayers-ad32\":\"slot\":\"article-desk-right-column-after-prayers\",\"library\":\"googleAdManager.GooglePublisherTag\",\"props\":\"id\":\"article-desk-right-column-after-prayers-ad\",\"unit\":\"64500793\/EN_DESK_TOWER_300xMULTI_PREMIUM\",\"collapse_empty_divs\":false,\"premium_ads\":\"1\",\"bids\":\"\",\"nexxx360_id\":\"\",\"size\":[[300,600],[300,250]],\"hp-mob-after-daily-items-ad33\":\"slot\":\"hp-mob-after-daily-items\",\"library\":\"googleAdManager.GooglePublisherTag\",\"props\":\"id\":\"hp-mob-after-daily-items-ad\",\"unit\":\"64500793\/EN_MOB_MULTIxMULTI_PREMIUM\",\"collapse_empty_divs\":false,\"premium_ads\":\"1\",\"bids\":\"\",\"nexxx360_id\":\"\",\"size\":[[300,250]],\"article-mob-content-p1-ad34\":\"slot\":\"article-mob-content-p1\",\"library\":\"googleAdManager.GooglePublisherTag\",\"props\":\"id\":\"article-mob-content-p1-ad\",\"unit\":\"64500793\/EN_MOB_MULTIxMULTI_PREMIUM\",\"collapse_empty_divs\":false,\"premium_ads\":\"1\",\"bids\":\"\",\"nexxx360_id\":\"\",\"size\":[[300,250]],\"yoast\":\"renderTags\":\"both\",\"transformLinks\":false,\"frontity\":\"name\":\"aleteia-english\",\"match\":[\"aleteia.org\",\"dev.aleteia.org\",\"aleteia.local\"],\"mode\":\"default\",\"debug\":false,\"platform\":\"server\",\"rendering\":\"ssr\",\"hmr\":false,\"initialLink\":\"\/2024\/03\/11\/women-must-have-support-to-welcome-gift-of-life-pope\/\",\"options\":\"publicPath\":\"\/static\/\",\"packages\":[\"aleteia-sirdata\",\"eloqua\",\"@frontity\/wp-source\",\"one-signal-frontity\",\"google-ad-manager\",\"@frontity\/yoast\",\"aleteia-theme\",\"aleteia-auth\",\"aleteia-promotional-box\",\"@frontity\/analytics\",\"google-tag-manager\",\"aleteia-custom-popups\",\"aleteia-top-ribbon\",\"@frontity\/tiny-router\",\"@frontity\/html2react\",\"ontheio-analytics\",\"aleteia-rollbar\",\"aleteia-redirects\",\"new-relic\",\"aleteia-ads-options\"],\"url\":\" - English\",\"theme\":\"hidePrintButton\":false,\"preventSelection\":false,\"autoPrefetch\":\"hover\",\"isMobileMenuOpen\":false,\"ads\":\"skin\":\"rendered\":false,\"positions\":[1,2,4,6,7,10,1,2,3,4],\"gallery\":\"isOpen\":false,\"currentIndex\":0,\"isZoom\":false,\"isAutoPlay\":false,\"isSwipeEnabled\":true,\"slidesVisited\":0,\"share\":\"isHidden\":true,\"language_switcher\":[\"code\":\"en\",\"label\":\"English\",\"link\":\"https:\/\/aleteia.org\/\",\"code\":\"it\",\"label\":\"Italiano\",\"link\":\"https:\/\/it.aleteia.org\/\",\"code\":\"fr\",\"label\":\"Fran\u00e7aise\",\"link\":\"https:\/\/fr.aleteia.org\/\",\"code\":\"es\",\"label\":\"Espa\u00f1ol\",\"link\":\"https:\/\/es.aleteia.org\/\",\"code\":\"pt\",\"label\":\"Portuguese\",\"link\":\"https:\/\/pt.aleteia.org\/\",\"code\":\"pl\",\"label\":\"Polska\",\"link\":\"https:\/\/pl.aleteia.org\/\",\"code\":\"si\",\"label\":\"Sloven\u0161\u010dina\",\"link\":\"https:\/\/si.aleteia.org\/\"],\"newsletter_lists_ids\":\"nl_daily_list\":\"366c6b27-4e11-4063-9cd6-f47184e0145f\",\"nl_weekly_list\":\"78e785e7-78f9-4f85-9d2f-4990e4b688f3\",\"nl_imedia_list\":\"366c6b27-4e11-4063-9cd6-f47184e0145f\",\"newsletter_subscribe_endpoint\":\"https:\/\/reports.aleteia.org\/\",\"newsletterPopup\":\"isOpen\":false,\"env\":\"production\",\"preventIndexing\":false,\"donationIframeUrl\":\"https:\/\/subscriptions.aleteia.org\/en\",\"jetpack_stats\":\"v\":\"ext\",\"blog\":174078663,\"post\":\"0\",\"tz\":-4,\"srv\":\"wp.en.aleteia.org\",\"auth\":\"isLoggedIn\":false,\"returnUrl\":\"https:\/\/aleteia.org\/\",\"loginForm\":\"rememberSession\":true,\"email\":\"\",\"password\":\"\",\"isSubmitting\":false,\"isError\":false,\"resetPasswordForm\":\"email\":\"\",\"isSubmitting\":false,\"isEmailSent\":false,\"isError\":false,\"errorMessage\":\"\",\"registerForm\":\"title\":\"\",\"name\":\"\",\"surname\":\"\",\"email\":\"\",\"emailRepeat\":\"\",\"nickname\":\"\",\"password\":\"\",\"passwordRepeat\":\"\",\"address\":\"\",\"city\":\"\",\"country\":\"\",\"stateCode\":\"\",\"zip\":\"\",\"phone\":\"\",\"tc\":false,\"newsletterDaily\":true,\"newsletterWeekly\":false,\"newsletterImedia\":true,\"partners\":false,\"isSubmitting\":false,\"isNameEmpty\":false,\"isSurnameEmpty\":false,\"isEmailEmpty\":false,\"isEmailRepeatEmpty\":false,\"isEmailMismatch\":false,\"isEmailAlreadyInUse\":false,\"isEmailInvalid\":false,\"isPasswordEmpty\":false,\"isPasswordRepeatEmpty\":false,\"isPasswordMismatch\":false,\"isPasswordWeak\":false,\"isPostalCodeEmpty\":false,\"isCountryEmpty\":false,\"newsletter_user_subscriptions\":[],\"paymentForm\":\"plans\":[],\"selectedPlan\":\"\",\"paymentType\":\"card\",\"isSubmitting\":false,\"plansEndpoint\":\"https:\/\/stripe-users-api.herokuapp.com\/plans?publishable_key=\",\"tryPlanEndpoint\":\"https:\/\/stripe-users-api.herokuapp.com\/plans\/try\",\"publishableKey\":\"pk_test_51IT35jLrboGMNuFqQSgdF3N8sj0SIVmac5QIWVEifu1f9jijIWBxIS0k3SwsZHVbebkef5zTlTY1zqzQ4mrxccyI00Icv0ETqO\",\"comments\":\"isReplyOpen\":false,\"replyId\":0,\"repliesOpened\":[],\"commentsList\":[],\"totalComments\":0,\"totalPages\":0,\"updateProfileForm\":\"title\":\"\",\"name\":\"\",\"surname\":\"\",\"nickname\":\"\",\"address\":\"\",\"zip\":\"\",\"city\":\"\",\"country\":\"\",\"phone\":\"\",\"isSubmitting\":false,\"isNameEmpty\":false,\"isSurnameEmpty\":false,\"isZipEmpty\":false,\"isCountryEmpty\":false,\"updateEmailForm\":\"email\":\"\",\"password\":\"\",\"newEmail\":\"\",\"newEmailConfirmation\":\"\",\"isSubmitting\":false,\"isEmailEmpty\":false,\"isEmailMismatch\":false,\"isPasswordEmpty\":false,\"isPasswordMismatch\":false,\"isNewEmailEmpty\":false,\"isNewEmailConfirmationEmpty\":false,\"isNewEmailMismatch\":false,\"updatePasswordForm\":\"email\":\"\",\"password\":\"\",\"newPassword\":\"\",\"newPasswordConfirmation\":\"\",\"isSubmitting\":false,\"isEmailEmpty\":false,\"isEmailMismatch\":false,\"isPasswordEmpty\":false,\"isPasswordMismatch\":false,\"isNewPasswordEmpty\":false,\"isNewPasswordConfirmationEmpty\":false,\"isNewPasswordMismatch\":false,\"showPrayersPopup\":false,\"premiumContent\":\"account\":\"cta_my_newsletters_label\":\"Abonnez-vous \u00e0 la newsletter d\u2019Aleteia\",\"cta_my_newsletters_link\":\" your membership\",\"cta_my_subscriptions_link\":\"#\",\"cta_personal_infos_label\":\"Manage your data\",\"cta_personal_infos_link\":\"#\",\"my_account\":\"u003cpu003eu003cspan style=\"font-size: 23px\"u003eu003cemu003eu003cstrongu003eMy accountu003c\/strongu003eu003c\/emu003eu003c\/spanu003eu003c\/pu003en\",\"my_account_desktop\":\"\",\"my_newsletters\":\"u003cpu003eu003cspan style=\"font-size: 14px;font-family: 'Roboto Condensed'\"u003eu003cstrongu003eVotre newsletteru003c\/strongu003eu003c\/spanu003eu003c\/pu003en\",\"my_newsletters_desktop\":\"\",\"my_subscriptions\":\"u003cpu003eu003cspan style=\"font-size: 14px;font-family: 'Roboto Condensed'\"u003eu003cstrongu003eVotre abonnementu003cbr \/u003enu003c\/strongu003eu003c\/spanu003eu003cspan style=\"font-size: 13px;color: #575757\"u003eVous avez un abonnement premium.u003c\/spanu003eu003c\/pu003en\",\"my_subscriptions_desktop\":\"\",\"personal_infos\":\"u003cpu003eu003cspan style=\"font-family: 'Roboto Condensed'\"u003eu003cstrongu003eu003cspan style=\"font-size: 14px\"u003eVos informations u003c\/spanu003eu003c\/strongu003eu003c\/spanu003eu003cbr \/u003enu003cspan style=\"font-size: 13px;color: #575757\"u003eRetrouvez et administrez l'ensemble des informations personnelles et adresses associ\u00e9es \u00e0 votre compte Aleteia.u003c\/spanu003eu003c\/pu003en\",\"personal_infos_desktop\":\"\",\"app_tips_cta\":\"\/registration\/subscribe\",\"app_tips_cta_text\":\"Discover our Premium offer\",\"app_tips_text\":\"u003cpu003eNOTE: Please comment with a spirit of respect and charity. Aleteia reserves the right to not publish, or remove after publication, any comment, as we deem fit.u003c\/pu003en\",\"cheque\":\"address\":\"u003cpu003eu003cstrongu003eAleteiau003c\/strongu003eu003cbr \/u003en57, rue Gaston Tessieru003cbr \/u003en75019 Parisu003c\/pu003en\",\"address_desktop\":\"\",\"bottom_message\":\"u003cpu003eu003cspan style=\"font-size: 13px\"u003eIl est important de pr\u00e9ciser lors de cet envoi les nom, pr\u00e9nom et adresse e-mail utilis\u00e9s lors de l'inscription.u003c\/spanu003eu003c\/pu003enu003cpu003eu003cspan style=\"font-size: 13px\"u003eD\u00e8s que vous aurez valid\u00e9 cette \u00e9tape, votre abonnement sera activ\u00e9.u003c\/spanu003eu003cbr \/u003enu003cspan style=\"font-size: 13px\"u003eEnsuite, vous disposez d'une p\u00e9riode de un mois pour nous adresser votre r\u00e8glement. Pass\u00e9 ce d\u00e9lai, votre abonnement sera automatiquement annul\u00e9.u003c\/spanu003eu003c\/pu003en\",\"bottom_message_desktop\":\"\",\"bottom_note\":\"u003cpu003eu003cstrongu003eu003cspan style=\"font-family: 'Roboto Condensed';font-size: 13px;color: #000000\"u003eOur email address, in case you have any concerns or questions: u003ca href=\"mailto:premium@aleteia.org\"u003epremium@aleteia.orgu003c\/au003eu003c\/spanu003eu003c\/strongu003eu003c\/pu003en\",\"bottom_note_desktop\":\"\",\"cta_label\":\"Je valide mon abonnement pour 10\u20ac par an\",\"cta_link\":\"\",\"thankyou\":\"u003cpu003eu003cspan style=\"font-size: 12px;font-family: 'Roboto Condensed';color: #575757\"u003ePaiement par ch\u00e8que : uniquement pour la France m\u00e9tropolitaineu003c\/spanu003eu003c\/pu003enu003cpu003eu003cspan style=\"font-size: 14px\"u003eu003cemu003eMerci de bien vouloir adresser votre ch\u00e8que \u00e0u003cbr \/u003enl'ordre de Aleteia \u00e0 l'adresse suivante :u003c\/emu003eu003c\/spanu003eu003c\/pu003en\",\"thankyou_dektop\":\"\",\"top_note\":\"\",\"top_note_desktop\":\"\",\"comment_disclaimer\":\"u003cpu003eNOTE: Please comment with a spirit of respect and charity. Aleteia reserves the right to not publish, or remove after publication, any comment, as we deem fit.u003c\/pu003en\",\"cta_menu\":\"cta_label\":\"S\u2019abonner\",\"cta_link\":\"\/subscribe\/\",\"cta_menu_donations\":\"cta_label\":\"donate\",\"cta_link\":\"https:\/\/aleteia.org\/support-aleteia\/\",\"excerpt_blocks\":\"2\",\"fb_api_key\":\"AIzaSyCgYXJXTsk7sgOtBUZBvslUMsFIJ5j2WPs\",\"fb_auth_domain\":\"aleteia-subscriptions-prod.firebaseapp.com\",\"fb_project_id\":\"aleteia-subscriptions-prod\",\"features\":[\"text\":\"u003cp style=\"margin: 0\"u003eUnlimited access to all new Premium content from Aleteiau003c\/pu003en\",\"text\":\"u003cp style=\"margin: 0\"u003eLimited advertisingu003c\/pu003en\",\"text\":\"u003cp style=\"margin: 0\"u003eExclusive access to publish commentsu003c\/pu003en\"],\"features_all_saints\":[\"text\":\"u003cp style=\"margin: 0\"u003eUnlimited access to all new Premium content from Aleteiau003c\/pu003en\",\"text\":\"u003cp style=\"margin: 0\"u003eLimited advertisingu003c\/pu003en\",\"text\":\"u003cp style=\"margin: 0\"u003eExclusive access to publish commentsu003c\/pu003en\"],\"features_banner\":[\"text\":\"u003cp style=\"margin: 0\"u003eUnlimited access to all new Premium content from Aleteiau003c\/pu003en\",\"text\":\"u003cp style=\"margin: 0\"u003eLimited advertisingu003c\/pu003en\",\"text\":\"u003cp style=\"margin: 0\"u003eExclusive access to publish commentsu003c\/pu003en\"],\"fronted_enabled\":\"1\",\"nl_daily_list\":\"366c6b27-4e11-4063-9cd6-f47184e0145f\",\"nl_endpoint\":\"https:\/\/reports.aleteia.org\/subscriptions\",\"nl_imedia_list\":\"366c6b27-4e11-4063-9cd6-f47184e0145f\",\"nl_lists\":[\"id\":\"daily\",\"label\":\"Aleteia 24h Daily newsletter\",\"registration_label\":\"Aleteia 24h Daily newsletter\",\"title\":\"Daily en\",\"id\":\"weekly\",\"label\":\"Top 10 Most Read Stories of the Week\",\"registration_label\":\"Top 10 Most Read Stories of the Week\",\"title\":\"Weekly en\"],\"nl_weekly_list\":\"78e785e7-78f9-4f85-9d2f-4990e4b688f3\",\"offer_page\":\"advantages\":\"u003cpu003eu003cspan style=\"font-size: 16px\"u003eEt b\u00e9n\u00e9ficiez de tous ses avantages :u003c\/spanu003eu003c\/pu003en\",\"advantages_desktop\":\"u003cpu003eu003cspan style=\"font-size: 20px\"u003eEt b\u00e9n\u00e9ficiez de tous ses avantages :u003c\/spanu003eu003c\/pu003en\",\"become_member\":\"\",\"become_member_desktop\":\"\",\"prayer_intentions_cta\":\"\",\"prayer_intentions_cta_desktop\":\"\",\"prayer_intentions_image\":\"\",\"prayer_intentions_popup_text\":\"u003cpu003ePray for loved ones who are suffering,u003cbr \/u003enfor a young couple engaged to be married,u003cbr \/u003enfor a child who has lost his\/her faith.u003cbr \/u003enfor a coworker who has cancer,u003cbr \/u003enor for any of life's most important moments.u003c\/pu003enu003cdivu003enu003cpu003eAleteia has partnered with 550 monasteriesu003cbr \/u003ento support your particularu003cbr \/u003enprayer intentions.u003c\/pu003enu003cdivu003eYou can share your prayer intentionsu003cbr \/u003enfrom your account profileu003cbr \/u003enas soon as you become an Aleteia Premium member;u003cbr \/u003enyour prayers will be remembered by monks and nuns during their liturgies.u003c\/divu003enu003c\/divu003en\",\"prayer_intentions_popup_text_desktop\":\"u003cpu003ePray for loved ones who are suffering,u003cbr \/u003enfor a young couple engaged to be married,u003cbr \/u003enfor a child who has lost his\/her faith.u003cbr \/u003enfor a coworker who has cancer,u003cbr \/u003enor for any of life's most important moments.u003c\/pu003enu003cdivu003enu003cpu003eAleteia has partnered with 550 monasteriesu003cbr \/u003ento support your particularu003cbr \/u003enprayer intentions.u003c\/pu003enu003cdivu003eYou can share your prayer intentionsu003cbr \/u003enfrom your account profileu003cbr \/u003enas soon as you become an Aleteia Premium member;u003cbr \/u003enyour prayers will be remembered by monks and nuns during their liturgies.u003c\/divu003enu003c\/divu003en\",\"prayer_intentions_text\":\"\",\"prayer_intentions_text_desktop\":\"\",\"pre_advantages\":\"u003cp style=\"margin: 0\"u003eu003cspan style=\"font-size: 18px;color: #00214d\"u003eAbonnez-vous gratuitement \u00e0u003cbr \/u003enu003c\/spanu003eu003c\/pu003en\",\"pre_advantages2\":\"u003cp style=\"margin: 0\"u003eu003cspan style=\"font-size: 18px;color: #00214d\"u003eAleteia Premiumu003c\/spanu003eu003c\/pu003en\",\"pre_advantages2_desktop\":\"\",\"pre_advantages_desktop\":\"u003cpu003eu003cspan style=\"font-size: 20px;color: #00214d\"u003eAbonnez-vous gratuitement \u00e0 Aleteia Premiumu003c\/spanu003eu003c\/pu003en\",\"premium_offer\":\"u003cpu003eu003cspan style=\"font-size: 18px;color: #000000\"u003eDiscover all of these benefits:u003c\/spanu003eu003c\/pu003enu003cpu003eu003cspan style=\"font-size: 13px;font-family: 'Roboto Condensed';color: #000000\"u003eu003cstrongu003eAucun engagementu003c\/strongu003e : vous pouvez r\u00e9silier \u00e0 tout momentu003cbr \/u003enu003c\/spanu003eu003c\/pu003en\",\"premium_offer_app\":\"u003cpu003eDevenez membre de la communaut\u00e9 Aleteia !u003c\/pu003enu003cpu003eAbonnez-vous gratuitement \u00e0u003c\/pu003enu003cpu003e u003c\/pu003en\",\"premium_offer_desktop\":\"u003cpu003eu003cspan style=\"font-size: 20px;color: #000000\"u003eDiscover all of these benefits:u003c\/spanu003eu003c\/pu003enu003cpu003eu003cspan style=\"font-size: 16px;font-family: 'Roboto Condensed';color: #000000\"u003eu003cstrongu003eAucun engagementu003c\/strongu003e : vous pouvez r\u00e9silier \u00e0 tout momentu003c\/spanu003eu003c\/pu003en\",\"subscribe_for_free\":\"u003cpu003eu003cspan style=\"font-family: georgia, palatino;font-size: 17px;color: #000000;text-align: center\"u003eFree! - Without any commitmentu003cbr \/u003enYou can cancel anytimeu003c\/spanu003eu003c\/pu003en\",\"subscribe_for_free_desktop\":\"u003cpu003eu003cspan style=\"color: #000000;font-family: georgia, palatino;text-align: center\"u003eu003cspan style=\"font-size: 23px\"u003eFree! - Without any commitmentu003cbr \/u003enu003c\/spanu003eu003cspan style=\"font-size: 23px\"u003eYou can cancel anytimeu003c\/spanu003eu003cstrongu003eu003cspan style=\"font-size: 23px\"u003eu003cbr \/u003enu003c\/spanu003eu003c\/strongu003eu003c\/spanu003eu003c\/pu003en\",\"support_aleteia\":\"u003cpu003eu003cspan style=\"font-size: 16px;color: #00214d\"u003eu003cemu003eu003cstrongu003eSupport Aleteia mission u003c\/strongu003eu003c\/emu003eu003c\/spanu003eu003cbr \/u003enu003cspan style=\"font-size: 16px;color: #00214d\"u003eu003cemu003eu003cstrongu003eand its editorial staff of 75 journalists!u003c\/strongu003eu003c\/emu003eu003c\/spanu003eu003c\/pu003en\",\"support_aleteia_desktop\":\"u003cpu003eu003cspan style=\"font-size: 22px;color: #00214d\"u003eu003cemu003eu003cstrongu003eSupport Aleteia missionu003c\/strongu003eu003c\/emu003eu003c\/spanu003eu003cbr \/u003enu003cspan style=\"font-size: 22px;color: #00214d\"u003eu003cemu003eu003cstrongu003eand its editorial staff of 75 journalists!u003c\/strongu003eu003c\/emu003eu003c\/spanu003eu003c\/pu003en\",\"terms_conditions\":\"u003cpu003eu003cspan style=\"font-size: 14px\"u003eu003cstrongu003eu003cspan style=\"font-family: 'Roboto Condensed';color: #000000\"u003eOur email address, in case you have any concerns or questions: u003ca style=\"color: #005cc8\" href=\"mailto:premium@aleteia.org\"u003epremium@aleteia.orgu003c\/au003eu003c\/spanu003eu003c\/strongu003eu003c\/spanu003eu003c\/pu003en\",\"terms_conditions_desktop\":\"\",\"payment_app\":\"bottom_note\":\"u003cpu003eu003cspan style=\"font-family: 'Roboto Condensed';font-size: 12px;color: #575757\"u003eMissing text hereu003c\/spanu003eu003c\/pu003en\",\"bottom_note_desktop\":\"\",\"cta_label\":\"Pay now\",\"cta_label_2\":\"\",\"cta_link\":\"\",\"cta_link_2\":\"\",\"fiscal_deduction\":\"\",\"fiscal_deduction_desktop\":\"\",\"message\":\"u003cpu003eu003cemu003eu003cstrongu003eu003cspan style=\"font-size: 23px\"u003eSi le paiement n\u2019aboutit pas, vous pouvez faire une nouvelle tentative en cliquant ci-dessous :u003c\/spanu003eu003c\/strongu003eu003c\/emu003eu003c\/pu003en\",\"message_desktop\":\"\",\"top_note\":\"u003cpu003eu003cspan style=\"font-weight: 400\"u003eVotre r\u00e9glement est en cours de traitementu003c\/spanu003eu003c\/pu003en\",\"top_note_desktop\":\"\",\"payment_confirmed\":\"bottom_note\":\"u003cpu003eu003cspan style=\"font-family: georgia, palatino;font-size: 14px;color: #000000\"u003e*For tax-free donations, a receipt will be sent to you and you can make the apporiate deductions from your taxes.u003c\/spanu003eu003c\/pu003enu003cpu003eu003cstrongu003eu003cspan style=\"font-family: 'Roboto Condensed';font-size: 13px;color: #000000\"u003eOur email address, in case you have any concerns or questions: u003ca href=\"mailto:premium@aleteia.org\"u003epremium@aleteia.orgu003c\/au003eu003c\/spanu003eu003c\/strongu003eu003c\/pu003en\",\"bottom_note_desktop\":\"\",\"cta_label\":\"I'd like to make a tax-free* donation.\",\"cta_label_2\":\"\",\"cta_link\":\" you would like to take advantage of your process to makeu003cbr \/u003ena tax-free donation to Aleteia, please click here:u003c\/pu003en\",\"fiscal_deduction_desktop\":\"\",\"message\":\"u003cpu003eu003cspan style=\"font-size: 23px\"u003eu003cstrongu003eThank you u003c\/strongu003eu003c\/spanu003eu003cbr \/u003enu003cspan style=\"font-size: 23px\"u003efor your support of Aleteia!u003c\/spanu003eu003c\/pu003enu003cp style=\"line-height: 19px\"u003eu003cemu003eu003cspan style=\"font-size: 14px\"u003eYou can start enjoying your Premium membership right away!u003c\/spanu003eu003c\/emu003eu003c\/pu003enu003cp style=\"line-height: 21px\"u003eu003cspan style=\"font-size: 14px;font-family: 'Roboto Condensed';color: #000000\"u003eInvite your friends and family members to become Aleteia Premium members!u003c\/spanu003eu003cbr \/u003enu003cspan style=\"font-size: 14px;font-family: 'Roboto Condensed';color: #000000\"u003eWith your help the little mustard seed of our online community will be able to grow and bear fruit. u003c\/spanu003eu003c\/pu003en\",\"message_desktop\":\"\",\"top_note\":\"u003cpu003eYour registration has been confirmedu003c\/pu003enu003cpu003eYou are an Aleteia Premium member!u003c\/pu003en\",\"top_note_desktop\":\"u003cpu003eThank youu003c\/pu003en\",\"payment_rejected\":\"bottom_note\":\"u003cpu003eu003cspan style=\"font-weight: 400;font-family: 'Roboto Condensed';font-size: 12px\"u003eSi le probl\u00e8me persiste, n\u2019h\u00e9sitez pas \u00e0 nous contacter \u00e0 l\u2019adresse suivante : premium@aleteia.orgu003c\/spanu003eu003c\/pu003en\",\"bottom_note_desktop\":\"u003cpu003eu003cspan style=\"font-weight: 400;font-family: 'Roboto Condensed';font-size: 12px\"u003eSi le probl\u00e8me persiste, n\u2019h\u00e9sitez pas \u00e0 nous contacter \u00e0 l\u2019adresse suivante : premium@aleteia.orgu003c\/spanu003eu003c\/pu003en\",\"cta_label\":\"Nouvelle tentative de paiement\",\"cta_label_2\":\"\",\"cta_link\":\"\/payment\/\",\"cta_link_2\":\"\",\"fiscal_deduction\":\"\",\"fiscal_deduction_desktop\":\"\",\"message\":\"u003cpu003eu003cspan style=\"font-size: 23px\"u003eu003cstrongu003eVotre paiement n\u2019a pas pu \u00eatre valid\u00e9.u003c\/strongu003eu003c\/spanu003eu003c\/pu003enu003ch1u003eu003cemu003eu003cspan style=\"font-weight: 400;font-size: 14px\"u003eSi vous le souhaitez, vous pouvez faire une nouvelle tentative en cliquant ci-dessous :u003c\/spanu003eu003c\/emu003eu003c\/h1u003en\",\"message_desktop\":\"u003cpu003eu003cspan style=\"font-size: 27px\"u003eu003cstrongu003eVotre paiement n\u2019a pas pu \u00eatre valid\u00e9.u003c\/strongu003eu003c\/spanu003eu003c\/pu003enu003ch1u003eu003cspan style=\"font-size: 16px\"u003eu003cemu003eu003cspan style=\"font-weight: 400\"u003eSi vous le souhaitez, vous pouvez faire une nouvelle tentativeu003cbr \/u003enen cliquant ci-dessous :u003c\/spanu003eu003c\/emu003eu003c\/spanu003eu003c\/h1u003en\",\"top_note\":\"u003cpu003eu003cemu003eu003cstrongu003eu003cspan style=\"color: #00214d\"u003eUne erreur s\u2019est produite.u003c\/spanu003eu003c\/strongu003eu003c\/emu003eu003c\/pu003en\",\"top_note_desktop\":\"u003cpu003eu003cspan style=\"font-size: 20px\"u003eu003cemu003eu003cstrongu003eu003cspan style=\"color: #00214d\"u003eUne erreur s\u2019est produite.u003c\/spanu003eu003c\/strongu003eu003c\/emu003eu003c\/spanu003eu003c\/pu003en\",\"plans\":[\"active\":\"1\",\"plan_duration\":\"monthly\",\"product\":\"FR_M_1_P\",\"product_label\":\"0,99 \u20ac par mois\",\"store\":\"apple\",\"active\":\"1\",\"plan_duration\":\"monthly\",\"product\":\"fr_m_1\",\"product_label\":\"0,99 \u20ac par mois\",\"store\":\"google\",\"active\":\"1\",\"plan_duration\":\"yearly\",\"product\":\"FR_A_10_P\",\"product_label\":\"9,99 \u20ac par an\",\"product_label_app\":\"9,99 \u20ac par an\",\"store\":\"apple\",\"active\":\"1\",\"plan_duration\":\"yearly\",\"product\":\"fr_a_10\",\"product_label\":\"9,99 \u20ac par an\",\"product_label_app\":\"9,99 \u20ac par an\",\"store\":\"google\",\"active\":\"1\",\"plan_duration\":\"monthly\",\"product\":\"FR_M_1_W\",\"product_label\":\"Yes! I'll join Aleteia Premium!\",\"product_label_app\":\"Yes! I'll join Aleteia Premium!\",\"store\":\"web\",\"stripe_id\":\"price_1IgWU6LrboGMNuFqdw2YVfl7\",\"active\":\"1\",\"plan_duration\":\"yearly\",\"product\":\"FR_A_10_W\",\"product_label\":\"10 \u20ac par an par ch\u00e8que ou carte bancaire*\",\"product_label_app\":\"10 \u20ac par an par ch\u00e8que ou carte bancaire*\",\"store\":\"web\",\"stripe_id\":\"price_1IpVQuLrboGMNuFqtA6LtJaO\"],\"single_post\":\"article_reserved\":\"u003cpu003eu003cstrongu003eu003cspan style=\"color: #00214d;font-size: 18px\"u003eThe following is reserved for Aleteia Premium membersu003c\/spanu003eu003c\/strongu003eu003c\/pu003en\",\"article_reserved_desktop\":\"u003cpu003eu003cstrongu003eu003cspan style=\"color: #00214d;font-size: 20px\"u003eThe following is reserved for Aleteia Premium membersu003c\/spanu003eu003c\/strongu003eu003c\/pu003en\",\"cta_label\":\"Yes, register me for Aleteia Premium for free!\",\"cta_link\":\"\/subscribe\",\"subscriptions\":\"cta_after\":\"u003cpu003eThe information collected on this form is recorded by Aleteia to register you as a Premium member.u003c\/pu003enu003cpu003eYou can exercise your right to access and modify your personal data by contacting u003ca href=\"mailto:premium@aleteia.org\" style=\"color: #005cc8\"u003epremium@aleteia.orgu003c\/au003e.u003c\/pu003enu003cpu003eFor more information, please access the u003ca style=\"color: #005cc8\" href=\" for the protection of personal datau003c\/au003e.u003c\/pu003en\",\"cta_after_app\":\"u003cpu003eThe information collected on this form is recorded by Aleteia to register you as a Premium member.u003c\/pu003enu003cpu003eYou can exercise your right to access and modify your personal data by contacting u003ca style=\"color: #005cc8\" href=\"mailto:premium@aleteia.org\"u003epremium@aleteia.orgu003c\/au003e.u003c\/pu003enu003cpu003eFor more information, please access the u003ca href=\" for the protection of personal datau003c\/au003e.u003c\/pu003en\",\"cta_before\":\"u003cpu003eApr\u00e8s avoir accept\u00e9 les u003ca href=\" G\u00e9n\u00e9rales de Venteu003c\/uu003eu003c\/au003e et avoir pay\u00e9 le prix de ma commande, j'accepte express\u00e9ment d'acc\u00e9der \u00e0 la lecture du contenu que j'ai command\u00e9 et je renonce express\u00e9ment \u00e0 mon droit de r\u00e9tractation de 14 jours.u003c\/pu003en\",\"cta_before_app\":\"u003cpu003eVous pouvez acc\u00e9der aux conditions g\u00e9n\u00e9rales de vente en cliquant u003ca href=\"https:\/\/fr-staging.aleteia.org\/wp-content\/uploads\/sites\/6\/2021\/06\/conditions-generales-abonnement-aleteia.pdf\"u003eu003cuu003eICIu003c\/uu003eu003c\/au003eu003c\/pu003en\",\"title_list\":[\"title_name\":\"Father\",\"title_name\":\"Sister\",\"title_name\":\"Brother\",\"title_name\":\"Bishop\",\"title_name\":\"Monsignor\",\"title_name\":\"Deacon\",\"title_name\":\"Dr.\",\"title_name\":\"Prof.\",\"title_name\":\"Hon.\"],\"translations\":\"account_button\":\"My account\",\"addcomment_commentbutton\":\"Add a comment\",\"addcomment_subscriber\":\"Add a comment\",\"addcomment_writecomment\":\"Write a comment\",\"aleteia_premium_next_logo\":\"Aleteia Premium\",\"all_saints_disclaimer_1\":\"Aleteia Premium is u003cbu003e100% freeu003c\/bu003e.\",\"all_saints_submit\":\"Yes! I want to join Aleteia Premium!\",\"all_saints_title_1\":\"Join our Aleteia Premium Community [logo_premium]\",\"all_saints_title_2\":\"to share your prayer intentions\",\"already_subscribed\":\"Already a member?\",\"answer\":\"Reply\",\"article_reserved_subscribers\":null,\"back\":\"back\",\"become_premium_app\":\"Yes! I'll join Aleteia Premium!\",\"close\":\"close\",\"comment\":\"Comment\",\"comment_0\":\"Comments\",\"comments\":\"Comments\",\"comments_disclaimer_text_1\":\"NOTE: Please comment with a spirit of respect and charity. Aleteia reserves the right to not publish, or remove after publication, any comment, as we deem fit.\",\"comments_load_more_button\":\"See more\",\"comments_not_logged_already_member\":\"You are already a member?\",\"comments_not_logged_disclaimer_1\":\"Comment sections are exclusively for Aleteia Premium members\",\"comments_submit_button\":\"Publish the comment\",\"comments_textarea_placeholder\":\"Write a comment\",\"comments_view_more\":null,\"confirmation_top_note_row_1\":\"Your registration has been validated\",\"confirmation_top_note_row_2\":\"Welcome to Aleteia Premium!\",\"delete_my_account\":\"Delete my account\",\"donate_button\":\"Donate\",\"error_email_already_exists\":\"This email already exists\",\"error_email_invalid\":\"Invalid email\",\"error_emails_dont_match\":\"Email doesn't match\",\"error_empty_field\":null,\"error_password_too_short\":\"The password must be at least 8 characters\",\"error_passwords_dont_match\":\"The password doesn't match\",\"error_wrong_email\":\"The email does not match\",\"error_wrong_email_password\":\"wrong password\",\"error_wrong_password\":\"The password does not match\",\"field_optional\":\"Optional\",\"field_required\":\"Required\",\"following_advantges\":\"Discover all of these benefits:\",\"link_change_subscription\":\" in\",\"login_button_alt\":\"Log in\",\"login_form_email\":\"Email address\",\"login_form_password\":\"Password\",\"logout_button\":\"Log out\",\"modify_account_top_sentence\":null,\"modify_account_top_sentence_2_row\":null,\"multianswer\":\"%s Replies\",\"newsletter_checkbox_label\":null,\"next\":\"next\",\"or\":\"or\",\"partner_checkbox_label\":\"Yes, I would like to receive offers from Aleteia's partners\",\"prayer_intention_label\":\"Share my prayer intentions\",\"prayer_intention_label_row_2\":\"with Aleteia's partner monasteries.\",\"prayer_intention_link\":\" offers you\",\"premium_member\":\"Premium Member\",\"premium_subtitle\":\"This article is reserved for Aleteia Premium members\",\"premium_wall_text_1\":\"Already an Aleteia Premium member [logo_premium] ?\",\"premium_wall_text_10\":\"It's *FREE* and there's no commitment\",\"premium_wall_text_2\":\"to share your Prayer intentions\",\"premium_wall_text_3\":\"Not an Aleteia Premium member [logo_premium] ?\",\"premium_wall_text_4\":\"Become an Aleteia Premium member today!\",\"premium_wall_text_5\":\"You can cancel anytime\",\"premium_wall_text_6\":\"By becoming an Aleteia Premium member [logo_premium]\",\"premium_wall_text_7\":\"you join a community that promotes Christian values\",\"premium_wall_text_8\":\"Discover all of these benefits:\",\"premium_wall_text_9\":\"Log in\",\"profile_above_flags_optional\":\"You can change your choices now. Additional changes can be made at any time from your account management page.\",\"profile_add_list_desc\":\"You can choose which Aleteia newsletters you receive from the following list:\",\"profile_delete_list\":\"Remove\",\"profile_flag_not_subscribe_newsletter\":\"I do not wish to receive the daily newsletter\",\"profile_flag_not_subscribe_newsletter_imedia\":\"I do not wish to receive the newsletter \"The Vatican Letter\"\",\"profile_form_address\":\"Street Address\",\"profile_form_city\":\"City\",\"profile_form_confirm_email\":\"Confirm email\",\"profile_form_confirm_password\":\"Confirm Password\",\"profile_form_country\":\"Country\",\"profile_form_email\":\"Email address\",\"profile_form_name\":\"First Name\",\"profile_form_nickname\":\"Nickname (Optional)\",\"profile_form_notice\":null,\"profile_form_password\":\"Password\",\"profile_form_phone\":\"Telephone\",\"profile_form_postcode\":\"Zip code\",\"profile_form_surname\":\"Last Name\",\"profile_form_title_father\":\"Father\",\"profile_form_title_mr\":\"Mr.\",\"profile_form_title_ms\":\"Miss\/Mrs.\",\"profile_form_title_select_custom\":\"Other\",\"profile_form_title_sister\":\"Sister\",\"report\":\"Report\",\"save\":\"Submit\",\"subscribe_button\":\"Register\",\"subscribe_button_2ndrow\":\"(for FREE)\",\"subscribe_button_alt\":\"Become an Aleteia Premium member - for FREE!\",\"subscribe_button_alt_content\":null,\"subscription_breadcrumbs_confirmation\":\"Confirmation\",\"subscription_breadcrumbs_payment\":null,\"subscription_breadcrumbs_registration\":\"Your information\",\"support_christian_media\":\"Support media that promotes Christian values\",\"view_account_edit_confirm_new_email\":\"Confirm your new email\",\"view_account_edit_confirm_new_password\":\"Confirm new password\",\"view_account_edit_current_email\":\"Current e-mail address\",\"view_account_edit_current_password\":\"Current password\",\"view_account_edit_new_email\":\"New e-mail address\",\"view_account_edit_new_password\":\"New password\",\"view_account_edit_newsletter_checkbox_daily\":\"I do not wish to receive the daily newsletter\",\"view_account_edit_newsletter_checkbox_weekly_row_1\":null,\"view_account_edit_newsletter_checkbox_weekly_row_2\":null,\"view_account_edit_save\":\"Submit\",\"view_account_edit_section_email\":\"Your e-mail address\",\"view_account_edit_section_password\":\"Password\",\"view_account_edit_section_profile\":\"Your details\",\"view_account_edit_title\":\"Manage your information\",\"view_account_edit_title_newsletter_daily\":\"I do not wish to receive the daily newsletter\",\"view_account_edit_title_newsletter_weekly_1\":null,\"view_account_edit_title_newsletter_weekly_2\":null,\"view_account_nl_add_btn\":\"Add\",\"view_account_nl_select_list\":\"Select from the list\",\"view_account_nonldata\":\"Please be patient and allow a few moments for your changes to appear.\",\"view_account_not_subscribed\":null,\"view_account_on_trial\":null,\"view_account_restore_purchase\":null,\"view_account_save_prefs\":\"Save my preferences\",\"view_account_section_desc_newsletter\":\"To manage your newsletter subscritions, please contact us:\",\"view_account_section_desc_newsletter_2\":\"Your current subscriptions:\",\"view_account_section_desc_prayer_intentions\":\"\",\"view_account_section_desc_prayer_link\":\"\",\"view_account_section_desc_prayer_link_label\":\"\",\"view_account_section_desc_profile\":\"Access and manage all your account information.\",\"view_account_section_desc_subscription\":\"You are a member\",\"view_account_section_link_newsletter\":\"premium@aleteia.org\",\"view_account_section_link_profile\":\"Manage your data\",\"view_account_section_link_subscription\":\"Manage your membership\",\"view_account_section_title_newsletter\":\"Your newsletters\",\"view_account_section_title_profile\":\"Your information\",\"view_account_section_title_subscription\":\"Aleteia Premium\",\"view_account_subscribed\":\"Aleteia Premium Member\",\"view_account_title\":\"My account\",\"view_confirmation_continue_reading_button\":\"Continue reading\",\"view_login_already_subscribed\":\"Not an Aleteia Premium member? Register here - for FREE!\",\"view_login_forgot_password\":\"Forgot your password?\",\"view_login_remember_session\":\"Stay logged in\",\"view_login_submit_button\":\"Log in\",\"view_login_title\":\"Log in\",\"view_payment_card_cvc\":null,\"view_payment_card_expiration_date\":null,\"view_payment_card_number\":null,\"view_payment_contact_message\":null,\"view_payment_description\":null,\"view_payment_method\":null,\"view_payment_method_card\":null,\"view_payment_method_check\":null,\"view_payment_submit_button_monthly\":null,\"view_payment_submit_button_monthly_2\":\"Yes! I want the benefits of becoming an\",\"view_payment_submit_button_monthly_3\":\"Aleteia Premium member!\",\"view_payment_submit_button_monthly_4\":null,\"view_payment_submit_button_yearly\":null,\"view_payment_submit_button_yearly_2\":null,\"view_register_submit_button\":\"Submit\",\"view_reset_password_confirmation\":\"An email has been sent to your address to reset your password\",\"view_reset_password_submit_button\":\"Reset your password\",\"view_reset_password_title\":\"Reset your password\",\"viewcomment_writecomment\":\"Write a comment\",\"analytics\":\"pageviews\":\"googleTagManagerAnalytics\":true,\"ontheioAnalytics\":true,\"events\":\"googleTagManagerAnalytics\":true,\"googleTagManagerAnalytics\":\"containerId\":\"GTM-5897WKT\",\"router\":\"link\":\"\/2024\/03\/11\/women-must-have-support-to-welcome-gift-of-life-pope\/\",\"state\":,\"autoFetch\":true,\"ontheioAnalytics\":\"id\":\"LIIWj5ynD3B0\",\"promotions\":\"right_banners_ap_item_name\":\"donation\",\"right_banners_ap_promotion_name\":\"support_aleteia\",\"ap_item_name\":\"donation\",\"ap_promotion_name\":\"support_aleteia_patron\"}<\/script><script async src=\"https:\/\/platform.twitter.com\/widgets.js\" charset=\"utf-8\"><\/script><script async src=\"\/\/www.instagram.com\/embed.js\"><\/script><\/p>\n<h2> \u00c9lever nos propres et les pri\u00e8res pour nos familles au Seigneur matinale.<\/h2>\n<p>Cette finale partie de la pri\u00e8re du matin consiste \u00e0 prier pour nos amis, l\u2019ensemble de notre famille, nos coll\u00e8gues et nos communaut\u00e9. Nous pouvons prier pour leur, leur prosp\u00e9rit\u00e9, leur protection, et leur abondance. Nous pouvons \u00e9galement prier pour nos d\u00e9tracteurs et pour ceux qui nous ont bless\u00e9s, et demander \u00e0 Dieu de nous aider \u00e0 leur propre pardonner et \u00e0 leur d\u00e9montrer la compassion.<\/p>\n<h3> Implorer pour la vigueur et la tranquillit\u00e9 de nos \u00eatres chers.<\/h3>\n<p>Dieu tout-puissant, nous autres te confions nos proches, notre familles et nos connaissances. Prot\u00e8ge, \u00d4 Dieu, sur eux, et sauvegarde -les de tout p\u00e9ril et de toute maladie. Accorde, \u00d4 Seigneur, une sant\u00e9 du corps et de l\u2019esprit pour eux, et la paix dans leur esprit. Que ta protection puissante les esprits veille et les individus conduise chacun au long de cette journ\u00e9e, pour qu\u2019il puissent jouissent dans une tranquillit\u00e9 ainsi que la paix.<\/p>\n<p>Nous autres te prions aussi pour nos enfants, Seigneur tout-puissant, pour qu\u2019ils grandissent dans leur foi avec dans l\u2019amour de ton b\u00e9ni nom. Donne, cher Dieu, une sagesse et le courage n\u00e9cessaires afin de faire face \u00e0 les d\u00e9fis de la vie, et aussi dirige leurs pas sur le chemin de la v\u00e9rit\u00e9 et de la justice.<\/p>\n<p>Enfin, nous te prions \u00e0 nos amis et nos voisins, Seigneur, pour qu\u2019ils exp\u00e9rimentent la joie de ton amour et la tranquillit\u00e9 de ton pardon. Accorde-leur, \u00d4 Dieu, de c\u0153urs bienveillants pour partager avec ceux que dans le besoin, et mains largement ouvertes afin de accueillir ceux que seuls et aussi abandonn\u00e9s.<\/p>\n<h3> Prier pour notre ennemis ainsi que ceux que nous ont offens\u00e9s. <\/h3>\n<p>Seigneur, J\u00e9sus, nous t\u2019 prions pour nos ennemis ainsi que pour ceux-ci qui sont nous-m\u00eames ont offens\u00e9s. Accorde-leur, \u00f4 Christ, votre mis\u00e9ricorde et votre pardon, et aussi ouvre leur c\u0153ur \u00e0 la lumi\u00e8re des ta v\u00e9rit\u00e9. Aide-nous, \u00d4 Seigneur, \u00e0 leur montrer de la compassion et aussi \u00e0 leur pardonner comme tu nous-m\u00eames as pardonn\u00e9. Que votre paix r\u00e8gne dans nos c\u0153urs ainsi que que ton amour guide nos actions, pour que nous puissions vivre en harmonie avec tous ceux que nous-m\u00eames entourent.<\/p>\n<h3> Saisir la pri\u00e8re : <\/h3>\n<p>En conclusion, l\u2019 pri\u00e8re nous reconna\u00eet notre devoir tel que enfant de Dieu : exister des t\u00e9moins de l\u2019 lumi\u00e8re et de ses attachement dans une \u00e8re touch\u00e9e aux t\u00e9n\u00e8bres. \u00c0 travers nos mots et notre actes, nous diffusons la bonne nouvelle de l\u2019 s\u00e9r\u00e9nit\u00e9 et de la conciliation, offrant l\u2019esp\u00e9rance et la gu\u00e9rison \u00e0 un milieu ab\u00eem\u00e9.<\/p>\n<p>Au sein de la spiritualit\u00e9 chr\u00e9tienne, l\u2019 lever du jour rev\u00eat une importance distincte, symbolisant le renouveau et la r\u00e9g\u00e9n\u00e9ration spirituelle. C\u2019est \u00e0 l\u2019aube de chaque jour que l\u2019esprit se dirige vers l\u2019\u00c9ternel dans la pri\u00e8re, cherchant \u00e0 devenir \u00e9clair\u00e9e par la lumi\u00e8re divine. La coutume des pri\u00e8res matinales se r\u00e9v\u00e8le profond\u00e9ment enracin\u00e9e dans la tradition chr\u00e9tienne, offrant une p\u00e9riode exclusif pour \u00e9tablir une connexion avec l\u2019\u00c9ternel et se disposer int\u00e9rieurement aux \u00e9preuves de la journ\u00e9e qui s\u2019annonce.<\/p>\n<p>Au au c\u0153ur au sein de ces pri\u00e8res matinales s\u2019 trouve r\u00e9guli\u00e8rement une d\u00e9votion sp\u00e9ciale envers Marie, la maternelle de J\u00e9sus et aussi ic\u00f4ne sainte v\u00e9n\u00e9r\u00e9e par de nombreux fid\u00e8les. En tant m\u00e8re interm\u00e9diaire entre les hommes et Dieu, Marie est sollicit\u00e9e afin de interc\u00e9der en notre faveur, nous orientant sur le chemin de la saintet\u00e9 et de la gr\u00e2ce divine. Sa apparition parentale donne apaisement et protection, enveloppant nos pri\u00e8re matinales d\u2019une douceur c\u00e9leste.<\/p>\n<p>\u00c0 via les oraisons du matin, on est appel\u00e9s \u00e0 nous joindre \u00e0 Marie dans une d\u00e9marche de purification individuelle. Dans m\u00e9ditant sur sa vie et ses vertus, nous cherchons pour imiter sa humilit\u00e9, sa puret\u00e9 et son ob\u00e9issance \u00e0 la volont\u00e9 du Dieu. Gr\u00e2ce \u00e0 la saintet\u00e9 exemplaire, Marie est pour nous un mod\u00e8le pour vie chr\u00e9tienne, nous rem\u00e9morant l\u2019importance de la pri\u00e8re et de la contemplation au sein de notre cheminement spirituel.<\/p>\n<p>Joignons nos c\u0153urs dans la pri\u00e8re de debut de journ\u00e9e, dans l\u2019unit\u00e9 de notre confiance, en Marie, la m\u00e8re de notre Seigneur J\u00e9sus-Christ. Dans notre monde tourment\u00e9 par les conflits et la division, optons \u00e0 la pri\u00e8re pour trouver pour trouver la paix et la r\u00e9conciliation. Vous aussi vous pouvez envoyer une demande pour Marie <a target=\"_blank\" rel=\"nofollow\" href=\"https:\/\/editionsbussiere.com\/blog\/goto\/https:\/\/www.avemariasound.org\/\" >grace \u00e0 internet.<\/a> Que nos supplications s\u2019\u00e9l\u00e8vent vers le ciel, comme une offrande agr\u00e9able par Dieu, afin qu\u2019il guide \u00e9clairer nos pas sur la voie de la v\u00e9rit\u00e9 et de la justice. Saint Paul nous exhorte dans ses \u00e9p\u00eetres \u00e0 prier sans cesse, en toutes circonstances, afin que notre connexion \u00e0 Dieu soit solide et passionn\u00e9e. La pri\u00e8re, quand elle est sinc\u00e8rement offerte, a la capacit\u00e9 de changer nos c\u0153urs et de modifier le destin de l\u2019histoire.<\/p>\n<p>La oraison du matin se trouve \u00eatre un instant avantag\u00e9 pour se consacrer \u00e0 Dieu avec l\u2019intercession de Marie, en sacrifiant nos acclamations, nos actions de gr\u00e2ce et nos intentions les plus profondes. Dans la qui\u00e9tude de l\u2019aurore, on est invit\u00e9s pour tourner \u00e0 cette m\u00e8re sainte, laquelle nous guide avec tendresse au sujet de du chemin de la foi et l\u2019amour divin. \u00c0 travers unissant nos voix \u00e0 cette derni\u00e8re de Marie, on augmentons notre pri\u00e8res matinales envers le tr\u00f4ne de la gr\u00e2ce, confiants que nos supplications seront entendues et accueillies par du c\u0153ur mis\u00e9ricordieux de Dieu.<\/p>\n<h2> Pri\u00e8re pour le d\u00e9but de journ\u00e9e avec Dieu et Marie la Vierge<\/h2>\n<p>Seigneur tout-puissant et mis\u00e9ricordieux, en ce nouveau jour qui commence sous la clart\u00e9 de ta lumi\u00e8re c\u00e9leste, je viens \u00e0 Toi avec c\u0153ur rempli de confiance et d\u2019humilit\u00e9. Que cette journ\u00e9e qui s\u2019ouvre soit consacr\u00e9e \u00e0 ta gloire sainte, que chaque battement de mon c\u0153ur |chaque regard de mes yeux|chacune de mes paroles|chacun de mes gestes} te soit offert en offrande. Que chaque souffle qui anime mon corps soit un souffle d\u2019adoration |un souffle vers toi|un souffle de vie en toi}. Priez, priez, que nos c\u0153urs implorent, priez, suppliez.<\/p>\n<p>\u00c0 l\u2019instar de Marie, la sainte m\u00e8re qui a port\u00e9 en son sein l\u2019enfant J\u00e9sus, conduis-moi dans ce cheminement de foi et de d\u00e9votion. Que je puisse, par le biais de les pages de l\u2019\u00c9vangile, rencontrer la lumi\u00e8re pour \u00e9clairer mes pas et consolider ma foi. Comme Pierre, octroie-moi la vigueur et l\u2019audace d\u2019affronter les \u00e9preuves de ce monde avec une confiance absolue en ta providence.<\/p>\n<p>Dans ce moment de Car\u00eame, o\u00f9 les croyants et les croyantes se pr\u00e9parent \u00e0 comm\u00e9morer la r\u00e9surrection de J\u00e9sus-Christ, accorde-moi, Seigneur, la gr\u00e2ce du r\u00e9veil spirituel. Que mon esprit soit purifi\u00e9 de tout ce qui le souille, afin qu\u2019il devienne un sanctuaire pour ta divinit\u00e9. Que mes suppliques, inspir\u00e9e par l\u2019exemple de Fran\u00e7ois d\u2019Assise, sonne comme un hymne de louange \u00e0 travers les si\u00e8cles.<br \/>\nSeigneur, que chaque jour soit impr\u00e9gn\u00e9 de ta gr\u00e2ce, que chaque instant soit une occasion de te rencontrer et de te servir dans mes prochains. Que mon existence soit un t\u00e9moignage vivant de ta tendresse infinie pour l\u2019humanit\u00e9. Puissent les mots de la pri\u00e8re de Hozana monter vers toi comme un doux parfum, enveloppant toute ma journ\u00e9e dans une ambiance de paix. Priez, \u00c9glise, Fran\u00e7ois, Hozana.<\/p>\n<p>Que mon c\u0153ur, \u00d4 Seigneur, devienne un reflet du tien, rempli d\u2019amour, de compassion et de mis\u00e9ricorde envers les autres. Que chaque pens\u00e9e, chaque action soit guid\u00e9e par le Saint-Esprit, afin que je puisse contribuer \u00e0 l\u2019av\u00e8nement de ton r\u00e8gne de justice sur la terre.<\/p>\n<p>Que cette journ\u00e9e devienne une nouvelle \u00e9tape dans mon cheminement spirituel, une opportunit\u00e9 de grandir dans la foi. Seigneur, envahis mon c\u0153ur, \u00e9tablis-le comme ton sanctuaire, o\u00f9 ta pr\u00e9sence se manifeste constamment. Que chaque battement de mon c\u0153ur devienne un chant \u00e0 ta louange, Seigneur, pour l\u2019\u00e9ternit\u00e9. Amen.<\/p>\n<p>Au sein de le r\u00e9veil spirituel spiritualiste de toute \u00e2me chr\u00e9tienne, la supplication est essentielle. Celle-ci constitue la connexion \u00e9troite entre l\u2019enfant de l\u2019\u00c9ternel et sa m\u00e8re c\u00e9leste, Marie, qui prie pour nous en face de son sacr\u00e9 Fils. En utilisant l\u2019acte de pri\u00e8re, les fid\u00e8les nous introduisons au c\u0153ur de la lumi\u00e8re de la parole de Dieu, guid\u00e9s par l\u2019Esprit Saint, afin de trouver la v\u00e9rit\u00e9 et la b\u00e9n\u00e9diction que J\u00e9sus nous dispense.<\/p>\n<h2>Contemplation de la divine Parole de Dieu : <\/h2>\n<p>Nous pouvons m\u00e9diter sur un extrait biblique dont nous enseigne de la tendresse de Dieu. \u00c0 titre illustratif :<\/p>\n<h3>1 Corinthiens 13, 1-8 : <\/h3>\n<p>\u00ab\u00a0Et quand je distribuerais tous mes biens pour la nourriture des pauvres, quand je livrerais m\u00eame mon corps pour \u00eatre br\u00fbl\u00e9, si je n\u2019ai pas l\u2019amour, cela ne me sert \u00e0 rien..\u00a0\u00bb<\/p>\n<p>Vous aimerez aussi:<\/p>\n<p>Vers l\u2019enfance (Verhaeren).,<a target=\"_blank\" rel=\"nofollow\" href=\"https:\/\/editionsbussiere.com\/blog\/goto\/https:\/\/fr.wikisource.org\/wiki\/Vers_l%E2%80%99enfance_(Verhaeren)\"  target=\"_blank\" rel=\"noopener noreferrer nofollow\">L\u2019article de presse.<\/a><span><\/span><\/p>\n<p>Luther condamn\u00e9 par Photius.,<a target=\"_blank\" rel=\"nofollow\" href=\"https:\/\/editionsbussiere.com\/blog\/goto\/https:\/\/fr.wikisource.org\/wiki\/Luther_condamn%C3%A9_par_Photius\"  target=\"_blank\" rel=\"noopener noreferrer nofollow\">A lire ici.<\/a><span><\/span>. Suite sur le prochain article.<\/p>\n<p>Les Bapt\u00eames (Verhaeren).,<a target=\"_blank\" rel=\"nofollow\" href=\"https:\/\/editionsbussiere.com\/blog\/goto\/https:\/\/fr.wikisource.org\/wiki\/Les_Bapt%C3%AAmes_(Verhaeren)\"  target=\"_blank\" rel=\"noopener noreferrer nofollow\">Cliquer ICI.<\/a><span><\/span>. Suite sur le prochain article.<\/p>\n<p>Le Combat spirituel (Brignon)\/66.,<a target=\"_blank\" rel=\"nofollow\" href=\"https:\/\/editionsbussiere.com\/blog\/goto\/https:\/\/fr.wikisource.org\/wiki\/Le_Combat_spirituel_(Brignon)\/66\"  target=\"_blank\" rel=\"noopener noreferrer nofollow\">Cliquer ICI.<\/a><span><\/span><\/p>\n<p>Histoire d\u2019une Marie\/p2\/08.,<a target=\"_blank\" rel=\"nofollow\" href=\"https:\/\/editionsbussiere.com\/blog\/goto\/https:\/\/fr.wikisource.org\/wiki\/Histoire_d%E2%80%99une_Marie\/p2\/08\"  target=\"_blank\" rel=\"noopener noreferrer nofollow\">Le post d\u2019actualit\u00e9.<\/a><span><\/span><\/p>\n<p>Catherine Tekakwitha\/2\/2.,<a target=\"_blank\" rel=\"nofollow\" href=\"https:\/\/editionsbussiere.com\/blog\/goto\/https:\/\/fr.wikisource.org\/wiki\/Catherine_Tekakwitha\/2\/2\"  target=\"_blank\" rel=\"noopener noreferrer nofollow\">Ici.<\/a><span><\/span><\/p>\n<\/div>\n<p><img decoding=\"async\" class=\"wpe_imgrss\" src=\"https:\/\/editionsbussiere.com\/blog\/wp-content\/uploads\/2024\/03\/Les-femmes-doivent-beneficier-de-soutien-pour-accueillir-le-don.jpg\">Cet article a \u00e9t\u00e9 reconstitu\u00e9 du mieux possible. Dans l\u2019hypoth\u00e8se o\u00f9 vous souhaitez apporter quelques modifications concernant le th\u00e8me \u00ab\u00a0Editions \u00e9sot\u00e9rique fond\u00e9e en 1927\u00a0\u00bb, il est possible de discuter avec notre r\u00e9daction. Vous pouvez tirer profit de cet article traitant le sujet \u00ab\u00a0Editions \u00e9sot\u00e9rique fond\u00e9e en 1927\u00a0\u00bb. Il est concoct\u00e9 par l\u2019\u00e9quipe editionsbussiere.com. Le site editionsbussiere.com est fait pour cr\u00e9er divers posts autour du th\u00e8me Editions \u00e9sot\u00e9rique fond\u00e9e en 1927 d\u00e9velopp\u00e9es sur internet. Consultez notre site internet editionsbussiere.com et nos r\u00e9seaux sociaux pour \u00eatre au courant des futures annonces.<\/p>\n","protected":false},"excerpt":{"rendered":"<p>Vous profitez de votre s\u00e9jour sur Aleteia ? Des articles comme ceux-ci sont sponsoris\u00e9s gratuitement pour chaque catholique via le soutien de lecteurs g\u00e9n\u00e9reux juste comme toi. Gr\u00e2ce \u00e0 leur partenariat dans notre mission, nous atteignons plus de 20 millions d&rsquo;utilisateurs uniques par mois! Aidez-nous \u00e0 continuer d\u2019apporter l\u2019\u00c9vangile aux gens du monde entier \u00e0 [&hellip;]<\/p>\n","protected":false},"author":3,"featured_media":371,"comment_status":"closed","ping_status":"closed","sticky":false,"template":"","format":"standard","meta":{"footnotes":""},"categories":[3],"tags":[],"class_list":["post-370","post","type-post","status-publish","format-standard","has-post-thumbnail","hentry","category-editions-esoterique-fondee-en-1927-depeches","entry","fw-tab-6 fw-tabr-4","has-featured-image"],"yoast_head":"<!-- This site is optimized with the Yoast SEO plugin v27.5 - https:\/\/yoast.com\/product\/yoast-seo-wordpress\/ -->\n<title>Les femmes doivent b\u00e9n\u00e9ficier de soutien pour accueillir le don de la vie (Pape) avec une invocation pour commencer la journ\u00e9e. - EDITIONSBUSSIERE<\/title>\n<meta name=\"robots\" content=\"index, follow, max-snippet:-1, max-image-preview:large, max-video-preview:-1\" \/>\n<link rel=\"canonical\" href=\"https:\/\/editionsbussiere.com\/blog\/les-femmes-doivent-beneficier-de-soutien-pour-accueillir-le-don-de-la-vie-pape-avec-une-invocation-pour-commencer-la-journee\/\" \/>\n<meta property=\"og:locale\" content=\"fr_FR\" \/>\n<meta property=\"og:type\" content=\"article\" \/>\n<meta property=\"og:title\" content=\"Les femmes doivent b\u00e9n\u00e9ficier de soutien pour accueillir le don de la vie (Pape) avec une invocation pour commencer la journ\u00e9e. - EDITIONSBUSSIERE\" \/>\n<meta property=\"og:description\" content=\"Vous profitez de votre s\u00e9jour sur Aleteia ? Des articles comme ceux-ci sont sponsoris\u00e9s gratuitement pour chaque catholique via le soutien de lecteurs g\u00e9n\u00e9reux juste comme toi. Gr\u00e2ce \u00e0 leur partenariat dans notre mission, nous atteignons plus de 20 millions d&rsquo;utilisateurs uniques par mois! Aidez-nous \u00e0 continuer d\u2019apporter l\u2019\u00c9vangile aux gens du monde entier \u00e0 [&hellip;]\" \/>\n<meta property=\"og:url\" content=\"https:\/\/editionsbussiere.com\/blog\/les-femmes-doivent-beneficier-de-soutien-pour-accueillir-le-don-de-la-vie-pape-avec-une-invocation-pour-commencer-la-journee\/\" \/>\n<meta property=\"og:site_name\" content=\"EDITIONSBUSSIERE\" \/>\n<meta property=\"article:published_time\" content=\"2024-03-11T14:34:57+00:00\" \/>\n<meta property=\"og:image\" content=\"https:\/\/editionsbussiere.com\/blog\/wp-content\/uploads\/2024\/03\/Les-femmes-doivent-beneficier-de-soutien-pour-accueillir-le-don.jpg\" \/>\n<meta name=\"author\" content=\"Marie BATICLE\" \/>\n<meta name=\"twitter:card\" content=\"summary_large_image\" \/>\n<meta name=\"twitter:label1\" content=\"\u00c9crit par\" \/>\n\t<meta name=\"twitter:data1\" content=\"Marie BATICLE\" \/>\n\t<meta name=\"twitter:label2\" content=\"Dur\u00e9e de lecture estim\u00e9e\" \/>\n\t<meta name=\"twitter:data2\" content=\"9 minutes\" \/>\n<script type=\"application\/ld+json\" class=\"yoast-schema-graph\">{\"@context\":\"https:\\\/\\\/schema.org\",\"@graph\":[{\"@type\":\"Article\",\"@id\":\"https:\\\/\\\/editionsbussiere.com\\\/blog\\\/les-femmes-doivent-beneficier-de-soutien-pour-accueillir-le-don-de-la-vie-pape-avec-une-invocation-pour-commencer-la-journee\\\/#article\",\"isPartOf\":{\"@id\":\"https:\\\/\\\/editionsbussiere.com\\\/blog\\\/les-femmes-doivent-beneficier-de-soutien-pour-accueillir-le-don-de-la-vie-pape-avec-une-invocation-pour-commencer-la-journee\\\/\"},\"author\":{\"name\":\"Marie BATICLE\",\"@id\":\"https:\\\/\\\/editionsbussiere.com\\\/blog\\\/#\\\/schema\\\/person\\\/ec90e102792148c97e46ab871010dd8f\"},\"headline\":\"Les femmes doivent b\u00e9n\u00e9ficier de soutien pour accueillir le don de la vie (Pape) avec une invocation pour commencer la journ\u00e9e.\",\"datePublished\":\"2024-03-11T14:34:57+00:00\",\"mainEntityOfPage\":{\"@id\":\"https:\\\/\\\/editionsbussiere.com\\\/blog\\\/les-femmes-doivent-beneficier-de-soutien-pour-accueillir-le-don-de-la-vie-pape-avec-une-invocation-pour-commencer-la-journee\\\/\"},\"wordCount\":1840,\"publisher\":{\"@id\":\"https:\\\/\\\/editionsbussiere.com\\\/blog\\\/#organization\"},\"image\":{\"@id\":\"https:\\\/\\\/editionsbussiere.com\\\/blog\\\/les-femmes-doivent-beneficier-de-soutien-pour-accueillir-le-don-de-la-vie-pape-avec-une-invocation-pour-commencer-la-journee\\\/#primaryimage\"},\"thumbnailUrl\":\"https:\\\/\\\/editionsbussiere.com\\\/blog\\\/wp-content\\\/uploads\\\/2024\\\/03\\\/Les-femmes-doivent-beneficier-de-soutien-pour-accueillir-le-don.jpg\",\"articleSection\":[\"Editions \u00c9sot\u00e9rique Fond\u00e9e En 1927; D\u00e9p\u00e8ches:\"],\"inLanguage\":\"fr-FR\"},{\"@type\":\"WebPage\",\"@id\":\"https:\\\/\\\/editionsbussiere.com\\\/blog\\\/les-femmes-doivent-beneficier-de-soutien-pour-accueillir-le-don-de-la-vie-pape-avec-une-invocation-pour-commencer-la-journee\\\/\",\"url\":\"https:\\\/\\\/editionsbussiere.com\\\/blog\\\/les-femmes-doivent-beneficier-de-soutien-pour-accueillir-le-don-de-la-vie-pape-avec-une-invocation-pour-commencer-la-journee\\\/\",\"name\":\"Les femmes doivent b\u00e9n\u00e9ficier de soutien pour accueillir le don de la vie (Pape) avec une invocation pour commencer la journ\u00e9e. - EDITIONSBUSSIERE\",\"isPartOf\":{\"@id\":\"https:\\\/\\\/editionsbussiere.com\\\/blog\\\/#website\"},\"primaryImageOfPage\":{\"@id\":\"https:\\\/\\\/editionsbussiere.com\\\/blog\\\/les-femmes-doivent-beneficier-de-soutien-pour-accueillir-le-don-de-la-vie-pape-avec-une-invocation-pour-commencer-la-journee\\\/#primaryimage\"},\"image\":{\"@id\":\"https:\\\/\\\/editionsbussiere.com\\\/blog\\\/les-femmes-doivent-beneficier-de-soutien-pour-accueillir-le-don-de-la-vie-pape-avec-une-invocation-pour-commencer-la-journee\\\/#primaryimage\"},\"thumbnailUrl\":\"https:\\\/\\\/editionsbussiere.com\\\/blog\\\/wp-content\\\/uploads\\\/2024\\\/03\\\/Les-femmes-doivent-beneficier-de-soutien-pour-accueillir-le-don.jpg\",\"datePublished\":\"2024-03-11T14:34:57+00:00\",\"breadcrumb\":{\"@id\":\"https:\\\/\\\/editionsbussiere.com\\\/blog\\\/les-femmes-doivent-beneficier-de-soutien-pour-accueillir-le-don-de-la-vie-pape-avec-une-invocation-pour-commencer-la-journee\\\/#breadcrumb\"},\"inLanguage\":\"fr-FR\",\"potentialAction\":[{\"@type\":\"ReadAction\",\"target\":[\"https:\\\/\\\/editionsbussiere.com\\\/blog\\\/les-femmes-doivent-beneficier-de-soutien-pour-accueillir-le-don-de-la-vie-pape-avec-une-invocation-pour-commencer-la-journee\\\/\"]}]},{\"@type\":\"ImageObject\",\"inLanguage\":\"fr-FR\",\"@id\":\"https:\\\/\\\/editionsbussiere.com\\\/blog\\\/les-femmes-doivent-beneficier-de-soutien-pour-accueillir-le-don-de-la-vie-pape-avec-une-invocation-pour-commencer-la-journee\\\/#primaryimage\",\"url\":\"https:\\\/\\\/editionsbussiere.com\\\/blog\\\/wp-content\\\/uploads\\\/2024\\\/03\\\/Les-femmes-doivent-beneficier-de-soutien-pour-accueillir-le-don.jpg\",\"contentUrl\":\"https:\\\/\\\/editionsbussiere.com\\\/blog\\\/wp-content\\\/uploads\\\/2024\\\/03\\\/Les-femmes-doivent-beneficier-de-soutien-pour-accueillir-le-don.jpg\",\"width\":620,\"height\":310,\"caption\":\"Les femmes doivent beneficier de soutien pour accueillir le don\"},{\"@type\":\"BreadcrumbList\",\"@id\":\"https:\\\/\\\/editionsbussiere.com\\\/blog\\\/les-femmes-doivent-beneficier-de-soutien-pour-accueillir-le-don-de-la-vie-pape-avec-une-invocation-pour-commencer-la-journee\\\/#breadcrumb\",\"itemListElement\":[{\"@type\":\"ListItem\",\"position\":1,\"name\":\"Accueil\",\"item\":\"https:\\\/\\\/editionsbussiere.com\\\/blog\\\/\"},{\"@type\":\"ListItem\",\"position\":2,\"name\":\"Les femmes doivent b\u00e9n\u00e9ficier de soutien pour accueillir le don de la vie (Pape) avec une invocation pour commencer la journ\u00e9e.\"}]},{\"@type\":\"WebSite\",\"@id\":\"https:\\\/\\\/editionsbussiere.com\\\/blog\\\/#website\",\"url\":\"https:\\\/\\\/editionsbussiere.com\\\/blog\\\/\",\"name\":\"EDITIONSBUSSIERE\",\"description\":\"Editions \u00e9sot\u00e9rique fond\u00e9e en 1927; site historique, A SAVOIR ET RETENIR.\",\"publisher\":{\"@id\":\"https:\\\/\\\/editionsbussiere.com\\\/blog\\\/#organization\"},\"potentialAction\":[{\"@type\":\"SearchAction\",\"target\":{\"@type\":\"EntryPoint\",\"urlTemplate\":\"https:\\\/\\\/editionsbussiere.com\\\/blog\\\/?s={search_term_string}\"},\"query-input\":{\"@type\":\"PropertyValueSpecification\",\"valueRequired\":true,\"valueName\":\"search_term_string\"}}],\"inLanguage\":\"fr-FR\"},{\"@type\":\"Organization\",\"@id\":\"https:\\\/\\\/editionsbussiere.com\\\/blog\\\/#organization\",\"name\":\"editionsbussiere\",\"url\":\"https:\\\/\\\/editionsbussiere.com\\\/blog\\\/\",\"logo\":{\"@type\":\"ImageObject\",\"inLanguage\":\"fr-FR\",\"@id\":\"https:\\\/\\\/editionsbussiere.com\\\/blog\\\/#\\\/schema\\\/logo\\\/image\\\/\",\"url\":\"https:\\\/\\\/editionsbussiere.com\\\/blog\\\/wp-content\\\/uploads\\\/2023\\\/09\\\/cropped-buss.gif\",\"contentUrl\":\"https:\\\/\\\/editionsbussiere.com\\\/blog\\\/wp-content\\\/uploads\\\/2023\\\/09\\\/cropped-buss.gif\",\"width\":298,\"height\":120,\"caption\":\"editionsbussiere\"},\"image\":{\"@id\":\"https:\\\/\\\/editionsbussiere.com\\\/blog\\\/#\\\/schema\\\/logo\\\/image\\\/\"}},{\"@type\":\"Person\",\"@id\":\"https:\\\/\\\/editionsbussiere.com\\\/blog\\\/#\\\/schema\\\/person\\\/ec90e102792148c97e46ab871010dd8f\",\"name\":\"Marie BATICLE\",\"image\":{\"@type\":\"ImageObject\",\"inLanguage\":\"fr-FR\",\"@id\":\"https:\\\/\\\/secure.gravatar.com\\\/avatar\\\/c923e52403b1b8137e2d929127211d21967e6aecaa053bd43b09da29f212e76e?s=96&d=mm&r=g\",\"url\":\"https:\\\/\\\/secure.gravatar.com\\\/avatar\\\/c923e52403b1b8137e2d929127211d21967e6aecaa053bd43b09da29f212e76e?s=96&d=mm&r=g\",\"contentUrl\":\"https:\\\/\\\/secure.gravatar.com\\\/avatar\\\/c923e52403b1b8137e2d929127211d21967e6aecaa053bd43b09da29f212e76e?s=96&d=mm&r=g\",\"caption\":\"Marie BATICLE\"},\"url\":\"https:\\\/\\\/editionsbussiere.com\\\/blog\\\/author\\\/eremarie\\\/\"}]}<\/script>\n<!-- \/ Yoast SEO plugin. -->","yoast_head_json":{"title":"Les femmes doivent b\u00e9n\u00e9ficier de soutien pour accueillir le don de la vie (Pape) avec une invocation pour commencer la journ\u00e9e. - EDITIONSBUSSIERE","robots":{"index":"index","follow":"follow","max-snippet":"max-snippet:-1","max-image-preview":"max-image-preview:large","max-video-preview":"max-video-preview:-1"},"canonical":"https:\/\/editionsbussiere.com\/blog\/les-femmes-doivent-beneficier-de-soutien-pour-accueillir-le-don-de-la-vie-pape-avec-une-invocation-pour-commencer-la-journee\/","og_locale":"fr_FR","og_type":"article","og_title":"Les femmes doivent b\u00e9n\u00e9ficier de soutien pour accueillir le don de la vie (Pape) avec une invocation pour commencer la journ\u00e9e. - EDITIONSBUSSIERE","og_description":"Vous profitez de votre s\u00e9jour sur Aleteia ? Des articles comme ceux-ci sont sponsoris\u00e9s gratuitement pour chaque catholique via le soutien de lecteurs g\u00e9n\u00e9reux juste comme toi. Gr\u00e2ce \u00e0 leur partenariat dans notre mission, nous atteignons plus de 20 millions d&rsquo;utilisateurs uniques par mois! Aidez-nous \u00e0 continuer d\u2019apporter l\u2019\u00c9vangile aux gens du monde entier \u00e0 [&hellip;]","og_url":"https:\/\/editionsbussiere.com\/blog\/les-femmes-doivent-beneficier-de-soutien-pour-accueillir-le-don-de-la-vie-pape-avec-une-invocation-pour-commencer-la-journee\/","og_site_name":"EDITIONSBUSSIERE","article_published_time":"2024-03-11T14:34:57+00:00","og_image":[{"url":"https:\/\/editionsbussiere.com\/blog\/wp-content\/uploads\/2024\/03\/Les-femmes-doivent-beneficier-de-soutien-pour-accueillir-le-don.jpg","type":"","width":"","height":""}],"author":"Marie BATICLE","twitter_card":"summary_large_image","twitter_misc":{"\u00c9crit par":"Marie BATICLE","Dur\u00e9e de lecture estim\u00e9e":"9 minutes"},"schema":{"@context":"https:\/\/schema.org","@graph":[{"@type":"Article","@id":"https:\/\/editionsbussiere.com\/blog\/les-femmes-doivent-beneficier-de-soutien-pour-accueillir-le-don-de-la-vie-pape-avec-une-invocation-pour-commencer-la-journee\/#article","isPartOf":{"@id":"https:\/\/editionsbussiere.com\/blog\/les-femmes-doivent-beneficier-de-soutien-pour-accueillir-le-don-de-la-vie-pape-avec-une-invocation-pour-commencer-la-journee\/"},"author":{"name":"Marie BATICLE","@id":"https:\/\/editionsbussiere.com\/blog\/#\/schema\/person\/ec90e102792148c97e46ab871010dd8f"},"headline":"Les femmes doivent b\u00e9n\u00e9ficier de soutien pour accueillir le don de la vie (Pape) avec une invocation pour commencer la journ\u00e9e.","datePublished":"2024-03-11T14:34:57+00:00","mainEntityOfPage":{"@id":"https:\/\/editionsbussiere.com\/blog\/les-femmes-doivent-beneficier-de-soutien-pour-accueillir-le-don-de-la-vie-pape-avec-une-invocation-pour-commencer-la-journee\/"},"wordCount":1840,"publisher":{"@id":"https:\/\/editionsbussiere.com\/blog\/#organization"},"image":{"@id":"https:\/\/editionsbussiere.com\/blog\/les-femmes-doivent-beneficier-de-soutien-pour-accueillir-le-don-de-la-vie-pape-avec-une-invocation-pour-commencer-la-journee\/#primaryimage"},"thumbnailUrl":"https:\/\/editionsbussiere.com\/blog\/wp-content\/uploads\/2024\/03\/Les-femmes-doivent-beneficier-de-soutien-pour-accueillir-le-don.jpg","articleSection":["Editions \u00c9sot\u00e9rique Fond\u00e9e En 1927; D\u00e9p\u00e8ches:"],"inLanguage":"fr-FR"},{"@type":"WebPage","@id":"https:\/\/editionsbussiere.com\/blog\/les-femmes-doivent-beneficier-de-soutien-pour-accueillir-le-don-de-la-vie-pape-avec-une-invocation-pour-commencer-la-journee\/","url":"https:\/\/editionsbussiere.com\/blog\/les-femmes-doivent-beneficier-de-soutien-pour-accueillir-le-don-de-la-vie-pape-avec-une-invocation-pour-commencer-la-journee\/","name":"Les femmes doivent b\u00e9n\u00e9ficier de soutien pour accueillir le don de la vie (Pape) avec une invocation pour commencer la journ\u00e9e. - EDITIONSBUSSIERE","isPartOf":{"@id":"https:\/\/editionsbussiere.com\/blog\/#website"},"primaryImageOfPage":{"@id":"https:\/\/editionsbussiere.com\/blog\/les-femmes-doivent-beneficier-de-soutien-pour-accueillir-le-don-de-la-vie-pape-avec-une-invocation-pour-commencer-la-journee\/#primaryimage"},"image":{"@id":"https:\/\/editionsbussiere.com\/blog\/les-femmes-doivent-beneficier-de-soutien-pour-accueillir-le-don-de-la-vie-pape-avec-une-invocation-pour-commencer-la-journee\/#primaryimage"},"thumbnailUrl":"https:\/\/editionsbussiere.com\/blog\/wp-content\/uploads\/2024\/03\/Les-femmes-doivent-beneficier-de-soutien-pour-accueillir-le-don.jpg","datePublished":"2024-03-11T14:34:57+00:00","breadcrumb":{"@id":"https:\/\/editionsbussiere.com\/blog\/les-femmes-doivent-beneficier-de-soutien-pour-accueillir-le-don-de-la-vie-pape-avec-une-invocation-pour-commencer-la-journee\/#breadcrumb"},"inLanguage":"fr-FR","potentialAction":[{"@type":"ReadAction","target":["https:\/\/editionsbussiere.com\/blog\/les-femmes-doivent-beneficier-de-soutien-pour-accueillir-le-don-de-la-vie-pape-avec-une-invocation-pour-commencer-la-journee\/"]}]},{"@type":"ImageObject","inLanguage":"fr-FR","@id":"https:\/\/editionsbussiere.com\/blog\/les-femmes-doivent-beneficier-de-soutien-pour-accueillir-le-don-de-la-vie-pape-avec-une-invocation-pour-commencer-la-journee\/#primaryimage","url":"https:\/\/editionsbussiere.com\/blog\/wp-content\/uploads\/2024\/03\/Les-femmes-doivent-beneficier-de-soutien-pour-accueillir-le-don.jpg","contentUrl":"https:\/\/editionsbussiere.com\/blog\/wp-content\/uploads\/2024\/03\/Les-femmes-doivent-beneficier-de-soutien-pour-accueillir-le-don.jpg","width":620,"height":310,"caption":"Les femmes doivent beneficier de soutien pour accueillir le don"},{"@type":"BreadcrumbList","@id":"https:\/\/editionsbussiere.com\/blog\/les-femmes-doivent-beneficier-de-soutien-pour-accueillir-le-don-de-la-vie-pape-avec-une-invocation-pour-commencer-la-journee\/#breadcrumb","itemListElement":[{"@type":"ListItem","position":1,"name":"Accueil","item":"https:\/\/editionsbussiere.com\/blog\/"},{"@type":"ListItem","position":2,"name":"Les femmes doivent b\u00e9n\u00e9ficier de soutien pour accueillir le don de la vie (Pape) avec une invocation pour commencer la journ\u00e9e."}]},{"@type":"WebSite","@id":"https:\/\/editionsbussiere.com\/blog\/#website","url":"https:\/\/editionsbussiere.com\/blog\/","name":"EDITIONSBUSSIERE","description":"Editions \u00e9sot\u00e9rique fond\u00e9e en 1927; site historique, A SAVOIR ET RETENIR.","publisher":{"@id":"https:\/\/editionsbussiere.com\/blog\/#organization"},"potentialAction":[{"@type":"SearchAction","target":{"@type":"EntryPoint","urlTemplate":"https:\/\/editionsbussiere.com\/blog\/?s={search_term_string}"},"query-input":{"@type":"PropertyValueSpecification","valueRequired":true,"valueName":"search_term_string"}}],"inLanguage":"fr-FR"},{"@type":"Organization","@id":"https:\/\/editionsbussiere.com\/blog\/#organization","name":"editionsbussiere","url":"https:\/\/editionsbussiere.com\/blog\/","logo":{"@type":"ImageObject","inLanguage":"fr-FR","@id":"https:\/\/editionsbussiere.com\/blog\/#\/schema\/logo\/image\/","url":"https:\/\/editionsbussiere.com\/blog\/wp-content\/uploads\/2023\/09\/cropped-buss.gif","contentUrl":"https:\/\/editionsbussiere.com\/blog\/wp-content\/uploads\/2023\/09\/cropped-buss.gif","width":298,"height":120,"caption":"editionsbussiere"},"image":{"@id":"https:\/\/editionsbussiere.com\/blog\/#\/schema\/logo\/image\/"}},{"@type":"Person","@id":"https:\/\/editionsbussiere.com\/blog\/#\/schema\/person\/ec90e102792148c97e46ab871010dd8f","name":"Marie BATICLE","image":{"@type":"ImageObject","inLanguage":"fr-FR","@id":"https:\/\/secure.gravatar.com\/avatar\/c923e52403b1b8137e2d929127211d21967e6aecaa053bd43b09da29f212e76e?s=96&d=mm&r=g","url":"https:\/\/secure.gravatar.com\/avatar\/c923e52403b1b8137e2d929127211d21967e6aecaa053bd43b09da29f212e76e?s=96&d=mm&r=g","contentUrl":"https:\/\/secure.gravatar.com\/avatar\/c923e52403b1b8137e2d929127211d21967e6aecaa053bd43b09da29f212e76e?s=96&d=mm&r=g","caption":"Marie BATICLE"},"url":"https:\/\/editionsbussiere.com\/blog\/author\/eremarie\/"}]}},"_links":{"self":[{"href":"https:\/\/editionsbussiere.com\/blog\/wp-json\/wp\/v2\/posts\/370","targetHints":{"allow":["GET"]}}],"collection":[{"href":"https:\/\/editionsbussiere.com\/blog\/wp-json\/wp\/v2\/posts"}],"about":[{"href":"https:\/\/editionsbussiere.com\/blog\/wp-json\/wp\/v2\/types\/post"}],"author":[{"embeddable":true,"href":"https:\/\/editionsbussiere.com\/blog\/wp-json\/wp\/v2\/users\/3"}],"replies":[{"embeddable":true,"href":"https:\/\/editionsbussiere.com\/blog\/wp-json\/wp\/v2\/comments?post=370"}],"version-history":[{"count":0,"href":"https:\/\/editionsbussiere.com\/blog\/wp-json\/wp\/v2\/posts\/370\/revisions"}],"wp:featuredmedia":[{"embeddable":true,"href":"https:\/\/editionsbussiere.com\/blog\/wp-json\/wp\/v2\/media\/371"}],"wp:attachment":[{"href":"https:\/\/editionsbussiere.com\/blog\/wp-json\/wp\/v2\/media?parent=370"}],"wp:term":[{"taxonomy":"category","embeddable":true,"href":"https:\/\/editionsbussiere.com\/blog\/wp-json\/wp\/v2\/categories?post=370"},{"taxonomy":"post_tag","embeddable":true,"href":"https:\/\/editionsbussiere.com\/blog\/wp-json\/wp\/v2\/tags?post=370"}],"curies":[{"name":"wp","href":"https:\/\/api.w.org\/{rel}","templated":true}]}}