{"id":345,"date":"2024-03-08T11:09:06","date_gmt":"2024-03-08T10:09:06","guid":{"rendered":"https:\/\/editionsbussiere.com\/blog\/une-organisation-caritative-catholique-vise-a-autonomiser-les-femmes-des-peripheries-et-au-dela-et-requete-matinale\/"},"modified":"2024-03-08T11:09:06","modified_gmt":"2024-03-08T10:09:06","slug":"une-organisation-caritative-catholique-vise-a-autonomiser-les-femmes-des-peripheries-et-au-dela-et-requete-matinale","status":"publish","type":"post","link":"https:\/\/editionsbussiere.com\/blog\/une-organisation-caritative-catholique-vise-a-autonomiser-les-femmes-des-peripheries-et-au-dela-et-requete-matinale\/","title":{"rendered":"Une organisation caritative catholique vise \u00e0 autonomiser les femmes des p\u00e9riph\u00e9ries et au-del\u00e0\n et requ\u00eate matinale."},"content":{"rendered":"<div><img width=\"580\" height=\"326\" src=\"https:\/\/editionsbussiere.com\/blog\/wp-content\/uploads\/2024\/03\/Une-organisation-caritative-catholique-vise-a-autonomiser-les-femmes-des-1024x576-1.jpg\" class=\"attachment-large size-large wp-post-image\" alt=\"Une organisation caritative catholique vise \u00e0 autonomiser les femmes des\" style=\"float:left; margin:0 15px 15px 0;\" decoding=\"async\" srcset=\"https:\/\/editionsbussiere.com\/blog\/wp-content\/uploads\/2024\/03\/Une-organisation-caritative-catholique-vise-a-autonomiser-les-femmes-des-1024x576-1.jpg 1024w, https:\/\/www.n42.fr\/wp-content\/uploads\/2024\/03\/Une-organisation-caritative-catholique-vise-a-autonomiser-les-femmes-des-300x169.jpg 300w, https:\/\/www.n42.fr\/wp-content\/uploads\/2024\/03\/Une-organisation-caritative-catholique-vise-a-autonomiser-les-femmes-des-768x432.jpg 768w, https:\/\/www.n42.fr\/wp-content\/uploads\/2024\/03\/Une-organisation-caritative-catholique-vise-a-autonomiser-les-femmes-des.jpg 1140w\" sizes=\"(max-width: 580px) 100vw, 580px\"><\/p>\n<p>\n<\/p>\n<div>\n<p>ROME \u2013 Cette ann\u00e9e, \u00e0 l&rsquo;occasion de la Journ\u00e9e internationale de la femme, l&rsquo;organisation caritative catholique mondiale Caritas Internationalis a publi\u00e9 une nouvelle brochure explorant \u00e0 la fois le fondement spirituel du leadership des femmes et donnant la parole aux protagonistes f\u00e9minines du monde entier.<\/p>\n<p>Dans une avant-premi\u00e8re du livret intitul\u00e9 \u00ab \u00c9galit\u00e9, rencontre et renouveau \u00bb et publi\u00e9 le 7 mars, s\u0153ur Alessandra Smerilli, secr\u00e9taire du Dicast\u00e8re pour le service du d\u00e9veloppement humain int\u00e9gral, a d\u00e9plor\u00e9 la marginalisation historique des femmes dans le monde.<\/p>\n<div id=\"div-gpt-ad-3284456-7\" data-variant=\"large\" class=\"md:hidden ad-box bg-bg-shade mx-auto clear-both relative max-w-full z-0 overflow-hidden mb-6 last:mb-0  w-80 h-[50px] lg:w-[970px] lg:h-[250px] \">\n<div class=\"absolute top-1\/2 left-1\/2 -translate-x-1\/2 -translate-y-1\/2 h-8 w-32 max-h-[40%] max-w-[90%] -z-10 dark:opacity-25\"><\/div>\n<\/div>\n<div id=\"div-gpt-ad-3284456-2\" data-variant=\"small\" class=\"hidden md:block ad-box bg-bg-shade mx-auto clear-both relative max-w-full z-0 overflow-hidden mb-6 last:mb-0 w-[300px] h-[250px]  \">\n<div class=\"absolute top-1\/2 left-1\/2 -translate-x-1\/2 -translate-y-1\/2 h-8 w-32 max-h-[40%] max-w-[90%] -z-10 dark:opacity-25\"><\/div>\n<\/div>\n<p>\u00ab Malgr\u00e9 l\u2019\u00e9galit\u00e9 de dignit\u00e9 de chaque personne humaine, historiquement, au fil des si\u00e8cles, dans de nombreux aspects de la vie, les femmes n\u2019ont pas eu acc\u00e8s aux m\u00eames opportunit\u00e9s que les hommes \u00bb, a-t-elle d\u00e9clar\u00e9.<\/p>\n<p>En plus d\u2019\u00eatre confront\u00e9es \u00e0 de nombreux obstacles en mati\u00e8re d\u2019opportunit\u00e9s, les femmes et les filles, a-t-elle d\u00e9clar\u00e9, \u00ab ont \u00e9galement \u00e9t\u00e9 de mani\u00e8re disproportionn\u00e9e des victimes innocentes de violations de la dignit\u00e9 humaine \u00bb.<\/p>\n<div id=\"div-gpt-ad-3284456-4\" data-variant=\"small\" class=\" ad-box bg-bg-shade mx-auto clear-both relative max-w-full z-0 overflow-hidden mb-6 last:mb-0 w-[300px] h-[250px]  \">\n<div class=\"absolute top-1\/2 left-1\/2 -translate-x-1\/2 -translate-y-1\/2 h-8 w-32 max-h-[40%] max-w-[90%] -z-10 dark:opacity-25\"><\/div>\n<\/div>\n<p>\u00ab\u00a0L&rsquo;exclusion sociale et culturelle syst\u00e9matique des femmes\u00a0\u00bb n&rsquo;est pas une chose du pass\u00e9, mais elle peut \u00e9galement \u00eatre constat\u00e9e \u00ab\u00a0quand on regarde le visage des dirigeants dans le monde d&rsquo;aujourd&rsquo;hui\u00a0\u00bb, a d\u00e9clar\u00e9 Smerilli, notant que les femmes \u00ab\u00a0ne b\u00e9n\u00e9ficient toujours pas d&rsquo;une repr\u00e9sentation \u00e9quilibr\u00e9e\u00a0\u00bb. dans le leadership et la prise de d\u00e9cision dans de nombreux gouvernements et organisations \u00bb, bien qu&rsquo;ils repr\u00e9sentent la moiti\u00e9 de la population mondiale.<\/p>\n<p>Elle a lou\u00e9 le livret pour avoir abord\u00e9 la question du leadership des femmes et en avoir jet\u00e9 les bases, tant au niveau scripturaire que sur la base de l&rsquo;enseignement social catholique.<\/p>\n<p>Smerilli a d\u00e9clar\u00e9 que le livret \u00e9tait une invitation \u00e0 faciliter \u00ab des opportunit\u00e9s d\u2019\u00e9coute et de dialogue, \u00e0 entrer dans des moments de rencontre, o\u00f9 les situations des femmes peuvent \u00eatre entendues \u00bb, conduisant \u00e0 la fois \u00e0 une compr\u00e9hension plus profonde des probl\u00e8mes et des lacunes, et \u00e0 la mani\u00e8re d\u2019y r\u00e9pondre.<\/p>\n<div id=\"div-gpt-ad-3284456-5\" data-variant=\"small\" class=\"hidden md:block ad-box bg-bg-shade mx-auto clear-both relative max-w-full z-0 overflow-hidden mb-6 last:mb-0 w-[300px] h-[250px]  \">\n<div class=\"absolute top-1\/2 left-1\/2 -translate-x-1\/2 -translate-y-1\/2 h-8 w-32 max-h-[40%] max-w-[90%] -z-10 dark:opacity-25\"><\/div>\n<\/div>\n<p>\u00ab Chaque personne humaine est fondamentalement li\u00e9e \u00e0 l\u2019autre.  Personne ne peut atteindre le plein d\u00e9veloppement humain si d\u2019autres manquent d\u2019opportunit\u00e9s fondamentales \u00bb, a-t-elle d\u00e9clar\u00e9, affirmant que \u00ab le d\u00e9veloppement holistique de la personne humaine inclut n\u00e9cessairement le d\u00e9veloppement social, \u00e9conomique, politique, culturel, personnel et spirituel des femmes et des filles \u00bb.<\/p>\n<p>Promouvoir la dignit\u00e9 des femmes est la responsabilit\u00e9 de chacun, a-t-elle d\u00e9clar\u00e9, et a exprim\u00e9 sa gratitude \u00e0 Caritas pour avoir fait la lumi\u00e8re sur cette question.<\/p>\n<p>Caritas, un conglom\u00e9rat de 162 agences catholiques d&rsquo;aide et de d\u00e9veloppement \u00e0 travers le monde, s&rsquo;engage dans la brochure \u00e0 commencer \u00e0 prendre de nouvelles mesures pour l&rsquo;inclusion et l&rsquo;autonomisation des femmes de l&rsquo;int\u00e9rieur.<\/p>\n<p>S&rsquo;exprimant lors d&rsquo;une conf\u00e9rence de presse le 7 mars pour la publication de la brochure, le secr\u00e9taire g\u00e9n\u00e9ral de Caritas Internationalis, Alistair Dutton, a d\u00e9clar\u00e9 que la brochure \u00e9tait en pr\u00e9paration depuis trois ou quatre ans et qu&rsquo;elle \u00e9tait le fruit d&rsquo;un comit\u00e9 interne explorant ce que l&rsquo;\u00c9glise enseigne sur la condition des femmes. leadership et \u00e0 quels obstacles ils sont confront\u00e9s.<\/p>\n<p>La discussion, a-t-il d\u00e9clar\u00e9, porte sur l\u2019octroi aux femmes \u00ab d\u2019espaces qui leur appartiennent \u00bb.  Il s&rsquo;agit de reconna\u00eetre les espaces qui leur appartiennent de droit et de c\u00e9der de l&rsquo;espace afin qu&rsquo;ils puissent prendre la place qui leur revient dans les structures \u00bb, a-t-il d\u00e9clar\u00e9.<\/p>\n<p>Il ne s&rsquo;agit pas de \u00ab donner aux femmes \u00bb de l&rsquo;espace, \u00ab mais de leur permettre \u00bb d&rsquo;avoir l&rsquo;espace qui leur revient de droit, a-t-il d\u00e9clar\u00e9.<\/p>\n<p>D&rsquo;environ 50 pages, le livret est divis\u00e9 en cinq sections qui explorent la spiritualit\u00e9 du leadership et de la participation des femmes, ce que l&rsquo;on entend par leadership des femmes et pourquoi c&rsquo;est important, et une r\u00e9flexion sur les \u00ab signes des temps \u00bb ainsi que des suggestions sur la mani\u00e8re dont Caritas lui-m\u00eame peut faire mieux.<\/p>\n<p>Il contient \u00e9galement une collection de t\u00e9moignages de femmes jouant des r\u00f4les de leadership \u00e0 travers le monde, provenant des branches Caritas de Maurice, G\u00e9orgie, Fidji, Chili, Syrie, Tunisie, Afrique du Sud, Ouganda, Bangladesh, \u00c9quateur, Colombie, Kirghizistan, Tonga, Irak, Mexique. , l\u2019Am\u00e9rique du Nord et l\u2019Ukraine, entre autres.<\/p>\n<p>De janvier \u00e0 avril 2022, Caritas Internationalis a men\u00e9 deux enqu\u00eates sur le statut et les exp\u00e9riences du leadership, de l&rsquo;\u00e9galit\u00e9 et de la participation des femmes au sein de la conf\u00e9d\u00e9ration, et en octobre 2022, elle a organis\u00e9 une conf\u00e9rence mondiale avec l&rsquo;UNESCO sur \u00ab Le visage complet de l&rsquo;humanit\u00e9 : les femmes dans le leadership pour une soci\u00e9t\u00e9 juste.<\/p>\n<p>Au cours de la conf\u00e9rence de presse de jeudi, plusieurs intervenants repr\u00e9sentant diverses branches de Caritas \u00e0 travers le monde ont d\u00e9clar\u00e9 qu&rsquo;une analyse interne des chiffres r\u00e9v\u00e9lait que si les femmes \u00e9taient g\u00e9n\u00e9ralement plus nombreuses que les hommes au sein de l&rsquo;organisation, les hommes occupaient de mani\u00e8re disproportionn\u00e9e des postes de direction et de gouvernance.<\/p>\n<p>Selon les intervenants, cela s&rsquo;explique en partie par le fait que les pr\u00e9sidents et secr\u00e9taires des branches de Caritas sont souvent des \u00e9v\u00eaques ou des pr\u00eatres, mais ils ont d\u00e9clar\u00e9 que davantage d&rsquo;espace pourrait \u00eatre cr\u00e9\u00e9 pour les femmes dans les conseils d&rsquo;administration et les comit\u00e9s.<\/p>\n<p>Patricia Ad\u00e8le F\u00e9licit\u00e9, secr\u00e9taire g\u00e9n\u00e9rale de Caritas \u00cele Maurice, a recommand\u00e9 que pour combler le foss\u00e9, un corps de conseillers soit mis en place visant \u00e0 \u00ab accro\u00eetre la coop\u00e9ration entre les hommes et les femmes dans l&rsquo;organisation au niveau local \u00bb.<\/p>\n<p>Des pratiques et des politiques sont n\u00e9cessaires \u00ab pour garantir une participation ad\u00e9quate des femmes \u00e0 la gouvernance \u00bb, a-t-elle d\u00e9clar\u00e9, soulignant la n\u00e9cessit\u00e9 \u00ab d\u2019assurer l\u2019inclusion de l\u2019\u00e9galit\u00e9 \u00bb.<\/p>\n<p>De m\u00eame, s\u0153ur Regina Ignatia Aflah, originaire du Ghana, a d\u00e9clar\u00e9 que la pr\u00e9sence de femmes aux postes de direction a un fondement biblique, comme le montrent les livres bibliques consacr\u00e9s \u00e0 Ester et Ruth, ainsi qu&rsquo;\u00e0 d&rsquo;autres femmes \u00e9minentes telles que Deborah et la Vierge Marie.<\/p>\n<p>S\u0153ur Ruperta Silva, missionnaire carm\u00e9lite du Mexique et secr\u00e9taire de la section pastorale afro-mexicaine de Caritas Mexique, a soulign\u00e9 la n\u00e9cessit\u00e9 non seulement d&rsquo;autonomiser les femmes en g\u00e9n\u00e9ral, mais aussi d&rsquo;accorder une attention particuli\u00e8re aux femmes qui sont davantage marginalis\u00e9es pour d&rsquo;autres raisons, telles que leur origine raciale ou ethnique.<\/p>\n<p>Elle a soulign\u00e9 la n\u00e9cessit\u00e9 sp\u00e9cifique de \u00ab renforcer le r\u00f4le des femmes noires \u00bb dans sa r\u00e9gion, affirmant que \u00ab les femmes noires sont marginalis\u00e9es en tant que femmes, en tant que personnes noires et en tant que fruit d\u2019un h\u00e9ritage pass\u00e9 \u00bb.<\/p>\n<p>Les femmes noires \u00ab sont exclues de tous les espaces de croissance int\u00e9grale, elles vivent des situations tr\u00e8s compliqu\u00e9es et ne trouvent pas de r\u00e9ponses \u00e0 leurs besoins \u00bb, a-t-elle d\u00e9clar\u00e9, soulignant qu\u2019environ 92 pour cent de la population noire du continent vit dans la pauvret\u00e9.<\/p>\n<p>\u00ab Nous sommes dans la partie la plus basse de la soci\u00e9t\u00e9 de notre pays \u00bb, a-t-elle d\u00e9clar\u00e9, soulignant la n\u00e9cessit\u00e9 d&rsquo;une meilleure \u00e9ducation pour \u00ab \u00e9largir les horizons \u00bb des femmes afin qu&rsquo;elles aient de meilleures options.<\/p>\n<p>Faisant r\u00e9f\u00e9rence au Synode des \u00e9v\u00eaques sur la synodalit\u00e9 en cours, qui se terminera par une r\u00e9union d&rsquo;un mois en octobre prochain, Silva a d\u00e9clar\u00e9 que l&rsquo;Am\u00e9rique latine a \u00ab un visage de femme, mais en fin de compte, c&rsquo;est toujours un homme qui prend la d\u00e9cision finale \u00bb.<\/p>\n<p>\u00ab Nous ne devrions pas \u00eatre les esclaves d&rsquo;un patriarcat radical \u00bb, a-t-elle d\u00e9clar\u00e9, affirmant que le d\u00e9bat sur l&rsquo;inclusion des femmes dans le leadership et la gouvernance arrive \u00e0 point nomm\u00e9 et marque \u00ab un nouveau moment \u00bb dans l&rsquo;\u00c9glise.<\/p>\n<p>\u00ab Nous voulons plus d&rsquo;espace pour les femmes dans les processus de prise de d\u00e9cision \u00bb, a-t-elle d\u00e9clar\u00e9, soulignant la n\u00e9cessit\u00e9 que toutes les voix soient entendues, quel que soit leur pays ou leur origine ethnique.<\/p>\n<p>Parler \u00e0 <em>N\u0153ud<\/em>Silva a abord\u00e9 les perceptions selon lesquelles les discussions sur le leadership des femmes au synode ont \u00e9t\u00e9 trop domin\u00e9es par une perspective occidentale, affirmant que cela a constitu\u00e9 une pr\u00e9occupation \u00e0 un certain niveau, mais que tous les continents \u00ab parlent d&rsquo;inclusion \u00bb depuis des perspectives diff\u00e9rentes.<\/p>\n<p>Concernant le diaconat des femmes, une proposition actuellement discut\u00e9e au synode et \u00e9tudi\u00e9e par le pape Fran\u00e7ois, Silva a d\u00e9clar\u00e9 qu&rsquo;il s&rsquo;agissait d&rsquo;une question sur laquelle, m\u00eame pour les femmes, \u00ab\u00a0il n&rsquo;y a toujours pas de consensus\u00a0\u00bb.<\/p>\n<p>\u00ab C&rsquo;est une situation dans laquelle l&rsquo;\u00c9glise doit encore continuer \u00e0 s&rsquo;assimiler \u00bb, a-t-elle d\u00e9clar\u00e9, affirmant qu&rsquo;elle travaille dans les communaut\u00e9s locales o\u00f9 les femmes dirigent g\u00e9n\u00e9ralement les c\u00e9l\u00e9brations liturgiques.<\/p>\n<p>\u00ab Nous ne pouvons pas g\u00e9n\u00e9raliser et cr\u00e9er une norme pour tout le monde, car la r\u00e9alit\u00e9 de notre \u00c9glise est tr\u00e8s diff\u00e9rente dans chaque lieu \u00bb, a-t-elle d\u00e9clar\u00e9, affirmant qu&rsquo;\u00e0 un niveau personnel, elle croit que l&rsquo;\u00c9glise \u00ab dans ces lieux, lorsque cela est n\u00e9cessaire, espace ouvert \u00bb pour les femmes diacres.<\/p>\n<p>Dans le dioc\u00e8se de Puerto Escondido o\u00f9 elle vit, \u00ab presque toutes les religieuses qui travaillent dans le dioc\u00e8se\u2026 ont cette mission, disons, de pr\u00eacher, de c\u00e9l\u00e9brer.  C&rsquo;est une r\u00e9alit\u00e9 diff\u00e9rente.<\/p>\n<p>\u00ab\u00a0Peut-\u00eatre que dans d&rsquo;autres endroits, ce n&rsquo;est pas n\u00e9cessaire, mais dans la r\u00e9gion o\u00f9 je vis, les gens sont tr\u00e8s religieux et demandent ce genre de c\u00e9l\u00e9bration\u00a0\u00bb, a-t-elle d\u00e9clar\u00e9, affirmant qu&rsquo;en tant que religieuses, elles visitent les maisons et les chapelles des gens. communaut\u00e9s rurales, \u00ab et c\u2019est l\u00e0 que nous organisons les c\u00e9l\u00e9brations \u00bb.<\/p>\n<p>\u00ab Alors, je pense que l\u00e0 o\u00f9 cela serait n\u00e9cessaire, que l\u2019\u00c9glise ouvre la porte.  Parce que la r\u00e9alit\u00e9 est tr\u00e8s diff\u00e9rente \u00bb, a-t-elle dit, affirmant que cr\u00e9er une norme unique pour le monde entier ne fonctionnerait pas, \u00ab parce que les besoins de l&rsquo;\u00c9glise sont diff\u00e9rents en chaque lieu \u00bb, et que le synode doit consid\u00e9rer chaque situation et chaque voix.<\/p>\n<p>Silva a exprim\u00e9 son espoir que les \u00e9v\u00eaques envisageraient une ouverture s\u00e9lective au diaconat des femmes en fonction des besoins, affirmant que de nombreux endroits pourraient l&rsquo;utiliser, mais que les dioc\u00e8ses \u00ab sont ferm\u00e9s, ils n&rsquo;en veulent pas \u00bb.<\/p>\n<p>\u00ab\u00a0J&rsquo;esp\u00e8re qu&rsquo;il sera ouvert pour (nous), afin de donner l&rsquo;opportunit\u00e9 aux autres\u00a0\u00bb, a-t-elle d\u00e9clar\u00e9.<\/p>\n<p><em>Suivez Elise Ann Allen sur X\u00a0: <a target=\"_blank\" rel=\"nofollow\" href=\"https:\/\/editionsbussiere.com\/blog\/goto\/https:\/\/twitter.com\/eliseannallen\" rel=\"nofollow noopener\" target=\"_blank\" >@eliseannallen<\/a><\/em><\/p>\n<\/div>\n<p><script async src=\"\/\/platform.twitter.com\/widgets.js\" charset=\"utf-8\"><\/script><\/p>\n<h2> \u00c9lever nos pri\u00e8res pour nos proches au Seigneur matin.<\/h2>\n<p>La ult\u00e9rieure partie de la pri\u00e8re du matin consiste \u00e0 prier pour nos proches proches, nos famille, nos compagnons et notre propre communaut\u00e9. Nous pouvons prier pour leur, leur bonheur, leur tranquillit\u00e9, et leur r\u00e9ussite. Nous pouvons \u00e9galement prier pour nos ennemis et pour ces individus qui nous ont l\u00e9s\u00e9s, et demander \u00e0 Dieu de nous aider \u00e0 leur pardonner et \u00e0 leur d\u00e9montrer la compassion.<\/p>\n<h3> Prier pour la bien-\u00eatre et la s\u00e9curit\u00e9 de nos proches.<\/h3>\n<p>\u00d4 Seigneur, nous te confions nos familles, nos propres familles ainsi que nos amis. Prot\u00e8ge, \u00f4 Dieu, sur eux, ainsi que prot\u00e8ge -les de tout p\u00e9ril et de toute affliction. Donne, Dieu mis\u00e9ricordieux, une bien-\u00eatre du corps et de l\u2019esprit \u00e0 eux, ainsi que la paix au sein de leur c\u0153ur. Puisses-tu permettre ta b\u00e9n\u00e9diction omnipotente les veille et les dirige chacun au long de cette journ\u00e9e, pour qu\u2019il puissent vivent dans une tranquillit\u00e9 et aussi la qui\u00e9tude.<\/p>\n<p>Nous tous vers toi prions \u00e9galement pour nos enfants, Seigneur, qu\u2019ils grandissent dans leur foi et dans l\u2019amour de ton saint nom. Donne, \u00d4 Dieu, la sagesse avec la force n\u00e9cessaires pour affronter les obstacles de la vie, et aussi dirige leurs pas le long de le chemin de la v\u00e9rit\u00e9 et aussi de la justice.<\/p>\n<p>Enfin, nous tous te prions en vue de nos amis et nos voisins, Seigneur, pour qu\u2019ils exp\u00e9rimentent la joie de ton amour avec la tranquillit\u00e9 de ton pardon. Offre-leur, \u00f4 Dieu, des c\u0153urs g\u00e9n\u00e9reux pour partager avec ceux qui dans le besoin, ainsi que bras largement ouvertes afin de accueillir ceux qui sont seuls ainsi que abandonn\u00e9s.<\/p>\n<h3> Prier pour les n\u00f4tres ennemis et ceux qui sont nous-m\u00eames ont offens\u00e9s. <\/h3>\n<p>Seigneur Dieu, J\u00e9sus, nous te prions pour nos ennemis et aussi pour ceux qui nous ont offens\u00e9s. Accorde-leur, \u00f4 J\u00e9sus, votre mis\u00e9ricorde et ton pardon, et ouvre leur c\u0153ur \u00e0 la lumi\u00e8re des ta v\u00e9rit\u00e9. Aide-nous, Seigneur Dieu, \u00e0 leur montrer de la compassion et aussi \u00e0 leur pardonner comme tu nous autres as pardonn\u00e9. Que ta paix r\u00e8gne dans les n\u00f4tres c\u0153urs ainsi que que votre amour guide notre actions, pour que nous puissions vivre en harmonie avec tous ceux qui nous autres entourent.<\/p>\n<h3> Saisir la pri\u00e8re : <\/h3>\n<p>En conclusion, l\u2019 pri\u00e8re nous rappelle notre devoir en tant que enfants de Dieu : se trouver des observateurs de sa lumi\u00e8re et de son amour dans une \u00e9poque affect\u00e9e aux t\u00e9n\u00e8bres. \u00c0 travers nos mots et nos actes, nous diffusons la bonne nouvelle de l\u2019 tranquillit\u00e9 et de la rapprochement, offrant l\u2019attente et la r\u00e9paration \u00e0 un environnement endommag\u00e9.<\/p>\n<p>\u00c0 l\u2019int\u00e9rieur de l\u2019 foi chr\u00e9tienne, l\u2019 matin adopte une valeur distincte, illustrant l\u2019 renouveau et la r\u00e9g\u00e9n\u00e9ration spirituelle. C\u2019est au lever du jour de chaque matin\u00e9e que l\u2019\u00e2me se dirige vers Dieu dans la pri\u00e8re, s\u2019effor\u00e7ant \u00e0 devenir \u00e9clair\u00e9e par la clart\u00e9 divine. La pratique des pri\u00e8res matinales est essentiellement enracin\u00e9e dans la tradition chr\u00e9tienne, offrant un instant exclusif pour communier avec Dieu et se disposer int\u00e9rieurement aux d\u00e9fis de la journ\u00e9e \u00e0 venir.<\/p>\n<p>Au l\u2019int\u00e9rieur au sein de ces pri\u00e8re matinales se observe r\u00e9guli\u00e8rement une d\u00e9votion particuli\u00e8re \u00e0 l\u2019\u00e9gard de Marie, la m\u00e8re de J\u00e9sus et aussi personnage sainte ador\u00e9e aupr\u00e8s de de nombreux fid\u00e8les. En tant d\u2019 intercesseur au milieu de les hommes et Dieu, Marie reste pri\u00e9e pour m\u00e9dier en notre nom, nous guidant sur le chemin de la saintet\u00e9 et de la gr\u00e2ce divine. Son apparition parentale offre r\u00e9confort et s\u00e9curit\u00e9, cercant nos pri\u00e8res matinales d\u2019une tendresse c\u00e9leste.<\/p>\n<p>En via les pri\u00e8res du matin, on se trouve invit\u00e9s pour se rallier \u00e0 Marie dans une initiative de purification individuelle. En m\u00e9ditant sur sa vie ainsi que ses vertus, nous explorons \u00e0 imiter son humilit\u00e9, la puret\u00e9 ainsi que sa ob\u00e9issance \u00e0 la volont\u00e9 de Dieu. Par le biais de la saintet\u00e9 mod\u00e8le, Marie devient pour nous une mod\u00e8le de vie chr\u00e9tienne, on souvenant l\u2019importance de la pri\u00e8re ainsi que du contemplation au sein de notre cheminement spirituel.<\/p>\n<p>Unissons nos voix dans la pri\u00e8re matinale, dans l\u2019unit\u00e9 de notre esp\u00e9rance, en Marie, la m\u00e8re de notre Seigneur J\u00e9sus-Christ. Dans notre monde troubl\u00e9 par les conflits et la discorde, optons \u00e0 la pri\u00e8re comme un moyen pour retrouver la paix et l\u2019harmonie. Tout chr\u00e9tien peut \u00e9crire une intention de pri\u00e8re pour la m\u00e8re de dieu <a target=\"_blank\" rel=\"nofollow\" href=\"https:\/\/editionsbussiere.com\/blog\/goto\/https:\/\/www.avemariasound.org\/\" >sur le web.<\/a> Que nos pri\u00e8res montent vers le ciel, comme un hommage re\u00e7u avec faveur par Dieu, afin qu\u2019il guide nous guider nos pas vers le chemin de la justice et de la v\u00e9rit\u00e9. L\u2019ap\u00f4tre Paul nous exhorte dans ses \u00e9p\u00eetres \u00e0 maintenir une pri\u00e8re incessante, en toutes circonstances, afin que notre communion \u00e0 Dieu reste constante et ardente. La pri\u00e8re, lorsqu\u2019elle est offerte sinc\u00e8rement, a la capacit\u00e9 pour transformer les c\u0153urs et d\u2019influer le cours de l\u2019histoire.<\/p>\n<p>La oraison du matin se trouve \u00eatre un instant privil\u00e9gi\u00e9 pour se consacrer \u00e0 Dieu avec l\u2019intercession de Marie, en lui offrant nos adorations, nos reconnaissances et nos intentions les plus intimes. Au sein de l\u2019 qui\u00e9tude de l\u2019aurore, nous sommes invit\u00e9s pour se tourner \u00e0 cette m\u00e8re sacr\u00e9e, qui nous guide avec douceur sur le chemin du la foi ainsi que du sentiment amoureux divin. \u00c0 travers associant notre voix \u00e0 celle-ci de Marie, nous haussant notre pri\u00e8res matinales envers du tr\u00f4ne du du don divin, confiants que nos supplications seront entendues ainsi que accueillies par le c\u0153ur mis\u00e9ricordieux de Dieu.<\/p>\n<h2> Pri\u00e8re pour le matin avec Dieu et Marie la Vierge<\/h2>\n<p>\u00d4 Tout-Puissant et Mis\u00e9ricordieux Seigneur, en ce nouveau jour qui commence sous la clart\u00e9 de ta divine lumi\u00e8re, je viens \u00e0 Toi avec foi et modestie. Que cette journ\u00e9e qui s\u2019ouvre soit consacr\u00e9e \u00e0 ta saintet\u00e9, que chaque battement de mon c\u0153ur |chaque regard de mes yeux|chacune de mes paroles|chacun de mes gestes} te soit offert en sacrifice. Que chaque respiration qui anime mon \u00eatre soit un souffle de pri\u00e8re |un souffle vers toi|un souffle de vie en toi}. Priez, que nos pri\u00e8res montent, que nos c\u0153urs implorent, que nos \u00e2mes se confient, que nos esprits s\u2019\u00e9l\u00e8vent.<\/p>\n<p>Tel Marie, la sainte m\u00e8re qui a port\u00e9 en son sein l\u2019enfant J\u00e9sus, conduis-moi dans ce voyage de foi et de d\u00e9votion. Que je puisse, en parcourant les pages de l\u2019\u00c9vangile, d\u00e9couvrir la clart\u00e9 pour \u00e9clairer mes pas et consolider ma foi. Comme Pierre, donne-moi la puissance et le courage d\u2019affronter les tourments de l\u2019existence avec une confiance absolue en ta providence.<\/p>\n<p>Au cours de ce p\u00e9riode de Car\u00eame, o\u00f9 les fid\u00e8les et les chr\u00e9tiennes se pr\u00e9parent \u00e0 comm\u00e9morer la r\u00e9surrection de J\u00e9sus-Christ, accorde-moi, Seigneur, la b\u00e9n\u00e9diction de la renaissance spirituelle. Que mon esprit soit purifi\u00e9 de tout ce qui le souille, afin qu\u2019il devienne un sanctuaire pour ta divinit\u00e9. Que mes pri\u00e8res, suivant l\u2019exemple de Fran\u00e7ois d\u2019Assise, retentisse comme un hymne de louange \u00e0 travers les si\u00e8cles.<br \/>\n\u00d4 Seigneur, que mon quotidien soit impr\u00e9gn\u00e9 de ta b\u00e9n\u00e9diction, que tous les moments soit une occasion de te voir et de te servir dans mes prochains. Que mon chemin soit un t\u00e9moignage vivant de ton amour infini pour tous. Puissent les supplications de Hozana monter vers toi comme un doux parfum, enveloppant chacune de mes journ\u00e9es dans une ambiance de paix. Priez, \u00c9glise, Fran\u00e7ois, Hozana.<\/p>\n<p>Que mon c\u0153ur, Dieu Tout-Puissant, devienne une manifestation du tien, rempli d\u2019amour, de compassion et de mis\u00e9ricorde envers autrui. Que chaque pens\u00e9e, chaque action soit guid\u00e9e par l\u2019Esprit divin, afin que je puisse contribuer \u00e0 l\u2019av\u00e8nement de ta justice sur cette terre.<\/p>\n<p>Puissent cette journ\u00e9e constitue une nouvelle \u00e9tape dans mon cheminement spirituel, un moment de grandir dans la foi. Seigneur, poss\u00e8de mon c\u0153ur, \u00e9tablis-le comme ton sanctuaire, o\u00f9 ta pr\u00e9sence se manifeste constamment. Que chacun de mes battements de c\u0153ur se transforme en un chant \u00e0 ta gloire, \u00f4 Seigneur, pour les si\u00e8cles des si\u00e8cles. Amen.<\/p>\n<p>Pendant le r\u00e9veil religieux de toute \u00e2me chr\u00e9tienne, la supplication joue. Celle-ci constitue la connexion \u00e9troite entre le croyant de l\u2019\u00c9ternel et sa m\u00e8re c\u00e9leste, la Sainte M\u00e8re, laquelle prie pour nous devant son divin Fils. \u00c0 travers la pri\u00e8re, les fid\u00e8les entrons au sein de la clart\u00e9 de l\u2019\u00c9vangile, dirig\u00e9s par l\u2019Esprit divin, pour d\u00e9couvrir la r\u00e9alit\u00e9 et la gr\u00e2ce que J\u00e9sus nous dispense.<\/p>\n<h2>Contemplation sur la sainte Parole de Dieu : <\/h2>\n<p>Il nous est possible de pouvons ruminer sur une portion religieux dont nous parle de la tendresse divin. \u00c0 titre illustratif :<\/p>\n<h3>1 Corinthiens 13, 1-8 : <\/h3>\n<p>\u00ab\u00a0Et quand je distribuerais tous mes biens pour la nourriture des pauvres, quand je livrerais m\u00eame mon corps pour \u00eatre br\u00fbl\u00e9, si je n\u2019ai pas l\u2019amour, cela ne me sert \u00e0 rien..\u00a0\u00bb<\/p>\n<p>Ce th\u00e8me apporte des r\u00e9ponses \u00e0 vos recherches vous aimerez aussi ces publications :<\/p>\n<p>Po\u00e9sies (Poncy)\/Vol. 1\/\u00c0 un grand ch\u00eane.,<a target=\"_blank\" rel=\"nofollow\" href=\"https:\/\/editionsbussiere.com\/blog\/goto\/https:\/\/fr.wikisource.org\/wiki\/Po%C3%A9sies_(Poncy)\/Vol._1\/%C3%80_un_grand_ch%C3%AAne\"  target=\"_blank\" rel=\"noopener noreferrer nofollow\">Article complet.<\/a><span><\/span><\/p>\n<p>Manuel de la parole\/15\/24.,<a target=\"_blank\" rel=\"nofollow\" href=\"https:\/\/editionsbussiere.com\/blog\/goto\/https:\/\/fr.wikisource.org\/wiki\/Manuel_de_la_parole\/15\/24\"  target=\"_blank\" rel=\"noopener noreferrer nofollow\">L\u2019article ICI.<\/a><span><\/span><\/p>\n<p>Les Quatre \u00c9vangiles (Crampon 1864)\/Luc\/01.,<a target=\"_blank\" rel=\"nofollow\" href=\"https:\/\/editionsbussiere.com\/blog\/goto\/https:\/\/fr.wikisource.org\/wiki\/Les_Quatre_%C3%89vangiles_(Crampon_1864)\/Luc\/01\"  target=\"_blank\" rel=\"noopener noreferrer nofollow\">L\u2019article de presse.<\/a><span><\/span><\/p>\n<p>La vierge d\u2019ivoire\/01.,<a target=\"_blank\" rel=\"nofollow\" href=\"https:\/\/editionsbussiere.com\/blog\/goto\/https:\/\/fr.wikisource.org\/wiki\/La_vierge_d%E2%80%99ivoire\/01\"  target=\"_blank\" rel=\"noopener noreferrer nofollow\">Le texte de l\u2019article.<\/a><span><\/span><\/p>\n<p>L\u2019\u00e9glise habill\u00e9e de feuilles\/Rosaire 3.,<a target=\"_blank\" rel=\"nofollow\" href=\"https:\/\/editionsbussiere.com\/blog\/goto\/https:\/\/fr.wikisource.org\/wiki\/L%E2%80%99%C3%A9glise_habill%C3%A9e_de_feuilles\/Rosaire_3\"  target=\"_blank\" rel=\"noopener noreferrer nofollow\">L\u2019article ICI.<\/a><span><\/span><\/p>\n<p>\u00c0 F\u00e8s \u2013 La journ\u00e9e de pri\u00e8re.,<a target=\"_blank\" rel=\"nofollow\" href=\"https:\/\/editionsbussiere.com\/blog\/goto\/https:\/\/fr.wikisource.org\/wiki\/%C3%80_F%C3%A8s_-_La_journ%C3%A9e_de_pri%C3%A8re\"  target=\"_blank\" rel=\"noopener noreferrer nofollow\">Le post d\u2019actualit\u00e9.<\/a><span><\/span><\/p>\n<\/div>\n<p><img decoding=\"async\" class=\"wpe_imgrss\" src=\"https:\/\/editionsbussiere.com\/blog\/wp-content\/uploads\/2024\/03\/Une-organisation-caritative-catholique-vise-a-autonomiser-les-femmes-des-1024x576-1.jpg\">Cet article a \u00e9t\u00e9 reconstitu\u00e9 du mieux possible. Dans l\u2019hypoth\u00e8se o\u00f9 vous souhaitez apporter quelques modifications concernant le th\u00e8me \u00ab\u00a0Editions \u00e9sot\u00e9rique fond\u00e9e en 1927\u00a0\u00bb, il est possible de discuter avec notre r\u00e9daction. Vous pouvez tirer profit de cet article traitant le sujet \u00ab\u00a0Editions \u00e9sot\u00e9rique fond\u00e9e en 1927\u00a0\u00bb. Il est concoct\u00e9 par l\u2019\u00e9quipe editionsbussiere.com. Le site editionsbussiere.com est fait pour cr\u00e9er divers posts autour du th\u00e8me Editions \u00e9sot\u00e9rique fond\u00e9e en 1927 d\u00e9velopp\u00e9es sur internet. Consultez notre site internet editionsbussiere.com et nos r\u00e9seaux sociaux pour \u00eatre au courant des futures annonces.<\/p>\n","protected":false},"excerpt":{"rendered":"<p>ROME \u2013 Cette ann\u00e9e, \u00e0 l&rsquo;occasion de la Journ\u00e9e internationale de la femme, l&rsquo;organisation caritative catholique mondiale Caritas Internationalis a publi\u00e9 une nouvelle brochure explorant \u00e0 la fois le fondement spirituel du leadership des femmes et donnant la parole aux protagonistes f\u00e9minines du monde entier. Dans une avant-premi\u00e8re du livret intitul\u00e9 \u00ab \u00c9galit\u00e9, rencontre et [&hellip;]<\/p>\n","protected":false},"author":3,"featured_media":346,"comment_status":"closed","ping_status":"closed","sticky":false,"template":"","format":"standard","meta":{"footnotes":""},"categories":[3],"tags":[],"class_list":["post-345","post","type-post","status-publish","format-standard","has-post-thumbnail","hentry","category-editions-esoterique-fondee-en-1927-depeches","entry","fw-tab-6 fw-tabr-4","has-featured-image"],"yoast_head":"<!-- This site is optimized with the Yoast SEO plugin v27.5 - https:\/\/yoast.com\/product\/yoast-seo-wordpress\/ -->\n<title>Une organisation caritative catholique vise \u00e0 autonomiser les femmes des p\u00e9riph\u00e9ries et au-del\u00e0 et requ\u00eate matinale. - EDITIONSBUSSIERE<\/title>\n<meta name=\"robots\" content=\"index, follow, max-snippet:-1, max-image-preview:large, max-video-preview:-1\" \/>\n<link rel=\"canonical\" href=\"https:\/\/editionsbussiere.com\/blog\/une-organisation-caritative-catholique-vise-a-autonomiser-les-femmes-des-peripheries-et-au-dela-et-requete-matinale\/\" \/>\n<meta property=\"og:locale\" content=\"fr_FR\" \/>\n<meta property=\"og:type\" content=\"article\" \/>\n<meta property=\"og:title\" content=\"Une organisation caritative catholique vise \u00e0 autonomiser les femmes des p\u00e9riph\u00e9ries et au-del\u00e0 et requ\u00eate matinale. - EDITIONSBUSSIERE\" \/>\n<meta property=\"og:description\" content=\"ROME \u2013 Cette ann\u00e9e, \u00e0 l&rsquo;occasion de la Journ\u00e9e internationale de la femme, l&rsquo;organisation caritative catholique mondiale Caritas Internationalis a publi\u00e9 une nouvelle brochure explorant \u00e0 la fois le fondement spirituel du leadership des femmes et donnant la parole aux protagonistes f\u00e9minines du monde entier. Dans une avant-premi\u00e8re du livret intitul\u00e9 \u00ab \u00c9galit\u00e9, rencontre et [&hellip;]\" \/>\n<meta property=\"og:url\" content=\"https:\/\/editionsbussiere.com\/blog\/une-organisation-caritative-catholique-vise-a-autonomiser-les-femmes-des-peripheries-et-au-dela-et-requete-matinale\/\" \/>\n<meta property=\"og:site_name\" content=\"EDITIONSBUSSIERE\" \/>\n<meta property=\"article:published_time\" content=\"2024-03-08T10:09:06+00:00\" \/>\n<meta property=\"og:image\" content=\"https:\/\/editionsbussiere.com\/blog\/wp-content\/uploads\/2024\/03\/Une-organisation-caritative-catholique-vise-a-autonomiser-les-femmes-des-1024x576-1.jpg\" \/>\n<meta name=\"author\" content=\"Marie BATICLE\" \/>\n<meta name=\"twitter:card\" content=\"summary_large_image\" \/>\n<meta name=\"twitter:label1\" content=\"\u00c9crit par\" \/>\n\t<meta name=\"twitter:data1\" content=\"Marie BATICLE\" \/>\n\t<meta name=\"twitter:label2\" content=\"Dur\u00e9e de lecture estim\u00e9e\" \/>\n\t<meta name=\"twitter:data2\" content=\"18 minutes\" \/>\n<script type=\"application\/ld+json\" class=\"yoast-schema-graph\">{\"@context\":\"https:\\\/\\\/schema.org\",\"@graph\":[{\"@type\":\"Article\",\"@id\":\"https:\\\/\\\/editionsbussiere.com\\\/blog\\\/une-organisation-caritative-catholique-vise-a-autonomiser-les-femmes-des-peripheries-et-au-dela-et-requete-matinale\\\/#article\",\"isPartOf\":{\"@id\":\"https:\\\/\\\/editionsbussiere.com\\\/blog\\\/une-organisation-caritative-catholique-vise-a-autonomiser-les-femmes-des-peripheries-et-au-dela-et-requete-matinale\\\/\"},\"author\":{\"name\":\"Marie BATICLE\",\"@id\":\"https:\\\/\\\/editionsbussiere.com\\\/blog\\\/#\\\/schema\\\/person\\\/ec90e102792148c97e46ab871010dd8f\"},\"headline\":\"Une organisation caritative catholique vise \u00e0 autonomiser les femmes des p\u00e9riph\u00e9ries et au-del\u00e0 et requ\u00eate matinale.\",\"datePublished\":\"2024-03-08T10:09:06+00:00\",\"mainEntityOfPage\":{\"@id\":\"https:\\\/\\\/editionsbussiere.com\\\/blog\\\/une-organisation-caritative-catholique-vise-a-autonomiser-les-femmes-des-peripheries-et-au-dela-et-requete-matinale\\\/\"},\"wordCount\":3542,\"publisher\":{\"@id\":\"https:\\\/\\\/editionsbussiere.com\\\/blog\\\/#organization\"},\"image\":{\"@id\":\"https:\\\/\\\/editionsbussiere.com\\\/blog\\\/une-organisation-caritative-catholique-vise-a-autonomiser-les-femmes-des-peripheries-et-au-dela-et-requete-matinale\\\/#primaryimage\"},\"thumbnailUrl\":\"https:\\\/\\\/editionsbussiere.com\\\/blog\\\/wp-content\\\/uploads\\\/2024\\\/03\\\/Une-organisation-caritative-catholique-vise-a-autonomiser-les-femmes-des-1024x576-1.jpg\",\"articleSection\":[\"Editions \u00c9sot\u00e9rique Fond\u00e9e En 1927; D\u00e9p\u00e8ches:\"],\"inLanguage\":\"fr-FR\"},{\"@type\":\"WebPage\",\"@id\":\"https:\\\/\\\/editionsbussiere.com\\\/blog\\\/une-organisation-caritative-catholique-vise-a-autonomiser-les-femmes-des-peripheries-et-au-dela-et-requete-matinale\\\/\",\"url\":\"https:\\\/\\\/editionsbussiere.com\\\/blog\\\/une-organisation-caritative-catholique-vise-a-autonomiser-les-femmes-des-peripheries-et-au-dela-et-requete-matinale\\\/\",\"name\":\"Une organisation caritative catholique vise \u00e0 autonomiser les femmes des p\u00e9riph\u00e9ries et au-del\u00e0 et requ\u00eate matinale. - EDITIONSBUSSIERE\",\"isPartOf\":{\"@id\":\"https:\\\/\\\/editionsbussiere.com\\\/blog\\\/#website\"},\"primaryImageOfPage\":{\"@id\":\"https:\\\/\\\/editionsbussiere.com\\\/blog\\\/une-organisation-caritative-catholique-vise-a-autonomiser-les-femmes-des-peripheries-et-au-dela-et-requete-matinale\\\/#primaryimage\"},\"image\":{\"@id\":\"https:\\\/\\\/editionsbussiere.com\\\/blog\\\/une-organisation-caritative-catholique-vise-a-autonomiser-les-femmes-des-peripheries-et-au-dela-et-requete-matinale\\\/#primaryimage\"},\"thumbnailUrl\":\"https:\\\/\\\/editionsbussiere.com\\\/blog\\\/wp-content\\\/uploads\\\/2024\\\/03\\\/Une-organisation-caritative-catholique-vise-a-autonomiser-les-femmes-des-1024x576-1.jpg\",\"datePublished\":\"2024-03-08T10:09:06+00:00\",\"breadcrumb\":{\"@id\":\"https:\\\/\\\/editionsbussiere.com\\\/blog\\\/une-organisation-caritative-catholique-vise-a-autonomiser-les-femmes-des-peripheries-et-au-dela-et-requete-matinale\\\/#breadcrumb\"},\"inLanguage\":\"fr-FR\",\"potentialAction\":[{\"@type\":\"ReadAction\",\"target\":[\"https:\\\/\\\/editionsbussiere.com\\\/blog\\\/une-organisation-caritative-catholique-vise-a-autonomiser-les-femmes-des-peripheries-et-au-dela-et-requete-matinale\\\/\"]}]},{\"@type\":\"ImageObject\",\"inLanguage\":\"fr-FR\",\"@id\":\"https:\\\/\\\/editionsbussiere.com\\\/blog\\\/une-organisation-caritative-catholique-vise-a-autonomiser-les-femmes-des-peripheries-et-au-dela-et-requete-matinale\\\/#primaryimage\",\"url\":\"https:\\\/\\\/editionsbussiere.com\\\/blog\\\/wp-content\\\/uploads\\\/2024\\\/03\\\/Une-organisation-caritative-catholique-vise-a-autonomiser-les-femmes-des-1024x576-1.jpg\",\"contentUrl\":\"https:\\\/\\\/editionsbussiere.com\\\/blog\\\/wp-content\\\/uploads\\\/2024\\\/03\\\/Une-organisation-caritative-catholique-vise-a-autonomiser-les-femmes-des-1024x576-1.jpg\",\"width\":1024,\"height\":576,\"caption\":\"Une organisation caritative catholique vise a autonomiser les femmes des 1024x576 1\"},{\"@type\":\"BreadcrumbList\",\"@id\":\"https:\\\/\\\/editionsbussiere.com\\\/blog\\\/une-organisation-caritative-catholique-vise-a-autonomiser-les-femmes-des-peripheries-et-au-dela-et-requete-matinale\\\/#breadcrumb\",\"itemListElement\":[{\"@type\":\"ListItem\",\"position\":1,\"name\":\"Accueil\",\"item\":\"https:\\\/\\\/editionsbussiere.com\\\/blog\\\/\"},{\"@type\":\"ListItem\",\"position\":2,\"name\":\"Une organisation caritative catholique vise \u00e0 autonomiser les femmes des p\u00e9riph\u00e9ries et au-del\u00e0 et requ\u00eate matinale.\"}]},{\"@type\":\"WebSite\",\"@id\":\"https:\\\/\\\/editionsbussiere.com\\\/blog\\\/#website\",\"url\":\"https:\\\/\\\/editionsbussiere.com\\\/blog\\\/\",\"name\":\"EDITIONSBUSSIERE\",\"description\":\"Editions \u00e9sot\u00e9rique fond\u00e9e en 1927; site historique, A SAVOIR ET RETENIR.\",\"publisher\":{\"@id\":\"https:\\\/\\\/editionsbussiere.com\\\/blog\\\/#organization\"},\"potentialAction\":[{\"@type\":\"SearchAction\",\"target\":{\"@type\":\"EntryPoint\",\"urlTemplate\":\"https:\\\/\\\/editionsbussiere.com\\\/blog\\\/?s={search_term_string}\"},\"query-input\":{\"@type\":\"PropertyValueSpecification\",\"valueRequired\":true,\"valueName\":\"search_term_string\"}}],\"inLanguage\":\"fr-FR\"},{\"@type\":\"Organization\",\"@id\":\"https:\\\/\\\/editionsbussiere.com\\\/blog\\\/#organization\",\"name\":\"editionsbussiere\",\"url\":\"https:\\\/\\\/editionsbussiere.com\\\/blog\\\/\",\"logo\":{\"@type\":\"ImageObject\",\"inLanguage\":\"fr-FR\",\"@id\":\"https:\\\/\\\/editionsbussiere.com\\\/blog\\\/#\\\/schema\\\/logo\\\/image\\\/\",\"url\":\"https:\\\/\\\/editionsbussiere.com\\\/blog\\\/wp-content\\\/uploads\\\/2023\\\/09\\\/cropped-buss.gif\",\"contentUrl\":\"https:\\\/\\\/editionsbussiere.com\\\/blog\\\/wp-content\\\/uploads\\\/2023\\\/09\\\/cropped-buss.gif\",\"width\":298,\"height\":120,\"caption\":\"editionsbussiere\"},\"image\":{\"@id\":\"https:\\\/\\\/editionsbussiere.com\\\/blog\\\/#\\\/schema\\\/logo\\\/image\\\/\"}},{\"@type\":\"Person\",\"@id\":\"https:\\\/\\\/editionsbussiere.com\\\/blog\\\/#\\\/schema\\\/person\\\/ec90e102792148c97e46ab871010dd8f\",\"name\":\"Marie BATICLE\",\"image\":{\"@type\":\"ImageObject\",\"inLanguage\":\"fr-FR\",\"@id\":\"https:\\\/\\\/secure.gravatar.com\\\/avatar\\\/c923e52403b1b8137e2d929127211d21967e6aecaa053bd43b09da29f212e76e?s=96&d=mm&r=g\",\"url\":\"https:\\\/\\\/secure.gravatar.com\\\/avatar\\\/c923e52403b1b8137e2d929127211d21967e6aecaa053bd43b09da29f212e76e?s=96&d=mm&r=g\",\"contentUrl\":\"https:\\\/\\\/secure.gravatar.com\\\/avatar\\\/c923e52403b1b8137e2d929127211d21967e6aecaa053bd43b09da29f212e76e?s=96&d=mm&r=g\",\"caption\":\"Marie BATICLE\"},\"url\":\"https:\\\/\\\/editionsbussiere.com\\\/blog\\\/author\\\/eremarie\\\/\"}]}<\/script>\n<!-- \/ Yoast SEO plugin. -->","yoast_head_json":{"title":"Une organisation caritative catholique vise \u00e0 autonomiser les femmes des p\u00e9riph\u00e9ries et au-del\u00e0 et requ\u00eate matinale. - EDITIONSBUSSIERE","robots":{"index":"index","follow":"follow","max-snippet":"max-snippet:-1","max-image-preview":"max-image-preview:large","max-video-preview":"max-video-preview:-1"},"canonical":"https:\/\/editionsbussiere.com\/blog\/une-organisation-caritative-catholique-vise-a-autonomiser-les-femmes-des-peripheries-et-au-dela-et-requete-matinale\/","og_locale":"fr_FR","og_type":"article","og_title":"Une organisation caritative catholique vise \u00e0 autonomiser les femmes des p\u00e9riph\u00e9ries et au-del\u00e0 et requ\u00eate matinale. - EDITIONSBUSSIERE","og_description":"ROME \u2013 Cette ann\u00e9e, \u00e0 l&rsquo;occasion de la Journ\u00e9e internationale de la femme, l&rsquo;organisation caritative catholique mondiale Caritas Internationalis a publi\u00e9 une nouvelle brochure explorant \u00e0 la fois le fondement spirituel du leadership des femmes et donnant la parole aux protagonistes f\u00e9minines du monde entier. Dans une avant-premi\u00e8re du livret intitul\u00e9 \u00ab \u00c9galit\u00e9, rencontre et [&hellip;]","og_url":"https:\/\/editionsbussiere.com\/blog\/une-organisation-caritative-catholique-vise-a-autonomiser-les-femmes-des-peripheries-et-au-dela-et-requete-matinale\/","og_site_name":"EDITIONSBUSSIERE","article_published_time":"2024-03-08T10:09:06+00:00","og_image":[{"url":"https:\/\/editionsbussiere.com\/blog\/wp-content\/uploads\/2024\/03\/Une-organisation-caritative-catholique-vise-a-autonomiser-les-femmes-des-1024x576-1.jpg","type":"","width":"","height":""}],"author":"Marie BATICLE","twitter_card":"summary_large_image","twitter_misc":{"\u00c9crit par":"Marie BATICLE","Dur\u00e9e de lecture estim\u00e9e":"18 minutes"},"schema":{"@context":"https:\/\/schema.org","@graph":[{"@type":"Article","@id":"https:\/\/editionsbussiere.com\/blog\/une-organisation-caritative-catholique-vise-a-autonomiser-les-femmes-des-peripheries-et-au-dela-et-requete-matinale\/#article","isPartOf":{"@id":"https:\/\/editionsbussiere.com\/blog\/une-organisation-caritative-catholique-vise-a-autonomiser-les-femmes-des-peripheries-et-au-dela-et-requete-matinale\/"},"author":{"name":"Marie BATICLE","@id":"https:\/\/editionsbussiere.com\/blog\/#\/schema\/person\/ec90e102792148c97e46ab871010dd8f"},"headline":"Une organisation caritative catholique vise \u00e0 autonomiser les femmes des p\u00e9riph\u00e9ries et au-del\u00e0 et requ\u00eate matinale.","datePublished":"2024-03-08T10:09:06+00:00","mainEntityOfPage":{"@id":"https:\/\/editionsbussiere.com\/blog\/une-organisation-caritative-catholique-vise-a-autonomiser-les-femmes-des-peripheries-et-au-dela-et-requete-matinale\/"},"wordCount":3542,"publisher":{"@id":"https:\/\/editionsbussiere.com\/blog\/#organization"},"image":{"@id":"https:\/\/editionsbussiere.com\/blog\/une-organisation-caritative-catholique-vise-a-autonomiser-les-femmes-des-peripheries-et-au-dela-et-requete-matinale\/#primaryimage"},"thumbnailUrl":"https:\/\/editionsbussiere.com\/blog\/wp-content\/uploads\/2024\/03\/Une-organisation-caritative-catholique-vise-a-autonomiser-les-femmes-des-1024x576-1.jpg","articleSection":["Editions \u00c9sot\u00e9rique Fond\u00e9e En 1927; D\u00e9p\u00e8ches:"],"inLanguage":"fr-FR"},{"@type":"WebPage","@id":"https:\/\/editionsbussiere.com\/blog\/une-organisation-caritative-catholique-vise-a-autonomiser-les-femmes-des-peripheries-et-au-dela-et-requete-matinale\/","url":"https:\/\/editionsbussiere.com\/blog\/une-organisation-caritative-catholique-vise-a-autonomiser-les-femmes-des-peripheries-et-au-dela-et-requete-matinale\/","name":"Une organisation caritative catholique vise \u00e0 autonomiser les femmes des p\u00e9riph\u00e9ries et au-del\u00e0 et requ\u00eate matinale. - EDITIONSBUSSIERE","isPartOf":{"@id":"https:\/\/editionsbussiere.com\/blog\/#website"},"primaryImageOfPage":{"@id":"https:\/\/editionsbussiere.com\/blog\/une-organisation-caritative-catholique-vise-a-autonomiser-les-femmes-des-peripheries-et-au-dela-et-requete-matinale\/#primaryimage"},"image":{"@id":"https:\/\/editionsbussiere.com\/blog\/une-organisation-caritative-catholique-vise-a-autonomiser-les-femmes-des-peripheries-et-au-dela-et-requete-matinale\/#primaryimage"},"thumbnailUrl":"https:\/\/editionsbussiere.com\/blog\/wp-content\/uploads\/2024\/03\/Une-organisation-caritative-catholique-vise-a-autonomiser-les-femmes-des-1024x576-1.jpg","datePublished":"2024-03-08T10:09:06+00:00","breadcrumb":{"@id":"https:\/\/editionsbussiere.com\/blog\/une-organisation-caritative-catholique-vise-a-autonomiser-les-femmes-des-peripheries-et-au-dela-et-requete-matinale\/#breadcrumb"},"inLanguage":"fr-FR","potentialAction":[{"@type":"ReadAction","target":["https:\/\/editionsbussiere.com\/blog\/une-organisation-caritative-catholique-vise-a-autonomiser-les-femmes-des-peripheries-et-au-dela-et-requete-matinale\/"]}]},{"@type":"ImageObject","inLanguage":"fr-FR","@id":"https:\/\/editionsbussiere.com\/blog\/une-organisation-caritative-catholique-vise-a-autonomiser-les-femmes-des-peripheries-et-au-dela-et-requete-matinale\/#primaryimage","url":"https:\/\/editionsbussiere.com\/blog\/wp-content\/uploads\/2024\/03\/Une-organisation-caritative-catholique-vise-a-autonomiser-les-femmes-des-1024x576-1.jpg","contentUrl":"https:\/\/editionsbussiere.com\/blog\/wp-content\/uploads\/2024\/03\/Une-organisation-caritative-catholique-vise-a-autonomiser-les-femmes-des-1024x576-1.jpg","width":1024,"height":576,"caption":"Une organisation caritative catholique vise a autonomiser les femmes des 1024x576 1"},{"@type":"BreadcrumbList","@id":"https:\/\/editionsbussiere.com\/blog\/une-organisation-caritative-catholique-vise-a-autonomiser-les-femmes-des-peripheries-et-au-dela-et-requete-matinale\/#breadcrumb","itemListElement":[{"@type":"ListItem","position":1,"name":"Accueil","item":"https:\/\/editionsbussiere.com\/blog\/"},{"@type":"ListItem","position":2,"name":"Une organisation caritative catholique vise \u00e0 autonomiser les femmes des p\u00e9riph\u00e9ries et au-del\u00e0 et requ\u00eate matinale."}]},{"@type":"WebSite","@id":"https:\/\/editionsbussiere.com\/blog\/#website","url":"https:\/\/editionsbussiere.com\/blog\/","name":"EDITIONSBUSSIERE","description":"Editions \u00e9sot\u00e9rique fond\u00e9e en 1927; site historique, A SAVOIR ET RETENIR.","publisher":{"@id":"https:\/\/editionsbussiere.com\/blog\/#organization"},"potentialAction":[{"@type":"SearchAction","target":{"@type":"EntryPoint","urlTemplate":"https:\/\/editionsbussiere.com\/blog\/?s={search_term_string}"},"query-input":{"@type":"PropertyValueSpecification","valueRequired":true,"valueName":"search_term_string"}}],"inLanguage":"fr-FR"},{"@type":"Organization","@id":"https:\/\/editionsbussiere.com\/blog\/#organization","name":"editionsbussiere","url":"https:\/\/editionsbussiere.com\/blog\/","logo":{"@type":"ImageObject","inLanguage":"fr-FR","@id":"https:\/\/editionsbussiere.com\/blog\/#\/schema\/logo\/image\/","url":"https:\/\/editionsbussiere.com\/blog\/wp-content\/uploads\/2023\/09\/cropped-buss.gif","contentUrl":"https:\/\/editionsbussiere.com\/blog\/wp-content\/uploads\/2023\/09\/cropped-buss.gif","width":298,"height":120,"caption":"editionsbussiere"},"image":{"@id":"https:\/\/editionsbussiere.com\/blog\/#\/schema\/logo\/image\/"}},{"@type":"Person","@id":"https:\/\/editionsbussiere.com\/blog\/#\/schema\/person\/ec90e102792148c97e46ab871010dd8f","name":"Marie BATICLE","image":{"@type":"ImageObject","inLanguage":"fr-FR","@id":"https:\/\/secure.gravatar.com\/avatar\/c923e52403b1b8137e2d929127211d21967e6aecaa053bd43b09da29f212e76e?s=96&d=mm&r=g","url":"https:\/\/secure.gravatar.com\/avatar\/c923e52403b1b8137e2d929127211d21967e6aecaa053bd43b09da29f212e76e?s=96&d=mm&r=g","contentUrl":"https:\/\/secure.gravatar.com\/avatar\/c923e52403b1b8137e2d929127211d21967e6aecaa053bd43b09da29f212e76e?s=96&d=mm&r=g","caption":"Marie BATICLE"},"url":"https:\/\/editionsbussiere.com\/blog\/author\/eremarie\/"}]}},"_links":{"self":[{"href":"https:\/\/editionsbussiere.com\/blog\/wp-json\/wp\/v2\/posts\/345","targetHints":{"allow":["GET"]}}],"collection":[{"href":"https:\/\/editionsbussiere.com\/blog\/wp-json\/wp\/v2\/posts"}],"about":[{"href":"https:\/\/editionsbussiere.com\/blog\/wp-json\/wp\/v2\/types\/post"}],"author":[{"embeddable":true,"href":"https:\/\/editionsbussiere.com\/blog\/wp-json\/wp\/v2\/users\/3"}],"replies":[{"embeddable":true,"href":"https:\/\/editionsbussiere.com\/blog\/wp-json\/wp\/v2\/comments?post=345"}],"version-history":[{"count":0,"href":"https:\/\/editionsbussiere.com\/blog\/wp-json\/wp\/v2\/posts\/345\/revisions"}],"wp:featuredmedia":[{"embeddable":true,"href":"https:\/\/editionsbussiere.com\/blog\/wp-json\/wp\/v2\/media\/346"}],"wp:attachment":[{"href":"https:\/\/editionsbussiere.com\/blog\/wp-json\/wp\/v2\/media?parent=345"}],"wp:term":[{"taxonomy":"category","embeddable":true,"href":"https:\/\/editionsbussiere.com\/blog\/wp-json\/wp\/v2\/categories?post=345"},{"taxonomy":"post_tag","embeddable":true,"href":"https:\/\/editionsbussiere.com\/blog\/wp-json\/wp\/v2\/tags?post=345"}],"curies":[{"name":"wp","href":"https:\/\/api.w.org\/{rel}","templated":true}]}}