{"id":228,"date":"2023-12-23T18:44:29","date_gmt":"2023-12-23T17:44:29","guid":{"rendered":"https:\/\/editionsbussiere.com\/blog\/le-cure-dargentan-deplore-le-mauvais-etat-des-monuments-notre-patrimoine-est-en-danger\/"},"modified":"2023-12-23T18:44:29","modified_gmt":"2023-12-23T17:44:29","slug":"le-cure-dargentan-deplore-le-mauvais-etat-des-monuments-notre-patrimoine-est-en-danger","status":"publish","type":"post","link":"https:\/\/editionsbussiere.com\/blog\/le-cure-dargentan-deplore-le-mauvais-etat-des-monuments-notre-patrimoine-est-en-danger\/","title":{"rendered":"Le cur\u00e9 d\u2019Argentan d\u00e9plore le mauvais \u00e9tat des monuments : \u00ab\u00a0Notre patrimoine est en danger\u00a0\u00bb"},"content":{"rendered":"<div>\n<div>\n<div class=\"ac-article-date\">\n<p>        Par <strong>Beno\u00eet Lesaulnier<\/strong><br \/>\n        <span>Publi\u00e9 le <time datetime=\"2023-12-23T16:00:02+01:00\">23 d\u00e9cembre 23 \u00e0 16h00<\/time><br \/>\n        <\/span>\n<\/p>\n<\/div>\n<div class=\"ac-article-follow\">\n<p>    Voir mon actu<br \/>\n    <button type=\"button\" class=\"ac-btn ac-btn--mini ac-btn--blue ac-icon--star-empty\" data-follow=\"Suivre Le Journal de l'Orne\" data-unfollow=\"Retirer\">Suivre Le Journal de l\u2019Orne<\/button>\n<\/p>\n<\/div>\n<p>Savez-vous pourquoi l\u2019entr\u00e9e de l\u2019\u00e9glise Saint-Germain ne se fait pas par la grande porte ?  La raison est inh\u00e9rente aux \u00e9glises d\u2019Argentan.  Deux pierres <b>mena\u00e7ant de s\u2019effondrer<\/b> depuis plusieurs ann\u00e9es.<\/p>\n<p>S\u2019ajoute \u00e0 cela les r\u00e9cents \u00e9v\u00e9nements sur l\u2019\u00e9glise voisine.  \u00ab Actuellement, l\u2019\u00e9glise Saint-Martin est en danger d\u2019effondrement \u00bb, pose le <b>P\u00e8re Pierre-Yves \u00c9mile<\/b>pr\u00eatre d\u2019Argentan.<\/p>\n<p>Occupant ce r\u00f4le \u00e0 la succession du <b>P\u00e8re \u00c9douard L\u00e9ger<\/b>, il fait le point sur ses premiers mois \u00e0 ce poste.  Pr\u00e9sent depuis 2017 \u00e0 Argentan, le cur\u00e9 ne peut que constater le <b>mauvais \u00e9tat<\/b> des monuments de la ville.<\/p>\n<p>\u00c0 l\u2019approche de No\u00ebl, l\u2019\u00e9glise prie pour recevoir un cadeau pour <b>prot\u00e9ger le patrimoine<\/b>.  Il \u00e9voque l\u2019organisation de la paroisse pour les f\u00eates.<\/p>\n<p class=\"ac-article-content__question\">Avez-vous un message \u00e0 faire passer concernant l\u2019\u00e9tat des \u00e9glises au sein de la paroisse ?<\/p>\n<p>Le passage de la temp\u00eate Ciaran et la chute du pinacle de l\u2019\u00e9glise Saint-Martin ont r\u00e9v\u00e9l\u00e9 un probl\u00e8me de longue date sur le mauvais \u00e9tat des b\u00e2timents.  Les Argentanais doivent en prendre conscience.<\/p>\n<h2>Plus on attend, plus cela co\u00fbtera cher<\/h2>\n<p class=\"ac-article-content__question\">Quels sont les risques ?<\/p>\n<p>L\u2019\u00e9glise Saint-Martin, ferm\u00e9e depuis le 2 novembre, repr\u00e9sente une situation d\u2019urgence.  L\u2019ensemble de l\u2019\u00e9difice est en danger.  Si elle tombe, ce sera sur les habitations et le commissariat.  De plus, l\u2019\u00e9glise dispose des seuls vitraux dat\u00e9s de l\u2019avant-guerre \u00e0 Argentan.  Nous avons alert\u00e9 il y a longtemps sur la n\u00e9cessit\u00e9 des travaux.  Plus on attend, plus cela nous co\u00fbtera cher.<\/p>\n<p class=\"ac-article-content__question\">Les d\u00e9g\u00e2ts sur l\u2019\u00e9glise ont-ils fait r\u00e9agir les habitants ?<\/p>\n<p>Une association d\u2019habitants est investie dans la protection du patrimoine d\u2019Argentan.  On travaille ensemble pour trouver des solutions.  Le clocher est en p\u00e9ril \u00e0 cause de la pierre calcaire qui vieillit.  La mairie est \u00e9galement consciente de ce probl\u00e8me.  L\u2019ensemble de notre patrimoine est en danger.<\/p>\n<figure id=\"dailymotion-embed-x7dyep\" class=\"ac-embed ac-embed--dailymotion ac-embed--inread3\" data-provider=\"dailymotion\"><figcaption>Vid\u00e9os : en ce moment sur Actu<\/figcaption><\/figure>\n<p class=\"ac-article-content__question\">Des travaux sont d\u00e9j\u00e0 engag\u00e9s pour agrandir le presbyt\u00e8re.  Quelle est leur avanc\u00e9e ?<\/p>\n<p>Depuis septembre, nous sommes temporairement dans les anciens locaux de la Caisse d\u2019\u00c9pargne, au 10, rue Ferdinand-Buisson.  La phase de pr\u00e9paration des travaux a d\u00e9but\u00e9 en 2018. La phase d\u2019ex\u00e9cution commence en janvier 2024 et doit durer dix-huit mois.  Le budget est respect\u00e9, il s\u2019\u00e9l\u00e8ve \u00e0 1,6 million d\u2019euros.<\/p>\n<h2>Risque de trouver porte close<\/h2>\n<p class=\"ac-article-content__question\">\u00c0 quoi servira ce presbyt\u00e8re neuf, rue de la Poterie ?<\/p>\n<p>C\u2019est un lieu destin\u00e9 aux quatre paroisses d\u2019Argentan et ses environs : Trun, \u00c9couch\u00e9, Putanges et Argentan.  On n\u2019avait pas de lieu accessible aux normes.  Le but est de cr\u00e9er un espace de partage avec une tisanerie fraternelle.  Ce lieu sera interg\u00e9n\u00e9rationnel et destin\u00e9 \u00e0 toutes les personnes qui veulent partager entre elles.  Je pense notamment aux mouvements de jeunes catholiques.<\/p>\n<p class=\"ac-article-content__question\">Comment vous en sortez-vous financi\u00e8rement ?<\/p>\n<p>La nouvelle g\u00e9n\u00e9ration ne donne plus comme avant.  J\u2019incite les personnes \u00e0 contribuer au denier.  Cet argent permet de financer le salaire des pr\u00eatres qui est de 1 100 \u20ac par mois pour le dioc\u00e8se de S\u00e9ez.  Le risque est qu\u2019\u00e0 l\u2019avenir les personnes se trouvent porte close quand elles se tournent vers l\u2019\u00e9glise pour organiser une c\u00e9l\u00e9bration.<\/p>\n<p class=\"ac-article-content__question\">Quelle est l\u2019organisation de la paroisse pour les f\u00eates de No\u00ebl ?<\/p>\n<p>D\u2019habitude, nous c\u00e9l\u00e9brons deux messes le 24 d\u00e9cembre, une \u00e0 Saint-Martin puis une autre \u00e0 Saint-Germain.  Cette ann\u00e9e, il y aura deux mess \u00e0 Saint-Germain \u00e0 18 heures et 21 heures.  Puis une troisi\u00e8me \u00e0 Fontenai-sur-Orne, \u00e0 23 h 30. Le 25 d\u00e9cembre, la messe aura lieu \u00e0 11 heures, \u00e0 Saint-Germain.<\/p>\n<p><i>Suivez toute l\u2019actualit\u00e9 de vos villes et m\u00e9dias favoris en vous inscrivant \u00e0 Mon Actu.<\/i><\/p>\n<\/div>\n<p><script type=\"didomi\/javascript\" data-purposes=\"promotions-QxGcGAzR\">\nmcaOnReady.push(\nfunction(d){\n    var s = document.createElement('script');\n    s.id = 'mediego'; s.src=\"\n    s.defer = true;\n    document.body.appendChild(s);\n});\nmcaOnReady.push(\nfunction() {if(window.fbq)return;n=window.fbq=function(){n.callMethod?\n    n.callMethod.apply(n,arguments):n.queue.push(arguments)};\n    if(!window._fbq)window._fbq=n;n.push=n;n.loaded=!0;n.version='2.0';\n    n.queue=[];t=document.createElement('script');t.defer=!0;\n    t.src=\"https:\/\/connect.facebook.net\/en_US\/fbevents.js\";s=document.getElementsByTagName('script')[0];\n    s.parentNode.insertBefore(t,s);\n    fbq('init', '183114723670867');\n    fbq('track', 'PageView');\n});\n<\/script><\/p>\n<\/div>\n<p><!-- no image -->Le site editionsbussiere.com est fait afin de fournir diff\u00e9rentes publications sur la th\u00e9matique Editions \u00e9sot\u00e9rique fond\u00e9e en 1927 publi\u00e9es sur internet. editionsbussiere.com vous a concoct\u00e9 cet article qui informe du th\u00e8me \u00ab\u00a0Editions \u00e9sot\u00e9rique fond\u00e9e en 1927\u00a0\u00bb. Ce texte a \u00e9t\u00e9 r\u00e9\u00e9dit\u00e9 de la mani\u00e8re la plus compl\u00e8te qui soit. Si jamais vous souhaitez apporter quelques modifications concernant le domaine de \u00ab\u00a0Editions \u00e9sot\u00e9rique fond\u00e9e en 1927\u00a0\u00bb il est possible de d&rsquo;\u00e9changer avec notre \u00e9quipe. En visitant plusieurs fois notre blog vous serez au courant des prochaines annonces.<\/p>\n","protected":false},"excerpt":{"rendered":"<p>Par Beno\u00eet Lesaulnier Publi\u00e9 le 23 d\u00e9cembre 23 \u00e0 16h00 Voir mon actu Suivre Le Journal de l\u2019Orne Savez-vous pourquoi l\u2019entr\u00e9e de l\u2019\u00e9glise Saint-Germain ne se fait pas par la grande porte ? La raison est inh\u00e9rente aux \u00e9glises d\u2019Argentan. Deux pierres mena\u00e7ant de s\u2019effondrer depuis plusieurs ann\u00e9es. S\u2019ajoute \u00e0 cela les r\u00e9cents \u00e9v\u00e9nements sur [&hellip;]<\/p>\n","protected":false},"author":2,"featured_media":0,"comment_status":"closed","ping_status":"closed","sticky":false,"template":"","format":"standard","meta":{"footnotes":""},"categories":[2],"tags":[],"class_list":["post-228","post","type-post","status-publish","format-standard","hentry","category-editions-esoterique-fondee-en-1927","entry","fw-tab-6 fw-tabr-4"],"yoast_head":"<!-- This site is optimized with the Yoast SEO plugin v27.5 - https:\/\/yoast.com\/product\/yoast-seo-wordpress\/ -->\n<title>Le cur\u00e9 d\u2019Argentan d\u00e9plore le mauvais \u00e9tat des monuments : \u00ab\u00a0Notre patrimoine est en danger\u00a0\u00bb - EDITIONSBUSSIERE<\/title>\n<meta name=\"robots\" content=\"index, follow, max-snippet:-1, max-image-preview:large, max-video-preview:-1\" \/>\n<link rel=\"canonical\" href=\"https:\/\/editionsbussiere.com\/blog\/le-cure-dargentan-deplore-le-mauvais-etat-des-monuments-notre-patrimoine-est-en-danger\/\" \/>\n<meta property=\"og:locale\" content=\"fr_FR\" \/>\n<meta property=\"og:type\" content=\"article\" \/>\n<meta property=\"og:title\" content=\"Le cur\u00e9 d\u2019Argentan d\u00e9plore le mauvais \u00e9tat des monuments : \u00ab\u00a0Notre patrimoine est en danger\u00a0\u00bb - EDITIONSBUSSIERE\" \/>\n<meta property=\"og:description\" content=\"Par Beno\u00eet Lesaulnier Publi\u00e9 le 23 d\u00e9cembre 23 \u00e0 16h00 Voir mon actu Suivre Le Journal de l\u2019Orne Savez-vous pourquoi l\u2019entr\u00e9e de l\u2019\u00e9glise Saint-Germain ne se fait pas par la grande porte ? La raison est inh\u00e9rente aux \u00e9glises d\u2019Argentan. Deux pierres mena\u00e7ant de s\u2019effondrer depuis plusieurs ann\u00e9es. S\u2019ajoute \u00e0 cela les r\u00e9cents \u00e9v\u00e9nements sur [&hellip;]\" \/>\n<meta property=\"og:url\" content=\"https:\/\/editionsbussiere.com\/blog\/le-cure-dargentan-deplore-le-mauvais-etat-des-monuments-notre-patrimoine-est-en-danger\/\" \/>\n<meta property=\"og:site_name\" content=\"EDITIONSBUSSIERE\" \/>\n<meta property=\"article:published_time\" content=\"2023-12-23T17:44:29+00:00\" \/>\n<meta name=\"author\" content=\"Jacques JOLIVET\" \/>\n<meta name=\"twitter:card\" content=\"summary_large_image\" \/>\n<meta name=\"twitter:label1\" content=\"\u00c9crit par\" \/>\n\t<meta name=\"twitter:data1\" content=\"Jacques JOLIVET\" \/>\n\t<meta name=\"twitter:label2\" content=\"Dur\u00e9e de lecture estim\u00e9e\" \/>\n\t<meta name=\"twitter:data2\" content=\"4 minutes\" \/>\n<script type=\"application\/ld+json\" class=\"yoast-schema-graph\">{\"@context\":\"https:\\\/\\\/schema.org\",\"@graph\":[{\"@type\":\"Article\",\"@id\":\"https:\\\/\\\/editionsbussiere.com\\\/blog\\\/le-cure-dargentan-deplore-le-mauvais-etat-des-monuments-notre-patrimoine-est-en-danger\\\/#article\",\"isPartOf\":{\"@id\":\"https:\\\/\\\/editionsbussiere.com\\\/blog\\\/le-cure-dargentan-deplore-le-mauvais-etat-des-monuments-notre-patrimoine-est-en-danger\\\/\"},\"author\":{\"name\":\"Jacques JOLIVET\",\"@id\":\"https:\\\/\\\/editionsbussiere.com\\\/blog\\\/#\\\/schema\\\/person\\\/4a5a88a011c746b8f374d0810c79e536\"},\"headline\":\"Le cur\u00e9 d\u2019Argentan d\u00e9plore le mauvais \u00e9tat des monuments : \u00ab\u00a0Notre patrimoine est en danger\u00a0\u00bb\",\"datePublished\":\"2023-12-23T17:44:29+00:00\",\"mainEntityOfPage\":{\"@id\":\"https:\\\/\\\/editionsbussiere.com\\\/blog\\\/le-cure-dargentan-deplore-le-mauvais-etat-des-monuments-notre-patrimoine-est-en-danger\\\/\"},\"wordCount\":766,\"publisher\":{\"@id\":\"https:\\\/\\\/editionsbussiere.com\\\/blog\\\/#organization\"},\"articleSection\":[\"Editions \u00c9sot\u00e9rique Fond\u00e9e En 1927:\"],\"inLanguage\":\"fr-FR\"},{\"@type\":\"WebPage\",\"@id\":\"https:\\\/\\\/editionsbussiere.com\\\/blog\\\/le-cure-dargentan-deplore-le-mauvais-etat-des-monuments-notre-patrimoine-est-en-danger\\\/\",\"url\":\"https:\\\/\\\/editionsbussiere.com\\\/blog\\\/le-cure-dargentan-deplore-le-mauvais-etat-des-monuments-notre-patrimoine-est-en-danger\\\/\",\"name\":\"Le cur\u00e9 d\u2019Argentan d\u00e9plore le mauvais \u00e9tat des monuments : \u00ab\u00a0Notre patrimoine est en danger\u00a0\u00bb - EDITIONSBUSSIERE\",\"isPartOf\":{\"@id\":\"https:\\\/\\\/editionsbussiere.com\\\/blog\\\/#website\"},\"datePublished\":\"2023-12-23T17:44:29+00:00\",\"breadcrumb\":{\"@id\":\"https:\\\/\\\/editionsbussiere.com\\\/blog\\\/le-cure-dargentan-deplore-le-mauvais-etat-des-monuments-notre-patrimoine-est-en-danger\\\/#breadcrumb\"},\"inLanguage\":\"fr-FR\",\"potentialAction\":[{\"@type\":\"ReadAction\",\"target\":[\"https:\\\/\\\/editionsbussiere.com\\\/blog\\\/le-cure-dargentan-deplore-le-mauvais-etat-des-monuments-notre-patrimoine-est-en-danger\\\/\"]}]},{\"@type\":\"BreadcrumbList\",\"@id\":\"https:\\\/\\\/editionsbussiere.com\\\/blog\\\/le-cure-dargentan-deplore-le-mauvais-etat-des-monuments-notre-patrimoine-est-en-danger\\\/#breadcrumb\",\"itemListElement\":[{\"@type\":\"ListItem\",\"position\":1,\"name\":\"Accueil\",\"item\":\"https:\\\/\\\/editionsbussiere.com\\\/blog\\\/\"},{\"@type\":\"ListItem\",\"position\":2,\"name\":\"Le cur\u00e9 d\u2019Argentan d\u00e9plore le mauvais \u00e9tat des monuments : \u00ab\u00a0Notre patrimoine est en danger\u00a0\u00bb\"}]},{\"@type\":\"WebSite\",\"@id\":\"https:\\\/\\\/editionsbussiere.com\\\/blog\\\/#website\",\"url\":\"https:\\\/\\\/editionsbussiere.com\\\/blog\\\/\",\"name\":\"EDITIONSBUSSIERE\",\"description\":\"Editions \u00e9sot\u00e9rique fond\u00e9e en 1927; site historique, A SAVOIR ET RETENIR.\",\"publisher\":{\"@id\":\"https:\\\/\\\/editionsbussiere.com\\\/blog\\\/#organization\"},\"potentialAction\":[{\"@type\":\"SearchAction\",\"target\":{\"@type\":\"EntryPoint\",\"urlTemplate\":\"https:\\\/\\\/editionsbussiere.com\\\/blog\\\/?s={search_term_string}\"},\"query-input\":{\"@type\":\"PropertyValueSpecification\",\"valueRequired\":true,\"valueName\":\"search_term_string\"}}],\"inLanguage\":\"fr-FR\"},{\"@type\":\"Organization\",\"@id\":\"https:\\\/\\\/editionsbussiere.com\\\/blog\\\/#organization\",\"name\":\"editionsbussiere\",\"url\":\"https:\\\/\\\/editionsbussiere.com\\\/blog\\\/\",\"logo\":{\"@type\":\"ImageObject\",\"inLanguage\":\"fr-FR\",\"@id\":\"https:\\\/\\\/editionsbussiere.com\\\/blog\\\/#\\\/schema\\\/logo\\\/image\\\/\",\"url\":\"https:\\\/\\\/editionsbussiere.com\\\/blog\\\/wp-content\\\/uploads\\\/2023\\\/09\\\/cropped-buss.gif\",\"contentUrl\":\"https:\\\/\\\/editionsbussiere.com\\\/blog\\\/wp-content\\\/uploads\\\/2023\\\/09\\\/cropped-buss.gif\",\"width\":298,\"height\":120,\"caption\":\"editionsbussiere\"},\"image\":{\"@id\":\"https:\\\/\\\/editionsbussiere.com\\\/blog\\\/#\\\/schema\\\/logo\\\/image\\\/\"}},{\"@type\":\"Person\",\"@id\":\"https:\\\/\\\/editionsbussiere.com\\\/blog\\\/#\\\/schema\\\/person\\\/4a5a88a011c746b8f374d0810c79e536\",\"name\":\"Jacques JOLIVET\",\"image\":{\"@type\":\"ImageObject\",\"inLanguage\":\"fr-FR\",\"@id\":\"https:\\\/\\\/secure.gravatar.com\\\/avatar\\\/75a17b45476360ef3bfe45fcf0ffe89df5dc018eca14236e84b58f23a0570073?s=96&d=mm&r=g\",\"url\":\"https:\\\/\\\/secure.gravatar.com\\\/avatar\\\/75a17b45476360ef3bfe45fcf0ffe89df5dc018eca14236e84b58f23a0570073?s=96&d=mm&r=g\",\"contentUrl\":\"https:\\\/\\\/secure.gravatar.com\\\/avatar\\\/75a17b45476360ef3bfe45fcf0ffe89df5dc018eca14236e84b58f23a0570073?s=96&d=mm&r=g\",\"caption\":\"Jacques JOLIVET\"},\"url\":\"https:\\\/\\\/editionsbussiere.com\\\/blog\\\/author\\\/erejacques\\\/\"}]}<\/script>\n<!-- \/ Yoast SEO plugin. -->","yoast_head_json":{"title":"Le cur\u00e9 d\u2019Argentan d\u00e9plore le mauvais \u00e9tat des monuments : \u00ab\u00a0Notre patrimoine est en danger\u00a0\u00bb - EDITIONSBUSSIERE","robots":{"index":"index","follow":"follow","max-snippet":"max-snippet:-1","max-image-preview":"max-image-preview:large","max-video-preview":"max-video-preview:-1"},"canonical":"https:\/\/editionsbussiere.com\/blog\/le-cure-dargentan-deplore-le-mauvais-etat-des-monuments-notre-patrimoine-est-en-danger\/","og_locale":"fr_FR","og_type":"article","og_title":"Le cur\u00e9 d\u2019Argentan d\u00e9plore le mauvais \u00e9tat des monuments : \u00ab\u00a0Notre patrimoine est en danger\u00a0\u00bb - EDITIONSBUSSIERE","og_description":"Par Beno\u00eet Lesaulnier Publi\u00e9 le 23 d\u00e9cembre 23 \u00e0 16h00 Voir mon actu Suivre Le Journal de l\u2019Orne Savez-vous pourquoi l\u2019entr\u00e9e de l\u2019\u00e9glise Saint-Germain ne se fait pas par la grande porte ? La raison est inh\u00e9rente aux \u00e9glises d\u2019Argentan. Deux pierres mena\u00e7ant de s\u2019effondrer depuis plusieurs ann\u00e9es. S\u2019ajoute \u00e0 cela les r\u00e9cents \u00e9v\u00e9nements sur [&hellip;]","og_url":"https:\/\/editionsbussiere.com\/blog\/le-cure-dargentan-deplore-le-mauvais-etat-des-monuments-notre-patrimoine-est-en-danger\/","og_site_name":"EDITIONSBUSSIERE","article_published_time":"2023-12-23T17:44:29+00:00","author":"Jacques JOLIVET","twitter_card":"summary_large_image","twitter_misc":{"\u00c9crit par":"Jacques JOLIVET","Dur\u00e9e de lecture estim\u00e9e":"4 minutes"},"schema":{"@context":"https:\/\/schema.org","@graph":[{"@type":"Article","@id":"https:\/\/editionsbussiere.com\/blog\/le-cure-dargentan-deplore-le-mauvais-etat-des-monuments-notre-patrimoine-est-en-danger\/#article","isPartOf":{"@id":"https:\/\/editionsbussiere.com\/blog\/le-cure-dargentan-deplore-le-mauvais-etat-des-monuments-notre-patrimoine-est-en-danger\/"},"author":{"name":"Jacques JOLIVET","@id":"https:\/\/editionsbussiere.com\/blog\/#\/schema\/person\/4a5a88a011c746b8f374d0810c79e536"},"headline":"Le cur\u00e9 d\u2019Argentan d\u00e9plore le mauvais \u00e9tat des monuments : \u00ab\u00a0Notre patrimoine est en danger\u00a0\u00bb","datePublished":"2023-12-23T17:44:29+00:00","mainEntityOfPage":{"@id":"https:\/\/editionsbussiere.com\/blog\/le-cure-dargentan-deplore-le-mauvais-etat-des-monuments-notre-patrimoine-est-en-danger\/"},"wordCount":766,"publisher":{"@id":"https:\/\/editionsbussiere.com\/blog\/#organization"},"articleSection":["Editions \u00c9sot\u00e9rique Fond\u00e9e En 1927:"],"inLanguage":"fr-FR"},{"@type":"WebPage","@id":"https:\/\/editionsbussiere.com\/blog\/le-cure-dargentan-deplore-le-mauvais-etat-des-monuments-notre-patrimoine-est-en-danger\/","url":"https:\/\/editionsbussiere.com\/blog\/le-cure-dargentan-deplore-le-mauvais-etat-des-monuments-notre-patrimoine-est-en-danger\/","name":"Le cur\u00e9 d\u2019Argentan d\u00e9plore le mauvais \u00e9tat des monuments : \u00ab\u00a0Notre patrimoine est en danger\u00a0\u00bb - EDITIONSBUSSIERE","isPartOf":{"@id":"https:\/\/editionsbussiere.com\/blog\/#website"},"datePublished":"2023-12-23T17:44:29+00:00","breadcrumb":{"@id":"https:\/\/editionsbussiere.com\/blog\/le-cure-dargentan-deplore-le-mauvais-etat-des-monuments-notre-patrimoine-est-en-danger\/#breadcrumb"},"inLanguage":"fr-FR","potentialAction":[{"@type":"ReadAction","target":["https:\/\/editionsbussiere.com\/blog\/le-cure-dargentan-deplore-le-mauvais-etat-des-monuments-notre-patrimoine-est-en-danger\/"]}]},{"@type":"BreadcrumbList","@id":"https:\/\/editionsbussiere.com\/blog\/le-cure-dargentan-deplore-le-mauvais-etat-des-monuments-notre-patrimoine-est-en-danger\/#breadcrumb","itemListElement":[{"@type":"ListItem","position":1,"name":"Accueil","item":"https:\/\/editionsbussiere.com\/blog\/"},{"@type":"ListItem","position":2,"name":"Le cur\u00e9 d\u2019Argentan d\u00e9plore le mauvais \u00e9tat des monuments : \u00ab\u00a0Notre patrimoine est en danger\u00a0\u00bb"}]},{"@type":"WebSite","@id":"https:\/\/editionsbussiere.com\/blog\/#website","url":"https:\/\/editionsbussiere.com\/blog\/","name":"EDITIONSBUSSIERE","description":"Editions \u00e9sot\u00e9rique fond\u00e9e en 1927; site historique, A SAVOIR ET RETENIR.","publisher":{"@id":"https:\/\/editionsbussiere.com\/blog\/#organization"},"potentialAction":[{"@type":"SearchAction","target":{"@type":"EntryPoint","urlTemplate":"https:\/\/editionsbussiere.com\/blog\/?s={search_term_string}"},"query-input":{"@type":"PropertyValueSpecification","valueRequired":true,"valueName":"search_term_string"}}],"inLanguage":"fr-FR"},{"@type":"Organization","@id":"https:\/\/editionsbussiere.com\/blog\/#organization","name":"editionsbussiere","url":"https:\/\/editionsbussiere.com\/blog\/","logo":{"@type":"ImageObject","inLanguage":"fr-FR","@id":"https:\/\/editionsbussiere.com\/blog\/#\/schema\/logo\/image\/","url":"https:\/\/editionsbussiere.com\/blog\/wp-content\/uploads\/2023\/09\/cropped-buss.gif","contentUrl":"https:\/\/editionsbussiere.com\/blog\/wp-content\/uploads\/2023\/09\/cropped-buss.gif","width":298,"height":120,"caption":"editionsbussiere"},"image":{"@id":"https:\/\/editionsbussiere.com\/blog\/#\/schema\/logo\/image\/"}},{"@type":"Person","@id":"https:\/\/editionsbussiere.com\/blog\/#\/schema\/person\/4a5a88a011c746b8f374d0810c79e536","name":"Jacques JOLIVET","image":{"@type":"ImageObject","inLanguage":"fr-FR","@id":"https:\/\/secure.gravatar.com\/avatar\/75a17b45476360ef3bfe45fcf0ffe89df5dc018eca14236e84b58f23a0570073?s=96&d=mm&r=g","url":"https:\/\/secure.gravatar.com\/avatar\/75a17b45476360ef3bfe45fcf0ffe89df5dc018eca14236e84b58f23a0570073?s=96&d=mm&r=g","contentUrl":"https:\/\/secure.gravatar.com\/avatar\/75a17b45476360ef3bfe45fcf0ffe89df5dc018eca14236e84b58f23a0570073?s=96&d=mm&r=g","caption":"Jacques JOLIVET"},"url":"https:\/\/editionsbussiere.com\/blog\/author\/erejacques\/"}]}},"_links":{"self":[{"href":"https:\/\/editionsbussiere.com\/blog\/wp-json\/wp\/v2\/posts\/228","targetHints":{"allow":["GET"]}}],"collection":[{"href":"https:\/\/editionsbussiere.com\/blog\/wp-json\/wp\/v2\/posts"}],"about":[{"href":"https:\/\/editionsbussiere.com\/blog\/wp-json\/wp\/v2\/types\/post"}],"author":[{"embeddable":true,"href":"https:\/\/editionsbussiere.com\/blog\/wp-json\/wp\/v2\/users\/2"}],"replies":[{"embeddable":true,"href":"https:\/\/editionsbussiere.com\/blog\/wp-json\/wp\/v2\/comments?post=228"}],"version-history":[{"count":0,"href":"https:\/\/editionsbussiere.com\/blog\/wp-json\/wp\/v2\/posts\/228\/revisions"}],"wp:attachment":[{"href":"https:\/\/editionsbussiere.com\/blog\/wp-json\/wp\/v2\/media?parent=228"}],"wp:term":[{"taxonomy":"category","embeddable":true,"href":"https:\/\/editionsbussiere.com\/blog\/wp-json\/wp\/v2\/categories?post=228"},{"taxonomy":"post_tag","embeddable":true,"href":"https:\/\/editionsbussiere.com\/blog\/wp-json\/wp\/v2\/tags?post=228"}],"curies":[{"name":"wp","href":"https:\/\/api.w.org\/{rel}","templated":true}]}}