{"id":2203,"date":"2026-04-26T15:09:46","date_gmt":"2026-04-26T13:09:46","guid":{"rendered":"https:\/\/editionsbussiere.com\/blog\/livre-lultime-porte-de-giacometti-et-ravenne-marcas-face-a-lenfer-et-au-paradis\/"},"modified":"2026-04-26T15:09:46","modified_gmt":"2026-04-26T13:09:46","slug":"livre-lultime-porte-de-giacometti-et-ravenne-marcas-face-a-lenfer-et-au-paradis","status":"publish","type":"post","link":"https:\/\/editionsbussiere.com\/blog\/livre-lultime-porte-de-giacometti-et-ravenne-marcas-face-a-lenfer-et-au-paradis\/","title":{"rendered":"Livre. \u00ab L\u2019ultime porte \u00bb de Giacometti et Ravenne : Marcas face \u00e0 l\u2019Enfer et au Paradis"},"content":{"rendered":"<div>Entre 1810 et 2025, deux enqu\u00eates parall\u00e8les relient des meurtres d\u2019architectes \u00e0 un secret \u00e9sot\u00e9rique \u00e9gyptien, impliquant francs-ma\u00e7ons et exp\u00e9riences sur l\u2019Enfer et le Paradis. Giacometti et Ravenn &#8230;<\/div>\n<p><!-- no image --><a target=\"_blank\" rel=\"nofollow\" href=\"https:\/\/editionsbussiere.com\/blog\/goto\/https:\/\/www.courrier-picard.fr\/id713589\/article\/2026-04-26\/livre-lultime-porte-de-giacometti-et-ravenne-marcas-face-lenfer-et-au-paradis\" >Aller \u00e0 la source<\/a><br \/>editionsbussiere.com est une plateforme d&rsquo;information qui compile diverses infos publi\u00e9es sur la toile dont le sujet de pr\u00e9dilection est \u00ab\u00a0Editions \u00e9sot\u00e9rique fond\u00e9e en 1927\u00a0\u00bb. L&rsquo;\u00e9crit original se veut produit du mieux possible. Dans l\u2019hypoth\u00e8se o\u00f9 vous d\u00e9sirez pr\u00e9senter des renseignements compl\u00e9mentaires \u00e0 cet article sur le sujet \u00ab\u00a0Editions \u00e9sot\u00e9rique fond\u00e9e en 1927\u00a0\u00bb il vous est possible d\u2019\u00e9crire aux coordonn\u00e9es affich\u00e9es sur notre site. L\u2019\u00e9quipe editionsbussiere.com vous pr\u00e9sente cet article qui parle de \u00ab\u00a0Editions \u00e9sot\u00e9rique fond\u00e9e en 1927\u00a0\u00bb. Consultez notre site internet editionsbussiere.com et nos r\u00e9seaux sociaux dans le but d\u2019\u00eatre inform\u00e9 des futures annonces.<\/p>\n","protected":false},"excerpt":{"rendered":"<p>Entre 1810 et 2025, deux enqu\u00eates parall\u00e8les relient des meurtres d\u2019architectes \u00e0 un secret \u00e9sot\u00e9rique \u00e9gyptien, impliquant francs-ma\u00e7ons et exp\u00e9riences sur l\u2019Enfer et le Paradis. Giacometti et Ravenn &#8230; Aller \u00e0 la sourceeditionsbussiere.com est une plateforme d&rsquo;information qui compile diverses infos publi\u00e9es sur la toile dont le sujet de pr\u00e9dilection est \u00ab\u00a0Editions \u00e9sot\u00e9rique fond\u00e9e en [&hellip;]<\/p>\n","protected":false},"author":2,"featured_media":0,"comment_status":"closed","ping_status":"closed","sticky":false,"template":"","format":"standard","meta":{"footnotes":""},"categories":[4],"tags":[],"class_list":["post-2203","post","type-post","status-publish","format-standard","hentry","category-informations-theme-editions-esoterique-fondee-en-1927","entry","fw-tab-6 fw-tabr-4"],"yoast_head":"<!-- This site is optimized with the Yoast SEO plugin v27.5 - https:\/\/yoast.com\/product\/yoast-seo-wordpress\/ -->\n<title>Livre. \u00ab L\u2019ultime porte \u00bb de Giacometti et Ravenne : Marcas face \u00e0 l\u2019Enfer et au Paradis - EDITIONSBUSSIERE<\/title>\n<meta name=\"robots\" content=\"index, follow, max-snippet:-1, max-image-preview:large, max-video-preview:-1\" \/>\n<link rel=\"canonical\" href=\"https:\/\/editionsbussiere.com\/blog\/livre-lultime-porte-de-giacometti-et-ravenne-marcas-face-a-lenfer-et-au-paradis\/\" \/>\n<meta property=\"og:locale\" content=\"fr_FR\" \/>\n<meta property=\"og:type\" content=\"article\" \/>\n<meta property=\"og:title\" content=\"Livre. \u00ab L\u2019ultime porte \u00bb de Giacometti et Ravenne : Marcas face \u00e0 l\u2019Enfer et au Paradis - EDITIONSBUSSIERE\" \/>\n<meta property=\"og:description\" content=\"Entre 1810 et 2025, deux enqu\u00eates parall\u00e8les relient des meurtres d\u2019architectes \u00e0 un secret \u00e9sot\u00e9rique \u00e9gyptien, impliquant francs-ma\u00e7ons et exp\u00e9riences sur l\u2019Enfer et le Paradis. Giacometti et Ravenn &#8230; Aller \u00e0 la sourceeditionsbussiere.com est une plateforme d&rsquo;information qui compile diverses infos publi\u00e9es sur la toile dont le sujet de pr\u00e9dilection est \u00ab\u00a0Editions \u00e9sot\u00e9rique fond\u00e9e en [&hellip;]\" \/>\n<meta property=\"og:url\" content=\"https:\/\/editionsbussiere.com\/blog\/livre-lultime-porte-de-giacometti-et-ravenne-marcas-face-a-lenfer-et-au-paradis\/\" \/>\n<meta property=\"og:site_name\" content=\"EDITIONSBUSSIERE\" \/>\n<meta property=\"article:published_time\" content=\"2026-04-26T13:09:46+00:00\" \/>\n<meta name=\"author\" content=\"Jacques JOLIVET\" \/>\n<meta name=\"twitter:card\" content=\"summary_large_image\" \/>\n<meta name=\"twitter:label1\" content=\"\u00c9crit par\" \/>\n\t<meta name=\"twitter:data1\" content=\"Jacques JOLIVET\" \/>\n\t<meta name=\"twitter:label2\" content=\"Dur\u00e9e de lecture estim\u00e9e\" \/>\n\t<meta name=\"twitter:data2\" content=\"1 minute\" \/>\n<script type=\"application\/ld+json\" class=\"yoast-schema-graph\">{\"@context\":\"https:\\\/\\\/schema.org\",\"@graph\":[{\"@type\":\"Article\",\"@id\":\"https:\\\/\\\/editionsbussiere.com\\\/blog\\\/livre-lultime-porte-de-giacometti-et-ravenne-marcas-face-a-lenfer-et-au-paradis\\\/#article\",\"isPartOf\":{\"@id\":\"https:\\\/\\\/editionsbussiere.com\\\/blog\\\/livre-lultime-porte-de-giacometti-et-ravenne-marcas-face-a-lenfer-et-au-paradis\\\/\"},\"author\":{\"name\":\"Jacques JOLIVET\",\"@id\":\"https:\\\/\\\/editionsbussiere.com\\\/blog\\\/#\\\/schema\\\/person\\\/4a5a88a011c746b8f374d0810c79e536\"},\"headline\":\"Livre. \u00ab L\u2019ultime porte \u00bb de Giacometti et Ravenne : Marcas face \u00e0 l\u2019Enfer et au Paradis\",\"datePublished\":\"2026-04-26T13:09:46+00:00\",\"mainEntityOfPage\":{\"@id\":\"https:\\\/\\\/editionsbussiere.com\\\/blog\\\/livre-lultime-porte-de-giacometti-et-ravenne-marcas-face-a-lenfer-et-au-paradis\\\/\"},\"wordCount\":164,\"publisher\":{\"@id\":\"https:\\\/\\\/editionsbussiere.com\\\/blog\\\/#organization\"},\"articleSection\":[\"Informations Th\u00e8me :Editions \u00c9sot\u00e9rique Fond\u00e9e En 1927:\"],\"inLanguage\":\"fr-FR\"},{\"@type\":\"WebPage\",\"@id\":\"https:\\\/\\\/editionsbussiere.com\\\/blog\\\/livre-lultime-porte-de-giacometti-et-ravenne-marcas-face-a-lenfer-et-au-paradis\\\/\",\"url\":\"https:\\\/\\\/editionsbussiere.com\\\/blog\\\/livre-lultime-porte-de-giacometti-et-ravenne-marcas-face-a-lenfer-et-au-paradis\\\/\",\"name\":\"Livre. \u00ab L\u2019ultime porte \u00bb de Giacometti et Ravenne : Marcas face \u00e0 l\u2019Enfer et au Paradis - EDITIONSBUSSIERE\",\"isPartOf\":{\"@id\":\"https:\\\/\\\/editionsbussiere.com\\\/blog\\\/#website\"},\"datePublished\":\"2026-04-26T13:09:46+00:00\",\"breadcrumb\":{\"@id\":\"https:\\\/\\\/editionsbussiere.com\\\/blog\\\/livre-lultime-porte-de-giacometti-et-ravenne-marcas-face-a-lenfer-et-au-paradis\\\/#breadcrumb\"},\"inLanguage\":\"fr-FR\",\"potentialAction\":[{\"@type\":\"ReadAction\",\"target\":[\"https:\\\/\\\/editionsbussiere.com\\\/blog\\\/livre-lultime-porte-de-giacometti-et-ravenne-marcas-face-a-lenfer-et-au-paradis\\\/\"]}]},{\"@type\":\"BreadcrumbList\",\"@id\":\"https:\\\/\\\/editionsbussiere.com\\\/blog\\\/livre-lultime-porte-de-giacometti-et-ravenne-marcas-face-a-lenfer-et-au-paradis\\\/#breadcrumb\",\"itemListElement\":[{\"@type\":\"ListItem\",\"position\":1,\"name\":\"Accueil\",\"item\":\"https:\\\/\\\/editionsbussiere.com\\\/blog\\\/\"},{\"@type\":\"ListItem\",\"position\":2,\"name\":\"Livre. \u00ab L\u2019ultime porte \u00bb de Giacometti et Ravenne : Marcas face \u00e0 l\u2019Enfer et au Paradis\"}]},{\"@type\":\"WebSite\",\"@id\":\"https:\\\/\\\/editionsbussiere.com\\\/blog\\\/#website\",\"url\":\"https:\\\/\\\/editionsbussiere.com\\\/blog\\\/\",\"name\":\"EDITIONSBUSSIERE\",\"description\":\"Editions \u00e9sot\u00e9rique fond\u00e9e en 1927; site historique, A SAVOIR ET RETENIR.\",\"publisher\":{\"@id\":\"https:\\\/\\\/editionsbussiere.com\\\/blog\\\/#organization\"},\"potentialAction\":[{\"@type\":\"SearchAction\",\"target\":{\"@type\":\"EntryPoint\",\"urlTemplate\":\"https:\\\/\\\/editionsbussiere.com\\\/blog\\\/?s={search_term_string}\"},\"query-input\":{\"@type\":\"PropertyValueSpecification\",\"valueRequired\":true,\"valueName\":\"search_term_string\"}}],\"inLanguage\":\"fr-FR\"},{\"@type\":\"Organization\",\"@id\":\"https:\\\/\\\/editionsbussiere.com\\\/blog\\\/#organization\",\"name\":\"editionsbussiere\",\"url\":\"https:\\\/\\\/editionsbussiere.com\\\/blog\\\/\",\"logo\":{\"@type\":\"ImageObject\",\"inLanguage\":\"fr-FR\",\"@id\":\"https:\\\/\\\/editionsbussiere.com\\\/blog\\\/#\\\/schema\\\/logo\\\/image\\\/\",\"url\":\"https:\\\/\\\/editionsbussiere.com\\\/blog\\\/wp-content\\\/uploads\\\/2023\\\/09\\\/cropped-buss.gif\",\"contentUrl\":\"https:\\\/\\\/editionsbussiere.com\\\/blog\\\/wp-content\\\/uploads\\\/2023\\\/09\\\/cropped-buss.gif\",\"width\":298,\"height\":120,\"caption\":\"editionsbussiere\"},\"image\":{\"@id\":\"https:\\\/\\\/editionsbussiere.com\\\/blog\\\/#\\\/schema\\\/logo\\\/image\\\/\"}},{\"@type\":\"Person\",\"@id\":\"https:\\\/\\\/editionsbussiere.com\\\/blog\\\/#\\\/schema\\\/person\\\/4a5a88a011c746b8f374d0810c79e536\",\"name\":\"Jacques JOLIVET\",\"image\":{\"@type\":\"ImageObject\",\"inLanguage\":\"fr-FR\",\"@id\":\"https:\\\/\\\/secure.gravatar.com\\\/avatar\\\/75a17b45476360ef3bfe45fcf0ffe89df5dc018eca14236e84b58f23a0570073?s=96&d=mm&r=g\",\"url\":\"https:\\\/\\\/secure.gravatar.com\\\/avatar\\\/75a17b45476360ef3bfe45fcf0ffe89df5dc018eca14236e84b58f23a0570073?s=96&d=mm&r=g\",\"contentUrl\":\"https:\\\/\\\/secure.gravatar.com\\\/avatar\\\/75a17b45476360ef3bfe45fcf0ffe89df5dc018eca14236e84b58f23a0570073?s=96&d=mm&r=g\",\"caption\":\"Jacques JOLIVET\"},\"url\":\"https:\\\/\\\/editionsbussiere.com\\\/blog\\\/author\\\/erejacques\\\/\"}]}<\/script>\n<!-- \/ Yoast SEO plugin. -->","yoast_head_json":{"title":"Livre. \u00ab L\u2019ultime porte \u00bb de Giacometti et Ravenne : Marcas face \u00e0 l\u2019Enfer et au Paradis - EDITIONSBUSSIERE","robots":{"index":"index","follow":"follow","max-snippet":"max-snippet:-1","max-image-preview":"max-image-preview:large","max-video-preview":"max-video-preview:-1"},"canonical":"https:\/\/editionsbussiere.com\/blog\/livre-lultime-porte-de-giacometti-et-ravenne-marcas-face-a-lenfer-et-au-paradis\/","og_locale":"fr_FR","og_type":"article","og_title":"Livre. \u00ab L\u2019ultime porte \u00bb de Giacometti et Ravenne : Marcas face \u00e0 l\u2019Enfer et au Paradis - EDITIONSBUSSIERE","og_description":"Entre 1810 et 2025, deux enqu\u00eates parall\u00e8les relient des meurtres d\u2019architectes \u00e0 un secret \u00e9sot\u00e9rique \u00e9gyptien, impliquant francs-ma\u00e7ons et exp\u00e9riences sur l\u2019Enfer et le Paradis. Giacometti et Ravenn &#8230; Aller \u00e0 la sourceeditionsbussiere.com est une plateforme d&rsquo;information qui compile diverses infos publi\u00e9es sur la toile dont le sujet de pr\u00e9dilection est \u00ab\u00a0Editions \u00e9sot\u00e9rique fond\u00e9e en [&hellip;]","og_url":"https:\/\/editionsbussiere.com\/blog\/livre-lultime-porte-de-giacometti-et-ravenne-marcas-face-a-lenfer-et-au-paradis\/","og_site_name":"EDITIONSBUSSIERE","article_published_time":"2026-04-26T13:09:46+00:00","author":"Jacques JOLIVET","twitter_card":"summary_large_image","twitter_misc":{"\u00c9crit par":"Jacques JOLIVET","Dur\u00e9e de lecture estim\u00e9e":"1 minute"},"schema":{"@context":"https:\/\/schema.org","@graph":[{"@type":"Article","@id":"https:\/\/editionsbussiere.com\/blog\/livre-lultime-porte-de-giacometti-et-ravenne-marcas-face-a-lenfer-et-au-paradis\/#article","isPartOf":{"@id":"https:\/\/editionsbussiere.com\/blog\/livre-lultime-porte-de-giacometti-et-ravenne-marcas-face-a-lenfer-et-au-paradis\/"},"author":{"name":"Jacques JOLIVET","@id":"https:\/\/editionsbussiere.com\/blog\/#\/schema\/person\/4a5a88a011c746b8f374d0810c79e536"},"headline":"Livre. \u00ab L\u2019ultime porte \u00bb de Giacometti et Ravenne : Marcas face \u00e0 l\u2019Enfer et au Paradis","datePublished":"2026-04-26T13:09:46+00:00","mainEntityOfPage":{"@id":"https:\/\/editionsbussiere.com\/blog\/livre-lultime-porte-de-giacometti-et-ravenne-marcas-face-a-lenfer-et-au-paradis\/"},"wordCount":164,"publisher":{"@id":"https:\/\/editionsbussiere.com\/blog\/#organization"},"articleSection":["Informations Th\u00e8me :Editions \u00c9sot\u00e9rique Fond\u00e9e En 1927:"],"inLanguage":"fr-FR"},{"@type":"WebPage","@id":"https:\/\/editionsbussiere.com\/blog\/livre-lultime-porte-de-giacometti-et-ravenne-marcas-face-a-lenfer-et-au-paradis\/","url":"https:\/\/editionsbussiere.com\/blog\/livre-lultime-porte-de-giacometti-et-ravenne-marcas-face-a-lenfer-et-au-paradis\/","name":"Livre. \u00ab L\u2019ultime porte \u00bb de Giacometti et Ravenne : Marcas face \u00e0 l\u2019Enfer et au Paradis - EDITIONSBUSSIERE","isPartOf":{"@id":"https:\/\/editionsbussiere.com\/blog\/#website"},"datePublished":"2026-04-26T13:09:46+00:00","breadcrumb":{"@id":"https:\/\/editionsbussiere.com\/blog\/livre-lultime-porte-de-giacometti-et-ravenne-marcas-face-a-lenfer-et-au-paradis\/#breadcrumb"},"inLanguage":"fr-FR","potentialAction":[{"@type":"ReadAction","target":["https:\/\/editionsbussiere.com\/blog\/livre-lultime-porte-de-giacometti-et-ravenne-marcas-face-a-lenfer-et-au-paradis\/"]}]},{"@type":"BreadcrumbList","@id":"https:\/\/editionsbussiere.com\/blog\/livre-lultime-porte-de-giacometti-et-ravenne-marcas-face-a-lenfer-et-au-paradis\/#breadcrumb","itemListElement":[{"@type":"ListItem","position":1,"name":"Accueil","item":"https:\/\/editionsbussiere.com\/blog\/"},{"@type":"ListItem","position":2,"name":"Livre. \u00ab L\u2019ultime porte \u00bb de Giacometti et Ravenne : Marcas face \u00e0 l\u2019Enfer et au Paradis"}]},{"@type":"WebSite","@id":"https:\/\/editionsbussiere.com\/blog\/#website","url":"https:\/\/editionsbussiere.com\/blog\/","name":"EDITIONSBUSSIERE","description":"Editions \u00e9sot\u00e9rique fond\u00e9e en 1927; site historique, A SAVOIR ET RETENIR.","publisher":{"@id":"https:\/\/editionsbussiere.com\/blog\/#organization"},"potentialAction":[{"@type":"SearchAction","target":{"@type":"EntryPoint","urlTemplate":"https:\/\/editionsbussiere.com\/blog\/?s={search_term_string}"},"query-input":{"@type":"PropertyValueSpecification","valueRequired":true,"valueName":"search_term_string"}}],"inLanguage":"fr-FR"},{"@type":"Organization","@id":"https:\/\/editionsbussiere.com\/blog\/#organization","name":"editionsbussiere","url":"https:\/\/editionsbussiere.com\/blog\/","logo":{"@type":"ImageObject","inLanguage":"fr-FR","@id":"https:\/\/editionsbussiere.com\/blog\/#\/schema\/logo\/image\/","url":"https:\/\/editionsbussiere.com\/blog\/wp-content\/uploads\/2023\/09\/cropped-buss.gif","contentUrl":"https:\/\/editionsbussiere.com\/blog\/wp-content\/uploads\/2023\/09\/cropped-buss.gif","width":298,"height":120,"caption":"editionsbussiere"},"image":{"@id":"https:\/\/editionsbussiere.com\/blog\/#\/schema\/logo\/image\/"}},{"@type":"Person","@id":"https:\/\/editionsbussiere.com\/blog\/#\/schema\/person\/4a5a88a011c746b8f374d0810c79e536","name":"Jacques JOLIVET","image":{"@type":"ImageObject","inLanguage":"fr-FR","@id":"https:\/\/secure.gravatar.com\/avatar\/75a17b45476360ef3bfe45fcf0ffe89df5dc018eca14236e84b58f23a0570073?s=96&d=mm&r=g","url":"https:\/\/secure.gravatar.com\/avatar\/75a17b45476360ef3bfe45fcf0ffe89df5dc018eca14236e84b58f23a0570073?s=96&d=mm&r=g","contentUrl":"https:\/\/secure.gravatar.com\/avatar\/75a17b45476360ef3bfe45fcf0ffe89df5dc018eca14236e84b58f23a0570073?s=96&d=mm&r=g","caption":"Jacques JOLIVET"},"url":"https:\/\/editionsbussiere.com\/blog\/author\/erejacques\/"}]}},"_links":{"self":[{"href":"https:\/\/editionsbussiere.com\/blog\/wp-json\/wp\/v2\/posts\/2203","targetHints":{"allow":["GET"]}}],"collection":[{"href":"https:\/\/editionsbussiere.com\/blog\/wp-json\/wp\/v2\/posts"}],"about":[{"href":"https:\/\/editionsbussiere.com\/blog\/wp-json\/wp\/v2\/types\/post"}],"author":[{"embeddable":true,"href":"https:\/\/editionsbussiere.com\/blog\/wp-json\/wp\/v2\/users\/2"}],"replies":[{"embeddable":true,"href":"https:\/\/editionsbussiere.com\/blog\/wp-json\/wp\/v2\/comments?post=2203"}],"version-history":[{"count":0,"href":"https:\/\/editionsbussiere.com\/blog\/wp-json\/wp\/v2\/posts\/2203\/revisions"}],"wp:attachment":[{"href":"https:\/\/editionsbussiere.com\/blog\/wp-json\/wp\/v2\/media?parent=2203"}],"wp:term":[{"taxonomy":"category","embeddable":true,"href":"https:\/\/editionsbussiere.com\/blog\/wp-json\/wp\/v2\/categories?post=2203"},{"taxonomy":"post_tag","embeddable":true,"href":"https:\/\/editionsbussiere.com\/blog\/wp-json\/wp\/v2\/tags?post=2203"}],"curies":[{"name":"wp","href":"https:\/\/api.w.org\/{rel}","templated":true}]}}