{"id":2186,"date":"2026-04-21T03:05:06","date_gmt":"2026-04-21T01:05:06","guid":{"rendered":"https:\/\/editionsbussiere.com\/blog\/le-coeur-de-leglise-est-vivant-et-bat-le-pape-leon-xiv-prononce-le-chapelet-au-sanctuaire-marial-de-muxima-en-angola-et-supplication-en-debut-de-journee\/"},"modified":"2026-04-21T03:05:06","modified_gmt":"2026-04-21T01:05:06","slug":"le-coeur-de-leglise-est-vivant-et-bat-le-pape-leon-xiv-prononce-le-chapelet-au-sanctuaire-marial-de-muxima-en-angola-et-supplication-en-debut-de-journee","status":"publish","type":"post","link":"https:\/\/editionsbussiere.com\/blog\/le-coeur-de-leglise-est-vivant-et-bat-le-pape-leon-xiv-prononce-le-chapelet-au-sanctuaire-marial-de-muxima-en-angola-et-supplication-en-debut-de-journee\/","title":{"rendered":"\u00ab Le c\u0153ur de l\u2019\u00c9glise \u00bb est \u00ab vivant et bat \u00bb : le pape L\u00e9on XIV prononce le chapelet au sanctuaire marial de Muxima en Angola\n et supplication en d\u00e9but de journ\u00e9e."},"content":{"rendered":"<div><img width=\"580\" height=\"387\" src=\"https:\/\/editionsbussiere.com\/blog\/wp-content\/uploads\/2026\/04\/1776729562_Le-coeur-de-lEglise-est-vivant-et.jpg\" class=\"attachment-large size-large wp-post-image\" alt=\"\u00ab Le c\u0153ur de l'\u00c9glise \u00bb est \u00ab vivant et\" style=\"float:left; margin:0 15px 15px 0;\" decoding=\"async\" loading=\"lazy\" srcset=\"https:\/\/editionsbussiere.com\/blog\/wp-content\/uploads\/2026\/04\/1776729562_Le-coeur-de-lEglise-est-vivant-et.jpg 900w, https:\/\/www.n42.fr\/wp-content\/uploads\/2026\/04\/1776729562_Le-coeur-de-lEglise-est-vivant-et-300x200.jpg 300w, https:\/\/www.n42.fr\/wp-content\/uploads\/2026\/04\/1776729562_Le-coeur-de-lEglise-est-vivant-et-768x512.jpg 768w\" sizes=\"auto, (max-width: 580px) 100vw, 580px\"><\/p>\n<p>\n<\/p>\n<div>\n<p>MUXIMA, Angola (OSV News) \u2014 Le pape L\u00e9on XIV a conduit des dizaines de milliers de catholiques angolais \u00e0 prier le chapelet le 19 avril dans le sanctuaire catholique le plus visit\u00e9 d\u2019Afrique australe, qualifiant le lieu de p\u00e8lerinage de lieu o\u00f9 \u00ab le c\u0153ur de l\u2019\u00c9glise \u00bb est \u00ab vivant et bat \u00bb.<\/p>\n<div class=\"wp-block-image\">\n<figure class=\"alignleft size-full is-resized\"><img decoding=\"async\" width=\"900\" height=\"600\" src=\"https:\/\/editionsbussiere.com\/blog\/wp-content\/uploads\/2026\/04\/20260419T1630-POPE-AFRICA-MUXIMA-SHRINE-1818302.jpg\" alt=\"\" class=\"wp-image-291186\" style=\"width:411px;height:auto\" srcset=\"https:\/\/editionsbussiere.com\/blog\/wp-content\/uploads\/2026\/04\/20260419T1630-POPE-AFRICA-MUXIMA-SHRINE-1818302.jpg 900w, https:\/\/catholicreview.org\/wp-content\/uploads\/2026\/04\/20260419T1630-POPE-AFRICA-MUXIMA-SHRINE-1818302-300x200.jpg 300w, https:\/\/catholicreview.org\/wp-content\/uploads\/2026\/04\/20260419T1630-POPE-AFRICA-MUXIMA-SHRINE-1818302-768x512.jpg 768w, https:\/\/catholicreview.org\/wp-content\/uploads\/2026\/04\/20260419T1630-POPE-AFRICA-MUXIMA-SHRINE-1818302-600x400.jpg 600w\" sizes=\"(max-width: 900px) 100vw, 900px\"><figcaption class=\"wp-element-caption\">Le pape L\u00e9on XIV r\u00e9cite le chapelet au sanctuaire de Notre-Dame de Muxima \u00e0 Muxima, en Angola, le 19 avril 2026. (Photo OSV News\/Simone Risoluti, M\u00e9dias du Vatican)<\/figcaption><\/figure>\n<\/div>\n<p>Le pape a voyag\u00e9 en h\u00e9licopt\u00e8re depuis la capitale angolaise, Luanda, jusqu\u2019au sanctuaire de Mama Muxima, qui signifie \u00ab M\u00e8re du c\u0153ur \u00bb dans la langue locale du Kimbundu. Le pape L\u00e9on a effectu\u00e9 le p\u00e8lerinage au sanctuaire marial bien-aim\u00e9 situ\u00e9 sur les rives du fleuve Kwanza apr\u00e8s avoir c\u00e9l\u00e9br\u00e9 la messe matinale pour environ 100 000 fid\u00e8les \u00e0 Kilamba, un quartier proche de la capitale angolaise, Luanda.<\/p>\n<p>Les autorit\u00e9s locales estiment qu\u2019environ 30 000 p\u00e8lerins se sont rassembl\u00e9s sur l\u2019esplanade du sanctuaire de Muxima pour la r\u00e9citation du chapelet, et un nombre encore plus important se sont rassembl\u00e9s dans les environs. Beaucoup avaient camp\u00e9 sur le site pendant deux ou trois jours en pr\u00e9vision de la visite papale, endurant une chaleur de 90 degr\u00e9s dans les heures pr\u00e9c\u00e9dant son arriv\u00e9e. La foule a accueilli le pape en chantant et en dansant alors qu\u2019il se d\u00e9pla\u00e7ait dans le parc en voiturette de golf.<\/p>\n<p>\u00c0 son arriv\u00e9e, le pape L\u00e9on est entr\u00e9 dans l\u2019\u00e9glise historique pour un moment de pri\u00e8re priv\u00e9e, qui a \u00e9t\u00e9 retransmis sur de grands \u00e9crans pour la foule, qui a applaudi bruyamment en voyant le pape L\u00e9on s\u2019agenouiller devant Notre-Dame, avant de pr\u00e9sider la r\u00e9citation des myst\u00e8res glorieux du Rosaire et des Litanies de Lorette.<\/p>\n<p>Alors que le soleil se couchait, projetant une lumi\u00e8re orange dans le ciel, la foule s\u2019est jointe au pape pour chanter le Salve Regina.<\/p>\n<p>\u00ab\u00a0Nous sommes dans un sanctuaire o\u00f9, pendant des si\u00e8cles, de nombreux hommes et femmes ont pri\u00e9 dans les moments de joie mais aussi dans les moments de tristesse et de grande souffrance de l\u2019histoire de ce pays\u00a0\u00bb, a d\u00e9clar\u00e9 le pape, s\u2019exprimant en portugais. \u00ab Depuis longtemps, Mama Muxima travaille tranquillement \u00e0 maintenir vivant et battant le c\u0153ur de l\u2019\u00c9glise. \u00bb<\/p>\n<div class=\"wp-block-image\">\n<figure class=\"alignright size-full is-resized\"><img decoding=\"async\" width=\"900\" height=\"600\" src=\"https:\/\/editionsbussiere.com\/blog\/wp-content\/uploads\/2026\/04\/20260419T1645-POPE-AFRICA-MUXIMA-SHRINE-1818306.jpg\" alt=\"\" class=\"wp-image-291188\" style=\"width:401px;height:auto\" srcset=\"https:\/\/editionsbussiere.com\/blog\/wp-content\/uploads\/2026\/04\/20260419T1645-POPE-AFRICA-MUXIMA-SHRINE-1818306.jpg 900w, https:\/\/catholicreview.org\/wp-content\/uploads\/2026\/04\/20260419T1645-POPE-AFRICA-MUXIMA-SHRINE-1818306-300x200.jpg 300w, https:\/\/catholicreview.org\/wp-content\/uploads\/2026\/04\/20260419T1645-POPE-AFRICA-MUXIMA-SHRINE-1818306-768x512.jpg 768w, https:\/\/catholicreview.org\/wp-content\/uploads\/2026\/04\/20260419T1645-POPE-AFRICA-MUXIMA-SHRINE-1818306-600x400.jpg 600w\" sizes=\"(max-width: 900px) 100vw, 900px\"><figcaption class=\"wp-element-caption\">Une jeune fille tient une croix avant un service de pri\u00e8re dirig\u00e9 par le pape L\u00e9on XIV au sanctuaire \u00ab Mama Muxima \u00bb, lors de son voyage apostolique en Afrique, \u00e0 Muxima, en Angola, le 19 avril 2026. (Photo OSV News\/Guglielmo Mangiapane, Reuters)<\/figcaption><\/figure>\n<\/div>\n<p>L\u2019\u00e9glise, officiellement d\u00e9di\u00e9e \u00e0 Notre-Dame de l\u2019Immacul\u00e9e Conception, a \u00e9t\u00e9 fond\u00e9e en 1599 \u00e0 l\u2019\u00e9poque coloniale portugaise de l\u2019Angola. Plus d\u2019un million de p\u00e8lerins visitent le sanctuaire lors de son seul p\u00e8lerinage, qui a lieu chaque ann\u00e9e entre le 31 ao\u00fbt et le 1er septembre.<\/p>\n<p>Le pape L\u00e9on a r\u00e9fl\u00e9chi sur la fa\u00e7on dont les fid\u00e8les, au fil des si\u00e8cles, ont spontan\u00e9ment rebaptis\u00e9 le sanctuaire \u00ab Mama Muxima \u00bb, le qualifiant de \u00ab beau titre, qui nous fait r\u00e9fl\u00e9chir sur le c\u0153ur de Marie : un c\u0153ur pur et sage, capable de ch\u00e9rir et de m\u00e9diter les \u00e9v\u00e9nements extraordinaires de la vie du Fils de Dieu \u00bb.<\/p>\n<p>Le pape a \u00e9galement prononc\u00e9 une phrase dans la langue locale du Kimbundu, citant un hymne que la foule avait chant\u00e9 : \u00ab Mama Muxima, tueza koku\u00e9, Mama Muxima, tutambulul\u00e9 \u00bb, signifiant \u00ab M\u00e8re du c\u0153ur, nous venons \u00e0 toi pour tout t\u2019offrir \u00bb.<\/p>\n<p>Le pape L\u00e9on a soulign\u00e9 que la r\u00e9citation du chapelet nous engage \u00e0 aimer chaque personne avec un c\u0153ur de m\u00e8re et \u00e0 \u00ab nous consacrer au bien des autres, en particulier des plus pauvres \u00bb.<\/p>\n<p>\u00ab\u00a0Nous luttons sans rel\u00e2che pour que personne ne manque d\u2019amour\u2026 que ceux qui ont faim aient suffisamment \u00e0 manger, que les malades re\u00e7oivent les soins n\u00e9cessaires, que les enfants puissent b\u00e9n\u00e9ficier d\u2019une \u00e9ducation ad\u00e9quate et que les personnes \u00e2g\u00e9es puissent vivre leurs derni\u00e8res ann\u00e9es en paix\u00a0\u00bb, a-t-il d\u00e9clar\u00e9.<\/p>\n<p>Mirian Dos Santos, 25 ans, de Luanda, a d\u00e9clar\u00e9 qu\u2019elle avait veill\u00e9 toute la nuit au sanctuaire la veille de l\u2019arriv\u00e9e du pape.<\/p>\n<div class=\"wp-block-image\">\n<figure class=\"alignleft size-full is-resized\"><img loading=\"lazy\" decoding=\"async\" width=\"900\" height=\"600\" src=\"https:\/\/editionsbussiere.com\/blog\/wp-content\/uploads\/2026\/04\/20260419T1630-POPE-AFRICA-MUXIMA-SHRINE-1818299.jpg\" alt=\"\" class=\"wp-image-291185\" style=\"width:435px;height:auto\" srcset=\"https:\/\/editionsbussiere.com\/blog\/wp-content\/uploads\/2026\/04\/20260419T1630-POPE-AFRICA-MUXIMA-SHRINE-1818299.jpg 900w, https:\/\/catholicreview.org\/wp-content\/uploads\/2026\/04\/20260419T1630-POPE-AFRICA-MUXIMA-SHRINE-1818299-300x200.jpg 300w, https:\/\/catholicreview.org\/wp-content\/uploads\/2026\/04\/20260419T1630-POPE-AFRICA-MUXIMA-SHRINE-1818299-768x512.jpg 768w, https:\/\/catholicreview.org\/wp-content\/uploads\/2026\/04\/20260419T1630-POPE-AFRICA-MUXIMA-SHRINE-1818299-600x400.jpg 600w\" sizes=\"auto, (max-width: 900px) 100vw, 900px\"><figcaption class=\"wp-element-caption\">Le pape L\u00e9on XIV tient un b\u00e9b\u00e9 dans ses bras au sanctuaire de Notre-Dame de Muxima \u00e0 Muxima, en Angola, le 19 avril 2026. (Photo OSV News\/Simone Risoluti, M\u00e9dias du Vatican)<\/figcaption><\/figure>\n<\/div>\n<p>\u00ab Nous sommes tr\u00e8s heureux de recevoir ici notre cher pape \u00bb, a-t-elle d\u00e9clar\u00e9 \u00e0 OSV News. \u00ab\u00a0Mama Muxima est notre c\u0153ur. Mama Muxima est la premi\u00e8re Dame \u00e0 qui nous allons, nous l\u2019appelons, nous demandons son intercession.\u00a0\u00bb<\/p>\n<p>Dinis Mayomona, un s\u00e9minariste qui a assist\u00e9 \u00e0 la messe du pape \u00e0 Kilamba plus t\u00f4t dans la journ\u00e9e, a d\u00e9crit le sanctuaire comme un lieu de capitulation totale.<\/p>\n<p>\u00ab\u00a0Nous abandonnons toutes nos souffrances, tous nos r\u00eaves\u2026 parce que nous avons beaucoup de probl\u00e8mes ici\u00a0\u00bb, a-t-il d\u00e9clar\u00e9, \u00ab\u00a0et une fois que nous abandonnons nos souffrances entre les mains de Maman Muxima, nous savons parfaitement qu\u2019elle r\u00e9soudra nos probl\u00e8mes parce qu\u2019elle est aux c\u00f4t\u00e9s de son Fils\u00a0\u00bb.<\/p>\n<p>Le sanctuaire porte une histoire complexe et douloureuse. Pendant pr\u00e8s de 300 ans, le site situ\u00e9 le long de la rivi\u00e8re Kwanza a servi de point de passage aux esclaves africains achemin\u00e9s vers la c\u00f4te atlantique pour \u00eatre transport\u00e9s vers les Am\u00e9riques. Il est \u00e9galement \u00e9troitement li\u00e9 \u00e0 l\u2019h\u00e9ritage de la reine Nzinga (1582-1663), dirigeante des royaumes de Ndongo et de Matamba dans l\u2019actuel Angola. Nzinga a men\u00e9 une guerre de 30 ans contre les forces coloniales portugaises, perturbant consid\u00e9rablement la traite transatlantique des esclaves, et est finalement revenu \u00e0 la foi catholique en signant un trait\u00e9 de paix avec le Portugal en 1656.<\/p>\n<p>Le journaliste de la radio catholique angolaise Cornelio Bento, en voyage avec la presse du Vatican, a d\u00e9clar\u00e9 \u00e0 OSV News que le sanctuaire occupe une place particuli\u00e8re dans la vie catholique angolaise, en particulier pour les femmes qui esp\u00e8rent concevoir.<\/p>\n<p>\u00ab Si vous allez au sanctuaire de Muxima, vous \u00e9couterez de nombreuses histoires de miracles \u00bb, a-t-il d\u00e9clar\u00e9.<\/p>\n<p>Le pape L\u00e9on a \u00e9galement salu\u00e9 le projet de construction actuellement en cours visant \u00e0 construire un nouveau sanctuaire plus grand sur le site \u2013 un projet qui a pris des ann\u00e9es.<\/p>\n<p>Apr\u00e8s la veill\u00e9e du chapelet, le pape est rentr\u00e9 en h\u00e9licopt\u00e8re \u00e0 Luanda, o\u00f9 il devait passer la nuit avant de s\u2019envoler lundi pour Saurimo, dans la province de Lunda Sul, \u00e0 l\u2019est de l\u2019Angola.<\/p>\n<section class=\"gb-block-post-grid featuredpost aligncenter\">\n<h2 class=\"gb-post-grid-section-title\">Lire la suite des Nouvelles du Vatican<\/h2>\n<\/section>\n<p class=\"post-copyright\">Copyright \u00a9 2026 Actualit\u00e9s OSV<\/p>\n<p class=\"print-friendly\"><img loading=\"lazy\" width=\"16\" height=\"16\" decoding=\"async\" class=\"WP-PrintIcon\" src=\"https:\/\/editionsbussiere.com\/blog\/wp-content\/uploads\/2026\/04\/printer_famfamfam-4.gif\" alt=\"Imprimer\" title=\"Imprimer\" style=\"border: 0px;\"> Imprimer<\/p>\n<\/div>\n<h2>Une p\u00e9riode de communion personnelle pour nous ouvrir avec Dieu. <\/h2>\n<p>Adorable P\u00e8re c\u00e9leste, je viens face \u00e0 toi pour te remercier pour cette nouvelle journ\u00e9e. Je te glorifie pour ta bienveillance et ta fid\u00e9lit\u00e9 envers moi. Je t\u2019implore de me remplir de ton esprit et de me donner la gr\u00e2ce de te sentir pr\u00e8s de moi pendant toute la dur\u00e9e de cette journ\u00e9e. Je te confie toutes mes pr\u00e9occupations, mes all\u00e9gresses, mes peines, mes envies et mes espoirs. Que ton Esprit Saint illumine mon esprit et renforce ma foi, de sorte que je puisse avancer dans ta voie et r\u00e9aliser ta volont\u00e9. Donne-moi la gr\u00e2ce de mener selon la compassion dont tu nous as enseign\u00e9 la d\u00e9monstration \u00e0 travers ton Fils bien-aim\u00e9, J\u00e9sus-Christ.<\/p>\n<h3> Note \u00e0 propos de compr\u00e9hension : <\/h3>\n<p>L\u2019acte de pri\u00e8re nous plonge dans le myst\u00e8re de le famille divine, o\u00f9 le Seigneur notre P\u00e8re nous accueille comme ses fils et filles bien-aim\u00e9s. Au sein de ce lien familial, nous rencontrons le courage ainsi que la consolation en vue de surmonter les difficult\u00e9s de ce. Elle nous renvoie \u00e0 les enseignements du disciple Pierre, celui-ci encourage les chr\u00e9tiennes et les chr\u00e9tiens \u00e0 demeurer fermes dans foi, m\u00eame au milieu des tourments de ce monde.<\/p>\n<h3>\nRenforcer notre connexion \u00e0 J\u00e9sus d\u00e8s chaque matin<\/h3>\n<p>Nous pouvons m\u00e9diter \u00e0 propos de l\u2019un des nombreux \u00e9vangiles pour nous connecter envers J\u00e9sus. Par exemple :<\/p>\n<h3>Jean 15, 9-17 : <\/h3>\n<p>\u00a0\u00bb Ce n\u2019est pas vous qui m\u2019avez choisi; mais c\u2019est moi qui vous ai choisis, et qui vous ai \u00e9tablis, afin que vous alliez, et que vous portiez du fruit, et que votre fruit demeure, afin que ce que vous demanderez au P\u00e8re en mon nom, il vous le donne. Ce que je vous commande, c\u2019est de vous aimer les uns les autres.\u00a0\u00bb<\/p>\n<h2> Demander indulgence \u00e0 Dieu en raison de nos p\u00e9ch\u00e9s <\/h2>\n<p>Dieu J\u00e9sus, j\u2019arrive te prier de pardonner mes propres p\u00e9ch\u00e9s. Je suis que je ne suis pas sans d\u00e9faut et que j\u2019ai besoin de ta sainte mis\u00e9ricorde. Je te demande de me lib\u00e9rer de chaque ce qui me d\u00e9tache de toi et de me octroyer la gr\u00e2ce afin de vivre en accord avec ta volont\u00e9. Que ta b\u00e9n\u00e9diction divine \u00e9claire les coins les plus sombres de mon c\u0153ur, purifiant moi-m\u00eame et me conduisant sur la route de la saintet\u00e9. Amen.<\/p>\n<h3> Discussion en le Seigneur tel que avec un ami. <\/h3>\n<p>Nous avons la possibilit\u00e9 de communiquer envers Dieu de la m\u00eame mani\u00e8re que envers un ami proche, l\u2019\u00c9ternel confier nos joies et nos peines, le Seigneur demander de l\u2019aide dans nos d\u00e9fis quotidiens. Par exemple : Dieu, merci pour cette nouvelle journ\u00e9e. Je viens te prier de \u00e0 \u00eatre tol\u00e9rant \u00e0 l\u2019\u00e9gard de mes enfants et \u00e0 me donner la puissance de surmonter aux d\u00e9fis de la journ\u00e9e. Je te confie mes projets et mes soucis, et je supplie de me r\u00e9v\u00e9ler de quelle mani\u00e8re je ai la capacit\u00e9 de te rendre service et t\u2019honorer aujourd\u2019hui. Accorde-moi, \u00f4 Seigneur, ta sagesse pour que je puisse prendre les bonnes d\u00e9cisions et ta faveur pour traverser les \u00e9preuves avec foi. Amen.<\/p>\n<h3> Un moment de tranquillit\u00e9 pour entendre Dieu. <\/h3>\n<p>Apr\u00e8s une pri\u00e8re et cette m\u00e9ditation, il est essentiel de prendre un moment de silence en vue de \u00e9couter la voix de Dieu dans nos propres c\u0153urs. Dans ce silence, il nous ressentir sa pr\u00e9sence apaisante et recevoir ses inspirations pour la journ\u00e9e \u00e0.<\/p>\n<h3> Se orienter vers le Christ afin de trouver cette paix int\u00e9rieure. <\/h3>\n<p>Nous avons la possibilit\u00e9 de prier J\u00e9sus m\u2019assister nous donner sa paix et de nous assister \u00e0 \u00e9couter sa parole. Par exemple :<br \/>\nSeigneur J\u00e9sus, j\u2019arrive te supplier de remplir mon c\u0153ur par ta tendresse. Je te demande m\u2019assister me d\u00e9livrer de toutes les pens\u00e9es et les diverses inqui\u00e9tudes me perturbent. Aide-moi pour \u00e9couter ta parole et en vue de la mettre en pratique dans ma vie. Que ton Esprit Saint, \u00f4 Christ, se transforme en ma force tout au long de cette journ\u00e9e. Amen.<\/p>\n<h3> Achever la pri\u00e8re matinale en offrant notre journ\u00e9e pour Dieu. <\/h3>\n<p>Nous sommes en mesure d\u2019offrir nos journ\u00e9e \u00e0 l\u2019\u00e9gard de Dieu et lui demander pour la remplir de sa pr\u00e9sence et aussi de sa b\u00e9n\u00e9diction. Par exemple :<br \/>\nSeigneur, je te confesse cette journ\u00e9e entre tes mains. Que toutes de mes pas soit dirig\u00e9 par ton sagesse, que chacun de mes paroles soit inspir\u00e9e par ta amour. Que toutes mes actions soient accomplies selon ta divine volont\u00e9, pour ta gloire et tous bien. Que ton lumi\u00e8re \u00e9claire ma route et que tu habites mon c\u0153ur. Amen.<\/p>\n<h3> Invocation d\u2019imploration matinale. <\/h3>\n<p>La supplication du matin consiste \u00e0 implorer pour les besoins de tous les chr\u00e9tiennes et de nos chr\u00e9tiens. Nous avons la possibilit\u00e9 de prier pour les personnes dans le besoin, pour les malades, pour les personnes qui souffrent, pour les personnes qui se trouvent confront\u00e9es \u00e0 des difficult\u00e9s, pour les personnes d\u00e9courag\u00e9es et pour les personnes qui dans l\u2019erreur.<\/p>\n<h3> Prier en vue de l\u2019ensemble des individus en le besoin. <\/p>\n<h3>\n<\/h3>\n<\/h3>\n<p>\u00d4 Cr\u00e9ateur, dans ta grande mis\u00e9ricorde, tu te implorons afin de chacune des personnes qui traversent d\u2019innombrables difficult\u00e9s financi\u00e8res. Que vous leur accordes la force ainsi que la pers\u00e9v\u00e9rance en vue de d\u00e9passer ces \u00e9preuves, ainsi que que vous leur apportes les ressources n\u00e9cessaires en vue de subvenir \u00e0 chaque leurs besoins. Accorde-leur, \u00f4, ta providence en vue de \u00e9clairer leur pas dans les t\u00e9n\u00e8bres de leurs soucis financiers.<\/p>\n<p>Nous te prions \u00e9galement en vue de chaque personnes qui luttent face \u00e0 d\u2019innombrables probl\u00e8mes de sant\u00e9. Que sa main puissante se pose sur elles, Seigneur, pour les gu\u00e9rir et aussi les r\u00e9conforter dans leur douleur. Accorde-leur, Grand, la force ainsi que le courage de faire face \u00e0 leurs d\u00e9fis de sant\u00e9 en confiance en ta divine providence.<\/p>\n<p>Nous autres te demandons encore afin de toutes personnes qui sont confront\u00e9es face \u00e0 d\u2019innombrables difficult\u00e9s dans leur vie, que ce soit sur le plan professionnel, relationnel ou bien \u00e9motionnel. Que sa gr\u00e2ce, Seigneur, soit leur soutien et leur r\u00e9confort dans ces moments d\u2019\u00e9preuve. Accorde-leur, \u00f4, ton Esprit Saint pour \u00e9clairer leur chemin ainsi que les guider vers la s\u00e9r\u00e9nit\u00e9.<\/p>\n<p>Pour terminer, nous vous prions en vue de l\u2019ensemble des personnes qui sont sans-abri, celles qui sont marginalis\u00e9es ainsi que exclues de la soci\u00e9t\u00e9. Que ta mis\u00e9ricorde, Seigneur, se r\u00e9pande sur elles comme une certaine douce ros\u00e9e, leur apportant r\u00e9confort ainsi que espoir dans leur d\u00e9tresse. Accorde-leur, \u00f4, des mains g\u00e9n\u00e9reuses pour les aider et des c\u0153urs compatissants afin de les accueillir dans leur communaut\u00e9.<\/p>\n<h3> d\u00e9veloppement sur la pri\u00e8re du matin. <\/h3>\n<p>Durant la pri\u00e8re, nous tournons nos esprits vers le Ciel, implorant la lumi\u00e8re de Dieu pour \u00e9clairer nos chemins sombres. Marie, notre m\u00e8re, nous accompagne dans ce voyage, nous \u00e9duquant \u00e0 m\u00e9diter sur les myst\u00e8res de la vie de son divin enfant. Elle nous m\u00e8ne vers J\u00e9sus, le lumi\u00e8re du monde, qui lumine nos t\u00e9n\u00e8bres et nous guide vers la v\u00e9rit\u00e9.<br \/>\nLa supplication nous relie aussi \u00e0 notre famille religieuse, la famille des croyants, o\u00f9 nous partageons nos all\u00e9gresses et nos douleurs, nos esp\u00e9rances et nos anxi\u00e9t\u00e9s. Unis, nous formons le corps du Christ, convoqu\u00e9s \u00e0 t\u00e9moigner de son affection. Par nos supplications, nous interc\u00e9dons pour les besoins des disciples et des croyants, offrant notre amour et notre piti\u00e9 \u00e0 ceux qui endurent.<br \/>\nUnissons nos voix dans la pri\u00e8re matinale, dans notre foi, en nous tournant vers Marie, la m\u00e8re de notre Seigneur J\u00e9sus-Christ. Au sein de notre monde tourment\u00e9 par la guerre et la discorde, recourons \u00e0 la pri\u00e8re pour trouver de retrouver la paix et l\u2019harmonie. Tout chr\u00e9tien peut faire d\u00e9poser une sollicitation pour la Sainte Vierge <a target=\"_blank\" rel=\"nofollow\" href=\"https:\/\/editionsbussiere.com\/blog\/goto\/https:\/\/www.avemariasound.org\/\" >en utilisant le formulaire de cette page.<\/a> Que nos pri\u00e8res s\u2019\u00e9l\u00e8vent vers le ciel, comme une offrande re\u00e7u avec faveur \u00e0 Dieu, pour qu\u2019il guide nous guider nos chemins sur la voie de la justice et de la v\u00e9rit\u00e9. Saint Paul nous dans ses \u00e9p\u00eetres \u00e0 prier sans cesse, quelle que soit la situation, pour que notre connexion \u00e0 Dieu soit solide et ardente. La pri\u00e8re, quand elle est sinc\u00e8rement offerte, a la capacit\u00e9 pour changer nos c\u0153urs et de modifier le cours de l\u2019histoire.<\/p>\n<h2> \u00c9lever nos propres pri\u00e8res pour nos familles au Seigneur matinale.<\/h2>\n<p>Cette ult\u00e9rieure section de la pri\u00e8re du matin consiste \u00e0 prier pour nos \u00eatres chers, nos famille, nos amis et notre propre communaut\u00e9. Nous pouvons prier pour leur, leur bien-\u00eatre, leur protection, et leur fortune. Nous pouvons \u00e9galement prier pour ceux qui nous ont nui et pour ces personnes qui nous ont offens\u00e9s, et demander \u00e0 Dieu de nous aider \u00e0 leur pardonner et \u00e0 leur montrer la compassion.<\/p>\n<h3> Demander pour la condition physique et la s\u00fbret\u00e9 de nos proches.<\/h3>\n<p>Seigneur, nous tous te confions nos proches, nos familles ainsi que nos connaissances. Surveille, \u00d4 Dieu, sur eux, ainsi que sauvegarde -les de tout p\u00e9ril et de toute affliction. Accorde, \u00d4 Seigneur, la vigueur du corps ainsi que de l\u2019esprit \u00e0 eux, et aussi la paix au sein de leur c\u0153ur. Puisses-tu permettre ta b\u00e9n\u00e9diction forte les esprits veille ainsi que les individus guide chacun au long de cette journ\u00e9e, pour qu\u2019il puissent puissent vivre dans une s\u00e9curit\u00e9 ainsi que la paix.<\/p>\n<p>Nous autres \u00e0 toi prions pareillement pour nos enfants, Dieu, qu\u2019ils grandissent dans leur foi et dans l\u2019amour de ton b\u00e9ni nom. Donne, cher Dieu, une sagesse avec la force n\u00e9cessaires pour affronter les d\u00e9fis de la vie, et aussi guide leurs pas le long de le chemin de la v\u00e9rit\u00e9 ainsi que de la justice.<\/p>\n<p>Enfin, nous te prions en vue de nos amis et aussi nos voisins, Seigneur, qu\u2019ils d\u00e9couvrent la joie de ton amour et la paix de ton pardon. Offre-leur, \u00d4 Dieu, des c\u0153urs g\u00e9n\u00e9reux pour partager avec ceux qui dans le besoin, ainsi que mains accueillantes pour accueillir ceux qui seuls et aussi abandonn\u00e9s.<\/p>\n<h3> Prier pour notre ennemis ainsi que ceux que nous ont offens\u00e9s. <\/h3>\n<p>Seigneur Dieu, le Christ, nous vous prions pour notre ennemis et aussi pour ces qui sont nous-m\u00eames ont offens\u00e9s. Accorde-leur, \u00f4 Christ, votre mis\u00e9ricorde ainsi que ton pardon, et aussi ouvre leur c\u0153ur \u00e0 la lumi\u00e8re des ta v\u00e9rit\u00e9. Aide-nous, \u00d4 Seigneur, \u00e0 leur montrer de la compassion ainsi que \u00e0 leur pardonner comme tu nous as pardonn\u00e9. Que ta paix r\u00e8gne dans les n\u00f4tres c\u0153urs et aussi que votre amour guide notre actions, pour que nous puissions vivre en harmonie avec tous ceux qui nous autres entourent.<\/p>\n<h3> Saisir la pri\u00e8re : <\/h3>\n<p>Pour terminer, l\u2019 oraison nous rappelle notre mission comme prog\u00e9niture de Dieu : se trouver des observateurs de l\u2019 clart\u00e9 et de ses attachement dans une \u00e8re touch\u00e9e aux t\u00e9n\u00e8bres. \u00c0 travers notre mots et nos actes, nous propageons l\u2019\u00c9vangile de la tranquillit\u00e9 et de la rapprochement, offrant l\u2019attente et la r\u00e9paration \u00e0 un contexte endommag\u00e9.<\/p>\n<p>\u00c0 l\u2019int\u00e9rieur de la foi chr\u00e9tienne, le lever du jour porte une signification particuli\u00e8re, illustrant le renouvellement et la reconstruction spirituelle. C\u2019est au d\u00e9but de chaque matin\u00e9e que le c\u0153ur se oriente vers Dieu dans l\u2019oraison, s\u2019effor\u00e7ant \u00e0 se trouver \u00e9clair\u00e9e par la lumi\u00e8re c\u00e9leste. L\u2019habitude des pri\u00e8res matinales se r\u00e9v\u00e8le essentiellement enracin\u00e9e dans la tradition chr\u00e9tienne, offrant un moment exclusif pour \u00e9tablir une connexion avec l\u2019\u00c9ternel et se disposer spirituellement aux d\u00e9fis de la journ\u00e9e qui vient.<\/p>\n<p>Au au c\u0153ur de ces pri\u00e8res matinales s\u2019 observe souvent une d\u00e9votion distincte envers Marie, la mam de J\u00e9sus et figure sainte respect\u00e9e aupr\u00e8s de de nombreux fid\u00e8les. En qualit\u00e9 d\u2019 interm\u00e9diaire entre les hommes et Dieu, Marie reste sollicit\u00e9e afin de interc\u00e9der en notre nom, nous orientant sur le chemin de la saintet\u00e9 et ainsi que la gr\u00e2ce divine. Son apparition maternelle fournit apaisement ainsi que s\u00e9curit\u00e9, entourant nos pri\u00e8re matinales d\u2019une douceur c\u00e9leste.<\/p>\n<p>Au travers les pri\u00e8re du matin, on se trouve invit\u00e9s pour nous unir \u00e0 Marie au sein de une d\u00e9marche de sanctification personnelle. Dans m\u00e9ditant sur la vie ainsi que ses vertus, nous recherchons pour imiter son humilit\u00e9, sa puret\u00e9 et sa ob\u00e9issance vers la volont\u00e9 de Dieu. Par le biais de sa saintet\u00e9 parfaite, Marie devient pour nous un mod\u00e8le de vie chr\u00e9tienne, nous souvenant l\u2019importance de la pri\u00e8re et de la contemplation au sein de notre cheminement spirituel.<\/p>\n<p>La oraison du matin est donc un temps privil\u00e9gi\u00e9 afin de se consacrer \u00e0 Dieu avec l\u2019intercession de Marie, en offrant nos acclamations, nos actions de gr\u00e2ce et nos intentions les plus intimes. \u00c0 travers l\u2019 qui\u00e9tude de l\u2019aurore, on est invit\u00e9s pour tourner \u00e0 cette m\u00e8re divine, laquelle nous guide par douceur sur du chemin du la foi ainsi que du sentiment amoureux divin. En associant notre voix \u00e0 celle-ci du Marie, nous haussant notre pri\u00e8res matinales vers du tr\u00f4ne du la gr\u00e2ce, confiants que notre supplications seront entendues et accueillies par le c\u0153ur mis\u00e9ricordieux de Dieu.<\/p>\n<p>Vous aimerez aussi:<\/p>\n<p>{{Zazpiki ou le Malade d\u2019amour.,<a target=\"_blank\" rel=\"nofollow\" href=\"https:\/\/editionsbussiere.com\/blog\/goto\/https:\/\/fr.wikisource.org\/wiki\/Zazpiki_ou_le_Malade_d%E2%80%99amour\"  target=\"_blank\" rel=\"noopener noreferrer nofollow\">Cliquer ICI.<\/a><span><\/span>}<br \/>\n|{Zazpiki ou le Malade d\u2019amour.,<a target=\"_blank\" rel=\"nofollow\" href=\"https:\/\/editionsbussiere.com\/blog\/goto\/https:\/\/fr.wikisource.org\/wiki\/Zazpiki_ou_le_Malade_d%E2%80%99amour\"  target=\"_blank\" rel=\"noopener noreferrer nofollow\">L\u2019article de presse.<\/a><span><\/span>. Suite sur le prochain article.}<br \/>\n|{Voyages aux Montagnes Rocheuses\/18.,<a target=\"_blank\" rel=\"nofollow\" href=\"https:\/\/editionsbussiere.com\/blog\/goto\/https:\/\/fr.wikisource.org\/wiki\/Voyages_aux_Montagnes_Rocheuses\/18\"  target=\"_blank\" rel=\"noopener noreferrer nofollow\">A lire ici.<\/a><span><\/span>}<br \/>\n|{Voyages aux Montagnes Rocheuses\/12.,<a target=\"_blank\" rel=\"nofollow\" href=\"https:\/\/editionsbussiere.com\/blog\/goto\/https:\/\/fr.wikisource.org\/wiki\/Voyages_aux_Montagnes_Rocheuses\/12\"  target=\"_blank\" rel=\"noopener noreferrer nofollow\">Le texte de l\u2019article.<\/a><span><\/span>}<br \/>\n|{Voyages aux Montagnes Rocheuses\/04.,<a target=\"_blank\" rel=\"nofollow\" href=\"https:\/\/editionsbussiere.com\/blog\/goto\/https:\/\/fr.wikisource.org\/wiki\/Voyages_aux_Montagnes_Rocheuses\/04\"  target=\"_blank\" rel=\"noopener noreferrer nofollow\">Le dossier.<\/a><span><\/span>}<br \/>\n|{Voyages aux Montagnes Rocheuses\/04.,<a target=\"_blank\" rel=\"nofollow\" href=\"https:\/\/editionsbussiere.com\/blog\/goto\/https:\/\/fr.wikisource.org\/wiki\/Voyages_aux_Montagnes_Rocheuses\/04\"  target=\"_blank\" rel=\"noopener noreferrer nofollow\">A lire ici.<\/a><span><\/span>}<br \/>\n|{Voyage sentimental\/53.,<a target=\"_blank\" rel=\"nofollow\" href=\"https:\/\/editionsbussiere.com\/blog\/goto\/https:\/\/fr.wikisource.org\/wiki\/Voyage_sentimental\/53\"  target=\"_blank\" rel=\"noopener noreferrer nofollow\">Le texte de l\u2019article.<\/a><span><\/span>}<br \/>\n|{Voyage en Orient (Nerval)\/Les Akkals \u2013 L\u2019Antiliban\/IV.,<a target=\"_blank\" rel=\"nofollow\" href=\"https:\/\/editionsbussiere.com\/blog\/goto\/https:\/\/fr.wikisource.org\/wiki\/Voyage_en_Orient_(Nerval)\/Les_Akkals_-_L%E2%80%99Antiliban\/IV\"  target=\"_blank\" rel=\"noopener noreferrer nofollow\">Le texte de l\u2019article.<\/a><span><\/span>}<br \/>\n|{Voyage en Italie et en Sicile\/Chapitre XII.,<a target=\"_blank\" rel=\"nofollow\" href=\"https:\/\/editionsbussiere.com\/blog\/goto\/https:\/\/fr.wikisource.org\/wiki\/Voyage_en_Italie_et_en_Sicile\/Chapitre_XII\"  target=\"_blank\" rel=\"noopener noreferrer nofollow\">Cliquer ICI.<\/a><span><\/span>}<br \/>\n|{Voyage de Marco Polo\/Livre 1\/Chapitre 15.,<a target=\"_blank\" rel=\"nofollow\" href=\"https:\/\/editionsbussiere.com\/blog\/goto\/https:\/\/fr.wikisource.org\/wiki\/Voyage_de_Marco_Polo\/Livre_1\/Chapitre_15\"  target=\"_blank\" rel=\"noopener noreferrer nofollow\">L\u2019article de presse.<\/a><span><\/span>}<br \/>\n|{Voyage au Br\u00e9sil.,<a target=\"_blank\" rel=\"nofollow\" href=\"https:\/\/editionsbussiere.com\/blog\/goto\/https:\/\/fr.wikisource.org\/wiki\/Voyage_au_Br%C3%A9sil\"  target=\"_blank\" rel=\"noopener noreferrer nofollow\">Le post d\u2019actualit\u00e9.<\/a><span><\/span>}<br \/>\n|{Vitraux\/Tercets pour prier Notre-Dame.,<a target=\"_blank\" rel=\"nofollow\" href=\"https:\/\/editionsbussiere.com\/blog\/goto\/https:\/\/fr.wikisource.org\/wiki\/Vitraux\/Tercets_pour_prier_Notre-Dame\"  target=\"_blank\" rel=\"noopener noreferrer nofollow\">Le dossier.<\/a><span><\/span>}<br \/>\n|{Vitraux\/Hortus conclusus.,<a target=\"_blank\" rel=\"nofollow\" href=\"https:\/\/editionsbussiere.com\/blog\/goto\/https:\/\/fr.wikisource.org\/wiki\/Vitraux\/Hortus_conclusus\"  target=\"_blank\" rel=\"noopener noreferrer nofollow\">Le post d\u2019actualit\u00e9.<\/a><span><\/span>}<br \/>\n|{Vies des peintres, sculpteurs et architectes\/tome 7\/Niccolo Soggi.,<a target=\"_blank\" rel=\"nofollow\" href=\"https:\/\/editionsbussiere.com\/blog\/goto\/https:\/\/fr.wikisource.org\/wiki\/Vies_des_peintres,_sculpteurs_et_architectes\/tome_7\/Niccolo_Soggi\"  target=\"_blank\" rel=\"noopener noreferrer nofollow\">Ici.<\/a><span><\/span>}<br \/>\n|{Vies des peintres, sculpteurs et architectes\/tome 6\/Le Franciabigio.,<a target=\"_blank\" rel=\"nofollow\" href=\"https:\/\/editionsbussiere.com\/blog\/goto\/https:\/\/fr.wikisource.org\/wiki\/Vies_des_peintres,_sculpteurs_et_architectes\/tome_6\/Le_Franciabigio\"  target=\"_blank\" rel=\"noopener noreferrer nofollow\">Le texte de l\u2019article.<\/a><span><\/span>}<br \/>\n|{Vies des peintres, sculpteurs et architectes\/tome 1\/30.,<a target=\"_blank\" rel=\"nofollow\" href=\"https:\/\/editionsbussiere.com\/blog\/goto\/https:\/\/fr.wikisource.org\/wiki\/Vies_des_peintres,_sculpteurs_et_architectes\/tome_1\/30\"  target=\"_blank\" rel=\"noopener noreferrer nofollow\">Cliquer ICI.<\/a><span><\/span>. Suite sur le prochain article.}<br \/>\n|{Vies des peintres, sculpteurs et architectes\/tome 1\/25.,<a target=\"_blank\" rel=\"nofollow\" href=\"https:\/\/editionsbussiere.com\/blog\/goto\/https:\/\/fr.wikisource.org\/wiki\/Vies_des_peintres,_sculpteurs_et_architectes\/tome_1\/25\"  target=\"_blank\" rel=\"noopener noreferrer nofollow\">A lire ici.<\/a><span><\/span>}<br \/>\n|{Vierges en fleur\/Texte entier.,<a target=\"_blank\" rel=\"nofollow\" href=\"https:\/\/editionsbussiere.com\/blog\/goto\/https:\/\/fr.wikisource.org\/wiki\/Vierges_en_fleur\/Texte_entier\"  target=\"_blank\" rel=\"noopener noreferrer nofollow\">Le post d\u2019actualit\u00e9.<\/a><span><\/span>}<br \/>\n|{Vierges en fleur\/13.,<a target=\"_blank\" rel=\"nofollow\" href=\"https:\/\/editionsbussiere.com\/blog\/goto\/https:\/\/fr.wikisource.org\/wiki\/Vierges_en_fleur\/13\"  target=\"_blank\" rel=\"noopener noreferrer nofollow\">A lire ici.<\/a><span><\/span>}<br \/>\n|{Vierges en fleur\/12.,<a target=\"_blank\" rel=\"nofollow\" href=\"https:\/\/editionsbussiere.com\/blog\/goto\/https:\/\/fr.wikisource.org\/wiki\/Vierges_en_fleur\/12\"  target=\"_blank\" rel=\"noopener noreferrer nofollow\">Ici.<\/a><span><\/span>}<br \/>\n|{Vierges en fleur\/11.,<a target=\"_blank\" rel=\"nofollow\" href=\"https:\/\/editionsbussiere.com\/blog\/goto\/https:\/\/fr.wikisource.org\/wiki\/Vierges_en_fleur\/11\"  target=\"_blank\" rel=\"noopener noreferrer nofollow\">L\u2019article de presse.<\/a><span><\/span>}<br \/>\n|{Vierges en fleur\/10.,<a target=\"_blank\" rel=\"nofollow\" href=\"https:\/\/editionsbussiere.com\/blog\/goto\/https:\/\/fr.wikisource.org\/wiki\/Vierges_en_fleur\/10\"  target=\"_blank\" rel=\"noopener noreferrer nofollow\">Ici.<\/a><span><\/span>}<br \/>\n|{Vierges en fleur\/03.,<a target=\"_blank\" rel=\"nofollow\" href=\"https:\/\/editionsbussiere.com\/blog\/goto\/https:\/\/fr.wikisource.org\/wiki\/Vierges_en_fleur\/03\"  target=\"_blank\" rel=\"noopener noreferrer nofollow\">Le dossier.<\/a><span><\/span>}<br \/>\n|{Vierges en fleur\/02.,<a target=\"_blank\" rel=\"nofollow\" href=\"https:\/\/editionsbussiere.com\/blog\/goto\/https:\/\/fr.wikisource.org\/wiki\/Vierges_en_fleur\/02\"  target=\"_blank\" rel=\"noopener noreferrer nofollow\">Ici.<\/a><span><\/span>}<br \/>\n|{Vierges en fleur\/01.,<a target=\"_blank\" rel=\"nofollow\" href=\"https:\/\/editionsbussiere.com\/blog\/goto\/https:\/\/fr.wikisource.org\/wiki\/Vierges_en_fleur\/01\"  target=\"_blank\" rel=\"noopener noreferrer nofollow\">L\u2019article de presse.<\/a><span><\/span>. Suite sur le prochain article.}<br \/>\n|{Vierges en fleur\/01.,<a target=\"_blank\" rel=\"nofollow\" href=\"https:\/\/editionsbussiere.com\/blog\/goto\/https:\/\/fr.wikisource.org\/wiki\/Vierges_en_fleur\/01\"  target=\"_blank\" rel=\"noopener noreferrer nofollow\">Le texte de l\u2019article.<\/a><span><\/span>}<br \/>\n|{Vie et opinions de Tristram Shandy\/4\/88.,<a target=\"_blank\" rel=\"nofollow\" href=\"https:\/\/editionsbussiere.com\/blog\/goto\/https:\/\/fr.wikisource.org\/wiki\/Vie_et_opinions_de_Tristram_Shandy\/4\/88\"  target=\"_blank\" rel=\"noopener noreferrer nofollow\">Le texte de l\u2019article.<\/a><span><\/span>}<br \/>\n|{Vie et opinions de Tristram Shandy\/4\/24.,<a target=\"_blank\" rel=\"nofollow\" href=\"https:\/\/editionsbussiere.com\/blog\/goto\/https:\/\/fr.wikisource.org\/wiki\/Vie_et_opinions_de_Tristram_Shandy\/4\/24\"  target=\"_blank\" rel=\"noopener noreferrer nofollow\">L\u2019article de presse.<\/a><span><\/span>}<br \/>\n|{Vie et opinions de Tristram Shandy\/2\/23.,<a target=\"_blank\" rel=\"nofollow\" href=\"https:\/\/editionsbussiere.com\/blog\/goto\/https:\/\/fr.wikisource.org\/wiki\/Vie_et_opinions_de_Tristram_Shandy\/2\/23\"  target=\"_blank\" rel=\"noopener noreferrer nofollow\">Cliquer ICI.<\/a><span><\/span>}<br \/>\n|{Vie de saint George\/Pr\u00e9sentation.,<a target=\"_blank\" rel=\"nofollow\" href=\"https:\/\/editionsbussiere.com\/blog\/goto\/https:\/\/fr.wikisource.org\/wiki\/Vie_de_saint_George\/Pr%C3%A9sentation\"  target=\"_blank\" rel=\"noopener noreferrer nofollow\">Article complet.<\/a><span><\/span>}<br \/>\n|{Vie de M\u00e9lanie, berg\u00e8re de la Salette\/Notes compl\u00e9mentaires par les Religieuses de Correnc.,<a target=\"_blank\" rel=\"nofollow\" href=\"https:\/\/editionsbussiere.com\/blog\/goto\/https:\/\/fr.wikisource.org\/wiki\/Vie_de_M%C3%A9lanie,_berg%C3%A8re_de_la_Salette\/Notes_compl%C3%A9mentaires_par_les_Religieuses_de_Correnc\"  target=\"_blank\" rel=\"noopener noreferrer nofollow\">L\u2019article ICI.<\/a><span><\/span>. Suite sur le prochain article.}<br \/>\n|{Vie, Po\u00e9sies et Pens\u00e9es de Joseph Delorme\/Les Rayons jaunes.,<a target=\"_blank\" rel=\"nofollow\" href=\"https:\/\/editionsbussiere.com\/blog\/goto\/https:\/\/fr.wikisource.org\/wiki\/Vie,_Po%C3%A9sies_et_Pens%C3%A9es_de_Joseph_Delorme\/Les_Rayons_jaunes\"  target=\"_blank\" rel=\"noopener noreferrer nofollow\">Cliquer ICI.<\/a><span><\/span>}<br \/>\n|{Victoire la rouge\/5.,<a target=\"_blank\" rel=\"nofollow\" href=\"https:\/\/editionsbussiere.com\/blog\/goto\/https:\/\/fr.wikisource.org\/wiki\/Victoire_la_rouge\/5\"  target=\"_blank\" rel=\"noopener noreferrer nofollow\">A lire ici.<\/a><span><\/span>. Suite sur le prochain article.}<br \/>\n|{Via Fora !.,<a target=\"_blank\" rel=\"nofollow\" href=\"https:\/\/editionsbussiere.com\/blog\/goto\/https:\/\/fr.wikisource.org\/wiki\/Via_Fora_!\"  target=\"_blank\" rel=\"noopener noreferrer nofollow\">A lire ici.<\/a><span><\/span>}<br \/>\n|{Vers l\u2019enfance (Verhaeren).,<a target=\"_blank\" rel=\"nofollow\" href=\"https:\/\/editionsbussiere.com\/blog\/goto\/https:\/\/fr.wikisource.org\/wiki\/Vers_l%E2%80%99enfance_(Verhaeren)\"  target=\"_blank\" rel=\"noopener noreferrer nofollow\">L\u2019article de presse.<\/a><span><\/span>. Suite sur le prochain article.}<br \/>\n|{Vers l\u2019enfance (Verhaeren).,<a target=\"_blank\" rel=\"nofollow\" href=\"https:\/\/editionsbussiere.com\/blog\/goto\/https:\/\/fr.wikisource.org\/wiki\/Vers_l%E2%80%99enfance_(Verhaeren)\"  target=\"_blank\" rel=\"noopener noreferrer nofollow\">L\u2019article de presse.<\/a><span><\/span>}<br \/>\n|{Vers d\u2019amour (Rodenbach)\/07.,<a target=\"_blank\" rel=\"nofollow\" href=\"https:\/\/editionsbussiere.com\/blog\/goto\/https:\/\/fr.wikisource.org\/wiki\/Vers_d%E2%80%99amour_(Rodenbach)\/07\"  target=\"_blank\" rel=\"noopener noreferrer nofollow\">Cliquer ICI.<\/a><span><\/span>}<br \/>\n|{Vers \u00e0 sainte Genevi\u00e8ve.,<a target=\"_blank\" rel=\"nofollow\" href=\"https:\/\/editionsbussiere.com\/blog\/goto\/https:\/\/fr.wikisource.org\/wiki\/Vers_%C3%A0_sainte_Genevi%C3%A8ve\"  target=\"_blank\" rel=\"noopener noreferrer nofollow\">L\u2019article ICI.<\/a><span><\/span>. Suite sur le prochain article.}<br \/>\n|{Vers, 1894\/Je parle de Dieu.,<a target=\"_blank\" rel=\"nofollow\" href=\"https:\/\/editionsbussiere.com\/blog\/goto\/https:\/\/fr.wikisource.org\/wiki\/Vers,_1894\/Je_parle_de_Dieu\"  target=\"_blank\" rel=\"noopener noreferrer nofollow\">Ici.<\/a><span><\/span>}<br \/>\n|{Valentines et autres vers\/Memorare.,<a target=\"_blank\" rel=\"nofollow\" href=\"https:\/\/editionsbussiere.com\/blog\/goto\/https:\/\/fr.wikisource.org\/wiki\/Valentines_et_autres_vers\/Memorare\"  target=\"_blank\" rel=\"noopener noreferrer nofollow\">Article complet.<\/a><span><\/span>}<br \/>\n|{Valentines et autres vers\/Memorare.,<a target=\"_blank\" rel=\"nofollow\" href=\"https:\/\/editionsbussiere.com\/blog\/goto\/https:\/\/fr.wikisource.org\/wiki\/Valentines_et_autres_vers\/Memorare\"  target=\"_blank\" rel=\"noopener noreferrer nofollow\">L\u2019article ICI.<\/a><span><\/span>}<br \/>\n|{Valentines et autres vers\/Ex voto.,<a target=\"_blank\" rel=\"nofollow\" href=\"https:\/\/editionsbussiere.com\/blog\/goto\/https:\/\/fr.wikisource.org\/wiki\/Valentines_et_autres_vers\/Ex_voto\"  target=\"_blank\" rel=\"noopener noreferrer nofollow\">L\u2019article de presse.<\/a><span><\/span>}<br \/>\n|{Une vierge (Jammes).,<a target=\"_blank\" rel=\"nofollow\" href=\"https:\/\/editionsbussiere.com\/blog\/goto\/https:\/\/fr.wikisource.org\/wiki\/Une_vierge_(Jammes)\"  target=\"_blank\" rel=\"noopener noreferrer nofollow\">L\u2019article de presse.<\/a><span><\/span>. Suite sur le prochain article.}<br \/>\n|{Une saison en enfer (1873)\/Nuit de l\u2019enfer.,<a target=\"_blank\" rel=\"nofollow\" href=\"https:\/\/editionsbussiere.com\/blog\/goto\/https:\/\/fr.wikisource.org\/wiki\/Une_saison_en_enfer_(1873)\/Nuit_de_l%E2%80%99enfer\"  target=\"_blank\" rel=\"noopener noreferrer nofollow\">A lire ici.<\/a><span><\/span>}<br \/>\n|{Une nouvelle gravure de M. Calamatta (RDDM).,<a target=\"_blank\" rel=\"nofollow\" href=\"https:\/\/editionsbussiere.com\/blog\/goto\/https:\/\/fr.wikisource.org\/wiki\/Une_nouvelle_gravure_de_M._Calamatta_(RDDM)\"  target=\"_blank\" rel=\"noopener noreferrer nofollow\">Ici.<\/a><span><\/span>. Suite sur le prochain article.}<br \/>\n|{Une mine de souvenirs\/XII.,<a target=\"_blank\" rel=\"nofollow\" href=\"https:\/\/editionsbussiere.com\/blog\/goto\/https:\/\/fr.wikisource.org\/wiki\/Une_mine_de_souvenirs\/XII\"  target=\"_blank\" rel=\"noopener noreferrer nofollow\">L\u2019article de presse.<\/a><span><\/span>}<br \/>\n|{Une mine de souvenirs\/XI.,<a target=\"_blank\" rel=\"nofollow\" href=\"https:\/\/editionsbussiere.com\/blog\/goto\/https:\/\/fr.wikisource.org\/wiki\/Une_mine_de_souvenirs\/XI\"  target=\"_blank\" rel=\"noopener noreferrer nofollow\">Le post d\u2019actualit\u00e9.<\/a><span><\/span>}<br \/>\n|{Une immortelle.,<a target=\"_blank\" rel=\"nofollow\" href=\"https:\/\/editionsbussiere.com\/blog\/goto\/https:\/\/fr.wikisource.org\/wiki\/Une_immortelle\"  target=\"_blank\" rel=\"noopener noreferrer nofollow\">L\u2019article de presse.<\/a><span><\/span>}<br \/>\n|{Une femme m\u2019apparut\/1905\/07.,<a target=\"_blank\" rel=\"nofollow\" href=\"https:\/\/editionsbussiere.com\/blog\/goto\/https:\/\/fr.wikisource.org\/wiki\/Une_femme_m%E2%80%99apparut\/1905\/07\"  target=\"_blank\" rel=\"noopener noreferrer nofollow\">Cliquer ICI.<\/a><span><\/span>}<br \/>\n|{Un pr\u00eatre mari\u00e9\/\u00c9pilogue.,<a target=\"_blank\" rel=\"nofollow\" href=\"https:\/\/editionsbussiere.com\/blog\/goto\/https:\/\/fr.wikisource.org\/wiki\/Un_pr%C3%AAtre_mari%C3%A9\/%C3%89pilogue\"  target=\"_blank\" rel=\"noopener noreferrer nofollow\">Le texte de l\u2019article.<\/a><span><\/span>}<br \/>\n|{Un Mort vivait parmi nous\/36.,<a target=\"_blank\" rel=\"nofollow\" href=\"https:\/\/editionsbussiere.com\/blog\/goto\/https:\/\/fr.wikisource.org\/wiki\/Un_Mort_vivait_parmi_nous\/36\"  target=\"_blank\" rel=\"noopener noreferrer nofollow\">Cliquer ICI.<\/a><span><\/span>. Suite sur le prochain article.}<br \/>\n|{Un ma\u00eetre d\u2019\u00e9cole au XVIIe si\u00e8cle \u00e0 Saint-Haon-le-Ch\u00e2tel.,<a target=\"_blank\" rel=\"nofollow\" href=\"https:\/\/editionsbussiere.com\/blog\/goto\/https:\/\/fr.wikisource.org\/wiki\/Un_ma%C3%AEtre_d%27%C3%A9cole_au_XVIIe_si%C3%A8cle_%C3%A0_Saint-Haon-le-Ch%C3%A2tel\"  target=\"_blank\" rel=\"noopener noreferrer nofollow\">Le dossier.<\/a><span><\/span>. Suite sur le prochain article.}<br \/>\n|{Un c\u0153ur vierge\/25.,<a target=\"_blank\" rel=\"nofollow\" href=\"https:\/\/editionsbussiere.com\/blog\/goto\/https:\/\/fr.wikisource.org\/wiki\/Un_c%C5%93ur_vierge\/25\"  target=\"_blank\" rel=\"noopener noreferrer nofollow\">Le dossier.<\/a><span><\/span>}<br \/>\n|{Un c\u0153ur vierge\/05.,<a target=\"_blank\" rel=\"nofollow\" href=\"https:\/\/editionsbussiere.com\/blog\/goto\/https:\/\/fr.wikisource.org\/wiki\/Un_c%C5%93ur_vierge\/05\"  target=\"_blank\" rel=\"noopener noreferrer nofollow\">Cliquer ICI.<\/a><span><\/span>. Suite sur le prochain article.}<br \/>\n|{Un c\u0153ur vierge\/03.,<a target=\"_blank\" rel=\"nofollow\" href=\"https:\/\/editionsbussiere.com\/blog\/goto\/https:\/\/fr.wikisource.org\/wiki\/Un_c%C5%93ur_vierge\/03\"  target=\"_blank\" rel=\"noopener noreferrer nofollow\">Article complet.<\/a><span><\/span>}<br \/>\n|{Un amour vrai (Conan)\/III.,<a target=\"_blank\" rel=\"nofollow\" href=\"https:\/\/editionsbussiere.com\/blog\/goto\/https:\/\/fr.wikisource.org\/wiki\/Un_amour_vrai_(Conan)\/III\"  target=\"_blank\" rel=\"noopener noreferrer nofollow\">Ici.<\/a><span><\/span>}<br \/>\n|{Trois contes sauvages\/Une famine chez les sauvages.,<a target=\"_blank\" rel=\"nofollow\" href=\"https:\/\/editionsbussiere.com\/blog\/goto\/https:\/\/fr.wikisource.org\/wiki\/Trois_contes_sauvages\/Une_famine_chez_les_sauvages\"  target=\"_blank\" rel=\"noopener noreferrer nofollow\">Le dossier.<\/a><span><\/span>}<br \/>\n|{Trois contes sauvages\/Une famine chez les sauvages.,<a target=\"_blank\" rel=\"nofollow\" href=\"https:\/\/editionsbussiere.com\/blog\/goto\/https:\/\/fr.wikisource.org\/wiki\/Trois_contes_sauvages\/Une_famine_chez_les_sauvages\"  target=\"_blank\" rel=\"noopener noreferrer nofollow\">Cliquer ICI.<\/a><span><\/span>. Suite sur le prochain article.}<br \/>\n|{Trois \u00e9glises et trois primitifs\/Francfort-sur-le-Mein.,<a target=\"_blank\" rel=\"nofollow\" href=\"https:\/\/editionsbussiere.com\/blog\/goto\/https:\/\/fr.wikisource.org\/wiki\/Trois_%C3%A9glises_et_trois_primitifs\/Francfort-sur-le-Mein\"  target=\"_blank\" rel=\"noopener noreferrer nofollow\">Le texte de l\u2019article.<\/a><span><\/span>}<br \/>\n|{Trente-six Ballades joyeuses\/Ballade \u00e0 la Sainte Vierge.,<a target=\"_blank\" rel=\"nofollow\" href=\"https:\/\/editionsbussiere.com\/blog\/goto\/https:\/\/fr.wikisource.org\/wiki\/Trente-six_Ballades_joyeuses\/Ballade_%C3%A0_la_Sainte_Vierge\"  target=\"_blank\" rel=\"noopener noreferrer nofollow\">Ici.<\/a><span><\/span>. Suite sur le prochain article.}<br \/>\n|{Trait\u00e9 sur la tol\u00e9rance\/\u00c9dition Garnier 1879\/20.,<a target=\"_blank\" rel=\"nofollow\" href=\"https:\/\/editionsbussiere.com\/blog\/goto\/https:\/\/fr.wikisource.org\/wiki\/Trait%C3%A9_sur_la_tol%C3%A9rance\/%C3%89dition_Garnier_1879\/20\"  target=\"_blank\" rel=\"noopener noreferrer nofollow\">Ici.<\/a><span><\/span>. Suite sur le prochain article.}<br \/>\n|{Trait\u00e9 sur la tol\u00e9rance\/\u00c9dition Garnier 1879\/18.,<a target=\"_blank\" rel=\"nofollow\" href=\"https:\/\/editionsbussiere.com\/blog\/goto\/https:\/\/fr.wikisource.org\/wiki\/Trait%C3%A9_sur_la_tol%C3%A9rance\/%C3%89dition_Garnier_1879\/18\"  target=\"_blank\" rel=\"noopener noreferrer nofollow\">Le texte de l\u2019article.<\/a><span><\/span>}<br \/>\n|{Trait\u00e9 sur la tol\u00e9rance\/\u00c9dition 1763\/20.,<a target=\"_blank\" rel=\"nofollow\" href=\"https:\/\/editionsbussiere.com\/blog\/goto\/https:\/\/fr.wikisource.org\/wiki\/Trait%C3%A9_sur_la_tol%C3%A9rance\/%C3%89dition_1763\/20\"  target=\"_blank\" rel=\"noopener noreferrer nofollow\">L\u2019article ICI.<\/a><span><\/span>. Suite sur le prochain article.}<br \/>\n|{Trait\u00e9 sur la tol\u00e9rance\/\u00c9dition 1763\/18.,<a target=\"_blank\" rel=\"nofollow\" href=\"https:\/\/editionsbussiere.com\/blog\/goto\/https:\/\/fr.wikisource.org\/wiki\/Trait%C3%A9_sur_la_tol%C3%A9rance\/%C3%89dition_1763\/18\"  target=\"_blank\" rel=\"noopener noreferrer nofollow\">L\u2019article de presse.<\/a><span><\/span>. Suite sur le prochain article.}<br \/>\n|{Trait\u00e9 de la peinture (Cennini)\/I.,<a target=\"_blank\" rel=\"nofollow\" href=\"https:\/\/editionsbussiere.com\/blog\/goto\/https:\/\/fr.wikisource.org\/wiki\/Trait%C3%A9_de_la_peinture_(Cennini)\/I\"  target=\"_blank\" rel=\"noopener noreferrer nofollow\">A lire ici.<\/a><span><\/span>. Suite sur le prochain article.}<br \/>\n|{Trait\u00e9 de la peinture (Cennini)\/CV.,<a target=\"_blank\" rel=\"nofollow\" href=\"https:\/\/editionsbussiere.com\/blog\/goto\/https:\/\/fr.wikisource.org\/wiki\/Trait%C3%A9_de_la_peinture_(Cennini)\/CV\"  target=\"_blank\" rel=\"noopener noreferrer nofollow\">L\u2019article ICI.<\/a><span><\/span>}<br \/>\n|{Traditions indiennes du Canada Nord-Ouest\/07.,<a target=\"_blank\" rel=\"nofollow\" href=\"https:\/\/editionsbussiere.com\/blog\/goto\/https:\/\/fr.wikisource.org\/wiki\/Traditions_indiennes_du_Canada_Nord-Ouest\/07\"  target=\"_blank\" rel=\"noopener noreferrer nofollow\">Le dossier.<\/a><span><\/span>. Suite sur le prochain article.}<br \/>\n|{Titien (Hamel)\/2.,<a target=\"_blank\" rel=\"nofollow\" href=\"https:\/\/editionsbussiere.com\/blog\/goto\/https:\/\/fr.wikisource.org\/wiki\/Titien_(Hamel)\/2\"  target=\"_blank\" rel=\"noopener noreferrer nofollow\">Le post d\u2019actualit\u00e9.<\/a><span><\/span>}<br \/>\n|{Th\u00e9odore vierge et martyre.,<a target=\"_blank\" rel=\"nofollow\" href=\"https:\/\/editionsbussiere.com\/blog\/goto\/https:\/\/fr.wikisource.org\/wiki\/Th%C3%A9odore_vierge_et_martyre\"  target=\"_blank\" rel=\"noopener noreferrer nofollow\">Ici.<\/a><span><\/span>}<br \/>\n|{Testament de sa vie premi\u00e8re.,<a target=\"_blank\" rel=\"nofollow\" href=\"https:\/\/editionsbussiere.com\/blog\/goto\/https:\/\/fr.wikisource.org\/wiki\/Testament_de_sa_vie_premi%C3%A8re\"  target=\"_blank\" rel=\"noopener noreferrer nofollow\">L\u2019article de presse.<\/a><span><\/span>}<br \/>\n|{Testament de Meslier\/Chapitre 4.,<a target=\"_blank\" rel=\"nofollow\" href=\"https:\/\/editionsbussiere.com\/blog\/goto\/https:\/\/fr.wikisource.org\/wiki\/Testament_de_Meslier\/Chapitre_4\"  target=\"_blank\" rel=\"noopener noreferrer nofollow\">L\u2019article de presse.<\/a><span><\/span>}<br \/>\n|{Terres vierges\/36.,<a target=\"_blank\" rel=\"nofollow\" href=\"https:\/\/editionsbussiere.com\/blog\/goto\/https:\/\/fr.wikisource.org\/wiki\/Terres_vierges\/36\"  target=\"_blank\" rel=\"noopener noreferrer nofollow\">Le texte de l\u2019article.<\/a><span><\/span>}<br \/>\n|{Terres vierges\/21.,<a target=\"_blank\" rel=\"nofollow\" href=\"https:\/\/editionsbussiere.com\/blog\/goto\/https:\/\/fr.wikisource.org\/wiki\/Terres_vierges\/21\"  target=\"_blank\" rel=\"noopener noreferrer nofollow\">L\u2019article ICI.<\/a><span><\/span>}<br \/>\n|{Terres vierges\/08.,<a target=\"_blank\" rel=\"nofollow\" href=\"https:\/\/editionsbussiere.com\/blog\/goto\/https:\/\/fr.wikisource.org\/wiki\/Terres_vierges\/08\"  target=\"_blank\" rel=\"noopener noreferrer nofollow\">Le post d\u2019actualit\u00e9.<\/a><span><\/span>. Suite sur le prochain article.}<br \/>\n|{Terres vierges\/08.,<a target=\"_blank\" rel=\"nofollow\" href=\"https:\/\/editionsbussiere.com\/blog\/goto\/https:\/\/fr.wikisource.org\/wiki\/Terres_vierges\/08\"  target=\"_blank\" rel=\"noopener noreferrer nofollow\">Le texte de l\u2019article.<\/a><span><\/span>. Suite sur le prochain article.}<br \/>\n|{Tableaux po\u00e9tiques\/4 Le Convoi d\u2019Isabeau de Bavi\u00e8re.,<a target=\"_blank\" rel=\"nofollow\" href=\"https:\/\/editionsbussiere.com\/blog\/goto\/https:\/\/fr.wikisource.org\/wiki\/Tableaux_po%C3%A9tiques\/4_Le_Convoi_d%E2%80%99Isabeau_de_Bavi%C3%A8re\"  target=\"_blank\" rel=\"noopener noreferrer nofollow\">Le dossier.<\/a><span><\/span>}<br \/>\n|{Tableau de Paris\/317.,<a target=\"_blank\" rel=\"nofollow\" href=\"https:\/\/editionsbussiere.com\/blog\/goto\/https:\/\/fr.wikisource.org\/wiki\/Tableau_de_Paris\/317\"  target=\"_blank\" rel=\"noopener noreferrer nofollow\">L\u2019article de presse.<\/a><span><\/span>. Suite sur le prochain article.}<br \/>\n|{T\u00eates et figures\/Mater amabilis.,<a target=\"_blank\" rel=\"nofollow\" href=\"https:\/\/editionsbussiere.com\/blog\/goto\/https:\/\/fr.wikisource.org\/wiki\/T%C3%AAtes_et_figures\/Mater_amabilis\"  target=\"_blank\" rel=\"noopener noreferrer nofollow\">A lire ici.<\/a><span><\/span>}<br \/>\n|{T\u00eates et figures\/Mater amabilis.,<a target=\"_blank\" rel=\"nofollow\" href=\"https:\/\/editionsbussiere.com\/blog\/goto\/https:\/\/fr.wikisource.org\/wiki\/T%C3%AAtes_et_figures\/Mater_amabilis\"  target=\"_blank\" rel=\"noopener noreferrer nofollow\">Le post d\u2019actualit\u00e9.<\/a><span><\/span>}<br \/>\n|{Symphonie h\u00e9ro\u00efque\/Le Repos en \u00c9gypte.,<a target=\"_blank\" rel=\"nofollow\" href=\"https:\/\/editionsbussiere.com\/blog\/goto\/https:\/\/fr.wikisource.org\/wiki\/Symphonie_h%C3%A9ro%C3%AFque\/Le_Repos_en_%C3%89gypte\"  target=\"_blank\" rel=\"noopener noreferrer nofollow\">Article complet.<\/a><span><\/span>}<br \/>\n|{Symbole de Constantinople (\u00e9d. Guyot).,<a target=\"_blank\" rel=\"nofollow\" href=\"https:\/\/editionsbussiere.com\/blog\/goto\/https:\/\/fr.wikisource.org\/wiki\/Symbole_de_Constantinople_(%C3%A9d._Guyot)\"  target=\"_blank\" rel=\"noopener noreferrer nofollow\">Le dossier.<\/a><span><\/span>. Suite sur le prochain article.}<br \/>\n|{Sur un tableau de Rapha\u00ebl repr\u00e9sentant l\u2019Enfant J\u00e9sus, la Vierge, sainte \u00c9lisabeth et saint Jean.,<a target=\"_blank\" rel=\"nofollow\" href=\"https:\/\/editionsbussiere.com\/blog\/goto\/https:\/\/fr.wikisource.org\/wiki\/Sur_un_tableau_de_Rapha%C3%ABl_repr%C3%A9sentant_l%E2%80%99Enfant_J%C3%A9sus,_la_Vierge,_sainte_%C3%89lisabeth_et_saint_Jean\"  target=\"_blank\" rel=\"noopener noreferrer nofollow\">Le dossier.<\/a><span><\/span>}<br \/>\n|{Sur mon chemin\/Livre II\/Article 9.,<a target=\"_blank\" rel=\"nofollow\" href=\"https:\/\/editionsbussiere.com\/blog\/goto\/https:\/\/fr.wikisource.org\/wiki\/Sur_mon_chemin\/Livre_II\/Article_9\"  target=\"_blank\" rel=\"noopener noreferrer nofollow\">Le post d\u2019actualit\u00e9.<\/a><span><\/span>}<br \/>\n|{Sur La V\u00e9rit\u00e9, ouvrage anonyme.,<a target=\"_blank\" rel=\"nofollow\" href=\"https:\/\/editionsbussiere.com\/blog\/goto\/https:\/\/fr.wikisource.org\/wiki\/Sur_La_V%C3%A9rit%C3%A9,_ouvrage_anonyme\"  target=\"_blank\" rel=\"noopener noreferrer nofollow\">Le texte de l\u2019article.<\/a><span><\/span>. Suite sur le prochain article.}<br \/>\n|{Spirite\/Ch. 11.,<a target=\"_blank\" rel=\"nofollow\" href=\"https:\/\/editionsbussiere.com\/blog\/goto\/https:\/\/fr.wikisource.org\/wiki\/Spirite\/Ch._11\"  target=\"_blank\" rel=\"noopener noreferrer nofollow\">Ici.<\/a><span><\/span>}<br \/>\n|{Souvenirs po\u00e9tiques de l\u2019\u00e9cole romantique\/Ode \u00e0 une Jeune Fille.,<a target=\"_blank\" rel=\"nofollow\" href=\"https:\/\/editionsbussiere.com\/blog\/goto\/https:\/\/fr.wikisource.org\/wiki\/Souvenirs_po%C3%A9tiques_de_l%E2%80%99%C3%A9cole_romantique\/Ode_%C3%A0_une_Jeune_Fille\"  target=\"_blank\" rel=\"noopener noreferrer nofollow\">Le dossier.<\/a><span><\/span>}<br \/>\n|{Souvenirs po\u00e9tiques de l\u2019\u00e9cole romantique.,<a target=\"_blank\" rel=\"nofollow\" href=\"https:\/\/editionsbussiere.com\/blog\/goto\/https:\/\/fr.wikisource.org\/wiki\/Souvenirs_po%C3%A9tiques_de_l%E2%80%99%C3%A9cole_romantique\"  target=\"_blank\" rel=\"noopener noreferrer nofollow\">L\u2019article de presse.<\/a><span><\/span>. Suite sur le prochain article.}<br \/>\n|{Souvenirs po\u00e9tiques de l\u2019\u00e9cole romantique.,<a target=\"_blank\" rel=\"nofollow\" href=\"https:\/\/editionsbussiere.com\/blog\/goto\/https:\/\/fr.wikisource.org\/wiki\/Souvenirs_po%C3%A9tiques_de_l%E2%80%99%C3%A9cole_romantique\"  target=\"_blank\" rel=\"noopener noreferrer nofollow\">Le texte de l\u2019article.<\/a><span><\/span>}<br \/>\n|{Souvenirs de Rome\/02.,<a target=\"_blank\" rel=\"nofollow\" href=\"https:\/\/editionsbussiere.com\/blog\/goto\/https:\/\/fr.wikisource.org\/wiki\/Souvenirs_de_Rome\/02\"  target=\"_blank\" rel=\"noopener noreferrer nofollow\">Le dossier.<\/a><span><\/span>}<br \/>\n|{Souvenirs de la Basse Cornouaille\/Livraison 1\/La Croix de Penn\u00e9arc\u2019h.,<a target=\"_blank\" rel=\"nofollow\" href=\"https:\/\/editionsbussiere.com\/blog\/goto\/https:\/\/fr.wikisource.org\/wiki\/Souvenirs_de_la_Basse_Cornouaille\/Livraison_1\/La_Croix_de_Penn%C3%A9arc%E2%80%99h\"  target=\"_blank\" rel=\"noopener noreferrer nofollow\">Article complet.<\/a><span><\/span>. Suite sur le prochain article.}<br \/>\n|{Souvenirs d\u2019un enfant de Paris, vol. 3\/\u00ab La vie moderne \u00bb\/V.,<a target=\"_blank\" rel=\"nofollow\" href=\"https:\/\/editionsbussiere.com\/blog\/goto\/https:\/\/fr.wikisource.org\/wiki\/Souvenirs_d%E2%80%99un_enfant_de_Paris,_vol._3\/%C2%AB_La_vie_moderne_%C2%BB\/V\"  target=\"_blank\" rel=\"noopener noreferrer nofollow\">Cliquer ICI.<\/a><span><\/span>. Suite sur le prochain article.}<br \/>\n|{Silhouettes canadiennes\/La V\u00e9n\u00e9rable Marguerite Bourgeoys.,<a target=\"_blank\" rel=\"nofollow\" href=\"https:\/\/editionsbussiere.com\/blog\/goto\/https:\/\/fr.wikisource.org\/wiki\/Silhouettes_canadiennes\/La_V%C3%A9n%C3%A9rable_Marguerite_Bourgeoys\"  target=\"_blank\" rel=\"noopener noreferrer nofollow\">Cliquer ICI.<\/a><span><\/span>. Suite sur le prochain article.}<br \/>\n|{Silhouettes canadiennes\/Jeanne Mance.,<a target=\"_blank\" rel=\"nofollow\" href=\"https:\/\/editionsbussiere.com\/blog\/goto\/https:\/\/fr.wikisource.org\/wiki\/Silhouettes_canadiennes\/Jeanne_Mance\"  target=\"_blank\" rel=\"noopener noreferrer nofollow\">L\u2019article ICI.<\/a><span><\/span>. Suite sur le prochain article.}<br \/>\n|{Silhouettes canadiennes\/Jeanne Leber.,<a target=\"_blank\" rel=\"nofollow\" href=\"https:\/\/editionsbussiere.com\/blog\/goto\/https:\/\/fr.wikisource.org\/wiki\/Silhouettes_canadiennes\/Jeanne_Leber\"  target=\"_blank\" rel=\"noopener noreferrer nofollow\">Le dossier.<\/a><span><\/span>. Suite sur le prochain article.}<br \/>\n|{Sermons sur le propre du temps.,<a target=\"_blank\" rel=\"nofollow\" href=\"https:\/\/editionsbussiere.com\/blog\/goto\/https:\/\/fr.wikisource.org\/wiki\/Sermons_sur_le_propre_du_temps\"  target=\"_blank\" rel=\"noopener noreferrer nofollow\">Article complet.<\/a><span><\/span>}<br \/>\n|{Sermons. Premi\u00e8re s\u00e9rie.,<a target=\"_blank\" rel=\"nofollow\" href=\"https:\/\/editionsbussiere.com\/blog\/goto\/https:\/\/fr.wikisource.org\/wiki\/Sermons._Premi%C3%A8re_s%C3%A9rie\"  target=\"_blank\" rel=\"noopener noreferrer nofollow\">L\u2019article de presse.<\/a><span><\/span>. Suite sur le prochain article.}<br \/>\n|{Sermon XCIII. Les dix vierges, ou la puret\u00e9 d\u2019intention..,<a target=\"_blank\" rel=\"nofollow\" href=\"https:\/\/editionsbussiere.com\/blog\/goto\/https:\/\/fr.wikisource.org\/wiki\/Sermon_XCIII._Les_dix_vierges,_ou_la_puret%C3%A9_d%E2%80%99intention.\"  target=\"_blank\" rel=\"noopener noreferrer nofollow\">Le post d\u2019actualit\u00e9.<\/a><span><\/span>}<br \/>\n|{Sermon LI. La double g\u00e9n\u00e9alogie de J\u00e9sus-Christ..,<a target=\"_blank\" rel=\"nofollow\" href=\"https:\/\/editionsbussiere.com\/blog\/goto\/https:\/\/fr.wikisource.org\/wiki\/Sermon_LI._La_double_g%C3%A9n%C3%A9alogie_de_J%C3%A9sus-Christ.\"  target=\"_blank\" rel=\"noopener noreferrer nofollow\">L\u2019article ICI.<\/a><span><\/span>. Suite sur le prochain article.}<br \/>\n|{Sermon CXXI. Les deux naissances..,<a target=\"_blank\" rel=\"nofollow\" href=\"https:\/\/editionsbussiere.com\/blog\/goto\/https:\/\/fr.wikisource.org\/wiki\/Sermon_CXXI._Les_deux_naissances.\"  target=\"_blank\" rel=\"noopener noreferrer nofollow\">Le texte de l\u2019article.<\/a><span><\/span>. Suite sur le prochain article.}<br \/>\n|{Savoir aimer\/Race future.,<a target=\"_blank\" rel=\"nofollow\" href=\"https:\/\/editionsbussiere.com\/blog\/goto\/https:\/\/fr.wikisource.org\/wiki\/Savoir_aimer\/Race_future\"  target=\"_blank\" rel=\"noopener noreferrer nofollow\">Ici.<\/a><span><\/span>. Suite sur le prochain article.}<br \/>\n|{Savoir aimer\/Les Mains.,<a target=\"_blank\" rel=\"nofollow\" href=\"https:\/\/editionsbussiere.com\/blog\/goto\/https:\/\/fr.wikisource.org\/wiki\/Savoir_aimer\/Les_Mains\"  target=\"_blank\" rel=\"noopener noreferrer nofollow\">Le texte de l\u2019article.<\/a><span><\/span>. Suite sur le prochain article.}<br \/>\n|{Savoir aimer\/Les Mains.,<a target=\"_blank\" rel=\"nofollow\" href=\"https:\/\/editionsbussiere.com\/blog\/goto\/https:\/\/fr.wikisource.org\/wiki\/Savoir_aimer\/Les_Mains\"  target=\"_blank\" rel=\"noopener noreferrer nofollow\">Cliquer ICI.<\/a><span><\/span>. Suite sur le prochain article.}<br \/>\n|{Savoir aimer\/Cantique \u00e0 la reine.,<a target=\"_blank\" rel=\"nofollow\" href=\"https:\/\/editionsbussiere.com\/blog\/goto\/https:\/\/fr.wikisource.org\/wiki\/Savoir_aimer\/Cantique_%C3%A0_la_reine\"  target=\"_blank\" rel=\"noopener noreferrer nofollow\">A lire ici.<\/a><span><\/span>}<br \/>\n|{Savoir aimer\/Aimez !.,<a target=\"_blank\" rel=\"nofollow\" href=\"https:\/\/editionsbussiere.com\/blog\/goto\/https:\/\/fr.wikisource.org\/wiki\/Savoir_aimer\/Aimez_!\"  target=\"_blank\" rel=\"noopener noreferrer nofollow\">A lire ici.<\/a><span><\/span>. Suite sur le prochain article.}<br \/>\n|{Sapho (1903)\/Fragments.,<a target=\"_blank\" rel=\"nofollow\" href=\"https:\/\/editionsbussiere.com\/blog\/goto\/https:\/\/fr.wikisource.org\/wiki\/Sapho_(1903)\/Fragments\"  target=\"_blank\" rel=\"noopener noreferrer nofollow\">A lire ici.<\/a><span><\/span>}<br \/>\n|{Salutation \u00e0 la bienheureuse Vierge.,<a target=\"_blank\" rel=\"nofollow\" href=\"https:\/\/editionsbussiere.com\/blog\/goto\/https:\/\/fr.wikisource.org\/wiki\/Salutation_%C3%A0_la_bienheureuse_Vierge\"  target=\"_blank\" rel=\"noopener noreferrer nofollow\">Article complet.<\/a><span><\/span>. Suite sur le prochain article.}<br \/>\n|{Salutation \u00e0 la bienheureuse Vierge.,<a target=\"_blank\" rel=\"nofollow\" href=\"https:\/\/editionsbussiere.com\/blog\/goto\/https:\/\/fr.wikisource.org\/wiki\/Salutation_%C3%A0_la_bienheureuse_Vierge\"  target=\"_blank\" rel=\"noopener noreferrer nofollow\">Le dossier.<\/a><span><\/span>. Suite sur le prochain article.}<br \/>\n|{Sainte Parasc\u00e8ve.,<a target=\"_blank\" rel=\"nofollow\" href=\"https:\/\/editionsbussiere.com\/blog\/goto\/https:\/\/fr.wikisource.org\/wiki\/Sainte_Parasc%C3%A8ve\"  target=\"_blank\" rel=\"noopener noreferrer nofollow\">A lire ici.<\/a><span><\/span>. Suite sur le prochain article.}<br \/>\n|{Sainte Lydwine de Schiedam\/Chapitre XIII.,<a target=\"_blank\" rel=\"nofollow\" href=\"https:\/\/editionsbussiere.com\/blog\/goto\/https:\/\/fr.wikisource.org\/wiki\/Sainte_Lydwine_de_Schiedam\/Chapitre_XIII\"  target=\"_blank\" rel=\"noopener noreferrer nofollow\">A lire ici.<\/a><span><\/span>}<br \/>\n|{Sainte Lydwine de Schiedam\/Chapitre X.,<a target=\"_blank\" rel=\"nofollow\" href=\"https:\/\/editionsbussiere.com\/blog\/goto\/https:\/\/fr.wikisource.org\/wiki\/Sainte_Lydwine_de_Schiedam\/Chapitre_X\"  target=\"_blank\" rel=\"noopener noreferrer nofollow\">Le texte de l\u2019article.<\/a><span><\/span>}<br \/>\n|{Sainte Lydwine de Schiedam\/Appendice.,<a target=\"_blank\" rel=\"nofollow\" href=\"https:\/\/editionsbussiere.com\/blog\/goto\/https:\/\/fr.wikisource.org\/wiki\/Sainte_Lydwine_de_Schiedam\/Appendice\"  target=\"_blank\" rel=\"noopener noreferrer nofollow\">Le texte de l\u2019article.<\/a><span><\/span>}<br \/>\n|{Saint Jean-Baptiste\/2.,<a target=\"_blank\" rel=\"nofollow\" href=\"https:\/\/editionsbussiere.com\/blog\/goto\/https:\/\/fr.wikisource.org\/wiki\/Saint_Jean-Baptiste\/2\"  target=\"_blank\" rel=\"noopener noreferrer nofollow\">A lire ici.<\/a><span><\/span>}<br \/>\n|{Saint Georges (Verhaeren).,<a target=\"_blank\" rel=\"nofollow\" href=\"https:\/\/editionsbussiere.com\/blog\/goto\/https:\/\/fr.wikisource.org\/wiki\/Saint_Georges_(Verhaeren)\"  target=\"_blank\" rel=\"noopener noreferrer nofollow\">Le dossier.<\/a><span><\/span>. Suite sur le prochain article.}<br \/>\n|{Sagesse (1902)\/\u00ab La mer est plus belle \u00bb.,<a target=\"_blank\" rel=\"nofollow\" href=\"https:\/\/editionsbussiere.com\/blog\/goto\/https:\/\/fr.wikisource.org\/wiki\/Sagesse_(1902)\/%C2%AB_La_mer_est_plus_belle_%C2%BB\"  target=\"_blank\" rel=\"noopener noreferrer nofollow\">Cliquer ICI.<\/a><span><\/span>. Suite sur le prochain article.}<br \/>\n|{Sagesse (1893)\/La mer est plus belle.,<a target=\"_blank\" rel=\"nofollow\" href=\"https:\/\/editionsbussiere.com\/blog\/goto\/https:\/\/fr.wikisource.org\/wiki\/Sagesse_(1893)\/La_mer_est_plus_belle\"  target=\"_blank\" rel=\"noopener noreferrer nofollow\">L\u2019article de presse.<\/a><span><\/span>}<br \/>\n|{S\u00e9bastopol\/2\/Chapitre6.,<a target=\"_blank\" rel=\"nofollow\" href=\"https:\/\/editionsbussiere.com\/blog\/goto\/https:\/\/fr.wikisource.org\/wiki\/S%C3%A9bastopol\/2\/Chapitre6\"  target=\"_blank\" rel=\"noopener noreferrer nofollow\">Article complet.<\/a><span><\/span>}<br \/>\n|{Rutebeuf \u2013 Oeuvres compl\u00e8tes, 1839\/C\u2019est de Nostre-Dame.,<a target=\"_blank\" rel=\"nofollow\" href=\"https:\/\/editionsbussiere.com\/blog\/goto\/https:\/\/fr.wikisource.org\/wiki\/Rutebeuf_-_Oeuvres_compl%C3%A8tes,_1839\/C%E2%80%99est_de_Nostre-Dame\"  target=\"_blank\" rel=\"noopener noreferrer nofollow\">Le dossier.<\/a><span><\/span>}<br \/>\n|{Rutebeuf \u2013 \u0152uvres compl\u00e8tes, 1839\/La mort Rustebeuf.,<a target=\"_blank\" rel=\"nofollow\" href=\"https:\/\/editionsbussiere.com\/blog\/goto\/https:\/\/fr.wikisource.org\/wiki\/Rutebeuf_-_%C5%92uvres_compl%C3%A8tes,_1839\/La_mort_Rustebeuf\"  target=\"_blank\" rel=\"noopener noreferrer nofollow\">Article complet.<\/a><span><\/span>}<br \/>\n|{Rosa Mystica (Turquety).,<a target=\"_blank\" rel=\"nofollow\" href=\"https:\/\/editionsbussiere.com\/blog\/goto\/https:\/\/fr.wikisource.org\/wiki\/Rosa_Mystica_(Turquety)\"  target=\"_blank\" rel=\"noopener noreferrer nofollow\">Ici.<\/a><span><\/span>}<br \/>\n|{Rosa Mystica (Turquety).,<a target=\"_blank\" rel=\"nofollow\" href=\"https:\/\/editionsbussiere.com\/blog\/goto\/https:\/\/fr.wikisource.org\/wiki\/Rosa_Mystica_(Turquety)\"  target=\"_blank\" rel=\"noopener noreferrer nofollow\">Le texte de l\u2019article.<\/a><span><\/span>}<br \/>\n|{Rhedonensi in Urbe.,<a target=\"_blank\" rel=\"nofollow\" href=\"https:\/\/editionsbussiere.com\/blog\/goto\/https:\/\/fr.wikisource.org\/wiki\/Rhedonensi_in_Urbe\"  target=\"_blank\" rel=\"noopener noreferrer nofollow\">L\u2019article ICI.<\/a><span><\/span>}<br \/>\n|{Revues \u00e9trang\u00e8res \u2013 L\u2019Ame siennoise.,<a target=\"_blank\" rel=\"nofollow\" href=\"https:\/\/editionsbussiere.com\/blog\/goto\/https:\/\/fr.wikisource.org\/wiki\/Revues_%C3%A9trang%C3%A8res_-_L%E2%80%99Ame_siennoise\"  target=\"_blank\" rel=\"noopener noreferrer nofollow\">L\u2019article de presse.<\/a><span><\/span>}<br \/>\n|{Revues \u00e9trang\u00e8res \u2013 L\u2019Ame siennoise.,<a target=\"_blank\" rel=\"nofollow\" href=\"https:\/\/editionsbussiere.com\/blog\/goto\/https:\/\/fr.wikisource.org\/wiki\/Revues_%C3%A9trang%C3%A8res_-_L%E2%80%99Ame_siennoise\"  target=\"_blank\" rel=\"noopener noreferrer nofollow\">Cliquer ICI.<\/a><span><\/span>}<br \/>\n|{Revue musicale \u2013 31 mai 1895.,<a target=\"_blank\" rel=\"nofollow\" href=\"https:\/\/editionsbussiere.com\/blog\/goto\/https:\/\/fr.wikisource.org\/wiki\/Revue_musicale_-_31_mai_1895\"  target=\"_blank\" rel=\"noopener noreferrer nofollow\">Le post d\u2019actualit\u00e9.<\/a><span><\/span>}<br \/>\n|{Revue des Romans\/X.-B. Saintine.,<a target=\"_blank\" rel=\"nofollow\" href=\"https:\/\/editionsbussiere.com\/blog\/goto\/https:\/\/fr.wikisource.org\/wiki\/Revue_des_Romans\/X.-B._Saintine\"  target=\"_blank\" rel=\"noopener noreferrer nofollow\">Cliquer ICI.<\/a><span><\/span>}<br \/>\n|{Renaissance (Gilkin).,<a target=\"_blank\" rel=\"nofollow\" href=\"https:\/\/editionsbussiere.com\/blog\/goto\/https:\/\/fr.wikisource.org\/wiki\/Renaissance_(Gilkin)\"  target=\"_blank\" rel=\"noopener noreferrer nofollow\">Le texte de l\u2019article.<\/a><span><\/span>. Suite sur le prochain article.}<br \/>\n|{Raz de Sein\/01.,<a target=\"_blank\" rel=\"nofollow\" href=\"https:\/\/editionsbussiere.com\/blog\/goto\/https:\/\/fr.wikisource.org\/wiki\/Raz_de_Sein\/01\"  target=\"_blank\" rel=\"noopener noreferrer nofollow\">Le dossier.<\/a><span><\/span>. Suite sur le prochain article.}<br \/>\n|{Rayons perdus (1869)\/Pri\u00e8re.,<a target=\"_blank\" rel=\"nofollow\" href=\"https:\/\/editionsbussiere.com\/blog\/goto\/https:\/\/fr.wikisource.org\/wiki\/Rayons_perdus_(1869)\/Pri%C3%A8re\"  target=\"_blank\" rel=\"noopener noreferrer nofollow\">Le texte de l\u2019article.<\/a><span><\/span>. Suite sur le prochain article.}<br \/>\n|{Rational (Durand de Mende)\/Volume 5\/Septi\u00e8me livre\/Chapitre 48.,<a target=\"_blank\" rel=\"nofollow\" href=\"https:\/\/editionsbussiere.com\/blog\/goto\/https:\/\/fr.wikisource.org\/wiki\/Rational_(Durand_de_Mende)\/Volume_5\/Septi%C3%A8me_livre\/Chapitre_48\"  target=\"_blank\" rel=\"noopener noreferrer nofollow\">A lire ici.<\/a><span><\/span>}<br \/>\n|{Rational (Durand de Mende)\/Volume 5\/Septi\u00e8me livre\/Chapitre 47.,<a target=\"_blank\" rel=\"nofollow\" href=\"https:\/\/editionsbussiere.com\/blog\/goto\/https:\/\/fr.wikisource.org\/wiki\/Rational_(Durand_de_Mende)\/Volume_5\/Septi%C3%A8me_livre\/Chapitre_47\"  target=\"_blank\" rel=\"noopener noreferrer nofollow\">Le dossier.<\/a><span><\/span>. Suite sur le prochain article.}<br \/>\n|{Rational (Durand de Mende)\/Volume 5\/Septi\u00e8me livre\/Chapitre 34.,<a target=\"_blank\" rel=\"nofollow\" href=\"https:\/\/editionsbussiere.com\/blog\/goto\/https:\/\/fr.wikisource.org\/wiki\/Rational_(Durand_de_Mende)\/Volume_5\/Septi%C3%A8me_livre\/Chapitre_34\"  target=\"_blank\" rel=\"noopener noreferrer nofollow\">Article complet.<\/a><span><\/span>}<br \/>\n|{Rational (Durand de Mende)\/Volume 5\/Septi\u00e8me livre\/Chapitre 34.,<a target=\"_blank\" rel=\"nofollow\" href=\"https:\/\/editionsbussiere.com\/blog\/goto\/https:\/\/fr.wikisource.org\/wiki\/Rational_(Durand_de_Mende)\/Volume_5\/Septi%C3%A8me_livre\/Chapitre_34\"  target=\"_blank\" rel=\"noopener noreferrer nofollow\">L\u2019article de presse.<\/a><span><\/span>. Suite sur le prochain article.}<br \/>\n|{Rational (Durand de Mende)\/Volume 5\/Septi\u00e8me livre\/Chapitre 28.,<a target=\"_blank\" rel=\"nofollow\" href=\"https:\/\/editionsbussiere.com\/blog\/goto\/https:\/\/fr.wikisource.org\/wiki\/Rational_(Durand_de_Mende)\/Volume_5\/Septi%C3%A8me_livre\/Chapitre_28\"  target=\"_blank\" rel=\"noopener noreferrer nofollow\">Ici.<\/a><span><\/span>}<br \/>\n|{Rational (Durand de Mende)\/Volume 5\/Septi\u00e8me livre\/Chapitre 25.,<a target=\"_blank\" rel=\"nofollow\" href=\"https:\/\/editionsbussiere.com\/blog\/goto\/https:\/\/fr.wikisource.org\/wiki\/Rational_(Durand_de_Mende)\/Volume_5\/Septi%C3%A8me_livre\/Chapitre_25\"  target=\"_blank\" rel=\"noopener noreferrer nofollow\">Article complet.<\/a><span><\/span>. Suite sur le prochain article.}<br \/>\n|{Rational (Durand de Mende)\/Volume 5\/Septi\u00e8me livre\/Chapitre 24.,<a target=\"_blank\" rel=\"nofollow\" href=\"https:\/\/editionsbussiere.com\/blog\/goto\/https:\/\/fr.wikisource.org\/wiki\/Rational_(Durand_de_Mende)\/Volume_5\/Septi%C3%A8me_livre\/Chapitre_24\"  target=\"_blank\" rel=\"noopener noreferrer nofollow\">A lire ici.<\/a><span><\/span>}<br \/>\n|{Rational (Durand de Mende)\/Volume 5\/Septi\u00e8me livre\/Chapitre 10.,<a target=\"_blank\" rel=\"nofollow\" href=\"https:\/\/editionsbussiere.com\/blog\/goto\/https:\/\/fr.wikisource.org\/wiki\/Rational_(Durand_de_Mende)\/Volume_5\/Septi%C3%A8me_livre\/Chapitre_10\"  target=\"_blank\" rel=\"noopener noreferrer nofollow\">Le texte de l\u2019article.<\/a><span><\/span>. Suite sur le prochain article.}<br \/>\n|{Rational (Durand de Mende)\/Volume 5\/Septi\u00e8me livre\/Chapitre 09.,<a target=\"_blank\" rel=\"nofollow\" href=\"https:\/\/editionsbussiere.com\/blog\/goto\/https:\/\/fr.wikisource.org\/wiki\/Rational_(Durand_de_Mende)\/Volume_5\/Septi%C3%A8me_livre\/Chapitre_09\"  target=\"_blank\" rel=\"noopener noreferrer nofollow\">Cliquer ICI.<\/a><span><\/span>}<br \/>\n|{Rational (Durand de Mende)\/Volume 5\/Septi\u00e8me livre\/Chapitre 07.,<a target=\"_blank\" rel=\"nofollow\" href=\"https:\/\/editionsbussiere.com\/blog\/goto\/https:\/\/fr.wikisource.org\/wiki\/Rational_(Durand_de_Mende)\/Volume_5\/Septi%C3%A8me_livre\/Chapitre_07\"  target=\"_blank\" rel=\"noopener noreferrer nofollow\">A lire ici.<\/a><span><\/span>}<br \/>\n|{Rational (Durand de Mende)\/Volume 2\/Quatri\u00e8me livre\/Chapitre 38.,<a target=\"_blank\" rel=\"nofollow\" href=\"https:\/\/editionsbussiere.com\/blog\/goto\/https:\/\/fr.wikisource.org\/wiki\/Rational_(Durand_de_Mende)\/Volume_2\/Quatri%C3%A8me_livre\/Chapitre_38\"  target=\"_blank\" rel=\"noopener noreferrer nofollow\">L\u2019article de presse.<\/a><span><\/span>. Suite sur le prochain article.}<br \/>\n|{Rational (Durand de Mende)\/Volume 2\/Quatri\u00e8me livre\/Chapitre 38.,<a target=\"_blank\" rel=\"nofollow\" href=\"https:\/\/editionsbussiere.com\/blog\/goto\/https:\/\/fr.wikisource.org\/wiki\/Rational_(Durand_de_Mende)\/Volume_2\/Quatri%C3%A8me_livre\/Chapitre_38\"  target=\"_blank\" rel=\"noopener noreferrer nofollow\">Article complet.<\/a><span><\/span>}<br \/>\n|{Rational (Durand de Mende)\/Volume 2\/Quatri\u00e8me livre\/Chapitre 10.,<a target=\"_blank\" rel=\"nofollow\" href=\"https:\/\/editionsbussiere.com\/blog\/goto\/https:\/\/fr.wikisource.org\/wiki\/Rational_(Durand_de_Mende)\/Volume_2\/Quatri%C3%A8me_livre\/Chapitre_10\"  target=\"_blank\" rel=\"noopener noreferrer nofollow\">L\u2019article de presse.<\/a><span><\/span>. Suite sur le prochain article.}<br \/>\n|{Rational (Durand de Mende)\/Volume 2\/Cinqui\u00e8me livre\/Chapitre 09.,<a target=\"_blank\" rel=\"nofollow\" href=\"https:\/\/editionsbussiere.com\/blog\/goto\/https:\/\/fr.wikisource.org\/wiki\/Rational_(Durand_de_Mende)\/Volume_2\/Cinqui%C3%A8me_livre\/Chapitre_09\"  target=\"_blank\" rel=\"noopener noreferrer nofollow\">L\u2019article ICI.<\/a><span><\/span>}<br \/>\n|{Rational (Durand de Mende)\/Volume 2\/Cinqui\u00e8me livre\/Chapitre 09.,<a target=\"_blank\" rel=\"nofollow\" href=\"https:\/\/editionsbussiere.com\/blog\/goto\/https:\/\/fr.wikisource.org\/wiki\/Rational_(Durand_de_Mende)\/Volume_2\/Cinqui%C3%A8me_livre\/Chapitre_09\"  target=\"_blank\" rel=\"noopener noreferrer nofollow\">Le texte de l\u2019article.<\/a><span><\/span>. Suite sur le prochain article.}<br \/>\n|{Rational (Durand de Mende)\/Volume 2\/Cinqui\u00e8me livre\/Chapitre 01.,<a target=\"_blank\" rel=\"nofollow\" href=\"https:\/\/editionsbussiere.com\/blog\/goto\/https:\/\/fr.wikisource.org\/wiki\/Rational_(Durand_de_Mende)\/Volume_2\/Cinqui%C3%A8me_livre\/Chapitre_01\"  target=\"_blank\" rel=\"noopener noreferrer nofollow\">Le post d\u2019actualit\u00e9.<\/a><span><\/span>}<br \/>\n|{Rational (Durand de Mende)\/Volume 1\/Troisi\u00e8me livre\/Chapitre 18.,<a target=\"_blank\" rel=\"nofollow\" href=\"https:\/\/editionsbussiere.com\/blog\/goto\/https:\/\/fr.wikisource.org\/wiki\/Rational_(Durand_de_Mende)\/Volume_1\/Troisi%C3%A8me_livre\/Chapitre_18\"  target=\"_blank\" rel=\"noopener noreferrer nofollow\">Article complet.<\/a><span><\/span>}<br \/>\n|{Rational (Durand de Mende)\/Volume 1\/Premier livre\/Chapitre 09.,<a target=\"_blank\" rel=\"nofollow\" href=\"https:\/\/editionsbussiere.com\/blog\/goto\/https:\/\/fr.wikisource.org\/wiki\/Rational_(Durand_de_Mende)\/Volume_1\/Premier_livre\/Chapitre_09\"  target=\"_blank\" rel=\"noopener noreferrer nofollow\">Le post d\u2019actualit\u00e9.<\/a><span><\/span>}<br \/>\n|{Rational (Durand de Mende)\/Compendium.,<a target=\"_blank\" rel=\"nofollow\" href=\"https:\/\/editionsbussiere.com\/blog\/goto\/https:\/\/fr.wikisource.org\/wiki\/Rational_(Durand_de_Mende)\/Compendium\"  target=\"_blank\" rel=\"noopener noreferrer nofollow\">Cliquer ICI.<\/a><span><\/span>}<br \/>\n|{Rational (Durand de Mende).,<a target=\"_blank\" rel=\"nofollow\" href=\"https:\/\/editionsbussiere.com\/blog\/goto\/https:\/\/fr.wikisource.org\/wiki\/Rational_(Durand_de_Mende)\"  target=\"_blank\" rel=\"noopener noreferrer nofollow\">L\u2019article ICI.<\/a><span><\/span>}<br \/>\n|{R\u00eaveries d\u2019un pa\u00efen mystique\/Panth\u00e9on.,<a target=\"_blank\" rel=\"nofollow\" href=\"https:\/\/editionsbussiere.com\/blog\/goto\/https:\/\/fr.wikisource.org\/wiki\/R%C3%AAveries_d%E2%80%99un_pa%C3%AFen_mystique\/Panth%C3%A9on\"  target=\"_blank\" rel=\"noopener noreferrer nofollow\">Le post d\u2019actualit\u00e9.<\/a><span><\/span>}<br \/>\n|{R\u00eave indien (La Jeune Belgique T2).,<a target=\"_blank\" rel=\"nofollow\" href=\"https:\/\/editionsbussiere.com\/blog\/goto\/https:\/\/fr.wikisource.org\/wiki\/R%C3%AAve_indien_(La_Jeune_Belgique_T2)\"  target=\"_blank\" rel=\"noopener noreferrer nofollow\">L\u2019article ICI.<\/a><span><\/span>}<br \/>\n|{R\u00e9surrection (trad. Bienstock)\/Partie I\/Chapitre 39.,<a target=\"_blank\" rel=\"nofollow\" href=\"https:\/\/editionsbussiere.com\/blog\/goto\/https:\/\/fr.wikisource.org\/wiki\/R%C3%A9surrection_(trad._Bienstock)\/Partie_I\/Chapitre_39\"  target=\"_blank\" rel=\"noopener noreferrer nofollow\">Le dossier.<\/a><span><\/span>}<br \/>\n|{R\u00e9surrection (trad. Bienstock)\/Partie I\/Chapitre 39.,<a target=\"_blank\" rel=\"nofollow\" href=\"https:\/\/editionsbussiere.com\/blog\/goto\/https:\/\/fr.wikisource.org\/wiki\/R%C3%A9surrection_(trad._Bienstock)\/Partie_I\/Chapitre_39\"  target=\"_blank\" rel=\"noopener noreferrer nofollow\">Article complet.<\/a><span><\/span>}<br \/>\n|{R\u00e9pertoire national\/Vol 1\/La Pauvre Famille.,<a target=\"_blank\" rel=\"nofollow\" href=\"https:\/\/editionsbussiere.com\/blog\/goto\/https:\/\/fr.wikisource.org\/wiki\/R%C3%A9pertoire_national\/Vol_1\/La_Pauvre_Famille\"  target=\"_blank\" rel=\"noopener noreferrer nofollow\">L\u2019article de presse.<\/a><span><\/span>}<br \/>\n|{R\u00e9demption (Copp\u00e9e).,<a target=\"_blank\" rel=\"nofollow\" href=\"https:\/\/editionsbussiere.com\/blog\/goto\/https:\/\/fr.wikisource.org\/wiki\/R%C3%A9demption_(Copp%C3%A9e)\"  target=\"_blank\" rel=\"noopener noreferrer nofollow\">Le dossier.<\/a><span><\/span>}<br \/>\n|{R\u00e9dalga\/02.,<a target=\"_blank\" rel=\"nofollow\" href=\"https:\/\/editionsbussiere.com\/blog\/goto\/https:\/\/fr.wikisource.org\/wiki\/R%C3%A9dalga\/02\"  target=\"_blank\" rel=\"noopener noreferrer nofollow\">A lire ici.<\/a><span><\/span>}<br \/>\n|{R\u00e9cits laurentiens\/Le rosier de la vierge.,<a target=\"_blank\" rel=\"nofollow\" href=\"https:\/\/editionsbussiere.com\/blog\/goto\/https:\/\/fr.wikisource.org\/wiki\/R%C3%A9cits_laurentiens\/Le_rosier_de_la_vierge\"  target=\"_blank\" rel=\"noopener noreferrer nofollow\">L\u2019article de presse.<\/a><span><\/span>}<br \/>\n|{R\u00e9cits laurentiens\/Le rosier de la vierge.,<a target=\"_blank\" rel=\"nofollow\" href=\"https:\/\/editionsbussiere.com\/blog\/goto\/https:\/\/fr.wikisource.org\/wiki\/R%C3%A9cits_laurentiens\/Le_rosier_de_la_vierge\"  target=\"_blank\" rel=\"noopener noreferrer nofollow\">A lire ici.<\/a><span><\/span>. Suite sur le prochain article.}<br \/>\n|{R\u00e9cits laurentiens.,<a target=\"_blank\" rel=\"nofollow\" href=\"https:\/\/editionsbussiere.com\/blog\/goto\/https:\/\/fr.wikisource.org\/wiki\/R%C3%A9cits_laurentiens\"  target=\"_blank\" rel=\"noopener noreferrer nofollow\">Le dossier.<\/a><span><\/span>}<br \/>\n|{R\u00e9cits de voyages d\u2019un Arabe.,<a target=\"_blank\" rel=\"nofollow\" href=\"https:\/\/editionsbussiere.com\/blog\/goto\/https:\/\/fr.wikisource.org\/wiki\/R%C3%A9cits_de_voyages_d%E2%80%99un_Arabe\"  target=\"_blank\" rel=\"noopener noreferrer nofollow\">Article complet.<\/a><span><\/span>. Suite sur le prochain article.}<br \/>\n|{Quo vadis\/Chapitre LXVI.,<a target=\"_blank\" rel=\"nofollow\" href=\"https:\/\/editionsbussiere.com\/blog\/goto\/https:\/\/fr.wikisource.org\/wiki\/Quo_vadis\/Chapitre_LXVI\"  target=\"_blank\" rel=\"noopener noreferrer nofollow\">Le post d\u2019actualit\u00e9.<\/a><span><\/span>. Suite sur le prochain article.}<br \/>\n|{Questions d\u2019art et de litt\u00e9rature\/26.,<a target=\"_blank\" rel=\"nofollow\" href=\"https:\/\/editionsbussiere.com\/blog\/goto\/https:\/\/fr.wikisource.org\/wiki\/Questions_d%E2%80%99art_et_de_litt%C3%A9rature\/26\"  target=\"_blank\" rel=\"noopener noreferrer nofollow\">A lire ici.<\/a><span><\/span>}<br \/>\n|{Quelques \u00e9pis d\u2019une gerbe\/Ici-bas et la-haut.,<a target=\"_blank\" rel=\"nofollow\" href=\"https:\/\/editionsbussiere.com\/blog\/goto\/https:\/\/fr.wikisource.org\/wiki\/Quelques_%C3%A9pis_d%27une_gerbe\/Ici-bas_et_la-haut\"  target=\"_blank\" rel=\"noopener noreferrer nofollow\">Le post d\u2019actualit\u00e9.<\/a><span><\/span>}<br \/>\n|{Quatre-vingt-un Chapitres sur l\u2019esprit et les passions\/Livre VII\/Chapitre 5.,<a target=\"_blank\" rel=\"nofollow\" href=\"https:\/\/editionsbussiere.com\/blog\/goto\/https:\/\/fr.wikisource.org\/wiki\/Quatre-vingt-un_Chapitres_sur_l%E2%80%99esprit_et_les_passions\/Livre_VII\/Chapitre_5\"  target=\"_blank\" rel=\"noopener noreferrer nofollow\">Le dossier.<\/a><span><\/span>}<br \/>\n|{Quatorze pri\u00e8res\/Pri\u00e8re pour se recueillir.,<a target=\"_blank\" rel=\"nofollow\" href=\"https:\/\/editionsbussiere.com\/blog\/goto\/https:\/\/fr.wikisource.org\/wiki\/Quatorze_pri%C3%A8res\/Pri%C3%A8re_pour_se_recueillir\"  target=\"_blank\" rel=\"noopener noreferrer nofollow\">Ici.<\/a><span><\/span>}<br \/>\n|{Quatorze pri\u00e8res\/Pri\u00e8re pour offrir \u00e0 Dieu de simples paroles.,<a target=\"_blank\" rel=\"nofollow\" href=\"https:\/\/editionsbussiere.com\/blog\/goto\/https:\/\/fr.wikisource.org\/wiki\/Quatorze_pri%C3%A8res\/Pri%C3%A8re_pour_offrir_%C3%A0_Dieu_de_simples_paroles\"  target=\"_blank\" rel=\"noopener noreferrer nofollow\">L\u2019article de presse.<\/a><span><\/span>. Suite sur le prochain article.}<br \/>\n|{Quand j\u2019\u00e9tais chez mon p\u00e8re.,<a target=\"_blank\" rel=\"nofollow\" href=\"https:\/\/editionsbussiere.com\/blog\/goto\/https:\/\/fr.wikisource.org\/wiki\/Quand_j%E2%80%99%C3%A9tais_chez_mon_p%C3%A8re\"  target=\"_blank\" rel=\"noopener noreferrer nofollow\">Le texte de l\u2019article.<\/a><span><\/span>}<br \/>\n|{Pygmalion (M\u00e9nard).,<a target=\"_blank\" rel=\"nofollow\" href=\"https:\/\/editionsbussiere.com\/blog\/goto\/https:\/\/fr.wikisource.org\/wiki\/Pygmalion_(M%C3%A9nard)\"  target=\"_blank\" rel=\"noopener noreferrer nofollow\">L\u2019article de presse.<\/a><span><\/span>}<br \/>\n|{Psych\u00e9 (Laprade)\/Invocation.,<a target=\"_blank\" rel=\"nofollow\" href=\"https:\/\/editionsbussiere.com\/blog\/goto\/https:\/\/fr.wikisource.org\/wiki\/Psych%C3%A9_(Laprade)\/Invocation\"  target=\"_blank\" rel=\"noopener noreferrer nofollow\">A lire ici.<\/a><span><\/span>}<br \/>\n|{Prieres et Instructions Chr\u00e9tiennes, dans lesquelles se trouve renferm\u00e9 tout ce que la Religion veut que nous croyions, que nous pratiquions, et que nous demandions. Avec les Offices de l\u2019\u00c9glise \u00e0 l\u2019Usage de Rome et de Paris.,<a target=\"_blank\" rel=\"nofollow\" href=\"https:\/\/editionsbussiere.com\/blog\/goto\/https:\/\/fr.wikisource.org\/wiki\/Prieres_et_Instructions_Chr%C3%A9tiennes,_dans_lesquelles_se_trouve_renferm%C3%A9_tout_ce_que_la_Religion_veut_que_nous_croyions,_que_nous_pratiquions,_et_que_nous_demandions._Avec_les_Offices_de_l%E2%80%99%C3%89glise_%C3%A0_l%E2%80%99Usage_de_Rome_et_de_Paris\"  target=\"_blank\" rel=\"noopener noreferrer nofollow\">Cliquer ICI.<\/a><span><\/span>}<br \/>\n|{Pri\u00e8res pendant la Sainte Messe.,<a target=\"_blank\" rel=\"nofollow\" href=\"https:\/\/editionsbussiere.com\/blog\/goto\/https:\/\/fr.wikisource.org\/wiki\/Pri%C3%A8res_pendant_la_Sainte_Messe\"  target=\"_blank\" rel=\"noopener noreferrer nofollow\">Article complet.<\/a><span><\/span>}<br \/>\n|{Pri\u00e8res et pens\u00e9es chr\u00e9tiennes\/Texte entier.,<a target=\"_blank\" rel=\"nofollow\" href=\"https:\/\/editionsbussiere.com\/blog\/goto\/https:\/\/fr.wikisource.org\/wiki\/Pri%C3%A8res_et_pens%C3%A9es_chr%C3%A9tiennes\/Texte_entier\"  target=\"_blank\" rel=\"noopener noreferrer nofollow\">Cliquer ICI.<\/a><span><\/span>}<br \/>\n|{Pri\u00e8res et pens\u00e9es chr\u00e9tiennes\/Introduction.,<a target=\"_blank\" rel=\"nofollow\" href=\"https:\/\/editionsbussiere.com\/blog\/goto\/https:\/\/fr.wikisource.org\/wiki\/Pri%C3%A8res_et_pens%C3%A9es_chr%C3%A9tiennes\/Introduction\"  target=\"_blank\" rel=\"noopener noreferrer nofollow\">Le texte de l\u2019article.<\/a><span><\/span>}<br \/>\n|{Pri\u00e8res et pens\u00e9es chr\u00e9tiennes\/Chapitre IV.,<a target=\"_blank\" rel=\"nofollow\" href=\"https:\/\/editionsbussiere.com\/blog\/goto\/https:\/\/fr.wikisource.org\/wiki\/Pri%C3%A8res_et_pens%C3%A9es_chr%C3%A9tiennes\/Chapitre_IV\"  target=\"_blank\" rel=\"noopener noreferrer nofollow\">L\u2019article ICI.<\/a><span><\/span>. Suite sur le prochain article.}<br \/>\n|{Pri\u00e8res et pens\u00e9es chr\u00e9tiennes\/Chapitre III.,<a target=\"_blank\" rel=\"nofollow\" href=\"https:\/\/editionsbussiere.com\/blog\/goto\/https:\/\/fr.wikisource.org\/wiki\/Pri%C3%A8res_et_pens%C3%A9es_chr%C3%A9tiennes\/Chapitre_III\"  target=\"_blank\" rel=\"noopener noreferrer nofollow\">A lire ici.<\/a><span><\/span>}<br \/>\n|{Pri\u00e8res et pens\u00e9es chr\u00e9tiennes\/Chapitre II.,<a target=\"_blank\" rel=\"nofollow\" href=\"https:\/\/editionsbussiere.com\/blog\/goto\/https:\/\/fr.wikisource.org\/wiki\/Pri%C3%A8res_et_pens%C3%A9es_chr%C3%A9tiennes\/Chapitre_II\"  target=\"_blank\" rel=\"noopener noreferrer nofollow\">Le texte de l\u2019article.<\/a><span><\/span>}<br \/>\n|{Pri\u00e8res et pens\u00e9es chr\u00e9tiennes\/Chapitre I.,<a target=\"_blank\" rel=\"nofollow\" href=\"https:\/\/editionsbussiere.com\/blog\/goto\/https:\/\/fr.wikisource.org\/wiki\/Pri%C3%A8res_et_pens%C3%A9es_chr%C3%A9tiennes\/Chapitre_I\"  target=\"_blank\" rel=\"noopener noreferrer nofollow\">Article complet.<\/a><span><\/span>}<br \/>\n|{Pri\u00e8res et pens\u00e9es chr\u00e9tiennes.,<a target=\"_blank\" rel=\"nofollow\" href=\"https:\/\/editionsbussiere.com\/blog\/goto\/https:\/\/fr.wikisource.org\/wiki\/Pri%C3%A8res_et_pens%C3%A9es_chr%C3%A9tiennes\"  target=\"_blank\" rel=\"noopener noreferrer nofollow\">A lire ici.<\/a><span><\/span>. Suite sur le prochain article.}<br \/>\n|{Pri\u00e8res et pens\u00e9es chr\u00e9tiennes.,<a target=\"_blank\" rel=\"nofollow\" href=\"https:\/\/editionsbussiere.com\/blog\/goto\/https:\/\/fr.wikisource.org\/wiki\/Pri%C3%A8res_et_pens%C3%A9es_chr%C3%A9tiennes\"  target=\"_blank\" rel=\"noopener noreferrer nofollow\">A lire ici.<\/a><span><\/span>. Suite sur le prochain article.}<br \/>\n|{Pri\u00e8re du matin et du soir.,<a target=\"_blank\" rel=\"nofollow\" href=\"https:\/\/editionsbussiere.com\/blog\/goto\/https:\/\/fr.wikisource.org\/wiki\/Pri%C3%A8re_du_matin_et_du_soir\"  target=\"_blank\" rel=\"noopener noreferrer nofollow\">Le dossier.<\/a><span><\/span>. Suite sur le prochain article.}<br \/>\n|{Pri\u00e8re compos\u00e9e par Estelle le lendemain de sa gu\u00e9rison miraculeuse.,<a target=\"_blank\" rel=\"nofollow\" href=\"https:\/\/editionsbussiere.com\/blog\/goto\/https:\/\/fr.wikisource.org\/wiki\/Pri%C3%A8re_compos%C3%A9e_par_Estelle_le_lendemain_de_sa_gu%C3%A9rison_miraculeuse\"  target=\"_blank\" rel=\"noopener noreferrer nofollow\">Le texte de l\u2019article.<\/a><span><\/span>}<br \/>\n|{Pri\u00e8re \u00e0 l\u2019Oc\u00e9an.,<a target=\"_blank\" rel=\"nofollow\" href=\"https:\/\/editionsbussiere.com\/blog\/goto\/https:\/\/fr.wikisource.org\/wiki\/Pri%C3%A8re_%C3%A0_l%27Oc%C3%A9an\"  target=\"_blank\" rel=\"noopener noreferrer nofollow\">Article complet.<\/a><span><\/span>}<br \/>\n|{Premier p\u00e9ch\u00e9\/40.,<a target=\"_blank\" rel=\"nofollow\" href=\"https:\/\/editionsbussiere.com\/blog\/goto\/https:\/\/fr.wikisource.org\/wiki\/Premier_p%C3%A9ch%C3%A9\/40\"  target=\"_blank\" rel=\"noopener noreferrer nofollow\">L\u2019article ICI.<\/a><span><\/span>. Suite sur le prochain article.}<br \/>\n|{Premier p\u00e9ch\u00e9\/18.,<a target=\"_blank\" rel=\"nofollow\" href=\"https:\/\/editionsbussiere.com\/blog\/goto\/https:\/\/fr.wikisource.org\/wiki\/Premier_p%C3%A9ch%C3%A9\/18\"  target=\"_blank\" rel=\"noopener noreferrer nofollow\">A lire ici.<\/a><span><\/span>}<br \/>\n|{Pour la patrie : roman du XX\u00e8 si\u00e8cle\/Chapitre XXX.,<a target=\"_blank\" rel=\"nofollow\" href=\"https:\/\/editionsbussiere.com\/blog\/goto\/https:\/\/fr.wikisource.org\/wiki\/Pour_la_patrie_:_roman_du_XX%C3%A8_si%C3%A8cle\/Chapitre_XXX\"  target=\"_blank\" rel=\"noopener noreferrer nofollow\">Le post d\u2019actualit\u00e9.<\/a><span><\/span>. Suite sur le prochain article.}<br \/>\n|{Pour l\u2019amour de Marie.,<a target=\"_blank\" rel=\"nofollow\" href=\"https:\/\/editionsbussiere.com\/blog\/goto\/https:\/\/fr.wikisource.org\/wiki\/Pour_l%E2%80%99amour_de_Marie\"  target=\"_blank\" rel=\"noopener noreferrer nofollow\">L\u2019article de presse.<\/a><span><\/span>. Suite sur le prochain article.}<br \/>\n|{Pouponne et Balthazar\/15.,<a target=\"_blank\" rel=\"nofollow\" href=\"https:\/\/editionsbussiere.com\/blog\/goto\/https:\/\/fr.wikisource.org\/wiki\/Pouponne_et_Balthazar\/15\"  target=\"_blank\" rel=\"noopener noreferrer nofollow\">Le dossier.<\/a><span><\/span>}<br \/>\n|{Po\u00e9sies de Marie de France (Roquefort)\/Notice sur les Lais.,<a target=\"_blank\" rel=\"nofollow\" href=\"https:\/\/editionsbussiere.com\/blog\/goto\/https:\/\/fr.wikisource.org\/wiki\/Po%C3%A9sies_de_Marie_de_France_(Roquefort)\/Notice_sur_les_Lais\"  target=\"_blank\" rel=\"noopener noreferrer nofollow\">A lire ici.<\/a><span><\/span>}<br \/>\n|{Po\u00e9sies de John Keats\/La Veille de la Sainte-Agn\u00e8s.,<a target=\"_blank\" rel=\"nofollow\" href=\"https:\/\/editionsbussiere.com\/blog\/goto\/https:\/\/fr.wikisource.org\/wiki\/Po%C3%A9sies_de_John_Keats\/La_Veille_de_la_Sainte-Agn%C3%A8s\"  target=\"_blank\" rel=\"noopener noreferrer nofollow\">L\u2019article ICI.<\/a><span><\/span>}<br \/>\n|{Po\u00e9sies d\u2019Humilis et vers in\u00e9dits\/Les Mains.,<a target=\"_blank\" rel=\"nofollow\" href=\"https:\/\/editionsbussiere.com\/blog\/goto\/https:\/\/fr.wikisource.org\/wiki\/Po%C3%A9sies_d%E2%80%99Humilis_et_vers_in%C3%A9dits\/Les_Mains\"  target=\"_blank\" rel=\"noopener noreferrer nofollow\">A lire ici.<\/a><span><\/span>}<br \/>\n|{Po\u00e9sies d\u2019Humilis et vers in\u00e9dits\/L\u2019Amour de l\u2019Amour.,<a target=\"_blank\" rel=\"nofollow\" href=\"https:\/\/editionsbussiere.com\/blog\/goto\/https:\/\/fr.wikisource.org\/wiki\/Po%C3%A9sies_d%E2%80%99Humilis_et_vers_in%C3%A9dits\/L%E2%80%99Amour_de_l%E2%80%99Amour\"  target=\"_blank\" rel=\"noopener noreferrer nofollow\">Ici.<\/a><span><\/span>. Suite sur le prochain article.}<br \/>\n|{Po\u00e9sies d\u2019Humilis et vers in\u00e9dits\/Couples pr\u00e9destin\u00e9s.,<a target=\"_blank\" rel=\"nofollow\" href=\"https:\/\/editionsbussiere.com\/blog\/goto\/https:\/\/fr.wikisource.org\/wiki\/Po%C3%A9sies_d%E2%80%99Humilis_et_vers_in%C3%A9dits\/Couples_pr%C3%A9destin%C3%A9s\"  target=\"_blank\" rel=\"noopener noreferrer nofollow\">L\u2019article de presse.<\/a><span><\/span>}<br \/>\n|{Po\u00e9sies d\u2019Humilis et vers in\u00e9dits\/Cantique \u00e0 la Reine.,<a target=\"_blank\" rel=\"nofollow\" href=\"https:\/\/editionsbussiere.com\/blog\/goto\/https:\/\/fr.wikisource.org\/wiki\/Po%C3%A9sies_d%E2%80%99Humilis_et_vers_in%C3%A9dits\/Cantique_%C3%A0_la_Reine\"  target=\"_blank\" rel=\"noopener noreferrer nofollow\">Cliquer ICI.<\/a><span><\/span>. Suite sur le prochain article.}<br \/>\n|{Po\u00e9sies choisies de Andr\u00e9 Ch\u00e9nier\/Derocquigny, 1907\/Le Malade.,<a target=\"_blank\" rel=\"nofollow\" href=\"https:\/\/editionsbussiere.com\/blog\/goto\/https:\/\/fr.wikisource.org\/wiki\/Po%C3%A9sies_choisies_de_Andr%C3%A9_Ch%C3%A9nier\/Derocquigny,_1907\/Le_Malade\"  target=\"_blank\" rel=\"noopener noreferrer nofollow\">Article complet.<\/a><span><\/span>. Suite sur le prochain article.}<br \/>\n|{Po\u00e9sies (Poncy)\/Vol. 1\/\u00c0 un grand ch\u00eane.,<a target=\"_blank\" rel=\"nofollow\" href=\"https:\/\/editionsbussiere.com\/blog\/goto\/https:\/\/fr.wikisource.org\/wiki\/Po%C3%A9sies_(Poncy)\/Vol._1\/%C3%80_un_grand_ch%C3%AAne\"  target=\"_blank\" rel=\"noopener noreferrer nofollow\">L\u2019article ICI.<\/a><span><\/span>. Suite sur le prochain article.}<br \/>\n|{Po\u00e9sies (Poncy)\/Vol. 1\/\u00c0 Mme de B***.,<a target=\"_blank\" rel=\"nofollow\" href=\"https:\/\/editionsbussiere.com\/blog\/goto\/https:\/\/fr.wikisource.org\/wiki\/Po%C3%A9sies_(Poncy)\/Vol._1\/%C3%80_Mme_de_B***\"  target=\"_blank\" rel=\"noopener noreferrer nofollow\">Le post d\u2019actualit\u00e9.<\/a><span><\/span>. Suite sur le prochain article.}<br \/>\n|{Po\u00e9sies (L\u00e9one Depont.,<a target=\"_blank\" rel=\"nofollow\" href=\"https:\/\/editionsbussiere.com\/blog\/goto\/https:\/\/fr.wikisource.org\/wiki\/Po%C3%A9sies_(L%C3%A9one_Depont\"  target=\"_blank\" rel=\"noopener noreferrer nofollow\">Ici.<\/a><span><\/span>. Suite sur le prochain article.}<br \/>\n|{Po\u00e9sies (Desbordes-Valmore, 1830)\/La Guirlande de Rose-Marie.,<a target=\"_blank\" rel=\"nofollow\" href=\"https:\/\/editionsbussiere.com\/blog\/goto\/https:\/\/fr.wikisource.org\/wiki\/Po%C3%A9sies_(Desbordes-Valmore,_1830)\/La_Guirlande_de_Rose-Marie\"  target=\"_blank\" rel=\"noopener noreferrer nofollow\">A lire ici.<\/a><span><\/span>}<br \/>\n|{Po\u00e9sies (1820)\/Romances\/Cl\u00e9mentine.,<a target=\"_blank\" rel=\"nofollow\" href=\"https:\/\/editionsbussiere.com\/blog\/goto\/https:\/\/fr.wikisource.org\/wiki\/Po%C3%A9sies_(1820)\/Romances\/Cl%C3%A9mentine\"  target=\"_blank\" rel=\"noopener noreferrer nofollow\">Le texte de l\u2019article.<\/a><span><\/span>}<br \/>\n|{Po\u00e9sies (\u00c9phra\u00efm Mikha\u00ebl)\/La Mort des Amazones.,<a target=\"_blank\" rel=\"nofollow\" href=\"https:\/\/editionsbussiere.com\/blog\/goto\/https:\/\/fr.wikisource.org\/wiki\/Po%C3%A9sies_(%C3%89phra%C3%AFm_Mikha%C3%ABl)\/La_Mort_des_Amazones\"  target=\"_blank\" rel=\"noopener noreferrer nofollow\">Article complet.<\/a><span><\/span>. Suite sur le prochain article.}<br \/>\n|{Po\u00e9sies (\u00c9phra\u00efm Mikha\u00ebl)\/L\u2019\u00c9trang\u00e8re.,<a target=\"_blank\" rel=\"nofollow\" href=\"https:\/\/editionsbussiere.com\/blog\/goto\/https:\/\/fr.wikisource.org\/wiki\/Po%C3%A9sies_(%C3%89phra%C3%AFm_Mikha%C3%ABl)\/L%E2%80%99%C3%89trang%C3%A8re\"  target=\"_blank\" rel=\"noopener noreferrer nofollow\">Article complet.<\/a><span><\/span>. Suite sur le prochain article.}<br \/>\n|{Po\u00e9sies\/Lemerre, 1883\/La Dryade.,<a target=\"_blank\" rel=\"nofollow\" href=\"https:\/\/editionsbussiere.com\/blog\/goto\/https:\/\/fr.wikisource.org\/wiki\/Po%C3%A9sies\/Lemerre,_1883\/La_Dryade\"  target=\"_blank\" rel=\"noopener noreferrer nofollow\">L\u2019article ICI.<\/a><span><\/span>. Suite sur le prochain article.}<br \/>\n|{Po\u00e9sie \u2013 Veill\u00e9e de No\u00ebl.,<a target=\"_blank\" rel=\"nofollow\" href=\"https:\/\/editionsbussiere.com\/blog\/goto\/https:\/\/fr.wikisource.org\/wiki\/Po%C3%A9sie_-_Veill%C3%A9e_de_No%C3%ABl\"  target=\"_blank\" rel=\"noopener noreferrer nofollow\">Article complet.<\/a><span><\/span>}<br \/>\n|{Po\u00e9sie \u2013 Les Vitraux de la cath\u00e9drale \u2013 Le Consentement d\u2019Apia.,<a target=\"_blank\" rel=\"nofollow\" href=\"https:\/\/editionsbussiere.com\/blog\/goto\/https:\/\/fr.wikisource.org\/wiki\/Po%C3%A9sie_-_Les_Vitraux_de_la_cath%C3%A9drale_-_Le_Consentement_d%27Apia\"  target=\"_blank\" rel=\"noopener noreferrer nofollow\">Le texte de l\u2019article.<\/a><span><\/span>. Suite sur le prochain article.}<br \/>\n|{Po\u00e9sie \u2013 L\u2019Annonciade.,<a target=\"_blank\" rel=\"nofollow\" href=\"https:\/\/editionsbussiere.com\/blog\/goto\/https:\/\/fr.wikisource.org\/wiki\/Po%C3%A9sie_-_L%E2%80%99Annonciade\"  target=\"_blank\" rel=\"noopener noreferrer nofollow\">Le dossier.<\/a><span><\/span>}<br \/>\n|{Po\u00e8mes et Paysages\/La Vierge des Pamplemousses.,<a target=\"_blank\" rel=\"nofollow\" href=\"https:\/\/editionsbussiere.com\/blog\/goto\/https:\/\/fr.wikisource.org\/wiki\/Po%C3%A8mes_et_Paysages\/La_Vierge_des_Pamplemousses\"  target=\"_blank\" rel=\"noopener noreferrer nofollow\">Ici.<\/a><span><\/span>. Suite sur le prochain article.}<br \/>\n|{Po\u00e8mes et Paysages\/Bonsoir.,<a target=\"_blank\" rel=\"nofollow\" href=\"https:\/\/editionsbussiere.com\/blog\/goto\/https:\/\/fr.wikisource.org\/wiki\/Po%C3%A8mes_et_Paysages\/Bonsoir\"  target=\"_blank\" rel=\"noopener noreferrer nofollow\">Ici.<\/a><span><\/span>. Suite sur le prochain article.}<br \/>\n|{Po\u00e8mes antiques\/H\u00e9l\u00e8ne.,<a target=\"_blank\" rel=\"nofollow\" href=\"https:\/\/editionsbussiere.com\/blog\/goto\/https:\/\/fr.wikisource.org\/wiki\/Po%C3%A8mes_antiques\/H%C3%A9l%C3%A8ne\"  target=\"_blank\" rel=\"noopener noreferrer nofollow\">A lire ici.<\/a><span><\/span>}<br \/>\n|{Po\u00e8mes (Canora, 1905)\/L\u00e9gende de la nuit des morts.,<a target=\"_blank\" rel=\"nofollow\" href=\"https:\/\/editionsbussiere.com\/blog\/goto\/https:\/\/fr.wikisource.org\/wiki\/Po%C3%A8mes_(Canora,_1905)\/L%C3%A9gende_de_la_nuit_des_morts\"  target=\"_blank\" rel=\"noopener noreferrer nofollow\">Le dossier.<\/a><span><\/span>}<br \/>\n|{Plik et Plok\/El Gitano\/13.,<a target=\"_blank\" rel=\"nofollow\" href=\"https:\/\/editionsbussiere.com\/blog\/goto\/https:\/\/fr.wikisource.org\/wiki\/Plik_et_Plok\/El_Gitano\/13\"  target=\"_blank\" rel=\"noopener noreferrer nofollow\">Le texte de l\u2019article.<\/a><span><\/span>}<br \/>\n|{Pleureuses\/13.,<a target=\"_blank\" rel=\"nofollow\" href=\"https:\/\/editionsbussiere.com\/blog\/goto\/https:\/\/fr.wikisource.org\/wiki\/Pleureuses\/13\"  target=\"_blank\" rel=\"noopener noreferrer nofollow\">Le post d\u2019actualit\u00e9.<\/a><span><\/span>}<br \/>\n|{Pleureuses\/11.,<a target=\"_blank\" rel=\"nofollow\" href=\"https:\/\/editionsbussiere.com\/blog\/goto\/https:\/\/fr.wikisource.org\/wiki\/Pleureuses\/11\"  target=\"_blank\" rel=\"noopener noreferrer nofollow\">Le post d\u2019actualit\u00e9.<\/a><span><\/span>}<br \/>\n|{Plan d\u2019une biblioth\u00e8que universelle\/Th\u00e9ologie.,<a target=\"_blank\" rel=\"nofollow\" href=\"https:\/\/editionsbussiere.com\/blog\/goto\/https:\/\/fr.wikisource.org\/wiki\/Plan_d%E2%80%99une_biblioth%C3%A8que_universelle\/Th%C3%A9ologie\"  target=\"_blank\" rel=\"noopener noreferrer nofollow\">Ici.<\/a><span><\/span>}<br \/>\n|{Pierre Nozi\u00e8re\/3\/04.,<a target=\"_blank\" rel=\"nofollow\" href=\"https:\/\/editionsbussiere.com\/blog\/goto\/https:\/\/fr.wikisource.org\/wiki\/Pierre_Nozi%C3%A8re\/3\/04\"  target=\"_blank\" rel=\"noopener noreferrer nofollow\">Le texte de l\u2019article.<\/a><span><\/span>. Suite sur le prochain article.}<br \/>\n|{Pierre Nozi\u00e8re\/3\/04.,<a target=\"_blank\" rel=\"nofollow\" href=\"https:\/\/editionsbussiere.com\/blog\/goto\/https:\/\/fr.wikisource.org\/wiki\/Pierre_Nozi%C3%A8re\/3\/04\"  target=\"_blank\" rel=\"noopener noreferrer nofollow\">Le post d\u2019actualit\u00e9.<\/a><span><\/span>. Suite sur le prochain article.}<br \/>\n|{Pie IX au Paradis.,<a target=\"_blank\" rel=\"nofollow\" href=\"https:\/\/editionsbussiere.com\/blog\/goto\/https:\/\/fr.wikisource.org\/wiki\/Pie_IX_au_Paradis\"  target=\"_blank\" rel=\"noopener noreferrer nofollow\">Ici.<\/a><span><\/span>. Suite sur le prochain article.}<br \/>\n|{Physionomies de saints\/Sainte Rose de Lima.,<a target=\"_blank\" rel=\"nofollow\" href=\"https:\/\/editionsbussiere.com\/blog\/goto\/https:\/\/fr.wikisource.org\/wiki\/Physionomies_de_saints\/Sainte_Rose_de_Lima\"  target=\"_blank\" rel=\"noopener noreferrer nofollow\">Cliquer ICI.<\/a><span><\/span>}<br \/>\n|{Physionomies de saints\/Sainte Agn\u00e8s.,<a target=\"_blank\" rel=\"nofollow\" href=\"https:\/\/editionsbussiere.com\/blog\/goto\/https:\/\/fr.wikisource.org\/wiki\/Physionomies_de_saints\/Sainte_Agn%C3%A8s\"  target=\"_blank\" rel=\"noopener noreferrer nofollow\">Cliquer ICI.<\/a><span><\/span>. Suite sur le prochain article.}<br \/>\n|{Petits Po\u00e8mes d\u2019Automne\/Je ne sais plus par quelle contr\u00e9e.,<a target=\"_blank\" rel=\"nofollow\" href=\"https:\/\/editionsbussiere.com\/blog\/goto\/https:\/\/fr.wikisource.org\/wiki\/Petits_Po%C3%A8mes_d%E2%80%99Automne\/Je_ne_sais_plus_par_quelle_contr%C3%A9e\"  target=\"_blank\" rel=\"noopener noreferrer nofollow\">Le dossier.<\/a><span><\/span>}<br \/>\n|{Pens\u00e9es d\u2019ao\u00fbt\/\u00c0 M. Achille du Cl\u00e9sieux.,<a target=\"_blank\" rel=\"nofollow\" href=\"https:\/\/editionsbussiere.com\/blog\/goto\/https:\/\/fr.wikisource.org\/wiki\/Pens%C3%A9es_d%E2%80%99ao%C3%BBt\/%C3%80_M._Achille_du_Cl%C3%A9sieux\"  target=\"_blank\" rel=\"noopener noreferrer nofollow\">Le dossier.<\/a><span><\/span>}<br \/>\n|{Pauvres fleurs (\u00e9d. Laurent 1839)\/Cantique des Bannis.,<a target=\"_blank\" rel=\"nofollow\" href=\"https:\/\/editionsbussiere.com\/blog\/goto\/https:\/\/fr.wikisource.org\/wiki\/Pauvres_fleurs_(%C3%A9d._Laurent_1839)\/Cantique_des_Bannis\"  target=\"_blank\" rel=\"noopener noreferrer nofollow\">Le dossier.<\/a><span><\/span>}<br \/>\n|{Pauvres fleurs\/La Maison de ma M\u00e8re.,<a target=\"_blank\" rel=\"nofollow\" href=\"https:\/\/editionsbussiere.com\/blog\/goto\/https:\/\/fr.wikisource.org\/wiki\/Pauvres_fleurs\/La_Maison_de_ma_M%C3%A8re\"  target=\"_blank\" rel=\"noopener noreferrer nofollow\">Cliquer ICI.<\/a><span><\/span>}<br \/>\n|{Pauvres fleurs\/Dormeuse.,<a target=\"_blank\" rel=\"nofollow\" href=\"https:\/\/editionsbussiere.com\/blog\/goto\/https:\/\/fr.wikisource.org\/wiki\/Pauvres_fleurs\/Dormeuse\"  target=\"_blank\" rel=\"noopener noreferrer nofollow\">Le dossier.<\/a><span><\/span>}<br \/>\n|{Pauvres fleurs\/Cantique des Bannis.,<a target=\"_blank\" rel=\"nofollow\" href=\"https:\/\/editionsbussiere.com\/blog\/goto\/https:\/\/fr.wikisource.org\/wiki\/Pauvres_fleurs\/Cantique_des_Bannis\"  target=\"_blank\" rel=\"noopener noreferrer nofollow\">L\u2019article ICI.<\/a><span><\/span>}<br \/>\n|{Pauvres fleurs\/Angelus.,<a target=\"_blank\" rel=\"nofollow\" href=\"https:\/\/editionsbussiere.com\/blog\/goto\/https:\/\/fr.wikisource.org\/wiki\/Pauvres_fleurs\/Angelus\"  target=\"_blank\" rel=\"noopener noreferrer nofollow\">Le post d\u2019actualit\u00e9.<\/a><span><\/span>}<br \/>\n|{Pauvres fleurs\/Amnistie.,<a target=\"_blank\" rel=\"nofollow\" href=\"https:\/\/editionsbussiere.com\/blog\/goto\/https:\/\/fr.wikisource.org\/wiki\/Pauvres_fleurs\/Amnistie\"  target=\"_blank\" rel=\"noopener noreferrer nofollow\">L\u2019article de presse.<\/a><span><\/span>}<br \/>\n|{Pauvres fleurs\/\u00c0 Monsieur A.-L..,<a target=\"_blank\" rel=\"nofollow\" href=\"https:\/\/editionsbussiere.com\/blog\/goto\/https:\/\/fr.wikisource.org\/wiki\/Pauvres_fleurs\/%C3%80_Monsieur_A.-L.\"  target=\"_blank\" rel=\"noopener noreferrer nofollow\">L\u2019article de presse.<\/a><span><\/span>}<br \/>\n|{Panth\u00e9on (M\u00e9nard, Po\u00e8mes).,<a target=\"_blank\" rel=\"nofollow\" href=\"https:\/\/editionsbussiere.com\/blog\/goto\/https:\/\/fr.wikisource.org\/wiki\/Panth%C3%A9on_(M%C3%A9nard,_Po%C3%A8mes)\"  target=\"_blank\" rel=\"noopener noreferrer nofollow\">Article complet.<\/a><span><\/span>}<br \/>\n|{Pages choisies des grands \u00e9crivains \u2014 George Sand.,<a target=\"_blank\" rel=\"nofollow\" href=\"https:\/\/editionsbussiere.com\/blog\/goto\/https:\/\/fr.wikisource.org\/wiki\/Pages_choisies_des_grands_%C3%A9crivains_%E2%80%94_George_Sand\"  target=\"_blank\" rel=\"noopener noreferrer nofollow\">L\u2019article de presse.<\/a><span><\/span>. Suite sur le prochain article.}<br \/>\n|{On n\u2019est pas des b\u0153ufs\/Un p\u00e8lerinage.,<a target=\"_blank\" rel=\"nofollow\" href=\"https:\/\/editionsbussiere.com\/blog\/goto\/https:\/\/fr.wikisource.org\/wiki\/On_n%E2%80%99est_pas_des_b%C5%93ufs\/Un_p%C3%A8lerinage\"  target=\"_blank\" rel=\"noopener noreferrer nofollow\">L\u2019article ICI.<\/a><span><\/span>}<br \/>\n|{Odes et Ballades\/Son nom.,<a target=\"_blank\" rel=\"nofollow\" href=\"https:\/\/editionsbussiere.com\/blog\/goto\/https:\/\/fr.wikisource.org\/wiki\/Odes_et_Ballades\/Son_nom\"  target=\"_blank\" rel=\"noopener noreferrer nofollow\">Ici.<\/a><span><\/span>. Suite sur le prochain article.}<br \/>\n|{Odes et Ballades\/La Libert\u00e9.,<a target=\"_blank\" rel=\"nofollow\" href=\"https:\/\/editionsbussiere.com\/blog\/goto\/https:\/\/fr.wikisource.org\/wiki\/Odes_et_Ballades\/La_Libert%C3%A9\"  target=\"_blank\" rel=\"noopener noreferrer nofollow\">Le texte de l\u2019article.<\/a><span><\/span>}<br \/>\n|{Odes et Ballades\/La L\u00e9gende de la nonne.,<a target=\"_blank\" rel=\"nofollow\" href=\"https:\/\/editionsbussiere.com\/blog\/goto\/https:\/\/fr.wikisource.org\/wiki\/Odes_et_Ballades\/La_L%C3%A9gende_de_la_nonne\"  target=\"_blank\" rel=\"noopener noreferrer nofollow\">Le dossier.<\/a><span><\/span>}<br \/>\n|{Odes et Ballades\/Encore \u00e0 toi.,<a target=\"_blank\" rel=\"nofollow\" href=\"https:\/\/editionsbussiere.com\/blog\/goto\/https:\/\/fr.wikisource.org\/wiki\/Odes_et_Ballades\/Encore_%C3%A0_toi\"  target=\"_blank\" rel=\"noopener noreferrer nofollow\">L\u2019article ICI.<\/a><span><\/span>}<br \/>\n|{Odes (Horace, S\u00e9guier)\/I\/21 \u2013 En l\u2019honneur des Lato\u00efdes.,<a target=\"_blank\" rel=\"nofollow\" href=\"https:\/\/editionsbussiere.com\/blog\/goto\/https:\/\/fr.wikisource.org\/wiki\/Odes_(Horace,_S%C3%A9guier)\/I\/21_-_En_l%E2%80%99honneur_des_Lato%C3%AFdes\"  target=\"_blank\" rel=\"noopener noreferrer nofollow\">Le texte de l\u2019article.<\/a><span><\/span>}<br \/>\n|{Odes (Horace, Leconte de Lisle)\/IV\/6.,<a target=\"_blank\" rel=\"nofollow\" href=\"https:\/\/editionsbussiere.com\/blog\/goto\/https:\/\/fr.wikisource.org\/wiki\/Odes_(Horace,_Leconte_de_Lisle)\/IV\/6\"  target=\"_blank\" rel=\"noopener noreferrer nofollow\">Article complet.<\/a><span><\/span>}<br \/>\n|{Odes (Horace, Leconte de Lisle)\/IV\/1.,<a target=\"_blank\" rel=\"nofollow\" href=\"https:\/\/editionsbussiere.com\/blog\/goto\/https:\/\/fr.wikisource.org\/wiki\/Odes_(Horace,_Leconte_de_Lisle)\/IV\/1\"  target=\"_blank\" rel=\"noopener noreferrer nofollow\">Le post d\u2019actualit\u00e9.<\/a><span><\/span>}<br \/>\n|{Odes (Horace, Leconte de Lisle)\/III\/27.,<a target=\"_blank\" rel=\"nofollow\" href=\"https:\/\/editionsbussiere.com\/blog\/goto\/https:\/\/fr.wikisource.org\/wiki\/Odes_(Horace,_Leconte_de_Lisle)\/III\/27\"  target=\"_blank\" rel=\"noopener noreferrer nofollow\">Cliquer ICI.<\/a><span><\/span>}<br \/>\n|{Odes (Horace, Leconte de Lisle)\/I\/21.,<a target=\"_blank\" rel=\"nofollow\" href=\"https:\/\/editionsbussiere.com\/blog\/goto\/https:\/\/fr.wikisource.org\/wiki\/Odes_(Horace,_Leconte_de_Lisle)\/I\/21\"  target=\"_blank\" rel=\"noopener noreferrer nofollow\">L\u2019article de presse.<\/a><span><\/span>}<br \/>\n|{Odes (Horace, Leconte de Lisle)\/I\/2.,<a target=\"_blank\" rel=\"nofollow\" href=\"https:\/\/editionsbussiere.com\/blog\/goto\/https:\/\/fr.wikisource.org\/wiki\/Odes_(Horace,_Leconte_de_Lisle)\/I\/2\"  target=\"_blank\" rel=\"noopener noreferrer nofollow\">A lire ici.<\/a><span><\/span>}<br \/>\n|{Octobre en fleur\/4\/118.,<a target=\"_blank\" rel=\"nofollow\" href=\"https:\/\/editionsbussiere.com\/blog\/goto\/https:\/\/fr.wikisource.org\/wiki\/Octobre_en_fleur\/4\/118\"  target=\"_blank\" rel=\"noopener noreferrer nofollow\">L\u2019article de presse.<\/a><span><\/span>}<br \/>\n|{Octobre en fleur\/4\/054.,<a target=\"_blank\" rel=\"nofollow\" href=\"https:\/\/editionsbussiere.com\/blog\/goto\/https:\/\/fr.wikisource.org\/wiki\/Octobre_en_fleur\/4\/054\"  target=\"_blank\" rel=\"noopener noreferrer nofollow\">A lire ici.<\/a><span><\/span>}<br \/>\n|{Octobre en fleur\/2\/039.,<a target=\"_blank\" rel=\"nofollow\" href=\"https:\/\/editionsbussiere.com\/blog\/goto\/https:\/\/fr.wikisource.org\/wiki\/Octobre_en_fleur\/2\/039\"  target=\"_blank\" rel=\"noopener noreferrer nofollow\">Le texte de l\u2019article.<\/a><span><\/span>}<br \/>\n|{Octobre en fleur\/2\/038.,<a target=\"_blank\" rel=\"nofollow\" href=\"https:\/\/editionsbussiere.com\/blog\/goto\/https:\/\/fr.wikisource.org\/wiki\/Octobre_en_fleur\/2\/038\"  target=\"_blank\" rel=\"noopener noreferrer nofollow\">Le post d\u2019actualit\u00e9.<\/a><span><\/span>}<br \/>\n|{Octobre en fleur\/2\/037.,<a target=\"_blank\" rel=\"nofollow\" href=\"https:\/\/editionsbussiere.com\/blog\/goto\/https:\/\/fr.wikisource.org\/wiki\/Octobre_en_fleur\/2\/037\"  target=\"_blank\" rel=\"noopener noreferrer nofollow\">Article complet.<\/a><span><\/span>}<br \/>\n|{Octobre en fleur.,<a target=\"_blank\" rel=\"nofollow\" href=\"https:\/\/editionsbussiere.com\/blog\/goto\/https:\/\/fr.wikisource.org\/wiki\/Octobre_en_fleur\"  target=\"_blank\" rel=\"noopener noreferrer nofollow\">L\u2019article de presse.<\/a><span><\/span>. Suite sur le prochain article.}<br \/>\n|{Octobre, Chansons et Po\u00e8mes \/04.,<a target=\"_blank\" rel=\"nofollow\" href=\"https:\/\/editionsbussiere.com\/blog\/goto\/https:\/\/fr.wikisource.org\/wiki\/Octobre,_Chansons_et_Po%C3%A8mes_\/04\"  target=\"_blank\" rel=\"noopener noreferrer nofollow\">A lire ici.<\/a><span><\/span>}<br \/>\n|{Nouvelles po\u00e9sies (Van Hasselt)\/Le Soulier de la Vierge.,<a target=\"_blank\" rel=\"nofollow\" href=\"https:\/\/editionsbussiere.com\/blog\/goto\/https:\/\/fr.wikisource.org\/wiki\/Nouvelles_po%C3%A9sies_(Van_Hasselt)\/Le_Soulier_de_la_Vierge\"  target=\"_blank\" rel=\"noopener noreferrer nofollow\">Ici.<\/a><span><\/span>}<br \/>\n|{Nouvelles po\u00e9sies (Van Hasselt).,<a target=\"_blank\" rel=\"nofollow\" href=\"https:\/\/editionsbussiere.com\/blog\/goto\/https:\/\/fr.wikisource.org\/wiki\/Nouvelles_po%C3%A9sies_(Van_Hasselt)\"  target=\"_blank\" rel=\"noopener noreferrer nofollow\">Cliquer ICI.<\/a><span><\/span>}<br \/>\n|{Notre-Dame-d\u2019Amour\/XXIX.,<a target=\"_blank\" rel=\"nofollow\" href=\"https:\/\/editionsbussiere.com\/blog\/goto\/https:\/\/fr.wikisource.org\/wiki\/Notre-Dame-d%E2%80%99Amour\/XXIX\"  target=\"_blank\" rel=\"noopener noreferrer nofollow\">Le dossier.<\/a><span><\/span>}<br \/>\n|{Notre-Dame-d\u2019Amour\/I.,<a target=\"_blank\" rel=\"nofollow\" href=\"https:\/\/editionsbussiere.com\/blog\/goto\/https:\/\/fr.wikisource.org\/wiki\/Notre-Dame-d%E2%80%99Amour\/I\"  target=\"_blank\" rel=\"noopener noreferrer nofollow\">Cliquer ICI.<\/a><span><\/span>}<br \/>\n|{Notre-Dame des mers mortes (Venise)\/9.,<a target=\"_blank\" rel=\"nofollow\" href=\"https:\/\/editionsbussiere.com\/blog\/goto\/https:\/\/fr.wikisource.org\/wiki\/Notre-Dame_des_mers_mortes_(Venise)\/9\"  target=\"_blank\" rel=\"noopener noreferrer nofollow\">Cliquer ICI.<\/a><span><\/span>. Suite sur le prochain article.}<br \/>\n|{Notre-Dame des mers mortes (Venise)\/7.,<a target=\"_blank\" rel=\"nofollow\" href=\"https:\/\/editionsbussiere.com\/blog\/goto\/https:\/\/fr.wikisource.org\/wiki\/Notre-Dame_des_mers_mortes_(Venise)\/7\"  target=\"_blank\" rel=\"noopener noreferrer nofollow\">Cliquer ICI.<\/a><span><\/span>. Suite sur le prochain article.}<br \/>\n|{Notre-Dame de Paris, 1844\/01\/06.,<a target=\"_blank\" rel=\"nofollow\" href=\"https:\/\/editionsbussiere.com\/blog\/goto\/https:\/\/fr.wikisource.org\/wiki\/Notre-Dame_de_Paris,_1844\/01\/06\"  target=\"_blank\" rel=\"noopener noreferrer nofollow\">Ici.<\/a><span><\/span>}<br \/>\n|{Notre ma\u00eetre, le pass\u00e9 (1924)\/19.,<a target=\"_blank\" rel=\"nofollow\" href=\"https:\/\/editionsbussiere.com\/blog\/goto\/https:\/\/fr.wikisource.org\/wiki\/Notre_ma%C3%AEtre,_le_pass%C3%A9_(1924)\/19\"  target=\"_blank\" rel=\"noopener noreferrer nofollow\">L\u2019article de presse.<\/a><span><\/span>}<br \/>\n|{Notre ma\u00eetre, le pass\u00e9 (1924)\/07.,<a target=\"_blank\" rel=\"nofollow\" href=\"https:\/\/editionsbussiere.com\/blog\/goto\/https:\/\/fr.wikisource.org\/wiki\/Notre_ma%C3%AEtre,_le_pass%C3%A9_(1924)\/07\"  target=\"_blank\" rel=\"noopener noreferrer nofollow\">Ici.<\/a><span><\/span>}<br \/>\n|{Notre ma\u00eetre, le pass\u00e9 (1924)\/04.,<a target=\"_blank\" rel=\"nofollow\" href=\"https:\/\/editionsbussiere.com\/blog\/goto\/https:\/\/fr.wikisource.org\/wiki\/Notre_ma%C3%AEtre,_le_pass%C3%A9_(1924)\/04\"  target=\"_blank\" rel=\"noopener noreferrer nofollow\">Article complet.<\/a><span><\/span>}<br \/>\n|{Notre ma\u00eetre, le pass\u00e9 (1924)\/04.,<a target=\"_blank\" rel=\"nofollow\" href=\"https:\/\/editionsbussiere.com\/blog\/goto\/https:\/\/fr.wikisource.org\/wiki\/Notre_ma%C3%AEtre,_le_pass%C3%A9_(1924)\/04\"  target=\"_blank\" rel=\"noopener noreferrer nofollow\">L\u2019article de presse.<\/a><span><\/span>}<br \/>\n|{Nostradamus (Bonnellier)\/Tome 1\/Le Sachet.,<a target=\"_blank\" rel=\"nofollow\" href=\"https:\/\/editionsbussiere.com\/blog\/goto\/https:\/\/fr.wikisource.org\/wiki\/Nostradamus_(Bonnellier)\/Tome_1\/Le_Sachet\"  target=\"_blank\" rel=\"noopener noreferrer nofollow\">Article complet.<\/a><span><\/span>}<br \/>\n|{Nostradamus (Bonnellier)\/Tome 1\/Le Sachet.,<a target=\"_blank\" rel=\"nofollow\" href=\"https:\/\/editionsbussiere.com\/blog\/goto\/https:\/\/fr.wikisource.org\/wiki\/Nostradamus_(Bonnellier)\/Tome_1\/Le_Sachet\"  target=\"_blank\" rel=\"noopener noreferrer nofollow\">Cliquer ICI.<\/a><span><\/span>}<br \/>\n|{Nostradamus (Bonnellier)\/Tome 1\/Le Mariage.,<a target=\"_blank\" rel=\"nofollow\" href=\"https:\/\/editionsbussiere.com\/blog\/goto\/https:\/\/fr.wikisource.org\/wiki\/Nostradamus_(Bonnellier)\/Tome_1\/Le_Mariage\"  target=\"_blank\" rel=\"noopener noreferrer nofollow\">L\u2019article de presse.<\/a><span><\/span>}<br \/>\n|{No\u00ebls anciens de la Nouvelle-France\/VIII.,<a target=\"_blank\" rel=\"nofollow\" href=\"https:\/\/editionsbussiere.com\/blog\/goto\/https:\/\/fr.wikisource.org\/wiki\/No%C3%ABls_anciens_de_la_Nouvelle-France\/VIII\"  target=\"_blank\" rel=\"noopener noreferrer nofollow\">Cliquer ICI.<\/a><span><\/span>}<br \/>\n|{No\u00ebl blanc (Verhaeren).,<a target=\"_blank\" rel=\"nofollow\" href=\"https:\/\/editionsbussiere.com\/blog\/goto\/https:\/\/fr.wikisource.org\/wiki\/No%C3%ABl_blanc_(Verhaeren)\"  target=\"_blank\" rel=\"noopener noreferrer nofollow\">A lire ici.<\/a><span><\/span>. Suite sur le prochain article.}<br \/>\n|{Ne nous frappons pas\/Le Perroquet missionnaire.,<a target=\"_blank\" rel=\"nofollow\" href=\"https:\/\/editionsbussiere.com\/blog\/goto\/https:\/\/fr.wikisource.org\/wiki\/Ne_nous_frappons_pas\/Le_Perroquet_missionnaire\"  target=\"_blank\" rel=\"noopener noreferrer nofollow\">Ici.<\/a><span><\/span>}<br \/>\n|{Nativit\u00e9 (Andr\u00e9 Fontainas).,<a target=\"_blank\" rel=\"nofollow\" href=\"https:\/\/editionsbussiere.com\/blog\/goto\/https:\/\/fr.wikisource.org\/wiki\/Nativit%C3%A9_(Andr%C3%A9_Fontainas)\"  target=\"_blank\" rel=\"noopener noreferrer nofollow\">L\u2019article de presse.<\/a><span><\/span>. Suite sur le prochain article.}<br \/>\n}<\/p>\n<p>{{Muses d\u2019aujourd\u2019hui\/Lucie Delarue-Mardrus.,<a target=\"_blank\" rel=\"nofollow\" href=\"https:\/\/editionsbussiere.com\/blog\/goto\/https:\/\/fr.wikisource.org\/wiki\/Muses_d%E2%80%99aujourd%E2%80%99hui\/Lucie_Delarue-Mardrus\"  target=\"_blank\" rel=\"noopener noreferrer nofollow\">Cliquer ICI.<\/a><span><\/span>}<br \/>\n|{Monseigneur Henry Verjus\/IV.,<a target=\"_blank\" rel=\"nofollow\" href=\"https:\/\/editionsbussiere.com\/blog\/goto\/https:\/\/fr.wikisource.org\/wiki\/Monseigneur_Henry_Verjus\/IV\"  target=\"_blank\" rel=\"noopener noreferrer nofollow\">Le post d\u2019actualit\u00e9.<\/a><span><\/span>. Suite sur le prochain article.}<br \/>\n|{Monographie de l\u2019abbaye de Fontenay\/Chapitre 5.,<a target=\"_blank\" rel=\"nofollow\" href=\"https:\/\/editionsbussiere.com\/blog\/goto\/https:\/\/fr.wikisource.org\/wiki\/Monographie_de_l%E2%80%99abbaye_de_Fontenay\/Chapitre_5\"  target=\"_blank\" rel=\"noopener noreferrer nofollow\">A lire ici.<\/a><span><\/span>}<br \/>\n|{Mon fr\u00e8re Yves\/051.,<a target=\"_blank\" rel=\"nofollow\" href=\"https:\/\/editionsbussiere.com\/blog\/goto\/https:\/\/fr.wikisource.org\/wiki\/Mon_fr%C3%A8re_Yves\/051\"  target=\"_blank\" rel=\"noopener noreferrer nofollow\">L\u2019article ICI.<\/a><span><\/span>}<br \/>\n|{Moisson d\u2019\u00c9p\u00e9es.,<a target=\"_blank\" rel=\"nofollow\" href=\"https:\/\/editionsbussiere.com\/blog\/goto\/https:\/\/fr.wikisource.org\/wiki\/Moisson_d%E2%80%99%C3%89p%C3%A9es\"  target=\"_blank\" rel=\"noopener noreferrer nofollow\">Cliquer ICI.<\/a><span><\/span>. Suite sur le prochain article.}<br \/>\n|{Mirages \u2013 L\u2019Ond\u00e9e \u2013 \u00c2me simple\u2026.,<a target=\"_blank\" rel=\"nofollow\" href=\"https:\/\/editionsbussiere.com\/blog\/goto\/https:\/\/fr.wikisource.org\/wiki\/Mirages_-_L%E2%80%99Ond%C3%A9e_-_%C3%82me_simple...\"  target=\"_blank\" rel=\"noopener noreferrer nofollow\">L\u2019article de presse.<\/a><span><\/span>}<br \/>\n|{Mirages \u2013 L\u2019Ond\u00e9e \u2013 \u00c2me simple\u2026.,<a target=\"_blank\" rel=\"nofollow\" href=\"https:\/\/editionsbussiere.com\/blog\/goto\/https:\/\/fr.wikisource.org\/wiki\/Mirages_-_L%E2%80%99Ond%C3%A9e_-_%C3%82me_simple...\"  target=\"_blank\" rel=\"noopener noreferrer nofollow\">Cliquer ICI.<\/a><span><\/span>}<br \/>\n|{Militza.,<a target=\"_blank\" rel=\"nofollow\" href=\"https:\/\/editionsbussiere.com\/blog\/goto\/https:\/\/fr.wikisource.org\/wiki\/Militza\"  target=\"_blank\" rel=\"noopener noreferrer nofollow\">L\u2019article de presse.<\/a><span><\/span>}<br \/>\n|{Meuse\/p2\/s3.,<a target=\"_blank\" rel=\"nofollow\" href=\"https:\/\/editionsbussiere.com\/blog\/goto\/https:\/\/fr.wikisource.org\/wiki\/Meuse\/p2\/s3\"  target=\"_blank\" rel=\"noopener noreferrer nofollow\">Le post d\u2019actualit\u00e9.<\/a><span><\/span>}<br \/>\n|{Melmoth ou l\u2019Homme errant\/XXXIX.,<a target=\"_blank\" rel=\"nofollow\" href=\"https:\/\/editionsbussiere.com\/blog\/goto\/https:\/\/fr.wikisource.org\/wiki\/Melmoth_ou_l%E2%80%99Homme_errant\/XXXIX\"  target=\"_blank\" rel=\"noopener noreferrer nofollow\">Le post d\u2019actualit\u00e9.<\/a><span><\/span>. Suite sur le prochain article.}<br \/>\n|{Maurin des Maures\/XXXIV.,<a target=\"_blank\" rel=\"nofollow\" href=\"https:\/\/editionsbussiere.com\/blog\/goto\/https:\/\/fr.wikisource.org\/wiki\/Maurin_des_Maures\/XXXIV\"  target=\"_blank\" rel=\"noopener noreferrer nofollow\">Le post d\u2019actualit\u00e9.<\/a><span><\/span>}<br \/>\n|{Matelot (Loti)\/54.,<a target=\"_blank\" rel=\"nofollow\" href=\"https:\/\/editionsbussiere.com\/blog\/goto\/https:\/\/fr.wikisource.org\/wiki\/Matelot_(Loti)\/54\"  target=\"_blank\" rel=\"noopener noreferrer nofollow\">A lire ici.<\/a><span><\/span>. Suite sur le prochain article.}<br \/>\n|{Marie-Claire\/8.,<a target=\"_blank\" rel=\"nofollow\" href=\"https:\/\/editionsbussiere.com\/blog\/goto\/https:\/\/fr.wikisource.org\/wiki\/Marie-Claire\/8\"  target=\"_blank\" rel=\"noopener noreferrer nofollow\">Le texte de l\u2019article.<\/a><span><\/span>}<br \/>\n|{Marie-Claire\/58.,<a target=\"_blank\" rel=\"nofollow\" href=\"https:\/\/editionsbussiere.com\/blog\/goto\/https:\/\/fr.wikisource.org\/wiki\/Marie-Claire\/58\"  target=\"_blank\" rel=\"noopener noreferrer nofollow\">Ici.<\/a><span><\/span>}<br \/>\n|{Marie-Claire\/26.,<a target=\"_blank\" rel=\"nofollow\" href=\"https:\/\/editionsbussiere.com\/blog\/goto\/https:\/\/fr.wikisource.org\/wiki\/Marie-Claire\/26\"  target=\"_blank\" rel=\"noopener noreferrer nofollow\">Le post d\u2019actualit\u00e9.<\/a><span><\/span>}<br \/>\n|{Marie-Claire\/26.,<a target=\"_blank\" rel=\"nofollow\" href=\"https:\/\/editionsbussiere.com\/blog\/goto\/https:\/\/fr.wikisource.org\/wiki\/Marie-Claire\/26\"  target=\"_blank\" rel=\"noopener noreferrer nofollow\">L\u2019article de presse.<\/a><span><\/span>}<br \/>\n|{Marie-Claire\/18.,<a target=\"_blank\" rel=\"nofollow\" href=\"https:\/\/editionsbussiere.com\/blog\/goto\/https:\/\/fr.wikisource.org\/wiki\/Marie-Claire\/18\"  target=\"_blank\" rel=\"noopener noreferrer nofollow\">Le dossier.<\/a><span><\/span>. Suite sur le prochain article.}<br \/>\n|{Marie-Claire\/17.,<a target=\"_blank\" rel=\"nofollow\" href=\"https:\/\/editionsbussiere.com\/blog\/goto\/https:\/\/fr.wikisource.org\/wiki\/Marie-Claire\/17\"  target=\"_blank\" rel=\"noopener noreferrer nofollow\">Cliquer ICI.<\/a><span><\/span>}<br \/>\n|{Marie-Claire\/17.,<a target=\"_blank\" rel=\"nofollow\" href=\"https:\/\/editionsbussiere.com\/blog\/goto\/https:\/\/fr.wikisource.org\/wiki\/Marie-Claire\/17\"  target=\"_blank\" rel=\"noopener noreferrer nofollow\">A lire ici.<\/a><span><\/span>}<br \/>\n|{Marie ou l\u2019esclavage aux \u00c9tats-Unis\/6.,<a target=\"_blank\" rel=\"nofollow\" href=\"https:\/\/editionsbussiere.com\/blog\/goto\/https:\/\/fr.wikisource.org\/wiki\/Marie_ou_l%E2%80%99esclavage_aux_%C3%89tats-Unis\/6\"  target=\"_blank\" rel=\"noopener noreferrer nofollow\">A lire ici.<\/a><span><\/span>}<br \/>\n|{Marie ou l\u2019esclavage aux \u00c9tats-Unis\/15.,<a target=\"_blank\" rel=\"nofollow\" href=\"https:\/\/editionsbussiere.com\/blog\/goto\/https:\/\/fr.wikisource.org\/wiki\/Marie_ou_l%E2%80%99esclavage_aux_%C3%89tats-Unis\/15\"  target=\"_blank\" rel=\"noopener noreferrer nofollow\">Cliquer ICI.<\/a><span><\/span>}<br \/>\n|{Marie ou l\u2019esclavage aux \u00c9tats-Unis.,<a target=\"_blank\" rel=\"nofollow\" href=\"https:\/\/editionsbussiere.com\/blog\/goto\/https:\/\/fr.wikisource.org\/wiki\/Marie_ou_l%E2%80%99esclavage_aux_%C3%89tats-Unis\"  target=\"_blank\" rel=\"noopener noreferrer nofollow\">Le texte de l\u2019article.<\/a><span><\/span>}<br \/>\n|{Marie Calumet\/16.,<a target=\"_blank\" rel=\"nofollow\" href=\"https:\/\/editionsbussiere.com\/blog\/goto\/https:\/\/fr.wikisource.org\/wiki\/Marie_Calumet\/16\"  target=\"_blank\" rel=\"noopener noreferrer nofollow\">Le post d\u2019actualit\u00e9.<\/a><span><\/span>. Suite sur le prochain article.}<br \/>\n|{Marie Calumet\/14.,<a target=\"_blank\" rel=\"nofollow\" href=\"https:\/\/editionsbussiere.com\/blog\/goto\/https:\/\/fr.wikisource.org\/wiki\/Marie_Calumet\/14\"  target=\"_blank\" rel=\"noopener noreferrer nofollow\">L\u2019article de presse.<\/a><span><\/span>}<br \/>\n|{Marie Calumet\/08.,<a target=\"_blank\" rel=\"nofollow\" href=\"https:\/\/editionsbussiere.com\/blog\/goto\/https:\/\/fr.wikisource.org\/wiki\/Marie_Calumet\/08\"  target=\"_blank\" rel=\"noopener noreferrer nofollow\">Le texte de l\u2019article.<\/a><span><\/span>. Suite sur le prochain article.}<br \/>\n|{Marie Calumet\/07.,<a target=\"_blank\" rel=\"nofollow\" href=\"https:\/\/editionsbussiere.com\/blog\/goto\/https:\/\/fr.wikisource.org\/wiki\/Marie_Calumet\/07\"  target=\"_blank\" rel=\"noopener noreferrer nofollow\">Le texte de l\u2019article.<\/a><span><\/span>}<br \/>\n|{Marie (Auguste Brizeux)\/Marie, XII.,<a target=\"_blank\" rel=\"nofollow\" href=\"https:\/\/editionsbussiere.com\/blog\/goto\/https:\/\/fr.wikisource.org\/wiki\/Marie_(Auguste_Brizeux)\/Marie,_XII\"  target=\"_blank\" rel=\"noopener noreferrer nofollow\">Le post d\u2019actualit\u00e9.<\/a><span><\/span>. Suite sur le prochain article.}<br \/>\n|{Marie (Auguste Brizeux)\/Marie, XI.,<a target=\"_blank\" rel=\"nofollow\" href=\"https:\/\/editionsbussiere.com\/blog\/goto\/https:\/\/fr.wikisource.org\/wiki\/Marie_(Auguste_Brizeux)\/Marie,_XI\"  target=\"_blank\" rel=\"noopener noreferrer nofollow\">Article complet.<\/a><span><\/span>. Suite sur le prochain article.}<br \/>\n|{Marie (Auguste Brizeux)\/Marie, V.,<a target=\"_blank\" rel=\"nofollow\" href=\"https:\/\/editionsbussiere.com\/blog\/goto\/https:\/\/fr.wikisource.org\/wiki\/Marie_(Auguste_Brizeux)\/Marie,_V\"  target=\"_blank\" rel=\"noopener noreferrer nofollow\">Article complet.<\/a><span><\/span>}<br \/>\n|{Marie (Auguste Brizeux)\/Marie, V.,<a target=\"_blank\" rel=\"nofollow\" href=\"https:\/\/editionsbussiere.com\/blog\/goto\/https:\/\/fr.wikisource.org\/wiki\/Marie_(Auguste_Brizeux)\/Marie,_V\"  target=\"_blank\" rel=\"noopener noreferrer nofollow\">L\u2019article ICI.<\/a><span><\/span>}<br \/>\n|{Marie (Auguste Brizeux)\/Marie, IX.,<a target=\"_blank\" rel=\"nofollow\" href=\"https:\/\/editionsbussiere.com\/blog\/goto\/https:\/\/fr.wikisource.org\/wiki\/Marie_(Auguste_Brizeux)\/Marie,_IX\"  target=\"_blank\" rel=\"noopener noreferrer nofollow\">Article complet.<\/a><span><\/span>}<br \/>\n|{Marie (Auguste Brizeux)\/Marie, II.,<a target=\"_blank\" rel=\"nofollow\" href=\"https:\/\/editionsbussiere.com\/blog\/goto\/https:\/\/fr.wikisource.org\/wiki\/Marie_(Auguste_Brizeux)\/Marie,_II\"  target=\"_blank\" rel=\"noopener noreferrer nofollow\">Article complet.<\/a><span><\/span>}<br \/>\n|{Marie (Auguste Brizeux)\/Les Bateli\u00e8res de l\u2019Odet.,<a target=\"_blank\" rel=\"nofollow\" href=\"https:\/\/editionsbussiere.com\/blog\/goto\/https:\/\/fr.wikisource.org\/wiki\/Marie_(Auguste_Brizeux)\/Les_Bateli%C3%A8res_de_l%E2%80%99Odet\"  target=\"_blank\" rel=\"noopener noreferrer nofollow\">Ici.<\/a><span><\/span>}<br \/>\n|{Marie (Auguste Brizeux)\/Le Livre blanc.,<a target=\"_blank\" rel=\"nofollow\" href=\"https:\/\/editionsbussiere.com\/blog\/goto\/https:\/\/fr.wikisource.org\/wiki\/Marie_(Auguste_Brizeux)\/Le_Livre_blanc\"  target=\"_blank\" rel=\"noopener noreferrer nofollow\">L\u2019article de presse.<\/a><span><\/span>}<br \/>\n|{Marie (Auguste Brizeux)\/La Cha\u00eene d\u2019or.,<a target=\"_blank\" rel=\"nofollow\" href=\"https:\/\/editionsbussiere.com\/blog\/goto\/https:\/\/fr.wikisource.org\/wiki\/Marie_(Auguste_Brizeux)\/La_Cha%C3%AEne_d%E2%80%99or\"  target=\"_blank\" rel=\"noopener noreferrer nofollow\">Le texte de l\u2019article.<\/a><span><\/span>}<br \/>\n|{Marie (Auguste Brizeux)\/La Cha\u00eene d\u2019or.,<a target=\"_blank\" rel=\"nofollow\" href=\"https:\/\/editionsbussiere.com\/blog\/goto\/https:\/\/fr.wikisource.org\/wiki\/Marie_(Auguste_Brizeux)\/La_Cha%C3%AEne_d%E2%80%99or\"  target=\"_blank\" rel=\"noopener noreferrer nofollow\">Le post d\u2019actualit\u00e9.<\/a><span><\/span>}<br \/>\n|{Marie (Auguste Brizeux)\/Histoire d\u2019Ivona.,<a target=\"_blank\" rel=\"nofollow\" href=\"https:\/\/editionsbussiere.com\/blog\/goto\/https:\/\/fr.wikisource.org\/wiki\/Marie_(Auguste_Brizeux)\/Histoire_d%E2%80%99Ivona\"  target=\"_blank\" rel=\"noopener noreferrer nofollow\">Article complet.<\/a><span><\/span>}<br \/>\n|{Marie (Auguste Brizeux)\/Histoire d\u2019Ivona.,<a target=\"_blank\" rel=\"nofollow\" href=\"https:\/\/editionsbussiere.com\/blog\/goto\/https:\/\/fr.wikisource.org\/wiki\/Marie_(Auguste_Brizeux)\/Histoire_d%E2%80%99Ivona\"  target=\"_blank\" rel=\"noopener noreferrer nofollow\">Ici.<\/a><span><\/span>}<br \/>\n|{Manuel de la parole\/15\/65.,<a target=\"_blank\" rel=\"nofollow\" href=\"https:\/\/editionsbussiere.com\/blog\/goto\/https:\/\/fr.wikisource.org\/wiki\/Manuel_de_la_parole\/15\/65\"  target=\"_blank\" rel=\"noopener noreferrer nofollow\">Le dossier.<\/a><span><\/span>. Suite sur le prochain article.}<br \/>\n|{Manuel de la parole\/15\/24.,<a target=\"_blank\" rel=\"nofollow\" href=\"https:\/\/editionsbussiere.com\/blog\/goto\/https:\/\/fr.wikisource.org\/wiki\/Manuel_de_la_parole\/15\/24\"  target=\"_blank\" rel=\"noopener noreferrer nofollow\">Le texte de l\u2019article.<\/a><span><\/span>}<br \/>\n|{Manifeste en faveur d\u2019une association entre les hommes.,<a target=\"_blank\" rel=\"nofollow\" href=\"https:\/\/editionsbussiere.com\/blog\/goto\/https:\/\/fr.wikisource.org\/wiki\/Manifeste_en_faveur_d%E2%80%99une_association_entre_les_hommes\"  target=\"_blank\" rel=\"noopener noreferrer nofollow\">Le post d\u2019actualit\u00e9.<\/a><span><\/span>. Suite sur le prochain article.}<br \/>\n|{Magdalena.,<a target=\"_blank\" rel=\"nofollow\" href=\"https:\/\/editionsbussiere.com\/blog\/goto\/https:\/\/fr.wikisource.org\/wiki\/Magdalena\"  target=\"_blank\" rel=\"noopener noreferrer nofollow\">L\u2019article ICI.<\/a><span><\/span>}<br \/>\n|{Madeleine et Marie.,<a target=\"_blank\" rel=\"nofollow\" href=\"https:\/\/editionsbussiere.com\/blog\/goto\/https:\/\/fr.wikisource.org\/wiki\/Madeleine_et_Marie\"  target=\"_blank\" rel=\"noopener noreferrer nofollow\">Cliquer ICI.<\/a><span><\/span>. Suite sur le prochain article.}<br \/>\n|{Ma vie (Cardan)\/Chapitre XXII.,<a target=\"_blank\" rel=\"nofollow\" href=\"https:\/\/editionsbussiere.com\/blog\/goto\/https:\/\/fr.wikisource.org\/wiki\/Ma_vie_(Cardan)\/Chapitre_XXII\"  target=\"_blank\" rel=\"noopener noreferrer nofollow\">L\u2019article ICI.<\/a><span><\/span>}<br \/>\n|{Ma tante Genevi\u00e8ve, ou Je l\u2019ai \u00e9chapp\u00e9 belle\/41.,<a target=\"_blank\" rel=\"nofollow\" href=\"https:\/\/editionsbussiere.com\/blog\/goto\/https:\/\/fr.wikisource.org\/wiki\/Ma_tante_Genevi%C3%A8ve,_ou_Je_l%E2%80%99ai_%C3%A9chapp%C3%A9_belle\/41\"  target=\"_blank\" rel=\"noopener noreferrer nofollow\">Le dossier.<\/a><span><\/span>}<br \/>\n|{Ma cousine Mandine\/1.,<a target=\"_blank\" rel=\"nofollow\" href=\"https:\/\/editionsbussiere.com\/blog\/goto\/https:\/\/fr.wikisource.org\/wiki\/Ma_cousine_Mandine\/1\"  target=\"_blank\" rel=\"noopener noreferrer nofollow\">Ici.<\/a><span><\/span>}<br \/>\n|{Ma\u00eetre Zacharius\/4.,<a target=\"_blank\" rel=\"nofollow\" href=\"https:\/\/editionsbussiere.com\/blog\/goto\/https:\/\/fr.wikisource.org\/wiki\/Ma%C3%AEtre_Zacharius\/4\"  target=\"_blank\" rel=\"noopener noreferrer nofollow\">Cliquer ICI.<\/a><span><\/span>}<br \/>\n|{Ma\u00eetre Zacharius\/4.,<a target=\"_blank\" rel=\"nofollow\" href=\"https:\/\/editionsbussiere.com\/blog\/goto\/https:\/\/fr.wikisource.org\/wiki\/Ma%C3%AEtre_Zacharius\/4\"  target=\"_blank\" rel=\"noopener noreferrer nofollow\">L\u2019article ICI.<\/a><span><\/span>}<br \/>\n|{M\u00e9moires posthumes de Braz Cubas\/Chapitre 039.,<a target=\"_blank\" rel=\"nofollow\" href=\"https:\/\/editionsbussiere.com\/blog\/goto\/https:\/\/fr.wikisource.org\/wiki\/M%C3%A9moires_posthumes_de_Braz_Cubas\/Chapitre_039\"  target=\"_blank\" rel=\"noopener noreferrer nofollow\">L\u2019article ICI.<\/a><span><\/span>}<br \/>\n|{M\u00e9moires d\u2019une ex-palladiste parfaite, initi\u00e9e, ind\u00e9pendante\/05\/Notre-Dame de Campocavallo.,<a target=\"_blank\" rel=\"nofollow\" href=\"https:\/\/editionsbussiere.com\/blog\/goto\/https:\/\/fr.wikisource.org\/wiki\/M%C3%A9moires_d%E2%80%99une_ex-palladiste_parfaite,_initi%C3%A9e,_ind%C3%A9pendante\/05\/Notre-Dame_de_Campocavallo\"  target=\"_blank\" rel=\"noopener noreferrer nofollow\">Article complet.<\/a><span><\/span>}<br \/>\n|{M\u00e9moires d\u2019une ex-palladiste parfaite, initi\u00e9e, ind\u00e9pendante\/03\/Chapitre II.,<a target=\"_blank\" rel=\"nofollow\" href=\"https:\/\/editionsbussiere.com\/blog\/goto\/https:\/\/fr.wikisource.org\/wiki\/M%C3%A9moires_d%E2%80%99une_ex-palladiste_parfaite,_initi%C3%A9e,_ind%C3%A9pendante\/03\/Chapitre_II\"  target=\"_blank\" rel=\"noopener noreferrer nofollow\">A lire ici.<\/a><span><\/span>}<br \/>\n|{M\u00e9moires d\u2019une ex-palladiste parfaite, initi\u00e9e, ind\u00e9pendante\/01\/14 juin 1895.,<a target=\"_blank\" rel=\"nofollow\" href=\"https:\/\/editionsbussiere.com\/blog\/goto\/https:\/\/fr.wikisource.org\/wiki\/M%C3%A9moires_d%E2%80%99une_ex-palladiste_parfaite,_initi%C3%A9e,_ind%C3%A9pendante\/01\/14_juin_1895\"  target=\"_blank\" rel=\"noopener noreferrer nofollow\">Le post d\u2019actualit\u00e9.<\/a><span><\/span>. Suite sur le prochain article.}<br \/>\n|{M\u00e9moires d\u2019un paysan bas-breton\/Mon enfance.,<a target=\"_blank\" rel=\"nofollow\" href=\"https:\/\/editionsbussiere.com\/blog\/goto\/https:\/\/fr.wikisource.org\/wiki\/M%C3%A9moires_d%E2%80%99un_paysan_bas-breton\/Mon_enfance\"  target=\"_blank\" rel=\"noopener noreferrer nofollow\">Ici.<\/a><span><\/span>. Suite sur le prochain article.}<br \/>\n|{M\u00e9ditations\/XIX.,<a target=\"_blank\" rel=\"nofollow\" href=\"https:\/\/editionsbussiere.com\/blog\/goto\/https:\/\/fr.wikisource.org\/wiki\/M%C3%A9ditations\/XIX\"  target=\"_blank\" rel=\"noopener noreferrer nofollow\">L\u2019article ICI.<\/a><span><\/span>}<br \/>\n|{Luther condamn\u00e9 par Photius.,<a target=\"_blank\" rel=\"nofollow\" href=\"https:\/\/editionsbussiere.com\/blog\/goto\/https:\/\/fr.wikisource.org\/wiki\/Luther_condamn%C3%A9_par_Photius\"  target=\"_blank\" rel=\"noopener noreferrer nofollow\">Ici.<\/a><span><\/span>}<br \/>\n|{Lourdes\/Troisi\u00e8me journ\u00e9e\/Chapitre IV.,<a target=\"_blank\" rel=\"nofollow\" href=\"https:\/\/editionsbussiere.com\/blog\/goto\/https:\/\/fr.wikisource.org\/wiki\/Lourdes\/Troisi%C3%A8me_journ%C3%A9e\/Chapitre_IV\"  target=\"_blank\" rel=\"noopener noreferrer nofollow\">Le dossier.<\/a><span><\/span>. Suite sur le prochain article.}<br \/>\n|{Lourdes\/Troisi\u00e8me journ\u00e9e\/Chapitre IV.,<a target=\"_blank\" rel=\"nofollow\" href=\"https:\/\/editionsbussiere.com\/blog\/goto\/https:\/\/fr.wikisource.org\/wiki\/Lourdes\/Troisi%C3%A8me_journ%C3%A9e\/Chapitre_IV\"  target=\"_blank\" rel=\"noopener noreferrer nofollow\">A lire ici.<\/a><span><\/span>}<br \/>\n|{Lourdes\/Quatri\u00e8me journ\u00e9e\/Chapitre IV.,<a target=\"_blank\" rel=\"nofollow\" href=\"https:\/\/editionsbussiere.com\/blog\/goto\/https:\/\/fr.wikisource.org\/wiki\/Lourdes\/Quatri%C3%A8me_journ%C3%A9e\/Chapitre_IV\"  target=\"_blank\" rel=\"noopener noreferrer nofollow\">L\u2019article de presse.<\/a><span><\/span>. Suite sur le prochain article.}<br \/>\n|{Lourdes\/Quatri\u00e8me journ\u00e9e\/Chapitre II.,<a target=\"_blank\" rel=\"nofollow\" href=\"https:\/\/editionsbussiere.com\/blog\/goto\/https:\/\/fr.wikisource.org\/wiki\/Lourdes\/Quatri%C3%A8me_journ%C3%A9e\/Chapitre_II\"  target=\"_blank\" rel=\"noopener noreferrer nofollow\">A lire ici.<\/a><span><\/span>}<br \/>\n|{Lourdes\/Premi\u00e8re journ\u00e9e\/Chapitre V.,<a target=\"_blank\" rel=\"nofollow\" href=\"https:\/\/editionsbussiere.com\/blog\/goto\/https:\/\/fr.wikisource.org\/wiki\/Lourdes\/Premi%C3%A8re_journ%C3%A9e\/Chapitre_V\"  target=\"_blank\" rel=\"noopener noreferrer nofollow\">Article complet.<\/a><span><\/span>. Suite sur le prochain article.}<br \/>\n|{Lourdes\/Premi\u00e8re journ\u00e9e\/Chapitre IV.,<a target=\"_blank\" rel=\"nofollow\" href=\"https:\/\/editionsbussiere.com\/blog\/goto\/https:\/\/fr.wikisource.org\/wiki\/Lourdes\/Premi%C3%A8re_journ%C3%A9e\/Chapitre_IV\"  target=\"_blank\" rel=\"noopener noreferrer nofollow\">L\u2019article ICI.<\/a><span><\/span>}<br \/>\n|{Lourdes\/Premi\u00e8re journ\u00e9e\/Chapitre I.,<a target=\"_blank\" rel=\"nofollow\" href=\"https:\/\/editionsbussiere.com\/blog\/goto\/https:\/\/fr.wikisource.org\/wiki\/Lourdes\/Premi%C3%A8re_journ%C3%A9e\/Chapitre_I\"  target=\"_blank\" rel=\"noopener noreferrer nofollow\">Article complet.<\/a><span><\/span>}<br \/>\n|{Lourdes\/Deuxi\u00e8me journ\u00e9e\/Chapitre II.,<a target=\"_blank\" rel=\"nofollow\" href=\"https:\/\/editionsbussiere.com\/blog\/goto\/https:\/\/fr.wikisource.org\/wiki\/Lourdes\/Deuxi%C3%A8me_journ%C3%A9e\/Chapitre_II\"  target=\"_blank\" rel=\"noopener noreferrer nofollow\">Le dossier.<\/a><span><\/span>. Suite sur le prochain article.}<br \/>\n|{Lourdes\/Cinqui\u00e8me journ\u00e9e\/Chapitre V.,<a target=\"_blank\" rel=\"nofollow\" href=\"https:\/\/editionsbussiere.com\/blog\/goto\/https:\/\/fr.wikisource.org\/wiki\/Lourdes\/Cinqui%C3%A8me_journ%C3%A9e\/Chapitre_V\"  target=\"_blank\" rel=\"noopener noreferrer nofollow\">Le texte de l\u2019article.<\/a><span><\/span>}<br \/>\n|{Lourdes\/Cinqui\u00e8me journ\u00e9e\/Chapitre IV.,<a target=\"_blank\" rel=\"nofollow\" href=\"https:\/\/editionsbussiere.com\/blog\/goto\/https:\/\/fr.wikisource.org\/wiki\/Lourdes\/Cinqui%C3%A8me_journ%C3%A9e\/Chapitre_IV\"  target=\"_blank\" rel=\"noopener noreferrer nofollow\">L\u2019article ICI.<\/a><span><\/span>}<br \/>\n|{Lou\u00ffs \u2013 Po\u00e9sies\/Astart\u00e9 11.,<a target=\"_blank\" rel=\"nofollow\" href=\"https:\/\/editionsbussiere.com\/blog\/goto\/https:\/\/fr.wikisource.org\/wiki\/Lou%C3%BFs_%E2%80%93_Po%C3%A9sies\/Astart%C3%A9_11\"  target=\"_blank\" rel=\"noopener noreferrer nofollow\">Le post d\u2019actualit\u00e9.<\/a><span><\/span>}<br \/>\n|{Livre pour l\u2019enseignement de ses filles du Chevalier de La Tour Landry\/Chapitre 53.,<a target=\"_blank\" rel=\"nofollow\" href=\"https:\/\/editionsbussiere.com\/blog\/goto\/https:\/\/fr.wikisource.org\/wiki\/Livre_pour_l%E2%80%99enseignement_de_ses_filles_du_Chevalier_de_La_Tour_Landry\/Chapitre_53\"  target=\"_blank\" rel=\"noopener noreferrer nofollow\">L\u2019article ICI.<\/a><span><\/span>. Suite sur le prochain article.}<br \/>\n|{Livre pour l\u2019enseignement de ses filles du Chevalier de La Tour Landry\/Chapitre 2.,<a target=\"_blank\" rel=\"nofollow\" href=\"https:\/\/editionsbussiere.com\/blog\/goto\/https:\/\/fr.wikisource.org\/wiki\/Livre_pour_l%E2%80%99enseignement_de_ses_filles_du_Chevalier_de_La_Tour_Landry\/Chapitre_2\"  target=\"_blank\" rel=\"noopener noreferrer nofollow\">Ici.<\/a><span><\/span>}<br \/>\n|{Livre de pri\u00e8res, 1852\/Tropaires et cantiques (f\u00eates).,<a target=\"_blank\" rel=\"nofollow\" href=\"https:\/\/editionsbussiere.com\/blog\/goto\/https:\/\/fr.wikisource.org\/wiki\/Livre_de_pri%C3%A8res,_1852\/Tropaires_et_cantiques_(f%C3%AAtes)\"  target=\"_blank\" rel=\"noopener noreferrer nofollow\">Le texte de l\u2019article.<\/a><span><\/span>. Suite sur le prochain article.}<br \/>\n|{Livre de pri\u00e8res, 1852\/Texte entier.,<a target=\"_blank\" rel=\"nofollow\" href=\"https:\/\/editionsbussiere.com\/blog\/goto\/https:\/\/fr.wikisource.org\/wiki\/Livre_de_pri%C3%A8res,_1852\/Texte_entier\"  target=\"_blank\" rel=\"noopener noreferrer nofollow\">L\u2019article de presse.<\/a><span><\/span>}<br \/>\n|{Livre de pri\u00e8res, 1852\/Seconde partie du triodion.,<a target=\"_blank\" rel=\"nofollow\" href=\"https:\/\/editionsbussiere.com\/blog\/goto\/https:\/\/fr.wikisource.org\/wiki\/Livre_de_pri%C3%A8res,_1852\/Seconde_partie_du_triodion\"  target=\"_blank\" rel=\"noopener noreferrer nofollow\">L\u2019article de presse.<\/a><span><\/span>}<br \/>\n|{Livre de pri\u00e8res, 1852\/Pri\u00e8res tir\u00e9es de la liturgie.,<a target=\"_blank\" rel=\"nofollow\" href=\"https:\/\/editionsbussiere.com\/blog\/goto\/https:\/\/fr.wikisource.org\/wiki\/Livre_de_pri%C3%A8res,_1852\/Pri%C3%A8res_tir%C3%A9es_de_la_liturgie\"  target=\"_blank\" rel=\"noopener noreferrer nofollow\">Le post d\u2019actualit\u00e9.<\/a><span><\/span>}<br \/>\n|{Livre de pri\u00e8res, 1852\/Pri\u00e8res tir\u00e9es de l\u2019office des v\u00eapres.,<a target=\"_blank\" rel=\"nofollow\" href=\"https:\/\/editionsbussiere.com\/blog\/goto\/https:\/\/fr.wikisource.org\/wiki\/Livre_de_pri%C3%A8res,_1852\/Pri%C3%A8res_tir%C3%A9es_de_l%E2%80%99office_des_v%C3%AApres\"  target=\"_blank\" rel=\"noopener noreferrer nofollow\">Ici.<\/a><span><\/span>. Suite sur le prochain article.}<br \/>\n|{Livre de pri\u00e8res, 1852\/Pri\u00e8res tir\u00e9es de l\u2019office des v\u00eapres.,<a target=\"_blank\" rel=\"nofollow\" href=\"https:\/\/editionsbussiere.com\/blog\/goto\/https:\/\/fr.wikisource.org\/wiki\/Livre_de_pri%C3%A8res,_1852\/Pri%C3%A8res_tir%C3%A9es_de_l%E2%80%99office_des_v%C3%AApres\"  target=\"_blank\" rel=\"noopener noreferrer nofollow\">Article complet.<\/a><span><\/span>}<br \/>\n|{Livre de pri\u00e8res, 1852\/Pri\u00e8res ou actes de contrition \u00e0 J\u00e9sus-Christ.,<a target=\"_blank\" rel=\"nofollow\" href=\"https:\/\/editionsbussiere.com\/blog\/goto\/https:\/\/fr.wikisource.org\/wiki\/Livre_de_pri%C3%A8res,_1852\/Pri%C3%A8res_ou_actes_de_contrition_%C3%A0_J%C3%A9sus-Christ\"  target=\"_blank\" rel=\"noopener noreferrer nofollow\">L\u2019article ICI.<\/a><span><\/span>. Suite sur le prochain article.}<br \/>\n|{Livre de pri\u00e8res, 1852\/Pri\u00e8res du soir.,<a target=\"_blank\" rel=\"nofollow\" href=\"https:\/\/editionsbussiere.com\/blog\/goto\/https:\/\/fr.wikisource.org\/wiki\/Livre_de_pri%C3%A8res,_1852\/Pri%C3%A8res_du_soir\"  target=\"_blank\" rel=\"noopener noreferrer nofollow\">Cliquer ICI.<\/a><span><\/span>. Suite sur le prochain article.}<br \/>\n|{Livre de pri\u00e8res, 1852\/Pri\u00e8res du soir.,<a target=\"_blank\" rel=\"nofollow\" href=\"https:\/\/editionsbussiere.com\/blog\/goto\/https:\/\/fr.wikisource.org\/wiki\/Livre_de_pri%C3%A8res,_1852\/Pri%C3%A8res_du_soir\"  target=\"_blank\" rel=\"noopener noreferrer nofollow\">Le texte de l\u2019article.<\/a><span><\/span>. Suite sur le prochain article.}<br \/>\n|{Livre de pri\u00e8res, 1852\/Pri\u00e8res du matin.,<a target=\"_blank\" rel=\"nofollow\" href=\"https:\/\/editionsbussiere.com\/blog\/goto\/https:\/\/fr.wikisource.org\/wiki\/Livre_de_pri%C3%A8res,_1852\/Pri%C3%A8res_du_matin\"  target=\"_blank\" rel=\"noopener noreferrer nofollow\">Le dossier.<\/a><span><\/span>. Suite sur le prochain article.}<br \/>\n|{Livre de pri\u00e8res, 1852\/Pri\u00e8res diverses (vie).,<a target=\"_blank\" rel=\"nofollow\" href=\"https:\/\/editionsbussiere.com\/blog\/goto\/https:\/\/fr.wikisource.org\/wiki\/Livre_de_pri%C3%A8res,_1852\/Pri%C3%A8res_diverses_(vie)\"  target=\"_blank\" rel=\"noopener noreferrer nofollow\">Cliquer ICI.<\/a><span><\/span>. Suite sur le prochain article.}<br \/>\n|{Livre de pri\u00e8res, 1852\/Pri\u00e8res diverses (vie).,<a target=\"_blank\" rel=\"nofollow\" href=\"https:\/\/editionsbussiere.com\/blog\/goto\/https:\/\/fr.wikisource.org\/wiki\/Livre_de_pri%C3%A8res,_1852\/Pri%C3%A8res_diverses_(vie)\"  target=\"_blank\" rel=\"noopener noreferrer nofollow\">A lire ici.<\/a><span><\/span>}<br \/>\n|{Livre de pri\u00e8res, 1852\/Pri\u00e8res de l\u2019office des laudes du matin.,<a target=\"_blank\" rel=\"nofollow\" href=\"https:\/\/editionsbussiere.com\/blog\/goto\/https:\/\/fr.wikisource.org\/wiki\/Livre_de_pri%C3%A8res,_1852\/Pri%C3%A8res_de_l%E2%80%99office_des_laudes_du_matin\"  target=\"_blank\" rel=\"noopener noreferrer nofollow\">Le post d\u2019actualit\u00e9.<\/a><span><\/span>}<br \/>\n|{Livre de pri\u00e8res, 1852\/Pri\u00e8res apr\u00e8s la sainte communion.,<a target=\"_blank\" rel=\"nofollow\" href=\"https:\/\/editionsbussiere.com\/blog\/goto\/https:\/\/fr.wikisource.org\/wiki\/Livre_de_pri%C3%A8res,_1852\/Pri%C3%A8res_apr%C3%A8s_la_sainte_communion\"  target=\"_blank\" rel=\"noopener noreferrer nofollow\">Le dossier.<\/a><span><\/span>}<br \/>\n|{Livre de pri\u00e8res, 1852\/Pr\u00e9paration \u00e0 la sainte communion.,<a target=\"_blank\" rel=\"nofollow\" href=\"https:\/\/editionsbussiere.com\/blog\/goto\/https:\/\/fr.wikisource.org\/wiki\/Livre_de_pri%C3%A8res,_1852\/Pr%C3%A9paration_%C3%A0_la_sainte_communion\"  target=\"_blank\" rel=\"noopener noreferrer nofollow\">A lire ici.<\/a><span><\/span>}<br \/>\n|{Livre de pri\u00e8res, 1852\/Office ou pri\u00e8re \u00e0 la Tr\u00e8s-Sainte Vierge.,<a target=\"_blank\" rel=\"nofollow\" href=\"https:\/\/editionsbussiere.com\/blog\/goto\/https:\/\/fr.wikisource.org\/wiki\/Livre_de_pri%C3%A8res,_1852\/Office_ou_pri%C3%A8re_%C3%A0_la_Tr%C3%A8s-Sainte_Vierge\"  target=\"_blank\" rel=\"noopener noreferrer nofollow\">Article complet.<\/a><span><\/span>. Suite sur le prochain article.}<br \/>\n|{Livre de pri\u00e8res, 1852\/Office ou pri\u00e8re \u00e0 la Tr\u00e8s-Sainte Vierge.,<a target=\"_blank\" rel=\"nofollow\" href=\"https:\/\/editionsbussiere.com\/blog\/goto\/https:\/\/fr.wikisource.org\/wiki\/Livre_de_pri%C3%A8res,_1852\/Office_ou_pri%C3%A8re_%C3%A0_la_Tr%C3%A8s-Sainte_Vierge\"  target=\"_blank\" rel=\"noopener noreferrer nofollow\">Cliquer ICI.<\/a><span><\/span>}<br \/>\n|{Livre de pri\u00e8res, 1852\/Les v\u00eapres de la Pentec\u00f4te.,<a target=\"_blank\" rel=\"nofollow\" href=\"https:\/\/editionsbussiere.com\/blog\/goto\/https:\/\/fr.wikisource.org\/wiki\/Livre_de_pri%C3%A8res,_1852\/Les_v%C3%AApres_de_la_Pentec%C3%B4te\"  target=\"_blank\" rel=\"noopener noreferrer nofollow\">Ici.<\/a><span><\/span>. Suite sur le prochain article.}<br \/>\n|{Livre de pri\u00e8res, 1852\/Cantiques, pri\u00e8res et versets.,<a target=\"_blank\" rel=\"nofollow\" href=\"https:\/\/editionsbussiere.com\/blog\/goto\/https:\/\/fr.wikisource.org\/wiki\/Livre_de_pri%C3%A8res,_1852\/Cantiques,_pri%C3%A8res_et_versets\"  target=\"_blank\" rel=\"noopener noreferrer nofollow\">Le texte de l\u2019article.<\/a><span><\/span>}<br \/>\n|{Livre de pri\u00e8res, 1852.,<a target=\"_blank\" rel=\"nofollow\" href=\"https:\/\/editionsbussiere.com\/blog\/goto\/https:\/\/fr.wikisource.org\/wiki\/Livre_de_pri%C3%A8res,_1852\"  target=\"_blank\" rel=\"noopener noreferrer nofollow\">L\u2019article ICI.<\/a><span><\/span>}<br \/>\n|{Livre de messe des petits enfants.,<a target=\"_blank\" rel=\"nofollow\" href=\"https:\/\/editionsbussiere.com\/blog\/goto\/https:\/\/fr.wikisource.org\/wiki\/Livre_de_messe_des_petits_enfants\"  target=\"_blank\" rel=\"noopener noreferrer nofollow\">Le dossier.<\/a><span><\/span>}<br \/>\n|{Liturgies intimes\/Prudence.,<a target=\"_blank\" rel=\"nofollow\" href=\"https:\/\/editionsbussiere.com\/blog\/goto\/https:\/\/fr.wikisource.org\/wiki\/Liturgies_intimes\/Prudence\"  target=\"_blank\" rel=\"noopener noreferrer nofollow\">Le texte de l\u2019article.<\/a><span><\/span>}<br \/>\n|{Liturgie de saint Jean Chrysostome\/Texte entier.,<a target=\"_blank\" rel=\"nofollow\" href=\"https:\/\/editionsbussiere.com\/blog\/goto\/https:\/\/fr.wikisource.org\/wiki\/Liturgie_de_saint_Jean_Chrysostome\/Texte_entier\"  target=\"_blank\" rel=\"noopener noreferrer nofollow\">Le dossier.<\/a><span><\/span>}<br \/>\n|{Liturgie de saint Jean Chrysostome\/Proscomidie.,<a target=\"_blank\" rel=\"nofollow\" href=\"https:\/\/editionsbussiere.com\/blog\/goto\/https:\/\/fr.wikisource.org\/wiki\/Liturgie_de_saint_Jean_Chrysostome\/Proscomidie\"  target=\"_blank\" rel=\"noopener noreferrer nofollow\">Ici.<\/a><span><\/span>}<br \/>\n|{Liturgie de saint Jean Chrysostome\/Pri\u00e8res apr\u00e8s la Sainte Communion.,<a target=\"_blank\" rel=\"nofollow\" href=\"https:\/\/editionsbussiere.com\/blog\/goto\/https:\/\/fr.wikisource.org\/wiki\/Liturgie_de_saint_Jean_Chrysostome\/Pri%C3%A8res_apr%C3%A8s_la_Sainte_Communion\"  target=\"_blank\" rel=\"noopener noreferrer nofollow\">Le post d\u2019actualit\u00e9.<\/a><span><\/span>. Suite sur le prochain article.}<br \/>\n|{Liturgie de saint Jean Chrysostome\/Liturgie des Fid\u00e8les.,<a target=\"_blank\" rel=\"nofollow\" href=\"https:\/\/editionsbussiere.com\/blog\/goto\/https:\/\/fr.wikisource.org\/wiki\/Liturgie_de_saint_Jean_Chrysostome\/Liturgie_des_Fid%C3%A8les\"  target=\"_blank\" rel=\"noopener noreferrer nofollow\">A lire ici.<\/a><span><\/span>}<br \/>\n|{Liturgie de saint Jean Chrysostome\/Liturgie des Cat\u00e9chum\u00e8nes.,<a target=\"_blank\" rel=\"nofollow\" href=\"https:\/\/editionsbussiere.com\/blog\/goto\/https:\/\/fr.wikisource.org\/wiki\/Liturgie_de_saint_Jean_Chrysostome\/Liturgie_des_Cat%C3%A9chum%C3%A8nes\"  target=\"_blank\" rel=\"noopener noreferrer nofollow\">Article complet.<\/a><span><\/span>}<br \/>\n|{Litt\u00e9rature orale de la Picardie \u2013 La Vierge et les saints.,<a target=\"_blank\" rel=\"nofollow\" href=\"https:\/\/editionsbussiere.com\/blog\/goto\/https:\/\/fr.wikisource.org\/wiki\/Litt%C3%A9rature_orale_de_la_Picardie_%E2%80%93_La_Vierge_et_les_saints\"  target=\"_blank\" rel=\"noopener noreferrer nofollow\">Article complet.<\/a><span><\/span>. Suite sur le prochain article.}<br \/>\n|{Litanies de la Sainte-Vierge.,<a target=\"_blank\" rel=\"nofollow\" href=\"https:\/\/editionsbussiere.com\/blog\/goto\/https:\/\/fr.wikisource.org\/wiki\/Litanies_de_la_Sainte-Vierge\"  target=\"_blank\" rel=\"noopener noreferrer nofollow\">Le texte de l\u2019article.<\/a><span><\/span>}<br \/>\n|{Litanie du sommeil.,<a target=\"_blank\" rel=\"nofollow\" href=\"https:\/\/editionsbussiere.com\/blog\/goto\/https:\/\/fr.wikisource.org\/wiki\/Litanie_du_sommeil\"  target=\"_blank\" rel=\"noopener noreferrer nofollow\">Le post d\u2019actualit\u00e9.<\/a><span><\/span>}<br \/>\n|{Liola ou L\u00e9gende Indienne\/Niagara.,<a target=\"_blank\" rel=\"nofollow\" href=\"https:\/\/editionsbussiere.com\/blog\/goto\/https:\/\/fr.wikisource.org\/wiki\/Liola_ou_L%C3%A9gende_Indienne\/Niagara\"  target=\"_blank\" rel=\"noopener noreferrer nofollow\">Article complet.<\/a><span><\/span>. Suite sur le prochain article.}<br \/>\n|{Lettres parisiennes\/Ann\u00e9e 1847\/01.,<a target=\"_blank\" rel=\"nofollow\" href=\"https:\/\/editionsbussiere.com\/blog\/goto\/https:\/\/fr.wikisource.org\/wiki\/Lettres_parisiennes\/Ann%C3%A9e_1847\/01\"  target=\"_blank\" rel=\"noopener noreferrer nofollow\">Le post d\u2019actualit\u00e9.<\/a><span><\/span>}<br \/>\n|{Lettres famili\u00e8res \u00e9crites d\u2019Italie T.1\/Observations sur quelques tableaux de Bologne.,<a target=\"_blank\" rel=\"nofollow\" href=\"https:\/\/editionsbussiere.com\/blog\/goto\/https:\/\/fr.wikisource.org\/wiki\/Lettres_famili%C3%A8res_%C3%A9crites_d%E2%80%99Italie_T.1\/Observations_sur_quelques_tableaux_de_Bologne\"  target=\"_blank\" rel=\"noopener noreferrer nofollow\">Article complet.<\/a><span><\/span>}<br \/>\n|{Lettres de Fadette\/Quatri\u00e8me s\u00e9rie\/28.,<a target=\"_blank\" rel=\"nofollow\" href=\"https:\/\/editionsbussiere.com\/blog\/goto\/https:\/\/fr.wikisource.org\/wiki\/Lettres_de_Fadette\/Quatri%C3%A8me_s%C3%A9rie\/28\"  target=\"_blank\" rel=\"noopener noreferrer nofollow\">Cliquer ICI.<\/a><span><\/span>. Suite sur le prochain article.}<br \/>\n|{Lettres de Fadette\/Deuxi\u00e8me s\u00e9rie\/42.,<a target=\"_blank\" rel=\"nofollow\" href=\"https:\/\/editionsbussiere.com\/blog\/goto\/https:\/\/fr.wikisource.org\/wiki\/Lettres_de_Fadette\/Deuxi%C3%A8me_s%C3%A9rie\/42\"  target=\"_blank\" rel=\"noopener noreferrer nofollow\">A lire ici.<\/a><span><\/span>}<br \/>\n|{Lettres de Fadette\/Deuxi\u00e8me s\u00e9rie\/09.,<a target=\"_blank\" rel=\"nofollow\" href=\"https:\/\/editionsbussiere.com\/blog\/goto\/https:\/\/fr.wikisource.org\/wiki\/Lettres_de_Fadette\/Deuxi%C3%A8me_s%C3%A9rie\/09\"  target=\"_blank\" rel=\"noopener noreferrer nofollow\">A lire ici.<\/a><span><\/span>}<br \/>\n|{Lettres d\u2019Ab\u00e9lard et d\u2019H\u00e9lo\u00efse\/Tome 1\/Lettre troisi\u00e8me.,<a target=\"_blank\" rel=\"nofollow\" href=\"https:\/\/editionsbussiere.com\/blog\/goto\/https:\/\/fr.wikisource.org\/wiki\/Lettres_d%E2%80%99Ab%C3%A9lard_et_d%E2%80%99H%C3%A9lo%C3%AFse\/Tome_1\/Lettre_troisi%C3%A8me\"  target=\"_blank\" rel=\"noopener noreferrer nofollow\">A lire ici.<\/a><span><\/span>. Suite sur le prochain article.}<br \/>\n|{Lettres d\u2019Ab\u00e9lard et d\u2019H\u00e9lo\u00efse\/Tome 1\/Lettre septi\u00e8me.,<a target=\"_blank\" rel=\"nofollow\" href=\"https:\/\/editionsbussiere.com\/blog\/goto\/https:\/\/fr.wikisource.org\/wiki\/Lettres_d%E2%80%99Ab%C3%A9lard_et_d%E2%80%99H%C3%A9lo%C3%AFse\/Tome_1\/Lettre_septi%C3%A8me\"  target=\"_blank\" rel=\"noopener noreferrer nofollow\">L\u2019article ICI.<\/a><span><\/span>}<br \/>\n|{Lettres \u00e0 un ami sur l\u2019office divin de l\u2019\u00c9glise catholique orthodoxe d\u2019Orient\/II\/Lettre quatri\u00e8me.,<a target=\"_blank\" rel=\"nofollow\" href=\"https:\/\/editionsbussiere.com\/blog\/goto\/https:\/\/fr.wikisource.org\/wiki\/Lettres_%C3%A0_un_ami_sur_l%E2%80%99office_divin_de_l%E2%80%99%C3%89glise_catholique_orthodoxe_d%E2%80%99Orient\/II\/Lettre_quatri%C3%A8me\"  target=\"_blank\" rel=\"noopener noreferrer nofollow\">A lire ici.<\/a><span><\/span>. Suite sur le prochain article.}<br \/>\n|{Lettres \u00e0 un ami sur l\u2019office divin de l\u2019\u00c9glise catholique orthodoxe d\u2019Orient\/I\/Lettre troisi\u00e8me.,<a target=\"_blank\" rel=\"nofollow\" href=\"https:\/\/editionsbussiere.com\/blog\/goto\/https:\/\/fr.wikisource.org\/wiki\/Lettres_%C3%A0_un_ami_sur_l%E2%80%99office_divin_de_l%E2%80%99%C3%89glise_catholique_orthodoxe_d%E2%80%99Orient\/I\/Lettre_troisi%C3%A8me\"  target=\"_blank\" rel=\"noopener noreferrer nofollow\">L\u2019article de presse.<\/a><span><\/span>. Suite sur le prochain article.}<br \/>\n|{Lettres \u00e0 un ami sur l\u2019office divin de l\u2019\u00c9glise catholique orthodoxe d\u2019Orient\/I\/Lettre sixi\u00e8me.,<a target=\"_blank\" rel=\"nofollow\" href=\"https:\/\/editionsbussiere.com\/blog\/goto\/https:\/\/fr.wikisource.org\/wiki\/Lettres_%C3%A0_un_ami_sur_l%E2%80%99office_divin_de_l%E2%80%99%C3%89glise_catholique_orthodoxe_d%E2%80%99Orient\/I\/Lettre_sixi%C3%A8me\"  target=\"_blank\" rel=\"noopener noreferrer nofollow\">L\u2019article de presse.<\/a><span><\/span>}<br \/>\n|{Lettres \u00e0 un ami sur l\u2019office divin de l\u2019\u00c9glise catholique orthodoxe d\u2019Orient\/I\/Lettre deuxi\u00e8me.,<a target=\"_blank\" rel=\"nofollow\" href=\"https:\/\/editionsbussiere.com\/blog\/goto\/https:\/\/fr.wikisource.org\/wiki\/Lettres_%C3%A0_un_ami_sur_l%E2%80%99office_divin_de_l%E2%80%99%C3%89glise_catholique_orthodoxe_d%E2%80%99Orient\/I\/Lettre_deuxi%C3%A8me\"  target=\"_blank\" rel=\"noopener noreferrer nofollow\">L\u2019article ICI.<\/a><span><\/span>}<br \/>\n|{Lettres \u00e0 un ami sur l\u2019office divin de l\u2019\u00c9glise catholique orthodoxe d\u2019Orient\/I\/Lettre cinqui\u00e8me.,<a target=\"_blank\" rel=\"nofollow\" href=\"https:\/\/editionsbussiere.com\/blog\/goto\/https:\/\/fr.wikisource.org\/wiki\/Lettres_%C3%A0_un_ami_sur_l%E2%80%99office_divin_de_l%E2%80%99%C3%89glise_catholique_orthodoxe_d%E2%80%99Orient\/I\/Lettre_cinqui%C3%A8me\"  target=\"_blank\" rel=\"noopener noreferrer nofollow\">A lire ici.<\/a><span><\/span>}<br \/>\n|{Lettre du 15 mars 1676 (S\u00e9vign\u00e9).,<a target=\"_blank\" rel=\"nofollow\" href=\"https:\/\/editionsbussiere.com\/blog\/goto\/https:\/\/fr.wikisource.org\/wiki\/Lettre_du_15_mars_1676_(S%C3%A9vign%C3%A9)\"  target=\"_blank\" rel=\"noopener noreferrer nofollow\">Le texte de l\u2019article.<\/a><span><\/span>}<br \/>\n|{Lettre du 15 mars 1676 (S\u00e9vign\u00e9).,<a target=\"_blank\" rel=\"nofollow\" href=\"https:\/\/editionsbussiere.com\/blog\/goto\/https:\/\/fr.wikisource.org\/wiki\/Lettre_du_15_mars_1676_(S%C3%A9vign%C3%A9)\"  target=\"_blank\" rel=\"noopener noreferrer nofollow\">Le dossier.<\/a><span><\/span>}<br \/>\n|{Les Voyages Advantureux de Fernand Mendez Pinto\/Chap. 69..,<a target=\"_blank\" rel=\"nofollow\" href=\"https:\/\/editionsbussiere.com\/blog\/goto\/https:\/\/fr.wikisource.org\/wiki\/Les_Voyages_Advantureux_de_Fernand_Mendez_Pinto\/Chap._69.\"  target=\"_blank\" rel=\"noopener noreferrer nofollow\">Article complet.<\/a><span><\/span>}<br \/>\n|{Les vitraux du Moyen \u00e2ge et de la Renaissance dans la r\u00e9gion lyonnaise\/2. Notre-Dame-des-Marais.,<a target=\"_blank\" rel=\"nofollow\" href=\"https:\/\/editionsbussiere.com\/blog\/goto\/https:\/\/fr.wikisource.org\/wiki\/Les_vitraux_du_Moyen_%C3%A2ge_et_de_la_Renaissance_dans_la_r%C3%A9gion_lyonnaise\/2._Notre-Dame-des-Marais\"  target=\"_blank\" rel=\"noopener noreferrer nofollow\">Article complet.<\/a><span><\/span>}<br \/>\n|{Les vitraux du Moyen \u00e2ge et de la Renaissance dans la r\u00e9gion lyonnaise\/1.02.6.,<a target=\"_blank\" rel=\"nofollow\" href=\"https:\/\/editionsbussiere.com\/blog\/goto\/https:\/\/fr.wikisource.org\/wiki\/Les_vitraux_du_Moyen_%C3%A2ge_et_de_la_Renaissance_dans_la_r%C3%A9gion_lyonnaise\/1.02.6\"  target=\"_blank\" rel=\"noopener noreferrer nofollow\">A lire ici.<\/a><span><\/span>}<br \/>\n|{Les vitraux du Moyen \u00e2ge et de la Renaissance dans la r\u00e9gion lyonnaise\/1.02.4.,<a target=\"_blank\" rel=\"nofollow\" href=\"https:\/\/editionsbussiere.com\/blog\/goto\/https:\/\/fr.wikisource.org\/wiki\/Les_vitraux_du_Moyen_%C3%A2ge_et_de_la_Renaissance_dans_la_r%C3%A9gion_lyonnaise\/1.02.4\"  target=\"_blank\" rel=\"noopener noreferrer nofollow\">Le post d\u2019actualit\u00e9.<\/a><span><\/span>}<br \/>\n|{Les vitraux du Moyen \u00e2ge et de la Renaissance dans la r\u00e9gion lyonnaise\/1.02.4.,<a target=\"_blank\" rel=\"nofollow\" href=\"https:\/\/editionsbussiere.com\/blog\/goto\/https:\/\/fr.wikisource.org\/wiki\/Les_vitraux_du_Moyen_%C3%A2ge_et_de_la_Renaissance_dans_la_r%C3%A9gion_lyonnaise\/1.02.4\"  target=\"_blank\" rel=\"noopener noreferrer nofollow\">Ici.<\/a><span><\/span>}<br \/>\n|{Les vitraux du Moyen \u00e2ge et de la Renaissance dans la r\u00e9gion lyonnaise\/1.02.,<a target=\"_blank\" rel=\"nofollow\" href=\"https:\/\/editionsbussiere.com\/blog\/goto\/https:\/\/fr.wikisource.org\/wiki\/Les_vitraux_du_Moyen_%C3%A2ge_et_de_la_Renaissance_dans_la_r%C3%A9gion_lyonnaise\/1.02\"  target=\"_blank\" rel=\"noopener noreferrer nofollow\">Le post d\u2019actualit\u00e9.<\/a><span><\/span>}<br \/>\n|{Les vitraux du Moyen \u00e2ge et de la Renaissance dans la r\u00e9gion lyonnaise\/1.02.,<a target=\"_blank\" rel=\"nofollow\" href=\"https:\/\/editionsbussiere.com\/blog\/goto\/https:\/\/fr.wikisource.org\/wiki\/Les_vitraux_du_Moyen_%C3%A2ge_et_de_la_Renaissance_dans_la_r%C3%A9gion_lyonnaise\/1.02\"  target=\"_blank\" rel=\"noopener noreferrer nofollow\">Le texte de l\u2019article.<\/a><span><\/span>. Suite sur le prochain article.}<br \/>\n|{Les Visages de la vie\/La Douceur.,<a target=\"_blank\" rel=\"nofollow\" href=\"https:\/\/editionsbussiere.com\/blog\/goto\/https:\/\/fr.wikisource.org\/wiki\/Les_Visages_de_la_vie\/La_Douceur\"  target=\"_blank\" rel=\"noopener noreferrer nofollow\">Ici.<\/a><span><\/span>. Suite sur le prochain article.}<br \/>\n|{Les Villes \u00e0 pignons\/Les Rois.,<a target=\"_blank\" rel=\"nofollow\" href=\"https:\/\/editionsbussiere.com\/blog\/goto\/https:\/\/fr.wikisource.org\/wiki\/Les_Villes_%C3%A0_pignons\/Les_Rois\"  target=\"_blank\" rel=\"noopener noreferrer nofollow\">L\u2019article ICI.<\/a><span><\/span>. Suite sur le prochain article.}<br \/>\n|{Les vies des plus excellents peintres, sculpteurs, et architectes\/Niccolo di PIERO.,<a target=\"_blank\" rel=\"nofollow\" href=\"https:\/\/editionsbussiere.com\/blog\/goto\/https:\/\/fr.wikisource.org\/wiki\/Les_vies_des_plus_excellents_peintres,_sculpteurs,_et_architectes\/Niccolo_di_PIERO\"  target=\"_blank\" rel=\"noopener noreferrer nofollow\">Cliquer ICI.<\/a><span><\/span>}<br \/>\n|{Les vies des plus excellents peintres, sculpteurs, et architectes\/Lorenzo di BICCI.,<a target=\"_blank\" rel=\"nofollow\" href=\"https:\/\/editionsbussiere.com\/blog\/goto\/https:\/\/fr.wikisource.org\/wiki\/Les_vies_des_plus_excellents_peintres,_sculpteurs,_et_architectes\/Lorenzo_di_BICCI\"  target=\"_blank\" rel=\"noopener noreferrer nofollow\">Article complet.<\/a><span><\/span>. Suite sur le prochain article.}<br \/>\n|{Les vies des plus excellents peintres, sculpteurs, et architectes\/Giovannantonio da VERZELLI dit le SODOMA.,<a target=\"_blank\" rel=\"nofollow\" href=\"https:\/\/editionsbussiere.com\/blog\/goto\/https:\/\/fr.wikisource.org\/wiki\/Les_vies_des_plus_excellents_peintres,_sculpteurs,_et_architectes\/Giovannantonio_da_VERZELLI_dit_le_SODOMA\"  target=\"_blank\" rel=\"noopener noreferrer nofollow\">Cliquer ICI.<\/a><span><\/span>}<br \/>\n|{Les vies des plus excellents peintres, sculpteurs, et architectes\/Filippo LIPPI.,<a target=\"_blank\" rel=\"nofollow\" href=\"https:\/\/editionsbussiere.com\/blog\/goto\/https:\/\/fr.wikisource.org\/wiki\/Les_vies_des_plus_excellents_peintres,_sculpteurs,_et_architectes\/Filippo_LIPPI\"  target=\"_blank\" rel=\"noopener noreferrer nofollow\">Cliquer ICI.<\/a><span><\/span>}<br \/>\n|{Les vies des plus excellents peintres, sculpteurs, et architectes\/Antonio da CORREGIO.,<a target=\"_blank\" rel=\"nofollow\" href=\"https:\/\/editionsbussiere.com\/blog\/goto\/https:\/\/fr.wikisource.org\/wiki\/Les_vies_des_plus_excellents_peintres,_sculpteurs,_et_architectes\/Antonio_da_CORREGIO\"  target=\"_blank\" rel=\"noopener noreferrer nofollow\">A lire ici.<\/a><span><\/span>. Suite sur le prochain article.}<br \/>\n|{Les Vierges de Verdun, Ode.,<a target=\"_blank\" rel=\"nofollow\" href=\"https:\/\/editionsbussiere.com\/blog\/goto\/https:\/\/fr.wikisource.org\/wiki\/Les_Vierges_de_Verdun,_Ode\"  target=\"_blank\" rel=\"noopener noreferrer nofollow\">L\u2019article ICI.<\/a><span><\/span>. Suite sur le prochain article.}<br \/>\n|{Les Vierges de Syracuse\/Texte entier.,<a target=\"_blank\" rel=\"nofollow\" href=\"https:\/\/editionsbussiere.com\/blog\/goto\/https:\/\/fr.wikisource.org\/wiki\/Les_Vierges_de_Syracuse\/Texte_entier\"  target=\"_blank\" rel=\"noopener noreferrer nofollow\">A lire ici.<\/a><span><\/span>. Suite sur le prochain article.}<br \/>\n|{Les Vierges de Syracuse\/04.,<a target=\"_blank\" rel=\"nofollow\" href=\"https:\/\/editionsbussiere.com\/blog\/goto\/https:\/\/fr.wikisource.org\/wiki\/Les_Vierges_de_Syracuse\/04\"  target=\"_blank\" rel=\"noopener noreferrer nofollow\">Cliquer ICI.<\/a><span><\/span>}<br \/>\n|{Les Vierges aux Rochers et la l\u00e9gende de La Joconde.,<a target=\"_blank\" rel=\"nofollow\" href=\"https:\/\/editionsbussiere.com\/blog\/goto\/https:\/\/fr.wikisource.org\/wiki\/Les_Vierges_aux_Rochers_et_la_l%C3%A9gende_de_La_Joconde\"  target=\"_blank\" rel=\"noopener noreferrer nofollow\">A lire ici.<\/a><span><\/span>}<br \/>\n|{Les Troubadours, leurs vies, leurs \u0153uvres, leur influence\/Chapitre IX.,<a target=\"_blank\" rel=\"nofollow\" href=\"https:\/\/editionsbussiere.com\/blog\/goto\/https:\/\/fr.wikisource.org\/wiki\/Les_Troubadours,_leurs_vies,_leurs_%C5%93uvres,_leur_influence\/Chapitre_IX\"  target=\"_blank\" rel=\"noopener noreferrer nofollow\">Ici.<\/a><span><\/span>}<br \/>\n|{Les Troph\u00e9es\/Le Tombeau du Conqu\u00e9rant.,<a target=\"_blank\" rel=\"nofollow\" href=\"https:\/\/editionsbussiere.com\/blog\/goto\/https:\/\/fr.wikisource.org\/wiki\/Les_Troph%C3%A9es\/Le_Tombeau_du_Conqu%C3%A9rant\"  target=\"_blank\" rel=\"noopener noreferrer nofollow\">Ici.<\/a><span><\/span>}<br \/>\n|{Les trois roses de Marie-Anne.,<a target=\"_blank\" rel=\"nofollow\" href=\"https:\/\/editionsbussiere.com\/blog\/goto\/https:\/\/fr.wikisource.org\/wiki\/Les_trois_roses_de_Marie-Anne\"  target=\"_blank\" rel=\"noopener noreferrer nofollow\">Le texte de l\u2019article.<\/a><span><\/span>}<br \/>\n|{Les trois roses de Marie-Anne.,<a target=\"_blank\" rel=\"nofollow\" href=\"https:\/\/editionsbussiere.com\/blog\/goto\/https:\/\/fr.wikisource.org\/wiki\/Les_trois_roses_de_Marie-Anne\"  target=\"_blank\" rel=\"noopener noreferrer nofollow\">Le texte de l\u2019article.<\/a><span><\/span>. Suite sur le prochain article.}<br \/>\n|{Les trois cocus\/Chapitre XXIX.,<a target=\"_blank\" rel=\"nofollow\" href=\"https:\/\/editionsbussiere.com\/blog\/goto\/https:\/\/fr.wikisource.org\/wiki\/Les_trois_cocus\/Chapitre_XXIX\"  target=\"_blank\" rel=\"noopener noreferrer nofollow\">Article complet.<\/a><span><\/span>}<br \/>\n|{Les Tendresses premi\u00e8res\/Mon Village.,<a target=\"_blank\" rel=\"nofollow\" href=\"https:\/\/editionsbussiere.com\/blog\/goto\/https:\/\/fr.wikisource.org\/wiki\/Les_Tendresses_premi%C3%A8res\/Mon_Village\"  target=\"_blank\" rel=\"noopener noreferrer nofollow\">A lire ici.<\/a><span><\/span>. Suite sur le prochain article.}<br \/>\n|{Les Souvenirs (Albert M\u00e9rat)\/La B\u00e9n\u00e9diction de la baie.,<a target=\"_blank\" rel=\"nofollow\" href=\"https:\/\/editionsbussiere.com\/blog\/goto\/https:\/\/fr.wikisource.org\/wiki\/Les_Souvenirs_(Albert_M%C3%A9rat)\/La_B%C3%A9n%C3%A9diction_de_la_baie\"  target=\"_blank\" rel=\"noopener noreferrer nofollow\">Cliquer ICI.<\/a><span><\/span>. Suite sur le prochain article.}<br \/>\n|{Les Si\u00e8cles morts\/La Pri\u00e8re du Nabi.,<a target=\"_blank\" rel=\"nofollow\" href=\"https:\/\/editionsbussiere.com\/blog\/goto\/https:\/\/fr.wikisource.org\/wiki\/Les_Si%C3%A8cles_morts\/La_Pri%C3%A8re_du_Nabi\"  target=\"_blank\" rel=\"noopener noreferrer nofollow\">L\u2019article ICI.<\/a><span><\/span>. Suite sur le prochain article.}<br \/>\n|{Les Si\u00e8cles morts\/L\u2019Exil.,<a target=\"_blank\" rel=\"nofollow\" href=\"https:\/\/editionsbussiere.com\/blog\/goto\/https:\/\/fr.wikisource.org\/wiki\/Les_Si%C3%A8cles_morts\/L%E2%80%99Exil\"  target=\"_blank\" rel=\"noopener noreferrer nofollow\">Le dossier.<\/a><span><\/span>}<br \/>\n|{Les Si\u00e8cles morts\/Consolation \u00e0 S\u00e9r\u00e9na.,<a target=\"_blank\" rel=\"nofollow\" href=\"https:\/\/editionsbussiere.com\/blog\/goto\/https:\/\/fr.wikisource.org\/wiki\/Les_Si%C3%A8cles_morts\/Consolation_%C3%A0_S%C3%A9r%C3%A9na\"  target=\"_blank\" rel=\"noopener noreferrer nofollow\">Ici.<\/a><span><\/span>}<br \/>\n|{Les Si\u00e8cles morts\/B\u00e8n-Hadad.,<a target=\"_blank\" rel=\"nofollow\" href=\"https:\/\/editionsbussiere.com\/blog\/goto\/https:\/\/fr.wikisource.org\/wiki\/Les_Si%C3%A8cles_morts\/B%C3%A8n-Hadad\"  target=\"_blank\" rel=\"noopener noreferrer nofollow\">Article complet.<\/a><span><\/span>}<br \/>\n|{Les Sept contre Th\u00e8ba (Eschyle, Leconte de Lisle).,<a target=\"_blank\" rel=\"nofollow\" href=\"https:\/\/editionsbussiere.com\/blog\/goto\/https:\/\/fr.wikisource.org\/wiki\/Les_Sept_contre_Th%C3%A8ba_(Eschyle,_Leconte_de_Lisle)\"  target=\"_blank\" rel=\"noopener noreferrer nofollow\">Le texte de l\u2019article.<\/a><span><\/span>. Suite sur le prochain article.}<br \/>\n|{Les Rois (Verhaeren).,<a target=\"_blank\" rel=\"nofollow\" href=\"https:\/\/editionsbussiere.com\/blog\/goto\/https:\/\/fr.wikisource.org\/wiki\/Les_Rois_(Verhaeren)\"  target=\"_blank\" rel=\"noopener noreferrer nofollow\">Le texte de l\u2019article.<\/a><span><\/span>}<br \/>\n|{Les Reposoirs de la procession (1893)\/Tome I\/Nocturne.,<a target=\"_blank\" rel=\"nofollow\" href=\"https:\/\/editionsbussiere.com\/blog\/goto\/https:\/\/fr.wikisource.org\/wiki\/Les_Reposoirs_de_la_procession_(1893)\/Tome_I\/Nocturne\"  target=\"_blank\" rel=\"noopener noreferrer nofollow\">Le dossier.<\/a><span><\/span>. Suite sur le prochain article.}<br \/>\n|{Les Rayons et les Ombres\/Regard jet\u00e9 dans une mansarde.,<a target=\"_blank\" rel=\"nofollow\" href=\"https:\/\/editionsbussiere.com\/blog\/goto\/https:\/\/fr.wikisource.org\/wiki\/Les_Rayons_et_les_Ombres\/Regard_jet%C3%A9_dans_une_mansarde\"  target=\"_blank\" rel=\"noopener noreferrer nofollow\">Cliquer ICI.<\/a><span><\/span>. Suite sur le prochain article.}<br \/>\n|{Les R\u00eaves morts (Montreuil, deuxi\u00e8me \u00e9dition)\/Ma vieille \u00e9glise St-Roch.,<a target=\"_blank\" rel=\"nofollow\" href=\"https:\/\/editionsbussiere.com\/blog\/goto\/https:\/\/fr.wikisource.org\/wiki\/Les_R%C3%AAves_morts_(Montreuil,_deuxi%C3%A8me_%C3%A9dition)\/Ma_vieille_%C3%A9glise_St-Roch\"  target=\"_blank\" rel=\"noopener noreferrer nofollow\">Le post d\u2019actualit\u00e9.<\/a><span><\/span>}<br \/>\n|{Les R\u00e9fugi\u00e9s\/XIX.,<a target=\"_blank\" rel=\"nofollow\" href=\"https:\/\/editionsbussiere.com\/blog\/goto\/https:\/\/fr.wikisource.org\/wiki\/Les_R%C3%A9fugi%C3%A9s\/XIX\"  target=\"_blank\" rel=\"noopener noreferrer nofollow\">Cliquer ICI.<\/a><span><\/span>. Suite sur le prochain article.}<br \/>\n|{Les Quatre Pri\u00e8res dans la cath\u00e9drale de Chartres.,<a target=\"_blank\" rel=\"nofollow\" href=\"https:\/\/editionsbussiere.com\/blog\/goto\/https:\/\/fr.wikisource.org\/wiki\/Les_Quatre_Pri%C3%A8res_dans_la_cath%C3%A9drale_de_Chartres\"  target=\"_blank\" rel=\"noopener noreferrer nofollow\">Le dossier.<\/a><span><\/span>. Suite sur le prochain article.}<br \/>\n|{Les Quatre \u00c9vangiles (Crampon 1864)\/Table des Evangiles.,<a target=\"_blank\" rel=\"nofollow\" href=\"https:\/\/editionsbussiere.com\/blog\/goto\/https:\/\/fr.wikisource.org\/wiki\/Les_Quatre_%C3%89vangiles_(Crampon_1864)\/Table_des_Evangiles\"  target=\"_blank\" rel=\"noopener noreferrer nofollow\">L\u2019article de presse.<\/a><span><\/span>}<br \/>\n|{Les Quatre \u00c9vangiles (Crampon 1864)\/Table des Evangiles.,<a target=\"_blank\" rel=\"nofollow\" href=\"https:\/\/editionsbussiere.com\/blog\/goto\/https:\/\/fr.wikisource.org\/wiki\/Les_Quatre_%C3%89vangiles_(Crampon_1864)\/Table_des_Evangiles\"  target=\"_blank\" rel=\"noopener noreferrer nofollow\">L\u2019article ICI.<\/a><span><\/span>}<br \/>\n}<\/p>\n<p>{{Les Quatre \u00c9vangiles (Crampon 1864)\/Luc\/01.,<a target=\"_blank\" rel=\"nofollow\" href=\"https:\/\/editionsbussiere.com\/blog\/goto\/https:\/\/fr.wikisource.org\/wiki\/Les_Quatre_%C3%89vangiles_(Crampon_1864)\/Luc\/01\"  target=\"_blank\" rel=\"noopener noreferrer nofollow\">L\u2019article ICI.<\/a><span><\/span>. Suite sur le prochain article.}<br \/>\n|{Les Quatre \u00c9vangiles (Crampon 1864)\/Luc\/01.,<a target=\"_blank\" rel=\"nofollow\" href=\"https:\/\/editionsbussiere.com\/blog\/goto\/https:\/\/fr.wikisource.org\/wiki\/Les_Quatre_%C3%89vangiles_(Crampon_1864)\/Luc\/01\"  target=\"_blank\" rel=\"noopener noreferrer nofollow\">Cliquer ICI.<\/a><span><\/span>}<br \/>\n|{Les Po\u00e8tes du terroir T I\/Georges Spetz.,<a target=\"_blank\" rel=\"nofollow\" href=\"https:\/\/editionsbussiere.com\/blog\/goto\/https:\/\/fr.wikisource.org\/wiki\/Les_Po%C3%A8tes_du_terroir_T_I\/Georges_Spetz\"  target=\"_blank\" rel=\"noopener noreferrer nofollow\">L\u2019article ICI.<\/a><span><\/span>. Suite sur le prochain article.}<br \/>\n|{Les Plateaux de la balance\/Pr\u00e9face d\u2019Ernest Hello.,<a target=\"_blank\" rel=\"nofollow\" href=\"https:\/\/editionsbussiere.com\/blog\/goto\/https:\/\/fr.wikisource.org\/wiki\/Les_Plateaux_de_la_balance\/Pr%C3%A9face_d%E2%80%99Ernest_Hello\"  target=\"_blank\" rel=\"noopener noreferrer nofollow\">Cliquer ICI.<\/a><span><\/span>}<br \/>\n|{Les Plaines\/L\u2019Incendiaire.,<a target=\"_blank\" rel=\"nofollow\" href=\"https:\/\/editionsbussiere.com\/blog\/goto\/https:\/\/fr.wikisource.org\/wiki\/Les_Plaines\/L%E2%80%99Incendiaire\"  target=\"_blank\" rel=\"noopener noreferrer nofollow\">Le texte de l\u2019article.<\/a><span><\/span>}<br \/>\n|{Les Pittoresques (Eekhoud)\/Une Vierge folle\/3.,<a target=\"_blank\" rel=\"nofollow\" href=\"https:\/\/editionsbussiere.com\/blog\/goto\/https:\/\/fr.wikisource.org\/wiki\/Les_Pittoresques_(Eekhoud)\/Une_Vierge_folle\/3\"  target=\"_blank\" rel=\"noopener noreferrer nofollow\">Cliquer ICI.<\/a><span><\/span>}<br \/>\n|{Les Pittoresques (Eekhoud)\/Une Vierge folle\/1.,<a target=\"_blank\" rel=\"nofollow\" href=\"https:\/\/editionsbussiere.com\/blog\/goto\/https:\/\/fr.wikisource.org\/wiki\/Les_Pittoresques_(Eekhoud)\/Une_Vierge_folle\/1\"  target=\"_blank\" rel=\"noopener noreferrer nofollow\">Le dossier.<\/a><span><\/span>}<br \/>\n|{Les Petits po\u00e8mes grecs\/Orph\u00e9e\/Hymnes.,<a target=\"_blank\" rel=\"nofollow\" href=\"https:\/\/editionsbussiere.com\/blog\/goto\/https:\/\/fr.wikisource.org\/wiki\/Les_Petits_po%C3%A8mes_grecs\/Orph%C3%A9e\/Hymnes\"  target=\"_blank\" rel=\"noopener noreferrer nofollow\">Le dossier.<\/a><span><\/span>}<br \/>\n|{Les Petites Religions de Paris\/Le culte de l\u2019Humanit\u00e9.,<a target=\"_blank\" rel=\"nofollow\" href=\"https:\/\/editionsbussiere.com\/blog\/goto\/https:\/\/fr.wikisource.org\/wiki\/Les_Petites_Religions_de_Paris\/Le_culte_de_l%E2%80%99Humanit%C3%A9\"  target=\"_blank\" rel=\"noopener noreferrer nofollow\">Ici.<\/a><span><\/span>. Suite sur le prochain article.}<br \/>\n|{Les P\u00e8res de l\u2019\u00c9glise\/Tome 3\/Livre V\/Chapitre XIX.,<a target=\"_blank\" rel=\"nofollow\" href=\"https:\/\/editionsbussiere.com\/blog\/goto\/https:\/\/fr.wikisource.org\/wiki\/Les_P%C3%A8res_de_l%E2%80%99%C3%89glise\/Tome_3\/Livre_V\/Chapitre_XIX\"  target=\"_blank\" rel=\"noopener noreferrer nofollow\">Le post d\u2019actualit\u00e9.<\/a><span><\/span>}<br \/>\n|{Les P\u00e8res de l\u2019\u00c9glise\/Tome 3\/Livre III\/Chapitre XXII.,<a target=\"_blank\" rel=\"nofollow\" href=\"https:\/\/editionsbussiere.com\/blog\/goto\/https:\/\/fr.wikisource.org\/wiki\/Les_P%C3%A8res_de_l%E2%80%99%C3%89glise\/Tome_3\/Livre_III\/Chapitre_XXII\"  target=\"_blank\" rel=\"noopener noreferrer nofollow\">Cliquer ICI.<\/a><span><\/span>}<br \/>\n|{Les P\u00e8res de l\u2019\u00c9glise\/Tome 3\/Livre III\/Chapitre XXI.,<a target=\"_blank\" rel=\"nofollow\" href=\"https:\/\/editionsbussiere.com\/blog\/goto\/https:\/\/fr.wikisource.org\/wiki\/Les_P%C3%A8res_de_l%E2%80%99%C3%89glise\/Tome_3\/Livre_III\/Chapitre_XXI\"  target=\"_blank\" rel=\"noopener noreferrer nofollow\">Le post d\u2019actualit\u00e9.<\/a><span><\/span>}<br \/>\n|{Les P\u00e8res de l\u2019\u00c9glise\/Tome 3\/Livre III\/Chapitre XVI.,<a target=\"_blank\" rel=\"nofollow\" href=\"https:\/\/editionsbussiere.com\/blog\/goto\/https:\/\/fr.wikisource.org\/wiki\/Les_P%C3%A8res_de_l%E2%80%99%C3%89glise\/Tome_3\/Livre_III\/Chapitre_XVI\"  target=\"_blank\" rel=\"noopener noreferrer nofollow\">A lire ici.<\/a><span><\/span>}<br \/>\n|{Les P\u00e8res de l\u2019\u00c9glise\/Tome 3\/Livre III.,<a target=\"_blank\" rel=\"nofollow\" href=\"https:\/\/editionsbussiere.com\/blog\/goto\/https:\/\/fr.wikisource.org\/wiki\/Les_P%C3%A8res_de_l%E2%80%99%C3%89glise\/Tome_3\/Livre_III\"  target=\"_blank\" rel=\"noopener noreferrer nofollow\">Ici.<\/a><span><\/span>. Suite sur le prochain article.}<br \/>\n|{Les P\u00e8res de l\u2019\u00c9glise\/Tome 1\/Auteurs inconnus\/Saint Hermas.,<a target=\"_blank\" rel=\"nofollow\" href=\"https:\/\/editionsbussiere.com\/blog\/goto\/https:\/\/fr.wikisource.org\/wiki\/Les_P%C3%A8res_de_l%E2%80%99%C3%89glise\/Tome_1\/Auteurs_inconnus\/Saint_Hermas\"  target=\"_blank\" rel=\"noopener noreferrer nofollow\">Cliquer ICI.<\/a><span><\/span>}<br \/>\n|{Les P\u00e8res de l\u2019\u00c9glise\/Tome 1\/\u00c9p\u00eetre aux Smyrniens (saint Ignace).,<a target=\"_blank\" rel=\"nofollow\" href=\"https:\/\/editionsbussiere.com\/blog\/goto\/https:\/\/fr.wikisource.org\/wiki\/Les_P%C3%A8res_de_l%E2%80%99%C3%89glise\/Tome_1\/%C3%89p%C3%AEtre_aux_Smyrniens_(saint_Ignace)\"  target=\"_blank\" rel=\"noopener noreferrer nofollow\">Cliquer ICI.<\/a><span><\/span>. Suite sur le prochain article.}<br \/>\n|{Les Oiseaux de passage (S\u00e9galas)\/03\/06.,<a target=\"_blank\" rel=\"nofollow\" href=\"https:\/\/editionsbussiere.com\/blog\/goto\/https:\/\/fr.wikisource.org\/wiki\/Les_Oiseaux_de_passage_(S%C3%A9galas)\/03\/06\"  target=\"_blank\" rel=\"noopener noreferrer nofollow\">Cliquer ICI.<\/a><span><\/span>}<br \/>\n|{Les Oiseaux de passage (S\u00e9galas)\/02\/14.,<a target=\"_blank\" rel=\"nofollow\" href=\"https:\/\/editionsbussiere.com\/blog\/goto\/https:\/\/fr.wikisource.org\/wiki\/Les_Oiseaux_de_passage_(S%C3%A9galas)\/02\/14\"  target=\"_blank\" rel=\"noopener noreferrer nofollow\">L\u2019article ICI.<\/a><span><\/span>}<br \/>\n|{Les Oiseaux de passage (S\u00e9galas)\/02\/06.,<a target=\"_blank\" rel=\"nofollow\" href=\"https:\/\/editionsbussiere.com\/blog\/goto\/https:\/\/fr.wikisource.org\/wiki\/Les_Oiseaux_de_passage_(S%C3%A9galas)\/02\/06\"  target=\"_blank\" rel=\"noopener noreferrer nofollow\">Cliquer ICI.<\/a><span><\/span>}<br \/>\n|{Les Nouvelles drolatiques\/Le Calice de Mme de Trigonec.,<a target=\"_blank\" rel=\"nofollow\" href=\"https:\/\/editionsbussiere.com\/blog\/goto\/https:\/\/fr.wikisource.org\/wiki\/Les_Nouvelles_drolatiques\/Le_Calice_de_Mme_de_Trigonec\"  target=\"_blank\" rel=\"noopener noreferrer nofollow\">L\u2019article de presse.<\/a><span><\/span>}<br \/>\n|{Les Noces chymiques de Christian Rosenkreutz\/Jour 6.,<a target=\"_blank\" rel=\"nofollow\" href=\"https:\/\/editionsbussiere.com\/blog\/goto\/https:\/\/fr.wikisource.org\/wiki\/Les_Noces_chymiques_de_Christian_Rosenkreutz\/Jour_6\"  target=\"_blank\" rel=\"noopener noreferrer nofollow\">Le dossier.<\/a><span><\/span>. Suite sur le prochain article.}<br \/>\n|{Les Noces chymiques de Christian Rosenkreutz\/Jour 4.,<a target=\"_blank\" rel=\"nofollow\" href=\"https:\/\/editionsbussiere.com\/blog\/goto\/https:\/\/fr.wikisource.org\/wiki\/Les_Noces_chymiques_de_Christian_Rosenkreutz\/Jour_4\"  target=\"_blank\" rel=\"noopener noreferrer nofollow\">L\u2019article de presse.<\/a><span><\/span>. Suite sur le prochain article.}<br \/>\n|{Les Noces chymiques de Christian Rosenkreutz\/Jour 3.,<a target=\"_blank\" rel=\"nofollow\" href=\"https:\/\/editionsbussiere.com\/blog\/goto\/https:\/\/fr.wikisource.org\/wiki\/Les_Noces_chymiques_de_Christian_Rosenkreutz\/Jour_3\"  target=\"_blank\" rel=\"noopener noreferrer nofollow\">Le post d\u2019actualit\u00e9.<\/a><span><\/span>}<br \/>\n|{Les Nibelungen\/6.,<a target=\"_blank\" rel=\"nofollow\" href=\"https:\/\/editionsbussiere.com\/blog\/goto\/https:\/\/fr.wikisource.org\/wiki\/Les_Nibelungen\/6\"  target=\"_blank\" rel=\"noopener noreferrer nofollow\">L\u2019article ICI.<\/a><span><\/span>}<br \/>\n|{Les Natchez\/Livre 4.,<a target=\"_blank\" rel=\"nofollow\" href=\"https:\/\/editionsbussiere.com\/blog\/goto\/https:\/\/fr.wikisource.org\/wiki\/Les_Natchez\/Livre_4\"  target=\"_blank\" rel=\"noopener noreferrer nofollow\">Ici.<\/a><span><\/span>}<br \/>\n|{Les Muses fran\u00e7aises\/Marie de Gournay.,<a target=\"_blank\" rel=\"nofollow\" href=\"https:\/\/editionsbussiere.com\/blog\/goto\/https:\/\/fr.wikisource.org\/wiki\/Les_Muses_fran%C3%A7aises\/Marie_de_Gournay\"  target=\"_blank\" rel=\"noopener noreferrer nofollow\">Article complet.<\/a><span><\/span>. Suite sur le prochain article.}<br \/>\n|{Les Moines (Recueil)\/Vision.,<a target=\"_blank\" rel=\"nofollow\" href=\"https:\/\/editionsbussiere.com\/blog\/goto\/https:\/\/fr.wikisource.org\/wiki\/Les_Moines_(Recueil)\/Vision\"  target=\"_blank\" rel=\"noopener noreferrer nofollow\">Le post d\u2019actualit\u00e9.<\/a><span><\/span>}<br \/>\n|{Les Moines (Recueil)\/Mort chr\u00e9tienne.,<a target=\"_blank\" rel=\"nofollow\" href=\"https:\/\/editionsbussiere.com\/blog\/goto\/https:\/\/fr.wikisource.org\/wiki\/Les_Moines_(Recueil)\/Mort_chr%C3%A9tienne\"  target=\"_blank\" rel=\"noopener noreferrer nofollow\">Le post d\u2019actualit\u00e9.<\/a><span><\/span>}<br \/>\n|{Les Moines (Recueil)\/Le cimeti\u00e8re.,<a target=\"_blank\" rel=\"nofollow\" href=\"https:\/\/editionsbussiere.com\/blog\/goto\/https:\/\/fr.wikisource.org\/wiki\/Les_Moines_(Recueil)\/Le_cimeti%C3%A8re\"  target=\"_blank\" rel=\"noopener noreferrer nofollow\">Le dossier.<\/a><span><\/span>. Suite sur le prochain article.}<br \/>\n|{Les Mis\u00e9rables (1908)\/Tome 2\/Livre 6\/05.,<a target=\"_blank\" rel=\"nofollow\" href=\"https:\/\/editionsbussiere.com\/blog\/goto\/https:\/\/fr.wikisource.org\/wiki\/Les_Mis%C3%A9rables_(1908)\/Tome_2\/Livre_6\/05\"  target=\"_blank\" rel=\"noopener noreferrer nofollow\">L\u2019article ICI.<\/a><span><\/span>}<br \/>\n|{Les Mis\u00e9rables\/Tome 2\/Livre 6\/05.,<a target=\"_blank\" rel=\"nofollow\" href=\"https:\/\/editionsbussiere.com\/blog\/goto\/https:\/\/fr.wikisource.org\/wiki\/Les_Mis%C3%A9rables\/Tome_2\/Livre_6\/05\"  target=\"_blank\" rel=\"noopener noreferrer nofollow\">L\u2019article ICI.<\/a><span><\/span>}<br \/>\n|{Les Mille et Un Fant\u00f4mes\/Chapitre 10.,<a target=\"_blank\" rel=\"nofollow\" href=\"https:\/\/editionsbussiere.com\/blog\/goto\/https:\/\/fr.wikisource.org\/wiki\/Les_Mille_et_Un_Fant%C3%B4mes\/Chapitre_10\"  target=\"_blank\" rel=\"noopener noreferrer nofollow\">L\u2019article ICI.<\/a><span><\/span>}<br \/>\n|{Les Mages (Verhaeren).,<a target=\"_blank\" rel=\"nofollow\" href=\"https:\/\/editionsbussiere.com\/blog\/goto\/https:\/\/fr.wikisource.org\/wiki\/Les_Mages_(Verhaeren)\"  target=\"_blank\" rel=\"noopener noreferrer nofollow\">A lire ici.<\/a><span><\/span>}<br \/>\n|{Les Lettres d\u2019Amabed\/Lettre 19b d\u2019Amabed.,<a target=\"_blank\" rel=\"nofollow\" href=\"https:\/\/editionsbussiere.com\/blog\/goto\/https:\/\/fr.wikisource.org\/wiki\/Les_Lettres_d%E2%80%99Amabed\/Lettre_19b_d%E2%80%99Amabed\"  target=\"_blank\" rel=\"noopener noreferrer nofollow\">L\u2019article ICI.<\/a><span><\/span>. Suite sur le prochain article.}<br \/>\n|{Les Lettres d\u2019Amabed\/Lettre 11b d\u2019Amabed.,<a target=\"_blank\" rel=\"nofollow\" href=\"https:\/\/editionsbussiere.com\/blog\/goto\/https:\/\/fr.wikisource.org\/wiki\/Les_Lettres_d%E2%80%99Amabed\/Lettre_11b_d%E2%80%99Amabed\"  target=\"_blank\" rel=\"noopener noreferrer nofollow\">Le dossier.<\/a><span><\/span>. Suite sur le prochain article.}<br \/>\n|{Les L\u00e9gendes des Pyr\u00e9n\u00e9es\/Notre-Dame de Sarrance.,<a target=\"_blank\" rel=\"nofollow\" href=\"https:\/\/editionsbussiere.com\/blog\/goto\/https:\/\/fr.wikisource.org\/wiki\/Les_L%C3%A9gendes_des_Pyr%C3%A9n%C3%A9es\/Notre-Dame_de_Sarrance\"  target=\"_blank\" rel=\"noopener noreferrer nofollow\">Article complet.<\/a><span><\/span>}<br \/>\n|{Les L\u00e8vres closes.,<a target=\"_blank\" rel=\"nofollow\" href=\"https:\/\/editionsbussiere.com\/blog\/goto\/https:\/\/fr.wikisource.org\/wiki\/Les_L%C3%A8vres_closes\"  target=\"_blank\" rel=\"noopener noreferrer nofollow\">Le texte de l\u2019article.<\/a><span><\/span>}<br \/>\n|{Les Kithar\u00e8des\/Les beaux Ch\u0153urs.,<a target=\"_blank\" rel=\"nofollow\" href=\"https:\/\/editionsbussiere.com\/blog\/goto\/https:\/\/fr.wikisource.org\/wiki\/Les_Kithar%C3%A8des\/Les_beaux_Ch%C5%93urs\"  target=\"_blank\" rel=\"noopener noreferrer nofollow\">Le post d\u2019actualit\u00e9.<\/a><span><\/span>}<br \/>\n|{Les Hirondelles (Esquiros)\/La Fianc\u00e9e du couvent..,<a target=\"_blank\" rel=\"nofollow\" href=\"https:\/\/editionsbussiere.com\/blog\/goto\/https:\/\/fr.wikisource.org\/wiki\/Les_Hirondelles_(Esquiros)\/La_Fianc%C3%A9e_du_couvent.\"  target=\"_blank\" rel=\"noopener noreferrer nofollow\">Le dossier.<\/a><span><\/span>}<br \/>\n|{Les Hirondelles (Esquiros)\/La F\u00eate-Dieu..,<a target=\"_blank\" rel=\"nofollow\" href=\"https:\/\/editionsbussiere.com\/blog\/goto\/https:\/\/fr.wikisource.org\/wiki\/Les_Hirondelles_(Esquiros)\/La_F%C3%AAte-Dieu.\"  target=\"_blank\" rel=\"noopener noreferrer nofollow\">Le dossier.<\/a><span><\/span>}<br \/>\n|{Les Hautes Montagnes\/66.,<a target=\"_blank\" rel=\"nofollow\" href=\"https:\/\/editionsbussiere.com\/blog\/goto\/https:\/\/fr.wikisource.org\/wiki\/Les_Hautes_Montagnes\/66\"  target=\"_blank\" rel=\"noopener noreferrer nofollow\">Le texte de l\u2019article.<\/a><span><\/span>}<br \/>\n|{Les Habits noirs\/Partie 1\/Chapitre 15.,<a target=\"_blank\" rel=\"nofollow\" href=\"https:\/\/editionsbussiere.com\/blog\/goto\/https:\/\/fr.wikisource.org\/wiki\/Les_Habits_noirs\/Partie_1\/Chapitre_15\"  target=\"_blank\" rel=\"noopener noreferrer nofollow\">Ici.<\/a><span><\/span>}<br \/>\n|{Les Fous litt\u00e9raires\/E.,<a target=\"_blank\" rel=\"nofollow\" href=\"https:\/\/editionsbussiere.com\/blog\/goto\/https:\/\/fr.wikisource.org\/wiki\/Les_Fous_litt%C3%A9raires\/E\"  target=\"_blank\" rel=\"noopener noreferrer nofollow\">A lire ici.<\/a><span><\/span>. Suite sur le prochain article.}<br \/>\n|{Les Fous litt\u00e9raires\/A.,<a target=\"_blank\" rel=\"nofollow\" href=\"https:\/\/editionsbussiere.com\/blog\/goto\/https:\/\/fr.wikisource.org\/wiki\/Les_Fous_litt%C3%A9raires\/A\"  target=\"_blank\" rel=\"noopener noreferrer nofollow\">Le dossier.<\/a><span><\/span>. Suite sur le prochain article.}<br \/>\n|{Les Foules de Lourdes\/Pr\u00e9face.,<a target=\"_blank\" rel=\"nofollow\" href=\"https:\/\/editionsbussiere.com\/blog\/goto\/https:\/\/fr.wikisource.org\/wiki\/Les_Foules_de_Lourdes\/Pr%C3%A9face\"  target=\"_blank\" rel=\"noopener noreferrer nofollow\">L\u2019article ICI.<\/a><span><\/span>}<br \/>\n|{Les Foules de Lourdes\/Chapitre XV.,<a target=\"_blank\" rel=\"nofollow\" href=\"https:\/\/editionsbussiere.com\/blog\/goto\/https:\/\/fr.wikisource.org\/wiki\/Les_Foules_de_Lourdes\/Chapitre_XV\"  target=\"_blank\" rel=\"noopener noreferrer nofollow\">Le texte de l\u2019article.<\/a><span><\/span>}<br \/>\n|{Les Foules de Lourdes\/Chapitre XIV.,<a target=\"_blank\" rel=\"nofollow\" href=\"https:\/\/editionsbussiere.com\/blog\/goto\/https:\/\/fr.wikisource.org\/wiki\/Les_Foules_de_Lourdes\/Chapitre_XIV\"  target=\"_blank\" rel=\"noopener noreferrer nofollow\">Cliquer ICI.<\/a><span><\/span>. Suite sur le prochain article.}<br \/>\n|{Les Foules de Lourdes\/Chapitre XIII.,<a target=\"_blank\" rel=\"nofollow\" href=\"https:\/\/editionsbussiere.com\/blog\/goto\/https:\/\/fr.wikisource.org\/wiki\/Les_Foules_de_Lourdes\/Chapitre_XIII\"  target=\"_blank\" rel=\"noopener noreferrer nofollow\">Ici.<\/a><span><\/span>}<br \/>\n|{Les Foules de Lourdes\/Chapitre XII.,<a target=\"_blank\" rel=\"nofollow\" href=\"https:\/\/editionsbussiere.com\/blog\/goto\/https:\/\/fr.wikisource.org\/wiki\/Les_Foules_de_Lourdes\/Chapitre_XII\"  target=\"_blank\" rel=\"noopener noreferrer nofollow\">Le dossier.<\/a><span><\/span>}<br \/>\n|{Les Foules de Lourdes\/Chapitre X.,<a target=\"_blank\" rel=\"nofollow\" href=\"https:\/\/editionsbussiere.com\/blog\/goto\/https:\/\/fr.wikisource.org\/wiki\/Les_Foules_de_Lourdes\/Chapitre_X\"  target=\"_blank\" rel=\"noopener noreferrer nofollow\">Cliquer ICI.<\/a><span><\/span>}<br \/>\n|{Les Foules de Lourdes\/Chapitre IX.,<a target=\"_blank\" rel=\"nofollow\" href=\"https:\/\/editionsbussiere.com\/blog\/goto\/https:\/\/fr.wikisource.org\/wiki\/Les_Foules_de_Lourdes\/Chapitre_IX\"  target=\"_blank\" rel=\"noopener noreferrer nofollow\">A lire ici.<\/a><span><\/span>}<br \/>\n|{Les Foules de Lourdes\/Chapitre II.,<a target=\"_blank\" rel=\"nofollow\" href=\"https:\/\/editionsbussiere.com\/blog\/goto\/https:\/\/fr.wikisource.org\/wiki\/Les_Foules_de_Lourdes\/Chapitre_II\"  target=\"_blank\" rel=\"noopener noreferrer nofollow\">Cliquer ICI.<\/a><span><\/span>. Suite sur le prochain article.}<br \/>\n|{Les Foules de Lourdes\/Chapitre I.,<a target=\"_blank\" rel=\"nofollow\" href=\"https:\/\/editionsbussiere.com\/blog\/goto\/https:\/\/fr.wikisource.org\/wiki\/Les_Foules_de_Lourdes\/Chapitre_I\"  target=\"_blank\" rel=\"noopener noreferrer nofollow\">L\u2019article ICI.<\/a><span><\/span>}<br \/>\n|{Les Foules de Lourdes\/Chapitre I.,<a target=\"_blank\" rel=\"nofollow\" href=\"https:\/\/editionsbussiere.com\/blog\/goto\/https:\/\/fr.wikisource.org\/wiki\/Les_Foules_de_Lourdes\/Chapitre_I\"  target=\"_blank\" rel=\"noopener noreferrer nofollow\">L\u2019article de presse.<\/a><span><\/span>. Suite sur le prochain article.}<br \/>\n|{Les Forces \u00e9ternelles\/Les bless\u00e9s.,<a target=\"_blank\" rel=\"nofollow\" href=\"https:\/\/editionsbussiere.com\/blog\/goto\/https:\/\/fr.wikisource.org\/wiki\/Les_Forces_%C3%A9ternelles\/Les_bless%C3%A9s\"  target=\"_blank\" rel=\"noopener noreferrer nofollow\">Le post d\u2019actualit\u00e9.<\/a><span><\/span>}<br \/>\n|{Les fleurs po\u00e9tiques, simples bluettes\/01\/13.,<a target=\"_blank\" rel=\"nofollow\" href=\"https:\/\/editionsbussiere.com\/blog\/goto\/https:\/\/fr.wikisource.org\/wiki\/Les_fleurs_po%C3%A9tiques,_simples_bluettes\/01\/13\"  target=\"_blank\" rel=\"noopener noreferrer nofollow\">A lire ici.<\/a><span><\/span>}<br \/>\n|{Les fleurs po\u00e9tiques, simples bluettes\/01\/13.,<a target=\"_blank\" rel=\"nofollow\" href=\"https:\/\/editionsbussiere.com\/blog\/goto\/https:\/\/fr.wikisource.org\/wiki\/Les_fleurs_po%C3%A9tiques,_simples_bluettes\/01\/13\"  target=\"_blank\" rel=\"noopener noreferrer nofollow\">A lire ici.<\/a><span><\/span>}<br \/>\n|{Les Flaireurs\/Acte II.,<a target=\"_blank\" rel=\"nofollow\" href=\"https:\/\/editionsbussiere.com\/blog\/goto\/https:\/\/fr.wikisource.org\/wiki\/Les_Flaireurs\/Acte_II\"  target=\"_blank\" rel=\"noopener noreferrer nofollow\">A lire ici.<\/a><span><\/span>}<br \/>\n|{Les Flaireurs\/Acte I.,<a target=\"_blank\" rel=\"nofollow\" href=\"https:\/\/editionsbussiere.com\/blog\/goto\/https:\/\/fr.wikisource.org\/wiki\/Les_Flaireurs\/Acte_I\"  target=\"_blank\" rel=\"noopener noreferrer nofollow\">A lire ici.<\/a><span><\/span>}<br \/>\n|{Les Filles de Camaret.,<a target=\"_blank\" rel=\"nofollow\" href=\"https:\/\/editionsbussiere.com\/blog\/goto\/https:\/\/fr.wikisource.org\/wiki\/Les_Filles_de_Camaret\"  target=\"_blank\" rel=\"noopener noreferrer nofollow\">Le texte de l\u2019article.<\/a><span><\/span>}<br \/>\n|{Les Fianc\u00e9s (Mont\u00e9mont)\/Chapitre VI.,<a target=\"_blank\" rel=\"nofollow\" href=\"https:\/\/editionsbussiere.com\/blog\/goto\/https:\/\/fr.wikisource.org\/wiki\/Les_Fianc%C3%A9s_(Mont%C3%A9mont)\/Chapitre_VI\"  target=\"_blank\" rel=\"noopener noreferrer nofollow\">L\u2019article de presse.<\/a><span><\/span>}<br \/>\n|{Les Fianc\u00e9s (Manzoni 1840)\/36.,<a target=\"_blank\" rel=\"nofollow\" href=\"https:\/\/editionsbussiere.com\/blog\/goto\/https:\/\/fr.wikisource.org\/wiki\/Les_Fianc%C3%A9s_(Manzoni_1840)\/36\"  target=\"_blank\" rel=\"noopener noreferrer nofollow\">L\u2019article ICI.<\/a><span><\/span>. Suite sur le prochain article.}<br \/>\n|{Les Feuilles d\u2019automne\/La Pri\u00e8re pour tous.,<a target=\"_blank\" rel=\"nofollow\" href=\"https:\/\/editionsbussiere.com\/blog\/goto\/https:\/\/fr.wikisource.org\/wiki\/Les_Feuilles_d%E2%80%99automne\/La_Pri%C3%A8re_pour_tous\"  target=\"_blank\" rel=\"noopener noreferrer nofollow\">Article complet.<\/a><span><\/span>. Suite sur le prochain article.}<br \/>\n|{Les Feuilles d\u2019automne\/\u00c0 Madame Marie M..,<a target=\"_blank\" rel=\"nofollow\" href=\"https:\/\/editionsbussiere.com\/blog\/goto\/https:\/\/fr.wikisource.org\/wiki\/Les_Feuilles_d%E2%80%99automne\/%C3%80_Madame_Marie_M.\"  target=\"_blank\" rel=\"noopener noreferrer nofollow\">L\u2019article ICI.<\/a><span><\/span>}<br \/>\n|{Les Femmes po\u00e8tes bretonnes\/Les Femmes Po\u00e8tes Bretonnes.,<a target=\"_blank\" rel=\"nofollow\" href=\"https:\/\/editionsbussiere.com\/blog\/goto\/https:\/\/fr.wikisource.org\/wiki\/Les_Femmes_po%C3%A8tes_bretonnes\/Les_Femmes_Po%C3%A8tes_Bretonnes\"  target=\"_blank\" rel=\"noopener noreferrer nofollow\">L\u2019article ICI.<\/a><span><\/span>}<br \/>\n|{Les Fac\u00e9ties \u00e9rotiques de Bebelius\/30.,<a target=\"_blank\" rel=\"nofollow\" href=\"https:\/\/editionsbussiere.com\/blog\/goto\/https:\/\/fr.wikisource.org\/wiki\/Les_Fac%C3%A9ties_%C3%A9rotiques_de_Bebelius\/30\"  target=\"_blank\" rel=\"noopener noreferrer nofollow\">Article complet.<\/a><span><\/span>}<br \/>\n|{Les Dieux antiques\/La D\u00e9m\u00e9ter grecque ou la C\u00e9r\u00e8s latine.,<a target=\"_blank\" rel=\"nofollow\" href=\"https:\/\/editionsbussiere.com\/blog\/goto\/https:\/\/fr.wikisource.org\/wiki\/Les_Dieux_antiques\/La_D%C3%A9m%C3%A9ter_grecque_ou_la_C%C3%A9r%C3%A8s_latine\"  target=\"_blank\" rel=\"noopener noreferrer nofollow\">L\u2019article ICI.<\/a><span><\/span>. Suite sur le prochain article.}<br \/>\n|{Les Contes de ma m\u00e8re l\u2019Oye avant Perrault\/La Barbe Bleue.,<a target=\"_blank\" rel=\"nofollow\" href=\"https:\/\/editionsbussiere.com\/blog\/goto\/https:\/\/fr.wikisource.org\/wiki\/Les_Contes_de_ma_m%C3%A8re_l%E2%80%99Oye_avant_Perrault\/La_Barbe_Bleue\"  target=\"_blank\" rel=\"noopener noreferrer nofollow\">Le post d\u2019actualit\u00e9.<\/a><span><\/span>. Suite sur le prochain article.}<br \/>\n|{Les Contes de ma m\u00e8re l\u2019Oye avant Perrault\/La Barbe Bleue.,<a target=\"_blank\" rel=\"nofollow\" href=\"https:\/\/editionsbussiere.com\/blog\/goto\/https:\/\/fr.wikisource.org\/wiki\/Les_Contes_de_ma_m%C3%A8re_l%E2%80%99Oye_avant_Perrault\/La_Barbe_Bleue\"  target=\"_blank\" rel=\"noopener noreferrer nofollow\">Article complet.<\/a><span><\/span>. Suite sur le prochain article.}<br \/>\n|{Les Contes de Jacques Tournebroche\/Le Gab d\u2019Olivier.,<a target=\"_blank\" rel=\"nofollow\" href=\"https:\/\/editionsbussiere.com\/blog\/goto\/https:\/\/fr.wikisource.org\/wiki\/Les_Contes_de_Jacques_Tournebroche\/Le_Gab_d%E2%80%99Olivier\"  target=\"_blank\" rel=\"noopener noreferrer nofollow\">L\u2019article ICI.<\/a><span><\/span>. Suite sur le prochain article.}<br \/>\n|{Les Contes de Canterbury\/Conte de la seconde nonne.,<a target=\"_blank\" rel=\"nofollow\" href=\"https:\/\/editionsbussiere.com\/blog\/goto\/https:\/\/fr.wikisource.org\/wiki\/Les_Contes_de_Canterbury\/Conte_de_la_seconde_nonne\"  target=\"_blank\" rel=\"noopener noreferrer nofollow\">Cliquer ICI.<\/a><span><\/span>}<br \/>\n|{Les Contemplations\/Le Pont.,<a target=\"_blank\" rel=\"nofollow\" href=\"https:\/\/editionsbussiere.com\/blog\/goto\/https:\/\/fr.wikisource.org\/wiki\/Les_Contemplations\/Le_Pont\"  target=\"_blank\" rel=\"noopener noreferrer nofollow\">L\u2019article ICI.<\/a><span><\/span>. Suite sur le prochain article.}<br \/>\n|{Les Consolations (Sainte-Beuve)\/La Harpe \u00e9olienne.,<a target=\"_blank\" rel=\"nofollow\" href=\"https:\/\/editionsbussiere.com\/blog\/goto\/https:\/\/fr.wikisource.org\/wiki\/Les_Consolations_(Sainte-Beuve)\/La_Harpe_%C3%A9olienne\"  target=\"_blank\" rel=\"noopener noreferrer nofollow\">Ici.<\/a><span><\/span>}<br \/>\n|{Les Consolations (Sainte-Beuve)\/\u00c0 Ernest Fouinet.,<a target=\"_blank\" rel=\"nofollow\" href=\"https:\/\/editionsbussiere.com\/blog\/goto\/https:\/\/fr.wikisource.org\/wiki\/Les_Consolations_(Sainte-Beuve)\/%C3%80_Ernest_Fouinet\"  target=\"_blank\" rel=\"noopener noreferrer nofollow\">Le dossier.<\/a><span><\/span>}<br \/>\n|{Les Confessions (Tolsto\u00ef)\/14.,<a target=\"_blank\" rel=\"nofollow\" href=\"https:\/\/editionsbussiere.com\/blog\/goto\/https:\/\/fr.wikisource.org\/wiki\/Les_Confessions_(Tolsto%C3%AF)\/14\"  target=\"_blank\" rel=\"noopener noreferrer nofollow\">L\u2019article de presse.<\/a><span><\/span>}<br \/>\n|{Les cinq nouveaux Tableaux espagnols du Mus\u00e9e du Louvre.,<a target=\"_blank\" rel=\"nofollow\" href=\"https:\/\/editionsbussiere.com\/blog\/goto\/https:\/\/fr.wikisource.org\/wiki\/Les_cinq_nouveaux_Tableaux_espagnols_du_Mus%C3%A9e_du_Louvre\"  target=\"_blank\" rel=\"noopener noreferrer nofollow\">Article complet.<\/a><span><\/span>}<br \/>\n|{Les cierges (Verhaeren).,<a target=\"_blank\" rel=\"nofollow\" href=\"https:\/\/editionsbussiere.com\/blog\/goto\/https:\/\/fr.wikisource.org\/wiki\/Les_cierges_(Verhaeren)\"  target=\"_blank\" rel=\"noopener noreferrer nofollow\">L\u2019article ICI.<\/a><span><\/span>}<br \/>\n|{Les Chroniques de Sire Jean Froissart\/Prologue.,<a target=\"_blank\" rel=\"nofollow\" href=\"https:\/\/editionsbussiere.com\/blog\/goto\/https:\/\/fr.wikisource.org\/wiki\/Les_Chroniques_de_Sire_Jean_Froissart\/Prologue\"  target=\"_blank\" rel=\"noopener noreferrer nofollow\">Le dossier.<\/a><span><\/span>. Suite sur le prochain article.}<br \/>\n|{Les Chasseurs d\u2019abeilles\/09.,<a target=\"_blank\" rel=\"nofollow\" href=\"https:\/\/editionsbussiere.com\/blog\/goto\/https:\/\/fr.wikisource.org\/wiki\/Les_Chasseurs_d%E2%80%99abeilles\/09\"  target=\"_blank\" rel=\"noopener noreferrer nofollow\">Article complet.<\/a><span><\/span>}<br \/>\n|{Les Chants du cr\u00e9puscule\/\u00c0 Louis B\u2026.,<a target=\"_blank\" rel=\"nofollow\" href=\"https:\/\/editionsbussiere.com\/blog\/goto\/https:\/\/fr.wikisource.org\/wiki\/Les_Chants_du_cr%C3%A9puscule\/%C3%80_Louis_B%E2%80%A6\"  target=\"_blank\" rel=\"noopener noreferrer nofollow\">Le post d\u2019actualit\u00e9.<\/a><span><\/span>. Suite sur le prochain article.}<br \/>\n|{Les Chants du bivouac\/Pri\u00e8re au \u00ab jeune Bon Dieu \u00bb.,<a target=\"_blank\" rel=\"nofollow\" href=\"https:\/\/editionsbussiere.com\/blog\/goto\/https:\/\/fr.wikisource.org\/wiki\/Les_Chants_du_bivouac\/Pri%C3%A8re_au_%C2%AB_jeune_Bon_Dieu_%C2%BB\"  target=\"_blank\" rel=\"noopener noreferrer nofollow\">Article complet.<\/a><span><\/span>}<br \/>\n|{Les Chansons des trains et des gares\/La vierge aux bougies.,<a target=\"_blank\" rel=\"nofollow\" href=\"https:\/\/editionsbussiere.com\/blog\/goto\/https:\/\/fr.wikisource.org\/wiki\/Les_Chansons_des_trains_et_des_gares\/La_vierge_aux_bougies\"  target=\"_blank\" rel=\"noopener noreferrer nofollow\">Le texte de l\u2019article.<\/a><span><\/span>. Suite sur le prochain article.}<br \/>\n|{Les Cath\u00e9drales de France\/Laon.,<a target=\"_blank\" rel=\"nofollow\" href=\"https:\/\/editionsbussiere.com\/blog\/goto\/https:\/\/fr.wikisource.org\/wiki\/Les_Cath%C3%A9drales_de_France\/Laon\"  target=\"_blank\" rel=\"noopener noreferrer nofollow\">L\u2019article ICI.<\/a><span><\/span>. Suite sur le prochain article.}<br \/>\n|{Les Cath\u00e9drales de France\/Etampes.,<a target=\"_blank\" rel=\"nofollow\" href=\"https:\/\/editionsbussiere.com\/blog\/goto\/https:\/\/fr.wikisource.org\/wiki\/Les_Cath%C3%A9drales_de_France\/Etampes\"  target=\"_blank\" rel=\"noopener noreferrer nofollow\">Article complet.<\/a><span><\/span>}<br \/>\n|{Les Cath\u00e9drales de France\/Amiens.,<a target=\"_blank\" rel=\"nofollow\" href=\"https:\/\/editionsbussiere.com\/blog\/goto\/https:\/\/fr.wikisource.org\/wiki\/Les_Cath%C3%A9drales_de_France\/Amiens\"  target=\"_blank\" rel=\"noopener noreferrer nofollow\">Article complet.<\/a><span><\/span>. Suite sur le prochain article.}<br \/>\n|{Les Caresses (Richepin)\/Flor\u00e9al\/Sonnet romain.,<a target=\"_blank\" rel=\"nofollow\" href=\"https:\/\/editionsbussiere.com\/blog\/goto\/https:\/\/fr.wikisource.org\/wiki\/Les_Caresses_(Richepin)\/Flor%C3%A9al\/Sonnet_romain\"  target=\"_blank\" rel=\"noopener noreferrer nofollow\">L\u2019article de presse.<\/a><span><\/span>. Suite sur le prochain article.}<br \/>\n|{Les Bretons\/Les Noces de Nona.,<a target=\"_blank\" rel=\"nofollow\" href=\"https:\/\/editionsbussiere.com\/blog\/goto\/https:\/\/fr.wikisource.org\/wiki\/Les_Bretons\/Les_Noces_de_Nona\"  target=\"_blank\" rel=\"noopener noreferrer nofollow\">Le dossier.<\/a><span><\/span>}<br \/>\n|{Les Bretons\/Le Chasse-Mar\u00e9e.,<a target=\"_blank\" rel=\"nofollow\" href=\"https:\/\/editionsbussiere.com\/blog\/goto\/https:\/\/fr.wikisource.org\/wiki\/Les_Bretons\/Le_Chasse-Mar%C3%A9e\"  target=\"_blank\" rel=\"noopener noreferrer nofollow\">Le dossier.<\/a><span><\/span>. Suite sur le prochain article.}<br \/>\n|{Les Blasph\u00e8mes\/La Pri\u00e8re de l\u2019Ath\u00e9e.,<a target=\"_blank\" rel=\"nofollow\" href=\"https:\/\/editionsbussiere.com\/blog\/goto\/https:\/\/fr.wikisource.org\/wiki\/Les_Blasph%C3%A8mes\/La_Pri%C3%A8re_de_l%E2%80%99Ath%C3%A9e\"  target=\"_blank\" rel=\"noopener noreferrer nofollow\">Le post d\u2019actualit\u00e9.<\/a><span><\/span>}<br \/>\n|{Les Bijoux fatals\/Chapitre IX.,<a target=\"_blank\" rel=\"nofollow\" href=\"https:\/\/editionsbussiere.com\/blog\/goto\/https:\/\/fr.wikisource.org\/wiki\/Les_Bijoux_fatals\/Chapitre_IX\"  target=\"_blank\" rel=\"noopener noreferrer nofollow\">Ici.<\/a><span><\/span>}<br \/>\n|{Les Bijoux fatals\/Chapitre IV.,<a target=\"_blank\" rel=\"nofollow\" href=\"https:\/\/editionsbussiere.com\/blog\/goto\/https:\/\/fr.wikisource.org\/wiki\/Les_Bijoux_fatals\/Chapitre_IV\"  target=\"_blank\" rel=\"noopener noreferrer nofollow\">L\u2019article de presse.<\/a><span><\/span>}<br \/>\n|{Les Bellini\/VII.,<a target=\"_blank\" rel=\"nofollow\" href=\"https:\/\/editionsbussiere.com\/blog\/goto\/https:\/\/fr.wikisource.org\/wiki\/Les_Bellini\/VII\"  target=\"_blank\" rel=\"noopener noreferrer nofollow\">L\u2019article de presse.<\/a><span><\/span>}<br \/>\n|{Les Bapt\u00eames (Verhaeren).,<a target=\"_blank\" rel=\"nofollow\" href=\"https:\/\/editionsbussiere.com\/blog\/goto\/https:\/\/fr.wikisource.org\/wiki\/Les_Bapt%C3%AAmes_(Verhaeren)\"  target=\"_blank\" rel=\"noopener noreferrer nofollow\">Le dossier.<\/a><span><\/span>}<br \/>\n|{Les Bapt\u00eames (Verhaeren).,<a target=\"_blank\" rel=\"nofollow\" href=\"https:\/\/editionsbussiere.com\/blog\/goto\/https:\/\/fr.wikisource.org\/wiki\/Les_Bapt%C3%AAmes_(Verhaeren)\"  target=\"_blank\" rel=\"noopener noreferrer nofollow\">Cliquer ICI.<\/a><span><\/span>}<br \/>\n|{Les aventures de Perrine et de Charlot.,<a target=\"_blank\" rel=\"nofollow\" href=\"https:\/\/editionsbussiere.com\/blog\/goto\/https:\/\/fr.wikisource.org\/wiki\/Les_aventures_de_Perrine_et_de_Charlot\"  target=\"_blank\" rel=\"noopener noreferrer nofollow\">L\u2019article ICI.<\/a><span><\/span>}<br \/>\n|{Les anciens couvents de Lyon\/37.2. Confalon.,<a target=\"_blank\" rel=\"nofollow\" href=\"https:\/\/editionsbussiere.com\/blog\/goto\/https:\/\/fr.wikisource.org\/wiki\/Les_anciens_couvents_de_Lyon\/37.2._Confalon\"  target=\"_blank\" rel=\"noopener noreferrer nofollow\">Le texte de l\u2019article.<\/a><span><\/span>}<br \/>\n|{Les anciens couvents de Lyon\/35.3. Sainte-Marie-des-Cha\u00eenes.,<a target=\"_blank\" rel=\"nofollow\" href=\"https:\/\/editionsbussiere.com\/blog\/goto\/https:\/\/fr.wikisource.org\/wiki\/Les_anciens_couvents_de_Lyon\/35.3._Sainte-Marie-des-Cha%C3%AEnes\"  target=\"_blank\" rel=\"noopener noreferrer nofollow\">L\u2019article ICI.<\/a><span><\/span>. Suite sur le prochain article.}<br \/>\n|{Les anciens couvents de Lyon\/14.2. R\u00e8gles.,<a target=\"_blank\" rel=\"nofollow\" href=\"https:\/\/editionsbussiere.com\/blog\/goto\/https:\/\/fr.wikisource.org\/wiki\/Les_anciens_couvents_de_Lyon\/14.2._R%C3%A8gles\"  target=\"_blank\" rel=\"noopener noreferrer nofollow\">Ici.<\/a><span><\/span>}<br \/>\n|{Les Amours de Lancelot du Lac\/33.,<a target=\"_blank\" rel=\"nofollow\" href=\"https:\/\/editionsbussiere.com\/blog\/goto\/https:\/\/fr.wikisource.org\/wiki\/Les_Amours_de_Lancelot_du_Lac\/33\"  target=\"_blank\" rel=\"noopener noreferrer nofollow\">Le texte de l\u2019article.<\/a><span><\/span>. Suite sur le prochain article.}<br \/>\n|{Les Amoureuses\/La Vierge \u00e0 la cr\u00e8che.,<a target=\"_blank\" rel=\"nofollow\" href=\"https:\/\/editionsbussiere.com\/blog\/goto\/https:\/\/fr.wikisource.org\/wiki\/Les_Amoureuses\/La_Vierge_%C3%A0_la_cr%C3%A8che\"  target=\"_blank\" rel=\"noopener noreferrer nofollow\">Le texte de l\u2019article.<\/a><span><\/span>}<br \/>\n|{Les Amoureuses\/La Vierge \u00e0 la cr\u00e8che.,<a target=\"_blank\" rel=\"nofollow\" href=\"https:\/\/editionsbussiere.com\/blog\/goto\/https:\/\/fr.wikisource.org\/wiki\/Les_Amoureuses\/La_Vierge_%C3%A0_la_cr%C3%A8che\"  target=\"_blank\" rel=\"noopener noreferrer nofollow\">L\u2019article ICI.<\/a><span><\/span>}<br \/>\n|{Les Actes des Ap\u00f4tres\/7.,<a target=\"_blank\" rel=\"nofollow\" href=\"https:\/\/editionsbussiere.com\/blog\/goto\/https:\/\/fr.wikisource.org\/wiki\/Les_Actes_des_Ap%C3%B4tres\/7\"  target=\"_blank\" rel=\"noopener noreferrer nofollow\">Ici.<\/a><span><\/span>}<br \/>\n|{Les Actes des Ap\u00f4tres\/65.,<a target=\"_blank\" rel=\"nofollow\" href=\"https:\/\/editionsbussiere.com\/blog\/goto\/https:\/\/fr.wikisource.org\/wiki\/Les_Actes_des_Ap%C3%B4tres\/65\"  target=\"_blank\" rel=\"noopener noreferrer nofollow\">Le dossier.<\/a><span><\/span>}<br \/>\n}<\/p>\n<p>{{Les Actes des Ap\u00f4tres\/24.,<a target=\"_blank\" rel=\"nofollow\" href=\"https:\/\/editionsbussiere.com\/blog\/goto\/https:\/\/fr.wikisource.org\/wiki\/Les_Actes_des_Ap%C3%B4tres\/24\"  target=\"_blank\" rel=\"noopener noreferrer nofollow\">L\u2019article ICI.<\/a><span><\/span>}<br \/>\n|{Les Actes des Ap\u00f4tres\/22.,<a target=\"_blank\" rel=\"nofollow\" href=\"https:\/\/editionsbussiere.com\/blog\/goto\/https:\/\/fr.wikisource.org\/wiki\/Les_Actes_des_Ap%C3%B4tres\/22\"  target=\"_blank\" rel=\"noopener noreferrer nofollow\">L\u2019article de presse.<\/a><span><\/span>. Suite sur le prochain article.}<br \/>\n|{Les \u00e9pis (LeMay)\/38.,<a target=\"_blank\" rel=\"nofollow\" href=\"https:\/\/editionsbussiere.com\/blog\/goto\/https:\/\/fr.wikisource.org\/wiki\/Les_%C3%A9pis_(LeMay)\/38\"  target=\"_blank\" rel=\"noopener noreferrer nofollow\">Ici.<\/a><span><\/span>}<br \/>\n|{Les \u00e9pis (LeMay)\/36.,<a target=\"_blank\" rel=\"nofollow\" href=\"https:\/\/editionsbussiere.com\/blog\/goto\/https:\/\/fr.wikisource.org\/wiki\/Les_%C3%A9pis_(LeMay)\/36\"  target=\"_blank\" rel=\"noopener noreferrer nofollow\">Cliquer ICI.<\/a><span><\/span>}<br \/>\n|{Les \u00c9blouissements\/Verger d\u2019Orient.,<a target=\"_blank\" rel=\"nofollow\" href=\"https:\/\/editionsbussiere.com\/blog\/goto\/https:\/\/fr.wikisource.org\/wiki\/Les_%C3%89blouissements\/Verger_d%E2%80%99Orient\"  target=\"_blank\" rel=\"noopener noreferrer nofollow\">L\u2019article de presse.<\/a><span><\/span>. Suite sur le prochain article.}<br \/>\n|{Les \u00c9blouissements\/Verger d\u2019Orient.,<a target=\"_blank\" rel=\"nofollow\" href=\"https:\/\/editionsbussiere.com\/blog\/goto\/https:\/\/fr.wikisource.org\/wiki\/Les_%C3%89blouissements\/Verger_d%E2%80%99Orient\"  target=\"_blank\" rel=\"noopener noreferrer nofollow\">Le post d\u2019actualit\u00e9.<\/a><span><\/span>}<br \/>\n|{Les \u00c9blouissements\/Les pr\u00eatresses des Panath\u00e9n\u00e9es.,<a target=\"_blank\" rel=\"nofollow\" href=\"https:\/\/editionsbussiere.com\/blog\/goto\/https:\/\/fr.wikisource.org\/wiki\/Les_%C3%89blouissements\/Les_pr%C3%AAtresses_des_Panath%C3%A9n%C3%A9es\"  target=\"_blank\" rel=\"noopener noreferrer nofollow\">Le texte de l\u2019article.<\/a><span><\/span>}<br \/>\n|{Le Vray Discours des grandes processions qui se font depuis les fronti\u00e8res de l\u2019Allemagne jusques \u00e0 la France.,<a target=\"_blank\" rel=\"nofollow\" href=\"https:\/\/editionsbussiere.com\/blog\/goto\/https:\/\/fr.wikisource.org\/wiki\/Le_Vray_Discours_des_grandes_processions_qui_se_font_depuis_les_fronti%C3%A8res_de_l%E2%80%99Allemagne_jusques_%C3%A0_la_France\"  target=\"_blank\" rel=\"noopener noreferrer nofollow\">Le dossier.<\/a><span><\/span>}<br \/>\n|{Le Voyage artistique \u00e0 Bayreuth \/ IV- Analyse des Po\u00e8mes \/ Tannh\u00e4user.,<a target=\"_blank\" rel=\"nofollow\" href=\"https:\/\/editionsbussiere.com\/blog\/goto\/https:\/\/fr.wikisource.org\/wiki\/Le_Voyage_artistique_%C3%A0_Bayreuth_\/_IV-_Analyse_des_Po%C3%A8mes_\/_Tannh%C3%A4user\"  target=\"_blank\" rel=\"noopener noreferrer nofollow\">Ici.<\/a><span><\/span>. Suite sur le prochain article.}<br \/>\n|{Le Voyage artistique \u00e0 Bayreuth \/ IV- Analyse des Po\u00e8mes \u2013 (2\/7) Tannh\u00e4user.,<a target=\"_blank\" rel=\"nofollow\" href=\"https:\/\/editionsbussiere.com\/blog\/goto\/https:\/\/fr.wikisource.org\/wiki\/Le_Voyage_artistique_%C3%A0_Bayreuth_\/_IV-_Analyse_des_Po%C3%A8mes_%E2%80%93_(2\/7)_Tannh%C3%A4user\"  target=\"_blank\" rel=\"noopener noreferrer nofollow\">Article complet.<\/a><span><\/span>}<br \/>\n|{Le Val de Brix\/XIII.,<a target=\"_blank\" rel=\"nofollow\" href=\"https:\/\/editionsbussiere.com\/blog\/goto\/https:\/\/fr.wikisource.org\/wiki\/Le_Val_de_Brix\/XIII\"  target=\"_blank\" rel=\"noopener noreferrer nofollow\">Cliquer ICI.<\/a><span><\/span>. Suite sur le prochain article.}<br \/>\n|{Le Val de Brix\/XII.,<a target=\"_blank\" rel=\"nofollow\" href=\"https:\/\/editionsbussiere.com\/blog\/goto\/https:\/\/fr.wikisource.org\/wiki\/Le_Val_de_Brix\/XII\"  target=\"_blank\" rel=\"noopener noreferrer nofollow\">Cliquer ICI.<\/a><span><\/span>}<br \/>\n|{Le Val de Brix\/XII.,<a target=\"_blank\" rel=\"nofollow\" href=\"https:\/\/editionsbussiere.com\/blog\/goto\/https:\/\/fr.wikisource.org\/wiki\/Le_Val_de_Brix\/XII\"  target=\"_blank\" rel=\"noopener noreferrer nofollow\">L\u2019article ICI.<\/a><span><\/span>. Suite sur le prochain article.}<br \/>\n|{Le v\u0153u de Louis XIII \u2013 MM. Ingres et Calamatta.,<a target=\"_blank\" rel=\"nofollow\" href=\"https:\/\/editionsbussiere.com\/blog\/goto\/https:\/\/fr.wikisource.org\/wiki\/Le_v%C5%93u_de_Louis_XIII_-_MM._Ingres_et_Calamatta\"  target=\"_blank\" rel=\"noopener noreferrer nofollow\">Cliquer ICI.<\/a><span><\/span>}<br \/>\n|{Le Testament de Jean Meslier\/\u00c9dition 1864\/Chapitre 20.,<a target=\"_blank\" rel=\"nofollow\" href=\"https:\/\/editionsbussiere.com\/blog\/goto\/https:\/\/fr.wikisource.org\/wiki\/Le_Testament_de_Jean_Meslier\/%C3%89dition_1864\/Chapitre_20\"  target=\"_blank\" rel=\"noopener noreferrer nofollow\">Le texte de l\u2019article.<\/a><span><\/span>}<br \/>\n|{Le Talisman du pharaon\/21.,<a target=\"_blank\" rel=\"nofollow\" href=\"https:\/\/editionsbussiere.com\/blog\/goto\/https:\/\/fr.wikisource.org\/wiki\/Le_Talisman_du_pharaon\/21\"  target=\"_blank\" rel=\"noopener noreferrer nofollow\">Cliquer ICI.<\/a><span><\/span>. Suite sur le prochain article.}<br \/>\n|{Le spectre mena\u00e7ant\/02\/12.,<a target=\"_blank\" rel=\"nofollow\" href=\"https:\/\/editionsbussiere.com\/blog\/goto\/https:\/\/fr.wikisource.org\/wiki\/Le_spectre_mena%C3%A7ant\/02\/12\"  target=\"_blank\" rel=\"noopener noreferrer nofollow\">Ici.<\/a><span><\/span>. Suite sur le prochain article.}<br \/>\n|{Le souper chez le Commandeur.,<a target=\"_blank\" rel=\"nofollow\" href=\"https:\/\/editionsbussiere.com\/blog\/goto\/https:\/\/fr.wikisource.org\/wiki\/Le_souper_chez_le_Commandeur\"  target=\"_blank\" rel=\"noopener noreferrer nofollow\">Le dossier.<\/a><span><\/span>}<br \/>\n|{Le souper chez le Commandeur.,<a target=\"_blank\" rel=\"nofollow\" href=\"https:\/\/editionsbussiere.com\/blog\/goto\/https:\/\/fr.wikisource.org\/wiki\/Le_souper_chez_le_Commandeur\"  target=\"_blank\" rel=\"noopener noreferrer nofollow\">L\u2019article de presse.<\/a><span><\/span>. Suite sur le prochain article.}<br \/>\n|{Le Songe d\u2019Endymion.,<a target=\"_blank\" rel=\"nofollow\" href=\"https:\/\/editionsbussiere.com\/blog\/goto\/https:\/\/fr.wikisource.org\/wiki\/Le_Songe_d%E2%80%99Endymion\"  target=\"_blank\" rel=\"noopener noreferrer nofollow\">Le texte de l\u2019article.<\/a><span><\/span>}<br \/>\n|{Le Solitaire (d\u2019Arlincourt)\/8.,<a target=\"_blank\" rel=\"nofollow\" href=\"https:\/\/editionsbussiere.com\/blog\/goto\/https:\/\/fr.wikisource.org\/wiki\/Le_Solitaire_(d%27Arlincourt)\/8\"  target=\"_blank\" rel=\"noopener noreferrer nofollow\">Ici.<\/a><span><\/span>}<br \/>\n|{Le Solitaire (d\u2019Arlincourt)\/6.,<a target=\"_blank\" rel=\"nofollow\" href=\"https:\/\/editionsbussiere.com\/blog\/goto\/https:\/\/fr.wikisource.org\/wiki\/Le_Solitaire_(d%27Arlincourt)\/6\"  target=\"_blank\" rel=\"noopener noreferrer nofollow\">L\u2019article de presse.<\/a><span><\/span>. Suite sur le prochain article.}<br \/>\n|{Le Solitaire (d\u2019Arlincourt)\/2.,<a target=\"_blank\" rel=\"nofollow\" href=\"https:\/\/editionsbussiere.com\/blog\/goto\/https:\/\/fr.wikisource.org\/wiki\/Le_Solitaire_(d%27Arlincourt)\/2\"  target=\"_blank\" rel=\"noopener noreferrer nofollow\">Cliquer ICI.<\/a><span><\/span>}<br \/>\n|{Le Solitaire (d\u2019Arlincourt)\/12.,<a target=\"_blank\" rel=\"nofollow\" href=\"https:\/\/editionsbussiere.com\/blog\/goto\/https:\/\/fr.wikisource.org\/wiki\/Le_Solitaire_(d%27Arlincourt)\/12\"  target=\"_blank\" rel=\"noopener noreferrer nofollow\">Cliquer ICI.<\/a><span><\/span>}<br \/>\n|{Le Solitaire (d\u2019Arlincourt)\/\u00c9pilogue.,<a target=\"_blank\" rel=\"nofollow\" href=\"https:\/\/editionsbussiere.com\/blog\/goto\/https:\/\/fr.wikisource.org\/wiki\/Le_Solitaire_(d%27Arlincourt)\/%C3%89pilogue\"  target=\"_blank\" rel=\"noopener noreferrer nofollow\">L\u2019article de presse.<\/a><span><\/span>}<br \/>\n|{Le Serviteur\/3\/2.,<a target=\"_blank\" rel=\"nofollow\" href=\"https:\/\/editionsbussiere.com\/blog\/goto\/https:\/\/fr.wikisource.org\/wiki\/Le_Serviteur\/3\/2\"  target=\"_blank\" rel=\"noopener noreferrer nofollow\">Ici.<\/a><span><\/span>}<br \/>\n|{Le Serviteur\/3\/10.,<a target=\"_blank\" rel=\"nofollow\" href=\"https:\/\/editionsbussiere.com\/blog\/goto\/https:\/\/fr.wikisource.org\/wiki\/Le_Serviteur\/3\/10\"  target=\"_blank\" rel=\"noopener noreferrer nofollow\">Le dossier.<\/a><span><\/span>}<br \/>\n|{Le Semeur de cendres\/\u00ab Un soir, au temps du sombre \u00e9quinoxe d\u2019automne \u00bb.,<a target=\"_blank\" rel=\"nofollow\" href=\"https:\/\/editionsbussiere.com\/blog\/goto\/https:\/\/fr.wikisource.org\/wiki\/Le_Semeur_de_cendres\/%C2%AB_Un_soir,_au_temps_du_sombre_%C3%A9quinoxe_d%E2%80%99automne_%C2%BB\"  target=\"_blank\" rel=\"noopener noreferrer nofollow\">L\u2019article ICI.<\/a><span><\/span>}<br \/>\n|{Le sataniste flagell\u00e9\/5.,<a target=\"_blank\" rel=\"nofollow\" href=\"https:\/\/editionsbussiere.com\/blog\/goto\/https:\/\/fr.wikisource.org\/wiki\/Le_sataniste_flagell%C3%A9\/5\"  target=\"_blank\" rel=\"noopener noreferrer nofollow\">Article complet.<\/a><span><\/span>}<br \/>\n|{Le Satanisme et la magie\/Pr\u00e9face.,<a target=\"_blank\" rel=\"nofollow\" href=\"https:\/\/editionsbussiere.com\/blog\/goto\/https:\/\/fr.wikisource.org\/wiki\/Le_Satanisme_et_la_magie\/Pr%C3%A9face\"  target=\"_blank\" rel=\"noopener noreferrer nofollow\">Cliquer ICI.<\/a><span><\/span>}<br \/>\n|{Le Salut par les Juifs\/Chapitre 18.,<a target=\"_blank\" rel=\"nofollow\" href=\"https:\/\/editionsbussiere.com\/blog\/goto\/https:\/\/fr.wikisource.org\/wiki\/Le_Salut_par_les_Juifs\/Chapitre_18\"  target=\"_blank\" rel=\"noopener noreferrer nofollow\">L\u2019article de presse.<\/a><span><\/span>}<br \/>\n|{Le Sabotier (Verhaeren).,<a target=\"_blank\" rel=\"nofollow\" href=\"https:\/\/editionsbussiere.com\/blog\/goto\/https:\/\/fr.wikisource.org\/wiki\/Le_Sabotier_(Verhaeren)\"  target=\"_blank\" rel=\"noopener noreferrer nofollow\">Ici.<\/a><span><\/span>. Suite sur le prochain article.}<br \/>\n|{Le Rossignol aveugle (Desbordes-Valmore).,<a target=\"_blank\" rel=\"nofollow\" href=\"https:\/\/editionsbussiere.com\/blog\/goto\/https:\/\/fr.wikisource.org\/wiki\/Le_Rossignol_aveugle_(Desbordes-Valmore)\"  target=\"_blank\" rel=\"noopener noreferrer nofollow\">Article complet.<\/a><span><\/span>. Suite sur le prochain article.}<br \/>\n|{Le Rossignol(Balaguer).,<a target=\"_blank\" rel=\"nofollow\" href=\"https:\/\/editionsbussiere.com\/blog\/goto\/https:\/\/fr.wikisource.org\/wiki\/Le_Rossignol(Balaguer)\"  target=\"_blank\" rel=\"noopener noreferrer nofollow\">Article complet.<\/a><span><\/span>}<br \/>\n|{Le Roman de Tristan et Iseut\/14.,<a target=\"_blank\" rel=\"nofollow\" href=\"https:\/\/editionsbussiere.com\/blog\/goto\/https:\/\/fr.wikisource.org\/wiki\/Le_Roman_de_Tristan_et_Iseut\/14\"  target=\"_blank\" rel=\"noopener noreferrer nofollow\">Le post d\u2019actualit\u00e9.<\/a><span><\/span>}<br \/>\n|{Le Roman d\u2019un enfant\/13.,<a target=\"_blank\" rel=\"nofollow\" href=\"https:\/\/editionsbussiere.com\/blog\/goto\/https:\/\/fr.wikisource.org\/wiki\/Le_Roman_d%E2%80%99un_enfant\/13\"  target=\"_blank\" rel=\"noopener noreferrer nofollow\">A lire ici.<\/a><span><\/span>. Suite sur le prochain article.}<br \/>\n|{Le Roi vierge\/Livre 3, 6.,<a target=\"_blank\" rel=\"nofollow\" href=\"https:\/\/editionsbussiere.com\/blog\/goto\/https:\/\/fr.wikisource.org\/wiki\/Le_Roi_vierge\/Livre_3,_6\"  target=\"_blank\" rel=\"noopener noreferrer nofollow\">Le dossier.<\/a><span><\/span>. Suite sur le prochain article.}<br \/>\n|{Le Roi vierge\/Livre 3, 3.,<a target=\"_blank\" rel=\"nofollow\" href=\"https:\/\/editionsbussiere.com\/blog\/goto\/https:\/\/fr.wikisource.org\/wiki\/Le_Roi_vierge\/Livre_3,_3\"  target=\"_blank\" rel=\"noopener noreferrer nofollow\">Ici.<\/a><span><\/span>}<br \/>\n|{Le Roi vierge\/Livre 2, 3.,<a target=\"_blank\" rel=\"nofollow\" href=\"https:\/\/editionsbussiere.com\/blog\/goto\/https:\/\/fr.wikisource.org\/wiki\/Le_Roi_vierge\/Livre_2,_3\"  target=\"_blank\" rel=\"noopener noreferrer nofollow\">A lire ici.<\/a><span><\/span>}<br \/>\n|{Le Roi vierge\/Livre 2, 1.,<a target=\"_blank\" rel=\"nofollow\" href=\"https:\/\/editionsbussiere.com\/blog\/goto\/https:\/\/fr.wikisource.org\/wiki\/Le_Roi_vierge\/Livre_2,_1\"  target=\"_blank\" rel=\"noopener noreferrer nofollow\">Le post d\u2019actualit\u00e9.<\/a><span><\/span>. Suite sur le prochain article.}<br \/>\n|{Le Roi vierge\/Livre 1, 5.,<a target=\"_blank\" rel=\"nofollow\" href=\"https:\/\/editionsbussiere.com\/blog\/goto\/https:\/\/fr.wikisource.org\/wiki\/Le_Roi_vierge\/Livre_1,_5\"  target=\"_blank\" rel=\"noopener noreferrer nofollow\">A lire ici.<\/a><span><\/span>}<br \/>\n|{Le Roi vierge\/Livre 1, 2.,<a target=\"_blank\" rel=\"nofollow\" href=\"https:\/\/editionsbussiere.com\/blog\/goto\/https:\/\/fr.wikisource.org\/wiki\/Le_Roi_vierge\/Livre_1,_2\"  target=\"_blank\" rel=\"noopener noreferrer nofollow\">A lire ici.<\/a><span><\/span>}<br \/>\n|{Le Retour \u00e0 la Chapelle.,<a target=\"_blank\" rel=\"nofollow\" href=\"https:\/\/editionsbussiere.com\/blog\/goto\/https:\/\/fr.wikisource.org\/wiki\/Le_Retour_%C3%A0_la_Chapelle\"  target=\"_blank\" rel=\"noopener noreferrer nofollow\">Article complet.<\/a><span><\/span>. Suite sur le prochain article.}<br \/>\n|{Le R\u00e9veil d\u2019une Vierge (O. C. \u00c9lisa Merc\u0153ur).,<a target=\"_blank\" rel=\"nofollow\" href=\"https:\/\/editionsbussiere.com\/blog\/goto\/https:\/\/fr.wikisource.org\/wiki\/Le_R%C3%A9veil_d%E2%80%99une_Vierge_(O._C._%C3%89lisa_Merc%C5%93ur)\"  target=\"_blank\" rel=\"noopener noreferrer nofollow\">A lire ici.<\/a><span><\/span>. Suite sur le prochain article.}<br \/>\n|{Le Puits de sainte Claire\/Les Pains noirs.,<a target=\"_blank\" rel=\"nofollow\" href=\"https:\/\/editionsbussiere.com\/blog\/goto\/https:\/\/fr.wikisource.org\/wiki\/Le_Puits_de_sainte_Claire\/Les_Pains_noirs\"  target=\"_blank\" rel=\"noopener noreferrer nofollow\">A lire ici.<\/a><span><\/span>}<br \/>\n|{Le Professeur\/14.,<a target=\"_blank\" rel=\"nofollow\" href=\"https:\/\/editionsbussiere.com\/blog\/goto\/https:\/\/fr.wikisource.org\/wiki\/Le_Professeur\/14\"  target=\"_blank\" rel=\"noopener noreferrer nofollow\">Le texte de l\u2019article.<\/a><span><\/span>}<br \/>\n|{Le Po\u00e8te souffrant.,<a target=\"_blank\" rel=\"nofollow\" href=\"https:\/\/editionsbussiere.com\/blog\/goto\/https:\/\/fr.wikisource.org\/wiki\/Le_Po%C3%A8te_souffrant\"  target=\"_blank\" rel=\"noopener noreferrer nofollow\">L\u2019article ICI.<\/a><span><\/span>}<br \/>\n|{Le Parti noir\/Annexe 4.,<a target=\"_blank\" rel=\"nofollow\" href=\"https:\/\/editionsbussiere.com\/blog\/goto\/https:\/\/fr.wikisource.org\/wiki\/Le_Parti_noir\/Annexe_4\"  target=\"_blank\" rel=\"noopener noreferrer nofollow\">Cliquer ICI.<\/a><span><\/span>}<br \/>\n|{Le Parnasse contemporain\/1876\/Les Noces corinthiennes.,<a target=\"_blank\" rel=\"nofollow\" href=\"https:\/\/editionsbussiere.com\/blog\/goto\/https:\/\/fr.wikisource.org\/wiki\/Le_Parnasse_contemporain\/1876\/Les_Noces_corinthiennes\"  target=\"_blank\" rel=\"noopener noreferrer nofollow\">L\u2019article ICI.<\/a><span><\/span>}<br \/>\n|{Le Parnasse contemporain\/1869\/Sonnet gothique.,<a target=\"_blank\" rel=\"nofollow\" href=\"https:\/\/editionsbussiere.com\/blog\/goto\/https:\/\/fr.wikisource.org\/wiki\/Le_Parnasse_contemporain\/1869\/Sonnet_gothique\"  target=\"_blank\" rel=\"noopener noreferrer nofollow\">L\u2019article de presse.<\/a><span><\/span>}<br \/>\n|{Le Parnasse contemporain\/1866\/R\u00e9demption.,<a target=\"_blank\" rel=\"nofollow\" href=\"https:\/\/editionsbussiere.com\/blog\/goto\/https:\/\/fr.wikisource.org\/wiki\/Le_Parnasse_contemporain\/1866\/R%C3%A9demption\"  target=\"_blank\" rel=\"noopener noreferrer nofollow\">A lire ici.<\/a><span><\/span>}<br \/>\n|{Le Parnasse contemporain\/1866\/Ekhidna.,<a target=\"_blank\" rel=\"nofollow\" href=\"https:\/\/editionsbussiere.com\/blog\/goto\/https:\/\/fr.wikisource.org\/wiki\/Le_Parnasse_contemporain\/1866\/Ekhidna\"  target=\"_blank\" rel=\"noopener noreferrer nofollow\">L\u2019article ICI.<\/a><span><\/span>}<br \/>\n|{Le Parnasse contemporain\/1866.,<a target=\"_blank\" rel=\"nofollow\" href=\"https:\/\/editionsbussiere.com\/blog\/goto\/https:\/\/fr.wikisource.org\/wiki\/Le_Parnasse_contemporain\/1866\"  target=\"_blank\" rel=\"noopener noreferrer nofollow\">Ici.<\/a><span><\/span>}<br \/>\n|{Le parfait secr\u00e9taire des grands hommes\/Lettre 28.,<a target=\"_blank\" rel=\"nofollow\" href=\"https:\/\/editionsbussiere.com\/blog\/goto\/https:\/\/fr.wikisource.org\/wiki\/Le_parfait_secr%C3%A9taire_des_grands_hommes\/Lettre_28\"  target=\"_blank\" rel=\"noopener noreferrer nofollow\">Le dossier.<\/a><span><\/span>}<br \/>\n|{Le Parapluie de l\u2019escouade\/La Fausse Blasph\u00e9matrice.,<a target=\"_blank\" rel=\"nofollow\" href=\"https:\/\/editionsbussiere.com\/blog\/goto\/https:\/\/fr.wikisource.org\/wiki\/Le_Parapluie_de_l%E2%80%99escouade\/La_Fausse_Blasph%C3%A9matrice\"  target=\"_blank\" rel=\"noopener noreferrer nofollow\">L\u2019article de presse.<\/a><span><\/span>. Suite sur le prochain article.}<br \/>\n|{Le P. Jean de Cronstadt\/Ma vie en J\u00e9sus-Christ\/Chapitre VII.,<a target=\"_blank\" rel=\"nofollow\" href=\"https:\/\/editionsbussiere.com\/blog\/goto\/https:\/\/fr.wikisource.org\/wiki\/Le_P._Jean_de_Cronstadt\/Ma_vie_en_J%C3%A9sus-Christ\/Chapitre_VII\"  target=\"_blank\" rel=\"noopener noreferrer nofollow\">Article complet.<\/a><span><\/span>}<br \/>\n|{Le P. Jean de Cronstadt\/Ma vie en J\u00e9sus-Christ\/Chapitre VII.,<a target=\"_blank\" rel=\"nofollow\" href=\"https:\/\/editionsbussiere.com\/blog\/goto\/https:\/\/fr.wikisource.org\/wiki\/Le_P._Jean_de_Cronstadt\/Ma_vie_en_J%C3%A9sus-Christ\/Chapitre_VII\"  target=\"_blank\" rel=\"noopener noreferrer nofollow\">Cliquer ICI.<\/a><span><\/span>. Suite sur le prochain article.}<br \/>\n|{Le P. Jean de Cronstadt\/Ma vie en J\u00e9sus-Christ\/Chapitre V.,<a target=\"_blank\" rel=\"nofollow\" href=\"https:\/\/editionsbussiere.com\/blog\/goto\/https:\/\/fr.wikisource.org\/wiki\/Le_P._Jean_de_Cronstadt\/Ma_vie_en_J%C3%A9sus-Christ\/Chapitre_V\"  target=\"_blank\" rel=\"noopener noreferrer nofollow\">Le dossier.<\/a><span><\/span>. Suite sur le prochain article.}<br \/>\n|{Le P. Jean de Cronstadt\/Ma vie en J\u00e9sus-Christ\/Chapitre I.,<a target=\"_blank\" rel=\"nofollow\" href=\"https:\/\/editionsbussiere.com\/blog\/goto\/https:\/\/fr.wikisource.org\/wiki\/Le_P._Jean_de_Cronstadt\/Ma_vie_en_J%C3%A9sus-Christ\/Chapitre_I\"  target=\"_blank\" rel=\"noopener noreferrer nofollow\">L\u2019article ICI.<\/a><span><\/span>}<br \/>\n|{Le P. Jean de Cronstadt\/Introduction.,<a target=\"_blank\" rel=\"nofollow\" href=\"https:\/\/editionsbussiere.com\/blog\/goto\/https:\/\/fr.wikisource.org\/wiki\/Le_P._Jean_de_Cronstadt\/Introduction\"  target=\"_blank\" rel=\"noopener noreferrer nofollow\">Article complet.<\/a><span><\/span>}<br \/>\n|{Le P\u00e8lerin de Sainte Anne\/Tome I\/Le cur\u00e9 de Qu\u00e9bec.,<a target=\"_blank\" rel=\"nofollow\" href=\"https:\/\/editionsbussiere.com\/blog\/goto\/https:\/\/fr.wikisource.org\/wiki\/Le_P%C3%A8lerin_de_Sainte_Anne\/Tome_I\/Le_cur%C3%A9_de_Qu%C3%A9bec\"  target=\"_blank\" rel=\"noopener noreferrer nofollow\">Le texte de l\u2019article.<\/a><span><\/span>}<br \/>\n|{Le P\u00e8lerin de Sainte Anne\/Tome I\/Le blasph\u00e8me.,<a target=\"_blank\" rel=\"nofollow\" href=\"https:\/\/editionsbussiere.com\/blog\/goto\/https:\/\/fr.wikisource.org\/wiki\/Le_P%C3%A8lerin_de_Sainte_Anne\/Tome_I\/Le_blasph%C3%A8me\"  target=\"_blank\" rel=\"noopener noreferrer nofollow\">Le dossier.<\/a><span><\/span>}<br \/>\n|{Le P\u00e8lerin (Verhaeren, Petites L\u00e9gendes).,<a target=\"_blank\" rel=\"nofollow\" href=\"https:\/\/editionsbussiere.com\/blog\/goto\/https:\/\/fr.wikisource.org\/wiki\/Le_P%C3%A8lerin_(Verhaeren,_Petites_L%C3%A9gendes)\"  target=\"_blank\" rel=\"noopener noreferrer nofollow\">Article complet.<\/a><span><\/span>}<br \/>\n|{Le P\u00e8lerin (Verhaeren).,<a target=\"_blank\" rel=\"nofollow\" href=\"https:\/\/editionsbussiere.com\/blog\/goto\/https:\/\/fr.wikisource.org\/wiki\/Le_P%C3%A8lerin_(Verhaeren)\"  target=\"_blank\" rel=\"noopener noreferrer nofollow\">L\u2019article de presse.<\/a><span><\/span>. Suite sur le prochain article.}<br \/>\n|{Le Nouveau Testament (Martin, 1861)\/Premi\u00e8re \u00c9p\u00eetre de Saint Paul, ap\u00f4tre, aux Corinthiens\/VII.,<a target=\"_blank\" rel=\"nofollow\" href=\"https:\/\/editionsbussiere.com\/blog\/goto\/https:\/\/fr.wikisource.org\/wiki\/Le_Nouveau_Testament_(Martin,_1861)\/Premi%C3%A8re_%C3%89p%C3%AEtre_de_Saint_Paul,_ap%C3%B4tre,_aux_Corinthiens\/VII\"  target=\"_blank\" rel=\"noopener noreferrer nofollow\">Article complet.<\/a><span><\/span>}<br \/>\n|{Le Nouveau Testament (Martin, 1861)\/Premi\u00e8re \u00c9p\u00eetre de Saint Paul, ap\u00f4tre, aux Corinthiens\/VII.,<a target=\"_blank\" rel=\"nofollow\" href=\"https:\/\/editionsbussiere.com\/blog\/goto\/https:\/\/fr.wikisource.org\/wiki\/Le_Nouveau_Testament_(Martin,_1861)\/Premi%C3%A8re_%C3%89p%C3%AEtre_de_Saint_Paul,_ap%C3%B4tre,_aux_Corinthiens\/VII\"  target=\"_blank\" rel=\"noopener noreferrer nofollow\">Article complet.<\/a><span><\/span>}<br \/>\n|{Le Nouveau Testament (Martin, 1861)\/Le Saint \u00c9vangile selon Saint Luc\/I.,<a target=\"_blank\" rel=\"nofollow\" href=\"https:\/\/editionsbussiere.com\/blog\/goto\/https:\/\/fr.wikisource.org\/wiki\/Le_Nouveau_Testament_(Martin,_1861)\/Le_Saint_%C3%89vangile_selon_Saint_Luc\/I\"  target=\"_blank\" rel=\"noopener noreferrer nofollow\">Ici.<\/a><span><\/span>}<br \/>\n|{Le Moine et le Philosophe\/Tome 4\/II\/XXXI.,<a target=\"_blank\" rel=\"nofollow\" href=\"https:\/\/editionsbussiere.com\/blog\/goto\/https:\/\/fr.wikisource.org\/wiki\/Le_Moine_et_le_Philosophe\/Tome_4\/II\/XXXI\"  target=\"_blank\" rel=\"noopener noreferrer nofollow\">L\u2019article ICI.<\/a><span><\/span>}<br \/>\n|{Le Moine et le Philosophe\/Tome 4\/II\/XII.,<a target=\"_blank\" rel=\"nofollow\" href=\"https:\/\/editionsbussiere.com\/blog\/goto\/https:\/\/fr.wikisource.org\/wiki\/Le_Moine_et_le_Philosophe\/Tome_4\/II\/XII\"  target=\"_blank\" rel=\"noopener noreferrer nofollow\">L\u2019article ICI.<\/a><span><\/span>. Suite sur le prochain article.}<br \/>\n|{Le Moine et le Philosophe\/Tome 1\/I\/IX.,<a target=\"_blank\" rel=\"nofollow\" href=\"https:\/\/editionsbussiere.com\/blog\/goto\/https:\/\/fr.wikisource.org\/wiki\/Le_Moine_et_le_Philosophe\/Tome_1\/I\/IX\"  target=\"_blank\" rel=\"noopener noreferrer nofollow\">Article complet.<\/a><span><\/span>}<br \/>\n|{Le massacre dans le temple\/11.,<a target=\"_blank\" rel=\"nofollow\" href=\"https:\/\/editionsbussiere.com\/blog\/goto\/https:\/\/fr.wikisource.org\/wiki\/Le_massacre_dans_le_temple\/11\"  target=\"_blank\" rel=\"noopener noreferrer nofollow\">Le post d\u2019actualit\u00e9.<\/a><span><\/span>}<br \/>\n|{Le Martyr de Futuna\/Avant-propos de la nouvelle \u00e9dition.,<a target=\"_blank\" rel=\"nofollow\" href=\"https:\/\/editionsbussiere.com\/blog\/goto\/https:\/\/fr.wikisource.org\/wiki\/Le_Martyr_de_Futuna\/Avant-propos_de_la_nouvelle_%C3%A9dition\"  target=\"_blank\" rel=\"noopener noreferrer nofollow\">Cliquer ICI.<\/a><span><\/span>}<br \/>\n|{Le Livre des oraisons\/XXI.,<a target=\"_blank\" rel=\"nofollow\" href=\"https:\/\/editionsbussiere.com\/blog\/goto\/https:\/\/fr.wikisource.org\/wiki\/Le_Livre_des_oraisons\/XXI\"  target=\"_blank\" rel=\"noopener noreferrer nofollow\">Le post d\u2019actualit\u00e9.<\/a><span><\/span>. Suite sur le prochain article.}<br \/>\n|{Le Livre des oraisons\/XXI.,<a target=\"_blank\" rel=\"nofollow\" href=\"https:\/\/editionsbussiere.com\/blog\/goto\/https:\/\/fr.wikisource.org\/wiki\/Le_Livre_des_oraisons\/XXI\"  target=\"_blank\" rel=\"noopener noreferrer nofollow\">L\u2019article ICI.<\/a><span><\/span>}<br \/>\n|{Le Livre des oraisons\/II.,<a target=\"_blank\" rel=\"nofollow\" href=\"https:\/\/editionsbussiere.com\/blog\/goto\/https:\/\/fr.wikisource.org\/wiki\/Le_Livre_des_oraisons\/II\"  target=\"_blank\" rel=\"noopener noreferrer nofollow\">Le post d\u2019actualit\u00e9.<\/a><span><\/span>}<br \/>\n|{Le Livre des oraisons\/II.,<a target=\"_blank\" rel=\"nofollow\" href=\"https:\/\/editionsbussiere.com\/blog\/goto\/https:\/\/fr.wikisource.org\/wiki\/Le_Livre_des_oraisons\/II\"  target=\"_blank\" rel=\"noopener noreferrer nofollow\">A lire ici.<\/a><span><\/span>. Suite sur le prochain article.}<br \/>\n|{Le Livre des milles nuits et une nuit\/Tome 03\/Histoire de la mort du roi.,<a target=\"_blank\" rel=\"nofollow\" href=\"https:\/\/editionsbussiere.com\/blog\/goto\/https:\/\/fr.wikisource.org\/wiki\/Le_Livre_des_milles_nuits_et_une_nuit\/Tome_03\/Histoire_de_la_mort_du_roi\"  target=\"_blank\" rel=\"noopener noreferrer nofollow\">L\u2019article de presse.<\/a><span><\/span>. Suite sur le prochain article.}<br \/>\n|{Le Livre des mille nuits et une nuit\/Tome 11\/Histoire merveilleuse du miroir des vierges.,<a target=\"_blank\" rel=\"nofollow\" href=\"https:\/\/editionsbussiere.com\/blog\/goto\/https:\/\/fr.wikisource.org\/wiki\/Le_Livre_des_mille_nuits_et_une_nuit\/Tome_11\/Histoire_merveilleuse_du_miroir_des_vierges\"  target=\"_blank\" rel=\"noopener noreferrer nofollow\">Le texte de l\u2019article.<\/a><span><\/span>}<br \/>\n|{Le Livre des ballades\/Priez pour paix, le vray tresor de joye.,<a target=\"_blank\" rel=\"nofollow\" href=\"https:\/\/editionsbussiere.com\/blog\/goto\/https:\/\/fr.wikisource.org\/wiki\/Le_Livre_des_ballades\/Priez_pour_paix,_le_vray_tresor_de_joye\"  target=\"_blank\" rel=\"noopener noreferrer nofollow\">A lire ici.<\/a><span><\/span>}<br \/>\n|{Le Livre des ballades\/Priez pour paix, le vray tresor de joye.,<a target=\"_blank\" rel=\"nofollow\" href=\"https:\/\/editionsbussiere.com\/blog\/goto\/https:\/\/fr.wikisource.org\/wiki\/Le_Livre_des_ballades\/Priez_pour_paix,_le_vray_tresor_de_joye\"  target=\"_blank\" rel=\"noopener noreferrer nofollow\">Article complet.<\/a><span><\/span>}<br \/>\n|{Le Livre des ballades\/Mais priez Dieu que tous nous vueille absouldre.,<a target=\"_blank\" rel=\"nofollow\" href=\"https:\/\/editionsbussiere.com\/blog\/goto\/https:\/\/fr.wikisource.org\/wiki\/Le_Livre_des_ballades\/Mais_priez_Dieu_que_tous_nous_vueille_absouldre\"  target=\"_blank\" rel=\"noopener noreferrer nofollow\">Le post d\u2019actualit\u00e9.<\/a><span><\/span>}<br \/>\n|{Le Livre des ballades\/Faictes semblant de jamais n\u2019y veoir goutte.,<a target=\"_blank\" rel=\"nofollow\" href=\"https:\/\/editionsbussiere.com\/blog\/goto\/https:\/\/fr.wikisource.org\/wiki\/Le_Livre_des_ballades\/Faictes_semblant_de_jamais_n%E2%80%99y_veoir_goutte\"  target=\"_blank\" rel=\"noopener noreferrer nofollow\">Article complet.<\/a><span><\/span>}<br \/>\n|{Le Littr\u00e9 de la Grand\u2019C\u00f4te\/3e \u00e9d., 1903\/Talents.,<a target=\"_blank\" rel=\"nofollow\" href=\"https:\/\/editionsbussiere.com\/blog\/goto\/https:\/\/fr.wikisource.org\/wiki\/Le_Littr%C3%A9_de_la_Grand%E2%80%99C%C3%B4te\/3e_%C3%A9d.,_1903\/Talents\"  target=\"_blank\" rel=\"noopener noreferrer nofollow\">Cliquer ICI.<\/a><span><\/span>}<br \/>\n|{Le Littr\u00e9 de la Grand\u2019C\u00f4te\/3e \u00e9d., 1903\/Joseph (saint).,<a target=\"_blank\" rel=\"nofollow\" href=\"https:\/\/editionsbussiere.com\/blog\/goto\/https:\/\/fr.wikisource.org\/wiki\/Le_Littr%C3%A9_de_la_Grand%E2%80%99C%C3%B4te\/3e_%C3%A9d.,_1903\/Joseph_(saint)\"  target=\"_blank\" rel=\"noopener noreferrer nofollow\">Le dossier.<\/a><span><\/span>}<br \/>\n|{Le Littr\u00e9 de la Grand\u2019C\u00f4te\/3e \u00e9d., 1903\/Cochonner.,<a target=\"_blank\" rel=\"nofollow\" href=\"https:\/\/editionsbussiere.com\/blog\/goto\/https:\/\/fr.wikisource.org\/wiki\/Le_Littr%C3%A9_de_la_Grand%E2%80%99C%C3%B4te\/3e_%C3%A9d.,_1903\/Cochonner\"  target=\"_blank\" rel=\"noopener noreferrer nofollow\">Le dossier.<\/a><span><\/span>}<br \/>\n|{Le Laurier Rose.,<a target=\"_blank\" rel=\"nofollow\" href=\"https:\/\/editionsbussiere.com\/blog\/goto\/https:\/\/fr.wikisource.org\/wiki\/Le_Laurier_Rose\"  target=\"_blank\" rel=\"noopener noreferrer nofollow\">A lire ici.<\/a><span><\/span>}<br \/>\n|{Le Jeu des \u00e9p\u00e9es\/La Ville moribonde.,<a target=\"_blank\" rel=\"nofollow\" href=\"https:\/\/editionsbussiere.com\/blog\/goto\/https:\/\/fr.wikisource.org\/wiki\/Le_Jeu_des_%C3%A9p%C3%A9es\/La_Ville_moribonde\"  target=\"_blank\" rel=\"noopener noreferrer nofollow\">Le dossier.<\/a><span><\/span>. Suite sur le prochain article.}<br \/>\n|{Le Jeu des \u00e9p\u00e9es\/Folie.,<a target=\"_blank\" rel=\"nofollow\" href=\"https:\/\/editionsbussiere.com\/blog\/goto\/https:\/\/fr.wikisource.org\/wiki\/Le_Jeu_des_%C3%A9p%C3%A9es\/Folie\"  target=\"_blank\" rel=\"noopener noreferrer nofollow\">L\u2019article de presse.<\/a><span><\/span>}<br \/>\n|{Le Jardin du Silence et la Ville du Roy\/IV\/La foi, cette raison\u2026.,<a target=\"_blank\" rel=\"nofollow\" href=\"https:\/\/editionsbussiere.com\/blog\/goto\/https:\/\/fr.wikisource.org\/wiki\/Le_Jardin_du_Silence_et_la_Ville_du_Roy\/IV\/La_foi,_cette_raison%E2%80%A6\"  target=\"_blank\" rel=\"noopener noreferrer nofollow\">A lire ici.<\/a><span><\/span>}<br \/>\n|{Le Jardin du Silence et la Ville du Roy\/I\/Prions Dieu, mes bons amis\u2026.,<a target=\"_blank\" rel=\"nofollow\" href=\"https:\/\/editionsbussiere.com\/blog\/goto\/https:\/\/fr.wikisource.org\/wiki\/Le_Jardin_du_Silence_et_la_Ville_du_Roy\/I\/Prions_Dieu,_mes_bons_amis%E2%80%A6\"  target=\"_blank\" rel=\"noopener noreferrer nofollow\">Cliquer ICI.<\/a><span><\/span>. Suite sur le prochain article.}<br \/>\n|{Le Jardin des dieux\/Le Chapelet de jasmin\/La Grenade fendue.,<a target=\"_blank\" rel=\"nofollow\" href=\"https:\/\/editionsbussiere.com\/blog\/goto\/https:\/\/fr.wikisource.org\/wiki\/Le_Jardin_des_dieux\/Le_Chapelet_de_jasmin\/La_Grenade_fendue\"  target=\"_blank\" rel=\"noopener noreferrer nofollow\">L\u2019article de presse.<\/a><span><\/span>. Suite sur le prochain article.}<br \/>\n|{Le grand dictionnaire historique\/\u00e9d. de 1759\/Abelli (Louis).,<a target=\"_blank\" rel=\"nofollow\" href=\"https:\/\/editionsbussiere.com\/blog\/goto\/https:\/\/fr.wikisource.org\/wiki\/Le_grand_dictionnaire_historique\/%C3%A9d._de_1759\/Abelli_(Louis)\"  target=\"_blank\" rel=\"noopener noreferrer nofollow\">Ici.<\/a><span><\/span>}<br \/>\n|{Le Grand Chef des Aucas\/Chapitre 78.,<a target=\"_blank\" rel=\"nofollow\" href=\"https:\/\/editionsbussiere.com\/blog\/goto\/https:\/\/fr.wikisource.org\/wiki\/Le_Grand_Chef_des_Aucas\/Chapitre_78\"  target=\"_blank\" rel=\"noopener noreferrer nofollow\">L\u2019article ICI.<\/a><span><\/span>}<br \/>\n|{Le Foyer et les Champs\/Souvenirs d\u2019enfance.,<a target=\"_blank\" rel=\"nofollow\" href=\"https:\/\/editionsbussiere.com\/blog\/goto\/https:\/\/fr.wikisource.org\/wiki\/Le_Foyer_et_les_Champs\/Souvenirs_d%E2%80%99enfance\"  target=\"_blank\" rel=\"noopener noreferrer nofollow\">Ici.<\/a><span><\/span>. Suite sur le prochain article.}<br \/>\n|{Le Folklore wallon (Monseur)\/09.,<a target=\"_blank\" rel=\"nofollow\" href=\"https:\/\/editionsbussiere.com\/blog\/goto\/https:\/\/fr.wikisource.org\/wiki\/Le_Folklore_wallon_(Monseur)\/09\"  target=\"_blank\" rel=\"noopener noreferrer nofollow\">L\u2019article de presse.<\/a><span><\/span>. Suite sur le prochain article.}<br \/>\n|{Le Fl\u00e9au (Verhaeren \u2013 Les Campagnes hallucin\u00e9es).,<a target=\"_blank\" rel=\"nofollow\" href=\"https:\/\/editionsbussiere.com\/blog\/goto\/https:\/\/fr.wikisource.org\/wiki\/Le_Fl%C3%A9au_(Verhaeren_-_Les_Campagnes_hallucin%C3%A9es)\"  target=\"_blank\" rel=\"noopener noreferrer nofollow\">Le texte de l\u2019article.<\/a><span><\/span>}<br \/>\n|{Le Fl\u00e9au (Verhaeren).,<a target=\"_blank\" rel=\"nofollow\" href=\"https:\/\/editionsbussiere.com\/blog\/goto\/https:\/\/fr.wikisource.org\/wiki\/Le_Fl%C3%A9au_(Verhaeren)\"  target=\"_blank\" rel=\"noopener noreferrer nofollow\">Article complet.<\/a><span><\/span>}<br \/>\n|{Le Fl\u00e2neur des deux rives\/Les No\u00ebls de la rue de Buci.,<a target=\"_blank\" rel=\"nofollow\" href=\"https:\/\/editionsbussiere.com\/blog\/goto\/https:\/\/fr.wikisource.org\/wiki\/Le_Fl%C3%A2neur_des_deux_rives\/Les_No%C3%ABls_de_la_rue_de_Buci\"  target=\"_blank\" rel=\"noopener noreferrer nofollow\">L\u2019article de presse.<\/a><span><\/span>. Suite sur le prochain article.}<br \/>\n|{Le Dialogue (Hurtaud)\/Pr\u00e9face.,<a target=\"_blank\" rel=\"nofollow\" href=\"https:\/\/editionsbussiere.com\/blog\/goto\/https:\/\/fr.wikisource.org\/wiki\/Le_Dialogue_(Hurtaud)\/Pr%C3%A9face\"  target=\"_blank\" rel=\"noopener noreferrer nofollow\">Article complet.<\/a><span><\/span>. Suite sur le prochain article.}<br \/>\n|{Le Dialogue (Hurtaud)\/149.,<a target=\"_blank\" rel=\"nofollow\" href=\"https:\/\/editionsbussiere.com\/blog\/goto\/https:\/\/fr.wikisource.org\/wiki\/Le_Dialogue_(Hurtaud)\/149\"  target=\"_blank\" rel=\"noopener noreferrer nofollow\">A lire ici.<\/a><span><\/span>. Suite sur le prochain article.}<br \/>\n|{Le dernier des Trencavels, Tome 2\/Livre douzi\u00e8me.,<a target=\"_blank\" rel=\"nofollow\" href=\"https:\/\/editionsbussiere.com\/blog\/goto\/https:\/\/fr.wikisource.org\/wiki\/Le_dernier_des_Trencavels,_Tome_2\/Livre_douzi%C3%A8me\"  target=\"_blank\" rel=\"noopener noreferrer nofollow\">A lire ici.<\/a><span><\/span>}<br \/>\n|{Le Croyant\/XLIX.,<a target=\"_blank\" rel=\"nofollow\" href=\"https:\/\/editionsbussiere.com\/blog\/goto\/https:\/\/fr.wikisource.org\/wiki\/Le_Croyant\/XLIX\"  target=\"_blank\" rel=\"noopener noreferrer nofollow\">Le dossier.<\/a><span><\/span>}<br \/>\n|{Le Croyant\/LII.,<a target=\"_blank\" rel=\"nofollow\" href=\"https:\/\/editionsbussiere.com\/blog\/goto\/https:\/\/fr.wikisource.org\/wiki\/Le_Croyant\/LII\"  target=\"_blank\" rel=\"noopener noreferrer nofollow\">L\u2019article ICI.<\/a><span><\/span>}<br \/>\n|{Le Couronnement de la Vierge.,<a target=\"_blank\" rel=\"nofollow\" href=\"https:\/\/editionsbussiere.com\/blog\/goto\/https:\/\/fr.wikisource.org\/wiki\/Le_Couronnement_de_la_Vierge\"  target=\"_blank\" rel=\"noopener noreferrer nofollow\">Article complet.<\/a><span><\/span>. Suite sur le prochain article.}<br \/>\n|{Le Couronnement de la Vierge.,<a target=\"_blank\" rel=\"nofollow\" href=\"https:\/\/editionsbussiere.com\/blog\/goto\/https:\/\/fr.wikisource.org\/wiki\/Le_Couronnement_de_la_Vierge\"  target=\"_blank\" rel=\"noopener noreferrer nofollow\">Article complet.<\/a><span><\/span>}<br \/>\n|{Le Coran (Traduction de Savary)\/66.,<a target=\"_blank\" rel=\"nofollow\" href=\"https:\/\/editionsbussiere.com\/blog\/goto\/https:\/\/fr.wikisource.org\/wiki\/Le_Coran_(Traduction_de_Savary)\/66\"  target=\"_blank\" rel=\"noopener noreferrer nofollow\">A lire ici.<\/a><span><\/span>. Suite sur le prochain article.}<br \/>\n|{Le Coran (Traduction de Savary)\/52.,<a target=\"_blank\" rel=\"nofollow\" href=\"https:\/\/editionsbussiere.com\/blog\/goto\/https:\/\/fr.wikisource.org\/wiki\/Le_Coran_(Traduction_de_Savary)\/52\"  target=\"_blank\" rel=\"noopener noreferrer nofollow\">Cliquer ICI.<\/a><span><\/span>. Suite sur le prochain article.}<br \/>\n|{Le Coran (Traduction de Savary)\/19.,<a target=\"_blank\" rel=\"nofollow\" href=\"https:\/\/editionsbussiere.com\/blog\/goto\/https:\/\/fr.wikisource.org\/wiki\/Le_Coran_(Traduction_de_Savary)\/19\"  target=\"_blank\" rel=\"noopener noreferrer nofollow\">Le texte de l\u2019article.<\/a><span><\/span>}<br \/>\n|{Le Conscrit (Conscience)\/6.,<a target=\"_blank\" rel=\"nofollow\" href=\"https:\/\/editionsbussiere.com\/blog\/goto\/https:\/\/fr.wikisource.org\/wiki\/Le_Conscrit_(Conscience)\/6\"  target=\"_blank\" rel=\"noopener noreferrer nofollow\">Article complet.<\/a><span><\/span>}<br \/>\n|{Le Combat spirituel (Brignon)\/66.,<a target=\"_blank\" rel=\"nofollow\" href=\"https:\/\/editionsbussiere.com\/blog\/goto\/https:\/\/fr.wikisource.org\/wiki\/Le_Combat_spirituel_(Brignon)\/66\"  target=\"_blank\" rel=\"noopener noreferrer nofollow\">Le texte de l\u2019article.<\/a><span><\/span>}<br \/>\n|{Le Combat spirituel (Brignon)\/48.,<a target=\"_blank\" rel=\"nofollow\" href=\"https:\/\/editionsbussiere.com\/blog\/goto\/https:\/\/fr.wikisource.org\/wiki\/Le_Combat_spirituel_(Brignon)\/48\"  target=\"_blank\" rel=\"noopener noreferrer nofollow\">Ici.<\/a><span><\/span>. Suite sur le prochain article.}<br \/>\n|{Le Combat spirituel (Brignon)\/44.,<a target=\"_blank\" rel=\"nofollow\" href=\"https:\/\/editionsbussiere.com\/blog\/goto\/https:\/\/fr.wikisource.org\/wiki\/Le_Combat_spirituel_(Brignon)\/44\"  target=\"_blank\" rel=\"noopener noreferrer nofollow\">L\u2019article de presse.<\/a><span><\/span>}<br \/>\n|{Le Clavecin de Diderot\/La Vierge et le serpent.,<a target=\"_blank\" rel=\"nofollow\" href=\"https:\/\/editionsbussiere.com\/blog\/goto\/https:\/\/fr.wikisource.org\/wiki\/Le_Clavecin_de_Diderot\/La_Vierge_et_le_serpent\"  target=\"_blank\" rel=\"noopener noreferrer nofollow\">Article complet.<\/a><span><\/span>}<br \/>\n|{Le Clavecin de Diderot\/La Vierge et le serpent.,<a target=\"_blank\" rel=\"nofollow\" href=\"https:\/\/editionsbussiere.com\/blog\/goto\/https:\/\/fr.wikisource.org\/wiki\/Le_Clavecin_de_Diderot\/La_Vierge_et_le_serpent\"  target=\"_blank\" rel=\"noopener noreferrer nofollow\">Le dossier.<\/a><span><\/span>}<br \/>\n|{Le Clavecin de Diderot\/J\u00e9sus.,<a target=\"_blank\" rel=\"nofollow\" href=\"https:\/\/editionsbussiere.com\/blog\/goto\/https:\/\/fr.wikisource.org\/wiki\/Le_Clavecin_de_Diderot\/J%C3%A9sus\"  target=\"_blank\" rel=\"noopener noreferrer nofollow\">L\u2019article de presse.<\/a><span><\/span>. Suite sur le prochain article.}<br \/>\n|{Le Chevalier \u00e0 la charrette\/9.,<a target=\"_blank\" rel=\"nofollow\" href=\"https:\/\/editionsbussiere.com\/blog\/goto\/https:\/\/fr.wikisource.org\/wiki\/Le_Chevalier_%C3%A0_la_charrette\/9\"  target=\"_blank\" rel=\"noopener noreferrer nofollow\">Ici.<\/a><span><\/span>}<br \/>\n|{Le Chant des Blancs.,<a target=\"_blank\" rel=\"nofollow\" href=\"https:\/\/editionsbussiere.com\/blog\/goto\/https:\/\/fr.wikisource.org\/wiki\/Le_Chant_des_Blancs\"  target=\"_blank\" rel=\"noopener noreferrer nofollow\">Le dossier.<\/a><span><\/span>. Suite sur le prochain article.}<br \/>\n|{Le Ch\u00e2teau aventureux\/19.,<a target=\"_blank\" rel=\"nofollow\" href=\"https:\/\/editionsbussiere.com\/blog\/goto\/https:\/\/fr.wikisource.org\/wiki\/Le_Ch%C3%A2teau_aventureux\/19\"  target=\"_blank\" rel=\"noopener noreferrer nofollow\">Le texte de l\u2019article.<\/a><span><\/span>}<br \/>\n|{Le Carillonneur\/II\/X.,<a target=\"_blank\" rel=\"nofollow\" href=\"https:\/\/editionsbussiere.com\/blog\/goto\/https:\/\/fr.wikisource.org\/wiki\/Le_Carillonneur\/II\/X\"  target=\"_blank\" rel=\"noopener noreferrer nofollow\">L\u2019article ICI.<\/a><span><\/span>}<br \/>\n|{Le Cap \u00c9ternit\u00e9\/Chant VII.,<a target=\"_blank\" rel=\"nofollow\" href=\"https:\/\/editionsbussiere.com\/blog\/goto\/https:\/\/fr.wikisource.org\/wiki\/Le_Cap_%C3%89ternit%C3%A9\/Chant_VII\"  target=\"_blank\" rel=\"noopener noreferrer nofollow\">Le texte de l\u2019article.<\/a><span><\/span>}<br \/>\n|{Le Cagnon du Tarn\/02.,<a target=\"_blank\" rel=\"nofollow\" href=\"https:\/\/editionsbussiere.com\/blog\/goto\/https:\/\/fr.wikisource.org\/wiki\/Le_Cagnon_du_Tarn\/02\"  target=\"_blank\" rel=\"noopener noreferrer nofollow\">L\u2019article de presse.<\/a><span><\/span>}<br \/>\n|{Le Cabinet de Lampsaque\/03.,<a target=\"_blank\" rel=\"nofollow\" href=\"https:\/\/editionsbussiere.com\/blog\/goto\/https:\/\/fr.wikisource.org\/wiki\/Le_Cabinet_de_Lampsaque\/03\"  target=\"_blank\" rel=\"noopener noreferrer nofollow\">L\u2019article ICI.<\/a><span><\/span>}<br \/>\n|{Le Buste de Charles X.,<a target=\"_blank\" rel=\"nofollow\" href=\"https:\/\/editionsbussiere.com\/blog\/goto\/https:\/\/fr.wikisource.org\/wiki\/Le_Buste_de_Charles_X\"  target=\"_blank\" rel=\"noopener noreferrer nofollow\">Le texte de l\u2019article.<\/a><span><\/span>}<br \/>\n|{Le Bourgeon\/Variante.,<a target=\"_blank\" rel=\"nofollow\" href=\"https:\/\/editionsbussiere.com\/blog\/goto\/https:\/\/fr.wikisource.org\/wiki\/Le_Bourgeon\/Variante\"  target=\"_blank\" rel=\"noopener noreferrer nofollow\">Le post d\u2019actualit\u00e9.<\/a><span><\/span>. Suite sur le prochain article.}<br \/>\n|{Le Bossu\/II\/III\/5.,<a target=\"_blank\" rel=\"nofollow\" href=\"https:\/\/editionsbussiere.com\/blog\/goto\/https:\/\/fr.wikisource.org\/wiki\/Le_Bossu\/II\/III\/5\"  target=\"_blank\" rel=\"noopener noreferrer nofollow\">Ici.<\/a><span><\/span>. Suite sur le prochain article.}<br \/>\n|{Le Blason d\u2019apr\u00e8s les sceaux du Moyen-\u00c2ge.,<a target=\"_blank\" rel=\"nofollow\" href=\"https:\/\/editionsbussiere.com\/blog\/goto\/https:\/\/fr.wikisource.org\/wiki\/Le_Blason_d%E2%80%99apr%C3%A8s_les_sceaux_du_Moyen-%C3%82ge\"  target=\"_blank\" rel=\"noopener noreferrer nofollow\">L\u2019article ICI.<\/a><span><\/span>. Suite sur le prochain article.}<br \/>\n|{Larmes d\u2019amour\/Chapitre III.,<a target=\"_blank\" rel=\"nofollow\" href=\"https:\/\/editionsbussiere.com\/blog\/goto\/https:\/\/fr.wikisource.org\/wiki\/Larmes_d%E2%80%99amour\/Chapitre_III\"  target=\"_blank\" rel=\"noopener noreferrer nofollow\">Article complet.<\/a><span><\/span>. Suite sur le prochain article.}<br \/>\n|{La Walkyrie\/Acte III.,<a target=\"_blank\" rel=\"nofollow\" href=\"https:\/\/editionsbussiere.com\/blog\/goto\/https:\/\/fr.wikisource.org\/wiki\/La_Walkyrie\/Acte_III\"  target=\"_blank\" rel=\"noopener noreferrer nofollow\">Le post d\u2019actualit\u00e9.<\/a><span><\/span>. Suite sur le prochain article.}<br \/>\n|{La Voix de l\u2019\u00c9ternelle.,<a target=\"_blank\" rel=\"nofollow\" href=\"https:\/\/editionsbussiere.com\/blog\/goto\/https:\/\/fr.wikisource.org\/wiki\/La_Voix_de_l%E2%80%99%C3%89ternelle\"  target=\"_blank\" rel=\"noopener noreferrer nofollow\">Ici.<\/a><span><\/span>. Suite sur le prochain article.}<br \/>\n|{La Voie lact\u00e9e.,<a target=\"_blank\" rel=\"nofollow\" href=\"https:\/\/editionsbussiere.com\/blog\/goto\/https:\/\/fr.wikisource.org\/wiki\/La_Voie_lact%C3%A9e\"  target=\"_blank\" rel=\"noopener noreferrer nofollow\">L\u2019article de presse.<\/a><span><\/span>}<br \/>\n|{La Vocation\/Premi\u00e8re partie\/V.,<a target=\"_blank\" rel=\"nofollow\" href=\"https:\/\/editionsbussiere.com\/blog\/goto\/https:\/\/fr.wikisource.org\/wiki\/La_Vocation\/Premi%C3%A8re_partie\/V\"  target=\"_blank\" rel=\"noopener noreferrer nofollow\">L\u2019article ICI.<\/a><span><\/span>. Suite sur le prochain article.}<br \/>\n|{La Vocation\/Premi\u00e8re partie\/IV.,<a target=\"_blank\" rel=\"nofollow\" href=\"https:\/\/editionsbussiere.com\/blog\/goto\/https:\/\/fr.wikisource.org\/wiki\/La_Vocation\/Premi%C3%A8re_partie\/IV\"  target=\"_blank\" rel=\"noopener noreferrer nofollow\">Cliquer ICI.<\/a><span><\/span>}<br \/>\n|{La Vocation\/Deuxi\u00e8me partie\/I.,<a target=\"_blank\" rel=\"nofollow\" href=\"https:\/\/editionsbussiere.com\/blog\/goto\/https:\/\/fr.wikisource.org\/wiki\/La_Vocation\/Deuxi%C3%A8me_partie\/I\"  target=\"_blank\" rel=\"noopener noreferrer nofollow\">L\u2019article ICI.<\/a><span><\/span>}<br \/>\n|{La Vierge sensuelle\/Texte entier.,<a target=\"_blank\" rel=\"nofollow\" href=\"https:\/\/editionsbussiere.com\/blog\/goto\/https:\/\/fr.wikisource.org\/wiki\/La_Vierge_sensuelle\/Texte_entier\"  target=\"_blank\" rel=\"noopener noreferrer nofollow\">Ici.<\/a><span><\/span>}<br \/>\n|{La Vierge sensuelle\/07.,<a target=\"_blank\" rel=\"nofollow\" href=\"https:\/\/editionsbussiere.com\/blog\/goto\/https:\/\/fr.wikisource.org\/wiki\/La_Vierge_sensuelle\/07\"  target=\"_blank\" rel=\"noopener noreferrer nofollow\">Ici.<\/a><span><\/span>}<br \/>\n|{La Vierge sensuelle\/06.,<a target=\"_blank\" rel=\"nofollow\" href=\"https:\/\/editionsbussiere.com\/blog\/goto\/https:\/\/fr.wikisource.org\/wiki\/La_Vierge_sensuelle\/06\"  target=\"_blank\" rel=\"noopener noreferrer nofollow\">A lire ici.<\/a><span><\/span>. Suite sur le prochain article.}<br \/>\n|{La Vierge sensuelle\/04.,<a target=\"_blank\" rel=\"nofollow\" href=\"https:\/\/editionsbussiere.com\/blog\/goto\/https:\/\/fr.wikisource.org\/wiki\/La_Vierge_sensuelle\/04\"  target=\"_blank\" rel=\"noopener noreferrer nofollow\">Ici.<\/a><span><\/span>. Suite sur le prochain article.}<br \/>\n|{La Vierge sensuelle\/02.,<a target=\"_blank\" rel=\"nofollow\" href=\"https:\/\/editionsbussiere.com\/blog\/goto\/https:\/\/fr.wikisource.org\/wiki\/La_Vierge_sensuelle\/02\"  target=\"_blank\" rel=\"noopener noreferrer nofollow\">Le texte de l\u2019article.<\/a><span><\/span>}<br \/>\n|{La Vierge sensuelle\/01.,<a target=\"_blank\" rel=\"nofollow\" href=\"https:\/\/editionsbussiere.com\/blog\/goto\/https:\/\/fr.wikisource.org\/wiki\/La_Vierge_sensuelle\/01\"  target=\"_blank\" rel=\"noopener noreferrer nofollow\">Ici.<\/a><span><\/span>}<br \/>\n|{La Vierge folle.,<a target=\"_blank\" rel=\"nofollow\" href=\"https:\/\/editionsbussiere.com\/blog\/goto\/https:\/\/fr.wikisource.org\/wiki\/La_Vierge_folle\"  target=\"_blank\" rel=\"noopener noreferrer nofollow\">Article complet.<\/a><span><\/span>}<br \/>\n|{La Vierge folle.,<a target=\"_blank\" rel=\"nofollow\" href=\"https:\/\/editionsbussiere.com\/blog\/goto\/https:\/\/fr.wikisource.org\/wiki\/La_Vierge_folle\"  target=\"_blank\" rel=\"noopener noreferrer nofollow\">A lire ici.<\/a><span><\/span>. Suite sur le prochain article.}<br \/>\n|{La Vierge de Reus.,<a target=\"_blank\" rel=\"nofollow\" href=\"https:\/\/editionsbussiere.com\/blog\/goto\/https:\/\/fr.wikisource.org\/wiki\/La_Vierge_de_Reus\"  target=\"_blank\" rel=\"noopener noreferrer nofollow\">L\u2019article ICI.<\/a><span><\/span>. Suite sur le prochain article.}<br \/>\n|{La vierge d\u2019ivoire\/14.,<a target=\"_blank\" rel=\"nofollow\" href=\"https:\/\/editionsbussiere.com\/blog\/goto\/https:\/\/fr.wikisource.org\/wiki\/La_vierge_d%E2%80%99ivoire\/14\"  target=\"_blank\" rel=\"noopener noreferrer nofollow\">L\u2019article ICI.<\/a><span><\/span>. Suite sur le prochain article.}<br \/>\n|{La vierge d\u2019ivoire\/13.,<a target=\"_blank\" rel=\"nofollow\" href=\"https:\/\/editionsbussiere.com\/blog\/goto\/https:\/\/fr.wikisource.org\/wiki\/La_vierge_d%E2%80%99ivoire\/13\"  target=\"_blank\" rel=\"noopener noreferrer nofollow\">Le texte de l\u2019article.<\/a><span><\/span>. Suite sur le prochain article.}<br \/>\n|{La vierge d\u2019ivoire\/11.,<a target=\"_blank\" rel=\"nofollow\" href=\"https:\/\/editionsbussiere.com\/blog\/goto\/https:\/\/fr.wikisource.org\/wiki\/La_vierge_d%E2%80%99ivoire\/11\"  target=\"_blank\" rel=\"noopener noreferrer nofollow\">Le post d\u2019actualit\u00e9.<\/a><span><\/span>}<br \/>\n|{La vierge d\u2019ivoire\/10.,<a target=\"_blank\" rel=\"nofollow\" href=\"https:\/\/editionsbussiere.com\/blog\/goto\/https:\/\/fr.wikisource.org\/wiki\/La_vierge_d%E2%80%99ivoire\/10\"  target=\"_blank\" rel=\"noopener noreferrer nofollow\">Le texte de l\u2019article.<\/a><span><\/span>. Suite sur le prochain article.}<br \/>\n|{La vierge d\u2019ivoire\/09.,<a target=\"_blank\" rel=\"nofollow\" href=\"https:\/\/editionsbussiere.com\/blog\/goto\/https:\/\/fr.wikisource.org\/wiki\/La_vierge_d%E2%80%99ivoire\/09\"  target=\"_blank\" rel=\"noopener noreferrer nofollow\">Article complet.<\/a><span><\/span>}<br \/>\n|{La vierge d\u2019ivoire\/07.,<a target=\"_blank\" rel=\"nofollow\" href=\"https:\/\/editionsbussiere.com\/blog\/goto\/https:\/\/fr.wikisource.org\/wiki\/La_vierge_d%E2%80%99ivoire\/07\"  target=\"_blank\" rel=\"noopener noreferrer nofollow\">L\u2019article de presse.<\/a><span><\/span>}<br \/>\n|{La vierge d\u2019ivoire\/01.,<a target=\"_blank\" rel=\"nofollow\" href=\"https:\/\/editionsbussiere.com\/blog\/goto\/https:\/\/fr.wikisource.org\/wiki\/La_vierge_d%E2%80%99ivoire\/01\"  target=\"_blank\" rel=\"noopener noreferrer nofollow\">Le dossier.<\/a><span><\/span>}<br \/>\n|{La Vie secr\u00e8te de Catherine Labour\u00e9\/Prologue.,<a target=\"_blank\" rel=\"nofollow\" href=\"https:\/\/editionsbussiere.com\/blog\/goto\/https:\/\/fr.wikisource.org\/wiki\/La_Vie_secr%C3%A8te_de_Catherine_Labour%C3%A9\/Prologue\"  target=\"_blank\" rel=\"noopener noreferrer nofollow\">L\u2019article ICI.<\/a><span><\/span>. Suite sur le prochain article.}<br \/>\n|{La Vie litt\u00e9raire\/2\/M. Gaston P\u00e2ris et la litt\u00e9rature francaise au moyen \u00e2ge.,<a target=\"_blank\" rel=\"nofollow\" href=\"https:\/\/editionsbussiere.com\/blog\/goto\/https:\/\/fr.wikisource.org\/wiki\/La_Vie_litt%C3%A9raire\/2\/M._Gaston_P%C3%A2ris_et_la_litt%C3%A9rature_francaise_au_moyen_%C3%A2ge\"  target=\"_blank\" rel=\"noopener noreferrer nofollow\">Article complet.<\/a><span><\/span>}<br \/>\n|{La Vie litt\u00e9raire\/2\/Les Marionnettes de M. Signoret.,<a target=\"_blank\" rel=\"nofollow\" href=\"https:\/\/editionsbussiere.com\/blog\/goto\/https:\/\/fr.wikisource.org\/wiki\/La_Vie_litt%C3%A9raire\/2\/Les_Marionnettes_de_M._Signoret\"  target=\"_blank\" rel=\"noopener noreferrer nofollow\">A lire ici.<\/a><span><\/span>. Suite sur le prochain article.}<br \/>\n|{La Vie litt\u00e9raire\/2\/La Puret\u00e9 de M. Zola.,<a target=\"_blank\" rel=\"nofollow\" href=\"https:\/\/editionsbussiere.com\/blog\/goto\/https:\/\/fr.wikisource.org\/wiki\/La_Vie_litt%C3%A9raire\/2\/La_Puret%C3%A9_de_M._Zola\"  target=\"_blank\" rel=\"noopener noreferrer nofollow\">Article complet.<\/a><span><\/span>}<br \/>\n|{La Vie errante (Ollendorff, 1890)\/D\u2019Alger \u00e0 Tunis.,<a target=\"_blank\" rel=\"nofollow\" href=\"https:\/\/editionsbussiere.com\/blog\/goto\/https:\/\/fr.wikisource.org\/wiki\/La_Vie_errante_(Ollendorff,_1890)\/D%E2%80%99Alger_%C3%A0_Tunis\"  target=\"_blank\" rel=\"noopener noreferrer nofollow\">Le texte de l\u2019article.<\/a><span><\/span>}<br \/>\n|{La Th\u00e9ba\u00efde en Am\u00e9rique\/Chapitre IV.,<a target=\"_blank\" rel=\"nofollow\" href=\"https:\/\/editionsbussiere.com\/blog\/goto\/https:\/\/fr.wikisource.org\/wiki\/La_Th%C3%A9ba%C3%AFde_en_Am%C3%A9rique\/Chapitre_IV\"  target=\"_blank\" rel=\"noopener noreferrer nofollow\">Article complet.<\/a><span><\/span>}<br \/>\n|{La Th\u00e9ba\u00efde en Am\u00e9rique.,<a target=\"_blank\" rel=\"nofollow\" href=\"https:\/\/editionsbussiere.com\/blog\/goto\/https:\/\/fr.wikisource.org\/wiki\/La_Th%C3%A9ba%C3%AFde_en_Am%C3%A9rique\"  target=\"_blank\" rel=\"noopener noreferrer nofollow\">Le texte de l\u2019article.<\/a><span><\/span>}<br \/>\n|{La Tentation de l\u2019homme\/Le Cirque.,<a target=\"_blank\" rel=\"nofollow\" href=\"https:\/\/editionsbussiere.com\/blog\/goto\/https:\/\/fr.wikisource.org\/wiki\/La_Tentation_de_l%E2%80%99homme\/Le_Cirque\"  target=\"_blank\" rel=\"noopener noreferrer nofollow\">Le texte de l\u2019article.<\/a><span><\/span>. Suite sur le prochain article.}<br \/>\n|{La Suite de l\u2019Adolescence Cl\u00e9mentine\/Les Oraisons.,<a target=\"_blank\" rel=\"nofollow\" href=\"https:\/\/editionsbussiere.com\/blog\/goto\/https:\/\/fr.wikisource.org\/wiki\/La_Suite_de_l%E2%80%99Adolescence_Cl%C3%A9mentine\/Les_Oraisons\"  target=\"_blank\" rel=\"noopener noreferrer nofollow\">A lire ici.<\/a><span><\/span>}<br \/>\n|{La Source divine.,<a target=\"_blank\" rel=\"nofollow\" href=\"https:\/\/editionsbussiere.com\/blog\/goto\/https:\/\/fr.wikisource.org\/wiki\/La_Source_divine\"  target=\"_blank\" rel=\"noopener noreferrer nofollow\">Cliquer ICI.<\/a><span><\/span>}<br \/>\n|{La Science et l\u2019amour\/5.,<a target=\"_blank\" rel=\"nofollow\" href=\"https:\/\/editionsbussiere.com\/blog\/goto\/https:\/\/fr.wikisource.org\/wiki\/La_Science_et_l%E2%80%99amour\/5\"  target=\"_blank\" rel=\"noopener noreferrer nofollow\">Article complet.<\/a><span><\/span>}<br \/>\n|{La Sainte Th\u00e9r\u00e8se de G\u00e9rard.,<a target=\"_blank\" rel=\"nofollow\" href=\"https:\/\/editionsbussiere.com\/blog\/goto\/https:\/\/fr.wikisource.org\/wiki\/La_Sainte_Th%C3%A9r%C3%A8se_de_G%C3%A9rard\"  target=\"_blank\" rel=\"noopener noreferrer nofollow\">Le dossier.<\/a><span><\/span>. Suite sur le prochain article.}<br \/>\n|{La S\u0153ur de charit\u00e9.,<a target=\"_blank\" rel=\"nofollow\" href=\"https:\/\/editionsbussiere.com\/blog\/goto\/https:\/\/fr.wikisource.org\/wiki\/La_S%C5%93ur_de_charit%C3%A9\"  target=\"_blank\" rel=\"noopener noreferrer nofollow\">Le dossier.<\/a><span><\/span>}<br \/>\n|{La Route fraternelle\/40.,<a target=\"_blank\" rel=\"nofollow\" href=\"https:\/\/editionsbussiere.com\/blog\/goto\/https:\/\/fr.wikisource.org\/wiki\/La_Route_fraternelle\/40\"  target=\"_blank\" rel=\"noopener noreferrer nofollow\">Le texte de l\u2019article.<\/a><span><\/span>}<br \/>\n|{La Route fraternelle\/30.,<a target=\"_blank\" rel=\"nofollow\" href=\"https:\/\/editionsbussiere.com\/blog\/goto\/https:\/\/fr.wikisource.org\/wiki\/La_Route_fraternelle\/30\"  target=\"_blank\" rel=\"noopener noreferrer nofollow\">Article complet.<\/a><span><\/span>}<br \/>\n|{La Rivi\u00e8re-\u00e0-Mars\/02.,<a target=\"_blank\" rel=\"nofollow\" href=\"https:\/\/editionsbussiere.com\/blog\/goto\/https:\/\/fr.wikisource.org\/wiki\/La_Rivi%C3%A8re-%C3%A0-Mars\/02\"  target=\"_blank\" rel=\"noopener noreferrer nofollow\">Ici.<\/a><span><\/span>. Suite sur le prochain article.}<br \/>\n|{La renaissance septentrionale et les premiers ma\u00eetres des Flandres\/Table illustrations 2.,<a target=\"_blank\" rel=\"nofollow\" href=\"https:\/\/editionsbussiere.com\/blog\/goto\/https:\/\/fr.wikisource.org\/wiki\/La_renaissance_septentrionale_et_les_premiers_ma%C3%AEtres_des_Flandres\/Table_illustrations_2\"  target=\"_blank\" rel=\"noopener noreferrer nofollow\">A lire ici.<\/a><span><\/span>}<br \/>\n|{La renaissance septentrionale et les premiers ma\u00eetres des Flandres\/07.,<a target=\"_blank\" rel=\"nofollow\" href=\"https:\/\/editionsbussiere.com\/blog\/goto\/https:\/\/fr.wikisource.org\/wiki\/La_renaissance_septentrionale_et_les_premiers_ma%C3%AEtres_des_Flandres\/07\"  target=\"_blank\" rel=\"noopener noreferrer nofollow\">L\u2019article ICI.<\/a><span><\/span>. Suite sur le prochain article.}<br \/>\n|{La Religion du Capital\/5.,<a target=\"_blank\" rel=\"nofollow\" href=\"https:\/\/editionsbussiere.com\/blog\/goto\/https:\/\/fr.wikisource.org\/wiki\/La_Religion_du_Capital\/5\"  target=\"_blank\" rel=\"noopener noreferrer nofollow\">Cliquer ICI.<\/a><span><\/span>}<br \/>\n|{La Reine du bal.,<a target=\"_blank\" rel=\"nofollow\" href=\"https:\/\/editionsbussiere.com\/blog\/goto\/https:\/\/fr.wikisource.org\/wiki\/La_Reine_du_bal\"  target=\"_blank\" rel=\"noopener noreferrer nofollow\">Article complet.<\/a><span><\/span>}<br \/>\n|{La r\u00e9gion de l\u2019Abitibi : terres \u00e0 coloniser\/51.,<a target=\"_blank\" rel=\"nofollow\" href=\"https:\/\/editionsbussiere.com\/blog\/goto\/https:\/\/fr.wikisource.org\/wiki\/La_r%C3%A9gion_de_l%E2%80%99Abitibi_:_terres_%C3%A0_coloniser\/51\"  target=\"_blank\" rel=\"noopener noreferrer nofollow\">Cliquer ICI.<\/a><span><\/span>. Suite sur le prochain article.}<br \/>\n|{La Quittance de minuit\/04\/01.,<a target=\"_blank\" rel=\"nofollow\" href=\"https:\/\/editionsbussiere.com\/blog\/goto\/https:\/\/fr.wikisource.org\/wiki\/La_Quittance_de_minuit\/04\/01\"  target=\"_blank\" rel=\"noopener noreferrer nofollow\">Ici.<\/a><span><\/span>. Suite sur le prochain article.}<br \/>\n|{La Quittance de minuit\/01\/02\/04.,<a target=\"_blank\" rel=\"nofollow\" href=\"https:\/\/editionsbussiere.com\/blog\/goto\/https:\/\/fr.wikisource.org\/wiki\/La_Quittance_de_minuit\/01\/02\/04\"  target=\"_blank\" rel=\"noopener noreferrer nofollow\">Article complet.<\/a><span><\/span>. Suite sur le prochain article.}<br \/>\n|{La Pointe-du-Lac\/04\/a.,<a target=\"_blank\" rel=\"nofollow\" href=\"https:\/\/editionsbussiere.com\/blog\/goto\/https:\/\/fr.wikisource.org\/wiki\/La_Pointe-du-Lac\/04\/a\"  target=\"_blank\" rel=\"noopener noreferrer nofollow\">Cliquer ICI.<\/a><span><\/span>. Suite sur le prochain article.}<br \/>\n|{La Po\u00e9sie de St\u00e9phane Mallarm\u00e9\/Livre II\/III.,<a target=\"_blank\" rel=\"nofollow\" href=\"https:\/\/editionsbussiere.com\/blog\/goto\/https:\/\/fr.wikisource.org\/wiki\/La_Po%C3%A9sie_de_St%C3%A9phane_Mallarm%C3%A9\/Livre_II\/III\"  target=\"_blank\" rel=\"noopener noreferrer nofollow\">L\u2019article de presse.<\/a><span><\/span>}<br \/>\n|{La Petite Vierge (Verhaeren).,<a target=\"_blank\" rel=\"nofollow\" href=\"https:\/\/editionsbussiere.com\/blog\/goto\/https:\/\/fr.wikisource.org\/wiki\/La_Petite_Vierge_(Verhaeren)\"  target=\"_blank\" rel=\"noopener noreferrer nofollow\">Le texte de l\u2019article.<\/a><span><\/span>}<br \/>\n|{La Petite Fadette (illustr\u00e9, Hetzel 1852)\/Chapitre 22.,<a target=\"_blank\" rel=\"nofollow\" href=\"https:\/\/editionsbussiere.com\/blog\/goto\/https:\/\/fr.wikisource.org\/wiki\/La_Petite_Fadette_(illustr%C3%A9,_Hetzel_1852)\/Chapitre_22\"  target=\"_blank\" rel=\"noopener noreferrer nofollow\">L\u2019article de presse.<\/a><span><\/span>}<br \/>\n|{La Petite Fadette\/22.,<a target=\"_blank\" rel=\"nofollow\" href=\"https:\/\/editionsbussiere.com\/blog\/goto\/https:\/\/fr.wikisource.org\/wiki\/La_Petite_Fadette\/22\"  target=\"_blank\" rel=\"noopener noreferrer nofollow\">A lire ici.<\/a><span><\/span>. Suite sur le prochain article.}<br \/>\n|{La Peinture en Belgique\/XX.,<a target=\"_blank\" rel=\"nofollow\" href=\"https:\/\/editionsbussiere.com\/blog\/goto\/https:\/\/fr.wikisource.org\/wiki\/La_Peinture_en_Belgique\/XX\"  target=\"_blank\" rel=\"noopener noreferrer nofollow\">Le dossier.<\/a><span><\/span>}<br \/>\n|{La Peinture en Belgique\/Table des Planches vol. II.,<a target=\"_blank\" rel=\"nofollow\" href=\"https:\/\/editionsbussiere.com\/blog\/goto\/https:\/\/fr.wikisource.org\/wiki\/La_Peinture_en_Belgique\/Table_des_Planches_vol._II\"  target=\"_blank\" rel=\"noopener noreferrer nofollow\">Le dossier.<\/a><span><\/span>}<br \/>\n|{La Peinture en Belgique\/Table des planches vol. I.,<a target=\"_blank\" rel=\"nofollow\" href=\"https:\/\/editionsbussiere.com\/blog\/goto\/https:\/\/fr.wikisource.org\/wiki\/La_Peinture_en_Belgique\/Table_des_planches_vol._I\"  target=\"_blank\" rel=\"noopener noreferrer nofollow\">Ici.<\/a><span><\/span>}<br \/>\n|{La Peinture en Belgique\/La Vierge du doyen van der Meulen.,<a target=\"_blank\" rel=\"nofollow\" href=\"https:\/\/editionsbussiere.com\/blog\/goto\/https:\/\/fr.wikisource.org\/wiki\/La_Peinture_en_Belgique\/La_Vierge_du_doyen_van_der_Meulen\"  target=\"_blank\" rel=\"noopener noreferrer nofollow\">Article complet.<\/a><span><\/span>. Suite sur le prochain article.}<br \/>\n|{La Peinture en Belgique\/CXXXIX.,<a target=\"_blank\" rel=\"nofollow\" href=\"https:\/\/editionsbussiere.com\/blog\/goto\/https:\/\/fr.wikisource.org\/wiki\/La_Peinture_en_Belgique\/CXXXIX\"  target=\"_blank\" rel=\"noopener noreferrer nofollow\">L\u2019article ICI.<\/a><span><\/span>. Suite sur le prochain article.}<br \/>\n|{La Nuit de No\u00ebl\/La Nuit de No\u00ebl (Alfred Busquet).,<a target=\"_blank\" rel=\"nofollow\" href=\"https:\/\/editionsbussiere.com\/blog\/goto\/https:\/\/fr.wikisource.org\/wiki\/La_Nuit_de_No%C3%ABl\/La_Nuit_de_No%C3%ABl_(Alfred_Busquet)\"  target=\"_blank\" rel=\"noopener noreferrer nofollow\">Le texte de l\u2019article.<\/a><span><\/span>}<br \/>\n|{La Nuit de mai (RDDM).,<a target=\"_blank\" rel=\"nofollow\" href=\"https:\/\/editionsbussiere.com\/blog\/goto\/https:\/\/fr.wikisource.org\/wiki\/La_Nuit_de_mai_(RDDM)\"  target=\"_blank\" rel=\"noopener noreferrer nofollow\">Ici.<\/a><span><\/span>. Suite sur le prochain article.}<br \/>\n|{La Nuit de la Toussaint.,<a target=\"_blank\" rel=\"nofollow\" href=\"https:\/\/editionsbussiere.com\/blog\/goto\/https:\/\/fr.wikisource.org\/wiki\/La_Nuit_de_la_Toussaint\"  target=\"_blank\" rel=\"noopener noreferrer nofollow\">Le texte de l\u2019article.<\/a><span><\/span>}<br \/>\n|{La Nouvelle Atala\/Chapitre II.,<a target=\"_blank\" rel=\"nofollow\" href=\"https:\/\/editionsbussiere.com\/blog\/goto\/https:\/\/fr.wikisource.org\/wiki\/La_Nouvelle_Atala\/Chapitre_II\"  target=\"_blank\" rel=\"noopener noreferrer nofollow\">Article complet.<\/a><span><\/span>. Suite sur le prochain article.}<br \/>\n|{La Muse au cabaret\/La Vierge en bouteille.,<a target=\"_blank\" rel=\"nofollow\" href=\"https:\/\/editionsbussiere.com\/blog\/goto\/https:\/\/fr.wikisource.org\/wiki\/La_Muse_au_cabaret\/La_Vierge_en_bouteille\"  target=\"_blank\" rel=\"noopener noreferrer nofollow\">L\u2019article de presse.<\/a><span><\/span>}<br \/>\n|{La Mort (Verhaeren \u2013 Les Villes tentaculaires).,<a target=\"_blank\" rel=\"nofollow\" href=\"https:\/\/editionsbussiere.com\/blog\/goto\/https:\/\/fr.wikisource.org\/wiki\/La_Mort_(Verhaeren_-_Les_Villes_tentaculaires)\"  target=\"_blank\" rel=\"noopener noreferrer nofollow\">A lire ici.<\/a><span><\/span>}<br \/>\n|{La Montagne noire (Holm\u00e8s)\/Acte I.,<a target=\"_blank\" rel=\"nofollow\" href=\"https:\/\/editionsbussiere.com\/blog\/goto\/https:\/\/fr.wikisource.org\/wiki\/La_Montagne_noire_(Holm%C3%A8s)\/Acte_I\"  target=\"_blank\" rel=\"noopener noreferrer nofollow\">Article complet.<\/a><span><\/span>. Suite sur le prochain article.}<br \/>\n|{La Mer (Richepin)\/Les litanies de la mer.,<a target=\"_blank\" rel=\"nofollow\" href=\"https:\/\/editionsbussiere.com\/blog\/goto\/https:\/\/fr.wikisource.org\/wiki\/La_Mer_(Richepin)\/Les_litanies_de_la_mer\"  target=\"_blank\" rel=\"noopener noreferrer nofollow\">Le dossier.<\/a><span><\/span>}<br \/>\n|{La Maison aux phlox\/4\/1.,<a target=\"_blank\" rel=\"nofollow\" href=\"https:\/\/editionsbussiere.com\/blog\/goto\/https:\/\/fr.wikisource.org\/wiki\/La_Maison_aux_phlox\/4\/1\"  target=\"_blank\" rel=\"noopener noreferrer nofollow\">Ici.<\/a><span><\/span>}<br \/>\n|{La Maison aux phlox\/3\/08.,<a target=\"_blank\" rel=\"nofollow\" href=\"https:\/\/editionsbussiere.com\/blog\/goto\/https:\/\/fr.wikisource.org\/wiki\/La_Maison_aux_phlox\/3\/08\"  target=\"_blank\" rel=\"noopener noreferrer nofollow\">Le texte de l\u2019article.<\/a><span><\/span>}<br \/>\n|{La Madone de Busowiska , m\u0153urs Houtsoules.,<a target=\"_blank\" rel=\"nofollow\" href=\"https:\/\/editionsbussiere.com\/blog\/goto\/https:\/\/fr.wikisource.org\/wiki\/La_Madone_de_Busowiska_,_m%C5%93urs_Houtsoules\"  target=\"_blank\" rel=\"noopener noreferrer nofollow\">Cliquer ICI.<\/a><span><\/span>}<br \/>\n|{La m\u00e9tisse\/Chapitre XXIII.,<a target=\"_blank\" rel=\"nofollow\" href=\"https:\/\/editionsbussiere.com\/blog\/goto\/https:\/\/fr.wikisource.org\/wiki\/La_m%C3%A9tisse\/Chapitre_XXIII\"  target=\"_blank\" rel=\"noopener noreferrer nofollow\">Article complet.<\/a><span><\/span>}<br \/>\n|{La m\u00e9tisse\/Chapitre XII.,<a target=\"_blank\" rel=\"nofollow\" href=\"https:\/\/editionsbussiere.com\/blog\/goto\/https:\/\/fr.wikisource.org\/wiki\/La_m%C3%A9tisse\/Chapitre_XII\"  target=\"_blank\" rel=\"noopener noreferrer nofollow\">Le dossier.<\/a><span><\/span>. Suite sur le prochain article.}<br \/>\n|{La L\u00e9gende dor\u00e9e (Roze)\/Sainte Catherine.,<a target=\"_blank\" rel=\"nofollow\" href=\"https:\/\/editionsbussiere.com\/blog\/goto\/https:\/\/fr.wikisource.org\/wiki\/La_L%C3%A9gende_dor%C3%A9e_(Roze)\/Sainte_Catherine\"  target=\"_blank\" rel=\"noopener noreferrer nofollow\">Le texte de l\u2019article.<\/a><span><\/span>}<br \/>\n|{La L\u00e9gende dor\u00e9e (Roze).,<a target=\"_blank\" rel=\"nofollow\" href=\"https:\/\/editionsbussiere.com\/blog\/goto\/https:\/\/fr.wikisource.org\/wiki\/La_L%C3%A9gende_dor%C3%A9e_(Roze)\"  target=\"_blank\" rel=\"noopener noreferrer nofollow\">Ici.<\/a><span><\/span>. Suite sur le prochain article.}<br \/>\n|{La L\u00e9gende dor\u00e9e\/Sainte Tha\u00efs.,<a target=\"_blank\" rel=\"nofollow\" href=\"https:\/\/editionsbussiere.com\/blog\/goto\/https:\/\/fr.wikisource.org\/wiki\/La_L%C3%A9gende_dor%C3%A9e\/Sainte_Tha%C3%AFs\"  target=\"_blank\" rel=\"noopener noreferrer nofollow\">L\u2019article ICI.<\/a><span><\/span>. Suite sur le prochain article.}<br \/>\n|{La L\u00e9gende dor\u00e9e\/Sainte Th\u00e9odore.,<a target=\"_blank\" rel=\"nofollow\" href=\"https:\/\/editionsbussiere.com\/blog\/goto\/https:\/\/fr.wikisource.org\/wiki\/La_L%C3%A9gende_dor%C3%A9e\/Sainte_Th%C3%A9odore\"  target=\"_blank\" rel=\"noopener noreferrer nofollow\">A lire ici.<\/a><span><\/span>. Suite sur le prochain article.}<br \/>\n|{La L\u00e9gende dor\u00e9e\/Sainte Prax\u00e8de.,<a target=\"_blank\" rel=\"nofollow\" href=\"https:\/\/editionsbussiere.com\/blog\/goto\/https:\/\/fr.wikisource.org\/wiki\/La_L%C3%A9gende_dor%C3%A9e\/Sainte_Prax%C3%A8de\"  target=\"_blank\" rel=\"noopener noreferrer nofollow\">L\u2019article de presse.<\/a><span><\/span>. Suite sur le prochain article.}<br \/>\n|{La L\u00e9gende dor\u00e9e\/Sainte Marthe.,<a target=\"_blank\" rel=\"nofollow\" href=\"https:\/\/editionsbussiere.com\/blog\/goto\/https:\/\/fr.wikisource.org\/wiki\/La_L%C3%A9gende_dor%C3%A9e\/Sainte_Marthe\"  target=\"_blank\" rel=\"noopener noreferrer nofollow\">Le texte de l\u2019article.<\/a><span><\/span>}<br \/>\n|{La L\u00e9gende dor\u00e9e\/Sainte Marie-Madeleine.,<a target=\"_blank\" rel=\"nofollow\" href=\"https:\/\/editionsbussiere.com\/blog\/goto\/https:\/\/fr.wikisource.org\/wiki\/La_L%C3%A9gende_dor%C3%A9e\/Sainte_Marie-Madeleine\"  target=\"_blank\" rel=\"noopener noreferrer nofollow\">A lire ici.<\/a><span><\/span>}<br \/>\n|{La L\u00e9gende dor\u00e9e\/Sainte Marie l\u2019\u00c9gyptienne.,<a target=\"_blank\" rel=\"nofollow\" href=\"https:\/\/editionsbussiere.com\/blog\/goto\/https:\/\/fr.wikisource.org\/wiki\/La_L%C3%A9gende_dor%C3%A9e\/Sainte_Marie_l%E2%80%99%C3%89gyptienne\"  target=\"_blank\" rel=\"noopener noreferrer nofollow\">Ici.<\/a><span><\/span>}<br \/>\n|{La L\u00e9gende dor\u00e9e\/Sainte Marguerite.,<a target=\"_blank\" rel=\"nofollow\" href=\"https:\/\/editionsbussiere.com\/blog\/goto\/https:\/\/fr.wikisource.org\/wiki\/La_L%C3%A9gende_dor%C3%A9e\/Sainte_Marguerite\"  target=\"_blank\" rel=\"noopener noreferrer nofollow\">L\u2019article ICI.<\/a><span><\/span>. Suite sur le prochain article.}<br \/>\n|{La L\u00e9gende dor\u00e9e\/Sainte Lucie.,<a target=\"_blank\" rel=\"nofollow\" href=\"https:\/\/editionsbussiere.com\/blog\/goto\/https:\/\/fr.wikisource.org\/wiki\/La_L%C3%A9gende_dor%C3%A9e\/Sainte_Lucie\"  target=\"_blank\" rel=\"noopener noreferrer nofollow\">Ici.<\/a><span><\/span>}<br \/>\n|{La L\u00e9gende dor\u00e9e\/Sainte Euph\u00e9mie.,<a target=\"_blank\" rel=\"nofollow\" href=\"https:\/\/editionsbussiere.com\/blog\/goto\/https:\/\/fr.wikisource.org\/wiki\/La_L%C3%A9gende_dor%C3%A9e\/Sainte_Euph%C3%A9mie\"  target=\"_blank\" rel=\"noopener noreferrer nofollow\">A lire ici.<\/a><span><\/span>. Suite sur le prochain article.}<br \/>\n|{La L\u00e9gende dor\u00e9e\/Sainte Catherine.,<a target=\"_blank\" rel=\"nofollow\" href=\"https:\/\/editionsbussiere.com\/blog\/goto\/https:\/\/fr.wikisource.org\/wiki\/La_L%C3%A9gende_dor%C3%A9e\/Sainte_Catherine\"  target=\"_blank\" rel=\"noopener noreferrer nofollow\">L\u2019article de presse.<\/a><span><\/span>}<br \/>\n|{La L\u00e9gende dor\u00e9e\/Sainte Agn\u00e8s.,<a target=\"_blank\" rel=\"nofollow\" href=\"https:\/\/editionsbussiere.com\/blog\/goto\/https:\/\/fr.wikisource.org\/wiki\/La_L%C3%A9gende_dor%C3%A9e\/Sainte_Agn%C3%A8s\"  target=\"_blank\" rel=\"noopener noreferrer nofollow\">Ici.<\/a><span><\/span>}<br \/>\n|{La L\u00e9gende dor\u00e9e\/Sainte \u00c9lisabeth.,<a target=\"_blank\" rel=\"nofollow\" href=\"https:\/\/editionsbussiere.com\/blog\/goto\/https:\/\/fr.wikisource.org\/wiki\/La_L%C3%A9gende_dor%C3%A9e\/Sainte_%C3%89lisabeth\"  target=\"_blank\" rel=\"noopener noreferrer nofollow\">Cliquer ICI.<\/a><span><\/span>. Suite sur le prochain article.}<br \/>\n|{La L\u00e9gende dor\u00e9e\/Saint Thomas de Cantorb\u00e9ry.,<a target=\"_blank\" rel=\"nofollow\" href=\"https:\/\/editionsbussiere.com\/blog\/goto\/https:\/\/fr.wikisource.org\/wiki\/La_L%C3%A9gende_dor%C3%A9e\/Saint_Thomas_de_Cantorb%C3%A9ry\"  target=\"_blank\" rel=\"noopener noreferrer nofollow\">Le texte de l\u2019article.<\/a><span><\/span>}<br \/>\n}<\/p>\n<p>{{La L\u00e9gende dor\u00e9e\/Saint Michel.,<a target=\"_blank\" rel=\"nofollow\" href=\"https:\/\/editionsbussiere.com\/blog\/goto\/https:\/\/fr.wikisource.org\/wiki\/La_L%C3%A9gende_dor%C3%A9e\/Saint_Michel\"  target=\"_blank\" rel=\"noopener noreferrer nofollow\">Le texte de l\u2019article.<\/a><span><\/span>}<br \/>\n|{La L\u00e9gende dor\u00e9e\/Saint L\u00e9on.,<a target=\"_blank\" rel=\"nofollow\" href=\"https:\/\/editionsbussiere.com\/blog\/goto\/https:\/\/fr.wikisource.org\/wiki\/La_L%C3%A9gende_dor%C3%A9e\/Saint_L%C3%A9on\"  target=\"_blank\" rel=\"noopener noreferrer nofollow\">A lire ici.<\/a><span><\/span>}<br \/>\n|{La L\u00e9gende dor\u00e9e\/Saint Ignace.,<a target=\"_blank\" rel=\"nofollow\" href=\"https:\/\/editionsbussiere.com\/blog\/goto\/https:\/\/fr.wikisource.org\/wiki\/La_L%C3%A9gende_dor%C3%A9e\/Saint_Ignace\"  target=\"_blank\" rel=\"noopener noreferrer nofollow\">Article complet.<\/a><span><\/span>}<br \/>\n|{La L\u00e9gende dor\u00e9e\/Saint Hippolyte.,<a target=\"_blank\" rel=\"nofollow\" href=\"https:\/\/editionsbussiere.com\/blog\/goto\/https:\/\/fr.wikisource.org\/wiki\/La_L%C3%A9gende_dor%C3%A9e\/Saint_Hippolyte\"  target=\"_blank\" rel=\"noopener noreferrer nofollow\">Cliquer ICI.<\/a><span><\/span>}<br \/>\n|{La L\u00e9gende dor\u00e9e\/Saint Hippolyte.,<a target=\"_blank\" rel=\"nofollow\" href=\"https:\/\/editionsbussiere.com\/blog\/goto\/https:\/\/fr.wikisource.org\/wiki\/La_L%C3%A9gende_dor%C3%A9e\/Saint_Hippolyte\"  target=\"_blank\" rel=\"noopener noreferrer nofollow\">Le dossier.<\/a><span><\/span>}<br \/>\n|{La L\u00e9gende dor\u00e9e\/Saint Gilles.,<a target=\"_blank\" rel=\"nofollow\" href=\"https:\/\/editionsbussiere.com\/blog\/goto\/https:\/\/fr.wikisource.org\/wiki\/La_L%C3%A9gende_dor%C3%A9e\/Saint_Gilles\"  target=\"_blank\" rel=\"noopener noreferrer nofollow\">A lire ici.<\/a><span><\/span>. Suite sur le prochain article.}<br \/>\n|{La L\u00e9gende dor\u00e9e\/Saint Dominique.,<a target=\"_blank\" rel=\"nofollow\" href=\"https:\/\/editionsbussiere.com\/blog\/goto\/https:\/\/fr.wikisource.org\/wiki\/La_L%C3%A9gende_dor%C3%A9e\/Saint_Dominique\"  target=\"_blank\" rel=\"noopener noreferrer nofollow\">Cliquer ICI.<\/a><span><\/span>}<br \/>\n|{La L\u00e9gende dor\u00e9e\/Saint Bernard.,<a target=\"_blank\" rel=\"nofollow\" href=\"https:\/\/editionsbussiere.com\/blog\/goto\/https:\/\/fr.wikisource.org\/wiki\/La_L%C3%A9gende_dor%C3%A9e\/Saint_Bernard\"  target=\"_blank\" rel=\"noopener noreferrer nofollow\">Le dossier.<\/a><span><\/span>}<br \/>\n|{La L\u00e9gende dor\u00e9e\/Saint Apollinaire.,<a target=\"_blank\" rel=\"nofollow\" href=\"https:\/\/editionsbussiere.com\/blog\/goto\/https:\/\/fr.wikisource.org\/wiki\/La_L%C3%A9gende_dor%C3%A9e\/Saint_Apollinaire\"  target=\"_blank\" rel=\"noopener noreferrer nofollow\">Article complet.<\/a><span><\/span>. Suite sur le prochain article.}<br \/>\n|{La L\u00e9gende dor\u00e9e\/Saint Alexis.,<a target=\"_blank\" rel=\"nofollow\" href=\"https:\/\/editionsbussiere.com\/blog\/goto\/https:\/\/fr.wikisource.org\/wiki\/La_L%C3%A9gende_dor%C3%A9e\/Saint_Alexis\"  target=\"_blank\" rel=\"noopener noreferrer nofollow\">Le post d\u2019actualit\u00e9.<\/a><span><\/span>}<br \/>\n|{La L\u00e9gende dor\u00e9e\/Les Rogations.,<a target=\"_blank\" rel=\"nofollow\" href=\"https:\/\/editionsbussiere.com\/blog\/goto\/https:\/\/fr.wikisource.org\/wiki\/La_L%C3%A9gende_dor%C3%A9e\/Les_Rogations\"  target=\"_blank\" rel=\"noopener noreferrer nofollow\">Article complet.<\/a><span><\/span>}<br \/>\n|{La L\u00e9gende dor\u00e9e\/Les Onze Mille Vierges.,<a target=\"_blank\" rel=\"nofollow\" href=\"https:\/\/editionsbussiere.com\/blog\/goto\/https:\/\/fr.wikisource.org\/wiki\/La_L%C3%A9gende_dor%C3%A9e\/Les_Onze_Mille_Vierges\"  target=\"_blank\" rel=\"noopener noreferrer nofollow\">Ici.<\/a><span><\/span>. Suite sur le prochain article.}<br \/>\n|{La L\u00e9gende dor\u00e9e\/La Toussaint.,<a target=\"_blank\" rel=\"nofollow\" href=\"https:\/\/editionsbussiere.com\/blog\/goto\/https:\/\/fr.wikisource.org\/wiki\/La_L%C3%A9gende_dor%C3%A9e\/La_Toussaint\"  target=\"_blank\" rel=\"noopener noreferrer nofollow\">Article complet.<\/a><span><\/span>}<br \/>\n|{La L\u00e9gende dor\u00e9e\/La Toussaint.,<a target=\"_blank\" rel=\"nofollow\" href=\"https:\/\/editionsbussiere.com\/blog\/goto\/https:\/\/fr.wikisource.org\/wiki\/La_L%C3%A9gende_dor%C3%A9e\/La_Toussaint\"  target=\"_blank\" rel=\"noopener noreferrer nofollow\">Le dossier.<\/a><span><\/span>. Suite sur le prochain article.}<br \/>\n|{La L\u00e9gende dor\u00e9e\/La Purification de la Bienheureuse Vierge Marie.,<a target=\"_blank\" rel=\"nofollow\" href=\"https:\/\/editionsbussiere.com\/blog\/goto\/https:\/\/fr.wikisource.org\/wiki\/La_L%C3%A9gende_dor%C3%A9e\/La_Purification_de_la_Bienheureuse_Vierge_Marie\"  target=\"_blank\" rel=\"noopener noreferrer nofollow\">Le texte de l\u2019article.<\/a><span><\/span>. Suite sur le prochain article.}<br \/>\n|{La L\u00e9gende dor\u00e9e\/La Nativit\u00e9 de saint Jean-Baptiste.,<a target=\"_blank\" rel=\"nofollow\" href=\"https:\/\/editionsbussiere.com\/blog\/goto\/https:\/\/fr.wikisource.org\/wiki\/La_L%C3%A9gende_dor%C3%A9e\/La_Nativit%C3%A9_de_saint_Jean-Baptiste\"  target=\"_blank\" rel=\"noopener noreferrer nofollow\">L\u2019article de presse.<\/a><span><\/span>}<br \/>\n|{La L\u00e9gende dor\u00e9e\/La Nativit\u00e9 de Notre-Seigneur J\u00e9sus-Christ.,<a target=\"_blank\" rel=\"nofollow\" href=\"https:\/\/editionsbussiere.com\/blog\/goto\/https:\/\/fr.wikisource.org\/wiki\/La_L%C3%A9gende_dor%C3%A9e\/La_Nativit%C3%A9_de_Notre-Seigneur_J%C3%A9sus-Christ\"  target=\"_blank\" rel=\"noopener noreferrer nofollow\">Article complet.<\/a><span><\/span>. Suite sur le prochain article.}<br \/>\n|{La L\u00e9gende dor\u00e9e\/La Nativit\u00e9 de la Bienheureuse Vierge Marie.,<a target=\"_blank\" rel=\"nofollow\" href=\"https:\/\/editionsbussiere.com\/blog\/goto\/https:\/\/fr.wikisource.org\/wiki\/La_L%C3%A9gende_dor%C3%A9e\/La_Nativit%C3%A9_de_la_Bienheureuse_Vierge_Marie\"  target=\"_blank\" rel=\"noopener noreferrer nofollow\">Le post d\u2019actualit\u00e9.<\/a><span><\/span>}<br \/>\n|{La L\u00e9gende dor\u00e9e\/La Nativit\u00e9 de la Bienheureuse Vierge Marie.,<a target=\"_blank\" rel=\"nofollow\" href=\"https:\/\/editionsbussiere.com\/blog\/goto\/https:\/\/fr.wikisource.org\/wiki\/La_L%C3%A9gende_dor%C3%A9e\/La_Nativit%C3%A9_de_la_Bienheureuse_Vierge_Marie\"  target=\"_blank\" rel=\"noopener noreferrer nofollow\">Ici.<\/a><span><\/span>. Suite sur le prochain article.}<br \/>\n|{La L\u00e9gende dor\u00e9e\/La Circoncision de Notre-Seigneur J\u00e9sus-Christ.,<a target=\"_blank\" rel=\"nofollow\" href=\"https:\/\/editionsbussiere.com\/blog\/goto\/https:\/\/fr.wikisource.org\/wiki\/La_L%C3%A9gende_dor%C3%A9e\/La_Circoncision_de_Notre-Seigneur_J%C3%A9sus-Christ\"  target=\"_blank\" rel=\"noopener noreferrer nofollow\">L\u2019article de presse.<\/a><span><\/span>}<br \/>\n|{La L\u00e9gende dor\u00e9e\/L\u2019Assomption de la Bienheureuse Vierge Marie.,<a target=\"_blank\" rel=\"nofollow\" href=\"https:\/\/editionsbussiere.com\/blog\/goto\/https:\/\/fr.wikisource.org\/wiki\/La_L%C3%A9gende_dor%C3%A9e\/L%E2%80%99Assomption_de_la_Bienheureuse_Vierge_Marie\"  target=\"_blank\" rel=\"noopener noreferrer nofollow\">A lire ici.<\/a><span><\/span>. Suite sur le prochain article.}<br \/>\n|{La L\u00e9gende dor\u00e9e\/L\u2019Assomption de la Bienheureuse Vierge Marie.,<a target=\"_blank\" rel=\"nofollow\" href=\"https:\/\/editionsbussiere.com\/blog\/goto\/https:\/\/fr.wikisource.org\/wiki\/La_L%C3%A9gende_dor%C3%A9e\/L%E2%80%99Assomption_de_la_Bienheureuse_Vierge_Marie\"  target=\"_blank\" rel=\"noopener noreferrer nofollow\">L\u2019article ICI.<\/a><span><\/span>}<br \/>\n|{La L\u00e9gende dor\u00e9e\/L\u2019Annonciation.,<a target=\"_blank\" rel=\"nofollow\" href=\"https:\/\/editionsbussiere.com\/blog\/goto\/https:\/\/fr.wikisource.org\/wiki\/La_L%C3%A9gende_dor%C3%A9e\/L%E2%80%99Annonciation\"  target=\"_blank\" rel=\"noopener noreferrer nofollow\">Cliquer ICI.<\/a><span><\/span>}<br \/>\n|{La L\u00e9gende dor\u00e9e.,<a target=\"_blank\" rel=\"nofollow\" href=\"https:\/\/editionsbussiere.com\/blog\/goto\/https:\/\/fr.wikisource.org\/wiki\/La_L%C3%A9gende_dor%C3%A9e\"  target=\"_blank\" rel=\"noopener noreferrer nofollow\">L\u2019article de presse.<\/a><span><\/span>. Suite sur le prochain article.}<br \/>\n|{La L\u00e9gende des si\u00e8cles\/L\u2019An neuf de l\u2019H\u00e9gire.,<a target=\"_blank\" rel=\"nofollow\" href=\"https:\/\/editionsbussiere.com\/blog\/goto\/https:\/\/fr.wikisource.org\/wiki\/La_L%C3%A9gende_des_si%C3%A8cles\/L%E2%80%99An_neuf_de_l%E2%80%99H%C3%A9gire\"  target=\"_blank\" rel=\"noopener noreferrer nofollow\">A lire ici.<\/a><span><\/span>}<br \/>\n|{La L\u00e9gende des si\u00e8cles\/D\u00e9nonc\u00e9 \u00e0 celui qui chassa les vendeurs du Temple.,<a target=\"_blank\" rel=\"nofollow\" href=\"https:\/\/editionsbussiere.com\/blog\/goto\/https:\/\/fr.wikisource.org\/wiki\/La_L%C3%A9gende_des_si%C3%A8cles\/D%C3%A9nonc%C3%A9_%C3%A0_celui_qui_chassa_les_vendeurs_du_Temple\"  target=\"_blank\" rel=\"noopener noreferrer nofollow\">Cliquer ICI.<\/a><span><\/span>}<br \/>\n|{La L\u00e9gende de la rose de J\u00e9richo.,<a target=\"_blank\" rel=\"nofollow\" href=\"https:\/\/editionsbussiere.com\/blog\/goto\/https:\/\/fr.wikisource.org\/wiki\/La_L%C3%A9gende_de_la_rose_de_J%C3%A9richo\"  target=\"_blank\" rel=\"noopener noreferrer nofollow\">L\u2019article ICI.<\/a><span><\/span>}<br \/>\n|{La L\u00e9gende d\u2019un peuple\/Premi\u00e8re nuit.,<a target=\"_blank\" rel=\"nofollow\" href=\"https:\/\/editionsbussiere.com\/blog\/goto\/https:\/\/fr.wikisource.org\/wiki\/La_L%C3%A9gende_d%E2%80%99un_peuple\/Premi%C3%A8re_nuit\"  target=\"_blank\" rel=\"noopener noreferrer nofollow\">A lire ici.<\/a><span><\/span>. Suite sur le prochain article.}<br \/>\n|{La L\u00e9gende d\u2019un peuple\/Apparition.,<a target=\"_blank\" rel=\"nofollow\" href=\"https:\/\/editionsbussiere.com\/blog\/goto\/https:\/\/fr.wikisource.org\/wiki\/La_L%C3%A9gende_d%E2%80%99un_peuple\/Apparition\"  target=\"_blank\" rel=\"noopener noreferrer nofollow\">Le texte de l\u2019article.<\/a><span><\/span>. Suite sur le prochain article.}<br \/>\n|{La Jeunesse blanche (1913)\/Premier amour.,<a target=\"_blank\" rel=\"nofollow\" href=\"https:\/\/editionsbussiere.com\/blog\/goto\/https:\/\/fr.wikisource.org\/wiki\/La_Jeunesse_blanche_(1913)\/Premier_amour\"  target=\"_blank\" rel=\"noopener noreferrer nofollow\">Cliquer ICI.<\/a><span><\/span>}<br \/>\n|{La Jeunesse blanche (1913)\/Pour le tombeau de Verlaine.,<a target=\"_blank\" rel=\"nofollow\" href=\"https:\/\/editionsbussiere.com\/blog\/goto\/https:\/\/fr.wikisource.org\/wiki\/La_Jeunesse_blanche_(1913)\/Pour_le_tombeau_de_Verlaine\"  target=\"_blank\" rel=\"noopener noreferrer nofollow\">L\u2019article de presse.<\/a><span><\/span>}<br \/>\n|{La Jeunesse blanche (1913)\/Litanies.,<a target=\"_blank\" rel=\"nofollow\" href=\"https:\/\/editionsbussiere.com\/blog\/goto\/https:\/\/fr.wikisource.org\/wiki\/La_Jeunesse_blanche_(1913)\/Litanies\"  target=\"_blank\" rel=\"noopener noreferrer nofollow\">Le texte de l\u2019article.<\/a><span><\/span>. Suite sur le prochain article.}<br \/>\n|{La Jeunesse blanche (1913)\/La Pri\u00e8re.,<a target=\"_blank\" rel=\"nofollow\" href=\"https:\/\/editionsbussiere.com\/blog\/goto\/https:\/\/fr.wikisource.org\/wiki\/La_Jeunesse_blanche_(1913)\/La_Pri%C3%A8re\"  target=\"_blank\" rel=\"noopener noreferrer nofollow\">A lire ici.<\/a><span><\/span>. Suite sur le prochain article.}<br \/>\n|{La Jeunesse blanche (1913)\/Communiantes.,<a target=\"_blank\" rel=\"nofollow\" href=\"https:\/\/editionsbussiere.com\/blog\/goto\/https:\/\/fr.wikisource.org\/wiki\/La_Jeunesse_blanche_(1913)\/Communiantes\"  target=\"_blank\" rel=\"noopener noreferrer nofollow\">Le post d\u2019actualit\u00e9.<\/a><span><\/span>}<br \/>\n|{La Jeunesse blanche (1913)\/B\u00e9guinage flamand.,<a target=\"_blank\" rel=\"nofollow\" href=\"https:\/\/editionsbussiere.com\/blog\/goto\/https:\/\/fr.wikisource.org\/wiki\/La_Jeunesse_blanche_(1913)\/B%C3%A9guinage_flamand\"  target=\"_blank\" rel=\"noopener noreferrer nofollow\">A lire ici.<\/a><span><\/span>}<br \/>\n|{La Guerre des dieux, po\u00e8me en dix chants (\u00e9d. 1808).,<a target=\"_blank\" rel=\"nofollow\" href=\"https:\/\/editionsbussiere.com\/blog\/goto\/https:\/\/fr.wikisource.org\/wiki\/La_Guerre_des_dieux,_po%C3%A8me_en_dix_chants_(%C3%A9d._1808)\"  target=\"_blank\" rel=\"noopener noreferrer nofollow\">Ici.<\/a><span><\/span>. Suite sur le prochain article.}<br \/>\n|{La Fortune de Gaspard\/XXIX.,<a target=\"_blank\" rel=\"nofollow\" href=\"https:\/\/editionsbussiere.com\/blog\/goto\/https:\/\/fr.wikisource.org\/wiki\/La_Fortune_de_Gaspard\/XXIX\"  target=\"_blank\" rel=\"noopener noreferrer nofollow\">A lire ici.<\/a><span><\/span>. Suite sur le prochain article.}<br \/>\n|{La Fleur de Mars.,<a target=\"_blank\" rel=\"nofollow\" href=\"https:\/\/editionsbussiere.com\/blog\/goto\/https:\/\/fr.wikisource.org\/wiki\/La_Fleur_de_Mars\"  target=\"_blank\" rel=\"noopener noreferrer nofollow\">L\u2019article de presse.<\/a><span><\/span>}<br \/>\n|{La Fleur de Mars.,<a target=\"_blank\" rel=\"nofollow\" href=\"https:\/\/editionsbussiere.com\/blog\/goto\/https:\/\/fr.wikisource.org\/wiki\/La_Fleur_de_Mars\"  target=\"_blank\" rel=\"noopener noreferrer nofollow\">Article complet.<\/a><span><\/span>}<br \/>\n|{La Fermi\u00e8re.,<a target=\"_blank\" rel=\"nofollow\" href=\"https:\/\/editionsbussiere.com\/blog\/goto\/https:\/\/fr.wikisource.org\/wiki\/La_Fermi%C3%A8re\"  target=\"_blank\" rel=\"noopener noreferrer nofollow\">L\u2019article de presse.<\/a><span><\/span>. Suite sur le prochain article.}<br \/>\n|{La Femme pauvre\/Partie 1\/13.,<a target=\"_blank\" rel=\"nofollow\" href=\"https:\/\/editionsbussiere.com\/blog\/goto\/https:\/\/fr.wikisource.org\/wiki\/La_Femme_pauvre\/Partie_1\/13\"  target=\"_blank\" rel=\"noopener noreferrer nofollow\">A lire ici.<\/a><span><\/span>. Suite sur le prochain article.}<br \/>\n|{La Femme (Michelet)\/II\/XII.,<a target=\"_blank\" rel=\"nofollow\" href=\"https:\/\/editionsbussiere.com\/blog\/goto\/https:\/\/fr.wikisource.org\/wiki\/La_Femme_(Michelet)\/II\/XII\"  target=\"_blank\" rel=\"noopener noreferrer nofollow\">Le texte de l\u2019article.<\/a><span><\/span>}<br \/>\n|{La Faute de l\u2019abb\u00e9 Mouret\/Livre premier.,<a target=\"_blank\" rel=\"nofollow\" href=\"https:\/\/editionsbussiere.com\/blog\/goto\/https:\/\/fr.wikisource.org\/wiki\/La_Faute_de_l%E2%80%99abb%C3%A9_Mouret\/Livre_premier\"  target=\"_blank\" rel=\"noopener noreferrer nofollow\">A lire ici.<\/a><span><\/span>}<br \/>\n|{La Douceur de vivre\/2.,<a target=\"_blank\" rel=\"nofollow\" href=\"https:\/\/editionsbussiere.com\/blog\/goto\/https:\/\/fr.wikisource.org\/wiki\/La_Douceur_de_vivre\/2\"  target=\"_blank\" rel=\"noopener noreferrer nofollow\">Ici.<\/a><span><\/span>. Suite sur le prochain article.}<br \/>\n|{La Divine Com\u00e9die (trad. Lamennais)\/Le Paradis\/Chant XXXII.,<a target=\"_blank\" rel=\"nofollow\" href=\"https:\/\/editionsbussiere.com\/blog\/goto\/https:\/\/fr.wikisource.org\/wiki\/La_Divine_Com%C3%A9die_(trad._Lamennais)\/Le_Paradis\/Chant_XXXII\"  target=\"_blank\" rel=\"noopener noreferrer nofollow\">Le post d\u2019actualit\u00e9.<\/a><span><\/span>}<br \/>\n|{La Divine Com\u00e9die (trad. Artaud de Montor)\/Pugatoire\/Chant XXIX.,<a target=\"_blank\" rel=\"nofollow\" href=\"https:\/\/editionsbussiere.com\/blog\/goto\/https:\/\/fr.wikisource.org\/wiki\/La_Divine_Com%C3%A9die_(trad._Artaud_de_Montor)\/Pugatoire\/Chant_XXIX\"  target=\"_blank\" rel=\"noopener noreferrer nofollow\">A lire ici.<\/a><span><\/span>}<br \/>\n|{La Divine Com\u00e9die (Lamennais 1863)\/Le Paradis\/Chant 32.,<a target=\"_blank\" rel=\"nofollow\" href=\"https:\/\/editionsbussiere.com\/blog\/goto\/https:\/\/fr.wikisource.org\/wiki\/La_Divine_Com%C3%A9die_(Lamennais_1863)\/Le_Paradis\/Chant_32\"  target=\"_blank\" rel=\"noopener noreferrer nofollow\">Cliquer ICI.<\/a><span><\/span>}<br \/>\n|{La Divine \u00c9pop\u00e9e\/10.,<a target=\"_blank\" rel=\"nofollow\" href=\"https:\/\/editionsbussiere.com\/blog\/goto\/https:\/\/fr.wikisource.org\/wiki\/La_Divine_%C3%89pop%C3%A9e\/10\"  target=\"_blank\" rel=\"noopener noreferrer nofollow\">A lire ici.<\/a><span><\/span>}<br \/>\n|{La Divine \u00c9pop\u00e9e\/07.,<a target=\"_blank\" rel=\"nofollow\" href=\"https:\/\/editionsbussiere.com\/blog\/goto\/https:\/\/fr.wikisource.org\/wiki\/La_Divine_%C3%89pop%C3%A9e\/07\"  target=\"_blank\" rel=\"noopener noreferrer nofollow\">Le texte de l\u2019article.<\/a><span><\/span>}<br \/>\n|{La Divine \u00c9pop\u00e9e\/01.,<a target=\"_blank\" rel=\"nofollow\" href=\"https:\/\/editionsbussiere.com\/blog\/goto\/https:\/\/fr.wikisource.org\/wiki\/La_Divine_%C3%89pop%C3%A9e\/01\"  target=\"_blank\" rel=\"noopener noreferrer nofollow\">Article complet.<\/a><span><\/span>}<br \/>\n|{La Derni\u00e8re Ann\u00e9e de Marie Dorval\/08.,<a target=\"_blank\" rel=\"nofollow\" href=\"https:\/\/editionsbussiere.com\/blog\/goto\/https:\/\/fr.wikisource.org\/wiki\/La_Derni%C3%A8re_Ann%C3%A9e_de_Marie_Dorval\/08\"  target=\"_blank\" rel=\"noopener noreferrer nofollow\">Le post d\u2019actualit\u00e9.<\/a><span><\/span>. Suite sur le prochain article.}<br \/>\n|{La Danse macabre (Fagus).,<a target=\"_blank\" rel=\"nofollow\" href=\"https:\/\/editionsbussiere.com\/blog\/goto\/https:\/\/fr.wikisource.org\/wiki\/La_Danse_macabre_(Fagus)\"  target=\"_blank\" rel=\"noopener noreferrer nofollow\">Le post d\u2019actualit\u00e9.<\/a><span><\/span>. Suite sur le prochain article.}<br \/>\n|{La Daniella\/20.,<a target=\"_blank\" rel=\"nofollow\" href=\"https:\/\/editionsbussiere.com\/blog\/goto\/https:\/\/fr.wikisource.org\/wiki\/La_Daniella\/20\"  target=\"_blank\" rel=\"noopener noreferrer nofollow\">A lire ici.<\/a><span><\/span>}<br \/>\n|{La Culture des id\u00e9es\/Le Paganisme \u00e9ternel.,<a target=\"_blank\" rel=\"nofollow\" href=\"https:\/\/editionsbussiere.com\/blog\/goto\/https:\/\/fr.wikisource.org\/wiki\/La_Culture_des_id%C3%A9es\/Le_Paganisme_%C3%A9ternel\"  target=\"_blank\" rel=\"noopener noreferrer nofollow\">Cliquer ICI.<\/a><span><\/span>}<br \/>\n|{La Com\u00e9die de la Mort (1838)\/Magdalena.,<a target=\"_blank\" rel=\"nofollow\" href=\"https:\/\/editionsbussiere.com\/blog\/goto\/https:\/\/fr.wikisource.org\/wiki\/La_Com%C3%A9die_de_la_Mort_(1838)\/Magdalena\"  target=\"_blank\" rel=\"noopener noreferrer nofollow\">Le post d\u2019actualit\u00e9.<\/a><span><\/span>}<br \/>\n|{La Colline inspir\u00e9e\/VII.,<a target=\"_blank\" rel=\"nofollow\" href=\"https:\/\/editionsbussiere.com\/blog\/goto\/https:\/\/fr.wikisource.org\/wiki\/La_Colline_inspir%C3%A9e\/VII\"  target=\"_blank\" rel=\"noopener noreferrer nofollow\">L\u2019article ICI.<\/a><span><\/span>}<br \/>\n|{La Colline inspir\u00e9e\/VI.,<a target=\"_blank\" rel=\"nofollow\" href=\"https:\/\/editionsbussiere.com\/blog\/goto\/https:\/\/fr.wikisource.org\/wiki\/La_Colline_inspir%C3%A9e\/VI\"  target=\"_blank\" rel=\"noopener noreferrer nofollow\">Article complet.<\/a><span><\/span>}<br \/>\n|{La Colline inspir\u00e9e\/I.,<a target=\"_blank\" rel=\"nofollow\" href=\"https:\/\/editionsbussiere.com\/blog\/goto\/https:\/\/fr.wikisource.org\/wiki\/La_Colline_inspir%C3%A9e\/I\"  target=\"_blank\" rel=\"noopener noreferrer nofollow\">Ici.<\/a><span><\/span>}<br \/>\n|{La Cithare (Gille)\/Vers la Beaut\u00e9.,<a target=\"_blank\" rel=\"nofollow\" href=\"https:\/\/editionsbussiere.com\/blog\/goto\/https:\/\/fr.wikisource.org\/wiki\/La_Cithare_(Gille)\/Vers_la_Beaut%C3%A9\"  target=\"_blank\" rel=\"noopener noreferrer nofollow\">Le post d\u2019actualit\u00e9.<\/a><span><\/span>}<br \/>\n|{La Cithare (Gille)\/La Pri\u00e8re d\u2019Hippolyte.,<a target=\"_blank\" rel=\"nofollow\" href=\"https:\/\/editionsbussiere.com\/blog\/goto\/https:\/\/fr.wikisource.org\/wiki\/La_Cithare_(Gille)\/La_Pri%C3%A8re_d%E2%80%99Hippolyte\"  target=\"_blank\" rel=\"noopener noreferrer nofollow\">Ici.<\/a><span><\/span>}<br \/>\n|{La Cit\u00e9 antique, 1870\/Livre I\/Chapitre III.,<a target=\"_blank\" rel=\"nofollow\" href=\"https:\/\/editionsbussiere.com\/blog\/goto\/https:\/\/fr.wikisource.org\/wiki\/La_Cit%C3%A9_antique,_1870\/Livre_I\/Chapitre_III\"  target=\"_blank\" rel=\"noopener noreferrer nofollow\">Le texte de l\u2019article.<\/a><span><\/span>}<br \/>\n|{La Chute des vierges\/X.,<a target=\"_blank\" rel=\"nofollow\" href=\"https:\/\/editionsbussiere.com\/blog\/goto\/https:\/\/fr.wikisource.org\/wiki\/La_Chute_des_vierges\/X\"  target=\"_blank\" rel=\"noopener noreferrer nofollow\">A lire ici.<\/a><span><\/span>}<br \/>\n|{La Chute des vierges\/VI.,<a target=\"_blank\" rel=\"nofollow\" href=\"https:\/\/editionsbussiere.com\/blog\/goto\/https:\/\/fr.wikisource.org\/wiki\/La_Chute_des_vierges\/VI\"  target=\"_blank\" rel=\"noopener noreferrer nofollow\">Le post d\u2019actualit\u00e9.<\/a><span><\/span>}<br \/>\n|{La Cha\u00eene des dames\/Madame Louise Hervieu.,<a target=\"_blank\" rel=\"nofollow\" href=\"https:\/\/editionsbussiere.com\/blog\/goto\/https:\/\/fr.wikisource.org\/wiki\/La_Cha%C3%AEne_des_dames\/Madame_Louise_Hervieu\"  target=\"_blank\" rel=\"noopener noreferrer nofollow\">Le dossier.<\/a><span><\/span>}<br \/>\n|{La Cath\u00e9drale de Reims (Verhaeren).,<a target=\"_blank\" rel=\"nofollow\" href=\"https:\/\/editionsbussiere.com\/blog\/goto\/https:\/\/fr.wikisource.org\/wiki\/La_Cath%C3%A9drale_de_Reims_(Verhaeren)\"  target=\"_blank\" rel=\"noopener noreferrer nofollow\">L\u2019article de presse.<\/a><span><\/span>. Suite sur le prochain article.}<br \/>\n|{La Cath\u00e9drale (Huysmans)\/XVI.,<a target=\"_blank\" rel=\"nofollow\" href=\"https:\/\/editionsbussiere.com\/blog\/goto\/https:\/\/fr.wikisource.org\/wiki\/La_Cath%C3%A9drale_(Huysmans)\/XVI\"  target=\"_blank\" rel=\"noopener noreferrer nofollow\">L\u2019article de presse.<\/a><span><\/span>}<br \/>\n|{La Cath\u00e9drale (Huysmans)\/XIII.,<a target=\"_blank\" rel=\"nofollow\" href=\"https:\/\/editionsbussiere.com\/blog\/goto\/https:\/\/fr.wikisource.org\/wiki\/La_Cath%C3%A9drale_(Huysmans)\/XIII\"  target=\"_blank\" rel=\"noopener noreferrer nofollow\">L\u2019article de presse.<\/a><span><\/span>}<br \/>\n|{La Cath\u00e9drale (Huysmans)\/XII.,<a target=\"_blank\" rel=\"nofollow\" href=\"https:\/\/editionsbussiere.com\/blog\/goto\/https:\/\/fr.wikisource.org\/wiki\/La_Cath%C3%A9drale_(Huysmans)\/XII\"  target=\"_blank\" rel=\"noopener noreferrer nofollow\">A lire ici.<\/a><span><\/span>. Suite sur le prochain article.}<br \/>\n|{La Cath\u00e9drale (Huysmans)\/IV.,<a target=\"_blank\" rel=\"nofollow\" href=\"https:\/\/editionsbussiere.com\/blog\/goto\/https:\/\/fr.wikisource.org\/wiki\/La_Cath%C3%A9drale_(Huysmans)\/IV\"  target=\"_blank\" rel=\"noopener noreferrer nofollow\">Ici.<\/a><span><\/span>. Suite sur le prochain article.}<br \/>\n|{La Cath\u00e9drale (Huysmans)\/I.,<a target=\"_blank\" rel=\"nofollow\" href=\"https:\/\/editionsbussiere.com\/blog\/goto\/https:\/\/fr.wikisource.org\/wiki\/La_Cath%C3%A9drale_(Huysmans)\/I\"  target=\"_blank\" rel=\"noopener noreferrer nofollow\">L\u2019article de presse.<\/a><span><\/span>}<br \/>\n|{La Brigantine.,<a target=\"_blank\" rel=\"nofollow\" href=\"https:\/\/editionsbussiere.com\/blog\/goto\/https:\/\/fr.wikisource.org\/wiki\/La_Brigantine\"  target=\"_blank\" rel=\"noopener noreferrer nofollow\">A lire ici.<\/a><span><\/span>}<br \/>\n|{La Bible d\u2019une grand\u2019m\u00e8re\/219.,<a target=\"_blank\" rel=\"nofollow\" href=\"https:\/\/editionsbussiere.com\/blog\/goto\/https:\/\/fr.wikisource.org\/wiki\/La_Bible_d%E2%80%99une_grand%E2%80%99m%C3%A8re\/219\"  target=\"_blank\" rel=\"noopener noreferrer nofollow\">Article complet.<\/a><span><\/span>}<br \/>\n|{La Bible d\u2019une grand\u2019m\u00e8re\/20.,<a target=\"_blank\" rel=\"nofollow\" href=\"https:\/\/editionsbussiere.com\/blog\/goto\/https:\/\/fr.wikisource.org\/wiki\/La_Bible_d%E2%80%99une_grand%E2%80%99m%C3%A8re\/20\"  target=\"_blank\" rel=\"noopener noreferrer nofollow\">L\u2019article de presse.<\/a><span><\/span>}<br \/>\n|{La Basilique.,<a target=\"_blank\" rel=\"nofollow\" href=\"https:\/\/editionsbussiere.com\/blog\/goto\/https:\/\/fr.wikisource.org\/wiki\/La_Basilique\"  target=\"_blank\" rel=\"noopener noreferrer nofollow\">L\u2019article de presse.<\/a><span><\/span>}<br \/>\n|{L\u2019oubli\u00e9\/VI.,<a target=\"_blank\" rel=\"nofollow\" href=\"https:\/\/editionsbussiere.com\/blog\/goto\/https:\/\/fr.wikisource.org\/wiki\/L%E2%80%99oubli%C3%A9\/VI\"  target=\"_blank\" rel=\"noopener noreferrer nofollow\">Le texte de l\u2019article.<\/a><span><\/span>. Suite sur le prochain article.}<br \/>\n|{L\u2019oubli\u00e9\/V.,<a target=\"_blank\" rel=\"nofollow\" href=\"https:\/\/editionsbussiere.com\/blog\/goto\/https:\/\/fr.wikisource.org\/wiki\/L%E2%80%99oubli%C3%A9\/V\"  target=\"_blank\" rel=\"noopener noreferrer nofollow\">Article complet.<\/a><span><\/span>}<br \/>\n|{L\u2019oubli\u00e9\/V.,<a target=\"_blank\" rel=\"nofollow\" href=\"https:\/\/editionsbussiere.com\/blog\/goto\/https:\/\/fr.wikisource.org\/wiki\/L%E2%80%99oubli%C3%A9\/V\"  target=\"_blank\" rel=\"noopener noreferrer nofollow\">A lire ici.<\/a><span><\/span>}<br \/>\n|{L\u2019oubli\u00e9\/I.,<a target=\"_blank\" rel=\"nofollow\" href=\"https:\/\/editionsbussiere.com\/blog\/goto\/https:\/\/fr.wikisource.org\/wiki\/L%E2%80%99oubli%C3%A9\/I\"  target=\"_blank\" rel=\"noopener noreferrer nofollow\">Le post d\u2019actualit\u00e9.<\/a><span><\/span>}<br \/>\n|{L\u2019Orme du mail\/X.,<a target=\"_blank\" rel=\"nofollow\" href=\"https:\/\/editionsbussiere.com\/blog\/goto\/https:\/\/fr.wikisource.org\/wiki\/L%E2%80%99Orme_du_mail\/X\"  target=\"_blank\" rel=\"noopener noreferrer nofollow\">L\u2019article ICI.<\/a><span><\/span>}<br \/>\n|{L\u2019Oblat (Huysmans)\/13.,<a target=\"_blank\" rel=\"nofollow\" href=\"https:\/\/editionsbussiere.com\/blog\/goto\/https:\/\/fr.wikisource.org\/wiki\/L%E2%80%99Oblat_(Huysmans)\/13\"  target=\"_blank\" rel=\"noopener noreferrer nofollow\">L\u2019article ICI.<\/a><span><\/span>. Suite sur le prochain article.}<br \/>\n|{L\u2019Italie d\u2019hier\/Taddeo Gaddi.,<a target=\"_blank\" rel=\"nofollow\" href=\"https:\/\/editionsbussiere.com\/blog\/goto\/https:\/\/fr.wikisource.org\/wiki\/L%E2%80%99Italie_d%E2%80%99hier\/Taddeo_Gaddi\"  target=\"_blank\" rel=\"noopener noreferrer nofollow\">Le texte de l\u2019article.<\/a><span><\/span>}<br \/>\n|{L\u2019Italie d\u2019hier\/Rubens..,<a target=\"_blank\" rel=\"nofollow\" href=\"https:\/\/editionsbussiere.com\/blog\/goto\/https:\/\/fr.wikisource.org\/wiki\/L%E2%80%99Italie_d%E2%80%99hier\/Rubens.\"  target=\"_blank\" rel=\"noopener noreferrer nofollow\">L\u2019article de presse.<\/a><span><\/span>}<br \/>\n|{L\u2019Italie d\u2019hier\/Fra Giovanni da Fiesole, dit l\u00a0\u00bb\u2019Angelico\u00a0\u00bb.,<a target=\"_blank\" rel=\"nofollow\" href=\"https:\/\/editionsbussiere.com\/blog\/goto\/https:\/\/fr.wikisource.org\/wiki\/L%E2%80%99Italie_d%E2%80%99hier\/Fra_Giovanni_da_Fiesole,_dit_l%27%27%27Angelico%27%27\"  target=\"_blank\" rel=\"noopener noreferrer nofollow\">A lire ici.<\/a><span><\/span>}<br \/>\n|{L\u2019Isolement (Moreau).,<a target=\"_blank\" rel=\"nofollow\" href=\"https:\/\/editionsbussiere.com\/blog\/goto\/https:\/\/fr.wikisource.org\/wiki\/L%E2%80%99Isolement_(Moreau)\"  target=\"_blank\" rel=\"noopener noreferrer nofollow\">L\u2019article ICI.<\/a><span><\/span>}<br \/>\n|{L\u2019Incendiaire (Verhaeren).,<a target=\"_blank\" rel=\"nofollow\" href=\"https:\/\/editionsbussiere.com\/blog\/goto\/https:\/\/fr.wikisource.org\/wiki\/L%E2%80%99Incendiaire_(Verhaeren)\"  target=\"_blank\" rel=\"noopener noreferrer nofollow\">L\u2019article ICI.<\/a><span><\/span>}<br \/>\n|{L\u2019Immacul\u00e9e Conception.,<a target=\"_blank\" rel=\"nofollow\" href=\"https:\/\/editionsbussiere.com\/blog\/goto\/https:\/\/fr.wikisource.org\/wiki\/L%E2%80%99Immacul%C3%A9e_Conception\"  target=\"_blank\" rel=\"noopener noreferrer nofollow\">Le post d\u2019actualit\u00e9.<\/a><span><\/span>}<br \/>\n|{L\u2019Imitation de J\u00e9sus-Christ (Lamennais)\/Livre premier\/18.,<a target=\"_blank\" rel=\"nofollow\" href=\"https:\/\/editionsbussiere.com\/blog\/goto\/https:\/\/fr.wikisource.org\/wiki\/L%E2%80%99Imitation_de_J%C3%A9sus-Christ_(Lamennais)\/Livre_premier\/18\"  target=\"_blank\" rel=\"noopener noreferrer nofollow\">Article complet.<\/a><span><\/span>}<br \/>\n|{L\u2019Histoire de Jenni ou le Sage et l\u2019Ath\u00e9e\/Chapitre I.,<a target=\"_blank\" rel=\"nofollow\" href=\"https:\/\/editionsbussiere.com\/blog\/goto\/https:\/\/fr.wikisource.org\/wiki\/L%E2%80%99Histoire_de_Jenni_ou_le_Sage_et_l%E2%80%99Ath%C3%A9e\/Chapitre_I\"  target=\"_blank\" rel=\"noopener noreferrer nofollow\">Le texte de l\u2019article.<\/a><span><\/span>}<br \/>\n|{L\u2019Heure enchant\u00e9e\/Tristesse de la Vierge.,<a target=\"_blank\" rel=\"nofollow\" href=\"https:\/\/editionsbussiere.com\/blog\/goto\/https:\/\/fr.wikisource.org\/wiki\/L%E2%80%99Heure_enchant%C3%A9e\/Tristesse_de_la_Vierge\"  target=\"_blank\" rel=\"noopener noreferrer nofollow\">Le dossier.<\/a><span><\/span>}<br \/>\n|{L\u2019Heure enchant\u00e9e\/Marie-Madeleine.,<a target=\"_blank\" rel=\"nofollow\" href=\"https:\/\/editionsbussiere.com\/blog\/goto\/https:\/\/fr.wikisource.org\/wiki\/L%E2%80%99Heure_enchant%C3%A9e\/Marie-Madeleine\"  target=\"_blank\" rel=\"noopener noreferrer nofollow\">A lire ici.<\/a><span><\/span>. Suite sur le prochain article.}<br \/>\n|{L\u2019Heure enchant\u00e9e.,<a target=\"_blank\" rel=\"nofollow\" href=\"https:\/\/editionsbussiere.com\/blog\/goto\/https:\/\/fr.wikisource.org\/wiki\/L%E2%80%99Heure_enchant%C3%A9e\"  target=\"_blank\" rel=\"noopener noreferrer nofollow\">Ici.<\/a><span><\/span>}<br \/>\n|{L\u2019Esprit chr\u00e9tien et le patriotisme\/Chapitre 2.,<a target=\"_blank\" rel=\"nofollow\" href=\"https:\/\/editionsbussiere.com\/blog\/goto\/https:\/\/fr.wikisource.org\/wiki\/L%E2%80%99Esprit_chr%C3%A9tien_et_le_patriotisme\/Chapitre_2\"  target=\"_blank\" rel=\"noopener noreferrer nofollow\">L\u2019article de presse.<\/a><span><\/span>}<br \/>\n|{L\u2019Envout\u00e9.,<a target=\"_blank\" rel=\"nofollow\" href=\"https:\/\/editionsbussiere.com\/blog\/goto\/https:\/\/fr.wikisource.org\/wiki\/L%E2%80%99Envout%C3%A9\"  target=\"_blank\" rel=\"noopener noreferrer nofollow\">Cliquer ICI.<\/a><span><\/span>}<br \/>\n|{L\u2019Enfer des femmes\/Le couvent de Sainte-Marie.,<a target=\"_blank\" rel=\"nofollow\" href=\"https:\/\/editionsbussiere.com\/blog\/goto\/https:\/\/fr.wikisource.org\/wiki\/L%E2%80%99Enfer_des_femmes\/Le_couvent_de_Sainte-Marie\"  target=\"_blank\" rel=\"noopener noreferrer nofollow\">Article complet.<\/a><span><\/span>}<br \/>\n|{L\u2019Enfer des femmes\/Le couvent de Sainte-Marie.,<a target=\"_blank\" rel=\"nofollow\" href=\"https:\/\/editionsbussiere.com\/blog\/goto\/https:\/\/fr.wikisource.org\/wiki\/L%E2%80%99Enfer_des_femmes\/Le_couvent_de_Sainte-Marie\"  target=\"_blank\" rel=\"noopener noreferrer nofollow\">Le post d\u2019actualit\u00e9.<\/a><span><\/span>. Suite sur le prochain article.}<br \/>\n|{L\u2019Enfant suppos\u00e9.,<a target=\"_blank\" rel=\"nofollow\" href=\"https:\/\/editionsbussiere.com\/blog\/goto\/https:\/\/fr.wikisource.org\/wiki\/L%E2%80%99Enfant_suppos%C3%A9\"  target=\"_blank\" rel=\"noopener noreferrer nofollow\">L\u2019article ICI.<\/a><span><\/span>}<br \/>\n|{L\u2019Encyclop\u00e9die\/1re \u00e9dition\/WEST-MORLAND, ou WESTMORLAND.,<a target=\"_blank\" rel=\"nofollow\" href=\"https:\/\/editionsbussiere.com\/blog\/goto\/https:\/\/fr.wikisource.org\/wiki\/L%E2%80%99Encyclop%C3%A9die\/1re_%C3%A9dition\/WEST-MORLAND,_ou_WESTMORLAND\"  target=\"_blank\" rel=\"noopener noreferrer nofollow\">A lire ici.<\/a><span><\/span>. Suite sur le prochain article.}<br \/>\n|{L\u2019Encyclop\u00e9die\/1re \u00e9dition\/WEST-MORLAND, ou WESTMORLAND.,<a target=\"_blank\" rel=\"nofollow\" href=\"https:\/\/editionsbussiere.com\/blog\/goto\/https:\/\/fr.wikisource.org\/wiki\/L%E2%80%99Encyclop%C3%A9die\/1re_%C3%A9dition\/WEST-MORLAND,_ou_WESTMORLAND\"  target=\"_blank\" rel=\"noopener noreferrer nofollow\">L\u2019article ICI.<\/a><span><\/span>}<br \/>\n|{L\u2019Encyclop\u00e9die\/1re \u00e9dition\/VISITATION.,<a target=\"_blank\" rel=\"nofollow\" href=\"https:\/\/editionsbussiere.com\/blog\/goto\/https:\/\/fr.wikisource.org\/wiki\/L%E2%80%99Encyclop%C3%A9die\/1re_%C3%A9dition\/VISITATION\"  target=\"_blank\" rel=\"noopener noreferrer nofollow\">Cliquer ICI.<\/a><span><\/span>}<br \/>\n|{L\u2019Encyclop\u00e9die\/1re \u00e9dition\/VIERGE.,<a target=\"_blank\" rel=\"nofollow\" href=\"https:\/\/editionsbussiere.com\/blog\/goto\/https:\/\/fr.wikisource.org\/wiki\/L%E2%80%99Encyclop%C3%A9die\/1re_%C3%A9dition\/VIERGE\"  target=\"_blank\" rel=\"noopener noreferrer nofollow\">A lire ici.<\/a><span><\/span>}<br \/>\n|{L\u2019Encyclop\u00e9die\/1re \u00e9dition\/TEST.,<a target=\"_blank\" rel=\"nofollow\" href=\"https:\/\/editionsbussiere.com\/blog\/goto\/https:\/\/fr.wikisource.org\/wiki\/L%E2%80%99Encyclop%C3%A9die\/1re_%C3%A9dition\/TEST\"  target=\"_blank\" rel=\"noopener noreferrer nofollow\">Le texte de l\u2019article.<\/a><span><\/span>. Suite sur le prochain article.}<br \/>\n|{L\u2019Encyclop\u00e9die\/1re \u00e9dition\/TERAMO.,<a target=\"_blank\" rel=\"nofollow\" href=\"https:\/\/editionsbussiere.com\/blog\/goto\/https:\/\/fr.wikisource.org\/wiki\/L%E2%80%99Encyclop%C3%A9die\/1re_%C3%A9dition\/TERAMO\"  target=\"_blank\" rel=\"noopener noreferrer nofollow\">Le texte de l\u2019article.<\/a><span><\/span>}<br \/>\n|{L\u2019Encyclop\u00e9die\/1re \u00e9dition\/STATION.,<a target=\"_blank\" rel=\"nofollow\" href=\"https:\/\/editionsbussiere.com\/blog\/goto\/https:\/\/fr.wikisource.org\/wiki\/L%E2%80%99Encyclop%C3%A9die\/1re_%C3%A9dition\/STATION\"  target=\"_blank\" rel=\"noopener noreferrer nofollow\">L\u2019article ICI.<\/a><span><\/span>. Suite sur le prochain article.}<br \/>\n|{L\u2019Encyclop\u00e9die\/1re \u00e9dition\/SAMEDI.,<a target=\"_blank\" rel=\"nofollow\" href=\"https:\/\/editionsbussiere.com\/blog\/goto\/https:\/\/fr.wikisource.org\/wiki\/L%E2%80%99Encyclop%C3%A9die\/1re_%C3%A9dition\/SAMEDI\"  target=\"_blank\" rel=\"noopener noreferrer nofollow\">A lire ici.<\/a><span><\/span>}<br \/>\n|{L\u2019Encyclop\u00e9die\/1re \u00e9dition\/SALVE (Regina).,<a target=\"_blank\" rel=\"nofollow\" href=\"https:\/\/editionsbussiere.com\/blog\/goto\/https:\/\/fr.wikisource.org\/wiki\/L%E2%80%99Encyclop%C3%A9die\/1re_%C3%A9dition\/SALVE_(Regina)\"  target=\"_blank\" rel=\"noopener noreferrer nofollow\">Le post d\u2019actualit\u00e9.<\/a><span><\/span>}<br \/>\n|{L\u2019Encyclop\u00e9die\/1re \u00e9dition\/SALUTATION.,<a target=\"_blank\" rel=\"nofollow\" href=\"https:\/\/editionsbussiere.com\/blog\/goto\/https:\/\/fr.wikisource.org\/wiki\/L%E2%80%99Encyclop%C3%A9die\/1re_%C3%A9dition\/SALUTATION\"  target=\"_blank\" rel=\"noopener noreferrer nofollow\">A lire ici.<\/a><span><\/span>}<br \/>\n|{L\u2019Encyclop\u00e9die\/1re \u00e9dition\/SALUER.,<a target=\"_blank\" rel=\"nofollow\" href=\"https:\/\/editionsbussiere.com\/blog\/goto\/https:\/\/fr.wikisource.org\/wiki\/L%E2%80%99Encyclop%C3%A9die\/1re_%C3%A9dition\/SALUER\"  target=\"_blank\" rel=\"noopener noreferrer nofollow\">A lire ici.<\/a><span><\/span>}<br \/>\n|{L\u2019Encyclop\u00e9die\/1re \u00e9dition\/SAINT.,<a target=\"_blank\" rel=\"nofollow\" href=\"https:\/\/editionsbussiere.com\/blog\/goto\/https:\/\/fr.wikisource.org\/wiki\/L%E2%80%99Encyclop%C3%A9die\/1re_%C3%A9dition\/SAINT\"  target=\"_blank\" rel=\"noopener noreferrer nofollow\">A lire ici.<\/a><span><\/span>}<br \/>\n|{L\u2019Encyclop\u00e9die\/1re \u00e9dition\/PUCELLE.,<a target=\"_blank\" rel=\"nofollow\" href=\"https:\/\/editionsbussiere.com\/blog\/goto\/https:\/\/fr.wikisource.org\/wiki\/L%E2%80%99Encyclop%C3%A9die\/1re_%C3%A9dition\/PUCELLE\"  target=\"_blank\" rel=\"noopener noreferrer nofollow\">Le dossier.<\/a><span><\/span>. Suite sur le prochain article.}<br \/>\n|{L\u2019Encyclop\u00e9die\/1re \u00e9dition\/PRIERE.,<a target=\"_blank\" rel=\"nofollow\" href=\"https:\/\/editionsbussiere.com\/blog\/goto\/https:\/\/fr.wikisource.org\/wiki\/L%E2%80%99Encyclop%C3%A9die\/1re_%C3%A9dition\/PRIERE\"  target=\"_blank\" rel=\"noopener noreferrer nofollow\">A lire ici.<\/a><span><\/span>}<br \/>\n|{L\u2019Encyclop\u00e9die\/1re \u00e9dition\/PONT-SAINTE-MAIXENCE.,<a target=\"_blank\" rel=\"nofollow\" href=\"https:\/\/editionsbussiere.com\/blog\/goto\/https:\/\/fr.wikisource.org\/wiki\/L%E2%80%99Encyclop%C3%A9die\/1re_%C3%A9dition\/PONT-SAINTE-MAIXENCE\"  target=\"_blank\" rel=\"noopener noreferrer nofollow\">Le post d\u2019actualit\u00e9.<\/a><span><\/span>}<br \/>\n|{L\u2019Encyclop\u00e9die\/1re \u00e9dition\/PLESSIS-LEZ-TOURS.,<a target=\"_blank\" rel=\"nofollow\" href=\"https:\/\/editionsbussiere.com\/blog\/goto\/https:\/\/fr.wikisource.org\/wiki\/L%E2%80%99Encyclop%C3%A9die\/1re_%C3%A9dition\/PLESSIS-LEZ-TOURS\"  target=\"_blank\" rel=\"noopener noreferrer nofollow\">Le post d\u2019actualit\u00e9.<\/a><span><\/span>. Suite sur le prochain article.}<br \/>\n|{L\u2019Encyclop\u00e9die\/1re \u00e9dition\/PARDON.,<a target=\"_blank\" rel=\"nofollow\" href=\"https:\/\/editionsbussiere.com\/blog\/goto\/https:\/\/fr.wikisource.org\/wiki\/L%E2%80%99Encyclop%C3%A9die\/1re_%C3%A9dition\/PARDON\"  target=\"_blank\" rel=\"noopener noreferrer nofollow\">A lire ici.<\/a><span><\/span>. Suite sur le prochain article.}<br \/>\n|{L\u2019Encyclop\u00e9die\/1re \u00e9dition\/OPHITES.,<a target=\"_blank\" rel=\"nofollow\" href=\"https:\/\/editionsbussiere.com\/blog\/goto\/https:\/\/fr.wikisource.org\/wiki\/L%E2%80%99Encyclop%C3%A9die\/1re_%C3%A9dition\/OPHITES\"  target=\"_blank\" rel=\"noopener noreferrer nofollow\">Le dossier.<\/a><span><\/span>. Suite sur le prochain article.}<br \/>\n|{L\u2019Encyclop\u00e9die\/1re \u00e9dition\/NESTORIENS.,<a target=\"_blank\" rel=\"nofollow\" href=\"https:\/\/editionsbussiere.com\/blog\/goto\/https:\/\/fr.wikisource.org\/wiki\/L%E2%80%99Encyclop%C3%A9die\/1re_%C3%A9dition\/NESTORIENS\"  target=\"_blank\" rel=\"noopener noreferrer nofollow\">Le post d\u2019actualit\u00e9.<\/a><span><\/span>}<br \/>\n|{L\u2019Encyclop\u00e9die\/1re \u00e9dition\/NEPHES-OGLI.,<a target=\"_blank\" rel=\"nofollow\" href=\"https:\/\/editionsbussiere.com\/blog\/goto\/https:\/\/fr.wikisource.org\/wiki\/L%E2%80%99Encyclop%C3%A9die\/1re_%C3%A9dition\/NEPHES-OGLI\"  target=\"_blank\" rel=\"noopener noreferrer nofollow\">A lire ici.<\/a><span><\/span>}<br \/>\n|{L\u2019Encyclop\u00e9die\/1re \u00e9dition\/NATIVIT\u00c9.,<a target=\"_blank\" rel=\"nofollow\" href=\"https:\/\/editionsbussiere.com\/blog\/goto\/https:\/\/fr.wikisource.org\/wiki\/L%E2%80%99Encyclop%C3%A9die\/1re_%C3%A9dition\/NATIVIT%C3%89\"  target=\"_blank\" rel=\"noopener noreferrer nofollow\">L\u2019article de presse.<\/a><span><\/span>}<br \/>\n|{L\u2019Encyclop\u00e9die\/1re \u00e9dition\/NATIVIT\u00c9.,<a target=\"_blank\" rel=\"nofollow\" href=\"https:\/\/editionsbussiere.com\/blog\/goto\/https:\/\/fr.wikisource.org\/wiki\/L%E2%80%99Encyclop%C3%A9die\/1re_%C3%A9dition\/NATIVIT%C3%89\"  target=\"_blank\" rel=\"noopener noreferrer nofollow\">Le dossier.<\/a><span><\/span>}<br \/>\n|{L\u2019Encyclop\u00e9die\/1re \u00e9dition\/MESSE.,<a target=\"_blank\" rel=\"nofollow\" href=\"https:\/\/editionsbussiere.com\/blog\/goto\/https:\/\/fr.wikisource.org\/wiki\/L%E2%80%99Encyclop%C3%A9die\/1re_%C3%A9dition\/MESSE\"  target=\"_blank\" rel=\"noopener noreferrer nofollow\">Ici.<\/a><span><\/span>}<br \/>\n|{L\u2019Encyclop\u00e9die\/1re \u00e9dition\/MARIAE GLACIES.,<a target=\"_blank\" rel=\"nofollow\" href=\"https:\/\/editionsbussiere.com\/blog\/goto\/https:\/\/fr.wikisource.org\/wiki\/L%E2%80%99Encyclop%C3%A9die\/1re_%C3%A9dition\/MARIAE_GLACIES\"  target=\"_blank\" rel=\"noopener noreferrer nofollow\">Cliquer ICI.<\/a><span><\/span>. Suite sur le prochain article.}<br \/>\n|{L\u2019Encyclop\u00e9die\/1re \u00e9dition\/KOUAN-IN.,<a target=\"_blank\" rel=\"nofollow\" href=\"https:\/\/editionsbussiere.com\/blog\/goto\/https:\/\/fr.wikisource.org\/wiki\/L%E2%80%99Encyclop%C3%A9die\/1re_%C3%A9dition\/KOUAN-IN\"  target=\"_blank\" rel=\"noopener noreferrer nofollow\">A lire ici.<\/a><span><\/span>. Suite sur le prochain article.}<br \/>\n|{L\u2019Encyclop\u00e9die\/1re \u00e9dition\/COMPLIES.,<a target=\"_blank\" rel=\"nofollow\" href=\"https:\/\/editionsbussiere.com\/blog\/goto\/https:\/\/fr.wikisource.org\/wiki\/L%E2%80%99Encyclop%C3%A9die\/1re_%C3%A9dition\/COMPLIES\"  target=\"_blank\" rel=\"noopener noreferrer nofollow\">Article complet.<\/a><span><\/span>. Suite sur le prochain article.}<br \/>\n|{L\u2019Encyclop\u00e9die\/1re \u00e9dition\/BREVIAIRE.,<a target=\"_blank\" rel=\"nofollow\" href=\"https:\/\/editionsbussiere.com\/blog\/goto\/https:\/\/fr.wikisource.org\/wiki\/L%E2%80%99Encyclop%C3%A9die\/1re_%C3%A9dition\/BREVIAIRE\"  target=\"_blank\" rel=\"noopener noreferrer nofollow\">L\u2019article ICI.<\/a><span><\/span>}<br \/>\n|{L\u2019Encyclop\u00e9die\/1re \u00e9dition\/BOGOMILES ou BONGOMILES.,<a target=\"_blank\" rel=\"nofollow\" href=\"https:\/\/editionsbussiere.com\/blog\/goto\/https:\/\/fr.wikisource.org\/wiki\/L%E2%80%99Encyclop%C3%A9die\/1re_%C3%A9dition\/BOGOMILES_ou_BONGOMILES\"  target=\"_blank\" rel=\"noopener noreferrer nofollow\">Le post d\u2019actualit\u00e9.<\/a><span><\/span>. Suite sur le prochain article.}<br \/>\n|{L\u2019Encyclop\u00e9die\/1re \u00e9dition\/BARDESANISTES.,<a target=\"_blank\" rel=\"nofollow\" href=\"https:\/\/editionsbussiere.com\/blog\/goto\/https:\/\/fr.wikisource.org\/wiki\/L%E2%80%99Encyclop%C3%A9die\/1re_%C3%A9dition\/BARDESANISTES\"  target=\"_blank\" rel=\"noopener noreferrer nofollow\">Le dossier.<\/a><span><\/span>. Suite sur le prochain article.}<br \/>\n|{L\u2019Encyclop\u00e9die\/1re \u00e9dition\/AVE MARIA.,<a target=\"_blank\" rel=\"nofollow\" href=\"https:\/\/editionsbussiere.com\/blog\/goto\/https:\/\/fr.wikisource.org\/wiki\/L%E2%80%99Encyclop%C3%A9die\/1re_%C3%A9dition\/AVE_MARIA\"  target=\"_blank\" rel=\"noopener noreferrer nofollow\">Article complet.<\/a><span><\/span>. Suite sur le prochain article.}<br \/>\n|{L\u2019Encyclop\u00e9die\/1re \u00e9dition\/AVE MARIA.,<a target=\"_blank\" rel=\"nofollow\" href=\"https:\/\/editionsbussiere.com\/blog\/goto\/https:\/\/fr.wikisource.org\/wiki\/L%E2%80%99Encyclop%C3%A9die\/1re_%C3%A9dition\/AVE_MARIA\"  target=\"_blank\" rel=\"noopener noreferrer nofollow\">A lire ici.<\/a><span><\/span>}<br \/>\n|{L\u2019Encyclop\u00e9die\/1re \u00e9dition\/ANTIENNE.,<a target=\"_blank\" rel=\"nofollow\" href=\"https:\/\/editionsbussiere.com\/blog\/goto\/https:\/\/fr.wikisource.org\/wiki\/L%E2%80%99Encyclop%C3%A9die\/1re_%C3%A9dition\/ANTIENNE\"  target=\"_blank\" rel=\"noopener noreferrer nofollow\">Le post d\u2019actualit\u00e9.<\/a><span><\/span>. Suite sur le prochain article.}<br \/>\n|{L\u2019Encyclop\u00e9die\/1re \u00e9dition\/ANTI-DICOMARIANITES.,<a target=\"_blank\" rel=\"nofollow\" href=\"https:\/\/editionsbussiere.com\/blog\/goto\/https:\/\/fr.wikisource.org\/wiki\/L%E2%80%99Encyclop%C3%A9die\/1re_%C3%A9dition\/ANTI-DICOMARIANITES\"  target=\"_blank\" rel=\"noopener noreferrer nofollow\">L\u2019article de presse.<\/a><span><\/span>. Suite sur le prochain article.}<br \/>\n|{L\u2019Encyclop\u00e9die\/1re \u00e9dition\/ANGELUS.,<a target=\"_blank\" rel=\"nofollow\" href=\"https:\/\/editionsbussiere.com\/blog\/goto\/https:\/\/fr.wikisource.org\/wiki\/L%E2%80%99Encyclop%C3%A9die\/1re_%C3%A9dition\/ANGELUS\"  target=\"_blank\" rel=\"noopener noreferrer nofollow\">Le post d\u2019actualit\u00e9.<\/a><span><\/span>}<br \/>\n|{L\u2019emprise : Conscience de croyants\/12.,<a target=\"_blank\" rel=\"nofollow\" href=\"https:\/\/editionsbussiere.com\/blog\/goto\/https:\/\/fr.wikisource.org\/wiki\/L%E2%80%99emprise_:_Conscience_de_croyants\/12\"  target=\"_blank\" rel=\"noopener noreferrer nofollow\">L\u2019article ICI.<\/a><span><\/span>}<br \/>\n|{L\u2019emprise : Bertha et Rosette\/12.,<a target=\"_blank\" rel=\"nofollow\" href=\"https:\/\/editionsbussiere.com\/blog\/goto\/https:\/\/fr.wikisource.org\/wiki\/L%E2%80%99emprise_:_Bertha_et_Rosette\/12\"  target=\"_blank\" rel=\"noopener noreferrer nofollow\">Cliquer ICI.<\/a><span><\/span>}<br \/>\n|{L\u2019emprise : Bertha et Rosette\/10.,<a target=\"_blank\" rel=\"nofollow\" href=\"https:\/\/editionsbussiere.com\/blog\/goto\/https:\/\/fr.wikisource.org\/wiki\/L%E2%80%99emprise_:_Bertha_et_Rosette\/10\"  target=\"_blank\" rel=\"noopener noreferrer nofollow\">A lire ici.<\/a><span><\/span>}<br \/>\n|{L\u2019emprise : Bertha et Rosette\/\u00c9pilogue.,<a target=\"_blank\" rel=\"nofollow\" href=\"https:\/\/editionsbussiere.com\/blog\/goto\/https:\/\/fr.wikisource.org\/wiki\/L%E2%80%99emprise_:_Bertha_et_Rosette\/%C3%89pilogue\"  target=\"_blank\" rel=\"noopener noreferrer nofollow\">Le texte de l\u2019article.<\/a><span><\/span>. Suite sur le prochain article.}<br \/>\n|{L\u2019Empire des tsars et les Russes\/Tome 3\/Livre 2\/Chapitre 3.,<a target=\"_blank\" rel=\"nofollow\" href=\"https:\/\/editionsbussiere.com\/blog\/goto\/https:\/\/fr.wikisource.org\/wiki\/L%E2%80%99Empire_des_tsars_et_les_Russes\/Tome_3\/Livre_2\/Chapitre_3\"  target=\"_blank\" rel=\"noopener noreferrer nofollow\">A lire ici.<\/a><span><\/span>}<br \/>\n|{L\u2019Avaleur de sabres\/Partie 1\/Chapitre 12.,<a target=\"_blank\" rel=\"nofollow\" href=\"https:\/\/editionsbussiere.com\/blog\/goto\/https:\/\/fr.wikisource.org\/wiki\/L%E2%80%99Avaleur_de_sabres\/Partie_1\/Chapitre_12\"  target=\"_blank\" rel=\"noopener noreferrer nofollow\">Le post d\u2019actualit\u00e9.<\/a><span><\/span>. Suite sur le prochain article.}<br \/>\n|{L\u2019Aum\u00f4ne de No\u00ebl.,<a target=\"_blank\" rel=\"nofollow\" href=\"https:\/\/editionsbussiere.com\/blog\/goto\/https:\/\/fr.wikisource.org\/wiki\/L%E2%80%99Aum%C3%B4ne_de_No%C3%ABl\"  target=\"_blank\" rel=\"noopener noreferrer nofollow\">L\u2019article ICI.<\/a><span><\/span>. Suite sur le prochain article.}<br \/>\n|{L\u2019Au del\u00e0 et les forces inconnues\/La voix de Fran\u00e7ois Copp\u00e9e.,<a target=\"_blank\" rel=\"nofollow\" href=\"https:\/\/editionsbussiere.com\/blog\/goto\/https:\/\/fr.wikisource.org\/wiki\/L%E2%80%99Au_del%C3%A0_et_les_forces_inconnues\/La_voix_de_Fran%C3%A7ois_Copp%C3%A9e\"  target=\"_blank\" rel=\"noopener noreferrer nofollow\">Le dossier.<\/a><span><\/span>}<br \/>\n|{L\u2019Atelier de Marie-Claire\/3.,<a target=\"_blank\" rel=\"nofollow\" href=\"https:\/\/editionsbussiere.com\/blog\/goto\/https:\/\/fr.wikisource.org\/wiki\/L%E2%80%99Atelier_de_Marie-Claire\/3\"  target=\"_blank\" rel=\"noopener noreferrer nofollow\">Article complet.<\/a><span><\/span>}<br \/>\n|{L\u2019Apoth\u00e9ose de Mou\u00e7a-al-K\u00e9byr.,<a target=\"_blank\" rel=\"nofollow\" href=\"https:\/\/editionsbussiere.com\/blog\/goto\/https:\/\/fr.wikisource.org\/wiki\/L%E2%80%99Apoth%C3%A9ose_de_Mou%C3%A7a-al-K%C3%A9byr\"  target=\"_blank\" rel=\"noopener noreferrer nofollow\">Le texte de l\u2019article.<\/a><span><\/span>}<br \/>\n|{L\u2019Antoniade\/Troisi\u00e8me \u00c2ge\/La Th\u00e9ba\u00efde am\u00e9ricaine.,<a target=\"_blank\" rel=\"nofollow\" href=\"https:\/\/editionsbussiere.com\/blog\/goto\/https:\/\/fr.wikisource.org\/wiki\/L%E2%80%99Antoniade\/Troisi%C3%A8me_%C3%82ge\/La_Th%C3%A9ba%C3%AFde_am%C3%A9ricaine\"  target=\"_blank\" rel=\"noopener noreferrer nofollow\">Cliquer ICI.<\/a><span><\/span>}<br \/>\n|{L\u2019Antoniade\/Troisi\u00e8me \u00c2ge\/Dieu seul !.,<a target=\"_blank\" rel=\"nofollow\" href=\"https:\/\/editionsbussiere.com\/blog\/goto\/https:\/\/fr.wikisource.org\/wiki\/L%E2%80%99Antoniade\/Troisi%C3%A8me_%C3%82ge\/Dieu_seul_!\"  target=\"_blank\" rel=\"noopener noreferrer nofollow\">L\u2019article de presse.<\/a><span><\/span>}<br \/>\n|{L\u2019Antoniade\/Supplique.,<a target=\"_blank\" rel=\"nofollow\" href=\"https:\/\/editionsbussiere.com\/blog\/goto\/https:\/\/fr.wikisource.org\/wiki\/L%E2%80%99Antoniade\/Supplique\"  target=\"_blank\" rel=\"noopener noreferrer nofollow\">Cliquer ICI.<\/a><span><\/span>}<br \/>\n|{L\u2019Antoniade\/Premier \u00c2ge\/Prologue.,<a target=\"_blank\" rel=\"nofollow\" href=\"https:\/\/editionsbussiere.com\/blog\/goto\/https:\/\/fr.wikisource.org\/wiki\/L%E2%80%99Antoniade\/Premier_%C3%82ge\/Prologue\"  target=\"_blank\" rel=\"noopener noreferrer nofollow\">Cliquer ICI.<\/a><span><\/span>}<br \/>\n|{L\u2019Antoniade\/Premier \u00c2ge\/Pri\u00e8re \u00e0 Marie immacul\u00e9e.,<a target=\"_blank\" rel=\"nofollow\" href=\"https:\/\/editionsbussiere.com\/blog\/goto\/https:\/\/fr.wikisource.org\/wiki\/L%E2%80%99Antoniade\/Premier_%C3%82ge\/Pri%C3%A8re_%C3%A0_Marie_immacul%C3%A9e\"  target=\"_blank\" rel=\"noopener noreferrer nofollow\">A lire ici.<\/a><span><\/span>}<br \/>\n|{L\u2019Antoniade\/Premier \u00c2ge\/Pri\u00e8re \u00e0 Marie immacul\u00e9e.,<a target=\"_blank\" rel=\"nofollow\" href=\"https:\/\/editionsbussiere.com\/blog\/goto\/https:\/\/fr.wikisource.org\/wiki\/L%E2%80%99Antoniade\/Premier_%C3%82ge\/Pri%C3%A8re_%C3%A0_Marie_immacul%C3%A9e\"  target=\"_blank\" rel=\"noopener noreferrer nofollow\">Le post d\u2019actualit\u00e9.<\/a><span><\/span>}<br \/>\n|{L\u2019Antoniade\/Premier \u00c2ge\/La Vertu ang\u00e9lique.,<a target=\"_blank\" rel=\"nofollow\" href=\"https:\/\/editionsbussiere.com\/blog\/goto\/https:\/\/fr.wikisource.org\/wiki\/L%E2%80%99Antoniade\/Premier_%C3%82ge\/La_Vertu_ang%C3%A9lique\"  target=\"_blank\" rel=\"noopener noreferrer nofollow\">Article complet.<\/a><span><\/span>. Suite sur le prochain article.}<br \/>\n|{L\u2019Antoniade\/Premier \u00c2ge\/La Cons\u00e9cration.,<a target=\"_blank\" rel=\"nofollow\" href=\"https:\/\/editionsbussiere.com\/blog\/goto\/https:\/\/fr.wikisource.org\/wiki\/L%E2%80%99Antoniade\/Premier_%C3%82ge\/La_Cons%C3%A9cration\"  target=\"_blank\" rel=\"noopener noreferrer nofollow\">Ici.<\/a><span><\/span>}<br \/>\n|{L\u2019Antoniade\/Premier \u00c2ge\/Invocation \u00e0 la Muse chr\u00e9tienne.,<a target=\"_blank\" rel=\"nofollow\" href=\"https:\/\/editionsbussiere.com\/blog\/goto\/https:\/\/fr.wikisource.org\/wiki\/L%E2%80%99Antoniade\/Premier_%C3%82ge\/Invocation_%C3%A0_la_Muse_chr%C3%A9tienne\"  target=\"_blank\" rel=\"noopener noreferrer nofollow\">L\u2019article de presse.<\/a><span><\/span>}<br \/>\n|{L\u2019Antoniade\/Premier \u00c2ge\/D\u00e9dicace.,<a target=\"_blank\" rel=\"nofollow\" href=\"https:\/\/editionsbussiere.com\/blog\/goto\/https:\/\/fr.wikisource.org\/wiki\/L%E2%80%99Antoniade\/Premier_%C3%82ge\/D%C3%A9dicace\"  target=\"_blank\" rel=\"noopener noreferrer nofollow\">Ici.<\/a><span><\/span>}<br \/>\n|{L\u2019Antoniade\/Premier \u00c2ge\/Antonia.,<a target=\"_blank\" rel=\"nofollow\" href=\"https:\/\/editionsbussiere.com\/blog\/goto\/https:\/\/fr.wikisource.org\/wiki\/L%E2%80%99Antoniade\/Premier_%C3%82ge\/Antonia\"  target=\"_blank\" rel=\"noopener noreferrer nofollow\">Le post d\u2019actualit\u00e9.<\/a><span><\/span>}<br \/>\n|{L\u2019Antoniade\/Pr\u00e9face.,<a target=\"_blank\" rel=\"nofollow\" href=\"https:\/\/editionsbussiere.com\/blog\/goto\/https:\/\/fr.wikisource.org\/wiki\/L%E2%80%99Antoniade\/Pr%C3%A9face\"  target=\"_blank\" rel=\"noopener noreferrer nofollow\">Le texte de l\u2019article.<\/a><span><\/span>}<br \/>\n|{L\u2019Antoniade\/Les Hommes d\u2019action et les Hommes de pri\u00e8re.,<a target=\"_blank\" rel=\"nofollow\" href=\"https:\/\/editionsbussiere.com\/blog\/goto\/https:\/\/fr.wikisource.org\/wiki\/L%E2%80%99Antoniade\/Les_Hommes_d%E2%80%99action_et_les_Hommes_de_pri%C3%A8re\"  target=\"_blank\" rel=\"noopener noreferrer nofollow\">Le dossier.<\/a><span><\/span>}<br \/>\n|{L\u2019Antoniade\/Le Nid d\u2019aigle.,<a target=\"_blank\" rel=\"nofollow\" href=\"https:\/\/editionsbussiere.com\/blog\/goto\/https:\/\/fr.wikisource.org\/wiki\/L%E2%80%99Antoniade\/Le_Nid_d%E2%80%99aigle\"  target=\"_blank\" rel=\"noopener noreferrer nofollow\">Le post d\u2019actualit\u00e9.<\/a><span><\/span>. Suite sur le prochain article.}<br \/>\n|{L\u2019Antoniade\/E Pluribus Unum.,<a target=\"_blank\" rel=\"nofollow\" href=\"https:\/\/editionsbussiere.com\/blog\/goto\/https:\/\/fr.wikisource.org\/wiki\/L%E2%80%99Antoniade\/E_Pluribus_Unum\"  target=\"_blank\" rel=\"noopener noreferrer nofollow\">Article complet.<\/a><span><\/span>}<br \/>\n|{L\u2019Antoniade\/Aux Carm\u00e9lites de Baltimore.,<a target=\"_blank\" rel=\"nofollow\" href=\"https:\/\/editionsbussiere.com\/blog\/goto\/https:\/\/fr.wikisource.org\/wiki\/L%E2%80%99Antoniade\/Aux_Carm%C3%A9lites_de_Baltimore\"  target=\"_blank\" rel=\"noopener noreferrer nofollow\">Article complet.<\/a><span><\/span>}<br \/>\n|{L\u2019Anti-Justine ou les d\u00e9lices de l\u2019Amour (1864)\/45.,<a target=\"_blank\" rel=\"nofollow\" href=\"https:\/\/editionsbussiere.com\/blog\/goto\/https:\/\/fr.wikisource.org\/wiki\/L%E2%80%99Anti-Justine_ou_les_d%C3%A9lices_de_l%E2%80%99Amour_(1864)\/45\"  target=\"_blank\" rel=\"noopener noreferrer nofollow\">A lire ici.<\/a><span><\/span>}<br \/>\n|{L\u2019Angelus des sentes (recueil)\/Paroles du matin.,<a target=\"_blank\" rel=\"nofollow\" href=\"https:\/\/editionsbussiere.com\/blog\/goto\/https:\/\/fr.wikisource.org\/wiki\/L%E2%80%99Angelus_des_sentes_(recueil)\/Paroles_du_matin\"  target=\"_blank\" rel=\"noopener noreferrer nofollow\">Article complet.<\/a><span><\/span>}<br \/>\n|{L\u2019Angelus des sentes (recueil)\/L\u2019Heure des Larmes.,<a target=\"_blank\" rel=\"nofollow\" href=\"https:\/\/editionsbussiere.com\/blog\/goto\/https:\/\/fr.wikisource.org\/wiki\/L%E2%80%99Angelus_des_sentes_(recueil)\/L%E2%80%99Heure_des_Larmes\"  target=\"_blank\" rel=\"noopener noreferrer nofollow\">Le texte de l\u2019article.<\/a><span><\/span>. Suite sur le prochain article.}<br \/>\n|{L\u2019Ange gardien (Amable Tastu).,<a target=\"_blank\" rel=\"nofollow\" href=\"https:\/\/editionsbussiere.com\/blog\/goto\/https:\/\/fr.wikisource.org\/wiki\/L%E2%80%99Ange_gardien_(Amable_Tastu)\"  target=\"_blank\" rel=\"noopener noreferrer nofollow\">L\u2019article de presse.<\/a><span><\/span>}<br \/>\n|{L\u2019amour saphique \u00e0 travers les \u00e2ges et les \u00eatres\/21.,<a target=\"_blank\" rel=\"nofollow\" href=\"https:\/\/editionsbussiere.com\/blog\/goto\/https:\/\/fr.wikisource.org\/wiki\/L%E2%80%99amour_saphique_%C3%A0_travers_les_%C3%A2ges_et_les_%C3%AAtres\/21\"  target=\"_blank\" rel=\"noopener noreferrer nofollow\">Cliquer ICI.<\/a><span><\/span>. Suite sur le prochain article.}<br \/>\n|{L\u2019Amour qui saigne\/La Vierge \u00e0 la Chaise.,<a target=\"_blank\" rel=\"nofollow\" href=\"https:\/\/editionsbussiere.com\/blog\/goto\/https:\/\/fr.wikisource.org\/wiki\/L%E2%80%99Amour_qui_saigne\/La_Vierge_%C3%A0_la_Chaise\"  target=\"_blank\" rel=\"noopener noreferrer nofollow\">Article complet.<\/a><span><\/span>. Suite sur le prochain article.}<br \/>\n|{L\u2019Alcoran (Traduction de Du Ryer)\/Sommaire.,<a target=\"_blank\" rel=\"nofollow\" href=\"https:\/\/editionsbussiere.com\/blog\/goto\/https:\/\/fr.wikisource.org\/wiki\/L%E2%80%99Alcoran_(Traduction_de_Du_Ryer)\/Sommaire\"  target=\"_blank\" rel=\"noopener noreferrer nofollow\">L\u2019article ICI.<\/a><span><\/span>}<br \/>\n|{L\u2019Alcoran (Traduction de Du Ryer)\/Sommaire.,<a target=\"_blank\" rel=\"nofollow\" href=\"https:\/\/editionsbussiere.com\/blog\/goto\/https:\/\/fr.wikisource.org\/wiki\/L%E2%80%99Alcoran_(Traduction_de_Du_Ryer)\/Sommaire\"  target=\"_blank\" rel=\"noopener noreferrer nofollow\">Le texte de l\u2019article.<\/a><span><\/span>. Suite sur le prochain article.}<br \/>\n|{L\u2019Abbaye de Fontenay et l\u2019architecture cistercienne\/4.2.,<a target=\"_blank\" rel=\"nofollow\" href=\"https:\/\/editionsbussiere.com\/blog\/goto\/https:\/\/fr.wikisource.org\/wiki\/L%E2%80%99Abbaye_de_Fontenay_et_l%E2%80%99architecture_cistercienne\/4.2\"  target=\"_blank\" rel=\"noopener noreferrer nofollow\">L\u2019article ICI.<\/a><span><\/span>}<br \/>\n|{L\u2019Abbaye de Fontenay et l\u2019architecture cistercienne\/4.,<a target=\"_blank\" rel=\"nofollow\" href=\"https:\/\/editionsbussiere.com\/blog\/goto\/https:\/\/fr.wikisource.org\/wiki\/L%E2%80%99Abbaye_de_Fontenay_et_l%E2%80%99architecture_cistercienne\/4\"  target=\"_blank\" rel=\"noopener noreferrer nofollow\">Le post d\u2019actualit\u00e9.<\/a><span><\/span>}<br \/>\n|{L\u2019\u00e9glise habill\u00e9e de feuilles\/Rosaire 3.,<a target=\"_blank\" rel=\"nofollow\" href=\"https:\/\/editionsbussiere.com\/blog\/goto\/https:\/\/fr.wikisource.org\/wiki\/L%E2%80%99%C3%A9glise_habill%C3%A9e_de_feuilles\/Rosaire_3\"  target=\"_blank\" rel=\"noopener noreferrer nofollow\">Cliquer ICI.<\/a><span><\/span>}<br \/>\n|{L\u2019\u00e9glise habill\u00e9e de feuilles\/Rosaire 3.,<a target=\"_blank\" rel=\"nofollow\" href=\"https:\/\/editionsbussiere.com\/blog\/goto\/https:\/\/fr.wikisource.org\/wiki\/L%E2%80%99%C3%A9glise_habill%C3%A9e_de_feuilles\/Rosaire_3\"  target=\"_blank\" rel=\"noopener noreferrer nofollow\">Le dossier.<\/a><span><\/span>}<br \/>\n|{L\u2019\u00e9glise habill\u00e9e de feuilles\/La lune dans la nuit fait songer \u00e0 la Terre.,<a target=\"_blank\" rel=\"nofollow\" href=\"https:\/\/editionsbussiere.com\/blog\/goto\/https:\/\/fr.wikisource.org\/wiki\/L%E2%80%99%C3%A9glise_habill%C3%A9e_de_feuilles\/La_lune_dans_la_nuit_fait_songer_%C3%A0_la_Terre\"  target=\"_blank\" rel=\"noopener noreferrer nofollow\">Le texte de l\u2019article.<\/a><span><\/span>}<br \/>\n|{L\u2019\u00e9glise habill\u00e9e de feuilles.,<a target=\"_blank\" rel=\"nofollow\" href=\"https:\/\/editionsbussiere.com\/blog\/goto\/https:\/\/fr.wikisource.org\/wiki\/L%E2%80%99%C3%A9glise_habill%C3%A9e_de_feuilles\"  target=\"_blank\" rel=\"noopener noreferrer nofollow\">Le post d\u2019actualit\u00e9.<\/a><span><\/span>. Suite sur le prochain article.}<br \/>\n|{L\u2019\u00cele des Pingouins\/Livre II.,<a target=\"_blank\" rel=\"nofollow\" href=\"https:\/\/editionsbussiere.com\/blog\/goto\/https:\/\/fr.wikisource.org\/wiki\/L%E2%80%99%C3%8Ele_des_Pingouins\/Livre_II\"  target=\"_blank\" rel=\"noopener noreferrer nofollow\">Le post d\u2019actualit\u00e9.<\/a><span><\/span>. Suite sur le prochain article.}<br \/>\n|{L\u2019\u00c9vangile et l\u2019\u00c9glise\/VI.,<a target=\"_blank\" rel=\"nofollow\" href=\"https:\/\/editionsbussiere.com\/blog\/goto\/https:\/\/fr.wikisource.org\/wiki\/L%E2%80%99%C3%89vangile_et_l%E2%80%99%C3%89glise\/VI\"  target=\"_blank\" rel=\"noopener noreferrer nofollow\">Cliquer ICI.<\/a><span><\/span>. Suite sur le prochain article.}<br \/>\n|{L\u2019\u00c9tui de nacre\/Le Jongleur de Notre-Dame.,<a target=\"_blank\" rel=\"nofollow\" href=\"https:\/\/editionsbussiere.com\/blog\/goto\/https:\/\/fr.wikisource.org\/wiki\/L%E2%80%99%C3%89tui_de_nacre\/Le_Jongleur_de_Notre-Dame\"  target=\"_blank\" rel=\"noopener noreferrer nofollow\">Cliquer ICI.<\/a><span><\/span>}<br \/>\n|{L\u2019\u00c9tui de nacre\/Le Jongleur de Notre-Dame.,<a target=\"_blank\" rel=\"nofollow\" href=\"https:\/\/editionsbussiere.com\/blog\/goto\/https:\/\/fr.wikisource.org\/wiki\/L%E2%80%99%C3%89tui_de_nacre\/Le_Jongleur_de_Notre-Dame\"  target=\"_blank\" rel=\"noopener noreferrer nofollow\">Le texte de l\u2019article.<\/a><span><\/span>. Suite sur le prochain article.}<br \/>\n|{L\u2019\u00c9tui de nacre\/La L\u00e9gende des saintes Oliverie et Liberette.,<a target=\"_blank\" rel=\"nofollow\" href=\"https:\/\/editionsbussiere.com\/blog\/goto\/https:\/\/fr.wikisource.org\/wiki\/L%E2%80%99%C3%89tui_de_nacre\/La_L%C3%A9gende_des_saintes_Oliverie_et_Liberette\"  target=\"_blank\" rel=\"noopener noreferrer nofollow\">Cliquer ICI.<\/a><span><\/span>}<br \/>\n|{L\u2019\u00c9tui de nacre\/Gestas.,<a target=\"_blank\" rel=\"nofollow\" href=\"https:\/\/editionsbussiere.com\/blog\/goto\/https:\/\/fr.wikisource.org\/wiki\/L%E2%80%99%C3%89tui_de_nacre\/Gestas\"  target=\"_blank\" rel=\"noopener noreferrer nofollow\">Cliquer ICI.<\/a><span><\/span>. Suite sur le prochain article.}<br \/>\n|{L\u2019\u00c9glise arm\u00e9nienne orientale\/Troisi\u00e8me Partie.,<a target=\"_blank\" rel=\"nofollow\" href=\"https:\/\/editionsbussiere.com\/blog\/goto\/https:\/\/fr.wikisource.org\/wiki\/L%E2%80%99%C3%89glise_arm%C3%A9nienne_orientale\/Troisi%C3%A8me_Partie\"  target=\"_blank\" rel=\"noopener noreferrer nofollow\">L\u2019article ICI.<\/a><span><\/span>}<br \/>\n|{L\u2019\u00c9cho des jeunes, novembre 1891\/R\u00eaverie.,<a target=\"_blank\" rel=\"nofollow\" href=\"https:\/\/editionsbussiere.com\/blog\/goto\/https:\/\/fr.wikisource.org\/wiki\/L%E2%80%99%C3%89cho_des_jeunes,_novembre_1891\/R%C3%AAverie\"  target=\"_blank\" rel=\"noopener noreferrer nofollow\">Le dossier.<\/a><span><\/span>}<br \/>\n|{L\u2019\u00c2me nue\/L\u2019\u00c9glise.,<a target=\"_blank\" rel=\"nofollow\" href=\"https:\/\/editionsbussiere.com\/blog\/goto\/https:\/\/fr.wikisource.org\/wiki\/L%E2%80%99%C3%82me_nue\/L%E2%80%99%C3%89glise\"  target=\"_blank\" rel=\"noopener noreferrer nofollow\">Article complet.<\/a><span><\/span>}<br \/>\n|{L\u2019\u00c2me humaine.,<a target=\"_blank\" rel=\"nofollow\" href=\"https:\/\/editionsbussiere.com\/blog\/goto\/https:\/\/fr.wikisource.org\/wiki\/L%E2%80%99%C3%82me_humaine\"  target=\"_blank\" rel=\"noopener noreferrer nofollow\">Cliquer ICI.<\/a><span><\/span>}<br \/>\n|{L\u2019\u00c2me des saisons\/Sedes sapienti\u00e6.,<a target=\"_blank\" rel=\"nofollow\" href=\"https:\/\/editionsbussiere.com\/blog\/goto\/https:\/\/fr.wikisource.org\/wiki\/L%E2%80%99%C3%82me_des_saisons\/Sedes_sapienti%C3%A6\"  target=\"_blank\" rel=\"noopener noreferrer nofollow\">Cliquer ICI.<\/a><span><\/span>}<br \/>\n|{L\u2019\u00c2me des saisons.,<a target=\"_blank\" rel=\"nofollow\" href=\"https:\/\/editionsbussiere.com\/blog\/goto\/https:\/\/fr.wikisource.org\/wiki\/L%E2%80%99%C3%82me_des_saisons\"  target=\"_blank\" rel=\"noopener noreferrer nofollow\">L\u2019article ICI.<\/a><span><\/span>}<br \/>\n|{L\u2019\u00c2me de mon violon\/3.,<a target=\"_blank\" rel=\"nofollow\" href=\"https:\/\/editionsbussiere.com\/blog\/goto\/https:\/\/fr.wikisource.org\/wiki\/L%E2%80%99%C3%82me_de_mon_violon\/3\"  target=\"_blank\" rel=\"noopener noreferrer nofollow\">Le post d\u2019actualit\u00e9.<\/a><span><\/span>. Suite sur le prochain article.}<br \/>\n|{L\u2019\u00c2me bretonne s\u00e9rie 3\/La p\u00e9nitence de Marie-Reine.,<a target=\"_blank\" rel=\"nofollow\" href=\"https:\/\/editionsbussiere.com\/blog\/goto\/https:\/\/fr.wikisource.org\/wiki\/L%E2%80%99%C3%82me_bretonne_s%C3%A9rie_3\/La_p%C3%A9nitence_de_Marie-Reine\"  target=\"_blank\" rel=\"noopener noreferrer nofollow\">Article complet.<\/a><span><\/span>. Suite sur le prochain article.}<br \/>\n|{L\u2019\u00c2me bretonne s\u00e9rie 3\/La p\u00e9nitence de Marie-Reine.,<a target=\"_blank\" rel=\"nofollow\" href=\"https:\/\/editionsbussiere.com\/blog\/goto\/https:\/\/fr.wikisource.org\/wiki\/L%E2%80%99%C3%82me_bretonne_s%C3%A9rie_3\/La_p%C3%A9nitence_de_Marie-Reine\"  target=\"_blank\" rel=\"noopener noreferrer nofollow\">Le dossier.<\/a><span><\/span>}<br \/>\n|{L\u00e9lia (Hetzel, illustr\u00e9 1854)\/Chapitre 22.,<a target=\"_blank\" rel=\"nofollow\" href=\"https:\/\/editionsbussiere.com\/blog\/goto\/https:\/\/fr.wikisource.org\/wiki\/L%C3%A9lia_(Hetzel,_illustr%C3%A9_1854)\/Chapitre_22\"  target=\"_blank\" rel=\"noopener noreferrer nofollow\">Le dossier.<\/a><span><\/span>}<br \/>\n|{L\u00e9lia (1867)\/22.,<a target=\"_blank\" rel=\"nofollow\" href=\"https:\/\/editionsbussiere.com\/blog\/goto\/https:\/\/fr.wikisource.org\/wiki\/L%C3%A9lia_(1867)\/22\"  target=\"_blank\" rel=\"noopener noreferrer nofollow\">Le post d\u2019actualit\u00e9.<\/a><span><\/span>. Suite sur le prochain article.}<br \/>\n|{L\u00e9lia (1833)\/Premi\u00e8re Partie\/XXII.,<a target=\"_blank\" rel=\"nofollow\" href=\"https:\/\/editionsbussiere.com\/blog\/goto\/https:\/\/fr.wikisource.org\/wiki\/L%C3%A9lia_(1833)\/Premi%C3%A8re_Partie\/XXII\"  target=\"_blank\" rel=\"noopener noreferrer nofollow\">L\u2019article ICI.<\/a><span><\/span>. Suite sur le prochain article.}<br \/>\n|{L\u00e9gendes slaves du moyen \u00e2ge (1169\u20131237)\/Texte.,<a target=\"_blank\" rel=\"nofollow\" href=\"https:\/\/editionsbussiere.com\/blog\/goto\/https:\/\/fr.wikisource.org\/wiki\/L%C3%A9gendes_slaves_du_moyen_%C3%A2ge_(1169%E2%80%931237)\/Texte\"  target=\"_blank\" rel=\"noopener noreferrer nofollow\">L\u2019article de presse.<\/a><span><\/span>. Suite sur le prochain article.}<br \/>\n|{L\u00e9gendes gasp\u00e9siennes\/09.,<a target=\"_blank\" rel=\"nofollow\" href=\"https:\/\/editionsbussiere.com\/blog\/goto\/https:\/\/fr.wikisource.org\/wiki\/L%C3%A9gendes_gasp%C3%A9siennes\/09\"  target=\"_blank\" rel=\"noopener noreferrer nofollow\">Cliquer ICI.<\/a><span><\/span>}<br \/>\n|{L\u00e9gendes gasp\u00e9siennes\/02.,<a target=\"_blank\" rel=\"nofollow\" href=\"https:\/\/editionsbussiere.com\/blog\/goto\/https:\/\/fr.wikisource.org\/wiki\/L%C3%A9gendes_gasp%C3%A9siennes\/02\"  target=\"_blank\" rel=\"noopener noreferrer nofollow\">L\u2019article ICI.<\/a><span><\/span>}<br \/>\n|{L\u00e9gendes chr\u00e9tiennes de la Basse-Bretagne\/Table des mati\u00e8res.,<a target=\"_blank\" rel=\"nofollow\" href=\"https:\/\/editionsbussiere.com\/blog\/goto\/https:\/\/fr.wikisource.org\/wiki\/L%C3%A9gendes_chr%C3%A9tiennes_de_la_Basse-Bretagne\/Table_des_mati%C3%A8res\"  target=\"_blank\" rel=\"noopener noreferrer nofollow\">Cliquer ICI.<\/a><span><\/span>}<br \/>\n|{L\u00e9gendes chr\u00e9tiennes de la Basse-Bretagne\/Deuxi\u00e8me partie.,<a target=\"_blank\" rel=\"nofollow\" href=\"https:\/\/editionsbussiere.com\/blog\/goto\/https:\/\/fr.wikisource.org\/wiki\/L%C3%A9gendes_chr%C3%A9tiennes_de_la_Basse-Bretagne\/Deuxi%C3%A8me_partie\"  target=\"_blank\" rel=\"noopener noreferrer nofollow\">Le dossier.<\/a><span><\/span>. Suite sur le prochain article.}<br \/>\n|{L\u00e9gendes chr\u00e9tiennes\/Une courte pri\u00e8re.,<a target=\"_blank\" rel=\"nofollow\" href=\"https:\/\/editionsbussiere.com\/blog\/goto\/https:\/\/fr.wikisource.org\/wiki\/L%C3%A9gendes_chr%C3%A9tiennes\/Une_courte_pri%C3%A8re\"  target=\"_blank\" rel=\"noopener noreferrer nofollow\">A lire ici.<\/a><span><\/span>}<br \/>\n|{L\u00e9gendes chr\u00e9tiennes\/Sommaire.,<a target=\"_blank\" rel=\"nofollow\" href=\"https:\/\/editionsbussiere.com\/blog\/goto\/https:\/\/fr.wikisource.org\/wiki\/L%C3%A9gendes_chr%C3%A9tiennes\/Sommaire\"  target=\"_blank\" rel=\"noopener noreferrer nofollow\">L\u2019article de presse.<\/a><span><\/span>}<br \/>\n|{L\u00e9gendes chr\u00e9tiennes\/Marie Petit-C\u0153ur.,<a target=\"_blank\" rel=\"nofollow\" href=\"https:\/\/editionsbussiere.com\/blog\/goto\/https:\/\/fr.wikisource.org\/wiki\/L%C3%A9gendes_chr%C3%A9tiennes\/Marie_Petit-C%C5%93ur\"  target=\"_blank\" rel=\"noopener noreferrer nofollow\">Cliquer ICI.<\/a><span><\/span>. Suite sur le prochain article.}<br \/>\n|{L\u00e9gendes chr\u00e9tiennes\/Le diable et la sainte Vierge parrain et marraine.,<a target=\"_blank\" rel=\"nofollow\" href=\"https:\/\/editionsbussiere.com\/blog\/goto\/https:\/\/fr.wikisource.org\/wiki\/L%C3%A9gendes_chr%C3%A9tiennes\/Le_diable_et_la_sainte_Vierge_parrain_et_marraine\"  target=\"_blank\" rel=\"noopener noreferrer nofollow\">Le dossier.<\/a><span><\/span>. Suite sur le prochain article.}<br \/>\n|{L\u00e9gendes chr\u00e9tiennes\/Le diable et la sainte Vierge parrain et marraine.,<a target=\"_blank\" rel=\"nofollow\" href=\"https:\/\/editionsbussiere.com\/blog\/goto\/https:\/\/fr.wikisource.org\/wiki\/L%C3%A9gendes_chr%C3%A9tiennes\/Le_diable_et_la_sainte_Vierge_parrain_et_marraine\"  target=\"_blank\" rel=\"noopener noreferrer nofollow\">Le post d\u2019actualit\u00e9.<\/a><span><\/span>. Suite sur le prochain article.}<br \/>\n|{L\u00e9gendes chr\u00e9tiennes\/Le bon Dieu et la sainte Vierge parrain et marraine.,<a target=\"_blank\" rel=\"nofollow\" href=\"https:\/\/editionsbussiere.com\/blog\/goto\/https:\/\/fr.wikisource.org\/wiki\/L%C3%A9gendes_chr%C3%A9tiennes\/Le_bon_Dieu_et_la_sainte_Vierge_parrain_et_marraine\"  target=\"_blank\" rel=\"noopener noreferrer nofollow\">L\u2019article ICI.<\/a><span><\/span>. Suite sur le prochain article.}<br \/>\n|{L\u00e9gendes chr\u00e9tiennes\/La fille de mauvaise r\u00e9putation qui alla au paradis.,<a target=\"_blank\" rel=\"nofollow\" href=\"https:\/\/editionsbussiere.com\/blog\/goto\/https:\/\/fr.wikisource.org\/wiki\/L%C3%A9gendes_chr%C3%A9tiennes\/La_fille_de_mauvaise_r%C3%A9putation_qui_alla_au_paradis\"  target=\"_blank\" rel=\"noopener noreferrer nofollow\">Ici.<\/a><span><\/span>. Suite sur le prochain article.}<br \/>\n|{L\u00e9gendes chr\u00e9tiennes\/L\u2019ermite Jean Gu\u00e9rin.,<a target=\"_blank\" rel=\"nofollow\" href=\"https:\/\/editionsbussiere.com\/blog\/goto\/https:\/\/fr.wikisource.org\/wiki\/L%C3%A9gendes_chr%C3%A9tiennes\/L%E2%80%99ermite_Jean_Gu%C3%A9rin\"  target=\"_blank\" rel=\"noopener noreferrer nofollow\">L\u2019article ICI.<\/a><span><\/span>}<br \/>\n|{L\u00e9gendes chr\u00e9tiennes\/L\u2019ermite et la berg\u00e8re.,<a target=\"_blank\" rel=\"nofollow\" href=\"https:\/\/editionsbussiere.com\/blog\/goto\/https:\/\/fr.wikisource.org\/wiki\/L%C3%A9gendes_chr%C3%A9tiennes\/L%E2%80%99ermite_et_la_berg%C3%A8re\"  target=\"_blank\" rel=\"noopener noreferrer nofollow\">Le texte de l\u2019article.<\/a><span><\/span>. Suite sur le prochain article.}<br \/>\n|{L\u00e9gendes chr\u00e9tiennes\/Cantique spirituel de saint Corentin.,<a target=\"_blank\" rel=\"nofollow\" href=\"https:\/\/editionsbussiere.com\/blog\/goto\/https:\/\/fr.wikisource.org\/wiki\/L%C3%A9gendes_chr%C3%A9tiennes\/Cantique_spirituel_de_saint_Corentin\"  target=\"_blank\" rel=\"noopener noreferrer nofollow\">Article complet.<\/a><span><\/span>}<br \/>\n|{L\u00e9gendes chr\u00e9tiennes\/Additions et corrections.,<a target=\"_blank\" rel=\"nofollow\" href=\"https:\/\/editionsbussiere.com\/blog\/goto\/https:\/\/fr.wikisource.org\/wiki\/L%C3%A9gendes_chr%C3%A9tiennes\/Additions_et_corrections\"  target=\"_blank\" rel=\"noopener noreferrer nofollow\">Le dossier.<\/a><span><\/span>}<br \/>\n|{L\u00e9gendes chr\u00e9tiennes\/Additions et corrections.,<a target=\"_blank\" rel=\"nofollow\" href=\"https:\/\/editionsbussiere.com\/blog\/goto\/https:\/\/fr.wikisource.org\/wiki\/L%C3%A9gendes_chr%C3%A9tiennes\/Additions_et_corrections\"  target=\"_blank\" rel=\"noopener noreferrer nofollow\">Le texte de l\u2019article.<\/a><span><\/span>}<br \/>\n|{L\u00e9gendes chr\u00e9tiennes.,<a target=\"_blank\" rel=\"nofollow\" href=\"https:\/\/editionsbussiere.com\/blog\/goto\/https:\/\/fr.wikisource.org\/wiki\/L%C3%A9gendes_chr%C3%A9tiennes\"  target=\"_blank\" rel=\"noopener noreferrer nofollow\">Article complet.<\/a><span><\/span>}<br \/>\n|{L\u00e9gendes chr\u00e9tiennes.,<a target=\"_blank\" rel=\"nofollow\" href=\"https:\/\/editionsbussiere.com\/blog\/goto\/https:\/\/fr.wikisource.org\/wiki\/L%C3%A9gendes_chr%C3%A9tiennes\"  target=\"_blank\" rel=\"noopener noreferrer nofollow\">L\u2019article de presse.<\/a><span><\/span>}<br \/>\n|{L\u00e9gendes canadiennes (Rouleau)\/Tome II\/04.,<a target=\"_blank\" rel=\"nofollow\" href=\"https:\/\/editionsbussiere.com\/blog\/goto\/https:\/\/fr.wikisource.org\/wiki\/L%C3%A9gendes_canadiennes_(Rouleau)\/Tome_II\/04\"  target=\"_blank\" rel=\"noopener noreferrer nofollow\">A lire ici.<\/a><span><\/span>}<br \/>\n|{L\u00e9gendes canadiennes\/07.,<a target=\"_blank\" rel=\"nofollow\" href=\"https:\/\/editionsbussiere.com\/blog\/goto\/https:\/\/fr.wikisource.org\/wiki\/L%C3%A9gendes_canadiennes\/07\"  target=\"_blank\" rel=\"noopener noreferrer nofollow\">L\u2019article ICI.<\/a><span><\/span>}<br \/>\n|{L\u2019Art pendant la guerre 1914-1918\/Partie 2\/Chapitre 2.,<a target=\"_blank\" rel=\"nofollow\" href=\"https:\/\/editionsbussiere.com\/blog\/goto\/https:\/\/fr.wikisource.org\/wiki\/L%27Art_pendant_la_guerre_1914-1918\/Partie_2\/Chapitre_2\"  target=\"_blank\" rel=\"noopener noreferrer nofollow\">Article complet.<\/a><span><\/span>}<br \/>\n|{L\u2019ann\u00e9e liturgique (Gu\u00e9ranger, tome1)\/Pr\u00e9face g\u00e9n\u00e9rale.,<a target=\"_blank\" rel=\"nofollow\" href=\"https:\/\/editionsbussiere.com\/blog\/goto\/https:\/\/fr.wikisource.org\/wiki\/L%27ann%C3%A9e_liturgique_(Gu%C3%A9ranger,_tome1)\/Pr%C3%A9face_g%C3%A9n%C3%A9rale\"  target=\"_blank\" rel=\"noopener noreferrer nofollow\">Le texte de l\u2019article.<\/a><span><\/span>. Suite sur le prochain article.}<br \/>\n|{L\u2019ann\u00e9e liturgique (Gu\u00e9ranger, tome1)\/Les Litanies de la tr\u00e8s-sainte Vierge.,<a target=\"_blank\" rel=\"nofollow\" href=\"https:\/\/editionsbussiere.com\/blog\/goto\/https:\/\/fr.wikisource.org\/wiki\/L%27ann%C3%A9e_liturgique_(Gu%C3%A9ranger,_tome1)\/Les_Litanies_de_la_tr%C3%A8s-sainte_Vierge\"  target=\"_blank\" rel=\"noopener noreferrer nofollow\">A lire ici.<\/a><span><\/span>}<br \/>\n|{L\u2019ann\u00e9e liturgique (Gu\u00e9ranger, tome1)\/Chapitre4.,<a target=\"_blank\" rel=\"nofollow\" href=\"https:\/\/editionsbussiere.com\/blog\/goto\/https:\/\/fr.wikisource.org\/wiki\/L%27ann%C3%A9e_liturgique_(Gu%C3%A9ranger,_tome1)\/Chapitre4\"  target=\"_blank\" rel=\"noopener noreferrer nofollow\">Cliquer ICI.<\/a><span><\/span>. Suite sur le prochain article.}<br \/>\n|{L\u2019ann\u00e9e liturgique (Gu\u00e9ranger, tome1)\/Chapitre4.,<a target=\"_blank\" rel=\"nofollow\" href=\"https:\/\/editionsbussiere.com\/blog\/goto\/https:\/\/fr.wikisource.org\/wiki\/L%27ann%C3%A9e_liturgique_(Gu%C3%A9ranger,_tome1)\/Chapitre4\"  target=\"_blank\" rel=\"noopener noreferrer nofollow\">Le dossier.<\/a><span><\/span>. Suite sur le prochain article.}<br \/>\n|{Jours d\u2019Exil, tome III\/\u00c9pilogue.,<a target=\"_blank\" rel=\"nofollow\" href=\"https:\/\/editionsbussiere.com\/blog\/goto\/https:\/\/fr.wikisource.org\/wiki\/Jours_d%E2%80%99Exil,_tome_III\/%C3%89pilogue\"  target=\"_blank\" rel=\"noopener noreferrer nofollow\">L\u2019article de presse.<\/a><span><\/span>}<br \/>\n|{Joies errantes\/Chanson d\u2019autrefois.,<a target=\"_blank\" rel=\"nofollow\" href=\"https:\/\/editionsbussiere.com\/blog\/goto\/https:\/\/fr.wikisource.org\/wiki\/Joies_errantes\/Chanson_d%E2%80%99autrefois\"  target=\"_blank\" rel=\"noopener noreferrer nofollow\">A lire ici.<\/a><span><\/span>. Suite sur le prochain article.}<br \/>\n|{Jeunes filles\/En deuil.,<a target=\"_blank\" rel=\"nofollow\" href=\"https:\/\/editionsbussiere.com\/blog\/goto\/https:\/\/fr.wikisource.org\/wiki\/Jeunes_filles\/En_deuil\"  target=\"_blank\" rel=\"noopener noreferrer nofollow\">Le dossier.<\/a><span><\/span>}<br \/>\n|{Jeanne LeBer, l\u2019adoratrice de J\u00e9sus-Hostie.,<a target=\"_blank\" rel=\"nofollow\" href=\"https:\/\/editionsbussiere.com\/blog\/goto\/https:\/\/fr.wikisource.org\/wiki\/Jeanne_LeBer,_l%E2%80%99adoratrice_de_J%C3%A9sus-Hostie\"  target=\"_blank\" rel=\"noopener noreferrer nofollow\">Le post d\u2019actualit\u00e9.<\/a><span><\/span>. Suite sur le prochain article.}<br \/>\n|{Jeanne d\u2019Arc, hymne \u00e0 la sainte Vierge.,<a target=\"_blank\" rel=\"nofollow\" href=\"https:\/\/editionsbussiere.com\/blog\/goto\/https:\/\/fr.wikisource.org\/wiki\/Jeanne_d%27Arc,_hymne_%C3%A0_la_sainte_Vierge\"  target=\"_blank\" rel=\"noopener noreferrer nofollow\">L\u2019article ICI.<\/a><span><\/span>. Suite sur le prochain article.}<br \/>\n|{Jeanne d\u2019Arc, hymne \u00e0 la sainte Vierge.,<a target=\"_blank\" rel=\"nofollow\" href=\"https:\/\/editionsbussiere.com\/blog\/goto\/https:\/\/fr.wikisource.org\/wiki\/Jeanne_d%27Arc,_hymne_%C3%A0_la_sainte_Vierge\"  target=\"_blank\" rel=\"noopener noreferrer nofollow\">Le post d\u2019actualit\u00e9.<\/a><span><\/span>. Suite sur le prochain article.}<br \/>\n|{Jean Chrysostome\/Qu\u2019il ne faut pas divulguer les d\u00e9fauts de ses fr\u00e8res ni prier pour qu\u2019il arrive du mal \u00e0 ses ennemis.,<a target=\"_blank\" rel=\"nofollow\" href=\"https:\/\/editionsbussiere.com\/blog\/goto\/https:\/\/fr.wikisource.org\/wiki\/Jean_Chrysostome\/Qu%E2%80%99il_ne_faut_pas_divulguer_les_d%C3%A9fauts_de_ses_fr%C3%A8res_ni_prier_pour_qu%27il_arrive_du_mal_%C3%A0_ses_ennemis\"  target=\"_blank\" rel=\"noopener noreferrer nofollow\">Le dossier.<\/a><span><\/span>. Suite sur le prochain article.}<br \/>\n|{Jean Chrysostome\/Qu\u2019il ne faut pas d\u00e9sesp\u00e9rer de soi-m\u00eame ni prier contre ses ennemis.,<a target=\"_blank\" rel=\"nofollow\" href=\"https:\/\/editionsbussiere.com\/blog\/goto\/https:\/\/fr.wikisource.org\/wiki\/Jean_Chrysostome\/Qu%E2%80%99il_ne_faut_pas_d%C3%A9sesp%C3%A9rer_de_soi-m%C3%AAme_ni_prier_contre_ses_ennemis\"  target=\"_blank\" rel=\"noopener noreferrer nofollow\">Ici.<\/a><span><\/span>}<br \/>\n|{Jean Chrysostome\/Hom\u00e9lies du tome II.,<a target=\"_blank\" rel=\"nofollow\" href=\"https:\/\/editionsbussiere.com\/blog\/goto\/https:\/\/fr.wikisource.org\/wiki\/Jean_Chrysostome\/Hom%C3%A9lies_du_tome_II\"  target=\"_blank\" rel=\"noopener noreferrer nofollow\">Ici.<\/a><span><\/span>}<br \/>\n|{Isis (Villiers de L\u2019Isle-Adam)\/\u00e9d. 1862\/Chapitre 06.,<a target=\"_blank\" rel=\"nofollow\" href=\"https:\/\/editionsbussiere.com\/blog\/goto\/https:\/\/fr.wikisource.org\/wiki\/Isis_(Villiers_de_L%E2%80%99Isle-Adam)\/%C3%A9d._1862\/Chapitre_06\"  target=\"_blank\" rel=\"noopener noreferrer nofollow\">Le texte de l\u2019article.<\/a><span><\/span>. Suite sur le prochain article.}<br \/>\n|{Isaac Laquedem\/Vol. 4\/Premi\u00e8re partie\/La R\u00e9surrection.,<a target=\"_blank\" rel=\"nofollow\" href=\"https:\/\/editionsbussiere.com\/blog\/goto\/https:\/\/fr.wikisource.org\/wiki\/Isaac_Laquedem\/Vol._4\/Premi%C3%A8re_partie\/La_R%C3%A9surrection\"  target=\"_blank\" rel=\"noopener noreferrer nofollow\">Le texte de l\u2019article.<\/a><span><\/span>}<br \/>\n|{Isaac Laquedem\/Vol. 3\/Premi\u00e8re partie\/Mater amaritudinis plena.,<a target=\"_blank\" rel=\"nofollow\" href=\"https:\/\/editionsbussiere.com\/blog\/goto\/https:\/\/fr.wikisource.org\/wiki\/Isaac_Laquedem\/Vol._3\/Premi%C3%A8re_partie\/Mater_amaritudinis_plena\"  target=\"_blank\" rel=\"noopener noreferrer nofollow\">Le dossier.<\/a><span><\/span>. Suite sur le prochain article.}<br \/>\n|{Isaac Laquedem\/Vol. 3\/Premi\u00e8re partie\/Ceci est mon corps \u2014 Ceci est mon sang.,<a target=\"_blank\" rel=\"nofollow\" href=\"https:\/\/editionsbussiere.com\/blog\/goto\/https:\/\/fr.wikisource.org\/wiki\/Isaac_Laquedem\/Vol._3\/Premi%C3%A8re_partie\/Ceci_est_mon_corps_%E2%80%94_Ceci_est_mon_sang\"  target=\"_blank\" rel=\"noopener noreferrer nofollow\">Le post d\u2019actualit\u00e9.<\/a><span><\/span>}<br \/>\n|{Isaac Laquedem\/Vol. 2\/Premi\u00e8re partie\/L\u2019\u00c9vangile de l\u2019enfance.,<a target=\"_blank\" rel=\"nofollow\" href=\"https:\/\/editionsbussiere.com\/blog\/goto\/https:\/\/fr.wikisource.org\/wiki\/Isaac_Laquedem\/Vol._2\/Premi%C3%A8re_partie\/L%E2%80%99%C3%89vangile_de_l%E2%80%99enfance\"  target=\"_blank\" rel=\"noopener noreferrer nofollow\">Le texte de l\u2019article.<\/a><span><\/span>}<br \/>\n|{Introduction \u00e0 la vie d\u00e9vote (Brignon)\/Mani\u00e8re de dire d\u00e9votement le Chapelet.,<a target=\"_blank\" rel=\"nofollow\" href=\"https:\/\/editionsbussiere.com\/blog\/goto\/https:\/\/fr.wikisource.org\/wiki\/Introduction_%C3%A0_la_vie_d%C3%A9vote_(Brignon)\/Mani%C3%A8re_de_dire_d%C3%A9votement_le_Chapelet\"  target=\"_blank\" rel=\"noopener noreferrer nofollow\">L\u2019article de presse.<\/a><span><\/span>. Suite sur le prochain article.}<br \/>\n|{Introduction \u00e0 la vie d\u00e9vote (Brignon)\/Mani\u00e8re de dire d\u00e9votement le Chapelet.,<a target=\"_blank\" rel=\"nofollow\" href=\"https:\/\/editionsbussiere.com\/blog\/goto\/https:\/\/fr.wikisource.org\/wiki\/Introduction_%C3%A0_la_vie_d%C3%A9vote_(Brignon)\/Mani%C3%A8re_de_dire_d%C3%A9votement_le_Chapelet\"  target=\"_blank\" rel=\"noopener noreferrer nofollow\">Le dossier.<\/a><span><\/span>. Suite sur le prochain article.}<br \/>\n|{Introduction \u00e0 la vie d\u00e9vote (Boulenger)\/Seconde partie\/17.,<a target=\"_blank\" rel=\"nofollow\" href=\"https:\/\/editionsbussiere.com\/blog\/goto\/https:\/\/fr.wikisource.org\/wiki\/Introduction_%C3%A0_la_vie_d%C3%A9vote_(Boulenger)\/Seconde_partie\/17\"  target=\"_blank\" rel=\"noopener noreferrer nofollow\">A lire ici.<\/a><span><\/span>}<br \/>\n|{Introduction \u00e0 la vie d\u00e9vote (Boulenger)\/Seconde partie\/16.,<a target=\"_blank\" rel=\"nofollow\" href=\"https:\/\/editionsbussiere.com\/blog\/goto\/https:\/\/fr.wikisource.org\/wiki\/Introduction_%C3%A0_la_vie_d%C3%A9vote_(Boulenger)\/Seconde_partie\/16\"  target=\"_blank\" rel=\"noopener noreferrer nofollow\">L\u2019article ICI.<\/a><span><\/span>}<br \/>\n|{Introduction \u00e0 la vie d\u00e9vote (Boulenger)\/Cinqui\u00e8me partie\/02.,<a target=\"_blank\" rel=\"nofollow\" href=\"https:\/\/editionsbussiere.com\/blog\/goto\/https:\/\/fr.wikisource.org\/wiki\/Introduction_%C3%A0_la_vie_d%C3%A9vote_(Boulenger)\/Cinqui%C3%A8me_partie\/02\"  target=\"_blank\" rel=\"noopener noreferrer nofollow\">A lire ici.<\/a><span><\/span>}<br \/>\n|{Imitation de J\u00e9sus-Christ\/Liste des \u00e9ditions collationn\u00e9es.,<a target=\"_blank\" rel=\"nofollow\" href=\"https:\/\/editionsbussiere.com\/blog\/goto\/https:\/\/fr.wikisource.org\/wiki\/Imitation_de_J%C3%A9sus-Christ\/Liste_des_%C3%A9ditions_collationn%C3%A9es\"  target=\"_blank\" rel=\"noopener noreferrer nofollow\">A lire ici.<\/a><span><\/span>. Suite sur le prochain article.}<br \/>\n|{Illuminations (\u00e9d. 1886)\/Chanson de la plus haute tour.,<a target=\"_blank\" rel=\"nofollow\" href=\"https:\/\/editionsbussiere.com\/blog\/goto\/https:\/\/fr.wikisource.org\/wiki\/Illuminations_(%C3%A9d._1886)\/Chanson_de_la_plus_haute_tour\"  target=\"_blank\" rel=\"noopener noreferrer nofollow\">Article complet.<\/a><span><\/span>}<br \/>\n|{Iliade\/Rhapsodie I.,<a target=\"_blank\" rel=\"nofollow\" href=\"https:\/\/editionsbussiere.com\/blog\/goto\/https:\/\/fr.wikisource.org\/wiki\/Iliade\/Rhapsodie_I\"  target=\"_blank\" rel=\"noopener noreferrer nofollow\">A lire ici.<\/a><span><\/span>}<br \/>\n|{Il Pianto \u2013 Po\u00e8mes\/Raphael.,<a target=\"_blank\" rel=\"nofollow\" href=\"https:\/\/editionsbussiere.com\/blog\/goto\/https:\/\/fr.wikisource.org\/wiki\/Il_Pianto_-_Po%C3%A8mes\/Raphael\"  target=\"_blank\" rel=\"noopener noreferrer nofollow\">L\u2019article de presse.<\/a><span><\/span>. Suite sur le prochain article.}<br \/>\n|{Iconologie (Cesare Ripa, 1643)\/I\/Obe\u00ef\u017f\u017fance.,<a target=\"_blank\" rel=\"nofollow\" href=\"https:\/\/editionsbussiere.com\/blog\/goto\/https:\/\/fr.wikisource.org\/wiki\/Iconologie_(Cesare_Ripa,_1643)\/I\/Obe%C3%AF%C5%BF%C5%BFance\"  target=\"_blank\" rel=\"noopener noreferrer nofollow\">Cliquer ICI.<\/a><span><\/span>. Suite sur le prochain article.}<br \/>\n|{Hymnes profanes\/VIII\/\u00c9pilogue symbolique.,<a target=\"_blank\" rel=\"nofollow\" href=\"https:\/\/editionsbussiere.com\/blog\/goto\/https:\/\/fr.wikisource.org\/wiki\/Hymnes_profanes\/VIII\/%C3%89pilogue_symbolique\"  target=\"_blank\" rel=\"noopener noreferrer nofollow\">A lire ici.<\/a><span><\/span>. Suite sur le prochain article.}<br \/>\n|{Hymnes orphiques (traduction Leconte de Lisle).,<a target=\"_blank\" rel=\"nofollow\" href=\"https:\/\/editionsbussiere.com\/blog\/goto\/https:\/\/fr.wikisource.org\/wiki\/Hymnes_orphiques_(traduction_Leconte_de_Lisle)\"  target=\"_blank\" rel=\"noopener noreferrer nofollow\">Le dossier.<\/a><span><\/span>}<br \/>\n|{Hymnes orphiques (Falconnet).,<a target=\"_blank\" rel=\"nofollow\" href=\"https:\/\/editionsbussiere.com\/blog\/goto\/https:\/\/fr.wikisource.org\/wiki\/Hymnes_orphiques_(Falconnet)\"  target=\"_blank\" rel=\"noopener noreferrer nofollow\">Ici.<\/a><span><\/span>}<br \/>\n|{Hymne \u00e0 la Vierge de Vesoul.,<a target=\"_blank\" rel=\"nofollow\" href=\"https:\/\/editionsbussiere.com\/blog\/goto\/https:\/\/fr.wikisource.org\/wiki\/Hymne_%C3%A0_la_Vierge_de_Vesoul\"  target=\"_blank\" rel=\"noopener noreferrer nofollow\">L\u2019article ICI.<\/a><span><\/span>}<br \/>\n|{Hymne \u00e0 la Vierge de Vesoul.,<a target=\"_blank\" rel=\"nofollow\" href=\"https:\/\/editionsbussiere.com\/blog\/goto\/https:\/\/fr.wikisource.org\/wiki\/Hymne_%C3%A0_la_Vierge_de_Vesoul\"  target=\"_blank\" rel=\"noopener noreferrer nofollow\">L\u2019article ICI.<\/a><span><\/span>}<br \/>\n|{Hom\u00e9lies sur les gloires de la Vierge m\u00e8re\/Troisi\u00e8me hom\u00e9lie.,<a target=\"_blank\" rel=\"nofollow\" href=\"https:\/\/editionsbussiere.com\/blog\/goto\/https:\/\/fr.wikisource.org\/wiki\/Hom%C3%A9lies_sur_les_gloires_de_la_Vierge_m%C3%A8re\/Troisi%C3%A8me_hom%C3%A9lie\"  target=\"_blank\" rel=\"noopener noreferrer nofollow\">Le texte de l\u2019article.<\/a><span><\/span>}<br \/>\n|{Hom\u00e9lies sur les gloires de la Vierge m\u00e8re\/Troisi\u00e8me hom\u00e9lie.,<a target=\"_blank\" rel=\"nofollow\" href=\"https:\/\/editionsbussiere.com\/blog\/goto\/https:\/\/fr.wikisource.org\/wiki\/Hom%C3%A9lies_sur_les_gloires_de_la_Vierge_m%C3%A8re\/Troisi%C3%A8me_hom%C3%A9lie\"  target=\"_blank\" rel=\"noopener noreferrer nofollow\">Le post d\u2019actualit\u00e9.<\/a><span><\/span>}<br \/>\n|{Hom\u00e9lies sur les gloires de la Vierge m\u00e8re\/Quatri\u00e8me hom\u00e9lie.,<a target=\"_blank\" rel=\"nofollow\" href=\"https:\/\/editionsbussiere.com\/blog\/goto\/https:\/\/fr.wikisource.org\/wiki\/Hom%C3%A9lies_sur_les_gloires_de_la_Vierge_m%C3%A8re\/Quatri%C3%A8me_hom%C3%A9lie\"  target=\"_blank\" rel=\"noopener noreferrer nofollow\">Article complet.<\/a><span><\/span>}<br \/>\n|{Hom\u00e9lies sur les gloires de la Vierge m\u00e8re\/Quatri\u00e8me hom\u00e9lie.,<a target=\"_blank\" rel=\"nofollow\" href=\"https:\/\/editionsbussiere.com\/blog\/goto\/https:\/\/fr.wikisource.org\/wiki\/Hom%C3%A9lies_sur_les_gloires_de_la_Vierge_m%C3%A8re\/Quatri%C3%A8me_hom%C3%A9lie\"  target=\"_blank\" rel=\"noopener noreferrer nofollow\">Article complet.<\/a><span><\/span>. Suite sur le prochain article.}<br \/>\n|{Hom\u00e9lies sur les gloires de la Vierge m\u00e8re\/Premi\u00e8re hom\u00e9lie.,<a target=\"_blank\" rel=\"nofollow\" href=\"https:\/\/editionsbussiere.com\/blog\/goto\/https:\/\/fr.wikisource.org\/wiki\/Hom%C3%A9lies_sur_les_gloires_de_la_Vierge_m%C3%A8re\/Premi%C3%A8re_hom%C3%A9lie\"  target=\"_blank\" rel=\"noopener noreferrer nofollow\">Le dossier.<\/a><span><\/span>}<br \/>\n|{Hom\u00e9lies sur les gloires de la Vierge m\u00e8re\/Deuxi\u00e8me hom\u00e9lie.,<a target=\"_blank\" rel=\"nofollow\" href=\"https:\/\/editionsbussiere.com\/blog\/goto\/https:\/\/fr.wikisource.org\/wiki\/Hom%C3%A9lies_sur_les_gloires_de_la_Vierge_m%C3%A8re\/Deuxi%C3%A8me_hom%C3%A9lie\"  target=\"_blank\" rel=\"noopener noreferrer nofollow\">Le dossier.<\/a><span><\/span>}<br \/>\n|{Hom\u00e9lies sur les gloires de la Vierge m\u00e8re\/Avertissement.,<a target=\"_blank\" rel=\"nofollow\" href=\"https:\/\/editionsbussiere.com\/blog\/goto\/https:\/\/fr.wikisource.org\/wiki\/Hom%C3%A9lies_sur_les_gloires_de_la_Vierge_m%C3%A8re\/Avertissement\"  target=\"_blank\" rel=\"noopener noreferrer nofollow\">Le post d\u2019actualit\u00e9.<\/a><span><\/span>. Suite sur le prochain article.}<br \/>\n|{Histoires po\u00e9tiques (\u00e9d. 1874)\/La Fleur de la Tombe.,<a target=\"_blank\" rel=\"nofollow\" href=\"https:\/\/editionsbussiere.com\/blog\/goto\/https:\/\/fr.wikisource.org\/wiki\/Histoires_po%C3%A9tiques_(%C3%A9d._1874)\/La_Fleur_de_la_Tombe\"  target=\"_blank\" rel=\"noopener noreferrer nofollow\">L\u2019article de presse.<\/a><span><\/span>. Suite sur le prochain article.}<br \/>\n|{Histoires Indo-Armoricaines.,<a target=\"_blank\" rel=\"nofollow\" href=\"https:\/\/editionsbussiere.com\/blog\/goto\/https:\/\/fr.wikisource.org\/wiki\/Histoires_Indo-Armoricaines\"  target=\"_blank\" rel=\"noopener noreferrer nofollow\">Article complet.<\/a><span><\/span>}<br \/>\n|{Histoires incroyables (Palephate)\/50.,<a target=\"_blank\" rel=\"nofollow\" href=\"https:\/\/editionsbussiere.com\/blog\/goto\/https:\/\/fr.wikisource.org\/wiki\/Histoires_incroyables_(Palephate)\/50\"  target=\"_blank\" rel=\"noopener noreferrer nofollow\">Ici.<\/a><span><\/span>}<br \/>\n|{Histoires des solitaires \u00c9gyptiens\/Histoires 63 \u2013 132.,<a target=\"_blank\" rel=\"nofollow\" href=\"https:\/\/editionsbussiere.com\/blog\/goto\/https:\/\/fr.wikisource.org\/wiki\/Histoires_des_solitaires_%C3%89gyptiens\/Histoires_63_-_132\"  target=\"_blank\" rel=\"noopener noreferrer nofollow\">L\u2019article ICI.<\/a><span><\/span>. Suite sur le prochain article.}<br \/>\n|{Histoire du parlement\/\u00c9dition Garnier\/Chapitre 26.,<a target=\"_blank\" rel=\"nofollow\" href=\"https:\/\/editionsbussiere.com\/blog\/goto\/https:\/\/fr.wikisource.org\/wiki\/Histoire_du_parlement\/%C3%89dition_Garnier\/Chapitre_26\"  target=\"_blank\" rel=\"noopener noreferrer nofollow\">Article complet.<\/a><span><\/span>}<br \/>\n|{Histoire des Ab\u00e9nakis\/2\/20.,<a target=\"_blank\" rel=\"nofollow\" href=\"https:\/\/editionsbussiere.com\/blog\/goto\/https:\/\/fr.wikisource.org\/wiki\/Histoire_des_Ab%C3%A9nakis\/2\/20\"  target=\"_blank\" rel=\"noopener noreferrer nofollow\">Le texte de l\u2019article.<\/a><span><\/span>. Suite sur le prochain article.}<br \/>\n|{Histoire des Ab\u00e9nakis\/2\/05.,<a target=\"_blank\" rel=\"nofollow\" href=\"https:\/\/editionsbussiere.com\/blog\/goto\/https:\/\/fr.wikisource.org\/wiki\/Histoire_des_Ab%C3%A9nakis\/2\/05\"  target=\"_blank\" rel=\"noopener noreferrer nofollow\">Le dossier.<\/a><span><\/span>}<br \/>\n|{Histoire des \u00e9glises et des chapelles de Lyon\/II\/11.,<a target=\"_blank\" rel=\"nofollow\" href=\"https:\/\/editionsbussiere.com\/blog\/goto\/https:\/\/fr.wikisource.org\/wiki\/Histoire_des_%C3%A9glises_et_des_chapelles_de_Lyon\/II\/11\"  target=\"_blank\" rel=\"noopener noreferrer nofollow\">A lire ici.<\/a><span><\/span>}<br \/>\n|{Histoire des \u00e9glises et des chapelles de Lyon\/II\/10.,<a target=\"_blank\" rel=\"nofollow\" href=\"https:\/\/editionsbussiere.com\/blog\/goto\/https:\/\/fr.wikisource.org\/wiki\/Histoire_des_%C3%A9glises_et_des_chapelles_de_Lyon\/II\/10\"  target=\"_blank\" rel=\"noopener noreferrer nofollow\">Article complet.<\/a><span><\/span>}<br \/>\n|{Histoire des \u00e9glises et des chapelles de Lyon\/II\/01.,<a target=\"_blank\" rel=\"nofollow\" href=\"https:\/\/editionsbussiere.com\/blog\/goto\/https:\/\/fr.wikisource.org\/wiki\/Histoire_des_%C3%A9glises_et_des_chapelles_de_Lyon\/II\/01\"  target=\"_blank\" rel=\"noopener noreferrer nofollow\">Article complet.<\/a><span><\/span>}<br \/>\n|{Histoire des \u00e9glises et chapelles de Lyon\/Saint-Pierre-le-Vieux.,<a target=\"_blank\" rel=\"nofollow\" href=\"https:\/\/editionsbussiere.com\/blog\/goto\/https:\/\/fr.wikisource.org\/wiki\/Histoire_des_%C3%A9glises_et_chapelles_de_Lyon\/Saint-Pierre-le-Vieux\"  target=\"_blank\" rel=\"noopener noreferrer nofollow\">L\u2019article de presse.<\/a><span><\/span>. Suite sur le prochain article.}<br \/>\n|{Histoire des \u00e9glises et chapelles de Lyon\/Saint-Eucher.,<a target=\"_blank\" rel=\"nofollow\" href=\"https:\/\/editionsbussiere.com\/blog\/goto\/https:\/\/fr.wikisource.org\/wiki\/Histoire_des_%C3%A9glises_et_chapelles_de_Lyon\/Saint-Eucher\"  target=\"_blank\" rel=\"noopener noreferrer nofollow\">Le dossier.<\/a><span><\/span>. Suite sur le prochain article.}<br \/>\n|{Histoire des \u00e9glises et chapelles de Lyon\/Propagation de la Foi.,<a target=\"_blank\" rel=\"nofollow\" href=\"https:\/\/editionsbussiere.com\/blog\/goto\/https:\/\/fr.wikisource.org\/wiki\/Histoire_des_%C3%A9glises_et_chapelles_de_Lyon\/Propagation_de_la_Foi\"  target=\"_blank\" rel=\"noopener noreferrer nofollow\">A lire ici.<\/a><span><\/span>}<br \/>\n|{Histoire des \u00e9glises et chapelles de Lyon\/Plati\u00e8re.,<a target=\"_blank\" rel=\"nofollow\" href=\"https:\/\/editionsbussiere.com\/blog\/goto\/https:\/\/fr.wikisource.org\/wiki\/Histoire_des_%C3%A9glises_et_chapelles_de_Lyon\/Plati%C3%A8re\"  target=\"_blank\" rel=\"noopener noreferrer nofollow\">Le dossier.<\/a><span><\/span>}<br \/>\n|{Histoire des \u00e9glises et chapelles de Lyon\/Notre-Dame-Saint-Louis.,<a target=\"_blank\" rel=\"nofollow\" href=\"https:\/\/editionsbussiere.com\/blog\/goto\/https:\/\/fr.wikisource.org\/wiki\/Histoire_des_%C3%A9glises_et_chapelles_de_Lyon\/Notre-Dame-Saint-Louis\"  target=\"_blank\" rel=\"noopener noreferrer nofollow\">Ici.<\/a><span><\/span>}<br \/>\n|{Histoire des \u00e9glises et chapelles de Lyon\/Marie-Th\u00e9r\u00e8se.,<a target=\"_blank\" rel=\"nofollow\" href=\"https:\/\/editionsbussiere.com\/blog\/goto\/https:\/\/fr.wikisource.org\/wiki\/Histoire_des_%C3%A9glises_et_chapelles_de_Lyon\/Marie-Th%C3%A9r%C3%A8se\"  target=\"_blank\" rel=\"noopener noreferrer nofollow\">Article complet.<\/a><span><\/span>}<br \/>\n|{Histoire des \u00e9glises et chapelles de Lyon\/Marie-Auxiliatrice.,<a target=\"_blank\" rel=\"nofollow\" href=\"https:\/\/editionsbussiere.com\/blog\/goto\/https:\/\/fr.wikisource.org\/wiki\/Histoire_des_%C3%A9glises_et_chapelles_de_Lyon\/Marie-Auxiliatrice\"  target=\"_blank\" rel=\"noopener noreferrer nofollow\">Article complet.<\/a><span><\/span>}<br \/>\n|{Histoire des \u00e9glises et chapelles de Lyon\/Franciscaines de Sainte-Marie-des-Anges.,<a target=\"_blank\" rel=\"nofollow\" href=\"https:\/\/editionsbussiere.com\/blog\/goto\/https:\/\/fr.wikisource.org\/wiki\/Histoire_des_%C3%A9glises_et_chapelles_de_Lyon\/Franciscaines_de_Sainte-Marie-des-Anges\"  target=\"_blank\" rel=\"noopener noreferrer nofollow\">Ici.<\/a><span><\/span>. Suite sur le prochain article.}<br \/>\n|{Histoire des \u00e9glises et chapelles de Lyon\/Bon-Pasteur.,<a target=\"_blank\" rel=\"nofollow\" href=\"https:\/\/editionsbussiere.com\/blog\/goto\/https:\/\/fr.wikisource.org\/wiki\/Histoire_des_%C3%A9glises_et_chapelles_de_Lyon\/Bon-Pasteur\"  target=\"_blank\" rel=\"noopener noreferrer nofollow\">Ici.<\/a><span><\/span>. Suite sur le prochain article.}<br \/>\n|{Histoire des \u00e9glises et chapelles de Lyon\/B\u00e9chevelin.,<a target=\"_blank\" rel=\"nofollow\" href=\"https:\/\/editionsbussiere.com\/blog\/goto\/https:\/\/fr.wikisource.org\/wiki\/Histoire_des_%C3%A9glises_et_chapelles_de_Lyon\/B%C3%A9chevelin\"  target=\"_blank\" rel=\"noopener noreferrer nofollow\">L\u2019article ICI.<\/a><span><\/span>. Suite sur le prochain article.}<br \/>\n|{Histoire des \u00e9glises et chapelles de Lyon\/Annonciation.,<a target=\"_blank\" rel=\"nofollow\" href=\"https:\/\/editionsbussiere.com\/blog\/goto\/https:\/\/fr.wikisource.org\/wiki\/Histoire_des_%C3%A9glises_et_chapelles_de_Lyon\/Annonciation\"  target=\"_blank\" rel=\"noopener noreferrer nofollow\">A lire ici.<\/a><span><\/span>. Suite sur le prochain article.}<br \/>\n|{Histoire des \u00e9glises et chapelles de Lyon\/\u00c9glise Saint-Joseph.,<a target=\"_blank\" rel=\"nofollow\" href=\"https:\/\/editionsbussiere.com\/blog\/goto\/https:\/\/fr.wikisource.org\/wiki\/Histoire_des_%C3%A9glises_et_chapelles_de_Lyon\/%C3%89glise_Saint-Joseph\"  target=\"_blank\" rel=\"noopener noreferrer nofollow\">Ici.<\/a><span><\/span>. Suite sur le prochain article.}<br \/>\n|{Histoire des \u00e9glises et chapelles de Lyon\/\u00c9glise Notre-Dame-des-Anges.,<a target=\"_blank\" rel=\"nofollow\" href=\"https:\/\/editionsbussiere.com\/blog\/goto\/https:\/\/fr.wikisource.org\/wiki\/Histoire_des_%C3%A9glises_et_chapelles_de_Lyon\/%C3%89glise_Notre-Dame-des-Anges\"  target=\"_blank\" rel=\"noopener noreferrer nofollow\">Le dossier.<\/a><span><\/span>}<br \/>\n|{Histoire de la R\u00e9volution russe (1905-1917)\/Chapitre XXX.,<a target=\"_blank\" rel=\"nofollow\" href=\"https:\/\/editionsbussiere.com\/blog\/goto\/https:\/\/fr.wikisource.org\/wiki\/Histoire_de_la_R%C3%A9volution_russe_(1905-1917)\/Chapitre_XXX\"  target=\"_blank\" rel=\"noopener noreferrer nofollow\">Cliquer ICI.<\/a><span><\/span>. Suite sur le prochain article.}<br \/>\n|{Histoire de l\u2019\u00c9glise de Cor\u00e9e\/Partie 1\/Livre 3\/02.,<a target=\"_blank\" rel=\"nofollow\" href=\"https:\/\/editionsbussiere.com\/blog\/goto\/https:\/\/fr.wikisource.org\/wiki\/Histoire_de_l%E2%80%99%C3%89glise_de_Cor%C3%A9e\/Partie_1\/Livre_3\/02\"  target=\"_blank\" rel=\"noopener noreferrer nofollow\">L\u2019article ICI.<\/a><span><\/span>}<br \/>\n|{Histoire de l\u2019\u00c9glise de Cor\u00e9e\/D\u00e9dicace.,<a target=\"_blank\" rel=\"nofollow\" href=\"https:\/\/editionsbussiere.com\/blog\/goto\/https:\/\/fr.wikisource.org\/wiki\/Histoire_de_l%E2%80%99%C3%89glise_de_Cor%C3%A9e\/D%C3%A9dicace\"  target=\"_blank\" rel=\"noopener noreferrer nofollow\">L\u2019article ICI.<\/a><span><\/span>}<br \/>\n|{Histoire d\u2019une Marie\/p2\/13.,<a target=\"_blank\" rel=\"nofollow\" href=\"https:\/\/editionsbussiere.com\/blog\/goto\/https:\/\/fr.wikisource.org\/wiki\/Histoire_d%E2%80%99une_Marie\/p2\/13\"  target=\"_blank\" rel=\"noopener noreferrer nofollow\">Ici.<\/a><span><\/span>}<br \/>\n|{Histoire d\u2019une Marie\/p2\/08.,<a target=\"_blank\" rel=\"nofollow\" href=\"https:\/\/editionsbussiere.com\/blog\/goto\/https:\/\/fr.wikisource.org\/wiki\/Histoire_d%E2%80%99une_Marie\/p2\/08\"  target=\"_blank\" rel=\"noopener noreferrer nofollow\">Le post d\u2019actualit\u00e9.<\/a><span><\/span>. Suite sur le prochain article.}<br \/>\n|{Histoire d\u2019une Marie\/p2\/08.,<a target=\"_blank\" rel=\"nofollow\" href=\"https:\/\/editionsbussiere.com\/blog\/goto\/https:\/\/fr.wikisource.org\/wiki\/Histoire_d%E2%80%99une_Marie\/p2\/08\"  target=\"_blank\" rel=\"noopener noreferrer nofollow\">A lire ici.<\/a><span><\/span>. Suite sur le prochain article.}<br \/>\n|{Histoire d\u2019une Marie\/p2\/04.,<a target=\"_blank\" rel=\"nofollow\" href=\"https:\/\/editionsbussiere.com\/blog\/goto\/https:\/\/fr.wikisource.org\/wiki\/Histoire_d%E2%80%99une_Marie\/p2\/04\"  target=\"_blank\" rel=\"noopener noreferrer nofollow\">Article complet.<\/a><span><\/span>}<br \/>\n|{Histoire d\u2019une Marie\/p2\/02.,<a target=\"_blank\" rel=\"nofollow\" href=\"https:\/\/editionsbussiere.com\/blog\/goto\/https:\/\/fr.wikisource.org\/wiki\/Histoire_d%E2%80%99une_Marie\/p2\/02\"  target=\"_blank\" rel=\"noopener noreferrer nofollow\">L\u2019article de presse.<\/a><span><\/span>. Suite sur le prochain article.}<br \/>\n|{Herm\u00e8s Trism\u00e9giste (trad. M\u00e9nard)\/Fragments de la Vierge du monde.,<a target=\"_blank\" rel=\"nofollow\" href=\"https:\/\/editionsbussiere.com\/blog\/goto\/https:\/\/fr.wikisource.org\/wiki\/Herm%C3%A8s_Trism%C3%A9giste_(trad._M%C3%A9nard)\/Fragments_de_la_Vierge_du_monde\"  target=\"_blank\" rel=\"noopener noreferrer nofollow\">Le post d\u2019actualit\u00e9.<\/a><span><\/span>. Suite sur le prochain article.}<br \/>\n|{Han d\u2019Islande\/Chapitre XVII.,<a target=\"_blank\" rel=\"nofollow\" href=\"https:\/\/editionsbussiere.com\/blog\/goto\/https:\/\/fr.wikisource.org\/wiki\/Han_d%E2%80%99Islande\/Chapitre_XVII\"  target=\"_blank\" rel=\"noopener noreferrer nofollow\">Cliquer ICI.<\/a><span><\/span>. Suite sur le prochain article.}<br \/>\n|{H\u00e9l\u00e9na (1822)\/La Dryade.,<a target=\"_blank\" rel=\"nofollow\" href=\"https:\/\/editionsbussiere.com\/blog\/goto\/https:\/\/fr.wikisource.org\/wiki\/H%C3%A9l%C3%A9na_(1822)\/La_Dryade\"  target=\"_blank\" rel=\"noopener noreferrer nofollow\">Le texte de l\u2019article.<\/a><span><\/span>. Suite sur le prochain article.}<br \/>\n|{Gustave\/14.,<a target=\"_blank\" rel=\"nofollow\" href=\"https:\/\/editionsbussiere.com\/blog\/goto\/https:\/\/fr.wikisource.org\/wiki\/Gustave\/14\"  target=\"_blank\" rel=\"noopener noreferrer nofollow\">Le texte de l\u2019article.<\/a><span><\/span>}<br \/>\n|{Gustave\/07.,<a target=\"_blank\" rel=\"nofollow\" href=\"https:\/\/editionsbussiere.com\/blog\/goto\/https:\/\/fr.wikisource.org\/wiki\/Gustave\/07\"  target=\"_blank\" rel=\"noopener noreferrer nofollow\">Le post d\u2019actualit\u00e9.<\/a><span><\/span>}<br \/>\n|{Gustave\/05.,<a target=\"_blank\" rel=\"nofollow\" href=\"https:\/\/editionsbussiere.com\/blog\/goto\/https:\/\/fr.wikisource.org\/wiki\/Gustave\/05\"  target=\"_blank\" rel=\"noopener noreferrer nofollow\">Cliquer ICI.<\/a><span><\/span>}<br \/>\n|{Gustave\/02.,<a target=\"_blank\" rel=\"nofollow\" href=\"https:\/\/editionsbussiere.com\/blog\/goto\/https:\/\/fr.wikisource.org\/wiki\/Gustave\/02\"  target=\"_blank\" rel=\"noopener noreferrer nofollow\">Le texte de l\u2019article.<\/a><span><\/span>}<br \/>\n|{Guerre et Paix (trad. Bienstock)\/IX\/17.,<a target=\"_blank\" rel=\"nofollow\" href=\"https:\/\/editionsbussiere.com\/blog\/goto\/https:\/\/fr.wikisource.org\/wiki\/Guerre_et_Paix_(trad._Bienstock)\/IX\/17\"  target=\"_blank\" rel=\"noopener noreferrer nofollow\">Ici.<\/a><span><\/span>}<br \/>\n|{Grand-Louis l\u2019innocent\/12.,<a target=\"_blank\" rel=\"nofollow\" href=\"https:\/\/editionsbussiere.com\/blog\/goto\/https:\/\/fr.wikisource.org\/wiki\/Grand-Louis_l%E2%80%99innocent\/12\"  target=\"_blank\" rel=\"noopener noreferrer nofollow\">Ici.<\/a><span><\/span>. Suite sur le prochain article.}<br \/>\n|{Grand dictionnaire universel du XIXe si\u00e8cle\/Vouevas s. m..,<a target=\"_blank\" rel=\"nofollow\" href=\"https:\/\/editionsbussiere.com\/blog\/goto\/https:\/\/fr.wikisource.org\/wiki\/Grand_dictionnaire_universel_du_XIXe_si%C3%A8cle\/Vouevas_s._m.\"  target=\"_blank\" rel=\"noopener noreferrer nofollow\">Article complet.<\/a><span><\/span>. Suite sur le prochain article.}<br \/>\n|{Grand dictionnaire universel du XIXe si\u00e8cle\/Salette (MIRACLE DE LA).,<a target=\"_blank\" rel=\"nofollow\" href=\"https:\/\/editionsbussiere.com\/blog\/goto\/https:\/\/fr.wikisource.org\/wiki\/Grand_dictionnaire_universel_du_XIXe_si%C3%A8cle\/Salette_(MIRACLE_DE_LA)\"  target=\"_blank\" rel=\"noopener noreferrer nofollow\">L\u2019article ICI.<\/a><span><\/span>}<br \/>\n|{Grand dictionnaire universel du XIXe si\u00e8cle\/MONTMORENCY (Jeanne-Marguerite DE), surnomm\u00e9e la Solitaire des Rochers.,<a target=\"_blank\" rel=\"nofollow\" href=\"https:\/\/editionsbussiere.com\/blog\/goto\/https:\/\/fr.wikisource.org\/wiki\/Grand_dictionnaire_universel_du_XIXe_si%C3%A8cle\/MONTMORENCY_(Jeanne-Marguerite_DE),_surnomm%C3%A9e_la_Solitaire_des_Rochers\"  target=\"_blank\" rel=\"noopener noreferrer nofollow\">Article complet.<\/a><span><\/span>. Suite sur le prochain article.}<br \/>\n|{Grand dictionnaire universel du XIXe si\u00e8cle\/Marie-aux-Bois (ABBAYE DE Sainte-).,<a target=\"_blank\" rel=\"nofollow\" href=\"https:\/\/editionsbussiere.com\/blog\/goto\/https:\/\/fr.wikisource.org\/wiki\/Grand_dictionnaire_universel_du_XIXe_si%C3%A8cle\/Marie-aux-Bois_(ABBAYE_DE_Sainte-)\"  target=\"_blank\" rel=\"noopener noreferrer nofollow\">Article complet.<\/a><span><\/span>}<br \/>\n|{Grand dictionnaire universel du XIXe si\u00e8cle\/Marie, po\u00ebme par Brizeux.,<a target=\"_blank\" rel=\"nofollow\" href=\"https:\/\/editionsbussiere.com\/blog\/goto\/https:\/\/fr.wikisource.org\/wiki\/Grand_dictionnaire_universel_du_XIXe_si%C3%A8cle\/Marie,_po%C3%ABme_par_Brizeux\"  target=\"_blank\" rel=\"noopener noreferrer nofollow\">L\u2019article de presse.<\/a><span><\/span>}<br \/>\n|{Grand dictionnaire universel du XIXe si\u00e8cle\/MARIE, en h\u00e9breu Mirjam, m\u00e8re de J\u00e9sus-Christ.,<a target=\"_blank\" rel=\"nofollow\" href=\"https:\/\/editionsbussiere.com\/blog\/goto\/https:\/\/fr.wikisource.org\/wiki\/Grand_dictionnaire_universel_du_XIXe_si%C3%A8cle\/MARIE,_en_h%C3%A9breu_Mirjam,_m%C3%A8re_de_J%C3%A9sus-Christ\"  target=\"_blank\" rel=\"noopener noreferrer nofollow\">Le texte de l\u2019article.<\/a><span><\/span>. Suite sur le prochain article.}<br \/>\n|{Grand dictionnaire universel du XIXe si\u00e8cle\/joyeux, euse adj..,<a target=\"_blank\" rel=\"nofollow\" href=\"https:\/\/editionsbussiere.com\/blog\/goto\/https:\/\/fr.wikisource.org\/wiki\/Grand_dictionnaire_universel_du_XIXe_si%C3%A8cle\/joyeux,_euse_adj.\"  target=\"_blank\" rel=\"noopener noreferrer nofollow\">Ici.<\/a><span><\/span>}<br \/>\n|{Grand dictionnaire universel du XIXe si\u00e8cle\/Index alphab\u00e9tique \u2013 M.,<a target=\"_blank\" rel=\"nofollow\" href=\"https:\/\/editionsbussiere.com\/blog\/goto\/https:\/\/fr.wikisource.org\/wiki\/Grand_dictionnaire_universel_du_XIXe_si%C3%A8cle\/Index_alphab%C3%A9tique_-_M\"  target=\"_blank\" rel=\"noopener noreferrer nofollow\">A lire ici.<\/a><span><\/span>. Suite sur le prochain article.}<br \/>\n|{Grand dictionnaire universel du XIXe si\u00e8cle\/CATHERINE D\u2019ALEXANDRIE (sainte), martyre.,<a target=\"_blank\" rel=\"nofollow\" href=\"https:\/\/editionsbussiere.com\/blog\/goto\/https:\/\/fr.wikisource.org\/wiki\/Grand_dictionnaire_universel_du_XIXe_si%C3%A8cle\/CATHERINE_D%E2%80%99ALEXANDRIE_(sainte),_martyre\"  target=\"_blank\" rel=\"noopener noreferrer nofollow\">Le texte de l\u2019article.<\/a><span><\/span>}<br \/>\n|{Grand dictionnaire universel du XIXe si\u00e8cle\/Aaim-mariam (suppl\u00e9ment).,<a target=\"_blank\" rel=\"nofollow\" href=\"https:\/\/editionsbussiere.com\/blog\/goto\/https:\/\/fr.wikisource.org\/wiki\/Grand_dictionnaire_universel_du_XIXe_si%C3%A8cle\/Aaim-mariam_(suppl%C3%A9ment)\"  target=\"_blank\" rel=\"noopener noreferrer nofollow\">Cliquer ICI.<\/a><span><\/span>. Suite sur le prochain article.}<br \/>\n|{G\u00e9nie du christianisme\/Partie 4\/Livre 1\/Chapitre XII.,<a target=\"_blank\" rel=\"nofollow\" href=\"https:\/\/editionsbussiere.com\/blog\/goto\/https:\/\/fr.wikisource.org\/wiki\/G%C3%A9nie_du_christianisme\/Partie_4\/Livre_1\/Chapitre_XII\"  target=\"_blank\" rel=\"noopener noreferrer nofollow\">Le dossier.<\/a><span><\/span>. Suite sur le prochain article.}<br \/>\n|{G\u00e9nie du christianisme\/Partie 1\/Livre 1\/Chapitre V.,<a target=\"_blank\" rel=\"nofollow\" href=\"https:\/\/editionsbussiere.com\/blog\/goto\/https:\/\/fr.wikisource.org\/wiki\/G%C3%A9nie_du_christianisme\/Partie_1\/Livre_1\/Chapitre_V\"  target=\"_blank\" rel=\"noopener noreferrer nofollow\">Le dossier.<\/a><span><\/span>. Suite sur le prochain article.}<br \/>\n|{Fra Beato Angelico.,<a target=\"_blank\" rel=\"nofollow\" href=\"https:\/\/editionsbussiere.com\/blog\/goto\/https:\/\/fr.wikisource.org\/wiki\/Fra_Beato_Angelico\"  target=\"_blank\" rel=\"noopener noreferrer nofollow\">Ici.<\/a><span><\/span>. Suite sur le prochain article.}<br \/>\n|{Fleur du clo\u00eetre.,<a target=\"_blank\" rel=\"nofollow\" href=\"https:\/\/editionsbussiere.com\/blog\/goto\/https:\/\/fr.wikisource.org\/wiki\/Fleur_du_clo%C3%AEtre\"  target=\"_blank\" rel=\"noopener noreferrer nofollow\">Ici.<\/a><span><\/span>}<br \/>\n|{Feuerbach \u2013 Qu\u2019est-ce que la Religion ?\/L\u2019essence du Christianisme. \u2014 Chap. VII.,<a target=\"_blank\" rel=\"nofollow\" href=\"https:\/\/editionsbussiere.com\/blog\/goto\/https:\/\/fr.wikisource.org\/wiki\/Feuerbach_-_Qu%27est-ce_que_la_Religion_%3F\/L%E2%80%99essence_du_Christianisme._%E2%80%94_Chap._VII\"  target=\"_blank\" rel=\"noopener noreferrer nofollow\">Article complet.<\/a><span><\/span>}<br \/>\n|{Femmes arabes avant et depuis l\u2019islamisme\/Partie I, chap. III.,<a target=\"_blank\" rel=\"nofollow\" href=\"https:\/\/editionsbussiere.com\/blog\/goto\/https:\/\/fr.wikisource.org\/wiki\/Femmes_arabes_avant_et_depuis_l%E2%80%99islamisme\/Partie_I,_chap._III\"  target=\"_blank\" rel=\"noopener noreferrer nofollow\">Ici.<\/a><span><\/span>}<br \/>\n|{Exposition de la doctrine de l\u2019\u00c9glise catholique orthodoxe\/1884\/Quatri\u00e8me Partie\/IV.,<a target=\"_blank\" rel=\"nofollow\" href=\"https:\/\/editionsbussiere.com\/blog\/goto\/https:\/\/fr.wikisource.org\/wiki\/Exposition_de_la_doctrine_de_l%E2%80%99%C3%89glise_catholique_orthodoxe\/1884\/Quatri%C3%A8me_Partie\/IV\"  target=\"_blank\" rel=\"noopener noreferrer nofollow\">Le texte de l\u2019article.<\/a><span><\/span>}<br \/>\n|{Exposition de la doctrine de l\u2019\u00c9glise catholique orthodoxe\/1884\/Quatri\u00e8me Partie\/III.,<a target=\"_blank\" rel=\"nofollow\" href=\"https:\/\/editionsbussiere.com\/blog\/goto\/https:\/\/fr.wikisource.org\/wiki\/Exposition_de_la_doctrine_de_l%E2%80%99%C3%89glise_catholique_orthodoxe\/1884\/Quatri%C3%A8me_Partie\/III\"  target=\"_blank\" rel=\"noopener noreferrer nofollow\">Cliquer ICI.<\/a><span><\/span>}<br \/>\n|{Exposition de la doctrine de l\u2019\u00c9glise catholique orthodoxe\/1884\/Quatri\u00e8me Partie\/II.,<a target=\"_blank\" rel=\"nofollow\" href=\"https:\/\/editionsbussiere.com\/blog\/goto\/https:\/\/fr.wikisource.org\/wiki\/Exposition_de_la_doctrine_de_l%E2%80%99%C3%89glise_catholique_orthodoxe\/1884\/Quatri%C3%A8me_Partie\/II\"  target=\"_blank\" rel=\"noopener noreferrer nofollow\">Ici.<\/a><span><\/span>}<br \/>\n|{Exposition de la doctrine de l\u2019\u00c9glise catholique orthodoxe\/1884\/Premi\u00e8re Partie\/Les dogmes de l\u2019\u00c9glise orthodoxe.,<a target=\"_blank\" rel=\"nofollow\" href=\"https:\/\/editionsbussiere.com\/blog\/goto\/https:\/\/fr.wikisource.org\/wiki\/Exposition_de_la_doctrine_de_l%E2%80%99%C3%89glise_catholique_orthodoxe\/1884\/Premi%C3%A8re_Partie\/Les_dogmes_de_l%E2%80%99%C3%89glise_orthodoxe\"  target=\"_blank\" rel=\"noopener noreferrer nofollow\">Ici.<\/a><span><\/span>}<br \/>\n|{Exposition de la doctrine de l\u2019\u00c9glise catholique orthodoxe\/1884\/Premi\u00e8re Partie\/III.,<a target=\"_blank\" rel=\"nofollow\" href=\"https:\/\/editionsbussiere.com\/blog\/goto\/https:\/\/fr.wikisource.org\/wiki\/Exposition_de_la_doctrine_de_l%E2%80%99%C3%89glise_catholique_orthodoxe\/1884\/Premi%C3%A8re_Partie\/III\"  target=\"_blank\" rel=\"noopener noreferrer nofollow\">Le texte de l\u2019article.<\/a><span><\/span>}<br \/>\n|{Exposition de la doctrine de l\u2019\u00c9glise catholique orthodoxe\/1884\/Deuxi\u00e8me Partie\/II.,<a target=\"_blank\" rel=\"nofollow\" href=\"https:\/\/editionsbussiere.com\/blog\/goto\/https:\/\/fr.wikisource.org\/wiki\/Exposition_de_la_doctrine_de_l%E2%80%99%C3%89glise_catholique_orthodoxe\/1884\/Deuxi%C3%A8me_Partie\/II\"  target=\"_blank\" rel=\"noopener noreferrer nofollow\">Le texte de l\u2019article.<\/a><span><\/span>}<br \/>\n|{Exposition de la doctrine de l\u2019\u00c9glise catholique orthodoxe\/1866\/Premi\u00e8re Partie\/Le symbole de la foi.,<a target=\"_blank\" rel=\"nofollow\" href=\"https:\/\/editionsbussiere.com\/blog\/goto\/https:\/\/fr.wikisource.org\/wiki\/Exposition_de_la_doctrine_de_l%E2%80%99%C3%89glise_catholique_orthodoxe\/1866\/Premi%C3%A8re_Partie\/Le_symbole_de_la_foi\"  target=\"_blank\" rel=\"noopener noreferrer nofollow\">Le dossier.<\/a><span><\/span>. Suite sur le prochain article.}<br \/>\n|{Exorcismus in Satanam et angelos apostaticos.,<a target=\"_blank\" rel=\"nofollow\" href=\"https:\/\/editionsbussiere.com\/blog\/goto\/https:\/\/fr.wikisource.org\/wiki\/Exorcismus_in_Satanam_et_angelos_apostaticos\"  target=\"_blank\" rel=\"noopener noreferrer nofollow\">L\u2019article ICI.<\/a><span><\/span>}<br \/>\n|{Exorcismus in Satanam et angelos apostaticos.,<a target=\"_blank\" rel=\"nofollow\" href=\"https:\/\/editionsbussiere.com\/blog\/goto\/https:\/\/fr.wikisource.org\/wiki\/Exorcismus_in_Satanam_et_angelos_apostaticos\"  target=\"_blank\" rel=\"noopener noreferrer nofollow\">Le post d\u2019actualit\u00e9.<\/a><span><\/span>}<br \/>\n|{Examen important de Milord Bolingbroke\/\u00c9dition Garnier\/Chapitre 15.,<a target=\"_blank\" rel=\"nofollow\" href=\"https:\/\/editionsbussiere.com\/blog\/goto\/https:\/\/fr.wikisource.org\/wiki\/Examen_important_de_Milord_Bolingbroke\/%C3%89dition_Garnier\/Chapitre_15\"  target=\"_blank\" rel=\"noopener noreferrer nofollow\">Ici.<\/a><span><\/span>. Suite sur le prochain article.}<br \/>\n|{Ex\u00e9g\u00e8se des Lieux Communs\/013.,<a target=\"_blank\" rel=\"nofollow\" href=\"https:\/\/editionsbussiere.com\/blog\/goto\/https:\/\/fr.wikisource.org\/wiki\/Ex%C3%A9g%C3%A8se_des_Lieux_Communs\/013\"  target=\"_blank\" rel=\"noopener noreferrer nofollow\">Le post d\u2019actualit\u00e9.<\/a><span><\/span>}<br \/>\n|{Evangile des douze Apotres (1904).,<a target=\"_blank\" rel=\"nofollow\" href=\"https:\/\/editionsbussiere.com\/blog\/goto\/https:\/\/fr.wikisource.org\/wiki\/Evangile_des_douze_Apotres_(1904)\"  target=\"_blank\" rel=\"noopener noreferrer nofollow\">Le texte de l\u2019article.<\/a><span><\/span>. Suite sur le prochain article.}<br \/>\n|{Essais sur le g\u00e9nie de Pindare\/18.,<a target=\"_blank\" rel=\"nofollow\" href=\"https:\/\/editionsbussiere.com\/blog\/goto\/https:\/\/fr.wikisource.org\/wiki\/Essais_sur_le_g%C3%A9nie_de_Pindare\/18\"  target=\"_blank\" rel=\"noopener noreferrer nofollow\">Le texte de l\u2019article.<\/a><span><\/span>}<br \/>\n|{Essai sur les m\u0153urs\/Chapitre 129.,<a target=\"_blank\" rel=\"nofollow\" href=\"https:\/\/editionsbussiere.com\/blog\/goto\/https:\/\/fr.wikisource.org\/wiki\/Essai_sur_les_m%C5%93urs\/Chapitre_129\"  target=\"_blank\" rel=\"noopener noreferrer nofollow\">Le post d\u2019actualit\u00e9.<\/a><span><\/span>}<br \/>\n|{Enfants trouv\u00e9es.,<a target=\"_blank\" rel=\"nofollow\" href=\"https:\/\/editionsbussiere.com\/blog\/goto\/https:\/\/fr.wikisource.org\/wiki\/Enfants_trouv%C3%A9es\"  target=\"_blank\" rel=\"noopener noreferrer nofollow\">Le post d\u2019actualit\u00e9.<\/a><span><\/span>}<br \/>\n|{Encyclop\u00e9die anarchiste\/Pri\u00e8re \u2013 Prise.,<a target=\"_blank\" rel=\"nofollow\" href=\"https:\/\/editionsbussiere.com\/blog\/goto\/https:\/\/fr.wikisource.org\/wiki\/Encyclop%C3%A9die_anarchiste\/Pri%C3%A8re_-_Prise\"  target=\"_blank\" rel=\"noopener noreferrer nofollow\">L\u2019article ICI.<\/a><span><\/span>}<br \/>\n|{En ribouldinguant\/La fausse blasph\u00e9matrice.,<a target=\"_blank\" rel=\"nofollow\" href=\"https:\/\/editionsbussiere.com\/blog\/goto\/https:\/\/fr.wikisource.org\/wiki\/En_ribouldinguant\/La_fausse_blasph%C3%A9matrice\"  target=\"_blank\" rel=\"noopener noreferrer nofollow\">Le dossier.<\/a><span><\/span>}<br \/>\n|{Dupleix et l\u2019Inde fran\u00e7aise\/1\/11.,<a target=\"_blank\" rel=\"nofollow\" href=\"https:\/\/editionsbussiere.com\/blog\/goto\/https:\/\/fr.wikisource.org\/wiki\/Dupleix_et_l%E2%80%99Inde_fran%C3%A7aise\/1\/11\"  target=\"_blank\" rel=\"noopener noreferrer nofollow\">Le dossier.<\/a><span><\/span>}<br \/>\n|{Du Symbole.,<a target=\"_blank\" rel=\"nofollow\" href=\"https:\/\/editionsbussiere.com\/blog\/goto\/https:\/\/fr.wikisource.org\/wiki\/Du_Symbole\"  target=\"_blank\" rel=\"noopener noreferrer nofollow\">Le texte de l\u2019article.<\/a><span><\/span>. Suite sur le prochain article.}<br \/>\n|{Dieu et patrie\/15.,<a target=\"_blank\" rel=\"nofollow\" href=\"https:\/\/editionsbussiere.com\/blog\/goto\/https:\/\/fr.wikisource.org\/wiki\/Dieu_et_patrie\/15\"  target=\"_blank\" rel=\"noopener noreferrer nofollow\">Le dossier.<\/a><span><\/span>}<br \/>\n|{Dieu et patrie\/15.,<a target=\"_blank\" rel=\"nofollow\" href=\"https:\/\/editionsbussiere.com\/blog\/goto\/https:\/\/fr.wikisource.org\/wiki\/Dieu_et_patrie\/15\"  target=\"_blank\" rel=\"noopener noreferrer nofollow\">L\u2019article de presse.<\/a><span><\/span>}<br \/>\n|{Dictionnaire wallon-fran\u00e7ais (Remacle, 1e \u00e9d.)\/Abattmain.,<a target=\"_blank\" rel=\"nofollow\" href=\"https:\/\/editionsbussiere.com\/blog\/goto\/https:\/\/fr.wikisource.org\/wiki\/Dictionnaire_wallon-fran%C3%A7ais_(Remacle,_1e_%C3%A9d.)\/Abattmain\"  target=\"_blank\" rel=\"noopener noreferrer nofollow\">Le texte de l\u2019article.<\/a><span><\/span>}<br \/>\n|{Dictionnaire raisonn\u00e9 de l\u2019architecture fran\u00e7aise du XIe au XVIe si\u00e8cle\/Vierge (sainte).,<a target=\"_blank\" rel=\"nofollow\" href=\"https:\/\/editionsbussiere.com\/blog\/goto\/https:\/\/fr.wikisource.org\/wiki\/Dictionnaire_raisonn%C3%A9_de_l%E2%80%99architecture_fran%C3%A7aise_du_XIe_au_XVIe_si%C3%A8cle\/Vierge_(sainte)\"  target=\"_blank\" rel=\"noopener noreferrer nofollow\">Article complet.<\/a><span><\/span>}<br \/>\n|{Dictionnaire raisonn\u00e9 de l\u2019architecture fran\u00e7aise du XIe au XVIe si\u00e8cle\/Dieu.,<a target=\"_blank\" rel=\"nofollow\" href=\"https:\/\/editionsbussiere.com\/blog\/goto\/https:\/\/fr.wikisource.org\/wiki\/Dictionnaire_raisonn%C3%A9_de_l%E2%80%99architecture_fran%C3%A7aise_du_XIe_au_XVIe_si%C3%A8cle\/Dieu\"  target=\"_blank\" rel=\"noopener noreferrer nofollow\">L\u2019article ICI.<\/a><span><\/span>}<br \/>\n|{Dictionnaire pratique et historique de la musique\/Stabat mater.,<a target=\"_blank\" rel=\"nofollow\" href=\"https:\/\/editionsbussiere.com\/blog\/goto\/https:\/\/fr.wikisource.org\/wiki\/Dictionnaire_pratique_et_historique_de_la_musique\/Stabat_mater\"  target=\"_blank\" rel=\"noopener noreferrer nofollow\">Le texte de l\u2019article.<\/a><span><\/span>}<br \/>\n|{Dictionnaire pratique et historique de la musique\/Complies.,<a target=\"_blank\" rel=\"nofollow\" href=\"https:\/\/editionsbussiere.com\/blog\/goto\/https:\/\/fr.wikisource.org\/wiki\/Dictionnaire_pratique_et_historique_de_la_musique\/Complies\"  target=\"_blank\" rel=\"noopener noreferrer nofollow\">Article complet.<\/a><span><\/span>}<br \/>\n|{Dictionnaire philosophique\/Garnier (1878)\/Superstition.,<a target=\"_blank\" rel=\"nofollow\" href=\"https:\/\/editionsbussiere.com\/blog\/goto\/https:\/\/fr.wikisource.org\/wiki\/Dictionnaire_philosophique\/Garnier_(1878)\/Superstition\"  target=\"_blank\" rel=\"noopener noreferrer nofollow\">A lire ici.<\/a><span><\/span>. Suite sur le prochain article.}<br \/>\n|{Dictionnaire philosophique\/Garnier (1878)\/Providence.,<a target=\"_blank\" rel=\"nofollow\" href=\"https:\/\/editionsbussiere.com\/blog\/goto\/https:\/\/fr.wikisource.org\/wiki\/Dictionnaire_philosophique\/Garnier_(1878)\/Providence\"  target=\"_blank\" rel=\"noopener noreferrer nofollow\">A lire ici.<\/a><span><\/span>}<br \/>\n|{Dictionnaire philosophique\/Garnier (1878)\/Oraison.,<a target=\"_blank\" rel=\"nofollow\" href=\"https:\/\/editionsbussiere.com\/blog\/goto\/https:\/\/fr.wikisource.org\/wiki\/Dictionnaire_philosophique\/Garnier_(1878)\/Oraison\"  target=\"_blank\" rel=\"noopener noreferrer nofollow\">Cliquer ICI.<\/a><span><\/span>. Suite sur le prochain article.}<br \/>\n|{Dictionnaire philosophique\/Garnier (1878)\/Missions.,<a target=\"_blank\" rel=\"nofollow\" href=\"https:\/\/editionsbussiere.com\/blog\/goto\/https:\/\/fr.wikisource.org\/wiki\/Dictionnaire_philosophique\/Garnier_(1878)\/Missions\"  target=\"_blank\" rel=\"noopener noreferrer nofollow\">Cliquer ICI.<\/a><span><\/span>. Suite sur le prochain article.}<br \/>\n|{Dictionnaire philosophique\/Garnier (1878)\/Ignace de Loyola.,<a target=\"_blank\" rel=\"nofollow\" href=\"https:\/\/editionsbussiere.com\/blog\/goto\/https:\/\/fr.wikisource.org\/wiki\/Dictionnaire_philosophique\/Garnier_(1878)\/Ignace_de_Loyola\"  target=\"_blank\" rel=\"noopener noreferrer nofollow\">L\u2019article de presse.<\/a><span><\/span>. Suite sur le prochain article.}<br \/>\n|{Dictionnaire philosophique\/Garnier (1878)\/G\u00e9n\u00e9alogie.,<a target=\"_blank\" rel=\"nofollow\" href=\"https:\/\/editionsbussiere.com\/blog\/goto\/https:\/\/fr.wikisource.org\/wiki\/Dictionnaire_philosophique\/Garnier_(1878)\/G%C3%A9n%C3%A9alogie\"  target=\"_blank\" rel=\"noopener noreferrer nofollow\">Cliquer ICI.<\/a><span><\/span>}<br \/>\n|{Dictionnaire infernal\/6e \u00e9d., 1863\/Lesp\u00e8ce.,<a target=\"_blank\" rel=\"nofollow\" href=\"https:\/\/editionsbussiere.com\/blog\/goto\/https:\/\/fr.wikisource.org\/wiki\/Dictionnaire_infernal\/6e_%C3%A9d.,_1863\/Lesp%C3%A8ce\"  target=\"_blank\" rel=\"noopener noreferrer nofollow\">L\u2019article ICI.<\/a><span><\/span>}<br \/>\n|{Dictionnaire infernal\/6e \u00e9d., 1863\/Index alphab\u00e9tique \u2013 P.,<a target=\"_blank\" rel=\"nofollow\" href=\"https:\/\/editionsbussiere.com\/blog\/goto\/https:\/\/fr.wikisource.org\/wiki\/Dictionnaire_infernal\/6e_%C3%A9d.,_1863\/Index_alphab%C3%A9tique_-_P\"  target=\"_blank\" rel=\"noopener noreferrer nofollow\">Le dossier.<\/a><span><\/span>}<br \/>\n|{Dictionnaire infernal\/6e \u00e9d., 1863\/Homme noir.,<a target=\"_blank\" rel=\"nofollow\" href=\"https:\/\/editionsbussiere.com\/blog\/goto\/https:\/\/fr.wikisource.org\/wiki\/Dictionnaire_infernal\/6e_%C3%A9d.,_1863\/Homme_noir\"  target=\"_blank\" rel=\"noopener noreferrer nofollow\">L\u2019article ICI.<\/a><span><\/span>}<br \/>\n|{Dictionnaire infernal\/6e \u00e9d., 1863\/Cercles magiques.,<a target=\"_blank\" rel=\"nofollow\" href=\"https:\/\/editionsbussiere.com\/blog\/goto\/https:\/\/fr.wikisource.org\/wiki\/Dictionnaire_infernal\/6e_%C3%A9d.,_1863\/Cercles_magiques\"  target=\"_blank\" rel=\"noopener noreferrer nofollow\">Cliquer ICI.<\/a><span><\/span>. Suite sur le prochain article.}<br \/>\n|{Dictionnaire infernal\/6e \u00e9d., 1863\/Astrologie.,<a target=\"_blank\" rel=\"nofollow\" href=\"https:\/\/editionsbussiere.com\/blog\/goto\/https:\/\/fr.wikisource.org\/wiki\/Dictionnaire_infernal\/6e_%C3%A9d.,_1863\/Astrologie\"  target=\"_blank\" rel=\"noopener noreferrer nofollow\">L\u2019article ICI.<\/a><span><\/span>}<br \/>\n|{Dictionnaire infernal\/6e \u00e9d., 1863\/Ananisapta.,<a target=\"_blank\" rel=\"nofollow\" href=\"https:\/\/editionsbussiere.com\/blog\/goto\/https:\/\/fr.wikisource.org\/wiki\/Dictionnaire_infernal\/6e_%C3%A9d.,_1863\/Ananisapta\"  target=\"_blank\" rel=\"noopener noreferrer nofollow\">L\u2019article de presse.<\/a><span><\/span>}<br \/>\n|{Dictionnaire infernal\/6e \u00e9d., 1863\/Albert le Grand.,<a target=\"_blank\" rel=\"nofollow\" href=\"https:\/\/editionsbussiere.com\/blog\/goto\/https:\/\/fr.wikisource.org\/wiki\/Dictionnaire_infernal\/6e_%C3%A9d.,_1863\/Albert_le_Grand\"  target=\"_blank\" rel=\"noopener noreferrer nofollow\">Le texte de l\u2019article.<\/a><span><\/span>. Suite sur le prochain article.}<br \/>\n|{Dictionnaire historique et critique\/11e \u00e9d., 1820\/N\u00e9ph\u00e8s Ogli.,<a target=\"_blank\" rel=\"nofollow\" href=\"https:\/\/editionsbussiere.com\/blog\/goto\/https:\/\/fr.wikisource.org\/wiki\/Dictionnaire_historique_et_critique\/11e_%C3%A9d.,_1820\/N%C3%A9ph%C3%A8s_Ogli\"  target=\"_blank\" rel=\"noopener noreferrer nofollow\">L\u2019article de presse.<\/a><span><\/span>}<br \/>\n|{Dictionnaire historique et critique\/11e \u00e9d., 1820\/Anne.,<a target=\"_blank\" rel=\"nofollow\" href=\"https:\/\/editionsbussiere.com\/blog\/goto\/https:\/\/fr.wikisource.org\/wiki\/Dictionnaire_historique_et_critique\/11e_%C3%A9d.,_1820\/Anne\"  target=\"_blank\" rel=\"noopener noreferrer nofollow\">Article complet.<\/a><span><\/span>. Suite sur le prochain article.}<br \/>\n|{Dictionnaire historique et critique\/11e \u00e9d., 1820\/Agreda.,<a target=\"_blank\" rel=\"nofollow\" href=\"https:\/\/editionsbussiere.com\/blog\/goto\/https:\/\/fr.wikisource.org\/wiki\/Dictionnaire_historique_et_critique\/11e_%C3%A9d.,_1820\/Agreda\"  target=\"_blank\" rel=\"noopener noreferrer nofollow\">Le post d\u2019actualit\u00e9.<\/a><span><\/span>. Suite sur le prochain article.}<br \/>\n|{Dictionnaire historique de Feller\/Nlle \u00e9d., 1818\/Sannazare (jacques).,<a target=\"_blank\" rel=\"nofollow\" href=\"https:\/\/editionsbussiere.com\/blog\/goto\/https:\/\/fr.wikisource.org\/wiki\/Dictionnaire_historique_de_Feller\/Nlle_%C3%A9d.,_1818\/Sannazare_(jacques)\"  target=\"_blank\" rel=\"noopener noreferrer nofollow\">L\u2019article ICI.<\/a><span><\/span>. Suite sur le prochain article.}<br \/>\n|{Dictionnaire des proverbes (Quitard)\/vierges.,<a target=\"_blank\" rel=\"nofollow\" href=\"https:\/\/editionsbussiere.com\/blog\/goto\/https:\/\/fr.wikisource.org\/wiki\/Dictionnaire_des_proverbes_(Quitard)\/vierges\"  target=\"_blank\" rel=\"noopener noreferrer nofollow\">Article complet.<\/a><span><\/span>. Suite sur le prochain article.}<br \/>\n|{Dictionnaire des proverbes (Quitard)\/soldat.,<a target=\"_blank\" rel=\"nofollow\" href=\"https:\/\/editionsbussiere.com\/blog\/goto\/https:\/\/fr.wikisource.org\/wiki\/Dictionnaire_des_proverbes_(Quitard)\/soldat\"  target=\"_blank\" rel=\"noopener noreferrer nofollow\">Le post d\u2019actualit\u00e9.<\/a><span><\/span>. Suite sur le prochain article.}<br \/>\n|{Dictionnaire des proverbes (Quitard)\/alleluia.,<a target=\"_blank\" rel=\"nofollow\" href=\"https:\/\/editionsbussiere.com\/blog\/goto\/https:\/\/fr.wikisource.org\/wiki\/Dictionnaire_des_proverbes_(Quitard)\/alleluia\"  target=\"_blank\" rel=\"noopener noreferrer nofollow\">L\u2019article de presse.<\/a><span><\/span>}<br \/>\n|{Dictionnaire des proverbes (Quitard).,<a target=\"_blank\" rel=\"nofollow\" href=\"https:\/\/editionsbussiere.com\/blog\/goto\/https:\/\/fr.wikisource.org\/wiki\/Dictionnaire_des_proverbes_(Quitard)\"  target=\"_blank\" rel=\"noopener noreferrer nofollow\">Le dossier.<\/a><span><\/span>. Suite sur le prochain article.}<br \/>\n|{Dictionnaire de Tr\u00e9voux\/6e \u00e9dition, 1771\/Tome 2\/061-070.,<a target=\"_blank\" rel=\"nofollow\" href=\"https:\/\/editionsbussiere.com\/blog\/goto\/https:\/\/fr.wikisource.org\/wiki\/Dictionnaire_de_Tr%C3%A9voux\/6e_%C3%A9dition,_1771\/Tome_2\/061-070\"  target=\"_blank\" rel=\"noopener noreferrer nofollow\">Article complet.<\/a><span><\/span>}<br \/>\n|{Dictionnaire de Tr\u00e9voux\/6e \u00e9dition, 1771\/CULTE.,<a target=\"_blank\" rel=\"nofollow\" href=\"https:\/\/editionsbussiere.com\/blog\/goto\/https:\/\/fr.wikisource.org\/wiki\/Dictionnaire_de_Tr%C3%A9voux\/6e_%C3%A9dition,_1771\/CULTE\"  target=\"_blank\" rel=\"noopener noreferrer nofollow\">Article complet.<\/a><span><\/span>}<br \/>\n|{Dictionnaire de Tr\u00e9voux\/6e \u00e9dition, 1771\/CONS\u00c9CRATION.,<a target=\"_blank\" rel=\"nofollow\" href=\"https:\/\/editionsbussiere.com\/blog\/goto\/https:\/\/fr.wikisource.org\/wiki\/Dictionnaire_de_Tr%C3%A9voux\/6e_%C3%A9dition,_1771\/CONS%C3%89CRATION\"  target=\"_blank\" rel=\"noopener noreferrer nofollow\">Le dossier.<\/a><span><\/span>}<br \/>\n|{Dictionnaire de Tr\u00e9voux\/6e \u00e9dition, 1771\/CONFALON.,<a target=\"_blank\" rel=\"nofollow\" href=\"https:\/\/editionsbussiere.com\/blog\/goto\/https:\/\/fr.wikisource.org\/wiki\/Dictionnaire_de_Tr%C3%A9voux\/6e_%C3%A9dition,_1771\/CONFALON\"  target=\"_blank\" rel=\"noopener noreferrer nofollow\">A lire ici.<\/a><span><\/span>. Suite sur le prochain article.}<br \/>\n|{Dictionnaire de Tr\u00e9voux\/6e \u00e9dition, 1771\/CONCEPTION.,<a target=\"_blank\" rel=\"nofollow\" href=\"https:\/\/editionsbussiere.com\/blog\/goto\/https:\/\/fr.wikisource.org\/wiki\/Dictionnaire_de_Tr%C3%A9voux\/6e_%C3%A9dition,_1771\/CONCEPTION\"  target=\"_blank\" rel=\"noopener noreferrer nofollow\">L\u2019article ICI.<\/a><span><\/span>. Suite sur le prochain article.}<br \/>\n|{Dictionnaire de Tr\u00e9voux\/6e \u00e9dition, 1771\/CONCEPTION.,<a target=\"_blank\" rel=\"nofollow\" href=\"https:\/\/editionsbussiere.com\/blog\/goto\/https:\/\/fr.wikisource.org\/wiki\/Dictionnaire_de_Tr%C3%A9voux\/6e_%C3%A9dition,_1771\/CONCEPTION\"  target=\"_blank\" rel=\"noopener noreferrer nofollow\">Le dossier.<\/a><span><\/span>. Suite sur le prochain article.}<br \/>\n|{Dictionnaire de Tr\u00e9voux\/6e \u00e9dition, 1771\/COLLYRIDIEN.,<a target=\"_blank\" rel=\"nofollow\" href=\"https:\/\/editionsbussiere.com\/blog\/goto\/https:\/\/fr.wikisource.org\/wiki\/Dictionnaire_de_Tr%C3%A9voux\/6e_%C3%A9dition,_1771\/COLLYRIDIEN\"  target=\"_blank\" rel=\"noopener noreferrer nofollow\">Ici.<\/a><span><\/span>. Suite sur le prochain article.}<br \/>\n|{Dictionnaire de Tr\u00e9voux\/6e \u00e9dition, 1771\/CHAPELET.,<a target=\"_blank\" rel=\"nofollow\" href=\"https:\/\/editionsbussiere.com\/blog\/goto\/https:\/\/fr.wikisource.org\/wiki\/Dictionnaire_de_Tr%C3%A9voux\/6e_%C3%A9dition,_1771\/CHAPELET\"  target=\"_blank\" rel=\"noopener noreferrer nofollow\">L\u2019article ICI.<\/a><span><\/span>}<br \/>\n|{Dictionnaire de Tr\u00e9voux\/6e \u00e9dition, 1771\/CARME.,<a target=\"_blank\" rel=\"nofollow\" href=\"https:\/\/editionsbussiere.com\/blog\/goto\/https:\/\/fr.wikisource.org\/wiki\/Dictionnaire_de_Tr%C3%A9voux\/6e_%C3%A9dition,_1771\/CARME\"  target=\"_blank\" rel=\"noopener noreferrer nofollow\">Le post d\u2019actualit\u00e9.<\/a><span><\/span>}<br \/>\n|{Dictionnaire de Tr\u00e9voux\/6e \u00e9dition, 1771\/BR\u00c9VIAIRE.,<a target=\"_blank\" rel=\"nofollow\" href=\"https:\/\/editionsbussiere.com\/blog\/goto\/https:\/\/fr.wikisource.org\/wiki\/Dictionnaire_de_Tr%C3%A9voux\/6e_%C3%A9dition,_1771\/BR%C3%89VIAIRE\"  target=\"_blank\" rel=\"noopener noreferrer nofollow\">L\u2019article de presse.<\/a><span><\/span>}<br \/>\n|{Dictionnaire de Tr\u00e9voux\/6e \u00e9dition, 1771\/BIENHEUREUX.,<a target=\"_blank\" rel=\"nofollow\" href=\"https:\/\/editionsbussiere.com\/blog\/goto\/https:\/\/fr.wikisource.org\/wiki\/Dictionnaire_de_Tr%C3%A9voux\/6e_%C3%A9dition,_1771\/BIENHEUREUX\"  target=\"_blank\" rel=\"noopener noreferrer nofollow\">L\u2019article ICI.<\/a><span><\/span>}<br \/>\n|{Dictionnaire de Tr\u00e9voux\/6e \u00e9dition, 1771\/BENO\u00ceT.,<a target=\"_blank\" rel=\"nofollow\" href=\"https:\/\/editionsbussiere.com\/blog\/goto\/https:\/\/fr.wikisource.org\/wiki\/Dictionnaire_de_Tr%C3%A9voux\/6e_%C3%A9dition,_1771\/BENO%C3%8ET\"  target=\"_blank\" rel=\"noopener noreferrer nofollow\">Le post d\u2019actualit\u00e9.<\/a><span><\/span>}<br \/>\n|{Dictionnaire de Tr\u00e9voux\/6e \u00e9dition, 1771\/B\u00c9NIR.,<a target=\"_blank\" rel=\"nofollow\" href=\"https:\/\/editionsbussiere.com\/blog\/goto\/https:\/\/fr.wikisource.org\/wiki\/Dictionnaire_de_Tr%C3%A9voux\/6e_%C3%A9dition,_1771\/B%C3%89NIR\"  target=\"_blank\" rel=\"noopener noreferrer nofollow\">Ici.<\/a><span><\/span>}<br \/>\n|{Dictionnaire de Tr\u00e9voux\/6e \u00e9dition, 1771\/AVE.,<a target=\"_blank\" rel=\"nofollow\" href=\"https:\/\/editionsbussiere.com\/blog\/goto\/https:\/\/fr.wikisource.org\/wiki\/Dictionnaire_de_Tr%C3%A9voux\/6e_%C3%A9dition,_1771\/AVE\"  target=\"_blank\" rel=\"noopener noreferrer nofollow\">Article complet.<\/a><span><\/span>}<br \/>\n|{Dictionnaire de Tr\u00e9voux\/6e \u00e9dition, 1771\/AV\u00c9 MARIA.,<a target=\"_blank\" rel=\"nofollow\" href=\"https:\/\/editionsbussiere.com\/blog\/goto\/https:\/\/fr.wikisource.org\/wiki\/Dictionnaire_de_Tr%C3%A9voux\/6e_%C3%A9dition,_1771\/AV%C3%89_MARIA\"  target=\"_blank\" rel=\"noopener noreferrer nofollow\">Le post d\u2019actualit\u00e9.<\/a><span><\/span>}<br \/>\n|{Dictionnaire de Tr\u00e9voux\/6e \u00e9dition, 1771\/ANGELUS.,<a target=\"_blank\" rel=\"nofollow\" href=\"https:\/\/editionsbussiere.com\/blog\/goto\/https:\/\/fr.wikisource.org\/wiki\/Dictionnaire_de_Tr%C3%A9voux\/6e_%C3%A9dition,_1771\/ANGELUS\"  target=\"_blank\" rel=\"noopener noreferrer nofollow\">Le post d\u2019actualit\u00e9.<\/a><span><\/span>}<br \/>\n}<\/p>\n<p>{{Dictionnaire de Tr\u00e9voux\/6e \u00e9dition, 1771\/AL\u00c9GRESSE.,<a target=\"_blank\" rel=\"nofollow\" href=\"https:\/\/editionsbussiere.com\/blog\/goto\/https:\/\/fr.wikisource.org\/wiki\/Dictionnaire_de_Tr%C3%A9voux\/6e_%C3%A9dition,_1771\/AL%C3%89GRESSE\"  target=\"_blank\" rel=\"noopener noreferrer nofollow\">L\u2019article ICI.<\/a><span><\/span>}<br \/>\n|{Dictionnaire de th\u00e9ologie catholique\/Tome 9.2 : MABILLON \u2013 MARLETTA.,<a target=\"_blank\" rel=\"nofollow\" href=\"https:\/\/editionsbussiere.com\/blog\/goto\/https:\/\/fr.wikisource.org\/wiki\/Dictionnaire_de_th%C3%A9ologie_catholique\/Tome_9.2_:_MABILLON_-_MARLETTA\"  target=\"_blank\" rel=\"noopener noreferrer nofollow\">Le texte de l\u2019article.<\/a><span><\/span>}<br \/>\n|{Dictionnaire de th\u00e9ologie catholique\/Tome 3.2 : CONSTANTINOPLE \u2013 CZEPANSKI.,<a target=\"_blank\" rel=\"nofollow\" href=\"https:\/\/editionsbussiere.com\/blog\/goto\/https:\/\/fr.wikisource.org\/wiki\/Dictionnaire_de_th%C3%A9ologie_catholique\/Tome_3.2_:_CONSTANTINOPLE_-_CZEPANSKI\"  target=\"_blank\" rel=\"noopener noreferrer nofollow\">L\u2019article ICI.<\/a><span><\/span>. Suite sur le prochain article.}<br \/>\n|{Dictionnaire de th\u00e9ologie catholique\/Tome 1.2 : APOLINAIRE \u2013 AZZONI.,<a target=\"_blank\" rel=\"nofollow\" href=\"https:\/\/editionsbussiere.com\/blog\/goto\/https:\/\/fr.wikisource.org\/wiki\/Dictionnaire_de_th%C3%A9ologie_catholique\/Tome_1.2_:_APOLINAIRE_-_AZZONI\"  target=\"_blank\" rel=\"noopener noreferrer nofollow\">Le texte de l\u2019article.<\/a><span><\/span>}<br \/>\n|{Dictionnaire de th\u00e9ologie catholique\/PRI\u00c8RE .VII. Que peut-on demander et pour qui ?.,<a target=\"_blank\" rel=\"nofollow\" href=\"https:\/\/editionsbussiere.com\/blog\/goto\/https:\/\/fr.wikisource.org\/wiki\/Dictionnaire_de_th%C3%A9ologie_catholique\/PRI%C3%88RE_.VII._Que_peut-on_demander_et_pour_qui_%3F\"  target=\"_blank\" rel=\"noopener noreferrer nofollow\">Article complet.<\/a><span><\/span>. Suite sur le prochain article.}<br \/>\n|{Dictionnaire de th\u00e9ologie catholique\/PRI\u00c8RE .VI. Qui peut-on prier ?.,<a target=\"_blank\" rel=\"nofollow\" href=\"https:\/\/editionsbussiere.com\/blog\/goto\/https:\/\/fr.wikisource.org\/wiki\/Dictionnaire_de_th%C3%A9ologie_catholique\/PRI%C3%88RE_.VI._Qui_peut-on_prier_%3F\"  target=\"_blank\" rel=\"noopener noreferrer nofollow\">Le texte de l\u2019article.<\/a><span><\/span>. Suite sur le prochain article.}<br \/>\n|{Dictionnaire de th\u00e9ologie catholique\/ORIENTALE (MESSE) IV. La messe dans le rit alexandrin.,<a target=\"_blank\" rel=\"nofollow\" href=\"https:\/\/editionsbussiere.com\/blog\/goto\/https:\/\/fr.wikisource.org\/wiki\/Dictionnaire_de_th%C3%A9ologie_catholique\/ORIENTALE_(MESSE)_IV._La_messe_dans_le_rit_alexandrin\"  target=\"_blank\" rel=\"noopener noreferrer nofollow\">Cliquer ICI.<\/a><span><\/span>}<br \/>\n|{Dictionnaire de th\u00e9ologie catholique\/ORIENTALE (MESSE) III. La messe dans le rit byzantin.,<a target=\"_blank\" rel=\"nofollow\" href=\"https:\/\/editionsbussiere.com\/blog\/goto\/https:\/\/fr.wikisource.org\/wiki\/Dictionnaire_de_th%C3%A9ologie_catholique\/ORIENTALE_(MESSE)_III._La_messe_dans_le_rit_byzantin\"  target=\"_blank\" rel=\"noopener noreferrer nofollow\">L\u2019article ICI.<\/a><span><\/span>}<br \/>\n|{Dictionnaire de th\u00e9ologie catholique\/ORIENTALE (MESSE) II. La messe dans le rit antiochien.,<a target=\"_blank\" rel=\"nofollow\" href=\"https:\/\/editionsbussiere.com\/blog\/goto\/https:\/\/fr.wikisource.org\/wiki\/Dictionnaire_de_th%C3%A9ologie_catholique\/ORIENTALE_(MESSE)_II._La_messe_dans_le_rit_antiochien\"  target=\"_blank\" rel=\"noopener noreferrer nofollow\">Cliquer ICI.<\/a><span><\/span>}<br \/>\n|{Dictionnaire de th\u00e9ologie catholique\/OLIER Jean-Jacques III. Doctrine.,<a target=\"_blank\" rel=\"nofollow\" href=\"https:\/\/editionsbussiere.com\/blog\/goto\/https:\/\/fr.wikisource.org\/wiki\/Dictionnaire_de_th%C3%A9ologie_catholique\/OLIER_Jean-Jacques_III._Doctrine\"  target=\"_blank\" rel=\"noopener noreferrer nofollow\">Cliquer ICI.<\/a><span><\/span>. Suite sur le prochain article.}<br \/>\n|{Dictionnaire de th\u00e9ologie catholique\/NESTORIENNE (Eglise) XIV. Liturgie des Eglises nestorienne et chald\u00e9enne.,<a target=\"_blank\" rel=\"nofollow\" href=\"https:\/\/editionsbussiere.com\/blog\/goto\/https:\/\/fr.wikisource.org\/wiki\/Dictionnaire_de_th%C3%A9ologie_catholique\/NESTORIENNE_(Eglise)_XIV._Liturgie_des_Eglises_nestorienne_et_chald%C3%A9enne\"  target=\"_blank\" rel=\"noopener noreferrer nofollow\">A lire ici.<\/a><span><\/span>. Suite sur le prochain article.}<br \/>\n|{Dictionnaire de th\u00e9ologie catholique\/MESSE VIII. La messe dans la liturgie 2. L\u2019anaphore de S\u00e9rapion.,<a target=\"_blank\" rel=\"nofollow\" href=\"https:\/\/editionsbussiere.com\/blog\/goto\/https:\/\/fr.wikisource.org\/wiki\/Dictionnaire_de_th%C3%A9ologie_catholique\/MESSE_VIII._La_messe_dans_la_liturgie_2._L%27anaphore_de_S%C3%A9rapion\"  target=\"_blank\" rel=\"noopener noreferrer nofollow\">Le dossier.<\/a><span><\/span>}<br \/>\n|{Dictionnaire de th\u00e9ologie catholique\/MARIE I. Privil\u00e8ges essentiels de la Vierge Marie II. M\u00e9diation universelle de Marie en vertu de sa maternit\u00e9 divine.,<a target=\"_blank\" rel=\"nofollow\" href=\"https:\/\/editionsbussiere.com\/blog\/goto\/https:\/\/fr.wikisource.org\/wiki\/Dictionnaire_de_th%C3%A9ologie_catholique\/MARIE_I._Privil%C3%A8ges_essentiels_de_la_Vierge_Marie_II._M%C3%A9diation_universelle_de_Marie_en_vertu_de_sa_maternit%C3%A9_divine\"  target=\"_blank\" rel=\"noopener noreferrer nofollow\">A lire ici.<\/a><span><\/span>}<br \/>\n|{Dictionnaire de th\u00e9ologie catholique\/MARIE I. Privil\u00e8ges essentiels de la Vierge Marie II. M\u00e9diation universelle de Marie en vertu de sa maternit\u00e9 divine.,<a target=\"_blank\" rel=\"nofollow\" href=\"https:\/\/editionsbussiere.com\/blog\/goto\/https:\/\/fr.wikisource.org\/wiki\/Dictionnaire_de_th%C3%A9ologie_catholique\/MARIE_I._Privil%C3%A8ges_essentiels_de_la_Vierge_Marie_II._M%C3%A9diation_universelle_de_Marie_en_vertu_de_sa_maternit%C3%A9_divine\"  target=\"_blank\" rel=\"noopener noreferrer nofollow\">A lire ici.<\/a><span><\/span>}<br \/>\n|{Dictionnaire de th\u00e9ologie catholique\/MARIE I. Privil\u00e8ges essentiels de la Vierge Marie I. Maternit\u00e9 divine et virginit\u00e9.,<a target=\"_blank\" rel=\"nofollow\" href=\"https:\/\/editionsbussiere.com\/blog\/goto\/https:\/\/fr.wikisource.org\/wiki\/Dictionnaire_de_th%C3%A9ologie_catholique\/MARIE_I._Privil%C3%A8ges_essentiels_de_la_Vierge_Marie_I._Maternit%C3%A9_divine_et_virginit%C3%A9\"  target=\"_blank\" rel=\"noopener noreferrer nofollow\">Article complet.<\/a><span><\/span>}<br \/>\n|{Dictionnaire de th\u00e9ologie catholique\/MARIE I. Privil\u00e8ges essentiels de la Vierge Marie I. Maternit\u00e9 divine et virginit\u00e9.,<a target=\"_blank\" rel=\"nofollow\" href=\"https:\/\/editionsbussiere.com\/blog\/goto\/https:\/\/fr.wikisource.org\/wiki\/Dictionnaire_de_th%C3%A9ologie_catholique\/MARIE_I._Privil%C3%A8ges_essentiels_de_la_Vierge_Marie_I._Maternit%C3%A9_divine_et_virginit%C3%A9\"  target=\"_blank\" rel=\"noopener noreferrer nofollow\">Article complet.<\/a><span><\/span>. Suite sur le prochain article.}<br \/>\n|{Dictionnaire de th\u00e9ologie catholique\/MARIE.,<a target=\"_blank\" rel=\"nofollow\" href=\"https:\/\/editionsbussiere.com\/blog\/goto\/https:\/\/fr.wikisource.org\/wiki\/Dictionnaire_de_th%C3%A9ologie_catholique\/MARIE\"  target=\"_blank\" rel=\"noopener noreferrer nofollow\">Le texte de l\u2019article.<\/a><span><\/span>. Suite sur le prochain article.}<br \/>\n|{Dictionnaire de th\u00e9ologie catholique\/Marie.,<a target=\"_blank\" rel=\"nofollow\" href=\"https:\/\/editionsbussiere.com\/blog\/goto\/https:\/\/fr.wikisource.org\/wiki\/Dictionnaire_de_th%C3%A9ologie_catholique\/Marie\"  target=\"_blank\" rel=\"noopener noreferrer nofollow\">Le texte de l\u2019article.<\/a><span><\/span>}<br \/>\n|{Dictionnaire de th\u00e9ologie catholique\/MARIE.,<a target=\"_blank\" rel=\"nofollow\" href=\"https:\/\/editionsbussiere.com\/blog\/goto\/https:\/\/fr.wikisource.org\/wiki\/Dictionnaire_de_th%C3%A9ologie_catholique\/MARIE\"  target=\"_blank\" rel=\"noopener noreferrer nofollow\">A lire ici.<\/a><span><\/span>. Suite sur le prochain article.}<br \/>\n|{Dictionnaire de th\u00e9ologie catholique\/J\u00c9SUS-CHRIST III. J\u00e9sus-Christ et le dogme catholique 2. Au III\u00e8 si\u00e8cle.,<a target=\"_blank\" rel=\"nofollow\" href=\"https:\/\/editionsbussiere.com\/blog\/goto\/https:\/\/fr.wikisource.org\/wiki\/Dictionnaire_de_th%C3%A9ologie_catholique\/J%C3%89SUS-CHRIST_III._J%C3%A9sus-Christ_et_le_dogme_catholique_2._Au_III%C3%A8_si%C3%A8cle\"  target=\"_blank\" rel=\"noopener noreferrer nofollow\">L\u2019article de presse.<\/a><span><\/span>}<br \/>\n|{Dictionnaire de th\u00e9ologie catholique\/IMMACUL\u00c9E CONCEPTION IV. Dans l\u2019Eglise latine apr\u00e8s le concile d\u2019Eph\u00e8se. V.Apr\u00e8s la d\u00e9finition : amis et ennemis.,<a target=\"_blank\" rel=\"nofollow\" href=\"https:\/\/editionsbussiere.com\/blog\/goto\/https:\/\/fr.wikisource.org\/wiki\/Dictionnaire_de_th%C3%A9ologie_catholique\/IMMACUL%C3%89E_CONCEPTION_IV._Dans_l%27Eglise_latine_apr%C3%A8s_le_concile_d%27Eph%C3%A8se._V.Apr%C3%A8s_la_d%C3%A9finition_:_amis_et_ennemis\"  target=\"_blank\" rel=\"noopener noreferrer nofollow\">Ici.<\/a><span><\/span>. Suite sur le prochain article.}<br \/>\n|{Dictionnaire de th\u00e9ologie catholique\/IMMACUL\u00c9E CONCEPTION IV. Dans l\u2019Eglise latine apr\u00e8s le concile d\u2019Eph\u00e8se. IV.D\u00e9finition par Pie IX ; bulle Ineffabilis Deus.,<a target=\"_blank\" rel=\"nofollow\" href=\"https:\/\/editionsbussiere.com\/blog\/goto\/https:\/\/fr.wikisource.org\/wiki\/Dictionnaire_de_th%C3%A9ologie_catholique\/IMMACUL%C3%89E_CONCEPTION_IV._Dans_l%27Eglise_latine_apr%C3%A8s_le_concile_d%27Eph%C3%A8se._IV.D%C3%A9finition_par_Pie_IX_;_bulle_Ineffabilis_Deus\"  target=\"_blank\" rel=\"noopener noreferrer nofollow\">L\u2019article de presse.<\/a><span><\/span>}<br \/>\n|{Dictionnaire de th\u00e9ologie catholique\/IMMACUL\u00c9E CONCEPTION IV. Dans l\u2019Eglise latine apr\u00e8s le concile d\u2019Eph\u00e8se. IV.D\u00e9finition par Pie IX ; bulle Ineffabilis Deus.,<a target=\"_blank\" rel=\"nofollow\" href=\"https:\/\/editionsbussiere.com\/blog\/goto\/https:\/\/fr.wikisource.org\/wiki\/Dictionnaire_de_th%C3%A9ologie_catholique\/IMMACUL%C3%89E_CONCEPTION_IV._Dans_l%27Eglise_latine_apr%C3%A8s_le_concile_d%27Eph%C3%A8se._IV.D%C3%A9finition_par_Pie_IX_;_bulle_Ineffabilis_Deus\"  target=\"_blank\" rel=\"noopener noreferrer nofollow\">Le post d\u2019actualit\u00e9.<\/a><span><\/span>}<br \/>\n|{Dictionnaire de th\u00e9ologie catholique\/IMMACUL\u00c9E CONCEPTION IV. Dans l\u2019Eglise latine apr\u00e8s le concile d\u2019Eph\u00e8se. III.Du concile de B\u00e2le au XIX\u00e8 si\u00e8cle.,<a target=\"_blank\" rel=\"nofollow\" href=\"https:\/\/editionsbussiere.com\/blog\/goto\/https:\/\/fr.wikisource.org\/wiki\/Dictionnaire_de_th%C3%A9ologie_catholique\/IMMACUL%C3%89E_CONCEPTION_IV._Dans_l%27Eglise_latine_apr%C3%A8s_le_concile_d%27Eph%C3%A8se._III.Du_concile_de_B%C3%A2le_au_XIX%C3%A8_si%C3%A8cle\"  target=\"_blank\" rel=\"noopener noreferrer nofollow\">L\u2019article de presse.<\/a><span><\/span>}<br \/>\n|{Dictionnaire de th\u00e9ologie catholique\/IMMACUL\u00c9E CONCEPTION IV. Dans l\u2019Eglise latine apr\u00e8s le concile d\u2019Eph\u00e8se. III.Du concile de B\u00e2le au XIX\u00e8 si\u00e8cle.,<a target=\"_blank\" rel=\"nofollow\" href=\"https:\/\/editionsbussiere.com\/blog\/goto\/https:\/\/fr.wikisource.org\/wiki\/Dictionnaire_de_th%C3%A9ologie_catholique\/IMMACUL%C3%89E_CONCEPTION_IV._Dans_l%27Eglise_latine_apr%C3%A8s_le_concile_d%27Eph%C3%A8se._III.Du_concile_de_B%C3%A2le_au_XIX%C3%A8_si%C3%A8cle\"  target=\"_blank\" rel=\"noopener noreferrer nofollow\">Le texte de l\u2019article.<\/a><span><\/span>}<br \/>\n|{Dictionnaire de th\u00e9ologie catholique\/IMMACUL\u00c9E CONCEPTION IV. Dans l\u2019Eglise latine apr\u00e8s le concile d\u2019Eph\u00e8se. II.Du milieu du XI\u00e8 si\u00e8cle au concile de B\u00e2le (1439).,<a target=\"_blank\" rel=\"nofollow\" href=\"https:\/\/editionsbussiere.com\/blog\/goto\/https:\/\/fr.wikisource.org\/wiki\/Dictionnaire_de_th%C3%A9ologie_catholique\/IMMACUL%C3%89E_CONCEPTION_IV._Dans_l%27Eglise_latine_apr%C3%A8s_le_concile_d%27Eph%C3%A8se._II.Du_milieu_du_XI%C3%A8_si%C3%A8cle_au_concile_de_B%C3%A2le_(1439)\"  target=\"_blank\" rel=\"noopener noreferrer nofollow\">Article complet.<\/a><span><\/span>}<br \/>\n|{Dictionnaire de th\u00e9ologie catholique\/IMMACUL\u00c9E CONCEPTION IV. Dans l\u2019Eglise latine apr\u00e8s le concile d\u2019Eph\u00e8se. I.D\u2019Eph\u00e8se au milieu du XI\u00e8 si\u00e8cle.,<a target=\"_blank\" rel=\"nofollow\" href=\"https:\/\/editionsbussiere.com\/blog\/goto\/https:\/\/fr.wikisource.org\/wiki\/Dictionnaire_de_th%C3%A9ologie_catholique\/IMMACUL%C3%89E_CONCEPTION_IV._Dans_l%27Eglise_latine_apr%C3%A8s_le_concile_d%27Eph%C3%A8se._I.D%27Eph%C3%A8se_au_milieu_du_XI%C3%A8_si%C3%A8cle\"  target=\"_blank\" rel=\"noopener noreferrer nofollow\">Cliquer ICI.<\/a><span><\/span>}<br \/>\n|{Dictionnaire de th\u00e9ologie catholique\/IMMACUL\u00c9E CONCEPTION IV. Dans l\u2019Eglise latine apr\u00e8s le concile d\u2019Eph\u00e8se. I.D\u2019Eph\u00e8se au milieu du XI\u00e8 si\u00e8cle.,<a target=\"_blank\" rel=\"nofollow\" href=\"https:\/\/editionsbussiere.com\/blog\/goto\/https:\/\/fr.wikisource.org\/wiki\/Dictionnaire_de_th%C3%A9ologie_catholique\/IMMACUL%C3%89E_CONCEPTION_IV._Dans_l%27Eglise_latine_apr%C3%A8s_le_concile_d%27Eph%C3%A8se._I.D%27Eph%C3%A8se_au_milieu_du_XI%C3%A8_si%C3%A8cle\"  target=\"_blank\" rel=\"noopener noreferrer nofollow\">Le post d\u2019actualit\u00e9.<\/a><span><\/span>. Suite sur le prochain article.}<br \/>\n|{Dictionnaire de th\u00e9ologie catholique\/IMMACUL\u00c9E CONCEPTION III. Dans les Eglises nestoriennes et monophysites.,<a target=\"_blank\" rel=\"nofollow\" href=\"https:\/\/editionsbussiere.com\/blog\/goto\/https:\/\/fr.wikisource.org\/wiki\/Dictionnaire_de_th%C3%A9ologie_catholique\/IMMACUL%C3%89E_CONCEPTION_III._Dans_les_Eglises_nestoriennes_et_monophysites\"  target=\"_blank\" rel=\"noopener noreferrer nofollow\">Cliquer ICI.<\/a><span><\/span>. Suite sur le prochain article.}<br \/>\n|{Dictionnaire de th\u00e9ologie catholique\/IMMACUL\u00c9E CONCEPTION II. Dans l\u2019Eglise grecque apr\u00e8s le concile d\u2019Eph\u00e8se. V La croyance \u00e0 l\u2019immacul\u00e9e conception dans l\u2019Eglise gr\u00e9co-russe \u00e0 partir du XVI\u00e8 si\u00e8cle.,<a target=\"_blank\" rel=\"nofollow\" href=\"https:\/\/editionsbussiere.com\/blog\/goto\/https:\/\/fr.wikisource.org\/wiki\/Dictionnaire_de_th%C3%A9ologie_catholique\/IMMACUL%C3%89E_CONCEPTION_II._Dans_l%27Eglise_grecque_apr%C3%A8s_le_concile_d%27Eph%C3%A8se._V_La_croyance_%C3%A0_l%27immacul%C3%A9e_conception_dans_l%27Eglise_gr%C3%A9co-russe_%C3%A0_partir_du_XVI%C3%A8_si%C3%A8cle\"  target=\"_blank\" rel=\"noopener noreferrer nofollow\">Le post d\u2019actualit\u00e9.<\/a><span><\/span>}<br \/>\n|{Dictionnaire de th\u00e9ologie catholique\/IMMACUL\u00c9E CONCEPTION II. Dans l\u2019Eglise grecque apr\u00e8s le concile d\u2019Eph\u00e8se. IV La f\u00eate de la Conception; les textes liturgiques.,<a target=\"_blank\" rel=\"nofollow\" href=\"https:\/\/editionsbussiere.com\/blog\/goto\/https:\/\/fr.wikisource.org\/wiki\/Dictionnaire_de_th%C3%A9ologie_catholique\/IMMACUL%C3%89E_CONCEPTION_II._Dans_l%27Eglise_grecque_apr%C3%A8s_le_concile_d%27Eph%C3%A8se._IV_La_f%C3%AAte_de_la_Conception;_les_textes_liturgiques\"  target=\"_blank\" rel=\"noopener noreferrer nofollow\">L\u2019article ICI.<\/a><span><\/span>}<br \/>\n|{Dictionnaire de th\u00e9ologie catholique\/IMMACUL\u00c9E CONCEPTION II. Dans l\u2019Eglise grecque apr\u00e8s le concile d\u2019Eph\u00e8se. III Doctrine des byzantins du XI\u00e8 au XV\u00e8 si\u00e8cle.,<a target=\"_blank\" rel=\"nofollow\" href=\"https:\/\/editionsbussiere.com\/blog\/goto\/https:\/\/fr.wikisource.org\/wiki\/Dictionnaire_de_th%C3%A9ologie_catholique\/IMMACUL%C3%89E_CONCEPTION_II._Dans_l%27Eglise_grecque_apr%C3%A8s_le_concile_d%27Eph%C3%A8se._III_Doctrine_des_byzantins_du_XI%C3%A8_au_XV%C3%A8_si%C3%A8cle\"  target=\"_blank\" rel=\"noopener noreferrer nofollow\">Cliquer ICI.<\/a><span><\/span>}<br \/>\n|{Dictionnaire de th\u00e9ologie catholique\/IMMACUL\u00c9E CONCEPTION II. Dans l\u2019Eglise grecque apr\u00e8s le concile d\u2019Eph\u00e8se. III Doctrine des byzantins du XI\u00e8 au XV\u00e8 si\u00e8cle.,<a target=\"_blank\" rel=\"nofollow\" href=\"https:\/\/editionsbussiere.com\/blog\/goto\/https:\/\/fr.wikisource.org\/wiki\/Dictionnaire_de_th%C3%A9ologie_catholique\/IMMACUL%C3%89E_CONCEPTION_II._Dans_l%27Eglise_grecque_apr%C3%A8s_le_concile_d%27Eph%C3%A8se._III_Doctrine_des_byzantins_du_XI%C3%A8_au_XV%C3%A8_si%C3%A8cle\"  target=\"_blank\" rel=\"noopener noreferrer nofollow\">L\u2019article de presse.<\/a><span><\/span>}<br \/>\n|{Dictionnaire de th\u00e9ologie catholique\/IMMACUL\u00c9E CONCEPTION II. Dans l\u2019Eglise grecque apr\u00e8s le concile d\u2019Eph\u00e8se. II Du concile d\u2019Eph\u00e8se \u00e0 Michel C\u00e9rulaire.,<a target=\"_blank\" rel=\"nofollow\" href=\"https:\/\/editionsbussiere.com\/blog\/goto\/https:\/\/fr.wikisource.org\/wiki\/Dictionnaire_de_th%C3%A9ologie_catholique\/IMMACUL%C3%89E_CONCEPTION_II._Dans_l%27Eglise_grecque_apr%C3%A8s_le_concile_d%27Eph%C3%A8se._II_Du_concile_d%27Eph%C3%A8se_%C3%A0_Michel_C%C3%A9rulaire\"  target=\"_blank\" rel=\"noopener noreferrer nofollow\">Le texte de l\u2019article.<\/a><span><\/span>}<br \/>\n|{Dictionnaire de th\u00e9ologie catholique\/IMMACUL\u00c9E CONCEPTION II. Dans l\u2019Eglise grecque apr\u00e8s le concile d\u2019Eph\u00e8se. II Du concile d\u2019Eph\u00e8se \u00e0 Michel C\u00e9rulaire.,<a target=\"_blank\" rel=\"nofollow\" href=\"https:\/\/editionsbussiere.com\/blog\/goto\/https:\/\/fr.wikisource.org\/wiki\/Dictionnaire_de_th%C3%A9ologie_catholique\/IMMACUL%C3%89E_CONCEPTION_II._Dans_l%27Eglise_grecque_apr%C3%A8s_le_concile_d%27Eph%C3%A8se._II_Du_concile_d%27Eph%C3%A8se_%C3%A0_Michel_C%C3%A9rulaire\"  target=\"_blank\" rel=\"noopener noreferrer nofollow\">L\u2019article de presse.<\/a><span><\/span>. Suite sur le prochain article.}<br \/>\n|{Dictionnaire de th\u00e9ologie catholique\/IMMACUL\u00c9E CONCEPTION I. Dans l\u2019Ecriture et la tradition jusqu\u2019au concile d\u2019Eph\u00e8se III.En Occident et en Orient jusqu\u2019au concile d\u2019Eph\u00e8se.,<a target=\"_blank\" rel=\"nofollow\" href=\"https:\/\/editionsbussiere.com\/blog\/goto\/https:\/\/fr.wikisource.org\/wiki\/Dictionnaire_de_th%C3%A9ologie_catholique\/IMMACUL%C3%89E_CONCEPTION_I._Dans_l%27Ecriture_et_la_tradition_jusqu%27au_concile_d%27Eph%C3%A8se_III.En_Occident_et_en_Orient_jusqu%27au_concile_d%27Eph%C3%A8se\"  target=\"_blank\" rel=\"noopener noreferrer nofollow\">Cliquer ICI.<\/a><span><\/span>}<br \/>\n|{Dictionnaire de th\u00e9ologie catholique\/IMMACUL\u00c9E CONCEPTION I. Dans l\u2019Ecriture et la tradition jusqu\u2019au concile d\u2019Eph\u00e8se III.En Occident et en Orient jusqu\u2019au concile d\u2019Eph\u00e8se.,<a target=\"_blank\" rel=\"nofollow\" href=\"https:\/\/editionsbussiere.com\/blog\/goto\/https:\/\/fr.wikisource.org\/wiki\/Dictionnaire_de_th%C3%A9ologie_catholique\/IMMACUL%C3%89E_CONCEPTION_I._Dans_l%27Ecriture_et_la_tradition_jusqu%27au_concile_d%27Eph%C3%A8se_III.En_Occident_et_en_Orient_jusqu%27au_concile_d%27Eph%C3%A8se\"  target=\"_blank\" rel=\"noopener noreferrer nofollow\">Article complet.<\/a><span><\/span>}<br \/>\n|{Dictionnaire de th\u00e9ologie catholique\/IMMACUL\u00c9E CONCEPTION I. Dans l\u2019Ecriture et la tradition jusqu\u2019au concile d\u2019Eph\u00e8se II.L\u2019immacul\u00e9e conception dans l\u2019Ecriture.,<a target=\"_blank\" rel=\"nofollow\" href=\"https:\/\/editionsbussiere.com\/blog\/goto\/https:\/\/fr.wikisource.org\/wiki\/Dictionnaire_de_th%C3%A9ologie_catholique\/IMMACUL%C3%89E_CONCEPTION_I._Dans_l%27Ecriture_et_la_tradition_jusqu%27au_concile_d%27Eph%C3%A8se_II.L%27immacul%C3%A9e_conception_dans_l%27Ecriture\"  target=\"_blank\" rel=\"noopener noreferrer nofollow\">Le post d\u2019actualit\u00e9.<\/a><span><\/span>. Suite sur le prochain article.}<br \/>\n|{Dictionnaire de th\u00e9ologie catholique\/IMMACUL\u00c9E CONCEPTION I. Dans l\u2019Ecriture et la tradition jusqu\u2019au concile d\u2019Eph\u00e8se I.Notion du dogme d\u2019apr\u00e8s la bulle Ineffabilis Deus.,<a target=\"_blank\" rel=\"nofollow\" href=\"https:\/\/editionsbussiere.com\/blog\/goto\/https:\/\/fr.wikisource.org\/wiki\/Dictionnaire_de_th%C3%A9ologie_catholique\/IMMACUL%C3%89E_CONCEPTION_I._Dans_l%27Ecriture_et_la_tradition_jusqu%27au_concile_d%27Eph%C3%A8se_I.Notion_du_dogme_d%27apr%C3%A8s_la_bulle_Ineffabilis_Deus\"  target=\"_blank\" rel=\"noopener noreferrer nofollow\">L\u2019article ICI.<\/a><span><\/span>}<br \/>\n|{Dictionnaire de th\u00e9ologie catholique\/CYPRIEN DE SAINTE-MARIE.,<a target=\"_blank\" rel=\"nofollow\" href=\"https:\/\/editionsbussiere.com\/blog\/goto\/https:\/\/fr.wikisource.org\/wiki\/Dictionnaire_de_th%C3%A9ologie_catholique\/CYPRIEN_DE_SAINTE-MARIE\"  target=\"_blank\" rel=\"noopener noreferrer nofollow\">A lire ici.<\/a><span><\/span>}<br \/>\n|{Dictionnaire de th\u00e9ologie catholique\/CYPRIEN DE LA NATIVIT\u00c9 DE LA VIERGE.,<a target=\"_blank\" rel=\"nofollow\" href=\"https:\/\/editionsbussiere.com\/blog\/goto\/https:\/\/fr.wikisource.org\/wiki\/Dictionnaire_de_th%C3%A9ologie_catholique\/CYPRIEN_DE_LA_NATIVIT%C3%89_DE_LA_VIERGE\"  target=\"_blank\" rel=\"noopener noreferrer nofollow\">Le texte de l\u2019article.<\/a><span><\/span>}<br \/>\n|{Dictionnaire de th\u00e9ologie catholique\/CANON DE LA MESSE.,<a target=\"_blank\" rel=\"nofollow\" href=\"https:\/\/editionsbussiere.com\/blog\/goto\/https:\/\/fr.wikisource.org\/wiki\/Dictionnaire_de_th%C3%A9ologie_catholique\/CANON_DE_LA_MESSE\"  target=\"_blank\" rel=\"noopener noreferrer nofollow\">Le post d\u2019actualit\u00e9.<\/a><span><\/span>. Suite sur le prochain article.}<br \/>\n|{Dictionnaire de th\u00e9ologie catholique\/ASSOMPTION DE LA VIERGE MARIE.,<a target=\"_blank\" rel=\"nofollow\" href=\"https:\/\/editionsbussiere.com\/blog\/goto\/https:\/\/fr.wikisource.org\/wiki\/Dictionnaire_de_th%C3%A9ologie_catholique\/ASSOMPTION_DE_LA_VIERGE_MARIE\"  target=\"_blank\" rel=\"noopener noreferrer nofollow\">Article complet.<\/a><span><\/span>}<br \/>\n|{Dictionnaire de th\u00e9ologie catholique\/ASSOMPTION DE LA VIERGE MARIE.,<a target=\"_blank\" rel=\"nofollow\" href=\"https:\/\/editionsbussiere.com\/blog\/goto\/https:\/\/fr.wikisource.org\/wiki\/Dictionnaire_de_th%C3%A9ologie_catholique\/ASSOMPTION_DE_LA_VIERGE_MARIE\"  target=\"_blank\" rel=\"noopener noreferrer nofollow\">Article complet.<\/a><span><\/span>}<br \/>\n|{Dictionnaire de th\u00e9ologie catholique\/ASSISTANCE PUBLIQUE.,<a target=\"_blank\" rel=\"nofollow\" href=\"https:\/\/editionsbussiere.com\/blog\/goto\/https:\/\/fr.wikisource.org\/wiki\/Dictionnaire_de_th%C3%A9ologie_catholique\/ASSISTANCE_PUBLIQUE\"  target=\"_blank\" rel=\"noopener noreferrer nofollow\">L\u2019article ICI.<\/a><span><\/span>}<br \/>\n|{Dictionnaire de th\u00e9ologie catholique\/ANG\u00c9LIQUE (Salutation).,<a target=\"_blank\" rel=\"nofollow\" href=\"https:\/\/editionsbussiere.com\/blog\/goto\/https:\/\/fr.wikisource.org\/wiki\/Dictionnaire_de_th%C3%A9ologie_catholique\/ANG%C3%89LIQUE_(Salutation)\"  target=\"_blank\" rel=\"noopener noreferrer nofollow\">Le dossier.<\/a><span><\/span>}<br \/>\n|{Dictionnaire de th\u00e9ologie catholique\/ABELLY Louis.,<a target=\"_blank\" rel=\"nofollow\" href=\"https:\/\/editionsbussiere.com\/blog\/goto\/https:\/\/fr.wikisource.org\/wiki\/Dictionnaire_de_th%C3%A9ologie_catholique\/ABELLY_Louis\"  target=\"_blank\" rel=\"noopener noreferrer nofollow\">L\u2019article ICI.<\/a><span><\/span>. Suite sur le prochain article.}<br \/>\n|{Dictionnaire de la langue fran\u00e7aise du seizi\u00e8me si\u00e8cle\/Advocat.,<a target=\"_blank\" rel=\"nofollow\" href=\"https:\/\/editionsbussiere.com\/blog\/goto\/https:\/\/fr.wikisource.org\/wiki\/Dictionnaire_de_la_langue_fran%C3%A7aise_du_seizi%C3%A8me_si%C3%A8cle\/Advocat\"  target=\"_blank\" rel=\"noopener noreferrer nofollow\">L\u2019article ICI.<\/a><span><\/span>}<br \/>\n|{Dictionnaire de la langue fran\u00e7aise du seizi\u00e8me si\u00e8cle\/Abhorrable.,<a target=\"_blank\" rel=\"nofollow\" href=\"https:\/\/editionsbussiere.com\/blog\/goto\/https:\/\/fr.wikisource.org\/wiki\/Dictionnaire_de_la_langue_fran%C3%A7aise_du_seizi%C3%A8me_si%C3%A8cle\/Abhorrable\"  target=\"_blank\" rel=\"noopener noreferrer nofollow\">Ici.<\/a><span><\/span>}<br \/>\n|{Dictionnaire apolog\u00e9tique de la foi catholique\/Superstition.,<a target=\"_blank\" rel=\"nofollow\" href=\"https:\/\/editionsbussiere.com\/blog\/goto\/https:\/\/fr.wikisource.org\/wiki\/Dictionnaire_apolog%C3%A9tique_de_la_foi_catholique\/Superstition\"  target=\"_blank\" rel=\"noopener noreferrer nofollow\">Le post d\u2019actualit\u00e9.<\/a><span><\/span>}<br \/>\n|{Dictionnaire apolog\u00e9tique de la foi catholique\/Pri\u00e8re.,<a target=\"_blank\" rel=\"nofollow\" href=\"https:\/\/editionsbussiere.com\/blog\/goto\/https:\/\/fr.wikisource.org\/wiki\/Dictionnaire_apolog%C3%A9tique_de_la_foi_catholique\/Pri%C3%A8re\"  target=\"_blank\" rel=\"noopener noreferrer nofollow\">Le post d\u2019actualit\u00e9.<\/a><span><\/span>}<br \/>\n|{Dictionnaire apolog\u00e9tique de la foi catholique\/Mariolatrie.,<a target=\"_blank\" rel=\"nofollow\" href=\"https:\/\/editionsbussiere.com\/blog\/goto\/https:\/\/fr.wikisource.org\/wiki\/Dictionnaire_apolog%C3%A9tique_de_la_foi_catholique\/Mariolatrie\"  target=\"_blank\" rel=\"noopener noreferrer nofollow\">Ici.<\/a><span><\/span>. Suite sur le prochain article.}<br \/>\n|{Dictionnaire apolog\u00e9tique de la foi catholique\/Mariolatrie.,<a target=\"_blank\" rel=\"nofollow\" href=\"https:\/\/editionsbussiere.com\/blog\/goto\/https:\/\/fr.wikisource.org\/wiki\/Dictionnaire_apolog%C3%A9tique_de_la_foi_catholique\/Mariolatrie\"  target=\"_blank\" rel=\"noopener noreferrer nofollow\">Ici.<\/a><span><\/span>}<br \/>\n|{Dictionnaire apolog\u00e9tique de la foi catholique\/Marie, M\u00e8re de Dieu (III. Pr\u00e9rogatives).,<a target=\"_blank\" rel=\"nofollow\" href=\"https:\/\/editionsbussiere.com\/blog\/goto\/https:\/\/fr.wikisource.org\/wiki\/Dictionnaire_apolog%C3%A9tique_de_la_foi_catholique\/Marie,_M%C3%A8re_de_Dieu_(III._Pr%C3%A9rogatives)\"  target=\"_blank\" rel=\"noopener noreferrer nofollow\">L\u2019article de presse.<\/a><span><\/span>}<br \/>\n|{Dictionnaire apolog\u00e9tique de la foi catholique\/Marie, M\u00e8re de Dieu (II. Patristique).,<a target=\"_blank\" rel=\"nofollow\" href=\"https:\/\/editionsbussiere.com\/blog\/goto\/https:\/\/fr.wikisource.org\/wiki\/Dictionnaire_apolog%C3%A9tique_de_la_foi_catholique\/Marie,_M%C3%A8re_de_Dieu_(II._Patristique)\"  target=\"_blank\" rel=\"noopener noreferrer nofollow\">Le texte de l\u2019article.<\/a><span><\/span>}<br \/>\n|{Dictionnaire apolog\u00e9tique de la foi catholique\/Marie, M\u00e8re de Dieu (II. Patristique).,<a target=\"_blank\" rel=\"nofollow\" href=\"https:\/\/editionsbussiere.com\/blog\/goto\/https:\/\/fr.wikisource.org\/wiki\/Dictionnaire_apolog%C3%A9tique_de_la_foi_catholique\/Marie,_M%C3%A8re_de_Dieu_(II._Patristique)\"  target=\"_blank\" rel=\"noopener noreferrer nofollow\">Le post d\u2019actualit\u00e9.<\/a><span><\/span>. Suite sur le prochain article.}<br \/>\n|{Dictionnaire apolog\u00e9tique de la foi catholique\/Marie, M\u00e8re de Dieu (I. Ecritures).,<a target=\"_blank\" rel=\"nofollow\" href=\"https:\/\/editionsbussiere.com\/blog\/goto\/https:\/\/fr.wikisource.org\/wiki\/Dictionnaire_apolog%C3%A9tique_de_la_foi_catholique\/Marie,_M%C3%A8re_de_Dieu_(I._Ecritures)\"  target=\"_blank\" rel=\"noopener noreferrer nofollow\">Ici.<\/a><span><\/span>}<br \/>\n|{Dictionnaire apolog\u00e9tique de la foi catholique\/Marie, Intercession universelle.,<a target=\"_blank\" rel=\"nofollow\" href=\"https:\/\/editionsbussiere.com\/blog\/goto\/https:\/\/fr.wikisource.org\/wiki\/Dictionnaire_apolog%C3%A9tique_de_la_foi_catholique\/Marie,_Intercession_universelle\"  target=\"_blank\" rel=\"noopener noreferrer nofollow\">Cliquer ICI.<\/a><span><\/span>. Suite sur le prochain article.}<br \/>\n|{Dictionnaire apolog\u00e9tique de la foi catholique\/Marie, Intercession universelle.,<a target=\"_blank\" rel=\"nofollow\" href=\"https:\/\/editionsbussiere.com\/blog\/goto\/https:\/\/fr.wikisource.org\/wiki\/Dictionnaire_apolog%C3%A9tique_de_la_foi_catholique\/Marie,_Intercession_universelle\"  target=\"_blank\" rel=\"noopener noreferrer nofollow\">Le post d\u2019actualit\u00e9.<\/a><span><\/span>}<br \/>\n|{Dictionnaire apolog\u00e9tique de la foi catholique\/Marie, Immacul\u00e9e conception.,<a target=\"_blank\" rel=\"nofollow\" href=\"https:\/\/editionsbussiere.com\/blog\/goto\/https:\/\/fr.wikisource.org\/wiki\/Dictionnaire_apolog%C3%A9tique_de_la_foi_catholique\/Marie,_Immacul%C3%A9e_conception\"  target=\"_blank\" rel=\"noopener noreferrer nofollow\">Cliquer ICI.<\/a><span><\/span>}<br \/>\n|{Dictionnaire apolog\u00e9tique de la foi catholique\/Marie, Assomption.,<a target=\"_blank\" rel=\"nofollow\" href=\"https:\/\/editionsbussiere.com\/blog\/goto\/https:\/\/fr.wikisource.org\/wiki\/Dictionnaire_apolog%C3%A9tique_de_la_foi_catholique\/Marie,_Assomption\"  target=\"_blank\" rel=\"noopener noreferrer nofollow\">L\u2019article de presse.<\/a><span><\/span>}<br \/>\n|{Dictionnaire administratif et historique des rues de Paris et de ses monuments\/Marie-Saint-Germain (rue Sainte-).,<a target=\"_blank\" rel=\"nofollow\" href=\"https:\/\/editionsbussiere.com\/blog\/goto\/https:\/\/fr.wikisource.org\/wiki\/Dictionnaire_administratif_et_historique_des_rues_de_Paris_et_de_ses_monuments\/Marie-Saint-Germain_(rue_Sainte-)\"  target=\"_blank\" rel=\"noopener noreferrer nofollow\">A lire ici.<\/a><span><\/span>}<br \/>\n|{Dictionnaire administratif et historique des rues de Paris et de ses monuments\/Manteaux (\u00e9glise des Blancs-).,<a target=\"_blank\" rel=\"nofollow\" href=\"https:\/\/editionsbussiere.com\/blog\/goto\/https:\/\/fr.wikisource.org\/wiki\/Dictionnaire_administratif_et_historique_des_rues_de_Paris_et_de_ses_monuments\/Manteaux_(%C3%A9glise_des_Blancs-)\"  target=\"_blank\" rel=\"noopener noreferrer nofollow\">L\u2019article ICI.<\/a><span><\/span>. Suite sur le prochain article.}<br \/>\n|{Dictionnaire administratif et historique des rues de Paris et de ses monuments\/Gervais (\u00e9glise Saint-).,<a target=\"_blank\" rel=\"nofollow\" href=\"https:\/\/editionsbussiere.com\/blog\/goto\/https:\/\/fr.wikisource.org\/wiki\/Dictionnaire_administratif_et_historique_des_rues_de_Paris_et_de_ses_monuments\/Gervais_(%C3%A9glise_Saint-)\"  target=\"_blank\" rel=\"noopener noreferrer nofollow\">A lire ici.<\/a><span><\/span>. Suite sur le prochain article.}<br \/>\n|{Dictionnaire administratif et historique des rues de Paris et de ses monuments\/Ermites (rue des Deux-).,<a target=\"_blank\" rel=\"nofollow\" href=\"https:\/\/editionsbussiere.com\/blog\/goto\/https:\/\/fr.wikisource.org\/wiki\/Dictionnaire_administratif_et_historique_des_rues_de_Paris_et_de_ses_monuments\/Ermites_(rue_des_Deux-)\"  target=\"_blank\" rel=\"noopener noreferrer nofollow\">Cliquer ICI.<\/a><span><\/span>}<br \/>\n|{Dictionnaire administratif et historique des rues de Paris et de ses monuments\/Arrondissement\/10.,<a target=\"_blank\" rel=\"nofollow\" href=\"https:\/\/editionsbussiere.com\/blog\/goto\/https:\/\/fr.wikisource.org\/wiki\/Dictionnaire_administratif_et_historique_des_rues_de_Paris_et_de_ses_monuments\/Arrondissement\/10\"  target=\"_blank\" rel=\"noopener noreferrer nofollow\">Le dossier.<\/a><span><\/span>}<br \/>\n|{Dictionnaire \u00e9rotique moderne\/Priape.,<a target=\"_blank\" rel=\"nofollow\" href=\"https:\/\/editionsbussiere.com\/blog\/goto\/https:\/\/fr.wikisource.org\/wiki\/Dictionnaire_%C3%A9rotique_moderne\/Priape\"  target=\"_blank\" rel=\"noopener noreferrer nofollow\">A lire ici.<\/a><span><\/span>. Suite sur le prochain article.}<br \/>\n|{Dictionnaire \u00e9rotique moderne\/Pri\u00e8re.,<a target=\"_blank\" rel=\"nofollow\" href=\"https:\/\/editionsbussiere.com\/blog\/goto\/https:\/\/fr.wikisource.org\/wiki\/Dictionnaire_%C3%A9rotique_moderne\/Pri%C3%A8re\"  target=\"_blank\" rel=\"noopener noreferrer nofollow\">L\u2019article de presse.<\/a><span><\/span>. Suite sur le prochain article.}<br \/>\n|{Dictionnaire \u00e9rotique moderne\/Pri\u00e8re.,<a target=\"_blank\" rel=\"nofollow\" href=\"https:\/\/editionsbussiere.com\/blog\/goto\/https:\/\/fr.wikisource.org\/wiki\/Dictionnaire_%C3%A9rotique_moderne\/Pri%C3%A8re\"  target=\"_blank\" rel=\"noopener noreferrer nofollow\">Le texte de l\u2019article.<\/a><span><\/span>}<br \/>\n|{Dictionnaire \u00e9rotique moderne\/Baiser en pigeon.,<a target=\"_blank\" rel=\"nofollow\" href=\"https:\/\/editionsbussiere.com\/blog\/goto\/https:\/\/fr.wikisource.org\/wiki\/Dictionnaire_%C3%A9rotique_moderne\/Baiser_en_pigeon\"  target=\"_blank\" rel=\"noopener noreferrer nofollow\">Article complet.<\/a><span><\/span>}<br \/>\n|{Description de Notre-Dame, cath\u00e9drale de Paris\/Porte Sainte-Anne.,<a target=\"_blank\" rel=\"nofollow\" href=\"https:\/\/editionsbussiere.com\/blog\/goto\/https:\/\/fr.wikisource.org\/wiki\/Description_de_Notre-Dame,_cath%C3%A9drale_de_Paris\/Porte_Sainte-Anne\"  target=\"_blank\" rel=\"noopener noreferrer nofollow\">Article complet.<\/a><span><\/span>. Suite sur le prochain article.}<br \/>\n|{Description de Notre-Dame, cath\u00e9drale de Paris\/Porte de la Vierge.,<a target=\"_blank\" rel=\"nofollow\" href=\"https:\/\/editionsbussiere.com\/blog\/goto\/https:\/\/fr.wikisource.org\/wiki\/Description_de_Notre-Dame,_cath%C3%A9drale_de_Paris\/Porte_de_la_Vierge\"  target=\"_blank\" rel=\"noopener noreferrer nofollow\">Ici.<\/a><span><\/span>}<br \/>\n|{Description de Notre-Dame, cath\u00e9drale de Paris\/D\u00e9coration et ameublement.,<a target=\"_blank\" rel=\"nofollow\" href=\"https:\/\/editionsbussiere.com\/blog\/goto\/https:\/\/fr.wikisource.org\/wiki\/Description_de_Notre-Dame,_cath%C3%A9drale_de_Paris\/D%C3%A9coration_et_ameublement\"  target=\"_blank\" rel=\"noopener noreferrer nofollow\">Ici.<\/a><span><\/span>}<br \/>\n|{Description de Notre-Dame, cath\u00e9drale de Paris\/D\u00e9coration et ameublement.,<a target=\"_blank\" rel=\"nofollow\" href=\"https:\/\/editionsbussiere.com\/blog\/goto\/https:\/\/fr.wikisource.org\/wiki\/Description_de_Notre-Dame,_cath%C3%A9drale_de_Paris\/D%C3%A9coration_et_ameublement\"  target=\"_blank\" rel=\"noopener noreferrer nofollow\">Le texte de l\u2019article.<\/a><span><\/span>}<br \/>\n|{Des Fleurs de bonne volont\u00e9\/Dimanches (Oh ! ce piano).,<a target=\"_blank\" rel=\"nofollow\" href=\"https:\/\/editionsbussiere.com\/blog\/goto\/https:\/\/fr.wikisource.org\/wiki\/Des_Fleurs_de_bonne_volont%C3%A9\/Dimanches_(Oh_!_ce_piano)\"  target=\"_blank\" rel=\"noopener noreferrer nofollow\">L\u2019article de presse.<\/a><span><\/span>. Suite sur le prochain article.}<br \/>\n|{Derni\u00e8res chansons\/Europe.,<a target=\"_blank\" rel=\"nofollow\" href=\"https:\/\/editionsbussiere.com\/blog\/goto\/https:\/\/fr.wikisource.org\/wiki\/Derni%C3%A8res_chansons\/Europe\"  target=\"_blank\" rel=\"noopener noreferrer nofollow\">Article complet.<\/a><span><\/span>}<br \/>\n|{De Paris \u00e0 Bucharest\/Chapitre 60.,<a target=\"_blank\" rel=\"nofollow\" href=\"https:\/\/editionsbussiere.com\/blog\/goto\/https:\/\/fr.wikisource.org\/wiki\/De_Paris_%C3%A0_Bucharest\/Chapitre_60\"  target=\"_blank\" rel=\"noopener noreferrer nofollow\">Ici.<\/a><span><\/span>}<br \/>\n|{De l\u2019Imitation de J\u00e9sus-Christ (Brignon)\/Livre 4\/Prieres.,<a target=\"_blank\" rel=\"nofollow\" href=\"https:\/\/editionsbussiere.com\/blog\/goto\/https:\/\/fr.wikisource.org\/wiki\/De_l%E2%80%99Imitation_de_J%C3%A9sus-Christ_(Brignon)\/Livre_4\/Prieres\"  target=\"_blank\" rel=\"noopener noreferrer nofollow\">L\u2019article de presse.<\/a><span><\/span>. Suite sur le prochain article.}<br \/>\n|{De l\u2019Imitation de J\u00e9sus-Christ (Brignon)\/Livre 1\/18.,<a target=\"_blank\" rel=\"nofollow\" href=\"https:\/\/editionsbussiere.com\/blog\/goto\/https:\/\/fr.wikisource.org\/wiki\/De_l%E2%80%99Imitation_de_J%C3%A9sus-Christ_(Brignon)\/Livre_1\/18\"  target=\"_blank\" rel=\"noopener noreferrer nofollow\">Le post d\u2019actualit\u00e9.<\/a><span><\/span>}<br \/>\n|{De l\u2019Ang\u00e9lus de l\u2019aube \u00e0 l\u2019Ang\u00e9lus du soir\/Je parle de Dieu.,<a target=\"_blank\" rel=\"nofollow\" href=\"https:\/\/editionsbussiere.com\/blog\/goto\/https:\/\/fr.wikisource.org\/wiki\/De_l%E2%80%99Ang%C3%A9lus_de_l%E2%80%99aube_%C3%A0_l%E2%80%99Ang%C3%A9lus_du_soir\/Je_parle_de_Dieu\"  target=\"_blank\" rel=\"noopener noreferrer nofollow\">Le post d\u2019actualit\u00e9.<\/a><span><\/span>. Suite sur le prochain article.}<br \/>\n|{Dans une \u00e9glise de village.,<a target=\"_blank\" rel=\"nofollow\" href=\"https:\/\/editionsbussiere.com\/blog\/goto\/https:\/\/fr.wikisource.org\/wiki\/Dans_une_%C3%A9glise_de_village\"  target=\"_blank\" rel=\"noopener noreferrer nofollow\">A lire ici.<\/a><span><\/span>}<br \/>\n|{Dans les limbes\/H\u00e9las ! tu n\u2019est pas vierge.,<a target=\"_blank\" rel=\"nofollow\" href=\"https:\/\/editionsbussiere.com\/blog\/goto\/https:\/\/fr.wikisource.org\/wiki\/Dans_les_limbes\/H%C3%A9las_!_tu_n%E2%80%99est_pas_vierge\"  target=\"_blank\" rel=\"noopener noreferrer nofollow\">L\u2019article ICI.<\/a><span><\/span>}<br \/>\n|{Dans le nid d\u2019aiglons, la colombe\/17.,<a target=\"_blank\" rel=\"nofollow\" href=\"https:\/\/editionsbussiere.com\/blog\/goto\/https:\/\/fr.wikisource.org\/wiki\/Dans_le_nid_d%E2%80%99aiglons,_la_colombe\/17\"  target=\"_blank\" rel=\"noopener noreferrer nofollow\">Le texte de l\u2019article.<\/a><span><\/span>}<br \/>\n|{Dans le nid d\u2019aiglons, la colombe\/14.,<a target=\"_blank\" rel=\"nofollow\" href=\"https:\/\/editionsbussiere.com\/blog\/goto\/https:\/\/fr.wikisource.org\/wiki\/Dans_le_nid_d%E2%80%99aiglons,_la_colombe\/14\"  target=\"_blank\" rel=\"noopener noreferrer nofollow\">Ici.<\/a><span><\/span>. Suite sur le prochain article.}<br \/>\n|{Dans le nid d\u2019aiglons, la colombe\/13.,<a target=\"_blank\" rel=\"nofollow\" href=\"https:\/\/editionsbussiere.com\/blog\/goto\/https:\/\/fr.wikisource.org\/wiki\/Dans_le_nid_d%E2%80%99aiglons,_la_colombe\/13\"  target=\"_blank\" rel=\"noopener noreferrer nofollow\">Cliquer ICI.<\/a><span><\/span>}<br \/>\n|{Dans le nid d\u2019aiglons, la colombe\/05.,<a target=\"_blank\" rel=\"nofollow\" href=\"https:\/\/editionsbussiere.com\/blog\/goto\/https:\/\/fr.wikisource.org\/wiki\/Dans_le_nid_d%E2%80%99aiglons,_la_colombe\/05\"  target=\"_blank\" rel=\"noopener noreferrer nofollow\">Ici.<\/a><span><\/span>. Suite sur le prochain article.}<br \/>\n|{Dans la brume.,<a target=\"_blank\" rel=\"nofollow\" href=\"https:\/\/editionsbussiere.com\/blog\/goto\/https:\/\/fr.wikisource.org\/wiki\/Dans_la_brume\"  target=\"_blank\" rel=\"noopener noreferrer nofollow\">Ici.<\/a><span><\/span>}<br \/>\n|{D\u00e9claration de la profession de foi de l\u2019\u00c9glise grecque orientale en 1723.,<a target=\"_blank\" rel=\"nofollow\" href=\"https:\/\/editionsbussiere.com\/blog\/goto\/https:\/\/fr.wikisource.org\/wiki\/D%C3%A9claration_de_la_profession_de_foi_de_l%E2%80%99%C3%89glise_grecque_orientale_en_1723\"  target=\"_blank\" rel=\"noopener noreferrer nofollow\">A lire ici.<\/a><span><\/span>. Suite sur le prochain article.}<br \/>\n|{Cycle\/Les deux Cierges.,<a target=\"_blank\" rel=\"nofollow\" href=\"https:\/\/editionsbussiere.com\/blog\/goto\/https:\/\/fr.wikisource.org\/wiki\/Cycle\/Les_deux_Cierges\"  target=\"_blank\" rel=\"noopener noreferrer nofollow\">Article complet.<\/a><span><\/span>. Suite sur le prochain article.}<br \/>\n|{Croquis honn\u00eates\/13.,<a target=\"_blank\" rel=\"nofollow\" href=\"https:\/\/editionsbussiere.com\/blog\/goto\/https:\/\/fr.wikisource.org\/wiki\/Croquis_honn%C3%AAtes\/13\"  target=\"_blank\" rel=\"noopener noreferrer nofollow\">L\u2019article de presse.<\/a><span><\/span>}<br \/>\n|{Critique de la th\u00e9ologie dogmatique\/11.,<a target=\"_blank\" rel=\"nofollow\" href=\"https:\/\/editionsbussiere.com\/blog\/goto\/https:\/\/fr.wikisource.org\/wiki\/Critique_de_la_th%C3%A9ologie_dogmatique\/11\"  target=\"_blank\" rel=\"noopener noreferrer nofollow\">L\u2019article ICI.<\/a><span><\/span>}<br \/>\n|{Cris d\u2019amour et d\u2019orgueil\/La Jeune Sicilienne.,<a target=\"_blank\" rel=\"nofollow\" href=\"https:\/\/editionsbussiere.com\/blog\/goto\/https:\/\/fr.wikisource.org\/wiki\/Cris_d%E2%80%99amour_et_d%E2%80%99orgueil\/La_Jeune_Sicilienne\"  target=\"_blank\" rel=\"noopener noreferrer nofollow\">Le post d\u2019actualit\u00e9.<\/a><span><\/span>}<br \/>\n|{Credo (abb\u00e9 Moreau).,<a target=\"_blank\" rel=\"nofollow\" href=\"https:\/\/editionsbussiere.com\/blog\/goto\/https:\/\/fr.wikisource.org\/wiki\/Credo_(abb%C3%A9_Moreau)\"  target=\"_blank\" rel=\"noopener noreferrer nofollow\">Cliquer ICI.<\/a><span><\/span>. Suite sur le prochain article.}<br \/>\n|{Credo (abb\u00e9 Moreau).,<a target=\"_blank\" rel=\"nofollow\" href=\"https:\/\/editionsbussiere.com\/blog\/goto\/https:\/\/fr.wikisource.org\/wiki\/Credo_(abb%C3%A9_Moreau)\"  target=\"_blank\" rel=\"noopener noreferrer nofollow\">Le dossier.<\/a><span><\/span>}<br \/>\n|{Course en voiturin\/II\/02.,<a target=\"_blank\" rel=\"nofollow\" href=\"https:\/\/editionsbussiere.com\/blog\/goto\/https:\/\/fr.wikisource.org\/wiki\/Course_en_voiturin\/II\/02\"  target=\"_blank\" rel=\"noopener noreferrer nofollow\">L\u2019article ICI.<\/a><span><\/span>}<br \/>\n|{Coups de clairon\/Du Guesclin\/Son C\u0153ur.,<a target=\"_blank\" rel=\"nofollow\" href=\"https:\/\/editionsbussiere.com\/blog\/goto\/https:\/\/fr.wikisource.org\/wiki\/Coups_de_clairon\/Du_Guesclin\/Son_C%C5%93ur\"  target=\"_blank\" rel=\"noopener noreferrer nofollow\">A lire ici.<\/a><span><\/span>. Suite sur le prochain article.}<br \/>\n|{Coups de clairon\/Clocher nouveau.,<a target=\"_blank\" rel=\"nofollow\" href=\"https:\/\/editionsbussiere.com\/blog\/goto\/https:\/\/fr.wikisource.org\/wiki\/Coups_de_clairon\/Clocher_nouveau\"  target=\"_blank\" rel=\"noopener noreferrer nofollow\">L\u2019article ICI.<\/a><span><\/span>. Suite sur le prochain article.}<br \/>\n|{Coups d\u2019ailes\/Pri\u00e8re du soir.,<a target=\"_blank\" rel=\"nofollow\" href=\"https:\/\/editionsbussiere.com\/blog\/goto\/https:\/\/fr.wikisource.org\/wiki\/Coups_d%E2%80%99ailes\/Pri%C3%A8re_du_soir\"  target=\"_blank\" rel=\"noopener noreferrer nofollow\">L\u2019article de presse.<\/a><span><\/span>}<br \/>\n|{Costal l\u2019Indien (Gabriel Ferry)\/I\/V.,<a target=\"_blank\" rel=\"nofollow\" href=\"https:\/\/editionsbussiere.com\/blog\/goto\/https:\/\/fr.wikisource.org\/wiki\/Costal_l%E2%80%99Indien_(Gabriel_Ferry)\/I\/V\"  target=\"_blank\" rel=\"noopener noreferrer nofollow\">Article complet.<\/a><span><\/span>. Suite sur le prochain article.}<br \/>\n|{Correspondance de Voltaire\/1761\/Lettre 4416.,<a target=\"_blank\" rel=\"nofollow\" href=\"https:\/\/editionsbussiere.com\/blog\/goto\/https:\/\/fr.wikisource.org\/wiki\/Correspondance_de_Voltaire\/1761\/Lettre_4416\"  target=\"_blank\" rel=\"noopener noreferrer nofollow\">A lire ici.<\/a><span><\/span>. Suite sur le prochain article.}<br \/>\n|{Correspondance de Voltaire\/1759\/Lettre 3787.,<a target=\"_blank\" rel=\"nofollow\" href=\"https:\/\/editionsbussiere.com\/blog\/goto\/https:\/\/fr.wikisource.org\/wiki\/Correspondance_de_Voltaire\/1759\/Lettre_3787\"  target=\"_blank\" rel=\"noopener noreferrer nofollow\">Article complet.<\/a><span><\/span>}<br \/>\n|{Correspondance de Voltaire\/1759\/Lettre 3784.,<a target=\"_blank\" rel=\"nofollow\" href=\"https:\/\/editionsbussiere.com\/blog\/goto\/https:\/\/fr.wikisource.org\/wiki\/Correspondance_de_Voltaire\/1759\/Lettre_3784\"  target=\"_blank\" rel=\"noopener noreferrer nofollow\">Le post d\u2019actualit\u00e9.<\/a><span><\/span>. Suite sur le prochain article.}<br \/>\n|{Correspondance de Voltaire\/1741\/Lettre 1430.,<a target=\"_blank\" rel=\"nofollow\" href=\"https:\/\/editionsbussiere.com\/blog\/goto\/https:\/\/fr.wikisource.org\/wiki\/Correspondance_de_Voltaire\/1741\/Lettre_1430\"  target=\"_blank\" rel=\"noopener noreferrer nofollow\">Article complet.<\/a><span><\/span>}<br \/>\n|{Correspondance de Voltaire\/1739\/Lettre 1036.,<a target=\"_blank\" rel=\"nofollow\" href=\"https:\/\/editionsbussiere.com\/blog\/goto\/https:\/\/fr.wikisource.org\/wiki\/Correspondance_de_Voltaire\/1739\/Lettre_1036\"  target=\"_blank\" rel=\"noopener noreferrer nofollow\">A lire ici.<\/a><span><\/span>. Suite sur le prochain article.}<br \/>\n|{Correspondance de Gustave Flaubert\/Tome 2\/0281.,<a target=\"_blank\" rel=\"nofollow\" href=\"https:\/\/editionsbussiere.com\/blog\/goto\/https:\/\/fr.wikisource.org\/wiki\/Correspondance_de_Gustave_Flaubert\/Tome_2\/0281\"  target=\"_blank\" rel=\"noopener noreferrer nofollow\">Le post d\u2019actualit\u00e9.<\/a><span><\/span>}<br \/>\n|{Correspondance apocryphe de saint Paul et des Corinthiens\/Traduction du texte arm\u00e9nien.,<a target=\"_blank\" rel=\"nofollow\" href=\"https:\/\/editionsbussiere.com\/blog\/goto\/https:\/\/fr.wikisource.org\/wiki\/Correspondance_apocryphe_de_saint_Paul_et_des_Corinthiens\/Traduction_du_texte_arm%C3%A9nien\"  target=\"_blank\" rel=\"noopener noreferrer nofollow\">L\u2019article ICI.<\/a><span><\/span>}<br \/>\n|{Coran Savary\/066.,<a target=\"_blank\" rel=\"nofollow\" href=\"https:\/\/editionsbussiere.com\/blog\/goto\/https:\/\/fr.wikisource.org\/wiki\/Coran_Savary\/066\"  target=\"_blank\" rel=\"noopener noreferrer nofollow\">L\u2019article de presse.<\/a><span><\/span>}<br \/>\n|{Coran Savary\/052.,<a target=\"_blank\" rel=\"nofollow\" href=\"https:\/\/editionsbussiere.com\/blog\/goto\/https:\/\/fr.wikisource.org\/wiki\/Coran_Savary\/052\"  target=\"_blank\" rel=\"noopener noreferrer nofollow\">Ici.<\/a><span><\/span>. Suite sur le prochain article.}<br \/>\n|{Coran Savary\/019.,<a target=\"_blank\" rel=\"nofollow\" href=\"https:\/\/editionsbussiere.com\/blog\/goto\/https:\/\/fr.wikisource.org\/wiki\/Coran_Savary\/019\"  target=\"_blank\" rel=\"noopener noreferrer nofollow\">A lire ici.<\/a><span><\/span>}<br \/>\n|{Contes populaires de la Gascogne\/Barbe-Bleue.,<a target=\"_blank\" rel=\"nofollow\" href=\"https:\/\/editionsbussiere.com\/blog\/goto\/https:\/\/fr.wikisource.org\/wiki\/Contes_populaires_de_la_Gascogne\/Barbe-Bleue\"  target=\"_blank\" rel=\"noopener noreferrer nofollow\">L\u2019article de presse.<\/a><span><\/span>}<br \/>\n|{Contes litt\u00e9raires du bibliophile Jacob \u00e0 ses petits-enfants\/Les premi\u00e8res armes.,<a target=\"_blank\" rel=\"nofollow\" href=\"https:\/\/editionsbussiere.com\/blog\/goto\/https:\/\/fr.wikisource.org\/wiki\/Contes_litt%C3%A9raires_du_bibliophile_Jacob_%C3%A0_ses_petits-enfants\/Les_premi%C3%A8res_armes\"  target=\"_blank\" rel=\"noopener noreferrer nofollow\">Le post d\u2019actualit\u00e9.<\/a><span><\/span>. Suite sur le prochain article.}<br \/>\n|{Contes et l\u00e9gendes de Basse-Bretagne\/Le Filleul de la sainte Vierge.,<a target=\"_blank\" rel=\"nofollow\" href=\"https:\/\/editionsbussiere.com\/blog\/goto\/https:\/\/fr.wikisource.org\/wiki\/Contes_et_l%C3%A9gendes_de_Basse-Bretagne\/Le_Filleul_de_la_sainte_Vierge\"  target=\"_blank\" rel=\"noopener noreferrer nofollow\">Le post d\u2019actualit\u00e9.<\/a><span><\/span>}<br \/>\n|{Contes et l\u00e9gendes de Basse-Bretagne\/Le Filleul de la sainte Vierge.,<a target=\"_blank\" rel=\"nofollow\" href=\"https:\/\/editionsbussiere.com\/blog\/goto\/https:\/\/fr.wikisource.org\/wiki\/Contes_et_l%C3%A9gendes_de_Basse-Bretagne\/Le_Filleul_de_la_sainte_Vierge\"  target=\"_blank\" rel=\"noopener noreferrer nofollow\">L\u2019article de presse.<\/a><span><\/span>}<br \/>\n|{Contes et l\u00e9gendes de Basse-Bretagne.,<a target=\"_blank\" rel=\"nofollow\" href=\"https:\/\/editionsbussiere.com\/blog\/goto\/https:\/\/fr.wikisource.org\/wiki\/Contes_et_l%C3%A9gendes_de_Basse-Bretagne\"  target=\"_blank\" rel=\"noopener noreferrer nofollow\">Le dossier.<\/a><span><\/span>}<br \/>\n|{Contes du S\u00e9n\u00e9gal et du Niger\/Chapitre 38.,<a target=\"_blank\" rel=\"nofollow\" href=\"https:\/\/editionsbussiere.com\/blog\/goto\/https:\/\/fr.wikisource.org\/wiki\/Contes_du_S%C3%A9n%C3%A9gal_et_du_Niger\/Chapitre_38\"  target=\"_blank\" rel=\"noopener noreferrer nofollow\">L\u2019article de presse.<\/a><span><\/span>}<br \/>\n|{Contes du Pays Gallo\/Le Rocher d\u2019Uzel.,<a target=\"_blank\" rel=\"nofollow\" href=\"https:\/\/editionsbussiere.com\/blog\/goto\/https:\/\/fr.wikisource.org\/wiki\/Contes_du_Pays_Gallo\/Le_Rocher_d%E2%80%99Uzel\"  target=\"_blank\" rel=\"noopener noreferrer nofollow\">Le post d\u2019actualit\u00e9.<\/a><span><\/span>}<br \/>\n|{Contes du lit-clos\/La Nuit des \u00e2mes.,<a target=\"_blank\" rel=\"nofollow\" href=\"https:\/\/editionsbussiere.com\/blog\/goto\/https:\/\/fr.wikisource.org\/wiki\/Contes_du_lit-clos\/La_Nuit_des_%C3%A2mes\"  target=\"_blank\" rel=\"noopener noreferrer nofollow\">L\u2019article de presse.<\/a><span><\/span>}<br \/>\n|{Contes du lit-clos\/La Nuit des \u00c2mes.,<a target=\"_blank\" rel=\"nofollow\" href=\"https:\/\/editionsbussiere.com\/blog\/goto\/https:\/\/fr.wikisource.org\/wiki\/Contes_du_lit-clos\/La_Nuit_des_%C3%82mes\"  target=\"_blank\" rel=\"noopener noreferrer nofollow\">Le post d\u2019actualit\u00e9.<\/a><span><\/span>. Suite sur le prochain article.}<br \/>\n|{Contes du lit-clos\/La Lettre du gabier.,<a target=\"_blank\" rel=\"nofollow\" href=\"https:\/\/editionsbussiere.com\/blog\/goto\/https:\/\/fr.wikisource.org\/wiki\/Contes_du_lit-clos\/La_Lettre_du_gabier\"  target=\"_blank\" rel=\"noopener noreferrer nofollow\">Cliquer ICI.<\/a><span><\/span>}<br \/>\n|{Contes du lit-clos\/L\u2019Ankou.,<a target=\"_blank\" rel=\"nofollow\" href=\"https:\/\/editionsbussiere.com\/blog\/goto\/https:\/\/fr.wikisource.org\/wiki\/Contes_du_lit-clos\/L%E2%80%99Ankou\"  target=\"_blank\" rel=\"noopener noreferrer nofollow\">Le texte de l\u2019article.<\/a><span><\/span>}<br \/>\n|{Contes du lit-clos\/Bretons t\u00eatus.,<a target=\"_blank\" rel=\"nofollow\" href=\"https:\/\/editionsbussiere.com\/blog\/goto\/https:\/\/fr.wikisource.org\/wiki\/Contes_du_lit-clos\/Bretons_t%C3%AAtus\"  target=\"_blank\" rel=\"noopener noreferrer nofollow\">Le post d\u2019actualit\u00e9.<\/a><span><\/span>}<br \/>\n|{Contes de No\u00ebl (Josette)\/Le Jour de l\u2019an au Ciel.,<a target=\"_blank\" rel=\"nofollow\" href=\"https:\/\/editionsbussiere.com\/blog\/goto\/https:\/\/fr.wikisource.org\/wiki\/Contes_de_No%C3%ABl_(Josette)\/Le_Jour_de_l%E2%80%99an_au_Ciel\"  target=\"_blank\" rel=\"noopener noreferrer nofollow\">A lire ici.<\/a><span><\/span>}<br \/>\n|{Contes de la veill\u00e9e\/L\u00e9gende de s\u0153ur B\u00e9atrix.,<a target=\"_blank\" rel=\"nofollow\" href=\"https:\/\/editionsbussiere.com\/blog\/goto\/https:\/\/fr.wikisource.org\/wiki\/Contes_de_la_veill%C3%A9e\/L%C3%A9gende_de_s%C5%93ur_B%C3%A9atrix\"  target=\"_blank\" rel=\"noopener noreferrer nofollow\">Article complet.<\/a><span><\/span>. Suite sur le prochain article.}<br \/>\n|{Contes de la b\u00e9casse (Havard, 1894)\/Un Normand.,<a target=\"_blank\" rel=\"nofollow\" href=\"https:\/\/editionsbussiere.com\/blog\/goto\/https:\/\/fr.wikisource.org\/wiki\/Contes_de_la_b%C3%A9casse_(Havard,_1894)\/Un_Normand\"  target=\"_blank\" rel=\"noopener noreferrer nofollow\">L\u2019article ICI.<\/a><span><\/span>. Suite sur le prochain article.}<br \/>\n|{Contes de la b\u00e9casse, Ollendorff\/11.,<a target=\"_blank\" rel=\"nofollow\" href=\"https:\/\/editionsbussiere.com\/blog\/goto\/https:\/\/fr.wikisource.org\/wiki\/Contes_de_la_b%C3%A9casse,_Ollendorff\/11\"  target=\"_blank\" rel=\"noopener noreferrer nofollow\">A lire ici.<\/a><span><\/span>}<br \/>\n|{Contes de l\u2019Ille-et-Vilaine\/Sainte Onenna.,<a target=\"_blank\" rel=\"nofollow\" href=\"https:\/\/editionsbussiere.com\/blog\/goto\/https:\/\/fr.wikisource.org\/wiki\/Contes_de_l%E2%80%99Ille-et-Vilaine\/Sainte_Onenna\"  target=\"_blank\" rel=\"noopener noreferrer nofollow\">Cliquer ICI.<\/a><span><\/span>. Suite sur le prochain article.}<br \/>\n|{Contes de l\u2019Ille-et-Vilaine\/Sainte Onenna.,<a target=\"_blank\" rel=\"nofollow\" href=\"https:\/\/editionsbussiere.com\/blog\/goto\/https:\/\/fr.wikisource.org\/wiki\/Contes_de_l%E2%80%99Ille-et-Vilaine\/Sainte_Onenna\"  target=\"_blank\" rel=\"noopener noreferrer nofollow\">Ici.<\/a><span><\/span>}<br \/>\n|{Contes choisis des fr\u00e8res Grimm\/L\u2019enfant de la bonne Vierge.,<a target=\"_blank\" rel=\"nofollow\" href=\"https:\/\/editionsbussiere.com\/blog\/goto\/https:\/\/fr.wikisource.org\/wiki\/Contes_choisis_des_fr%C3%A8res_Grimm\/L%E2%80%99enfant_de_la_bonne_Vierge\"  target=\"_blank\" rel=\"noopener noreferrer nofollow\">Article complet.<\/a><span><\/span>}<br \/>\n|{Contes bretons\/Le filleul de la Sainte Vierge.,<a target=\"_blank\" rel=\"nofollow\" href=\"https:\/\/editionsbussiere.com\/blog\/goto\/https:\/\/fr.wikisource.org\/wiki\/Contes_bretons\/Le_filleul_de_la_Sainte_Vierge\"  target=\"_blank\" rel=\"noopener noreferrer nofollow\">Cliquer ICI.<\/a><span><\/span>. Suite sur le prochain article.}<br \/>\n|{Contes bretons.,<a target=\"_blank\" rel=\"nofollow\" href=\"https:\/\/editionsbussiere.com\/blog\/goto\/https:\/\/fr.wikisource.org\/wiki\/Contes_bretons\"  target=\"_blank\" rel=\"noopener noreferrer nofollow\">Le dossier.<\/a><span><\/span>. Suite sur le prochain article.}<br \/>\n|{Contes \u00e9piques\/Un Miracle de Notre-Dame.,<a target=\"_blank\" rel=\"nofollow\" href=\"https:\/\/editionsbussiere.com\/blog\/goto\/https:\/\/fr.wikisource.org\/wiki\/Contes_%C3%A9piques\/Un_Miracle_de_Notre-Dame\"  target=\"_blank\" rel=\"noopener noreferrer nofollow\">Le texte de l\u2019article.<\/a><span><\/span>. Suite sur le prochain article.}<br \/>\n|{Connaissance de l\u2019Est\/La cloche.,<a target=\"_blank\" rel=\"nofollow\" href=\"https:\/\/editionsbussiere.com\/blog\/goto\/https:\/\/fr.wikisource.org\/wiki\/Connaissance_de_l%E2%80%99Est\/La_cloche\"  target=\"_blank\" rel=\"noopener noreferrer nofollow\">Cliquer ICI.<\/a><span><\/span>}<br \/>\n|{Confidences (Lef\u00e8vre-Deumier)\/Livre II\/L\u2019Ang\u00e9lus.,<a target=\"_blank\" rel=\"nofollow\" href=\"https:\/\/editionsbussiere.com\/blog\/goto\/https:\/\/fr.wikisource.org\/wiki\/Confidences_(Lef%C3%A8vre-Deumier)\/Livre_II\/L%E2%80%99Ang%C3%A9lus\"  target=\"_blank\" rel=\"noopener noreferrer nofollow\">Article complet.<\/a><span><\/span>}<br \/>\n|{Claude Paysan\/044.,<a target=\"_blank\" rel=\"nofollow\" href=\"https:\/\/editionsbussiere.com\/blog\/goto\/https:\/\/fr.wikisource.org\/wiki\/Claude_Paysan\/044\"  target=\"_blank\" rel=\"noopener noreferrer nofollow\">Le texte de l\u2019article.<\/a><span><\/span>}<br \/>\n|{Claude Paysan\/038.,<a target=\"_blank\" rel=\"nofollow\" href=\"https:\/\/editionsbussiere.com\/blog\/goto\/https:\/\/fr.wikisource.org\/wiki\/Claude_Paysan\/038\"  target=\"_blank\" rel=\"noopener noreferrer nofollow\">L\u2019article de presse.<\/a><span><\/span>}<br \/>\n|{Claude Paysan\/038.,<a target=\"_blank\" rel=\"nofollow\" href=\"https:\/\/editionsbussiere.com\/blog\/goto\/https:\/\/fr.wikisource.org\/wiki\/Claude_Paysan\/038\"  target=\"_blank\" rel=\"noopener noreferrer nofollow\">L\u2019article ICI.<\/a><span><\/span>}<br \/>\n|{Clairi\u00e8res dans le ciel.,<a target=\"_blank\" rel=\"nofollow\" href=\"https:\/\/editionsbussiere.com\/blog\/goto\/https:\/\/fr.wikisource.org\/wiki\/Clairi%C3%A8res_dans_le_ciel\"  target=\"_blank\" rel=\"noopener noreferrer nofollow\">Le post d\u2019actualit\u00e9.<\/a><span><\/span>}<br \/>\n|{Cinqui\u00e8me rapport sur une mission en Basse-Bretagne\/Inventaire des contes recueillis.,<a target=\"_blank\" rel=\"nofollow\" href=\"https:\/\/editionsbussiere.com\/blog\/goto\/https:\/\/fr.wikisource.org\/wiki\/Cinqui%C3%A8me_rapport_sur_une_mission_en_Basse-Bretagne\/Inventaire_des_contes_recueillis\"  target=\"_blank\" rel=\"noopener noreferrer nofollow\">Le texte de l\u2019article.<\/a><span><\/span>}<br \/>\n|{Cinq Pri\u00e8res pour le temps de la guerre\/Des enfants d\u2019un soldat.,<a target=\"_blank\" rel=\"nofollow\" href=\"https:\/\/editionsbussiere.com\/blog\/goto\/https:\/\/fr.wikisource.org\/wiki\/Cinq_Pri%C3%A8res_pour_le_temps_de_la_guerre\/Des_enfants_d%E2%80%99un_soldat\"  target=\"_blank\" rel=\"noopener noreferrer nofollow\">Le post d\u2019actualit\u00e9.<\/a><span><\/span>. Suite sur le prochain article.}<br \/>\n|{Cinq Pri\u00e8res pour le temps de la guerre\/De la m\u00e8re d\u2019un soldat.,<a target=\"_blank\" rel=\"nofollow\" href=\"https:\/\/editionsbussiere.com\/blog\/goto\/https:\/\/fr.wikisource.org\/wiki\/Cinq_Pri%C3%A8res_pour_le_temps_de_la_guerre\/De_la_m%C3%A8re_d%E2%80%99un_soldat\"  target=\"_blank\" rel=\"noopener noreferrer nofollow\">L\u2019article ICI.<\/a><span><\/span>}<br \/>\n|{Cinq Pri\u00e8res pour le temps de la guerre\/De la femme d\u2019un soldat.,<a target=\"_blank\" rel=\"nofollow\" href=\"https:\/\/editionsbussiere.com\/blog\/goto\/https:\/\/fr.wikisource.org\/wiki\/Cinq_Pri%C3%A8res_pour_le_temps_de_la_guerre\/De_la_femme_d%E2%80%99un_soldat\"  target=\"_blank\" rel=\"noopener noreferrer nofollow\">Article complet.<\/a><span><\/span>}<br \/>\n|{Chronique de Guillaume de Nangis\/Ann\u00e9e 1305.,<a target=\"_blank\" rel=\"nofollow\" href=\"https:\/\/editionsbussiere.com\/blog\/goto\/https:\/\/fr.wikisource.org\/wiki\/Chronique_de_Guillaume_de_Nangis\/Ann%C3%A9e_1305\"  target=\"_blank\" rel=\"noopener noreferrer nofollow\">Le post d\u2019actualit\u00e9.<\/a><span><\/span>}<br \/>\n|{Chronique de Guillaume de Nangis\/Ann\u00e9e 1288.,<a target=\"_blank\" rel=\"nofollow\" href=\"https:\/\/editionsbussiere.com\/blog\/goto\/https:\/\/fr.wikisource.org\/wiki\/Chronique_de_Guillaume_de_Nangis\/Ann%C3%A9e_1288\"  target=\"_blank\" rel=\"noopener noreferrer nofollow\">Ici.<\/a><span><\/span>}<br \/>\n|{Chronique de Guillaume de Nangis\/Ann\u00e9e 1284.,<a target=\"_blank\" rel=\"nofollow\" href=\"https:\/\/editionsbussiere.com\/blog\/goto\/https:\/\/fr.wikisource.org\/wiki\/Chronique_de_Guillaume_de_Nangis\/Ann%C3%A9e_1284\"  target=\"_blank\" rel=\"noopener noreferrer nofollow\">A lire ici.<\/a><span><\/span>}<br \/>\n|{Chronique de Guillaume de Nangis\/Ann\u00e9e 1249.,<a target=\"_blank\" rel=\"nofollow\" href=\"https:\/\/editionsbussiere.com\/blog\/goto\/https:\/\/fr.wikisource.org\/wiki\/Chronique_de_Guillaume_de_Nangis\/Ann%C3%A9e_1249\"  target=\"_blank\" rel=\"noopener noreferrer nofollow\">A lire ici.<\/a><span><\/span>}<br \/>\n|{Chronique de Guillaume de Nangis\/Ann\u00e9e 1225.,<a target=\"_blank\" rel=\"nofollow\" href=\"https:\/\/editionsbussiere.com\/blog\/goto\/https:\/\/fr.wikisource.org\/wiki\/Chronique_de_Guillaume_de_Nangis\/Ann%C3%A9e_1225\"  target=\"_blank\" rel=\"noopener noreferrer nofollow\">Article complet.<\/a><span><\/span>}<br \/>\n|{Chronique de Guillaume de Nangis\/Ann\u00e9e 1221.,<a target=\"_blank\" rel=\"nofollow\" href=\"https:\/\/editionsbussiere.com\/blog\/goto\/https:\/\/fr.wikisource.org\/wiki\/Chronique_de_Guillaume_de_Nangis\/Ann%C3%A9e_1221\"  target=\"_blank\" rel=\"noopener noreferrer nofollow\">A lire ici.<\/a><span><\/span>}<br \/>\n|{Chronique de Guillaume de Nangis\/Ann\u00e9e 1221.,<a target=\"_blank\" rel=\"nofollow\" href=\"https:\/\/editionsbussiere.com\/blog\/goto\/https:\/\/fr.wikisource.org\/wiki\/Chronique_de_Guillaume_de_Nangis\/Ann%C3%A9e_1221\"  target=\"_blank\" rel=\"noopener noreferrer nofollow\">Le texte de l\u2019article.<\/a><span><\/span>}<br \/>\n|{Chronique de Guillaume de Nangis\/Ann\u00e9e 1219.,<a target=\"_blank\" rel=\"nofollow\" href=\"https:\/\/editionsbussiere.com\/blog\/goto\/https:\/\/fr.wikisource.org\/wiki\/Chronique_de_Guillaume_de_Nangis\/Ann%C3%A9e_1219\"  target=\"_blank\" rel=\"noopener noreferrer nofollow\">Le post d\u2019actualit\u00e9.<\/a><span><\/span>}<br \/>\n|{Chronique de Guillaume de Nangis\/Ann\u00e9e 1158.,<a target=\"_blank\" rel=\"nofollow\" href=\"https:\/\/editionsbussiere.com\/blog\/goto\/https:\/\/fr.wikisource.org\/wiki\/Chronique_de_Guillaume_de_Nangis\/Ann%C3%A9e_1158\"  target=\"_blank\" rel=\"noopener noreferrer nofollow\">A lire ici.<\/a><span><\/span>}<br \/>\n|{Chronique de Guillaume de Nangis\/Ann\u00e9e 1128.,<a target=\"_blank\" rel=\"nofollow\" href=\"https:\/\/editionsbussiere.com\/blog\/goto\/https:\/\/fr.wikisource.org\/wiki\/Chronique_de_Guillaume_de_Nangis\/Ann%C3%A9e_1128\"  target=\"_blank\" rel=\"noopener noreferrer nofollow\">Ici.<\/a><span><\/span>. Suite sur le prochain article.}<br \/>\n|{Chronique d\u2019une ancienne ville royale Dourdan\/Pi\u00e8ce XXIII.,<a target=\"_blank\" rel=\"nofollow\" href=\"https:\/\/editionsbussiere.com\/blog\/goto\/https:\/\/fr.wikisource.org\/wiki\/Chronique_d%E2%80%99une_ancienne_ville_royale_Dourdan\/Pi%C3%A8ce_XXIII\"  target=\"_blank\" rel=\"noopener noreferrer nofollow\">Le post d\u2019actualit\u00e9.<\/a><span><\/span>. Suite sur le prochain article.}<br \/>\n|{Chez nos anc\u00eatres\/9.,<a target=\"_blank\" rel=\"nofollow\" href=\"https:\/\/editionsbussiere.com\/blog\/goto\/https:\/\/fr.wikisource.org\/wiki\/Chez_nos_anc%C3%AAtres\/9\"  target=\"_blank\" rel=\"noopener noreferrer nofollow\">A lire ici.<\/a><span><\/span>}<br \/>\n|{Chez nos anc\u00eatres\/5.,<a target=\"_blank\" rel=\"nofollow\" href=\"https:\/\/editionsbussiere.com\/blog\/goto\/https:\/\/fr.wikisource.org\/wiki\/Chez_nos_anc%C3%AAtres\/5\"  target=\"_blank\" rel=\"noopener noreferrer nofollow\">Le dossier.<\/a><span><\/span>}<br \/>\n|{Charles et \u00c9va\/2\/4.,<a target=\"_blank\" rel=\"nofollow\" href=\"https:\/\/editionsbussiere.com\/blog\/goto\/https:\/\/fr.wikisource.org\/wiki\/Charles_et_%C3%89va\/2\/4\"  target=\"_blank\" rel=\"noopener noreferrer nofollow\">L\u2019article ICI.<\/a><span><\/span>. Suite sur le prochain article.}<br \/>\n|{Chapelets de Notre-Seigneur J\u00e9sus-Christ et de la Sainte Vierge\/Texte entier.,<a target=\"_blank\" rel=\"nofollow\" href=\"https:\/\/editionsbussiere.com\/blog\/goto\/https:\/\/fr.wikisource.org\/wiki\/Chapelets_de_Notre-Seigneur_J%C3%A9sus-Christ_et_de_la_Sainte_Vierge\/Texte_entier\"  target=\"_blank\" rel=\"noopener noreferrer nofollow\">Le texte de l\u2019article.<\/a><span><\/span>}<br \/>\n|{Chapelets de Notre-Seigneur J\u00e9sus-Christ et de la Sainte Vierge\/Texte entier.,<a target=\"_blank\" rel=\"nofollow\" href=\"https:\/\/editionsbussiere.com\/blog\/goto\/https:\/\/fr.wikisource.org\/wiki\/Chapelets_de_Notre-Seigneur_J%C3%A9sus-Christ_et_de_la_Sainte_Vierge\/Texte_entier\"  target=\"_blank\" rel=\"noopener noreferrer nofollow\">Le dossier.<\/a><span><\/span>}<br \/>\n|{Chapelets de Notre-Seigneur J\u00e9sus-Christ et de la Sainte Vierge\/Sur l\u2019origine du Chapelet de Notre-Seigneur.,<a target=\"_blank\" rel=\"nofollow\" href=\"https:\/\/editionsbussiere.com\/blog\/goto\/https:\/\/fr.wikisource.org\/wiki\/Chapelets_de_Notre-Seigneur_J%C3%A9sus-Christ_et_de_la_Sainte_Vierge\/Sur_l%E2%80%99origine_du_Chapelet_de_Notre-Seigneur\"  target=\"_blank\" rel=\"noopener noreferrer nofollow\">Article complet.<\/a><span><\/span>}<br \/>\n|{Chapelets de Notre-Seigneur J\u00e9sus-Christ et de la Sainte Vierge\/Sur l\u2019origine du Chapelet de Notre-Seigneur.,<a target=\"_blank\" rel=\"nofollow\" href=\"https:\/\/editionsbussiere.com\/blog\/goto\/https:\/\/fr.wikisource.org\/wiki\/Chapelets_de_Notre-Seigneur_J%C3%A9sus-Christ_et_de_la_Sainte_Vierge\/Sur_l%E2%80%99origine_du_Chapelet_de_Notre-Seigneur\"  target=\"_blank\" rel=\"noopener noreferrer nofollow\">Article complet.<\/a><span><\/span>}<br \/>\n|{Chapelets de Notre-Seigneur J\u00e9sus-Christ et de la Sainte Vierge\/Stabat Mater.,<a target=\"_blank\" rel=\"nofollow\" href=\"https:\/\/editionsbussiere.com\/blog\/goto\/https:\/\/fr.wikisource.org\/wiki\/Chapelets_de_Notre-Seigneur_J%C3%A9sus-Christ_et_de_la_Sainte_Vierge\/Stabat_Mater\"  target=\"_blank\" rel=\"noopener noreferrer nofollow\">L\u2019article de presse.<\/a><span><\/span>. Suite sur le prochain article.}<br \/>\n|{Chapelets de Notre-Seigneur J\u00e9sus-Christ et de la Sainte Vierge\/Origine du chapelet des sept Douleurs de la Sainte-Vierge.,<a target=\"_blank\" rel=\"nofollow\" href=\"https:\/\/editionsbussiere.com\/blog\/goto\/https:\/\/fr.wikisource.org\/wiki\/Chapelets_de_Notre-Seigneur_J%C3%A9sus-Christ_et_de_la_Sainte_Vierge\/Origine_du_chapelet_des_sept_Douleurs_de_la_Sainte-Vierge\"  target=\"_blank\" rel=\"noopener noreferrer nofollow\">A lire ici.<\/a><span><\/span>}<br \/>\n|{Chapelets de Notre-Seigneur J\u00e9sus-Christ et de la Sainte Vierge\/Indulgences chapelet des sept Douleurs.,<a target=\"_blank\" rel=\"nofollow\" href=\"https:\/\/editionsbussiere.com\/blog\/goto\/https:\/\/fr.wikisource.org\/wiki\/Chapelets_de_Notre-Seigneur_J%C3%A9sus-Christ_et_de_la_Sainte_Vierge\/Indulgences_chapelet_des_sept_Douleurs\"  target=\"_blank\" rel=\"noopener noreferrer nofollow\">Article complet.<\/a><span><\/span>}<br \/>\n|{Chapelets de Notre-Seigneur J\u00e9sus-Christ et de la Sainte Vierge\/Chapelet sur la vie de Notre-Seigneur.,<a target=\"_blank\" rel=\"nofollow\" href=\"https:\/\/editionsbussiere.com\/blog\/goto\/https:\/\/fr.wikisource.org\/wiki\/Chapelets_de_Notre-Seigneur_J%C3%A9sus-Christ_et_de_la_Sainte_Vierge\/Chapelet_sur_la_vie_de_Notre-Seigneur\"  target=\"_blank\" rel=\"noopener noreferrer nofollow\">Le post d\u2019actualit\u00e9.<\/a><span><\/span>}<br \/>\n|{Chapelets de Notre-Seigneur J\u00e9sus-Christ et de la Sainte Vierge\/Chapelet sur la vie de Notre-Seigneur.,<a target=\"_blank\" rel=\"nofollow\" href=\"https:\/\/editionsbussiere.com\/blog\/goto\/https:\/\/fr.wikisource.org\/wiki\/Chapelets_de_Notre-Seigneur_J%C3%A9sus-Christ_et_de_la_Sainte_Vierge\/Chapelet_sur_la_vie_de_Notre-Seigneur\"  target=\"_blank\" rel=\"noopener noreferrer nofollow\">A lire ici.<\/a><span><\/span>}<br \/>\n|{Chapelets de Notre-Seigneur J\u00e9sus-Christ et de la Sainte Vierge\/Chapelet des sept Douleurs de la Sainte-Vierge.,<a target=\"_blank\" rel=\"nofollow\" href=\"https:\/\/editionsbussiere.com\/blog\/goto\/https:\/\/fr.wikisource.org\/wiki\/Chapelets_de_Notre-Seigneur_J%C3%A9sus-Christ_et_de_la_Sainte_Vierge\/Chapelet_des_sept_Douleurs_de_la_Sainte-Vierge\"  target=\"_blank\" rel=\"noopener noreferrer nofollow\">Article complet.<\/a><span><\/span>. Suite sur le prochain article.}<br \/>\n|{Chapelets de Notre-Seigneur J\u00e9sus-Christ et de la Sainte Vierge\/Chapelet de la Passion de Notre-Seigneur.,<a target=\"_blank\" rel=\"nofollow\" href=\"https:\/\/editionsbussiere.com\/blog\/goto\/https:\/\/fr.wikisource.org\/wiki\/Chapelets_de_Notre-Seigneur_J%C3%A9sus-Christ_et_de_la_Sainte_Vierge\/Chapelet_de_la_Passion_de_Notre-Seigneur\"  target=\"_blank\" rel=\"noopener noreferrer nofollow\">L\u2019article ICI.<\/a><span><\/span>. Suite sur le prochain article.}<br \/>\n|{Chants populaires de la Basse-Bretagne\/Sainte Henori.,<a target=\"_blank\" rel=\"nofollow\" href=\"https:\/\/editionsbussiere.com\/blog\/goto\/https:\/\/fr.wikisource.org\/wiki\/Chants_populaires_de_la_Basse-Bretagne\/Sainte_Henori\"  target=\"_blank\" rel=\"noopener noreferrer nofollow\">Le dossier.<\/a><span><\/span>}<br \/>\n|{Chants populaires de la Basse-Bretagne\/Marivonnic.,<a target=\"_blank\" rel=\"nofollow\" href=\"https:\/\/editionsbussiere.com\/blog\/goto\/https:\/\/fr.wikisource.org\/wiki\/Chants_populaires_de_la_Basse-Bretagne\/Marivonnic\"  target=\"_blank\" rel=\"noopener noreferrer nofollow\">Ici.<\/a><span><\/span>}<br \/>\n|{Chants populaires de la Basse-Bretagne\/Marie Tili.,<a target=\"_blank\" rel=\"nofollow\" href=\"https:\/\/editionsbussiere.com\/blog\/goto\/https:\/\/fr.wikisource.org\/wiki\/Chants_populaires_de_la_Basse-Bretagne\/Marie_Tili\"  target=\"_blank\" rel=\"noopener noreferrer nofollow\">Le texte de l\u2019article.<\/a><span><\/span>. Suite sur le prochain article.}<br \/>\n|{Chants populaires de la Basse-Bretagne\/Marie Le Masson.,<a target=\"_blank\" rel=\"nofollow\" href=\"https:\/\/editionsbussiere.com\/blog\/goto\/https:\/\/fr.wikisource.org\/wiki\/Chants_populaires_de_la_Basse-Bretagne\/Marie_Le_Masson\"  target=\"_blank\" rel=\"noopener noreferrer nofollow\">Le texte de l\u2019article.<\/a><span><\/span>}<br \/>\n|{Chants populaires de la Basse-Bretagne\/Marie Derrienic.,<a target=\"_blank\" rel=\"nofollow\" href=\"https:\/\/editionsbussiere.com\/blog\/goto\/https:\/\/fr.wikisource.org\/wiki\/Chants_populaires_de_la_Basse-Bretagne\/Marie_Derrienic\"  target=\"_blank\" rel=\"noopener noreferrer nofollow\">Cliquer ICI.<\/a><span><\/span>}<br \/>\n|{Chants populaires de la Basse-Bretagne\/Marguerite Laurent.,<a target=\"_blank\" rel=\"nofollow\" href=\"https:\/\/editionsbussiere.com\/blog\/goto\/https:\/\/fr.wikisource.org\/wiki\/Chants_populaires_de_la_Basse-Bretagne\/Marguerite_Laurent\"  target=\"_blank\" rel=\"noopener noreferrer nofollow\">Cliquer ICI.<\/a><span><\/span>}<br \/>\n|{Chants populaires de la Basse-Bretagne\/Marguerite Guillard.,<a target=\"_blank\" rel=\"nofollow\" href=\"https:\/\/editionsbussiere.com\/blog\/goto\/https:\/\/fr.wikisource.org\/wiki\/Chants_populaires_de_la_Basse-Bretagne\/Marguerite_Guillard\"  target=\"_blank\" rel=\"noopener noreferrer nofollow\">Ici.<\/a><span><\/span>. Suite sur le prochain article.}<br \/>\n|{Chants populaires de la Basse-Bretagne\/Madame de Kercadio.,<a target=\"_blank\" rel=\"nofollow\" href=\"https:\/\/editionsbussiere.com\/blog\/goto\/https:\/\/fr.wikisource.org\/wiki\/Chants_populaires_de_la_Basse-Bretagne\/Madame_de_Kercadio\"  target=\"_blank\" rel=\"noopener noreferrer nofollow\">L\u2019article de presse.<\/a><span><\/span>}<br \/>\n|{Chants populaires de la Basse-Bretagne\/Les trois Marie.,<a target=\"_blank\" rel=\"nofollow\" href=\"https:\/\/editionsbussiere.com\/blog\/goto\/https:\/\/fr.wikisource.org\/wiki\/Chants_populaires_de_la_Basse-Bretagne\/Les_trois_Marie\"  target=\"_blank\" rel=\"noopener noreferrer nofollow\">Le dossier.<\/a><span><\/span>. Suite sur le prochain article.}<br \/>\n|{Chants populaires de la Basse-Bretagne\/Les Deux S\u0153urs.,<a target=\"_blank\" rel=\"nofollow\" href=\"https:\/\/editionsbussiere.com\/blog\/goto\/https:\/\/fr.wikisource.org\/wiki\/Chants_populaires_de_la_Basse-Bretagne\/Les_Deux_S%C5%93urs\"  target=\"_blank\" rel=\"noopener noreferrer nofollow\">A lire ici.<\/a><span><\/span>. Suite sur le prochain article.}<br \/>\n|{Chants populaires de la Basse-Bretagne\/Le tailleur et les nains.,<a target=\"_blank\" rel=\"nofollow\" href=\"https:\/\/editionsbussiere.com\/blog\/goto\/https:\/\/fr.wikisource.org\/wiki\/Chants_populaires_de_la_Basse-Bretagne\/Le_tailleur_et_les_nains\"  target=\"_blank\" rel=\"noopener noreferrer nofollow\">Article complet.<\/a><span><\/span>}<br \/>\n|{Chants populaires de la Basse-Bretagne\/Le Si\u00e8ge de Guingamp.,<a target=\"_blank\" rel=\"nofollow\" href=\"https:\/\/editionsbussiere.com\/blog\/goto\/https:\/\/fr.wikisource.org\/wiki\/Chants_populaires_de_la_Basse-Bretagne\/Le_Si%C3%A8ge_de_Guingamp\"  target=\"_blank\" rel=\"noopener noreferrer nofollow\">Le dossier.<\/a><span><\/span>}<br \/>\n|{Chants populaires de la Basse-Bretagne\/Le marquis de Coatredrez.,<a target=\"_blank\" rel=\"nofollow\" href=\"https:\/\/editionsbussiere.com\/blog\/goto\/https:\/\/fr.wikisource.org\/wiki\/Chants_populaires_de_la_Basse-Bretagne\/Le_marquis_de_Coatredrez\"  target=\"_blank\" rel=\"noopener noreferrer nofollow\">A lire ici.<\/a><span><\/span>}<br \/>\n|{Chants populaires de la Basse-Bretagne\/Le marquis de Coatredrez.,<a target=\"_blank\" rel=\"nofollow\" href=\"https:\/\/editionsbussiere.com\/blog\/goto\/https:\/\/fr.wikisource.org\/wiki\/Chants_populaires_de_la_Basse-Bretagne\/Le_marquis_de_Coatredrez\"  target=\"_blank\" rel=\"noopener noreferrer nofollow\">A lire ici.<\/a><span><\/span>. Suite sur le prochain article.}<br \/>\n|{Chants populaires de la Basse-Bretagne\/Le Comte de Coat-Loury.,<a target=\"_blank\" rel=\"nofollow\" href=\"https:\/\/editionsbussiere.com\/blog\/goto\/https:\/\/fr.wikisource.org\/wiki\/Chants_populaires_de_la_Basse-Bretagne\/Le_Comte_de_Coat-Loury\"  target=\"_blank\" rel=\"noopener noreferrer nofollow\">Article complet.<\/a><span><\/span>}<br \/>\n|{Chants populaires de la Basse-Bretagne\/La Religieuse.,<a target=\"_blank\" rel=\"nofollow\" href=\"https:\/\/editionsbussiere.com\/blog\/goto\/https:\/\/fr.wikisource.org\/wiki\/Chants_populaires_de_la_Basse-Bretagne\/La_Religieuse\"  target=\"_blank\" rel=\"noopener noreferrer nofollow\">Ici.<\/a><span><\/span>. Suite sur le prochain article.}<br \/>\n|{Chants populaires de la Basse-Bretagne\/La Religieuse.,<a target=\"_blank\" rel=\"nofollow\" href=\"https:\/\/editionsbussiere.com\/blog\/goto\/https:\/\/fr.wikisource.org\/wiki\/Chants_populaires_de_la_Basse-Bretagne\/La_Religieuse\"  target=\"_blank\" rel=\"noopener noreferrer nofollow\">Article complet.<\/a><span><\/span>. Suite sur le prochain article.}<br \/>\n|{Chants populaires de la Basse-Bretagne\/L\u2019Infanticide.,<a target=\"_blank\" rel=\"nofollow\" href=\"https:\/\/editionsbussiere.com\/blog\/goto\/https:\/\/fr.wikisource.org\/wiki\/Chants_populaires_de_la_Basse-Bretagne\/L%E2%80%99Infanticide\"  target=\"_blank\" rel=\"noopener noreferrer nofollow\">L\u2019article ICI.<\/a><span><\/span>}<br \/>\n|{Chants populaires de la Basse-Bretagne\/Jean Le Gall.,<a target=\"_blank\" rel=\"nofollow\" href=\"https:\/\/editionsbussiere.com\/blog\/goto\/https:\/\/fr.wikisource.org\/wiki\/Chants_populaires_de_la_Basse-Bretagne\/Jean_Le_Gall\"  target=\"_blank\" rel=\"noopener noreferrer nofollow\">L\u2019article ICI.<\/a><span><\/span>. Suite sur le prochain article.}<br \/>\n|{Chants populaires de la Basse-Bretagne\/Celui qui alla voir sa ma\u00eetresse dans l\u2019enfer.,<a target=\"_blank\" rel=\"nofollow\" href=\"https:\/\/editionsbussiere.com\/blog\/goto\/https:\/\/fr.wikisource.org\/wiki\/Chants_populaires_de_la_Basse-Bretagne\/Celui_qui_alla_voir_sa_ma%C3%AEtresse_dans_l%E2%80%99enfer\"  target=\"_blank\" rel=\"noopener noreferrer nofollow\">Ici.<\/a><span><\/span>}<br \/>\n|{Chants populaires de la Basse-Bretagne\/Anne Cozic.,<a target=\"_blank\" rel=\"nofollow\" href=\"https:\/\/editionsbussiere.com\/blog\/goto\/https:\/\/fr.wikisource.org\/wiki\/Chants_populaires_de_la_Basse-Bretagne\/Anne_Cozic\"  target=\"_blank\" rel=\"noopener noreferrer nofollow\">Cliquer ICI.<\/a><span><\/span>. Suite sur le prochain article.}<br \/>\n|{Chant s\u00e9culaire (Horace, S\u00e9guier).,<a target=\"_blank\" rel=\"nofollow\" href=\"https:\/\/editionsbussiere.com\/blog\/goto\/https:\/\/fr.wikisource.org\/wiki\/Chant_s%C3%A9culaire_(Horace,_S%C3%A9guier)\"  target=\"_blank\" rel=\"noopener noreferrer nofollow\">Cliquer ICI.<\/a><span><\/span>}<br \/>\n|{Chansons posthumes de Pierre-Jean de B\u00e9ranger\/Madame M\u00e8re.,<a target=\"_blank\" rel=\"nofollow\" href=\"https:\/\/editionsbussiere.com\/blog\/goto\/https:\/\/fr.wikisource.org\/wiki\/Chansons_posthumes_de_Pierre-Jean_de_B%C3%A9ranger\/Madame_M%C3%A8re\"  target=\"_blank\" rel=\"noopener noreferrer nofollow\">Le post d\u2019actualit\u00e9.<\/a><span><\/span>}<br \/>\n|{Chansons populaires enfantines\/Il \u00e9tait un petit navire.,<a target=\"_blank\" rel=\"nofollow\" href=\"https:\/\/editionsbussiere.com\/blog\/goto\/https:\/\/fr.wikisource.org\/wiki\/Chansons_populaires_enfantines\/Il_%C3%A9tait_un_petit_navire\"  target=\"_blank\" rel=\"noopener noreferrer nofollow\">Article complet.<\/a><span><\/span>. Suite sur le prochain article.}<br \/>\n|{Chansons populaires de la Basse-Bretagne\/Pri\u00e8re de la colombe blanche.,<a target=\"_blank\" rel=\"nofollow\" href=\"https:\/\/editionsbussiere.com\/blog\/goto\/https:\/\/fr.wikisource.org\/wiki\/Chansons_populaires_de_la_Basse-Bretagne\/Pri%C3%A8re_de_la_colombe_blanche\"  target=\"_blank\" rel=\"noopener noreferrer nofollow\">L\u2019article ICI.<\/a><span><\/span>}<br \/>\n|{Chansons populaires de la Basse-Bretagne\/Pri\u00e8re de la colombe blanche.,<a target=\"_blank\" rel=\"nofollow\" href=\"https:\/\/editionsbussiere.com\/blog\/goto\/https:\/\/fr.wikisource.org\/wiki\/Chansons_populaires_de_la_Basse-Bretagne\/Pri%C3%A8re_de_la_colombe_blanche\"  target=\"_blank\" rel=\"noopener noreferrer nofollow\">A lire ici.<\/a><span><\/span>. Suite sur le prochain article.}<br \/>\n|{Chansons populaires de la Basse-Bretagne\/Pri\u00e8re \u00e0 dire en tout temps.,<a target=\"_blank\" rel=\"nofollow\" href=\"https:\/\/editionsbussiere.com\/blog\/goto\/https:\/\/fr.wikisource.org\/wiki\/Chansons_populaires_de_la_Basse-Bretagne\/Pri%C3%A8re_%C3%A0_dire_en_tout_temps\"  target=\"_blank\" rel=\"noopener noreferrer nofollow\">Le texte de l\u2019article.<\/a><span><\/span>}<br \/>\n|{Chansons populaires de la Basse-Bretagne\/Pri\u00e8re \u00e0 dire en tout temps.,<a target=\"_blank\" rel=\"nofollow\" href=\"https:\/\/editionsbussiere.com\/blog\/goto\/https:\/\/fr.wikisource.org\/wiki\/Chansons_populaires_de_la_Basse-Bretagne\/Pri%C3%A8re_%C3%A0_dire_en_tout_temps\"  target=\"_blank\" rel=\"noopener noreferrer nofollow\">L\u2019article ICI.<\/a><span><\/span>. Suite sur le prochain article.}<br \/>\n|{Chansons populaires de la Basse-Bretagne\/Les trois Marie.,<a target=\"_blank\" rel=\"nofollow\" href=\"https:\/\/editionsbussiere.com\/blog\/goto\/https:\/\/fr.wikisource.org\/wiki\/Chansons_populaires_de_la_Basse-Bretagne\/Les_trois_Marie\"  target=\"_blank\" rel=\"noopener noreferrer nofollow\">Le dossier.<\/a><span><\/span>. Suite sur le prochain article.}<br \/>\n|{Chansons populaires de la Basse-Bretagne\/Les gars de Saint-Eloi.,<a target=\"_blank\" rel=\"nofollow\" href=\"https:\/\/editionsbussiere.com\/blog\/goto\/https:\/\/fr.wikisource.org\/wiki\/Chansons_populaires_de_la_Basse-Bretagne\/Les_gars_de_Saint-Eloi\"  target=\"_blank\" rel=\"noopener noreferrer nofollow\">Le texte de l\u2019article.<\/a><span><\/span>}<br \/>\n|{Chansons populaires de la Basse-Bretagne\/Les conscrits de Loguivy.,<a target=\"_blank\" rel=\"nofollow\" href=\"https:\/\/editionsbussiere.com\/blog\/goto\/https:\/\/fr.wikisource.org\/wiki\/Chansons_populaires_de_la_Basse-Bretagne\/Les_conscrits_de_Loguivy\"  target=\"_blank\" rel=\"noopener noreferrer nofollow\">L\u2019article ICI.<\/a><span><\/span>}<br \/>\n|{Chansons populaires de la Basse-Bretagne\/Les conscrits de Loguivy.,<a target=\"_blank\" rel=\"nofollow\" href=\"https:\/\/editionsbussiere.com\/blog\/goto\/https:\/\/fr.wikisource.org\/wiki\/Chansons_populaires_de_la_Basse-Bretagne\/Les_conscrits_de_Loguivy\"  target=\"_blank\" rel=\"noopener noreferrer nofollow\">Le post d\u2019actualit\u00e9.<\/a><span><\/span>. Suite sur le prochain article.}<br \/>\n|{Chansons populaires de la Basse-Bretagne\/Le r\u00eave de la Vierge.,<a target=\"_blank\" rel=\"nofollow\" href=\"https:\/\/editionsbussiere.com\/blog\/goto\/https:\/\/fr.wikisource.org\/wiki\/Chansons_populaires_de_la_Basse-Bretagne\/Le_r%C3%AAve_de_la_Vierge\"  target=\"_blank\" rel=\"noopener noreferrer nofollow\">Le post d\u2019actualit\u00e9.<\/a><span><\/span>}<br \/>\n|{Chansons populaires de la Basse-Bretagne\/Le No\u00ebl des Mages.,<a target=\"_blank\" rel=\"nofollow\" href=\"https:\/\/editionsbussiere.com\/blog\/goto\/https:\/\/fr.wikisource.org\/wiki\/Chansons_populaires_de_la_Basse-Bretagne\/Le_No%C3%ABl_des_Mages\"  target=\"_blank\" rel=\"noopener noreferrer nofollow\">L\u2019article de presse.<\/a><span><\/span>}<br \/>\n|{Chansons populaires de la Basse-Bretagne\/Le No\u00ebl de Berthe.,<a target=\"_blank\" rel=\"nofollow\" href=\"https:\/\/editionsbussiere.com\/blog\/goto\/https:\/\/fr.wikisource.org\/wiki\/Chansons_populaires_de_la_Basse-Bretagne\/Le_No%C3%ABl_de_Berthe\"  target=\"_blank\" rel=\"noopener noreferrer nofollow\">L\u2019article ICI.<\/a><span><\/span>}<br \/>\n|{Chansons populaires de la Basse-Bretagne\/La Vierge convi\u00e9e \u00e0 une noce.,<a target=\"_blank\" rel=\"nofollow\" href=\"https:\/\/editionsbussiere.com\/blog\/goto\/https:\/\/fr.wikisource.org\/wiki\/Chansons_populaires_de_la_Basse-Bretagne\/La_Vierge_convi%C3%A9e_%C3%A0_une_noce\"  target=\"_blank\" rel=\"noopener noreferrer nofollow\">Cliquer ICI.<\/a><span><\/span>}<br \/>\n|{Chansons populaires de la Basse-Bretagne\/Chant de bapt\u00eame.,<a target=\"_blank\" rel=\"nofollow\" href=\"https:\/\/editionsbussiere.com\/blog\/goto\/https:\/\/fr.wikisource.org\/wiki\/Chansons_populaires_de_la_Basse-Bretagne\/Chant_de_bapt%C3%AAme\"  target=\"_blank\" rel=\"noopener noreferrer nofollow\">Le post d\u2019actualit\u00e9.<\/a><span><\/span>}<br \/>\n|{Chansons populaires de la Basse-Bretagne\/Bilingue.,<a target=\"_blank\" rel=\"nofollow\" href=\"https:\/\/editionsbussiere.com\/blog\/goto\/https:\/\/fr.wikisource.org\/wiki\/Chansons_populaires_de_la_Basse-Bretagne\/Bilingue\"  target=\"_blank\" rel=\"noopener noreferrer nofollow\">L\u2019article ICI.<\/a><span><\/span>}<br \/>\n|{Chansons populaires de la Basse-Bretagne.,<a target=\"_blank\" rel=\"nofollow\" href=\"https:\/\/editionsbussiere.com\/blog\/goto\/https:\/\/fr.wikisource.org\/wiki\/Chansons_populaires_de_la_Basse-Bretagne\"  target=\"_blank\" rel=\"noopener noreferrer nofollow\">Cliquer ICI.<\/a><span><\/span>}<br \/>\n|{Chansons populaires de la Basse-Bretagne.,<a target=\"_blank\" rel=\"nofollow\" href=\"https:\/\/editionsbussiere.com\/blog\/goto\/https:\/\/fr.wikisource.org\/wiki\/Chansons_populaires_de_la_Basse-Bretagne\"  target=\"_blank\" rel=\"noopener noreferrer nofollow\">Ici.<\/a><span><\/span>. Suite sur le prochain article.}<br \/>\n|{Chansons en sabots\/La Lettre du Gabier.,<a target=\"_blank\" rel=\"nofollow\" href=\"https:\/\/editionsbussiere.com\/blog\/goto\/https:\/\/fr.wikisource.org\/wiki\/Chansons_en_sabots\/La_Lettre_du_Gabier\"  target=\"_blank\" rel=\"noopener noreferrer nofollow\">Le post d\u2019actualit\u00e9.<\/a><span><\/span>. Suite sur le prochain article.}<br \/>\n|{Chansons allemandes.,<a target=\"_blank\" rel=\"nofollow\" href=\"https:\/\/editionsbussiere.com\/blog\/goto\/https:\/\/fr.wikisource.org\/wiki\/Chansons_allemandes\"  target=\"_blank\" rel=\"noopener noreferrer nofollow\">L\u2019article de presse.<\/a><span><\/span>}<br \/>\n|{Chair molle\/2\/2.,<a target=\"_blank\" rel=\"nofollow\" href=\"https:\/\/editionsbussiere.com\/blog\/goto\/https:\/\/fr.wikisource.org\/wiki\/Chair_molle\/2\/2\"  target=\"_blank\" rel=\"noopener noreferrer nofollow\">L\u2019article ICI.<\/a><span><\/span>}<br \/>\n|{Centon nuptial.,<a target=\"_blank\" rel=\"nofollow\" href=\"https:\/\/editionsbussiere.com\/blog\/goto\/https:\/\/fr.wikisource.org\/wiki\/Centon_nuptial\"  target=\"_blank\" rel=\"noopener noreferrer nofollow\">Article complet.<\/a><span><\/span>}<br \/>\n|{Ce qu\u2019ils n\u2019ont pu d\u00e9truire \u2013 Les Tapisseries sauv\u00e9es de la cath\u00e9drale de Reims au Petit-Palais.,<a target=\"_blank\" rel=\"nofollow\" href=\"https:\/\/editionsbussiere.com\/blog\/goto\/https:\/\/fr.wikisource.org\/wiki\/Ce_qu%27ils_n%27ont_pu_d%C3%A9truire_-_Les_Tapisseries_sauv%C3%A9es_de_la_cath%C3%A9drale_de_Reims_au_Petit-Palais\"  target=\"_blank\" rel=\"noopener noreferrer nofollow\">A lire ici.<\/a><span><\/span>}<br \/>\n|{Catherine Tekakwitha\/2\/7.,<a target=\"_blank\" rel=\"nofollow\" href=\"https:\/\/editionsbussiere.com\/blog\/goto\/https:\/\/fr.wikisource.org\/wiki\/Catherine_Tekakwitha\/2\/7\"  target=\"_blank\" rel=\"noopener noreferrer nofollow\">Le post d\u2019actualit\u00e9.<\/a><span><\/span>. Suite sur le prochain article.}<br \/>\n|{Catherine Tekakwitha\/2\/2.,<a target=\"_blank\" rel=\"nofollow\" href=\"https:\/\/editionsbussiere.com\/blog\/goto\/https:\/\/fr.wikisource.org\/wiki\/Catherine_Tekakwitha\/2\/2\"  target=\"_blank\" rel=\"noopener noreferrer nofollow\">Le texte de l\u2019article.<\/a><span><\/span>}<br \/>\n|{Catherine Tekakwitha\/1\/7.,<a target=\"_blank\" rel=\"nofollow\" href=\"https:\/\/editionsbussiere.com\/blog\/goto\/https:\/\/fr.wikisource.org\/wiki\/Catherine_Tekakwitha\/1\/7\"  target=\"_blank\" rel=\"noopener noreferrer nofollow\">Ici.<\/a><span><\/span>. Suite sur le prochain article.}<br \/>\n|{Catherine Tekakwitha.,<a target=\"_blank\" rel=\"nofollow\" href=\"https:\/\/editionsbussiere.com\/blog\/goto\/https:\/\/fr.wikisource.org\/wiki\/Catherine_Tekakwitha\"  target=\"_blank\" rel=\"noopener noreferrer nofollow\">Le texte de l\u2019article.<\/a><span><\/span>}<br \/>\n|{Cat\u00e9chisme illustr\u00e9 des v\u00e9rit\u00e9s n\u00e9cessaires\/XII.,<a target=\"_blank\" rel=\"nofollow\" href=\"https:\/\/editionsbussiere.com\/blog\/goto\/https:\/\/fr.wikisource.org\/wiki\/Cat%C3%A9chisme_illustr%C3%A9_des_v%C3%A9rit%C3%A9s_n%C3%A9cessaires\/XII\"  target=\"_blank\" rel=\"noopener noreferrer nofollow\">A lire ici.<\/a><span><\/span>. Suite sur le prochain article.}<br \/>\n|{Cat\u00e9chisme illustr\u00e9 des v\u00e9rit\u00e9s n\u00e9cessaires\/Pri\u00e8res.,<a target=\"_blank\" rel=\"nofollow\" href=\"https:\/\/editionsbussiere.com\/blog\/goto\/https:\/\/fr.wikisource.org\/wiki\/Cat%C3%A9chisme_illustr%C3%A9_des_v%C3%A9rit%C3%A9s_n%C3%A9cessaires\/Pri%C3%A8res\"  target=\"_blank\" rel=\"noopener noreferrer nofollow\">Le texte de l\u2019article.<\/a><span><\/span>}<br \/>\n|{Cat\u00e9chisme illustr\u00e9 des v\u00e9rit\u00e9s n\u00e9cessaires\/Pri\u00e8res.,<a target=\"_blank\" rel=\"nofollow\" href=\"https:\/\/editionsbussiere.com\/blog\/goto\/https:\/\/fr.wikisource.org\/wiki\/Cat%C3%A9chisme_illustr%C3%A9_des_v%C3%A9rit%C3%A9s_n%C3%A9cessaires\/Pri%C3%A8res\"  target=\"_blank\" rel=\"noopener noreferrer nofollow\">L\u2019article ICI.<\/a><span><\/span>}<br \/>\n|{Cat\u00e9chisme du dioc\u00e8se de Sens\/Pri\u00e8res du matin.,<a target=\"_blank\" rel=\"nofollow\" href=\"https:\/\/editionsbussiere.com\/blog\/goto\/https:\/\/fr.wikisource.org\/wiki\/Cat%C3%A9chisme_du_dioc%C3%A8se_de_Sens\/Pri%C3%A8res_du_matin\"  target=\"_blank\" rel=\"noopener noreferrer nofollow\">Article complet.<\/a><span><\/span>}<br \/>\n|{Cat\u00e9chisme du dioc\u00e8se de Sens\/Pri\u00e8res du matin.,<a target=\"_blank\" rel=\"nofollow\" href=\"https:\/\/editionsbussiere.com\/blog\/goto\/https:\/\/fr.wikisource.org\/wiki\/Cat%C3%A9chisme_du_dioc%C3%A8se_de_Sens\/Pri%C3%A8res_du_matin\"  target=\"_blank\" rel=\"noopener noreferrer nofollow\">Le texte de l\u2019article.<\/a><span><\/span>}<br \/>\n|{Cat\u00e9chisme du dioc\u00e8se de Sens\/Pri\u00e8res de soir.,<a target=\"_blank\" rel=\"nofollow\" href=\"https:\/\/editionsbussiere.com\/blog\/goto\/https:\/\/fr.wikisource.org\/wiki\/Cat%C3%A9chisme_du_dioc%C3%A8se_de_Sens\/Pri%C3%A8res_de_soir\"  target=\"_blank\" rel=\"noopener noreferrer nofollow\">Le texte de l\u2019article.<\/a><span><\/span>}<br \/>\n|{Cat\u00e9chisme du dioc\u00e8se de Sens\/Pentec\u00f4te, Descente du Saint-Esprit.,<a target=\"_blank\" rel=\"nofollow\" href=\"https:\/\/editionsbussiere.com\/blog\/goto\/https:\/\/fr.wikisource.org\/wiki\/Cat%C3%A9chisme_du_dioc%C3%A8se_de_Sens\/Pentec%C3%B4te,_Descente_du_Saint-Esprit\"  target=\"_blank\" rel=\"noopener noreferrer nofollow\">Article complet.<\/a><span><\/span>}<br \/>\n|{Cat\u00e9chisme du dioc\u00e8se de Sens\/La Purification, De l\u2019Ave Maria.,<a target=\"_blank\" rel=\"nofollow\" href=\"https:\/\/editionsbussiere.com\/blog\/goto\/https:\/\/fr.wikisource.org\/wiki\/Cat%C3%A9chisme_du_dioc%C3%A8se_de_Sens\/La_Purification,_De_l%27Ave_Maria\"  target=\"_blank\" rel=\"noopener noreferrer nofollow\">Le texte de l\u2019article.<\/a><span><\/span>}<br \/>\n|{Cat\u00e9chisme du dioc\u00e8se de Sens\/La Purification, De l\u2019Ave Maria.,<a target=\"_blank\" rel=\"nofollow\" href=\"https:\/\/editionsbussiere.com\/blog\/goto\/https:\/\/fr.wikisource.org\/wiki\/Cat%C3%A9chisme_du_dioc%C3%A8se_de_Sens\/La_Purification,_De_l%27Ave_Maria\"  target=\"_blank\" rel=\"noopener noreferrer nofollow\">Le texte de l\u2019article.<\/a><span><\/span>}<br \/>\n|{Cat\u00e9chisme du dioc\u00e8se de Sens\/L\u2019Annonciation.,<a target=\"_blank\" rel=\"nofollow\" href=\"https:\/\/editionsbussiere.com\/blog\/goto\/https:\/\/fr.wikisource.org\/wiki\/Cat%C3%A9chisme_du_dioc%C3%A8se_de_Sens\/L%E2%80%99Annonciation\"  target=\"_blank\" rel=\"noopener noreferrer nofollow\">Le post d\u2019actualit\u00e9.<\/a><span><\/span>. Suite sur le prochain article.}<br \/>\n|{Cat\u00e9chisme du dioc\u00e8se de Sens\/Instruction pr\u00e9paratoire \u00e0 la premi\u00e8re communion.,<a target=\"_blank\" rel=\"nofollow\" href=\"https:\/\/editionsbussiere.com\/blog\/goto\/https:\/\/fr.wikisource.org\/wiki\/Cat%C3%A9chisme_du_dioc%C3%A8se_de_Sens\/Instruction_pr%C3%A9paratoire_%C3%A0_la_premi%C3%A8re_communion\"  target=\"_blank\" rel=\"noopener noreferrer nofollow\">A lire ici.<\/a><span><\/span>}<br \/>\n|{Cat\u00e9chisme du dioc\u00e8se de Sens\/Du 2 et 3, articles du symbole.,<a target=\"_blank\" rel=\"nofollow\" href=\"https:\/\/editionsbussiere.com\/blog\/goto\/https:\/\/fr.wikisource.org\/wiki\/Cat%C3%A9chisme_du_dioc%C3%A8se_de_Sens\/Du_2_et_3,_articles_du_symbole\"  target=\"_blank\" rel=\"noopener noreferrer nofollow\">L\u2019article de presse.<\/a><span><\/span>}<br \/>\n|{Cat\u00e9chisme du dioc\u00e8se de Sens\/Du 2 et 3, articles du symbole.,<a target=\"_blank\" rel=\"nofollow\" href=\"https:\/\/editionsbussiere.com\/blog\/goto\/https:\/\/fr.wikisource.org\/wiki\/Cat%C3%A9chisme_du_dioc%C3%A8se_de_Sens\/Du_2_et_3,_articles_du_symbole\"  target=\"_blank\" rel=\"noopener noreferrer nofollow\">Article complet.<\/a><span><\/span>}<br \/>\n|{Cat\u00e9chisme du dioc\u00e8se de Sens\/Des Actions de la Journ\u00e9e.,<a target=\"_blank\" rel=\"nofollow\" href=\"https:\/\/editionsbussiere.com\/blog\/goto\/https:\/\/fr.wikisource.org\/wiki\/Cat%C3%A9chisme_du_dioc%C3%A8se_de_Sens\/Des_Actions_de_la_Journ%C3%A9e\"  target=\"_blank\" rel=\"noopener noreferrer nofollow\">Ici.<\/a><span><\/span>}<br \/>\n|{Cat\u00e9chisme du dioc\u00e8se de Sens\/Assomption de la Sainte Vierge.,<a target=\"_blank\" rel=\"nofollow\" href=\"https:\/\/editionsbussiere.com\/blog\/goto\/https:\/\/fr.wikisource.org\/wiki\/Cat%C3%A9chisme_du_dioc%C3%A8se_de_Sens\/Assomption_de_la_Sainte_Vierge\"  target=\"_blank\" rel=\"noopener noreferrer nofollow\">A lire ici.<\/a><span><\/span>}<br \/>\n|{Cat\u00e9chisme du dioc\u00e8se de Sens\/Assomption de la Sainte Vierge.,<a target=\"_blank\" rel=\"nofollow\" href=\"https:\/\/editionsbussiere.com\/blog\/goto\/https:\/\/fr.wikisource.org\/wiki\/Cat%C3%A9chisme_du_dioc%C3%A8se_de_Sens\/Assomption_de_la_Sainte_Vierge\"  target=\"_blank\" rel=\"noopener noreferrer nofollow\">Ici.<\/a><span><\/span>. Suite sur le prochain article.}<br \/>\n|{Cat\u00e9chisme du dioc\u00e8se de Sens\/Abr\u00e9g\u00e9 de doctrine chr\u00e9tienne.,<a target=\"_blank\" rel=\"nofollow\" href=\"https:\/\/editionsbussiere.com\/blog\/goto\/https:\/\/fr.wikisource.org\/wiki\/Cat%C3%A9chisme_du_dioc%C3%A8se_de_Sens\/Abr%C3%A9g%C3%A9_de_doctrine_chr%C3%A9tienne\"  target=\"_blank\" rel=\"noopener noreferrer nofollow\">L\u2019article de presse.<\/a><span><\/span>. Suite sur le prochain article.}<br \/>\n|{Cat\u00e9chisme du dioc\u00e8se de Sens.,<a target=\"_blank\" rel=\"nofollow\" href=\"https:\/\/editionsbussiere.com\/blog\/goto\/https:\/\/fr.wikisource.org\/wiki\/Cat%C3%A9chisme_du_dioc%C3%A8se_de_Sens\"  target=\"_blank\" rel=\"noopener noreferrer nofollow\">Le post d\u2019actualit\u00e9.<\/a><span><\/span>}<br \/>\n|{Cat\u00e9chisme du concile de Trente\/Chapitre 4.,<a target=\"_blank\" rel=\"nofollow\" href=\"https:\/\/editionsbussiere.com\/blog\/goto\/https:\/\/fr.wikisource.org\/wiki\/Cat%C3%A9chisme_du_concile_de_Trente\/Chapitre_4\"  target=\"_blank\" rel=\"noopener noreferrer nofollow\">L\u2019article ICI.<\/a><span><\/span>}<br \/>\n|{Cat\u00e9chisme du concile de Trente\/Chapitre 38.,<a target=\"_blank\" rel=\"nofollow\" href=\"https:\/\/editionsbussiere.com\/blog\/goto\/https:\/\/fr.wikisource.org\/wiki\/Cat%C3%A9chisme_du_concile_de_Trente\/Chapitre_38\"  target=\"_blank\" rel=\"noopener noreferrer nofollow\">Article complet.<\/a><span><\/span>}<br \/>\n|{Cat\u00e9chisme du concile de Trente.,<a target=\"_blank\" rel=\"nofollow\" href=\"https:\/\/editionsbussiere.com\/blog\/goto\/https:\/\/fr.wikisource.org\/wiki\/Cat%C3%A9chisme_du_concile_de_Trente\"  target=\"_blank\" rel=\"noopener noreferrer nofollow\">Le texte de l\u2019article.<\/a><span><\/span>. Suite sur le prochain article.}<br \/>\n|{Cat\u00e9chisme du concile de Trente.,<a target=\"_blank\" rel=\"nofollow\" href=\"https:\/\/editionsbussiere.com\/blog\/goto\/https:\/\/fr.wikisource.org\/wiki\/Cat%C3%A9chisme_du_concile_de_Trente\"  target=\"_blank\" rel=\"noopener noreferrer nofollow\">L\u2019article de presse.<\/a><span><\/span>}<br \/>\n|{Captive et bourreau\/12.,<a target=\"_blank\" rel=\"nofollow\" href=\"https:\/\/editionsbussiere.com\/blog\/goto\/https:\/\/fr.wikisource.org\/wiki\/Captive_et_bourreau\/12\"  target=\"_blank\" rel=\"noopener noreferrer nofollow\">Ici.<\/a><span><\/span>. Suite sur le prochain article.}<br \/>\n|{Cantique-r\u00e9cit de l\u2019apparition de N.-D. de Lourdes.,<a target=\"_blank\" rel=\"nofollow\" href=\"https:\/\/editionsbussiere.com\/blog\/goto\/https:\/\/fr.wikisource.org\/wiki\/Cantique-r%C3%A9cit_de_l%27apparition_de_N.-D._de_Lourdes\"  target=\"_blank\" rel=\"noopener noreferrer nofollow\">Le post d\u2019actualit\u00e9.<\/a><span><\/span>}<br \/>\n|{Cantique \u00e0 Notre-Dame-de-Victoire.,<a target=\"_blank\" rel=\"nofollow\" href=\"https:\/\/editionsbussiere.com\/blog\/goto\/https:\/\/fr.wikisource.org\/wiki\/Cantique_%C3%A0_Notre-Dame-de-Victoire\"  target=\"_blank\" rel=\"noopener noreferrer nofollow\">Article complet.<\/a><span><\/span>}<br \/>\n|{Calendrier de la Paroisse Saint-Jean de Libourne 1895\/Condat. Son Origine, sa Seigneurerie, son Ch\u00e2teau, sa Chapelle, ses Chapelains et ses Cur\u00e9s.,<a target=\"_blank\" rel=\"nofollow\" href=\"https:\/\/editionsbussiere.com\/blog\/goto\/https:\/\/fr.wikisource.org\/wiki\/Calendrier_de_la_Paroisse_Saint-Jean_de_Libourne_1895\/Condat._Son_Origine,_sa_Seigneurerie,_son_Ch%C3%A2teau,_sa_Chapelle,_ses_Chapelains_et_ses_Cur%C3%A9s\"  target=\"_blank\" rel=\"noopener noreferrer nofollow\">L\u2019article ICI.<\/a><span><\/span>}<br \/>\n|{Cahier de chansons populaires\/Deux maris pour une femme.,<a target=\"_blank\" rel=\"nofollow\" href=\"https:\/\/editionsbussiere.com\/blog\/goto\/https:\/\/fr.wikisource.org\/wiki\/Cahier_de_chansons_populaires\/Deux_maris_pour_une_femme\"  target=\"_blank\" rel=\"noopener noreferrer nofollow\">Cliquer ICI.<\/a><span><\/span>}<br \/>\n|{C. E. Casgrain : m\u00e9moires de famille\/5.,<a target=\"_blank\" rel=\"nofollow\" href=\"https:\/\/editionsbussiere.com\/blog\/goto\/https:\/\/fr.wikisource.org\/wiki\/C._E._Casgrain_:_m%C3%A9moires_de_famille\/5\"  target=\"_blank\" rel=\"noopener noreferrer nofollow\">Le dossier.<\/a><span><\/span>. Suite sur le prochain article.}<br \/>\n|{Bulletin de la Soci\u00e9t\u00e9 des sciences et arts du Beaujolais\/1909\/8 \u2013 Vitraux Notre-Dame-des-Marais.,<a target=\"_blank\" rel=\"nofollow\" href=\"https:\/\/editionsbussiere.com\/blog\/goto\/https:\/\/fr.wikisource.org\/wiki\/Bulletin_de_la_Soci%C3%A9t%C3%A9_des_sciences_et_arts_du_Beaujolais\/1909\/8_-_Vitraux_Notre-Dame-des-Marais\"  target=\"_blank\" rel=\"noopener noreferrer nofollow\">Cliquer ICI.<\/a><span><\/span>}<br \/>\n|{Brumes de fjords\/L\u00e9gende du saule.,<a target=\"_blank\" rel=\"nofollow\" href=\"https:\/\/editionsbussiere.com\/blog\/goto\/https:\/\/fr.wikisource.org\/wiki\/Brumes_de_fjords\/L%C3%A9gende_du_saule\"  target=\"_blank\" rel=\"noopener noreferrer nofollow\">Le texte de l\u2019article.<\/a><span><\/span>}<br \/>\n|{Bruges, ses monuments et ses tableaux.,<a target=\"_blank\" rel=\"nofollow\" href=\"https:\/\/editionsbussiere.com\/blog\/goto\/https:\/\/fr.wikisource.org\/wiki\/Bruges,_ses_monuments_et_ses_tableaux\"  target=\"_blank\" rel=\"noopener noreferrer nofollow\">Le texte de l\u2019article.<\/a><span><\/span>. Suite sur le prochain article.}<br \/>\n|{Bouquets et pri\u00e8res\/Veill\u00e9e.,<a target=\"_blank\" rel=\"nofollow\" href=\"https:\/\/editionsbussiere.com\/blog\/goto\/https:\/\/fr.wikisource.org\/wiki\/Bouquets_et_pri%C3%A8res\/Veill%C3%A9e\"  target=\"_blank\" rel=\"noopener noreferrer nofollow\">Le dossier.<\/a><span><\/span>. Suite sur le prochain article.}<br \/>\n|{Bouquets et pri\u00e8res\/Une Plume de Femme.,<a target=\"_blank\" rel=\"nofollow\" href=\"https:\/\/editionsbussiere.com\/blog\/goto\/https:\/\/fr.wikisource.org\/wiki\/Bouquets_et_pri%C3%A8res\/Une_Plume_de_Femme\"  target=\"_blank\" rel=\"noopener noreferrer nofollow\">Le post d\u2019actualit\u00e9.<\/a><span><\/span>}<br \/>\n|{Bouquets et pri\u00e8res\/Texte entier.,<a target=\"_blank\" rel=\"nofollow\" href=\"https:\/\/editionsbussiere.com\/blog\/goto\/https:\/\/fr.wikisource.org\/wiki\/Bouquets_et_pri%C3%A8res\/Texte_entier\"  target=\"_blank\" rel=\"noopener noreferrer nofollow\">A lire ici.<\/a><span><\/span>}<br \/>\n|{Bouquets et pri\u00e8res\/Sur l\u2019Inondation de Lyon.,<a target=\"_blank\" rel=\"nofollow\" href=\"https:\/\/editionsbussiere.com\/blog\/goto\/https:\/\/fr.wikisource.org\/wiki\/Bouquets_et_pri%C3%A8res\/Sur_l%E2%80%99Inondation_de_Lyon\"  target=\"_blank\" rel=\"noopener noreferrer nofollow\">Ici.<\/a><span><\/span>}<br \/>\n|{Bouquets et pri\u00e8res\/Pri\u00e8re pour mon Amie.,<a target=\"_blank\" rel=\"nofollow\" href=\"https:\/\/editionsbussiere.com\/blog\/goto\/https:\/\/fr.wikisource.org\/wiki\/Bouquets_et_pri%C3%A8res\/Pri%C3%A8re_pour_mon_Amie\"  target=\"_blank\" rel=\"noopener noreferrer nofollow\">Le dossier.<\/a><span><\/span>. Suite sur le prochain article.}<br \/>\n|{Bouquets et pri\u00e8res\/Les Amiti\u00e9s de la Jeunesse.,<a target=\"_blank\" rel=\"nofollow\" href=\"https:\/\/editionsbussiere.com\/blog\/goto\/https:\/\/fr.wikisource.org\/wiki\/Bouquets_et_pri%C3%A8res\/Les_Amiti%C3%A9s_de_la_Jeunesse\"  target=\"_blank\" rel=\"noopener noreferrer nofollow\">L\u2019article ICI.<\/a><span><\/span>. Suite sur le prochain article.}<br \/>\n|{Bouquets et pri\u00e8res\/Le Saule.,<a target=\"_blank\" rel=\"nofollow\" href=\"https:\/\/editionsbussiere.com\/blog\/goto\/https:\/\/fr.wikisource.org\/wiki\/Bouquets_et_pri%C3%A8res\/Le_Saule\"  target=\"_blank\" rel=\"noopener noreferrer nofollow\">Le dossier.<\/a><span><\/span>. Suite sur le prochain article.}<br \/>\n|{Bouquets et pri\u00e8res\/La Page Blanche.,<a target=\"_blank\" rel=\"nofollow\" href=\"https:\/\/editionsbussiere.com\/blog\/goto\/https:\/\/fr.wikisource.org\/wiki\/Bouquets_et_pri%C3%A8res\/La_Page_Blanche\"  target=\"_blank\" rel=\"noopener noreferrer nofollow\">Article complet.<\/a><span><\/span>. Suite sur le prochain article.}<br \/>\n|{Bouquets et pri\u00e8res\/L\u2019Enfant b\u00e9ni.,<a target=\"_blank\" rel=\"nofollow\" href=\"https:\/\/editionsbussiere.com\/blog\/goto\/https:\/\/fr.wikisource.org\/wiki\/Bouquets_et_pri%C3%A8res\/L%E2%80%99Enfant_b%C3%A9ni\"  target=\"_blank\" rel=\"noopener noreferrer nofollow\">Cliquer ICI.<\/a><span><\/span>. Suite sur le prochain article.}<br \/>\n|{Bouquets et pri\u00e8res\/Croyance Populaire.,<a target=\"_blank\" rel=\"nofollow\" href=\"https:\/\/editionsbussiere.com\/blog\/goto\/https:\/\/fr.wikisource.org\/wiki\/Bouquets_et_pri%C3%A8res\/Croyance_Populaire\"  target=\"_blank\" rel=\"noopener noreferrer nofollow\">L\u2019article ICI.<\/a><span><\/span>}<br \/>\n|{Bouquets et pri\u00e8res\/\u00c0 l\u2019auteur de Marie.,<a target=\"_blank\" rel=\"nofollow\" href=\"https:\/\/editionsbussiere.com\/blog\/goto\/https:\/\/fr.wikisource.org\/wiki\/Bouquets_et_pri%C3%A8res\/%C3%80_l%E2%80%99auteur_de_Marie\"  target=\"_blank\" rel=\"noopener noreferrer nofollow\">Le texte de l\u2019article.<\/a><span><\/span>. Suite sur le prochain article.}<br \/>\n|{Bouquets et pri\u00e8res\/\u00c0 l\u2019auteur de Marie.,<a target=\"_blank\" rel=\"nofollow\" href=\"https:\/\/editionsbussiere.com\/blog\/goto\/https:\/\/fr.wikisource.org\/wiki\/Bouquets_et_pri%C3%A8res\/%C3%80_l%E2%80%99auteur_de_Marie\"  target=\"_blank\" rel=\"noopener noreferrer nofollow\">Le texte de l\u2019article.<\/a><span><\/span>}<br \/>\n|{Bonheur (Verlaine)\/Voix de Gabriel.,<a target=\"_blank\" rel=\"nofollow\" href=\"https:\/\/editionsbussiere.com\/blog\/goto\/https:\/\/fr.wikisource.org\/wiki\/Bonheur_(Verlaine)\/Voix_de_Gabriel\"  target=\"_blank\" rel=\"noopener noreferrer nofollow\">L\u2019article ICI.<\/a><span><\/span>}<br \/>\n|{Bonheur (Verlaine)\/L\u2019amour de la Patrie est le premier amour.,<a target=\"_blank\" rel=\"nofollow\" href=\"https:\/\/editionsbussiere.com\/blog\/goto\/https:\/\/fr.wikisource.org\/wiki\/Bonheur_(Verlaine)\/L%E2%80%99amour_de_la_Patrie_est_le_premier_amour\"  target=\"_blank\" rel=\"noopener noreferrer nofollow\">Le dossier.<\/a><span><\/span>. Suite sur le prochain article.}<br \/>\n|{Boileau \u2013 \u0152uvres po\u00e9tiques\/Le Lutrin\/Chant 6.,<a target=\"_blank\" rel=\"nofollow\" href=\"https:\/\/editionsbussiere.com\/blog\/goto\/https:\/\/fr.wikisource.org\/wiki\/Boileau_-_%C5%92uvres_po%C3%A9tiques\/Le_Lutrin\/Chant_6\"  target=\"_blank\" rel=\"noopener noreferrer nofollow\">Article complet.<\/a><span><\/span>}<br \/>\n|{Bleu, blanc, rouge\/65.,<a target=\"_blank\" rel=\"nofollow\" href=\"https:\/\/editionsbussiere.com\/blog\/goto\/https:\/\/fr.wikisource.org\/wiki\/Bleu,_blanc,_rouge\/65\"  target=\"_blank\" rel=\"noopener noreferrer nofollow\">Cliquer ICI.<\/a><span><\/span>}<br \/>\n|{Bleu, blanc, rouge\/41.,<a target=\"_blank\" rel=\"nofollow\" href=\"https:\/\/editionsbussiere.com\/blog\/goto\/https:\/\/fr.wikisource.org\/wiki\/Bleu,_blanc,_rouge\/41\"  target=\"_blank\" rel=\"noopener noreferrer nofollow\">Article complet.<\/a><span><\/span>}<br \/>\n|{Blanche.,<a target=\"_blank\" rel=\"nofollow\" href=\"https:\/\/editionsbussiere.com\/blog\/goto\/https:\/\/fr.wikisource.org\/wiki\/Blanche\"  target=\"_blank\" rel=\"noopener noreferrer nofollow\">Cliquer ICI.<\/a><span><\/span>}<br \/>\n|{Blad\u00e9 \u2013 Contes populaires de la Gascogne, t. 3, 1886 Le Navire marchant sur terre.,<a target=\"_blank\" rel=\"nofollow\" href=\"https:\/\/editionsbussiere.com\/blog\/goto\/https:\/\/fr.wikisource.org\/wiki\/Blad%C3%A9_-_Contes_populaires_de_la_Gascogne,_t._3,_1886_Le_Navire_marchant_sur_terre\"  target=\"_blank\" rel=\"noopener noreferrer nofollow\">A lire ici.<\/a><span><\/span>. Suite sur le prochain article.}<br \/>\n|{Blad\u00e9 \u2013 Contes populaires de la Gascogne, t. 3, 1886 La Besace.,<a target=\"_blank\" rel=\"nofollow\" href=\"https:\/\/editionsbussiere.com\/blog\/goto\/https:\/\/fr.wikisource.org\/wiki\/Blad%C3%A9_-_Contes_populaires_de_la_Gascogne,_t._3,_1886_La_Besace\"  target=\"_blank\" rel=\"noopener noreferrer nofollow\">Article complet.<\/a><span><\/span>}<br \/>\n|{Blad\u00e9 \u2013 Contes populaires de la Gascogne, t. 2, 1886\/Le Bon Dieu et le Vacher.,<a target=\"_blank\" rel=\"nofollow\" href=\"https:\/\/editionsbussiere.com\/blog\/goto\/https:\/\/fr.wikisource.org\/wiki\/Blad%C3%A9_-_Contes_populaires_de_la_Gascogne,_t._2,_1886\/Le_Bon_Dieu_et_le_Vacher\"  target=\"_blank\" rel=\"noopener noreferrer nofollow\">L\u2019article ICI.<\/a><span><\/span>}<br \/>\n|{Blad\u00e9 \u2013 Contes populaires de la Gascogne, t. 2, 1886.djvu\/Le Voyage de Notre-Seigneur.,<a target=\"_blank\" rel=\"nofollow\" href=\"https:\/\/editionsbussiere.com\/blog\/goto\/https:\/\/fr.wikisource.org\/wiki\/Blad%C3%A9_-_Contes_populaires_de_la_Gascogne,_t._2,_1886.djvu\/Le_Voyage_de_Notre-Seigneur\"  target=\"_blank\" rel=\"noopener noreferrer nofollow\">L\u2019article de presse.<\/a><span><\/span>}<br \/>\n|{Blad\u00e9 \u2013 Contes populaires de la Gascogne, t. 2, 1886.djvu\/Le Voyage de Notre-Seigneur.,<a target=\"_blank\" rel=\"nofollow\" href=\"https:\/\/editionsbussiere.com\/blog\/goto\/https:\/\/fr.wikisource.org\/wiki\/Blad%C3%A9_-_Contes_populaires_de_la_Gascogne,_t._2,_1886.djvu\/Le_Voyage_de_Notre-Seigneur\"  target=\"_blank\" rel=\"noopener noreferrer nofollow\">Le texte de l\u2019article.<\/a><span><\/span>}<br \/>\n|{Blad\u00e9 \u2013 Contes populaires de la Gascogne, t. 2, 1886.djvu\/La Punition de la Ville de Lourdes.,<a target=\"_blank\" rel=\"nofollow\" href=\"https:\/\/editionsbussiere.com\/blog\/goto\/https:\/\/fr.wikisource.org\/wiki\/Blad%C3%A9_-_Contes_populaires_de_la_Gascogne,_t._2,_1886.djvu\/La_Punition_de_la_Ville_de_Lourdes\"  target=\"_blank\" rel=\"noopener noreferrer nofollow\">Le post d\u2019actualit\u00e9.<\/a><span><\/span>. Suite sur le prochain article.}<br \/>\n|{Biographies de l\u2019honorable Barth\u00e9lemi Joliette et de M le Grand vicaire A Manseau\/Chapitre XLV.,<a target=\"_blank\" rel=\"nofollow\" href=\"https:\/\/editionsbussiere.com\/blog\/goto\/https:\/\/fr.wikisource.org\/wiki\/Biographies_de_l%E2%80%99honorable_Barth%C3%A9lemi_Joliette_et_de_M_le_Grand_vicaire_A_Manseau\/Chapitre_XLV\"  target=\"_blank\" rel=\"noopener noreferrer nofollow\">Cliquer ICI.<\/a><span><\/span>}<br \/>\n|{Biographie nationale de Belgique\/Tome 3\/BUSCHEY, Henri.,<a target=\"_blank\" rel=\"nofollow\" href=\"https:\/\/editionsbussiere.com\/blog\/goto\/https:\/\/fr.wikisource.org\/wiki\/Biographie_nationale_de_Belgique\/Tome_3\/BUSCHEY,_Henri\"  target=\"_blank\" rel=\"noopener noreferrer nofollow\">L\u2019article de presse.<\/a><span><\/span>. Suite sur le prochain article.}<br \/>\n|{Biographie nationale de Belgique\/Tome 2\/BOULOGNE, Adrien DE.,<a target=\"_blank\" rel=\"nofollow\" href=\"https:\/\/editionsbussiere.com\/blog\/goto\/https:\/\/fr.wikisource.org\/wiki\/Biographie_nationale_de_Belgique\/Tome_2\/BOULOGNE,_Adrien_DE\"  target=\"_blank\" rel=\"noopener noreferrer nofollow\">Le dossier.<\/a><span><\/span>}<br \/>\n|{Biographie nationale de Belgique\/Tome 2\/BENEDEN, Laurent VAN.,<a target=\"_blank\" rel=\"nofollow\" href=\"https:\/\/editionsbussiere.com\/blog\/goto\/https:\/\/fr.wikisource.org\/wiki\/Biographie_nationale_de_Belgique\/Tome_2\/BENEDEN,_Laurent_VAN\"  target=\"_blank\" rel=\"noopener noreferrer nofollow\">L\u2019article de presse.<\/a><span><\/span>. Suite sur le prochain article.}<br \/>\n|{Biographie nationale de Belgique\/Tome 2\/BELLO, Pierre.,<a target=\"_blank\" rel=\"nofollow\" href=\"https:\/\/editionsbussiere.com\/blog\/goto\/https:\/\/fr.wikisource.org\/wiki\/Biographie_nationale_de_Belgique\/Tome_2\/BELLO,_Pierre\"  target=\"_blank\" rel=\"noopener noreferrer nofollow\">Le dossier.<\/a><span><\/span>. Suite sur le prochain article.}<br \/>\n|{Biographie nationale de Belgique\/Tome 1\/ASTROY, Barth\u00e9lemy D\u2019.,<a target=\"_blank\" rel=\"nofollow\" href=\"https:\/\/editionsbussiere.com\/blog\/goto\/https:\/\/fr.wikisource.org\/wiki\/Biographie_nationale_de_Belgique\/Tome_1\/ASTROY,_Barth%C3%A9lemy_D%E2%80%99\"  target=\"_blank\" rel=\"noopener noreferrer nofollow\">Le dossier.<\/a><span><\/span>}<br \/>\n|{Biographie nationale de Belgique\/Tome 1\/ALAR, Antoine.,<a target=\"_blank\" rel=\"nofollow\" href=\"https:\/\/editionsbussiere.com\/blog\/goto\/https:\/\/fr.wikisource.org\/wiki\/Biographie_nationale_de_Belgique\/Tome_1\/ALAR,_Antoine\"  target=\"_blank\" rel=\"noopener noreferrer nofollow\">L\u2019article de presse.<\/a><span><\/span>. Suite sur le prochain article.}<br \/>\n|{Bible Segond 1910\/Livre des Lamentations.,<a target=\"_blank\" rel=\"nofollow\" href=\"https:\/\/editionsbussiere.com\/blog\/goto\/https:\/\/fr.wikisource.org\/wiki\/Bible_Segond_1910\/Livre_des_Lamentations\"  target=\"_blank\" rel=\"noopener noreferrer nofollow\">Cliquer ICI.<\/a><span><\/span>}<br \/>\n|{Bible Sacy\/Lamentations.,<a target=\"_blank\" rel=\"nofollow\" href=\"https:\/\/editionsbussiere.com\/blog\/goto\/https:\/\/fr.wikisource.org\/wiki\/Bible_Sacy\/Lamentations\"  target=\"_blank\" rel=\"noopener noreferrer nofollow\">Le dossier.<\/a><span><\/span>}<br \/>\n|{Bible Ostervald 1867\/Lamentations.,<a target=\"_blank\" rel=\"nofollow\" href=\"https:\/\/editionsbussiere.com\/blog\/goto\/https:\/\/fr.wikisource.org\/wiki\/Bible_Ostervald_1867\/Lamentations\"  target=\"_blank\" rel=\"noopener noreferrer nofollow\">Le post d\u2019actualit\u00e9.<\/a><span><\/span>. Suite sur le prochain article.}<br \/>\n|{Bible Crampon 1923\/Lamentations.,<a target=\"_blank\" rel=\"nofollow\" href=\"https:\/\/editionsbussiere.com\/blog\/goto\/https:\/\/fr.wikisource.org\/wiki\/Bible_Crampon_1923\/Lamentations\"  target=\"_blank\" rel=\"noopener noreferrer nofollow\">L\u2019article de presse.<\/a><span><\/span>}<br \/>\n|{Bible Crampon 1923\/1 Corinthiens.,<a target=\"_blank\" rel=\"nofollow\" href=\"https:\/\/editionsbussiere.com\/blog\/goto\/https:\/\/fr.wikisource.org\/wiki\/Bible_Crampon_1923\/1_Corinthiens\"  target=\"_blank\" rel=\"noopener noreferrer nofollow\">Article complet.<\/a><span><\/span>}<br \/>\n|{Belluaires et porchers\/La Langue de Dieu.,<a target=\"_blank\" rel=\"nofollow\" href=\"https:\/\/editionsbussiere.com\/blog\/goto\/https:\/\/fr.wikisource.org\/wiki\/Belluaires_et_porchers\/La_Langue_de_Dieu\"  target=\"_blank\" rel=\"noopener noreferrer nofollow\">L\u2019article ICI.<\/a><span><\/span>}<br \/>\n|{Belluaires et porchers\/La Langue de Dieu.,<a target=\"_blank\" rel=\"nofollow\" href=\"https:\/\/editionsbussiere.com\/blog\/goto\/https:\/\/fr.wikisource.org\/wiki\/Belluaires_et_porchers\/La_Langue_de_Dieu\"  target=\"_blank\" rel=\"noopener noreferrer nofollow\">Article complet.<\/a><span><\/span>}<br \/>\n|{Barzaz Breiz\/1846\/Chant des Ames du Purgatoire.,<a target=\"_blank\" rel=\"nofollow\" href=\"https:\/\/editionsbussiere.com\/blog\/goto\/https:\/\/fr.wikisource.org\/wiki\/Barzaz_Breiz\/1846\/Chant_des_Ames_du_Purgatoire\"  target=\"_blank\" rel=\"noopener noreferrer nofollow\">Article complet.<\/a><span><\/span>. Suite sur le prochain article.}<br \/>\n|{Ballades sur plusieurs sujets\/Ballade XXI.,<a target=\"_blank\" rel=\"nofollow\" href=\"https:\/\/editionsbussiere.com\/blog\/goto\/https:\/\/fr.wikisource.org\/wiki\/Ballades_sur_plusieurs_sujets\/Ballade_XXI\"  target=\"_blank\" rel=\"noopener noreferrer nofollow\">Article complet.<\/a><span><\/span>}<br \/>\n|{Ballade des pendus.,<a target=\"_blank\" rel=\"nofollow\" href=\"https:\/\/editionsbussiere.com\/blog\/goto\/https:\/\/fr.wikisource.org\/wiki\/Ballade_des_pendus\"  target=\"_blank\" rel=\"noopener noreferrer nofollow\">Le dossier.<\/a><span><\/span>. Suite sur le prochain article.}<br \/>\n|{Ave Maria (Gautier).,<a target=\"_blank\" rel=\"nofollow\" href=\"https:\/\/editionsbussiere.com\/blog\/goto\/https:\/\/fr.wikisource.org\/wiki\/Ave_Maria_(Gautier)\"  target=\"_blank\" rel=\"noopener noreferrer nofollow\">Cliquer ICI.<\/a><span><\/span>}<br \/>\n|{Autour de la maison\/Chapitre XLIII.,<a target=\"_blank\" rel=\"nofollow\" href=\"https:\/\/editionsbussiere.com\/blog\/goto\/https:\/\/fr.wikisource.org\/wiki\/Autour_de_la_maison\/Chapitre_XLIII\"  target=\"_blank\" rel=\"noopener noreferrer nofollow\">Le texte de l\u2019article.<\/a><span><\/span>. Suite sur le prochain article.}<br \/>\n|{Autour de la maison\/Chapitre XLI.,<a target=\"_blank\" rel=\"nofollow\" href=\"https:\/\/editionsbussiere.com\/blog\/goto\/https:\/\/fr.wikisource.org\/wiki\/Autour_de_la_maison\/Chapitre_XLI\"  target=\"_blank\" rel=\"noopener noreferrer nofollow\">L\u2019article de presse.<\/a><span><\/span>. Suite sur le prochain article.}<br \/>\n|{Auteur:Joseph Grandet.,<a target=\"_blank\" rel=\"nofollow\" href=\"https:\/\/editionsbussiere.com\/blog\/goto\/https:\/\/fr.wikisource.org\/wiki\/Auteur:Joseph_Grandet\"  target=\"_blank\" rel=\"noopener noreferrer nofollow\">L\u2019article de presse.<\/a><span><\/span>}<br \/>\n|{Auteur:Joris-Karl Huysmans.,<a target=\"_blank\" rel=\"nofollow\" href=\"https:\/\/editionsbussiere.com\/blog\/goto\/https:\/\/fr.wikisource.org\/wiki\/Auteur:Joris-Karl_Huysmans\"  target=\"_blank\" rel=\"noopener noreferrer nofollow\">Le dossier.<\/a><span><\/span>}<br \/>\n|{Auteur:Jean Masset.,<a target=\"_blank\" rel=\"nofollow\" href=\"https:\/\/editionsbussiere.com\/blog\/goto\/https:\/\/fr.wikisource.org\/wiki\/Auteur:Jean_Masset\"  target=\"_blank\" rel=\"noopener noreferrer nofollow\">Le post d\u2019actualit\u00e9.<\/a><span><\/span>}<br \/>\n|{Auteur:Jean Eudes.,<a target=\"_blank\" rel=\"nofollow\" href=\"https:\/\/editionsbussiere.com\/blog\/goto\/https:\/\/fr.wikisource.org\/wiki\/Auteur:Jean_Eudes\"  target=\"_blank\" rel=\"noopener noreferrer nofollow\">Article complet.<\/a><span><\/span>}<br \/>\n|{Auteur:George Sand.,<a target=\"_blank\" rel=\"nofollow\" href=\"https:\/\/editionsbussiere.com\/blog\/goto\/https:\/\/fr.wikisource.org\/wiki\/Auteur:George_Sand\"  target=\"_blank\" rel=\"noopener noreferrer nofollow\">L\u2019article ICI.<\/a><span><\/span>}<br \/>\n|{Auteur:George Gordon Byron\/Index des \u0153uvres.,<a target=\"_blank\" rel=\"nofollow\" href=\"https:\/\/editionsbussiere.com\/blog\/goto\/https:\/\/fr.wikisource.org\/wiki\/Auteur:George_Gordon_Byron\/Index_des_%C5%93uvres\"  target=\"_blank\" rel=\"noopener noreferrer nofollow\">Ici.<\/a><span><\/span>}<br \/>\n|{Auteur:Bernard de Clairvaux.,<a target=\"_blank\" rel=\"nofollow\" href=\"https:\/\/editionsbussiere.com\/blog\/goto\/https:\/\/fr.wikisource.org\/wiki\/Auteur:Bernard_de_Clairvaux\"  target=\"_blank\" rel=\"noopener noreferrer nofollow\">Article complet.<\/a><span><\/span>. Suite sur le prochain article.}<br \/>\n|{Autant en emporte le vent (Mor\u00e9as)\/Je suis le guerrier qui taille.,<a target=\"_blank\" rel=\"nofollow\" href=\"https:\/\/editionsbussiere.com\/blog\/goto\/https:\/\/fr.wikisource.org\/wiki\/Autant_en_emporte_le_vent_(Mor%C3%A9as)\/Je_suis_le_guerrier_qui_taille\"  target=\"_blank\" rel=\"noopener noreferrer nofollow\">Le texte de l\u2019article.<\/a><span><\/span>}<br \/>\n|{Augustin d\u2019Hippone\/Deuxi\u00e8me s\u00e9rie\/Solennit\u00e9s et pan\u00e9gyriques\/Sermon CXCVI. Pour le jour de No\u00ebl. XII. Pour qui l\u2019Incarnation.,<a target=\"_blank\" rel=\"nofollow\" href=\"https:\/\/editionsbussiere.com\/blog\/goto\/https:\/\/fr.wikisource.org\/wiki\/Augustin_d%E2%80%99Hippone\/Deuxi%C3%A8me_s%C3%A9rie\/Solennit%C3%A9s_et_pan%C3%A9gyriques\/Sermon_CXCVI._Pour_le_jour_de_No%C3%ABl._XII._Pour_qui_l%E2%80%99Incarnation\"  target=\"_blank\" rel=\"noopener noreferrer nofollow\">Ici.<\/a><span><\/span>}<br \/>\n|{Augustin d\u2019Hippone\/Deuxi\u00e8me s\u00e9rie\/Solennit\u00e9s et pan\u00e9gyriques\/Sermon CLXXXVI. Pour le jour de No\u00ebl. III. Le Fis de Dieu devenu Fils de l\u2019homme.,<a target=\"_blank\" rel=\"nofollow\" href=\"https:\/\/editionsbussiere.com\/blog\/goto\/https:\/\/fr.wikisource.org\/wiki\/Augustin_d%E2%80%99Hippone\/Deuxi%C3%A8me_s%C3%A9rie\/Solennit%C3%A9s_et_pan%C3%A9gyriques\/Sermon_CLXXXVI._Pour_le_jour_de_No%C3%ABl._III._Le_Fis_de_Dieu_devenu_Fils_de_l%E2%80%99homme\"  target=\"_blank\" rel=\"noopener noreferrer nofollow\">L\u2019article ICI.<\/a><span><\/span>. Suite sur le prochain article.}<br \/>\n|{Augustin d\u2019Hippone\/Deuxi\u00e8me s\u00e9rie\/Solennit\u00e9s et pan\u00e9gyriques\/Sermon CLXXXIX. Pour le jour de No\u00ebl. VI. V\u00e9rit\u00e9 et justification.,<a target=\"_blank\" rel=\"nofollow\" href=\"https:\/\/editionsbussiere.com\/blog\/goto\/https:\/\/fr.wikisource.org\/wiki\/Augustin_d%E2%80%99Hippone\/Deuxi%C3%A8me_s%C3%A9rie\/Solennit%C3%A9s_et_pan%C3%A9gyriques\/Sermon_CLXXXIX._Pour_le_jour_de_No%C3%ABl._VI._V%C3%A9rit%C3%A9_et_justification\"  target=\"_blank\" rel=\"noopener noreferrer nofollow\">L\u2019article de presse.<\/a><span><\/span>}<br \/>\n|{Augustin d\u2019Hippone\/Deuxi\u00e8me s\u00e9rie\/Solennit\u00e9s et pan\u00e9gyriques\/Sermon CCXV. Explication du Symbole. IV.,<a target=\"_blank\" rel=\"nofollow\" href=\"https:\/\/editionsbussiere.com\/blog\/goto\/https:\/\/fr.wikisource.org\/wiki\/Augustin_d%E2%80%99Hippone\/Deuxi%C3%A8me_s%C3%A9rie\/Solennit%C3%A9s_et_pan%C3%A9gyriques\/Sermon_CCXV._Explication_du_Symbole._IV\"  target=\"_blank\" rel=\"noopener noreferrer nofollow\">A lire ici.<\/a><span><\/span>}<br \/>\n|{Augustin d\u2019Hippone\/Deuxi\u00e8me s\u00e9rie\/Solennit\u00e9s et pan\u00e9gyriques\/Sermon CCXIII. Explication du Symbole. II.,<a target=\"_blank\" rel=\"nofollow\" href=\"https:\/\/editionsbussiere.com\/blog\/goto\/https:\/\/fr.wikisource.org\/wiki\/Augustin_d%E2%80%99Hippone\/Deuxi%C3%A8me_s%C3%A9rie\/Solennit%C3%A9s_et_pan%C3%A9gyriques\/Sermon_CCXIII._Explication_du_Symbole._II\"  target=\"_blank\" rel=\"noopener noreferrer nofollow\">A lire ici.<\/a><span><\/span>}<br \/>\n|{Augustin d\u2019Hippone\/Deuxi\u00e8me s\u00e9rie\/Solennit\u00e9s et pan\u00e9gyriques\/Sermon CCXIII. Explication du Symbole. II.,<a target=\"_blank\" rel=\"nofollow\" href=\"https:\/\/editionsbussiere.com\/blog\/goto\/https:\/\/fr.wikisource.org\/wiki\/Augustin_d%E2%80%99Hippone\/Deuxi%C3%A8me_s%C3%A9rie\/Solennit%C3%A9s_et_pan%C3%A9gyriques\/Sermon_CCXIII._Explication_du_Symbole._II\"  target=\"_blank\" rel=\"noopener noreferrer nofollow\">Le post d\u2019actualit\u00e9.<\/a><span><\/span>. Suite sur le prochain article.}<br \/>\n|{Augustin d\u2019Hippone\/Deuxi\u00e8me s\u00e9rie\/Solennit\u00e9s et pan\u00e9gyriques\/Sermon CCVIII. Pour le Car\u00eame. IV. Le je\u00fbne, l\u2019aum\u00f4ne et la pri\u00e8re.,<a target=\"_blank\" rel=\"nofollow\" href=\"https:\/\/editionsbussiere.com\/blog\/goto\/https:\/\/fr.wikisource.org\/wiki\/Augustin_d%E2%80%99Hippone\/Deuxi%C3%A8me_s%C3%A9rie\/Solennit%C3%A9s_et_pan%C3%A9gyriques\/Sermon_CCVIII._Pour_le_Car%C3%AAme._IV._Le_je%C3%BBne,_l%E2%80%99aum%C3%B4ne_et_la_pri%C3%A8re\"  target=\"_blank\" rel=\"noopener noreferrer nofollow\">Le post d\u2019actualit\u00e9.<\/a><span><\/span>. Suite sur le prochain article.}<br \/>\n|{Augustin d\u2019Hippone\/Deuxi\u00e8me s\u00e9rie\/Solennit\u00e9s et pan\u00e9gyriques\/Sermon CCIX. Pour le Car\u00eame V. Le pardon, l\u2019aum\u00f4ne et le je\u00fbne.,<a target=\"_blank\" rel=\"nofollow\" href=\"https:\/\/editionsbussiere.com\/blog\/goto\/https:\/\/fr.wikisource.org\/wiki\/Augustin_d%E2%80%99Hippone\/Deuxi%C3%A8me_s%C3%A9rie\/Solennit%C3%A9s_et_pan%C3%A9gyriques\/Sermon_CCIX._Pour_le_Car%C3%AAme_V._Le_pardon,_l%E2%80%99aum%C3%B4ne_et_le_je%C3%BBne\"  target=\"_blank\" rel=\"noopener noreferrer nofollow\">L\u2019article ICI.<\/a><span><\/span>. Suite sur le prochain article.}<br \/>\n|{Au Seuil du si\u00e8cle\/10.,<a target=\"_blank\" rel=\"nofollow\" href=\"https:\/\/editionsbussiere.com\/blog\/goto\/https:\/\/fr.wikisource.org\/wiki\/Au_Seuil_du_si%C3%A8cle\/10\"  target=\"_blank\" rel=\"noopener noreferrer nofollow\">Le texte de l\u2019article.<\/a><span><\/span>. Suite sur le prochain article.}<br \/>\n|{Au pays des ajoncs\/Notre Dame de la Clart\u00e9.,<a target=\"_blank\" rel=\"nofollow\" href=\"https:\/\/editionsbussiere.com\/blog\/goto\/https:\/\/fr.wikisource.org\/wiki\/Au_pays_des_ajoncs\/Notre_Dame_de_la_Clart%C3%A9\"  target=\"_blank\" rel=\"noopener noreferrer nofollow\">L\u2019article ICI.<\/a><span><\/span>}<br \/>\n|{Au pays des ajoncs\/Le Lit clos.,<a target=\"_blank\" rel=\"nofollow\" href=\"https:\/\/editionsbussiere.com\/blog\/goto\/https:\/\/fr.wikisource.org\/wiki\/Au_pays_des_ajoncs\/Le_Lit_clos\"  target=\"_blank\" rel=\"noopener noreferrer nofollow\">L\u2019article ICI.<\/a><span><\/span>}<br \/>\n|{Au pays des ajoncs\/Croquis bretons.,<a target=\"_blank\" rel=\"nofollow\" href=\"https:\/\/editionsbussiere.com\/blog\/goto\/https:\/\/fr.wikisource.org\/wiki\/Au_pays_des_ajoncs\/Croquis_bretons\"  target=\"_blank\" rel=\"noopener noreferrer nofollow\">Le post d\u2019actualit\u00e9.<\/a><span><\/span>. Suite sur le prochain article.}<br \/>\n|{Au bord des terrasses\/4.,<a target=\"_blank\" rel=\"nofollow\" href=\"https:\/\/editionsbussiere.com\/blog\/goto\/https:\/\/fr.wikisource.org\/wiki\/Au_bord_des_terrasses\/4\"  target=\"_blank\" rel=\"noopener noreferrer nofollow\">Le dossier.<\/a><span><\/span>}<br \/>\n|{Au bord des terrasses\/4.,<a target=\"_blank\" rel=\"nofollow\" href=\"https:\/\/editionsbussiere.com\/blog\/goto\/https:\/\/fr.wikisource.org\/wiki\/Au_bord_des_terrasses\/4\"  target=\"_blank\" rel=\"noopener noreferrer nofollow\">Le dossier.<\/a><span><\/span>}<br \/>\n|{Au bord des terrasses\/27.,<a target=\"_blank\" rel=\"nofollow\" href=\"https:\/\/editionsbussiere.com\/blog\/goto\/https:\/\/fr.wikisource.org\/wiki\/Au_bord_des_terrasses\/27\"  target=\"_blank\" rel=\"noopener noreferrer nofollow\">Le texte de l\u2019article.<\/a><span><\/span>}<br \/>\n|{Au bord des terrasses\/27.,<a target=\"_blank\" rel=\"nofollow\" href=\"https:\/\/editionsbussiere.com\/blog\/goto\/https:\/\/fr.wikisource.org\/wiki\/Au_bord_des_terrasses\/27\"  target=\"_blank\" rel=\"noopener noreferrer nofollow\">Le post d\u2019actualit\u00e9.<\/a><span><\/span>}<br \/>\n|{Au bord des terrasses\/12.,<a target=\"_blank\" rel=\"nofollow\" href=\"https:\/\/editionsbussiere.com\/blog\/goto\/https:\/\/fr.wikisource.org\/wiki\/Au_bord_des_terrasses\/12\"  target=\"_blank\" rel=\"noopener noreferrer nofollow\">Le post d\u2019actualit\u00e9.<\/a><span><\/span>}<br \/>\n|{Au bord des terrasses\/12.,<a target=\"_blank\" rel=\"nofollow\" href=\"https:\/\/editionsbussiere.com\/blog\/goto\/https:\/\/fr.wikisource.org\/wiki\/Au_bord_des_terrasses\/12\"  target=\"_blank\" rel=\"noopener noreferrer nofollow\">Ici.<\/a><span><\/span>}<br \/>\n|{Atala.,<a target=\"_blank\" rel=\"nofollow\" href=\"https:\/\/editionsbussiere.com\/blog\/goto\/https:\/\/fr.wikisource.org\/wiki\/Atala\"  target=\"_blank\" rel=\"noopener noreferrer nofollow\">Le dossier.<\/a><span><\/span>}<br \/>\n|{Association de Demi-Vierges Vol.II\/V.,<a target=\"_blank\" rel=\"nofollow\" href=\"https:\/\/editionsbussiere.com\/blog\/goto\/https:\/\/fr.wikisource.org\/wiki\/Association_de_Demi-Vierges_Vol.II\/V\"  target=\"_blank\" rel=\"noopener noreferrer nofollow\">A lire ici.<\/a><span><\/span>}<br \/>\n|{Association de Demi-Vierges Vol.II\/II.,<a target=\"_blank\" rel=\"nofollow\" href=\"https:\/\/editionsbussiere.com\/blog\/goto\/https:\/\/fr.wikisource.org\/wiki\/Association_de_Demi-Vierges_Vol.II\/II\"  target=\"_blank\" rel=\"noopener noreferrer nofollow\">Ici.<\/a><span><\/span>}<br \/>\n|{Association de Demi-Vierges Vol.I\/XII.,<a target=\"_blank\" rel=\"nofollow\" href=\"https:\/\/editionsbussiere.com\/blog\/goto\/https:\/\/fr.wikisource.org\/wiki\/Association_de_Demi-Vierges_Vol.I\/XII\"  target=\"_blank\" rel=\"noopener noreferrer nofollow\">Article complet.<\/a><span><\/span>}<br \/>\n|{Association de Demi-Vierges Vol.I\/VI.,<a target=\"_blank\" rel=\"nofollow\" href=\"https:\/\/editionsbussiere.com\/blog\/goto\/https:\/\/fr.wikisource.org\/wiki\/Association_de_Demi-Vierges_Vol.I\/VI\"  target=\"_blank\" rel=\"noopener noreferrer nofollow\">L\u2019article de presse.<\/a><span><\/span>. Suite sur le prochain article.}<br \/>\n|{Arthur et Marie \u2013 Le Faux-Pont.,<a target=\"_blank\" rel=\"nofollow\" href=\"https:\/\/editionsbussiere.com\/blog\/goto\/https:\/\/fr.wikisource.org\/wiki\/Arthur_et_Marie_-_Le_Faux-Pont\"  target=\"_blank\" rel=\"noopener noreferrer nofollow\">A lire ici.<\/a><span><\/span>}<br \/>\n|{Ar\u00f4mes du terroir\/La vieille \u00e9glise.,<a target=\"_blank\" rel=\"nofollow\" href=\"https:\/\/editionsbussiere.com\/blog\/goto\/https:\/\/fr.wikisource.org\/wiki\/Ar%C3%B4mes_du_terroir\/La_vieille_%C3%A9glise\"  target=\"_blank\" rel=\"noopener noreferrer nofollow\">L\u2019article de presse.<\/a><span><\/span>}<br \/>\n|{Anthologie des po\u00e8tes bretons du XVIIe si\u00e8cle\/Nicolas Dadier.,<a target=\"_blank\" rel=\"nofollow\" href=\"https:\/\/editionsbussiere.com\/blog\/goto\/https:\/\/fr.wikisource.org\/wiki\/Anthologie_des_po%C3%A8tes_bretons_du_XVIIe_si%C3%A8cle\/Nicolas_Dadier\"  target=\"_blank\" rel=\"noopener noreferrer nofollow\">Ici.<\/a><span><\/span>}<br \/>\n|{Anthologie des matin\u00e9es po\u00e9tiques\/L\u2019\u00e9pitaphe.,<a target=\"_blank\" rel=\"nofollow\" href=\"https:\/\/editionsbussiere.com\/blog\/goto\/https:\/\/fr.wikisource.org\/wiki\/Anthologie_des_matin%C3%A9es_po%C3%A9tiques\/L%E2%80%99%C3%A9pitaphe\"  target=\"_blank\" rel=\"noopener noreferrer nofollow\">Cliquer ICI.<\/a><span><\/span>. Suite sur le prochain article.}<br \/>\n|{Anthologie contemporaine des \u00e9crivains fran\u00e7ais et belges (S\u00e9rie I)\/B\u00e9guinage flamand.,<a target=\"_blank\" rel=\"nofollow\" href=\"https:\/\/editionsbussiere.com\/blog\/goto\/https:\/\/fr.wikisource.org\/wiki\/Anthologie_contemporaine_des_%C3%A9crivains_fran%C3%A7ais_et_belges_(S%C3%A9rie_I)\/B%C3%A9guinage_flamand\"  target=\"_blank\" rel=\"noopener noreferrer nofollow\">L\u2019article de presse.<\/a><span><\/span>}<br \/>\n|{Amours et priap\u00e9es\/Texte entier.,<a target=\"_blank\" rel=\"nofollow\" href=\"https:\/\/editionsbussiere.com\/blog\/goto\/https:\/\/fr.wikisource.org\/wiki\/Amours_et_priap%C3%A9es\/Texte_entier\"  target=\"_blank\" rel=\"noopener noreferrer nofollow\">A lire ici.<\/a><span><\/span>}<br \/>\n|{Amours et Haines (1869)\/Le Berceau.,<a target=\"_blank\" rel=\"nofollow\" href=\"https:\/\/editionsbussiere.com\/blog\/goto\/https:\/\/fr.wikisource.org\/wiki\/Amours_et_Haines_(1869)\/Le_Berceau\"  target=\"_blank\" rel=\"noopener noreferrer nofollow\">Le texte de l\u2019article.<\/a><span><\/span>}<br \/>\n|{Amour ang\u00e9lique.,<a target=\"_blank\" rel=\"nofollow\" href=\"https:\/\/editionsbussiere.com\/blog\/goto\/https:\/\/fr.wikisource.org\/wiki\/Amour_ang%C3%A9lique\"  target=\"_blank\" rel=\"noopener noreferrer nofollow\">L\u2019article ICI.<\/a><span><\/span>}<br \/>\n|{Amour (Verlaine)\/Un conte.,<a target=\"_blank\" rel=\"nofollow\" href=\"https:\/\/editionsbussiere.com\/blog\/goto\/https:\/\/fr.wikisource.org\/wiki\/Amour_(Verlaine)\/Un_conte\"  target=\"_blank\" rel=\"noopener noreferrer nofollow\">Ici.<\/a><span><\/span>. Suite sur le prochain article.}<br \/>\n|{Almanach des honn\u00eates femmes pour l\u2019ann\u00e9e 1790 (\u00e9d. 1863)\/09.,<a target=\"_blank\" rel=\"nofollow\" href=\"https:\/\/editionsbussiere.com\/blog\/goto\/https:\/\/fr.wikisource.org\/wiki\/Almanach_des_honn%C3%AAtes_femmes_pour_l%27ann%C3%A9e_1790_(%C3%A9d._1863)\/09\"  target=\"_blank\" rel=\"noopener noreferrer nofollow\">Ici.<\/a><span><\/span>. Suite sur le prochain article.}<br \/>\n|{Almanach (Verhaeren)\/05.,<a target=\"_blank\" rel=\"nofollow\" href=\"https:\/\/editionsbussiere.com\/blog\/goto\/https:\/\/fr.wikisource.org\/wiki\/Almanach_(Verhaeren)\/05\"  target=\"_blank\" rel=\"noopener noreferrer nofollow\">Article complet.<\/a><span><\/span>. Suite sur le prochain article.}<br \/>\n|{Acathiste (Mgr Innocent).,<a target=\"_blank\" rel=\"nofollow\" href=\"https:\/\/editionsbussiere.com\/blog\/goto\/https:\/\/fr.wikisource.org\/wiki\/Acathiste_(Mgr_Innocent)\"  target=\"_blank\" rel=\"noopener noreferrer nofollow\">Le dossier.<\/a><span><\/span>}<br \/>\n|{\u2026 le C\u0153ur populaire (1920)\/La Charlotte prie Notre-Dame durant la nuit du R\u00e9veillon.,<a target=\"_blank\" rel=\"nofollow\" href=\"https:\/\/editionsbussiere.com\/blog\/goto\/https:\/\/fr.wikisource.org\/wiki\/..._le_C%C5%93ur_populaire_(1920)\/La_Charlotte_prie_Notre-Dame_durant_la_nuit_du_R%C3%A9veillon\"  target=\"_blank\" rel=\"noopener noreferrer nofollow\">Ici.<\/a><span><\/span>. Suite sur le prochain article.}<br \/>\n|{\u2026 le C\u0153ur populaire (1920)\/La Charlotte prie Notre-Dame durant la nuit du R\u00e9veillon.,<a target=\"_blank\" rel=\"nofollow\" href=\"https:\/\/editionsbussiere.com\/blog\/goto\/https:\/\/fr.wikisource.org\/wiki\/..._le_C%C5%93ur_populaire_(1920)\/La_Charlotte_prie_Notre-Dame_durant_la_nuit_du_R%C3%A9veillon\"  target=\"_blank\" rel=\"noopener noreferrer nofollow\">Le post d\u2019actualit\u00e9.<\/a><span><\/span>}<br \/>\n|{\u2026 le C\u0153ur populaire (1914)\/La Charlotte prie Notre-Dame durant la nuit du R\u00e9veillon.,<a target=\"_blank\" rel=\"nofollow\" href=\"https:\/\/editionsbussiere.com\/blog\/goto\/https:\/\/fr.wikisource.org\/wiki\/..._le_C%C5%93ur_populaire_(1914)\/La_Charlotte_prie_Notre-Dame_durant_la_nuit_du_R%C3%A9veillon\"  target=\"_blank\" rel=\"noopener noreferrer nofollow\">Ici.<\/a><span><\/span>}<br \/>\n|{\u2026 le C\u0153ur populaire (1914)\/La Charlotte prie Notre-Dame durant la nuit du R\u00e9veillon.,<a target=\"_blank\" rel=\"nofollow\" href=\"https:\/\/editionsbussiere.com\/blog\/goto\/https:\/\/fr.wikisource.org\/wiki\/..._le_C%C5%93ur_populaire_(1914)\/La_Charlotte_prie_Notre-Dame_durant_la_nuit_du_R%C3%A9veillon\"  target=\"_blank\" rel=\"noopener noreferrer nofollow\">Le post d\u2019actualit\u00e9.<\/a><span><\/span>}<br \/>\n|{\u0152uvres posthumes (Verlaine)\/Souvenirs\/Vieille ville.,<a target=\"_blank\" rel=\"nofollow\" href=\"https:\/\/editionsbussiere.com\/blog\/goto\/https:\/\/fr.wikisource.org\/wiki\/%C5%92uvres_posthumes_(Verlaine)\/Souvenirs\/Vieille_ville\"  target=\"_blank\" rel=\"noopener noreferrer nofollow\">Le dossier.<\/a><span><\/span>}<br \/>\n|{\u0152uvres po\u00e9tiques de Victor de Laprade.,<a target=\"_blank\" rel=\"nofollow\" href=\"https:\/\/editionsbussiere.com\/blog\/goto\/https:\/\/fr.wikisource.org\/wiki\/%C5%92uvres_po%C3%A9tiques_de_Victor_de_Laprade\"  target=\"_blank\" rel=\"noopener noreferrer nofollow\">Le dossier.<\/a><span><\/span>}<br \/>\n|{\u0152uvres po\u00e9tiques de Ch\u00e9nier (Moland, 1889)\/Le Malade.,<a target=\"_blank\" rel=\"nofollow\" href=\"https:\/\/editionsbussiere.com\/blog\/goto\/https:\/\/fr.wikisource.org\/wiki\/%C5%92uvres_po%C3%A9tiques_de_Ch%C3%A9nier_(Moland,_1889)\/Le_Malade\"  target=\"_blank\" rel=\"noopener noreferrer nofollow\">Le dossier.<\/a><span><\/span>}<br \/>\n|{\u0152uvres de Th\u00e9ophile Gautier (Lemerre, 1890).,<a target=\"_blank\" rel=\"nofollow\" href=\"https:\/\/editionsbussiere.com\/blog\/goto\/https:\/\/fr.wikisource.org\/wiki\/%C5%92uvres_de_Th%C3%A9ophile_Gautier_(Lemerre,_1890)\"  target=\"_blank\" rel=\"noopener noreferrer nofollow\">A lire ici.<\/a><span><\/span>}<br \/>\n|{\u0152uvres de P. Corneille (Marty-Laveaux, 1862).,<a target=\"_blank\" rel=\"nofollow\" href=\"https:\/\/editionsbussiere.com\/blog\/goto\/https:\/\/fr.wikisource.org\/wiki\/%C5%92uvres_de_P._Corneille_(Marty-Laveaux,_1862)\"  target=\"_blank\" rel=\"noopener noreferrer nofollow\">Ici.<\/a><span><\/span>. Suite sur le prochain article.}<br \/>\n|{\u0152uvres de P. Corneille (Marty-Laveaux)\/Tome 9\/Office de la sainte Vierge.,<a target=\"_blank\" rel=\"nofollow\" href=\"https:\/\/editionsbussiere.com\/blog\/goto\/https:\/\/fr.wikisource.org\/wiki\/%C5%92uvres_de_P._Corneille_(Marty-Laveaux)\/Tome_9\/Office_de_la_sainte_Vierge\"  target=\"_blank\" rel=\"noopener noreferrer nofollow\">Le dossier.<\/a><span><\/span>. Suite sur le prochain article.}<br \/>\n|{\u0152uvres de P. Corneille (Marty-Laveaux)\/Tome 9\/Office de la sainte Vierge.,<a target=\"_blank\" rel=\"nofollow\" href=\"https:\/\/editionsbussiere.com\/blog\/goto\/https:\/\/fr.wikisource.org\/wiki\/%C5%92uvres_de_P._Corneille_(Marty-Laveaux)\/Tome_9\/Office_de_la_sainte_Vierge\"  target=\"_blank\" rel=\"noopener noreferrer nofollow\">Cliquer ICI.<\/a><span><\/span>. Suite sur le prochain article.}<br \/>\n|{\u0152uvres de P. Corneille (Marty-Laveaux)\/Tome 9\/Notice Louanges.,<a target=\"_blank\" rel=\"nofollow\" href=\"https:\/\/editionsbussiere.com\/blog\/goto\/https:\/\/fr.wikisource.org\/wiki\/%C5%92uvres_de_P._Corneille_(Marty-Laveaux)\/Tome_9\/Notice_Louanges\"  target=\"_blank\" rel=\"noopener noreferrer nofollow\">Ici.<\/a><span><\/span>}<br \/>\n|{\u0152uvres de P. Corneille (Marty-Laveaux)\/Tome 9.,<a target=\"_blank\" rel=\"nofollow\" href=\"https:\/\/editionsbussiere.com\/blog\/goto\/https:\/\/fr.wikisource.org\/wiki\/%C5%92uvres_de_P._Corneille_(Marty-Laveaux)\/Tome_9\"  target=\"_blank\" rel=\"noopener noreferrer nofollow\">Le dossier.<\/a><span><\/span>. Suite sur le prochain article.}<br \/>\n|{\u0152uvres de jeunesse (Flaubert)\/La Main de fer.,<a target=\"_blank\" rel=\"nofollow\" href=\"https:\/\/editionsbussiere.com\/blog\/goto\/https:\/\/fr.wikisource.org\/wiki\/%C5%92uvres_de_jeunesse_(Flaubert)\/La_Main_de_fer\"  target=\"_blank\" rel=\"noopener noreferrer nofollow\">Article complet.<\/a><span><\/span>. Suite sur le prochain article.}<br \/>\n|{\u0152uvres de C. Tillier.,<a target=\"_blank\" rel=\"nofollow\" href=\"https:\/\/editionsbussiere.com\/blog\/goto\/https:\/\/fr.wikisource.org\/wiki\/%C5%92uvres_de_C._Tillier\"  target=\"_blank\" rel=\"noopener noreferrer nofollow\">Le post d\u2019actualit\u00e9.<\/a><span><\/span>. Suite sur le prochain article.}<br \/>\n|{\u0152uvres compl\u00e8tes de Tertullien\/Genoud, 1852\/Du Voile des Vierges.,<a target=\"_blank\" rel=\"nofollow\" href=\"https:\/\/editionsbussiere.com\/blog\/goto\/https:\/\/fr.wikisource.org\/wiki\/%C5%92uvres_compl%C3%A8tes_de_Tertullien\/Genoud,_1852\/Du_Voile_des_Vierges\"  target=\"_blank\" rel=\"noopener noreferrer nofollow\">A lire ici.<\/a><span><\/span>}<br \/>\n|{\u0152uvres compl\u00e8tes de Tertullien\/Genoud, 1852\/Du Voile des Vierges.,<a target=\"_blank\" rel=\"nofollow\" href=\"https:\/\/editionsbussiere.com\/blog\/goto\/https:\/\/fr.wikisource.org\/wiki\/%C5%92uvres_compl%C3%A8tes_de_Tertullien\/Genoud,_1852\/Du_Voile_des_Vierges\"  target=\"_blank\" rel=\"noopener noreferrer nofollow\">Le texte de l\u2019article.<\/a><span><\/span>}<br \/>\n|{\u0152uvres compl\u00e8tes de Tertullien\/Genoud, 1852\/Doctrine de Tertullien.,<a target=\"_blank\" rel=\"nofollow\" href=\"https:\/\/editionsbussiere.com\/blog\/goto\/https:\/\/fr.wikisource.org\/wiki\/%C5%92uvres_compl%C3%A8tes_de_Tertullien\/Genoud,_1852\/Doctrine_de_Tertullien\"  target=\"_blank\" rel=\"noopener noreferrer nofollow\">Le dossier.<\/a><span><\/span>}<br \/>\n|{\u0152uvres compl\u00e8tes de Tertullien\/Genoud, 1852\/De l\u2019Oraison dominicale.,<a target=\"_blank\" rel=\"nofollow\" href=\"https:\/\/editionsbussiere.com\/blog\/goto\/https:\/\/fr.wikisource.org\/wiki\/%C5%92uvres_compl%C3%A8tes_de_Tertullien\/Genoud,_1852\/De_l%E2%80%99Oraison_dominicale\"  target=\"_blank\" rel=\"noopener noreferrer nofollow\">L\u2019article ICI.<\/a><span><\/span>. Suite sur le prochain article.}<br \/>\n|{\u0152uvres compl\u00e8tes de Pierre Lou\u00ffs, 1929 \u2013 1931, tome 2.,<a target=\"_blank\" rel=\"nofollow\" href=\"https:\/\/editionsbussiere.com\/blog\/goto\/https:\/\/fr.wikisource.org\/wiki\/%C5%92uvres_compl%C3%A8tes_de_Pierre_Lou%C3%BFs,_1929_-_1931,_tome_2\"  target=\"_blank\" rel=\"noopener noreferrer nofollow\">Ici.<\/a><span><\/span>}<br \/>\n|{\u0152uvres compl\u00e8tes de Lamartine (1860)\/Tome 1\/Sapho.,<a target=\"_blank\" rel=\"nofollow\" href=\"https:\/\/editionsbussiere.com\/blog\/goto\/https:\/\/fr.wikisource.org\/wiki\/%C5%92uvres_compl%C3%A8tes_de_Lamartine_(1860)\/Tome_1\/Sapho\"  target=\"_blank\" rel=\"noopener noreferrer nofollow\">L\u2019article ICI.<\/a><span><\/span>}<br \/>\n|{\u0152uvres compl\u00e8tes de Lamartine (1860)\/Tome 1\/Ode.,<a target=\"_blank\" rel=\"nofollow\" href=\"https:\/\/editionsbussiere.com\/blog\/goto\/https:\/\/fr.wikisource.org\/wiki\/%C5%92uvres_compl%C3%A8tes_de_Lamartine_(1860)\/Tome_1\/Ode\"  target=\"_blank\" rel=\"noopener noreferrer nofollow\">Cliquer ICI.<\/a><span><\/span>}<br \/>\n|{\u0152uvres compl\u00e8tes de Lamartine (1860)\/Tome 1\/Les Fleurs sur l\u2019autel.,<a target=\"_blank\" rel=\"nofollow\" href=\"https:\/\/editionsbussiere.com\/blog\/goto\/https:\/\/fr.wikisource.org\/wiki\/%C5%92uvres_compl%C3%A8tes_de_Lamartine_(1860)\/Tome_1\/Les_Fleurs_sur_l%E2%80%99autel\"  target=\"_blank\" rel=\"noopener noreferrer nofollow\">Le dossier.<\/a><span><\/span>}<br \/>\n|{\u0152uvres compl\u00e8tes de Lamartine (1860)\/Tome 1\/Le Pasteur et le P\u00eacheur.,<a target=\"_blank\" rel=\"nofollow\" href=\"https:\/\/editionsbussiere.com\/blog\/goto\/https:\/\/fr.wikisource.org\/wiki\/%C5%92uvres_compl%C3%A8tes_de_Lamartine_(1860)\/Tome_1\/Le_Pasteur_et_le_P%C3%AAcheur\"  target=\"_blank\" rel=\"noopener noreferrer nofollow\">Cliquer ICI.<\/a><span><\/span>}<br \/>\n|{\u0152uvres compl\u00e8tes de Lamartine (1860)\/Tome 1\/Ischia.,<a target=\"_blank\" rel=\"nofollow\" href=\"https:\/\/editionsbussiere.com\/blog\/goto\/https:\/\/fr.wikisource.org\/wiki\/%C5%92uvres_compl%C3%A8tes_de_Lamartine_(1860)\/Tome_1\/Ischia\"  target=\"_blank\" rel=\"noopener noreferrer nofollow\">L\u2019article de presse.<\/a><span><\/span>. Suite sur le prochain article.}<br \/>\n|{\u0152uvres compl\u00e8tes de Fr\u00e9d\u00e9ric Ozanam, 3e \u00e9dition\/Volume 11\/104b.,<a target=\"_blank\" rel=\"nofollow\" href=\"https:\/\/editionsbussiere.com\/blog\/goto\/https:\/\/fr.wikisource.org\/wiki\/%C5%92uvres_compl%C3%A8tes_de_Fr%C3%A9d%C3%A9ric_Ozanam,_3e_%C3%A9dition\/Volume_11\/104b\"  target=\"_blank\" rel=\"noopener noreferrer nofollow\">Le texte de l\u2019article.<\/a><span><\/span>}<br \/>\n|{\u0152uvres compl\u00e8tes de Fr\u00e9d\u00e9ric Ozanam, 3e \u00e9dition\/Volume 11\/104.,<a target=\"_blank\" rel=\"nofollow\" href=\"https:\/\/editionsbussiere.com\/blog\/goto\/https:\/\/fr.wikisource.org\/wiki\/%C5%92uvres_compl%C3%A8tes_de_Fr%C3%A9d%C3%A9ric_Ozanam,_3e_%C3%A9dition\/Volume_11\/104\"  target=\"_blank\" rel=\"noopener noreferrer nofollow\">L\u2019article ICI.<\/a><span><\/span>}<br \/>\n|{\u0152uvres compl\u00e8tes de Fr\u00e9d\u00e9ric Ozanam, 3e \u00e9dition\/Volume 05\/7\/32.,<a target=\"_blank\" rel=\"nofollow\" href=\"https:\/\/editionsbussiere.com\/blog\/goto\/https:\/\/fr.wikisource.org\/wiki\/%C5%92uvres_compl%C3%A8tes_de_Fr%C3%A9d%C3%A9ric_Ozanam,_3e_%C3%A9dition\/Volume_05\/7\/32\"  target=\"_blank\" rel=\"noopener noreferrer nofollow\">Le post d\u2019actualit\u00e9.<\/a><span><\/span>}<br \/>\n|{\u0152uvres compl\u00e8tes de Fr\u00e9d\u00e9ric Ozanam, 3e \u00e9dition\/Volume 05\/7\/32.,<a target=\"_blank\" rel=\"nofollow\" href=\"https:\/\/editionsbussiere.com\/blog\/goto\/https:\/\/fr.wikisource.org\/wiki\/%C5%92uvres_compl%C3%A8tes_de_Fr%C3%A9d%C3%A9ric_Ozanam,_3e_%C3%A9dition\/Volume_05\/7\/32\"  target=\"_blank\" rel=\"noopener noreferrer nofollow\">L\u2019article de presse.<\/a><span><\/span>}<br \/>\n|{\u0152uvres compl\u00e8tes de Fr\u00e9d\u00e9ric Ozanam, 3e \u00e9dition\/Volume 05\/7\/11.,<a target=\"_blank\" rel=\"nofollow\" href=\"https:\/\/editionsbussiere.com\/blog\/goto\/https:\/\/fr.wikisource.org\/wiki\/%C5%92uvres_compl%C3%A8tes_de_Fr%C3%A9d%C3%A9ric_Ozanam,_3e_%C3%A9dition\/Volume_05\/7\/11\"  target=\"_blank\" rel=\"noopener noreferrer nofollow\">L\u2019article ICI.<\/a><span><\/span>}<br \/>\n|{\u0152uvres compl\u00e8tes de Fr\u00e9d\u00e9ric Ozanam, 3e \u00e9dition\/Volume 05\/7\/01.,<a target=\"_blank\" rel=\"nofollow\" href=\"https:\/\/editionsbussiere.com\/blog\/goto\/https:\/\/fr.wikisource.org\/wiki\/%C5%92uvres_compl%C3%A8tes_de_Fr%C3%A9d%C3%A9ric_Ozanam,_3e_%C3%A9dition\/Volume_05\/7\/01\"  target=\"_blank\" rel=\"noopener noreferrer nofollow\">Ici.<\/a><span><\/span>}<br \/>\n|{\u0152uvres compl\u00e8tes de Fr\u00e9d\u00e9ric Ozanam, 3e \u00e9dition\/Volume 05.,<a target=\"_blank\" rel=\"nofollow\" href=\"https:\/\/editionsbussiere.com\/blog\/goto\/https:\/\/fr.wikisource.org\/wiki\/%C5%92uvres_compl%C3%A8tes_de_Fr%C3%A9d%C3%A9ric_Ozanam,_3e_%C3%A9dition\/Volume_05\"  target=\"_blank\" rel=\"noopener noreferrer nofollow\">Le dossier.<\/a><span><\/span>}<br \/>\n|{\u0152uvres compl\u00e8tes de Andr\u00e9 Ch\u00e9nier, 1819\/Idylles\/Le Malade.,<a target=\"_blank\" rel=\"nofollow\" href=\"https:\/\/editionsbussiere.com\/blog\/goto\/https:\/\/fr.wikisource.org\/wiki\/%C5%92uvres_compl%C3%A8tes_de_Andr%C3%A9_Ch%C3%A9nier,_1819\/Idylles\/Le_Malade\"  target=\"_blank\" rel=\"noopener noreferrer nofollow\">Article complet.<\/a><span><\/span>. Suite sur le prochain article.}<br \/>\n|{\u0152uvres compl\u00e8tes d\u2019\u00c9lisa Merc\u0153ur.,<a target=\"_blank\" rel=\"nofollow\" href=\"https:\/\/editionsbussiere.com\/blog\/goto\/https:\/\/fr.wikisource.org\/wiki\/%C5%92uvres_compl%C3%A8tes_d%E2%80%99%C3%89lisa_Merc%C5%93ur\"  target=\"_blank\" rel=\"noopener noreferrer nofollow\">Le texte de l\u2019article.<\/a><span><\/span>. Suite sur le prochain article.}<br \/>\n|{\u00c9vangile de saint Barnab\u00e9 (Migne, 1858).,<a target=\"_blank\" rel=\"nofollow\" href=\"https:\/\/editionsbussiere.com\/blog\/goto\/https:\/\/fr.wikisource.org\/wiki\/%C3%89vangile_de_saint_Barnab%C3%A9_(Migne,_1858)\"  target=\"_blank\" rel=\"noopener noreferrer nofollow\">Article complet.<\/a><span><\/span>. Suite sur le prochain article.}<br \/>\n|{\u00c9vangile de saint Barnab\u00e9 (Migne, 1858).,<a target=\"_blank\" rel=\"nofollow\" href=\"https:\/\/editionsbussiere.com\/blog\/goto\/https:\/\/fr.wikisource.org\/wiki\/%C3%89vangile_de_saint_Barnab%C3%A9_(Migne,_1858)\"  target=\"_blank\" rel=\"noopener noreferrer nofollow\">Ici.<\/a><span><\/span>. Suite sur le prochain article.}<br \/>\n|{\u00c9vangile de la naissance de Marie\/\u00c9dition Garnier.,<a target=\"_blank\" rel=\"nofollow\" href=\"https:\/\/editionsbussiere.com\/blog\/goto\/https:\/\/fr.wikisource.org\/wiki\/%C3%89vangile_de_la_naissance_de_Marie\/%C3%89dition_Garnier\"  target=\"_blank\" rel=\"noopener noreferrer nofollow\">Le dossier.<\/a><span><\/span>}<br \/>\n|{\u00c9vangile de la naissance de Marie\/\u00c9dition Garnier.,<a target=\"_blank\" rel=\"nofollow\" href=\"https:\/\/editionsbussiere.com\/blog\/goto\/https:\/\/fr.wikisource.org\/wiki\/%C3%89vangile_de_la_naissance_de_Marie\/%C3%89dition_Garnier\"  target=\"_blank\" rel=\"noopener noreferrer nofollow\">Cliquer ICI.<\/a><span><\/span>. Suite sur le prochain article.}<br \/>\n|{\u00c9vangile de l\u2019Annonciation.,<a target=\"_blank\" rel=\"nofollow\" href=\"https:\/\/editionsbussiere.com\/blog\/goto\/https:\/\/fr.wikisource.org\/wiki\/%C3%89vangile_de_l%E2%80%99Annonciation\"  target=\"_blank\" rel=\"noopener noreferrer nofollow\">A lire ici.<\/a><span><\/span>}<br \/>\n|{\u00c9vangile d\u2019une grand\u2019m\u00e8re\/8.,<a target=\"_blank\" rel=\"nofollow\" href=\"https:\/\/editionsbussiere.com\/blog\/goto\/https:\/\/fr.wikisource.org\/wiki\/%C3%89vangile_d%E2%80%99une_grand%E2%80%99m%C3%A8re\/8\"  target=\"_blank\" rel=\"noopener noreferrer nofollow\">A lire ici.<\/a><span><\/span>}<br \/>\n|{\u00c9vangile d\u2019une grand\u2019m\u00e8re\/59.,<a target=\"_blank\" rel=\"nofollow\" href=\"https:\/\/editionsbussiere.com\/blog\/goto\/https:\/\/fr.wikisource.org\/wiki\/%C3%89vangile_d%E2%80%99une_grand%E2%80%99m%C3%A8re\/59\"  target=\"_blank\" rel=\"noopener noreferrer nofollow\">Ici.<\/a><span><\/span>}<br \/>\n|{\u00c9vangile d\u2019une grand\u2019m\u00e8re\/3.,<a target=\"_blank\" rel=\"nofollow\" href=\"https:\/\/editionsbussiere.com\/blog\/goto\/https:\/\/fr.wikisource.org\/wiki\/%C3%89vangile_d%E2%80%99une_grand%E2%80%99m%C3%A8re\/3\"  target=\"_blank\" rel=\"noopener noreferrer nofollow\">Article complet.<\/a><span><\/span>}<br \/>\n|{\u00c9vangile d\u2019une grand\u2019m\u00e8re\/3.,<a target=\"_blank\" rel=\"nofollow\" href=\"https:\/\/editionsbussiere.com\/blog\/goto\/https:\/\/fr.wikisource.org\/wiki\/%C3%89vangile_d%E2%80%99une_grand%E2%80%99m%C3%A8re\/3\"  target=\"_blank\" rel=\"noopener noreferrer nofollow\">Cliquer ICI.<\/a><span><\/span>}<br \/>\n|{\u00c9vangile d\u2019une grand\u2019m\u00e8re\/2.,<a target=\"_blank\" rel=\"nofollow\" href=\"https:\/\/editionsbussiere.com\/blog\/goto\/https:\/\/fr.wikisource.org\/wiki\/%C3%89vangile_d%E2%80%99une_grand%E2%80%99m%C3%A8re\/2\"  target=\"_blank\" rel=\"noopener noreferrer nofollow\">L\u2019article de presse.<\/a><span><\/span>}<br \/>\n|{\u00c9vangile d\u2019une grand\u2019m\u00e8re\/15.,<a target=\"_blank\" rel=\"nofollow\" href=\"https:\/\/editionsbussiere.com\/blog\/goto\/https:\/\/fr.wikisource.org\/wiki\/%C3%89vangile_d%E2%80%99une_grand%E2%80%99m%C3%A8re\/15\"  target=\"_blank\" rel=\"noopener noreferrer nofollow\">L\u2019article ICI.<\/a><span><\/span>. Suite sur le prochain article.}<br \/>\n|{\u00c9vangile d\u2019une grand\u2019m\u00e8re\/131.,<a target=\"_blank\" rel=\"nofollow\" href=\"https:\/\/editionsbussiere.com\/blog\/goto\/https:\/\/fr.wikisource.org\/wiki\/%C3%89vangile_d%E2%80%99une_grand%E2%80%99m%C3%A8re\/131\"  target=\"_blank\" rel=\"noopener noreferrer nofollow\">Le dossier.<\/a><span><\/span>. Suite sur le prochain article.}<br \/>\n|{\u00c9vangile d\u2019une grand\u2019m\u00e8re\/129.,<a target=\"_blank\" rel=\"nofollow\" href=\"https:\/\/editionsbussiere.com\/blog\/goto\/https:\/\/fr.wikisource.org\/wiki\/%C3%89vangile_d%E2%80%99une_grand%E2%80%99m%C3%A8re\/129\"  target=\"_blank\" rel=\"noopener noreferrer nofollow\">A lire ici.<\/a><span><\/span>. Suite sur le prochain article.}<br \/>\n|{\u00c9vangile d\u2019une grand\u2019m\u00e8re\/126.,<a target=\"_blank\" rel=\"nofollow\" href=\"https:\/\/editionsbussiere.com\/blog\/goto\/https:\/\/fr.wikisource.org\/wiki\/%C3%89vangile_d%E2%80%99une_grand%E2%80%99m%C3%A8re\/126\"  target=\"_blank\" rel=\"noopener noreferrer nofollow\">Cliquer ICI.<\/a><span><\/span>. Suite sur le prochain article.}<br \/>\n|{\u00c9vangile d\u2019une grand\u2019m\u00e8re.,<a target=\"_blank\" rel=\"nofollow\" href=\"https:\/\/editionsbussiere.com\/blog\/goto\/https:\/\/fr.wikisource.org\/wiki\/%C3%89vangile_d%E2%80%99une_grand%E2%80%99m%C3%A8re\"  target=\"_blank\" rel=\"noopener noreferrer nofollow\">Le texte de l\u2019article.<\/a><span><\/span>. Suite sur le prochain article.}<br \/>\n|{\u00c9vang\u00e9line\/Partie II, Chapitre IV.,<a target=\"_blank\" rel=\"nofollow\" href=\"https:\/\/editionsbussiere.com\/blog\/goto\/https:\/\/fr.wikisource.org\/wiki\/%C3%89vang%C3%A9line\/Partie_II,_Chapitre_IV\"  target=\"_blank\" rel=\"noopener noreferrer nofollow\">A lire ici.<\/a><span><\/span>}<br \/>\n|{\u00c9vang\u00e9line\/Partie II, Chapitre III.,<a target=\"_blank\" rel=\"nofollow\" href=\"https:\/\/editionsbussiere.com\/blog\/goto\/https:\/\/fr.wikisource.org\/wiki\/%C3%89vang%C3%A9line\/Partie_II,_Chapitre_III\"  target=\"_blank\" rel=\"noopener noreferrer nofollow\">Le texte de l\u2019article.<\/a><span><\/span>. Suite sur le prochain article.}<br \/>\n|{\u00c9tudes et Pr\u00e9ludes (1901)\/Sonnet \u00e0 la Mort.,<a target=\"_blank\" rel=\"nofollow\" href=\"https:\/\/editionsbussiere.com\/blog\/goto\/https:\/\/fr.wikisource.org\/wiki\/%C3%89tudes_et_Pr%C3%A9ludes_(1901)\/Sonnet_%C3%A0_la_Mort\"  target=\"_blank\" rel=\"noopener noreferrer nofollow\">Cliquer ICI.<\/a><span><\/span>. Suite sur le prochain article.}<br \/>\n|{\u00c9mile Nelligan et son \u0153uvre\/Petite Chapelle\/Notre-Dame des Neiges.,<a target=\"_blank\" rel=\"nofollow\" href=\"https:\/\/editionsbussiere.com\/blog\/goto\/https:\/\/fr.wikisource.org\/wiki\/%C3%89mile_Nelligan_et_son_%C5%93uvre\/Petite_Chapelle\/Notre-Dame_des_Neiges\"  target=\"_blank\" rel=\"noopener noreferrer nofollow\">Article complet.<\/a><span><\/span>. Suite sur le prochain article.}<br \/>\n|{\u00c9mile Nelligan et son \u0153uvre\/Petite Chapelle\/Notre-Dame des Neiges.,<a target=\"_blank\" rel=\"nofollow\" href=\"https:\/\/editionsbussiere.com\/blog\/goto\/https:\/\/fr.wikisource.org\/wiki\/%C3%89mile_Nelligan_et_son_%C5%93uvre\/Petite_Chapelle\/Notre-Dame_des_Neiges\"  target=\"_blank\" rel=\"noopener noreferrer nofollow\">Le texte de l\u2019article.<\/a><span><\/span>}<br \/>\n|{\u00c9lisabeth Seton\/XII.,<a target=\"_blank\" rel=\"nofollow\" href=\"https:\/\/editionsbussiere.com\/blog\/goto\/https:\/\/fr.wikisource.org\/wiki\/%C3%89lisabeth_Seton\/XII\"  target=\"_blank\" rel=\"noopener noreferrer nofollow\">Article complet.<\/a><span><\/span>. Suite sur le prochain article.}<br \/>\n|{\u00c9l\u00e9ments de philosophie (Alain)\/Livre VII\/Chapitre 5.,<a target=\"_blank\" rel=\"nofollow\" href=\"https:\/\/editionsbussiere.com\/blog\/goto\/https:\/\/fr.wikisource.org\/wiki\/%C3%89l%C3%A9ments_de_philosophie_(Alain)\/Livre_VII\/Chapitre_5\"  target=\"_blank\" rel=\"noopener noreferrer nofollow\">L\u2019article de presse.<\/a><span><\/span>}<br \/>\n|{\u00c9l\u00e9gies, Marie et romances\/Marie.,<a target=\"_blank\" rel=\"nofollow\" href=\"https:\/\/editionsbussiere.com\/blog\/goto\/https:\/\/fr.wikisource.org\/wiki\/%C3%89l%C3%A9gies,_Marie_et_romances\/Marie\"  target=\"_blank\" rel=\"noopener noreferrer nofollow\">L\u2019article de presse.<\/a><span><\/span>}<br \/>\n|{\u00c0 travers l\u2019Inde en automobile\/56.,<a target=\"_blank\" rel=\"nofollow\" href=\"https:\/\/editionsbussiere.com\/blog\/goto\/https:\/\/fr.wikisource.org\/wiki\/%C3%80_travers_l%E2%80%99Inde_en_automobile\/56\"  target=\"_blank\" rel=\"noopener noreferrer nofollow\">L\u2019article de presse.<\/a><span><\/span>. Suite sur le prochain article.}<br \/>\n|{\u00c0 M***(2)\/\u00c9dition Garnier.,<a target=\"_blank\" rel=\"nofollow\" href=\"https:\/\/editionsbussiere.com\/blog\/goto\/https:\/\/fr.wikisource.org\/wiki\/%C3%80_M***(2)\/%C3%89dition_Garnier\"  target=\"_blank\" rel=\"noopener noreferrer nofollow\">L\u2019article de presse.<\/a><span><\/span>}<br \/>\n|{\u00c0 l\u2019ombre de mes dieux\/La vieille \u00e9glise.,<a target=\"_blank\" rel=\"nofollow\" href=\"https:\/\/editionsbussiere.com\/blog\/goto\/https:\/\/fr.wikisource.org\/wiki\/%C3%80_l%E2%80%99ombre_de_mes_dieux\/La_vieille_%C3%A9glise\"  target=\"_blank\" rel=\"noopener noreferrer nofollow\">Cliquer ICI.<\/a><span><\/span>. Suite sur le prochain article.}<br \/>\n|{\u00c0 l\u2019\u0153uvre et \u00e0 l\u2019\u00e9preuve\/42.,<a target=\"_blank\" rel=\"nofollow\" href=\"https:\/\/editionsbussiere.com\/blog\/goto\/https:\/\/fr.wikisource.org\/wiki\/%C3%80_l%E2%80%99%C5%93uvre_et_%C3%A0_l%E2%80%99%C3%A9preuve\/42\"  target=\"_blank\" rel=\"noopener noreferrer nofollow\">Ici.<\/a><span><\/span>. Suite sur le prochain article.}<br \/>\n|{\u00c0 l\u2019\u0153uvre et \u00e0 l\u2019\u00e9preuve\/39.,<a target=\"_blank\" rel=\"nofollow\" href=\"https:\/\/editionsbussiere.com\/blog\/goto\/https:\/\/fr.wikisource.org\/wiki\/%C3%80_l%E2%80%99%C5%93uvre_et_%C3%A0_l%E2%80%99%C3%A9preuve\/39\"  target=\"_blank\" rel=\"noopener noreferrer nofollow\">Ici.<\/a><span><\/span>}<br \/>\n|{\u00c0 l\u2019\u0153uvre et \u00e0 l\u2019\u00e9preuve\/28.,<a target=\"_blank\" rel=\"nofollow\" href=\"https:\/\/editionsbussiere.com\/blog\/goto\/https:\/\/fr.wikisource.org\/wiki\/%C3%80_l%E2%80%99%C5%93uvre_et_%C3%A0_l%E2%80%99%C3%A9preuve\/28\"  target=\"_blank\" rel=\"noopener noreferrer nofollow\">Le post d\u2019actualit\u00e9.<\/a><span><\/span>. Suite sur le prochain article.}<br \/>\n|{\u00c0 l\u2019\u0153uvre et \u00e0 l\u2019\u00e9preuve\/21.,<a target=\"_blank\" rel=\"nofollow\" href=\"https:\/\/editionsbussiere.com\/blog\/goto\/https:\/\/fr.wikisource.org\/wiki\/%C3%80_l%E2%80%99%C5%93uvre_et_%C3%A0_l%E2%80%99%C3%A9preuve\/21\"  target=\"_blank\" rel=\"noopener noreferrer nofollow\">Le dossier.<\/a><span><\/span>}<br \/>\n|{\u00c0 l\u2019\u0153uvre et \u00e0 l\u2019\u00e9preuve\/16.,<a target=\"_blank\" rel=\"nofollow\" href=\"https:\/\/editionsbussiere.com\/blog\/goto\/https:\/\/fr.wikisource.org\/wiki\/%C3%80_l%E2%80%99%C5%93uvre_et_%C3%A0_l%E2%80%99%C3%A9preuve\/16\"  target=\"_blank\" rel=\"noopener noreferrer nofollow\">Ici.<\/a><span><\/span>. Suite sur le prochain article.}<br \/>\n|{\u00c0 genoux\/Sur les chemins de la guerre.,<a target=\"_blank\" rel=\"nofollow\" href=\"https:\/\/editionsbussiere.com\/blog\/goto\/https:\/\/fr.wikisource.org\/wiki\/%C3%80_genoux\/Sur_les_chemins_de_la_guerre\"  target=\"_blank\" rel=\"noopener noreferrer nofollow\">L\u2019article ICI.<\/a><span><\/span>}<br \/>\n|{\u00c0 F\u00e8s \u2013 La journ\u00e9e de pri\u00e8re.,<a target=\"_blank\" rel=\"nofollow\" href=\"https:\/\/editionsbussiere.com\/blog\/goto\/https:\/\/fr.wikisource.org\/wiki\/%C3%80_F%C3%A8s_-_La_journ%C3%A9e_de_pri%C3%A8re\"  target=\"_blank\" rel=\"noopener noreferrer nofollow\">Ici.<\/a><span><\/span>}<br \/>\n|{\u00c0 Elisa Merc\u0153ur (O. C. \u00c9lisa Merc\u0153ur).,<a target=\"_blank\" rel=\"nofollow\" href=\"https:\/\/editionsbussiere.com\/blog\/goto\/https:\/\/fr.wikisource.org\/wiki\/%C3%80_Elisa_Merc%C5%93ur_(O._C._%C3%89lisa_Merc%C5%93ur)\"  target=\"_blank\" rel=\"noopener noreferrer nofollow\">L\u2019article de presse.<\/a><span><\/span>. Suite sur le prochain article.}<br \/>\n|{\u00c0 bas la calotte\/Pourquoi Saint Joseph se laissa manger la t\u00eate par un rat.,<a target=\"_blank\" rel=\"nofollow\" href=\"https:\/\/editionsbussiere.com\/blog\/goto\/https:\/\/fr.wikisource.org\/wiki\/%C3%80_bas_la_calotte\/Pourquoi_Saint_Joseph_se_laissa_manger_la_t%C3%AAte_par_un_rat\"  target=\"_blank\" rel=\"noopener noreferrer nofollow\">Le post d\u2019actualit\u00e9.<\/a><span><\/span>}<br \/>\n|{\u00c0 bas la calotte\/Ne me parlez plus de saint Eustache !.,<a target=\"_blank\" rel=\"nofollow\" href=\"https:\/\/editionsbussiere.com\/blog\/goto\/https:\/\/fr.wikisource.org\/wiki\/%C3%80_bas_la_calotte\/Ne_me_parlez_plus_de_saint_Eustache_!\"  target=\"_blank\" rel=\"noopener noreferrer nofollow\">Article complet.<\/a><span><\/span>. Suite sur le prochain article.}<br \/>\n|{.,<a target=\"_blank\" rel=\"nofollow\" href=\"https:\/\/editionsbussiere.com\/blog\/goto\/https:\/\/www.n42.fr\/2026\/04\/20\/le-coeur-de-leglise-est-vivant-et-bat-le-pape-leon-xiv-prononce-le-chapelet-au-sanctuaire-marial-de-muxima-en-angola-et-supplication-en-debut-de-journee\/\"  target=\"_blank\" rel=\"noopener noreferrer nofollow\">A lire ici.<\/a><span><\/span>}<br \/>\n|{.,<a target=\"_blank\" rel=\"nofollow\" href=\"https:\/\/editionsbussiere.com\/blog\/goto\/https:\/\/www.n42.fr\/2026\/04\/20\/le-coeur-de-leglise-est-vivant-et-bat-le-pape-leon-xiv-prononce-le-chapelet-au-sanctuaire-marial-de-muxima-en-angola-et-supplication-en-debut-de-journee\/\"  target=\"_blank\" rel=\"noopener noreferrer nofollow\">Le dossier.<\/a><span><\/span>}<br \/>\n|{.,<a target=\"_blank\" rel=\"nofollow\" href=\"https:\/\/editionsbussiere.com\/blog\/goto\/https:\/\/www.n42.fr\/2026\/04\/20\/le-coeur-de-leglise-est-vivant-et-bat-le-pape-leon-xiv-prononce-le-chapelet-au-sanctuaire-marial-de-muxima-en-angola-et-supplication-en-debut-de-journee\/\"  target=\"_blank\" rel=\"noopener noreferrer nofollow\">Ici.<\/a><span><\/span>}<br \/>\n|{.,<a target=\"_blank\" rel=\"nofollow\" href=\"https:\/\/editionsbussiere.com\/blog\/goto\/https:\/\/www.n42.fr\/2026\/04\/20\/le-coeur-de-leglise-est-vivant-et-bat-le-pape-leon-xiv-prononce-le-chapelet-au-sanctuaire-marial-de-muxima-en-angola-et-supplication-en-debut-de-journee\/\"  target=\"_blank\" rel=\"noopener noreferrer nofollow\">Le post d\u2019actualit\u00e9.<\/a><span><\/span>}<br \/>\n}<\/p>\n<\/div>\n<p><img decoding=\"async\" class=\"wpe_imgrss\" src=\"https:\/\/editionsbussiere.com\/blog\/wp-content\/uploads\/2026\/04\/1776729562_Le-coeur-de-lEglise-est-vivant-et.jpg\">Cet article a \u00e9t\u00e9 reconstitu\u00e9 du mieux possible. Dans l\u2019hypoth\u00e8se o\u00f9 vous souhaitez apporter quelques modifications concernant le th\u00e8me \u00ab\u00a0Editions \u00e9sot\u00e9rique fond\u00e9e en 1927\u00a0\u00bb, il est possible de discuter avec notre r\u00e9daction. Vous pouvez tirer profit de cet article traitant le sujet \u00ab\u00a0Editions \u00e9sot\u00e9rique fond\u00e9e en 1927\u00a0\u00bb. Il est concoct\u00e9 par l\u2019\u00e9quipe editionsbussiere.com. Le site editionsbussiere.com est fait pour cr\u00e9er divers posts autour du th\u00e8me Editions \u00e9sot\u00e9rique fond\u00e9e en 1927 d\u00e9velopp\u00e9es sur internet. Consultez notre site internet editionsbussiere.com et nos r\u00e9seaux sociaux pour \u00eatre au courant des futures annonces.<\/p>\n","protected":false},"excerpt":{"rendered":"<p>MUXIMA, Angola (OSV News) \u2014 Le pape L\u00e9on XIV a conduit des dizaines de milliers de catholiques angolais \u00e0 prier le chapelet le 19 avril dans le sanctuaire catholique le plus visit\u00e9 d\u2019Afrique australe, qualifiant le lieu de p\u00e8lerinage de lieu o\u00f9 \u00ab le c\u0153ur de l\u2019\u00c9glise \u00bb est \u00ab vivant et bat \u00bb. Le [&hellip;]<\/p>\n","protected":false},"author":3,"featured_media":2187,"comment_status":"closed","ping_status":"closed","sticky":false,"template":"","format":"standard","meta":{"footnotes":""},"categories":[3],"tags":[],"class_list":["post-2186","post","type-post","status-publish","format-standard","has-post-thumbnail","hentry","category-editions-esoterique-fondee-en-1927-depeches","entry","fw-tab-6 fw-tabr-4","has-featured-image"],"yoast_head":"<!-- This site is optimized with the Yoast SEO plugin v27.5 - https:\/\/yoast.com\/product\/yoast-seo-wordpress\/ -->\n<title>\u00ab Le c\u0153ur de l\u2019\u00c9glise \u00bb est \u00ab vivant et bat \u00bb : le pape L\u00e9on XIV prononce le chapelet au sanctuaire marial de Muxima en Angola et supplication en d\u00e9but de journ\u00e9e. - EDITIONSBUSSIERE<\/title>\n<meta name=\"robots\" content=\"index, follow, max-snippet:-1, max-image-preview:large, max-video-preview:-1\" \/>\n<link rel=\"canonical\" href=\"https:\/\/editionsbussiere.com\/blog\/le-coeur-de-leglise-est-vivant-et-bat-le-pape-leon-xiv-prononce-le-chapelet-au-sanctuaire-marial-de-muxima-en-angola-et-supplication-en-debut-de-journee\/\" \/>\n<meta property=\"og:locale\" content=\"fr_FR\" \/>\n<meta property=\"og:type\" content=\"article\" \/>\n<meta property=\"og:title\" content=\"\u00ab Le c\u0153ur de l\u2019\u00c9glise \u00bb est \u00ab vivant et bat \u00bb : le pape L\u00e9on XIV prononce le chapelet au sanctuaire marial de Muxima en Angola et supplication en d\u00e9but de journ\u00e9e. - EDITIONSBUSSIERE\" \/>\n<meta property=\"og:description\" content=\"MUXIMA, Angola (OSV News) \u2014 Le pape L\u00e9on XIV a conduit des dizaines de milliers de catholiques angolais \u00e0 prier le chapelet le 19 avril dans le sanctuaire catholique le plus visit\u00e9 d\u2019Afrique australe, qualifiant le lieu de p\u00e8lerinage de lieu o\u00f9 \u00ab le c\u0153ur de l\u2019\u00c9glise \u00bb est \u00ab vivant et bat \u00bb. Le [&hellip;]\" \/>\n<meta property=\"og:url\" content=\"https:\/\/editionsbussiere.com\/blog\/le-coeur-de-leglise-est-vivant-et-bat-le-pape-leon-xiv-prononce-le-chapelet-au-sanctuaire-marial-de-muxima-en-angola-et-supplication-en-debut-de-journee\/\" \/>\n<meta property=\"og:site_name\" content=\"EDITIONSBUSSIERE\" \/>\n<meta property=\"article:published_time\" content=\"2026-04-21T01:05:06+00:00\" \/>\n<meta property=\"og:image\" content=\"https:\/\/editionsbussiere.com\/blog\/wp-content\/uploads\/2026\/04\/1776729562_Le-coeur-de-lEglise-est-vivant-et.jpg\" \/>\n<meta name=\"author\" content=\"Marie BATICLE\" \/>\n<meta name=\"twitter:card\" content=\"summary_large_image\" \/>\n<meta name=\"twitter:label1\" content=\"\u00c9crit par\" \/>\n\t<meta name=\"twitter:data1\" content=\"Marie BATICLE\" \/>\n\t<meta name=\"twitter:label2\" content=\"Dur\u00e9e de lecture estim\u00e9e\" \/>\n\t<meta name=\"twitter:data2\" content=\"110 minutes\" \/>\n<script type=\"application\/ld+json\" class=\"yoast-schema-graph\">{\"@context\":\"https:\\\/\\\/schema.org\",\"@graph\":[{\"@type\":\"Article\",\"@id\":\"https:\\\/\\\/editionsbussiere.com\\\/blog\\\/le-coeur-de-leglise-est-vivant-et-bat-le-pape-leon-xiv-prononce-le-chapelet-au-sanctuaire-marial-de-muxima-en-angola-et-supplication-en-debut-de-journee\\\/#article\",\"isPartOf\":{\"@id\":\"https:\\\/\\\/editionsbussiere.com\\\/blog\\\/le-coeur-de-leglise-est-vivant-et-bat-le-pape-leon-xiv-prononce-le-chapelet-au-sanctuaire-marial-de-muxima-en-angola-et-supplication-en-debut-de-journee\\\/\"},\"author\":{\"name\":\"Marie BATICLE\",\"@id\":\"https:\\\/\\\/editionsbussiere.com\\\/blog\\\/#\\\/schema\\\/person\\\/ec90e102792148c97e46ab871010dd8f\"},\"headline\":\"\u00ab Le c\u0153ur de l\u2019\u00c9glise \u00bb est \u00ab vivant et bat \u00bb : le pape L\u00e9on XIV prononce le chapelet au sanctuaire marial de Muxima en Angola et supplication en d\u00e9but de journ\u00e9e.\",\"datePublished\":\"2026-04-21T01:05:06+00:00\",\"mainEntityOfPage\":{\"@id\":\"https:\\\/\\\/editionsbussiere.com\\\/blog\\\/le-coeur-de-leglise-est-vivant-et-bat-le-pape-leon-xiv-prononce-le-chapelet-au-sanctuaire-marial-de-muxima-en-angola-et-supplication-en-debut-de-journee\\\/\"},\"wordCount\":21985,\"publisher\":{\"@id\":\"https:\\\/\\\/editionsbussiere.com\\\/blog\\\/#organization\"},\"image\":{\"@id\":\"https:\\\/\\\/editionsbussiere.com\\\/blog\\\/le-coeur-de-leglise-est-vivant-et-bat-le-pape-leon-xiv-prononce-le-chapelet-au-sanctuaire-marial-de-muxima-en-angola-et-supplication-en-debut-de-journee\\\/#primaryimage\"},\"thumbnailUrl\":\"https:\\\/\\\/editionsbussiere.com\\\/blog\\\/wp-content\\\/uploads\\\/2026\\\/04\\\/1776729562_Le-coeur-de-lEglise-est-vivant-et.jpg\",\"articleSection\":[\"Editions \u00c9sot\u00e9rique Fond\u00e9e En 1927; D\u00e9p\u00e8ches:\"],\"inLanguage\":\"fr-FR\"},{\"@type\":\"WebPage\",\"@id\":\"https:\\\/\\\/editionsbussiere.com\\\/blog\\\/le-coeur-de-leglise-est-vivant-et-bat-le-pape-leon-xiv-prononce-le-chapelet-au-sanctuaire-marial-de-muxima-en-angola-et-supplication-en-debut-de-journee\\\/\",\"url\":\"https:\\\/\\\/editionsbussiere.com\\\/blog\\\/le-coeur-de-leglise-est-vivant-et-bat-le-pape-leon-xiv-prononce-le-chapelet-au-sanctuaire-marial-de-muxima-en-angola-et-supplication-en-debut-de-journee\\\/\",\"name\":\"\u00ab Le c\u0153ur de l\u2019\u00c9glise \u00bb est \u00ab vivant et bat \u00bb : le pape L\u00e9on XIV prononce le chapelet au sanctuaire marial de Muxima en Angola et supplication en d\u00e9but de journ\u00e9e. - EDITIONSBUSSIERE\",\"isPartOf\":{\"@id\":\"https:\\\/\\\/editionsbussiere.com\\\/blog\\\/#website\"},\"primaryImageOfPage\":{\"@id\":\"https:\\\/\\\/editionsbussiere.com\\\/blog\\\/le-coeur-de-leglise-est-vivant-et-bat-le-pape-leon-xiv-prononce-le-chapelet-au-sanctuaire-marial-de-muxima-en-angola-et-supplication-en-debut-de-journee\\\/#primaryimage\"},\"image\":{\"@id\":\"https:\\\/\\\/editionsbussiere.com\\\/blog\\\/le-coeur-de-leglise-est-vivant-et-bat-le-pape-leon-xiv-prononce-le-chapelet-au-sanctuaire-marial-de-muxima-en-angola-et-supplication-en-debut-de-journee\\\/#primaryimage\"},\"thumbnailUrl\":\"https:\\\/\\\/editionsbussiere.com\\\/blog\\\/wp-content\\\/uploads\\\/2026\\\/04\\\/1776729562_Le-coeur-de-lEglise-est-vivant-et.jpg\",\"datePublished\":\"2026-04-21T01:05:06+00:00\",\"breadcrumb\":{\"@id\":\"https:\\\/\\\/editionsbussiere.com\\\/blog\\\/le-coeur-de-leglise-est-vivant-et-bat-le-pape-leon-xiv-prononce-le-chapelet-au-sanctuaire-marial-de-muxima-en-angola-et-supplication-en-debut-de-journee\\\/#breadcrumb\"},\"inLanguage\":\"fr-FR\",\"potentialAction\":[{\"@type\":\"ReadAction\",\"target\":[\"https:\\\/\\\/editionsbussiere.com\\\/blog\\\/le-coeur-de-leglise-est-vivant-et-bat-le-pape-leon-xiv-prononce-le-chapelet-au-sanctuaire-marial-de-muxima-en-angola-et-supplication-en-debut-de-journee\\\/\"]}]},{\"@type\":\"ImageObject\",\"inLanguage\":\"fr-FR\",\"@id\":\"https:\\\/\\\/editionsbussiere.com\\\/blog\\\/le-coeur-de-leglise-est-vivant-et-bat-le-pape-leon-xiv-prononce-le-chapelet-au-sanctuaire-marial-de-muxima-en-angola-et-supplication-en-debut-de-journee\\\/#primaryimage\",\"url\":\"https:\\\/\\\/editionsbussiere.com\\\/blog\\\/wp-content\\\/uploads\\\/2026\\\/04\\\/1776729562_Le-coeur-de-lEglise-est-vivant-et.jpg\",\"contentUrl\":\"https:\\\/\\\/editionsbussiere.com\\\/blog\\\/wp-content\\\/uploads\\\/2026\\\/04\\\/1776729562_Le-coeur-de-lEglise-est-vivant-et.jpg\",\"width\":900,\"height\":600,\"caption\":\"1776729562 Le coeur de lEglise est vivant et\"},{\"@type\":\"BreadcrumbList\",\"@id\":\"https:\\\/\\\/editionsbussiere.com\\\/blog\\\/le-coeur-de-leglise-est-vivant-et-bat-le-pape-leon-xiv-prononce-le-chapelet-au-sanctuaire-marial-de-muxima-en-angola-et-supplication-en-debut-de-journee\\\/#breadcrumb\",\"itemListElement\":[{\"@type\":\"ListItem\",\"position\":1,\"name\":\"Accueil\",\"item\":\"https:\\\/\\\/editionsbussiere.com\\\/blog\\\/\"},{\"@type\":\"ListItem\",\"position\":2,\"name\":\"\u00ab Le c\u0153ur de l\u2019\u00c9glise \u00bb est \u00ab vivant et bat \u00bb : le pape L\u00e9on XIV prononce le chapelet au sanctuaire marial de Muxima en Angola et supplication en d\u00e9but de journ\u00e9e.\"}]},{\"@type\":\"WebSite\",\"@id\":\"https:\\\/\\\/editionsbussiere.com\\\/blog\\\/#website\",\"url\":\"https:\\\/\\\/editionsbussiere.com\\\/blog\\\/\",\"name\":\"EDITIONSBUSSIERE\",\"description\":\"Editions \u00e9sot\u00e9rique fond\u00e9e en 1927; site historique, A SAVOIR ET RETENIR.\",\"publisher\":{\"@id\":\"https:\\\/\\\/editionsbussiere.com\\\/blog\\\/#organization\"},\"potentialAction\":[{\"@type\":\"SearchAction\",\"target\":{\"@type\":\"EntryPoint\",\"urlTemplate\":\"https:\\\/\\\/editionsbussiere.com\\\/blog\\\/?s={search_term_string}\"},\"query-input\":{\"@type\":\"PropertyValueSpecification\",\"valueRequired\":true,\"valueName\":\"search_term_string\"}}],\"inLanguage\":\"fr-FR\"},{\"@type\":\"Organization\",\"@id\":\"https:\\\/\\\/editionsbussiere.com\\\/blog\\\/#organization\",\"name\":\"editionsbussiere\",\"url\":\"https:\\\/\\\/editionsbussiere.com\\\/blog\\\/\",\"logo\":{\"@type\":\"ImageObject\",\"inLanguage\":\"fr-FR\",\"@id\":\"https:\\\/\\\/editionsbussiere.com\\\/blog\\\/#\\\/schema\\\/logo\\\/image\\\/\",\"url\":\"https:\\\/\\\/editionsbussiere.com\\\/blog\\\/wp-content\\\/uploads\\\/2023\\\/09\\\/cropped-buss.gif\",\"contentUrl\":\"https:\\\/\\\/editionsbussiere.com\\\/blog\\\/wp-content\\\/uploads\\\/2023\\\/09\\\/cropped-buss.gif\",\"width\":298,\"height\":120,\"caption\":\"editionsbussiere\"},\"image\":{\"@id\":\"https:\\\/\\\/editionsbussiere.com\\\/blog\\\/#\\\/schema\\\/logo\\\/image\\\/\"}},{\"@type\":\"Person\",\"@id\":\"https:\\\/\\\/editionsbussiere.com\\\/blog\\\/#\\\/schema\\\/person\\\/ec90e102792148c97e46ab871010dd8f\",\"name\":\"Marie BATICLE\",\"image\":{\"@type\":\"ImageObject\",\"inLanguage\":\"fr-FR\",\"@id\":\"https:\\\/\\\/secure.gravatar.com\\\/avatar\\\/c923e52403b1b8137e2d929127211d21967e6aecaa053bd43b09da29f212e76e?s=96&d=mm&r=g\",\"url\":\"https:\\\/\\\/secure.gravatar.com\\\/avatar\\\/c923e52403b1b8137e2d929127211d21967e6aecaa053bd43b09da29f212e76e?s=96&d=mm&r=g\",\"contentUrl\":\"https:\\\/\\\/secure.gravatar.com\\\/avatar\\\/c923e52403b1b8137e2d929127211d21967e6aecaa053bd43b09da29f212e76e?s=96&d=mm&r=g\",\"caption\":\"Marie BATICLE\"},\"url\":\"https:\\\/\\\/editionsbussiere.com\\\/blog\\\/author\\\/eremarie\\\/\"}]}<\/script>\n<!-- \/ Yoast SEO plugin. -->","yoast_head_json":{"title":"\u00ab Le c\u0153ur de l\u2019\u00c9glise \u00bb est \u00ab vivant et bat \u00bb : le pape L\u00e9on XIV prononce le chapelet au sanctuaire marial de Muxima en Angola et supplication en d\u00e9but de journ\u00e9e. - EDITIONSBUSSIERE","robots":{"index":"index","follow":"follow","max-snippet":"max-snippet:-1","max-image-preview":"max-image-preview:large","max-video-preview":"max-video-preview:-1"},"canonical":"https:\/\/editionsbussiere.com\/blog\/le-coeur-de-leglise-est-vivant-et-bat-le-pape-leon-xiv-prononce-le-chapelet-au-sanctuaire-marial-de-muxima-en-angola-et-supplication-en-debut-de-journee\/","og_locale":"fr_FR","og_type":"article","og_title":"\u00ab Le c\u0153ur de l\u2019\u00c9glise \u00bb est \u00ab vivant et bat \u00bb : le pape L\u00e9on XIV prononce le chapelet au sanctuaire marial de Muxima en Angola et supplication en d\u00e9but de journ\u00e9e. - EDITIONSBUSSIERE","og_description":"MUXIMA, Angola (OSV News) \u2014 Le pape L\u00e9on XIV a conduit des dizaines de milliers de catholiques angolais \u00e0 prier le chapelet le 19 avril dans le sanctuaire catholique le plus visit\u00e9 d\u2019Afrique australe, qualifiant le lieu de p\u00e8lerinage de lieu o\u00f9 \u00ab le c\u0153ur de l\u2019\u00c9glise \u00bb est \u00ab vivant et bat \u00bb. Le [&hellip;]","og_url":"https:\/\/editionsbussiere.com\/blog\/le-coeur-de-leglise-est-vivant-et-bat-le-pape-leon-xiv-prononce-le-chapelet-au-sanctuaire-marial-de-muxima-en-angola-et-supplication-en-debut-de-journee\/","og_site_name":"EDITIONSBUSSIERE","article_published_time":"2026-04-21T01:05:06+00:00","og_image":[{"url":"https:\/\/editionsbussiere.com\/blog\/wp-content\/uploads\/2026\/04\/1776729562_Le-coeur-de-lEglise-est-vivant-et.jpg","type":"","width":"","height":""}],"author":"Marie BATICLE","twitter_card":"summary_large_image","twitter_misc":{"\u00c9crit par":"Marie BATICLE","Dur\u00e9e de lecture estim\u00e9e":"110 minutes"},"schema":{"@context":"https:\/\/schema.org","@graph":[{"@type":"Article","@id":"https:\/\/editionsbussiere.com\/blog\/le-coeur-de-leglise-est-vivant-et-bat-le-pape-leon-xiv-prononce-le-chapelet-au-sanctuaire-marial-de-muxima-en-angola-et-supplication-en-debut-de-journee\/#article","isPartOf":{"@id":"https:\/\/editionsbussiere.com\/blog\/le-coeur-de-leglise-est-vivant-et-bat-le-pape-leon-xiv-prononce-le-chapelet-au-sanctuaire-marial-de-muxima-en-angola-et-supplication-en-debut-de-journee\/"},"author":{"name":"Marie BATICLE","@id":"https:\/\/editionsbussiere.com\/blog\/#\/schema\/person\/ec90e102792148c97e46ab871010dd8f"},"headline":"\u00ab Le c\u0153ur de l\u2019\u00c9glise \u00bb est \u00ab vivant et bat \u00bb : le pape L\u00e9on XIV prononce le chapelet au sanctuaire marial de Muxima en Angola et supplication en d\u00e9but de journ\u00e9e.","datePublished":"2026-04-21T01:05:06+00:00","mainEntityOfPage":{"@id":"https:\/\/editionsbussiere.com\/blog\/le-coeur-de-leglise-est-vivant-et-bat-le-pape-leon-xiv-prononce-le-chapelet-au-sanctuaire-marial-de-muxima-en-angola-et-supplication-en-debut-de-journee\/"},"wordCount":21985,"publisher":{"@id":"https:\/\/editionsbussiere.com\/blog\/#organization"},"image":{"@id":"https:\/\/editionsbussiere.com\/blog\/le-coeur-de-leglise-est-vivant-et-bat-le-pape-leon-xiv-prononce-le-chapelet-au-sanctuaire-marial-de-muxima-en-angola-et-supplication-en-debut-de-journee\/#primaryimage"},"thumbnailUrl":"https:\/\/editionsbussiere.com\/blog\/wp-content\/uploads\/2026\/04\/1776729562_Le-coeur-de-lEglise-est-vivant-et.jpg","articleSection":["Editions \u00c9sot\u00e9rique Fond\u00e9e En 1927; D\u00e9p\u00e8ches:"],"inLanguage":"fr-FR"},{"@type":"WebPage","@id":"https:\/\/editionsbussiere.com\/blog\/le-coeur-de-leglise-est-vivant-et-bat-le-pape-leon-xiv-prononce-le-chapelet-au-sanctuaire-marial-de-muxima-en-angola-et-supplication-en-debut-de-journee\/","url":"https:\/\/editionsbussiere.com\/blog\/le-coeur-de-leglise-est-vivant-et-bat-le-pape-leon-xiv-prononce-le-chapelet-au-sanctuaire-marial-de-muxima-en-angola-et-supplication-en-debut-de-journee\/","name":"\u00ab Le c\u0153ur de l\u2019\u00c9glise \u00bb est \u00ab vivant et bat \u00bb : le pape L\u00e9on XIV prononce le chapelet au sanctuaire marial de Muxima en Angola et supplication en d\u00e9but de journ\u00e9e. - EDITIONSBUSSIERE","isPartOf":{"@id":"https:\/\/editionsbussiere.com\/blog\/#website"},"primaryImageOfPage":{"@id":"https:\/\/editionsbussiere.com\/blog\/le-coeur-de-leglise-est-vivant-et-bat-le-pape-leon-xiv-prononce-le-chapelet-au-sanctuaire-marial-de-muxima-en-angola-et-supplication-en-debut-de-journee\/#primaryimage"},"image":{"@id":"https:\/\/editionsbussiere.com\/blog\/le-coeur-de-leglise-est-vivant-et-bat-le-pape-leon-xiv-prononce-le-chapelet-au-sanctuaire-marial-de-muxima-en-angola-et-supplication-en-debut-de-journee\/#primaryimage"},"thumbnailUrl":"https:\/\/editionsbussiere.com\/blog\/wp-content\/uploads\/2026\/04\/1776729562_Le-coeur-de-lEglise-est-vivant-et.jpg","datePublished":"2026-04-21T01:05:06+00:00","breadcrumb":{"@id":"https:\/\/editionsbussiere.com\/blog\/le-coeur-de-leglise-est-vivant-et-bat-le-pape-leon-xiv-prononce-le-chapelet-au-sanctuaire-marial-de-muxima-en-angola-et-supplication-en-debut-de-journee\/#breadcrumb"},"inLanguage":"fr-FR","potentialAction":[{"@type":"ReadAction","target":["https:\/\/editionsbussiere.com\/blog\/le-coeur-de-leglise-est-vivant-et-bat-le-pape-leon-xiv-prononce-le-chapelet-au-sanctuaire-marial-de-muxima-en-angola-et-supplication-en-debut-de-journee\/"]}]},{"@type":"ImageObject","inLanguage":"fr-FR","@id":"https:\/\/editionsbussiere.com\/blog\/le-coeur-de-leglise-est-vivant-et-bat-le-pape-leon-xiv-prononce-le-chapelet-au-sanctuaire-marial-de-muxima-en-angola-et-supplication-en-debut-de-journee\/#primaryimage","url":"https:\/\/editionsbussiere.com\/blog\/wp-content\/uploads\/2026\/04\/1776729562_Le-coeur-de-lEglise-est-vivant-et.jpg","contentUrl":"https:\/\/editionsbussiere.com\/blog\/wp-content\/uploads\/2026\/04\/1776729562_Le-coeur-de-lEglise-est-vivant-et.jpg","width":900,"height":600,"caption":"1776729562 Le coeur de lEglise est vivant et"},{"@type":"BreadcrumbList","@id":"https:\/\/editionsbussiere.com\/blog\/le-coeur-de-leglise-est-vivant-et-bat-le-pape-leon-xiv-prononce-le-chapelet-au-sanctuaire-marial-de-muxima-en-angola-et-supplication-en-debut-de-journee\/#breadcrumb","itemListElement":[{"@type":"ListItem","position":1,"name":"Accueil","item":"https:\/\/editionsbussiere.com\/blog\/"},{"@type":"ListItem","position":2,"name":"\u00ab Le c\u0153ur de l\u2019\u00c9glise \u00bb est \u00ab vivant et bat \u00bb : le pape L\u00e9on XIV prononce le chapelet au sanctuaire marial de Muxima en Angola et supplication en d\u00e9but de journ\u00e9e."}]},{"@type":"WebSite","@id":"https:\/\/editionsbussiere.com\/blog\/#website","url":"https:\/\/editionsbussiere.com\/blog\/","name":"EDITIONSBUSSIERE","description":"Editions \u00e9sot\u00e9rique fond\u00e9e en 1927; site historique, A SAVOIR ET RETENIR.","publisher":{"@id":"https:\/\/editionsbussiere.com\/blog\/#organization"},"potentialAction":[{"@type":"SearchAction","target":{"@type":"EntryPoint","urlTemplate":"https:\/\/editionsbussiere.com\/blog\/?s={search_term_string}"},"query-input":{"@type":"PropertyValueSpecification","valueRequired":true,"valueName":"search_term_string"}}],"inLanguage":"fr-FR"},{"@type":"Organization","@id":"https:\/\/editionsbussiere.com\/blog\/#organization","name":"editionsbussiere","url":"https:\/\/editionsbussiere.com\/blog\/","logo":{"@type":"ImageObject","inLanguage":"fr-FR","@id":"https:\/\/editionsbussiere.com\/blog\/#\/schema\/logo\/image\/","url":"https:\/\/editionsbussiere.com\/blog\/wp-content\/uploads\/2023\/09\/cropped-buss.gif","contentUrl":"https:\/\/editionsbussiere.com\/blog\/wp-content\/uploads\/2023\/09\/cropped-buss.gif","width":298,"height":120,"caption":"editionsbussiere"},"image":{"@id":"https:\/\/editionsbussiere.com\/blog\/#\/schema\/logo\/image\/"}},{"@type":"Person","@id":"https:\/\/editionsbussiere.com\/blog\/#\/schema\/person\/ec90e102792148c97e46ab871010dd8f","name":"Marie BATICLE","image":{"@type":"ImageObject","inLanguage":"fr-FR","@id":"https:\/\/secure.gravatar.com\/avatar\/c923e52403b1b8137e2d929127211d21967e6aecaa053bd43b09da29f212e76e?s=96&d=mm&r=g","url":"https:\/\/secure.gravatar.com\/avatar\/c923e52403b1b8137e2d929127211d21967e6aecaa053bd43b09da29f212e76e?s=96&d=mm&r=g","contentUrl":"https:\/\/secure.gravatar.com\/avatar\/c923e52403b1b8137e2d929127211d21967e6aecaa053bd43b09da29f212e76e?s=96&d=mm&r=g","caption":"Marie BATICLE"},"url":"https:\/\/editionsbussiere.com\/blog\/author\/eremarie\/"}]}},"_links":{"self":[{"href":"https:\/\/editionsbussiere.com\/blog\/wp-json\/wp\/v2\/posts\/2186","targetHints":{"allow":["GET"]}}],"collection":[{"href":"https:\/\/editionsbussiere.com\/blog\/wp-json\/wp\/v2\/posts"}],"about":[{"href":"https:\/\/editionsbussiere.com\/blog\/wp-json\/wp\/v2\/types\/post"}],"author":[{"embeddable":true,"href":"https:\/\/editionsbussiere.com\/blog\/wp-json\/wp\/v2\/users\/3"}],"replies":[{"embeddable":true,"href":"https:\/\/editionsbussiere.com\/blog\/wp-json\/wp\/v2\/comments?post=2186"}],"version-history":[{"count":0,"href":"https:\/\/editionsbussiere.com\/blog\/wp-json\/wp\/v2\/posts\/2186\/revisions"}],"wp:featuredmedia":[{"embeddable":true,"href":"https:\/\/editionsbussiere.com\/blog\/wp-json\/wp\/v2\/media\/2187"}],"wp:attachment":[{"href":"https:\/\/editionsbussiere.com\/blog\/wp-json\/wp\/v2\/media?parent=2186"}],"wp:term":[{"taxonomy":"category","embeddable":true,"href":"https:\/\/editionsbussiere.com\/blog\/wp-json\/wp\/v2\/categories?post=2186"},{"taxonomy":"post_tag","embeddable":true,"href":"https:\/\/editionsbussiere.com\/blog\/wp-json\/wp\/v2\/tags?post=2186"}],"curies":[{"name":"wp","href":"https:\/\/api.w.org\/{rel}","templated":true}]}}