{"id":2081,"date":"2025-12-26T21:02:01","date_gmt":"2025-12-26T20:02:01","guid":{"rendered":"https:\/\/editionsbussiere.com\/blog\/les-projets-labellises-fondation-du-patrimoine-attendent-votre-don-avant-le-31-decembre\/"},"modified":"2025-12-26T21:02:01","modified_gmt":"2025-12-26T20:02:01","slug":"les-projets-labellises-fondation-du-patrimoine-attendent-votre-don-avant-le-31-decembre","status":"publish","type":"post","link":"https:\/\/editionsbussiere.com\/blog\/les-projets-labellises-fondation-du-patrimoine-attendent-votre-don-avant-le-31-decembre\/","title":{"rendered":"les projets labellis\u00e9s Fondation du patrimoine attendent votre don avant le 31 d\u00e9cembre"},"content":{"rendered":"<div>\n<div data-testid=\"contenu-article\">\n<p>La collection la plus r\u00e9cente vient tout juste d&rsquo;\u00eatre lanc\u00e9e, pour une nouvelle tranche de travaux au ch\u00e2teau de Lavardin, pr\u00e9c\u00e9d\u00e9e de peu par le projet de restauration d&rsquo;une pagode et un bassin Belle \u00c9poque \u00e0 Vend\u00f4me dont nous nous sommes fait l&rsquo;\u00e9cho en d\u00e9but de semaine. Mais sur le site de la Fondation du Patrimoine, d&rsquo;autres appels aux dons pour des projets de restauration dans le Vend\u00f4mois sont ouverts, \u00e0 vos envies. Nous vous les pr\u00e9sentons rapidement ci-dessous. Sauf indication contraire, ils sont essentiellement port\u00e9s par les communes, mais les dons des particuliers contribuent \u00e0 leur r\u00e9alisation. Vers\u00e9e d&rsquo;ici le 31 d\u00e9cembre, votre obole sera d\u00e9ductible de vos revenus 2025, pour votre prochaine d\u00e9claration. \u00c0 66 %, et m\u00eame \u00e0 75 % pour le patrimoine religieux. Et si No\u00ebl a grev\u00e9 votre budget, pas d&rsquo;inqui\u00e9tude ! Les dons vers\u00e9s \u00e0 partir du 1<sup>euh<\/sup> janvier 2026 seront eux aussi d\u00e9ductibles, mais il faudra un peu.<\/p>\n<p><strong>\u00c9glise de Sarg\u00e9-sur-Braye, objectif 35.000 \u20ac, r\u00e9alis\u00e9 \u00e0 67 %.<\/strong> Class\u00e9e aux Monuments historiques en 1958, l&rsquo;\u00e9glise Saint-Martin pr\u00e9sente un \u00e9tat pr\u00e9occupant : d&rsquo;importantes d\u00e9formations de la couverture, entra\u00eenant celle de la vo\u00fbte lambriss\u00e9e, et une humidit\u00e9 qui d\u00e9grade les peintures murales exceptionnelles du 15<sup>e<\/sup> si\u00e8cle, restaur\u00e9es en 1950.<\/p>\n<p><strong>Moulin de la Gaudinerie \u00e0 Boursay, objectif 50.000 \u20ac, r\u00e9alis\u00e9 \u00e0 61 %.<\/strong> Un des rares projets port\u00e9s par un propri\u00e9taire priv\u00e9, pour ce moulin \u00e0 eau, le dernier de la commune, dont la stabilit\u00e9 m\u00eame est menac\u00e9e, les toitures risquant de s&rsquo;effondrer. Le projet pour ce moulin est d&rsquo;en faire un lieu ressource \u00e0 travers des chantiers participatifs li\u00e9s au b\u00e2ti rural ancien.<\/p>\n<p><strong>Arche des Grands-Pr\u00e9s ou \u00ab porte d&rsquo;eau \u00bb \u00e0 Vend\u00f4me, objectif 15.000 euros, r\u00e9alis\u00e9 \u00e0 35 %.<\/strong> \u00c9rig\u00e9e entre le 13<sup>e<\/sup> et le 15<sup>e<\/sup> si\u00e8cle, cette porte, un des rares t\u00e9moins des fortifications m\u00e9di\u00e9vales de la ville, est inscrite aux Monuments historiques. Elle souffre d&rsquo;une d\u00e9gradation avanc\u00e9e de ses structures\u2026.<br \/>\n  <span style=\"font-weight: bold; font-style: italic; margin: 0 !important; padding: 0 !important; font-size: 12px !important; line-height: 1.2 !important;\"><br \/>\n    Cet article a \u00e9t\u00e9 tronqu\u00e9. Abonnez-vous pour lire l&rsquo;article complet sur notre site.<br \/>\n  <\/span>\n<\/p>\n<div class=\"truncation-notice\" style=\"background: #f8f9fa; padding: 10px !important; margin: 10px 0 !important; border: 1px solid #dee2e6; border-radius: 4px;\">\n<p style=\"margin: 0 !important; padding: 0 !important; font-size: 12px !important;\">Cet article a \u00e9t\u00e9 tronqu\u00e9. Abonnez-vous pour lire l\u2019article complet.<\/p>\n<p>      S&rsquo;abonner<\/p>\n<\/div>\n<\/div>\n<\/div>\n<p><!-- no image -->Le site editionsbussiere.com est fait afin de fournir diff\u00e9rentes publications sur la th\u00e9matique Editions \u00e9sot\u00e9rique fond\u00e9e en 1927 publi\u00e9es sur internet. editionsbussiere.com vous a concoct\u00e9 cet article qui informe du th\u00e8me \u00ab\u00a0Editions \u00e9sot\u00e9rique fond\u00e9e en 1927\u00a0\u00bb. Ce texte a \u00e9t\u00e9 r\u00e9\u00e9dit\u00e9 de la mani\u00e8re la plus compl\u00e8te qui soit. Si jamais vous souhaitez apporter quelques modifications concernant le domaine de \u00ab\u00a0Editions \u00e9sot\u00e9rique fond\u00e9e en 1927\u00a0\u00bb il est possible de d&rsquo;\u00e9changer avec notre \u00e9quipe. En visitant plusieurs fois notre blog vous serez au courant des prochaines annonces.<\/p>\n","protected":false},"excerpt":{"rendered":"<p>La collection la plus r\u00e9cente vient tout juste d&rsquo;\u00eatre lanc\u00e9e, pour une nouvelle tranche de travaux au ch\u00e2teau de Lavardin, pr\u00e9c\u00e9d\u00e9e de peu par le projet de restauration d&rsquo;une pagode et un bassin Belle \u00c9poque \u00e0 Vend\u00f4me dont nous nous sommes fait l&rsquo;\u00e9cho en d\u00e9but de semaine. Mais sur le site de la Fondation du [&hellip;]<\/p>\n","protected":false},"author":2,"featured_media":0,"comment_status":"closed","ping_status":"closed","sticky":false,"template":"","format":"standard","meta":{"footnotes":""},"categories":[2],"tags":[],"class_list":["post-2081","post","type-post","status-publish","format-standard","hentry","category-editions-esoterique-fondee-en-1927","entry","fw-tab-6 fw-tabr-4"],"yoast_head":"<!-- This site is optimized with the Yoast SEO plugin v27.5 - https:\/\/yoast.com\/product\/yoast-seo-wordpress\/ -->\n<title>les projets labellis\u00e9s Fondation du patrimoine attendent votre don avant le 31 d\u00e9cembre - EDITIONSBUSSIERE<\/title>\n<meta name=\"robots\" content=\"index, follow, max-snippet:-1, max-image-preview:large, max-video-preview:-1\" \/>\n<link rel=\"canonical\" href=\"https:\/\/editionsbussiere.com\/blog\/les-projets-labellises-fondation-du-patrimoine-attendent-votre-don-avant-le-31-decembre\/\" \/>\n<meta property=\"og:locale\" content=\"fr_FR\" \/>\n<meta property=\"og:type\" content=\"article\" \/>\n<meta property=\"og:title\" content=\"les projets labellis\u00e9s Fondation du patrimoine attendent votre don avant le 31 d\u00e9cembre - EDITIONSBUSSIERE\" \/>\n<meta property=\"og:description\" content=\"La collection la plus r\u00e9cente vient tout juste d&rsquo;\u00eatre lanc\u00e9e, pour une nouvelle tranche de travaux au ch\u00e2teau de Lavardin, pr\u00e9c\u00e9d\u00e9e de peu par le projet de restauration d&rsquo;une pagode et un bassin Belle \u00c9poque \u00e0 Vend\u00f4me dont nous nous sommes fait l&rsquo;\u00e9cho en d\u00e9but de semaine. Mais sur le site de la Fondation du [&hellip;]\" \/>\n<meta property=\"og:url\" content=\"https:\/\/editionsbussiere.com\/blog\/les-projets-labellises-fondation-du-patrimoine-attendent-votre-don-avant-le-31-decembre\/\" \/>\n<meta property=\"og:site_name\" content=\"EDITIONSBUSSIERE\" \/>\n<meta property=\"article:published_time\" content=\"2025-12-26T20:02:01+00:00\" \/>\n<meta name=\"author\" content=\"Jacques JOLIVET\" \/>\n<meta name=\"twitter:card\" content=\"summary_large_image\" \/>\n<meta name=\"twitter:label1\" content=\"\u00c9crit par\" \/>\n\t<meta name=\"twitter:data1\" content=\"Jacques JOLIVET\" \/>\n\t<meta name=\"twitter:label2\" content=\"Dur\u00e9e de lecture estim\u00e9e\" \/>\n\t<meta name=\"twitter:data2\" content=\"2 minutes\" \/>\n<script type=\"application\/ld+json\" class=\"yoast-schema-graph\">{\"@context\":\"https:\\\/\\\/schema.org\",\"@graph\":[{\"@type\":\"Article\",\"@id\":\"https:\\\/\\\/editionsbussiere.com\\\/blog\\\/les-projets-labellises-fondation-du-patrimoine-attendent-votre-don-avant-le-31-decembre\\\/#article\",\"isPartOf\":{\"@id\":\"https:\\\/\\\/editionsbussiere.com\\\/blog\\\/les-projets-labellises-fondation-du-patrimoine-attendent-votre-don-avant-le-31-decembre\\\/\"},\"author\":{\"name\":\"Jacques JOLIVET\",\"@id\":\"https:\\\/\\\/editionsbussiere.com\\\/blog\\\/#\\\/schema\\\/person\\\/4a5a88a011c746b8f374d0810c79e536\"},\"headline\":\"les projets labellis\u00e9s Fondation du patrimoine attendent votre don avant le 31 d\u00e9cembre\",\"datePublished\":\"2025-12-26T20:02:01+00:00\",\"mainEntityOfPage\":{\"@id\":\"https:\\\/\\\/editionsbussiere.com\\\/blog\\\/les-projets-labellises-fondation-du-patrimoine-attendent-votre-don-avant-le-31-decembre\\\/\"},\"wordCount\":472,\"publisher\":{\"@id\":\"https:\\\/\\\/editionsbussiere.com\\\/blog\\\/#organization\"},\"articleSection\":[\"Editions \u00c9sot\u00e9rique Fond\u00e9e En 1927:\"],\"inLanguage\":\"fr-FR\"},{\"@type\":\"WebPage\",\"@id\":\"https:\\\/\\\/editionsbussiere.com\\\/blog\\\/les-projets-labellises-fondation-du-patrimoine-attendent-votre-don-avant-le-31-decembre\\\/\",\"url\":\"https:\\\/\\\/editionsbussiere.com\\\/blog\\\/les-projets-labellises-fondation-du-patrimoine-attendent-votre-don-avant-le-31-decembre\\\/\",\"name\":\"les projets labellis\u00e9s Fondation du patrimoine attendent votre don avant le 31 d\u00e9cembre - EDITIONSBUSSIERE\",\"isPartOf\":{\"@id\":\"https:\\\/\\\/editionsbussiere.com\\\/blog\\\/#website\"},\"datePublished\":\"2025-12-26T20:02:01+00:00\",\"breadcrumb\":{\"@id\":\"https:\\\/\\\/editionsbussiere.com\\\/blog\\\/les-projets-labellises-fondation-du-patrimoine-attendent-votre-don-avant-le-31-decembre\\\/#breadcrumb\"},\"inLanguage\":\"fr-FR\",\"potentialAction\":[{\"@type\":\"ReadAction\",\"target\":[\"https:\\\/\\\/editionsbussiere.com\\\/blog\\\/les-projets-labellises-fondation-du-patrimoine-attendent-votre-don-avant-le-31-decembre\\\/\"]}]},{\"@type\":\"BreadcrumbList\",\"@id\":\"https:\\\/\\\/editionsbussiere.com\\\/blog\\\/les-projets-labellises-fondation-du-patrimoine-attendent-votre-don-avant-le-31-decembre\\\/#breadcrumb\",\"itemListElement\":[{\"@type\":\"ListItem\",\"position\":1,\"name\":\"Accueil\",\"item\":\"https:\\\/\\\/editionsbussiere.com\\\/blog\\\/\"},{\"@type\":\"ListItem\",\"position\":2,\"name\":\"les projets labellis\u00e9s Fondation du patrimoine attendent votre don avant le 31 d\u00e9cembre\"}]},{\"@type\":\"WebSite\",\"@id\":\"https:\\\/\\\/editionsbussiere.com\\\/blog\\\/#website\",\"url\":\"https:\\\/\\\/editionsbussiere.com\\\/blog\\\/\",\"name\":\"EDITIONSBUSSIERE\",\"description\":\"Editions \u00e9sot\u00e9rique fond\u00e9e en 1927; site historique, A SAVOIR ET RETENIR.\",\"publisher\":{\"@id\":\"https:\\\/\\\/editionsbussiere.com\\\/blog\\\/#organization\"},\"potentialAction\":[{\"@type\":\"SearchAction\",\"target\":{\"@type\":\"EntryPoint\",\"urlTemplate\":\"https:\\\/\\\/editionsbussiere.com\\\/blog\\\/?s={search_term_string}\"},\"query-input\":{\"@type\":\"PropertyValueSpecification\",\"valueRequired\":true,\"valueName\":\"search_term_string\"}}],\"inLanguage\":\"fr-FR\"},{\"@type\":\"Organization\",\"@id\":\"https:\\\/\\\/editionsbussiere.com\\\/blog\\\/#organization\",\"name\":\"editionsbussiere\",\"url\":\"https:\\\/\\\/editionsbussiere.com\\\/blog\\\/\",\"logo\":{\"@type\":\"ImageObject\",\"inLanguage\":\"fr-FR\",\"@id\":\"https:\\\/\\\/editionsbussiere.com\\\/blog\\\/#\\\/schema\\\/logo\\\/image\\\/\",\"url\":\"https:\\\/\\\/editionsbussiere.com\\\/blog\\\/wp-content\\\/uploads\\\/2023\\\/09\\\/cropped-buss.gif\",\"contentUrl\":\"https:\\\/\\\/editionsbussiere.com\\\/blog\\\/wp-content\\\/uploads\\\/2023\\\/09\\\/cropped-buss.gif\",\"width\":298,\"height\":120,\"caption\":\"editionsbussiere\"},\"image\":{\"@id\":\"https:\\\/\\\/editionsbussiere.com\\\/blog\\\/#\\\/schema\\\/logo\\\/image\\\/\"}},{\"@type\":\"Person\",\"@id\":\"https:\\\/\\\/editionsbussiere.com\\\/blog\\\/#\\\/schema\\\/person\\\/4a5a88a011c746b8f374d0810c79e536\",\"name\":\"Jacques JOLIVET\",\"image\":{\"@type\":\"ImageObject\",\"inLanguage\":\"fr-FR\",\"@id\":\"https:\\\/\\\/secure.gravatar.com\\\/avatar\\\/75a17b45476360ef3bfe45fcf0ffe89df5dc018eca14236e84b58f23a0570073?s=96&d=mm&r=g\",\"url\":\"https:\\\/\\\/secure.gravatar.com\\\/avatar\\\/75a17b45476360ef3bfe45fcf0ffe89df5dc018eca14236e84b58f23a0570073?s=96&d=mm&r=g\",\"contentUrl\":\"https:\\\/\\\/secure.gravatar.com\\\/avatar\\\/75a17b45476360ef3bfe45fcf0ffe89df5dc018eca14236e84b58f23a0570073?s=96&d=mm&r=g\",\"caption\":\"Jacques JOLIVET\"},\"url\":\"https:\\\/\\\/editionsbussiere.com\\\/blog\\\/author\\\/erejacques\\\/\"}]}<\/script>\n<!-- \/ Yoast SEO plugin. -->","yoast_head_json":{"title":"les projets labellis\u00e9s Fondation du patrimoine attendent votre don avant le 31 d\u00e9cembre - EDITIONSBUSSIERE","robots":{"index":"index","follow":"follow","max-snippet":"max-snippet:-1","max-image-preview":"max-image-preview:large","max-video-preview":"max-video-preview:-1"},"canonical":"https:\/\/editionsbussiere.com\/blog\/les-projets-labellises-fondation-du-patrimoine-attendent-votre-don-avant-le-31-decembre\/","og_locale":"fr_FR","og_type":"article","og_title":"les projets labellis\u00e9s Fondation du patrimoine attendent votre don avant le 31 d\u00e9cembre - EDITIONSBUSSIERE","og_description":"La collection la plus r\u00e9cente vient tout juste d&rsquo;\u00eatre lanc\u00e9e, pour une nouvelle tranche de travaux au ch\u00e2teau de Lavardin, pr\u00e9c\u00e9d\u00e9e de peu par le projet de restauration d&rsquo;une pagode et un bassin Belle \u00c9poque \u00e0 Vend\u00f4me dont nous nous sommes fait l&rsquo;\u00e9cho en d\u00e9but de semaine. Mais sur le site de la Fondation du [&hellip;]","og_url":"https:\/\/editionsbussiere.com\/blog\/les-projets-labellises-fondation-du-patrimoine-attendent-votre-don-avant-le-31-decembre\/","og_site_name":"EDITIONSBUSSIERE","article_published_time":"2025-12-26T20:02:01+00:00","author":"Jacques JOLIVET","twitter_card":"summary_large_image","twitter_misc":{"\u00c9crit par":"Jacques JOLIVET","Dur\u00e9e de lecture estim\u00e9e":"2 minutes"},"schema":{"@context":"https:\/\/schema.org","@graph":[{"@type":"Article","@id":"https:\/\/editionsbussiere.com\/blog\/les-projets-labellises-fondation-du-patrimoine-attendent-votre-don-avant-le-31-decembre\/#article","isPartOf":{"@id":"https:\/\/editionsbussiere.com\/blog\/les-projets-labellises-fondation-du-patrimoine-attendent-votre-don-avant-le-31-decembre\/"},"author":{"name":"Jacques JOLIVET","@id":"https:\/\/editionsbussiere.com\/blog\/#\/schema\/person\/4a5a88a011c746b8f374d0810c79e536"},"headline":"les projets labellis\u00e9s Fondation du patrimoine attendent votre don avant le 31 d\u00e9cembre","datePublished":"2025-12-26T20:02:01+00:00","mainEntityOfPage":{"@id":"https:\/\/editionsbussiere.com\/blog\/les-projets-labellises-fondation-du-patrimoine-attendent-votre-don-avant-le-31-decembre\/"},"wordCount":472,"publisher":{"@id":"https:\/\/editionsbussiere.com\/blog\/#organization"},"articleSection":["Editions \u00c9sot\u00e9rique Fond\u00e9e En 1927:"],"inLanguage":"fr-FR"},{"@type":"WebPage","@id":"https:\/\/editionsbussiere.com\/blog\/les-projets-labellises-fondation-du-patrimoine-attendent-votre-don-avant-le-31-decembre\/","url":"https:\/\/editionsbussiere.com\/blog\/les-projets-labellises-fondation-du-patrimoine-attendent-votre-don-avant-le-31-decembre\/","name":"les projets labellis\u00e9s Fondation du patrimoine attendent votre don avant le 31 d\u00e9cembre - EDITIONSBUSSIERE","isPartOf":{"@id":"https:\/\/editionsbussiere.com\/blog\/#website"},"datePublished":"2025-12-26T20:02:01+00:00","breadcrumb":{"@id":"https:\/\/editionsbussiere.com\/blog\/les-projets-labellises-fondation-du-patrimoine-attendent-votre-don-avant-le-31-decembre\/#breadcrumb"},"inLanguage":"fr-FR","potentialAction":[{"@type":"ReadAction","target":["https:\/\/editionsbussiere.com\/blog\/les-projets-labellises-fondation-du-patrimoine-attendent-votre-don-avant-le-31-decembre\/"]}]},{"@type":"BreadcrumbList","@id":"https:\/\/editionsbussiere.com\/blog\/les-projets-labellises-fondation-du-patrimoine-attendent-votre-don-avant-le-31-decembre\/#breadcrumb","itemListElement":[{"@type":"ListItem","position":1,"name":"Accueil","item":"https:\/\/editionsbussiere.com\/blog\/"},{"@type":"ListItem","position":2,"name":"les projets labellis\u00e9s Fondation du patrimoine attendent votre don avant le 31 d\u00e9cembre"}]},{"@type":"WebSite","@id":"https:\/\/editionsbussiere.com\/blog\/#website","url":"https:\/\/editionsbussiere.com\/blog\/","name":"EDITIONSBUSSIERE","description":"Editions \u00e9sot\u00e9rique fond\u00e9e en 1927; site historique, A SAVOIR ET RETENIR.","publisher":{"@id":"https:\/\/editionsbussiere.com\/blog\/#organization"},"potentialAction":[{"@type":"SearchAction","target":{"@type":"EntryPoint","urlTemplate":"https:\/\/editionsbussiere.com\/blog\/?s={search_term_string}"},"query-input":{"@type":"PropertyValueSpecification","valueRequired":true,"valueName":"search_term_string"}}],"inLanguage":"fr-FR"},{"@type":"Organization","@id":"https:\/\/editionsbussiere.com\/blog\/#organization","name":"editionsbussiere","url":"https:\/\/editionsbussiere.com\/blog\/","logo":{"@type":"ImageObject","inLanguage":"fr-FR","@id":"https:\/\/editionsbussiere.com\/blog\/#\/schema\/logo\/image\/","url":"https:\/\/editionsbussiere.com\/blog\/wp-content\/uploads\/2023\/09\/cropped-buss.gif","contentUrl":"https:\/\/editionsbussiere.com\/blog\/wp-content\/uploads\/2023\/09\/cropped-buss.gif","width":298,"height":120,"caption":"editionsbussiere"},"image":{"@id":"https:\/\/editionsbussiere.com\/blog\/#\/schema\/logo\/image\/"}},{"@type":"Person","@id":"https:\/\/editionsbussiere.com\/blog\/#\/schema\/person\/4a5a88a011c746b8f374d0810c79e536","name":"Jacques JOLIVET","image":{"@type":"ImageObject","inLanguage":"fr-FR","@id":"https:\/\/secure.gravatar.com\/avatar\/75a17b45476360ef3bfe45fcf0ffe89df5dc018eca14236e84b58f23a0570073?s=96&d=mm&r=g","url":"https:\/\/secure.gravatar.com\/avatar\/75a17b45476360ef3bfe45fcf0ffe89df5dc018eca14236e84b58f23a0570073?s=96&d=mm&r=g","contentUrl":"https:\/\/secure.gravatar.com\/avatar\/75a17b45476360ef3bfe45fcf0ffe89df5dc018eca14236e84b58f23a0570073?s=96&d=mm&r=g","caption":"Jacques JOLIVET"},"url":"https:\/\/editionsbussiere.com\/blog\/author\/erejacques\/"}]}},"_links":{"self":[{"href":"https:\/\/editionsbussiere.com\/blog\/wp-json\/wp\/v2\/posts\/2081","targetHints":{"allow":["GET"]}}],"collection":[{"href":"https:\/\/editionsbussiere.com\/blog\/wp-json\/wp\/v2\/posts"}],"about":[{"href":"https:\/\/editionsbussiere.com\/blog\/wp-json\/wp\/v2\/types\/post"}],"author":[{"embeddable":true,"href":"https:\/\/editionsbussiere.com\/blog\/wp-json\/wp\/v2\/users\/2"}],"replies":[{"embeddable":true,"href":"https:\/\/editionsbussiere.com\/blog\/wp-json\/wp\/v2\/comments?post=2081"}],"version-history":[{"count":0,"href":"https:\/\/editionsbussiere.com\/blog\/wp-json\/wp\/v2\/posts\/2081\/revisions"}],"wp:attachment":[{"href":"https:\/\/editionsbussiere.com\/blog\/wp-json\/wp\/v2\/media?parent=2081"}],"wp:term":[{"taxonomy":"category","embeddable":true,"href":"https:\/\/editionsbussiere.com\/blog\/wp-json\/wp\/v2\/categories?post=2081"},{"taxonomy":"post_tag","embeddable":true,"href":"https:\/\/editionsbussiere.com\/blog\/wp-json\/wp\/v2\/tags?post=2081"}],"curies":[{"name":"wp","href":"https:\/\/api.w.org\/{rel}","templated":true}]}}