{"id":2074,"date":"2025-12-10T18:02:34","date_gmt":"2025-12-10T17:02:34","guid":{"rendered":"https:\/\/editionsbussiere.com\/blog\/les-travaux-de-peinture-de-la-porte-de-leglise-de-quiberon-ont-commence\/"},"modified":"2025-12-10T18:02:34","modified_gmt":"2025-12-10T17:02:34","slug":"les-travaux-de-peinture-de-la-porte-de-leglise-de-quiberon-ont-commence","status":"publish","type":"post","link":"https:\/\/editionsbussiere.com\/blog\/les-travaux-de-peinture-de-la-porte-de-leglise-de-quiberon-ont-commence\/","title":{"rendered":"Les travaux de peinture de la porte de l&rsquo;\u00e9glise de Quiberon ont commenc\u00e9"},"content":{"rendered":"<div>\n<div>\n<p>Les travaux de restauration de la porte de l&rsquo;\u00e9glise de Quiberon ont d\u00e9but\u00e9. Les ferrures et le bois ont d\u00e9j\u00e0 \u00e9t\u00e9 d\u00e9cap\u00e9s, mais la m\u00e9t\u00e9o retarde le chantier. \u00ab Les fortes pluies de ces derniers jours nous obligent \u00e0 attendre que la porte s\u00e8che avant d&rsquo;appliquer la peinture \u00bb, explique Alex Kerz\u00e9rho, peintre et agent communal. Un petit \u00e9chafaudage sera install\u00e9. L&rsquo;op\u00e9ration n\u00e9cessitera deux \u00e0 trois jours de travail.<\/p>\n<\/div>\n<div>\n<p>Le maire Patrick Le Roux ajoute : \u00ab \u00ab Du fait de ces contraintes m\u00e9t\u00e9o, la porte ne sera malheureusement pas remise \u00e0 neuf pour les f\u00eates de No\u00ebl. Dans le courant du premier semestre 2026, nous nous attellerons \u00e9galement \u00e0 la r\u00e9novation du parvis afin de s\u00e9curiser la sortie des mess et c\u00e9r\u00e9monie. Le mais est aussi d&#8217;embellir l&rsquo;acc\u00e8s \u00e0 l&rsquo;\u00e9difice gr\u00e2ce \u00e0 la pose de pav\u00e9s \u00bb.<\/p>\n<\/div>\n<\/div>\n<p><!-- no image -->Le site editionsbussiere.com est fait afin de fournir diff\u00e9rentes publications sur la th\u00e9matique Editions \u00e9sot\u00e9rique fond\u00e9e en 1927 publi\u00e9es sur internet. editionsbussiere.com vous a concoct\u00e9 cet article qui informe du th\u00e8me \u00ab\u00a0Editions \u00e9sot\u00e9rique fond\u00e9e en 1927\u00a0\u00bb. Ce texte a \u00e9t\u00e9 r\u00e9\u00e9dit\u00e9 de la mani\u00e8re la plus compl\u00e8te qui soit. Si jamais vous souhaitez apporter quelques modifications concernant le domaine de \u00ab\u00a0Editions \u00e9sot\u00e9rique fond\u00e9e en 1927\u00a0\u00bb il est possible de d&rsquo;\u00e9changer avec notre \u00e9quipe. En visitant plusieurs fois notre blog vous serez au courant des prochaines annonces.<\/p>\n","protected":false},"excerpt":{"rendered":"<p>Les travaux de restauration de la porte de l&rsquo;\u00e9glise de Quiberon ont d\u00e9but\u00e9. Les ferrures et le bois ont d\u00e9j\u00e0 \u00e9t\u00e9 d\u00e9cap\u00e9s, mais la m\u00e9t\u00e9o retarde le chantier. \u00ab Les fortes pluies de ces derniers jours nous obligent \u00e0 attendre que la porte s\u00e8che avant d&rsquo;appliquer la peinture \u00bb, explique Alex Kerz\u00e9rho, peintre et agent [&hellip;]<\/p>\n","protected":false},"author":2,"featured_media":0,"comment_status":"closed","ping_status":"closed","sticky":false,"template":"","format":"standard","meta":{"footnotes":""},"categories":[2],"tags":[],"class_list":["post-2074","post","type-post","status-publish","format-standard","hentry","category-editions-esoterique-fondee-en-1927","entry","fw-tab-6 fw-tabr-4"],"yoast_head":"<!-- This site is optimized with the Yoast SEO plugin v27.5 - https:\/\/yoast.com\/product\/yoast-seo-wordpress\/ -->\n<title>Les travaux de peinture de la porte de l&#039;\u00e9glise de Quiberon ont commenc\u00e9 - EDITIONSBUSSIERE<\/title>\n<meta name=\"robots\" content=\"index, follow, max-snippet:-1, max-image-preview:large, max-video-preview:-1\" \/>\n<link rel=\"canonical\" href=\"https:\/\/editionsbussiere.com\/blog\/les-travaux-de-peinture-de-la-porte-de-leglise-de-quiberon-ont-commence\/\" \/>\n<meta property=\"og:locale\" content=\"fr_FR\" \/>\n<meta property=\"og:type\" content=\"article\" \/>\n<meta property=\"og:title\" content=\"Les travaux de peinture de la porte de l&#039;\u00e9glise de Quiberon ont commenc\u00e9 - EDITIONSBUSSIERE\" \/>\n<meta property=\"og:description\" content=\"Les travaux de restauration de la porte de l&rsquo;\u00e9glise de Quiberon ont d\u00e9but\u00e9. Les ferrures et le bois ont d\u00e9j\u00e0 \u00e9t\u00e9 d\u00e9cap\u00e9s, mais la m\u00e9t\u00e9o retarde le chantier. \u00ab Les fortes pluies de ces derniers jours nous obligent \u00e0 attendre que la porte s\u00e8che avant d&rsquo;appliquer la peinture \u00bb, explique Alex Kerz\u00e9rho, peintre et agent [&hellip;]\" \/>\n<meta property=\"og:url\" content=\"https:\/\/editionsbussiere.com\/blog\/les-travaux-de-peinture-de-la-porte-de-leglise-de-quiberon-ont-commence\/\" \/>\n<meta property=\"og:site_name\" content=\"EDITIONSBUSSIERE\" \/>\n<meta property=\"article:published_time\" content=\"2025-12-10T17:02:34+00:00\" \/>\n<meta name=\"author\" content=\"Jacques JOLIVET\" \/>\n<meta name=\"twitter:card\" content=\"summary_large_image\" \/>\n<meta name=\"twitter:label1\" content=\"\u00c9crit par\" \/>\n\t<meta name=\"twitter:data1\" content=\"Jacques JOLIVET\" \/>\n\t<meta name=\"twitter:label2\" content=\"Dur\u00e9e de lecture estim\u00e9e\" \/>\n\t<meta name=\"twitter:data2\" content=\"1 minute\" \/>\n<script type=\"application\/ld+json\" class=\"yoast-schema-graph\">{\"@context\":\"https:\\\/\\\/schema.org\",\"@graph\":[{\"@type\":\"Article\",\"@id\":\"https:\\\/\\\/editionsbussiere.com\\\/blog\\\/les-travaux-de-peinture-de-la-porte-de-leglise-de-quiberon-ont-commence\\\/#article\",\"isPartOf\":{\"@id\":\"https:\\\/\\\/editionsbussiere.com\\\/blog\\\/les-travaux-de-peinture-de-la-porte-de-leglise-de-quiberon-ont-commence\\\/\"},\"author\":{\"name\":\"Jacques JOLIVET\",\"@id\":\"https:\\\/\\\/editionsbussiere.com\\\/blog\\\/#\\\/schema\\\/person\\\/4a5a88a011c746b8f374d0810c79e536\"},\"headline\":\"Les travaux de peinture de la porte de l&rsquo;\u00e9glise de Quiberon ont commenc\u00e9\",\"datePublished\":\"2025-12-10T17:02:34+00:00\",\"mainEntityOfPage\":{\"@id\":\"https:\\\/\\\/editionsbussiere.com\\\/blog\\\/les-travaux-de-peinture-de-la-porte-de-leglise-de-quiberon-ont-commence\\\/\"},\"wordCount\":261,\"publisher\":{\"@id\":\"https:\\\/\\\/editionsbussiere.com\\\/blog\\\/#organization\"},\"articleSection\":[\"Editions \u00c9sot\u00e9rique Fond\u00e9e En 1927:\"],\"inLanguage\":\"fr-FR\"},{\"@type\":\"WebPage\",\"@id\":\"https:\\\/\\\/editionsbussiere.com\\\/blog\\\/les-travaux-de-peinture-de-la-porte-de-leglise-de-quiberon-ont-commence\\\/\",\"url\":\"https:\\\/\\\/editionsbussiere.com\\\/blog\\\/les-travaux-de-peinture-de-la-porte-de-leglise-de-quiberon-ont-commence\\\/\",\"name\":\"Les travaux de peinture de la porte de l'\u00e9glise de Quiberon ont commenc\u00e9 - EDITIONSBUSSIERE\",\"isPartOf\":{\"@id\":\"https:\\\/\\\/editionsbussiere.com\\\/blog\\\/#website\"},\"datePublished\":\"2025-12-10T17:02:34+00:00\",\"breadcrumb\":{\"@id\":\"https:\\\/\\\/editionsbussiere.com\\\/blog\\\/les-travaux-de-peinture-de-la-porte-de-leglise-de-quiberon-ont-commence\\\/#breadcrumb\"},\"inLanguage\":\"fr-FR\",\"potentialAction\":[{\"@type\":\"ReadAction\",\"target\":[\"https:\\\/\\\/editionsbussiere.com\\\/blog\\\/les-travaux-de-peinture-de-la-porte-de-leglise-de-quiberon-ont-commence\\\/\"]}]},{\"@type\":\"BreadcrumbList\",\"@id\":\"https:\\\/\\\/editionsbussiere.com\\\/blog\\\/les-travaux-de-peinture-de-la-porte-de-leglise-de-quiberon-ont-commence\\\/#breadcrumb\",\"itemListElement\":[{\"@type\":\"ListItem\",\"position\":1,\"name\":\"Accueil\",\"item\":\"https:\\\/\\\/editionsbussiere.com\\\/blog\\\/\"},{\"@type\":\"ListItem\",\"position\":2,\"name\":\"Les travaux de peinture de la porte de l&rsquo;\u00e9glise de Quiberon ont commenc\u00e9\"}]},{\"@type\":\"WebSite\",\"@id\":\"https:\\\/\\\/editionsbussiere.com\\\/blog\\\/#website\",\"url\":\"https:\\\/\\\/editionsbussiere.com\\\/blog\\\/\",\"name\":\"EDITIONSBUSSIERE\",\"description\":\"Editions \u00e9sot\u00e9rique fond\u00e9e en 1927; site historique, A SAVOIR ET RETENIR.\",\"publisher\":{\"@id\":\"https:\\\/\\\/editionsbussiere.com\\\/blog\\\/#organization\"},\"potentialAction\":[{\"@type\":\"SearchAction\",\"target\":{\"@type\":\"EntryPoint\",\"urlTemplate\":\"https:\\\/\\\/editionsbussiere.com\\\/blog\\\/?s={search_term_string}\"},\"query-input\":{\"@type\":\"PropertyValueSpecification\",\"valueRequired\":true,\"valueName\":\"search_term_string\"}}],\"inLanguage\":\"fr-FR\"},{\"@type\":\"Organization\",\"@id\":\"https:\\\/\\\/editionsbussiere.com\\\/blog\\\/#organization\",\"name\":\"editionsbussiere\",\"url\":\"https:\\\/\\\/editionsbussiere.com\\\/blog\\\/\",\"logo\":{\"@type\":\"ImageObject\",\"inLanguage\":\"fr-FR\",\"@id\":\"https:\\\/\\\/editionsbussiere.com\\\/blog\\\/#\\\/schema\\\/logo\\\/image\\\/\",\"url\":\"https:\\\/\\\/editionsbussiere.com\\\/blog\\\/wp-content\\\/uploads\\\/2023\\\/09\\\/cropped-buss.gif\",\"contentUrl\":\"https:\\\/\\\/editionsbussiere.com\\\/blog\\\/wp-content\\\/uploads\\\/2023\\\/09\\\/cropped-buss.gif\",\"width\":298,\"height\":120,\"caption\":\"editionsbussiere\"},\"image\":{\"@id\":\"https:\\\/\\\/editionsbussiere.com\\\/blog\\\/#\\\/schema\\\/logo\\\/image\\\/\"}},{\"@type\":\"Person\",\"@id\":\"https:\\\/\\\/editionsbussiere.com\\\/blog\\\/#\\\/schema\\\/person\\\/4a5a88a011c746b8f374d0810c79e536\",\"name\":\"Jacques JOLIVET\",\"image\":{\"@type\":\"ImageObject\",\"inLanguage\":\"fr-FR\",\"@id\":\"https:\\\/\\\/secure.gravatar.com\\\/avatar\\\/75a17b45476360ef3bfe45fcf0ffe89df5dc018eca14236e84b58f23a0570073?s=96&d=mm&r=g\",\"url\":\"https:\\\/\\\/secure.gravatar.com\\\/avatar\\\/75a17b45476360ef3bfe45fcf0ffe89df5dc018eca14236e84b58f23a0570073?s=96&d=mm&r=g\",\"contentUrl\":\"https:\\\/\\\/secure.gravatar.com\\\/avatar\\\/75a17b45476360ef3bfe45fcf0ffe89df5dc018eca14236e84b58f23a0570073?s=96&d=mm&r=g\",\"caption\":\"Jacques JOLIVET\"},\"url\":\"https:\\\/\\\/editionsbussiere.com\\\/blog\\\/author\\\/erejacques\\\/\"}]}<\/script>\n<!-- \/ Yoast SEO plugin. -->","yoast_head_json":{"title":"Les travaux de peinture de la porte de l'\u00e9glise de Quiberon ont commenc\u00e9 - EDITIONSBUSSIERE","robots":{"index":"index","follow":"follow","max-snippet":"max-snippet:-1","max-image-preview":"max-image-preview:large","max-video-preview":"max-video-preview:-1"},"canonical":"https:\/\/editionsbussiere.com\/blog\/les-travaux-de-peinture-de-la-porte-de-leglise-de-quiberon-ont-commence\/","og_locale":"fr_FR","og_type":"article","og_title":"Les travaux de peinture de la porte de l'\u00e9glise de Quiberon ont commenc\u00e9 - EDITIONSBUSSIERE","og_description":"Les travaux de restauration de la porte de l&rsquo;\u00e9glise de Quiberon ont d\u00e9but\u00e9. Les ferrures et le bois ont d\u00e9j\u00e0 \u00e9t\u00e9 d\u00e9cap\u00e9s, mais la m\u00e9t\u00e9o retarde le chantier. \u00ab Les fortes pluies de ces derniers jours nous obligent \u00e0 attendre que la porte s\u00e8che avant d&rsquo;appliquer la peinture \u00bb, explique Alex Kerz\u00e9rho, peintre et agent [&hellip;]","og_url":"https:\/\/editionsbussiere.com\/blog\/les-travaux-de-peinture-de-la-porte-de-leglise-de-quiberon-ont-commence\/","og_site_name":"EDITIONSBUSSIERE","article_published_time":"2025-12-10T17:02:34+00:00","author":"Jacques JOLIVET","twitter_card":"summary_large_image","twitter_misc":{"\u00c9crit par":"Jacques JOLIVET","Dur\u00e9e de lecture estim\u00e9e":"1 minute"},"schema":{"@context":"https:\/\/schema.org","@graph":[{"@type":"Article","@id":"https:\/\/editionsbussiere.com\/blog\/les-travaux-de-peinture-de-la-porte-de-leglise-de-quiberon-ont-commence\/#article","isPartOf":{"@id":"https:\/\/editionsbussiere.com\/blog\/les-travaux-de-peinture-de-la-porte-de-leglise-de-quiberon-ont-commence\/"},"author":{"name":"Jacques JOLIVET","@id":"https:\/\/editionsbussiere.com\/blog\/#\/schema\/person\/4a5a88a011c746b8f374d0810c79e536"},"headline":"Les travaux de peinture de la porte de l&rsquo;\u00e9glise de Quiberon ont commenc\u00e9","datePublished":"2025-12-10T17:02:34+00:00","mainEntityOfPage":{"@id":"https:\/\/editionsbussiere.com\/blog\/les-travaux-de-peinture-de-la-porte-de-leglise-de-quiberon-ont-commence\/"},"wordCount":261,"publisher":{"@id":"https:\/\/editionsbussiere.com\/blog\/#organization"},"articleSection":["Editions \u00c9sot\u00e9rique Fond\u00e9e En 1927:"],"inLanguage":"fr-FR"},{"@type":"WebPage","@id":"https:\/\/editionsbussiere.com\/blog\/les-travaux-de-peinture-de-la-porte-de-leglise-de-quiberon-ont-commence\/","url":"https:\/\/editionsbussiere.com\/blog\/les-travaux-de-peinture-de-la-porte-de-leglise-de-quiberon-ont-commence\/","name":"Les travaux de peinture de la porte de l'\u00e9glise de Quiberon ont commenc\u00e9 - EDITIONSBUSSIERE","isPartOf":{"@id":"https:\/\/editionsbussiere.com\/blog\/#website"},"datePublished":"2025-12-10T17:02:34+00:00","breadcrumb":{"@id":"https:\/\/editionsbussiere.com\/blog\/les-travaux-de-peinture-de-la-porte-de-leglise-de-quiberon-ont-commence\/#breadcrumb"},"inLanguage":"fr-FR","potentialAction":[{"@type":"ReadAction","target":["https:\/\/editionsbussiere.com\/blog\/les-travaux-de-peinture-de-la-porte-de-leglise-de-quiberon-ont-commence\/"]}]},{"@type":"BreadcrumbList","@id":"https:\/\/editionsbussiere.com\/blog\/les-travaux-de-peinture-de-la-porte-de-leglise-de-quiberon-ont-commence\/#breadcrumb","itemListElement":[{"@type":"ListItem","position":1,"name":"Accueil","item":"https:\/\/editionsbussiere.com\/blog\/"},{"@type":"ListItem","position":2,"name":"Les travaux de peinture de la porte de l&rsquo;\u00e9glise de Quiberon ont commenc\u00e9"}]},{"@type":"WebSite","@id":"https:\/\/editionsbussiere.com\/blog\/#website","url":"https:\/\/editionsbussiere.com\/blog\/","name":"EDITIONSBUSSIERE","description":"Editions \u00e9sot\u00e9rique fond\u00e9e en 1927; site historique, A SAVOIR ET RETENIR.","publisher":{"@id":"https:\/\/editionsbussiere.com\/blog\/#organization"},"potentialAction":[{"@type":"SearchAction","target":{"@type":"EntryPoint","urlTemplate":"https:\/\/editionsbussiere.com\/blog\/?s={search_term_string}"},"query-input":{"@type":"PropertyValueSpecification","valueRequired":true,"valueName":"search_term_string"}}],"inLanguage":"fr-FR"},{"@type":"Organization","@id":"https:\/\/editionsbussiere.com\/blog\/#organization","name":"editionsbussiere","url":"https:\/\/editionsbussiere.com\/blog\/","logo":{"@type":"ImageObject","inLanguage":"fr-FR","@id":"https:\/\/editionsbussiere.com\/blog\/#\/schema\/logo\/image\/","url":"https:\/\/editionsbussiere.com\/blog\/wp-content\/uploads\/2023\/09\/cropped-buss.gif","contentUrl":"https:\/\/editionsbussiere.com\/blog\/wp-content\/uploads\/2023\/09\/cropped-buss.gif","width":298,"height":120,"caption":"editionsbussiere"},"image":{"@id":"https:\/\/editionsbussiere.com\/blog\/#\/schema\/logo\/image\/"}},{"@type":"Person","@id":"https:\/\/editionsbussiere.com\/blog\/#\/schema\/person\/4a5a88a011c746b8f374d0810c79e536","name":"Jacques JOLIVET","image":{"@type":"ImageObject","inLanguage":"fr-FR","@id":"https:\/\/secure.gravatar.com\/avatar\/75a17b45476360ef3bfe45fcf0ffe89df5dc018eca14236e84b58f23a0570073?s=96&d=mm&r=g","url":"https:\/\/secure.gravatar.com\/avatar\/75a17b45476360ef3bfe45fcf0ffe89df5dc018eca14236e84b58f23a0570073?s=96&d=mm&r=g","contentUrl":"https:\/\/secure.gravatar.com\/avatar\/75a17b45476360ef3bfe45fcf0ffe89df5dc018eca14236e84b58f23a0570073?s=96&d=mm&r=g","caption":"Jacques JOLIVET"},"url":"https:\/\/editionsbussiere.com\/blog\/author\/erejacques\/"}]}},"_links":{"self":[{"href":"https:\/\/editionsbussiere.com\/blog\/wp-json\/wp\/v2\/posts\/2074","targetHints":{"allow":["GET"]}}],"collection":[{"href":"https:\/\/editionsbussiere.com\/blog\/wp-json\/wp\/v2\/posts"}],"about":[{"href":"https:\/\/editionsbussiere.com\/blog\/wp-json\/wp\/v2\/types\/post"}],"author":[{"embeddable":true,"href":"https:\/\/editionsbussiere.com\/blog\/wp-json\/wp\/v2\/users\/2"}],"replies":[{"embeddable":true,"href":"https:\/\/editionsbussiere.com\/blog\/wp-json\/wp\/v2\/comments?post=2074"}],"version-history":[{"count":0,"href":"https:\/\/editionsbussiere.com\/blog\/wp-json\/wp\/v2\/posts\/2074\/revisions"}],"wp:attachment":[{"href":"https:\/\/editionsbussiere.com\/blog\/wp-json\/wp\/v2\/media?parent=2074"}],"wp:term":[{"taxonomy":"category","embeddable":true,"href":"https:\/\/editionsbussiere.com\/blog\/wp-json\/wp\/v2\/categories?post=2074"},{"taxonomy":"post_tag","embeddable":true,"href":"https:\/\/editionsbussiere.com\/blog\/wp-json\/wp\/v2\/tags?post=2074"}],"curies":[{"name":"wp","href":"https:\/\/api.w.org\/{rel}","templated":true}]}}