{"id":2053,"date":"2025-11-10T09:18:24","date_gmt":"2025-11-10T08:18:24","guid":{"rendered":"https:\/\/editionsbussiere.com\/blog\/ardeche-seule-candidate-locale-leglise-de-ce-village-est-en-lice-pour-recevoir-un-don-de-la-sauvegarde-de-lart-francais\/"},"modified":"2025-11-10T09:18:24","modified_gmt":"2025-11-10T08:18:24","slug":"ardeche-seule-candidate-locale-leglise-de-ce-village-est-en-lice-pour-recevoir-un-don-de-la-sauvegarde-de-lart-francais","status":"publish","type":"post","link":"https:\/\/editionsbussiere.com\/blog\/ardeche-seule-candidate-locale-leglise-de-ce-village-est-en-lice-pour-recevoir-un-don-de-la-sauvegarde-de-lart-francais\/","title":{"rendered":"Ard\u00e9che. Seule candidate locale, l&rsquo;\u00e9glise de ce village est en lice pour recevoir un don de la Sauvegarde de l&rsquo;art fran\u00e7ais"},"content":{"rendered":"<div>\n<div>\n<p class=\"heading\">\u2026pour lire la suite, rejoignez notre communaut\u00e9 d&rsquo;abonn\u00e9s<\/p>\n<p class=\"subtitle\">et acc\u00e9dez \u00e0 l&rsquo;int\u00e9gralit\u00e9 de nos articles sur le site et l&rsquo;application mobile<\/p>\n<p class=\"price-detail\">\u00e0 partir de 1 \u20ac le 1er mois, sans engagement de dur\u00e9e\n\t\t\t\t\t\t\t\t\t\t\t<\/p>\n<p class=\"listSKU\" style=\"display:none\">{&lsquo;skus&rsquo;\u00a0: [\u2018ldlswgpremium16\u2019]}<\/p>\n<div class=\"callToAction\">\n<p class=\"google-sub-infos\">Google : 1\u20ac le 1er mois puis 12,99\u20ac<\/p>\n<\/div>\n<\/div>\n<\/div>\n<p><!-- no image -->Le site editionsbussiere.com est fait afin de fournir diff\u00e9rentes publications sur la th\u00e9matique Editions \u00e9sot\u00e9rique fond\u00e9e en 1927 publi\u00e9es sur internet. editionsbussiere.com vous a concoct\u00e9 cet article qui informe du th\u00e8me \u00ab\u00a0Editions \u00e9sot\u00e9rique fond\u00e9e en 1927\u00a0\u00bb. Ce texte a \u00e9t\u00e9 r\u00e9\u00e9dit\u00e9 de la mani\u00e8re la plus compl\u00e8te qui soit. Si jamais vous souhaitez apporter quelques modifications concernant le domaine de \u00ab\u00a0Editions \u00e9sot\u00e9rique fond\u00e9e en 1927\u00a0\u00bb il est possible de d&rsquo;\u00e9changer avec notre \u00e9quipe. En visitant plusieurs fois notre blog vous serez au courant des prochaines annonces.<\/p>\n","protected":false},"excerpt":{"rendered":"<p>\u2026pour lire la suite, rejoignez notre communaut\u00e9 d&rsquo;abonn\u00e9s et acc\u00e9dez \u00e0 l&rsquo;int\u00e9gralit\u00e9 de nos articles sur le site et l&rsquo;application mobile \u00e0 partir de 1 \u20ac le 1er mois, sans engagement de dur\u00e9e {&lsquo;skus&rsquo;\u00a0: [\u2018ldlswgpremium16\u2019]} Google : 1\u20ac le 1er mois puis 12,99\u20ac Le site editionsbussiere.com est fait afin de fournir diff\u00e9rentes publications sur la [&hellip;]<\/p>\n","protected":false},"author":2,"featured_media":0,"comment_status":"closed","ping_status":"closed","sticky":false,"template":"","format":"standard","meta":{"footnotes":""},"categories":[2],"tags":[],"class_list":["post-2053","post","type-post","status-publish","format-standard","hentry","category-editions-esoterique-fondee-en-1927","entry","fw-tab-6 fw-tabr-4"],"yoast_head":"<!-- This site is optimized with the Yoast SEO plugin v27.5 - https:\/\/yoast.com\/product\/yoast-seo-wordpress\/ -->\n<title>Ard\u00e9che. Seule candidate locale, l&#039;\u00e9glise de ce village est en lice pour recevoir un don de la Sauvegarde de l&#039;art fran\u00e7ais - EDITIONSBUSSIERE<\/title>\n<meta name=\"robots\" content=\"index, follow, max-snippet:-1, max-image-preview:large, max-video-preview:-1\" \/>\n<link rel=\"canonical\" href=\"https:\/\/editionsbussiere.com\/blog\/ardeche-seule-candidate-locale-leglise-de-ce-village-est-en-lice-pour-recevoir-un-don-de-la-sauvegarde-de-lart-francais\/\" \/>\n<meta property=\"og:locale\" content=\"fr_FR\" \/>\n<meta property=\"og:type\" content=\"article\" \/>\n<meta property=\"og:title\" content=\"Ard\u00e9che. Seule candidate locale, l&#039;\u00e9glise de ce village est en lice pour recevoir un don de la Sauvegarde de l&#039;art fran\u00e7ais - EDITIONSBUSSIERE\" \/>\n<meta property=\"og:description\" content=\"\u2026pour lire la suite, rejoignez notre communaut\u00e9 d&rsquo;abonn\u00e9s et acc\u00e9dez \u00e0 l&rsquo;int\u00e9gralit\u00e9 de nos articles sur le site et l&rsquo;application mobile \u00e0 partir de 1 \u20ac le 1er mois, sans engagement de dur\u00e9e {&lsquo;skus&rsquo;\u00a0: [\u2018ldlswgpremium16\u2019]} Google : 1\u20ac le 1er mois puis 12,99\u20ac Le site editionsbussiere.com est fait afin de fournir diff\u00e9rentes publications sur la [&hellip;]\" \/>\n<meta property=\"og:url\" content=\"https:\/\/editionsbussiere.com\/blog\/ardeche-seule-candidate-locale-leglise-de-ce-village-est-en-lice-pour-recevoir-un-don-de-la-sauvegarde-de-lart-francais\/\" \/>\n<meta property=\"og:site_name\" content=\"EDITIONSBUSSIERE\" \/>\n<meta property=\"article:published_time\" content=\"2025-11-10T08:18:24+00:00\" \/>\n<meta name=\"author\" content=\"Jacques JOLIVET\" \/>\n<meta name=\"twitter:card\" content=\"summary_large_image\" \/>\n<meta name=\"twitter:label1\" content=\"\u00c9crit par\" \/>\n\t<meta name=\"twitter:data1\" content=\"Jacques JOLIVET\" \/>\n\t<meta name=\"twitter:label2\" content=\"Dur\u00e9e de lecture estim\u00e9e\" \/>\n\t<meta name=\"twitter:data2\" content=\"1 minute\" \/>\n<script type=\"application\/ld+json\" class=\"yoast-schema-graph\">{\"@context\":\"https:\\\/\\\/schema.org\",\"@graph\":[{\"@type\":\"Article\",\"@id\":\"https:\\\/\\\/editionsbussiere.com\\\/blog\\\/ardeche-seule-candidate-locale-leglise-de-ce-village-est-en-lice-pour-recevoir-un-don-de-la-sauvegarde-de-lart-francais\\\/#article\",\"isPartOf\":{\"@id\":\"https:\\\/\\\/editionsbussiere.com\\\/blog\\\/ardeche-seule-candidate-locale-leglise-de-ce-village-est-en-lice-pour-recevoir-un-don-de-la-sauvegarde-de-lart-francais\\\/\"},\"author\":{\"name\":\"Jacques JOLIVET\",\"@id\":\"https:\\\/\\\/editionsbussiere.com\\\/blog\\\/#\\\/schema\\\/person\\\/4a5a88a011c746b8f374d0810c79e536\"},\"headline\":\"Ard\u00e9che. Seule candidate locale, l&rsquo;\u00e9glise de ce village est en lice pour recevoir un don de la Sauvegarde de l&rsquo;art fran\u00e7ais\",\"datePublished\":\"2025-11-10T08:18:24+00:00\",\"mainEntityOfPage\":{\"@id\":\"https:\\\/\\\/editionsbussiere.com\\\/blog\\\/ardeche-seule-candidate-locale-leglise-de-ce-village-est-en-lice-pour-recevoir-un-don-de-la-sauvegarde-de-lart-francais\\\/\"},\"wordCount\":163,\"publisher\":{\"@id\":\"https:\\\/\\\/editionsbussiere.com\\\/blog\\\/#organization\"},\"articleSection\":[\"Editions \u00c9sot\u00e9rique Fond\u00e9e En 1927:\"],\"inLanguage\":\"fr-FR\"},{\"@type\":\"WebPage\",\"@id\":\"https:\\\/\\\/editionsbussiere.com\\\/blog\\\/ardeche-seule-candidate-locale-leglise-de-ce-village-est-en-lice-pour-recevoir-un-don-de-la-sauvegarde-de-lart-francais\\\/\",\"url\":\"https:\\\/\\\/editionsbussiere.com\\\/blog\\\/ardeche-seule-candidate-locale-leglise-de-ce-village-est-en-lice-pour-recevoir-un-don-de-la-sauvegarde-de-lart-francais\\\/\",\"name\":\"Ard\u00e9che. Seule candidate locale, l'\u00e9glise de ce village est en lice pour recevoir un don de la Sauvegarde de l'art fran\u00e7ais - EDITIONSBUSSIERE\",\"isPartOf\":{\"@id\":\"https:\\\/\\\/editionsbussiere.com\\\/blog\\\/#website\"},\"datePublished\":\"2025-11-10T08:18:24+00:00\",\"breadcrumb\":{\"@id\":\"https:\\\/\\\/editionsbussiere.com\\\/blog\\\/ardeche-seule-candidate-locale-leglise-de-ce-village-est-en-lice-pour-recevoir-un-don-de-la-sauvegarde-de-lart-francais\\\/#breadcrumb\"},\"inLanguage\":\"fr-FR\",\"potentialAction\":[{\"@type\":\"ReadAction\",\"target\":[\"https:\\\/\\\/editionsbussiere.com\\\/blog\\\/ardeche-seule-candidate-locale-leglise-de-ce-village-est-en-lice-pour-recevoir-un-don-de-la-sauvegarde-de-lart-francais\\\/\"]}]},{\"@type\":\"BreadcrumbList\",\"@id\":\"https:\\\/\\\/editionsbussiere.com\\\/blog\\\/ardeche-seule-candidate-locale-leglise-de-ce-village-est-en-lice-pour-recevoir-un-don-de-la-sauvegarde-de-lart-francais\\\/#breadcrumb\",\"itemListElement\":[{\"@type\":\"ListItem\",\"position\":1,\"name\":\"Accueil\",\"item\":\"https:\\\/\\\/editionsbussiere.com\\\/blog\\\/\"},{\"@type\":\"ListItem\",\"position\":2,\"name\":\"Ard\u00e9che. Seule candidate locale, l&rsquo;\u00e9glise de ce village est en lice pour recevoir un don de la Sauvegarde de l&rsquo;art fran\u00e7ais\"}]},{\"@type\":\"WebSite\",\"@id\":\"https:\\\/\\\/editionsbussiere.com\\\/blog\\\/#website\",\"url\":\"https:\\\/\\\/editionsbussiere.com\\\/blog\\\/\",\"name\":\"EDITIONSBUSSIERE\",\"description\":\"Editions \u00e9sot\u00e9rique fond\u00e9e en 1927; site historique, A SAVOIR ET RETENIR.\",\"publisher\":{\"@id\":\"https:\\\/\\\/editionsbussiere.com\\\/blog\\\/#organization\"},\"potentialAction\":[{\"@type\":\"SearchAction\",\"target\":{\"@type\":\"EntryPoint\",\"urlTemplate\":\"https:\\\/\\\/editionsbussiere.com\\\/blog\\\/?s={search_term_string}\"},\"query-input\":{\"@type\":\"PropertyValueSpecification\",\"valueRequired\":true,\"valueName\":\"search_term_string\"}}],\"inLanguage\":\"fr-FR\"},{\"@type\":\"Organization\",\"@id\":\"https:\\\/\\\/editionsbussiere.com\\\/blog\\\/#organization\",\"name\":\"editionsbussiere\",\"url\":\"https:\\\/\\\/editionsbussiere.com\\\/blog\\\/\",\"logo\":{\"@type\":\"ImageObject\",\"inLanguage\":\"fr-FR\",\"@id\":\"https:\\\/\\\/editionsbussiere.com\\\/blog\\\/#\\\/schema\\\/logo\\\/image\\\/\",\"url\":\"https:\\\/\\\/editionsbussiere.com\\\/blog\\\/wp-content\\\/uploads\\\/2023\\\/09\\\/cropped-buss.gif\",\"contentUrl\":\"https:\\\/\\\/editionsbussiere.com\\\/blog\\\/wp-content\\\/uploads\\\/2023\\\/09\\\/cropped-buss.gif\",\"width\":298,\"height\":120,\"caption\":\"editionsbussiere\"},\"image\":{\"@id\":\"https:\\\/\\\/editionsbussiere.com\\\/blog\\\/#\\\/schema\\\/logo\\\/image\\\/\"}},{\"@type\":\"Person\",\"@id\":\"https:\\\/\\\/editionsbussiere.com\\\/blog\\\/#\\\/schema\\\/person\\\/4a5a88a011c746b8f374d0810c79e536\",\"name\":\"Jacques JOLIVET\",\"image\":{\"@type\":\"ImageObject\",\"inLanguage\":\"fr-FR\",\"@id\":\"https:\\\/\\\/secure.gravatar.com\\\/avatar\\\/75a17b45476360ef3bfe45fcf0ffe89df5dc018eca14236e84b58f23a0570073?s=96&d=mm&r=g\",\"url\":\"https:\\\/\\\/secure.gravatar.com\\\/avatar\\\/75a17b45476360ef3bfe45fcf0ffe89df5dc018eca14236e84b58f23a0570073?s=96&d=mm&r=g\",\"contentUrl\":\"https:\\\/\\\/secure.gravatar.com\\\/avatar\\\/75a17b45476360ef3bfe45fcf0ffe89df5dc018eca14236e84b58f23a0570073?s=96&d=mm&r=g\",\"caption\":\"Jacques JOLIVET\"},\"url\":\"https:\\\/\\\/editionsbussiere.com\\\/blog\\\/author\\\/erejacques\\\/\"}]}<\/script>\n<!-- \/ Yoast SEO plugin. -->","yoast_head_json":{"title":"Ard\u00e9che. Seule candidate locale, l'\u00e9glise de ce village est en lice pour recevoir un don de la Sauvegarde de l'art fran\u00e7ais - EDITIONSBUSSIERE","robots":{"index":"index","follow":"follow","max-snippet":"max-snippet:-1","max-image-preview":"max-image-preview:large","max-video-preview":"max-video-preview:-1"},"canonical":"https:\/\/editionsbussiere.com\/blog\/ardeche-seule-candidate-locale-leglise-de-ce-village-est-en-lice-pour-recevoir-un-don-de-la-sauvegarde-de-lart-francais\/","og_locale":"fr_FR","og_type":"article","og_title":"Ard\u00e9che. Seule candidate locale, l'\u00e9glise de ce village est en lice pour recevoir un don de la Sauvegarde de l'art fran\u00e7ais - EDITIONSBUSSIERE","og_description":"\u2026pour lire la suite, rejoignez notre communaut\u00e9 d&rsquo;abonn\u00e9s et acc\u00e9dez \u00e0 l&rsquo;int\u00e9gralit\u00e9 de nos articles sur le site et l&rsquo;application mobile \u00e0 partir de 1 \u20ac le 1er mois, sans engagement de dur\u00e9e {&lsquo;skus&rsquo;\u00a0: [\u2018ldlswgpremium16\u2019]} Google : 1\u20ac le 1er mois puis 12,99\u20ac Le site editionsbussiere.com est fait afin de fournir diff\u00e9rentes publications sur la [&hellip;]","og_url":"https:\/\/editionsbussiere.com\/blog\/ardeche-seule-candidate-locale-leglise-de-ce-village-est-en-lice-pour-recevoir-un-don-de-la-sauvegarde-de-lart-francais\/","og_site_name":"EDITIONSBUSSIERE","article_published_time":"2025-11-10T08:18:24+00:00","author":"Jacques JOLIVET","twitter_card":"summary_large_image","twitter_misc":{"\u00c9crit par":"Jacques JOLIVET","Dur\u00e9e de lecture estim\u00e9e":"1 minute"},"schema":{"@context":"https:\/\/schema.org","@graph":[{"@type":"Article","@id":"https:\/\/editionsbussiere.com\/blog\/ardeche-seule-candidate-locale-leglise-de-ce-village-est-en-lice-pour-recevoir-un-don-de-la-sauvegarde-de-lart-francais\/#article","isPartOf":{"@id":"https:\/\/editionsbussiere.com\/blog\/ardeche-seule-candidate-locale-leglise-de-ce-village-est-en-lice-pour-recevoir-un-don-de-la-sauvegarde-de-lart-francais\/"},"author":{"name":"Jacques JOLIVET","@id":"https:\/\/editionsbussiere.com\/blog\/#\/schema\/person\/4a5a88a011c746b8f374d0810c79e536"},"headline":"Ard\u00e9che. Seule candidate locale, l&rsquo;\u00e9glise de ce village est en lice pour recevoir un don de la Sauvegarde de l&rsquo;art fran\u00e7ais","datePublished":"2025-11-10T08:18:24+00:00","mainEntityOfPage":{"@id":"https:\/\/editionsbussiere.com\/blog\/ardeche-seule-candidate-locale-leglise-de-ce-village-est-en-lice-pour-recevoir-un-don-de-la-sauvegarde-de-lart-francais\/"},"wordCount":163,"publisher":{"@id":"https:\/\/editionsbussiere.com\/blog\/#organization"},"articleSection":["Editions \u00c9sot\u00e9rique Fond\u00e9e En 1927:"],"inLanguage":"fr-FR"},{"@type":"WebPage","@id":"https:\/\/editionsbussiere.com\/blog\/ardeche-seule-candidate-locale-leglise-de-ce-village-est-en-lice-pour-recevoir-un-don-de-la-sauvegarde-de-lart-francais\/","url":"https:\/\/editionsbussiere.com\/blog\/ardeche-seule-candidate-locale-leglise-de-ce-village-est-en-lice-pour-recevoir-un-don-de-la-sauvegarde-de-lart-francais\/","name":"Ard\u00e9che. Seule candidate locale, l'\u00e9glise de ce village est en lice pour recevoir un don de la Sauvegarde de l'art fran\u00e7ais - EDITIONSBUSSIERE","isPartOf":{"@id":"https:\/\/editionsbussiere.com\/blog\/#website"},"datePublished":"2025-11-10T08:18:24+00:00","breadcrumb":{"@id":"https:\/\/editionsbussiere.com\/blog\/ardeche-seule-candidate-locale-leglise-de-ce-village-est-en-lice-pour-recevoir-un-don-de-la-sauvegarde-de-lart-francais\/#breadcrumb"},"inLanguage":"fr-FR","potentialAction":[{"@type":"ReadAction","target":["https:\/\/editionsbussiere.com\/blog\/ardeche-seule-candidate-locale-leglise-de-ce-village-est-en-lice-pour-recevoir-un-don-de-la-sauvegarde-de-lart-francais\/"]}]},{"@type":"BreadcrumbList","@id":"https:\/\/editionsbussiere.com\/blog\/ardeche-seule-candidate-locale-leglise-de-ce-village-est-en-lice-pour-recevoir-un-don-de-la-sauvegarde-de-lart-francais\/#breadcrumb","itemListElement":[{"@type":"ListItem","position":1,"name":"Accueil","item":"https:\/\/editionsbussiere.com\/blog\/"},{"@type":"ListItem","position":2,"name":"Ard\u00e9che. Seule candidate locale, l&rsquo;\u00e9glise de ce village est en lice pour recevoir un don de la Sauvegarde de l&rsquo;art fran\u00e7ais"}]},{"@type":"WebSite","@id":"https:\/\/editionsbussiere.com\/blog\/#website","url":"https:\/\/editionsbussiere.com\/blog\/","name":"EDITIONSBUSSIERE","description":"Editions \u00e9sot\u00e9rique fond\u00e9e en 1927; site historique, A SAVOIR ET RETENIR.","publisher":{"@id":"https:\/\/editionsbussiere.com\/blog\/#organization"},"potentialAction":[{"@type":"SearchAction","target":{"@type":"EntryPoint","urlTemplate":"https:\/\/editionsbussiere.com\/blog\/?s={search_term_string}"},"query-input":{"@type":"PropertyValueSpecification","valueRequired":true,"valueName":"search_term_string"}}],"inLanguage":"fr-FR"},{"@type":"Organization","@id":"https:\/\/editionsbussiere.com\/blog\/#organization","name":"editionsbussiere","url":"https:\/\/editionsbussiere.com\/blog\/","logo":{"@type":"ImageObject","inLanguage":"fr-FR","@id":"https:\/\/editionsbussiere.com\/blog\/#\/schema\/logo\/image\/","url":"https:\/\/editionsbussiere.com\/blog\/wp-content\/uploads\/2023\/09\/cropped-buss.gif","contentUrl":"https:\/\/editionsbussiere.com\/blog\/wp-content\/uploads\/2023\/09\/cropped-buss.gif","width":298,"height":120,"caption":"editionsbussiere"},"image":{"@id":"https:\/\/editionsbussiere.com\/blog\/#\/schema\/logo\/image\/"}},{"@type":"Person","@id":"https:\/\/editionsbussiere.com\/blog\/#\/schema\/person\/4a5a88a011c746b8f374d0810c79e536","name":"Jacques JOLIVET","image":{"@type":"ImageObject","inLanguage":"fr-FR","@id":"https:\/\/secure.gravatar.com\/avatar\/75a17b45476360ef3bfe45fcf0ffe89df5dc018eca14236e84b58f23a0570073?s=96&d=mm&r=g","url":"https:\/\/secure.gravatar.com\/avatar\/75a17b45476360ef3bfe45fcf0ffe89df5dc018eca14236e84b58f23a0570073?s=96&d=mm&r=g","contentUrl":"https:\/\/secure.gravatar.com\/avatar\/75a17b45476360ef3bfe45fcf0ffe89df5dc018eca14236e84b58f23a0570073?s=96&d=mm&r=g","caption":"Jacques JOLIVET"},"url":"https:\/\/editionsbussiere.com\/blog\/author\/erejacques\/"}]}},"_links":{"self":[{"href":"https:\/\/editionsbussiere.com\/blog\/wp-json\/wp\/v2\/posts\/2053","targetHints":{"allow":["GET"]}}],"collection":[{"href":"https:\/\/editionsbussiere.com\/blog\/wp-json\/wp\/v2\/posts"}],"about":[{"href":"https:\/\/editionsbussiere.com\/blog\/wp-json\/wp\/v2\/types\/post"}],"author":[{"embeddable":true,"href":"https:\/\/editionsbussiere.com\/blog\/wp-json\/wp\/v2\/users\/2"}],"replies":[{"embeddable":true,"href":"https:\/\/editionsbussiere.com\/blog\/wp-json\/wp\/v2\/comments?post=2053"}],"version-history":[{"count":0,"href":"https:\/\/editionsbussiere.com\/blog\/wp-json\/wp\/v2\/posts\/2053\/revisions"}],"wp:attachment":[{"href":"https:\/\/editionsbussiere.com\/blog\/wp-json\/wp\/v2\/media?parent=2053"}],"wp:term":[{"taxonomy":"category","embeddable":true,"href":"https:\/\/editionsbussiere.com\/blog\/wp-json\/wp\/v2\/categories?post=2053"},{"taxonomy":"post_tag","embeddable":true,"href":"https:\/\/editionsbussiere.com\/blog\/wp-json\/wp\/v2\/tags?post=2053"}],"curies":[{"name":"wp","href":"https:\/\/api.w.org\/{rel}","templated":true}]}}