{"id":1965,"date":"2025-08-16T11:18:04","date_gmt":"2025-08-16T09:18:04","guid":{"rendered":"https:\/\/editionsbussiere.com\/blog\/ferme-depuis-20-ans-cette-eglise-rouvre-pour-union-seule-journie-a-lest-de-caen\/"},"modified":"2025-08-16T11:18:04","modified_gmt":"2025-08-16T09:18:04","slug":"ferme-depuis-20-ans-cette-eglise-rouvre-pour-union-seule-journie-a-lest-de-caen","status":"publish","type":"post","link":"https:\/\/editionsbussiere.com\/blog\/ferme-depuis-20-ans-cette-eglise-rouvre-pour-union-seule-journie-a-lest-de-caen\/","title":{"rendered":"Ferm\u00e9 Depuis 20 Ans, Cette \u00c9glise Rouvre pour union Seule Journie \u00e0 l&rsquo;Est de Caen"},"content":{"rendered":"<div>\n<div>\n<div class=\"ac-article-date\">\n<p>            Par<br \/>\n        <strong><br \/>\n            R\u00e9faction Caen<br \/>\n        <\/strong><br \/>\n        <span><\/span><\/p>\n<p>        Publi\u00e9 le<br \/>\n        <time datetime=\"2025-08-15T09:29:00+02:00\"><br \/>\n            15 AO\u00fbt 2025 \u00e0 9h29        <\/time><\/p>\n<\/div>\n<p>DePuis 2023, <b>L&rsquo;\u00e9glise Saint-Martin de Moult-Chicheboville (Calvados)<\/b> FAIT L&rsquo;OBJET D&rsquo;UNE AMBITIEUSE RESTAURATION. Ferm\u00e9 Au public coul Raisons de S\u00e9curit <b>DePuis 2006<\/b>L&rsquo;\u00e9difice Connait un second sufffle gr\u00e2ce \u00e0 la mobilisation de l&rsquo;association de sauvegarde, presid\u00e9e par Andr\u00e9 Arruego, de la commune et de la fondation du patrimoine.<\/p>\n<h2 class=\" wall-content\">UNETATION DE R\u00c9NOVATION D\u00c9JU MENEE IL YA DEUX ANS<\/h2>\n<p class=\" wall-content\">Univelle \u00e9tape du chantier debutera aU Mois d&rsquo;aO\u00fbt, Avec <b>L&rsquo;ARRIV\u00c9 DE 15 B\u00c9N\u00c9VOLES internationaux<\/b>en partenariat Avec L&rsquo;Association Concordia, Sp\u00e9cialisee dans les Chantiers Solidaires. Comme en 2023, Les Volontaires Originaires de Turquie, Espagne, Mexique, Tch\u00e9quie ou Encore du Maroc, Travailleront <b>\u00c0 L&rsquo;application d&rsquo;Un Enduit Adapt\u00e9 Sur la fa\u00e7ade Sud du pour la couture de la Nef.<\/b><\/p>\n<p class=\" wall-content\">Le Groupe Sera Encadr\u00e9 par un et la technique Animateur, \u00c9paul\u00e9 par un un artisan du patrimoine et des membres de l&rsquo;association locale. L&rsquo;H\u00e9bergement est Pr\u00e9vu dans les locaux de l&rsquo;\u00e9cole \u00e9coles et marais, \u00e0 proxit\u00e9 du chantier.<\/p>\n<h2 class=\" wall-content\">Les param\u00e8tres de la mobilisation un<\/h2>\n<p class=\" wall-content\">Les habitants de Moult-Chicheboville ne se contenant du pas d&rsquo;observateur les Travaux: <b>ILS Y SUPTITENT \u00c0 LEUR MANIRE<\/b>. Comme L&rsquo;An Dernier, Ils Ont Pr\u00eat\u00e9 V\u00e9los, Outils et Materiel (Truelles, Marteaux, Burins\u2026) Aux Jeunes Volontaires.<\/p>\n<p class=\" wall-content\">Le Financiment du Chantier Repose Principalation Sur la Commun, Avec le Soutien de L&rsquo;Association, de la Fondation du Patrimoine et de Concordia. <b>UNE JOURN\u00c9 PORTES OUVERTES<\/b> Sur le chantier est l&rsquo;\u00e9galement Pr\u00e9vue <b>le Samedi 16 AO\u00fbt 2025<\/b>pour d\u00e9couvrir L&rsquo;avanc\u00e9e des Travaux et \u00e9changer des plus b\u00e9n\u00e9voles.<\/p>\n<p class=\" wall-content\"><b>De Notre correspondant Thierry Saint-G\u00e9rand<\/b><\/p>\n<p class=\" wall-content\"><i>SUIVEZ TOUTE L&rsquo;ALCHET\u00c9 DE VOS VILLES ET M\u00c9DIAS PROVOIS EN VOUR INSCRIENT \u00c0 MON ACTU.<\/i><\/p>\n<\/div>\n<\/div>\n<p><!-- no image -->Le site editionsbussiere.com est fait afin de fournir diff\u00e9rentes publications sur la th\u00e9matique Editions \u00e9sot\u00e9rique fond\u00e9e en 1927 publi\u00e9es sur internet. editionsbussiere.com vous a concoct\u00e9 cet article qui informe du th\u00e8me \u00ab\u00a0Editions \u00e9sot\u00e9rique fond\u00e9e en 1927\u00a0\u00bb. Ce texte a \u00e9t\u00e9 r\u00e9\u00e9dit\u00e9 de la mani\u00e8re la plus compl\u00e8te qui soit. Si jamais vous souhaitez apporter quelques modifications concernant le domaine de \u00ab\u00a0Editions \u00e9sot\u00e9rique fond\u00e9e en 1927\u00a0\u00bb il est possible de d&rsquo;\u00e9changer avec notre \u00e9quipe. En visitant plusieurs fois notre blog vous serez au courant des prochaines annonces.<\/p>\n","protected":false},"excerpt":{"rendered":"<p>Par R\u00e9faction Caen Publi\u00e9 le 15 AO\u00fbt 2025 \u00e0 9h29 DePuis 2023, L&rsquo;\u00e9glise Saint-Martin de Moult-Chicheboville (Calvados) FAIT L&rsquo;OBJET D&rsquo;UNE AMBITIEUSE RESTAURATION. Ferm\u00e9 Au public coul Raisons de S\u00e9curit DePuis 2006L&rsquo;\u00e9difice Connait un second sufffle gr\u00e2ce \u00e0 la mobilisation de l&rsquo;association de sauvegarde, presid\u00e9e par Andr\u00e9 Arruego, de la commune et de la fondation du [&hellip;]<\/p>\n","protected":false},"author":2,"featured_media":0,"comment_status":"closed","ping_status":"closed","sticky":false,"template":"","format":"standard","meta":{"footnotes":""},"categories":[2],"tags":[],"class_list":["post-1965","post","type-post","status-publish","format-standard","hentry","category-editions-esoterique-fondee-en-1927","entry","fw-tab-6 fw-tabr-4"],"yoast_head":"<!-- This site is optimized with the Yoast SEO plugin v27.5 - https:\/\/yoast.com\/product\/yoast-seo-wordpress\/ -->\n<title>Ferm\u00e9 Depuis 20 Ans, Cette \u00c9glise Rouvre pour union Seule Journie \u00e0 l&#039;Est de Caen - EDITIONSBUSSIERE<\/title>\n<meta name=\"robots\" content=\"index, follow, max-snippet:-1, max-image-preview:large, max-video-preview:-1\" \/>\n<link rel=\"canonical\" href=\"https:\/\/editionsbussiere.com\/blog\/ferme-depuis-20-ans-cette-eglise-rouvre-pour-union-seule-journie-a-lest-de-caen\/\" \/>\n<meta property=\"og:locale\" content=\"fr_FR\" \/>\n<meta property=\"og:type\" content=\"article\" \/>\n<meta property=\"og:title\" content=\"Ferm\u00e9 Depuis 20 Ans, Cette \u00c9glise Rouvre pour union Seule Journie \u00e0 l&#039;Est de Caen - EDITIONSBUSSIERE\" \/>\n<meta property=\"og:description\" content=\"Par R\u00e9faction Caen Publi\u00e9 le 15 AO\u00fbt 2025 \u00e0 9h29 DePuis 2023, L&rsquo;\u00e9glise Saint-Martin de Moult-Chicheboville (Calvados) FAIT L&rsquo;OBJET D&rsquo;UNE AMBITIEUSE RESTAURATION. Ferm\u00e9 Au public coul Raisons de S\u00e9curit DePuis 2006L&rsquo;\u00e9difice Connait un second sufffle gr\u00e2ce \u00e0 la mobilisation de l&rsquo;association de sauvegarde, presid\u00e9e par Andr\u00e9 Arruego, de la commune et de la fondation du [&hellip;]\" \/>\n<meta property=\"og:url\" content=\"https:\/\/editionsbussiere.com\/blog\/ferme-depuis-20-ans-cette-eglise-rouvre-pour-union-seule-journie-a-lest-de-caen\/\" \/>\n<meta property=\"og:site_name\" content=\"EDITIONSBUSSIERE\" \/>\n<meta property=\"article:published_time\" content=\"2025-08-16T09:18:04+00:00\" \/>\n<meta name=\"author\" content=\"Jacques JOLIVET\" \/>\n<meta name=\"twitter:card\" content=\"summary_large_image\" \/>\n<meta name=\"twitter:label1\" content=\"\u00c9crit par\" \/>\n\t<meta name=\"twitter:data1\" content=\"Jacques JOLIVET\" \/>\n\t<meta name=\"twitter:label2\" content=\"Dur\u00e9e de lecture estim\u00e9e\" \/>\n\t<meta name=\"twitter:data2\" content=\"2 minutes\" \/>\n<script type=\"application\/ld+json\" class=\"yoast-schema-graph\">{\"@context\":\"https:\\\/\\\/schema.org\",\"@graph\":[{\"@type\":\"Article\",\"@id\":\"https:\\\/\\\/editionsbussiere.com\\\/blog\\\/ferme-depuis-20-ans-cette-eglise-rouvre-pour-union-seule-journie-a-lest-de-caen\\\/#article\",\"isPartOf\":{\"@id\":\"https:\\\/\\\/editionsbussiere.com\\\/blog\\\/ferme-depuis-20-ans-cette-eglise-rouvre-pour-union-seule-journie-a-lest-de-caen\\\/\"},\"author\":{\"name\":\"Jacques JOLIVET\",\"@id\":\"https:\\\/\\\/editionsbussiere.com\\\/blog\\\/#\\\/schema\\\/person\\\/4a5a88a011c746b8f374d0810c79e536\"},\"headline\":\"Ferm\u00e9 Depuis 20 Ans, Cette \u00c9glise Rouvre pour union Seule Journie \u00e0 l&rsquo;Est de Caen\",\"datePublished\":\"2025-08-16T09:18:04+00:00\",\"mainEntityOfPage\":{\"@id\":\"https:\\\/\\\/editionsbussiere.com\\\/blog\\\/ferme-depuis-20-ans-cette-eglise-rouvre-pour-union-seule-journie-a-lest-de-caen\\\/\"},\"wordCount\":394,\"publisher\":{\"@id\":\"https:\\\/\\\/editionsbussiere.com\\\/blog\\\/#organization\"},\"articleSection\":[\"Editions \u00c9sot\u00e9rique Fond\u00e9e En 1927:\"],\"inLanguage\":\"fr-FR\"},{\"@type\":\"WebPage\",\"@id\":\"https:\\\/\\\/editionsbussiere.com\\\/blog\\\/ferme-depuis-20-ans-cette-eglise-rouvre-pour-union-seule-journie-a-lest-de-caen\\\/\",\"url\":\"https:\\\/\\\/editionsbussiere.com\\\/blog\\\/ferme-depuis-20-ans-cette-eglise-rouvre-pour-union-seule-journie-a-lest-de-caen\\\/\",\"name\":\"Ferm\u00e9 Depuis 20 Ans, Cette \u00c9glise Rouvre pour union Seule Journie \u00e0 l'Est de Caen - EDITIONSBUSSIERE\",\"isPartOf\":{\"@id\":\"https:\\\/\\\/editionsbussiere.com\\\/blog\\\/#website\"},\"datePublished\":\"2025-08-16T09:18:04+00:00\",\"breadcrumb\":{\"@id\":\"https:\\\/\\\/editionsbussiere.com\\\/blog\\\/ferme-depuis-20-ans-cette-eglise-rouvre-pour-union-seule-journie-a-lest-de-caen\\\/#breadcrumb\"},\"inLanguage\":\"fr-FR\",\"potentialAction\":[{\"@type\":\"ReadAction\",\"target\":[\"https:\\\/\\\/editionsbussiere.com\\\/blog\\\/ferme-depuis-20-ans-cette-eglise-rouvre-pour-union-seule-journie-a-lest-de-caen\\\/\"]}]},{\"@type\":\"BreadcrumbList\",\"@id\":\"https:\\\/\\\/editionsbussiere.com\\\/blog\\\/ferme-depuis-20-ans-cette-eglise-rouvre-pour-union-seule-journie-a-lest-de-caen\\\/#breadcrumb\",\"itemListElement\":[{\"@type\":\"ListItem\",\"position\":1,\"name\":\"Accueil\",\"item\":\"https:\\\/\\\/editionsbussiere.com\\\/blog\\\/\"},{\"@type\":\"ListItem\",\"position\":2,\"name\":\"Ferm\u00e9 Depuis 20 Ans, Cette \u00c9glise Rouvre pour union Seule Journie \u00e0 l&rsquo;Est de Caen\"}]},{\"@type\":\"WebSite\",\"@id\":\"https:\\\/\\\/editionsbussiere.com\\\/blog\\\/#website\",\"url\":\"https:\\\/\\\/editionsbussiere.com\\\/blog\\\/\",\"name\":\"EDITIONSBUSSIERE\",\"description\":\"Editions \u00e9sot\u00e9rique fond\u00e9e en 1927; site historique, A SAVOIR ET RETENIR.\",\"publisher\":{\"@id\":\"https:\\\/\\\/editionsbussiere.com\\\/blog\\\/#organization\"},\"potentialAction\":[{\"@type\":\"SearchAction\",\"target\":{\"@type\":\"EntryPoint\",\"urlTemplate\":\"https:\\\/\\\/editionsbussiere.com\\\/blog\\\/?s={search_term_string}\"},\"query-input\":{\"@type\":\"PropertyValueSpecification\",\"valueRequired\":true,\"valueName\":\"search_term_string\"}}],\"inLanguage\":\"fr-FR\"},{\"@type\":\"Organization\",\"@id\":\"https:\\\/\\\/editionsbussiere.com\\\/blog\\\/#organization\",\"name\":\"editionsbussiere\",\"url\":\"https:\\\/\\\/editionsbussiere.com\\\/blog\\\/\",\"logo\":{\"@type\":\"ImageObject\",\"inLanguage\":\"fr-FR\",\"@id\":\"https:\\\/\\\/editionsbussiere.com\\\/blog\\\/#\\\/schema\\\/logo\\\/image\\\/\",\"url\":\"https:\\\/\\\/editionsbussiere.com\\\/blog\\\/wp-content\\\/uploads\\\/2023\\\/09\\\/cropped-buss.gif\",\"contentUrl\":\"https:\\\/\\\/editionsbussiere.com\\\/blog\\\/wp-content\\\/uploads\\\/2023\\\/09\\\/cropped-buss.gif\",\"width\":298,\"height\":120,\"caption\":\"editionsbussiere\"},\"image\":{\"@id\":\"https:\\\/\\\/editionsbussiere.com\\\/blog\\\/#\\\/schema\\\/logo\\\/image\\\/\"}},{\"@type\":\"Person\",\"@id\":\"https:\\\/\\\/editionsbussiere.com\\\/blog\\\/#\\\/schema\\\/person\\\/4a5a88a011c746b8f374d0810c79e536\",\"name\":\"Jacques JOLIVET\",\"image\":{\"@type\":\"ImageObject\",\"inLanguage\":\"fr-FR\",\"@id\":\"https:\\\/\\\/secure.gravatar.com\\\/avatar\\\/75a17b45476360ef3bfe45fcf0ffe89df5dc018eca14236e84b58f23a0570073?s=96&d=mm&r=g\",\"url\":\"https:\\\/\\\/secure.gravatar.com\\\/avatar\\\/75a17b45476360ef3bfe45fcf0ffe89df5dc018eca14236e84b58f23a0570073?s=96&d=mm&r=g\",\"contentUrl\":\"https:\\\/\\\/secure.gravatar.com\\\/avatar\\\/75a17b45476360ef3bfe45fcf0ffe89df5dc018eca14236e84b58f23a0570073?s=96&d=mm&r=g\",\"caption\":\"Jacques JOLIVET\"},\"url\":\"https:\\\/\\\/editionsbussiere.com\\\/blog\\\/author\\\/erejacques\\\/\"}]}<\/script>\n<!-- \/ Yoast SEO plugin. -->","yoast_head_json":{"title":"Ferm\u00e9 Depuis 20 Ans, Cette \u00c9glise Rouvre pour union Seule Journie \u00e0 l'Est de Caen - EDITIONSBUSSIERE","robots":{"index":"index","follow":"follow","max-snippet":"max-snippet:-1","max-image-preview":"max-image-preview:large","max-video-preview":"max-video-preview:-1"},"canonical":"https:\/\/editionsbussiere.com\/blog\/ferme-depuis-20-ans-cette-eglise-rouvre-pour-union-seule-journie-a-lest-de-caen\/","og_locale":"fr_FR","og_type":"article","og_title":"Ferm\u00e9 Depuis 20 Ans, Cette \u00c9glise Rouvre pour union Seule Journie \u00e0 l'Est de Caen - EDITIONSBUSSIERE","og_description":"Par R\u00e9faction Caen Publi\u00e9 le 15 AO\u00fbt 2025 \u00e0 9h29 DePuis 2023, L&rsquo;\u00e9glise Saint-Martin de Moult-Chicheboville (Calvados) FAIT L&rsquo;OBJET D&rsquo;UNE AMBITIEUSE RESTAURATION. Ferm\u00e9 Au public coul Raisons de S\u00e9curit DePuis 2006L&rsquo;\u00e9difice Connait un second sufffle gr\u00e2ce \u00e0 la mobilisation de l&rsquo;association de sauvegarde, presid\u00e9e par Andr\u00e9 Arruego, de la commune et de la fondation du [&hellip;]","og_url":"https:\/\/editionsbussiere.com\/blog\/ferme-depuis-20-ans-cette-eglise-rouvre-pour-union-seule-journie-a-lest-de-caen\/","og_site_name":"EDITIONSBUSSIERE","article_published_time":"2025-08-16T09:18:04+00:00","author":"Jacques JOLIVET","twitter_card":"summary_large_image","twitter_misc":{"\u00c9crit par":"Jacques JOLIVET","Dur\u00e9e de lecture estim\u00e9e":"2 minutes"},"schema":{"@context":"https:\/\/schema.org","@graph":[{"@type":"Article","@id":"https:\/\/editionsbussiere.com\/blog\/ferme-depuis-20-ans-cette-eglise-rouvre-pour-union-seule-journie-a-lest-de-caen\/#article","isPartOf":{"@id":"https:\/\/editionsbussiere.com\/blog\/ferme-depuis-20-ans-cette-eglise-rouvre-pour-union-seule-journie-a-lest-de-caen\/"},"author":{"name":"Jacques JOLIVET","@id":"https:\/\/editionsbussiere.com\/blog\/#\/schema\/person\/4a5a88a011c746b8f374d0810c79e536"},"headline":"Ferm\u00e9 Depuis 20 Ans, Cette \u00c9glise Rouvre pour union Seule Journie \u00e0 l&rsquo;Est de Caen","datePublished":"2025-08-16T09:18:04+00:00","mainEntityOfPage":{"@id":"https:\/\/editionsbussiere.com\/blog\/ferme-depuis-20-ans-cette-eglise-rouvre-pour-union-seule-journie-a-lest-de-caen\/"},"wordCount":394,"publisher":{"@id":"https:\/\/editionsbussiere.com\/blog\/#organization"},"articleSection":["Editions \u00c9sot\u00e9rique Fond\u00e9e En 1927:"],"inLanguage":"fr-FR"},{"@type":"WebPage","@id":"https:\/\/editionsbussiere.com\/blog\/ferme-depuis-20-ans-cette-eglise-rouvre-pour-union-seule-journie-a-lest-de-caen\/","url":"https:\/\/editionsbussiere.com\/blog\/ferme-depuis-20-ans-cette-eglise-rouvre-pour-union-seule-journie-a-lest-de-caen\/","name":"Ferm\u00e9 Depuis 20 Ans, Cette \u00c9glise Rouvre pour union Seule Journie \u00e0 l'Est de Caen - EDITIONSBUSSIERE","isPartOf":{"@id":"https:\/\/editionsbussiere.com\/blog\/#website"},"datePublished":"2025-08-16T09:18:04+00:00","breadcrumb":{"@id":"https:\/\/editionsbussiere.com\/blog\/ferme-depuis-20-ans-cette-eglise-rouvre-pour-union-seule-journie-a-lest-de-caen\/#breadcrumb"},"inLanguage":"fr-FR","potentialAction":[{"@type":"ReadAction","target":["https:\/\/editionsbussiere.com\/blog\/ferme-depuis-20-ans-cette-eglise-rouvre-pour-union-seule-journie-a-lest-de-caen\/"]}]},{"@type":"BreadcrumbList","@id":"https:\/\/editionsbussiere.com\/blog\/ferme-depuis-20-ans-cette-eglise-rouvre-pour-union-seule-journie-a-lest-de-caen\/#breadcrumb","itemListElement":[{"@type":"ListItem","position":1,"name":"Accueil","item":"https:\/\/editionsbussiere.com\/blog\/"},{"@type":"ListItem","position":2,"name":"Ferm\u00e9 Depuis 20 Ans, Cette \u00c9glise Rouvre pour union Seule Journie \u00e0 l&rsquo;Est de Caen"}]},{"@type":"WebSite","@id":"https:\/\/editionsbussiere.com\/blog\/#website","url":"https:\/\/editionsbussiere.com\/blog\/","name":"EDITIONSBUSSIERE","description":"Editions \u00e9sot\u00e9rique fond\u00e9e en 1927; site historique, A SAVOIR ET RETENIR.","publisher":{"@id":"https:\/\/editionsbussiere.com\/blog\/#organization"},"potentialAction":[{"@type":"SearchAction","target":{"@type":"EntryPoint","urlTemplate":"https:\/\/editionsbussiere.com\/blog\/?s={search_term_string}"},"query-input":{"@type":"PropertyValueSpecification","valueRequired":true,"valueName":"search_term_string"}}],"inLanguage":"fr-FR"},{"@type":"Organization","@id":"https:\/\/editionsbussiere.com\/blog\/#organization","name":"editionsbussiere","url":"https:\/\/editionsbussiere.com\/blog\/","logo":{"@type":"ImageObject","inLanguage":"fr-FR","@id":"https:\/\/editionsbussiere.com\/blog\/#\/schema\/logo\/image\/","url":"https:\/\/editionsbussiere.com\/blog\/wp-content\/uploads\/2023\/09\/cropped-buss.gif","contentUrl":"https:\/\/editionsbussiere.com\/blog\/wp-content\/uploads\/2023\/09\/cropped-buss.gif","width":298,"height":120,"caption":"editionsbussiere"},"image":{"@id":"https:\/\/editionsbussiere.com\/blog\/#\/schema\/logo\/image\/"}},{"@type":"Person","@id":"https:\/\/editionsbussiere.com\/blog\/#\/schema\/person\/4a5a88a011c746b8f374d0810c79e536","name":"Jacques JOLIVET","image":{"@type":"ImageObject","inLanguage":"fr-FR","@id":"https:\/\/secure.gravatar.com\/avatar\/75a17b45476360ef3bfe45fcf0ffe89df5dc018eca14236e84b58f23a0570073?s=96&d=mm&r=g","url":"https:\/\/secure.gravatar.com\/avatar\/75a17b45476360ef3bfe45fcf0ffe89df5dc018eca14236e84b58f23a0570073?s=96&d=mm&r=g","contentUrl":"https:\/\/secure.gravatar.com\/avatar\/75a17b45476360ef3bfe45fcf0ffe89df5dc018eca14236e84b58f23a0570073?s=96&d=mm&r=g","caption":"Jacques JOLIVET"},"url":"https:\/\/editionsbussiere.com\/blog\/author\/erejacques\/"}]}},"_links":{"self":[{"href":"https:\/\/editionsbussiere.com\/blog\/wp-json\/wp\/v2\/posts\/1965","targetHints":{"allow":["GET"]}}],"collection":[{"href":"https:\/\/editionsbussiere.com\/blog\/wp-json\/wp\/v2\/posts"}],"about":[{"href":"https:\/\/editionsbussiere.com\/blog\/wp-json\/wp\/v2\/types\/post"}],"author":[{"embeddable":true,"href":"https:\/\/editionsbussiere.com\/blog\/wp-json\/wp\/v2\/users\/2"}],"replies":[{"embeddable":true,"href":"https:\/\/editionsbussiere.com\/blog\/wp-json\/wp\/v2\/comments?post=1965"}],"version-history":[{"count":0,"href":"https:\/\/editionsbussiere.com\/blog\/wp-json\/wp\/v2\/posts\/1965\/revisions"}],"wp:attachment":[{"href":"https:\/\/editionsbussiere.com\/blog\/wp-json\/wp\/v2\/media?parent=1965"}],"wp:term":[{"taxonomy":"category","embeddable":true,"href":"https:\/\/editionsbussiere.com\/blog\/wp-json\/wp\/v2\/categories?post=1965"},{"taxonomy":"post_tag","embeddable":true,"href":"https:\/\/editionsbussiere.com\/blog\/wp-json\/wp\/v2\/tags?post=1965"}],"curies":[{"name":"wp","href":"https:\/\/api.w.org\/{rel}","templated":true}]}}