{"id":1960,"date":"2025-08-10T21:02:57","date_gmt":"2025-08-10T19:02:57","guid":{"rendered":"https:\/\/editionsbussiere.com\/blog\/lanmodez-le-concert-de-soutien-pour-leglise-saint-maudez-rassemble\/"},"modified":"2025-08-10T21:02:57","modified_gmt":"2025-08-10T19:02:57","slug":"lanmodez-le-concert-de-soutien-pour-leglise-saint-maudez-rassemble","status":"publish","type":"post","link":"https:\/\/editionsbussiere.com\/blog\/lanmodez-le-concert-de-soutien-pour-leglise-saint-maudez-rassemble\/","title":{"rendered":"LANMODEZ: Le Concert de Soutien pour l&rsquo;\u00c9glise Saint-Maudez Rassemble"},"content":{"rendered":"<div>\n<div>\n<p>L&rsquo;\u00e9glis Saint-Maudez \u00c9tait comble, Jeudi, pour le concert Organis\u00e9 pour Lancer la Recape des Dons \u00e0 la Fondation du Patrimoine pour la restauration.<\/p>\n<h2>TROIS ENTERPR\u00c8TES, TROIS SENSIBIL\u00c9S<\/h2>\n<\/div>\n<div aria-hidden=\"true\">\n<p>L&rsquo;Abb\u00e9 Guillaume Cahe, aprr\u00e9s unne enname par un funitique \u00e9crit par L&rsquo;Abb\u00e9 Huitorel pour les saints-gildas de laniscat, un chant\u00e9 a capella, en breton, comme SAIT LE FAIRE. D&rsquo;Irlande, Nomm\u00e9 Maudez, D\u00e9laisse Couronne et Bieens, Il Vient auSsi en Direction de Bretagne pour pr\u00eacher un-evelle Croyance\u2026 \u00bb<\/p>\n<p>Le Choix Musical de la Maire musicienne Lydia Domanchich a Permis un Trait d&rsquo;Union Entre le Chant Cont\u00e9 et la Lecture, Talentueuse d&rsquo;Erik Orsenna Qui a Choisi, pour citer Saint Maudez de Superbes Extraits de \u00abLa Vie des Saints en Bretagne\u00bb Par albert le Grand.<\/p>\n<h2>\u00abPrendre Soin de Cette \u00c9glise\u00bb<\/h2>\n<\/div>\n<div aria-hidden=\"true\">\n<p>De la Qualit\u00e9 de la Lecture Vient la COMPR\u00c9HENSION des Textes, Entre V\u00e9rit\u00e9s et L\u00e9gendes, Qui Ontan Men\u00e9 les Homme \u00e0 B\u00e2tir Cette \u00e9glise, Qu&rsquo;il Convient de P\u00e9server. Ses Fondations Datent du Vie Si\u00e8cle. D&rsquo;Abord Chapelle, Elle Abrite un Christ Polychrome DATANT DU D\u00c9BUT DU XVIE SI\u00c8CLE ET, D\u00c9BUT XVIIIE SI\u00c8CLE, ELLE DEVIENT \u00c9GLISE. APR\u00c8S Quelques decennies de Batailles Entre ma\u00eetres d&rsquo;ouvrage et ma\u00eetres d&rsquo;\u0153vre, l&rsquo;\u00c9gliser A \u00c9t\u00e9 Construte en 1788.<\/p>\n<p>\u00abL&rsquo;\u00e9glise abrite \u00e9galement un-ti-\u00eate de Vierge, Venant d&rsquo;Angleterre, Offre par le Colonel R\u00e9my\u00bb, ajoute L&rsquo;Acad\u00e9micien. \u00abIl s&rsquo;agit d&rsquo;uni statue Bris\u00e9e Durant Les Bombardements, Don&rsquo;t la T\u00eate, Pr\u00e9servee, un Servi \u00e0 Recr\u00e9er la Statue danse fils \u00e9glise d&rsquo;origine. RespectEux du Patrimoine, il a fait Don de Cette T\u00eate \u00e0 l&rsquo;\u00c9glise Saint-Maudez. Cela Aussi Justifie l&rsquo;id\u00e9e et la N\u00e9cest\u00e9 de Prendre Soin de Cette \u00c9glise \u00bb, un expli\u00e9 Erik Orsenna.<\/p>\n<\/div>\n<\/div>\n<p><!-- no image -->Le site editionsbussiere.com est fait afin de fournir diff\u00e9rentes publications sur la th\u00e9matique Editions \u00e9sot\u00e9rique fond\u00e9e en 1927 publi\u00e9es sur internet. editionsbussiere.com vous a concoct\u00e9 cet article qui informe du th\u00e8me \u00ab\u00a0Editions \u00e9sot\u00e9rique fond\u00e9e en 1927\u00a0\u00bb. Ce texte a \u00e9t\u00e9 r\u00e9\u00e9dit\u00e9 de la mani\u00e8re la plus compl\u00e8te qui soit. Si jamais vous souhaitez apporter quelques modifications concernant le domaine de \u00ab\u00a0Editions \u00e9sot\u00e9rique fond\u00e9e en 1927\u00a0\u00bb il est possible de d&rsquo;\u00e9changer avec notre \u00e9quipe. En visitant plusieurs fois notre blog vous serez au courant des prochaines annonces.<\/p>\n","protected":false},"excerpt":{"rendered":"<p>L&rsquo;\u00e9glis Saint-Maudez \u00c9tait comble, Jeudi, pour le concert Organis\u00e9 pour Lancer la Recape des Dons \u00e0 la Fondation du Patrimoine pour la restauration. TROIS ENTERPR\u00c8TES, TROIS SENSIBIL\u00c9S L&rsquo;Abb\u00e9 Guillaume Cahe, aprr\u00e9s unne enname par un funitique \u00e9crit par L&rsquo;Abb\u00e9 Huitorel pour les saints-gildas de laniscat, un chant\u00e9 a capella, en breton, comme SAIT LE FAIRE. [&hellip;]<\/p>\n","protected":false},"author":2,"featured_media":0,"comment_status":"closed","ping_status":"closed","sticky":false,"template":"","format":"standard","meta":{"footnotes":""},"categories":[2],"tags":[],"class_list":["post-1960","post","type-post","status-publish","format-standard","hentry","category-editions-esoterique-fondee-en-1927","entry","fw-tab-6 fw-tabr-4"],"yoast_head":"<!-- This site is optimized with the Yoast SEO plugin v27.5 - https:\/\/yoast.com\/product\/yoast-seo-wordpress\/ -->\n<title>LANMODEZ: Le Concert de Soutien pour l&#039;\u00c9glise Saint-Maudez Rassemble - EDITIONSBUSSIERE<\/title>\n<meta name=\"robots\" content=\"index, follow, max-snippet:-1, max-image-preview:large, max-video-preview:-1\" \/>\n<link rel=\"canonical\" href=\"https:\/\/editionsbussiere.com\/blog\/lanmodez-le-concert-de-soutien-pour-leglise-saint-maudez-rassemble\/\" \/>\n<meta property=\"og:locale\" content=\"fr_FR\" \/>\n<meta property=\"og:type\" content=\"article\" \/>\n<meta property=\"og:title\" content=\"LANMODEZ: Le Concert de Soutien pour l&#039;\u00c9glise Saint-Maudez Rassemble - EDITIONSBUSSIERE\" \/>\n<meta property=\"og:description\" content=\"L&rsquo;\u00e9glis Saint-Maudez \u00c9tait comble, Jeudi, pour le concert Organis\u00e9 pour Lancer la Recape des Dons \u00e0 la Fondation du Patrimoine pour la restauration. TROIS ENTERPR\u00c8TES, TROIS SENSIBIL\u00c9S L&rsquo;Abb\u00e9 Guillaume Cahe, aprr\u00e9s unne enname par un funitique \u00e9crit par L&rsquo;Abb\u00e9 Huitorel pour les saints-gildas de laniscat, un chant\u00e9 a capella, en breton, comme SAIT LE FAIRE. [&hellip;]\" \/>\n<meta property=\"og:url\" content=\"https:\/\/editionsbussiere.com\/blog\/lanmodez-le-concert-de-soutien-pour-leglise-saint-maudez-rassemble\/\" \/>\n<meta property=\"og:site_name\" content=\"EDITIONSBUSSIERE\" \/>\n<meta property=\"article:published_time\" content=\"2025-08-10T19:02:57+00:00\" \/>\n<meta name=\"author\" content=\"Jacques JOLIVET\" \/>\n<meta name=\"twitter:card\" content=\"summary_large_image\" \/>\n<meta name=\"twitter:label1\" content=\"\u00c9crit par\" \/>\n\t<meta name=\"twitter:data1\" content=\"Jacques JOLIVET\" \/>\n\t<meta name=\"twitter:label2\" content=\"Dur\u00e9e de lecture estim\u00e9e\" \/>\n\t<meta name=\"twitter:data2\" content=\"2 minutes\" \/>\n<script type=\"application\/ld+json\" class=\"yoast-schema-graph\">{\"@context\":\"https:\\\/\\\/schema.org\",\"@graph\":[{\"@type\":\"Article\",\"@id\":\"https:\\\/\\\/editionsbussiere.com\\\/blog\\\/lanmodez-le-concert-de-soutien-pour-leglise-saint-maudez-rassemble\\\/#article\",\"isPartOf\":{\"@id\":\"https:\\\/\\\/editionsbussiere.com\\\/blog\\\/lanmodez-le-concert-de-soutien-pour-leglise-saint-maudez-rassemble\\\/\"},\"author\":{\"name\":\"Jacques JOLIVET\",\"@id\":\"https:\\\/\\\/editionsbussiere.com\\\/blog\\\/#\\\/schema\\\/person\\\/4a5a88a011c746b8f374d0810c79e536\"},\"headline\":\"LANMODEZ: Le Concert de Soutien pour l&rsquo;\u00c9glise Saint-Maudez Rassemble\",\"datePublished\":\"2025-08-10T19:02:57+00:00\",\"mainEntityOfPage\":{\"@id\":\"https:\\\/\\\/editionsbussiere.com\\\/blog\\\/lanmodez-le-concert-de-soutien-pour-leglise-saint-maudez-rassemble\\\/\"},\"wordCount\":399,\"publisher\":{\"@id\":\"https:\\\/\\\/editionsbussiere.com\\\/blog\\\/#organization\"},\"articleSection\":[\"Editions \u00c9sot\u00e9rique Fond\u00e9e En 1927:\"],\"inLanguage\":\"fr-FR\"},{\"@type\":\"WebPage\",\"@id\":\"https:\\\/\\\/editionsbussiere.com\\\/blog\\\/lanmodez-le-concert-de-soutien-pour-leglise-saint-maudez-rassemble\\\/\",\"url\":\"https:\\\/\\\/editionsbussiere.com\\\/blog\\\/lanmodez-le-concert-de-soutien-pour-leglise-saint-maudez-rassemble\\\/\",\"name\":\"LANMODEZ: Le Concert de Soutien pour l'\u00c9glise Saint-Maudez Rassemble - EDITIONSBUSSIERE\",\"isPartOf\":{\"@id\":\"https:\\\/\\\/editionsbussiere.com\\\/blog\\\/#website\"},\"datePublished\":\"2025-08-10T19:02:57+00:00\",\"breadcrumb\":{\"@id\":\"https:\\\/\\\/editionsbussiere.com\\\/blog\\\/lanmodez-le-concert-de-soutien-pour-leglise-saint-maudez-rassemble\\\/#breadcrumb\"},\"inLanguage\":\"fr-FR\",\"potentialAction\":[{\"@type\":\"ReadAction\",\"target\":[\"https:\\\/\\\/editionsbussiere.com\\\/blog\\\/lanmodez-le-concert-de-soutien-pour-leglise-saint-maudez-rassemble\\\/\"]}]},{\"@type\":\"BreadcrumbList\",\"@id\":\"https:\\\/\\\/editionsbussiere.com\\\/blog\\\/lanmodez-le-concert-de-soutien-pour-leglise-saint-maudez-rassemble\\\/#breadcrumb\",\"itemListElement\":[{\"@type\":\"ListItem\",\"position\":1,\"name\":\"Accueil\",\"item\":\"https:\\\/\\\/editionsbussiere.com\\\/blog\\\/\"},{\"@type\":\"ListItem\",\"position\":2,\"name\":\"LANMODEZ: Le Concert de Soutien pour l&rsquo;\u00c9glise Saint-Maudez Rassemble\"}]},{\"@type\":\"WebSite\",\"@id\":\"https:\\\/\\\/editionsbussiere.com\\\/blog\\\/#website\",\"url\":\"https:\\\/\\\/editionsbussiere.com\\\/blog\\\/\",\"name\":\"EDITIONSBUSSIERE\",\"description\":\"Editions \u00e9sot\u00e9rique fond\u00e9e en 1927; site historique, A SAVOIR ET RETENIR.\",\"publisher\":{\"@id\":\"https:\\\/\\\/editionsbussiere.com\\\/blog\\\/#organization\"},\"potentialAction\":[{\"@type\":\"SearchAction\",\"target\":{\"@type\":\"EntryPoint\",\"urlTemplate\":\"https:\\\/\\\/editionsbussiere.com\\\/blog\\\/?s={search_term_string}\"},\"query-input\":{\"@type\":\"PropertyValueSpecification\",\"valueRequired\":true,\"valueName\":\"search_term_string\"}}],\"inLanguage\":\"fr-FR\"},{\"@type\":\"Organization\",\"@id\":\"https:\\\/\\\/editionsbussiere.com\\\/blog\\\/#organization\",\"name\":\"editionsbussiere\",\"url\":\"https:\\\/\\\/editionsbussiere.com\\\/blog\\\/\",\"logo\":{\"@type\":\"ImageObject\",\"inLanguage\":\"fr-FR\",\"@id\":\"https:\\\/\\\/editionsbussiere.com\\\/blog\\\/#\\\/schema\\\/logo\\\/image\\\/\",\"url\":\"https:\\\/\\\/editionsbussiere.com\\\/blog\\\/wp-content\\\/uploads\\\/2023\\\/09\\\/cropped-buss.gif\",\"contentUrl\":\"https:\\\/\\\/editionsbussiere.com\\\/blog\\\/wp-content\\\/uploads\\\/2023\\\/09\\\/cropped-buss.gif\",\"width\":298,\"height\":120,\"caption\":\"editionsbussiere\"},\"image\":{\"@id\":\"https:\\\/\\\/editionsbussiere.com\\\/blog\\\/#\\\/schema\\\/logo\\\/image\\\/\"}},{\"@type\":\"Person\",\"@id\":\"https:\\\/\\\/editionsbussiere.com\\\/blog\\\/#\\\/schema\\\/person\\\/4a5a88a011c746b8f374d0810c79e536\",\"name\":\"Jacques JOLIVET\",\"image\":{\"@type\":\"ImageObject\",\"inLanguage\":\"fr-FR\",\"@id\":\"https:\\\/\\\/secure.gravatar.com\\\/avatar\\\/75a17b45476360ef3bfe45fcf0ffe89df5dc018eca14236e84b58f23a0570073?s=96&d=mm&r=g\",\"url\":\"https:\\\/\\\/secure.gravatar.com\\\/avatar\\\/75a17b45476360ef3bfe45fcf0ffe89df5dc018eca14236e84b58f23a0570073?s=96&d=mm&r=g\",\"contentUrl\":\"https:\\\/\\\/secure.gravatar.com\\\/avatar\\\/75a17b45476360ef3bfe45fcf0ffe89df5dc018eca14236e84b58f23a0570073?s=96&d=mm&r=g\",\"caption\":\"Jacques JOLIVET\"},\"url\":\"https:\\\/\\\/editionsbussiere.com\\\/blog\\\/author\\\/erejacques\\\/\"}]}<\/script>\n<!-- \/ Yoast SEO plugin. -->","yoast_head_json":{"title":"LANMODEZ: Le Concert de Soutien pour l'\u00c9glise Saint-Maudez Rassemble - EDITIONSBUSSIERE","robots":{"index":"index","follow":"follow","max-snippet":"max-snippet:-1","max-image-preview":"max-image-preview:large","max-video-preview":"max-video-preview:-1"},"canonical":"https:\/\/editionsbussiere.com\/blog\/lanmodez-le-concert-de-soutien-pour-leglise-saint-maudez-rassemble\/","og_locale":"fr_FR","og_type":"article","og_title":"LANMODEZ: Le Concert de Soutien pour l'\u00c9glise Saint-Maudez Rassemble - EDITIONSBUSSIERE","og_description":"L&rsquo;\u00e9glis Saint-Maudez \u00c9tait comble, Jeudi, pour le concert Organis\u00e9 pour Lancer la Recape des Dons \u00e0 la Fondation du Patrimoine pour la restauration. TROIS ENTERPR\u00c8TES, TROIS SENSIBIL\u00c9S L&rsquo;Abb\u00e9 Guillaume Cahe, aprr\u00e9s unne enname par un funitique \u00e9crit par L&rsquo;Abb\u00e9 Huitorel pour les saints-gildas de laniscat, un chant\u00e9 a capella, en breton, comme SAIT LE FAIRE. [&hellip;]","og_url":"https:\/\/editionsbussiere.com\/blog\/lanmodez-le-concert-de-soutien-pour-leglise-saint-maudez-rassemble\/","og_site_name":"EDITIONSBUSSIERE","article_published_time":"2025-08-10T19:02:57+00:00","author":"Jacques JOLIVET","twitter_card":"summary_large_image","twitter_misc":{"\u00c9crit par":"Jacques JOLIVET","Dur\u00e9e de lecture estim\u00e9e":"2 minutes"},"schema":{"@context":"https:\/\/schema.org","@graph":[{"@type":"Article","@id":"https:\/\/editionsbussiere.com\/blog\/lanmodez-le-concert-de-soutien-pour-leglise-saint-maudez-rassemble\/#article","isPartOf":{"@id":"https:\/\/editionsbussiere.com\/blog\/lanmodez-le-concert-de-soutien-pour-leglise-saint-maudez-rassemble\/"},"author":{"name":"Jacques JOLIVET","@id":"https:\/\/editionsbussiere.com\/blog\/#\/schema\/person\/4a5a88a011c746b8f374d0810c79e536"},"headline":"LANMODEZ: Le Concert de Soutien pour l&rsquo;\u00c9glise Saint-Maudez Rassemble","datePublished":"2025-08-10T19:02:57+00:00","mainEntityOfPage":{"@id":"https:\/\/editionsbussiere.com\/blog\/lanmodez-le-concert-de-soutien-pour-leglise-saint-maudez-rassemble\/"},"wordCount":399,"publisher":{"@id":"https:\/\/editionsbussiere.com\/blog\/#organization"},"articleSection":["Editions \u00c9sot\u00e9rique Fond\u00e9e En 1927:"],"inLanguage":"fr-FR"},{"@type":"WebPage","@id":"https:\/\/editionsbussiere.com\/blog\/lanmodez-le-concert-de-soutien-pour-leglise-saint-maudez-rassemble\/","url":"https:\/\/editionsbussiere.com\/blog\/lanmodez-le-concert-de-soutien-pour-leglise-saint-maudez-rassemble\/","name":"LANMODEZ: Le Concert de Soutien pour l'\u00c9glise Saint-Maudez Rassemble - EDITIONSBUSSIERE","isPartOf":{"@id":"https:\/\/editionsbussiere.com\/blog\/#website"},"datePublished":"2025-08-10T19:02:57+00:00","breadcrumb":{"@id":"https:\/\/editionsbussiere.com\/blog\/lanmodez-le-concert-de-soutien-pour-leglise-saint-maudez-rassemble\/#breadcrumb"},"inLanguage":"fr-FR","potentialAction":[{"@type":"ReadAction","target":["https:\/\/editionsbussiere.com\/blog\/lanmodez-le-concert-de-soutien-pour-leglise-saint-maudez-rassemble\/"]}]},{"@type":"BreadcrumbList","@id":"https:\/\/editionsbussiere.com\/blog\/lanmodez-le-concert-de-soutien-pour-leglise-saint-maudez-rassemble\/#breadcrumb","itemListElement":[{"@type":"ListItem","position":1,"name":"Accueil","item":"https:\/\/editionsbussiere.com\/blog\/"},{"@type":"ListItem","position":2,"name":"LANMODEZ: Le Concert de Soutien pour l&rsquo;\u00c9glise Saint-Maudez Rassemble"}]},{"@type":"WebSite","@id":"https:\/\/editionsbussiere.com\/blog\/#website","url":"https:\/\/editionsbussiere.com\/blog\/","name":"EDITIONSBUSSIERE","description":"Editions \u00e9sot\u00e9rique fond\u00e9e en 1927; site historique, A SAVOIR ET RETENIR.","publisher":{"@id":"https:\/\/editionsbussiere.com\/blog\/#organization"},"potentialAction":[{"@type":"SearchAction","target":{"@type":"EntryPoint","urlTemplate":"https:\/\/editionsbussiere.com\/blog\/?s={search_term_string}"},"query-input":{"@type":"PropertyValueSpecification","valueRequired":true,"valueName":"search_term_string"}}],"inLanguage":"fr-FR"},{"@type":"Organization","@id":"https:\/\/editionsbussiere.com\/blog\/#organization","name":"editionsbussiere","url":"https:\/\/editionsbussiere.com\/blog\/","logo":{"@type":"ImageObject","inLanguage":"fr-FR","@id":"https:\/\/editionsbussiere.com\/blog\/#\/schema\/logo\/image\/","url":"https:\/\/editionsbussiere.com\/blog\/wp-content\/uploads\/2023\/09\/cropped-buss.gif","contentUrl":"https:\/\/editionsbussiere.com\/blog\/wp-content\/uploads\/2023\/09\/cropped-buss.gif","width":298,"height":120,"caption":"editionsbussiere"},"image":{"@id":"https:\/\/editionsbussiere.com\/blog\/#\/schema\/logo\/image\/"}},{"@type":"Person","@id":"https:\/\/editionsbussiere.com\/blog\/#\/schema\/person\/4a5a88a011c746b8f374d0810c79e536","name":"Jacques JOLIVET","image":{"@type":"ImageObject","inLanguage":"fr-FR","@id":"https:\/\/secure.gravatar.com\/avatar\/75a17b45476360ef3bfe45fcf0ffe89df5dc018eca14236e84b58f23a0570073?s=96&d=mm&r=g","url":"https:\/\/secure.gravatar.com\/avatar\/75a17b45476360ef3bfe45fcf0ffe89df5dc018eca14236e84b58f23a0570073?s=96&d=mm&r=g","contentUrl":"https:\/\/secure.gravatar.com\/avatar\/75a17b45476360ef3bfe45fcf0ffe89df5dc018eca14236e84b58f23a0570073?s=96&d=mm&r=g","caption":"Jacques JOLIVET"},"url":"https:\/\/editionsbussiere.com\/blog\/author\/erejacques\/"}]}},"_links":{"self":[{"href":"https:\/\/editionsbussiere.com\/blog\/wp-json\/wp\/v2\/posts\/1960","targetHints":{"allow":["GET"]}}],"collection":[{"href":"https:\/\/editionsbussiere.com\/blog\/wp-json\/wp\/v2\/posts"}],"about":[{"href":"https:\/\/editionsbussiere.com\/blog\/wp-json\/wp\/v2\/types\/post"}],"author":[{"embeddable":true,"href":"https:\/\/editionsbussiere.com\/blog\/wp-json\/wp\/v2\/users\/2"}],"replies":[{"embeddable":true,"href":"https:\/\/editionsbussiere.com\/blog\/wp-json\/wp\/v2\/comments?post=1960"}],"version-history":[{"count":0,"href":"https:\/\/editionsbussiere.com\/blog\/wp-json\/wp\/v2\/posts\/1960\/revisions"}],"wp:attachment":[{"href":"https:\/\/editionsbussiere.com\/blog\/wp-json\/wp\/v2\/media?parent=1960"}],"wp:term":[{"taxonomy":"category","embeddable":true,"href":"https:\/\/editionsbussiere.com\/blog\/wp-json\/wp\/v2\/categories?post=1960"},{"taxonomy":"post_tag","embeddable":true,"href":"https:\/\/editionsbussiere.com\/blog\/wp-json\/wp\/v2\/tags?post=1960"}],"curies":[{"name":"wp","href":"https:\/\/api.w.org\/{rel}","templated":true}]}}