{"id":1882,"date":"2025-07-04T21:01:42","date_gmt":"2025-07-04T19:01:42","guid":{"rendered":"https:\/\/editionsbussiere.com\/blog\/contribueur-a-un-movement-populaire-en-faveur-du-patrimoine-religoyux\/"},"modified":"2025-07-04T21:01:42","modified_gmt":"2025-07-04T19:01:42","slug":"contribueur-a-un-movement-populaire-en-faveur-du-patrimoine-religoyux","status":"publish","type":"post","link":"https:\/\/editionsbussiere.com\/blog\/contribueur-a-un-movement-populaire-en-faveur-du-patrimoine-religoyux\/","title":{"rendered":"\u00abContribueur \u00e0 un movement populaire en faveur du patrimoine religoyux\u00bb"},"content":{"rendered":"<div>\n<div id=\"\">\n<div class=\"align-left ibexa-embed-type-image\">\n<figure role=\"group\" aria-label=\"Olivier de Rohan-Chabot \u00a9 La Sauvegarde de l\u2019Art Fran\u00e7ais\" class=\"attribute-picture \">\n<div class=\"\">\n<picture class=\"\"><source type=\"image\/webp\" media=\"(min-width: 768px)\"><source media=\"(min-width: 768px)\"><img decoding=\"async\" src=\"https:\/\/editionsbussiere.com\/blog\/wp-content\/uploads\/2025\/07\/Contribueur-a-un-movement-populaire-en-faveur-du-patrimoine-religoyux.jpg\" alt=\"\" class=\"fr-responsive-img  alias_Moyenne_360x440 \" data-height=\"440 \" data-width=\"285 \"><\/picture>\n<\/div><figcaption class=\"fr-content-media__caption\" style=\"max-width: 285px\">\n<p>        Olivier de Rohan-Chabot \u00a9 la Sauvegarde de l&rsquo;art Fran\u00e7ais<\/p>\n<\/figcaption><\/figure>\n<\/div>\n<p>En 2023, Sous L&rsquo;Impulsion du Pr\u00e9sident de la R\u00e9publique, le Minist\u00e8re de la Culture A Pr\u00e9sent\u00e9 Un Plan d&rsquo;action en Faveur du Patrimoine Religi\u00e9ux dans les communes De Moins de 10 000 habitants. CE Plan, ne l&rsquo;ambition de pas de \u00ab<em> d\u00e9cloqueur toutes Les Contrents et Convertir en \u00e9nergie positif L&rsquo;\u00e9motion populaire<\/em> \u00bbPour Pr\u00e9server Le Patrimoine Religiby, confiait \u00e0 la Fondation du Patrimoine un Grande Collecte Nationalale Destin\u00e9e \u00e0 Lever des Dons pour le Finance les Travaux de restauration, d&rsquo;Entretien et de conservation du Patrimoine Religieux Immobilier. Un Texte de Loi \u2013 L&rsquo;article 30 de la Loi de Finances pour 2024 \u2013 En Fixait le Cadre Fiscal: Les Donateurs Qui B\u00e9n\u00e9ficieront d&rsquo;Unse r\u00e9duction fiscale exceptionnel de 75% au Titre de l&rsquo;Imp\u00f4t Sur le Revenu Jusqu&rsquo;\u00e0 1 000 \u20ac Par anivent \u00eatre des Personnes physiques. Verser Les Personnes Morales, c&rsquo;est le fiscalit\u00e9 de droit communaut qui s&rsquo;applique.<\/p>\n<p>Une ambition unie renforcee cette annee par la loi de finances pour 2025 Qui a \u00e9tendu \u00e0 toutes Les Fondations reconna\u00eet \u00e0 utilit\u00e9 publique la possibilit\u00e9 de participant \u00e0 cette collection nationale. La Fondation pour la sauvegarde de l&rsquo;art Fran\u00e7ais est de Celes-Ci. ENTOUR\u00c9E D&rsquo;UN R\u00c9SEAU D&rsquo;EXPERTS EN ARCHITECTURE ET EN HISTORE DE L&rsquo;ART, CETTE Fondation, Qui est Devenue le Principal M\u00e9c\u00e8ne des \u00c9glises Rurales en P\u00e9rille, \u0153Uvre, Depuis Plus d&rsquo;Un Si\u00e8cle, \u00e0 la Pr\u00e9servation du Patrimeux. Une position un que Conforte la signature Avec le Minist\u00e8re de la Culture, Vendredi 4 Juillet, D&rsquo;UNE Convention-Cadre Marquant Le Lancement D&rsquo;UNE COLLECTE Nationale de Dons D\u00e9di\u00e9e au Patrimoine Religiby. Entretien Avec fils Pr\u00e9sident Olivier de Rohan-Chabot.<\/p>\n<p><strong>Quelles Sont Les Missions de la Sauvegarde de l&rsquo;art Fran\u00e7ais?<\/strong><\/p>\n<p>L&rsquo;Association, Qui est Devenue en 2017 la Fondation pour la sauvegarde de l&rsquo;art Fran\u00e7ais, est n\u00e9e au pr\u00eate de la Premi\u00e8re Guerre Mondiale. En cette periode de reconstruction, l&rsquo;objectif \u00e9tait double: sauver le patrimoine endommag\u00e9 et lutter contre l&rsquo;Exil des \u0153uvres d&rsquo;Art Hors de France. La Sauvegarde de l&rsquo;art Fran\u00e7ais a Ainsi Jou\u00e9 un R\u00f4le Important Entre Les deux Guerres pour emp\u00eacher L&rsquo;Eppatriation d&rsquo;Un Nombre d&rsquo;Erts d&rsquo;Arts. A parttir de 1972, Elle Arichi Son Activit\u00e9 en Se proposant de Venir en Aide \u00e0 la restauration des \u00c9difices Religiang Ruraux. DePuis, La Sauvegarde de l&rsquo;art Fran\u00e7ais est Devenue le Premier M\u00e9c\u00e8ne des \u00c9glises Rurales. Intervention de Notre reposent sur les axes sur trois. Le tout d&rsquo;Abord en Mati\u00e8re d&rsquo;\u00c9ducation. Chaque Fran\u00e7ais Doit Connautre la Beaut\u00e9 de Son paie et s&rsquo;a S&rsquo;en Senir Responsable: CE Patrimoine Appartient \u00e0 Tous. Sesuite en Ansur\u00e9, en Soutenant La Restauration des \u00c9difices Eux-M&rsquo;-M\u00caMES. Enfin, Enderant La restauration des \u0153uvres d&rsquo;art Pr\u00e9sentes dans les \u00e9difices dans le came de la campagne \u00able plus Grand Mus\u00e9e de France\u00bb lanc\u00e9e en 2013.<\/p>\n<p><strong>Quelles Sont Les Caract\u00e9riques de Ce patrimoine religieux?<\/strong><\/p>\n<p>Il faut en premier lieu de l&rsquo;\u00e2me que le patrimoine religieux represente \u00e0 lui seul la Moiti\u00e9 du Patrimoine Fran\u00e7ais, ce qui est consid\u00e9rable. Fils Autre Caract\u00e9ristique Principale, C&rsquo;EST Qu&rsquo;il s&rsquo;agit d&rsquo;Un Patrimoine Souvent Menac\u00e9. Menac\u00e9 d&rsquo;Un Point de Vue Architectural, bien S\u00fbr. Menac\u00e9, Aussi, par la diminution des Fid\u00e8les et des habitants, ce qui ne va va mal sans difficile la restauration SA. Quand il faut r\u00e9parer un-\u00e9glise du xiiie si\u00e8cle classique aU titre des monuments historiques dans un village de 200 habitants, ces derniers sont dans l&rsquo;amplibilit\u00e9 de prerendre \u00e0 leur charge ces r\u00e9parations. A L&rsquo;\u00e9mission des aides de l&rsquo;\u00c9tat et des collectivit\u00e9s, le reste \u00e0 charger est souvent trop important pour les communes, d&rsquo;o\u00f9 l&rsquo;importance de faire un appel \u00e0 un M\u00e9c\u00e9nat populaire. L&rsquo;intervention de Notre est consacr\u00e9e \u00e0 F\u00e9d\u00e9rer. Il faut ausiser l&rsquo;\u00e2me que les aistons aux ulous \u00e0 un vrai changement de mental de pr\u00e9occupation Le M\u00e9c\u00e9nat Religiby. Jusqu&rsquo;\u00e0 un\u00e9 \u00e9poque R\u00e9centement, sur s&rsquo;en Pr\u00e9occupait Peu, PUIS, il ya un unizaine d&rsquo;Anm\u00e9es, unse du prix de la conscience de la menace qui p\u00e8se sur ce patrimoine est l&rsquo;appareil. Un movement qui va va de la paire avec L&rsquo;engouement des Fran\u00e7ais pour le patrimoine. Enfin, il ya deux Ans, \u00e0 Semur-en-Aauxois, le Pr\u00e9sident de la R\u00e9publique a pour la Premi\u00e8re Fois Nomm\u00e9ment designed ce patrimoine, autre avanc\u00e9e non \u00bb, comme l&rsquo;\u00e2me le Pr\u00e9sident de la R\u00e9publique.<\/p>\n<p><strong>Quelle est l&rsquo;originalt\u00e9 de la Grande Collecte de Dons que Scelle la Signature de la Convention-Cadre Avec le Minist\u00e8re de la Culture?<\/strong><\/p>\n<p>AVEC CETTE Recape, les Avons Cherch\u00e9, nous Aussi, \u00e0 Faire \u00e9voluer les mentaux, en adoptant un de laMarche qui Mise \u00e0 la Fois sur la Proximit\u00e9 et sur la participation. Nous allons contribueur \u00e0 sauver un-\u00e9glise par r\u00e9gion, en en propose trois. Leur Point Commun: Elles sur les toutes Sesoin d&rsquo;Un Soutien Financier. PUIS \u2013 SECONDE \u00c9TAPE \u2013 Organisateur des allons de l&rsquo;ONU Populaire Qui Permettra de D\u00e9tartager Ces \u00c9glises. Le public Sera Donc Amen\u00e9 \u00e0 Connautre le Sujet, S&rsquo;y Interessher et, en definitive, Se l&rsquo;approrier.  Les intervenons de Nous duj\u00e0 de cette fa\u00e7onne avec le groupe allianz dans le cadre de la campagne \u00able plus Grand Mus\u00e9e de France\u00bb et les R\u00e9sultats Sont le. Le groupe demande \u00e0 ses employ\u00e9s de Choisir Trois \u0153urs d&rsquo;Art qui Onto Ontoin Ontoin d&rsquo;\u00eatre. Le Choix est Soumis \u00e0 un vote sur Internet. Il ya eu 30 000 votants la Premi\u00e8re Ann\u00e9e, 100 000 CETTE Annee.<\/p>\n<p><strong>Convention de CETT Quel Sens, plus largement, Rev\u00eat-Elle pour Vous?  <\/strong><\/p>\n<p>LA Convention RecondaT de Notre Expertise en Mati\u00e8re de Patrimoine Religiby, ce qui particulement valorisant pour nous. De Fait, nous examinons tous les dossiers, Qu&rsquo;il s&rsquo;agisse d&rsquo;Une Simple Chapelle ou D&rsquo;Un monument Class\u00e9, Avec UNE MAIME Comp\u00e9tence Scientifique. Dossier Chaque EXAMENT AU MINIMUM PAR UN ARCHITECTE EN CHEF des monuments Historiques et un Historien d&rsquo;Arts, Tous B\u00e9n\u00e9voles. CE R\u00c9SEAU D&rsquo;EXP\u00c9RIEURS Passionnes, Qui existe Depuis L&rsquo;Origine et Ne cesse de Cro\u00eet, est la Grande Force de la Sauvegarde de l&rsquo;art Fran\u00e7ais. A Travers CETTE Convention, Notre Objectif est de Contribueer \u00e0 Un Un Movement Populaire en Faveur de la restauration de ce patrimoine. TOT CE QUI PEUT \u00caTRE ENTRESREPRIS POUR MIEUX LE FAIRE CONNAITRE ET DONNER Conscience Aux Gens Qu&rsquo;ils en Sont Responables est une Bonne choisie. La Convention Rend Concr\u00e8re la Proposition du Pr\u00e9sident de la R\u00e9publique \u00e0 Semur-en-Aauxois de Donner un Nouvelle Impulsion \u00e0 la Pr\u00e9servation du Patrimoine Religiby.<\/p>\n<div class=\"fr-callout\">\n<h2>Convention unie renforce la collecne nationale pour le patrimoine religoyux<\/h2>\n<p>Signee le 4 Juillet au Minist\u00e8re de la Culture, une convention unie pose le Cadre d&rsquo;Unse Relation P\u00e9renne Entre le Minist\u00e8re de la Culture et La Sauvegarde de L&rsquo;Art Fran\u00e7ais AFIN DE RENFORCER Les Synergies Autour des Actions Suivant: <br \/>\u2013 La participation active aux instances nationales et r\u00e9gionales sur les questions patrimoniales;<br \/>\u2013 La Sauvegarde et la Transmission du Patrimoine Religiby;<br \/>\u2013 L&rsquo;accompaccord des Porters de Projets de Restauration du Patrimoine, Notamment en Milieu Rural;<br \/>\u2013 la mobilisation \u00e9ducative et la transmission et la valorisation des savoirs.<br \/>Convention sur les c\u00e8tes, conclue pour un de dur\u00e9e de trois, T\u00e9moigne de la Volont\u00e9 Partag\u00e9e d&rsquo;Assurer la Transmission du Patrimoine aux G\u00e9n\u00e9rations Futures et de Garantir Son Rayonnation \u00e0 Travers Le Territoire Fran\u00e7ais.<\/p>\n<\/div>\n<h2> <\/h2>\n<\/div>\n<\/div>\n<p><img decoding=\"async\" class=\"wpe_imgrss\" src=\"https:\/\/editionsbussiere.com\/blog\/wp-content\/uploads\/2025\/07\/Contribueur-a-un-movement-populaire-en-faveur-du-patrimoine-religoyux.jpg\">Le site editionsbussiere.com est fait afin de fournir diff\u00e9rentes publications sur la th\u00e9matique Editions \u00e9sot\u00e9rique fond\u00e9e en 1927 publi\u00e9es sur internet. editionsbussiere.com vous a concoct\u00e9 cet article qui informe du th\u00e8me \u00ab\u00a0Editions \u00e9sot\u00e9rique fond\u00e9e en 1927\u00a0\u00bb. Ce texte a \u00e9t\u00e9 r\u00e9\u00e9dit\u00e9 de la mani\u00e8re la plus compl\u00e8te qui soit. Si jamais vous souhaitez apporter quelques modifications concernant le domaine de \u00ab\u00a0Editions \u00e9sot\u00e9rique fond\u00e9e en 1927\u00a0\u00bb il est possible de d&rsquo;\u00e9changer avec notre \u00e9quipe. En visitant plusieurs fois notre blog vous serez au courant des prochaines annonces.<\/p>\n","protected":false},"excerpt":{"rendered":"<p>Olivier de Rohan-Chabot \u00a9 la Sauvegarde de l&rsquo;art Fran\u00e7ais En 2023, Sous L&rsquo;Impulsion du Pr\u00e9sident de la R\u00e9publique, le Minist\u00e8re de la Culture A Pr\u00e9sent\u00e9 Un Plan d&rsquo;action en Faveur du Patrimoine Religi\u00e9ux dans les communes De Moins de 10 000 habitants. CE Plan, ne l&rsquo;ambition de pas de \u00ab d\u00e9cloqueur toutes Les Contrents et [&hellip;]<\/p>\n","protected":false},"author":2,"featured_media":1883,"comment_status":"closed","ping_status":"closed","sticky":false,"template":"","format":"standard","meta":{"footnotes":""},"categories":[2],"tags":[],"class_list":["post-1882","post","type-post","status-publish","format-standard","has-post-thumbnail","hentry","category-editions-esoterique-fondee-en-1927","entry","fw-tab-6 fw-tabr-4","has-featured-image"],"yoast_head":"<!-- This site is optimized with the Yoast SEO plugin v27.5 - https:\/\/yoast.com\/product\/yoast-seo-wordpress\/ -->\n<title>\u00abContribueur \u00e0 un movement populaire en faveur du patrimoine religoyux\u00bb - EDITIONSBUSSIERE<\/title>\n<meta name=\"robots\" content=\"index, follow, max-snippet:-1, max-image-preview:large, max-video-preview:-1\" \/>\n<link rel=\"canonical\" href=\"https:\/\/editionsbussiere.com\/blog\/contribueur-a-un-movement-populaire-en-faveur-du-patrimoine-religoyux\/\" \/>\n<meta property=\"og:locale\" content=\"fr_FR\" \/>\n<meta property=\"og:type\" content=\"article\" \/>\n<meta property=\"og:title\" content=\"\u00abContribueur \u00e0 un movement populaire en faveur du patrimoine religoyux\u00bb - EDITIONSBUSSIERE\" \/>\n<meta property=\"og:description\" content=\"Olivier de Rohan-Chabot \u00a9 la Sauvegarde de l&rsquo;art Fran\u00e7ais En 2023, Sous L&rsquo;Impulsion du Pr\u00e9sident de la R\u00e9publique, le Minist\u00e8re de la Culture A Pr\u00e9sent\u00e9 Un Plan d&rsquo;action en Faveur du Patrimoine Religi\u00e9ux dans les communes De Moins de 10 000 habitants. CE Plan, ne l&rsquo;ambition de pas de \u00ab d\u00e9cloqueur toutes Les Contrents et [&hellip;]\" \/>\n<meta property=\"og:url\" content=\"https:\/\/editionsbussiere.com\/blog\/contribueur-a-un-movement-populaire-en-faveur-du-patrimoine-religoyux\/\" \/>\n<meta property=\"og:site_name\" content=\"EDITIONSBUSSIERE\" \/>\n<meta property=\"article:published_time\" content=\"2025-07-04T19:01:42+00:00\" \/>\n<meta property=\"og:image\" content=\"https:\/\/editionsbussiere.com\/blog\/wp-content\/uploads\/2025\/07\/Contribueur-a-un-movement-populaire-en-faveur-du-patrimoine-religoyux.jpg\" \/>\n<meta name=\"author\" content=\"Jacques JOLIVET\" \/>\n<meta name=\"twitter:card\" content=\"summary_large_image\" \/>\n<meta name=\"twitter:label1\" content=\"\u00c9crit par\" \/>\n\t<meta name=\"twitter:data1\" content=\"Jacques JOLIVET\" \/>\n\t<meta name=\"twitter:label2\" content=\"Dur\u00e9e de lecture estim\u00e9e\" \/>\n\t<meta name=\"twitter:data2\" content=\"7 minutes\" \/>\n<script type=\"application\/ld+json\" class=\"yoast-schema-graph\">{\"@context\":\"https:\\\/\\\/schema.org\",\"@graph\":[{\"@type\":\"Article\",\"@id\":\"https:\\\/\\\/editionsbussiere.com\\\/blog\\\/contribueur-a-un-movement-populaire-en-faveur-du-patrimoine-religoyux\\\/#article\",\"isPartOf\":{\"@id\":\"https:\\\/\\\/editionsbussiere.com\\\/blog\\\/contribueur-a-un-movement-populaire-en-faveur-du-patrimoine-religoyux\\\/\"},\"author\":{\"name\":\"Jacques JOLIVET\",\"@id\":\"https:\\\/\\\/editionsbussiere.com\\\/blog\\\/#\\\/schema\\\/person\\\/4a5a88a011c746b8f374d0810c79e536\"},\"headline\":\"\u00abContribueur \u00e0 un movement populaire en faveur du patrimoine religoyux\u00bb\",\"datePublished\":\"2025-07-04T19:01:42+00:00\",\"mainEntityOfPage\":{\"@id\":\"https:\\\/\\\/editionsbussiere.com\\\/blog\\\/contribueur-a-un-movement-populaire-en-faveur-du-patrimoine-religoyux\\\/\"},\"wordCount\":1325,\"publisher\":{\"@id\":\"https:\\\/\\\/editionsbussiere.com\\\/blog\\\/#organization\"},\"image\":{\"@id\":\"https:\\\/\\\/editionsbussiere.com\\\/blog\\\/contribueur-a-un-movement-populaire-en-faveur-du-patrimoine-religoyux\\\/#primaryimage\"},\"thumbnailUrl\":\"https:\\\/\\\/editionsbussiere.com\\\/blog\\\/wp-content\\\/uploads\\\/2025\\\/07\\\/Contribueur-a-un-movement-populaire-en-faveur-du-patrimoine-religoyux.jpg\",\"articleSection\":[\"Editions \u00c9sot\u00e9rique Fond\u00e9e En 1927:\"],\"inLanguage\":\"fr-FR\"},{\"@type\":\"WebPage\",\"@id\":\"https:\\\/\\\/editionsbussiere.com\\\/blog\\\/contribueur-a-un-movement-populaire-en-faveur-du-patrimoine-religoyux\\\/\",\"url\":\"https:\\\/\\\/editionsbussiere.com\\\/blog\\\/contribueur-a-un-movement-populaire-en-faveur-du-patrimoine-religoyux\\\/\",\"name\":\"\u00abContribueur \u00e0 un movement populaire en faveur du patrimoine religoyux\u00bb - EDITIONSBUSSIERE\",\"isPartOf\":{\"@id\":\"https:\\\/\\\/editionsbussiere.com\\\/blog\\\/#website\"},\"primaryImageOfPage\":{\"@id\":\"https:\\\/\\\/editionsbussiere.com\\\/blog\\\/contribueur-a-un-movement-populaire-en-faveur-du-patrimoine-religoyux\\\/#primaryimage\"},\"image\":{\"@id\":\"https:\\\/\\\/editionsbussiere.com\\\/blog\\\/contribueur-a-un-movement-populaire-en-faveur-du-patrimoine-religoyux\\\/#primaryimage\"},\"thumbnailUrl\":\"https:\\\/\\\/editionsbussiere.com\\\/blog\\\/wp-content\\\/uploads\\\/2025\\\/07\\\/Contribueur-a-un-movement-populaire-en-faveur-du-patrimoine-religoyux.jpg\",\"datePublished\":\"2025-07-04T19:01:42+00:00\",\"breadcrumb\":{\"@id\":\"https:\\\/\\\/editionsbussiere.com\\\/blog\\\/contribueur-a-un-movement-populaire-en-faveur-du-patrimoine-religoyux\\\/#breadcrumb\"},\"inLanguage\":\"fr-FR\",\"potentialAction\":[{\"@type\":\"ReadAction\",\"target\":[\"https:\\\/\\\/editionsbussiere.com\\\/blog\\\/contribueur-a-un-movement-populaire-en-faveur-du-patrimoine-religoyux\\\/\"]}]},{\"@type\":\"ImageObject\",\"inLanguage\":\"fr-FR\",\"@id\":\"https:\\\/\\\/editionsbussiere.com\\\/blog\\\/contribueur-a-un-movement-populaire-en-faveur-du-patrimoine-religoyux\\\/#primaryimage\",\"url\":\"https:\\\/\\\/editionsbussiere.com\\\/blog\\\/wp-content\\\/uploads\\\/2025\\\/07\\\/Contribueur-a-un-movement-populaire-en-faveur-du-patrimoine-religoyux.jpg\",\"contentUrl\":\"https:\\\/\\\/editionsbussiere.com\\\/blog\\\/wp-content\\\/uploads\\\/2025\\\/07\\\/Contribueur-a-un-movement-populaire-en-faveur-du-patrimoine-religoyux.jpg\",\"width\":285,\"height\":440,\"caption\":\"Contribueur a un movement populaire en faveur du patrimoine religoyux\"},{\"@type\":\"BreadcrumbList\",\"@id\":\"https:\\\/\\\/editionsbussiere.com\\\/blog\\\/contribueur-a-un-movement-populaire-en-faveur-du-patrimoine-religoyux\\\/#breadcrumb\",\"itemListElement\":[{\"@type\":\"ListItem\",\"position\":1,\"name\":\"Accueil\",\"item\":\"https:\\\/\\\/editionsbussiere.com\\\/blog\\\/\"},{\"@type\":\"ListItem\",\"position\":2,\"name\":\"\u00abContribueur \u00e0 un movement populaire en faveur du patrimoine religoyux\u00bb\"}]},{\"@type\":\"WebSite\",\"@id\":\"https:\\\/\\\/editionsbussiere.com\\\/blog\\\/#website\",\"url\":\"https:\\\/\\\/editionsbussiere.com\\\/blog\\\/\",\"name\":\"EDITIONSBUSSIERE\",\"description\":\"Editions \u00e9sot\u00e9rique fond\u00e9e en 1927; site historique, A SAVOIR ET RETENIR.\",\"publisher\":{\"@id\":\"https:\\\/\\\/editionsbussiere.com\\\/blog\\\/#organization\"},\"potentialAction\":[{\"@type\":\"SearchAction\",\"target\":{\"@type\":\"EntryPoint\",\"urlTemplate\":\"https:\\\/\\\/editionsbussiere.com\\\/blog\\\/?s={search_term_string}\"},\"query-input\":{\"@type\":\"PropertyValueSpecification\",\"valueRequired\":true,\"valueName\":\"search_term_string\"}}],\"inLanguage\":\"fr-FR\"},{\"@type\":\"Organization\",\"@id\":\"https:\\\/\\\/editionsbussiere.com\\\/blog\\\/#organization\",\"name\":\"editionsbussiere\",\"url\":\"https:\\\/\\\/editionsbussiere.com\\\/blog\\\/\",\"logo\":{\"@type\":\"ImageObject\",\"inLanguage\":\"fr-FR\",\"@id\":\"https:\\\/\\\/editionsbussiere.com\\\/blog\\\/#\\\/schema\\\/logo\\\/image\\\/\",\"url\":\"https:\\\/\\\/editionsbussiere.com\\\/blog\\\/wp-content\\\/uploads\\\/2023\\\/09\\\/cropped-buss.gif\",\"contentUrl\":\"https:\\\/\\\/editionsbussiere.com\\\/blog\\\/wp-content\\\/uploads\\\/2023\\\/09\\\/cropped-buss.gif\",\"width\":298,\"height\":120,\"caption\":\"editionsbussiere\"},\"image\":{\"@id\":\"https:\\\/\\\/editionsbussiere.com\\\/blog\\\/#\\\/schema\\\/logo\\\/image\\\/\"}},{\"@type\":\"Person\",\"@id\":\"https:\\\/\\\/editionsbussiere.com\\\/blog\\\/#\\\/schema\\\/person\\\/4a5a88a011c746b8f374d0810c79e536\",\"name\":\"Jacques JOLIVET\",\"image\":{\"@type\":\"ImageObject\",\"inLanguage\":\"fr-FR\",\"@id\":\"https:\\\/\\\/secure.gravatar.com\\\/avatar\\\/75a17b45476360ef3bfe45fcf0ffe89df5dc018eca14236e84b58f23a0570073?s=96&d=mm&r=g\",\"url\":\"https:\\\/\\\/secure.gravatar.com\\\/avatar\\\/75a17b45476360ef3bfe45fcf0ffe89df5dc018eca14236e84b58f23a0570073?s=96&d=mm&r=g\",\"contentUrl\":\"https:\\\/\\\/secure.gravatar.com\\\/avatar\\\/75a17b45476360ef3bfe45fcf0ffe89df5dc018eca14236e84b58f23a0570073?s=96&d=mm&r=g\",\"caption\":\"Jacques JOLIVET\"},\"url\":\"https:\\\/\\\/editionsbussiere.com\\\/blog\\\/author\\\/erejacques\\\/\"}]}<\/script>\n<!-- \/ Yoast SEO plugin. -->","yoast_head_json":{"title":"\u00abContribueur \u00e0 un movement populaire en faveur du patrimoine religoyux\u00bb - EDITIONSBUSSIERE","robots":{"index":"index","follow":"follow","max-snippet":"max-snippet:-1","max-image-preview":"max-image-preview:large","max-video-preview":"max-video-preview:-1"},"canonical":"https:\/\/editionsbussiere.com\/blog\/contribueur-a-un-movement-populaire-en-faveur-du-patrimoine-religoyux\/","og_locale":"fr_FR","og_type":"article","og_title":"\u00abContribueur \u00e0 un movement populaire en faveur du patrimoine religoyux\u00bb - EDITIONSBUSSIERE","og_description":"Olivier de Rohan-Chabot \u00a9 la Sauvegarde de l&rsquo;art Fran\u00e7ais En 2023, Sous L&rsquo;Impulsion du Pr\u00e9sident de la R\u00e9publique, le Minist\u00e8re de la Culture A Pr\u00e9sent\u00e9 Un Plan d&rsquo;action en Faveur du Patrimoine Religi\u00e9ux dans les communes De Moins de 10 000 habitants. CE Plan, ne l&rsquo;ambition de pas de \u00ab d\u00e9cloqueur toutes Les Contrents et [&hellip;]","og_url":"https:\/\/editionsbussiere.com\/blog\/contribueur-a-un-movement-populaire-en-faveur-du-patrimoine-religoyux\/","og_site_name":"EDITIONSBUSSIERE","article_published_time":"2025-07-04T19:01:42+00:00","og_image":[{"url":"https:\/\/editionsbussiere.com\/blog\/wp-content\/uploads\/2025\/07\/Contribueur-a-un-movement-populaire-en-faveur-du-patrimoine-religoyux.jpg","type":"","width":"","height":""}],"author":"Jacques JOLIVET","twitter_card":"summary_large_image","twitter_misc":{"\u00c9crit par":"Jacques JOLIVET","Dur\u00e9e de lecture estim\u00e9e":"7 minutes"},"schema":{"@context":"https:\/\/schema.org","@graph":[{"@type":"Article","@id":"https:\/\/editionsbussiere.com\/blog\/contribueur-a-un-movement-populaire-en-faveur-du-patrimoine-religoyux\/#article","isPartOf":{"@id":"https:\/\/editionsbussiere.com\/blog\/contribueur-a-un-movement-populaire-en-faveur-du-patrimoine-religoyux\/"},"author":{"name":"Jacques JOLIVET","@id":"https:\/\/editionsbussiere.com\/blog\/#\/schema\/person\/4a5a88a011c746b8f374d0810c79e536"},"headline":"\u00abContribueur \u00e0 un movement populaire en faveur du patrimoine religoyux\u00bb","datePublished":"2025-07-04T19:01:42+00:00","mainEntityOfPage":{"@id":"https:\/\/editionsbussiere.com\/blog\/contribueur-a-un-movement-populaire-en-faveur-du-patrimoine-religoyux\/"},"wordCount":1325,"publisher":{"@id":"https:\/\/editionsbussiere.com\/blog\/#organization"},"image":{"@id":"https:\/\/editionsbussiere.com\/blog\/contribueur-a-un-movement-populaire-en-faveur-du-patrimoine-religoyux\/#primaryimage"},"thumbnailUrl":"https:\/\/editionsbussiere.com\/blog\/wp-content\/uploads\/2025\/07\/Contribueur-a-un-movement-populaire-en-faveur-du-patrimoine-religoyux.jpg","articleSection":["Editions \u00c9sot\u00e9rique Fond\u00e9e En 1927:"],"inLanguage":"fr-FR"},{"@type":"WebPage","@id":"https:\/\/editionsbussiere.com\/blog\/contribueur-a-un-movement-populaire-en-faveur-du-patrimoine-religoyux\/","url":"https:\/\/editionsbussiere.com\/blog\/contribueur-a-un-movement-populaire-en-faveur-du-patrimoine-religoyux\/","name":"\u00abContribueur \u00e0 un movement populaire en faveur du patrimoine religoyux\u00bb - EDITIONSBUSSIERE","isPartOf":{"@id":"https:\/\/editionsbussiere.com\/blog\/#website"},"primaryImageOfPage":{"@id":"https:\/\/editionsbussiere.com\/blog\/contribueur-a-un-movement-populaire-en-faveur-du-patrimoine-religoyux\/#primaryimage"},"image":{"@id":"https:\/\/editionsbussiere.com\/blog\/contribueur-a-un-movement-populaire-en-faveur-du-patrimoine-religoyux\/#primaryimage"},"thumbnailUrl":"https:\/\/editionsbussiere.com\/blog\/wp-content\/uploads\/2025\/07\/Contribueur-a-un-movement-populaire-en-faveur-du-patrimoine-religoyux.jpg","datePublished":"2025-07-04T19:01:42+00:00","breadcrumb":{"@id":"https:\/\/editionsbussiere.com\/blog\/contribueur-a-un-movement-populaire-en-faveur-du-patrimoine-religoyux\/#breadcrumb"},"inLanguage":"fr-FR","potentialAction":[{"@type":"ReadAction","target":["https:\/\/editionsbussiere.com\/blog\/contribueur-a-un-movement-populaire-en-faveur-du-patrimoine-religoyux\/"]}]},{"@type":"ImageObject","inLanguage":"fr-FR","@id":"https:\/\/editionsbussiere.com\/blog\/contribueur-a-un-movement-populaire-en-faveur-du-patrimoine-religoyux\/#primaryimage","url":"https:\/\/editionsbussiere.com\/blog\/wp-content\/uploads\/2025\/07\/Contribueur-a-un-movement-populaire-en-faveur-du-patrimoine-religoyux.jpg","contentUrl":"https:\/\/editionsbussiere.com\/blog\/wp-content\/uploads\/2025\/07\/Contribueur-a-un-movement-populaire-en-faveur-du-patrimoine-religoyux.jpg","width":285,"height":440,"caption":"Contribueur a un movement populaire en faveur du patrimoine religoyux"},{"@type":"BreadcrumbList","@id":"https:\/\/editionsbussiere.com\/blog\/contribueur-a-un-movement-populaire-en-faveur-du-patrimoine-religoyux\/#breadcrumb","itemListElement":[{"@type":"ListItem","position":1,"name":"Accueil","item":"https:\/\/editionsbussiere.com\/blog\/"},{"@type":"ListItem","position":2,"name":"\u00abContribueur \u00e0 un movement populaire en faveur du patrimoine religoyux\u00bb"}]},{"@type":"WebSite","@id":"https:\/\/editionsbussiere.com\/blog\/#website","url":"https:\/\/editionsbussiere.com\/blog\/","name":"EDITIONSBUSSIERE","description":"Editions \u00e9sot\u00e9rique fond\u00e9e en 1927; site historique, A SAVOIR ET RETENIR.","publisher":{"@id":"https:\/\/editionsbussiere.com\/blog\/#organization"},"potentialAction":[{"@type":"SearchAction","target":{"@type":"EntryPoint","urlTemplate":"https:\/\/editionsbussiere.com\/blog\/?s={search_term_string}"},"query-input":{"@type":"PropertyValueSpecification","valueRequired":true,"valueName":"search_term_string"}}],"inLanguage":"fr-FR"},{"@type":"Organization","@id":"https:\/\/editionsbussiere.com\/blog\/#organization","name":"editionsbussiere","url":"https:\/\/editionsbussiere.com\/blog\/","logo":{"@type":"ImageObject","inLanguage":"fr-FR","@id":"https:\/\/editionsbussiere.com\/blog\/#\/schema\/logo\/image\/","url":"https:\/\/editionsbussiere.com\/blog\/wp-content\/uploads\/2023\/09\/cropped-buss.gif","contentUrl":"https:\/\/editionsbussiere.com\/blog\/wp-content\/uploads\/2023\/09\/cropped-buss.gif","width":298,"height":120,"caption":"editionsbussiere"},"image":{"@id":"https:\/\/editionsbussiere.com\/blog\/#\/schema\/logo\/image\/"}},{"@type":"Person","@id":"https:\/\/editionsbussiere.com\/blog\/#\/schema\/person\/4a5a88a011c746b8f374d0810c79e536","name":"Jacques JOLIVET","image":{"@type":"ImageObject","inLanguage":"fr-FR","@id":"https:\/\/secure.gravatar.com\/avatar\/75a17b45476360ef3bfe45fcf0ffe89df5dc018eca14236e84b58f23a0570073?s=96&d=mm&r=g","url":"https:\/\/secure.gravatar.com\/avatar\/75a17b45476360ef3bfe45fcf0ffe89df5dc018eca14236e84b58f23a0570073?s=96&d=mm&r=g","contentUrl":"https:\/\/secure.gravatar.com\/avatar\/75a17b45476360ef3bfe45fcf0ffe89df5dc018eca14236e84b58f23a0570073?s=96&d=mm&r=g","caption":"Jacques JOLIVET"},"url":"https:\/\/editionsbussiere.com\/blog\/author\/erejacques\/"}]}},"_links":{"self":[{"href":"https:\/\/editionsbussiere.com\/blog\/wp-json\/wp\/v2\/posts\/1882","targetHints":{"allow":["GET"]}}],"collection":[{"href":"https:\/\/editionsbussiere.com\/blog\/wp-json\/wp\/v2\/posts"}],"about":[{"href":"https:\/\/editionsbussiere.com\/blog\/wp-json\/wp\/v2\/types\/post"}],"author":[{"embeddable":true,"href":"https:\/\/editionsbussiere.com\/blog\/wp-json\/wp\/v2\/users\/2"}],"replies":[{"embeddable":true,"href":"https:\/\/editionsbussiere.com\/blog\/wp-json\/wp\/v2\/comments?post=1882"}],"version-history":[{"count":0,"href":"https:\/\/editionsbussiere.com\/blog\/wp-json\/wp\/v2\/posts\/1882\/revisions"}],"wp:featuredmedia":[{"embeddable":true,"href":"https:\/\/editionsbussiere.com\/blog\/wp-json\/wp\/v2\/media\/1883"}],"wp:attachment":[{"href":"https:\/\/editionsbussiere.com\/blog\/wp-json\/wp\/v2\/media?parent=1882"}],"wp:term":[{"taxonomy":"category","embeddable":true,"href":"https:\/\/editionsbussiere.com\/blog\/wp-json\/wp\/v2\/categories?post=1882"},{"taxonomy":"post_tag","embeddable":true,"href":"https:\/\/editionsbussiere.com\/blog\/wp-json\/wp\/v2\/tags?post=1882"}],"curies":[{"name":"wp","href":"https:\/\/api.w.org\/{rel}","templated":true}]}}