{"id":1878,"date":"2025-07-01T18:13:42","date_gmt":"2025-07-01T16:13:42","guid":{"rendered":"https:\/\/editionsbussiere.com\/blog\/dix-ans-de-valorisation-de-lentrepreneuriat-culturel\/"},"modified":"2025-07-01T18:13:42","modified_gmt":"2025-07-01T16:13:42","slug":"dix-ans-de-valorisation-de-lentrepreneuriat-culturel","status":"publish","type":"post","link":"https:\/\/editionsbussiere.com\/blog\/dix-ans-de-valorisation-de-lentrepreneuriat-culturel\/","title":{"rendered":"Dix Ans de Valorisation de l&rsquo;Entrepreneuriat Culturel"},"content":{"rendered":"<div>\n<div id=\"\">\n<p>Il s&rsquo;agit d&rsquo;Un Rendez-vous Inconvenable, Chaque Ann\u00e9e: Le Forum Entreprendre dans la Culture s&rsquo;inscrit comme les TEMPS FORTS DE L&rsquo;ANN\u00c9E POUR LES INDUSTRIES Culturelles et Cr\u00e9atifs de Valorisation de l&rsquo;Entrepreneuriat. Pendant Trois Tours, du 1<sup>er<\/sup> AU 3 JUILET \u00c0 L&rsquo;ECOLE Nationale Sup\u00e9rieure d&rsquo;architecture (ENSA) de Paris-Belleville, Sont Assettus Pr\u00e8s de 2 500 Participants et 250 Intervenants. ILS Assisteront \u00e0 Environ 120 Tables Rondes et Ateliers Sur des TH\u00c8MES AUSSI PLUFICES LE FINANCEMENT, L&rsquo;ACCOMPAGNATION, LA STRUCTURE DE PROJETS, MaisSI SUR L&rsquo;\u00c9VOLUTION DU SECTEUR Culturel Face AUX Nouveaux Usages et \u00e0 la transition Nume.<\/p>\n<p>C&rsquo;est lors de cet \u00e9v\u00e9neement Qu&rsquo;EST REMIS LE PRIX IFCIC \u2013 ENTRENDRE DANS LA Culture, co-financ\u00e9 Par l&rsquo;Institut pour le financement du Cin\u00e9ma et des Industries Culturelles (ifcic) et le Minist\u00e8re de la Culture. Il r\u00e9compense lors de chaque \u00e9dition, Cinq entreprises ou associations qui ont unvelopp\u00e9, innovable innovable, innovante, origine, responsable et durable. Objectif: Mettre en Valeur des D\u00e9marches Entrepreneuriales Cr\u00e9atives, les Soutenir et l&rsquo;amplificateur.<\/p>\n<p>Cette Annee, Le Prix F\u00eate Ses Dix Ans. Un de d\u00e9cornie consacr\u00e9e \u00e0 la promotion de l&rsquo;entrepreneuriat culturel puisque pr\u00e8s de cinquante projets at b\u00e9n\u00e9fici\u00e9 d&rsquo;u univi personnalis\u00e9 de l&rsquo;ifcic sur les questions de financier et d&rsquo;ing\u00e9nierie financi\u00e8re Un accompagnement qui a permis \u00e0 de belles initiatives d&rsquo;\u00c9clore. Zoom sur deux d&rsquo;entreprise Elles: Tada et Panth\u00e9a.<\/p>\n<h2>Tada, uni aide administratif couler les artistes<\/h2>\n<div class=\"align-left ibexa-embed-type-image\">\n<figure role=\"group\" aria-label=\"\u00a9 Margot Mouchon\" class=\"attribute-picture \">\n<div class=\"\">\n<picture class=\"\"><source type=\"image\/webp\" media=\"(min-width: 768px)\"><source media=\"(min-width: 768px)\"><img decoding=\"async\" src=\"https:\/\/editionsbussiere.com\/blog\/wp-content\/uploads\/2025\/07\/Prix-Ifcic-Dix-Ans-de-Valorisation-de-l39Entrepreneuriat-Culturel.jpg\" alt=\"Portrait de Delphine Toutain, Jeune Femme Chatain Avec Un Haut en Motif L\u00e9opard\" class=\"fr-responsive-img  alias_Moyenne_360x440 \" data-height=\"440 \" data-width=\"293 \"><\/picture>\n<\/div><figcaption class=\"fr-content-media__caption\" style=\"max-width: 293px\">\n<p>        Delphine Toutain, Fondatrice de Tada<\/p>\n<p>                    \u00a9 Margot Mouchon\n                <\/p>\n<\/figcaption><\/figure>\n<\/div>\n<p>Facuration, aide administrative, archivage\u2026 Toutes ces t\u00e2ches Sont Essentielles danans la vie d&rsquo;Un artiste, mais difficile \u00e0 mettre en \u0152UVRE. C&rsquo;est verser les professionnels des professions \u00e0 les g\u00e9rer que tada est n\u00e9. \u00c0 L&rsquo;Origine de ce Projet: Delphine Toutain. Cette Juriste en Droit de la Propri\u00e9t\u00e9 Litt\u00e9raire et Artiste A Commenc\u00e9 sa Carri\u00e8re au Sein de Picasso Administration, O\u00f9 Elle a Pu Observer de Pr\u00e8s commentaire se d\u00e9roulAIT la Gestion de la Succession d&rsquo;Un artiste. \u00ab <em>CETTE SOCI\u00c9T\u00c9 TR\u00c8S B\u00c9EN G\u00c9R\u00c9, AVEC UN ARCHIVAGE DEPARTIMENT, UN AUTRE SUR LA GESTION des Droits, L&rsquo;Authentification, La Comptabilit\u00e9\u2026 Je me suis Suison SI UNLE TELLE STRUCTURE EXISTAIT DU VIVANT des artistes, pour les aider \u00e0 Antisters Toutes Ces Questions. Il \u00e9tait important pour moi de contribuer au d\u00e9veloppement de projets artistiques Essentiells au bon fonctionnement du monde dans lequet livons. Je mets ma rigueur et mon bon sens au service de M\u00e9tiers que j&rsquo;admire \u00e9norm\u00e9ment.<\/em> \u00ab\u00a0<\/p>\n<p>L&rsquo;entreprise a ainsi \u00e9t\u00e9 cr\u00e9\u00e9e en 2015 et proposer aujourd&rsquo;hui des sessions d&rsquo;information de deux ou trois heures sur des sujets divers: cr\u00e9ation d&rsquo;Un Statut Professionnel, facturation, introduction au droit d&rsquo;Auteur, etc. Secteur, Don&rsquo;t des Coles d&rsquo;art, des r\u00e9sences d&rsquo;artistes ou des institutions. Elles PEUVEVER \u00caTRE COUPLES AVEC DES RENDEZ-Vous individuels. En 2024, pr\u00e8s de 600 entretiens individus at eu lie. \u00ab <em>En G\u00e9n\u00e9ral, Ce qui Freine Les Artistes, C&rsquo;est Le Nombre de D\u00e9marches, De Documents\u2026 et c&rsquo;est Dommage, Car Cela Va Souvent de paire Avec la Protection de l&rsquo;Evre. CE Volet de Gestion est AUSSI IMPORTANT Q LA Communication, La Cr\u00e9ation ou La Vente.<\/em> \u00bbTada propose l&rsquo;\u00e9galement des formations Couvrant l&rsquo;Ensemble de la geste administrative et de l&rsquo;assistanat dans les studios d&rsquo;artistes, pour des d\u00e9marches telles que le financier de pilotage de l&rsquo;actit\u00e9, la geste rh, les rond les clients, etc.<\/p>\n<p>Tada a reformt\u00e9 le prix ifcic \u2013 Entreprendre dans la culture en 2020, \u00e0 un moment charni\u00e8re pour l&rsquo;entreprise: le developpement de fils tadassistant, non logiciel d&rsquo;Archivie. \u00ab <em>J&rsquo;\u00e9tais sur le Point d&rsquo;Arr\u00eater de Developper L&rsquo;Oreil, Car C&rsquo;\u00c9Tait Trop Cher, Lorsque J&rsquo;ai Appris Que J&rsquo;\u00e9tais Laur\u00e9ate. Je l&rsquo;ai vu comme un signe. Le Prix M&rsquo;a BeauCoup Aidee: Il M&rsquo;A Permis de TOT Remettre \u00e0 Plat, De Repartir Avec de Nouveaux D\u00e9veloppeurs Informatiques, et l&rsquo;Outil A pur le Jour.<\/em> \u00bb. Le tadassistant se pr\u00e9sente comme un logiciel en acc\u00e8s libre sur un site dedi\u00e9, o\u00f9 les artistes peuvent s&rsquo;inscrire sans engagement. Versez le Moment, un centicaine d&rsquo;artistes l&rsquo;ont utilit\u00e9. \u00ab<em> Il ya un vrai travail de sensibilisation \u00e0 faire sur l&rsquo;archivage, qui est la colonne vert\u00e9bral du travail des artistes. Il est un de Donn\u00e9e VraMent Pr\u00e9cieuse pour transmettrer son patrimoine.<\/em> \u00ab\u00a0<\/p>\n<p>Aujourd&rsquo;hui, tada diversifie ses activit\u00e9s: Delphine toutain a Co\u00e9crit <em>Le sac \u00e0 dos de l&rsquo;artiste<\/em>un peu d&rsquo;Annuaire regroupement pr\u00e8s de 600 privil\u00e8ges indispensables aux diff\u00e9rentes \u00e9tapes de la carri\u00e8re artiste. Elle a \u00c9galement D\u00e9velopp\u00e9 un UNE GAMME DE PAPETERIE ADMINISTRATIVE, NON CALENDRIER UN AVEC DES RAPPELS DES D\u00c9MARCHES \u00c0 EFFETUER. Uny Myriade d&rsquo;Outils Toujours Destin\u00e9s \u00e0 Simplifier la Vie des Artistes.<\/p>\n<h2>Panth\u00e9e, le spectacle vivant \u00e0 la portate de tous<\/h2>\n<p>Rendre les Repr\u00e9sentations d&rsquo;Op\u00e9ra, de the&rsquo;thetre ou de musique les plus incluse possibles, tel est l&rsquo;objectif de panthea, co-pror\u00e9\u00e9e en 2016 par carl de poncins. Cet ing\u00e9nieur de formation a Voulu Briser la Barri\u00e8re de la Langue et Rendre le spectacle vivant accessible en proposant des solutions de Surtitrage tout d&rsquo;Abord Destin\u00e9s aux Personnes \u00e9trang\u00e8res en visite en France. \u00ab <em>Le Point de depart \u00c9tait Cette Question d&rsquo;acc\u00e8s \u00e0 l&rsquo;acc\u00e8s \u00e0 la linguistique Maistes<\/em>. \u00ab\u00a0<\/p>\n<div class=\"align-left ibexa-embed-type-image\">\n<figure role=\"group\" aria-label=\"Panthea - Epson - Ian Wallman\" class=\"attribute-picture \">\n<div class=\"\">\n<picture class=\"\"><source type=\"image\/webp\" media=\"(min-width: 768px)\"><source media=\"(min-width: 768px)\"><img decoding=\"async\" src=\"https:\/\/editionsbussiere.com\/blog\/wp-content\/uploads\/2025\/07\/1751094490_672_Prix-Ifcic-Dix-Ans-de-Valorisation-de-l39Entrepreneuriat-Culturel.jpg\" alt=\"Photo avec Au Premier Plan des Lunettes Connect\u00e9s, Pr\u00e9sent\u00e9s par une unene Femme au deuxi\u00e8me plan, floue\" class=\"fr-responsive-img  alias_Moyenne_360x440 \" data-height=\"240 \" data-width=\"360 \"><\/picture>\n<\/div><figcaption class=\"fr-content-media__caption\" style=\"max-width: 360px\">\n<p>                    Panth\u00e9e \u2013 Epson \u2013 Ian Wallman\n                <\/p>\n<\/figcaption><\/figure>\n<\/div>\n<p>Panthea propose les solutions Ainsi des Cl\u00e9 en Main pour les lies culturels avec tout d&rsquo;Abord la Cr\u00e9ation, en lien Avec L&rsquo;\u00e9quipe ArtiSrique et de production, de tradductions des textes; Suite en quatrenissant le Materieriel pour projeter ces sous-titres et enfin assurant lagie pendentif les reprosentations. CETTE Activit\u00e9 Mobilize Ainsi Un Grand Nombre de M\u00e9tiers DiffF\u00e9rent. \u00ab <em>Notre Grande Force est-AVoir D\u00e9velopp\u00e9 des comp\u00e9tences en interne avec des litt\u00e9raires, des traductes, des sp\u00e9cialistes de l&rsquo;acc\u00e8ssibilit\u00e9 et des ing\u00e9nieurs pour la partiy technologique. C&rsquo;EST Absolument Essentiel vers l&rsquo;arriv\u00e9e \u00e0 un R\u00e9sultat de Bonne Qualit\u00e9. Sur Recr\u00e9e \u00e0 Notre Petite \u00e9chelle ce qui existe dans le spectacle vivant, C&rsquo;est \u00e0 Dire des Corps de M\u00e9tiers Extr\u00eamement Vari\u00e9s qui contribuent<\/em> \u00bb, Sourinene Carl de Poncins Qui Weut Faire de Panthea la\u00ab <em>Porte d&rsquo;Entr\u00e9e de L&rsquo;ACCESSIbilit\u00e9 Th\u00e9trale<\/em> \u00bbAVEC des Surtitres Pointus et Tr\u00e8s Qualitatifs. Aujourd&rsquo;hui la soci\u00e9t\u00e9 est install\u00e9e \u00e0 paris mais auSsi \u00e0 Berlin, o\u00f9 la pratique est tr\u00e8s developpee.<\/p>\n<p>En 2017, l&rsquo;entreprise a postul\u00e9 couler \u2013 et reformt\u00e9 \u2013 le prix ifcic Avec leur projet de lunettes connectaes qui diffuse en temps reel les Surtitres. \u00ab <em>Elles permettent ce Qu&rsquo;on Appelle un Affichage T\u00eate Haute avec Moins d&rsquo;efforts pour Baisser ou Lever Les Yeux. Les Surtitres Sont \u00e9galement Personalnalisables en changeant La Taulle de Police, Sa Couleur ou Sa Luminos\u00e9. CETTE Personnalisation EST Extr\u00eamement Interessante, Notamment dans Les Granddes Salles O\u00f9 l&rsquo;Ongit plus ou Moins bien les surtoutres en forme de l&rsquo;Endroit o\u00f9 l&rsquo;on est plac\u00e9. LEA PERMET D&rsquo;AM\u00c9LIOR\u00c9<\/em>. \u00bbLe Prix et Sa Dotation Ont Permis \u00e0 Carl de Poncins de Developper Cet Outil in\u00e9dit qui \u00e9quipe aujourand&rsquo;hui de nombreus Institutions comme com\u00e9die-fran\u00e7aise ou l&rsquo;op\u00e9ra de lille.<\/p>\n<p>Aujourd&rsquo;hui, ces lunettes connect\u00e9s se sont enrichies de nouveaux services comm. Audiode description avec des \u00e9coteurs ou la langue des signes en vid\u00e9o. L&rsquo;Entreprise Travail \u00e9galement sur l&rsquo;accompagnement des lies culturels dans lers projets de transformation. Cela implique de ma\u00eetre les logiciels bien s\u00fbr, MaisSi de communiquer des typologies de publics publics. \u00ab <em>Par exemple savoir \u00e9crire en anglais, en allemand ou en Italien, mais auSsi \u00catre capable de d\u00e9sir la bonjour en langue des signes de quand sur accueille du public Sourd. C&rsquo;EST UN AX TR\u00c8S IMPORTANTS POUR LE POUR DES D&rsquo;ACCOMPAGNER LES LIEUX, Qu&rsquo;ils Soient Gros ou Petits, vers une de laMarche d&rsquo;Inclusion PAR LE MEILEAUR DE LA TECHNOLIE.<\/em> \u00ab\u00a0<\/p>\n<div class=\"fr-callout\">\n<h3 style=\"\"><strong>CINQ NOUVEAUX Entrepreneurs Culturels Laur\u00e9ats Cette Annee<\/strong><\/h3>\n<p style=\"\"> Verser la cette 11<sup>e<\/sup> \u00c9dition du Forum Entreprendre dans la culture, le prix ifcic a \u00e9t\u00e9 remis, lundi 1<sup>er<\/sup> Juillet, \u00e0 ciq nouvelles Entreprises ou associations. CETTH ANN\u00c9E, 135 Dossives Ont \u00e9t\u00e9 re\u00e7us et examens par le comit\u00e9 de s\u00e9lection compos\u00e9 de personnalit\u00e9s du monde de la culture, ainsi que de repr\u00e9sents du mist\u00e8re de la culture et de l&rsquo;ifcic, qui a retenu quinze finalistes.<\/p>\n<p style=\"\">\n<p style=\"\">Les Laur\u00e9ats Sont: <\/p>\n<ul>\n<li>Derek Barbolla, Pr\u00e9sident de la Soci\u00e9t\u00e9 Cercle, Maison de Disques et Moutivement Artistique Qui Cr\u00e9e et Produit \u00e0 Travers Le Monde des Eperiences, Des \u00c9v\u00e9nes, des Festivals et des Voyages Musicaux Immersifs \u00e0 la Crois\u00e9e de la Musique, du Patrimoine et de la Video.<\/li>\n<li>Solweig Barbier, D\u00e9l\u00e9gu\u00e9e G\u00e9n\u00e9ale d&rsquo;Arviva, Association Qui F\u00e9d\u00e8re Les Acteurs du Secteur des Arts Vivants \u2013 Artistes, Produisurs, Techniciens, Lieux \u2013 Afin de les Sensibilis \u00c9v\u00e9nes pour accompagner la transition \u00e9cologique et couler r\u00e9dure l&#8217;empreinte carbone du secteur.<\/li>\n<li>Olivier Couder, directeur de l&rsquo;agence Cristal, Agence artistique cr\u00e9\u00e9e par le th\u00e9\u00e2tre du cristal et d\u00e9c\u00e9di\u00e9e \u00e0 la reprisation et la professionnalisation des artistes en situation de handicap.<\/li>\n<li>Voyelle Acker, Co-Fondatrice et Productrice de la Soci\u00e9t\u00e9 Small Creative, Studio et Soci\u00e9t\u00e9 de Production Qui Con\u00e7oivent, D\u00e9velopent et Produisent des Ep\u00e9riences immersives et interactifs.<\/li>\n<li>Christophe Gaine et Antoine de Kerautem, co-fondeurs de zic Ethic, plate-forme de Num\u00e9rique pour revale<\/li>\n<\/ul>\n<\/div>\n<\/div>\n<\/div>\n<p><img decoding=\"async\" class=\"wpe_imgrss\" src=\"https:\/\/editionsbussiere.com\/blog\/wp-content\/uploads\/2025\/07\/Prix-Ifcic-Dix-Ans-de-Valorisation-de-l39Entrepreneuriat-Culturel.jpg\">Le site editionsbussiere.com est fait afin de fournir diff\u00e9rentes publications sur la th\u00e9matique Editions \u00e9sot\u00e9rique fond\u00e9e en 1927 publi\u00e9es sur internet. editionsbussiere.com vous a concoct\u00e9 cet article qui informe du th\u00e8me \u00ab\u00a0Editions \u00e9sot\u00e9rique fond\u00e9e en 1927\u00a0\u00bb. Ce texte a \u00e9t\u00e9 r\u00e9\u00e9dit\u00e9 de la mani\u00e8re la plus compl\u00e8te qui soit. Si jamais vous souhaitez apporter quelques modifications concernant le domaine de \u00ab\u00a0Editions \u00e9sot\u00e9rique fond\u00e9e en 1927\u00a0\u00bb il est possible de d&rsquo;\u00e9changer avec notre \u00e9quipe. En visitant plusieurs fois notre blog vous serez au courant des prochaines annonces.<\/p>\n","protected":false},"excerpt":{"rendered":"<p>Il s&rsquo;agit d&rsquo;Un Rendez-vous Inconvenable, Chaque Ann\u00e9e: Le Forum Entreprendre dans la Culture s&rsquo;inscrit comme les TEMPS FORTS DE L&rsquo;ANN\u00c9E POUR LES INDUSTRIES Culturelles et Cr\u00e9atifs de Valorisation de l&rsquo;Entrepreneuriat. Pendant Trois Tours, du 1er AU 3 JUILET \u00c0 L&rsquo;ECOLE Nationale Sup\u00e9rieure d&rsquo;architecture (ENSA) de Paris-Belleville, Sont Assettus Pr\u00e8s de 2 500 Participants et 250 [&hellip;]<\/p>\n","protected":false},"author":2,"featured_media":1879,"comment_status":"closed","ping_status":"closed","sticky":false,"template":"","format":"standard","meta":{"footnotes":""},"categories":[2],"tags":[],"class_list":["post-1878","post","type-post","status-publish","format-standard","has-post-thumbnail","hentry","category-editions-esoterique-fondee-en-1927","entry","fw-tab-6 fw-tabr-4","has-featured-image"],"yoast_head":"<!-- This site is optimized with the Yoast SEO plugin v27.5 - https:\/\/yoast.com\/product\/yoast-seo-wordpress\/ -->\n<title>Dix Ans de Valorisation de l&#039;Entrepreneuriat Culturel - EDITIONSBUSSIERE<\/title>\n<meta name=\"robots\" content=\"index, follow, max-snippet:-1, max-image-preview:large, max-video-preview:-1\" \/>\n<link rel=\"canonical\" href=\"https:\/\/editionsbussiere.com\/blog\/dix-ans-de-valorisation-de-lentrepreneuriat-culturel\/\" \/>\n<meta property=\"og:locale\" content=\"fr_FR\" \/>\n<meta property=\"og:type\" content=\"article\" \/>\n<meta property=\"og:title\" content=\"Dix Ans de Valorisation de l&#039;Entrepreneuriat Culturel - EDITIONSBUSSIERE\" \/>\n<meta property=\"og:description\" content=\"Il s&rsquo;agit d&rsquo;Un Rendez-vous Inconvenable, Chaque Ann\u00e9e: Le Forum Entreprendre dans la Culture s&rsquo;inscrit comme les TEMPS FORTS DE L&rsquo;ANN\u00c9E POUR LES INDUSTRIES Culturelles et Cr\u00e9atifs de Valorisation de l&rsquo;Entrepreneuriat. Pendant Trois Tours, du 1er AU 3 JUILET \u00c0 L&rsquo;ECOLE Nationale Sup\u00e9rieure d&rsquo;architecture (ENSA) de Paris-Belleville, Sont Assettus Pr\u00e8s de 2 500 Participants et 250 [&hellip;]\" \/>\n<meta property=\"og:url\" content=\"https:\/\/editionsbussiere.com\/blog\/dix-ans-de-valorisation-de-lentrepreneuriat-culturel\/\" \/>\n<meta property=\"og:site_name\" content=\"EDITIONSBUSSIERE\" \/>\n<meta property=\"article:published_time\" content=\"2025-07-01T16:13:42+00:00\" \/>\n<meta property=\"og:image\" content=\"https:\/\/editionsbussiere.com\/blog\/wp-content\/uploads\/2025\/07\/Prix-Ifcic-Dix-Ans-de-Valorisation-de-l39Entrepreneuriat-Culturel.jpg\" \/>\n<meta name=\"author\" content=\"Jacques JOLIVET\" \/>\n<meta name=\"twitter:card\" content=\"summary_large_image\" \/>\n<meta name=\"twitter:label1\" content=\"\u00c9crit par\" \/>\n\t<meta name=\"twitter:data1\" content=\"Jacques JOLIVET\" \/>\n\t<meta name=\"twitter:label2\" content=\"Dur\u00e9e de lecture estim\u00e9e\" \/>\n\t<meta name=\"twitter:data2\" content=\"8 minutes\" \/>\n<script type=\"application\/ld+json\" class=\"yoast-schema-graph\">{\"@context\":\"https:\\\/\\\/schema.org\",\"@graph\":[{\"@type\":\"Article\",\"@id\":\"https:\\\/\\\/editionsbussiere.com\\\/blog\\\/dix-ans-de-valorisation-de-lentrepreneuriat-culturel\\\/#article\",\"isPartOf\":{\"@id\":\"https:\\\/\\\/editionsbussiere.com\\\/blog\\\/dix-ans-de-valorisation-de-lentrepreneuriat-culturel\\\/\"},\"author\":{\"name\":\"Jacques JOLIVET\",\"@id\":\"https:\\\/\\\/editionsbussiere.com\\\/blog\\\/#\\\/schema\\\/person\\\/4a5a88a011c746b8f374d0810c79e536\"},\"headline\":\"Dix Ans de Valorisation de l&rsquo;Entrepreneuriat Culturel\",\"datePublished\":\"2025-07-01T16:13:42+00:00\",\"mainEntityOfPage\":{\"@id\":\"https:\\\/\\\/editionsbussiere.com\\\/blog\\\/dix-ans-de-valorisation-de-lentrepreneuriat-culturel\\\/\"},\"wordCount\":1618,\"publisher\":{\"@id\":\"https:\\\/\\\/editionsbussiere.com\\\/blog\\\/#organization\"},\"image\":{\"@id\":\"https:\\\/\\\/editionsbussiere.com\\\/blog\\\/dix-ans-de-valorisation-de-lentrepreneuriat-culturel\\\/#primaryimage\"},\"thumbnailUrl\":\"https:\\\/\\\/editionsbussiere.com\\\/blog\\\/wp-content\\\/uploads\\\/2025\\\/07\\\/Prix-Ifcic-Dix-Ans-de-Valorisation-de-l39Entrepreneuriat-Culturel.jpg\",\"articleSection\":[\"Editions \u00c9sot\u00e9rique Fond\u00e9e En 1927:\"],\"inLanguage\":\"fr-FR\"},{\"@type\":\"WebPage\",\"@id\":\"https:\\\/\\\/editionsbussiere.com\\\/blog\\\/dix-ans-de-valorisation-de-lentrepreneuriat-culturel\\\/\",\"url\":\"https:\\\/\\\/editionsbussiere.com\\\/blog\\\/dix-ans-de-valorisation-de-lentrepreneuriat-culturel\\\/\",\"name\":\"Dix Ans de Valorisation de l'Entrepreneuriat Culturel - EDITIONSBUSSIERE\",\"isPartOf\":{\"@id\":\"https:\\\/\\\/editionsbussiere.com\\\/blog\\\/#website\"},\"primaryImageOfPage\":{\"@id\":\"https:\\\/\\\/editionsbussiere.com\\\/blog\\\/dix-ans-de-valorisation-de-lentrepreneuriat-culturel\\\/#primaryimage\"},\"image\":{\"@id\":\"https:\\\/\\\/editionsbussiere.com\\\/blog\\\/dix-ans-de-valorisation-de-lentrepreneuriat-culturel\\\/#primaryimage\"},\"thumbnailUrl\":\"https:\\\/\\\/editionsbussiere.com\\\/blog\\\/wp-content\\\/uploads\\\/2025\\\/07\\\/Prix-Ifcic-Dix-Ans-de-Valorisation-de-l39Entrepreneuriat-Culturel.jpg\",\"datePublished\":\"2025-07-01T16:13:42+00:00\",\"breadcrumb\":{\"@id\":\"https:\\\/\\\/editionsbussiere.com\\\/blog\\\/dix-ans-de-valorisation-de-lentrepreneuriat-culturel\\\/#breadcrumb\"},\"inLanguage\":\"fr-FR\",\"potentialAction\":[{\"@type\":\"ReadAction\",\"target\":[\"https:\\\/\\\/editionsbussiere.com\\\/blog\\\/dix-ans-de-valorisation-de-lentrepreneuriat-culturel\\\/\"]}]},{\"@type\":\"ImageObject\",\"inLanguage\":\"fr-FR\",\"@id\":\"https:\\\/\\\/editionsbussiere.com\\\/blog\\\/dix-ans-de-valorisation-de-lentrepreneuriat-culturel\\\/#primaryimage\",\"url\":\"https:\\\/\\\/editionsbussiere.com\\\/blog\\\/wp-content\\\/uploads\\\/2025\\\/07\\\/Prix-Ifcic-Dix-Ans-de-Valorisation-de-l39Entrepreneuriat-Culturel.jpg\",\"contentUrl\":\"https:\\\/\\\/editionsbussiere.com\\\/blog\\\/wp-content\\\/uploads\\\/2025\\\/07\\\/Prix-Ifcic-Dix-Ans-de-Valorisation-de-l39Entrepreneuriat-Culturel.jpg\",\"width\":293,\"height\":440,\"caption\":\"Prix Ifcic Dix Ans de Valorisation de l39Entrepreneuriat Culturel\"},{\"@type\":\"BreadcrumbList\",\"@id\":\"https:\\\/\\\/editionsbussiere.com\\\/blog\\\/dix-ans-de-valorisation-de-lentrepreneuriat-culturel\\\/#breadcrumb\",\"itemListElement\":[{\"@type\":\"ListItem\",\"position\":1,\"name\":\"Accueil\",\"item\":\"https:\\\/\\\/editionsbussiere.com\\\/blog\\\/\"},{\"@type\":\"ListItem\",\"position\":2,\"name\":\"Dix Ans de Valorisation de l&rsquo;Entrepreneuriat Culturel\"}]},{\"@type\":\"WebSite\",\"@id\":\"https:\\\/\\\/editionsbussiere.com\\\/blog\\\/#website\",\"url\":\"https:\\\/\\\/editionsbussiere.com\\\/blog\\\/\",\"name\":\"EDITIONSBUSSIERE\",\"description\":\"Editions \u00e9sot\u00e9rique fond\u00e9e en 1927; site historique, A SAVOIR ET RETENIR.\",\"publisher\":{\"@id\":\"https:\\\/\\\/editionsbussiere.com\\\/blog\\\/#organization\"},\"potentialAction\":[{\"@type\":\"SearchAction\",\"target\":{\"@type\":\"EntryPoint\",\"urlTemplate\":\"https:\\\/\\\/editionsbussiere.com\\\/blog\\\/?s={search_term_string}\"},\"query-input\":{\"@type\":\"PropertyValueSpecification\",\"valueRequired\":true,\"valueName\":\"search_term_string\"}}],\"inLanguage\":\"fr-FR\"},{\"@type\":\"Organization\",\"@id\":\"https:\\\/\\\/editionsbussiere.com\\\/blog\\\/#organization\",\"name\":\"editionsbussiere\",\"url\":\"https:\\\/\\\/editionsbussiere.com\\\/blog\\\/\",\"logo\":{\"@type\":\"ImageObject\",\"inLanguage\":\"fr-FR\",\"@id\":\"https:\\\/\\\/editionsbussiere.com\\\/blog\\\/#\\\/schema\\\/logo\\\/image\\\/\",\"url\":\"https:\\\/\\\/editionsbussiere.com\\\/blog\\\/wp-content\\\/uploads\\\/2023\\\/09\\\/cropped-buss.gif\",\"contentUrl\":\"https:\\\/\\\/editionsbussiere.com\\\/blog\\\/wp-content\\\/uploads\\\/2023\\\/09\\\/cropped-buss.gif\",\"width\":298,\"height\":120,\"caption\":\"editionsbussiere\"},\"image\":{\"@id\":\"https:\\\/\\\/editionsbussiere.com\\\/blog\\\/#\\\/schema\\\/logo\\\/image\\\/\"}},{\"@type\":\"Person\",\"@id\":\"https:\\\/\\\/editionsbussiere.com\\\/blog\\\/#\\\/schema\\\/person\\\/4a5a88a011c746b8f374d0810c79e536\",\"name\":\"Jacques JOLIVET\",\"image\":{\"@type\":\"ImageObject\",\"inLanguage\":\"fr-FR\",\"@id\":\"https:\\\/\\\/secure.gravatar.com\\\/avatar\\\/75a17b45476360ef3bfe45fcf0ffe89df5dc018eca14236e84b58f23a0570073?s=96&d=mm&r=g\",\"url\":\"https:\\\/\\\/secure.gravatar.com\\\/avatar\\\/75a17b45476360ef3bfe45fcf0ffe89df5dc018eca14236e84b58f23a0570073?s=96&d=mm&r=g\",\"contentUrl\":\"https:\\\/\\\/secure.gravatar.com\\\/avatar\\\/75a17b45476360ef3bfe45fcf0ffe89df5dc018eca14236e84b58f23a0570073?s=96&d=mm&r=g\",\"caption\":\"Jacques JOLIVET\"},\"url\":\"https:\\\/\\\/editionsbussiere.com\\\/blog\\\/author\\\/erejacques\\\/\"}]}<\/script>\n<!-- \/ Yoast SEO plugin. -->","yoast_head_json":{"title":"Dix Ans de Valorisation de l'Entrepreneuriat Culturel - EDITIONSBUSSIERE","robots":{"index":"index","follow":"follow","max-snippet":"max-snippet:-1","max-image-preview":"max-image-preview:large","max-video-preview":"max-video-preview:-1"},"canonical":"https:\/\/editionsbussiere.com\/blog\/dix-ans-de-valorisation-de-lentrepreneuriat-culturel\/","og_locale":"fr_FR","og_type":"article","og_title":"Dix Ans de Valorisation de l'Entrepreneuriat Culturel - EDITIONSBUSSIERE","og_description":"Il s&rsquo;agit d&rsquo;Un Rendez-vous Inconvenable, Chaque Ann\u00e9e: Le Forum Entreprendre dans la Culture s&rsquo;inscrit comme les TEMPS FORTS DE L&rsquo;ANN\u00c9E POUR LES INDUSTRIES Culturelles et Cr\u00e9atifs de Valorisation de l&rsquo;Entrepreneuriat. Pendant Trois Tours, du 1er AU 3 JUILET \u00c0 L&rsquo;ECOLE Nationale Sup\u00e9rieure d&rsquo;architecture (ENSA) de Paris-Belleville, Sont Assettus Pr\u00e8s de 2 500 Participants et 250 [&hellip;]","og_url":"https:\/\/editionsbussiere.com\/blog\/dix-ans-de-valorisation-de-lentrepreneuriat-culturel\/","og_site_name":"EDITIONSBUSSIERE","article_published_time":"2025-07-01T16:13:42+00:00","og_image":[{"url":"https:\/\/editionsbussiere.com\/blog\/wp-content\/uploads\/2025\/07\/Prix-Ifcic-Dix-Ans-de-Valorisation-de-l39Entrepreneuriat-Culturel.jpg","type":"","width":"","height":""}],"author":"Jacques JOLIVET","twitter_card":"summary_large_image","twitter_misc":{"\u00c9crit par":"Jacques JOLIVET","Dur\u00e9e de lecture estim\u00e9e":"8 minutes"},"schema":{"@context":"https:\/\/schema.org","@graph":[{"@type":"Article","@id":"https:\/\/editionsbussiere.com\/blog\/dix-ans-de-valorisation-de-lentrepreneuriat-culturel\/#article","isPartOf":{"@id":"https:\/\/editionsbussiere.com\/blog\/dix-ans-de-valorisation-de-lentrepreneuriat-culturel\/"},"author":{"name":"Jacques JOLIVET","@id":"https:\/\/editionsbussiere.com\/blog\/#\/schema\/person\/4a5a88a011c746b8f374d0810c79e536"},"headline":"Dix Ans de Valorisation de l&rsquo;Entrepreneuriat Culturel","datePublished":"2025-07-01T16:13:42+00:00","mainEntityOfPage":{"@id":"https:\/\/editionsbussiere.com\/blog\/dix-ans-de-valorisation-de-lentrepreneuriat-culturel\/"},"wordCount":1618,"publisher":{"@id":"https:\/\/editionsbussiere.com\/blog\/#organization"},"image":{"@id":"https:\/\/editionsbussiere.com\/blog\/dix-ans-de-valorisation-de-lentrepreneuriat-culturel\/#primaryimage"},"thumbnailUrl":"https:\/\/editionsbussiere.com\/blog\/wp-content\/uploads\/2025\/07\/Prix-Ifcic-Dix-Ans-de-Valorisation-de-l39Entrepreneuriat-Culturel.jpg","articleSection":["Editions \u00c9sot\u00e9rique Fond\u00e9e En 1927:"],"inLanguage":"fr-FR"},{"@type":"WebPage","@id":"https:\/\/editionsbussiere.com\/blog\/dix-ans-de-valorisation-de-lentrepreneuriat-culturel\/","url":"https:\/\/editionsbussiere.com\/blog\/dix-ans-de-valorisation-de-lentrepreneuriat-culturel\/","name":"Dix Ans de Valorisation de l'Entrepreneuriat Culturel - EDITIONSBUSSIERE","isPartOf":{"@id":"https:\/\/editionsbussiere.com\/blog\/#website"},"primaryImageOfPage":{"@id":"https:\/\/editionsbussiere.com\/blog\/dix-ans-de-valorisation-de-lentrepreneuriat-culturel\/#primaryimage"},"image":{"@id":"https:\/\/editionsbussiere.com\/blog\/dix-ans-de-valorisation-de-lentrepreneuriat-culturel\/#primaryimage"},"thumbnailUrl":"https:\/\/editionsbussiere.com\/blog\/wp-content\/uploads\/2025\/07\/Prix-Ifcic-Dix-Ans-de-Valorisation-de-l39Entrepreneuriat-Culturel.jpg","datePublished":"2025-07-01T16:13:42+00:00","breadcrumb":{"@id":"https:\/\/editionsbussiere.com\/blog\/dix-ans-de-valorisation-de-lentrepreneuriat-culturel\/#breadcrumb"},"inLanguage":"fr-FR","potentialAction":[{"@type":"ReadAction","target":["https:\/\/editionsbussiere.com\/blog\/dix-ans-de-valorisation-de-lentrepreneuriat-culturel\/"]}]},{"@type":"ImageObject","inLanguage":"fr-FR","@id":"https:\/\/editionsbussiere.com\/blog\/dix-ans-de-valorisation-de-lentrepreneuriat-culturel\/#primaryimage","url":"https:\/\/editionsbussiere.com\/blog\/wp-content\/uploads\/2025\/07\/Prix-Ifcic-Dix-Ans-de-Valorisation-de-l39Entrepreneuriat-Culturel.jpg","contentUrl":"https:\/\/editionsbussiere.com\/blog\/wp-content\/uploads\/2025\/07\/Prix-Ifcic-Dix-Ans-de-Valorisation-de-l39Entrepreneuriat-Culturel.jpg","width":293,"height":440,"caption":"Prix Ifcic Dix Ans de Valorisation de l39Entrepreneuriat Culturel"},{"@type":"BreadcrumbList","@id":"https:\/\/editionsbussiere.com\/blog\/dix-ans-de-valorisation-de-lentrepreneuriat-culturel\/#breadcrumb","itemListElement":[{"@type":"ListItem","position":1,"name":"Accueil","item":"https:\/\/editionsbussiere.com\/blog\/"},{"@type":"ListItem","position":2,"name":"Dix Ans de Valorisation de l&rsquo;Entrepreneuriat Culturel"}]},{"@type":"WebSite","@id":"https:\/\/editionsbussiere.com\/blog\/#website","url":"https:\/\/editionsbussiere.com\/blog\/","name":"EDITIONSBUSSIERE","description":"Editions \u00e9sot\u00e9rique fond\u00e9e en 1927; site historique, A SAVOIR ET RETENIR.","publisher":{"@id":"https:\/\/editionsbussiere.com\/blog\/#organization"},"potentialAction":[{"@type":"SearchAction","target":{"@type":"EntryPoint","urlTemplate":"https:\/\/editionsbussiere.com\/blog\/?s={search_term_string}"},"query-input":{"@type":"PropertyValueSpecification","valueRequired":true,"valueName":"search_term_string"}}],"inLanguage":"fr-FR"},{"@type":"Organization","@id":"https:\/\/editionsbussiere.com\/blog\/#organization","name":"editionsbussiere","url":"https:\/\/editionsbussiere.com\/blog\/","logo":{"@type":"ImageObject","inLanguage":"fr-FR","@id":"https:\/\/editionsbussiere.com\/blog\/#\/schema\/logo\/image\/","url":"https:\/\/editionsbussiere.com\/blog\/wp-content\/uploads\/2023\/09\/cropped-buss.gif","contentUrl":"https:\/\/editionsbussiere.com\/blog\/wp-content\/uploads\/2023\/09\/cropped-buss.gif","width":298,"height":120,"caption":"editionsbussiere"},"image":{"@id":"https:\/\/editionsbussiere.com\/blog\/#\/schema\/logo\/image\/"}},{"@type":"Person","@id":"https:\/\/editionsbussiere.com\/blog\/#\/schema\/person\/4a5a88a011c746b8f374d0810c79e536","name":"Jacques JOLIVET","image":{"@type":"ImageObject","inLanguage":"fr-FR","@id":"https:\/\/secure.gravatar.com\/avatar\/75a17b45476360ef3bfe45fcf0ffe89df5dc018eca14236e84b58f23a0570073?s=96&d=mm&r=g","url":"https:\/\/secure.gravatar.com\/avatar\/75a17b45476360ef3bfe45fcf0ffe89df5dc018eca14236e84b58f23a0570073?s=96&d=mm&r=g","contentUrl":"https:\/\/secure.gravatar.com\/avatar\/75a17b45476360ef3bfe45fcf0ffe89df5dc018eca14236e84b58f23a0570073?s=96&d=mm&r=g","caption":"Jacques JOLIVET"},"url":"https:\/\/editionsbussiere.com\/blog\/author\/erejacques\/"}]}},"_links":{"self":[{"href":"https:\/\/editionsbussiere.com\/blog\/wp-json\/wp\/v2\/posts\/1878","targetHints":{"allow":["GET"]}}],"collection":[{"href":"https:\/\/editionsbussiere.com\/blog\/wp-json\/wp\/v2\/posts"}],"about":[{"href":"https:\/\/editionsbussiere.com\/blog\/wp-json\/wp\/v2\/types\/post"}],"author":[{"embeddable":true,"href":"https:\/\/editionsbussiere.com\/blog\/wp-json\/wp\/v2\/users\/2"}],"replies":[{"embeddable":true,"href":"https:\/\/editionsbussiere.com\/blog\/wp-json\/wp\/v2\/comments?post=1878"}],"version-history":[{"count":0,"href":"https:\/\/editionsbussiere.com\/blog\/wp-json\/wp\/v2\/posts\/1878\/revisions"}],"wp:featuredmedia":[{"embeddable":true,"href":"https:\/\/editionsbussiere.com\/blog\/wp-json\/wp\/v2\/media\/1879"}],"wp:attachment":[{"href":"https:\/\/editionsbussiere.com\/blog\/wp-json\/wp\/v2\/media?parent=1878"}],"wp:term":[{"taxonomy":"category","embeddable":true,"href":"https:\/\/editionsbussiere.com\/blog\/wp-json\/wp\/v2\/categories?post=1878"},{"taxonomy":"post_tag","embeddable":true,"href":"https:\/\/editionsbussiere.com\/blog\/wp-json\/wp\/v2\/tags?post=1878"}],"curies":[{"name":"wp","href":"https:\/\/api.w.org\/{rel}","templated":true}]}}