{"id":1867,"date":"2025-06-19T21:03:40","date_gmt":"2025-06-19T19:03:40","guid":{"rendered":"https:\/\/editionsbussiere.com\/blog\/les-plus-des-anciens-textiles-religoyux-deurope\/"},"modified":"2025-06-19T21:03:40","modified_gmt":"2025-06-19T19:03:40","slug":"les-plus-des-anciens-textiles-religoyux-deurope","status":"publish","type":"post","link":"https:\/\/editionsbussiere.com\/blog\/les-plus-des-anciens-textiles-religoyux-deurope\/","title":{"rendered":"\u00ab\u00a0Les plus des anciens textiles religoyux d&rsquo;Europe\u00a0\u00bb"},"content":{"rendered":"<div>\n<div>\n<p>\u00ab\u00a0<em>Ces reliques a un use valeur inestimable, ce son et plus les anciens textiles religiiens d&rsquo;Europe<\/em>\u00ab\u00a0, Glisse Julien Gondat, responsable du service du Patrimoine de la Ville, AU Moment d&rsquo;Entrer dans la Salle Capitulaire du Clo\u00eetre Saint-Trophime.<\/p>\n<p>\u00c0 L&rsquo;Intiteur, un \u00c9clairage Doux Enveloppe Ces objet, DaT\u00e9s du Vie Si\u00e8cle. Parmi Eux, La Tunique de Saint C\u00e9saire et le Pallium, un OBJET Symbolique Octroy\u00e9 Par le Pape Lui-M&rsquo;t \u00c0 sa mort en 542, Saint-C\u00e9saire est enterr\u00e9 des toutes Ses Reliques, Mais Son Tombeau est profan\u00e9 lors de diff\u00e9rentes Attaques et invasions \u00e0 travers les Si\u00e8cles. Les Bo\u00eetes Reliquaires at \u00e9t\u00e9 ouvertes en 1997, Avant d&rsquo;\u00eatre expos\u00e9s au Louvre, au Vatican, puis \u00e0 arles \u00e0 partitir de 2018.<\/p>\n<h2>Des Reliques Deventies fragiles<\/h2>\n<p>C&rsquo;est l\u00e0 que ces preciux tr\u00e9sors de l&rsquo;ancien vicaire apostolique de gaule et d&rsquo;espagne ont souffert d&rsquo;u unclairage inadapt\u00e9. La Salle Capitulaire AVAIT AINSI \u00c9T\u00c9 FERM\u00c9E EN 2022, privil\u00e9gi\u00e9s Les Visiteurs de Ces objet. Rien ne Garantistait alors que le public PUISSE Les Revoir un Jour.<\/p>\n<p>Mais des travaux d&rsquo;ampleur \u00c9t\u00e9 Pens\u00e9 pour Pr\u00e9server au maximum cees reliques Deventies fragiles.<\/p>\n<\/div>\n<div>\n<p>\u00ab\u00a0<em>Sur ouvre un jour par semine pour le respect le Nombre d&rsquo;Heure d&rsquo;Exposition Conseille par la restauratrice: 221 Heures par an<\/em>Expliquez Julien Gondat. <em>C<\/em><em>&lsquo;est comme comme \u00e7a qu&rsquo;on consevera ces objets hors du commun qui at \u00e9t\u00e9 prot\u00e9g\u00e9s \u00e0 les travers les si\u00e8cles et qui montrent l&rsquo;importance \u00e0 les toujours eue la ville d&rsquo;Arles \u00e0 Travers l&rsquo;Histoire.<\/em>\u00ab\u00a0<\/p>\n<p>Uneverture rare, Mais N\u00e9cessaire, au Grand Dam des Arl\u00e9siens. En l&rsquo;Espace de Quelsques Minutes, plusieurs Curieux Tentent d&rsquo;ouvrir la Porte RenferMant Les Reliques, Avant de Lire L&rsquo;\u00e9criteau Indiquant Les Horaires d&rsquo;Ouverture. Pas Le Charix, Il Faudra Revenir Samedi.<\/p>\n<\/div>\n<div>\n<p><em>HORAIRES D&rsquo;OVERTURE: Les Samedis de 12H \u00e0 16H AU CLOIGE SAINT-TROPHIME<\/em><\/p>\n<\/div>\n<\/div>\n<p><!-- no image -->Le site editionsbussiere.com est fait afin de fournir diff\u00e9rentes publications sur la th\u00e9matique Editions \u00e9sot\u00e9rique fond\u00e9e en 1927 publi\u00e9es sur internet. editionsbussiere.com vous a concoct\u00e9 cet article qui informe du th\u00e8me \u00ab\u00a0Editions \u00e9sot\u00e9rique fond\u00e9e en 1927\u00a0\u00bb. Ce texte a \u00e9t\u00e9 r\u00e9\u00e9dit\u00e9 de la mani\u00e8re la plus compl\u00e8te qui soit. Si jamais vous souhaitez apporter quelques modifications concernant le domaine de \u00ab\u00a0Editions \u00e9sot\u00e9rique fond\u00e9e en 1927\u00a0\u00bb il est possible de d&rsquo;\u00e9changer avec notre \u00e9quipe. En visitant plusieurs fois notre blog vous serez au courant des prochaines annonces.<\/p>\n","protected":false},"excerpt":{"rendered":"<p>\u00ab\u00a0Ces reliques a un use valeur inestimable, ce son et plus les anciens textiles religiiens d&rsquo;Europe\u00ab\u00a0, Glisse Julien Gondat, responsable du service du Patrimoine de la Ville, AU Moment d&rsquo;Entrer dans la Salle Capitulaire du Clo\u00eetre Saint-Trophime. \u00c0 L&rsquo;Intiteur, un \u00c9clairage Doux Enveloppe Ces objet, DaT\u00e9s du Vie Si\u00e8cle. Parmi Eux, La Tunique de Saint [&hellip;]<\/p>\n","protected":false},"author":2,"featured_media":0,"comment_status":"closed","ping_status":"closed","sticky":false,"template":"","format":"standard","meta":{"footnotes":""},"categories":[2],"tags":[],"class_list":["post-1867","post","type-post","status-publish","format-standard","hentry","category-editions-esoterique-fondee-en-1927","entry","fw-tab-6 fw-tabr-4"],"yoast_head":"<!-- This site is optimized with the Yoast SEO plugin v27.5 - https:\/\/yoast.com\/product\/yoast-seo-wordpress\/ -->\n<title>\u00ab\u00a0Les plus des anciens textiles religoyux d&#039;Europe\u00a0\u00bb - EDITIONSBUSSIERE<\/title>\n<meta name=\"robots\" content=\"index, follow, max-snippet:-1, max-image-preview:large, max-video-preview:-1\" \/>\n<link rel=\"canonical\" href=\"https:\/\/editionsbussiere.com\/blog\/les-plus-des-anciens-textiles-religoyux-deurope\/\" \/>\n<meta property=\"og:locale\" content=\"fr_FR\" \/>\n<meta property=\"og:type\" content=\"article\" \/>\n<meta property=\"og:title\" content=\"\u00ab\u00a0Les plus des anciens textiles religoyux d&#039;Europe\u00a0\u00bb - EDITIONSBUSSIERE\" \/>\n<meta property=\"og:description\" content=\"\u00ab\u00a0Ces reliques a un use valeur inestimable, ce son et plus les anciens textiles religiiens d&rsquo;Europe\u00ab\u00a0, Glisse Julien Gondat, responsable du service du Patrimoine de la Ville, AU Moment d&rsquo;Entrer dans la Salle Capitulaire du Clo\u00eetre Saint-Trophime. \u00c0 L&rsquo;Intiteur, un \u00c9clairage Doux Enveloppe Ces objet, DaT\u00e9s du Vie Si\u00e8cle. Parmi Eux, La Tunique de Saint [&hellip;]\" \/>\n<meta property=\"og:url\" content=\"https:\/\/editionsbussiere.com\/blog\/les-plus-des-anciens-textiles-religoyux-deurope\/\" \/>\n<meta property=\"og:site_name\" content=\"EDITIONSBUSSIERE\" \/>\n<meta property=\"article:published_time\" content=\"2025-06-19T19:03:40+00:00\" \/>\n<meta name=\"author\" content=\"Jacques JOLIVET\" \/>\n<meta name=\"twitter:card\" content=\"summary_large_image\" \/>\n<meta name=\"twitter:label1\" content=\"\u00c9crit par\" \/>\n\t<meta name=\"twitter:data1\" content=\"Jacques JOLIVET\" \/>\n\t<meta name=\"twitter:label2\" content=\"Dur\u00e9e de lecture estim\u00e9e\" \/>\n\t<meta name=\"twitter:data2\" content=\"2 minutes\" \/>\n<script type=\"application\/ld+json\" class=\"yoast-schema-graph\">{\"@context\":\"https:\\\/\\\/schema.org\",\"@graph\":[{\"@type\":\"Article\",\"@id\":\"https:\\\/\\\/editionsbussiere.com\\\/blog\\\/les-plus-des-anciens-textiles-religoyux-deurope\\\/#article\",\"isPartOf\":{\"@id\":\"https:\\\/\\\/editionsbussiere.com\\\/blog\\\/les-plus-des-anciens-textiles-religoyux-deurope\\\/\"},\"author\":{\"name\":\"Jacques JOLIVET\",\"@id\":\"https:\\\/\\\/editionsbussiere.com\\\/blog\\\/#\\\/schema\\\/person\\\/4a5a88a011c746b8f374d0810c79e536\"},\"headline\":\"\u00ab\u00a0Les plus des anciens textiles religoyux d&rsquo;Europe\u00a0\u00bb\",\"datePublished\":\"2025-06-19T19:03:40+00:00\",\"mainEntityOfPage\":{\"@id\":\"https:\\\/\\\/editionsbussiere.com\\\/blog\\\/les-plus-des-anciens-textiles-religoyux-deurope\\\/\"},\"wordCount\":400,\"publisher\":{\"@id\":\"https:\\\/\\\/editionsbussiere.com\\\/blog\\\/#organization\"},\"articleSection\":[\"Editions \u00c9sot\u00e9rique Fond\u00e9e En 1927:\"],\"inLanguage\":\"fr-FR\"},{\"@type\":\"WebPage\",\"@id\":\"https:\\\/\\\/editionsbussiere.com\\\/blog\\\/les-plus-des-anciens-textiles-religoyux-deurope\\\/\",\"url\":\"https:\\\/\\\/editionsbussiere.com\\\/blog\\\/les-plus-des-anciens-textiles-religoyux-deurope\\\/\",\"name\":\"\u00ab\u00a0Les plus des anciens textiles religoyux d'Europe\u00a0\u00bb - EDITIONSBUSSIERE\",\"isPartOf\":{\"@id\":\"https:\\\/\\\/editionsbussiere.com\\\/blog\\\/#website\"},\"datePublished\":\"2025-06-19T19:03:40+00:00\",\"breadcrumb\":{\"@id\":\"https:\\\/\\\/editionsbussiere.com\\\/blog\\\/les-plus-des-anciens-textiles-religoyux-deurope\\\/#breadcrumb\"},\"inLanguage\":\"fr-FR\",\"potentialAction\":[{\"@type\":\"ReadAction\",\"target\":[\"https:\\\/\\\/editionsbussiere.com\\\/blog\\\/les-plus-des-anciens-textiles-religoyux-deurope\\\/\"]}]},{\"@type\":\"BreadcrumbList\",\"@id\":\"https:\\\/\\\/editionsbussiere.com\\\/blog\\\/les-plus-des-anciens-textiles-religoyux-deurope\\\/#breadcrumb\",\"itemListElement\":[{\"@type\":\"ListItem\",\"position\":1,\"name\":\"Accueil\",\"item\":\"https:\\\/\\\/editionsbussiere.com\\\/blog\\\/\"},{\"@type\":\"ListItem\",\"position\":2,\"name\":\"\u00ab\u00a0Les plus des anciens textiles religoyux d&rsquo;Europe\u00a0\u00bb\"}]},{\"@type\":\"WebSite\",\"@id\":\"https:\\\/\\\/editionsbussiere.com\\\/blog\\\/#website\",\"url\":\"https:\\\/\\\/editionsbussiere.com\\\/blog\\\/\",\"name\":\"EDITIONSBUSSIERE\",\"description\":\"Editions \u00e9sot\u00e9rique fond\u00e9e en 1927; site historique, A SAVOIR ET RETENIR.\",\"publisher\":{\"@id\":\"https:\\\/\\\/editionsbussiere.com\\\/blog\\\/#organization\"},\"potentialAction\":[{\"@type\":\"SearchAction\",\"target\":{\"@type\":\"EntryPoint\",\"urlTemplate\":\"https:\\\/\\\/editionsbussiere.com\\\/blog\\\/?s={search_term_string}\"},\"query-input\":{\"@type\":\"PropertyValueSpecification\",\"valueRequired\":true,\"valueName\":\"search_term_string\"}}],\"inLanguage\":\"fr-FR\"},{\"@type\":\"Organization\",\"@id\":\"https:\\\/\\\/editionsbussiere.com\\\/blog\\\/#organization\",\"name\":\"editionsbussiere\",\"url\":\"https:\\\/\\\/editionsbussiere.com\\\/blog\\\/\",\"logo\":{\"@type\":\"ImageObject\",\"inLanguage\":\"fr-FR\",\"@id\":\"https:\\\/\\\/editionsbussiere.com\\\/blog\\\/#\\\/schema\\\/logo\\\/image\\\/\",\"url\":\"https:\\\/\\\/editionsbussiere.com\\\/blog\\\/wp-content\\\/uploads\\\/2023\\\/09\\\/cropped-buss.gif\",\"contentUrl\":\"https:\\\/\\\/editionsbussiere.com\\\/blog\\\/wp-content\\\/uploads\\\/2023\\\/09\\\/cropped-buss.gif\",\"width\":298,\"height\":120,\"caption\":\"editionsbussiere\"},\"image\":{\"@id\":\"https:\\\/\\\/editionsbussiere.com\\\/blog\\\/#\\\/schema\\\/logo\\\/image\\\/\"}},{\"@type\":\"Person\",\"@id\":\"https:\\\/\\\/editionsbussiere.com\\\/blog\\\/#\\\/schema\\\/person\\\/4a5a88a011c746b8f374d0810c79e536\",\"name\":\"Jacques JOLIVET\",\"image\":{\"@type\":\"ImageObject\",\"inLanguage\":\"fr-FR\",\"@id\":\"https:\\\/\\\/secure.gravatar.com\\\/avatar\\\/75a17b45476360ef3bfe45fcf0ffe89df5dc018eca14236e84b58f23a0570073?s=96&d=mm&r=g\",\"url\":\"https:\\\/\\\/secure.gravatar.com\\\/avatar\\\/75a17b45476360ef3bfe45fcf0ffe89df5dc018eca14236e84b58f23a0570073?s=96&d=mm&r=g\",\"contentUrl\":\"https:\\\/\\\/secure.gravatar.com\\\/avatar\\\/75a17b45476360ef3bfe45fcf0ffe89df5dc018eca14236e84b58f23a0570073?s=96&d=mm&r=g\",\"caption\":\"Jacques JOLIVET\"},\"url\":\"https:\\\/\\\/editionsbussiere.com\\\/blog\\\/author\\\/erejacques\\\/\"}]}<\/script>\n<!-- \/ Yoast SEO plugin. -->","yoast_head_json":{"title":"\u00ab\u00a0Les plus des anciens textiles religoyux d'Europe\u00a0\u00bb - EDITIONSBUSSIERE","robots":{"index":"index","follow":"follow","max-snippet":"max-snippet:-1","max-image-preview":"max-image-preview:large","max-video-preview":"max-video-preview:-1"},"canonical":"https:\/\/editionsbussiere.com\/blog\/les-plus-des-anciens-textiles-religoyux-deurope\/","og_locale":"fr_FR","og_type":"article","og_title":"\u00ab\u00a0Les plus des anciens textiles religoyux d'Europe\u00a0\u00bb - EDITIONSBUSSIERE","og_description":"\u00ab\u00a0Ces reliques a un use valeur inestimable, ce son et plus les anciens textiles religiiens d&rsquo;Europe\u00ab\u00a0, Glisse Julien Gondat, responsable du service du Patrimoine de la Ville, AU Moment d&rsquo;Entrer dans la Salle Capitulaire du Clo\u00eetre Saint-Trophime. \u00c0 L&rsquo;Intiteur, un \u00c9clairage Doux Enveloppe Ces objet, DaT\u00e9s du Vie Si\u00e8cle. Parmi Eux, La Tunique de Saint [&hellip;]","og_url":"https:\/\/editionsbussiere.com\/blog\/les-plus-des-anciens-textiles-religoyux-deurope\/","og_site_name":"EDITIONSBUSSIERE","article_published_time":"2025-06-19T19:03:40+00:00","author":"Jacques JOLIVET","twitter_card":"summary_large_image","twitter_misc":{"\u00c9crit par":"Jacques JOLIVET","Dur\u00e9e de lecture estim\u00e9e":"2 minutes"},"schema":{"@context":"https:\/\/schema.org","@graph":[{"@type":"Article","@id":"https:\/\/editionsbussiere.com\/blog\/les-plus-des-anciens-textiles-religoyux-deurope\/#article","isPartOf":{"@id":"https:\/\/editionsbussiere.com\/blog\/les-plus-des-anciens-textiles-religoyux-deurope\/"},"author":{"name":"Jacques JOLIVET","@id":"https:\/\/editionsbussiere.com\/blog\/#\/schema\/person\/4a5a88a011c746b8f374d0810c79e536"},"headline":"\u00ab\u00a0Les plus des anciens textiles religoyux d&rsquo;Europe\u00a0\u00bb","datePublished":"2025-06-19T19:03:40+00:00","mainEntityOfPage":{"@id":"https:\/\/editionsbussiere.com\/blog\/les-plus-des-anciens-textiles-religoyux-deurope\/"},"wordCount":400,"publisher":{"@id":"https:\/\/editionsbussiere.com\/blog\/#organization"},"articleSection":["Editions \u00c9sot\u00e9rique Fond\u00e9e En 1927:"],"inLanguage":"fr-FR"},{"@type":"WebPage","@id":"https:\/\/editionsbussiere.com\/blog\/les-plus-des-anciens-textiles-religoyux-deurope\/","url":"https:\/\/editionsbussiere.com\/blog\/les-plus-des-anciens-textiles-religoyux-deurope\/","name":"\u00ab\u00a0Les plus des anciens textiles religoyux d'Europe\u00a0\u00bb - EDITIONSBUSSIERE","isPartOf":{"@id":"https:\/\/editionsbussiere.com\/blog\/#website"},"datePublished":"2025-06-19T19:03:40+00:00","breadcrumb":{"@id":"https:\/\/editionsbussiere.com\/blog\/les-plus-des-anciens-textiles-religoyux-deurope\/#breadcrumb"},"inLanguage":"fr-FR","potentialAction":[{"@type":"ReadAction","target":["https:\/\/editionsbussiere.com\/blog\/les-plus-des-anciens-textiles-religoyux-deurope\/"]}]},{"@type":"BreadcrumbList","@id":"https:\/\/editionsbussiere.com\/blog\/les-plus-des-anciens-textiles-religoyux-deurope\/#breadcrumb","itemListElement":[{"@type":"ListItem","position":1,"name":"Accueil","item":"https:\/\/editionsbussiere.com\/blog\/"},{"@type":"ListItem","position":2,"name":"\u00ab\u00a0Les plus des anciens textiles religoyux d&rsquo;Europe\u00a0\u00bb"}]},{"@type":"WebSite","@id":"https:\/\/editionsbussiere.com\/blog\/#website","url":"https:\/\/editionsbussiere.com\/blog\/","name":"EDITIONSBUSSIERE","description":"Editions \u00e9sot\u00e9rique fond\u00e9e en 1927; site historique, A SAVOIR ET RETENIR.","publisher":{"@id":"https:\/\/editionsbussiere.com\/blog\/#organization"},"potentialAction":[{"@type":"SearchAction","target":{"@type":"EntryPoint","urlTemplate":"https:\/\/editionsbussiere.com\/blog\/?s={search_term_string}"},"query-input":{"@type":"PropertyValueSpecification","valueRequired":true,"valueName":"search_term_string"}}],"inLanguage":"fr-FR"},{"@type":"Organization","@id":"https:\/\/editionsbussiere.com\/blog\/#organization","name":"editionsbussiere","url":"https:\/\/editionsbussiere.com\/blog\/","logo":{"@type":"ImageObject","inLanguage":"fr-FR","@id":"https:\/\/editionsbussiere.com\/blog\/#\/schema\/logo\/image\/","url":"https:\/\/editionsbussiere.com\/blog\/wp-content\/uploads\/2023\/09\/cropped-buss.gif","contentUrl":"https:\/\/editionsbussiere.com\/blog\/wp-content\/uploads\/2023\/09\/cropped-buss.gif","width":298,"height":120,"caption":"editionsbussiere"},"image":{"@id":"https:\/\/editionsbussiere.com\/blog\/#\/schema\/logo\/image\/"}},{"@type":"Person","@id":"https:\/\/editionsbussiere.com\/blog\/#\/schema\/person\/4a5a88a011c746b8f374d0810c79e536","name":"Jacques JOLIVET","image":{"@type":"ImageObject","inLanguage":"fr-FR","@id":"https:\/\/secure.gravatar.com\/avatar\/75a17b45476360ef3bfe45fcf0ffe89df5dc018eca14236e84b58f23a0570073?s=96&d=mm&r=g","url":"https:\/\/secure.gravatar.com\/avatar\/75a17b45476360ef3bfe45fcf0ffe89df5dc018eca14236e84b58f23a0570073?s=96&d=mm&r=g","contentUrl":"https:\/\/secure.gravatar.com\/avatar\/75a17b45476360ef3bfe45fcf0ffe89df5dc018eca14236e84b58f23a0570073?s=96&d=mm&r=g","caption":"Jacques JOLIVET"},"url":"https:\/\/editionsbussiere.com\/blog\/author\/erejacques\/"}]}},"_links":{"self":[{"href":"https:\/\/editionsbussiere.com\/blog\/wp-json\/wp\/v2\/posts\/1867","targetHints":{"allow":["GET"]}}],"collection":[{"href":"https:\/\/editionsbussiere.com\/blog\/wp-json\/wp\/v2\/posts"}],"about":[{"href":"https:\/\/editionsbussiere.com\/blog\/wp-json\/wp\/v2\/types\/post"}],"author":[{"embeddable":true,"href":"https:\/\/editionsbussiere.com\/blog\/wp-json\/wp\/v2\/users\/2"}],"replies":[{"embeddable":true,"href":"https:\/\/editionsbussiere.com\/blog\/wp-json\/wp\/v2\/comments?post=1867"}],"version-history":[{"count":0,"href":"https:\/\/editionsbussiere.com\/blog\/wp-json\/wp\/v2\/posts\/1867\/revisions"}],"wp:attachment":[{"href":"https:\/\/editionsbussiere.com\/blog\/wp-json\/wp\/v2\/media?parent=1867"}],"wp:term":[{"taxonomy":"category","embeddable":true,"href":"https:\/\/editionsbussiere.com\/blog\/wp-json\/wp\/v2\/categories?post=1867"},{"taxonomy":"post_tag","embeddable":true,"href":"https:\/\/editionsbussiere.com\/blog\/wp-json\/wp\/v2\/tags?post=1867"}],"curies":[{"name":"wp","href":"https:\/\/api.w.org\/{rel}","templated":true}]}}