{"id":1725,"date":"2025-03-20T18:03:47","date_gmt":"2025-03-20T17:03:47","guid":{"rendered":"https:\/\/editionsbussiere.com\/blog\/charleroi-et-aiseau-le-patrimoine-religieux-aux-oeuvres\/"},"modified":"2025-03-20T18:03:47","modified_gmt":"2025-03-20T17:03:47","slug":"charleroi-et-aiseau-le-patrimoine-religieux-aux-oeuvres","status":"publish","type":"post","link":"https:\/\/editionsbussiere.com\/blog\/charleroi-et-aiseau-le-patrimoine-religieux-aux-oeuvres\/","title":{"rendered":"Charleroi et aiseau: le patrimoine religieux aux \u0153uvres"},"content":{"rendered":"<div>\n<div id=\"story-content-PAYING\">\n<p class=\"ap-StoryElement ap-StoryElement--mb js-paywall-target ap-StoryText\">Dans La R\u00e9gion de Charleroi, Ces Derniers Temps, Le Travail NE Manque Pas. \u00c0 Aiseau-Presles, le Centre A Accompagn\u00e9 la Fabrique d&rsquo;\u00c9glise pour la cr\u00e9ation du Cipo, Le Centre d&rsquo;interpr\u00e9tation du Protob\u00e9guinisme d&rsquo;Oignies, Projet de Valorisation du Patrimoine Religi\u00e9ux Install\u00e9 Local Harmonieusement au Sein M\u00eame de l&rsquo;\u00c9glise. Toujours en appui avec Les Fabriques d&rsquo;\u00c9glise, le Chasha a eu et un rappel \u00e0 Faire Avec la D\u00e9saffectation de Plusieurs \u00c9glises de Charleroi, en particules Sainte-Marie, \u00e0 Lodelinsart, et saint-\u00e9loi, \u00e0 Charleroi Nord.<\/p>\n<p class=\"ap-StoryElement ap-StoryElement--mb ap-StoryText\">\u00c0 Couillet, L&rsquo;\u00e9glis Saint-Basile est \u00e0 pr\u00e9sentement au c\u0153r des pr\u00e9ocultes. <em>\u00ab\u00a0L&rsquo;autel lat\u00e9ral Sera R\u00e9affect \u00e0 un unglise Parisien. Il est Pr\u00e9vu Qu&rsquo;il QUITTE COUILLET CE SAMEDI. D&rsquo;AUTRES \u00c9L\u00c9MENTS DE D\u00c9COR DES DES CONFESSIONNAUX IRONT \u00c0 MAREDSOUS\u00a0\u00bb<\/em>Expliquez D\u00e9bora lo Mauro, responsable du Chasha. Versez L&rsquo;Orgue, Class\u00e9, le Centre S&rsquo;entoure de Sp\u00e9cialistes de Cet Imposant Instrument.<\/p>\n<p class=\"ap-StoryElement ap-StoryElement--mb ap-StoryText\">Il ya Encore l&rsquo;\u00c9glise Saint-Louis de Gonzague, \u00e0 Monceau-sur-Sambre, Appel\u00e9e \u00e0 Devenir Un LieU CommuniaTaire. Le Chasha a Aid\u00e9 la Fabrique d&rsquo;\u00c9glise pour le r\u00e9aliseur l&rsquo;inventaire, Faire le Tri du Mobilier, MaisSi le Prendre en D\u00e9p\u00f4t et Trouver Uneaffectation de Ce patrimoine, dans les \u00e9glises avoisinantes ou \u00e0 l&rsquo;\u00c9chelle du Dioc\u00e8ne.<\/p>\n<h2 class=\"ap-Title ap-StoryElement\"><span>Reconnaissance de Pr\u00e9cieuse<\/span><\/h2>\n<p class=\"ap-StoryElement ap-StoryElement--mb ap-StoryText\">La Mission du Chasha Vient d&rsquo;\u00eatre Reconnue par la F\u00e9d\u00e9ration Wallonie-Buxelles en Tant Qu &lsquo;\u00a0\u00bbOp\u00e9rature d&rsquo;Appui\u00a0\u00bb. Cette Reconnaissance Lui Permet de Renforcer Son R\u00f4le et ses missions. <em>\u00ab\u00a0Nous sommes assur\u00e9s de recevoir 35 000 \u20ac par an, pendentif quatre an\u00a0\u00bb<\/em>Pr\u00e9cis D\u00e9borah lo Mauro. Plus concr\u00e8tation, L&rsquo;Argent Servira \u00e0 Am\u00e9liorerer le D\u00e9p\u00f4t des Pi\u00e8ces Confi\u00e8nes, \u00e0 Renforcer la Logistique, Initier des Traitements de Conservation et restauration, \u00e0 monter des expositions temporaires ou \u00e0 la communication. Un-Livret de Pi\u00e8ces Choises Sera AUSSI R\u00e9alis\u00e9.<\/p>\n<p class=\"ap-StoryElement ap-StoryElement--mb ap-StoryText\">Des Trois Op\u00e9rateurs d&rsquo;Appui Reonnus en Hainaut (Avec ICom \u00e0 Marchenne-Au-Pont et Patrimoine Industriel de Wallonie \u00e0 Marcinelle), Le Chasha est Celui Qui a Revenu la plus importante subvention. <em>\u00ab\u00a0En hainaut, c&rsquo;est le seul \u00e0 remplir cette mission d&rsquo;expertise du patrimoine religieux hennuyer et d&rsquo;accompagnement des Fabriques, en \u00e9tant de plus port\u00e9s par des structures d&rsquo;\u00e9glises\u00a0\u00bb<\/em>insistez la responsable.<\/p>\n<p class=\"ap-StoryElement ap-StoryElement--mb ap-StoryText\">AU NIVEAU WALLON, SEUL LE MUS\u00c9E DIOC\u00c9SAIN DE NAMUR A MISSION UNE COMPARABLE, AVEC UNE AS SUBvention. <em>\u00ab\u00a0Cela Traduit la Volont\u00e9 de la FWB d&rsquo;accompagner les instances de geste du patrimoine religoyux\u00a0\u00bb<\/em>Conclut-Elle.<\/p>\n<\/div>\n<\/div>\n<p><!-- no image -->Le site editionsbussiere.com est fait afin de fournir diff\u00e9rentes publications sur la th\u00e9matique Editions \u00e9sot\u00e9rique fond\u00e9e en 1927 publi\u00e9es sur internet. editionsbussiere.com vous a concoct\u00e9 cet article qui informe du th\u00e8me \u00ab\u00a0Editions \u00e9sot\u00e9rique fond\u00e9e en 1927\u00a0\u00bb. Ce texte a \u00e9t\u00e9 r\u00e9\u00e9dit\u00e9 de la mani\u00e8re la plus compl\u00e8te qui soit. Si jamais vous souhaitez apporter quelques modifications concernant le domaine de \u00ab\u00a0Editions \u00e9sot\u00e9rique fond\u00e9e en 1927\u00a0\u00bb il est possible de d&rsquo;\u00e9changer avec notre \u00e9quipe. En visitant plusieurs fois notre blog vous serez au courant des prochaines annonces.<\/p>\n","protected":false},"excerpt":{"rendered":"<p>Dans La R\u00e9gion de Charleroi, Ces Derniers Temps, Le Travail NE Manque Pas. \u00c0 Aiseau-Presles, le Centre A Accompagn\u00e9 la Fabrique d&rsquo;\u00c9glise pour la cr\u00e9ation du Cipo, Le Centre d&rsquo;interpr\u00e9tation du Protob\u00e9guinisme d&rsquo;Oignies, Projet de Valorisation du Patrimoine Religi\u00e9ux Install\u00e9 Local Harmonieusement au Sein M\u00eame de l&rsquo;\u00c9glise. Toujours en appui avec Les Fabriques d&rsquo;\u00c9glise, le [&hellip;]<\/p>\n","protected":false},"author":2,"featured_media":0,"comment_status":"closed","ping_status":"closed","sticky":false,"template":"","format":"standard","meta":{"footnotes":""},"categories":[2],"tags":[],"class_list":["post-1725","post","type-post","status-publish","format-standard","hentry","category-editions-esoterique-fondee-en-1927","entry","fw-tab-6 fw-tabr-4"],"yoast_head":"<!-- This site is optimized with the Yoast SEO plugin v27.5 - https:\/\/yoast.com\/product\/yoast-seo-wordpress\/ -->\n<title>Charleroi et aiseau: le patrimoine religieux aux \u0153uvres - EDITIONSBUSSIERE<\/title>\n<meta name=\"robots\" content=\"index, follow, max-snippet:-1, max-image-preview:large, max-video-preview:-1\" \/>\n<link rel=\"canonical\" href=\"https:\/\/editionsbussiere.com\/blog\/charleroi-et-aiseau-le-patrimoine-religieux-aux-oeuvres\/\" \/>\n<meta property=\"og:locale\" content=\"fr_FR\" \/>\n<meta property=\"og:type\" content=\"article\" \/>\n<meta property=\"og:title\" content=\"Charleroi et aiseau: le patrimoine religieux aux \u0153uvres - EDITIONSBUSSIERE\" \/>\n<meta property=\"og:description\" content=\"Dans La R\u00e9gion de Charleroi, Ces Derniers Temps, Le Travail NE Manque Pas. \u00c0 Aiseau-Presles, le Centre A Accompagn\u00e9 la Fabrique d&rsquo;\u00c9glise pour la cr\u00e9ation du Cipo, Le Centre d&rsquo;interpr\u00e9tation du Protob\u00e9guinisme d&rsquo;Oignies, Projet de Valorisation du Patrimoine Religi\u00e9ux Install\u00e9 Local Harmonieusement au Sein M\u00eame de l&rsquo;\u00c9glise. Toujours en appui avec Les Fabriques d&rsquo;\u00c9glise, le [&hellip;]\" \/>\n<meta property=\"og:url\" content=\"https:\/\/editionsbussiere.com\/blog\/charleroi-et-aiseau-le-patrimoine-religieux-aux-oeuvres\/\" \/>\n<meta property=\"og:site_name\" content=\"EDITIONSBUSSIERE\" \/>\n<meta property=\"article:published_time\" content=\"2025-03-20T17:03:47+00:00\" \/>\n<meta name=\"author\" content=\"Jacques JOLIVET\" \/>\n<meta name=\"twitter:card\" content=\"summary_large_image\" \/>\n<meta name=\"twitter:label1\" content=\"\u00c9crit par\" \/>\n\t<meta name=\"twitter:data1\" content=\"Jacques JOLIVET\" \/>\n\t<meta name=\"twitter:label2\" content=\"Dur\u00e9e de lecture estim\u00e9e\" \/>\n\t<meta name=\"twitter:data2\" content=\"2 minutes\" \/>\n<script type=\"application\/ld+json\" class=\"yoast-schema-graph\">{\"@context\":\"https:\\\/\\\/schema.org\",\"@graph\":[{\"@type\":\"Article\",\"@id\":\"https:\\\/\\\/editionsbussiere.com\\\/blog\\\/charleroi-et-aiseau-le-patrimoine-religieux-aux-oeuvres\\\/#article\",\"isPartOf\":{\"@id\":\"https:\\\/\\\/editionsbussiere.com\\\/blog\\\/charleroi-et-aiseau-le-patrimoine-religieux-aux-oeuvres\\\/\"},\"author\":{\"name\":\"Jacques JOLIVET\",\"@id\":\"https:\\\/\\\/editionsbussiere.com\\\/blog\\\/#\\\/schema\\\/person\\\/4a5a88a011c746b8f374d0810c79e536\"},\"headline\":\"Charleroi et aiseau: le patrimoine religieux aux \u0153uvres\",\"datePublished\":\"2025-03-20T17:03:47+00:00\",\"mainEntityOfPage\":{\"@id\":\"https:\\\/\\\/editionsbussiere.com\\\/blog\\\/charleroi-et-aiseau-le-patrimoine-religieux-aux-oeuvres\\\/\"},\"wordCount\":504,\"publisher\":{\"@id\":\"https:\\\/\\\/editionsbussiere.com\\\/blog\\\/#organization\"},\"articleSection\":[\"Editions \u00c9sot\u00e9rique Fond\u00e9e En 1927:\"],\"inLanguage\":\"fr-FR\"},{\"@type\":\"WebPage\",\"@id\":\"https:\\\/\\\/editionsbussiere.com\\\/blog\\\/charleroi-et-aiseau-le-patrimoine-religieux-aux-oeuvres\\\/\",\"url\":\"https:\\\/\\\/editionsbussiere.com\\\/blog\\\/charleroi-et-aiseau-le-patrimoine-religieux-aux-oeuvres\\\/\",\"name\":\"Charleroi et aiseau: le patrimoine religieux aux \u0153uvres - EDITIONSBUSSIERE\",\"isPartOf\":{\"@id\":\"https:\\\/\\\/editionsbussiere.com\\\/blog\\\/#website\"},\"datePublished\":\"2025-03-20T17:03:47+00:00\",\"breadcrumb\":{\"@id\":\"https:\\\/\\\/editionsbussiere.com\\\/blog\\\/charleroi-et-aiseau-le-patrimoine-religieux-aux-oeuvres\\\/#breadcrumb\"},\"inLanguage\":\"fr-FR\",\"potentialAction\":[{\"@type\":\"ReadAction\",\"target\":[\"https:\\\/\\\/editionsbussiere.com\\\/blog\\\/charleroi-et-aiseau-le-patrimoine-religieux-aux-oeuvres\\\/\"]}]},{\"@type\":\"BreadcrumbList\",\"@id\":\"https:\\\/\\\/editionsbussiere.com\\\/blog\\\/charleroi-et-aiseau-le-patrimoine-religieux-aux-oeuvres\\\/#breadcrumb\",\"itemListElement\":[{\"@type\":\"ListItem\",\"position\":1,\"name\":\"Accueil\",\"item\":\"https:\\\/\\\/editionsbussiere.com\\\/blog\\\/\"},{\"@type\":\"ListItem\",\"position\":2,\"name\":\"Charleroi et aiseau: le patrimoine religieux aux \u0153uvres\"}]},{\"@type\":\"WebSite\",\"@id\":\"https:\\\/\\\/editionsbussiere.com\\\/blog\\\/#website\",\"url\":\"https:\\\/\\\/editionsbussiere.com\\\/blog\\\/\",\"name\":\"EDITIONSBUSSIERE\",\"description\":\"Editions \u00e9sot\u00e9rique fond\u00e9e en 1927; site historique, A SAVOIR ET RETENIR.\",\"publisher\":{\"@id\":\"https:\\\/\\\/editionsbussiere.com\\\/blog\\\/#organization\"},\"potentialAction\":[{\"@type\":\"SearchAction\",\"target\":{\"@type\":\"EntryPoint\",\"urlTemplate\":\"https:\\\/\\\/editionsbussiere.com\\\/blog\\\/?s={search_term_string}\"},\"query-input\":{\"@type\":\"PropertyValueSpecification\",\"valueRequired\":true,\"valueName\":\"search_term_string\"}}],\"inLanguage\":\"fr-FR\"},{\"@type\":\"Organization\",\"@id\":\"https:\\\/\\\/editionsbussiere.com\\\/blog\\\/#organization\",\"name\":\"editionsbussiere\",\"url\":\"https:\\\/\\\/editionsbussiere.com\\\/blog\\\/\",\"logo\":{\"@type\":\"ImageObject\",\"inLanguage\":\"fr-FR\",\"@id\":\"https:\\\/\\\/editionsbussiere.com\\\/blog\\\/#\\\/schema\\\/logo\\\/image\\\/\",\"url\":\"https:\\\/\\\/editionsbussiere.com\\\/blog\\\/wp-content\\\/uploads\\\/2023\\\/09\\\/cropped-buss.gif\",\"contentUrl\":\"https:\\\/\\\/editionsbussiere.com\\\/blog\\\/wp-content\\\/uploads\\\/2023\\\/09\\\/cropped-buss.gif\",\"width\":298,\"height\":120,\"caption\":\"editionsbussiere\"},\"image\":{\"@id\":\"https:\\\/\\\/editionsbussiere.com\\\/blog\\\/#\\\/schema\\\/logo\\\/image\\\/\"}},{\"@type\":\"Person\",\"@id\":\"https:\\\/\\\/editionsbussiere.com\\\/blog\\\/#\\\/schema\\\/person\\\/4a5a88a011c746b8f374d0810c79e536\",\"name\":\"Jacques JOLIVET\",\"image\":{\"@type\":\"ImageObject\",\"inLanguage\":\"fr-FR\",\"@id\":\"https:\\\/\\\/secure.gravatar.com\\\/avatar\\\/75a17b45476360ef3bfe45fcf0ffe89df5dc018eca14236e84b58f23a0570073?s=96&d=mm&r=g\",\"url\":\"https:\\\/\\\/secure.gravatar.com\\\/avatar\\\/75a17b45476360ef3bfe45fcf0ffe89df5dc018eca14236e84b58f23a0570073?s=96&d=mm&r=g\",\"contentUrl\":\"https:\\\/\\\/secure.gravatar.com\\\/avatar\\\/75a17b45476360ef3bfe45fcf0ffe89df5dc018eca14236e84b58f23a0570073?s=96&d=mm&r=g\",\"caption\":\"Jacques JOLIVET\"},\"url\":\"https:\\\/\\\/editionsbussiere.com\\\/blog\\\/author\\\/erejacques\\\/\"}]}<\/script>\n<!-- \/ Yoast SEO plugin. -->","yoast_head_json":{"title":"Charleroi et aiseau: le patrimoine religieux aux \u0153uvres - EDITIONSBUSSIERE","robots":{"index":"index","follow":"follow","max-snippet":"max-snippet:-1","max-image-preview":"max-image-preview:large","max-video-preview":"max-video-preview:-1"},"canonical":"https:\/\/editionsbussiere.com\/blog\/charleroi-et-aiseau-le-patrimoine-religieux-aux-oeuvres\/","og_locale":"fr_FR","og_type":"article","og_title":"Charleroi et aiseau: le patrimoine religieux aux \u0153uvres - EDITIONSBUSSIERE","og_description":"Dans La R\u00e9gion de Charleroi, Ces Derniers Temps, Le Travail NE Manque Pas. \u00c0 Aiseau-Presles, le Centre A Accompagn\u00e9 la Fabrique d&rsquo;\u00c9glise pour la cr\u00e9ation du Cipo, Le Centre d&rsquo;interpr\u00e9tation du Protob\u00e9guinisme d&rsquo;Oignies, Projet de Valorisation du Patrimoine Religi\u00e9ux Install\u00e9 Local Harmonieusement au Sein M\u00eame de l&rsquo;\u00c9glise. Toujours en appui avec Les Fabriques d&rsquo;\u00c9glise, le [&hellip;]","og_url":"https:\/\/editionsbussiere.com\/blog\/charleroi-et-aiseau-le-patrimoine-religieux-aux-oeuvres\/","og_site_name":"EDITIONSBUSSIERE","article_published_time":"2025-03-20T17:03:47+00:00","author":"Jacques JOLIVET","twitter_card":"summary_large_image","twitter_misc":{"\u00c9crit par":"Jacques JOLIVET","Dur\u00e9e de lecture estim\u00e9e":"2 minutes"},"schema":{"@context":"https:\/\/schema.org","@graph":[{"@type":"Article","@id":"https:\/\/editionsbussiere.com\/blog\/charleroi-et-aiseau-le-patrimoine-religieux-aux-oeuvres\/#article","isPartOf":{"@id":"https:\/\/editionsbussiere.com\/blog\/charleroi-et-aiseau-le-patrimoine-religieux-aux-oeuvres\/"},"author":{"name":"Jacques JOLIVET","@id":"https:\/\/editionsbussiere.com\/blog\/#\/schema\/person\/4a5a88a011c746b8f374d0810c79e536"},"headline":"Charleroi et aiseau: le patrimoine religieux aux \u0153uvres","datePublished":"2025-03-20T17:03:47+00:00","mainEntityOfPage":{"@id":"https:\/\/editionsbussiere.com\/blog\/charleroi-et-aiseau-le-patrimoine-religieux-aux-oeuvres\/"},"wordCount":504,"publisher":{"@id":"https:\/\/editionsbussiere.com\/blog\/#organization"},"articleSection":["Editions \u00c9sot\u00e9rique Fond\u00e9e En 1927:"],"inLanguage":"fr-FR"},{"@type":"WebPage","@id":"https:\/\/editionsbussiere.com\/blog\/charleroi-et-aiseau-le-patrimoine-religieux-aux-oeuvres\/","url":"https:\/\/editionsbussiere.com\/blog\/charleroi-et-aiseau-le-patrimoine-religieux-aux-oeuvres\/","name":"Charleroi et aiseau: le patrimoine religieux aux \u0153uvres - EDITIONSBUSSIERE","isPartOf":{"@id":"https:\/\/editionsbussiere.com\/blog\/#website"},"datePublished":"2025-03-20T17:03:47+00:00","breadcrumb":{"@id":"https:\/\/editionsbussiere.com\/blog\/charleroi-et-aiseau-le-patrimoine-religieux-aux-oeuvres\/#breadcrumb"},"inLanguage":"fr-FR","potentialAction":[{"@type":"ReadAction","target":["https:\/\/editionsbussiere.com\/blog\/charleroi-et-aiseau-le-patrimoine-religieux-aux-oeuvres\/"]}]},{"@type":"BreadcrumbList","@id":"https:\/\/editionsbussiere.com\/blog\/charleroi-et-aiseau-le-patrimoine-religieux-aux-oeuvres\/#breadcrumb","itemListElement":[{"@type":"ListItem","position":1,"name":"Accueil","item":"https:\/\/editionsbussiere.com\/blog\/"},{"@type":"ListItem","position":2,"name":"Charleroi et aiseau: le patrimoine religieux aux \u0153uvres"}]},{"@type":"WebSite","@id":"https:\/\/editionsbussiere.com\/blog\/#website","url":"https:\/\/editionsbussiere.com\/blog\/","name":"EDITIONSBUSSIERE","description":"Editions \u00e9sot\u00e9rique fond\u00e9e en 1927; site historique, A SAVOIR ET RETENIR.","publisher":{"@id":"https:\/\/editionsbussiere.com\/blog\/#organization"},"potentialAction":[{"@type":"SearchAction","target":{"@type":"EntryPoint","urlTemplate":"https:\/\/editionsbussiere.com\/blog\/?s={search_term_string}"},"query-input":{"@type":"PropertyValueSpecification","valueRequired":true,"valueName":"search_term_string"}}],"inLanguage":"fr-FR"},{"@type":"Organization","@id":"https:\/\/editionsbussiere.com\/blog\/#organization","name":"editionsbussiere","url":"https:\/\/editionsbussiere.com\/blog\/","logo":{"@type":"ImageObject","inLanguage":"fr-FR","@id":"https:\/\/editionsbussiere.com\/blog\/#\/schema\/logo\/image\/","url":"https:\/\/editionsbussiere.com\/blog\/wp-content\/uploads\/2023\/09\/cropped-buss.gif","contentUrl":"https:\/\/editionsbussiere.com\/blog\/wp-content\/uploads\/2023\/09\/cropped-buss.gif","width":298,"height":120,"caption":"editionsbussiere"},"image":{"@id":"https:\/\/editionsbussiere.com\/blog\/#\/schema\/logo\/image\/"}},{"@type":"Person","@id":"https:\/\/editionsbussiere.com\/blog\/#\/schema\/person\/4a5a88a011c746b8f374d0810c79e536","name":"Jacques JOLIVET","image":{"@type":"ImageObject","inLanguage":"fr-FR","@id":"https:\/\/secure.gravatar.com\/avatar\/75a17b45476360ef3bfe45fcf0ffe89df5dc018eca14236e84b58f23a0570073?s=96&d=mm&r=g","url":"https:\/\/secure.gravatar.com\/avatar\/75a17b45476360ef3bfe45fcf0ffe89df5dc018eca14236e84b58f23a0570073?s=96&d=mm&r=g","contentUrl":"https:\/\/secure.gravatar.com\/avatar\/75a17b45476360ef3bfe45fcf0ffe89df5dc018eca14236e84b58f23a0570073?s=96&d=mm&r=g","caption":"Jacques JOLIVET"},"url":"https:\/\/editionsbussiere.com\/blog\/author\/erejacques\/"}]}},"_links":{"self":[{"href":"https:\/\/editionsbussiere.com\/blog\/wp-json\/wp\/v2\/posts\/1725","targetHints":{"allow":["GET"]}}],"collection":[{"href":"https:\/\/editionsbussiere.com\/blog\/wp-json\/wp\/v2\/posts"}],"about":[{"href":"https:\/\/editionsbussiere.com\/blog\/wp-json\/wp\/v2\/types\/post"}],"author":[{"embeddable":true,"href":"https:\/\/editionsbussiere.com\/blog\/wp-json\/wp\/v2\/users\/2"}],"replies":[{"embeddable":true,"href":"https:\/\/editionsbussiere.com\/blog\/wp-json\/wp\/v2\/comments?post=1725"}],"version-history":[{"count":0,"href":"https:\/\/editionsbussiere.com\/blog\/wp-json\/wp\/v2\/posts\/1725\/revisions"}],"wp:attachment":[{"href":"https:\/\/editionsbussiere.com\/blog\/wp-json\/wp\/v2\/media?parent=1725"}],"wp:term":[{"taxonomy":"category","embeddable":true,"href":"https:\/\/editionsbussiere.com\/blog\/wp-json\/wp\/v2\/categories?post=1725"},{"taxonomy":"post_tag","embeddable":true,"href":"https:\/\/editionsbussiere.com\/blog\/wp-json\/wp\/v2\/tags?post=1725"}],"curies":[{"name":"wp","href":"https:\/\/api.w.org\/{rel}","templated":true}]}}