{"id":1563,"date":"2024-12-20T10:34:52","date_gmt":"2024-12-20T09:34:52","guid":{"rendered":"https:\/\/editionsbussiere.com\/blog\/apres-4-ans-de-travaux-leglise-des-reformes-refaite-a-neuf-est-inauguree-ce-vendredi-a-marseille\/"},"modified":"2024-12-20T10:34:52","modified_gmt":"2024-12-20T09:34:52","slug":"apres-4-ans-de-travaux-leglise-des-reformes-refaite-a-neuf-est-inauguree-ce-vendredi-a-marseille","status":"publish","type":"post","link":"https:\/\/editionsbussiere.com\/blog\/apres-4-ans-de-travaux-leglise-des-reformes-refaite-a-neuf-est-inauguree-ce-vendredi-a-marseille\/","title":{"rendered":"Apr\u00e8s 4 ans de travaux, l&rsquo;\u00e9glise des R\u00e9form\u00e9s, refaite \u00e0 neuf, est inaugur\u00e9e ce vendredi \u00e0 Marseille"},"content":{"rendered":"<div>\n<div>\n<p><!-- HTML_TAG_START -->C&rsquo;est une \u00e9glise embl\u00e9matique de Marseille ! L&rsquo;\u00e9glise Saint-Vincent-de-Paul, plus connue sous le nom d&rsquo;\u00e9glise des R\u00e9form\u00e9s situ\u00e9e en haut de la Canebi\u00e8re, a subi une <strong>v\u00e9ritable cure de jouvence gr\u00e2ce \u00e0 une restauration int\u00e9rieure et ext\u00e9rieure<\/strong>.<!-- HTML_TAG_END --><\/p>\n<div class=\"EmbedInread svelte-18lc864\">\n<div class=\"AdsSlot svelte-d523tf     inread  forceDisplay\">   <\/div>\n<\/div>\n<p><!-- HTML_TAG_START -->Termin\u00e9 en 1886, l&rsquo;\u00e9difice class\u00e9 Monument historique en 2015 a \u00e9t\u00e9 consid\u00e9rablement abim\u00e9 par le temps. Il a donc tout fallu refaire, \u00e0 l&rsquo;int\u00e9rieur comme \u00e0 l&rsquo;ext\u00e9rieur. <strong>Les travaux ont co\u00fbt\u00e9 18 millions d&rsquo;euros<\/strong>. Le d\u00e9partement des Bouches-du-Rh\u00f4ne finance \u00e0 hauteur de 11,7 millions d&rsquo;euros et la ville de Marseille \u00e0 hauteur de 7 millions. Les travaux ont dur\u00e9 quatre ans.<!-- HTML_TAG_END --><\/p>\n<h2><!-- HTML_TAG_START -->Une remise \u00e0 neuf compl\u00e8te<!-- HTML_TAG_END --><\/h2>\n<p><!-- HTML_TAG_START -->Des travaux de r\u00e9novation complets ont \u00e9t\u00e9 men\u00e9s, \u00e0 commencer par l&rsquo;ext\u00e9rieur avec la <strong>restauration de la fa\u00e7ade principale et des fl\u00e8ches.<\/strong> <em>\u00a0\u00bb Il a d&rsquo;abord fallu concevoir un \u00e9chafaudage qui monte \u00e0 70 m\u00e8tres de haut pour refaire toute la d\u00e9coration des fl\u00e8ches : les crochets, les gargouilles, les feuilles de choux. cela donne l&rsquo;impression d&rsquo;avoir une nouvelle \u00e9glise\u00a0\u00bb<\/em>  explique le p\u00e8re R\u00e9my de Bovis, le cur\u00e9 de la paroisse. La toiture a \u00e9galement \u00e9t\u00e9 refaite et la structure m\u00eame du b\u00e2timent a \u00e9t\u00e9 profond\u00e9ment repens\u00e9e afin de le s\u00e9curiser durablement.<!-- HTML_TAG_END --><\/p>\n<p><!-- HTML_TAG_START -->Les travaux ont \u00e9galement concern\u00e9 l&rsquo;int\u00e9rieur de cette \u00e9glise de style n\u00e9o-gothique avec notamment la restauration des 55 vitraux.  <em>\u00ab\u00a01270 m\u00e8tres de vitraux. C&rsquo;est la plus grande surface de vitraux du Sud de la France. <strong>Sur une impression d&rsquo;\u00eatre au moyen-\u00e2ge<\/strong>. Il faut venir aux diff\u00e9rents moments de la journ\u00e9e pour admirer les \u00e9clairages diff\u00e9rents et les couleurs\u00a0\u00bb<\/em>  poursuit le cur\u00e9. La nef, le ch\u0153ur et les orgues qui font la sp\u00e9cificit\u00e9 de cette \u00e9glise ont aussi \u00e9t\u00e9 restaur\u00e9s.<!-- HTML_TAG_END --><\/p>\n<div class=\"Visual  svelte-oc3dae\">\n<div class=\"svelte-1oajubz\">\n<figure class=\"Figure svelte-1qxh27b\">\n<div style=\"padding-top: 56.17%;\" class=\"svelte-1qxh27b\"><picture> <\/picture><\/div><figcaption class=\"FigCaption g-body-3 svelte-10ri9z3\"><span itemprop=\"caption\">Les 55 vitraux de l&rsquo;\u00e9glise ont tous \u00e9t\u00e9 restaur\u00e9s<\/span> <span itemprop=\"copyrightHolder\">\u00a9 Radio-France<\/span> \u2013<br \/>\n    <span itemprop=\"creator\">\u00c9milie Briffod<\/span> <\/figcaption><\/figure>\n<\/div>\n<\/div>\n<h2><!-- HTML_TAG_START -->\u00ab\u00a0Une vraie \u00e9glise de quartier, populaire\u00a0\u00bb<!-- HTML_TAG_END --><\/h2>\n<p><!-- HTML_TAG_START -->Au-del\u00e0 de son architecture, l&rsquo;\u00e9glise des R\u00e9form\u00e9s est profond\u00e9ment enracin\u00e9e dans l&rsquo;identit\u00e9 marseillaise. Sa restauration ne se limite pas \u00e0 la pr\u00e9servation de son patrimoine : elle renforce son <strong>r\u00f4le de lien social et de dynamisme local.<\/strong> Lieu de spiritualit\u00e9, elle incarne la m\u00e9moire collective de la cit\u00e9. Pour la Pr\u00e9sidente du d\u00e9partement des Bouches-du-Rh\u00f4ne Martine Vassal : <em>\u00ab Ces monuments et lieux cultuels font la fiert\u00e9 des Marseillais, mais aussi t\u00e9moignent de l&rsquo;histoire de la cit\u00e9 phoc\u00e9enne \u00bb<\/em>.<!-- HTML_TAG_END --><\/p>\n<p><!-- HTML_TAG_START -->Les visiteurs rencontr\u00e9s \u00e0 l&rsquo;int\u00e9rieur sont \u00e9blouis par la beaut\u00e9 de l&rsquo;\u00e9glise. <em>\u00ab\u00a0C&rsquo;est absolument magnifique. <strong>On se sent tout petit \u00e0 l&rsquo;int\u00e9rieur devant tant de beaut\u00e9.<\/strong> C&rsquo;est le travail de l&rsquo;homme qui est remarquable. C&rsquo;est un lieu de p\u00e8lerinage o\u00f9 je viens me recueillir\u00a0\u00bb, me retrouver<\/em> se r\u00e9jouit No\u00eblle, cette marseillaise qui vient ici pour la premi\u00e8re fois depuis que l&rsquo;\u00e9glise a \u00e9t\u00e9 r\u00e9nov\u00e9e accompagn\u00e9e de son petit fils <em>\u00ab\u00a0J&rsquo;aime beaucoup cette \u00e9glise. Elle est tr\u00e8s sobre, sans fioritures. C&rsquo;est une vraie \u00e9glise de quartier, populaire\u00a0\u00bb.<\/em><!-- HTML_TAG_END --><\/p>\n<p><!-- HTML_TAG_START -->Le cur\u00e9 de la paroisse se r\u00e9jouit de voir \u00e0 quel point les habitants du quartier sont attach\u00e9s au lieu. <em>\u00ab\u00a0<strong>Tous les dimanches, 350 fid\u00e8les viennent prier<\/strong> et avant la messe, on sert du caf\u00e9 \u00e0 une centaine de personnes. Tous les vendredi matin, des habitants viennent balayer et nettoyer l&rsquo;\u00e9glise. Il y a un tr\u00e8s grand attachement \u00e0 ce lieu embl\u00e9matique, en haut de la canebi\u00e8re qui se voit de diff\u00e9rents lieux de Marseille\u00a0\u00bb<\/em><!-- HTML_TAG_END --><\/p>\n<div class=\"Visual  svelte-oc3dae\">\n<div class=\"svelte-1oajubz\">\n<figure class=\"Figure svelte-1qxh27b\">\n<div style=\"padding-top: 56.17%;\" class=\"svelte-1qxh27b\"><picture> <\/picture><\/div><figcaption class=\"FigCaption g-body-3 svelte-10ri9z3\"><span itemprop=\"caption\">Le p\u00e8re R\u00e9my de Bovis est le cur\u00e9 de la paroisse<\/span> <span itemprop=\"copyrightHolder\">\u00a9 Radio-France<\/span> \u2013<br \/>\n    <span itemprop=\"creator\">\u00c9milie Briffod<\/span> <\/figcaption><\/figure>\n<\/div>\n<\/div>\n<p><!-- HTML_TAG_START -->L&rsquo;inauguration a lieu ce vendredi 20 d\u00e9cembre \u00e0 partir de 19h en pr\u00e9sence de Martine Vassal, Pr\u00e9sidente du Conseil d\u00e9partemental, du Maire de Marseille Beno\u00eet Payan et de l&rsquo;Archev\u00eaque de Marseille Jean-Marc Aveline.<!-- HTML_TAG_END --><\/p>\n<p><!-- HTML_TAG_START -->L&rsquo;inauguration sera suivie d&rsquo;un <strong>concert du Ch\u0153ur Philharmonique de Marseill<\/strong>e avec une centaine de chanteurs et un pianiste, qui interpr\u00e8teront le Messie de Haendel.<!-- HTML_TAG_END --><\/p>\n<p><!-- HTML_TAG_START -->Entr\u00e9e libre, dans la limite des places disponibles.<!-- HTML_TAG_END --><\/p>\n<\/div>\n<\/div>\n<p><!-- no image -->Le site editionsbussiere.com est fait afin de fournir diff\u00e9rentes publications sur la th\u00e9matique Editions \u00e9sot\u00e9rique fond\u00e9e en 1927 publi\u00e9es sur internet. editionsbussiere.com vous a concoct\u00e9 cet article qui informe du th\u00e8me \u00ab\u00a0Editions \u00e9sot\u00e9rique fond\u00e9e en 1927\u00a0\u00bb. Ce texte a \u00e9t\u00e9 r\u00e9\u00e9dit\u00e9 de la mani\u00e8re la plus compl\u00e8te qui soit. Si jamais vous souhaitez apporter quelques modifications concernant le domaine de \u00ab\u00a0Editions \u00e9sot\u00e9rique fond\u00e9e en 1927\u00a0\u00bb il est possible de d&rsquo;\u00e9changer avec notre \u00e9quipe. En visitant plusieurs fois notre blog vous serez au courant des prochaines annonces.<\/p>\n","protected":false},"excerpt":{"rendered":"<p>C&rsquo;est une \u00e9glise embl\u00e9matique de Marseille ! L&rsquo;\u00e9glise Saint-Vincent-de-Paul, plus connue sous le nom d&rsquo;\u00e9glise des R\u00e9form\u00e9s situ\u00e9e en haut de la Canebi\u00e8re, a subi une v\u00e9ritable cure de jouvence gr\u00e2ce \u00e0 une restauration int\u00e9rieure et ext\u00e9rieure. Termin\u00e9 en 1886, l&rsquo;\u00e9difice class\u00e9 Monument historique en 2015 a \u00e9t\u00e9 consid\u00e9rablement abim\u00e9 par le temps. Il a [&hellip;]<\/p>\n","protected":false},"author":2,"featured_media":0,"comment_status":"closed","ping_status":"closed","sticky":false,"template":"","format":"standard","meta":{"footnotes":""},"categories":[2],"tags":[],"class_list":["post-1563","post","type-post","status-publish","format-standard","hentry","category-editions-esoterique-fondee-en-1927","entry","fw-tab-6 fw-tabr-4"],"yoast_head":"<!-- This site is optimized with the Yoast SEO plugin v27.5 - https:\/\/yoast.com\/product\/yoast-seo-wordpress\/ -->\n<title>Apr\u00e8s 4 ans de travaux, l&#039;\u00e9glise des R\u00e9form\u00e9s, refaite \u00e0 neuf, est inaugur\u00e9e ce vendredi \u00e0 Marseille - EDITIONSBUSSIERE<\/title>\n<meta name=\"robots\" content=\"index, follow, max-snippet:-1, max-image-preview:large, max-video-preview:-1\" \/>\n<link rel=\"canonical\" href=\"https:\/\/editionsbussiere.com\/blog\/apres-4-ans-de-travaux-leglise-des-reformes-refaite-a-neuf-est-inauguree-ce-vendredi-a-marseille\/\" \/>\n<meta property=\"og:locale\" content=\"fr_FR\" \/>\n<meta property=\"og:type\" content=\"article\" \/>\n<meta property=\"og:title\" content=\"Apr\u00e8s 4 ans de travaux, l&#039;\u00e9glise des R\u00e9form\u00e9s, refaite \u00e0 neuf, est inaugur\u00e9e ce vendredi \u00e0 Marseille - EDITIONSBUSSIERE\" \/>\n<meta property=\"og:description\" content=\"C&rsquo;est une \u00e9glise embl\u00e9matique de Marseille ! L&rsquo;\u00e9glise Saint-Vincent-de-Paul, plus connue sous le nom d&rsquo;\u00e9glise des R\u00e9form\u00e9s situ\u00e9e en haut de la Canebi\u00e8re, a subi une v\u00e9ritable cure de jouvence gr\u00e2ce \u00e0 une restauration int\u00e9rieure et ext\u00e9rieure. Termin\u00e9 en 1886, l&rsquo;\u00e9difice class\u00e9 Monument historique en 2015 a \u00e9t\u00e9 consid\u00e9rablement abim\u00e9 par le temps. Il a [&hellip;]\" \/>\n<meta property=\"og:url\" content=\"https:\/\/editionsbussiere.com\/blog\/apres-4-ans-de-travaux-leglise-des-reformes-refaite-a-neuf-est-inauguree-ce-vendredi-a-marseille\/\" \/>\n<meta property=\"og:site_name\" content=\"EDITIONSBUSSIERE\" \/>\n<meta property=\"article:published_time\" content=\"2024-12-20T09:34:52+00:00\" \/>\n<meta name=\"author\" content=\"Jacques JOLIVET\" \/>\n<meta name=\"twitter:card\" content=\"summary_large_image\" \/>\n<meta name=\"twitter:label1\" content=\"\u00c9crit par\" \/>\n\t<meta name=\"twitter:data1\" content=\"Jacques JOLIVET\" \/>\n\t<meta name=\"twitter:label2\" content=\"Dur\u00e9e de lecture estim\u00e9e\" \/>\n\t<meta name=\"twitter:data2\" content=\"4 minutes\" \/>\n<script type=\"application\/ld+json\" class=\"yoast-schema-graph\">{\"@context\":\"https:\\\/\\\/schema.org\",\"@graph\":[{\"@type\":\"Article\",\"@id\":\"https:\\\/\\\/editionsbussiere.com\\\/blog\\\/apres-4-ans-de-travaux-leglise-des-reformes-refaite-a-neuf-est-inauguree-ce-vendredi-a-marseille\\\/#article\",\"isPartOf\":{\"@id\":\"https:\\\/\\\/editionsbussiere.com\\\/blog\\\/apres-4-ans-de-travaux-leglise-des-reformes-refaite-a-neuf-est-inauguree-ce-vendredi-a-marseille\\\/\"},\"author\":{\"name\":\"Jacques JOLIVET\",\"@id\":\"https:\\\/\\\/editionsbussiere.com\\\/blog\\\/#\\\/schema\\\/person\\\/4a5a88a011c746b8f374d0810c79e536\"},\"headline\":\"Apr\u00e8s 4 ans de travaux, l&rsquo;\u00e9glise des R\u00e9form\u00e9s, refaite \u00e0 neuf, est inaugur\u00e9e ce vendredi \u00e0 Marseille\",\"datePublished\":\"2024-12-20T09:34:52+00:00\",\"mainEntityOfPage\":{\"@id\":\"https:\\\/\\\/editionsbussiere.com\\\/blog\\\/apres-4-ans-de-travaux-leglise-des-reformes-refaite-a-neuf-est-inauguree-ce-vendredi-a-marseille\\\/\"},\"wordCount\":788,\"publisher\":{\"@id\":\"https:\\\/\\\/editionsbussiere.com\\\/blog\\\/#organization\"},\"articleSection\":[\"Editions \u00c9sot\u00e9rique Fond\u00e9e En 1927:\"],\"inLanguage\":\"fr-FR\"},{\"@type\":\"WebPage\",\"@id\":\"https:\\\/\\\/editionsbussiere.com\\\/blog\\\/apres-4-ans-de-travaux-leglise-des-reformes-refaite-a-neuf-est-inauguree-ce-vendredi-a-marseille\\\/\",\"url\":\"https:\\\/\\\/editionsbussiere.com\\\/blog\\\/apres-4-ans-de-travaux-leglise-des-reformes-refaite-a-neuf-est-inauguree-ce-vendredi-a-marseille\\\/\",\"name\":\"Apr\u00e8s 4 ans de travaux, l'\u00e9glise des R\u00e9form\u00e9s, refaite \u00e0 neuf, est inaugur\u00e9e ce vendredi \u00e0 Marseille - EDITIONSBUSSIERE\",\"isPartOf\":{\"@id\":\"https:\\\/\\\/editionsbussiere.com\\\/blog\\\/#website\"},\"datePublished\":\"2024-12-20T09:34:52+00:00\",\"breadcrumb\":{\"@id\":\"https:\\\/\\\/editionsbussiere.com\\\/blog\\\/apres-4-ans-de-travaux-leglise-des-reformes-refaite-a-neuf-est-inauguree-ce-vendredi-a-marseille\\\/#breadcrumb\"},\"inLanguage\":\"fr-FR\",\"potentialAction\":[{\"@type\":\"ReadAction\",\"target\":[\"https:\\\/\\\/editionsbussiere.com\\\/blog\\\/apres-4-ans-de-travaux-leglise-des-reformes-refaite-a-neuf-est-inauguree-ce-vendredi-a-marseille\\\/\"]}]},{\"@type\":\"BreadcrumbList\",\"@id\":\"https:\\\/\\\/editionsbussiere.com\\\/blog\\\/apres-4-ans-de-travaux-leglise-des-reformes-refaite-a-neuf-est-inauguree-ce-vendredi-a-marseille\\\/#breadcrumb\",\"itemListElement\":[{\"@type\":\"ListItem\",\"position\":1,\"name\":\"Accueil\",\"item\":\"https:\\\/\\\/editionsbussiere.com\\\/blog\\\/\"},{\"@type\":\"ListItem\",\"position\":2,\"name\":\"Apr\u00e8s 4 ans de travaux, l&rsquo;\u00e9glise des R\u00e9form\u00e9s, refaite \u00e0 neuf, est inaugur\u00e9e ce vendredi \u00e0 Marseille\"}]},{\"@type\":\"WebSite\",\"@id\":\"https:\\\/\\\/editionsbussiere.com\\\/blog\\\/#website\",\"url\":\"https:\\\/\\\/editionsbussiere.com\\\/blog\\\/\",\"name\":\"EDITIONSBUSSIERE\",\"description\":\"Editions \u00e9sot\u00e9rique fond\u00e9e en 1927; site historique, A SAVOIR ET RETENIR.\",\"publisher\":{\"@id\":\"https:\\\/\\\/editionsbussiere.com\\\/blog\\\/#organization\"},\"potentialAction\":[{\"@type\":\"SearchAction\",\"target\":{\"@type\":\"EntryPoint\",\"urlTemplate\":\"https:\\\/\\\/editionsbussiere.com\\\/blog\\\/?s={search_term_string}\"},\"query-input\":{\"@type\":\"PropertyValueSpecification\",\"valueRequired\":true,\"valueName\":\"search_term_string\"}}],\"inLanguage\":\"fr-FR\"},{\"@type\":\"Organization\",\"@id\":\"https:\\\/\\\/editionsbussiere.com\\\/blog\\\/#organization\",\"name\":\"editionsbussiere\",\"url\":\"https:\\\/\\\/editionsbussiere.com\\\/blog\\\/\",\"logo\":{\"@type\":\"ImageObject\",\"inLanguage\":\"fr-FR\",\"@id\":\"https:\\\/\\\/editionsbussiere.com\\\/blog\\\/#\\\/schema\\\/logo\\\/image\\\/\",\"url\":\"https:\\\/\\\/editionsbussiere.com\\\/blog\\\/wp-content\\\/uploads\\\/2023\\\/09\\\/cropped-buss.gif\",\"contentUrl\":\"https:\\\/\\\/editionsbussiere.com\\\/blog\\\/wp-content\\\/uploads\\\/2023\\\/09\\\/cropped-buss.gif\",\"width\":298,\"height\":120,\"caption\":\"editionsbussiere\"},\"image\":{\"@id\":\"https:\\\/\\\/editionsbussiere.com\\\/blog\\\/#\\\/schema\\\/logo\\\/image\\\/\"}},{\"@type\":\"Person\",\"@id\":\"https:\\\/\\\/editionsbussiere.com\\\/blog\\\/#\\\/schema\\\/person\\\/4a5a88a011c746b8f374d0810c79e536\",\"name\":\"Jacques JOLIVET\",\"image\":{\"@type\":\"ImageObject\",\"inLanguage\":\"fr-FR\",\"@id\":\"https:\\\/\\\/secure.gravatar.com\\\/avatar\\\/75a17b45476360ef3bfe45fcf0ffe89df5dc018eca14236e84b58f23a0570073?s=96&d=mm&r=g\",\"url\":\"https:\\\/\\\/secure.gravatar.com\\\/avatar\\\/75a17b45476360ef3bfe45fcf0ffe89df5dc018eca14236e84b58f23a0570073?s=96&d=mm&r=g\",\"contentUrl\":\"https:\\\/\\\/secure.gravatar.com\\\/avatar\\\/75a17b45476360ef3bfe45fcf0ffe89df5dc018eca14236e84b58f23a0570073?s=96&d=mm&r=g\",\"caption\":\"Jacques JOLIVET\"},\"url\":\"https:\\\/\\\/editionsbussiere.com\\\/blog\\\/author\\\/erejacques\\\/\"}]}<\/script>\n<!-- \/ Yoast SEO plugin. -->","yoast_head_json":{"title":"Apr\u00e8s 4 ans de travaux, l'\u00e9glise des R\u00e9form\u00e9s, refaite \u00e0 neuf, est inaugur\u00e9e ce vendredi \u00e0 Marseille - EDITIONSBUSSIERE","robots":{"index":"index","follow":"follow","max-snippet":"max-snippet:-1","max-image-preview":"max-image-preview:large","max-video-preview":"max-video-preview:-1"},"canonical":"https:\/\/editionsbussiere.com\/blog\/apres-4-ans-de-travaux-leglise-des-reformes-refaite-a-neuf-est-inauguree-ce-vendredi-a-marseille\/","og_locale":"fr_FR","og_type":"article","og_title":"Apr\u00e8s 4 ans de travaux, l'\u00e9glise des R\u00e9form\u00e9s, refaite \u00e0 neuf, est inaugur\u00e9e ce vendredi \u00e0 Marseille - EDITIONSBUSSIERE","og_description":"C&rsquo;est une \u00e9glise embl\u00e9matique de Marseille ! L&rsquo;\u00e9glise Saint-Vincent-de-Paul, plus connue sous le nom d&rsquo;\u00e9glise des R\u00e9form\u00e9s situ\u00e9e en haut de la Canebi\u00e8re, a subi une v\u00e9ritable cure de jouvence gr\u00e2ce \u00e0 une restauration int\u00e9rieure et ext\u00e9rieure. Termin\u00e9 en 1886, l&rsquo;\u00e9difice class\u00e9 Monument historique en 2015 a \u00e9t\u00e9 consid\u00e9rablement abim\u00e9 par le temps. Il a [&hellip;]","og_url":"https:\/\/editionsbussiere.com\/blog\/apres-4-ans-de-travaux-leglise-des-reformes-refaite-a-neuf-est-inauguree-ce-vendredi-a-marseille\/","og_site_name":"EDITIONSBUSSIERE","article_published_time":"2024-12-20T09:34:52+00:00","author":"Jacques JOLIVET","twitter_card":"summary_large_image","twitter_misc":{"\u00c9crit par":"Jacques JOLIVET","Dur\u00e9e de lecture estim\u00e9e":"4 minutes"},"schema":{"@context":"https:\/\/schema.org","@graph":[{"@type":"Article","@id":"https:\/\/editionsbussiere.com\/blog\/apres-4-ans-de-travaux-leglise-des-reformes-refaite-a-neuf-est-inauguree-ce-vendredi-a-marseille\/#article","isPartOf":{"@id":"https:\/\/editionsbussiere.com\/blog\/apres-4-ans-de-travaux-leglise-des-reformes-refaite-a-neuf-est-inauguree-ce-vendredi-a-marseille\/"},"author":{"name":"Jacques JOLIVET","@id":"https:\/\/editionsbussiere.com\/blog\/#\/schema\/person\/4a5a88a011c746b8f374d0810c79e536"},"headline":"Apr\u00e8s 4 ans de travaux, l&rsquo;\u00e9glise des R\u00e9form\u00e9s, refaite \u00e0 neuf, est inaugur\u00e9e ce vendredi \u00e0 Marseille","datePublished":"2024-12-20T09:34:52+00:00","mainEntityOfPage":{"@id":"https:\/\/editionsbussiere.com\/blog\/apres-4-ans-de-travaux-leglise-des-reformes-refaite-a-neuf-est-inauguree-ce-vendredi-a-marseille\/"},"wordCount":788,"publisher":{"@id":"https:\/\/editionsbussiere.com\/blog\/#organization"},"articleSection":["Editions \u00c9sot\u00e9rique Fond\u00e9e En 1927:"],"inLanguage":"fr-FR"},{"@type":"WebPage","@id":"https:\/\/editionsbussiere.com\/blog\/apres-4-ans-de-travaux-leglise-des-reformes-refaite-a-neuf-est-inauguree-ce-vendredi-a-marseille\/","url":"https:\/\/editionsbussiere.com\/blog\/apres-4-ans-de-travaux-leglise-des-reformes-refaite-a-neuf-est-inauguree-ce-vendredi-a-marseille\/","name":"Apr\u00e8s 4 ans de travaux, l'\u00e9glise des R\u00e9form\u00e9s, refaite \u00e0 neuf, est inaugur\u00e9e ce vendredi \u00e0 Marseille - EDITIONSBUSSIERE","isPartOf":{"@id":"https:\/\/editionsbussiere.com\/blog\/#website"},"datePublished":"2024-12-20T09:34:52+00:00","breadcrumb":{"@id":"https:\/\/editionsbussiere.com\/blog\/apres-4-ans-de-travaux-leglise-des-reformes-refaite-a-neuf-est-inauguree-ce-vendredi-a-marseille\/#breadcrumb"},"inLanguage":"fr-FR","potentialAction":[{"@type":"ReadAction","target":["https:\/\/editionsbussiere.com\/blog\/apres-4-ans-de-travaux-leglise-des-reformes-refaite-a-neuf-est-inauguree-ce-vendredi-a-marseille\/"]}]},{"@type":"BreadcrumbList","@id":"https:\/\/editionsbussiere.com\/blog\/apres-4-ans-de-travaux-leglise-des-reformes-refaite-a-neuf-est-inauguree-ce-vendredi-a-marseille\/#breadcrumb","itemListElement":[{"@type":"ListItem","position":1,"name":"Accueil","item":"https:\/\/editionsbussiere.com\/blog\/"},{"@type":"ListItem","position":2,"name":"Apr\u00e8s 4 ans de travaux, l&rsquo;\u00e9glise des R\u00e9form\u00e9s, refaite \u00e0 neuf, est inaugur\u00e9e ce vendredi \u00e0 Marseille"}]},{"@type":"WebSite","@id":"https:\/\/editionsbussiere.com\/blog\/#website","url":"https:\/\/editionsbussiere.com\/blog\/","name":"EDITIONSBUSSIERE","description":"Editions \u00e9sot\u00e9rique fond\u00e9e en 1927; site historique, A SAVOIR ET RETENIR.","publisher":{"@id":"https:\/\/editionsbussiere.com\/blog\/#organization"},"potentialAction":[{"@type":"SearchAction","target":{"@type":"EntryPoint","urlTemplate":"https:\/\/editionsbussiere.com\/blog\/?s={search_term_string}"},"query-input":{"@type":"PropertyValueSpecification","valueRequired":true,"valueName":"search_term_string"}}],"inLanguage":"fr-FR"},{"@type":"Organization","@id":"https:\/\/editionsbussiere.com\/blog\/#organization","name":"editionsbussiere","url":"https:\/\/editionsbussiere.com\/blog\/","logo":{"@type":"ImageObject","inLanguage":"fr-FR","@id":"https:\/\/editionsbussiere.com\/blog\/#\/schema\/logo\/image\/","url":"https:\/\/editionsbussiere.com\/blog\/wp-content\/uploads\/2023\/09\/cropped-buss.gif","contentUrl":"https:\/\/editionsbussiere.com\/blog\/wp-content\/uploads\/2023\/09\/cropped-buss.gif","width":298,"height":120,"caption":"editionsbussiere"},"image":{"@id":"https:\/\/editionsbussiere.com\/blog\/#\/schema\/logo\/image\/"}},{"@type":"Person","@id":"https:\/\/editionsbussiere.com\/blog\/#\/schema\/person\/4a5a88a011c746b8f374d0810c79e536","name":"Jacques JOLIVET","image":{"@type":"ImageObject","inLanguage":"fr-FR","@id":"https:\/\/secure.gravatar.com\/avatar\/75a17b45476360ef3bfe45fcf0ffe89df5dc018eca14236e84b58f23a0570073?s=96&d=mm&r=g","url":"https:\/\/secure.gravatar.com\/avatar\/75a17b45476360ef3bfe45fcf0ffe89df5dc018eca14236e84b58f23a0570073?s=96&d=mm&r=g","contentUrl":"https:\/\/secure.gravatar.com\/avatar\/75a17b45476360ef3bfe45fcf0ffe89df5dc018eca14236e84b58f23a0570073?s=96&d=mm&r=g","caption":"Jacques JOLIVET"},"url":"https:\/\/editionsbussiere.com\/blog\/author\/erejacques\/"}]}},"_links":{"self":[{"href":"https:\/\/editionsbussiere.com\/blog\/wp-json\/wp\/v2\/posts\/1563","targetHints":{"allow":["GET"]}}],"collection":[{"href":"https:\/\/editionsbussiere.com\/blog\/wp-json\/wp\/v2\/posts"}],"about":[{"href":"https:\/\/editionsbussiere.com\/blog\/wp-json\/wp\/v2\/types\/post"}],"author":[{"embeddable":true,"href":"https:\/\/editionsbussiere.com\/blog\/wp-json\/wp\/v2\/users\/2"}],"replies":[{"embeddable":true,"href":"https:\/\/editionsbussiere.com\/blog\/wp-json\/wp\/v2\/comments?post=1563"}],"version-history":[{"count":0,"href":"https:\/\/editionsbussiere.com\/blog\/wp-json\/wp\/v2\/posts\/1563\/revisions"}],"wp:attachment":[{"href":"https:\/\/editionsbussiere.com\/blog\/wp-json\/wp\/v2\/media?parent=1563"}],"wp:term":[{"taxonomy":"category","embeddable":true,"href":"https:\/\/editionsbussiere.com\/blog\/wp-json\/wp\/v2\/categories?post=1563"},{"taxonomy":"post_tag","embeddable":true,"href":"https:\/\/editionsbussiere.com\/blog\/wp-json\/wp\/v2\/tags?post=1563"}],"curies":[{"name":"wp","href":"https:\/\/api.w.org\/{rel}","templated":true}]}}